{"id":974,"date":"2016-03-02T21:44:41","date_gmt":"2016-03-03T00:44:41","guid":{"rendered":"https:\/\/mundosemfim.com\/?p=974"},"modified":"2017-09-23T19:51:19","modified_gmt":"2017-09-23T22:51:19","slug":"quer-viajar-de-carona-e-tem-receios-tudo-o-que-voce-precisa-saber-sobre-este-estilo-unico-de-viajar","status":"publish","type":"post","link":"https:\/\/mundosemfim.com\/?p=974","title":{"rendered":"Quer viajar de carona e tem receios? Tudo o que voc\u00ea precisa saber sobre este estilo \u00fanico de viajar!"},"content":{"rendered":"<p>Muita gente tem nos perguntado sobre como \u00e9 viajar de carona em um pa\u00eds desconhecido. N\u00f3s conhecemos este estilo de viagem agora, e vamos compartilhar com voc\u00eas tudo o que aprendemos por essas estradas!<\/p>\n<p><!--more--><\/p>\n<p>Gostar\u00edamos de escrever este post mais para a frente, assim ter\u00edamos uma vis\u00e3o mais ampla sobre como \u00e9 viajar de carona por diferentes pa\u00edses, mas devido aos v\u00e1rios pedidos que recebemos de pessoas que est\u00e3o saindo de f\u00e9rias este ano e querem fazer o mesmo que n\u00f3s, decidimos adiantar um pouco a postagem. A medida que formos aprendendo mais, vamos atualizando as informa\u00e7\u00f5es!<\/p>\n<figure id=\"attachment_988\" aria-describedby=\"caption-attachment-988\" style=\"width: 1126px\" class=\"wp-caption alignnone\"><img data-recalc-dims=\"1\" loading=\"lazy\" decoding=\"async\" data-attachment-id=\"988\" data-permalink=\"https:\/\/mundosemfim.com\/?attachment_id=988\" data-orig-file=\"https:\/\/i0.wp.com\/mundosemfim.com\/wp-content\/uploads\/2016\/03\/pa220535.jpg?fit=1126%2C751&amp;ssl=1\" data-orig-size=\"1126,751\" data-comments-opened=\"1\" data-image-meta=\"{&quot;aperture&quot;:&quot;3.9&quot;,&quot;credit&quot;:&quot;&quot;,&quot;camera&quot;:&quot;TG-630&quot;,&quot;caption&quot;:&quot;OLYMPUS DIGITAL CAMERA&quot;,&quot;created_timestamp&quot;:&quot;1445536536&quot;,&quot;copyright&quot;:&quot;&quot;,&quot;focal_length&quot;:&quot;5&quot;,&quot;iso&quot;:&quot;400&quot;,&quot;shutter_speed&quot;:&quot;0.033333333333333&quot;,&quot;title&quot;:&quot;OLYMPUS DIGITAL CAMERA&quot;,&quot;orientation&quot;:&quot;1&quot;}\" data-image-title=\"OLYMPUS DIGITAL CAMERA\" data-image-description=\"\" data-image-caption=\"&lt;p&gt;Com Hern\u00e1n, caminhoneiro que nos deu carona de Ros\u00e1rio a R\u00edo Cuarto e futuramente se tornou um grande amigo!&lt;\/p&gt;\n\" data-large-file=\"https:\/\/i0.wp.com\/mundosemfim.com\/wp-content\/uploads\/2016\/03\/pa220535.jpg?fit=764%2C510&amp;ssl=1\" class=\"wp-image-988 size-full\" src=\"https:\/\/i0.wp.com\/mundosemfim.com\/wp-content\/uploads\/2016\/03\/pa220535.jpg?resize=764%2C510&#038;ssl=1\" alt=\"Nossa primeira carona, na Argentina\" width=\"764\" height=\"510\" srcset=\"https:\/\/i0.wp.com\/mundosemfim.com\/wp-content\/uploads\/2016\/03\/pa220535.jpg?w=1126&amp;ssl=1 1126w, https:\/\/i0.wp.com\/mundosemfim.com\/wp-content\/uploads\/2016\/03\/pa220535.jpg?resize=300%2C200&amp;ssl=1 300w, https:\/\/i0.wp.com\/mundosemfim.com\/wp-content\/uploads\/2016\/03\/pa220535.jpg?resize=768%2C512&amp;ssl=1 768w, https:\/\/i0.wp.com\/mundosemfim.com\/wp-content\/uploads\/2016\/03\/pa220535.jpg?resize=1024%2C683&amp;ssl=1 1024w\" sizes=\"auto, (max-width: 764px) 100vw, 764px\" \/><figcaption id=\"caption-attachment-988\" class=\"wp-caption-text\">Com Hern\u00e1n, caminhoneiro que nos deu carona de Ros\u00e1rio a R\u00edo Cuarto e futuramente se tornou um grande amigo!<\/figcaption><\/figure>\n<p>Pelos \u00faltimos 5 meses, viajamos mais de 5 mil quil\u00f4metros de carona em mais de 60 ve\u00edculos, pela <a href=\"https:\/\/mundosemfim.com\/nosso-mochilao-na-argentina-dicas-fotos-resumo-dos-gastos-etc\/\">Argentina<\/a> e pelo <a href=\"https:\/\/mundosemfim.com\/mochilao-pelo-chile-de-ponta-a-ponta-roteiro-gastos-dicas-fotos-etc\/\">Chile<\/a>. Este foi um estilo de viagem novo que aprendemos, e agora n\u00e3o trocamos mais!<\/p>\n<h3><b>Mas por que viajar de carona?<\/b><\/h3>\n<p>Al\u00e9m da raz\u00e3o \u00f3bvia da economia, exitem v\u00e1rios outros motivos para se viajar assim.<\/p>\n<ul>\n<li>Conhecer o pa\u00eds: ao entrar em um ve\u00edculo novo, voc\u00ea n\u00e3o vai lidar com uma pessoa ligada ao turismo, mas sim com um morador local, com costumes bem definidos daquele pa\u00eds. Ele vai saber te indicar lugares para visitar que n\u00e3o est\u00e3o no Lonely Planet, vai compartilhar um pouco do seu dia-a-dia e de sua cultura. Acredite, voc\u00ea tem muito o que aprender com essas pessoas!<\/li>\n<li>Fazer novos amigos: acredite, muitas das pessoas que nos deram carona viraram nossos amigos de verdade. Alguns at\u00e9 nos convidaram a ficar em suas casas (convites estes que sempre aceitamos!).<\/li>\n<\/ul>\n<div>\n<figure id=\"attachment_991\" aria-describedby=\"caption-attachment-991\" style=\"width: 1120px\" class=\"wp-caption alignnone\"><img data-recalc-dims=\"1\" loading=\"lazy\" decoding=\"async\" data-attachment-id=\"991\" data-permalink=\"https:\/\/mundosemfim.com\/?attachment_id=991\" data-orig-file=\"https:\/\/i0.wp.com\/mundosemfim.com\/wp-content\/uploads\/2016\/03\/p2070079.jpg?fit=1120%2C840&amp;ssl=1\" data-orig-size=\"1120,840\" data-comments-opened=\"1\" data-image-meta=\"{&quot;aperture&quot;:&quot;3.9&quot;,&quot;credit&quot;:&quot;&quot;,&quot;camera&quot;:&quot;TG-630&quot;,&quot;caption&quot;:&quot;OLYMPUS DIGITAL CAMERA&quot;,&quot;created_timestamp&quot;:&quot;1454811223&quot;,&quot;copyright&quot;:&quot;&quot;,&quot;focal_length&quot;:&quot;5&quot;,&quot;iso&quot;:&quot;1600&quot;,&quot;shutter_speed&quot;:&quot;0.125&quot;,&quot;title&quot;:&quot;OLYMPUS DIGITAL CAMERA&quot;,&quot;orientation&quot;:&quot;1&quot;}\" data-image-title=\"OLYMPUS DIGITAL CAMERA\" data-image-description=\"\" data-image-caption=\"&lt;p&gt;Al\u00e9m de nos darem carona, ainda nos convidaram para participar do mais t\u00edpico jantar argentino!&lt;br \/&gt;\nTierra del Fuego, Argentina.&lt;\/p&gt;\n\" data-large-file=\"https:\/\/i0.wp.com\/mundosemfim.com\/wp-content\/uploads\/2016\/03\/p2070079.jpg?fit=764%2C573&amp;ssl=1\" class=\"wp-image-991 size-full\" src=\"https:\/\/i0.wp.com\/mundosemfim.com\/wp-content\/uploads\/2016\/03\/p2070079.jpg?resize=764%2C573&#038;ssl=1\" alt=\"Camping em Tierra del Fuego, Argentina\" width=\"764\" height=\"573\" srcset=\"https:\/\/i0.wp.com\/mundosemfim.com\/wp-content\/uploads\/2016\/03\/p2070079.jpg?w=1120&amp;ssl=1 1120w, https:\/\/i0.wp.com\/mundosemfim.com\/wp-content\/uploads\/2016\/03\/p2070079.jpg?resize=300%2C225&amp;ssl=1 300w, https:\/\/i0.wp.com\/mundosemfim.com\/wp-content\/uploads\/2016\/03\/p2070079.jpg?resize=768%2C576&amp;ssl=1 768w, https:\/\/i0.wp.com\/mundosemfim.com\/wp-content\/uploads\/2016\/03\/p2070079.jpg?resize=1024%2C768&amp;ssl=1 1024w, https:\/\/i0.wp.com\/mundosemfim.com\/wp-content\/uploads\/2016\/03\/p2070079.jpg?resize=800%2C600&amp;ssl=1 800w\" sizes=\"auto, (max-width: 764px) 100vw, 764px\" \/><figcaption id=\"caption-attachment-991\" class=\"wp-caption-text\">Al\u00e9m de nos darem carona, ainda nos convidaram para participar do mais t\u00edpico jantar argentino! Tierra del Fuego, Argentina.<\/figcaption><\/figure>\n<\/div>\n<ul>\n<li>Flexibilidade: existem alguns lugares que os \u00f4nibus p\u00fablicos n\u00e3o chegam. Voc\u00ea s\u00f3 pode ir com seu ve\u00edculo particular ou se contratar alguma excurs\u00e3o (que nem sempre est\u00e1 dispon\u00edvel). Pedindo carona, se h\u00e1 uma estrada, voc\u00ea chega l\u00e1!<\/li>\n<li>Passar o tempo: viajar longas dist\u00e2ncias pode ser cansativo, principalmente se voc\u00ea estiver viajando sozinho. Pegar uma carona \u00e9 uma \u00f3tima maneira de ter uma companhia para conversar e encurtar um pouco o deslocamento. Isso \u00e9 bom para os dois lados!<\/li>\n<li>Tempo: voc\u00ea pode, sim, ganhar tempo viajando de carona. Quando precisamos descer a Carretera Austral, em alguns trechos s\u00f3 havia \u00f4nibus \u00e0s ter\u00e7as, quintas e s\u00e1bados. Quando precis\u00e1vamos viajar no domingo, n\u00e3o t\u00ednhamos nenhum problema: era s\u00f3 ir para a estrada e levantar o polegar.<\/li>\n<li>Liberdade: voc\u00ea n\u00e3o se sente preso aos hor\u00e1rios dos \u00f4nibus, e tamb\u00e9m n\u00e3o precisa se preocupar onde vai estacionar o seu polegar quando chegar em algum lugar.<\/li>\n<\/ul>\n<figure id=\"attachment_994\" aria-describedby=\"caption-attachment-994\" style=\"width: 1216px\" class=\"wp-caption alignnone\"><img data-recalc-dims=\"1\" loading=\"lazy\" decoding=\"async\" data-attachment-id=\"994\" data-permalink=\"https:\/\/mundosemfim.com\/?attachment_id=994\" data-orig-file=\"https:\/\/i0.wp.com\/mundosemfim.com\/wp-content\/uploads\/2016\/03\/p1010445.jpg?fit=1216%2C912&amp;ssl=1\" data-orig-size=\"1216,912\" data-comments-opened=\"1\" data-image-meta=\"{&quot;aperture&quot;:&quot;3.9&quot;,&quot;credit&quot;:&quot;&quot;,&quot;camera&quot;:&quot;TG-630&quot;,&quot;caption&quot;:&quot;OLYMPUS DIGITAL CAMERA&quot;,&quot;created_timestamp&quot;:&quot;1451656974&quot;,&quot;copyright&quot;:&quot;&quot;,&quot;focal_length&quot;:&quot;5&quot;,&quot;iso&quot;:&quot;100&quot;,&quot;shutter_speed&quot;:&quot;0.0025&quot;,&quot;title&quot;:&quot;OLYMPUS DIGITAL CAMERA&quot;,&quot;orientation&quot;:&quot;1&quot;}\" data-image-title=\"OLYMPUS DIGITAL CAMERA\" data-image-description=\"\" data-image-caption=\"&lt;p&gt;Na ca\u00e7amba junto com um cachorro, descemos parte da Carretera Austral chilena!&lt;\/p&gt;\n\" data-large-file=\"https:\/\/i0.wp.com\/mundosemfim.com\/wp-content\/uploads\/2016\/03\/p1010445.jpg?fit=764%2C573&amp;ssl=1\" class=\"wp-image-994 size-full\" src=\"https:\/\/i0.wp.com\/mundosemfim.com\/wp-content\/uploads\/2016\/03\/p1010445.jpg?resize=764%2C573&#038;ssl=1\" alt=\"Carona pela Carretera Austral, Chile\" width=\"764\" height=\"573\" srcset=\"https:\/\/i0.wp.com\/mundosemfim.com\/wp-content\/uploads\/2016\/03\/p1010445.jpg?w=1216&amp;ssl=1 1216w, https:\/\/i0.wp.com\/mundosemfim.com\/wp-content\/uploads\/2016\/03\/p1010445.jpg?resize=300%2C225&amp;ssl=1 300w, https:\/\/i0.wp.com\/mundosemfim.com\/wp-content\/uploads\/2016\/03\/p1010445.jpg?resize=768%2C576&amp;ssl=1 768w, https:\/\/i0.wp.com\/mundosemfim.com\/wp-content\/uploads\/2016\/03\/p1010445.jpg?resize=1024%2C768&amp;ssl=1 1024w, https:\/\/i0.wp.com\/mundosemfim.com\/wp-content\/uploads\/2016\/03\/p1010445.jpg?resize=800%2C600&amp;ssl=1 800w\" sizes=\"auto, (max-width: 764px) 100vw, 764px\" \/><figcaption id=\"caption-attachment-994\" class=\"wp-caption-text\">Na ca\u00e7amba junto com um cachorro, descemos parte da Carretera Austral chilena!<\/figcaption><\/figure>\n<p>E, claro, a economia: voc\u00ea nasceu com uma passagem gr\u00e1tis para qualquer lugar do planeta, basta saber us\u00e1-la!<\/p>\n<h3><b>Seguran\u00e7a<\/b><\/h3>\n<p>Essa \u00e9 a principal pergunta que nos fazem: &#8220;N\u00e3o \u00e9 perigoso viajar de carona?&#8221;.<\/p>\n<p>Tem seus perigos, como tudo na vida, mas nos arriscamos a dizer que \u00e9 um dos meios mais seguros de se viajar. Quase todos os dias escutamos hist\u00f3rias de turistas que foram roubados na rodovi\u00e1ria ou de \u00f4binus que foram assaltados na estrada, mas pouco se escuta sobre gente que tenha sido roubada pedindo carona.<\/p>\n<p>Pense bem: se algu\u00e9m quiser roubar um turista, por que iria at\u00e9 a estrada procurar mochileiros que est\u00e3o pedindo carona, sendo que estes geralmente t\u00eam pouco dinheiro? N\u00e3o \u00e9 mais f\u00e1cil procurar em pontos tur\u00edsticos?<\/p>\n<p>A \u00fanica coisa que recomendamos \u00e9 evitar pedir carona em cidades grandes, onde o come\u00e7o da estrada geralmente coincide com a periferia. A\u00ed sim voc\u00ea pode ser uma presa f\u00e1cil. Neste caso, o recomend\u00e1vel \u00e9 pegar um \u00f4nibus para a cidade pequena mais pr\u00f3xima, e de l\u00e1 come\u00e7ar a usar o polegar.<\/p>\n<h3><b>Mas algu\u00e9m ainda leva?<\/b><\/h3>\n<p>Sim.<\/p>\n<p>No come\u00e7o, s\u00f3 ped\u00edamos carona para caminh\u00f5es, porque nos disseram que somente caminhoneiros levavam. Com o tempo, vimos que n\u00e3o \u00e9 assim: qualquer ve\u00edculo est\u00e1 disposto a levar.<\/p>\n<figure id=\"attachment_997\" aria-describedby=\"caption-attachment-997\" style=\"width: 960px\" class=\"wp-caption alignnone\"><img data-recalc-dims=\"1\" loading=\"lazy\" decoding=\"async\" data-attachment-id=\"997\" data-permalink=\"https:\/\/mundosemfim.com\/?attachment_id=997\" data-orig-file=\"https:\/\/i0.wp.com\/mundosemfim.com\/wp-content\/uploads\/2016\/03\/pb130036.jpg?fit=960%2C720&amp;ssl=1\" data-orig-size=\"960,720\" data-comments-opened=\"1\" data-image-meta=\"{&quot;aperture&quot;:&quot;3.9&quot;,&quot;credit&quot;:&quot;&quot;,&quot;camera&quot;:&quot;TG-630&quot;,&quot;caption&quot;:&quot;OLYMPUS DIGITAL CAMERA&quot;,&quot;created_timestamp&quot;:&quot;1447432492&quot;,&quot;copyright&quot;:&quot;&quot;,&quot;focal_length&quot;:&quot;5&quot;,&quot;iso&quot;:&quot;100&quot;,&quot;shutter_speed&quot;:&quot;0.003125&quot;,&quot;title&quot;:&quot;OLYMPUS DIGITAL CAMERA&quot;,&quot;orientation&quot;:&quot;1&quot;}\" data-image-title=\"OLYMPUS DIGITAL CAMERA\" data-image-description=\"\" data-image-caption=\"&lt;p&gt;N\u00e3o existe idade para dar carona!&lt;\/p&gt;\n\" data-large-file=\"https:\/\/i0.wp.com\/mundosemfim.com\/wp-content\/uploads\/2016\/03\/pb130036.jpg?fit=764%2C573&amp;ssl=1\" class=\"wp-image-997 size-full\" src=\"https:\/\/i0.wp.com\/mundosemfim.com\/wp-content\/uploads\/2016\/03\/pb130036.jpg?resize=764%2C573&#038;ssl=1\" alt=\"Carona na Argentina\" width=\"764\" height=\"573\" srcset=\"https:\/\/i0.wp.com\/mundosemfim.com\/wp-content\/uploads\/2016\/03\/pb130036.jpg?w=960&amp;ssl=1 960w, https:\/\/i0.wp.com\/mundosemfim.com\/wp-content\/uploads\/2016\/03\/pb130036.jpg?resize=300%2C225&amp;ssl=1 300w, https:\/\/i0.wp.com\/mundosemfim.com\/wp-content\/uploads\/2016\/03\/pb130036.jpg?resize=768%2C576&amp;ssl=1 768w, https:\/\/i0.wp.com\/mundosemfim.com\/wp-content\/uploads\/2016\/03\/pb130036.jpg?resize=800%2C600&amp;ssl=1 800w\" sizes=\"auto, (max-width: 764px) 100vw, 764px\" \/><figcaption id=\"caption-attachment-997\" class=\"wp-caption-text\">N\u00e3o existe idade para dar carona!<\/figcaption><\/figure>\n<p>J\u00e1 conseguimos caronas com caminh\u00f5es, carros, vans, caminhonetes, carro dos correios, pol\u00edcia&#8230; e tamb\u00e9m escutamos hist\u00f3rias de quem j\u00e1 foi com trator, ambul\u00e2ncia, \u00f4nibus escolar, etc.<\/p>\n<p>Al\u00e9m disso, n\u00e3o h\u00e1 idade, sexo ou situa\u00e7\u00e3o financeira mais solid\u00e1ria: j\u00e1 pegamos carona com gente rica, gente pobre, homens, mulheres, jovens e velhos.<\/p>\n<p>Portanto, se est\u00e1 vindo um ve\u00edculo, n\u00e3o tenha medo de levantar o polegar.<\/p>\n<h3><b>Por que as pessoas param?<\/b><\/h3>\n<p>Muitas pessoas param por solidariedade, outras porque j\u00e1 viajaram assim ou tem filhos que viajam e outras (a maioria) porque simplesmente querem uma companhia para viajar. \u00c9 muito comum algu\u00e9m que est\u00e1 viajando sozinho por uma longa dist\u00e2ncia parar somente para ter algu\u00e9m com quem conversar. Isso evita que durmam no volante ou que a viagem seja muito cansativa.<\/p>\n<figure id=\"attachment_1000\" aria-describedby=\"caption-attachment-1000\" style=\"width: 1440px\" class=\"wp-caption alignnone\"><img data-recalc-dims=\"1\" loading=\"lazy\" decoding=\"async\" data-attachment-id=\"1000\" data-permalink=\"https:\/\/mundosemfim.com\/?attachment_id=1000\" data-orig-file=\"https:\/\/i0.wp.com\/mundosemfim.com\/wp-content\/uploads\/2016\/03\/perito-moreno-bajo-caracoles-2.jpg?fit=1440%2C960&amp;ssl=1\" data-orig-size=\"1440,960\" data-comments-opened=\"1\" data-image-meta=\"{&quot;aperture&quot;:&quot;7.1&quot;,&quot;credit&quot;:&quot;&quot;,&quot;camera&quot;:&quot;NIKON D5200&quot;,&quot;caption&quot;:&quot;&quot;,&quot;created_timestamp&quot;:&quot;1452082225&quot;,&quot;copyright&quot;:&quot;&quot;,&quot;focal_length&quot;:&quot;18&quot;,&quot;iso&quot;:&quot;640&quot;,&quot;shutter_speed&quot;:&quot;0.0125&quot;,&quot;title&quot;:&quot;&quot;,&quot;orientation&quot;:&quot;1&quot;}\" data-image-title=\"Perito Moreno &amp;#8211; Bajo Caracoles 2\" data-image-description=\"\" data-image-caption=\"&lt;p&gt;Estes vieram de van do Canad\u00e1. &lt;\/p&gt;\n\" data-large-file=\"https:\/\/i0.wp.com\/mundosemfim.com\/wp-content\/uploads\/2016\/03\/perito-moreno-bajo-caracoles-2.jpg?fit=764%2C510&amp;ssl=1\" class=\"wp-image-1000 size-full\" src=\"https:\/\/i0.wp.com\/mundosemfim.com\/wp-content\/uploads\/2016\/03\/perito-moreno-bajo-caracoles-2.jpg?resize=764%2C509&#038;ssl=1\" alt=\"Carona na Argentina\" width=\"764\" height=\"509\" srcset=\"https:\/\/i0.wp.com\/mundosemfim.com\/wp-content\/uploads\/2016\/03\/perito-moreno-bajo-caracoles-2.jpg?w=1440&amp;ssl=1 1440w, https:\/\/i0.wp.com\/mundosemfim.com\/wp-content\/uploads\/2016\/03\/perito-moreno-bajo-caracoles-2.jpg?resize=300%2C200&amp;ssl=1 300w, https:\/\/i0.wp.com\/mundosemfim.com\/wp-content\/uploads\/2016\/03\/perito-moreno-bajo-caracoles-2.jpg?resize=768%2C512&amp;ssl=1 768w, https:\/\/i0.wp.com\/mundosemfim.com\/wp-content\/uploads\/2016\/03\/perito-moreno-bajo-caracoles-2.jpg?resize=1024%2C683&amp;ssl=1 1024w\" sizes=\"auto, (max-width: 764px) 100vw, 764px\" \/><figcaption id=\"caption-attachment-1000\" class=\"wp-caption-text\">Estes vieram de van do Canad\u00e1.<\/figcaption><\/figure>\n<p>Por isso, quando ganhar uma carona, seja simp\u00e1tico com a pessoa. Aceitar uma carona e ir dormindo n\u00e3o \u00e9 legal!!<\/p>\n<h3><b>E como fazer para pedir carona?<\/b><\/h3>\n<p>Ainda usamos a velha t\u00e1tica de ir para a estrada e levantar o polegar, e funciona bem.<\/p>\n<p>Outra dica \u00e9 sorrir e fazer contato visual. N\u00e3o seja uma est\u00e1tua ao lado da estrada, e sim tente fazer contato com o motorista. Alguns ignoram, alguns inventam alguma desculpa, e alguns param.<\/p>\n<p>Se uma pessoa n\u00e3o te levar (seja l\u00e1 qual for o motivo), n\u00e3o v\u00e1 xingar ou jogar uma pedra no carro dela. Pelo contr\u00e1rio: sorria e acene um cumprimento. \u00c9 bem poss\u00edvel que voc\u00ea volte a cruzar com esta pessoa, e que, desta pr\u00f3xima vez, ela esteja disposta a te levar!<\/p>\n<p>Outra dica legal \u00e9 deixar as mochilas a vista, assim mostra que voc\u00eas s\u00e3o mochileiros. Muitas pessoas sonham em fazer uma viagem deste tipo mas tem medo ou n\u00e3o podem por outros motivos. Ao verem voc\u00ea ali, v\u00e3o querer fazer parte do seu sonho!<\/p>\n<figure id=\"attachment_1003\" aria-describedby=\"caption-attachment-1003\" style=\"width: 1280px\" class=\"wp-caption alignnone\"><img data-recalc-dims=\"1\" loading=\"lazy\" decoding=\"async\" data-attachment-id=\"1003\" data-permalink=\"https:\/\/mundosemfim.com\/?attachment_id=1003\" data-orig-file=\"https:\/\/i0.wp.com\/mundosemfim.com\/wp-content\/uploads\/2016\/03\/p2280087.jpg?fit=1280%2C960&amp;ssl=1\" data-orig-size=\"1280,960\" data-comments-opened=\"1\" data-image-meta=\"{&quot;aperture&quot;:&quot;11&quot;,&quot;credit&quot;:&quot;&quot;,&quot;camera&quot;:&quot;TG-630&quot;,&quot;caption&quot;:&quot;OLYMPUS DIGITAL CAMERA&quot;,&quot;created_timestamp&quot;:&quot;1456663168&quot;,&quot;copyright&quot;:&quot;&quot;,&quot;focal_length&quot;:&quot;5&quot;,&quot;iso&quot;:&quot;100&quot;,&quot;shutter_speed&quot;:&quot;0.00625&quot;,&quot;title&quot;:&quot;OLYMPUS DIGITAL CAMERA&quot;,&quot;orientation&quot;:&quot;1&quot;}\" data-image-title=\"OLYMPUS DIGITAL CAMERA\" data-image-description=\"\" data-image-caption=\"&lt;p&gt;Sim, o polegar levantado funciona!&lt;\/p&gt;\n\" data-large-file=\"https:\/\/i0.wp.com\/mundosemfim.com\/wp-content\/uploads\/2016\/03\/p2280087.jpg?fit=764%2C573&amp;ssl=1\" class=\"wp-image-1003 size-full\" src=\"https:\/\/i0.wp.com\/mundosemfim.com\/wp-content\/uploads\/2016\/03\/p2280087.jpg?resize=764%2C573&#038;ssl=1\" alt=\"Pedindo carona\" width=\"764\" height=\"573\" srcset=\"https:\/\/i0.wp.com\/mundosemfim.com\/wp-content\/uploads\/2016\/03\/p2280087.jpg?w=1280&amp;ssl=1 1280w, https:\/\/i0.wp.com\/mundosemfim.com\/wp-content\/uploads\/2016\/03\/p2280087.jpg?resize=300%2C225&amp;ssl=1 300w, https:\/\/i0.wp.com\/mundosemfim.com\/wp-content\/uploads\/2016\/03\/p2280087.jpg?resize=768%2C576&amp;ssl=1 768w, https:\/\/i0.wp.com\/mundosemfim.com\/wp-content\/uploads\/2016\/03\/p2280087.jpg?resize=1024%2C768&amp;ssl=1 1024w, https:\/\/i0.wp.com\/mundosemfim.com\/wp-content\/uploads\/2016\/03\/p2280087.jpg?resize=800%2C600&amp;ssl=1 800w\" sizes=\"auto, (max-width: 764px) 100vw, 764px\" \/><figcaption id=\"caption-attachment-1003\" class=\"wp-caption-text\">Sim, o polegar levantado funciona!<\/figcaption><\/figure>\n<p>Se tiver muitas mochilas ou tranqueiras, deixe tudo organizado. Se deixar bagun\u00e7ado, vai parecer que tem mais coisas do que realmente tem, e as pessoas podem n\u00e3o parar achando que n\u00e3o vai caber tudo no carro.<\/p>\n<p>Tamb\u00e9m procure estar bem arrumado, dentro do poss\u00edvel. As pessoas devem te ver como um aventureiro, e n\u00e3o como algu\u00e9m sem 1 tost\u00e3o no bolso.<\/p>\n<h3><b>Devo fazer um cartaz com o destino?<\/b><\/h3>\n<p>N\u00f3s n\u00e3o costumamos usar. Isso pode ser bom porque voc\u00ea vai meio que garantir que quem parar vai para onde voc\u00ea quer, mas pode perder uma carona at\u00e9 uma pr\u00f3xima cidade no meio do caminho.<\/p>\n<p>Por exemplo, vamos supor que voc\u00ea est\u00e1 em A e quer ir at\u00e9 C, mas no meio do caminho h\u00e1 uma cidade B. Se voc\u00ea conseguir chegar em B, vai aumentar as suas chances de chegar em C, pois vai adicionar ao seu conjunto de poss\u00edveis caronas os ve\u00edculos que se deslocam de B a C.<\/p>\n<figure id=\"attachment_986\" aria-describedby=\"caption-attachment-986\" style=\"width: 1089px\" class=\"wp-caption alignnone\"><img data-recalc-dims=\"1\" loading=\"lazy\" decoding=\"async\" data-attachment-id=\"986\" data-permalink=\"https:\/\/mundosemfim.com\/?attachment_id=986\" data-orig-file=\"https:\/\/i0.wp.com\/mundosemfim.com\/wp-content\/uploads\/2016\/03\/p1170678.jpg?fit=1089%2C776&amp;ssl=1\" data-orig-size=\"1089,776\" data-comments-opened=\"1\" data-image-meta=\"{&quot;aperture&quot;:&quot;11&quot;,&quot;credit&quot;:&quot;&quot;,&quot;camera&quot;:&quot;TG-630&quot;,&quot;caption&quot;:&quot;OLYMPUS DIGITAL CAMERA&quot;,&quot;created_timestamp&quot;:&quot;1453029993&quot;,&quot;copyright&quot;:&quot;&quot;,&quot;focal_length&quot;:&quot;5.4&quot;,&quot;iso&quot;:&quot;100&quot;,&quot;shutter_speed&quot;:&quot;0.005&quot;,&quot;title&quot;:&quot;OLYMPUS DIGITAL CAMERA&quot;,&quot;orientation&quot;:&quot;1&quot;}\" data-image-title=\"OLYMPUS DIGITAL CAMERA\" data-image-description=\"\" data-image-caption=\"&lt;p&gt;Mucuvinha pedindo carona para El Calafate&lt;\/p&gt;\n\" data-large-file=\"https:\/\/i0.wp.com\/mundosemfim.com\/wp-content\/uploads\/2016\/03\/p1170678.jpg?fit=764%2C545&amp;ssl=1\" class=\"wp-image-986 size-full\" src=\"https:\/\/i0.wp.com\/mundosemfim.com\/wp-content\/uploads\/2016\/03\/p1170678.jpg?resize=764%2C544&#038;ssl=1\" alt=\"Mucuvinha pedindo carona para El Calafate\" width=\"764\" height=\"544\" srcset=\"https:\/\/i0.wp.com\/mundosemfim.com\/wp-content\/uploads\/2016\/03\/p1170678.jpg?w=1089&amp;ssl=1 1089w, https:\/\/i0.wp.com\/mundosemfim.com\/wp-content\/uploads\/2016\/03\/p1170678.jpg?resize=300%2C214&amp;ssl=1 300w, https:\/\/i0.wp.com\/mundosemfim.com\/wp-content\/uploads\/2016\/03\/p1170678.jpg?resize=768%2C547&amp;ssl=1 768w, https:\/\/i0.wp.com\/mundosemfim.com\/wp-content\/uploads\/2016\/03\/p1170678.jpg?resize=1024%2C730&amp;ssl=1 1024w\" sizes=\"auto, (max-width: 764px) 100vw, 764px\" \/><figcaption id=\"caption-attachment-986\" class=\"wp-caption-text\">Mucuvinha pedindo carona para El Calafate<\/figcaption><\/figure>\n<p>O cartaz pode ser legal se voc\u00ea estiver indo para um aeroporto fora da cidade, por exemplo. Se ficar na estrada sem cartaz, as pessoas que v\u00e3o para o aeroporto n\u00e3o v\u00e3o parar porque v\u00e3o pensar que voc\u00ea quer ir para a cidade seguinte. Com o cartaz, voc\u00ea resolve este problema.<\/p>\n<h3><b>E onde pedir carona?<\/b><\/h3>\n<p>De prefer\u00eancia fora da cidade, onde come\u00e7a a estrada, e em algum lugar que os ve\u00edculos passem devagar. Pode ser depois de uma curva, na sa\u00edda de uma rotat\u00f3ria, depois de um cruzamento ou logo depois da pol\u00edcia rodovi\u00e1ria. \u00c9 bem pouco prov\u00e1vel que um ve\u00edculo que vem em uma reta a 100km\/h v\u00e1 parar.<\/p>\n<p>Outra coisa importante \u00e9 que o lugar onde voc\u00ea est\u00e1 tenha espa\u00e7o suficiente para um ve\u00edculo parar (de prefer\u00eancia que caiba um caminh\u00e3o). Tamb\u00e9m \u00e9 importante que a pessoa te veja de uma dist\u00e2ncia relativamente longa. Assim, eles v\u00e3o ter tempo de pensar se v\u00e3o parar ou n\u00e3o. Ningu\u00e9m para por impulso.<\/p>\n<h3><b>Posso pedir carona na pol\u00edcia rodovi\u00e1ria?<\/b><\/h3>\n<p>Sim, e deve. Este \u00e9, sem d\u00favidas, o melhor lugar para conseguir carona. Al\u00e9m dos ve\u00edculos passarem por l\u00e1 devagar, estar perto da pol\u00edcia diminui a desconfian\u00e7a do motorista.<\/p>\n<p>Lembre-se de pedir autoriza\u00e7\u00e3o para a pol\u00edcia antes de pedir carona. Na <a href=\"https:\/\/mundosemfim.com\/nosso-mochilao-na-argentina-dicas-fotos-resumo-dos-gastos-etc\/\">Argentina<\/a>, \u00e9 comum eles pedirem para conferir seus documentos (para seguran\u00e7a tanto sua quanto do motorista). Em alguns lugares, a pol\u00edcia at\u00e9 te ajuda a conseguir a carona.<\/p>\n<h3><b>Me ofereceram para levar uns 10km para frente. Devo aceitar?<\/b><\/h3>\n<p>Depende. \u00c9 muito comum algu\u00e9m se oferecer para te levar at\u00e9 a pol\u00edcia rodovi\u00e1ria ou at\u00e9 uma rotat\u00f3ria na sa\u00edda da cidade. Neste caso, vale a pena aceitar.<\/p>\n<figure id=\"attachment_1010\" aria-describedby=\"caption-attachment-1010\" style=\"width: 1799px\" class=\"wp-caption alignnone\"><img data-recalc-dims=\"1\" loading=\"lazy\" decoding=\"async\" data-attachment-id=\"1010\" data-permalink=\"https:\/\/mundosemfim.com\/?attachment_id=1010\" data-orig-file=\"https:\/\/i0.wp.com\/mundosemfim.com\/wp-content\/uploads\/2016\/03\/dsc_0614.jpg?fit=1799%2C1200&amp;ssl=1\" data-orig-size=\"1799,1200\" data-comments-opened=\"1\" data-image-meta=\"{&quot;aperture&quot;:&quot;11&quot;,&quot;credit&quot;:&quot;&quot;,&quot;camera&quot;:&quot;NIKON D5200&quot;,&quot;caption&quot;:&quot;&quot;,&quot;created_timestamp&quot;:&quot;1451844866&quot;,&quot;copyright&quot;:&quot;&quot;,&quot;focal_length&quot;:&quot;18&quot;,&quot;iso&quot;:&quot;160&quot;,&quot;shutter_speed&quot;:&quot;0.008&quot;,&quot;title&quot;:&quot;&quot;,&quot;orientation&quot;:&quot;1&quot;}\" data-image-title=\"DSC_0614\" data-image-description=\"\" data-image-caption=\"&lt;p&gt;As ca\u00e7ambas oferecem as melhores vistas poss\u00edveis!&lt;\/p&gt;\n\" data-large-file=\"https:\/\/i0.wp.com\/mundosemfim.com\/wp-content\/uploads\/2016\/03\/dsc_0614.jpg?fit=764%2C510&amp;ssl=1\" class=\"wp-image-1010 size-full\" src=\"https:\/\/i0.wp.com\/mundosemfim.com\/wp-content\/uploads\/2016\/03\/dsc_0614.jpg?resize=764%2C510&#038;ssl=1\" alt=\"Carona na ca\u00e7amba\" width=\"764\" height=\"510\" srcset=\"https:\/\/i0.wp.com\/mundosemfim.com\/wp-content\/uploads\/2016\/03\/dsc_0614.jpg?w=1799&amp;ssl=1 1799w, https:\/\/i0.wp.com\/mundosemfim.com\/wp-content\/uploads\/2016\/03\/dsc_0614.jpg?resize=300%2C200&amp;ssl=1 300w, https:\/\/i0.wp.com\/mundosemfim.com\/wp-content\/uploads\/2016\/03\/dsc_0614.jpg?resize=768%2C512&amp;ssl=1 768w, https:\/\/i0.wp.com\/mundosemfim.com\/wp-content\/uploads\/2016\/03\/dsc_0614.jpg?resize=1024%2C683&amp;ssl=1 1024w, https:\/\/i0.wp.com\/mundosemfim.com\/wp-content\/uploads\/2016\/03\/dsc_0614.jpg?w=1528&amp;ssl=1 1528w\" sizes=\"auto, (max-width: 764px) 100vw, 764px\" \/><figcaption id=\"caption-attachment-1010\" class=\"wp-caption-text\">As ca\u00e7ambas oferecem as melhores vistas poss\u00edveis!<\/figcaption><\/figure>\n<p>Se voc\u00ea j\u00e1 estiver em um lugar bom e a pessoa se oferecer para te levar uns 10km para a frente, n\u00e3o adianta muito. Apesar de voc\u00ea estar mais pr\u00f3ximo do seu destino, os ve\u00edculos que poder\u00e3o te levar a partir da\u00ed s\u00e3o os mesmos que passar\u00e3o onde voc\u00ea estava antes, por\u00e9m provavelmente com uma velocidade bem maior.<\/p>\n<h3><b>Quanto tempo demora para conseguir uma carona?<\/b><\/h3>\n<p>Isso depende. Na maioria das vezes conseguimos carona em menos de 1h. Muitas vezes, n\u00e3o foi preciso esperar nem 5 minutos e j\u00e1 parou um carro.<\/p>\n<figure id=\"attachment_1013\" aria-describedby=\"caption-attachment-1013\" style=\"width: 1709px\" class=\"wp-caption alignnone\"><img data-recalc-dims=\"1\" loading=\"lazy\" decoding=\"async\" data-attachment-id=\"1013\" data-permalink=\"https:\/\/mundosemfim.com\/?attachment_id=1013\" data-orig-file=\"https:\/\/i0.wp.com\/mundosemfim.com\/wp-content\/uploads\/2016\/03\/dsc_0488.jpg?fit=1709%2C1140&amp;ssl=1\" data-orig-size=\"1709,1140\" data-comments-opened=\"1\" data-image-meta=\"{&quot;aperture&quot;:&quot;14&quot;,&quot;credit&quot;:&quot;&quot;,&quot;camera&quot;:&quot;NIKON D5200&quot;,&quot;caption&quot;:&quot;&quot;,&quot;created_timestamp&quot;:&quot;1451669262&quot;,&quot;copyright&quot;:&quot;&quot;,&quot;focal_length&quot;:&quot;18&quot;,&quot;iso&quot;:&quot;125&quot;,&quot;shutter_speed&quot;:&quot;0.016666666666667&quot;,&quot;title&quot;:&quot;&quot;,&quot;orientation&quot;:&quot;1&quot;}\" data-image-title=\"DSC_0488\" data-image-description=\"\" data-image-caption=\"&lt;p&gt;N\u00e3o importa se \u00e9 asfalto ou terra: se h\u00e1 uma estrada, algu\u00e9m vai te levar.&lt;\/p&gt;\n\" data-large-file=\"https:\/\/i0.wp.com\/mundosemfim.com\/wp-content\/uploads\/2016\/03\/dsc_0488.jpg?fit=764%2C510&amp;ssl=1\" class=\"wp-image-1013 size-full\" src=\"https:\/\/i0.wp.com\/mundosemfim.com\/wp-content\/uploads\/2016\/03\/dsc_0488.jpg?resize=764%2C510&#038;ssl=1\" alt=\"Carona pela carretera austral, Chile\" width=\"764\" height=\"510\" srcset=\"https:\/\/i0.wp.com\/mundosemfim.com\/wp-content\/uploads\/2016\/03\/dsc_0488.jpg?w=1709&amp;ssl=1 1709w, https:\/\/i0.wp.com\/mundosemfim.com\/wp-content\/uploads\/2016\/03\/dsc_0488.jpg?resize=300%2C200&amp;ssl=1 300w, https:\/\/i0.wp.com\/mundosemfim.com\/wp-content\/uploads\/2016\/03\/dsc_0488.jpg?resize=768%2C512&amp;ssl=1 768w, https:\/\/i0.wp.com\/mundosemfim.com\/wp-content\/uploads\/2016\/03\/dsc_0488.jpg?resize=1024%2C683&amp;ssl=1 1024w, https:\/\/i0.wp.com\/mundosemfim.com\/wp-content\/uploads\/2016\/03\/dsc_0488.jpg?w=1528&amp;ssl=1 1528w\" sizes=\"auto, (max-width: 764px) 100vw, 764px\" \/><figcaption id=\"caption-attachment-1013\" class=\"wp-caption-text\">N\u00e3o importa se \u00e9 asfalto ou terra: se h\u00e1 uma estrada, algu\u00e9m vai te levar.<\/figcaption><\/figure>\n<p>Em outros lugares, por\u00e9m, j\u00e1 precisamos esperar mais de 5h por uma carona. Uma vez, para descer de Governador Gregores para <a href=\"https:\/\/mundosemfim.com\/el-chalten-e-o-fitz-roy-o-paraiso-de-quem-gosta-de-trilhas\/\">El Chalt\u00e9n<\/a> (<a href=\"https:\/\/mundosemfim.com\/nosso-mochilao-na-argentina-dicas-fotos-resumo-dos-gastos-etc\/\">Argentina<\/a>), esperamos um dia inteiro e nada. No dia seguinte, voltamos para a estrada e conseguimos carona em menos de 20 minutos.<\/p>\n<h3><b>\u00c9 poss\u00edvel cruzar fronteiras de carona?<\/b><\/h3>\n<p>Sim. Esse era um dos mitos que escut\u00e1vamos: ningu\u00e9m leva at\u00e9 a fronteira.<\/p>\n<p>Mas n\u00f3s j\u00e1 cruzamos 4 vezes a fronteira <a href=\"https:\/\/mundosemfim.com\/nosso-mochilao-na-argentina-dicas-fotos-resumo-dos-gastos-etc\/\">Argentina<\/a> x <a href=\"https:\/\/mundosemfim.com\/mochilao-pelo-chile-de-ponta-a-ponta-roteiro-gastos-dicas-fotos-etc\/\">Chile<\/a> de carona. Realmente \u00e9 um pouco mais dif\u00edcil do que o normal, j\u00e1 que muitos motoristas tem medo de te levar e voc\u00ea estar ilegal ou portando drogas, por exemplo, mas tem gente que leva. Neste caso, eles v\u00e3o te levar at\u00e9 a fronteira, l\u00e1 voc\u00ea desce com as tuas mochilas e atravessa caminhando. Do outro lado, voc\u00eas se encontram novamente.<\/p>\n<p>Nestas situa\u00e7\u00f5es, uma boa dica \u00e9 pedir para ir at\u00e9 a fronteira (aqui um cartaz escrito &#8220;fronteira&#8221; pode ajudar) ou at\u00e9 a cidade mais pr\u00f3xima da fronteira. No caminho, pode ir ganhando a confian\u00e7a do motorista para que ele te leve al\u00e9m.<\/p>\n<figure id=\"attachment_1016\" aria-describedby=\"caption-attachment-1016\" style=\"width: 960px\" class=\"wp-caption alignnone\"><img data-recalc-dims=\"1\" loading=\"lazy\" decoding=\"async\" data-attachment-id=\"1016\" data-permalink=\"https:\/\/mundosemfim.com\/?attachment_id=1016\" data-orig-file=\"https:\/\/i0.wp.com\/mundosemfim.com\/wp-content\/uploads\/2016\/03\/casal1.jpg?fit=960%2C720&amp;ssl=1\" data-orig-size=\"960,720\" data-comments-opened=\"1\" data-image-meta=\"{&quot;aperture&quot;:&quot;0&quot;,&quot;credit&quot;:&quot;&quot;,&quot;camera&quot;:&quot;&quot;,&quot;caption&quot;:&quot;&quot;,&quot;created_timestamp&quot;:&quot;0&quot;,&quot;copyright&quot;:&quot;&quot;,&quot;focal_length&quot;:&quot;0&quot;,&quot;iso&quot;:&quot;0&quot;,&quot;shutter_speed&quot;:&quot;0&quot;,&quot;title&quot;:&quot;&quot;,&quot;orientation&quot;:&quot;0&quot;}\" data-image-title=\"casal1\" data-image-description=\"\" data-image-caption=\"&lt;p&gt;Nossa primeira carona: dos Esteros del Iber\u00e1 at\u00e9 Paso de los Libres, Argentina&lt;\/p&gt;\n\" data-large-file=\"https:\/\/i0.wp.com\/mundosemfim.com\/wp-content\/uploads\/2016\/03\/casal1.jpg?fit=764%2C573&amp;ssl=1\" class=\"wp-image-1016 size-full\" src=\"https:\/\/i0.wp.com\/mundosemfim.com\/wp-content\/uploads\/2016\/03\/casal1.jpg?resize=764%2C573&#038;ssl=1\" alt=\"Carona que conseguimos com um pessoal que conhecemos em um passeio\" width=\"764\" height=\"573\" srcset=\"https:\/\/i0.wp.com\/mundosemfim.com\/wp-content\/uploads\/2016\/03\/casal1.jpg?w=960&amp;ssl=1 960w, https:\/\/i0.wp.com\/mundosemfim.com\/wp-content\/uploads\/2016\/03\/casal1.jpg?resize=300%2C225&amp;ssl=1 300w, https:\/\/i0.wp.com\/mundosemfim.com\/wp-content\/uploads\/2016\/03\/casal1.jpg?resize=768%2C576&amp;ssl=1 768w, https:\/\/i0.wp.com\/mundosemfim.com\/wp-content\/uploads\/2016\/03\/casal1.jpg?resize=800%2C600&amp;ssl=1 800w\" sizes=\"auto, (max-width: 764px) 100vw, 764px\" \/><figcaption id=\"caption-attachment-1016\" class=\"wp-caption-text\">Nossa primeira carona: dos Esteros del Iber\u00e1 at\u00e9 Paso de los Libres, Argentina<\/figcaption><\/figure>\n<h3><b>Qual o melhor hor\u00e1rio para pedir carona?<\/b><\/h3>\n<p>Os melhores hor\u00e1rios s\u00e3o pela manh\u00e3 (das 9h ao meio-dia) e pela tarde (a partir das 15h). Se tiver pressa ou for para um lugar muito distante, o ideal \u00e9 sair o mais cedo poss\u00edvel.<\/p>\n<h3><b>Preciso ajudar com a gasolina?<\/b><\/h3>\n<p>N\u00e3o. Nenhuma das pessoas que parou para nos dar carona fez isso com o intuito de cobrar alguma coisa. Pelo contr\u00e1rio: muitas nos presentearam com comida ou fizeram quest\u00e3o de pagar nosso almo\u00e7o.<\/p>\n<h3><b>E se ficar tarde e eu tiver na estrada?<\/b><\/h3>\n<p>Isso pode acontecer. Quando for pedir carona, lembre-se de levar uma garrafa grande de \u00e1gua e comida. Se come\u00e7ar a ficar tarde, voc\u00ea pode voltar para a cidade ou acampar por ali mesmo, caso tenha barraca. N\u00f3s j\u00e1 acampamos 4 vezes na beira da estrada.<\/p>\n<figure id=\"attachment_1023\" aria-describedby=\"caption-attachment-1023\" style=\"width: 1184px\" class=\"wp-caption alignnone\"><img data-recalc-dims=\"1\" loading=\"lazy\" decoding=\"async\" data-attachment-id=\"1023\" data-permalink=\"https:\/\/mundosemfim.com\/?attachment_id=1023\" data-orig-file=\"https:\/\/i0.wp.com\/mundosemfim.com\/wp-content\/uploads\/2016\/03\/p2050037.jpg?fit=1184%2C888&amp;ssl=1\" data-orig-size=\"1184,888\" data-comments-opened=\"1\" data-image-meta=\"{&quot;aperture&quot;:&quot;3.9&quot;,&quot;credit&quot;:&quot;&quot;,&quot;camera&quot;:&quot;TG-630&quot;,&quot;caption&quot;:&quot;OLYMPUS DIGITAL CAMERA&quot;,&quot;created_timestamp&quot;:&quot;1454703530&quot;,&quot;copyright&quot;:&quot;&quot;,&quot;focal_length&quot;:&quot;5&quot;,&quot;iso&quot;:&quot;100&quot;,&quot;shutter_speed&quot;:&quot;0.002&quot;,&quot;title&quot;:&quot;OLYMPUS DIGITAL CAMERA&quot;,&quot;orientation&quot;:&quot;1&quot;}\" data-image-title=\"OLYMPUS DIGITAL CAMERA\" data-image-description=\"\" data-image-caption=\"&lt;p&gt;Se aceitar uma carona para algum ponto no meio da estrada, prepare-se para a possibilidade de passar a noite por l\u00e1!&lt;\/p&gt;\n\" data-large-file=\"https:\/\/i0.wp.com\/mundosemfim.com\/wp-content\/uploads\/2016\/03\/p2050037.jpg?fit=764%2C573&amp;ssl=1\" class=\"wp-image-1023 size-full\" src=\"https:\/\/i0.wp.com\/mundosemfim.com\/wp-content\/uploads\/2016\/03\/p2050037.jpg?resize=764%2C573&#038;ssl=1\" alt=\"Acampando na Tierra del Fuego, Chile\" width=\"764\" height=\"573\" srcset=\"https:\/\/i0.wp.com\/mundosemfim.com\/wp-content\/uploads\/2016\/03\/p2050037.jpg?w=1184&amp;ssl=1 1184w, https:\/\/i0.wp.com\/mundosemfim.com\/wp-content\/uploads\/2016\/03\/p2050037.jpg?resize=300%2C225&amp;ssl=1 300w, https:\/\/i0.wp.com\/mundosemfim.com\/wp-content\/uploads\/2016\/03\/p2050037.jpg?resize=768%2C576&amp;ssl=1 768w, https:\/\/i0.wp.com\/mundosemfim.com\/wp-content\/uploads\/2016\/03\/p2050037.jpg?resize=1024%2C768&amp;ssl=1 1024w, https:\/\/i0.wp.com\/mundosemfim.com\/wp-content\/uploads\/2016\/03\/p2050037.jpg?resize=800%2C600&amp;ssl=1 800w\" sizes=\"auto, (max-width: 764px) 100vw, 764px\" \/><figcaption id=\"caption-attachment-1023\" class=\"wp-caption-text\">Se aceitar uma carona para algum ponto no meio da estrada, prepare-se para a possibilidade de passar a noite por l\u00e1!<\/figcaption><\/figure>\n<p>Outra dica importante \u00e9: se for aceitar uma carona para um cruzamento no meio da estrada, certifique-se de que ali perto h\u00e1 um posto de gasolina, uma fazenda ou algum rio com \u00e1gua pot\u00e1vel. Voc\u00ea pode sobreviver alguns dias sem comer nada, mas sem \u00e1gua n\u00e3o d\u00e1.<\/p>\n<h3><b>Legal. Mas voc\u00eas s\u00e3o um casal, e eu sou um homem sozinho. Ningu\u00e9m vai me levar.<\/b><\/h3>\n<p>Bobagem. Sempre que se fala em carona, os homens dizem: &#8220;se eu fosse mulher, s\u00f3 viajaria assim, porque s\u00f3 levam as mulheres&#8221;. Em contrapartida, o coment\u00e1rio das mulheres \u00e9: &#8220;se eu fosse homem, viajaria de carona, porque para mulher sozinha \u00e9 muito perigoso&#8221;.\u00a0Existem v\u00e1rias combina\u00e7\u00f5es que pedem carona, e cada uma tem suas vantagens e desvantagens:<\/p>\n<ul>\n<li>Mulher sozinha: pode parecer o melhor dos cen\u00e1rios, pois n\u00e3o apresenta perigo e ainda pode\u00a0parecer mais\u00a0agrad\u00e1vel a homens solteiros que viajam (o que pode vir a ser um inconveniente, mas dificilmente o cara vai passar dos limites), mas apresentam uma grande desvantagem: um casal com a mulher ciumenta pode se recusar a lev\u00e1-la, ou um homem casado viajando sozinho pode ficar com medo de que algu\u00e9m o veja com outra mulher no carro e espalhe algum boato&#8230;<br \/>\nEm pa\u00edses ou zonas muito machistas, talvez seja melhor uma viajante solit\u00e1ria se juntar a algum amigo para pedir carona, ou entrar somente em ve\u00edculos que tenham outras mulheres.<\/li>\n<li>Casal: depois da mulher sozinha, \u00e9 a combina\u00e7\u00e3o que aparenta menos perigo. N\u00e3o vai ter problemas com casais ou homens casados viajando sozinho, mas tem a desvantagem ser duas pessoas (e provavelmente carregar o dobro de bagagens), assim n\u00e3o v\u00e3o caber em qualquer ve\u00edculo.<\/li>\n<li>Homem sozinho: algumas pessoas v\u00e3o ficar com medo de levar, mas n\u00e3o ter\u00e3o problemas com homens casados e podem viajar em ve\u00edculos parcialmente cheios.<\/li>\n<li>Duas mulheres: apresentam as mesmas vantagens e desvantagens da mulher sozinha, com a desvantagem de serem duas pessoas e ocuparem mais espa\u00e7o. A vantagem \u00e9 que as mulheres\u00a0se sentem\u00a0mais seguras viajando desta forma.<\/li>\n<li>Dois homens: provavelmente a pior combina\u00e7\u00e3o de todas, mas nem por isso \u00e9 imposs\u00edvel viajar assim. Conhecemos v\u00e1rios amigos que viajam juntos de carona por a\u00ed. Se ficar muito complicado em algum lugar, o ideal \u00e9 que se separem e marquem um ponto de encontro mais para a frente.<\/li>\n<\/ul>\n<h3><b>Tenho dias de f\u00e9rias contados. Vale a pena viajar de carona?<\/b><\/h3>\n<p>A\u00ed realmente \u00e9 mais complicado. Em geral, conseguimos carona r\u00e1pido, e os ve\u00edculos se deslocam mais r\u00e1pidos que os \u00f4nibus, mas isso n\u00e3o \u00e9 uma regra. Al\u00e9m disso, \u00e9 dif\u00edcil planejar o dia, pois n\u00e3o sabemos a que horas vamos chegar ao destino e nem a que horas vamos sair.<\/p>\n<figure id=\"attachment_1019\" aria-describedby=\"caption-attachment-1019\" style=\"width: 1184px\" class=\"wp-caption alignnone\"><img data-recalc-dims=\"1\" loading=\"lazy\" decoding=\"async\" data-attachment-id=\"1019\" data-permalink=\"https:\/\/mundosemfim.com\/?attachment_id=1019\" data-orig-file=\"https:\/\/i0.wp.com\/mundosemfim.com\/wp-content\/uploads\/2016\/03\/p2280089.jpg?fit=1184%2C888&amp;ssl=1\" data-orig-size=\"1184,888\" data-comments-opened=\"1\" data-image-meta=\"{&quot;aperture&quot;:&quot;3.9&quot;,&quot;credit&quot;:&quot;&quot;,&quot;camera&quot;:&quot;TG-630&quot;,&quot;caption&quot;:&quot;OLYMPUS DIGITAL CAMERA&quot;,&quot;created_timestamp&quot;:&quot;1456678883&quot;,&quot;copyright&quot;:&quot;&quot;,&quot;focal_length&quot;:&quot;5&quot;,&quot;iso&quot;:&quot;100&quot;,&quot;shutter_speed&quot;:&quot;0.0015625&quot;,&quot;title&quot;:&quot;OLYMPUS DIGITAL CAMERA&quot;,&quot;orientation&quot;:&quot;1&quot;}\" data-image-title=\"OLYMPUS DIGITAL CAMERA\" data-image-description=\"\" data-image-caption=\"&lt;p&gt;Esque\u00e7a o penteado!&lt;\/p&gt;\n\" data-large-file=\"https:\/\/i0.wp.com\/mundosemfim.com\/wp-content\/uploads\/2016\/03\/p2280089.jpg?fit=764%2C573&amp;ssl=1\" class=\"wp-image-1019 size-full\" src=\"https:\/\/i0.wp.com\/mundosemfim.com\/wp-content\/uploads\/2016\/03\/p2280089.jpg?resize=764%2C573&#038;ssl=1\" alt=\"Carona na ca\u00e7amba\" width=\"764\" height=\"573\" srcset=\"https:\/\/i0.wp.com\/mundosemfim.com\/wp-content\/uploads\/2016\/03\/p2280089.jpg?w=1184&amp;ssl=1 1184w, https:\/\/i0.wp.com\/mundosemfim.com\/wp-content\/uploads\/2016\/03\/p2280089.jpg?resize=300%2C225&amp;ssl=1 300w, https:\/\/i0.wp.com\/mundosemfim.com\/wp-content\/uploads\/2016\/03\/p2280089.jpg?resize=768%2C576&amp;ssl=1 768w, https:\/\/i0.wp.com\/mundosemfim.com\/wp-content\/uploads\/2016\/03\/p2280089.jpg?resize=1024%2C768&amp;ssl=1 1024w, https:\/\/i0.wp.com\/mundosemfim.com\/wp-content\/uploads\/2016\/03\/p2280089.jpg?resize=800%2C600&amp;ssl=1 800w\" sizes=\"auto, (max-width: 764px) 100vw, 764px\" \/><figcaption id=\"caption-attachment-1019\" class=\"wp-caption-text\">Esque\u00e7a o penteado!<\/figcaption><\/figure>\n<p>Viajar de \u00f4nibus tamb\u00e9m tem a grande vantagem de que voc\u00ea pode viajar a noite, assim economiza um dia de hospedagem e aproveita melhor o dia, coisa que com a carona j\u00e1 \u00e9 mais complicado&#8230;<\/p>\n<p>Se quiser mais dicas de caronas, com detalhes e dicas de cada pa\u00eds, d\u00ea uma olhada neste site (em ingl\u00eas):<\/p>\n<p><a href=\"http:\/\/hitchwiki.org\/en\/Main_Page\">http:\/\/hitchwiki.org\/en\/Main_Page<\/a><\/p>\n<p>E se quiser saber como foi nossa experi\u00eancia em cada pa\u00eds da Am\u00e9rica do Sul, n\u00e3o deixe de ler nosso artigo:<\/p>\n<ul>\n<li><a href=\"https:\/\/mundosemfim.com\/viajar-de-carona-pela-america-do-sul-como-foi-nossa-experiencia\/\">Viajando de carona pela Am\u00e9rica do Sul<\/a><\/li>\n<\/ul>\n<p>\u00c9 isso pessoal, espero que tenhamos conseguido esclarecer suas d\u00favidas sobre este estilo bem peculiar de viajar, e esperamos encontr\u00e1-los pelas estradas do mundo! \ud83d\ude00<\/p>\n<p>Para mais dicas sobre viagens, curtam nossa p\u00e1gina no face:<\/p>\n<p><a href=\"http:\/\/www.facebook.com\/mundosemfimoficial\">www.facebook.com\/mundosemfimoficial<\/a><\/p>\n","protected":false},"excerpt":{"rendered":"<p>Muita gente tem nos perguntado sobre como \u00e9 viajar de carona em um pa\u00eds desconhecido. N\u00f3s conhecemos este estilo de viagem agora, e vamos compartilhar com voc\u00eas tudo o que aprendemos por essas estradas!<\/p>\n","protected":false},"author":1,"featured_media":986,"comment_status":"open","ping_status":"open","sticky":false,"template":"","format":"standard","meta":{"jetpack_post_was_ever_published":false,"_jetpack_newsletter_access":"","_jetpack_dont_email_post_to_subs":true,"_jetpack_newsletter_tier_id":0,"_jetpack_memberships_contains_paywalled_content":false,"_jetpack_memberships_contains_paid_content":false,"footnotes":"","jetpack_publicize_message":"","jetpack_publicize_feature_enabled":true,"jetpack_social_post_already_shared":false,"jetpack_social_options":{"image_generator_settings":{"template":"highway","default_image_id":0,"font":"","enabled":false},"version":2}},"categories":[360,21],"tags":[82,103,115],"class_list":["post-974","post","type-post","status-publish","format-standard","has-post-thumbnail","hentry","category-carona","category-dicas","tag-carona","tag-dicas","tag-featured"],"yoast_head":"<!-- This site is optimized with the Yoast SEO plugin v27.5 - https:\/\/yoast.com\/product\/yoast-seo-wordpress\/ -->\n<title>Quer viajar de carona e tem receios? Tudo o que voc\u00ea precisa saber sobre este estilo \u00fanico de viajar! - Mundo Sem Fim<\/title>\n<meta name=\"robots\" content=\"index, follow, max-snippet:-1, max-image-preview:large, max-video-preview:-1\" \/>\n<link rel=\"canonical\" href=\"https:\/\/mundosemfim.com\/?p=974\" \/>\n<meta property=\"og:locale\" content=\"pt_BR\" \/>\n<meta property=\"og:type\" content=\"article\" \/>\n<meta property=\"og:title\" content=\"Quer viajar de carona e tem receios? Tudo o que voc\u00ea precisa saber sobre este estilo \u00fanico de viajar! - Mundo Sem Fim\" \/>\n<meta property=\"og:description\" content=\"Muita gente tem nos perguntado sobre como \u00e9 viajar de carona em um pa\u00eds desconhecido. N\u00f3s conhecemos este estilo de viagem agora, e vamos compartilhar com voc\u00eas tudo o que aprendemos por essas estradas!\" \/>\n<meta property=\"og:url\" content=\"https:\/\/mundosemfim.com\/?p=974\" \/>\n<meta property=\"og:site_name\" content=\"Mundo Sem Fim\" \/>\n<meta property=\"article:publisher\" content=\"http:\/\/www.facebook.com\/mundosemfimoficial\" \/>\n<meta property=\"article:published_time\" content=\"2016-03-03T00:44:41+00:00\" \/>\n<meta property=\"article:modified_time\" content=\"2017-09-23T22:51:19+00:00\" \/>\n<meta property=\"og:image\" content=\"https:\/\/i0.wp.com\/mundosemfim.com\/wp-content\/uploads\/2016\/03\/p1170678.jpg?fit=1089%2C776&ssl=1\" \/>\n\t<meta property=\"og:image:width\" content=\"1089\" \/>\n\t<meta property=\"og:image:height\" content=\"776\" \/>\n\t<meta property=\"og:image:type\" content=\"image\/jpeg\" \/>\n<meta name=\"author\" content=\"Renan\" \/>\n<meta name=\"twitter:card\" content=\"summary_large_image\" \/>\n<meta name=\"twitter:label1\" content=\"Escrito por\" \/>\n\t<meta name=\"twitter:data1\" content=\"Renan\" \/>\n\t<meta name=\"twitter:label2\" content=\"Est. tempo de leitura\" \/>\n\t<meta name=\"twitter:data2\" content=\"14 minutos\" \/>\n<script type=\"application\/ld+json\" class=\"yoast-schema-graph\">{\"@context\":\"https:\\\/\\\/schema.org\",\"@graph\":[{\"@type\":\"Article\",\"@id\":\"https:\\\/\\\/mundosemfim.com\\\/?p=974#article\",\"isPartOf\":{\"@id\":\"https:\\\/\\\/mundosemfim.com\\\/?p=974\"},\"author\":{\"name\":\"Renan\",\"@id\":\"https:\\\/\\\/mundosemfim.com\\\/#\\\/schema\\\/person\\\/b021d50f3a19bae432e9b69ffbfa9257\"},\"headline\":\"Quer viajar de carona e tem receios? Tudo o que voc\u00ea precisa saber sobre este estilo \u00fanico de viajar!\",\"datePublished\":\"2016-03-03T00:44:41+00:00\",\"dateModified\":\"2017-09-23T22:51:19+00:00\",\"mainEntityOfPage\":{\"@id\":\"https:\\\/\\\/mundosemfim.com\\\/?p=974\"},\"wordCount\":2733,\"commentCount\":24,\"image\":{\"@id\":\"https:\\\/\\\/mundosemfim.com\\\/?p=974#primaryimage\"},\"thumbnailUrl\":\"https:\\\/\\\/i0.wp.com\\\/mundosemfim.com\\\/wp-content\\\/uploads\\\/2016\\\/03\\\/p1170678.jpg?fit=1089%2C776&ssl=1\",\"keywords\":[\"carona\",\"dicas\",\"featured\"],\"articleSection\":[\"carona\",\"dicas\"],\"inLanguage\":\"pt-BR\",\"potentialAction\":[{\"@type\":\"CommentAction\",\"name\":\"Comment\",\"target\":[\"https:\\\/\\\/mundosemfim.com\\\/?p=974#respond\"]}]},{\"@type\":\"WebPage\",\"@id\":\"https:\\\/\\\/mundosemfim.com\\\/?p=974\",\"url\":\"https:\\\/\\\/mundosemfim.com\\\/?p=974\",\"name\":\"Quer viajar de carona e tem receios? Tudo o que voc\u00ea precisa saber sobre este estilo \u00fanico de viajar! - Mundo Sem Fim\",\"isPartOf\":{\"@id\":\"https:\\\/\\\/mundosemfim.com\\\/#website\"},\"primaryImageOfPage\":{\"@id\":\"https:\\\/\\\/mundosemfim.com\\\/?p=974#primaryimage\"},\"image\":{\"@id\":\"https:\\\/\\\/mundosemfim.com\\\/?p=974#primaryimage\"},\"thumbnailUrl\":\"https:\\\/\\\/i0.wp.com\\\/mundosemfim.com\\\/wp-content\\\/uploads\\\/2016\\\/03\\\/p1170678.jpg?fit=1089%2C776&ssl=1\",\"datePublished\":\"2016-03-03T00:44:41+00:00\",\"dateModified\":\"2017-09-23T22:51:19+00:00\",\"author\":{\"@id\":\"https:\\\/\\\/mundosemfim.com\\\/#\\\/schema\\\/person\\\/b021d50f3a19bae432e9b69ffbfa9257\"},\"breadcrumb\":{\"@id\":\"https:\\\/\\\/mundosemfim.com\\\/?p=974#breadcrumb\"},\"inLanguage\":\"pt-BR\",\"potentialAction\":[{\"@type\":\"ReadAction\",\"target\":[\"https:\\\/\\\/mundosemfim.com\\\/?p=974\"]}]},{\"@type\":\"ImageObject\",\"inLanguage\":\"pt-BR\",\"@id\":\"https:\\\/\\\/mundosemfim.com\\\/?p=974#primaryimage\",\"url\":\"https:\\\/\\\/i0.wp.com\\\/mundosemfim.com\\\/wp-content\\\/uploads\\\/2016\\\/03\\\/p1170678.jpg?fit=1089%2C776&ssl=1\",\"contentUrl\":\"https:\\\/\\\/i0.wp.com\\\/mundosemfim.com\\\/wp-content\\\/uploads\\\/2016\\\/03\\\/p1170678.jpg?fit=1089%2C776&ssl=1\",\"width\":1089,\"height\":776,\"caption\":\"Mucuvinha pedindo carona para El Calafate\"},{\"@type\":\"BreadcrumbList\",\"@id\":\"https:\\\/\\\/mundosemfim.com\\\/?p=974#breadcrumb\",\"itemListElement\":[{\"@type\":\"ListItem\",\"position\":1,\"name\":\"In\u00edcio\",\"item\":\"https:\\\/\\\/mundosemfim.com\\\/\"},{\"@type\":\"ListItem\",\"position\":2,\"name\":\"Quer viajar de carona e tem receios? Tudo o que voc\u00ea precisa saber sobre este estilo \u00fanico de viajar!\"}]},{\"@type\":\"WebSite\",\"@id\":\"https:\\\/\\\/mundosemfim.com\\\/#website\",\"url\":\"https:\\\/\\\/mundosemfim.com\\\/\",\"name\":\"Mundo Sem Fim\",\"description\":\"uma viagem de volta ao mundo pelos 5 continentes!\",\"potentialAction\":[{\"@type\":\"SearchAction\",\"target\":{\"@type\":\"EntryPoint\",\"urlTemplate\":\"https:\\\/\\\/mundosemfim.com\\\/?s={search_term_string}\"},\"query-input\":{\"@type\":\"PropertyValueSpecification\",\"valueRequired\":true,\"valueName\":\"search_term_string\"}}],\"inLanguage\":\"pt-BR\"},{\"@type\":\"Person\",\"@id\":\"https:\\\/\\\/mundosemfim.com\\\/#\\\/schema\\\/person\\\/b021d50f3a19bae432e9b69ffbfa9257\",\"name\":\"Renan\",\"image\":{\"@type\":\"ImageObject\",\"inLanguage\":\"pt-BR\",\"@id\":\"https:\\\/\\\/secure.gravatar.com\\\/avatar\\\/faafca769a603ac75196d21826f3bda645d7e2d6306bb6e236d8cdb38eb44e38?s=96&d=mm&r=g\",\"url\":\"https:\\\/\\\/secure.gravatar.com\\\/avatar\\\/faafca769a603ac75196d21826f3bda645d7e2d6306bb6e236d8cdb38eb44e38?s=96&d=mm&r=g\",\"contentUrl\":\"https:\\\/\\\/secure.gravatar.com\\\/avatar\\\/faafca769a603ac75196d21826f3bda645d7e2d6306bb6e236d8cdb38eb44e38?s=96&d=mm&r=g\",\"caption\":\"Renan\"}}]}<\/script>\n<!-- \/ Yoast SEO plugin. -->","yoast_head_json":{"title":"Quer viajar de carona e tem receios? Tudo o que voc\u00ea precisa saber sobre este estilo \u00fanico de viajar! - Mundo Sem Fim","robots":{"index":"index","follow":"follow","max-snippet":"max-snippet:-1","max-image-preview":"max-image-preview:large","max-video-preview":"max-video-preview:-1"},"canonical":"https:\/\/mundosemfim.com\/?p=974","og_locale":"pt_BR","og_type":"article","og_title":"Quer viajar de carona e tem receios? Tudo o que voc\u00ea precisa saber sobre este estilo \u00fanico de viajar! - Mundo Sem Fim","og_description":"Muita gente tem nos perguntado sobre como \u00e9 viajar de carona em um pa\u00eds desconhecido. N\u00f3s conhecemos este estilo de viagem agora, e vamos compartilhar com voc\u00eas tudo o que aprendemos por essas estradas!","og_url":"https:\/\/mundosemfim.com\/?p=974","og_site_name":"Mundo Sem Fim","article_publisher":"http:\/\/www.facebook.com\/mundosemfimoficial","article_published_time":"2016-03-03T00:44:41+00:00","article_modified_time":"2017-09-23T22:51:19+00:00","og_image":[{"width":1089,"height":776,"url":"https:\/\/i0.wp.com\/mundosemfim.com\/wp-content\/uploads\/2016\/03\/p1170678.jpg?fit=1089%2C776&ssl=1","type":"image\/jpeg"}],"author":"Renan","twitter_card":"summary_large_image","twitter_misc":{"Escrito por":"Renan","Est. tempo de leitura":"14 minutos"},"schema":{"@context":"https:\/\/schema.org","@graph":[{"@type":"Article","@id":"https:\/\/mundosemfim.com\/?p=974#article","isPartOf":{"@id":"https:\/\/mundosemfim.com\/?p=974"},"author":{"name":"Renan","@id":"https:\/\/mundosemfim.com\/#\/schema\/person\/b021d50f3a19bae432e9b69ffbfa9257"},"headline":"Quer viajar de carona e tem receios? Tudo o que voc\u00ea precisa saber sobre este estilo \u00fanico de viajar!","datePublished":"2016-03-03T00:44:41+00:00","dateModified":"2017-09-23T22:51:19+00:00","mainEntityOfPage":{"@id":"https:\/\/mundosemfim.com\/?p=974"},"wordCount":2733,"commentCount":24,"image":{"@id":"https:\/\/mundosemfim.com\/?p=974#primaryimage"},"thumbnailUrl":"https:\/\/i0.wp.com\/mundosemfim.com\/wp-content\/uploads\/2016\/03\/p1170678.jpg?fit=1089%2C776&ssl=1","keywords":["carona","dicas","featured"],"articleSection":["carona","dicas"],"inLanguage":"pt-BR","potentialAction":[{"@type":"CommentAction","name":"Comment","target":["https:\/\/mundosemfim.com\/?p=974#respond"]}]},{"@type":"WebPage","@id":"https:\/\/mundosemfim.com\/?p=974","url":"https:\/\/mundosemfim.com\/?p=974","name":"Quer viajar de carona e tem receios? Tudo o que voc\u00ea precisa saber sobre este estilo \u00fanico de viajar! - Mundo Sem Fim","isPartOf":{"@id":"https:\/\/mundosemfim.com\/#website"},"primaryImageOfPage":{"@id":"https:\/\/mundosemfim.com\/?p=974#primaryimage"},"image":{"@id":"https:\/\/mundosemfim.com\/?p=974#primaryimage"},"thumbnailUrl":"https:\/\/i0.wp.com\/mundosemfim.com\/wp-content\/uploads\/2016\/03\/p1170678.jpg?fit=1089%2C776&ssl=1","datePublished":"2016-03-03T00:44:41+00:00","dateModified":"2017-09-23T22:51:19+00:00","author":{"@id":"https:\/\/mundosemfim.com\/#\/schema\/person\/b021d50f3a19bae432e9b69ffbfa9257"},"breadcrumb":{"@id":"https:\/\/mundosemfim.com\/?p=974#breadcrumb"},"inLanguage":"pt-BR","potentialAction":[{"@type":"ReadAction","target":["https:\/\/mundosemfim.com\/?p=974"]}]},{"@type":"ImageObject","inLanguage":"pt-BR","@id":"https:\/\/mundosemfim.com\/?p=974#primaryimage","url":"https:\/\/i0.wp.com\/mundosemfim.com\/wp-content\/uploads\/2016\/03\/p1170678.jpg?fit=1089%2C776&ssl=1","contentUrl":"https:\/\/i0.wp.com\/mundosemfim.com\/wp-content\/uploads\/2016\/03\/p1170678.jpg?fit=1089%2C776&ssl=1","width":1089,"height":776,"caption":"Mucuvinha pedindo carona para El Calafate"},{"@type":"BreadcrumbList","@id":"https:\/\/mundosemfim.com\/?p=974#breadcrumb","itemListElement":[{"@type":"ListItem","position":1,"name":"In\u00edcio","item":"https:\/\/mundosemfim.com\/"},{"@type":"ListItem","position":2,"name":"Quer viajar de carona e tem receios? Tudo o que voc\u00ea precisa saber sobre este estilo \u00fanico de viajar!"}]},{"@type":"WebSite","@id":"https:\/\/mundosemfim.com\/#website","url":"https:\/\/mundosemfim.com\/","name":"Mundo Sem Fim","description":"uma viagem de volta ao mundo pelos 5 continentes!","potentialAction":[{"@type":"SearchAction","target":{"@type":"EntryPoint","urlTemplate":"https:\/\/mundosemfim.com\/?s={search_term_string}"},"query-input":{"@type":"PropertyValueSpecification","valueRequired":true,"valueName":"search_term_string"}}],"inLanguage":"pt-BR"},{"@type":"Person","@id":"https:\/\/mundosemfim.com\/#\/schema\/person\/b021d50f3a19bae432e9b69ffbfa9257","name":"Renan","image":{"@type":"ImageObject","inLanguage":"pt-BR","@id":"https:\/\/secure.gravatar.com\/avatar\/faafca769a603ac75196d21826f3bda645d7e2d6306bb6e236d8cdb38eb44e38?s=96&d=mm&r=g","url":"https:\/\/secure.gravatar.com\/avatar\/faafca769a603ac75196d21826f3bda645d7e2d6306bb6e236d8cdb38eb44e38?s=96&d=mm&r=g","contentUrl":"https:\/\/secure.gravatar.com\/avatar\/faafca769a603ac75196d21826f3bda645d7e2d6306bb6e236d8cdb38eb44e38?s=96&d=mm&r=g","caption":"Renan"}}]}},"jetpack_publicize_connections":[],"jetpack_featured_media_url":"https:\/\/i0.wp.com\/mundosemfim.com\/wp-content\/uploads\/2016\/03\/p1170678.jpg?fit=1089%2C776&ssl=1","jetpack_sharing_enabled":true,"jetpack_shortlink":"https:\/\/wp.me\/p7CQyF-fI","jetpack-related-posts":[{"id":4892,"url":"https:\/\/mundosemfim.com\/?p=4892","url_meta":{"origin":974,"position":0},"title":"Viajar de carona pela Am\u00e9rica do Sul \u2013 como foi nossa experi\u00eancia!","author":"Renan","date":"janeiro 23, 2017","format":false,"excerpt":"Atendemos a alguns pedidos, aqui contamos como foi nossa experi\u00eancia viajando de carona por quase toda a Am\u00e9rica do Sul, com as peculiaridades e cada pa\u00eds! Se voc\u00ea ainda n\u00e3o tem experi\u00eancia em viajar desta forma, ou se quer ver umas dicas de como fazemos para conseguir caronas, d\u00ea uma\u2026","rel":"","context":"Em &quot;am\u00e9rica latina&quot;","block_context":{"text":"am\u00e9rica latina","link":"https:\/\/mundosemfim.com\/?cat=7"},"img":{"alt_text":"","src":"https:\/\/i0.wp.com\/mundosemfim.com\/wp-content\/uploads\/2017\/01\/P2280087.jpg?fit=1000%2C750&ssl=1&resize=350%2C200","width":350,"height":200,"srcset":"https:\/\/i0.wp.com\/mundosemfim.com\/wp-content\/uploads\/2017\/01\/P2280087.jpg?fit=1000%2C750&ssl=1&resize=350%2C200 1x, https:\/\/i0.wp.com\/mundosemfim.com\/wp-content\/uploads\/2017\/01\/P2280087.jpg?fit=1000%2C750&ssl=1&resize=525%2C300 1.5x, https:\/\/i0.wp.com\/mundosemfim.com\/wp-content\/uploads\/2017\/01\/P2280087.jpg?fit=1000%2C750&ssl=1&resize=700%2C400 2x"},"classes":[]},{"id":5453,"url":"https:\/\/mundosemfim.com\/?p=5453","url_meta":{"origin":974,"position":1},"title":"Quer viajar o mundo de carona em veleiros? Conhe\u00e7a o Find a Crew","author":"Renan","date":"fevereiro 23, 2017","format":false,"excerpt":"Sabe estes sites onde se troca trabalho por comida e hospedagem nos hostels? O Find a Crew \u00e9 parecido, mas sua hospedagem ser\u00e1 em um barco que viaja pelo mundo! Estes filmes de marinheiros e piratas, onde as pessoas conhecem o mundo inteiro limpando o conv\u00e9s dos navios, j\u00e1 inspiraram\u2026","rel":"","context":"Em &quot;dicas&quot;","block_context":{"text":"dicas","link":"https:\/\/mundosemfim.com\/?cat=21"},"img":{"alt_text":"","src":"https:\/\/i0.wp.com\/mundosemfim.com\/wp-content\/uploads\/2017\/02\/sailboat-435448_960_720.jpg?fit=960%2C720&ssl=1&resize=350%2C200","width":350,"height":200,"srcset":"https:\/\/i0.wp.com\/mundosemfim.com\/wp-content\/uploads\/2017\/02\/sailboat-435448_960_720.jpg?fit=960%2C720&ssl=1&resize=350%2C200 1x, https:\/\/i0.wp.com\/mundosemfim.com\/wp-content\/uploads\/2017\/02\/sailboat-435448_960_720.jpg?fit=960%2C720&ssl=1&resize=525%2C300 1.5x, https:\/\/i0.wp.com\/mundosemfim.com\/wp-content\/uploads\/2017\/02\/sailboat-435448_960_720.jpg?fit=960%2C720&ssl=1&resize=700%2C400 2x"},"classes":[]},{"id":1060,"url":"https:\/\/mundosemfim.com\/?p=1060","url_meta":{"origin":974,"position":2},"title":"Economizando pela Patag\u00f4nia \u2013 dicas sobre hospedagens e carona por uma das regi\u00f5es mais caras do continente","author":"Renan","date":"mar\u00e7o 22, 2016","format":false,"excerpt":"Acabamos de sair da regi\u00e3o da patag\u00f4nia, um dos lugares mais bonitos o nosso continente. Apesar de car\u00edssimo, conseguimos viajar por aqui gastando bem pouco (menos do que gastamos em regi\u00f5es mais baratas), e queremos compartilhar com voc\u00eas algumas dicas para quem quer viajar sem gastar muito! Refer\u00eancia para mar\/2016:\u2026","rel":"","context":"Em &quot;Am\u00e9rica do Sul&quot;","block_context":{"text":"Am\u00e9rica do Sul","link":"https:\/\/mundosemfim.com\/?cat=6"},"img":{"alt_text":"","src":"https:\/\/i0.wp.com\/mundosemfim.com\/wp-content\/uploads\/2016\/03\/p2280087.jpg?fit=1200%2C900&ssl=1&resize=350%2C200","width":350,"height":200,"srcset":"https:\/\/i0.wp.com\/mundosemfim.com\/wp-content\/uploads\/2016\/03\/p2280087.jpg?fit=1200%2C900&ssl=1&resize=350%2C200 1x, https:\/\/i0.wp.com\/mundosemfim.com\/wp-content\/uploads\/2016\/03\/p2280087.jpg?fit=1200%2C900&ssl=1&resize=525%2C300 1.5x, https:\/\/i0.wp.com\/mundosemfim.com\/wp-content\/uploads\/2016\/03\/p2280087.jpg?fit=1200%2C900&ssl=1&resize=700%2C400 2x, https:\/\/i0.wp.com\/mundosemfim.com\/wp-content\/uploads\/2016\/03\/p2280087.jpg?fit=1200%2C900&ssl=1&resize=1050%2C600 3x"},"classes":[]},{"id":6092,"url":"https:\/\/mundosemfim.com\/?p=6092","url_meta":{"origin":974,"position":3},"title":"10 sites que todo mochileiro precisa conhecer","author":"Renan","date":"junho 26, 2017","format":false,"excerpt":"Gosta de viajar? Confira esta lista de 10 sites que voc\u00ea precisa conhecer! 1. Atlas Obscura Nosso site favorito para encontrar aqueles lugares espetaculares que quase ningu\u00e9m conhece. Ele possui um mapa indicando algumas joias que cada pa\u00eds possui e que s\u00e3o pouco visitadas por turistas. Pode ser uma boa\u2026","rel":"","context":"Em &quot;dicas&quot;","block_context":{"text":"dicas","link":"https:\/\/mundosemfim.com\/?cat=21"},"img":{"alt_text":"Mucuvinha","src":"https:\/\/i0.wp.com\/mundosemfim.com\/wp-content\/uploads\/2017\/06\/dsc_0073-1.jpg?fit=900%2C600&ssl=1&resize=350%2C200","width":350,"height":200,"srcset":"https:\/\/i0.wp.com\/mundosemfim.com\/wp-content\/uploads\/2017\/06\/dsc_0073-1.jpg?fit=900%2C600&ssl=1&resize=350%2C200 1x, https:\/\/i0.wp.com\/mundosemfim.com\/wp-content\/uploads\/2017\/06\/dsc_0073-1.jpg?fit=900%2C600&ssl=1&resize=525%2C300 1.5x, https:\/\/i0.wp.com\/mundosemfim.com\/wp-content\/uploads\/2017\/06\/dsc_0073-1.jpg?fit=900%2C600&ssl=1&resize=700%2C400 2x"},"classes":[]},{"id":9233,"url":"https:\/\/mundosemfim.com\/?p=9233","url_meta":{"origin":974,"position":4},"title":"Mochilando pelo Tibete chin\u00eas \u2013 sem guia e de carona","author":"Renan","date":"abril 4, 2019","format":false,"excerpt":"Aqui contamos um pouco como foi uma das melhores experi\u00eancias que j\u00e1 tivemos na \u00c1sia: viajar pela regi\u00e3o do Tibete, enfrentando frio e pegando carona sem falar nada do idioma local. O Tibete Quase que o Tibete n\u00e3o entra no nosso roteiro. Isso porque, pelo que hav\u00edamos lido at\u00e9 ent\u00e3o,\u2026","rel":"","context":"Em &quot;carona&quot;","block_context":{"text":"carona","link":"https:\/\/mundosemfim.com\/?cat=360"},"img":{"alt_text":"Viajando pelo Tibete chin\u00eas","src":"https:\/\/i0.wp.com\/mundosemfim.com\/wp-content\/uploads\/2019\/04\/GOPR1680.jpg?fit=800%2C600&ssl=1&resize=350%2C200","width":350,"height":200,"srcset":"https:\/\/i0.wp.com\/mundosemfim.com\/wp-content\/uploads\/2019\/04\/GOPR1680.jpg?fit=800%2C600&ssl=1&resize=350%2C200 1x, https:\/\/i0.wp.com\/mundosemfim.com\/wp-content\/uploads\/2019\/04\/GOPR1680.jpg?fit=800%2C600&ssl=1&resize=525%2C300 1.5x, https:\/\/i0.wp.com\/mundosemfim.com\/wp-content\/uploads\/2019\/04\/GOPR1680.jpg?fit=800%2C600&ssl=1&resize=700%2C400 2x"},"classes":[]},{"id":770,"url":"https:\/\/mundosemfim.com\/?p=770","url_meta":{"origin":974,"position":5},"title":"At\u00e9 onde \u00e9 poss\u00edvel chegar com 10 mil reais?","author":"Renan","date":"fevereiro 11, 2016","format":false,"excerpt":"No dia 7 de fevereiro, 132 dias depois de termos deixado nosso querido pa\u00eds para tr\u00e1s, cheg\u00e1vamos \u00e0 remota cidade do Ushuaia com um gasto total (ou, devo dizer, investimento?) de 10 mil reais (5 mil de cada um). Compartilhamos aqui tudo o que estes dias nos proporcionaram, para que\u2026","rel":"","context":"Em &quot;dicas&quot;","block_context":{"text":"dicas","link":"https:\/\/mundosemfim.com\/?cat=21"},"img":{"alt_text":"","src":"https:\/\/i0.wp.com\/mundosemfim.com\/wp-content\/uploads\/2016\/02\/dsc_0078.jpg?fit=1200%2C800&ssl=1&resize=350%2C200","width":350,"height":200,"srcset":"https:\/\/i0.wp.com\/mundosemfim.com\/wp-content\/uploads\/2016\/02\/dsc_0078.jpg?fit=1200%2C800&ssl=1&resize=350%2C200 1x, https:\/\/i0.wp.com\/mundosemfim.com\/wp-content\/uploads\/2016\/02\/dsc_0078.jpg?fit=1200%2C800&ssl=1&resize=525%2C300 1.5x, https:\/\/i0.wp.com\/mundosemfim.com\/wp-content\/uploads\/2016\/02\/dsc_0078.jpg?fit=1200%2C800&ssl=1&resize=700%2C400 2x, https:\/\/i0.wp.com\/mundosemfim.com\/wp-content\/uploads\/2016\/02\/dsc_0078.jpg?fit=1200%2C800&ssl=1&resize=1050%2C600 3x"},"classes":[]}],"_links":{"self":[{"href":"https:\/\/mundosemfim.com\/index.php?rest_route=\/wp\/v2\/posts\/974","targetHints":{"allow":["GET"]}}],"collection":[{"href":"https:\/\/mundosemfim.com\/index.php?rest_route=\/wp\/v2\/posts"}],"about":[{"href":"https:\/\/mundosemfim.com\/index.php?rest_route=\/wp\/v2\/types\/post"}],"author":[{"embeddable":true,"href":"https:\/\/mundosemfim.com\/index.php?rest_route=\/wp\/v2\/users\/1"}],"replies":[{"embeddable":true,"href":"https:\/\/mundosemfim.com\/index.php?rest_route=%2Fwp%2Fv2%2Fcomments&post=974"}],"version-history":[{"count":8,"href":"https:\/\/mundosemfim.com\/index.php?rest_route=\/wp\/v2\/posts\/974\/revisions"}],"predecessor-version":[{"id":6764,"href":"https:\/\/mundosemfim.com\/index.php?rest_route=\/wp\/v2\/posts\/974\/revisions\/6764"}],"wp:featuredmedia":[{"embeddable":true,"href":"https:\/\/mundosemfim.com\/index.php?rest_route=\/wp\/v2\/media\/986"}],"wp:attachment":[{"href":"https:\/\/mundosemfim.com\/index.php?rest_route=%2Fwp%2Fv2%2Fmedia&parent=974"}],"wp:term":[{"taxonomy":"category","embeddable":true,"href":"https:\/\/mundosemfim.com\/index.php?rest_route=%2Fwp%2Fv2%2Fcategories&post=974"},{"taxonomy":"post_tag","embeddable":true,"href":"https:\/\/mundosemfim.com\/index.php?rest_route=%2Fwp%2Fv2%2Ftags&post=974"}],"curies":[{"name":"wp","href":"https:\/\/api.w.org\/{rel}","templated":true}]}}