{"id":9634,"date":"2019-07-25T05:22:46","date_gmt":"2019-07-25T08:22:46","guid":{"rendered":"https:\/\/mundosemfim.com\/?p=9634"},"modified":"2019-07-25T05:22:46","modified_gmt":"2019-07-25T08:22:46","slug":"conhecendo-o-parque-nacional-terelj-em-transporte-publico","status":"publish","type":"post","link":"https:\/\/mundosemfim.com\/?p=9634","title":{"rendered":"Conhecendo o Parque Nacional Terelj em transporte p\u00fablico"},"content":{"rendered":"<p class=\"western\" lang=\"pt-BR\">O Terelj \u00e9 o principal destino tur\u00edstico nos arredores de Ulan Bator. Quase todo mundo faz um tour para l\u00e1, mas voc\u00ea pode visit\u00e1-lo por conta pr\u00f3pria para economizar!<\/p>\n<p class=\"western\" lang=\"pt-BR\"><!--more--><\/p>\n<p><strong>C\u00e2mbio oficial (jul\/2019)<\/strong><br \/>\n1 real = 706 tugriks<br \/>\n1 d\u00f3lar = 2663 tugriks<br \/>\n1 euro = 2964 tugriks<\/p>\n<figure id=\"attachment_9635\" aria-describedby=\"caption-attachment-9635\" style=\"width: 700px\" class=\"wp-caption aligncenter\"><img data-recalc-dims=\"1\" loading=\"lazy\" decoding=\"async\" data-attachment-id=\"9635\" data-permalink=\"https:\/\/mundosemfim.com\/?attachment_id=9635\" data-orig-file=\"https:\/\/i0.wp.com\/mundosemfim.com\/wp-content\/uploads\/2019\/07\/DSC_0022-2.jpg?fit=700%2C467&amp;ssl=1\" data-orig-size=\"700,467\" data-comments-opened=\"1\" data-image-meta=\"{&quot;aperture&quot;:&quot;0&quot;,&quot;credit&quot;:&quot;&quot;,&quot;camera&quot;:&quot;&quot;,&quot;caption&quot;:&quot;&quot;,&quot;created_timestamp&quot;:&quot;0&quot;,&quot;copyright&quot;:&quot;&quot;,&quot;focal_length&quot;:&quot;0&quot;,&quot;iso&quot;:&quot;0&quot;,&quot;shutter_speed&quot;:&quot;0&quot;,&quot;title&quot;:&quot;&quot;,&quot;orientation&quot;:&quot;0&quot;}\" data-image-title=\"Parque Nacional Terelj, Mong\u00f3lia\" data-image-description=\"&lt;p&gt;Parque Nacional Terelj, Mong\u00f3lia&lt;\/p&gt;\n\" data-image-caption=\"&lt;p&gt;Parque Nacional Terelj&lt;\/p&gt;\n\" data-large-file=\"https:\/\/i0.wp.com\/mundosemfim.com\/wp-content\/uploads\/2019\/07\/DSC_0022-2.jpg?fit=700%2C467&amp;ssl=1\" class=\"size-full wp-image-9635\" src=\"https:\/\/i0.wp.com\/mundosemfim.com\/wp-content\/uploads\/2019\/07\/DSC_0022-2.jpg?resize=700%2C467&#038;ssl=1\" alt=\"Parque Nacional Terelj, Mong\u00f3lia\" width=\"700\" height=\"467\" srcset=\"https:\/\/i0.wp.com\/mundosemfim.com\/wp-content\/uploads\/2019\/07\/DSC_0022-2.jpg?w=700&amp;ssl=1 700w, https:\/\/i0.wp.com\/mundosemfim.com\/wp-content\/uploads\/2019\/07\/DSC_0022-2.jpg?resize=300%2C200&amp;ssl=1 300w\" sizes=\"auto, (max-width: 700px) 100vw, 700px\" \/><figcaption id=\"caption-attachment-9635\" class=\"wp-caption-text\">Parque Nacional Terelj<\/figcaption><\/figure>\n<p class=\"western\" lang=\"pt-BR\">O Parque Nacional Terelj fica a cerca de 40 quil\u00f4metros de dist\u00e2ncia de Ulan Bator, a capital da Mong\u00f3lia. Este destino \u00e9 bastante frequentado por locais que querem escapar um pouco da cidade e tamb\u00e9m por turistas estrangeiros que buscam descobrir suas belezas naturais e andar a cavalo, camelo ou simplesmente caminhar por suas in\u00fameras trilhas.<\/p>\n<p class=\"western\" lang=\"pt-BR\">Todas as ag\u00eancias de turismo vendem tours para este parque, em valores que ficam na faixa dos 25 d\u00f3lares por pessoa. Mas voc\u00ea pode ir por conta pr\u00f3pria gastando quase nada.<\/p>\n<h3 class=\"western\" lang=\"pt-BR\"><b>Indo para o parque em transporte p\u00fablico<\/b><\/h3>\n<p class=\"western\" lang=\"pt-BR\">Para ir ao parque de \u00f4nibus, primeiro voc\u00ea deve chegar \u00e0 cidade de Nalaikh.<\/p>\n<figure id=\"attachment_9638\" aria-describedby=\"caption-attachment-9638\" style=\"width: 772px\" class=\"wp-caption aligncenter\"><img data-recalc-dims=\"1\" loading=\"lazy\" decoding=\"async\" data-attachment-id=\"9638\" data-permalink=\"https:\/\/mundosemfim.com\/?attachment_id=9638\" data-orig-file=\"https:\/\/i0.wp.com\/mundosemfim.com\/wp-content\/uploads\/2019\/07\/mapa-cidade.jpg?fit=772%2C454&amp;ssl=1\" data-orig-size=\"772,454\" data-comments-opened=\"1\" data-image-meta=\"{&quot;aperture&quot;:&quot;0&quot;,&quot;credit&quot;:&quot;&quot;,&quot;camera&quot;:&quot;&quot;,&quot;caption&quot;:&quot;&quot;,&quot;created_timestamp&quot;:&quot;0&quot;,&quot;copyright&quot;:&quot;&quot;,&quot;focal_length&quot;:&quot;0&quot;,&quot;iso&quot;:&quot;0&quot;,&quot;shutter_speed&quot;:&quot;0&quot;,&quot;title&quot;:&quot;&quot;,&quot;orientation&quot;:&quot;0&quot;}\" data-image-title=\"Parque Nacional Terelj\" data-image-description=\"\" data-image-caption=\"&lt;p&gt;Cidade de Nalaikh e o Parque Terelj&lt;\/p&gt;\n\" data-large-file=\"https:\/\/i0.wp.com\/mundosemfim.com\/wp-content\/uploads\/2019\/07\/mapa-cidade.jpg?fit=764%2C449&amp;ssl=1\" class=\"size-full wp-image-9638\" src=\"https:\/\/i0.wp.com\/mundosemfim.com\/wp-content\/uploads\/2019\/07\/mapa-cidade.jpg?resize=764%2C449&#038;ssl=1\" alt=\"\" width=\"764\" height=\"449\" srcset=\"https:\/\/i0.wp.com\/mundosemfim.com\/wp-content\/uploads\/2019\/07\/mapa-cidade.jpg?w=772&amp;ssl=1 772w, https:\/\/i0.wp.com\/mundosemfim.com\/wp-content\/uploads\/2019\/07\/mapa-cidade.jpg?resize=300%2C176&amp;ssl=1 300w, https:\/\/i0.wp.com\/mundosemfim.com\/wp-content\/uploads\/2019\/07\/mapa-cidade.jpg?resize=768%2C452&amp;ssl=1 768w\" sizes=\"auto, (max-width: 764px) 100vw, 764px\" \/><figcaption id=\"caption-attachment-9638\" class=\"wp-caption-text\">Cidade de Nalaikh e o Parque Terelj<\/figcaption><\/figure>\n<p class=\"western\" lang=\"pt-BR\">O transporte para Nalaikh \u00e9 feito em mini-\u00f4nibus que passam de meia em meia hora. A passagem custa apenas <strong>500 tugriks <\/strong>(menos de 1 real), e \u00e9 paga diretamente ao motorista. Leve dinheiro trocado, pois nem sempre d\u00e3o troco.<\/p>\n<p class=\"western\" lang=\"pt-BR\"><strong>O \u00f4nibus \u00e9 o n\u00famero 5<\/strong> (o 5 deste vem circulado de amarelo; cuidado pois h\u00e1 outros 5 de outras cores). O ponto onde voc\u00ea pode peg\u00e1-lo \u00e9 este aqui:<\/p>\n<figure id=\"attachment_9636\" aria-describedby=\"caption-attachment-9636\" style=\"width: 824px\" class=\"wp-caption aligncenter\"><img data-recalc-dims=\"1\" loading=\"lazy\" decoding=\"async\" data-attachment-id=\"9636\" data-permalink=\"https:\/\/mundosemfim.com\/?attachment_id=9636\" data-orig-file=\"https:\/\/i0.wp.com\/mundosemfim.com\/wp-content\/uploads\/2019\/07\/mapa-onibus.jpg?fit=824%2C460&amp;ssl=1\" data-orig-size=\"824,460\" data-comments-opened=\"1\" data-image-meta=\"{&quot;aperture&quot;:&quot;0&quot;,&quot;credit&quot;:&quot;&quot;,&quot;camera&quot;:&quot;&quot;,&quot;caption&quot;:&quot;&quot;,&quot;created_timestamp&quot;:&quot;0&quot;,&quot;copyright&quot;:&quot;&quot;,&quot;focal_length&quot;:&quot;0&quot;,&quot;iso&quot;:&quot;0&quot;,&quot;shutter_speed&quot;:&quot;0&quot;,&quot;title&quot;:&quot;&quot;,&quot;orientation&quot;:&quot;0&quot;}\" data-image-title=\"\u00d4nibus Parque Terelj\" data-image-description=\"&lt;p&gt;\u00d4nibus para Nalaikh&lt;\/p&gt;\n\" data-image-caption=\"&lt;p&gt;Onde voc\u00ea pode pegar o \u00f4nibus n\u00famero 5&lt;\/p&gt;\n\" data-large-file=\"https:\/\/i0.wp.com\/mundosemfim.com\/wp-content\/uploads\/2019\/07\/mapa-onibus.jpg?fit=764%2C427&amp;ssl=1\" class=\"size-full wp-image-9636\" src=\"https:\/\/i0.wp.com\/mundosemfim.com\/wp-content\/uploads\/2019\/07\/mapa-onibus.jpg?resize=764%2C427&#038;ssl=1\" alt=\"\u00d4nibus para o parque Terelj\" width=\"764\" height=\"427\" srcset=\"https:\/\/i0.wp.com\/mundosemfim.com\/wp-content\/uploads\/2019\/07\/mapa-onibus.jpg?w=824&amp;ssl=1 824w, https:\/\/i0.wp.com\/mundosemfim.com\/wp-content\/uploads\/2019\/07\/mapa-onibus.jpg?resize=300%2C167&amp;ssl=1 300w, https:\/\/i0.wp.com\/mundosemfim.com\/wp-content\/uploads\/2019\/07\/mapa-onibus.jpg?resize=768%2C429&amp;ssl=1 768w\" sizes=\"auto, (max-width: 764px) 100vw, 764px\" \/><figcaption id=\"caption-attachment-9636\" class=\"wp-caption-text\">Onde voc\u00ea pode pegar o \u00f4nibus n\u00famero 5<\/figcaption><\/figure>\n<p class=\"western\" lang=\"pt-BR\">A viagem dura cerca de 1 hora. Se quiser ir sentado, \u00e9 bom j\u00e1 correr para a porta assim que o \u00f4nibus parar, pois a briga por lugares \u00e0s vezes \u00e9 tensa.<\/p>\n<p class=\"western\" lang=\"pt-BR\">Em Nalaikh voc\u00ea tem duas op\u00e7\u00f5es: pode descer na estrada e seguir de carona (o que \u00e9 algo muito f\u00e1cil de se conseguir na Mong\u00f3lia) ou ir at\u00e9 o terminal (parada final deste \u00f4nibus).<\/p>\n<p class=\"western\" lang=\"pt-BR\">No terminal de Nalaikh a coisa complica um pouco. H\u00e1 um \u00f4nibus vermelho que segue direto para o parque, mas \u00e9 bem pouco frequente. No centro de informa\u00e7\u00f5es tur\u00edsticas nos informaram que ele passa \u00e0s 11h, \u00e0s 13h e \u00e0s 17h. A dona de um restaurante que h\u00e1 no terminal nos disse que o hor\u00e1rio dele \u00e9 11h e 15h30min. Ela tinha raz\u00e3o: tivemos que esperar por ele at\u00e9 \u00e0s 15h30min.<\/p>\n<figure id=\"attachment_9637\" aria-describedby=\"caption-attachment-9637\" style=\"width: 700px\" class=\"wp-caption aligncenter\"><img data-recalc-dims=\"1\" loading=\"lazy\" decoding=\"async\" data-attachment-id=\"9637\" data-permalink=\"https:\/\/mundosemfim.com\/?attachment_id=9637\" data-orig-file=\"https:\/\/i0.wp.com\/mundosemfim.com\/wp-content\/uploads\/2019\/07\/DSC_0004-2.jpg?fit=700%2C467&amp;ssl=1\" data-orig-size=\"700,467\" data-comments-opened=\"1\" data-image-meta=\"{&quot;aperture&quot;:&quot;0&quot;,&quot;credit&quot;:&quot;&quot;,&quot;camera&quot;:&quot;&quot;,&quot;caption&quot;:&quot;&quot;,&quot;created_timestamp&quot;:&quot;0&quot;,&quot;copyright&quot;:&quot;&quot;,&quot;focal_length&quot;:&quot;0&quot;,&quot;iso&quot;:&quot;0&quot;,&quot;shutter_speed&quot;:&quot;0&quot;,&quot;title&quot;:&quot;&quot;,&quot;orientation&quot;:&quot;0&quot;}\" data-image-title=\"\u00d4nibus para Terelj, Mong\u00f3lia\" data-image-description=\"&lt;p&gt;\u00d4nibus Nalaikh &amp;#8211; Terelj&lt;\/p&gt;\n\" data-image-caption=\"&lt;p&gt;\u00d4nibus que leva ao Parque Nacional Terelj, a partir de Nalaikh&lt;\/p&gt;\n\" data-large-file=\"https:\/\/i0.wp.com\/mundosemfim.com\/wp-content\/uploads\/2019\/07\/DSC_0004-2.jpg?fit=700%2C467&amp;ssl=1\" class=\"size-full wp-image-9637\" src=\"https:\/\/i0.wp.com\/mundosemfim.com\/wp-content\/uploads\/2019\/07\/DSC_0004-2.jpg?resize=700%2C467&#038;ssl=1\" alt=\"\u00d4nibus Parque Nacional Terelj\" width=\"700\" height=\"467\" srcset=\"https:\/\/i0.wp.com\/mundosemfim.com\/wp-content\/uploads\/2019\/07\/DSC_0004-2.jpg?w=700&amp;ssl=1 700w, https:\/\/i0.wp.com\/mundosemfim.com\/wp-content\/uploads\/2019\/07\/DSC_0004-2.jpg?resize=300%2C200&amp;ssl=1 300w\" sizes=\"auto, (max-width: 700px) 100vw, 700px\" \/><figcaption id=\"caption-attachment-9637\" class=\"wp-caption-text\">\u00d4nibus que leva ao Parque Nacional Terelj, a partir de Nalaikh<\/figcaption><\/figure>\n<p class=\"western\" lang=\"pt-BR\">N\u00e3o sei se nos dias de semana ele passa nos outros hor\u00e1rios. N\u00f3s fomos em um s\u00e1bado.<\/p>\n<p class=\"western\" lang=\"pt-BR\">Este \u00f4nibus<strong> custa 1500 (R$2,12) e a viagem dura menos de 30 minutos.<\/strong> Nosso motorista foi legal e at\u00e9 desviou um pouco da estrada para nos deixar na frente da famosa pedra da tartaruga.<\/p>\n<p class=\"western\" lang=\"pt-BR\">Para voltar \u00e9 o mesmo esquema, mas n\u00e3o conseguimos confirmar os hor\u00e1rios dos \u00f4nibus. N\u00f3s voltamos de carona, pois quer\u00edamos conhecer tamb\u00e9m a est\u00e1tua do Gengis Khan (conseguimos uma carona em menos de 5 minutos).<\/p>\n<h3 class=\"western\" lang=\"pt-BR\"><b>O parque<\/b><\/h3>\n<p class=\"western\" lang=\"pt-BR\">O parque \u00e9 relativamente pequeno, e voc\u00ea pode conhecer seus principais pontos tur\u00edsticos em apenas uma tarde. As principais atra\u00e7\u00f5es s\u00e3o: a pedra da tartaruga e um monast\u00e9rio (n\u00e3o chegamos a ir neste).<\/p>\n<figure id=\"attachment_9639\" aria-describedby=\"caption-attachment-9639\" style=\"width: 700px\" class=\"wp-caption aligncenter\"><img data-recalc-dims=\"1\" loading=\"lazy\" decoding=\"async\" data-attachment-id=\"9639\" data-permalink=\"https:\/\/mundosemfim.com\/?attachment_id=9639\" data-orig-file=\"https:\/\/i0.wp.com\/mundosemfim.com\/wp-content\/uploads\/2019\/07\/DSC_0016-2.jpg?fit=700%2C467&amp;ssl=1\" data-orig-size=\"700,467\" data-comments-opened=\"1\" data-image-meta=\"{&quot;aperture&quot;:&quot;0&quot;,&quot;credit&quot;:&quot;&quot;,&quot;camera&quot;:&quot;&quot;,&quot;caption&quot;:&quot;&quot;,&quot;created_timestamp&quot;:&quot;0&quot;,&quot;copyright&quot;:&quot;&quot;,&quot;focal_length&quot;:&quot;0&quot;,&quot;iso&quot;:&quot;0&quot;,&quot;shutter_speed&quot;:&quot;0&quot;,&quot;title&quot;:&quot;&quot;,&quot;orientation&quot;:&quot;0&quot;}\" data-image-title=\"Parque Nacional Terelj\" data-image-description=\"&lt;p&gt;Pedra da Tartaruga. Parque Nacional Terelj&lt;\/p&gt;\n\" data-image-caption=\"&lt;p&gt;Pedra da Tartaruga. Parque Nacional Terelj&lt;\/p&gt;\n\" data-large-file=\"https:\/\/i0.wp.com\/mundosemfim.com\/wp-content\/uploads\/2019\/07\/DSC_0016-2.jpg?fit=700%2C467&amp;ssl=1\" class=\"size-full wp-image-9639\" src=\"https:\/\/i0.wp.com\/mundosemfim.com\/wp-content\/uploads\/2019\/07\/DSC_0016-2.jpg?resize=700%2C467&#038;ssl=1\" alt=\"\" width=\"700\" height=\"467\" srcset=\"https:\/\/i0.wp.com\/mundosemfim.com\/wp-content\/uploads\/2019\/07\/DSC_0016-2.jpg?w=700&amp;ssl=1 700w, https:\/\/i0.wp.com\/mundosemfim.com\/wp-content\/uploads\/2019\/07\/DSC_0016-2.jpg?resize=300%2C200&amp;ssl=1 300w\" sizes=\"auto, (max-width: 700px) 100vw, 700px\" \/><figcaption id=\"caption-attachment-9639\" class=\"wp-caption-text\">Pedra da Tartaruga. Parque Nacional Terelj<\/figcaption><\/figure>\n<p class=\"western\" lang=\"pt-BR\">Mas, se voc\u00ea curte trilhas, andar a cavalo e essas coisas, pode passar at\u00e9 v\u00e1rios dias. O aluguel de um cavalo ou camelo, por exemplo, fica na faixa dos 12 mil (R$17) a hora. Tamb\u00e9m h\u00e1 v\u00e1rias trilhas pelas montanhas, todas elas gr\u00e1tis.<\/p>\n<p lang=\"pt-BR\">Dizem que tamb\u00e9m \u00e9 poss\u00edvel fazer rafting dependendo da \u00e9poca do ano. N\u00f3s fomos no ver\u00e3o e n\u00e3o tinha.<\/p>\n<figure id=\"attachment_9640\" aria-describedby=\"caption-attachment-9640\" style=\"width: 700px\" class=\"wp-caption aligncenter\"><img data-recalc-dims=\"1\" loading=\"lazy\" decoding=\"async\" data-attachment-id=\"9640\" data-permalink=\"https:\/\/mundosemfim.com\/?attachment_id=9640\" data-orig-file=\"https:\/\/i0.wp.com\/mundosemfim.com\/wp-content\/uploads\/2019\/07\/DSC_0010-2.jpg?fit=700%2C467&amp;ssl=1\" data-orig-size=\"700,467\" data-comments-opened=\"1\" data-image-meta=\"{&quot;aperture&quot;:&quot;0&quot;,&quot;credit&quot;:&quot;&quot;,&quot;camera&quot;:&quot;&quot;,&quot;caption&quot;:&quot;&quot;,&quot;created_timestamp&quot;:&quot;0&quot;,&quot;copyright&quot;:&quot;&quot;,&quot;focal_length&quot;:&quot;0&quot;,&quot;iso&quot;:&quot;0&quot;,&quot;shutter_speed&quot;:&quot;0&quot;,&quot;title&quot;:&quot;&quot;,&quot;orientation&quot;:&quot;0&quot;}\" data-image-title=\"Parque Nacional Terelj\" data-image-description=\"&lt;p&gt;Parque Nacional Terelj&lt;\/p&gt;\n\" data-image-caption=\"&lt;p&gt;Cavalos e camelos para alugar.&lt;\/p&gt;\n\" data-large-file=\"https:\/\/i0.wp.com\/mundosemfim.com\/wp-content\/uploads\/2019\/07\/DSC_0010-2.jpg?fit=700%2C467&amp;ssl=1\" class=\"size-full wp-image-9640\" src=\"https:\/\/i0.wp.com\/mundosemfim.com\/wp-content\/uploads\/2019\/07\/DSC_0010-2.jpg?resize=700%2C467&#038;ssl=1\" alt=\"Parque Nacional Terelj\" width=\"700\" height=\"467\" srcset=\"https:\/\/i0.wp.com\/mundosemfim.com\/wp-content\/uploads\/2019\/07\/DSC_0010-2.jpg?w=700&amp;ssl=1 700w, https:\/\/i0.wp.com\/mundosemfim.com\/wp-content\/uploads\/2019\/07\/DSC_0010-2.jpg?resize=300%2C200&amp;ssl=1 300w\" sizes=\"auto, (max-width: 700px) 100vw, 700px\" \/><figcaption id=\"caption-attachment-9640\" class=\"wp-caption-text\">Cavalos e camelos para alugar.<\/figcaption><\/figure>\n<h3 class=\"western\" lang=\"pt-BR\"><b>Hospedagem, comida, etc<\/b><\/h3>\n<p class=\"western\" lang=\"pt-BR\">Nos arredores da Pedra da Tartaruga h\u00e1 v\u00e1rias op\u00e7\u00f5es de hospedagem, restaurantes e pequenas vendas. Tamb\u00e9m h\u00e1 campings (embora voc\u00ea possa acampar de gra\u00e7a onde quiser).<\/p>\n<p class=\"western\" lang=\"pt-BR\">O aluguel de um yurt (aquelas casinhas redondas, t\u00edpicas da Mong\u00f3lia) fica na faixa dos <strong>60 mil (R$ 85)<\/strong>, e em geral possuem 4 camas. Se voc\u00ea n\u00e3o ligar de ficar em um quarto compartilhado, a cama custa <strong>15 mil (R$22)<\/strong>.<\/p>\n<p class=\"western\" lang=\"pt-BR\">As instala\u00e7\u00f5es s\u00e3o bastante simples: n\u00e3o possuem ducha e os banheiros s\u00e3o um buraco no ch\u00e3o. Talvez haja op\u00e7\u00f5es mais sofisticadas, mas n\u00e3o vimos (embora vimos v\u00e1rios resorts em constru\u00e7\u00e3o).<\/p>\n<figure id=\"attachment_9641\" aria-describedby=\"caption-attachment-9641\" style=\"width: 700px\" class=\"wp-caption aligncenter\"><img data-recalc-dims=\"1\" loading=\"lazy\" decoding=\"async\" data-attachment-id=\"9641\" data-permalink=\"https:\/\/mundosemfim.com\/?attachment_id=9641\" data-orig-file=\"https:\/\/i0.wp.com\/mundosemfim.com\/wp-content\/uploads\/2019\/07\/DSC_0035-2.jpg?fit=700%2C467&amp;ssl=1\" data-orig-size=\"700,467\" data-comments-opened=\"1\" data-image-meta=\"{&quot;aperture&quot;:&quot;0&quot;,&quot;credit&quot;:&quot;&quot;,&quot;camera&quot;:&quot;&quot;,&quot;caption&quot;:&quot;&quot;,&quot;created_timestamp&quot;:&quot;0&quot;,&quot;copyright&quot;:&quot;&quot;,&quot;focal_length&quot;:&quot;0&quot;,&quot;iso&quot;:&quot;0&quot;,&quot;shutter_speed&quot;:&quot;0&quot;,&quot;title&quot;:&quot;&quot;,&quot;orientation&quot;:&quot;0&quot;}\" data-image-title=\"Parque Nacional Terelj\" data-image-description=\"&lt;p&gt;Acampando no Parque Nacional Terelj&lt;\/p&gt;\n\" data-image-caption=\"&lt;p&gt;Acampando de gra\u00e7a no parque&lt;\/p&gt;\n\" data-large-file=\"https:\/\/i0.wp.com\/mundosemfim.com\/wp-content\/uploads\/2019\/07\/DSC_0035-2.jpg?fit=700%2C467&amp;ssl=1\" class=\"size-full wp-image-9641\" src=\"https:\/\/i0.wp.com\/mundosemfim.com\/wp-content\/uploads\/2019\/07\/DSC_0035-2.jpg?resize=700%2C467&#038;ssl=1\" alt=\"Parque Nacional Terelj\" width=\"700\" height=\"467\" srcset=\"https:\/\/i0.wp.com\/mundosemfim.com\/wp-content\/uploads\/2019\/07\/DSC_0035-2.jpg?w=700&amp;ssl=1 700w, https:\/\/i0.wp.com\/mundosemfim.com\/wp-content\/uploads\/2019\/07\/DSC_0035-2.jpg?resize=300%2C200&amp;ssl=1 300w\" sizes=\"auto, (max-width: 700px) 100vw, 700px\" \/><figcaption id=\"caption-attachment-9641\" class=\"wp-caption-text\">Acampando de gra\u00e7a no parque<\/figcaption><\/figure>\n<h3 class=\"western\" lang=\"pt-BR\"><b>Est\u00e1tua do Gengis Khan<\/b><\/h3>\n<p class=\"western\" lang=\"pt-BR\">A cerca de 30 quil\u00f4metros do Parque Terelj est\u00e1 a famosa est\u00e1tua de Gengis Khan, o her\u00f3i nacional da Mong\u00f3lia. Vale a pena combinar os dois destinos no mesmo passeio.<\/p>\n<p class=\"western\" lang=\"pt-BR\">N\u00e3o h\u00e1 transporte p\u00fablico para a est\u00e1tua, portanto as op\u00e7\u00f5es para chegar l\u00e1 s\u00e3o carona ou t\u00e1xi. N\u00f3s fomos de carona e foi muito f\u00e1cil.<\/p>\n<figure id=\"attachment_9642\" aria-describedby=\"caption-attachment-9642\" style=\"width: 700px\" class=\"wp-caption aligncenter\"><img data-recalc-dims=\"1\" loading=\"lazy\" decoding=\"async\" data-attachment-id=\"9642\" data-permalink=\"https:\/\/mundosemfim.com\/?attachment_id=9642\" data-orig-file=\"https:\/\/i0.wp.com\/mundosemfim.com\/wp-content\/uploads\/2019\/07\/DSC_0040-2.jpg?fit=700%2C467&amp;ssl=1\" data-orig-size=\"700,467\" data-comments-opened=\"1\" data-image-meta=\"{&quot;aperture&quot;:&quot;0&quot;,&quot;credit&quot;:&quot;&quot;,&quot;camera&quot;:&quot;&quot;,&quot;caption&quot;:&quot;&quot;,&quot;created_timestamp&quot;:&quot;0&quot;,&quot;copyright&quot;:&quot;&quot;,&quot;focal_length&quot;:&quot;0&quot;,&quot;iso&quot;:&quot;0&quot;,&quot;shutter_speed&quot;:&quot;0&quot;,&quot;title&quot;:&quot;&quot;,&quot;orientation&quot;:&quot;0&quot;}\" data-image-title=\"Est\u00e1tua do Gengis Khan\" data-image-description=\"\" data-image-caption=\"&lt;p&gt;Famosa Est\u00e1tua do Gengis Khan&lt;\/p&gt;\n\" data-large-file=\"https:\/\/i0.wp.com\/mundosemfim.com\/wp-content\/uploads\/2019\/07\/DSC_0040-2.jpg?fit=700%2C467&amp;ssl=1\" class=\"size-full wp-image-9642\" src=\"https:\/\/i0.wp.com\/mundosemfim.com\/wp-content\/uploads\/2019\/07\/DSC_0040-2.jpg?resize=700%2C467&#038;ssl=1\" alt=\"Est\u00e1tua do Gengis Khan\" width=\"700\" height=\"467\" srcset=\"https:\/\/i0.wp.com\/mundosemfim.com\/wp-content\/uploads\/2019\/07\/DSC_0040-2.jpg?w=700&amp;ssl=1 700w, https:\/\/i0.wp.com\/mundosemfim.com\/wp-content\/uploads\/2019\/07\/DSC_0040-2.jpg?resize=300%2C200&amp;ssl=1 300w\" sizes=\"auto, (max-width: 700px) 100vw, 700px\" \/><figcaption id=\"caption-attachment-9642\" class=\"wp-caption-text\">Famosa Est\u00e1tua do Gengis Khan<\/figcaption><\/figure>\n<p class=\"western\" lang=\"pt-BR\">N\u00e3o se paga nada para visitar a est\u00e1tua. Se voc\u00ea quiser subir nela, cobram uma taxa de 10 mil.<\/p>\n<p class=\"western\" lang=\"pt-BR\">Aqui est\u00e3o nossos v\u00eddeos mostrando como foi nossa viagem pelo Terelj e para a est\u00e1tua:<\/p>\n<div class=\"jetpack-video-wrapper\"><span class=\"embed-youtube\" style=\"text-align:center; display: block;\"><iframe loading=\"lazy\" class=\"youtube-player\" width=\"764\" height=\"430\" src=\"https:\/\/www.youtube.com\/embed\/oNJ7PtNI1MM?version=3&#038;rel=1&#038;showsearch=0&#038;showinfo=1&#038;iv_load_policy=1&#038;fs=1&#038;hl=pt-BR&#038;autohide=2&#038;wmode=transparent\" allowfullscreen=\"true\" style=\"border:0;\" sandbox=\"allow-scripts allow-same-origin allow-popups allow-presentation allow-popups-to-escape-sandbox\"><\/iframe><\/span><\/div>\n<div class=\"jetpack-video-wrapper\"><span class=\"embed-youtube\" style=\"text-align:center; display: block;\"><iframe loading=\"lazy\" class=\"youtube-player\" width=\"764\" height=\"430\" src=\"https:\/\/www.youtube.com\/embed\/ZG0pJv9MZTI?version=3&#038;rel=1&#038;showsearch=0&#038;showinfo=1&#038;iv_load_policy=1&#038;fs=1&#038;hl=pt-BR&#038;autohide=2&#038;wmode=transparent\" allowfullscreen=\"true\" style=\"border:0;\" sandbox=\"allow-scripts allow-same-origin allow-popups allow-presentation allow-popups-to-escape-sandbox\"><\/iframe><\/span><\/div>\n<p class=\"western\" lang=\"pt-BR\">\u00c9 isso, pessoal!<\/p>\n<p class=\"western\" lang=\"pt-BR\">Para mais dicas bacanas, n\u00e3o deixem de nos acompanhar em nossas redes sociais:<\/p>\n<ul>\n<li lang=\"pt-BR\"><a href=\"https:\/\/www.youtube.com\/c\/MundoSemFim\/?sub_confirmation=1\"><strong>YouTube<\/strong><\/a><\/li>\n<li lang=\"pt-BR\"><a href=\"https:\/\/www.facebook.com\/mundosemfimoficial\"><strong>Facebook<\/strong><\/a><\/li>\n<li lang=\"pt-BR\"><strong>insta: <a href=\"https:\/\/www.instagram.com\/mundosf\/\">@mundosf<\/a><\/strong><\/li>\n<\/ul>\n","protected":false},"excerpt":{"rendered":"<p>O Terelj \u00e9 o principal destino tur\u00edstico nos arredores de Ulan Bator. Quase todo mundo faz um tour para l\u00e1, mas voc\u00ea pode visit\u00e1-lo por conta pr\u00f3pria para economizar!<\/p>\n","protected":false},"author":1,"featured_media":9635,"comment_status":"open","ping_status":"open","sticky":false,"template":"","format":"standard","meta":{"jetpack_post_was_ever_published":false,"_jetpack_newsletter_access":"","_jetpack_dont_email_post_to_subs":false,"_jetpack_newsletter_tier_id":0,"_jetpack_memberships_contains_paywalled_content":false,"_jetpack_memberships_contains_paid_content":false,"footnotes":"","jetpack_publicize_message":"","jetpack_publicize_feature_enabled":true,"jetpack_social_post_already_shared":true,"jetpack_social_options":{"image_generator_settings":{"template":"highway","default_image_id":0,"font":"","enabled":false},"version":2}},"categories":[14,595,43,287],"tags":[],"class_list":["post-9634","post","type-post","status-publish","format-standard","has-post-thumbnail","hentry","category-camping","category-mongolia","category-natureza","category-parques-nacionais"],"yoast_head":"<!-- This site is optimized with the Yoast SEO plugin v27.5 - https:\/\/yoast.com\/product\/yoast-seo-wordpress\/ -->\n<title>Conhecendo o Parque Nacional Terelj em transporte p\u00fablico - Mundo Sem Fim<\/title>\n<meta name=\"robots\" content=\"index, follow, max-snippet:-1, max-image-preview:large, max-video-preview:-1\" \/>\n<link rel=\"canonical\" href=\"https:\/\/mundosemfim.com\/?p=9634\" \/>\n<meta property=\"og:locale\" content=\"pt_BR\" \/>\n<meta property=\"og:type\" content=\"article\" \/>\n<meta property=\"og:title\" content=\"Conhecendo o Parque Nacional Terelj em transporte p\u00fablico - Mundo Sem Fim\" \/>\n<meta property=\"og:description\" content=\"O Terelj \u00e9 o principal destino tur\u00edstico nos arredores de Ulan Bator. Quase todo mundo faz um tour para l\u00e1, mas voc\u00ea pode visit\u00e1-lo por conta pr\u00f3pria para economizar!\" \/>\n<meta property=\"og:url\" content=\"https:\/\/mundosemfim.com\/?p=9634\" \/>\n<meta property=\"og:site_name\" content=\"Mundo Sem Fim\" \/>\n<meta property=\"article:publisher\" content=\"http:\/\/www.facebook.com\/mundosemfimoficial\" \/>\n<meta property=\"article:published_time\" content=\"2019-07-25T08:22:46+00:00\" \/>\n<meta property=\"og:image\" content=\"https:\/\/i0.wp.com\/mundosemfim.com\/wp-content\/uploads\/2019\/07\/DSC_0022-2.jpg?fit=700%2C467&ssl=1\" \/>\n\t<meta property=\"og:image:width\" content=\"700\" \/>\n\t<meta property=\"og:image:height\" content=\"467\" \/>\n\t<meta property=\"og:image:type\" content=\"image\/jpeg\" \/>\n<meta name=\"author\" content=\"Renan\" \/>\n<meta name=\"twitter:card\" content=\"summary_large_image\" \/>\n<meta name=\"twitter:label1\" content=\"Escrito por\" \/>\n\t<meta name=\"twitter:data1\" content=\"Renan\" \/>\n\t<meta name=\"twitter:label2\" content=\"Est. tempo de leitura\" \/>\n\t<meta name=\"twitter:data2\" content=\"5 minutos\" \/>\n<script type=\"application\/ld+json\" class=\"yoast-schema-graph\">{\"@context\":\"https:\\\/\\\/schema.org\",\"@graph\":[{\"@type\":\"Article\",\"@id\":\"https:\\\/\\\/mundosemfim.com\\\/?p=9634#article\",\"isPartOf\":{\"@id\":\"https:\\\/\\\/mundosemfim.com\\\/?p=9634\"},\"author\":{\"name\":\"Renan\",\"@id\":\"https:\\\/\\\/mundosemfim.com\\\/#\\\/schema\\\/person\\\/b021d50f3a19bae432e9b69ffbfa9257\"},\"headline\":\"Conhecendo o Parque Nacional Terelj em transporte p\u00fablico\",\"datePublished\":\"2019-07-25T08:22:46+00:00\",\"mainEntityOfPage\":{\"@id\":\"https:\\\/\\\/mundosemfim.com\\\/?p=9634\"},\"wordCount\":935,\"commentCount\":0,\"image\":{\"@id\":\"https:\\\/\\\/mundosemfim.com\\\/?p=9634#primaryimage\"},\"thumbnailUrl\":\"https:\\\/\\\/i0.wp.com\\\/mundosemfim.com\\\/wp-content\\\/uploads\\\/2019\\\/07\\\/DSC_0022-2.jpg?fit=700%2C467&ssl=1\",\"articleSection\":[\"camping\",\"Mong\u00f3lia\",\"natureza\",\"parques nacionais\"],\"inLanguage\":\"pt-BR\",\"potentialAction\":[{\"@type\":\"CommentAction\",\"name\":\"Comment\",\"target\":[\"https:\\\/\\\/mundosemfim.com\\\/?p=9634#respond\"]}]},{\"@type\":\"WebPage\",\"@id\":\"https:\\\/\\\/mundosemfim.com\\\/?p=9634\",\"url\":\"https:\\\/\\\/mundosemfim.com\\\/?p=9634\",\"name\":\"Conhecendo o Parque Nacional Terelj em transporte p\u00fablico - Mundo Sem Fim\",\"isPartOf\":{\"@id\":\"https:\\\/\\\/mundosemfim.com\\\/#website\"},\"primaryImageOfPage\":{\"@id\":\"https:\\\/\\\/mundosemfim.com\\\/?p=9634#primaryimage\"},\"image\":{\"@id\":\"https:\\\/\\\/mundosemfim.com\\\/?p=9634#primaryimage\"},\"thumbnailUrl\":\"https:\\\/\\\/i0.wp.com\\\/mundosemfim.com\\\/wp-content\\\/uploads\\\/2019\\\/07\\\/DSC_0022-2.jpg?fit=700%2C467&ssl=1\",\"datePublished\":\"2019-07-25T08:22:46+00:00\",\"author\":{\"@id\":\"https:\\\/\\\/mundosemfim.com\\\/#\\\/schema\\\/person\\\/b021d50f3a19bae432e9b69ffbfa9257\"},\"breadcrumb\":{\"@id\":\"https:\\\/\\\/mundosemfim.com\\\/?p=9634#breadcrumb\"},\"inLanguage\":\"pt-BR\",\"potentialAction\":[{\"@type\":\"ReadAction\",\"target\":[\"https:\\\/\\\/mundosemfim.com\\\/?p=9634\"]}]},{\"@type\":\"ImageObject\",\"inLanguage\":\"pt-BR\",\"@id\":\"https:\\\/\\\/mundosemfim.com\\\/?p=9634#primaryimage\",\"url\":\"https:\\\/\\\/i0.wp.com\\\/mundosemfim.com\\\/wp-content\\\/uploads\\\/2019\\\/07\\\/DSC_0022-2.jpg?fit=700%2C467&ssl=1\",\"contentUrl\":\"https:\\\/\\\/i0.wp.com\\\/mundosemfim.com\\\/wp-content\\\/uploads\\\/2019\\\/07\\\/DSC_0022-2.jpg?fit=700%2C467&ssl=1\",\"width\":700,\"height\":467,\"caption\":\"Parque Nacional Terelj\"},{\"@type\":\"BreadcrumbList\",\"@id\":\"https:\\\/\\\/mundosemfim.com\\\/?p=9634#breadcrumb\",\"itemListElement\":[{\"@type\":\"ListItem\",\"position\":1,\"name\":\"In\u00edcio\",\"item\":\"https:\\\/\\\/mundosemfim.com\\\/\"},{\"@type\":\"ListItem\",\"position\":2,\"name\":\"Conhecendo o Parque Nacional Terelj em transporte p\u00fablico\"}]},{\"@type\":\"WebSite\",\"@id\":\"https:\\\/\\\/mundosemfim.com\\\/#website\",\"url\":\"https:\\\/\\\/mundosemfim.com\\\/\",\"name\":\"Mundo Sem Fim\",\"description\":\"uma viagem de volta ao mundo pelos 5 continentes!\",\"potentialAction\":[{\"@type\":\"SearchAction\",\"target\":{\"@type\":\"EntryPoint\",\"urlTemplate\":\"https:\\\/\\\/mundosemfim.com\\\/?s={search_term_string}\"},\"query-input\":{\"@type\":\"PropertyValueSpecification\",\"valueRequired\":true,\"valueName\":\"search_term_string\"}}],\"inLanguage\":\"pt-BR\"},{\"@type\":\"Person\",\"@id\":\"https:\\\/\\\/mundosemfim.com\\\/#\\\/schema\\\/person\\\/b021d50f3a19bae432e9b69ffbfa9257\",\"name\":\"Renan\",\"image\":{\"@type\":\"ImageObject\",\"inLanguage\":\"pt-BR\",\"@id\":\"https:\\\/\\\/secure.gravatar.com\\\/avatar\\\/faafca769a603ac75196d21826f3bda645d7e2d6306bb6e236d8cdb38eb44e38?s=96&d=mm&r=g\",\"url\":\"https:\\\/\\\/secure.gravatar.com\\\/avatar\\\/faafca769a603ac75196d21826f3bda645d7e2d6306bb6e236d8cdb38eb44e38?s=96&d=mm&r=g\",\"contentUrl\":\"https:\\\/\\\/secure.gravatar.com\\\/avatar\\\/faafca769a603ac75196d21826f3bda645d7e2d6306bb6e236d8cdb38eb44e38?s=96&d=mm&r=g\",\"caption\":\"Renan\"}}]}<\/script>\n<!-- \/ Yoast SEO plugin. -->","yoast_head_json":{"title":"Conhecendo o Parque Nacional Terelj em transporte p\u00fablico - Mundo Sem Fim","robots":{"index":"index","follow":"follow","max-snippet":"max-snippet:-1","max-image-preview":"max-image-preview:large","max-video-preview":"max-video-preview:-1"},"canonical":"https:\/\/mundosemfim.com\/?p=9634","og_locale":"pt_BR","og_type":"article","og_title":"Conhecendo o Parque Nacional Terelj em transporte p\u00fablico - Mundo Sem Fim","og_description":"O Terelj \u00e9 o principal destino tur\u00edstico nos arredores de Ulan Bator. Quase todo mundo faz um tour para l\u00e1, mas voc\u00ea pode visit\u00e1-lo por conta pr\u00f3pria para economizar!","og_url":"https:\/\/mundosemfim.com\/?p=9634","og_site_name":"Mundo Sem Fim","article_publisher":"http:\/\/www.facebook.com\/mundosemfimoficial","article_published_time":"2019-07-25T08:22:46+00:00","og_image":[{"width":700,"height":467,"url":"https:\/\/i0.wp.com\/mundosemfim.com\/wp-content\/uploads\/2019\/07\/DSC_0022-2.jpg?fit=700%2C467&ssl=1","type":"image\/jpeg"}],"author":"Renan","twitter_card":"summary_large_image","twitter_misc":{"Escrito por":"Renan","Est. tempo de leitura":"5 minutos"},"schema":{"@context":"https:\/\/schema.org","@graph":[{"@type":"Article","@id":"https:\/\/mundosemfim.com\/?p=9634#article","isPartOf":{"@id":"https:\/\/mundosemfim.com\/?p=9634"},"author":{"name":"Renan","@id":"https:\/\/mundosemfim.com\/#\/schema\/person\/b021d50f3a19bae432e9b69ffbfa9257"},"headline":"Conhecendo o Parque Nacional Terelj em transporte p\u00fablico","datePublished":"2019-07-25T08:22:46+00:00","mainEntityOfPage":{"@id":"https:\/\/mundosemfim.com\/?p=9634"},"wordCount":935,"commentCount":0,"image":{"@id":"https:\/\/mundosemfim.com\/?p=9634#primaryimage"},"thumbnailUrl":"https:\/\/i0.wp.com\/mundosemfim.com\/wp-content\/uploads\/2019\/07\/DSC_0022-2.jpg?fit=700%2C467&ssl=1","articleSection":["camping","Mong\u00f3lia","natureza","parques nacionais"],"inLanguage":"pt-BR","potentialAction":[{"@type":"CommentAction","name":"Comment","target":["https:\/\/mundosemfim.com\/?p=9634#respond"]}]},{"@type":"WebPage","@id":"https:\/\/mundosemfim.com\/?p=9634","url":"https:\/\/mundosemfim.com\/?p=9634","name":"Conhecendo o Parque Nacional Terelj em transporte p\u00fablico - Mundo Sem Fim","isPartOf":{"@id":"https:\/\/mundosemfim.com\/#website"},"primaryImageOfPage":{"@id":"https:\/\/mundosemfim.com\/?p=9634#primaryimage"},"image":{"@id":"https:\/\/mundosemfim.com\/?p=9634#primaryimage"},"thumbnailUrl":"https:\/\/i0.wp.com\/mundosemfim.com\/wp-content\/uploads\/2019\/07\/DSC_0022-2.jpg?fit=700%2C467&ssl=1","datePublished":"2019-07-25T08:22:46+00:00","author":{"@id":"https:\/\/mundosemfim.com\/#\/schema\/person\/b021d50f3a19bae432e9b69ffbfa9257"},"breadcrumb":{"@id":"https:\/\/mundosemfim.com\/?p=9634#breadcrumb"},"inLanguage":"pt-BR","potentialAction":[{"@type":"ReadAction","target":["https:\/\/mundosemfim.com\/?p=9634"]}]},{"@type":"ImageObject","inLanguage":"pt-BR","@id":"https:\/\/mundosemfim.com\/?p=9634#primaryimage","url":"https:\/\/i0.wp.com\/mundosemfim.com\/wp-content\/uploads\/2019\/07\/DSC_0022-2.jpg?fit=700%2C467&ssl=1","contentUrl":"https:\/\/i0.wp.com\/mundosemfim.com\/wp-content\/uploads\/2019\/07\/DSC_0022-2.jpg?fit=700%2C467&ssl=1","width":700,"height":467,"caption":"Parque Nacional Terelj"},{"@type":"BreadcrumbList","@id":"https:\/\/mundosemfim.com\/?p=9634#breadcrumb","itemListElement":[{"@type":"ListItem","position":1,"name":"In\u00edcio","item":"https:\/\/mundosemfim.com\/"},{"@type":"ListItem","position":2,"name":"Conhecendo o Parque Nacional Terelj em transporte p\u00fablico"}]},{"@type":"WebSite","@id":"https:\/\/mundosemfim.com\/#website","url":"https:\/\/mundosemfim.com\/","name":"Mundo Sem Fim","description":"uma viagem de volta ao mundo pelos 5 continentes!","potentialAction":[{"@type":"SearchAction","target":{"@type":"EntryPoint","urlTemplate":"https:\/\/mundosemfim.com\/?s={search_term_string}"},"query-input":{"@type":"PropertyValueSpecification","valueRequired":true,"valueName":"search_term_string"}}],"inLanguage":"pt-BR"},{"@type":"Person","@id":"https:\/\/mundosemfim.com\/#\/schema\/person\/b021d50f3a19bae432e9b69ffbfa9257","name":"Renan","image":{"@type":"ImageObject","inLanguage":"pt-BR","@id":"https:\/\/secure.gravatar.com\/avatar\/faafca769a603ac75196d21826f3bda645d7e2d6306bb6e236d8cdb38eb44e38?s=96&d=mm&r=g","url":"https:\/\/secure.gravatar.com\/avatar\/faafca769a603ac75196d21826f3bda645d7e2d6306bb6e236d8cdb38eb44e38?s=96&d=mm&r=g","contentUrl":"https:\/\/secure.gravatar.com\/avatar\/faafca769a603ac75196d21826f3bda645d7e2d6306bb6e236d8cdb38eb44e38?s=96&d=mm&r=g","caption":"Renan"}}]}},"jetpack_publicize_connections":[],"jetpack_featured_media_url":"https:\/\/i0.wp.com\/mundosemfim.com\/wp-content\/uploads\/2019\/07\/DSC_0022-2.jpg?fit=700%2C467&ssl=1","jetpack_sharing_enabled":true,"jetpack_shortlink":"https:\/\/wp.me\/p7CQyF-2vo","jetpack-related-posts":[{"id":9672,"url":"https:\/\/mundosemfim.com\/?p=9672","url_meta":{"origin":9634,"position":0},"title":"Conhecendo Ulan Bator, a capital da Mong\u00f3lia","author":"Renan","date":"julho 28, 2019","format":false,"excerpt":"Ulan Bator (ou Ulaanbaatar) costuma ser a base para os viajantes que querem conhecer a Mong\u00f3lia. Aqui contamos um pouco sobre ela e mostramos o que fazer por l\u00e1! C\u00e2mbio oficial (jul\/2019) 1 real = 706 tugriks 1 d\u00f3lar = 2663 tugriks 1 euro = 2964 tugriks Com cerca de\u2026","rel":"","context":"Em &quot;capital&quot;","block_context":{"text":"capital","link":"https:\/\/mundosemfim.com\/?cat=396"},"img":{"alt_text":"Ulan Bator","src":"https:\/\/i0.wp.com\/mundosemfim.com\/wp-content\/uploads\/2019\/07\/DSC_0134.jpg?fit=700%2C467&ssl=1&resize=350%2C200","width":350,"height":200,"srcset":"https:\/\/i0.wp.com\/mundosemfim.com\/wp-content\/uploads\/2019\/07\/DSC_0134.jpg?fit=700%2C467&ssl=1&resize=350%2C200 1x, https:\/\/i0.wp.com\/mundosemfim.com\/wp-content\/uploads\/2019\/07\/DSC_0134.jpg?fit=700%2C467&ssl=1&resize=525%2C300 1.5x, https:\/\/i0.wp.com\/mundosemfim.com\/wp-content\/uploads\/2019\/07\/DSC_0134.jpg?fit=700%2C467&ssl=1&resize=700%2C400 2x"},"classes":[]},{"id":9590,"url":"https:\/\/mundosemfim.com\/?p=9590","url_meta":{"origin":9634,"position":1},"title":"Como cruzar a fronteira China \u2013 Mong\u00f3lia por terra","author":"Renan","date":"julho 2, 2019","format":false,"excerpt":"Como fizemos para ir de Pequim a Ulan Bator da forma mais econ\u00f4mica poss\u00edvel. C\u00e2mbio oficial (jul\/2019) 1 d\u00f3lar = 6,87 yuan (dinheiro chin\u00eas) 1 euro = 7,76 yuan 1 real = 1,79 yuan 1 d\u00f3lar = 2.660 MNT (dinheiro mongol) 1 euro = 3005 MNT 1 real = 693\u2026","rel":"","context":"Em &quot;China&quot;","block_context":{"text":"China","link":"https:\/\/mundosemfim.com\/?cat=576"},"img":{"alt_text":"Imigra\u00e7\u00e3o China - Mong\u00f3lia","src":"https:\/\/i0.wp.com\/mundosemfim.com\/wp-content\/uploads\/2019\/07\/GOPR6303.jpg?fit=700%2C525&ssl=1&resize=350%2C200","width":350,"height":200,"srcset":"https:\/\/i0.wp.com\/mundosemfim.com\/wp-content\/uploads\/2019\/07\/GOPR6303.jpg?fit=700%2C525&ssl=1&resize=350%2C200 1x, https:\/\/i0.wp.com\/mundosemfim.com\/wp-content\/uploads\/2019\/07\/GOPR6303.jpg?fit=700%2C525&ssl=1&resize=525%2C300 1.5x, https:\/\/i0.wp.com\/mundosemfim.com\/wp-content\/uploads\/2019\/07\/GOPR6303.jpg?fit=700%2C525&ssl=1&resize=700%2C400 2x"},"classes":[]},{"id":9685,"url":"https:\/\/mundosemfim.com\/?p=9685","url_meta":{"origin":9634,"position":2},"title":"Cruzando a fronteira Mong\u00f3lia \u2013 China por Bulgan \u2013 Takashiken (Xinjiang)","author":"Renan","date":"agosto 4, 2019","format":false,"excerpt":"Como foi cruzar da Mong\u00f3lia para a prov\u00edncia de Xinjiang (China) \u2013 a fronteira mais tensa que j\u00e1 cruzamos at\u00e9 hoje. C\u00e2mbio oficial (agosto\/2019) 1 real = 684 tugriks (dinheiro mongol) 1 d\u00f3lar = 2655 tugriks 1 euro = 2950 tugriks 1 real = 1,79 yuan (dinheiro chin\u00eas) 1 d\u00f3lar\u2026","rel":"","context":"Em &quot;China&quot;","block_context":{"text":"China","link":"https:\/\/mundosemfim.com\/?cat=576"},"img":{"alt_text":"Cruzando Mong\u00f3lia - China (Xinjiang)","src":"https:\/\/i0.wp.com\/mundosemfim.com\/wp-content\/uploads\/2019\/08\/G0018119.jpg?fit=700%2C525&ssl=1&resize=350%2C200","width":350,"height":200,"srcset":"https:\/\/i0.wp.com\/mundosemfim.com\/wp-content\/uploads\/2019\/08\/G0018119.jpg?fit=700%2C525&ssl=1&resize=350%2C200 1x, https:\/\/i0.wp.com\/mundosemfim.com\/wp-content\/uploads\/2019\/08\/G0018119.jpg?fit=700%2C525&ssl=1&resize=525%2C300 1.5x, https:\/\/i0.wp.com\/mundosemfim.com\/wp-content\/uploads\/2019\/08\/G0018119.jpg?fit=700%2C525&ssl=1&resize=700%2C400 2x"},"classes":[]},{"id":9644,"url":"https:\/\/mundosemfim.com\/?p=9644","url_meta":{"origin":9634,"position":3},"title":"Viajando de carona pelo Deserto de Gobi (Mong\u00f3lia)","author":"Renan","date":"julho 25, 2019","format":false,"excerpt":"Tentar cruzar o deserto de Gobi de carona foi a experi\u00eancia mais fant\u00e1stica que vivemos na Mong\u00f3lia. Aqui contamos como foi! C\u00e2mbio oficial (jul\/2019) 1 real = 706 tugriks 1 d\u00f3lar = 2663 tugriks 1 euro = 2964 tugriks N\u00f3s quer\u00edamos conhecer o famoso Deserto de Gobi, mas n\u00e3o quer\u00edamos\u2026","rel":"","context":"Em &quot;carona&quot;","block_context":{"text":"carona","link":"https:\/\/mundosemfim.com\/?cat=360"},"img":{"alt_text":"Mochilando pelo deserto de Gobi","src":"https:\/\/i0.wp.com\/mundosemfim.com\/wp-content\/uploads\/2019\/07\/DSC_0792.jpg?fit=700%2C467&ssl=1&resize=350%2C200","width":350,"height":200,"srcset":"https:\/\/i0.wp.com\/mundosemfim.com\/wp-content\/uploads\/2019\/07\/DSC_0792.jpg?fit=700%2C467&ssl=1&resize=350%2C200 1x, https:\/\/i0.wp.com\/mundosemfim.com\/wp-content\/uploads\/2019\/07\/DSC_0792.jpg?fit=700%2C467&ssl=1&resize=525%2C300 1.5x, https:\/\/i0.wp.com\/mundosemfim.com\/wp-content\/uploads\/2019\/07\/DSC_0792.jpg?fit=700%2C467&ssl=1&resize=700%2C400 2x"},"classes":[]},{"id":9600,"url":"https:\/\/mundosemfim.com\/?p=9600","url_meta":{"origin":9634,"position":4},"title":"Como funciona o visto para a Mong\u00f3lia","author":"Renan","date":"julho 4, 2019","format":false,"excerpt":"Quer visitar a Mong\u00f3lia? Saiba como funciona a entrada no pa\u00eds. A Mong\u00f3lia \u00e9 um dos pa\u00edses mais interessantes que j\u00e1 visitamos. Com um territ\u00f3rio extenso, uma popula\u00e7\u00e3o min\u00fascula e um povo hospitaleiro, este \u00e9 o para\u00edso para aqueles que curtem um pouco de aventura. A boa not\u00edcia \u00e9 que\u2026","rel":"","context":"Em &quot;Mong\u00f3lia&quot;","block_context":{"text":"Mong\u00f3lia","link":"https:\/\/mundosemfim.com\/?cat=595"},"img":{"alt_text":"Registro Mong\u00f3lia","src":"https:\/\/i0.wp.com\/mundosemfim.com\/wp-content\/uploads\/2019\/07\/DSC_0096.jpg?fit=800%2C533&ssl=1&resize=350%2C200","width":350,"height":200,"srcset":"https:\/\/i0.wp.com\/mundosemfim.com\/wp-content\/uploads\/2019\/07\/DSC_0096.jpg?fit=800%2C533&ssl=1&resize=350%2C200 1x, https:\/\/i0.wp.com\/mundosemfim.com\/wp-content\/uploads\/2019\/07\/DSC_0096.jpg?fit=800%2C533&ssl=1&resize=525%2C300 1.5x, https:\/\/i0.wp.com\/mundosemfim.com\/wp-content\/uploads\/2019\/07\/DSC_0096.jpg?fit=800%2C533&ssl=1&resize=700%2C400 2x"},"classes":[]},{"id":8980,"url":"https:\/\/mundosemfim.com\/?p=8980","url_meta":{"origin":9634,"position":5},"title":"Buddha Park \u2013 o parque assustador de Vientiane (Laos)","author":"Renan","date":"janeiro 6, 2019","format":false,"excerpt":"Xieng Khuan, mais conhecido por \"Buddha Park\", \u00e9 um parque com est\u00e1tuas do Buda localizado pr\u00f3ximo \u00e0 cidade de Vientiane, no Laos. Com suas est\u00e1tuas um tanto assustadoras, este lugar se tornou um destino tur\u00edstico inusitado no pa\u00eds. Aqui ensinamos como visit\u00e1-lo! C\u00e2mbio oficial (jan\/2018) 1 real = 2.300 kips\u2026","rel":"","context":"Em &quot;\u00c1sia&quot;","block_context":{"text":"\u00c1sia","link":"https:\/\/mundosemfim.com\/?cat=489"},"img":{"alt_text":"","src":"https:\/\/i0.wp.com\/mundosemfim.com\/wp-content\/uploads\/2019\/01\/DSC_0087.jpg?fit=800%2C533&ssl=1&resize=350%2C200","width":350,"height":200,"srcset":"https:\/\/i0.wp.com\/mundosemfim.com\/wp-content\/uploads\/2019\/01\/DSC_0087.jpg?fit=800%2C533&ssl=1&resize=350%2C200 1x, https:\/\/i0.wp.com\/mundosemfim.com\/wp-content\/uploads\/2019\/01\/DSC_0087.jpg?fit=800%2C533&ssl=1&resize=525%2C300 1.5x, https:\/\/i0.wp.com\/mundosemfim.com\/wp-content\/uploads\/2019\/01\/DSC_0087.jpg?fit=800%2C533&ssl=1&resize=700%2C400 2x"},"classes":[]}],"_links":{"self":[{"href":"https:\/\/mundosemfim.com\/index.php?rest_route=\/wp\/v2\/posts\/9634","targetHints":{"allow":["GET"]}}],"collection":[{"href":"https:\/\/mundosemfim.com\/index.php?rest_route=\/wp\/v2\/posts"}],"about":[{"href":"https:\/\/mundosemfim.com\/index.php?rest_route=\/wp\/v2\/types\/post"}],"author":[{"embeddable":true,"href":"https:\/\/mundosemfim.com\/index.php?rest_route=\/wp\/v2\/users\/1"}],"replies":[{"embeddable":true,"href":"https:\/\/mundosemfim.com\/index.php?rest_route=%2Fwp%2Fv2%2Fcomments&post=9634"}],"version-history":[{"count":1,"href":"https:\/\/mundosemfim.com\/index.php?rest_route=\/wp\/v2\/posts\/9634\/revisions"}],"predecessor-version":[{"id":9643,"href":"https:\/\/mundosemfim.com\/index.php?rest_route=\/wp\/v2\/posts\/9634\/revisions\/9643"}],"wp:featuredmedia":[{"embeddable":true,"href":"https:\/\/mundosemfim.com\/index.php?rest_route=\/wp\/v2\/media\/9635"}],"wp:attachment":[{"href":"https:\/\/mundosemfim.com\/index.php?rest_route=%2Fwp%2Fv2%2Fmedia&parent=9634"}],"wp:term":[{"taxonomy":"category","embeddable":true,"href":"https:\/\/mundosemfim.com\/index.php?rest_route=%2Fwp%2Fv2%2Fcategories&post=9634"},{"taxonomy":"post_tag","embeddable":true,"href":"https:\/\/mundosemfim.com\/index.php?rest_route=%2Fwp%2Fv2%2Ftags&post=9634"}],"curies":[{"name":"wp","href":"https:\/\/api.w.org\/{rel}","templated":true}]}}