{"id":95,"date":"2015-06-24T17:37:14","date_gmt":"2015-06-24T20:37:14","guid":{"rendered":"https:\/\/mundosemfim.com\/?p=95"},"modified":"2017-02-10T18:50:59","modified_gmt":"2017-02-10T20:50:59","slug":"passeio-na-serra-da-canastra","status":"publish","type":"post","link":"https:\/\/mundosemfim.com\/?p=95","title":{"rendered":"Serra da Canastra &#8211; como foi nosso passeio por l\u00e1!"},"content":{"rendered":"<p>Aproveitando nosso pequeno per\u00edodo de &#8220;f\u00e9rias&#8221; (isto \u00e9, antes de come\u00e7armos a viagem pelo mundo), demos um pulo na Serra da Canastra para passar o tempo e treinar um pouco a arte da fotografia. Vamos dividir com voc\u00eas um\u00a0pouco do que vimos e aprendemos\u00a0nesta viagem!<\/p>\n<p><!--more--><\/p>\n<p>O Parque\u00a0Nacional Serra da Canastra fica localizada no estado de Minas Gerais, a cerca de 550 km de S\u00e3o Paulo e 320 km de Belo Horizonte. \u00c9 conhecido por\u00a0guardar a nascente do rio S\u00e3o Francisco e tamb\u00e9m por abrigar alguns animais que est\u00e3o em extin\u00e7\u00e3o, como o lobo guar\u00e1 e o tamandu\u00e1 bandeira (embora n\u00e3o tivemos sorte de ver nenhum dos dois por ali).<\/p>\n<figure id=\"attachment_96\" aria-describedby=\"caption-attachment-96\" style=\"width: 764px\" class=\"wp-caption alignnone\"><img data-recalc-dims=\"1\" loading=\"lazy\" decoding=\"async\" data-attachment-id=\"96\" data-permalink=\"https:\/\/mundosemfim.com\/?attachment_id=96\" data-orig-file=\"https:\/\/i0.wp.com\/mundosemfim.com\/wp-content\/uploads\/2015\/06\/gedc1054-1.jpg?fit=3264%2C2448&amp;ssl=1\" data-orig-size=\"3264,2448\" data-comments-opened=\"1\" data-image-meta=\"{&quot;aperture&quot;:&quot;3&quot;,&quot;credit&quot;:&quot;&quot;,&quot;camera&quot;:&quot;X500&quot;,&quot;caption&quot;:&quot;GEDSC DIGITAL CAMERA&quot;,&quot;created_timestamp&quot;:&quot;1434710286&quot;,&quot;copyright&quot;:&quot;&quot;,&quot;focal_length&quot;:&quot;4.9&quot;,&quot;iso&quot;:&quot;80&quot;,&quot;shutter_speed&quot;:&quot;0.0010526315789474&quot;,&quot;title&quot;:&quot;GEDSC DIGITAL CAMERA&quot;,&quot;orientation&quot;:&quot;1&quot;}\" data-image-title=\"Nascente do rio S\u00e3o Francisco, na Serra da Canastra\" data-image-description=\"\" data-image-caption=\"&lt;p&gt;Nascente do rio S\u00e3o Francisco, na Serra da Canastra&lt;\/p&gt;\n\" data-large-file=\"https:\/\/i0.wp.com\/mundosemfim.com\/wp-content\/uploads\/2015\/06\/gedc1054-1.jpg?fit=764%2C573&amp;ssl=1\" class=\"wp-image-96 size-large\" src=\"https:\/\/i0.wp.com\/mundosemfim.com\/wp-content\/uploads\/2015\/06\/gedc1054-1.jpg?resize=764%2C573&#038;ssl=1\" alt=\"Nascente do rio S\u00e3o Francisco, na Serra da Canastra\" width=\"764\" height=\"573\" srcset=\"https:\/\/i0.wp.com\/mundosemfim.com\/wp-content\/uploads\/2015\/06\/gedc1054-1.jpg?resize=1024%2C768&amp;ssl=1 1024w, https:\/\/i0.wp.com\/mundosemfim.com\/wp-content\/uploads\/2015\/06\/gedc1054-1.jpg?resize=300%2C225&amp;ssl=1 300w, https:\/\/i0.wp.com\/mundosemfim.com\/wp-content\/uploads\/2015\/06\/gedc1054-1.jpg?resize=768%2C576&amp;ssl=1 768w, https:\/\/i0.wp.com\/mundosemfim.com\/wp-content\/uploads\/2015\/06\/gedc1054-1.jpg?resize=660%2C495&amp;ssl=1 660w, https:\/\/i0.wp.com\/mundosemfim.com\/wp-content\/uploads\/2015\/06\/gedc1054-1.jpg?w=1528&amp;ssl=1 1528w, https:\/\/i0.wp.com\/mundosemfim.com\/wp-content\/uploads\/2015\/06\/gedc1054-1.jpg?w=2292&amp;ssl=1 2292w\" sizes=\"auto, (max-width: 764px) 100vw, 764px\" \/><figcaption id=\"caption-attachment-96\" class=\"wp-caption-text\">Michele ao lado da nascente do rio S\u00e3o Francisco, na Serra da Canastra<\/figcaption><\/figure>\n<h3><strong>Acesso<\/strong><\/h3>\n<p>O acesso ao Parque Nacional (mostrado em vermelho no mapa abaixo) custa 8 reais por pessoa e pode ser feito pelas cidades de Sacramento, S\u00e3o Jo\u00e3o Batista e S\u00e3o Roque de Minas, sendo esta \u00faltima mais f\u00e1cil e mais pr\u00f3xima das principais atra\u00e7\u00f5es do parque.<\/p>\n<figure id=\"attachment_97\" aria-describedby=\"caption-attachment-97\" style=\"width: 637px\" class=\"wp-caption alignnone\"><img data-recalc-dims=\"1\" loading=\"lazy\" decoding=\"async\" data-attachment-id=\"97\" data-permalink=\"https:\/\/mundosemfim.com\/?attachment_id=97\" data-orig-file=\"https:\/\/i0.wp.com\/mundosemfim.com\/wp-content\/uploads\/2015\/06\/mapa-serra-da-canastra.png?fit=637%2C433&amp;ssl=1\" data-orig-size=\"637,433\" data-comments-opened=\"1\" data-image-meta=\"{&quot;aperture&quot;:&quot;0&quot;,&quot;credit&quot;:&quot;&quot;,&quot;camera&quot;:&quot;&quot;,&quot;caption&quot;:&quot;&quot;,&quot;created_timestamp&quot;:&quot;0&quot;,&quot;copyright&quot;:&quot;&quot;,&quot;focal_length&quot;:&quot;0&quot;,&quot;iso&quot;:&quot;0&quot;,&quot;shutter_speed&quot;:&quot;0&quot;,&quot;title&quot;:&quot;&quot;,&quot;orientation&quot;:&quot;0&quot;}\" data-image-title=\"mapa Serra da Canastra\" data-image-description=\"\" data-image-caption=\"&lt;p&gt;mapa da Serra da Canastra&lt;\/p&gt;\n\" data-large-file=\"https:\/\/i0.wp.com\/mundosemfim.com\/wp-content\/uploads\/2015\/06\/mapa-serra-da-canastra.png?fit=637%2C433&amp;ssl=1\" class=\"wp-image-97 size-full\" src=\"https:\/\/i0.wp.com\/mundosemfim.com\/wp-content\/uploads\/2015\/06\/mapa-serra-da-canastra.png?resize=637%2C433&#038;ssl=1\" alt=\"mapa da Serra da Canastra\" width=\"637\" height=\"433\" srcset=\"https:\/\/i0.wp.com\/mundosemfim.com\/wp-content\/uploads\/2015\/06\/mapa-serra-da-canastra.png?w=637&amp;ssl=1 637w, https:\/\/i0.wp.com\/mundosemfim.com\/wp-content\/uploads\/2015\/06\/mapa-serra-da-canastra.png?resize=300%2C204&amp;ssl=1 300w\" sizes=\"auto, (max-width: 637px) 100vw, 637px\" \/><figcaption id=\"caption-attachment-97\" class=\"wp-caption-text\">mapa da Serra da Canastra<\/figcaption><\/figure>\n<p>H\u00e1 tamb\u00e9m uma entrada em S\u00e3o Jos\u00e9 do Barreiro, por\u00e9m\u00a0ele \u00e9 feito\u00a0somente a p\u00e9.\u00a0Esta entrada d\u00e1 acesso \u00e0 parte baixa da cachoeira Casca d&#8217;Anta.<\/p>\n<p>As estradas dentro do Parque Nacional est\u00e3o bem prec\u00e1rias e se recomenda entrar somente com ve\u00edculos 4&#215;4, embora encontramos algumas pessoas se aventurando com carros populares. Uma empreiteira est\u00e1 trabalhando para arrumar a estrada, e espera-se que at\u00e9 o fim do ano o acesso j\u00e1 esteja mais f\u00e1cil.<\/p>\n<figure id=\"attachment_98\" aria-describedby=\"caption-attachment-98\" style=\"width: 764px\" class=\"wp-caption alignnone\"><img data-recalc-dims=\"1\" loading=\"lazy\" decoding=\"async\" data-attachment-id=\"98\" data-permalink=\"https:\/\/mundosemfim.com\/?attachment_id=98\" data-orig-file=\"https:\/\/i0.wp.com\/mundosemfim.com\/wp-content\/uploads\/2015\/06\/p6190049.jpg?fit=1920%2C1280&amp;ssl=1\" data-orig-size=\"1920,1280\" data-comments-opened=\"1\" data-image-meta=\"{&quot;aperture&quot;:&quot;11&quot;,&quot;credit&quot;:&quot;&quot;,&quot;camera&quot;:&quot;TG-630&quot;,&quot;caption&quot;:&quot;OLYMPUS DIGITAL CAMERA&quot;,&quot;created_timestamp&quot;:&quot;1434715705&quot;,&quot;copyright&quot;:&quot;&quot;,&quot;focal_length&quot;:&quot;5&quot;,&quot;iso&quot;:&quot;100&quot;,&quot;shutter_speed&quot;:&quot;0.004&quot;,&quot;title&quot;:&quot;OLYMPUS DIGITAL CAMERA&quot;,&quot;orientation&quot;:&quot;1&quot;}\" data-image-title=\"Estrada na Serra da Canastra\" data-image-description=\"\" data-image-caption=\"&lt;p&gt;Carros com suspens\u00e3o baixa podem sofrer um pouco nessas estradas&lt;\/p&gt;\n\" data-large-file=\"https:\/\/i0.wp.com\/mundosemfim.com\/wp-content\/uploads\/2015\/06\/p6190049.jpg?fit=764%2C510&amp;ssl=1\" class=\"wp-image-98 size-large\" src=\"https:\/\/i0.wp.com\/mundosemfim.com\/wp-content\/uploads\/2015\/06\/p6190049.jpg?resize=764%2C510&#038;ssl=1\" alt=\"Estradas da Serra da Canastra\" width=\"764\" height=\"510\" srcset=\"https:\/\/i0.wp.com\/mundosemfim.com\/wp-content\/uploads\/2015\/06\/p6190049.jpg?resize=1024%2C683&amp;ssl=1 1024w, https:\/\/i0.wp.com\/mundosemfim.com\/wp-content\/uploads\/2015\/06\/p6190049.jpg?resize=300%2C200&amp;ssl=1 300w, https:\/\/i0.wp.com\/mundosemfim.com\/wp-content\/uploads\/2015\/06\/p6190049.jpg?resize=768%2C512&amp;ssl=1 768w, https:\/\/i0.wp.com\/mundosemfim.com\/wp-content\/uploads\/2015\/06\/p6190049.jpg?resize=200%2C133&amp;ssl=1 200w, https:\/\/i0.wp.com\/mundosemfim.com\/wp-content\/uploads\/2015\/06\/p6190049.jpg?resize=660%2C440&amp;ssl=1 660w, https:\/\/i0.wp.com\/mundosemfim.com\/wp-content\/uploads\/2015\/06\/p6190049.jpg?w=1920&amp;ssl=1 1920w, https:\/\/i0.wp.com\/mundosemfim.com\/wp-content\/uploads\/2015\/06\/p6190049.jpg?w=1528&amp;ssl=1 1528w\" sizes=\"auto, (max-width: 764px) 100vw, 764px\" \/><figcaption id=\"caption-attachment-98\" class=\"wp-caption-text\">Carros com suspens\u00e3o baixa podem sofrer um pouco nessas estradas<\/figcaption><\/figure>\n<p>De qualquer forma,\u00a0se n\u00e3o tiver condi\u00e7\u00f5es de entrar no parque com seu carro, a viagem ainda vale a pena.\u00a0Fora da \u00e1rea do parque as estradas est\u00e3o boas (apesar de serem de terra) e d\u00e3o acesso a in\u00fameras cachoeiras, rios e vistas surpreendentes.<\/p>\n<figure id=\"attachment_99\" aria-describedby=\"caption-attachment-99\" style=\"width: 764px\" class=\"wp-caption alignnone\"><img data-recalc-dims=\"1\" loading=\"lazy\" decoding=\"async\" data-attachment-id=\"99\" data-permalink=\"https:\/\/mundosemfim.com\/?attachment_id=99\" data-orig-file=\"https:\/\/i0.wp.com\/mundosemfim.com\/wp-content\/uploads\/2015\/06\/gedc1153.jpg?fit=3264%2C2448&amp;ssl=1\" data-orig-size=\"3264,2448\" data-comments-opened=\"1\" data-image-meta=\"{&quot;aperture&quot;:&quot;6.6&quot;,&quot;credit&quot;:&quot;&quot;,&quot;camera&quot;:&quot;X500&quot;,&quot;caption&quot;:&quot;GEDSC DIGITAL CAMERA&quot;,&quot;created_timestamp&quot;:&quot;1434806399&quot;,&quot;copyright&quot;:&quot;&quot;,&quot;focal_length&quot;:&quot;4.9&quot;,&quot;iso&quot;:&quot;80&quot;,&quot;shutter_speed&quot;:&quot;0.02&quot;,&quot;title&quot;:&quot;GEDSC DIGITAL CAMERA&quot;,&quot;orientation&quot;:&quot;1&quot;}\" data-image-title=\"Cachoeira Casca d&amp;#8217;Anta &amp;#8211; parte baixa.\" data-image-description=\"\" data-image-caption=\"&lt;p&gt;Parte baixa da cachoeira Casca d&amp;#8217;Anta, que pode ser facilmente acessada a partir da cidade de S\u00e3o Jos\u00e9 do Barreiro.&lt;\/p&gt;\n\" data-large-file=\"https:\/\/i0.wp.com\/mundosemfim.com\/wp-content\/uploads\/2015\/06\/gedc1153.jpg?fit=764%2C573&amp;ssl=1\" class=\"wp-image-99 size-large\" src=\"https:\/\/i0.wp.com\/mundosemfim.com\/wp-content\/uploads\/2015\/06\/gedc1153.jpg?resize=764%2C573&#038;ssl=1\" alt=\"Parte baixa da cachoeira Casca d'Anta, que pode ser facilmente acessada a partir da cidade de S\u00e3o Jos\u00e9 do Barreiro.\" width=\"764\" height=\"573\" srcset=\"https:\/\/i0.wp.com\/mundosemfim.com\/wp-content\/uploads\/2015\/06\/gedc1153.jpg?resize=1024%2C768&amp;ssl=1 1024w, https:\/\/i0.wp.com\/mundosemfim.com\/wp-content\/uploads\/2015\/06\/gedc1153.jpg?resize=300%2C225&amp;ssl=1 300w, https:\/\/i0.wp.com\/mundosemfim.com\/wp-content\/uploads\/2015\/06\/gedc1153.jpg?resize=768%2C576&amp;ssl=1 768w, https:\/\/i0.wp.com\/mundosemfim.com\/wp-content\/uploads\/2015\/06\/gedc1153.jpg?resize=660%2C495&amp;ssl=1 660w, https:\/\/i0.wp.com\/mundosemfim.com\/wp-content\/uploads\/2015\/06\/gedc1153.jpg?w=1528&amp;ssl=1 1528w, https:\/\/i0.wp.com\/mundosemfim.com\/wp-content\/uploads\/2015\/06\/gedc1153.jpg?w=2292&amp;ssl=1 2292w\" sizes=\"auto, (max-width: 764px) 100vw, 764px\" \/><figcaption id=\"caption-attachment-99\" class=\"wp-caption-text\">Parte baixa da cachoeira Casca d&#8217;Anta, que pode ser facilmente acessada a partir da cidade de S\u00e3o Jos\u00e9 do Barreiro.<\/figcaption><\/figure>\n<h3><strong>Hospedagem<\/strong><\/h3>\n<p>H\u00e1 in\u00fameras op\u00e7\u00f5es de hospedagem na \u00e1rea ao redor do parque (dentro do parque n\u00e3o \u00e9 poss\u00edvel passar a noite). N\u00f3s acampamos no Camping da Picareta, logo ao lado da\u00a0portaria do parque em S\u00e3o Roque de Minas. Se for acampar, o lugar \u00e9 altamente recomend\u00e1vel, tanto pela localiza\u00e7\u00e3o quanto pela cordialidade dos donos da fazenda. O pre\u00e7o \u00e9 de 25 reais por pessoa, e possui este visual impressionante:<\/p>\n<figure id=\"attachment_100\" aria-describedby=\"caption-attachment-100\" style=\"width: 764px\" class=\"wp-caption alignnone\"><img data-recalc-dims=\"1\" loading=\"lazy\" decoding=\"async\" data-attachment-id=\"100\" data-permalink=\"https:\/\/mundosemfim.com\/?attachment_id=100\" data-orig-file=\"https:\/\/i0.wp.com\/mundosemfim.com\/wp-content\/uploads\/2015\/06\/p6190003.jpg?fit=1920%2C1280&amp;ssl=1\" data-orig-size=\"1920,1280\" data-comments-opened=\"1\" data-image-meta=\"{&quot;aperture&quot;:&quot;11&quot;,&quot;credit&quot;:&quot;&quot;,&quot;camera&quot;:&quot;TG-630&quot;,&quot;caption&quot;:&quot;OLYMPUS DIGITAL CAMERA&quot;,&quot;created_timestamp&quot;:&quot;1434706509&quot;,&quot;copyright&quot;:&quot;&quot;,&quot;focal_length&quot;:&quot;5&quot;,&quot;iso&quot;:&quot;100&quot;,&quot;shutter_speed&quot;:&quot;0.01&quot;,&quot;title&quot;:&quot;OLYMPUS DIGITAL CAMERA&quot;,&quot;orientation&quot;:&quot;1&quot;}\" data-image-title=\"Camping da Picareta &amp;#8211; Serra da Canastra\" data-image-description=\"\" data-image-caption=\"&lt;p&gt;Nossa pequena barraca em meio \u00e0 imensid\u00e3o da Serra da Canastra.&lt;\/p&gt;\n\" data-large-file=\"https:\/\/i0.wp.com\/mundosemfim.com\/wp-content\/uploads\/2015\/06\/p6190003.jpg?fit=764%2C510&amp;ssl=1\" class=\"wp-image-100 size-large\" src=\"https:\/\/i0.wp.com\/mundosemfim.com\/wp-content\/uploads\/2015\/06\/p6190003.jpg?resize=764%2C510&#038;ssl=1\" alt=\"Acampando no camping da Picareta, na Serra da Canastra\" width=\"764\" height=\"510\" srcset=\"https:\/\/i0.wp.com\/mundosemfim.com\/wp-content\/uploads\/2015\/06\/p6190003.jpg?resize=1024%2C683&amp;ssl=1 1024w, https:\/\/i0.wp.com\/mundosemfim.com\/wp-content\/uploads\/2015\/06\/p6190003.jpg?resize=300%2C200&amp;ssl=1 300w, https:\/\/i0.wp.com\/mundosemfim.com\/wp-content\/uploads\/2015\/06\/p6190003.jpg?resize=768%2C512&amp;ssl=1 768w, https:\/\/i0.wp.com\/mundosemfim.com\/wp-content\/uploads\/2015\/06\/p6190003.jpg?resize=200%2C133&amp;ssl=1 200w, https:\/\/i0.wp.com\/mundosemfim.com\/wp-content\/uploads\/2015\/06\/p6190003.jpg?resize=660%2C440&amp;ssl=1 660w, https:\/\/i0.wp.com\/mundosemfim.com\/wp-content\/uploads\/2015\/06\/p6190003.jpg?w=1920&amp;ssl=1 1920w, https:\/\/i0.wp.com\/mundosemfim.com\/wp-content\/uploads\/2015\/06\/p6190003.jpg?w=1528&amp;ssl=1 1528w\" sizes=\"auto, (max-width: 764px) 100vw, 764px\" \/><figcaption id=\"caption-attachment-100\" class=\"wp-caption-text\">Nossa pequena barraca em meio \u00e0 imensid\u00e3o da Serra da Canastra.<\/figcaption><\/figure>\n<p>Para quem n\u00e3o for acampar, recomendo dar uma passada na cidade de Vargem Bonita (cerca de 20km de S\u00e3o Roque de Minas), pois oferece mais op\u00e7\u00f5es de pousadas e s\u00e3o mais\u00a0baratas que em S\u00e3o Roque.<\/p>\n<h3><strong>O Lugar<\/strong><\/h3>\n<p>N\u00e3o h\u00e1 muito o que falar sobre este lugar maravilhoso. Esteja voc\u00ea procurando aventura, tirar fotos, observar a vida selvagem ou simplesmente relaxar em um rio ou tomar banho em cachoeiras, este lugar \u00e9 perfeito.<\/p>\n<figure id=\"attachment_101\" aria-describedby=\"caption-attachment-101\" style=\"width: 764px\" class=\"wp-caption alignnone\"><img data-recalc-dims=\"1\" loading=\"lazy\" decoding=\"async\" data-attachment-id=\"101\" data-permalink=\"https:\/\/mundosemfim.com\/?attachment_id=101\" data-orig-file=\"https:\/\/i0.wp.com\/mundosemfim.com\/wp-content\/uploads\/2015\/06\/p6190071.jpg?fit=1920%2C1280&amp;ssl=1\" data-orig-size=\"1920,1280\" data-comments-opened=\"1\" data-image-meta=\"{&quot;aperture&quot;:&quot;3.9&quot;,&quot;credit&quot;:&quot;&quot;,&quot;camera&quot;:&quot;TG-630&quot;,&quot;caption&quot;:&quot;OLYMPUS DIGITAL CAMERA&quot;,&quot;created_timestamp&quot;:&quot;1434720027&quot;,&quot;copyright&quot;:&quot;&quot;,&quot;focal_length&quot;:&quot;5&quot;,&quot;iso&quot;:&quot;100&quot;,&quot;shutter_speed&quot;:&quot;0.0025&quot;,&quot;title&quot;:&quot;OLYMPUS DIGITAL CAMERA&quot;,&quot;orientation&quot;:&quot;1&quot;}\" data-image-title=\"Cachoeira Casca d&amp;#8217;Anta, parte alta (Serra da Canastra).\" data-image-description=\"\" data-image-caption=\"&lt;p&gt;Parte alta da Cachoeira Casca d&amp;#8217;Anta, no Parque Nacional.&lt;\/p&gt;\n\" data-large-file=\"https:\/\/i0.wp.com\/mundosemfim.com\/wp-content\/uploads\/2015\/06\/p6190071.jpg?fit=764%2C510&amp;ssl=1\" class=\"wp-image-101 size-large\" src=\"https:\/\/i0.wp.com\/mundosemfim.com\/wp-content\/uploads\/2015\/06\/p6190071.jpg?resize=764%2C510&#038;ssl=1\" alt=\"Parte alta da Cachoeira Casca d'Anta, no Parque Nacional.\" width=\"764\" height=\"510\" srcset=\"https:\/\/i0.wp.com\/mundosemfim.com\/wp-content\/uploads\/2015\/06\/p6190071.jpg?resize=1024%2C683&amp;ssl=1 1024w, https:\/\/i0.wp.com\/mundosemfim.com\/wp-content\/uploads\/2015\/06\/p6190071.jpg?resize=300%2C200&amp;ssl=1 300w, https:\/\/i0.wp.com\/mundosemfim.com\/wp-content\/uploads\/2015\/06\/p6190071.jpg?resize=768%2C512&amp;ssl=1 768w, https:\/\/i0.wp.com\/mundosemfim.com\/wp-content\/uploads\/2015\/06\/p6190071.jpg?resize=200%2C133&amp;ssl=1 200w, https:\/\/i0.wp.com\/mundosemfim.com\/wp-content\/uploads\/2015\/06\/p6190071.jpg?resize=660%2C440&amp;ssl=1 660w, https:\/\/i0.wp.com\/mundosemfim.com\/wp-content\/uploads\/2015\/06\/p6190071.jpg?w=1920&amp;ssl=1 1920w, https:\/\/i0.wp.com\/mundosemfim.com\/wp-content\/uploads\/2015\/06\/p6190071.jpg?w=1528&amp;ssl=1 1528w\" sizes=\"auto, (max-width: 764px) 100vw, 764px\" \/><figcaption id=\"caption-attachment-101\" class=\"wp-caption-text\">Parte alta da Cachoeira Casca d&#8217;Anta, no Parque Nacional.<\/figcaption><\/figure>\n<p>Nas cidades h\u00e1 algumas ag\u00eancias de turismo que fazem v\u00e1rios tipos de roteiro, embora recomendamos que, se tiver condi\u00e7\u00f5es, v\u00e1 com seu pr\u00f3prio carro para ter mais liberdade.<\/p>\n<figure id=\"attachment_102\" aria-describedby=\"caption-attachment-102\" style=\"width: 764px\" class=\"wp-caption alignnone\"><img data-recalc-dims=\"1\" loading=\"lazy\" decoding=\"async\" data-attachment-id=\"102\" data-permalink=\"https:\/\/mundosemfim.com\/?attachment_id=102\" data-orig-file=\"https:\/\/i0.wp.com\/mundosemfim.com\/wp-content\/uploads\/2015\/06\/p6200142.jpg?fit=3216%2C2144&amp;ssl=1\" data-orig-size=\"3216,2144\" data-comments-opened=\"1\" data-image-meta=\"{&quot;aperture&quot;:&quot;11&quot;,&quot;credit&quot;:&quot;&quot;,&quot;camera&quot;:&quot;TG-630&quot;,&quot;caption&quot;:&quot;OLYMPUS DIGITAL CAMERA&quot;,&quot;created_timestamp&quot;:&quot;1434799109&quot;,&quot;copyright&quot;:&quot;&quot;,&quot;focal_length&quot;:&quot;5&quot;,&quot;iso&quot;:&quot;100&quot;,&quot;shutter_speed&quot;:&quot;0.008&quot;,&quot;title&quot;:&quot;OLYMPUS DIGITAL CAMERA&quot;,&quot;orientation&quot;:&quot;1&quot;}\" data-image-title=\"Praia de Rio em S\u00e3o Jos\u00e9 do Barreiro &amp;#8211; Serra da Canastra\" data-image-description=\"\" data-image-caption=\"&lt;p&gt;Praia de Rio em S\u00e3o Jos\u00e9 do Barreiro. \u00c9 preciso ter coragem para mergulhar aqui no inverno!&lt;\/p&gt;\n\" data-large-file=\"https:\/\/i0.wp.com\/mundosemfim.com\/wp-content\/uploads\/2015\/06\/p6200142.jpg?fit=764%2C510&amp;ssl=1\" class=\"wp-image-102 size-large\" src=\"https:\/\/i0.wp.com\/mundosemfim.com\/wp-content\/uploads\/2015\/06\/p6200142.jpg?resize=764%2C510&#038;ssl=1\" alt=\"Praia de Rio em S\u00e3o Jos\u00e9 do Barreiro. \u00c9 preciso ter coragem para mergulhar aqui no inverno!\" width=\"764\" height=\"510\" srcset=\"https:\/\/i0.wp.com\/mundosemfim.com\/wp-content\/uploads\/2015\/06\/p6200142.jpg?resize=1024%2C683&amp;ssl=1 1024w, https:\/\/i0.wp.com\/mundosemfim.com\/wp-content\/uploads\/2015\/06\/p6200142.jpg?resize=300%2C200&amp;ssl=1 300w, https:\/\/i0.wp.com\/mundosemfim.com\/wp-content\/uploads\/2015\/06\/p6200142.jpg?resize=768%2C512&amp;ssl=1 768w, https:\/\/i0.wp.com\/mundosemfim.com\/wp-content\/uploads\/2015\/06\/p6200142.jpg?resize=200%2C133&amp;ssl=1 200w, https:\/\/i0.wp.com\/mundosemfim.com\/wp-content\/uploads\/2015\/06\/p6200142.jpg?resize=660%2C440&amp;ssl=1 660w, https:\/\/i0.wp.com\/mundosemfim.com\/wp-content\/uploads\/2015\/06\/p6200142.jpg?w=1528&amp;ssl=1 1528w, https:\/\/i0.wp.com\/mundosemfim.com\/wp-content\/uploads\/2015\/06\/p6200142.jpg?w=2292&amp;ssl=1 2292w\" sizes=\"auto, (max-width: 764px) 100vw, 764px\" \/><figcaption id=\"caption-attachment-102\" class=\"wp-caption-text\">Praia de Rio em S\u00e3o Jos\u00e9 do Barreiro. \u00c9 preciso ter coragem para mergulhar aqui no inverno!<\/figcaption><\/figure>\n<p>Outra dica \u00e9 ir\u00a0em \u00e9poca de calor. N\u00f3s fomos no come\u00e7o do inverno e, apesar da beleza do lugar ser a mesma, pudemos apenas observar as lindas e geladas cachoeiras do lugar.<\/p>\n<p>E n\u00e3o deixe de experimentar o delicioso queijo canastra!<\/p>\n<figure id=\"attachment_103\" aria-describedby=\"caption-attachment-103\" style=\"width: 764px\" class=\"wp-caption alignnone\"><img data-recalc-dims=\"1\" loading=\"lazy\" decoding=\"async\" data-attachment-id=\"103\" data-permalink=\"https:\/\/mundosemfim.com\/?attachment_id=103\" data-orig-file=\"https:\/\/i0.wp.com\/mundosemfim.com\/wp-content\/uploads\/2015\/06\/gedc1083.jpg?fit=3264%2C2448&amp;ssl=1\" data-orig-size=\"3264,2448\" data-comments-opened=\"1\" data-image-meta=\"{&quot;aperture&quot;:&quot;5.2&quot;,&quot;credit&quot;:&quot;&quot;,&quot;camera&quot;:&quot;X500&quot;,&quot;caption&quot;:&quot;GEDSC DIGITAL CAMERA&quot;,&quot;created_timestamp&quot;:&quot;1434713517&quot;,&quot;copyright&quot;:&quot;&quot;,&quot;focal_length&quot;:&quot;73.5&quot;,&quot;iso&quot;:&quot;80&quot;,&quot;shutter_speed&quot;:&quot;0.004&quot;,&quot;title&quot;:&quot;GEDSC DIGITAL CAMERA&quot;,&quot;orientation&quot;:&quot;1&quot;}\" data-image-title=\"Gavi\u00e3o Carcar\u00e1 &amp;#8211; Serra da Canastra\" data-image-description=\"\" data-image-caption=\"&lt;p&gt;Um gavi\u00e3o carcar\u00e1 descansa sobre um cupinzeiro.&lt;\/p&gt;\n\" data-large-file=\"https:\/\/i0.wp.com\/mundosemfim.com\/wp-content\/uploads\/2015\/06\/gedc1083.jpg?fit=764%2C573&amp;ssl=1\" class=\"wp-image-103 size-large\" src=\"https:\/\/i0.wp.com\/mundosemfim.com\/wp-content\/uploads\/2015\/06\/gedc1083.jpg?resize=764%2C573&#038;ssl=1\" alt=\"Um gavi\u00e3o carcar\u00e1 descansa sobre um cupinzeiro.\" width=\"764\" height=\"573\" srcset=\"https:\/\/i0.wp.com\/mundosemfim.com\/wp-content\/uploads\/2015\/06\/gedc1083.jpg?resize=1024%2C768&amp;ssl=1 1024w, https:\/\/i0.wp.com\/mundosemfim.com\/wp-content\/uploads\/2015\/06\/gedc1083.jpg?resize=300%2C225&amp;ssl=1 300w, https:\/\/i0.wp.com\/mundosemfim.com\/wp-content\/uploads\/2015\/06\/gedc1083.jpg?resize=768%2C576&amp;ssl=1 768w, https:\/\/i0.wp.com\/mundosemfim.com\/wp-content\/uploads\/2015\/06\/gedc1083.jpg?resize=660%2C495&amp;ssl=1 660w, https:\/\/i0.wp.com\/mundosemfim.com\/wp-content\/uploads\/2015\/06\/gedc1083.jpg?w=1528&amp;ssl=1 1528w, https:\/\/i0.wp.com\/mundosemfim.com\/wp-content\/uploads\/2015\/06\/gedc1083.jpg?w=2292&amp;ssl=1 2292w\" sizes=\"auto, (max-width: 764px) 100vw, 764px\" \/><figcaption id=\"caption-attachment-103\" class=\"wp-caption-text\">Um gavi\u00e3o carcar\u00e1 descansa sobre um cupinzeiro na Serra da Canastra.<\/figcaption><\/figure>\n<p>&nbsp;<\/p>\n<p>\u00c9 isso pessoal!<br \/>\nPara mais dicas e acompanhar nossa viagem de volta ao mundo, curtam nossa p\u00e1gina no face:<\/p>\n<p><a href=\"http:\/\/www.facebook.com\/mundosemfimoficial\">www.facebook.com\/mundosemfimoficial<\/a><\/p>\n","protected":false},"excerpt":{"rendered":"<p>Um passeio pelo Parque Nacional da Serra da Canastra, em Minas Gerais, Brasil.<\/p>\n","protected":false},"author":1,"featured_media":104,"comment_status":"open","ping_status":"open","sticky":false,"template":"","format":"standard","meta":{"jetpack_post_was_ever_published":false,"_jetpack_newsletter_access":"","_jetpack_dont_email_post_to_subs":true,"_jetpack_newsletter_tier_id":0,"_jetpack_memberships_contains_paywalled_content":false,"_jetpack_memberships_contains_paid_content":false,"footnotes":"","jetpack_publicize_message":"","jetpack_publicize_feature_enabled":true,"jetpack_social_post_already_shared":false,"jetpack_social_options":{"image_generator_settings":{"template":"highway","default_image_id":0,"font":"","enabled":false},"version":2}},"categories":[6,291,11,309,41,43,287,56,59],"tags":[69,152,195],"class_list":["post-95","post","type-post","status-publish","format-standard","has-post-thumbnail","hentry","category-america-do-sul","category-animais","category-brasil","category-cachoeira","category-minas-gerais","category-natureza","category-parques-nacionais","category-serra-da-canastra","category-trilha","tag-america-do-sul","tag-minas-gerais","tag-serra-da-canastra"],"yoast_head":"<!-- This site is optimized with the Yoast SEO plugin v27.5 - https:\/\/yoast.com\/product\/yoast-seo-wordpress\/ -->\n<title>Serra da Canastra - como foi nosso passeio por l\u00e1! - Mundo Sem Fim<\/title>\n<meta name=\"description\" content=\"Localizado em Minas Gerais, a Serra da Canastra \u00e9 um dos parques mais bonitos do Brasil e o para\u00edso de quem curte trilhas. Confira nosso passeio por l\u00e1!\" \/>\n<meta name=\"robots\" content=\"index, follow, max-snippet:-1, max-image-preview:large, max-video-preview:-1\" \/>\n<link rel=\"canonical\" href=\"https:\/\/mundosemfim.com\/?p=95\" \/>\n<meta property=\"og:locale\" content=\"pt_BR\" \/>\n<meta property=\"og:type\" content=\"article\" \/>\n<meta property=\"og:title\" content=\"Serra da Canastra - como foi nosso passeio por l\u00e1! - Mundo Sem Fim\" \/>\n<meta property=\"og:description\" content=\"Localizado em Minas Gerais, a Serra da Canastra \u00e9 um dos parques mais bonitos do Brasil e o para\u00edso de quem curte trilhas. Confira nosso passeio por l\u00e1!\" \/>\n<meta property=\"og:url\" content=\"https:\/\/mundosemfim.com\/?p=95\" \/>\n<meta property=\"og:site_name\" content=\"Mundo Sem Fim\" \/>\n<meta property=\"article:publisher\" content=\"http:\/\/www.facebook.com\/mundosemfimoficial\" \/>\n<meta property=\"article:published_time\" content=\"2015-06-24T20:37:14+00:00\" \/>\n<meta property=\"article:modified_time\" content=\"2017-02-10T20:50:59+00:00\" \/>\n<meta property=\"og:image\" content=\"https:\/\/mundosemfim.com\/wp-content\/uploads\/2015\/06\/gedc1075_1-1024x768.jpg\" \/>\n\t<meta property=\"og:image:width\" content=\"1024\" \/>\n\t<meta property=\"og:image:height\" content=\"768\" \/>\n\t<meta property=\"og:image:type\" content=\"image\/jpeg\" \/>\n<meta name=\"author\" content=\"Renan\" \/>\n<meta name=\"twitter:card\" content=\"summary_large_image\" \/>\n<meta name=\"twitter:label1\" content=\"Escrito por\" \/>\n\t<meta name=\"twitter:data1\" content=\"Renan\" \/>\n\t<meta name=\"twitter:label2\" content=\"Est. tempo de leitura\" \/>\n\t<meta name=\"twitter:data2\" content=\"4 minutos\" \/>\n<script type=\"application\/ld+json\" class=\"yoast-schema-graph\">{\"@context\":\"https:\\\/\\\/schema.org\",\"@graph\":[{\"@type\":\"Article\",\"@id\":\"https:\\\/\\\/mundosemfim.com\\\/?p=95#article\",\"isPartOf\":{\"@id\":\"https:\\\/\\\/mundosemfim.com\\\/?p=95\"},\"author\":{\"name\":\"Renan\",\"@id\":\"https:\\\/\\\/mundosemfim.com\\\/#\\\/schema\\\/person\\\/b021d50f3a19bae432e9b69ffbfa9257\"},\"headline\":\"Serra da Canastra &#8211; como foi nosso passeio por l\u00e1!\",\"datePublished\":\"2015-06-24T20:37:14+00:00\",\"dateModified\":\"2017-02-10T20:50:59+00:00\",\"mainEntityOfPage\":{\"@id\":\"https:\\\/\\\/mundosemfim.com\\\/?p=95\"},\"wordCount\":721,\"commentCount\":1,\"image\":{\"@id\":\"https:\\\/\\\/mundosemfim.com\\\/?p=95#primaryimage\"},\"thumbnailUrl\":\"https:\\\/\\\/i0.wp.com\\\/mundosemfim.com\\\/wp-content\\\/uploads\\\/2015\\\/06\\\/gedc1075_1.jpg?fit=3264%2C2448&ssl=1\",\"keywords\":[\"am\u00e9rica do sul\",\"minas gerais\",\"serra da canastra\"],\"articleSection\":[\"Am\u00e9rica do Sul\",\"animais\",\"Brasil\",\"cachoeira\",\"Minas Gerais\",\"natureza\",\"parques nacionais\",\"Serra da Canastra\",\"trilha\"],\"inLanguage\":\"pt-BR\",\"potentialAction\":[{\"@type\":\"CommentAction\",\"name\":\"Comment\",\"target\":[\"https:\\\/\\\/mundosemfim.com\\\/?p=95#respond\"]}]},{\"@type\":\"WebPage\",\"@id\":\"https:\\\/\\\/mundosemfim.com\\\/?p=95\",\"url\":\"https:\\\/\\\/mundosemfim.com\\\/?p=95\",\"name\":\"Serra da Canastra - como foi nosso passeio por l\u00e1! - Mundo Sem Fim\",\"isPartOf\":{\"@id\":\"https:\\\/\\\/mundosemfim.com\\\/#website\"},\"primaryImageOfPage\":{\"@id\":\"https:\\\/\\\/mundosemfim.com\\\/?p=95#primaryimage\"},\"image\":{\"@id\":\"https:\\\/\\\/mundosemfim.com\\\/?p=95#primaryimage\"},\"thumbnailUrl\":\"https:\\\/\\\/i0.wp.com\\\/mundosemfim.com\\\/wp-content\\\/uploads\\\/2015\\\/06\\\/gedc1075_1.jpg?fit=3264%2C2448&ssl=1\",\"datePublished\":\"2015-06-24T20:37:14+00:00\",\"dateModified\":\"2017-02-10T20:50:59+00:00\",\"author\":{\"@id\":\"https:\\\/\\\/mundosemfim.com\\\/#\\\/schema\\\/person\\\/b021d50f3a19bae432e9b69ffbfa9257\"},\"description\":\"Localizado em Minas Gerais, a Serra da Canastra \u00e9 um dos parques mais bonitos do Brasil e o para\u00edso de quem curte trilhas. Confira nosso passeio por l\u00e1!\",\"breadcrumb\":{\"@id\":\"https:\\\/\\\/mundosemfim.com\\\/?p=95#breadcrumb\"},\"inLanguage\":\"pt-BR\",\"potentialAction\":[{\"@type\":\"ReadAction\",\"target\":[\"https:\\\/\\\/mundosemfim.com\\\/?p=95\"]}]},{\"@type\":\"ImageObject\",\"inLanguage\":\"pt-BR\",\"@id\":\"https:\\\/\\\/mundosemfim.com\\\/?p=95#primaryimage\",\"url\":\"https:\\\/\\\/i0.wp.com\\\/mundosemfim.com\\\/wp-content\\\/uploads\\\/2015\\\/06\\\/gedc1075_1.jpg?fit=3264%2C2448&ssl=1\",\"contentUrl\":\"https:\\\/\\\/i0.wp.com\\\/mundosemfim.com\\\/wp-content\\\/uploads\\\/2015\\\/06\\\/gedc1075_1.jpg?fit=3264%2C2448&ssl=1\",\"width\":3264,\"height\":2448},{\"@type\":\"BreadcrumbList\",\"@id\":\"https:\\\/\\\/mundosemfim.com\\\/?p=95#breadcrumb\",\"itemListElement\":[{\"@type\":\"ListItem\",\"position\":1,\"name\":\"In\u00edcio\",\"item\":\"https:\\\/\\\/mundosemfim.com\\\/\"},{\"@type\":\"ListItem\",\"position\":2,\"name\":\"Serra da Canastra &#8211; como foi nosso passeio por l\u00e1!\"}]},{\"@type\":\"WebSite\",\"@id\":\"https:\\\/\\\/mundosemfim.com\\\/#website\",\"url\":\"https:\\\/\\\/mundosemfim.com\\\/\",\"name\":\"Mundo Sem Fim\",\"description\":\"uma viagem de volta ao mundo pelos 5 continentes!\",\"potentialAction\":[{\"@type\":\"SearchAction\",\"target\":{\"@type\":\"EntryPoint\",\"urlTemplate\":\"https:\\\/\\\/mundosemfim.com\\\/?s={search_term_string}\"},\"query-input\":{\"@type\":\"PropertyValueSpecification\",\"valueRequired\":true,\"valueName\":\"search_term_string\"}}],\"inLanguage\":\"pt-BR\"},{\"@type\":\"Person\",\"@id\":\"https:\\\/\\\/mundosemfim.com\\\/#\\\/schema\\\/person\\\/b021d50f3a19bae432e9b69ffbfa9257\",\"name\":\"Renan\",\"image\":{\"@type\":\"ImageObject\",\"inLanguage\":\"pt-BR\",\"@id\":\"https:\\\/\\\/secure.gravatar.com\\\/avatar\\\/faafca769a603ac75196d21826f3bda645d7e2d6306bb6e236d8cdb38eb44e38?s=96&d=mm&r=g\",\"url\":\"https:\\\/\\\/secure.gravatar.com\\\/avatar\\\/faafca769a603ac75196d21826f3bda645d7e2d6306bb6e236d8cdb38eb44e38?s=96&d=mm&r=g\",\"contentUrl\":\"https:\\\/\\\/secure.gravatar.com\\\/avatar\\\/faafca769a603ac75196d21826f3bda645d7e2d6306bb6e236d8cdb38eb44e38?s=96&d=mm&r=g\",\"caption\":\"Renan\"}}]}<\/script>\n<!-- \/ Yoast SEO plugin. -->","yoast_head_json":{"title":"Serra da Canastra - como foi nosso passeio por l\u00e1! - Mundo Sem Fim","description":"Localizado em Minas Gerais, a Serra da Canastra \u00e9 um dos parques mais bonitos do Brasil e o para\u00edso de quem curte trilhas. Confira nosso passeio por l\u00e1!","robots":{"index":"index","follow":"follow","max-snippet":"max-snippet:-1","max-image-preview":"max-image-preview:large","max-video-preview":"max-video-preview:-1"},"canonical":"https:\/\/mundosemfim.com\/?p=95","og_locale":"pt_BR","og_type":"article","og_title":"Serra da Canastra - como foi nosso passeio por l\u00e1! - Mundo Sem Fim","og_description":"Localizado em Minas Gerais, a Serra da Canastra \u00e9 um dos parques mais bonitos do Brasil e o para\u00edso de quem curte trilhas. Confira nosso passeio por l\u00e1!","og_url":"https:\/\/mundosemfim.com\/?p=95","og_site_name":"Mundo Sem Fim","article_publisher":"http:\/\/www.facebook.com\/mundosemfimoficial","article_published_time":"2015-06-24T20:37:14+00:00","article_modified_time":"2017-02-10T20:50:59+00:00","og_image":[{"width":1024,"height":768,"url":"https:\/\/mundosemfim.com\/wp-content\/uploads\/2015\/06\/gedc1075_1-1024x768.jpg","type":"image\/jpeg"}],"author":"Renan","twitter_card":"summary_large_image","twitter_misc":{"Escrito por":"Renan","Est. tempo de leitura":"4 minutos"},"schema":{"@context":"https:\/\/schema.org","@graph":[{"@type":"Article","@id":"https:\/\/mundosemfim.com\/?p=95#article","isPartOf":{"@id":"https:\/\/mundosemfim.com\/?p=95"},"author":{"name":"Renan","@id":"https:\/\/mundosemfim.com\/#\/schema\/person\/b021d50f3a19bae432e9b69ffbfa9257"},"headline":"Serra da Canastra &#8211; como foi nosso passeio por l\u00e1!","datePublished":"2015-06-24T20:37:14+00:00","dateModified":"2017-02-10T20:50:59+00:00","mainEntityOfPage":{"@id":"https:\/\/mundosemfim.com\/?p=95"},"wordCount":721,"commentCount":1,"image":{"@id":"https:\/\/mundosemfim.com\/?p=95#primaryimage"},"thumbnailUrl":"https:\/\/i0.wp.com\/mundosemfim.com\/wp-content\/uploads\/2015\/06\/gedc1075_1.jpg?fit=3264%2C2448&ssl=1","keywords":["am\u00e9rica do sul","minas gerais","serra da canastra"],"articleSection":["Am\u00e9rica do Sul","animais","Brasil","cachoeira","Minas Gerais","natureza","parques nacionais","Serra da Canastra","trilha"],"inLanguage":"pt-BR","potentialAction":[{"@type":"CommentAction","name":"Comment","target":["https:\/\/mundosemfim.com\/?p=95#respond"]}]},{"@type":"WebPage","@id":"https:\/\/mundosemfim.com\/?p=95","url":"https:\/\/mundosemfim.com\/?p=95","name":"Serra da Canastra - como foi nosso passeio por l\u00e1! - Mundo Sem Fim","isPartOf":{"@id":"https:\/\/mundosemfim.com\/#website"},"primaryImageOfPage":{"@id":"https:\/\/mundosemfim.com\/?p=95#primaryimage"},"image":{"@id":"https:\/\/mundosemfim.com\/?p=95#primaryimage"},"thumbnailUrl":"https:\/\/i0.wp.com\/mundosemfim.com\/wp-content\/uploads\/2015\/06\/gedc1075_1.jpg?fit=3264%2C2448&ssl=1","datePublished":"2015-06-24T20:37:14+00:00","dateModified":"2017-02-10T20:50:59+00:00","author":{"@id":"https:\/\/mundosemfim.com\/#\/schema\/person\/b021d50f3a19bae432e9b69ffbfa9257"},"description":"Localizado em Minas Gerais, a Serra da Canastra \u00e9 um dos parques mais bonitos do Brasil e o para\u00edso de quem curte trilhas. Confira nosso passeio por l\u00e1!","breadcrumb":{"@id":"https:\/\/mundosemfim.com\/?p=95#breadcrumb"},"inLanguage":"pt-BR","potentialAction":[{"@type":"ReadAction","target":["https:\/\/mundosemfim.com\/?p=95"]}]},{"@type":"ImageObject","inLanguage":"pt-BR","@id":"https:\/\/mundosemfim.com\/?p=95#primaryimage","url":"https:\/\/i0.wp.com\/mundosemfim.com\/wp-content\/uploads\/2015\/06\/gedc1075_1.jpg?fit=3264%2C2448&ssl=1","contentUrl":"https:\/\/i0.wp.com\/mundosemfim.com\/wp-content\/uploads\/2015\/06\/gedc1075_1.jpg?fit=3264%2C2448&ssl=1","width":3264,"height":2448},{"@type":"BreadcrumbList","@id":"https:\/\/mundosemfim.com\/?p=95#breadcrumb","itemListElement":[{"@type":"ListItem","position":1,"name":"In\u00edcio","item":"https:\/\/mundosemfim.com\/"},{"@type":"ListItem","position":2,"name":"Serra da Canastra &#8211; como foi nosso passeio por l\u00e1!"}]},{"@type":"WebSite","@id":"https:\/\/mundosemfim.com\/#website","url":"https:\/\/mundosemfim.com\/","name":"Mundo Sem Fim","description":"uma viagem de volta ao mundo pelos 5 continentes!","potentialAction":[{"@type":"SearchAction","target":{"@type":"EntryPoint","urlTemplate":"https:\/\/mundosemfim.com\/?s={search_term_string}"},"query-input":{"@type":"PropertyValueSpecification","valueRequired":true,"valueName":"search_term_string"}}],"inLanguage":"pt-BR"},{"@type":"Person","@id":"https:\/\/mundosemfim.com\/#\/schema\/person\/b021d50f3a19bae432e9b69ffbfa9257","name":"Renan","image":{"@type":"ImageObject","inLanguage":"pt-BR","@id":"https:\/\/secure.gravatar.com\/avatar\/faafca769a603ac75196d21826f3bda645d7e2d6306bb6e236d8cdb38eb44e38?s=96&d=mm&r=g","url":"https:\/\/secure.gravatar.com\/avatar\/faafca769a603ac75196d21826f3bda645d7e2d6306bb6e236d8cdb38eb44e38?s=96&d=mm&r=g","contentUrl":"https:\/\/secure.gravatar.com\/avatar\/faafca769a603ac75196d21826f3bda645d7e2d6306bb6e236d8cdb38eb44e38?s=96&d=mm&r=g","caption":"Renan"}}]}},"jetpack_publicize_connections":[],"jetpack_featured_media_url":"https:\/\/i0.wp.com\/mundosemfim.com\/wp-content\/uploads\/2015\/06\/gedc1075_1.jpg?fit=3264%2C2448&ssl=1","jetpack_sharing_enabled":true,"jetpack_shortlink":"https:\/\/wp.me\/p7CQyF-1x","jetpack-related-posts":[{"id":244,"url":"https:\/\/mundosemfim.com\/?p=244","url_meta":{"origin":95,"position":0},"title":"Conhe\u00e7a Resistencia, a cidade das esculturas na Argentina!","author":"Renan","date":"outubro 11, 2015","format":false,"excerpt":"Resist\u00eancia \u00e9 a capital da prov\u00edncia do Chaco, na Argentina. Apesar de n\u00e3o ser uma cidade voltada para o turismo, possui belos museus e edif\u00edcios antigos. \u00c9 tamb\u00e9m a cidade das esculturas, o que pode ser um para\u00edso para os amantes de fotografia. Resist\u00eancia pode ser conhecida em 1 ou\u2026","rel":"","context":"Em &quot;Am\u00e9rica do Sul&quot;","block_context":{"text":"Am\u00e9rica do Sul","link":"https:\/\/mundosemfim.com\/?cat=6"},"img":{"alt_text":"","src":"https:\/\/i0.wp.com\/mundosemfim.com\/wp-content\/uploads\/2015\/10\/pa020189.jpg?fit=1200%2C800&ssl=1&resize=350%2C200","width":350,"height":200,"srcset":"https:\/\/i0.wp.com\/mundosemfim.com\/wp-content\/uploads\/2015\/10\/pa020189.jpg?fit=1200%2C800&ssl=1&resize=350%2C200 1x, https:\/\/i0.wp.com\/mundosemfim.com\/wp-content\/uploads\/2015\/10\/pa020189.jpg?fit=1200%2C800&ssl=1&resize=525%2C300 1.5x, https:\/\/i0.wp.com\/mundosemfim.com\/wp-content\/uploads\/2015\/10\/pa020189.jpg?fit=1200%2C800&ssl=1&resize=700%2C400 2x, https:\/\/i0.wp.com\/mundosemfim.com\/wp-content\/uploads\/2015\/10\/pa020189.jpg?fit=1200%2C800&ssl=1&resize=1050%2C600 3x"},"classes":[]},{"id":278,"url":"https:\/\/mundosemfim.com\/?p=278","url_meta":{"origin":95,"position":1},"title":"1 m\u00eas na estrada &#8211; um resumo de tudo o que passamos at\u00e9 agora!","author":"Renan","date":"outubro 31, 2015","format":false,"excerpt":"No dia 29\/10\/2015 completamos 1 m\u00eas na estrada! Foram aproximadamente 4220 km rodados, dois pa\u00edses visitados e muita hist\u00f3ria para contar! Aqui vai um resumo de como foram nossos primeiros 31 dias: 31 dias depois de cruzar a fronteira de Foz do Igua\u00e7u com a Argentina, est\u00e1vamos na pequena cidade\u2026","rel":"","context":"Em &quot;featured&quot;","block_context":{"text":"featured","link":"https:\/\/mundosemfim.com\/?cat=28"},"img":{"alt_text":"","src":"https:\/\/i0.wp.com\/mundosemfim.com\/wp-content\/uploads\/2015\/10\/mapa-30-dias.png?fit=750%2C374&ssl=1&resize=350%2C200","width":350,"height":200,"srcset":"https:\/\/i0.wp.com\/mundosemfim.com\/wp-content\/uploads\/2015\/10\/mapa-30-dias.png?fit=750%2C374&ssl=1&resize=350%2C200 1x, https:\/\/i0.wp.com\/mundosemfim.com\/wp-content\/uploads\/2015\/10\/mapa-30-dias.png?fit=750%2C374&ssl=1&resize=525%2C300 1.5x, https:\/\/i0.wp.com\/mundosemfim.com\/wp-content\/uploads\/2015\/10\/mapa-30-dias.png?fit=750%2C374&ssl=1&resize=700%2C400 2x"},"classes":[]},{"id":3998,"url":"https:\/\/mundosemfim.com\/?p=3998","url_meta":{"origin":95,"position":2},"title":"10 meses na estrada \u2013 Resumo dos nossos gastos e experi\u00eancias!","author":"Renan","date":"agosto 12, 2016","format":false,"excerpt":"E segue o nosso resumo financeiro depois de 10 meses mochilando pela Am\u00e9rica do Sul, com uma m\u00e9dia mensal de 1218 reais por pessoa. Depois de descermos at\u00e9 o Ushuaia, finalmente chegamos ao Equador, e daqui seguiremos para a Col\u00f4mbia, possivelmente nosso \u00faltimo pa\u00eds neste continente! 10 meses depois e\u2026","rel":"","context":"Em &quot;Am\u00e9rica do Sul&quot;","block_context":{"text":"Am\u00e9rica do Sul","link":"https:\/\/mundosemfim.com\/?cat=6"},"img":{"alt_text":"","src":"https:\/\/i0.wp.com\/mundosemfim.com\/wp-content\/uploads\/2016\/08\/viajona.png?fit=1094%2C559&ssl=1&resize=350%2C200","width":350,"height":200,"srcset":"https:\/\/i0.wp.com\/mundosemfim.com\/wp-content\/uploads\/2016\/08\/viajona.png?fit=1094%2C559&ssl=1&resize=350%2C200 1x, https:\/\/i0.wp.com\/mundosemfim.com\/wp-content\/uploads\/2016\/08\/viajona.png?fit=1094%2C559&ssl=1&resize=525%2C300 1.5x, https:\/\/i0.wp.com\/mundosemfim.com\/wp-content\/uploads\/2016\/08\/viajona.png?fit=1094%2C559&ssl=1&resize=700%2C400 2x, https:\/\/i0.wp.com\/mundosemfim.com\/wp-content\/uploads\/2016\/08\/viajona.png?fit=1094%2C559&ssl=1&resize=1050%2C600 3x"},"classes":[]},{"id":2300,"url":"https:\/\/mundosemfim.com\/?p=2300","url_meta":{"origin":95,"position":3},"title":"Visitando as Minas de Potos\u00ed \u2013 Conhe\u00e7a o dia-a-dia duro dos mineiros bolivianos","author":"Renan","date":"abril 29, 2016","format":false,"excerpt":"Gra\u00e7as \u00e0 enorme explora\u00e7\u00e3o da prata, Potos\u00ed j\u00e1 foi a cidade mais rica do mundo. Hoje, toda a prata praticamente se acabou, mas a atividade mineira continua. Conhe\u00e7a como \u00e9 uma destas minas por dentro, e como \u00e9 duro o trabalho dos mineiros! Refer\u00eancia (abril\/2016) 1 real = 1,90 bolivianos\u2026","rel":"","context":"Em &quot;Am\u00e9rica do Sul&quot;","block_context":{"text":"Am\u00e9rica do Sul","link":"https:\/\/mundosemfim.com\/?cat=6"},"img":{"alt_text":"","src":"https:\/\/i0.wp.com\/mundosemfim.com\/wp-content\/uploads\/2016\/04\/p4280021.jpg?fit=1184%2C888&ssl=1&resize=350%2C200","width":350,"height":200,"srcset":"https:\/\/i0.wp.com\/mundosemfim.com\/wp-content\/uploads\/2016\/04\/p4280021.jpg?fit=1184%2C888&ssl=1&resize=350%2C200 1x, https:\/\/i0.wp.com\/mundosemfim.com\/wp-content\/uploads\/2016\/04\/p4280021.jpg?fit=1184%2C888&ssl=1&resize=525%2C300 1.5x, https:\/\/i0.wp.com\/mundosemfim.com\/wp-content\/uploads\/2016\/04\/p4280021.jpg?fit=1184%2C888&ssl=1&resize=700%2C400 2x, https:\/\/i0.wp.com\/mundosemfim.com\/wp-content\/uploads\/2016\/04\/p4280021.jpg?fit=1184%2C888&ssl=1&resize=1050%2C600 3x"},"classes":[]},{"id":343,"url":"https:\/\/mundosemfim.com\/?p=343","url_meta":{"origin":95,"position":4},"title":"2\u00ba m\u00eas na estrada \u2013 um resumo de tudo o que passamos!","author":"Renan","date":"dezembro 1, 2015","format":false,"excerpt":"Finalmente completamos 2 meses na estrada! Agora j\u00e1 n\u00e3o estamos mais de \"f\u00e9rias\", e j\u00e1 passamos a encarar a viagem como um estilo de vida mesmo. Aprendemos muito em rela\u00e7\u00e3o ao m\u00eas passado, principalmente em rela\u00e7\u00e3o \u00e0 economia. Aqui vai um resumo do que vivemos nesses dias! Post sobre o\u2026","rel":"","context":"Em &quot;di\u00e1rio&quot;","block_context":{"text":"di\u00e1rio","link":"https:\/\/mundosemfim.com\/?cat=20"},"img":{"alt_text":"","src":"https:\/\/i0.wp.com\/mundosemfim.com\/wp-content\/uploads\/2015\/12\/mapa.png?fit=962%2C336&ssl=1&resize=350%2C200","width":350,"height":200,"srcset":"https:\/\/i0.wp.com\/mundosemfim.com\/wp-content\/uploads\/2015\/12\/mapa.png?fit=962%2C336&ssl=1&resize=350%2C200 1x, https:\/\/i0.wp.com\/mundosemfim.com\/wp-content\/uploads\/2015\/12\/mapa.png?fit=962%2C336&ssl=1&resize=525%2C300 1.5x, https:\/\/i0.wp.com\/mundosemfim.com\/wp-content\/uploads\/2015\/12\/mapa.png?fit=962%2C336&ssl=1&resize=700%2C400 2x"},"classes":[]},{"id":2524,"url":"https:\/\/mundosemfim.com\/?p=2524","url_meta":{"origin":95,"position":5},"title":"7 meses na estrada &#8211; resumo dos nossos gastos!","author":"Renan","date":"maio 17, 2016","format":false,"excerpt":"Rec\u00e9m pisamos no 4\u00b0 pa\u00eds de nossa viagem de volta ao mundo, e eis que nos demos conta que j\u00e1 se passaram 7 meses desde que deixamos o conforto de nossas casas para viver na estrada! Aqui vai um resumo de tudo o que passamos at\u00e9 agora! E l\u00e1 est\u00e1vamos\u2026","rel":"","context":"Em &quot;Am\u00e9rica do Sul&quot;","block_context":{"text":"Am\u00e9rica do Sul","link":"https:\/\/mundosemfim.com\/?cat=6"},"img":{"alt_text":"","src":"https:\/\/i0.wp.com\/mundosemfim.com\/wp-content\/uploads\/2016\/05\/editar-recorrido-mes-sem-desenho.png?fit=836%2C469&ssl=1&resize=350%2C200","width":350,"height":200,"srcset":"https:\/\/i0.wp.com\/mundosemfim.com\/wp-content\/uploads\/2016\/05\/editar-recorrido-mes-sem-desenho.png?fit=836%2C469&ssl=1&resize=350%2C200 1x, https:\/\/i0.wp.com\/mundosemfim.com\/wp-content\/uploads\/2016\/05\/editar-recorrido-mes-sem-desenho.png?fit=836%2C469&ssl=1&resize=525%2C300 1.5x, https:\/\/i0.wp.com\/mundosemfim.com\/wp-content\/uploads\/2016\/05\/editar-recorrido-mes-sem-desenho.png?fit=836%2C469&ssl=1&resize=700%2C400 2x"},"classes":[]}],"_links":{"self":[{"href":"https:\/\/mundosemfim.com\/index.php?rest_route=\/wp\/v2\/posts\/95","targetHints":{"allow":["GET"]}}],"collection":[{"href":"https:\/\/mundosemfim.com\/index.php?rest_route=\/wp\/v2\/posts"}],"about":[{"href":"https:\/\/mundosemfim.com\/index.php?rest_route=\/wp\/v2\/types\/post"}],"author":[{"embeddable":true,"href":"https:\/\/mundosemfim.com\/index.php?rest_route=\/wp\/v2\/users\/1"}],"replies":[{"embeddable":true,"href":"https:\/\/mundosemfim.com\/index.php?rest_route=%2Fwp%2Fv2%2Fcomments&post=95"}],"version-history":[{"count":5,"href":"https:\/\/mundosemfim.com\/index.php?rest_route=\/wp\/v2\/posts\/95\/revisions"}],"predecessor-version":[{"id":5127,"href":"https:\/\/mundosemfim.com\/index.php?rest_route=\/wp\/v2\/posts\/95\/revisions\/5127"}],"wp:featuredmedia":[{"embeddable":true,"href":"https:\/\/mundosemfim.com\/index.php?rest_route=\/wp\/v2\/media\/104"}],"wp:attachment":[{"href":"https:\/\/mundosemfim.com\/index.php?rest_route=%2Fwp%2Fv2%2Fmedia&parent=95"}],"wp:term":[{"taxonomy":"category","embeddable":true,"href":"https:\/\/mundosemfim.com\/index.php?rest_route=%2Fwp%2Fv2%2Fcategories&post=95"},{"taxonomy":"post_tag","embeddable":true,"href":"https:\/\/mundosemfim.com\/index.php?rest_route=%2Fwp%2Fv2%2Ftags&post=95"}],"curies":[{"name":"wp","href":"https:\/\/api.w.org\/{rel}","templated":true}]}}