{"id":9090,"date":"2019-02-15T12:54:00","date_gmt":"2019-02-15T14:54:00","guid":{"rendered":"https:\/\/mundosemfim.com\/?p=9090"},"modified":"2019-02-15T12:54:00","modified_gmt":"2019-02-15T14:54:00","slug":"massacre-de-my-lai-a-barbarie-americana-na-guerra-do-vietna","status":"publish","type":"post","link":"https:\/\/mundosemfim.com\/?p=9090","title":{"rendered":"Massacre de My Lai \u2013 a barb\u00e1rie americana na Guerra do Vietn\u00e3"},"content":{"rendered":"<p class=\"western\" lang=\"pt-BR\">H\u00e1 51 anos atr\u00e1s, soldados americanos cometiam uma das maiores monstruosidades do s\u00e9culo passado: fuzilaram, queimaram e estupraram centenas de camponeses vietnamitas desarmados. Conhe\u00e7a aqui a hist\u00f3ria por tr\u00e1s desta barb\u00e1rie.<\/p>\n<p class=\"western\" lang=\"pt-BR\"><!--more--><\/p>\n<p class=\"western\" lang=\"pt-BR\">A Guerra do Vietn\u00e3 foi travada entre o Vietn\u00e3 do Norte, auto declarado comunista, e o Vietn\u00e3 do Sul, protegido pelos EUA. Mas os habitantes da pacata vila rural de My Lai, localizada no Vietn\u00e3 do Sul, n\u00e3o t\u00eam nada a agradecer pela \u201cajuda\u201d americana.<\/p>\n<figure id=\"attachment_9091\" aria-describedby=\"caption-attachment-9091\" style=\"width: 714px\" class=\"wp-caption aligncenter\"><img data-recalc-dims=\"1\" loading=\"lazy\" decoding=\"async\" data-attachment-id=\"9091\" data-permalink=\"https:\/\/mundosemfim.com\/?attachment_id=9091\" data-orig-file=\"https:\/\/i0.wp.com\/mundosemfim.com\/wp-content\/uploads\/2019\/02\/My_Lai_massacre.jpg?fit=714%2C486&amp;ssl=1\" data-orig-size=\"714,486\" data-comments-opened=\"1\" data-image-meta=\"{&quot;aperture&quot;:&quot;0&quot;,&quot;credit&quot;:&quot;&quot;,&quot;camera&quot;:&quot;&quot;,&quot;caption&quot;:&quot;&quot;,&quot;created_timestamp&quot;:&quot;0&quot;,&quot;copyright&quot;:&quot;&quot;,&quot;focal_length&quot;:&quot;0&quot;,&quot;iso&quot;:&quot;0&quot;,&quot;shutter_speed&quot;:&quot;0&quot;,&quot;title&quot;:&quot;&quot;,&quot;orientation&quot;:&quot;0&quot;}\" data-image-title=\"\" data-image-description=\"\" data-image-caption=\"&lt;p&gt;V\u00edtimas do Massacre de My Lai. Foto de Ronald L. Haeberle, dom\u00ednio p\u00fablico.&lt;\/p&gt;\n\" data-large-file=\"https:\/\/i0.wp.com\/mundosemfim.com\/wp-content\/uploads\/2019\/02\/My_Lai_massacre.jpg?fit=714%2C486&amp;ssl=1\" class=\"size-full wp-image-9091\" src=\"https:\/\/i0.wp.com\/mundosemfim.com\/wp-content\/uploads\/2019\/02\/My_Lai_massacre.jpg?resize=714%2C486&#038;ssl=1\" alt=\"\" width=\"714\" height=\"486\" srcset=\"https:\/\/i0.wp.com\/mundosemfim.com\/wp-content\/uploads\/2019\/02\/My_Lai_massacre.jpg?w=714&amp;ssl=1 714w, https:\/\/i0.wp.com\/mundosemfim.com\/wp-content\/uploads\/2019\/02\/My_Lai_massacre.jpg?resize=300%2C204&amp;ssl=1 300w\" sizes=\"auto, (max-width: 714px) 100vw, 714px\" \/><figcaption id=\"caption-attachment-9091\" class=\"wp-caption-text\">V\u00edtimas do Massacre de My Lai. Foto de Ronald L. Haeberle, dom\u00ednio p\u00fablico.<\/figcaption><\/figure>\n<p class=\"western\" lang=\"pt-BR\">O massacre aconteceu em 16 de mar\u00e7o de 1968. Motivados por uma den\u00fancia que afirmava que esta pequena vila estava apoiando e escondendo soldados do Vietn\u00e3 do Norte e simpatizantes, um pelot\u00e3o de soldados americanos, comandados pelo tenente William Calley, rumou ao local com ordens de \u201cmatar tudo o que se mexesse\u201d. A informa\u00e7\u00e3o que tinham era a de que os moradores locais sairiam \u00e0s 7h da manh\u00e3 para comprar comida em uma feira, e que quem ficasse para tr\u00e1s seria guerrilheiro ou soldado inimigo.<\/p>\n<p class=\"western\" lang=\"pt-BR\">Mas, ao chegarem \u00e0 vila, os americanos n\u00e3o encontraram soldado ou guerrilheiro algum: apenas camponeses simples e desarmados, entre eles muitos idosos, doentes e crian\u00e7as. Mesmo assim, n\u00e3o quiseram perder viagem e come\u00e7aram a queimar as casas, mesmo com as pessoas dentro. Os que sobreviviam eram fuzilados \u00e0 queima-roupa. Mulheres, incluindo crian\u00e7as de apenas 12 anos, foram estupradas por diversos soldados antes de serem assassinadas.<\/p>\n<figure id=\"attachment_9092\" aria-describedby=\"caption-attachment-9092\" style=\"width: 231px\" class=\"wp-caption aligncenter\"><img data-recalc-dims=\"1\" loading=\"lazy\" decoding=\"async\" data-attachment-id=\"9092\" data-permalink=\"https:\/\/mundosemfim.com\/?attachment_id=9092\" data-orig-file=\"https:\/\/i0.wp.com\/mundosemfim.com\/wp-content\/uploads\/2019\/02\/my-lai-black-blouse-girl-1-231x346.jpg?fit=231%2C346&amp;ssl=1\" data-orig-size=\"231,346\" data-comments-opened=\"1\" data-image-meta=\"{&quot;aperture&quot;:&quot;0&quot;,&quot;credit&quot;:&quot;&quot;,&quot;camera&quot;:&quot;&quot;,&quot;caption&quot;:&quot;&quot;,&quot;created_timestamp&quot;:&quot;0&quot;,&quot;copyright&quot;:&quot;&quot;,&quot;focal_length&quot;:&quot;0&quot;,&quot;iso&quot;:&quot;0&quot;,&quot;shutter_speed&quot;:&quot;0&quot;,&quot;title&quot;:&quot;&quot;,&quot;orientation&quot;:&quot;0&quot;}\" data-image-title=\"\" data-image-description=\"\" data-image-caption=\"&lt;p&gt;Camponeses assustados durante o massacre. Segundo um relato, a mulher no fundo est\u00e1 ajustando a blusa ap\u00f3s ter sido estuprada. Foto de Ronald L. Haeberle, dom\u00ednio p\u00fablico.&lt;\/p&gt;\n\" data-large-file=\"https:\/\/i0.wp.com\/mundosemfim.com\/wp-content\/uploads\/2019\/02\/my-lai-black-blouse-girl-1-231x346.jpg?fit=231%2C346&amp;ssl=1\" class=\"size-full wp-image-9092\" src=\"https:\/\/i0.wp.com\/mundosemfim.com\/wp-content\/uploads\/2019\/02\/my-lai-black-blouse-girl-1-231x346.jpg?resize=231%2C346&#038;ssl=1\" alt=\"\" width=\"231\" height=\"346\" srcset=\"https:\/\/i0.wp.com\/mundosemfim.com\/wp-content\/uploads\/2019\/02\/my-lai-black-blouse-girl-1-231x346.jpg?resize=231%2C346&amp;ssl=1 231w, https:\/\/i0.wp.com\/mundosemfim.com\/wp-content\/uploads\/2019\/02\/my-lai-black-blouse-girl-1-231x346.jpg?resize=200%2C300&amp;ssl=1 200w\" sizes=\"auto, (max-width: 231px) 100vw, 231px\" \/><figcaption id=\"caption-attachment-9092\" class=\"wp-caption-text\">Camponeses assustados durante o massacre. Segundo um relato, a mulher no fundo est\u00e1 ajustando a blusa ap\u00f3s ter sido estuprada. Foto de Ronald L. Haeberle, dom\u00ednio p\u00fablico.<\/figcaption><\/figure>\n<p class=\"western\" lang=\"pt-BR\">A barb\u00e1rie durou 4 horas. O resultado da trag\u00e9dia foram 504 civis mortos, sendo muitos deles mulheres, idosos, crian\u00e7as e at\u00e9 beb\u00eas de colo. Os poucos que sobreviveram se fingiram de mortos entre os cad\u00e1veres, pois os soldados n\u00e3o queriam poupar ningu\u00e9m.<\/p>\n<p class=\"western\" lang=\"pt-BR\">O massacre (ou, como o governo americano preferia chamar, o \u201cincidente\u201d) s\u00f3 foi interrompido gra\u00e7as ao ato heroico do piloto americano Hugh Thompson Jr.<\/p>\n<figure id=\"attachment_9094\" aria-describedby=\"caption-attachment-9094\" style=\"width: 700px\" class=\"wp-caption aligncenter\"><img data-recalc-dims=\"1\" loading=\"lazy\" decoding=\"async\" data-attachment-id=\"9094\" data-permalink=\"https:\/\/mundosemfim.com\/?attachment_id=9094\" data-orig-file=\"https:\/\/i0.wp.com\/mundosemfim.com\/wp-content\/uploads\/2019\/02\/ronald-haeberle-my-lai-vietnam-pictures-6.jpg?fit=700%2C479&amp;ssl=1\" data-orig-size=\"700,479\" data-comments-opened=\"1\" data-image-meta=\"{&quot;aperture&quot;:&quot;0&quot;,&quot;credit&quot;:&quot;&quot;,&quot;camera&quot;:&quot;&quot;,&quot;caption&quot;:&quot;&quot;,&quot;created_timestamp&quot;:&quot;0&quot;,&quot;copyright&quot;:&quot;&quot;,&quot;focal_length&quot;:&quot;0&quot;,&quot;iso&quot;:&quot;0&quot;,&quot;shutter_speed&quot;:&quot;0&quot;,&quot;title&quot;:&quot;&quot;,&quot;orientation&quot;:&quot;0&quot;}\" data-image-title=\"\" data-image-description=\"\" data-image-caption=\"&lt;p&gt;Foto marcante, que mostra um menino tentando salvar seu irm\u00e3o menor. Nenhum dos dois sobreviveu. Foto de Ronald L. Haeberle, dom\u00ednio p\u00fablico.&lt;\/p&gt;\n\" data-large-file=\"https:\/\/i0.wp.com\/mundosemfim.com\/wp-content\/uploads\/2019\/02\/ronald-haeberle-my-lai-vietnam-pictures-6.jpg?fit=700%2C479&amp;ssl=1\" class=\"size-full wp-image-9094\" src=\"https:\/\/i0.wp.com\/mundosemfim.com\/wp-content\/uploads\/2019\/02\/ronald-haeberle-my-lai-vietnam-pictures-6.jpg?resize=700%2C479&#038;ssl=1\" alt=\"\" width=\"700\" height=\"479\" srcset=\"https:\/\/i0.wp.com\/mundosemfim.com\/wp-content\/uploads\/2019\/02\/ronald-haeberle-my-lai-vietnam-pictures-6.jpg?w=700&amp;ssl=1 700w, https:\/\/i0.wp.com\/mundosemfim.com\/wp-content\/uploads\/2019\/02\/ronald-haeberle-my-lai-vietnam-pictures-6.jpg?resize=300%2C205&amp;ssl=1 300w\" sizes=\"auto, (max-width: 700px) 100vw, 700px\" \/><figcaption id=\"caption-attachment-9094\" class=\"wp-caption-text\">Foto marcante, que mostra um menino tentando salvar seu irm\u00e3o menor. Nenhum dos dois sobreviveu. Foto de Ronald L. Haeberle, dom\u00ednio p\u00fablico.<\/figcaption><\/figure>\n<h3 class=\"western\" lang=\"pt-BR\"><b>O her\u00f3i<\/b><\/h3>\n<p class=\"western\" lang=\"pt-BR\">O oficial e piloto Hugh Thompson Jr dava cobertura de helic\u00f3ptero \u00e0s tropas terrestres. Por\u00e9m, ao ver a barbaridade cometida por seus aliados, resolveu intervir em favor dos vietnamitas. Em um ato heroico, comunicou o ocorrido aos seus superiores, buscou ajuda por r\u00e1dio e parou seu helic\u00f3ptero em meio \u00e0 vila.<\/p>\n<figure id=\"attachment_9093\" aria-describedby=\"caption-attachment-9093\" style=\"width: 400px\" class=\"wp-caption aligncenter\"><img data-recalc-dims=\"1\" loading=\"lazy\" decoding=\"async\" data-attachment-id=\"9093\" data-permalink=\"https:\/\/mundosemfim.com\/?attachment_id=9093\" data-orig-file=\"https:\/\/i0.wp.com\/mundosemfim.com\/wp-content\/uploads\/2019\/02\/Hugh_Tompson_Jr.jpg?fit=400%2C580&amp;ssl=1\" data-orig-size=\"400,580\" data-comments-opened=\"1\" data-image-meta=\"{&quot;aperture&quot;:&quot;0&quot;,&quot;credit&quot;:&quot;&quot;,&quot;camera&quot;:&quot;&quot;,&quot;caption&quot;:&quot;&quot;,&quot;created_timestamp&quot;:&quot;0&quot;,&quot;copyright&quot;:&quot;&quot;,&quot;focal_length&quot;:&quot;0&quot;,&quot;iso&quot;:&quot;0&quot;,&quot;shutter_speed&quot;:&quot;0&quot;,&quot;title&quot;:&quot;&quot;,&quot;orientation&quot;:&quot;0&quot;}\" data-image-title=\"Hugh_Tompson_Jr\" data-image-description=\"\" data-image-caption=\"&lt;p&gt;Hugh Thompson Jr, piloto americano que evitou que o massacre fosse ainda maior.&lt;\/p&gt;\n\" data-large-file=\"https:\/\/i0.wp.com\/mundosemfim.com\/wp-content\/uploads\/2019\/02\/Hugh_Tompson_Jr.jpg?fit=400%2C580&amp;ssl=1\" class=\"size-full wp-image-9093\" src=\"https:\/\/i0.wp.com\/mundosemfim.com\/wp-content\/uploads\/2019\/02\/Hugh_Tompson_Jr.jpg?resize=400%2C580&#038;ssl=1\" alt=\"\" width=\"400\" height=\"580\" srcset=\"https:\/\/i0.wp.com\/mundosemfim.com\/wp-content\/uploads\/2019\/02\/Hugh_Tompson_Jr.jpg?w=400&amp;ssl=1 400w, https:\/\/i0.wp.com\/mundosemfim.com\/wp-content\/uploads\/2019\/02\/Hugh_Tompson_Jr.jpg?resize=207%2C300&amp;ssl=1 207w\" sizes=\"auto, (max-width: 400px) 100vw, 400px\" \/><figcaption id=\"caption-attachment-9093\" class=\"wp-caption-text\">Hugh Thompson Jr, piloto americano que evitou que o massacre fosse ainda maior.<\/figcaption><\/figure>\n<p class=\"western\" lang=\"pt-BR\">Com a ajuda de Andreotta e Coburn, tripulantes de seu helic\u00f3ptero, Thompson teria apontado suas metralhadoras contra as tropas terrestres e as alertado que, se visse qualquer soldado norte-americano assassinando mais um civil, este seria metralhado. E, apesar de Thompson ser de patente inferior aos comandantes do pelot\u00e3o terrestre, nenhum soldado ousou desafi\u00e1-lo.<\/p>\n<p class=\"western\" lang=\"pt-BR\">Aqui est\u00e1 o trecho de uma conversa entre Thompson e um soldado:<\/p>\n<ul>\n<li class=\"western\" lang=\"pt-BR\"><i>Thompson: Vamos tirar este pessoal das cabanas e sair daqui.<\/i><\/li>\n<li class=\"western\" lang=\"pt-BR\"><i>Brooks: N\u00f3s iremos tir\u00e1-los com granadas.<\/i><\/li>\n<li class=\"western\" lang=\"pt-BR\"><i>Thompson: Eu posso fazer melhor que isto. Mantenha seu pessoal no lugar. Minha mira est\u00e1 em voc\u00ea.<\/i><\/li>\n<\/ul>\n<p class=\"western\" lang=\"pt-BR\">Depois de interromper o massacre, Thompton e o seu pessoal resgataram 11 sobreviventes. Andreotta conta que, ap\u00f3s levantar voo, viu algo se mexendo em meio a uma pilha de cad\u00e1veres. Voltaram para averiguar e encontraram ali mais uma crian\u00e7a com vida.<\/p>\n<figure id=\"attachment_9096\" aria-describedby=\"caption-attachment-9096\" style=\"width: 700px\" class=\"wp-caption aligncenter\"><img data-recalc-dims=\"1\" loading=\"lazy\" decoding=\"async\" data-attachment-id=\"9096\" data-permalink=\"https:\/\/mundosemfim.com\/?attachment_id=9096\" data-orig-file=\"https:\/\/i0.wp.com\/mundosemfim.com\/wp-content\/uploads\/2019\/02\/vietnam-960.jpg?fit=700%2C391&amp;ssl=1\" data-orig-size=\"700,391\" data-comments-opened=\"1\" data-image-meta=\"{&quot;aperture&quot;:&quot;0&quot;,&quot;credit&quot;:&quot;&quot;,&quot;camera&quot;:&quot;&quot;,&quot;caption&quot;:&quot;&quot;,&quot;created_timestamp&quot;:&quot;0&quot;,&quot;copyright&quot;:&quot;&quot;,&quot;focal_length&quot;:&quot;0&quot;,&quot;iso&quot;:&quot;0&quot;,&quot;shutter_speed&quot;:&quot;0&quot;,&quot;title&quot;:&quot;&quot;,&quot;orientation&quot;:&quot;0&quot;}\" data-image-title=\"\" data-image-description=\"\" data-image-caption=\"&lt;p&gt;Soldado americano queimando casas de palha e comidas na aldeia&lt;\/p&gt;\n\" data-large-file=\"https:\/\/i0.wp.com\/mundosemfim.com\/wp-content\/uploads\/2019\/02\/vietnam-960.jpg?fit=700%2C391&amp;ssl=1\" class=\"size-full wp-image-9096\" src=\"https:\/\/i0.wp.com\/mundosemfim.com\/wp-content\/uploads\/2019\/02\/vietnam-960.jpg?resize=700%2C391&#038;ssl=1\" alt=\"\" width=\"700\" height=\"391\" srcset=\"https:\/\/i0.wp.com\/mundosemfim.com\/wp-content\/uploads\/2019\/02\/vietnam-960.jpg?w=700&amp;ssl=1 700w, https:\/\/i0.wp.com\/mundosemfim.com\/wp-content\/uploads\/2019\/02\/vietnam-960.jpg?resize=300%2C168&amp;ssl=1 300w\" sizes=\"auto, (max-width: 700px) 100vw, 700px\" \/><figcaption id=\"caption-attachment-9096\" class=\"wp-caption-text\">Soldado americano queimando casas de palha e comidas na aldeia<\/figcaption><\/figure>\n<h3 class=\"western\" lang=\"pt-BR\"><b>Consequ\u00eancias<\/b><\/h3>\n<ul>\n<li>\n<p class=\"western\"><span lang=\"pt-BR\">Hugh Thompson Jr. recebeu uma pequena condecora\u00e7\u00e3o pouco tempo depois do epis\u00f3dio. E ent\u00e3o foi enviado para algumas miss\u00f5es extremamente perigosas. Muitos consideram que esta foi uma puni\u00e7\u00e3o pelo seu ato, e que o queriam morto para que o caso fosse abafado. Mas Thompson sobreviveu \u00e0 guerra e, 30 anos depois, junto com Coburn e Andreotta, recebeu a Medalha do Soldado, condecora\u00e7\u00e3o m\u00e1xima dada pelo Ex\u00e9rcito dos EUA. A condecora\u00e7\u00e3o de Andreotta foi p\u00f3stuma, pois este foi morto em uma miss\u00e3o uma semana depois do massacre de My Lai;<\/span><\/p>\n<\/li>\n<li>\n<p class=\"western\"><span lang=\"pt-BR\">A \u00fanica pessoa punida pelo massacre foi o tenente Calley, comandante da opera\u00e7\u00e3o. Foi sentenciado \u00e0 pris\u00e3o perp\u00e9tua, mas dois dias depois da condena\u00e7\u00e3o recebeu o perd\u00e3o do presidente Nixon, e acabou cumprindo uma pena alternativa de 3 anos;<\/span><\/p>\n<\/li>\n<li>\n<p class=\"western\"><span lang=\"pt-BR\">O local onde antes era a vila de My Lai foi convertido em um museu. L\u00e1 \u00e9 poss\u00edvel ver os restos das casas e a lista contendo o nome e a idade dos 504 civis mortos;<\/span><\/p>\n<\/li>\n<li>\n<p class=\"western\"><span lang=\"pt-BR\">Este massacre tornou-se mundialmente conhecido gra\u00e7as ao depoimento de Thompson, Coburn e Andreotta e \u00e0s fotos tiradas pelo fot\u00f3grafo que acompanhou a opera\u00e7\u00e3o. \u00c9 imposs\u00edvel estimar quantos massacres similares aconteceram e foram abafados.<\/span><\/p>\n<\/li>\n<\/ul>\n<figure id=\"attachment_9097\" aria-describedby=\"caption-attachment-9097\" style=\"width: 323px\" class=\"wp-caption aligncenter\"><img data-recalc-dims=\"1\" loading=\"lazy\" decoding=\"async\" data-attachment-id=\"9097\" data-permalink=\"https:\/\/mundosemfim.com\/?attachment_id=9097\" data-orig-file=\"https:\/\/i0.wp.com\/mundosemfim.com\/wp-content\/uploads\/2019\/02\/my_lai_woman_gray.jpg?fit=323%2C200&amp;ssl=1\" data-orig-size=\"323,200\" data-comments-opened=\"1\" data-image-meta=\"{&quot;aperture&quot;:&quot;0&quot;,&quot;credit&quot;:&quot;&quot;,&quot;camera&quot;:&quot;&quot;,&quot;caption&quot;:&quot;&quot;,&quot;created_timestamp&quot;:&quot;0&quot;,&quot;copyright&quot;:&quot;&quot;,&quot;focal_length&quot;:&quot;0&quot;,&quot;iso&quot;:&quot;0&quot;,&quot;shutter_speed&quot;:&quot;0&quot;,&quot;title&quot;:&quot;&quot;,&quot;orientation&quot;:&quot;0&quot;}\" data-image-title=\"\" data-image-description=\"\" data-image-caption=\"&lt;p&gt;Camponesa com um rifle apontado \u00e0 cabe\u00e7a. Foto de Ronald L. Haeberle, dom\u00ednio p\u00fablico.&lt;\/p&gt;\n\" data-large-file=\"https:\/\/i0.wp.com\/mundosemfim.com\/wp-content\/uploads\/2019\/02\/my_lai_woman_gray.jpg?fit=323%2C200&amp;ssl=1\" class=\"size-full wp-image-9097\" src=\"https:\/\/i0.wp.com\/mundosemfim.com\/wp-content\/uploads\/2019\/02\/my_lai_woman_gray.jpg?resize=323%2C200&#038;ssl=1\" alt=\"\" width=\"323\" height=\"200\" srcset=\"https:\/\/i0.wp.com\/mundosemfim.com\/wp-content\/uploads\/2019\/02\/my_lai_woman_gray.jpg?w=323&amp;ssl=1 323w, https:\/\/i0.wp.com\/mundosemfim.com\/wp-content\/uploads\/2019\/02\/my_lai_woman_gray.jpg?resize=300%2C186&amp;ssl=1 300w\" sizes=\"auto, (max-width: 323px) 100vw, 323px\" \/><figcaption id=\"caption-attachment-9097\" class=\"wp-caption-text\">Camponesa com um rifle apontado \u00e0 cabe\u00e7a. Foto de Ronald L. Haeberle, dom\u00ednio p\u00fablico.<\/figcaption><\/figure>\n<h3 class=\"western\"><b><span lang=\"pt-BR\">Depoimentos<\/span><\/b><\/h3>\n<p class=\"western\"><i><span lang=\"pt-BR\">&#8220;Eram muitos soldados, aproximaram-se da casa atirando nas galinhas e os patos. Matavam tudo o que viam. Sentimos um medo atroz. Na casa, est\u00e1vamos minha m\u00e3e, minha filha de 16 anos, meu filho de seis e eu, que estava gr\u00e1vida. Apontaram suas armas para n\u00f3s e pediram que sa\u00edssemos e f\u00f4ssemos at\u00e9 o a\u00e7ude. (&#8230;) Havia muita gente no a\u00e7ude. Empurraram-nos para dentro dele a coronhadas. Junt\u00e1vamos as m\u00e3os e implor\u00e1vamos para que n\u00e3o nos matassem, mas eles come\u00e7aram a disparar. Senti como se as balas me mordessem nas costas e na perna, vi como elas arrancaram metade do rosto de minha filha, e ent\u00e3o desmaiei. O frio me devolveu a consci\u00eancia. Meu filho pequeno jazia a meu lado. N\u00e3o conseguia andar. Arrastei-me para chegar \u00e0 minha casa e beber \u00e1gua porque estava com uma sede terr\u00edvel. No caminho encontrei os corpos nus de muitas jovens. Eles as haviam violado e assassinado.&#8221;<\/span><\/i><\/p>\n<p class=\"western\"><span lang=\"pt-BR\">&#8211; Ha Thi Quy, sobrevivente do massacre, para o jornal \u201cEl Pa\u00eds\u201d em 2008.<\/span><\/p>\n<p class=\"western\"><i><span lang=\"pt-BR\">&#8220;Ainda ou\u00e7o com nitidez os gritos dos soldados que irromperam em minha casa naquela manh\u00e3. \u2018Tudi maus, tudi maus!\u2019 N\u00e3o sei o que isso queria dizer. Nem sei se era ingl\u00eas ou uma imita\u00e7\u00e3o de vietnamita, mas era o que gritavam enquanto apontavam para n\u00f3s e faziam sinais para sairmos. \u2018Tudi maus, tudi maus!\u2019 Minha m\u00e3e me disse para fugir e me esconder. Minhas irm\u00e3s corriam atr\u00e1s de mim seguidas pela minha m\u00e3e com meus dois irm\u00e3os pequenos; o menor, tinha dois anos. Quando \u00edamos entrar no abrigo, nos metralharam. Seus corpos ca\u00edram sobre mim&#8221;.<\/span><\/i><\/p>\n<p class=\"western\"><span lang=\"pt-BR\">&#8211; Cong Pham Thanh, sobrevivente que tinha 11 anos no dia do massacre, para o jornal \u201cEl Pa\u00eds\u201d, em 2008.<\/span><\/p>\n<p class=\"western\"><i><span lang=\"pt-BR\">&#8220;Sobrevoamos uma vala em que haviam sido mortos mais de cem vietnamitas. Andreotta percebeu movimentos, ent\u00e3o Thompson aterrissou novamente. Andreotta foi diretamente at\u00e9 a vala. Teve que caminhar entre cad\u00e1veres que chegavam \u00e0 altura de sua cintura para resgatar um menino pequeno. Eu fiquei de p\u00e9, em campo aberto. Ele se aproximou e me entregou o menino, mas a vala estava t\u00e3o cheia de cad\u00e1veres e de sangue que ele n\u00e3o conseguia sair. Estendi o meu rifle para ele e o ajudei a sair&#8221;.<\/span><\/i><\/p>\n<p class=\"western\"><span lang=\"pt-BR\">&#8211; Depoimento de Coburn registrado no livro \u201cA Guerra do Vietn\u00e3: Uma Hist\u00f3ria Oral\u201d<\/span><\/p>\n<p class=\"western\"><i><span lang=\"pt-BR\">&#8220;N\u00e3o se passa um s\u00f3 dia que seja em que eu n\u00e3o sinta remorsos pelo sucedido em My Lai. Se me perguntar porque eu fiz aquilo, s\u00f3 posso dizer que eu n\u00e3o passava de um segundo tenente a receber ordens do meu superior hier\u00e1rquico, e que obedeci&#8221;.<\/span><\/i><\/p>\n<p class=\"western\"><span lang=\"pt-BR\">&#8211; Depoimento de William Calley para um jornal local de Georgia<\/span><\/p>\n<p class=\"western\"><i><span lang=\"pt-BR\">&#8220;Eu vi um velho no meio do arrozal acenando amigavelmente, e ent\u00e3o sendo assassinado pelos GIs <\/span><\/i><i><span lang=\"pt-BR\">(soldados americanos)&#8230; entrando na vila eu n\u00e3o vi nenhum VietCong, apenas camponeses fugindo de suas casas em chamas e imediatamente sendo mortos pelos GIs. Alguns GIs est\u00e3o particularmente interessados em matar pessoas. A cada corpo que ca\u00eda, eles gritavam: &#8220;deem-me <\/span><\/i><span lang=\"pt-BR\"><i>outro alvo&#8221;&#8221;<\/i><\/span><\/p>\n<p class=\"western\"><span lang=\"pt-BR\">-Relato do soldado americano Herbert Carter<\/span><\/p>\n<p class=\"jetpack-slideshow-noscript robots-nocontent\">Este slideshow necessita de JavaScript.<\/p><div id=\"gallery-9090-1-slideshow\" class=\"jetpack-slideshow-window jetpack-slideshow jetpack-slideshow-black\" data-trans=\"fade\" data-autostart=\"1\" data-gallery=\"[{&quot;src&quot;:&quot;https:\\\/\\\/i0.wp.com\\\/mundosemfim.com\\\/wp-content\\\/uploads\\\/2019\\\/02\\\/DSC_0015.jpg?fit=700%2C467\\u0026ssl=1&quot;,&quot;id&quot;:&quot;9098&quot;,&quot;title&quot;:&quot;Massacre de My Lai&quot;,&quot;alt&quot;:&quot;Massacre de My Lai&quot;,&quot;caption&quot;:&quot;Algumas das pessoas assassinadas durante o Massacre de My Lai. Repare na idade delas.&quot;,&quot;itemprop&quot;:&quot;image&quot;},{&quot;src&quot;:&quot;https:\\\/\\\/i0.wp.com\\\/mundosemfim.com\\\/wp-content\\\/uploads\\\/2019\\\/02\\\/DSC_0020-1.jpg?fit=700%2C467\\u0026ssl=1&quot;,&quot;id&quot;:&quot;9099&quot;,&quot;title&quot;:&quot;Massacre de My Lai&quot;,&quot;alt&quot;:&quot;Museu do Massacre de My Lai&quot;,&quot;caption&quot;:&quot;Memorial erguido \\u00e0s v\\u00edtimas no local onde ficava a antiga vila de My Lai.&quot;,&quot;itemprop&quot;:&quot;image&quot;},{&quot;src&quot;:&quot;https:\\\/\\\/i0.wp.com\\\/mundosemfim.com\\\/wp-content\\\/uploads\\\/2019\\\/02\\\/DSC_0027.jpg?fit=700%2C467\\u0026ssl=1&quot;,&quot;id&quot;:&quot;9100&quot;,&quot;title&quot;:&quot;Massacre de My Lai&quot;,&quot;alt&quot;:&quot;Massacre de My Lai&quot;,&quot;caption&quot;:&quot;O que sobrou de uma casa que foi queimada.&quot;,&quot;itemprop&quot;:&quot;image&quot;},{&quot;src&quot;:&quot;https:\\\/\\\/i0.wp.com\\\/mundosemfim.com\\\/wp-content\\\/uploads\\\/2019\\\/02\\\/DSC_0032.jpg?fit=700%2C467\\u0026ssl=1&quot;,&quot;id&quot;:&quot;9101&quot;,&quot;title&quot;:&quot;Massacre de My Lai&quot;,&quot;alt&quot;:&quot;Massacre de My Lai&quot;,&quot;caption&quot;:&quot;R\\u00e9plica de como seria uma casa na \\u00e9poca.&quot;,&quot;itemprop&quot;:&quot;image&quot;}]\" itemscope itemtype=\"https:\/\/schema.org\/ImageGallery\"><\/div>\n<h3 class=\"western\"><b><span lang=\"pt-BR\">O Museu<\/span><\/b><\/h3>\n<p class=\"western\"><span lang=\"pt-BR\">Se quiser visitar o local do massacre, ele fica a 15 quil\u00f4metros da cidade de Quang Ngai, que est\u00e1 a 2h de trem de Da Nang.<\/span><\/p>\n<p class=\"western\"><span lang=\"pt-BR\">Em Quang Ngai basta pegar o \u00f4nibus verde n\u00famero 3 (parte do terminal de \u00f4nibus) que ele te deixa bem na frente do museu. Para voltar \u00e9 s\u00f3 pegar o mesmo \u00f4nibus em sentido contr\u00e1rio.<\/span><\/p>\n<p class=\"western\"><span lang=\"pt-BR\">A entrada para o museu custa <\/span><span lang=\"pt-BR\"><b>20 mil dongs<\/b><\/span><span lang=\"pt-BR\"> (R$ 3,20) e a passagem do \u00f4nibus custa <\/span><span lang=\"pt-BR\"><b>10 mil dongs <\/b><\/span><span lang=\"pt-BR\">(R$ 1,60).<\/span><\/p>\n<p class=\"western\"><span lang=\"pt-BR\">Se quiser saber mais sobre o massacre, veja este v\u00eddeo que fizemos no museu:<\/span><\/p>\n<div class=\"jetpack-video-wrapper\"><span class=\"embed-youtube\" style=\"text-align:center; display: block;\"><iframe loading=\"lazy\" class=\"youtube-player\" width=\"764\" height=\"430\" src=\"https:\/\/www.youtube.com\/embed\/ic2UJgLROnk?version=3&#038;rel=1&#038;showsearch=0&#038;showinfo=1&#038;iv_load_policy=1&#038;fs=1&#038;hl=pt-BR&#038;autohide=2&#038;wmode=transparent\" allowfullscreen=\"true\" style=\"border:0;\" sandbox=\"allow-scripts allow-same-origin allow-popups allow-presentation allow-popups-to-escape-sandbox\"><\/iframe><\/span><\/div>\n<p class=\"western\"><span lang=\"pt-BR\">E, para conhecer mais hist\u00f3rias interessantes pelo mundo, n\u00e3o deixem de nos seguir nas redes sociais:<\/span><\/p>\n<ul>\n<li>\n<p class=\"western\"><a href=\"https:\/\/www.youtube.com\/c\/MundoSemFim\"><b><span lang=\"pt-BR\">YouTube<\/span><\/b><\/a><\/p>\n<\/li>\n<li>\n<p class=\"western\"><a href=\"http:\/\/facebook.com\/mundosemfimoficial\"><b><span lang=\"pt-BR\">Facebook<\/span><\/b><\/a><\/p>\n<\/li>\n<li>\n<p class=\"western\"><b><span lang=\"pt-BR\">insta: <a href=\"http:\/\/instagram.com\/mundosf\/\">@mundosf<\/a><\/span><\/b><\/p>\n<\/li>\n<\/ul>\n","protected":false},"excerpt":{"rendered":"<p>H\u00e1 51 anos atr\u00e1s, soldados americanos cometiam uma das maiores monstruosidades do s\u00e9culo passado: fuzilaram, queimaram e estupraram centenas de camponeses vietnamitas desarmados. Conhe\u00e7a aqui a hist\u00f3ria por tr\u00e1s desta barb\u00e1rie.<\/p>\n","protected":false},"author":1,"featured_media":9102,"comment_status":"open","ping_status":"open","sticky":false,"template":"","format":"standard","meta":{"jetpack_post_was_ever_published":false,"_jetpack_newsletter_access":"","_jetpack_dont_email_post_to_subs":false,"_jetpack_newsletter_tier_id":0,"_jetpack_memberships_contains_paywalled_content":false,"_jetpack_memberships_contains_paid_content":false,"footnotes":"","jetpack_publicize_message":"","jetpack_publicize_feature_enabled":true,"jetpack_social_post_already_shared":true,"jetpack_social_options":{"image_generator_settings":{"template":"highway","default_image_id":0,"font":"","enabled":false},"version":2}},"categories":[425,572,35,565],"tags":[574,575],"class_list":["post-9090","post","type-post","status-publish","format-standard","has-post-thumbnail","hentry","category-curiosidades","category-entretenimento","category-historia","category-vietna","tag-my-lai","tag-quang-ngai"],"yoast_head":"<!-- This site is optimized with the Yoast SEO plugin v27.5 - https:\/\/yoast.com\/product\/yoast-seo-wordpress\/ -->\n<title>Massacre de My Lai \u2013 a barb\u00e1rie americana na Guerra do Vietn\u00e3 - Mundo Sem Fim<\/title>\n<meta name=\"robots\" content=\"index, follow, max-snippet:-1, max-image-preview:large, max-video-preview:-1\" \/>\n<link rel=\"canonical\" href=\"https:\/\/mundosemfim.com\/?p=9090\" \/>\n<meta property=\"og:locale\" content=\"pt_BR\" \/>\n<meta property=\"og:type\" content=\"article\" \/>\n<meta property=\"og:title\" content=\"Massacre de My Lai \u2013 a barb\u00e1rie americana na Guerra do Vietn\u00e3 - Mundo Sem Fim\" \/>\n<meta property=\"og:description\" content=\"H\u00e1 51 anos atr\u00e1s, soldados americanos cometiam uma das maiores monstruosidades do s\u00e9culo passado: fuzilaram, queimaram e estupraram centenas de camponeses vietnamitas desarmados. Conhe\u00e7a aqui a hist\u00f3ria por tr\u00e1s desta barb\u00e1rie.\" \/>\n<meta property=\"og:url\" content=\"https:\/\/mundosemfim.com\/?p=9090\" \/>\n<meta property=\"og:site_name\" content=\"Mundo Sem Fim\" \/>\n<meta property=\"article:publisher\" content=\"http:\/\/www.facebook.com\/mundosemfimoficial\" \/>\n<meta property=\"article:published_time\" content=\"2019-02-15T14:54:00+00:00\" \/>\n<meta property=\"og:image\" content=\"https:\/\/i0.wp.com\/mundosemfim.com\/wp-content\/uploads\/2019\/02\/vietnam-war.jpg?fit=594%2C449&ssl=1\" \/>\n\t<meta property=\"og:image:width\" content=\"594\" \/>\n\t<meta property=\"og:image:height\" content=\"449\" \/>\n\t<meta property=\"og:image:type\" content=\"image\/jpeg\" \/>\n<meta name=\"author\" content=\"Renan\" \/>\n<meta name=\"twitter:card\" content=\"summary_large_image\" \/>\n<meta name=\"twitter:label1\" content=\"Escrito por\" \/>\n\t<meta name=\"twitter:data1\" content=\"Renan\" \/>\n\t<meta name=\"twitter:label2\" content=\"Est. tempo de leitura\" \/>\n\t<meta name=\"twitter:data2\" content=\"8 minutos\" \/>\n<script type=\"application\/ld+json\" class=\"yoast-schema-graph\">{\"@context\":\"https:\\\/\\\/schema.org\",\"@graph\":[{\"@type\":\"Article\",\"@id\":\"https:\\\/\\\/mundosemfim.com\\\/?p=9090#article\",\"isPartOf\":{\"@id\":\"https:\\\/\\\/mundosemfim.com\\\/?p=9090\"},\"author\":{\"name\":\"Renan\",\"@id\":\"https:\\\/\\\/mundosemfim.com\\\/#\\\/schema\\\/person\\\/b021d50f3a19bae432e9b69ffbfa9257\"},\"headline\":\"Massacre de My Lai \u2013 a barb\u00e1rie americana na Guerra do Vietn\u00e3\",\"datePublished\":\"2019-02-15T14:54:00+00:00\",\"mainEntityOfPage\":{\"@id\":\"https:\\\/\\\/mundosemfim.com\\\/?p=9090\"},\"wordCount\":1563,\"commentCount\":4,\"image\":{\"@id\":\"https:\\\/\\\/mundosemfim.com\\\/?p=9090#primaryimage\"},\"thumbnailUrl\":\"https:\\\/\\\/i0.wp.com\\\/mundosemfim.com\\\/wp-content\\\/uploads\\\/2019\\\/02\\\/vietnam-war.jpg?fit=594%2C449&ssl=1\",\"keywords\":[\"my lai\",\"quang ngai\"],\"articleSection\":[\"curiosidades\",\"entretenimento\",\"hist\u00f3ria\",\"Vietn\u00e3\"],\"inLanguage\":\"pt-BR\",\"potentialAction\":[{\"@type\":\"CommentAction\",\"name\":\"Comment\",\"target\":[\"https:\\\/\\\/mundosemfim.com\\\/?p=9090#respond\"]}]},{\"@type\":\"WebPage\",\"@id\":\"https:\\\/\\\/mundosemfim.com\\\/?p=9090\",\"url\":\"https:\\\/\\\/mundosemfim.com\\\/?p=9090\",\"name\":\"Massacre de My Lai \u2013 a barb\u00e1rie americana na Guerra do Vietn\u00e3 - Mundo Sem Fim\",\"isPartOf\":{\"@id\":\"https:\\\/\\\/mundosemfim.com\\\/#website\"},\"primaryImageOfPage\":{\"@id\":\"https:\\\/\\\/mundosemfim.com\\\/?p=9090#primaryimage\"},\"image\":{\"@id\":\"https:\\\/\\\/mundosemfim.com\\\/?p=9090#primaryimage\"},\"thumbnailUrl\":\"https:\\\/\\\/i0.wp.com\\\/mundosemfim.com\\\/wp-content\\\/uploads\\\/2019\\\/02\\\/vietnam-war.jpg?fit=594%2C449&ssl=1\",\"datePublished\":\"2019-02-15T14:54:00+00:00\",\"author\":{\"@id\":\"https:\\\/\\\/mundosemfim.com\\\/#\\\/schema\\\/person\\\/b021d50f3a19bae432e9b69ffbfa9257\"},\"breadcrumb\":{\"@id\":\"https:\\\/\\\/mundosemfim.com\\\/?p=9090#breadcrumb\"},\"inLanguage\":\"pt-BR\",\"potentialAction\":[{\"@type\":\"ReadAction\",\"target\":[\"https:\\\/\\\/mundosemfim.com\\\/?p=9090\"]}]},{\"@type\":\"ImageObject\",\"inLanguage\":\"pt-BR\",\"@id\":\"https:\\\/\\\/mundosemfim.com\\\/?p=9090#primaryimage\",\"url\":\"https:\\\/\\\/i0.wp.com\\\/mundosemfim.com\\\/wp-content\\\/uploads\\\/2019\\\/02\\\/vietnam-war.jpg?fit=594%2C449&ssl=1\",\"contentUrl\":\"https:\\\/\\\/i0.wp.com\\\/mundosemfim.com\\\/wp-content\\\/uploads\\\/2019\\\/02\\\/vietnam-war.jpg?fit=594%2C449&ssl=1\",\"width\":594,\"height\":449,\"caption\":\"A Vietnamese civilian with a gun pointed at the side of her head. (Photo by Keystone\\\/Getty Images)\"},{\"@type\":\"BreadcrumbList\",\"@id\":\"https:\\\/\\\/mundosemfim.com\\\/?p=9090#breadcrumb\",\"itemListElement\":[{\"@type\":\"ListItem\",\"position\":1,\"name\":\"In\u00edcio\",\"item\":\"https:\\\/\\\/mundosemfim.com\\\/\"},{\"@type\":\"ListItem\",\"position\":2,\"name\":\"Massacre de My Lai \u2013 a barb\u00e1rie americana na Guerra do Vietn\u00e3\"}]},{\"@type\":\"WebSite\",\"@id\":\"https:\\\/\\\/mundosemfim.com\\\/#website\",\"url\":\"https:\\\/\\\/mundosemfim.com\\\/\",\"name\":\"Mundo Sem Fim\",\"description\":\"uma viagem de volta ao mundo pelos 5 continentes!\",\"potentialAction\":[{\"@type\":\"SearchAction\",\"target\":{\"@type\":\"EntryPoint\",\"urlTemplate\":\"https:\\\/\\\/mundosemfim.com\\\/?s={search_term_string}\"},\"query-input\":{\"@type\":\"PropertyValueSpecification\",\"valueRequired\":true,\"valueName\":\"search_term_string\"}}],\"inLanguage\":\"pt-BR\"},{\"@type\":\"Person\",\"@id\":\"https:\\\/\\\/mundosemfim.com\\\/#\\\/schema\\\/person\\\/b021d50f3a19bae432e9b69ffbfa9257\",\"name\":\"Renan\",\"image\":{\"@type\":\"ImageObject\",\"inLanguage\":\"pt-BR\",\"@id\":\"https:\\\/\\\/secure.gravatar.com\\\/avatar\\\/faafca769a603ac75196d21826f3bda645d7e2d6306bb6e236d8cdb38eb44e38?s=96&d=mm&r=g\",\"url\":\"https:\\\/\\\/secure.gravatar.com\\\/avatar\\\/faafca769a603ac75196d21826f3bda645d7e2d6306bb6e236d8cdb38eb44e38?s=96&d=mm&r=g\",\"contentUrl\":\"https:\\\/\\\/secure.gravatar.com\\\/avatar\\\/faafca769a603ac75196d21826f3bda645d7e2d6306bb6e236d8cdb38eb44e38?s=96&d=mm&r=g\",\"caption\":\"Renan\"}}]}<\/script>\n<!-- \/ Yoast SEO plugin. -->","yoast_head_json":{"title":"Massacre de My Lai \u2013 a barb\u00e1rie americana na Guerra do Vietn\u00e3 - Mundo Sem Fim","robots":{"index":"index","follow":"follow","max-snippet":"max-snippet:-1","max-image-preview":"max-image-preview:large","max-video-preview":"max-video-preview:-1"},"canonical":"https:\/\/mundosemfim.com\/?p=9090","og_locale":"pt_BR","og_type":"article","og_title":"Massacre de My Lai \u2013 a barb\u00e1rie americana na Guerra do Vietn\u00e3 - Mundo Sem Fim","og_description":"H\u00e1 51 anos atr\u00e1s, soldados americanos cometiam uma das maiores monstruosidades do s\u00e9culo passado: fuzilaram, queimaram e estupraram centenas de camponeses vietnamitas desarmados. Conhe\u00e7a aqui a hist\u00f3ria por tr\u00e1s desta barb\u00e1rie.","og_url":"https:\/\/mundosemfim.com\/?p=9090","og_site_name":"Mundo Sem Fim","article_publisher":"http:\/\/www.facebook.com\/mundosemfimoficial","article_published_time":"2019-02-15T14:54:00+00:00","og_image":[{"width":594,"height":449,"url":"https:\/\/i0.wp.com\/mundosemfim.com\/wp-content\/uploads\/2019\/02\/vietnam-war.jpg?fit=594%2C449&ssl=1","type":"image\/jpeg"}],"author":"Renan","twitter_card":"summary_large_image","twitter_misc":{"Escrito por":"Renan","Est. tempo de leitura":"8 minutos"},"schema":{"@context":"https:\/\/schema.org","@graph":[{"@type":"Article","@id":"https:\/\/mundosemfim.com\/?p=9090#article","isPartOf":{"@id":"https:\/\/mundosemfim.com\/?p=9090"},"author":{"name":"Renan","@id":"https:\/\/mundosemfim.com\/#\/schema\/person\/b021d50f3a19bae432e9b69ffbfa9257"},"headline":"Massacre de My Lai \u2013 a barb\u00e1rie americana na Guerra do Vietn\u00e3","datePublished":"2019-02-15T14:54:00+00:00","mainEntityOfPage":{"@id":"https:\/\/mundosemfim.com\/?p=9090"},"wordCount":1563,"commentCount":4,"image":{"@id":"https:\/\/mundosemfim.com\/?p=9090#primaryimage"},"thumbnailUrl":"https:\/\/i0.wp.com\/mundosemfim.com\/wp-content\/uploads\/2019\/02\/vietnam-war.jpg?fit=594%2C449&ssl=1","keywords":["my lai","quang ngai"],"articleSection":["curiosidades","entretenimento","hist\u00f3ria","Vietn\u00e3"],"inLanguage":"pt-BR","potentialAction":[{"@type":"CommentAction","name":"Comment","target":["https:\/\/mundosemfim.com\/?p=9090#respond"]}]},{"@type":"WebPage","@id":"https:\/\/mundosemfim.com\/?p=9090","url":"https:\/\/mundosemfim.com\/?p=9090","name":"Massacre de My Lai \u2013 a barb\u00e1rie americana na Guerra do Vietn\u00e3 - Mundo Sem Fim","isPartOf":{"@id":"https:\/\/mundosemfim.com\/#website"},"primaryImageOfPage":{"@id":"https:\/\/mundosemfim.com\/?p=9090#primaryimage"},"image":{"@id":"https:\/\/mundosemfim.com\/?p=9090#primaryimage"},"thumbnailUrl":"https:\/\/i0.wp.com\/mundosemfim.com\/wp-content\/uploads\/2019\/02\/vietnam-war.jpg?fit=594%2C449&ssl=1","datePublished":"2019-02-15T14:54:00+00:00","author":{"@id":"https:\/\/mundosemfim.com\/#\/schema\/person\/b021d50f3a19bae432e9b69ffbfa9257"},"breadcrumb":{"@id":"https:\/\/mundosemfim.com\/?p=9090#breadcrumb"},"inLanguage":"pt-BR","potentialAction":[{"@type":"ReadAction","target":["https:\/\/mundosemfim.com\/?p=9090"]}]},{"@type":"ImageObject","inLanguage":"pt-BR","@id":"https:\/\/mundosemfim.com\/?p=9090#primaryimage","url":"https:\/\/i0.wp.com\/mundosemfim.com\/wp-content\/uploads\/2019\/02\/vietnam-war.jpg?fit=594%2C449&ssl=1","contentUrl":"https:\/\/i0.wp.com\/mundosemfim.com\/wp-content\/uploads\/2019\/02\/vietnam-war.jpg?fit=594%2C449&ssl=1","width":594,"height":449,"caption":"A Vietnamese civilian with a gun pointed at the side of her head. (Photo by Keystone\/Getty Images)"},{"@type":"BreadcrumbList","@id":"https:\/\/mundosemfim.com\/?p=9090#breadcrumb","itemListElement":[{"@type":"ListItem","position":1,"name":"In\u00edcio","item":"https:\/\/mundosemfim.com\/"},{"@type":"ListItem","position":2,"name":"Massacre de My Lai \u2013 a barb\u00e1rie americana na Guerra do Vietn\u00e3"}]},{"@type":"WebSite","@id":"https:\/\/mundosemfim.com\/#website","url":"https:\/\/mundosemfim.com\/","name":"Mundo Sem Fim","description":"uma viagem de volta ao mundo pelos 5 continentes!","potentialAction":[{"@type":"SearchAction","target":{"@type":"EntryPoint","urlTemplate":"https:\/\/mundosemfim.com\/?s={search_term_string}"},"query-input":{"@type":"PropertyValueSpecification","valueRequired":true,"valueName":"search_term_string"}}],"inLanguage":"pt-BR"},{"@type":"Person","@id":"https:\/\/mundosemfim.com\/#\/schema\/person\/b021d50f3a19bae432e9b69ffbfa9257","name":"Renan","image":{"@type":"ImageObject","inLanguage":"pt-BR","@id":"https:\/\/secure.gravatar.com\/avatar\/faafca769a603ac75196d21826f3bda645d7e2d6306bb6e236d8cdb38eb44e38?s=96&d=mm&r=g","url":"https:\/\/secure.gravatar.com\/avatar\/faafca769a603ac75196d21826f3bda645d7e2d6306bb6e236d8cdb38eb44e38?s=96&d=mm&r=g","contentUrl":"https:\/\/secure.gravatar.com\/avatar\/faafca769a603ac75196d21826f3bda645d7e2d6306bb6e236d8cdb38eb44e38?s=96&d=mm&r=g","caption":"Renan"}}]}},"jetpack_publicize_connections":[],"jetpack_featured_media_url":"https:\/\/i0.wp.com\/mundosemfim.com\/wp-content\/uploads\/2019\/02\/vietnam-war.jpg?fit=594%2C449&ssl=1","jetpack_sharing_enabled":true,"jetpack_shortlink":"https:\/\/wp.me\/p7CQyF-2mC","jetpack-related-posts":[{"id":9063,"url":"https:\/\/mundosemfim.com\/?p=9063","url_meta":{"origin":9090,"position":0},"title":"Execu\u00e7\u00e3o em Saigon &#8211; a hist\u00f3ria por tr\u00e1s da ic\u00f4nica foto da Guerra do Vietn\u00e3","author":"Renan","date":"fevereiro 4, 2019","format":false,"excerpt":"Em 1968 o fot\u00f3grafo Eddie Adams capturou uma das fotos mais ic\u00f4nicas da Guerra do Vietn\u00e3. Apesar de a foto ter lhe rendido o pr\u00eamio Pulitzer, Adams revelou que preferia nunca t\u00ea-la tirado. Talvez voc\u00ea j\u00e1 tenha visto esta foto: Em fevereiro de 1968 ela estava na primeira p\u00e1gina dos\u2026","rel":"","context":"Em &quot;entretenimento&quot;","block_context":{"text":"entretenimento","link":"https:\/\/mundosemfim.com\/?cat=572"},"img":{"alt_text":"","src":"https:\/\/i0.wp.com\/mundosemfim.com\/wp-content\/uploads\/2019\/02\/vietnam073-xl.jpg?fit=616%2C445&ssl=1&resize=350%2C200","width":350,"height":200,"srcset":"https:\/\/i0.wp.com\/mundosemfim.com\/wp-content\/uploads\/2019\/02\/vietnam073-xl.jpg?fit=616%2C445&ssl=1&resize=350%2C200 1x, https:\/\/i0.wp.com\/mundosemfim.com\/wp-content\/uploads\/2019\/02\/vietnam073-xl.jpg?fit=616%2C445&ssl=1&resize=525%2C300 1.5x"},"classes":[]},{"id":8997,"url":"https:\/\/mundosemfim.com\/?p=8997","url_meta":{"origin":9090,"position":1},"title":"Napalm Girl \u2013 A hist\u00f3ria da foto da menina correndo na Guerra do Vietn\u00e3","author":"Renan","date":"janeiro 10, 2019","format":false,"excerpt":"Voc\u00ea pode nem se interessar pela Guerra do Vietn\u00e3, mas com certeza j\u00e1 viu a foto da menina sem roupas correndo desesperada pela estrada. Aqui contamos a hist\u00f3ria por tr\u00e1s dela. Antes de mais nada, \u00e9 bom deixar claro que, como qualquer hist\u00f3ria sobre guerras, esta tamb\u00e9m tem v\u00e1rias vers\u00f5es.\u2026","rel":"","context":"Em &quot;curiosidades&quot;","block_context":{"text":"curiosidades","link":"https:\/\/mundosemfim.com\/?cat=425"},"img":{"alt_text":"","src":"https:\/\/i0.wp.com\/mundosemfim.com\/wp-content\/uploads\/2019\/01\/ap489943708182-resize1.jpg?fit=800%2C586&ssl=1&resize=350%2C200","width":350,"height":200,"srcset":"https:\/\/i0.wp.com\/mundosemfim.com\/wp-content\/uploads\/2019\/01\/ap489943708182-resize1.jpg?fit=800%2C586&ssl=1&resize=350%2C200 1x, https:\/\/i0.wp.com\/mundosemfim.com\/wp-content\/uploads\/2019\/01\/ap489943708182-resize1.jpg?fit=800%2C586&ssl=1&resize=525%2C300 1.5x, https:\/\/i0.wp.com\/mundosemfim.com\/wp-content\/uploads\/2019\/01\/ap489943708182-resize1.jpg?fit=800%2C586&ssl=1&resize=700%2C400 2x"},"classes":[]},{"id":9008,"url":"https:\/\/mundosemfim.com\/?p=9008","url_meta":{"origin":9090,"position":2},"title":"O monge budista em chamas \u2013 a hist\u00f3ria por tr\u00e1s da ic\u00f4nica foto do Vietn\u00e3","author":"Renan","date":"janeiro 17, 2019","format":false,"excerpt":"Ganhadora do Pulitzer de 1963, a foto do monge em chamas se tornou uma das mais famosas da hist\u00f3ria. Aqui contamos a hist\u00f3ria por tr\u00e1s dela. Voc\u00ea provavelmente j\u00e1 viu esta foto em algum lugar: Ela tem sido muito usada para representar a resist\u00eancia e a luta contra qualquer tipo\u2026","rel":"","context":"Em &quot;Budismo&quot;","block_context":{"text":"Budismo","link":"https:\/\/mundosemfim.com\/?cat=509"},"img":{"alt_text":"","src":"https:\/\/i0.wp.com\/mundosemfim.com\/wp-content\/uploads\/2019\/01\/The-burning-monk-1963-6-1.jpg?fit=800%2C450&ssl=1&resize=350%2C200","width":350,"height":200,"srcset":"https:\/\/i0.wp.com\/mundosemfim.com\/wp-content\/uploads\/2019\/01\/The-burning-monk-1963-6-1.jpg?fit=800%2C450&ssl=1&resize=350%2C200 1x, https:\/\/i0.wp.com\/mundosemfim.com\/wp-content\/uploads\/2019\/01\/The-burning-monk-1963-6-1.jpg?fit=800%2C450&ssl=1&resize=525%2C300 1.5x, https:\/\/i0.wp.com\/mundosemfim.com\/wp-content\/uploads\/2019\/01\/The-burning-monk-1963-6-1.jpg?fit=800%2C450&ssl=1&resize=700%2C400 2x"},"classes":[]},{"id":9019,"url":"https:\/\/mundosemfim.com\/?p=9019","url_meta":{"origin":9090,"position":3},"title":"Guia de Ho Chi Minh \u2013 o que fazer, pre\u00e7os, dicas e tudo mais","author":"Renan","date":"janeiro 19, 2019","format":false,"excerpt":"Vai visitar Ho Chi Minh? Confira aqui tudo o que \u00e9 imperd\u00edvel na cidade e veja os pre\u00e7os das principais atra\u00e7\u00f5es! C\u00e2mbio oficial (jan\/2019) 1 real = 6.200 dongs 1 d\u00f3lar = 23.200 dongs 1 euro = 26.400 dongs Ho Chi Minh \u2013 antes conhecida como Saigon \u2013 foi a\u2026","rel":"","context":"Em &quot;cidade&quot;","block_context":{"text":"cidade","link":"https:\/\/mundosemfim.com\/?cat=16"},"img":{"alt_text":"Pal\u00e1cio da Reunifica\u00e7\u00e3o em Ho Chi Minh","src":"https:\/\/i0.wp.com\/mundosemfim.com\/wp-content\/uploads\/2019\/01\/DSC_0158.jpg?fit=800%2C533&ssl=1&resize=350%2C200","width":350,"height":200,"srcset":"https:\/\/i0.wp.com\/mundosemfim.com\/wp-content\/uploads\/2019\/01\/DSC_0158.jpg?fit=800%2C533&ssl=1&resize=350%2C200 1x, https:\/\/i0.wp.com\/mundosemfim.com\/wp-content\/uploads\/2019\/01\/DSC_0158.jpg?fit=800%2C533&ssl=1&resize=525%2C300 1.5x, https:\/\/i0.wp.com\/mundosemfim.com\/wp-content\/uploads\/2019\/01\/DSC_0158.jpg?fit=800%2C533&ssl=1&resize=700%2C400 2x"},"classes":[]},{"id":8892,"url":"https:\/\/mundosemfim.com\/?p=8892","url_meta":{"origin":9090,"position":4},"title":"Tirando o visto do Vietn\u00e3 no Laos","author":"Renan","date":"dezembro 6, 2018","format":false,"excerpt":"Como tirar o visto do Vietn\u00e3 de maneira f\u00e1cil e sem carta convite para quem estiver viajando pelo sudeste asi\u00e1tico. A visita ao Vietn\u00e3 era uma inc\u00f3gnita para n\u00f3s, e quase riscamos o pa\u00eds do nosso roteiro. O problema \u00e9 que, em todos os blogs que l\u00edamos, diziam que s\u00f3\u2026","rel":"","context":"Em &quot;Laos&quot;","block_context":{"text":"Laos","link":"https:\/\/mundosemfim.com\/?cat=563"},"img":{"alt_text":"Visto do Vietn\u00e3","src":"https:\/\/i0.wp.com\/mundosemfim.com\/wp-content\/uploads\/2018\/12\/DSC_0002.jpg?fit=800%2C533&ssl=1&resize=350%2C200","width":350,"height":200,"srcset":"https:\/\/i0.wp.com\/mundosemfim.com\/wp-content\/uploads\/2018\/12\/DSC_0002.jpg?fit=800%2C533&ssl=1&resize=350%2C200 1x, https:\/\/i0.wp.com\/mundosemfim.com\/wp-content\/uploads\/2018\/12\/DSC_0002.jpg?fit=800%2C533&ssl=1&resize=525%2C300 1.5x, https:\/\/i0.wp.com\/mundosemfim.com\/wp-content\/uploads\/2018\/12\/DSC_0002.jpg?fit=800%2C533&ssl=1&resize=700%2C400 2x"},"classes":[]},{"id":8947,"url":"https:\/\/mundosemfim.com\/?p=8947","url_meta":{"origin":9090,"position":5},"title":"De Vientiane a Hue: Cruzando a fronteira Laos \u2013 Vietn\u00e3 de \u00f4nibus","author":"Renan","date":"dezembro 25, 2018","format":false,"excerpt":"Para quem quer viajar entre estes dois pa\u00edses sem gastar com avi\u00e3o, aqui contamos como foi nossa travessia. C\u00e2mbio oficial (dez\/2018) 1 real = 2200 kips (dinheiro do Laos) 1 d\u00f3lar = 8550 kips 1 real = 5955 dongs vietnamitas 1 d\u00f3lar = 23250 dongs 22h de viagem. Esse foi\u2026","rel":"","context":"Em &quot;fronteira&quot;","block_context":{"text":"fronteira","link":"https:\/\/mundosemfim.com\/?cat=316"},"img":{"alt_text":"Viagem do Laos ao Vietn\u00e3 de \u00f4nibus","src":"https:\/\/i0.wp.com\/mundosemfim.com\/wp-content\/uploads\/2018\/12\/trajeto.jpg?fit=741%2C542&ssl=1&resize=350%2C200","width":350,"height":200,"srcset":"https:\/\/i0.wp.com\/mundosemfim.com\/wp-content\/uploads\/2018\/12\/trajeto.jpg?fit=741%2C542&ssl=1&resize=350%2C200 1x, https:\/\/i0.wp.com\/mundosemfim.com\/wp-content\/uploads\/2018\/12\/trajeto.jpg?fit=741%2C542&ssl=1&resize=525%2C300 1.5x, https:\/\/i0.wp.com\/mundosemfim.com\/wp-content\/uploads\/2018\/12\/trajeto.jpg?fit=741%2C542&ssl=1&resize=700%2C400 2x"},"classes":[]}],"_links":{"self":[{"href":"https:\/\/mundosemfim.com\/index.php?rest_route=\/wp\/v2\/posts\/9090","targetHints":{"allow":["GET"]}}],"collection":[{"href":"https:\/\/mundosemfim.com\/index.php?rest_route=\/wp\/v2\/posts"}],"about":[{"href":"https:\/\/mundosemfim.com\/index.php?rest_route=\/wp\/v2\/types\/post"}],"author":[{"embeddable":true,"href":"https:\/\/mundosemfim.com\/index.php?rest_route=\/wp\/v2\/users\/1"}],"replies":[{"embeddable":true,"href":"https:\/\/mundosemfim.com\/index.php?rest_route=%2Fwp%2Fv2%2Fcomments&post=9090"}],"version-history":[{"count":1,"href":"https:\/\/mundosemfim.com\/index.php?rest_route=\/wp\/v2\/posts\/9090\/revisions"}],"predecessor-version":[{"id":9103,"href":"https:\/\/mundosemfim.com\/index.php?rest_route=\/wp\/v2\/posts\/9090\/revisions\/9103"}],"wp:featuredmedia":[{"embeddable":true,"href":"https:\/\/mundosemfim.com\/index.php?rest_route=\/wp\/v2\/media\/9102"}],"wp:attachment":[{"href":"https:\/\/mundosemfim.com\/index.php?rest_route=%2Fwp%2Fv2%2Fmedia&parent=9090"}],"wp:term":[{"taxonomy":"category","embeddable":true,"href":"https:\/\/mundosemfim.com\/index.php?rest_route=%2Fwp%2Fv2%2Fcategories&post=9090"},{"taxonomy":"post_tag","embeddable":true,"href":"https:\/\/mundosemfim.com\/index.php?rest_route=%2Fwp%2Fv2%2Ftags&post=9090"}],"curies":[{"name":"wp","href":"https:\/\/api.w.org\/{rel}","templated":true}]}}