{"id":9063,"date":"2019-02-04T10:33:56","date_gmt":"2019-02-04T12:33:56","guid":{"rendered":"https:\/\/mundosemfim.com\/?p=9063"},"modified":"2019-02-12T09:50:43","modified_gmt":"2019-02-12T11:50:43","slug":"execucao-em-saigon-a-historia-por-tras-da-iconica-foto-da-guerra-do-vietna","status":"publish","type":"post","link":"https:\/\/mundosemfim.com\/?p=9063","title":{"rendered":"Execu\u00e7\u00e3o em Saigon &#8211; a hist\u00f3ria por tr\u00e1s da ic\u00f4nica foto da Guerra do Vietn\u00e3"},"content":{"rendered":"<p class=\"western\" lang=\"pt-BR\">Em 1968 o fot\u00f3grafo Eddie Adams capturou uma das fotos mais ic\u00f4nicas da Guerra do Vietn\u00e3. Apesar de a foto ter lhe rendido o pr\u00eamio Pulitzer, Adams revelou que preferia nunca t\u00ea-la tirado.<\/p>\n<p class=\"western\" lang=\"pt-BR\"><!--more--><\/p>\n<p class=\"western\" lang=\"pt-BR\">Talvez voc\u00ea j\u00e1 tenha visto esta foto:<\/p>\n<figure id=\"attachment_9064\" aria-describedby=\"caption-attachment-9064\" style=\"width: 616px\" class=\"wp-caption aligncenter\"><img data-recalc-dims=\"1\" loading=\"lazy\" decoding=\"async\" data-attachment-id=\"9064\" data-permalink=\"https:\/\/mundosemfim.com\/?attachment_id=9064\" data-orig-file=\"https:\/\/i0.wp.com\/mundosemfim.com\/wp-content\/uploads\/2019\/02\/vietnam073-xl.jpg?fit=616%2C445&amp;ssl=1\" data-orig-size=\"616,445\" data-comments-opened=\"1\" data-image-meta=\"{&quot;aperture&quot;:&quot;0&quot;,&quot;credit&quot;:&quot;ASSOCIATED PRESS&quot;,&quot;camera&quot;:&quot;&quot;,&quot;caption&quot;:&quot;South Vietnamese Gen. Nguyen Ngoc Loan, chief of the national police, fires his pistol into the head of suspected Viet Cong officer Nguyen Van Lem, also known as Bay Lop, on a Saigon street, early in the Tet Offensive on Feb. 1, 1968. (AP Photo\/Eddie Adams)&quot;,&quot;created_timestamp&quot;:&quot;0&quot;,&quot;copyright&quot;:&quot;AP1968&quot;,&quot;focal_length&quot;:&quot;0&quot;,&quot;iso&quot;:&quot;0&quot;,&quot;shutter_speed&quot;:&quot;0&quot;,&quot;title&quot;:&quot;Nguyen Van Lem; Bay Lop&quot;,&quot;orientation&quot;:&quot;0&quot;}\" data-image-title=\"\" data-image-description=\"\" data-image-caption=\"&lt;p&gt;Cr\u00e9ditos: Eddie Adams\/AP&lt;\/p&gt;\n\" data-large-file=\"https:\/\/i0.wp.com\/mundosemfim.com\/wp-content\/uploads\/2019\/02\/vietnam073-xl.jpg?fit=616%2C445&amp;ssl=1\" class=\"size-full wp-image-9064\" src=\"https:\/\/i0.wp.com\/mundosemfim.com\/wp-content\/uploads\/2019\/02\/vietnam073-xl.jpg?resize=616%2C445&#038;ssl=1\" alt=\"\" width=\"616\" height=\"445\" srcset=\"https:\/\/i0.wp.com\/mundosemfim.com\/wp-content\/uploads\/2019\/02\/vietnam073-xl.jpg?w=616&amp;ssl=1 616w, https:\/\/i0.wp.com\/mundosemfim.com\/wp-content\/uploads\/2019\/02\/vietnam073-xl.jpg?resize=300%2C217&amp;ssl=1 300w\" sizes=\"auto, (max-width: 616px) 100vw, 616px\" \/><figcaption id=\"caption-attachment-9064\" class=\"wp-caption-text\">Cr\u00e9ditos: Eddie Adams\/AP<\/figcaption><\/figure>\n<p class=\"western\" lang=\"pt-BR\">Em fevereiro de 1968 ela estava na primeira p\u00e1gina dos principais jornais de todo o mundo, mostrando de forma clara os horrores cometidos na Guerra do Vietn\u00e3. Esta foto, junto com a da <a href=\"https:\/\/mundosemfim.com\/napalm-girl-a-historia-da-foto-da-menina-correndo-na-guerra-do-vietna\/\"><b>napalm girl<\/b><\/a>, teve um impacto tremendo na opini\u00e3o p\u00fablica, levando cada vez mais em mais pessoas a protestarem contra a interven\u00e7\u00e3o dos EUA na guerra.<\/p>\n<p class=\"western\" lang=\"pt-BR\">Mas qual a hist\u00f3ria por tr\u00e1s dela? E por que seu fot\u00f3grafo se arrependeu de tir\u00e1-la?<\/p>\n<p class=\"western\" lang=\"pt-BR\">Segundo o pr\u00f3prio Eddie Adams, esta foto, apesar de n\u00e3o ter sofrido manipula\u00e7\u00e3o nenhuma, n\u00e3o conta uma hist\u00f3ria verdadeira. Ela mostra apenas um homem assustado, aparentemente um civil, vestido com roupas simples, sendo sumariamente executado a sangue frio no meio das ruas de Saigon.<\/p>\n<figure id=\"attachment_9068\" aria-describedby=\"caption-attachment-9068\" style=\"width: 199px\" class=\"wp-caption aligncenter\"><img data-recalc-dims=\"1\" loading=\"lazy\" decoding=\"async\" data-attachment-id=\"9068\" data-permalink=\"https:\/\/mundosemfim.com\/?attachment_id=9068\" data-orig-file=\"https:\/\/i0.wp.com\/mundosemfim.com\/wp-content\/uploads\/2019\/02\/nguyen-thi-lop-the-56-year-old-widow-of-nguyen-van-lem-nguyen-van-lem-was-killed-by-general-loan-during-the-tet-offensive-after-being-captured-while-attacking-the-naval-headquarters-in.jpg?fit=199%2C299&amp;ssl=1\" data-orig-size=\"199,299\" data-comments-opened=\"1\" data-image-meta=\"{&quot;aperture&quot;:&quot;0&quot;,&quot;credit&quot;:&quot;&quot;,&quot;camera&quot;:&quot;&quot;,&quot;caption&quot;:&quot;&quot;,&quot;created_timestamp&quot;:&quot;1376864528&quot;,&quot;copyright&quot;:&quot;&quot;,&quot;focal_length&quot;:&quot;0&quot;,&quot;iso&quot;:&quot;0&quot;,&quot;shutter_speed&quot;:&quot;0&quot;,&quot;title&quot;:&quot;&quot;,&quot;orientation&quot;:&quot;0&quot;}\" data-image-title=\"\" data-image-description=\"\" data-image-caption=\"&lt;p&gt;A vi\u00fava mostrando a foto de seu marido morto, estampada nos jornais.&lt;\/p&gt;\n\" data-large-file=\"https:\/\/i0.wp.com\/mundosemfim.com\/wp-content\/uploads\/2019\/02\/nguyen-thi-lop-the-56-year-old-widow-of-nguyen-van-lem-nguyen-van-lem-was-killed-by-general-loan-during-the-tet-offensive-after-being-captured-while-attacking-the-naval-headquarters-in.jpg?fit=199%2C299&amp;ssl=1\" class=\"size-full wp-image-9068\" src=\"https:\/\/i0.wp.com\/mundosemfim.com\/wp-content\/uploads\/2019\/02\/nguyen-thi-lop-the-56-year-old-widow-of-nguyen-van-lem-nguyen-van-lem-was-killed-by-general-loan-during-the-tet-offensive-after-being-captured-while-attacking-the-naval-headquarters-in.jpg?resize=199%2C299&#038;ssl=1\" alt=\"\" width=\"199\" height=\"299\" \/><figcaption id=\"caption-attachment-9068\" class=\"wp-caption-text\">A vi\u00fava mostrando a foto de seu marido morto, estampada nos jornais.<\/figcaption><\/figure>\n<p class=\"western\" lang=\"pt-BR\"><em><strong>Ent\u00e3o vamos \u00e0 hist\u00f3ria por tr\u00e1s da foto:<\/strong><\/em><\/p>\n<p class=\"western\" lang=\"pt-BR\">O homem que aparece sendo executado \u00e9 <strong>Nguyen Van Lem<\/strong>, codinome <strong>Bay Lop<\/strong>. Quem aponta a pistola \u00e9 o general <strong>Nguyen Ngoc Loan<\/strong> (Nguyen \u00e9 um nome muito popular no Vietn\u00e3), chefe da pol\u00edcia nacional do Vietn\u00e3 do Sul.<\/p>\n<p class=\"western\" lang=\"pt-BR\">Bay Lop pertencia ao vietcongue (guerrilha aliada ao Vietn\u00e3 do Norte) e foi acusado de liderar ataques contra a pol\u00edcia nacional do sul e seus familiares (incluindo mulheres, crian\u00e7as e idosos). Ele foi capturado no dia 1 de fevereiro de 1968, perto de uma cova coletiva, onde havia o corpo de sete policiais e alguns membros de suas fam\u00edlias. Ap\u00f3s a captura, Bay Lop foi levado para o general Ngoc Loan, que o executou no meio da rua. Sem interrogat\u00f3rio, sem julgamento, sem confiss\u00e3o, sem provas, sem nada.<\/p>\n<p lang=\"pt-BR\"><img data-recalc-dims=\"1\" loading=\"lazy\" decoding=\"async\" data-attachment-id=\"9067\" data-permalink=\"https:\/\/mundosemfim.com\/?attachment_id=9067\" data-orig-file=\"https:\/\/i0.wp.com\/mundosemfim.com\/wp-content\/uploads\/2019\/02\/saigon-execution-murder-of-a-vietcong-by-saigon-police-chief-1968-3.jpg?fit=616%2C408&amp;ssl=1\" data-orig-size=\"616,408\" data-comments-opened=\"1\" data-image-meta=\"{&quot;aperture&quot;:&quot;0&quot;,&quot;credit&quot;:&quot;&quot;,&quot;camera&quot;:&quot;&quot;,&quot;caption&quot;:&quot;&quot;,&quot;created_timestamp&quot;:&quot;0&quot;,&quot;copyright&quot;:&quot;&quot;,&quot;focal_length&quot;:&quot;0&quot;,&quot;iso&quot;:&quot;0&quot;,&quot;shutter_speed&quot;:&quot;0&quot;,&quot;title&quot;:&quot;&quot;,&quot;orientation&quot;:&quot;0&quot;}\" data-image-title=\"\" data-image-description=\"\" data-image-caption=\"\" data-large-file=\"https:\/\/i0.wp.com\/mundosemfim.com\/wp-content\/uploads\/2019\/02\/saigon-execution-murder-of-a-vietcong-by-saigon-police-chief-1968-3.jpg?fit=616%2C408&amp;ssl=1\" class=\"aligncenter size-full wp-image-9067\" src=\"https:\/\/i0.wp.com\/mundosemfim.com\/wp-content\/uploads\/2019\/02\/saigon-execution-murder-of-a-vietcong-by-saigon-police-chief-1968-3.jpg?resize=616%2C408&#038;ssl=1\" alt=\"\" width=\"616\" height=\"408\" srcset=\"https:\/\/i0.wp.com\/mundosemfim.com\/wp-content\/uploads\/2019\/02\/saigon-execution-murder-of-a-vietcong-by-saigon-police-chief-1968-3.jpg?w=616&amp;ssl=1 616w, https:\/\/i0.wp.com\/mundosemfim.com\/wp-content\/uploads\/2019\/02\/saigon-execution-murder-of-a-vietcong-by-saigon-police-chief-1968-3.jpg?resize=300%2C199&amp;ssl=1 300w\" sizes=\"auto, (max-width: 616px) 100vw, 616px\" \/><\/p>\n<p class=\"western\" lang=\"pt-BR\">Ap\u00f3s a execu\u00e7\u00e3o, o general teria caminhado at\u00e9 o fot\u00f3grafo e dito: \u201cEles mataram muitos dos meus homens, e talvez dos seus tamb\u00e9m\u201d. E ent\u00e3o se retirou.<\/p>\n<p class=\"western\" lang=\"pt-BR\">Foi a coisa certa a se fazer? Certamente n\u00e3o somos n\u00f3s quem podemos julgar. Em uma guerra onde ningu\u00e9m respeitava os direitos civis ou o Tratado de Genebra, fica dif\u00edcil tirar qualquer conclus\u00e3o.<\/p>\n<p class=\"western\" lang=\"pt-BR\">Mas a hist\u00f3ria n\u00e3o termina por a\u00ed. Segundo as palavras de Eddie Adams:<\/p>\n<p class=\"western\" lang=\"pt-BR\"><em><strong>\u201cO general matou o vietcongue; eu matei o general com minha c\u00e2mera. As fotos s\u00e3o a arma mais poderosa do mundo. As pessoas acreditam nelas; mas fotos mentem, mesmo sem manipula\u00e7\u00e3o\u201d.<\/strong><\/em><\/p>\n<figure id=\"attachment_9065\" aria-describedby=\"caption-attachment-9065\" style=\"width: 616px\" class=\"wp-caption aligncenter\"><img data-recalc-dims=\"1\" loading=\"lazy\" decoding=\"async\" data-attachment-id=\"9065\" data-permalink=\"https:\/\/mundosemfim.com\/?attachment_id=9065\" data-orig-file=\"https:\/\/i0.wp.com\/mundosemfim.com\/wp-content\/uploads\/2019\/02\/nguyen-ngoc-loan-south-vietnam-police-chief-shoots-vietcong-head-1968-002.jpg?fit=616%2C420&amp;ssl=1\" data-orig-size=\"616,420\" data-comments-opened=\"1\" data-image-meta=\"{&quot;aperture&quot;:&quot;0&quot;,&quot;credit&quot;:&quot;&quot;,&quot;camera&quot;:&quot;&quot;,&quot;caption&quot;:&quot;&quot;,&quot;created_timestamp&quot;:&quot;0&quot;,&quot;copyright&quot;:&quot;&quot;,&quot;focal_length&quot;:&quot;0&quot;,&quot;iso&quot;:&quot;0&quot;,&quot;shutter_speed&quot;:&quot;0&quot;,&quot;title&quot;:&quot;&quot;,&quot;orientation&quot;:&quot;0&quot;}\" data-image-title=\"\" data-image-description=\"\" data-image-caption=\"&lt;p&gt;Cr\u00e9ditos: Eddie Adams\/AP.&lt;\/p&gt;\n\" data-large-file=\"https:\/\/i0.wp.com\/mundosemfim.com\/wp-content\/uploads\/2019\/02\/nguyen-ngoc-loan-south-vietnam-police-chief-shoots-vietcong-head-1968-002.jpg?fit=616%2C420&amp;ssl=1\" class=\"size-full wp-image-9065\" src=\"https:\/\/i0.wp.com\/mundosemfim.com\/wp-content\/uploads\/2019\/02\/nguyen-ngoc-loan-south-vietnam-police-chief-shoots-vietcong-head-1968-002.jpg?resize=616%2C420&#038;ssl=1\" alt=\"\" width=\"616\" height=\"420\" srcset=\"https:\/\/i0.wp.com\/mundosemfim.com\/wp-content\/uploads\/2019\/02\/nguyen-ngoc-loan-south-vietnam-police-chief-shoots-vietcong-head-1968-002.jpg?w=616&amp;ssl=1 616w, https:\/\/i0.wp.com\/mundosemfim.com\/wp-content\/uploads\/2019\/02\/nguyen-ngoc-loan-south-vietnam-police-chief-shoots-vietcong-head-1968-002.jpg?resize=300%2C205&amp;ssl=1 300w\" sizes=\"auto, (max-width: 616px) 100vw, 616px\" \/><figcaption id=\"caption-attachment-9065\" class=\"wp-caption-text\">Cr\u00e9ditos: Eddie Adams\/AP.<\/figcaption><\/figure>\n<p class=\"western\" lang=\"pt-BR\">O fato \u00e9 que esta foto acabou com a vida do general Ngoc Loan. Onde quer que ele fosse ele seria lembrado pela foto e visto como um dem\u00f4nio.<\/p>\n<p class=\"western\" lang=\"pt-BR\">Alguns meses depois desta foto, Ngoc Loan foi ferido na perna e teve que amput\u00e1-la. Ele foi levado para a Austr\u00e1lia (um pa\u00eds aliado do Vietn\u00e3 do Sul), mas o hospital se recusou a atend\u00ea-lo e ele teve que ser transferido para os EUA. O Departamento de Imigra\u00e7\u00e3o americano tentou deport\u00e1-lo sob a alega\u00e7\u00e3o de que ele havia cometido crime de guerra, mas Eddie Adams testemunhou a favor do general e ele acabou ganhando resid\u00eancia permanente.<\/p>\n<p class=\"western\" lang=\"pt-BR\">Ngoc Loan abriu uma pizzaria nos EUA e conseguiu viver um tempo no anonimato. Por\u00e9m, em 1991, decidiu se aposentar ap\u00f3s encontrar escrito na porta de um dos banheiros o seguinte: \u201cn\u00f3s sabemos quem voc\u00ea \u00e9, idiota\u201d.<\/p>\n<figure id=\"attachment_9066\" aria-describedby=\"caption-attachment-9066\" style=\"width: 300px\" class=\"wp-caption aligncenter\"><img data-recalc-dims=\"1\" loading=\"lazy\" decoding=\"async\" data-attachment-id=\"9066\" data-permalink=\"https:\/\/mundosemfim.com\/?attachment_id=9066\" data-orig-file=\"https:\/\/i0.wp.com\/mundosemfim.com\/wp-content\/uploads\/2019\/02\/nguyen-pizza.jpg?fit=300%2C219&amp;ssl=1\" data-orig-size=\"300,219\" data-comments-opened=\"1\" data-image-meta=\"{&quot;aperture&quot;:&quot;0&quot;,&quot;credit&quot;:&quot;&quot;,&quot;camera&quot;:&quot;&quot;,&quot;caption&quot;:&quot;&quot;,&quot;created_timestamp&quot;:&quot;0&quot;,&quot;copyright&quot;:&quot;&quot;,&quot;focal_length&quot;:&quot;0&quot;,&quot;iso&quot;:&quot;0&quot;,&quot;shutter_speed&quot;:&quot;0&quot;,&quot;title&quot;:&quot;&quot;,&quot;orientation&quot;:&quot;0&quot;}\" data-image-title=\"\" data-image-description=\"\" data-image-caption=\"&lt;p&gt;O general em sua pizzaria&lt;\/p&gt;\n\" data-large-file=\"https:\/\/i0.wp.com\/mundosemfim.com\/wp-content\/uploads\/2019\/02\/nguyen-pizza.jpg?fit=300%2C219&amp;ssl=1\" class=\"size-full wp-image-9066\" src=\"https:\/\/i0.wp.com\/mundosemfim.com\/wp-content\/uploads\/2019\/02\/nguyen-pizza.jpg?resize=300%2C219&#038;ssl=1\" alt=\"\" width=\"300\" height=\"219\" \/><figcaption id=\"caption-attachment-9066\" class=\"wp-caption-text\">O general em sua pizzaria<\/figcaption><\/figure>\n<p class=\"western\" lang=\"pt-BR\">Ngoc Loan morreu em 1998, com 67 anos, v\u00edtima de um c\u00e2ncer.<\/p>\n<p lang=\"pt-BR\">\u00c9 isso, pessoal! Se quiserem conhecer a hist\u00f3ria por tr\u00e1s de mais fotos ic\u00f4nicas do Vietn\u00e3, n\u00e3o deixem de conferir os seguintes artigos:<\/p>\n<ul>\n<li lang=\"pt-BR\"><a href=\"https:\/\/mundosemfim.com\/napalm-girl-a-historia-da-foto-da-menina-correndo-na-guerra-do-vietna\/\"><strong>Napalm Girl<\/strong><\/a><\/li>\n<li lang=\"pt-BR\"><a href=\"https:\/\/mundosemfim.com\/o-monge-budista-em-chamas-a-historia-por-tras-da-iconica-foto-do-vietna\/\"><strong>O monge em chamas<\/strong><\/a><\/li>\n<\/ul>\n<p lang=\"pt-BR\">E n\u00e3o deixem de nos seguir em nossas redes sociais:<\/p>\n<ul>\n<li lang=\"pt-BR\"><a href=\"https:\/\/www.youtube.com\/c\/MundoSemFim\/?sub_confirmation=1\"><strong>Youtube<\/strong><\/a><\/li>\n<li lang=\"pt-BR\"><a href=\"http:\/\/facebook.com\/mundosemfimoficial\"><strong>Facebook<\/strong><\/a><\/li>\n<li lang=\"pt-BR\"><strong>instagram: <a href=\"http:\/\/instagram.com\/mundosf\/\">@mundosf<\/a><\/strong><\/li>\n<\/ul>\n","protected":false},"excerpt":{"rendered":"<p>Em 1968 o fot\u00f3grafo Eddie Adams capturou uma das fotos mais ic\u00f4nicas da Guerra do Vietn\u00e3. Apesar de a foto ter lhe rendido o pr\u00eamio Pulitzer, Adams revelou que preferia nunca t\u00ea-la tirado.<\/p>\n","protected":false},"author":1,"featured_media":9064,"comment_status":"open","ping_status":"open","sticky":false,"template":"","format":"standard","meta":{"jetpack_post_was_ever_published":false,"_jetpack_newsletter_access":"","_jetpack_dont_email_post_to_subs":false,"_jetpack_newsletter_tier_id":0,"_jetpack_memberships_contains_paywalled_content":false,"_jetpack_memberships_contains_paid_content":false,"footnotes":"","jetpack_publicize_message":"","jetpack_publicize_feature_enabled":true,"jetpack_social_post_already_shared":true,"jetpack_social_options":{"image_generator_settings":{"template":"highway","default_image_id":0,"font":"","enabled":false},"version":2}},"categories":[572,571,35,569,565],"tags":[],"class_list":["post-9063","post","type-post","status-publish","format-standard","has-post-thumbnail","hentry","category-entretenimento","category-fotos-famosas","category-historia","category-ho-chi-minh","category-vietna"],"yoast_head":"<!-- This site is optimized with the Yoast SEO plugin v27.5 - https:\/\/yoast.com\/product\/yoast-seo-wordpress\/ -->\n<title>Execu\u00e7\u00e3o em Saigon - a hist\u00f3ria por tr\u00e1s da ic\u00f4nica foto da Guerra do Vietn\u00e3 - Mundo Sem Fim<\/title>\n<meta name=\"robots\" content=\"index, follow, max-snippet:-1, max-image-preview:large, max-video-preview:-1\" \/>\n<link rel=\"canonical\" href=\"https:\/\/mundosemfim.com\/?p=9063\" \/>\n<meta property=\"og:locale\" content=\"pt_BR\" \/>\n<meta property=\"og:type\" content=\"article\" \/>\n<meta property=\"og:title\" content=\"Execu\u00e7\u00e3o em Saigon - a hist\u00f3ria por tr\u00e1s da ic\u00f4nica foto da Guerra do Vietn\u00e3 - Mundo Sem Fim\" \/>\n<meta property=\"og:description\" content=\"Em 1968 o fot\u00f3grafo Eddie Adams capturou uma das fotos mais ic\u00f4nicas da Guerra do Vietn\u00e3. Apesar de a foto ter lhe rendido o pr\u00eamio Pulitzer, Adams revelou que preferia nunca t\u00ea-la tirado.\" \/>\n<meta property=\"og:url\" content=\"https:\/\/mundosemfim.com\/?p=9063\" \/>\n<meta property=\"og:site_name\" content=\"Mundo Sem Fim\" \/>\n<meta property=\"article:publisher\" content=\"http:\/\/www.facebook.com\/mundosemfimoficial\" \/>\n<meta property=\"article:published_time\" content=\"2019-02-04T12:33:56+00:00\" \/>\n<meta property=\"article:modified_time\" content=\"2019-02-12T11:50:43+00:00\" \/>\n<meta property=\"og:image\" content=\"https:\/\/i0.wp.com\/mundosemfim.com\/wp-content\/uploads\/2019\/02\/vietnam073-xl.jpg?fit=616%2C445&ssl=1\" \/>\n\t<meta property=\"og:image:width\" content=\"616\" \/>\n\t<meta property=\"og:image:height\" content=\"445\" \/>\n\t<meta property=\"og:image:type\" content=\"image\/jpeg\" \/>\n<meta name=\"author\" content=\"Renan\" \/>\n<meta name=\"twitter:card\" content=\"summary_large_image\" \/>\n<meta name=\"twitter:label1\" content=\"Escrito por\" \/>\n\t<meta name=\"twitter:data1\" content=\"Renan\" \/>\n\t<meta name=\"twitter:label2\" content=\"Est. tempo de leitura\" \/>\n\t<meta name=\"twitter:data2\" content=\"3 minutos\" \/>\n<script type=\"application\/ld+json\" class=\"yoast-schema-graph\">{\"@context\":\"https:\\\/\\\/schema.org\",\"@graph\":[{\"@type\":\"Article\",\"@id\":\"https:\\\/\\\/mundosemfim.com\\\/?p=9063#article\",\"isPartOf\":{\"@id\":\"https:\\\/\\\/mundosemfim.com\\\/?p=9063\"},\"author\":{\"name\":\"Renan\",\"@id\":\"https:\\\/\\\/mundosemfim.com\\\/#\\\/schema\\\/person\\\/b021d50f3a19bae432e9b69ffbfa9257\"},\"headline\":\"Execu\u00e7\u00e3o em Saigon &#8211; a hist\u00f3ria por tr\u00e1s da ic\u00f4nica foto da Guerra do Vietn\u00e3\",\"datePublished\":\"2019-02-04T12:33:56+00:00\",\"dateModified\":\"2019-02-12T11:50:43+00:00\",\"mainEntityOfPage\":{\"@id\":\"https:\\\/\\\/mundosemfim.com\\\/?p=9063\"},\"wordCount\":716,\"commentCount\":0,\"image\":{\"@id\":\"https:\\\/\\\/mundosemfim.com\\\/?p=9063#primaryimage\"},\"thumbnailUrl\":\"https:\\\/\\\/i0.wp.com\\\/mundosemfim.com\\\/wp-content\\\/uploads\\\/2019\\\/02\\\/vietnam073-xl.jpg?fit=616%2C445&ssl=1\",\"articleSection\":[\"entretenimento\",\"fotos famosas\",\"hist\u00f3ria\",\"Ho Chi Minh\",\"Vietn\u00e3\"],\"inLanguage\":\"pt-BR\",\"potentialAction\":[{\"@type\":\"CommentAction\",\"name\":\"Comment\",\"target\":[\"https:\\\/\\\/mundosemfim.com\\\/?p=9063#respond\"]}]},{\"@type\":\"WebPage\",\"@id\":\"https:\\\/\\\/mundosemfim.com\\\/?p=9063\",\"url\":\"https:\\\/\\\/mundosemfim.com\\\/?p=9063\",\"name\":\"Execu\u00e7\u00e3o em Saigon - a hist\u00f3ria por tr\u00e1s da ic\u00f4nica foto da Guerra do Vietn\u00e3 - Mundo Sem Fim\",\"isPartOf\":{\"@id\":\"https:\\\/\\\/mundosemfim.com\\\/#website\"},\"primaryImageOfPage\":{\"@id\":\"https:\\\/\\\/mundosemfim.com\\\/?p=9063#primaryimage\"},\"image\":{\"@id\":\"https:\\\/\\\/mundosemfim.com\\\/?p=9063#primaryimage\"},\"thumbnailUrl\":\"https:\\\/\\\/i0.wp.com\\\/mundosemfim.com\\\/wp-content\\\/uploads\\\/2019\\\/02\\\/vietnam073-xl.jpg?fit=616%2C445&ssl=1\",\"datePublished\":\"2019-02-04T12:33:56+00:00\",\"dateModified\":\"2019-02-12T11:50:43+00:00\",\"author\":{\"@id\":\"https:\\\/\\\/mundosemfim.com\\\/#\\\/schema\\\/person\\\/b021d50f3a19bae432e9b69ffbfa9257\"},\"breadcrumb\":{\"@id\":\"https:\\\/\\\/mundosemfim.com\\\/?p=9063#breadcrumb\"},\"inLanguage\":\"pt-BR\",\"potentialAction\":[{\"@type\":\"ReadAction\",\"target\":[\"https:\\\/\\\/mundosemfim.com\\\/?p=9063\"]}]},{\"@type\":\"ImageObject\",\"inLanguage\":\"pt-BR\",\"@id\":\"https:\\\/\\\/mundosemfim.com\\\/?p=9063#primaryimage\",\"url\":\"https:\\\/\\\/i0.wp.com\\\/mundosemfim.com\\\/wp-content\\\/uploads\\\/2019\\\/02\\\/vietnam073-xl.jpg?fit=616%2C445&ssl=1\",\"contentUrl\":\"https:\\\/\\\/i0.wp.com\\\/mundosemfim.com\\\/wp-content\\\/uploads\\\/2019\\\/02\\\/vietnam073-xl.jpg?fit=616%2C445&ssl=1\",\"width\":616,\"height\":445,\"caption\":\"Cr\u00e9ditos: Eddie Adams\\\/AP\"},{\"@type\":\"BreadcrumbList\",\"@id\":\"https:\\\/\\\/mundosemfim.com\\\/?p=9063#breadcrumb\",\"itemListElement\":[{\"@type\":\"ListItem\",\"position\":1,\"name\":\"In\u00edcio\",\"item\":\"https:\\\/\\\/mundosemfim.com\\\/\"},{\"@type\":\"ListItem\",\"position\":2,\"name\":\"Execu\u00e7\u00e3o em Saigon &#8211; a hist\u00f3ria por tr\u00e1s da ic\u00f4nica foto da Guerra do Vietn\u00e3\"}]},{\"@type\":\"WebSite\",\"@id\":\"https:\\\/\\\/mundosemfim.com\\\/#website\",\"url\":\"https:\\\/\\\/mundosemfim.com\\\/\",\"name\":\"Mundo Sem Fim\",\"description\":\"uma viagem de volta ao mundo pelos 5 continentes!\",\"potentialAction\":[{\"@type\":\"SearchAction\",\"target\":{\"@type\":\"EntryPoint\",\"urlTemplate\":\"https:\\\/\\\/mundosemfim.com\\\/?s={search_term_string}\"},\"query-input\":{\"@type\":\"PropertyValueSpecification\",\"valueRequired\":true,\"valueName\":\"search_term_string\"}}],\"inLanguage\":\"pt-BR\"},{\"@type\":\"Person\",\"@id\":\"https:\\\/\\\/mundosemfim.com\\\/#\\\/schema\\\/person\\\/b021d50f3a19bae432e9b69ffbfa9257\",\"name\":\"Renan\",\"image\":{\"@type\":\"ImageObject\",\"inLanguage\":\"pt-BR\",\"@id\":\"https:\\\/\\\/secure.gravatar.com\\\/avatar\\\/faafca769a603ac75196d21826f3bda645d7e2d6306bb6e236d8cdb38eb44e38?s=96&d=mm&r=g\",\"url\":\"https:\\\/\\\/secure.gravatar.com\\\/avatar\\\/faafca769a603ac75196d21826f3bda645d7e2d6306bb6e236d8cdb38eb44e38?s=96&d=mm&r=g\",\"contentUrl\":\"https:\\\/\\\/secure.gravatar.com\\\/avatar\\\/faafca769a603ac75196d21826f3bda645d7e2d6306bb6e236d8cdb38eb44e38?s=96&d=mm&r=g\",\"caption\":\"Renan\"}}]}<\/script>\n<!-- \/ Yoast SEO plugin. -->","yoast_head_json":{"title":"Execu\u00e7\u00e3o em Saigon - a hist\u00f3ria por tr\u00e1s da ic\u00f4nica foto da Guerra do Vietn\u00e3 - Mundo Sem Fim","robots":{"index":"index","follow":"follow","max-snippet":"max-snippet:-1","max-image-preview":"max-image-preview:large","max-video-preview":"max-video-preview:-1"},"canonical":"https:\/\/mundosemfim.com\/?p=9063","og_locale":"pt_BR","og_type":"article","og_title":"Execu\u00e7\u00e3o em Saigon - a hist\u00f3ria por tr\u00e1s da ic\u00f4nica foto da Guerra do Vietn\u00e3 - Mundo Sem Fim","og_description":"Em 1968 o fot\u00f3grafo Eddie Adams capturou uma das fotos mais ic\u00f4nicas da Guerra do Vietn\u00e3. Apesar de a foto ter lhe rendido o pr\u00eamio Pulitzer, Adams revelou que preferia nunca t\u00ea-la tirado.","og_url":"https:\/\/mundosemfim.com\/?p=9063","og_site_name":"Mundo Sem Fim","article_publisher":"http:\/\/www.facebook.com\/mundosemfimoficial","article_published_time":"2019-02-04T12:33:56+00:00","article_modified_time":"2019-02-12T11:50:43+00:00","og_image":[{"width":616,"height":445,"url":"https:\/\/i0.wp.com\/mundosemfim.com\/wp-content\/uploads\/2019\/02\/vietnam073-xl.jpg?fit=616%2C445&ssl=1","type":"image\/jpeg"}],"author":"Renan","twitter_card":"summary_large_image","twitter_misc":{"Escrito por":"Renan","Est. tempo de leitura":"3 minutos"},"schema":{"@context":"https:\/\/schema.org","@graph":[{"@type":"Article","@id":"https:\/\/mundosemfim.com\/?p=9063#article","isPartOf":{"@id":"https:\/\/mundosemfim.com\/?p=9063"},"author":{"name":"Renan","@id":"https:\/\/mundosemfim.com\/#\/schema\/person\/b021d50f3a19bae432e9b69ffbfa9257"},"headline":"Execu\u00e7\u00e3o em Saigon &#8211; a hist\u00f3ria por tr\u00e1s da ic\u00f4nica foto da Guerra do Vietn\u00e3","datePublished":"2019-02-04T12:33:56+00:00","dateModified":"2019-02-12T11:50:43+00:00","mainEntityOfPage":{"@id":"https:\/\/mundosemfim.com\/?p=9063"},"wordCount":716,"commentCount":0,"image":{"@id":"https:\/\/mundosemfim.com\/?p=9063#primaryimage"},"thumbnailUrl":"https:\/\/i0.wp.com\/mundosemfim.com\/wp-content\/uploads\/2019\/02\/vietnam073-xl.jpg?fit=616%2C445&ssl=1","articleSection":["entretenimento","fotos famosas","hist\u00f3ria","Ho Chi Minh","Vietn\u00e3"],"inLanguage":"pt-BR","potentialAction":[{"@type":"CommentAction","name":"Comment","target":["https:\/\/mundosemfim.com\/?p=9063#respond"]}]},{"@type":"WebPage","@id":"https:\/\/mundosemfim.com\/?p=9063","url":"https:\/\/mundosemfim.com\/?p=9063","name":"Execu\u00e7\u00e3o em Saigon - a hist\u00f3ria por tr\u00e1s da ic\u00f4nica foto da Guerra do Vietn\u00e3 - Mundo Sem Fim","isPartOf":{"@id":"https:\/\/mundosemfim.com\/#website"},"primaryImageOfPage":{"@id":"https:\/\/mundosemfim.com\/?p=9063#primaryimage"},"image":{"@id":"https:\/\/mundosemfim.com\/?p=9063#primaryimage"},"thumbnailUrl":"https:\/\/i0.wp.com\/mundosemfim.com\/wp-content\/uploads\/2019\/02\/vietnam073-xl.jpg?fit=616%2C445&ssl=1","datePublished":"2019-02-04T12:33:56+00:00","dateModified":"2019-02-12T11:50:43+00:00","author":{"@id":"https:\/\/mundosemfim.com\/#\/schema\/person\/b021d50f3a19bae432e9b69ffbfa9257"},"breadcrumb":{"@id":"https:\/\/mundosemfim.com\/?p=9063#breadcrumb"},"inLanguage":"pt-BR","potentialAction":[{"@type":"ReadAction","target":["https:\/\/mundosemfim.com\/?p=9063"]}]},{"@type":"ImageObject","inLanguage":"pt-BR","@id":"https:\/\/mundosemfim.com\/?p=9063#primaryimage","url":"https:\/\/i0.wp.com\/mundosemfim.com\/wp-content\/uploads\/2019\/02\/vietnam073-xl.jpg?fit=616%2C445&ssl=1","contentUrl":"https:\/\/i0.wp.com\/mundosemfim.com\/wp-content\/uploads\/2019\/02\/vietnam073-xl.jpg?fit=616%2C445&ssl=1","width":616,"height":445,"caption":"Cr\u00e9ditos: Eddie Adams\/AP"},{"@type":"BreadcrumbList","@id":"https:\/\/mundosemfim.com\/?p=9063#breadcrumb","itemListElement":[{"@type":"ListItem","position":1,"name":"In\u00edcio","item":"https:\/\/mundosemfim.com\/"},{"@type":"ListItem","position":2,"name":"Execu\u00e7\u00e3o em Saigon &#8211; a hist\u00f3ria por tr\u00e1s da ic\u00f4nica foto da Guerra do Vietn\u00e3"}]},{"@type":"WebSite","@id":"https:\/\/mundosemfim.com\/#website","url":"https:\/\/mundosemfim.com\/","name":"Mundo Sem Fim","description":"uma viagem de volta ao mundo pelos 5 continentes!","potentialAction":[{"@type":"SearchAction","target":{"@type":"EntryPoint","urlTemplate":"https:\/\/mundosemfim.com\/?s={search_term_string}"},"query-input":{"@type":"PropertyValueSpecification","valueRequired":true,"valueName":"search_term_string"}}],"inLanguage":"pt-BR"},{"@type":"Person","@id":"https:\/\/mundosemfim.com\/#\/schema\/person\/b021d50f3a19bae432e9b69ffbfa9257","name":"Renan","image":{"@type":"ImageObject","inLanguage":"pt-BR","@id":"https:\/\/secure.gravatar.com\/avatar\/faafca769a603ac75196d21826f3bda645d7e2d6306bb6e236d8cdb38eb44e38?s=96&d=mm&r=g","url":"https:\/\/secure.gravatar.com\/avatar\/faafca769a603ac75196d21826f3bda645d7e2d6306bb6e236d8cdb38eb44e38?s=96&d=mm&r=g","contentUrl":"https:\/\/secure.gravatar.com\/avatar\/faafca769a603ac75196d21826f3bda645d7e2d6306bb6e236d8cdb38eb44e38?s=96&d=mm&r=g","caption":"Renan"}}]}},"jetpack_publicize_connections":[],"jetpack_featured_media_url":"https:\/\/i0.wp.com\/mundosemfim.com\/wp-content\/uploads\/2019\/02\/vietnam073-xl.jpg?fit=616%2C445&ssl=1","jetpack_sharing_enabled":true,"jetpack_shortlink":"https:\/\/wp.me\/p7CQyF-2mb","jetpack-related-posts":[{"id":8997,"url":"https:\/\/mundosemfim.com\/?p=8997","url_meta":{"origin":9063,"position":0},"title":"Napalm Girl \u2013 A hist\u00f3ria da foto da menina correndo na Guerra do Vietn\u00e3","author":"Renan","date":"janeiro 10, 2019","format":false,"excerpt":"Voc\u00ea pode nem se interessar pela Guerra do Vietn\u00e3, mas com certeza j\u00e1 viu a foto da menina sem roupas correndo desesperada pela estrada. Aqui contamos a hist\u00f3ria por tr\u00e1s dela. Antes de mais nada, \u00e9 bom deixar claro que, como qualquer hist\u00f3ria sobre guerras, esta tamb\u00e9m tem v\u00e1rias vers\u00f5es.\u2026","rel":"","context":"Em &quot;curiosidades&quot;","block_context":{"text":"curiosidades","link":"https:\/\/mundosemfim.com\/?cat=425"},"img":{"alt_text":"","src":"https:\/\/i0.wp.com\/mundosemfim.com\/wp-content\/uploads\/2019\/01\/ap489943708182-resize1.jpg?fit=800%2C586&ssl=1&resize=350%2C200","width":350,"height":200,"srcset":"https:\/\/i0.wp.com\/mundosemfim.com\/wp-content\/uploads\/2019\/01\/ap489943708182-resize1.jpg?fit=800%2C586&ssl=1&resize=350%2C200 1x, https:\/\/i0.wp.com\/mundosemfim.com\/wp-content\/uploads\/2019\/01\/ap489943708182-resize1.jpg?fit=800%2C586&ssl=1&resize=525%2C300 1.5x, https:\/\/i0.wp.com\/mundosemfim.com\/wp-content\/uploads\/2019\/01\/ap489943708182-resize1.jpg?fit=800%2C586&ssl=1&resize=700%2C400 2x"},"classes":[]},{"id":9008,"url":"https:\/\/mundosemfim.com\/?p=9008","url_meta":{"origin":9063,"position":1},"title":"O monge budista em chamas \u2013 a hist\u00f3ria por tr\u00e1s da ic\u00f4nica foto do Vietn\u00e3","author":"Renan","date":"janeiro 17, 2019","format":false,"excerpt":"Ganhadora do Pulitzer de 1963, a foto do monge em chamas se tornou uma das mais famosas da hist\u00f3ria. Aqui contamos a hist\u00f3ria por tr\u00e1s dela. Voc\u00ea provavelmente j\u00e1 viu esta foto em algum lugar: Ela tem sido muito usada para representar a resist\u00eancia e a luta contra qualquer tipo\u2026","rel":"","context":"Em &quot;Budismo&quot;","block_context":{"text":"Budismo","link":"https:\/\/mundosemfim.com\/?cat=509"},"img":{"alt_text":"","src":"https:\/\/i0.wp.com\/mundosemfim.com\/wp-content\/uploads\/2019\/01\/The-burning-monk-1963-6-1.jpg?fit=800%2C450&ssl=1&resize=350%2C200","width":350,"height":200,"srcset":"https:\/\/i0.wp.com\/mundosemfim.com\/wp-content\/uploads\/2019\/01\/The-burning-monk-1963-6-1.jpg?fit=800%2C450&ssl=1&resize=350%2C200 1x, https:\/\/i0.wp.com\/mundosemfim.com\/wp-content\/uploads\/2019\/01\/The-burning-monk-1963-6-1.jpg?fit=800%2C450&ssl=1&resize=525%2C300 1.5x, https:\/\/i0.wp.com\/mundosemfim.com\/wp-content\/uploads\/2019\/01\/The-burning-monk-1963-6-1.jpg?fit=800%2C450&ssl=1&resize=700%2C400 2x"},"classes":[]},{"id":9090,"url":"https:\/\/mundosemfim.com\/?p=9090","url_meta":{"origin":9063,"position":2},"title":"Massacre de My Lai \u2013 a barb\u00e1rie americana na Guerra do Vietn\u00e3","author":"Renan","date":"fevereiro 15, 2019","format":false,"excerpt":"H\u00e1 51 anos atr\u00e1s, soldados americanos cometiam uma das maiores monstruosidades do s\u00e9culo passado: fuzilaram, queimaram e estupraram centenas de camponeses vietnamitas desarmados. Conhe\u00e7a aqui a hist\u00f3ria por tr\u00e1s desta barb\u00e1rie. A Guerra do Vietn\u00e3 foi travada entre o Vietn\u00e3 do Norte, auto declarado comunista, e o Vietn\u00e3 do Sul,\u2026","rel":"","context":"Em &quot;curiosidades&quot;","block_context":{"text":"curiosidades","link":"https:\/\/mundosemfim.com\/?cat=425"},"img":{"alt_text":"","src":"https:\/\/i0.wp.com\/mundosemfim.com\/wp-content\/uploads\/2019\/02\/vietnam-war.jpg?fit=594%2C449&ssl=1&resize=350%2C200","width":350,"height":200,"srcset":"https:\/\/i0.wp.com\/mundosemfim.com\/wp-content\/uploads\/2019\/02\/vietnam-war.jpg?fit=594%2C449&ssl=1&resize=350%2C200 1x, https:\/\/i0.wp.com\/mundosemfim.com\/wp-content\/uploads\/2019\/02\/vietnam-war.jpg?fit=594%2C449&ssl=1&resize=525%2C300 1.5x"},"classes":[]},{"id":9019,"url":"https:\/\/mundosemfim.com\/?p=9019","url_meta":{"origin":9063,"position":3},"title":"Guia de Ho Chi Minh \u2013 o que fazer, pre\u00e7os, dicas e tudo mais","author":"Renan","date":"janeiro 19, 2019","format":false,"excerpt":"Vai visitar Ho Chi Minh? Confira aqui tudo o que \u00e9 imperd\u00edvel na cidade e veja os pre\u00e7os das principais atra\u00e7\u00f5es! C\u00e2mbio oficial (jan\/2019) 1 real = 6.200 dongs 1 d\u00f3lar = 23.200 dongs 1 euro = 26.400 dongs Ho Chi Minh \u2013 antes conhecida como Saigon \u2013 foi a\u2026","rel":"","context":"Em &quot;cidade&quot;","block_context":{"text":"cidade","link":"https:\/\/mundosemfim.com\/?cat=16"},"img":{"alt_text":"Pal\u00e1cio da Reunifica\u00e7\u00e3o em Ho Chi Minh","src":"https:\/\/i0.wp.com\/mundosemfim.com\/wp-content\/uploads\/2019\/01\/DSC_0158.jpg?fit=800%2C533&ssl=1&resize=350%2C200","width":350,"height":200,"srcset":"https:\/\/i0.wp.com\/mundosemfim.com\/wp-content\/uploads\/2019\/01\/DSC_0158.jpg?fit=800%2C533&ssl=1&resize=350%2C200 1x, https:\/\/i0.wp.com\/mundosemfim.com\/wp-content\/uploads\/2019\/01\/DSC_0158.jpg?fit=800%2C533&ssl=1&resize=525%2C300 1.5x, https:\/\/i0.wp.com\/mundosemfim.com\/wp-content\/uploads\/2019\/01\/DSC_0158.jpg?fit=800%2C533&ssl=1&resize=700%2C400 2x"},"classes":[]},{"id":8892,"url":"https:\/\/mundosemfim.com\/?p=8892","url_meta":{"origin":9063,"position":4},"title":"Tirando o visto do Vietn\u00e3 no Laos","author":"Renan","date":"dezembro 6, 2018","format":false,"excerpt":"Como tirar o visto do Vietn\u00e3 de maneira f\u00e1cil e sem carta convite para quem estiver viajando pelo sudeste asi\u00e1tico. A visita ao Vietn\u00e3 era uma inc\u00f3gnita para n\u00f3s, e quase riscamos o pa\u00eds do nosso roteiro. O problema \u00e9 que, em todos os blogs que l\u00edamos, diziam que s\u00f3\u2026","rel":"","context":"Em &quot;Laos&quot;","block_context":{"text":"Laos","link":"https:\/\/mundosemfim.com\/?cat=563"},"img":{"alt_text":"Visto do Vietn\u00e3","src":"https:\/\/i0.wp.com\/mundosemfim.com\/wp-content\/uploads\/2018\/12\/DSC_0002.jpg?fit=800%2C533&ssl=1&resize=350%2C200","width":350,"height":200,"srcset":"https:\/\/i0.wp.com\/mundosemfim.com\/wp-content\/uploads\/2018\/12\/DSC_0002.jpg?fit=800%2C533&ssl=1&resize=350%2C200 1x, https:\/\/i0.wp.com\/mundosemfim.com\/wp-content\/uploads\/2018\/12\/DSC_0002.jpg?fit=800%2C533&ssl=1&resize=525%2C300 1.5x, https:\/\/i0.wp.com\/mundosemfim.com\/wp-content\/uploads\/2018\/12\/DSC_0002.jpg?fit=800%2C533&ssl=1&resize=700%2C400 2x"},"classes":[]},{"id":9144,"url":"https:\/\/mundosemfim.com\/?p=9144","url_meta":{"origin":9063,"position":5},"title":"O que fazer em Han\u00f3i \u2013 a capital do Vietn\u00e3","author":"Renan","date":"mar\u00e7o 8, 2019","format":false,"excerpt":"Repleta de cultura e com um centro hist\u00f3rico muito interessante, Han\u00f3i \u00e9 uma das cidades que mais recebe turistas no Vietn\u00e3. Aqui damos todas as dicas e ensinamos o que fazer por l\u00e1! C\u00e2mbio oficial (mar\u00e7o\/2019) 1 real = 6200 dongs 1 d\u00f3lar = 23.200 dongs 1 euro = 26.500\u2026","rel":"","context":"Em &quot;capital&quot;","block_context":{"text":"capital","link":"https:\/\/mundosemfim.com\/?cat=396"},"img":{"alt_text":"Lago Hoan Kiem, Han\u00f3i","src":"https:\/\/i0.wp.com\/mundosemfim.com\/wp-content\/uploads\/2019\/03\/DSC_0140.jpg?fit=700%2C467&ssl=1&resize=350%2C200","width":350,"height":200,"srcset":"https:\/\/i0.wp.com\/mundosemfim.com\/wp-content\/uploads\/2019\/03\/DSC_0140.jpg?fit=700%2C467&ssl=1&resize=350%2C200 1x, https:\/\/i0.wp.com\/mundosemfim.com\/wp-content\/uploads\/2019\/03\/DSC_0140.jpg?fit=700%2C467&ssl=1&resize=525%2C300 1.5x, https:\/\/i0.wp.com\/mundosemfim.com\/wp-content\/uploads\/2019\/03\/DSC_0140.jpg?fit=700%2C467&ssl=1&resize=700%2C400 2x"},"classes":[]}],"_links":{"self":[{"href":"https:\/\/mundosemfim.com\/index.php?rest_route=\/wp\/v2\/posts\/9063","targetHints":{"allow":["GET"]}}],"collection":[{"href":"https:\/\/mundosemfim.com\/index.php?rest_route=\/wp\/v2\/posts"}],"about":[{"href":"https:\/\/mundosemfim.com\/index.php?rest_route=\/wp\/v2\/types\/post"}],"author":[{"embeddable":true,"href":"https:\/\/mundosemfim.com\/index.php?rest_route=\/wp\/v2\/users\/1"}],"replies":[{"embeddable":true,"href":"https:\/\/mundosemfim.com\/index.php?rest_route=%2Fwp%2Fv2%2Fcomments&post=9063"}],"version-history":[{"count":4,"href":"https:\/\/mundosemfim.com\/index.php?rest_route=\/wp\/v2\/posts\/9063\/revisions"}],"predecessor-version":[{"id":9072,"href":"https:\/\/mundosemfim.com\/index.php?rest_route=\/wp\/v2\/posts\/9063\/revisions\/9072"}],"wp:featuredmedia":[{"embeddable":true,"href":"https:\/\/mundosemfim.com\/index.php?rest_route=\/wp\/v2\/media\/9064"}],"wp:attachment":[{"href":"https:\/\/mundosemfim.com\/index.php?rest_route=%2Fwp%2Fv2%2Fmedia&parent=9063"}],"wp:term":[{"taxonomy":"category","embeddable":true,"href":"https:\/\/mundosemfim.com\/index.php?rest_route=%2Fwp%2Fv2%2Fcategories&post=9063"},{"taxonomy":"post_tag","embeddable":true,"href":"https:\/\/mundosemfim.com\/index.php?rest_route=%2Fwp%2Fv2%2Ftags&post=9063"}],"curies":[{"name":"wp","href":"https:\/\/api.w.org\/{rel}","templated":true}]}}