{"id":7124,"date":"2017-11-18T02:58:40","date_gmt":"2017-11-18T04:58:40","guid":{"rendered":"https:\/\/mundosemfim.com\/?p=7124"},"modified":"2018-01-22T09:24:39","modified_gmt":"2018-01-22T11:24:39","slug":"mochilando-em-acapulco-conheca-praia-do-chaves","status":"publish","type":"post","link":"https:\/\/mundosemfim.com\/?p=7124","title":{"rendered":"Mochilando em Acapulco \u2013 conhe\u00e7a a praia do Chaves"},"content":{"rendered":"<p class=\"western\">Acapulco \u2013 eternizada pelo epis\u00f3dio do Chaves e por dezena de filmes, esta ainda \u00e9 a praia preferida de muitos mexicanos. N\u00f3s fomos at\u00e9 l\u00e1, e aqui mostramos como \u00e9!<\/p>\n<p class=\"western\"><!--more--><\/p>\n<p class=\"western\"><b>C\u00e2mbio oficial (nov\/2017)<br \/>\n<\/b>1 real = 5,87 pesos mexicanos<br \/>\n1 d\u00f3lar = 19,10 pesos mexicanos<\/p>\n<figure id=\"attachment_7120\" aria-describedby=\"caption-attachment-7120\" style=\"width: 800px\" class=\"wp-caption aligncenter\"><a href=\"https:\/\/i0.wp.com\/mundosemfim.com\/wp-content\/uploads\/2017\/11\/DSC_0074.jpg?ssl=1\"><img data-recalc-dims=\"1\" loading=\"lazy\" decoding=\"async\" data-attachment-id=\"7120\" data-permalink=\"https:\/\/mundosemfim.com\/?attachment_id=7120\" data-orig-file=\"https:\/\/i0.wp.com\/mundosemfim.com\/wp-content\/uploads\/2017\/11\/DSC_0074.jpg?fit=800%2C533&amp;ssl=1\" data-orig-size=\"800,533\" data-comments-opened=\"1\" data-image-meta=\"{&quot;aperture&quot;:&quot;0&quot;,&quot;credit&quot;:&quot;&quot;,&quot;camera&quot;:&quot;&quot;,&quot;caption&quot;:&quot;&quot;,&quot;created_timestamp&quot;:&quot;0&quot;,&quot;copyright&quot;:&quot;&quot;,&quot;focal_length&quot;:&quot;0&quot;,&quot;iso&quot;:&quot;0&quot;,&quot;shutter_speed&quot;:&quot;0&quot;,&quot;title&quot;:&quot;&quot;,&quot;orientation&quot;:&quot;0&quot;}\" data-image-title=\"Acapulco\" data-image-description=\"&lt;p&gt;Mucuvinha no letreiro de Acapulco&lt;\/p&gt;\n\" data-image-caption=\"&lt;p&gt;Na frente de La Quebrada est\u00e1 a placa com o nome de Acapulco&lt;\/p&gt;\n\" data-large-file=\"https:\/\/i0.wp.com\/mundosemfim.com\/wp-content\/uploads\/2017\/11\/DSC_0074.jpg?fit=764%2C509&amp;ssl=1\" class=\"size-full wp-image-7120\" src=\"https:\/\/i0.wp.com\/mundosemfim.com\/wp-content\/uploads\/2017\/11\/DSC_0074.jpg?resize=764%2C509&#038;ssl=1\" alt=\"Mucuvinha no letreiro de Acapulco\" width=\"764\" height=\"509\" srcset=\"https:\/\/i0.wp.com\/mundosemfim.com\/wp-content\/uploads\/2017\/11\/DSC_0074.jpg?w=800&amp;ssl=1 800w, https:\/\/i0.wp.com\/mundosemfim.com\/wp-content\/uploads\/2017\/11\/DSC_0074.jpg?resize=300%2C200&amp;ssl=1 300w, https:\/\/i0.wp.com\/mundosemfim.com\/wp-content\/uploads\/2017\/11\/DSC_0074.jpg?resize=768%2C512&amp;ssl=1 768w\" sizes=\"auto, (max-width: 764px) 100vw, 764px\" \/><\/a><figcaption id=\"caption-attachment-7120\" class=\"wp-caption-text\">Na frente de La Quebrada est\u00e1 a placa com o nome de Acapulco<\/figcaption><\/figure>\n<p class=\"western\">Visitar Acapulco era um sonho antigo. N\u00e3o t\u00ednhamos expectativas de encontrar por l\u00e1 uma praia azul como <a href=\"https:\/\/mundosemfim.com\/tudo-sobre-cancun-dicas-para-curtir-e-economizar-ao-maximo\/\">Canc\u00fan<\/a>, tampouco uma beleza natural pouco desbravada como as praias de Puerto Escondido, mas quer\u00edamos cantar &#8220;boa noite, vizinhan\u00e7a&#8221; naquela mesma areia que a turma do Chaves cantou. Viajando pelo <a href=\"https:\/\/mundosemfim.com\/mochilao-pelo-mexico\/\">M\u00e9xico<\/a>, tivemos a oportunidade de assistir a filmes do Cantinflas e ao cl\u00e1ssico do Elvis &#8220;Seresteiro em Acapulco&#8221;, e isso s\u00f3 aumentou nossa vontade.<\/p>\n<p class=\"western\">E Acapulco n\u00e3o nos decepcionou: al\u00e9m de suas belezas naturais, o simbolismo que guardam seus anos dourados n\u00e3o pode ser ignorado. Sejam pelos Fuscas que funcionam como t\u00e1xi, pelos \u00f4nibus antigos ou pelos hot\u00e9is com arquitetura dos anos 50, Acapulco far\u00e1 voc\u00ea sentir como se tivesse voltado d\u00e9cadas no tempo.<\/p>\n<figure id=\"attachment_7126\" aria-describedby=\"caption-attachment-7126\" style=\"width: 800px\" class=\"wp-caption aligncenter\"><a href=\"https:\/\/i0.wp.com\/mundosemfim.com\/wp-content\/uploads\/2017\/11\/DSC_0121-1.jpg?ssl=1\"><img data-recalc-dims=\"1\" loading=\"lazy\" decoding=\"async\" data-attachment-id=\"7126\" data-permalink=\"https:\/\/mundosemfim.com\/?attachment_id=7126\" data-orig-file=\"https:\/\/i0.wp.com\/mundosemfim.com\/wp-content\/uploads\/2017\/11\/DSC_0121-1.jpg?fit=800%2C533&amp;ssl=1\" data-orig-size=\"800,533\" data-comments-opened=\"1\" data-image-meta=\"{&quot;aperture&quot;:&quot;0&quot;,&quot;credit&quot;:&quot;&quot;,&quot;camera&quot;:&quot;&quot;,&quot;caption&quot;:&quot;&quot;,&quot;created_timestamp&quot;:&quot;0&quot;,&quot;copyright&quot;:&quot;&quot;,&quot;focal_length&quot;:&quot;0&quot;,&quot;iso&quot;:&quot;0&quot;,&quot;shutter_speed&quot;:&quot;0&quot;,&quot;title&quot;:&quot;&quot;,&quot;orientation&quot;:&quot;0&quot;}\" data-image-title=\"Acapulco\" data-image-description=\"&lt;p&gt;Acapulco, M\u00e9xico&lt;\/p&gt;\n\" data-image-caption=\"&lt;p&gt;T\u00e1xi em Acapulco&lt;\/p&gt;\n\" data-large-file=\"https:\/\/i0.wp.com\/mundosemfim.com\/wp-content\/uploads\/2017\/11\/DSC_0121-1.jpg?fit=764%2C509&amp;ssl=1\" class=\"size-full wp-image-7126\" src=\"https:\/\/i0.wp.com\/mundosemfim.com\/wp-content\/uploads\/2017\/11\/DSC_0121-1.jpg?resize=764%2C509&#038;ssl=1\" alt=\"Acapulco, M\u00e9xico\" width=\"764\" height=\"509\" srcset=\"https:\/\/i0.wp.com\/mundosemfim.com\/wp-content\/uploads\/2017\/11\/DSC_0121-1.jpg?w=800&amp;ssl=1 800w, https:\/\/i0.wp.com\/mundosemfim.com\/wp-content\/uploads\/2017\/11\/DSC_0121-1.jpg?resize=300%2C200&amp;ssl=1 300w, https:\/\/i0.wp.com\/mundosemfim.com\/wp-content\/uploads\/2017\/11\/DSC_0121-1.jpg?resize=768%2C512&amp;ssl=1 768w\" sizes=\"auto, (max-width: 764px) 100vw, 764px\" \/><\/a><figcaption id=\"caption-attachment-7126\" class=\"wp-caption-text\">T\u00e1xi em Acapulco<\/figcaption><\/figure>\n<p class=\"western\">Outra coisa legal \u00e9 que Acapulco \u00e9 o <a href=\"https:\/\/mundosemfim.com\/mochilao-pelo-mexico\/\">M\u00e9xico<\/a> de verdade. Enquanto Canc\u00fan e <a href=\"https:\/\/mundosemfim.com\/playa-del-carmen-todas-as-dicas-para-curtir-e-economizar-ao-maximo\/\">Playa del Carmen<\/a> s\u00e3o invadidos por turistas de todos os cantos do mundo, Acapulco ainda \u00e9 um destino visitado quase que exclusivamente por nacionais, o que faz com que a experi\u00eancia seja mais aut\u00eantica e os pre\u00e7os mais baixos.<\/p>\n<h3 class=\"western\"><b>Como chegar?<\/b><\/h3>\n<p class=\"western\">Acapulco est\u00e1 a cerca de 7 horas em \u00f4nibus da Cidade do M\u00e9xico, e as passagens custam na faixa de 530 pesos (100 reais). H\u00e1 v\u00e1rios terminais na cidade, portanto \u00e9 bom conferir em qual voc\u00ea vai chegar (a maioria fica no centro, a poucas quadras da praia).<\/p>\n<p class=\"western\">H\u00e1 tamb\u00e9m transportes frequentes a Puerto Escondido (450 pesos \u2013 cerca de 85 reais, 7 horas) ou a L\u00e1zaro C\u00e1rdenas (300 pesos \u2013 cerca de 55 reais, 6 horas).<\/p>\n<figure id=\"attachment_7129\" aria-describedby=\"caption-attachment-7129\" style=\"width: 800px\" class=\"wp-caption aligncenter\"><a href=\"https:\/\/i0.wp.com\/mundosemfim.com\/wp-content\/uploads\/2017\/11\/DSC_0084.jpg?ssl=1\"><img data-recalc-dims=\"1\" loading=\"lazy\" decoding=\"async\" data-attachment-id=\"7129\" data-permalink=\"https:\/\/mundosemfim.com\/?attachment_id=7129\" data-orig-file=\"https:\/\/i0.wp.com\/mundosemfim.com\/wp-content\/uploads\/2017\/11\/DSC_0084.jpg?fit=800%2C533&amp;ssl=1\" data-orig-size=\"800,533\" data-comments-opened=\"1\" data-image-meta=\"{&quot;aperture&quot;:&quot;0&quot;,&quot;credit&quot;:&quot;&quot;,&quot;camera&quot;:&quot;&quot;,&quot;caption&quot;:&quot;&quot;,&quot;created_timestamp&quot;:&quot;0&quot;,&quot;copyright&quot;:&quot;&quot;,&quot;focal_length&quot;:&quot;0&quot;,&quot;iso&quot;:&quot;0&quot;,&quot;shutter_speed&quot;:&quot;0&quot;,&quot;title&quot;:&quot;&quot;,&quot;orientation&quot;:&quot;0&quot;}\" data-image-title=\"Acapulco\" data-image-description=\"&lt;p&gt;Est\u00e1tua de Juan Gabriel em Acapulco&lt;\/p&gt;\n\" data-image-caption=\"&lt;p&gt;Est\u00e1tua de Juan Gabriel em Acapulco&lt;\/p&gt;\n\" data-large-file=\"https:\/\/i0.wp.com\/mundosemfim.com\/wp-content\/uploads\/2017\/11\/DSC_0084.jpg?fit=764%2C509&amp;ssl=1\" class=\"size-full wp-image-7129\" src=\"https:\/\/i0.wp.com\/mundosemfim.com\/wp-content\/uploads\/2017\/11\/DSC_0084.jpg?resize=764%2C509&#038;ssl=1\" alt=\"Est\u00e1tua de Juan Gabriel em Acapulco\" width=\"764\" height=\"509\" srcset=\"https:\/\/i0.wp.com\/mundosemfim.com\/wp-content\/uploads\/2017\/11\/DSC_0084.jpg?w=800&amp;ssl=1 800w, https:\/\/i0.wp.com\/mundosemfim.com\/wp-content\/uploads\/2017\/11\/DSC_0084.jpg?resize=300%2C200&amp;ssl=1 300w, https:\/\/i0.wp.com\/mundosemfim.com\/wp-content\/uploads\/2017\/11\/DSC_0084.jpg?resize=768%2C512&amp;ssl=1 768w\" sizes=\"auto, (max-width: 764px) 100vw, 764px\" \/><\/a><figcaption id=\"caption-attachment-7129\" class=\"wp-caption-text\">Est\u00e1tua de Juan Gabriel em Acapulco<\/figcaption><\/figure>\n<h3 class=\"western\"><b>Deslocamento<\/b><\/h3>\n<p class=\"western\">Andar de \u00f4nibus em Acapulco \u00e9 bem f\u00e1cil: os \u00f4nibus que dizem <i>Costera<\/i> fazem toda a avenida costeira, desde a praia Caleta at\u00e9 o final da Condesa. A passagem custa 8 pesos (R$1,50) ou 9,50 pesos (com ar condicionado) e passam o tempo todo.<\/p>\n<h3 class=\"western\"><b>Seguran\u00e7a<\/b><\/h3>\n<p class=\"western\">Em termos de homic\u00eddio x habitante, Acapulco \u00e9 a cidade mais violenta do <a href=\"https:\/\/mundosemfim.com\/mochilao-pelo-mexico\/\">M\u00e9xico<\/a> e a segunda mais violenta do mundo, atr\u00e1s somente de <a href=\"https:\/\/mundosemfim.com\/o-que-fazer-em-caracas-a-bela-capital-venezuelana\/\">Caracas<\/a> (se quiser ver o ranking completo, clique <a href=\"https:\/\/mundosemfim.com\/conheca-as-50-cidades-mais-violentas-do-mundo-em-2016\/\"><b>aqui<\/b><\/a>).<\/p>\n<p class=\"western\">\u00c9 claro que isso n\u00e3o \u00e9 um fato que possa ser ignorado, mas a maior parte destes homic\u00eddios acontece por guerras entre traficantes em zonas mais afastadas da praia. A regi\u00e3o tur\u00edstica \u00e9 bastante segura, com policiais em quase cada esquina, e crimes contra turistas s\u00e3o bastante raros. N\u00f3s mesmos caminhamos tranquilamente com a c\u00e2mera pendurada no pesco\u00e7o e foi tudo bem.<\/p>\n<p class=\"western\">N\u00e3o entre em bairros afastados, n\u00e3o se meta com drogas e voc\u00ea n\u00e3o ter\u00e1 nenhum problema.<\/p>\n<figure id=\"attachment_7130\" aria-describedby=\"caption-attachment-7130\" style=\"width: 800px\" class=\"wp-caption aligncenter\"><a href=\"https:\/\/i0.wp.com\/mundosemfim.com\/wp-content\/uploads\/2017\/11\/DSC_0088.jpg?ssl=1\"><img data-recalc-dims=\"1\" loading=\"lazy\" decoding=\"async\" data-attachment-id=\"7130\" data-permalink=\"https:\/\/mundosemfim.com\/?attachment_id=7130\" data-orig-file=\"https:\/\/i0.wp.com\/mundosemfim.com\/wp-content\/uploads\/2017\/11\/DSC_0088.jpg?fit=800%2C533&amp;ssl=1\" data-orig-size=\"800,533\" data-comments-opened=\"1\" data-image-meta=\"{&quot;aperture&quot;:&quot;0&quot;,&quot;credit&quot;:&quot;&quot;,&quot;camera&quot;:&quot;&quot;,&quot;caption&quot;:&quot;&quot;,&quot;created_timestamp&quot;:&quot;0&quot;,&quot;copyright&quot;:&quot;&quot;,&quot;focal_length&quot;:&quot;0&quot;,&quot;iso&quot;:&quot;0&quot;,&quot;shutter_speed&quot;:&quot;0&quot;,&quot;title&quot;:&quot;&quot;,&quot;orientation&quot;:&quot;0&quot;}\" data-image-title=\"Acapulco\" data-image-description=\"&lt;p&gt;Acapulco, M\u00e9xico&lt;\/p&gt;\n\" data-image-caption=\"&lt;p&gt;Acapulco, M\u00e9xico&lt;\/p&gt;\n\" data-large-file=\"https:\/\/i0.wp.com\/mundosemfim.com\/wp-content\/uploads\/2017\/11\/DSC_0088.jpg?fit=764%2C509&amp;ssl=1\" class=\"size-full wp-image-7130\" src=\"https:\/\/i0.wp.com\/mundosemfim.com\/wp-content\/uploads\/2017\/11\/DSC_0088.jpg?resize=764%2C509&#038;ssl=1\" alt=\"Acapulco, M\u00e9xico\" width=\"764\" height=\"509\" srcset=\"https:\/\/i0.wp.com\/mundosemfim.com\/wp-content\/uploads\/2017\/11\/DSC_0088.jpg?w=800&amp;ssl=1 800w, https:\/\/i0.wp.com\/mundosemfim.com\/wp-content\/uploads\/2017\/11\/DSC_0088.jpg?resize=300%2C200&amp;ssl=1 300w, https:\/\/i0.wp.com\/mundosemfim.com\/wp-content\/uploads\/2017\/11\/DSC_0088.jpg?resize=768%2C512&amp;ssl=1 768w\" sizes=\"auto, (max-width: 764px) 100vw, 764px\" \/><\/a><figcaption id=\"caption-attachment-7130\" class=\"wp-caption-text\">Acapulco, M\u00e9xico<\/figcaption><\/figure>\n<h3 class=\"western\"><b>Onde se hospedar?<\/b><\/h3>\n<p class=\"western\">Acapulco n\u00e3o possui muitas op\u00e7\u00f5es econ\u00f4micas, mas as op\u00e7\u00f5es mais chiques n\u00e3o s\u00e3o absurdamente caras. Um casal pode conseguir um hotel com piscina de frente para a praia pagando algo na faixa de R$120. Um hotel sem piscina a umas 2 quadras do mar j\u00e1 fica na faixa de uns R$80.<\/p>\n<p class=\"western\">A regi\u00e3o da praia Caleta e Caletita (marcada em verde no mapa que est\u00e1 mais embaixo) possui op\u00e7\u00f5es mais econ\u00f4micas. Estas praias s\u00e3o boas, mas pequenas. Se for durante um fim de semana, pode ser imposs\u00edvel se banhar pela enorme quantidade de gente.<\/p>\n<figure id=\"attachment_7119\" aria-describedby=\"caption-attachment-7119\" style=\"width: 800px\" class=\"wp-caption aligncenter\"><a href=\"https:\/\/i0.wp.com\/mundosemfim.com\/wp-content\/uploads\/2017\/11\/DSC_0078-1.jpg?ssl=1\"><img data-recalc-dims=\"1\" loading=\"lazy\" decoding=\"async\" data-attachment-id=\"7119\" data-permalink=\"https:\/\/mundosemfim.com\/?attachment_id=7119\" data-orig-file=\"https:\/\/i0.wp.com\/mundosemfim.com\/wp-content\/uploads\/2017\/11\/DSC_0078-1.jpg?fit=800%2C533&amp;ssl=1\" data-orig-size=\"800,533\" data-comments-opened=\"1\" data-image-meta=\"{&quot;aperture&quot;:&quot;0&quot;,&quot;credit&quot;:&quot;&quot;,&quot;camera&quot;:&quot;&quot;,&quot;caption&quot;:&quot;&quot;,&quot;created_timestamp&quot;:&quot;0&quot;,&quot;copyright&quot;:&quot;&quot;,&quot;focal_length&quot;:&quot;0&quot;,&quot;iso&quot;:&quot;0&quot;,&quot;shutter_speed&quot;:&quot;0&quot;,&quot;title&quot;:&quot;&quot;,&quot;orientation&quot;:&quot;0&quot;}\" data-image-title=\"Acapulco\" data-image-description=\"&lt;p&gt;La Quebrada, Acapulco&lt;\/p&gt;\n\" data-image-caption=\"&lt;p&gt;La Quebrada vista da rua&lt;\/p&gt;\n\" data-large-file=\"https:\/\/i0.wp.com\/mundosemfim.com\/wp-content\/uploads\/2017\/11\/DSC_0078-1.jpg?fit=764%2C509&amp;ssl=1\" class=\"size-full wp-image-7119\" src=\"https:\/\/i0.wp.com\/mundosemfim.com\/wp-content\/uploads\/2017\/11\/DSC_0078-1.jpg?resize=764%2C509&#038;ssl=1\" alt=\"La Quebrada, Acapulco\" width=\"764\" height=\"509\" srcset=\"https:\/\/i0.wp.com\/mundosemfim.com\/wp-content\/uploads\/2017\/11\/DSC_0078-1.jpg?w=800&amp;ssl=1 800w, https:\/\/i0.wp.com\/mundosemfim.com\/wp-content\/uploads\/2017\/11\/DSC_0078-1.jpg?resize=300%2C200&amp;ssl=1 300w, https:\/\/i0.wp.com\/mundosemfim.com\/wp-content\/uploads\/2017\/11\/DSC_0078-1.jpg?resize=768%2C512&amp;ssl=1 768w\" sizes=\"auto, (max-width: 764px) 100vw, 764px\" \/><\/a><figcaption id=\"caption-attachment-7119\" class=\"wp-caption-text\">La Quebrada, Acapulco<\/figcaption><\/figure>\n<p class=\"western\">N\u00f3s ficamos a\u00ed em um AirBnb pagando 360 pesos a noite (R$67). Vale a pena reservar s\u00f3 1 dia e o restante pagar diretamente para o propriet\u00e1rio \u2013 assim o pre\u00e7o cai para 300 pesos (algo como R$56). Este quarto do AirBnb \u00e9 de um antigo hotel de luxo que ficou meio que abandonado. N\u00e3o podemos dizer que \u00e9 bom (o ventilador \u00e9 muito fraco, o que dificulta dormir pela noite), mas sem d\u00favidas \u00e9 econ\u00f4mico. O quarto \u00e9 este:<\/p>\n<p><a href=\"https:\/\/www.airbnb.com.br\/rooms\/16685703?location=Acapulco%2C%20M%C3%A9xico&amp;tier_override=0\">https:\/\/www.airbnb.com.br\/rooms\/16685703?location=Acapulco%2C%20M%C3%A9xico&amp;tier_override=0<\/a><\/p>\n<p>Se nunca usou o AirBnb, pegue um vale de 100 reais\u00a0<a href=\"http:\/\/www.airbnb.com.br\/c\/renang98\"><strong>aqui<\/strong><\/a>.<\/p>\n<p class=\"western\">Se quiser procurar um hotel mais bacana, pode fazer a busca por aqui:<\/p>\n<p><ins class=\"bookingaff\" data-aid=\"1161710\" data-target_aid=\"1152681\" data-prod=\"nsb\" data-width=\"400\" data-height=\"300\"><br \/>\n<!-- Anything inside will go away once widget is loaded. --><br \/>\n<a href=\"\/\/www.booking.com?aid=1152681\">Booking.com<\/a><br \/>\n<\/ins><br \/>\n<script type=\"text\/javascript\">\n    (function(d, sc, u) {\n      var s = d.createElement(sc), p = d.getElementsByTagName(sc)[0];\n      s.type = 'text\/javascript';\n      s.async = true;\n      s.src = u + '?v=' + (+new Date());\n      p.parentNode.insertBefore(s,p);\n      })(document, 'script', '\/\/aff.bstatic.com\/static\/affiliate_base\/js\/flexiproduct.js');\n<\/script><\/p>\n<h3 class=\"western\"><b>O que fazer?<\/b><\/h3>\n<p class=\"western\">Al\u00e9m de relaxar na piscina do hotel e de comer em bons restaurantes, Acapulco oferece algumas atividades interessantes. Aqui listamos algumas:<\/p>\n<ul>\n<li>\n<h4 class=\"western\"><i><b>Curtir a praia<\/b><\/i><\/h4>\n<\/li>\n<\/ul>\n<p class=\"western\">Sem d\u00favidas, \u00e9 isso que atrai os milhares de turistas a Acapulco. As principais praias de Acapulco s\u00e3o as seguintes:<\/p>\n<figure id=\"attachment_7125\" aria-describedby=\"caption-attachment-7125\" style=\"width: 906px\" class=\"wp-caption aligncenter\"><a href=\"https:\/\/i0.wp.com\/mundosemfim.com\/wp-content\/uploads\/2017\/11\/mapa-2.png?ssl=1\"><img data-recalc-dims=\"1\" loading=\"lazy\" decoding=\"async\" data-attachment-id=\"7125\" data-permalink=\"https:\/\/mundosemfim.com\/?attachment_id=7125\" data-orig-file=\"https:\/\/i0.wp.com\/mundosemfim.com\/wp-content\/uploads\/2017\/11\/mapa-2.png?fit=906%2C576&amp;ssl=1\" data-orig-size=\"906,576\" data-comments-opened=\"1\" data-image-meta=\"{&quot;aperture&quot;:&quot;0&quot;,&quot;credit&quot;:&quot;&quot;,&quot;camera&quot;:&quot;&quot;,&quot;caption&quot;:&quot;&quot;,&quot;created_timestamp&quot;:&quot;0&quot;,&quot;copyright&quot;:&quot;&quot;,&quot;focal_length&quot;:&quot;0&quot;,&quot;iso&quot;:&quot;0&quot;,&quot;shutter_speed&quot;:&quot;0&quot;,&quot;title&quot;:&quot;&quot;,&quot;orientation&quot;:&quot;0&quot;}\" data-image-title=\"Acapulco\" data-image-description=\"&lt;p&gt;Mapa de praias de Acapulco&lt;\/p&gt;\n\" data-image-caption=\"&lt;p&gt;Mapa de praias de Acapulco&lt;\/p&gt;\n\" data-large-file=\"https:\/\/i0.wp.com\/mundosemfim.com\/wp-content\/uploads\/2017\/11\/mapa-2.png?fit=764%2C486&amp;ssl=1\" class=\"size-full wp-image-7125\" src=\"https:\/\/i0.wp.com\/mundosemfim.com\/wp-content\/uploads\/2017\/11\/mapa-2.png?resize=764%2C486&#038;ssl=1\" alt=\"Mapa de praias de Acapulco\" width=\"764\" height=\"486\" srcset=\"https:\/\/i0.wp.com\/mundosemfim.com\/wp-content\/uploads\/2017\/11\/mapa-2.png?w=906&amp;ssl=1 906w, https:\/\/i0.wp.com\/mundosemfim.com\/wp-content\/uploads\/2017\/11\/mapa-2.png?resize=300%2C191&amp;ssl=1 300w, https:\/\/i0.wp.com\/mundosemfim.com\/wp-content\/uploads\/2017\/11\/mapa-2.png?resize=768%2C488&amp;ssl=1 768w\" sizes=\"auto, (max-width: 764px) 100vw, 764px\" \/><\/a><figcaption id=\"caption-attachment-7125\" class=\"wp-caption-text\">Mapa de praias de Acapulco<\/figcaption><\/figure>\n<p class=\"western\">Esta enorme praia marcada em azul \u00e9 onde est\u00e3o os hot\u00e9is mais luxuosos, e a avenida que a contorna \u00e9 repleta de shoppings, bares e restaurantes. A praia \u00e9 boa, mas em alguns lugares afunda muito r\u00e1pido (voc\u00ea d\u00e1 dois passos e j\u00e1 est\u00e1 com a \u00e1gua pelo pesco\u00e7o), por isso requerem cuidado especial, principalmente com as crian\u00e7as.<\/p>\n<p class=\"western\">As praias Caleta e Caletita (verde) s\u00e3o \u00f3timas para se banhar, por\u00e9m s\u00e3o pequenas e muito disputadas nos fins de semana. H\u00e1 v\u00e1rios restaurantes na areia da praia com pre\u00e7os mais econ\u00f4micos.<\/p>\n<p class=\"western\">A praia La Angosta (marcada em vermelho) \u00e9 a mais bonita, mas infelizmente havia tanto lixo no mar quando visitamos que era imposs\u00edvel entrar na \u00e1gua. N\u00e3o sabemos se \u00e9 sempre assim ou se demos azar.<\/p>\n<p class=\"jetpack-slideshow-noscript robots-nocontent\">Este slideshow necessita de JavaScript.<\/p><div id=\"gallery-7124-1-slideshow\" class=\"jetpack-slideshow-window jetpack-slideshow jetpack-slideshow-black\" data-trans=\"fade\" data-autostart=\"1\" data-gallery=\"[{&quot;src&quot;:&quot;https:\\\/\\\/i0.wp.com\\\/mundosemfim.com\\\/wp-content\\\/uploads\\\/2017\\\/11\\\/DSC_0089.jpg?fit=764%2C509\\u0026ssl=1&quot;,&quot;id&quot;:&quot;7127&quot;,&quot;title&quot;:&quot;Acapulco&quot;,&quot;alt&quot;:&quot;Playa La Angosta, Acapulco&quot;,&quot;caption&quot;:&quot;Playa la Angosta. Linda, mas muito suja&quot;,&quot;itemprop&quot;:&quot;image&quot;},{&quot;src&quot;:&quot;https:\\\/\\\/i0.wp.com\\\/mundosemfim.com\\\/wp-content\\\/uploads\\\/2017\\\/11\\\/PB090119.jpg?fit=764%2C573\\u0026ssl=1&quot;,&quot;id&quot;:&quot;7128&quot;,&quot;title&quot;:&quot;Acapulco&quot;,&quot;alt&quot;:&quot;Playa Caleta, Acapulco&quot;,&quot;caption&quot;:&quot;Playa Caleta, Acapulco&quot;,&quot;itemprop&quot;:&quot;image&quot;},{&quot;src&quot;:&quot;https:\\\/\\\/i0.wp.com\\\/mundosemfim.com\\\/wp-content\\\/uploads\\\/2017\\\/11\\\/DSC_0116-1.jpg?fit=764%2C509\\u0026ssl=1&quot;,&quot;id&quot;:&quot;7103&quot;,&quot;title&quot;:&quot;Acapulco&quot;,&quot;alt&quot;:&quot;Praia de Acapulco hoje&quot;,&quot;caption&quot;:&quot;Praia Condesa, Acapulco&quot;,&quot;itemprop&quot;:&quot;image&quot;}]\" itemscope itemtype=\"https:\/\/schema.org\/ImageGallery\"><\/div>\n<p class=\"western\">O pre\u00e7o para alugar duas cadeiras e um guarda-sol em qualquer praia \u00e9 de 50 pesos (9 reais) para o dia inteiro. Geralmente essas cadeiras s\u00e3o oferecidas por algum restaurante, e saem de gra\u00e7a se voc\u00ea consumir nele.<\/p>\n<ul>\n<li>\n<h4 class=\"western\"><a href=\"https:\/\/mundosemfim.com\/visitando-o-hotel-do-chaves-em-acapulco\/\"><i><b>Hotel do Chaves<\/b><\/i><\/a><\/h4>\n<\/li>\n<\/ul>\n<p class=\"western\">Se voc\u00ea, assim como n\u00f3s, \u00e9 f\u00e3 do Chaves, este provavelmente ser\u00e1 o principal motivo que te far\u00e1 ir a Acapulco. O hotel onde o Chaves se hospedou \u00e9 o <a href=\"http:\/\/www.booking.com\/hotel\/mx\/emporio-acapulco.html?aid=1152681&amp;no_rooms=1&amp;group_adults=1\"><b>Emporio<\/b><\/a>, e \u00e9 um dos mais luxuosos (e, consequentemente, um dos mais caros). N\u00f3s n\u00e3o ficamos l\u00e1, mas conseguimos entrar e visitar a piscina.<\/p>\n<p class=\"jetpack-slideshow-noscript robots-nocontent\">Este slideshow necessita de JavaScript.<\/p><div id=\"gallery-7124-2-slideshow\" class=\"jetpack-slideshow-window jetpack-slideshow jetpack-slideshow-black\" data-trans=\"fade\" data-autostart=\"1\" data-gallery=\"[{&quot;src&quot;:&quot;https:\\\/\\\/i0.wp.com\\\/mundosemfim.com\\\/wp-content\\\/uploads\\\/2017\\\/11\\\/DSC_0108-1.jpg?fit=764%2C509\\u0026ssl=1&quot;,&quot;id&quot;:&quot;7100&quot;,&quot;title&quot;:&quot;Hotel do Chaves em Acapulco&quot;,&quot;alt&quot;:&quot;Mucuvinha na piscina do hotel do Chaves em Acapulco&quot;,&quot;caption&quot;:&quot;Mucuvinha na piscina do Hotel do Chaves&quot;,&quot;itemprop&quot;:&quot;image&quot;},{&quot;src&quot;:&quot;https:\\\/\\\/i0.wp.com\\\/mundosemfim.com\\\/wp-content\\\/uploads\\\/2017\\\/11\\\/DSC_0110.jpg?fit=764%2C509\\u0026ssl=1&quot;,&quot;id&quot;:&quot;7093&quot;,&quot;title&quot;:&quot;Acapulco&quot;,&quot;alt&quot;:&quot;Hotel do Chaves em Acapulco&quot;,&quot;caption&quot;:&quot;Hotel do Chaves em Acapulco&quot;,&quot;itemprop&quot;:&quot;image&quot;},{&quot;src&quot;:&quot;https:\\\/\\\/i0.wp.com\\\/mundosemfim.com\\\/wp-content\\\/uploads\\\/2017\\\/11\\\/DSC_0104-1.jpg?fit=764%2C509\\u0026ssl=1&quot;,&quot;id&quot;:&quot;7096&quot;,&quot;title&quot;:&quot;Hotel do Chaves em Acapulco&quot;,&quot;alt&quot;:&quot;Hotel do Chaves em Acapulco&quot;,&quot;caption&quot;:&quot;Hotel do Chaves visto da praia&quot;,&quot;itemprop&quot;:&quot;image&quot;}]\" itemscope itemtype=\"https:\/\/schema.org\/ImageGallery\"><\/div>\n<p class=\"western\">Se quiser saber mais sobre como visitar o hotel, leia nosso post <a href=\"https:\/\/mundosemfim.com\/visitando-o-hotel-do-chaves-em-acapulco\/\"><b>aqui<\/b><\/a>.<\/p>\n<ul>\n<li>\n<h4 class=\"western\"><a href=\"https:\/\/mundosemfim.com\/vendo-o-show-dos-clavadistas-de-la-quebrada-em-acapulco\/\"><i><b>La Quebrada<\/b><\/i><\/a><\/h4>\n<\/li>\n<\/ul>\n<p class=\"western\">La Quebrada \u00e9 um grande rochedo que se formou com a explos\u00e3o de algumas dinamites. H\u00e1 d\u00e9cadas que se tornou tradi\u00e7\u00e3o mergulhadores profissionais saltarem l\u00e1 de cima direto ao mar.<\/p>\n<p class=\"western\">\u00c9 um salto bastante perigoso, mas que se realiza diariamente. Se voc\u00ea for a Acapulco, n\u00e3o pode perder este espet\u00e1culo.<\/p>\n<figure id=\"attachment_7117\" aria-describedby=\"caption-attachment-7117\" style=\"width: 533px\" class=\"wp-caption aligncenter\"><a href=\"https:\/\/i0.wp.com\/mundosemfim.com\/wp-content\/uploads\/2017\/11\/DSC_0053-e1510463692752.jpg?ssl=1\"><img data-recalc-dims=\"1\" loading=\"lazy\" decoding=\"async\" data-attachment-id=\"7117\" data-permalink=\"https:\/\/mundosemfim.com\/?attachment_id=7117\" data-orig-file=\"https:\/\/i0.wp.com\/mundosemfim.com\/wp-content\/uploads\/2017\/11\/DSC_0053-e1510463692752.jpg?fit=533%2C800&amp;ssl=1\" data-orig-size=\"533,800\" data-comments-opened=\"1\" data-image-meta=\"{&quot;aperture&quot;:&quot;0&quot;,&quot;credit&quot;:&quot;&quot;,&quot;camera&quot;:&quot;&quot;,&quot;caption&quot;:&quot;&quot;,&quot;created_timestamp&quot;:&quot;0&quot;,&quot;copyright&quot;:&quot;&quot;,&quot;focal_length&quot;:&quot;0&quot;,&quot;iso&quot;:&quot;0&quot;,&quot;shutter_speed&quot;:&quot;0&quot;,&quot;title&quot;:&quot;&quot;,&quot;orientation&quot;:&quot;0&quot;}\" data-image-title=\"La Quebrada\" data-image-description=\"&lt;p&gt;Clavadista saltando em La Quebrada, Acapulco&lt;\/p&gt;\n\" data-image-caption=\"&lt;p&gt;Salto sincronizado em La Quebrada, Acapulco&lt;\/p&gt;\n\" data-large-file=\"https:\/\/i0.wp.com\/mundosemfim.com\/wp-content\/uploads\/2017\/11\/DSC_0053-e1510463692752.jpg?fit=533%2C800&amp;ssl=1\" class=\"size-full wp-image-7117\" src=\"https:\/\/i0.wp.com\/mundosemfim.com\/wp-content\/uploads\/2017\/11\/DSC_0053-e1510463692752.jpg?resize=533%2C800&#038;ssl=1\" alt=\"Clavadista saltando em La Quebrada, Acapulco\" width=\"533\" height=\"800\" srcset=\"https:\/\/i0.wp.com\/mundosemfim.com\/wp-content\/uploads\/2017\/11\/DSC_0053-e1510463692752.jpg?w=533&amp;ssl=1 533w, https:\/\/i0.wp.com\/mundosemfim.com\/wp-content\/uploads\/2017\/11\/DSC_0053-e1510463692752.jpg?resize=200%2C300&amp;ssl=1 200w\" sizes=\"auto, (max-width: 533px) 100vw, 533px\" \/><\/a><figcaption id=\"caption-attachment-7117\" class=\"wp-caption-text\">Salto sincronizado em La Quebrada, Acapulco<\/figcaption><\/figure>\n<p class=\"western\">Para saber mais sobre os mergulhos em La Quebrada, leia nosso post completo <a href=\"https:\/\/mundosemfim.com\/vendo-o-show-dos-clavadistas-de-la-quebrada-em-acapulco\/\"><b>aqui<\/b><\/a>.<\/p>\n<ul>\n<li>\n<h4 class=\"western\"><i><b>Ilha de La Roqueta<\/b><\/i><\/h4>\n<\/li>\n<\/ul>\n<p class=\"western\">N\u00f3s n\u00e3o chegamos a ir at\u00e9 l\u00e1, mas esta ilha \u00e9 o destino preferido daqueles que querem fazer snorkel ou curtir uma praia mais deserta.<\/p>\n<p class=\"western\">H\u00e1 barcos o tempo todo que fazem o translado da praia Caleta at\u00e9 a ilha, e cobram 50 pesos \u2013 9 reais (ida e volta).<\/p>\n<p>&nbsp;<\/p>\n<p class=\"western\">\u00c9 isso, pessoal! Esperamos que Acapulco possa encant\u00e1-los tanto quanto nos encantou!<\/p>\n<p>Se quiserem saber mais sobre o M\u00e9xico, leiam nosso post completo sobre o pa\u00eds aqui:<\/p>\n<ul>\n<li><a href=\"https:\/\/mundosemfim.com\/mochilao-pelo-mexico\/\"><strong>Mochil\u00e3o pelo M\u00e9xico &#8211; dicas, valores, roteiros, fotos, etc<\/strong><\/a><\/li>\n<\/ul>\n<p class=\"western\">N\u00e3o deixe de curtir nossa p\u00e1gina no face para conhecer mais lugares bacanas no mundo:<br \/>\n<a href=\"http:\/\/www.facebook.com\/mundosemfimoficial\">www.facebook.com\/mundosemfimoficial<\/a><\/p>\n","protected":false},"excerpt":{"rendered":"<p>Acapulco \u2013 eternizada pelo epis\u00f3dio do Chaves e por dezena de filmes, esta ainda \u00e9 a praia preferida de muitos mexicanos. N\u00f3s fomos at\u00e9 l\u00e1, e aqui mostramos como \u00e9!<\/p>\n","protected":false},"author":1,"featured_media":7119,"comment_status":"open","ping_status":"open","sticky":false,"template":"","format":"standard","meta":{"jetpack_post_was_ever_published":false,"_jetpack_newsletter_access":"","_jetpack_dont_email_post_to_subs":false,"_jetpack_newsletter_tier_id":0,"_jetpack_memberships_contains_paywalled_content":false,"_jetpack_memberships_contains_paid_content":false,"footnotes":"","jetpack_publicize_message":"","jetpack_publicize_feature_enabled":true,"jetpack_social_post_already_shared":true,"jetpack_social_options":{"image_generator_settings":{"template":"highway","default_image_id":0,"font":"","enabled":false},"version":2}},"categories":[478,431,7,16,432,351],"tags":[],"class_list":["post-7124","post","type-post","status-publish","format-standard","has-post-thumbnail","hentry","category-acapulco","category-america-do-norte","category-america-latina","category-cidade","category-mexico","category-praia-natureza"],"yoast_head":"<!-- This site is optimized with the Yoast SEO plugin v27.5 - https:\/\/yoast.com\/product\/yoast-seo-wordpress\/ -->\n<title>Mochilando em Acapulco \u2013 conhe\u00e7a a praia do Chaves - Mundo Sem Fim<\/title>\n<meta name=\"robots\" content=\"index, follow, max-snippet:-1, max-image-preview:large, max-video-preview:-1\" \/>\n<link rel=\"canonical\" href=\"https:\/\/mundosemfim.com\/?p=7124\" \/>\n<meta property=\"og:locale\" content=\"pt_BR\" \/>\n<meta property=\"og:type\" content=\"article\" \/>\n<meta property=\"og:title\" content=\"Mochilando em Acapulco \u2013 conhe\u00e7a a praia do Chaves - Mundo Sem Fim\" \/>\n<meta property=\"og:description\" content=\"Acapulco \u2013 eternizada pelo epis\u00f3dio do Chaves e por dezena de filmes, esta ainda \u00e9 a praia preferida de muitos mexicanos. N\u00f3s fomos at\u00e9 l\u00e1, e aqui mostramos como \u00e9!\" \/>\n<meta property=\"og:url\" content=\"https:\/\/mundosemfim.com\/?p=7124\" \/>\n<meta property=\"og:site_name\" content=\"Mundo Sem Fim\" \/>\n<meta property=\"article:publisher\" content=\"http:\/\/www.facebook.com\/mundosemfimoficial\" \/>\n<meta property=\"article:published_time\" content=\"2017-11-18T04:58:40+00:00\" \/>\n<meta property=\"article:modified_time\" content=\"2018-01-22T11:24:39+00:00\" \/>\n<meta property=\"og:image\" content=\"https:\/\/i0.wp.com\/mundosemfim.com\/wp-content\/uploads\/2017\/11\/DSC_0078-1.jpg?fit=800%2C533&ssl=1\" \/>\n\t<meta property=\"og:image:width\" content=\"800\" \/>\n\t<meta property=\"og:image:height\" content=\"533\" \/>\n\t<meta property=\"og:image:type\" content=\"image\/jpeg\" \/>\n<meta name=\"author\" content=\"Renan\" \/>\n<meta name=\"twitter:card\" content=\"summary_large_image\" \/>\n<meta name=\"twitter:label1\" content=\"Escrito por\" \/>\n\t<meta name=\"twitter:data1\" content=\"Renan\" \/>\n\t<meta name=\"twitter:label2\" content=\"Est. tempo de leitura\" \/>\n\t<meta name=\"twitter:data2\" content=\"6 minutos\" \/>\n<script type=\"application\/ld+json\" class=\"yoast-schema-graph\">{\"@context\":\"https:\\\/\\\/schema.org\",\"@graph\":[{\"@type\":\"Article\",\"@id\":\"https:\\\/\\\/mundosemfim.com\\\/?p=7124#article\",\"isPartOf\":{\"@id\":\"https:\\\/\\\/mundosemfim.com\\\/?p=7124\"},\"author\":{\"name\":\"Renan\",\"@id\":\"https:\\\/\\\/mundosemfim.com\\\/#\\\/schema\\\/person\\\/b021d50f3a19bae432e9b69ffbfa9257\"},\"headline\":\"Mochilando em Acapulco \u2013 conhe\u00e7a a praia do Chaves\",\"datePublished\":\"2017-11-18T04:58:40+00:00\",\"dateModified\":\"2018-01-22T11:24:39+00:00\",\"mainEntityOfPage\":{\"@id\":\"https:\\\/\\\/mundosemfim.com\\\/?p=7124\"},\"wordCount\":1282,\"commentCount\":4,\"image\":{\"@id\":\"https:\\\/\\\/mundosemfim.com\\\/?p=7124#primaryimage\"},\"thumbnailUrl\":\"https:\\\/\\\/i0.wp.com\\\/mundosemfim.com\\\/wp-content\\\/uploads\\\/2017\\\/11\\\/DSC_0078-1.jpg?fit=800%2C533&ssl=1\",\"articleSection\":[\"Acapulco\",\"Am\u00e9rica do Norte\",\"am\u00e9rica latina\",\"cidade\",\"M\u00e9xico\",\"praia\"],\"inLanguage\":\"pt-BR\",\"potentialAction\":[{\"@type\":\"CommentAction\",\"name\":\"Comment\",\"target\":[\"https:\\\/\\\/mundosemfim.com\\\/?p=7124#respond\"]}]},{\"@type\":\"WebPage\",\"@id\":\"https:\\\/\\\/mundosemfim.com\\\/?p=7124\",\"url\":\"https:\\\/\\\/mundosemfim.com\\\/?p=7124\",\"name\":\"Mochilando em Acapulco \u2013 conhe\u00e7a a praia do Chaves - Mundo Sem Fim\",\"isPartOf\":{\"@id\":\"https:\\\/\\\/mundosemfim.com\\\/#website\"},\"primaryImageOfPage\":{\"@id\":\"https:\\\/\\\/mundosemfim.com\\\/?p=7124#primaryimage\"},\"image\":{\"@id\":\"https:\\\/\\\/mundosemfim.com\\\/?p=7124#primaryimage\"},\"thumbnailUrl\":\"https:\\\/\\\/i0.wp.com\\\/mundosemfim.com\\\/wp-content\\\/uploads\\\/2017\\\/11\\\/DSC_0078-1.jpg?fit=800%2C533&ssl=1\",\"datePublished\":\"2017-11-18T04:58:40+00:00\",\"dateModified\":\"2018-01-22T11:24:39+00:00\",\"author\":{\"@id\":\"https:\\\/\\\/mundosemfim.com\\\/#\\\/schema\\\/person\\\/b021d50f3a19bae432e9b69ffbfa9257\"},\"breadcrumb\":{\"@id\":\"https:\\\/\\\/mundosemfim.com\\\/?p=7124#breadcrumb\"},\"inLanguage\":\"pt-BR\",\"potentialAction\":[{\"@type\":\"ReadAction\",\"target\":[\"https:\\\/\\\/mundosemfim.com\\\/?p=7124\"]}]},{\"@type\":\"ImageObject\",\"inLanguage\":\"pt-BR\",\"@id\":\"https:\\\/\\\/mundosemfim.com\\\/?p=7124#primaryimage\",\"url\":\"https:\\\/\\\/i0.wp.com\\\/mundosemfim.com\\\/wp-content\\\/uploads\\\/2017\\\/11\\\/DSC_0078-1.jpg?fit=800%2C533&ssl=1\",\"contentUrl\":\"https:\\\/\\\/i0.wp.com\\\/mundosemfim.com\\\/wp-content\\\/uploads\\\/2017\\\/11\\\/DSC_0078-1.jpg?fit=800%2C533&ssl=1\",\"width\":800,\"height\":533,\"caption\":\"La Quebrada vista da rua\"},{\"@type\":\"BreadcrumbList\",\"@id\":\"https:\\\/\\\/mundosemfim.com\\\/?p=7124#breadcrumb\",\"itemListElement\":[{\"@type\":\"ListItem\",\"position\":1,\"name\":\"In\u00edcio\",\"item\":\"https:\\\/\\\/mundosemfim.com\\\/\"},{\"@type\":\"ListItem\",\"position\":2,\"name\":\"Mochilando em Acapulco \u2013 conhe\u00e7a a praia do Chaves\"}]},{\"@type\":\"WebSite\",\"@id\":\"https:\\\/\\\/mundosemfim.com\\\/#website\",\"url\":\"https:\\\/\\\/mundosemfim.com\\\/\",\"name\":\"Mundo Sem Fim\",\"description\":\"uma viagem de volta ao mundo pelos 5 continentes!\",\"potentialAction\":[{\"@type\":\"SearchAction\",\"target\":{\"@type\":\"EntryPoint\",\"urlTemplate\":\"https:\\\/\\\/mundosemfim.com\\\/?s={search_term_string}\"},\"query-input\":{\"@type\":\"PropertyValueSpecification\",\"valueRequired\":true,\"valueName\":\"search_term_string\"}}],\"inLanguage\":\"pt-BR\"},{\"@type\":\"Person\",\"@id\":\"https:\\\/\\\/mundosemfim.com\\\/#\\\/schema\\\/person\\\/b021d50f3a19bae432e9b69ffbfa9257\",\"name\":\"Renan\",\"image\":{\"@type\":\"ImageObject\",\"inLanguage\":\"pt-BR\",\"@id\":\"https:\\\/\\\/secure.gravatar.com\\\/avatar\\\/faafca769a603ac75196d21826f3bda645d7e2d6306bb6e236d8cdb38eb44e38?s=96&d=mm&r=g\",\"url\":\"https:\\\/\\\/secure.gravatar.com\\\/avatar\\\/faafca769a603ac75196d21826f3bda645d7e2d6306bb6e236d8cdb38eb44e38?s=96&d=mm&r=g\",\"contentUrl\":\"https:\\\/\\\/secure.gravatar.com\\\/avatar\\\/faafca769a603ac75196d21826f3bda645d7e2d6306bb6e236d8cdb38eb44e38?s=96&d=mm&r=g\",\"caption\":\"Renan\"}}]}<\/script>\n<!-- \/ Yoast SEO plugin. -->","yoast_head_json":{"title":"Mochilando em Acapulco \u2013 conhe\u00e7a a praia do Chaves - Mundo Sem Fim","robots":{"index":"index","follow":"follow","max-snippet":"max-snippet:-1","max-image-preview":"max-image-preview:large","max-video-preview":"max-video-preview:-1"},"canonical":"https:\/\/mundosemfim.com\/?p=7124","og_locale":"pt_BR","og_type":"article","og_title":"Mochilando em Acapulco \u2013 conhe\u00e7a a praia do Chaves - Mundo Sem Fim","og_description":"Acapulco \u2013 eternizada pelo epis\u00f3dio do Chaves e por dezena de filmes, esta ainda \u00e9 a praia preferida de muitos mexicanos. N\u00f3s fomos at\u00e9 l\u00e1, e aqui mostramos como \u00e9!","og_url":"https:\/\/mundosemfim.com\/?p=7124","og_site_name":"Mundo Sem Fim","article_publisher":"http:\/\/www.facebook.com\/mundosemfimoficial","article_published_time":"2017-11-18T04:58:40+00:00","article_modified_time":"2018-01-22T11:24:39+00:00","og_image":[{"width":800,"height":533,"url":"https:\/\/i0.wp.com\/mundosemfim.com\/wp-content\/uploads\/2017\/11\/DSC_0078-1.jpg?fit=800%2C533&ssl=1","type":"image\/jpeg"}],"author":"Renan","twitter_card":"summary_large_image","twitter_misc":{"Escrito por":"Renan","Est. tempo de leitura":"6 minutos"},"schema":{"@context":"https:\/\/schema.org","@graph":[{"@type":"Article","@id":"https:\/\/mundosemfim.com\/?p=7124#article","isPartOf":{"@id":"https:\/\/mundosemfim.com\/?p=7124"},"author":{"name":"Renan","@id":"https:\/\/mundosemfim.com\/#\/schema\/person\/b021d50f3a19bae432e9b69ffbfa9257"},"headline":"Mochilando em Acapulco \u2013 conhe\u00e7a a praia do Chaves","datePublished":"2017-11-18T04:58:40+00:00","dateModified":"2018-01-22T11:24:39+00:00","mainEntityOfPage":{"@id":"https:\/\/mundosemfim.com\/?p=7124"},"wordCount":1282,"commentCount":4,"image":{"@id":"https:\/\/mundosemfim.com\/?p=7124#primaryimage"},"thumbnailUrl":"https:\/\/i0.wp.com\/mundosemfim.com\/wp-content\/uploads\/2017\/11\/DSC_0078-1.jpg?fit=800%2C533&ssl=1","articleSection":["Acapulco","Am\u00e9rica do Norte","am\u00e9rica latina","cidade","M\u00e9xico","praia"],"inLanguage":"pt-BR","potentialAction":[{"@type":"CommentAction","name":"Comment","target":["https:\/\/mundosemfim.com\/?p=7124#respond"]}]},{"@type":"WebPage","@id":"https:\/\/mundosemfim.com\/?p=7124","url":"https:\/\/mundosemfim.com\/?p=7124","name":"Mochilando em Acapulco \u2013 conhe\u00e7a a praia do Chaves - Mundo Sem Fim","isPartOf":{"@id":"https:\/\/mundosemfim.com\/#website"},"primaryImageOfPage":{"@id":"https:\/\/mundosemfim.com\/?p=7124#primaryimage"},"image":{"@id":"https:\/\/mundosemfim.com\/?p=7124#primaryimage"},"thumbnailUrl":"https:\/\/i0.wp.com\/mundosemfim.com\/wp-content\/uploads\/2017\/11\/DSC_0078-1.jpg?fit=800%2C533&ssl=1","datePublished":"2017-11-18T04:58:40+00:00","dateModified":"2018-01-22T11:24:39+00:00","author":{"@id":"https:\/\/mundosemfim.com\/#\/schema\/person\/b021d50f3a19bae432e9b69ffbfa9257"},"breadcrumb":{"@id":"https:\/\/mundosemfim.com\/?p=7124#breadcrumb"},"inLanguage":"pt-BR","potentialAction":[{"@type":"ReadAction","target":["https:\/\/mundosemfim.com\/?p=7124"]}]},{"@type":"ImageObject","inLanguage":"pt-BR","@id":"https:\/\/mundosemfim.com\/?p=7124#primaryimage","url":"https:\/\/i0.wp.com\/mundosemfim.com\/wp-content\/uploads\/2017\/11\/DSC_0078-1.jpg?fit=800%2C533&ssl=1","contentUrl":"https:\/\/i0.wp.com\/mundosemfim.com\/wp-content\/uploads\/2017\/11\/DSC_0078-1.jpg?fit=800%2C533&ssl=1","width":800,"height":533,"caption":"La Quebrada vista da rua"},{"@type":"BreadcrumbList","@id":"https:\/\/mundosemfim.com\/?p=7124#breadcrumb","itemListElement":[{"@type":"ListItem","position":1,"name":"In\u00edcio","item":"https:\/\/mundosemfim.com\/"},{"@type":"ListItem","position":2,"name":"Mochilando em Acapulco \u2013 conhe\u00e7a a praia do Chaves"}]},{"@type":"WebSite","@id":"https:\/\/mundosemfim.com\/#website","url":"https:\/\/mundosemfim.com\/","name":"Mundo Sem Fim","description":"uma viagem de volta ao mundo pelos 5 continentes!","potentialAction":[{"@type":"SearchAction","target":{"@type":"EntryPoint","urlTemplate":"https:\/\/mundosemfim.com\/?s={search_term_string}"},"query-input":{"@type":"PropertyValueSpecification","valueRequired":true,"valueName":"search_term_string"}}],"inLanguage":"pt-BR"},{"@type":"Person","@id":"https:\/\/mundosemfim.com\/#\/schema\/person\/b021d50f3a19bae432e9b69ffbfa9257","name":"Renan","image":{"@type":"ImageObject","inLanguage":"pt-BR","@id":"https:\/\/secure.gravatar.com\/avatar\/faafca769a603ac75196d21826f3bda645d7e2d6306bb6e236d8cdb38eb44e38?s=96&d=mm&r=g","url":"https:\/\/secure.gravatar.com\/avatar\/faafca769a603ac75196d21826f3bda645d7e2d6306bb6e236d8cdb38eb44e38?s=96&d=mm&r=g","contentUrl":"https:\/\/secure.gravatar.com\/avatar\/faafca769a603ac75196d21826f3bda645d7e2d6306bb6e236d8cdb38eb44e38?s=96&d=mm&r=g","caption":"Renan"}}]}},"jetpack_publicize_connections":[],"jetpack_featured_media_url":"https:\/\/i0.wp.com\/mundosemfim.com\/wp-content\/uploads\/2017\/11\/DSC_0078-1.jpg?fit=800%2C533&ssl=1","jetpack_sharing_enabled":true,"jetpack_shortlink":"https:\/\/wp.me\/p7CQyF-1QU","jetpack-related-posts":[{"id":7091,"url":"https:\/\/mundosemfim.com\/?p=7091","url_meta":{"origin":7124,"position":0},"title":"Visitando o hotel do Chaves em Acapulco","author":"Renan","date":"novembro 11, 2017","format":false,"excerpt":"Acho que o principal motivo que atrai brasileiros (e outros latino-americanos) a Acapulco \u00e9 o epis\u00f3dio do Chaves que acontece nesta praia. N\u00f3s fomos l\u00e1 e visitamos o hotel onde eles se hospedaram. Aqui mostramos como \u00e9! Se voc\u00ea, assim como n\u00f3s, sonha em conhecer Acapulco por conta do Chaves,\u2026","rel":"","context":"Em &quot;Acapulco&quot;","block_context":{"text":"Acapulco","link":"https:\/\/mundosemfim.com\/?cat=478"},"img":{"alt_text":"Hotel do Chaves em Acapulco","src":"https:\/\/i0.wp.com\/mundosemfim.com\/wp-content\/uploads\/2017\/11\/DSC_0110.jpg?fit=800%2C533&ssl=1&resize=350%2C200","width":350,"height":200,"srcset":"https:\/\/i0.wp.com\/mundosemfim.com\/wp-content\/uploads\/2017\/11\/DSC_0110.jpg?fit=800%2C533&ssl=1&resize=350%2C200 1x, https:\/\/i0.wp.com\/mundosemfim.com\/wp-content\/uploads\/2017\/11\/DSC_0110.jpg?fit=800%2C533&ssl=1&resize=525%2C300 1.5x, https:\/\/i0.wp.com\/mundosemfim.com\/wp-content\/uploads\/2017\/11\/DSC_0110.jpg?fit=800%2C533&ssl=1&resize=700%2C400 2x"},"classes":[]},{"id":7112,"url":"https:\/\/mundosemfim.com\/?p=7112","url_meta":{"origin":7124,"position":1},"title":"Vendo o show dos Clavadistas de La Quebrada, em Acapulco","author":"Renan","date":"novembro 12, 2017","format":false,"excerpt":"Dizem que uma pessoa n\u00e3o conhece Acapulco de verdade se n\u00e3o assistir ao show dos clavadistas (mergulhadores profissionais) que saltam das rochas de La Quebrada ao mar. N\u00f3s fomos l\u00e1 ver, e aqui contamos como \u00e9! C\u00e2mbio oficial (nov\/2017) 1 real = 5,87 pesos mexicanos 1 d\u00f3lar = 19,10 pesos\u2026","rel":"","context":"Em &quot;Acapulco&quot;","block_context":{"text":"Acapulco","link":"https:\/\/mundosemfim.com\/?cat=478"},"img":{"alt_text":"","src":"https:\/\/i0.wp.com\/mundosemfim.com\/wp-content\/uploads\/2017\/11\/DSC_0053-1.jpg?fit=533%2C380&ssl=1&resize=350%2C200","width":350,"height":200,"srcset":"https:\/\/i0.wp.com\/mundosemfim.com\/wp-content\/uploads\/2017\/11\/DSC_0053-1.jpg?fit=533%2C380&ssl=1&resize=350%2C200 1x, https:\/\/i0.wp.com\/mundosemfim.com\/wp-content\/uploads\/2017\/11\/DSC_0053-1.jpg?fit=533%2C380&ssl=1&resize=525%2C300 1.5x"},"classes":[]},{"id":7800,"url":"https:\/\/mundosemfim.com\/?p=7800","url_meta":{"origin":7124,"position":2},"title":"10 curiosidades sobre o M\u00e9xico","author":"Renan","date":"mar\u00e7o 23, 2018","format":false,"excerpt":"Gosta de saber curiosidades sobre cada lugar? Aqui listamos algumas do M\u00e9xico! 1. Segundo a lenda, os astecas eram uma tribo n\u00f4made, e estavam procurando um sinal que lhes indicasse onde deveriam construir a sua capital. Este sinal veio atrav\u00e9s de uma \u00e1guia comendo uma serpente, em meio a um\u2026","rel":"","context":"Em &quot;Am\u00e9rica do Norte&quot;","block_context":{"text":"Am\u00e9rica do Norte","link":"https:\/\/mundosemfim.com\/?cat=431"},"img":{"alt_text":"","src":"https:\/\/i0.wp.com\/mundosemfim.com\/wp-content\/uploads\/2017\/12\/DLcjcYMX4AAdRSx.jpg?fit=900%2C515&ssl=1&resize=350%2C200","width":350,"height":200,"srcset":"https:\/\/i0.wp.com\/mundosemfim.com\/wp-content\/uploads\/2017\/12\/DLcjcYMX4AAdRSx.jpg?fit=900%2C515&ssl=1&resize=350%2C200 1x, https:\/\/i0.wp.com\/mundosemfim.com\/wp-content\/uploads\/2017\/12\/DLcjcYMX4AAdRSx.jpg?fit=900%2C515&ssl=1&resize=525%2C300 1.5x, https:\/\/i0.wp.com\/mundosemfim.com\/wp-content\/uploads\/2017\/12\/DLcjcYMX4AAdRSx.jpg?fit=900%2C515&ssl=1&resize=700%2C400 2x"},"classes":[]},{"id":7287,"url":"https:\/\/mundosemfim.com\/?p=7287","url_meta":{"origin":7124,"position":3},"title":"Mochil\u00e3o pelo M\u00e9xico \u2013 valores, roteiros e dicas para curtir o pa\u00eds ao m\u00e1ximo","author":"Renan","date":"dezembro 22, 2017","format":false,"excerpt":"Com desertos, praias paradis\u00edacas, picos nevados, cidades modernas, ru\u00ednas antigas e povos ind\u00edgenas, o M\u00e9xico \u00e9 um pa\u00eds bastante completo e que encanta todo o tipo de viajante. Se quiser conhec\u00ea-lo, leia todas as nossas dicas aqui! C\u00e2mbio oficial (dezembro\/2017) 1 real = 5,88 pesos mexicanos 1 d\u00f3lar = 19,45\u2026","rel":"","context":"Em &quot;Am\u00e9rica do Norte&quot;","block_context":{"text":"Am\u00e9rica do Norte","link":"https:\/\/mundosemfim.com\/?cat=431"},"img":{"alt_text":"","src":"https:\/\/i0.wp.com\/mundosemfim.com\/wp-content\/uploads\/2017\/12\/DLcjcYMX4AAdRSx.jpg?fit=900%2C515&ssl=1&resize=350%2C200","width":350,"height":200,"srcset":"https:\/\/i0.wp.com\/mundosemfim.com\/wp-content\/uploads\/2017\/12\/DLcjcYMX4AAdRSx.jpg?fit=900%2C515&ssl=1&resize=350%2C200 1x, https:\/\/i0.wp.com\/mundosemfim.com\/wp-content\/uploads\/2017\/12\/DLcjcYMX4AAdRSx.jpg?fit=900%2C515&ssl=1&resize=525%2C300 1.5x, https:\/\/i0.wp.com\/mundosemfim.com\/wp-content\/uploads\/2017\/12\/DLcjcYMX4AAdRSx.jpg?fit=900%2C515&ssl=1&resize=700%2C400 2x"},"classes":[]},{"id":9439,"url":"https:\/\/mundosemfim.com\/?p=9439","url_meta":{"origin":7124,"position":4},"title":"As 15 praias mais incr\u00edveis que j\u00e1 visitamos","author":"Renan","date":"maio 21, 2019","format":false,"excerpt":"Quer curtir uma praia nas pr\u00f3ximas f\u00e9rias? Aqui est\u00e3o as mais encantadoras que j\u00e1 visitamos durante nossa viagem pelo mundo! A lista n\u00e3o segue nenhuma ordem. Mencionamos aquelas que mais nos encantaram, seja pela beleza, pela hist\u00f3ria ou pela cultura do lugar. 1. Coron, Filipinas V\u00e1rias vezes escutamos que a\u2026","rel":"","context":"Em &quot;Col\u00f4mbia&quot;","block_context":{"text":"Col\u00f4mbia","link":"https:\/\/mundosemfim.com\/?cat=313"},"img":{"alt_text":"Praia CYC, Coron, Palawan, Filipinas","src":"https:\/\/i0.wp.com\/mundosemfim.com\/wp-content\/uploads\/2017\/12\/DSC_0089.jpg?fit=800%2C533&ssl=1&resize=350%2C200","width":350,"height":200,"srcset":"https:\/\/i0.wp.com\/mundosemfim.com\/wp-content\/uploads\/2017\/12\/DSC_0089.jpg?fit=800%2C533&ssl=1&resize=350%2C200 1x, https:\/\/i0.wp.com\/mundosemfim.com\/wp-content\/uploads\/2017\/12\/DSC_0089.jpg?fit=800%2C533&ssl=1&resize=525%2C300 1.5x, https:\/\/i0.wp.com\/mundosemfim.com\/wp-content\/uploads\/2017\/12\/DSC_0089.jpg?fit=800%2C533&ssl=1&resize=700%2C400 2x"},"classes":[]},{"id":7132,"url":"https:\/\/mundosemfim.com\/?p=7132","url_meta":{"origin":7124,"position":5},"title":"Tartarugas em Playa Azul (M\u00e9xico) \u2013 como v\u00ea-las e como fazer voluntariado","author":"Renan","date":"novembro 18, 2017","format":false,"excerpt":"Gostaria de ver o nascimento de centenas de tartarugas nas praias do M\u00e9xico, e talvez at\u00e9 ajud\u00e1-las a sobreviver? Aqui ensinamos como fazer! C\u00e2mbio oficial (nov\/2017) 1 real = 5,87 pesos mexicanos 1 d\u00f3lar = 19,10 pesos mexicanos Quando formos escrever sobre as 10 maiores experi\u00eancias da nossa viagem, esta\u2026","rel":"","context":"Em &quot;Am\u00e9rica do Norte&quot;","block_context":{"text":"Am\u00e9rica do Norte","link":"https:\/\/mundosemfim.com\/?cat=431"},"img":{"alt_text":"Tartarugas em Playa Azul, M\u00e9xico","src":"https:\/\/i0.wp.com\/mundosemfim.com\/wp-content\/uploads\/2017\/11\/DSC_0084-1.jpg?fit=800%2C533&ssl=1&resize=350%2C200","width":350,"height":200,"srcset":"https:\/\/i0.wp.com\/mundosemfim.com\/wp-content\/uploads\/2017\/11\/DSC_0084-1.jpg?fit=800%2C533&ssl=1&resize=350%2C200 1x, https:\/\/i0.wp.com\/mundosemfim.com\/wp-content\/uploads\/2017\/11\/DSC_0084-1.jpg?fit=800%2C533&ssl=1&resize=525%2C300 1.5x, https:\/\/i0.wp.com\/mundosemfim.com\/wp-content\/uploads\/2017\/11\/DSC_0084-1.jpg?fit=800%2C533&ssl=1&resize=700%2C400 2x"},"classes":[]}],"_links":{"self":[{"href":"https:\/\/mundosemfim.com\/index.php?rest_route=\/wp\/v2\/posts\/7124","targetHints":{"allow":["GET"]}}],"collection":[{"href":"https:\/\/mundosemfim.com\/index.php?rest_route=\/wp\/v2\/posts"}],"about":[{"href":"https:\/\/mundosemfim.com\/index.php?rest_route=\/wp\/v2\/types\/post"}],"author":[{"embeddable":true,"href":"https:\/\/mundosemfim.com\/index.php?rest_route=\/wp\/v2\/users\/1"}],"replies":[{"embeddable":true,"href":"https:\/\/mundosemfim.com\/index.php?rest_route=%2Fwp%2Fv2%2Fcomments&post=7124"}],"version-history":[{"count":3,"href":"https:\/\/mundosemfim.com\/index.php?rest_route=\/wp\/v2\/posts\/7124\/revisions"}],"predecessor-version":[{"id":7441,"href":"https:\/\/mundosemfim.com\/index.php?rest_route=\/wp\/v2\/posts\/7124\/revisions\/7441"}],"wp:featuredmedia":[{"embeddable":true,"href":"https:\/\/mundosemfim.com\/index.php?rest_route=\/wp\/v2\/media\/7119"}],"wp:attachment":[{"href":"https:\/\/mundosemfim.com\/index.php?rest_route=%2Fwp%2Fv2%2Fmedia&parent=7124"}],"wp:term":[{"taxonomy":"category","embeddable":true,"href":"https:\/\/mundosemfim.com\/index.php?rest_route=%2Fwp%2Fv2%2Fcategories&post=7124"},{"taxonomy":"post_tag","embeddable":true,"href":"https:\/\/mundosemfim.com\/index.php?rest_route=%2Fwp%2Fv2%2Ftags&post=7124"}],"curies":[{"name":"wp","href":"https:\/\/api.w.org\/{rel}","templated":true}]}}