{"id":7112,"date":"2017-11-12T03:22:50","date_gmt":"2017-11-12T05:22:50","guid":{"rendered":"https:\/\/mundosemfim.com\/?p=7112"},"modified":"2017-11-23T10:50:39","modified_gmt":"2017-11-23T12:50:39","slug":"vendo-o-show-dos-clavadistas-de-la-quebrada-em-acapulco","status":"publish","type":"post","link":"https:\/\/mundosemfim.com\/?p=7112","title":{"rendered":"Vendo o show dos Clavadistas de La Quebrada, em Acapulco"},"content":{"rendered":"<p class=\"western\">Dizem que uma pessoa n\u00e3o conhece Acapulco de verdade se n\u00e3o assistir ao show dos clavadistas (mergulhadores profissionais) que saltam das rochas de La Quebrada ao mar. N\u00f3s fomos l\u00e1 ver, e aqui contamos como \u00e9!<\/p>\n<p class=\"western\"><!--more--><\/p>\n<p class=\"western\"><b>C\u00e2mbio oficial (nov\/2017)<br \/>\n<\/b>1 real = 5,87 pesos mexicanos<br \/>\n1 d\u00f3lar = 19,10 pesos mexicanos<\/p>\n<p class=\"jetpack-slideshow-noscript robots-nocontent\">Este slideshow necessita de JavaScript.<\/p><div id=\"gallery-7112-1-slideshow\" class=\"jetpack-slideshow-window jetpack-slideshow jetpack-slideshow-black\" data-trans=\"fade\" data-autostart=\"1\" data-gallery=\"[{&quot;src&quot;:&quot;https:\\\/\\\/i0.wp.com\\\/mundosemfim.com\\\/wp-content\\\/uploads\\\/2017\\\/11\\\/DSC_0060-e1510463705376.jpg?fit=533%2C800\\u0026ssl=1&quot;,&quot;id&quot;:&quot;7118&quot;,&quot;title&quot;:&quot;Acapulco&quot;,&quot;alt&quot;:&quot;Clavadista saltando em La Quebrada, Acapulco&quot;,&quot;caption&quot;:&quot;Clavadista saltando em La Quebrada, Acapulco&quot;,&quot;itemprop&quot;:&quot;image&quot;},{&quot;src&quot;:&quot;https:\\\/\\\/i0.wp.com\\\/mundosemfim.com\\\/wp-content\\\/uploads\\\/2017\\\/11\\\/DSC_0053-e1510463692752.jpg?fit=533%2C800\\u0026ssl=1&quot;,&quot;id&quot;:&quot;7117&quot;,&quot;title&quot;:&quot;La Quebrada&quot;,&quot;alt&quot;:&quot;Clavadista saltando em La Quebrada, Acapulco&quot;,&quot;caption&quot;:&quot;Salto sincronizado em La Quebrada, Acapulco&quot;,&quot;itemprop&quot;:&quot;image&quot;}]\" itemscope itemtype=\"https:\/\/schema.org\/ImageGallery\"><\/div>\n<p class=\"western\">Ficamos sabendo destes clavadistas por acaso: durante alguma viagem de \u00f4nibus, assistimos a um antigo filme mexicano onde o Cantinflas saltava de umas rochas em Acapulco ao mar. Algum tempo depois, assistimos a um filme do Elvis chamado &#8220;Seresteiro em Acapulco&#8221;. Neste filme, a trama se desenvolve em torno do medo que o personagem do Elvis tem de alturas, e este medo s\u00f3 \u00e9 superado quando ele salta daquelas mesmas rochas que o Cantinflas saltou.<\/p>\n<p class=\"western\">Isso despertou nossa curiosidade: ser\u00e1 que essa pedra existe mesmo? E onde fica?<\/p>\n<figure id=\"attachment_7119\" aria-describedby=\"caption-attachment-7119\" style=\"width: 800px\" class=\"wp-caption aligncenter\"><a href=\"https:\/\/i0.wp.com\/mundosemfim.com\/wp-content\/uploads\/2017\/11\/DSC_0078-1.jpg?ssl=1\"><img data-recalc-dims=\"1\" loading=\"lazy\" decoding=\"async\" data-attachment-id=\"7119\" data-permalink=\"https:\/\/mundosemfim.com\/?attachment_id=7119\" data-orig-file=\"https:\/\/i0.wp.com\/mundosemfim.com\/wp-content\/uploads\/2017\/11\/DSC_0078-1.jpg?fit=800%2C533&amp;ssl=1\" data-orig-size=\"800,533\" data-comments-opened=\"1\" data-image-meta=\"{&quot;aperture&quot;:&quot;0&quot;,&quot;credit&quot;:&quot;&quot;,&quot;camera&quot;:&quot;&quot;,&quot;caption&quot;:&quot;&quot;,&quot;created_timestamp&quot;:&quot;0&quot;,&quot;copyright&quot;:&quot;&quot;,&quot;focal_length&quot;:&quot;0&quot;,&quot;iso&quot;:&quot;0&quot;,&quot;shutter_speed&quot;:&quot;0&quot;,&quot;title&quot;:&quot;&quot;,&quot;orientation&quot;:&quot;0&quot;}\" data-image-title=\"Acapulco\" data-image-description=\"&lt;p&gt;La Quebrada, Acapulco&lt;\/p&gt;\n\" data-image-caption=\"&lt;p&gt;La Quebrada vista da rua&lt;\/p&gt;\n\" data-large-file=\"https:\/\/i0.wp.com\/mundosemfim.com\/wp-content\/uploads\/2017\/11\/DSC_0078-1.jpg?fit=764%2C509&amp;ssl=1\" class=\"size-full wp-image-7119\" src=\"https:\/\/i0.wp.com\/mundosemfim.com\/wp-content\/uploads\/2017\/11\/DSC_0078-1.jpg?resize=764%2C509&#038;ssl=1\" alt=\"La Quebrada, Acapulco\" width=\"764\" height=\"509\" srcset=\"https:\/\/i0.wp.com\/mundosemfim.com\/wp-content\/uploads\/2017\/11\/DSC_0078-1.jpg?w=800&amp;ssl=1 800w, https:\/\/i0.wp.com\/mundosemfim.com\/wp-content\/uploads\/2017\/11\/DSC_0078-1.jpg?resize=300%2C200&amp;ssl=1 300w, https:\/\/i0.wp.com\/mundosemfim.com\/wp-content\/uploads\/2017\/11\/DSC_0078-1.jpg?resize=768%2C512&amp;ssl=1 768w\" sizes=\"auto, (max-width: 764px) 100vw, 764px\" \/><\/a><figcaption id=\"caption-attachment-7119\" class=\"wp-caption-text\">La Quebrada vista da rua<\/figcaption><\/figure>\n<p class=\"western\">Depois de alguma pesquisada, descobrimos que a famosa pedra existe sim, e se chama &#8220;La Quebrada&#8221;. Ela surgiu em 1934 como resultado de explos\u00f5es de dinamites na regi\u00e3o. Desde ent\u00e3o, a tradi\u00e7\u00e3o de saltar l\u00e1 de cima, que surgiu como um desafio entre os locais, tornou-se bastante famosa em Acapulco. O risco \u00e9 grande, j\u00e1 que, se calcularem errado a altura da mar\u00e9, podem se chocar contra as pedras do fundo do mar.<\/p>\n<p class=\"western\">Eventualmente acontecem competi\u00e7\u00f5es de salto em La Quebrada, por\u00e9m shows de salto acontecem diariamente (desde que as condi\u00e7\u00f5es clim\u00e1ticas permitam). Pela noite, eles escalam e saltam segurando tochas.<\/p>\n<p class=\"western\">Para ter uma ideia melhor de como \u00e9 o espet\u00e1culo, d\u00ea uma olhada neste v\u00eddeo que fizemos:<\/p>\n<div class=\"jetpack-video-wrapper\"><span class=\"embed-youtube\" style=\"text-align:center; display: block;\"><iframe loading=\"lazy\" class=\"youtube-player\" width=\"764\" height=\"430\" src=\"https:\/\/www.youtube.com\/embed\/TfqQVj2oLXg?version=3&#038;rel=1&#038;showsearch=0&#038;showinfo=1&#038;iv_load_policy=1&#038;fs=1&#038;hl=pt-BR&#038;autohide=2&#038;wmode=transparent\" allowfullscreen=\"true\" style=\"border:0;\" sandbox=\"allow-scripts allow-same-origin allow-popups allow-presentation allow-popups-to-escape-sandbox\"><\/iframe><\/span><\/div>\n<h3 class=\"western\"><b>Onde fica?<\/b><\/h3>\n<p class=\"western\">A localiza\u00e7\u00e3o de La Quebrada \u00e9 esta:<\/p>\n<figure id=\"attachment_7113\" aria-describedby=\"caption-attachment-7113\" style=\"width: 797px\" class=\"wp-caption aligncenter\"><a href=\"https:\/\/i0.wp.com\/mundosemfim.com\/wp-content\/uploads\/2017\/11\/mapa-la-quebrada.png?ssl=1\"><img data-recalc-dims=\"1\" loading=\"lazy\" decoding=\"async\" data-attachment-id=\"7113\" data-permalink=\"https:\/\/mundosemfim.com\/?attachment_id=7113\" data-orig-file=\"https:\/\/i0.wp.com\/mundosemfim.com\/wp-content\/uploads\/2017\/11\/mapa-la-quebrada.png?fit=797%2C468&amp;ssl=1\" data-orig-size=\"797,468\" data-comments-opened=\"1\" data-image-meta=\"{&quot;aperture&quot;:&quot;0&quot;,&quot;credit&quot;:&quot;&quot;,&quot;camera&quot;:&quot;&quot;,&quot;caption&quot;:&quot;&quot;,&quot;created_timestamp&quot;:&quot;0&quot;,&quot;copyright&quot;:&quot;&quot;,&quot;focal_length&quot;:&quot;0&quot;,&quot;iso&quot;:&quot;0&quot;,&quot;shutter_speed&quot;:&quot;0&quot;,&quot;title&quot;:&quot;&quot;,&quot;orientation&quot;:&quot;0&quot;}\" data-image-title=\"La Quebrada\" data-image-description=\"&lt;p&gt;Localiza\u00e7\u00e3o de La Quebrada, em Acapulco&lt;\/p&gt;\n\" data-image-caption=\"&lt;p&gt;Localiza\u00e7\u00e3o de La Quebrada, em Acapulco&lt;\/p&gt;\n\" data-large-file=\"https:\/\/i0.wp.com\/mundosemfim.com\/wp-content\/uploads\/2017\/11\/mapa-la-quebrada.png?fit=764%2C449&amp;ssl=1\" class=\"size-full wp-image-7113\" src=\"https:\/\/i0.wp.com\/mundosemfim.com\/wp-content\/uploads\/2017\/11\/mapa-la-quebrada.png?resize=764%2C449&#038;ssl=1\" alt=\"Localiza\u00e7\u00e3o de La Quebrada, em Acapulco\" width=\"764\" height=\"449\" srcset=\"https:\/\/i0.wp.com\/mundosemfim.com\/wp-content\/uploads\/2017\/11\/mapa-la-quebrada.png?w=797&amp;ssl=1 797w, https:\/\/i0.wp.com\/mundosemfim.com\/wp-content\/uploads\/2017\/11\/mapa-la-quebrada.png?resize=300%2C176&amp;ssl=1 300w, https:\/\/i0.wp.com\/mundosemfim.com\/wp-content\/uploads\/2017\/11\/mapa-la-quebrada.png?resize=768%2C451&amp;ssl=1 768w\" sizes=\"auto, (max-width: 764px) 100vw, 764px\" \/><\/a><figcaption id=\"caption-attachment-7113\" class=\"wp-caption-text\">Localiza\u00e7\u00e3o de La Quebrada, em Acapulco<\/figcaption><\/figure>\n<p class=\"western\">N\u00e3o h\u00e1 transporte p\u00fablico para l\u00e1; a solu\u00e7\u00e3o \u00e9 pegar um \u00f4nibus identificado como &#8220;Costanera&#8221; e pedir para descer o mais pr\u00f3ximo poss\u00edvel. De onde o \u00f4nibus te deixa h\u00e1 que caminhar uns 15 minutos.<\/p>\n<h3 class=\"western\"><b>Quando ocorrem os saltos?<\/b><\/h3>\n<p class=\"western\">Os saltos acontecem diariamente, nos seguintes hor\u00e1rios:<\/p>\n<p class=\"western\">13h, 19h30min, 20h30min, 21h30min, 22h30min.<\/p>\n<p class=\"western\">H\u00e1 bastante ilumina\u00e7\u00e3o para os saltos noturnos. No salto das 22h30min os mergulhadores levam tochas.<\/p>\n<h3 class=\"western\"><b>Quanto custa?<\/b><\/h3>\n<p class=\"western\">Existem v\u00e1rias op\u00e7\u00f5es para assistir a esses saltos. A cl\u00e1ssica \u00e9 ir at\u00e9 o mirante que existe bem na frente da pedra (foi onde fizemos o v\u00eddeo). A entrada para o mirante custa <strong>40 pesos<\/strong> (algo como 7 reais). Crian\u00e7as pagam 15 pesos (menos de 3 reais).<\/p>\n<p class=\"western\">Outra op\u00e7\u00e3o mais cara \u00e9 comer no restaurante La Perla, que fica em frente e tem vista para La Quebrada. Pelo que vimos, se quiser s\u00f3 assistir de l\u00e1, a entrada para ele custa 180 pesos (34 reais) e te d\u00e1 direito a duas bebidas nacionais.<\/p>\n<p class=\"western\">Se n\u00e3o quiser pagar nada, da rua tamb\u00e9m \u00e9 poss\u00edvel assistir, por\u00e9m a uma dist\u00e2ncia maior.<\/p>\n<p class=\"jetpack-slideshow-noscript robots-nocontent\">Este slideshow necessita de JavaScript.<\/p><div id=\"gallery-7112-2-slideshow\" class=\"jetpack-slideshow-window jetpack-slideshow jetpack-slideshow-black\" data-trans=\"fade\" data-autostart=\"1\" data-gallery=\"[{&quot;src&quot;:&quot;https:\\\/\\\/i0.wp.com\\\/mundosemfim.com\\\/wp-content\\\/uploads\\\/2017\\\/11\\\/DSC_0001.jpg?fit=764%2C509\\u0026ssl=1&quot;,&quot;id&quot;:&quot;7114&quot;,&quot;title&quot;:&quot;La Quebrada&quot;,&quot;alt&quot;:&quot;La Quebrada, Acapulco&quot;,&quot;caption&quot;:&quot;Mirante de La Quebrada&quot;,&quot;itemprop&quot;:&quot;image&quot;},{&quot;src&quot;:&quot;https:\\\/\\\/i0.wp.com\\\/mundosemfim.com\\\/wp-content\\\/uploads\\\/2017\\\/11\\\/DSC_0003-2.jpg?fit=764%2C509\\u0026ssl=1&quot;,&quot;id&quot;:&quot;7115&quot;,&quot;title&quot;:&quot;La Quebrada&quot;,&quot;alt&quot;:&quot;Restaurante La Perla, Acapulco&quot;,&quot;caption&quot;:&quot;Restaurante La Perla, de onde \\u00e9 poss\\u00edvel assistir aos saltos&quot;,&quot;itemprop&quot;:&quot;image&quot;},{&quot;src&quot;:&quot;https:\\\/\\\/i0.wp.com\\\/mundosemfim.com\\\/wp-content\\\/uploads\\\/2017\\\/11\\\/DSC_0011.jpg?fit=764%2C509\\u0026ssl=1&quot;,&quot;id&quot;:&quot;7116&quot;,&quot;title&quot;:&quot;Acapulco&quot;,&quot;alt&quot;:&quot;La Quebrada, Acapulco&quot;,&quot;caption&quot;:&quot;Rua de onde \\u00e9 poss\\u00edvel assistir aos saltos de gra\\u00e7a&quot;,&quot;itemprop&quot;:&quot;image&quot;},{&quot;src&quot;:&quot;https:\\\/\\\/i0.wp.com\\\/mundosemfim.com\\\/wp-content\\\/uploads\\\/2017\\\/11\\\/DSC_0074.jpg?fit=764%2C509\\u0026ssl=1&quot;,&quot;id&quot;:&quot;7120&quot;,&quot;title&quot;:&quot;Acapulco&quot;,&quot;alt&quot;:&quot;Mucuvinha no letreiro de Acapulco&quot;,&quot;caption&quot;:&quot;Na frente de La Quebrada est\\u00e1 a placa com o nome de Acapulco&quot;,&quot;itemprop&quot;:&quot;image&quot;}]\" itemscope itemtype=\"https:\/\/schema.org\/ImageGallery\"><\/div>\n<p class=\"western\">\u00c9 isso, pessoal! Se forem a Acapulco, n\u00e3o deixem de assistir a esses saltos.<\/p>\n<p>Quer saber mais sobre Acapulco? Leia nosso post completo aqui:<\/p>\n<ul>\n<li><a href=\"https:\/\/mundosemfim.com\/mochilando-em-acapulco-conheca-praia-do-chaves\/\"><em><strong>Mochilando em Acapulco<\/strong><\/em><\/a><\/li>\n<\/ul>\n<p class=\"western\">Para mais dicas bacanas e acompanhar a nossa viagem pelo mundo, n\u00e3o deixem de curtir a nossa p\u00e1gina do face:<br \/>\n<a href=\"http:\/\/www.facebook.com\/mundosemfimoficial\">www.facebook.com\/mundosemfimoficial<\/a><\/p>\n","protected":false},"excerpt":{"rendered":"<p>Dizem que uma pessoa n\u00e3o conhece Acapulco de verdade se n\u00e3o assistir ao show dos clavadistas (mergulhadores profissionais) que saltam das rochas de La Quebrada ao mar. N\u00f3s fomos l\u00e1 ver, e aqui contamos como \u00e9!<\/p>\n","protected":false},"author":1,"featured_media":7121,"comment_status":"open","ping_status":"open","sticky":false,"template":"","format":"standard","meta":{"jetpack_post_was_ever_published":false,"_jetpack_newsletter_access":"","_jetpack_dont_email_post_to_subs":false,"_jetpack_newsletter_tier_id":0,"_jetpack_memberships_contains_paywalled_content":false,"_jetpack_memberships_contains_paid_content":false,"footnotes":"","jetpack_publicize_message":"","jetpack_publicize_feature_enabled":true,"jetpack_social_post_already_shared":true,"jetpack_social_options":{"image_generator_settings":{"template":"highway","default_image_id":0,"font":"","enabled":false},"version":2}},"categories":[478,431,7,432],"tags":[479,480],"class_list":["post-7112","post","type-post","status-publish","format-standard","has-post-thumbnail","hentry","category-acapulco","category-america-do-norte","category-america-latina","category-mexico","tag-clavadistas","tag-la-quebrada"],"yoast_head":"<!-- This site is optimized with the Yoast SEO plugin v27.5 - https:\/\/yoast.com\/product\/yoast-seo-wordpress\/ -->\n<title>Vendo o show dos Clavadistas de La Quebrada, em Acapulco - Mundo Sem Fim<\/title>\n<meta name=\"robots\" content=\"index, follow, max-snippet:-1, max-image-preview:large, max-video-preview:-1\" \/>\n<link rel=\"canonical\" href=\"https:\/\/mundosemfim.com\/?p=7112\" \/>\n<meta property=\"og:locale\" content=\"pt_BR\" \/>\n<meta property=\"og:type\" content=\"article\" \/>\n<meta property=\"og:title\" content=\"Vendo o show dos Clavadistas de La Quebrada, em Acapulco - Mundo Sem Fim\" \/>\n<meta property=\"og:description\" content=\"Dizem que uma pessoa n\u00e3o conhece Acapulco de verdade se n\u00e3o assistir ao show dos clavadistas (mergulhadores profissionais) que saltam das rochas de La Quebrada ao mar. N\u00f3s fomos l\u00e1 ver, e aqui contamos como \u00e9!\" \/>\n<meta property=\"og:url\" content=\"https:\/\/mundosemfim.com\/?p=7112\" \/>\n<meta property=\"og:site_name\" content=\"Mundo Sem Fim\" \/>\n<meta property=\"article:publisher\" content=\"http:\/\/www.facebook.com\/mundosemfimoficial\" \/>\n<meta property=\"article:published_time\" content=\"2017-11-12T05:22:50+00:00\" \/>\n<meta property=\"article:modified_time\" content=\"2017-11-23T12:50:39+00:00\" \/>\n<meta property=\"og:image\" content=\"https:\/\/i0.wp.com\/mundosemfim.com\/wp-content\/uploads\/2017\/11\/DSC_0053-1.jpg?fit=533%2C380&ssl=1\" \/>\n\t<meta property=\"og:image:width\" content=\"533\" \/>\n\t<meta property=\"og:image:height\" content=\"380\" \/>\n\t<meta property=\"og:image:type\" content=\"image\/jpeg\" \/>\n<meta name=\"author\" content=\"Renan\" \/>\n<meta name=\"twitter:card\" content=\"summary_large_image\" \/>\n<meta name=\"twitter:label1\" content=\"Escrito por\" \/>\n\t<meta name=\"twitter:data1\" content=\"Renan\" \/>\n\t<meta name=\"twitter:label2\" content=\"Est. tempo de leitura\" \/>\n\t<meta name=\"twitter:data2\" content=\"3 minutos\" \/>\n<script type=\"application\/ld+json\" class=\"yoast-schema-graph\">{\"@context\":\"https:\\\/\\\/schema.org\",\"@graph\":[{\"@type\":\"Article\",\"@id\":\"https:\\\/\\\/mundosemfim.com\\\/?p=7112#article\",\"isPartOf\":{\"@id\":\"https:\\\/\\\/mundosemfim.com\\\/?p=7112\"},\"author\":{\"name\":\"Renan\",\"@id\":\"https:\\\/\\\/mundosemfim.com\\\/#\\\/schema\\\/person\\\/b021d50f3a19bae432e9b69ffbfa9257\"},\"headline\":\"Vendo o show dos Clavadistas de La Quebrada, em Acapulco\",\"datePublished\":\"2017-11-12T05:22:50+00:00\",\"dateModified\":\"2017-11-23T12:50:39+00:00\",\"mainEntityOfPage\":{\"@id\":\"https:\\\/\\\/mundosemfim.com\\\/?p=7112\"},\"wordCount\":569,\"commentCount\":1,\"image\":{\"@id\":\"https:\\\/\\\/mundosemfim.com\\\/?p=7112#primaryimage\"},\"thumbnailUrl\":\"https:\\\/\\\/i0.wp.com\\\/mundosemfim.com\\\/wp-content\\\/uploads\\\/2017\\\/11\\\/DSC_0053-1.jpg?fit=533%2C380&ssl=1\",\"keywords\":[\"clavadistas\",\"la quebrada\"],\"articleSection\":[\"Acapulco\",\"Am\u00e9rica do Norte\",\"am\u00e9rica latina\",\"M\u00e9xico\"],\"inLanguage\":\"pt-BR\",\"potentialAction\":[{\"@type\":\"CommentAction\",\"name\":\"Comment\",\"target\":[\"https:\\\/\\\/mundosemfim.com\\\/?p=7112#respond\"]}]},{\"@type\":\"WebPage\",\"@id\":\"https:\\\/\\\/mundosemfim.com\\\/?p=7112\",\"url\":\"https:\\\/\\\/mundosemfim.com\\\/?p=7112\",\"name\":\"Vendo o show dos Clavadistas de La Quebrada, em Acapulco - Mundo Sem Fim\",\"isPartOf\":{\"@id\":\"https:\\\/\\\/mundosemfim.com\\\/#website\"},\"primaryImageOfPage\":{\"@id\":\"https:\\\/\\\/mundosemfim.com\\\/?p=7112#primaryimage\"},\"image\":{\"@id\":\"https:\\\/\\\/mundosemfim.com\\\/?p=7112#primaryimage\"},\"thumbnailUrl\":\"https:\\\/\\\/i0.wp.com\\\/mundosemfim.com\\\/wp-content\\\/uploads\\\/2017\\\/11\\\/DSC_0053-1.jpg?fit=533%2C380&ssl=1\",\"datePublished\":\"2017-11-12T05:22:50+00:00\",\"dateModified\":\"2017-11-23T12:50:39+00:00\",\"author\":{\"@id\":\"https:\\\/\\\/mundosemfim.com\\\/#\\\/schema\\\/person\\\/b021d50f3a19bae432e9b69ffbfa9257\"},\"breadcrumb\":{\"@id\":\"https:\\\/\\\/mundosemfim.com\\\/?p=7112#breadcrumb\"},\"inLanguage\":\"pt-BR\",\"potentialAction\":[{\"@type\":\"ReadAction\",\"target\":[\"https:\\\/\\\/mundosemfim.com\\\/?p=7112\"]}]},{\"@type\":\"ImageObject\",\"inLanguage\":\"pt-BR\",\"@id\":\"https:\\\/\\\/mundosemfim.com\\\/?p=7112#primaryimage\",\"url\":\"https:\\\/\\\/i0.wp.com\\\/mundosemfim.com\\\/wp-content\\\/uploads\\\/2017\\\/11\\\/DSC_0053-1.jpg?fit=533%2C380&ssl=1\",\"contentUrl\":\"https:\\\/\\\/i0.wp.com\\\/mundosemfim.com\\\/wp-content\\\/uploads\\\/2017\\\/11\\\/DSC_0053-1.jpg?fit=533%2C380&ssl=1\",\"width\":533,\"height\":380},{\"@type\":\"BreadcrumbList\",\"@id\":\"https:\\\/\\\/mundosemfim.com\\\/?p=7112#breadcrumb\",\"itemListElement\":[{\"@type\":\"ListItem\",\"position\":1,\"name\":\"In\u00edcio\",\"item\":\"https:\\\/\\\/mundosemfim.com\\\/\"},{\"@type\":\"ListItem\",\"position\":2,\"name\":\"Vendo o show dos Clavadistas de La Quebrada, em Acapulco\"}]},{\"@type\":\"WebSite\",\"@id\":\"https:\\\/\\\/mundosemfim.com\\\/#website\",\"url\":\"https:\\\/\\\/mundosemfim.com\\\/\",\"name\":\"Mundo Sem Fim\",\"description\":\"uma viagem de volta ao mundo pelos 5 continentes!\",\"potentialAction\":[{\"@type\":\"SearchAction\",\"target\":{\"@type\":\"EntryPoint\",\"urlTemplate\":\"https:\\\/\\\/mundosemfim.com\\\/?s={search_term_string}\"},\"query-input\":{\"@type\":\"PropertyValueSpecification\",\"valueRequired\":true,\"valueName\":\"search_term_string\"}}],\"inLanguage\":\"pt-BR\"},{\"@type\":\"Person\",\"@id\":\"https:\\\/\\\/mundosemfim.com\\\/#\\\/schema\\\/person\\\/b021d50f3a19bae432e9b69ffbfa9257\",\"name\":\"Renan\",\"image\":{\"@type\":\"ImageObject\",\"inLanguage\":\"pt-BR\",\"@id\":\"https:\\\/\\\/secure.gravatar.com\\\/avatar\\\/faafca769a603ac75196d21826f3bda645d7e2d6306bb6e236d8cdb38eb44e38?s=96&d=mm&r=g\",\"url\":\"https:\\\/\\\/secure.gravatar.com\\\/avatar\\\/faafca769a603ac75196d21826f3bda645d7e2d6306bb6e236d8cdb38eb44e38?s=96&d=mm&r=g\",\"contentUrl\":\"https:\\\/\\\/secure.gravatar.com\\\/avatar\\\/faafca769a603ac75196d21826f3bda645d7e2d6306bb6e236d8cdb38eb44e38?s=96&d=mm&r=g\",\"caption\":\"Renan\"}}]}<\/script>\n<!-- \/ Yoast SEO plugin. -->","yoast_head_json":{"title":"Vendo o show dos Clavadistas de La Quebrada, em Acapulco - Mundo Sem Fim","robots":{"index":"index","follow":"follow","max-snippet":"max-snippet:-1","max-image-preview":"max-image-preview:large","max-video-preview":"max-video-preview:-1"},"canonical":"https:\/\/mundosemfim.com\/?p=7112","og_locale":"pt_BR","og_type":"article","og_title":"Vendo o show dos Clavadistas de La Quebrada, em Acapulco - Mundo Sem Fim","og_description":"Dizem que uma pessoa n\u00e3o conhece Acapulco de verdade se n\u00e3o assistir ao show dos clavadistas (mergulhadores profissionais) que saltam das rochas de La Quebrada ao mar. N\u00f3s fomos l\u00e1 ver, e aqui contamos como \u00e9!","og_url":"https:\/\/mundosemfim.com\/?p=7112","og_site_name":"Mundo Sem Fim","article_publisher":"http:\/\/www.facebook.com\/mundosemfimoficial","article_published_time":"2017-11-12T05:22:50+00:00","article_modified_time":"2017-11-23T12:50:39+00:00","og_image":[{"width":533,"height":380,"url":"https:\/\/i0.wp.com\/mundosemfim.com\/wp-content\/uploads\/2017\/11\/DSC_0053-1.jpg?fit=533%2C380&ssl=1","type":"image\/jpeg"}],"author":"Renan","twitter_card":"summary_large_image","twitter_misc":{"Escrito por":"Renan","Est. tempo de leitura":"3 minutos"},"schema":{"@context":"https:\/\/schema.org","@graph":[{"@type":"Article","@id":"https:\/\/mundosemfim.com\/?p=7112#article","isPartOf":{"@id":"https:\/\/mundosemfim.com\/?p=7112"},"author":{"name":"Renan","@id":"https:\/\/mundosemfim.com\/#\/schema\/person\/b021d50f3a19bae432e9b69ffbfa9257"},"headline":"Vendo o show dos Clavadistas de La Quebrada, em Acapulco","datePublished":"2017-11-12T05:22:50+00:00","dateModified":"2017-11-23T12:50:39+00:00","mainEntityOfPage":{"@id":"https:\/\/mundosemfim.com\/?p=7112"},"wordCount":569,"commentCount":1,"image":{"@id":"https:\/\/mundosemfim.com\/?p=7112#primaryimage"},"thumbnailUrl":"https:\/\/i0.wp.com\/mundosemfim.com\/wp-content\/uploads\/2017\/11\/DSC_0053-1.jpg?fit=533%2C380&ssl=1","keywords":["clavadistas","la quebrada"],"articleSection":["Acapulco","Am\u00e9rica do Norte","am\u00e9rica latina","M\u00e9xico"],"inLanguage":"pt-BR","potentialAction":[{"@type":"CommentAction","name":"Comment","target":["https:\/\/mundosemfim.com\/?p=7112#respond"]}]},{"@type":"WebPage","@id":"https:\/\/mundosemfim.com\/?p=7112","url":"https:\/\/mundosemfim.com\/?p=7112","name":"Vendo o show dos Clavadistas de La Quebrada, em Acapulco - Mundo Sem Fim","isPartOf":{"@id":"https:\/\/mundosemfim.com\/#website"},"primaryImageOfPage":{"@id":"https:\/\/mundosemfim.com\/?p=7112#primaryimage"},"image":{"@id":"https:\/\/mundosemfim.com\/?p=7112#primaryimage"},"thumbnailUrl":"https:\/\/i0.wp.com\/mundosemfim.com\/wp-content\/uploads\/2017\/11\/DSC_0053-1.jpg?fit=533%2C380&ssl=1","datePublished":"2017-11-12T05:22:50+00:00","dateModified":"2017-11-23T12:50:39+00:00","author":{"@id":"https:\/\/mundosemfim.com\/#\/schema\/person\/b021d50f3a19bae432e9b69ffbfa9257"},"breadcrumb":{"@id":"https:\/\/mundosemfim.com\/?p=7112#breadcrumb"},"inLanguage":"pt-BR","potentialAction":[{"@type":"ReadAction","target":["https:\/\/mundosemfim.com\/?p=7112"]}]},{"@type":"ImageObject","inLanguage":"pt-BR","@id":"https:\/\/mundosemfim.com\/?p=7112#primaryimage","url":"https:\/\/i0.wp.com\/mundosemfim.com\/wp-content\/uploads\/2017\/11\/DSC_0053-1.jpg?fit=533%2C380&ssl=1","contentUrl":"https:\/\/i0.wp.com\/mundosemfim.com\/wp-content\/uploads\/2017\/11\/DSC_0053-1.jpg?fit=533%2C380&ssl=1","width":533,"height":380},{"@type":"BreadcrumbList","@id":"https:\/\/mundosemfim.com\/?p=7112#breadcrumb","itemListElement":[{"@type":"ListItem","position":1,"name":"In\u00edcio","item":"https:\/\/mundosemfim.com\/"},{"@type":"ListItem","position":2,"name":"Vendo o show dos Clavadistas de La Quebrada, em Acapulco"}]},{"@type":"WebSite","@id":"https:\/\/mundosemfim.com\/#website","url":"https:\/\/mundosemfim.com\/","name":"Mundo Sem Fim","description":"uma viagem de volta ao mundo pelos 5 continentes!","potentialAction":[{"@type":"SearchAction","target":{"@type":"EntryPoint","urlTemplate":"https:\/\/mundosemfim.com\/?s={search_term_string}"},"query-input":{"@type":"PropertyValueSpecification","valueRequired":true,"valueName":"search_term_string"}}],"inLanguage":"pt-BR"},{"@type":"Person","@id":"https:\/\/mundosemfim.com\/#\/schema\/person\/b021d50f3a19bae432e9b69ffbfa9257","name":"Renan","image":{"@type":"ImageObject","inLanguage":"pt-BR","@id":"https:\/\/secure.gravatar.com\/avatar\/faafca769a603ac75196d21826f3bda645d7e2d6306bb6e236d8cdb38eb44e38?s=96&d=mm&r=g","url":"https:\/\/secure.gravatar.com\/avatar\/faafca769a603ac75196d21826f3bda645d7e2d6306bb6e236d8cdb38eb44e38?s=96&d=mm&r=g","contentUrl":"https:\/\/secure.gravatar.com\/avatar\/faafca769a603ac75196d21826f3bda645d7e2d6306bb6e236d8cdb38eb44e38?s=96&d=mm&r=g","caption":"Renan"}}]}},"jetpack_publicize_connections":[],"jetpack_featured_media_url":"https:\/\/i0.wp.com\/mundosemfim.com\/wp-content\/uploads\/2017\/11\/DSC_0053-1.jpg?fit=533%2C380&ssl=1","jetpack_sharing_enabled":true,"jetpack_shortlink":"https:\/\/wp.me\/p7CQyF-1QI","jetpack-related-posts":[{"id":7124,"url":"https:\/\/mundosemfim.com\/?p=7124","url_meta":{"origin":7112,"position":0},"title":"Mochilando em Acapulco \u2013 conhe\u00e7a a praia do Chaves","author":"Renan","date":"novembro 18, 2017","format":false,"excerpt":"Acapulco \u2013 eternizada pelo epis\u00f3dio do Chaves e por dezena de filmes, esta ainda \u00e9 a praia preferida de muitos mexicanos. N\u00f3s fomos at\u00e9 l\u00e1, e aqui mostramos como \u00e9! C\u00e2mbio oficial (nov\/2017) 1 real = 5,87 pesos mexicanos 1 d\u00f3lar = 19,10 pesos mexicanos Visitar Acapulco era um sonho\u2026","rel":"","context":"Em &quot;Acapulco&quot;","block_context":{"text":"Acapulco","link":"https:\/\/mundosemfim.com\/?cat=478"},"img":{"alt_text":"La Quebrada, Acapulco","src":"https:\/\/i0.wp.com\/mundosemfim.com\/wp-content\/uploads\/2017\/11\/DSC_0078-1.jpg?fit=800%2C533&ssl=1&resize=350%2C200","width":350,"height":200,"srcset":"https:\/\/i0.wp.com\/mundosemfim.com\/wp-content\/uploads\/2017\/11\/DSC_0078-1.jpg?fit=800%2C533&ssl=1&resize=350%2C200 1x, https:\/\/i0.wp.com\/mundosemfim.com\/wp-content\/uploads\/2017\/11\/DSC_0078-1.jpg?fit=800%2C533&ssl=1&resize=525%2C300 1.5x, https:\/\/i0.wp.com\/mundosemfim.com\/wp-content\/uploads\/2017\/11\/DSC_0078-1.jpg?fit=800%2C533&ssl=1&resize=700%2C400 2x"},"classes":[]},{"id":7091,"url":"https:\/\/mundosemfim.com\/?p=7091","url_meta":{"origin":7112,"position":1},"title":"Visitando o hotel do Chaves em Acapulco","author":"Renan","date":"novembro 11, 2017","format":false,"excerpt":"Acho que o principal motivo que atrai brasileiros (e outros latino-americanos) a Acapulco \u00e9 o epis\u00f3dio do Chaves que acontece nesta praia. N\u00f3s fomos l\u00e1 e visitamos o hotel onde eles se hospedaram. Aqui mostramos como \u00e9! Se voc\u00ea, assim como n\u00f3s, sonha em conhecer Acapulco por conta do Chaves,\u2026","rel":"","context":"Em &quot;Acapulco&quot;","block_context":{"text":"Acapulco","link":"https:\/\/mundosemfim.com\/?cat=478"},"img":{"alt_text":"Hotel do Chaves em Acapulco","src":"https:\/\/i0.wp.com\/mundosemfim.com\/wp-content\/uploads\/2017\/11\/DSC_0110.jpg?fit=800%2C533&ssl=1&resize=350%2C200","width":350,"height":200,"srcset":"https:\/\/i0.wp.com\/mundosemfim.com\/wp-content\/uploads\/2017\/11\/DSC_0110.jpg?fit=800%2C533&ssl=1&resize=350%2C200 1x, https:\/\/i0.wp.com\/mundosemfim.com\/wp-content\/uploads\/2017\/11\/DSC_0110.jpg?fit=800%2C533&ssl=1&resize=525%2C300 1.5x, https:\/\/i0.wp.com\/mundosemfim.com\/wp-content\/uploads\/2017\/11\/DSC_0110.jpg?fit=800%2C533&ssl=1&resize=700%2C400 2x"},"classes":[]},{"id":7800,"url":"https:\/\/mundosemfim.com\/?p=7800","url_meta":{"origin":7112,"position":2},"title":"10 curiosidades sobre o M\u00e9xico","author":"Renan","date":"mar\u00e7o 23, 2018","format":false,"excerpt":"Gosta de saber curiosidades sobre cada lugar? Aqui listamos algumas do M\u00e9xico! 1. Segundo a lenda, os astecas eram uma tribo n\u00f4made, e estavam procurando um sinal que lhes indicasse onde deveriam construir a sua capital. Este sinal veio atrav\u00e9s de uma \u00e1guia comendo uma serpente, em meio a um\u2026","rel":"","context":"Em &quot;Am\u00e9rica do Norte&quot;","block_context":{"text":"Am\u00e9rica do Norte","link":"https:\/\/mundosemfim.com\/?cat=431"},"img":{"alt_text":"","src":"https:\/\/i0.wp.com\/mundosemfim.com\/wp-content\/uploads\/2017\/12\/DLcjcYMX4AAdRSx.jpg?fit=900%2C515&ssl=1&resize=350%2C200","width":350,"height":200,"srcset":"https:\/\/i0.wp.com\/mundosemfim.com\/wp-content\/uploads\/2017\/12\/DLcjcYMX4AAdRSx.jpg?fit=900%2C515&ssl=1&resize=350%2C200 1x, https:\/\/i0.wp.com\/mundosemfim.com\/wp-content\/uploads\/2017\/12\/DLcjcYMX4AAdRSx.jpg?fit=900%2C515&ssl=1&resize=525%2C300 1.5x, https:\/\/i0.wp.com\/mundosemfim.com\/wp-content\/uploads\/2017\/12\/DLcjcYMX4AAdRSx.jpg?fit=900%2C515&ssl=1&resize=700%2C400 2x"},"classes":[]},{"id":7287,"url":"https:\/\/mundosemfim.com\/?p=7287","url_meta":{"origin":7112,"position":3},"title":"Mochil\u00e3o pelo M\u00e9xico \u2013 valores, roteiros e dicas para curtir o pa\u00eds ao m\u00e1ximo","author":"Renan","date":"dezembro 22, 2017","format":false,"excerpt":"Com desertos, praias paradis\u00edacas, picos nevados, cidades modernas, ru\u00ednas antigas e povos ind\u00edgenas, o M\u00e9xico \u00e9 um pa\u00eds bastante completo e que encanta todo o tipo de viajante. Se quiser conhec\u00ea-lo, leia todas as nossas dicas aqui! C\u00e2mbio oficial (dezembro\/2017) 1 real = 5,88 pesos mexicanos 1 d\u00f3lar = 19,45\u2026","rel":"","context":"Em &quot;Am\u00e9rica do Norte&quot;","block_context":{"text":"Am\u00e9rica do Norte","link":"https:\/\/mundosemfim.com\/?cat=431"},"img":{"alt_text":"","src":"https:\/\/i0.wp.com\/mundosemfim.com\/wp-content\/uploads\/2017\/12\/DLcjcYMX4AAdRSx.jpg?fit=900%2C515&ssl=1&resize=350%2C200","width":350,"height":200,"srcset":"https:\/\/i0.wp.com\/mundosemfim.com\/wp-content\/uploads\/2017\/12\/DLcjcYMX4AAdRSx.jpg?fit=900%2C515&ssl=1&resize=350%2C200 1x, https:\/\/i0.wp.com\/mundosemfim.com\/wp-content\/uploads\/2017\/12\/DLcjcYMX4AAdRSx.jpg?fit=900%2C515&ssl=1&resize=525%2C300 1.5x, https:\/\/i0.wp.com\/mundosemfim.com\/wp-content\/uploads\/2017\/12\/DLcjcYMX4AAdRSx.jpg?fit=900%2C515&ssl=1&resize=700%2C400 2x"},"classes":[]},{"id":9313,"url":"https:\/\/mundosemfim.com\/?p=9313","url_meta":{"origin":7112,"position":4},"title":"Lista das 50 cidades mais violentas do mundo em 2018","author":"Renan","date":"abril 15, 2019","format":false,"excerpt":"Conforme fazemos todos os anos, aqui est\u00e1 nosso post com a lista das cidades mais violentas do mundo no ano que passou. Metodologia O estudo foi feito pela ONG Seguridad, Justicia y Paz. A metodologia usada \u00e9 bem simples: Consideram-se somente cidades com mais de 300 mil habitantes; N\u00e3o entram\u2026","rel":"","context":"Em &quot;cidade&quot;","block_context":{"text":"cidade","link":"https:\/\/mundosemfim.com\/?cat=16"},"img":{"alt_text":"","src":"https:\/\/i0.wp.com\/mundosemfim.com\/wp-content\/uploads\/2019\/04\/capa.jpg?fit=930%2C429&ssl=1&resize=350%2C200","width":350,"height":200,"srcset":"https:\/\/i0.wp.com\/mundosemfim.com\/wp-content\/uploads\/2019\/04\/capa.jpg?fit=930%2C429&ssl=1&resize=350%2C200 1x, https:\/\/i0.wp.com\/mundosemfim.com\/wp-content\/uploads\/2019\/04\/capa.jpg?fit=930%2C429&ssl=1&resize=525%2C300 1.5x, https:\/\/i0.wp.com\/mundosemfim.com\/wp-content\/uploads\/2019\/04\/capa.jpg?fit=930%2C429&ssl=1&resize=700%2C400 2x"},"classes":[]},{"id":9439,"url":"https:\/\/mundosemfim.com\/?p=9439","url_meta":{"origin":7112,"position":5},"title":"As 15 praias mais incr\u00edveis que j\u00e1 visitamos","author":"Renan","date":"maio 21, 2019","format":false,"excerpt":"Quer curtir uma praia nas pr\u00f3ximas f\u00e9rias? Aqui est\u00e3o as mais encantadoras que j\u00e1 visitamos durante nossa viagem pelo mundo! A lista n\u00e3o segue nenhuma ordem. Mencionamos aquelas que mais nos encantaram, seja pela beleza, pela hist\u00f3ria ou pela cultura do lugar. 1. Coron, Filipinas V\u00e1rias vezes escutamos que a\u2026","rel":"","context":"Em &quot;Col\u00f4mbia&quot;","block_context":{"text":"Col\u00f4mbia","link":"https:\/\/mundosemfim.com\/?cat=313"},"img":{"alt_text":"Praia CYC, Coron, Palawan, Filipinas","src":"https:\/\/i0.wp.com\/mundosemfim.com\/wp-content\/uploads\/2017\/12\/DSC_0089.jpg?fit=800%2C533&ssl=1&resize=350%2C200","width":350,"height":200,"srcset":"https:\/\/i0.wp.com\/mundosemfim.com\/wp-content\/uploads\/2017\/12\/DSC_0089.jpg?fit=800%2C533&ssl=1&resize=350%2C200 1x, https:\/\/i0.wp.com\/mundosemfim.com\/wp-content\/uploads\/2017\/12\/DSC_0089.jpg?fit=800%2C533&ssl=1&resize=525%2C300 1.5x, https:\/\/i0.wp.com\/mundosemfim.com\/wp-content\/uploads\/2017\/12\/DSC_0089.jpg?fit=800%2C533&ssl=1&resize=700%2C400 2x"},"classes":[]}],"_links":{"self":[{"href":"https:\/\/mundosemfim.com\/index.php?rest_route=\/wp\/v2\/posts\/7112","targetHints":{"allow":["GET"]}}],"collection":[{"href":"https:\/\/mundosemfim.com\/index.php?rest_route=\/wp\/v2\/posts"}],"about":[{"href":"https:\/\/mundosemfim.com\/index.php?rest_route=\/wp\/v2\/types\/post"}],"author":[{"embeddable":true,"href":"https:\/\/mundosemfim.com\/index.php?rest_route=\/wp\/v2\/users\/1"}],"replies":[{"embeddable":true,"href":"https:\/\/mundosemfim.com\/index.php?rest_route=%2Fwp%2Fv2%2Fcomments&post=7112"}],"version-history":[{"count":2,"href":"https:\/\/mundosemfim.com\/index.php?rest_route=\/wp\/v2\/posts\/7112\/revisions"}],"predecessor-version":[{"id":7166,"href":"https:\/\/mundosemfim.com\/index.php?rest_route=\/wp\/v2\/posts\/7112\/revisions\/7166"}],"wp:featuredmedia":[{"embeddable":true,"href":"https:\/\/mundosemfim.com\/index.php?rest_route=\/wp\/v2\/media\/7121"}],"wp:attachment":[{"href":"https:\/\/mundosemfim.com\/index.php?rest_route=%2Fwp%2Fv2%2Fmedia&parent=7112"}],"wp:term":[{"taxonomy":"category","embeddable":true,"href":"https:\/\/mundosemfim.com\/index.php?rest_route=%2Fwp%2Fv2%2Fcategories&post=7112"},{"taxonomy":"post_tag","embeddable":true,"href":"https:\/\/mundosemfim.com\/index.php?rest_route=%2Fwp%2Fv2%2Ftags&post=7112"}],"curies":[{"name":"wp","href":"https:\/\/api.w.org\/{rel}","templated":true}]}}