{"id":7037,"date":"2017-11-11T01:59:31","date_gmt":"2017-11-11T03:59:31","guid":{"rendered":"https:\/\/mundosemfim.com\/?p=7037"},"modified":"2019-02-12T10:02:33","modified_gmt":"2019-02-12T12:02:33","slug":"vivendo-o-dia-dos-mortos-em-oaxaca-mexico","status":"publish","type":"post","link":"https:\/\/mundosemfim.com\/?p=7037","title":{"rendered":"Vivendo o Dia dos Mortos em Oaxaca (M\u00e9xico)"},"content":{"rendered":"<p class=\"western\">Quer viver uma das melhores experi\u00eancias que o <a href=\"https:\/\/mundosemfim.com\/mochilao-pelo-mexico\/\">M\u00e9xico<\/a> tem para oferecer? Ent\u00e3o passe o dia dos mortos em Oaxaca. Aqui contamos como \u00e9!<\/p>\n<p class=\"western\"><!--more--><\/p>\n<p class=\"western\"><b>C\u00e2mbio oficial (nov\/2017)<br \/>\n<\/b>1 real = 5,87 pesos mexicanos<br \/>\n1 d\u00f3lar = 19,10 pesos mexicanos<\/p>\n<figure id=\"attachment_7087\" aria-describedby=\"caption-attachment-7087\" style=\"width: 800px\" class=\"wp-caption aligncenter\"><a href=\"https:\/\/i0.wp.com\/mundosemfim.com\/wp-content\/uploads\/2017\/11\/DSC_0259.jpg?ssl=1\"><img data-recalc-dims=\"1\" loading=\"lazy\" decoding=\"async\" data-attachment-id=\"7087\" data-permalink=\"https:\/\/mundosemfim.com\/?attachment_id=7087\" data-orig-file=\"https:\/\/i0.wp.com\/mundosemfim.com\/wp-content\/uploads\/2017\/11\/DSC_0259.jpg?fit=800%2C533&amp;ssl=1\" data-orig-size=\"800,533\" data-comments-opened=\"1\" data-image-meta=\"{&quot;aperture&quot;:&quot;0&quot;,&quot;credit&quot;:&quot;&quot;,&quot;camera&quot;:&quot;&quot;,&quot;caption&quot;:&quot;&quot;,&quot;created_timestamp&quot;:&quot;0&quot;,&quot;copyright&quot;:&quot;&quot;,&quot;focal_length&quot;:&quot;0&quot;,&quot;iso&quot;:&quot;0&quot;,&quot;shutter_speed&quot;:&quot;0&quot;,&quot;title&quot;:&quot;&quot;,&quot;orientation&quot;:&quot;0&quot;}\" data-image-title=\"Dia dos Mortos\" data-image-description=\"&lt;p&gt;Dia dos Mortos, Oaxaca&lt;\/p&gt;\n\" data-image-caption=\"&lt;p&gt;Mucuvinha na festa de Dia dos Mortos&lt;\/p&gt;\n\" data-large-file=\"https:\/\/i0.wp.com\/mundosemfim.com\/wp-content\/uploads\/2017\/11\/DSC_0259.jpg?fit=764%2C509&amp;ssl=1\" class=\"size-full wp-image-7087\" src=\"https:\/\/i0.wp.com\/mundosemfim.com\/wp-content\/uploads\/2017\/11\/DSC_0259.jpg?resize=764%2C509&#038;ssl=1\" alt=\"Dia dos Mortos, Oaxaca\" width=\"764\" height=\"509\" srcset=\"https:\/\/i0.wp.com\/mundosemfim.com\/wp-content\/uploads\/2017\/11\/DSC_0259.jpg?w=800&amp;ssl=1 800w, https:\/\/i0.wp.com\/mundosemfim.com\/wp-content\/uploads\/2017\/11\/DSC_0259.jpg?resize=300%2C200&amp;ssl=1 300w, https:\/\/i0.wp.com\/mundosemfim.com\/wp-content\/uploads\/2017\/11\/DSC_0259.jpg?resize=768%2C512&amp;ssl=1 768w\" sizes=\"auto, (max-width: 764px) 100vw, 764px\" \/><\/a><figcaption id=\"caption-attachment-7087\" class=\"wp-caption-text\">Mucuvinha na festa de Dia dos Mortos<\/figcaption><\/figure>\n<p class=\"western\">Declarada como Patrim\u00f4nio Cultural Imaterial pela <a href=\"https:\/\/mundosemfim.com\/patrimonios-da-unesco\/\">UNESCO<\/a>, o Dia dos Mortos foi a celebra\u00e7\u00e3o mais bonita que j\u00e1 vimos nestes 2 anos de estrada. \u00c9 dif\u00edcil explicar o que se sente nestes dias, mas a energia e as vibra\u00e7\u00f5es s\u00e3o muito boas.<\/p>\n<p class=\"western\">Segundo a cren\u00e7a local, h\u00e1 um dia do ano em que se abre um portal entre o mundo dos vivos e dos mortos. Por isso, as casas s\u00e3o enfeitadas com altares cheios de comidas e bebidas, dadas como oferendas aos entes queridos que j\u00e1 se foram. Muitos v\u00e3o passar a noite no cemit\u00e9rio, festejando no t\u00famulo de seus parentes e amigos. E tamb\u00e9m tem aqueles que se fantasiam de morto, assim os mortos de verdade podem caminhar entre n\u00f3s sem serem reconhecidos.<\/p>\n<p class=\"western\">E, como \u00e9 um dia de visita, ningu\u00e9m chora ou se lamenta. Pelo contr\u00e1rio: os mortos s\u00e3o recebidos com muita festa!<\/p>\n<figure id=\"attachment_7057\" aria-describedby=\"caption-attachment-7057\" style=\"width: 800px\" class=\"wp-caption aligncenter\"><a href=\"https:\/\/i0.wp.com\/mundosemfim.com\/wp-content\/uploads\/2017\/11\/DSC_0048-6.jpg?ssl=1\"><img data-recalc-dims=\"1\" loading=\"lazy\" decoding=\"async\" data-attachment-id=\"7057\" data-permalink=\"https:\/\/mundosemfim.com\/?attachment_id=7057\" data-orig-file=\"https:\/\/i0.wp.com\/mundosemfim.com\/wp-content\/uploads\/2017\/11\/DSC_0048-6.jpg?fit=800%2C534&amp;ssl=1\" data-orig-size=\"800,534\" data-comments-opened=\"1\" data-image-meta=\"{&quot;aperture&quot;:&quot;0&quot;,&quot;credit&quot;:&quot;&quot;,&quot;camera&quot;:&quot;&quot;,&quot;caption&quot;:&quot;&quot;,&quot;created_timestamp&quot;:&quot;0&quot;,&quot;copyright&quot;:&quot;&quot;,&quot;focal_length&quot;:&quot;0&quot;,&quot;iso&quot;:&quot;0&quot;,&quot;shutter_speed&quot;:&quot;0&quot;,&quot;title&quot;:&quot;&quot;,&quot;orientation&quot;:&quot;0&quot;}\" data-image-title=\"Dia dos Mortos, Oaxaca\" data-image-description=\"&lt;p&gt;Dia dos Mortos, Oaxaca&lt;\/p&gt;\n\" data-image-caption=\"&lt;p&gt;Festa de Dia dos Mortos&lt;\/p&gt;\n\" data-large-file=\"https:\/\/i0.wp.com\/mundosemfim.com\/wp-content\/uploads\/2017\/11\/DSC_0048-6.jpg?fit=764%2C510&amp;ssl=1\" class=\"size-full wp-image-7057\" src=\"https:\/\/i0.wp.com\/mundosemfim.com\/wp-content\/uploads\/2017\/11\/DSC_0048-6.jpg?resize=764%2C510&#038;ssl=1\" alt=\"Dia dos Mortos, Oaxaca\" width=\"764\" height=\"510\" srcset=\"https:\/\/i0.wp.com\/mundosemfim.com\/wp-content\/uploads\/2017\/11\/DSC_0048-6.jpg?w=800&amp;ssl=1 800w, https:\/\/i0.wp.com\/mundosemfim.com\/wp-content\/uploads\/2017\/11\/DSC_0048-6.jpg?resize=300%2C200&amp;ssl=1 300w, https:\/\/i0.wp.com\/mundosemfim.com\/wp-content\/uploads\/2017\/11\/DSC_0048-6.jpg?resize=768%2C513&amp;ssl=1 768w\" sizes=\"auto, (max-width: 764px) 100vw, 764px\" \/><\/a><figcaption id=\"caption-attachment-7057\" class=\"wp-caption-text\">Festa de Dia dos Mortos<\/figcaption><\/figure>\n<h3 class=\"western\"><b>Onde acontece?<\/b><\/h3>\n<p class=\"western\">A festividade de Dia dos Mortos acontece principalmente no <a href=\"https:\/\/mundosemfim.com\/mochilao-pelo-mexico\/\">M\u00e9xico<\/a> e em algumas regi\u00f5es da Am\u00e9rica Central.<\/p>\n<p class=\"western\">No M\u00e9xico, os lugares onde a festa \u00e9 maior e mais tradicional s\u00e3o os estados de Oaxaca e Michoac\u00e1n (principalmente na regi\u00e3o de P\u00e1tzcuaro). Se tiver a oportunidade, v\u00e1 para restes lugares. N\u00f3s vivenciamos na capital de Oaxaca, e foi espetacular.<\/p>\n<h3 class=\"western\"><b>Quando acontece?<\/b><\/h3>\n<p class=\"western\">O portal para o mundo dos mortos se abre pela primeira vez na noite do dia 31 de outubro para o 1 de novembro. Nesta primeira abertura, somente as crian\u00e7as (<em>angelitos<\/em>) podem passar. Na noite de 1 para 2 de novembro, o portal \u00e9 aberto para os adultos.<\/p>\n<p class=\"western\">Assim, o dia em que a festa est\u00e1 mais interessante \u00e9 o <b>1 de novembro<\/b>. Por\u00e9m, as festividades j\u00e1 se iniciam pelo menos 1 semana antes. Se quiser ver a festa completa, recomendamos chegar desde o dia <b>28 de outubro<\/b>.<\/p>\n<p class=\"jetpack-slideshow-noscript robots-nocontent\">Este slideshow necessita de JavaScript.<\/p><div id=\"gallery-7037-1-slideshow\" class=\"jetpack-slideshow-window jetpack-slideshow jetpack-slideshow-black\" data-trans=\"fade\" data-autostart=\"1\" data-gallery=\"[{&quot;src&quot;:&quot;https:\\\/\\\/i0.wp.com\\\/mundosemfim.com\\\/wp-content\\\/uploads\\\/2017\\\/11\\\/DSC_0042-6.jpg?fit=764%2C510\\u0026ssl=1&quot;,&quot;id&quot;:&quot;7054&quot;,&quot;title&quot;:&quot;Dia dos Mortos, Oaxaca&quot;,&quot;alt&quot;:&quot;Dia dos Mortos, Oaxaca&quot;,&quot;caption&quot;:&quot;Caveira enfeitando a biblioteca de Oaxaca&quot;,&quot;itemprop&quot;:&quot;image&quot;},{&quot;src&quot;:&quot;https:\\\/\\\/i0.wp.com\\\/mundosemfim.com\\\/wp-content\\\/uploads\\\/2017\\\/11\\\/DSC_0059-4.jpg?fit=764%2C509\\u0026ssl=1&quot;,&quot;id&quot;:&quot;7061&quot;,&quot;title&quot;:&quot;Dia dos Mortos, Oaxaca&quot;,&quot;alt&quot;:&quot;Dia dos Mortos, Oaxaca&quot;,&quot;caption&quot;:&quot;Dia dos Mortos&quot;,&quot;itemprop&quot;:&quot;image&quot;},{&quot;src&quot;:&quot;https:\\\/\\\/i0.wp.com\\\/mundosemfim.com\\\/wp-content\\\/uploads\\\/2017\\\/11\\\/DSC_0054-4.jpg?fit=764%2C509\\u0026ssl=1&quot;,&quot;id&quot;:&quot;7059&quot;,&quot;title&quot;:&quot;Dia dos Mortos, Oaxaca&quot;,&quot;alt&quot;:&quot;Dia dos Mortos, Oaxaca&quot;,&quot;caption&quot;:&quot;Festa de Dia dos Mortos&quot;,&quot;itemprop&quot;:&quot;image&quot;}]\" itemscope itemtype=\"https:\/\/schema.org\/ImageGallery\"><\/div>\n<h3 class=\"western\"><b>Dia dos Mortos x Halloween<\/b><\/h3>\n<p class=\"western\">Muitas pessoas confundem o Dia dos Mortos com o Halloween (e a confus\u00e3o \u00e9 ainda maior porque o M\u00e9xico celebra estas duas festas, e as datas s\u00e3o muito pr\u00f3ximas). Mas, apesar de termos visto crian\u00e7as pedindo doce e muita gente fantasiada de bruxa e do palha\u00e7o do filme &#8220;A Coisa&#8221;, a ideia das duas celebra\u00e7\u00f5es \u00e9 muito diferente. No Dia dos Mortos, a ess\u00eancia n\u00e3o \u00e9 o medo, mas sim o entendimento e a venera\u00e7\u00e3o da morte. A abertura do portal \u00e9 uma oportunidade \u00fanica para estarmos perto de nossos parentes que j\u00e1 se foram. Ningu\u00e9m vai ao cemit\u00e9rio pela noite com medo, mas sim com alegria.<\/p>\n<figure id=\"attachment_7056\" aria-describedby=\"caption-attachment-7056\" style=\"width: 800px\" class=\"wp-caption aligncenter\"><a href=\"https:\/\/i0.wp.com\/mundosemfim.com\/wp-content\/uploads\/2017\/11\/DSC_0044-6.jpg?ssl=1\"><img data-recalc-dims=\"1\" loading=\"lazy\" decoding=\"async\" data-attachment-id=\"7056\" data-permalink=\"https:\/\/mundosemfim.com\/?attachment_id=7056\" data-orig-file=\"https:\/\/i0.wp.com\/mundosemfim.com\/wp-content\/uploads\/2017\/11\/DSC_0044-6.jpg?fit=800%2C534&amp;ssl=1\" data-orig-size=\"800,534\" data-comments-opened=\"1\" data-image-meta=\"{&quot;aperture&quot;:&quot;0&quot;,&quot;credit&quot;:&quot;&quot;,&quot;camera&quot;:&quot;&quot;,&quot;caption&quot;:&quot;&quot;,&quot;created_timestamp&quot;:&quot;0&quot;,&quot;copyright&quot;:&quot;&quot;,&quot;focal_length&quot;:&quot;0&quot;,&quot;iso&quot;:&quot;0&quot;,&quot;shutter_speed&quot;:&quot;0&quot;,&quot;title&quot;:&quot;&quot;,&quot;orientation&quot;:&quot;0&quot;}\" data-image-title=\"Dia dos Mortos\" data-image-description=\"&lt;p&gt;Dia dos Mortos, Oaxaca&lt;\/p&gt;\n\" data-image-caption=\"&lt;p&gt;Menino fantasiado do palha\u00e7o do filme &amp;#8220;A Coisa&amp;#8221;&lt;\/p&gt;\n\" data-large-file=\"https:\/\/i0.wp.com\/mundosemfim.com\/wp-content\/uploads\/2017\/11\/DSC_0044-6.jpg?fit=764%2C510&amp;ssl=1\" class=\"size-full wp-image-7056\" src=\"https:\/\/i0.wp.com\/mundosemfim.com\/wp-content\/uploads\/2017\/11\/DSC_0044-6.jpg?resize=764%2C510&#038;ssl=1\" alt=\"Dia dos Mortos, Oaxaca\" width=\"764\" height=\"510\" srcset=\"https:\/\/i0.wp.com\/mundosemfim.com\/wp-content\/uploads\/2017\/11\/DSC_0044-6.jpg?w=800&amp;ssl=1 800w, https:\/\/i0.wp.com\/mundosemfim.com\/wp-content\/uploads\/2017\/11\/DSC_0044-6.jpg?resize=300%2C200&amp;ssl=1 300w, https:\/\/i0.wp.com\/mundosemfim.com\/wp-content\/uploads\/2017\/11\/DSC_0044-6.jpg?resize=768%2C513&amp;ssl=1 768w\" sizes=\"auto, (max-width: 764px) 100vw, 764px\" \/><\/a><figcaption id=\"caption-attachment-7056\" class=\"wp-caption-text\">Menino fantasiado do palha\u00e7o do filme &#8220;A Coisa&#8221;<\/figcaption><\/figure>\n<h3 class=\"western\"><b>Mais sobre a festa:<\/b><\/h3>\n<p class=\"western\">Aqui est\u00e3o algumas caracter\u00edsticas e itens que fazem parte do Dia dos Mortos:<\/p>\n<ul>\n<li>\n<p class=\"western\"><b><i>Veladas:<\/i> <\/b>\u00e9 quando os cemit\u00e9rios e algumas ruas da cidade se enchem de velas. Acontecem nas noites dos dias 31 de outubro e 1 de novembro, justamente quando as pessoas v\u00e3o aos cemit\u00e9rios esperar a vinda de seus entes queridos.<\/p>\n<p><p class=\"jetpack-slideshow-noscript robots-nocontent\">Este slideshow necessita de JavaScript.<\/p><div id=\"gallery-7037-2-slideshow\" class=\"jetpack-slideshow-window jetpack-slideshow jetpack-slideshow-black\" data-trans=\"fade\" data-autostart=\"1\" data-gallery=\"[{&quot;src&quot;:&quot;https:\\\/\\\/i0.wp.com\\\/mundosemfim.com\\\/wp-content\\\/uploads\\\/2017\\\/11\\\/DSC_0061-4.jpg?fit=764%2C510\\u0026ssl=1&quot;,&quot;id&quot;:&quot;7062&quot;,&quot;title&quot;:&quot;Dia dos Mortos, Oaxaca&quot;,&quot;alt&quot;:&quot;Dia dos Mortos, Oaxaca&quot;,&quot;caption&quot;:&quot;Velas que guiam at\\u00e9 o cemit\\u00e9rio&quot;,&quot;itemprop&quot;:&quot;image&quot;},{&quot;src&quot;:&quot;https:\\\/\\\/i0.wp.com\\\/mundosemfim.com\\\/wp-content\\\/uploads\\\/2017\\\/11\\\/DSC_0067-5.jpg?fit=764%2C510\\u0026ssl=1&quot;,&quot;id&quot;:&quot;7066&quot;,&quot;title&quot;:&quot;Dia dos Mortos, Oaxaca&quot;,&quot;alt&quot;:&quot;Dia dos Mortos, Oaxaca&quot;,&quot;caption&quot;:&quot;Banda tocando no cemit\\u00e9rio de Oaxaca&quot;,&quot;itemprop&quot;:&quot;image&quot;},{&quot;src&quot;:&quot;https:\\\/\\\/i0.wp.com\\\/mundosemfim.com\\\/wp-content\\\/uploads\\\/2017\\\/11\\\/DSC_0143.jpg?fit=764%2C509\\u0026ssl=1&quot;,&quot;id&quot;:&quot;7081&quot;,&quot;title&quot;:&quot;Dia dos Mortos, Oaxaca&quot;,&quot;alt&quot;:&quot;Dia dos Mortos, Oaxaca&quot;,&quot;caption&quot;:&quot;T\\u00famulo enfeitado para o Dia dos Mortos&quot;,&quot;itemprop&quot;:&quot;image&quot;},{&quot;src&quot;:&quot;https:\\\/\\\/i0.wp.com\\\/mundosemfim.com\\\/wp-content\\\/uploads\\\/2017\\\/11\\\/DSC_0139.jpg?fit=764%2C509\\u0026ssl=1&quot;,&quot;id&quot;:&quot;7080&quot;,&quot;title&quot;:&quot;Dia dos Mortos&quot;,&quot;alt&quot;:&quot;Dia dos Mortos, Oaxaca&quot;,&quot;caption&quot;:&quot;Cemit\\u00e9rio de Xochimilco pela noite&quot;,&quot;itemprop&quot;:&quot;image&quot;},{&quot;src&quot;:&quot;https:\\\/\\\/i0.wp.com\\\/mundosemfim.com\\\/wp-content\\\/uploads\\\/2017\\\/11\\\/DSC_0115.jpg?fit=764%2C509\\u0026ssl=1&quot;,&quot;id&quot;:&quot;7076&quot;,&quot;title&quot;:&quot;Dia dos Mortos&quot;,&quot;alt&quot;:&quot;Dia dos Mortos, Oaxaca&quot;,&quot;caption&quot;:&quot;Fam\\u00edlia no cemit\\u00e9rio pela noite&quot;,&quot;itemprop&quot;:&quot;image&quot;},{&quot;src&quot;:&quot;https:\\\/\\\/i0.wp.com\\\/mundosemfim.com\\\/wp-content\\\/uploads\\\/2017\\\/11\\\/DSC_0114.jpg?fit=764%2C509\\u0026ssl=1&quot;,&quot;id&quot;:&quot;7075&quot;,&quot;title&quot;:&quot;Dia dos Mortos, Oaxaca&quot;,&quot;alt&quot;:&quot;Dia dos Mortos, Oaxaca&quot;,&quot;caption&quot;:&quot;T\\u00famulo enfeitado para o Dia dos Mortos&quot;,&quot;itemprop&quot;:&quot;image&quot;},{&quot;src&quot;:&quot;https:\\\/\\\/i0.wp.com\\\/mundosemfim.com\\\/wp-content\\\/uploads\\\/2017\\\/11\\\/DSC_0079-4.jpg?fit=764%2C510\\u0026ssl=1&quot;,&quot;id&quot;:&quot;7072&quot;,&quot;title&quot;:&quot;Dia dos Mortos, Oaxaca&quot;,&quot;alt&quot;:&quot;Dia dos Mortos, Oaxaca&quot;,&quot;caption&quot;:&quot;Cemit\\u00e9rio de Xochimilco pela noite&quot;,&quot;itemprop&quot;:&quot;image&quot;}]\" itemscope itemtype=\"https:\/\/schema.org\/ImageGallery\"><\/div><\/li>\n<li>\n<p class=\"western\"><i><b>Comparsas: <\/b><\/i>\u00e9 um grupo de pessoas que desfila pelas ruas da cidade fantasiadas de mortos. Geralmente os desfiles se inauguram no dia 28 de outubro e v\u00e3o at\u00e9 o dia 2 de novembro.<\/p>\n<p><p class=\"jetpack-slideshow-noscript robots-nocontent\">Este slideshow necessita de JavaScript.<\/p><div id=\"gallery-7037-3-slideshow\" class=\"jetpack-slideshow-window jetpack-slideshow jetpack-slideshow-black\" data-trans=\"fade\" data-autostart=\"1\" data-gallery=\"[{&quot;src&quot;:&quot;https:\\\/\\\/i0.wp.com\\\/mundosemfim.com\\\/wp-content\\\/uploads\\\/2017\\\/11\\\/DSC_0017-2.jpg?fit=764%2C509\\u0026ssl=1&quot;,&quot;id&quot;:&quot;7047&quot;,&quot;title&quot;:&quot;Dia dos Mortos&quot;,&quot;alt&quot;:&quot;Dia dos Mortos, Oaxaca&quot;,&quot;caption&quot;:&quot;Comparsa de Dia dos Mortos em Oaxaca&quot;,&quot;itemprop&quot;:&quot;image&quot;},{&quot;src&quot;:&quot;https:\\\/\\\/i0.wp.com\\\/mundosemfim.com\\\/wp-content\\\/uploads\\\/2017\\\/11\\\/DSC_0009-2.jpg?fit=764%2C509\\u0026ssl=1&quot;,&quot;id&quot;:&quot;7043&quot;,&quot;title&quot;:&quot;Dia dos Mortos&quot;,&quot;alt&quot;:&quot;Dia dos Mortos, Oaxaca&quot;,&quot;caption&quot;:&quot;Comparsa desfilando em Oaxaca&quot;,&quot;itemprop&quot;:&quot;image&quot;},{&quot;src&quot;:&quot;https:\\\/\\\/i0.wp.com\\\/mundosemfim.com\\\/wp-content\\\/uploads\\\/2017\\\/11\\\/DSC_0256.jpg?fit=764%2C509\\u0026ssl=1&quot;,&quot;id&quot;:&quot;7086&quot;,&quot;title&quot;:&quot;Dia dos Mortos&quot;,&quot;alt&quot;:&quot;Dia dos Mortos, Oaxaca&quot;,&quot;caption&quot;:&quot;Festa de Dia dos Mortos&quot;,&quot;itemprop&quot;:&quot;image&quot;}]\" itemscope itemtype=\"https:\/\/schema.org\/ImageGallery\"><\/div><\/li>\n<li>\n<p class=\"western\"><i><b>Catrinas e Catrins: <\/b><\/i>as catrinas representam uma mulher morta, sempre bem arrumada com vestidos da elite espanhola. Um catrin \u00e9 a representa\u00e7\u00e3o masculina, geralmente vestindo com um elegante terno. Mas, mesmo que voc\u00ea n\u00e3o tenha uma roupa de gala, \u00e9 poss\u00edvel entrar na brincadeira pintando o rosto de caveira (h\u00e1 v\u00e1rias pessoas na rua que fazem a maquiagem por algo entre 70 e 100 pesos).<\/p>\n<\/li>\n<li>\n<p class=\"western\"><i><b>Pan de muerto: <\/b><\/i>\u00e9 um p\u00e3o doce que representa a eucaristia. Sua massa \u00e9 feita com anis e a cobertura \u00e9 de a\u00e7\u00facar. Pode ser recheado ou n\u00e3o. Durante a festa, \u00e9 vendido em praticamente toda a cidade. Podem vir tanto em um formato simples quanto no formato de caveiras ou figuras religiosas.<\/p>\n<p><p class=\"jetpack-slideshow-noscript robots-nocontent\">Este slideshow necessita de JavaScript.<\/p><div id=\"gallery-7037-4-slideshow\" class=\"jetpack-slideshow-window jetpack-slideshow jetpack-slideshow-black\" data-trans=\"fade\" data-autostart=\"1\" data-gallery=\"[{&quot;src&quot;:&quot;https:\\\/\\\/i0.wp.com\\\/mundosemfim.com\\\/wp-content\\\/uploads\\\/2017\\\/11\\\/DSC_0033-3.jpg?fit=764%2C509\\u0026ssl=1&quot;,&quot;id&quot;:&quot;7050&quot;,&quot;title&quot;:&quot;Dia dos Mortos&quot;,&quot;alt&quot;:&quot;Dia dos Mortos, Oaxaca&quot;,&quot;caption&quot;:&quot;Pan de Muerto em v\\u00e1rios formatos&quot;,&quot;itemprop&quot;:&quot;image&quot;},{&quot;src&quot;:&quot;https:\\\/\\\/i0.wp.com\\\/mundosemfim.com\\\/wp-content\\\/uploads\\\/2017\\\/11\\\/DSC_0003-1.jpg?fit=764%2C509\\u0026ssl=1&quot;,&quot;id&quot;:&quot;7040&quot;,&quot;title&quot;:&quot;Dia dos Mortos&quot;,&quot;alt&quot;:&quot;Dia dos Mortos, Oaxaca&quot;,&quot;caption&quot;:&quot;Pan de Muerto no formato de figuras santas&quot;,&quot;itemprop&quot;:&quot;image&quot;}]\" itemscope itemtype=\"https:\/\/schema.org\/ImageGallery\"><\/div><\/li>\n<li>\n<p class=\"western\"><i><b>Cr\u00e2neos doces: <\/b><\/i>s\u00e3o ossos de cabe\u00e7a feitos de a\u00e7\u00facar. Na testa vem escrito o nome de alguma pessoa morta a quem se quer homenagear. Como brincadeira, tamb\u00e9m \u00e9 comum escreverem o nome de pessoas vivas. Est\u00e3o presentes em praticamente todos os altares.<\/p>\n<\/li>\n<li>\n<p class=\"western\"><i><b>Flor de cempas\u00fachitl: <\/b><\/i>\u00e9 uma flor amarela que representa o sol. No dia dos mortos, estas flores s\u00e3o usadas para adornar os altares, a cidade e os cemit\u00e9rios. Acredita-se que elas servem para guiar as almas at\u00e9 seu antigo lar.<\/p>\n<\/li>\n<li>\n<p class=\"western\"><i><b>Papel picado: <\/b><\/i>s\u00e3o pap\u00e9is coloridos recortados no formato de desenhos e caveiras, e servem para enfeitar tanto os altares quanto as ruas e as casas. Representam a alegria do Dia dos Mortos.<\/p>\n<p><figure id=\"attachment_7073\" aria-describedby=\"caption-attachment-7073\" style=\"width: 800px\" class=\"wp-caption aligncenter\"><a href=\"https:\/\/i0.wp.com\/mundosemfim.com\/wp-content\/uploads\/2017\/11\/DSC_0082-1.jpg?ssl=1\"><img data-recalc-dims=\"1\" loading=\"lazy\" decoding=\"async\" data-attachment-id=\"7073\" data-permalink=\"https:\/\/mundosemfim.com\/?attachment_id=7073\" data-orig-file=\"https:\/\/i0.wp.com\/mundosemfim.com\/wp-content\/uploads\/2017\/11\/DSC_0082-1.jpg?fit=800%2C533&amp;ssl=1\" data-orig-size=\"800,533\" data-comments-opened=\"1\" data-image-meta=\"{&quot;aperture&quot;:&quot;0&quot;,&quot;credit&quot;:&quot;&quot;,&quot;camera&quot;:&quot;&quot;,&quot;caption&quot;:&quot;&quot;,&quot;created_timestamp&quot;:&quot;0&quot;,&quot;copyright&quot;:&quot;&quot;,&quot;focal_length&quot;:&quot;0&quot;,&quot;iso&quot;:&quot;0&quot;,&quot;shutter_speed&quot;:&quot;0&quot;,&quot;title&quot;:&quot;&quot;,&quot;orientation&quot;:&quot;0&quot;}\" data-image-title=\"Dia dos Mortos, Oaxaca\" data-image-description=\"&lt;p&gt;Dia dos Mortos, Oaxaca&lt;\/p&gt;\n\" data-image-caption=\"&lt;p&gt;Papel picado, t\u00edpico desta festa&lt;\/p&gt;\n\" data-large-file=\"https:\/\/i0.wp.com\/mundosemfim.com\/wp-content\/uploads\/2017\/11\/DSC_0082-1.jpg?fit=764%2C509&amp;ssl=1\" class=\"size-full wp-image-7073\" src=\"https:\/\/i0.wp.com\/mundosemfim.com\/wp-content\/uploads\/2017\/11\/DSC_0082-1.jpg?resize=764%2C509&#038;ssl=1\" alt=\"Dia dos Mortos, Oaxaca\" width=\"764\" height=\"509\" srcset=\"https:\/\/i0.wp.com\/mundosemfim.com\/wp-content\/uploads\/2017\/11\/DSC_0082-1.jpg?w=800&amp;ssl=1 800w, https:\/\/i0.wp.com\/mundosemfim.com\/wp-content\/uploads\/2017\/11\/DSC_0082-1.jpg?resize=300%2C200&amp;ssl=1 300w, https:\/\/i0.wp.com\/mundosemfim.com\/wp-content\/uploads\/2017\/11\/DSC_0082-1.jpg?resize=768%2C512&amp;ssl=1 768w\" sizes=\"auto, (max-width: 764px) 100vw, 764px\" \/><\/a><figcaption id=\"caption-attachment-7073\" class=\"wp-caption-text\">Papel picado, t\u00edpico desta festa<\/figcaption><\/figure><\/li>\n<li>\n<p class=\"western\"><i><b>Tapetes: <\/b><\/i>s\u00e3o desenhos feitos sobre t\u00e1buas no ch\u00e3o utilizando areia colorida (escutamos que em alguns lugares utilizam serragem tamb\u00e9m). Geralmente os desenhos formam imagens de santos, simbolizando a influ\u00eancia cat\u00f3lica sobre o Dia dos Mortos.<\/p>\n<p><figure id=\"attachment_7063\" aria-describedby=\"caption-attachment-7063\" style=\"width: 800px\" class=\"wp-caption aligncenter\"><a href=\"https:\/\/i0.wp.com\/mundosemfim.com\/wp-content\/uploads\/2017\/11\/DSC_0063-3.jpg?ssl=1\"><img data-recalc-dims=\"1\" loading=\"lazy\" decoding=\"async\" data-attachment-id=\"7063\" data-permalink=\"https:\/\/mundosemfim.com\/?attachment_id=7063\" data-orig-file=\"https:\/\/i0.wp.com\/mundosemfim.com\/wp-content\/uploads\/2017\/11\/DSC_0063-3.jpg?fit=800%2C533&amp;ssl=1\" data-orig-size=\"800,533\" data-comments-opened=\"1\" data-image-meta=\"{&quot;aperture&quot;:&quot;0&quot;,&quot;credit&quot;:&quot;&quot;,&quot;camera&quot;:&quot;&quot;,&quot;caption&quot;:&quot;&quot;,&quot;created_timestamp&quot;:&quot;0&quot;,&quot;copyright&quot;:&quot;&quot;,&quot;focal_length&quot;:&quot;0&quot;,&quot;iso&quot;:&quot;0&quot;,&quot;shutter_speed&quot;:&quot;0&quot;,&quot;title&quot;:&quot;&quot;,&quot;orientation&quot;:&quot;0&quot;}\" data-image-title=\"Dia dos Mortos, Oaxaca\" data-image-description=\"&lt;p&gt;Dia dos Mortos, Oaxaca&lt;\/p&gt;\n\" data-image-caption=\"&lt;p&gt;Dia dos Mortos&lt;\/p&gt;\n\" data-large-file=\"https:\/\/i0.wp.com\/mundosemfim.com\/wp-content\/uploads\/2017\/11\/DSC_0063-3.jpg?fit=764%2C509&amp;ssl=1\" class=\"size-full wp-image-7063\" src=\"https:\/\/i0.wp.com\/mundosemfim.com\/wp-content\/uploads\/2017\/11\/DSC_0063-3.jpg?resize=764%2C509&#038;ssl=1\" alt=\"Dia dos Mortos, Oaxaca\" width=\"764\" height=\"509\" srcset=\"https:\/\/i0.wp.com\/mundosemfim.com\/wp-content\/uploads\/2017\/11\/DSC_0063-3.jpg?w=800&amp;ssl=1 800w, https:\/\/i0.wp.com\/mundosemfim.com\/wp-content\/uploads\/2017\/11\/DSC_0063-3.jpg?resize=300%2C200&amp;ssl=1 300w, https:\/\/i0.wp.com\/mundosemfim.com\/wp-content\/uploads\/2017\/11\/DSC_0063-3.jpg?resize=768%2C512&amp;ssl=1 768w\" sizes=\"auto, (max-width: 764px) 100vw, 764px\" \/><\/a><figcaption id=\"caption-attachment-7063\" class=\"wp-caption-text\">Os tapetes t\u00edpicos do Dia dos Mortos<\/figcaption><\/figure><\/li>\n<li>\n<p class=\"western\"><i><b>Comidas, bebidas, etc: <\/b><\/i>os altares sempre s\u00e3o adornados com comidas e bebidas. Al\u00e9m das t\u00edpicas que j\u00e1 citamos, \u00e9 comum colorarem tamb\u00e9m aquelas que eram as favoritas de quem se est\u00e1 homenageando. Se o morto for um adulto, garrafas de tequila e cerveja n\u00e3o faltar\u00e3o.<\/p>\n<p><p class=\"jetpack-slideshow-noscript robots-nocontent\">Este slideshow necessita de JavaScript.<\/p><div id=\"gallery-7037-5-slideshow\" class=\"jetpack-slideshow-window jetpack-slideshow jetpack-slideshow-black\" data-trans=\"fade\" data-autostart=\"1\" data-gallery=\"[{&quot;src&quot;:&quot;https:\\\/\\\/i0.wp.com\\\/mundosemfim.com\\\/wp-content\\\/uploads\\\/2017\\\/11\\\/DSC_0150.jpg?fit=764%2C509\\u0026ssl=1&quot;,&quot;id&quot;:&quot;7083&quot;,&quot;title&quot;:&quot;Dia dos Mortos&quot;,&quot;alt&quot;:&quot;Dia dos Mortos, Oaxaca&quot;,&quot;caption&quot;:&quot;Altar de Dia dos Mortos&quot;,&quot;itemprop&quot;:&quot;image&quot;},{&quot;src&quot;:&quot;https:\\\/\\\/i0.wp.com\\\/mundosemfim.com\\\/wp-content\\\/uploads\\\/2017\\\/11\\\/DSC_0086-3.jpg?fit=764%2C509\\u0026ssl=1&quot;,&quot;id&quot;:&quot;7074&quot;,&quot;title&quot;:&quot;Dia dos Mortos, Oaxaca&quot;,&quot;alt&quot;:&quot;Dia dos Mortos, Oaxaca&quot;,&quot;caption&quot;:&quot;Belo altar de Dia dos Mortos&quot;,&quot;itemprop&quot;:&quot;image&quot;},{&quot;src&quot;:&quot;https:\\\/\\\/i0.wp.com\\\/mundosemfim.com\\\/wp-content\\\/uploads\\\/2017\\\/11\\\/DSC_0009-7.jpg?fit=764%2C509\\u0026ssl=1&quot;,&quot;id&quot;:&quot;7045&quot;,&quot;title&quot;:&quot;Dia dos Mortos&quot;,&quot;alt&quot;:&quot;Dia dos Mortos, Oaxaca&quot;,&quot;caption&quot;:&quot;Altar de Dia dos Mortos em Oaxaca&quot;,&quot;itemprop&quot;:&quot;image&quot;},{&quot;src&quot;:&quot;https:\\\/\\\/i0.wp.com\\\/mundosemfim.com\\\/wp-content\\\/uploads\\\/2017\\\/11\\\/DSC_0007-7.jpg?fit=764%2C509\\u0026ssl=1&quot;,&quot;id&quot;:&quot;7042&quot;,&quot;title&quot;:&quot;Dia dos Mortos&quot;,&quot;alt&quot;:&quot;Dia dos Mortos, Oaxaca&quot;,&quot;caption&quot;:&quot;Altar de Dia dos Mortos&quot;,&quot;itemprop&quot;:&quot;image&quot;}]\" itemscope itemtype=\"https:\/\/schema.org\/ImageGallery\"><\/div><\/li>\n<\/ul>\n<p class=\"western\">Al\u00e9m destes, h\u00e1 muitos outros elementos que fazem parte desta celebra\u00e7\u00e3o. Para conhecer todos, s\u00f3 participando mesmo!<\/p>\n<h3 class=\"western\"><b>Dia dos Mortos em Oaxaca<\/b><\/h3>\n<p class=\"western\">N\u00f3s chegamos a Oaxaca no dia 27 de outubro pela noite. A cidade j\u00e1 estava bastante animada, mas as festividades s\u00f3 come\u00e7aram mesmo no dia seguinte, quando as primeiras comparsas sa\u00edram para desfilar.<\/p>\n<p class=\"western\">A partir de ent\u00e3o, era festa todos os dias. Al\u00e9m disso, eventos como apresenta\u00e7\u00f5es teatrais, cinemas gratuitos, shows de luzes e muito mais eram frequentes. H\u00e1 cartazes espalhados por toda a cidade com os hor\u00e1rios destes eventos, mas voc\u00ea tamb\u00e9m pode acompanhar pelo site <a href=\"http:\/\/www.viveoaxaca.org\/\"><b>www.viveoaxaca.org<\/b><\/a>.<\/p>\n<p class=\"western\">As principais festividades aconteciam ao longo da rua <i>Macedonio Alcal\u00e1<\/i>, entre o z\u00f3calo e a Igreja de Santo Domingo. Se puder se hospedar nesta regi\u00e3o, \u00e9 uma boa.<\/p>\n<p class=\"jetpack-slideshow-noscript robots-nocontent\">Este slideshow necessita de JavaScript.<\/p><div id=\"gallery-7037-6-slideshow\" class=\"jetpack-slideshow-window jetpack-slideshow jetpack-slideshow-black\" data-trans=\"fade\" data-autostart=\"1\" data-gallery=\"[{&quot;src&quot;:&quot;https:\\\/\\\/i0.wp.com\\\/mundosemfim.com\\\/wp-content\\\/uploads\\\/2017\\\/11\\\/DSC_0075-3.jpg?fit=764%2C509\\u0026ssl=1&quot;,&quot;id&quot;:&quot;7070&quot;,&quot;title&quot;:&quot;Dia dos Mortos, Oaxaca&quot;,&quot;alt&quot;:&quot;Dia dos Mortos, Oaxaca&quot;,&quot;caption&quot;:&quot;Mucuvinha com um \\u0026#8220;morto\\u0026#8221;&quot;,&quot;itemprop&quot;:&quot;image&quot;},{&quot;src&quot;:&quot;https:\\\/\\\/i0.wp.com\\\/mundosemfim.com\\\/wp-content\\\/uploads\\\/2017\\\/11\\\/DSC_0076-3.jpg?fit=764%2C509\\u0026ssl=1&quot;,&quot;id&quot;:&quot;7071&quot;,&quot;title&quot;:&quot;Dia dos Mortos, Oaxaca&quot;,&quot;alt&quot;:&quot;Dia dos Mortos, Oaxaca&quot;,&quot;caption&quot;:&quot;Dia dos Mortos, Oaxaca&quot;,&quot;itemprop&quot;:&quot;image&quot;},{&quot;src&quot;:&quot;https:\\\/\\\/i0.wp.com\\\/mundosemfim.com\\\/wp-content\\\/uploads\\\/2017\\\/11\\\/DSC_0072-4.jpg?fit=764%2C509\\u0026ssl=1&quot;,&quot;id&quot;:&quot;7069&quot;,&quot;title&quot;:&quot;Dia dos Mortos, Oaxaca&quot;,&quot;alt&quot;:&quot;Dia dos Mortos, Oaxaca&quot;,&quot;caption&quot;:&quot;Com as bruxas\\u0026#8230;&quot;,&quot;itemprop&quot;:&quot;image&quot;},{&quot;src&quot;:&quot;https:\\\/\\\/i0.wp.com\\\/mundosemfim.com\\\/wp-content\\\/uploads\\\/2017\\\/11\\\/DSC_0063-5.jpg?fit=764%2C510\\u0026ssl=1&quot;,&quot;id&quot;:&quot;7064&quot;,&quot;title&quot;:&quot;Dia dos Mortos, Oaxaca&quot;,&quot;alt&quot;:&quot;Dia dos Mortos, Oaxaca&quot;,&quot;caption&quot;:&quot;Casa enfeitada para o Dia dos Mortos&quot;,&quot;itemprop&quot;:&quot;image&quot;}]\" itemscope itemtype=\"https:\/\/schema.org\/ImageGallery\"><\/div>\n<p class=\"western\">A <i>velada<\/i> acontece em v\u00e1rios cemit\u00e9rios. A principal costuma acontecer no <i>Pante\u00f3n General<\/i>, mas como este foi bastante danificado por um terremoto que aconteceu meses antes, ela acabou sendo transferida para o cemit\u00e9rio de Xochimilco (ao lado da igreja de Santo Tom\u00e1s Xochimilco). Apesar de parecer longe, \u00e9 bem tranquilo e seguro ir e voltar de l\u00e1 a p\u00e9 pela noite.<\/p>\n<p class=\"western\">Se voc\u00ea quiser fazer um passeio por v\u00e1rios cemit\u00e9rios, praticamente todas as ag\u00eancias vendem tours por pre\u00e7os na faixa de 550 pesos (100 reais). Estes tours saem por volta das 23h e voltam depois da 1h da manh\u00e3.<\/p>\n<p class=\"jetpack-slideshow-noscript robots-nocontent\">Este slideshow necessita de JavaScript.<\/p><div id=\"gallery-7037-7-slideshow\" class=\"jetpack-slideshow-window jetpack-slideshow jetpack-slideshow-black\" data-trans=\"fade\" data-autostart=\"1\" data-gallery=\"[{&quot;src&quot;:&quot;https:\\\/\\\/i0.wp.com\\\/mundosemfim.com\\\/wp-content\\\/uploads\\\/2017\\\/11\\\/DSC_0069-3.jpg?fit=764%2C509\\u0026ssl=1&quot;,&quot;id&quot;:&quot;7067&quot;,&quot;title&quot;:&quot;Dia dos Mortos, Oaxaca&quot;,&quot;alt&quot;:&quot;Dia dos Mortos, Oaxaca&quot;,&quot;caption&quot;:&quot;Crian\\u00e7a pintando o rosto para o Dia dos Mortos&quot;,&quot;itemprop&quot;:&quot;image&quot;},{&quot;src&quot;:&quot;https:\\\/\\\/i0.wp.com\\\/mundosemfim.com\\\/wp-content\\\/uploads\\\/2017\\\/11\\\/DSC_0041-5.jpg?fit=764%2C509\\u0026ssl=1&quot;,&quot;id&quot;:&quot;7052&quot;,&quot;title&quot;:&quot;Dia dos Mortos&quot;,&quot;alt&quot;:&quot;Dia dos Mortos, Oaxaca&quot;,&quot;caption&quot;:&quot;Dia dos Mortos, Oaxaca&quot;,&quot;itemprop&quot;:&quot;image&quot;},{&quot;src&quot;:&quot;https:\\\/\\\/i0.wp.com\\\/mundosemfim.com\\\/wp-content\\\/uploads\\\/2017\\\/11\\\/DSC_0003-6.jpg?fit=764%2C509\\u0026ssl=1&quot;,&quot;id&quot;:&quot;7039&quot;,&quot;title&quot;:&quot;Dia dos Mortos&quot;,&quot;alt&quot;:&quot;Dia dos Mortos, Oaxaca&quot;,&quot;caption&quot;:&quot;Um esqueleto b\\u00eabado no Dia dos Mortos&quot;,&quot;itemprop&quot;:&quot;image&quot;},{&quot;src&quot;:&quot;https:\\\/\\\/i0.wp.com\\\/mundosemfim.com\\\/wp-content\\\/uploads\\\/2017\\\/11\\\/DSC_0044-5.jpg?fit=764%2C509\\u0026ssl=1&quot;,&quot;id&quot;:&quot;7055&quot;,&quot;title&quot;:&quot;Dia dos Mortos, Oaxaca&quot;,&quot;alt&quot;:&quot;Dia dos Mortos, Oaxaca&quot;,&quot;caption&quot;:&quot;Pai e filho fantasiados&quot;,&quot;itemprop&quot;:&quot;image&quot;}]\" itemscope itemtype=\"https:\/\/schema.org\/ImageGallery\"><\/div>\n<p class=\"western\">A festa \u00e9 bem animada, principalmente pela noite. Achamos bastante segura, mesmo para andar com crian\u00e7as ou com uma c\u00e2mera pendurada no pesco\u00e7o. Vale a pena visitar algumas cidades menores vizinhas para ver como \u00e9 a festa por l\u00e1.<\/p>\n<p class=\"western\">Vale lembrar que, apesar de em muitos aspectos os desfiles parecerem carnavais, no M\u00e9xico \u00e9 ilegal beber na rua, e este crime \u00e9 punido com cadeia. Mesmo que voc\u00ea veja outras pessoas fazendo o mesmo, recomendamos ter cautela. Deixe para beber no hotel ou em algum bar para evitar problemas.<\/p>\n<p class=\"jetpack-slideshow-noscript robots-nocontent\">Este slideshow necessita de JavaScript.<\/p><div id=\"gallery-7037-8-slideshow\" class=\"jetpack-slideshow-window jetpack-slideshow jetpack-slideshow-black\" data-trans=\"fade\" data-autostart=\"1\" data-gallery=\"[{&quot;src&quot;:&quot;https:\\\/\\\/i0.wp.com\\\/mundosemfim.com\\\/wp-content\\\/uploads\\\/2017\\\/11\\\/DSC_0072-3.jpg?fit=764%2C509\\u0026ssl=1&quot;,&quot;id&quot;:&quot;7068&quot;,&quot;title&quot;:&quot;Dia dos Mortos, Oaxaca&quot;,&quot;alt&quot;:&quot;Dia dos Mortos, Oaxaca&quot;,&quot;caption&quot;:&quot;Evento de teatro gratuito em uma pra\\u00e7a de Oaxaca&quot;,&quot;itemprop&quot;:&quot;image&quot;},{&quot;src&quot;:&quot;https:\\\/\\\/i0.wp.com\\\/mundosemfim.com\\\/wp-content\\\/uploads\\\/2017\\\/11\\\/DSC_0131-2.jpg?fit=764%2C509\\u0026ssl=1&quot;,&quot;id&quot;:&quot;7078&quot;,&quot;title&quot;:&quot;Dia dos Mortos, Oaxaca&quot;,&quot;alt&quot;:&quot;Dia dos Mortos, Oaxaca&quot;,&quot;caption&quot;:&quot;Show de luzes&quot;,&quot;itemprop&quot;:&quot;image&quot;},{&quot;src&quot;:&quot;https:\\\/\\\/i0.wp.com\\\/mundosemfim.com\\\/wp-content\\\/uploads\\\/2017\\\/11\\\/DSC_0135-2.jpg?fit=764%2C509\\u0026ssl=1&quot;,&quot;id&quot;:&quot;7079&quot;,&quot;title&quot;:&quot;Dia dos Mortos&quot;,&quot;alt&quot;:&quot;Dia dos Mortos, Oaxaca&quot;,&quot;caption&quot;:&quot;Show de Dia dos Mortos&quot;,&quot;itemprop&quot;:&quot;image&quot;},{&quot;src&quot;:&quot;https:\\\/\\\/i0.wp.com\\\/mundosemfim.com\\\/wp-content\\\/uploads\\\/2017\\\/11\\\/DSC_0056-5.jpg?fit=764%2C510\\u0026ssl=1&quot;,&quot;id&quot;:&quot;7060&quot;,&quot;title&quot;:&quot;Dia dos Mortos, Oaxaca&quot;,&quot;alt&quot;:&quot;Dia dos Mortos, Oaxaca&quot;,&quot;caption&quot;:&quot;Um dos v\\u00e1rios eventos que ocorrem pela cidade&quot;,&quot;itemprop&quot;:&quot;image&quot;}]\" itemscope itemtype=\"https:\/\/schema.org\/ImageGallery\"><\/div>\n<h3><strong>Turistas s\u00e3o bem-vindos?<\/strong><\/h3>\n<p>Esse era um receio que t\u00ednhamos antes de ir. Ainda que a festa j\u00e1 tenha se tornado bastante tur\u00edstica, ser\u00e1 que n\u00e3o estar\u00edamos invadindo o espa\u00e7o e a privacidade das pessoas locais? N\u00e3o seria um inc\u00f4modo entrarmos em um cemit\u00e9rio com as c\u00e2meras na m\u00e3o?<\/p>\n<p>Felizmente, percebemos que turistas s\u00e3o muito bem-vindos sim. \u00c9 claro que \u00e9 importante ter respeito e pedir autoriza\u00e7\u00e3o se quiser tirar fotos do t\u00famulo de algu\u00e9m, mas com toda a certeza voc\u00ea ser\u00e1 autorizado. De fato, percebemos que os mexicanos t\u00eam muito orgulho e gostam que o mundo veja como \u00e9 a sua tradi\u00e7\u00e3o. V\u00e1rias vezes, no cemit\u00e9rio, fomos convidados a tomar uns goles de tequila e a conversar com as fam\u00edlias que estavam ali (e, quando cont\u00e1vamos que \u00e9ramos brasileiros, todos ficavam bastante animados).<\/p>\n<figure id=\"attachment_7065\" aria-describedby=\"caption-attachment-7065\" style=\"width: 533px\" class=\"wp-caption aligncenter\"><a href=\"https:\/\/i0.wp.com\/mundosemfim.com\/wp-content\/uploads\/2017\/11\/DSC_0067-4-e1510370762117.jpg?ssl=1\"><img data-recalc-dims=\"1\" loading=\"lazy\" decoding=\"async\" data-attachment-id=\"7065\" data-permalink=\"https:\/\/mundosemfim.com\/?attachment_id=7065\" data-orig-file=\"https:\/\/i0.wp.com\/mundosemfim.com\/wp-content\/uploads\/2017\/11\/DSC_0067-4-e1510370762117.jpg?fit=533%2C800&amp;ssl=1\" data-orig-size=\"533,800\" data-comments-opened=\"1\" data-image-meta=\"{&quot;aperture&quot;:&quot;0&quot;,&quot;credit&quot;:&quot;&quot;,&quot;camera&quot;:&quot;&quot;,&quot;caption&quot;:&quot;&quot;,&quot;created_timestamp&quot;:&quot;0&quot;,&quot;copyright&quot;:&quot;&quot;,&quot;focal_length&quot;:&quot;0&quot;,&quot;iso&quot;:&quot;0&quot;,&quot;shutter_speed&quot;:&quot;0&quot;,&quot;title&quot;:&quot;&quot;,&quot;orientation&quot;:&quot;0&quot;}\" data-image-title=\"Dia dos Mortos, Oaxaca\" data-image-description=\"&lt;p&gt;Dia dos Mortos, Oaxaca&lt;\/p&gt;\n\" data-image-caption=\"&lt;p&gt;Mucuvinha com uma pequena Catrina&lt;\/p&gt;\n\" data-large-file=\"https:\/\/i0.wp.com\/mundosemfim.com\/wp-content\/uploads\/2017\/11\/DSC_0067-4-e1510370762117.jpg?fit=533%2C800&amp;ssl=1\" class=\"size-full wp-image-7065\" src=\"https:\/\/i0.wp.com\/mundosemfim.com\/wp-content\/uploads\/2017\/11\/DSC_0067-4-e1510370762117.jpg?resize=533%2C800&#038;ssl=1\" alt=\"Dia dos Mortos, Oaxaca\" width=\"533\" height=\"800\" srcset=\"https:\/\/i0.wp.com\/mundosemfim.com\/wp-content\/uploads\/2017\/11\/DSC_0067-4-e1510370762117.jpg?w=533&amp;ssl=1 533w, https:\/\/i0.wp.com\/mundosemfim.com\/wp-content\/uploads\/2017\/11\/DSC_0067-4-e1510370762117.jpg?resize=200%2C300&amp;ssl=1 200w\" sizes=\"auto, (max-width: 533px) 100vw, 533px\" \/><\/a><figcaption id=\"caption-attachment-7065\" class=\"wp-caption-text\">Mucuvinha com uma pequena Catrina<\/figcaption><\/figure>\n<h3 class=\"western\"><b>Onde nos hospedamos<\/b><\/h3>\n<p class=\"western\">N\u00f3s ficamos no hotel Zipolite (Rua Arteaga, 100), que foi a \u00fanica op\u00e7\u00e3o econ\u00f4mica que conseguimos para estes dias (57 reais por um quarto de casal). Importante reservar com anteced\u00eancia. O hotel n\u00e3o \u00e9 bom, mas quebra um galho e est\u00e1 muito bem localizado. Na rua dele tinha outras op\u00e7\u00f5es tamb\u00e9m que pareciam ser econ\u00f4micas.<\/p>\n<p class=\"western\">Se quiser reservar um hotel em Oaxaca, pode fazer a busca por aqui:<\/p>\n<p><ins class=\"bookingaff\" data-aid=\"1161710\" data-target_aid=\"1152681\" data-prod=\"nsb\" data-width=\"400\" data-height=\"300\"><br \/>\n<!-- Anything inside will go away once widget is loaded. --><br \/>\n<a href=\"\/\/www.booking.com?aid=1152681\">Booking.com<\/a><br \/>\n<\/ins><br \/>\n<script type=\"text\/javascript\">\n    (function(d, sc, u) {\n      var s = d.createElement(sc), p = d.getElementsByTagName(sc)[0];\n      s.type = 'text\/javascript';\n      s.async = true;\n      s.src = u + '?v=' + (+new Date());\n      p.parentNode.insertBefore(s,p);\n      })(document, 'script', '\/\/aff.bstatic.com\/static\/affiliate_base\/js\/flexiproduct.js');\n<\/script><\/p>\n<h3 class=\"western\"><b>Onde comer?<\/b><\/h3>\n<p class=\"western\">Ao redor do Z\u00f3calo h\u00e1 uma infinidade de restaurantes tur\u00edsticos. Se quiser algo mais econ\u00f4mico (e mais tradicional), o mercado <i>20 de Noviembre<\/i> \u00e9 uma boa pedida. H\u00e1 v\u00e1rias op\u00e7\u00f5es de pratos a partir de 50 pesos (9 reais).<\/p>\n<p class=\"western\">Neste mercado h\u00e1 um corredor onde vendem churrasco assado na hora. O quilo da carne (preparada) sai por algo entre 150 e 200 pesos (30 a 40 reais). Al\u00e9m da carne, \u00e9 opcional comprar acompanhamentos, como tortilhas, guacamole, salada, pimenta, etc (15 pesos \u2013 3 reais \u2013 cada um).<\/p>\n<p class=\"jetpack-slideshow-noscript robots-nocontent\">Este slideshow necessita de JavaScript.<\/p><div id=\"gallery-7037-9-slideshow\" class=\"jetpack-slideshow-window jetpack-slideshow jetpack-slideshow-black\" data-trans=\"fade\" data-autostart=\"1\" data-gallery=\"[{&quot;src&quot;:&quot;https:\\\/\\\/i0.wp.com\\\/mundosemfim.com\\\/wp-content\\\/uploads\\\/2017\\\/11\\\/DSC_0009-3.jpg?fit=764%2C509\\u0026ssl=1&quot;,&quot;id&quot;:&quot;7044&quot;,&quot;title&quot;:&quot;Oaxaca&quot;,&quot;alt&quot;:&quot;Dia dos Mortos, Oaxaca&quot;,&quot;caption&quot;:&quot;Almo\\u00e7ando no Mercado de Oaxaca&quot;,&quot;itemprop&quot;:&quot;image&quot;},{&quot;src&quot;:&quot;https:\\\/\\\/i0.wp.com\\\/mundosemfim.com\\\/wp-content\\\/uploads\\\/2017\\\/11\\\/DSC_0014-3.jpg?fit=764%2C509\\u0026ssl=1&quot;,&quot;id&quot;:&quot;7046&quot;,&quot;title&quot;:&quot;Oaxaca&quot;,&quot;alt&quot;:&quot;Oaxaca, M\\u00e9xico&quot;,&quot;caption&quot;:&quot;Corredor onde se pode comer boa carne no mercado de Oaxaca&quot;,&quot;itemprop&quot;:&quot;image&quot;},{&quot;src&quot;:&quot;https:\\\/\\\/i0.wp.com\\\/mundosemfim.com\\\/wp-content\\\/uploads\\\/2017\\\/11\\\/DSC_0002-7.jpg?fit=764%2C509\\u0026ssl=1&quot;,&quot;id&quot;:&quot;7038&quot;,&quot;title&quot;:&quot;Oaxaca&quot;,&quot;alt&quot;:&quot;Tlayuda, prato t\\u00edpico de Oaxaca. 50 pesos.&quot;,&quot;caption&quot;:&quot;Tlayuda, prato t\\u00edpico de Oaxaca. 50 pesos.&quot;,&quot;itemprop&quot;:&quot;image&quot;}]\" itemscope itemtype=\"https:\/\/schema.org\/ImageGallery\"><\/div>\n<p class=\"western\">Se quiser algo ainda mais econ\u00f4mico, nos arredores do mercado h\u00e1 restaurantes que servem menus a partir de 30 pesos (pouco menos de 6 reais).<\/p>\n<h3 class=\"western\"><b>Hierve el \u00c1gua<\/b><\/h3>\n<p class=\"western\">Se estiver em Oaxaca (seja no Dia dos Mortos ou n\u00e3o), n\u00e3o deixe de dar um pulo no Hierve el \u00c1gua, uma das principais atra\u00e7\u00f5es naturais do M\u00e9xico. Leia nosso post completo aqui contando como \u00e9:<\/p>\n<ul>\n<li>\n<p class=\"western\"><a href=\"https:\/\/mundosemfim.com\/hierve-el-agua-conheca-e-aprenda-chegar-por-conta-propria-oaxaca\/\">Conhecendo o Hierve el \u00c1gua<\/a><\/p>\n<\/li>\n<\/ul>\n<p class=\"jetpack-slideshow-noscript robots-nocontent\">Este slideshow necessita de JavaScript.<\/p><div id=\"gallery-7037-10-slideshow\" class=\"jetpack-slideshow-window jetpack-slideshow jetpack-slideshow-black\" data-trans=\"fade\" data-autostart=\"1\" data-gallery=\"[{&quot;src&quot;:&quot;https:\\\/\\\/i0.wp.com\\\/mundosemfim.com\\\/wp-content\\\/uploads\\\/2017\\\/11\\\/DSC_0138-e1509756547225.jpg?fit=533%2C800\\u0026ssl=1&quot;,&quot;id&quot;:&quot;7026&quot;,&quot;title&quot;:&quot;Hierve el \\u00c1gua&quot;,&quot;alt&quot;:&quot;Embaixo das Cascatas Petrificadas - Hierve el \\u00c1gua&quot;,&quot;caption&quot;:&quot;Embaixo das Cascatas Petrificadas \\u0026#8211; Hierve el \\u00c1gua&quot;,&quot;itemprop&quot;:&quot;image&quot;},{&quot;src&quot;:&quot;https:\\\/\\\/i0.wp.com\\\/mundosemfim.com\\\/wp-content\\\/uploads\\\/2017\\\/11\\\/DSC_0146.jpg?fit=764%2C509\\u0026ssl=1&quot;,&quot;id&quot;:&quot;7027&quot;,&quot;title&quot;:&quot;Hierve el \\u00c1gua&quot;,&quot;alt&quot;:&quot;Hierve el \\u00c1gua&quot;,&quot;caption&quot;:&quot;Piscina natural&quot;,&quot;itemprop&quot;:&quot;image&quot;},{&quot;src&quot;:&quot;https:\\\/\\\/i0.wp.com\\\/mundosemfim.com\\\/wp-content\\\/uploads\\\/2017\\\/11\\\/DSC_0121.jpg?fit=764%2C509\\u0026ssl=1&quot;,&quot;id&quot;:&quot;7023&quot;,&quot;title&quot;:&quot;Hierve el \\u00c1gua&quot;,&quot;alt&quot;:&quot;Cascatas petrificadas - Hierve el \\u00c1gua&quot;,&quot;caption&quot;:&quot;Cascatas petrificadas&quot;,&quot;itemprop&quot;:&quot;image&quot;},{&quot;src&quot;:&quot;https:\\\/\\\/i0.wp.com\\\/mundosemfim.com\\\/wp-content\\\/uploads\\\/2017\\\/11\\\/DSC_0108.jpg?fit=764%2C509\\u0026ssl=1&quot;,&quot;id&quot;:&quot;7019&quot;,&quot;title&quot;:&quot;Hierve el \\u00c1gua&quot;,&quot;alt&quot;:&quot;Hierve el \\u00c1gua&quot;,&quot;caption&quot;:&quot;Piscinas naturais vistas de longe&quot;,&quot;itemprop&quot;:&quot;image&quot;},{&quot;src&quot;:&quot;https:\\\/\\\/i0.wp.com\\\/mundosemfim.com\\\/wp-content\\\/uploads\\\/2017\\\/11\\\/DSC_0112.jpg?fit=764%2C509\\u0026ssl=1&quot;,&quot;id&quot;:&quot;7020&quot;,&quot;title&quot;:&quot;Hierve el \\u00c1gua&quot;,&quot;alt&quot;:&quot;Hierve el \\u00c1gua&quot;,&quot;caption&quot;:&quot;Piscinas naturais vistas de cima da Cascata Petrificada&quot;,&quot;itemprop&quot;:&quot;image&quot;},{&quot;src&quot;:&quot;https:\\\/\\\/i0.wp.com\\\/mundosemfim.com\\\/wp-content\\\/uploads\\\/2017\\\/11\\\/DSC_0072.jpg?fit=764%2C509\\u0026ssl=1&quot;,&quot;id&quot;:&quot;7013&quot;,&quot;title&quot;:&quot;Hierve el \\u00c1gua&quot;,&quot;alt&quot;:&quot;Cascata petrificada - Hierve el \\u00c1gua&quot;,&quot;caption&quot;:&quot;Cascata petrificada&quot;,&quot;itemprop&quot;:&quot;image&quot;},{&quot;src&quot;:&quot;https:\\\/\\\/i0.wp.com\\\/mundosemfim.com\\\/wp-content\\\/uploads\\\/2017\\\/11\\\/DSC_0093.jpg?fit=764%2C509\\u0026ssl=1&quot;,&quot;id&quot;:&quot;7016&quot;,&quot;title&quot;:&quot;Hierve el \\u00c1gua&quot;,&quot;alt&quot;:&quot;Piscina natural no Hierve el \\u00c1gua&quot;,&quot;caption&quot;:&quot;Piscina natural do Hierve el \\u00c1gua&quot;,&quot;itemprop&quot;:&quot;image&quot;},{&quot;src&quot;:&quot;https:\\\/\\\/i0.wp.com\\\/mundosemfim.com\\\/wp-content\\\/uploads\\\/2017\\\/11\\\/DSC_0070.jpg?fit=764%2C509\\u0026ssl=1&quot;,&quot;id&quot;:&quot;7012&quot;,&quot;title&quot;:&quot;Hierve el \\u00c1gua&quot;,&quot;alt&quot;:&quot;Mucuvinha no Hierve el \\u00c1gua&quot;,&quot;caption&quot;:&quot;Mucuvinha no Hierve el \\u00c1gua&quot;,&quot;itemprop&quot;:&quot;image&quot;}]\" itemscope itemtype=\"https:\/\/schema.org\/ImageGallery\"><\/div>\n<p class=\"western\">\u00c9 isso, pessoal! Curtiram a tradi\u00e7\u00e3o do Dia dos Mortos?<\/p>\n<p>Se quiserem saber mais sobre o M\u00e9xico, leiam nosso post completo sobre o pa\u00eds aqui:<\/p>\n<ul>\n<li><a href=\"https:\/\/mundosemfim.com\/mochilao-pelo-mexico\/\"><strong>Mochil\u00e3o pelo M\u00e9xico &#8211; dicas, valores, roteiros, fotos, etc<\/strong><\/a><\/li>\n<\/ul>\n<p class=\"western\">Para conhecer mais festas bacanas sobre o mundo, curtam nossa p\u00e1gina no face:<br \/>\n<a href=\"http:\/\/www.facebook.com\/mundosemfimoficial\">www.facebook.com\/mundosemfimoficial<\/a><\/p>\n","protected":false},"excerpt":{"rendered":"<p>Quer viver uma das melhores experi\u00eancias que o M\u00e9xico tem para oferecer? Ent\u00e3o passe o dia dos mortos em Oaxaca. Aqui contamos como \u00e9!<\/p>\n","protected":false},"author":1,"featured_media":7039,"comment_status":"open","ping_status":"open","sticky":false,"template":"","format":"standard","meta":{"jetpack_post_was_ever_published":false,"_jetpack_newsletter_access":"","_jetpack_dont_email_post_to_subs":false,"_jetpack_newsletter_tier_id":0,"_jetpack_memberships_contains_paywalled_content":false,"_jetpack_memberships_contains_paid_content":false,"footnotes":"","jetpack_publicize_message":"","jetpack_publicize_feature_enabled":true,"jetpack_social_post_already_shared":true,"jetpack_social_options":{"image_generator_settings":{"template":"highway","default_image_id":0,"font":"","enabled":false},"version":2}},"categories":[431,7,16,320,572,371,35,432,476,237,61],"tags":[477],"class_list":["post-7037","post","type-post","status-publish","format-standard","has-post-thumbnail","hentry","category-america-do-norte","category-america-latina","category-cidade","category-colonial","category-entretenimento","category-festival","category-historia","category-mexico","category-oaxaca","category-patrimonios-e-maravilhas","category-unesco","tag-dia-dos-mortos"],"yoast_head":"<!-- This site is optimized with the Yoast SEO plugin v27.5 - https:\/\/yoast.com\/product\/yoast-seo-wordpress\/ -->\n<title>Vivendo o Dia dos Mortos em Oaxaca (M\u00e9xico) - Mundo Sem Fim<\/title>\n<meta name=\"robots\" content=\"index, follow, max-snippet:-1, max-image-preview:large, max-video-preview:-1\" \/>\n<link rel=\"canonical\" href=\"https:\/\/mundosemfim.com\/?p=7037\" \/>\n<meta property=\"og:locale\" content=\"pt_BR\" \/>\n<meta property=\"og:type\" content=\"article\" \/>\n<meta property=\"og:title\" content=\"Vivendo o Dia dos Mortos em Oaxaca (M\u00e9xico) - Mundo Sem Fim\" \/>\n<meta property=\"og:description\" content=\"Quer viver uma das melhores experi\u00eancias que o M\u00e9xico tem para oferecer? Ent\u00e3o passe o dia dos mortos em Oaxaca. Aqui contamos como \u00e9!\" \/>\n<meta property=\"og:url\" content=\"https:\/\/mundosemfim.com\/?p=7037\" \/>\n<meta property=\"og:site_name\" content=\"Mundo Sem Fim\" \/>\n<meta property=\"article:publisher\" content=\"http:\/\/www.facebook.com\/mundosemfimoficial\" \/>\n<meta property=\"article:published_time\" content=\"2017-11-11T03:59:31+00:00\" \/>\n<meta property=\"article:modified_time\" content=\"2019-02-12T12:02:33+00:00\" \/>\n<meta property=\"og:image\" content=\"https:\/\/i0.wp.com\/mundosemfim.com\/wp-content\/uploads\/2017\/11\/DSC_0003-6.jpg?fit=800%2C533&ssl=1\" \/>\n\t<meta property=\"og:image:width\" content=\"800\" \/>\n\t<meta property=\"og:image:height\" content=\"533\" \/>\n\t<meta property=\"og:image:type\" content=\"image\/jpeg\" \/>\n<meta name=\"author\" content=\"Renan\" \/>\n<meta name=\"twitter:card\" content=\"summary_large_image\" \/>\n<meta name=\"twitter:label1\" content=\"Escrito por\" \/>\n\t<meta name=\"twitter:data1\" content=\"Renan\" \/>\n\t<meta name=\"twitter:label2\" content=\"Est. tempo de leitura\" \/>\n\t<meta name=\"twitter:data2\" content=\"9 minutos\" \/>\n<script type=\"application\/ld+json\" class=\"yoast-schema-graph\">{\"@context\":\"https:\\\/\\\/schema.org\",\"@graph\":[{\"@type\":\"Article\",\"@id\":\"https:\\\/\\\/mundosemfim.com\\\/?p=7037#article\",\"isPartOf\":{\"@id\":\"https:\\\/\\\/mundosemfim.com\\\/?p=7037\"},\"author\":{\"name\":\"Renan\",\"@id\":\"https:\\\/\\\/mundosemfim.com\\\/#\\\/schema\\\/person\\\/b021d50f3a19bae432e9b69ffbfa9257\"},\"headline\":\"Vivendo o Dia dos Mortos em Oaxaca (M\u00e9xico)\",\"datePublished\":\"2017-11-11T03:59:31+00:00\",\"dateModified\":\"2019-02-12T12:02:33+00:00\",\"mainEntityOfPage\":{\"@id\":\"https:\\\/\\\/mundosemfim.com\\\/?p=7037\"},\"wordCount\":1830,\"commentCount\":7,\"image\":{\"@id\":\"https:\\\/\\\/mundosemfim.com\\\/?p=7037#primaryimage\"},\"thumbnailUrl\":\"https:\\\/\\\/i0.wp.com\\\/mundosemfim.com\\\/wp-content\\\/uploads\\\/2017\\\/11\\\/DSC_0003-6.jpg?fit=800%2C533&ssl=1\",\"keywords\":[\"dia dos mortos\"],\"articleSection\":[\"Am\u00e9rica do Norte\",\"am\u00e9rica latina\",\"cidade\",\"colonial\",\"entretenimento\",\"festival\",\"hist\u00f3ria\",\"M\u00e9xico\",\"Oaxaca\",\"Patrim\u00f4nios e Maravilhas\",\"unesco\"],\"inLanguage\":\"pt-BR\",\"potentialAction\":[{\"@type\":\"CommentAction\",\"name\":\"Comment\",\"target\":[\"https:\\\/\\\/mundosemfim.com\\\/?p=7037#respond\"]}]},{\"@type\":\"WebPage\",\"@id\":\"https:\\\/\\\/mundosemfim.com\\\/?p=7037\",\"url\":\"https:\\\/\\\/mundosemfim.com\\\/?p=7037\",\"name\":\"Vivendo o Dia dos Mortos em Oaxaca (M\u00e9xico) - Mundo Sem Fim\",\"isPartOf\":{\"@id\":\"https:\\\/\\\/mundosemfim.com\\\/#website\"},\"primaryImageOfPage\":{\"@id\":\"https:\\\/\\\/mundosemfim.com\\\/?p=7037#primaryimage\"},\"image\":{\"@id\":\"https:\\\/\\\/mundosemfim.com\\\/?p=7037#primaryimage\"},\"thumbnailUrl\":\"https:\\\/\\\/i0.wp.com\\\/mundosemfim.com\\\/wp-content\\\/uploads\\\/2017\\\/11\\\/DSC_0003-6.jpg?fit=800%2C533&ssl=1\",\"datePublished\":\"2017-11-11T03:59:31+00:00\",\"dateModified\":\"2019-02-12T12:02:33+00:00\",\"author\":{\"@id\":\"https:\\\/\\\/mundosemfim.com\\\/#\\\/schema\\\/person\\\/b021d50f3a19bae432e9b69ffbfa9257\"},\"breadcrumb\":{\"@id\":\"https:\\\/\\\/mundosemfim.com\\\/?p=7037#breadcrumb\"},\"inLanguage\":\"pt-BR\",\"potentialAction\":[{\"@type\":\"ReadAction\",\"target\":[\"https:\\\/\\\/mundosemfim.com\\\/?p=7037\"]}]},{\"@type\":\"ImageObject\",\"inLanguage\":\"pt-BR\",\"@id\":\"https:\\\/\\\/mundosemfim.com\\\/?p=7037#primaryimage\",\"url\":\"https:\\\/\\\/i0.wp.com\\\/mundosemfim.com\\\/wp-content\\\/uploads\\\/2017\\\/11\\\/DSC_0003-6.jpg?fit=800%2C533&ssl=1\",\"contentUrl\":\"https:\\\/\\\/i0.wp.com\\\/mundosemfim.com\\\/wp-content\\\/uploads\\\/2017\\\/11\\\/DSC_0003-6.jpg?fit=800%2C533&ssl=1\",\"width\":800,\"height\":533,\"caption\":\"Um esqueleto b\u00eabado no Dia dos Mortos\"},{\"@type\":\"BreadcrumbList\",\"@id\":\"https:\\\/\\\/mundosemfim.com\\\/?p=7037#breadcrumb\",\"itemListElement\":[{\"@type\":\"ListItem\",\"position\":1,\"name\":\"In\u00edcio\",\"item\":\"https:\\\/\\\/mundosemfim.com\\\/\"},{\"@type\":\"ListItem\",\"position\":2,\"name\":\"Vivendo o Dia dos Mortos em Oaxaca (M\u00e9xico)\"}]},{\"@type\":\"WebSite\",\"@id\":\"https:\\\/\\\/mundosemfim.com\\\/#website\",\"url\":\"https:\\\/\\\/mundosemfim.com\\\/\",\"name\":\"Mundo Sem Fim\",\"description\":\"uma viagem de volta ao mundo pelos 5 continentes!\",\"potentialAction\":[{\"@type\":\"SearchAction\",\"target\":{\"@type\":\"EntryPoint\",\"urlTemplate\":\"https:\\\/\\\/mundosemfim.com\\\/?s={search_term_string}\"},\"query-input\":{\"@type\":\"PropertyValueSpecification\",\"valueRequired\":true,\"valueName\":\"search_term_string\"}}],\"inLanguage\":\"pt-BR\"},{\"@type\":\"Person\",\"@id\":\"https:\\\/\\\/mundosemfim.com\\\/#\\\/schema\\\/person\\\/b021d50f3a19bae432e9b69ffbfa9257\",\"name\":\"Renan\",\"image\":{\"@type\":\"ImageObject\",\"inLanguage\":\"pt-BR\",\"@id\":\"https:\\\/\\\/secure.gravatar.com\\\/avatar\\\/faafca769a603ac75196d21826f3bda645d7e2d6306bb6e236d8cdb38eb44e38?s=96&d=mm&r=g\",\"url\":\"https:\\\/\\\/secure.gravatar.com\\\/avatar\\\/faafca769a603ac75196d21826f3bda645d7e2d6306bb6e236d8cdb38eb44e38?s=96&d=mm&r=g\",\"contentUrl\":\"https:\\\/\\\/secure.gravatar.com\\\/avatar\\\/faafca769a603ac75196d21826f3bda645d7e2d6306bb6e236d8cdb38eb44e38?s=96&d=mm&r=g\",\"caption\":\"Renan\"}}]}<\/script>\n<!-- \/ Yoast SEO plugin. -->","yoast_head_json":{"title":"Vivendo o Dia dos Mortos em Oaxaca (M\u00e9xico) - Mundo Sem Fim","robots":{"index":"index","follow":"follow","max-snippet":"max-snippet:-1","max-image-preview":"max-image-preview:large","max-video-preview":"max-video-preview:-1"},"canonical":"https:\/\/mundosemfim.com\/?p=7037","og_locale":"pt_BR","og_type":"article","og_title":"Vivendo o Dia dos Mortos em Oaxaca (M\u00e9xico) - Mundo Sem Fim","og_description":"Quer viver uma das melhores experi\u00eancias que o M\u00e9xico tem para oferecer? Ent\u00e3o passe o dia dos mortos em Oaxaca. Aqui contamos como \u00e9!","og_url":"https:\/\/mundosemfim.com\/?p=7037","og_site_name":"Mundo Sem Fim","article_publisher":"http:\/\/www.facebook.com\/mundosemfimoficial","article_published_time":"2017-11-11T03:59:31+00:00","article_modified_time":"2019-02-12T12:02:33+00:00","og_image":[{"width":800,"height":533,"url":"https:\/\/i0.wp.com\/mundosemfim.com\/wp-content\/uploads\/2017\/11\/DSC_0003-6.jpg?fit=800%2C533&ssl=1","type":"image\/jpeg"}],"author":"Renan","twitter_card":"summary_large_image","twitter_misc":{"Escrito por":"Renan","Est. tempo de leitura":"9 minutos"},"schema":{"@context":"https:\/\/schema.org","@graph":[{"@type":"Article","@id":"https:\/\/mundosemfim.com\/?p=7037#article","isPartOf":{"@id":"https:\/\/mundosemfim.com\/?p=7037"},"author":{"name":"Renan","@id":"https:\/\/mundosemfim.com\/#\/schema\/person\/b021d50f3a19bae432e9b69ffbfa9257"},"headline":"Vivendo o Dia dos Mortos em Oaxaca (M\u00e9xico)","datePublished":"2017-11-11T03:59:31+00:00","dateModified":"2019-02-12T12:02:33+00:00","mainEntityOfPage":{"@id":"https:\/\/mundosemfim.com\/?p=7037"},"wordCount":1830,"commentCount":7,"image":{"@id":"https:\/\/mundosemfim.com\/?p=7037#primaryimage"},"thumbnailUrl":"https:\/\/i0.wp.com\/mundosemfim.com\/wp-content\/uploads\/2017\/11\/DSC_0003-6.jpg?fit=800%2C533&ssl=1","keywords":["dia dos mortos"],"articleSection":["Am\u00e9rica do Norte","am\u00e9rica latina","cidade","colonial","entretenimento","festival","hist\u00f3ria","M\u00e9xico","Oaxaca","Patrim\u00f4nios e Maravilhas","unesco"],"inLanguage":"pt-BR","potentialAction":[{"@type":"CommentAction","name":"Comment","target":["https:\/\/mundosemfim.com\/?p=7037#respond"]}]},{"@type":"WebPage","@id":"https:\/\/mundosemfim.com\/?p=7037","url":"https:\/\/mundosemfim.com\/?p=7037","name":"Vivendo o Dia dos Mortos em Oaxaca (M\u00e9xico) - Mundo Sem Fim","isPartOf":{"@id":"https:\/\/mundosemfim.com\/#website"},"primaryImageOfPage":{"@id":"https:\/\/mundosemfim.com\/?p=7037#primaryimage"},"image":{"@id":"https:\/\/mundosemfim.com\/?p=7037#primaryimage"},"thumbnailUrl":"https:\/\/i0.wp.com\/mundosemfim.com\/wp-content\/uploads\/2017\/11\/DSC_0003-6.jpg?fit=800%2C533&ssl=1","datePublished":"2017-11-11T03:59:31+00:00","dateModified":"2019-02-12T12:02:33+00:00","author":{"@id":"https:\/\/mundosemfim.com\/#\/schema\/person\/b021d50f3a19bae432e9b69ffbfa9257"},"breadcrumb":{"@id":"https:\/\/mundosemfim.com\/?p=7037#breadcrumb"},"inLanguage":"pt-BR","potentialAction":[{"@type":"ReadAction","target":["https:\/\/mundosemfim.com\/?p=7037"]}]},{"@type":"ImageObject","inLanguage":"pt-BR","@id":"https:\/\/mundosemfim.com\/?p=7037#primaryimage","url":"https:\/\/i0.wp.com\/mundosemfim.com\/wp-content\/uploads\/2017\/11\/DSC_0003-6.jpg?fit=800%2C533&ssl=1","contentUrl":"https:\/\/i0.wp.com\/mundosemfim.com\/wp-content\/uploads\/2017\/11\/DSC_0003-6.jpg?fit=800%2C533&ssl=1","width":800,"height":533,"caption":"Um esqueleto b\u00eabado no Dia dos Mortos"},{"@type":"BreadcrumbList","@id":"https:\/\/mundosemfim.com\/?p=7037#breadcrumb","itemListElement":[{"@type":"ListItem","position":1,"name":"In\u00edcio","item":"https:\/\/mundosemfim.com\/"},{"@type":"ListItem","position":2,"name":"Vivendo o Dia dos Mortos em Oaxaca (M\u00e9xico)"}]},{"@type":"WebSite","@id":"https:\/\/mundosemfim.com\/#website","url":"https:\/\/mundosemfim.com\/","name":"Mundo Sem Fim","description":"uma viagem de volta ao mundo pelos 5 continentes!","potentialAction":[{"@type":"SearchAction","target":{"@type":"EntryPoint","urlTemplate":"https:\/\/mundosemfim.com\/?s={search_term_string}"},"query-input":{"@type":"PropertyValueSpecification","valueRequired":true,"valueName":"search_term_string"}}],"inLanguage":"pt-BR"},{"@type":"Person","@id":"https:\/\/mundosemfim.com\/#\/schema\/person\/b021d50f3a19bae432e9b69ffbfa9257","name":"Renan","image":{"@type":"ImageObject","inLanguage":"pt-BR","@id":"https:\/\/secure.gravatar.com\/avatar\/faafca769a603ac75196d21826f3bda645d7e2d6306bb6e236d8cdb38eb44e38?s=96&d=mm&r=g","url":"https:\/\/secure.gravatar.com\/avatar\/faafca769a603ac75196d21826f3bda645d7e2d6306bb6e236d8cdb38eb44e38?s=96&d=mm&r=g","contentUrl":"https:\/\/secure.gravatar.com\/avatar\/faafca769a603ac75196d21826f3bda645d7e2d6306bb6e236d8cdb38eb44e38?s=96&d=mm&r=g","caption":"Renan"}}]}},"jetpack_publicize_connections":[],"jetpack_featured_media_url":"https:\/\/i0.wp.com\/mundosemfim.com\/wp-content\/uploads\/2017\/11\/DSC_0003-6.jpg?fit=800%2C533&ssl=1","jetpack_sharing_enabled":true,"jetpack_shortlink":"https:\/\/wp.me\/p7CQyF-1Pv","jetpack-related-posts":[{"id":7287,"url":"https:\/\/mundosemfim.com\/?p=7287","url_meta":{"origin":7037,"position":0},"title":"Mochil\u00e3o pelo M\u00e9xico \u2013 valores, roteiros e dicas para curtir o pa\u00eds ao m\u00e1ximo","author":"Renan","date":"dezembro 22, 2017","format":false,"excerpt":"Com desertos, praias paradis\u00edacas, picos nevados, cidades modernas, ru\u00ednas antigas e povos ind\u00edgenas, o M\u00e9xico \u00e9 um pa\u00eds bastante completo e que encanta todo o tipo de viajante. Se quiser conhec\u00ea-lo, leia todas as nossas dicas aqui! C\u00e2mbio oficial (dezembro\/2017) 1 real = 5,88 pesos mexicanos 1 d\u00f3lar = 19,45\u2026","rel":"","context":"Em &quot;Am\u00e9rica do Norte&quot;","block_context":{"text":"Am\u00e9rica do Norte","link":"https:\/\/mundosemfim.com\/?cat=431"},"img":{"alt_text":"","src":"https:\/\/i0.wp.com\/mundosemfim.com\/wp-content\/uploads\/2017\/12\/DLcjcYMX4AAdRSx.jpg?fit=900%2C515&ssl=1&resize=350%2C200","width":350,"height":200,"srcset":"https:\/\/i0.wp.com\/mundosemfim.com\/wp-content\/uploads\/2017\/12\/DLcjcYMX4AAdRSx.jpg?fit=900%2C515&ssl=1&resize=350%2C200 1x, https:\/\/i0.wp.com\/mundosemfim.com\/wp-content\/uploads\/2017\/12\/DLcjcYMX4AAdRSx.jpg?fit=900%2C515&ssl=1&resize=525%2C300 1.5x, https:\/\/i0.wp.com\/mundosemfim.com\/wp-content\/uploads\/2017\/12\/DLcjcYMX4AAdRSx.jpg?fit=900%2C515&ssl=1&resize=700%2C400 2x"},"classes":[]},{"id":7008,"url":"https:\/\/mundosemfim.com\/?p=7008","url_meta":{"origin":7037,"position":1},"title":"Hierve el \u00c1gua \u2013 conhe\u00e7a e aprenda a chegar por conta pr\u00f3pria (Oaxaca)","author":"Renan","date":"novembro 3, 2017","format":false,"excerpt":"Se estiver visitando Oaxaca, dar um pulo no Hierve el \u00c1gua \u00e9 obrigat\u00f3rio! Aqui ensinamos como chegar at\u00e9 l\u00e1. C\u00e2mbio oficial (novembro\/2017) 1 real = 5,80 pesos mexicanos 1 d\u00f3lar = 19 pesos mexicanos Perto de Oaxaca est\u00e3o as belas piscinas e a cascata petrificada de Hierve el \u00c1gua, que\u2026","rel":"","context":"Em &quot;Am\u00e9rica do Norte&quot;","block_context":{"text":"Am\u00e9rica do Norte","link":"https:\/\/mundosemfim.com\/?cat=431"},"img":{"alt_text":"Hierve el \u00c1gua","src":"https:\/\/i0.wp.com\/mundosemfim.com\/wp-content\/uploads\/2017\/11\/DSC_0112.jpg?fit=800%2C533&ssl=1&resize=350%2C200","width":350,"height":200,"srcset":"https:\/\/i0.wp.com\/mundosemfim.com\/wp-content\/uploads\/2017\/11\/DSC_0112.jpg?fit=800%2C533&ssl=1&resize=350%2C200 1x, https:\/\/i0.wp.com\/mundosemfim.com\/wp-content\/uploads\/2017\/11\/DSC_0112.jpg?fit=800%2C533&ssl=1&resize=525%2C300 1.5x, https:\/\/i0.wp.com\/mundosemfim.com\/wp-content\/uploads\/2017\/11\/DSC_0112.jpg?fit=800%2C533&ssl=1&resize=700%2C400 2x"},"classes":[]},{"id":6998,"url":"https:\/\/mundosemfim.com\/?p=6998","url_meta":{"origin":7037,"position":2},"title":"Conhe\u00e7a Puebla \u2013 uma joia colonial no M\u00e9xico","author":"Renan","date":"novembro 3, 2017","format":false,"excerpt":"Pertinho da capital, Puebla \u00e9 uma cidade tranquila, com clima agrad\u00e1vel e um belo centro hist\u00f3rico declarado como Patrim\u00f4nio da Humanidade pela UNESCO. Se estiver viajando pelo M\u00e9xico, n\u00e3o deixe de dar um pulo por aqui! C\u00e2mbio oficial (novembro\/2017) 1 real = 5,80 pesos mexicanos 1 d\u00f3lar = 19 pesos\u2026","rel":"","context":"Em &quot;Am\u00e9rica do Norte&quot;","block_context":{"text":"Am\u00e9rica do Norte","link":"https:\/\/mundosemfim.com\/?cat=431"},"img":{"alt_text":"Puebla, M\u00e9xico","src":"https:\/\/i0.wp.com\/mundosemfim.com\/wp-content\/uploads\/2017\/11\/DSC_0017.jpg?fit=800%2C533&ssl=1&resize=350%2C200","width":350,"height":200,"srcset":"https:\/\/i0.wp.com\/mundosemfim.com\/wp-content\/uploads\/2017\/11\/DSC_0017.jpg?fit=800%2C533&ssl=1&resize=350%2C200 1x, https:\/\/i0.wp.com\/mundosemfim.com\/wp-content\/uploads\/2017\/11\/DSC_0017.jpg?fit=800%2C533&ssl=1&resize=525%2C300 1.5x, https:\/\/i0.wp.com\/mundosemfim.com\/wp-content\/uploads\/2017\/11\/DSC_0017.jpg?fit=800%2C533&ssl=1&resize=700%2C400 2x"},"classes":[]},{"id":6776,"url":"https:\/\/mundosemfim.com\/?p=6776","url_meta":{"origin":7037,"position":3},"title":"Assistindo a uma Lucha Libre no M\u00e9xico","author":"Renan","date":"setembro 25, 2017","format":false,"excerpt":"A Luta Livre \u2013 ou Lucha Libre \u2013 \u00e9 uma das identidades mais marcantes do M\u00e9xico. Junto com a pimenta, o Dia dos Mortos e os Mariachis, estes lutadores mascarados representam um importante papel na cultura do pa\u00eds. N\u00f3s assistimos a uma delas, e aqui contamos como foi! C\u00e2mbio oficial\u2026","rel":"","context":"Em &quot;Am\u00e9rica do Norte&quot;","block_context":{"text":"Am\u00e9rica do Norte","link":"https:\/\/mundosemfim.com\/?cat=431"},"img":{"alt_text":"Lucha libre mexicana","src":"https:\/\/i0.wp.com\/mundosemfim.com\/wp-content\/uploads\/2017\/09\/DSC_0143-2-1.jpg?fit=800%2C533&ssl=1&resize=350%2C200","width":350,"height":200,"srcset":"https:\/\/i0.wp.com\/mundosemfim.com\/wp-content\/uploads\/2017\/09\/DSC_0143-2-1.jpg?fit=800%2C533&ssl=1&resize=350%2C200 1x, https:\/\/i0.wp.com\/mundosemfim.com\/wp-content\/uploads\/2017\/09\/DSC_0143-2-1.jpg?fit=800%2C533&ssl=1&resize=525%2C300 1.5x, https:\/\/i0.wp.com\/mundosemfim.com\/wp-content\/uploads\/2017\/09\/DSC_0143-2-1.jpg?fit=800%2C533&ssl=1&resize=700%2C400 2x"},"classes":[]},{"id":7168,"url":"https:\/\/mundosemfim.com\/?p=7168","url_meta":{"origin":7037,"position":4},"title":"17 experi\u00eancias incr\u00edveis na Am\u00e9rica Latina","author":"Renan","date":"novembro 27, 2017","format":false,"excerpt":"Depois de mais de 2 anos viajando por nosso continente, escrevemos uma lista com as 17 melhores experi\u00eancias que vivemos por aqui! J\u00e1 estamos perto de dar adeus \u00e0 nossa querida Am\u00e9rica Latina. Foram incont\u00e1veis experi\u00eancias espetaculares que vivemos, tanto nesta quanto em viagens anteriores, e criar uma lista com\u2026","rel":"","context":"Em &quot;Am\u00e9rica Central&quot;","block_context":{"text":"Am\u00e9rica Central","link":"https:\/\/mundosemfim.com\/?cat=382"},"img":{"alt_text":"","src":"https:\/\/i0.wp.com\/mundosemfim.com\/wp-content\/uploads\/2016\/05\/dsc_0001.jpg?fit=1080%2C720&ssl=1&resize=350%2C200","width":350,"height":200,"srcset":"https:\/\/i0.wp.com\/mundosemfim.com\/wp-content\/uploads\/2016\/05\/dsc_0001.jpg?fit=1080%2C720&ssl=1&resize=350%2C200 1x, https:\/\/i0.wp.com\/mundosemfim.com\/wp-content\/uploads\/2016\/05\/dsc_0001.jpg?fit=1080%2C720&ssl=1&resize=525%2C300 1.5x, https:\/\/i0.wp.com\/mundosemfim.com\/wp-content\/uploads\/2016\/05\/dsc_0001.jpg?fit=1080%2C720&ssl=1&resize=700%2C400 2x, https:\/\/i0.wp.com\/mundosemfim.com\/wp-content\/uploads\/2016\/05\/dsc_0001.jpg?fit=1080%2C720&ssl=1&resize=1050%2C600 3x"},"classes":[]},{"id":6246,"url":"https:\/\/mundosemfim.com\/?p=6246","url_meta":{"origin":7037,"position":5},"title":"Visitando as ru\u00ednas maias de Palenque, no M\u00e9xico","author":"Renan","date":"julho 18, 2017","format":false,"excerpt":"Considerada uma das ru\u00ednas maias mais importantes, este Patrim\u00f4nio da UNESCO \u00e9 caminho para aqueles que v\u00eam ou v\u00e3o para a Guatemala. Aqui contamos como foi nossa visita por l\u00e1! C\u00e2mbio oficial (julho\/2017) 1 real = 5,50 pesos mexicanos 1 d\u00f3lar = 17,50 pesos mexicanos Com um tamanho considerado m\u00e9dio,\u2026","rel":"","context":"Em &quot;Am\u00e9rica do Norte&quot;","block_context":{"text":"Am\u00e9rica do Norte","link":"https:\/\/mundosemfim.com\/?cat=431"},"img":{"alt_text":"Em frente ao Templo de las Inscripciones, em Palenque","src":"https:\/\/i0.wp.com\/mundosemfim.com\/wp-content\/uploads\/2017\/07\/DSC_0086.jpg?fit=900%2C600&ssl=1&resize=350%2C200","width":350,"height":200,"srcset":"https:\/\/i0.wp.com\/mundosemfim.com\/wp-content\/uploads\/2017\/07\/DSC_0086.jpg?fit=900%2C600&ssl=1&resize=350%2C200 1x, https:\/\/i0.wp.com\/mundosemfim.com\/wp-content\/uploads\/2017\/07\/DSC_0086.jpg?fit=900%2C600&ssl=1&resize=525%2C300 1.5x, https:\/\/i0.wp.com\/mundosemfim.com\/wp-content\/uploads\/2017\/07\/DSC_0086.jpg?fit=900%2C600&ssl=1&resize=700%2C400 2x"},"classes":[]}],"_links":{"self":[{"href":"https:\/\/mundosemfim.com\/index.php?rest_route=\/wp\/v2\/posts\/7037","targetHints":{"allow":["GET"]}}],"collection":[{"href":"https:\/\/mundosemfim.com\/index.php?rest_route=\/wp\/v2\/posts"}],"about":[{"href":"https:\/\/mundosemfim.com\/index.php?rest_route=\/wp\/v2\/types\/post"}],"author":[{"embeddable":true,"href":"https:\/\/mundosemfim.com\/index.php?rest_route=\/wp\/v2\/users\/1"}],"replies":[{"embeddable":true,"href":"https:\/\/mundosemfim.com\/index.php?rest_route=%2Fwp%2Fv2%2Fcomments&post=7037"}],"version-history":[{"count":4,"href":"https:\/\/mundosemfim.com\/index.php?rest_route=\/wp\/v2\/posts\/7037\/revisions"}],"predecessor-version":[{"id":7443,"href":"https:\/\/mundosemfim.com\/index.php?rest_route=\/wp\/v2\/posts\/7037\/revisions\/7443"}],"wp:featuredmedia":[{"embeddable":true,"href":"https:\/\/mundosemfim.com\/index.php?rest_route=\/wp\/v2\/media\/7039"}],"wp:attachment":[{"href":"https:\/\/mundosemfim.com\/index.php?rest_route=%2Fwp%2Fv2%2Fmedia&parent=7037"}],"wp:term":[{"taxonomy":"category","embeddable":true,"href":"https:\/\/mundosemfim.com\/index.php?rest_route=%2Fwp%2Fv2%2Fcategories&post=7037"},{"taxonomy":"post_tag","embeddable":true,"href":"https:\/\/mundosemfim.com\/index.php?rest_route=%2Fwp%2Fv2%2Ftags&post=7037"}],"curies":[{"name":"wp","href":"https:\/\/api.w.org\/{rel}","templated":true}]}}