{"id":6039,"date":"2017-06-19T23:11:33","date_gmt":"2017-06-20T02:11:33","guid":{"rendered":"https:\/\/mundosemfim.com\/?p=6039"},"modified":"2017-06-19T23:11:33","modified_gmt":"2017-06-20T02:11:33","slug":"visitando-joya-de-ceren-pompeia-das-americas-em-el-salvador","status":"publish","type":"post","link":"https:\/\/mundosemfim.com\/?p=6039","title":{"rendered":"Visitando a Joya de Cer\u00e9n \u2013 a Pompeia das Am\u00e9ricas em El Salvador"},"content":{"rendered":"<p>Totalmente sepultada pelas cinzas de um vulc\u00e3o, o s\u00edtio arqueol\u00f3gico de Joya de Cer\u00e9n \u00e9 o \u00fanico <a href=\"https:\/\/mundosemfim.com\/patrimonios-da-unesco\/\">Patrim\u00f4nio da UNESCO<\/a> de El Salvador, e uma importante fonte de informa\u00e7\u00e3o para os arque\u00f3logos. Se estiver conhecendo o pa\u00eds, n\u00e3o deixe de visitar este lugar!<\/p>\n<p><!--more--><b>C\u00e2mbio oficial (junho\/2017)<br \/>\n<\/b>1 d\u00f3lar = 3,30 reais<\/p>\n<figure id=\"attachment_6040\" aria-describedby=\"caption-attachment-6040\" style=\"width: 900px\" class=\"wp-caption aligncenter\"><img data-recalc-dims=\"1\" loading=\"lazy\" decoding=\"async\" data-attachment-id=\"6040\" data-permalink=\"https:\/\/mundosemfim.com\/?attachment_id=6040\" data-orig-file=\"https:\/\/i0.wp.com\/mundosemfim.com\/wp-content\/uploads\/2017\/06\/DSC_0001.jpg?fit=900%2C600&amp;ssl=1\" data-orig-size=\"900,600\" data-comments-opened=\"1\" data-image-meta=\"{&quot;aperture&quot;:&quot;0&quot;,&quot;credit&quot;:&quot;&quot;,&quot;camera&quot;:&quot;&quot;,&quot;caption&quot;:&quot;&quot;,&quot;created_timestamp&quot;:&quot;0&quot;,&quot;copyright&quot;:&quot;&quot;,&quot;focal_length&quot;:&quot;0&quot;,&quot;iso&quot;:&quot;0&quot;,&quot;shutter_speed&quot;:&quot;0&quot;,&quot;title&quot;:&quot;&quot;,&quot;orientation&quot;:&quot;0&quot;}\" data-image-title=\"Joya de Cer\u00e9n\" data-image-description=\"&lt;p&gt;Joya de Cer\u00e9n &amp;#8211; Patrim\u00f4nio da UNESCO&lt;\/p&gt;\n\" data-image-caption=\"&lt;p&gt;Mucuvinha na Joya de Cer\u00e9n&lt;\/p&gt;\n\" data-large-file=\"https:\/\/i0.wp.com\/mundosemfim.com\/wp-content\/uploads\/2017\/06\/DSC_0001.jpg?fit=764%2C509&amp;ssl=1\" class=\"size-full wp-image-6040\" src=\"https:\/\/i0.wp.com\/mundosemfim.com\/wp-content\/uploads\/2017\/06\/DSC_0001.jpg?resize=764%2C509&#038;ssl=1\" alt=\"Joya de Cer\u00e9n - Patrim\u00f4nio da UNESCO\" width=\"764\" height=\"509\" srcset=\"https:\/\/i0.wp.com\/mundosemfim.com\/wp-content\/uploads\/2017\/06\/DSC_0001.jpg?w=900&amp;ssl=1 900w, https:\/\/i0.wp.com\/mundosemfim.com\/wp-content\/uploads\/2017\/06\/DSC_0001.jpg?resize=300%2C200&amp;ssl=1 300w, https:\/\/i0.wp.com\/mundosemfim.com\/wp-content\/uploads\/2017\/06\/DSC_0001.jpg?resize=768%2C512&amp;ssl=1 768w\" sizes=\"auto, (max-width: 764px) 100vw, 764px\" \/><figcaption id=\"caption-attachment-6040\" class=\"wp-caption-text\">Mucuvinha na Joya de Cer\u00e9n<\/figcaption><\/figure>\n<h3><b>Joya de Cer\u00e9n<\/b><\/h3>\n<p>Habitado por um povo agr\u00edcola maia entre meados dos anos 400 e 600, a Joya de Cer\u00e9n \u00e9 o s\u00edtio arqueol\u00f3gico mais importante de El Salvador e um dos mais importantes da Am\u00e9rica Central. Sua principal caracter\u00edstica \u00e9 a de mostrar como era a vida de pessoas comuns e humildes no per\u00edodo pr\u00e9-colombiano, diferente dos outros mais famosos onde viviam os l\u00edderes e a nobreza.<\/p>\n<p>Cer\u00e9n foi abandonada e sepultada por volta dos anos 600 por conta da erup\u00e7\u00e3o de um vulc\u00e3o (sua cratera atualmente \u00e9 preenchida pela Lagoa Caldera), e por isso \u00e9 conhecida como a &#8220;Pompeia da Am\u00e9rica&#8221;. Aqui, por\u00e9m, n\u00e3o foi encontrado nenhum corpo, o que indica que seus habitantes conseguiram escapar com vida.<\/p>\n<p>A Joya de Cer\u00e9n foi declarada <a href=\"https:\/\/mundosemfim.com\/patrimonios-da-unesco\/\">Patrim\u00f4nio da Humanidade pela UNESCO<\/a> em 1993.<\/p>\n<figure id=\"attachment_6041\" aria-describedby=\"caption-attachment-6041\" style=\"width: 900px\" class=\"wp-caption aligncenter\"><img data-recalc-dims=\"1\" loading=\"lazy\" decoding=\"async\" data-attachment-id=\"6041\" data-permalink=\"https:\/\/mundosemfim.com\/?attachment_id=6041\" data-orig-file=\"https:\/\/i0.wp.com\/mundosemfim.com\/wp-content\/uploads\/2017\/06\/DSC_0019.jpg?fit=900%2C600&amp;ssl=1\" data-orig-size=\"900,600\" data-comments-opened=\"1\" data-image-meta=\"{&quot;aperture&quot;:&quot;0&quot;,&quot;credit&quot;:&quot;&quot;,&quot;camera&quot;:&quot;&quot;,&quot;caption&quot;:&quot;&quot;,&quot;created_timestamp&quot;:&quot;0&quot;,&quot;copyright&quot;:&quot;&quot;,&quot;focal_length&quot;:&quot;0&quot;,&quot;iso&quot;:&quot;0&quot;,&quot;shutter_speed&quot;:&quot;0&quot;,&quot;title&quot;:&quot;&quot;,&quot;orientation&quot;:&quot;0&quot;}\" data-image-title=\"Joya de Cer\u00e9n\" data-image-description=\"&lt;p&gt;Escava\u00e7\u00f5es da Joya de Cer\u00e9n&lt;\/p&gt;\n\" data-image-caption=\"&lt;p&gt;Escava\u00e7\u00f5es da Joya de Cer\u00e9n&lt;\/p&gt;\n\" data-large-file=\"https:\/\/i0.wp.com\/mundosemfim.com\/wp-content\/uploads\/2017\/06\/DSC_0019.jpg?fit=764%2C509&amp;ssl=1\" class=\"size-full wp-image-6041\" src=\"https:\/\/i0.wp.com\/mundosemfim.com\/wp-content\/uploads\/2017\/06\/DSC_0019.jpg?resize=764%2C509&#038;ssl=1\" alt=\"Escava\u00e7\u00f5es da Joya de Cer\u00e9n\" width=\"764\" height=\"509\" srcset=\"https:\/\/i0.wp.com\/mundosemfim.com\/wp-content\/uploads\/2017\/06\/DSC_0019.jpg?w=900&amp;ssl=1 900w, https:\/\/i0.wp.com\/mundosemfim.com\/wp-content\/uploads\/2017\/06\/DSC_0019.jpg?resize=300%2C200&amp;ssl=1 300w, https:\/\/i0.wp.com\/mundosemfim.com\/wp-content\/uploads\/2017\/06\/DSC_0019.jpg?resize=768%2C512&amp;ssl=1 768w\" sizes=\"auto, (max-width: 764px) 100vw, 764px\" \/><figcaption id=\"caption-attachment-6041\" class=\"wp-caption-text\">Escava\u00e7\u00f5es da Joya de Cer\u00e9n<\/figcaption><\/figure>\n<h3><b>Como chegar<\/b><\/h3>\n<p>Para chegar a Joya de Cer\u00e9n, o idal \u00e9 partir de San Salvador. Os \u00f4nibus para l\u00e1 saem do Terminal Ocidental, com destino a San Juan Opico. H\u00e1 dois tipos: os grandes, que custam 50 centavos, e os menores, que custam 75. Ambos saem com bastante frequ\u00eancia.<\/p>\n<p>Cer\u00e9n fica uns 5km antes de Opico. Pe\u00e7a para algu\u00e9m te avisar onde descer, ou fique de olho nas placas. H\u00e1 uma parada bem na frente da entrada para as ru\u00ednas. A viagem dura pouco menos de 1 hora.<\/p>\n<p>E nem adianta procurar hospedagem na cidade de Cer\u00e9n ou nas cidades pr\u00f3ximas, pois n\u00e3o h\u00e1. N\u00f3s tentamos passar a noite l\u00e1 perto, mas acabamos tendo que seguir para San Salvador.<\/p>\n<figure id=\"attachment_6042\" aria-describedby=\"caption-attachment-6042\" style=\"width: 900px\" class=\"wp-caption aligncenter\"><img data-recalc-dims=\"1\" loading=\"lazy\" decoding=\"async\" data-attachment-id=\"6042\" data-permalink=\"https:\/\/mundosemfim.com\/?attachment_id=6042\" data-orig-file=\"https:\/\/i0.wp.com\/mundosemfim.com\/wp-content\/uploads\/2017\/06\/DSC_0023.jpg?fit=900%2C600&amp;ssl=1\" data-orig-size=\"900,600\" data-comments-opened=\"1\" data-image-meta=\"{&quot;aperture&quot;:&quot;0&quot;,&quot;credit&quot;:&quot;&quot;,&quot;camera&quot;:&quot;&quot;,&quot;caption&quot;:&quot;&quot;,&quot;created_timestamp&quot;:&quot;0&quot;,&quot;copyright&quot;:&quot;&quot;,&quot;focal_length&quot;:&quot;0&quot;,&quot;iso&quot;:&quot;0&quot;,&quot;shutter_speed&quot;:&quot;0&quot;,&quot;title&quot;:&quot;&quot;,&quot;orientation&quot;:&quot;0&quot;}\" data-image-title=\"Joya de Cer\u00e9n\" data-image-description=\"&lt;p&gt;Ru\u00ednas das Joyas de Cer\u00e9n&lt;\/p&gt;\n\" data-image-caption=\"&lt;p&gt;Ru\u00ednas das Joyas de Cer\u00e9n&lt;\/p&gt;\n\" data-large-file=\"https:\/\/i0.wp.com\/mundosemfim.com\/wp-content\/uploads\/2017\/06\/DSC_0023.jpg?fit=764%2C509&amp;ssl=1\" class=\"size-full wp-image-6042\" src=\"https:\/\/i0.wp.com\/mundosemfim.com\/wp-content\/uploads\/2017\/06\/DSC_0023.jpg?resize=764%2C509&#038;ssl=1\" alt=\"Ru\u00ednas das Joyas de Cer\u00e9n\" width=\"764\" height=\"509\" srcset=\"https:\/\/i0.wp.com\/mundosemfim.com\/wp-content\/uploads\/2017\/06\/DSC_0023.jpg?w=900&amp;ssl=1 900w, https:\/\/i0.wp.com\/mundosemfim.com\/wp-content\/uploads\/2017\/06\/DSC_0023.jpg?resize=300%2C200&amp;ssl=1 300w, https:\/\/i0.wp.com\/mundosemfim.com\/wp-content\/uploads\/2017\/06\/DSC_0023.jpg?resize=768%2C512&amp;ssl=1 768w\" sizes=\"auto, (max-width: 764px) 100vw, 764px\" \/><figcaption id=\"caption-attachment-6042\" class=\"wp-caption-text\">Ru\u00ednas das Joyas de Cer\u00e9n<\/figcaption><\/figure>\n<h3><b>Valor<\/b><\/h3>\n<p>A entrada para estrangeiros custa 3 d\u00f3lares. Para centroamericanos custa 1 d\u00f3lar.<\/p>\n<h3><b>Visitando as ru\u00ednas de Joya de Cer\u00e9n<\/b><\/h3>\n<p>O s\u00edtio arqueol\u00f3gico de Joya de Cer\u00e9n \u00e9 pequeno, mas bastante valioso. H\u00e1 algumas poucas edifica\u00e7\u00f5es escavadas, como casas, centros cerimoniais e cozinhas coletivas. As placas s\u00e3o bem informativas (em espanhol e ingl\u00eas), tornando-o f\u00e1cil de percorrer e entender a hist\u00f3ria por conta pr\u00f3pria.<\/p>\n<p>Tamb\u00e9m h\u00e1 uma r\u00e9plica de como era um centro de purifica\u00e7\u00e3o com vapor (algo como uma sauna da \u00e9poca).<\/p>\n<p>Para percorrer toda a Joya de Cer\u00e9n com tranquilidade e lendo cada placa, voc\u00ea dever\u00e1 demorar entre 30 e 40 minutos.<\/p>\n<figure id=\"attachment_6044\" aria-describedby=\"caption-attachment-6044\" style=\"width: 900px\" class=\"wp-caption aligncenter\"><img data-recalc-dims=\"1\" loading=\"lazy\" decoding=\"async\" data-attachment-id=\"6044\" data-permalink=\"https:\/\/mundosemfim.com\/?attachment_id=6044\" data-orig-file=\"https:\/\/i0.wp.com\/mundosemfim.com\/wp-content\/uploads\/2017\/06\/DSC_0027-1.jpg?fit=900%2C600&amp;ssl=1\" data-orig-size=\"900,600\" data-comments-opened=\"1\" data-image-meta=\"{&quot;aperture&quot;:&quot;0&quot;,&quot;credit&quot;:&quot;&quot;,&quot;camera&quot;:&quot;&quot;,&quot;caption&quot;:&quot;&quot;,&quot;created_timestamp&quot;:&quot;0&quot;,&quot;copyright&quot;:&quot;&quot;,&quot;focal_length&quot;:&quot;0&quot;,&quot;iso&quot;:&quot;0&quot;,&quot;shutter_speed&quot;:&quot;0&quot;,&quot;title&quot;:&quot;&quot;,&quot;orientation&quot;:&quot;0&quot;}\" data-image-title=\"Joya de Cer\u00e9n\" data-image-description=\"\" data-image-caption=\"&lt;p&gt;Cozinha compartilhada usada pelos habitantes de Cer\u00e9n&lt;\/p&gt;\n\" data-large-file=\"https:\/\/i0.wp.com\/mundosemfim.com\/wp-content\/uploads\/2017\/06\/DSC_0027-1.jpg?fit=764%2C509&amp;ssl=1\" class=\"size-full wp-image-6044\" src=\"https:\/\/i0.wp.com\/mundosemfim.com\/wp-content\/uploads\/2017\/06\/DSC_0027-1.jpg?resize=764%2C509&#038;ssl=1\" alt=\"\" width=\"764\" height=\"509\" srcset=\"https:\/\/i0.wp.com\/mundosemfim.com\/wp-content\/uploads\/2017\/06\/DSC_0027-1.jpg?w=900&amp;ssl=1 900w, https:\/\/i0.wp.com\/mundosemfim.com\/wp-content\/uploads\/2017\/06\/DSC_0027-1.jpg?resize=300%2C200&amp;ssl=1 300w, https:\/\/i0.wp.com\/mundosemfim.com\/wp-content\/uploads\/2017\/06\/DSC_0027-1.jpg?resize=768%2C512&amp;ssl=1 768w\" sizes=\"auto, (max-width: 764px) 100vw, 764px\" \/><figcaption id=\"caption-attachment-6044\" class=\"wp-caption-text\">Cozinha compartilhada usada pelos habitantes de Cer\u00e9n<\/figcaption><\/figure>\n<h3><b>Arredores<\/b><\/h3>\n<p>Nesta regi\u00e3o h\u00e1 algumas outras ru\u00ednas, sendo a segunda mais famosa a de San Andr\u00e9s (cidade para a qual Joya de Cer\u00e9n pagava tributos). A entrada para cada uma delas custa 3 d\u00f3lares.<\/p>\n<p>Se quiser recorrer todas, espere caminhar cerca de 10km. O tempo estimado para o recorrido todo \u00e9 de 6 horas.<\/p>\n<figure id=\"attachment_6045\" aria-describedby=\"caption-attachment-6045\" style=\"width: 900px\" class=\"wp-caption aligncenter\"><img data-recalc-dims=\"1\" loading=\"lazy\" decoding=\"async\" data-attachment-id=\"6045\" data-permalink=\"https:\/\/mundosemfim.com\/?attachment_id=6045\" data-orig-file=\"https:\/\/i0.wp.com\/mundosemfim.com\/wp-content\/uploads\/2017\/06\/DSC_0039.jpg?fit=900%2C600&amp;ssl=1\" data-orig-size=\"900,600\" data-comments-opened=\"1\" data-image-meta=\"{&quot;aperture&quot;:&quot;0&quot;,&quot;credit&quot;:&quot;&quot;,&quot;camera&quot;:&quot;&quot;,&quot;caption&quot;:&quot;&quot;,&quot;created_timestamp&quot;:&quot;0&quot;,&quot;copyright&quot;:&quot;&quot;,&quot;focal_length&quot;:&quot;0&quot;,&quot;iso&quot;:&quot;0&quot;,&quot;shutter_speed&quot;:&quot;0&quot;,&quot;title&quot;:&quot;&quot;,&quot;orientation&quot;:&quot;0&quot;}\" data-image-title=\"Joya de Cer\u00e9n\" data-image-description=\"&lt;p&gt;R\u00e9plica de uma sauna em Cer\u00e9n&lt;\/p&gt;\n\" data-image-caption=\"&lt;p&gt;R\u00e9plica de uma sauna em Cer\u00e9n&lt;\/p&gt;\n\" data-large-file=\"https:\/\/i0.wp.com\/mundosemfim.com\/wp-content\/uploads\/2017\/06\/DSC_0039.jpg?fit=764%2C509&amp;ssl=1\" class=\"size-full wp-image-6045\" src=\"https:\/\/i0.wp.com\/mundosemfim.com\/wp-content\/uploads\/2017\/06\/DSC_0039.jpg?resize=764%2C509&#038;ssl=1\" alt=\"R\u00e9plica de uma sauna em Cer\u00e9n\" width=\"764\" height=\"509\" srcset=\"https:\/\/i0.wp.com\/mundosemfim.com\/wp-content\/uploads\/2017\/06\/DSC_0039.jpg?w=900&amp;ssl=1 900w, https:\/\/i0.wp.com\/mundosemfim.com\/wp-content\/uploads\/2017\/06\/DSC_0039.jpg?resize=300%2C200&amp;ssl=1 300w, https:\/\/i0.wp.com\/mundosemfim.com\/wp-content\/uploads\/2017\/06\/DSC_0039.jpg?resize=768%2C512&amp;ssl=1 768w\" sizes=\"auto, (max-width: 764px) 100vw, 764px\" \/><figcaption id=\"caption-attachment-6045\" class=\"wp-caption-text\">R\u00e9plica de uma sauna em Cer\u00e9n<\/figcaption><\/figure>\n<p>\u00c9 isso pessoal! Espero que tenham gostado da dica. N\u00e3o deixem de visitar este lugar quando estiverem por El Salvador!<\/p>\n<p>Para mais dicas bacanas e acompanhar nossa viagem pelo mundo, curta nossa p\u00e1gina no face:<br \/>\n<a href=\"http:\/\/www.facebook.com\/mundosemfimoficial\">www.facebook.com\/mundosemfimoficial<\/a><\/p>\n","protected":false},"excerpt":{"rendered":"<p>Totalmente sepultada pelas cinzas de um vulc\u00e3o, o s\u00edtio arqueol\u00f3gico de Joya de Cer\u00e9n \u00e9 o \u00fanico Patrim\u00f4nio da UNESCO de El Salvador, e uma importante fonte de informa\u00e7\u00e3o para os arque\u00f3logos. Se estiver conhecendo o pa\u00eds, n\u00e3o deixe de visitar este lugar!<\/p>\n","protected":false},"author":1,"featured_media":6041,"comment_status":"open","ping_status":"open","sticky":false,"template":"","format":"standard","meta":{"jetpack_post_was_ever_published":false,"_jetpack_newsletter_access":"","_jetpack_dont_email_post_to_subs":false,"_jetpack_newsletter_tier_id":0,"_jetpack_memberships_contains_paywalled_content":false,"_jetpack_memberships_contains_paid_content":false,"footnotes":"","jetpack_publicize_message":"","jetpack_publicize_feature_enabled":true,"jetpack_social_post_already_shared":true,"jetpack_social_options":{"image_generator_settings":{"template":"highway","default_image_id":0,"font":"","enabled":false},"version":2}},"categories":[382,7,262,415,35,417,237,61],"tags":[],"class_list":["post-6039","post","type-post","status-publish","format-standard","has-post-thumbnail","hentry","category-america-central","category-america-latina","category-arqueologia","category-el-salvador","category-historia","category-joya-de-ceren","category-patrimonios-e-maravilhas","category-unesco"],"yoast_head":"<!-- This site is optimized with the Yoast SEO plugin v27.5 - https:\/\/yoast.com\/product\/yoast-seo-wordpress\/ -->\n<title>Visitando a Joya de Cer\u00e9n \u2013 a Pompeia das Am\u00e9ricas em El Salvador - Mundo Sem Fim<\/title>\n<meta name=\"robots\" content=\"index, follow, max-snippet:-1, max-image-preview:large, max-video-preview:-1\" \/>\n<link rel=\"canonical\" href=\"https:\/\/mundosemfim.com\/?p=6039\" \/>\n<meta property=\"og:locale\" content=\"pt_BR\" \/>\n<meta property=\"og:type\" content=\"article\" \/>\n<meta property=\"og:title\" content=\"Visitando a Joya de Cer\u00e9n \u2013 a Pompeia das Am\u00e9ricas em El Salvador - Mundo Sem Fim\" \/>\n<meta property=\"og:description\" content=\"Totalmente sepultada pelas cinzas de um vulc\u00e3o, o s\u00edtio arqueol\u00f3gico de Joya de Cer\u00e9n \u00e9 o \u00fanico Patrim\u00f4nio da UNESCO de El Salvador, e uma importante fonte de informa\u00e7\u00e3o para os arque\u00f3logos. Se estiver conhecendo o pa\u00eds, n\u00e3o deixe de visitar este lugar!\" \/>\n<meta property=\"og:url\" content=\"https:\/\/mundosemfim.com\/?p=6039\" \/>\n<meta property=\"og:site_name\" content=\"Mundo Sem Fim\" \/>\n<meta property=\"article:publisher\" content=\"http:\/\/www.facebook.com\/mundosemfimoficial\" \/>\n<meta property=\"article:published_time\" content=\"2017-06-20T02:11:33+00:00\" \/>\n<meta property=\"og:image\" content=\"https:\/\/i0.wp.com\/mundosemfim.com\/wp-content\/uploads\/2017\/06\/DSC_0019.jpg?fit=900%2C600&ssl=1\" \/>\n\t<meta property=\"og:image:width\" content=\"900\" \/>\n\t<meta property=\"og:image:height\" content=\"600\" \/>\n\t<meta property=\"og:image:type\" content=\"image\/jpeg\" \/>\n<meta name=\"author\" content=\"Renan\" \/>\n<meta name=\"twitter:card\" content=\"summary_large_image\" \/>\n<meta name=\"twitter:label1\" content=\"Escrito por\" \/>\n\t<meta name=\"twitter:data1\" content=\"Renan\" \/>\n\t<meta name=\"twitter:label2\" content=\"Est. tempo de leitura\" \/>\n\t<meta name=\"twitter:data2\" content=\"3 minutos\" \/>\n<script type=\"application\/ld+json\" class=\"yoast-schema-graph\">{\"@context\":\"https:\\\/\\\/schema.org\",\"@graph\":[{\"@type\":\"Article\",\"@id\":\"https:\\\/\\\/mundosemfim.com\\\/?p=6039#article\",\"isPartOf\":{\"@id\":\"https:\\\/\\\/mundosemfim.com\\\/?p=6039\"},\"author\":{\"name\":\"Renan\",\"@id\":\"https:\\\/\\\/mundosemfim.com\\\/#\\\/schema\\\/person\\\/b021d50f3a19bae432e9b69ffbfa9257\"},\"headline\":\"Visitando a Joya de Cer\u00e9n \u2013 a Pompeia das Am\u00e9ricas em El Salvador\",\"datePublished\":\"2017-06-20T02:11:33+00:00\",\"mainEntityOfPage\":{\"@id\":\"https:\\\/\\\/mundosemfim.com\\\/?p=6039\"},\"wordCount\":623,\"commentCount\":1,\"image\":{\"@id\":\"https:\\\/\\\/mundosemfim.com\\\/?p=6039#primaryimage\"},\"thumbnailUrl\":\"https:\\\/\\\/i0.wp.com\\\/mundosemfim.com\\\/wp-content\\\/uploads\\\/2017\\\/06\\\/DSC_0019.jpg?fit=900%2C600&ssl=1\",\"articleSection\":[\"Am\u00e9rica Central\",\"am\u00e9rica latina\",\"arqueologia\",\"El Salvador\",\"hist\u00f3ria\",\"Joya de Cer\u00e9n\",\"Patrim\u00f4nios e Maravilhas\",\"unesco\"],\"inLanguage\":\"pt-BR\",\"potentialAction\":[{\"@type\":\"CommentAction\",\"name\":\"Comment\",\"target\":[\"https:\\\/\\\/mundosemfim.com\\\/?p=6039#respond\"]}]},{\"@type\":\"WebPage\",\"@id\":\"https:\\\/\\\/mundosemfim.com\\\/?p=6039\",\"url\":\"https:\\\/\\\/mundosemfim.com\\\/?p=6039\",\"name\":\"Visitando a Joya de Cer\u00e9n \u2013 a Pompeia das Am\u00e9ricas em El Salvador - Mundo Sem Fim\",\"isPartOf\":{\"@id\":\"https:\\\/\\\/mundosemfim.com\\\/#website\"},\"primaryImageOfPage\":{\"@id\":\"https:\\\/\\\/mundosemfim.com\\\/?p=6039#primaryimage\"},\"image\":{\"@id\":\"https:\\\/\\\/mundosemfim.com\\\/?p=6039#primaryimage\"},\"thumbnailUrl\":\"https:\\\/\\\/i0.wp.com\\\/mundosemfim.com\\\/wp-content\\\/uploads\\\/2017\\\/06\\\/DSC_0019.jpg?fit=900%2C600&ssl=1\",\"datePublished\":\"2017-06-20T02:11:33+00:00\",\"author\":{\"@id\":\"https:\\\/\\\/mundosemfim.com\\\/#\\\/schema\\\/person\\\/b021d50f3a19bae432e9b69ffbfa9257\"},\"breadcrumb\":{\"@id\":\"https:\\\/\\\/mundosemfim.com\\\/?p=6039#breadcrumb\"},\"inLanguage\":\"pt-BR\",\"potentialAction\":[{\"@type\":\"ReadAction\",\"target\":[\"https:\\\/\\\/mundosemfim.com\\\/?p=6039\"]}]},{\"@type\":\"ImageObject\",\"inLanguage\":\"pt-BR\",\"@id\":\"https:\\\/\\\/mundosemfim.com\\\/?p=6039#primaryimage\",\"url\":\"https:\\\/\\\/i0.wp.com\\\/mundosemfim.com\\\/wp-content\\\/uploads\\\/2017\\\/06\\\/DSC_0019.jpg?fit=900%2C600&ssl=1\",\"contentUrl\":\"https:\\\/\\\/i0.wp.com\\\/mundosemfim.com\\\/wp-content\\\/uploads\\\/2017\\\/06\\\/DSC_0019.jpg?fit=900%2C600&ssl=1\",\"width\":900,\"height\":600,\"caption\":\"Escava\u00e7\u00f5es da Joya de Cer\u00e9n\"},{\"@type\":\"BreadcrumbList\",\"@id\":\"https:\\\/\\\/mundosemfim.com\\\/?p=6039#breadcrumb\",\"itemListElement\":[{\"@type\":\"ListItem\",\"position\":1,\"name\":\"In\u00edcio\",\"item\":\"https:\\\/\\\/mundosemfim.com\\\/\"},{\"@type\":\"ListItem\",\"position\":2,\"name\":\"Visitando a Joya de Cer\u00e9n \u2013 a Pompeia das Am\u00e9ricas em El Salvador\"}]},{\"@type\":\"WebSite\",\"@id\":\"https:\\\/\\\/mundosemfim.com\\\/#website\",\"url\":\"https:\\\/\\\/mundosemfim.com\\\/\",\"name\":\"Mundo Sem Fim\",\"description\":\"uma viagem de volta ao mundo pelos 5 continentes!\",\"potentialAction\":[{\"@type\":\"SearchAction\",\"target\":{\"@type\":\"EntryPoint\",\"urlTemplate\":\"https:\\\/\\\/mundosemfim.com\\\/?s={search_term_string}\"},\"query-input\":{\"@type\":\"PropertyValueSpecification\",\"valueRequired\":true,\"valueName\":\"search_term_string\"}}],\"inLanguage\":\"pt-BR\"},{\"@type\":\"Person\",\"@id\":\"https:\\\/\\\/mundosemfim.com\\\/#\\\/schema\\\/person\\\/b021d50f3a19bae432e9b69ffbfa9257\",\"name\":\"Renan\",\"image\":{\"@type\":\"ImageObject\",\"inLanguage\":\"pt-BR\",\"@id\":\"https:\\\/\\\/secure.gravatar.com\\\/avatar\\\/faafca769a603ac75196d21826f3bda645d7e2d6306bb6e236d8cdb38eb44e38?s=96&d=mm&r=g\",\"url\":\"https:\\\/\\\/secure.gravatar.com\\\/avatar\\\/faafca769a603ac75196d21826f3bda645d7e2d6306bb6e236d8cdb38eb44e38?s=96&d=mm&r=g\",\"contentUrl\":\"https:\\\/\\\/secure.gravatar.com\\\/avatar\\\/faafca769a603ac75196d21826f3bda645d7e2d6306bb6e236d8cdb38eb44e38?s=96&d=mm&r=g\",\"caption\":\"Renan\"}}]}<\/script>\n<!-- \/ Yoast SEO plugin. -->","yoast_head_json":{"title":"Visitando a Joya de Cer\u00e9n \u2013 a Pompeia das Am\u00e9ricas em El Salvador - Mundo Sem Fim","robots":{"index":"index","follow":"follow","max-snippet":"max-snippet:-1","max-image-preview":"max-image-preview:large","max-video-preview":"max-video-preview:-1"},"canonical":"https:\/\/mundosemfim.com\/?p=6039","og_locale":"pt_BR","og_type":"article","og_title":"Visitando a Joya de Cer\u00e9n \u2013 a Pompeia das Am\u00e9ricas em El Salvador - Mundo Sem Fim","og_description":"Totalmente sepultada pelas cinzas de um vulc\u00e3o, o s\u00edtio arqueol\u00f3gico de Joya de Cer\u00e9n \u00e9 o \u00fanico Patrim\u00f4nio da UNESCO de El Salvador, e uma importante fonte de informa\u00e7\u00e3o para os arque\u00f3logos. Se estiver conhecendo o pa\u00eds, n\u00e3o deixe de visitar este lugar!","og_url":"https:\/\/mundosemfim.com\/?p=6039","og_site_name":"Mundo Sem Fim","article_publisher":"http:\/\/www.facebook.com\/mundosemfimoficial","article_published_time":"2017-06-20T02:11:33+00:00","og_image":[{"width":900,"height":600,"url":"https:\/\/i0.wp.com\/mundosemfim.com\/wp-content\/uploads\/2017\/06\/DSC_0019.jpg?fit=900%2C600&ssl=1","type":"image\/jpeg"}],"author":"Renan","twitter_card":"summary_large_image","twitter_misc":{"Escrito por":"Renan","Est. tempo de leitura":"3 minutos"},"schema":{"@context":"https:\/\/schema.org","@graph":[{"@type":"Article","@id":"https:\/\/mundosemfim.com\/?p=6039#article","isPartOf":{"@id":"https:\/\/mundosemfim.com\/?p=6039"},"author":{"name":"Renan","@id":"https:\/\/mundosemfim.com\/#\/schema\/person\/b021d50f3a19bae432e9b69ffbfa9257"},"headline":"Visitando a Joya de Cer\u00e9n \u2013 a Pompeia das Am\u00e9ricas em El Salvador","datePublished":"2017-06-20T02:11:33+00:00","mainEntityOfPage":{"@id":"https:\/\/mundosemfim.com\/?p=6039"},"wordCount":623,"commentCount":1,"image":{"@id":"https:\/\/mundosemfim.com\/?p=6039#primaryimage"},"thumbnailUrl":"https:\/\/i0.wp.com\/mundosemfim.com\/wp-content\/uploads\/2017\/06\/DSC_0019.jpg?fit=900%2C600&ssl=1","articleSection":["Am\u00e9rica Central","am\u00e9rica latina","arqueologia","El Salvador","hist\u00f3ria","Joya de Cer\u00e9n","Patrim\u00f4nios e Maravilhas","unesco"],"inLanguage":"pt-BR","potentialAction":[{"@type":"CommentAction","name":"Comment","target":["https:\/\/mundosemfim.com\/?p=6039#respond"]}]},{"@type":"WebPage","@id":"https:\/\/mundosemfim.com\/?p=6039","url":"https:\/\/mundosemfim.com\/?p=6039","name":"Visitando a Joya de Cer\u00e9n \u2013 a Pompeia das Am\u00e9ricas em El Salvador - Mundo Sem Fim","isPartOf":{"@id":"https:\/\/mundosemfim.com\/#website"},"primaryImageOfPage":{"@id":"https:\/\/mundosemfim.com\/?p=6039#primaryimage"},"image":{"@id":"https:\/\/mundosemfim.com\/?p=6039#primaryimage"},"thumbnailUrl":"https:\/\/i0.wp.com\/mundosemfim.com\/wp-content\/uploads\/2017\/06\/DSC_0019.jpg?fit=900%2C600&ssl=1","datePublished":"2017-06-20T02:11:33+00:00","author":{"@id":"https:\/\/mundosemfim.com\/#\/schema\/person\/b021d50f3a19bae432e9b69ffbfa9257"},"breadcrumb":{"@id":"https:\/\/mundosemfim.com\/?p=6039#breadcrumb"},"inLanguage":"pt-BR","potentialAction":[{"@type":"ReadAction","target":["https:\/\/mundosemfim.com\/?p=6039"]}]},{"@type":"ImageObject","inLanguage":"pt-BR","@id":"https:\/\/mundosemfim.com\/?p=6039#primaryimage","url":"https:\/\/i0.wp.com\/mundosemfim.com\/wp-content\/uploads\/2017\/06\/DSC_0019.jpg?fit=900%2C600&ssl=1","contentUrl":"https:\/\/i0.wp.com\/mundosemfim.com\/wp-content\/uploads\/2017\/06\/DSC_0019.jpg?fit=900%2C600&ssl=1","width":900,"height":600,"caption":"Escava\u00e7\u00f5es da Joya de Cer\u00e9n"},{"@type":"BreadcrumbList","@id":"https:\/\/mundosemfim.com\/?p=6039#breadcrumb","itemListElement":[{"@type":"ListItem","position":1,"name":"In\u00edcio","item":"https:\/\/mundosemfim.com\/"},{"@type":"ListItem","position":2,"name":"Visitando a Joya de Cer\u00e9n \u2013 a Pompeia das Am\u00e9ricas em El Salvador"}]},{"@type":"WebSite","@id":"https:\/\/mundosemfim.com\/#website","url":"https:\/\/mundosemfim.com\/","name":"Mundo Sem Fim","description":"uma viagem de volta ao mundo pelos 5 continentes!","potentialAction":[{"@type":"SearchAction","target":{"@type":"EntryPoint","urlTemplate":"https:\/\/mundosemfim.com\/?s={search_term_string}"},"query-input":{"@type":"PropertyValueSpecification","valueRequired":true,"valueName":"search_term_string"}}],"inLanguage":"pt-BR"},{"@type":"Person","@id":"https:\/\/mundosemfim.com\/#\/schema\/person\/b021d50f3a19bae432e9b69ffbfa9257","name":"Renan","image":{"@type":"ImageObject","inLanguage":"pt-BR","@id":"https:\/\/secure.gravatar.com\/avatar\/faafca769a603ac75196d21826f3bda645d7e2d6306bb6e236d8cdb38eb44e38?s=96&d=mm&r=g","url":"https:\/\/secure.gravatar.com\/avatar\/faafca769a603ac75196d21826f3bda645d7e2d6306bb6e236d8cdb38eb44e38?s=96&d=mm&r=g","contentUrl":"https:\/\/secure.gravatar.com\/avatar\/faafca769a603ac75196d21826f3bda645d7e2d6306bb6e236d8cdb38eb44e38?s=96&d=mm&r=g","caption":"Renan"}}]}},"jetpack_publicize_connections":[],"jetpack_featured_media_url":"https:\/\/i0.wp.com\/mundosemfim.com\/wp-content\/uploads\/2017\/06\/DSC_0019.jpg?fit=900%2C600&ssl=1","jetpack_sharing_enabled":true,"jetpack_shortlink":"https:\/\/wp.me\/p7CQyF-1zp","jetpack-related-posts":[{"id":6788,"url":"https:\/\/mundosemfim.com\/?p=6788","url_meta":{"origin":6039,"position":0},"title":"10 curiosidades sobre El Salvador","author":"Renan","date":"setembro 26, 2017","format":false,"excerpt":"Este pequeno pa\u00eds da Am\u00e9rica Central, que muitos evitam visitar por pensarem que \u00e9 perigoso, reserva muitas surpresas impressionantes. Aqui listamos 10 curiosidades sobre El Salvador! 1. A flor de \"O Pequeno Pr\u00edncipe\" \u00e9 de El Salvador. O escritor franc\u00eas Antoine de Saint-Exup\u00e9ry teria se inspirado na turbulenta rela\u00e7\u00e3o com\u2026","rel":"","context":"Em &quot;Am\u00e9rica Central&quot;","block_context":{"text":"Am\u00e9rica Central","link":"https:\/\/mundosemfim.com\/?cat=382"},"img":{"alt_text":"","src":"https:\/\/i0.wp.com\/mundosemfim.com\/wp-content\/uploads\/2017\/09\/flag-1040591_960_720.png?fit=780%2C440&ssl=1&resize=350%2C200","width":350,"height":200,"srcset":"https:\/\/i0.wp.com\/mundosemfim.com\/wp-content\/uploads\/2017\/09\/flag-1040591_960_720.png?fit=780%2C440&ssl=1&resize=350%2C200 1x, https:\/\/i0.wp.com\/mundosemfim.com\/wp-content\/uploads\/2017\/09\/flag-1040591_960_720.png?fit=780%2C440&ssl=1&resize=525%2C300 1.5x, https:\/\/i0.wp.com\/mundosemfim.com\/wp-content\/uploads\/2017\/09\/flag-1040591_960_720.png?fit=780%2C440&ssl=1&resize=700%2C400 2x"},"classes":[]},{"id":6150,"url":"https:\/\/mundosemfim.com\/?p=6150","url_meta":{"origin":6039,"position":1},"title":"10 curiosidades impressionantes sobre os Maias","author":"Renan","date":"julho 5, 2017","format":false,"excerpt":"Com um conhecimento de astronomia espetacular, a civiliza\u00e7\u00e3o maia \u00e9 uma das mais impressionantes de todos os tempos. Aqui contamos algumas curiosidades que aprendemos enquanto mergulhamos neste mundo antigo! 1 \u2013 O colapso dos maias \u00e9 um mist\u00e9rio Esta civiliza\u00e7\u00e3o, considerada uma das mais brilhantes da hist\u00f3ria, sofreu um decl\u00ednio\u2026","rel":"","context":"Em &quot;am\u00e9rica latina&quot;","block_context":{"text":"am\u00e9rica latina","link":"https:\/\/mundosemfim.com\/?cat=7"},"img":{"alt_text":"Cabe\u00e7a de papagaio em Cop\u00e1n","src":"https:\/\/i0.wp.com\/mundosemfim.com\/wp-content\/uploads\/2017\/06\/DSC_0132.jpg?fit=900%2C600&ssl=1&resize=350%2C200","width":350,"height":200,"srcset":"https:\/\/i0.wp.com\/mundosemfim.com\/wp-content\/uploads\/2017\/06\/DSC_0132.jpg?fit=900%2C600&ssl=1&resize=350%2C200 1x, https:\/\/i0.wp.com\/mundosemfim.com\/wp-content\/uploads\/2017\/06\/DSC_0132.jpg?fit=900%2C600&ssl=1&resize=525%2C300 1.5x, https:\/\/i0.wp.com\/mundosemfim.com\/wp-content\/uploads\/2017\/06\/DSC_0132.jpg?fit=900%2C600&ssl=1&resize=700%2C400 2x"},"classes":[]},{"id":6033,"url":"https:\/\/mundosemfim.com\/?p=6033","url_meta":{"origin":6039,"position":2},"title":"Cruzando a fronteira Honduras \u2013 El Salvador por El Poy (Ocotepeque \/ Citala)","author":"Renan","date":"junho 19, 2017","format":false,"excerpt":"Seguindo nossa viagem pela Am\u00e9rica Central, aqui contamos como foi cruzar de Honduras para El Salvador pela fronteira de El Poy! C\u00e2mbio oficial (jun\/2017) 1 d\u00f3lar = 23,50 lempiras 1 lempira = 0,14 reais 1 d\u00f3lar = 3,28 reais Esta fronteira n\u00e3o \u00e9 muito comum entre o pessoal que viaja\u2026","rel":"","context":"Em &quot;Am\u00e9rica Central&quot;","block_context":{"text":"Am\u00e9rica Central","link":"https:\/\/mundosemfim.com\/?cat=382"},"img":{"alt_text":"Mucuvinha em El Salvador","src":"https:\/\/i0.wp.com\/mundosemfim.com\/wp-content\/uploads\/2017\/06\/P6170022.jpg?fit=900%2C675&ssl=1&resize=350%2C200","width":350,"height":200,"srcset":"https:\/\/i0.wp.com\/mundosemfim.com\/wp-content\/uploads\/2017\/06\/P6170022.jpg?fit=900%2C675&ssl=1&resize=350%2C200 1x, https:\/\/i0.wp.com\/mundosemfim.com\/wp-content\/uploads\/2017\/06\/P6170022.jpg?fit=900%2C675&ssl=1&resize=525%2C300 1.5x, https:\/\/i0.wp.com\/mundosemfim.com\/wp-content\/uploads\/2017\/06\/P6170022.jpg?fit=900%2C675&ssl=1&resize=700%2C400 2x"},"classes":[]},{"id":6141,"url":"https:\/\/mundosemfim.com\/?p=6141","url_meta":{"origin":6039,"position":3},"title":"Mochilando em El Salvador \u2013 nossa r\u00e1pida passagem pelo pa\u00eds!","author":"Renan","date":"julho 2, 2017","format":false,"excerpt":"Nossa passagem por El Salvador foi r\u00e1pida: dormimos apenas 3 noites no pa\u00eds e deixamos de conhecer muito lugar interessante. Mesmo assim gostamos de l\u00e1, e com certeza voltaremos algum dia. Aqui contamos como foi! Diferente dos outros resumos que escrevemos dos pa\u00edses, este n\u00e3o ser\u00e1 t\u00e3o completo, pois nossa\u2026","rel":"","context":"Em &quot;Am\u00e9rica Central&quot;","block_context":{"text":"Am\u00e9rica Central","link":"https:\/\/mundosemfim.com\/?cat=382"},"img":{"alt_text":"Nosso recorrido em El Salvador","src":"https:\/\/i0.wp.com\/mundosemfim.com\/wp-content\/uploads\/2017\/07\/mapa-el-salvador.jpg?fit=946%2C504&ssl=1&resize=350%2C200","width":350,"height":200,"srcset":"https:\/\/i0.wp.com\/mundosemfim.com\/wp-content\/uploads\/2017\/07\/mapa-el-salvador.jpg?fit=946%2C504&ssl=1&resize=350%2C200 1x, https:\/\/i0.wp.com\/mundosemfim.com\/wp-content\/uploads\/2017\/07\/mapa-el-salvador.jpg?fit=946%2C504&ssl=1&resize=525%2C300 1.5x, https:\/\/i0.wp.com\/mundosemfim.com\/wp-content\/uploads\/2017\/07\/mapa-el-salvador.jpg?fit=946%2C504&ssl=1&resize=700%2C400 2x"},"classes":[]},{"id":640,"url":"https:\/\/mundosemfim.com\/?p=640","url_meta":{"origin":6039,"position":4},"title":"Cueva de las Manos &#8211; visitando um s\u00edtio arqueol\u00f3gico da UNESCO","author":"Renan","date":"janeiro 24, 2016","format":false,"excerpt":"Descendo a lend\u00e1ria Ruta 40 argentina, est\u00e1 um pequeno e pouco conhecido Patrim\u00f4nio da Humanidade, que muitas vezes \u00e9 esquecido pelos viajantes que seguem este caminho. Aqueles que decidirem visit\u00e1-lo ser\u00e3o presenteados com uma paisagem de tirar o f\u00f4lego e v\u00e3o aprender um pouco da hist\u00f3ria da regi\u00e3o. Refer\u00eancia: 1\u2026","rel":"","context":"Em &quot;Am\u00e9rica do Sul&quot;","block_context":{"text":"Am\u00e9rica do Sul","link":"https:\/\/mundosemfim.com\/?cat=6"},"img":{"alt_text":"","src":"https:\/\/i0.wp.com\/mundosemfim.com\/wp-content\/uploads\/2016\/01\/dsc_0488.jpg?fit=1200%2C801&ssl=1&resize=350%2C200","width":350,"height":200,"srcset":"https:\/\/i0.wp.com\/mundosemfim.com\/wp-content\/uploads\/2016\/01\/dsc_0488.jpg?fit=1200%2C801&ssl=1&resize=350%2C200 1x, https:\/\/i0.wp.com\/mundosemfim.com\/wp-content\/uploads\/2016\/01\/dsc_0488.jpg?fit=1200%2C801&ssl=1&resize=525%2C300 1.5x, https:\/\/i0.wp.com\/mundosemfim.com\/wp-content\/uploads\/2016\/01\/dsc_0488.jpg?fit=1200%2C801&ssl=1&resize=700%2C400 2x, https:\/\/i0.wp.com\/mundosemfim.com\/wp-content\/uploads\/2016\/01\/dsc_0488.jpg?fit=1200%2C801&ssl=1&resize=1050%2C600 3x"},"classes":[]},{"id":6054,"url":"https:\/\/mundosemfim.com\/?p=6054","url_meta":{"origin":6039,"position":5},"title":"Cruzando a fronteira El Salvador \u2013 Guatemala por Las Chinamas","author":"Renan","date":"junho 21, 2017","format":false,"excerpt":"Muito comum entre quem viaja pela Am\u00e9rica Central, esta fronteira \u00e9 rota das principais companhias de \u00f4nibus e shuttles que cruzam estes dois pa\u00edses. Aqui contamos como foi atravessar por l\u00e1! C\u00e2mbio oficial (junho\/2017) 1 d\u00f3lar = 3,30 reais 1 d\u00f3lar = 7,34 quetzales 1 quetzal = 0,45 reais A\u2026","rel":"","context":"Em &quot;Am\u00e9rica Central&quot;","block_context":{"text":"Am\u00e9rica Central","link":"https:\/\/mundosemfim.com\/?cat=382"},"img":{"alt_text":"Fronteira entre El Salvador e Guatemala","src":"https:\/\/i0.wp.com\/mundosemfim.com\/wp-content\/uploads\/2017\/06\/P6200013.jpg?fit=900%2C675&ssl=1&resize=350%2C200","width":350,"height":200,"srcset":"https:\/\/i0.wp.com\/mundosemfim.com\/wp-content\/uploads\/2017\/06\/P6200013.jpg?fit=900%2C675&ssl=1&resize=350%2C200 1x, https:\/\/i0.wp.com\/mundosemfim.com\/wp-content\/uploads\/2017\/06\/P6200013.jpg?fit=900%2C675&ssl=1&resize=525%2C300 1.5x, https:\/\/i0.wp.com\/mundosemfim.com\/wp-content\/uploads\/2017\/06\/P6200013.jpg?fit=900%2C675&ssl=1&resize=700%2C400 2x"},"classes":[]}],"_links":{"self":[{"href":"https:\/\/mundosemfim.com\/index.php?rest_route=\/wp\/v2\/posts\/6039","targetHints":{"allow":["GET"]}}],"collection":[{"href":"https:\/\/mundosemfim.com\/index.php?rest_route=\/wp\/v2\/posts"}],"about":[{"href":"https:\/\/mundosemfim.com\/index.php?rest_route=\/wp\/v2\/types\/post"}],"author":[{"embeddable":true,"href":"https:\/\/mundosemfim.com\/index.php?rest_route=\/wp\/v2\/users\/1"}],"replies":[{"embeddable":true,"href":"https:\/\/mundosemfim.com\/index.php?rest_route=%2Fwp%2Fv2%2Fcomments&post=6039"}],"version-history":[{"count":1,"href":"https:\/\/mundosemfim.com\/index.php?rest_route=\/wp\/v2\/posts\/6039\/revisions"}],"predecessor-version":[{"id":6046,"href":"https:\/\/mundosemfim.com\/index.php?rest_route=\/wp\/v2\/posts\/6039\/revisions\/6046"}],"wp:featuredmedia":[{"embeddable":true,"href":"https:\/\/mundosemfim.com\/index.php?rest_route=\/wp\/v2\/media\/6041"}],"wp:attachment":[{"href":"https:\/\/mundosemfim.com\/index.php?rest_route=%2Fwp%2Fv2%2Fmedia&parent=6039"}],"wp:term":[{"taxonomy":"category","embeddable":true,"href":"https:\/\/mundosemfim.com\/index.php?rest_route=%2Fwp%2Fv2%2Fcategories&post=6039"},{"taxonomy":"post_tag","embeddable":true,"href":"https:\/\/mundosemfim.com\/index.php?rest_route=%2Fwp%2Fv2%2Ftags&post=6039"}],"curies":[{"name":"wp","href":"https:\/\/api.w.org\/{rel}","templated":true}]}}