{"id":6033,"date":"2017-06-19T22:01:04","date_gmt":"2017-06-20T01:01:04","guid":{"rendered":"https:\/\/mundosemfim.com\/?p=6033"},"modified":"2017-06-19T22:01:04","modified_gmt":"2017-06-20T01:01:04","slug":"cruzando-fronteira-honduras-el-salvador-por-el-poy-ocotepeque-citala","status":"publish","type":"post","link":"https:\/\/mundosemfim.com\/?p=6033","title":{"rendered":"Cruzando a fronteira Honduras \u2013 El Salvador por El Poy (Ocotepeque \/ Citala)"},"content":{"rendered":"<p>Seguindo nossa viagem pela Am\u00e9rica Central, aqui contamos como foi cruzar de Honduras para El Salvador pela fronteira de El Poy!<\/p>\n<p><!--more--><b>C\u00e2mbio oficial (jun\/2017)<br \/>\n<\/b>1 d\u00f3lar = 23,50 lempiras<br \/>\n1 lempira = 0,14 reais<br \/>\n1 d\u00f3lar = 3,28 reais<\/p>\n<figure id=\"attachment_6034\" aria-describedby=\"caption-attachment-6034\" style=\"width: 900px\" class=\"wp-caption aligncenter\"><img data-recalc-dims=\"1\" loading=\"lazy\" decoding=\"async\" data-attachment-id=\"6034\" data-permalink=\"https:\/\/mundosemfim.com\/?attachment_id=6034\" data-orig-file=\"https:\/\/i0.wp.com\/mundosemfim.com\/wp-content\/uploads\/2017\/06\/P6170022.jpg?fit=900%2C675&amp;ssl=1\" data-orig-size=\"900,675\" data-comments-opened=\"1\" data-image-meta=\"{&quot;aperture&quot;:&quot;0&quot;,&quot;credit&quot;:&quot;&quot;,&quot;camera&quot;:&quot;&quot;,&quot;caption&quot;:&quot;&quot;,&quot;created_timestamp&quot;:&quot;0&quot;,&quot;copyright&quot;:&quot;&quot;,&quot;focal_length&quot;:&quot;0&quot;,&quot;iso&quot;:&quot;0&quot;,&quot;shutter_speed&quot;:&quot;0&quot;,&quot;title&quot;:&quot;&quot;,&quot;orientation&quot;:&quot;0&quot;}\" data-image-title=\"Fronteira\" data-image-description=\"&lt;p&gt;Mucuvinha em El Salvador&lt;\/p&gt;\n\" data-image-caption=\"&lt;p&gt;Mucuvinha chegando a El Salvador&lt;\/p&gt;\n\" data-large-file=\"https:\/\/i0.wp.com\/mundosemfim.com\/wp-content\/uploads\/2017\/06\/P6170022.jpg?fit=764%2C573&amp;ssl=1\" class=\"size-full wp-image-6034\" src=\"https:\/\/i0.wp.com\/mundosemfim.com\/wp-content\/uploads\/2017\/06\/P6170022.jpg?resize=764%2C573&#038;ssl=1\" alt=\"Mucuvinha em El Salvador\" width=\"764\" height=\"573\" srcset=\"https:\/\/i0.wp.com\/mundosemfim.com\/wp-content\/uploads\/2017\/06\/P6170022.jpg?w=900&amp;ssl=1 900w, https:\/\/i0.wp.com\/mundosemfim.com\/wp-content\/uploads\/2017\/06\/P6170022.jpg?resize=300%2C225&amp;ssl=1 300w, https:\/\/i0.wp.com\/mundosemfim.com\/wp-content\/uploads\/2017\/06\/P6170022.jpg?resize=768%2C576&amp;ssl=1 768w, https:\/\/i0.wp.com\/mundosemfim.com\/wp-content\/uploads\/2017\/06\/P6170022.jpg?resize=800%2C600&amp;ssl=1 800w\" sizes=\"auto, (max-width: 764px) 100vw, 764px\" \/><figcaption id=\"caption-attachment-6034\" class=\"wp-caption-text\">Mucuvinha chegando a El Salvador<\/figcaption><\/figure>\n<p>Esta fronteira n\u00e3o \u00e9 muito comum entre o pessoal que viaja pela Am\u00e9rica Central, j\u00e1 que a maioria acaba pulando ou Honduras ou El Salvador. Mas se voc\u00ea, assim como n\u00f3s, pretende explorar estes dois pa\u00edses, \u00e9 bem prov\u00e1vel que acabe passando por aqui, j\u00e1 que El Poy \u00e9 a fronteira mais pr\u00f3xima com El Salvador para quem vem de <a href=\"https:\/\/mundosemfim.com\/visitando-as-ruinas-de-copan-heranca-maia-em-honduras\/\">Cop\u00e1n Ru\u00ednas<\/a>.<\/p>\n<p>Aqui contamos como foi nosso tr\u00e2mite desde Cop\u00e1n Ru\u00ednas at\u00e9 San Salvador.<\/p>\n<h4><b>Cop\u00e1n Ru\u00ednas -&gt; La Entrada<\/b><\/h4>\n<p>Dizem que h\u00e1 um \u00f4nibus que sai bem cedo de <a href=\"https:\/\/mundosemfim.com\/visitando-as-ruinas-de-copan-heranca-maia-em-honduras\/\">Cop\u00e1n Ru\u00ednas<\/a> e vai diretamente para Santa Rosa de Cop\u00e1n, mas n\u00f3s acabamos perdendo. Por isso, tivemos que ir at\u00e9 La Entrada.<\/p>\n<p>Os \u00f4nibus de Cop\u00e1n Ru\u00ednas a La Entrada saem de hora em hora (8h, 9h, 10h, 11h&#8230;) e custam 70 lempiras. A dist\u00e2ncia \u00e9 bem pequena, mas a viagem nos durou cerca de 2 horas porque o \u00f4nibus parava muito.<\/p>\n<h4><b>La Entrada -&gt; Santa Rosa de Cop\u00e1n<\/b><\/h4>\n<p>Para a maioria dos viajantes, La Entrada \u00e9 apenas um ponto para fazer conex\u00e3o de quem vem das ru\u00ednas de Cop\u00e1n e quer seguir para o caribe ou para El Salvador. Ao descer do \u00f4nibus, o pessoal j\u00e1 vir\u00e1 te oferecer transporte. Conseguimos um que estava saindo aquela hora mesmo para Santa Rosa, por 40 lempiras. A viagem durou pouco mais de 1h. No meio do caminho caiu uma tempestade, e tivemos que descer as mochilas que estavam no teto. Fomos com elas no colo \u2013 bem apertado, mas deu pra dar um jeito.<\/p>\n<h4><b>Santa Rosa de Cop\u00e1n -&gt; Ocotepeque<\/b><\/h4>\n<p>Santa Rosa de Cop\u00e1n \u00e9 uma cidade grande, e isso nos preocupava, j\u00e1 que em Honduras n\u00e3o \u00e9 comum as cidades terem um terminal de \u00f4nibus. Mas n\u00e3o tivemos problemas: o \u00f4nibus em que v\u00ednhamos nos deixou bem onde estava saindo outro para Ocotepeque. A passagem custou 90 lempiras e a viagem durou quase 3 horas.<\/p>\n<h4><b>Ocotepeque<\/b><\/h4>\n<p>Chegamos em Ocotepeque quando come\u00e7ava a escurecer. A cidade \u00e9 razoavelmente grande, mas n\u00e3o foi dif\u00edcil encontrar uma hospedagem econ\u00f4mica. Bem onde o \u00f4nibus deixa h\u00e1 pelo menos 5 hot\u00e9is. Encontramos um por apenas 150 lempiras para n\u00f3s dois, e ficamos l\u00e1 mesmo. Era bem simples: nada de TV, nada de wi-fi, nada de ventilador (n\u00e3o precisou porque fazia um pouco de frio). Valeu pela economia. O nome deste hotel \u00e9 San Antonio.<\/p>\n<h4><b>Ocotepeque -&gt; Fronteira<\/b><\/h4>\n<p>No mesmo local onde o \u00f4nibus de Santa Rosa deixa o pessoal saem vans e t\u00e1xis para a fronteira. Seguimos em uma van por 20 lempiras cada um. A dist\u00e2ncia \u00e9 bem pequena, mas demoramos quase meia-hora porque a van ia parando para deixar o pessoal e fazer entregas.<\/p>\n<p>Tamb\u00e9m tinha um certo engarrafamento de caminh\u00f5es perto da fronteira, o que atrasou ainda mais.<\/p>\n<figure id=\"attachment_6037\" aria-describedby=\"caption-attachment-6037\" style=\"width: 900px\" class=\"wp-caption aligncenter\"><img data-recalc-dims=\"1\" loading=\"lazy\" decoding=\"async\" data-attachment-id=\"6037\" data-permalink=\"https:\/\/mundosemfim.com\/?attachment_id=6037\" data-orig-file=\"https:\/\/i0.wp.com\/mundosemfim.com\/wp-content\/uploads\/2017\/06\/P6170017.jpg?fit=900%2C675&amp;ssl=1\" data-orig-size=\"900,675\" data-comments-opened=\"1\" data-image-meta=\"{&quot;aperture&quot;:&quot;0&quot;,&quot;credit&quot;:&quot;&quot;,&quot;camera&quot;:&quot;&quot;,&quot;caption&quot;:&quot;&quot;,&quot;created_timestamp&quot;:&quot;0&quot;,&quot;copyright&quot;:&quot;&quot;,&quot;focal_length&quot;:&quot;0&quot;,&quot;iso&quot;:&quot;0&quot;,&quot;shutter_speed&quot;:&quot;0&quot;,&quot;title&quot;:&quot;&quot;,&quot;orientation&quot;:&quot;0&quot;}\" data-image-title=\"Fronteira\" data-image-description=\"&lt;p&gt;Fronteira Honduras &amp;#8211; El Salvador&lt;\/p&gt;\n\" data-image-caption=\"&lt;p&gt;Fila de caminh\u00f5es na fronteira&lt;\/p&gt;\n\" data-large-file=\"https:\/\/i0.wp.com\/mundosemfim.com\/wp-content\/uploads\/2017\/06\/P6170017.jpg?fit=764%2C573&amp;ssl=1\" class=\"size-full wp-image-6037\" src=\"https:\/\/i0.wp.com\/mundosemfim.com\/wp-content\/uploads\/2017\/06\/P6170017.jpg?resize=764%2C573&#038;ssl=1\" alt=\"Fronteira Honduras - El Salvador\" width=\"764\" height=\"573\" srcset=\"https:\/\/i0.wp.com\/mundosemfim.com\/wp-content\/uploads\/2017\/06\/P6170017.jpg?w=900&amp;ssl=1 900w, https:\/\/i0.wp.com\/mundosemfim.com\/wp-content\/uploads\/2017\/06\/P6170017.jpg?resize=300%2C225&amp;ssl=1 300w, https:\/\/i0.wp.com\/mundosemfim.com\/wp-content\/uploads\/2017\/06\/P6170017.jpg?resize=768%2C576&amp;ssl=1 768w, https:\/\/i0.wp.com\/mundosemfim.com\/wp-content\/uploads\/2017\/06\/P6170017.jpg?resize=800%2C600&amp;ssl=1 800w\" sizes=\"auto, (max-width: 764px) 100vw, 764px\" \/><figcaption id=\"caption-attachment-6037\" class=\"wp-caption-text\">Fila de caminh\u00f5es na fronteira<\/figcaption><\/figure>\n<h4><b>Fronteira<\/b><\/h4>\n<p>Ao descer da van j\u00e1 vai vir um pessoal oferecendo servi\u00e7o de bicicleta at\u00e9 a fronteira. Pode pegar se tiver com bagagem muito pesada, sen\u00e3o n\u00e3o precisa. A dist\u00e2ncia a se caminhar \u00e9 pequena.<\/p>\n<p>Do lado hondurenho da fronteira n\u00e3o h\u00e1 cidade nem nada. No lado de El Salvador h\u00e1 uma pequena cidade, bem t\u00edpica de fronteira mesmo.<\/p>\n<p>Escutamos muitas hist\u00f3rias de pedido de propina nas fronteiras da Am\u00e9rica Central, e por isso fomos um pouco preocupados, mas a imigra\u00e7\u00e3o n\u00e3o poderia ter sido mais tranquila: Carimbamos a sa\u00edda de Honduras\u00a0em menos de 5 minutos (fique atento para o servi\u00e7o de imigra\u00e7\u00e3o \u00e0 direita, pois n\u00e3o \u00e9 muito evidente). Trocamos as poucas lempiras que t\u00ednhamos por d\u00f3lares a uma cota\u00e7\u00e3o de 1 d\u00f3lar = 25 lempiras.<\/p>\n<figure id=\"attachment_6035\" aria-describedby=\"caption-attachment-6035\" style=\"width: 900px\" class=\"wp-caption aligncenter\"><img data-recalc-dims=\"1\" loading=\"lazy\" decoding=\"async\" data-attachment-id=\"6035\" data-permalink=\"https:\/\/mundosemfim.com\/?attachment_id=6035\" data-orig-file=\"https:\/\/i0.wp.com\/mundosemfim.com\/wp-content\/uploads\/2017\/06\/P6170020.jpg?fit=900%2C675&amp;ssl=1\" data-orig-size=\"900,675\" data-comments-opened=\"1\" data-image-meta=\"{&quot;aperture&quot;:&quot;0&quot;,&quot;credit&quot;:&quot;&quot;,&quot;camera&quot;:&quot;&quot;,&quot;caption&quot;:&quot;&quot;,&quot;created_timestamp&quot;:&quot;0&quot;,&quot;copyright&quot;:&quot;&quot;,&quot;focal_length&quot;:&quot;0&quot;,&quot;iso&quot;:&quot;0&quot;,&quot;shutter_speed&quot;:&quot;0&quot;,&quot;title&quot;:&quot;&quot;,&quot;orientation&quot;:&quot;0&quot;}\" data-image-title=\"Fronteira\" data-image-description=\"&lt;p&gt;Fronteira Honduras El Salvador&lt;\/p&gt;\n\" data-image-caption=\"&lt;p&gt;Pequeno monumento na fronteira dos dois pa\u00edses&lt;\/p&gt;\n\" data-large-file=\"https:\/\/i0.wp.com\/mundosemfim.com\/wp-content\/uploads\/2017\/06\/P6170020.jpg?fit=764%2C573&amp;ssl=1\" class=\"size-full wp-image-6035\" src=\"https:\/\/i0.wp.com\/mundosemfim.com\/wp-content\/uploads\/2017\/06\/P6170020.jpg?resize=764%2C573&#038;ssl=1\" alt=\"Fronteira Honduras El Salvador\" width=\"764\" height=\"573\" srcset=\"https:\/\/i0.wp.com\/mundosemfim.com\/wp-content\/uploads\/2017\/06\/P6170020.jpg?w=900&amp;ssl=1 900w, https:\/\/i0.wp.com\/mundosemfim.com\/wp-content\/uploads\/2017\/06\/P6170020.jpg?resize=300%2C225&amp;ssl=1 300w, https:\/\/i0.wp.com\/mundosemfim.com\/wp-content\/uploads\/2017\/06\/P6170020.jpg?resize=768%2C576&amp;ssl=1 768w, https:\/\/i0.wp.com\/mundosemfim.com\/wp-content\/uploads\/2017\/06\/P6170020.jpg?resize=800%2C600&amp;ssl=1 800w\" sizes=\"auto, (max-width: 764px) 100vw, 764px\" \/><figcaption id=\"caption-attachment-6035\" class=\"wp-caption-text\">Pequeno monumento na fronteira dos dois pa\u00edses<\/figcaption><\/figure>\n<p>Do lado de El Salvador, registramos a entrada (eles n\u00e3o carimbam o passaporte) sem nenhum problema. N\u00e3o tivemos que pagar nada nem para sair de Honduras nem para entrar em El Salvador (se estiver fazendo o caminho contr\u00e1rio, ter\u00e1 que pagar os 3 d\u00f3lares de entrada a Honduras).<\/p>\n<h4><b>Fronteira -&gt; San Salvador<\/b><\/h4>\n<p>A uns 500 metros depois da fronteira h\u00e1 um pequeno terminal, de onde saem \u00f4nibus para San Salvador. N\u00e3o sabemos em que intervalo saem, mas n\u00e3o esperamos nem 10 minutos para que o nosso sa\u00edsse.<\/p>\n<p>A passagem custa 2,20 d\u00f3lares. N\u00f3s pagamos 1,60 e descemos em Aguileras, pois quer\u00edamos visitar Joya de Cer\u00e9n e passar a noite l\u00e1, mas acabou sendo uma perda de tempo, porque n\u00e3o h\u00e1 hot\u00e9is nem ali nem na regi\u00e3o. Acabamos seguindo para San Salvador em outro \u00f4nibus.<\/p>\n<h4><b>San Salvador<\/b><\/h4>\n<p>Como chegamos a San Salvador sem ideia de onde ir, acabamos ficando em um hotel econ\u00f4mico perto do terminal. O hotel se chama Venezia e nos custou 12 d\u00f3lares por um quarto de casal com TV, ventilador e banheiro privado. O \u00fanico ruim \u00e9 que n\u00e3o tem wi-fi. Se estiver s\u00f3 de passo, pode ser uma boa. Ele est\u00e1 na esquina da Bulevar Venezuela com a 49 Sur.<\/p>\n<figure id=\"attachment_6036\" aria-describedby=\"caption-attachment-6036\" style=\"width: 900px\" class=\"wp-caption aligncenter\"><img data-recalc-dims=\"1\" loading=\"lazy\" decoding=\"async\" data-attachment-id=\"6036\" data-permalink=\"https:\/\/mundosemfim.com\/?attachment_id=6036\" data-orig-file=\"https:\/\/i0.wp.com\/mundosemfim.com\/wp-content\/uploads\/2017\/06\/P6170026.jpg?fit=900%2C675&amp;ssl=1\" data-orig-size=\"900,675\" data-comments-opened=\"1\" data-image-meta=\"{&quot;aperture&quot;:&quot;0&quot;,&quot;credit&quot;:&quot;&quot;,&quot;camera&quot;:&quot;&quot;,&quot;caption&quot;:&quot;&quot;,&quot;created_timestamp&quot;:&quot;0&quot;,&quot;copyright&quot;:&quot;&quot;,&quot;focal_length&quot;:&quot;0&quot;,&quot;iso&quot;:&quot;0&quot;,&quot;shutter_speed&quot;:&quot;0&quot;,&quot;title&quot;:&quot;&quot;,&quot;orientation&quot;:&quot;0&quot;}\" data-image-title=\"Fronteira\" data-image-description=\"&lt;p&gt;Carona em El Salvador&lt;\/p&gt;\n\" data-image-caption=\"&lt;p&gt;Conseguimos at\u00e9 uma carona no lado de El Salvador!&lt;\/p&gt;\n\" data-large-file=\"https:\/\/i0.wp.com\/mundosemfim.com\/wp-content\/uploads\/2017\/06\/P6170026.jpg?fit=764%2C573&amp;ssl=1\" class=\"size-full wp-image-6036\" src=\"https:\/\/i0.wp.com\/mundosemfim.com\/wp-content\/uploads\/2017\/06\/P6170026.jpg?resize=764%2C573&#038;ssl=1\" alt=\"Carona em El Salvador\" width=\"764\" height=\"573\" srcset=\"https:\/\/i0.wp.com\/mundosemfim.com\/wp-content\/uploads\/2017\/06\/P6170026.jpg?w=900&amp;ssl=1 900w, https:\/\/i0.wp.com\/mundosemfim.com\/wp-content\/uploads\/2017\/06\/P6170026.jpg?resize=300%2C225&amp;ssl=1 300w, https:\/\/i0.wp.com\/mundosemfim.com\/wp-content\/uploads\/2017\/06\/P6170026.jpg?resize=768%2C576&amp;ssl=1 768w, https:\/\/i0.wp.com\/mundosemfim.com\/wp-content\/uploads\/2017\/06\/P6170026.jpg?resize=800%2C600&amp;ssl=1 800w\" sizes=\"auto, (max-width: 764px) 100vw, 764px\" \/><figcaption id=\"caption-attachment-6036\" class=\"wp-caption-text\">Conseguimos at\u00e9 uma carona no lado de El Salvador!<\/figcaption><\/figure>\n<h3><b>Resumindo<\/b><\/h3>\n<ul>\n<li>Cop\u00e1n Ru\u00ednas -&gt; La Entrada: 70 lempiras, 2h<\/li>\n<li>La Entrada -&gt; Santa Rosa de Cop\u00e1n: 40 lempiras, 1h<\/li>\n<li>Santa Rosa de Cop\u00e1n -&gt; Omotepeque: 90 lempiras, 3 horas<\/li>\n<li>Omotepeque -&gt; Fronteira: 20 lempiras, 30 minutos<\/li>\n<li>Fronteira -&gt; San Salvador: 2,20 d\u00f3lares, 2h30min<\/li>\n<\/ul>\n<h4><i><b>Custo de Imigra\u00e7\u00e3o<\/b><\/i><\/h4>\n<p>Gr\u00e1tis para quem cruza de Honduras para El Salvador.<\/p>\n<p>3 d\u00f3lares para quem cruza de El Salvador para Honduras (pago na imigra\u00e7\u00e3o de Honduras).<\/p>\n<p>&nbsp;<\/p>\n<p>\u00c9 isso pessoal! Espero ter aclarado as d\u00favidas de quem for viajar por a\u00ed!<\/p>\n<p>Para mais dicas bacanas e acompanhar nossa viagem pelo mundo, curta nossa p\u00e1gina no face:<br \/>\n<a href=\"http:\/\/www.facebook.com\/mundosemfimoficial\">www.facebook.com\/mundosemfimoficial<\/a><\/p>\n","protected":false},"excerpt":{"rendered":"<p>Seguindo nossa viagem pela Am\u00e9rica Central, aqui contamos como foi cruzar de Honduras para El Salvador pela fronteira de El Poy!<\/p>\n","protected":false},"author":1,"featured_media":6034,"comment_status":"open","ping_status":"open","sticky":false,"template":"","format":"standard","meta":{"jetpack_post_was_ever_published":false,"_jetpack_newsletter_access":"","_jetpack_dont_email_post_to_subs":false,"_jetpack_newsletter_tier_id":0,"_jetpack_memberships_contains_paywalled_content":false,"_jetpack_memberships_contains_paid_content":false,"footnotes":"","jetpack_publicize_message":"","jetpack_publicize_feature_enabled":true,"jetpack_social_post_already_shared":true,"jetpack_social_options":{"image_generator_settings":{"template":"highway","default_image_id":0,"font":"","enabled":false},"version":2}},"categories":[382,7,415,316,402],"tags":[416],"class_list":["post-6033","post","type-post","status-publish","format-standard","has-post-thumbnail","hentry","category-america-central","category-america-latina","category-el-salvador","category-fronteira","category-honduras","tag-el-poy"],"yoast_head":"<!-- This site is optimized with the Yoast SEO plugin v27.5 - https:\/\/yoast.com\/product\/yoast-seo-wordpress\/ -->\n<title>Cruzando a fronteira Honduras \u2013 El Salvador por El Poy (Ocotepeque \/ Citala) - Mundo Sem Fim<\/title>\n<meta name=\"robots\" content=\"index, follow, max-snippet:-1, max-image-preview:large, max-video-preview:-1\" \/>\n<link rel=\"canonical\" href=\"https:\/\/mundosemfim.com\/?p=6033\" \/>\n<meta property=\"og:locale\" content=\"pt_BR\" \/>\n<meta property=\"og:type\" content=\"article\" \/>\n<meta property=\"og:title\" content=\"Cruzando a fronteira Honduras \u2013 El Salvador por El Poy (Ocotepeque \/ Citala) - Mundo Sem Fim\" \/>\n<meta property=\"og:description\" content=\"Seguindo nossa viagem pela Am\u00e9rica Central, aqui contamos como foi cruzar de Honduras para El Salvador pela fronteira de El Poy!\" \/>\n<meta property=\"og:url\" content=\"https:\/\/mundosemfim.com\/?p=6033\" \/>\n<meta property=\"og:site_name\" content=\"Mundo Sem Fim\" \/>\n<meta property=\"article:publisher\" content=\"http:\/\/www.facebook.com\/mundosemfimoficial\" \/>\n<meta property=\"article:published_time\" content=\"2017-06-20T01:01:04+00:00\" \/>\n<meta property=\"og:image\" content=\"https:\/\/i0.wp.com\/mundosemfim.com\/wp-content\/uploads\/2017\/06\/P6170022.jpg?fit=900%2C675&ssl=1\" \/>\n\t<meta property=\"og:image:width\" content=\"900\" \/>\n\t<meta property=\"og:image:height\" content=\"675\" \/>\n\t<meta property=\"og:image:type\" content=\"image\/jpeg\" \/>\n<meta name=\"author\" content=\"Renan\" \/>\n<meta name=\"twitter:card\" content=\"summary_large_image\" \/>\n<meta name=\"twitter:label1\" content=\"Escrito por\" \/>\n\t<meta name=\"twitter:data1\" content=\"Renan\" \/>\n\t<meta name=\"twitter:label2\" content=\"Est. tempo de leitura\" \/>\n\t<meta name=\"twitter:data2\" content=\"5 minutos\" \/>\n<script type=\"application\/ld+json\" class=\"yoast-schema-graph\">{\"@context\":\"https:\\\/\\\/schema.org\",\"@graph\":[{\"@type\":\"Article\",\"@id\":\"https:\\\/\\\/mundosemfim.com\\\/?p=6033#article\",\"isPartOf\":{\"@id\":\"https:\\\/\\\/mundosemfim.com\\\/?p=6033\"},\"author\":{\"name\":\"Renan\",\"@id\":\"https:\\\/\\\/mundosemfim.com\\\/#\\\/schema\\\/person\\\/b021d50f3a19bae432e9b69ffbfa9257\"},\"headline\":\"Cruzando a fronteira Honduras \u2013 El Salvador por El Poy (Ocotepeque \\\/ Citala)\",\"datePublished\":\"2017-06-20T01:01:04+00:00\",\"mainEntityOfPage\":{\"@id\":\"https:\\\/\\\/mundosemfim.com\\\/?p=6033\"},\"wordCount\":1046,\"commentCount\":0,\"image\":{\"@id\":\"https:\\\/\\\/mundosemfim.com\\\/?p=6033#primaryimage\"},\"thumbnailUrl\":\"https:\\\/\\\/i0.wp.com\\\/mundosemfim.com\\\/wp-content\\\/uploads\\\/2017\\\/06\\\/P6170022.jpg?fit=900%2C675&ssl=1\",\"keywords\":[\"el poy\"],\"articleSection\":[\"Am\u00e9rica Central\",\"am\u00e9rica latina\",\"El Salvador\",\"fronteira\",\"Honduras\"],\"inLanguage\":\"pt-BR\",\"potentialAction\":[{\"@type\":\"CommentAction\",\"name\":\"Comment\",\"target\":[\"https:\\\/\\\/mundosemfim.com\\\/?p=6033#respond\"]}]},{\"@type\":\"WebPage\",\"@id\":\"https:\\\/\\\/mundosemfim.com\\\/?p=6033\",\"url\":\"https:\\\/\\\/mundosemfim.com\\\/?p=6033\",\"name\":\"Cruzando a fronteira Honduras \u2013 El Salvador por El Poy (Ocotepeque \\\/ Citala) - Mundo Sem Fim\",\"isPartOf\":{\"@id\":\"https:\\\/\\\/mundosemfim.com\\\/#website\"},\"primaryImageOfPage\":{\"@id\":\"https:\\\/\\\/mundosemfim.com\\\/?p=6033#primaryimage\"},\"image\":{\"@id\":\"https:\\\/\\\/mundosemfim.com\\\/?p=6033#primaryimage\"},\"thumbnailUrl\":\"https:\\\/\\\/i0.wp.com\\\/mundosemfim.com\\\/wp-content\\\/uploads\\\/2017\\\/06\\\/P6170022.jpg?fit=900%2C675&ssl=1\",\"datePublished\":\"2017-06-20T01:01:04+00:00\",\"author\":{\"@id\":\"https:\\\/\\\/mundosemfim.com\\\/#\\\/schema\\\/person\\\/b021d50f3a19bae432e9b69ffbfa9257\"},\"breadcrumb\":{\"@id\":\"https:\\\/\\\/mundosemfim.com\\\/?p=6033#breadcrumb\"},\"inLanguage\":\"pt-BR\",\"potentialAction\":[{\"@type\":\"ReadAction\",\"target\":[\"https:\\\/\\\/mundosemfim.com\\\/?p=6033\"]}]},{\"@type\":\"ImageObject\",\"inLanguage\":\"pt-BR\",\"@id\":\"https:\\\/\\\/mundosemfim.com\\\/?p=6033#primaryimage\",\"url\":\"https:\\\/\\\/i0.wp.com\\\/mundosemfim.com\\\/wp-content\\\/uploads\\\/2017\\\/06\\\/P6170022.jpg?fit=900%2C675&ssl=1\",\"contentUrl\":\"https:\\\/\\\/i0.wp.com\\\/mundosemfim.com\\\/wp-content\\\/uploads\\\/2017\\\/06\\\/P6170022.jpg?fit=900%2C675&ssl=1\",\"width\":900,\"height\":675,\"caption\":\"Mucuvinha chegando a El Salvador\"},{\"@type\":\"BreadcrumbList\",\"@id\":\"https:\\\/\\\/mundosemfim.com\\\/?p=6033#breadcrumb\",\"itemListElement\":[{\"@type\":\"ListItem\",\"position\":1,\"name\":\"In\u00edcio\",\"item\":\"https:\\\/\\\/mundosemfim.com\\\/\"},{\"@type\":\"ListItem\",\"position\":2,\"name\":\"Cruzando a fronteira Honduras \u2013 El Salvador por El Poy (Ocotepeque \\\/ Citala)\"}]},{\"@type\":\"WebSite\",\"@id\":\"https:\\\/\\\/mundosemfim.com\\\/#website\",\"url\":\"https:\\\/\\\/mundosemfim.com\\\/\",\"name\":\"Mundo Sem Fim\",\"description\":\"uma viagem de volta ao mundo pelos 5 continentes!\",\"potentialAction\":[{\"@type\":\"SearchAction\",\"target\":{\"@type\":\"EntryPoint\",\"urlTemplate\":\"https:\\\/\\\/mundosemfim.com\\\/?s={search_term_string}\"},\"query-input\":{\"@type\":\"PropertyValueSpecification\",\"valueRequired\":true,\"valueName\":\"search_term_string\"}}],\"inLanguage\":\"pt-BR\"},{\"@type\":\"Person\",\"@id\":\"https:\\\/\\\/mundosemfim.com\\\/#\\\/schema\\\/person\\\/b021d50f3a19bae432e9b69ffbfa9257\",\"name\":\"Renan\",\"image\":{\"@type\":\"ImageObject\",\"inLanguage\":\"pt-BR\",\"@id\":\"https:\\\/\\\/secure.gravatar.com\\\/avatar\\\/faafca769a603ac75196d21826f3bda645d7e2d6306bb6e236d8cdb38eb44e38?s=96&d=mm&r=g\",\"url\":\"https:\\\/\\\/secure.gravatar.com\\\/avatar\\\/faafca769a603ac75196d21826f3bda645d7e2d6306bb6e236d8cdb38eb44e38?s=96&d=mm&r=g\",\"contentUrl\":\"https:\\\/\\\/secure.gravatar.com\\\/avatar\\\/faafca769a603ac75196d21826f3bda645d7e2d6306bb6e236d8cdb38eb44e38?s=96&d=mm&r=g\",\"caption\":\"Renan\"}}]}<\/script>\n<!-- \/ Yoast SEO plugin. -->","yoast_head_json":{"title":"Cruzando a fronteira Honduras \u2013 El Salvador por El Poy (Ocotepeque \/ Citala) - Mundo Sem Fim","robots":{"index":"index","follow":"follow","max-snippet":"max-snippet:-1","max-image-preview":"max-image-preview:large","max-video-preview":"max-video-preview:-1"},"canonical":"https:\/\/mundosemfim.com\/?p=6033","og_locale":"pt_BR","og_type":"article","og_title":"Cruzando a fronteira Honduras \u2013 El Salvador por El Poy (Ocotepeque \/ Citala) - Mundo Sem Fim","og_description":"Seguindo nossa viagem pela Am\u00e9rica Central, aqui contamos como foi cruzar de Honduras para El Salvador pela fronteira de El Poy!","og_url":"https:\/\/mundosemfim.com\/?p=6033","og_site_name":"Mundo Sem Fim","article_publisher":"http:\/\/www.facebook.com\/mundosemfimoficial","article_published_time":"2017-06-20T01:01:04+00:00","og_image":[{"width":900,"height":675,"url":"https:\/\/i0.wp.com\/mundosemfim.com\/wp-content\/uploads\/2017\/06\/P6170022.jpg?fit=900%2C675&ssl=1","type":"image\/jpeg"}],"author":"Renan","twitter_card":"summary_large_image","twitter_misc":{"Escrito por":"Renan","Est. tempo de leitura":"5 minutos"},"schema":{"@context":"https:\/\/schema.org","@graph":[{"@type":"Article","@id":"https:\/\/mundosemfim.com\/?p=6033#article","isPartOf":{"@id":"https:\/\/mundosemfim.com\/?p=6033"},"author":{"name":"Renan","@id":"https:\/\/mundosemfim.com\/#\/schema\/person\/b021d50f3a19bae432e9b69ffbfa9257"},"headline":"Cruzando a fronteira Honduras \u2013 El Salvador por El Poy (Ocotepeque \/ Citala)","datePublished":"2017-06-20T01:01:04+00:00","mainEntityOfPage":{"@id":"https:\/\/mundosemfim.com\/?p=6033"},"wordCount":1046,"commentCount":0,"image":{"@id":"https:\/\/mundosemfim.com\/?p=6033#primaryimage"},"thumbnailUrl":"https:\/\/i0.wp.com\/mundosemfim.com\/wp-content\/uploads\/2017\/06\/P6170022.jpg?fit=900%2C675&ssl=1","keywords":["el poy"],"articleSection":["Am\u00e9rica Central","am\u00e9rica latina","El Salvador","fronteira","Honduras"],"inLanguage":"pt-BR","potentialAction":[{"@type":"CommentAction","name":"Comment","target":["https:\/\/mundosemfim.com\/?p=6033#respond"]}]},{"@type":"WebPage","@id":"https:\/\/mundosemfim.com\/?p=6033","url":"https:\/\/mundosemfim.com\/?p=6033","name":"Cruzando a fronteira Honduras \u2013 El Salvador por El Poy (Ocotepeque \/ Citala) - Mundo Sem Fim","isPartOf":{"@id":"https:\/\/mundosemfim.com\/#website"},"primaryImageOfPage":{"@id":"https:\/\/mundosemfim.com\/?p=6033#primaryimage"},"image":{"@id":"https:\/\/mundosemfim.com\/?p=6033#primaryimage"},"thumbnailUrl":"https:\/\/i0.wp.com\/mundosemfim.com\/wp-content\/uploads\/2017\/06\/P6170022.jpg?fit=900%2C675&ssl=1","datePublished":"2017-06-20T01:01:04+00:00","author":{"@id":"https:\/\/mundosemfim.com\/#\/schema\/person\/b021d50f3a19bae432e9b69ffbfa9257"},"breadcrumb":{"@id":"https:\/\/mundosemfim.com\/?p=6033#breadcrumb"},"inLanguage":"pt-BR","potentialAction":[{"@type":"ReadAction","target":["https:\/\/mundosemfim.com\/?p=6033"]}]},{"@type":"ImageObject","inLanguage":"pt-BR","@id":"https:\/\/mundosemfim.com\/?p=6033#primaryimage","url":"https:\/\/i0.wp.com\/mundosemfim.com\/wp-content\/uploads\/2017\/06\/P6170022.jpg?fit=900%2C675&ssl=1","contentUrl":"https:\/\/i0.wp.com\/mundosemfim.com\/wp-content\/uploads\/2017\/06\/P6170022.jpg?fit=900%2C675&ssl=1","width":900,"height":675,"caption":"Mucuvinha chegando a El Salvador"},{"@type":"BreadcrumbList","@id":"https:\/\/mundosemfim.com\/?p=6033#breadcrumb","itemListElement":[{"@type":"ListItem","position":1,"name":"In\u00edcio","item":"https:\/\/mundosemfim.com\/"},{"@type":"ListItem","position":2,"name":"Cruzando a fronteira Honduras \u2013 El Salvador por El Poy (Ocotepeque \/ Citala)"}]},{"@type":"WebSite","@id":"https:\/\/mundosemfim.com\/#website","url":"https:\/\/mundosemfim.com\/","name":"Mundo Sem Fim","description":"uma viagem de volta ao mundo pelos 5 continentes!","potentialAction":[{"@type":"SearchAction","target":{"@type":"EntryPoint","urlTemplate":"https:\/\/mundosemfim.com\/?s={search_term_string}"},"query-input":{"@type":"PropertyValueSpecification","valueRequired":true,"valueName":"search_term_string"}}],"inLanguage":"pt-BR"},{"@type":"Person","@id":"https:\/\/mundosemfim.com\/#\/schema\/person\/b021d50f3a19bae432e9b69ffbfa9257","name":"Renan","image":{"@type":"ImageObject","inLanguage":"pt-BR","@id":"https:\/\/secure.gravatar.com\/avatar\/faafca769a603ac75196d21826f3bda645d7e2d6306bb6e236d8cdb38eb44e38?s=96&d=mm&r=g","url":"https:\/\/secure.gravatar.com\/avatar\/faafca769a603ac75196d21826f3bda645d7e2d6306bb6e236d8cdb38eb44e38?s=96&d=mm&r=g","contentUrl":"https:\/\/secure.gravatar.com\/avatar\/faafca769a603ac75196d21826f3bda645d7e2d6306bb6e236d8cdb38eb44e38?s=96&d=mm&r=g","caption":"Renan"}}]}},"jetpack_publicize_connections":[],"jetpack_featured_media_url":"https:\/\/i0.wp.com\/mundosemfim.com\/wp-content\/uploads\/2017\/06\/P6170022.jpg?fit=900%2C675&ssl=1","jetpack_sharing_enabled":true,"jetpack_shortlink":"https:\/\/wp.me\/p7CQyF-1zj","jetpack-related-posts":[{"id":6054,"url":"https:\/\/mundosemfim.com\/?p=6054","url_meta":{"origin":6033,"position":0},"title":"Cruzando a fronteira El Salvador \u2013 Guatemala por Las Chinamas","author":"Renan","date":"junho 21, 2017","format":false,"excerpt":"Muito comum entre quem viaja pela Am\u00e9rica Central, esta fronteira \u00e9 rota das principais companhias de \u00f4nibus e shuttles que cruzam estes dois pa\u00edses. Aqui contamos como foi atravessar por l\u00e1! C\u00e2mbio oficial (junho\/2017) 1 d\u00f3lar = 3,30 reais 1 d\u00f3lar = 7,34 quetzales 1 quetzal = 0,45 reais A\u2026","rel":"","context":"Em &quot;Am\u00e9rica Central&quot;","block_context":{"text":"Am\u00e9rica Central","link":"https:\/\/mundosemfim.com\/?cat=382"},"img":{"alt_text":"Fronteira entre El Salvador e Guatemala","src":"https:\/\/i0.wp.com\/mundosemfim.com\/wp-content\/uploads\/2017\/06\/P6200013.jpg?fit=900%2C675&ssl=1&resize=350%2C200","width":350,"height":200,"srcset":"https:\/\/i0.wp.com\/mundosemfim.com\/wp-content\/uploads\/2017\/06\/P6200013.jpg?fit=900%2C675&ssl=1&resize=350%2C200 1x, https:\/\/i0.wp.com\/mundosemfim.com\/wp-content\/uploads\/2017\/06\/P6200013.jpg?fit=900%2C675&ssl=1&resize=525%2C300 1.5x, https:\/\/i0.wp.com\/mundosemfim.com\/wp-content\/uploads\/2017\/06\/P6200013.jpg?fit=900%2C675&ssl=1&resize=700%2C400 2x"},"classes":[]},{"id":6017,"url":"https:\/\/mundosemfim.com\/?p=6017","url_meta":{"origin":6033,"position":1},"title":"Visitando as Ru\u00ednas de Cop\u00e1n \u2013 a heran\u00e7a Maia em Honduras","author":"Renan","date":"junho 19, 2017","format":false,"excerpt":"Um dos destinos tur\u00edsticos mais importantes do pa\u00eds, este Patrim\u00f4nio da UNESCO foi nosso primeiro contato com o mundo Maia. Aqui contamos todos os detalhes de como visit\u00e1-lo e aproveit\u00e1-lo ao m\u00e1ximo! C\u00e2mbio oficial (jun\/2017) 1 d\u00f3lar = 23,45 lempiras 1 lempira = 0,14 reais Hist\u00f3ria Com mais de 20\u2026","rel":"","context":"Em &quot;Am\u00e9rica Central&quot;","block_context":{"text":"Am\u00e9rica Central","link":"https:\/\/mundosemfim.com\/?cat=382"},"img":{"alt_text":"Ru\u00ednas de Cop\u00e1n","src":"https:\/\/i0.wp.com\/mundosemfim.com\/wp-content\/uploads\/2017\/06\/DSC_0159.jpg?fit=900%2C600&ssl=1&resize=350%2C200","width":350,"height":200,"srcset":"https:\/\/i0.wp.com\/mundosemfim.com\/wp-content\/uploads\/2017\/06\/DSC_0159.jpg?fit=900%2C600&ssl=1&resize=350%2C200 1x, https:\/\/i0.wp.com\/mundosemfim.com\/wp-content\/uploads\/2017\/06\/DSC_0159.jpg?fit=900%2C600&ssl=1&resize=525%2C300 1.5x, https:\/\/i0.wp.com\/mundosemfim.com\/wp-content\/uploads\/2017\/06\/DSC_0159.jpg?fit=900%2C600&ssl=1&resize=700%2C400 2x"},"classes":[]},{"id":6061,"url":"https:\/\/mundosemfim.com\/?p=6061","url_meta":{"origin":6033,"position":2},"title":"Mochil\u00e3o por Honduras \u2013 roteiro, gastos, dicas, fotos, etc","author":"Renan","date":"junho 23, 2017","format":false,"excerpt":"Com ru\u00ednas maias, praias de \u00e1gua cristalina e uma natureza exuberante, Honduras \u00e9 uma joia na Am\u00e9rica Central ainda pouco conhecida. Aventure-se por aqui e descubra os segredos deste para\u00edso! C\u00e2mbio oficial (junho\/2017) 1 real = 7 lempiras 1 d\u00f3lar = 23,45 lempiras Honduras Com a fama injusta de ser\u2026","rel":"","context":"Em &quot;Am\u00e9rica Central&quot;","block_context":{"text":"Am\u00e9rica Central","link":"https:\/\/mundosemfim.com\/?cat=382"},"img":{"alt_text":"Mochil\u00e3o em Honduras","src":"https:\/\/i0.wp.com\/mundosemfim.com\/wp-content\/uploads\/2017\/06\/mapa-2.png?fit=1135%2C715&ssl=1&resize=350%2C200","width":350,"height":200,"srcset":"https:\/\/i0.wp.com\/mundosemfim.com\/wp-content\/uploads\/2017\/06\/mapa-2.png?fit=1135%2C715&ssl=1&resize=350%2C200 1x, https:\/\/i0.wp.com\/mundosemfim.com\/wp-content\/uploads\/2017\/06\/mapa-2.png?fit=1135%2C715&ssl=1&resize=525%2C300 1.5x, https:\/\/i0.wp.com\/mundosemfim.com\/wp-content\/uploads\/2017\/06\/mapa-2.png?fit=1135%2C715&ssl=1&resize=700%2C400 2x, https:\/\/i0.wp.com\/mundosemfim.com\/wp-content\/uploads\/2017\/06\/mapa-2.png?fit=1135%2C715&ssl=1&resize=1050%2C600 3x"},"classes":[]},{"id":5894,"url":"https:\/\/mundosemfim.com\/?p=5894","url_meta":{"origin":6033,"position":3},"title":"10 curiosidades sobre Honduras","author":"Renan","date":"maio 25, 2017","format":false,"excerpt":"Viajando por este pa\u00eds ainda pouco visitado por brasileiros, fomos nos surpreendendo com tantas informa\u00e7\u00f5es que nem t\u00ednhamos ideia antes de chegarmos aqui. A\u00ed v\u00e3o 10 curiosidades sobre Honduras! 1 \u2013 Honduras \u00e9 o \u00fanico pa\u00eds da Am\u00e9rica Central continental que n\u00e3o possui vulc\u00f5es ativos. 2 \u2013 Historicamente, Honduras \u00e9\u2026","rel":"","context":"Em &quot;Am\u00e9rica Central&quot;","block_context":{"text":"Am\u00e9rica Central","link":"https:\/\/mundosemfim.com\/?cat=382"},"img":{"alt_text":"","src":"https:\/\/i0.wp.com\/mundosemfim.com\/wp-content\/uploads\/2017\/05\/Hondur15-1.jpg?fit=761%2C370&ssl=1&resize=350%2C200","width":350,"height":200,"srcset":"https:\/\/i0.wp.com\/mundosemfim.com\/wp-content\/uploads\/2017\/05\/Hondur15-1.jpg?fit=761%2C370&ssl=1&resize=350%2C200 1x, https:\/\/i0.wp.com\/mundosemfim.com\/wp-content\/uploads\/2017\/05\/Hondur15-1.jpg?fit=761%2C370&ssl=1&resize=525%2C300 1.5x, https:\/\/i0.wp.com\/mundosemfim.com\/wp-content\/uploads\/2017\/05\/Hondur15-1.jpg?fit=761%2C370&ssl=1&resize=700%2C400 2x"},"classes":[]},{"id":6788,"url":"https:\/\/mundosemfim.com\/?p=6788","url_meta":{"origin":6033,"position":4},"title":"10 curiosidades sobre El Salvador","author":"Renan","date":"setembro 26, 2017","format":false,"excerpt":"Este pequeno pa\u00eds da Am\u00e9rica Central, que muitos evitam visitar por pensarem que \u00e9 perigoso, reserva muitas surpresas impressionantes. Aqui listamos 10 curiosidades sobre El Salvador! 1. A flor de \"O Pequeno Pr\u00edncipe\" \u00e9 de El Salvador. O escritor franc\u00eas Antoine de Saint-Exup\u00e9ry teria se inspirado na turbulenta rela\u00e7\u00e3o com\u2026","rel":"","context":"Em &quot;Am\u00e9rica Central&quot;","block_context":{"text":"Am\u00e9rica Central","link":"https:\/\/mundosemfim.com\/?cat=382"},"img":{"alt_text":"","src":"https:\/\/i0.wp.com\/mundosemfim.com\/wp-content\/uploads\/2017\/09\/flag-1040591_960_720.png?fit=780%2C440&ssl=1&resize=350%2C200","width":350,"height":200,"srcset":"https:\/\/i0.wp.com\/mundosemfim.com\/wp-content\/uploads\/2017\/09\/flag-1040591_960_720.png?fit=780%2C440&ssl=1&resize=350%2C200 1x, https:\/\/i0.wp.com\/mundosemfim.com\/wp-content\/uploads\/2017\/09\/flag-1040591_960_720.png?fit=780%2C440&ssl=1&resize=525%2C300 1.5x, https:\/\/i0.wp.com\/mundosemfim.com\/wp-content\/uploads\/2017\/09\/flag-1040591_960_720.png?fit=780%2C440&ssl=1&resize=700%2C400 2x"},"classes":[]},{"id":6141,"url":"https:\/\/mundosemfim.com\/?p=6141","url_meta":{"origin":6033,"position":5},"title":"Mochilando em El Salvador \u2013 nossa r\u00e1pida passagem pelo pa\u00eds!","author":"Renan","date":"julho 2, 2017","format":false,"excerpt":"Nossa passagem por El Salvador foi r\u00e1pida: dormimos apenas 3 noites no pa\u00eds e deixamos de conhecer muito lugar interessante. Mesmo assim gostamos de l\u00e1, e com certeza voltaremos algum dia. Aqui contamos como foi! Diferente dos outros resumos que escrevemos dos pa\u00edses, este n\u00e3o ser\u00e1 t\u00e3o completo, pois nossa\u2026","rel":"","context":"Em &quot;Am\u00e9rica Central&quot;","block_context":{"text":"Am\u00e9rica Central","link":"https:\/\/mundosemfim.com\/?cat=382"},"img":{"alt_text":"Nosso recorrido em El Salvador","src":"https:\/\/i0.wp.com\/mundosemfim.com\/wp-content\/uploads\/2017\/07\/mapa-el-salvador.jpg?fit=946%2C504&ssl=1&resize=350%2C200","width":350,"height":200,"srcset":"https:\/\/i0.wp.com\/mundosemfim.com\/wp-content\/uploads\/2017\/07\/mapa-el-salvador.jpg?fit=946%2C504&ssl=1&resize=350%2C200 1x, https:\/\/i0.wp.com\/mundosemfim.com\/wp-content\/uploads\/2017\/07\/mapa-el-salvador.jpg?fit=946%2C504&ssl=1&resize=525%2C300 1.5x, https:\/\/i0.wp.com\/mundosemfim.com\/wp-content\/uploads\/2017\/07\/mapa-el-salvador.jpg?fit=946%2C504&ssl=1&resize=700%2C400 2x"},"classes":[]}],"_links":{"self":[{"href":"https:\/\/mundosemfim.com\/index.php?rest_route=\/wp\/v2\/posts\/6033","targetHints":{"allow":["GET"]}}],"collection":[{"href":"https:\/\/mundosemfim.com\/index.php?rest_route=\/wp\/v2\/posts"}],"about":[{"href":"https:\/\/mundosemfim.com\/index.php?rest_route=\/wp\/v2\/types\/post"}],"author":[{"embeddable":true,"href":"https:\/\/mundosemfim.com\/index.php?rest_route=\/wp\/v2\/users\/1"}],"replies":[{"embeddable":true,"href":"https:\/\/mundosemfim.com\/index.php?rest_route=%2Fwp%2Fv2%2Fcomments&post=6033"}],"version-history":[{"count":1,"href":"https:\/\/mundosemfim.com\/index.php?rest_route=\/wp\/v2\/posts\/6033\/revisions"}],"predecessor-version":[{"id":6038,"href":"https:\/\/mundosemfim.com\/index.php?rest_route=\/wp\/v2\/posts\/6033\/revisions\/6038"}],"wp:featuredmedia":[{"embeddable":true,"href":"https:\/\/mundosemfim.com\/index.php?rest_route=\/wp\/v2\/media\/6034"}],"wp:attachment":[{"href":"https:\/\/mundosemfim.com\/index.php?rest_route=%2Fwp%2Fv2%2Fmedia&parent=6033"}],"wp:term":[{"taxonomy":"category","embeddable":true,"href":"https:\/\/mundosemfim.com\/index.php?rest_route=%2Fwp%2Fv2%2Fcategories&post=6033"},{"taxonomy":"post_tag","embeddable":true,"href":"https:\/\/mundosemfim.com\/index.php?rest_route=%2Fwp%2Fv2%2Ftags&post=6033"}],"curies":[{"name":"wp","href":"https:\/\/api.w.org\/{rel}","templated":true}]}}