{"id":5816,"date":"2017-05-14T16:13:49","date_gmt":"2017-05-14T19:13:49","guid":{"rendered":"https:\/\/mundosemfim.com\/?p=5816"},"modified":"2017-09-23T01:01:20","modified_gmt":"2017-09-23T04:01:20","slug":"mochilao-pela-nicaragua-roteiro-gastos-dicas-fotos-etc","status":"publish","type":"post","link":"https:\/\/mundosemfim.com\/?p=5816","title":{"rendered":"Mochil\u00e3o pela Nicar\u00e1gua \u2013 roteiro, gastos, dicas, fotos, etc"},"content":{"rendered":"<p>Com belas praias, in\u00fameros vulc\u00f5es, um povo alegre e um custo de vida baixo, a Nicar\u00e1gua \u00e9 um pa\u00eds que cada vez atrai mais turistas. Que tal consider\u00e1-la para as pr\u00f3ximas f\u00e9rias?<\/p>\n<p><!--more--><\/p>\n<p><b>C\u00e2mbio oficial (maio\/2017)<\/b><\/p>\n<p>1 real = 9,35 c\u00f3rdobas<br \/>\n1 d\u00f3lar = 29,80 c\u00f3rdobas<\/p>\n<figure id=\"attachment_5690\" aria-describedby=\"caption-attachment-5690\" style=\"width: 1000px\" class=\"wp-caption aligncenter\"><img data-recalc-dims=\"1\" loading=\"lazy\" decoding=\"async\" data-attachment-id=\"5690\" data-permalink=\"https:\/\/mundosemfim.com\/?attachment_id=5690\" data-orig-file=\"https:\/\/i0.wp.com\/mundosemfim.com\/wp-content\/uploads\/2017\/04\/DSC_0021-3.jpg?fit=1000%2C667&amp;ssl=1\" data-orig-size=\"1000,667\" data-comments-opened=\"1\" data-image-meta=\"{&quot;aperture&quot;:&quot;0&quot;,&quot;credit&quot;:&quot;&quot;,&quot;camera&quot;:&quot;&quot;,&quot;caption&quot;:&quot;&quot;,&quot;created_timestamp&quot;:&quot;0&quot;,&quot;copyright&quot;:&quot;&quot;,&quot;focal_length&quot;:&quot;0&quot;,&quot;iso&quot;:&quot;0&quot;,&quot;shutter_speed&quot;:&quot;0&quot;,&quot;title&quot;:&quot;&quot;,&quot;orientation&quot;:&quot;0&quot;}\" data-image-title=\"Ometepe\" data-image-description=\"&lt;p&gt;Os dois vulc\u00f5es da ilha Ometepe, vista da Punta Jes\u00fas Mar\u00eda&lt;\/p&gt;\n\" data-image-caption=\"&lt;p&gt;Os dois vulc\u00f5es da ilha Ometepe, vista da Punta Jes\u00fas Mar\u00eda&lt;\/p&gt;\n\" data-large-file=\"https:\/\/i0.wp.com\/mundosemfim.com\/wp-content\/uploads\/2017\/04\/DSC_0021-3.jpg?fit=764%2C510&amp;ssl=1\" class=\"size-full wp-image-5690\" src=\"https:\/\/i0.wp.com\/mundosemfim.com\/wp-content\/uploads\/2017\/04\/DSC_0021-3.jpg?resize=764%2C510&#038;ssl=1\" alt=\"Os dois vulc\u00f5es da ilha Ometepe, vista da Punta Jes\u00fas Mar\u00eda\" width=\"764\" height=\"510\" srcset=\"https:\/\/i0.wp.com\/mundosemfim.com\/wp-content\/uploads\/2017\/04\/DSC_0021-3.jpg?w=1000&amp;ssl=1 1000w, https:\/\/i0.wp.com\/mundosemfim.com\/wp-content\/uploads\/2017\/04\/DSC_0021-3.jpg?resize=300%2C200&amp;ssl=1 300w, https:\/\/i0.wp.com\/mundosemfim.com\/wp-content\/uploads\/2017\/04\/DSC_0021-3.jpg?resize=768%2C512&amp;ssl=1 768w\" sizes=\"auto, (max-width: 764px) 100vw, 764px\" \/><figcaption id=\"caption-attachment-5690\" class=\"wp-caption-text\">Ilha de Ometepe, Nicar\u00e1gua<\/figcaption><\/figure>\n<h3><b>Nicar\u00e1gua<\/b><\/h3>\n<p>Quem visita este pa\u00eds seguro, com povo animado e belas cidades coloniais, custa a acreditar que, at\u00e9 poucas d\u00e9cadas atr\u00e1s, ele se encontrava em guerra civil.<\/p>\n<p>A instabilidade pol\u00edtica da Nicar\u00e1gua come\u00e7ou logo ap\u00f3s sua independ\u00eancia, em 1821. Essa independ\u00eancia, n\u00e3o muito organizada e sem a presen\u00e7a de um l\u00edder bem definido, fez com que o pa\u00eds entrasse em v\u00e1rios conflitos internos, e logo caiu na m\u00e3o dos EUA. Da\u00ed pra frente, o Tio Sam sempre manteve a Nicar\u00e1gua sob suas m\u00e3os, controlando o sistema banc\u00e1rio, ferrovi\u00e1rio e enviando tropas para anular uma ou outra elei\u00e7\u00e3o quando o candidato vencedor n\u00e3o compartilhasse de seus interesses econ\u00f4micos.<\/p>\n<p>Na d\u00e9cada de 1920 e 1930, algumas guerrilhas nacionais lutaram e conseguiram expulsar as tropas dos EUA do pa\u00eds. Dentre estes revolucion\u00e1rios estava C\u00e9sar Sandino, que se tornaria um her\u00f3i na Am\u00e9rica Central.<\/p>\n<figure id=\"attachment_5820\" aria-describedby=\"caption-attachment-5820\" style=\"width: 1000px\" class=\"wp-caption aligncenter\"><img data-recalc-dims=\"1\" loading=\"lazy\" decoding=\"async\" data-attachment-id=\"5820\" data-permalink=\"https:\/\/mundosemfim.com\/?attachment_id=5820\" data-orig-file=\"https:\/\/i0.wp.com\/mundosemfim.com\/wp-content\/uploads\/2017\/05\/DSC_0030.jpg?fit=1000%2C667&amp;ssl=1\" data-orig-size=\"1000,667\" data-comments-opened=\"1\" data-image-meta=\"{&quot;aperture&quot;:&quot;0&quot;,&quot;credit&quot;:&quot;&quot;,&quot;camera&quot;:&quot;&quot;,&quot;caption&quot;:&quot;&quot;,&quot;created_timestamp&quot;:&quot;0&quot;,&quot;copyright&quot;:&quot;&quot;,&quot;focal_length&quot;:&quot;0&quot;,&quot;iso&quot;:&quot;0&quot;,&quot;shutter_speed&quot;:&quot;0&quot;,&quot;title&quot;:&quot;&quot;,&quot;orientation&quot;:&quot;0&quot;}\" data-image-title=\"Nicar\u00e1gua\" data-image-description=\"&lt;p&gt;Est\u00e1tua de Sandino em Man\u00e1gua&lt;\/p&gt;\n\" data-image-caption=\"&lt;p&gt;Est\u00e1tua de Sandino, o her\u00f3i da Nicar\u00e1gua&lt;\/p&gt;\n\" data-large-file=\"https:\/\/i0.wp.com\/mundosemfim.com\/wp-content\/uploads\/2017\/05\/DSC_0030.jpg?fit=764%2C510&amp;ssl=1\" class=\"size-full wp-image-5820\" src=\"https:\/\/i0.wp.com\/mundosemfim.com\/wp-content\/uploads\/2017\/05\/DSC_0030.jpg?resize=764%2C510&#038;ssl=1\" alt=\"Est\u00e1tua de Sandino em Man\u00e1gua\" width=\"764\" height=\"510\" srcset=\"https:\/\/i0.wp.com\/mundosemfim.com\/wp-content\/uploads\/2017\/05\/DSC_0030.jpg?w=1000&amp;ssl=1 1000w, https:\/\/i0.wp.com\/mundosemfim.com\/wp-content\/uploads\/2017\/05\/DSC_0030.jpg?resize=300%2C200&amp;ssl=1 300w, https:\/\/i0.wp.com\/mundosemfim.com\/wp-content\/uploads\/2017\/05\/DSC_0030.jpg?resize=768%2C512&amp;ssl=1 768w\" sizes=\"auto, (max-width: 764px) 100vw, 764px\" \/><figcaption id=\"caption-attachment-5820\" class=\"wp-caption-text\">Est\u00e1tua de Sandino, o her\u00f3i da Nicar\u00e1gua<\/figcaption><\/figure>\n<p>Neste cen\u00e1rio, Anastasio Somoza, l\u00edder da Guarda Nacional, armou um golpe para assumir o poder e assassinou Sandino. Isso deixaria os EUA tranquilos por enquanto.<\/p>\n<p>Entre 1938 e 1976, a fam\u00edlia Somoza controlou o pa\u00eds. Este dom\u00ednio s\u00f3 foi derrubado quando as tropas revolucion\u00e1rias da Frente Sandinista de Liberta\u00e7\u00e3o Nacional derrotaram a Guarda Nacional e assumiram o controle pol\u00edtico do pa\u00eds.<\/p>\n<p>Com medo do avan\u00e7o socialista na Am\u00e9rica, os Estados Unidos, na \u00e9poca liderado por Reagan, passaram a financiar o ex\u00e9rcito dos &#8220;Contra&#8221;, um grupo armado conservador nicaraguense.<\/p>\n<p>Sem condi\u00e7\u00f5es de manter outra guerra civil, os Sandinistas instauraram um regime democr\u00e1tico, e Daniel Ortega, seu candidato, ganhou aquela que seria a primeira elei\u00e7\u00e3o considerada livre e justa no pa\u00eds. Em 1990, a candidata da oposi\u00e7\u00e3o, Violeta Chamorro, derrotou os sandinistas, e assim os conflitos finalmente acabaram.<\/p>\n<p>Em 2011, Ortega ganharia novamente as elei\u00e7\u00f5es, trazendo o partido sandinista de volta ao poder. Reeleito em 2014, ele \u00e9 o presidente at\u00e9 os dias atuais.<\/p>\n<p>A influ\u00eancia da esquerda \u00e9 bem vis\u00edvel pelas ruas do pa\u00eds, com v\u00e1rias homenagens a Che Guevara, Sim\u00f3n Bol\u00edvar, Hugo Ch\u00e1vez, Sandino e outros.<\/p>\n<figure id=\"attachment_5821\" aria-describedby=\"caption-attachment-5821\" style=\"width: 1000px\" class=\"wp-caption aligncenter\"><img data-recalc-dims=\"1\" loading=\"lazy\" decoding=\"async\" data-attachment-id=\"5821\" data-permalink=\"https:\/\/mundosemfim.com\/?attachment_id=5821\" data-orig-file=\"https:\/\/i0.wp.com\/mundosemfim.com\/wp-content\/uploads\/2017\/05\/DSC_0046.jpg?fit=1000%2C667&amp;ssl=1\" data-orig-size=\"1000,667\" data-comments-opened=\"1\" data-image-meta=\"{&quot;aperture&quot;:&quot;0&quot;,&quot;credit&quot;:&quot;&quot;,&quot;camera&quot;:&quot;&quot;,&quot;caption&quot;:&quot;&quot;,&quot;created_timestamp&quot;:&quot;0&quot;,&quot;copyright&quot;:&quot;&quot;,&quot;focal_length&quot;:&quot;0&quot;,&quot;iso&quot;:&quot;0&quot;,&quot;shutter_speed&quot;:&quot;0&quot;,&quot;title&quot;:&quot;&quot;,&quot;orientation&quot;:&quot;0&quot;}\" data-image-title=\"Nicar\u00e1gua\" data-image-description=\"&lt;p&gt;Est\u00e1tua de Sim\u00f3n Bolivar em Man\u00e1gua&lt;\/p&gt;\n\" data-image-caption=\"&lt;p&gt;Est\u00e1tua de Sim\u00f3n Bolivar em Man\u00e1gua&lt;\/p&gt;\n\" data-large-file=\"https:\/\/i0.wp.com\/mundosemfim.com\/wp-content\/uploads\/2017\/05\/DSC_0046.jpg?fit=764%2C510&amp;ssl=1\" class=\"size-full wp-image-5821\" src=\"https:\/\/i0.wp.com\/mundosemfim.com\/wp-content\/uploads\/2017\/05\/DSC_0046.jpg?resize=764%2C510&#038;ssl=1\" alt=\"Est\u00e1tua de Sim\u00f3n Bolivar em Man\u00e1gua\" width=\"764\" height=\"510\" srcset=\"https:\/\/i0.wp.com\/mundosemfim.com\/wp-content\/uploads\/2017\/05\/DSC_0046.jpg?w=1000&amp;ssl=1 1000w, https:\/\/i0.wp.com\/mundosemfim.com\/wp-content\/uploads\/2017\/05\/DSC_0046.jpg?resize=300%2C200&amp;ssl=1 300w, https:\/\/i0.wp.com\/mundosemfim.com\/wp-content\/uploads\/2017\/05\/DSC_0046.jpg?resize=768%2C512&amp;ssl=1 768w\" sizes=\"auto, (max-width: 764px) 100vw, 764px\" \/><figcaption id=\"caption-attachment-5821\" class=\"wp-caption-text\">Est\u00e1tua de Sim\u00f3n Bolivar em Man\u00e1gua<\/figcaption><\/figure>\n<h3><b>O canal da Nicar\u00e1gua<\/b><\/h3>\n<p>Com o avan\u00e7o da esquerda em um pa\u00eds estrat\u00e9gico, China e R\u00fassia come\u00e7aram a planejar a cria\u00e7\u00e3o de seu pr\u00f3prio canal na Nicar\u00e1gua, em concorr\u00eancia ao <a href=\"https:\/\/mundosemfim.com\/canal-do-panama-conheca-historia-e-aprenda-como-chegar-de-forma-economica\/\">Canal do Panam\u00e1<\/a>, constru\u00eddo pelos EUA. O controle de uma rota mar\u00edtima entre o Oceano Atl\u00e2ntico e o Oceano Pac\u00edfico seria de suma import\u00e2ncia comercial e militar. Basicamente, a China entraria com o dinheiro e a R\u00fassia com a seguran\u00e7a.<\/p>\n<p>Dif\u00edcil dizer se o canal ser\u00e1 ou n\u00e3o constru\u00eddo, mas os protestos dos camponeses contra a sua cria\u00e7\u00e3o est\u00e3o entre as principais not\u00edcias do pa\u00eds.<\/p>\n<h3><b>Lugares que passamos<\/b><\/h3>\n<ul>\n<li><a href=\"https:\/\/mundosemfim.com\/visitando-san-juan-del-sur-praia-mais-popular-da-nicaragua\/\">San Juan del Sur<\/a>, a praia mais popular do pa\u00eds;<\/li>\n<li><a href=\"https:\/\/mundosemfim.com\/ilha-ometepe-um-paraiso-relaxante-na-nicaragua\/\">Ilha Ometepe<\/a>, com sua beleza e cultura excepcionais;<\/li>\n<li><a href=\"https:\/\/mundosemfim.com\/conhecendo-granada-bela-cidade-colonial-da-nicaragua\/\">Granada<\/a>, uma bela cidade colonial conservadora;<\/li>\n<li><a href=\"https:\/\/mundosemfim.com\/conheca-o-vulcao-masaya-nicaragua-e-veja-lava-em-sua-cratera\/\">Vulc\u00e3o Masaya<\/a>, onde \u00e9 poss\u00edvel ver lava no interior de sua cratera;<\/li>\n<li><a href=\"https:\/\/mundosemfim.com\/visitando-managua-moderna-capital-da-nicaragua\/\">Man\u00e1gua<\/a>, a bela capital que se ergueu das cinzas depois de ser destru\u00edda por um terremoto;<\/li>\n<li><a href=\"https:\/\/mundosemfim.com\/visitando-leon-uma-linda-cidade-colonial-na-nicaragua\/\">Le\u00f3n<\/a>, a cidade colonial capital da revolu\u00e7\u00e3o;<\/li>\n<li><a href=\"https:\/\/mundosemfim.com\/conhecendo-o-canion-de-somoto-sem-gastar-quase-nada-nicaragua\/\">C\u00e2nion de Somoto<\/a>, uma joia ainda pouco conhecida no pa\u00eds.<\/li>\n<\/ul>\n<figure id=\"attachment_5793\" aria-describedby=\"caption-attachment-5793\" style=\"width: 1000px\" class=\"wp-caption aligncenter\"><img data-recalc-dims=\"1\" loading=\"lazy\" decoding=\"async\" data-attachment-id=\"5793\" data-permalink=\"https:\/\/mundosemfim.com\/?attachment_id=5793\" data-orig-file=\"https:\/\/i0.wp.com\/mundosemfim.com\/wp-content\/uploads\/2017\/05\/DSC_0135.jpg?fit=1000%2C667&amp;ssl=1\" data-orig-size=\"1000,667\" data-comments-opened=\"1\" data-image-meta=\"{&quot;aperture&quot;:&quot;0&quot;,&quot;credit&quot;:&quot;&quot;,&quot;camera&quot;:&quot;&quot;,&quot;caption&quot;:&quot;&quot;,&quot;created_timestamp&quot;:&quot;0&quot;,&quot;copyright&quot;:&quot;&quot;,&quot;focal_length&quot;:&quot;0&quot;,&quot;iso&quot;:&quot;0&quot;,&quot;shutter_speed&quot;:&quot;0&quot;,&quot;title&quot;:&quot;&quot;,&quot;orientation&quot;:&quot;0&quot;}\" data-image-title=\"C\u00e2nion de Somoto\" data-image-description=\"&lt;p&gt;Ca\u00f1on de Somoto, Nicar\u00e1gua&lt;\/p&gt;\n\" data-image-caption=\"&lt;p&gt;N\u00f4s cruzando o C\u00e2nion de Somoto&lt;\/p&gt;\n\" data-large-file=\"https:\/\/i0.wp.com\/mundosemfim.com\/wp-content\/uploads\/2017\/05\/DSC_0135.jpg?fit=764%2C510&amp;ssl=1\" class=\"size-full wp-image-5793\" src=\"https:\/\/i0.wp.com\/mundosemfim.com\/wp-content\/uploads\/2017\/05\/DSC_0135.jpg?resize=764%2C510&#038;ssl=1\" alt=\"C\u00e2nion de Somoto, Nicar\u00e1gua\" width=\"764\" height=\"510\" srcset=\"https:\/\/i0.wp.com\/mundosemfim.com\/wp-content\/uploads\/2017\/05\/DSC_0135.jpg?w=1000&amp;ssl=1 1000w, https:\/\/i0.wp.com\/mundosemfim.com\/wp-content\/uploads\/2017\/05\/DSC_0135.jpg?resize=300%2C200&amp;ssl=1 300w, https:\/\/i0.wp.com\/mundosemfim.com\/wp-content\/uploads\/2017\/05\/DSC_0135.jpg?resize=768%2C512&amp;ssl=1 768w\" sizes=\"auto, (max-width: 764px) 100vw, 764px\" \/><figcaption id=\"caption-attachment-5793\" class=\"wp-caption-text\">N\u00f4s cruzando o C\u00e2nion de Somoto<\/figcaption><\/figure>\n<h3><b>Lugares que n\u00e3o visitamos, mas que merecem destaque<\/b><\/h3>\n<ul>\n<li>Corn Island, ou Isla del Ma\u00edz, em pleno caribe nicaraguense;<\/li>\n<li>Rio San Francisco, na fronteira com a Costa Rica.<\/li>\n<\/ul>\n<p>Aqui est\u00e1 nosso roteiro:<\/p>\n<figure id=\"attachment_5818\" aria-describedby=\"caption-attachment-5818\" style=\"width: 987px\" class=\"wp-caption aligncenter\"><img data-recalc-dims=\"1\" loading=\"lazy\" decoding=\"async\" data-attachment-id=\"5818\" data-permalink=\"https:\/\/mundosemfim.com\/?attachment_id=5818\" data-orig-file=\"https:\/\/i0.wp.com\/mundosemfim.com\/wp-content\/uploads\/2017\/05\/mapa-1.png?fit=987%2C637&amp;ssl=1\" data-orig-size=\"987,637\" data-comments-opened=\"1\" data-image-meta=\"{&quot;aperture&quot;:&quot;0&quot;,&quot;credit&quot;:&quot;&quot;,&quot;camera&quot;:&quot;&quot;,&quot;caption&quot;:&quot;&quot;,&quot;created_timestamp&quot;:&quot;0&quot;,&quot;copyright&quot;:&quot;&quot;,&quot;focal_length&quot;:&quot;0&quot;,&quot;iso&quot;:&quot;0&quot;,&quot;shutter_speed&quot;:&quot;0&quot;,&quot;title&quot;:&quot;&quot;,&quot;orientation&quot;:&quot;0&quot;}\" data-image-title=\"Nicar\u00e1gua\" data-image-description=\"&lt;p&gt;Mochil\u00e3o pela Nicar\u00e1gua&lt;\/p&gt;\n\" data-image-caption=\"&lt;p&gt;Nosso recorrido pela Nicar\u00e1gua&lt;\/p&gt;\n\" data-large-file=\"https:\/\/i0.wp.com\/mundosemfim.com\/wp-content\/uploads\/2017\/05\/mapa-1.png?fit=764%2C493&amp;ssl=1\" class=\"size-full wp-image-5818\" src=\"https:\/\/i0.wp.com\/mundosemfim.com\/wp-content\/uploads\/2017\/05\/mapa-1.png?resize=764%2C493&#038;ssl=1\" alt=\"Mochil\u00e3o pela Nicar\u00e1gua\" width=\"764\" height=\"493\" srcset=\"https:\/\/i0.wp.com\/mundosemfim.com\/wp-content\/uploads\/2017\/05\/mapa-1.png?w=987&amp;ssl=1 987w, https:\/\/i0.wp.com\/mundosemfim.com\/wp-content\/uploads\/2017\/05\/mapa-1.png?resize=300%2C194&amp;ssl=1 300w, https:\/\/i0.wp.com\/mundosemfim.com\/wp-content\/uploads\/2017\/05\/mapa-1.png?resize=768%2C496&amp;ssl=1 768w\" sizes=\"auto, (max-width: 764px) 100vw, 764px\" \/><figcaption id=\"caption-attachment-5818\" class=\"wp-caption-text\">Nosso recorrido pela Nicar\u00e1gua<\/figcaption><\/figure>\n<p>Passamos apenas 23 dias na Nicar\u00e1gua. Gostar\u00edamos de ter ficado mais, mas infelizmente limita\u00e7\u00f5es do visto (explicamos mais abaixo) nos fizeram apertar um pouco o passo.<\/p>\n<p>Estes s\u00e3o nossos n\u00fameros:<\/p>\n<ul>\n<li>23 dias<\/li>\n<li>1820,07 reais gastos*<\/li>\n<\/ul>\n<p><b>Sobre os gastos*, ficou assim:<\/b><\/p>\n<ul>\n<li>Hospedagem: R$ 457,39<\/li>\n<li>Transporte: R$ 145<\/li>\n<li>Mercado: R$ 543,63<\/li>\n<li>Restaurante: R$ 377,18<\/li>\n<li>Passeios: R$ 174,98<\/li>\n<li>Taxas de entrada\/sa\u00edda: 32 d\u00f3lares<\/li>\n<li>Outros: R$ 18,89<\/li>\n<\/ul>\n<p><i>*(todos os gastos s\u00e3o para o casal; para saber os gastos individuais, divida por 2).<\/i><\/p>\n<p><b>A m\u00e9dia di\u00e1ria* ficou:<\/b><\/p>\n<ul>\n<li>M\u00e9dia: R$ 79,13\/dia<\/li>\n<li>Hospedagem: R$ 19,89\/dia<\/li>\n<li>Hospedagem (excluindo os dias que dormimos de gra\u00e7a): R$ 41,58\/dia<\/li>\n<li>Transporte: R$ 6,30\/dia<\/li>\n<li>Mercado: R$ 23,64\/dia<\/li>\n<li>Restaurante: R$ 16,40\/dia<\/li>\n<li>Passeios: R$ 7,61\/dia<\/li>\n<li>Outros: R$ 0,82\/dia<\/li>\n<\/ul>\n<p><i>*(todos os gastos s\u00e3o para o casal; para saber os gastos individuais, divida por 2).<\/i><\/p>\n<figure id=\"attachment_5819\" aria-describedby=\"caption-attachment-5819\" style=\"width: 451px\" class=\"wp-caption aligncenter\"><img data-recalc-dims=\"1\" loading=\"lazy\" decoding=\"async\" data-attachment-id=\"5819\" data-permalink=\"https:\/\/mundosemfim.com\/?attachment_id=5819\" data-orig-file=\"https:\/\/i0.wp.com\/mundosemfim.com\/wp-content\/uploads\/2017\/05\/gastos.png?fit=451%2C330&amp;ssl=1\" data-orig-size=\"451,330\" data-comments-opened=\"1\" data-image-meta=\"{&quot;aperture&quot;:&quot;0&quot;,&quot;credit&quot;:&quot;&quot;,&quot;camera&quot;:&quot;&quot;,&quot;caption&quot;:&quot;&quot;,&quot;created_timestamp&quot;:&quot;0&quot;,&quot;copyright&quot;:&quot;&quot;,&quot;focal_length&quot;:&quot;0&quot;,&quot;iso&quot;:&quot;0&quot;,&quot;shutter_speed&quot;:&quot;0&quot;,&quot;title&quot;:&quot;&quot;,&quot;orientation&quot;:&quot;0&quot;}\" data-image-title=\"Nicar\u00e1gua\" data-image-description=\"&lt;p&gt;Mochil\u00e3o pela Nicar\u00e1gua&lt;\/p&gt;\n\" data-image-caption=\"&lt;p&gt;Distribui\u00e7\u00e3o dos nossos gastos na Nicar\u00e1gua&lt;\/p&gt;\n\" data-large-file=\"https:\/\/i0.wp.com\/mundosemfim.com\/wp-content\/uploads\/2017\/05\/gastos.png?fit=451%2C330&amp;ssl=1\" class=\"size-full wp-image-5819\" src=\"https:\/\/i0.wp.com\/mundosemfim.com\/wp-content\/uploads\/2017\/05\/gastos.png?resize=451%2C330&#038;ssl=1\" alt=\"Mochil\u00e3o pela Nicar\u00e1gua\" width=\"451\" height=\"330\" srcset=\"https:\/\/i0.wp.com\/mundosemfim.com\/wp-content\/uploads\/2017\/05\/gastos.png?w=451&amp;ssl=1 451w, https:\/\/i0.wp.com\/mundosemfim.com\/wp-content\/uploads\/2017\/05\/gastos.png?resize=300%2C220&amp;ssl=1 300w\" sizes=\"auto, (max-width: 451px) 100vw, 451px\" \/><figcaption id=\"caption-attachment-5819\" class=\"wp-caption-text\">Distribui\u00e7\u00e3o dos nossos gastos na Nicar\u00e1gua<\/figcaption><\/figure>\n<p>A distribui\u00e7\u00e3o das hospedagens foi assim:<\/p>\n<ul>\n<li>Pagas: 11<\/li>\n<li>Gr\u00e1tis: 12<\/li>\n<\/ul>\n<p>Os locais onde dormimos foram:<\/p>\n<ul>\n<li>Hotel\/hostel: 20<\/li>\n<li><a href=\"https:\/\/www.airbnb.com.br\/c\/renang98\">AirBnb<\/a>: 2<\/li>\n<\/ul>\n<p>(a noite faltante foi que dormimos em Honduras).<\/p>\n<p>Talvez porque o turismo ainda esteja crescendo no pa\u00eds, tivemos bastante sucesso em conseguir hospedagens gr\u00e1tis em troca de fotos ou de divulgar o local em nosso blog. Isso nos ajudou muito a manter nossa m\u00e9dia baixa. Tamb\u00e9m tivemos bastante apoio da Rede de Guias de Turismo da Nicar\u00e1gua, que nos prestou com todas as informa\u00e7\u00f5es necess\u00e1rias para que pud\u00e9ssemos escrever um post bem detalhado do pa\u00eds.<\/p>\n<figure id=\"attachment_5761\" aria-describedby=\"caption-attachment-5761\" style=\"width: 1000px\" class=\"wp-caption aligncenter\"><img data-recalc-dims=\"1\" loading=\"lazy\" decoding=\"async\" data-attachment-id=\"5761\" data-permalink=\"https:\/\/mundosemfim.com\/?attachment_id=5761\" data-orig-file=\"https:\/\/i0.wp.com\/mundosemfim.com\/wp-content\/uploads\/2017\/05\/DSC_0055.jpg?fit=1000%2C667&amp;ssl=1\" data-orig-size=\"1000,667\" data-comments-opened=\"1\" data-image-meta=\"{&quot;aperture&quot;:&quot;0&quot;,&quot;credit&quot;:&quot;&quot;,&quot;camera&quot;:&quot;&quot;,&quot;caption&quot;:&quot;&quot;,&quot;created_timestamp&quot;:&quot;0&quot;,&quot;copyright&quot;:&quot;&quot;,&quot;focal_length&quot;:&quot;0&quot;,&quot;iso&quot;:&quot;0&quot;,&quot;shutter_speed&quot;:&quot;0&quot;,&quot;title&quot;:&quot;&quot;,&quot;orientation&quot;:&quot;0&quot;}\" data-image-title=\"Le\u00f3n\" data-image-description=\"&lt;p&gt;Mucuvinha na Catedral de Le\u00f3n, Nicar\u00e1gua&lt;\/p&gt;\n\" data-image-caption=\"&lt;p&gt;Mucuvinha em frente \u00e0 Catedral de Le\u00f3n&lt;\/p&gt;\n\" data-large-file=\"https:\/\/i0.wp.com\/mundosemfim.com\/wp-content\/uploads\/2017\/05\/DSC_0055.jpg?fit=764%2C510&amp;ssl=1\" class=\"size-full wp-image-5761\" src=\"https:\/\/i0.wp.com\/mundosemfim.com\/wp-content\/uploads\/2017\/05\/DSC_0055.jpg?resize=764%2C510&#038;ssl=1\" alt=\"Mucuvinha na Catedral de Le\u00f3n, Nicar\u00e1gua\" width=\"764\" height=\"510\" srcset=\"https:\/\/i0.wp.com\/mundosemfim.com\/wp-content\/uploads\/2017\/05\/DSC_0055.jpg?w=1000&amp;ssl=1 1000w, https:\/\/i0.wp.com\/mundosemfim.com\/wp-content\/uploads\/2017\/05\/DSC_0055.jpg?resize=300%2C200&amp;ssl=1 300w, https:\/\/i0.wp.com\/mundosemfim.com\/wp-content\/uploads\/2017\/05\/DSC_0055.jpg?resize=768%2C512&amp;ssl=1 768w\" sizes=\"auto, (max-width: 764px) 100vw, 764px\" \/><figcaption id=\"caption-attachment-5761\" class=\"wp-caption-text\">Mucuvinha em frente \u00e0 Catedral de Le\u00f3n, um monumento da UNESCO na Nicar\u00e1gua<\/figcaption><\/figure>\n<h3><b>Pre\u00e7os<\/b><\/h3>\n<p>Apesar de ser um destino bastante procurado por norte-americanos e europeus, a Nicar\u00e1gua \u00e9 um pa\u00eds econ\u00f4mico para se viajar, caso use o transporte p\u00fablico local e busque as hospedagens mais baratas. Os destinos mais tur\u00edsticos (como <a href=\"https:\/\/mundosemfim.com\/visitando-san-juan-del-sur-praia-mais-popular-da-nicaragua\/\">San Juan del Sur<\/a>) costumam ser mais caros, mas ainda assim baratos se comparados ao Brasil.<\/p>\n<ul>\n<li><i>Hospedagens:<\/i> Em praticamente todas as cidades \u00e9 poss\u00edvel encontrar hostels econ\u00f4micos a partir de 5 d\u00f3lares em um quarto compartilhado. Os hostels mais populares entre estrangeiros (com comodidades como atendente que fala ingl\u00eas e conv\u00eanio com ag\u00eancias de viagens) ficam na faixa de 8 a 10 d\u00f3lares por pessoa.<br \/>\nNas cidades pequenas, um quarto privado para um casal fica a partir de 10 d\u00f3lares. Nas cidades maiores e destinos mais tur\u00edsticos, o pre\u00e7o come\u00e7a em 15 d\u00f3lares.<br \/>\nUm quarto de casal em um hotel bom, com TV e ar condicionado, j\u00e1 sai a partir de 40 d\u00f3lares.<\/li>\n<li><i>Mercado:<\/i> Os supermercados da Nicar\u00e1gua s\u00e3o baratos. Itens de higiene, como desodorante e xampu, s\u00e3o bem baratos. Se estiver indo para a Costa Rica, vale a pena comprar tudo isso por aqui. Um desodorante aerosol de marca boa custa 50 c\u00f3rdobas.<br \/>\nA comida tamb\u00e9m \u00e9 barata: um p\u00e3o de forma sai a partir de 30 c\u00f3rdobas. Um gal\u00e3o de \u00e1gua mineral (3,78L) custa 35 c\u00f3rdobas. A carne (frango, porco, vaca) fica na faixa de 120 c\u00f3rdobas o quilo.<br \/>\nOs supermercados mais econ\u00f4micos s\u00e3o os da rede Pal\u00ed.<\/li>\n<li><i>Transporte:<\/i> Viajar de \u00f4nibus pela Nicar\u00e1gua \u00e9 barato. Os \u00f4nibus populares do pa\u00eds (chamados <i>chicken bus<\/i>) s\u00e3o antigos \u00f4nibus escolares dos EUA. Sempre usamos este meio de transporte (com exce\u00e7\u00e3o da viagem <a href=\"https:\/\/mundosemfim.com\/visitando-managua-moderna-capital-da-nicaragua\/\">Man\u00e1gua<\/a>&#8211;<a href=\"https:\/\/mundosemfim.com\/visitando-leon-uma-linda-cidade-colonial-na-nicaragua\/\">Le\u00f3n<\/a>, que fizemos em van). Aqui est\u00e1 quanto gastamos (por pessoa):<br \/>\n<a href=\"https:\/\/mundosemfim.com\/cruzando-fronteira-costa-rica-nicaragua-por-penas-blancas\/\">Fronteira Costa Rica<\/a> \u2013 Rivas: 2 horas, 20 c\u00f3rdobas;<br \/>\nRivas \u2013 <a href=\"https:\/\/mundosemfim.com\/visitando-san-juan-del-sur-praia-mais-popular-da-nicaragua\/\">San Juan del Sur<\/a>: 1 hora e meia, 20 c\u00f3rdobas;<br \/>\nRivas \u2013 <a href=\"https:\/\/mundosemfim.com\/conhecendo-granada-bela-cidade-colonial-da-nicaragua\/\">Granada<\/a>: 2 horas, 32 c\u00f3rdobas;<br \/>\n<a href=\"https:\/\/mundosemfim.com\/conhecendo-granada-bela-cidade-colonial-da-nicaragua\/\">Granada<\/a> \u2013 <a href=\"https:\/\/mundosemfim.com\/visitando-managua-moderna-capital-da-nicaragua\/\">Man\u00e1gua<\/a>: 1h30min, 29 c\u00f3rdobas;<br \/>\n<a href=\"https:\/\/mundosemfim.com\/visitando-managua-moderna-capital-da-nicaragua\/\">Man\u00e1gua<\/a> \u2013 <a href=\"https:\/\/mundosemfim.com\/visitando-leon-uma-linda-cidade-colonial-na-nicaragua\/\">Le\u00f3n<\/a> (em van): 1h30min, 54 c\u00f3rdobas;<br \/>\n<a href=\"https:\/\/mundosemfim.com\/visitando-leon-uma-linda-cidade-colonial-na-nicaragua\/\">Le\u00f3n<\/a> \u2013 Estel\u00ed: 3 horas, 80 c\u00f3rdobas;<br \/>\nEstel\u00ed \u2013 <a href=\"https:\/\/mundosemfim.com\/conhecendo-o-canion-de-somoto-sem-gastar-quase-nada-nicaragua\/\">Somoto<\/a>: 2 horas, 35 c\u00f3rdobas;<br \/>\n<a href=\"https:\/\/mundosemfim.com\/conhecendo-o-canion-de-somoto-sem-gastar-quase-nada-nicaragua\/\">Somoto<\/a> \u2013 Ocotal: 45 minutos, 16 c\u00f3rdobas;<br \/>\nOcotal \u2013 <a href=\"https:\/\/mundosemfim.com\/cruzando-fronteira-nicaragua-honduras-por-las-manos\/\">Fronteira Honduras<\/a>: 40 minutos, 15 c\u00f3rdobas.<br \/>\nO pre\u00e7o dos \u00f4nibus \u00e9 exibido no p\u00e1ra-brisas, pelo lado de dentro. Uma boa dar uma conferida para evitar que cobrem mais caro. Se poss\u00edvel, d\u00ea a quantia exata. Se o troco for algumas moedas, provavelmente n\u00e3o te dar\u00e3o se voc\u00ea n\u00e3o pedir.<br \/>\nUma desculpa que alguns \u00f4nibus usam para explorar os turistas \u00e9 querer cobrar a bagagem em separado. Isso costuma acontecer somente nas regi\u00f5es mais tur\u00edsticas. Geralmente cobram entre 10 e 20 c\u00f3rdobas por mochila.<\/li>\n<li><i>Restaurantes:<\/i> Comer na Nicar\u00e1gua tamb\u00e9m \u00e9 barato. \u00c9 poss\u00edvel encontrar menus econ\u00f4micos a partir de 45 c\u00f3rdobas. Se comer em um restaurante mais tur\u00edstico, espere pagar algo entre 100 e 200 c\u00f3rdobas em um prato.<\/li>\n<li><i>Bebidas:<\/i> Beber cerveja na Nicar\u00e1gua tamb\u00e9m \u00e9 barato. Um litr\u00e3o das marcas nacionais (as populares s\u00e3o a To\u00f1a e a Victoria) no bar sai entre 45 e 65 c\u00f3rdobas.<br \/>\nUma coca-cola de 350ml nos restaurantes geralmente fica entre 10 e 20 c\u00f3rdobas.<br \/>\nSe gosta de beber rum, n\u00e3o deixe de provar o excelente Flor de Ca\u00f1a, produto nicaraguense e bastante premiado. A garrafa de 1 litro custa a partir de 190 c\u00f3rdobas.<\/li>\n<\/ul>\n<figure id=\"attachment_5693\" aria-describedby=\"caption-attachment-5693\" style=\"width: 1000px\" class=\"wp-caption aligncenter\"><img data-recalc-dims=\"1\" loading=\"lazy\" decoding=\"async\" data-attachment-id=\"5693\" data-permalink=\"https:\/\/mundosemfim.com\/?attachment_id=5693\" data-orig-file=\"https:\/\/i0.wp.com\/mundosemfim.com\/wp-content\/uploads\/2017\/04\/DSC_0020-2.jpg?fit=1000%2C667&amp;ssl=1\" data-orig-size=\"1000,667\" data-comments-opened=\"1\" data-image-meta=\"{&quot;aperture&quot;:&quot;0&quot;,&quot;credit&quot;:&quot;&quot;,&quot;camera&quot;:&quot;&quot;,&quot;caption&quot;:&quot;&quot;,&quot;created_timestamp&quot;:&quot;0&quot;,&quot;copyright&quot;:&quot;&quot;,&quot;focal_length&quot;:&quot;0&quot;,&quot;iso&quot;:&quot;0&quot;,&quot;shutter_speed&quot;:&quot;0&quot;,&quot;title&quot;:&quot;&quot;,&quot;orientation&quot;:&quot;0&quot;}\" data-image-title=\"Ometepe\" data-image-description=\"\" data-image-caption=\"&lt;p&gt;\u00d4nibus escolares &amp;#8211; transporte t\u00edpico da Nicar\u00e1gua&lt;\/p&gt;\n\" data-large-file=\"https:\/\/i0.wp.com\/mundosemfim.com\/wp-content\/uploads\/2017\/04\/DSC_0020-2.jpg?fit=764%2C510&amp;ssl=1\" class=\"size-full wp-image-5693\" src=\"https:\/\/i0.wp.com\/mundosemfim.com\/wp-content\/uploads\/2017\/04\/DSC_0020-2.jpg?resize=764%2C510&#038;ssl=1\" alt=\"\" width=\"764\" height=\"510\" srcset=\"https:\/\/i0.wp.com\/mundosemfim.com\/wp-content\/uploads\/2017\/04\/DSC_0020-2.jpg?w=1000&amp;ssl=1 1000w, https:\/\/i0.wp.com\/mundosemfim.com\/wp-content\/uploads\/2017\/04\/DSC_0020-2.jpg?resize=300%2C200&amp;ssl=1 300w, https:\/\/i0.wp.com\/mundosemfim.com\/wp-content\/uploads\/2017\/04\/DSC_0020-2.jpg?resize=768%2C512&amp;ssl=1 768w\" sizes=\"auto, (max-width: 764px) 100vw, 764px\" \/><figcaption id=\"caption-attachment-5693\" class=\"wp-caption-text\">\u00d4nibus escolares &#8211; transporte t\u00edpico da Nicar\u00e1gua<\/figcaption><\/figure>\n<h3><b>Dinheiro<\/b><\/h3>\n<p>A moeda nacional da Nicar\u00e1gua \u00e9 o c\u00f3rdoba, mas o d\u00f3lar \u00e9 bem aceito. Os caixas eletr\u00f4nicos, inclusive, emitem as duas moedas.<\/p>\n<p>\u00c9 bom ter c\u00f3rdobas para pagar os \u00f4nibus, t\u00e1xis e supermercados. Os hot\u00e9is e restaurantes costumam aceitas as duas moedas (fazendo a convers\u00e3o do pre\u00e7o pelo c\u00e2mbio oficial). N\u00e3o vimos casas de c\u00e2mbio no pa\u00eds, mas h\u00e1 v\u00e1rios com\u00e9rcios que trocam dinheiro.<\/p>\n<p>Se for sacar dinheiro nos caixas eletr\u00f4nicos, o banco que cobra menos taxa \u00e9 o BANPRO (1,50 d\u00f3lares por saque; vale a pena sacar em grandes quantidades).<\/p>\n<figure id=\"attachment_5709\" aria-describedby=\"caption-attachment-5709\" style=\"width: 1000px\" class=\"wp-caption aligncenter\"><img data-recalc-dims=\"1\" loading=\"lazy\" decoding=\"async\" data-attachment-id=\"5709\" data-permalink=\"https:\/\/mundosemfim.com\/?attachment_id=5709\" data-orig-file=\"https:\/\/i0.wp.com\/mundosemfim.com\/wp-content\/uploads\/2017\/04\/DSC_0069.jpg?fit=1000%2C667&amp;ssl=1\" data-orig-size=\"1000,667\" data-comments-opened=\"1\" data-image-meta=\"{&quot;aperture&quot;:&quot;0&quot;,&quot;credit&quot;:&quot;&quot;,&quot;camera&quot;:&quot;&quot;,&quot;caption&quot;:&quot;&quot;,&quot;created_timestamp&quot;:&quot;0&quot;,&quot;copyright&quot;:&quot;&quot;,&quot;focal_length&quot;:&quot;0&quot;,&quot;iso&quot;:&quot;0&quot;,&quot;shutter_speed&quot;:&quot;0&quot;,&quot;title&quot;:&quot;&quot;,&quot;orientation&quot;:&quot;0&quot;}\" data-image-title=\"Masaya\" data-image-description=\"&lt;p&gt;Vulc\u00e3o Masaya &amp;#8211; Nicar\u00e1gua&lt;\/p&gt;\n\" data-image-caption=\"&lt;p&gt;N\u00f3s em frente \u00e0 cratera do vulc\u00e3o Masaya!&lt;\/p&gt;\n\" data-large-file=\"https:\/\/i0.wp.com\/mundosemfim.com\/wp-content\/uploads\/2017\/04\/DSC_0069.jpg?fit=764%2C510&amp;ssl=1\" class=\"size-full wp-image-5709\" src=\"https:\/\/i0.wp.com\/mundosemfim.com\/wp-content\/uploads\/2017\/04\/DSC_0069.jpg?resize=764%2C510&#038;ssl=1\" alt=\"Vulc\u00e3o Masaya - Nicar\u00e1gua\" width=\"764\" height=\"510\" srcset=\"https:\/\/i0.wp.com\/mundosemfim.com\/wp-content\/uploads\/2017\/04\/DSC_0069.jpg?w=1000&amp;ssl=1 1000w, https:\/\/i0.wp.com\/mundosemfim.com\/wp-content\/uploads\/2017\/04\/DSC_0069.jpg?resize=300%2C200&amp;ssl=1 300w, https:\/\/i0.wp.com\/mundosemfim.com\/wp-content\/uploads\/2017\/04\/DSC_0069.jpg?resize=768%2C512&amp;ssl=1 768w\" sizes=\"auto, (max-width: 764px) 100vw, 764px\" \/><figcaption id=\"caption-attachment-5709\" class=\"wp-caption-text\">Na cratera do vulc\u00e3o Masaya, um dos destinos mais interessantes da Nicar\u00e1gua<\/figcaption><\/figure>\n<h3><b>\u00c1gua<\/b><\/h3>\n<p>Em teoria, a \u00e1gua da torneira na Nicar\u00e1gua \u00e9 pr\u00f3pria para o consumo humano. Por\u00e9m, como a \u00e1gua mineral \u00e9 barata, pode valer a pena compr\u00e1-la para evitar uma poss\u00edvel dor de barriga.<\/p>\n<h3><b>Rede el\u00e9trica<\/b><\/h3>\n<p>As tomadas no pa\u00eds s\u00e3o no formato dos Estados Unidos, com dois pinos chatos. Em alguns lugares \u00e9 poss\u00edvel encontrar tomadas com suporte a pinos redondos, mas s\u00e3o poucos. Bom levar um adaptador.<\/p>\n<p>A rede \u00e9 de 120V, 60Hz.<\/p>\n<h3><b>Carona<\/b><\/h3>\n<p>Viajar de carona na Nicar\u00e1gua costuma ser f\u00e1cil, principalmente em trechos curtos. Praticamente qualquer caminhonete vai aceitar te levar na ca\u00e7amba. \u00c0s vezes a carona acontece sem nem mesmo voc\u00ea pedir.<\/p>\n<p>Por\u00e9m, como o pre\u00e7o dos \u00f4nibus \u00e9 barato, pouca gente viaja desta forma pelo pa\u00eds.<\/p>\n<figure id=\"attachment_5723\" aria-describedby=\"caption-attachment-5723\" style=\"width: 1000px\" class=\"wp-caption aligncenter\"><img data-recalc-dims=\"1\" loading=\"lazy\" decoding=\"async\" data-attachment-id=\"5723\" data-permalink=\"https:\/\/mundosemfim.com\/?attachment_id=5723\" data-orig-file=\"https:\/\/i0.wp.com\/mundosemfim.com\/wp-content\/uploads\/2017\/05\/DSC_0027.jpg?fit=1000%2C667&amp;ssl=1\" data-orig-size=\"1000,667\" data-comments-opened=\"1\" data-image-meta=\"{&quot;aperture&quot;:&quot;0&quot;,&quot;credit&quot;:&quot;&quot;,&quot;camera&quot;:&quot;&quot;,&quot;caption&quot;:&quot;&quot;,&quot;created_timestamp&quot;:&quot;0&quot;,&quot;copyright&quot;:&quot;&quot;,&quot;focal_length&quot;:&quot;0&quot;,&quot;iso&quot;:&quot;0&quot;,&quot;shutter_speed&quot;:&quot;0&quot;,&quot;title&quot;:&quot;&quot;,&quot;orientation&quot;:&quot;0&quot;}\" data-image-title=\"Granada\" data-image-description=\"&lt;p&gt;Catedral de Granada, Nicar\u00e1gua&lt;\/p&gt;\n\" data-image-caption=\"&lt;p&gt;Catedral de Granada, Nicar\u00e1gua&lt;\/p&gt;\n\" data-large-file=\"https:\/\/i0.wp.com\/mundosemfim.com\/wp-content\/uploads\/2017\/05\/DSC_0027.jpg?fit=764%2C510&amp;ssl=1\" class=\"size-full wp-image-5723\" src=\"https:\/\/i0.wp.com\/mundosemfim.com\/wp-content\/uploads\/2017\/05\/DSC_0027.jpg?resize=764%2C510&#038;ssl=1\" alt=\"Catedral de Granada, Nicar\u00e1gua\" width=\"764\" height=\"510\" srcset=\"https:\/\/i0.wp.com\/mundosemfim.com\/wp-content\/uploads\/2017\/05\/DSC_0027.jpg?w=1000&amp;ssl=1 1000w, https:\/\/i0.wp.com\/mundosemfim.com\/wp-content\/uploads\/2017\/05\/DSC_0027.jpg?resize=300%2C200&amp;ssl=1 300w, https:\/\/i0.wp.com\/mundosemfim.com\/wp-content\/uploads\/2017\/05\/DSC_0027.jpg?resize=768%2C512&amp;ssl=1 768w\" sizes=\"auto, (max-width: 764px) 100vw, 764px\" \/><figcaption id=\"caption-attachment-5723\" class=\"wp-caption-text\">Catedral de Granada, Nicar\u00e1gua<\/figcaption><\/figure>\n<h3><b>Viajando de \u00f4nibus<\/b><\/h3>\n<p>Os \u00f4nibus comuns do pa\u00eds (chamados <i>chicken bus<\/i>, pois n\u00e3o \u00e9 incomum ver pessoas entrando com galinhas) s\u00e3o baratos, por\u00e9m n\u00e3o muito confort\u00e1veis. Tamb\u00e9m levam mais gente do que a quantidade de assentos, portanto prepare-se para viajar em p\u00e9 de vez em quando.<\/p>\n<p>As bagagens v\u00e3o no teto ou em um espa\u00e7o no fundo. Note que h\u00e1 uma porta de sa\u00edda nos fundos, e muita gente desce por l\u00e1. Se sua mochila estiver a\u00ed, conv\u00e9m ficar de olho.<\/p>\n<p>Se quiser algo mais confort\u00e1vel, praticamente todos os hostels oferecem servi\u00e7o de <i>shuttle<\/i>. S\u00e3o bem mais caros, mas mais r\u00e1pidos e confort\u00e1veis. Uma viagem de 1h fica na faixa de 10 d\u00f3lares.<\/p>\n<h3><b>Gringos, n\u00f3s?<\/b><\/h3>\n<p>Como a maioria dos turistas que visitam a Nicar\u00e1gua \u00e9 dos EUA ou da Europa, prepare-se para ser abordado em ingl\u00eas v\u00e1rias vezes. At\u00e9 mesmo alguns pedintes j\u00e1 aprenderam o idioma.<\/p>\n<p>E \u00e0s vezes n\u00e3o adianta dizer que n\u00e3o sabe falar ingl\u00eas: eles v\u00e3o insistir em conversar com voc\u00ea neste idioma. Se voc\u00ea n\u00e3o fala espanhol, isso \u00e9 uma grande ajuda. Se n\u00e3o fala ingl\u00eas, vai demorar um pouco pra se acostumar.<\/p>\n<figure id=\"attachment_5701\" aria-describedby=\"caption-attachment-5701\" style=\"width: 1000px\" class=\"wp-caption aligncenter\"><img data-recalc-dims=\"1\" loading=\"lazy\" decoding=\"async\" data-attachment-id=\"5701\" data-permalink=\"https:\/\/mundosemfim.com\/?attachment_id=5701\" data-orig-file=\"https:\/\/i0.wp.com\/mundosemfim.com\/wp-content\/uploads\/2017\/04\/DSC_0030.jpg?fit=1000%2C792&amp;ssl=1\" data-orig-size=\"1000,792\" data-comments-opened=\"1\" data-image-meta=\"{&quot;aperture&quot;:&quot;0&quot;,&quot;credit&quot;:&quot;&quot;,&quot;camera&quot;:&quot;&quot;,&quot;caption&quot;:&quot;&quot;,&quot;created_timestamp&quot;:&quot;0&quot;,&quot;copyright&quot;:&quot;&quot;,&quot;focal_length&quot;:&quot;0&quot;,&quot;iso&quot;:&quot;0&quot;,&quot;shutter_speed&quot;:&quot;0&quot;,&quot;title&quot;:&quot;&quot;,&quot;orientation&quot;:&quot;0&quot;}\" data-image-title=\"Ometepe\" data-image-description=\"&lt;p&gt;Macaco na Ilha de Omepete, Nicar\u00e1gua&lt;\/p&gt;\n\" data-image-caption=\"&lt;p&gt;Um parente do Mucuvinha que encontramos em Ometepe&lt;\/p&gt;\n\" data-large-file=\"https:\/\/i0.wp.com\/mundosemfim.com\/wp-content\/uploads\/2017\/04\/DSC_0030.jpg?fit=764%2C605&amp;ssl=1\" class=\"size-full wp-image-5701\" src=\"https:\/\/i0.wp.com\/mundosemfim.com\/wp-content\/uploads\/2017\/04\/DSC_0030.jpg?resize=764%2C605&#038;ssl=1\" alt=\"Macaco na Ilha de Omepete, Nicar\u00e1gua\" width=\"764\" height=\"605\" srcset=\"https:\/\/i0.wp.com\/mundosemfim.com\/wp-content\/uploads\/2017\/04\/DSC_0030.jpg?w=1000&amp;ssl=1 1000w, https:\/\/i0.wp.com\/mundosemfim.com\/wp-content\/uploads\/2017\/04\/DSC_0030.jpg?resize=300%2C238&amp;ssl=1 300w, https:\/\/i0.wp.com\/mundosemfim.com\/wp-content\/uploads\/2017\/04\/DSC_0030.jpg?resize=768%2C608&amp;ssl=1 768w\" sizes=\"auto, (max-width: 764px) 100vw, 764px\" \/><figcaption id=\"caption-attachment-5701\" class=\"wp-caption-text\">Um parente do Mucuvinha que encontramos em Ometepe<\/figcaption><\/figure>\n<h3><b>O povo<\/b><\/h3>\n<p>Como j\u00e1 \u00e9 de praxe na Am\u00e9rica Central, o nicaraguense \u00e9 um povo bastante simp\u00e1tico e animado. Quando descobrem que voc\u00ea \u00e9 brasileiro, o assunto inevitavelmente cai no futebol.<\/p>\n<p>Tamb\u00e9m nos chamou a aten\u00e7\u00e3o o quanto s\u00e3o prestativos: n\u00e3o \u00e9 raro ver chegar um \u00f4nibus no terminal e o cara da pipoca come\u00e7ar a anunciar o destino, o menino da bicicleta ajudar a descer as mochilas, algu\u00e9m te oferecer uma carona enquanto voc\u00ea est\u00e1 caminhando, etc. Diferente do que acontece em outros pa\u00edses, aqui o pessoal geralmente ajuda por ajudar mesmo, sem esperar nada em troca.<\/p>\n<h3><b>Drogas<\/b><\/h3>\n<p>Algumas poucas vezes chegamos a sentir cheiro de maconha nas ruas, mas \u00e9 raro. Nunca vimos ningu\u00e9m vendendo drogas nem falando do assunto. Pelas d\u00favidas, \u00e9 melhor evitar.<\/p>\n<figure id=\"attachment_5745\" aria-describedby=\"caption-attachment-5745\" style=\"width: 1000px\" class=\"wp-caption aligncenter\"><img data-recalc-dims=\"1\" loading=\"lazy\" decoding=\"async\" data-attachment-id=\"5745\" data-permalink=\"https:\/\/mundosemfim.com\/?attachment_id=5745\" data-orig-file=\"https:\/\/i0.wp.com\/mundosemfim.com\/wp-content\/uploads\/2017\/05\/DSC_0005.jpg?fit=1000%2C667&amp;ssl=1\" data-orig-size=\"1000,667\" data-comments-opened=\"1\" data-image-meta=\"{&quot;aperture&quot;:&quot;0&quot;,&quot;credit&quot;:&quot;&quot;,&quot;camera&quot;:&quot;&quot;,&quot;caption&quot;:&quot;&quot;,&quot;created_timestamp&quot;:&quot;0&quot;,&quot;copyright&quot;:&quot;&quot;,&quot;focal_length&quot;:&quot;0&quot;,&quot;iso&quot;:&quot;0&quot;,&quot;shutter_speed&quot;:&quot;0&quot;,&quot;title&quot;:&quot;&quot;,&quot;orientation&quot;:&quot;0&quot;}\" data-image-title=\"Man\u00e1gua\" data-image-description=\"&lt;p&gt;Antiga catedral de Man\u00e1gua, condenada pelo terremoto de 72.&lt;\/p&gt;\n\" data-image-caption=\"&lt;p&gt;Antiga catedral de Man\u00e1gua, condenada pelo terremoto de 72.&lt;\/p&gt;\n\" data-large-file=\"https:\/\/i0.wp.com\/mundosemfim.com\/wp-content\/uploads\/2017\/05\/DSC_0005.jpg?fit=764%2C510&amp;ssl=1\" class=\"size-full wp-image-5745\" src=\"https:\/\/i0.wp.com\/mundosemfim.com\/wp-content\/uploads\/2017\/05\/DSC_0005.jpg?resize=764%2C510&#038;ssl=1\" alt=\"Antiga catedral de Man\u00e1gua, condenada pelo terremoto de 72.\" width=\"764\" height=\"510\" srcset=\"https:\/\/i0.wp.com\/mundosemfim.com\/wp-content\/uploads\/2017\/05\/DSC_0005.jpg?w=1000&amp;ssl=1 1000w, https:\/\/i0.wp.com\/mundosemfim.com\/wp-content\/uploads\/2017\/05\/DSC_0005.jpg?resize=300%2C200&amp;ssl=1 300w, https:\/\/i0.wp.com\/mundosemfim.com\/wp-content\/uploads\/2017\/05\/DSC_0005.jpg?resize=768%2C512&amp;ssl=1 768w\" sizes=\"auto, (max-width: 764px) 100vw, 764px\" \/><figcaption id=\"caption-attachment-5745\" class=\"wp-caption-text\">Antiga catedral de Man\u00e1gua, condenada pelo terremoto de 72.<\/figcaption><\/figure>\n<h3><b>Comida<\/b><\/h3>\n<p>A comida mais comum no pa\u00eds \u00e9 o <i>gallo pinto<\/i>, que \u00e9 basicamente arroz e feij\u00e3o, geralmente acompanhado por uma carne e salada. Um pouco diferente do nosso, o feij\u00e3o deles n\u00e3o costuma ter tanto caldo, mas sim os gr\u00e3os mais durinhos.<\/p>\n<p>E o <i>gallo pinto<\/i> pode ser servido no caf\u00e9-da-manh\u00e3, no almo\u00e7o, na janta&#8230;<\/p>\n<p>Nas ruas, para escapar um pouco do calor, uma comida t\u00edpica \u00e9 o <i>raspado<\/i>, basicamente gelo raspado, com uma cobertura de uma esp\u00e9cie de doce-de-leite ou suco de frutas. Come-se com colher.<\/p>\n<p>O pa\u00eds tamb\u00e9m oferece uma boa quantidade de frutas e verduras, geralmente bem econ\u00f4micas.<\/p>\n<figure id=\"attachment_5697\" aria-describedby=\"caption-attachment-5697\" style=\"width: 1000px\" class=\"wp-caption aligncenter\"><img data-recalc-dims=\"1\" loading=\"lazy\" decoding=\"async\" data-attachment-id=\"5697\" data-permalink=\"https:\/\/mundosemfim.com\/?attachment_id=5697\" data-orig-file=\"https:\/\/i0.wp.com\/mundosemfim.com\/wp-content\/uploads\/2017\/04\/P4250001.jpg?fit=1000%2C667&amp;ssl=1\" data-orig-size=\"1000,667\" data-comments-opened=\"1\" data-image-meta=\"{&quot;aperture&quot;:&quot;0&quot;,&quot;credit&quot;:&quot;&quot;,&quot;camera&quot;:&quot;&quot;,&quot;caption&quot;:&quot;&quot;,&quot;created_timestamp&quot;:&quot;0&quot;,&quot;copyright&quot;:&quot;&quot;,&quot;focal_length&quot;:&quot;0&quot;,&quot;iso&quot;:&quot;0&quot;,&quot;shutter_speed&quot;:&quot;0&quot;,&quot;title&quot;:&quot;&quot;,&quot;orientation&quot;:&quot;0&quot;}\" data-image-title=\"Ometepe\" data-image-description=\"&lt;p&gt;Comida t\u00edpica em Altagracia, Ometepe&lt;\/p&gt;\n\" data-image-caption=\"&lt;p&gt;Comida t\u00edpica em Altagracia &amp;#8211; apenas 60 c\u00f3rdobas&lt;\/p&gt;\n\" data-large-file=\"https:\/\/i0.wp.com\/mundosemfim.com\/wp-content\/uploads\/2017\/04\/P4250001.jpg?fit=764%2C510&amp;ssl=1\" class=\"size-full wp-image-5697\" src=\"https:\/\/i0.wp.com\/mundosemfim.com\/wp-content\/uploads\/2017\/04\/P4250001.jpg?resize=764%2C510&#038;ssl=1\" alt=\"Comida t\u00edpica em Altagracia, Ometepe\" width=\"764\" height=\"510\" srcset=\"https:\/\/i0.wp.com\/mundosemfim.com\/wp-content\/uploads\/2017\/04\/P4250001.jpg?w=1000&amp;ssl=1 1000w, https:\/\/i0.wp.com\/mundosemfim.com\/wp-content\/uploads\/2017\/04\/P4250001.jpg?resize=300%2C200&amp;ssl=1 300w, https:\/\/i0.wp.com\/mundosemfim.com\/wp-content\/uploads\/2017\/04\/P4250001.jpg?resize=768%2C512&amp;ssl=1 768w\" sizes=\"auto, (max-width: 764px) 100vw, 764px\" \/><figcaption id=\"caption-attachment-5697\" class=\"wp-caption-text\">Comida t\u00edpica da Nicar\u00e1gua &#8211; apenas 60 c\u00f3rdobas<\/figcaption><\/figure>\n<h3><b>Idioma<\/b><\/h3>\n<p>No geral \u00e9 f\u00e1cil entender os nicaraguenses, quando est\u00e3o falando em espanhol. O problema \u00e9 que costumam misturar muito o ingl\u00eas (principalmente quando est\u00e3o falando com estrangeiros), geralmente com um sotaque bem complicado.<\/p>\n<p>O <i>ll<\/i> e o <i>y<\/i> costumam ter som de &#8220;i&#8221;.<\/p>\n<h3><b>Esporte<\/b><\/h3>\n<p>Os esportes mais apreciados no pa\u00eds s\u00e3o o futebol e o beisebol. No caso do futebol, eles geralmente acompanham as ligas europeias.<\/p>\n<figure id=\"attachment_5699\" aria-describedby=\"caption-attachment-5699\" style=\"width: 1000px\" class=\"wp-caption aligncenter\"><img data-recalc-dims=\"1\" loading=\"lazy\" decoding=\"async\" data-attachment-id=\"5699\" data-permalink=\"https:\/\/mundosemfim.com\/?attachment_id=5699\" data-orig-file=\"https:\/\/i0.wp.com\/mundosemfim.com\/wp-content\/uploads\/2017\/04\/DSC_0012.jpg?fit=1000%2C667&amp;ssl=1\" data-orig-size=\"1000,667\" data-comments-opened=\"1\" data-image-meta=\"{&quot;aperture&quot;:&quot;0&quot;,&quot;credit&quot;:&quot;&quot;,&quot;camera&quot;:&quot;&quot;,&quot;caption&quot;:&quot;&quot;,&quot;created_timestamp&quot;:&quot;0&quot;,&quot;copyright&quot;:&quot;&quot;,&quot;focal_length&quot;:&quot;0&quot;,&quot;iso&quot;:&quot;0&quot;,&quot;shutter_speed&quot;:&quot;0&quot;,&quot;title&quot;:&quot;&quot;,&quot;orientation&quot;:&quot;0&quot;}\" data-image-title=\"Ojo de \u00c1gua &amp;#8211; Ometepe\" data-image-description=\"&lt;p&gt;Laguna Ojo de \u00c1gua, em Ometepe, Nicar\u00e1gua&lt;\/p&gt;\n\" data-image-caption=\"&lt;p&gt;Lagoa Ojo de \u00c1gua&lt;\/p&gt;\n\" data-large-file=\"https:\/\/i0.wp.com\/mundosemfim.com\/wp-content\/uploads\/2017\/04\/DSC_0012.jpg?fit=764%2C510&amp;ssl=1\" class=\"size-full wp-image-5699\" src=\"https:\/\/i0.wp.com\/mundosemfim.com\/wp-content\/uploads\/2017\/04\/DSC_0012.jpg?resize=764%2C510&#038;ssl=1\" alt=\"Laguna Ojo de \u00c1gua, em Ometepe, Nicar\u00e1gua\" width=\"764\" height=\"510\" srcset=\"https:\/\/i0.wp.com\/mundosemfim.com\/wp-content\/uploads\/2017\/04\/DSC_0012.jpg?w=1000&amp;ssl=1 1000w, https:\/\/i0.wp.com\/mundosemfim.com\/wp-content\/uploads\/2017\/04\/DSC_0012.jpg?resize=300%2C200&amp;ssl=1 300w, https:\/\/i0.wp.com\/mundosemfim.com\/wp-content\/uploads\/2017\/04\/DSC_0012.jpg?resize=768%2C512&amp;ssl=1 768w\" sizes=\"auto, (max-width: 764px) 100vw, 764px\" \/><figcaption id=\"caption-attachment-5699\" class=\"wp-caption-text\">Lagoa Ojo de \u00c1gua, em Ometepe<\/figcaption><\/figure>\n<h3><b>Seguran\u00e7a<\/b><\/h3>\n<p>Consideramos a Nicar\u00e1gua um dos pa\u00edses mais seguros dos que j\u00e1 visitamos at\u00e9 agora. H\u00e1 que tomar cuidado com alguma malandragem nas zonas muito tur\u00edsticas, mas nada que brasileiros j\u00e1 n\u00e3o estejam acostumados.<\/p>\n<p>Mulheres viajando sozinhas estar\u00e3o sujeitas a receber algumas cantadas na rua, mas n\u00e3o dever\u00e3o ter maiores problemas.<\/p>\n<h3><b>\u00c1gua fria<\/b><\/h3>\n<p>Por ser um pa\u00eds onde faz muito calor, poucos hot\u00e9is oferecem duchas com \u00e1gua quente. Para a maioria das pessoas isso \u00e9 dispens\u00e1vel, mas se voc\u00ea faz quest\u00e3o \u00e9 bom perguntar antes.<\/p>\n<figure id=\"attachment_5684\" aria-describedby=\"caption-attachment-5684\" style=\"width: 1000px\" class=\"wp-caption aligncenter\"><img data-recalc-dims=\"1\" loading=\"lazy\" decoding=\"async\" data-attachment-id=\"5684\" data-permalink=\"https:\/\/mundosemfim.com\/?attachment_id=5684\" data-orig-file=\"https:\/\/i0.wp.com\/mundosemfim.com\/wp-content\/uploads\/2017\/04\/DSC_0012-2.jpg?fit=1000%2C667&amp;ssl=1\" data-orig-size=\"1000,667\" data-comments-opened=\"1\" data-image-meta=\"{&quot;aperture&quot;:&quot;0&quot;,&quot;credit&quot;:&quot;&quot;,&quot;camera&quot;:&quot;&quot;,&quot;caption&quot;:&quot;&quot;,&quot;created_timestamp&quot;:&quot;0&quot;,&quot;copyright&quot;:&quot;&quot;,&quot;focal_length&quot;:&quot;0&quot;,&quot;iso&quot;:&quot;0&quot;,&quot;shutter_speed&quot;:&quot;0&quot;,&quot;title&quot;:&quot;&quot;,&quot;orientation&quot;:&quot;0&quot;}\" data-image-title=\"San Juan del Sur\" data-image-description=\"&lt;p&gt;Belo p\u00f4r do sol em San Juan del Sur&lt;\/p&gt;\n\" data-image-caption=\"&lt;p&gt;Belo p\u00f4r do sol em San Juan del Sur&lt;\/p&gt;\n\" data-large-file=\"https:\/\/i0.wp.com\/mundosemfim.com\/wp-content\/uploads\/2017\/04\/DSC_0012-2.jpg?fit=764%2C510&amp;ssl=1\" class=\"size-full wp-image-5684\" src=\"https:\/\/i0.wp.com\/mundosemfim.com\/wp-content\/uploads\/2017\/04\/DSC_0012-2.jpg?resize=764%2C510&#038;ssl=1\" alt=\"Belo p\u00f4r do sol em San Juan del Sur\" width=\"764\" height=\"510\" srcset=\"https:\/\/i0.wp.com\/mundosemfim.com\/wp-content\/uploads\/2017\/04\/DSC_0012-2.jpg?w=1000&amp;ssl=1 1000w, https:\/\/i0.wp.com\/mundosemfim.com\/wp-content\/uploads\/2017\/04\/DSC_0012-2.jpg?resize=300%2C200&amp;ssl=1 300w, https:\/\/i0.wp.com\/mundosemfim.com\/wp-content\/uploads\/2017\/04\/DSC_0012-2.jpg?resize=768%2C512&amp;ssl=1 768w\" sizes=\"auto, (max-width: 764px) 100vw, 764px\" \/><figcaption id=\"caption-attachment-5684\" class=\"wp-caption-text\">Belo p\u00f4r do sol em San Juan del Sur<\/figcaption><\/figure>\n<h3><b>Imigra\u00e7\u00e3o<\/b><\/h3>\n<p>Para quem entra\/sai da Nicar\u00e1gua por terra, \u00e9 preciso pagar 13 d\u00f3lares de taxa de entrada e 3 d\u00f3lares de taxa de sa\u00edda.<\/p>\n<p>A perman\u00eancia \u00e9 de 90 dias para toda a zona do CA-4 (Nicar\u00e1gua, <a href=\"https:\/\/mundosemfim.com\/mochilando-em-el-salvador-nossa-rapida-passagem-pelo-pais\/\">El Salvador<\/a>, <a href=\"https:\/\/mundosemfim.com\/mochilao-por-honduras-roteiro-gastos-dicas-fotos-etc\/\">Honduras<\/a> e Guatemala). Ainda que voc\u00ea precise fazer imigra\u00e7\u00e3o para passar de um pa\u00eds ao outro, o tempo de perman\u00eancia n\u00e3o ser\u00e1 estendido, a menos que voc\u00ea saia desta zona.<\/p>\n<h3><b>Higiene<\/b><\/h3>\n<p>Os padr\u00f5es de higiene da Nicar\u00e1gua s\u00e3o bem parecidos com os do Brasil. Comer na rua ou nos mercados pode dar dor de barriga em quem tem est\u00f4mago mais fraco, mas nos restaurantes voc\u00ea n\u00e3o dever\u00e1 ter problemas.<\/p>\n<figure id=\"attachment_5740\" aria-describedby=\"caption-attachment-5740\" style=\"width: 1000px\" class=\"wp-caption aligncenter\"><img data-recalc-dims=\"1\" loading=\"lazy\" decoding=\"async\" data-attachment-id=\"5740\" data-permalink=\"https:\/\/mundosemfim.com\/?attachment_id=5740\" data-orig-file=\"https:\/\/i0.wp.com\/mundosemfim.com\/wp-content\/uploads\/2017\/05\/DSC_0025.jpg?fit=1000%2C667&amp;ssl=1\" data-orig-size=\"1000,667\" data-comments-opened=\"1\" data-image-meta=\"{&quot;aperture&quot;:&quot;0&quot;,&quot;credit&quot;:&quot;&quot;,&quot;camera&quot;:&quot;&quot;,&quot;caption&quot;:&quot;&quot;,&quot;created_timestamp&quot;:&quot;0&quot;,&quot;copyright&quot;:&quot;&quot;,&quot;focal_length&quot;:&quot;0&quot;,&quot;iso&quot;:&quot;0&quot;,&quot;shutter_speed&quot;:&quot;0&quot;,&quot;title&quot;:&quot;&quot;,&quot;orientation&quot;:&quot;0&quot;}\" data-image-title=\"Man\u00e1gua\" data-image-description=\"&lt;p&gt;Plaza de la Revoluci\u00f3n, Antiga Catedral e Pal\u00e1cio da Cultura em Man\u00e1gua, Nicar\u00e1gua&lt;\/p&gt;\n\" data-image-caption=\"&lt;p&gt;Na Plaza de la Revoluci\u00f3n, com o Pal\u00e1cio da Cultura \u00e0 direita e a antiga catedral \u00e0 esquerda.&lt;\/p&gt;\n\" data-large-file=\"https:\/\/i0.wp.com\/mundosemfim.com\/wp-content\/uploads\/2017\/05\/DSC_0025.jpg?fit=764%2C510&amp;ssl=1\" class=\"size-full wp-image-5740\" src=\"https:\/\/i0.wp.com\/mundosemfim.com\/wp-content\/uploads\/2017\/05\/DSC_0025.jpg?resize=764%2C510&#038;ssl=1\" alt=\"Plaza de la Revoluci\u00f3n, Antiga Catedral e Pal\u00e1cio da Cultura em Man\u00e1gua, Nicar\u00e1gua\" width=\"764\" height=\"510\" srcset=\"https:\/\/i0.wp.com\/mundosemfim.com\/wp-content\/uploads\/2017\/05\/DSC_0025.jpg?w=1000&amp;ssl=1 1000w, https:\/\/i0.wp.com\/mundosemfim.com\/wp-content\/uploads\/2017\/05\/DSC_0025.jpg?resize=300%2C200&amp;ssl=1 300w, https:\/\/i0.wp.com\/mundosemfim.com\/wp-content\/uploads\/2017\/05\/DSC_0025.jpg?resize=768%2C512&amp;ssl=1 768w\" sizes=\"auto, (max-width: 764px) 100vw, 764px\" \/><figcaption id=\"caption-attachment-5740\" class=\"wp-caption-text\">Na Plaza de la Revoluci\u00f3n, com o Pal\u00e1cio da Cultura \u00e0 direita e a antiga catedral \u00e0 esquerda.<\/figcaption><\/figure>\n<h3><b>Tr\u00e2nsito<\/b><\/h3>\n<p>A mistura de carros, motos, bicicletas, carro\u00e7as e in\u00fameros pedestres deixa o tr\u00e2nsito um pouco ca\u00f3tico em algumas zonas, mas nada de outro mundo. Alugar um carro por l\u00e1 talvez n\u00e3o seja boa ideia, mas para quem gosta de caminhar n\u00e3o h\u00e1 grandes problemas.<\/p>\n<h3><b>Descontos<\/b><\/h3>\n<p>A pr\u00e1tica de pedir descontos na Nicar\u00e1gua n\u00e3o costuma dar muito resultado. \u00c9 poss\u00edvel baixar o valor em tours se tiver um grupo grande ou se fechar algo em cima da hora, ou em hot\u00e9is se for ficar por v\u00e1rios dias, mas s\u00f3.<\/p>\n<p>O bom \u00e9 que eles n\u00e3o costumam subir os pre\u00e7os para estrangeiros (com exce\u00e7\u00e3o de alguns \u00f4nibus).<\/p>\n<figure id=\"attachment_5769\" aria-describedby=\"caption-attachment-5769\" style=\"width: 1000px\" class=\"wp-caption aligncenter\"><img data-recalc-dims=\"1\" loading=\"lazy\" decoding=\"async\" data-attachment-id=\"5769\" data-permalink=\"https:\/\/mundosemfim.com\/?attachment_id=5769\" data-orig-file=\"https:\/\/i0.wp.com\/mundosemfim.com\/wp-content\/uploads\/2017\/05\/DSC_0156.jpg?fit=1000%2C667&amp;ssl=1\" data-orig-size=\"1000,667\" data-comments-opened=\"1\" data-image-meta=\"{&quot;aperture&quot;:&quot;0&quot;,&quot;credit&quot;:&quot;&quot;,&quot;camera&quot;:&quot;&quot;,&quot;caption&quot;:&quot;&quot;,&quot;created_timestamp&quot;:&quot;0&quot;,&quot;copyright&quot;:&quot;&quot;,&quot;focal_length&quot;:&quot;0&quot;,&quot;iso&quot;:&quot;0&quot;,&quot;shutter_speed&quot;:&quot;0&quot;,&quot;title&quot;:&quot;&quot;,&quot;orientation&quot;:&quot;0&quot;}\" data-image-title=\"Le\u00f3n\" data-image-description=\"&lt;p&gt;Catedral de Le\u00f3n, Nicar\u00e1gua&lt;\/p&gt;\n\" data-image-caption=\"&lt;p&gt;Catedral de Le\u00f3n&lt;\/p&gt;\n\" data-large-file=\"https:\/\/i0.wp.com\/mundosemfim.com\/wp-content\/uploads\/2017\/05\/DSC_0156.jpg?fit=764%2C510&amp;ssl=1\" class=\"size-full wp-image-5769\" src=\"https:\/\/i0.wp.com\/mundosemfim.com\/wp-content\/uploads\/2017\/05\/DSC_0156.jpg?resize=764%2C510&#038;ssl=1\" alt=\"Catedral de Le\u00f3n, Nicar\u00e1gua\" width=\"764\" height=\"510\" srcset=\"https:\/\/i0.wp.com\/mundosemfim.com\/wp-content\/uploads\/2017\/05\/DSC_0156.jpg?w=1000&amp;ssl=1 1000w, https:\/\/i0.wp.com\/mundosemfim.com\/wp-content\/uploads\/2017\/05\/DSC_0156.jpg?resize=300%2C200&amp;ssl=1 300w, https:\/\/i0.wp.com\/mundosemfim.com\/wp-content\/uploads\/2017\/05\/DSC_0156.jpg?resize=768%2C512&amp;ssl=1 768w\" sizes=\"auto, (max-width: 764px) 100vw, 764px\" \/><figcaption id=\"caption-attachment-5769\" class=\"wp-caption-text\">No teto da Catedral de Le\u00f3n<\/figcaption><\/figure>\n<h3><b>O que mais voc\u00ea precisa saber<\/b><\/h3>\n<ul>\n<li>Fique atento aos pre\u00e7os das frutas e verduras: \u00e9 comum venderem por quilo, por libra (mais ou menos meio quilo) ou por unidade.<\/li>\n<li>Tamb\u00e9m \u00e9 comum darem os pre\u00e7os em d\u00f3lares para turistas. Sempre confirme se est\u00e3o falando de d\u00f3lares ou c\u00f3rdobas antes de aceitar um servi\u00e7o.<\/li>\n<li>Pergunte o pre\u00e7o em v\u00e1rias ag\u00eancias antes de fechar um tour, e na baixa temporada procure fechar em cima da hora. Como o turismo no pa\u00eds ainda est\u00e1 engatinhando, v\u00e1rias vans saem com lugares sobrando. Se encontrar uma dessas, pode ter certeza que te oferecer\u00e3o um bom desconto.<\/li>\n<li>Na capital, procure usar o AirBnb que sai bem mais barato. Se nunca usou este sistema, pegue um desconto de 100 reais <a href=\"https:\/\/www.airbnb.com.br\/c\/renang98\"><b>aqui<\/b><\/a>.<\/li>\n<\/ul>\n<figure id=\"attachment_5726\" aria-describedby=\"caption-attachment-5726\" style=\"width: 1000px\" class=\"wp-caption aligncenter\"><img data-recalc-dims=\"1\" loading=\"lazy\" decoding=\"async\" data-attachment-id=\"5726\" data-permalink=\"https:\/\/mundosemfim.com\/?attachment_id=5726\" data-orig-file=\"https:\/\/i0.wp.com\/mundosemfim.com\/wp-content\/uploads\/2017\/05\/DSC_0012-2.jpg?fit=1000%2C667&amp;ssl=1\" data-orig-size=\"1000,667\" data-comments-opened=\"1\" data-image-meta=\"{&quot;aperture&quot;:&quot;0&quot;,&quot;credit&quot;:&quot;&quot;,&quot;camera&quot;:&quot;&quot;,&quot;caption&quot;:&quot;&quot;,&quot;created_timestamp&quot;:&quot;0&quot;,&quot;copyright&quot;:&quot;&quot;,&quot;focal_length&quot;:&quot;0&quot;,&quot;iso&quot;:&quot;0&quot;,&quot;shutter_speed&quot;:&quot;0&quot;,&quot;title&quot;:&quot;&quot;,&quot;orientation&quot;:&quot;0&quot;}\" data-image-title=\"Granada\" data-image-description=\"\" data-image-caption=\"&lt;p&gt;Ao fundo, o lago Nicar\u00e1gua&lt;\/p&gt;\n\" data-large-file=\"https:\/\/i0.wp.com\/mundosemfim.com\/wp-content\/uploads\/2017\/05\/DSC_0012-2.jpg?fit=764%2C510&amp;ssl=1\" class=\"size-full wp-image-5726\" src=\"https:\/\/i0.wp.com\/mundosemfim.com\/wp-content\/uploads\/2017\/05\/DSC_0012-2.jpg?resize=764%2C510&#038;ssl=1\" alt=\"\" width=\"764\" height=\"510\" srcset=\"https:\/\/i0.wp.com\/mundosemfim.com\/wp-content\/uploads\/2017\/05\/DSC_0012-2.jpg?w=1000&amp;ssl=1 1000w, https:\/\/i0.wp.com\/mundosemfim.com\/wp-content\/uploads\/2017\/05\/DSC_0012-2.jpg?resize=300%2C200&amp;ssl=1 300w, https:\/\/i0.wp.com\/mundosemfim.com\/wp-content\/uploads\/2017\/05\/DSC_0012-2.jpg?resize=768%2C512&amp;ssl=1 768w\" sizes=\"auto, (max-width: 764px) 100vw, 764px\" \/><figcaption id=\"caption-attachment-5726\" class=\"wp-caption-text\">Granada, Nicar\u00e1gua<\/figcaption><\/figure>\n<p>\u00c9 isso a\u00ed pessoal! Curtiram as dicas?<br \/>\nPara acompanhar nossa viagem de volta ao mundo e receber mais dicas interessantes dos pa\u00edses que passarmos, n\u00e3o deixem de curtir nossa p\u00e1gina no face!<br \/>\n<a href=\"http:\/\/www.facebook.com\/mundosemfimoficial\">www.facebook.com\/mundosemfimoficial<\/a><\/p>\n<p><span style=\"border-radius: 2px; text-indent: 20px; width: auto; padding: 0px 4px 0px 0px; text-align: center; font: bold 11px\/20px 'Helvetica Neue',Helvetica,sans-serif; color: #ffffff; background: #bd081c no-repeat scroll 3px 50% \/ 14px 14px; position: absolute; opacity: 1; z-index: 8675309; display: none; cursor: pointer; top: 14256px; left: 20px;\">Salvar<\/span><\/p>\n","protected":false},"excerpt":{"rendered":"<p>Com belas praias, in\u00fameros vulc\u00f5es, um povo alegre e um custo de vida baixo, a Nicar\u00e1gua \u00e9 um pa\u00eds que cada vez atrai mais turistas. Que tal consider\u00e1-la para as pr\u00f3ximas f\u00e9rias?<\/p>\n","protected":false},"author":1,"featured_media":5690,"comment_status":"open","ping_status":"open","sticky":false,"template":"","format":"standard","meta":{"jetpack_post_was_ever_published":false,"_jetpack_newsletter_access":"","_jetpack_dont_email_post_to_subs":true,"_jetpack_newsletter_tier_id":0,"_jetpack_memberships_contains_paywalled_content":false,"_jetpack_memberships_contains_paid_content":false,"footnotes":"","jetpack_publicize_message":"","jetpack_publicize_feature_enabled":true,"jetpack_social_post_already_shared":true,"jetpack_social_options":{"image_generator_settings":{"template":"highway","default_image_id":0,"font":"","enabled":false},"version":2}},"categories":[382,7,238,390],"tags":[],"class_list":["post-5816","post","type-post","status-publish","format-standard","has-post-thumbnail","hentry","category-america-central","category-america-latina","category-gastos","category-nicaragua"],"yoast_head":"<!-- This site is optimized with the Yoast SEO plugin v27.5 - https:\/\/yoast.com\/product\/yoast-seo-wordpress\/ -->\n<title>Mochil\u00e3o pela Nicar\u00e1gua \u2013 roteiro, gastos, dicas, fotos, etc - Mundo Sem Fim<\/title>\n<meta name=\"robots\" content=\"index, follow, max-snippet:-1, max-image-preview:large, max-video-preview:-1\" \/>\n<link rel=\"canonical\" href=\"https:\/\/mundosemfim.com\/?p=5816\" \/>\n<meta property=\"og:locale\" content=\"pt_BR\" \/>\n<meta property=\"og:type\" content=\"article\" \/>\n<meta property=\"og:title\" content=\"Mochil\u00e3o pela Nicar\u00e1gua \u2013 roteiro, gastos, dicas, fotos, etc - Mundo Sem Fim\" \/>\n<meta property=\"og:description\" content=\"Com belas praias, in\u00fameros vulc\u00f5es, um povo alegre e um custo de vida baixo, a Nicar\u00e1gua \u00e9 um pa\u00eds que cada vez atrai mais turistas. Que tal consider\u00e1-la para as pr\u00f3ximas f\u00e9rias?\" \/>\n<meta property=\"og:url\" content=\"https:\/\/mundosemfim.com\/?p=5816\" \/>\n<meta property=\"og:site_name\" content=\"Mundo Sem Fim\" \/>\n<meta property=\"article:publisher\" content=\"http:\/\/www.facebook.com\/mundosemfimoficial\" \/>\n<meta property=\"article:published_time\" content=\"2017-05-14T19:13:49+00:00\" \/>\n<meta property=\"article:modified_time\" content=\"2017-09-23T04:01:20+00:00\" \/>\n<meta property=\"og:image\" content=\"https:\/\/i0.wp.com\/mundosemfim.com\/wp-content\/uploads\/2017\/04\/DSC_0021-3.jpg?fit=1000%2C667&ssl=1\" \/>\n\t<meta property=\"og:image:width\" content=\"1000\" \/>\n\t<meta property=\"og:image:height\" content=\"667\" \/>\n\t<meta property=\"og:image:type\" content=\"image\/jpeg\" \/>\n<meta name=\"author\" content=\"Renan\" \/>\n<meta name=\"twitter:card\" content=\"summary_large_image\" \/>\n<meta name=\"twitter:label1\" content=\"Escrito por\" \/>\n\t<meta name=\"twitter:data1\" content=\"Renan\" \/>\n\t<meta name=\"twitter:label2\" content=\"Est. tempo de leitura\" \/>\n\t<meta name=\"twitter:data2\" content=\"15 minutos\" \/>\n<script type=\"application\/ld+json\" class=\"yoast-schema-graph\">{\"@context\":\"https:\\\/\\\/schema.org\",\"@graph\":[{\"@type\":\"Article\",\"@id\":\"https:\\\/\\\/mundosemfim.com\\\/?p=5816#article\",\"isPartOf\":{\"@id\":\"https:\\\/\\\/mundosemfim.com\\\/?p=5816\"},\"author\":{\"name\":\"Renan\",\"@id\":\"https:\\\/\\\/mundosemfim.com\\\/#\\\/schema\\\/person\\\/b021d50f3a19bae432e9b69ffbfa9257\"},\"headline\":\"Mochil\u00e3o pela Nicar\u00e1gua \u2013 roteiro, gastos, dicas, fotos, etc\",\"datePublished\":\"2017-05-14T19:13:49+00:00\",\"dateModified\":\"2017-09-23T04:01:20+00:00\",\"mainEntityOfPage\":{\"@id\":\"https:\\\/\\\/mundosemfim.com\\\/?p=5816\"},\"wordCount\":3007,\"commentCount\":11,\"image\":{\"@id\":\"https:\\\/\\\/mundosemfim.com\\\/?p=5816#primaryimage\"},\"thumbnailUrl\":\"https:\\\/\\\/i0.wp.com\\\/mundosemfim.com\\\/wp-content\\\/uploads\\\/2017\\\/04\\\/DSC_0021-3.jpg?fit=1000%2C667&ssl=1\",\"articleSection\":[\"Am\u00e9rica Central\",\"am\u00e9rica latina\",\"Gastos\",\"Nicar\u00e1gua\"],\"inLanguage\":\"pt-BR\",\"potentialAction\":[{\"@type\":\"CommentAction\",\"name\":\"Comment\",\"target\":[\"https:\\\/\\\/mundosemfim.com\\\/?p=5816#respond\"]}]},{\"@type\":\"WebPage\",\"@id\":\"https:\\\/\\\/mundosemfim.com\\\/?p=5816\",\"url\":\"https:\\\/\\\/mundosemfim.com\\\/?p=5816\",\"name\":\"Mochil\u00e3o pela Nicar\u00e1gua \u2013 roteiro, gastos, dicas, fotos, etc - Mundo Sem Fim\",\"isPartOf\":{\"@id\":\"https:\\\/\\\/mundosemfim.com\\\/#website\"},\"primaryImageOfPage\":{\"@id\":\"https:\\\/\\\/mundosemfim.com\\\/?p=5816#primaryimage\"},\"image\":{\"@id\":\"https:\\\/\\\/mundosemfim.com\\\/?p=5816#primaryimage\"},\"thumbnailUrl\":\"https:\\\/\\\/i0.wp.com\\\/mundosemfim.com\\\/wp-content\\\/uploads\\\/2017\\\/04\\\/DSC_0021-3.jpg?fit=1000%2C667&ssl=1\",\"datePublished\":\"2017-05-14T19:13:49+00:00\",\"dateModified\":\"2017-09-23T04:01:20+00:00\",\"author\":{\"@id\":\"https:\\\/\\\/mundosemfim.com\\\/#\\\/schema\\\/person\\\/b021d50f3a19bae432e9b69ffbfa9257\"},\"breadcrumb\":{\"@id\":\"https:\\\/\\\/mundosemfim.com\\\/?p=5816#breadcrumb\"},\"inLanguage\":\"pt-BR\",\"potentialAction\":[{\"@type\":\"ReadAction\",\"target\":[\"https:\\\/\\\/mundosemfim.com\\\/?p=5816\"]}]},{\"@type\":\"ImageObject\",\"inLanguage\":\"pt-BR\",\"@id\":\"https:\\\/\\\/mundosemfim.com\\\/?p=5816#primaryimage\",\"url\":\"https:\\\/\\\/i0.wp.com\\\/mundosemfim.com\\\/wp-content\\\/uploads\\\/2017\\\/04\\\/DSC_0021-3.jpg?fit=1000%2C667&ssl=1\",\"contentUrl\":\"https:\\\/\\\/i0.wp.com\\\/mundosemfim.com\\\/wp-content\\\/uploads\\\/2017\\\/04\\\/DSC_0021-3.jpg?fit=1000%2C667&ssl=1\",\"width\":1000,\"height\":667,\"caption\":\"Os dois vulc\u00f5es da ilha Ometepe, vista da Punta Jes\u00fas Mar\u00eda\"},{\"@type\":\"BreadcrumbList\",\"@id\":\"https:\\\/\\\/mundosemfim.com\\\/?p=5816#breadcrumb\",\"itemListElement\":[{\"@type\":\"ListItem\",\"position\":1,\"name\":\"In\u00edcio\",\"item\":\"https:\\\/\\\/mundosemfim.com\\\/\"},{\"@type\":\"ListItem\",\"position\":2,\"name\":\"Mochil\u00e3o pela Nicar\u00e1gua \u2013 roteiro, gastos, dicas, fotos, etc\"}]},{\"@type\":\"WebSite\",\"@id\":\"https:\\\/\\\/mundosemfim.com\\\/#website\",\"url\":\"https:\\\/\\\/mundosemfim.com\\\/\",\"name\":\"Mundo Sem Fim\",\"description\":\"uma viagem de volta ao mundo pelos 5 continentes!\",\"potentialAction\":[{\"@type\":\"SearchAction\",\"target\":{\"@type\":\"EntryPoint\",\"urlTemplate\":\"https:\\\/\\\/mundosemfim.com\\\/?s={search_term_string}\"},\"query-input\":{\"@type\":\"PropertyValueSpecification\",\"valueRequired\":true,\"valueName\":\"search_term_string\"}}],\"inLanguage\":\"pt-BR\"},{\"@type\":\"Person\",\"@id\":\"https:\\\/\\\/mundosemfim.com\\\/#\\\/schema\\\/person\\\/b021d50f3a19bae432e9b69ffbfa9257\",\"name\":\"Renan\",\"image\":{\"@type\":\"ImageObject\",\"inLanguage\":\"pt-BR\",\"@id\":\"https:\\\/\\\/secure.gravatar.com\\\/avatar\\\/faafca769a603ac75196d21826f3bda645d7e2d6306bb6e236d8cdb38eb44e38?s=96&d=mm&r=g\",\"url\":\"https:\\\/\\\/secure.gravatar.com\\\/avatar\\\/faafca769a603ac75196d21826f3bda645d7e2d6306bb6e236d8cdb38eb44e38?s=96&d=mm&r=g\",\"contentUrl\":\"https:\\\/\\\/secure.gravatar.com\\\/avatar\\\/faafca769a603ac75196d21826f3bda645d7e2d6306bb6e236d8cdb38eb44e38?s=96&d=mm&r=g\",\"caption\":\"Renan\"}}]}<\/script>\n<!-- \/ Yoast SEO plugin. -->","yoast_head_json":{"title":"Mochil\u00e3o pela Nicar\u00e1gua \u2013 roteiro, gastos, dicas, fotos, etc - Mundo Sem Fim","robots":{"index":"index","follow":"follow","max-snippet":"max-snippet:-1","max-image-preview":"max-image-preview:large","max-video-preview":"max-video-preview:-1"},"canonical":"https:\/\/mundosemfim.com\/?p=5816","og_locale":"pt_BR","og_type":"article","og_title":"Mochil\u00e3o pela Nicar\u00e1gua \u2013 roteiro, gastos, dicas, fotos, etc - Mundo Sem Fim","og_description":"Com belas praias, in\u00fameros vulc\u00f5es, um povo alegre e um custo de vida baixo, a Nicar\u00e1gua \u00e9 um pa\u00eds que cada vez atrai mais turistas. Que tal consider\u00e1-la para as pr\u00f3ximas f\u00e9rias?","og_url":"https:\/\/mundosemfim.com\/?p=5816","og_site_name":"Mundo Sem Fim","article_publisher":"http:\/\/www.facebook.com\/mundosemfimoficial","article_published_time":"2017-05-14T19:13:49+00:00","article_modified_time":"2017-09-23T04:01:20+00:00","og_image":[{"width":1000,"height":667,"url":"https:\/\/i0.wp.com\/mundosemfim.com\/wp-content\/uploads\/2017\/04\/DSC_0021-3.jpg?fit=1000%2C667&ssl=1","type":"image\/jpeg"}],"author":"Renan","twitter_card":"summary_large_image","twitter_misc":{"Escrito por":"Renan","Est. tempo de leitura":"15 minutos"},"schema":{"@context":"https:\/\/schema.org","@graph":[{"@type":"Article","@id":"https:\/\/mundosemfim.com\/?p=5816#article","isPartOf":{"@id":"https:\/\/mundosemfim.com\/?p=5816"},"author":{"name":"Renan","@id":"https:\/\/mundosemfim.com\/#\/schema\/person\/b021d50f3a19bae432e9b69ffbfa9257"},"headline":"Mochil\u00e3o pela Nicar\u00e1gua \u2013 roteiro, gastos, dicas, fotos, etc","datePublished":"2017-05-14T19:13:49+00:00","dateModified":"2017-09-23T04:01:20+00:00","mainEntityOfPage":{"@id":"https:\/\/mundosemfim.com\/?p=5816"},"wordCount":3007,"commentCount":11,"image":{"@id":"https:\/\/mundosemfim.com\/?p=5816#primaryimage"},"thumbnailUrl":"https:\/\/i0.wp.com\/mundosemfim.com\/wp-content\/uploads\/2017\/04\/DSC_0021-3.jpg?fit=1000%2C667&ssl=1","articleSection":["Am\u00e9rica Central","am\u00e9rica latina","Gastos","Nicar\u00e1gua"],"inLanguage":"pt-BR","potentialAction":[{"@type":"CommentAction","name":"Comment","target":["https:\/\/mundosemfim.com\/?p=5816#respond"]}]},{"@type":"WebPage","@id":"https:\/\/mundosemfim.com\/?p=5816","url":"https:\/\/mundosemfim.com\/?p=5816","name":"Mochil\u00e3o pela Nicar\u00e1gua \u2013 roteiro, gastos, dicas, fotos, etc - Mundo Sem Fim","isPartOf":{"@id":"https:\/\/mundosemfim.com\/#website"},"primaryImageOfPage":{"@id":"https:\/\/mundosemfim.com\/?p=5816#primaryimage"},"image":{"@id":"https:\/\/mundosemfim.com\/?p=5816#primaryimage"},"thumbnailUrl":"https:\/\/i0.wp.com\/mundosemfim.com\/wp-content\/uploads\/2017\/04\/DSC_0021-3.jpg?fit=1000%2C667&ssl=1","datePublished":"2017-05-14T19:13:49+00:00","dateModified":"2017-09-23T04:01:20+00:00","author":{"@id":"https:\/\/mundosemfim.com\/#\/schema\/person\/b021d50f3a19bae432e9b69ffbfa9257"},"breadcrumb":{"@id":"https:\/\/mundosemfim.com\/?p=5816#breadcrumb"},"inLanguage":"pt-BR","potentialAction":[{"@type":"ReadAction","target":["https:\/\/mundosemfim.com\/?p=5816"]}]},{"@type":"ImageObject","inLanguage":"pt-BR","@id":"https:\/\/mundosemfim.com\/?p=5816#primaryimage","url":"https:\/\/i0.wp.com\/mundosemfim.com\/wp-content\/uploads\/2017\/04\/DSC_0021-3.jpg?fit=1000%2C667&ssl=1","contentUrl":"https:\/\/i0.wp.com\/mundosemfim.com\/wp-content\/uploads\/2017\/04\/DSC_0021-3.jpg?fit=1000%2C667&ssl=1","width":1000,"height":667,"caption":"Os dois vulc\u00f5es da ilha Ometepe, vista da Punta Jes\u00fas Mar\u00eda"},{"@type":"BreadcrumbList","@id":"https:\/\/mundosemfim.com\/?p=5816#breadcrumb","itemListElement":[{"@type":"ListItem","position":1,"name":"In\u00edcio","item":"https:\/\/mundosemfim.com\/"},{"@type":"ListItem","position":2,"name":"Mochil\u00e3o pela Nicar\u00e1gua \u2013 roteiro, gastos, dicas, fotos, etc"}]},{"@type":"WebSite","@id":"https:\/\/mundosemfim.com\/#website","url":"https:\/\/mundosemfim.com\/","name":"Mundo Sem Fim","description":"uma viagem de volta ao mundo pelos 5 continentes!","potentialAction":[{"@type":"SearchAction","target":{"@type":"EntryPoint","urlTemplate":"https:\/\/mundosemfim.com\/?s={search_term_string}"},"query-input":{"@type":"PropertyValueSpecification","valueRequired":true,"valueName":"search_term_string"}}],"inLanguage":"pt-BR"},{"@type":"Person","@id":"https:\/\/mundosemfim.com\/#\/schema\/person\/b021d50f3a19bae432e9b69ffbfa9257","name":"Renan","image":{"@type":"ImageObject","inLanguage":"pt-BR","@id":"https:\/\/secure.gravatar.com\/avatar\/faafca769a603ac75196d21826f3bda645d7e2d6306bb6e236d8cdb38eb44e38?s=96&d=mm&r=g","url":"https:\/\/secure.gravatar.com\/avatar\/faafca769a603ac75196d21826f3bda645d7e2d6306bb6e236d8cdb38eb44e38?s=96&d=mm&r=g","contentUrl":"https:\/\/secure.gravatar.com\/avatar\/faafca769a603ac75196d21826f3bda645d7e2d6306bb6e236d8cdb38eb44e38?s=96&d=mm&r=g","caption":"Renan"}}]}},"jetpack_publicize_connections":[],"jetpack_featured_media_url":"https:\/\/i0.wp.com\/mundosemfim.com\/wp-content\/uploads\/2017\/04\/DSC_0021-3.jpg?fit=1000%2C667&ssl=1","jetpack_sharing_enabled":true,"jetpack_shortlink":"https:\/\/wp.me\/p7CQyF-1vO","jetpack-related-posts":[{"id":5719,"url":"https:\/\/mundosemfim.com\/?p=5719","url_meta":{"origin":5816,"position":0},"title":"Conhecendo Granada \u2013 a bela cidade colonial da Nicar\u00e1gua","author":"Renan","date":"maio 1, 2017","format":false,"excerpt":"Com belas constru\u00e7\u00f5es coloniais e uma fervilhante cultura latina, Granada \u00e9 a Nicar\u00e1gua em seu estado puro. Quer conhecer este pa\u00eds? N\u00e3o deixe de visit\u00e1-la. Est\u00e1 pertinho da capital! C\u00e2mbio oficial (abril\/2017) 1 real = 9,40 c\u00f3rdobas 1 d\u00f3lar = 29,80 c\u00f3rdobas Fundada em 1524, Granada ostenta o t\u00edtulo de\u2026","rel":"","context":"Em &quot;am\u00e9rica latina&quot;","block_context":{"text":"am\u00e9rica latina","link":"https:\/\/mundosemfim.com\/?cat=7"},"img":{"alt_text":"Granada, Nicar\u00e1gua","src":"https:\/\/i0.wp.com\/mundosemfim.com\/wp-content\/uploads\/2017\/05\/DSC_0026-2.jpg?fit=1000%2C667&ssl=1&resize=350%2C200","width":350,"height":200,"srcset":"https:\/\/i0.wp.com\/mundosemfim.com\/wp-content\/uploads\/2017\/05\/DSC_0026-2.jpg?fit=1000%2C667&ssl=1&resize=350%2C200 1x, https:\/\/i0.wp.com\/mundosemfim.com\/wp-content\/uploads\/2017\/05\/DSC_0026-2.jpg?fit=1000%2C667&ssl=1&resize=525%2C300 1.5x, https:\/\/i0.wp.com\/mundosemfim.com\/wp-content\/uploads\/2017\/05\/DSC_0026-2.jpg?fit=1000%2C667&ssl=1&resize=700%2C400 2x"},"classes":[]},{"id":5688,"url":"https:\/\/mundosemfim.com\/?p=5688","url_meta":{"origin":5816,"position":1},"title":"Ilha Ometepe \u2013 um para\u00edso relaxante na Nicar\u00e1gua","author":"Renan","date":"abril 29, 2017","format":false,"excerpt":"Seguindo nossa busca pelos lugares mais bonitos da Nicar\u00e1gua, chegamos \u00e0 Ilha Ometepe, um destino encantador formado por dois vulc\u00f5es. Aqui damos todas as dicas de l\u00e1! C\u00e2mbio oficial (abril\/2017) 1 real = 9,46 c\u00f3rdobas 1 d\u00f3lar = 29,8 c\u00f3rdobas Ometepe, na antiga l\u00edngua local, significa \"duas montanhas\". E \u00e9\u2026","rel":"","context":"Em &quot;am\u00e9rica latina&quot;","block_context":{"text":"am\u00e9rica latina","link":"https:\/\/mundosemfim.com\/?cat=7"},"img":{"alt_text":"Os dois vulc\u00f5es da ilha Ometepe, vista da Punta Jes\u00fas Mar\u00eda","src":"https:\/\/i0.wp.com\/mundosemfim.com\/wp-content\/uploads\/2017\/04\/DSC_0021-3.jpg?fit=1000%2C667&ssl=1&resize=350%2C200","width":350,"height":200,"srcset":"https:\/\/i0.wp.com\/mundosemfim.com\/wp-content\/uploads\/2017\/04\/DSC_0021-3.jpg?fit=1000%2C667&ssl=1&resize=350%2C200 1x, https:\/\/i0.wp.com\/mundosemfim.com\/wp-content\/uploads\/2017\/04\/DSC_0021-3.jpg?fit=1000%2C667&ssl=1&resize=525%2C300 1.5x, https:\/\/i0.wp.com\/mundosemfim.com\/wp-content\/uploads\/2017\/04\/DSC_0021-3.jpg?fit=1000%2C667&ssl=1&resize=700%2C400 2x"},"classes":[]},{"id":5653,"url":"https:\/\/mundosemfim.com\/?p=5653","url_meta":{"origin":5816,"position":2},"title":"Cruzando a fronteira Costa Rica \u2013 Nicar\u00e1gua por Pe\u00f1as Blancas","author":"Renan","date":"abril 20, 2017","format":false,"excerpt":"Seguindo nosso recorrido pela Am\u00e9rica Central, aqui contamos como foi cruzar a fronteira da Costa Rica com a Nicar\u00e1gua por terra! C\u00e2mbio oficial (abril\/2017) 1 real = 178 colones (dinheiro da Costa Rica) 1 real = 9,45 c\u00f3rdobas (dinheiro da Nicar\u00e1gua) 1 d\u00f3lar = 3,16 reais Seguindo nossa viagem pela\u2026","rel":"","context":"Em &quot;Am\u00e9rica Central&quot;","block_context":{"text":"Am\u00e9rica Central","link":"https:\/\/mundosemfim.com\/?cat=382"},"img":{"alt_text":"Cruzando a fronteira Costa Rica - Nicar\u00e1gua por Pe\u00f1as Blancas.","src":"https:\/\/i0.wp.com\/mundosemfim.com\/wp-content\/uploads\/2017\/04\/P4200022.jpg?fit=1000%2C667&ssl=1&resize=350%2C200","width":350,"height":200,"srcset":"https:\/\/i0.wp.com\/mundosemfim.com\/wp-content\/uploads\/2017\/04\/P4200022.jpg?fit=1000%2C667&ssl=1&resize=350%2C200 1x, https:\/\/i0.wp.com\/mundosemfim.com\/wp-content\/uploads\/2017\/04\/P4200022.jpg?fit=1000%2C667&ssl=1&resize=525%2C300 1.5x, https:\/\/i0.wp.com\/mundosemfim.com\/wp-content\/uploads\/2017\/04\/P4200022.jpg?fit=1000%2C667&ssl=1&resize=700%2C400 2x"},"classes":[]},{"id":5809,"url":"https:\/\/mundosemfim.com\/?p=5809","url_meta":{"origin":5816,"position":3},"title":"Cruzando a fronteira Nicar\u00e1gua \u2013 Honduras por Las Manos","author":"Renan","date":"maio 14, 2017","format":false,"excerpt":"Mais uma vez aquele friozinho na barriga por cruzar uma fronteira. Desta vez seria para entrar em Honduras, um pa\u00eds onde muitos reclamam de terem sido extorquidos pelos oficiais de imigra\u00e7\u00e3o. Mas a viagem tem que continuar, e a\u00ed fomos n\u00f3s! Refer\u00eancia (maio\/2017) 1 d\u00f3lar = 3,13 reais 1 c\u00f3rdoba\u2026","rel":"","context":"Em &quot;Am\u00e9rica Central&quot;","block_context":{"text":"Am\u00e9rica Central","link":"https:\/\/mundosemfim.com\/?cat=382"},"img":{"alt_text":"Cruzando a fronteira Nicar\u00e1gua - Honduras","src":"https:\/\/i0.wp.com\/mundosemfim.com\/wp-content\/uploads\/2017\/05\/P5120006.jpg?fit=1000%2C667&ssl=1&resize=350%2C200","width":350,"height":200,"srcset":"https:\/\/i0.wp.com\/mundosemfim.com\/wp-content\/uploads\/2017\/05\/P5120006.jpg?fit=1000%2C667&ssl=1&resize=350%2C200 1x, https:\/\/i0.wp.com\/mundosemfim.com\/wp-content\/uploads\/2017\/05\/P5120006.jpg?fit=1000%2C667&ssl=1&resize=525%2C300 1.5x, https:\/\/i0.wp.com\/mundosemfim.com\/wp-content\/uploads\/2017\/05\/P5120006.jpg?fit=1000%2C667&ssl=1&resize=700%2C400 2x"},"classes":[]},{"id":5759,"url":"https:\/\/mundosemfim.com\/?p=5759","url_meta":{"origin":5816,"position":4},"title":"Visitando Le\u00f3n \u2013 uma linda cidade colonial na Nicar\u00e1gua","author":"Renan","date":"maio 6, 2017","format":false,"excerpt":"Rica em hist\u00f3ria, vibrante e com uma catedral declarada Patrim\u00f4nio da Humanidade pela UNESCO, Le\u00f3n foi uma das nossas cidades favoritas da Nicar\u00e1gua. Ah, isso sem falar da possibilidade de pegar um tour para fazer sandboard vulc\u00e3o abaixo. Curtiu? Pegue todas as dicas aqui para aproveit\u00e1-la ao m\u00e1ximo! C\u00e2mbio oficial\u2026","rel":"","context":"Em &quot;Am\u00e9rica Central&quot;","block_context":{"text":"Am\u00e9rica Central","link":"https:\/\/mundosemfim.com\/?cat=382"},"img":{"alt_text":"Catedral de Le\u00f3n, Nicar\u00e1gua","src":"https:\/\/i0.wp.com\/mundosemfim.com\/wp-content\/uploads\/2017\/05\/DSC_0156.jpg?fit=1000%2C667&ssl=1&resize=350%2C200","width":350,"height":200,"srcset":"https:\/\/i0.wp.com\/mundosemfim.com\/wp-content\/uploads\/2017\/05\/DSC_0156.jpg?fit=1000%2C667&ssl=1&resize=350%2C200 1x, https:\/\/i0.wp.com\/mundosemfim.com\/wp-content\/uploads\/2017\/05\/DSC_0156.jpg?fit=1000%2C667&ssl=1&resize=525%2C300 1.5x, https:\/\/i0.wp.com\/mundosemfim.com\/wp-content\/uploads\/2017\/05\/DSC_0156.jpg?fit=1000%2C667&ssl=1&resize=700%2C400 2x"},"classes":[]},{"id":5739,"url":"https:\/\/mundosemfim.com\/?p=5739","url_meta":{"origin":5816,"position":5},"title":"Visitando Man\u00e1gua, a moderna capital da Nicar\u00e1gua","author":"Renan","date":"maio 3, 2017","format":false,"excerpt":"Muitas vezes ignorada pelos viajantes, Man\u00e1gua \u00e9 uma cidade muito interessante, que merece ao menos 1 dia das suas f\u00e9rias. F\u00e1cil de ser percorrida a p\u00e9 e diferente de qualquer outra capital que voc\u00ea j\u00e1 conheceu, Man\u00e1gua certamente te surpreender\u00e1! C\u00e2mbio oficial (maio\/2017) 1 real = 9,40 c\u00f3rdobas 1 d\u00f3lar\u2026","rel":"","context":"Em &quot;Am\u00e9rica Central&quot;","block_context":{"text":"Am\u00e9rica Central","link":"https:\/\/mundosemfim.com\/?cat=382"},"img":{"alt_text":"Plaza de la Revoluci\u00f3n, Antiga Catedral e Pal\u00e1cio da Cultura em Man\u00e1gua, Nicar\u00e1gua","src":"https:\/\/i0.wp.com\/mundosemfim.com\/wp-content\/uploads\/2017\/05\/DSC_0025.jpg?fit=1000%2C667&ssl=1&resize=350%2C200","width":350,"height":200,"srcset":"https:\/\/i0.wp.com\/mundosemfim.com\/wp-content\/uploads\/2017\/05\/DSC_0025.jpg?fit=1000%2C667&ssl=1&resize=350%2C200 1x, https:\/\/i0.wp.com\/mundosemfim.com\/wp-content\/uploads\/2017\/05\/DSC_0025.jpg?fit=1000%2C667&ssl=1&resize=525%2C300 1.5x, https:\/\/i0.wp.com\/mundosemfim.com\/wp-content\/uploads\/2017\/05\/DSC_0025.jpg?fit=1000%2C667&ssl=1&resize=700%2C400 2x"},"classes":[]}],"_links":{"self":[{"href":"https:\/\/mundosemfim.com\/index.php?rest_route=\/wp\/v2\/posts\/5816","targetHints":{"allow":["GET"]}}],"collection":[{"href":"https:\/\/mundosemfim.com\/index.php?rest_route=\/wp\/v2\/posts"}],"about":[{"href":"https:\/\/mundosemfim.com\/index.php?rest_route=\/wp\/v2\/types\/post"}],"author":[{"embeddable":true,"href":"https:\/\/mundosemfim.com\/index.php?rest_route=\/wp\/v2\/users\/1"}],"replies":[{"embeddable":true,"href":"https:\/\/mundosemfim.com\/index.php?rest_route=%2Fwp%2Fv2%2Fcomments&post=5816"}],"version-history":[{"count":6,"href":"https:\/\/mundosemfim.com\/index.php?rest_route=\/wp\/v2\/posts\/5816\/revisions"}],"predecessor-version":[{"id":6751,"href":"https:\/\/mundosemfim.com\/index.php?rest_route=\/wp\/v2\/posts\/5816\/revisions\/6751"}],"wp:featuredmedia":[{"embeddable":true,"href":"https:\/\/mundosemfim.com\/index.php?rest_route=\/wp\/v2\/media\/5690"}],"wp:attachment":[{"href":"https:\/\/mundosemfim.com\/index.php?rest_route=%2Fwp%2Fv2%2Fmedia&parent=5816"}],"wp:term":[{"taxonomy":"category","embeddable":true,"href":"https:\/\/mundosemfim.com\/index.php?rest_route=%2Fwp%2Fv2%2Fcategories&post=5816"},{"taxonomy":"post_tag","embeddable":true,"href":"https:\/\/mundosemfim.com\/index.php?rest_route=%2Fwp%2Fv2%2Ftags&post=5816"}],"curies":[{"name":"wp","href":"https:\/\/api.w.org\/{rel}","templated":true}]}}