{"id":5759,"date":"2017-05-06T00:43:07","date_gmt":"2017-05-06T03:43:07","guid":{"rendered":"https:\/\/mundosemfim.com\/?p=5759"},"modified":"2017-07-14T00:10:01","modified_gmt":"2017-07-14T03:10:01","slug":"visitando-leon-uma-linda-cidade-colonial-na-nicaragua","status":"publish","type":"post","link":"https:\/\/mundosemfim.com\/?p=5759","title":{"rendered":"Visitando Le\u00f3n \u2013 uma linda cidade colonial na Nicar\u00e1gua"},"content":{"rendered":"<p>Rica em hist\u00f3ria, vibrante e com uma catedral declarada <a href=\"https:\/\/mundosemfim.com\/patrimonios-da-unesco\/\">Patrim\u00f4nio da Humanidade pela UNESCO<\/a>, Le\u00f3n foi uma das nossas cidades favoritas da Nicar\u00e1gua. Ah, isso sem falar da possibilidade de pegar um tour para fazer sandboard vulc\u00e3o abaixo.<\/p>\n<p>Curtiu? Pegue todas as dicas aqui para aproveit\u00e1-la ao m\u00e1ximo!<\/p>\n<p><!--more--><\/p>\n<p><b>C\u00e2mbio oficial (maio\/2017)<br \/>\n<\/b>1 real = 9,35 c\u00f3rdobas<br \/>\n1 d\u00f3lar = 29,81 c\u00f3rdobas<\/p>\n<figure id=\"attachment_5760\" aria-describedby=\"caption-attachment-5760\" style=\"width: 1000px\" class=\"wp-caption aligncenter\"><img data-recalc-dims=\"1\" loading=\"lazy\" decoding=\"async\" data-attachment-id=\"5760\" data-permalink=\"https:\/\/mundosemfim.com\/?attachment_id=5760\" data-orig-file=\"https:\/\/i0.wp.com\/mundosemfim.com\/wp-content\/uploads\/2017\/05\/DSC_0081.jpg?fit=1000%2C667&amp;ssl=1\" data-orig-size=\"1000,667\" data-comments-opened=\"1\" data-image-meta=\"{&quot;aperture&quot;:&quot;0&quot;,&quot;credit&quot;:&quot;&quot;,&quot;camera&quot;:&quot;&quot;,&quot;caption&quot;:&quot;&quot;,&quot;created_timestamp&quot;:&quot;0&quot;,&quot;copyright&quot;:&quot;&quot;,&quot;focal_length&quot;:&quot;0&quot;,&quot;iso&quot;:&quot;0&quot;,&quot;shutter_speed&quot;:&quot;0&quot;,&quot;title&quot;:&quot;&quot;,&quot;orientation&quot;:&quot;0&quot;}\" data-image-title=\"Le\u00f3n\" data-image-description=\"&lt;p&gt;Le\u00f3n, Nicar\u00e1gua&lt;\/p&gt;\n\" data-image-caption=\"&lt;p&gt;Ruas hist\u00f3ricas de Le\u00f3n&lt;\/p&gt;\n\" data-large-file=\"https:\/\/i0.wp.com\/mundosemfim.com\/wp-content\/uploads\/2017\/05\/DSC_0081.jpg?fit=764%2C510&amp;ssl=1\" class=\"size-full wp-image-5760\" src=\"https:\/\/i0.wp.com\/mundosemfim.com\/wp-content\/uploads\/2017\/05\/DSC_0081.jpg?resize=764%2C510&#038;ssl=1\" alt=\"Le\u00f3n, Nicar\u00e1gua\" width=\"764\" height=\"510\" srcset=\"https:\/\/i0.wp.com\/mundosemfim.com\/wp-content\/uploads\/2017\/05\/DSC_0081.jpg?w=1000&amp;ssl=1 1000w, https:\/\/i0.wp.com\/mundosemfim.com\/wp-content\/uploads\/2017\/05\/DSC_0081.jpg?resize=300%2C200&amp;ssl=1 300w, https:\/\/i0.wp.com\/mundosemfim.com\/wp-content\/uploads\/2017\/05\/DSC_0081.jpg?resize=768%2C512&amp;ssl=1 768w\" sizes=\"auto, (max-width: 764px) 100vw, 764px\" \/><figcaption id=\"caption-attachment-5760\" class=\"wp-caption-text\">Ruas hist\u00f3ricas de Le\u00f3n<\/figcaption><\/figure>\n<p>Com pouco mais de 200 mil habitantes na \u00e1rea urbana, <em>Santiago de los Caballeros de Le\u00f3n<\/em> \u00e9 a segunda maior cidade da Nicar\u00e1gua, e disputa com <a href=\"https:\/\/mundosemfim.com\/conhecendo-granada-bela-cidade-colonial-da-nicaragua\/\"><b>Granada<\/b><\/a> o t\u00edtulo de &#8220;cidade colonial mais bonita do pa\u00eds&#8221;. N\u00f3s n\u00e3o queremos assumir a dif\u00edcil responsabilidade de eleger qual das duas foi a nossa favorita, mas podemos dizer que Granada \u00e9 mais tur\u00edstica, enquanto Le\u00f3n nos pareceu mais aut\u00eantica. Na d\u00favida? Visite as duas!<\/p>\n<p>A primeira Le\u00f3n foi fundada em 1524, a 30km da sua localiza\u00e7\u00e3o atual. Em 1610, depois de ser destru\u00edda v\u00e1rias vezes por uma s\u00e9rie de terremotos, sua popula\u00e7\u00e3o finalmente abandonou a cidade e fundou a nova Le\u00f3n. As ru\u00ednas da cidade antiga foram declaradas <a href=\"https:\/\/mundosemfim.com\/patrimonios-da-unesco\/\">Patrim\u00f4nio da Humanidade pela UNESCO<\/a> em 2000, e podem ser visitadas facilmente em transporte p\u00fablico.<\/p>\n<figure id=\"attachment_5761\" aria-describedby=\"caption-attachment-5761\" style=\"width: 1000px\" class=\"wp-caption aligncenter\"><img data-recalc-dims=\"1\" loading=\"lazy\" decoding=\"async\" data-attachment-id=\"5761\" data-permalink=\"https:\/\/mundosemfim.com\/?attachment_id=5761\" data-orig-file=\"https:\/\/i0.wp.com\/mundosemfim.com\/wp-content\/uploads\/2017\/05\/DSC_0055.jpg?fit=1000%2C667&amp;ssl=1\" data-orig-size=\"1000,667\" data-comments-opened=\"1\" data-image-meta=\"{&quot;aperture&quot;:&quot;0&quot;,&quot;credit&quot;:&quot;&quot;,&quot;camera&quot;:&quot;&quot;,&quot;caption&quot;:&quot;&quot;,&quot;created_timestamp&quot;:&quot;0&quot;,&quot;copyright&quot;:&quot;&quot;,&quot;focal_length&quot;:&quot;0&quot;,&quot;iso&quot;:&quot;0&quot;,&quot;shutter_speed&quot;:&quot;0&quot;,&quot;title&quot;:&quot;&quot;,&quot;orientation&quot;:&quot;0&quot;}\" data-image-title=\"Le\u00f3n\" data-image-description=\"&lt;p&gt;Mucuvinha na Catedral de Le\u00f3n, Nicar\u00e1gua&lt;\/p&gt;\n\" data-image-caption=\"&lt;p&gt;Mucuvinha em frente \u00e0 Catedral de Le\u00f3n&lt;\/p&gt;\n\" data-large-file=\"https:\/\/i0.wp.com\/mundosemfim.com\/wp-content\/uploads\/2017\/05\/DSC_0055.jpg?fit=764%2C510&amp;ssl=1\" class=\"size-full wp-image-5761\" src=\"https:\/\/i0.wp.com\/mundosemfim.com\/wp-content\/uploads\/2017\/05\/DSC_0055.jpg?resize=764%2C510&#038;ssl=1\" alt=\"Mucuvinha na Catedral de Le\u00f3n, Nicar\u00e1gua\" width=\"764\" height=\"510\" srcset=\"https:\/\/i0.wp.com\/mundosemfim.com\/wp-content\/uploads\/2017\/05\/DSC_0055.jpg?w=1000&amp;ssl=1 1000w, https:\/\/i0.wp.com\/mundosemfim.com\/wp-content\/uploads\/2017\/05\/DSC_0055.jpg?resize=300%2C200&amp;ssl=1 300w, https:\/\/i0.wp.com\/mundosemfim.com\/wp-content\/uploads\/2017\/05\/DSC_0055.jpg?resize=768%2C512&amp;ssl=1 768w\" sizes=\"auto, (max-width: 764px) 100vw, 764px\" \/><figcaption id=\"caption-attachment-5761\" class=\"wp-caption-text\">Mucuvinha em frente \u00e0 Catedral de Le\u00f3n<\/figcaption><\/figure>\n<p>Historicamente, Le\u00f3n foi uma cidade com tend\u00eancias liberais, enquanto <a href=\"https:\/\/mundosemfim.com\/conhecendo-granada-bela-cidade-colonial-da-nicaragua\/\">Granada<\/a> era mais conservadora (e isso se nota at\u00e9 hoje pelas pinturas e homenagens nas pra\u00e7as p\u00fablicas).<\/p>\n<p>A capital da Nicar\u00e1gua se alternou durante anos entre Le\u00f3n e <a href=\"https:\/\/mundosemfim.com\/conhecendo-granada-bela-cidade-colonial-da-nicaragua\/\">Granada<\/a>, at\u00e9 que, em 1858, foi decidido que <a href=\"https:\/\/mundosemfim.com\/visitando-managua-moderna-capital-da-nicaragua\/\">Man\u00e1gua<\/a> assumiria este posto permanentemente.<\/p>\n<p>A primeira universidade da <a href=\"https:\/\/mundosemfim.com\/mochilao-pela-nicaragua-roteiro-gastos-dicas-fotos-etc\/\">Nicar\u00e1gua<\/a> foi erguida em Le\u00f3n, o que a tornou um forte centro estudantil. Muitos atribuem a isso o fato de a cidade ter tend\u00eancias liberais t\u00e3o fortes.<\/p>\n<p>Tamb\u00e9m foi em Le\u00f3n que o ditador Anastasio Somoza Garcia levou um tiro que tiraria sua vida.<\/p>\n<figure id=\"attachment_5762\" aria-describedby=\"caption-attachment-5762\" style=\"width: 1000px\" class=\"wp-caption aligncenter\"><img data-recalc-dims=\"1\" loading=\"lazy\" decoding=\"async\" data-attachment-id=\"5762\" data-permalink=\"https:\/\/mundosemfim.com\/?attachment_id=5762\" data-orig-file=\"https:\/\/i0.wp.com\/mundosemfim.com\/wp-content\/uploads\/2017\/05\/DSC_0038.jpg?fit=1000%2C667&amp;ssl=1\" data-orig-size=\"1000,667\" data-comments-opened=\"1\" data-image-meta=\"{&quot;aperture&quot;:&quot;0&quot;,&quot;credit&quot;:&quot;&quot;,&quot;camera&quot;:&quot;&quot;,&quot;caption&quot;:&quot;&quot;,&quot;created_timestamp&quot;:&quot;0&quot;,&quot;copyright&quot;:&quot;&quot;,&quot;focal_length&quot;:&quot;0&quot;,&quot;iso&quot;:&quot;0&quot;,&quot;shutter_speed&quot;:&quot;0&quot;,&quot;title&quot;:&quot;&quot;,&quot;orientation&quot;:&quot;0&quot;}\" data-image-title=\"Le\u00f3n\" data-image-description=\"\" data-image-caption=\"&lt;p&gt;Um dos in\u00fameros murais de Le\u00f3n que fazem refer\u00eancia aos movimentos liberais de Le\u00f3n.&lt;\/p&gt;\n\" data-large-file=\"https:\/\/i0.wp.com\/mundosemfim.com\/wp-content\/uploads\/2017\/05\/DSC_0038.jpg?fit=764%2C510&amp;ssl=1\" class=\"size-full wp-image-5762\" src=\"https:\/\/i0.wp.com\/mundosemfim.com\/wp-content\/uploads\/2017\/05\/DSC_0038.jpg?resize=764%2C510&#038;ssl=1\" alt=\"\" width=\"764\" height=\"510\" srcset=\"https:\/\/i0.wp.com\/mundosemfim.com\/wp-content\/uploads\/2017\/05\/DSC_0038.jpg?w=1000&amp;ssl=1 1000w, https:\/\/i0.wp.com\/mundosemfim.com\/wp-content\/uploads\/2017\/05\/DSC_0038.jpg?resize=300%2C200&amp;ssl=1 300w, https:\/\/i0.wp.com\/mundosemfim.com\/wp-content\/uploads\/2017\/05\/DSC_0038.jpg?resize=768%2C512&amp;ssl=1 768w\" sizes=\"auto, (max-width: 764px) 100vw, 764px\" \/><figcaption id=\"caption-attachment-5762\" class=\"wp-caption-text\">Um dos in\u00fameros murais de Le\u00f3n que fazem refer\u00eancia aos movimentos liberais de Le\u00f3n.<\/figcaption><\/figure>\n<p><em>Agradecemos a <strong>Lester Martinez<\/strong>, presidente da Rede Nacional de Guias Tur\u00edsticos da Nicar\u00e1gua, por nos guiar pela cidade e nos passar todo o tipo de informa\u00e7\u00e3o necess\u00e1ria para escrevermos este post.<\/em><\/p>\n<p><em>Se algu\u00e9m quiser contact\u00e1-lo, seu whatsapp \u00e9: <strong>+505-78719868<\/strong>.<\/em><\/p>\n<h3><b>R\u00faben Dar\u00edo<\/b><\/h3>\n<p>Poeta mais importante do pa\u00eds e um dos mais reconhecidos na Am\u00e9rica Latina, R\u00faben Dar\u00edo (1867 \u2013 1916) possui in\u00fameras est\u00e1tuas e homenagens espalhadas por toda Le\u00f3n. Ainda que, por uma casualidade, ele tenha nascido em outro lugar (uma cidade que atualmente \u00e9 chamada Ciudad Dar\u00edo), foi em Le\u00f3n que ele foi criado, e foi aqui que ele estudou e passou seus \u00faltimos dias. A casa de seus tios (por quem Dar\u00edo foi criado) se converteu em um museu em homenagem ao poeta.<\/p>\n<p>Segundo contam, Dar\u00edo j\u00e1 sabia ler aos tr\u00eas anos, e aos quatro j\u00e1 havia lido a b\u00edblia de ponta a ponta.<\/p>\n<figure id=\"attachment_5763\" aria-describedby=\"caption-attachment-5763\" style=\"width: 1000px\" class=\"wp-caption aligncenter\"><img data-recalc-dims=\"1\" loading=\"lazy\" decoding=\"async\" data-attachment-id=\"5763\" data-permalink=\"https:\/\/mundosemfim.com\/?attachment_id=5763\" data-orig-file=\"https:\/\/i0.wp.com\/mundosemfim.com\/wp-content\/uploads\/2017\/05\/DSC_0002-2.jpg?fit=1000%2C667&amp;ssl=1\" data-orig-size=\"1000,667\" data-comments-opened=\"1\" data-image-meta=\"{&quot;aperture&quot;:&quot;0&quot;,&quot;credit&quot;:&quot;&quot;,&quot;camera&quot;:&quot;&quot;,&quot;caption&quot;:&quot;&quot;,&quot;created_timestamp&quot;:&quot;0&quot;,&quot;copyright&quot;:&quot;&quot;,&quot;focal_length&quot;:&quot;0&quot;,&quot;iso&quot;:&quot;0&quot;,&quot;shutter_speed&quot;:&quot;0&quot;,&quot;title&quot;:&quot;&quot;,&quot;orientation&quot;:&quot;0&quot;}\" data-image-title=\"Le\u00f3n\" data-image-description=\"&lt;p&gt;Uma das in\u00fameras est\u00e1tuas de Ruben Dar\u00edo em Le\u00f3n.&lt;\/p&gt;\n\" data-image-caption=\"&lt;p&gt;Uma das in\u00fameras est\u00e1tuas de Ruben Dar\u00edo em Le\u00f3n.&lt;\/p&gt;\n\" data-large-file=\"https:\/\/i0.wp.com\/mundosemfim.com\/wp-content\/uploads\/2017\/05\/DSC_0002-2.jpg?fit=764%2C510&amp;ssl=1\" class=\"size-full wp-image-5763\" src=\"https:\/\/i0.wp.com\/mundosemfim.com\/wp-content\/uploads\/2017\/05\/DSC_0002-2.jpg?resize=764%2C510&#038;ssl=1\" alt=\"Uma das in\u00fameras est\u00e1tuas de Ruben Dar\u00edo em Le\u00f3n.\" width=\"764\" height=\"510\" srcset=\"https:\/\/i0.wp.com\/mundosemfim.com\/wp-content\/uploads\/2017\/05\/DSC_0002-2.jpg?w=1000&amp;ssl=1 1000w, https:\/\/i0.wp.com\/mundosemfim.com\/wp-content\/uploads\/2017\/05\/DSC_0002-2.jpg?resize=300%2C200&amp;ssl=1 300w, https:\/\/i0.wp.com\/mundosemfim.com\/wp-content\/uploads\/2017\/05\/DSC_0002-2.jpg?resize=768%2C512&amp;ssl=1 768w\" sizes=\"auto, (max-width: 764px) 100vw, 764px\" \/><figcaption id=\"caption-attachment-5763\" class=\"wp-caption-text\">Uma das in\u00fameras est\u00e1tuas de Ruben Dar\u00edo em Le\u00f3n.<\/figcaption><\/figure>\n<p>Tamb\u00e9m conta a hist\u00f3ria que, depois de sua morte (causada por uma enfermidade desconhecida, possivelmente associada ao excesso de \u00e1lcool consumido pelo poeta), seu c\u00e9rebro foi removido e enviado \u00e0 Espanha para que pudessem estudar sua genialidade.<\/p>\n<p>Atualmente, seus restos mortais (e a caixa que cont\u00e9m o seu c\u00e9rebro) est\u00e3o enterrados dentro da catedral central, ao lado direito do altar, sob a est\u00e1tua de um le\u00e3o.<\/p>\n<h3><b>Chegando e saindo<\/b><\/h3>\n<p>Le\u00f3n est\u00e1 a pouco menos de 100km de dist\u00e2ncia da capital <a href=\"https:\/\/mundosemfim.com\/visitando-managua-moderna-capital-da-nicaragua\/\">Man\u00e1gua.<\/a> Uma van entre as duas cidades custa 54 c\u00f3rdobas e demora cerca de 1h30min.<\/p>\n<p>O terminal de \u00f4nibus de Le\u00f3n est\u00e1 a cerca de 2,5km do centro. Se n\u00e3o quiser andar, h\u00e1 bicicletas que fazem este trajeto por 1 d\u00f3lar (levam 2 pessoas e as mochilas).<\/p>\n<figure id=\"attachment_5764\" aria-describedby=\"caption-attachment-5764\" style=\"width: 1000px\" class=\"wp-caption aligncenter\"><img data-recalc-dims=\"1\" loading=\"lazy\" decoding=\"async\" data-attachment-id=\"5764\" data-permalink=\"https:\/\/mundosemfim.com\/?attachment_id=5764\" data-orig-file=\"https:\/\/i0.wp.com\/mundosemfim.com\/wp-content\/uploads\/2017\/05\/DSC_0097.jpg?fit=1000%2C667&amp;ssl=1\" data-orig-size=\"1000,667\" data-comments-opened=\"1\" data-image-meta=\"{&quot;aperture&quot;:&quot;0&quot;,&quot;credit&quot;:&quot;&quot;,&quot;camera&quot;:&quot;&quot;,&quot;caption&quot;:&quot;&quot;,&quot;created_timestamp&quot;:&quot;0&quot;,&quot;copyright&quot;:&quot;&quot;,&quot;focal_length&quot;:&quot;0&quot;,&quot;iso&quot;:&quot;0&quot;,&quot;shutter_speed&quot;:&quot;0&quot;,&quot;title&quot;:&quot;&quot;,&quot;orientation&quot;:&quot;0&quot;}\" data-image-title=\"Le\u00f3n\" data-image-description=\"\" data-image-caption=\"&lt;p&gt;Bicicletas, um transporte p\u00fablico comum em Le\u00f3n.&lt;\/p&gt;\n\" data-large-file=\"https:\/\/i0.wp.com\/mundosemfim.com\/wp-content\/uploads\/2017\/05\/DSC_0097.jpg?fit=764%2C510&amp;ssl=1\" class=\"size-full wp-image-5764\" src=\"https:\/\/i0.wp.com\/mundosemfim.com\/wp-content\/uploads\/2017\/05\/DSC_0097.jpg?resize=764%2C510&#038;ssl=1\" alt=\"\" width=\"764\" height=\"510\" srcset=\"https:\/\/i0.wp.com\/mundosemfim.com\/wp-content\/uploads\/2017\/05\/DSC_0097.jpg?w=1000&amp;ssl=1 1000w, https:\/\/i0.wp.com\/mundosemfim.com\/wp-content\/uploads\/2017\/05\/DSC_0097.jpg?resize=300%2C200&amp;ssl=1 300w, https:\/\/i0.wp.com\/mundosemfim.com\/wp-content\/uploads\/2017\/05\/DSC_0097.jpg?resize=768%2C512&amp;ssl=1 768w\" sizes=\"auto, (max-width: 764px) 100vw, 764px\" \/><figcaption id=\"caption-attachment-5764\" class=\"wp-caption-text\">Bicicletas, um transporte p\u00fablico comum em Le\u00f3n.<\/figcaption><\/figure>\n<h3><b>Onde se hospedar<\/b><\/h3>\n<p>N\u00f3s tivemos o privil\u00e9gio de ficar no <b><a href=\"http:\/\/www.hotelaustria.com.ni\">Hotel Austria<\/a>\u00a0(<a href=\"http:\/\/www.hotelaustria.com.ni\">www.hotelaustria.com.ni<\/a>)<\/b>, provavelmente o melhor hotel de Le\u00f3n (nosso primeiro banho com \u00e1gua quente em meses!). Est\u00e1 pertinho da catedral. Um quarto para um casal, com tv, ar condicionado, banheiro privado e caf\u00e9-da-manh\u00e3 inclu\u00eddo sai por 79 d\u00f3lares. Se busca um lugar com conforto, pode reserv\u00e1-lo <a href=\"http:\/\/www.booking.com\/hotel\/ni\/austria.html?aid=1152681&amp;no_rooms=1&amp;group_adults=1\"><b>aqui<\/b><\/a>.<\/p>\n<p>Se busca op\u00e7\u00f5es mais simples e econ\u00f4micas, os principais hostels custam em torno de 8 d\u00f3lares por pessoa em quarto compartilhado. Se procurar bem, \u00e9 capaz de algo mais simples por 5.<\/p>\n<div data-carousel-extra='{&quot;blog_id&quot;:1,&quot;permalink&quot;:&quot;https:\/\/mundosemfim.com\/?p=5759&quot;}' id='gallery-1' class='gallery galleryid-5759 gallery-columns-2 gallery-size-medium'><figure class='gallery-item'>\n\t\t\t<div class='gallery-icon landscape'>\n\t\t\t\t<a href='https:\/\/mundosemfim.com\/?attachment_id=5766'><img loading=\"lazy\" decoding=\"async\" width=\"300\" height=\"200\" src=\"https:\/\/i0.wp.com\/mundosemfim.com\/wp-content\/uploads\/2017\/05\/DSC_0132.jpg?fit=300%2C200&amp;ssl=1\" class=\"attachment-medium size-medium\" alt=\"Hotel Austria, em Le\u00f3n\" aria-describedby=\"gallery-1-5766\" srcset=\"https:\/\/i0.wp.com\/mundosemfim.com\/wp-content\/uploads\/2017\/05\/DSC_0132.jpg?w=1000&amp;ssl=1 1000w, https:\/\/i0.wp.com\/mundosemfim.com\/wp-content\/uploads\/2017\/05\/DSC_0132.jpg?resize=300%2C200&amp;ssl=1 300w, https:\/\/i0.wp.com\/mundosemfim.com\/wp-content\/uploads\/2017\/05\/DSC_0132.jpg?resize=768%2C512&amp;ssl=1 768w\" sizes=\"auto, (max-width: 300px) 100vw, 300px\" data-attachment-id=\"5766\" data-permalink=\"https:\/\/mundosemfim.com\/?attachment_id=5766\" data-orig-file=\"https:\/\/i0.wp.com\/mundosemfim.com\/wp-content\/uploads\/2017\/05\/DSC_0132.jpg?fit=1000%2C667&amp;ssl=1\" data-orig-size=\"1000,667\" data-comments-opened=\"1\" data-image-meta=\"{&quot;aperture&quot;:&quot;0&quot;,&quot;credit&quot;:&quot;&quot;,&quot;camera&quot;:&quot;&quot;,&quot;caption&quot;:&quot;&quot;,&quot;created_timestamp&quot;:&quot;0&quot;,&quot;copyright&quot;:&quot;&quot;,&quot;focal_length&quot;:&quot;0&quot;,&quot;iso&quot;:&quot;0&quot;,&quot;shutter_speed&quot;:&quot;0&quot;,&quot;title&quot;:&quot;&quot;,&quot;orientation&quot;:&quot;0&quot;}\" data-image-title=\"Le\u00f3n\" data-image-description=\"&lt;p&gt;Hotel Austria, em Le\u00f3n&lt;\/p&gt;\n\" data-image-caption=\"&lt;p&gt;Hotel Austria, em Le\u00f3n&lt;\/p&gt;\n\" data-large-file=\"https:\/\/i0.wp.com\/mundosemfim.com\/wp-content\/uploads\/2017\/05\/DSC_0132.jpg?fit=764%2C510&amp;ssl=1\" \/><\/a>\n\t\t\t<\/div>\n\t\t\t\t<figcaption class='wp-caption-text gallery-caption' id='gallery-1-5766'>\n\t\t\t\tHotel Austria, em Le\u00f3n\n\t\t\t\t<\/figcaption><\/figure><figure class='gallery-item'>\n\t\t\t<div class='gallery-icon landscape'>\n\t\t\t\t<a href='https:\/\/mundosemfim.com\/?attachment_id=5765'><img loading=\"lazy\" decoding=\"async\" width=\"300\" height=\"200\" src=\"https:\/\/i0.wp.com\/mundosemfim.com\/wp-content\/uploads\/2017\/05\/DSC_0127.jpg?fit=300%2C200&amp;ssl=1\" class=\"attachment-medium size-medium\" alt=\"Hotel Austria, em Le\u00f3n\" srcset=\"https:\/\/i0.wp.com\/mundosemfim.com\/wp-content\/uploads\/2017\/05\/DSC_0127.jpg?w=1000&amp;ssl=1 1000w, https:\/\/i0.wp.com\/mundosemfim.com\/wp-content\/uploads\/2017\/05\/DSC_0127.jpg?resize=300%2C200&amp;ssl=1 300w, https:\/\/i0.wp.com\/mundosemfim.com\/wp-content\/uploads\/2017\/05\/DSC_0127.jpg?resize=768%2C512&amp;ssl=1 768w\" sizes=\"auto, (max-width: 300px) 100vw, 300px\" data-attachment-id=\"5765\" data-permalink=\"https:\/\/mundosemfim.com\/?attachment_id=5765\" data-orig-file=\"https:\/\/i0.wp.com\/mundosemfim.com\/wp-content\/uploads\/2017\/05\/DSC_0127.jpg?fit=1000%2C667&amp;ssl=1\" data-orig-size=\"1000,667\" data-comments-opened=\"1\" data-image-meta=\"{&quot;aperture&quot;:&quot;0&quot;,&quot;credit&quot;:&quot;&quot;,&quot;camera&quot;:&quot;&quot;,&quot;caption&quot;:&quot;&quot;,&quot;created_timestamp&quot;:&quot;0&quot;,&quot;copyright&quot;:&quot;&quot;,&quot;focal_length&quot;:&quot;0&quot;,&quot;iso&quot;:&quot;0&quot;,&quot;shutter_speed&quot;:&quot;0&quot;,&quot;title&quot;:&quot;&quot;,&quot;orientation&quot;:&quot;0&quot;}\" data-image-title=\"Le\u00f3n\" data-image-description=\"&lt;p&gt;Hotel Austria, em Le\u00f3n&lt;\/p&gt;\n\" data-image-caption=\"\" data-large-file=\"https:\/\/i0.wp.com\/mundosemfim.com\/wp-content\/uploads\/2017\/05\/DSC_0127.jpg?fit=764%2C510&amp;ssl=1\" \/><\/a>\n\t\t\t<\/div><\/figure>\n\t\t<\/div>\n\n<h3><b>Informa\u00e7\u00f5es tur\u00edsticas<\/b><\/h3>\n<p>H\u00e1 uma oficina de informa\u00e7\u00f5es tur\u00edsticas na av. Central Norte, a meia quadra da catedral. L\u00e1 \u00e9 poss\u00edvel conseguir um mapa da cidade e pegar todos os detalhes do que h\u00e1 para fazer na regi\u00e3o.<\/p>\n<h3><b>Comendo e bebendo<\/b><\/h3>\n<p>Comer em Le\u00f3n \u00e9 barato: pelo centro h\u00e1 v\u00e1rios restaurantes que vendem menus a partir de 45 c\u00f3rdobas.<\/p>\n<p>Nos bares mais baratos \u00e9 poss\u00edvel comprar um litr\u00e3o de cerveja por uns 50 c\u00f3rdobas.<\/p>\n<p>Na rua, os picol\u00e9s s\u00e3o vendidos a 10 c\u00f3rdobas, e os &#8220;raspados&#8221; (parecidos com as nossas raspadinhas, mas se come com colher) entre 15 e 20.<\/p>\n<figure id=\"attachment_5767\" aria-describedby=\"caption-attachment-5767\" style=\"width: 1000px\" class=\"wp-caption aligncenter\"><img data-recalc-dims=\"1\" loading=\"lazy\" decoding=\"async\" data-attachment-id=\"5767\" data-permalink=\"https:\/\/mundosemfim.com\/?attachment_id=5767\" data-orig-file=\"https:\/\/i0.wp.com\/mundosemfim.com\/wp-content\/uploads\/2017\/05\/P5030008.jpg?fit=1000%2C667&amp;ssl=1\" data-orig-size=\"1000,667\" data-comments-opened=\"1\" data-image-meta=\"{&quot;aperture&quot;:&quot;0&quot;,&quot;credit&quot;:&quot;&quot;,&quot;camera&quot;:&quot;&quot;,&quot;caption&quot;:&quot;&quot;,&quot;created_timestamp&quot;:&quot;0&quot;,&quot;copyright&quot;:&quot;&quot;,&quot;focal_length&quot;:&quot;0&quot;,&quot;iso&quot;:&quot;0&quot;,&quot;shutter_speed&quot;:&quot;0&quot;,&quot;title&quot;:&quot;&quot;,&quot;orientation&quot;:&quot;0&quot;}\" data-image-title=\"Le\u00f3n\" data-image-description=\"\" data-image-caption=\"&lt;p&gt;Almo\u00e7ando em Le\u00f3n por 50 c\u00f3rdobas.&lt;\/p&gt;\n\" data-large-file=\"https:\/\/i0.wp.com\/mundosemfim.com\/wp-content\/uploads\/2017\/05\/P5030008.jpg?fit=764%2C510&amp;ssl=1\" class=\"size-full wp-image-5767\" src=\"https:\/\/i0.wp.com\/mundosemfim.com\/wp-content\/uploads\/2017\/05\/P5030008.jpg?resize=764%2C510&#038;ssl=1\" alt=\"\" width=\"764\" height=\"510\" srcset=\"https:\/\/i0.wp.com\/mundosemfim.com\/wp-content\/uploads\/2017\/05\/P5030008.jpg?w=1000&amp;ssl=1 1000w, https:\/\/i0.wp.com\/mundosemfim.com\/wp-content\/uploads\/2017\/05\/P5030008.jpg?resize=300%2C200&amp;ssl=1 300w, https:\/\/i0.wp.com\/mundosemfim.com\/wp-content\/uploads\/2017\/05\/P5030008.jpg?resize=768%2C512&amp;ssl=1 768w\" sizes=\"auto, (max-width: 764px) 100vw, 764px\" \/><figcaption id=\"caption-attachment-5767\" class=\"wp-caption-text\">Almo\u00e7ando em Le\u00f3n por 50 c\u00f3rdobas.<\/figcaption><\/figure>\n<h3><b>O que fazer?<\/b><\/h3>\n<p>Le\u00f3n possui uma infinidade de museus, igrejas, pra\u00e7as e casas hist\u00f3ricas, que podem ser visitadas facilmente a p\u00e9 ou com a ajuda das bicicletas. Pegue um mapa nas Informa\u00e7\u00f5es Tur\u00edsticas para facilitar.<\/p>\n<p>Aqui est\u00e3o alguns lugares interessantes para conhecer:<\/p>\n<ul>\n<li>\n<h4><i><b>Catedral de Le\u00f3n<\/b><\/i><\/h4>\n<\/li>\n<\/ul>\n<p>Esta \u00e9 a maior igreja da Am\u00e9rica Central, e sem d\u00favidas a mais espetacular da cidade. Sua constru\u00e7\u00e3o durou entre os anos 1747 e 1816, seguindo o estilo barroco.<\/p>\n<p>Em 2011, conseguiu o t\u00edtulo de <a href=\"https:\/\/mundosemfim.com\/patrimonios-da-unesco\/\">Patrim\u00f4nio da Humanidade pela UNESCO<\/a>.<\/p>\n<p>\u00c9 poss\u00edvel visit\u00e1-la gratuitamente durante o dia. Tamb\u00e9m \u00e9 poss\u00edvel subir ao teto por 3 d\u00f3lares (vale a pena!). L\u00e1 em cima \u00e9 preciso andar descal\u00e7o. N\u00e3o se preocupem em queimar o p\u00e9. Segundo nosso guia, a cobertura do telhado foi feita com cascas de ovo, e por isso n\u00e3o esquentam. Interessante, n\u00e3o?<\/p>\n<p>Tamb\u00e9m h\u00e1 a op\u00e7\u00e3o de fazer um tour completo pela igreja por 10 d\u00f3lares.<\/p>\n<figure id=\"attachment_5768\" aria-describedby=\"caption-attachment-5768\" style=\"width: 1000px\" class=\"wp-caption aligncenter\"><img data-recalc-dims=\"1\" loading=\"lazy\" decoding=\"async\" data-attachment-id=\"5768\" data-permalink=\"https:\/\/mundosemfim.com\/?attachment_id=5768\" data-orig-file=\"https:\/\/i0.wp.com\/mundosemfim.com\/wp-content\/uploads\/2017\/05\/DSC_0072.jpg?fit=1000%2C667&amp;ssl=1\" data-orig-size=\"1000,667\" data-comments-opened=\"1\" data-image-meta=\"{&quot;aperture&quot;:&quot;0&quot;,&quot;credit&quot;:&quot;&quot;,&quot;camera&quot;:&quot;&quot;,&quot;caption&quot;:&quot;&quot;,&quot;created_timestamp&quot;:&quot;0&quot;,&quot;copyright&quot;:&quot;&quot;,&quot;focal_length&quot;:&quot;0&quot;,&quot;iso&quot;:&quot;0&quot;,&quot;shutter_speed&quot;:&quot;0&quot;,&quot;title&quot;:&quot;&quot;,&quot;orientation&quot;:&quot;0&quot;}\" data-image-title=\"Catedral de Le\u00f3n\" data-image-description=\"&lt;p&gt;Interior da Catedral de Le\u00f3n, Nicar\u00e1gua&lt;\/p&gt;\n\" data-image-caption=\"&lt;p&gt;Interior da Catedral de Le\u00f3n&lt;\/p&gt;\n\" data-large-file=\"https:\/\/i0.wp.com\/mundosemfim.com\/wp-content\/uploads\/2017\/05\/DSC_0072.jpg?fit=764%2C510&amp;ssl=1\" class=\"size-full wp-image-5768\" src=\"https:\/\/i0.wp.com\/mundosemfim.com\/wp-content\/uploads\/2017\/05\/DSC_0072.jpg?resize=764%2C510&#038;ssl=1\" alt=\"Interior da Catedral de Le\u00f3n, Nicar\u00e1gua\" width=\"764\" height=\"510\" srcset=\"https:\/\/i0.wp.com\/mundosemfim.com\/wp-content\/uploads\/2017\/05\/DSC_0072.jpg?w=1000&amp;ssl=1 1000w, https:\/\/i0.wp.com\/mundosemfim.com\/wp-content\/uploads\/2017\/05\/DSC_0072.jpg?resize=300%2C200&amp;ssl=1 300w, https:\/\/i0.wp.com\/mundosemfim.com\/wp-content\/uploads\/2017\/05\/DSC_0072.jpg?resize=768%2C512&amp;ssl=1 768w\" sizes=\"auto, (max-width: 764px) 100vw, 764px\" \/><figcaption id=\"caption-attachment-5768\" class=\"wp-caption-text\">Interior da Catedral de Le\u00f3n<\/figcaption><\/figure>\n<figure id=\"attachment_5769\" aria-describedby=\"caption-attachment-5769\" style=\"width: 1000px\" class=\"wp-caption aligncenter\"><img data-recalc-dims=\"1\" loading=\"lazy\" decoding=\"async\" data-attachment-id=\"5769\" data-permalink=\"https:\/\/mundosemfim.com\/?attachment_id=5769\" data-orig-file=\"https:\/\/i0.wp.com\/mundosemfim.com\/wp-content\/uploads\/2017\/05\/DSC_0156.jpg?fit=1000%2C667&amp;ssl=1\" data-orig-size=\"1000,667\" data-comments-opened=\"1\" data-image-meta=\"{&quot;aperture&quot;:&quot;0&quot;,&quot;credit&quot;:&quot;&quot;,&quot;camera&quot;:&quot;&quot;,&quot;caption&quot;:&quot;&quot;,&quot;created_timestamp&quot;:&quot;0&quot;,&quot;copyright&quot;:&quot;&quot;,&quot;focal_length&quot;:&quot;0&quot;,&quot;iso&quot;:&quot;0&quot;,&quot;shutter_speed&quot;:&quot;0&quot;,&quot;title&quot;:&quot;&quot;,&quot;orientation&quot;:&quot;0&quot;}\" data-image-title=\"Le\u00f3n\" data-image-description=\"&lt;p&gt;Catedral de Le\u00f3n, Nicar\u00e1gua&lt;\/p&gt;\n\" data-image-caption=\"&lt;p&gt;Catedral de Le\u00f3n&lt;\/p&gt;\n\" data-large-file=\"https:\/\/i0.wp.com\/mundosemfim.com\/wp-content\/uploads\/2017\/05\/DSC_0156.jpg?fit=764%2C510&amp;ssl=1\" class=\"size-full wp-image-5769\" src=\"https:\/\/i0.wp.com\/mundosemfim.com\/wp-content\/uploads\/2017\/05\/DSC_0156.jpg?resize=764%2C510&#038;ssl=1\" alt=\"Catedral de Le\u00f3n, Nicar\u00e1gua\" width=\"764\" height=\"510\" srcset=\"https:\/\/i0.wp.com\/mundosemfim.com\/wp-content\/uploads\/2017\/05\/DSC_0156.jpg?w=1000&amp;ssl=1 1000w, https:\/\/i0.wp.com\/mundosemfim.com\/wp-content\/uploads\/2017\/05\/DSC_0156.jpg?resize=300%2C200&amp;ssl=1 300w, https:\/\/i0.wp.com\/mundosemfim.com\/wp-content\/uploads\/2017\/05\/DSC_0156.jpg?resize=768%2C512&amp;ssl=1 768w\" sizes=\"auto, (max-width: 764px) 100vw, 764px\" \/><figcaption id=\"caption-attachment-5769\" class=\"wp-caption-text\">No teto da Catedral de Le\u00f3n<\/figcaption><\/figure>\n<ul>\n<li>\n<h4><i><b>Museo de la Revoluci\u00f3n<\/b><\/i><\/h4>\n<\/li>\n<\/ul>\n<p>Se voc\u00ea quer conhecer melhor a hist\u00f3ria da Nicar\u00e1gua e a luta dos revolucion\u00e1rios contra o dom\u00ednio dos EUA, ent\u00e3o este museu tem que estar no seu roteiro. N\u00e3o h\u00e1 muitos artefatos al\u00e9m de fotos e recortes de jornais, mas h\u00e1 muita informa\u00e7\u00e3o.<\/p>\n<p>A entrada ao museu custa 100 c\u00f3rdobas, e d\u00e1 direito a um passeio guiado por um ex-guerrilheiro do Ex\u00e9rcito Sandinista. Est\u00e1 localizado em frente \u00e0 pra\u00e7a central, do lado oposto ao da catedral.<\/p>\n<figure id=\"attachment_5770\" aria-describedby=\"caption-attachment-5770\" style=\"width: 822px\" class=\"wp-caption aligncenter\"><img data-recalc-dims=\"1\" loading=\"lazy\" decoding=\"async\" data-attachment-id=\"5770\" data-permalink=\"https:\/\/mundosemfim.com\/?attachment_id=5770\" data-orig-file=\"https:\/\/i0.wp.com\/mundosemfim.com\/wp-content\/uploads\/2017\/05\/Sem-t%C3%ADtulo.jpg?fit=822%2C479&amp;ssl=1\" data-orig-size=\"822,479\" data-comments-opened=\"1\" data-image-meta=\"{&quot;aperture&quot;:&quot;0&quot;,&quot;credit&quot;:&quot;&quot;,&quot;camera&quot;:&quot;&quot;,&quot;caption&quot;:&quot;&quot;,&quot;created_timestamp&quot;:&quot;1493933320&quot;,&quot;copyright&quot;:&quot;&quot;,&quot;focal_length&quot;:&quot;0&quot;,&quot;iso&quot;:&quot;0&quot;,&quot;shutter_speed&quot;:&quot;0&quot;,&quot;title&quot;:&quot;&quot;,&quot;orientation&quot;:&quot;1&quot;}\" data-image-title=\"Le\u00f3n\" data-image-description=\"\" data-image-caption=\"&lt;p&gt;Museu da Revolu\u00e7\u00e3o&lt;\/p&gt;\n\" data-large-file=\"https:\/\/i0.wp.com\/mundosemfim.com\/wp-content\/uploads\/2017\/05\/Sem-t%C3%ADtulo.jpg?fit=764%2C445&amp;ssl=1\" class=\"size-full wp-image-5770\" src=\"https:\/\/i0.wp.com\/mundosemfim.com\/wp-content\/uploads\/2017\/05\/Sem-t%C3%ADtulo.jpg?resize=764%2C445&#038;ssl=1\" alt=\"\" width=\"764\" height=\"445\" srcset=\"https:\/\/i0.wp.com\/mundosemfim.com\/wp-content\/uploads\/2017\/05\/Sem-t%C3%ADtulo.jpg?w=822&amp;ssl=1 822w, https:\/\/i0.wp.com\/mundosemfim.com\/wp-content\/uploads\/2017\/05\/Sem-t%C3%ADtulo.jpg?resize=300%2C175&amp;ssl=1 300w, https:\/\/i0.wp.com\/mundosemfim.com\/wp-content\/uploads\/2017\/05\/Sem-t%C3%ADtulo.jpg?resize=768%2C448&amp;ssl=1 768w\" sizes=\"auto, (max-width: 764px) 100vw, 764px\" \/><figcaption id=\"caption-attachment-5770\" class=\"wp-caption-text\">Museu da Revolu\u00e7\u00e3o<\/figcaption><\/figure>\n<ul>\n<li>\n<h4><i><b>Museu de Lendas e Tradi\u00e7\u00f5es<\/b><\/i><\/h4>\n<\/li>\n<\/ul>\n<p>Outro museu bastante interessante para conhecer melhor a Nicar\u00e1gua. Est\u00e1 localizado dentro de uma antiga pris\u00e3o, chamada de &#8220;c\u00e1rcel 21&#8221;, pelo fato de ter sido erguida em 1921. Em 1956, come\u00e7aria a receber os primeiros presos pol\u00edticos do regime ditatorial da fam\u00edlia Somoza, sendo a maioria deles estudantes e guerrilheiros. Em suas paredes \u00e9 poss\u00edvel ver desenhos das in\u00fameras formas de tortura utilizadas (pouparemos voc\u00eas dos detalhes).<\/p>\n<p>A pris\u00e3o funcionou at\u00e9 1979, quando foi tomada pelos revolucion\u00e1rios. Permaneceu em total abandono at\u00e9 1994, quando come\u00e7aram as obras de restaura\u00e7\u00e3o. Em 2000 come\u00e7ou a funcionar como museu. Hoje, al\u00e9m da triste lembran\u00e7a do pres\u00eddio, este museu guarda a rica hist\u00f3ria do folclore e da cultura nicaraguense.<\/p>\n<p>A entrada para o museu custa 50 c\u00f3rdobas. Se quiser, \u00e9 poss\u00edvel contratar um guia em troca de uma gorjeta (vale a pena para conhecer os detalhes de cada hist\u00f3ria).<\/p>\n<p>Em frente ao museu est\u00e3o as ru\u00ednas de uma igreja que foi destru\u00edda durante a guerra civil da <a href=\"https:\/\/mundosemfim.com\/mochilao-pela-nicaragua-roteiro-gastos-dicas-fotos-etc\/\">Nicar\u00e1gua<\/a>.<\/p>\n<figure id=\"attachment_5771\" aria-describedby=\"caption-attachment-5771\" style=\"width: 1000px\" class=\"wp-caption aligncenter\"><img data-recalc-dims=\"1\" loading=\"lazy\" decoding=\"async\" data-attachment-id=\"5771\" data-permalink=\"https:\/\/mundosemfim.com\/?attachment_id=5771\" data-orig-file=\"https:\/\/i0.wp.com\/mundosemfim.com\/wp-content\/uploads\/2017\/05\/DSC_0148-2.jpg?fit=1000%2C667&amp;ssl=1\" data-orig-size=\"1000,667\" data-comments-opened=\"1\" data-image-meta=\"{&quot;aperture&quot;:&quot;0&quot;,&quot;credit&quot;:&quot;&quot;,&quot;camera&quot;:&quot;&quot;,&quot;caption&quot;:&quot;&quot;,&quot;created_timestamp&quot;:&quot;0&quot;,&quot;copyright&quot;:&quot;&quot;,&quot;focal_length&quot;:&quot;0&quot;,&quot;iso&quot;:&quot;0&quot;,&quot;shutter_speed&quot;:&quot;0&quot;,&quot;title&quot;:&quot;&quot;,&quot;orientation&quot;:&quot;0&quot;}\" data-image-title=\"Le\u00f3n\" data-image-description=\"&lt;p&gt;Museu de Lendas e Tradi\u00e7\u00f5es de Le\u00f3n&lt;\/p&gt;\n\" data-image-caption=\"&lt;p&gt;&amp;#8220;Soldado desconhecido&amp;#8221;, uma homenagem aos in\u00fameros mortos no pres\u00eddio cujos corpos nunca foram identificados.&lt;\/p&gt;\n\" data-large-file=\"https:\/\/i0.wp.com\/mundosemfim.com\/wp-content\/uploads\/2017\/05\/DSC_0148-2.jpg?fit=764%2C510&amp;ssl=1\" class=\"size-full wp-image-5771\" src=\"https:\/\/i0.wp.com\/mundosemfim.com\/wp-content\/uploads\/2017\/05\/DSC_0148-2.jpg?resize=764%2C510&#038;ssl=1\" alt=\"Museu de Lendas e Tradi\u00e7\u00f5es de Le\u00f3n\" width=\"764\" height=\"510\" srcset=\"https:\/\/i0.wp.com\/mundosemfim.com\/wp-content\/uploads\/2017\/05\/DSC_0148-2.jpg?w=1000&amp;ssl=1 1000w, https:\/\/i0.wp.com\/mundosemfim.com\/wp-content\/uploads\/2017\/05\/DSC_0148-2.jpg?resize=300%2C200&amp;ssl=1 300w, https:\/\/i0.wp.com\/mundosemfim.com\/wp-content\/uploads\/2017\/05\/DSC_0148-2.jpg?resize=768%2C512&amp;ssl=1 768w\" sizes=\"auto, (max-width: 764px) 100vw, 764px\" \/><figcaption id=\"caption-attachment-5771\" class=\"wp-caption-text\">&#8220;Soldado desconhecido&#8221;, uma homenagem aos in\u00fameros mortos no pres\u00eddio cujos corpos nunca foram identificados.<\/figcaption><\/figure>\n<figure id=\"attachment_5772\" aria-describedby=\"caption-attachment-5772\" style=\"width: 1000px\" class=\"wp-caption aligncenter\"><img data-recalc-dims=\"1\" loading=\"lazy\" decoding=\"async\" data-attachment-id=\"5772\" data-permalink=\"https:\/\/mundosemfim.com\/?attachment_id=5772\" data-orig-file=\"https:\/\/i0.wp.com\/mundosemfim.com\/wp-content\/uploads\/2017\/05\/DSC_0144.jpg?fit=1000%2C667&amp;ssl=1\" data-orig-size=\"1000,667\" data-comments-opened=\"1\" data-image-meta=\"{&quot;aperture&quot;:&quot;0&quot;,&quot;credit&quot;:&quot;&quot;,&quot;camera&quot;:&quot;&quot;,&quot;caption&quot;:&quot;&quot;,&quot;created_timestamp&quot;:&quot;0&quot;,&quot;copyright&quot;:&quot;&quot;,&quot;focal_length&quot;:&quot;0&quot;,&quot;iso&quot;:&quot;0&quot;,&quot;shutter_speed&quot;:&quot;0&quot;,&quot;title&quot;:&quot;&quot;,&quot;orientation&quot;:&quot;0&quot;}\" data-image-title=\"Le\u00f3n\" data-image-description=\"\" data-image-caption=\"&lt;p&gt;Em frente ao museu, uma igreja destru\u00edda durante a guerra civil.&lt;\/p&gt;\n\" data-large-file=\"https:\/\/i0.wp.com\/mundosemfim.com\/wp-content\/uploads\/2017\/05\/DSC_0144.jpg?fit=764%2C510&amp;ssl=1\" class=\"size-full wp-image-5772\" src=\"https:\/\/i0.wp.com\/mundosemfim.com\/wp-content\/uploads\/2017\/05\/DSC_0144.jpg?resize=764%2C510&#038;ssl=1\" alt=\"\" width=\"764\" height=\"510\" srcset=\"https:\/\/i0.wp.com\/mundosemfim.com\/wp-content\/uploads\/2017\/05\/DSC_0144.jpg?w=1000&amp;ssl=1 1000w, https:\/\/i0.wp.com\/mundosemfim.com\/wp-content\/uploads\/2017\/05\/DSC_0144.jpg?resize=300%2C200&amp;ssl=1 300w, https:\/\/i0.wp.com\/mundosemfim.com\/wp-content\/uploads\/2017\/05\/DSC_0144.jpg?resize=768%2C512&amp;ssl=1 768w\" sizes=\"auto, (max-width: 764px) 100vw, 764px\" \/><figcaption id=\"caption-attachment-5772\" class=\"wp-caption-text\">Em frente ao museu, uma igreja destru\u00edda durante a guerra civil.<\/figcaption><\/figure>\n<ul>\n<li>\n<h4><i><b>Museu R\u00faben Dar\u00edo<\/b><\/i><\/h4>\n<\/li>\n<\/ul>\n<p>Museu localizado na casa onde R\u00faben Dar\u00edo passou seus \u00faltimos dias de vida. Em seu interior \u00e9 poss\u00edvel encontrar os m\u00f3veis e utens\u00edlios usados pelo poeta, al\u00e9m da reprodu\u00e7\u00e3o de alguns poemas e fotos de sua fam\u00edlia.<\/p>\n<p>A entrada a este museu \u00e9 gratuita; pode-se deixar uma doa\u00e7\u00e3o\u00a0ao sair.<\/p>\n<figure id=\"attachment_5773\" aria-describedby=\"caption-attachment-5773\" style=\"width: 1000px\" class=\"wp-caption aligncenter\"><img data-recalc-dims=\"1\" loading=\"lazy\" decoding=\"async\" data-attachment-id=\"5773\" data-permalink=\"https:\/\/mundosemfim.com\/?attachment_id=5773\" data-orig-file=\"https:\/\/i0.wp.com\/mundosemfim.com\/wp-content\/uploads\/2017\/05\/DSC_0155-2.jpg?fit=1000%2C667&amp;ssl=1\" data-orig-size=\"1000,667\" data-comments-opened=\"1\" data-image-meta=\"{&quot;aperture&quot;:&quot;0&quot;,&quot;credit&quot;:&quot;&quot;,&quot;camera&quot;:&quot;&quot;,&quot;caption&quot;:&quot;&quot;,&quot;created_timestamp&quot;:&quot;0&quot;,&quot;copyright&quot;:&quot;&quot;,&quot;focal_length&quot;:&quot;0&quot;,&quot;iso&quot;:&quot;0&quot;,&quot;shutter_speed&quot;:&quot;0&quot;,&quot;title&quot;:&quot;&quot;,&quot;orientation&quot;:&quot;0&quot;}\" data-image-title=\"Le\u00f3n\" data-image-description=\"&lt;p&gt;Museu Ruben Dar\u00edo, Le\u00f3n&lt;\/p&gt;\n\" data-image-caption=\"&lt;p&gt;Cama onde Ruben Dar\u00edo passou seus \u00faltimos dias de vida.&lt;\/p&gt;\n\" data-large-file=\"https:\/\/i0.wp.com\/mundosemfim.com\/wp-content\/uploads\/2017\/05\/DSC_0155-2.jpg?fit=764%2C510&amp;ssl=1\" class=\"size-full wp-image-5773\" src=\"https:\/\/i0.wp.com\/mundosemfim.com\/wp-content\/uploads\/2017\/05\/DSC_0155-2.jpg?resize=764%2C510&#038;ssl=1\" alt=\"Museu Ruben Dar\u00edo, Le\u00f3n\" width=\"764\" height=\"510\" srcset=\"https:\/\/i0.wp.com\/mundosemfim.com\/wp-content\/uploads\/2017\/05\/DSC_0155-2.jpg?w=1000&amp;ssl=1 1000w, https:\/\/i0.wp.com\/mundosemfim.com\/wp-content\/uploads\/2017\/05\/DSC_0155-2.jpg?resize=300%2C200&amp;ssl=1 300w, https:\/\/i0.wp.com\/mundosemfim.com\/wp-content\/uploads\/2017\/05\/DSC_0155-2.jpg?resize=768%2C512&amp;ssl=1 768w\" sizes=\"auto, (max-width: 764px) 100vw, 764px\" \/><figcaption id=\"caption-attachment-5773\" class=\"wp-caption-text\">Cama onde Ruben Dar\u00edo passou seus \u00faltimos dias de vida.<\/figcaption><\/figure>\n<ul>\n<li>\n<h4><i><b>Universidad Nacional Aut\u00f3noma de Nicar\u00e1gua<\/b><\/i><\/h4>\n<\/li>\n<\/ul>\n<p>Fundada em 1812, \u00e9 a Universidade mais antiga da Nicar\u00e1gua, e uma das mais importantes. Est\u00e1 localizada atr\u00e1s da Iglesia de La Merced (antes de se converter em universidade, era um convento).<\/p>\n<p>\u00c9 poss\u00edvel visitar sua \u00e1rea comum gratuitamente. No p\u00e1tio principal h\u00e1 pain\u00e9is contando toda a hist\u00f3ria da vida do poeta Ruben Dar\u00edo.<\/p>\n<figure id=\"attachment_5774\" aria-describedby=\"caption-attachment-5774\" style=\"width: 1000px\" class=\"wp-caption aligncenter\"><img data-recalc-dims=\"1\" loading=\"lazy\" decoding=\"async\" data-attachment-id=\"5774\" data-permalink=\"https:\/\/mundosemfim.com\/?attachment_id=5774\" data-orig-file=\"https:\/\/i0.wp.com\/mundosemfim.com\/wp-content\/uploads\/2017\/05\/DSC_0175-2.jpg?fit=1000%2C667&amp;ssl=1\" data-orig-size=\"1000,667\" data-comments-opened=\"1\" data-image-meta=\"{&quot;aperture&quot;:&quot;0&quot;,&quot;credit&quot;:&quot;&quot;,&quot;camera&quot;:&quot;&quot;,&quot;caption&quot;:&quot;&quot;,&quot;created_timestamp&quot;:&quot;1494018558&quot;,&quot;copyright&quot;:&quot;&quot;,&quot;focal_length&quot;:&quot;0&quot;,&quot;iso&quot;:&quot;0&quot;,&quot;shutter_speed&quot;:&quot;0&quot;,&quot;title&quot;:&quot;&quot;,&quot;orientation&quot;:&quot;1&quot;}\" data-image-title=\"Le\u00f3n\" data-image-description=\"&lt;p&gt;Universidade de Le\u00f3n&lt;\/p&gt;\n\" data-image-caption=\"&lt;p&gt;Universidade de Le\u00f3n&lt;\/p&gt;\n\" data-large-file=\"https:\/\/i0.wp.com\/mundosemfim.com\/wp-content\/uploads\/2017\/05\/DSC_0175-2.jpg?fit=764%2C510&amp;ssl=1\" class=\"size-full wp-image-5774\" src=\"https:\/\/i0.wp.com\/mundosemfim.com\/wp-content\/uploads\/2017\/05\/DSC_0175-2.jpg?resize=764%2C510&#038;ssl=1\" alt=\"Universidade de Le\u00f3n\" width=\"764\" height=\"510\" srcset=\"https:\/\/i0.wp.com\/mundosemfim.com\/wp-content\/uploads\/2017\/05\/DSC_0175-2.jpg?w=1000&amp;ssl=1 1000w, https:\/\/i0.wp.com\/mundosemfim.com\/wp-content\/uploads\/2017\/05\/DSC_0175-2.jpg?resize=300%2C200&amp;ssl=1 300w, https:\/\/i0.wp.com\/mundosemfim.com\/wp-content\/uploads\/2017\/05\/DSC_0175-2.jpg?resize=768%2C512&amp;ssl=1 768w\" sizes=\"auto, (max-width: 764px) 100vw, 764px\" \/><figcaption id=\"caption-attachment-5774\" class=\"wp-caption-text\">Universidade de Le\u00f3n<\/figcaption><\/figure>\n<ul>\n<li>\n<h4><i><b>Vulc\u00e3o Cerro Negro<\/b><\/i><\/h4>\n<\/li>\n<\/ul>\n<p>Este \u00e9 um tour bastante popular na cidade. \u00c9 um vulc\u00e3o de areia negra, onde \u00e9 poss\u00edvel descer com uma prancha de sandboard (tanto em p\u00e9 quanto sentado).<\/p>\n<p>Praticamente qualquer ag\u00eancia na cidade vende este passeio. A faixa de pre\u00e7o \u00e9 de 17 a 26\u00a0 d\u00f3lares, e inclui um macac\u00e3o.<\/p>\n<ul>\n<li>\n<h4><i><b>Ru\u00ednas de Le\u00f3n Viejo<\/b><\/i><\/h4>\n<\/li>\n<\/ul>\n<p>S\u00e3o as ru\u00ednas da antiga Le\u00f3n, localizadas a 30km da atual cidade. Estas ru\u00ednas foram declaradas como <a href=\"https:\/\/mundosemfim.com\/patrimonios-da-unesco\/\">Patrim\u00f4nio da Humanidade pela UNESCO<\/a>.<\/p>\n<p>Para chegar at\u00e9 l\u00e1, basta pegar um \u00f4nibus no terminal at\u00e9 &#8220;La Paz Centro&#8221; (pergunte pelos que v\u00e3o a Man\u00e1gua se param a\u00ed), e de La Paz Centro outro para Puerto Momotombo. De Puerto Momotombo basta caminhar uns 500 metros at\u00e9 as ru\u00ednas.<\/p>\n<figure id=\"attachment_5775\" aria-describedby=\"caption-attachment-5775\" style=\"width: 1000px\" class=\"wp-caption aligncenter\"><img data-recalc-dims=\"1\" loading=\"lazy\" decoding=\"async\" data-attachment-id=\"5775\" data-permalink=\"https:\/\/mundosemfim.com\/?attachment_id=5775\" data-orig-file=\"https:\/\/i0.wp.com\/mundosemfim.com\/wp-content\/uploads\/2017\/05\/Ruinas_leon_viejo36.jpg?fit=1000%2C654&amp;ssl=1\" data-orig-size=\"1000,654\" data-comments-opened=\"1\" data-image-meta=\"{&quot;aperture&quot;:&quot;0&quot;,&quot;credit&quot;:&quot;&quot;,&quot;camera&quot;:&quot;&quot;,&quot;caption&quot;:&quot;&quot;,&quot;created_timestamp&quot;:&quot;0&quot;,&quot;copyright&quot;:&quot;&quot;,&quot;focal_length&quot;:&quot;0&quot;,&quot;iso&quot;:&quot;0&quot;,&quot;shutter_speed&quot;:&quot;0&quot;,&quot;title&quot;:&quot;&quot;,&quot;orientation&quot;:&quot;0&quot;}\" data-image-title=\"Le\u00f3n\" data-image-description=\"\" data-image-caption=\"&lt;p&gt;Ru\u00ednas de Le\u00f3n Viejo. Cr\u00e9ditos: wikipedia&lt;\/p&gt;\n\" data-large-file=\"https:\/\/i0.wp.com\/mundosemfim.com\/wp-content\/uploads\/2017\/05\/Ruinas_leon_viejo36.jpg?fit=764%2C500&amp;ssl=1\" class=\"size-full wp-image-5775\" src=\"https:\/\/i0.wp.com\/mundosemfim.com\/wp-content\/uploads\/2017\/05\/Ruinas_leon_viejo36.jpg?resize=764%2C500&#038;ssl=1\" alt=\"\" width=\"764\" height=\"500\" srcset=\"https:\/\/i0.wp.com\/mundosemfim.com\/wp-content\/uploads\/2017\/05\/Ruinas_leon_viejo36.jpg?w=1000&amp;ssl=1 1000w, https:\/\/i0.wp.com\/mundosemfim.com\/wp-content\/uploads\/2017\/05\/Ruinas_leon_viejo36.jpg?resize=300%2C196&amp;ssl=1 300w, https:\/\/i0.wp.com\/mundosemfim.com\/wp-content\/uploads\/2017\/05\/Ruinas_leon_viejo36.jpg?resize=768%2C502&amp;ssl=1 768w\" sizes=\"auto, (max-width: 764px) 100vw, 764px\" \/><figcaption id=\"caption-attachment-5775\" class=\"wp-caption-text\">Ru\u00ednas de Le\u00f3n Viejo. Cr\u00e9ditos: wikipedia<\/figcaption><\/figure>\n<p>A entrada para Le\u00f3n Viejo custa 5 d\u00f3lares.<\/p>\n<ul>\n<li>\n<h4><i><b>Outras igrejas<\/b><\/i><\/h4>\n<\/li>\n<\/ul>\n<p>Le\u00f3n possui v\u00e1rias outras igrejas coloniais muito bonitas. Abaixo colocamos as fotos de algumas:<\/p>\n<figure id=\"attachment_5779\" aria-describedby=\"caption-attachment-5779\" style=\"width: 1000px\" class=\"wp-caption aligncenter\"><img data-recalc-dims=\"1\" loading=\"lazy\" decoding=\"async\" data-attachment-id=\"5779\" data-permalink=\"https:\/\/mundosemfim.com\/?attachment_id=5779\" data-orig-file=\"https:\/\/i0.wp.com\/mundosemfim.com\/wp-content\/uploads\/2017\/05\/DSC_0034.jpg?fit=1000%2C667&amp;ssl=1\" data-orig-size=\"1000,667\" data-comments-opened=\"1\" data-image-meta=\"{&quot;aperture&quot;:&quot;0&quot;,&quot;credit&quot;:&quot;&quot;,&quot;camera&quot;:&quot;&quot;,&quot;caption&quot;:&quot;&quot;,&quot;created_timestamp&quot;:&quot;0&quot;,&quot;copyright&quot;:&quot;&quot;,&quot;focal_length&quot;:&quot;0&quot;,&quot;iso&quot;:&quot;0&quot;,&quot;shutter_speed&quot;:&quot;0&quot;,&quot;title&quot;:&quot;&quot;,&quot;orientation&quot;:&quot;0&quot;}\" data-image-title=\"Le\u00f3n\" data-image-description=\"&lt;p&gt;Iglesia de la Merced, Le\u00f3n&lt;\/p&gt;\n\" data-image-caption=\"&lt;p&gt;Iglesia de la Merced. Muito importante, pois Merced \u00e9 a padroeira de Le\u00f3n.&lt;\/p&gt;\n\" data-large-file=\"https:\/\/i0.wp.com\/mundosemfim.com\/wp-content\/uploads\/2017\/05\/DSC_0034.jpg?fit=764%2C510&amp;ssl=1\" class=\"size-full wp-image-5779\" src=\"https:\/\/i0.wp.com\/mundosemfim.com\/wp-content\/uploads\/2017\/05\/DSC_0034.jpg?resize=764%2C510&#038;ssl=1\" alt=\"Iglesia de la Merced, Le\u00f3n\" width=\"764\" height=\"510\" srcset=\"https:\/\/i0.wp.com\/mundosemfim.com\/wp-content\/uploads\/2017\/05\/DSC_0034.jpg?w=1000&amp;ssl=1 1000w, https:\/\/i0.wp.com\/mundosemfim.com\/wp-content\/uploads\/2017\/05\/DSC_0034.jpg?resize=300%2C200&amp;ssl=1 300w, https:\/\/i0.wp.com\/mundosemfim.com\/wp-content\/uploads\/2017\/05\/DSC_0034.jpg?resize=768%2C512&amp;ssl=1 768w\" sizes=\"auto, (max-width: 764px) 100vw, 764px\" \/><figcaption id=\"caption-attachment-5779\" class=\"wp-caption-text\">Iglesia de la Merced. Muito importante, pois Merced \u00e9 a padroeira de Le\u00f3n.<\/figcaption><\/figure>\n<figure id=\"attachment_5781\" aria-describedby=\"caption-attachment-5781\" style=\"width: 1000px\" class=\"wp-caption aligncenter\"><img data-recalc-dims=\"1\" loading=\"lazy\" decoding=\"async\" data-attachment-id=\"5781\" data-permalink=\"https:\/\/mundosemfim.com\/?attachment_id=5781\" data-orig-file=\"https:\/\/i0.wp.com\/mundosemfim.com\/wp-content\/uploads\/2017\/05\/DSC_0096.jpg?fit=1000%2C667&amp;ssl=1\" data-orig-size=\"1000,667\" data-comments-opened=\"1\" data-image-meta=\"{&quot;aperture&quot;:&quot;0&quot;,&quot;credit&quot;:&quot;&quot;,&quot;camera&quot;:&quot;&quot;,&quot;caption&quot;:&quot;&quot;,&quot;created_timestamp&quot;:&quot;0&quot;,&quot;copyright&quot;:&quot;&quot;,&quot;focal_length&quot;:&quot;0&quot;,&quot;iso&quot;:&quot;0&quot;,&quot;shutter_speed&quot;:&quot;0&quot;,&quot;title&quot;:&quot;&quot;,&quot;orientation&quot;:&quot;0&quot;}\" data-image-title=\"Le\u00f3n\" data-image-description=\"&lt;p&gt;Iglesia la Recolecci\u00f3n, Le\u00f3n, Nicar\u00e1gua&lt;\/p&gt;\n\" data-image-caption=\"&lt;p&gt;Iglesia la Recolecci\u00f3n&lt;\/p&gt;\n\" data-large-file=\"https:\/\/i0.wp.com\/mundosemfim.com\/wp-content\/uploads\/2017\/05\/DSC_0096.jpg?fit=764%2C510&amp;ssl=1\" class=\"size-full wp-image-5781\" src=\"https:\/\/i0.wp.com\/mundosemfim.com\/wp-content\/uploads\/2017\/05\/DSC_0096.jpg?resize=764%2C510&#038;ssl=1\" alt=\"Iglesia la Recolecci\u00f3n, Le\u00f3n, Nicar\u00e1gua\" width=\"764\" height=\"510\" srcset=\"https:\/\/i0.wp.com\/mundosemfim.com\/wp-content\/uploads\/2017\/05\/DSC_0096.jpg?w=1000&amp;ssl=1 1000w, https:\/\/i0.wp.com\/mundosemfim.com\/wp-content\/uploads\/2017\/05\/DSC_0096.jpg?resize=300%2C200&amp;ssl=1 300w, https:\/\/i0.wp.com\/mundosemfim.com\/wp-content\/uploads\/2017\/05\/DSC_0096.jpg?resize=768%2C512&amp;ssl=1 768w\" sizes=\"auto, (max-width: 764px) 100vw, 764px\" \/><figcaption id=\"caption-attachment-5781\" class=\"wp-caption-text\">Iglesia la Recolecci\u00f3n<\/figcaption><\/figure>\n<figure id=\"attachment_5780\" aria-describedby=\"caption-attachment-5780\" style=\"width: 1000px\" class=\"wp-caption aligncenter\"><img data-recalc-dims=\"1\" loading=\"lazy\" decoding=\"async\" data-attachment-id=\"5780\" data-permalink=\"https:\/\/mundosemfim.com\/?attachment_id=5780\" data-orig-file=\"https:\/\/i0.wp.com\/mundosemfim.com\/wp-content\/uploads\/2017\/05\/DSC_0083.jpg?fit=1000%2C667&amp;ssl=1\" data-orig-size=\"1000,667\" data-comments-opened=\"1\" data-image-meta=\"{&quot;aperture&quot;:&quot;0&quot;,&quot;credit&quot;:&quot;&quot;,&quot;camera&quot;:&quot;&quot;,&quot;caption&quot;:&quot;&quot;,&quot;created_timestamp&quot;:&quot;0&quot;,&quot;copyright&quot;:&quot;&quot;,&quot;focal_length&quot;:&quot;0&quot;,&quot;iso&quot;:&quot;0&quot;,&quot;shutter_speed&quot;:&quot;0&quot;,&quot;title&quot;:&quot;&quot;,&quot;orientation&quot;:&quot;0&quot;}\" data-image-title=\"Le\u00f3n\" data-image-description=\"&lt;p&gt;Igreja do Calv\u00e1rio&lt;\/p&gt;\n\" data-image-caption=\"&lt;p&gt;Igreja do Calv\u00e1rio&lt;\/p&gt;\n\" data-large-file=\"https:\/\/i0.wp.com\/mundosemfim.com\/wp-content\/uploads\/2017\/05\/DSC_0083.jpg?fit=764%2C510&amp;ssl=1\" class=\"size-full wp-image-5780\" src=\"https:\/\/i0.wp.com\/mundosemfim.com\/wp-content\/uploads\/2017\/05\/DSC_0083.jpg?resize=764%2C510&#038;ssl=1\" alt=\"Igreja do Calv\u00e1rio\" width=\"764\" height=\"510\" srcset=\"https:\/\/i0.wp.com\/mundosemfim.com\/wp-content\/uploads\/2017\/05\/DSC_0083.jpg?w=1000&amp;ssl=1 1000w, https:\/\/i0.wp.com\/mundosemfim.com\/wp-content\/uploads\/2017\/05\/DSC_0083.jpg?resize=300%2C200&amp;ssl=1 300w, https:\/\/i0.wp.com\/mundosemfim.com\/wp-content\/uploads\/2017\/05\/DSC_0083.jpg?resize=768%2C512&amp;ssl=1 768w\" sizes=\"auto, (max-width: 764px) 100vw, 764px\" \/><figcaption id=\"caption-attachment-5780\" class=\"wp-caption-text\">Igreja do Calv\u00e1rio<\/figcaption><\/figure>\n<figure id=\"attachment_5778\" aria-describedby=\"caption-attachment-5778\" style=\"width: 1000px\" class=\"wp-caption aligncenter\"><img data-recalc-dims=\"1\" loading=\"lazy\" decoding=\"async\" data-attachment-id=\"5778\" data-permalink=\"https:\/\/mundosemfim.com\/?attachment_id=5778\" data-orig-file=\"https:\/\/i0.wp.com\/mundosemfim.com\/wp-content\/uploads\/2017\/05\/DSC_0029-2.jpg?fit=1000%2C667&amp;ssl=1\" data-orig-size=\"1000,667\" data-comments-opened=\"1\" data-image-meta=\"{&quot;aperture&quot;:&quot;0&quot;,&quot;credit&quot;:&quot;&quot;,&quot;camera&quot;:&quot;&quot;,&quot;caption&quot;:&quot;&quot;,&quot;created_timestamp&quot;:&quot;0&quot;,&quot;copyright&quot;:&quot;&quot;,&quot;focal_length&quot;:&quot;0&quot;,&quot;iso&quot;:&quot;0&quot;,&quot;shutter_speed&quot;:&quot;0&quot;,&quot;title&quot;:&quot;&quot;,&quot;orientation&quot;:&quot;0&quot;}\" data-image-title=\"iglesia zaragoza\" data-image-description=\"&lt;p&gt;Iglesia Zaragoza, Le\u00f3n&lt;\/p&gt;\n\" data-image-caption=\"&lt;p&gt;Iglesia Zaragoza&lt;\/p&gt;\n\" data-large-file=\"https:\/\/i0.wp.com\/mundosemfim.com\/wp-content\/uploads\/2017\/05\/DSC_0029-2.jpg?fit=764%2C510&amp;ssl=1\" class=\"size-full wp-image-5778\" src=\"https:\/\/i0.wp.com\/mundosemfim.com\/wp-content\/uploads\/2017\/05\/DSC_0029-2.jpg?resize=764%2C510&#038;ssl=1\" alt=\"Iglesia Zaragoza, Le\u00f3n\" width=\"764\" height=\"510\" srcset=\"https:\/\/i0.wp.com\/mundosemfim.com\/wp-content\/uploads\/2017\/05\/DSC_0029-2.jpg?w=1000&amp;ssl=1 1000w, https:\/\/i0.wp.com\/mundosemfim.com\/wp-content\/uploads\/2017\/05\/DSC_0029-2.jpg?resize=300%2C200&amp;ssl=1 300w, https:\/\/i0.wp.com\/mundosemfim.com\/wp-content\/uploads\/2017\/05\/DSC_0029-2.jpg?resize=768%2C512&amp;ssl=1 768w\" sizes=\"auto, (max-width: 764px) 100vw, 764px\" \/><figcaption id=\"caption-attachment-5778\" class=\"wp-caption-text\">Iglesia Zaragoza<\/figcaption><\/figure>\n<figure id=\"attachment_5777\" aria-describedby=\"caption-attachment-5777\" style=\"width: 1000px\" class=\"wp-caption aligncenter\"><img data-recalc-dims=\"1\" loading=\"lazy\" decoding=\"async\" data-attachment-id=\"5777\" data-permalink=\"https:\/\/mundosemfim.com\/?attachment_id=5777\" data-orig-file=\"https:\/\/i0.wp.com\/mundosemfim.com\/wp-content\/uploads\/2017\/05\/DSC_0024-2.jpg?fit=1000%2C667&amp;ssl=1\" data-orig-size=\"1000,667\" data-comments-opened=\"1\" data-image-meta=\"{&quot;aperture&quot;:&quot;0&quot;,&quot;credit&quot;:&quot;&quot;,&quot;camera&quot;:&quot;&quot;,&quot;caption&quot;:&quot;&quot;,&quot;created_timestamp&quot;:&quot;0&quot;,&quot;copyright&quot;:&quot;&quot;,&quot;focal_length&quot;:&quot;0&quot;,&quot;iso&quot;:&quot;0&quot;,&quot;shutter_speed&quot;:&quot;0&quot;,&quot;title&quot;:&quot;&quot;,&quot;orientation&quot;:&quot;0&quot;}\" data-image-title=\"Le\u00f3n\" data-image-description=\"&lt;p&gt;Catedral de Sutiaba&lt;\/p&gt;\n\" data-image-caption=\"&lt;p&gt;Catedral de Sutiaba&lt;\/p&gt;\n\" data-large-file=\"https:\/\/i0.wp.com\/mundosemfim.com\/wp-content\/uploads\/2017\/05\/DSC_0024-2.jpg?fit=764%2C510&amp;ssl=1\" class=\"size-full wp-image-5777\" src=\"https:\/\/i0.wp.com\/mundosemfim.com\/wp-content\/uploads\/2017\/05\/DSC_0024-2.jpg?resize=764%2C510&#038;ssl=1\" alt=\"Catedral de Sutiaba\" width=\"764\" height=\"510\" srcset=\"https:\/\/i0.wp.com\/mundosemfim.com\/wp-content\/uploads\/2017\/05\/DSC_0024-2.jpg?w=1000&amp;ssl=1 1000w, https:\/\/i0.wp.com\/mundosemfim.com\/wp-content\/uploads\/2017\/05\/DSC_0024-2.jpg?resize=300%2C200&amp;ssl=1 300w, https:\/\/i0.wp.com\/mundosemfim.com\/wp-content\/uploads\/2017\/05\/DSC_0024-2.jpg?resize=768%2C512&amp;ssl=1 768w\" sizes=\"auto, (max-width: 764px) 100vw, 764px\" \/><figcaption id=\"caption-attachment-5777\" class=\"wp-caption-text\">Catedral de Sutiaba<\/figcaption><\/figure>\n<figure id=\"attachment_5776\" aria-describedby=\"caption-attachment-5776\" style=\"width: 1000px\" class=\"wp-caption aligncenter\"><img data-recalc-dims=\"1\" loading=\"lazy\" decoding=\"async\" data-attachment-id=\"5776\" data-permalink=\"https:\/\/mundosemfim.com\/?attachment_id=5776\" data-orig-file=\"https:\/\/i0.wp.com\/mundosemfim.com\/wp-content\/uploads\/2017\/05\/DSC_0003-2.jpg?fit=1000%2C667&amp;ssl=1\" data-orig-size=\"1000,667\" data-comments-opened=\"1\" data-image-meta=\"{&quot;aperture&quot;:&quot;0&quot;,&quot;credit&quot;:&quot;&quot;,&quot;camera&quot;:&quot;&quot;,&quot;caption&quot;:&quot;&quot;,&quot;created_timestamp&quot;:&quot;0&quot;,&quot;copyright&quot;:&quot;&quot;,&quot;focal_length&quot;:&quot;0&quot;,&quot;iso&quot;:&quot;0&quot;,&quot;shutter_speed&quot;:&quot;0&quot;,&quot;title&quot;:&quot;&quot;,&quot;orientation&quot;:&quot;0&quot;}\" data-image-title=\"Le\u00f3n\" data-image-description=\"&lt;p&gt;Iglesia de San Francisco, Le\u00f3n, Nicar\u00e1gua&lt;\/p&gt;\n\" data-image-caption=\"&lt;p&gt;Igreja de S\u00e3o Francisco.&lt;\/p&gt;\n\" data-large-file=\"https:\/\/i0.wp.com\/mundosemfim.com\/wp-content\/uploads\/2017\/05\/DSC_0003-2.jpg?fit=764%2C510&amp;ssl=1\" class=\"size-full wp-image-5776\" src=\"https:\/\/i0.wp.com\/mundosemfim.com\/wp-content\/uploads\/2017\/05\/DSC_0003-2.jpg?resize=764%2C510&#038;ssl=1\" alt=\"Iglesia de San Francisco, Le\u00f3n, Nicar\u00e1gua\" width=\"764\" height=\"510\" srcset=\"https:\/\/i0.wp.com\/mundosemfim.com\/wp-content\/uploads\/2017\/05\/DSC_0003-2.jpg?w=1000&amp;ssl=1 1000w, https:\/\/i0.wp.com\/mundosemfim.com\/wp-content\/uploads\/2017\/05\/DSC_0003-2.jpg?resize=300%2C200&amp;ssl=1 300w, https:\/\/i0.wp.com\/mundosemfim.com\/wp-content\/uploads\/2017\/05\/DSC_0003-2.jpg?resize=768%2C512&amp;ssl=1 768w\" sizes=\"auto, (max-width: 764px) 100vw, 764px\" \/><figcaption id=\"caption-attachment-5776\" class=\"wp-caption-text\">Igreja de S\u00e3o Francisco.<\/figcaption><\/figure>\n<p>&nbsp;<\/p>\n<p>\u00c9 isso pessoal! Esperamos que tenham gostado de conhecer esta cidade que nos encantou.<\/p>\n<p>Para acompanhar nossa viagem pelo mundo, curta nossa p\u00e1gina no face:<br \/>\n<a href=\"http:\/\/www.facebook.com\/mundosemfimoficial\">www.facebook.com\/mundosemfimoficial<\/a><\/p>\n<p><span style=\"border-radius: 2px; text-indent: 20px; width: auto; padding: 0px 4px 0px 0px; text-align: center; font: bold 11px\/20px 'Helvetica Neue',Helvetica,sans-serif; color: #ffffff; background: #bd081c  no-repeat scroll 3px 50% \/ 14px 14px; position: absolute; opacity: 1; z-index: 8675309; display: none; cursor: pointer; top: 1102px; left: 20px;\">Salvar<\/span><\/p>\n","protected":false},"excerpt":{"rendered":"<p>Rica em hist\u00f3ria, vibrante e com uma catedral declarada Patrim\u00f4nio da Humanidade pela UNESCO, Le\u00f3n foi uma das nossas cidades favoritas da Nicar\u00e1gua. Ah, isso sem falar da possibilidade de pegar um tour para fazer sandboard vulc\u00e3o abaixo. Curtiu? Pegue todas as dicas aqui para aproveit\u00e1-la ao m\u00e1ximo!<\/p>\n","protected":false},"author":1,"featured_media":5769,"comment_status":"open","ping_status":"open","sticky":false,"template":"","format":"standard","meta":{"jetpack_post_was_ever_published":false,"_jetpack_newsletter_access":"","_jetpack_dont_email_post_to_subs":true,"_jetpack_newsletter_tier_id":0,"_jetpack_memberships_contains_paywalled_content":false,"_jetpack_memberships_contains_paid_content":false,"footnotes":"","jetpack_publicize_message":"","jetpack_publicize_feature_enabled":true,"jetpack_social_post_already_shared":true,"jetpack_social_options":{"image_generator_settings":{"template":"highway","default_image_id":0,"font":"","enabled":false},"version":2}},"categories":[382,7,16,320,399,390,61],"tags":[],"class_list":["post-5759","post","type-post","status-publish","format-standard","has-post-thumbnail","hentry","category-america-central","category-america-latina","category-cidade","category-colonial","category-leon","category-nicaragua","category-unesco"],"yoast_head":"<!-- This site is optimized with the Yoast SEO plugin v27.5 - https:\/\/yoast.com\/product\/yoast-seo-wordpress\/ -->\n<title>Visitando Le\u00f3n \u2013 uma linda cidade colonial na Nicar\u00e1gua - Mundo Sem Fim<\/title>\n<meta name=\"robots\" content=\"index, follow, max-snippet:-1, max-image-preview:large, max-video-preview:-1\" \/>\n<link rel=\"canonical\" href=\"https:\/\/mundosemfim.com\/?p=5759\" \/>\n<meta property=\"og:locale\" content=\"pt_BR\" \/>\n<meta property=\"og:type\" content=\"article\" \/>\n<meta property=\"og:title\" content=\"Visitando Le\u00f3n \u2013 uma linda cidade colonial na Nicar\u00e1gua - Mundo Sem Fim\" \/>\n<meta property=\"og:description\" content=\"Rica em hist\u00f3ria, vibrante e com uma catedral declarada Patrim\u00f4nio da Humanidade pela UNESCO, Le\u00f3n foi uma das nossas cidades favoritas da Nicar\u00e1gua. Ah, isso sem falar da possibilidade de pegar um tour para fazer sandboard vulc\u00e3o abaixo. Curtiu? Pegue todas as dicas aqui para aproveit\u00e1-la ao m\u00e1ximo!\" \/>\n<meta property=\"og:url\" content=\"https:\/\/mundosemfim.com\/?p=5759\" \/>\n<meta property=\"og:site_name\" content=\"Mundo Sem Fim\" \/>\n<meta property=\"article:publisher\" content=\"http:\/\/www.facebook.com\/mundosemfimoficial\" \/>\n<meta property=\"article:published_time\" content=\"2017-05-06T03:43:07+00:00\" \/>\n<meta property=\"article:modified_time\" content=\"2017-07-14T03:10:01+00:00\" \/>\n<meta property=\"og:image\" content=\"https:\/\/i0.wp.com\/mundosemfim.com\/wp-content\/uploads\/2017\/05\/DSC_0156.jpg?fit=1000%2C667&ssl=1\" \/>\n\t<meta property=\"og:image:width\" content=\"1000\" \/>\n\t<meta property=\"og:image:height\" content=\"667\" \/>\n\t<meta property=\"og:image:type\" content=\"image\/jpeg\" \/>\n<meta name=\"author\" content=\"Renan\" \/>\n<meta name=\"twitter:card\" content=\"summary_large_image\" \/>\n<meta name=\"twitter:label1\" content=\"Escrito por\" \/>\n\t<meta name=\"twitter:data1\" content=\"Renan\" \/>\n\t<meta name=\"twitter:label2\" content=\"Est. tempo de leitura\" \/>\n\t<meta name=\"twitter:data2\" content=\"9 minutos\" \/>\n<script type=\"application\/ld+json\" class=\"yoast-schema-graph\">{\"@context\":\"https:\\\/\\\/schema.org\",\"@graph\":[{\"@type\":\"Article\",\"@id\":\"https:\\\/\\\/mundosemfim.com\\\/?p=5759#article\",\"isPartOf\":{\"@id\":\"https:\\\/\\\/mundosemfim.com\\\/?p=5759\"},\"author\":{\"name\":\"Renan\",\"@id\":\"https:\\\/\\\/mundosemfim.com\\\/#\\\/schema\\\/person\\\/b021d50f3a19bae432e9b69ffbfa9257\"},\"headline\":\"Visitando Le\u00f3n \u2013 uma linda cidade colonial na Nicar\u00e1gua\",\"datePublished\":\"2017-05-06T03:43:07+00:00\",\"dateModified\":\"2017-07-14T03:10:01+00:00\",\"mainEntityOfPage\":{\"@id\":\"https:\\\/\\\/mundosemfim.com\\\/?p=5759\"},\"wordCount\":1902,\"commentCount\":1,\"image\":{\"@id\":\"https:\\\/\\\/mundosemfim.com\\\/?p=5759#primaryimage\"},\"thumbnailUrl\":\"https:\\\/\\\/i0.wp.com\\\/mundosemfim.com\\\/wp-content\\\/uploads\\\/2017\\\/05\\\/DSC_0156.jpg?fit=1000%2C667&ssl=1\",\"articleSection\":[\"Am\u00e9rica Central\",\"am\u00e9rica latina\",\"cidade\",\"colonial\",\"Le\u00f3n\",\"Nicar\u00e1gua\",\"unesco\"],\"inLanguage\":\"pt-BR\",\"potentialAction\":[{\"@type\":\"CommentAction\",\"name\":\"Comment\",\"target\":[\"https:\\\/\\\/mundosemfim.com\\\/?p=5759#respond\"]}]},{\"@type\":\"WebPage\",\"@id\":\"https:\\\/\\\/mundosemfim.com\\\/?p=5759\",\"url\":\"https:\\\/\\\/mundosemfim.com\\\/?p=5759\",\"name\":\"Visitando Le\u00f3n \u2013 uma linda cidade colonial na Nicar\u00e1gua - Mundo Sem Fim\",\"isPartOf\":{\"@id\":\"https:\\\/\\\/mundosemfim.com\\\/#website\"},\"primaryImageOfPage\":{\"@id\":\"https:\\\/\\\/mundosemfim.com\\\/?p=5759#primaryimage\"},\"image\":{\"@id\":\"https:\\\/\\\/mundosemfim.com\\\/?p=5759#primaryimage\"},\"thumbnailUrl\":\"https:\\\/\\\/i0.wp.com\\\/mundosemfim.com\\\/wp-content\\\/uploads\\\/2017\\\/05\\\/DSC_0156.jpg?fit=1000%2C667&ssl=1\",\"datePublished\":\"2017-05-06T03:43:07+00:00\",\"dateModified\":\"2017-07-14T03:10:01+00:00\",\"author\":{\"@id\":\"https:\\\/\\\/mundosemfim.com\\\/#\\\/schema\\\/person\\\/b021d50f3a19bae432e9b69ffbfa9257\"},\"breadcrumb\":{\"@id\":\"https:\\\/\\\/mundosemfim.com\\\/?p=5759#breadcrumb\"},\"inLanguage\":\"pt-BR\",\"potentialAction\":[{\"@type\":\"ReadAction\",\"target\":[\"https:\\\/\\\/mundosemfim.com\\\/?p=5759\"]}]},{\"@type\":\"ImageObject\",\"inLanguage\":\"pt-BR\",\"@id\":\"https:\\\/\\\/mundosemfim.com\\\/?p=5759#primaryimage\",\"url\":\"https:\\\/\\\/i0.wp.com\\\/mundosemfim.com\\\/wp-content\\\/uploads\\\/2017\\\/05\\\/DSC_0156.jpg?fit=1000%2C667&ssl=1\",\"contentUrl\":\"https:\\\/\\\/i0.wp.com\\\/mundosemfim.com\\\/wp-content\\\/uploads\\\/2017\\\/05\\\/DSC_0156.jpg?fit=1000%2C667&ssl=1\",\"width\":1000,\"height\":667,\"caption\":\"Catedral de Le\u00f3n\"},{\"@type\":\"BreadcrumbList\",\"@id\":\"https:\\\/\\\/mundosemfim.com\\\/?p=5759#breadcrumb\",\"itemListElement\":[{\"@type\":\"ListItem\",\"position\":1,\"name\":\"In\u00edcio\",\"item\":\"https:\\\/\\\/mundosemfim.com\\\/\"},{\"@type\":\"ListItem\",\"position\":2,\"name\":\"Visitando Le\u00f3n \u2013 uma linda cidade colonial na Nicar\u00e1gua\"}]},{\"@type\":\"WebSite\",\"@id\":\"https:\\\/\\\/mundosemfim.com\\\/#website\",\"url\":\"https:\\\/\\\/mundosemfim.com\\\/\",\"name\":\"Mundo Sem Fim\",\"description\":\"uma viagem de volta ao mundo pelos 5 continentes!\",\"potentialAction\":[{\"@type\":\"SearchAction\",\"target\":{\"@type\":\"EntryPoint\",\"urlTemplate\":\"https:\\\/\\\/mundosemfim.com\\\/?s={search_term_string}\"},\"query-input\":{\"@type\":\"PropertyValueSpecification\",\"valueRequired\":true,\"valueName\":\"search_term_string\"}}],\"inLanguage\":\"pt-BR\"},{\"@type\":\"Person\",\"@id\":\"https:\\\/\\\/mundosemfim.com\\\/#\\\/schema\\\/person\\\/b021d50f3a19bae432e9b69ffbfa9257\",\"name\":\"Renan\",\"image\":{\"@type\":\"ImageObject\",\"inLanguage\":\"pt-BR\",\"@id\":\"https:\\\/\\\/secure.gravatar.com\\\/avatar\\\/faafca769a603ac75196d21826f3bda645d7e2d6306bb6e236d8cdb38eb44e38?s=96&d=mm&r=g\",\"url\":\"https:\\\/\\\/secure.gravatar.com\\\/avatar\\\/faafca769a603ac75196d21826f3bda645d7e2d6306bb6e236d8cdb38eb44e38?s=96&d=mm&r=g\",\"contentUrl\":\"https:\\\/\\\/secure.gravatar.com\\\/avatar\\\/faafca769a603ac75196d21826f3bda645d7e2d6306bb6e236d8cdb38eb44e38?s=96&d=mm&r=g\",\"caption\":\"Renan\"}}]}<\/script>\n<!-- \/ Yoast SEO plugin. -->","yoast_head_json":{"title":"Visitando Le\u00f3n \u2013 uma linda cidade colonial na Nicar\u00e1gua - Mundo Sem Fim","robots":{"index":"index","follow":"follow","max-snippet":"max-snippet:-1","max-image-preview":"max-image-preview:large","max-video-preview":"max-video-preview:-1"},"canonical":"https:\/\/mundosemfim.com\/?p=5759","og_locale":"pt_BR","og_type":"article","og_title":"Visitando Le\u00f3n \u2013 uma linda cidade colonial na Nicar\u00e1gua - Mundo Sem Fim","og_description":"Rica em hist\u00f3ria, vibrante e com uma catedral declarada Patrim\u00f4nio da Humanidade pela UNESCO, Le\u00f3n foi uma das nossas cidades favoritas da Nicar\u00e1gua. Ah, isso sem falar da possibilidade de pegar um tour para fazer sandboard vulc\u00e3o abaixo. Curtiu? Pegue todas as dicas aqui para aproveit\u00e1-la ao m\u00e1ximo!","og_url":"https:\/\/mundosemfim.com\/?p=5759","og_site_name":"Mundo Sem Fim","article_publisher":"http:\/\/www.facebook.com\/mundosemfimoficial","article_published_time":"2017-05-06T03:43:07+00:00","article_modified_time":"2017-07-14T03:10:01+00:00","og_image":[{"width":1000,"height":667,"url":"https:\/\/i0.wp.com\/mundosemfim.com\/wp-content\/uploads\/2017\/05\/DSC_0156.jpg?fit=1000%2C667&ssl=1","type":"image\/jpeg"}],"author":"Renan","twitter_card":"summary_large_image","twitter_misc":{"Escrito por":"Renan","Est. tempo de leitura":"9 minutos"},"schema":{"@context":"https:\/\/schema.org","@graph":[{"@type":"Article","@id":"https:\/\/mundosemfim.com\/?p=5759#article","isPartOf":{"@id":"https:\/\/mundosemfim.com\/?p=5759"},"author":{"name":"Renan","@id":"https:\/\/mundosemfim.com\/#\/schema\/person\/b021d50f3a19bae432e9b69ffbfa9257"},"headline":"Visitando Le\u00f3n \u2013 uma linda cidade colonial na Nicar\u00e1gua","datePublished":"2017-05-06T03:43:07+00:00","dateModified":"2017-07-14T03:10:01+00:00","mainEntityOfPage":{"@id":"https:\/\/mundosemfim.com\/?p=5759"},"wordCount":1902,"commentCount":1,"image":{"@id":"https:\/\/mundosemfim.com\/?p=5759#primaryimage"},"thumbnailUrl":"https:\/\/i0.wp.com\/mundosemfim.com\/wp-content\/uploads\/2017\/05\/DSC_0156.jpg?fit=1000%2C667&ssl=1","articleSection":["Am\u00e9rica Central","am\u00e9rica latina","cidade","colonial","Le\u00f3n","Nicar\u00e1gua","unesco"],"inLanguage":"pt-BR","potentialAction":[{"@type":"CommentAction","name":"Comment","target":["https:\/\/mundosemfim.com\/?p=5759#respond"]}]},{"@type":"WebPage","@id":"https:\/\/mundosemfim.com\/?p=5759","url":"https:\/\/mundosemfim.com\/?p=5759","name":"Visitando Le\u00f3n \u2013 uma linda cidade colonial na Nicar\u00e1gua - Mundo Sem Fim","isPartOf":{"@id":"https:\/\/mundosemfim.com\/#website"},"primaryImageOfPage":{"@id":"https:\/\/mundosemfim.com\/?p=5759#primaryimage"},"image":{"@id":"https:\/\/mundosemfim.com\/?p=5759#primaryimage"},"thumbnailUrl":"https:\/\/i0.wp.com\/mundosemfim.com\/wp-content\/uploads\/2017\/05\/DSC_0156.jpg?fit=1000%2C667&ssl=1","datePublished":"2017-05-06T03:43:07+00:00","dateModified":"2017-07-14T03:10:01+00:00","author":{"@id":"https:\/\/mundosemfim.com\/#\/schema\/person\/b021d50f3a19bae432e9b69ffbfa9257"},"breadcrumb":{"@id":"https:\/\/mundosemfim.com\/?p=5759#breadcrumb"},"inLanguage":"pt-BR","potentialAction":[{"@type":"ReadAction","target":["https:\/\/mundosemfim.com\/?p=5759"]}]},{"@type":"ImageObject","inLanguage":"pt-BR","@id":"https:\/\/mundosemfim.com\/?p=5759#primaryimage","url":"https:\/\/i0.wp.com\/mundosemfim.com\/wp-content\/uploads\/2017\/05\/DSC_0156.jpg?fit=1000%2C667&ssl=1","contentUrl":"https:\/\/i0.wp.com\/mundosemfim.com\/wp-content\/uploads\/2017\/05\/DSC_0156.jpg?fit=1000%2C667&ssl=1","width":1000,"height":667,"caption":"Catedral de Le\u00f3n"},{"@type":"BreadcrumbList","@id":"https:\/\/mundosemfim.com\/?p=5759#breadcrumb","itemListElement":[{"@type":"ListItem","position":1,"name":"In\u00edcio","item":"https:\/\/mundosemfim.com\/"},{"@type":"ListItem","position":2,"name":"Visitando Le\u00f3n \u2013 uma linda cidade colonial na Nicar\u00e1gua"}]},{"@type":"WebSite","@id":"https:\/\/mundosemfim.com\/#website","url":"https:\/\/mundosemfim.com\/","name":"Mundo Sem Fim","description":"uma viagem de volta ao mundo pelos 5 continentes!","potentialAction":[{"@type":"SearchAction","target":{"@type":"EntryPoint","urlTemplate":"https:\/\/mundosemfim.com\/?s={search_term_string}"},"query-input":{"@type":"PropertyValueSpecification","valueRequired":true,"valueName":"search_term_string"}}],"inLanguage":"pt-BR"},{"@type":"Person","@id":"https:\/\/mundosemfim.com\/#\/schema\/person\/b021d50f3a19bae432e9b69ffbfa9257","name":"Renan","image":{"@type":"ImageObject","inLanguage":"pt-BR","@id":"https:\/\/secure.gravatar.com\/avatar\/faafca769a603ac75196d21826f3bda645d7e2d6306bb6e236d8cdb38eb44e38?s=96&d=mm&r=g","url":"https:\/\/secure.gravatar.com\/avatar\/faafca769a603ac75196d21826f3bda645d7e2d6306bb6e236d8cdb38eb44e38?s=96&d=mm&r=g","contentUrl":"https:\/\/secure.gravatar.com\/avatar\/faafca769a603ac75196d21826f3bda645d7e2d6306bb6e236d8cdb38eb44e38?s=96&d=mm&r=g","caption":"Renan"}}]}},"jetpack_publicize_connections":[],"jetpack_featured_media_url":"https:\/\/i0.wp.com\/mundosemfim.com\/wp-content\/uploads\/2017\/05\/DSC_0156.jpg?fit=1000%2C667&ssl=1","jetpack_sharing_enabled":true,"jetpack_shortlink":"https:\/\/wp.me\/p7CQyF-1uT","jetpack-related-posts":[{"id":5816,"url":"https:\/\/mundosemfim.com\/?p=5816","url_meta":{"origin":5759,"position":0},"title":"Mochil\u00e3o pela Nicar\u00e1gua \u2013 roteiro, gastos, dicas, fotos, etc","author":"Renan","date":"maio 14, 2017","format":false,"excerpt":"Com belas praias, in\u00fameros vulc\u00f5es, um povo alegre e um custo de vida baixo, a Nicar\u00e1gua \u00e9 um pa\u00eds que cada vez atrai mais turistas. Que tal consider\u00e1-la para as pr\u00f3ximas f\u00e9rias? C\u00e2mbio oficial (maio\/2017) 1 real = 9,35 c\u00f3rdobas 1 d\u00f3lar = 29,80 c\u00f3rdobas Nicar\u00e1gua Quem visita este pa\u00eds\u2026","rel":"","context":"Em &quot;Am\u00e9rica Central&quot;","block_context":{"text":"Am\u00e9rica Central","link":"https:\/\/mundosemfim.com\/?cat=382"},"img":{"alt_text":"Os dois vulc\u00f5es da ilha Ometepe, vista da Punta Jes\u00fas Mar\u00eda","src":"https:\/\/i0.wp.com\/mundosemfim.com\/wp-content\/uploads\/2017\/04\/DSC_0021-3.jpg?fit=1000%2C667&ssl=1&resize=350%2C200","width":350,"height":200,"srcset":"https:\/\/i0.wp.com\/mundosemfim.com\/wp-content\/uploads\/2017\/04\/DSC_0021-3.jpg?fit=1000%2C667&ssl=1&resize=350%2C200 1x, https:\/\/i0.wp.com\/mundosemfim.com\/wp-content\/uploads\/2017\/04\/DSC_0021-3.jpg?fit=1000%2C667&ssl=1&resize=525%2C300 1.5x, https:\/\/i0.wp.com\/mundosemfim.com\/wp-content\/uploads\/2017\/04\/DSC_0021-3.jpg?fit=1000%2C667&ssl=1&resize=700%2C400 2x"},"classes":[]},{"id":5719,"url":"https:\/\/mundosemfim.com\/?p=5719","url_meta":{"origin":5759,"position":1},"title":"Conhecendo Granada \u2013 a bela cidade colonial da Nicar\u00e1gua","author":"Renan","date":"maio 1, 2017","format":false,"excerpt":"Com belas constru\u00e7\u00f5es coloniais e uma fervilhante cultura latina, Granada \u00e9 a Nicar\u00e1gua em seu estado puro. Quer conhecer este pa\u00eds? N\u00e3o deixe de visit\u00e1-la. Est\u00e1 pertinho da capital! C\u00e2mbio oficial (abril\/2017) 1 real = 9,40 c\u00f3rdobas 1 d\u00f3lar = 29,80 c\u00f3rdobas Fundada em 1524, Granada ostenta o t\u00edtulo de\u2026","rel":"","context":"Em &quot;am\u00e9rica latina&quot;","block_context":{"text":"am\u00e9rica latina","link":"https:\/\/mundosemfim.com\/?cat=7"},"img":{"alt_text":"Granada, Nicar\u00e1gua","src":"https:\/\/i0.wp.com\/mundosemfim.com\/wp-content\/uploads\/2017\/05\/DSC_0026-2.jpg?fit=1000%2C667&ssl=1&resize=350%2C200","width":350,"height":200,"srcset":"https:\/\/i0.wp.com\/mundosemfim.com\/wp-content\/uploads\/2017\/05\/DSC_0026-2.jpg?fit=1000%2C667&ssl=1&resize=350%2C200 1x, https:\/\/i0.wp.com\/mundosemfim.com\/wp-content\/uploads\/2017\/05\/DSC_0026-2.jpg?fit=1000%2C667&ssl=1&resize=525%2C300 1.5x, https:\/\/i0.wp.com\/mundosemfim.com\/wp-content\/uploads\/2017\/05\/DSC_0026-2.jpg?fit=1000%2C667&ssl=1&resize=700%2C400 2x"},"classes":[]},{"id":5739,"url":"https:\/\/mundosemfim.com\/?p=5739","url_meta":{"origin":5759,"position":2},"title":"Visitando Man\u00e1gua, a moderna capital da Nicar\u00e1gua","author":"Renan","date":"maio 3, 2017","format":false,"excerpt":"Muitas vezes ignorada pelos viajantes, Man\u00e1gua \u00e9 uma cidade muito interessante, que merece ao menos 1 dia das suas f\u00e9rias. F\u00e1cil de ser percorrida a p\u00e9 e diferente de qualquer outra capital que voc\u00ea j\u00e1 conheceu, Man\u00e1gua certamente te surpreender\u00e1! C\u00e2mbio oficial (maio\/2017) 1 real = 9,40 c\u00f3rdobas 1 d\u00f3lar\u2026","rel":"","context":"Em &quot;Am\u00e9rica Central&quot;","block_context":{"text":"Am\u00e9rica Central","link":"https:\/\/mundosemfim.com\/?cat=382"},"img":{"alt_text":"Plaza de la Revoluci\u00f3n, Antiga Catedral e Pal\u00e1cio da Cultura em Man\u00e1gua, Nicar\u00e1gua","src":"https:\/\/i0.wp.com\/mundosemfim.com\/wp-content\/uploads\/2017\/05\/DSC_0025.jpg?fit=1000%2C667&ssl=1&resize=350%2C200","width":350,"height":200,"srcset":"https:\/\/i0.wp.com\/mundosemfim.com\/wp-content\/uploads\/2017\/05\/DSC_0025.jpg?fit=1000%2C667&ssl=1&resize=350%2C200 1x, https:\/\/i0.wp.com\/mundosemfim.com\/wp-content\/uploads\/2017\/05\/DSC_0025.jpg?fit=1000%2C667&ssl=1&resize=525%2C300 1.5x, https:\/\/i0.wp.com\/mundosemfim.com\/wp-content\/uploads\/2017\/05\/DSC_0025.jpg?fit=1000%2C667&ssl=1&resize=700%2C400 2x"},"classes":[]},{"id":5688,"url":"https:\/\/mundosemfim.com\/?p=5688","url_meta":{"origin":5759,"position":3},"title":"Ilha Ometepe \u2013 um para\u00edso relaxante na Nicar\u00e1gua","author":"Renan","date":"abril 29, 2017","format":false,"excerpt":"Seguindo nossa busca pelos lugares mais bonitos da Nicar\u00e1gua, chegamos \u00e0 Ilha Ometepe, um destino encantador formado por dois vulc\u00f5es. Aqui damos todas as dicas de l\u00e1! C\u00e2mbio oficial (abril\/2017) 1 real = 9,46 c\u00f3rdobas 1 d\u00f3lar = 29,8 c\u00f3rdobas Ometepe, na antiga l\u00edngua local, significa \"duas montanhas\". E \u00e9\u2026","rel":"","context":"Em &quot;am\u00e9rica latina&quot;","block_context":{"text":"am\u00e9rica latina","link":"https:\/\/mundosemfim.com\/?cat=7"},"img":{"alt_text":"Os dois vulc\u00f5es da ilha Ometepe, vista da Punta Jes\u00fas Mar\u00eda","src":"https:\/\/i0.wp.com\/mundosemfim.com\/wp-content\/uploads\/2017\/04\/DSC_0021-3.jpg?fit=1000%2C667&ssl=1&resize=350%2C200","width":350,"height":200,"srcset":"https:\/\/i0.wp.com\/mundosemfim.com\/wp-content\/uploads\/2017\/04\/DSC_0021-3.jpg?fit=1000%2C667&ssl=1&resize=350%2C200 1x, https:\/\/i0.wp.com\/mundosemfim.com\/wp-content\/uploads\/2017\/04\/DSC_0021-3.jpg?fit=1000%2C667&ssl=1&resize=525%2C300 1.5x, https:\/\/i0.wp.com\/mundosemfim.com\/wp-content\/uploads\/2017\/04\/DSC_0021-3.jpg?fit=1000%2C667&ssl=1&resize=700%2C400 2x"},"classes":[]},{"id":5653,"url":"https:\/\/mundosemfim.com\/?p=5653","url_meta":{"origin":5759,"position":4},"title":"Cruzando a fronteira Costa Rica \u2013 Nicar\u00e1gua por Pe\u00f1as Blancas","author":"Renan","date":"abril 20, 2017","format":false,"excerpt":"Seguindo nosso recorrido pela Am\u00e9rica Central, aqui contamos como foi cruzar a fronteira da Costa Rica com a Nicar\u00e1gua por terra! C\u00e2mbio oficial (abril\/2017) 1 real = 178 colones (dinheiro da Costa Rica) 1 real = 9,45 c\u00f3rdobas (dinheiro da Nicar\u00e1gua) 1 d\u00f3lar = 3,16 reais Seguindo nossa viagem pela\u2026","rel":"","context":"Em &quot;Am\u00e9rica Central&quot;","block_context":{"text":"Am\u00e9rica Central","link":"https:\/\/mundosemfim.com\/?cat=382"},"img":{"alt_text":"Cruzando a fronteira Costa Rica - Nicar\u00e1gua por Pe\u00f1as Blancas.","src":"https:\/\/i0.wp.com\/mundosemfim.com\/wp-content\/uploads\/2017\/04\/P4200022.jpg?fit=1000%2C667&ssl=1&resize=350%2C200","width":350,"height":200,"srcset":"https:\/\/i0.wp.com\/mundosemfim.com\/wp-content\/uploads\/2017\/04\/P4200022.jpg?fit=1000%2C667&ssl=1&resize=350%2C200 1x, https:\/\/i0.wp.com\/mundosemfim.com\/wp-content\/uploads\/2017\/04\/P4200022.jpg?fit=1000%2C667&ssl=1&resize=525%2C300 1.5x, https:\/\/i0.wp.com\/mundosemfim.com\/wp-content\/uploads\/2017\/04\/P4200022.jpg?fit=1000%2C667&ssl=1&resize=700%2C400 2x"},"classes":[]},{"id":5809,"url":"https:\/\/mundosemfim.com\/?p=5809","url_meta":{"origin":5759,"position":5},"title":"Cruzando a fronteira Nicar\u00e1gua \u2013 Honduras por Las Manos","author":"Renan","date":"maio 14, 2017","format":false,"excerpt":"Mais uma vez aquele friozinho na barriga por cruzar uma fronteira. Desta vez seria para entrar em Honduras, um pa\u00eds onde muitos reclamam de terem sido extorquidos pelos oficiais de imigra\u00e7\u00e3o. Mas a viagem tem que continuar, e a\u00ed fomos n\u00f3s! Refer\u00eancia (maio\/2017) 1 d\u00f3lar = 3,13 reais 1 c\u00f3rdoba\u2026","rel":"","context":"Em &quot;Am\u00e9rica Central&quot;","block_context":{"text":"Am\u00e9rica Central","link":"https:\/\/mundosemfim.com\/?cat=382"},"img":{"alt_text":"Cruzando a fronteira Nicar\u00e1gua - Honduras","src":"https:\/\/i0.wp.com\/mundosemfim.com\/wp-content\/uploads\/2017\/05\/P5120006.jpg?fit=1000%2C667&ssl=1&resize=350%2C200","width":350,"height":200,"srcset":"https:\/\/i0.wp.com\/mundosemfim.com\/wp-content\/uploads\/2017\/05\/P5120006.jpg?fit=1000%2C667&ssl=1&resize=350%2C200 1x, https:\/\/i0.wp.com\/mundosemfim.com\/wp-content\/uploads\/2017\/05\/P5120006.jpg?fit=1000%2C667&ssl=1&resize=525%2C300 1.5x, https:\/\/i0.wp.com\/mundosemfim.com\/wp-content\/uploads\/2017\/05\/P5120006.jpg?fit=1000%2C667&ssl=1&resize=700%2C400 2x"},"classes":[]}],"_links":{"self":[{"href":"https:\/\/mundosemfim.com\/index.php?rest_route=\/wp\/v2\/posts\/5759","targetHints":{"allow":["GET"]}}],"collection":[{"href":"https:\/\/mundosemfim.com\/index.php?rest_route=\/wp\/v2\/posts"}],"about":[{"href":"https:\/\/mundosemfim.com\/index.php?rest_route=\/wp\/v2\/types\/post"}],"author":[{"embeddable":true,"href":"https:\/\/mundosemfim.com\/index.php?rest_route=\/wp\/v2\/users\/1"}],"replies":[{"embeddable":true,"href":"https:\/\/mundosemfim.com\/index.php?rest_route=%2Fwp%2Fv2%2Fcomments&post=5759"}],"version-history":[{"count":4,"href":"https:\/\/mundosemfim.com\/index.php?rest_route=\/wp\/v2\/posts\/5759\/revisions"}],"predecessor-version":[{"id":6201,"href":"https:\/\/mundosemfim.com\/index.php?rest_route=\/wp\/v2\/posts\/5759\/revisions\/6201"}],"wp:featuredmedia":[{"embeddable":true,"href":"https:\/\/mundosemfim.com\/index.php?rest_route=\/wp\/v2\/media\/5769"}],"wp:attachment":[{"href":"https:\/\/mundosemfim.com\/index.php?rest_route=%2Fwp%2Fv2%2Fmedia&parent=5759"}],"wp:term":[{"taxonomy":"category","embeddable":true,"href":"https:\/\/mundosemfim.com\/index.php?rest_route=%2Fwp%2Fv2%2Fcategories&post=5759"},{"taxonomy":"post_tag","embeddable":true,"href":"https:\/\/mundosemfim.com\/index.php?rest_route=%2Fwp%2Fv2%2Ftags&post=5759"}],"curies":[{"name":"wp","href":"https:\/\/api.w.org\/{rel}","templated":true}]}}