{"id":5739,"date":"2017-05-03T20:28:58","date_gmt":"2017-05-03T23:28:58","guid":{"rendered":"https:\/\/mundosemfim.com\/?p=5739"},"modified":"2017-07-14T00:07:37","modified_gmt":"2017-07-14T03:07:37","slug":"visitando-managua-moderna-capital-da-nicaragua","status":"publish","type":"post","link":"https:\/\/mundosemfim.com\/?p=5739","title":{"rendered":"Visitando Man\u00e1gua, a moderna capital da Nicar\u00e1gua"},"content":{"rendered":"<p>Muitas vezes ignorada pelos viajantes, Man\u00e1gua \u00e9 uma cidade muito interessante, que merece ao menos 1 dia das suas f\u00e9rias. F\u00e1cil de ser percorrida a p\u00e9 e diferente de qualquer outra capital que voc\u00ea j\u00e1 conheceu, Man\u00e1gua certamente te surpreender\u00e1!<\/p>\n<p><!--more--><\/p>\n<p><b>C\u00e2mbio oficial (maio\/2017)<br \/>\n<\/b>1 real = 9,40 c\u00f3rdobas<br \/>\n1 d\u00f3lar = 29,80 c\u00f3rdobas<\/p>\n<figure id=\"attachment_5740\" aria-describedby=\"caption-attachment-5740\" style=\"width: 1000px\" class=\"wp-caption aligncenter\"><img data-recalc-dims=\"1\" loading=\"lazy\" decoding=\"async\" data-attachment-id=\"5740\" data-permalink=\"https:\/\/mundosemfim.com\/?attachment_id=5740\" data-orig-file=\"https:\/\/i0.wp.com\/mundosemfim.com\/wp-content\/uploads\/2017\/05\/DSC_0025.jpg?fit=1000%2C667&amp;ssl=1\" data-orig-size=\"1000,667\" data-comments-opened=\"1\" data-image-meta=\"{&quot;aperture&quot;:&quot;0&quot;,&quot;credit&quot;:&quot;&quot;,&quot;camera&quot;:&quot;&quot;,&quot;caption&quot;:&quot;&quot;,&quot;created_timestamp&quot;:&quot;0&quot;,&quot;copyright&quot;:&quot;&quot;,&quot;focal_length&quot;:&quot;0&quot;,&quot;iso&quot;:&quot;0&quot;,&quot;shutter_speed&quot;:&quot;0&quot;,&quot;title&quot;:&quot;&quot;,&quot;orientation&quot;:&quot;0&quot;}\" data-image-title=\"Man\u00e1gua\" data-image-description=\"&lt;p&gt;Plaza de la Revoluci\u00f3n, Antiga Catedral e Pal\u00e1cio da Cultura em Man\u00e1gua, Nicar\u00e1gua&lt;\/p&gt;\n\" data-image-caption=\"&lt;p&gt;Na Plaza de la Revoluci\u00f3n, com o Pal\u00e1cio da Cultura \u00e0 direita e a antiga catedral \u00e0 esquerda.&lt;\/p&gt;\n\" data-large-file=\"https:\/\/i0.wp.com\/mundosemfim.com\/wp-content\/uploads\/2017\/05\/DSC_0025.jpg?fit=764%2C510&amp;ssl=1\" class=\"size-full wp-image-5740\" src=\"https:\/\/i0.wp.com\/mundosemfim.com\/wp-content\/uploads\/2017\/05\/DSC_0025.jpg?resize=764%2C510&#038;ssl=1\" alt=\"Plaza de la Revoluci\u00f3n, Antiga Catedral e Pal\u00e1cio da Cultura em Man\u00e1gua, Nicar\u00e1gua\" width=\"764\" height=\"510\" srcset=\"https:\/\/i0.wp.com\/mundosemfim.com\/wp-content\/uploads\/2017\/05\/DSC_0025.jpg?w=1000&amp;ssl=1 1000w, https:\/\/i0.wp.com\/mundosemfim.com\/wp-content\/uploads\/2017\/05\/DSC_0025.jpg?resize=300%2C200&amp;ssl=1 300w, https:\/\/i0.wp.com\/mundosemfim.com\/wp-content\/uploads\/2017\/05\/DSC_0025.jpg?resize=768%2C512&amp;ssl=1 768w\" sizes=\"auto, (max-width: 764px) 100vw, 764px\" \/><figcaption id=\"caption-attachment-5740\" class=\"wp-caption-text\">Na Plaza de la Revoluci\u00f3n, com o Pal\u00e1cio da Cultura \u00e0 direita e a antiga catedral \u00e0 esquerda.<\/figcaption><\/figure>\n<p>Se f\u00f4ssemos seguir a recomenda\u00e7\u00e3o dos guias de viagem, ter\u00edamos deixado Man\u00e1gua de fora do nosso roteiro. Segundo eles, esta capital \u00e9 apenas uma cidade moderna, sem nenhum atrativo, e perigosa.<\/p>\n<p>Seu modernismo talvez seja justamente o que a torna especial: tendo sido quase que completamente destru\u00edda por um terremoto em 1972 e pela guerra civil nos anos 80, Man\u00e1gua realmente n\u00e3o apresenta quase nada de edif\u00edcios hist\u00f3ricos ou coloniais. Por outro lado, esta destrui\u00e7\u00e3o permitiu a cria\u00e7\u00e3o de uma nova cidade ampla e organizada. Voc\u00ea caminha pelo seu centro e se sente como se estivesse andando pelo bairro residencial de uma cidade do interior. A parte c\u00edvica conta com pra\u00e7as amplas e bem arborizadas. Quanto \u00e0 seguran\u00e7a, n\u00e3o temos do que reclamar: foi uma das capitais onde nos sentimos mais \u00e0 vontade para andar com as c\u00e2meras em m\u00e3os.<\/p>\n<p>Os pontos de interesse de Man\u00e1gua podem ser visitados a p\u00e9 durante uma tarde. N\u00e3o \u00e9 necess\u00e1rio programar mais de 1 dia para conhec\u00ea-la.<\/p>\n<p>Esta cidade conta com pouco mais de 1 milh\u00e3o de habitantes.<\/p>\n<figure id=\"attachment_5741\" aria-describedby=\"caption-attachment-5741\" style=\"width: 1000px\" class=\"wp-caption aligncenter\"><img data-recalc-dims=\"1\" loading=\"lazy\" decoding=\"async\" data-attachment-id=\"5741\" data-permalink=\"https:\/\/mundosemfim.com\/?attachment_id=5741\" data-orig-file=\"https:\/\/i0.wp.com\/mundosemfim.com\/wp-content\/uploads\/2017\/05\/P5010015.jpg?fit=1000%2C667&amp;ssl=1\" data-orig-size=\"1000,667\" data-comments-opened=\"1\" data-image-meta=\"{&quot;aperture&quot;:&quot;0&quot;,&quot;credit&quot;:&quot;&quot;,&quot;camera&quot;:&quot;&quot;,&quot;caption&quot;:&quot;&quot;,&quot;created_timestamp&quot;:&quot;0&quot;,&quot;copyright&quot;:&quot;&quot;,&quot;focal_length&quot;:&quot;0&quot;,&quot;iso&quot;:&quot;0&quot;,&quot;shutter_speed&quot;:&quot;0&quot;,&quot;title&quot;:&quot;&quot;,&quot;orientation&quot;:&quot;0&quot;}\" data-image-title=\"Man\u00e1gua\" data-image-description=\"&lt;p&gt;Centro de Man\u00e1gua&lt;\/p&gt;\n\" data-image-caption=\"&lt;p&gt;Ruas tranquilas do centro de Man\u00e1gua (tudo bem que era feriado).&lt;\/p&gt;\n\" data-large-file=\"https:\/\/i0.wp.com\/mundosemfim.com\/wp-content\/uploads\/2017\/05\/P5010015.jpg?fit=764%2C510&amp;ssl=1\" class=\"size-full wp-image-5741\" src=\"https:\/\/i0.wp.com\/mundosemfim.com\/wp-content\/uploads\/2017\/05\/P5010015.jpg?resize=764%2C510&#038;ssl=1\" alt=\"Centro de Man\u00e1gua\" width=\"764\" height=\"510\" srcset=\"https:\/\/i0.wp.com\/mundosemfim.com\/wp-content\/uploads\/2017\/05\/P5010015.jpg?w=1000&amp;ssl=1 1000w, https:\/\/i0.wp.com\/mundosemfim.com\/wp-content\/uploads\/2017\/05\/P5010015.jpg?resize=300%2C200&amp;ssl=1 300w, https:\/\/i0.wp.com\/mundosemfim.com\/wp-content\/uploads\/2017\/05\/P5010015.jpg?resize=768%2C512&amp;ssl=1 768w\" sizes=\"auto, (max-width: 764px) 100vw, 764px\" \/><figcaption id=\"caption-attachment-5741\" class=\"wp-caption-text\">Ruas tranquilas do centro de Man\u00e1gua (tudo bem que era feriado).<\/figcaption><\/figure>\n<h3><b>Chegando e saindo<\/b><\/h3>\n<p>Uma das dificuldades que os viajantes sentem em Man\u00e1gua \u00e9 o fato de n\u00e3o possuir um terminal de \u00f4nibus central. H\u00e1 diversos mini-terminais espalhados pela cidade.<\/p>\n<p>Para ir aos principais destinos tur\u00edsticos (ao sul e ao norte), o ideal \u00e9 pegar os \u00f4nibus que saem de frente da UCA (Universidad Centroamericana). De l\u00e1 partem \u00f4nibus para <a href=\"https:\/\/mundosemfim.com\/conhecendo-granada-bela-cidade-colonial-da-nicaragua\/\">Granada<\/a> (29 c\u00f3rdobas, 1h) e vans para <a href=\"https:\/\/mundosemfim.com\/visitando-leon-uma-linda-cidade-colonial-na-nicaragua\/\">Le\u00f3n<\/a> (54 c\u00f3rdobas, 1h30min).<\/p>\n<p>O aeroporto est\u00e1 a 12km do centro da cidade, e \u00e9 a principal porta de entrada e sa\u00edda para quem chega de avi\u00e3o ao pa\u00eds.<\/p>\n<figure id=\"attachment_5742\" aria-describedby=\"caption-attachment-5742\" style=\"width: 1000px\" class=\"wp-caption aligncenter\"><img data-recalc-dims=\"1\" loading=\"lazy\" decoding=\"async\" data-attachment-id=\"5742\" data-permalink=\"https:\/\/mundosemfim.com\/?attachment_id=5742\" data-orig-file=\"https:\/\/i0.wp.com\/mundosemfim.com\/wp-content\/uploads\/2017\/05\/P4300012.jpg?fit=1000%2C667&amp;ssl=1\" data-orig-size=\"1000,667\" data-comments-opened=\"1\" data-image-meta=\"{&quot;aperture&quot;:&quot;0&quot;,&quot;credit&quot;:&quot;&quot;,&quot;camera&quot;:&quot;&quot;,&quot;caption&quot;:&quot;&quot;,&quot;created_timestamp&quot;:&quot;0&quot;,&quot;copyright&quot;:&quot;&quot;,&quot;focal_length&quot;:&quot;0&quot;,&quot;iso&quot;:&quot;0&quot;,&quot;shutter_speed&quot;:&quot;0&quot;,&quot;title&quot;:&quot;&quot;,&quot;orientation&quot;:&quot;0&quot;}\" data-image-title=\"Man\u00e1gua\" data-image-description=\"&lt;p&gt;Mucuvinha em Man\u00e1gua, Nicar\u00e1gua&lt;\/p&gt;\n\" data-image-caption=\"&lt;p&gt;Pra\u00e7a com um parquinho em Man\u00e1gua&lt;\/p&gt;\n\" data-large-file=\"https:\/\/i0.wp.com\/mundosemfim.com\/wp-content\/uploads\/2017\/05\/P4300012.jpg?fit=764%2C510&amp;ssl=1\" class=\"size-full wp-image-5742\" src=\"https:\/\/i0.wp.com\/mundosemfim.com\/wp-content\/uploads\/2017\/05\/P4300012.jpg?resize=764%2C510&#038;ssl=1\" alt=\"Mucuvinha em Man\u00e1gua, Nicar\u00e1gua\" width=\"764\" height=\"510\" srcset=\"https:\/\/i0.wp.com\/mundosemfim.com\/wp-content\/uploads\/2017\/05\/P4300012.jpg?w=1000&amp;ssl=1 1000w, https:\/\/i0.wp.com\/mundosemfim.com\/wp-content\/uploads\/2017\/05\/P4300012.jpg?resize=300%2C200&amp;ssl=1 300w, https:\/\/i0.wp.com\/mundosemfim.com\/wp-content\/uploads\/2017\/05\/P4300012.jpg?resize=768%2C512&amp;ssl=1 768w\" sizes=\"auto, (max-width: 764px) 100vw, 764px\" \/><figcaption id=\"caption-attachment-5742\" class=\"wp-caption-text\">Pra\u00e7a com um parquinho em Man\u00e1gua<\/figcaption><\/figure>\n<h3><b>Onde se hospedar<\/b><\/h3>\n<p>Por ser uma cidade ampla e sem um centro bem definido, \u00e9 dif\u00edcil determinar uma boa localiza\u00e7\u00e3o para se hospedar. Os pontos de interesse est\u00e3o perto do Porto Salvador Allende, e os principais hot\u00e9is e hostels est\u00e3o no bairro Bolonia \u2013 uma regi\u00e3o bastante segura da cidade.<\/p>\n<p>N\u00f3s nos hospedamos l\u00e1, mas pelo AirBnb, por 12 d\u00f3lares em um quarto de casal privado, com banheiro, televis\u00e3o e ventilador. Recomendado. Se quiser ficar onde ficamos, o quarto \u00e9 este: <a href=\"https:\/\/www.airbnb.com.br\/rooms\/17716134\">https:\/\/www.airbnb.com.br\/rooms\/17716134<\/a>.<\/p>\n<p>Nunca usou o AirBnb? Pois ent\u00e3o pegue nosso cupom de desconto de 100 reais <b><a href=\"http:\/\/www.airbnb.com.br\/c\/renang98\">aqui<\/a><\/b>\u00a0e comece a us\u00e1-lo!<\/p>\n<figure id=\"attachment_5743\" aria-describedby=\"caption-attachment-5743\" style=\"width: 704px\" class=\"wp-caption aligncenter\"><img data-recalc-dims=\"1\" loading=\"lazy\" decoding=\"async\" data-attachment-id=\"5743\" data-permalink=\"https:\/\/mundosemfim.com\/?attachment_id=5743\" data-orig-file=\"https:\/\/i0.wp.com\/mundosemfim.com\/wp-content\/uploads\/2017\/05\/mapa.png?fit=704%2C469&amp;ssl=1\" data-orig-size=\"704,469\" data-comments-opened=\"1\" data-image-meta=\"{&quot;aperture&quot;:&quot;0&quot;,&quot;credit&quot;:&quot;&quot;,&quot;camera&quot;:&quot;&quot;,&quot;caption&quot;:&quot;&quot;,&quot;created_timestamp&quot;:&quot;0&quot;,&quot;copyright&quot;:&quot;&quot;,&quot;focal_length&quot;:&quot;0&quot;,&quot;iso&quot;:&quot;0&quot;,&quot;shutter_speed&quot;:&quot;0&quot;,&quot;title&quot;:&quot;&quot;,&quot;orientation&quot;:&quot;0&quot;}\" data-image-title=\"Man\u00e1gua\" data-image-description=\"\" data-image-caption=\"&lt;p&gt;Mapa de Man\u00e1gua&lt;\/p&gt;\n\" data-large-file=\"https:\/\/i0.wp.com\/mundosemfim.com\/wp-content\/uploads\/2017\/05\/mapa.png?fit=704%2C469&amp;ssl=1\" class=\"size-full wp-image-5743\" src=\"https:\/\/i0.wp.com\/mundosemfim.com\/wp-content\/uploads\/2017\/05\/mapa.png?resize=704%2C469&#038;ssl=1\" alt=\"\" width=\"704\" height=\"469\" srcset=\"https:\/\/i0.wp.com\/mundosemfim.com\/wp-content\/uploads\/2017\/05\/mapa.png?w=704&amp;ssl=1 704w, https:\/\/i0.wp.com\/mundosemfim.com\/wp-content\/uploads\/2017\/05\/mapa.png?resize=300%2C200&amp;ssl=1 300w\" sizes=\"auto, (max-width: 704px) 100vw, 704px\" \/><figcaption id=\"caption-attachment-5743\" class=\"wp-caption-text\">Mapa de Man\u00e1gua<\/figcaption><\/figure>\n<h3><b>Comer e beber<\/b><\/h3>\n<p>Os menus mais econ\u00f4micos podem ser encontrados em barraquinhas nas principais pra\u00e7as da cidade. Um prato com arroz, feij\u00e3o, carne e salada sai a partir de 75 c\u00f3rdobas. Uma op\u00e7\u00e3o mais econ\u00f4mica \u00e9 comprar uma por\u00e7\u00e3o de frango e batatas fritas ou arroz e feij\u00e3o das senhoras que vendem na rua (entre 40 e 50 c\u00f3rdobas).<\/p>\n<p>Tamb\u00e9m h\u00e1 diversos shoppings com pra\u00e7a de refei\u00e7\u00e3o e restaurantes mais chiques pela cidade.<\/p>\n<p>Um litr\u00e3o de cerveja em um bar simples fica na faixa de 50 c\u00f3rdobas.<\/p>\n<figure id=\"attachment_5744\" aria-describedby=\"caption-attachment-5744\" style=\"width: 1000px\" class=\"wp-caption aligncenter\"><img data-recalc-dims=\"1\" loading=\"lazy\" decoding=\"async\" data-attachment-id=\"5744\" data-permalink=\"https:\/\/mundosemfim.com\/?attachment_id=5744\" data-orig-file=\"https:\/\/i0.wp.com\/mundosemfim.com\/wp-content\/uploads\/2017\/05\/P4280024.jpg?fit=1000%2C667&amp;ssl=1\" data-orig-size=\"1000,667\" data-comments-opened=\"1\" data-image-meta=\"{&quot;aperture&quot;:&quot;0&quot;,&quot;credit&quot;:&quot;&quot;,&quot;camera&quot;:&quot;&quot;,&quot;caption&quot;:&quot;&quot;,&quot;created_timestamp&quot;:&quot;0&quot;,&quot;copyright&quot;:&quot;&quot;,&quot;focal_length&quot;:&quot;0&quot;,&quot;iso&quot;:&quot;0&quot;,&quot;shutter_speed&quot;:&quot;0&quot;,&quot;title&quot;:&quot;&quot;,&quot;orientation&quot;:&quot;0&quot;}\" data-image-title=\"Man\u00e1gua\" data-image-description=\"&lt;p&gt;T\u00edpica comida de rua vendida na Nicar\u00e1gua&lt;\/p&gt;\n\" data-image-caption=\"&lt;p&gt;T\u00edpica comida de rua vendida na Nicar\u00e1gua&lt;\/p&gt;\n\" data-large-file=\"https:\/\/i0.wp.com\/mundosemfim.com\/wp-content\/uploads\/2017\/05\/P4280024.jpg?fit=764%2C510&amp;ssl=1\" class=\"size-full wp-image-5744\" src=\"https:\/\/i0.wp.com\/mundosemfim.com\/wp-content\/uploads\/2017\/05\/P4280024.jpg?resize=764%2C510&#038;ssl=1\" alt=\"T\u00edpica comida de rua vendida na Nicar\u00e1gua\" width=\"764\" height=\"510\" srcset=\"https:\/\/i0.wp.com\/mundosemfim.com\/wp-content\/uploads\/2017\/05\/P4280024.jpg?w=1000&amp;ssl=1 1000w, https:\/\/i0.wp.com\/mundosemfim.com\/wp-content\/uploads\/2017\/05\/P4280024.jpg?resize=300%2C200&amp;ssl=1 300w, https:\/\/i0.wp.com\/mundosemfim.com\/wp-content\/uploads\/2017\/05\/P4280024.jpg?resize=768%2C512&amp;ssl=1 768w\" sizes=\"auto, (max-width: 764px) 100vw, 764px\" \/><figcaption id=\"caption-attachment-5744\" class=\"wp-caption-text\">T\u00edpica comida de rua vendida na Nicar\u00e1gua<\/figcaption><\/figure>\n<h3><b>O que fazer em Man\u00e1gua<\/b><\/h3>\n<p>Uma caminhada de umas 2h pela regi\u00e3o do Porto Salvador Allende j\u00e1 deve ser suficiente para poder se encantar e colocar Man\u00e1gua no seu curr\u00edculo de viagens.<\/p>\n<p>Aqui est\u00e3o alguns dos principais atrativos da regi\u00e3o:<\/p>\n<ul>\n<li>\n<h4><i><b>Antiga catedral de Man\u00e1gua<\/b><\/i><\/h4>\n<\/li>\n<\/ul>\n<p>Esta bonita catedral foi desenhada na B\u00e9lgica em 1920, e sua conclus\u00e3o foi dada justo a tempo para que ela enfrentasse &#8211; e sobrevivesse \u2013 ao terremoto de 1931. Por\u00e9m, em 1972, sua sorte n\u00e3o foi a mesma: este novo terremoto, que destruiu praticamente toda a cidade, condenou a catedral para sempre.<\/p>\n<p>Atualmente, por conta do risco de desabamento, n\u00e3o se pode ingressar ao seu interior, mas \u00e9 poss\u00edvel admir\u00e1-la atrav\u00e9s das barras de ferro das portas e das janelas. Apesar das enormes rachaduras, seu desenho e suas in\u00fameras est\u00e1tuas se mantiveram em bom estado.<\/p>\n<figure id=\"attachment_5745\" aria-describedby=\"caption-attachment-5745\" style=\"width: 1000px\" class=\"wp-caption aligncenter\"><img data-recalc-dims=\"1\" loading=\"lazy\" decoding=\"async\" data-attachment-id=\"5745\" data-permalink=\"https:\/\/mundosemfim.com\/?attachment_id=5745\" data-orig-file=\"https:\/\/i0.wp.com\/mundosemfim.com\/wp-content\/uploads\/2017\/05\/DSC_0005.jpg?fit=1000%2C667&amp;ssl=1\" data-orig-size=\"1000,667\" data-comments-opened=\"1\" data-image-meta=\"{&quot;aperture&quot;:&quot;0&quot;,&quot;credit&quot;:&quot;&quot;,&quot;camera&quot;:&quot;&quot;,&quot;caption&quot;:&quot;&quot;,&quot;created_timestamp&quot;:&quot;0&quot;,&quot;copyright&quot;:&quot;&quot;,&quot;focal_length&quot;:&quot;0&quot;,&quot;iso&quot;:&quot;0&quot;,&quot;shutter_speed&quot;:&quot;0&quot;,&quot;title&quot;:&quot;&quot;,&quot;orientation&quot;:&quot;0&quot;}\" data-image-title=\"Man\u00e1gua\" data-image-description=\"&lt;p&gt;Antiga catedral de Man\u00e1gua, condenada pelo terremoto de 72.&lt;\/p&gt;\n\" data-image-caption=\"&lt;p&gt;Antiga catedral de Man\u00e1gua, condenada pelo terremoto de 72.&lt;\/p&gt;\n\" data-large-file=\"https:\/\/i0.wp.com\/mundosemfim.com\/wp-content\/uploads\/2017\/05\/DSC_0005.jpg?fit=764%2C510&amp;ssl=1\" class=\"size-full wp-image-5745\" src=\"https:\/\/i0.wp.com\/mundosemfim.com\/wp-content\/uploads\/2017\/05\/DSC_0005.jpg?resize=764%2C510&#038;ssl=1\" alt=\"Antiga catedral de Man\u00e1gua, condenada pelo terremoto de 72.\" width=\"764\" height=\"510\" srcset=\"https:\/\/i0.wp.com\/mundosemfim.com\/wp-content\/uploads\/2017\/05\/DSC_0005.jpg?w=1000&amp;ssl=1 1000w, https:\/\/i0.wp.com\/mundosemfim.com\/wp-content\/uploads\/2017\/05\/DSC_0005.jpg?resize=300%2C200&amp;ssl=1 300w, https:\/\/i0.wp.com\/mundosemfim.com\/wp-content\/uploads\/2017\/05\/DSC_0005.jpg?resize=768%2C512&amp;ssl=1 768w\" sizes=\"auto, (max-width: 764px) 100vw, 764px\" \/><figcaption id=\"caption-attachment-5745\" class=\"wp-caption-text\">Antiga catedral de Man\u00e1gua, condenada pelo terremoto de 72.<\/figcaption><\/figure>\n<ul>\n<li>\n<h4><i><b>Pal\u00e1cio da Cultura<\/b><\/i><\/h4>\n<\/li>\n<\/ul>\n<p>Constru\u00eddo para ser o Pal\u00e1cio Nacional, este edif\u00edcio foi quase que completamente destru\u00eddo no terremoto de 1931. Nos anos seguintes, foi reconstru\u00eddo seguindo o estilo neo-cl\u00e1ssico, e manteve suas fun\u00e7\u00f5es governamentais durante a ditadura da fam\u00edlia Somoza.<\/p>\n<p>Sua forte estrutura sobreviveu ao terremoto de 1972 e foi palco da revolu\u00e7\u00e3o armada da guerrilha sandinista em 1978.<\/p>\n<p>Na primeira metade dos anos 90, a ent\u00e3o presidenta do pa\u00eds, Violeta Barrios, decidiu convert\u00ea-lo em uma pe\u00e7a chave da cultura nicaraguense. Assim, o Pal\u00e1cio Nacional se converteu no Palacio de La Cultura de Nicaragua.<\/p>\n<figure id=\"attachment_5746\" aria-describedby=\"caption-attachment-5746\" style=\"width: 1000px\" class=\"wp-caption aligncenter\"><img data-recalc-dims=\"1\" loading=\"lazy\" decoding=\"async\" data-attachment-id=\"5746\" data-permalink=\"https:\/\/mundosemfim.com\/?attachment_id=5746\" data-orig-file=\"https:\/\/i0.wp.com\/mundosemfim.com\/wp-content\/uploads\/2017\/05\/DSC_0001.jpg?fit=1000%2C667&amp;ssl=1\" data-orig-size=\"1000,667\" data-comments-opened=\"1\" data-image-meta=\"{&quot;aperture&quot;:&quot;0&quot;,&quot;credit&quot;:&quot;&quot;,&quot;camera&quot;:&quot;&quot;,&quot;caption&quot;:&quot;&quot;,&quot;created_timestamp&quot;:&quot;0&quot;,&quot;copyright&quot;:&quot;&quot;,&quot;focal_length&quot;:&quot;0&quot;,&quot;iso&quot;:&quot;0&quot;,&quot;shutter_speed&quot;:&quot;0&quot;,&quot;title&quot;:&quot;&quot;,&quot;orientation&quot;:&quot;0&quot;}\" data-image-title=\"Man\u00e1gua\" data-image-description=\"&lt;p&gt;Antigo Pal\u00e1cio do Governo e atual Pal\u00e1cio da Cultura em Man\u00e1gua.&lt;\/p&gt;\n\" data-image-caption=\"&lt;p&gt;Antigo Pal\u00e1cio do Governo e atual Pal\u00e1cio da Cultura em Man\u00e1gua.&lt;\/p&gt;\n\" data-large-file=\"https:\/\/i0.wp.com\/mundosemfim.com\/wp-content\/uploads\/2017\/05\/DSC_0001.jpg?fit=764%2C510&amp;ssl=1\" class=\"size-full wp-image-5746\" src=\"https:\/\/i0.wp.com\/mundosemfim.com\/wp-content\/uploads\/2017\/05\/DSC_0001.jpg?resize=764%2C510&#038;ssl=1\" alt=\"Antigo Pal\u00e1cio do Governo e atual Pal\u00e1cio da Cultura em Man\u00e1gua.\" width=\"764\" height=\"510\" srcset=\"https:\/\/i0.wp.com\/mundosemfim.com\/wp-content\/uploads\/2017\/05\/DSC_0001.jpg?w=1000&amp;ssl=1 1000w, https:\/\/i0.wp.com\/mundosemfim.com\/wp-content\/uploads\/2017\/05\/DSC_0001.jpg?resize=300%2C200&amp;ssl=1 300w, https:\/\/i0.wp.com\/mundosemfim.com\/wp-content\/uploads\/2017\/05\/DSC_0001.jpg?resize=768%2C512&amp;ssl=1 768w\" sizes=\"auto, (max-width: 764px) 100vw, 764px\" \/><figcaption id=\"caption-attachment-5746\" class=\"wp-caption-text\">Antigo Pal\u00e1cio do Governo e atual Pal\u00e1cio da Cultura em Man\u00e1gua.<\/figcaption><\/figure>\n<ul>\n<li>\n<h4><i><b>Plaza de la Revoluci\u00f3n<\/b><\/i><\/h4>\n<\/li>\n<\/ul>\n<p>Pra\u00e7a constru\u00edda em homenagem aos her\u00f3is nacionais que lutaram durante a Revolu\u00e7\u00e3o Sandinista. Ali h\u00e1 um mausol\u00e9u com homenagens a l\u00edderes e soldados que morreram defendendo os ideais sandinistas.<\/p>\n<figure id=\"attachment_5747\" aria-describedby=\"caption-attachment-5747\" style=\"width: 1000px\" class=\"wp-caption aligncenter\"><img data-recalc-dims=\"1\" loading=\"lazy\" decoding=\"async\" data-attachment-id=\"5747\" data-permalink=\"https:\/\/mundosemfim.com\/?attachment_id=5747\" data-orig-file=\"https:\/\/i0.wp.com\/mundosemfim.com\/wp-content\/uploads\/2017\/05\/DSC_0026.jpg?fit=1000%2C667&amp;ssl=1\" data-orig-size=\"1000,667\" data-comments-opened=\"1\" data-image-meta=\"{&quot;aperture&quot;:&quot;0&quot;,&quot;credit&quot;:&quot;&quot;,&quot;camera&quot;:&quot;&quot;,&quot;caption&quot;:&quot;&quot;,&quot;created_timestamp&quot;:&quot;0&quot;,&quot;copyright&quot;:&quot;&quot;,&quot;focal_length&quot;:&quot;0&quot;,&quot;iso&quot;:&quot;0&quot;,&quot;shutter_speed&quot;:&quot;0&quot;,&quot;title&quot;:&quot;&quot;,&quot;orientation&quot;:&quot;0&quot;}\" data-image-title=\"Man\u00e1gua\" data-image-description=\"&lt;p&gt;Homenagem aos her\u00f3is nacionais na Plaza de la Revoluci\u00f3n, em Man\u00e1gua&lt;\/p&gt;\n\" data-image-caption=\"&lt;p&gt;Homenagem aos her\u00f3is nacionais na Plaza de la Revoluci\u00f3n.&lt;\/p&gt;\n\" data-large-file=\"https:\/\/i0.wp.com\/mundosemfim.com\/wp-content\/uploads\/2017\/05\/DSC_0026.jpg?fit=764%2C510&amp;ssl=1\" class=\"size-full wp-image-5747\" src=\"https:\/\/i0.wp.com\/mundosemfim.com\/wp-content\/uploads\/2017\/05\/DSC_0026.jpg?resize=764%2C510&#038;ssl=1\" alt=\"Homenagem aos her\u00f3is nacionais na Plaza de la Revoluci\u00f3n, em Man\u00e1gua\" width=\"764\" height=\"510\" srcset=\"https:\/\/i0.wp.com\/mundosemfim.com\/wp-content\/uploads\/2017\/05\/DSC_0026.jpg?w=1000&amp;ssl=1 1000w, https:\/\/i0.wp.com\/mundosemfim.com\/wp-content\/uploads\/2017\/05\/DSC_0026.jpg?resize=300%2C200&amp;ssl=1 300w, https:\/\/i0.wp.com\/mundosemfim.com\/wp-content\/uploads\/2017\/05\/DSC_0026.jpg?resize=768%2C512&amp;ssl=1 768w\" sizes=\"auto, (max-width: 764px) 100vw, 764px\" \/><figcaption id=\"caption-attachment-5747\" class=\"wp-caption-text\">Homenagem aos her\u00f3is nacionais na Plaza de la Revoluci\u00f3n.<\/figcaption><\/figure>\n<ul>\n<li>\n<h4><i><b>Pra\u00e7a da F\u00e9 Jo\u00e3o Pablo II<\/b><\/i><\/h4>\n<\/li>\n<\/ul>\n<p>Uma pra\u00e7a constru\u00edda em homenagem ao Papa Jo\u00e3o Paulo II. N\u00e3o tem muita coisa al\u00e9m de um obelisco e um museu do outro lado da rua. Quando visitamos a cidade era feriado e o museu estava fechado.<\/p>\n<figure id=\"attachment_5748\" aria-describedby=\"caption-attachment-5748\" style=\"width: 1000px\" class=\"wp-caption aligncenter\"><img data-recalc-dims=\"1\" loading=\"lazy\" decoding=\"async\" data-attachment-id=\"5748\" data-permalink=\"https:\/\/mundosemfim.com\/?attachment_id=5748\" data-orig-file=\"https:\/\/i0.wp.com\/mundosemfim.com\/wp-content\/uploads\/2017\/05\/DSC_0039.jpg?fit=1000%2C667&amp;ssl=1\" data-orig-size=\"1000,667\" data-comments-opened=\"1\" data-image-meta=\"{&quot;aperture&quot;:&quot;0&quot;,&quot;credit&quot;:&quot;&quot;,&quot;camera&quot;:&quot;&quot;,&quot;caption&quot;:&quot;&quot;,&quot;created_timestamp&quot;:&quot;0&quot;,&quot;copyright&quot;:&quot;&quot;,&quot;focal_length&quot;:&quot;0&quot;,&quot;iso&quot;:&quot;0&quot;,&quot;shutter_speed&quot;:&quot;0&quot;,&quot;title&quot;:&quot;&quot;,&quot;orientation&quot;:&quot;0&quot;}\" data-image-title=\"Man\u00e1gua\" data-image-description=\"&lt;p&gt;Pra\u00e7a Jo\u00e3o Paulo II, em Man\u00e1gua&lt;\/p&gt;\n\" data-image-caption=\"&lt;p&gt;Pra\u00e7a Jo\u00e3o Paulo II&lt;\/p&gt;\n\" data-large-file=\"https:\/\/i0.wp.com\/mundosemfim.com\/wp-content\/uploads\/2017\/05\/DSC_0039.jpg?fit=764%2C510&amp;ssl=1\" class=\"size-full wp-image-5748\" src=\"https:\/\/i0.wp.com\/mundosemfim.com\/wp-content\/uploads\/2017\/05\/DSC_0039.jpg?resize=764%2C510&#038;ssl=1\" alt=\"Pra\u00e7a Jo\u00e3o Paulo II, em Man\u00e1gua\" width=\"764\" height=\"510\" srcset=\"https:\/\/i0.wp.com\/mundosemfim.com\/wp-content\/uploads\/2017\/05\/DSC_0039.jpg?w=1000&amp;ssl=1 1000w, https:\/\/i0.wp.com\/mundosemfim.com\/wp-content\/uploads\/2017\/05\/DSC_0039.jpg?resize=300%2C200&amp;ssl=1 300w, https:\/\/i0.wp.com\/mundosemfim.com\/wp-content\/uploads\/2017\/05\/DSC_0039.jpg?resize=768%2C512&amp;ssl=1 768w\" sizes=\"auto, (max-width: 764px) 100vw, 764px\" \/><figcaption id=\"caption-attachment-5748\" class=\"wp-caption-text\">Pra\u00e7a Jo\u00e3o Paulo II<\/figcaption><\/figure>\n<ul>\n<li>\n<h4><i><b>Malec\u00f3n<\/b><\/i><\/h4>\n<\/li>\n<\/ul>\n<p>Um cal\u00e7ad\u00e3o \u00e0 beira do lago, onde h\u00e1 uma est\u00e1tua em homenagem ao her\u00f3i venezuelano Sim\u00f3n Bolivar.<\/p>\n<p>Nesta pra\u00e7a costuma haver carrinhos vendendo comidas t\u00edpicas. Seria um bom lugar para passar a tarde, se n\u00e3o fosse o sol intenso&#8230;<\/p>\n<figure id=\"attachment_5749\" aria-describedby=\"caption-attachment-5749\" style=\"width: 1000px\" class=\"wp-caption aligncenter\"><img data-recalc-dims=\"1\" loading=\"lazy\" decoding=\"async\" data-attachment-id=\"5749\" data-permalink=\"https:\/\/mundosemfim.com\/?attachment_id=5749\" data-orig-file=\"https:\/\/i0.wp.com\/mundosemfim.com\/wp-content\/uploads\/2017\/05\/DSC_0040.jpg?fit=1000%2C667&amp;ssl=1\" data-orig-size=\"1000,667\" data-comments-opened=\"1\" data-image-meta=\"{&quot;aperture&quot;:&quot;0&quot;,&quot;credit&quot;:&quot;&quot;,&quot;camera&quot;:&quot;&quot;,&quot;caption&quot;:&quot;&quot;,&quot;created_timestamp&quot;:&quot;0&quot;,&quot;copyright&quot;:&quot;&quot;,&quot;focal_length&quot;:&quot;0&quot;,&quot;iso&quot;:&quot;0&quot;,&quot;shutter_speed&quot;:&quot;0&quot;,&quot;title&quot;:&quot;&quot;,&quot;orientation&quot;:&quot;0&quot;}\" data-image-title=\"Man\u00e1gua\" data-image-description=\"&lt;p&gt;Malec\u00f3n de Man\u00e1gua&lt;\/p&gt;\n\" data-image-caption=\"&lt;p&gt;Malec\u00f3n de Man\u00e1gua&lt;\/p&gt;\n\" data-large-file=\"https:\/\/i0.wp.com\/mundosemfim.com\/wp-content\/uploads\/2017\/05\/DSC_0040.jpg?fit=764%2C510&amp;ssl=1\" class=\"size-full wp-image-5749\" src=\"https:\/\/i0.wp.com\/mundosemfim.com\/wp-content\/uploads\/2017\/05\/DSC_0040.jpg?resize=764%2C510&#038;ssl=1\" alt=\"Malec\u00f3n de Man\u00e1gua\" width=\"764\" height=\"510\" srcset=\"https:\/\/i0.wp.com\/mundosemfim.com\/wp-content\/uploads\/2017\/05\/DSC_0040.jpg?w=1000&amp;ssl=1 1000w, https:\/\/i0.wp.com\/mundosemfim.com\/wp-content\/uploads\/2017\/05\/DSC_0040.jpg?resize=300%2C200&amp;ssl=1 300w, https:\/\/i0.wp.com\/mundosemfim.com\/wp-content\/uploads\/2017\/05\/DSC_0040.jpg?resize=768%2C512&amp;ssl=1 768w\" sizes=\"auto, (max-width: 764px) 100vw, 764px\" \/><figcaption id=\"caption-attachment-5749\" class=\"wp-caption-text\">Malec\u00f3n de Man\u00e1gua<\/figcaption><\/figure>\n<ul>\n<li>\n<h4><i><b>Casas-museus de Dar\u00edo e Sandino<\/b><\/i><\/h4>\n<\/li>\n<\/ul>\n<p>Seguindo pelo malec\u00f3n, encontram-se as r\u00e9plicas das casas dos personagens mais importantes do pa\u00eds: o revolucion\u00e1rio Sandino e o poeta Rub\u00e9n Dar\u00edo. \u00c9 poss\u00edvel visit\u00e1-las e ver objetos e roupas (originais e r\u00e9plicas) que teriam sido utilizados por estes personagens hist\u00f3ricos.<\/p>\n<p>Infelizmente, por conta do feriado, estas casas estavam fechadas quando estivemos pela cidade.<\/p>\n<figure id=\"attachment_5750\" aria-describedby=\"caption-attachment-5750\" style=\"width: 1000px\" class=\"wp-caption aligncenter\"><img data-recalc-dims=\"1\" loading=\"lazy\" decoding=\"async\" data-attachment-id=\"5750\" data-permalink=\"https:\/\/mundosemfim.com\/?attachment_id=5750\" data-orig-file=\"https:\/\/i0.wp.com\/mundosemfim.com\/wp-content\/uploads\/2017\/05\/DSC_0053.jpg?fit=1000%2C667&amp;ssl=1\" data-orig-size=\"1000,667\" data-comments-opened=\"1\" data-image-meta=\"{&quot;aperture&quot;:&quot;0&quot;,&quot;credit&quot;:&quot;&quot;,&quot;camera&quot;:&quot;&quot;,&quot;caption&quot;:&quot;&quot;,&quot;created_timestamp&quot;:&quot;0&quot;,&quot;copyright&quot;:&quot;&quot;,&quot;focal_length&quot;:&quot;0&quot;,&quot;iso&quot;:&quot;0&quot;,&quot;shutter_speed&quot;:&quot;0&quot;,&quot;title&quot;:&quot;&quot;,&quot;orientation&quot;:&quot;0&quot;}\" data-image-title=\"Man\u00e1gua\" data-image-description=\"&lt;p&gt;Casas-museus de Man\u00e1gua&lt;\/p&gt;\n\" data-image-caption=\"&lt;p&gt;Casas-museus de Man\u00e1gua&lt;\/p&gt;\n\" data-large-file=\"https:\/\/i0.wp.com\/mundosemfim.com\/wp-content\/uploads\/2017\/05\/DSC_0053.jpg?fit=764%2C510&amp;ssl=1\" class=\"size-full wp-image-5750\" src=\"https:\/\/i0.wp.com\/mundosemfim.com\/wp-content\/uploads\/2017\/05\/DSC_0053.jpg?resize=764%2C510&#038;ssl=1\" alt=\"Casas-museus de Man\u00e1gua\" width=\"764\" height=\"510\" srcset=\"https:\/\/i0.wp.com\/mundosemfim.com\/wp-content\/uploads\/2017\/05\/DSC_0053.jpg?w=1000&amp;ssl=1 1000w, https:\/\/i0.wp.com\/mundosemfim.com\/wp-content\/uploads\/2017\/05\/DSC_0053.jpg?resize=300%2C200&amp;ssl=1 300w, https:\/\/i0.wp.com\/mundosemfim.com\/wp-content\/uploads\/2017\/05\/DSC_0053.jpg?resize=768%2C512&amp;ssl=1 768w\" sizes=\"auto, (max-width: 764px) 100vw, 764px\" \/><figcaption id=\"caption-attachment-5750\" class=\"wp-caption-text\">Casas-museus de Man\u00e1gua<\/figcaption><\/figure>\n<p>\u00c9 isso pessoal! Espero que tenham curtido o recorrido por Man\u00e1gua.<\/p>\n<p>Para mais dicas legais e acompanhar nossa viagem pelo mundo, curtam nossa p\u00e1gina no face:<br \/>\n<a href=\"http:\/\/www.facebook.com\/mundosemfimoficial\">www.facebook.com\/mundosemfimoficial<\/a><\/p>\n<p><span style=\"border-radius: 2px; text-indent: 20px; width: auto; padding: 0px 4px 0px 0px; text-align: center; font: bold 11px\/20px 'Helvetica Neue',Helvetica,sans-serif; color: #ffffff; background: #bd081c  no-repeat scroll 3px 50% \/ 14px 14px; position: absolute; opacity: 1; z-index: 8675309; display: none; cursor: pointer; top: 4591px; left: 20px;\">Salvar<\/span><\/p>\n","protected":false},"excerpt":{"rendered":"<p>Muitas vezes ignorada pelos viajantes, Man\u00e1gua \u00e9 uma cidade muito interessante, que merece ao menos 1 dia das suas f\u00e9rias. F\u00e1cil de ser percorrida a p\u00e9 e diferente de qualquer outra capital que voc\u00ea j\u00e1 conheceu, Man\u00e1gua certamente te surpreender\u00e1!<\/p>\n","protected":false},"author":1,"featured_media":5740,"comment_status":"open","ping_status":"open","sticky":false,"template":"","format":"standard","meta":{"jetpack_post_was_ever_published":false,"_jetpack_newsletter_access":"","_jetpack_dont_email_post_to_subs":true,"_jetpack_newsletter_tier_id":0,"_jetpack_memberships_contains_paywalled_content":false,"_jetpack_memberships_contains_paid_content":false,"footnotes":"","jetpack_publicize_message":"","jetpack_publicize_feature_enabled":true,"jetpack_social_post_already_shared":true,"jetpack_social_options":{"image_generator_settings":{"template":"highway","default_image_id":0,"font":"","enabled":false},"version":2}},"categories":[382,7,396,16,397,390],"tags":[],"class_list":["post-5739","post","type-post","status-publish","format-standard","has-post-thumbnail","hentry","category-america-central","category-america-latina","category-capital","category-cidade","category-managua","category-nicaragua"],"yoast_head":"<!-- This site is optimized with the Yoast SEO plugin v27.5 - https:\/\/yoast.com\/product\/yoast-seo-wordpress\/ -->\n<title>Visitando Man\u00e1gua, a moderna capital da Nicar\u00e1gua - Mundo Sem Fim<\/title>\n<meta name=\"robots\" content=\"index, follow, max-snippet:-1, max-image-preview:large, max-video-preview:-1\" \/>\n<link rel=\"canonical\" href=\"https:\/\/mundosemfim.com\/?p=5739\" \/>\n<meta property=\"og:locale\" content=\"pt_BR\" \/>\n<meta property=\"og:type\" content=\"article\" \/>\n<meta property=\"og:title\" content=\"Visitando Man\u00e1gua, a moderna capital da Nicar\u00e1gua - Mundo Sem Fim\" \/>\n<meta property=\"og:description\" content=\"Muitas vezes ignorada pelos viajantes, Man\u00e1gua \u00e9 uma cidade muito interessante, que merece ao menos 1 dia das suas f\u00e9rias. F\u00e1cil de ser percorrida a p\u00e9 e diferente de qualquer outra capital que voc\u00ea j\u00e1 conheceu, Man\u00e1gua certamente te surpreender\u00e1!\" \/>\n<meta property=\"og:url\" content=\"https:\/\/mundosemfim.com\/?p=5739\" \/>\n<meta property=\"og:site_name\" content=\"Mundo Sem Fim\" \/>\n<meta property=\"article:publisher\" content=\"http:\/\/www.facebook.com\/mundosemfimoficial\" \/>\n<meta property=\"article:published_time\" content=\"2017-05-03T23:28:58+00:00\" \/>\n<meta property=\"article:modified_time\" content=\"2017-07-14T03:07:37+00:00\" \/>\n<meta property=\"og:image\" content=\"https:\/\/i0.wp.com\/mundosemfim.com\/wp-content\/uploads\/2017\/05\/DSC_0025.jpg?fit=1000%2C667&ssl=1\" \/>\n\t<meta property=\"og:image:width\" content=\"1000\" \/>\n\t<meta property=\"og:image:height\" content=\"667\" \/>\n\t<meta property=\"og:image:type\" content=\"image\/jpeg\" \/>\n<meta name=\"author\" content=\"Renan\" \/>\n<meta name=\"twitter:card\" content=\"summary_large_image\" \/>\n<meta name=\"twitter:label1\" content=\"Escrito por\" \/>\n\t<meta name=\"twitter:data1\" content=\"Renan\" \/>\n\t<meta name=\"twitter:label2\" content=\"Est. tempo de leitura\" \/>\n\t<meta name=\"twitter:data2\" content=\"6 minutos\" \/>\n<script type=\"application\/ld+json\" class=\"yoast-schema-graph\">{\"@context\":\"https:\\\/\\\/schema.org\",\"@graph\":[{\"@type\":\"Article\",\"@id\":\"https:\\\/\\\/mundosemfim.com\\\/?p=5739#article\",\"isPartOf\":{\"@id\":\"https:\\\/\\\/mundosemfim.com\\\/?p=5739\"},\"author\":{\"name\":\"Renan\",\"@id\":\"https:\\\/\\\/mundosemfim.com\\\/#\\\/schema\\\/person\\\/b021d50f3a19bae432e9b69ffbfa9257\"},\"headline\":\"Visitando Man\u00e1gua, a moderna capital da Nicar\u00e1gua\",\"datePublished\":\"2017-05-03T23:28:58+00:00\",\"dateModified\":\"2017-07-14T03:07:37+00:00\",\"mainEntityOfPage\":{\"@id\":\"https:\\\/\\\/mundosemfim.com\\\/?p=5739\"},\"wordCount\":1231,\"commentCount\":3,\"image\":{\"@id\":\"https:\\\/\\\/mundosemfim.com\\\/?p=5739#primaryimage\"},\"thumbnailUrl\":\"https:\\\/\\\/i0.wp.com\\\/mundosemfim.com\\\/wp-content\\\/uploads\\\/2017\\\/05\\\/DSC_0025.jpg?fit=1000%2C667&ssl=1\",\"articleSection\":[\"Am\u00e9rica Central\",\"am\u00e9rica latina\",\"capital\",\"cidade\",\"Man\u00e1gua\",\"Nicar\u00e1gua\"],\"inLanguage\":\"pt-BR\",\"potentialAction\":[{\"@type\":\"CommentAction\",\"name\":\"Comment\",\"target\":[\"https:\\\/\\\/mundosemfim.com\\\/?p=5739#respond\"]}]},{\"@type\":\"WebPage\",\"@id\":\"https:\\\/\\\/mundosemfim.com\\\/?p=5739\",\"url\":\"https:\\\/\\\/mundosemfim.com\\\/?p=5739\",\"name\":\"Visitando Man\u00e1gua, a moderna capital da Nicar\u00e1gua - Mundo Sem Fim\",\"isPartOf\":{\"@id\":\"https:\\\/\\\/mundosemfim.com\\\/#website\"},\"primaryImageOfPage\":{\"@id\":\"https:\\\/\\\/mundosemfim.com\\\/?p=5739#primaryimage\"},\"image\":{\"@id\":\"https:\\\/\\\/mundosemfim.com\\\/?p=5739#primaryimage\"},\"thumbnailUrl\":\"https:\\\/\\\/i0.wp.com\\\/mundosemfim.com\\\/wp-content\\\/uploads\\\/2017\\\/05\\\/DSC_0025.jpg?fit=1000%2C667&ssl=1\",\"datePublished\":\"2017-05-03T23:28:58+00:00\",\"dateModified\":\"2017-07-14T03:07:37+00:00\",\"author\":{\"@id\":\"https:\\\/\\\/mundosemfim.com\\\/#\\\/schema\\\/person\\\/b021d50f3a19bae432e9b69ffbfa9257\"},\"breadcrumb\":{\"@id\":\"https:\\\/\\\/mundosemfim.com\\\/?p=5739#breadcrumb\"},\"inLanguage\":\"pt-BR\",\"potentialAction\":[{\"@type\":\"ReadAction\",\"target\":[\"https:\\\/\\\/mundosemfim.com\\\/?p=5739\"]}]},{\"@type\":\"ImageObject\",\"inLanguage\":\"pt-BR\",\"@id\":\"https:\\\/\\\/mundosemfim.com\\\/?p=5739#primaryimage\",\"url\":\"https:\\\/\\\/i0.wp.com\\\/mundosemfim.com\\\/wp-content\\\/uploads\\\/2017\\\/05\\\/DSC_0025.jpg?fit=1000%2C667&ssl=1\",\"contentUrl\":\"https:\\\/\\\/i0.wp.com\\\/mundosemfim.com\\\/wp-content\\\/uploads\\\/2017\\\/05\\\/DSC_0025.jpg?fit=1000%2C667&ssl=1\",\"width\":1000,\"height\":667,\"caption\":\"Na Plaza de la Revoluci\u00f3n, com o Pal\u00e1cio da Cultura \u00e0 direita e a antiga catedral \u00e0 esquerda.\"},{\"@type\":\"BreadcrumbList\",\"@id\":\"https:\\\/\\\/mundosemfim.com\\\/?p=5739#breadcrumb\",\"itemListElement\":[{\"@type\":\"ListItem\",\"position\":1,\"name\":\"In\u00edcio\",\"item\":\"https:\\\/\\\/mundosemfim.com\\\/\"},{\"@type\":\"ListItem\",\"position\":2,\"name\":\"Visitando Man\u00e1gua, a moderna capital da Nicar\u00e1gua\"}]},{\"@type\":\"WebSite\",\"@id\":\"https:\\\/\\\/mundosemfim.com\\\/#website\",\"url\":\"https:\\\/\\\/mundosemfim.com\\\/\",\"name\":\"Mundo Sem Fim\",\"description\":\"uma viagem de volta ao mundo pelos 5 continentes!\",\"potentialAction\":[{\"@type\":\"SearchAction\",\"target\":{\"@type\":\"EntryPoint\",\"urlTemplate\":\"https:\\\/\\\/mundosemfim.com\\\/?s={search_term_string}\"},\"query-input\":{\"@type\":\"PropertyValueSpecification\",\"valueRequired\":true,\"valueName\":\"search_term_string\"}}],\"inLanguage\":\"pt-BR\"},{\"@type\":\"Person\",\"@id\":\"https:\\\/\\\/mundosemfim.com\\\/#\\\/schema\\\/person\\\/b021d50f3a19bae432e9b69ffbfa9257\",\"name\":\"Renan\",\"image\":{\"@type\":\"ImageObject\",\"inLanguage\":\"pt-BR\",\"@id\":\"https:\\\/\\\/secure.gravatar.com\\\/avatar\\\/faafca769a603ac75196d21826f3bda645d7e2d6306bb6e236d8cdb38eb44e38?s=96&d=mm&r=g\",\"url\":\"https:\\\/\\\/secure.gravatar.com\\\/avatar\\\/faafca769a603ac75196d21826f3bda645d7e2d6306bb6e236d8cdb38eb44e38?s=96&d=mm&r=g\",\"contentUrl\":\"https:\\\/\\\/secure.gravatar.com\\\/avatar\\\/faafca769a603ac75196d21826f3bda645d7e2d6306bb6e236d8cdb38eb44e38?s=96&d=mm&r=g\",\"caption\":\"Renan\"}}]}<\/script>\n<!-- \/ Yoast SEO plugin. -->","yoast_head_json":{"title":"Visitando Man\u00e1gua, a moderna capital da Nicar\u00e1gua - Mundo Sem Fim","robots":{"index":"index","follow":"follow","max-snippet":"max-snippet:-1","max-image-preview":"max-image-preview:large","max-video-preview":"max-video-preview:-1"},"canonical":"https:\/\/mundosemfim.com\/?p=5739","og_locale":"pt_BR","og_type":"article","og_title":"Visitando Man\u00e1gua, a moderna capital da Nicar\u00e1gua - Mundo Sem Fim","og_description":"Muitas vezes ignorada pelos viajantes, Man\u00e1gua \u00e9 uma cidade muito interessante, que merece ao menos 1 dia das suas f\u00e9rias. F\u00e1cil de ser percorrida a p\u00e9 e diferente de qualquer outra capital que voc\u00ea j\u00e1 conheceu, Man\u00e1gua certamente te surpreender\u00e1!","og_url":"https:\/\/mundosemfim.com\/?p=5739","og_site_name":"Mundo Sem Fim","article_publisher":"http:\/\/www.facebook.com\/mundosemfimoficial","article_published_time":"2017-05-03T23:28:58+00:00","article_modified_time":"2017-07-14T03:07:37+00:00","og_image":[{"width":1000,"height":667,"url":"https:\/\/i0.wp.com\/mundosemfim.com\/wp-content\/uploads\/2017\/05\/DSC_0025.jpg?fit=1000%2C667&ssl=1","type":"image\/jpeg"}],"author":"Renan","twitter_card":"summary_large_image","twitter_misc":{"Escrito por":"Renan","Est. tempo de leitura":"6 minutos"},"schema":{"@context":"https:\/\/schema.org","@graph":[{"@type":"Article","@id":"https:\/\/mundosemfim.com\/?p=5739#article","isPartOf":{"@id":"https:\/\/mundosemfim.com\/?p=5739"},"author":{"name":"Renan","@id":"https:\/\/mundosemfim.com\/#\/schema\/person\/b021d50f3a19bae432e9b69ffbfa9257"},"headline":"Visitando Man\u00e1gua, a moderna capital da Nicar\u00e1gua","datePublished":"2017-05-03T23:28:58+00:00","dateModified":"2017-07-14T03:07:37+00:00","mainEntityOfPage":{"@id":"https:\/\/mundosemfim.com\/?p=5739"},"wordCount":1231,"commentCount":3,"image":{"@id":"https:\/\/mundosemfim.com\/?p=5739#primaryimage"},"thumbnailUrl":"https:\/\/i0.wp.com\/mundosemfim.com\/wp-content\/uploads\/2017\/05\/DSC_0025.jpg?fit=1000%2C667&ssl=1","articleSection":["Am\u00e9rica Central","am\u00e9rica latina","capital","cidade","Man\u00e1gua","Nicar\u00e1gua"],"inLanguage":"pt-BR","potentialAction":[{"@type":"CommentAction","name":"Comment","target":["https:\/\/mundosemfim.com\/?p=5739#respond"]}]},{"@type":"WebPage","@id":"https:\/\/mundosemfim.com\/?p=5739","url":"https:\/\/mundosemfim.com\/?p=5739","name":"Visitando Man\u00e1gua, a moderna capital da Nicar\u00e1gua - Mundo Sem Fim","isPartOf":{"@id":"https:\/\/mundosemfim.com\/#website"},"primaryImageOfPage":{"@id":"https:\/\/mundosemfim.com\/?p=5739#primaryimage"},"image":{"@id":"https:\/\/mundosemfim.com\/?p=5739#primaryimage"},"thumbnailUrl":"https:\/\/i0.wp.com\/mundosemfim.com\/wp-content\/uploads\/2017\/05\/DSC_0025.jpg?fit=1000%2C667&ssl=1","datePublished":"2017-05-03T23:28:58+00:00","dateModified":"2017-07-14T03:07:37+00:00","author":{"@id":"https:\/\/mundosemfim.com\/#\/schema\/person\/b021d50f3a19bae432e9b69ffbfa9257"},"breadcrumb":{"@id":"https:\/\/mundosemfim.com\/?p=5739#breadcrumb"},"inLanguage":"pt-BR","potentialAction":[{"@type":"ReadAction","target":["https:\/\/mundosemfim.com\/?p=5739"]}]},{"@type":"ImageObject","inLanguage":"pt-BR","@id":"https:\/\/mundosemfim.com\/?p=5739#primaryimage","url":"https:\/\/i0.wp.com\/mundosemfim.com\/wp-content\/uploads\/2017\/05\/DSC_0025.jpg?fit=1000%2C667&ssl=1","contentUrl":"https:\/\/i0.wp.com\/mundosemfim.com\/wp-content\/uploads\/2017\/05\/DSC_0025.jpg?fit=1000%2C667&ssl=1","width":1000,"height":667,"caption":"Na Plaza de la Revoluci\u00f3n, com o Pal\u00e1cio da Cultura \u00e0 direita e a antiga catedral \u00e0 esquerda."},{"@type":"BreadcrumbList","@id":"https:\/\/mundosemfim.com\/?p=5739#breadcrumb","itemListElement":[{"@type":"ListItem","position":1,"name":"In\u00edcio","item":"https:\/\/mundosemfim.com\/"},{"@type":"ListItem","position":2,"name":"Visitando Man\u00e1gua, a moderna capital da Nicar\u00e1gua"}]},{"@type":"WebSite","@id":"https:\/\/mundosemfim.com\/#website","url":"https:\/\/mundosemfim.com\/","name":"Mundo Sem Fim","description":"uma viagem de volta ao mundo pelos 5 continentes!","potentialAction":[{"@type":"SearchAction","target":{"@type":"EntryPoint","urlTemplate":"https:\/\/mundosemfim.com\/?s={search_term_string}"},"query-input":{"@type":"PropertyValueSpecification","valueRequired":true,"valueName":"search_term_string"}}],"inLanguage":"pt-BR"},{"@type":"Person","@id":"https:\/\/mundosemfim.com\/#\/schema\/person\/b021d50f3a19bae432e9b69ffbfa9257","name":"Renan","image":{"@type":"ImageObject","inLanguage":"pt-BR","@id":"https:\/\/secure.gravatar.com\/avatar\/faafca769a603ac75196d21826f3bda645d7e2d6306bb6e236d8cdb38eb44e38?s=96&d=mm&r=g","url":"https:\/\/secure.gravatar.com\/avatar\/faafca769a603ac75196d21826f3bda645d7e2d6306bb6e236d8cdb38eb44e38?s=96&d=mm&r=g","contentUrl":"https:\/\/secure.gravatar.com\/avatar\/faafca769a603ac75196d21826f3bda645d7e2d6306bb6e236d8cdb38eb44e38?s=96&d=mm&r=g","caption":"Renan"}}]}},"jetpack_publicize_connections":[],"jetpack_featured_media_url":"https:\/\/i0.wp.com\/mundosemfim.com\/wp-content\/uploads\/2017\/05\/DSC_0025.jpg?fit=1000%2C667&ssl=1","jetpack_sharing_enabled":true,"jetpack_shortlink":"https:\/\/wp.me\/p7CQyF-1uz","jetpack-related-posts":[{"id":5816,"url":"https:\/\/mundosemfim.com\/?p=5816","url_meta":{"origin":5739,"position":0},"title":"Mochil\u00e3o pela Nicar\u00e1gua \u2013 roteiro, gastos, dicas, fotos, etc","author":"Renan","date":"maio 14, 2017","format":false,"excerpt":"Com belas praias, in\u00fameros vulc\u00f5es, um povo alegre e um custo de vida baixo, a Nicar\u00e1gua \u00e9 um pa\u00eds que cada vez atrai mais turistas. Que tal consider\u00e1-la para as pr\u00f3ximas f\u00e9rias? C\u00e2mbio oficial (maio\/2017) 1 real = 9,35 c\u00f3rdobas 1 d\u00f3lar = 29,80 c\u00f3rdobas Nicar\u00e1gua Quem visita este pa\u00eds\u2026","rel":"","context":"Em &quot;Am\u00e9rica Central&quot;","block_context":{"text":"Am\u00e9rica Central","link":"https:\/\/mundosemfim.com\/?cat=382"},"img":{"alt_text":"Os dois vulc\u00f5es da ilha Ometepe, vista da Punta Jes\u00fas Mar\u00eda","src":"https:\/\/i0.wp.com\/mundosemfim.com\/wp-content\/uploads\/2017\/04\/DSC_0021-3.jpg?fit=1000%2C667&ssl=1&resize=350%2C200","width":350,"height":200,"srcset":"https:\/\/i0.wp.com\/mundosemfim.com\/wp-content\/uploads\/2017\/04\/DSC_0021-3.jpg?fit=1000%2C667&ssl=1&resize=350%2C200 1x, https:\/\/i0.wp.com\/mundosemfim.com\/wp-content\/uploads\/2017\/04\/DSC_0021-3.jpg?fit=1000%2C667&ssl=1&resize=525%2C300 1.5x, https:\/\/i0.wp.com\/mundosemfim.com\/wp-content\/uploads\/2017\/04\/DSC_0021-3.jpg?fit=1000%2C667&ssl=1&resize=700%2C400 2x"},"classes":[]},{"id":5759,"url":"https:\/\/mundosemfim.com\/?p=5759","url_meta":{"origin":5739,"position":1},"title":"Visitando Le\u00f3n \u2013 uma linda cidade colonial na Nicar\u00e1gua","author":"Renan","date":"maio 6, 2017","format":false,"excerpt":"Rica em hist\u00f3ria, vibrante e com uma catedral declarada Patrim\u00f4nio da Humanidade pela UNESCO, Le\u00f3n foi uma das nossas cidades favoritas da Nicar\u00e1gua. Ah, isso sem falar da possibilidade de pegar um tour para fazer sandboard vulc\u00e3o abaixo. Curtiu? Pegue todas as dicas aqui para aproveit\u00e1-la ao m\u00e1ximo! C\u00e2mbio oficial\u2026","rel":"","context":"Em &quot;Am\u00e9rica Central&quot;","block_context":{"text":"Am\u00e9rica Central","link":"https:\/\/mundosemfim.com\/?cat=382"},"img":{"alt_text":"Catedral de Le\u00f3n, Nicar\u00e1gua","src":"https:\/\/i0.wp.com\/mundosemfim.com\/wp-content\/uploads\/2017\/05\/DSC_0156.jpg?fit=1000%2C667&ssl=1&resize=350%2C200","width":350,"height":200,"srcset":"https:\/\/i0.wp.com\/mundosemfim.com\/wp-content\/uploads\/2017\/05\/DSC_0156.jpg?fit=1000%2C667&ssl=1&resize=350%2C200 1x, https:\/\/i0.wp.com\/mundosemfim.com\/wp-content\/uploads\/2017\/05\/DSC_0156.jpg?fit=1000%2C667&ssl=1&resize=525%2C300 1.5x, https:\/\/i0.wp.com\/mundosemfim.com\/wp-content\/uploads\/2017\/05\/DSC_0156.jpg?fit=1000%2C667&ssl=1&resize=700%2C400 2x"},"classes":[]},{"id":5719,"url":"https:\/\/mundosemfim.com\/?p=5719","url_meta":{"origin":5739,"position":2},"title":"Conhecendo Granada \u2013 a bela cidade colonial da Nicar\u00e1gua","author":"Renan","date":"maio 1, 2017","format":false,"excerpt":"Com belas constru\u00e7\u00f5es coloniais e uma fervilhante cultura latina, Granada \u00e9 a Nicar\u00e1gua em seu estado puro. Quer conhecer este pa\u00eds? N\u00e3o deixe de visit\u00e1-la. Est\u00e1 pertinho da capital! C\u00e2mbio oficial (abril\/2017) 1 real = 9,40 c\u00f3rdobas 1 d\u00f3lar = 29,80 c\u00f3rdobas Fundada em 1524, Granada ostenta o t\u00edtulo de\u2026","rel":"","context":"Em &quot;am\u00e9rica latina&quot;","block_context":{"text":"am\u00e9rica latina","link":"https:\/\/mundosemfim.com\/?cat=7"},"img":{"alt_text":"Granada, Nicar\u00e1gua","src":"https:\/\/i0.wp.com\/mundosemfim.com\/wp-content\/uploads\/2017\/05\/DSC_0026-2.jpg?fit=1000%2C667&ssl=1&resize=350%2C200","width":350,"height":200,"srcset":"https:\/\/i0.wp.com\/mundosemfim.com\/wp-content\/uploads\/2017\/05\/DSC_0026-2.jpg?fit=1000%2C667&ssl=1&resize=350%2C200 1x, https:\/\/i0.wp.com\/mundosemfim.com\/wp-content\/uploads\/2017\/05\/DSC_0026-2.jpg?fit=1000%2C667&ssl=1&resize=525%2C300 1.5x, https:\/\/i0.wp.com\/mundosemfim.com\/wp-content\/uploads\/2017\/05\/DSC_0026-2.jpg?fit=1000%2C667&ssl=1&resize=700%2C400 2x"},"classes":[]},{"id":5708,"url":"https:\/\/mundosemfim.com\/?p=5708","url_meta":{"origin":5739,"position":3},"title":"Conhe\u00e7a o vulc\u00e3o Masaya (Nicar\u00e1gua) e veja lava em sua cratera!","author":"Renan","date":"abril 30, 2017","format":false,"excerpt":"J\u00e1 subimos a muitos vulc\u00f5es, mas nunca hav\u00edamos tido a oportunidade de ver lava dentro de sua cratera. Isso at\u00e9 agora: na Nicar\u00e1gua, conseguimos realizar nosso sonho, e sem gastar muito! Veja aqui\u00a0todos os detalhes para explorar o vulc\u00e3o ativo Masaya. C\u00e2mbio oficial (abril\/2017) 1 real = 9,40 c\u00f3rdobas 1\u2026","rel":"","context":"Em &quot;Am\u00e9rica Central&quot;","block_context":{"text":"Am\u00e9rica Central","link":"https:\/\/mundosemfim.com\/?cat=382"},"img":{"alt_text":"","src":"https:\/\/i0.wp.com\/mundosemfim.com\/wp-content\/uploads\/2017\/04\/DSC_0099-1.jpg?fit=996%2C474&ssl=1&resize=350%2C200","width":350,"height":200,"srcset":"https:\/\/i0.wp.com\/mundosemfim.com\/wp-content\/uploads\/2017\/04\/DSC_0099-1.jpg?fit=996%2C474&ssl=1&resize=350%2C200 1x, https:\/\/i0.wp.com\/mundosemfim.com\/wp-content\/uploads\/2017\/04\/DSC_0099-1.jpg?fit=996%2C474&ssl=1&resize=525%2C300 1.5x, https:\/\/i0.wp.com\/mundosemfim.com\/wp-content\/uploads\/2017\/04\/DSC_0099-1.jpg?fit=996%2C474&ssl=1&resize=700%2C400 2x"},"classes":[]},{"id":5653,"url":"https:\/\/mundosemfim.com\/?p=5653","url_meta":{"origin":5739,"position":4},"title":"Cruzando a fronteira Costa Rica \u2013 Nicar\u00e1gua por Pe\u00f1as Blancas","author":"Renan","date":"abril 20, 2017","format":false,"excerpt":"Seguindo nosso recorrido pela Am\u00e9rica Central, aqui contamos como foi cruzar a fronteira da Costa Rica com a Nicar\u00e1gua por terra! C\u00e2mbio oficial (abril\/2017) 1 real = 178 colones (dinheiro da Costa Rica) 1 real = 9,45 c\u00f3rdobas (dinheiro da Nicar\u00e1gua) 1 d\u00f3lar = 3,16 reais Seguindo nossa viagem pela\u2026","rel":"","context":"Em &quot;Am\u00e9rica Central&quot;","block_context":{"text":"Am\u00e9rica Central","link":"https:\/\/mundosemfim.com\/?cat=382"},"img":{"alt_text":"Cruzando a fronteira Costa Rica - Nicar\u00e1gua por Pe\u00f1as Blancas.","src":"https:\/\/i0.wp.com\/mundosemfim.com\/wp-content\/uploads\/2017\/04\/P4200022.jpg?fit=1000%2C667&ssl=1&resize=350%2C200","width":350,"height":200,"srcset":"https:\/\/i0.wp.com\/mundosemfim.com\/wp-content\/uploads\/2017\/04\/P4200022.jpg?fit=1000%2C667&ssl=1&resize=350%2C200 1x, https:\/\/i0.wp.com\/mundosemfim.com\/wp-content\/uploads\/2017\/04\/P4200022.jpg?fit=1000%2C667&ssl=1&resize=525%2C300 1.5x, https:\/\/i0.wp.com\/mundosemfim.com\/wp-content\/uploads\/2017\/04\/P4200022.jpg?fit=1000%2C667&ssl=1&resize=700%2C400 2x"},"classes":[]},{"id":6731,"url":"https:\/\/mundosemfim.com\/?p=6731","url_meta":{"origin":5739,"position":5},"title":"10 curiosidades sobre a Nicar\u00e1gua","author":"Renan","date":"setembro 17, 2017","format":false,"excerpt":"A Nicar\u00e1gua foi um dos nossos pa\u00edses preferidos da Am\u00e9rica Central. Pouco conhecido at\u00e9 algumas d\u00e9cadas atr\u00e1s, hoje \u00e9 um dos principais destinos tur\u00edsticos daqueles que se aventuram por este continente. Aqui listamos algumas curiosidades de l\u00e1! 1. A Nicar\u00e1gua est\u00e1 com planos de construir um canal ligando o oceano\u2026","rel":"","context":"Em &quot;Am\u00e9rica Central&quot;","block_context":{"text":"Am\u00e9rica Central","link":"https:\/\/mundosemfim.com\/?cat=382"},"img":{"alt_text":"","src":"https:\/\/i0.wp.com\/mundosemfim.com\/wp-content\/uploads\/2017\/09\/Nicara30.jpg?fit=550%2C329&ssl=1&resize=350%2C200","width":350,"height":200,"srcset":"https:\/\/i0.wp.com\/mundosemfim.com\/wp-content\/uploads\/2017\/09\/Nicara30.jpg?fit=550%2C329&ssl=1&resize=350%2C200 1x, https:\/\/i0.wp.com\/mundosemfim.com\/wp-content\/uploads\/2017\/09\/Nicara30.jpg?fit=550%2C329&ssl=1&resize=525%2C300 1.5x"},"classes":[]}],"_links":{"self":[{"href":"https:\/\/mundosemfim.com\/index.php?rest_route=\/wp\/v2\/posts\/5739","targetHints":{"allow":["GET"]}}],"collection":[{"href":"https:\/\/mundosemfim.com\/index.php?rest_route=\/wp\/v2\/posts"}],"about":[{"href":"https:\/\/mundosemfim.com\/index.php?rest_route=\/wp\/v2\/types\/post"}],"author":[{"embeddable":true,"href":"https:\/\/mundosemfim.com\/index.php?rest_route=\/wp\/v2\/users\/1"}],"replies":[{"embeddable":true,"href":"https:\/\/mundosemfim.com\/index.php?rest_route=%2Fwp%2Fv2%2Fcomments&post=5739"}],"version-history":[{"count":4,"href":"https:\/\/mundosemfim.com\/index.php?rest_route=\/wp\/v2\/posts\/5739\/revisions"}],"predecessor-version":[{"id":6199,"href":"https:\/\/mundosemfim.com\/index.php?rest_route=\/wp\/v2\/posts\/5739\/revisions\/6199"}],"wp:featuredmedia":[{"embeddable":true,"href":"https:\/\/mundosemfim.com\/index.php?rest_route=\/wp\/v2\/media\/5740"}],"wp:attachment":[{"href":"https:\/\/mundosemfim.com\/index.php?rest_route=%2Fwp%2Fv2%2Fmedia&parent=5739"}],"wp:term":[{"taxonomy":"category","embeddable":true,"href":"https:\/\/mundosemfim.com\/index.php?rest_route=%2Fwp%2Fv2%2Fcategories&post=5739"},{"taxonomy":"post_tag","embeddable":true,"href":"https:\/\/mundosemfim.com\/index.php?rest_route=%2Fwp%2Fv2%2Ftags&post=5739"}],"curies":[{"name":"wp","href":"https:\/\/api.w.org\/{rel}","templated":true}]}}