{"id":5719,"date":"2017-05-01T23:17:09","date_gmt":"2017-05-02T02:17:09","guid":{"rendered":"https:\/\/mundosemfim.com\/?p=5719"},"modified":"2017-09-23T00:51:37","modified_gmt":"2017-09-23T03:51:37","slug":"conhecendo-granada-bela-cidade-colonial-da-nicaragua","status":"publish","type":"post","link":"https:\/\/mundosemfim.com\/?p=5719","title":{"rendered":"Conhecendo Granada \u2013 a bela cidade colonial da Nicar\u00e1gua"},"content":{"rendered":"<p>Com belas constru\u00e7\u00f5es coloniais e uma fervilhante cultura latina, Granada \u00e9 a <a href=\"https:\/\/mundosemfim.com\/mochilao-pela-nicaragua-roteiro-gastos-dicas-fotos-etc\/\">Nicar\u00e1gua<\/a> em seu estado puro.<\/p>\n<p>Quer conhecer este pa\u00eds? N\u00e3o deixe de visit\u00e1-la. Est\u00e1 pertinho da capital!<\/p>\n<p><!--more--><\/p>\n<p><b>C\u00e2mbio oficial (abril\/2017)<br \/>\n<\/b>1 real = 9,40 c\u00f3rdobas<br \/>\n1 d\u00f3lar = 29,80 c\u00f3rdobas<\/p>\n<figure id=\"attachment_5727\" aria-describedby=\"caption-attachment-5727\" style=\"width: 1000px\" class=\"wp-caption aligncenter\"><img data-recalc-dims=\"1\" loading=\"lazy\" decoding=\"async\" data-attachment-id=\"5727\" data-permalink=\"https:\/\/mundosemfim.com\/?attachment_id=5727\" data-orig-file=\"https:\/\/i0.wp.com\/mundosemfim.com\/wp-content\/uploads\/2017\/05\/DSC_0026-2.jpg?fit=1000%2C667&amp;ssl=1\" data-orig-size=\"1000,667\" data-comments-opened=\"1\" data-image-meta=\"{&quot;aperture&quot;:&quot;0&quot;,&quot;credit&quot;:&quot;&quot;,&quot;camera&quot;:&quot;&quot;,&quot;caption&quot;:&quot;&quot;,&quot;created_timestamp&quot;:&quot;0&quot;,&quot;copyright&quot;:&quot;&quot;,&quot;focal_length&quot;:&quot;0&quot;,&quot;iso&quot;:&quot;0&quot;,&quot;shutter_speed&quot;:&quot;0&quot;,&quot;title&quot;:&quot;&quot;,&quot;orientation&quot;:&quot;0&quot;}\" data-image-title=\"Granada\" data-image-description=\"&lt;p&gt;Granada, Nicar\u00e1gua&lt;\/p&gt;\n\" data-image-caption=\"&lt;p&gt;Bela vista de Granada&lt;\/p&gt;\n\" data-large-file=\"https:\/\/i0.wp.com\/mundosemfim.com\/wp-content\/uploads\/2017\/05\/DSC_0026-2.jpg?fit=764%2C510&amp;ssl=1\" class=\"size-full wp-image-5727\" src=\"https:\/\/i0.wp.com\/mundosemfim.com\/wp-content\/uploads\/2017\/05\/DSC_0026-2.jpg?resize=764%2C510&#038;ssl=1\" alt=\"Granada, Nicar\u00e1gua\" width=\"764\" height=\"510\" srcset=\"https:\/\/i0.wp.com\/mundosemfim.com\/wp-content\/uploads\/2017\/05\/DSC_0026-2.jpg?w=1000&amp;ssl=1 1000w, https:\/\/i0.wp.com\/mundosemfim.com\/wp-content\/uploads\/2017\/05\/DSC_0026-2.jpg?resize=300%2C200&amp;ssl=1 300w, https:\/\/i0.wp.com\/mundosemfim.com\/wp-content\/uploads\/2017\/05\/DSC_0026-2.jpg?resize=768%2C512&amp;ssl=1 768w\" sizes=\"auto, (max-width: 764px) 100vw, 764px\" \/><figcaption id=\"caption-attachment-5727\" class=\"wp-caption-text\">Granada, vista do topo da torre da Iglesia de la Merced<\/figcaption><\/figure>\n<p>Fundada em 1524, Granada ostenta o t\u00edtulo de ser a mais antiga cidade de descend\u00eancia europeia instalada na Am\u00e9rica. Diferente das outras que tamb\u00e9m reivindicam este t\u00edtulo, Granada foi a primeira a deixar de ser um mero assentamento durante a conquista e foi registrada como &#8220;cidade&#8221; nos registros oficiais da Espanha.<\/p>\n<p>Atualmente, Granada tem pouco menos de 150 mil habitantes, e \u00e9 uma das mais belas cidades coloniais que j\u00e1 visitamos. Al\u00e9m da beleza arquitet\u00f4nica, os tours para o bel\u00edssimo vulc\u00e3o Masaya tornam este um dos destinos tur\u00edsticos mais preciosos da <a href=\"https:\/\/mundosemfim.com\/mochilao-pela-nicaragua-roteiro-gastos-dicas-fotos-etc\/\">Nicar\u00e1gua<\/a>.<\/p>\n<h3><b>Chegando e saindo<\/b><\/h3>\n<p>Granada est\u00e1 a apenas 1h de Man\u00e1gua, a capital da <a href=\"https:\/\/mundosemfim.com\/mochilao-pela-nicaragua-roteiro-gastos-dicas-fotos-etc\/\">Nicar\u00e1gua<\/a>. Uma passagem de \u00f4nibus entre as duas cidades custa 29 c\u00f3rdobas.<\/p>\n<p>Para ir a Rivas, o custo \u00e9 de 32 c\u00f3rdobas, e o deslocamento dura pouco mais de 1h30min.<\/p>\n<p>Granada n\u00e3o possui um terminal de \u00f4nibus, mas todos\u00a0os \u00f4nibus saem de garagens que est\u00e3o a\u00a0curtas dist\u00e2ncias de caminhada a partir da pra\u00e7a central.<\/p>\n<figure id=\"attachment_5732\" aria-describedby=\"caption-attachment-5732\" style=\"width: 1000px\" class=\"wp-caption aligncenter\"><img data-recalc-dims=\"1\" loading=\"lazy\" decoding=\"async\" data-attachment-id=\"5732\" data-permalink=\"https:\/\/mundosemfim.com\/?attachment_id=5732\" data-orig-file=\"https:\/\/i0.wp.com\/mundosemfim.com\/wp-content\/uploads\/2017\/05\/env-DSC_0001-3.jpg?fit=1000%2C667&amp;ssl=1\" data-orig-size=\"1000,667\" data-comments-opened=\"1\" data-image-meta=\"{&quot;aperture&quot;:&quot;0&quot;,&quot;credit&quot;:&quot;&quot;,&quot;camera&quot;:&quot;&quot;,&quot;caption&quot;:&quot;&quot;,&quot;created_timestamp&quot;:&quot;0&quot;,&quot;copyright&quot;:&quot;&quot;,&quot;focal_length&quot;:&quot;0&quot;,&quot;iso&quot;:&quot;0&quot;,&quot;shutter_speed&quot;:&quot;0&quot;,&quot;title&quot;:&quot;&quot;,&quot;orientation&quot;:&quot;0&quot;}\" data-image-title=\"Granada\" data-image-description=\"&lt;p&gt;Centro Hist\u00f3rico de Granada, Nicar\u00e1gua&lt;\/p&gt;\n\" data-image-caption=\"&lt;p&gt;Centro Hist\u00f3rico de Granada&lt;\/p&gt;\n\" data-large-file=\"https:\/\/i0.wp.com\/mundosemfim.com\/wp-content\/uploads\/2017\/05\/env-DSC_0001-3.jpg?fit=764%2C510&amp;ssl=1\" class=\"size-full wp-image-5732\" src=\"https:\/\/i0.wp.com\/mundosemfim.com\/wp-content\/uploads\/2017\/05\/env-DSC_0001-3.jpg?resize=764%2C510&#038;ssl=1\" alt=\"Centro Hist\u00f3rico de Granada, Nicar\u00e1gua\" width=\"764\" height=\"510\" srcset=\"https:\/\/i0.wp.com\/mundosemfim.com\/wp-content\/uploads\/2017\/05\/env-DSC_0001-3.jpg?w=1000&amp;ssl=1 1000w, https:\/\/i0.wp.com\/mundosemfim.com\/wp-content\/uploads\/2017\/05\/env-DSC_0001-3.jpg?resize=300%2C200&amp;ssl=1 300w, https:\/\/i0.wp.com\/mundosemfim.com\/wp-content\/uploads\/2017\/05\/env-DSC_0001-3.jpg?resize=768%2C512&amp;ssl=1 768w\" sizes=\"auto, (max-width: 764px) 100vw, 764px\" \/><figcaption id=\"caption-attachment-5732\" class=\"wp-caption-text\">Centro Hist\u00f3rico de Granada<\/figcaption><\/figure>\n<h3><b>Onde se hospedar?<\/b><\/h3>\n<p>N\u00f3s ficamos no excelente <b><a href=\"https:\/\/www.booking.com\/hotel\/ni\/fullmoon-granada.en-gb.html\">hotel Full Moon<\/a><\/b>, muito bem localizado e com uma \u00f3tima piscina para se refrescar no fim de um dia de passeio. O valor de um quarto de casal, com ar condicionado (muito importante, pois na cidade faz muito calor), televis\u00e3o e banheiro privado \u00e9 de 60 d\u00f3lares (embora seja poss\u00edvel conseguir bons descontos no booking). Se quiser reserv\u00e1-lo e buscar promo\u00e7\u00f5es, clique <a href=\"http:\/\/www.booking.com\/hotel\/ni\/fullmoon-granada.html?aid=1152681&amp;no_rooms=1&amp;group_adults=1\"><b>aqui<\/b><\/a>.<\/p>\n<div data-carousel-extra='{&quot;blog_id&quot;:1,&quot;permalink&quot;:&quot;https:\/\/mundosemfim.com\/?p=5719&quot;}' id='gallery-1' class='gallery galleryid-5719 gallery-columns-2 gallery-size-medium'><figure class='gallery-item'>\n\t\t\t<div class='gallery-icon landscape'>\n\t\t\t\t<a href='https:\/\/mundosemfim.com\/?attachment_id=5728'><img loading=\"lazy\" decoding=\"async\" width=\"300\" height=\"200\" src=\"https:\/\/i0.wp.com\/mundosemfim.com\/wp-content\/uploads\/2017\/05\/DSC_0002.jpg?fit=300%2C200&amp;ssl=1\" class=\"attachment-medium size-medium\" alt=\"Hotel Full Moon, Granada, Nicar\u00e1gua\" aria-describedby=\"gallery-1-5728\" srcset=\"https:\/\/i0.wp.com\/mundosemfim.com\/wp-content\/uploads\/2017\/05\/DSC_0002.jpg?w=1000&amp;ssl=1 1000w, https:\/\/i0.wp.com\/mundosemfim.com\/wp-content\/uploads\/2017\/05\/DSC_0002.jpg?resize=300%2C200&amp;ssl=1 300w, https:\/\/i0.wp.com\/mundosemfim.com\/wp-content\/uploads\/2017\/05\/DSC_0002.jpg?resize=768%2C512&amp;ssl=1 768w\" sizes=\"auto, (max-width: 300px) 100vw, 300px\" data-attachment-id=\"5728\" data-permalink=\"https:\/\/mundosemfim.com\/?attachment_id=5728\" data-orig-file=\"https:\/\/i0.wp.com\/mundosemfim.com\/wp-content\/uploads\/2017\/05\/DSC_0002.jpg?fit=1000%2C667&amp;ssl=1\" data-orig-size=\"1000,667\" data-comments-opened=\"1\" data-image-meta=\"{&quot;aperture&quot;:&quot;0&quot;,&quot;credit&quot;:&quot;&quot;,&quot;camera&quot;:&quot;&quot;,&quot;caption&quot;:&quot;&quot;,&quot;created_timestamp&quot;:&quot;0&quot;,&quot;copyright&quot;:&quot;&quot;,&quot;focal_length&quot;:&quot;0&quot;,&quot;iso&quot;:&quot;0&quot;,&quot;shutter_speed&quot;:&quot;0&quot;,&quot;title&quot;:&quot;&quot;,&quot;orientation&quot;:&quot;0&quot;}\" data-image-title=\"Granada\" data-image-description=\"&lt;p&gt;Hotel Full Moon, Granada, Nicar\u00e1gua&lt;\/p&gt;\n\" data-image-caption=\"&lt;p&gt;Hotel FullMoon, uma \u00f3tima op\u00e7\u00e3o em Granada&lt;\/p&gt;\n\" data-large-file=\"https:\/\/i0.wp.com\/mundosemfim.com\/wp-content\/uploads\/2017\/05\/DSC_0002.jpg?fit=764%2C510&amp;ssl=1\" \/><\/a>\n\t\t\t<\/div>\n\t\t\t\t<figcaption class='wp-caption-text gallery-caption' id='gallery-1-5728'>\n\t\t\t\tHotel FullMoon, uma \u00f3tima op\u00e7\u00e3o em Granada\n\t\t\t\t<\/figcaption><\/figure><figure class='gallery-item'>\n\t\t\t<div class='gallery-icon landscape'>\n\t\t\t\t<a href='https:\/\/mundosemfim.com\/?attachment_id=5729'><img loading=\"lazy\" decoding=\"async\" width=\"300\" height=\"200\" src=\"https:\/\/i0.wp.com\/mundosemfim.com\/wp-content\/uploads\/2017\/05\/DSC_0004.jpg?fit=300%2C200&amp;ssl=1\" class=\"attachment-medium size-medium\" alt=\"Hotel Full Moon, Granada\" aria-describedby=\"gallery-1-5729\" srcset=\"https:\/\/i0.wp.com\/mundosemfim.com\/wp-content\/uploads\/2017\/05\/DSC_0004.jpg?w=1000&amp;ssl=1 1000w, https:\/\/i0.wp.com\/mundosemfim.com\/wp-content\/uploads\/2017\/05\/DSC_0004.jpg?resize=300%2C200&amp;ssl=1 300w, https:\/\/i0.wp.com\/mundosemfim.com\/wp-content\/uploads\/2017\/05\/DSC_0004.jpg?resize=768%2C512&amp;ssl=1 768w\" sizes=\"auto, (max-width: 300px) 100vw, 300px\" data-attachment-id=\"5729\" data-permalink=\"https:\/\/mundosemfim.com\/?attachment_id=5729\" data-orig-file=\"https:\/\/i0.wp.com\/mundosemfim.com\/wp-content\/uploads\/2017\/05\/DSC_0004.jpg?fit=1000%2C667&amp;ssl=1\" data-orig-size=\"1000,667\" data-comments-opened=\"1\" data-image-meta=\"{&quot;aperture&quot;:&quot;0&quot;,&quot;credit&quot;:&quot;&quot;,&quot;camera&quot;:&quot;&quot;,&quot;caption&quot;:&quot;&quot;,&quot;created_timestamp&quot;:&quot;0&quot;,&quot;copyright&quot;:&quot;&quot;,&quot;focal_length&quot;:&quot;0&quot;,&quot;iso&quot;:&quot;0&quot;,&quot;shutter_speed&quot;:&quot;0&quot;,&quot;title&quot;:&quot;&quot;,&quot;orientation&quot;:&quot;0&quot;}\" data-image-title=\"Granada\" data-image-description=\"&lt;p&gt;Hotel Full Moon, Granada&lt;\/p&gt;\n\" data-image-caption=\"&lt;p&gt;Piscina para se refrescar do calor desta cidade!&lt;\/p&gt;\n\" data-large-file=\"https:\/\/i0.wp.com\/mundosemfim.com\/wp-content\/uploads\/2017\/05\/DSC_0004.jpg?fit=764%2C510&amp;ssl=1\" \/><\/a>\n\t\t\t<\/div>\n\t\t\t\t<figcaption class='wp-caption-text gallery-caption' id='gallery-1-5729'>\n\t\t\t\tPiscina para se refrescar do calor desta cidade!\n\t\t\t\t<\/figcaption><\/figure>\n\t\t<\/div>\n\n<p>Para quem viaja em modo econ\u00f4mico, os hostels mais simples do centro cobram 5 d\u00f3lares por uma cama em um quarto compartilhado (sem ar).<\/p>\n<h3><b>Onde comer?<\/b><\/h3>\n<p>Para comer um vigor\u00f3n (a comida t\u00edpica de Granada, composta basicamente por toucinho, mandioca e salada), o melhor lugar para almo\u00e7ar \u00e9 nos quiosques da pra\u00e7a central. Os pratos ali (tanto este quanto outros menus) ficam entre 100 e 200 c\u00f3rdobas. Se quiser algo mais barato, h\u00e1 umas senhoras que vendem marmitas por 40 c\u00f3rdobas.<\/p>\n<p>Pela rua La Calzada tamb\u00e9m h\u00e1 diversos bares e restaurantes tur\u00edsticos, com pre\u00e7os parecidos com os praticados nos quiosques da pra\u00e7a.<\/p>\n<figure id=\"attachment_5730\" aria-describedby=\"caption-attachment-5730\" style=\"width: 1000px\" class=\"wp-caption aligncenter\"><img data-recalc-dims=\"1\" loading=\"lazy\" decoding=\"async\" data-attachment-id=\"5730\" data-permalink=\"https:\/\/mundosemfim.com\/?attachment_id=5730\" data-orig-file=\"https:\/\/i0.wp.com\/mundosemfim.com\/wp-content\/uploads\/2017\/05\/P4270019.jpg?fit=1000%2C667&amp;ssl=1\" data-orig-size=\"1000,667\" data-comments-opened=\"1\" data-image-meta=\"{&quot;aperture&quot;:&quot;0&quot;,&quot;credit&quot;:&quot;&quot;,&quot;camera&quot;:&quot;&quot;,&quot;caption&quot;:&quot;&quot;,&quot;created_timestamp&quot;:&quot;0&quot;,&quot;copyright&quot;:&quot;&quot;,&quot;focal_length&quot;:&quot;0&quot;,&quot;iso&quot;:&quot;0&quot;,&quot;shutter_speed&quot;:&quot;0&quot;,&quot;title&quot;:&quot;&quot;,&quot;orientation&quot;:&quot;0&quot;}\" data-image-title=\"Granada\" data-image-description=\"&lt;p&gt;Almo\u00e7o de Granada&lt;\/p&gt;\n\" data-image-caption=\"&lt;p&gt;Carne com &amp;#8220;gallo pinto&amp;#8221; (arroz e feij\u00e3o). Sai por 100 c\u00f3rdobas na pra\u00e7a central&lt;\/p&gt;\n\" data-large-file=\"https:\/\/i0.wp.com\/mundosemfim.com\/wp-content\/uploads\/2017\/05\/P4270019.jpg?fit=764%2C510&amp;ssl=1\" class=\"size-full wp-image-5730\" src=\"https:\/\/i0.wp.com\/mundosemfim.com\/wp-content\/uploads\/2017\/05\/P4270019.jpg?resize=764%2C510&#038;ssl=1\" alt=\"Almo\u00e7o de Granada\" width=\"764\" height=\"510\" srcset=\"https:\/\/i0.wp.com\/mundosemfim.com\/wp-content\/uploads\/2017\/05\/P4270019.jpg?w=1000&amp;ssl=1 1000w, https:\/\/i0.wp.com\/mundosemfim.com\/wp-content\/uploads\/2017\/05\/P4270019.jpg?resize=300%2C200&amp;ssl=1 300w, https:\/\/i0.wp.com\/mundosemfim.com\/wp-content\/uploads\/2017\/05\/P4270019.jpg?resize=768%2C512&amp;ssl=1 768w\" sizes=\"auto, (max-width: 764px) 100vw, 764px\" \/><figcaption id=\"caption-attachment-5730\" class=\"wp-caption-text\">Carne com &#8220;gallo pinto&#8221; (arroz e feij\u00e3o). Sai por 100 c\u00f3rdobas na pra\u00e7a central<\/figcaption><\/figure>\n<h3><b>Conhecendo Granada<\/b><\/h3>\n<p>Granada \u00e9 uma cidade pequena e f\u00e1cil de ser conhecida a p\u00e9. A maioria dos hot\u00e9is, restaurantes e atra\u00e7\u00f5es est\u00e3o no centro hist\u00f3rico.<\/p>\n<p>Se n\u00e3o quiser caminhar tanto, \u00e9 poss\u00edvel fazer um passeio de charrete pelos principais pontos tur\u00edsticos (costumam cobrar entre 10 e 15 d\u00f3lares por pessoa).<\/p>\n<figure id=\"attachment_5722\" aria-describedby=\"caption-attachment-5722\" style=\"width: 1476px\" class=\"wp-caption aligncenter\"><img data-recalc-dims=\"1\" loading=\"lazy\" decoding=\"async\" data-attachment-id=\"5722\" data-permalink=\"https:\/\/mundosemfim.com\/?attachment_id=5722\" data-orig-file=\"https:\/\/i0.wp.com\/mundosemfim.com\/wp-content\/uploads\/2017\/05\/Mapa_Turistico_Granada.jpg?fit=1476%2C850&amp;ssl=1\" data-orig-size=\"1476,850\" data-comments-opened=\"1\" data-image-meta=\"{&quot;aperture&quot;:&quot;0&quot;,&quot;credit&quot;:&quot;&quot;,&quot;camera&quot;:&quot;&quot;,&quot;caption&quot;:&quot;&quot;,&quot;created_timestamp&quot;:&quot;0&quot;,&quot;copyright&quot;:&quot;&quot;,&quot;focal_length&quot;:&quot;0&quot;,&quot;iso&quot;:&quot;0&quot;,&quot;shutter_speed&quot;:&quot;0&quot;,&quot;title&quot;:&quot;&quot;,&quot;orientation&quot;:&quot;0&quot;}\" data-image-title=\"Mapa de Granada\" data-image-description=\"\" data-image-caption=\"&lt;p&gt;Mapa tur\u00edstico de Granada&lt;\/p&gt;\n\" data-large-file=\"https:\/\/i0.wp.com\/mundosemfim.com\/wp-content\/uploads\/2017\/05\/Mapa_Turistico_Granada.jpg?fit=764%2C440&amp;ssl=1\" class=\"size-full wp-image-5722\" src=\"https:\/\/i0.wp.com\/mundosemfim.com\/wp-content\/uploads\/2017\/05\/Mapa_Turistico_Granada.jpg?resize=764%2C440&#038;ssl=1\" alt=\"\" width=\"764\" height=\"440\" srcset=\"https:\/\/i0.wp.com\/mundosemfim.com\/wp-content\/uploads\/2017\/05\/Mapa_Turistico_Granada.jpg?w=1476&amp;ssl=1 1476w, https:\/\/i0.wp.com\/mundosemfim.com\/wp-content\/uploads\/2017\/05\/Mapa_Turistico_Granada.jpg?resize=300%2C173&amp;ssl=1 300w, https:\/\/i0.wp.com\/mundosemfim.com\/wp-content\/uploads\/2017\/05\/Mapa_Turistico_Granada.jpg?resize=768%2C442&amp;ssl=1 768w, https:\/\/i0.wp.com\/mundosemfim.com\/wp-content\/uploads\/2017\/05\/Mapa_Turistico_Granada.jpg?resize=1024%2C590&amp;ssl=1 1024w\" sizes=\"auto, (max-width: 764px) 100vw, 764px\" \/><figcaption id=\"caption-attachment-5722\" class=\"wp-caption-text\">Mapa tur\u00edstico de Granada<\/figcaption><\/figure>\n<figure id=\"attachment_5733\" aria-describedby=\"caption-attachment-5733\" style=\"width: 1000px\" class=\"wp-caption aligncenter\"><img data-recalc-dims=\"1\" loading=\"lazy\" decoding=\"async\" data-attachment-id=\"5733\" data-permalink=\"https:\/\/mundosemfim.com\/?attachment_id=5733\" data-orig-file=\"https:\/\/i0.wp.com\/mundosemfim.com\/wp-content\/uploads\/2017\/05\/DSC_0011.jpg?fit=1000%2C667&amp;ssl=1\" data-orig-size=\"1000,667\" data-comments-opened=\"1\" data-image-meta=\"{&quot;aperture&quot;:&quot;0&quot;,&quot;credit&quot;:&quot;&quot;,&quot;camera&quot;:&quot;&quot;,&quot;caption&quot;:&quot;&quot;,&quot;created_timestamp&quot;:&quot;0&quot;,&quot;copyright&quot;:&quot;&quot;,&quot;focal_length&quot;:&quot;0&quot;,&quot;iso&quot;:&quot;0&quot;,&quot;shutter_speed&quot;:&quot;0&quot;,&quot;title&quot;:&quot;&quot;,&quot;orientation&quot;:&quot;0&quot;}\" data-image-title=\"Granada\" data-image-description=\"&lt;p&gt;Charretes de Granada&lt;\/p&gt;\n\" data-image-caption=\"&lt;p&gt;Charretes de Granada&lt;\/p&gt;\n\" data-large-file=\"https:\/\/i0.wp.com\/mundosemfim.com\/wp-content\/uploads\/2017\/05\/DSC_0011.jpg?fit=764%2C510&amp;ssl=1\" class=\"size-full wp-image-5733\" src=\"https:\/\/i0.wp.com\/mundosemfim.com\/wp-content\/uploads\/2017\/05\/DSC_0011.jpg?resize=764%2C510&#038;ssl=1\" alt=\"Charretes de Granada\" width=\"764\" height=\"510\" srcset=\"https:\/\/i0.wp.com\/mundosemfim.com\/wp-content\/uploads\/2017\/05\/DSC_0011.jpg?w=1000&amp;ssl=1 1000w, https:\/\/i0.wp.com\/mundosemfim.com\/wp-content\/uploads\/2017\/05\/DSC_0011.jpg?resize=300%2C200&amp;ssl=1 300w, https:\/\/i0.wp.com\/mundosemfim.com\/wp-content\/uploads\/2017\/05\/DSC_0011.jpg?resize=768%2C512&amp;ssl=1 768w\" sizes=\"auto, (max-width: 764px) 100vw, 764px\" \/><figcaption id=\"caption-attachment-5733\" class=\"wp-caption-text\">Charretes de Granada<\/figcaption><\/figure>\n<p>Alguns lugares imperd\u00edveis na cidade s\u00e3o:<\/p>\n<ul>\n<li>\n<h4><i><b>Catedral Nossa Senhora da Assun\u00e7\u00e3o<\/b><\/i><\/h4>\n<\/li>\n<\/ul>\n<p>Seu primeiro templo foi erguido em 1525. Com o passar dos anos, a igreja foi destru\u00edda e reconstru\u00edda v\u00e1rias vezes. A edifica\u00e7\u00e3o atual foi inaugurada em 1910, mas s\u00f3 foi totalmente conclu\u00edda em 1972.<\/p>\n<p>Facilmente reconhecida de qualquer canto da cidade, esta \u00e9 a igreja mais imponente de Granada. Est\u00e1 localizada em frente \u00e0 pra\u00e7a central, e suas portas est\u00e3o quase sempre abertas. \u00c9 poss\u00edvel visit\u00e1-la gratuitamente, e subir ao mirante do segundo andar por 1 d\u00f3lar.<\/p>\n<figure id=\"attachment_5723\" aria-describedby=\"caption-attachment-5723\" style=\"width: 1000px\" class=\"wp-caption aligncenter\"><img data-recalc-dims=\"1\" loading=\"lazy\" decoding=\"async\" data-attachment-id=\"5723\" data-permalink=\"https:\/\/mundosemfim.com\/?attachment_id=5723\" data-orig-file=\"https:\/\/i0.wp.com\/mundosemfim.com\/wp-content\/uploads\/2017\/05\/DSC_0027.jpg?fit=1000%2C667&amp;ssl=1\" data-orig-size=\"1000,667\" data-comments-opened=\"1\" data-image-meta=\"{&quot;aperture&quot;:&quot;0&quot;,&quot;credit&quot;:&quot;&quot;,&quot;camera&quot;:&quot;&quot;,&quot;caption&quot;:&quot;&quot;,&quot;created_timestamp&quot;:&quot;0&quot;,&quot;copyright&quot;:&quot;&quot;,&quot;focal_length&quot;:&quot;0&quot;,&quot;iso&quot;:&quot;0&quot;,&quot;shutter_speed&quot;:&quot;0&quot;,&quot;title&quot;:&quot;&quot;,&quot;orientation&quot;:&quot;0&quot;}\" data-image-title=\"Granada\" data-image-description=\"&lt;p&gt;Catedral de Granada, Nicar\u00e1gua&lt;\/p&gt;\n\" data-image-caption=\"&lt;p&gt;Catedral de Granada, Nicar\u00e1gua&lt;\/p&gt;\n\" data-large-file=\"https:\/\/i0.wp.com\/mundosemfim.com\/wp-content\/uploads\/2017\/05\/DSC_0027.jpg?fit=764%2C510&amp;ssl=1\" class=\"size-full wp-image-5723\" src=\"https:\/\/i0.wp.com\/mundosemfim.com\/wp-content\/uploads\/2017\/05\/DSC_0027.jpg?resize=764%2C510&#038;ssl=1\" alt=\"Catedral de Granada, Nicar\u00e1gua\" width=\"764\" height=\"510\" srcset=\"https:\/\/i0.wp.com\/mundosemfim.com\/wp-content\/uploads\/2017\/05\/DSC_0027.jpg?w=1000&amp;ssl=1 1000w, https:\/\/i0.wp.com\/mundosemfim.com\/wp-content\/uploads\/2017\/05\/DSC_0027.jpg?resize=300%2C200&amp;ssl=1 300w, https:\/\/i0.wp.com\/mundosemfim.com\/wp-content\/uploads\/2017\/05\/DSC_0027.jpg?resize=768%2C512&amp;ssl=1 768w\" sizes=\"auto, (max-width: 764px) 100vw, 764px\" \/><figcaption id=\"caption-attachment-5723\" class=\"wp-caption-text\">Catedral de Granada, Nicar\u00e1gua<\/figcaption><\/figure>\n<ul>\n<li>\n<h4><i><b>Igreja de la Merced<\/b><\/i><\/h4>\n<\/li>\n<\/ul>\n<p>Outra igreja imponente, originalmente constru\u00edda em 1534. Pelo lado de fora, a edifica\u00e7\u00e3o at\u00e9 parece abandonada, mas basta ingressar para ver que seu interior est\u00e1 impecavelmente restaurado.<\/p>\n<p>Por 1 d\u00f3lar (ou 30 c\u00f3rdobas) \u00e9 poss\u00edvel subir \u00e0 torre da igreja, de onde se tem uma vista espetacular de Granada. Se poss\u00edvel, veja o p\u00f4r do sol l\u00e1 de cima.<\/p>\n<figure id=\"attachment_5724\" aria-describedby=\"caption-attachment-5724\" style=\"width: 1000px\" class=\"wp-caption aligncenter\"><img data-recalc-dims=\"1\" loading=\"lazy\" decoding=\"async\" data-attachment-id=\"5724\" data-permalink=\"https:\/\/mundosemfim.com\/?attachment_id=5724\" data-orig-file=\"https:\/\/i0.wp.com\/mundosemfim.com\/wp-content\/uploads\/2017\/05\/env-DSC_0009-2.jpg?fit=1000%2C667&amp;ssl=1\" data-orig-size=\"1000,667\" data-comments-opened=\"1\" data-image-meta=\"{&quot;aperture&quot;:&quot;0&quot;,&quot;credit&quot;:&quot;&quot;,&quot;camera&quot;:&quot;&quot;,&quot;caption&quot;:&quot;&quot;,&quot;created_timestamp&quot;:&quot;0&quot;,&quot;copyright&quot;:&quot;&quot;,&quot;focal_length&quot;:&quot;0&quot;,&quot;iso&quot;:&quot;0&quot;,&quot;shutter_speed&quot;:&quot;0&quot;,&quot;title&quot;:&quot;&quot;,&quot;orientation&quot;:&quot;0&quot;}\" data-image-title=\"Granada\" data-image-description=\"&lt;p&gt;Igreja de La Merced, Granada&lt;\/p&gt;\n\" data-image-caption=\"&lt;p&gt;Igreja de La Merced&lt;\/p&gt;\n\" data-large-file=\"https:\/\/i0.wp.com\/mundosemfim.com\/wp-content\/uploads\/2017\/05\/env-DSC_0009-2.jpg?fit=764%2C510&amp;ssl=1\" class=\"size-full wp-image-5724\" src=\"https:\/\/i0.wp.com\/mundosemfim.com\/wp-content\/uploads\/2017\/05\/env-DSC_0009-2.jpg?resize=764%2C510&#038;ssl=1\" alt=\"Igreja de La Merced, Granada\" width=\"764\" height=\"510\" srcset=\"https:\/\/i0.wp.com\/mundosemfim.com\/wp-content\/uploads\/2017\/05\/env-DSC_0009-2.jpg?w=1000&amp;ssl=1 1000w, https:\/\/i0.wp.com\/mundosemfim.com\/wp-content\/uploads\/2017\/05\/env-DSC_0009-2.jpg?resize=300%2C200&amp;ssl=1 300w, https:\/\/i0.wp.com\/mundosemfim.com\/wp-content\/uploads\/2017\/05\/env-DSC_0009-2.jpg?resize=768%2C512&amp;ssl=1 768w\" sizes=\"auto, (max-width: 764px) 100vw, 764px\" \/><figcaption id=\"caption-attachment-5724\" class=\"wp-caption-text\">Igreja de La Merced<\/figcaption><\/figure>\n<ul>\n<li>\n<h4><i><b>Calle La Calzada<\/b><\/i><\/h4>\n<\/li>\n<\/ul>\n<p>Bastante tur\u00edstica, \u00e9 nesta rua que est\u00e3o os principais restaurantes e v\u00e1rias ag\u00eancias de turismo da cidade. Vale a pena tomar uma cerveja por aqui no fim da tarde, quando o sol j\u00e1 n\u00e3o estiver t\u00e3o forte.<\/p>\n<figure id=\"attachment_5725\" aria-describedby=\"caption-attachment-5725\" style=\"width: 1000px\" class=\"wp-caption aligncenter\"><img data-recalc-dims=\"1\" loading=\"lazy\" decoding=\"async\" data-attachment-id=\"5725\" data-permalink=\"https:\/\/mundosemfim.com\/?attachment_id=5725\" data-orig-file=\"https:\/\/i0.wp.com\/mundosemfim.com\/wp-content\/uploads\/2017\/05\/DSC_0016-2.jpg?fit=1000%2C667&amp;ssl=1\" data-orig-size=\"1000,667\" data-comments-opened=\"1\" data-image-meta=\"{&quot;aperture&quot;:&quot;0&quot;,&quot;credit&quot;:&quot;&quot;,&quot;camera&quot;:&quot;&quot;,&quot;caption&quot;:&quot;&quot;,&quot;created_timestamp&quot;:&quot;0&quot;,&quot;copyright&quot;:&quot;&quot;,&quot;focal_length&quot;:&quot;0&quot;,&quot;iso&quot;:&quot;0&quot;,&quot;shutter_speed&quot;:&quot;0&quot;,&quot;title&quot;:&quot;&quot;,&quot;orientation&quot;:&quot;0&quot;}\" data-image-title=\"Granada\" data-image-description=\"\" data-image-caption=\"&lt;p&gt;Calle la Calzada, Granada&lt;\/p&gt;\n\" data-large-file=\"https:\/\/i0.wp.com\/mundosemfim.com\/wp-content\/uploads\/2017\/05\/DSC_0016-2.jpg?fit=764%2C510&amp;ssl=1\" class=\"size-full wp-image-5725\" src=\"https:\/\/i0.wp.com\/mundosemfim.com\/wp-content\/uploads\/2017\/05\/DSC_0016-2.jpg?resize=764%2C510&#038;ssl=1\" alt=\"\" width=\"764\" height=\"510\" srcset=\"https:\/\/i0.wp.com\/mundosemfim.com\/wp-content\/uploads\/2017\/05\/DSC_0016-2.jpg?w=1000&amp;ssl=1 1000w, https:\/\/i0.wp.com\/mundosemfim.com\/wp-content\/uploads\/2017\/05\/DSC_0016-2.jpg?resize=300%2C200&amp;ssl=1 300w, https:\/\/i0.wp.com\/mundosemfim.com\/wp-content\/uploads\/2017\/05\/DSC_0016-2.jpg?resize=768%2C512&amp;ssl=1 768w\" sizes=\"auto, (max-width: 764px) 100vw, 764px\" \/><figcaption id=\"caption-attachment-5725\" class=\"wp-caption-text\">Calle la Calzada, Granada<\/figcaption><\/figure>\n<ul>\n<li>\n<h4><i><b>Lago Cocibolca<\/b><\/i><\/h4>\n<\/li>\n<\/ul>\n<p>Seguindo a rua La Calzada at\u00e9 o fim, voc\u00ea chegar\u00e1 ao Lago de Nicar\u00e1gua, tamb\u00e9m chamado de &#8220;Cocibolca&#8221;. A vista n\u00e3o chega a ser surpreendente, mas se tiver um tempo livre vale a pena dar um pulo por l\u00e1.<\/p>\n<figure id=\"attachment_5726\" aria-describedby=\"caption-attachment-5726\" style=\"width: 1000px\" class=\"wp-caption aligncenter\"><img data-recalc-dims=\"1\" loading=\"lazy\" decoding=\"async\" data-attachment-id=\"5726\" data-permalink=\"https:\/\/mundosemfim.com\/?attachment_id=5726\" data-orig-file=\"https:\/\/i0.wp.com\/mundosemfim.com\/wp-content\/uploads\/2017\/05\/DSC_0012-2.jpg?fit=1000%2C667&amp;ssl=1\" data-orig-size=\"1000,667\" data-comments-opened=\"1\" data-image-meta=\"{&quot;aperture&quot;:&quot;0&quot;,&quot;credit&quot;:&quot;&quot;,&quot;camera&quot;:&quot;&quot;,&quot;caption&quot;:&quot;&quot;,&quot;created_timestamp&quot;:&quot;0&quot;,&quot;copyright&quot;:&quot;&quot;,&quot;focal_length&quot;:&quot;0&quot;,&quot;iso&quot;:&quot;0&quot;,&quot;shutter_speed&quot;:&quot;0&quot;,&quot;title&quot;:&quot;&quot;,&quot;orientation&quot;:&quot;0&quot;}\" data-image-title=\"Granada\" data-image-description=\"\" data-image-caption=\"&lt;p&gt;Ao fundo, o lago Nicar\u00e1gua&lt;\/p&gt;\n\" data-large-file=\"https:\/\/i0.wp.com\/mundosemfim.com\/wp-content\/uploads\/2017\/05\/DSC_0012-2.jpg?fit=764%2C510&amp;ssl=1\" class=\"size-full wp-image-5726\" src=\"https:\/\/i0.wp.com\/mundosemfim.com\/wp-content\/uploads\/2017\/05\/DSC_0012-2.jpg?resize=764%2C510&#038;ssl=1\" alt=\"\" width=\"764\" height=\"510\" srcset=\"https:\/\/i0.wp.com\/mundosemfim.com\/wp-content\/uploads\/2017\/05\/DSC_0012-2.jpg?w=1000&amp;ssl=1 1000w, https:\/\/i0.wp.com\/mundosemfim.com\/wp-content\/uploads\/2017\/05\/DSC_0012-2.jpg?resize=300%2C200&amp;ssl=1 300w, https:\/\/i0.wp.com\/mundosemfim.com\/wp-content\/uploads\/2017\/05\/DSC_0012-2.jpg?resize=768%2C512&amp;ssl=1 768w\" sizes=\"auto, (max-width: 764px) 100vw, 764px\" \/><figcaption id=\"caption-attachment-5726\" class=\"wp-caption-text\">Ao fundo, o lago Nicar\u00e1gua<\/figcaption><\/figure>\n<ul>\n<li>\n<h4><i><b>Caf\u00e9 de la Sonrisa<\/b><\/i><\/h4>\n<\/li>\n<\/ul>\n<p>Localizado na Calle Real Xalteva, entre a Iglesia de la Merced e a pra\u00e7a central, este simples caf\u00e9 tem uma peculiaridade muito interessante: seus atendentes s\u00e3o todos surdos.<\/p>\n<p>Al\u00e9m de aprender um pouco sobre a l\u00edngua dos sinais, voc\u00ea ter\u00e1 a oportunidade de vivenciar um pouco da dificuldade de comunica\u00e7\u00e3o a que estas pessoas est\u00e3o sujeitas.<\/p>\n<p>Felizmente, todas estas dificuldades se resolvem com uma linguagem universal: a do sorriso! \ud83d\ude42<\/p>\n<figure id=\"attachment_5731\" aria-describedby=\"caption-attachment-5731\" style=\"width: 1000px\" class=\"wp-caption aligncenter\"><img data-recalc-dims=\"1\" loading=\"lazy\" decoding=\"async\" data-attachment-id=\"5731\" data-permalink=\"https:\/\/mundosemfim.com\/?attachment_id=5731\" data-orig-file=\"https:\/\/i0.wp.com\/mundosemfim.com\/wp-content\/uploads\/2017\/05\/P4300003.jpg?fit=1000%2C667&amp;ssl=1\" data-orig-size=\"1000,667\" data-comments-opened=\"1\" data-image-meta=\"{&quot;aperture&quot;:&quot;0&quot;,&quot;credit&quot;:&quot;&quot;,&quot;camera&quot;:&quot;&quot;,&quot;caption&quot;:&quot;&quot;,&quot;created_timestamp&quot;:&quot;0&quot;,&quot;copyright&quot;:&quot;&quot;,&quot;focal_length&quot;:&quot;0&quot;,&quot;iso&quot;:&quot;0&quot;,&quot;shutter_speed&quot;:&quot;0&quot;,&quot;title&quot;:&quot;&quot;,&quot;orientation&quot;:&quot;0&quot;}\" data-image-title=\"Granada\" data-image-description=\"&lt;p&gt;Caf\u00e9 La Sonrisa, em Granada&lt;\/p&gt;\n\" data-image-caption=\"&lt;p&gt;Caf\u00e9 La Sonrisa&lt;\/p&gt;\n\" data-large-file=\"https:\/\/i0.wp.com\/mundosemfim.com\/wp-content\/uploads\/2017\/05\/P4300003.jpg?fit=764%2C510&amp;ssl=1\" class=\"size-full wp-image-5731\" src=\"https:\/\/i0.wp.com\/mundosemfim.com\/wp-content\/uploads\/2017\/05\/P4300003.jpg?resize=764%2C510&#038;ssl=1\" alt=\"Caf\u00e9 La Sonrisa, em Granada\" width=\"764\" height=\"510\" srcset=\"https:\/\/i0.wp.com\/mundosemfim.com\/wp-content\/uploads\/2017\/05\/P4300003.jpg?w=1000&amp;ssl=1 1000w, https:\/\/i0.wp.com\/mundosemfim.com\/wp-content\/uploads\/2017\/05\/P4300003.jpg?resize=300%2C200&amp;ssl=1 300w, https:\/\/i0.wp.com\/mundosemfim.com\/wp-content\/uploads\/2017\/05\/P4300003.jpg?resize=768%2C512&amp;ssl=1 768w\" sizes=\"auto, (max-width: 764px) 100vw, 764px\" \/><figcaption id=\"caption-attachment-5731\" class=\"wp-caption-text\">Caf\u00e9 La Sonrisa<\/figcaption><\/figure>\n<ul>\n<li>\n<h4><i><b>Tour a Las Isletas<\/b><\/i><\/h4>\n<\/li>\n<\/ul>\n<p>Tour bastante popular na cidade, \u00e9 um passeio de umas duas horas em barco por algumas das centenas de ilhas que existem nos arredores de Granada. Dentre as atra\u00e7\u00f5es, \u00e9 poss\u00edvel ver in\u00fameras plantas diferentes, p\u00e1ssaros e at\u00e9 macacos.<\/p>\n<p>Este passeio costuma sair por 15 d\u00f3lares por pessoa, mas \u00e9 poss\u00edvel consegui-lo por uns 10 procurando ag\u00eancias que j\u00e1 tenham um grupo formado.<\/p>\n<ul>\n<li>\n<h4><a href=\"https:\/\/mundosemfim.com\/conheca-o-vulcao-masaya-nicaragua-e-veja-lava-em-sua-cratera\/\"><i><b>Vulc\u00e3o Masaya<\/b><\/i><\/a><\/h4>\n<\/li>\n<\/ul>\n<p>O Masaya \u00e9 um vulc\u00e3o que est\u00e1 a poucos quil\u00f4metros de Granada, e dentro da sua cratera \u00e9 poss\u00edvel ver lava (pela noite o espet\u00e1culo \u00e9 ainda mais impressionante).<\/p>\n<p>Voc\u00ea pode\u00a0visit\u00e1-lo em um tour (entre 20 e 25 d\u00f3lares) ou por conta pr\u00f3pria. Para ver mais detalhes sobre este passeio, leia nosso post completo <a href=\"https:\/\/mundosemfim.com\/conheca-o-vulcao-masaya-nicaragua-e-veja-lava-em-sua-cratera\/\"><b>aqui<\/b><\/a>.<\/p>\n<figure id=\"attachment_5709\" aria-describedby=\"caption-attachment-5709\" style=\"width: 1000px\" class=\"wp-caption aligncenter\"><img data-recalc-dims=\"1\" loading=\"lazy\" decoding=\"async\" data-attachment-id=\"5709\" data-permalink=\"https:\/\/mundosemfim.com\/?attachment_id=5709\" data-orig-file=\"https:\/\/i0.wp.com\/mundosemfim.com\/wp-content\/uploads\/2017\/04\/DSC_0069.jpg?fit=1000%2C667&amp;ssl=1\" data-orig-size=\"1000,667\" data-comments-opened=\"1\" data-image-meta=\"{&quot;aperture&quot;:&quot;0&quot;,&quot;credit&quot;:&quot;&quot;,&quot;camera&quot;:&quot;&quot;,&quot;caption&quot;:&quot;&quot;,&quot;created_timestamp&quot;:&quot;0&quot;,&quot;copyright&quot;:&quot;&quot;,&quot;focal_length&quot;:&quot;0&quot;,&quot;iso&quot;:&quot;0&quot;,&quot;shutter_speed&quot;:&quot;0&quot;,&quot;title&quot;:&quot;&quot;,&quot;orientation&quot;:&quot;0&quot;}\" data-image-title=\"Masaya\" data-image-description=\"&lt;p&gt;Vulc\u00e3o Masaya &amp;#8211; Nicar\u00e1gua&lt;\/p&gt;\n\" data-image-caption=\"&lt;p&gt;N\u00f3s em frente \u00e0 cratera do vulc\u00e3o Masaya!&lt;\/p&gt;\n\" data-large-file=\"https:\/\/i0.wp.com\/mundosemfim.com\/wp-content\/uploads\/2017\/04\/DSC_0069.jpg?fit=764%2C510&amp;ssl=1\" class=\"size-full wp-image-5709\" src=\"https:\/\/i0.wp.com\/mundosemfim.com\/wp-content\/uploads\/2017\/04\/DSC_0069.jpg?resize=764%2C510&#038;ssl=1\" alt=\"Vulc\u00e3o Masaya - Nicar\u00e1gua\" width=\"764\" height=\"510\" srcset=\"https:\/\/i0.wp.com\/mundosemfim.com\/wp-content\/uploads\/2017\/04\/DSC_0069.jpg?w=1000&amp;ssl=1 1000w, https:\/\/i0.wp.com\/mundosemfim.com\/wp-content\/uploads\/2017\/04\/DSC_0069.jpg?resize=300%2C200&amp;ssl=1 300w, https:\/\/i0.wp.com\/mundosemfim.com\/wp-content\/uploads\/2017\/04\/DSC_0069.jpg?resize=768%2C512&amp;ssl=1 768w\" sizes=\"auto, (max-width: 764px) 100vw, 764px\" \/><figcaption id=\"caption-attachment-5709\" class=\"wp-caption-text\">N\u00f3s em frente \u00e0 cratera do vulc\u00e3o Masaya!<\/figcaption><\/figure>\n<p>\u00c9 isso pessoal! Espero que tenham gostado de conhecer esta bela cidade.<\/p>\n<p>Para mais dicas legais e acompanhar nossa viagem pelo mundo, curtam nossa p\u00e1gina no face:<br \/>\n<a href=\"http:\/\/www.facebook.com\/mundosemfimoficial\">www.facebook.com\/mundosemfimoficial<\/a><\/p>\n<p><span style=\"border-radius: 2px; text-indent: 20px; width: auto; padding: 0px 4px 0px 0px; text-align: center; font: bold 11px\/20px 'Helvetica Neue',Helvetica,sans-serif; color: #ffffff; background: #bd081c no-repeat scroll 3px 50% \/ 14px 14px; position: absolute; opacity: 1; z-index: 8675309; display: none; cursor: pointer; top: 8612px; left: 20px;\">Salvar<\/span><\/p>\n","protected":false},"excerpt":{"rendered":"<p>Com belas constru\u00e7\u00f5es coloniais e uma fervilhante cultura latina, Granada \u00e9 a Nicar\u00e1gua em seu estado puro. Quer conhecer este pa\u00eds? N\u00e3o deixe de visit\u00e1-la. Est\u00e1 pertinho da capital!<\/p>\n","protected":false},"author":1,"featured_media":5727,"comment_status":"open","ping_status":"open","sticky":false,"template":"","format":"standard","meta":{"jetpack_post_was_ever_published":false,"_jetpack_newsletter_access":"","_jetpack_dont_email_post_to_subs":true,"_jetpack_newsletter_tier_id":0,"_jetpack_memberships_contains_paywalled_content":false,"_jetpack_memberships_contains_paid_content":false,"footnotes":"","jetpack_publicize_message":"","jetpack_publicize_feature_enabled":true,"jetpack_social_post_already_shared":true,"jetpack_social_options":{"image_generator_settings":{"template":"highway","default_image_id":0,"font":"","enabled":false},"version":2}},"categories":[7,16,320,394,390],"tags":[],"class_list":["post-5719","post","type-post","status-publish","format-standard","has-post-thumbnail","hentry","category-america-latina","category-cidade","category-colonial","category-granada","category-nicaragua"],"yoast_head":"<!-- This site is optimized with the Yoast SEO plugin v27.5 - https:\/\/yoast.com\/product\/yoast-seo-wordpress\/ -->\n<title>Conhecendo Granada \u2013 a bela cidade colonial da Nicar\u00e1gua - Mundo Sem Fim<\/title>\n<meta name=\"robots\" content=\"index, follow, max-snippet:-1, max-image-preview:large, max-video-preview:-1\" \/>\n<link rel=\"canonical\" href=\"https:\/\/mundosemfim.com\/?p=5719\" \/>\n<meta property=\"og:locale\" content=\"pt_BR\" \/>\n<meta property=\"og:type\" content=\"article\" \/>\n<meta property=\"og:title\" content=\"Conhecendo Granada \u2013 a bela cidade colonial da Nicar\u00e1gua - Mundo Sem Fim\" \/>\n<meta property=\"og:description\" content=\"Com belas constru\u00e7\u00f5es coloniais e uma fervilhante cultura latina, Granada \u00e9 a Nicar\u00e1gua em seu estado puro. Quer conhecer este pa\u00eds? N\u00e3o deixe de visit\u00e1-la. Est\u00e1 pertinho da capital!\" \/>\n<meta property=\"og:url\" content=\"https:\/\/mundosemfim.com\/?p=5719\" \/>\n<meta property=\"og:site_name\" content=\"Mundo Sem Fim\" \/>\n<meta property=\"article:publisher\" content=\"http:\/\/www.facebook.com\/mundosemfimoficial\" \/>\n<meta property=\"article:published_time\" content=\"2017-05-02T02:17:09+00:00\" \/>\n<meta property=\"article:modified_time\" content=\"2017-09-23T03:51:37+00:00\" \/>\n<meta property=\"og:image\" content=\"https:\/\/i0.wp.com\/mundosemfim.com\/wp-content\/uploads\/2017\/05\/DSC_0026-2.jpg?fit=1000%2C667&ssl=1\" \/>\n\t<meta property=\"og:image:width\" content=\"1000\" \/>\n\t<meta property=\"og:image:height\" content=\"667\" \/>\n\t<meta property=\"og:image:type\" content=\"image\/jpeg\" \/>\n<meta name=\"author\" content=\"Renan\" \/>\n<meta name=\"twitter:card\" content=\"summary_large_image\" \/>\n<meta name=\"twitter:label1\" content=\"Escrito por\" \/>\n\t<meta name=\"twitter:data1\" content=\"Renan\" \/>\n\t<meta name=\"twitter:label2\" content=\"Est. tempo de leitura\" \/>\n\t<meta name=\"twitter:data2\" content=\"5 minutos\" \/>\n<script type=\"application\/ld+json\" class=\"yoast-schema-graph\">{\"@context\":\"https:\\\/\\\/schema.org\",\"@graph\":[{\"@type\":\"Article\",\"@id\":\"https:\\\/\\\/mundosemfim.com\\\/?p=5719#article\",\"isPartOf\":{\"@id\":\"https:\\\/\\\/mundosemfim.com\\\/?p=5719\"},\"author\":{\"name\":\"Renan\",\"@id\":\"https:\\\/\\\/mundosemfim.com\\\/#\\\/schema\\\/person\\\/b021d50f3a19bae432e9b69ffbfa9257\"},\"headline\":\"Conhecendo Granada \u2013 a bela cidade colonial da Nicar\u00e1gua\",\"datePublished\":\"2017-05-02T02:17:09+00:00\",\"dateModified\":\"2017-09-23T03:51:37+00:00\",\"mainEntityOfPage\":{\"@id\":\"https:\\\/\\\/mundosemfim.com\\\/?p=5719\"},\"wordCount\":1108,\"commentCount\":5,\"image\":{\"@id\":\"https:\\\/\\\/mundosemfim.com\\\/?p=5719#primaryimage\"},\"thumbnailUrl\":\"https:\\\/\\\/i0.wp.com\\\/mundosemfim.com\\\/wp-content\\\/uploads\\\/2017\\\/05\\\/DSC_0026-2.jpg?fit=1000%2C667&ssl=1\",\"articleSection\":[\"am\u00e9rica latina\",\"cidade\",\"colonial\",\"Granada\",\"Nicar\u00e1gua\"],\"inLanguage\":\"pt-BR\",\"potentialAction\":[{\"@type\":\"CommentAction\",\"name\":\"Comment\",\"target\":[\"https:\\\/\\\/mundosemfim.com\\\/?p=5719#respond\"]}]},{\"@type\":\"WebPage\",\"@id\":\"https:\\\/\\\/mundosemfim.com\\\/?p=5719\",\"url\":\"https:\\\/\\\/mundosemfim.com\\\/?p=5719\",\"name\":\"Conhecendo Granada \u2013 a bela cidade colonial da Nicar\u00e1gua - Mundo Sem Fim\",\"isPartOf\":{\"@id\":\"https:\\\/\\\/mundosemfim.com\\\/#website\"},\"primaryImageOfPage\":{\"@id\":\"https:\\\/\\\/mundosemfim.com\\\/?p=5719#primaryimage\"},\"image\":{\"@id\":\"https:\\\/\\\/mundosemfim.com\\\/?p=5719#primaryimage\"},\"thumbnailUrl\":\"https:\\\/\\\/i0.wp.com\\\/mundosemfim.com\\\/wp-content\\\/uploads\\\/2017\\\/05\\\/DSC_0026-2.jpg?fit=1000%2C667&ssl=1\",\"datePublished\":\"2017-05-02T02:17:09+00:00\",\"dateModified\":\"2017-09-23T03:51:37+00:00\",\"author\":{\"@id\":\"https:\\\/\\\/mundosemfim.com\\\/#\\\/schema\\\/person\\\/b021d50f3a19bae432e9b69ffbfa9257\"},\"breadcrumb\":{\"@id\":\"https:\\\/\\\/mundosemfim.com\\\/?p=5719#breadcrumb\"},\"inLanguage\":\"pt-BR\",\"potentialAction\":[{\"@type\":\"ReadAction\",\"target\":[\"https:\\\/\\\/mundosemfim.com\\\/?p=5719\"]}]},{\"@type\":\"ImageObject\",\"inLanguage\":\"pt-BR\",\"@id\":\"https:\\\/\\\/mundosemfim.com\\\/?p=5719#primaryimage\",\"url\":\"https:\\\/\\\/i0.wp.com\\\/mundosemfim.com\\\/wp-content\\\/uploads\\\/2017\\\/05\\\/DSC_0026-2.jpg?fit=1000%2C667&ssl=1\",\"contentUrl\":\"https:\\\/\\\/i0.wp.com\\\/mundosemfim.com\\\/wp-content\\\/uploads\\\/2017\\\/05\\\/DSC_0026-2.jpg?fit=1000%2C667&ssl=1\",\"width\":1000,\"height\":667,\"caption\":\"Bela vista de Granada\"},{\"@type\":\"BreadcrumbList\",\"@id\":\"https:\\\/\\\/mundosemfim.com\\\/?p=5719#breadcrumb\",\"itemListElement\":[{\"@type\":\"ListItem\",\"position\":1,\"name\":\"In\u00edcio\",\"item\":\"https:\\\/\\\/mundosemfim.com\\\/\"},{\"@type\":\"ListItem\",\"position\":2,\"name\":\"Conhecendo Granada \u2013 a bela cidade colonial da Nicar\u00e1gua\"}]},{\"@type\":\"WebSite\",\"@id\":\"https:\\\/\\\/mundosemfim.com\\\/#website\",\"url\":\"https:\\\/\\\/mundosemfim.com\\\/\",\"name\":\"Mundo Sem Fim\",\"description\":\"uma viagem de volta ao mundo pelos 5 continentes!\",\"potentialAction\":[{\"@type\":\"SearchAction\",\"target\":{\"@type\":\"EntryPoint\",\"urlTemplate\":\"https:\\\/\\\/mundosemfim.com\\\/?s={search_term_string}\"},\"query-input\":{\"@type\":\"PropertyValueSpecification\",\"valueRequired\":true,\"valueName\":\"search_term_string\"}}],\"inLanguage\":\"pt-BR\"},{\"@type\":\"Person\",\"@id\":\"https:\\\/\\\/mundosemfim.com\\\/#\\\/schema\\\/person\\\/b021d50f3a19bae432e9b69ffbfa9257\",\"name\":\"Renan\",\"image\":{\"@type\":\"ImageObject\",\"inLanguage\":\"pt-BR\",\"@id\":\"https:\\\/\\\/secure.gravatar.com\\\/avatar\\\/faafca769a603ac75196d21826f3bda645d7e2d6306bb6e236d8cdb38eb44e38?s=96&d=mm&r=g\",\"url\":\"https:\\\/\\\/secure.gravatar.com\\\/avatar\\\/faafca769a603ac75196d21826f3bda645d7e2d6306bb6e236d8cdb38eb44e38?s=96&d=mm&r=g\",\"contentUrl\":\"https:\\\/\\\/secure.gravatar.com\\\/avatar\\\/faafca769a603ac75196d21826f3bda645d7e2d6306bb6e236d8cdb38eb44e38?s=96&d=mm&r=g\",\"caption\":\"Renan\"}}]}<\/script>\n<!-- \/ Yoast SEO plugin. -->","yoast_head_json":{"title":"Conhecendo Granada \u2013 a bela cidade colonial da Nicar\u00e1gua - Mundo Sem Fim","robots":{"index":"index","follow":"follow","max-snippet":"max-snippet:-1","max-image-preview":"max-image-preview:large","max-video-preview":"max-video-preview:-1"},"canonical":"https:\/\/mundosemfim.com\/?p=5719","og_locale":"pt_BR","og_type":"article","og_title":"Conhecendo Granada \u2013 a bela cidade colonial da Nicar\u00e1gua - Mundo Sem Fim","og_description":"Com belas constru\u00e7\u00f5es coloniais e uma fervilhante cultura latina, Granada \u00e9 a Nicar\u00e1gua em seu estado puro. Quer conhecer este pa\u00eds? N\u00e3o deixe de visit\u00e1-la. Est\u00e1 pertinho da capital!","og_url":"https:\/\/mundosemfim.com\/?p=5719","og_site_name":"Mundo Sem Fim","article_publisher":"http:\/\/www.facebook.com\/mundosemfimoficial","article_published_time":"2017-05-02T02:17:09+00:00","article_modified_time":"2017-09-23T03:51:37+00:00","og_image":[{"width":1000,"height":667,"url":"https:\/\/i0.wp.com\/mundosemfim.com\/wp-content\/uploads\/2017\/05\/DSC_0026-2.jpg?fit=1000%2C667&ssl=1","type":"image\/jpeg"}],"author":"Renan","twitter_card":"summary_large_image","twitter_misc":{"Escrito por":"Renan","Est. tempo de leitura":"5 minutos"},"schema":{"@context":"https:\/\/schema.org","@graph":[{"@type":"Article","@id":"https:\/\/mundosemfim.com\/?p=5719#article","isPartOf":{"@id":"https:\/\/mundosemfim.com\/?p=5719"},"author":{"name":"Renan","@id":"https:\/\/mundosemfim.com\/#\/schema\/person\/b021d50f3a19bae432e9b69ffbfa9257"},"headline":"Conhecendo Granada \u2013 a bela cidade colonial da Nicar\u00e1gua","datePublished":"2017-05-02T02:17:09+00:00","dateModified":"2017-09-23T03:51:37+00:00","mainEntityOfPage":{"@id":"https:\/\/mundosemfim.com\/?p=5719"},"wordCount":1108,"commentCount":5,"image":{"@id":"https:\/\/mundosemfim.com\/?p=5719#primaryimage"},"thumbnailUrl":"https:\/\/i0.wp.com\/mundosemfim.com\/wp-content\/uploads\/2017\/05\/DSC_0026-2.jpg?fit=1000%2C667&ssl=1","articleSection":["am\u00e9rica latina","cidade","colonial","Granada","Nicar\u00e1gua"],"inLanguage":"pt-BR","potentialAction":[{"@type":"CommentAction","name":"Comment","target":["https:\/\/mundosemfim.com\/?p=5719#respond"]}]},{"@type":"WebPage","@id":"https:\/\/mundosemfim.com\/?p=5719","url":"https:\/\/mundosemfim.com\/?p=5719","name":"Conhecendo Granada \u2013 a bela cidade colonial da Nicar\u00e1gua - Mundo Sem Fim","isPartOf":{"@id":"https:\/\/mundosemfim.com\/#website"},"primaryImageOfPage":{"@id":"https:\/\/mundosemfim.com\/?p=5719#primaryimage"},"image":{"@id":"https:\/\/mundosemfim.com\/?p=5719#primaryimage"},"thumbnailUrl":"https:\/\/i0.wp.com\/mundosemfim.com\/wp-content\/uploads\/2017\/05\/DSC_0026-2.jpg?fit=1000%2C667&ssl=1","datePublished":"2017-05-02T02:17:09+00:00","dateModified":"2017-09-23T03:51:37+00:00","author":{"@id":"https:\/\/mundosemfim.com\/#\/schema\/person\/b021d50f3a19bae432e9b69ffbfa9257"},"breadcrumb":{"@id":"https:\/\/mundosemfim.com\/?p=5719#breadcrumb"},"inLanguage":"pt-BR","potentialAction":[{"@type":"ReadAction","target":["https:\/\/mundosemfim.com\/?p=5719"]}]},{"@type":"ImageObject","inLanguage":"pt-BR","@id":"https:\/\/mundosemfim.com\/?p=5719#primaryimage","url":"https:\/\/i0.wp.com\/mundosemfim.com\/wp-content\/uploads\/2017\/05\/DSC_0026-2.jpg?fit=1000%2C667&ssl=1","contentUrl":"https:\/\/i0.wp.com\/mundosemfim.com\/wp-content\/uploads\/2017\/05\/DSC_0026-2.jpg?fit=1000%2C667&ssl=1","width":1000,"height":667,"caption":"Bela vista de Granada"},{"@type":"BreadcrumbList","@id":"https:\/\/mundosemfim.com\/?p=5719#breadcrumb","itemListElement":[{"@type":"ListItem","position":1,"name":"In\u00edcio","item":"https:\/\/mundosemfim.com\/"},{"@type":"ListItem","position":2,"name":"Conhecendo Granada \u2013 a bela cidade colonial da Nicar\u00e1gua"}]},{"@type":"WebSite","@id":"https:\/\/mundosemfim.com\/#website","url":"https:\/\/mundosemfim.com\/","name":"Mundo Sem Fim","description":"uma viagem de volta ao mundo pelos 5 continentes!","potentialAction":[{"@type":"SearchAction","target":{"@type":"EntryPoint","urlTemplate":"https:\/\/mundosemfim.com\/?s={search_term_string}"},"query-input":{"@type":"PropertyValueSpecification","valueRequired":true,"valueName":"search_term_string"}}],"inLanguage":"pt-BR"},{"@type":"Person","@id":"https:\/\/mundosemfim.com\/#\/schema\/person\/b021d50f3a19bae432e9b69ffbfa9257","name":"Renan","image":{"@type":"ImageObject","inLanguage":"pt-BR","@id":"https:\/\/secure.gravatar.com\/avatar\/faafca769a603ac75196d21826f3bda645d7e2d6306bb6e236d8cdb38eb44e38?s=96&d=mm&r=g","url":"https:\/\/secure.gravatar.com\/avatar\/faafca769a603ac75196d21826f3bda645d7e2d6306bb6e236d8cdb38eb44e38?s=96&d=mm&r=g","contentUrl":"https:\/\/secure.gravatar.com\/avatar\/faafca769a603ac75196d21826f3bda645d7e2d6306bb6e236d8cdb38eb44e38?s=96&d=mm&r=g","caption":"Renan"}}]}},"jetpack_publicize_connections":[],"jetpack_featured_media_url":"https:\/\/i0.wp.com\/mundosemfim.com\/wp-content\/uploads\/2017\/05\/DSC_0026-2.jpg?fit=1000%2C667&ssl=1","jetpack_sharing_enabled":true,"jetpack_shortlink":"https:\/\/wp.me\/p7CQyF-1uf","jetpack-related-posts":[{"id":5759,"url":"https:\/\/mundosemfim.com\/?p=5759","url_meta":{"origin":5719,"position":0},"title":"Visitando Le\u00f3n \u2013 uma linda cidade colonial na Nicar\u00e1gua","author":"Renan","date":"maio 6, 2017","format":false,"excerpt":"Rica em hist\u00f3ria, vibrante e com uma catedral declarada Patrim\u00f4nio da Humanidade pela UNESCO, Le\u00f3n foi uma das nossas cidades favoritas da Nicar\u00e1gua. Ah, isso sem falar da possibilidade de pegar um tour para fazer sandboard vulc\u00e3o abaixo. Curtiu? Pegue todas as dicas aqui para aproveit\u00e1-la ao m\u00e1ximo! C\u00e2mbio oficial\u2026","rel":"","context":"Em &quot;Am\u00e9rica Central&quot;","block_context":{"text":"Am\u00e9rica Central","link":"https:\/\/mundosemfim.com\/?cat=382"},"img":{"alt_text":"Catedral de Le\u00f3n, Nicar\u00e1gua","src":"https:\/\/i0.wp.com\/mundosemfim.com\/wp-content\/uploads\/2017\/05\/DSC_0156.jpg?fit=1000%2C667&ssl=1&resize=350%2C200","width":350,"height":200,"srcset":"https:\/\/i0.wp.com\/mundosemfim.com\/wp-content\/uploads\/2017\/05\/DSC_0156.jpg?fit=1000%2C667&ssl=1&resize=350%2C200 1x, https:\/\/i0.wp.com\/mundosemfim.com\/wp-content\/uploads\/2017\/05\/DSC_0156.jpg?fit=1000%2C667&ssl=1&resize=525%2C300 1.5x, https:\/\/i0.wp.com\/mundosemfim.com\/wp-content\/uploads\/2017\/05\/DSC_0156.jpg?fit=1000%2C667&ssl=1&resize=700%2C400 2x"},"classes":[]},{"id":5708,"url":"https:\/\/mundosemfim.com\/?p=5708","url_meta":{"origin":5719,"position":1},"title":"Conhe\u00e7a o vulc\u00e3o Masaya (Nicar\u00e1gua) e veja lava em sua cratera!","author":"Renan","date":"abril 30, 2017","format":false,"excerpt":"J\u00e1 subimos a muitos vulc\u00f5es, mas nunca hav\u00edamos tido a oportunidade de ver lava dentro de sua cratera. Isso at\u00e9 agora: na Nicar\u00e1gua, conseguimos realizar nosso sonho, e sem gastar muito! Veja aqui\u00a0todos os detalhes para explorar o vulc\u00e3o ativo Masaya. C\u00e2mbio oficial (abril\/2017) 1 real = 9,40 c\u00f3rdobas 1\u2026","rel":"","context":"Em &quot;Am\u00e9rica Central&quot;","block_context":{"text":"Am\u00e9rica Central","link":"https:\/\/mundosemfim.com\/?cat=382"},"img":{"alt_text":"","src":"https:\/\/i0.wp.com\/mundosemfim.com\/wp-content\/uploads\/2017\/04\/DSC_0099-1.jpg?fit=996%2C474&ssl=1&resize=350%2C200","width":350,"height":200,"srcset":"https:\/\/i0.wp.com\/mundosemfim.com\/wp-content\/uploads\/2017\/04\/DSC_0099-1.jpg?fit=996%2C474&ssl=1&resize=350%2C200 1x, https:\/\/i0.wp.com\/mundosemfim.com\/wp-content\/uploads\/2017\/04\/DSC_0099-1.jpg?fit=996%2C474&ssl=1&resize=525%2C300 1.5x, https:\/\/i0.wp.com\/mundosemfim.com\/wp-content\/uploads\/2017\/04\/DSC_0099-1.jpg?fit=996%2C474&ssl=1&resize=700%2C400 2x"},"classes":[]},{"id":5816,"url":"https:\/\/mundosemfim.com\/?p=5816","url_meta":{"origin":5719,"position":2},"title":"Mochil\u00e3o pela Nicar\u00e1gua \u2013 roteiro, gastos, dicas, fotos, etc","author":"Renan","date":"maio 14, 2017","format":false,"excerpt":"Com belas praias, in\u00fameros vulc\u00f5es, um povo alegre e um custo de vida baixo, a Nicar\u00e1gua \u00e9 um pa\u00eds que cada vez atrai mais turistas. Que tal consider\u00e1-la para as pr\u00f3ximas f\u00e9rias? C\u00e2mbio oficial (maio\/2017) 1 real = 9,35 c\u00f3rdobas 1 d\u00f3lar = 29,80 c\u00f3rdobas Nicar\u00e1gua Quem visita este pa\u00eds\u2026","rel":"","context":"Em &quot;Am\u00e9rica Central&quot;","block_context":{"text":"Am\u00e9rica Central","link":"https:\/\/mundosemfim.com\/?cat=382"},"img":{"alt_text":"Os dois vulc\u00f5es da ilha Ometepe, vista da Punta Jes\u00fas Mar\u00eda","src":"https:\/\/i0.wp.com\/mundosemfim.com\/wp-content\/uploads\/2017\/04\/DSC_0021-3.jpg?fit=1000%2C667&ssl=1&resize=350%2C200","width":350,"height":200,"srcset":"https:\/\/i0.wp.com\/mundosemfim.com\/wp-content\/uploads\/2017\/04\/DSC_0021-3.jpg?fit=1000%2C667&ssl=1&resize=350%2C200 1x, https:\/\/i0.wp.com\/mundosemfim.com\/wp-content\/uploads\/2017\/04\/DSC_0021-3.jpg?fit=1000%2C667&ssl=1&resize=525%2C300 1.5x, https:\/\/i0.wp.com\/mundosemfim.com\/wp-content\/uploads\/2017\/04\/DSC_0021-3.jpg?fit=1000%2C667&ssl=1&resize=700%2C400 2x"},"classes":[]},{"id":5688,"url":"https:\/\/mundosemfim.com\/?p=5688","url_meta":{"origin":5719,"position":3},"title":"Ilha Ometepe \u2013 um para\u00edso relaxante na Nicar\u00e1gua","author":"Renan","date":"abril 29, 2017","format":false,"excerpt":"Seguindo nossa busca pelos lugares mais bonitos da Nicar\u00e1gua, chegamos \u00e0 Ilha Ometepe, um destino encantador formado por dois vulc\u00f5es. Aqui damos todas as dicas de l\u00e1! C\u00e2mbio oficial (abril\/2017) 1 real = 9,46 c\u00f3rdobas 1 d\u00f3lar = 29,8 c\u00f3rdobas Ometepe, na antiga l\u00edngua local, significa \"duas montanhas\". E \u00e9\u2026","rel":"","context":"Em &quot;am\u00e9rica latina&quot;","block_context":{"text":"am\u00e9rica latina","link":"https:\/\/mundosemfim.com\/?cat=7"},"img":{"alt_text":"Os dois vulc\u00f5es da ilha Ometepe, vista da Punta Jes\u00fas Mar\u00eda","src":"https:\/\/i0.wp.com\/mundosemfim.com\/wp-content\/uploads\/2017\/04\/DSC_0021-3.jpg?fit=1000%2C667&ssl=1&resize=350%2C200","width":350,"height":200,"srcset":"https:\/\/i0.wp.com\/mundosemfim.com\/wp-content\/uploads\/2017\/04\/DSC_0021-3.jpg?fit=1000%2C667&ssl=1&resize=350%2C200 1x, https:\/\/i0.wp.com\/mundosemfim.com\/wp-content\/uploads\/2017\/04\/DSC_0021-3.jpg?fit=1000%2C667&ssl=1&resize=525%2C300 1.5x, https:\/\/i0.wp.com\/mundosemfim.com\/wp-content\/uploads\/2017\/04\/DSC_0021-3.jpg?fit=1000%2C667&ssl=1&resize=700%2C400 2x"},"classes":[]},{"id":5739,"url":"https:\/\/mundosemfim.com\/?p=5739","url_meta":{"origin":5719,"position":4},"title":"Visitando Man\u00e1gua, a moderna capital da Nicar\u00e1gua","author":"Renan","date":"maio 3, 2017","format":false,"excerpt":"Muitas vezes ignorada pelos viajantes, Man\u00e1gua \u00e9 uma cidade muito interessante, que merece ao menos 1 dia das suas f\u00e9rias. F\u00e1cil de ser percorrida a p\u00e9 e diferente de qualquer outra capital que voc\u00ea j\u00e1 conheceu, Man\u00e1gua certamente te surpreender\u00e1! C\u00e2mbio oficial (maio\/2017) 1 real = 9,40 c\u00f3rdobas 1 d\u00f3lar\u2026","rel":"","context":"Em &quot;Am\u00e9rica Central&quot;","block_context":{"text":"Am\u00e9rica Central","link":"https:\/\/mundosemfim.com\/?cat=382"},"img":{"alt_text":"Plaza de la Revoluci\u00f3n, Antiga Catedral e Pal\u00e1cio da Cultura em Man\u00e1gua, Nicar\u00e1gua","src":"https:\/\/i0.wp.com\/mundosemfim.com\/wp-content\/uploads\/2017\/05\/DSC_0025.jpg?fit=1000%2C667&ssl=1&resize=350%2C200","width":350,"height":200,"srcset":"https:\/\/i0.wp.com\/mundosemfim.com\/wp-content\/uploads\/2017\/05\/DSC_0025.jpg?fit=1000%2C667&ssl=1&resize=350%2C200 1x, https:\/\/i0.wp.com\/mundosemfim.com\/wp-content\/uploads\/2017\/05\/DSC_0025.jpg?fit=1000%2C667&ssl=1&resize=525%2C300 1.5x, https:\/\/i0.wp.com\/mundosemfim.com\/wp-content\/uploads\/2017\/05\/DSC_0025.jpg?fit=1000%2C667&ssl=1&resize=700%2C400 2x"},"classes":[]},{"id":6262,"url":"https:\/\/mundosemfim.com\/?p=6262","url_meta":{"origin":5719,"position":5},"title":"12 destinos imperd\u00edveis na Am\u00e9rica Central","author":"Renan","date":"julho 18, 2017","format":false,"excerpt":"Fechando nossa viagem pela Am\u00e9rica Central, aqui listamos 12 dos nossos lugares preferidos neste pequeno continente. Se for mochilar por l\u00e1, n\u00e3o deixe de visit\u00e1-los! A ideia era fazer um Top 10, mas foi imposs\u00edvel tirar dois desta lista! 1. San Blas (Panam\u00e1) Al\u00e9m de possuir algumas das praias mais\u2026","rel":"","context":"Em &quot;Am\u00e9rica Central&quot;","block_context":{"text":"Am\u00e9rica Central","link":"https:\/\/mundosemfim.com\/?cat=382"},"img":{"alt_text":"Mucuvinha em West Bay","src":"https:\/\/i0.wp.com\/mundosemfim.com\/wp-content\/uploads\/2017\/05\/DSC_0021.jpg?fit=1000%2C667&ssl=1&resize=350%2C200","width":350,"height":200,"srcset":"https:\/\/i0.wp.com\/mundosemfim.com\/wp-content\/uploads\/2017\/05\/DSC_0021.jpg?fit=1000%2C667&ssl=1&resize=350%2C200 1x, https:\/\/i0.wp.com\/mundosemfim.com\/wp-content\/uploads\/2017\/05\/DSC_0021.jpg?fit=1000%2C667&ssl=1&resize=525%2C300 1.5x, https:\/\/i0.wp.com\/mundosemfim.com\/wp-content\/uploads\/2017\/05\/DSC_0021.jpg?fit=1000%2C667&ssl=1&resize=700%2C400 2x"},"classes":[]}],"_links":{"self":[{"href":"https:\/\/mundosemfim.com\/index.php?rest_route=\/wp\/v2\/posts\/5719","targetHints":{"allow":["GET"]}}],"collection":[{"href":"https:\/\/mundosemfim.com\/index.php?rest_route=\/wp\/v2\/posts"}],"about":[{"href":"https:\/\/mundosemfim.com\/index.php?rest_route=\/wp\/v2\/types\/post"}],"author":[{"embeddable":true,"href":"https:\/\/mundosemfim.com\/index.php?rest_route=\/wp\/v2\/users\/1"}],"replies":[{"embeddable":true,"href":"https:\/\/mundosemfim.com\/index.php?rest_route=%2Fwp%2Fv2%2Fcomments&post=5719"}],"version-history":[{"count":6,"href":"https:\/\/mundosemfim.com\/index.php?rest_route=\/wp\/v2\/posts\/5719\/revisions"}],"predecessor-version":[{"id":6749,"href":"https:\/\/mundosemfim.com\/index.php?rest_route=\/wp\/v2\/posts\/5719\/revisions\/6749"}],"wp:featuredmedia":[{"embeddable":true,"href":"https:\/\/mundosemfim.com\/index.php?rest_route=\/wp\/v2\/media\/5727"}],"wp:attachment":[{"href":"https:\/\/mundosemfim.com\/index.php?rest_route=%2Fwp%2Fv2%2Fmedia&parent=5719"}],"wp:term":[{"taxonomy":"category","embeddable":true,"href":"https:\/\/mundosemfim.com\/index.php?rest_route=%2Fwp%2Fv2%2Fcategories&post=5719"},{"taxonomy":"post_tag","embeddable":true,"href":"https:\/\/mundosemfim.com\/index.php?rest_route=%2Fwp%2Fv2%2Ftags&post=5719"}],"curies":[{"name":"wp","href":"https:\/\/api.w.org\/{rel}","templated":true}]}}