{"id":5708,"date":"2017-04-30T17:42:03","date_gmt":"2017-04-30T20:42:03","guid":{"rendered":"https:\/\/mundosemfim.com\/?p=5708"},"modified":"2017-07-14T00:02:23","modified_gmt":"2017-07-14T03:02:23","slug":"conheca-o-vulcao-masaya-nicaragua-e-veja-lava-em-sua-cratera","status":"publish","type":"post","link":"https:\/\/mundosemfim.com\/?p=5708","title":{"rendered":"Conhe\u00e7a o vulc\u00e3o Masaya (Nicar\u00e1gua) e veja lava em sua cratera!"},"content":{"rendered":"<p>J\u00e1 subimos a muitos vulc\u00f5es, mas nunca hav\u00edamos tido a oportunidade de ver lava dentro de sua cratera. Isso at\u00e9 agora: na <a href=\"https:\/\/mundosemfim.com\/mochilao-pela-nicaragua-roteiro-gastos-dicas-fotos-etc\/\">Nicar\u00e1gua<\/a>, conseguimos realizar nosso sonho, e sem gastar muito!<\/p>\n<p>Veja aqui\u00a0todos os detalhes para explorar o vulc\u00e3o ativo Masaya.<\/p>\n<p><!--more--><\/p>\n<p><b>C\u00e2mbio oficial (abril\/2017)<br \/>\n<\/b>1 real = 9,40 c\u00f3rdobas<br \/>\n1 d\u00f3lar = 29,80 c\u00f3rdobas<\/p>\n<figure id=\"attachment_5709\" aria-describedby=\"caption-attachment-5709\" style=\"width: 1000px\" class=\"wp-caption aligncenter\"><img data-recalc-dims=\"1\" loading=\"lazy\" decoding=\"async\" data-attachment-id=\"5709\" data-permalink=\"https:\/\/mundosemfim.com\/?attachment_id=5709\" data-orig-file=\"https:\/\/i0.wp.com\/mundosemfim.com\/wp-content\/uploads\/2017\/04\/DSC_0069.jpg?fit=1000%2C667&amp;ssl=1\" data-orig-size=\"1000,667\" data-comments-opened=\"1\" data-image-meta=\"{&quot;aperture&quot;:&quot;0&quot;,&quot;credit&quot;:&quot;&quot;,&quot;camera&quot;:&quot;&quot;,&quot;caption&quot;:&quot;&quot;,&quot;created_timestamp&quot;:&quot;0&quot;,&quot;copyright&quot;:&quot;&quot;,&quot;focal_length&quot;:&quot;0&quot;,&quot;iso&quot;:&quot;0&quot;,&quot;shutter_speed&quot;:&quot;0&quot;,&quot;title&quot;:&quot;&quot;,&quot;orientation&quot;:&quot;0&quot;}\" data-image-title=\"Masaya\" data-image-description=\"&lt;p&gt;Vulc\u00e3o Masaya &amp;#8211; Nicar\u00e1gua&lt;\/p&gt;\n\" data-image-caption=\"&lt;p&gt;N\u00f3s em frente \u00e0 cratera do vulc\u00e3o Masaya!&lt;\/p&gt;\n\" data-large-file=\"https:\/\/i0.wp.com\/mundosemfim.com\/wp-content\/uploads\/2017\/04\/DSC_0069.jpg?fit=764%2C510&amp;ssl=1\" class=\"size-full wp-image-5709\" src=\"https:\/\/i0.wp.com\/mundosemfim.com\/wp-content\/uploads\/2017\/04\/DSC_0069.jpg?resize=764%2C510&#038;ssl=1\" alt=\"Vulc\u00e3o Masaya - Nicar\u00e1gua\" width=\"764\" height=\"510\" srcset=\"https:\/\/i0.wp.com\/mundosemfim.com\/wp-content\/uploads\/2017\/04\/DSC_0069.jpg?w=1000&amp;ssl=1 1000w, https:\/\/i0.wp.com\/mundosemfim.com\/wp-content\/uploads\/2017\/04\/DSC_0069.jpg?resize=300%2C200&amp;ssl=1 300w, https:\/\/i0.wp.com\/mundosemfim.com\/wp-content\/uploads\/2017\/04\/DSC_0069.jpg?resize=768%2C512&amp;ssl=1 768w\" sizes=\"auto, (max-width: 764px) 100vw, 764px\" \/><figcaption id=\"caption-attachment-5709\" class=\"wp-caption-text\">N\u00f3s em frente \u00e0 cratera do vulc\u00e3o Masaya!<\/figcaption><\/figure>\n<p>Com pouco menos de 700 metros de altitude, a cerca de 20km ao sul da capital, o Masaya \u00e9 um vulc\u00e3o de f\u00e1cil acesso e muito ativo na Nicar\u00e1gua. Para ter uma ideia, sua \u00faltima erup\u00e7\u00e3o aconteceu em janeiro de 2016.<\/p>\n<p>Por ser um dos poucos lugares do mundo onde \u00e9 poss\u00edvel ver lava vulc\u00e2nica sem a necessidade de realizar uma expedi\u00e7\u00e3o cara, o Masaya acabou se tornando um dos principais pontos tur\u00edsticos do pa\u00eds, atraindo turistas de todas as partes do mundo.<\/p>\n<p>Em tempos antigos, diversos sacrif\u00edcios humanos j\u00e1 se realizaram no local para acalmar sua f\u00faria. Nos tempos coloniais, a igreja teria declarado que o Masaya era uma das portas para o inferno, e construiu uma cruz ao lado da cratera para evitar que o mal sa\u00edsse l\u00e1 de dentro.<\/p>\n<h3><b>Quanto custa?<\/b><\/h3>\n<p>\u00c9 poss\u00edvel visitar o vulc\u00e3o durante o dia (das 9h \u00e0s 16h30min) ou pela noite (das 17h30min \u00e0s 19h30min). Pelo dia, o pre\u00e7o da entrada \u00e9 100 c\u00f3rdobas para estrangeiros e 30 para nacionais. Pela noite, a entrada \u00e9 10 d\u00f3lares para qualquer nacionalidade.<\/p>\n<p>Se n\u00e3o tiver ve\u00edculo particular, \u00e9 preciso pegar uma van da portaria at\u00e9 o vulc\u00e3o (6km, 100 c\u00f3rdobas \u2013 n\u00e3o permitem subir caminhando), ou conseguir uma carona na entrada mesmo. Pela noite esta van n\u00e3o est\u00e1 dispon\u00edvel.<\/p>\n<p>Tamb\u00e9m h\u00e1 excurs\u00f5es saindo desde <a href=\"https:\/\/mundosemfim.com\/conhecendo-granada-bela-cidade-colonial-da-nicaragua\/\">Granada<\/a> por valores entre 18 e 25 d\u00f3lares (com a entrada inclu\u00edda).<\/p>\n<figure id=\"attachment_5714\" aria-describedby=\"caption-attachment-5714\" style=\"width: 1000px\" class=\"wp-caption aligncenter\"><img data-recalc-dims=\"1\" loading=\"lazy\" decoding=\"async\" data-attachment-id=\"5714\" data-permalink=\"https:\/\/mundosemfim.com\/?attachment_id=5714\" data-orig-file=\"https:\/\/i0.wp.com\/mundosemfim.com\/wp-content\/uploads\/2017\/04\/DSC_0099.jpg?fit=1000%2C667&amp;ssl=1\" data-orig-size=\"1000,667\" data-comments-opened=\"1\" data-image-meta=\"{&quot;aperture&quot;:&quot;0&quot;,&quot;credit&quot;:&quot;&quot;,&quot;camera&quot;:&quot;&quot;,&quot;caption&quot;:&quot;&quot;,&quot;created_timestamp&quot;:&quot;0&quot;,&quot;copyright&quot;:&quot;&quot;,&quot;focal_length&quot;:&quot;0&quot;,&quot;iso&quot;:&quot;0&quot;,&quot;shutter_speed&quot;:&quot;0&quot;,&quot;title&quot;:&quot;&quot;,&quot;orientation&quot;:&quot;0&quot;}\" data-image-title=\"Vulc\u00e3o Masaya\" data-image-description=\"&lt;p&gt;Cratera do vulc\u00e3o Masaya&lt;\/p&gt;\n\" data-image-caption=\"&lt;p&gt;Lava no interior da cratera do vulc\u00e3o Masaya. Pela foto n\u00e3o parece, mas essa cratera \u00e9 enorme.&lt;\/p&gt;\n\" data-large-file=\"https:\/\/i0.wp.com\/mundosemfim.com\/wp-content\/uploads\/2017\/04\/DSC_0099.jpg?fit=764%2C510&amp;ssl=1\" class=\"size-full wp-image-5714\" src=\"https:\/\/i0.wp.com\/mundosemfim.com\/wp-content\/uploads\/2017\/04\/DSC_0099.jpg?resize=764%2C510&#038;ssl=1\" alt=\"Cratera do vulc\u00e3o Masaya\" width=\"764\" height=\"510\" srcset=\"https:\/\/i0.wp.com\/mundosemfim.com\/wp-content\/uploads\/2017\/04\/DSC_0099.jpg?w=1000&amp;ssl=1 1000w, https:\/\/i0.wp.com\/mundosemfim.com\/wp-content\/uploads\/2017\/04\/DSC_0099.jpg?resize=300%2C200&amp;ssl=1 300w, https:\/\/i0.wp.com\/mundosemfim.com\/wp-content\/uploads\/2017\/04\/DSC_0099.jpg?resize=768%2C512&amp;ssl=1 768w\" sizes=\"auto, (max-width: 764px) 100vw, 764px\" \/><figcaption id=\"caption-attachment-5714\" class=\"wp-caption-text\">Lava no interior da cratera do vulc\u00e3o Masaya. Pela foto n\u00e3o parece, mas essa cratera \u00e9 enorme.<\/figcaption><\/figure>\n<h3><b>O que levar?<\/b><\/h3>\n<p>A temperatura em cima do vulc\u00e3o \u00e9 a mesma que embaixo, por isso n\u00e3o h\u00e1 necessidade de levar casacos nem nada. A estrada sobe at\u00e9 o\u00a0mirador, assim pode ir de chinelo tranquilamente.<\/p>\n<p>Se tiver um trip\u00e9 para a c\u00e2mera, ele poder\u00e1 ser \u00fatil para tirar fotos melhores se for \u00e0 noite.<\/p>\n<h3><b>Como chegar ao Masaya por conta pr\u00f3pria<\/b><\/h3>\n<p>N\u00f3s n\u00e3o hav\u00edamos encontrado muitas informa\u00e7\u00f5es de como fazer o passeio por conta pr\u00f3pria (muitos diziam que era imposs\u00edvel), e por isso acabamos contratando o tour. Mas \u00e9 poss\u00edvel ir por conta pr\u00f3pria sim.<\/p>\n<p>Para quem est\u00e1 em <a href=\"https:\/\/mundosemfim.com\/conhecendo-granada-bela-cidade-colonial-da-nicaragua\/\">Granada<\/a>, basta pegar qualquer \u00f4nibus que vai para Man\u00e1gua e pedir para descer na entrada do parque (ou, se estiver em Man\u00e1gua, pegue o \u00f4nibus para <a href=\"https:\/\/mundosemfim.com\/conhecendo-granada-bela-cidade-colonial-da-nicaragua\/\">Granada<\/a>). A passagem n\u00e3o deve custar mais que 29 c\u00f3rdobas.<\/p>\n<p>Na entrada, h\u00e1 uma van que leva at\u00e9 a cratera por 100 c\u00f3rdobas. Os hor\u00e1rios que a van sai s\u00e3o: 10h, 12h e 15h. Se n\u00e3o quiser pagar, basta pedir uma carona (provavelmente qualquer carro topar\u00e1 te levar). Para ver o vulc\u00e3o no hor\u00e1rio noturno, s\u00f3 com carona ou excurs\u00e3o mesmo.<\/p>\n<p>Para voltar para a sua cidade, basta ficar \u00e0 beira da estrada e acenar para o pr\u00f3ximo \u00f4nibus que passar.<\/p>\n<figure id=\"attachment_5710\" aria-describedby=\"caption-attachment-5710\" style=\"width: 1000px\" class=\"wp-caption aligncenter\"><img data-recalc-dims=\"1\" loading=\"lazy\" decoding=\"async\" data-attachment-id=\"5710\" data-permalink=\"https:\/\/mundosemfim.com\/?attachment_id=5710\" data-orig-file=\"https:\/\/i0.wp.com\/mundosemfim.com\/wp-content\/uploads\/2017\/04\/DSC_0034-1.jpg?fit=1000%2C667&amp;ssl=1\" data-orig-size=\"1000,667\" data-comments-opened=\"1\" data-image-meta=\"{&quot;aperture&quot;:&quot;0&quot;,&quot;credit&quot;:&quot;&quot;,&quot;camera&quot;:&quot;&quot;,&quot;caption&quot;:&quot;&quot;,&quot;created_timestamp&quot;:&quot;0&quot;,&quot;copyright&quot;:&quot;&quot;,&quot;focal_length&quot;:&quot;0&quot;,&quot;iso&quot;:&quot;0&quot;,&quot;shutter_speed&quot;:&quot;0&quot;,&quot;title&quot;:&quot;&quot;,&quot;orientation&quot;:&quot;0&quot;}\" data-image-title=\"Masaya\" data-image-description=\"\" data-image-caption=\"&lt;p&gt;Fila para entrar no Masaya. N\u00e3o \u00e9 dif\u00edcil conseguir uma carona por aqui!&lt;\/p&gt;\n\" data-large-file=\"https:\/\/i0.wp.com\/mundosemfim.com\/wp-content\/uploads\/2017\/04\/DSC_0034-1.jpg?fit=764%2C510&amp;ssl=1\" class=\"size-full wp-image-5710\" src=\"https:\/\/i0.wp.com\/mundosemfim.com\/wp-content\/uploads\/2017\/04\/DSC_0034-1.jpg?resize=764%2C510&#038;ssl=1\" alt=\"\" width=\"764\" height=\"510\" srcset=\"https:\/\/i0.wp.com\/mundosemfim.com\/wp-content\/uploads\/2017\/04\/DSC_0034-1.jpg?w=1000&amp;ssl=1 1000w, https:\/\/i0.wp.com\/mundosemfim.com\/wp-content\/uploads\/2017\/04\/DSC_0034-1.jpg?resize=300%2C200&amp;ssl=1 300w, https:\/\/i0.wp.com\/mundosemfim.com\/wp-content\/uploads\/2017\/04\/DSC_0034-1.jpg?resize=768%2C512&amp;ssl=1 768w\" sizes=\"auto, (max-width: 764px) 100vw, 764px\" \/><figcaption id=\"caption-attachment-5710\" class=\"wp-caption-text\">Fila para entrar no Masaya. N\u00e3o \u00e9 dif\u00edcil conseguir uma carona por aqui!<\/figcaption><\/figure>\n<h3><b>Indo em tour \u2013 como economizar<\/b><\/h3>\n<p>Praticamente todas as ag\u00eancias de turismo de <a href=\"https:\/\/mundosemfim.com\/conhecendo-granada-bela-cidade-colonial-da-nicaragua\/\">Granada<\/a> vendem passeios para o vulc\u00e3o. Os pre\u00e7os, no geral, ficam entre 18 e 20 d\u00f3lares para fazer o passeio de dia, ou na faixa dos 25 d\u00f3lares para fazer pela noite (tudo com a entrada inclu\u00edda). N\u00f3s conseguimos por 17 d\u00f3lares pela noite.<\/p>\n<p>Para conseguir o melhor pre\u00e7o, o segredo \u00e9 n\u00e3o reservar nada com anteced\u00eancia. H\u00e1 mais ag\u00eancias do que turistas, e por isso elas cobram caro, j\u00e1 que possivelmente acabem tendo que levar um grupo pequeno (isso se n\u00e3o tiverem que levar s\u00f3 voc\u00ea). Se a ag\u00eancia j\u00e1 tiver um grupo e tiver lugares sobrando na van, poder\u00e1 te levar por um pre\u00e7o bem mais bacana (afinal, qualquer coisa que vier a mais \u00e9 lucro).<\/p>\n<figure id=\"attachment_5715\" aria-describedby=\"caption-attachment-5715\" style=\"width: 1000px\" class=\"wp-caption aligncenter\"><img data-recalc-dims=\"1\" loading=\"lazy\" decoding=\"async\" data-attachment-id=\"5715\" data-permalink=\"https:\/\/mundosemfim.com\/?attachment_id=5715\" data-orig-file=\"https:\/\/i0.wp.com\/mundosemfim.com\/wp-content\/uploads\/2017\/04\/DSC_0030-1.jpg?fit=1000%2C667&amp;ssl=1\" data-orig-size=\"1000,667\" data-comments-opened=\"1\" data-image-meta=\"{&quot;aperture&quot;:&quot;0&quot;,&quot;credit&quot;:&quot;&quot;,&quot;camera&quot;:&quot;&quot;,&quot;caption&quot;:&quot;&quot;,&quot;created_timestamp&quot;:&quot;0&quot;,&quot;copyright&quot;:&quot;&quot;,&quot;focal_length&quot;:&quot;0&quot;,&quot;iso&quot;:&quot;0&quot;,&quot;shutter_speed&quot;:&quot;0&quot;,&quot;title&quot;:&quot;&quot;,&quot;orientation&quot;:&quot;0&quot;}\" data-image-title=\"Vulc\u00e3o Masaya\" data-image-description=\"&lt;p&gt;Vulc\u00e3o Masaya visto da estrada&lt;\/p&gt;\n\" data-image-caption=\"&lt;p&gt;Vulc\u00e3o Masaya visto da estrada&lt;\/p&gt;\n\" data-large-file=\"https:\/\/i0.wp.com\/mundosemfim.com\/wp-content\/uploads\/2017\/04\/DSC_0030-1.jpg?fit=764%2C510&amp;ssl=1\" class=\"size-full wp-image-5715\" src=\"https:\/\/i0.wp.com\/mundosemfim.com\/wp-content\/uploads\/2017\/04\/DSC_0030-1.jpg?resize=764%2C510&#038;ssl=1\" alt=\"Vulc\u00e3o Masaya visto da estrada\" width=\"764\" height=\"510\" srcset=\"https:\/\/i0.wp.com\/mundosemfim.com\/wp-content\/uploads\/2017\/04\/DSC_0030-1.jpg?w=1000&amp;ssl=1 1000w, https:\/\/i0.wp.com\/mundosemfim.com\/wp-content\/uploads\/2017\/04\/DSC_0030-1.jpg?resize=300%2C200&amp;ssl=1 300w, https:\/\/i0.wp.com\/mundosemfim.com\/wp-content\/uploads\/2017\/04\/DSC_0030-1.jpg?resize=768%2C512&amp;ssl=1 768w\" sizes=\"auto, (max-width: 764px) 100vw, 764px\" \/><figcaption id=\"caption-attachment-5715\" class=\"wp-caption-text\">Vulc\u00e3o Masaya visto da estrada<\/figcaption><\/figure>\n<p>N\u00f3s est\u00e1vamos decididos a fazer o passeio de dia mesmo para economizar, mas enquanto caminh\u00e1vamos pela <i>Calle La Calzada <\/i>(que desce ao lado da catedral), escutamos um rapaz gritar: &#8220;Vulc\u00e3o Masaya! Hoje a noite, 17 d\u00f3lares!&#8221;. A\u00ed nos interessamos. Como a entrada j\u00e1 estava inclu\u00edda, o tour sa\u00eda, na verdade, por 7 d\u00f3lares.<\/p>\n<p>Ele explicou que j\u00e1 tinha um grupo de 6 pessoasl e por isso podia nos fazer mais barato. Comentou que os outros pagaram 22 d\u00f3lares (o que confirmamos posteriormente).<\/p>\n<p>A ag\u00eancia que nos levou foi a Adventure Tours.<\/p>\n<p>Outra ag\u00eancia bastante econ\u00f4mica \u00e9 a Todo Tours (na av. Vega, em frente ao parque central). Esta nos faria a 20 pela noite, em um tour privado.<\/p>\n<figure id=\"attachment_5711\" aria-describedby=\"caption-attachment-5711\" style=\"width: 1000px\" class=\"wp-caption aligncenter\"><img data-recalc-dims=\"1\" loading=\"lazy\" decoding=\"async\" data-attachment-id=\"5711\" data-permalink=\"https:\/\/mundosemfim.com\/?attachment_id=5711\" data-orig-file=\"https:\/\/i0.wp.com\/mundosemfim.com\/wp-content\/uploads\/2017\/04\/P4280026.jpg?fit=1000%2C667&amp;ssl=1\" data-orig-size=\"1000,667\" data-comments-opened=\"1\" data-image-meta=\"{&quot;aperture&quot;:&quot;0&quot;,&quot;credit&quot;:&quot;&quot;,&quot;camera&quot;:&quot;&quot;,&quot;caption&quot;:&quot;&quot;,&quot;created_timestamp&quot;:&quot;0&quot;,&quot;copyright&quot;:&quot;&quot;,&quot;focal_length&quot;:&quot;0&quot;,&quot;iso&quot;:&quot;0&quot;,&quot;shutter_speed&quot;:&quot;0&quot;,&quot;title&quot;:&quot;&quot;,&quot;orientation&quot;:&quot;0&quot;}\" data-image-title=\"Masaya\" data-image-description=\"&lt;p&gt;Mucuvinha indo para o vulc\u00e3o Masaya&lt;\/p&gt;\n\" data-image-caption=\"&lt;p&gt;Seguindo ao Masaya em tour&lt;\/p&gt;\n\" data-large-file=\"https:\/\/i0.wp.com\/mundosemfim.com\/wp-content\/uploads\/2017\/04\/P4280026.jpg?fit=764%2C510&amp;ssl=1\" class=\"size-full wp-image-5711\" src=\"https:\/\/i0.wp.com\/mundosemfim.com\/wp-content\/uploads\/2017\/04\/P4280026.jpg?resize=764%2C510&#038;ssl=1\" alt=\"Mucuvinha indo para o vulc\u00e3o Masaya\" width=\"764\" height=\"510\" srcset=\"https:\/\/i0.wp.com\/mundosemfim.com\/wp-content\/uploads\/2017\/04\/P4280026.jpg?w=1000&amp;ssl=1 1000w, https:\/\/i0.wp.com\/mundosemfim.com\/wp-content\/uploads\/2017\/04\/P4280026.jpg?resize=300%2C200&amp;ssl=1 300w, https:\/\/i0.wp.com\/mundosemfim.com\/wp-content\/uploads\/2017\/04\/P4280026.jpg?resize=768%2C512&amp;ssl=1 768w\" sizes=\"auto, (max-width: 764px) 100vw, 764px\" \/><figcaption id=\"caption-attachment-5711\" class=\"wp-caption-text\">Seguindo ao Masaya em tour<\/figcaption><\/figure>\n<h3><b>Como foi o tour<\/b><\/h3>\n<p>Sa\u00edmos de <a href=\"https:\/\/mundosemfim.com\/conhecendo-granada-bela-cidade-colonial-da-nicaragua\/\">Granada<\/a> \u00e0s 16h50min. A van foi buscar o pessoal no hotel (n\u00f3s sa\u00edmos direto da ag\u00eancia mesmo). Em cerca de 30 minutos, j\u00e1 est\u00e1vamos na fila para entrar (a maioria das pessoas quer ver o vulc\u00e3o \u00e0 noite, por isso a fila come\u00e7a antes mesmo da abertura do parque). Ali h\u00e1 diversas pessoas vendendo \u00e1gua, comidas e cerveja (a latinha custa 1 d\u00f3lar). Pode ser uma boa maneira de passar o tempo.<\/p>\n<p>Em 20 minutos entramos no parque, e seguimos 6 quil\u00f4metros por estrada at\u00e9 o vulc\u00e3o. No caminho, esperamos mais uns 15 minutos em uma outra fila (s\u00f3 permitem subir 10 carros por vez). Ali aproveitamos para ver a Laguna de Apoyo, outro destino tur\u00edstico da regi\u00e3o. Daqui tamb\u00e9m era poss\u00edvel ver uma nuvem vermelha sendo emanada do vulc\u00e3o.<\/p>\n<figure id=\"attachment_5712\" aria-describedby=\"caption-attachment-5712\" style=\"width: 1000px\" class=\"wp-caption aligncenter\"><img data-recalc-dims=\"1\" loading=\"lazy\" decoding=\"async\" data-attachment-id=\"5712\" data-permalink=\"https:\/\/mundosemfim.com\/?attachment_id=5712\" data-orig-file=\"https:\/\/i0.wp.com\/mundosemfim.com\/wp-content\/uploads\/2017\/04\/DSC_0042-1.jpg?fit=1000%2C667&amp;ssl=1\" data-orig-size=\"1000,667\" data-comments-opened=\"1\" data-image-meta=\"{&quot;aperture&quot;:&quot;0&quot;,&quot;credit&quot;:&quot;&quot;,&quot;camera&quot;:&quot;&quot;,&quot;caption&quot;:&quot;&quot;,&quot;created_timestamp&quot;:&quot;0&quot;,&quot;copyright&quot;:&quot;&quot;,&quot;focal_length&quot;:&quot;0&quot;,&quot;iso&quot;:&quot;0&quot;,&quot;shutter_speed&quot;:&quot;0&quot;,&quot;title&quot;:&quot;&quot;,&quot;orientation&quot;:&quot;0&quot;}\" data-image-title=\"Laguna de Apoyo\" data-image-description=\"&lt;p&gt;Laguna de Apoyo, Nicar\u00e1gua&lt;\/p&gt;\n\" data-image-caption=\"&lt;p&gt;Laguna de Apoyo, vista do vulc\u00e3o Masaya&lt;\/p&gt;\n\" data-large-file=\"https:\/\/i0.wp.com\/mundosemfim.com\/wp-content\/uploads\/2017\/04\/DSC_0042-1.jpg?fit=764%2C510&amp;ssl=1\" class=\"size-full wp-image-5712\" src=\"https:\/\/i0.wp.com\/mundosemfim.com\/wp-content\/uploads\/2017\/04\/DSC_0042-1.jpg?resize=764%2C510&#038;ssl=1\" alt=\"Laguna de Apoyo, Nicar\u00e1gua\" width=\"764\" height=\"510\" srcset=\"https:\/\/i0.wp.com\/mundosemfim.com\/wp-content\/uploads\/2017\/04\/DSC_0042-1.jpg?w=1000&amp;ssl=1 1000w, https:\/\/i0.wp.com\/mundosemfim.com\/wp-content\/uploads\/2017\/04\/DSC_0042-1.jpg?resize=300%2C200&amp;ssl=1 300w, https:\/\/i0.wp.com\/mundosemfim.com\/wp-content\/uploads\/2017\/04\/DSC_0042-1.jpg?resize=768%2C512&amp;ssl=1 768w\" sizes=\"auto, (max-width: 764px) 100vw, 764px\" \/><figcaption id=\"caption-attachment-5712\" class=\"wp-caption-text\">Laguna de Apoyo, vista do vulc\u00e3o Masaya<\/figcaption><\/figure>\n<p>Terminada a espera, seguimos. Chegamos ao topo e j\u00e1 era noite. De l\u00e1 havia 2 mirantes para ver a lava. Um estava lotado, o outro praticamente vazio. Ficamos no vazio, tirando v\u00e1rias fotos.<\/p>\n<p>O tempo de perman\u00eancia permitido pelo parque para ficar l\u00e1 em cima, pela noite, \u00e9 de 10 minutos. Pelo dia pode ficar o tempo que quiser.<\/p>\n<p>Terminado nosso tempo, seguimos a estrada de volta a <a href=\"https:\/\/mundosemfim.com\/conhecendo-granada-bela-cidade-colonial-da-nicaragua\/\">Granada<\/a>. Nos deixaram na porta do nosso hotel por volta das 20h.<\/p>\n<figure id=\"attachment_5713\" aria-describedby=\"caption-attachment-5713\" style=\"width: 1000px\" class=\"wp-caption aligncenter\"><img data-recalc-dims=\"1\" loading=\"lazy\" decoding=\"async\" data-attachment-id=\"5713\" data-permalink=\"https:\/\/mundosemfim.com\/?attachment_id=5713\" data-orig-file=\"https:\/\/i0.wp.com\/mundosemfim.com\/wp-content\/uploads\/2017\/04\/DSC_0051.jpg?fit=1000%2C667&amp;ssl=1\" data-orig-size=\"1000,667\" data-comments-opened=\"1\" data-image-meta=\"{&quot;aperture&quot;:&quot;0&quot;,&quot;credit&quot;:&quot;&quot;,&quot;camera&quot;:&quot;&quot;,&quot;caption&quot;:&quot;&quot;,&quot;created_timestamp&quot;:&quot;0&quot;,&quot;copyright&quot;:&quot;&quot;,&quot;focal_length&quot;:&quot;0&quot;,&quot;iso&quot;:&quot;0&quot;,&quot;shutter_speed&quot;:&quot;0&quot;,&quot;title&quot;:&quot;&quot;,&quot;orientation&quot;:&quot;0&quot;}\" data-image-title=\"Masaya\" data-image-description=\"&lt;p&gt;Luz vermelha saindo da cratera do vulc\u00e3o Masaya&lt;\/p&gt;\n\" data-image-caption=\"&lt;p&gt;Luz vermelha saindo da cratera do vulc\u00e3o &lt;\/p&gt;\n\" data-large-file=\"https:\/\/i0.wp.com\/mundosemfim.com\/wp-content\/uploads\/2017\/04\/DSC_0051.jpg?fit=764%2C510&amp;ssl=1\" class=\"size-full wp-image-5713\" src=\"https:\/\/i0.wp.com\/mundosemfim.com\/wp-content\/uploads\/2017\/04\/DSC_0051.jpg?resize=764%2C510&#038;ssl=1\" alt=\"Luz vermelha saindo da cratera do vulc\u00e3o Masaya\" width=\"764\" height=\"510\" srcset=\"https:\/\/i0.wp.com\/mundosemfim.com\/wp-content\/uploads\/2017\/04\/DSC_0051.jpg?w=1000&amp;ssl=1 1000w, https:\/\/i0.wp.com\/mundosemfim.com\/wp-content\/uploads\/2017\/04\/DSC_0051.jpg?resize=300%2C200&amp;ssl=1 300w, https:\/\/i0.wp.com\/mundosemfim.com\/wp-content\/uploads\/2017\/04\/DSC_0051.jpg?resize=768%2C512&amp;ssl=1 768w\" sizes=\"auto, (max-width: 764px) 100vw, 764px\" \/><figcaption id=\"caption-attachment-5713\" class=\"wp-caption-text\">Luz vermelha saindo da cratera do vulc\u00e3o<\/figcaption><\/figure>\n<p>\u00c9 isso pessoal! Curtiram o passeio? N\u00e3o deixem de faz\u00ea-lo quando estiverem na <a href=\"https:\/\/mundosemfim.com\/mochilao-pela-nicaragua-roteiro-gastos-dicas-fotos-etc\/\">Nicar\u00e1gua<\/a> \ud83d\ude42<\/p>\n<p>Se for passar em Granada, pegue todas as dicas da cidade\u00a0<a href=\"https:\/\/mundosemfim.com\/conhecendo-granada-bela-cidade-colonial-da-nicaragua\/\"><strong>aqui<\/strong><\/a>.<\/p>\n<p>E, para mais dicas bacanas e acompanhar nossa viagem pelo mundo, curtam nossa p\u00e1gina no face:<br \/>\n<a href=\"http:\/\/www.facebook.com\/mundosemfimoficial\">www.facebook.com\/mundosemfimoficial<\/a><\/p>\n<p><span style=\"border-radius: 2px; text-indent: 20px; width: auto; padding: 0px 4px 0px 0px; text-align: center; font: bold 11px\/20px 'Helvetica Neue',Helvetica,sans-serif; color: #ffffff; background: #bd081c  no-repeat scroll 3px 50% \/ 14px 14px; position: absolute; opacity: 1; z-index: 8675309; display: none; cursor: pointer; top: 5761px; left: 20px;\">Salvar<\/span><\/p>\n","protected":false},"excerpt":{"rendered":"<p>J\u00e1 subimos a muitos vulc\u00f5es, mas nunca hav\u00edamos tido a oportunidade de ver lava dentro de sua cratera. Isso at\u00e9 agora: na Nicar\u00e1gua, conseguimos realizar nosso sonho, e sem gastar muito! Veja aqui\u00a0todos os detalhes para explorar o vulc\u00e3o ativo Masaya.<\/p>\n","protected":false},"author":1,"featured_media":5716,"comment_status":"open","ping_status":"open","sticky":false,"template":"","format":"standard","meta":{"jetpack_post_was_ever_published":false,"_jetpack_newsletter_access":"","_jetpack_dont_email_post_to_subs":true,"_jetpack_newsletter_tier_id":0,"_jetpack_memberships_contains_paywalled_content":false,"_jetpack_memberships_contains_paid_content":false,"footnotes":"","jetpack_publicize_message":"","jetpack_publicize_feature_enabled":true,"jetpack_social_post_already_shared":true,"jetpack_social_options":{"image_generator_settings":{"template":"highway","default_image_id":0,"font":"","enabled":false},"version":2}},"categories":[382,394,43,390,287,361],"tags":[395],"class_list":["post-5708","post","type-post","status-publish","format-standard","has-post-thumbnail","hentry","category-america-central","category-granada","category-natureza","category-nicaragua","category-parques-nacionais","category-vulcao-natureza","tag-masaya"],"yoast_head":"<!-- This site is optimized with the Yoast SEO plugin v27.5 - https:\/\/yoast.com\/product\/yoast-seo-wordpress\/ -->\n<title>Conhe\u00e7a o vulc\u00e3o Masaya (Nicar\u00e1gua) e veja lava em sua cratera! - Mundo Sem Fim<\/title>\n<meta name=\"robots\" content=\"index, follow, max-snippet:-1, max-image-preview:large, max-video-preview:-1\" \/>\n<link rel=\"canonical\" href=\"https:\/\/mundosemfim.com\/?p=5708\" \/>\n<meta property=\"og:locale\" content=\"pt_BR\" \/>\n<meta property=\"og:type\" content=\"article\" \/>\n<meta property=\"og:title\" content=\"Conhe\u00e7a o vulc\u00e3o Masaya (Nicar\u00e1gua) e veja lava em sua cratera! - Mundo Sem Fim\" \/>\n<meta property=\"og:description\" content=\"J\u00e1 subimos a muitos vulc\u00f5es, mas nunca hav\u00edamos tido a oportunidade de ver lava dentro de sua cratera. Isso at\u00e9 agora: na Nicar\u00e1gua, conseguimos realizar nosso sonho, e sem gastar muito! Veja aqui\u00a0todos os detalhes para explorar o vulc\u00e3o ativo Masaya.\" \/>\n<meta property=\"og:url\" content=\"https:\/\/mundosemfim.com\/?p=5708\" \/>\n<meta property=\"og:site_name\" content=\"Mundo Sem Fim\" \/>\n<meta property=\"article:publisher\" content=\"http:\/\/www.facebook.com\/mundosemfimoficial\" \/>\n<meta property=\"article:published_time\" content=\"2017-04-30T20:42:03+00:00\" \/>\n<meta property=\"article:modified_time\" content=\"2017-07-14T03:02:23+00:00\" \/>\n<meta property=\"og:image\" content=\"https:\/\/i0.wp.com\/mundosemfim.com\/wp-content\/uploads\/2017\/04\/DSC_0099-1.jpg?fit=996%2C474&ssl=1\" \/>\n\t<meta property=\"og:image:width\" content=\"996\" \/>\n\t<meta property=\"og:image:height\" content=\"474\" \/>\n\t<meta property=\"og:image:type\" content=\"image\/jpeg\" \/>\n<meta name=\"author\" content=\"Renan\" \/>\n<meta name=\"twitter:card\" content=\"summary_large_image\" \/>\n<meta name=\"twitter:label1\" content=\"Escrito por\" \/>\n\t<meta name=\"twitter:data1\" content=\"Renan\" \/>\n\t<meta name=\"twitter:label2\" content=\"Est. tempo de leitura\" \/>\n\t<meta name=\"twitter:data2\" content=\"6 minutos\" \/>\n<script type=\"application\/ld+json\" class=\"yoast-schema-graph\">{\"@context\":\"https:\\\/\\\/schema.org\",\"@graph\":[{\"@type\":\"Article\",\"@id\":\"https:\\\/\\\/mundosemfim.com\\\/?p=5708#article\",\"isPartOf\":{\"@id\":\"https:\\\/\\\/mundosemfim.com\\\/?p=5708\"},\"author\":{\"name\":\"Renan\",\"@id\":\"https:\\\/\\\/mundosemfim.com\\\/#\\\/schema\\\/person\\\/b021d50f3a19bae432e9b69ffbfa9257\"},\"headline\":\"Conhe\u00e7a o vulc\u00e3o Masaya (Nicar\u00e1gua) e veja lava em sua cratera!\",\"datePublished\":\"2017-04-30T20:42:03+00:00\",\"dateModified\":\"2017-07-14T03:02:23+00:00\",\"mainEntityOfPage\":{\"@id\":\"https:\\\/\\\/mundosemfim.com\\\/?p=5708\"},\"wordCount\":1198,\"commentCount\":3,\"image\":{\"@id\":\"https:\\\/\\\/mundosemfim.com\\\/?p=5708#primaryimage\"},\"thumbnailUrl\":\"https:\\\/\\\/i0.wp.com\\\/mundosemfim.com\\\/wp-content\\\/uploads\\\/2017\\\/04\\\/DSC_0099-1.jpg?fit=996%2C474&ssl=1\",\"keywords\":[\"masaya\"],\"articleSection\":[\"Am\u00e9rica Central\",\"Granada\",\"natureza\",\"Nicar\u00e1gua\",\"parques nacionais\",\"vulc\u00e3o\"],\"inLanguage\":\"pt-BR\",\"potentialAction\":[{\"@type\":\"CommentAction\",\"name\":\"Comment\",\"target\":[\"https:\\\/\\\/mundosemfim.com\\\/?p=5708#respond\"]}]},{\"@type\":\"WebPage\",\"@id\":\"https:\\\/\\\/mundosemfim.com\\\/?p=5708\",\"url\":\"https:\\\/\\\/mundosemfim.com\\\/?p=5708\",\"name\":\"Conhe\u00e7a o vulc\u00e3o Masaya (Nicar\u00e1gua) e veja lava em sua cratera! - Mundo Sem Fim\",\"isPartOf\":{\"@id\":\"https:\\\/\\\/mundosemfim.com\\\/#website\"},\"primaryImageOfPage\":{\"@id\":\"https:\\\/\\\/mundosemfim.com\\\/?p=5708#primaryimage\"},\"image\":{\"@id\":\"https:\\\/\\\/mundosemfim.com\\\/?p=5708#primaryimage\"},\"thumbnailUrl\":\"https:\\\/\\\/i0.wp.com\\\/mundosemfim.com\\\/wp-content\\\/uploads\\\/2017\\\/04\\\/DSC_0099-1.jpg?fit=996%2C474&ssl=1\",\"datePublished\":\"2017-04-30T20:42:03+00:00\",\"dateModified\":\"2017-07-14T03:02:23+00:00\",\"author\":{\"@id\":\"https:\\\/\\\/mundosemfim.com\\\/#\\\/schema\\\/person\\\/b021d50f3a19bae432e9b69ffbfa9257\"},\"breadcrumb\":{\"@id\":\"https:\\\/\\\/mundosemfim.com\\\/?p=5708#breadcrumb\"},\"inLanguage\":\"pt-BR\",\"potentialAction\":[{\"@type\":\"ReadAction\",\"target\":[\"https:\\\/\\\/mundosemfim.com\\\/?p=5708\"]}]},{\"@type\":\"ImageObject\",\"inLanguage\":\"pt-BR\",\"@id\":\"https:\\\/\\\/mundosemfim.com\\\/?p=5708#primaryimage\",\"url\":\"https:\\\/\\\/i0.wp.com\\\/mundosemfim.com\\\/wp-content\\\/uploads\\\/2017\\\/04\\\/DSC_0099-1.jpg?fit=996%2C474&ssl=1\",\"contentUrl\":\"https:\\\/\\\/i0.wp.com\\\/mundosemfim.com\\\/wp-content\\\/uploads\\\/2017\\\/04\\\/DSC_0099-1.jpg?fit=996%2C474&ssl=1\",\"width\":996,\"height\":474,\"caption\":\"Cratera do vulc\u00e3o Masaya\"},{\"@type\":\"BreadcrumbList\",\"@id\":\"https:\\\/\\\/mundosemfim.com\\\/?p=5708#breadcrumb\",\"itemListElement\":[{\"@type\":\"ListItem\",\"position\":1,\"name\":\"In\u00edcio\",\"item\":\"https:\\\/\\\/mundosemfim.com\\\/\"},{\"@type\":\"ListItem\",\"position\":2,\"name\":\"Conhe\u00e7a o vulc\u00e3o Masaya (Nicar\u00e1gua) e veja lava em sua cratera!\"}]},{\"@type\":\"WebSite\",\"@id\":\"https:\\\/\\\/mundosemfim.com\\\/#website\",\"url\":\"https:\\\/\\\/mundosemfim.com\\\/\",\"name\":\"Mundo Sem Fim\",\"description\":\"uma viagem de volta ao mundo pelos 5 continentes!\",\"potentialAction\":[{\"@type\":\"SearchAction\",\"target\":{\"@type\":\"EntryPoint\",\"urlTemplate\":\"https:\\\/\\\/mundosemfim.com\\\/?s={search_term_string}\"},\"query-input\":{\"@type\":\"PropertyValueSpecification\",\"valueRequired\":true,\"valueName\":\"search_term_string\"}}],\"inLanguage\":\"pt-BR\"},{\"@type\":\"Person\",\"@id\":\"https:\\\/\\\/mundosemfim.com\\\/#\\\/schema\\\/person\\\/b021d50f3a19bae432e9b69ffbfa9257\",\"name\":\"Renan\",\"image\":{\"@type\":\"ImageObject\",\"inLanguage\":\"pt-BR\",\"@id\":\"https:\\\/\\\/secure.gravatar.com\\\/avatar\\\/faafca769a603ac75196d21826f3bda645d7e2d6306bb6e236d8cdb38eb44e38?s=96&d=mm&r=g\",\"url\":\"https:\\\/\\\/secure.gravatar.com\\\/avatar\\\/faafca769a603ac75196d21826f3bda645d7e2d6306bb6e236d8cdb38eb44e38?s=96&d=mm&r=g\",\"contentUrl\":\"https:\\\/\\\/secure.gravatar.com\\\/avatar\\\/faafca769a603ac75196d21826f3bda645d7e2d6306bb6e236d8cdb38eb44e38?s=96&d=mm&r=g\",\"caption\":\"Renan\"}}]}<\/script>\n<!-- \/ Yoast SEO plugin. -->","yoast_head_json":{"title":"Conhe\u00e7a o vulc\u00e3o Masaya (Nicar\u00e1gua) e veja lava em sua cratera! - Mundo Sem Fim","robots":{"index":"index","follow":"follow","max-snippet":"max-snippet:-1","max-image-preview":"max-image-preview:large","max-video-preview":"max-video-preview:-1"},"canonical":"https:\/\/mundosemfim.com\/?p=5708","og_locale":"pt_BR","og_type":"article","og_title":"Conhe\u00e7a o vulc\u00e3o Masaya (Nicar\u00e1gua) e veja lava em sua cratera! - Mundo Sem Fim","og_description":"J\u00e1 subimos a muitos vulc\u00f5es, mas nunca hav\u00edamos tido a oportunidade de ver lava dentro de sua cratera. Isso at\u00e9 agora: na Nicar\u00e1gua, conseguimos realizar nosso sonho, e sem gastar muito! Veja aqui\u00a0todos os detalhes para explorar o vulc\u00e3o ativo Masaya.","og_url":"https:\/\/mundosemfim.com\/?p=5708","og_site_name":"Mundo Sem Fim","article_publisher":"http:\/\/www.facebook.com\/mundosemfimoficial","article_published_time":"2017-04-30T20:42:03+00:00","article_modified_time":"2017-07-14T03:02:23+00:00","og_image":[{"width":996,"height":474,"url":"https:\/\/i0.wp.com\/mundosemfim.com\/wp-content\/uploads\/2017\/04\/DSC_0099-1.jpg?fit=996%2C474&ssl=1","type":"image\/jpeg"}],"author":"Renan","twitter_card":"summary_large_image","twitter_misc":{"Escrito por":"Renan","Est. tempo de leitura":"6 minutos"},"schema":{"@context":"https:\/\/schema.org","@graph":[{"@type":"Article","@id":"https:\/\/mundosemfim.com\/?p=5708#article","isPartOf":{"@id":"https:\/\/mundosemfim.com\/?p=5708"},"author":{"name":"Renan","@id":"https:\/\/mundosemfim.com\/#\/schema\/person\/b021d50f3a19bae432e9b69ffbfa9257"},"headline":"Conhe\u00e7a o vulc\u00e3o Masaya (Nicar\u00e1gua) e veja lava em sua cratera!","datePublished":"2017-04-30T20:42:03+00:00","dateModified":"2017-07-14T03:02:23+00:00","mainEntityOfPage":{"@id":"https:\/\/mundosemfim.com\/?p=5708"},"wordCount":1198,"commentCount":3,"image":{"@id":"https:\/\/mundosemfim.com\/?p=5708#primaryimage"},"thumbnailUrl":"https:\/\/i0.wp.com\/mundosemfim.com\/wp-content\/uploads\/2017\/04\/DSC_0099-1.jpg?fit=996%2C474&ssl=1","keywords":["masaya"],"articleSection":["Am\u00e9rica Central","Granada","natureza","Nicar\u00e1gua","parques nacionais","vulc\u00e3o"],"inLanguage":"pt-BR","potentialAction":[{"@type":"CommentAction","name":"Comment","target":["https:\/\/mundosemfim.com\/?p=5708#respond"]}]},{"@type":"WebPage","@id":"https:\/\/mundosemfim.com\/?p=5708","url":"https:\/\/mundosemfim.com\/?p=5708","name":"Conhe\u00e7a o vulc\u00e3o Masaya (Nicar\u00e1gua) e veja lava em sua cratera! - Mundo Sem Fim","isPartOf":{"@id":"https:\/\/mundosemfim.com\/#website"},"primaryImageOfPage":{"@id":"https:\/\/mundosemfim.com\/?p=5708#primaryimage"},"image":{"@id":"https:\/\/mundosemfim.com\/?p=5708#primaryimage"},"thumbnailUrl":"https:\/\/i0.wp.com\/mundosemfim.com\/wp-content\/uploads\/2017\/04\/DSC_0099-1.jpg?fit=996%2C474&ssl=1","datePublished":"2017-04-30T20:42:03+00:00","dateModified":"2017-07-14T03:02:23+00:00","author":{"@id":"https:\/\/mundosemfim.com\/#\/schema\/person\/b021d50f3a19bae432e9b69ffbfa9257"},"breadcrumb":{"@id":"https:\/\/mundosemfim.com\/?p=5708#breadcrumb"},"inLanguage":"pt-BR","potentialAction":[{"@type":"ReadAction","target":["https:\/\/mundosemfim.com\/?p=5708"]}]},{"@type":"ImageObject","inLanguage":"pt-BR","@id":"https:\/\/mundosemfim.com\/?p=5708#primaryimage","url":"https:\/\/i0.wp.com\/mundosemfim.com\/wp-content\/uploads\/2017\/04\/DSC_0099-1.jpg?fit=996%2C474&ssl=1","contentUrl":"https:\/\/i0.wp.com\/mundosemfim.com\/wp-content\/uploads\/2017\/04\/DSC_0099-1.jpg?fit=996%2C474&ssl=1","width":996,"height":474,"caption":"Cratera do vulc\u00e3o Masaya"},{"@type":"BreadcrumbList","@id":"https:\/\/mundosemfim.com\/?p=5708#breadcrumb","itemListElement":[{"@type":"ListItem","position":1,"name":"In\u00edcio","item":"https:\/\/mundosemfim.com\/"},{"@type":"ListItem","position":2,"name":"Conhe\u00e7a o vulc\u00e3o Masaya (Nicar\u00e1gua) e veja lava em sua cratera!"}]},{"@type":"WebSite","@id":"https:\/\/mundosemfim.com\/#website","url":"https:\/\/mundosemfim.com\/","name":"Mundo Sem Fim","description":"uma viagem de volta ao mundo pelos 5 continentes!","potentialAction":[{"@type":"SearchAction","target":{"@type":"EntryPoint","urlTemplate":"https:\/\/mundosemfim.com\/?s={search_term_string}"},"query-input":{"@type":"PropertyValueSpecification","valueRequired":true,"valueName":"search_term_string"}}],"inLanguage":"pt-BR"},{"@type":"Person","@id":"https:\/\/mundosemfim.com\/#\/schema\/person\/b021d50f3a19bae432e9b69ffbfa9257","name":"Renan","image":{"@type":"ImageObject","inLanguage":"pt-BR","@id":"https:\/\/secure.gravatar.com\/avatar\/faafca769a603ac75196d21826f3bda645d7e2d6306bb6e236d8cdb38eb44e38?s=96&d=mm&r=g","url":"https:\/\/secure.gravatar.com\/avatar\/faafca769a603ac75196d21826f3bda645d7e2d6306bb6e236d8cdb38eb44e38?s=96&d=mm&r=g","contentUrl":"https:\/\/secure.gravatar.com\/avatar\/faafca769a603ac75196d21826f3bda645d7e2d6306bb6e236d8cdb38eb44e38?s=96&d=mm&r=g","caption":"Renan"}}]}},"jetpack_publicize_connections":[],"jetpack_featured_media_url":"https:\/\/i0.wp.com\/mundosemfim.com\/wp-content\/uploads\/2017\/04\/DSC_0099-1.jpg?fit=996%2C474&ssl=1","jetpack_sharing_enabled":true,"jetpack_shortlink":"https:\/\/wp.me\/p7CQyF-1u4","jetpack-related-posts":[{"id":5719,"url":"https:\/\/mundosemfim.com\/?p=5719","url_meta":{"origin":5708,"position":0},"title":"Conhecendo Granada \u2013 a bela cidade colonial da Nicar\u00e1gua","author":"Renan","date":"maio 1, 2017","format":false,"excerpt":"Com belas constru\u00e7\u00f5es coloniais e uma fervilhante cultura latina, Granada \u00e9 a Nicar\u00e1gua em seu estado puro. Quer conhecer este pa\u00eds? N\u00e3o deixe de visit\u00e1-la. Est\u00e1 pertinho da capital! C\u00e2mbio oficial (abril\/2017) 1 real = 9,40 c\u00f3rdobas 1 d\u00f3lar = 29,80 c\u00f3rdobas Fundada em 1524, Granada ostenta o t\u00edtulo de\u2026","rel":"","context":"Em &quot;am\u00e9rica latina&quot;","block_context":{"text":"am\u00e9rica latina","link":"https:\/\/mundosemfim.com\/?cat=7"},"img":{"alt_text":"Granada, Nicar\u00e1gua","src":"https:\/\/i0.wp.com\/mundosemfim.com\/wp-content\/uploads\/2017\/05\/DSC_0026-2.jpg?fit=1000%2C667&ssl=1&resize=350%2C200","width":350,"height":200,"srcset":"https:\/\/i0.wp.com\/mundosemfim.com\/wp-content\/uploads\/2017\/05\/DSC_0026-2.jpg?fit=1000%2C667&ssl=1&resize=350%2C200 1x, https:\/\/i0.wp.com\/mundosemfim.com\/wp-content\/uploads\/2017\/05\/DSC_0026-2.jpg?fit=1000%2C667&ssl=1&resize=525%2C300 1.5x, https:\/\/i0.wp.com\/mundosemfim.com\/wp-content\/uploads\/2017\/05\/DSC_0026-2.jpg?fit=1000%2C667&ssl=1&resize=700%2C400 2x"},"classes":[]},{"id":6262,"url":"https:\/\/mundosemfim.com\/?p=6262","url_meta":{"origin":5708,"position":1},"title":"12 destinos imperd\u00edveis na Am\u00e9rica Central","author":"Renan","date":"julho 18, 2017","format":false,"excerpt":"Fechando nossa viagem pela Am\u00e9rica Central, aqui listamos 12 dos nossos lugares preferidos neste pequeno continente. Se for mochilar por l\u00e1, n\u00e3o deixe de visit\u00e1-los! A ideia era fazer um Top 10, mas foi imposs\u00edvel tirar dois desta lista! 1. San Blas (Panam\u00e1) Al\u00e9m de possuir algumas das praias mais\u2026","rel":"","context":"Em &quot;Am\u00e9rica Central&quot;","block_context":{"text":"Am\u00e9rica Central","link":"https:\/\/mundosemfim.com\/?cat=382"},"img":{"alt_text":"Mucuvinha em West Bay","src":"https:\/\/i0.wp.com\/mundosemfim.com\/wp-content\/uploads\/2017\/05\/DSC_0021.jpg?fit=1000%2C667&ssl=1&resize=350%2C200","width":350,"height":200,"srcset":"https:\/\/i0.wp.com\/mundosemfim.com\/wp-content\/uploads\/2017\/05\/DSC_0021.jpg?fit=1000%2C667&ssl=1&resize=350%2C200 1x, https:\/\/i0.wp.com\/mundosemfim.com\/wp-content\/uploads\/2017\/05\/DSC_0021.jpg?fit=1000%2C667&ssl=1&resize=525%2C300 1.5x, https:\/\/i0.wp.com\/mundosemfim.com\/wp-content\/uploads\/2017\/05\/DSC_0021.jpg?fit=1000%2C667&ssl=1&resize=700%2C400 2x"},"classes":[]},{"id":5816,"url":"https:\/\/mundosemfim.com\/?p=5816","url_meta":{"origin":5708,"position":2},"title":"Mochil\u00e3o pela Nicar\u00e1gua \u2013 roteiro, gastos, dicas, fotos, etc","author":"Renan","date":"maio 14, 2017","format":false,"excerpt":"Com belas praias, in\u00fameros vulc\u00f5es, um povo alegre e um custo de vida baixo, a Nicar\u00e1gua \u00e9 um pa\u00eds que cada vez atrai mais turistas. Que tal consider\u00e1-la para as pr\u00f3ximas f\u00e9rias? C\u00e2mbio oficial (maio\/2017) 1 real = 9,35 c\u00f3rdobas 1 d\u00f3lar = 29,80 c\u00f3rdobas Nicar\u00e1gua Quem visita este pa\u00eds\u2026","rel":"","context":"Em &quot;Am\u00e9rica Central&quot;","block_context":{"text":"Am\u00e9rica Central","link":"https:\/\/mundosemfim.com\/?cat=382"},"img":{"alt_text":"Os dois vulc\u00f5es da ilha Ometepe, vista da Punta Jes\u00fas Mar\u00eda","src":"https:\/\/i0.wp.com\/mundosemfim.com\/wp-content\/uploads\/2017\/04\/DSC_0021-3.jpg?fit=1000%2C667&ssl=1&resize=350%2C200","width":350,"height":200,"srcset":"https:\/\/i0.wp.com\/mundosemfim.com\/wp-content\/uploads\/2017\/04\/DSC_0021-3.jpg?fit=1000%2C667&ssl=1&resize=350%2C200 1x, https:\/\/i0.wp.com\/mundosemfim.com\/wp-content\/uploads\/2017\/04\/DSC_0021-3.jpg?fit=1000%2C667&ssl=1&resize=525%2C300 1.5x, https:\/\/i0.wp.com\/mundosemfim.com\/wp-content\/uploads\/2017\/04\/DSC_0021-3.jpg?fit=1000%2C667&ssl=1&resize=700%2C400 2x"},"classes":[]},{"id":6911,"url":"https:\/\/mundosemfim.com\/?p=6911","url_meta":{"origin":5708,"position":3},"title":"Conhecendo Cuexcomate, o menor vulc\u00e3o do mundo (Puebla, M\u00e9xico)","author":"Renan","date":"outubro 25, 2017","format":false,"excerpt":"Com uma altura de apenas 13 metros, o Cuexcomate \u00e9 um vulc\u00e3o que quase passa despercebido em uma pracinha da cidade de Puebla. Aqui contamos como \u00e9 visit\u00e1-lo! C\u00e2mbio oficial (outubro\/2017) 1 real = 5,90 pesos mexicanos 1 d\u00f3lar = 19,20 pesos mexicanos Quem passa distra\u00eddo ao lado deste vulc\u00e3o\u2026","rel":"","context":"Em &quot;Am\u00e9rica do Norte&quot;","block_context":{"text":"Am\u00e9rica do Norte","link":"https:\/\/mundosemfim.com\/?cat=431"},"img":{"alt_text":"Cuexcomate, o menor vulc\u00e3o do mundo","src":"https:\/\/i0.wp.com\/mundosemfim.com\/wp-content\/uploads\/2017\/10\/DSC_0002-1.jpg?fit=900%2C600&ssl=1&resize=350%2C200","width":350,"height":200,"srcset":"https:\/\/i0.wp.com\/mundosemfim.com\/wp-content\/uploads\/2017\/10\/DSC_0002-1.jpg?fit=900%2C600&ssl=1&resize=350%2C200 1x, https:\/\/i0.wp.com\/mundosemfim.com\/wp-content\/uploads\/2017\/10\/DSC_0002-1.jpg?fit=900%2C600&ssl=1&resize=525%2C300 1.5x, https:\/\/i0.wp.com\/mundosemfim.com\/wp-content\/uploads\/2017\/10\/DSC_0002-1.jpg?fit=900%2C600&ssl=1&resize=700%2C400 2x"},"classes":[]},{"id":5653,"url":"https:\/\/mundosemfim.com\/?p=5653","url_meta":{"origin":5708,"position":4},"title":"Cruzando a fronteira Costa Rica \u2013 Nicar\u00e1gua por Pe\u00f1as Blancas","author":"Renan","date":"abril 20, 2017","format":false,"excerpt":"Seguindo nosso recorrido pela Am\u00e9rica Central, aqui contamos como foi cruzar a fronteira da Costa Rica com a Nicar\u00e1gua por terra! C\u00e2mbio oficial (abril\/2017) 1 real = 178 colones (dinheiro da Costa Rica) 1 real = 9,45 c\u00f3rdobas (dinheiro da Nicar\u00e1gua) 1 d\u00f3lar = 3,16 reais Seguindo nossa viagem pela\u2026","rel":"","context":"Em &quot;Am\u00e9rica Central&quot;","block_context":{"text":"Am\u00e9rica Central","link":"https:\/\/mundosemfim.com\/?cat=382"},"img":{"alt_text":"Cruzando a fronteira Costa Rica - Nicar\u00e1gua por Pe\u00f1as Blancas.","src":"https:\/\/i0.wp.com\/mundosemfim.com\/wp-content\/uploads\/2017\/04\/P4200022.jpg?fit=1000%2C667&ssl=1&resize=350%2C200","width":350,"height":200,"srcset":"https:\/\/i0.wp.com\/mundosemfim.com\/wp-content\/uploads\/2017\/04\/P4200022.jpg?fit=1000%2C667&ssl=1&resize=350%2C200 1x, https:\/\/i0.wp.com\/mundosemfim.com\/wp-content\/uploads\/2017\/04\/P4200022.jpg?fit=1000%2C667&ssl=1&resize=525%2C300 1.5x, https:\/\/i0.wp.com\/mundosemfim.com\/wp-content\/uploads\/2017\/04\/P4200022.jpg?fit=1000%2C667&ssl=1&resize=700%2C400 2x"},"classes":[]},{"id":5688,"url":"https:\/\/mundosemfim.com\/?p=5688","url_meta":{"origin":5708,"position":5},"title":"Ilha Ometepe \u2013 um para\u00edso relaxante na Nicar\u00e1gua","author":"Renan","date":"abril 29, 2017","format":false,"excerpt":"Seguindo nossa busca pelos lugares mais bonitos da Nicar\u00e1gua, chegamos \u00e0 Ilha Ometepe, um destino encantador formado por dois vulc\u00f5es. Aqui damos todas as dicas de l\u00e1! C\u00e2mbio oficial (abril\/2017) 1 real = 9,46 c\u00f3rdobas 1 d\u00f3lar = 29,8 c\u00f3rdobas Ometepe, na antiga l\u00edngua local, significa \"duas montanhas\". E \u00e9\u2026","rel":"","context":"Em &quot;am\u00e9rica latina&quot;","block_context":{"text":"am\u00e9rica latina","link":"https:\/\/mundosemfim.com\/?cat=7"},"img":{"alt_text":"Os dois vulc\u00f5es da ilha Ometepe, vista da Punta Jes\u00fas Mar\u00eda","src":"https:\/\/i0.wp.com\/mundosemfim.com\/wp-content\/uploads\/2017\/04\/DSC_0021-3.jpg?fit=1000%2C667&ssl=1&resize=350%2C200","width":350,"height":200,"srcset":"https:\/\/i0.wp.com\/mundosemfim.com\/wp-content\/uploads\/2017\/04\/DSC_0021-3.jpg?fit=1000%2C667&ssl=1&resize=350%2C200 1x, https:\/\/i0.wp.com\/mundosemfim.com\/wp-content\/uploads\/2017\/04\/DSC_0021-3.jpg?fit=1000%2C667&ssl=1&resize=525%2C300 1.5x, https:\/\/i0.wp.com\/mundosemfim.com\/wp-content\/uploads\/2017\/04\/DSC_0021-3.jpg?fit=1000%2C667&ssl=1&resize=700%2C400 2x"},"classes":[]}],"_links":{"self":[{"href":"https:\/\/mundosemfim.com\/index.php?rest_route=\/wp\/v2\/posts\/5708","targetHints":{"allow":["GET"]}}],"collection":[{"href":"https:\/\/mundosemfim.com\/index.php?rest_route=\/wp\/v2\/posts"}],"about":[{"href":"https:\/\/mundosemfim.com\/index.php?rest_route=\/wp\/v2\/types\/post"}],"author":[{"embeddable":true,"href":"https:\/\/mundosemfim.com\/index.php?rest_route=\/wp\/v2\/users\/1"}],"replies":[{"embeddable":true,"href":"https:\/\/mundosemfim.com\/index.php?rest_route=%2Fwp%2Fv2%2Fcomments&post=5708"}],"version-history":[{"count":5,"href":"https:\/\/mundosemfim.com\/index.php?rest_route=\/wp\/v2\/posts\/5708\/revisions"}],"predecessor-version":[{"id":6195,"href":"https:\/\/mundosemfim.com\/index.php?rest_route=\/wp\/v2\/posts\/5708\/revisions\/6195"}],"wp:featuredmedia":[{"embeddable":true,"href":"https:\/\/mundosemfim.com\/index.php?rest_route=\/wp\/v2\/media\/5716"}],"wp:attachment":[{"href":"https:\/\/mundosemfim.com\/index.php?rest_route=%2Fwp%2Fv2%2Fmedia&parent=5708"}],"wp:term":[{"taxonomy":"category","embeddable":true,"href":"https:\/\/mundosemfim.com\/index.php?rest_route=%2Fwp%2Fv2%2Fcategories&post=5708"},{"taxonomy":"post_tag","embeddable":true,"href":"https:\/\/mundosemfim.com\/index.php?rest_route=%2Fwp%2Fv2%2Ftags&post=5708"}],"curies":[{"name":"wp","href":"https:\/\/api.w.org\/{rel}","templated":true}]}}