{"id":5688,"date":"2017-04-29T22:00:44","date_gmt":"2017-04-30T01:00:44","guid":{"rendered":"https:\/\/mundosemfim.com\/?p=5688"},"modified":"2017-07-14T00:00:34","modified_gmt":"2017-07-14T03:00:34","slug":"ilha-ometepe-um-paraiso-relaxante-na-nicaragua","status":"publish","type":"post","link":"https:\/\/mundosemfim.com\/?p=5688","title":{"rendered":"Ilha Ometepe \u2013 um para\u00edso relaxante na Nicar\u00e1gua"},"content":{"rendered":"<p>Seguindo nossa busca pelos lugares mais bonitos da <a href=\"https:\/\/mundosemfim.com\/mochilao-pela-nicaragua-roteiro-gastos-dicas-fotos-etc\/\">Nicar\u00e1gua<\/a>, chegamos \u00e0 Ilha Ometepe, um destino encantador formado por dois vulc\u00f5es. Aqui damos todas as dicas de l\u00e1!<\/p>\n<p><!--more--><\/p>\n<p><b>C\u00e2mbio oficial (abril\/2017)<br \/>\n<\/b>1 real = 9,46 c\u00f3rdobas<br \/>\n1 d\u00f3lar = 29,8 c\u00f3rdobas<\/p>\n<figure id=\"attachment_5690\" aria-describedby=\"caption-attachment-5690\" style=\"width: 1000px\" class=\"wp-caption aligncenter\"><img data-recalc-dims=\"1\" loading=\"lazy\" decoding=\"async\" data-attachment-id=\"5690\" data-permalink=\"https:\/\/mundosemfim.com\/?attachment_id=5690\" data-orig-file=\"https:\/\/i0.wp.com\/mundosemfim.com\/wp-content\/uploads\/2017\/04\/DSC_0021-3.jpg?fit=1000%2C667&amp;ssl=1\" data-orig-size=\"1000,667\" data-comments-opened=\"1\" data-image-meta=\"{&quot;aperture&quot;:&quot;0&quot;,&quot;credit&quot;:&quot;&quot;,&quot;camera&quot;:&quot;&quot;,&quot;caption&quot;:&quot;&quot;,&quot;created_timestamp&quot;:&quot;0&quot;,&quot;copyright&quot;:&quot;&quot;,&quot;focal_length&quot;:&quot;0&quot;,&quot;iso&quot;:&quot;0&quot;,&quot;shutter_speed&quot;:&quot;0&quot;,&quot;title&quot;:&quot;&quot;,&quot;orientation&quot;:&quot;0&quot;}\" data-image-title=\"Ometepe\" data-image-description=\"&lt;p&gt;Os dois vulc\u00f5es da ilha Ometepe, vista da Punta Jes\u00fas Mar\u00eda&lt;\/p&gt;\n\" data-image-caption=\"&lt;p&gt;Os dois vulc\u00f5es da ilha Ometepe, vista da Punta Jes\u00fas Mar\u00eda&lt;\/p&gt;\n\" data-large-file=\"https:\/\/i0.wp.com\/mundosemfim.com\/wp-content\/uploads\/2017\/04\/DSC_0021-3.jpg?fit=764%2C510&amp;ssl=1\" class=\"size-full wp-image-5690\" src=\"https:\/\/i0.wp.com\/mundosemfim.com\/wp-content\/uploads\/2017\/04\/DSC_0021-3.jpg?resize=764%2C510&#038;ssl=1\" alt=\"Os dois vulc\u00f5es da ilha Ometepe, vista da Punta Jes\u00fas Mar\u00eda\" width=\"764\" height=\"510\" srcset=\"https:\/\/i0.wp.com\/mundosemfim.com\/wp-content\/uploads\/2017\/04\/DSC_0021-3.jpg?w=1000&amp;ssl=1 1000w, https:\/\/i0.wp.com\/mundosemfim.com\/wp-content\/uploads\/2017\/04\/DSC_0021-3.jpg?resize=300%2C200&amp;ssl=1 300w, https:\/\/i0.wp.com\/mundosemfim.com\/wp-content\/uploads\/2017\/04\/DSC_0021-3.jpg?resize=768%2C512&amp;ssl=1 768w\" sizes=\"auto, (max-width: 764px) 100vw, 764px\" \/><figcaption id=\"caption-attachment-5690\" class=\"wp-caption-text\">Os dois vulc\u00f5es da ilha Ometepe, vista da Punta Jes\u00fas Mar\u00eda<\/figcaption><\/figure>\n<p>Ometepe, na antiga l\u00edngua local, significa &#8220;duas montanhas&#8221;. E \u00e9 basicamente isso que esta ilha \u00e9: dois grandes vulc\u00f5es, ligados por uma faixa de terra, destacados no meio de um grande lago.<\/p>\n<p>A ilha de Ometepe possui 276 quil\u00f4metros quadrados, e seus 40 mil habitantes viviam basicamente das atividades rurais. Atualmente, com o avan\u00e7o do turismo na regi\u00e3o, esta se tornou outra atividade econ\u00f4mica bastante importante.<\/p>\n<p>Com praias de \u00e1gua doce, uma infinidade de p\u00e1ssaros, macacos, lagoas e cachoeiras, al\u00e9m de uma beleza cultural e de uma culin\u00e1ria excepcional, Ometepe \u00e9 um destino obrigat\u00f3rio para quem vem conhecer a Nicar\u00e1gua!<\/p>\n<figure id=\"attachment_5701\" aria-describedby=\"caption-attachment-5701\" style=\"width: 1000px\" class=\"wp-caption aligncenter\"><img data-recalc-dims=\"1\" loading=\"lazy\" decoding=\"async\" data-attachment-id=\"5701\" data-permalink=\"https:\/\/mundosemfim.com\/?attachment_id=5701\" data-orig-file=\"https:\/\/i0.wp.com\/mundosemfim.com\/wp-content\/uploads\/2017\/04\/DSC_0030.jpg?fit=1000%2C792&amp;ssl=1\" data-orig-size=\"1000,792\" data-comments-opened=\"1\" data-image-meta=\"{&quot;aperture&quot;:&quot;0&quot;,&quot;credit&quot;:&quot;&quot;,&quot;camera&quot;:&quot;&quot;,&quot;caption&quot;:&quot;&quot;,&quot;created_timestamp&quot;:&quot;0&quot;,&quot;copyright&quot;:&quot;&quot;,&quot;focal_length&quot;:&quot;0&quot;,&quot;iso&quot;:&quot;0&quot;,&quot;shutter_speed&quot;:&quot;0&quot;,&quot;title&quot;:&quot;&quot;,&quot;orientation&quot;:&quot;0&quot;}\" data-image-title=\"Ometepe\" data-image-description=\"&lt;p&gt;Macaco na Ilha de Omepete, Nicar\u00e1gua&lt;\/p&gt;\n\" data-image-caption=\"&lt;p&gt;Um parente do Mucuvinha que encontramos em Ometepe&lt;\/p&gt;\n\" data-large-file=\"https:\/\/i0.wp.com\/mundosemfim.com\/wp-content\/uploads\/2017\/04\/DSC_0030.jpg?fit=764%2C605&amp;ssl=1\" class=\"size-full wp-image-5701\" src=\"https:\/\/i0.wp.com\/mundosemfim.com\/wp-content\/uploads\/2017\/04\/DSC_0030.jpg?resize=764%2C605&#038;ssl=1\" alt=\"Macaco na Ilha de Omepete, Nicar\u00e1gua\" width=\"764\" height=\"605\" srcset=\"https:\/\/i0.wp.com\/mundosemfim.com\/wp-content\/uploads\/2017\/04\/DSC_0030.jpg?w=1000&amp;ssl=1 1000w, https:\/\/i0.wp.com\/mundosemfim.com\/wp-content\/uploads\/2017\/04\/DSC_0030.jpg?resize=300%2C238&amp;ssl=1 300w, https:\/\/i0.wp.com\/mundosemfim.com\/wp-content\/uploads\/2017\/04\/DSC_0030.jpg?resize=768%2C608&amp;ssl=1 768w\" sizes=\"auto, (max-width: 764px) 100vw, 764px\" \/><figcaption id=\"caption-attachment-5701\" class=\"wp-caption-text\">Um parente do Mucuvinha que encontramos em Ometepe<\/figcaption><\/figure>\n<h3><b>Como chegar<\/b><\/h3>\n<p>A maneira mais f\u00e1cil de chegar a Ometepe \u00e9 pegando um barco em San Jorge, um povoado pertinho de Rivas. Um t\u00e1xi coletivo de Rivas a San Jorge sai por 25 c\u00f3rdobas.<\/p>\n<p>De San Pedro h\u00e1 ferrys e lanchas saindo de hora em hora. As lanchas custam 35 c\u00f3rdobas, e os ferrys 50. Se estiver viajando de carro, \u00e9 poss\u00edvel transport\u00e1-lo at\u00e9 a ilha com o ferry (n\u00e3o sabemos quanto custaria). A travessia demora pouco mais de 1h e chega ao munic\u00edpio de Moyogalpa. De l\u00e1 h\u00e1 \u00f4nibus para qualquer canto da ilha.<\/p>\n<p>Outra op\u00e7\u00e3o \u00e9 pegar um barco que liga <a href=\"https:\/\/mundosemfim.com\/conhecendo-granada-bela-cidade-colonial-da-nicaragua\/\">Granada<\/a> a Altagracia. Este barco \u00e9 bem menos frequente, e \u00e0s vezes n\u00e3o est\u00e1 dispon\u00edvel se o n\u00edvel da \u00e1gua estiver baixo. Para consultar os dias em que s\u00e3o feitas esta travessia, clique <a href=\"http:\/\/www.riosanjuan.com.ni\/index.php?option=com_content&amp;view=article&amp;id=207%3Atransporte-acuatico-granada-altagracia-san-carlos&amp;catid=77%3Atransporte&amp;Itemid=229&amp;lang=es\"><b>aqui<\/b><\/a>.<\/p>\n<figure id=\"attachment_5691\" aria-describedby=\"caption-attachment-5691\" style=\"width: 1000px\" class=\"wp-caption aligncenter\"><img data-recalc-dims=\"1\" loading=\"lazy\" decoding=\"async\" data-attachment-id=\"5691\" data-permalink=\"https:\/\/mundosemfim.com\/?attachment_id=5691\" data-orig-file=\"https:\/\/i0.wp.com\/mundosemfim.com\/wp-content\/uploads\/2017\/04\/P4240021.jpg?fit=1000%2C667&amp;ssl=1\" data-orig-size=\"1000,667\" data-comments-opened=\"1\" data-image-meta=\"{&quot;aperture&quot;:&quot;0&quot;,&quot;credit&quot;:&quot;&quot;,&quot;camera&quot;:&quot;&quot;,&quot;caption&quot;:&quot;&quot;,&quot;created_timestamp&quot;:&quot;0&quot;,&quot;copyright&quot;:&quot;&quot;,&quot;focal_length&quot;:&quot;0&quot;,&quot;iso&quot;:&quot;0&quot;,&quot;shutter_speed&quot;:&quot;0&quot;,&quot;title&quot;:&quot;&quot;,&quot;orientation&quot;:&quot;0&quot;}\" data-image-title=\"Ilha Ometepe\" data-image-description=\"&lt;p&gt;Cruzando para a ilha Ometepe em barco&lt;\/p&gt;\n\" data-image-caption=\"&lt;p&gt;Cruzando para a ilha Ometepe em barco&lt;\/p&gt;\n\" data-large-file=\"https:\/\/i0.wp.com\/mundosemfim.com\/wp-content\/uploads\/2017\/04\/P4240021.jpg?fit=764%2C510&amp;ssl=1\" class=\"size-full wp-image-5691\" src=\"https:\/\/i0.wp.com\/mundosemfim.com\/wp-content\/uploads\/2017\/04\/P4240021.jpg?resize=764%2C510&#038;ssl=1\" alt=\"Cruzando para a ilha Ometepe em barco\" width=\"764\" height=\"510\" srcset=\"https:\/\/i0.wp.com\/mundosemfim.com\/wp-content\/uploads\/2017\/04\/P4240021.jpg?w=1000&amp;ssl=1 1000w, https:\/\/i0.wp.com\/mundosemfim.com\/wp-content\/uploads\/2017\/04\/P4240021.jpg?resize=300%2C200&amp;ssl=1 300w, https:\/\/i0.wp.com\/mundosemfim.com\/wp-content\/uploads\/2017\/04\/P4240021.jpg?resize=768%2C512&amp;ssl=1 768w\" sizes=\"auto, (max-width: 764px) 100vw, 764px\" \/><figcaption id=\"caption-attachment-5691\" class=\"wp-caption-text\">Cruzando para a ilha Ometepe em barco<\/figcaption><\/figure>\n<h3><b>Como se locomover na ilha<\/b><\/h3>\n<p>A ilha \u00e9 grande, e muitas pessoas optam por alugar uma moto (uma scooter sai por 15 d\u00f3lares para pegar de manh\u00e3 e devolver no fim da tarde, ou 20 d\u00f3lares para devolver no dia seguinte). Se tiver com uma graninha sobrando pode ser uma op\u00e7\u00e3o, mas se estiver mais apertado, n\u00e3o se preocupe: h\u00e1 transporte p\u00fablico para praticamente qualquer canto da ilha, e \u00e9 barato (uma viagem de uns 40 minutos sai por menos de 2 reais). Note que o transporte p\u00fablico \u00e9 mais limitado nos domingos.<\/p>\n<p>Al\u00e9m disso, viajar de carona por l\u00e1 \u00e9 muito f\u00e1cil. Muitas vezes as pessoas passam oferecendo sem nem mesmo voc\u00ea pedir.<\/p>\n<figure id=\"attachment_5693\" aria-describedby=\"caption-attachment-5693\" style=\"width: 1000px\" class=\"wp-caption aligncenter\"><img data-recalc-dims=\"1\" loading=\"lazy\" decoding=\"async\" data-attachment-id=\"5693\" data-permalink=\"https:\/\/mundosemfim.com\/?attachment_id=5693\" data-orig-file=\"https:\/\/i0.wp.com\/mundosemfim.com\/wp-content\/uploads\/2017\/04\/DSC_0020-2.jpg?fit=1000%2C667&amp;ssl=1\" data-orig-size=\"1000,667\" data-comments-opened=\"1\" data-image-meta=\"{&quot;aperture&quot;:&quot;0&quot;,&quot;credit&quot;:&quot;&quot;,&quot;camera&quot;:&quot;&quot;,&quot;caption&quot;:&quot;&quot;,&quot;created_timestamp&quot;:&quot;0&quot;,&quot;copyright&quot;:&quot;&quot;,&quot;focal_length&quot;:&quot;0&quot;,&quot;iso&quot;:&quot;0&quot;,&quot;shutter_speed&quot;:&quot;0&quot;,&quot;title&quot;:&quot;&quot;,&quot;orientation&quot;:&quot;0&quot;}\" data-image-title=\"Ometepe\" data-image-description=\"\" data-image-caption=\"&lt;p&gt;\u00d4nibus escolares &amp;#8211; transporte t\u00edpico da Nicar\u00e1gua&lt;\/p&gt;\n\" data-large-file=\"https:\/\/i0.wp.com\/mundosemfim.com\/wp-content\/uploads\/2017\/04\/DSC_0020-2.jpg?fit=764%2C510&amp;ssl=1\" class=\"size-full wp-image-5693\" src=\"https:\/\/i0.wp.com\/mundosemfim.com\/wp-content\/uploads\/2017\/04\/DSC_0020-2.jpg?resize=764%2C510&#038;ssl=1\" alt=\"\" width=\"764\" height=\"510\" srcset=\"https:\/\/i0.wp.com\/mundosemfim.com\/wp-content\/uploads\/2017\/04\/DSC_0020-2.jpg?w=1000&amp;ssl=1 1000w, https:\/\/i0.wp.com\/mundosemfim.com\/wp-content\/uploads\/2017\/04\/DSC_0020-2.jpg?resize=300%2C200&amp;ssl=1 300w, https:\/\/i0.wp.com\/mundosemfim.com\/wp-content\/uploads\/2017\/04\/DSC_0020-2.jpg?resize=768%2C512&amp;ssl=1 768w\" sizes=\"auto, (max-width: 764px) 100vw, 764px\" \/><figcaption id=\"caption-attachment-5693\" class=\"wp-caption-text\">\u00d4nibus escolares &#8211; transporte t\u00edpico da Nicar\u00e1gua<\/figcaption><\/figure>\n<h3><b>Onde se hospedar?<\/b><\/h3>\n<p>Em praticamente todos os povoados da ilha h\u00e1 hospedagens. Uma boa dica \u00e9 ficar em Altagracia, que \u00e9 bem mais barata que a cidade principal (Moyogalpa) e est\u00e1 mais perto dos principais atrativos tur\u00edsticos (Ojo de \u00c1gua e Playa Santo Domingo). \u00c9 a segunda maior cidade da ilha e conta com pequenos restaurantes e mercados. Um \u00f4nibus de Moyogalpa para Altagracia custa 17 c\u00f3rdobas e demora cerca de 40 minutos.<\/p>\n<p>N\u00f3s ficamos l\u00e1, no hotel chamado <a href=\"https:\/\/www.facebook.com\/Hotel-Kencho-Ometepe-252495888158233\/\"><strong>Kencho<\/strong><\/a> (<a href=\"https:\/\/www.facebook.com\/Hotel-Kencho-Ometepe-252495888158233\/\">https:\/\/www.facebook.com\/Hotel-Kencho-Ometepe-252495888158233\/<\/a>). Simples, mas muito bom e barato. O quarto privado para um casal (com banheiro compartilhado e ventilador) custa o equivalente a 5 d\u00f3lares. Tamb\u00e9m h\u00e1 op\u00e7\u00f5es com banheiro privado e ar condicionado. Na frente tem um barzinho econ\u00f4mico e o pessoal que atende \u00e9 muito simp\u00e1tico. Uma \u00f3tima op\u00e7\u00e3o pra quem n\u00e3o quer gastar muito!<\/p>\n<figure id=\"attachment_5696\" aria-describedby=\"caption-attachment-5696\" style=\"width: 1000px\" class=\"wp-caption aligncenter\"><img data-recalc-dims=\"1\" loading=\"lazy\" decoding=\"async\" data-attachment-id=\"5696\" data-permalink=\"https:\/\/mundosemfim.com\/?attachment_id=5696\" data-orig-file=\"https:\/\/i0.wp.com\/mundosemfim.com\/wp-content\/uploads\/2017\/04\/DSC_0020.jpg?fit=1000%2C667&amp;ssl=1\" data-orig-size=\"1000,667\" data-comments-opened=\"1\" data-image-meta=\"{&quot;aperture&quot;:&quot;0&quot;,&quot;credit&quot;:&quot;&quot;,&quot;camera&quot;:&quot;&quot;,&quot;caption&quot;:&quot;&quot;,&quot;created_timestamp&quot;:&quot;0&quot;,&quot;copyright&quot;:&quot;&quot;,&quot;focal_length&quot;:&quot;0&quot;,&quot;iso&quot;:&quot;0&quot;,&quot;shutter_speed&quot;:&quot;0&quot;,&quot;title&quot;:&quot;&quot;,&quot;orientation&quot;:&quot;0&quot;}\" data-image-title=\"DSC_0020\" data-image-description=\"\" data-image-caption=\"&lt;p&gt;Hotel Kencho &amp;#8211; Simples, agrad\u00e1vel e muito econ\u00f4mico&lt;\/p&gt;\n\" data-large-file=\"https:\/\/i0.wp.com\/mundosemfim.com\/wp-content\/uploads\/2017\/04\/DSC_0020.jpg?fit=764%2C510&amp;ssl=1\" class=\"size-full wp-image-5696\" src=\"https:\/\/i0.wp.com\/mundosemfim.com\/wp-content\/uploads\/2017\/04\/DSC_0020.jpg?resize=764%2C510&#038;ssl=1\" alt=\"\" width=\"764\" height=\"510\" srcset=\"https:\/\/i0.wp.com\/mundosemfim.com\/wp-content\/uploads\/2017\/04\/DSC_0020.jpg?w=1000&amp;ssl=1 1000w, https:\/\/i0.wp.com\/mundosemfim.com\/wp-content\/uploads\/2017\/04\/DSC_0020.jpg?resize=300%2C200&amp;ssl=1 300w, https:\/\/i0.wp.com\/mundosemfim.com\/wp-content\/uploads\/2017\/04\/DSC_0020.jpg?resize=768%2C512&amp;ssl=1 768w\" sizes=\"auto, (max-width: 764px) 100vw, 764px\" \/><figcaption id=\"caption-attachment-5696\" class=\"wp-caption-text\">Hotel Kencho &#8211; Simples, agrad\u00e1vel e muito econ\u00f4mico<\/figcaption><\/figure>\n<h3><b>Comida e bebida<\/b><\/h3>\n<p>Em Altagracia \u00e9 poss\u00edvel almo\u00e7ar um bom prato com arroz, feij\u00e3o, carne e salada por 60 c\u00f3rdobas na pra\u00e7a principal. Em Moyogalpa e nos outros povoados mais tur\u00edsticos, o pre\u00e7o do menu j\u00e1 sobe para uns 90 c\u00f3rdobas.<\/p>\n<p>Uma garrafa de 1 litro de cerveja nacional fica na faixa de 47 e 55 c\u00f3rdobas nos bares.<\/p>\n<p>Uma garrafa de 2 litros de \u00e1gua custa 25 c\u00f3rdobas.<\/p>\n<figure id=\"attachment_5697\" aria-describedby=\"caption-attachment-5697\" style=\"width: 1000px\" class=\"wp-caption aligncenter\"><img data-recalc-dims=\"1\" loading=\"lazy\" decoding=\"async\" data-attachment-id=\"5697\" data-permalink=\"https:\/\/mundosemfim.com\/?attachment_id=5697\" data-orig-file=\"https:\/\/i0.wp.com\/mundosemfim.com\/wp-content\/uploads\/2017\/04\/P4250001.jpg?fit=1000%2C667&amp;ssl=1\" data-orig-size=\"1000,667\" data-comments-opened=\"1\" data-image-meta=\"{&quot;aperture&quot;:&quot;0&quot;,&quot;credit&quot;:&quot;&quot;,&quot;camera&quot;:&quot;&quot;,&quot;caption&quot;:&quot;&quot;,&quot;created_timestamp&quot;:&quot;0&quot;,&quot;copyright&quot;:&quot;&quot;,&quot;focal_length&quot;:&quot;0&quot;,&quot;iso&quot;:&quot;0&quot;,&quot;shutter_speed&quot;:&quot;0&quot;,&quot;title&quot;:&quot;&quot;,&quot;orientation&quot;:&quot;0&quot;}\" data-image-title=\"Ometepe\" data-image-description=\"&lt;p&gt;Comida t\u00edpica em Altagracia, Ometepe&lt;\/p&gt;\n\" data-image-caption=\"&lt;p&gt;Comida t\u00edpica em Altagracia &amp;#8211; apenas 60 c\u00f3rdobas&lt;\/p&gt;\n\" data-large-file=\"https:\/\/i0.wp.com\/mundosemfim.com\/wp-content\/uploads\/2017\/04\/P4250001.jpg?fit=764%2C510&amp;ssl=1\" class=\"size-full wp-image-5697\" src=\"https:\/\/i0.wp.com\/mundosemfim.com\/wp-content\/uploads\/2017\/04\/P4250001.jpg?resize=764%2C510&#038;ssl=1\" alt=\"Comida t\u00edpica em Altagracia, Ometepe\" width=\"764\" height=\"510\" srcset=\"https:\/\/i0.wp.com\/mundosemfim.com\/wp-content\/uploads\/2017\/04\/P4250001.jpg?w=1000&amp;ssl=1 1000w, https:\/\/i0.wp.com\/mundosemfim.com\/wp-content\/uploads\/2017\/04\/P4250001.jpg?resize=300%2C200&amp;ssl=1 300w, https:\/\/i0.wp.com\/mundosemfim.com\/wp-content\/uploads\/2017\/04\/P4250001.jpg?resize=768%2C512&amp;ssl=1 768w\" sizes=\"auto, (max-width: 764px) 100vw, 764px\" \/><figcaption id=\"caption-attachment-5697\" class=\"wp-caption-text\">Comida t\u00edpica em Altagracia &#8211; apenas 60 c\u00f3rdobas<\/figcaption><\/figure>\n<h3><b>O que fazer?<\/b><\/h3>\n<p>A maior beleza da ilha est\u00e1 na sua tranquilidade, nas belas vistas dos vulc\u00f5es e na simpatia de seu povo. Percorrer as ruas e as estradas de Ometepe j\u00e1 \u00e9 uma experi\u00eancia maravilhosa, mas h\u00e1 alguns pontos que voc\u00ea n\u00e3o deve deixar de visitar:<\/p>\n<ul>\n<li>\n<h4><i><b>Ojo de \u00c1gua<\/b><\/i><\/h4>\n<\/li>\n<\/ul>\n<p>Esta bela lagoa com \u00e1gua cristalina \u00e9 uma \u00f3tima op\u00e7\u00e3o para relaxar e escapar um pouco do calor de Ometepe. Possui um bar, cadeiras e piscinas naturais tanto para crian\u00e7as quanto para adultos.<\/p>\n<p>\u00c9 f\u00e1cil chegar at\u00e9 l\u00e1 de \u00f4nibus: basta pegar qualquer um que v\u00e1 para Santo Domingo e pedir para descer na entrada (partindo de Altagracia, a passagem fica em 10 c\u00f3rdobas, e o trajeto dura cerca de 15 minutos). Para quem est\u00e1 em Santo Domingo, \u00e9 poss\u00edvel seguir a p\u00e9, por uma bonita caminhada de uns 30 minutos (nesse trecho vimos macacos!).<\/p>\n<figure id=\"attachment_5699\" aria-describedby=\"caption-attachment-5699\" style=\"width: 1000px\" class=\"wp-caption aligncenter\"><img data-recalc-dims=\"1\" loading=\"lazy\" decoding=\"async\" data-attachment-id=\"5699\" data-permalink=\"https:\/\/mundosemfim.com\/?attachment_id=5699\" data-orig-file=\"https:\/\/i0.wp.com\/mundosemfim.com\/wp-content\/uploads\/2017\/04\/DSC_0012.jpg?fit=1000%2C667&amp;ssl=1\" data-orig-size=\"1000,667\" data-comments-opened=\"1\" data-image-meta=\"{&quot;aperture&quot;:&quot;0&quot;,&quot;credit&quot;:&quot;&quot;,&quot;camera&quot;:&quot;&quot;,&quot;caption&quot;:&quot;&quot;,&quot;created_timestamp&quot;:&quot;0&quot;,&quot;copyright&quot;:&quot;&quot;,&quot;focal_length&quot;:&quot;0&quot;,&quot;iso&quot;:&quot;0&quot;,&quot;shutter_speed&quot;:&quot;0&quot;,&quot;title&quot;:&quot;&quot;,&quot;orientation&quot;:&quot;0&quot;}\" data-image-title=\"Ojo de \u00c1gua &amp;#8211; Ometepe\" data-image-description=\"&lt;p&gt;Laguna Ojo de \u00c1gua, em Ometepe, Nicar\u00e1gua&lt;\/p&gt;\n\" data-image-caption=\"&lt;p&gt;Lagoa Ojo de \u00c1gua&lt;\/p&gt;\n\" data-large-file=\"https:\/\/i0.wp.com\/mundosemfim.com\/wp-content\/uploads\/2017\/04\/DSC_0012.jpg?fit=764%2C510&amp;ssl=1\" class=\"size-full wp-image-5699\" src=\"https:\/\/i0.wp.com\/mundosemfim.com\/wp-content\/uploads\/2017\/04\/DSC_0012.jpg?resize=764%2C510&#038;ssl=1\" alt=\"Laguna Ojo de \u00c1gua, em Ometepe, Nicar\u00e1gua\" width=\"764\" height=\"510\" srcset=\"https:\/\/i0.wp.com\/mundosemfim.com\/wp-content\/uploads\/2017\/04\/DSC_0012.jpg?w=1000&amp;ssl=1 1000w, https:\/\/i0.wp.com\/mundosemfim.com\/wp-content\/uploads\/2017\/04\/DSC_0012.jpg?resize=300%2C200&amp;ssl=1 300w, https:\/\/i0.wp.com\/mundosemfim.com\/wp-content\/uploads\/2017\/04\/DSC_0012.jpg?resize=768%2C512&amp;ssl=1 768w\" sizes=\"auto, (max-width: 764px) 100vw, 764px\" \/><figcaption id=\"caption-attachment-5699\" class=\"wp-caption-text\">Lagoa Ojo de \u00c1gua<\/figcaption><\/figure>\n<p>A entrada para o Ojo de \u00c1gua custa 3 d\u00f3lares ou 87 c\u00f3rdobas, e \u00e9 v\u00e1lida para o dia inteiro.<\/p>\n<ul>\n<li>\n<h4><i><b>Santo Domingo<\/b><\/i><\/h4>\n<\/li>\n<\/ul>\n<p>Uma das poucas (se n\u00e3o a \u00fanica) praia da ilha de areia branca. A praia em si n\u00e3o tem tanta beleza, mas \u00e9 um bom lugar para se refrescar e possui uma boa vista do vulc\u00e3o Maderas. A \u00e1gua \u00e9 doce e \u00e9 poss\u00edvel caminhar v\u00e1rios metros com a \u00e1gua batendo nos joelhos.<\/p>\n<figure id=\"attachment_5700\" aria-describedby=\"caption-attachment-5700\" style=\"width: 1000px\" class=\"wp-caption aligncenter\"><img data-recalc-dims=\"1\" loading=\"lazy\" decoding=\"async\" data-attachment-id=\"5700\" data-permalink=\"https:\/\/mundosemfim.com\/?attachment_id=5700\" data-orig-file=\"https:\/\/i0.wp.com\/mundosemfim.com\/wp-content\/uploads\/2017\/04\/DSC_0044.jpg?fit=1000%2C667&amp;ssl=1\" data-orig-size=\"1000,667\" data-comments-opened=\"1\" data-image-meta=\"{&quot;aperture&quot;:&quot;0&quot;,&quot;credit&quot;:&quot;&quot;,&quot;camera&quot;:&quot;&quot;,&quot;caption&quot;:&quot;&quot;,&quot;created_timestamp&quot;:&quot;0&quot;,&quot;copyright&quot;:&quot;&quot;,&quot;focal_length&quot;:&quot;0&quot;,&quot;iso&quot;:&quot;0&quot;,&quot;shutter_speed&quot;:&quot;0&quot;,&quot;title&quot;:&quot;&quot;,&quot;orientation&quot;:&quot;0&quot;}\" data-image-title=\"Ometepe\" data-image-description=\"&lt;p&gt;Praia de Santo Domingo &amp;#8211; Ometepe&lt;\/p&gt;\n\" data-image-caption=\"&lt;p&gt;Praia de Santo Domingo &amp;#8211; at\u00e9 um cavalo aproveitou para se refrescar por l\u00e1.&lt;\/p&gt;\n\" data-large-file=\"https:\/\/i0.wp.com\/mundosemfim.com\/wp-content\/uploads\/2017\/04\/DSC_0044.jpg?fit=764%2C510&amp;ssl=1\" class=\"size-full wp-image-5700\" src=\"https:\/\/i0.wp.com\/mundosemfim.com\/wp-content\/uploads\/2017\/04\/DSC_0044.jpg?resize=764%2C510&#038;ssl=1\" alt=\"Praia de Santo Domingo - Ometepe\" width=\"764\" height=\"510\" srcset=\"https:\/\/i0.wp.com\/mundosemfim.com\/wp-content\/uploads\/2017\/04\/DSC_0044.jpg?w=1000&amp;ssl=1 1000w, https:\/\/i0.wp.com\/mundosemfim.com\/wp-content\/uploads\/2017\/04\/DSC_0044.jpg?resize=300%2C200&amp;ssl=1 300w, https:\/\/i0.wp.com\/mundosemfim.com\/wp-content\/uploads\/2017\/04\/DSC_0044.jpg?resize=768%2C512&amp;ssl=1 768w\" sizes=\"auto, (max-width: 764px) 100vw, 764px\" \/><figcaption id=\"caption-attachment-5700\" class=\"wp-caption-text\">Praia de Santo Domingo &#8211; at\u00e9 um cavalo aproveitou para se refrescar por l\u00e1.<\/figcaption><\/figure>\n<p>Cuidado com os mosquitos no fim da tarde (n\u00e3o picam, mas vem em nuvens).<\/p>\n<ul>\n<li>\n<h4><i><b>Punta Jesus-Mar\u00eda<\/b><\/i><\/h4>\n<\/li>\n<\/ul>\n<p>Forma uma pequena ponta que avan\u00e7a no lago Cocibolca. Bom lugar para tirar fotos no p\u00f4r do sol, assim como para ter uma vista espetacular dos dois vulc\u00f5es e dar um mergulho refrescante.<\/p>\n<p>A Punta Jesus-Maria est\u00e1 a 4km de Moyogalpa, e qualquer \u00f4nibus que vai para Altagracia passa por l\u00e1. Basta pedir para descer na entrada e caminhar mais uns 15 minutos.<\/p>\n<p>A entrada custa 1 d\u00f3lar, ou 29 c\u00f3rdobas. H\u00e1 um bar no local que vende cerveja a pre\u00e7os justos.<\/p>\n<figure id=\"attachment_5702\" aria-describedby=\"caption-attachment-5702\" style=\"width: 1000px\" class=\"wp-caption aligncenter\"><img data-recalc-dims=\"1\" loading=\"lazy\" decoding=\"async\" data-attachment-id=\"5702\" data-permalink=\"https:\/\/mundosemfim.com\/?attachment_id=5702\" data-orig-file=\"https:\/\/i0.wp.com\/mundosemfim.com\/wp-content\/uploads\/2017\/04\/DSC_0014-3.jpg?fit=1000%2C667&amp;ssl=1\" data-orig-size=\"1000,667\" data-comments-opened=\"1\" data-image-meta=\"{&quot;aperture&quot;:&quot;0&quot;,&quot;credit&quot;:&quot;&quot;,&quot;camera&quot;:&quot;&quot;,&quot;caption&quot;:&quot;&quot;,&quot;created_timestamp&quot;:&quot;0&quot;,&quot;copyright&quot;:&quot;&quot;,&quot;focal_length&quot;:&quot;0&quot;,&quot;iso&quot;:&quot;0&quot;,&quot;shutter_speed&quot;:&quot;0&quot;,&quot;title&quot;:&quot;&quot;,&quot;orientation&quot;:&quot;0&quot;}\" data-image-title=\"Omepete\" data-image-description=\"&lt;p&gt;Punta Jesus Maria, Ometepe, Nicar\u00e1gua&lt;\/p&gt;\n\" data-image-caption=\"&lt;p&gt;Na Punta Jes\u00fas-Mar\u00eda, esperando o p\u00f4r do sol.&lt;\/p&gt;\n\" data-large-file=\"https:\/\/i0.wp.com\/mundosemfim.com\/wp-content\/uploads\/2017\/04\/DSC_0014-3.jpg?fit=764%2C510&amp;ssl=1\" class=\"size-full wp-image-5702\" src=\"https:\/\/i0.wp.com\/mundosemfim.com\/wp-content\/uploads\/2017\/04\/DSC_0014-3.jpg?resize=764%2C510&#038;ssl=1\" alt=\"Punta Jesus Maria, Ometepe, Nicar\u00e1gua\" width=\"764\" height=\"510\" srcset=\"https:\/\/i0.wp.com\/mundosemfim.com\/wp-content\/uploads\/2017\/04\/DSC_0014-3.jpg?w=1000&amp;ssl=1 1000w, https:\/\/i0.wp.com\/mundosemfim.com\/wp-content\/uploads\/2017\/04\/DSC_0014-3.jpg?resize=300%2C200&amp;ssl=1 300w, https:\/\/i0.wp.com\/mundosemfim.com\/wp-content\/uploads\/2017\/04\/DSC_0014-3.jpg?resize=768%2C512&amp;ssl=1 768w\" sizes=\"auto, (max-width: 764px) 100vw, 764px\" \/><figcaption id=\"caption-attachment-5702\" class=\"wp-caption-text\">Na Punta Jes\u00fas-Mar\u00eda, esperando o p\u00f4r do sol.<\/figcaption><\/figure>\n<p>&nbsp;<\/p>\n<p>\u00c9 isso pessoal! Se forem visitar a Nicar\u00e1gua, n\u00e3o deixem de colocar esta ilha em seu roteiro!<\/p>\n<p>Para mais dicas legais e acompanhar nossa viagem de volta ao mundo, curtam nossa p\u00e1gina no face:<br \/>\n<a href=\"http:\/\/www.facebook.com\/mundosemfimoficial\">www.facebook.com\/mundosemfimoficial<\/a><\/p>\n<p><span style=\"border-radius: 2px; text-indent: 20px; width: auto; padding: 0px 4px 0px 0px; text-align: center; font: bold 11px\/20px 'Helvetica Neue',Helvetica,sans-serif; color: #ffffff; background: #bd081c  no-repeat scroll 3px 50% \/ 14px 14px; position: absolute; opacity: 1; z-index: 8675309; display: none; cursor: pointer; top: 7077px; left: 20px;\">Salvar<\/span><\/p>\n","protected":false},"excerpt":{"rendered":"<p>Seguindo nossa busca pelos lugares mais bonitos da Nicar\u00e1gua, chegamos \u00e0 Ilha Ometepe, um destino encantador formado por dois vulc\u00f5es. Aqui damos todas as dicas de l\u00e1!<\/p>\n","protected":false},"author":1,"featured_media":5690,"comment_status":"open","ping_status":"open","sticky":false,"template":"","format":"standard","meta":{"jetpack_post_was_ever_published":false,"_jetpack_newsletter_access":"","_jetpack_dont_email_post_to_subs":true,"_jetpack_newsletter_tier_id":0,"_jetpack_memberships_contains_paywalled_content":false,"_jetpack_memberships_contains_paid_content":false,"footnotes":"","jetpack_publicize_message":"","jetpack_publicize_feature_enabled":true,"jetpack_social_post_already_shared":true,"jetpack_social_options":{"image_generator_settings":{"template":"highway","default_image_id":0,"font":"","enabled":false},"version":2}},"categories":[7,43,390,393,351,361],"tags":[],"class_list":["post-5688","post","type-post","status-publish","format-standard","has-post-thumbnail","hentry","category-america-latina","category-natureza","category-nicaragua","category-ometepe","category-praia-natureza","category-vulcao-natureza"],"yoast_head":"<!-- This site is optimized with the Yoast SEO plugin v27.5 - https:\/\/yoast.com\/product\/yoast-seo-wordpress\/ -->\n<title>Ilha Ometepe \u2013 um para\u00edso relaxante na Nicar\u00e1gua - Mundo Sem Fim<\/title>\n<meta name=\"robots\" content=\"index, follow, max-snippet:-1, max-image-preview:large, max-video-preview:-1\" \/>\n<link rel=\"canonical\" href=\"https:\/\/mundosemfim.com\/?p=5688\" \/>\n<meta property=\"og:locale\" content=\"pt_BR\" \/>\n<meta property=\"og:type\" content=\"article\" \/>\n<meta property=\"og:title\" content=\"Ilha Ometepe \u2013 um para\u00edso relaxante na Nicar\u00e1gua - Mundo Sem Fim\" \/>\n<meta property=\"og:description\" content=\"Seguindo nossa busca pelos lugares mais bonitos da Nicar\u00e1gua, chegamos \u00e0 Ilha Ometepe, um destino encantador formado por dois vulc\u00f5es. Aqui damos todas as dicas de l\u00e1!\" \/>\n<meta property=\"og:url\" content=\"https:\/\/mundosemfim.com\/?p=5688\" \/>\n<meta property=\"og:site_name\" content=\"Mundo Sem Fim\" \/>\n<meta property=\"article:publisher\" content=\"http:\/\/www.facebook.com\/mundosemfimoficial\" \/>\n<meta property=\"article:published_time\" content=\"2017-04-30T01:00:44+00:00\" \/>\n<meta property=\"article:modified_time\" content=\"2017-07-14T03:00:34+00:00\" \/>\n<meta property=\"og:image\" content=\"https:\/\/i0.wp.com\/mundosemfim.com\/wp-content\/uploads\/2017\/04\/DSC_0021-3.jpg?fit=1000%2C667&ssl=1\" \/>\n\t<meta property=\"og:image:width\" content=\"1000\" \/>\n\t<meta property=\"og:image:height\" content=\"667\" \/>\n\t<meta property=\"og:image:type\" content=\"image\/jpeg\" \/>\n<meta name=\"author\" content=\"Renan\" \/>\n<meta name=\"twitter:card\" content=\"summary_large_image\" \/>\n<meta name=\"twitter:label1\" content=\"Escrito por\" \/>\n\t<meta name=\"twitter:data1\" content=\"Renan\" \/>\n\t<meta name=\"twitter:label2\" content=\"Est. tempo de leitura\" \/>\n\t<meta name=\"twitter:data2\" content=\"6 minutos\" \/>\n<script type=\"application\/ld+json\" class=\"yoast-schema-graph\">{\"@context\":\"https:\\\/\\\/schema.org\",\"@graph\":[{\"@type\":\"Article\",\"@id\":\"https:\\\/\\\/mundosemfim.com\\\/?p=5688#article\",\"isPartOf\":{\"@id\":\"https:\\\/\\\/mundosemfim.com\\\/?p=5688\"},\"author\":{\"name\":\"Renan\",\"@id\":\"https:\\\/\\\/mundosemfim.com\\\/#\\\/schema\\\/person\\\/b021d50f3a19bae432e9b69ffbfa9257\"},\"headline\":\"Ilha Ometepe \u2013 um para\u00edso relaxante na Nicar\u00e1gua\",\"datePublished\":\"2017-04-30T01:00:44+00:00\",\"dateModified\":\"2017-07-14T03:00:34+00:00\",\"mainEntityOfPage\":{\"@id\":\"https:\\\/\\\/mundosemfim.com\\\/?p=5688\"},\"wordCount\":1142,\"commentCount\":1,\"image\":{\"@id\":\"https:\\\/\\\/mundosemfim.com\\\/?p=5688#primaryimage\"},\"thumbnailUrl\":\"https:\\\/\\\/i0.wp.com\\\/mundosemfim.com\\\/wp-content\\\/uploads\\\/2017\\\/04\\\/DSC_0021-3.jpg?fit=1000%2C667&ssl=1\",\"articleSection\":[\"am\u00e9rica latina\",\"natureza\",\"Nicar\u00e1gua\",\"Ometepe\",\"praia\",\"vulc\u00e3o\"],\"inLanguage\":\"pt-BR\",\"potentialAction\":[{\"@type\":\"CommentAction\",\"name\":\"Comment\",\"target\":[\"https:\\\/\\\/mundosemfim.com\\\/?p=5688#respond\"]}]},{\"@type\":\"WebPage\",\"@id\":\"https:\\\/\\\/mundosemfim.com\\\/?p=5688\",\"url\":\"https:\\\/\\\/mundosemfim.com\\\/?p=5688\",\"name\":\"Ilha Ometepe \u2013 um para\u00edso relaxante na Nicar\u00e1gua - Mundo Sem Fim\",\"isPartOf\":{\"@id\":\"https:\\\/\\\/mundosemfim.com\\\/#website\"},\"primaryImageOfPage\":{\"@id\":\"https:\\\/\\\/mundosemfim.com\\\/?p=5688#primaryimage\"},\"image\":{\"@id\":\"https:\\\/\\\/mundosemfim.com\\\/?p=5688#primaryimage\"},\"thumbnailUrl\":\"https:\\\/\\\/i0.wp.com\\\/mundosemfim.com\\\/wp-content\\\/uploads\\\/2017\\\/04\\\/DSC_0021-3.jpg?fit=1000%2C667&ssl=1\",\"datePublished\":\"2017-04-30T01:00:44+00:00\",\"dateModified\":\"2017-07-14T03:00:34+00:00\",\"author\":{\"@id\":\"https:\\\/\\\/mundosemfim.com\\\/#\\\/schema\\\/person\\\/b021d50f3a19bae432e9b69ffbfa9257\"},\"breadcrumb\":{\"@id\":\"https:\\\/\\\/mundosemfim.com\\\/?p=5688#breadcrumb\"},\"inLanguage\":\"pt-BR\",\"potentialAction\":[{\"@type\":\"ReadAction\",\"target\":[\"https:\\\/\\\/mundosemfim.com\\\/?p=5688\"]}]},{\"@type\":\"ImageObject\",\"inLanguage\":\"pt-BR\",\"@id\":\"https:\\\/\\\/mundosemfim.com\\\/?p=5688#primaryimage\",\"url\":\"https:\\\/\\\/i0.wp.com\\\/mundosemfim.com\\\/wp-content\\\/uploads\\\/2017\\\/04\\\/DSC_0021-3.jpg?fit=1000%2C667&ssl=1\",\"contentUrl\":\"https:\\\/\\\/i0.wp.com\\\/mundosemfim.com\\\/wp-content\\\/uploads\\\/2017\\\/04\\\/DSC_0021-3.jpg?fit=1000%2C667&ssl=1\",\"width\":1000,\"height\":667,\"caption\":\"Os dois vulc\u00f5es da ilha Ometepe, vista da Punta Jes\u00fas Mar\u00eda\"},{\"@type\":\"BreadcrumbList\",\"@id\":\"https:\\\/\\\/mundosemfim.com\\\/?p=5688#breadcrumb\",\"itemListElement\":[{\"@type\":\"ListItem\",\"position\":1,\"name\":\"In\u00edcio\",\"item\":\"https:\\\/\\\/mundosemfim.com\\\/\"},{\"@type\":\"ListItem\",\"position\":2,\"name\":\"Ilha Ometepe \u2013 um para\u00edso relaxante na Nicar\u00e1gua\"}]},{\"@type\":\"WebSite\",\"@id\":\"https:\\\/\\\/mundosemfim.com\\\/#website\",\"url\":\"https:\\\/\\\/mundosemfim.com\\\/\",\"name\":\"Mundo Sem Fim\",\"description\":\"uma viagem de volta ao mundo pelos 5 continentes!\",\"potentialAction\":[{\"@type\":\"SearchAction\",\"target\":{\"@type\":\"EntryPoint\",\"urlTemplate\":\"https:\\\/\\\/mundosemfim.com\\\/?s={search_term_string}\"},\"query-input\":{\"@type\":\"PropertyValueSpecification\",\"valueRequired\":true,\"valueName\":\"search_term_string\"}}],\"inLanguage\":\"pt-BR\"},{\"@type\":\"Person\",\"@id\":\"https:\\\/\\\/mundosemfim.com\\\/#\\\/schema\\\/person\\\/b021d50f3a19bae432e9b69ffbfa9257\",\"name\":\"Renan\",\"image\":{\"@type\":\"ImageObject\",\"inLanguage\":\"pt-BR\",\"@id\":\"https:\\\/\\\/secure.gravatar.com\\\/avatar\\\/faafca769a603ac75196d21826f3bda645d7e2d6306bb6e236d8cdb38eb44e38?s=96&d=mm&r=g\",\"url\":\"https:\\\/\\\/secure.gravatar.com\\\/avatar\\\/faafca769a603ac75196d21826f3bda645d7e2d6306bb6e236d8cdb38eb44e38?s=96&d=mm&r=g\",\"contentUrl\":\"https:\\\/\\\/secure.gravatar.com\\\/avatar\\\/faafca769a603ac75196d21826f3bda645d7e2d6306bb6e236d8cdb38eb44e38?s=96&d=mm&r=g\",\"caption\":\"Renan\"}}]}<\/script>\n<!-- \/ Yoast SEO plugin. -->","yoast_head_json":{"title":"Ilha Ometepe \u2013 um para\u00edso relaxante na Nicar\u00e1gua - Mundo Sem Fim","robots":{"index":"index","follow":"follow","max-snippet":"max-snippet:-1","max-image-preview":"max-image-preview:large","max-video-preview":"max-video-preview:-1"},"canonical":"https:\/\/mundosemfim.com\/?p=5688","og_locale":"pt_BR","og_type":"article","og_title":"Ilha Ometepe \u2013 um para\u00edso relaxante na Nicar\u00e1gua - Mundo Sem Fim","og_description":"Seguindo nossa busca pelos lugares mais bonitos da Nicar\u00e1gua, chegamos \u00e0 Ilha Ometepe, um destino encantador formado por dois vulc\u00f5es. Aqui damos todas as dicas de l\u00e1!","og_url":"https:\/\/mundosemfim.com\/?p=5688","og_site_name":"Mundo Sem Fim","article_publisher":"http:\/\/www.facebook.com\/mundosemfimoficial","article_published_time":"2017-04-30T01:00:44+00:00","article_modified_time":"2017-07-14T03:00:34+00:00","og_image":[{"width":1000,"height":667,"url":"https:\/\/i0.wp.com\/mundosemfim.com\/wp-content\/uploads\/2017\/04\/DSC_0021-3.jpg?fit=1000%2C667&ssl=1","type":"image\/jpeg"}],"author":"Renan","twitter_card":"summary_large_image","twitter_misc":{"Escrito por":"Renan","Est. tempo de leitura":"6 minutos"},"schema":{"@context":"https:\/\/schema.org","@graph":[{"@type":"Article","@id":"https:\/\/mundosemfim.com\/?p=5688#article","isPartOf":{"@id":"https:\/\/mundosemfim.com\/?p=5688"},"author":{"name":"Renan","@id":"https:\/\/mundosemfim.com\/#\/schema\/person\/b021d50f3a19bae432e9b69ffbfa9257"},"headline":"Ilha Ometepe \u2013 um para\u00edso relaxante na Nicar\u00e1gua","datePublished":"2017-04-30T01:00:44+00:00","dateModified":"2017-07-14T03:00:34+00:00","mainEntityOfPage":{"@id":"https:\/\/mundosemfim.com\/?p=5688"},"wordCount":1142,"commentCount":1,"image":{"@id":"https:\/\/mundosemfim.com\/?p=5688#primaryimage"},"thumbnailUrl":"https:\/\/i0.wp.com\/mundosemfim.com\/wp-content\/uploads\/2017\/04\/DSC_0021-3.jpg?fit=1000%2C667&ssl=1","articleSection":["am\u00e9rica latina","natureza","Nicar\u00e1gua","Ometepe","praia","vulc\u00e3o"],"inLanguage":"pt-BR","potentialAction":[{"@type":"CommentAction","name":"Comment","target":["https:\/\/mundosemfim.com\/?p=5688#respond"]}]},{"@type":"WebPage","@id":"https:\/\/mundosemfim.com\/?p=5688","url":"https:\/\/mundosemfim.com\/?p=5688","name":"Ilha Ometepe \u2013 um para\u00edso relaxante na Nicar\u00e1gua - Mundo Sem Fim","isPartOf":{"@id":"https:\/\/mundosemfim.com\/#website"},"primaryImageOfPage":{"@id":"https:\/\/mundosemfim.com\/?p=5688#primaryimage"},"image":{"@id":"https:\/\/mundosemfim.com\/?p=5688#primaryimage"},"thumbnailUrl":"https:\/\/i0.wp.com\/mundosemfim.com\/wp-content\/uploads\/2017\/04\/DSC_0021-3.jpg?fit=1000%2C667&ssl=1","datePublished":"2017-04-30T01:00:44+00:00","dateModified":"2017-07-14T03:00:34+00:00","author":{"@id":"https:\/\/mundosemfim.com\/#\/schema\/person\/b021d50f3a19bae432e9b69ffbfa9257"},"breadcrumb":{"@id":"https:\/\/mundosemfim.com\/?p=5688#breadcrumb"},"inLanguage":"pt-BR","potentialAction":[{"@type":"ReadAction","target":["https:\/\/mundosemfim.com\/?p=5688"]}]},{"@type":"ImageObject","inLanguage":"pt-BR","@id":"https:\/\/mundosemfim.com\/?p=5688#primaryimage","url":"https:\/\/i0.wp.com\/mundosemfim.com\/wp-content\/uploads\/2017\/04\/DSC_0021-3.jpg?fit=1000%2C667&ssl=1","contentUrl":"https:\/\/i0.wp.com\/mundosemfim.com\/wp-content\/uploads\/2017\/04\/DSC_0021-3.jpg?fit=1000%2C667&ssl=1","width":1000,"height":667,"caption":"Os dois vulc\u00f5es da ilha Ometepe, vista da Punta Jes\u00fas Mar\u00eda"},{"@type":"BreadcrumbList","@id":"https:\/\/mundosemfim.com\/?p=5688#breadcrumb","itemListElement":[{"@type":"ListItem","position":1,"name":"In\u00edcio","item":"https:\/\/mundosemfim.com\/"},{"@type":"ListItem","position":2,"name":"Ilha Ometepe \u2013 um para\u00edso relaxante na Nicar\u00e1gua"}]},{"@type":"WebSite","@id":"https:\/\/mundosemfim.com\/#website","url":"https:\/\/mundosemfim.com\/","name":"Mundo Sem Fim","description":"uma viagem de volta ao mundo pelos 5 continentes!","potentialAction":[{"@type":"SearchAction","target":{"@type":"EntryPoint","urlTemplate":"https:\/\/mundosemfim.com\/?s={search_term_string}"},"query-input":{"@type":"PropertyValueSpecification","valueRequired":true,"valueName":"search_term_string"}}],"inLanguage":"pt-BR"},{"@type":"Person","@id":"https:\/\/mundosemfim.com\/#\/schema\/person\/b021d50f3a19bae432e9b69ffbfa9257","name":"Renan","image":{"@type":"ImageObject","inLanguage":"pt-BR","@id":"https:\/\/secure.gravatar.com\/avatar\/faafca769a603ac75196d21826f3bda645d7e2d6306bb6e236d8cdb38eb44e38?s=96&d=mm&r=g","url":"https:\/\/secure.gravatar.com\/avatar\/faafca769a603ac75196d21826f3bda645d7e2d6306bb6e236d8cdb38eb44e38?s=96&d=mm&r=g","contentUrl":"https:\/\/secure.gravatar.com\/avatar\/faafca769a603ac75196d21826f3bda645d7e2d6306bb6e236d8cdb38eb44e38?s=96&d=mm&r=g","caption":"Renan"}}]}},"jetpack_publicize_connections":[],"jetpack_featured_media_url":"https:\/\/i0.wp.com\/mundosemfim.com\/wp-content\/uploads\/2017\/04\/DSC_0021-3.jpg?fit=1000%2C667&ssl=1","jetpack_sharing_enabled":true,"jetpack_shortlink":"https:\/\/wp.me\/p7CQyF-1tK","jetpack-related-posts":[{"id":5653,"url":"https:\/\/mundosemfim.com\/?p=5653","url_meta":{"origin":5688,"position":0},"title":"Cruzando a fronteira Costa Rica \u2013 Nicar\u00e1gua por Pe\u00f1as Blancas","author":"Renan","date":"abril 20, 2017","format":false,"excerpt":"Seguindo nosso recorrido pela Am\u00e9rica Central, aqui contamos como foi cruzar a fronteira da Costa Rica com a Nicar\u00e1gua por terra! C\u00e2mbio oficial (abril\/2017) 1 real = 178 colones (dinheiro da Costa Rica) 1 real = 9,45 c\u00f3rdobas (dinheiro da Nicar\u00e1gua) 1 d\u00f3lar = 3,16 reais Seguindo nossa viagem pela\u2026","rel":"","context":"Em &quot;Am\u00e9rica Central&quot;","block_context":{"text":"Am\u00e9rica Central","link":"https:\/\/mundosemfim.com\/?cat=382"},"img":{"alt_text":"Cruzando a fronteira Costa Rica - Nicar\u00e1gua por Pe\u00f1as Blancas.","src":"https:\/\/i0.wp.com\/mundosemfim.com\/wp-content\/uploads\/2017\/04\/P4200022.jpg?fit=1000%2C667&ssl=1&resize=350%2C200","width":350,"height":200,"srcset":"https:\/\/i0.wp.com\/mundosemfim.com\/wp-content\/uploads\/2017\/04\/P4200022.jpg?fit=1000%2C667&ssl=1&resize=350%2C200 1x, https:\/\/i0.wp.com\/mundosemfim.com\/wp-content\/uploads\/2017\/04\/P4200022.jpg?fit=1000%2C667&ssl=1&resize=525%2C300 1.5x, https:\/\/i0.wp.com\/mundosemfim.com\/wp-content\/uploads\/2017\/04\/P4200022.jpg?fit=1000%2C667&ssl=1&resize=700%2C400 2x"},"classes":[]},{"id":5816,"url":"https:\/\/mundosemfim.com\/?p=5816","url_meta":{"origin":5688,"position":1},"title":"Mochil\u00e3o pela Nicar\u00e1gua \u2013 roteiro, gastos, dicas, fotos, etc","author":"Renan","date":"maio 14, 2017","format":false,"excerpt":"Com belas praias, in\u00fameros vulc\u00f5es, um povo alegre e um custo de vida baixo, a Nicar\u00e1gua \u00e9 um pa\u00eds que cada vez atrai mais turistas. Que tal consider\u00e1-la para as pr\u00f3ximas f\u00e9rias? C\u00e2mbio oficial (maio\/2017) 1 real = 9,35 c\u00f3rdobas 1 d\u00f3lar = 29,80 c\u00f3rdobas Nicar\u00e1gua Quem visita este pa\u00eds\u2026","rel":"","context":"Em &quot;Am\u00e9rica Central&quot;","block_context":{"text":"Am\u00e9rica Central","link":"https:\/\/mundosemfim.com\/?cat=382"},"img":{"alt_text":"Os dois vulc\u00f5es da ilha Ometepe, vista da Punta Jes\u00fas Mar\u00eda","src":"https:\/\/i0.wp.com\/mundosemfim.com\/wp-content\/uploads\/2017\/04\/DSC_0021-3.jpg?fit=1000%2C667&ssl=1&resize=350%2C200","width":350,"height":200,"srcset":"https:\/\/i0.wp.com\/mundosemfim.com\/wp-content\/uploads\/2017\/04\/DSC_0021-3.jpg?fit=1000%2C667&ssl=1&resize=350%2C200 1x, https:\/\/i0.wp.com\/mundosemfim.com\/wp-content\/uploads\/2017\/04\/DSC_0021-3.jpg?fit=1000%2C667&ssl=1&resize=525%2C300 1.5x, https:\/\/i0.wp.com\/mundosemfim.com\/wp-content\/uploads\/2017\/04\/DSC_0021-3.jpg?fit=1000%2C667&ssl=1&resize=700%2C400 2x"},"classes":[]},{"id":6262,"url":"https:\/\/mundosemfim.com\/?p=6262","url_meta":{"origin":5688,"position":2},"title":"12 destinos imperd\u00edveis na Am\u00e9rica Central","author":"Renan","date":"julho 18, 2017","format":false,"excerpt":"Fechando nossa viagem pela Am\u00e9rica Central, aqui listamos 12 dos nossos lugares preferidos neste pequeno continente. Se for mochilar por l\u00e1, n\u00e3o deixe de visit\u00e1-los! A ideia era fazer um Top 10, mas foi imposs\u00edvel tirar dois desta lista! 1. San Blas (Panam\u00e1) Al\u00e9m de possuir algumas das praias mais\u2026","rel":"","context":"Em &quot;Am\u00e9rica Central&quot;","block_context":{"text":"Am\u00e9rica Central","link":"https:\/\/mundosemfim.com\/?cat=382"},"img":{"alt_text":"Mucuvinha em West Bay","src":"https:\/\/i0.wp.com\/mundosemfim.com\/wp-content\/uploads\/2017\/05\/DSC_0021.jpg?fit=1000%2C667&ssl=1&resize=350%2C200","width":350,"height":200,"srcset":"https:\/\/i0.wp.com\/mundosemfim.com\/wp-content\/uploads\/2017\/05\/DSC_0021.jpg?fit=1000%2C667&ssl=1&resize=350%2C200 1x, https:\/\/i0.wp.com\/mundosemfim.com\/wp-content\/uploads\/2017\/05\/DSC_0021.jpg?fit=1000%2C667&ssl=1&resize=525%2C300 1.5x, https:\/\/i0.wp.com\/mundosemfim.com\/wp-content\/uploads\/2017\/05\/DSC_0021.jpg?fit=1000%2C667&ssl=1&resize=700%2C400 2x"},"classes":[]},{"id":5672,"url":"https:\/\/mundosemfim.com\/?p=5672","url_meta":{"origin":5688,"position":3},"title":"Visitando San Juan del Sur \u2013 a praia mais popular da Nicar\u00e1gua","author":"Renan","date":"abril 24, 2017","format":false,"excerpt":"Com uma temperatura sempre elevada e boas ondas para praticar surf, San Juan del Sur \u00e9 um dos principais destinos tur\u00edsticos na Nicar\u00e1gua, atraindo tanto visitantes nacionais quanto internacionais. Aqui damos todas as dicas para aproveitar melhor este lugar! C\u00e2mbio oficial (abril\/2017) 1 real = 9,45 c\u00f3rdobas 1 d\u00f3lar =\u2026","rel":"","context":"Em &quot;Am\u00e9rica Central&quot;","block_context":{"text":"Am\u00e9rica Central","link":"https:\/\/mundosemfim.com\/?cat=382"},"img":{"alt_text":"Belo p\u00f4r do sol em San Juan del Sur","src":"https:\/\/i0.wp.com\/mundosemfim.com\/wp-content\/uploads\/2017\/04\/DSC_0012-2.jpg?fit=1000%2C667&ssl=1&resize=350%2C200","width":350,"height":200,"srcset":"https:\/\/i0.wp.com\/mundosemfim.com\/wp-content\/uploads\/2017\/04\/DSC_0012-2.jpg?fit=1000%2C667&ssl=1&resize=350%2C200 1x, https:\/\/i0.wp.com\/mundosemfim.com\/wp-content\/uploads\/2017\/04\/DSC_0012-2.jpg?fit=1000%2C667&ssl=1&resize=525%2C300 1.5x, https:\/\/i0.wp.com\/mundosemfim.com\/wp-content\/uploads\/2017\/04\/DSC_0012-2.jpg?fit=1000%2C667&ssl=1&resize=700%2C400 2x"},"classes":[]},{"id":5719,"url":"https:\/\/mundosemfim.com\/?p=5719","url_meta":{"origin":5688,"position":4},"title":"Conhecendo Granada \u2013 a bela cidade colonial da Nicar\u00e1gua","author":"Renan","date":"maio 1, 2017","format":false,"excerpt":"Com belas constru\u00e7\u00f5es coloniais e uma fervilhante cultura latina, Granada \u00e9 a Nicar\u00e1gua em seu estado puro. Quer conhecer este pa\u00eds? N\u00e3o deixe de visit\u00e1-la. Est\u00e1 pertinho da capital! C\u00e2mbio oficial (abril\/2017) 1 real = 9,40 c\u00f3rdobas 1 d\u00f3lar = 29,80 c\u00f3rdobas Fundada em 1524, Granada ostenta o t\u00edtulo de\u2026","rel":"","context":"Em &quot;am\u00e9rica latina&quot;","block_context":{"text":"am\u00e9rica latina","link":"https:\/\/mundosemfim.com\/?cat=7"},"img":{"alt_text":"Granada, Nicar\u00e1gua","src":"https:\/\/i0.wp.com\/mundosemfim.com\/wp-content\/uploads\/2017\/05\/DSC_0026-2.jpg?fit=1000%2C667&ssl=1&resize=350%2C200","width":350,"height":200,"srcset":"https:\/\/i0.wp.com\/mundosemfim.com\/wp-content\/uploads\/2017\/05\/DSC_0026-2.jpg?fit=1000%2C667&ssl=1&resize=350%2C200 1x, https:\/\/i0.wp.com\/mundosemfim.com\/wp-content\/uploads\/2017\/05\/DSC_0026-2.jpg?fit=1000%2C667&ssl=1&resize=525%2C300 1.5x, https:\/\/i0.wp.com\/mundosemfim.com\/wp-content\/uploads\/2017\/05\/DSC_0026-2.jpg?fit=1000%2C667&ssl=1&resize=700%2C400 2x"},"classes":[]},{"id":5708,"url":"https:\/\/mundosemfim.com\/?p=5708","url_meta":{"origin":5688,"position":5},"title":"Conhe\u00e7a o vulc\u00e3o Masaya (Nicar\u00e1gua) e veja lava em sua cratera!","author":"Renan","date":"abril 30, 2017","format":false,"excerpt":"J\u00e1 subimos a muitos vulc\u00f5es, mas nunca hav\u00edamos tido a oportunidade de ver lava dentro de sua cratera. Isso at\u00e9 agora: na Nicar\u00e1gua, conseguimos realizar nosso sonho, e sem gastar muito! Veja aqui\u00a0todos os detalhes para explorar o vulc\u00e3o ativo Masaya. C\u00e2mbio oficial (abril\/2017) 1 real = 9,40 c\u00f3rdobas 1\u2026","rel":"","context":"Em &quot;Am\u00e9rica Central&quot;","block_context":{"text":"Am\u00e9rica Central","link":"https:\/\/mundosemfim.com\/?cat=382"},"img":{"alt_text":"","src":"https:\/\/i0.wp.com\/mundosemfim.com\/wp-content\/uploads\/2017\/04\/DSC_0099-1.jpg?fit=996%2C474&ssl=1&resize=350%2C200","width":350,"height":200,"srcset":"https:\/\/i0.wp.com\/mundosemfim.com\/wp-content\/uploads\/2017\/04\/DSC_0099-1.jpg?fit=996%2C474&ssl=1&resize=350%2C200 1x, https:\/\/i0.wp.com\/mundosemfim.com\/wp-content\/uploads\/2017\/04\/DSC_0099-1.jpg?fit=996%2C474&ssl=1&resize=525%2C300 1.5x, https:\/\/i0.wp.com\/mundosemfim.com\/wp-content\/uploads\/2017\/04\/DSC_0099-1.jpg?fit=996%2C474&ssl=1&resize=700%2C400 2x"},"classes":[]}],"_links":{"self":[{"href":"https:\/\/mundosemfim.com\/index.php?rest_route=\/wp\/v2\/posts\/5688","targetHints":{"allow":["GET"]}}],"collection":[{"href":"https:\/\/mundosemfim.com\/index.php?rest_route=\/wp\/v2\/posts"}],"about":[{"href":"https:\/\/mundosemfim.com\/index.php?rest_route=\/wp\/v2\/types\/post"}],"author":[{"embeddable":true,"href":"https:\/\/mundosemfim.com\/index.php?rest_route=\/wp\/v2\/users\/1"}],"replies":[{"embeddable":true,"href":"https:\/\/mundosemfim.com\/index.php?rest_route=%2Fwp%2Fv2%2Fcomments&post=5688"}],"version-history":[{"count":9,"href":"https:\/\/mundosemfim.com\/index.php?rest_route=\/wp\/v2\/posts\/5688\/revisions"}],"predecessor-version":[{"id":6194,"href":"https:\/\/mundosemfim.com\/index.php?rest_route=\/wp\/v2\/posts\/5688\/revisions\/6194"}],"wp:featuredmedia":[{"embeddable":true,"href":"https:\/\/mundosemfim.com\/index.php?rest_route=\/wp\/v2\/media\/5690"}],"wp:attachment":[{"href":"https:\/\/mundosemfim.com\/index.php?rest_route=%2Fwp%2Fv2%2Fmedia&parent=5688"}],"wp:term":[{"taxonomy":"category","embeddable":true,"href":"https:\/\/mundosemfim.com\/index.php?rest_route=%2Fwp%2Fv2%2Fcategories&post=5688"},{"taxonomy":"post_tag","embeddable":true,"href":"https:\/\/mundosemfim.com\/index.php?rest_route=%2Fwp%2Fv2%2Ftags&post=5688"}],"curies":[{"name":"wp","href":"https:\/\/api.w.org\/{rel}","templated":true}]}}