{"id":5572,"date":"2017-03-30T00:17:50","date_gmt":"2017-03-30T03:17:50","guid":{"rendered":"https:\/\/mundosemfim.com\/?p=5572"},"modified":"2017-05-21T22:24:23","modified_gmt":"2017-05-22T01:24:23","slug":"canal-do-panama-conheca-historia-e-aprenda-como-chegar-de-forma-economica","status":"publish","type":"post","link":"https:\/\/mundosemfim.com\/?p=5572","title":{"rendered":"Canal do Panam\u00e1 \u2013 como chegar sem gastar quase nada!"},"content":{"rendered":"<p>Considerada uma das maiores obras da engenharia moderna, o Canal do Panam\u00e1 \u00e9 visita obrigat\u00f3ria para quem vem conhecer o pa\u00eds. Aqui contamos um pouco da sua hist\u00f3ria e ensinamos como visit\u00e1-lo por conta pr\u00f3pria.<\/p>\n<p><!--more--><b>C\u00e2mbio oficial (mar\u00e7o\/2017)<br \/>\n<\/b>1 d\u00f3lar = 3,10 reais<\/p>\n<h3><b>O canal<\/b><\/h3>\n<p>O Canal do Panam\u00e1 \u00e9 uma das maiores (se n\u00e3o a maior) obra da engenharia moderna, e veio a tornar realidade aquilo que Crist\u00f3v\u00e3o Colombo buscava desde 1492: um caminho novo que ligasse a Europa \u00e0 \u00cdndia. Apesar de toda a riqueza que v\u00e1rios pa\u00edses exploraram nas terras americanas, muitos l\u00edderes chegaram a afirmar que seria melhor para a economia europeia se a Am\u00e9rica simplesmente n\u00e3o existisse. Hern\u00e1n Cort\u00e9s, explorador do atual M\u00e9xico, chegou a declarar que &#8220;a descoberta de um canal que cruzasse a Am\u00e9rica seria mais importante que todas as\u00a0suas descobertas&#8221;.<\/p>\n<p>Em 1520, uma expedi\u00e7\u00e3o, liderada pelo portugu\u00eas Fern\u00e3o de Magalh\u00e3es, descobriria um pequeno estreito ao sul da Argentina e do Chile, posteriormente batizado de Estreito de Magalh\u00e3es. Este estreito permitiria a viagem at\u00e9 as \u00cdndias, e seria de suma import\u00e2ncia pelos s\u00e9culos seguintes para a rota que ligaria a Europa \u00e0 \u00c1sia.<\/p>\n<figure id=\"attachment_5573\" aria-describedby=\"caption-attachment-5573\" style=\"width: 748px\" class=\"wp-caption aligncenter\"><img data-recalc-dims=\"1\" loading=\"lazy\" decoding=\"async\" data-attachment-id=\"5573\" data-permalink=\"https:\/\/mundosemfim.com\/?attachment_id=5573\" data-orig-file=\"https:\/\/i0.wp.com\/mundosemfim.com\/wp-content\/uploads\/2017\/03\/Magalh%C3%A3es-e-Elcano-circum-navega%C3%A7%C3%A3o-ao-globo-1519-1522.png?fit=748%2C379&amp;ssl=1\" data-orig-size=\"748,379\" data-comments-opened=\"1\" data-image-meta=\"{&quot;aperture&quot;:&quot;0&quot;,&quot;credit&quot;:&quot;&quot;,&quot;camera&quot;:&quot;&quot;,&quot;caption&quot;:&quot;&quot;,&quot;created_timestamp&quot;:&quot;0&quot;,&quot;copyright&quot;:&quot;&quot;,&quot;focal_length&quot;:&quot;0&quot;,&quot;iso&quot;:&quot;0&quot;,&quot;shutter_speed&quot;:&quot;0&quot;,&quot;title&quot;:&quot;&quot;,&quot;orientation&quot;:&quot;0&quot;}\" data-image-title=\"Canal do Panam\u00e1\" data-image-description=\"\" data-image-caption=\"&lt;p&gt;A viagem de Magalh\u00e3es &amp;#8211; a primeira volta ao mundo da hist\u00f3ria!&lt;\/p&gt;\n\" data-large-file=\"https:\/\/i0.wp.com\/mundosemfim.com\/wp-content\/uploads\/2017\/03\/Magalh%C3%A3es-e-Elcano-circum-navega%C3%A7%C3%A3o-ao-globo-1519-1522.png?fit=748%2C379&amp;ssl=1\" class=\"wp-image-5573 size-full\" src=\"https:\/\/i0.wp.com\/mundosemfim.com\/wp-content\/uploads\/2017\/03\/Magalh%C3%A3es-e-Elcano-circum-navega%C3%A7%C3%A3o-ao-globo-1519-1522.png?resize=748%2C379&#038;ssl=1\" alt=\"Viagem de Fern\u00e3o de Magalh\u00e3es\" width=\"748\" height=\"379\" srcset=\"https:\/\/i0.wp.com\/mundosemfim.com\/wp-content\/uploads\/2017\/03\/Magalh%C3%A3es-e-Elcano-circum-navega%C3%A7%C3%A3o-ao-globo-1519-1522.png?w=748&amp;ssl=1 748w, https:\/\/i0.wp.com\/mundosemfim.com\/wp-content\/uploads\/2017\/03\/Magalh%C3%A3es-e-Elcano-circum-navega%C3%A7%C3%A3o-ao-globo-1519-1522.png?resize=300%2C152&amp;ssl=1 300w\" sizes=\"auto, (max-width: 748px) 100vw, 748px\" \/><figcaption id=\"caption-attachment-5573\" class=\"wp-caption-text\">A viagem de Magalh\u00e3es &#8211; a primeira volta ao mundo da hist\u00f3ria!<\/figcaption><\/figure>\n<p>Por\u00e9m, ainda havia dois problemas: o primeiro estava com a dist\u00e2ncia a ser percorrida e as condi\u00e7\u00f5es bastante inst\u00e1veis de navega\u00e7\u00e3o no sul da Patag\u00f4nia. O segundo: as grandes pot\u00eancias mundiais n\u00e3o gostavam da ideia de que pa\u00edses de terceiro mundo controlassem esta rota t\u00e3o importante.<\/p>\n<p>Em 1878, o franc\u00eas Ferdinand de Lesseps, construtor do Canal de Suez, foi para a regi\u00e3o (que at\u00e9 ent\u00e3o pertencia \u00e0 <a href=\"https:\/\/mundosemfim.com\/mochilao-pela-colombia-roteiro-gastos-dicas-fotos-etc\/\">Col\u00f4mbia<\/a>) empenhar o ousado desafio de fazer um canal que ligasse o Caribe ao Oceano Pac\u00edfico. Em 1880 as obras come\u00e7aram, mas os desafios iam muito al\u00e9m do imaginado. 9 anos depois, ap\u00f3s gastar muito dinheiro e perder muitos trabalhadores para doen\u00e7as como a mal\u00e1ria e a febre amarela, a companhia veio a falir.<\/p>\n<figure id=\"attachment_5574\" aria-describedby=\"caption-attachment-5574\" style=\"width: 1000px\" class=\"wp-caption aligncenter\"><img data-recalc-dims=\"1\" loading=\"lazy\" decoding=\"async\" data-attachment-id=\"5574\" data-permalink=\"https:\/\/mundosemfim.com\/?attachment_id=5574\" data-orig-file=\"https:\/\/i0.wp.com\/mundosemfim.com\/wp-content\/uploads\/2017\/03\/DSC02410.jpg?fit=1000%2C750&amp;ssl=1\" data-orig-size=\"1000,750\" data-comments-opened=\"1\" data-image-meta=\"{&quot;aperture&quot;:&quot;0&quot;,&quot;credit&quot;:&quot;&quot;,&quot;camera&quot;:&quot;&quot;,&quot;caption&quot;:&quot;&quot;,&quot;created_timestamp&quot;:&quot;0&quot;,&quot;copyright&quot;:&quot;&quot;,&quot;focal_length&quot;:&quot;0&quot;,&quot;iso&quot;:&quot;0&quot;,&quot;shutter_speed&quot;:&quot;0&quot;,&quot;title&quot;:&quot;&quot;,&quot;orientation&quot;:&quot;0&quot;}\" data-image-title=\"Canal do Panam\u00e1\" data-image-description=\"\" data-image-caption=\"&lt;p&gt;Mucuvinha no Canal do Panam\u00e1&lt;\/p&gt;\n\" data-large-file=\"https:\/\/i0.wp.com\/mundosemfim.com\/wp-content\/uploads\/2017\/03\/DSC02410.jpg?fit=764%2C573&amp;ssl=1\" class=\"wp-image-5574 size-full\" src=\"https:\/\/i0.wp.com\/mundosemfim.com\/wp-content\/uploads\/2017\/03\/DSC02410.jpg?resize=764%2C573&#038;ssl=1\" alt=\"Mucuvinha no Canal do Panam\u00e1\" width=\"764\" height=\"573\" srcset=\"https:\/\/i0.wp.com\/mundosemfim.com\/wp-content\/uploads\/2017\/03\/DSC02410.jpg?w=1000&amp;ssl=1 1000w, https:\/\/i0.wp.com\/mundosemfim.com\/wp-content\/uploads\/2017\/03\/DSC02410.jpg?resize=300%2C225&amp;ssl=1 300w, https:\/\/i0.wp.com\/mundosemfim.com\/wp-content\/uploads\/2017\/03\/DSC02410.jpg?resize=768%2C576&amp;ssl=1 768w, https:\/\/i0.wp.com\/mundosemfim.com\/wp-content\/uploads\/2017\/03\/DSC02410.jpg?resize=800%2C600&amp;ssl=1 800w\" sizes=\"auto, (max-width: 764px) 100vw, 764px\" \/><figcaption id=\"caption-attachment-5574\" class=\"wp-caption-text\">Mucuvinha no Canal do Panam\u00e1<\/figcaption><\/figure>\n<p>O ent\u00e3o presidente dos EUA, Theodore Roosevelt, estava convencido de que seu pa\u00eds poderia terminar estas obras. Mas enfrentou um problema: a Col\u00f4mbia n\u00e3o estava de acordo com a constru\u00e7\u00e3o do canal. Em uma manobra pol\u00eamica, os EUA apoiaram o movimento separatista da regi\u00e3o, consagrando assim a independ\u00eancia do Panam\u00e1. Com o apoio do novo governo, os caminhos para a constru\u00e7\u00e3o do canal estavam abertos.<\/p>\n<p>Ap\u00f3s 10 anos de duro trabalho, o canal foi finalmente inaugurado em 1913, e come\u00e7ou suas atividades em 1914.<\/p>\n<p>Em 31 de dezembro de 1999, o Panam\u00e1 finalmente teria controle absoluto sobre o canal.<\/p>\n<figure id=\"attachment_5575\" aria-describedby=\"caption-attachment-5575\" style=\"width: 1000px\" class=\"wp-caption aligncenter\"><img data-recalc-dims=\"1\" loading=\"lazy\" decoding=\"async\" data-attachment-id=\"5575\" data-permalink=\"https:\/\/mundosemfim.com\/?attachment_id=5575\" data-orig-file=\"https:\/\/i0.wp.com\/mundosemfim.com\/wp-content\/uploads\/2017\/03\/DSC02413.jpg?fit=1000%2C750&amp;ssl=1\" data-orig-size=\"1000,750\" data-comments-opened=\"1\" data-image-meta=\"{&quot;aperture&quot;:&quot;0&quot;,&quot;credit&quot;:&quot;&quot;,&quot;camera&quot;:&quot;&quot;,&quot;caption&quot;:&quot;&quot;,&quot;created_timestamp&quot;:&quot;0&quot;,&quot;copyright&quot;:&quot;&quot;,&quot;focal_length&quot;:&quot;0&quot;,&quot;iso&quot;:&quot;0&quot;,&quot;shutter_speed&quot;:&quot;0&quot;,&quot;title&quot;:&quot;&quot;,&quot;orientation&quot;:&quot;0&quot;}\" data-image-title=\"Canal do Panam\u00e1\" data-image-description=\"\" data-image-caption=\"&lt;p&gt;Michele no Canal do Panam\u00e1&lt;\/p&gt;\n\" data-large-file=\"https:\/\/i0.wp.com\/mundosemfim.com\/wp-content\/uploads\/2017\/03\/DSC02413.jpg?fit=764%2C573&amp;ssl=1\" class=\"wp-image-5575 size-full\" src=\"https:\/\/i0.wp.com\/mundosemfim.com\/wp-content\/uploads\/2017\/03\/DSC02413.jpg?resize=764%2C573&#038;ssl=1\" alt=\"Michele no Canal do Panam\u00e1\" width=\"764\" height=\"573\" srcset=\"https:\/\/i0.wp.com\/mundosemfim.com\/wp-content\/uploads\/2017\/03\/DSC02413.jpg?w=1000&amp;ssl=1 1000w, https:\/\/i0.wp.com\/mundosemfim.com\/wp-content\/uploads\/2017\/03\/DSC02413.jpg?resize=300%2C225&amp;ssl=1 300w, https:\/\/i0.wp.com\/mundosemfim.com\/wp-content\/uploads\/2017\/03\/DSC02413.jpg?resize=768%2C576&amp;ssl=1 768w, https:\/\/i0.wp.com\/mundosemfim.com\/wp-content\/uploads\/2017\/03\/DSC02413.jpg?resize=800%2C600&amp;ssl=1 800w\" sizes=\"auto, (max-width: 764px) 100vw, 764px\" \/><figcaption id=\"caption-attachment-5575\" class=\"wp-caption-text\">Michele no Canal do Panam\u00e1<\/figcaption><\/figure>\n<h3><b>Curiosidade<\/b><\/h3>\n<p>Durante a constru\u00e7\u00e3o do canal, o <a href=\"https:\/\/mundosemfim.com\/mochilao-pelo-equador-tudo-o-que-voce-precisa-saber-para-visitar-este-pais\/\">Equador<\/a> exportou para o Panam\u00e1 milhares de <i>sombreros paja de toquilla<\/i>, uma esp\u00e9cie de chap\u00e9u leve e de excelente qualidade para ser usado pelos trabalhadores. Durante uma de suas visitas, o presidente estadunidense Roosevelt teria ganhado um destes chap\u00e9us e levado para os EUA. Quando questionado, ele simplesmente teria dito que ganhou o chap\u00e9u no Panam\u00e1, fazendo com que o chap\u00e9u equatoriano erroneamente levasse o t\u00edtulo de <i>Chap\u00e9u do Panam\u00e1<\/i>.<\/p>\n<p>At\u00e9 hoje turistas desavisados v\u00e3o ao Panam\u00e1 e compram os ditos chap\u00e9us, pensando que s\u00e3o aut\u00eanticos da regi\u00e3o.<\/p>\n<p><img data-recalc-dims=\"1\" loading=\"lazy\" decoding=\"async\" data-attachment-id=\"4387\" data-permalink=\"https:\/\/mundosemfim.com\/?attachment_id=4387\" data-orig-file=\"https:\/\/i0.wp.com\/mundosemfim.com\/wp-content\/uploads\/2016\/09\/ecuador.jpg?fit=1140%2C613&amp;ssl=1\" data-orig-size=\"1140,613\" data-comments-opened=\"1\" data-image-meta=\"{&quot;aperture&quot;:&quot;0&quot;,&quot;credit&quot;:&quot;&quot;,&quot;camera&quot;:&quot;&quot;,&quot;caption&quot;:&quot;&quot;,&quot;created_timestamp&quot;:&quot;0&quot;,&quot;copyright&quot;:&quot;&quot;,&quot;focal_length&quot;:&quot;0&quot;,&quot;iso&quot;:&quot;0&quot;,&quot;shutter_speed&quot;:&quot;0&quot;,&quot;title&quot;:&quot;&quot;,&quot;orientation&quot;:&quot;0&quot;}\" data-image-title=\"Ecuador\" data-image-description=\"\" data-image-caption=\"\" data-large-file=\"https:\/\/i0.wp.com\/mundosemfim.com\/wp-content\/uploads\/2016\/09\/ecuador.jpg?fit=764%2C411&amp;ssl=1\" class=\"aligncenter wp-image-4387 size-full\" src=\"https:\/\/i0.wp.com\/mundosemfim.com\/wp-content\/uploads\/2016\/09\/ecuador.jpg?resize=764%2C411&#038;ssl=1\" alt=\"Chap\u00e9u do Panam\u00e1, fabricado no Equador\" width=\"764\" height=\"411\" srcset=\"https:\/\/i0.wp.com\/mundosemfim.com\/wp-content\/uploads\/2016\/09\/ecuador.jpg?w=1140&amp;ssl=1 1140w, https:\/\/i0.wp.com\/mundosemfim.com\/wp-content\/uploads\/2016\/09\/ecuador.jpg?resize=300%2C161&amp;ssl=1 300w, https:\/\/i0.wp.com\/mundosemfim.com\/wp-content\/uploads\/2016\/09\/ecuador.jpg?resize=768%2C413&amp;ssl=1 768w, https:\/\/i0.wp.com\/mundosemfim.com\/wp-content\/uploads\/2016\/09\/ecuador.jpg?resize=1024%2C551&amp;ssl=1 1024w\" sizes=\"auto, (max-width: 764px) 100vw, 764px\" \/>Chap\u00e9u do Panam\u00e1, sendo fabricado no Equador<\/p>\n<h3><b>Como chegar ao Canal do Panam\u00e1<\/b><\/h3>\n<p>H\u00e1 tr\u00eas formas de chegar ao Canal do Panam\u00e1 a partir da <a href=\"https:\/\/mundosemfim.com\/conhecendo-a-cidade-do-panama\/\">Cidade do Panam\u00e1<\/a>: com transporte p\u00fablico, em tour ou contratando um t\u00e1xi particular.<\/p>\n<p>Se quiser ir em tour, praticamente todos os hot\u00e9is e hostels vendem o passeio, que geralmente \u00e9 combinado com um city tour pelo centro. O pre\u00e7o fica na faixa de 8 a 10 d\u00f3lares.<\/p>\n<p>Ainda que muitos digam o contr\u00e1rio, ir por conta pr\u00f3pria \u00e9 poss\u00edvel, mais barato e melhor, pois voc\u00ea ficar\u00e1 quanto tempo quiser e com mais chances de estar livre de um monte de outros turistas. Voc\u00ea vai gastar menos de 2 d\u00f3lares para fazer o trajeto de ida e volta.<\/p>\n<h3><b>Indo por conta pr\u00f3pria<\/b><\/h3>\n<p>Para ir ao canal por conta pr\u00f3pria, voc\u00ea precisa chegar ao terminal de \u00f4nibus AlBrook. Para isso, pegue o metr\u00f4 (35 centavos) que te deixa dentro do terminal. Caso n\u00e3o tenha, \u00e9 necess\u00e1rio fazer um cart\u00e3o integrado (serve para \u00f4nibus, metr\u00f4 e terminal). Custa 2 d\u00f3lares, e \u00e9 feito no metr\u00f4 mesmo. \u00c9 necess\u00e1rio apresentar o passaporte ou a c\u00f3pia.<\/p>\n<p>Chegando ao terminal, siga at\u00e9 a pra\u00e7a de alimenta\u00e7\u00e3o. L\u00e1, h\u00e1 uma sa\u00edda ao lado do Burger King. Esta sa\u00edda parece n\u00e3o levar a lugar nenhum, mas \u00e0 direita h\u00e1 uma pequena catraca. Ali se pode pegar os \u00f4nibus que levam diretamente ao Canal do Panam\u00e1. Pe\u00e7a ao motorista ou a algu\u00e9m para te avisar onde descer. Este \u00f4nibus custa 35 centavos. Al\u00e9m disso, vai precisar pagar pelo uso do terminal (10 centavos).<\/p>\n<figure id=\"attachment_5576\" aria-describedby=\"caption-attachment-5576\" style=\"width: 1000px\" class=\"wp-caption aligncenter\"><img data-recalc-dims=\"1\" loading=\"lazy\" decoding=\"async\" data-attachment-id=\"5576\" data-permalink=\"https:\/\/mundosemfim.com\/?attachment_id=5576\" data-orig-file=\"https:\/\/i0.wp.com\/mundosemfim.com\/wp-content\/uploads\/2017\/03\/DSC02406.jpg?fit=1000%2C750&amp;ssl=1\" data-orig-size=\"1000,750\" data-comments-opened=\"1\" data-image-meta=\"{&quot;aperture&quot;:&quot;0&quot;,&quot;credit&quot;:&quot;&quot;,&quot;camera&quot;:&quot;&quot;,&quot;caption&quot;:&quot;&quot;,&quot;created_timestamp&quot;:&quot;0&quot;,&quot;copyright&quot;:&quot;&quot;,&quot;focal_length&quot;:&quot;0&quot;,&quot;iso&quot;:&quot;0&quot;,&quot;shutter_speed&quot;:&quot;0&quot;,&quot;title&quot;:&quot;&quot;,&quot;orientation&quot;:&quot;0&quot;}\" data-image-title=\"Canal do Panam\u00e1\" data-image-description=\"\" data-image-caption=\"&lt;p&gt;Mucuvinha no \u00f4nibus que leva ao Canal do Panam\u00e1&lt;\/p&gt;\n\" data-large-file=\"https:\/\/i0.wp.com\/mundosemfim.com\/wp-content\/uploads\/2017\/03\/DSC02406.jpg?fit=764%2C573&amp;ssl=1\" class=\"wp-image-5576 size-full\" src=\"https:\/\/i0.wp.com\/mundosemfim.com\/wp-content\/uploads\/2017\/03\/DSC02406.jpg?resize=764%2C573&#038;ssl=1\" alt=\"Mucuvinha no \u00f4nibus que leva ao Canal do Panam\u00e1\" width=\"764\" height=\"573\" srcset=\"https:\/\/i0.wp.com\/mundosemfim.com\/wp-content\/uploads\/2017\/03\/DSC02406.jpg?w=1000&amp;ssl=1 1000w, https:\/\/i0.wp.com\/mundosemfim.com\/wp-content\/uploads\/2017\/03\/DSC02406.jpg?resize=300%2C225&amp;ssl=1 300w, https:\/\/i0.wp.com\/mundosemfim.com\/wp-content\/uploads\/2017\/03\/DSC02406.jpg?resize=768%2C576&amp;ssl=1 768w, https:\/\/i0.wp.com\/mundosemfim.com\/wp-content\/uploads\/2017\/03\/DSC02406.jpg?resize=800%2C600&amp;ssl=1 800w\" sizes=\"auto, (max-width: 764px) 100vw, 764px\" \/><figcaption id=\"caption-attachment-5576\" class=\"wp-caption-text\">Mucuvinha no \u00f4nibus que leva ao Canal do Panam\u00e1<\/figcaption><\/figure>\n<p>Para voltar, basta acenar para os \u00f4nibus que passam. Caso esteja demorando muito, \u00e9 poss\u00edvel caminhar cerca de 1km pela estrada (sentido \u00e0 Cidade do Panam\u00e1) at\u00e9 um terminal. De l\u00e1 h\u00e1 sa\u00eddas frequentes para a capital.<\/p>\n<h3><b>Quanto custa<\/b><\/h3>\n<p>A entrada ao Canal do Panam\u00e1 custa 15 d\u00f3lares, e d\u00e1 direito \u00e0s reclusas, a um pequeno museu e a um filme contando a hist\u00f3ria do lugar. Tamb\u00e9m h\u00e1 um restaurante (caro) no local.<\/p>\n<p>\u00c9 poss\u00edvel ficar l\u00e1 dentro pelo tempo que quiser, inclusive esperar at\u00e9 que algum barco passe (n\u00f3s n\u00e3o demos sorte, porque n\u00e3o passariam mais barcos no dia em que visitamos).<\/p>\n<figure id=\"attachment_5577\" aria-describedby=\"caption-attachment-5577\" style=\"width: 1000px\" class=\"wp-caption aligncenter\"><img data-recalc-dims=\"1\" loading=\"lazy\" decoding=\"async\" data-attachment-id=\"5577\" data-permalink=\"https:\/\/mundosemfim.com\/?attachment_id=5577\" data-orig-file=\"https:\/\/i0.wp.com\/mundosemfim.com\/wp-content\/uploads\/2017\/03\/DSC02424.jpg?fit=1000%2C750&amp;ssl=1\" data-orig-size=\"1000,750\" data-comments-opened=\"1\" data-image-meta=\"{&quot;aperture&quot;:&quot;0&quot;,&quot;credit&quot;:&quot;&quot;,&quot;camera&quot;:&quot;&quot;,&quot;caption&quot;:&quot;&quot;,&quot;created_timestamp&quot;:&quot;0&quot;,&quot;copyright&quot;:&quot;&quot;,&quot;focal_length&quot;:&quot;0&quot;,&quot;iso&quot;:&quot;0&quot;,&quot;shutter_speed&quot;:&quot;0&quot;,&quot;title&quot;:&quot;&quot;,&quot;orientation&quot;:&quot;0&quot;}\" data-image-title=\"Canal do Panam\u00e1\" data-image-description=\"\" data-image-caption=\"&lt;p&gt;Mucuvinha no museu do Canal do Panam\u00e1&lt;\/p&gt;\n\" data-large-file=\"https:\/\/i0.wp.com\/mundosemfim.com\/wp-content\/uploads\/2017\/03\/DSC02424.jpg?fit=764%2C573&amp;ssl=1\" class=\"wp-image-5577 size-full\" src=\"https:\/\/i0.wp.com\/mundosemfim.com\/wp-content\/uploads\/2017\/03\/DSC02424.jpg?resize=764%2C573&#038;ssl=1\" alt=\"Mucuvinha no museu do Canal do Panam\u00e1\" width=\"764\" height=\"573\" srcset=\"https:\/\/i0.wp.com\/mundosemfim.com\/wp-content\/uploads\/2017\/03\/DSC02424.jpg?w=1000&amp;ssl=1 1000w, https:\/\/i0.wp.com\/mundosemfim.com\/wp-content\/uploads\/2017\/03\/DSC02424.jpg?resize=300%2C225&amp;ssl=1 300w, https:\/\/i0.wp.com\/mundosemfim.com\/wp-content\/uploads\/2017\/03\/DSC02424.jpg?resize=768%2C576&amp;ssl=1 768w, https:\/\/i0.wp.com\/mundosemfim.com\/wp-content\/uploads\/2017\/03\/DSC02424.jpg?resize=800%2C600&amp;ssl=1 800w\" sizes=\"auto, (max-width: 764px) 100vw, 764px\" \/><figcaption id=\"caption-attachment-5577\" class=\"wp-caption-text\">Mucuvinha no museu do Canal do Panam\u00e1<\/figcaption><\/figure>\n<p>\u00c9 isso pessoal! Esperamos que tenham curtido a dica.<\/p>\n<p>Para acompanhar nossa viagem de volta ao mundo, curtam nossa p\u00e1gina no face:<br \/>\n<a href=\"http:\/\/www.facebook.com\/mundosemfimoficial\">www.facebook.com\/mundosemfimoficial<\/a><\/p>\n","protected":false},"excerpt":{"rendered":"<p>Considerada uma das maiores obras da engenharia moderna, o Canal do Panam\u00e1 \u00e9 visita obrigat\u00f3ria para quem vem conhecer o pa\u00eds. Aqui contamos um pouco da sua hist\u00f3ria e ensinamos como visit\u00e1-lo por conta pr\u00f3pria.<\/p>\n","protected":false},"author":1,"featured_media":5574,"comment_status":"open","ping_status":"open","sticky":false,"template":"","format":"standard","meta":{"jetpack_post_was_ever_published":false,"_jetpack_newsletter_access":"","_jetpack_dont_email_post_to_subs":true,"_jetpack_newsletter_tier_id":0,"_jetpack_memberships_contains_paywalled_content":false,"_jetpack_memberships_contains_paid_content":false,"footnotes":"","jetpack_publicize_message":"","jetpack_publicize_feature_enabled":true,"jetpack_social_post_already_shared":true,"jetpack_social_options":{"image_generator_settings":{"template":"highway","default_image_id":0,"font":"","enabled":false},"version":2}},"categories":[382,7,385,383],"tags":[386],"class_list":["post-5572","post","type-post","status-publish","format-standard","has-post-thumbnail","hentry","category-america-central","category-america-latina","category-engenharia","category-panama","tag-canal-do-panama"],"yoast_head":"<!-- This site is optimized with the Yoast SEO plugin v27.5 - https:\/\/yoast.com\/product\/yoast-seo-wordpress\/ -->\n<title>Canal do Panam\u00e1 \u2013 como chegar sem gastar quase nada! - Mundo Sem Fim<\/title>\n<meta name=\"robots\" content=\"index, follow, max-snippet:-1, max-image-preview:large, max-video-preview:-1\" \/>\n<link rel=\"canonical\" href=\"https:\/\/mundosemfim.com\/?p=5572\" \/>\n<meta property=\"og:locale\" content=\"pt_BR\" \/>\n<meta property=\"og:type\" content=\"article\" \/>\n<meta property=\"og:title\" content=\"Canal do Panam\u00e1 \u2013 como chegar sem gastar quase nada! - Mundo Sem Fim\" \/>\n<meta property=\"og:description\" content=\"Considerada uma das maiores obras da engenharia moderna, o Canal do Panam\u00e1 \u00e9 visita obrigat\u00f3ria para quem vem conhecer o pa\u00eds. Aqui contamos um pouco da sua hist\u00f3ria e ensinamos como visit\u00e1-lo por conta pr\u00f3pria.\" \/>\n<meta property=\"og:url\" content=\"https:\/\/mundosemfim.com\/?p=5572\" \/>\n<meta property=\"og:site_name\" content=\"Mundo Sem Fim\" \/>\n<meta property=\"article:publisher\" content=\"http:\/\/www.facebook.com\/mundosemfimoficial\" \/>\n<meta property=\"article:published_time\" content=\"2017-03-30T03:17:50+00:00\" \/>\n<meta property=\"article:modified_time\" content=\"2017-05-22T01:24:23+00:00\" \/>\n<meta property=\"og:image\" content=\"https:\/\/i0.wp.com\/mundosemfim.com\/wp-content\/uploads\/2017\/03\/DSC02410.jpg?fit=1000%2C750&ssl=1\" \/>\n\t<meta property=\"og:image:width\" content=\"1000\" \/>\n\t<meta property=\"og:image:height\" content=\"750\" \/>\n\t<meta property=\"og:image:type\" content=\"image\/jpeg\" \/>\n<meta name=\"author\" content=\"Renan\" \/>\n<meta name=\"twitter:card\" content=\"summary_large_image\" \/>\n<meta name=\"twitter:label1\" content=\"Escrito por\" \/>\n\t<meta name=\"twitter:data1\" content=\"Renan\" \/>\n\t<meta name=\"twitter:label2\" content=\"Est. tempo de leitura\" \/>\n\t<meta name=\"twitter:data2\" content=\"5 minutos\" \/>\n<script type=\"application\/ld+json\" class=\"yoast-schema-graph\">{\"@context\":\"https:\\\/\\\/schema.org\",\"@graph\":[{\"@type\":\"Article\",\"@id\":\"https:\\\/\\\/mundosemfim.com\\\/?p=5572#article\",\"isPartOf\":{\"@id\":\"https:\\\/\\\/mundosemfim.com\\\/?p=5572\"},\"author\":{\"name\":\"Renan\",\"@id\":\"https:\\\/\\\/mundosemfim.com\\\/#\\\/schema\\\/person\\\/b021d50f3a19bae432e9b69ffbfa9257\"},\"headline\":\"Canal do Panam\u00e1 \u2013 como chegar sem gastar quase nada!\",\"datePublished\":\"2017-03-30T03:17:50+00:00\",\"dateModified\":\"2017-05-22T01:24:23+00:00\",\"mainEntityOfPage\":{\"@id\":\"https:\\\/\\\/mundosemfim.com\\\/?p=5572\"},\"wordCount\":1050,\"commentCount\":5,\"image\":{\"@id\":\"https:\\\/\\\/mundosemfim.com\\\/?p=5572#primaryimage\"},\"thumbnailUrl\":\"https:\\\/\\\/i0.wp.com\\\/mundosemfim.com\\\/wp-content\\\/uploads\\\/2017\\\/03\\\/DSC02410.jpg?fit=1000%2C750&ssl=1\",\"keywords\":[\"Canal do Panam\u00e1\"],\"articleSection\":[\"Am\u00e9rica Central\",\"am\u00e9rica latina\",\"engenharia\",\"Panam\u00e1\"],\"inLanguage\":\"pt-BR\",\"potentialAction\":[{\"@type\":\"CommentAction\",\"name\":\"Comment\",\"target\":[\"https:\\\/\\\/mundosemfim.com\\\/?p=5572#respond\"]}]},{\"@type\":\"WebPage\",\"@id\":\"https:\\\/\\\/mundosemfim.com\\\/?p=5572\",\"url\":\"https:\\\/\\\/mundosemfim.com\\\/?p=5572\",\"name\":\"Canal do Panam\u00e1 \u2013 como chegar sem gastar quase nada! - Mundo Sem Fim\",\"isPartOf\":{\"@id\":\"https:\\\/\\\/mundosemfim.com\\\/#website\"},\"primaryImageOfPage\":{\"@id\":\"https:\\\/\\\/mundosemfim.com\\\/?p=5572#primaryimage\"},\"image\":{\"@id\":\"https:\\\/\\\/mundosemfim.com\\\/?p=5572#primaryimage\"},\"thumbnailUrl\":\"https:\\\/\\\/i0.wp.com\\\/mundosemfim.com\\\/wp-content\\\/uploads\\\/2017\\\/03\\\/DSC02410.jpg?fit=1000%2C750&ssl=1\",\"datePublished\":\"2017-03-30T03:17:50+00:00\",\"dateModified\":\"2017-05-22T01:24:23+00:00\",\"author\":{\"@id\":\"https:\\\/\\\/mundosemfim.com\\\/#\\\/schema\\\/person\\\/b021d50f3a19bae432e9b69ffbfa9257\"},\"breadcrumb\":{\"@id\":\"https:\\\/\\\/mundosemfim.com\\\/?p=5572#breadcrumb\"},\"inLanguage\":\"pt-BR\",\"potentialAction\":[{\"@type\":\"ReadAction\",\"target\":[\"https:\\\/\\\/mundosemfim.com\\\/?p=5572\"]}]},{\"@type\":\"ImageObject\",\"inLanguage\":\"pt-BR\",\"@id\":\"https:\\\/\\\/mundosemfim.com\\\/?p=5572#primaryimage\",\"url\":\"https:\\\/\\\/i0.wp.com\\\/mundosemfim.com\\\/wp-content\\\/uploads\\\/2017\\\/03\\\/DSC02410.jpg?fit=1000%2C750&ssl=1\",\"contentUrl\":\"https:\\\/\\\/i0.wp.com\\\/mundosemfim.com\\\/wp-content\\\/uploads\\\/2017\\\/03\\\/DSC02410.jpg?fit=1000%2C750&ssl=1\",\"width\":1000,\"height\":750,\"caption\":\"Mucuvinha no Canal do Panam\u00e1\"},{\"@type\":\"BreadcrumbList\",\"@id\":\"https:\\\/\\\/mundosemfim.com\\\/?p=5572#breadcrumb\",\"itemListElement\":[{\"@type\":\"ListItem\",\"position\":1,\"name\":\"In\u00edcio\",\"item\":\"https:\\\/\\\/mundosemfim.com\\\/\"},{\"@type\":\"ListItem\",\"position\":2,\"name\":\"Canal do Panam\u00e1 \u2013 como chegar sem gastar quase nada!\"}]},{\"@type\":\"WebSite\",\"@id\":\"https:\\\/\\\/mundosemfim.com\\\/#website\",\"url\":\"https:\\\/\\\/mundosemfim.com\\\/\",\"name\":\"Mundo Sem Fim\",\"description\":\"uma viagem de volta ao mundo pelos 5 continentes!\",\"potentialAction\":[{\"@type\":\"SearchAction\",\"target\":{\"@type\":\"EntryPoint\",\"urlTemplate\":\"https:\\\/\\\/mundosemfim.com\\\/?s={search_term_string}\"},\"query-input\":{\"@type\":\"PropertyValueSpecification\",\"valueRequired\":true,\"valueName\":\"search_term_string\"}}],\"inLanguage\":\"pt-BR\"},{\"@type\":\"Person\",\"@id\":\"https:\\\/\\\/mundosemfim.com\\\/#\\\/schema\\\/person\\\/b021d50f3a19bae432e9b69ffbfa9257\",\"name\":\"Renan\",\"image\":{\"@type\":\"ImageObject\",\"inLanguage\":\"pt-BR\",\"@id\":\"https:\\\/\\\/secure.gravatar.com\\\/avatar\\\/faafca769a603ac75196d21826f3bda645d7e2d6306bb6e236d8cdb38eb44e38?s=96&d=mm&r=g\",\"url\":\"https:\\\/\\\/secure.gravatar.com\\\/avatar\\\/faafca769a603ac75196d21826f3bda645d7e2d6306bb6e236d8cdb38eb44e38?s=96&d=mm&r=g\",\"contentUrl\":\"https:\\\/\\\/secure.gravatar.com\\\/avatar\\\/faafca769a603ac75196d21826f3bda645d7e2d6306bb6e236d8cdb38eb44e38?s=96&d=mm&r=g\",\"caption\":\"Renan\"}}]}<\/script>\n<!-- \/ Yoast SEO plugin. -->","yoast_head_json":{"title":"Canal do Panam\u00e1 \u2013 como chegar sem gastar quase nada! - Mundo Sem Fim","robots":{"index":"index","follow":"follow","max-snippet":"max-snippet:-1","max-image-preview":"max-image-preview:large","max-video-preview":"max-video-preview:-1"},"canonical":"https:\/\/mundosemfim.com\/?p=5572","og_locale":"pt_BR","og_type":"article","og_title":"Canal do Panam\u00e1 \u2013 como chegar sem gastar quase nada! - Mundo Sem Fim","og_description":"Considerada uma das maiores obras da engenharia moderna, o Canal do Panam\u00e1 \u00e9 visita obrigat\u00f3ria para quem vem conhecer o pa\u00eds. Aqui contamos um pouco da sua hist\u00f3ria e ensinamos como visit\u00e1-lo por conta pr\u00f3pria.","og_url":"https:\/\/mundosemfim.com\/?p=5572","og_site_name":"Mundo Sem Fim","article_publisher":"http:\/\/www.facebook.com\/mundosemfimoficial","article_published_time":"2017-03-30T03:17:50+00:00","article_modified_time":"2017-05-22T01:24:23+00:00","og_image":[{"width":1000,"height":750,"url":"https:\/\/i0.wp.com\/mundosemfim.com\/wp-content\/uploads\/2017\/03\/DSC02410.jpg?fit=1000%2C750&ssl=1","type":"image\/jpeg"}],"author":"Renan","twitter_card":"summary_large_image","twitter_misc":{"Escrito por":"Renan","Est. tempo de leitura":"5 minutos"},"schema":{"@context":"https:\/\/schema.org","@graph":[{"@type":"Article","@id":"https:\/\/mundosemfim.com\/?p=5572#article","isPartOf":{"@id":"https:\/\/mundosemfim.com\/?p=5572"},"author":{"name":"Renan","@id":"https:\/\/mundosemfim.com\/#\/schema\/person\/b021d50f3a19bae432e9b69ffbfa9257"},"headline":"Canal do Panam\u00e1 \u2013 como chegar sem gastar quase nada!","datePublished":"2017-03-30T03:17:50+00:00","dateModified":"2017-05-22T01:24:23+00:00","mainEntityOfPage":{"@id":"https:\/\/mundosemfim.com\/?p=5572"},"wordCount":1050,"commentCount":5,"image":{"@id":"https:\/\/mundosemfim.com\/?p=5572#primaryimage"},"thumbnailUrl":"https:\/\/i0.wp.com\/mundosemfim.com\/wp-content\/uploads\/2017\/03\/DSC02410.jpg?fit=1000%2C750&ssl=1","keywords":["Canal do Panam\u00e1"],"articleSection":["Am\u00e9rica Central","am\u00e9rica latina","engenharia","Panam\u00e1"],"inLanguage":"pt-BR","potentialAction":[{"@type":"CommentAction","name":"Comment","target":["https:\/\/mundosemfim.com\/?p=5572#respond"]}]},{"@type":"WebPage","@id":"https:\/\/mundosemfim.com\/?p=5572","url":"https:\/\/mundosemfim.com\/?p=5572","name":"Canal do Panam\u00e1 \u2013 como chegar sem gastar quase nada! - Mundo Sem Fim","isPartOf":{"@id":"https:\/\/mundosemfim.com\/#website"},"primaryImageOfPage":{"@id":"https:\/\/mundosemfim.com\/?p=5572#primaryimage"},"image":{"@id":"https:\/\/mundosemfim.com\/?p=5572#primaryimage"},"thumbnailUrl":"https:\/\/i0.wp.com\/mundosemfim.com\/wp-content\/uploads\/2017\/03\/DSC02410.jpg?fit=1000%2C750&ssl=1","datePublished":"2017-03-30T03:17:50+00:00","dateModified":"2017-05-22T01:24:23+00:00","author":{"@id":"https:\/\/mundosemfim.com\/#\/schema\/person\/b021d50f3a19bae432e9b69ffbfa9257"},"breadcrumb":{"@id":"https:\/\/mundosemfim.com\/?p=5572#breadcrumb"},"inLanguage":"pt-BR","potentialAction":[{"@type":"ReadAction","target":["https:\/\/mundosemfim.com\/?p=5572"]}]},{"@type":"ImageObject","inLanguage":"pt-BR","@id":"https:\/\/mundosemfim.com\/?p=5572#primaryimage","url":"https:\/\/i0.wp.com\/mundosemfim.com\/wp-content\/uploads\/2017\/03\/DSC02410.jpg?fit=1000%2C750&ssl=1","contentUrl":"https:\/\/i0.wp.com\/mundosemfim.com\/wp-content\/uploads\/2017\/03\/DSC02410.jpg?fit=1000%2C750&ssl=1","width":1000,"height":750,"caption":"Mucuvinha no Canal do Panam\u00e1"},{"@type":"BreadcrumbList","@id":"https:\/\/mundosemfim.com\/?p=5572#breadcrumb","itemListElement":[{"@type":"ListItem","position":1,"name":"In\u00edcio","item":"https:\/\/mundosemfim.com\/"},{"@type":"ListItem","position":2,"name":"Canal do Panam\u00e1 \u2013 como chegar sem gastar quase nada!"}]},{"@type":"WebSite","@id":"https:\/\/mundosemfim.com\/#website","url":"https:\/\/mundosemfim.com\/","name":"Mundo Sem Fim","description":"uma viagem de volta ao mundo pelos 5 continentes!","potentialAction":[{"@type":"SearchAction","target":{"@type":"EntryPoint","urlTemplate":"https:\/\/mundosemfim.com\/?s={search_term_string}"},"query-input":{"@type":"PropertyValueSpecification","valueRequired":true,"valueName":"search_term_string"}}],"inLanguage":"pt-BR"},{"@type":"Person","@id":"https:\/\/mundosemfim.com\/#\/schema\/person\/b021d50f3a19bae432e9b69ffbfa9257","name":"Renan","image":{"@type":"ImageObject","inLanguage":"pt-BR","@id":"https:\/\/secure.gravatar.com\/avatar\/faafca769a603ac75196d21826f3bda645d7e2d6306bb6e236d8cdb38eb44e38?s=96&d=mm&r=g","url":"https:\/\/secure.gravatar.com\/avatar\/faafca769a603ac75196d21826f3bda645d7e2d6306bb6e236d8cdb38eb44e38?s=96&d=mm&r=g","contentUrl":"https:\/\/secure.gravatar.com\/avatar\/faafca769a603ac75196d21826f3bda645d7e2d6306bb6e236d8cdb38eb44e38?s=96&d=mm&r=g","caption":"Renan"}}]}},"jetpack_publicize_connections":[],"jetpack_featured_media_url":"https:\/\/i0.wp.com\/mundosemfim.com\/wp-content\/uploads\/2017\/03\/DSC02410.jpg?fit=1000%2C750&ssl=1","jetpack_sharing_enabled":true,"jetpack_shortlink":"https:\/\/wp.me\/p7CQyF-1rS","jetpack-related-posts":[{"id":5598,"url":"https:\/\/mundosemfim.com\/?p=5598","url_meta":{"origin":5572,"position":0},"title":"Cidade do Panam\u00e1 \u2013 dicas, o que fazer, gastos e muito mais","author":"Renan","date":"abril 7, 2017","format":false,"excerpt":"Cidade do Panam\u00e1 \u2013 cada vez mais visitada por brasileiros, principalmente aqueles que est\u00e3o viajando para outro lugar e acabam esticando uma escala aqui. Vai de compras? Visitar o canal? Conhecer a cidade? N\u00e3o importa, aqui damos todas as dicas! C\u00e2mbio oficial (mar\u00e7o\/2017) 1 d\u00f3lar = 3,10 reais A cidade\u2026","rel":"","context":"Em &quot;Am\u00e9rica Central&quot;","block_context":{"text":"Am\u00e9rica Central","link":"https:\/\/mundosemfim.com\/?cat=382"},"img":{"alt_text":"","src":"https:\/\/i0.wp.com\/mundosemfim.com\/wp-content\/uploads\/2017\/04\/DSC_0004.jpg?fit=1000%2C667&ssl=1&resize=350%2C200","width":350,"height":200,"srcset":"https:\/\/i0.wp.com\/mundosemfim.com\/wp-content\/uploads\/2017\/04\/DSC_0004.jpg?fit=1000%2C667&ssl=1&resize=350%2C200 1x, https:\/\/i0.wp.com\/mundosemfim.com\/wp-content\/uploads\/2017\/04\/DSC_0004.jpg?fit=1000%2C667&ssl=1&resize=525%2C300 1.5x, https:\/\/i0.wp.com\/mundosemfim.com\/wp-content\/uploads\/2017\/04\/DSC_0004.jpg?fit=1000%2C667&ssl=1&resize=700%2C400 2x"},"classes":[]},{"id":3981,"url":"https:\/\/mundosemfim.com\/?p=3981","url_meta":{"origin":5572,"position":1},"title":"Conhe\u00e7a Cuenca \u2013 Uma das cidades coloniais mais bonitas da Am\u00e9rica do Sul","author":"Renan","date":"agosto 6, 2016","format":false,"excerpt":"Santa Ana de los R\u00edos de Cuenca, ou simplesmente Cuenca, \u00e9 uma cidade colonial equatoriana que tivemos o privil\u00e9gio de conhecer. A beleza de sua arquitetura encanta qualquer viajante que passar por aqui. Venha conhec\u00ea-la com a gente! Refer\u00eancia (agosto\/2016) 1 d\u00f3lar = 3,30 reais Localizada no interior do Equador,\u2026","rel":"","context":"Em &quot;Am\u00e9rica do Sul&quot;","block_context":{"text":"Am\u00e9rica do Sul","link":"https:\/\/mundosemfim.com\/?cat=6"},"img":{"alt_text":"","src":"https:\/\/i0.wp.com\/mundosemfim.com\/wp-content\/uploads\/2016\/08\/P8010045.jpg?fit=933%2C622&ssl=1&resize=350%2C200","width":350,"height":200,"srcset":"https:\/\/i0.wp.com\/mundosemfim.com\/wp-content\/uploads\/2016\/08\/P8010045.jpg?fit=933%2C622&ssl=1&resize=350%2C200 1x, https:\/\/i0.wp.com\/mundosemfim.com\/wp-content\/uploads\/2016\/08\/P8010045.jpg?fit=933%2C622&ssl=1&resize=525%2C300 1.5x, https:\/\/i0.wp.com\/mundosemfim.com\/wp-content\/uploads\/2016\/08\/P8010045.jpg?fit=933%2C622&ssl=1&resize=700%2C400 2x"},"classes":[]},{"id":3969,"url":"https:\/\/mundosemfim.com\/?p=3969","url_meta":{"origin":5572,"position":2},"title":"Passeando com o \u00f4nibus tur\u00edstico em Cuenca, Equador","author":"Renan","date":"agosto 4, 2016","format":false,"excerpt":"Vai visitar a bel\u00edssima cidade equatoriana de Cuenca e n\u00e3o tem muito tempo? Fazer o passeio com o \u00f4nibus tur\u00edstico pode ser uma boa sa\u00edda! Venha ver como \u00e9! Refer\u00eancia (agosto\/2016) 1 d\u00f3lar = 3,30 reais Cuenca \u00e9 uma das cidades coloniais mais bonitas da Am\u00e9rica do Sul. Suas belas\u2026","rel":"","context":"Em &quot;Am\u00e9rica do Sul&quot;","block_context":{"text":"Am\u00e9rica do Sul","link":"https:\/\/mundosemfim.com\/?cat=6"},"img":{"alt_text":"","src":"https:\/\/i0.wp.com\/mundosemfim.com\/wp-content\/uploads\/2016\/08\/13882173_1679886769003366_1182906071508375263_n.jpg?fit=960%2C720&ssl=1&resize=350%2C200","width":350,"height":200,"srcset":"https:\/\/i0.wp.com\/mundosemfim.com\/wp-content\/uploads\/2016\/08\/13882173_1679886769003366_1182906071508375263_n.jpg?fit=960%2C720&ssl=1&resize=350%2C200 1x, https:\/\/i0.wp.com\/mundosemfim.com\/wp-content\/uploads\/2016\/08\/13882173_1679886769003366_1182906071508375263_n.jpg?fit=960%2C720&ssl=1&resize=525%2C300 1.5x, https:\/\/i0.wp.com\/mundosemfim.com\/wp-content\/uploads\/2016\/08\/13882173_1679886769003366_1182906071508375263_n.jpg?fit=960%2C720&ssl=1&resize=700%2C400 2x"},"classes":[]},{"id":5505,"url":"https:\/\/mundosemfim.com\/?p=5505","url_meta":{"origin":5572,"position":3},"title":"Cruzando a fronteira Col\u00f4mbia \u2013 Panam\u00e1 por Puerto Obald\u00eda","author":"Renan","date":"mar\u00e7o 20, 2017","format":false,"excerpt":"Depois de muito pensar em como cruzar da Am\u00e9rica do Sul \u00e0 Am\u00e9rica Central, chegamos \u00e0 conclus\u00e3o que o melhor era fazer por terra e barco. E esta foi uma das melhores experi\u00eancias da nossa viagem! Aqui contamos como foi cruzar esta fronteira pouco conhecida. Refer\u00eancia (mar\u00e7o\/2017) 1 real =\u2026","rel":"","context":"Em &quot;Am\u00e9rica Central&quot;","block_context":{"text":"Am\u00e9rica Central","link":"https:\/\/mundosemfim.com\/?cat=382"},"img":{"alt_text":"Puerto Obald\u00eda","src":"https:\/\/i0.wp.com\/mundosemfim.com\/wp-content\/uploads\/2017\/03\/P3130133.jpg?fit=1000%2C667&ssl=1&resize=350%2C200","width":350,"height":200,"srcset":"https:\/\/i0.wp.com\/mundosemfim.com\/wp-content\/uploads\/2017\/03\/P3130133.jpg?fit=1000%2C667&ssl=1&resize=350%2C200 1x, https:\/\/i0.wp.com\/mundosemfim.com\/wp-content\/uploads\/2017\/03\/P3130133.jpg?fit=1000%2C667&ssl=1&resize=525%2C300 1.5x, https:\/\/i0.wp.com\/mundosemfim.com\/wp-content\/uploads\/2017\/03\/P3130133.jpg?fit=1000%2C667&ssl=1&resize=700%2C400 2x"},"classes":[]},{"id":5579,"url":"https:\/\/mundosemfim.com\/?p=5579","url_meta":{"origin":5572,"position":4},"title":"Cruzando a fronteira Panam\u00e1 \u2013 Costa Rica por Paso Canoas","author":"Renan","date":"abril 2, 2017","format":false,"excerpt":"Cruzar uma fronteira \u00e9 algo que sempre causa d\u00favidas \u2013 e \u00e0s vezes at\u00e9 arrepios \u2013 nos viajantes. Aqui contamos como foi nossa travessia por terra entre Panam\u00e1 e Costa Rica pelo Paso Canoas! C\u00e2mbio oficial (abril\/2017) 1 d\u00f3lar = 3,12 reais 1 real = 180 colones Apesar de n\u00e3o\u2026","rel":"","context":"Em &quot;Am\u00e9rica Central&quot;","block_context":{"text":"Am\u00e9rica Central","link":"https:\/\/mundosemfim.com\/?cat=382"},"img":{"alt_text":"Fronteira Panam\u00e1 - Costa Rica","src":"https:\/\/i0.wp.com\/mundosemfim.com\/wp-content\/uploads\/2017\/04\/P3290036.jpg?fit=1000%2C667&ssl=1&resize=350%2C200","width":350,"height":200,"srcset":"https:\/\/i0.wp.com\/mundosemfim.com\/wp-content\/uploads\/2017\/04\/P3290036.jpg?fit=1000%2C667&ssl=1&resize=350%2C200 1x, https:\/\/i0.wp.com\/mundosemfim.com\/wp-content\/uploads\/2017\/04\/P3290036.jpg?fit=1000%2C667&ssl=1&resize=525%2C300 1.5x, https:\/\/i0.wp.com\/mundosemfim.com\/wp-content\/uploads\/2017\/04\/P3290036.jpg?fit=1000%2C667&ssl=1&resize=700%2C400 2x"},"classes":[]},{"id":6731,"url":"https:\/\/mundosemfim.com\/?p=6731","url_meta":{"origin":5572,"position":5},"title":"10 curiosidades sobre a Nicar\u00e1gua","author":"Renan","date":"setembro 17, 2017","format":false,"excerpt":"A Nicar\u00e1gua foi um dos nossos pa\u00edses preferidos da Am\u00e9rica Central. Pouco conhecido at\u00e9 algumas d\u00e9cadas atr\u00e1s, hoje \u00e9 um dos principais destinos tur\u00edsticos daqueles que se aventuram por este continente. Aqui listamos algumas curiosidades de l\u00e1! 1. A Nicar\u00e1gua est\u00e1 com planos de construir um canal ligando o oceano\u2026","rel":"","context":"Em &quot;Am\u00e9rica Central&quot;","block_context":{"text":"Am\u00e9rica Central","link":"https:\/\/mundosemfim.com\/?cat=382"},"img":{"alt_text":"","src":"https:\/\/i0.wp.com\/mundosemfim.com\/wp-content\/uploads\/2017\/09\/Nicara30.jpg?fit=550%2C329&ssl=1&resize=350%2C200","width":350,"height":200,"srcset":"https:\/\/i0.wp.com\/mundosemfim.com\/wp-content\/uploads\/2017\/09\/Nicara30.jpg?fit=550%2C329&ssl=1&resize=350%2C200 1x, https:\/\/i0.wp.com\/mundosemfim.com\/wp-content\/uploads\/2017\/09\/Nicara30.jpg?fit=550%2C329&ssl=1&resize=525%2C300 1.5x"},"classes":[]}],"_links":{"self":[{"href":"https:\/\/mundosemfim.com\/index.php?rest_route=\/wp\/v2\/posts\/5572","targetHints":{"allow":["GET"]}}],"collection":[{"href":"https:\/\/mundosemfim.com\/index.php?rest_route=\/wp\/v2\/posts"}],"about":[{"href":"https:\/\/mundosemfim.com\/index.php?rest_route=\/wp\/v2\/types\/post"}],"author":[{"embeddable":true,"href":"https:\/\/mundosemfim.com\/index.php?rest_route=\/wp\/v2\/users\/1"}],"replies":[{"embeddable":true,"href":"https:\/\/mundosemfim.com\/index.php?rest_route=%2Fwp%2Fv2%2Fcomments&post=5572"}],"version-history":[{"count":4,"href":"https:\/\/mundosemfim.com\/index.php?rest_route=\/wp\/v2\/posts\/5572\/revisions"}],"predecessor-version":[{"id":5866,"href":"https:\/\/mundosemfim.com\/index.php?rest_route=\/wp\/v2\/posts\/5572\/revisions\/5866"}],"wp:featuredmedia":[{"embeddable":true,"href":"https:\/\/mundosemfim.com\/index.php?rest_route=\/wp\/v2\/media\/5574"}],"wp:attachment":[{"href":"https:\/\/mundosemfim.com\/index.php?rest_route=%2Fwp%2Fv2%2Fmedia&parent=5572"}],"wp:term":[{"taxonomy":"category","embeddable":true,"href":"https:\/\/mundosemfim.com\/index.php?rest_route=%2Fwp%2Fv2%2Fcategories&post=5572"},{"taxonomy":"post_tag","embeddable":true,"href":"https:\/\/mundosemfim.com\/index.php?rest_route=%2Fwp%2Fv2%2Ftags&post=5572"}],"curies":[{"name":"wp","href":"https:\/\/api.w.org\/{rel}","templated":true}]}}