{"id":5547,"date":"2017-03-25T19:49:33","date_gmt":"2017-03-25T22:49:33","guid":{"rendered":"https:\/\/mundosemfim.com\/?p=5547"},"modified":"2017-03-25T19:59:27","modified_gmt":"2017-03-25T22:59:27","slug":"conhecendo-san-blas-panama-por-conta-propria","status":"publish","type":"post","link":"https:\/\/mundosemfim.com\/?p=5547","title":{"rendered":"Dicas de San Blas &#8211; Conhe\u00e7a o paradis\u00edaco caribe panamenho por conta pr\u00f3pria!"},"content":{"rendered":"<p>San Blas guarda algumas das praias mais paradis\u00edacas do caribe, e \u00e9 provavelmente o principal destino daqueles que visitam o Panam\u00e1. Os passeios para l\u00e1 costumam ser caros, mas aqui ensinamos a faz\u00ea-los por conta pr\u00f3pria sem gastar tanto!<\/p>\n<p><!--more--><b>C\u00e2mbio oficial (mar\u00e7o\/2017)<br \/>\n<\/b>1 d\u00f3lar = 3,10 reais<\/p>\n<h3><b>San Blas<\/b><\/h3>\n<p>San Blas \u00e9 um grande arquip\u00e9lago, composto por 365 ilhas, sendo que apenas 49 delas s\u00e3o habitadas. Este arquip\u00e9lago come\u00e7a pr\u00f3ximo \u00e0 fronteira com a Col\u00f4mbia, e se estende pela costa at\u00e9 a regi\u00e3o de Cart\u00ed, onde h\u00e1 alguns portos acess\u00edveis por estrada desde a Cidade do Panam\u00e1.<\/p>\n<p>Toda esta regi\u00e3o pertence aos ind\u00edgenas Kuna Yalas, que conquistaram\u00a0seu direito\u00a0ap\u00f3s muita luta. Assim, cada peda\u00e7o de terra de San Blas pode ser comercializada somente entre eles (ou estrangeiros casados com Kunas), o que torna a experi\u00eancia ainda mais interessante. Al\u00e9m das praias paradis\u00edacas, voc\u00ea ver\u00e1 uma cultura aut\u00eantica, livre dos grandes resorts de luxo que estragam a paisagem.<\/p>\n<figure id=\"attachment_5537\" aria-describedby=\"caption-attachment-5537\" style=\"width: 1000px\" class=\"wp-caption aligncenter\"><img data-recalc-dims=\"1\" loading=\"lazy\" decoding=\"async\" data-attachment-id=\"5537\" data-permalink=\"https:\/\/mundosemfim.com\/?attachment_id=5537\" data-orig-file=\"https:\/\/i0.wp.com\/mundosemfim.com\/wp-content\/uploads\/2017\/03\/DSC_0249.jpg?fit=1000%2C667&amp;ssl=1\" data-orig-size=\"1000,667\" data-comments-opened=\"1\" data-image-meta=\"{&quot;aperture&quot;:&quot;0&quot;,&quot;credit&quot;:&quot;&quot;,&quot;camera&quot;:&quot;&quot;,&quot;caption&quot;:&quot;&quot;,&quot;created_timestamp&quot;:&quot;0&quot;,&quot;copyright&quot;:&quot;&quot;,&quot;focal_length&quot;:&quot;0&quot;,&quot;iso&quot;:&quot;0&quot;,&quot;shutter_speed&quot;:&quot;0&quot;,&quot;title&quot;:&quot;&quot;,&quot;orientation&quot;:&quot;0&quot;}\" data-image-title=\"San Blas\" data-image-description=\"&lt;p&gt;Isla Perro, em San Blas&lt;\/p&gt;\n\" data-image-caption=\"&lt;p&gt;San Blas \u00e9 composta por 365 ilhas, muitas delas assim.&lt;\/p&gt;\n\" data-large-file=\"https:\/\/i0.wp.com\/mundosemfim.com\/wp-content\/uploads\/2017\/03\/DSC_0249.jpg?fit=764%2C510&amp;ssl=1\" class=\"size-full wp-image-5537\" src=\"https:\/\/i0.wp.com\/mundosemfim.com\/wp-content\/uploads\/2017\/03\/DSC_0249.jpg?resize=764%2C510&#038;ssl=1\" alt=\"Isla Perro, em San Blas\" width=\"764\" height=\"510\" srcset=\"https:\/\/i0.wp.com\/mundosemfim.com\/wp-content\/uploads\/2017\/03\/DSC_0249.jpg?w=1000&amp;ssl=1 1000w, https:\/\/i0.wp.com\/mundosemfim.com\/wp-content\/uploads\/2017\/03\/DSC_0249.jpg?resize=300%2C200&amp;ssl=1 300w, https:\/\/i0.wp.com\/mundosemfim.com\/wp-content\/uploads\/2017\/03\/DSC_0249.jpg?resize=768%2C512&amp;ssl=1 768w\" sizes=\"auto, (max-width: 764px) 100vw, 764px\" \/><figcaption id=\"caption-attachment-5537\" class=\"wp-caption-text\">San Blas \u00e9 composta por 365 ilhas, muitas delas assim.<\/figcaption><\/figure>\n<p>Quer passar a noite por l\u00e1? Pois prepare-se para dormir em uma humilde cabana de bambu, e esque\u00e7a TV ou internet. Sua \u00fanica distra\u00e7\u00e3o ser\u00e1 observar as \u00e1guas cristalinas do caribe, relaxar nas praias de areia branca e mergulhar em meio a corais e estrelas do mar!<\/p>\n<h3><b>Os Kunas<\/b><\/h3>\n<p>Os Kuna Yalas (ou Guna Yalas) habitavam a regi\u00e3o do Caribe e grande parte do territ\u00f3rio colombiano muito antes da chegada dos espanh\u00f3is.<\/p>\n<p>Como nunca se renderam \u00e0 coroa, sua hist\u00f3ria \u00e9 marcada por muita luta e revoltas. Acabaram perdendo grande parte de seu territ\u00f3rio e se recuaram at\u00e9 a regi\u00e3o onde atualmente est\u00e1 San Blas e parte do estreito de Dari\u00e9n. Ali n\u00e3o foram mais incomodados: em partes pela dificuldade no acesso, em partes pela falta de interesse na regi\u00e3o, os espanh\u00f3is resolveram deixar os Kunas para l\u00e1.<\/p>\n<p>Os anos se passaram, o Panam\u00e1 se tornou independente e os Kunas seguiam habitando a mesma regi\u00e3o. Em 1925, ap\u00f3s a Revolu\u00e7\u00e3o Kuna, estes ind\u00edgenas finalmente conseguiram autonomia total sobre suas terras, e chegaram a formar um Estado independente. Posteriormente a regi\u00e3o voltou a se unificar ao Panam\u00e1, mas o governo federal j\u00e1 n\u00e3o pode realizar obras ou explorar nada sem a autoriza\u00e7\u00e3o dos l\u00edderes Kuna.<\/p>\n<figure id=\"attachment_5549\" aria-describedby=\"caption-attachment-5549\" style=\"width: 1000px\" class=\"wp-caption aligncenter\"><img data-recalc-dims=\"1\" loading=\"lazy\" decoding=\"async\" data-attachment-id=\"5549\" data-permalink=\"https:\/\/mundosemfim.com\/?attachment_id=5549\" data-orig-file=\"https:\/\/i0.wp.com\/mundosemfim.com\/wp-content\/uploads\/2017\/03\/DSC_0058-2-2.jpg?fit=1000%2C667&amp;ssl=1\" data-orig-size=\"1000,667\" data-comments-opened=\"1\" data-image-meta=\"{&quot;aperture&quot;:&quot;0&quot;,&quot;credit&quot;:&quot;&quot;,&quot;camera&quot;:&quot;&quot;,&quot;caption&quot;:&quot;&quot;,&quot;created_timestamp&quot;:&quot;0&quot;,&quot;copyright&quot;:&quot;&quot;,&quot;focal_length&quot;:&quot;0&quot;,&quot;iso&quot;:&quot;0&quot;,&quot;shutter_speed&quot;:&quot;0&quot;,&quot;title&quot;:&quot;&quot;,&quot;orientation&quot;:&quot;0&quot;}\" data-image-title=\"San Blas\" data-image-description=\"&lt;p&gt;Mulher Kuna Yala em San Blas&lt;\/p&gt;\n\" data-image-caption=\"&lt;p&gt;Mulher Kuna Yala&lt;\/p&gt;\n\" data-large-file=\"https:\/\/i0.wp.com\/mundosemfim.com\/wp-content\/uploads\/2017\/03\/DSC_0058-2-2.jpg?fit=764%2C510&amp;ssl=1\" class=\"size-full wp-image-5549\" src=\"https:\/\/i0.wp.com\/mundosemfim.com\/wp-content\/uploads\/2017\/03\/DSC_0058-2-2.jpg?resize=764%2C510&#038;ssl=1\" alt=\"Mulher Kuna Yala em San Blas\" width=\"764\" height=\"510\" srcset=\"https:\/\/i0.wp.com\/mundosemfim.com\/wp-content\/uploads\/2017\/03\/DSC_0058-2-2.jpg?w=1000&amp;ssl=1 1000w, https:\/\/i0.wp.com\/mundosemfim.com\/wp-content\/uploads\/2017\/03\/DSC_0058-2-2.jpg?resize=300%2C200&amp;ssl=1 300w, https:\/\/i0.wp.com\/mundosemfim.com\/wp-content\/uploads\/2017\/03\/DSC_0058-2-2.jpg?resize=768%2C512&amp;ssl=1 768w\" sizes=\"auto, (max-width: 764px) 100vw, 764px\" \/><figcaption id=\"caption-attachment-5549\" class=\"wp-caption-text\">Mulher Kuna Yala<\/figcaption><\/figure>\n<p>Hoje, eles vivem basicamente do turismo e da venda e troca dos produtos que suas terras produzem, como o coco, os frutos-do-mar e a banana. Possuem uma organiza\u00e7\u00e3o pol\u00edtica bastante avan\u00e7ada, com um sistema democr\u00e1tico onde um l\u00edder, para poder se eleger a cargos superiores, precisa ter experi\u00eancia nos cargos inferiores. Fazendo uma analogia ao nosso, seria como se, para se eleger a presidente, um candidato precisasse, obrigatoriamente, ter experi\u00eancia como senador. Para ser senador, precisa ter sido deputado, e assim por diante.<\/p>\n<p>Os kunas falam um idioma nativo, embora a maioria consiga se comunicar bem em espanhol. S\u00e3o bastante orgulhosos de seu passado, conhecem bem sua hist\u00f3ria (muitos est\u00e3o dando aulas e palestras em universidades ao redor do mundo) e adoram contar seu estilo de vida aos visitantes. Diferente do relato de alguns outros blogs, achamos os Kunas muito simp\u00e1ticos e hospitaleiros.<\/p>\n<p>Deixe-se levar por esta cultura impressionante: ser\u00e1 um extra ao seu passeio!<\/p>\n<figure id=\"attachment_5540\" aria-describedby=\"caption-attachment-5540\" style=\"width: 1000px\" class=\"wp-caption aligncenter\"><img data-recalc-dims=\"1\" loading=\"lazy\" decoding=\"async\" data-attachment-id=\"5540\" data-permalink=\"https:\/\/mundosemfim.com\/?attachment_id=5540\" data-orig-file=\"https:\/\/i0.wp.com\/mundosemfim.com\/wp-content\/uploads\/2017\/03\/P3140224-1.jpg?fit=1000%2C667&amp;ssl=1\" data-orig-size=\"1000,667\" data-comments-opened=\"1\" data-image-meta=\"{&quot;aperture&quot;:&quot;0&quot;,&quot;credit&quot;:&quot;&quot;,&quot;camera&quot;:&quot;&quot;,&quot;caption&quot;:&quot;&quot;,&quot;created_timestamp&quot;:&quot;0&quot;,&quot;copyright&quot;:&quot;&quot;,&quot;focal_length&quot;:&quot;0&quot;,&quot;iso&quot;:&quot;0&quot;,&quot;shutter_speed&quot;:&quot;0&quot;,&quot;title&quot;:&quot;&quot;,&quot;orientation&quot;:&quot;0&quot;}\" data-image-title=\"San Blas\" data-image-description=\"&lt;p&gt;Ilha de Tulipe, San Blas&lt;\/p&gt;\n\" data-image-caption=\"&lt;p&gt;N\u00f3s na aldeia ind\u00edgena de Tulipe&lt;\/p&gt;\n\" data-large-file=\"https:\/\/i0.wp.com\/mundosemfim.com\/wp-content\/uploads\/2017\/03\/P3140224-1.jpg?fit=764%2C510&amp;ssl=1\" class=\"size-full wp-image-5540\" src=\"https:\/\/i0.wp.com\/mundosemfim.com\/wp-content\/uploads\/2017\/03\/P3140224-1.jpg?resize=764%2C510&#038;ssl=1\" alt=\"Ilha de Tulipe, San Blas\" width=\"764\" height=\"510\" srcset=\"https:\/\/i0.wp.com\/mundosemfim.com\/wp-content\/uploads\/2017\/03\/P3140224-1.jpg?w=1000&amp;ssl=1 1000w, https:\/\/i0.wp.com\/mundosemfim.com\/wp-content\/uploads\/2017\/03\/P3140224-1.jpg?resize=300%2C200&amp;ssl=1 300w, https:\/\/i0.wp.com\/mundosemfim.com\/wp-content\/uploads\/2017\/03\/P3140224-1.jpg?resize=768%2C512&amp;ssl=1 768w\" sizes=\"auto, (max-width: 764px) 100vw, 764px\" \/><figcaption id=\"caption-attachment-5540\" class=\"wp-caption-text\">N\u00f3s na aldeia ind\u00edgena de Tulipe<\/figcaption><\/figure>\n<h3><b>A Bandeira Kuna<\/b><\/h3>\n<p>Os visitantes desavisados que chegam a San Blas podem tomar um susto logo de cara: h\u00e1 bandeiras com su\u00e1sticas por todo o canto.<\/p>\n<p>Mas fiquem tranquilos, isso nada tem a ver com Hitler ou o Partido Fascista. A su\u00e1stica dos Kunas representa um polvo. Este s\u00edmbolo \u00e9 sagrado para muitas civiliza\u00e7\u00f5es desde a Antiguidade. Uma pena que atualmente, por conta do erro de alguns homens, ele seja atribu\u00eddo a um significado t\u00e3o ruim.<\/p>\n<figure id=\"attachment_5550\" aria-describedby=\"caption-attachment-5550\" style=\"width: 1000px\" class=\"wp-caption aligncenter\"><img data-recalc-dims=\"1\" loading=\"lazy\" decoding=\"async\" data-attachment-id=\"5550\" data-permalink=\"https:\/\/mundosemfim.com\/?attachment_id=5550\" data-orig-file=\"https:\/\/i0.wp.com\/mundosemfim.com\/wp-content\/uploads\/2017\/03\/P3140235.jpg?fit=1000%2C667&amp;ssl=1\" data-orig-size=\"1000,667\" data-comments-opened=\"1\" data-image-meta=\"{&quot;aperture&quot;:&quot;0&quot;,&quot;credit&quot;:&quot;&quot;,&quot;camera&quot;:&quot;&quot;,&quot;caption&quot;:&quot;&quot;,&quot;created_timestamp&quot;:&quot;0&quot;,&quot;copyright&quot;:&quot;&quot;,&quot;focal_length&quot;:&quot;0&quot;,&quot;iso&quot;:&quot;0&quot;,&quot;shutter_speed&quot;:&quot;0&quot;,&quot;title&quot;:&quot;&quot;,&quot;orientation&quot;:&quot;0&quot;}\" data-image-title=\"San Blas\" data-image-description=\"&lt;p&gt;Bandeira Kuna Yala&lt;\/p&gt;\n\" data-image-caption=\"&lt;p&gt;Bandeira Kuna Yala. A su\u00e1stica n\u00e3o tem nada a ver com o nazismo.&lt;\/p&gt;\n\" data-large-file=\"https:\/\/i0.wp.com\/mundosemfim.com\/wp-content\/uploads\/2017\/03\/P3140235.jpg?fit=764%2C510&amp;ssl=1\" class=\"size-full wp-image-5550\" src=\"https:\/\/i0.wp.com\/mundosemfim.com\/wp-content\/uploads\/2017\/03\/P3140235.jpg?resize=764%2C510&#038;ssl=1\" alt=\"Bandeira Kuna Yala\" width=\"764\" height=\"510\" srcset=\"https:\/\/i0.wp.com\/mundosemfim.com\/wp-content\/uploads\/2017\/03\/P3140235.jpg?w=1000&amp;ssl=1 1000w, https:\/\/i0.wp.com\/mundosemfim.com\/wp-content\/uploads\/2017\/03\/P3140235.jpg?resize=300%2C200&amp;ssl=1 300w, https:\/\/i0.wp.com\/mundosemfim.com\/wp-content\/uploads\/2017\/03\/P3140235.jpg?resize=768%2C512&amp;ssl=1 768w\" sizes=\"auto, (max-width: 764px) 100vw, 764px\" \/><figcaption id=\"caption-attachment-5550\" class=\"wp-caption-text\">Bandeira Kuna Yala. A su\u00e1stica n\u00e3o tem nada a ver com o nazismo.<\/figcaption><\/figure>\n<h3><b>Como chegar a San Blas<\/b><\/h3>\n<p>N\u00f3s chegamos at\u00e9 l\u00e1 vindo da Col\u00f4mbia por barco. Se quiser saber os detalhes de como \u00e9 o processo, leia nosso post completo <a href=\"https:\/\/mundosemfim.com\/da-colombia-ao-panama-em-barco-passando-por-san-blas\/\"><b>aqui<\/b><\/a>.<\/p>\n<p>Para quem est\u00e1 na Cidade do Panam\u00e1, praticamente todos os hot\u00e9is e hostels vendem tour ou transfer para as ilhas. No geral, o tour de 2 dias\/1 noite custa a partir de 120 d\u00f3lares com tudo inclu\u00eddo (menos a entrada em San Blas), e s\u00f3 o servi\u00e7o de transfer custa 25 d\u00f3lares por trajeto (escutamos gente falando que pagou mais, mas o valor correto \u00e9 25).<\/p>\n<p>Se quiser ir de forma ainda mais econ\u00f4mica, pegue um \u00f4nibus que v\u00e1 para Dari\u00e9n (Ca\u00f1itas) e pe\u00e7a para descer no cruzamento com San Blas (deve custar entre 2 e 3 d\u00f3lares). Do cruzamento, \u00e9 poss\u00edvel tentar carona ou pegar um dos 4&#215;4 que descem com vagas (15 d\u00f3lares).<\/p>\n<p>Para voltar \u00e9 a mesma coisa: 25 d\u00f3lares com transfer direto \u00e0 Cidade do Panam\u00e1, ou 15 d\u00f3lares at\u00e9 a estrada, e de l\u00e1 um \u00f4nibus de mais 2 ou 3 d\u00f3lares.<\/p>\n<p>O deslocamento em carro demora cerca de 2 horas, e leva at\u00e9 o porto de Cart\u00ed. Todo o caminho \u00e9 asfaltado, com exce\u00e7\u00e3o do \u00faltimo quil\u00f4metro (\u00e9 de terra, mas qualquer carro consegue passar).<\/p>\n<p>De Cart\u00ed \u00e9 s\u00f3 pegar um barco at\u00e9 a ilha da sua escolha (custam entre 10 e 35 d\u00f3lares o trecho, dependendo da ilha).<\/p>\n<p>Quiseram nos cobrar 2 d\u00f3lares de taxa portu\u00e1ria\u00a0em Cart\u00ed, mas enrolamos e acabamos n\u00e3o pagando (n\u00e3o vimos nenhum informe oficial dizendo que precisava pagar este valor).<\/p>\n<figure id=\"attachment_5551\" aria-describedby=\"caption-attachment-5551\" style=\"width: 1000px\" class=\"wp-caption aligncenter\"><img data-recalc-dims=\"1\" loading=\"lazy\" decoding=\"async\" data-attachment-id=\"5551\" data-permalink=\"https:\/\/mundosemfim.com\/?attachment_id=5551\" data-orig-file=\"https:\/\/i0.wp.com\/mundosemfim.com\/wp-content\/uploads\/2017\/03\/P3170392.jpg?fit=1000%2C667&amp;ssl=1\" data-orig-size=\"1000,667\" data-comments-opened=\"1\" data-image-meta=\"{&quot;aperture&quot;:&quot;0&quot;,&quot;credit&quot;:&quot;&quot;,&quot;camera&quot;:&quot;&quot;,&quot;caption&quot;:&quot;&quot;,&quot;created_timestamp&quot;:&quot;0&quot;,&quot;copyright&quot;:&quot;&quot;,&quot;focal_length&quot;:&quot;0&quot;,&quot;iso&quot;:&quot;0&quot;,&quot;shutter_speed&quot;:&quot;0&quot;,&quot;title&quot;:&quot;&quot;,&quot;orientation&quot;:&quot;0&quot;}\" data-image-title=\"San Blas\" data-image-description=\"&lt;p&gt;Caranguejos gigantes em San Blas&lt;\/p&gt;\n\" data-image-caption=\"&lt;p&gt;Pescaria em San Blas: maiores caranguejos que j\u00e1 vimos na vida.&lt;\/p&gt;\n\" data-large-file=\"https:\/\/i0.wp.com\/mundosemfim.com\/wp-content\/uploads\/2017\/03\/P3170392.jpg?fit=764%2C510&amp;ssl=1\" class=\"size-full wp-image-5551\" src=\"https:\/\/i0.wp.com\/mundosemfim.com\/wp-content\/uploads\/2017\/03\/P3170392.jpg?resize=764%2C510&#038;ssl=1\" alt=\"Caranguejos gigantes em San Blas\" width=\"764\" height=\"510\" srcset=\"https:\/\/i0.wp.com\/mundosemfim.com\/wp-content\/uploads\/2017\/03\/P3170392.jpg?w=1000&amp;ssl=1 1000w, https:\/\/i0.wp.com\/mundosemfim.com\/wp-content\/uploads\/2017\/03\/P3170392.jpg?resize=300%2C200&amp;ssl=1 300w, https:\/\/i0.wp.com\/mundosemfim.com\/wp-content\/uploads\/2017\/03\/P3170392.jpg?resize=768%2C512&amp;ssl=1 768w\" sizes=\"auto, (max-width: 764px) 100vw, 764px\" \/><figcaption id=\"caption-attachment-5551\" class=\"wp-caption-text\">Pescaria em San Blas: maiores caranguejos que j\u00e1 vimos na vida.<\/figcaption><\/figure>\n<h3><b>Por conta pr\u00f3pria ou em tour?<\/b><\/h3>\n<p>Qual vale mais a pena: contratar um tour completo, ou ir por conta pr\u00f3pria?<\/p>\n<p>Em termos de pre\u00e7o, n\u00e3o faz muita diferen\u00e7a (a menos que voc\u00ea tenha barraca, a\u00ed nesse caso vai economizar bem mais indo por conta pr\u00f3pria). A vantagem de ir por conta \u00e9 que vai ficar livre para ficar quantos dias quiser e ir para as ilhas que desejar. Os tours costumam incluir umas ilhas bem sem-gra\u00e7a s\u00f3 para aumentar o tamanho do pacote.<\/p>\n<h3><b>Quanto custa?<\/b><\/h3>\n<p>Se voc\u00ea for em um tour, ter\u00e1 que pagar estes valores adicionais:<\/p>\n<ul>\n<li>Entrada para a reserva Kuna Yala: 20 d\u00f3lares. Guarde o comprovante at\u00e9 ir embora.<\/li>\n<li>Entrada para as ilhas (entre 1 e 4 d\u00f3lares, dependendo da ilha).<\/li>\n<li>\u00c1gua, cerveja ou lanches adicionais.<\/li>\n<\/ul>\n<p>Se for por conta pr\u00f3pria, al\u00e9m dos gastos acima, ter\u00e1 os seguintes:<\/p>\n<ul>\n<li>25 d\u00f3lares de transporte at\u00e9 Cart\u00ed (pode reduzir este valor fazendo o esquema de ir em \u00f4nibus).<\/li>\n<li>Transporte at\u00e9 as ilhas: entre 10 e 35 d\u00f3lares, dependendo da dist\u00e2ncia da ilha.<\/li>\n<li>Hospedagem: entre 15 e 50 d\u00f3lares, dependendo da ilha e se vai acampar, ficar em cabana privada ou em quartos compartilhados. Valores incluem as 3 refei\u00e7\u00f5es, mas n\u00e3o incluem nenhuma bebida. Se n\u00e3o quiser as refei\u00e7\u00f5es, \u00e9 poss\u00edvel conseguir valores mais baratos.<\/li>\n<\/ul>\n<figure id=\"attachment_5544\" aria-describedby=\"caption-attachment-5544\" style=\"width: 1000px\" class=\"wp-caption aligncenter\"><img data-recalc-dims=\"1\" loading=\"lazy\" decoding=\"async\" data-attachment-id=\"5544\" data-permalink=\"https:\/\/mundosemfim.com\/?attachment_id=5544\" data-orig-file=\"https:\/\/i0.wp.com\/mundosemfim.com\/wp-content\/uploads\/2017\/03\/DSC_0002-2.jpg?fit=1000%2C667&amp;ssl=1\" data-orig-size=\"1000,667\" data-comments-opened=\"1\" data-image-meta=\"{&quot;aperture&quot;:&quot;0&quot;,&quot;credit&quot;:&quot;&quot;,&quot;camera&quot;:&quot;&quot;,&quot;caption&quot;:&quot;&quot;,&quot;created_timestamp&quot;:&quot;0&quot;,&quot;copyright&quot;:&quot;&quot;,&quot;focal_length&quot;:&quot;0&quot;,&quot;iso&quot;:&quot;0&quot;,&quot;shutter_speed&quot;:&quot;0&quot;,&quot;title&quot;:&quot;&quot;,&quot;orientation&quot;:&quot;0&quot;}\" data-image-title=\"San Blas\" data-image-description=\"&lt;p&gt;Comendo lagosta em San Blas&lt;\/p&gt;\n\" data-image-caption=\"&lt;p&gt;Lagosta, um dos pratos t\u00edpicos de San Blas&lt;\/p&gt;\n\" data-large-file=\"https:\/\/i0.wp.com\/mundosemfim.com\/wp-content\/uploads\/2017\/03\/DSC_0002-2.jpg?fit=764%2C510&amp;ssl=1\" class=\"size-full wp-image-5544\" src=\"https:\/\/i0.wp.com\/mundosemfim.com\/wp-content\/uploads\/2017\/03\/DSC_0002-2.jpg?resize=764%2C510&#038;ssl=1\" alt=\"Comendo lagosta em San Blas\" width=\"764\" height=\"510\" srcset=\"https:\/\/i0.wp.com\/mundosemfim.com\/wp-content\/uploads\/2017\/03\/DSC_0002-2.jpg?w=1000&amp;ssl=1 1000w, https:\/\/i0.wp.com\/mundosemfim.com\/wp-content\/uploads\/2017\/03\/DSC_0002-2.jpg?resize=300%2C200&amp;ssl=1 300w, https:\/\/i0.wp.com\/mundosemfim.com\/wp-content\/uploads\/2017\/03\/DSC_0002-2.jpg?resize=768%2C512&amp;ssl=1 768w\" sizes=\"auto, (max-width: 764px) 100vw, 764px\" \/><figcaption id=\"caption-attachment-5544\" class=\"wp-caption-text\">Lagosta, um dos pratos t\u00edpicos de San Blas<\/figcaption><\/figure>\n<p>Para economizar, leve \u00e1gua e algumas comidas. L\u00e1 h\u00e1 mercados, mas s\u00e3o um pouco mais caros. Alguns pre\u00e7os das ilhas:<\/p>\n<ul>\n<li>Cerveja (lata): entre 1,50 e 3,50 d\u00f3lares, dependendo da ilha;<\/li>\n<li>\u00c1gua mineral (gal\u00e3o): entre 3 e 5 d\u00f3lares;<\/li>\n<li>P\u00e3o: entre 10 e 20 centavos (s\u00e3o da metade do tamanho de um p\u00e3o franc\u00eas brasileiro).<\/li>\n<\/ul>\n<h3><b>Ilhas<\/b><\/h3>\n<p>H\u00e1 uma infinidade de ilhas na regi\u00e3o pr\u00f3xima a Cart\u00ed, uma mais bonita que a outra. Aqui descrevemos as ilhas que conhecemos:<\/p>\n<h4><i><b>Narasgandub<\/b><\/i><\/h4>\n<p>Esta foi a ilha que escolhemos para nos hospedar, por ser uma das mais baratas e oferecer tour para as principais ilhas. O barco de Cart\u00ed at\u00e9 ela custa 10 d\u00f3lares por pessoa.<\/p>\n<p>Na ilha vivem umas 4 fam\u00edlias, e cada uma tem hospedagens para oferecer. N\u00f3s acampamos na do Miro por 15 d\u00f3lares por pessoa, incluindo as 3 refei\u00e7\u00f5es. Se quiser ficar em uma cama, custa 35 d\u00f3lares com as refei\u00e7\u00f5es, ou 20 d\u00f3lares sem nada.<\/p>\n<p>Quando chegamos, a comida era boa e bem servida. Mas a\u00ed come\u00e7ou a trabalhar uma gringa de volunt\u00e1ria, e a comida virou <i>gourmet<\/i>: continuou boa, mas n\u00e3o vinha quase nada. Por sorte t\u00ednhamos levado p\u00e3es para complementar. No \u00faltimo dia rolou at\u00e9 lagosta.<\/p>\n<figure id=\"attachment_5552\" aria-describedby=\"caption-attachment-5552\" style=\"width: 1000px\" class=\"wp-caption aligncenter\"><img data-recalc-dims=\"1\" loading=\"lazy\" decoding=\"async\" data-attachment-id=\"5552\" data-permalink=\"https:\/\/mundosemfim.com\/?attachment_id=5552\" data-orig-file=\"https:\/\/i0.wp.com\/mundosemfim.com\/wp-content\/uploads\/2017\/03\/DSC_0188.jpg?fit=1000%2C667&amp;ssl=1\" data-orig-size=\"1000,667\" data-comments-opened=\"1\" data-image-meta=\"{&quot;aperture&quot;:&quot;0&quot;,&quot;credit&quot;:&quot;&quot;,&quot;camera&quot;:&quot;&quot;,&quot;caption&quot;:&quot;&quot;,&quot;created_timestamp&quot;:&quot;0&quot;,&quot;copyright&quot;:&quot;&quot;,&quot;focal_length&quot;:&quot;0&quot;,&quot;iso&quot;:&quot;0&quot;,&quot;shutter_speed&quot;:&quot;0&quot;,&quot;title&quot;:&quot;&quot;,&quot;orientation&quot;:&quot;0&quot;}\" data-image-title=\"San Blas\" data-image-description=\"&lt;p&gt;Acampando em Narasgandub, San Blas&lt;\/p&gt;\n\" data-image-caption=\"&lt;p&gt;Acampando em Narasgandub&lt;\/p&gt;\n\" data-large-file=\"https:\/\/i0.wp.com\/mundosemfim.com\/wp-content\/uploads\/2017\/03\/DSC_0188.jpg?fit=764%2C510&amp;ssl=1\" class=\"size-full wp-image-5552\" src=\"https:\/\/i0.wp.com\/mundosemfim.com\/wp-content\/uploads\/2017\/03\/DSC_0188.jpg?resize=764%2C510&#038;ssl=1\" alt=\"Acampando em Narasgandub, San Blas\" width=\"764\" height=\"510\" srcset=\"https:\/\/i0.wp.com\/mundosemfim.com\/wp-content\/uploads\/2017\/03\/DSC_0188.jpg?w=1000&amp;ssl=1 1000w, https:\/\/i0.wp.com\/mundosemfim.com\/wp-content\/uploads\/2017\/03\/DSC_0188.jpg?resize=300%2C200&amp;ssl=1 300w, https:\/\/i0.wp.com\/mundosemfim.com\/wp-content\/uploads\/2017\/03\/DSC_0188.jpg?resize=768%2C512&amp;ssl=1 768w\" sizes=\"auto, (max-width: 764px) 100vw, 764px\" \/><figcaption id=\"caption-attachment-5552\" class=\"wp-caption-text\">Acampando em Narasgandub<\/figcaption><\/figure>\n<p>Narasgandub recebe bastantes turistas, mas n\u00e3o chega a lotar. O ambiente por ali \u00e9 bem legal, e pela noite \u00e0s vezes fazem fogueiras na areia reunir a galera.<\/p>\n<p>A praia possui \u00e1gua bem cristalina e de colora\u00e7\u00e3o esverdeada. H\u00e1 uma barreira de corais bem legal para fazer snorkel.<\/p>\n<p>A partir desta ilha, fizemos dois tours: um para a Ilha Perro e Fragata (20 d\u00f3lares por pessoa), e outro para a Ilha Pelicano e ao banco de areia (10 d\u00f3lares por pessoa). Estes valores podem baixar se conseguir formar grupos maiores.<\/p>\n<figure id=\"attachment_5553\" aria-describedby=\"caption-attachment-5553\" style=\"width: 1000px\" class=\"wp-caption aligncenter\"><img data-recalc-dims=\"1\" loading=\"lazy\" decoding=\"async\" data-attachment-id=\"5553\" data-permalink=\"https:\/\/mundosemfim.com\/?attachment_id=5553\" data-orig-file=\"https:\/\/i0.wp.com\/mundosemfim.com\/wp-content\/uploads\/2017\/03\/DSC_0005.jpg?fit=1000%2C667&amp;ssl=1\" data-orig-size=\"1000,667\" data-comments-opened=\"1\" data-image-meta=\"{&quot;aperture&quot;:&quot;0&quot;,&quot;credit&quot;:&quot;&quot;,&quot;camera&quot;:&quot;&quot;,&quot;caption&quot;:&quot;&quot;,&quot;created_timestamp&quot;:&quot;0&quot;,&quot;copyright&quot;:&quot;&quot;,&quot;focal_length&quot;:&quot;0&quot;,&quot;iso&quot;:&quot;0&quot;,&quot;shutter_speed&quot;:&quot;0&quot;,&quot;title&quot;:&quot;&quot;,&quot;orientation&quot;:&quot;0&quot;}\" data-image-title=\"San Blas\" data-image-description=\"&lt;p&gt;Mucuvinha em Narasgandub, San Blas&lt;\/p&gt;\n\" data-image-caption=\"&lt;p&gt;Mucuvinha em Narasgandub, San Blas&lt;\/p&gt;\n\" data-large-file=\"https:\/\/i0.wp.com\/mundosemfim.com\/wp-content\/uploads\/2017\/03\/DSC_0005.jpg?fit=764%2C510&amp;ssl=1\" class=\"size-full wp-image-5553\" src=\"https:\/\/i0.wp.com\/mundosemfim.com\/wp-content\/uploads\/2017\/03\/DSC_0005.jpg?resize=764%2C510&#038;ssl=1\" alt=\"Mucuvinha em Narasgandub, San Blas\" width=\"764\" height=\"510\" srcset=\"https:\/\/i0.wp.com\/mundosemfim.com\/wp-content\/uploads\/2017\/03\/DSC_0005.jpg?w=1000&amp;ssl=1 1000w, https:\/\/i0.wp.com\/mundosemfim.com\/wp-content\/uploads\/2017\/03\/DSC_0005.jpg?resize=300%2C200&amp;ssl=1 300w, https:\/\/i0.wp.com\/mundosemfim.com\/wp-content\/uploads\/2017\/03\/DSC_0005.jpg?resize=768%2C512&amp;ssl=1 768w\" sizes=\"auto, (max-width: 764px) 100vw, 764px\" \/><figcaption id=\"caption-attachment-5553\" class=\"wp-caption-text\">Mucuvinha em Narasgandub, San Blas<\/figcaption><\/figure>\n<h4><i><b>Ilha Perro<\/b><\/i><\/h4>\n<p>Cuidado, h\u00e1 duas ilhas chamadas Perro. Uma \u00e9 bem sem-gra\u00e7a, e foi batizada desta forma pelas ag\u00eancias de turismo para enganar o turista. A outra possui um barco afundado e \u00e9, possivelmente, a ilha mais bonita de San Blas. \u00c9 essa que voc\u00ea deve visitar. Antes de pegar um tour, confirme se a Perro que voc\u00ea vai \u00e9 a do barco afundado.<\/p>\n<figure id=\"attachment_5554\" aria-describedby=\"caption-attachment-5554\" style=\"width: 1000px\" class=\"wp-caption aligncenter\"><img data-recalc-dims=\"1\" loading=\"lazy\" decoding=\"async\" data-attachment-id=\"5554\" data-permalink=\"https:\/\/mundosemfim.com\/?attachment_id=5554\" data-orig-file=\"https:\/\/i0.wp.com\/mundosemfim.com\/wp-content\/uploads\/2017\/03\/DSC_0265.jpg?fit=1000%2C667&amp;ssl=1\" data-orig-size=\"1000,667\" data-comments-opened=\"1\" data-image-meta=\"{&quot;aperture&quot;:&quot;0&quot;,&quot;credit&quot;:&quot;&quot;,&quot;camera&quot;:&quot;&quot;,&quot;caption&quot;:&quot;&quot;,&quot;created_timestamp&quot;:&quot;0&quot;,&quot;copyright&quot;:&quot;&quot;,&quot;focal_length&quot;:&quot;0&quot;,&quot;iso&quot;:&quot;0&quot;,&quot;shutter_speed&quot;:&quot;0&quot;,&quot;title&quot;:&quot;&quot;,&quot;orientation&quot;:&quot;0&quot;}\" data-image-title=\"San Blas\" data-image-description=\"&lt;p&gt;Ilha Perro, San Blas&lt;\/p&gt;\n\" data-image-caption=\"&lt;p&gt;Na Ilha Perro, uma das mais bonitas de San Blas&lt;\/p&gt;\n\" data-large-file=\"https:\/\/i0.wp.com\/mundosemfim.com\/wp-content\/uploads\/2017\/03\/DSC_0265.jpg?fit=764%2C510&amp;ssl=1\" class=\"size-full wp-image-5554\" src=\"https:\/\/i0.wp.com\/mundosemfim.com\/wp-content\/uploads\/2017\/03\/DSC_0265.jpg?resize=764%2C510&#038;ssl=1\" alt=\"Ilha Perro, San Blas\" width=\"764\" height=\"510\" srcset=\"https:\/\/i0.wp.com\/mundosemfim.com\/wp-content\/uploads\/2017\/03\/DSC_0265.jpg?w=1000&amp;ssl=1 1000w, https:\/\/i0.wp.com\/mundosemfim.com\/wp-content\/uploads\/2017\/03\/DSC_0265.jpg?resize=300%2C200&amp;ssl=1 300w, https:\/\/i0.wp.com\/mundosemfim.com\/wp-content\/uploads\/2017\/03\/DSC_0265.jpg?resize=768%2C512&amp;ssl=1 768w\" sizes=\"auto, (max-width: 764px) 100vw, 764px\" \/><figcaption id=\"caption-attachment-5554\" class=\"wp-caption-text\">Na Ilha Perro, com o barco afundado ao fundo<\/figcaption><\/figure>\n<p>Esta ilha \u00e9 pequena, e cobra 3 d\u00f3lares de entrada. Se quiser acampar, cobram 8 d\u00f3lares por pessoa sem as refei\u00e7\u00f5es, ou 25 com as refei\u00e7\u00f5es. Nas cabanas cobram 40 d\u00f3lares por pessoa (com as refei\u00e7\u00f5es).<\/p>\n<p>Possui areia branquinha e \u00e1gua transparente, al\u00e9m do espetacular barco afundado. N\u00e3o deixe de trazer um snorkel, ou vai se arrepender muito!<\/p>\n<p>Os barcos de Carti para a Isla Perro cobram 35 d\u00f3lares (ida e volta).<\/p>\n<p>Evite vir a esta ilha no fim de semana, pois costuma lotar.<\/p>\n<div class=\"jetpack-video-wrapper\"><span class=\"embed-youtube\" style=\"text-align:center; display: block;\"><iframe loading=\"lazy\" class=\"youtube-player\" width=\"764\" height=\"430\" src=\"https:\/\/www.youtube.com\/embed\/JQzZFIMl8XE?version=3&#038;rel=1&#038;showsearch=0&#038;showinfo=1&#038;iv_load_policy=1&#038;fs=1&#038;hl=pt-BR&#038;autohide=2&#038;wmode=transparent\" allowfullscreen=\"true\" style=\"border:0;\" sandbox=\"allow-scripts allow-same-origin allow-popups allow-presentation allow-popups-to-escape-sandbox\"><\/iframe><\/span><\/div>\n<h4><i><b>Ilha Fragata<\/b><\/i><\/h4>\n<p>A Fragata s\u00e3o, na verdade, duas ilhas, ligadas por um banco de areia. Possui uma praia rasinha, com \u00e1gua quente e cristalina, onde sempre aparecem estrelas-do-mar.<\/p>\n<p>N\u00e3o cobram entrada, e tamb\u00e9m n\u00e3o tem muito o que fazer nela. O ideal \u00e9 passar uns 30 minutos por l\u00e1.<\/p>\n<figure id=\"attachment_5556\" aria-describedby=\"caption-attachment-5556\" style=\"width: 1000px\" class=\"wp-caption aligncenter\"><img data-recalc-dims=\"1\" loading=\"lazy\" decoding=\"async\" data-attachment-id=\"5556\" data-permalink=\"https:\/\/mundosemfim.com\/?attachment_id=5556\" data-orig-file=\"https:\/\/i0.wp.com\/mundosemfim.com\/wp-content\/uploads\/2017\/03\/DSC_0367.jpg?fit=1000%2C667&amp;ssl=1\" data-orig-size=\"1000,667\" data-comments-opened=\"1\" data-image-meta=\"{&quot;aperture&quot;:&quot;0&quot;,&quot;credit&quot;:&quot;&quot;,&quot;camera&quot;:&quot;&quot;,&quot;caption&quot;:&quot;&quot;,&quot;created_timestamp&quot;:&quot;0&quot;,&quot;copyright&quot;:&quot;&quot;,&quot;focal_length&quot;:&quot;0&quot;,&quot;iso&quot;:&quot;0&quot;,&quot;shutter_speed&quot;:&quot;0&quot;,&quot;title&quot;:&quot;&quot;,&quot;orientation&quot;:&quot;0&quot;}\" data-image-title=\"San Blas\" data-image-description=\"&lt;p&gt;Isla Fragata, San Blas&lt;\/p&gt;\n\" data-image-caption=\"&lt;p&gt;Michele com uma estrela-do-mar na Ilha Fragata, San Blas&lt;\/p&gt;\n\" data-large-file=\"https:\/\/i0.wp.com\/mundosemfim.com\/wp-content\/uploads\/2017\/03\/DSC_0367.jpg?fit=764%2C510&amp;ssl=1\" class=\"size-full wp-image-5556\" src=\"https:\/\/i0.wp.com\/mundosemfim.com\/wp-content\/uploads\/2017\/03\/DSC_0367.jpg?resize=764%2C510&#038;ssl=1\" alt=\"Isla Fragata, San Blas\" width=\"764\" height=\"510\" srcset=\"https:\/\/i0.wp.com\/mundosemfim.com\/wp-content\/uploads\/2017\/03\/DSC_0367.jpg?w=1000&amp;ssl=1 1000w, https:\/\/i0.wp.com\/mundosemfim.com\/wp-content\/uploads\/2017\/03\/DSC_0367.jpg?resize=300%2C200&amp;ssl=1 300w, https:\/\/i0.wp.com\/mundosemfim.com\/wp-content\/uploads\/2017\/03\/DSC_0367.jpg?resize=768%2C512&amp;ssl=1 768w\" sizes=\"auto, (max-width: 764px) 100vw, 764px\" \/><figcaption id=\"caption-attachment-5556\" class=\"wp-caption-text\">Michele com uma estrela-do-mar na Ilha Fragata<\/figcaption><\/figure>\n<h4><i><b>Ilha Pelicano<\/b><\/i><\/h4>\n<p>Cobram 2 d\u00f3lares de entrada.<\/p>\n<p>Esta ilha n\u00e3o possui hospedagem, e \u00e9 excelente para fazer snorkel. Foi a ilha onde vimos mais peixes, al\u00e9m de algumas estrelas-do-mar. Tamb\u00e9m possui uma grande barreira de corais.<\/p>\n<p>Vale a pena fazer o passeio desta ilha combinado com o do banco de areia.<\/p>\n<figure id=\"attachment_5557\" aria-describedby=\"caption-attachment-5557\" style=\"width: 1000px\" class=\"wp-caption aligncenter\"><img data-recalc-dims=\"1\" loading=\"lazy\" decoding=\"async\" data-attachment-id=\"5557\" data-permalink=\"https:\/\/mundosemfim.com\/?attachment_id=5557\" data-orig-file=\"https:\/\/i0.wp.com\/mundosemfim.com\/wp-content\/uploads\/2017\/03\/DSC_0485.jpg?fit=1000%2C667&amp;ssl=1\" data-orig-size=\"1000,667\" data-comments-opened=\"1\" data-image-meta=\"{&quot;aperture&quot;:&quot;0&quot;,&quot;credit&quot;:&quot;&quot;,&quot;camera&quot;:&quot;&quot;,&quot;caption&quot;:&quot;&quot;,&quot;created_timestamp&quot;:&quot;0&quot;,&quot;copyright&quot;:&quot;&quot;,&quot;focal_length&quot;:&quot;0&quot;,&quot;iso&quot;:&quot;0&quot;,&quot;shutter_speed&quot;:&quot;0&quot;,&quot;title&quot;:&quot;&quot;,&quot;orientation&quot;:&quot;0&quot;}\" data-image-title=\"San Blas\" data-image-description=\"&lt;p&gt;Isla Pelicano, San Blas&lt;\/p&gt;\n\" data-image-caption=\"&lt;p&gt;Ilha Pelicano&lt;\/p&gt;\n\" data-large-file=\"https:\/\/i0.wp.com\/mundosemfim.com\/wp-content\/uploads\/2017\/03\/DSC_0485.jpg?fit=764%2C510&amp;ssl=1\" class=\"size-full wp-image-5557\" src=\"https:\/\/i0.wp.com\/mundosemfim.com\/wp-content\/uploads\/2017\/03\/DSC_0485.jpg?resize=764%2C510&#038;ssl=1\" alt=\"Isla Pelicano, San Blas\" width=\"764\" height=\"510\" srcset=\"https:\/\/i0.wp.com\/mundosemfim.com\/wp-content\/uploads\/2017\/03\/DSC_0485.jpg?w=1000&amp;ssl=1 1000w, https:\/\/i0.wp.com\/mundosemfim.com\/wp-content\/uploads\/2017\/03\/DSC_0485.jpg?resize=300%2C200&amp;ssl=1 300w, https:\/\/i0.wp.com\/mundosemfim.com\/wp-content\/uploads\/2017\/03\/DSC_0485.jpg?resize=768%2C512&amp;ssl=1 768w\" sizes=\"auto, (max-width: 764px) 100vw, 764px\" \/><figcaption id=\"caption-attachment-5557\" class=\"wp-caption-text\">Ilha Pelicano<\/figcaption><\/figure>\n<h4><i><b>Banco de areia<\/b><\/i><\/h4>\n<p>N\u00e3o \u00e9 uma ilha, mas sim uma regi\u00e3o bastante rasa no meio do mar. A \u00e1gua \u00e9 bastante cristalina e bate mais ou menos na altura da cintura. Se quer ver estrelas-do-mar com certeza, venha at\u00e9 aqui: h\u00e1 uma infinidade, que podem ser vistas tanto com snorkel quanto de fora d&#8217;\u00e1gua.<\/p>\n<p>N\u00e3o se paga nada para visitar este lugar.<\/p>\n<figure id=\"attachment_5558\" aria-describedby=\"caption-attachment-5558\" style=\"width: 1000px\" class=\"wp-caption aligncenter\"><img data-recalc-dims=\"1\" loading=\"lazy\" decoding=\"async\" data-attachment-id=\"5558\" data-permalink=\"https:\/\/mundosemfim.com\/?attachment_id=5558\" data-orig-file=\"https:\/\/i0.wp.com\/mundosemfim.com\/wp-content\/uploads\/2017\/03\/P3170397.jpg?fit=1000%2C667&amp;ssl=1\" data-orig-size=\"1000,667\" data-comments-opened=\"1\" data-image-meta=\"{&quot;aperture&quot;:&quot;0&quot;,&quot;credit&quot;:&quot;&quot;,&quot;camera&quot;:&quot;&quot;,&quot;caption&quot;:&quot;&quot;,&quot;created_timestamp&quot;:&quot;0&quot;,&quot;copyright&quot;:&quot;&quot;,&quot;focal_length&quot;:&quot;0&quot;,&quot;iso&quot;:&quot;0&quot;,&quot;shutter_speed&quot;:&quot;0&quot;,&quot;title&quot;:&quot;&quot;,&quot;orientation&quot;:&quot;0&quot;}\" data-image-title=\"San Blas\" data-image-description=\"&lt;p&gt;Banco de areia em San Blas&lt;\/p&gt;\n\" data-image-caption=\"&lt;p&gt;N\u00f3s em um banco de areia em San Blas&lt;\/p&gt;\n\" data-large-file=\"https:\/\/i0.wp.com\/mundosemfim.com\/wp-content\/uploads\/2017\/03\/P3170397.jpg?fit=764%2C510&amp;ssl=1\" class=\"size-full wp-image-5558\" src=\"https:\/\/i0.wp.com\/mundosemfim.com\/wp-content\/uploads\/2017\/03\/P3170397.jpg?resize=764%2C510&#038;ssl=1\" alt=\"Banco de areia em San Blas\" width=\"764\" height=\"510\" srcset=\"https:\/\/i0.wp.com\/mundosemfim.com\/wp-content\/uploads\/2017\/03\/P3170397.jpg?w=1000&amp;ssl=1 1000w, https:\/\/i0.wp.com\/mundosemfim.com\/wp-content\/uploads\/2017\/03\/P3170397.jpg?resize=300%2C200&amp;ssl=1 300w, https:\/\/i0.wp.com\/mundosemfim.com\/wp-content\/uploads\/2017\/03\/P3170397.jpg?resize=768%2C512&amp;ssl=1 768w\" sizes=\"auto, (max-width: 764px) 100vw, 764px\" \/><figcaption id=\"caption-attachment-5558\" class=\"wp-caption-text\">N\u00f3s em um banco de areia em San Blas<\/figcaption><\/figure>\n<div class=\"jetpack-video-wrapper\"><span class=\"embed-youtube\" style=\"text-align:center; display: block;\"><iframe loading=\"lazy\" class=\"youtube-player\" width=\"764\" height=\"430\" src=\"https:\/\/www.youtube.com\/embed\/p0EPQEPNXi0?version=3&#038;rel=1&#038;showsearch=0&#038;showinfo=1&#038;iv_load_policy=1&#038;fs=1&#038;hl=pt-BR&#038;autohide=2&#038;wmode=transparent\" allowfullscreen=\"true\" style=\"border:0;\" sandbox=\"allow-scripts allow-same-origin allow-popups allow-presentation allow-popups-to-escape-sandbox\"><\/iframe><\/span><\/div>\n<h3><b>Descontos<\/b><\/h3>\n<p>Os valores s\u00e3o tabelados e bastante controlados pelos Kuna. A pr\u00e1tica de chorar desconto n\u00e3o funciona bem por aqui (o lado bom \u00e9 que tamb\u00e9m n\u00e3o costumam subir os pre\u00e7os de acordo com a cara do turista).<\/p>\n<p>De qualquer forma, se quiser conhecer San Blas e n\u00e3o possui muito dinheiro, \u00e9 poss\u00edvel oferecer trabalho em troca de comida e hospedagem. Conhecemos v\u00e1rias pessoas que acamparam e comeram gratuitamente por ajudar na cozinha ou na limpeza das ilhas.<\/p>\n<p>No caso dos barcos, tamb\u00e9m \u00e9 poss\u00edvel conseguir caronas quando o pessoal for sair para pescar, embora seja um pouco mais dif\u00edcil. Fa\u00e7a amizade com os Kunas que eles v\u00e3o fazer quest\u00e3o de te ajudar quando for poss\u00edvel.<\/p>\n<figure id=\"attachment_5559\" aria-describedby=\"caption-attachment-5559\" style=\"width: 1000px\" class=\"wp-caption aligncenter\"><img data-recalc-dims=\"1\" loading=\"lazy\" decoding=\"async\" data-attachment-id=\"5559\" data-permalink=\"https:\/\/mundosemfim.com\/?attachment_id=5559\" data-orig-file=\"https:\/\/i0.wp.com\/mundosemfim.com\/wp-content\/uploads\/2017\/03\/DSC_0001.jpg?fit=1000%2C667&amp;ssl=1\" data-orig-size=\"1000,667\" data-comments-opened=\"1\" data-image-meta=\"{&quot;aperture&quot;:&quot;0&quot;,&quot;credit&quot;:&quot;&quot;,&quot;camera&quot;:&quot;&quot;,&quot;caption&quot;:&quot;&quot;,&quot;created_timestamp&quot;:&quot;0&quot;,&quot;copyright&quot;:&quot;&quot;,&quot;focal_length&quot;:&quot;0&quot;,&quot;iso&quot;:&quot;0&quot;,&quot;shutter_speed&quot;:&quot;0&quot;,&quot;title&quot;:&quot;&quot;,&quot;orientation&quot;:&quot;0&quot;}\" data-image-title=\"San Blas\" data-image-description=\"&lt;p&gt;Hospedagem em San Blas&lt;\/p&gt;\n\" data-image-caption=\"&lt;p&gt;Hospedagem t\u00edpica de San Blas&lt;\/p&gt;\n\" data-large-file=\"https:\/\/i0.wp.com\/mundosemfim.com\/wp-content\/uploads\/2017\/03\/DSC_0001.jpg?fit=764%2C510&amp;ssl=1\" class=\"size-full wp-image-5559\" src=\"https:\/\/i0.wp.com\/mundosemfim.com\/wp-content\/uploads\/2017\/03\/DSC_0001.jpg?resize=764%2C510&#038;ssl=1\" alt=\"Hospedagem em San Blas\" width=\"764\" height=\"510\" srcset=\"https:\/\/i0.wp.com\/mundosemfim.com\/wp-content\/uploads\/2017\/03\/DSC_0001.jpg?w=1000&amp;ssl=1 1000w, https:\/\/i0.wp.com\/mundosemfim.com\/wp-content\/uploads\/2017\/03\/DSC_0001.jpg?resize=300%2C200&amp;ssl=1 300w, https:\/\/i0.wp.com\/mundosemfim.com\/wp-content\/uploads\/2017\/03\/DSC_0001.jpg?resize=768%2C512&amp;ssl=1 768w\" sizes=\"auto, (max-width: 764px) 100vw, 764px\" \/><figcaption id=\"caption-attachment-5559\" class=\"wp-caption-text\">Hospedagem t\u00edpica de San Blas<\/figcaption><\/figure>\n<h3><b>Banheiro<\/b><\/h3>\n<p>Em quase todas as ilhas h\u00e1 banheiro, com privada (com descarga) e duchas.<\/p>\n<p>A \u00e1gua para o banho \u00e9 doce, mas vem de fossas naturais e, pelo menos no caso da Narasgandub, n\u00e3o cheiram muito bem. Mas d\u00e1 para se banhar numa boa.<\/p>\n<p>\u00c9 isso pessoal! Espero que tenham curtido nossas dicas de San Blas.<\/p>\n<figure id=\"attachment_5560\" aria-describedby=\"caption-attachment-5560\" style=\"width: 1000px\" class=\"wp-caption aligncenter\"><img data-recalc-dims=\"1\" loading=\"lazy\" decoding=\"async\" data-attachment-id=\"5560\" data-permalink=\"https:\/\/mundosemfim.com\/?attachment_id=5560\" data-orig-file=\"https:\/\/i0.wp.com\/mundosemfim.com\/wp-content\/uploads\/2017\/03\/P3170361.jpg?fit=1000%2C667&amp;ssl=1\" data-orig-size=\"1000,667\" data-comments-opened=\"1\" data-image-meta=\"{&quot;aperture&quot;:&quot;0&quot;,&quot;credit&quot;:&quot;&quot;,&quot;camera&quot;:&quot;&quot;,&quot;caption&quot;:&quot;&quot;,&quot;created_timestamp&quot;:&quot;0&quot;,&quot;copyright&quot;:&quot;&quot;,&quot;focal_length&quot;:&quot;0&quot;,&quot;iso&quot;:&quot;0&quot;,&quot;shutter_speed&quot;:&quot;0&quot;,&quot;title&quot;:&quot;&quot;,&quot;orientation&quot;:&quot;0&quot;}\" data-image-title=\"San Blas\" data-image-description=\"&lt;p&gt;Mergulhando com estrelas-do-mar em San Blas&lt;\/p&gt;\n\" data-image-caption=\"&lt;p&gt;Mergulhando com estrelas-do-mar em San Blas&lt;\/p&gt;\n\" data-large-file=\"https:\/\/i0.wp.com\/mundosemfim.com\/wp-content\/uploads\/2017\/03\/P3170361.jpg?fit=764%2C510&amp;ssl=1\" class=\"size-full wp-image-5560\" src=\"https:\/\/i0.wp.com\/mundosemfim.com\/wp-content\/uploads\/2017\/03\/P3170361.jpg?resize=764%2C510&#038;ssl=1\" alt=\"Mergulhando com estrelas-do-mar em San Blas\" width=\"764\" height=\"510\" srcset=\"https:\/\/i0.wp.com\/mundosemfim.com\/wp-content\/uploads\/2017\/03\/P3170361.jpg?w=1000&amp;ssl=1 1000w, https:\/\/i0.wp.com\/mundosemfim.com\/wp-content\/uploads\/2017\/03\/P3170361.jpg?resize=300%2C200&amp;ssl=1 300w, https:\/\/i0.wp.com\/mundosemfim.com\/wp-content\/uploads\/2017\/03\/P3170361.jpg?resize=768%2C512&amp;ssl=1 768w\" sizes=\"auto, (max-width: 764px) 100vw, 764px\" \/><figcaption id=\"caption-attachment-5560\" class=\"wp-caption-text\">Mergulhando com estrelas-do-mar em San Blas<\/figcaption><\/figure>\n<p>Para conhecer mais lugares bacanas e acompanhar a nossa volta ao mundo, curtam nossa p\u00e1gina no face:<br \/>\n<a href=\"http:\/\/www.facebook.com\/mundosemfimoficial\">www.facebook.com\/mundosemfimoficial<\/a><\/p>\n","protected":false},"excerpt":{"rendered":"<p>San Blas guarda algumas das praias mais paradis\u00edacas do caribe, e \u00e9 provavelmente o principal destino daqueles que visitam o Panam\u00e1. Os passeios para l\u00e1 costumam ser caros, mas aqui ensinamos a faz\u00ea-los por conta pr\u00f3pria sem gastar tanto!<\/p>\n","protected":false},"author":1,"featured_media":5554,"comment_status":"open","ping_status":"open","sticky":false,"template":"","format":"standard","meta":{"jetpack_post_was_ever_published":false,"_jetpack_newsletter_access":"","_jetpack_dont_email_post_to_subs":true,"_jetpack_newsletter_tier_id":0,"_jetpack_memberships_contains_paywalled_content":false,"_jetpack_memberships_contains_paid_content":false,"footnotes":"","jetpack_publicize_message":"","jetpack_publicize_feature_enabled":true,"jetpack_social_post_already_shared":true,"jetpack_social_options":{"image_generator_settings":{"template":"highway","default_image_id":0,"font":"","enabled":false},"version":2}},"categories":[382,7,359,43,383,351,384],"tags":[],"class_list":["post-5547","post","type-post","status-publish","format-standard","has-post-thumbnail","hentry","category-america-central","category-america-latina","category-caribe","category-natureza","category-panama","category-praia-natureza","category-san-blas"],"yoast_head":"<!-- This site is optimized with the Yoast SEO plugin v27.5 - https:\/\/yoast.com\/product\/yoast-seo-wordpress\/ -->\n<title>Dicas de San Blas - Conhe\u00e7a o paradis\u00edaco caribe panamenho por conta pr\u00f3pria! - Mundo Sem Fim<\/title>\n<meta name=\"robots\" content=\"index, follow, max-snippet:-1, max-image-preview:large, max-video-preview:-1\" \/>\n<link rel=\"canonical\" href=\"https:\/\/mundosemfim.com\/?p=5547\" \/>\n<meta property=\"og:locale\" content=\"pt_BR\" \/>\n<meta property=\"og:type\" content=\"article\" \/>\n<meta property=\"og:title\" content=\"Dicas de San Blas - Conhe\u00e7a o paradis\u00edaco caribe panamenho por conta pr\u00f3pria! - Mundo Sem Fim\" \/>\n<meta property=\"og:description\" content=\"San Blas guarda algumas das praias mais paradis\u00edacas do caribe, e \u00e9 provavelmente o principal destino daqueles que visitam o Panam\u00e1. Os passeios para l\u00e1 costumam ser caros, mas aqui ensinamos a faz\u00ea-los por conta pr\u00f3pria sem gastar tanto!\" \/>\n<meta property=\"og:url\" content=\"https:\/\/mundosemfim.com\/?p=5547\" \/>\n<meta property=\"og:site_name\" content=\"Mundo Sem Fim\" \/>\n<meta property=\"article:publisher\" content=\"http:\/\/www.facebook.com\/mundosemfimoficial\" \/>\n<meta property=\"article:published_time\" content=\"2017-03-25T22:49:33+00:00\" \/>\n<meta property=\"article:modified_time\" content=\"2017-03-25T22:59:27+00:00\" \/>\n<meta property=\"og:image\" content=\"https:\/\/i0.wp.com\/mundosemfim.com\/wp-content\/uploads\/2017\/03\/DSC_0265.jpg?fit=1000%2C667&ssl=1\" \/>\n\t<meta property=\"og:image:width\" content=\"1000\" \/>\n\t<meta property=\"og:image:height\" content=\"667\" \/>\n\t<meta property=\"og:image:type\" content=\"image\/jpeg\" \/>\n<meta name=\"author\" content=\"Renan\" \/>\n<meta name=\"twitter:card\" content=\"summary_large_image\" \/>\n<meta name=\"twitter:label1\" content=\"Escrito por\" \/>\n\t<meta name=\"twitter:data1\" content=\"Renan\" \/>\n\t<meta name=\"twitter:label2\" content=\"Est. tempo de leitura\" \/>\n\t<meta name=\"twitter:data2\" content=\"11 minutos\" \/>\n<script type=\"application\/ld+json\" class=\"yoast-schema-graph\">{\"@context\":\"https:\\\/\\\/schema.org\",\"@graph\":[{\"@type\":\"Article\",\"@id\":\"https:\\\/\\\/mundosemfim.com\\\/?p=5547#article\",\"isPartOf\":{\"@id\":\"https:\\\/\\\/mundosemfim.com\\\/?p=5547\"},\"author\":{\"name\":\"Renan\",\"@id\":\"https:\\\/\\\/mundosemfim.com\\\/#\\\/schema\\\/person\\\/b021d50f3a19bae432e9b69ffbfa9257\"},\"headline\":\"Dicas de San Blas &#8211; Conhe\u00e7a o paradis\u00edaco caribe panamenho por conta pr\u00f3pria!\",\"datePublished\":\"2017-03-25T22:49:33+00:00\",\"dateModified\":\"2017-03-25T22:59:27+00:00\",\"mainEntityOfPage\":{\"@id\":\"https:\\\/\\\/mundosemfim.com\\\/?p=5547\"},\"wordCount\":2177,\"commentCount\":10,\"image\":{\"@id\":\"https:\\\/\\\/mundosemfim.com\\\/?p=5547#primaryimage\"},\"thumbnailUrl\":\"https:\\\/\\\/i0.wp.com\\\/mundosemfim.com\\\/wp-content\\\/uploads\\\/2017\\\/03\\\/DSC_0265.jpg?fit=1000%2C667&ssl=1\",\"articleSection\":[\"Am\u00e9rica Central\",\"am\u00e9rica latina\",\"caribe\",\"natureza\",\"Panam\u00e1\",\"praia\",\"San Blas\"],\"inLanguage\":\"pt-BR\",\"potentialAction\":[{\"@type\":\"CommentAction\",\"name\":\"Comment\",\"target\":[\"https:\\\/\\\/mundosemfim.com\\\/?p=5547#respond\"]}]},{\"@type\":\"WebPage\",\"@id\":\"https:\\\/\\\/mundosemfim.com\\\/?p=5547\",\"url\":\"https:\\\/\\\/mundosemfim.com\\\/?p=5547\",\"name\":\"Dicas de San Blas - Conhe\u00e7a o paradis\u00edaco caribe panamenho por conta pr\u00f3pria! - Mundo Sem Fim\",\"isPartOf\":{\"@id\":\"https:\\\/\\\/mundosemfim.com\\\/#website\"},\"primaryImageOfPage\":{\"@id\":\"https:\\\/\\\/mundosemfim.com\\\/?p=5547#primaryimage\"},\"image\":{\"@id\":\"https:\\\/\\\/mundosemfim.com\\\/?p=5547#primaryimage\"},\"thumbnailUrl\":\"https:\\\/\\\/i0.wp.com\\\/mundosemfim.com\\\/wp-content\\\/uploads\\\/2017\\\/03\\\/DSC_0265.jpg?fit=1000%2C667&ssl=1\",\"datePublished\":\"2017-03-25T22:49:33+00:00\",\"dateModified\":\"2017-03-25T22:59:27+00:00\",\"author\":{\"@id\":\"https:\\\/\\\/mundosemfim.com\\\/#\\\/schema\\\/person\\\/b021d50f3a19bae432e9b69ffbfa9257\"},\"breadcrumb\":{\"@id\":\"https:\\\/\\\/mundosemfim.com\\\/?p=5547#breadcrumb\"},\"inLanguage\":\"pt-BR\",\"potentialAction\":[{\"@type\":\"ReadAction\",\"target\":[\"https:\\\/\\\/mundosemfim.com\\\/?p=5547\"]}]},{\"@type\":\"ImageObject\",\"inLanguage\":\"pt-BR\",\"@id\":\"https:\\\/\\\/mundosemfim.com\\\/?p=5547#primaryimage\",\"url\":\"https:\\\/\\\/i0.wp.com\\\/mundosemfim.com\\\/wp-content\\\/uploads\\\/2017\\\/03\\\/DSC_0265.jpg?fit=1000%2C667&ssl=1\",\"contentUrl\":\"https:\\\/\\\/i0.wp.com\\\/mundosemfim.com\\\/wp-content\\\/uploads\\\/2017\\\/03\\\/DSC_0265.jpg?fit=1000%2C667&ssl=1\",\"width\":1000,\"height\":667,\"caption\":\"Na Ilha Perro, uma das mais bonitas de San Blas\"},{\"@type\":\"BreadcrumbList\",\"@id\":\"https:\\\/\\\/mundosemfim.com\\\/?p=5547#breadcrumb\",\"itemListElement\":[{\"@type\":\"ListItem\",\"position\":1,\"name\":\"In\u00edcio\",\"item\":\"https:\\\/\\\/mundosemfim.com\\\/\"},{\"@type\":\"ListItem\",\"position\":2,\"name\":\"Dicas de San Blas &#8211; Conhe\u00e7a o paradis\u00edaco caribe panamenho por conta pr\u00f3pria!\"}]},{\"@type\":\"WebSite\",\"@id\":\"https:\\\/\\\/mundosemfim.com\\\/#website\",\"url\":\"https:\\\/\\\/mundosemfim.com\\\/\",\"name\":\"Mundo Sem Fim\",\"description\":\"uma viagem de volta ao mundo pelos 5 continentes!\",\"potentialAction\":[{\"@type\":\"SearchAction\",\"target\":{\"@type\":\"EntryPoint\",\"urlTemplate\":\"https:\\\/\\\/mundosemfim.com\\\/?s={search_term_string}\"},\"query-input\":{\"@type\":\"PropertyValueSpecification\",\"valueRequired\":true,\"valueName\":\"search_term_string\"}}],\"inLanguage\":\"pt-BR\"},{\"@type\":\"Person\",\"@id\":\"https:\\\/\\\/mundosemfim.com\\\/#\\\/schema\\\/person\\\/b021d50f3a19bae432e9b69ffbfa9257\",\"name\":\"Renan\",\"image\":{\"@type\":\"ImageObject\",\"inLanguage\":\"pt-BR\",\"@id\":\"https:\\\/\\\/secure.gravatar.com\\\/avatar\\\/faafca769a603ac75196d21826f3bda645d7e2d6306bb6e236d8cdb38eb44e38?s=96&d=mm&r=g\",\"url\":\"https:\\\/\\\/secure.gravatar.com\\\/avatar\\\/faafca769a603ac75196d21826f3bda645d7e2d6306bb6e236d8cdb38eb44e38?s=96&d=mm&r=g\",\"contentUrl\":\"https:\\\/\\\/secure.gravatar.com\\\/avatar\\\/faafca769a603ac75196d21826f3bda645d7e2d6306bb6e236d8cdb38eb44e38?s=96&d=mm&r=g\",\"caption\":\"Renan\"}}]}<\/script>\n<!-- \/ Yoast SEO plugin. -->","yoast_head_json":{"title":"Dicas de San Blas - Conhe\u00e7a o paradis\u00edaco caribe panamenho por conta pr\u00f3pria! - Mundo Sem Fim","robots":{"index":"index","follow":"follow","max-snippet":"max-snippet:-1","max-image-preview":"max-image-preview:large","max-video-preview":"max-video-preview:-1"},"canonical":"https:\/\/mundosemfim.com\/?p=5547","og_locale":"pt_BR","og_type":"article","og_title":"Dicas de San Blas - Conhe\u00e7a o paradis\u00edaco caribe panamenho por conta pr\u00f3pria! - Mundo Sem Fim","og_description":"San Blas guarda algumas das praias mais paradis\u00edacas do caribe, e \u00e9 provavelmente o principal destino daqueles que visitam o Panam\u00e1. Os passeios para l\u00e1 costumam ser caros, mas aqui ensinamos a faz\u00ea-los por conta pr\u00f3pria sem gastar tanto!","og_url":"https:\/\/mundosemfim.com\/?p=5547","og_site_name":"Mundo Sem Fim","article_publisher":"http:\/\/www.facebook.com\/mundosemfimoficial","article_published_time":"2017-03-25T22:49:33+00:00","article_modified_time":"2017-03-25T22:59:27+00:00","og_image":[{"width":1000,"height":667,"url":"https:\/\/i0.wp.com\/mundosemfim.com\/wp-content\/uploads\/2017\/03\/DSC_0265.jpg?fit=1000%2C667&ssl=1","type":"image\/jpeg"}],"author":"Renan","twitter_card":"summary_large_image","twitter_misc":{"Escrito por":"Renan","Est. tempo de leitura":"11 minutos"},"schema":{"@context":"https:\/\/schema.org","@graph":[{"@type":"Article","@id":"https:\/\/mundosemfim.com\/?p=5547#article","isPartOf":{"@id":"https:\/\/mundosemfim.com\/?p=5547"},"author":{"name":"Renan","@id":"https:\/\/mundosemfim.com\/#\/schema\/person\/b021d50f3a19bae432e9b69ffbfa9257"},"headline":"Dicas de San Blas &#8211; Conhe\u00e7a o paradis\u00edaco caribe panamenho por conta pr\u00f3pria!","datePublished":"2017-03-25T22:49:33+00:00","dateModified":"2017-03-25T22:59:27+00:00","mainEntityOfPage":{"@id":"https:\/\/mundosemfim.com\/?p=5547"},"wordCount":2177,"commentCount":10,"image":{"@id":"https:\/\/mundosemfim.com\/?p=5547#primaryimage"},"thumbnailUrl":"https:\/\/i0.wp.com\/mundosemfim.com\/wp-content\/uploads\/2017\/03\/DSC_0265.jpg?fit=1000%2C667&ssl=1","articleSection":["Am\u00e9rica Central","am\u00e9rica latina","caribe","natureza","Panam\u00e1","praia","San Blas"],"inLanguage":"pt-BR","potentialAction":[{"@type":"CommentAction","name":"Comment","target":["https:\/\/mundosemfim.com\/?p=5547#respond"]}]},{"@type":"WebPage","@id":"https:\/\/mundosemfim.com\/?p=5547","url":"https:\/\/mundosemfim.com\/?p=5547","name":"Dicas de San Blas - Conhe\u00e7a o paradis\u00edaco caribe panamenho por conta pr\u00f3pria! - Mundo Sem Fim","isPartOf":{"@id":"https:\/\/mundosemfim.com\/#website"},"primaryImageOfPage":{"@id":"https:\/\/mundosemfim.com\/?p=5547#primaryimage"},"image":{"@id":"https:\/\/mundosemfim.com\/?p=5547#primaryimage"},"thumbnailUrl":"https:\/\/i0.wp.com\/mundosemfim.com\/wp-content\/uploads\/2017\/03\/DSC_0265.jpg?fit=1000%2C667&ssl=1","datePublished":"2017-03-25T22:49:33+00:00","dateModified":"2017-03-25T22:59:27+00:00","author":{"@id":"https:\/\/mundosemfim.com\/#\/schema\/person\/b021d50f3a19bae432e9b69ffbfa9257"},"breadcrumb":{"@id":"https:\/\/mundosemfim.com\/?p=5547#breadcrumb"},"inLanguage":"pt-BR","potentialAction":[{"@type":"ReadAction","target":["https:\/\/mundosemfim.com\/?p=5547"]}]},{"@type":"ImageObject","inLanguage":"pt-BR","@id":"https:\/\/mundosemfim.com\/?p=5547#primaryimage","url":"https:\/\/i0.wp.com\/mundosemfim.com\/wp-content\/uploads\/2017\/03\/DSC_0265.jpg?fit=1000%2C667&ssl=1","contentUrl":"https:\/\/i0.wp.com\/mundosemfim.com\/wp-content\/uploads\/2017\/03\/DSC_0265.jpg?fit=1000%2C667&ssl=1","width":1000,"height":667,"caption":"Na Ilha Perro, uma das mais bonitas de San Blas"},{"@type":"BreadcrumbList","@id":"https:\/\/mundosemfim.com\/?p=5547#breadcrumb","itemListElement":[{"@type":"ListItem","position":1,"name":"In\u00edcio","item":"https:\/\/mundosemfim.com\/"},{"@type":"ListItem","position":2,"name":"Dicas de San Blas &#8211; Conhe\u00e7a o paradis\u00edaco caribe panamenho por conta pr\u00f3pria!"}]},{"@type":"WebSite","@id":"https:\/\/mundosemfim.com\/#website","url":"https:\/\/mundosemfim.com\/","name":"Mundo Sem Fim","description":"uma viagem de volta ao mundo pelos 5 continentes!","potentialAction":[{"@type":"SearchAction","target":{"@type":"EntryPoint","urlTemplate":"https:\/\/mundosemfim.com\/?s={search_term_string}"},"query-input":{"@type":"PropertyValueSpecification","valueRequired":true,"valueName":"search_term_string"}}],"inLanguage":"pt-BR"},{"@type":"Person","@id":"https:\/\/mundosemfim.com\/#\/schema\/person\/b021d50f3a19bae432e9b69ffbfa9257","name":"Renan","image":{"@type":"ImageObject","inLanguage":"pt-BR","@id":"https:\/\/secure.gravatar.com\/avatar\/faafca769a603ac75196d21826f3bda645d7e2d6306bb6e236d8cdb38eb44e38?s=96&d=mm&r=g","url":"https:\/\/secure.gravatar.com\/avatar\/faafca769a603ac75196d21826f3bda645d7e2d6306bb6e236d8cdb38eb44e38?s=96&d=mm&r=g","contentUrl":"https:\/\/secure.gravatar.com\/avatar\/faafca769a603ac75196d21826f3bda645d7e2d6306bb6e236d8cdb38eb44e38?s=96&d=mm&r=g","caption":"Renan"}}]}},"jetpack_publicize_connections":[],"jetpack_featured_media_url":"https:\/\/i0.wp.com\/mundosemfim.com\/wp-content\/uploads\/2017\/03\/DSC_0265.jpg?fit=1000%2C667&ssl=1","jetpack_sharing_enabled":true,"jetpack_shortlink":"https:\/\/wp.me\/p7CQyF-1rt","jetpack-related-posts":[{"id":5533,"url":"https:\/\/mundosemfim.com\/?p=5533","url_meta":{"origin":5547,"position":0},"title":"Da Col\u00f4mbia ao Panam\u00e1 em barco, passando por San Blas","author":"Renan","date":"mar\u00e7o 24, 2017","format":false,"excerpt":"Decidir como cruzar da Col\u00f4mbia ao Panam\u00e1 \u00e9 um grande dilema para muitos viajantes. N\u00f3s fomos em barco, por conta pr\u00f3pria, e temos certeza que foi a melhor op\u00e7\u00e3o! Aqui descrevemos como foi nossa experi\u00eancia. C\u00e2mbio oficial (mar\u00e7o\/2017) 1 real = 940 pesos colombianos 1 d\u00f3lar = 3,10 reais A\u2026","rel":"","context":"Em &quot;Am\u00e9rica Central&quot;","block_context":{"text":"Am\u00e9rica Central","link":"https:\/\/mundosemfim.com\/?cat=382"},"img":{"alt_text":"Crian\u00e7as brincando em uma canoa em San Blas","src":"https:\/\/i0.wp.com\/mundosemfim.com\/wp-content\/uploads\/2017\/03\/DSC_0168.jpg?fit=1000%2C667&ssl=1&resize=350%2C200","width":350,"height":200,"srcset":"https:\/\/i0.wp.com\/mundosemfim.com\/wp-content\/uploads\/2017\/03\/DSC_0168.jpg?fit=1000%2C667&ssl=1&resize=350%2C200 1x, https:\/\/i0.wp.com\/mundosemfim.com\/wp-content\/uploads\/2017\/03\/DSC_0168.jpg?fit=1000%2C667&ssl=1&resize=525%2C300 1.5x, https:\/\/i0.wp.com\/mundosemfim.com\/wp-content\/uploads\/2017\/03\/DSC_0168.jpg?fit=1000%2C667&ssl=1&resize=700%2C400 2x"},"classes":[]},{"id":7264,"url":"https:\/\/mundosemfim.com\/?p=7264","url_meta":{"origin":5547,"position":1},"title":"As 13 melhores praias da Am\u00e9rica Latina que j\u00e1 visitamos","author":"Renan","date":"dezembro 20, 2017","format":false,"excerpt":"Aqui est\u00e1 outra lista da Am\u00e9rica Latina: as 13 praias mais bonitas e mais interessantes que j\u00e1 visitamos! Estas s\u00e3o as 13 praias mais bonitas que j\u00e1 visitamos em nossos dois anos de estrada, e tamb\u00e9m as que tivemos oportunidade de ir em f\u00e9rias anteriores. Quer\u00edamos resumir a lista a\u2026","rel":"","context":"Em &quot;Am\u00e9rica Central&quot;","block_context":{"text":"Am\u00e9rica Central","link":"https:\/\/mundosemfim.com\/?cat=382"},"img":{"alt_text":"Caminho entre West End e West Bay, Roat\u00e1n","src":"https:\/\/i0.wp.com\/mundosemfim.com\/wp-content\/uploads\/2017\/05\/DSC_0014-1.jpg?fit=1000%2C667&ssl=1&resize=350%2C200","width":350,"height":200,"srcset":"https:\/\/i0.wp.com\/mundosemfim.com\/wp-content\/uploads\/2017\/05\/DSC_0014-1.jpg?fit=1000%2C667&ssl=1&resize=350%2C200 1x, https:\/\/i0.wp.com\/mundosemfim.com\/wp-content\/uploads\/2017\/05\/DSC_0014-1.jpg?fit=1000%2C667&ssl=1&resize=525%2C300 1.5x, https:\/\/i0.wp.com\/mundosemfim.com\/wp-content\/uploads\/2017\/05\/DSC_0014-1.jpg?fit=1000%2C667&ssl=1&resize=700%2C400 2x"},"classes":[]},{"id":9439,"url":"https:\/\/mundosemfim.com\/?p=9439","url_meta":{"origin":5547,"position":2},"title":"As 15 praias mais incr\u00edveis que j\u00e1 visitamos","author":"Renan","date":"maio 21, 2019","format":false,"excerpt":"Quer curtir uma praia nas pr\u00f3ximas f\u00e9rias? Aqui est\u00e3o as mais encantadoras que j\u00e1 visitamos durante nossa viagem pelo mundo! A lista n\u00e3o segue nenhuma ordem. Mencionamos aquelas que mais nos encantaram, seja pela beleza, pela hist\u00f3ria ou pela cultura do lugar. 1. Coron, Filipinas V\u00e1rias vezes escutamos que a\u2026","rel":"","context":"Em &quot;Col\u00f4mbia&quot;","block_context":{"text":"Col\u00f4mbia","link":"https:\/\/mundosemfim.com\/?cat=313"},"img":{"alt_text":"Praia CYC, Coron, Palawan, Filipinas","src":"https:\/\/i0.wp.com\/mundosemfim.com\/wp-content\/uploads\/2017\/12\/DSC_0089.jpg?fit=800%2C533&ssl=1&resize=350%2C200","width":350,"height":200,"srcset":"https:\/\/i0.wp.com\/mundosemfim.com\/wp-content\/uploads\/2017\/12\/DSC_0089.jpg?fit=800%2C533&ssl=1&resize=350%2C200 1x, https:\/\/i0.wp.com\/mundosemfim.com\/wp-content\/uploads\/2017\/12\/DSC_0089.jpg?fit=800%2C533&ssl=1&resize=525%2C300 1.5x, https:\/\/i0.wp.com\/mundosemfim.com\/wp-content\/uploads\/2017\/12\/DSC_0089.jpg?fit=800%2C533&ssl=1&resize=700%2C400 2x"},"classes":[]},{"id":6262,"url":"https:\/\/mundosemfim.com\/?p=6262","url_meta":{"origin":5547,"position":3},"title":"12 destinos imperd\u00edveis na Am\u00e9rica Central","author":"Renan","date":"julho 18, 2017","format":false,"excerpt":"Fechando nossa viagem pela Am\u00e9rica Central, aqui listamos 12 dos nossos lugares preferidos neste pequeno continente. Se for mochilar por l\u00e1, n\u00e3o deixe de visit\u00e1-los! A ideia era fazer um Top 10, mas foi imposs\u00edvel tirar dois desta lista! 1. San Blas (Panam\u00e1) Al\u00e9m de possuir algumas das praias mais\u2026","rel":"","context":"Em &quot;Am\u00e9rica Central&quot;","block_context":{"text":"Am\u00e9rica Central","link":"https:\/\/mundosemfim.com\/?cat=382"},"img":{"alt_text":"Mucuvinha em West Bay","src":"https:\/\/i0.wp.com\/mundosemfim.com\/wp-content\/uploads\/2017\/05\/DSC_0021.jpg?fit=1000%2C667&ssl=1&resize=350%2C200","width":350,"height":200,"srcset":"https:\/\/i0.wp.com\/mundosemfim.com\/wp-content\/uploads\/2017\/05\/DSC_0021.jpg?fit=1000%2C667&ssl=1&resize=350%2C200 1x, https:\/\/i0.wp.com\/mundosemfim.com\/wp-content\/uploads\/2017\/05\/DSC_0021.jpg?fit=1000%2C667&ssl=1&resize=525%2C300 1.5x, https:\/\/i0.wp.com\/mundosemfim.com\/wp-content\/uploads\/2017\/05\/DSC_0021.jpg?fit=1000%2C667&ssl=1&resize=700%2C400 2x"},"classes":[]},{"id":5505,"url":"https:\/\/mundosemfim.com\/?p=5505","url_meta":{"origin":5547,"position":4},"title":"Cruzando a fronteira Col\u00f4mbia \u2013 Panam\u00e1 por Puerto Obald\u00eda","author":"Renan","date":"mar\u00e7o 20, 2017","format":false,"excerpt":"Depois de muito pensar em como cruzar da Am\u00e9rica do Sul \u00e0 Am\u00e9rica Central, chegamos \u00e0 conclus\u00e3o que o melhor era fazer por terra e barco. E esta foi uma das melhores experi\u00eancias da nossa viagem! Aqui contamos como foi cruzar esta fronteira pouco conhecida. Refer\u00eancia (mar\u00e7o\/2017) 1 real =\u2026","rel":"","context":"Em &quot;Am\u00e9rica Central&quot;","block_context":{"text":"Am\u00e9rica Central","link":"https:\/\/mundosemfim.com\/?cat=382"},"img":{"alt_text":"Puerto Obald\u00eda","src":"https:\/\/i0.wp.com\/mundosemfim.com\/wp-content\/uploads\/2017\/03\/P3130133.jpg?fit=1000%2C667&ssl=1&resize=350%2C200","width":350,"height":200,"srcset":"https:\/\/i0.wp.com\/mundosemfim.com\/wp-content\/uploads\/2017\/03\/P3130133.jpg?fit=1000%2C667&ssl=1&resize=350%2C200 1x, https:\/\/i0.wp.com\/mundosemfim.com\/wp-content\/uploads\/2017\/03\/P3130133.jpg?fit=1000%2C667&ssl=1&resize=525%2C300 1.5x, https:\/\/i0.wp.com\/mundosemfim.com\/wp-content\/uploads\/2017\/03\/P3130133.jpg?fit=1000%2C667&ssl=1&resize=700%2C400 2x"},"classes":[]},{"id":7168,"url":"https:\/\/mundosemfim.com\/?p=7168","url_meta":{"origin":5547,"position":5},"title":"17 experi\u00eancias incr\u00edveis na Am\u00e9rica Latina","author":"Renan","date":"novembro 27, 2017","format":false,"excerpt":"Depois de mais de 2 anos viajando por nosso continente, escrevemos uma lista com as 17 melhores experi\u00eancias que vivemos por aqui! J\u00e1 estamos perto de dar adeus \u00e0 nossa querida Am\u00e9rica Latina. Foram incont\u00e1veis experi\u00eancias espetaculares que vivemos, tanto nesta quanto em viagens anteriores, e criar uma lista com\u2026","rel":"","context":"Em &quot;Am\u00e9rica Central&quot;","block_context":{"text":"Am\u00e9rica Central","link":"https:\/\/mundosemfim.com\/?cat=382"},"img":{"alt_text":"","src":"https:\/\/i0.wp.com\/mundosemfim.com\/wp-content\/uploads\/2016\/05\/dsc_0001.jpg?fit=1080%2C720&ssl=1&resize=350%2C200","width":350,"height":200,"srcset":"https:\/\/i0.wp.com\/mundosemfim.com\/wp-content\/uploads\/2016\/05\/dsc_0001.jpg?fit=1080%2C720&ssl=1&resize=350%2C200 1x, https:\/\/i0.wp.com\/mundosemfim.com\/wp-content\/uploads\/2016\/05\/dsc_0001.jpg?fit=1080%2C720&ssl=1&resize=525%2C300 1.5x, https:\/\/i0.wp.com\/mundosemfim.com\/wp-content\/uploads\/2016\/05\/dsc_0001.jpg?fit=1080%2C720&ssl=1&resize=700%2C400 2x, https:\/\/i0.wp.com\/mundosemfim.com\/wp-content\/uploads\/2016\/05\/dsc_0001.jpg?fit=1080%2C720&ssl=1&resize=1050%2C600 3x"},"classes":[]}],"_links":{"self":[{"href":"https:\/\/mundosemfim.com\/index.php?rest_route=\/wp\/v2\/posts\/5547","targetHints":{"allow":["GET"]}}],"collection":[{"href":"https:\/\/mundosemfim.com\/index.php?rest_route=\/wp\/v2\/posts"}],"about":[{"href":"https:\/\/mundosemfim.com\/index.php?rest_route=\/wp\/v2\/types\/post"}],"author":[{"embeddable":true,"href":"https:\/\/mundosemfim.com\/index.php?rest_route=\/wp\/v2\/users\/1"}],"replies":[{"embeddable":true,"href":"https:\/\/mundosemfim.com\/index.php?rest_route=%2Fwp%2Fv2%2Fcomments&post=5547"}],"version-history":[{"count":4,"href":"https:\/\/mundosemfim.com\/index.php?rest_route=\/wp\/v2\/posts\/5547\/revisions"}],"predecessor-version":[{"id":5564,"href":"https:\/\/mundosemfim.com\/index.php?rest_route=\/wp\/v2\/posts\/5547\/revisions\/5564"}],"wp:featuredmedia":[{"embeddable":true,"href":"https:\/\/mundosemfim.com\/index.php?rest_route=\/wp\/v2\/media\/5554"}],"wp:attachment":[{"href":"https:\/\/mundosemfim.com\/index.php?rest_route=%2Fwp%2Fv2%2Fmedia&parent=5547"}],"wp:term":[{"taxonomy":"category","embeddable":true,"href":"https:\/\/mundosemfim.com\/index.php?rest_route=%2Fwp%2Fv2%2Fcategories&post=5547"},{"taxonomy":"post_tag","embeddable":true,"href":"https:\/\/mundosemfim.com\/index.php?rest_route=%2Fwp%2Fv2%2Ftags&post=5547"}],"curies":[{"name":"wp","href":"https:\/\/api.w.org\/{rel}","templated":true}]}}