{"id":5533,"date":"2017-03-24T13:35:15","date_gmt":"2017-03-24T16:35:15","guid":{"rendered":"https:\/\/mundosemfim.com\/?p=5533"},"modified":"2017-03-25T19:58:05","modified_gmt":"2017-03-25T22:58:05","slug":"da-colombia-ao-panama-em-barco-passando-por-san-blas","status":"publish","type":"post","link":"https:\/\/mundosemfim.com\/?p=5533","title":{"rendered":"Da Col\u00f4mbia ao Panam\u00e1 em barco, passando por San Blas"},"content":{"rendered":"<p>Decidir como cruzar da <a href=\"https:\/\/mundosemfim.com\/mochilao-pela-colombia-roteiro-gastos-dicas-fotos-etc\/\">Col\u00f4mbia<\/a> ao Panam\u00e1 \u00e9 um grande dilema para muitos viajantes. N\u00f3s fomos em barco, por conta pr\u00f3pria, e temos certeza que foi a melhor op\u00e7\u00e3o! Aqui descrevemos como foi nossa experi\u00eancia.<\/p>\n<p><!--more--><b>C\u00e2mbio oficial (mar\u00e7o\/2017)<br \/>\n<\/b>1 real = 940 pesos colombianos<br \/>\n1 d\u00f3lar = 3,10 reais<\/p>\n<figure id=\"attachment_5536\" aria-describedby=\"caption-attachment-5536\" style=\"width: 1000px\" class=\"wp-caption aligncenter\"><img data-recalc-dims=\"1\" loading=\"lazy\" decoding=\"async\" data-attachment-id=\"5536\" data-permalink=\"https:\/\/mundosemfim.com\/?attachment_id=5536\" data-orig-file=\"https:\/\/i0.wp.com\/mundosemfim.com\/wp-content\/uploads\/2017\/03\/P3170368.jpg?fit=1000%2C667&amp;ssl=1\" data-orig-size=\"1000,667\" data-comments-opened=\"1\" data-image-meta=\"{&quot;aperture&quot;:&quot;0&quot;,&quot;credit&quot;:&quot;&quot;,&quot;camera&quot;:&quot;&quot;,&quot;caption&quot;:&quot;&quot;,&quot;created_timestamp&quot;:&quot;0&quot;,&quot;copyright&quot;:&quot;&quot;,&quot;focal_length&quot;:&quot;0&quot;,&quot;iso&quot;:&quot;0&quot;,&quot;shutter_speed&quot;:&quot;0&quot;,&quot;title&quot;:&quot;&quot;,&quot;orientation&quot;:&quot;0&quot;}\" data-image-title=\"San Blas\" data-image-description=\"&lt;p&gt;Mergulhando com estrelas-do-mar em San Blas&lt;\/p&gt;\n\" data-image-caption=\"&lt;p&gt;Cruzando a fronteira Col\u00f4mbia-Panam\u00e1 por mar, voc\u00ea poder\u00e1 passar por lugares assim&lt;\/p&gt;\n\" data-large-file=\"https:\/\/i0.wp.com\/mundosemfim.com\/wp-content\/uploads\/2017\/03\/P3170368.jpg?fit=764%2C510&amp;ssl=1\" class=\"size-full wp-image-5536\" src=\"https:\/\/i0.wp.com\/mundosemfim.com\/wp-content\/uploads\/2017\/03\/P3170368.jpg?resize=764%2C510&#038;ssl=1\" alt=\"Mergulhando com estrelas-do-mar em San Blas\" width=\"764\" height=\"510\" srcset=\"https:\/\/i0.wp.com\/mundosemfim.com\/wp-content\/uploads\/2017\/03\/P3170368.jpg?w=1000&amp;ssl=1 1000w, https:\/\/i0.wp.com\/mundosemfim.com\/wp-content\/uploads\/2017\/03\/P3170368.jpg?resize=300%2C200&amp;ssl=1 300w, https:\/\/i0.wp.com\/mundosemfim.com\/wp-content\/uploads\/2017\/03\/P3170368.jpg?resize=768%2C512&amp;ssl=1 768w\" sizes=\"auto, (max-width: 764px) 100vw, 764px\" \/><figcaption id=\"caption-attachment-5536\" class=\"wp-caption-text\">Cruzando a fronteira Col\u00f4mbia-Panam\u00e1 por mar, voc\u00ea poder\u00e1 passar por lugares assim<\/figcaption><\/figure>\n<p>A falta de estradas entre a <a href=\"https:\/\/mundosemfim.com\/mochilao-pela-colombia-roteiro-gastos-dicas-fotos-etc\/\">Col\u00f4mbia<\/a> e o Panam\u00e1 \u00e9 um dos principais fatores que impedem muitos viajantes de ir at\u00e9 a Am\u00e9rica Central. E aqueles que insistem tem um grande problema: seguir de avi\u00e3o ou pelo mar? O avi\u00e3o costuma ser a op\u00e7\u00e3o mais econ\u00f4mica, mas a\u00ed se perde o melhor da viagem: praias paradis\u00edacas e quase inacessadas da <a href=\"https:\/\/mundosemfim.com\/mochilao-pela-colombia-roteiro-gastos-dicas-fotos-etc\/\">Col\u00f4mbia<\/a> e as lend\u00e1rias ilhas do arquip\u00e9lago de San Blas.<\/p>\n<p>Infelizmente os veleiros e tours que fazem este recorrido s\u00e3o car\u00edssimos (algo em torno de 500 d\u00f3lares por um tour de 4 dias), o que desestimula muita gente. E quase ningu\u00e9m sabe como ir por conta pr\u00f3pria, j\u00e1 que quase n\u00e3o h\u00e1 relatos ou informa\u00e7\u00f5es na internet.<\/p>\n<p>Felizmente n\u00f3s resolvemos arriscar, e vivemos neste percurso algumas das melhores experi\u00eancias da viagem at\u00e9 agora! Aqui compartilhamos todas as dicas com voc\u00eas para que possam fazer o mesmo.<\/p>\n<h3><b>O recorrido<\/b><\/h3>\n<p>O percurso a se fazer, desde Cartagena at\u00e9 a Cidade do Panam\u00e1, \u00e9 este:<\/p>\n<figure id=\"attachment_5534\" aria-describedby=\"caption-attachment-5534\" style=\"width: 624px\" class=\"wp-caption aligncenter\"><img data-recalc-dims=\"1\" loading=\"lazy\" decoding=\"async\" data-attachment-id=\"5534\" data-permalink=\"https:\/\/mundosemfim.com\/?attachment_id=5534\" data-orig-file=\"https:\/\/i0.wp.com\/mundosemfim.com\/wp-content\/uploads\/2017\/03\/mapa-1.jpg?fit=624%2C385&amp;ssl=1\" data-orig-size=\"624,385\" data-comments-opened=\"1\" data-image-meta=\"{&quot;aperture&quot;:&quot;0&quot;,&quot;credit&quot;:&quot;&quot;,&quot;camera&quot;:&quot;&quot;,&quot;caption&quot;:&quot;&quot;,&quot;created_timestamp&quot;:&quot;0&quot;,&quot;copyright&quot;:&quot;&quot;,&quot;focal_length&quot;:&quot;0&quot;,&quot;iso&quot;:&quot;0&quot;,&quot;shutter_speed&quot;:&quot;0&quot;,&quot;title&quot;:&quot;&quot;,&quot;orientation&quot;:&quot;0&quot;}\" data-image-title=\"mapa\" data-image-description=\"&lt;p&gt;Recorrido desde Cartagena at\u00e9 a Cidade do Panam\u00e1&lt;\/p&gt;\n\" data-image-caption=\"&lt;p&gt;Recorrido desde Cartagena at\u00e9 a Cidade do Panam\u00e1&lt;\/p&gt;\n\" data-large-file=\"https:\/\/i0.wp.com\/mundosemfim.com\/wp-content\/uploads\/2017\/03\/mapa-1.jpg?fit=624%2C385&amp;ssl=1\" class=\"size-full wp-image-5534\" src=\"https:\/\/i0.wp.com\/mundosemfim.com\/wp-content\/uploads\/2017\/03\/mapa-1.jpg?resize=624%2C385&#038;ssl=1\" alt=\"Recorrido desde Cartagena at\u00e9 a Cidade do Panam\u00e1\" width=\"624\" height=\"385\" srcset=\"https:\/\/i0.wp.com\/mundosemfim.com\/wp-content\/uploads\/2017\/03\/mapa-1.jpg?w=624&amp;ssl=1 624w, https:\/\/i0.wp.com\/mundosemfim.com\/wp-content\/uploads\/2017\/03\/mapa-1.jpg?resize=300%2C185&amp;ssl=1 300w\" sizes=\"auto, (max-width: 624px) 100vw, 624px\" \/><figcaption id=\"caption-attachment-5534\" class=\"wp-caption-text\">Recorrido desde Cartagena at\u00e9 a Cidade do Panam\u00e1<\/figcaption><\/figure>\n<p>N\u00f3s demoramos 15 dias neste recorrido, e gastamos aproximadamente 3 mil reais (1500 cada um). Poder\u00edamos ter feito em menos tempo e gastado menos dinheiro, mas a beleza de Capurgan\u00e1 e de San Blas nos fez alargar um pouco mais a viagem.<\/p>\n<p>Neste recorrido, voc\u00ea deve fazer o seguinte:<\/p>\n<h4><i><b><a href=\"https:\/\/mundosemfim.com\/guia-completo-sobre-cartagena-o-que-fazer-onde-se-hospedar-como-economizar-etc\/\">Cartagena<\/a> -&gt; <a href=\"https:\/\/mundosemfim.com\/conheca-capurgana-uma-das-praias-mais-paradisiacas-da-colombia\/\">Capurgan\u00e1<\/a><\/b><\/i><\/h4>\n<p>Capurgan\u00e1 \u00e9 a cidade onde voc\u00ea dever\u00e1 carimbar a sua sa\u00edda da <a href=\"https:\/\/mundosemfim.com\/mochilao-pela-colombia-roteiro-gastos-dicas-fotos-etc\/\">Col\u00f4mbia<\/a>. Tamb\u00e9m \u00e9 uma praia paradis\u00edaca, que merece alguns dias do seu tempo.<\/p>\n<p>At\u00e9 l\u00e1, n\u00e3o h\u00e1 acessos por estrada: voc\u00ea dever\u00e1 seguir de \u00f4nibus at\u00e9 Necocl\u00ed ou Turbo, e ent\u00e3o pegar um barco at\u00e9 Capurgan\u00e1. Este barco custa 70 mil, e o translado dura 2 horas.<\/p>\n<figure id=\"attachment_5495\" aria-describedby=\"caption-attachment-5495\" style=\"width: 1000px\" class=\"wp-caption aligncenter\"><img data-recalc-dims=\"1\" loading=\"lazy\" decoding=\"async\" data-attachment-id=\"5495\" data-permalink=\"https:\/\/mundosemfim.com\/?attachment_id=5495\" data-orig-file=\"https:\/\/i0.wp.com\/mundosemfim.com\/wp-content\/uploads\/2017\/03\/DSC_0039.jpg?fit=1000%2C667&amp;ssl=1\" data-orig-size=\"1000,667\" data-comments-opened=\"1\" data-image-meta=\"{&quot;aperture&quot;:&quot;0&quot;,&quot;credit&quot;:&quot;&quot;,&quot;camera&quot;:&quot;&quot;,&quot;caption&quot;:&quot;&quot;,&quot;created_timestamp&quot;:&quot;1490002244&quot;,&quot;copyright&quot;:&quot;&quot;,&quot;focal_length&quot;:&quot;0&quot;,&quot;iso&quot;:&quot;0&quot;,&quot;shutter_speed&quot;:&quot;0&quot;,&quot;title&quot;:&quot;&quot;,&quot;orientation&quot;:&quot;1&quot;}\" data-image-title=\"Capurgan\u00e1\" data-image-description=\"&lt;p&gt;Paradis\u00edaca praia de Capurgan\u00e1&lt;\/p&gt;\n\" data-image-caption=\"&lt;p&gt;Paradis\u00edaca praia de Capurgan\u00e1&lt;\/p&gt;\n\" data-large-file=\"https:\/\/i0.wp.com\/mundosemfim.com\/wp-content\/uploads\/2017\/03\/DSC_0039.jpg?fit=764%2C510&amp;ssl=1\" class=\"size-full wp-image-5495\" src=\"https:\/\/i0.wp.com\/mundosemfim.com\/wp-content\/uploads\/2017\/03\/DSC_0039.jpg?resize=764%2C510&#038;ssl=1\" alt=\"Paradis\u00edaca praia de Capurgan\u00e1Paradis\u00edaca praia de Capurgan\u00e1\" width=\"764\" height=\"510\" srcset=\"https:\/\/i0.wp.com\/mundosemfim.com\/wp-content\/uploads\/2017\/03\/DSC_0039.jpg?w=1000&amp;ssl=1 1000w, https:\/\/i0.wp.com\/mundosemfim.com\/wp-content\/uploads\/2017\/03\/DSC_0039.jpg?resize=300%2C200&amp;ssl=1 300w, https:\/\/i0.wp.com\/mundosemfim.com\/wp-content\/uploads\/2017\/03\/DSC_0039.jpg?resize=768%2C512&amp;ssl=1 768w\" sizes=\"auto, (max-width: 764px) 100vw, 764px\" \/><figcaption id=\"caption-attachment-5495\" class=\"wp-caption-text\">Paradis\u00edaca praia de Capurgan\u00e1<\/figcaption><\/figure>\n<p><em>Para ler todos os detalhes de como chegar at\u00e9 Capurgan\u00e1, leia nosso post <a href=\"https:\/\/mundosemfim.com\/como-chegar-capurgana-um-paraiso-secreto-no-caribe-colombiano\/\"><b>aqui<\/b><\/a>.<\/em><\/p>\n<p><em>Se quiser aproveitar uns dias nesta linda praia, leia mais informa\u00e7\u00f5es <a href=\"https:\/\/mundosemfim.com\/conheca-capurgana-uma-das-praias-mais-paradisiacas-da-colombia\/\"><b>aqui<\/b><\/a>.<\/em><\/p>\n<h4><i><b>Capurgan\u00e1 -&gt; Puerto Obald\u00eda (Panam\u00e1)<\/b><\/i><\/h4>\n<p>Carimbada a sa\u00edda da Col\u00f4mbia, voc\u00ea j\u00e1 pode seguir ao Panam\u00e1. Para chegar l\u00e1, s\u00f3 em barco, que custam 30 mil por pessoa, em um trajeto que demora pouco menos de 1 hora.<\/p>\n<p>A primeira cidade panamenha \u00e9 Puerto Obald\u00eda que, assim como Capurgan\u00e1, n\u00e3o possui acesso por estradas. L\u00e1 voc\u00ea dever\u00e1 carimbar sua entrada no pa\u00eds. A imigra\u00e7\u00e3o foi bem tranquila e n\u00e3o nos pediram nada, embora seja necess\u00e1rio ter o comprovante da vacina da Febre Amarela e mostrar 500 d\u00f3lares (em dinheiro ou cart\u00e3o de cr\u00e9dito).<\/p>\n<figure id=\"attachment_5508\" aria-describedby=\"caption-attachment-5508\" style=\"width: 1000px\" class=\"wp-caption aligncenter\"><img data-recalc-dims=\"1\" loading=\"lazy\" decoding=\"async\" data-attachment-id=\"5508\" data-permalink=\"https:\/\/mundosemfim.com\/?attachment_id=5508\" data-orig-file=\"https:\/\/i0.wp.com\/mundosemfim.com\/wp-content\/uploads\/2017\/03\/DSC_0021.jpg?fit=1000%2C667&amp;ssl=1\" data-orig-size=\"1000,667\" data-comments-opened=\"1\" data-image-meta=\"{&quot;aperture&quot;:&quot;0&quot;,&quot;credit&quot;:&quot;&quot;,&quot;camera&quot;:&quot;&quot;,&quot;caption&quot;:&quot;&quot;,&quot;created_timestamp&quot;:&quot;0&quot;,&quot;copyright&quot;:&quot;&quot;,&quot;focal_length&quot;:&quot;0&quot;,&quot;iso&quot;:&quot;0&quot;,&quot;shutter_speed&quot;:&quot;0&quot;,&quot;title&quot;:&quot;&quot;,&quot;orientation&quot;:&quot;0&quot;}\" data-image-title=\"Puerto Obald\u00eda\" data-image-description=\"&lt;p&gt;Pra\u00e7a central de Puerto Obald\u00eda&lt;\/p&gt;\n\" data-image-caption=\"&lt;p&gt;Pra\u00e7a central de Puerto Obald\u00eda&lt;\/p&gt;\n\" data-large-file=\"https:\/\/i0.wp.com\/mundosemfim.com\/wp-content\/uploads\/2017\/03\/DSC_0021.jpg?fit=764%2C510&amp;ssl=1\" class=\"size-full wp-image-5508\" src=\"https:\/\/i0.wp.com\/mundosemfim.com\/wp-content\/uploads\/2017\/03\/DSC_0021.jpg?resize=764%2C510&#038;ssl=1\" alt=\"Pra\u00e7a central de Puerto Obald\u00eda\" width=\"764\" height=\"510\" srcset=\"https:\/\/i0.wp.com\/mundosemfim.com\/wp-content\/uploads\/2017\/03\/DSC_0021.jpg?w=1000&amp;ssl=1 1000w, https:\/\/i0.wp.com\/mundosemfim.com\/wp-content\/uploads\/2017\/03\/DSC_0021.jpg?resize=300%2C200&amp;ssl=1 300w, https:\/\/i0.wp.com\/mundosemfim.com\/wp-content\/uploads\/2017\/03\/DSC_0021.jpg?resize=768%2C512&amp;ssl=1 768w\" sizes=\"auto, (max-width: 764px) 100vw, 764px\" \/><figcaption id=\"caption-attachment-5508\" class=\"wp-caption-text\">Pra\u00e7a central de Puerto Obald\u00eda<\/figcaption><\/figure>\n<p><em>Para ler mais detalhes sobre esta travessia e sobre como foi nossa imigra\u00e7\u00e3o em Puerto Obald\u00eda, leia nosso post completo <a href=\"https:\/\/mundosemfim.com\/cruzando-fronteira-colombia-panama-por-puerto-obaldia\/\"><b>aqui<\/b><\/a>.<\/em><\/p>\n<h4><i><b>Puerto Obald\u00eda -&gt; Cidade do Panam\u00e1<\/b><\/i><\/h4>\n<p>Para seguir de Puerto Obald\u00eda at\u00e9 a capital \u00e9 razoavelmente f\u00e1cil: basta pegar um barco at\u00e9 o porto de Cart\u00ed, e de l\u00e1 um 4&#215;4 at\u00e9 a Cidade do Panam\u00e1. O barco cobra 110 d\u00f3lares pelo translado, que dura cerca de 8 horas (dependendo da lancha e das condi\u00e7\u00f5es do mar). Al\u00e9m deste valor, \u00e9 preciso pagar 20 d\u00f3lares de entrada para a reserva Kuna Yala.<\/p>\n<p>O carro de Cart\u00ed \u00e0 capital custa 25 d\u00f3lares.<\/p>\n<p>Por\u00e9m, em vez de fazer o trajeto direto, o ideal \u00e9 seguir por San Blas, um arquip\u00e9lago paradis\u00edaco, cheio de paisagens lindas e de uma cultura riqu\u00edssima. Abaixo contamos como foi nosso recorrido!<\/p>\n<figure id=\"attachment_5537\" aria-describedby=\"caption-attachment-5537\" style=\"width: 1000px\" class=\"wp-caption aligncenter\"><img data-recalc-dims=\"1\" loading=\"lazy\" decoding=\"async\" data-attachment-id=\"5537\" data-permalink=\"https:\/\/mundosemfim.com\/?attachment_id=5537\" data-orig-file=\"https:\/\/i0.wp.com\/mundosemfim.com\/wp-content\/uploads\/2017\/03\/DSC_0249.jpg?fit=1000%2C667&amp;ssl=1\" data-orig-size=\"1000,667\" data-comments-opened=\"1\" data-image-meta=\"{&quot;aperture&quot;:&quot;0&quot;,&quot;credit&quot;:&quot;&quot;,&quot;camera&quot;:&quot;&quot;,&quot;caption&quot;:&quot;&quot;,&quot;created_timestamp&quot;:&quot;0&quot;,&quot;copyright&quot;:&quot;&quot;,&quot;focal_length&quot;:&quot;0&quot;,&quot;iso&quot;:&quot;0&quot;,&quot;shutter_speed&quot;:&quot;0&quot;,&quot;title&quot;:&quot;&quot;,&quot;orientation&quot;:&quot;0&quot;}\" data-image-title=\"San Blas\" data-image-description=\"&lt;p&gt;Isla Perro, em San Blas&lt;\/p&gt;\n\" data-image-caption=\"&lt;p&gt;San Blas \u00e9 composta por 365 ilhas, muitas delas assim.&lt;\/p&gt;\n\" data-large-file=\"https:\/\/i0.wp.com\/mundosemfim.com\/wp-content\/uploads\/2017\/03\/DSC_0249.jpg?fit=764%2C510&amp;ssl=1\" class=\"size-full wp-image-5537\" src=\"https:\/\/i0.wp.com\/mundosemfim.com\/wp-content\/uploads\/2017\/03\/DSC_0249.jpg?resize=764%2C510&#038;ssl=1\" alt=\"Isla Perro, em San Blas\" width=\"764\" height=\"510\" srcset=\"https:\/\/i0.wp.com\/mundosemfim.com\/wp-content\/uploads\/2017\/03\/DSC_0249.jpg?w=1000&amp;ssl=1 1000w, https:\/\/i0.wp.com\/mundosemfim.com\/wp-content\/uploads\/2017\/03\/DSC_0249.jpg?resize=300%2C200&amp;ssl=1 300w, https:\/\/i0.wp.com\/mundosemfim.com\/wp-content\/uploads\/2017\/03\/DSC_0249.jpg?resize=768%2C512&amp;ssl=1 768w\" sizes=\"auto, (max-width: 764px) 100vw, 764px\" \/><figcaption id=\"caption-attachment-5537\" class=\"wp-caption-text\">San Blas \u00e9 composta por 365 ilhas, muitas delas assim.<\/figcaption><\/figure>\n<h3><b>Viajando por San Blas<\/b><\/h3>\n<p>Aqui vamos contar como foi nossa viagem. Se quiser saber mais detalhes sobre San Blas, leia nosso post completo <a href=\"https:\/\/mundosemfim.com\/conhecendo-san-blas-panama-por-conta-propria\/\"><strong>aqui<\/strong><\/a>.<\/p>\n<p>Passamos duas noites em Puerto Obald\u00eda: a primeira, porque chegamos tarde, e os barcos para San Blas j\u00e1 haviam sa\u00eddo (geralmente saem antes do meio-dia). A segunda foi porque era domingo, e ningu\u00e9m saiu neste dia.<\/p>\n<p>Mas a espera valeu a pena: na segunda, apareceu um barqueiro, que era tamb\u00e9m um comerciante. Disse que poderia nos levar pelos 110 d\u00f3lares, se n\u00e3o nos import\u00e1ssemos de acompanh\u00e1-lo de ilha em ilha enquanto ele vendesse suas mercadorias. Sua viagem demoraria 3 dias, e os gastos de hospedagem e comida ficariam por nossa conta (ele levava um fog\u00e3o, assim poder\u00edamos cozinhar).<\/p>\n<p>Com certeza topamos! Quem quiser seu contato, ele se chama Joe e seu whatsapp \u00e9 <strong>+57 312 2047 846<\/strong>.<\/p>\n<p>Fizemos praticamente o mesmo recorrido que a empresa <a href=\"http:\/\/sanblasadventures.com\">San Blas Adventures<\/a>, que cobra 500 d\u00f3lares\u00a0pelo tour, com as refei\u00e7\u00f5es e as hospedagens. Chegamos a cruzar com eles em um restaurante: eles estavam comendo macarr\u00e3o, enquanto n\u00f3s com\u00edamos peixe fresco e lagosta. Que ironia!<\/p>\n<figure id=\"attachment_5538\" aria-describedby=\"caption-attachment-5538\" style=\"width: 1000px\" class=\"wp-caption aligncenter\"><img data-recalc-dims=\"1\" loading=\"lazy\" decoding=\"async\" data-attachment-id=\"5538\" data-permalink=\"https:\/\/mundosemfim.com\/?attachment_id=5538\" data-orig-file=\"https:\/\/i0.wp.com\/mundosemfim.com\/wp-content\/uploads\/2017\/03\/DSC_0016.jpg?fit=1000%2C667&amp;ssl=1\" data-orig-size=\"1000,667\" data-comments-opened=\"1\" data-image-meta=\"{&quot;aperture&quot;:&quot;0&quot;,&quot;credit&quot;:&quot;&quot;,&quot;camera&quot;:&quot;&quot;,&quot;caption&quot;:&quot;&quot;,&quot;created_timestamp&quot;:&quot;0&quot;,&quot;copyright&quot;:&quot;&quot;,&quot;focal_length&quot;:&quot;0&quot;,&quot;iso&quot;:&quot;0&quot;,&quot;shutter_speed&quot;:&quot;0&quot;,&quot;title&quot;:&quot;&quot;,&quot;orientation&quot;:&quot;0&quot;}\" data-image-title=\"San Blas\" data-image-description=\"\" data-image-caption=\"&lt;p&gt;O barco com o qual viajamos da Col\u00f4mbia ao Panam\u00e1&lt;\/p&gt;\n\" data-large-file=\"https:\/\/i0.wp.com\/mundosemfim.com\/wp-content\/uploads\/2017\/03\/DSC_0016.jpg?fit=764%2C510&amp;ssl=1\" class=\"size-full wp-image-5538\" src=\"https:\/\/i0.wp.com\/mundosemfim.com\/wp-content\/uploads\/2017\/03\/DSC_0016.jpg?resize=764%2C510&#038;ssl=1\" alt=\"\" width=\"764\" height=\"510\" srcset=\"https:\/\/i0.wp.com\/mundosemfim.com\/wp-content\/uploads\/2017\/03\/DSC_0016.jpg?w=1000&amp;ssl=1 1000w, https:\/\/i0.wp.com\/mundosemfim.com\/wp-content\/uploads\/2017\/03\/DSC_0016.jpg?resize=300%2C200&amp;ssl=1 300w, https:\/\/i0.wp.com\/mundosemfim.com\/wp-content\/uploads\/2017\/03\/DSC_0016.jpg?resize=768%2C512&amp;ssl=1 768w\" sizes=\"auto, (max-width: 764px) 100vw, 764px\" \/><figcaption id=\"caption-attachment-5538\" class=\"wp-caption-text\">O barco com o qual viajamos da Col\u00f4mbia ao Panam\u00e1<\/figcaption><\/figure>\n<p>Nosso grupo foi de 7 pessoas: n\u00f3s, um outro casal, um espanhol, o lancheiro e seu ajudante.<\/p>\n<p>A primeira parada da viagem foi na ilha de Calidonia.<\/p>\n<h4><i><b>Calidonia e a ilha Atidub<\/b><\/i><\/h4>\n<p>Viajamos por cerca de 2 horas at\u00e9 chegar \u00e0 ilha de Calidonia, onde havia uma pequena aldeia dos ind\u00edgenas Kuna Yala. A riqueza cultural deste lugar \u00e9 impressionante: as casas s\u00e3o feitas de bambu, com telhado de folhas de coqueiro e ch\u00e3o de terra. Entre si, as pessoas falam seu idioma nativo, mas a maioria entende espanhol.<\/p>\n<p>Infelizmente, por ser o local onde o pessoal da San Blas Adventure passa a primeira noite, a coisa por l\u00e1 j\u00e1 est\u00e1 bem turistica. Se quiser fotografar, \u00e9 preciso pagar 1 d\u00f3lar (por foto). Tamb\u00e9m se cobra 3 d\u00f3lares de entrada.<\/p>\n<p>T\u00ednhamos a op\u00e7\u00e3o de passar a noite ali ou em uma ilhazinha ao lado, chamada Atidub, onde s\u00f3 havia uma casinha, habitada por um senhor e seu filho. Apesar de estarmos encantados com Calidonia, n\u00e3o resistimos \u00e0 beleza natural de Atidub. Fomos para l\u00e1 mesmo!<\/p>\n<figure id=\"attachment_5539\" aria-describedby=\"caption-attachment-5539\" style=\"width: 1000px\" class=\"wp-caption aligncenter\"><img data-recalc-dims=\"1\" loading=\"lazy\" decoding=\"async\" data-attachment-id=\"5539\" data-permalink=\"https:\/\/mundosemfim.com\/?attachment_id=5539\" data-orig-file=\"https:\/\/i0.wp.com\/mundosemfim.com\/wp-content\/uploads\/2017\/03\/DSC_0037.jpg?fit=1000%2C667&amp;ssl=1\" data-orig-size=\"1000,667\" data-comments-opened=\"1\" data-image-meta=\"{&quot;aperture&quot;:&quot;0&quot;,&quot;credit&quot;:&quot;&quot;,&quot;camera&quot;:&quot;&quot;,&quot;caption&quot;:&quot;&quot;,&quot;created_timestamp&quot;:&quot;0&quot;,&quot;copyright&quot;:&quot;&quot;,&quot;focal_length&quot;:&quot;0&quot;,&quot;iso&quot;:&quot;0&quot;,&quot;shutter_speed&quot;:&quot;0&quot;,&quot;title&quot;:&quot;&quot;,&quot;orientation&quot;:&quot;0&quot;}\" data-image-title=\"San Blas\" data-image-description=\"&lt;p&gt;Atidub, San Blas&lt;\/p&gt;\n\" data-image-caption=\"&lt;p&gt;Acampando na ilha praticamente deserta de Atidub&lt;\/p&gt;\n\" data-large-file=\"https:\/\/i0.wp.com\/mundosemfim.com\/wp-content\/uploads\/2017\/03\/DSC_0037.jpg?fit=764%2C510&amp;ssl=1\" class=\"size-full wp-image-5539\" src=\"https:\/\/i0.wp.com\/mundosemfim.com\/wp-content\/uploads\/2017\/03\/DSC_0037.jpg?resize=764%2C510&#038;ssl=1\" alt=\"Atidub, San Blas\" width=\"764\" height=\"510\" srcset=\"https:\/\/i0.wp.com\/mundosemfim.com\/wp-content\/uploads\/2017\/03\/DSC_0037.jpg?w=1000&amp;ssl=1 1000w, https:\/\/i0.wp.com\/mundosemfim.com\/wp-content\/uploads\/2017\/03\/DSC_0037.jpg?resize=300%2C200&amp;ssl=1 300w, https:\/\/i0.wp.com\/mundosemfim.com\/wp-content\/uploads\/2017\/03\/DSC_0037.jpg?resize=768%2C512&amp;ssl=1 768w\" sizes=\"auto, (max-width: 764px) 100vw, 764px\" \/><figcaption id=\"caption-attachment-5539\" class=\"wp-caption-text\">Acampando na ilha praticamente deserta de Atidub<\/figcaption><\/figure>\n<p>Acampamos por 13 d\u00f3lares por pessoa (10 de hospedagem + 3 de imposto para Calidonia), \u00e0 beira da praia (eles forneciam a barraca). A noite foi incr\u00edvel, acompanhada pela lua cheia e por uma fogueira que fizemos na areia.<\/p>\n<p>Jantamos polvo cozido e <i>patacones<\/i> por 4 d\u00f3lares.<\/p>\n<h4><i><b>Ilha Tulipe<\/b><\/i><\/h4>\n<p>Sa\u00edmos cedo, e seguimos mais umas horas de viagem. Paramos para almo\u00e7ar em uma ilha no caminho. Serviam peixe cozido por 10 d\u00f3lares, ou lagosta (grande) por 16 d\u00f3lares. Foi aqui que cruzamos com um grupo da San Blas Adventures. Eles mesmo preparavam a comida de seus clientes: macarr\u00e3o com p\u00e3o.<\/p>\n<p>A ilha era bonita, mas n\u00e3o tinha praia. Seguimos para uma ilha vizinha, chamada Tulipe, onde tamb\u00e9m havia uma aldeia ind\u00edgena. Esta, por n\u00e3o ser t\u00e3o tur\u00edstica, era ainda mais aut\u00eantica e seus moradores mais simp\u00e1ticos. Nenhum deles se importava se tir\u00e1ssemos fotos. Pelo contr\u00e1rio: ficavam muito orgulhosos! Al\u00e9m disso, adoravam contar as hist\u00f3rias e explicar o funcionamento de sua comunidade.<\/p>\n<figure id=\"attachment_5540\" aria-describedby=\"caption-attachment-5540\" style=\"width: 1000px\" class=\"wp-caption aligncenter\"><img data-recalc-dims=\"1\" loading=\"lazy\" decoding=\"async\" data-attachment-id=\"5540\" data-permalink=\"https:\/\/mundosemfim.com\/?attachment_id=5540\" data-orig-file=\"https:\/\/i0.wp.com\/mundosemfim.com\/wp-content\/uploads\/2017\/03\/P3140224-1.jpg?fit=1000%2C667&amp;ssl=1\" data-orig-size=\"1000,667\" data-comments-opened=\"1\" data-image-meta=\"{&quot;aperture&quot;:&quot;0&quot;,&quot;credit&quot;:&quot;&quot;,&quot;camera&quot;:&quot;&quot;,&quot;caption&quot;:&quot;&quot;,&quot;created_timestamp&quot;:&quot;0&quot;,&quot;copyright&quot;:&quot;&quot;,&quot;focal_length&quot;:&quot;0&quot;,&quot;iso&quot;:&quot;0&quot;,&quot;shutter_speed&quot;:&quot;0&quot;,&quot;title&quot;:&quot;&quot;,&quot;orientation&quot;:&quot;0&quot;}\" data-image-title=\"San Blas\" data-image-description=\"&lt;p&gt;Ilha de Tulipe, San Blas&lt;\/p&gt;\n\" data-image-caption=\"&lt;p&gt;N\u00f3s na aldeia ind\u00edgena de Tulipe&lt;\/p&gt;\n\" data-large-file=\"https:\/\/i0.wp.com\/mundosemfim.com\/wp-content\/uploads\/2017\/03\/P3140224-1.jpg?fit=764%2C510&amp;ssl=1\" class=\"size-full wp-image-5540\" src=\"https:\/\/i0.wp.com\/mundosemfim.com\/wp-content\/uploads\/2017\/03\/P3140224-1.jpg?resize=764%2C510&#038;ssl=1\" alt=\"Ilha de Tulipe, San Blas\" width=\"764\" height=\"510\" srcset=\"https:\/\/i0.wp.com\/mundosemfim.com\/wp-content\/uploads\/2017\/03\/P3140224-1.jpg?w=1000&amp;ssl=1 1000w, https:\/\/i0.wp.com\/mundosemfim.com\/wp-content\/uploads\/2017\/03\/P3140224-1.jpg?resize=300%2C200&amp;ssl=1 300w, https:\/\/i0.wp.com\/mundosemfim.com\/wp-content\/uploads\/2017\/03\/P3140224-1.jpg?resize=768%2C512&amp;ssl=1 768w\" sizes=\"auto, (max-width: 764px) 100vw, 764px\" \/><figcaption id=\"caption-attachment-5540\" class=\"wp-caption-text\">N\u00f3s na aldeia ind\u00edgena de Tulipe<\/figcaption><\/figure>\n<p>Passamos a noite a\u00ed por 5 d\u00f3lares cada um, dormindo na rede. Em um quarto, o pre\u00e7o ficava em 7 d\u00f3lares por pessoa. Jantamos peixe em um restaurante do local por 2,50 d\u00f3lares.<\/p>\n<p>Nesta ilha, percebemos uma coisa triste: como estava fora da rota turistica, os moradores n\u00e3o se importavam muito com a limpeza, e todo o lixo era jogado no mar. As \u00e1guas cristalinas do caribe revelavam uma quandidade absurda de roupas, latas, embalagens e garrafas que descansavam l\u00e1 no fundo.<\/p>\n<p>Esperamos que esta atitude mude logo, antes que eles acabem perdendo este para\u00edso.<\/p>\n<h4><i><b>Ilha Yandup Nargan\u00e1<\/b><\/i><\/h4>\n<p>Acordamos cedo, e Joe foi vender suas mercadorias. Pedimos que ele nos levasse a uma ilha vizinha para aproveitarmos uma praia.<\/p>\n<p>Chegamos at\u00e9 l\u00e1 e tudo seria lindo, n\u00e3o fosse a enorme quantidade de lixo. Nem conseguimos nos banhar, com medo de cortar o p\u00e9 em alguma coisa.<\/p>\n<figure id=\"attachment_5541\" aria-describedby=\"caption-attachment-5541\" style=\"width: 1000px\" class=\"wp-caption aligncenter\"><img data-recalc-dims=\"1\" loading=\"lazy\" decoding=\"async\" data-attachment-id=\"5541\" data-permalink=\"https:\/\/mundosemfim.com\/?attachment_id=5541\" data-orig-file=\"https:\/\/i0.wp.com\/mundosemfim.com\/wp-content\/uploads\/2017\/03\/DSC_0150.jpg?fit=1000%2C667&amp;ssl=1\" data-orig-size=\"1000,667\" data-comments-opened=\"1\" data-image-meta=\"{&quot;aperture&quot;:&quot;0&quot;,&quot;credit&quot;:&quot;&quot;,&quot;camera&quot;:&quot;&quot;,&quot;caption&quot;:&quot;&quot;,&quot;created_timestamp&quot;:&quot;0&quot;,&quot;copyright&quot;:&quot;&quot;,&quot;focal_length&quot;:&quot;0&quot;,&quot;iso&quot;:&quot;0&quot;,&quot;shutter_speed&quot;:&quot;0&quot;,&quot;title&quot;:&quot;&quot;,&quot;orientation&quot;:&quot;0&quot;}\" data-image-title=\"San Blas\" data-image-description=\"&lt;p&gt;Praia de San Blas cheia de lixo&lt;\/p&gt;\n\" data-image-caption=\"&lt;p&gt;Praia paradis\u00edaca, sendo perdida pelo lixo.&lt;\/p&gt;\n\" data-large-file=\"https:\/\/i0.wp.com\/mundosemfim.com\/wp-content\/uploads\/2017\/03\/DSC_0150.jpg?fit=764%2C510&amp;ssl=1\" class=\"size-full wp-image-5541\" src=\"https:\/\/i0.wp.com\/mundosemfim.com\/wp-content\/uploads\/2017\/03\/DSC_0150.jpg?resize=764%2C510&#038;ssl=1\" alt=\"Praia de San Blas cheia de lixo\" width=\"764\" height=\"510\" srcset=\"https:\/\/i0.wp.com\/mundosemfim.com\/wp-content\/uploads\/2017\/03\/DSC_0150.jpg?w=1000&amp;ssl=1 1000w, https:\/\/i0.wp.com\/mundosemfim.com\/wp-content\/uploads\/2017\/03\/DSC_0150.jpg?resize=300%2C200&amp;ssl=1 300w, https:\/\/i0.wp.com\/mundosemfim.com\/wp-content\/uploads\/2017\/03\/DSC_0150.jpg?resize=768%2C512&amp;ssl=1 768w\" sizes=\"auto, (max-width: 764px) 100vw, 764px\" \/><figcaption id=\"caption-attachment-5541\" class=\"wp-caption-text\">Praia paradis\u00edaca, sendo perdida pelo lixo.<\/figcaption><\/figure>\n<p>Nesta ilha havia uma constru\u00e7\u00e3o abandonada, feita de alvenaria. Averiguamos e vimos que se tratava de uma escola. Tinha tudo: dormit\u00f3rios, carteiras, cadernos&#8230; s\u00f3 n\u00e3o tinha alunos. Uma mulher que cuidava do local nos disse que o governo do Panam\u00e1 construiu tudo, menos a ponte que permitisse aos alunos irem at\u00e9 l\u00e1. Parece que governantes incompetentes existem em todos os lugares&#8230;<\/p>\n<p>De l\u00e1, seguimos at\u00e9 Yandup Nargan\u00e1, duas ilhas interligadas por uma ponte. No caminho, o ajudante de Joe cozinhou polvo para n\u00f3s \u2013 e era um excelente cozinheiro. Melhor polvo que j\u00e1 comemos na vida!<\/p>\n<p>Yandup j\u00e1 estava pr\u00f3xima \u00e0 regi\u00e3o tur\u00edstica. Estas ilhas j\u00e1 eram bem modernizadas, com muitas constru\u00e7\u00f5es de cimento, mercados e at\u00e9 um banco. Sua apar\u00eancia era mais a de uma cidade humilde do que a de uma aldeia ind\u00edgena. A quantidade de lixo no mar desta regi\u00e3o tamb\u00e9m era assustadora. Fez um triste contraste com as arraias e golfinhos que vimos por ali&#8230;<\/p>\n<p>Passamos a noite aqui em um hotel por 6 d\u00f3lares cada um.<\/p>\n<figure id=\"attachment_5542\" aria-describedby=\"caption-attachment-5542\" style=\"width: 1000px\" class=\"wp-caption aligncenter\"><img data-recalc-dims=\"1\" loading=\"lazy\" decoding=\"async\" data-attachment-id=\"5542\" data-permalink=\"https:\/\/mundosemfim.com\/?attachment_id=5542\" data-orig-file=\"https:\/\/i0.wp.com\/mundosemfim.com\/wp-content\/uploads\/2017\/03\/DSC_0168.jpg?fit=1000%2C667&amp;ssl=1\" data-orig-size=\"1000,667\" data-comments-opened=\"1\" data-image-meta=\"{&quot;aperture&quot;:&quot;0&quot;,&quot;credit&quot;:&quot;&quot;,&quot;camera&quot;:&quot;&quot;,&quot;caption&quot;:&quot;&quot;,&quot;created_timestamp&quot;:&quot;0&quot;,&quot;copyright&quot;:&quot;&quot;,&quot;focal_length&quot;:&quot;0&quot;,&quot;iso&quot;:&quot;0&quot;,&quot;shutter_speed&quot;:&quot;0&quot;,&quot;title&quot;:&quot;&quot;,&quot;orientation&quot;:&quot;0&quot;}\" data-image-title=\"San Blas\" data-image-description=\"&lt;p&gt;Crian\u00e7as brincando em uma canoa em San Blas&lt;\/p&gt;\n\" data-image-caption=\"&lt;p&gt;Crian\u00e7as brincando em uma canoa em San Blas&lt;\/p&gt;\n\" data-large-file=\"https:\/\/i0.wp.com\/mundosemfim.com\/wp-content\/uploads\/2017\/03\/DSC_0168.jpg?fit=764%2C510&amp;ssl=1\" class=\"size-full wp-image-5542\" src=\"https:\/\/i0.wp.com\/mundosemfim.com\/wp-content\/uploads\/2017\/03\/DSC_0168.jpg?resize=764%2C510&#038;ssl=1\" alt=\"Crian\u00e7as brincando em uma canoa em San Blas\" width=\"764\" height=\"510\" srcset=\"https:\/\/i0.wp.com\/mundosemfim.com\/wp-content\/uploads\/2017\/03\/DSC_0168.jpg?w=1000&amp;ssl=1 1000w, https:\/\/i0.wp.com\/mundosemfim.com\/wp-content\/uploads\/2017\/03\/DSC_0168.jpg?resize=300%2C200&amp;ssl=1 300w, https:\/\/i0.wp.com\/mundosemfim.com\/wp-content\/uploads\/2017\/03\/DSC_0168.jpg?resize=768%2C512&amp;ssl=1 768w\" sizes=\"auto, (max-width: 764px) 100vw, 764px\" \/><figcaption id=\"caption-attachment-5542\" class=\"wp-caption-text\">Crian\u00e7as brincando em uma canoa em San Blas<\/figcaption><\/figure>\n<h4><i><b>Narasgandub<\/b><\/i><\/h4>\n<p>De Yandup seguimos ao para\u00edso: aqui come\u00e7ava o setor tur\u00edstico de San Blas, com in\u00fameras ilhas paradis\u00edacas, e todas elas limpas. Em pouco mais de uma hora, chegamos a Narasgandub, uma ilha com algumas hospedagens e uma praia de \u00e1gua verde e bem transparente. As hospedagens ficavam em 20 d\u00f3lares por pessoa, ou 35 com as tr\u00eas refei\u00e7\u00f5es inclu\u00eddas. Perguntamos sobre acampar, e nos fizeram por 15 d\u00f3lares por pessoa, incluindo as refei\u00e7\u00f5es. Perfeito!<\/p>\n<p>Joe passaria a noite ali tamb\u00e9m, e no dia seguinte poderia nos levar para Cart\u00ed, de onde seguir\u00edamos \u00e0 Cidade do Panam\u00e1. Decidimos que o melhor era nos despedir dele e depois irmos por nossa conta (o pessoal da ilha cobrava 10 d\u00f3lares por pessoa para levar), assim aproveitar\u00edamos San Blas pelo tempo que quis\u00e9ssemos.<\/p>\n<figure id=\"attachment_5543\" aria-describedby=\"caption-attachment-5543\" style=\"width: 1000px\" class=\"wp-caption aligncenter\"><img data-recalc-dims=\"1\" loading=\"lazy\" decoding=\"async\" data-attachment-id=\"5543\" data-permalink=\"https:\/\/mundosemfim.com\/?attachment_id=5543\" data-orig-file=\"https:\/\/i0.wp.com\/mundosemfim.com\/wp-content\/uploads\/2017\/03\/DSC_0198.jpg?fit=1000%2C667&amp;ssl=1\" data-orig-size=\"1000,667\" data-comments-opened=\"1\" data-image-meta=\"{&quot;aperture&quot;:&quot;0&quot;,&quot;credit&quot;:&quot;&quot;,&quot;camera&quot;:&quot;&quot;,&quot;caption&quot;:&quot;&quot;,&quot;created_timestamp&quot;:&quot;0&quot;,&quot;copyright&quot;:&quot;&quot;,&quot;focal_length&quot;:&quot;0&quot;,&quot;iso&quot;:&quot;0&quot;,&quot;shutter_speed&quot;:&quot;0&quot;,&quot;title&quot;:&quot;&quot;,&quot;orientation&quot;:&quot;0&quot;}\" data-image-title=\"San Blas\" data-image-description=\"&lt;p&gt;Narasgandub, San Blas&lt;\/p&gt;\n\" data-image-caption=\"&lt;p&gt;Acampando na ilha de Narasgandub&lt;\/p&gt;\n\" data-large-file=\"https:\/\/i0.wp.com\/mundosemfim.com\/wp-content\/uploads\/2017\/03\/DSC_0198.jpg?fit=764%2C510&amp;ssl=1\" class=\"size-full wp-image-5543\" src=\"https:\/\/i0.wp.com\/mundosemfim.com\/wp-content\/uploads\/2017\/03\/DSC_0198.jpg?resize=764%2C510&#038;ssl=1\" alt=\"Narasgandub, San Blas\" width=\"764\" height=\"510\" srcset=\"https:\/\/i0.wp.com\/mundosemfim.com\/wp-content\/uploads\/2017\/03\/DSC_0198.jpg?w=1000&amp;ssl=1 1000w, https:\/\/i0.wp.com\/mundosemfim.com\/wp-content\/uploads\/2017\/03\/DSC_0198.jpg?resize=300%2C200&amp;ssl=1 300w, https:\/\/i0.wp.com\/mundosemfim.com\/wp-content\/uploads\/2017\/03\/DSC_0198.jpg?resize=768%2C512&amp;ssl=1 768w\" sizes=\"auto, (max-width: 764px) 100vw, 764px\" \/><figcaption id=\"caption-attachment-5543\" class=\"wp-caption-text\">Acampando na ilha de Narasgandub<\/figcaption><\/figure>\n<p>Tamb\u00e9m ofereciam passeios para outras ilhas. Fizemos um para Isla Perro e Fragata por 20 d\u00f3lares, e outro para Isla Pelicano e para um banco de areia cheio de estrelas do mar por 10 d\u00f3lares.<\/p>\n<p>Depois de dormir por l\u00e1 3 noites, finalmente seguimos para Cart\u00ed, onde conseguimos um 4&#215;4 para a Cidade do Panam\u00e1 por 25 d\u00f3lares por pessoa.<\/p>\n<p>Sem d\u00favidas o recorrido valeu todo o tempo e dinheiro gastos! Esta est\u00e1 entre as melhores experi\u00eancias da nossa viagem at\u00e9 agora.<\/p>\n<figure id=\"attachment_5544\" aria-describedby=\"caption-attachment-5544\" style=\"width: 1000px\" class=\"wp-caption aligncenter\"><img data-recalc-dims=\"1\" loading=\"lazy\" decoding=\"async\" data-attachment-id=\"5544\" data-permalink=\"https:\/\/mundosemfim.com\/?attachment_id=5544\" data-orig-file=\"https:\/\/i0.wp.com\/mundosemfim.com\/wp-content\/uploads\/2017\/03\/DSC_0002-2.jpg?fit=1000%2C667&amp;ssl=1\" data-orig-size=\"1000,667\" data-comments-opened=\"1\" data-image-meta=\"{&quot;aperture&quot;:&quot;0&quot;,&quot;credit&quot;:&quot;&quot;,&quot;camera&quot;:&quot;&quot;,&quot;caption&quot;:&quot;&quot;,&quot;created_timestamp&quot;:&quot;0&quot;,&quot;copyright&quot;:&quot;&quot;,&quot;focal_length&quot;:&quot;0&quot;,&quot;iso&quot;:&quot;0&quot;,&quot;shutter_speed&quot;:&quot;0&quot;,&quot;title&quot;:&quot;&quot;,&quot;orientation&quot;:&quot;0&quot;}\" data-image-title=\"San Blas\" data-image-description=\"&lt;p&gt;Comendo lagosta em San Blas&lt;\/p&gt;\n\" data-image-caption=\"&lt;p&gt;Lagosta, um dos pratos t\u00edpicos de San Blas&lt;\/p&gt;\n\" data-large-file=\"https:\/\/i0.wp.com\/mundosemfim.com\/wp-content\/uploads\/2017\/03\/DSC_0002-2.jpg?fit=764%2C510&amp;ssl=1\" class=\"size-full wp-image-5544\" src=\"https:\/\/i0.wp.com\/mundosemfim.com\/wp-content\/uploads\/2017\/03\/DSC_0002-2.jpg?resize=764%2C510&#038;ssl=1\" alt=\"Comendo lagosta em San Blas\" width=\"764\" height=\"510\" srcset=\"https:\/\/i0.wp.com\/mundosemfim.com\/wp-content\/uploads\/2017\/03\/DSC_0002-2.jpg?w=1000&amp;ssl=1 1000w, https:\/\/i0.wp.com\/mundosemfim.com\/wp-content\/uploads\/2017\/03\/DSC_0002-2.jpg?resize=300%2C200&amp;ssl=1 300w, https:\/\/i0.wp.com\/mundosemfim.com\/wp-content\/uploads\/2017\/03\/DSC_0002-2.jpg?resize=768%2C512&amp;ssl=1 768w\" sizes=\"auto, (max-width: 764px) 100vw, 764px\" \/><figcaption id=\"caption-attachment-5544\" class=\"wp-caption-text\">Lagosta, um dos pratos t\u00edpicos de San Blas<\/figcaption><\/figure>\n<h3><b>Dicas<\/b><\/h3>\n<ul>\n<li>O \u00faltimo lugar que voc\u00ea ter\u00e1 caixa eletr\u00f4nico \u00e9 Necocl\u00ed ou Turbo. Depois da\u00ed, s\u00f3 conseguir\u00e1 sacar dinheiro novamente na Cidade do Panam\u00e1. Certifique-se de levar dinheiro suficiente para a travessia.<\/li>\n<li>A oferta de transporte em alguns lugares \u00e9 um pouco limitada: s\u00f3 fa\u00e7a esta viagem se tiver tempo e algum dinheiro de sobra, pois \u00e9 poss\u00edvel que precise passar alguns dias a mais do que o planejado em algum lugar. Se tiver com o tempo apertado, melhor seguir em algum tour.<\/li>\n<li>Se puder escolher, procure pegar um barco com dois motores. Assim, caso algum d\u00ea defeito, voc\u00ea ter\u00e1 o outro para te salvar de ficar perdido no mar.<\/li>\n<li>Embale todo o seu equipamento em sacos de lixo, pois a travessia molha muito.<\/li>\n<li>Se tiver, leve \u00f3culos. N\u00e3o tanto pelo sol, mas para proteger os olhos da \u00e1gua do mar, que com certeza vai respingar no seu rosto durante as viagens de barco.<\/li>\n<\/ul>\n<p>\u00c9 isso a\u00ed pessoal! Ficaram com alguma d\u00favida? S\u00f3 perguntar!<\/p>\n<p>E para mais dicas e acompanhar nossa viagem de volta ao mundo, curtam nossa p\u00e1gina no face:<br \/>\n<a href=\"http:\/\/www.facebook.com\/mundosemfimoficial\">www.facebook.com\/mundosemfimoficial<\/a><\/p>\n","protected":false},"excerpt":{"rendered":"<p>Decidir como cruzar da Col\u00f4mbia ao Panam\u00e1 \u00e9 um grande dilema para muitos viajantes. N\u00f3s fomos em barco, por conta pr\u00f3pria, e temos certeza que foi a melhor op\u00e7\u00e3o! Aqui descrevemos como foi nossa experi\u00eancia.<\/p>\n","protected":false},"author":1,"featured_media":5542,"comment_status":"open","ping_status":"open","sticky":false,"template":"","format":"standard","meta":{"jetpack_post_was_ever_published":false,"_jetpack_newsletter_access":"","_jetpack_dont_email_post_to_subs":true,"_jetpack_newsletter_tier_id":0,"_jetpack_memberships_contains_paywalled_content":false,"_jetpack_memberships_contains_paid_content":false,"footnotes":"","jetpack_publicize_message":"","jetpack_publicize_feature_enabled":true,"jetpack_social_post_already_shared":true,"jetpack_social_options":{"image_generator_settings":{"template":"highway","default_image_id":0,"font":"","enabled":false},"version":2}},"categories":[382,7,359,313,316,43,383,351,384],"tags":[],"class_list":["post-5533","post","type-post","status-publish","format-standard","has-post-thumbnail","hentry","category-america-central","category-america-latina","category-caribe","category-colombia","category-fronteira","category-natureza","category-panama","category-praia-natureza","category-san-blas"],"yoast_head":"<!-- This site is optimized with the Yoast SEO plugin v27.5 - https:\/\/yoast.com\/product\/yoast-seo-wordpress\/ -->\n<title>Da Col\u00f4mbia ao Panam\u00e1 em barco, passando por San Blas - Mundo Sem Fim<\/title>\n<meta name=\"robots\" content=\"index, follow, max-snippet:-1, max-image-preview:large, max-video-preview:-1\" \/>\n<link rel=\"canonical\" href=\"https:\/\/mundosemfim.com\/?p=5533\" \/>\n<meta property=\"og:locale\" content=\"pt_BR\" \/>\n<meta property=\"og:type\" content=\"article\" \/>\n<meta property=\"og:title\" content=\"Da Col\u00f4mbia ao Panam\u00e1 em barco, passando por San Blas - Mundo Sem Fim\" \/>\n<meta property=\"og:description\" content=\"Decidir como cruzar da Col\u00f4mbia ao Panam\u00e1 \u00e9 um grande dilema para muitos viajantes. N\u00f3s fomos em barco, por conta pr\u00f3pria, e temos certeza que foi a melhor op\u00e7\u00e3o! Aqui descrevemos como foi nossa experi\u00eancia.\" \/>\n<meta property=\"og:url\" content=\"https:\/\/mundosemfim.com\/?p=5533\" \/>\n<meta property=\"og:site_name\" content=\"Mundo Sem Fim\" \/>\n<meta property=\"article:publisher\" content=\"http:\/\/www.facebook.com\/mundosemfimoficial\" \/>\n<meta property=\"article:published_time\" content=\"2017-03-24T16:35:15+00:00\" \/>\n<meta property=\"article:modified_time\" content=\"2017-03-25T22:58:05+00:00\" \/>\n<meta property=\"og:image\" content=\"https:\/\/i0.wp.com\/mundosemfim.com\/wp-content\/uploads\/2017\/03\/DSC_0168.jpg?fit=1000%2C667&ssl=1\" \/>\n\t<meta property=\"og:image:width\" content=\"1000\" \/>\n\t<meta property=\"og:image:height\" content=\"667\" \/>\n\t<meta property=\"og:image:type\" content=\"image\/jpeg\" \/>\n<meta name=\"author\" content=\"Renan\" \/>\n<meta name=\"twitter:card\" content=\"summary_large_image\" \/>\n<meta name=\"twitter:label1\" content=\"Escrito por\" \/>\n\t<meta name=\"twitter:data1\" content=\"Renan\" \/>\n\t<meta name=\"twitter:label2\" content=\"Est. tempo de leitura\" \/>\n\t<meta name=\"twitter:data2\" content=\"10 minutos\" \/>\n<script type=\"application\/ld+json\" class=\"yoast-schema-graph\">{\"@context\":\"https:\\\/\\\/schema.org\",\"@graph\":[{\"@type\":\"Article\",\"@id\":\"https:\\\/\\\/mundosemfim.com\\\/?p=5533#article\",\"isPartOf\":{\"@id\":\"https:\\\/\\\/mundosemfim.com\\\/?p=5533\"},\"author\":{\"name\":\"Renan\",\"@id\":\"https:\\\/\\\/mundosemfim.com\\\/#\\\/schema\\\/person\\\/b021d50f3a19bae432e9b69ffbfa9257\"},\"headline\":\"Da Col\u00f4mbia ao Panam\u00e1 em barco, passando por San Blas\",\"datePublished\":\"2017-03-24T16:35:15+00:00\",\"dateModified\":\"2017-03-25T22:58:05+00:00\",\"mainEntityOfPage\":{\"@id\":\"https:\\\/\\\/mundosemfim.com\\\/?p=5533\"},\"wordCount\":2091,\"commentCount\":8,\"image\":{\"@id\":\"https:\\\/\\\/mundosemfim.com\\\/?p=5533#primaryimage\"},\"thumbnailUrl\":\"https:\\\/\\\/i0.wp.com\\\/mundosemfim.com\\\/wp-content\\\/uploads\\\/2017\\\/03\\\/DSC_0168.jpg?fit=1000%2C667&ssl=1\",\"articleSection\":[\"Am\u00e9rica Central\",\"am\u00e9rica latina\",\"caribe\",\"Col\u00f4mbia\",\"fronteira\",\"natureza\",\"Panam\u00e1\",\"praia\",\"San Blas\"],\"inLanguage\":\"pt-BR\",\"potentialAction\":[{\"@type\":\"CommentAction\",\"name\":\"Comment\",\"target\":[\"https:\\\/\\\/mundosemfim.com\\\/?p=5533#respond\"]}]},{\"@type\":\"WebPage\",\"@id\":\"https:\\\/\\\/mundosemfim.com\\\/?p=5533\",\"url\":\"https:\\\/\\\/mundosemfim.com\\\/?p=5533\",\"name\":\"Da Col\u00f4mbia ao Panam\u00e1 em barco, passando por San Blas - Mundo Sem Fim\",\"isPartOf\":{\"@id\":\"https:\\\/\\\/mundosemfim.com\\\/#website\"},\"primaryImageOfPage\":{\"@id\":\"https:\\\/\\\/mundosemfim.com\\\/?p=5533#primaryimage\"},\"image\":{\"@id\":\"https:\\\/\\\/mundosemfim.com\\\/?p=5533#primaryimage\"},\"thumbnailUrl\":\"https:\\\/\\\/i0.wp.com\\\/mundosemfim.com\\\/wp-content\\\/uploads\\\/2017\\\/03\\\/DSC_0168.jpg?fit=1000%2C667&ssl=1\",\"datePublished\":\"2017-03-24T16:35:15+00:00\",\"dateModified\":\"2017-03-25T22:58:05+00:00\",\"author\":{\"@id\":\"https:\\\/\\\/mundosemfim.com\\\/#\\\/schema\\\/person\\\/b021d50f3a19bae432e9b69ffbfa9257\"},\"breadcrumb\":{\"@id\":\"https:\\\/\\\/mundosemfim.com\\\/?p=5533#breadcrumb\"},\"inLanguage\":\"pt-BR\",\"potentialAction\":[{\"@type\":\"ReadAction\",\"target\":[\"https:\\\/\\\/mundosemfim.com\\\/?p=5533\"]}]},{\"@type\":\"ImageObject\",\"inLanguage\":\"pt-BR\",\"@id\":\"https:\\\/\\\/mundosemfim.com\\\/?p=5533#primaryimage\",\"url\":\"https:\\\/\\\/i0.wp.com\\\/mundosemfim.com\\\/wp-content\\\/uploads\\\/2017\\\/03\\\/DSC_0168.jpg?fit=1000%2C667&ssl=1\",\"contentUrl\":\"https:\\\/\\\/i0.wp.com\\\/mundosemfim.com\\\/wp-content\\\/uploads\\\/2017\\\/03\\\/DSC_0168.jpg?fit=1000%2C667&ssl=1\",\"width\":1000,\"height\":667,\"caption\":\"Crian\u00e7as brincando em uma canoa em San Blas\"},{\"@type\":\"BreadcrumbList\",\"@id\":\"https:\\\/\\\/mundosemfim.com\\\/?p=5533#breadcrumb\",\"itemListElement\":[{\"@type\":\"ListItem\",\"position\":1,\"name\":\"In\u00edcio\",\"item\":\"https:\\\/\\\/mundosemfim.com\\\/\"},{\"@type\":\"ListItem\",\"position\":2,\"name\":\"Da Col\u00f4mbia ao Panam\u00e1 em barco, passando por San Blas\"}]},{\"@type\":\"WebSite\",\"@id\":\"https:\\\/\\\/mundosemfim.com\\\/#website\",\"url\":\"https:\\\/\\\/mundosemfim.com\\\/\",\"name\":\"Mundo Sem Fim\",\"description\":\"uma viagem de volta ao mundo pelos 5 continentes!\",\"potentialAction\":[{\"@type\":\"SearchAction\",\"target\":{\"@type\":\"EntryPoint\",\"urlTemplate\":\"https:\\\/\\\/mundosemfim.com\\\/?s={search_term_string}\"},\"query-input\":{\"@type\":\"PropertyValueSpecification\",\"valueRequired\":true,\"valueName\":\"search_term_string\"}}],\"inLanguage\":\"pt-BR\"},{\"@type\":\"Person\",\"@id\":\"https:\\\/\\\/mundosemfim.com\\\/#\\\/schema\\\/person\\\/b021d50f3a19bae432e9b69ffbfa9257\",\"name\":\"Renan\",\"image\":{\"@type\":\"ImageObject\",\"inLanguage\":\"pt-BR\",\"@id\":\"https:\\\/\\\/secure.gravatar.com\\\/avatar\\\/faafca769a603ac75196d21826f3bda645d7e2d6306bb6e236d8cdb38eb44e38?s=96&d=mm&r=g\",\"url\":\"https:\\\/\\\/secure.gravatar.com\\\/avatar\\\/faafca769a603ac75196d21826f3bda645d7e2d6306bb6e236d8cdb38eb44e38?s=96&d=mm&r=g\",\"contentUrl\":\"https:\\\/\\\/secure.gravatar.com\\\/avatar\\\/faafca769a603ac75196d21826f3bda645d7e2d6306bb6e236d8cdb38eb44e38?s=96&d=mm&r=g\",\"caption\":\"Renan\"}}]}<\/script>\n<!-- \/ Yoast SEO plugin. -->","yoast_head_json":{"title":"Da Col\u00f4mbia ao Panam\u00e1 em barco, passando por San Blas - Mundo Sem Fim","robots":{"index":"index","follow":"follow","max-snippet":"max-snippet:-1","max-image-preview":"max-image-preview:large","max-video-preview":"max-video-preview:-1"},"canonical":"https:\/\/mundosemfim.com\/?p=5533","og_locale":"pt_BR","og_type":"article","og_title":"Da Col\u00f4mbia ao Panam\u00e1 em barco, passando por San Blas - Mundo Sem Fim","og_description":"Decidir como cruzar da Col\u00f4mbia ao Panam\u00e1 \u00e9 um grande dilema para muitos viajantes. N\u00f3s fomos em barco, por conta pr\u00f3pria, e temos certeza que foi a melhor op\u00e7\u00e3o! Aqui descrevemos como foi nossa experi\u00eancia.","og_url":"https:\/\/mundosemfim.com\/?p=5533","og_site_name":"Mundo Sem Fim","article_publisher":"http:\/\/www.facebook.com\/mundosemfimoficial","article_published_time":"2017-03-24T16:35:15+00:00","article_modified_time":"2017-03-25T22:58:05+00:00","og_image":[{"width":1000,"height":667,"url":"https:\/\/i0.wp.com\/mundosemfim.com\/wp-content\/uploads\/2017\/03\/DSC_0168.jpg?fit=1000%2C667&ssl=1","type":"image\/jpeg"}],"author":"Renan","twitter_card":"summary_large_image","twitter_misc":{"Escrito por":"Renan","Est. tempo de leitura":"10 minutos"},"schema":{"@context":"https:\/\/schema.org","@graph":[{"@type":"Article","@id":"https:\/\/mundosemfim.com\/?p=5533#article","isPartOf":{"@id":"https:\/\/mundosemfim.com\/?p=5533"},"author":{"name":"Renan","@id":"https:\/\/mundosemfim.com\/#\/schema\/person\/b021d50f3a19bae432e9b69ffbfa9257"},"headline":"Da Col\u00f4mbia ao Panam\u00e1 em barco, passando por San Blas","datePublished":"2017-03-24T16:35:15+00:00","dateModified":"2017-03-25T22:58:05+00:00","mainEntityOfPage":{"@id":"https:\/\/mundosemfim.com\/?p=5533"},"wordCount":2091,"commentCount":8,"image":{"@id":"https:\/\/mundosemfim.com\/?p=5533#primaryimage"},"thumbnailUrl":"https:\/\/i0.wp.com\/mundosemfim.com\/wp-content\/uploads\/2017\/03\/DSC_0168.jpg?fit=1000%2C667&ssl=1","articleSection":["Am\u00e9rica Central","am\u00e9rica latina","caribe","Col\u00f4mbia","fronteira","natureza","Panam\u00e1","praia","San Blas"],"inLanguage":"pt-BR","potentialAction":[{"@type":"CommentAction","name":"Comment","target":["https:\/\/mundosemfim.com\/?p=5533#respond"]}]},{"@type":"WebPage","@id":"https:\/\/mundosemfim.com\/?p=5533","url":"https:\/\/mundosemfim.com\/?p=5533","name":"Da Col\u00f4mbia ao Panam\u00e1 em barco, passando por San Blas - Mundo Sem Fim","isPartOf":{"@id":"https:\/\/mundosemfim.com\/#website"},"primaryImageOfPage":{"@id":"https:\/\/mundosemfim.com\/?p=5533#primaryimage"},"image":{"@id":"https:\/\/mundosemfim.com\/?p=5533#primaryimage"},"thumbnailUrl":"https:\/\/i0.wp.com\/mundosemfim.com\/wp-content\/uploads\/2017\/03\/DSC_0168.jpg?fit=1000%2C667&ssl=1","datePublished":"2017-03-24T16:35:15+00:00","dateModified":"2017-03-25T22:58:05+00:00","author":{"@id":"https:\/\/mundosemfim.com\/#\/schema\/person\/b021d50f3a19bae432e9b69ffbfa9257"},"breadcrumb":{"@id":"https:\/\/mundosemfim.com\/?p=5533#breadcrumb"},"inLanguage":"pt-BR","potentialAction":[{"@type":"ReadAction","target":["https:\/\/mundosemfim.com\/?p=5533"]}]},{"@type":"ImageObject","inLanguage":"pt-BR","@id":"https:\/\/mundosemfim.com\/?p=5533#primaryimage","url":"https:\/\/i0.wp.com\/mundosemfim.com\/wp-content\/uploads\/2017\/03\/DSC_0168.jpg?fit=1000%2C667&ssl=1","contentUrl":"https:\/\/i0.wp.com\/mundosemfim.com\/wp-content\/uploads\/2017\/03\/DSC_0168.jpg?fit=1000%2C667&ssl=1","width":1000,"height":667,"caption":"Crian\u00e7as brincando em uma canoa em San Blas"},{"@type":"BreadcrumbList","@id":"https:\/\/mundosemfim.com\/?p=5533#breadcrumb","itemListElement":[{"@type":"ListItem","position":1,"name":"In\u00edcio","item":"https:\/\/mundosemfim.com\/"},{"@type":"ListItem","position":2,"name":"Da Col\u00f4mbia ao Panam\u00e1 em barco, passando por San Blas"}]},{"@type":"WebSite","@id":"https:\/\/mundosemfim.com\/#website","url":"https:\/\/mundosemfim.com\/","name":"Mundo Sem Fim","description":"uma viagem de volta ao mundo pelos 5 continentes!","potentialAction":[{"@type":"SearchAction","target":{"@type":"EntryPoint","urlTemplate":"https:\/\/mundosemfim.com\/?s={search_term_string}"},"query-input":{"@type":"PropertyValueSpecification","valueRequired":true,"valueName":"search_term_string"}}],"inLanguage":"pt-BR"},{"@type":"Person","@id":"https:\/\/mundosemfim.com\/#\/schema\/person\/b021d50f3a19bae432e9b69ffbfa9257","name":"Renan","image":{"@type":"ImageObject","inLanguage":"pt-BR","@id":"https:\/\/secure.gravatar.com\/avatar\/faafca769a603ac75196d21826f3bda645d7e2d6306bb6e236d8cdb38eb44e38?s=96&d=mm&r=g","url":"https:\/\/secure.gravatar.com\/avatar\/faafca769a603ac75196d21826f3bda645d7e2d6306bb6e236d8cdb38eb44e38?s=96&d=mm&r=g","contentUrl":"https:\/\/secure.gravatar.com\/avatar\/faafca769a603ac75196d21826f3bda645d7e2d6306bb6e236d8cdb38eb44e38?s=96&d=mm&r=g","caption":"Renan"}}]}},"jetpack_publicize_connections":[],"jetpack_featured_media_url":"https:\/\/i0.wp.com\/mundosemfim.com\/wp-content\/uploads\/2017\/03\/DSC_0168.jpg?fit=1000%2C667&ssl=1","jetpack_sharing_enabled":true,"jetpack_shortlink":"https:\/\/wp.me\/p7CQyF-1rf","jetpack-related-posts":[{"id":5505,"url":"https:\/\/mundosemfim.com\/?p=5505","url_meta":{"origin":5533,"position":0},"title":"Cruzando a fronteira Col\u00f4mbia \u2013 Panam\u00e1 por Puerto Obald\u00eda","author":"Renan","date":"mar\u00e7o 20, 2017","format":false,"excerpt":"Depois de muito pensar em como cruzar da Am\u00e9rica do Sul \u00e0 Am\u00e9rica Central, chegamos \u00e0 conclus\u00e3o que o melhor era fazer por terra e barco. E esta foi uma das melhores experi\u00eancias da nossa viagem! Aqui contamos como foi cruzar esta fronteira pouco conhecida. Refer\u00eancia (mar\u00e7o\/2017) 1 real =\u2026","rel":"","context":"Em &quot;Am\u00e9rica Central&quot;","block_context":{"text":"Am\u00e9rica Central","link":"https:\/\/mundosemfim.com\/?cat=382"},"img":{"alt_text":"Puerto Obald\u00eda","src":"https:\/\/i0.wp.com\/mundosemfim.com\/wp-content\/uploads\/2017\/03\/P3130133.jpg?fit=1000%2C667&ssl=1&resize=350%2C200","width":350,"height":200,"srcset":"https:\/\/i0.wp.com\/mundosemfim.com\/wp-content\/uploads\/2017\/03\/P3130133.jpg?fit=1000%2C667&ssl=1&resize=350%2C200 1x, https:\/\/i0.wp.com\/mundosemfim.com\/wp-content\/uploads\/2017\/03\/P3130133.jpg?fit=1000%2C667&ssl=1&resize=525%2C300 1.5x, https:\/\/i0.wp.com\/mundosemfim.com\/wp-content\/uploads\/2017\/03\/P3130133.jpg?fit=1000%2C667&ssl=1&resize=700%2C400 2x"},"classes":[]},{"id":5547,"url":"https:\/\/mundosemfim.com\/?p=5547","url_meta":{"origin":5533,"position":1},"title":"Dicas de San Blas &#8211; Conhe\u00e7a o paradis\u00edaco caribe panamenho por conta pr\u00f3pria!","author":"Renan","date":"mar\u00e7o 25, 2017","format":false,"excerpt":"San Blas guarda algumas das praias mais paradis\u00edacas do caribe, e \u00e9 provavelmente o principal destino daqueles que visitam o Panam\u00e1. Os passeios para l\u00e1 costumam ser caros, mas aqui ensinamos a faz\u00ea-los por conta pr\u00f3pria sem gastar tanto! C\u00e2mbio oficial (mar\u00e7o\/2017) 1 d\u00f3lar = 3,10 reais San Blas San\u2026","rel":"","context":"Em &quot;Am\u00e9rica Central&quot;","block_context":{"text":"Am\u00e9rica Central","link":"https:\/\/mundosemfim.com\/?cat=382"},"img":{"alt_text":"Ilha Perro, San Blas","src":"https:\/\/i0.wp.com\/mundosemfim.com\/wp-content\/uploads\/2017\/03\/DSC_0265.jpg?fit=1000%2C667&ssl=1&resize=350%2C200","width":350,"height":200,"srcset":"https:\/\/i0.wp.com\/mundosemfim.com\/wp-content\/uploads\/2017\/03\/DSC_0265.jpg?fit=1000%2C667&ssl=1&resize=350%2C200 1x, https:\/\/i0.wp.com\/mundosemfim.com\/wp-content\/uploads\/2017\/03\/DSC_0265.jpg?fit=1000%2C667&ssl=1&resize=525%2C300 1.5x, https:\/\/i0.wp.com\/mundosemfim.com\/wp-content\/uploads\/2017\/03\/DSC_0265.jpg?fit=1000%2C667&ssl=1&resize=700%2C400 2x"},"classes":[]},{"id":7264,"url":"https:\/\/mundosemfim.com\/?p=7264","url_meta":{"origin":5533,"position":2},"title":"As 13 melhores praias da Am\u00e9rica Latina que j\u00e1 visitamos","author":"Renan","date":"dezembro 20, 2017","format":false,"excerpt":"Aqui est\u00e1 outra lista da Am\u00e9rica Latina: as 13 praias mais bonitas e mais interessantes que j\u00e1 visitamos! Estas s\u00e3o as 13 praias mais bonitas que j\u00e1 visitamos em nossos dois anos de estrada, e tamb\u00e9m as que tivemos oportunidade de ir em f\u00e9rias anteriores. Quer\u00edamos resumir a lista a\u2026","rel":"","context":"Em &quot;Am\u00e9rica Central&quot;","block_context":{"text":"Am\u00e9rica Central","link":"https:\/\/mundosemfim.com\/?cat=382"},"img":{"alt_text":"Caminho entre West End e West Bay, Roat\u00e1n","src":"https:\/\/i0.wp.com\/mundosemfim.com\/wp-content\/uploads\/2017\/05\/DSC_0014-1.jpg?fit=1000%2C667&ssl=1&resize=350%2C200","width":350,"height":200,"srcset":"https:\/\/i0.wp.com\/mundosemfim.com\/wp-content\/uploads\/2017\/05\/DSC_0014-1.jpg?fit=1000%2C667&ssl=1&resize=350%2C200 1x, https:\/\/i0.wp.com\/mundosemfim.com\/wp-content\/uploads\/2017\/05\/DSC_0014-1.jpg?fit=1000%2C667&ssl=1&resize=525%2C300 1.5x, https:\/\/i0.wp.com\/mundosemfim.com\/wp-content\/uploads\/2017\/05\/DSC_0014-1.jpg?fit=1000%2C667&ssl=1&resize=700%2C400 2x"},"classes":[]},{"id":5486,"url":"https:\/\/mundosemfim.com\/?p=5486","url_meta":{"origin":5533,"position":3},"title":"Como chegar a Capurgan\u00e1 \u2013 um para\u00edso secreto no caribe colombiano","author":"Renan","date":"mar\u00e7o 20, 2017","format":false,"excerpt":"Capurgan\u00e1 \u2013 uma praia paradis\u00edaca no caribe colombiano e porta de sa\u00edda para quem quer cruzar ao Panam\u00e1 sem pegar avi\u00e3o ou veleiros. Sem acesso por estradas, chegar at\u00e9 aqui \u00e9 uma aventura! C\u00e2mbio oficial (mar\u00e7o\/2017) 1 real = 945 pesos colombianos 1 d\u00f3lar = 2900 pesos colombianos Localizado na\u2026","rel":"","context":"Em &quot;am\u00e9rica latina&quot;","block_context":{"text":"am\u00e9rica latina","link":"https:\/\/mundosemfim.com\/?cat=7"},"img":{"alt_text":"","src":"https:\/\/i0.wp.com\/mundosemfim.com\/wp-content\/uploads\/2017\/03\/P3080044.jpg?fit=1000%2C667&ssl=1&resize=350%2C200","width":350,"height":200,"srcset":"https:\/\/i0.wp.com\/mundosemfim.com\/wp-content\/uploads\/2017\/03\/P3080044.jpg?fit=1000%2C667&ssl=1&resize=350%2C200 1x, https:\/\/i0.wp.com\/mundosemfim.com\/wp-content\/uploads\/2017\/03\/P3080044.jpg?fit=1000%2C667&ssl=1&resize=525%2C300 1.5x, https:\/\/i0.wp.com\/mundosemfim.com\/wp-content\/uploads\/2017\/03\/P3080044.jpg?fit=1000%2C667&ssl=1&resize=700%2C400 2x"},"classes":[]},{"id":9439,"url":"https:\/\/mundosemfim.com\/?p=9439","url_meta":{"origin":5533,"position":4},"title":"As 15 praias mais incr\u00edveis que j\u00e1 visitamos","author":"Renan","date":"maio 21, 2019","format":false,"excerpt":"Quer curtir uma praia nas pr\u00f3ximas f\u00e9rias? Aqui est\u00e3o as mais encantadoras que j\u00e1 visitamos durante nossa viagem pelo mundo! A lista n\u00e3o segue nenhuma ordem. Mencionamos aquelas que mais nos encantaram, seja pela beleza, pela hist\u00f3ria ou pela cultura do lugar. 1. Coron, Filipinas V\u00e1rias vezes escutamos que a\u2026","rel":"","context":"Em &quot;Col\u00f4mbia&quot;","block_context":{"text":"Col\u00f4mbia","link":"https:\/\/mundosemfim.com\/?cat=313"},"img":{"alt_text":"Praia CYC, Coron, Palawan, Filipinas","src":"https:\/\/i0.wp.com\/mundosemfim.com\/wp-content\/uploads\/2017\/12\/DSC_0089.jpg?fit=800%2C533&ssl=1&resize=350%2C200","width":350,"height":200,"srcset":"https:\/\/i0.wp.com\/mundosemfim.com\/wp-content\/uploads\/2017\/12\/DSC_0089.jpg?fit=800%2C533&ssl=1&resize=350%2C200 1x, https:\/\/i0.wp.com\/mundosemfim.com\/wp-content\/uploads\/2017\/12\/DSC_0089.jpg?fit=800%2C533&ssl=1&resize=525%2C300 1.5x, https:\/\/i0.wp.com\/mundosemfim.com\/wp-content\/uploads\/2017\/12\/DSC_0089.jpg?fit=800%2C533&ssl=1&resize=700%2C400 2x"},"classes":[]},{"id":7168,"url":"https:\/\/mundosemfim.com\/?p=7168","url_meta":{"origin":5533,"position":5},"title":"17 experi\u00eancias incr\u00edveis na Am\u00e9rica Latina","author":"Renan","date":"novembro 27, 2017","format":false,"excerpt":"Depois de mais de 2 anos viajando por nosso continente, escrevemos uma lista com as 17 melhores experi\u00eancias que vivemos por aqui! J\u00e1 estamos perto de dar adeus \u00e0 nossa querida Am\u00e9rica Latina. Foram incont\u00e1veis experi\u00eancias espetaculares que vivemos, tanto nesta quanto em viagens anteriores, e criar uma lista com\u2026","rel":"","context":"Em &quot;Am\u00e9rica Central&quot;","block_context":{"text":"Am\u00e9rica Central","link":"https:\/\/mundosemfim.com\/?cat=382"},"img":{"alt_text":"","src":"https:\/\/i0.wp.com\/mundosemfim.com\/wp-content\/uploads\/2016\/05\/dsc_0001.jpg?fit=1080%2C720&ssl=1&resize=350%2C200","width":350,"height":200,"srcset":"https:\/\/i0.wp.com\/mundosemfim.com\/wp-content\/uploads\/2016\/05\/dsc_0001.jpg?fit=1080%2C720&ssl=1&resize=350%2C200 1x, https:\/\/i0.wp.com\/mundosemfim.com\/wp-content\/uploads\/2016\/05\/dsc_0001.jpg?fit=1080%2C720&ssl=1&resize=525%2C300 1.5x, https:\/\/i0.wp.com\/mundosemfim.com\/wp-content\/uploads\/2016\/05\/dsc_0001.jpg?fit=1080%2C720&ssl=1&resize=700%2C400 2x, https:\/\/i0.wp.com\/mundosemfim.com\/wp-content\/uploads\/2016\/05\/dsc_0001.jpg?fit=1080%2C720&ssl=1&resize=1050%2C600 3x"},"classes":[]}],"_links":{"self":[{"href":"https:\/\/mundosemfim.com\/index.php?rest_route=\/wp\/v2\/posts\/5533","targetHints":{"allow":["GET"]}}],"collection":[{"href":"https:\/\/mundosemfim.com\/index.php?rest_route=\/wp\/v2\/posts"}],"about":[{"href":"https:\/\/mundosemfim.com\/index.php?rest_route=\/wp\/v2\/types\/post"}],"author":[{"embeddable":true,"href":"https:\/\/mundosemfim.com\/index.php?rest_route=\/wp\/v2\/users\/1"}],"replies":[{"embeddable":true,"href":"https:\/\/mundosemfim.com\/index.php?rest_route=%2Fwp%2Fv2%2Fcomments&post=5533"}],"version-history":[{"count":4,"href":"https:\/\/mundosemfim.com\/index.php?rest_route=\/wp\/v2\/posts\/5533\/revisions"}],"predecessor-version":[{"id":5563,"href":"https:\/\/mundosemfim.com\/index.php?rest_route=\/wp\/v2\/posts\/5533\/revisions\/5563"}],"wp:featuredmedia":[{"embeddable":true,"href":"https:\/\/mundosemfim.com\/index.php?rest_route=\/wp\/v2\/media\/5542"}],"wp:attachment":[{"href":"https:\/\/mundosemfim.com\/index.php?rest_route=%2Fwp%2Fv2%2Fmedia&parent=5533"}],"wp:term":[{"taxonomy":"category","embeddable":true,"href":"https:\/\/mundosemfim.com\/index.php?rest_route=%2Fwp%2Fv2%2Fcategories&post=5533"},{"taxonomy":"post_tag","embeddable":true,"href":"https:\/\/mundosemfim.com\/index.php?rest_route=%2Fwp%2Fv2%2Ftags&post=5533"}],"curies":[{"name":"wp","href":"https:\/\/api.w.org\/{rel}","templated":true}]}}