{"id":5516,"date":"2017-03-21T15:23:33","date_gmt":"2017-03-21T18:23:33","guid":{"rendered":"https:\/\/mundosemfim.com\/?p=5516"},"modified":"2018-07-30T04:49:08","modified_gmt":"2018-07-30T07:49:08","slug":"mochilao-pela-colombia-roteiro-gastos-dicas-fotos-etc","status":"publish","type":"post","link":"https:\/\/mundosemfim.com\/?p=5516","title":{"rendered":"Mochil\u00e3o pela Col\u00f4mbia \u2013 roteiro, gastos, dicas, fotos, etc"},"content":{"rendered":"<p>Considerado um dos pa\u00edses mais felizes do mundo, as portas da Col\u00f4mbia foram abertas ao turismo\u00a0h\u00e1 relativamente pouco tempo. Venha conhecer e se surpreender com as incont\u00e1veis belezas deste pa\u00eds!<\/p>\n<p><!--more--><\/p>\n<p><b>C\u00e2mbio oficial (mar\u00e7o\/2017)<br \/>\n<\/b>1 real = 945 pesos colombianos<br \/>\n1 d\u00f3lar = 2900 pesos colombianos<\/p>\n<figure id=\"attachment_5469\" aria-describedby=\"caption-attachment-5469\" style=\"width: 1000px\" class=\"wp-caption aligncenter\"><img data-recalc-dims=\"1\" loading=\"lazy\" decoding=\"async\" data-attachment-id=\"5469\" data-permalink=\"https:\/\/mundosemfim.com\/?attachment_id=5469\" data-orig-file=\"https:\/\/i0.wp.com\/mundosemfim.com\/wp-content\/uploads\/2017\/02\/DSC_0042.jpg?fit=1000%2C667&amp;ssl=1\" data-orig-size=\"1000,667\" data-comments-opened=\"1\" data-image-meta=\"{&quot;aperture&quot;:&quot;0&quot;,&quot;credit&quot;:&quot;&quot;,&quot;camera&quot;:&quot;&quot;,&quot;caption&quot;:&quot;&quot;,&quot;created_timestamp&quot;:&quot;0&quot;,&quot;copyright&quot;:&quot;&quot;,&quot;focal_length&quot;:&quot;0&quot;,&quot;iso&quot;:&quot;0&quot;,&quot;shutter_speed&quot;:&quot;0&quot;,&quot;title&quot;:&quot;&quot;,&quot;orientation&quot;:&quot;0&quot;}\" data-image-title=\"Carnaval em Barranquilla\" data-image-description=\"&lt;p&gt;Carnaval em Barranquilla&lt;\/p&gt;\n\" data-image-caption=\"&lt;p&gt;Passista fazendo pose para a foto&lt;\/p&gt;\n\" data-large-file=\"https:\/\/i0.wp.com\/mundosemfim.com\/wp-content\/uploads\/2017\/02\/DSC_0042.jpg?fit=764%2C510&amp;ssl=1\" class=\"size-full wp-image-5469\" src=\"https:\/\/i0.wp.com\/mundosemfim.com\/wp-content\/uploads\/2017\/02\/DSC_0042.jpg?resize=764%2C510&#038;ssl=1\" alt=\"Carnaval em Barranquilla\" width=\"764\" height=\"510\" srcset=\"https:\/\/i0.wp.com\/mundosemfim.com\/wp-content\/uploads\/2017\/02\/DSC_0042.jpg?w=1000&amp;ssl=1 1000w, https:\/\/i0.wp.com\/mundosemfim.com\/wp-content\/uploads\/2017\/02\/DSC_0042.jpg?resize=300%2C200&amp;ssl=1 300w, https:\/\/i0.wp.com\/mundosemfim.com\/wp-content\/uploads\/2017\/02\/DSC_0042.jpg?resize=768%2C512&amp;ssl=1 768w\" sizes=\"auto, (max-width: 764px) 100vw, 764px\" \/><figcaption id=\"caption-attachment-5469\" class=\"wp-caption-text\">Carnaval na Col\u00f4mbia<\/figcaption><\/figure>\n<h3><b>Col\u00f4mbia<\/b><\/h3>\n<p>De todos os pa\u00edses que visitamos na <a href=\"https:\/\/mundosemfim.com\/mochilao-pela-america-do-sul-fotos-gastos-e-dicas-de-530-dias-pelo-nosso-continente\/\">Am\u00e9rica do Sul<\/a>, a Col\u00f4mbia \u00e9 o mais parecido com o Brasil: seu povo alegre e festeiro, suas florestas exuberantes, suas praias de \u00e1gua cristalina e suas belas cidades colonias (al\u00e9m do excelente caf\u00e9) v\u00e3o te fazer se sentir em casa o tempo todo.<\/p>\n<p>Por conta do passado turbulento recente, as portas da Col\u00f4mbia foram completamente abertas ao turismo somente recentemente. E n\u00e3o demorou para o pa\u00eds cair na gra\u00e7a dos estrangeiros: hoje, em praticamente todos os cantos \u00e9 poss\u00edvel ver viajantes dos mais diversos perfis, desde mochileiros mais apertados at\u00e9 turistas bem endinheirados. E n\u00e3o \u00e9 pra menos: com tantas belezas naturais, culturais e arquitet\u00f4nicas, este \u00e9 um dos pa\u00edses que gostar\u00edamos de morar.<\/p>\n<figure id=\"attachment_4538\" aria-describedby=\"caption-attachment-4538\" style=\"width: 1024px\" class=\"wp-caption aligncenter\"><img data-recalc-dims=\"1\" loading=\"lazy\" decoding=\"async\" data-attachment-id=\"4538\" data-permalink=\"https:\/\/mundosemfim.com\/?attachment_id=4538\" data-orig-file=\"https:\/\/i0.wp.com\/mundosemfim.com\/wp-content\/uploads\/2016\/10\/DSC_0009-2-Copy.jpg?fit=1024%2C683&amp;ssl=1\" data-orig-size=\"1024,683\" data-comments-opened=\"1\" data-image-meta=\"{&quot;aperture&quot;:&quot;9&quot;,&quot;credit&quot;:&quot;&quot;,&quot;camera&quot;:&quot;NIKON D5200&quot;,&quot;caption&quot;:&quot;&quot;,&quot;created_timestamp&quot;:&quot;1476798271&quot;,&quot;copyright&quot;:&quot;&quot;,&quot;focal_length&quot;:&quot;22&quot;,&quot;iso&quot;:&quot;100&quot;,&quot;shutter_speed&quot;:&quot;0.016666666666667&quot;,&quot;title&quot;:&quot;&quot;,&quot;orientation&quot;:&quot;1&quot;}\" data-image-title=\"Medell\u00edn\" data-image-description=\"\" data-image-caption=\"&lt;p&gt;Obra do c\u00e9lebre artista paisa Fernando Botero&lt;\/p&gt;\n\" data-large-file=\"https:\/\/i0.wp.com\/mundosemfim.com\/wp-content\/uploads\/2016\/10\/DSC_0009-2-Copy.jpg?fit=764%2C510&amp;ssl=1\" class=\"size-full wp-image-4538\" src=\"https:\/\/i0.wp.com\/mundosemfim.com\/wp-content\/uploads\/2016\/10\/DSC_0009-2-Copy.jpg?resize=764%2C510&#038;ssl=1\" alt=\"\" width=\"764\" height=\"510\" srcset=\"https:\/\/i0.wp.com\/mundosemfim.com\/wp-content\/uploads\/2016\/10\/DSC_0009-2-Copy.jpg?w=1024&amp;ssl=1 1024w, https:\/\/i0.wp.com\/mundosemfim.com\/wp-content\/uploads\/2016\/10\/DSC_0009-2-Copy.jpg?resize=300%2C200&amp;ssl=1 300w, https:\/\/i0.wp.com\/mundosemfim.com\/wp-content\/uploads\/2016\/10\/DSC_0009-2-Copy.jpg?resize=768%2C512&amp;ssl=1 768w\" sizes=\"auto, (max-width: 764px) 100vw, 764px\" \/><figcaption id=\"caption-attachment-4538\" class=\"wp-caption-text\">Obra do c\u00e9lebre artista paisa Fernando Botero, em Medell\u00edn, a cidade mais inovadora do mundo<\/figcaption><\/figure>\n<h3><b>Guerrilhas, nacrotr\u00e1fico, paramilitares: entenda a situa\u00e7\u00e3o atual do pa\u00eds<\/b><\/h3>\n<p>Por muito tempo, viajar por diversas regi\u00f5es da Col\u00f4mbia era imposs\u00edvel, devido aos altos \u00edndices de viol\u00eancia nas estradas. Colombianos que quisessem ir passar as f\u00e9rias na praia de carro precisavam esperar os comboios formados pelo ex\u00e9rcito. Nos tempos de <a href=\"https:\/\/mundosemfim.com\/passeando-em-medellin-seguindo-os-passos-de-pablo-escobar\/\">Pablo Escobar<\/a>, a cidade de <a href=\"https:\/\/mundosemfim.com\/tudo-sobre-medellin-a-cidade-mais-inovadora-do-mundo\/\">Medell\u00edn<\/a> foi considerada a mais perigosa do mundo, e turistas eram proibidos de visit\u00e1-la.<\/p>\n<p>Felizmente, tudo isso est\u00e1 enterrado no passado. Hoje \u00e9 poss\u00edvel percorrer praticamente o pa\u00eds inteiro de \u00f4nibus e, tomando os devidos cuidados, voc\u00ea se sentir\u00e1 muito mais seguro na Col\u00f4mbia do que no Brasil. N\u00f3s mesmos custamos a acreditar nos diversos depoimentos que escutamos, contando como era o pa\u00eds h\u00e1 poucas d\u00e9cadas atr\u00e1s.<\/p>\n<p>As guerrilhas, como FARC e ELN, que j\u00e1 aterrorizaram muitos turistas com sequestros, hoje apenas dominam \u00e1reas bem isoladas, e j\u00e1 est\u00e3o com os dias contados. Em 2016, acordos de paz entre as FARC e o governo desarmaram diversos guerrilheiros e renderam ao presidente Santos o Pr\u00eamio Nobel da Paz. Isso deve colocar fim a uma guerra que j\u00e1 durava mais de 50 anos.<\/p>\n<p>Como em todo lugar, traficantes de drogas ainda existem, mas com poderes bem mais limitados que nomes como <a href=\"https:\/\/mundosemfim.com\/passeando-em-medellin-seguindo-os-passos-de-pablo-escobar\/\">Pablo Escobar<\/a>, por exemplo.<\/p>\n<p>Enfim, se quiser se aventurar pela Col\u00f4mbia, pode ir sem medo. Tome os cuidados b\u00e1sicos que se deve tomar em qualquer outro pa\u00eds que tudo sair\u00e1 excelente!<\/p>\n<figure id=\"attachment_4435\" aria-describedby=\"caption-attachment-4435\" style=\"width: 1024px\" class=\"wp-caption aligncenter\"><img data-recalc-dims=\"1\" loading=\"lazy\" decoding=\"async\" data-attachment-id=\"4435\" data-permalink=\"https:\/\/mundosemfim.com\/?attachment_id=4435\" data-orig-file=\"https:\/\/i0.wp.com\/mundosemfim.com\/wp-content\/uploads\/2016\/10\/DSC_0007-Copy.jpg?fit=1024%2C683&amp;ssl=1\" data-orig-size=\"1024,683\" data-comments-opened=\"1\" data-image-meta=\"{&quot;aperture&quot;:&quot;0&quot;,&quot;credit&quot;:&quot;&quot;,&quot;camera&quot;:&quot;&quot;,&quot;caption&quot;:&quot;&quot;,&quot;created_timestamp&quot;:&quot;0&quot;,&quot;copyright&quot;:&quot;&quot;,&quot;focal_length&quot;:&quot;0&quot;,&quot;iso&quot;:&quot;0&quot;,&quot;shutter_speed&quot;:&quot;0&quot;,&quot;title&quot;:&quot;&quot;,&quot;orientation&quot;:&quot;0&quot;}\" data-image-title=\"Cemit\u00e9rio Pablo Escobar\" data-image-description=\"\" data-image-caption=\"&lt;p&gt;Mucuvinha na l\u00e1pide de Pablo Escobar&lt;\/p&gt;\n\" data-large-file=\"https:\/\/i0.wp.com\/mundosemfim.com\/wp-content\/uploads\/2016\/10\/DSC_0007-Copy.jpg?fit=764%2C510&amp;ssl=1\" class=\"size-full wp-image-4435\" src=\"https:\/\/i0.wp.com\/mundosemfim.com\/wp-content\/uploads\/2016\/10\/DSC_0007-Copy.jpg?resize=764%2C510&#038;ssl=1\" alt=\"\" width=\"764\" height=\"510\" srcset=\"https:\/\/i0.wp.com\/mundosemfim.com\/wp-content\/uploads\/2016\/10\/DSC_0007-Copy.jpg?w=1024&amp;ssl=1 1024w, https:\/\/i0.wp.com\/mundosemfim.com\/wp-content\/uploads\/2016\/10\/DSC_0007-Copy.jpg?resize=300%2C200&amp;ssl=1 300w, https:\/\/i0.wp.com\/mundosemfim.com\/wp-content\/uploads\/2016\/10\/DSC_0007-Copy.jpg?resize=768%2C512&amp;ssl=1 768w\" sizes=\"auto, (max-width: 764px) 100vw, 764px\" \/><figcaption id=\"caption-attachment-4435\" class=\"wp-caption-text\">Mucuvinha na l\u00e1pide de Pablo Escobar, em Medell\u00edn<\/figcaption><\/figure>\n<h3><b>Lugares e experi\u00eancias que passamos<\/b><\/h3>\n<ul>\n<li>Visitamos <a href=\"https:\/\/mundosemfim.com\/conheca-o-santuario-de-las-lajas-uma-das-mais-belas-igrejas-do-continente\/\">Las Lajas<\/a>, a igreja que parece ter sa\u00eddo de um conto de fadas;<\/li>\n<li>Percorremos as ruas de <a href=\"https:\/\/mundosemfim.com\/conhecendo-popayan-uma-bela-cidade-colonial-na-colombia\/\">Popay\u00e1n, a Cidade Branca<\/a>;<\/li>\n<li>Exploramos os s\u00edtios arqueol\u00f3gicos de <a href=\"https:\/\/mundosemfim.com\/visitando-tierradentro-na-colombia-um-patrimonio-da-unesco-pouco-conhecido\/\">Tierradentro<\/a>, um dos mais belos do pa\u00eds;<\/li>\n<li>Vimos as incr\u00edveis forma\u00e7\u00f5es naturais do <a href=\"https:\/\/mundosemfim.com\/deserto-de-tatacoa-colombia-como-chegar-o-que-fazer-precos-e-muito-mais\/\">Deserto de Tatacoa<\/a>;<\/li>\n<li>Conhecemos <a href=\"https:\/\/mundosemfim.com\/conhecendo-salento-a-bela-cidade-colonial-do-eje-cafetero\/\">Salento<\/a> e o <a href=\"https:\/\/mundosemfim.com\/conhecendo-o-valle-de-cocora-no-eje-cafetero-colombiano\/\">Vale de Cocora<\/a>, no imperd\u00edvel Eje Cafetero;<\/li>\n<li>Dan\u00e7amos at\u00e9 os p\u00e9s doerem em <a href=\"https:\/\/mundosemfim.com\/o-que-fazer-em-cali-a-capital-mundial-da-salsa\/\">Cali, a capital da salsa<\/a>;<\/li>\n<li>Nos encantamos em <a href=\"https:\/\/mundosemfim.com\/tudo-sobre-medellin-a-cidade-mais-inovadora-do-mundo\/\">Medell\u00edn, a cidade mais inovadora do mundo<\/a>;<\/li>\n<li>Seguimos os passos de <a href=\"https:\/\/mundosemfim.com\/passeando-em-medellin-seguindo-os-passos-de-pablo-escobar\/\">Pablo Escobar<\/a>, o traficante mais emblem\u00e1tico da hist\u00f3ria;<\/li>\n<li>Visitamos <a href=\"https:\/\/mundosemfim.com\/visitando-a-colorida-guatape-e-a-piedra-del-penol-colombia\/\">Guatap\u00e9<\/a>, a cidade mais colorida que j\u00e1 vimos;\n<p><figure id=\"attachment_4527\" aria-describedby=\"caption-attachment-4527\" style=\"width: 1024px\" class=\"wp-caption aligncenter\"><img data-recalc-dims=\"1\" loading=\"lazy\" decoding=\"async\" data-attachment-id=\"4527\" data-permalink=\"https:\/\/mundosemfim.com\/?attachment_id=4527\" data-orig-file=\"https:\/\/i0.wp.com\/mundosemfim.com\/wp-content\/uploads\/2016\/10\/DSC_0011-Copy.jpg?fit=1024%2C683&amp;ssl=1\" data-orig-size=\"1024,683\" data-comments-opened=\"1\" data-image-meta=\"{&quot;aperture&quot;:&quot;0&quot;,&quot;credit&quot;:&quot;&quot;,&quot;camera&quot;:&quot;&quot;,&quot;caption&quot;:&quot;&quot;,&quot;created_timestamp&quot;:&quot;0&quot;,&quot;copyright&quot;:&quot;&quot;,&quot;focal_length&quot;:&quot;0&quot;,&quot;iso&quot;:&quot;0&quot;,&quot;shutter_speed&quot;:&quot;0&quot;,&quot;title&quot;:&quot;&quot;,&quot;orientation&quot;:&quot;0&quot;}\" data-image-title=\"Pe\u00f1ol\" data-image-description=\"\" data-image-caption=\"&lt;p&gt;Escadaria de 740 degraus para chegar ao topo da Pedra do Pe\u00f1ol!&lt;\/p&gt;\n\" data-large-file=\"https:\/\/i0.wp.com\/mundosemfim.com\/wp-content\/uploads\/2016\/10\/DSC_0011-Copy.jpg?fit=764%2C510&amp;ssl=1\" class=\"size-full wp-image-4527\" src=\"https:\/\/i0.wp.com\/mundosemfim.com\/wp-content\/uploads\/2016\/10\/DSC_0011-Copy.jpg?resize=764%2C510&#038;ssl=1\" alt=\"\" width=\"764\" height=\"510\" srcset=\"https:\/\/i0.wp.com\/mundosemfim.com\/wp-content\/uploads\/2016\/10\/DSC_0011-Copy.jpg?w=1024&amp;ssl=1 1024w, https:\/\/i0.wp.com\/mundosemfim.com\/wp-content\/uploads\/2016\/10\/DSC_0011-Copy.jpg?resize=300%2C200&amp;ssl=1 300w, https:\/\/i0.wp.com\/mundosemfim.com\/wp-content\/uploads\/2016\/10\/DSC_0011-Copy.jpg?resize=768%2C512&amp;ssl=1 768w\" sizes=\"auto, (max-width: 764px) 100vw, 764px\" \/><figcaption id=\"caption-attachment-4527\" class=\"wp-caption-text\">Subida para a Piedra del Pe\u00f1ol, em Guatap\u00e9. Encara?<\/figcaption><\/figure><\/li>\n<li>Admiramos a mescla do moderno e do antigo em <a href=\"https:\/\/mundosemfim.com\/o-que-fazer-em-bogota-tudo-sobre-a-capital-colombiana\/\">Bogot\u00e1<\/a>;<\/li>\n<li>Vagamos pelas enormes galerias da <a href=\"https:\/\/mundosemfim.com\/conheca-a-catedral-de-sal-a-primeira-maravilha-da-colombia\/\">Catedral de Sal<\/a>, a igreja subterr\u00e2nea;<\/li>\n<li>Vivemos uma festa em <a href=\"https:\/\/mundosemfim.com\/conhecendo-villa-de-leyva-uma-das-mais-belas-cidades-coloniais-da-colombia\/\">Villa de Leyva<\/a>, uma das mais belas cidades coloniais do pa\u00eds;<\/li>\n<li>Descobrimos <a href=\"https:\/\/mundosemfim.com\/conheca-guadalupe-um-paraiso-colombiano-pouco-explorado-pelo-turismo\/\">Guadalupe<\/a>, uma joia pouco conhecida pelos turistas;<\/li>\n<li>Nos perdemos nos labirintos de <a href=\"https:\/\/mundosemfim.com\/visitando-as-enormes-pedras-de-los-estoraques-colombia\/\">Los Estoraques<\/a>;<\/li>\n<li>Fomos at\u00e9 <a href=\"https:\/\/mundosemfim.com\/visitando-cabo-de-la-vela-a-bela-e-remota-praia-de-la-guajira-na-colombia\/\">Cabo de la Vela<\/a>, onde a cultura ind\u00edgena est\u00e1 praticamente intocada;<\/li>\n<li>Descemos um rio de boia na <i>hippie<\/i> <a href=\"https:\/\/mundosemfim.com\/visitando-palomino-a-bela-praia-hippie-no-caribe-colombiano\/\">Palomino<\/a>;<\/li>\n<li>Exploramos a beleza cultural e natural de <a href=\"https:\/\/mundosemfim.com\/conhecendo-santa-marta-na-colombia-uma-alternativa-a-cartagena\/\">Santa Marta<\/a> e <a href=\"https:\/\/mundosemfim.com\/conheca-taganga-a-bela-praia-de-santa-marta-colombia\/\">Taganga<\/a>;<\/li>\n<li>Pulamos no vibrande <a href=\"https:\/\/mundosemfim.com\/carnaval-de-barranquilla-conheca-maior-festa-da-colombia\/\">carnaval de Barranquilla<\/a>;<\/li>\n<li>Voltamos no tempo entre as muralhas da bel\u00edssima <a href=\"https:\/\/mundosemfim.com\/guia-completo-sobre-cartagena-o-que-fazer-onde-se-hospedar-como-economizar-etc\/\">Cartagena<\/a>;<\/li>\n<li>Acampamos de frente ao mar do caribe na <a href=\"https:\/\/mundosemfim.com\/visitando-e-acampando-na-playa-blanca-ilha-baru-da-forma-mais-economica-possivel\/\">Playa Blanca<\/a>;<\/li>\n<li>Mergulhamos na cratera de um vulc\u00e3o em <a href=\"https:\/\/mundosemfim.com\/banho-de-lama-no-vulcao-el-totumo-um-passeio-diferente-em-cartagena\/\">El Totumo<\/a> e <a href=\"https:\/\/mundosemfim.com\/conheca-arboletes-e-mergulhe-num-vulcao-de-lama-colombia\/\">Arboletes<\/a>;<\/li>\n<li>Descobrimos em <a href=\"https:\/\/mundosemfim.com\/conheca-capurgana-uma-das-praias-mais-paradisiacas-da-colombia\/\">Capurgan\u00e1<\/a> que o para\u00edso existe.<\/li>\n<\/ul>\n<figure id=\"attachment_5495\" aria-describedby=\"caption-attachment-5495\" style=\"width: 1000px\" class=\"wp-caption aligncenter\"><img data-recalc-dims=\"1\" loading=\"lazy\" decoding=\"async\" data-attachment-id=\"5495\" data-permalink=\"https:\/\/mundosemfim.com\/?attachment_id=5495\" data-orig-file=\"https:\/\/i0.wp.com\/mundosemfim.com\/wp-content\/uploads\/2017\/03\/DSC_0039.jpg?fit=1000%2C667&amp;ssl=1\" data-orig-size=\"1000,667\" data-comments-opened=\"1\" data-image-meta=\"{&quot;aperture&quot;:&quot;0&quot;,&quot;credit&quot;:&quot;&quot;,&quot;camera&quot;:&quot;&quot;,&quot;caption&quot;:&quot;&quot;,&quot;created_timestamp&quot;:&quot;1490002244&quot;,&quot;copyright&quot;:&quot;&quot;,&quot;focal_length&quot;:&quot;0&quot;,&quot;iso&quot;:&quot;0&quot;,&quot;shutter_speed&quot;:&quot;0&quot;,&quot;title&quot;:&quot;&quot;,&quot;orientation&quot;:&quot;1&quot;}\" data-image-title=\"Capurgan\u00e1\" data-image-description=\"&lt;p&gt;Paradis\u00edaca praia de Capurgan\u00e1&lt;\/p&gt;\n\" data-image-caption=\"&lt;p&gt;Paradis\u00edaca praia de Capurgan\u00e1&lt;\/p&gt;\n\" data-large-file=\"https:\/\/i0.wp.com\/mundosemfim.com\/wp-content\/uploads\/2017\/03\/DSC_0039.jpg?fit=764%2C510&amp;ssl=1\" class=\"size-full wp-image-5495\" src=\"https:\/\/i0.wp.com\/mundosemfim.com\/wp-content\/uploads\/2017\/03\/DSC_0039.jpg?resize=764%2C510&#038;ssl=1\" alt=\"Paradis\u00edaca praia de Capurgan\u00e1Paradis\u00edaca praia de Capurgan\u00e1\" width=\"764\" height=\"510\" srcset=\"https:\/\/i0.wp.com\/mundosemfim.com\/wp-content\/uploads\/2017\/03\/DSC_0039.jpg?w=1000&amp;ssl=1 1000w, https:\/\/i0.wp.com\/mundosemfim.com\/wp-content\/uploads\/2017\/03\/DSC_0039.jpg?resize=300%2C200&amp;ssl=1 300w, https:\/\/i0.wp.com\/mundosemfim.com\/wp-content\/uploads\/2017\/03\/DSC_0039.jpg?resize=768%2C512&amp;ssl=1 768w\" sizes=\"auto, (max-width: 764px) 100vw, 764px\" \/><figcaption id=\"caption-attachment-5495\" class=\"wp-caption-text\">Paradis\u00edaca praia de Capurgan\u00e1<\/figcaption><\/figure>\n<h3>Roteiro<\/h3>\n<p>Aqui est\u00e1 nosso roteiro pelo pa\u00eds:<\/p>\n<figure id=\"attachment_5520\" aria-describedby=\"caption-attachment-5520\" style=\"width: 367px\" class=\"wp-caption aligncenter\"><img data-recalc-dims=\"1\" loading=\"lazy\" decoding=\"async\" data-attachment-id=\"5520\" data-permalink=\"https:\/\/mundosemfim.com\/?attachment_id=5520\" data-orig-file=\"https:\/\/i0.wp.com\/mundosemfim.com\/wp-content\/uploads\/2017\/03\/mapa.jpg?fit=367%2C387&amp;ssl=1\" data-orig-size=\"367,387\" data-comments-opened=\"1\" data-image-meta=\"{&quot;aperture&quot;:&quot;0&quot;,&quot;credit&quot;:&quot;&quot;,&quot;camera&quot;:&quot;&quot;,&quot;caption&quot;:&quot;&quot;,&quot;created_timestamp&quot;:&quot;0&quot;,&quot;copyright&quot;:&quot;&quot;,&quot;focal_length&quot;:&quot;0&quot;,&quot;iso&quot;:&quot;0&quot;,&quot;shutter_speed&quot;:&quot;0&quot;,&quot;title&quot;:&quot;&quot;,&quot;orientation&quot;:&quot;0&quot;}\" data-image-title=\"Col\u00f4mbia\" data-image-description=\"&lt;p&gt;Mochil\u00e3o pela Col\u00f4mbia&lt;\/p&gt;\n\" data-image-caption=\"&lt;p&gt;Nosso recorrido pela Col\u00f4mbia&lt;\/p&gt;\n\" data-large-file=\"https:\/\/i0.wp.com\/mundosemfim.com\/wp-content\/uploads\/2017\/03\/mapa.jpg?fit=367%2C387&amp;ssl=1\" class=\"size-full wp-image-5520\" src=\"https:\/\/i0.wp.com\/mundosemfim.com\/wp-content\/uploads\/2017\/03\/mapa.jpg?resize=367%2C387&#038;ssl=1\" alt=\"Mochil\u00e3o pela Col\u00f4mbia\" width=\"367\" height=\"387\" srcset=\"https:\/\/i0.wp.com\/mundosemfim.com\/wp-content\/uploads\/2017\/03\/mapa.jpg?w=367&amp;ssl=1 367w, https:\/\/i0.wp.com\/mundosemfim.com\/wp-content\/uploads\/2017\/03\/mapa.jpg?resize=284%2C300&amp;ssl=1 284w\" sizes=\"auto, (max-width: 367px) 100vw, 367px\" \/><figcaption id=\"caption-attachment-5520\" class=\"wp-caption-text\">Nosso recorrido pela Col\u00f4mbia<\/figcaption><\/figure>\n<p>Escrevendo este post, at\u00e9 levamos um susto: passamos mais de 4 meses neste pa\u00eds, que passaram t\u00e3o r\u00e1pido que nem sentimos!<\/p>\n<p>Com este recorrido, exploramos praticamente todos os cantos do pa\u00eds. Ainda tiveram alguns lugares que quer\u00edamos mas n\u00e3o conseguimos visitar, como o Parque Tayrona, a Cidade Perdida e o s\u00edtio arqueol\u00f3gico de San August\u00edn. Mas tudo bem, fica pra pr\u00f3xima visita!<\/p>\n<p>Os n\u00fameros desde mochil\u00e3o foram:<\/p>\n<ul>\n<li>131 dias<\/li>\n<li>9870,07 reais gastos*<\/li>\n<\/ul>\n<h4><b>Sobre os gastos*, ficou assim:<\/b><\/h4>\n<ul>\n<li>Hospedagem: R$ 2716,09<\/li>\n<li>Transporte: R$ 2289,99<\/li>\n<li>Mercado: R$ 2892,35<\/li>\n<li>Restaurante: R$ 1008,80<\/li>\n<li>Passeios: R$ 223,31<\/li>\n<li>Outros: R$ 560,07<\/li>\n<\/ul>\n<p><i>*(todos os gastos s\u00e3o para o casal; para saber os gastos individuais, divida por 2).<\/i><\/p>\n<h4><b>A m\u00e9dia di\u00e1ria* ficou:<\/b><\/h4>\n<ul>\n<li>M\u00e9dia: R$ 75,34\/dia<\/li>\n<li>Hospedagem: R$ 20,73\/dia<\/li>\n<li>Hospedagem (excluindo os dias que dormimos de gra\u00e7a): R$ 29,52\/dia<\/li>\n<li>Transporte: R$ 17,48\/dia<\/li>\n<li>Mercado: R$ 22,08\/dia<\/li>\n<li>Restaurante: R$ 7,70\/dia<\/li>\n<li>Passeios: R$ 1,70\/dia<\/li>\n<li>Outros: R$ 4,28\/dia<\/li>\n<\/ul>\n<p><i>*(todos os gastos s\u00e3o para o casal; para saber os gastos individuais, divida por 2).<\/i><\/p>\n<figure id=\"attachment_5521\" aria-describedby=\"caption-attachment-5521\" style=\"width: 455px\" class=\"wp-caption aligncenter\"><img data-recalc-dims=\"1\" loading=\"lazy\" decoding=\"async\" data-attachment-id=\"5521\" data-permalink=\"https:\/\/mundosemfim.com\/?attachment_id=5521\" data-orig-file=\"https:\/\/i0.wp.com\/mundosemfim.com\/wp-content\/uploads\/2017\/03\/gastosjpg.jpg?fit=455%2C333&amp;ssl=1\" data-orig-size=\"455,333\" data-comments-opened=\"1\" data-image-meta=\"{&quot;aperture&quot;:&quot;0&quot;,&quot;credit&quot;:&quot;&quot;,&quot;camera&quot;:&quot;&quot;,&quot;caption&quot;:&quot;&quot;,&quot;created_timestamp&quot;:&quot;0&quot;,&quot;copyright&quot;:&quot;&quot;,&quot;focal_length&quot;:&quot;0&quot;,&quot;iso&quot;:&quot;0&quot;,&quot;shutter_speed&quot;:&quot;0&quot;,&quot;title&quot;:&quot;&quot;,&quot;orientation&quot;:&quot;1&quot;}\" data-image-title=\"Col\u00f4mbia\" data-image-description=\"&lt;p&gt;Distribui\u00e7\u00e3o dos nossos gastos na Col\u00f4mbia&lt;\/p&gt;\n\" data-image-caption=\"&lt;p&gt;Distribui\u00e7\u00e3o dos nossos gastos na Col\u00f4mbia&lt;\/p&gt;\n\" data-large-file=\"https:\/\/i0.wp.com\/mundosemfim.com\/wp-content\/uploads\/2017\/03\/gastosjpg.jpg?fit=455%2C333&amp;ssl=1\" class=\"size-full wp-image-5521\" src=\"https:\/\/i0.wp.com\/mundosemfim.com\/wp-content\/uploads\/2017\/03\/gastosjpg.jpg?resize=455%2C333&#038;ssl=1\" alt=\"Distribui\u00e7\u00e3o dos nossos gastos na Col\u00f4mbia\" width=\"455\" height=\"333\" srcset=\"https:\/\/i0.wp.com\/mundosemfim.com\/wp-content\/uploads\/2017\/03\/gastosjpg.jpg?w=455&amp;ssl=1 455w, https:\/\/i0.wp.com\/mundosemfim.com\/wp-content\/uploads\/2017\/03\/gastosjpg.jpg?resize=300%2C220&amp;ssl=1 300w\" sizes=\"auto, (max-width: 455px) 100vw, 455px\" \/><figcaption id=\"caption-attachment-5521\" class=\"wp-caption-text\">Distribui\u00e7\u00e3o dos nossos gastos na Col\u00f4mbia<\/figcaption><\/figure>\n<p>A distribui\u00e7\u00e3o das hospedagens foi assim:<\/p>\n<ul>\n<li>Pagas: 92<\/li>\n<li>Gr\u00e1tis: 37<\/li>\n<li>2 n\u00e3o entraram na conta porque foram os dias em que cruzamos a fronteira e dormimos em outro pa\u00eds.<\/li>\n<\/ul>\n<p>Os locais onde dormimos foram:<\/p>\n<ul>\n<li>Hotel\/hostel: 82<\/li>\n<li>Casa de amigos: 40<\/li>\n<li>Camping pago: 3<\/li>\n<li>Camping selvagem: 1<\/li>\n<li>\u00d4nibus: 3<\/li>\n<\/ul>\n<figure id=\"attachment_5522\" aria-describedby=\"caption-attachment-5522\" style=\"width: 484px\" class=\"wp-caption aligncenter\"><img data-recalc-dims=\"1\" loading=\"lazy\" decoding=\"async\" data-attachment-id=\"5522\" data-permalink=\"https:\/\/mundosemfim.com\/?attachment_id=5522\" data-orig-file=\"https:\/\/i0.wp.com\/mundosemfim.com\/wp-content\/uploads\/2017\/03\/noites.jpg?fit=484%2C322&amp;ssl=1\" data-orig-size=\"484,322\" data-comments-opened=\"1\" data-image-meta=\"{&quot;aperture&quot;:&quot;0&quot;,&quot;credit&quot;:&quot;&quot;,&quot;camera&quot;:&quot;&quot;,&quot;caption&quot;:&quot;&quot;,&quot;created_timestamp&quot;:&quot;0&quot;,&quot;copyright&quot;:&quot;&quot;,&quot;focal_length&quot;:&quot;0&quot;,&quot;iso&quot;:&quot;0&quot;,&quot;shutter_speed&quot;:&quot;0&quot;,&quot;title&quot;:&quot;&quot;,&quot;orientation&quot;:&quot;1&quot;}\" data-image-title=\"Col\u00f4mbia\" data-image-description=\"\" data-image-caption=\"&lt;p&gt;Onde dormimos na Col\u00f4mbia&lt;\/p&gt;\n\" data-large-file=\"https:\/\/i0.wp.com\/mundosemfim.com\/wp-content\/uploads\/2017\/03\/noites.jpg?fit=484%2C322&amp;ssl=1\" class=\"size-full wp-image-5522\" src=\"https:\/\/i0.wp.com\/mundosemfim.com\/wp-content\/uploads\/2017\/03\/noites.jpg?resize=484%2C322&#038;ssl=1\" alt=\"\" width=\"484\" height=\"322\" srcset=\"https:\/\/i0.wp.com\/mundosemfim.com\/wp-content\/uploads\/2017\/03\/noites.jpg?w=484&amp;ssl=1 484w, https:\/\/i0.wp.com\/mundosemfim.com\/wp-content\/uploads\/2017\/03\/noites.jpg?resize=300%2C200&amp;ssl=1 300w\" sizes=\"auto, (max-width: 484px) 100vw, 484px\" \/><figcaption id=\"caption-attachment-5522\" class=\"wp-caption-text\">Onde dormimos na Col\u00f4mbia<\/figcaption><\/figure>\n<h3><b>Pre\u00e7os<\/b><\/h3>\n<p>Apesar do pa\u00eds ser visivelmente bem avan\u00e7ado social e economicamente, a Col\u00f4mbia ainda \u00e9 bastante econ\u00f4mica se comparada ao Brasil. Abaixo descrevemos alguns gastos:<\/p>\n<ul>\n<li><i>Hospedagens:<\/i> Uma cama em um hostel b\u00e1sico, mas com um bom servi\u00e7o, fica na faixa de 20 a 25 mil por pessoa (valor que geralmente inclui caf\u00e9 da manh\u00e3). Em lugares mais tur\u00edsticos, como <a href=\"https:\/\/mundosemfim.com\/guia-completo-sobre-cartagena-o-que-fazer-onde-se-hospedar-como-economizar-etc\/\">Cartagena<\/a>, esta m\u00e9dia costuma subir para uns 45 mil.<br \/>\nSe quiser economizar ao m\u00e1ximo, a dica \u00e9 perguntar para os m\u00fasicos e artes\u00e3os\u00a0na rua por hospedagens clandestinas. Neste esquema encontramos hospedagem em <a href=\"https:\/\/mundosemfim.com\/guia-completo-sobre-cartagena-o-que-fazer-onde-se-hospedar-como-economizar-etc\/\">Cartagena<\/a> por at\u00e9 10 mil por pessoa (de p\u00e9ssima qualidade, mas se o objetivo for economizar&#8230;).<br \/>\nCasais levam vantagem pela Col\u00f4mbia: um quarto matrimonial com banheiro privado em um hotel simples costuma ficar entre 30 e 45 mil (ou seja, mais barato que duas camas no hostel).<\/li>\n<li><i>Mercado:<\/i> O pre\u00e7os dos supermercados na Col\u00f4mbia s\u00e3o, no geral, inferiores aos do Brasil. Frutas e verduras costumam ser bem mais baratas. Eletr\u00f4nicos s\u00e3o um pouco mais baratos (se estiver pensando em comprar um celular, tablet ou computador novo, vale a pena dar uma olhada por l\u00e1). Carnes de frango e porco geralmente custam a mesma coisa, e derivados da vaca (carne, leite, queijo) costumam ser bem mais caros na Col\u00f4mbia.<br \/>\nPara dar uma ideia, o quilo da coxa de frango fica em 6 mil; o da chuleta de porco, 10 mil; do tomate e da banana, entre 1500 e 2 mil. 1 litro do leite mais barato fica na faixa de 1800.<\/li>\n<li><i>Transporte:<\/i> Com ped\u00e1gios em todo o canto, os \u00f4nibus na Col\u00f4mbia s\u00e3o caros. A m\u00e9dia costuma ficar entre 7 e 10 mil por hora viajada. O problema \u00e9 que em 1h n\u00e3o se avan\u00e7a muita coisa: em alguns trechos, uma dist\u00e2ncia de 300 km \u00e9 percorrida em mais de 7 horas.<br \/>\nNa Col\u00f4mbia h\u00e1 companhias a\u00e9reas baratas, como a <a href=\"http:\/\/www.vivacolombia.co\">Vivacolombia<\/a> e a <a href=\"http:\/\/www.wingo.com\">Wingo<\/a>. Em muitos casos fica mais barato pegar um avi\u00e3o que um onibus.<br \/>\nOutra dica \u00e9 chorar o pre\u00e7o: mesmo em lugares improv\u00e1veis, como no guich\u00ea da rodovi\u00e1ria, \u00e9 poss\u00edvel conseguir uns 20% de desconto, principalmente se estiver viajando em mais pessoas.<br \/>\nEm algumas cidades h\u00e1 \u00f4nibus que saem do lado de fora do terminal. S\u00e3o bem mais baratos, mas costumam ser bem pinga-pingas.<br \/>\nDentro das cidades, a passagem de \u00f4nibus geralmente fica entre 1500 e 3 mil.<br \/>\nT\u00e1xis s\u00e3o baratos, mas n\u00e3o costumam usar tax\u00edmetro. Conv\u00e9m combinar o pre\u00e7o antes de subir.<\/li>\n<li><i>Restaurantes:<\/i> Muitos restaurantes possuem menus bastante econ\u00f4micos. No sul, pr\u00f3ximo\u00a0\u00e0 fronteira com o <a href=\"https:\/\/mundosemfim.com\/mochilao-pelo-equador-tudo-o-que-voce-precisa-saber-para-visitar-este-pais\/\">Equador<\/a>, conseguimos almo\u00e7ar bem por 3500. Em cidades como <a href=\"https:\/\/mundosemfim.com\/o-que-fazer-em-bogota-tudo-sobre-a-capital-colombiana\/\">Bogot\u00e1<\/a> e <a href=\"https:\/\/mundosemfim.com\/tudo-sobre-medellin-a-cidade-mais-inovadora-do-mundo\/\">Medell\u00edn<\/a>, os mais econ\u00f4micos custam a partir de 6 mil pesos, e na costa os valores j\u00e1 sobem para algo entre 8 e 12 mil.<\/li>\n<li><i>Bebidas:<\/i> Beber cerveja na Col\u00f4mbia \u00e9 barato: uma garrafa de 700ml das mais populares (\u00c1guila e Poker) costuma ficar na faixa de 2500 e 3 mil pesos. O problema \u00e9 que s\u00e3o dif\u00edceis de achar: a maioria dos estabelecimentos vende somente lata e longneck (na faixa de 1500 e 2 mil). A cerveja Club Colombia \u00e9 uma Premium, e costuma custar uns 20% mais cara que as populares.<br \/>\nNas baladas e bares mais tur\u00edsticos, uma longneck costuma ficar na faixa de 6 mil pesos.<br \/>\nDestilados baratos s\u00e3o dif\u00edceis de achar (n\u00e3o encontramos nada que custasse menos de 30 mil o litro), mas os que costumam ser caros no Brasil (tequila, amarula, wisky) s\u00e3o um pouco mais baratos na Col\u00f4mbia.<\/li>\n<\/ul>\n<figure id=\"attachment_4995\" aria-describedby=\"caption-attachment-4995\" style=\"width: 1000px\" class=\"wp-caption aligncenter\"><img data-recalc-dims=\"1\" loading=\"lazy\" decoding=\"async\" data-attachment-id=\"4995\" data-permalink=\"https:\/\/mundosemfim.com\/?attachment_id=4995\" data-orig-file=\"https:\/\/i0.wp.com\/mundosemfim.com\/wp-content\/uploads\/2017\/02\/DSC_0046.jpg?fit=1000%2C667&amp;ssl=1\" data-orig-size=\"1000,667\" data-comments-opened=\"1\" data-image-meta=\"{&quot;aperture&quot;:&quot;0&quot;,&quot;credit&quot;:&quot;&quot;,&quot;camera&quot;:&quot;&quot;,&quot;caption&quot;:&quot;&quot;,&quot;created_timestamp&quot;:&quot;0&quot;,&quot;copyright&quot;:&quot;&quot;,&quot;focal_length&quot;:&quot;0&quot;,&quot;iso&quot;:&quot;0&quot;,&quot;shutter_speed&quot;:&quot;0&quot;,&quot;title&quot;:&quot;&quot;,&quot;orientation&quot;:&quot;0&quot;}\" data-image-title=\"Cartagena\" data-image-description=\"\" data-image-caption=\"&lt;p&gt;A colorida Cartagena&lt;\/p&gt;\n\" data-large-file=\"https:\/\/i0.wp.com\/mundosemfim.com\/wp-content\/uploads\/2017\/02\/DSC_0046.jpg?fit=764%2C510&amp;ssl=1\" class=\"size-full wp-image-4995\" src=\"https:\/\/i0.wp.com\/mundosemfim.com\/wp-content\/uploads\/2017\/02\/DSC_0046.jpg?resize=764%2C510&#038;ssl=1\" alt=\"\" width=\"764\" height=\"510\" srcset=\"https:\/\/i0.wp.com\/mundosemfim.com\/wp-content\/uploads\/2017\/02\/DSC_0046.jpg?w=1000&amp;ssl=1 1000w, https:\/\/i0.wp.com\/mundosemfim.com\/wp-content\/uploads\/2017\/02\/DSC_0046.jpg?resize=300%2C200&amp;ssl=1 300w, https:\/\/i0.wp.com\/mundosemfim.com\/wp-content\/uploads\/2017\/02\/DSC_0046.jpg?resize=768%2C512&amp;ssl=1 768w\" sizes=\"auto, (max-width: 764px) 100vw, 764px\" \/><figcaption id=\"caption-attachment-4995\" class=\"wp-caption-text\">A colorida Cartagena<\/figcaption><\/figure>\n<h3><b>Dinheiro<\/b><\/h3>\n<p>Em <a href=\"https:\/\/mundosemfim.com\/o-que-fazer-em-bogota-tudo-sobre-a-capital-colombiana\/\">Bogot\u00e1<\/a> e em destinos bastante tur\u00edsticos (como <a href=\"https:\/\/mundosemfim.com\/guia-completo-sobre-cartagena-o-que-fazer-onde-se-hospedar-como-economizar-etc\/\">Cartagena<\/a>) \u00e9 poss\u00edvel trocar reais por uma cota\u00e7\u00e3o boa. Nos lugares menos populares entre brasileiros, \u00e9 mais f\u00e1cil trocar d\u00f3lar. O ideal \u00e9 levar uma combina\u00e7\u00e3o dos dois, caso v\u00e1 viajar por todo o pa\u00eds.<\/p>\n<p>Troque sempre o dinheiro nas casas de c\u00e2mbio. H\u00e1 alguns cambistas de rua que oferecem valores muito melhores, mas costumam ser golpistas, e tentar\u00e3o ou te passar notas falsas ou te dar um valor menor que o combinado.<\/p>\n<p>Os caixas eletr\u00f4nicos abundam no pa\u00eds, e geralmente cobram taxas bem pequenas para saques no d\u00e9bito de cart\u00f5es estrangeiros. No nosso caso (que usamos o Santander), o banco mais vantajoso era o Bancolombia. O Banco de Bogot\u00e1 tamb\u00e9m costuma cobrar taxas pequenas, e o interessante dele \u00e9 que \u00e9 poss\u00edvel ver quanto vai ser descontado em reais (sem incluir o IOF) antes de confirmar o saque.<\/p>\n<h3><b>Pol\u00edcia<\/b><\/h3>\n<p>Chegamos a escutar depoimentos sobre viajantes que cruzaram o pa\u00eds de carro e foram v\u00edtimas de policiais corruptos.<\/p>\n<p>N\u00f3s n\u00e3o pudemos dar f\u00e9 disso. Muito pelo contr\u00e1rio: nos poucos contatos que tivemos com a pol\u00edcia colombiana, eles sempre foram bastante atenciosos e prestativos.<\/p>\n<figure id=\"attachment_4407\" aria-describedby=\"caption-attachment-4407\" style=\"width: 1024px\" class=\"wp-caption aligncenter\"><img data-recalc-dims=\"1\" loading=\"lazy\" decoding=\"async\" data-attachment-id=\"4407\" data-permalink=\"https:\/\/mundosemfim.com\/?attachment_id=4407\" data-orig-file=\"https:\/\/i0.wp.com\/mundosemfim.com\/wp-content\/uploads\/2016\/10\/DSC_0014-Copy.jpg?fit=1024%2C683&amp;ssl=1\" data-orig-size=\"1024,683\" data-comments-opened=\"1\" data-image-meta=\"{&quot;aperture&quot;:&quot;0&quot;,&quot;credit&quot;:&quot;&quot;,&quot;camera&quot;:&quot;&quot;,&quot;caption&quot;:&quot;&quot;,&quot;created_timestamp&quot;:&quot;1476374882&quot;,&quot;copyright&quot;:&quot;&quot;,&quot;focal_length&quot;:&quot;0&quot;,&quot;iso&quot;:&quot;0&quot;,&quot;shutter_speed&quot;:&quot;0&quot;,&quot;title&quot;:&quot;&quot;,&quot;orientation&quot;:&quot;1&quot;}\" data-image-title=\"Valle de Cocora\" data-image-description=\"\" data-image-caption=\"&lt;p&gt;Atravessando uma &amp;#8220;puente colgante&amp;#8221; no vale.&lt;\/p&gt;\n\" data-large-file=\"https:\/\/i0.wp.com\/mundosemfim.com\/wp-content\/uploads\/2016\/10\/DSC_0014-Copy.jpg?fit=764%2C510&amp;ssl=1\" class=\"size-full wp-image-4407\" src=\"https:\/\/i0.wp.com\/mundosemfim.com\/wp-content\/uploads\/2016\/10\/DSC_0014-Copy.jpg?resize=764%2C510&#038;ssl=1\" alt=\"\" width=\"764\" height=\"510\" srcset=\"https:\/\/i0.wp.com\/mundosemfim.com\/wp-content\/uploads\/2016\/10\/DSC_0014-Copy.jpg?w=1024&amp;ssl=1 1024w, https:\/\/i0.wp.com\/mundosemfim.com\/wp-content\/uploads\/2016\/10\/DSC_0014-Copy.jpg?resize=300%2C200&amp;ssl=1 300w, https:\/\/i0.wp.com\/mundosemfim.com\/wp-content\/uploads\/2016\/10\/DSC_0014-Copy.jpg?resize=768%2C512&amp;ssl=1 768w\" sizes=\"auto, (max-width: 764px) 100vw, 764px\" \/><figcaption id=\"caption-attachment-4407\" class=\"wp-caption-text\">Vale de Cocora, no Eje Cafetero colombiano<\/figcaption><\/figure>\n<h3><b>\u00c1gua<\/b><\/h3>\n<p>Em muitas cidades colombianas, a \u00e1gua da torneira \u00e9 pr\u00f3pria para o consumo humano. Sempre pergunte no seu hotel ou hostel sobre a condi\u00e7\u00e3o da \u00e1gua, pois esta pode ser uma forma de economizar uma graninha.<\/p>\n<p>Se precisar ou preferir comprar \u00e1gua mineral, a dica \u00e9 pedir \u00e1gua em bolsa: \u00e9 poss\u00edvel encontrar bolsas de 350 ml por 300 pesos, e bolsas de 6 litros por menos de 3 mil.<\/p>\n<p>Uma garrafa de 1 litro geralmente custa entre mil e 2 mil pesos.<\/p>\n<h3><b>Rede el\u00e9trica<\/b><\/h3>\n<p>As tomadas no pa\u00eds s\u00e3o no formato dos Estados Unidos, com dois pinos chatos. N\u00e3o estranhe se elas n\u00e3o encaixarem direito ou n\u00e3o estiverem funcionando: este \u00e9 um problema comum em muitos hot\u00e9is do pa\u00eds.<\/p>\n<p>A rede el\u00e9trica \u00e9 de 110V, 60Hz.<\/p>\n<h3><a href=\"https:\/\/mundosemfim.com\/viajar-de-carona-pela-america-do-sul-como-foi-nossa-experiencia\/\"><b>Carona<\/b><\/a><\/h3>\n<p>\u00c9 poss\u00edvel viajar o pa\u00eds inteiro de carona, embora n\u00e3o seja uma tarefa f\u00e1cil. N\u00f3s mesmo n\u00e3o conseguimos nenhuma vez. Al\u00e9m de ser incomum, as estradas possuem muitos cruzamentos, e \u00e9 bem poss\u00edvel que o carro esteja indo para um destino diferente do seu.<\/p>\n<p>O bom \u00e9 que os \u00f4nibus costumam parar para quem est\u00e1 na estrada. Assim, caso n\u00e3o consiga nada, basta acenar para o pr\u00f3ximo \u00f4nibus que passar.<\/p>\n<p>Pedir carona conversando com os motoristas nos postos de gasolina costuma ser bem mais eficiente do que ficar parado com o polegar levantado.<\/p>\n<p><em>Quer mais dicas sobre viajar de carona? Leia nossa experi\u00eancia pela Am\u00e9rica do Sul <a href=\"https:\/\/mundosemfim.com\/viajar-de-carona-pela-america-do-sul-como-foi-nossa-experiencia\/\"><strong>aqui<\/strong><\/a>.<\/em><\/p>\n<figure id=\"attachment_4260\" aria-describedby=\"caption-attachment-4260\" style=\"width: 1020px\" class=\"wp-caption aligncenter\"><img data-recalc-dims=\"1\" loading=\"lazy\" decoding=\"async\" data-attachment-id=\"4260\" data-permalink=\"https:\/\/mundosemfim.com\/?attachment_id=4260\" data-orig-file=\"https:\/\/i0.wp.com\/mundosemfim.com\/wp-content\/uploads\/2016\/09\/DSC_0023-1.jpg?fit=1020%2C517&amp;ssl=1\" data-orig-size=\"1020,517\" data-comments-opened=\"1\" data-image-meta=\"{&quot;aperture&quot;:&quot;8&quot;,&quot;credit&quot;:&quot;&quot;,&quot;camera&quot;:&quot;NIKON D5200&quot;,&quot;caption&quot;:&quot;&quot;,&quot;created_timestamp&quot;:&quot;1474304865&quot;,&quot;copyright&quot;:&quot;&quot;,&quot;focal_length&quot;:&quot;18&quot;,&quot;iso&quot;:&quot;160&quot;,&quot;shutter_speed&quot;:&quot;0.02&quot;,&quot;title&quot;:&quot;&quot;,&quot;orientation&quot;:&quot;1&quot;}\" data-image-title=\"Las Lajas\" data-image-description=\"\" data-image-caption=\"&lt;p&gt;Santu\u00e1rio de Las Lajas&lt;\/p&gt;\n\" data-large-file=\"https:\/\/i0.wp.com\/mundosemfim.com\/wp-content\/uploads\/2016\/09\/DSC_0023-1.jpg?fit=764%2C387&amp;ssl=1\" class=\"size-full wp-image-4260\" src=\"https:\/\/i0.wp.com\/mundosemfim.com\/wp-content\/uploads\/2016\/09\/DSC_0023-1.jpg?resize=764%2C387&#038;ssl=1\" alt=\"\" width=\"764\" height=\"387\" srcset=\"https:\/\/i0.wp.com\/mundosemfim.com\/wp-content\/uploads\/2016\/09\/DSC_0023-1.jpg?w=1020&amp;ssl=1 1020w, https:\/\/i0.wp.com\/mundosemfim.com\/wp-content\/uploads\/2016\/09\/DSC_0023-1.jpg?resize=300%2C152&amp;ssl=1 300w, https:\/\/i0.wp.com\/mundosemfim.com\/wp-content\/uploads\/2016\/09\/DSC_0023-1.jpg?resize=768%2C389&amp;ssl=1 768w\" sizes=\"auto, (max-width: 764px) 100vw, 764px\" \/><figcaption id=\"caption-attachment-4260\" class=\"wp-caption-text\">Santu\u00e1rio de Las Lajas, no sul do pa\u00eds<\/figcaption><\/figure>\n<h3><b>O povo<\/b><\/h3>\n<p>Com uma boa mistura de negros, \u00edndios e europeus, os tra\u00e7os do colombiano s\u00e3o muito parecidos com o dos brasileiros, fazendo com que voc\u00ea acabe passando despercebido por l\u00e1.<\/p>\n<p>Essa mistura tamb\u00e9m criou um povo bastante alegre e simp\u00e1tico, e muitas vezes voc\u00ea se encontrar\u00e1 em uma longa conversa durante uma viagem de \u00f4nibus ou metr\u00f4.<\/p>\n<p>Os colombianos tamb\u00e9m s\u00e3o muito prestativos para dar informa\u00e7\u00f5es \u2013 se estiver perguntando sobre uma rua ou algum endere\u00e7o, \u00e9 poss\u00edvel que te levem at\u00e9 o seu destino.<\/p>\n<p>Outra caracter\u00edstica do colombiano \u00e9 que ele \u00e9 reconhecido, segundo o estudo da <a href=\"http:\/\/happyplanetindex.org\/\"><strong>Happy Planet<\/strong><\/a>, como o povo mais feliz da Am\u00e9rica do Sul e o terceiro mais feliz do mundo. Se quiser conhecer mais sobre esta pesquisa, leia nosso post <a href=\"https:\/\/mundosemfim.com\/quais-os-paises-mais-felizes-do-mundo-veja-o-ranking-neste-mapa\/\"><strong>aqui<\/strong><\/a>.<\/p>\n<p>Apesar de toda a simpatia e hospitalidade, n\u00e3o \u00e9 raro ver pessoas furando a fila nos supermercados ou cometendo imprud\u00eancias no tr\u00e2nsito.<\/p>\n<h3><b>M\u00fasica<\/b><\/h3>\n<p>Al\u00e9m dos sucessos da Shakira, a Col\u00f4mbia apresenta uma grande variedade musical, sendo os principais g\u00eaneros a salsa, o reggaeton e o vallenato.<\/p>\n<p>Alguns nomes importantes da m\u00fasica colombiana s\u00e3o Joe Arroyo (salsa) e Carlos Vives (vallenato), provavelmente o cantor de mais sucesso no pa\u00eds.<\/p>\n<p>Este clipe de Carlos Vives, feito com v\u00e1rios outros artistas nacionais,\u00a0mostra paisagens muito bonitas do pa\u00eds:<\/p>\n<div class=\"jetpack-video-wrapper\"><span class=\"embed-youtube\" style=\"text-align:center; display: block;\"><iframe loading=\"lazy\" class=\"youtube-player\" width=\"764\" height=\"430\" src=\"https:\/\/www.youtube.com\/embed\/8jtfXHadYIE?version=3&#038;rel=1&#038;showsearch=0&#038;showinfo=1&#038;iv_load_policy=1&#038;fs=1&#038;hl=pt-BR&#038;autohide=2&#038;wmode=transparent\" allowfullscreen=\"true\" style=\"border:0;\" sandbox=\"allow-scripts allow-same-origin allow-popups allow-presentation allow-popups-to-escape-sandbox\"><\/iframe><\/span><\/div>\n<h3><b>Drogas<\/b><\/h3>\n<p>O porte ou consumo de qualquer tipo de droga na Col\u00f4mbia \u00e9 crime, mas as autoridades costumam fazer vista grossa em destinos com muitos mochileiros e locais considerados mais hippies. Se vale o risco ou n\u00e3o, a decis\u00e3o \u00e9 sua.<\/p>\n<h3><b>Comida<\/b><\/h3>\n<p>As ofertas de carne, gr\u00e3os, frutas e veduras s\u00e3o parecidas com as do Brasil, o que faz com que a comida seja bastante semelhante. Os menus t\u00edpicos geralmente s\u00e3o compostos por arroz, feij\u00e3o, um peda\u00e7o de carne (geralmente frita), salada e <i>patacones<\/i> (um tipo de banana salgada, achatada em rodelas e frita). Os pratos costumam vir acompanhados de suco e com uma sopa de entrada.<\/p>\n<p>Na costa, um prato t\u00edpico \u00e9 o <i>arroz de coco<\/i>, que combina bem com pescado.<\/p>\n<p>Outra comida t\u00edpica do pa\u00eds \u00e9 a arepa, que parece um p\u00e3o sem fermento, feito com farinha de milho. Algumas n\u00e3o tem sabor nenhum e acompanham os menus (pelo que nos disseram, servem para limpar o paladar entre a sopa e o menu principal), e outras s\u00e3o vendidas nas ruas recheadas com carne, frango, queijo, presunto ou seja l\u00e1 o que for.<\/p>\n<figure id=\"attachment_4967\" aria-describedby=\"caption-attachment-4967\" style=\"width: 1000px\" class=\"wp-caption aligncenter\"><img data-recalc-dims=\"1\" loading=\"lazy\" decoding=\"async\" data-attachment-id=\"4967\" data-permalink=\"https:\/\/mundosemfim.com\/?attachment_id=4967\" data-orig-file=\"https:\/\/i0.wp.com\/mundosemfim.com\/wp-content\/uploads\/2017\/01\/DSC_0056.jpg?fit=1000%2C667&amp;ssl=1\" data-orig-size=\"1000,667\" data-comments-opened=\"1\" data-image-meta=\"{&quot;aperture&quot;:&quot;0&quot;,&quot;credit&quot;:&quot;&quot;,&quot;camera&quot;:&quot;&quot;,&quot;caption&quot;:&quot;&quot;,&quot;created_timestamp&quot;:&quot;0&quot;,&quot;copyright&quot;:&quot;&quot;,&quot;focal_length&quot;:&quot;0&quot;,&quot;iso&quot;:&quot;0&quot;,&quot;shutter_speed&quot;:&quot;0&quot;,&quot;title&quot;:&quot;&quot;,&quot;orientation&quot;:&quot;0&quot;}\" data-image-title=\"Tierra Bomba\" data-image-description=\"\" data-image-caption=\"&lt;p&gt;Que tal comer um peixe fresquinho com esta vista?&lt;\/p&gt;\n\" data-large-file=\"https:\/\/i0.wp.com\/mundosemfim.com\/wp-content\/uploads\/2017\/01\/DSC_0056.jpg?fit=764%2C510&amp;ssl=1\" class=\"size-full wp-image-4967\" src=\"https:\/\/i0.wp.com\/mundosemfim.com\/wp-content\/uploads\/2017\/01\/DSC_0056.jpg?resize=764%2C510&#038;ssl=1\" alt=\"\" width=\"764\" height=\"510\" srcset=\"https:\/\/i0.wp.com\/mundosemfim.com\/wp-content\/uploads\/2017\/01\/DSC_0056.jpg?w=1000&amp;ssl=1 1000w, https:\/\/i0.wp.com\/mundosemfim.com\/wp-content\/uploads\/2017\/01\/DSC_0056.jpg?resize=300%2C200&amp;ssl=1 300w, https:\/\/i0.wp.com\/mundosemfim.com\/wp-content\/uploads\/2017\/01\/DSC_0056.jpg?resize=768%2C512&amp;ssl=1 768w\" sizes=\"auto, (max-width: 764px) 100vw, 764px\" \/><figcaption id=\"caption-attachment-4967\" class=\"wp-caption-text\">Arroz com coco e peixe frito &#8211; comida t\u00edpica da costa colombiana.<\/figcaption><\/figure>\n<h3><b>O caf\u00e9<\/b><\/h3>\n<p>Junto com o brasileiro, o caf\u00e9 colombiano \u00e9 considerado um dos melhores do mundo. Em compara\u00e7\u00e3o ao nosso, o da Col\u00f4mbia costuma ser mais suave e ter mais sabor. \u00c9 vendido em tudo que \u00e9 canto e faz parte do dia a dia dos colombianos.<\/p>\n<p>O caf\u00e9 mais famoso do pa\u00eds \u00e9 o <i>Juan Vald\u00e9z<\/i>, que possui filiais em todo o pa\u00eds e pode ser comparado com a rede americana <i>Starbucks<\/i>. Se visitar a Col\u00f4mbia e gostar de caf\u00e9, voc\u00ea deve obrigatoriamente tomar um <i>Juan Valdez<\/i>.<\/p>\n<p>Na regi\u00e3o central do pa\u00eds, principalmente no Eje Cafetero, abundam as planta\u00e7\u00f5es de caf\u00e9. Se for viajar por a\u00ed, voc\u00ea com certeza visitar\u00e1 alguma delas.<\/p>\n<figure id=\"attachment_4299\" aria-describedby=\"caption-attachment-4299\" style=\"width: 1020px\" class=\"wp-caption aligncenter\"><img data-recalc-dims=\"1\" loading=\"lazy\" decoding=\"async\" data-attachment-id=\"4299\" data-permalink=\"https:\/\/mundosemfim.com\/?attachment_id=4299\" data-orig-file=\"https:\/\/i0.wp.com\/mundosemfim.com\/wp-content\/uploads\/2016\/09\/DSC_0027-1.jpg?fit=1020%2C680&amp;ssl=1\" data-orig-size=\"1020,680\" data-comments-opened=\"1\" data-image-meta=\"{&quot;aperture&quot;:&quot;16&quot;,&quot;credit&quot;:&quot;&quot;,&quot;camera&quot;:&quot;NIKON D5200&quot;,&quot;caption&quot;:&quot;&quot;,&quot;created_timestamp&quot;:&quot;1474719171&quot;,&quot;copyright&quot;:&quot;&quot;,&quot;focal_length&quot;:&quot;18&quot;,&quot;iso&quot;:&quot;125&quot;,&quot;shutter_speed&quot;:&quot;10&quot;,&quot;title&quot;:&quot;&quot;,&quot;orientation&quot;:&quot;1&quot;}\" data-image-title=\"Tierradentro\" data-image-description=\"\" data-image-caption=\"&lt;p&gt;Mucuvinha observando as pinturas grifadas nas paredes de Tierradentro&lt;\/p&gt;\n\" data-large-file=\"https:\/\/i0.wp.com\/mundosemfim.com\/wp-content\/uploads\/2016\/09\/DSC_0027-1.jpg?fit=764%2C509&amp;ssl=1\" class=\"size-full wp-image-4299\" src=\"https:\/\/i0.wp.com\/mundosemfim.com\/wp-content\/uploads\/2016\/09\/DSC_0027-1.jpg?resize=764%2C509&#038;ssl=1\" alt=\"\" width=\"764\" height=\"509\" srcset=\"https:\/\/i0.wp.com\/mundosemfim.com\/wp-content\/uploads\/2016\/09\/DSC_0027-1.jpg?w=1020&amp;ssl=1 1020w, https:\/\/i0.wp.com\/mundosemfim.com\/wp-content\/uploads\/2016\/09\/DSC_0027-1.jpg?resize=300%2C200&amp;ssl=1 300w, https:\/\/i0.wp.com\/mundosemfim.com\/wp-content\/uploads\/2016\/09\/DSC_0027-1.jpg?resize=768%2C512&amp;ssl=1 768w\" sizes=\"auto, (max-width: 764px) 100vw, 764px\" \/><figcaption id=\"caption-attachment-4299\" class=\"wp-caption-text\">Mucuvinha observando as pinturas grifadas nas paredes de Tierradentro<\/figcaption><\/figure>\n<h3><b>Idioma<\/b><\/h3>\n<p>De todos os pa\u00edses por onde passamos, o espanhol falado na Col\u00f4mbia foi o mais dif\u00edcil de entender (sim, conseguem ganhar dos chilenos). Em algumas regi\u00f5es eles falam com bastante clareza, mas na maioria (principalmente na costa), entend\u00ea-los \u00e9 uma tarefa dif\u00edcil para estrangeiros, mesmo para aqueles que vem de pa\u00edses onde o espanhol \u00e9 a l\u00edngua nativa.<\/p>\n<p>Uma caracter\u00edstica interessante \u00e9 que eles costumam comer o &#8220;d&#8221; da \u00faltima s\u00edlaba. Assim, <i>lado<\/i> fica <i>la&#8217;o<\/i>, <i>asado<\/i> fica <i>asa&#8217;o<\/i> e <i>partido<\/i> fica <i>parti&#8217;o<\/i>. N\u00e3o estranhe se\u00a0ler algumas palavras escritas desta forma.<\/p>\n<p>Outra coisa que chama a aten\u00e7\u00e3o no pa\u00eds \u00e9 a formalidade: os pais, as m\u00e3es e as pessoas mais velhas s\u00e3o chamadas de <i>se\u00f1or<\/i> e <i>se\u00f1ora<\/i>, assim como o <i>usted <\/i>\u00e9 empregado no lugar do <i>tu<\/i> entre pessoas que n\u00e3o possuem muita intimidade.<\/p>\n<p>O <i>ll<\/i> e o <i>y<\/i> possuem sons distintos dependendo da regi\u00e3o, podendo soar como &#8220;lh&#8221;, &#8220;i&#8221; e at\u00e9 &#8220;dj&#8221;.<\/p>\n<p>Algumas palavras e express\u00f5es que voc\u00ea deve conhecer:<\/p>\n<ul>\n<li><i>Que pena!<\/i> &#8211; significa <i>desculpa<\/i>. Isso pode irritar um pouco no come\u00e7o (a pessoa esbarra em voc\u00ea e diz <i>que pena <\/i>em vez de pedir desculpas), mas com o tempo voc\u00ea entende que esta \u00e9 uma forma de se desculpar no pa\u00eds.<\/li>\n<li><i>Reg\u00e1lame<\/i> \u2013 Isso \u00e9 outra coisa curiosa. Nos outros pa\u00edses, se voc\u00ea disser <i>reg\u00e1lame<\/i> tal coisa, voc\u00ea est\u00e1 pedindo tal coisa de gra\u00e7a. Mas na Col\u00f4mbia \u00e9 comum pedir um almo\u00e7o ou algo em uma loja usando esta express\u00e3o (e v\u00e3o entender que voc\u00ea pretende pagar).<\/li>\n<li><i>Que gonorr\u00e9a!<\/i> &#8211; express\u00e3o bastante usada entre os jovens. Significa algo como &#8220;<i>que bosta<\/i>&#8220;.<\/li>\n<li><i>Vaina<\/i> \u2013 palavra usada no mesmo sentido que <i>coisa<\/i>. Por exemplo: <i>&#8220;Esta vaina no funciona!&#8221;. <\/i>Tamb\u00e9m usam a express\u00e3o <i>&#8220;Que vaina!&#8221;<\/i> no mesmo sentido que n\u00f3s usamos &#8220;que coisa!&#8221;.<\/li>\n<li><i>Ch\u00e9vere<\/i> \u2013 express\u00e3o usada no mesmo sentido do nosso <i>bacana<\/i>.<\/li>\n<\/ul>\n<h3><b>Esporte<\/b><\/h3>\n<p>O esporte n\u00famero 1 dos colombianos \u00e9 o futebol, e eles costumam vibrar tanto nos jogos nacionais quanto nos campeonatos europeus.<\/p>\n<figure id=\"attachment_4366\" aria-describedby=\"caption-attachment-4366\" style=\"width: 869px\" class=\"wp-caption aligncenter\"><img data-recalc-dims=\"1\" loading=\"lazy\" decoding=\"async\" data-attachment-id=\"4366\" data-permalink=\"https:\/\/mundosemfim.com\/?attachment_id=4366\" data-orig-file=\"https:\/\/i0.wp.com\/mundosemfim.com\/wp-content\/uploads\/2016\/10\/PA080049.jpg?fit=869%2C579&amp;ssl=1\" data-orig-size=\"869,579\" data-comments-opened=\"1\" data-image-meta=\"{&quot;aperture&quot;:&quot;3.9&quot;,&quot;credit&quot;:&quot;&quot;,&quot;camera&quot;:&quot;TG-630&quot;,&quot;caption&quot;:&quot;OLYMPUS DIGITAL CAMERA&quot;,&quot;created_timestamp&quot;:&quot;1475884986&quot;,&quot;copyright&quot;:&quot;&quot;,&quot;focal_length&quot;:&quot;5&quot;,&quot;iso&quot;:&quot;1600&quot;,&quot;shutter_speed&quot;:&quot;0.125&quot;,&quot;title&quot;:&quot;OLYMPUS DIGITAL CAMERA&quot;,&quot;orientation&quot;:&quot;1&quot;}\" data-image-title=\"Cali\" data-image-description=\"\" data-image-caption=\"&lt;p&gt;Sexta-feira a noite no La Tolondra&lt;\/p&gt;\n\" data-large-file=\"https:\/\/i0.wp.com\/mundosemfim.com\/wp-content\/uploads\/2016\/10\/PA080049.jpg?fit=764%2C509&amp;ssl=1\" class=\"size-full wp-image-4366\" src=\"https:\/\/i0.wp.com\/mundosemfim.com\/wp-content\/uploads\/2016\/10\/PA080049.jpg?resize=764%2C509&#038;ssl=1\" alt=\"\" width=\"764\" height=\"509\" srcset=\"https:\/\/i0.wp.com\/mundosemfim.com\/wp-content\/uploads\/2016\/10\/PA080049.jpg?w=869&amp;ssl=1 869w, https:\/\/i0.wp.com\/mundosemfim.com\/wp-content\/uploads\/2016\/10\/PA080049.jpg?resize=300%2C200&amp;ssl=1 300w, https:\/\/i0.wp.com\/mundosemfim.com\/wp-content\/uploads\/2016\/10\/PA080049.jpg?resize=768%2C512&amp;ssl=1 768w\" sizes=\"auto, (max-width: 764px) 100vw, 764px\" \/><figcaption id=\"caption-attachment-4366\" class=\"wp-caption-text\">Sexta-feira a noite em Cali<\/figcaption><\/figure>\n<h3><b>Seguran\u00e7a<\/b><\/h3>\n<p>As praias, os parques e as cidades pequenas costumam ser bem seguras, inclusive para quem quer acampar de forma selvagem.<\/p>\n<p>Em cidades grandes, como <a href=\"https:\/\/mundosemfim.com\/o-que-fazer-em-cali-a-capital-mundial-da-salsa\/\">Cali<\/a>, <a href=\"https:\/\/mundosemfim.com\/tudo-sobre-medellin-a-cidade-mais-inovadora-do-mundo\/\">Medell\u00edn<\/a> e <a href=\"https:\/\/mundosemfim.com\/o-que-fazer-em-bogota-tudo-sobre-a-capital-colombiana\/\">Bogot\u00e1<\/a>, h\u00e1 que se tomar os cuidados b\u00e1sicos de qualquer cidade grande.<\/p>\n<p>Nos lugares muito tur\u00edsticos, como <a href=\"https:\/\/mundosemfim.com\/guia-completo-sobre-cartagena-o-que-fazer-onde-se-hospedar-como-economizar-etc\/\">Cartagena<\/a>, h\u00e1 que cuidar com golpes aplicados a turistas, principalmente nas praias. \u00c9 comum te oferecerem uma massagem ou uma comida de gra\u00e7a e depois quererem cobrar (e caro). Recuse qualquer <i>oferta gr\u00e1tis<\/i> nesses lugares.<\/p>\n<h3><b>\u00c1gua fria<\/b><\/h3>\n<p>Poucos hot\u00e9is na Col\u00f4mbia possuem banheiros com ducha de \u00e1gua quente. Isso pode at\u00e9 ser dispens\u00e1vel na costa, mas j\u00e1 tivemos que tomar banho de \u00e1gua fria mesmo em cidades onde a temperatura \u00e9 baixa.<\/p>\n<p>Se voc\u00ea n\u00e3o abre m\u00e3o de um chuveiro quentinho, confirme isso antes de fazer a reserva ou o <i>check-in<\/i>. Mesmo alguns hot\u00e9is de luxo n\u00e3o fornecem este servi\u00e7o.<\/p>\n<figure id=\"attachment_4320\" aria-describedby=\"caption-attachment-4320\" style=\"width: 1020px\" class=\"wp-caption aligncenter\"><img data-recalc-dims=\"1\" loading=\"lazy\" decoding=\"async\" data-attachment-id=\"4320\" data-permalink=\"https:\/\/mundosemfim.com\/?attachment_id=4320\" data-orig-file=\"https:\/\/i0.wp.com\/mundosemfim.com\/wp-content\/uploads\/2016\/10\/DSC_0120-Copy.jpg?fit=1020%2C680&amp;ssl=1\" data-orig-size=\"1020,680\" data-comments-opened=\"1\" data-image-meta=\"{&quot;aperture&quot;:&quot;16&quot;,&quot;credit&quot;:&quot;&quot;,&quot;camera&quot;:&quot;NIKON D5200&quot;,&quot;caption&quot;:&quot;&quot;,&quot;created_timestamp&quot;:&quot;1475074001&quot;,&quot;copyright&quot;:&quot;&quot;,&quot;focal_length&quot;:&quot;18&quot;,&quot;iso&quot;:&quot;100&quot;,&quot;shutter_speed&quot;:&quot;0.008&quot;,&quot;title&quot;:&quot;&quot;,&quot;orientation&quot;:&quot;1&quot;}\" data-image-title=\"Tatacoa\" data-image-description=\"\" data-image-caption=\"&lt;p&gt;Mucuvinha no deserto de Tatacoa&lt;\/p&gt;\n\" data-large-file=\"https:\/\/i0.wp.com\/mundosemfim.com\/wp-content\/uploads\/2016\/10\/DSC_0120-Copy.jpg?fit=764%2C509&amp;ssl=1\" class=\"size-full wp-image-4320\" src=\"https:\/\/i0.wp.com\/mundosemfim.com\/wp-content\/uploads\/2016\/10\/DSC_0120-Copy.jpg?resize=764%2C509&#038;ssl=1\" alt=\"\" width=\"764\" height=\"509\" srcset=\"https:\/\/i0.wp.com\/mundosemfim.com\/wp-content\/uploads\/2016\/10\/DSC_0120-Copy.jpg?w=1020&amp;ssl=1 1020w, https:\/\/i0.wp.com\/mundosemfim.com\/wp-content\/uploads\/2016\/10\/DSC_0120-Copy.jpg?resize=300%2C200&amp;ssl=1 300w, https:\/\/i0.wp.com\/mundosemfim.com\/wp-content\/uploads\/2016\/10\/DSC_0120-Copy.jpg?resize=768%2C512&amp;ssl=1 768w\" sizes=\"auto, (max-width: 764px) 100vw, 764px\" \/><figcaption id=\"caption-attachment-4320\" class=\"wp-caption-text\">Mucuvinha no deserto de Tatacoa<\/figcaption><\/figure>\n<h3><b>Camas duras<\/b><\/h3>\n<p>Outra coisa bem caracter\u00edstica dos hot\u00e9is da Col\u00f4mbia \u00e9 terem a cama bem dura (algumas at\u00e9 que parecem nem ter colch\u00e3o). Isso costuma ser bom para a coluna e n\u00e3o nos impediu de ter noites de sono boas por l\u00e1, mas se voc\u00ea faz quest\u00e3o de um colch\u00e3o fofinho, \u00e9 bom pedir para ver o quarto antes de registrar a sua entrada.<\/p>\n<h3><b>Imigra\u00e7\u00e3o<\/b><\/h3>\n<p>Brasileiros podem viajar pela Col\u00f4mbia utilizando somente a identidade (desde que ela tenha sido emitida h\u00e1 menos de 10 anos), e ganham um visto de 90 dias, renov\u00e1veis por mais 90. Como regra geral, \u00e9 necess\u00e1rio ter uma passagem de sa\u00edda do pa\u00eds, mas isso raramente \u00e9 pedido.<\/p>\n<h3><b>Higiene<\/b><\/h3>\n<p>Os padr\u00f5es de higiene da Col\u00f4mbia s\u00e3o bem parecidos com os do Brasil. Dificilmente voc\u00ea ter\u00e1 surpresas por l\u00e1.<\/p>\n<figure id=\"attachment_4651\" aria-describedby=\"caption-attachment-4651\" style=\"width: 1024px\" class=\"wp-caption aligncenter\"><img data-recalc-dims=\"1\" loading=\"lazy\" decoding=\"async\" data-attachment-id=\"4651\" data-permalink=\"https:\/\/mundosemfim.com\/?attachment_id=4651\" data-orig-file=\"https:\/\/i0.wp.com\/mundosemfim.com\/wp-content\/uploads\/2016\/11\/DSC_0119a-Copy.jpg?fit=1024%2C683&amp;ssl=1\" data-orig-size=\"1024,683\" data-comments-opened=\"1\" data-image-meta=\"{&quot;aperture&quot;:&quot;0&quot;,&quot;credit&quot;:&quot;&quot;,&quot;camera&quot;:&quot;&quot;,&quot;caption&quot;:&quot;&quot;,&quot;created_timestamp&quot;:&quot;0&quot;,&quot;copyright&quot;:&quot;&quot;,&quot;focal_length&quot;:&quot;0&quot;,&quot;iso&quot;:&quot;0&quot;,&quot;shutter_speed&quot;:&quot;0&quot;,&quot;title&quot;:&quot;&quot;,&quot;orientation&quot;:&quot;0&quot;}\" data-image-title=\"Rio Las Gachas\" data-image-description=\"\" data-image-caption=\"&lt;p&gt;Rio las Gachas&lt;\/p&gt;\n\" data-large-file=\"https:\/\/i0.wp.com\/mundosemfim.com\/wp-content\/uploads\/2016\/11\/DSC_0119a-Copy.jpg?fit=764%2C510&amp;ssl=1\" class=\"size-full wp-image-4651\" src=\"https:\/\/i0.wp.com\/mundosemfim.com\/wp-content\/uploads\/2016\/11\/DSC_0119a-Copy.jpg?resize=764%2C510&#038;ssl=1\" alt=\"\" width=\"764\" height=\"510\" srcset=\"https:\/\/i0.wp.com\/mundosemfim.com\/wp-content\/uploads\/2016\/11\/DSC_0119a-Copy.jpg?w=1024&amp;ssl=1 1024w, https:\/\/i0.wp.com\/mundosemfim.com\/wp-content\/uploads\/2016\/11\/DSC_0119a-Copy.jpg?resize=300%2C200&amp;ssl=1 300w, https:\/\/i0.wp.com\/mundosemfim.com\/wp-content\/uploads\/2016\/11\/DSC_0119a-Copy.jpg?resize=768%2C512&amp;ssl=1 768w\" sizes=\"auto, (max-width: 764px) 100vw, 764px\" \/><figcaption id=\"caption-attachment-4651\" class=\"wp-caption-text\">Rio las Gachas, em Guadalupe<\/figcaption><\/figure>\n<h3><b>Tr\u00e2nsito<\/b><\/h3>\n<p>Os motoristas colombianos costumam respeitar os pedestres, mas n\u00e3o os outros motoristas. \u00c0s vezes parece que preferem bater o carro a deixar que outro entre na sua frente. As cidades grandes com centros hist\u00f3ricos (como <a href=\"https:\/\/mundosemfim.com\/guia-completo-sobre-cartagena-o-que-fazer-onde-se-hospedar-como-economizar-etc\/\">Cartagena<\/a> e <a href=\"https:\/\/mundosemfim.com\/conhecendo-santa-marta-na-colombia-uma-alternativa-a-cartagena\/\">Santa Marta<\/a>) possuem ruas bem estreitas e poucos lugares para estacionar. Nas horas de pico, o tr\u00e2nsito para por completo nas metr\u00f3poles. Al\u00e9m disso, poucos hot\u00e9is econ\u00f4micos\u00a0possuem estacionamento.<\/p>\n<p>Se est\u00e1 pensando em alugar um carro por l\u00e1, leve tudo isso em considera\u00e7\u00e3o. O transporte p\u00fablico funciona bem em quase todas as cidades e os t\u00e1xis s\u00e3o econ\u00f4micos, o que torna o aluguel do carro ainda menos interessante.<\/p>\n<h3><b>Descontos<\/b><\/h3>\n<p>Pedir desconto em \u00f4nibus, hot\u00e9is e alguns tours costuma dar resultado, principalmente se estiver em grupo. Em <a href=\"https:\/\/mundosemfim.com\/carnaval-de-barranquilla-conheca-maior-festa-da-colombia\/\">Barranquilla<\/a>, por exemplo, conseguimos desconto at\u00e9 mesmo nos \u00f4nibus de linha (a passagem custava 2 mil, mas nos fizeram as duas por 3 mil).<\/p>\n<p>Fique atento que algumas pessoas costumam subir o pre\u00e7o quando percebem que voc\u00ea \u00e9 estrangeiro (isso \u00e9 muito comum nos \u00f4nibus da costa). Procure confirmar o valor com os outros passageiros.<\/p>\n<figure id=\"attachment_4621\" aria-describedby=\"caption-attachment-4621\" style=\"width: 1024px\" class=\"wp-caption aligncenter\"><img data-recalc-dims=\"1\" loading=\"lazy\" decoding=\"async\" data-attachment-id=\"4621\" data-permalink=\"https:\/\/mundosemfim.com\/?attachment_id=4621\" data-orig-file=\"https:\/\/i0.wp.com\/mundosemfim.com\/wp-content\/uploads\/2016\/11\/PA300009-Copy.jpg?fit=1024%2C683&amp;ssl=1\" data-orig-size=\"1024,683\" data-comments-opened=\"1\" data-image-meta=\"{&quot;aperture&quot;:&quot;0&quot;,&quot;credit&quot;:&quot;&quot;,&quot;camera&quot;:&quot;&quot;,&quot;caption&quot;:&quot;&quot;,&quot;created_timestamp&quot;:&quot;0&quot;,&quot;copyright&quot;:&quot;&quot;,&quot;focal_length&quot;:&quot;0&quot;,&quot;iso&quot;:&quot;0&quot;,&quot;shutter_speed&quot;:&quot;0&quot;,&quot;title&quot;:&quot;&quot;,&quot;orientation&quot;:&quot;0&quot;}\" data-image-title=\"Bogot\u00e1\" data-image-description=\"\" data-image-caption=\"&lt;p&gt;La Candel\u00e1ria, o centro de Bogot\u00e1&lt;\/p&gt;\n\" data-large-file=\"https:\/\/i0.wp.com\/mundosemfim.com\/wp-content\/uploads\/2016\/11\/PA300009-Copy.jpg?fit=764%2C510&amp;ssl=1\" class=\"size-full wp-image-4621\" src=\"https:\/\/i0.wp.com\/mundosemfim.com\/wp-content\/uploads\/2016\/11\/PA300009-Copy.jpg?resize=764%2C510&#038;ssl=1\" alt=\"\" width=\"764\" height=\"510\" srcset=\"https:\/\/i0.wp.com\/mundosemfim.com\/wp-content\/uploads\/2016\/11\/PA300009-Copy.jpg?w=1024&amp;ssl=1 1024w, https:\/\/i0.wp.com\/mundosemfim.com\/wp-content\/uploads\/2016\/11\/PA300009-Copy.jpg?resize=300%2C200&amp;ssl=1 300w, https:\/\/i0.wp.com\/mundosemfim.com\/wp-content\/uploads\/2016\/11\/PA300009-Copy.jpg?resize=768%2C512&amp;ssl=1 768w\" sizes=\"auto, (max-width: 764px) 100vw, 764px\" \/><figcaption id=\"caption-attachment-4621\" class=\"wp-caption-text\">La Candel\u00e1ria, o centro de Bogot\u00e1<\/figcaption><\/figure>\n<h3><b>O que mais voc\u00ea precisa saber<\/b><\/h3>\n<ul>\n<li>Se for pedir um chocolate quente em algum lugar, conv\u00e9m confirmar se \u00e9 com leite. Pode parecer engra\u00e7ado, mas os colombianos tem costume de tomar <i>Milo<\/i> (equivalente ao nosso nescau) com \u00e1gua.<\/li>\n<li>Preste muita aten\u00e7\u00e3o nos pre\u00e7os dos supermercados. \u00c9 muito comum os produtos estarem com os valores errados. Conv\u00e9m confirmar os valores naquelas m\u00e1quinas de consultar o pre\u00e7o com o c\u00f3digo de barras, mas j\u00e1 vimos situa\u00e7\u00f5es em que at\u00e9 mesmo elas mostram um valor diferente do que o apresentado no caixa.<\/li>\n<li>Na Col\u00f4mbia \u00e9 comum mostrarem o pre\u00e7o das frutas, verduras e carnes em libras (que d\u00e1 pouco menos que meio quilo). Preste aten\u00e7\u00e3o nisso caso algo pare\u00e7a estar muito barato.<\/li>\n<li>Em v\u00e1rias pra\u00e7as colombianas \u00e9 oferecido wi-fi gratuito. Em caso de necessidade, os <em>Juan Vald\u00e9z <\/em>tamb\u00e9m s\u00e3o um bom lugar para conseguir internet gr\u00e1tis.<\/li>\n<\/ul>\n<figure id=\"attachment_4584\" aria-describedby=\"caption-attachment-4584\" style=\"width: 1024px\" class=\"wp-caption aligncenter\"><img data-recalc-dims=\"1\" loading=\"lazy\" decoding=\"async\" data-attachment-id=\"4584\" data-permalink=\"https:\/\/mundosemfim.com\/?attachment_id=4584\" data-orig-file=\"https:\/\/i0.wp.com\/mundosemfim.com\/wp-content\/uploads\/2016\/11\/DSC_0228-Copy.jpg?fit=1024%2C683&amp;ssl=1\" data-orig-size=\"1024,683\" data-comments-opened=\"1\" data-image-meta=\"{&quot;aperture&quot;:&quot;0&quot;,&quot;credit&quot;:&quot;&quot;,&quot;camera&quot;:&quot;&quot;,&quot;caption&quot;:&quot;&quot;,&quot;created_timestamp&quot;:&quot;0&quot;,&quot;copyright&quot;:&quot;&quot;,&quot;focal_length&quot;:&quot;0&quot;,&quot;iso&quot;:&quot;0&quot;,&quot;shutter_speed&quot;:&quot;0&quot;,&quot;title&quot;:&quot;&quot;,&quot;orientation&quot;:&quot;0&quot;}\" data-image-title=\"Catedral de Sal\" data-image-description=\"\" data-image-caption=\"&lt;p&gt;Catedral de Sal&lt;\/p&gt;\n\" data-large-file=\"https:\/\/i0.wp.com\/mundosemfim.com\/wp-content\/uploads\/2016\/11\/DSC_0228-Copy.jpg?fit=764%2C510&amp;ssl=1\" class=\"size-full wp-image-4584\" src=\"https:\/\/i0.wp.com\/mundosemfim.com\/wp-content\/uploads\/2016\/11\/DSC_0228-Copy.jpg?resize=764%2C510&#038;ssl=1\" alt=\"\" width=\"764\" height=\"510\" srcset=\"https:\/\/i0.wp.com\/mundosemfim.com\/wp-content\/uploads\/2016\/11\/DSC_0228-Copy.jpg?w=1024&amp;ssl=1 1024w, https:\/\/i0.wp.com\/mundosemfim.com\/wp-content\/uploads\/2016\/11\/DSC_0228-Copy.jpg?resize=300%2C200&amp;ssl=1 300w, https:\/\/i0.wp.com\/mundosemfim.com\/wp-content\/uploads\/2016\/11\/DSC_0228-Copy.jpg?resize=768%2C512&amp;ssl=1 768w\" sizes=\"auto, (max-width: 764px) 100vw, 764px\" \/><figcaption id=\"caption-attachment-4584\" class=\"wp-caption-text\">Catedral de Sal, pertinho de Bogot\u00e1<\/figcaption><\/figure>\n<p>\u00c9 isso a\u00ed pessoal! Curtiram as dicas?<\/p>\n<p class=\"western\">Para mais dicas bacanas e acompanhar nossa viagem pelo mundo, n\u00e3o deixem de nos seguir em nossas redes sociais:<\/p>\n<ul>\n<li>\n<p class=\"western\"><a href=\"https:\/\/www.youtube.com\/c\/MundoSemFim?sub_confirmation=1\"><b>YouTube<\/b><\/a><\/p>\n<\/li>\n<li>\n<p class=\"western\"><a href=\"http:\/\/www.facebook.com\/mundosemfimoficial\"><b>Facebook<\/b><\/a><\/p>\n<\/li>\n<li>\n<p class=\"western\"><b>insta: @mundosf<\/b><\/p>\n<\/li>\n<\/ul>\n","protected":false},"excerpt":{"rendered":"<p>Considerado um dos pa\u00edses mais felizes do mundo, as portas da Col\u00f4mbia foram abertas ao turismo\u00a0h\u00e1 relativamente pouco tempo. Venha conhecer e se surpreender com as incont\u00e1veis belezas deste pa\u00eds!<\/p>\n","protected":false},"author":1,"featured_media":5007,"comment_status":"open","ping_status":"open","sticky":false,"template":"","format":"standard","meta":{"jetpack_post_was_ever_published":false,"_jetpack_newsletter_access":"","_jetpack_dont_email_post_to_subs":false,"_jetpack_newsletter_tier_id":0,"_jetpack_memberships_contains_paywalled_content":false,"_jetpack_memberships_contains_paid_content":false,"footnotes":"","jetpack_publicize_message":"","jetpack_publicize_feature_enabled":true,"jetpack_social_post_already_shared":true,"jetpack_social_options":{"image_generator_settings":{"template":"highway","default_image_id":0,"font":"","enabled":false},"version":2}},"categories":[6,7,313,238,51],"tags":[],"class_list":["post-5516","post","type-post","status-publish","format-standard","has-post-thumbnail","hentry","category-america-do-sul","category-america-latina","category-colombia","category-gastos","category-roteiro"],"yoast_head":"<!-- This site is optimized with the Yoast SEO plugin v27.5 - https:\/\/yoast.com\/product\/yoast-seo-wordpress\/ -->\n<title>Mochil\u00e3o pela Col\u00f4mbia \u2013 roteiro, gastos, dicas, fotos, etc - Mundo Sem Fim<\/title>\n<meta name=\"robots\" content=\"index, follow, max-snippet:-1, max-image-preview:large, max-video-preview:-1\" \/>\n<link rel=\"canonical\" href=\"https:\/\/mundosemfim.com\/?p=5516\" \/>\n<meta property=\"og:locale\" content=\"pt_BR\" \/>\n<meta property=\"og:type\" content=\"article\" \/>\n<meta property=\"og:title\" content=\"Mochil\u00e3o pela Col\u00f4mbia \u2013 roteiro, gastos, dicas, fotos, etc - Mundo Sem Fim\" \/>\n<meta property=\"og:description\" content=\"Considerado um dos pa\u00edses mais felizes do mundo, as portas da Col\u00f4mbia foram abertas ao turismo\u00a0h\u00e1 relativamente pouco tempo. Venha conhecer e se surpreender com as incont\u00e1veis belezas deste pa\u00eds!\" \/>\n<meta property=\"og:url\" content=\"https:\/\/mundosemfim.com\/?p=5516\" \/>\n<meta property=\"og:site_name\" content=\"Mundo Sem Fim\" \/>\n<meta property=\"article:publisher\" content=\"http:\/\/www.facebook.com\/mundosemfimoficial\" \/>\n<meta property=\"article:published_time\" content=\"2017-03-21T18:23:33+00:00\" \/>\n<meta property=\"article:modified_time\" content=\"2018-07-30T07:49:08+00:00\" \/>\n<meta property=\"og:image\" content=\"https:\/\/i0.wp.com\/mundosemfim.com\/wp-content\/uploads\/2017\/02\/DSC_0172.jpg?fit=1000%2C667&ssl=1\" \/>\n\t<meta property=\"og:image:width\" content=\"1000\" \/>\n\t<meta property=\"og:image:height\" content=\"667\" \/>\n\t<meta property=\"og:image:type\" content=\"image\/jpeg\" \/>\n<meta name=\"author\" content=\"Renan\" \/>\n<meta name=\"twitter:card\" content=\"summary_large_image\" \/>\n<meta name=\"twitter:label1\" content=\"Escrito por\" \/>\n\t<meta name=\"twitter:data1\" content=\"Renan\" \/>\n\t<meta name=\"twitter:label2\" content=\"Est. tempo de leitura\" \/>\n\t<meta name=\"twitter:data2\" content=\"19 minutos\" \/>\n<script type=\"application\/ld+json\" class=\"yoast-schema-graph\">{\"@context\":\"https:\\\/\\\/schema.org\",\"@graph\":[{\"@type\":\"Article\",\"@id\":\"https:\\\/\\\/mundosemfim.com\\\/?p=5516#article\",\"isPartOf\":{\"@id\":\"https:\\\/\\\/mundosemfim.com\\\/?p=5516\"},\"author\":{\"name\":\"Renan\",\"@id\":\"https:\\\/\\\/mundosemfim.com\\\/#\\\/schema\\\/person\\\/b021d50f3a19bae432e9b69ffbfa9257\"},\"headline\":\"Mochil\u00e3o pela Col\u00f4mbia \u2013 roteiro, gastos, dicas, fotos, etc\",\"datePublished\":\"2017-03-21T18:23:33+00:00\",\"dateModified\":\"2018-07-30T07:49:08+00:00\",\"mainEntityOfPage\":{\"@id\":\"https:\\\/\\\/mundosemfim.com\\\/?p=5516\"},\"wordCount\":3800,\"commentCount\":30,\"image\":{\"@id\":\"https:\\\/\\\/mundosemfim.com\\\/?p=5516#primaryimage\"},\"thumbnailUrl\":\"https:\\\/\\\/i0.wp.com\\\/mundosemfim.com\\\/wp-content\\\/uploads\\\/2017\\\/02\\\/DSC_0172.jpg?fit=1000%2C667&ssl=1\",\"articleSection\":[\"Am\u00e9rica do Sul\",\"am\u00e9rica latina\",\"Col\u00f4mbia\",\"Gastos\",\"roteiro\"],\"inLanguage\":\"pt-BR\",\"potentialAction\":[{\"@type\":\"CommentAction\",\"name\":\"Comment\",\"target\":[\"https:\\\/\\\/mundosemfim.com\\\/?p=5516#respond\"]}]},{\"@type\":\"WebPage\",\"@id\":\"https:\\\/\\\/mundosemfim.com\\\/?p=5516\",\"url\":\"https:\\\/\\\/mundosemfim.com\\\/?p=5516\",\"name\":\"Mochil\u00e3o pela Col\u00f4mbia \u2013 roteiro, gastos, dicas, fotos, etc - Mundo Sem Fim\",\"isPartOf\":{\"@id\":\"https:\\\/\\\/mundosemfim.com\\\/#website\"},\"primaryImageOfPage\":{\"@id\":\"https:\\\/\\\/mundosemfim.com\\\/?p=5516#primaryimage\"},\"image\":{\"@id\":\"https:\\\/\\\/mundosemfim.com\\\/?p=5516#primaryimage\"},\"thumbnailUrl\":\"https:\\\/\\\/i0.wp.com\\\/mundosemfim.com\\\/wp-content\\\/uploads\\\/2017\\\/02\\\/DSC_0172.jpg?fit=1000%2C667&ssl=1\",\"datePublished\":\"2017-03-21T18:23:33+00:00\",\"dateModified\":\"2018-07-30T07:49:08+00:00\",\"author\":{\"@id\":\"https:\\\/\\\/mundosemfim.com\\\/#\\\/schema\\\/person\\\/b021d50f3a19bae432e9b69ffbfa9257\"},\"breadcrumb\":{\"@id\":\"https:\\\/\\\/mundosemfim.com\\\/?p=5516#breadcrumb\"},\"inLanguage\":\"pt-BR\",\"potentialAction\":[{\"@type\":\"ReadAction\",\"target\":[\"https:\\\/\\\/mundosemfim.com\\\/?p=5516\"]}]},{\"@type\":\"ImageObject\",\"inLanguage\":\"pt-BR\",\"@id\":\"https:\\\/\\\/mundosemfim.com\\\/?p=5516#primaryimage\",\"url\":\"https:\\\/\\\/i0.wp.com\\\/mundosemfim.com\\\/wp-content\\\/uploads\\\/2017\\\/02\\\/DSC_0172.jpg?fit=1000%2C667&ssl=1\",\"contentUrl\":\"https:\\\/\\\/i0.wp.com\\\/mundosemfim.com\\\/wp-content\\\/uploads\\\/2017\\\/02\\\/DSC_0172.jpg?fit=1000%2C667&ssl=1\",\"width\":1000,\"height\":667,\"caption\":\"Mucuvinha na Torre do Rel\u00f3gio em Cartagena\"},{\"@type\":\"BreadcrumbList\",\"@id\":\"https:\\\/\\\/mundosemfim.com\\\/?p=5516#breadcrumb\",\"itemListElement\":[{\"@type\":\"ListItem\",\"position\":1,\"name\":\"In\u00edcio\",\"item\":\"https:\\\/\\\/mundosemfim.com\\\/\"},{\"@type\":\"ListItem\",\"position\":2,\"name\":\"Mochil\u00e3o pela Col\u00f4mbia \u2013 roteiro, gastos, dicas, fotos, etc\"}]},{\"@type\":\"WebSite\",\"@id\":\"https:\\\/\\\/mundosemfim.com\\\/#website\",\"url\":\"https:\\\/\\\/mundosemfim.com\\\/\",\"name\":\"Mundo Sem Fim\",\"description\":\"uma viagem de volta ao mundo pelos 5 continentes!\",\"potentialAction\":[{\"@type\":\"SearchAction\",\"target\":{\"@type\":\"EntryPoint\",\"urlTemplate\":\"https:\\\/\\\/mundosemfim.com\\\/?s={search_term_string}\"},\"query-input\":{\"@type\":\"PropertyValueSpecification\",\"valueRequired\":true,\"valueName\":\"search_term_string\"}}],\"inLanguage\":\"pt-BR\"},{\"@type\":\"Person\",\"@id\":\"https:\\\/\\\/mundosemfim.com\\\/#\\\/schema\\\/person\\\/b021d50f3a19bae432e9b69ffbfa9257\",\"name\":\"Renan\",\"image\":{\"@type\":\"ImageObject\",\"inLanguage\":\"pt-BR\",\"@id\":\"https:\\\/\\\/secure.gravatar.com\\\/avatar\\\/faafca769a603ac75196d21826f3bda645d7e2d6306bb6e236d8cdb38eb44e38?s=96&d=mm&r=g\",\"url\":\"https:\\\/\\\/secure.gravatar.com\\\/avatar\\\/faafca769a603ac75196d21826f3bda645d7e2d6306bb6e236d8cdb38eb44e38?s=96&d=mm&r=g\",\"contentUrl\":\"https:\\\/\\\/secure.gravatar.com\\\/avatar\\\/faafca769a603ac75196d21826f3bda645d7e2d6306bb6e236d8cdb38eb44e38?s=96&d=mm&r=g\",\"caption\":\"Renan\"}}]}<\/script>\n<!-- \/ Yoast SEO plugin. -->","yoast_head_json":{"title":"Mochil\u00e3o pela Col\u00f4mbia \u2013 roteiro, gastos, dicas, fotos, etc - Mundo Sem Fim","robots":{"index":"index","follow":"follow","max-snippet":"max-snippet:-1","max-image-preview":"max-image-preview:large","max-video-preview":"max-video-preview:-1"},"canonical":"https:\/\/mundosemfim.com\/?p=5516","og_locale":"pt_BR","og_type":"article","og_title":"Mochil\u00e3o pela Col\u00f4mbia \u2013 roteiro, gastos, dicas, fotos, etc - Mundo Sem Fim","og_description":"Considerado um dos pa\u00edses mais felizes do mundo, as portas da Col\u00f4mbia foram abertas ao turismo\u00a0h\u00e1 relativamente pouco tempo. Venha conhecer e se surpreender com as incont\u00e1veis belezas deste pa\u00eds!","og_url":"https:\/\/mundosemfim.com\/?p=5516","og_site_name":"Mundo Sem Fim","article_publisher":"http:\/\/www.facebook.com\/mundosemfimoficial","article_published_time":"2017-03-21T18:23:33+00:00","article_modified_time":"2018-07-30T07:49:08+00:00","og_image":[{"width":1000,"height":667,"url":"https:\/\/i0.wp.com\/mundosemfim.com\/wp-content\/uploads\/2017\/02\/DSC_0172.jpg?fit=1000%2C667&ssl=1","type":"image\/jpeg"}],"author":"Renan","twitter_card":"summary_large_image","twitter_misc":{"Escrito por":"Renan","Est. tempo de leitura":"19 minutos"},"schema":{"@context":"https:\/\/schema.org","@graph":[{"@type":"Article","@id":"https:\/\/mundosemfim.com\/?p=5516#article","isPartOf":{"@id":"https:\/\/mundosemfim.com\/?p=5516"},"author":{"name":"Renan","@id":"https:\/\/mundosemfim.com\/#\/schema\/person\/b021d50f3a19bae432e9b69ffbfa9257"},"headline":"Mochil\u00e3o pela Col\u00f4mbia \u2013 roteiro, gastos, dicas, fotos, etc","datePublished":"2017-03-21T18:23:33+00:00","dateModified":"2018-07-30T07:49:08+00:00","mainEntityOfPage":{"@id":"https:\/\/mundosemfim.com\/?p=5516"},"wordCount":3800,"commentCount":30,"image":{"@id":"https:\/\/mundosemfim.com\/?p=5516#primaryimage"},"thumbnailUrl":"https:\/\/i0.wp.com\/mundosemfim.com\/wp-content\/uploads\/2017\/02\/DSC_0172.jpg?fit=1000%2C667&ssl=1","articleSection":["Am\u00e9rica do Sul","am\u00e9rica latina","Col\u00f4mbia","Gastos","roteiro"],"inLanguage":"pt-BR","potentialAction":[{"@type":"CommentAction","name":"Comment","target":["https:\/\/mundosemfim.com\/?p=5516#respond"]}]},{"@type":"WebPage","@id":"https:\/\/mundosemfim.com\/?p=5516","url":"https:\/\/mundosemfim.com\/?p=5516","name":"Mochil\u00e3o pela Col\u00f4mbia \u2013 roteiro, gastos, dicas, fotos, etc - Mundo Sem Fim","isPartOf":{"@id":"https:\/\/mundosemfim.com\/#website"},"primaryImageOfPage":{"@id":"https:\/\/mundosemfim.com\/?p=5516#primaryimage"},"image":{"@id":"https:\/\/mundosemfim.com\/?p=5516#primaryimage"},"thumbnailUrl":"https:\/\/i0.wp.com\/mundosemfim.com\/wp-content\/uploads\/2017\/02\/DSC_0172.jpg?fit=1000%2C667&ssl=1","datePublished":"2017-03-21T18:23:33+00:00","dateModified":"2018-07-30T07:49:08+00:00","author":{"@id":"https:\/\/mundosemfim.com\/#\/schema\/person\/b021d50f3a19bae432e9b69ffbfa9257"},"breadcrumb":{"@id":"https:\/\/mundosemfim.com\/?p=5516#breadcrumb"},"inLanguage":"pt-BR","potentialAction":[{"@type":"ReadAction","target":["https:\/\/mundosemfim.com\/?p=5516"]}]},{"@type":"ImageObject","inLanguage":"pt-BR","@id":"https:\/\/mundosemfim.com\/?p=5516#primaryimage","url":"https:\/\/i0.wp.com\/mundosemfim.com\/wp-content\/uploads\/2017\/02\/DSC_0172.jpg?fit=1000%2C667&ssl=1","contentUrl":"https:\/\/i0.wp.com\/mundosemfim.com\/wp-content\/uploads\/2017\/02\/DSC_0172.jpg?fit=1000%2C667&ssl=1","width":1000,"height":667,"caption":"Mucuvinha na Torre do Rel\u00f3gio em Cartagena"},{"@type":"BreadcrumbList","@id":"https:\/\/mundosemfim.com\/?p=5516#breadcrumb","itemListElement":[{"@type":"ListItem","position":1,"name":"In\u00edcio","item":"https:\/\/mundosemfim.com\/"},{"@type":"ListItem","position":2,"name":"Mochil\u00e3o pela Col\u00f4mbia \u2013 roteiro, gastos, dicas, fotos, etc"}]},{"@type":"WebSite","@id":"https:\/\/mundosemfim.com\/#website","url":"https:\/\/mundosemfim.com\/","name":"Mundo Sem Fim","description":"uma viagem de volta ao mundo pelos 5 continentes!","potentialAction":[{"@type":"SearchAction","target":{"@type":"EntryPoint","urlTemplate":"https:\/\/mundosemfim.com\/?s={search_term_string}"},"query-input":{"@type":"PropertyValueSpecification","valueRequired":true,"valueName":"search_term_string"}}],"inLanguage":"pt-BR"},{"@type":"Person","@id":"https:\/\/mundosemfim.com\/#\/schema\/person\/b021d50f3a19bae432e9b69ffbfa9257","name":"Renan","image":{"@type":"ImageObject","inLanguage":"pt-BR","@id":"https:\/\/secure.gravatar.com\/avatar\/faafca769a603ac75196d21826f3bda645d7e2d6306bb6e236d8cdb38eb44e38?s=96&d=mm&r=g","url":"https:\/\/secure.gravatar.com\/avatar\/faafca769a603ac75196d21826f3bda645d7e2d6306bb6e236d8cdb38eb44e38?s=96&d=mm&r=g","contentUrl":"https:\/\/secure.gravatar.com\/avatar\/faafca769a603ac75196d21826f3bda645d7e2d6306bb6e236d8cdb38eb44e38?s=96&d=mm&r=g","caption":"Renan"}}]}},"jetpack_publicize_connections":[],"jetpack_featured_media_url":"https:\/\/i0.wp.com\/mundosemfim.com\/wp-content\/uploads\/2017\/02\/DSC_0172.jpg?fit=1000%2C667&ssl=1","jetpack_sharing_enabled":true,"jetpack_shortlink":"https:\/\/wp.me\/p7CQyF-1qY","jetpack-related-posts":[{"id":4279,"url":"https:\/\/mundosemfim.com\/?p=4279","url_meta":{"origin":5516,"position":0},"title":"Cruzando a fronteira Equador \u2013 Col\u00f4mbia por Rumichaca","author":"Renan","date":"setembro 27, 2016","format":false,"excerpt":"Provavelmente a fronteira mais utilizada por mochileiros que viajam entre estes dois pa\u00edses, o passo de Rumichaca \u00e9 o mais recomendado e bastante seguro. Aqui contamos como foi nossa travessia! C\u00e2mbio oficial (set\/2016) 1 d\u00f3lar = 3,30 reais 1 real = 893 pesos colombianos 1 d\u00f3lar = 2890 pesos colombianos\u2026","rel":"","context":"Em &quot;Am\u00e9rica do Sul&quot;","block_context":{"text":"Am\u00e9rica do Sul","link":"https:\/\/mundosemfim.com\/?cat=6"},"img":{"alt_text":"","src":"https:\/\/i0.wp.com\/mundosemfim.com\/wp-content\/uploads\/2016\/09\/P9180025.jpg?fit=901%2C601&ssl=1&resize=350%2C200","width":350,"height":200,"srcset":"https:\/\/i0.wp.com\/mundosemfim.com\/wp-content\/uploads\/2016\/09\/P9180025.jpg?fit=901%2C601&ssl=1&resize=350%2C200 1x, https:\/\/i0.wp.com\/mundosemfim.com\/wp-content\/uploads\/2016\/09\/P9180025.jpg?fit=901%2C601&ssl=1&resize=525%2C300 1.5x, https:\/\/i0.wp.com\/mundosemfim.com\/wp-content\/uploads\/2016\/09\/P9180025.jpg?fit=901%2C601&ssl=1&resize=700%2C400 2x"},"classes":[]},{"id":4331,"url":"https:\/\/mundosemfim.com\/?p=4331","url_meta":{"origin":5516,"position":1},"title":"Popay\u00e1n \u2013 conhe\u00e7a esta bela cidade colonial na Col\u00f4mbia","author":"Renan","date":"outubro 3, 2016","format":false,"excerpt":"Com um centro hist\u00f3rico muito bonito, praticamente todo pintado de branco, Popay\u00e1n \u00e9 uma bela cidade colonial que d\u00e1 boas-vindas aos viajantes que chegam ao pa\u00eds desde o Equador. N\u00e3o deixe de conhec\u00ea-la! C\u00e2mbio oficial (out\/2016) 1 real = 910 pesos colombianos 1 d\u00f3lar = 2930 pesos colombianos A beleza\u2026","rel":"","context":"Em &quot;Am\u00e9rica do Sul&quot;","block_context":{"text":"Am\u00e9rica do Sul","link":"https:\/\/mundosemfim.com\/?cat=6"},"img":{"alt_text":"","src":"https:\/\/i0.wp.com\/mundosemfim.com\/wp-content\/uploads\/2016\/10\/DSC_0001-1.jpg?fit=960%2C640&ssl=1&resize=350%2C200","width":350,"height":200,"srcset":"https:\/\/i0.wp.com\/mundosemfim.com\/wp-content\/uploads\/2016\/10\/DSC_0001-1.jpg?fit=960%2C640&ssl=1&resize=350%2C200 1x, https:\/\/i0.wp.com\/mundosemfim.com\/wp-content\/uploads\/2016\/10\/DSC_0001-1.jpg?fit=960%2C640&ssl=1&resize=525%2C300 1.5x, https:\/\/i0.wp.com\/mundosemfim.com\/wp-content\/uploads\/2016\/10\/DSC_0001-1.jpg?fit=960%2C640&ssl=1&resize=700%2C400 2x"},"classes":[]},{"id":5477,"url":"https:\/\/mundosemfim.com\/?p=5477","url_meta":{"origin":5516,"position":2},"title":"Conhe\u00e7a Arboletes e mergulhe num vulc\u00e3o de lama! &#8211; Col\u00f4mbia","author":"Renan","date":"mar\u00e7o 7, 2017","format":false,"excerpt":"A pequena cidade de Arboletes, fora do roteiro tur\u00edstico tradicional e pouco conhecida por viajantes, oferece uma experi\u00eancia \u00fanica: mergulhar na cratera de um vulc\u00e3o cheio de lodo! Venha conhecer como foi nossa experi\u00eancia por l\u00e1. C\u00e2mbio oficial (mar\u00e7o\/2017) 1 real = 945 pesos colombianos 1 d\u00f3lar = 2975 pesos\u2026","rel":"","context":"Em &quot;Am\u00e9rica do Sul&quot;","block_context":{"text":"Am\u00e9rica do Sul","link":"https:\/\/mundosemfim.com\/?cat=6"},"img":{"alt_text":"Vulc\u00e3o de lodo de Arboletes","src":"https:\/\/i0.wp.com\/mundosemfim.com\/wp-content\/uploads\/2017\/03\/DSC_0022.jpg?fit=1000%2C667&ssl=1&resize=350%2C200","width":350,"height":200,"srcset":"https:\/\/i0.wp.com\/mundosemfim.com\/wp-content\/uploads\/2017\/03\/DSC_0022.jpg?fit=1000%2C667&ssl=1&resize=350%2C200 1x, https:\/\/i0.wp.com\/mundosemfim.com\/wp-content\/uploads\/2017\/03\/DSC_0022.jpg?fit=1000%2C667&ssl=1&resize=525%2C300 1.5x, https:\/\/i0.wp.com\/mundosemfim.com\/wp-content\/uploads\/2017\/03\/DSC_0022.jpg?fit=1000%2C667&ssl=1&resize=700%2C400 2x"},"classes":[]},{"id":4626,"url":"https:\/\/mundosemfim.com\/?p=4626","url_meta":{"origin":5516,"position":3},"title":"Conhecendo Villa de Leyva \u2013 uma das mais belas cidades coloniais da Col\u00f4mbia","author":"Renan","date":"novembro 17, 2016","format":false,"excerpt":"A Col\u00f4mbia est\u00e1 repleta de lindas cidades coloniais, e Villa de Leyva \u00e9 uma das mais encantadoras. A cerca de\u00a03 horas ao norte de Bogot\u00e1, sem d\u00favidas merece uma visita! C\u00e2mbio oficial (novembro\/2016) 1 real = 920 pesos colombianos 1 d\u00f3lar = 2915 pesos colombianos A pouco mais de 3h\u2026","rel":"","context":"Em &quot;Am\u00e9rica do Sul&quot;","block_context":{"text":"Am\u00e9rica do Sul","link":"https:\/\/mundosemfim.com\/?cat=6"},"img":{"alt_text":"","src":"https:\/\/i0.wp.com\/mundosemfim.com\/wp-content\/uploads\/2016\/11\/DSC_0030-Copy.jpg?fit=1024%2C683&ssl=1&resize=350%2C200","width":350,"height":200,"srcset":"https:\/\/i0.wp.com\/mundosemfim.com\/wp-content\/uploads\/2016\/11\/DSC_0030-Copy.jpg?fit=1024%2C683&ssl=1&resize=350%2C200 1x, https:\/\/i0.wp.com\/mundosemfim.com\/wp-content\/uploads\/2016\/11\/DSC_0030-Copy.jpg?fit=1024%2C683&ssl=1&resize=525%2C300 1.5x, https:\/\/i0.wp.com\/mundosemfim.com\/wp-content\/uploads\/2016\/11\/DSC_0030-Copy.jpg?fit=1024%2C683&ssl=1&resize=700%2C400 2x"},"classes":[]},{"id":5494,"url":"https:\/\/mundosemfim.com\/?p=5494","url_meta":{"origin":5516,"position":4},"title":"Conhe\u00e7a Capurgan\u00e1 \u2013 uma das praias mais paradis\u00edacas da Col\u00f4mbia","author":"Renan","date":"mar\u00e7o 20, 2017","format":false,"excerpt":"Localizada pertinho do Panam\u00e1, Capurgan\u00e1 \u00e9 um daqueles lugares paradis\u00edacos que poucos turistas conhecem. Por sorte nos atrevemos a ir at\u00e9 l\u00e1, e aqui damos todas as dicas para que voc\u00ea poder usufruir ao m\u00e1ximo deste lugar encantador! C\u00e2mbio oficial (mar\u00e7o\/2017) 1 real = 940 pesos colombianos 1 d\u00f3lar =\u2026","rel":"","context":"Em &quot;Am\u00e9rica do Sul&quot;","block_context":{"text":"Am\u00e9rica do Sul","link":"https:\/\/mundosemfim.com\/?cat=6"},"img":{"alt_text":"Paradis\u00edaca praia de Capurgan\u00e1Paradis\u00edaca praia de Capurgan\u00e1","src":"https:\/\/i0.wp.com\/mundosemfim.com\/wp-content\/uploads\/2017\/03\/DSC_0039.jpg?fit=1000%2C667&ssl=1&resize=350%2C200","width":350,"height":200,"srcset":"https:\/\/i0.wp.com\/mundosemfim.com\/wp-content\/uploads\/2017\/03\/DSC_0039.jpg?fit=1000%2C667&ssl=1&resize=350%2C200 1x, https:\/\/i0.wp.com\/mundosemfim.com\/wp-content\/uploads\/2017\/03\/DSC_0039.jpg?fit=1000%2C667&ssl=1&resize=525%2C300 1.5x, https:\/\/i0.wp.com\/mundosemfim.com\/wp-content\/uploads\/2017\/03\/DSC_0039.jpg?fit=1000%2C667&ssl=1&resize=700%2C400 2x"},"classes":[]},{"id":4797,"url":"https:\/\/mundosemfim.com\/?p=4797","url_meta":{"origin":5516,"position":5},"title":"De Maracaibo a Maicao \u2013 Cruzando a fronteira Venezuela \u2013 Col\u00f4mbia por Paraguach\u00f3n","author":"Renan","date":"janeiro 10, 2017","format":false,"excerpt":"Considerada uma das piores fronteiras da Am\u00e9rica do Sul, o passo de Paraguach\u00f3n, que liga o litoral venezuelano com o colombiano \u00e9 evitado por muitos viajantes. N\u00f3s, como bons cabe\u00e7as-duras, passamos por l\u00e1, e aqui contamos como foi! Refer\u00eancia (janeiro\/2017) 1 d\u00f3lar = 3300 bol\u00edvar fuerte* 1 d\u00f3lar = 2900\u2026","rel":"","context":"Em &quot;Am\u00e9rica do Sul&quot;","block_context":{"text":"Am\u00e9rica do Sul","link":"https:\/\/mundosemfim.com\/?cat=6"},"img":{"alt_text":"","src":"https:\/\/i0.wp.com\/mundosemfim.com\/wp-content\/uploads\/2017\/01\/P1080084.jpg?fit=1000%2C667&ssl=1&resize=350%2C200","width":350,"height":200,"srcset":"https:\/\/i0.wp.com\/mundosemfim.com\/wp-content\/uploads\/2017\/01\/P1080084.jpg?fit=1000%2C667&ssl=1&resize=350%2C200 1x, https:\/\/i0.wp.com\/mundosemfim.com\/wp-content\/uploads\/2017\/01\/P1080084.jpg?fit=1000%2C667&ssl=1&resize=525%2C300 1.5x, https:\/\/i0.wp.com\/mundosemfim.com\/wp-content\/uploads\/2017\/01\/P1080084.jpg?fit=1000%2C667&ssl=1&resize=700%2C400 2x"},"classes":[]}],"_links":{"self":[{"href":"https:\/\/mundosemfim.com\/index.php?rest_route=\/wp\/v2\/posts\/5516","targetHints":{"allow":["GET"]}}],"collection":[{"href":"https:\/\/mundosemfim.com\/index.php?rest_route=\/wp\/v2\/posts"}],"about":[{"href":"https:\/\/mundosemfim.com\/index.php?rest_route=\/wp\/v2\/types\/post"}],"author":[{"embeddable":true,"href":"https:\/\/mundosemfim.com\/index.php?rest_route=\/wp\/v2\/users\/1"}],"replies":[{"embeddable":true,"href":"https:\/\/mundosemfim.com\/index.php?rest_route=%2Fwp%2Fv2%2Fcomments&post=5516"}],"version-history":[{"count":9,"href":"https:\/\/mundosemfim.com\/index.php?rest_route=\/wp\/v2\/posts\/5516\/revisions"}],"predecessor-version":[{"id":8240,"href":"https:\/\/mundosemfim.com\/index.php?rest_route=\/wp\/v2\/posts\/5516\/revisions\/8240"}],"wp:featuredmedia":[{"embeddable":true,"href":"https:\/\/mundosemfim.com\/index.php?rest_route=\/wp\/v2\/media\/5007"}],"wp:attachment":[{"href":"https:\/\/mundosemfim.com\/index.php?rest_route=%2Fwp%2Fv2%2Fmedia&parent=5516"}],"wp:term":[{"taxonomy":"category","embeddable":true,"href":"https:\/\/mundosemfim.com\/index.php?rest_route=%2Fwp%2Fv2%2Fcategories&post=5516"},{"taxonomy":"post_tag","embeddable":true,"href":"https:\/\/mundosemfim.com\/index.php?rest_route=%2Fwp%2Fv2%2Ftags&post=5516"}],"curies":[{"name":"wp","href":"https:\/\/api.w.org\/{rel}","templated":true}]}}