{"id":5505,"date":"2017-03-20T19:55:26","date_gmt":"2017-03-20T22:55:26","guid":{"rendered":"https:\/\/mundosemfim.com\/?p=5505"},"modified":"2017-03-21T15:57:55","modified_gmt":"2017-03-21T18:57:55","slug":"cruzando-fronteira-colombia-panama-por-puerto-obaldia","status":"publish","type":"post","link":"https:\/\/mundosemfim.com\/?p=5505","title":{"rendered":"Cruzando a fronteira Col\u00f4mbia \u2013 Panam\u00e1 por Puerto Obald\u00eda"},"content":{"rendered":"<p>Depois de muito pensar em como cruzar da Am\u00e9rica do Sul \u00e0 Am\u00e9rica Central, chegamos \u00e0 conclus\u00e3o que o melhor era fazer por terra e barco. E esta foi uma das melhores experi\u00eancias da nossa viagem! Aqui contamos como foi cruzar esta fronteira pouco conhecida.<\/p>\n<p><!--more--><\/p>\n<p><b>Refer\u00eancia (mar\u00e7o\/2017)<br \/>\n<\/b>1 real = 940 pesos colombianos<br \/>\n1 d\u00f3lar = 3,10 reais<\/p>\n<figure id=\"attachment_5506\" aria-describedby=\"caption-attachment-5506\" style=\"width: 1000px\" class=\"wp-caption aligncenter\"><img data-recalc-dims=\"1\" loading=\"lazy\" decoding=\"async\" data-attachment-id=\"5506\" data-permalink=\"https:\/\/mundosemfim.com\/?attachment_id=5506\" data-orig-file=\"https:\/\/i0.wp.com\/mundosemfim.com\/wp-content\/uploads\/2017\/03\/P3110121.jpg?fit=1000%2C667&amp;ssl=1\" data-orig-size=\"1000,667\" data-comments-opened=\"1\" data-image-meta=\"{&quot;aperture&quot;:&quot;0&quot;,&quot;credit&quot;:&quot;&quot;,&quot;camera&quot;:&quot;&quot;,&quot;caption&quot;:&quot;&quot;,&quot;created_timestamp&quot;:&quot;0&quot;,&quot;copyright&quot;:&quot;&quot;,&quot;focal_length&quot;:&quot;0&quot;,&quot;iso&quot;:&quot;0&quot;,&quot;shutter_speed&quot;:&quot;0&quot;,&quot;title&quot;:&quot;&quot;,&quot;orientation&quot;:&quot;0&quot;}\" data-image-title=\"Puerto Obald\u00eda\" data-image-description=\"&lt;p&gt;Puerto Obald\u00eda &amp;#8211; bienvenidos al Panam\u00e1!&lt;\/p&gt;\n\" data-image-caption=\"&lt;p&gt;Puerto Obald\u00eda &amp;#8211; bienvenidos al Panam\u00e1!&lt;\/p&gt;\n\" data-large-file=\"https:\/\/i0.wp.com\/mundosemfim.com\/wp-content\/uploads\/2017\/03\/P3110121.jpg?fit=764%2C510&amp;ssl=1\" class=\"size-full wp-image-5506\" src=\"https:\/\/i0.wp.com\/mundosemfim.com\/wp-content\/uploads\/2017\/03\/P3110121.jpg?resize=764%2C510&#038;ssl=1\" alt=\"Puerto Obald\u00eda - bienvenidos al Panam\u00e1!\" width=\"764\" height=\"510\" srcset=\"https:\/\/i0.wp.com\/mundosemfim.com\/wp-content\/uploads\/2017\/03\/P3110121.jpg?w=1000&amp;ssl=1 1000w, https:\/\/i0.wp.com\/mundosemfim.com\/wp-content\/uploads\/2017\/03\/P3110121.jpg?resize=300%2C200&amp;ssl=1 300w, https:\/\/i0.wp.com\/mundosemfim.com\/wp-content\/uploads\/2017\/03\/P3110121.jpg?resize=768%2C512&amp;ssl=1 768w\" sizes=\"auto, (max-width: 764px) 100vw, 764px\" \/><figcaption id=\"caption-attachment-5506\" class=\"wp-caption-text\">Puerto Obald\u00eda &#8211; bienvenidos al Panam\u00e1!<\/figcaption><\/figure>\n<p>Para aqueles que vem viajando pela Am\u00e9rica, cruzar da <a href=\"https:\/\/mundosemfim.com\/mochilao-pela-colombia-roteiro-gastos-dicas-fotos-etc\/\">Col\u00f4mbia<\/a> ao Panam\u00e1 pode ser uma grande dor de cabe\u00e7a. Talvez por isso que muitos mochileiros acabam ficando s\u00f3 na Am\u00e9rica do Sul, e acabam n\u00e3o cruzando \u00e0 Am\u00e9rica Central.<\/p>\n<p>O motivo da complica\u00e7\u00e3o \u00e9 f\u00e1cil entender: desde o Alasca at\u00e9 o sul do <a href=\"https:\/\/mundosemfim.com\/mochilao-pelo-chile-de-ponta-a-ponta-roteiro-gastos-dicas-fotos-etc\/\">Chile<\/a> h\u00e1 uma longa estrada, conhecida como Panamericana, que s\u00f3 n\u00e3o \u00e9 cont\u00ednua por conta desta fronteira. No Estreito de Dari\u00e9n (faixa de terra que conecta a <a href=\"https:\/\/mundosemfim.com\/mochilao-pela-colombia-roteiro-gastos-dicas-fotos-etc\/\">Col\u00f4mbia<\/a> ao Panam\u00e1) n\u00e3o h\u00e1 estradas, apenas selva densa.<\/p>\n<p>O motivo oficial desta separa\u00e7\u00e3o \u00e9 a preserva\u00e7\u00e3o da natureza desta regi\u00e3o, embora muitos digam que \u00e9 uma estrat\u00e9gia para dificultar que a droga produzida na Am\u00e9rica do Sul chegue aos maiores consumidores do mundo (os EUA).<\/p>\n<p>Seja l\u00e1 a raz\u00e3o, n\u00f3s, mochileiros da Am\u00e9rica do Sul, precisamos buscar m\u00e9todos alternativos para chegar \u00e0 Am\u00e9rica Central.<\/p>\n<p>N\u00f3s fomos por Puerto Obald\u00eda, em uma combina\u00e7\u00e3o de \u00f4nibus e barco passando pelas paisagens mais espetaculares do continente. Aqui descrevemos como foi!<\/p>\n<figure id=\"attachment_5495\" aria-describedby=\"caption-attachment-5495\" style=\"width: 1000px\" class=\"wp-caption aligncenter\"><img data-recalc-dims=\"1\" loading=\"lazy\" decoding=\"async\" data-attachment-id=\"5495\" data-permalink=\"https:\/\/mundosemfim.com\/?attachment_id=5495\" data-orig-file=\"https:\/\/i0.wp.com\/mundosemfim.com\/wp-content\/uploads\/2017\/03\/DSC_0039.jpg?fit=1000%2C667&amp;ssl=1\" data-orig-size=\"1000,667\" data-comments-opened=\"1\" data-image-meta=\"{&quot;aperture&quot;:&quot;0&quot;,&quot;credit&quot;:&quot;&quot;,&quot;camera&quot;:&quot;&quot;,&quot;caption&quot;:&quot;&quot;,&quot;created_timestamp&quot;:&quot;1490002244&quot;,&quot;copyright&quot;:&quot;&quot;,&quot;focal_length&quot;:&quot;0&quot;,&quot;iso&quot;:&quot;0&quot;,&quot;shutter_speed&quot;:&quot;0&quot;,&quot;title&quot;:&quot;&quot;,&quot;orientation&quot;:&quot;1&quot;}\" data-image-title=\"Capurgan\u00e1\" data-image-description=\"&lt;p&gt;Paradis\u00edaca praia de Capurgan\u00e1&lt;\/p&gt;\n\" data-image-caption=\"&lt;p&gt;Paradis\u00edaca praia de Capurgan\u00e1&lt;\/p&gt;\n\" data-large-file=\"https:\/\/i0.wp.com\/mundosemfim.com\/wp-content\/uploads\/2017\/03\/DSC_0039.jpg?fit=764%2C510&amp;ssl=1\" class=\"size-full wp-image-5495\" src=\"https:\/\/i0.wp.com\/mundosemfim.com\/wp-content\/uploads\/2017\/03\/DSC_0039.jpg?resize=764%2C510&#038;ssl=1\" alt=\"Paradis\u00edaca praia de Capurgan\u00e1Paradis\u00edaca praia de Capurgan\u00e1\" width=\"764\" height=\"510\" srcset=\"https:\/\/i0.wp.com\/mundosemfim.com\/wp-content\/uploads\/2017\/03\/DSC_0039.jpg?w=1000&amp;ssl=1 1000w, https:\/\/i0.wp.com\/mundosemfim.com\/wp-content\/uploads\/2017\/03\/DSC_0039.jpg?resize=300%2C200&amp;ssl=1 300w, https:\/\/i0.wp.com\/mundosemfim.com\/wp-content\/uploads\/2017\/03\/DSC_0039.jpg?resize=768%2C512&amp;ssl=1 768w\" sizes=\"auto, (max-width: 764px) 100vw, 764px\" \/><figcaption id=\"caption-attachment-5495\" class=\"wp-caption-text\">Capurgan\u00e1, um dos lugares paradis\u00edacos da travessia<\/figcaption><\/figure>\n<h3><b>Cruzando a fronteira por Puerto Obald\u00eda<\/b><\/h3>\n<p>Escutamos que era poss\u00edvel fazer este caminho, mas quase desistimos da ideia depois de lermos v\u00e1rios relatos dizendo que esta fronteira \u00e9 horr\u00edvel, cheia de imigrantes ilegais e narcotraficantes. Felizmente fomos cabe\u00e7a-dura: n\u00e3o vimos nada de ruim no caminho, somente lindas praias e um povo muito simp\u00e1tico.<\/p>\n<p>Para fazer este caminho, \u00e9 preciso chegar at\u00e9 Capurgan\u00e1 (Col\u00f4mbia). Esta cidade s\u00f3 \u00e9 acess\u00edvel de barco ou avi\u00e3o. Um barco de Necocl\u00ed at\u00e9 Capurgan\u00e1 custa 70 mil pesos colombianos (leia <a href=\"https:\/\/mundosemfim.com\/como-chegar-capurgana-um-paraiso-secreto-no-caribe-colombiano\/\"><b>aqui<\/b><\/a> os detalhes de como chegar at\u00e9 l\u00e1). Capurgan\u00e1 \u00e9 uma praia paradis\u00edaca, e vale a pena passar uns dias por l\u00e1.<\/p>\n<p>Leia nosso post completo sobre Capurgan\u00e1 <a href=\"https:\/\/mundosemfim.com\/conheca-capurgana-uma-das-praias-mais-paradisiacas-da-colombia\/\"><b>aqui<\/b><\/a>.<\/p>\n<h4><b>De <a href=\"https:\/\/mundosemfim.com\/conheca-capurgana-uma-das-praias-mais-paradisiacas-da-colombia\/\">Capurgan\u00e1<\/a> a Puerto Obald\u00eda<\/b><\/h4>\n<p>Em <a href=\"https:\/\/mundosemfim.com\/conheca-capurgana-uma-das-praias-mais-paradisiacas-da-colombia\/\">Capurgan\u00e1<\/a>, \u00e9 preciso carimbar a sa\u00edda da Col\u00f4mbia. Existe uma outra cidade colombiana ainda mais perto do Panam\u00e1 chamada Sapzurro, mas l\u00e1 n\u00e3o h\u00e1 oficina de imigra\u00e7\u00e3o.<\/p>\n<p>A imigra\u00e7\u00e3o colombiana funciona das 9 \u00e0s 17 horas todos os dias, mas este hor\u00e1rio \u00e9 um pouco flex\u00edvel (quedas de luz s\u00e3o muito frequentes em Capurgan\u00e1, e isso dificulta um pouco). Conv\u00e9m carimbar a sa\u00edda um dia antes da viagem.<\/p>\n<p>Uma vez carimbada a sa\u00edda, voc\u00ea ter\u00e1 at\u00e9 3 dias para chegar ao Panam\u00e1. Caso n\u00e3o consiga (seja l\u00e1 qual for a raz\u00e3o) passe na imigra\u00e7\u00e3o colombiana novamente e pe\u00e7a um novo carimbo.<\/p>\n<figure id=\"attachment_5507\" aria-describedby=\"caption-attachment-5507\" style=\"width: 369px\" class=\"wp-caption aligncenter\"><img data-recalc-dims=\"1\" loading=\"lazy\" decoding=\"async\" data-attachment-id=\"5507\" data-permalink=\"https:\/\/mundosemfim.com\/?attachment_id=5507\" data-orig-file=\"https:\/\/i0.wp.com\/mundosemfim.com\/wp-content\/uploads\/2017\/03\/pspo.jpg?fit=369%2C484&amp;ssl=1\" data-orig-size=\"369,484\" data-comments-opened=\"1\" data-image-meta=\"{&quot;aperture&quot;:&quot;0&quot;,&quot;credit&quot;:&quot;&quot;,&quot;camera&quot;:&quot;&quot;,&quot;caption&quot;:&quot;&quot;,&quot;created_timestamp&quot;:&quot;0&quot;,&quot;copyright&quot;:&quot;&quot;,&quot;focal_length&quot;:&quot;0&quot;,&quot;iso&quot;:&quot;0&quot;,&quot;shutter_speed&quot;:&quot;0&quot;,&quot;title&quot;:&quot;&quot;,&quot;orientation&quot;:&quot;0&quot;}\" data-image-title=\"Puerto Obald\u00eda\" data-image-description=\"&lt;p&gt;Primeiro carimbo do nosso passaporte: a sa\u00edda da Col\u00f4mbia&lt;\/p&gt;\n\" data-image-caption=\"&lt;p&gt;Primeiro carimbo do nosso passaporte: a sa\u00edda da Col\u00f4mbia&lt;\/p&gt;\n\" data-large-file=\"https:\/\/i0.wp.com\/mundosemfim.com\/wp-content\/uploads\/2017\/03\/pspo.jpg?fit=369%2C484&amp;ssl=1\" class=\"size-full wp-image-5507\" src=\"https:\/\/i0.wp.com\/mundosemfim.com\/wp-content\/uploads\/2017\/03\/pspo.jpg?resize=369%2C484&#038;ssl=1\" alt=\"Primeiro carimbo do nosso passaporte: a sa\u00edda da Col\u00f4mbia\" width=\"369\" height=\"484\" srcset=\"https:\/\/i0.wp.com\/mundosemfim.com\/wp-content\/uploads\/2017\/03\/pspo.jpg?w=369&amp;ssl=1 369w, https:\/\/i0.wp.com\/mundosemfim.com\/wp-content\/uploads\/2017\/03\/pspo.jpg?resize=229%2C300&amp;ssl=1 229w\" sizes=\"auto, (max-width: 369px) 100vw, 369px\" \/><figcaption id=\"caption-attachment-5507\" class=\"wp-caption-text\">Primeiro carimbo do nosso passaporte: a sa\u00edda da Col\u00f4mbia<\/figcaption><\/figure>\n<p>De Capurgan\u00e1, na teoria, \u00e9 poss\u00edvel seguir caminhando at\u00e9 Puerto Obald\u00eda, por uma trilha pesada que passa por Sapzurro. Dizem que a trilha demora umas 7 horas, o que \u00e9 invi\u00e1vel para quem est\u00e1 com mochilas pesadas.<\/p>\n<p>A solu\u00e7\u00e3o mais f\u00e1cil \u00e9 pegar um barco de Capurgan\u00e1 at\u00e9 Puerto Obald\u00eda. O pre\u00e7o normal \u00e9 30 mil por pessoa, mas se n\u00e3o tiver mais gente para viajar, pode sair um pouco mais caro. Quando fomos, queriam nos cobrar 35 mil por pessoa para levar somente n\u00f3s dois, mas logo apareceu um canadense querendo ir junto e levaram n\u00f3s tr\u00eas por 30 mil cada um. O segredo \u00e9 chegar cedo (por volta de umas 8h) ao cais e falar com os barqueiros. Logo logo conseguem montar um grupo.<\/p>\n<p>A viagem de Capurgan\u00e1 a Puerto Obald\u00eda leva cerca de 50 minutos. Coloque todas as suas mochilas em sacos pl\u00e1sticos, pois a travessia molha muito!<\/p>\n<figure id=\"attachment_5508\" aria-describedby=\"caption-attachment-5508\" style=\"width: 1000px\" class=\"wp-caption aligncenter\"><img data-recalc-dims=\"1\" loading=\"lazy\" decoding=\"async\" data-attachment-id=\"5508\" data-permalink=\"https:\/\/mundosemfim.com\/?attachment_id=5508\" data-orig-file=\"https:\/\/i0.wp.com\/mundosemfim.com\/wp-content\/uploads\/2017\/03\/DSC_0021.jpg?fit=1000%2C667&amp;ssl=1\" data-orig-size=\"1000,667\" data-comments-opened=\"1\" data-image-meta=\"{&quot;aperture&quot;:&quot;0&quot;,&quot;credit&quot;:&quot;&quot;,&quot;camera&quot;:&quot;&quot;,&quot;caption&quot;:&quot;&quot;,&quot;created_timestamp&quot;:&quot;0&quot;,&quot;copyright&quot;:&quot;&quot;,&quot;focal_length&quot;:&quot;0&quot;,&quot;iso&quot;:&quot;0&quot;,&quot;shutter_speed&quot;:&quot;0&quot;,&quot;title&quot;:&quot;&quot;,&quot;orientation&quot;:&quot;0&quot;}\" data-image-title=\"Puerto Obald\u00eda\" data-image-description=\"&lt;p&gt;Pra\u00e7a central de Puerto Obald\u00eda&lt;\/p&gt;\n\" data-image-caption=\"&lt;p&gt;Pra\u00e7a central de Puerto Obald\u00eda&lt;\/p&gt;\n\" data-large-file=\"https:\/\/i0.wp.com\/mundosemfim.com\/wp-content\/uploads\/2017\/03\/DSC_0021.jpg?fit=764%2C510&amp;ssl=1\" class=\"size-full wp-image-5508\" src=\"https:\/\/i0.wp.com\/mundosemfim.com\/wp-content\/uploads\/2017\/03\/DSC_0021.jpg?resize=764%2C510&#038;ssl=1\" alt=\"Pra\u00e7a central de Puerto Obald\u00eda\" width=\"764\" height=\"510\" srcset=\"https:\/\/i0.wp.com\/mundosemfim.com\/wp-content\/uploads\/2017\/03\/DSC_0021.jpg?w=1000&amp;ssl=1 1000w, https:\/\/i0.wp.com\/mundosemfim.com\/wp-content\/uploads\/2017\/03\/DSC_0021.jpg?resize=300%2C200&amp;ssl=1 300w, https:\/\/i0.wp.com\/mundosemfim.com\/wp-content\/uploads\/2017\/03\/DSC_0021.jpg?resize=768%2C512&amp;ssl=1 768w\" sizes=\"auto, (max-width: 764px) 100vw, 764px\" \/><figcaption id=\"caption-attachment-5508\" class=\"wp-caption-text\">Pra\u00e7a central de Puerto Obald\u00eda<\/figcaption><\/figure>\n<h4><b>Puerto Obald\u00eda<\/b><\/h4>\n<p>Puerto Obald\u00eda \u00e9 uma pequena vila, onde tamb\u00e9m funciona uma base do ex\u00e9rcito.<\/p>\n<p>Assim que descer do barco voc\u00ea j\u00e1 ser\u00e1 encaminhado para fazer uma revista nas mochilas (h\u00e1 um c\u00e3o farejador). O ex\u00e9rcito tamb\u00e9m faz uma r\u00e1pida busca para ver se voc\u00ea n\u00e3o \u00e9 procurado pela Interpol.<\/p>\n<p>Estando tudo em ordem, basta seguir para a imigra\u00e7\u00e3o. Ali \u00e9 preciso deixar uma c\u00f3pia do passaporte (vale a pena fazer em Capurgan\u00e1 pois \u00e9 mais barato: 200 pesos. Em Puerto Obald\u00eda cobram 25 centavos de d\u00f3lar). Se for seguir em barco, precisar\u00e1 de mais uma c\u00f3pia.<\/p>\n<p>Nossa imigra\u00e7\u00e3o foi muito tranquila: n\u00e3o nos pediram ticket de sa\u00edda, dinheiro, nada. Ainda nos deram algumas dicas sobre lugares para conhecer no Panam\u00e1, e um visto de 6 meses para viajar pelo pa\u00eds. Tudo pronto em menos de 10 minutos.<\/p>\n<p><i>Apesar de n\u00e3o terem nos pedido, \u00e9 exigido vacina da febre amarela e comprova\u00e7\u00e3o de pelo menos 500 d\u00f3lares para entrar no Panam\u00e1 (seja em dinheiro ou cart\u00e3o de cr\u00e9dito). Certifique-se de ter tudo isso para n\u00e3o ter problemas.<\/i><\/p>\n<p>Puerto Obald\u00eda \u00e9 uma cidade tranquila, quente, e onde s\u00f3 h\u00e1 luz das 18h \u00e0s 6h. L\u00e1 conseguimos uma hospedagem simples (na rua da imigra\u00e7\u00e3o) que cobrava 10 d\u00f3lares por um quarto de casal. Como n\u00e3o conseguimos barco para o primeiro dia, acabamos ficando l\u00e1. No dia seguinte era domingo e tamb\u00e9m n\u00e3o conseguimos nada. Somente na segunda foi que conseguimos um barco para seguir ao Panam\u00e1.<\/p>\n<p>Na esquina ao lado deste hotel (Posada Candi) h\u00e1 um restaurante que oferece um menu excelente com carne por 4 d\u00f3lares, ou com ovos por 3 d\u00f3lares.<\/p>\n<figure id=\"attachment_5509\" aria-describedby=\"caption-attachment-5509\" style=\"width: 1000px\" class=\"wp-caption aligncenter\"><img data-recalc-dims=\"1\" loading=\"lazy\" decoding=\"async\" data-attachment-id=\"5509\" data-permalink=\"https:\/\/mundosemfim.com\/?attachment_id=5509\" data-orig-file=\"https:\/\/i0.wp.com\/mundosemfim.com\/wp-content\/uploads\/2017\/03\/P3110128.jpg?fit=1000%2C667&amp;ssl=1\" data-orig-size=\"1000,667\" data-comments-opened=\"1\" data-image-meta=\"{&quot;aperture&quot;:&quot;0&quot;,&quot;credit&quot;:&quot;&quot;,&quot;camera&quot;:&quot;&quot;,&quot;caption&quot;:&quot;&quot;,&quot;created_timestamp&quot;:&quot;0&quot;,&quot;copyright&quot;:&quot;&quot;,&quot;focal_length&quot;:&quot;0&quot;,&quot;iso&quot;:&quot;0&quot;,&quot;shutter_speed&quot;:&quot;0&quot;,&quot;title&quot;:&quot;&quot;,&quot;orientation&quot;:&quot;0&quot;}\" data-image-title=\"Puerto Obald\u00eda\" data-image-description=\"&lt;p&gt;Nossa hospedagem em Puerto Obald\u00eda&lt;\/p&gt;\n\" data-image-caption=\"&lt;p&gt;Nossa hospedagem em Puerto Obald\u00eda&lt;\/p&gt;\n\" data-large-file=\"https:\/\/i0.wp.com\/mundosemfim.com\/wp-content\/uploads\/2017\/03\/P3110128.jpg?fit=764%2C510&amp;ssl=1\" class=\"size-full wp-image-5509\" src=\"https:\/\/i0.wp.com\/mundosemfim.com\/wp-content\/uploads\/2017\/03\/P3110128.jpg?resize=764%2C510&#038;ssl=1\" alt=\"Nossa hospedagem em Puerto Obald\u00eda\" width=\"764\" height=\"510\" srcset=\"https:\/\/i0.wp.com\/mundosemfim.com\/wp-content\/uploads\/2017\/03\/P3110128.jpg?w=1000&amp;ssl=1 1000w, https:\/\/i0.wp.com\/mundosemfim.com\/wp-content\/uploads\/2017\/03\/P3110128.jpg?resize=300%2C200&amp;ssl=1 300w, https:\/\/i0.wp.com\/mundosemfim.com\/wp-content\/uploads\/2017\/03\/P3110128.jpg?resize=768%2C512&amp;ssl=1 768w\" sizes=\"auto, (max-width: 764px) 100vw, 764px\" \/><figcaption id=\"caption-attachment-5509\" class=\"wp-caption-text\">Nossa hospedagem em Puerto Obald\u00eda<\/figcaption><\/figure>\n<p>H\u00e1 um outro hotel mais chique, com luz 24 horas e internet (lenta) por 15 d\u00f3lares por pessoa.<\/p>\n<h4><b>De Puerto Obald\u00eda \u00e0 Cidade do Panam\u00e1<\/b><\/h4>\n<p>Puerto Obald\u00eda \u00e9 outra cidade isolada do resto do pa\u00eds: para chegar\/sair daqui, somente por avi\u00e3o, barco ou por uma trilha de 4 dias pela selva (rota supostamente utilizada por traficantes e imigrantes ilegais).<\/p>\n<ul>\n<li>\n<h4><b>Voo<\/b><\/h4>\n<\/li>\n<\/ul>\n<p>A <strong>AirPanam\u00e1<\/strong> (<a href=\"http:\/\/www.airpanama.com\">www.airpanama.com<\/a>) possui voos entre Puerto Obald\u00eda e a Cidade do Panam\u00e1 por 100 d\u00f3lares. Conv\u00e9m comprar com anteced\u00eancia, pois quando chegamos os voos j\u00e1 estavam lotados pelos pr\u00f3ximos 6 dias.<\/p>\n<p>De tempos em tempos tamb\u00e9m h\u00e1 voos particulares: conhecemos um pessoal que pegou um destes e pagou 170 d\u00f3lares por pessoa.<\/p>\n<ul>\n<li>\n<h4><b>Barco<\/b><\/h4>\n<\/li>\n<\/ul>\n<p>Outra op\u00e7\u00e3o \u00e9 seguir em barco, passando pelas paradis\u00edacas ilhas de San Bl\u00e1s. Voc\u00ea pode tanto pegar um barco direto para Carti (110 d\u00f3lares) quanto um para Calidonia (uma pequena ilha habitada pelos ind\u00edgenas Kuna Yala \u2013 50 d\u00f3lares) e de l\u00e1 outro para Carti (70 d\u00f3lares).<\/p>\n<p>Al\u00e9m do valor do barco, \u00e9 preciso pagar a entrada para San Bl\u00e1s (20 d\u00f3lares) e o carro de Carti \u00e0 Cidade do Panam\u00e1 (25 d\u00f3lares).<\/p>\n<p>Para conseguir um barco, basta conversar com o pessoal em um restaurante que tem quase na frente da imigra\u00e7\u00e3o. Ali param todos os barqueiros, e logo te encaixam em algum grupo.<\/p>\n<figure id=\"attachment_5510\" aria-describedby=\"caption-attachment-5510\" style=\"width: 1000px\" class=\"wp-caption aligncenter\"><img data-recalc-dims=\"1\" loading=\"lazy\" decoding=\"async\" data-attachment-id=\"5510\" data-permalink=\"https:\/\/mundosemfim.com\/?attachment_id=5510\" data-orig-file=\"https:\/\/i0.wp.com\/mundosemfim.com\/wp-content\/uploads\/2017\/03\/P3130133.jpg?fit=1000%2C667&amp;ssl=1\" data-orig-size=\"1000,667\" data-comments-opened=\"1\" data-image-meta=\"{&quot;aperture&quot;:&quot;0&quot;,&quot;credit&quot;:&quot;&quot;,&quot;camera&quot;:&quot;&quot;,&quot;caption&quot;:&quot;&quot;,&quot;created_timestamp&quot;:&quot;0&quot;,&quot;copyright&quot;:&quot;&quot;,&quot;focal_length&quot;:&quot;0&quot;,&quot;iso&quot;:&quot;0&quot;,&quot;shutter_speed&quot;:&quot;0&quot;,&quot;title&quot;:&quot;&quot;,&quot;orientation&quot;:&quot;0&quot;}\" data-image-title=\"Puerto Obald\u00eda\" data-image-description=\"&lt;p&gt;Puerto Obald\u00eda&lt;\/p&gt;\n\" data-image-caption=\"&lt;p&gt;O restaurante onde ficam os barqueiros que levam a Carti&lt;\/p&gt;\n\" data-large-file=\"https:\/\/i0.wp.com\/mundosemfim.com\/wp-content\/uploads\/2017\/03\/P3130133.jpg?fit=764%2C510&amp;ssl=1\" class=\"size-full wp-image-5510\" src=\"https:\/\/i0.wp.com\/mundosemfim.com\/wp-content\/uploads\/2017\/03\/P3130133.jpg?resize=764%2C510&#038;ssl=1\" alt=\"Puerto Obald\u00eda\" width=\"764\" height=\"510\" srcset=\"https:\/\/i0.wp.com\/mundosemfim.com\/wp-content\/uploads\/2017\/03\/P3130133.jpg?w=1000&amp;ssl=1 1000w, https:\/\/i0.wp.com\/mundosemfim.com\/wp-content\/uploads\/2017\/03\/P3130133.jpg?resize=300%2C200&amp;ssl=1 300w, https:\/\/i0.wp.com\/mundosemfim.com\/wp-content\/uploads\/2017\/03\/P3130133.jpg?resize=768%2C512&amp;ssl=1 768w\" sizes=\"auto, (max-width: 764px) 100vw, 764px\" \/><figcaption id=\"caption-attachment-5510\" class=\"wp-caption-text\">O restaurante onde ficam os barqueiros que levam a Carti<\/figcaption><\/figure>\n<p>N\u00f3s demos sorte: fomos com um barco que estava viajando vendendo mercadorias. Passamos 4 dias viajando com ele, conhecendo v\u00e1rias ilhas do arquip\u00e9lago. Pagamos os mesmos 110 d\u00f3lares, e no caminho pag\u00e1vamos nossas hospedagens e comida (contaremos com detalhes em um pr\u00f3ximo post).<\/p>\n<p>Quem quiser o contato do barqueiro que nos levou, o nome dele \u00e9 Joe e seu whatsapp \u00e9: <b>+57 312 2047 846<\/b>. Se tiver tempo, vale a pena fazer esta viagem: vai conhecer v\u00e1rias aldeias ind\u00edgenas pouco exploradas pelo turismo.<\/p>\n<figure id=\"attachment_5511\" aria-describedby=\"caption-attachment-5511\" style=\"width: 1000px\" class=\"wp-caption aligncenter\"><img data-recalc-dims=\"1\" loading=\"lazy\" decoding=\"async\" data-attachment-id=\"5511\" data-permalink=\"https:\/\/mundosemfim.com\/?attachment_id=5511\" data-orig-file=\"https:\/\/i0.wp.com\/mundosemfim.com\/wp-content\/uploads\/2017\/03\/P3140224.jpg?fit=1000%2C667&amp;ssl=1\" data-orig-size=\"1000,667\" data-comments-opened=\"1\" data-image-meta=\"{&quot;aperture&quot;:&quot;0&quot;,&quot;credit&quot;:&quot;&quot;,&quot;camera&quot;:&quot;&quot;,&quot;caption&quot;:&quot;&quot;,&quot;created_timestamp&quot;:&quot;0&quot;,&quot;copyright&quot;:&quot;&quot;,&quot;focal_length&quot;:&quot;0&quot;,&quot;iso&quot;:&quot;0&quot;,&quot;shutter_speed&quot;:&quot;0&quot;,&quot;title&quot;:&quot;&quot;,&quot;orientation&quot;:&quot;0&quot;}\" data-image-title=\"San Bl\u00e1s\" data-image-description=\"&lt;p&gt;Aldeia ind\u00edgena em San Bl\u00e1s&lt;\/p&gt;\n\" data-image-caption=\"&lt;p&gt;Aldeia ind\u00edgena em San Bl\u00e1s&lt;\/p&gt;\n\" data-large-file=\"https:\/\/i0.wp.com\/mundosemfim.com\/wp-content\/uploads\/2017\/03\/P3140224.jpg?fit=764%2C510&amp;ssl=1\" class=\"size-full wp-image-5511\" src=\"https:\/\/i0.wp.com\/mundosemfim.com\/wp-content\/uploads\/2017\/03\/P3140224.jpg?resize=764%2C510&#038;ssl=1\" alt=\"Aldeia ind\u00edgena em San Bl\u00e1s\" width=\"764\" height=\"510\" srcset=\"https:\/\/i0.wp.com\/mundosemfim.com\/wp-content\/uploads\/2017\/03\/P3140224.jpg?w=1000&amp;ssl=1 1000w, https:\/\/i0.wp.com\/mundosemfim.com\/wp-content\/uploads\/2017\/03\/P3140224.jpg?resize=300%2C200&amp;ssl=1 300w, https:\/\/i0.wp.com\/mundosemfim.com\/wp-content\/uploads\/2017\/03\/P3140224.jpg?resize=768%2C512&amp;ssl=1 768w\" sizes=\"auto, (max-width: 764px) 100vw, 764px\" \/><figcaption id=\"caption-attachment-5511\" class=\"wp-caption-text\">Aldeia ind\u00edgena em San Bl\u00e1s<\/figcaption><\/figure>\n<h3><b>Outras op\u00e7\u00f5es para cruzar da Col\u00f4mbia ao Panam\u00e1<\/b><\/h3>\n<ul>\n<li>\n<h4><b>Avi\u00e3o<\/b><\/h4>\n<\/li>\n<\/ul>\n<p>M\u00e9todo supostamente mais barato, e que pensamos em utilizar no come\u00e7o. A <strong>VivaColombia<\/strong> (<a href=\"http:\/\/www.vivacolombia.co\">www.vivacolombia.co<\/a>) possui voos econ\u00f4micos (na promo\u00e7\u00e3o consegue por uns 100 d\u00f3lares) entre <a href=\"https:\/\/mundosemfim.com\/o-que-fazer-em-bogota-tudo-sobre-a-capital-colombiana\/\">Bogot\u00e1<\/a> e a Cidade do Panam\u00e1. O problema \u00e9 que s\u00f3 te deixam embarcar se tiver um ticket de sa\u00edda do Panam\u00e1. E n\u00e3o adianta chorar, mostrar reserva ou imprimir um ticket falso: eles ligam para confirmar se o voo \u00e9 v\u00e1lido. Se for s\u00f3 uma reserva, \u00e9 preciso pag\u00e1-la antes de embarcar.<\/p>\n<p>Para quem viaja como n\u00f3s (sem um roteiro bem definido) fica dif\u00edcil. A solu\u00e7\u00e3o seria comprar uma passagem de \u00f4nibus do Panam\u00e1 \u00e0 Costa Rica (30 d\u00f3lares). Esse valor a mais, somado com as taxas de excesso de bagagem (esta companhia n\u00e3o deixa levar muita coisa) tornou este m\u00e9todo invi\u00e1vel para n\u00f3s.<\/p>\n<ul>\n<li>\n<h4><b>Veleiros desde Cartagena<\/b><\/h4>\n<\/li>\n<\/ul>\n<p>Em <a href=\"https:\/\/mundosemfim.com\/guia-completo-sobre-cartagena-o-que-fazer-onde-se-hospedar-como-economizar-etc\/\">Cartagena<\/a> h\u00e1 diversas empresas que vendem tours em veleiros ao Panam\u00e1. Neste caso n\u00e3o \u00e9 exigido passagem de sa\u00edda, mas os veleiros s\u00e3o caros. Se quiser s\u00f3 cruzar, espere gastar uns 300 d\u00f3lares. Se quiser incluir um tour por San Bl\u00e1s, o pre\u00e7o j\u00e1 sobe para 500. Fora de cogita\u00e7\u00e3o para n\u00f3s.<\/p>\n<h3><b>Dicas<\/b><\/h3>\n<ul>\n<li>N\u00e3o h\u00e1 caixas eletr\u00f4nicos nem em Capurgan\u00e1 nem em Puerto Obald\u00eda. Certifique-se de ser dinheiro suficiente (e uma certa folga) para fazer o percurso completo\u00a0at\u00e9 a Cidade do Panam\u00e1;<\/li>\n<li>Mesmo que tenha viajado pela Col\u00f4mbia utilizando a identidade, \u00e9 poss\u00edvel ingressar no Panam\u00e1 com o passaporte sem problemas. Neste caso, pe\u00e7a para o funcion\u00e1rio da imigra\u00e7\u00e3o colombiana carimbar a sua sa\u00edda no passaporte.<\/li>\n<li>Se for de barco, guarde o comprovante de pagamento da entrada para San Bl\u00e1s, pois podem te pedir no caminho para a Cidade do Panam\u00e1.<\/li>\n<li>Internet \u00e9 algo bem complicado, tanto em Capurgan\u00e1 quanto em Puerto Obald\u00eda. Lembre-se de avisar os amigos\/parentes antes de come\u00e7ar a travessia, para que n\u00e3o fiquem preocupados com o seu sumi\u00e7o.<\/li>\n<\/ul>\n<p>\u00c9 isso pessoal! Espero que tenhamos esclarecido as d\u00favidas de quem pretende fazer essa rota pouco convencional entre estes dois pa\u00edses.<\/p>\n<p>Para mais dicas e acompanhar nossa viagem de volta ao mundo, curtam nossa p\u00e1gina no face:<br \/>\n<a href=\"http:\/\/www.facebook.com\/mundosemfimoficial\">www.facebook.com\/mundosemfimoficial<\/a><\/p>\n","protected":false},"excerpt":{"rendered":"<p>Depois de muito pensar em como cruzar da Am\u00e9rica do Sul \u00e0 Am\u00e9rica Central, chegamos \u00e0 conclus\u00e3o que o melhor era fazer por terra e barco. E esta foi uma das melhores experi\u00eancias da nossa viagem! Aqui contamos como foi cruzar esta fronteira pouco conhecida.<\/p>\n","protected":false},"author":1,"featured_media":5510,"comment_status":"open","ping_status":"open","sticky":false,"template":"","format":"standard","meta":{"jetpack_post_was_ever_published":false,"_jetpack_newsletter_access":"","_jetpack_dont_email_post_to_subs":true,"_jetpack_newsletter_tier_id":0,"_jetpack_memberships_contains_paywalled_content":false,"_jetpack_memberships_contains_paid_content":false,"footnotes":"","jetpack_publicize_message":"","jetpack_publicize_feature_enabled":true,"jetpack_social_post_already_shared":true,"jetpack_social_options":{"image_generator_settings":{"template":"highway","default_image_id":0,"font":"","enabled":false},"version":2}},"categories":[382,7,313,316,383],"tags":[],"class_list":["post-5505","post","type-post","status-publish","format-standard","has-post-thumbnail","hentry","category-america-central","category-america-latina","category-colombia","category-fronteira","category-panama"],"yoast_head":"<!-- This site is optimized with the Yoast SEO plugin v27.5 - https:\/\/yoast.com\/product\/yoast-seo-wordpress\/ -->\n<title>Cruzando a fronteira Col\u00f4mbia \u2013 Panam\u00e1 por Puerto Obald\u00eda - Mundo Sem Fim<\/title>\n<meta name=\"robots\" content=\"index, follow, max-snippet:-1, max-image-preview:large, max-video-preview:-1\" \/>\n<link rel=\"canonical\" href=\"https:\/\/mundosemfim.com\/?p=5505\" \/>\n<meta property=\"og:locale\" content=\"pt_BR\" \/>\n<meta property=\"og:type\" content=\"article\" \/>\n<meta property=\"og:title\" content=\"Cruzando a fronteira Col\u00f4mbia \u2013 Panam\u00e1 por Puerto Obald\u00eda - Mundo Sem Fim\" \/>\n<meta property=\"og:description\" content=\"Depois de muito pensar em como cruzar da Am\u00e9rica do Sul \u00e0 Am\u00e9rica Central, chegamos \u00e0 conclus\u00e3o que o melhor era fazer por terra e barco. E esta foi uma das melhores experi\u00eancias da nossa viagem! Aqui contamos como foi cruzar esta fronteira pouco conhecida.\" \/>\n<meta property=\"og:url\" content=\"https:\/\/mundosemfim.com\/?p=5505\" \/>\n<meta property=\"og:site_name\" content=\"Mundo Sem Fim\" \/>\n<meta property=\"article:publisher\" content=\"http:\/\/www.facebook.com\/mundosemfimoficial\" \/>\n<meta property=\"article:published_time\" content=\"2017-03-20T22:55:26+00:00\" \/>\n<meta property=\"article:modified_time\" content=\"2017-03-21T18:57:55+00:00\" \/>\n<meta property=\"og:image\" content=\"https:\/\/i0.wp.com\/mundosemfim.com\/wp-content\/uploads\/2017\/03\/P3130133.jpg?fit=1000%2C667&ssl=1\" \/>\n\t<meta property=\"og:image:width\" content=\"1000\" \/>\n\t<meta property=\"og:image:height\" content=\"667\" \/>\n\t<meta property=\"og:image:type\" content=\"image\/jpeg\" \/>\n<meta name=\"author\" content=\"Renan\" \/>\n<meta name=\"twitter:card\" content=\"summary_large_image\" \/>\n<meta name=\"twitter:label1\" content=\"Escrito por\" \/>\n\t<meta name=\"twitter:data1\" content=\"Renan\" \/>\n\t<meta name=\"twitter:label2\" content=\"Est. tempo de leitura\" \/>\n\t<meta name=\"twitter:data2\" content=\"9 minutos\" \/>\n<script type=\"application\/ld+json\" class=\"yoast-schema-graph\">{\"@context\":\"https:\\\/\\\/schema.org\",\"@graph\":[{\"@type\":\"Article\",\"@id\":\"https:\\\/\\\/mundosemfim.com\\\/?p=5505#article\",\"isPartOf\":{\"@id\":\"https:\\\/\\\/mundosemfim.com\\\/?p=5505\"},\"author\":{\"name\":\"Renan\",\"@id\":\"https:\\\/\\\/mundosemfim.com\\\/#\\\/schema\\\/person\\\/b021d50f3a19bae432e9b69ffbfa9257\"},\"headline\":\"Cruzando a fronteira Col\u00f4mbia \u2013 Panam\u00e1 por Puerto Obald\u00eda\",\"datePublished\":\"2017-03-20T22:55:26+00:00\",\"dateModified\":\"2017-03-21T18:57:55+00:00\",\"mainEntityOfPage\":{\"@id\":\"https:\\\/\\\/mundosemfim.com\\\/?p=5505\"},\"wordCount\":1744,\"commentCount\":10,\"image\":{\"@id\":\"https:\\\/\\\/mundosemfim.com\\\/?p=5505#primaryimage\"},\"thumbnailUrl\":\"https:\\\/\\\/i0.wp.com\\\/mundosemfim.com\\\/wp-content\\\/uploads\\\/2017\\\/03\\\/P3130133.jpg?fit=1000%2C667&ssl=1\",\"articleSection\":[\"Am\u00e9rica Central\",\"am\u00e9rica latina\",\"Col\u00f4mbia\",\"fronteira\",\"Panam\u00e1\"],\"inLanguage\":\"pt-BR\",\"potentialAction\":[{\"@type\":\"CommentAction\",\"name\":\"Comment\",\"target\":[\"https:\\\/\\\/mundosemfim.com\\\/?p=5505#respond\"]}]},{\"@type\":\"WebPage\",\"@id\":\"https:\\\/\\\/mundosemfim.com\\\/?p=5505\",\"url\":\"https:\\\/\\\/mundosemfim.com\\\/?p=5505\",\"name\":\"Cruzando a fronteira Col\u00f4mbia \u2013 Panam\u00e1 por Puerto Obald\u00eda - Mundo Sem Fim\",\"isPartOf\":{\"@id\":\"https:\\\/\\\/mundosemfim.com\\\/#website\"},\"primaryImageOfPage\":{\"@id\":\"https:\\\/\\\/mundosemfim.com\\\/?p=5505#primaryimage\"},\"image\":{\"@id\":\"https:\\\/\\\/mundosemfim.com\\\/?p=5505#primaryimage\"},\"thumbnailUrl\":\"https:\\\/\\\/i0.wp.com\\\/mundosemfim.com\\\/wp-content\\\/uploads\\\/2017\\\/03\\\/P3130133.jpg?fit=1000%2C667&ssl=1\",\"datePublished\":\"2017-03-20T22:55:26+00:00\",\"dateModified\":\"2017-03-21T18:57:55+00:00\",\"author\":{\"@id\":\"https:\\\/\\\/mundosemfim.com\\\/#\\\/schema\\\/person\\\/b021d50f3a19bae432e9b69ffbfa9257\"},\"breadcrumb\":{\"@id\":\"https:\\\/\\\/mundosemfim.com\\\/?p=5505#breadcrumb\"},\"inLanguage\":\"pt-BR\",\"potentialAction\":[{\"@type\":\"ReadAction\",\"target\":[\"https:\\\/\\\/mundosemfim.com\\\/?p=5505\"]}]},{\"@type\":\"ImageObject\",\"inLanguage\":\"pt-BR\",\"@id\":\"https:\\\/\\\/mundosemfim.com\\\/?p=5505#primaryimage\",\"url\":\"https:\\\/\\\/i0.wp.com\\\/mundosemfim.com\\\/wp-content\\\/uploads\\\/2017\\\/03\\\/P3130133.jpg?fit=1000%2C667&ssl=1\",\"contentUrl\":\"https:\\\/\\\/i0.wp.com\\\/mundosemfim.com\\\/wp-content\\\/uploads\\\/2017\\\/03\\\/P3130133.jpg?fit=1000%2C667&ssl=1\",\"width\":1000,\"height\":667,\"caption\":\"O restaurante onde ficam os barqueiros que levam a Carti\"},{\"@type\":\"BreadcrumbList\",\"@id\":\"https:\\\/\\\/mundosemfim.com\\\/?p=5505#breadcrumb\",\"itemListElement\":[{\"@type\":\"ListItem\",\"position\":1,\"name\":\"In\u00edcio\",\"item\":\"https:\\\/\\\/mundosemfim.com\\\/\"},{\"@type\":\"ListItem\",\"position\":2,\"name\":\"Cruzando a fronteira Col\u00f4mbia \u2013 Panam\u00e1 por Puerto Obald\u00eda\"}]},{\"@type\":\"WebSite\",\"@id\":\"https:\\\/\\\/mundosemfim.com\\\/#website\",\"url\":\"https:\\\/\\\/mundosemfim.com\\\/\",\"name\":\"Mundo Sem Fim\",\"description\":\"uma viagem de volta ao mundo pelos 5 continentes!\",\"potentialAction\":[{\"@type\":\"SearchAction\",\"target\":{\"@type\":\"EntryPoint\",\"urlTemplate\":\"https:\\\/\\\/mundosemfim.com\\\/?s={search_term_string}\"},\"query-input\":{\"@type\":\"PropertyValueSpecification\",\"valueRequired\":true,\"valueName\":\"search_term_string\"}}],\"inLanguage\":\"pt-BR\"},{\"@type\":\"Person\",\"@id\":\"https:\\\/\\\/mundosemfim.com\\\/#\\\/schema\\\/person\\\/b021d50f3a19bae432e9b69ffbfa9257\",\"name\":\"Renan\",\"image\":{\"@type\":\"ImageObject\",\"inLanguage\":\"pt-BR\",\"@id\":\"https:\\\/\\\/secure.gravatar.com\\\/avatar\\\/faafca769a603ac75196d21826f3bda645d7e2d6306bb6e236d8cdb38eb44e38?s=96&d=mm&r=g\",\"url\":\"https:\\\/\\\/secure.gravatar.com\\\/avatar\\\/faafca769a603ac75196d21826f3bda645d7e2d6306bb6e236d8cdb38eb44e38?s=96&d=mm&r=g\",\"contentUrl\":\"https:\\\/\\\/secure.gravatar.com\\\/avatar\\\/faafca769a603ac75196d21826f3bda645d7e2d6306bb6e236d8cdb38eb44e38?s=96&d=mm&r=g\",\"caption\":\"Renan\"}}]}<\/script>\n<!-- \/ Yoast SEO plugin. -->","yoast_head_json":{"title":"Cruzando a fronteira Col\u00f4mbia \u2013 Panam\u00e1 por Puerto Obald\u00eda - Mundo Sem Fim","robots":{"index":"index","follow":"follow","max-snippet":"max-snippet:-1","max-image-preview":"max-image-preview:large","max-video-preview":"max-video-preview:-1"},"canonical":"https:\/\/mundosemfim.com\/?p=5505","og_locale":"pt_BR","og_type":"article","og_title":"Cruzando a fronteira Col\u00f4mbia \u2013 Panam\u00e1 por Puerto Obald\u00eda - Mundo Sem Fim","og_description":"Depois de muito pensar em como cruzar da Am\u00e9rica do Sul \u00e0 Am\u00e9rica Central, chegamos \u00e0 conclus\u00e3o que o melhor era fazer por terra e barco. E esta foi uma das melhores experi\u00eancias da nossa viagem! Aqui contamos como foi cruzar esta fronteira pouco conhecida.","og_url":"https:\/\/mundosemfim.com\/?p=5505","og_site_name":"Mundo Sem Fim","article_publisher":"http:\/\/www.facebook.com\/mundosemfimoficial","article_published_time":"2017-03-20T22:55:26+00:00","article_modified_time":"2017-03-21T18:57:55+00:00","og_image":[{"width":1000,"height":667,"url":"https:\/\/i0.wp.com\/mundosemfim.com\/wp-content\/uploads\/2017\/03\/P3130133.jpg?fit=1000%2C667&ssl=1","type":"image\/jpeg"}],"author":"Renan","twitter_card":"summary_large_image","twitter_misc":{"Escrito por":"Renan","Est. tempo de leitura":"9 minutos"},"schema":{"@context":"https:\/\/schema.org","@graph":[{"@type":"Article","@id":"https:\/\/mundosemfim.com\/?p=5505#article","isPartOf":{"@id":"https:\/\/mundosemfim.com\/?p=5505"},"author":{"name":"Renan","@id":"https:\/\/mundosemfim.com\/#\/schema\/person\/b021d50f3a19bae432e9b69ffbfa9257"},"headline":"Cruzando a fronteira Col\u00f4mbia \u2013 Panam\u00e1 por Puerto Obald\u00eda","datePublished":"2017-03-20T22:55:26+00:00","dateModified":"2017-03-21T18:57:55+00:00","mainEntityOfPage":{"@id":"https:\/\/mundosemfim.com\/?p=5505"},"wordCount":1744,"commentCount":10,"image":{"@id":"https:\/\/mundosemfim.com\/?p=5505#primaryimage"},"thumbnailUrl":"https:\/\/i0.wp.com\/mundosemfim.com\/wp-content\/uploads\/2017\/03\/P3130133.jpg?fit=1000%2C667&ssl=1","articleSection":["Am\u00e9rica Central","am\u00e9rica latina","Col\u00f4mbia","fronteira","Panam\u00e1"],"inLanguage":"pt-BR","potentialAction":[{"@type":"CommentAction","name":"Comment","target":["https:\/\/mundosemfim.com\/?p=5505#respond"]}]},{"@type":"WebPage","@id":"https:\/\/mundosemfim.com\/?p=5505","url":"https:\/\/mundosemfim.com\/?p=5505","name":"Cruzando a fronteira Col\u00f4mbia \u2013 Panam\u00e1 por Puerto Obald\u00eda - Mundo Sem Fim","isPartOf":{"@id":"https:\/\/mundosemfim.com\/#website"},"primaryImageOfPage":{"@id":"https:\/\/mundosemfim.com\/?p=5505#primaryimage"},"image":{"@id":"https:\/\/mundosemfim.com\/?p=5505#primaryimage"},"thumbnailUrl":"https:\/\/i0.wp.com\/mundosemfim.com\/wp-content\/uploads\/2017\/03\/P3130133.jpg?fit=1000%2C667&ssl=1","datePublished":"2017-03-20T22:55:26+00:00","dateModified":"2017-03-21T18:57:55+00:00","author":{"@id":"https:\/\/mundosemfim.com\/#\/schema\/person\/b021d50f3a19bae432e9b69ffbfa9257"},"breadcrumb":{"@id":"https:\/\/mundosemfim.com\/?p=5505#breadcrumb"},"inLanguage":"pt-BR","potentialAction":[{"@type":"ReadAction","target":["https:\/\/mundosemfim.com\/?p=5505"]}]},{"@type":"ImageObject","inLanguage":"pt-BR","@id":"https:\/\/mundosemfim.com\/?p=5505#primaryimage","url":"https:\/\/i0.wp.com\/mundosemfim.com\/wp-content\/uploads\/2017\/03\/P3130133.jpg?fit=1000%2C667&ssl=1","contentUrl":"https:\/\/i0.wp.com\/mundosemfim.com\/wp-content\/uploads\/2017\/03\/P3130133.jpg?fit=1000%2C667&ssl=1","width":1000,"height":667,"caption":"O restaurante onde ficam os barqueiros que levam a Carti"},{"@type":"BreadcrumbList","@id":"https:\/\/mundosemfim.com\/?p=5505#breadcrumb","itemListElement":[{"@type":"ListItem","position":1,"name":"In\u00edcio","item":"https:\/\/mundosemfim.com\/"},{"@type":"ListItem","position":2,"name":"Cruzando a fronteira Col\u00f4mbia \u2013 Panam\u00e1 por Puerto Obald\u00eda"}]},{"@type":"WebSite","@id":"https:\/\/mundosemfim.com\/#website","url":"https:\/\/mundosemfim.com\/","name":"Mundo Sem Fim","description":"uma viagem de volta ao mundo pelos 5 continentes!","potentialAction":[{"@type":"SearchAction","target":{"@type":"EntryPoint","urlTemplate":"https:\/\/mundosemfim.com\/?s={search_term_string}"},"query-input":{"@type":"PropertyValueSpecification","valueRequired":true,"valueName":"search_term_string"}}],"inLanguage":"pt-BR"},{"@type":"Person","@id":"https:\/\/mundosemfim.com\/#\/schema\/person\/b021d50f3a19bae432e9b69ffbfa9257","name":"Renan","image":{"@type":"ImageObject","inLanguage":"pt-BR","@id":"https:\/\/secure.gravatar.com\/avatar\/faafca769a603ac75196d21826f3bda645d7e2d6306bb6e236d8cdb38eb44e38?s=96&d=mm&r=g","url":"https:\/\/secure.gravatar.com\/avatar\/faafca769a603ac75196d21826f3bda645d7e2d6306bb6e236d8cdb38eb44e38?s=96&d=mm&r=g","contentUrl":"https:\/\/secure.gravatar.com\/avatar\/faafca769a603ac75196d21826f3bda645d7e2d6306bb6e236d8cdb38eb44e38?s=96&d=mm&r=g","caption":"Renan"}}]}},"jetpack_publicize_connections":[],"jetpack_featured_media_url":"https:\/\/i0.wp.com\/mundosemfim.com\/wp-content\/uploads\/2017\/03\/P3130133.jpg?fit=1000%2C667&ssl=1","jetpack_sharing_enabled":true,"jetpack_shortlink":"https:\/\/wp.me\/p7CQyF-1qN","jetpack-related-posts":[{"id":5533,"url":"https:\/\/mundosemfim.com\/?p=5533","url_meta":{"origin":5505,"position":0},"title":"Da Col\u00f4mbia ao Panam\u00e1 em barco, passando por San Blas","author":"Renan","date":"mar\u00e7o 24, 2017","format":false,"excerpt":"Decidir como cruzar da Col\u00f4mbia ao Panam\u00e1 \u00e9 um grande dilema para muitos viajantes. N\u00f3s fomos em barco, por conta pr\u00f3pria, e temos certeza que foi a melhor op\u00e7\u00e3o! Aqui descrevemos como foi nossa experi\u00eancia. C\u00e2mbio oficial (mar\u00e7o\/2017) 1 real = 940 pesos colombianos 1 d\u00f3lar = 3,10 reais A\u2026","rel":"","context":"Em &quot;Am\u00e9rica Central&quot;","block_context":{"text":"Am\u00e9rica Central","link":"https:\/\/mundosemfim.com\/?cat=382"},"img":{"alt_text":"Crian\u00e7as brincando em uma canoa em San Blas","src":"https:\/\/i0.wp.com\/mundosemfim.com\/wp-content\/uploads\/2017\/03\/DSC_0168.jpg?fit=1000%2C667&ssl=1&resize=350%2C200","width":350,"height":200,"srcset":"https:\/\/i0.wp.com\/mundosemfim.com\/wp-content\/uploads\/2017\/03\/DSC_0168.jpg?fit=1000%2C667&ssl=1&resize=350%2C200 1x, https:\/\/i0.wp.com\/mundosemfim.com\/wp-content\/uploads\/2017\/03\/DSC_0168.jpg?fit=1000%2C667&ssl=1&resize=525%2C300 1.5x, https:\/\/i0.wp.com\/mundosemfim.com\/wp-content\/uploads\/2017\/03\/DSC_0168.jpg?fit=1000%2C667&ssl=1&resize=700%2C400 2x"},"classes":[]},{"id":5579,"url":"https:\/\/mundosemfim.com\/?p=5579","url_meta":{"origin":5505,"position":1},"title":"Cruzando a fronteira Panam\u00e1 \u2013 Costa Rica por Paso Canoas","author":"Renan","date":"abril 2, 2017","format":false,"excerpt":"Cruzar uma fronteira \u00e9 algo que sempre causa d\u00favidas \u2013 e \u00e0s vezes at\u00e9 arrepios \u2013 nos viajantes. Aqui contamos como foi nossa travessia por terra entre Panam\u00e1 e Costa Rica pelo Paso Canoas! C\u00e2mbio oficial (abril\/2017) 1 d\u00f3lar = 3,12 reais 1 real = 180 colones Apesar de n\u00e3o\u2026","rel":"","context":"Em &quot;Am\u00e9rica Central&quot;","block_context":{"text":"Am\u00e9rica Central","link":"https:\/\/mundosemfim.com\/?cat=382"},"img":{"alt_text":"Fronteira Panam\u00e1 - Costa Rica","src":"https:\/\/i0.wp.com\/mundosemfim.com\/wp-content\/uploads\/2017\/04\/P3290036.jpg?fit=1000%2C667&ssl=1&resize=350%2C200","width":350,"height":200,"srcset":"https:\/\/i0.wp.com\/mundosemfim.com\/wp-content\/uploads\/2017\/04\/P3290036.jpg?fit=1000%2C667&ssl=1&resize=350%2C200 1x, https:\/\/i0.wp.com\/mundosemfim.com\/wp-content\/uploads\/2017\/04\/P3290036.jpg?fit=1000%2C667&ssl=1&resize=525%2C300 1.5x, https:\/\/i0.wp.com\/mundosemfim.com\/wp-content\/uploads\/2017\/04\/P3290036.jpg?fit=1000%2C667&ssl=1&resize=700%2C400 2x"},"classes":[]},{"id":4797,"url":"https:\/\/mundosemfim.com\/?p=4797","url_meta":{"origin":5505,"position":2},"title":"De Maracaibo a Maicao \u2013 Cruzando a fronteira Venezuela \u2013 Col\u00f4mbia por Paraguach\u00f3n","author":"Renan","date":"janeiro 10, 2017","format":false,"excerpt":"Considerada uma das piores fronteiras da Am\u00e9rica do Sul, o passo de Paraguach\u00f3n, que liga o litoral venezuelano com o colombiano \u00e9 evitado por muitos viajantes. N\u00f3s, como bons cabe\u00e7as-duras, passamos por l\u00e1, e aqui contamos como foi! Refer\u00eancia (janeiro\/2017) 1 d\u00f3lar = 3300 bol\u00edvar fuerte* 1 d\u00f3lar = 2900\u2026","rel":"","context":"Em &quot;Am\u00e9rica do Sul&quot;","block_context":{"text":"Am\u00e9rica do Sul","link":"https:\/\/mundosemfim.com\/?cat=6"},"img":{"alt_text":"","src":"https:\/\/i0.wp.com\/mundosemfim.com\/wp-content\/uploads\/2017\/01\/P1080084.jpg?fit=1000%2C667&ssl=1&resize=350%2C200","width":350,"height":200,"srcset":"https:\/\/i0.wp.com\/mundosemfim.com\/wp-content\/uploads\/2017\/01\/P1080084.jpg?fit=1000%2C667&ssl=1&resize=350%2C200 1x, https:\/\/i0.wp.com\/mundosemfim.com\/wp-content\/uploads\/2017\/01\/P1080084.jpg?fit=1000%2C667&ssl=1&resize=525%2C300 1.5x, https:\/\/i0.wp.com\/mundosemfim.com\/wp-content\/uploads\/2017\/01\/P1080084.jpg?fit=1000%2C667&ssl=1&resize=700%2C400 2x"},"classes":[]},{"id":4279,"url":"https:\/\/mundosemfim.com\/?p=4279","url_meta":{"origin":5505,"position":3},"title":"Cruzando a fronteira Equador \u2013 Col\u00f4mbia por Rumichaca","author":"Renan","date":"setembro 27, 2016","format":false,"excerpt":"Provavelmente a fronteira mais utilizada por mochileiros que viajam entre estes dois pa\u00edses, o passo de Rumichaca \u00e9 o mais recomendado e bastante seguro. Aqui contamos como foi nossa travessia! C\u00e2mbio oficial (set\/2016) 1 d\u00f3lar = 3,30 reais 1 real = 893 pesos colombianos 1 d\u00f3lar = 2890 pesos colombianos\u2026","rel":"","context":"Em &quot;Am\u00e9rica do Sul&quot;","block_context":{"text":"Am\u00e9rica do Sul","link":"https:\/\/mundosemfim.com\/?cat=6"},"img":{"alt_text":"","src":"https:\/\/i0.wp.com\/mundosemfim.com\/wp-content\/uploads\/2016\/09\/P9180025.jpg?fit=901%2C601&ssl=1&resize=350%2C200","width":350,"height":200,"srcset":"https:\/\/i0.wp.com\/mundosemfim.com\/wp-content\/uploads\/2016\/09\/P9180025.jpg?fit=901%2C601&ssl=1&resize=350%2C200 1x, https:\/\/i0.wp.com\/mundosemfim.com\/wp-content\/uploads\/2016\/09\/P9180025.jpg?fit=901%2C601&ssl=1&resize=525%2C300 1.5x, https:\/\/i0.wp.com\/mundosemfim.com\/wp-content\/uploads\/2016\/09\/P9180025.jpg?fit=901%2C601&ssl=1&resize=700%2C400 2x"},"classes":[]},{"id":5809,"url":"https:\/\/mundosemfim.com\/?p=5809","url_meta":{"origin":5505,"position":4},"title":"Cruzando a fronteira Nicar\u00e1gua \u2013 Honduras por Las Manos","author":"Renan","date":"maio 14, 2017","format":false,"excerpt":"Mais uma vez aquele friozinho na barriga por cruzar uma fronteira. Desta vez seria para entrar em Honduras, um pa\u00eds onde muitos reclamam de terem sido extorquidos pelos oficiais de imigra\u00e7\u00e3o. Mas a viagem tem que continuar, e a\u00ed fomos n\u00f3s! Refer\u00eancia (maio\/2017) 1 d\u00f3lar = 3,13 reais 1 c\u00f3rdoba\u2026","rel":"","context":"Em &quot;Am\u00e9rica Central&quot;","block_context":{"text":"Am\u00e9rica Central","link":"https:\/\/mundosemfim.com\/?cat=382"},"img":{"alt_text":"Cruzando a fronteira Nicar\u00e1gua - Honduras","src":"https:\/\/i0.wp.com\/mundosemfim.com\/wp-content\/uploads\/2017\/05\/P5120006.jpg?fit=1000%2C667&ssl=1&resize=350%2C200","width":350,"height":200,"srcset":"https:\/\/i0.wp.com\/mundosemfim.com\/wp-content\/uploads\/2017\/05\/P5120006.jpg?fit=1000%2C667&ssl=1&resize=350%2C200 1x, https:\/\/i0.wp.com\/mundosemfim.com\/wp-content\/uploads\/2017\/05\/P5120006.jpg?fit=1000%2C667&ssl=1&resize=525%2C300 1.5x, https:\/\/i0.wp.com\/mundosemfim.com\/wp-content\/uploads\/2017\/05\/P5120006.jpg?fit=1000%2C667&ssl=1&resize=700%2C400 2x"},"classes":[]},{"id":5653,"url":"https:\/\/mundosemfim.com\/?p=5653","url_meta":{"origin":5505,"position":5},"title":"Cruzando a fronteira Costa Rica \u2013 Nicar\u00e1gua por Pe\u00f1as Blancas","author":"Renan","date":"abril 20, 2017","format":false,"excerpt":"Seguindo nosso recorrido pela Am\u00e9rica Central, aqui contamos como foi cruzar a fronteira da Costa Rica com a Nicar\u00e1gua por terra! C\u00e2mbio oficial (abril\/2017) 1 real = 178 colones (dinheiro da Costa Rica) 1 real = 9,45 c\u00f3rdobas (dinheiro da Nicar\u00e1gua) 1 d\u00f3lar = 3,16 reais Seguindo nossa viagem pela\u2026","rel":"","context":"Em &quot;Am\u00e9rica Central&quot;","block_context":{"text":"Am\u00e9rica Central","link":"https:\/\/mundosemfim.com\/?cat=382"},"img":{"alt_text":"Cruzando a fronteira Costa Rica - Nicar\u00e1gua por Pe\u00f1as Blancas.","src":"https:\/\/i0.wp.com\/mundosemfim.com\/wp-content\/uploads\/2017\/04\/P4200022.jpg?fit=1000%2C667&ssl=1&resize=350%2C200","width":350,"height":200,"srcset":"https:\/\/i0.wp.com\/mundosemfim.com\/wp-content\/uploads\/2017\/04\/P4200022.jpg?fit=1000%2C667&ssl=1&resize=350%2C200 1x, https:\/\/i0.wp.com\/mundosemfim.com\/wp-content\/uploads\/2017\/04\/P4200022.jpg?fit=1000%2C667&ssl=1&resize=525%2C300 1.5x, https:\/\/i0.wp.com\/mundosemfim.com\/wp-content\/uploads\/2017\/04\/P4200022.jpg?fit=1000%2C667&ssl=1&resize=700%2C400 2x"},"classes":[]}],"_links":{"self":[{"href":"https:\/\/mundosemfim.com\/index.php?rest_route=\/wp\/v2\/posts\/5505","targetHints":{"allow":["GET"]}}],"collection":[{"href":"https:\/\/mundosemfim.com\/index.php?rest_route=\/wp\/v2\/posts"}],"about":[{"href":"https:\/\/mundosemfim.com\/index.php?rest_route=\/wp\/v2\/types\/post"}],"author":[{"embeddable":true,"href":"https:\/\/mundosemfim.com\/index.php?rest_route=\/wp\/v2\/users\/1"}],"replies":[{"embeddable":true,"href":"https:\/\/mundosemfim.com\/index.php?rest_route=%2Fwp%2Fv2%2Fcomments&post=5505"}],"version-history":[{"count":5,"href":"https:\/\/mundosemfim.com\/index.php?rest_route=\/wp\/v2\/posts\/5505\/revisions"}],"predecessor-version":[{"id":5527,"href":"https:\/\/mundosemfim.com\/index.php?rest_route=\/wp\/v2\/posts\/5505\/revisions\/5527"}],"wp:featuredmedia":[{"embeddable":true,"href":"https:\/\/mundosemfim.com\/index.php?rest_route=\/wp\/v2\/media\/5510"}],"wp:attachment":[{"href":"https:\/\/mundosemfim.com\/index.php?rest_route=%2Fwp%2Fv2%2Fmedia&parent=5505"}],"wp:term":[{"taxonomy":"category","embeddable":true,"href":"https:\/\/mundosemfim.com\/index.php?rest_route=%2Fwp%2Fv2%2Fcategories&post=5505"},{"taxonomy":"post_tag","embeddable":true,"href":"https:\/\/mundosemfim.com\/index.php?rest_route=%2Fwp%2Fv2%2Ftags&post=5505"}],"curies":[{"name":"wp","href":"https:\/\/api.w.org\/{rel}","templated":true}]}}