{"id":5494,"date":"2017-03-20T12:41:27","date_gmt":"2017-03-20T15:41:27","guid":{"rendered":"https:\/\/mundosemfim.com\/?p=5494"},"modified":"2017-03-20T12:41:27","modified_gmt":"2017-03-20T15:41:27","slug":"conheca-capurgana-uma-das-praias-mais-paradisiacas-da-colombia","status":"publish","type":"post","link":"https:\/\/mundosemfim.com\/?p=5494","title":{"rendered":"Conhe\u00e7a Capurgan\u00e1 \u2013 uma das praias mais paradis\u00edacas da Col\u00f4mbia"},"content":{"rendered":"<p>Localizada pertinho do Panam\u00e1, Capurgan\u00e1 \u00e9 um daqueles lugares paradis\u00edacos que poucos turistas conhecem. Por sorte nos atrevemos a ir at\u00e9 l\u00e1, e aqui damos todas as dicas para que voc\u00ea poder usufruir ao m\u00e1ximo deste lugar encantador!<\/p>\n<p><!--more--><\/p>\n<p><b>C\u00e2mbio oficial (mar\u00e7o\/2017)<br \/>\n<\/b>1 real = 940 pesos colombianos<br \/>\n1 d\u00f3lar = 2900 pesos colombianos<\/p>\n<figure id=\"attachment_5495\" aria-describedby=\"caption-attachment-5495\" style=\"width: 1000px\" class=\"wp-caption aligncenter\"><img data-recalc-dims=\"1\" loading=\"lazy\" decoding=\"async\" data-attachment-id=\"5495\" data-permalink=\"https:\/\/mundosemfim.com\/?attachment_id=5495\" data-orig-file=\"https:\/\/i0.wp.com\/mundosemfim.com\/wp-content\/uploads\/2017\/03\/DSC_0039.jpg?fit=1000%2C667&amp;ssl=1\" data-orig-size=\"1000,667\" data-comments-opened=\"1\" data-image-meta=\"{&quot;aperture&quot;:&quot;0&quot;,&quot;credit&quot;:&quot;&quot;,&quot;camera&quot;:&quot;&quot;,&quot;caption&quot;:&quot;&quot;,&quot;created_timestamp&quot;:&quot;1490002244&quot;,&quot;copyright&quot;:&quot;&quot;,&quot;focal_length&quot;:&quot;0&quot;,&quot;iso&quot;:&quot;0&quot;,&quot;shutter_speed&quot;:&quot;0&quot;,&quot;title&quot;:&quot;&quot;,&quot;orientation&quot;:&quot;1&quot;}\" data-image-title=\"Capurgan\u00e1\" data-image-description=\"&lt;p&gt;Paradis\u00edaca praia de Capurgan\u00e1&lt;\/p&gt;\n\" data-image-caption=\"&lt;p&gt;Paradis\u00edaca praia de Capurgan\u00e1&lt;\/p&gt;\n\" data-large-file=\"https:\/\/i0.wp.com\/mundosemfim.com\/wp-content\/uploads\/2017\/03\/DSC_0039.jpg?fit=764%2C510&amp;ssl=1\" class=\"wp-image-5495 size-full\" src=\"https:\/\/i0.wp.com\/mundosemfim.com\/wp-content\/uploads\/2017\/03\/DSC_0039.jpg?resize=764%2C510&#038;ssl=1\" alt=\"Paradis\u00edaca praia de Capurgan\u00e1\" width=\"764\" height=\"510\" srcset=\"https:\/\/i0.wp.com\/mundosemfim.com\/wp-content\/uploads\/2017\/03\/DSC_0039.jpg?w=1000&amp;ssl=1 1000w, https:\/\/i0.wp.com\/mundosemfim.com\/wp-content\/uploads\/2017\/03\/DSC_0039.jpg?resize=300%2C200&amp;ssl=1 300w, https:\/\/i0.wp.com\/mundosemfim.com\/wp-content\/uploads\/2017\/03\/DSC_0039.jpg?resize=768%2C512&amp;ssl=1 768w\" sizes=\"auto, (max-width: 764px) 100vw, 764px\" \/><figcaption id=\"caption-attachment-5495\" class=\"wp-caption-text\">Paradis\u00edaca praia de Capurgan\u00e1<\/figcaption><\/figure>\n<p>Dos lugares que mais nos surpreenderam positivamente na Col\u00f4mbia, Capurgan\u00e1 sem d\u00favidas est\u00e1 em primeiro lugar. Localizado na prov\u00edncia de Choc\u00f3, este pequeno vilarejo \u00e9 a prova que uma cultura pode sobreviver sem se vender aos avan\u00e7os tecnol\u00f3gicos.<\/p>\n<p>Em Capurgan\u00e1 se respira a tranquilidade, e os prazeres simples da vida, como caminhar na areia da praia, comer um peixe frito de frente para o mar ou observar crian\u00e7as descal\u00e7as jogando bola s\u00e3o as principais recompensas do viajante.<\/p>\n<p>N\u00e3o importa se voc\u00ea \u00e9 mochileiro, est\u00e1 de lua de mel ou curtindo umas f\u00e9rias com os amigos: este destino merece estar em seu roteiro!<\/p>\n<h3><a href=\"https:\/\/mundosemfim.com\/como-chegar-capurgana-um-paraiso-secreto-no-caribe-colombiano\/\"><b>Como chegar<\/b><\/a><\/h3>\n<p>Um dos encantos de Capurgan\u00e1 est\u00e1 em seu isolamento: para chegar at\u00e9 aqui, s\u00f3 de avi\u00e3o (em voos privados que saem de <a href=\"https:\/\/mundosemfim.com\/tudo-sobre-medellin-a-cidade-mais-inovadora-do-mundo\/\">Medell\u00edn<\/a>) ou em barco. N\u00e3o h\u00e1 estradas.<\/p>\n<p>Os barcos partem de Turbo ou Necocl\u00ed, e custam 70 mil por pessoa. Se quiser ver todos os detalhes da travessia, leia nosso post completo <a href=\"https:\/\/mundosemfim.com\/como-chegar-capurgana-um-paraiso-secreto-no-caribe-colombiano\/\"><b>aqui<\/b><\/a>.<\/p>\n<p>Para quem vem do Panam\u00e1, h\u00e1 barcos praticamente todos os dias indo e vindo de Puerto Obald\u00eda. Os barcos panamenhos cobram 15 d\u00f3lares por pessoa, e os colombianos 30 mil (estes valores podem subir ou baixar um pouco dependendo da quantidade de pessoas).<\/p>\n<h3><b>Hospedagem<\/b><\/h3>\n<p>Em Capurgan\u00e1 abundam os hot\u00e9is e hostels, al\u00e9m de alguns campings. Apesar de ser um lugar paradis\u00edaco, n\u00e3o \u00e9 caro se hospedar aqui.<\/p>\n<p>O hotel mais chique de l\u00e1 \u00e9 o <a href=\"http:\/\/hotellasmananitas.com.co\"><strong>Las <\/strong><strong>Ma\u00f1anitas<\/strong><\/a> (<a href=\"http:\/\/hotellasmananitas.com.co\">hotellasmananitas.com.co<\/a>), que tem piscina e oferece belos quartos com vista para o mar, ar condicionado e ventilador (combina\u00e7\u00e3o importante, pois l\u00e1 realmente faz calor). Excelente para quem est\u00e1 em lua de mel. Um quarto para casal sai a partir de 250 mil pesos, dependendo da temporada.<\/p>\n<div data-carousel-extra='{&quot;blog_id&quot;:1,&quot;permalink&quot;:&quot;https:\/\/mundosemfim.com\/?p=5494&quot;}' id='gallery-1' class='gallery galleryid-5494 gallery-columns-2 gallery-size-medium'><figure class='gallery-item'>\n\t\t\t<div class='gallery-icon landscape'>\n\t\t\t\t<a href='https:\/\/mundosemfim.com\/?attachment_id=5497'><img loading=\"lazy\" decoding=\"async\" width=\"300\" height=\"200\" src=\"https:\/\/i0.wp.com\/mundosemfim.com\/wp-content\/uploads\/2017\/03\/DSC_0057.jpg?fit=300%2C200&amp;ssl=1\" class=\"attachment-medium size-medium\" alt=\"\" aria-describedby=\"gallery-1-5497\" srcset=\"https:\/\/i0.wp.com\/mundosemfim.com\/wp-content\/uploads\/2017\/03\/DSC_0057.jpg?w=1000&amp;ssl=1 1000w, https:\/\/i0.wp.com\/mundosemfim.com\/wp-content\/uploads\/2017\/03\/DSC_0057.jpg?resize=300%2C200&amp;ssl=1 300w, https:\/\/i0.wp.com\/mundosemfim.com\/wp-content\/uploads\/2017\/03\/DSC_0057.jpg?resize=768%2C512&amp;ssl=1 768w\" sizes=\"auto, (max-width: 300px) 100vw, 300px\" data-attachment-id=\"5497\" data-permalink=\"https:\/\/mundosemfim.com\/?attachment_id=5497\" data-orig-file=\"https:\/\/i0.wp.com\/mundosemfim.com\/wp-content\/uploads\/2017\/03\/DSC_0057.jpg?fit=1000%2C667&amp;ssl=1\" data-orig-size=\"1000,667\" data-comments-opened=\"1\" data-image-meta=\"{&quot;aperture&quot;:&quot;0&quot;,&quot;credit&quot;:&quot;&quot;,&quot;camera&quot;:&quot;&quot;,&quot;caption&quot;:&quot;&quot;,&quot;created_timestamp&quot;:&quot;1490002184&quot;,&quot;copyright&quot;:&quot;&quot;,&quot;focal_length&quot;:&quot;0&quot;,&quot;iso&quot;:&quot;0&quot;,&quot;shutter_speed&quot;:&quot;0&quot;,&quot;title&quot;:&quot;&quot;,&quot;orientation&quot;:&quot;1&quot;}\" data-image-title=\"Capurgan\u00e1\" data-image-description=\"\" data-image-caption=\"&lt;p&gt;Hotel Las Ma\u00f1anitas &amp;#8211; Capurgan\u00e1&lt;\/p&gt;\n\" data-large-file=\"https:\/\/i0.wp.com\/mundosemfim.com\/wp-content\/uploads\/2017\/03\/DSC_0057.jpg?fit=764%2C510&amp;ssl=1\" \/><\/a>\n\t\t\t<\/div>\n\t\t\t\t<figcaption class='wp-caption-text gallery-caption' id='gallery-1-5497'>\n\t\t\t\tHotel Las Ma\u00f1anitas &#8211; Capurgan\u00e1\n\t\t\t\t<\/figcaption><\/figure><figure class='gallery-item'>\n\t\t\t<div class='gallery-icon landscape'>\n\t\t\t\t<a href='https:\/\/mundosemfim.com\/?attachment_id=5496'><img loading=\"lazy\" decoding=\"async\" width=\"300\" height=\"200\" src=\"https:\/\/i0.wp.com\/mundosemfim.com\/wp-content\/uploads\/2017\/03\/DSC_0014-1.jpg?fit=300%2C200&amp;ssl=1\" class=\"attachment-medium size-medium\" alt=\"\" aria-describedby=\"gallery-1-5496\" srcset=\"https:\/\/i0.wp.com\/mundosemfim.com\/wp-content\/uploads\/2017\/03\/DSC_0014-1.jpg?w=1000&amp;ssl=1 1000w, https:\/\/i0.wp.com\/mundosemfim.com\/wp-content\/uploads\/2017\/03\/DSC_0014-1.jpg?resize=300%2C200&amp;ssl=1 300w, https:\/\/i0.wp.com\/mundosemfim.com\/wp-content\/uploads\/2017\/03\/DSC_0014-1.jpg?resize=768%2C512&amp;ssl=1 768w\" sizes=\"auto, (max-width: 300px) 100vw, 300px\" data-attachment-id=\"5496\" data-permalink=\"https:\/\/mundosemfim.com\/?attachment_id=5496\" data-orig-file=\"https:\/\/i0.wp.com\/mundosemfim.com\/wp-content\/uploads\/2017\/03\/DSC_0014-1.jpg?fit=1000%2C667&amp;ssl=1\" data-orig-size=\"1000,667\" data-comments-opened=\"1\" data-image-meta=\"{&quot;aperture&quot;:&quot;0&quot;,&quot;credit&quot;:&quot;&quot;,&quot;camera&quot;:&quot;&quot;,&quot;caption&quot;:&quot;&quot;,&quot;created_timestamp&quot;:&quot;1490002184&quot;,&quot;copyright&quot;:&quot;&quot;,&quot;focal_length&quot;:&quot;0&quot;,&quot;iso&quot;:&quot;0&quot;,&quot;shutter_speed&quot;:&quot;0&quot;,&quot;title&quot;:&quot;&quot;,&quot;orientation&quot;:&quot;1&quot;}\" data-image-title=\"Capurgan\u00e1\" data-image-description=\"\" data-image-caption=\"&lt;p&gt;Mucuvinha curtindo as coisas simples da vida, como um hotel com vista para o mar do Caribe&lt;\/p&gt;\n\" data-large-file=\"https:\/\/i0.wp.com\/mundosemfim.com\/wp-content\/uploads\/2017\/03\/DSC_0014-1.jpg?fit=764%2C510&amp;ssl=1\" \/><\/a>\n\t\t\t<\/div>\n\t\t\t\t<figcaption class='wp-caption-text gallery-caption' id='gallery-1-5496'>\n\t\t\t\tMucuvinha curtindo as coisas simples da vida, como um hotel com vista para o mar do Caribe\n\t\t\t\t<\/figcaption><\/figure>\n\t\t<\/div>\n\n<p>Se quiser se hospedar por l\u00e1, reserve seu hotel por aqui e ajude nosso site a continuar funcionando \ud83d\ude42<\/p>\n<p><ins class=\"bookingaff\" data-target_aid=\"1152681\" data-prod=\"nsb\" data-width=\"400\" data-height=\"300\" data-aid=\"1161710\"><br \/>\n<!-- Anything inside will go away once widget is loaded. --><br \/>\n<a href=\"\/\/www.booking.com?aid=1152681\">Booking.com<\/a><br \/>\n<\/ins><br \/>\n<script type=\"text\/javascript\">\n    (function(d, sc, u) {\n      var s = d.createElement(sc), p = d.getElementsByTagName(sc)[0];\n      s.type = 'text\/javascript';\n      s.async = true;\n      s.src = u + '?v=' + (+new Date());\n      p.parentNode.insertBefore(s,p);\n      })(document, 'script', '\/\/aff.bstatic.com\/static\/affiliate_base\/js\/flexiproduct.js');\n<\/script><\/p>\n<p>Se busca op\u00e7\u00f5es mais econ\u00f4micas, n\u00e3o \u00e9 dif\u00edcil encontrar hostels a partir de 20 mil por pessoa, com cozinha e ventilador. Pela noite costuma faltar luz.<\/p>\n<p>Tamb\u00e9m h\u00e1 campings, mas estavam fechados quando fomos por ser baixa temporada.<\/p>\n<h3><b>Comida<\/b><\/h3>\n<p>A oferta de restaurantes em Capurgan\u00e1 \u00e9 pequena, mas suficiente. Um menu econ\u00f4mico (geralmente composto por sopa, suco e um prato com carne ou frango) sai a partir de 13 mil. Os peixes custam a partir de 18 mil.<\/p>\n<p>Tamb\u00e9m h\u00e1 op\u00e7\u00f5es de lagosta e camar\u00f5es, com os pre\u00e7os variando bastante conforme a temporada.<\/p>\n<figure id=\"attachment_5498\" aria-describedby=\"caption-attachment-5498\" style=\"width: 1000px\" class=\"wp-caption aligncenter\"><img data-recalc-dims=\"1\" loading=\"lazy\" decoding=\"async\" data-attachment-id=\"5498\" data-permalink=\"https:\/\/mundosemfim.com\/?attachment_id=5498\" data-orig-file=\"https:\/\/i0.wp.com\/mundosemfim.com\/wp-content\/uploads\/2017\/03\/P3080087.jpg?fit=1000%2C667&amp;ssl=1\" data-orig-size=\"1000,667\" data-comments-opened=\"1\" data-image-meta=\"{&quot;aperture&quot;:&quot;0&quot;,&quot;credit&quot;:&quot;&quot;,&quot;camera&quot;:&quot;&quot;,&quot;caption&quot;:&quot;&quot;,&quot;created_timestamp&quot;:&quot;1490004036&quot;,&quot;copyright&quot;:&quot;&quot;,&quot;focal_length&quot;:&quot;0&quot;,&quot;iso&quot;:&quot;0&quot;,&quot;shutter_speed&quot;:&quot;0&quot;,&quot;title&quot;:&quot;&quot;,&quot;orientation&quot;:&quot;1&quot;}\" data-image-title=\"Capurgan\u00e1\" data-image-description=\"\" data-image-caption=\"&lt;p&gt;Almo\u00e7o t\u00edpico de Capurgan\u00e1, por 13 mil pesos.&lt;\/p&gt;\n\" data-large-file=\"https:\/\/i0.wp.com\/mundosemfim.com\/wp-content\/uploads\/2017\/03\/P3080087.jpg?fit=764%2C510&amp;ssl=1\" class=\"size-full wp-image-5498\" src=\"https:\/\/i0.wp.com\/mundosemfim.com\/wp-content\/uploads\/2017\/03\/P3080087.jpg?resize=764%2C510&#038;ssl=1\" alt=\"\" width=\"764\" height=\"510\" srcset=\"https:\/\/i0.wp.com\/mundosemfim.com\/wp-content\/uploads\/2017\/03\/P3080087.jpg?w=1000&amp;ssl=1 1000w, https:\/\/i0.wp.com\/mundosemfim.com\/wp-content\/uploads\/2017\/03\/P3080087.jpg?resize=300%2C200&amp;ssl=1 300w, https:\/\/i0.wp.com\/mundosemfim.com\/wp-content\/uploads\/2017\/03\/P3080087.jpg?resize=768%2C512&amp;ssl=1 768w\" sizes=\"auto, (max-width: 764px) 100vw, 764px\" \/><figcaption id=\"caption-attachment-5498\" class=\"wp-caption-text\">Almo\u00e7o t\u00edpico de Capurgan\u00e1, por 13 mil pesos.<\/figcaption><\/figure>\n<h3><b>Supermercados<\/b><\/h3>\n<p>H\u00e1 uns poucos mercados pequenos em Capurgan\u00e1. Por conta do dif\u00edcil acesso, os pre\u00e7os s\u00e3o um pouco mais altos que no resto do pa\u00eds, mas n\u00e3o chegam a ser absurdos.<\/p>\n<p>Uma bolsa de 6 litros de \u00e1gua, por exemplo, custa 4 mil. O quilo do frango sai por 7 mil. Um pacote de p\u00e3o de forma, 3500.<\/p>\n<p>Estes mercadinhos pecam um pouco na variedade: se quiser algum produto espec\u00edfico, melhor traz\u00ea-lo de outro lugar.<\/p>\n<figure id=\"attachment_5499\" aria-describedby=\"caption-attachment-5499\" style=\"width: 1000px\" class=\"wp-caption aligncenter\"><img data-recalc-dims=\"1\" loading=\"lazy\" decoding=\"async\" data-attachment-id=\"5499\" data-permalink=\"https:\/\/mundosemfim.com\/?attachment_id=5499\" data-orig-file=\"https:\/\/i0.wp.com\/mundosemfim.com\/wp-content\/uploads\/2017\/03\/DSC_0229.jpg?fit=1000%2C667&amp;ssl=1\" data-orig-size=\"1000,667\" data-comments-opened=\"1\" data-image-meta=\"{&quot;aperture&quot;:&quot;0&quot;,&quot;credit&quot;:&quot;&quot;,&quot;camera&quot;:&quot;&quot;,&quot;caption&quot;:&quot;&quot;,&quot;created_timestamp&quot;:&quot;1490002378&quot;,&quot;copyright&quot;:&quot;&quot;,&quot;focal_length&quot;:&quot;0&quot;,&quot;iso&quot;:&quot;0&quot;,&quot;shutter_speed&quot;:&quot;0&quot;,&quot;title&quot;:&quot;&quot;,&quot;orientation&quot;:&quot;1&quot;}\" data-image-title=\"Capurgan\u00e1\" data-image-description=\"\" data-image-caption=\"&lt;p&gt;Menino andando de bicicleta pelas ruas de Capurgan\u00e1&lt;\/p&gt;\n\" data-large-file=\"https:\/\/i0.wp.com\/mundosemfim.com\/wp-content\/uploads\/2017\/03\/DSC_0229.jpg?fit=764%2C510&amp;ssl=1\" class=\"wp-image-5499 size-full\" src=\"https:\/\/i0.wp.com\/mundosemfim.com\/wp-content\/uploads\/2017\/03\/DSC_0229.jpg?resize=764%2C510&#038;ssl=1\" alt=\"Menino andando de bicicleta pelas ruas de Capurgan\u00e1\" width=\"764\" height=\"510\" srcset=\"https:\/\/i0.wp.com\/mundosemfim.com\/wp-content\/uploads\/2017\/03\/DSC_0229.jpg?w=1000&amp;ssl=1 1000w, https:\/\/i0.wp.com\/mundosemfim.com\/wp-content\/uploads\/2017\/03\/DSC_0229.jpg?resize=300%2C200&amp;ssl=1 300w, https:\/\/i0.wp.com\/mundosemfim.com\/wp-content\/uploads\/2017\/03\/DSC_0229.jpg?resize=768%2C512&amp;ssl=1 768w\" sizes=\"auto, (max-width: 764px) 100vw, 764px\" \/><figcaption id=\"caption-attachment-5499\" class=\"wp-caption-text\">Menino andando de bicicleta pelas ruas de Capurgan\u00e1<\/figcaption><\/figure>\n<h3><b>Dinheiro<\/b><\/h3>\n<p>N\u00e3o h\u00e1 bancos ou caixas eletr\u00f4nicos em Capurgan\u00e1. Se vier para c\u00e1, traga dinheiro suficiente para a sua estadia (em Turbo e Necocl\u00ed h\u00e1 caixas eletr\u00f4nicos).<\/p>\n<p>Tamb\u00e9m n\u00e3o h\u00e1 casas de c\u00e2mbio oficiais, mas v\u00e1rias pessoas compram e vendem d\u00f3lares. A cota\u00e7\u00e3o \u00e9 pior do que no restante do pa\u00eds (quando estivemos l\u00e1, estavam pagando 2600 no d\u00f3lar, contra 2800 que estavam pagando em <a href=\"https:\/\/mundosemfim.com\/guia-completo-sobre-cartagena-o-que-fazer-onde-se-hospedar-como-economizar-etc\/\">Cartagena<\/a>).<\/p>\n<h3><b>Imigra\u00e7\u00e3o<\/b><\/h3>\n<p>Em Capurgan\u00e1 h\u00e1 uma oficina de imigra\u00e7\u00e3o que funciona todos os dias das 8h \u00e0s 17h (vimos que o hor\u00e1rio \u00e9 um pouco flex\u00edvel). Se vier do Panam\u00e1, dever\u00e1 registrar sua entrada na Col\u00f4mbia aqui. Se estiver saindo, carimbe sua sa\u00edda.<\/p>\n<p>Para quem sai, conv\u00e9m fazer o tr\u00e2mite 1 dia antes de partir, pois Capurgan\u00e1 tem muitos problemas de falta de luz (e, sem luz, sem carimbo). A partir do carimbo de sa\u00edda, voc\u00ea tem at\u00e9 3 dias para registrar sua entrada no Panam\u00e1.<\/p>\n<figure id=\"attachment_5487\" aria-describedby=\"caption-attachment-5487\" style=\"width: 1000px\" class=\"wp-caption aligncenter\"><img data-recalc-dims=\"1\" loading=\"lazy\" decoding=\"async\" data-attachment-id=\"5487\" data-permalink=\"https:\/\/mundosemfim.com\/?attachment_id=5487\" data-orig-file=\"https:\/\/i0.wp.com\/mundosemfim.com\/wp-content\/uploads\/2017\/03\/DSC_0044.jpg?fit=1000%2C667&amp;ssl=1\" data-orig-size=\"1000,667\" data-comments-opened=\"1\" data-image-meta=\"{&quot;aperture&quot;:&quot;0&quot;,&quot;credit&quot;:&quot;&quot;,&quot;camera&quot;:&quot;&quot;,&quot;caption&quot;:&quot;&quot;,&quot;created_timestamp&quot;:&quot;1489999972&quot;,&quot;copyright&quot;:&quot;&quot;,&quot;focal_length&quot;:&quot;0&quot;,&quot;iso&quot;:&quot;0&quot;,&quot;shutter_speed&quot;:&quot;0&quot;,&quot;title&quot;:&quot;&quot;,&quot;orientation&quot;:&quot;1&quot;}\" data-image-title=\"Capurgan\u00e1\" data-image-description=\"\" data-image-caption=\"&lt;p&gt;Mucuvinha em Capurgan\u00e1&lt;\/p&gt;\n\" data-large-file=\"https:\/\/i0.wp.com\/mundosemfim.com\/wp-content\/uploads\/2017\/03\/DSC_0044.jpg?fit=764%2C510&amp;ssl=1\" class=\"wp-image-5487 size-full\" src=\"https:\/\/i0.wp.com\/mundosemfim.com\/wp-content\/uploads\/2017\/03\/DSC_0044.jpg?resize=764%2C510&#038;ssl=1\" alt=\"Mucuvinha em Capurgan\u00e1\" width=\"764\" height=\"510\" srcset=\"https:\/\/i0.wp.com\/mundosemfim.com\/wp-content\/uploads\/2017\/03\/DSC_0044.jpg?w=1000&amp;ssl=1 1000w, https:\/\/i0.wp.com\/mundosemfim.com\/wp-content\/uploads\/2017\/03\/DSC_0044.jpg?resize=300%2C200&amp;ssl=1 300w, https:\/\/i0.wp.com\/mundosemfim.com\/wp-content\/uploads\/2017\/03\/DSC_0044.jpg?resize=768%2C512&amp;ssl=1 768w\" sizes=\"auto, (max-width: 764px) 100vw, 764px\" \/><figcaption id=\"caption-attachment-5487\" class=\"wp-caption-text\">Mucuvinha em Capurgan\u00e1<\/figcaption><\/figure>\n<h3><b>Internet e luz<\/b><\/h3>\n<p>Em Capurgan\u00e1 a energia el\u00e9trica \u00e9 racionada, e \u00e9 comum faltar luz algumas horas por dia.<\/p>\n<p>Internet tamb\u00e9m \u00e9 raro: poucos hot\u00e9is oferecem wi-fi, e os que oferecem s\u00e3o extremamente lentos (s\u00f3 serve para usar o whatsapp, e olhe l\u00e1).<\/p>\n<p>H\u00e1 uma lan house que vende o acesso por 3500 a hora.<\/p>\n<h3><b>O que fazer?<\/b><\/h3>\n<p>Em Capurgan\u00e1 h\u00e1 uma pequena praia paradis\u00edaca, e o mar possui aquela colora\u00e7\u00e3o caracter\u00edstica do caribe. Nos meses de janeiro a abril as \u00e1guas ficam um pouco mais agitadas e perdem um pouco a transpar\u00eancia, mas o visual continua espetacular.<\/p>\n<p>Voc\u00ea pode simplesmente curtir esta praia e mergulhar com snorkel em alguns recifes ali perto, ou pegar um barco ou um tour para as outras in\u00fameras praias nas redondezas.<\/p>\n<p>Os lugares mais conhecidos da regi\u00e3o s\u00e3o:<\/p>\n<h4><i><b>Sapzurro<\/b><\/i><\/h4>\n<p>Sapzurro \u00e9 outro pequeno vilarejo, um pouco mais longe e tamb\u00e9m muito bonito. Todas as manh\u00e3s saem barcos para l\u00e1, e o trajeto ida e volta fica na faixa de 30 mil por pessoa. Combine com o barqueiro a hora para ele ir te buscar.<\/p>\n<p>\u00c9 poss\u00edvel chegar a p\u00e9, por uma trilha razoavelmente pesada de cerca de 2 horas.<\/p>\n<p>Sapzurro \u00e9 menor ainda que Capurgan\u00e1, e tamb\u00e9m possui algumas op\u00e7\u00f5es de hospedagem, mercados e restaurantes (um pouco mais caros que Capurgan\u00e1, mas nada absurdo).<\/p>\n<figure id=\"attachment_5500\" aria-describedby=\"caption-attachment-5500\" style=\"width: 1000px\" class=\"wp-caption aligncenter\"><img data-recalc-dims=\"1\" loading=\"lazy\" decoding=\"async\" data-attachment-id=\"5500\" data-permalink=\"https:\/\/mundosemfim.com\/?attachment_id=5500\" data-orig-file=\"https:\/\/i0.wp.com\/mundosemfim.com\/wp-content\/uploads\/2017\/03\/P3110103.jpg?fit=1000%2C667&amp;ssl=1\" data-orig-size=\"1000,667\" data-comments-opened=\"1\" data-image-meta=\"{&quot;aperture&quot;:&quot;0&quot;,&quot;credit&quot;:&quot;&quot;,&quot;camera&quot;:&quot;&quot;,&quot;caption&quot;:&quot;&quot;,&quot;created_timestamp&quot;:&quot;1490004778&quot;,&quot;copyright&quot;:&quot;&quot;,&quot;focal_length&quot;:&quot;0&quot;,&quot;iso&quot;:&quot;0&quot;,&quot;shutter_speed&quot;:&quot;0&quot;,&quot;title&quot;:&quot;&quot;,&quot;orientation&quot;:&quot;1&quot;}\" data-image-title=\"Sapzurro\" data-image-description=\"\" data-image-caption=\"&lt;p&gt;Pequena praia de Sapzurro, pertinho de Capurgan\u00e1&lt;\/p&gt;\n\" data-large-file=\"https:\/\/i0.wp.com\/mundosemfim.com\/wp-content\/uploads\/2017\/03\/P3110103.jpg?fit=764%2C510&amp;ssl=1\" class=\"wp-image-5500 size-full\" src=\"https:\/\/i0.wp.com\/mundosemfim.com\/wp-content\/uploads\/2017\/03\/P3110103.jpg?resize=764%2C510&#038;ssl=1\" alt=\"Pequena praia de Sapzurro, pertinho de Capurgan\u00e1\" width=\"764\" height=\"510\" srcset=\"https:\/\/i0.wp.com\/mundosemfim.com\/wp-content\/uploads\/2017\/03\/P3110103.jpg?w=1000&amp;ssl=1 1000w, https:\/\/i0.wp.com\/mundosemfim.com\/wp-content\/uploads\/2017\/03\/P3110103.jpg?resize=300%2C200&amp;ssl=1 300w, https:\/\/i0.wp.com\/mundosemfim.com\/wp-content\/uploads\/2017\/03\/P3110103.jpg?resize=768%2C512&amp;ssl=1 768w\" sizes=\"auto, (max-width: 764px) 100vw, 764px\" \/><figcaption id=\"caption-attachment-5500\" class=\"wp-caption-text\">Pequena praia de Sapzurro, pertinho de Capurgan\u00e1<\/figcaption><\/figure>\n<p>De Sapzurro \u00e9 poss\u00edvel fazer uma trilha at\u00e9 La Miel, uma pequena praia paradis\u00edaca j\u00e1 em territ\u00f3rio panamenho. Para ir l\u00e1 \u00e9 preciso apresentar o passaporte, mas n\u00e3o \u00e9 preciso fazer nenhum tr\u00e2mite de imigra\u00e7\u00e3o. Em La Miel h\u00e1 um pequeno\u00a0<em>duty free<\/em> que vende bebidas, roupas e outros poucos artigos.<\/p>\n<h4><i><b>El Cielo<\/b><\/i><\/h4>\n<p>El Cielo \u00e9 uma pequena cachoeira que se alcan\u00e7a depois de 1h de caminhada por uma trilha bem bonita. A trilha parte de tr\u00e1s do aeroporto. N\u00e3o h\u00e1 muita indica\u00e7\u00e3o, mas \u00e9 s\u00f3 seguir sempre reto que uma hora chega. Conv\u00e9m ir de chinelo ou sand\u00e1lias, pois h\u00e1 que atravessar pequenos rios no caminho. Fique atento \u00e0s \u00e1rvores durante a trilha; com sorte, \u00e9 poss\u00edvel ver macacos.<\/p>\n<figure id=\"attachment_5501\" aria-describedby=\"caption-attachment-5501\" style=\"width: 1000px\" class=\"wp-caption aligncenter\"><img data-recalc-dims=\"1\" loading=\"lazy\" decoding=\"async\" data-attachment-id=\"5501\" data-permalink=\"https:\/\/mundosemfim.com\/?attachment_id=5501\" data-orig-file=\"https:\/\/i0.wp.com\/mundosemfim.com\/wp-content\/uploads\/2017\/03\/DSC_0087.jpg?fit=1000%2C667&amp;ssl=1\" data-orig-size=\"1000,667\" data-comments-opened=\"1\" data-image-meta=\"{&quot;aperture&quot;:&quot;0&quot;,&quot;credit&quot;:&quot;&quot;,&quot;camera&quot;:&quot;&quot;,&quot;caption&quot;:&quot;&quot;,&quot;created_timestamp&quot;:&quot;1490002292&quot;,&quot;copyright&quot;:&quot;&quot;,&quot;focal_length&quot;:&quot;0&quot;,&quot;iso&quot;:&quot;0&quot;,&quot;shutter_speed&quot;:&quot;0&quot;,&quot;title&quot;:&quot;&quot;,&quot;orientation&quot;:&quot;1&quot;}\" data-image-title=\"Capurgan\u00e1\" data-image-description=\"&lt;p&gt;Cachoeira de El Cielo, em Capurgan\u00e1&lt;\/p&gt;\n\" data-image-caption=\"&lt;p&gt;Cachoeira de El Cielo, em Capurgan\u00e1&lt;\/p&gt;\n\" data-large-file=\"https:\/\/i0.wp.com\/mundosemfim.com\/wp-content\/uploads\/2017\/03\/DSC_0087.jpg?fit=764%2C510&amp;ssl=1\" class=\"wp-image-5501 size-full\" src=\"https:\/\/i0.wp.com\/mundosemfim.com\/wp-content\/uploads\/2017\/03\/DSC_0087.jpg?resize=764%2C510&#038;ssl=1\" alt=\"Cachoeira de El Cielo, em Capurgan\u00e1\" width=\"764\" height=\"510\" srcset=\"https:\/\/i0.wp.com\/mundosemfim.com\/wp-content\/uploads\/2017\/03\/DSC_0087.jpg?w=1000&amp;ssl=1 1000w, https:\/\/i0.wp.com\/mundosemfim.com\/wp-content\/uploads\/2017\/03\/DSC_0087.jpg?resize=300%2C200&amp;ssl=1 300w, https:\/\/i0.wp.com\/mundosemfim.com\/wp-content\/uploads\/2017\/03\/DSC_0087.jpg?resize=768%2C512&amp;ssl=1 768w\" sizes=\"auto, (max-width: 764px) 100vw, 764px\" \/><figcaption id=\"caption-attachment-5501\" class=\"wp-caption-text\">Cachoeira de El Cielo, em Capurgan\u00e1<\/figcaption><\/figure>\n<p>A entrada para El Cielo custa 3 mil pesos. \u00c9 um bom lugar para se refrescar, embora n\u00e3o seja de fato imperd\u00edvel. H\u00e1 duas cachoeiras, ambas pequenas, que formam po\u00e7os onde a \u00e1gua bate pouco acima da altura do umbigo.<\/p>\n<h4><i><b>Avi\u00e3o abandonado<\/b><\/i><\/h4>\n<p>Dentro do pequeno aeroporto, ao lado da casinha, h\u00e1 um avi\u00e3o abandonado, que supostamente pertencia a traficantes de drogas. O avi\u00e3o est\u00e1 comido pelo mato, o que pode render boas fotos.<\/p>\n<p>A pista do aeroporto tamb\u00e9m \u00e9 bem interessante: como a frequ\u00eancia de voos \u00e9 m\u00ednima, as crian\u00e7as a utilizam para andar de bicicleta ou jogar futebol.<\/p>\n<figure id=\"attachment_5502\" aria-describedby=\"caption-attachment-5502\" style=\"width: 1000px\" class=\"wp-caption aligncenter\"><img data-recalc-dims=\"1\" loading=\"lazy\" decoding=\"async\" data-attachment-id=\"5502\" data-permalink=\"https:\/\/mundosemfim.com\/?attachment_id=5502\" data-orig-file=\"https:\/\/i0.wp.com\/mundosemfim.com\/wp-content\/uploads\/2017\/03\/DSC_0216.jpg?fit=1000%2C667&amp;ssl=1\" data-orig-size=\"1000,667\" data-comments-opened=\"1\" data-image-meta=\"{&quot;aperture&quot;:&quot;0&quot;,&quot;credit&quot;:&quot;&quot;,&quot;camera&quot;:&quot;&quot;,&quot;caption&quot;:&quot;&quot;,&quot;created_timestamp&quot;:&quot;0&quot;,&quot;copyright&quot;:&quot;&quot;,&quot;focal_length&quot;:&quot;0&quot;,&quot;iso&quot;:&quot;0&quot;,&quot;shutter_speed&quot;:&quot;0&quot;,&quot;title&quot;:&quot;&quot;,&quot;orientation&quot;:&quot;0&quot;}\" data-image-title=\"Capurgan\u00e1\" data-image-description=\"\" data-image-caption=\"&lt;p&gt;Avi\u00e3o abandonado em Capurgan\u00e1&lt;\/p&gt;\n\" data-large-file=\"https:\/\/i0.wp.com\/mundosemfim.com\/wp-content\/uploads\/2017\/03\/DSC_0216.jpg?fit=764%2C510&amp;ssl=1\" class=\"wp-image-5502 size-full\" src=\"https:\/\/i0.wp.com\/mundosemfim.com\/wp-content\/uploads\/2017\/03\/DSC_0216.jpg?resize=764%2C510&#038;ssl=1\" alt=\"Avi\u00e3o abandonado em Capurgan\u00e1\" width=\"764\" height=\"510\" srcset=\"https:\/\/i0.wp.com\/mundosemfim.com\/wp-content\/uploads\/2017\/03\/DSC_0216.jpg?w=1000&amp;ssl=1 1000w, https:\/\/i0.wp.com\/mundosemfim.com\/wp-content\/uploads\/2017\/03\/DSC_0216.jpg?resize=300%2C200&amp;ssl=1 300w, https:\/\/i0.wp.com\/mundosemfim.com\/wp-content\/uploads\/2017\/03\/DSC_0216.jpg?resize=768%2C512&amp;ssl=1 768w\" sizes=\"auto, (max-width: 764px) 100vw, 764px\" \/><figcaption id=\"caption-attachment-5502\" class=\"wp-caption-text\">Avi\u00e3o abandonado em Capurgan\u00e1<\/figcaption><\/figure>\n<p>\u00c9 isso pessoal! Al\u00e9m destes, h\u00e1 diversos outros lugares interessantes na regi\u00e3o, que podem ser visitados atrav\u00e9s de tours ou conversando diretamente com os barqueiros.<\/p>\n<p>Espero que tenham curtido a dica deste lugar fant\u00e1stico, e que possam inclu\u00ed-lo na sua visita pela Col\u00f4mbia.<\/p>\n<figure id=\"attachment_5503\" aria-describedby=\"caption-attachment-5503\" style=\"width: 1000px\" class=\"wp-caption aligncenter\"><img data-recalc-dims=\"1\" loading=\"lazy\" decoding=\"async\" data-attachment-id=\"5503\" data-permalink=\"https:\/\/mundosemfim.com\/?attachment_id=5503\" data-orig-file=\"https:\/\/i0.wp.com\/mundosemfim.com\/wp-content\/uploads\/2017\/03\/P3080052.jpg?fit=1000%2C667&amp;ssl=1\" data-orig-size=\"1000,667\" data-comments-opened=\"1\" data-image-meta=\"{&quot;aperture&quot;:&quot;0&quot;,&quot;credit&quot;:&quot;&quot;,&quot;camera&quot;:&quot;&quot;,&quot;caption&quot;:&quot;&quot;,&quot;created_timestamp&quot;:&quot;1490002530&quot;,&quot;copyright&quot;:&quot;&quot;,&quot;focal_length&quot;:&quot;0&quot;,&quot;iso&quot;:&quot;0&quot;,&quot;shutter_speed&quot;:&quot;0&quot;,&quot;title&quot;:&quot;&quot;,&quot;orientation&quot;:&quot;1&quot;}\" data-image-title=\"Capurgan\u00e1\" data-image-description=\"&lt;p&gt;Praia de El Aguacate, pertinho de Capurgan\u00e1, onde \u00e9 poss\u00edvel ver a natureza praticamente virgem.&lt;\/p&gt;\n\" data-image-caption=\"&lt;p&gt;Praia de El Aguacate, pertinho de Capurgan\u00e1, onde \u00e9 poss\u00edvel ver a natureza praticamente virgem.&lt;\/p&gt;\n\" data-large-file=\"https:\/\/i0.wp.com\/mundosemfim.com\/wp-content\/uploads\/2017\/03\/P3080052.jpg?fit=764%2C510&amp;ssl=1\" class=\"size-full wp-image-5503\" src=\"https:\/\/i0.wp.com\/mundosemfim.com\/wp-content\/uploads\/2017\/03\/P3080052.jpg?resize=764%2C510&#038;ssl=1\" alt=\"\" width=\"764\" height=\"510\" srcset=\"https:\/\/i0.wp.com\/mundosemfim.com\/wp-content\/uploads\/2017\/03\/P3080052.jpg?w=1000&amp;ssl=1 1000w, https:\/\/i0.wp.com\/mundosemfim.com\/wp-content\/uploads\/2017\/03\/P3080052.jpg?resize=300%2C200&amp;ssl=1 300w, https:\/\/i0.wp.com\/mundosemfim.com\/wp-content\/uploads\/2017\/03\/P3080052.jpg?resize=768%2C512&amp;ssl=1 768w\" sizes=\"auto, (max-width: 764px) 100vw, 764px\" \/><figcaption id=\"caption-attachment-5503\" class=\"wp-caption-text\">Praia de El Aguacate, pertinho de Capurgan\u00e1, onde \u00e9 poss\u00edvel ver a natureza praticamente virgem.<\/figcaption><\/figure>\n<p>Para mais dicas de viagens e acompanhar nossa volta ao mundo, curtam nossa p\u00e1gina no face:<br \/>\n<a href=\"http:\/\/www.facebook.com\/mundosemfimoficial\">www.facebook.com\/mundosemfimoficial<\/a><\/p>\n","protected":false},"excerpt":{"rendered":"<p>Localizada pertinho do Panam\u00e1, Capurgan\u00e1 \u00e9 um daqueles lugares paradis\u00edacos que poucos turistas conhecem. Por sorte nos atrevemos a ir at\u00e9 l\u00e1, e aqui damos todas as dicas para que voc\u00ea poder usufruir ao m\u00e1ximo deste lugar encantador!<\/p>\n","protected":false},"author":1,"featured_media":5495,"comment_status":"open","ping_status":"open","sticky":false,"template":"","format":"standard","meta":{"jetpack_post_was_ever_published":false,"_jetpack_newsletter_access":"","_jetpack_dont_email_post_to_subs":false,"_jetpack_newsletter_tier_id":0,"_jetpack_memberships_contains_paywalled_content":false,"_jetpack_memberships_contains_paid_content":false,"footnotes":"","jetpack_publicize_message":"","jetpack_publicize_feature_enabled":true,"jetpack_social_post_already_shared":true,"jetpack_social_options":{"image_generator_settings":{"template":"highway","default_image_id":0,"font":"","enabled":false},"version":2}},"categories":[6,7,381,359,313,43,351],"tags":[],"class_list":["post-5494","post","type-post","status-publish","format-standard","has-post-thumbnail","hentry","category-america-do-sul","category-america-latina","category-capurgana","category-caribe","category-colombia","category-natureza","category-praia-natureza"],"yoast_head":"<!-- This site is optimized with the Yoast SEO plugin v27.5 - https:\/\/yoast.com\/product\/yoast-seo-wordpress\/ -->\n<title>Conhe\u00e7a Capurgan\u00e1 \u2013 uma das praias mais paradis\u00edacas da Col\u00f4mbia - Mundo Sem Fim<\/title>\n<meta name=\"robots\" content=\"index, follow, max-snippet:-1, max-image-preview:large, max-video-preview:-1\" \/>\n<link rel=\"canonical\" href=\"https:\/\/mundosemfim.com\/?p=5494\" \/>\n<meta property=\"og:locale\" content=\"pt_BR\" \/>\n<meta property=\"og:type\" content=\"article\" \/>\n<meta property=\"og:title\" content=\"Conhe\u00e7a Capurgan\u00e1 \u2013 uma das praias mais paradis\u00edacas da Col\u00f4mbia - Mundo Sem Fim\" \/>\n<meta property=\"og:description\" content=\"Localizada pertinho do Panam\u00e1, Capurgan\u00e1 \u00e9 um daqueles lugares paradis\u00edacos que poucos turistas conhecem. Por sorte nos atrevemos a ir at\u00e9 l\u00e1, e aqui damos todas as dicas para que voc\u00ea poder usufruir ao m\u00e1ximo deste lugar encantador!\" \/>\n<meta property=\"og:url\" content=\"https:\/\/mundosemfim.com\/?p=5494\" \/>\n<meta property=\"og:site_name\" content=\"Mundo Sem Fim\" \/>\n<meta property=\"article:publisher\" content=\"http:\/\/www.facebook.com\/mundosemfimoficial\" \/>\n<meta property=\"article:published_time\" content=\"2017-03-20T15:41:27+00:00\" \/>\n<meta property=\"og:image\" content=\"https:\/\/i0.wp.com\/mundosemfim.com\/wp-content\/uploads\/2017\/03\/DSC_0039.jpg?fit=1000%2C667&ssl=1\" \/>\n\t<meta property=\"og:image:width\" content=\"1000\" \/>\n\t<meta property=\"og:image:height\" content=\"667\" \/>\n\t<meta property=\"og:image:type\" content=\"image\/jpeg\" \/>\n<meta name=\"author\" content=\"Renan\" \/>\n<meta name=\"twitter:card\" content=\"summary_large_image\" \/>\n<meta name=\"twitter:label1\" content=\"Escrito por\" \/>\n\t<meta name=\"twitter:data1\" content=\"Renan\" \/>\n\t<meta name=\"twitter:label2\" content=\"Est. tempo de leitura\" \/>\n\t<meta name=\"twitter:data2\" content=\"7 minutos\" \/>\n<script type=\"application\/ld+json\" class=\"yoast-schema-graph\">{\"@context\":\"https:\\\/\\\/schema.org\",\"@graph\":[{\"@type\":\"Article\",\"@id\":\"https:\\\/\\\/mundosemfim.com\\\/?p=5494#article\",\"isPartOf\":{\"@id\":\"https:\\\/\\\/mundosemfim.com\\\/?p=5494\"},\"author\":{\"name\":\"Renan\",\"@id\":\"https:\\\/\\\/mundosemfim.com\\\/#\\\/schema\\\/person\\\/b021d50f3a19bae432e9b69ffbfa9257\"},\"headline\":\"Conhe\u00e7a Capurgan\u00e1 \u2013 uma das praias mais paradis\u00edacas da Col\u00f4mbia\",\"datePublished\":\"2017-03-20T15:41:27+00:00\",\"mainEntityOfPage\":{\"@id\":\"https:\\\/\\\/mundosemfim.com\\\/?p=5494\"},\"wordCount\":1369,\"commentCount\":1,\"image\":{\"@id\":\"https:\\\/\\\/mundosemfim.com\\\/?p=5494#primaryimage\"},\"thumbnailUrl\":\"https:\\\/\\\/i0.wp.com\\\/mundosemfim.com\\\/wp-content\\\/uploads\\\/2017\\\/03\\\/DSC_0039.jpg?fit=1000%2C667&ssl=1\",\"articleSection\":[\"Am\u00e9rica do Sul\",\"am\u00e9rica latina\",\"Capurgan\u00e1\",\"caribe\",\"Col\u00f4mbia\",\"natureza\",\"praia\"],\"inLanguage\":\"pt-BR\",\"potentialAction\":[{\"@type\":\"CommentAction\",\"name\":\"Comment\",\"target\":[\"https:\\\/\\\/mundosemfim.com\\\/?p=5494#respond\"]}]},{\"@type\":\"WebPage\",\"@id\":\"https:\\\/\\\/mundosemfim.com\\\/?p=5494\",\"url\":\"https:\\\/\\\/mundosemfim.com\\\/?p=5494\",\"name\":\"Conhe\u00e7a Capurgan\u00e1 \u2013 uma das praias mais paradis\u00edacas da Col\u00f4mbia - Mundo Sem Fim\",\"isPartOf\":{\"@id\":\"https:\\\/\\\/mundosemfim.com\\\/#website\"},\"primaryImageOfPage\":{\"@id\":\"https:\\\/\\\/mundosemfim.com\\\/?p=5494#primaryimage\"},\"image\":{\"@id\":\"https:\\\/\\\/mundosemfim.com\\\/?p=5494#primaryimage\"},\"thumbnailUrl\":\"https:\\\/\\\/i0.wp.com\\\/mundosemfim.com\\\/wp-content\\\/uploads\\\/2017\\\/03\\\/DSC_0039.jpg?fit=1000%2C667&ssl=1\",\"datePublished\":\"2017-03-20T15:41:27+00:00\",\"author\":{\"@id\":\"https:\\\/\\\/mundosemfim.com\\\/#\\\/schema\\\/person\\\/b021d50f3a19bae432e9b69ffbfa9257\"},\"breadcrumb\":{\"@id\":\"https:\\\/\\\/mundosemfim.com\\\/?p=5494#breadcrumb\"},\"inLanguage\":\"pt-BR\",\"potentialAction\":[{\"@type\":\"ReadAction\",\"target\":[\"https:\\\/\\\/mundosemfim.com\\\/?p=5494\"]}]},{\"@type\":\"ImageObject\",\"inLanguage\":\"pt-BR\",\"@id\":\"https:\\\/\\\/mundosemfim.com\\\/?p=5494#primaryimage\",\"url\":\"https:\\\/\\\/i0.wp.com\\\/mundosemfim.com\\\/wp-content\\\/uploads\\\/2017\\\/03\\\/DSC_0039.jpg?fit=1000%2C667&ssl=1\",\"contentUrl\":\"https:\\\/\\\/i0.wp.com\\\/mundosemfim.com\\\/wp-content\\\/uploads\\\/2017\\\/03\\\/DSC_0039.jpg?fit=1000%2C667&ssl=1\",\"width\":1000,\"height\":667,\"caption\":\"Paradis\u00edaca praia de Capurgan\u00e1\"},{\"@type\":\"BreadcrumbList\",\"@id\":\"https:\\\/\\\/mundosemfim.com\\\/?p=5494#breadcrumb\",\"itemListElement\":[{\"@type\":\"ListItem\",\"position\":1,\"name\":\"In\u00edcio\",\"item\":\"https:\\\/\\\/mundosemfim.com\\\/\"},{\"@type\":\"ListItem\",\"position\":2,\"name\":\"Conhe\u00e7a Capurgan\u00e1 \u2013 uma das praias mais paradis\u00edacas da Col\u00f4mbia\"}]},{\"@type\":\"WebSite\",\"@id\":\"https:\\\/\\\/mundosemfim.com\\\/#website\",\"url\":\"https:\\\/\\\/mundosemfim.com\\\/\",\"name\":\"Mundo Sem Fim\",\"description\":\"uma viagem de volta ao mundo pelos 5 continentes!\",\"potentialAction\":[{\"@type\":\"SearchAction\",\"target\":{\"@type\":\"EntryPoint\",\"urlTemplate\":\"https:\\\/\\\/mundosemfim.com\\\/?s={search_term_string}\"},\"query-input\":{\"@type\":\"PropertyValueSpecification\",\"valueRequired\":true,\"valueName\":\"search_term_string\"}}],\"inLanguage\":\"pt-BR\"},{\"@type\":\"Person\",\"@id\":\"https:\\\/\\\/mundosemfim.com\\\/#\\\/schema\\\/person\\\/b021d50f3a19bae432e9b69ffbfa9257\",\"name\":\"Renan\",\"image\":{\"@type\":\"ImageObject\",\"inLanguage\":\"pt-BR\",\"@id\":\"https:\\\/\\\/secure.gravatar.com\\\/avatar\\\/faafca769a603ac75196d21826f3bda645d7e2d6306bb6e236d8cdb38eb44e38?s=96&d=mm&r=g\",\"url\":\"https:\\\/\\\/secure.gravatar.com\\\/avatar\\\/faafca769a603ac75196d21826f3bda645d7e2d6306bb6e236d8cdb38eb44e38?s=96&d=mm&r=g\",\"contentUrl\":\"https:\\\/\\\/secure.gravatar.com\\\/avatar\\\/faafca769a603ac75196d21826f3bda645d7e2d6306bb6e236d8cdb38eb44e38?s=96&d=mm&r=g\",\"caption\":\"Renan\"}}]}<\/script>\n<!-- \/ Yoast SEO plugin. -->","yoast_head_json":{"title":"Conhe\u00e7a Capurgan\u00e1 \u2013 uma das praias mais paradis\u00edacas da Col\u00f4mbia - Mundo Sem Fim","robots":{"index":"index","follow":"follow","max-snippet":"max-snippet:-1","max-image-preview":"max-image-preview:large","max-video-preview":"max-video-preview:-1"},"canonical":"https:\/\/mundosemfim.com\/?p=5494","og_locale":"pt_BR","og_type":"article","og_title":"Conhe\u00e7a Capurgan\u00e1 \u2013 uma das praias mais paradis\u00edacas da Col\u00f4mbia - Mundo Sem Fim","og_description":"Localizada pertinho do Panam\u00e1, Capurgan\u00e1 \u00e9 um daqueles lugares paradis\u00edacos que poucos turistas conhecem. Por sorte nos atrevemos a ir at\u00e9 l\u00e1, e aqui damos todas as dicas para que voc\u00ea poder usufruir ao m\u00e1ximo deste lugar encantador!","og_url":"https:\/\/mundosemfim.com\/?p=5494","og_site_name":"Mundo Sem Fim","article_publisher":"http:\/\/www.facebook.com\/mundosemfimoficial","article_published_time":"2017-03-20T15:41:27+00:00","og_image":[{"width":1000,"height":667,"url":"https:\/\/i0.wp.com\/mundosemfim.com\/wp-content\/uploads\/2017\/03\/DSC_0039.jpg?fit=1000%2C667&ssl=1","type":"image\/jpeg"}],"author":"Renan","twitter_card":"summary_large_image","twitter_misc":{"Escrito por":"Renan","Est. tempo de leitura":"7 minutos"},"schema":{"@context":"https:\/\/schema.org","@graph":[{"@type":"Article","@id":"https:\/\/mundosemfim.com\/?p=5494#article","isPartOf":{"@id":"https:\/\/mundosemfim.com\/?p=5494"},"author":{"name":"Renan","@id":"https:\/\/mundosemfim.com\/#\/schema\/person\/b021d50f3a19bae432e9b69ffbfa9257"},"headline":"Conhe\u00e7a Capurgan\u00e1 \u2013 uma das praias mais paradis\u00edacas da Col\u00f4mbia","datePublished":"2017-03-20T15:41:27+00:00","mainEntityOfPage":{"@id":"https:\/\/mundosemfim.com\/?p=5494"},"wordCount":1369,"commentCount":1,"image":{"@id":"https:\/\/mundosemfim.com\/?p=5494#primaryimage"},"thumbnailUrl":"https:\/\/i0.wp.com\/mundosemfim.com\/wp-content\/uploads\/2017\/03\/DSC_0039.jpg?fit=1000%2C667&ssl=1","articleSection":["Am\u00e9rica do Sul","am\u00e9rica latina","Capurgan\u00e1","caribe","Col\u00f4mbia","natureza","praia"],"inLanguage":"pt-BR","potentialAction":[{"@type":"CommentAction","name":"Comment","target":["https:\/\/mundosemfim.com\/?p=5494#respond"]}]},{"@type":"WebPage","@id":"https:\/\/mundosemfim.com\/?p=5494","url":"https:\/\/mundosemfim.com\/?p=5494","name":"Conhe\u00e7a Capurgan\u00e1 \u2013 uma das praias mais paradis\u00edacas da Col\u00f4mbia - Mundo Sem Fim","isPartOf":{"@id":"https:\/\/mundosemfim.com\/#website"},"primaryImageOfPage":{"@id":"https:\/\/mundosemfim.com\/?p=5494#primaryimage"},"image":{"@id":"https:\/\/mundosemfim.com\/?p=5494#primaryimage"},"thumbnailUrl":"https:\/\/i0.wp.com\/mundosemfim.com\/wp-content\/uploads\/2017\/03\/DSC_0039.jpg?fit=1000%2C667&ssl=1","datePublished":"2017-03-20T15:41:27+00:00","author":{"@id":"https:\/\/mundosemfim.com\/#\/schema\/person\/b021d50f3a19bae432e9b69ffbfa9257"},"breadcrumb":{"@id":"https:\/\/mundosemfim.com\/?p=5494#breadcrumb"},"inLanguage":"pt-BR","potentialAction":[{"@type":"ReadAction","target":["https:\/\/mundosemfim.com\/?p=5494"]}]},{"@type":"ImageObject","inLanguage":"pt-BR","@id":"https:\/\/mundosemfim.com\/?p=5494#primaryimage","url":"https:\/\/i0.wp.com\/mundosemfim.com\/wp-content\/uploads\/2017\/03\/DSC_0039.jpg?fit=1000%2C667&ssl=1","contentUrl":"https:\/\/i0.wp.com\/mundosemfim.com\/wp-content\/uploads\/2017\/03\/DSC_0039.jpg?fit=1000%2C667&ssl=1","width":1000,"height":667,"caption":"Paradis\u00edaca praia de Capurgan\u00e1"},{"@type":"BreadcrumbList","@id":"https:\/\/mundosemfim.com\/?p=5494#breadcrumb","itemListElement":[{"@type":"ListItem","position":1,"name":"In\u00edcio","item":"https:\/\/mundosemfim.com\/"},{"@type":"ListItem","position":2,"name":"Conhe\u00e7a Capurgan\u00e1 \u2013 uma das praias mais paradis\u00edacas da Col\u00f4mbia"}]},{"@type":"WebSite","@id":"https:\/\/mundosemfim.com\/#website","url":"https:\/\/mundosemfim.com\/","name":"Mundo Sem Fim","description":"uma viagem de volta ao mundo pelos 5 continentes!","potentialAction":[{"@type":"SearchAction","target":{"@type":"EntryPoint","urlTemplate":"https:\/\/mundosemfim.com\/?s={search_term_string}"},"query-input":{"@type":"PropertyValueSpecification","valueRequired":true,"valueName":"search_term_string"}}],"inLanguage":"pt-BR"},{"@type":"Person","@id":"https:\/\/mundosemfim.com\/#\/schema\/person\/b021d50f3a19bae432e9b69ffbfa9257","name":"Renan","image":{"@type":"ImageObject","inLanguage":"pt-BR","@id":"https:\/\/secure.gravatar.com\/avatar\/faafca769a603ac75196d21826f3bda645d7e2d6306bb6e236d8cdb38eb44e38?s=96&d=mm&r=g","url":"https:\/\/secure.gravatar.com\/avatar\/faafca769a603ac75196d21826f3bda645d7e2d6306bb6e236d8cdb38eb44e38?s=96&d=mm&r=g","contentUrl":"https:\/\/secure.gravatar.com\/avatar\/faafca769a603ac75196d21826f3bda645d7e2d6306bb6e236d8cdb38eb44e38?s=96&d=mm&r=g","caption":"Renan"}}]}},"jetpack_publicize_connections":[],"jetpack_featured_media_url":"https:\/\/i0.wp.com\/mundosemfim.com\/wp-content\/uploads\/2017\/03\/DSC_0039.jpg?fit=1000%2C667&ssl=1","jetpack_sharing_enabled":true,"jetpack_shortlink":"https:\/\/wp.me\/p7CQyF-1qC","jetpack-related-posts":[{"id":5486,"url":"https:\/\/mundosemfim.com\/?p=5486","url_meta":{"origin":5494,"position":0},"title":"Como chegar a Capurgan\u00e1 \u2013 um para\u00edso secreto no caribe colombiano","author":"Renan","date":"mar\u00e7o 20, 2017","format":false,"excerpt":"Capurgan\u00e1 \u2013 uma praia paradis\u00edaca no caribe colombiano e porta de sa\u00edda para quem quer cruzar ao Panam\u00e1 sem pegar avi\u00e3o ou veleiros. Sem acesso por estradas, chegar at\u00e9 aqui \u00e9 uma aventura! C\u00e2mbio oficial (mar\u00e7o\/2017) 1 real = 945 pesos colombianos 1 d\u00f3lar = 2900 pesos colombianos Localizado na\u2026","rel":"","context":"Em &quot;am\u00e9rica latina&quot;","block_context":{"text":"am\u00e9rica latina","link":"https:\/\/mundosemfim.com\/?cat=7"},"img":{"alt_text":"","src":"https:\/\/i0.wp.com\/mundosemfim.com\/wp-content\/uploads\/2017\/03\/P3080044.jpg?fit=1000%2C667&ssl=1&resize=350%2C200","width":350,"height":200,"srcset":"https:\/\/i0.wp.com\/mundosemfim.com\/wp-content\/uploads\/2017\/03\/P3080044.jpg?fit=1000%2C667&ssl=1&resize=350%2C200 1x, https:\/\/i0.wp.com\/mundosemfim.com\/wp-content\/uploads\/2017\/03\/P3080044.jpg?fit=1000%2C667&ssl=1&resize=525%2C300 1.5x, https:\/\/i0.wp.com\/mundosemfim.com\/wp-content\/uploads\/2017\/03\/P3080044.jpg?fit=1000%2C667&ssl=1&resize=700%2C400 2x"},"classes":[]},{"id":5505,"url":"https:\/\/mundosemfim.com\/?p=5505","url_meta":{"origin":5494,"position":1},"title":"Cruzando a fronteira Col\u00f4mbia \u2013 Panam\u00e1 por Puerto Obald\u00eda","author":"Renan","date":"mar\u00e7o 20, 2017","format":false,"excerpt":"Depois de muito pensar em como cruzar da Am\u00e9rica do Sul \u00e0 Am\u00e9rica Central, chegamos \u00e0 conclus\u00e3o que o melhor era fazer por terra e barco. E esta foi uma das melhores experi\u00eancias da nossa viagem! Aqui contamos como foi cruzar esta fronteira pouco conhecida. Refer\u00eancia (mar\u00e7o\/2017) 1 real =\u2026","rel":"","context":"Em &quot;Am\u00e9rica Central&quot;","block_context":{"text":"Am\u00e9rica Central","link":"https:\/\/mundosemfim.com\/?cat=382"},"img":{"alt_text":"Puerto Obald\u00eda","src":"https:\/\/i0.wp.com\/mundosemfim.com\/wp-content\/uploads\/2017\/03\/P3130133.jpg?fit=1000%2C667&ssl=1&resize=350%2C200","width":350,"height":200,"srcset":"https:\/\/i0.wp.com\/mundosemfim.com\/wp-content\/uploads\/2017\/03\/P3130133.jpg?fit=1000%2C667&ssl=1&resize=350%2C200 1x, https:\/\/i0.wp.com\/mundosemfim.com\/wp-content\/uploads\/2017\/03\/P3130133.jpg?fit=1000%2C667&ssl=1&resize=525%2C300 1.5x, https:\/\/i0.wp.com\/mundosemfim.com\/wp-content\/uploads\/2017\/03\/P3130133.jpg?fit=1000%2C667&ssl=1&resize=700%2C400 2x"},"classes":[]},{"id":5533,"url":"https:\/\/mundosemfim.com\/?p=5533","url_meta":{"origin":5494,"position":2},"title":"Da Col\u00f4mbia ao Panam\u00e1 em barco, passando por San Blas","author":"Renan","date":"mar\u00e7o 24, 2017","format":false,"excerpt":"Decidir como cruzar da Col\u00f4mbia ao Panam\u00e1 \u00e9 um grande dilema para muitos viajantes. N\u00f3s fomos em barco, por conta pr\u00f3pria, e temos certeza que foi a melhor op\u00e7\u00e3o! Aqui descrevemos como foi nossa experi\u00eancia. C\u00e2mbio oficial (mar\u00e7o\/2017) 1 real = 940 pesos colombianos 1 d\u00f3lar = 3,10 reais A\u2026","rel":"","context":"Em &quot;Am\u00e9rica Central&quot;","block_context":{"text":"Am\u00e9rica Central","link":"https:\/\/mundosemfim.com\/?cat=382"},"img":{"alt_text":"Crian\u00e7as brincando em uma canoa em San Blas","src":"https:\/\/i0.wp.com\/mundosemfim.com\/wp-content\/uploads\/2017\/03\/DSC_0168.jpg?fit=1000%2C667&ssl=1&resize=350%2C200","width":350,"height":200,"srcset":"https:\/\/i0.wp.com\/mundosemfim.com\/wp-content\/uploads\/2017\/03\/DSC_0168.jpg?fit=1000%2C667&ssl=1&resize=350%2C200 1x, https:\/\/i0.wp.com\/mundosemfim.com\/wp-content\/uploads\/2017\/03\/DSC_0168.jpg?fit=1000%2C667&ssl=1&resize=525%2C300 1.5x, https:\/\/i0.wp.com\/mundosemfim.com\/wp-content\/uploads\/2017\/03\/DSC_0168.jpg?fit=1000%2C667&ssl=1&resize=700%2C400 2x"},"classes":[]},{"id":7264,"url":"https:\/\/mundosemfim.com\/?p=7264","url_meta":{"origin":5494,"position":3},"title":"As 13 melhores praias da Am\u00e9rica Latina que j\u00e1 visitamos","author":"Renan","date":"dezembro 20, 2017","format":false,"excerpt":"Aqui est\u00e1 outra lista da Am\u00e9rica Latina: as 13 praias mais bonitas e mais interessantes que j\u00e1 visitamos! Estas s\u00e3o as 13 praias mais bonitas que j\u00e1 visitamos em nossos dois anos de estrada, e tamb\u00e9m as que tivemos oportunidade de ir em f\u00e9rias anteriores. Quer\u00edamos resumir a lista a\u2026","rel":"","context":"Em &quot;Am\u00e9rica Central&quot;","block_context":{"text":"Am\u00e9rica Central","link":"https:\/\/mundosemfim.com\/?cat=382"},"img":{"alt_text":"Caminho entre West End e West Bay, Roat\u00e1n","src":"https:\/\/i0.wp.com\/mundosemfim.com\/wp-content\/uploads\/2017\/05\/DSC_0014-1.jpg?fit=1000%2C667&ssl=1&resize=350%2C200","width":350,"height":200,"srcset":"https:\/\/i0.wp.com\/mundosemfim.com\/wp-content\/uploads\/2017\/05\/DSC_0014-1.jpg?fit=1000%2C667&ssl=1&resize=350%2C200 1x, https:\/\/i0.wp.com\/mundosemfim.com\/wp-content\/uploads\/2017\/05\/DSC_0014-1.jpg?fit=1000%2C667&ssl=1&resize=525%2C300 1.5x, https:\/\/i0.wp.com\/mundosemfim.com\/wp-content\/uploads\/2017\/05\/DSC_0014-1.jpg?fit=1000%2C667&ssl=1&resize=700%2C400 2x"},"classes":[]},{"id":9439,"url":"https:\/\/mundosemfim.com\/?p=9439","url_meta":{"origin":5494,"position":4},"title":"As 15 praias mais incr\u00edveis que j\u00e1 visitamos","author":"Renan","date":"maio 21, 2019","format":false,"excerpt":"Quer curtir uma praia nas pr\u00f3ximas f\u00e9rias? Aqui est\u00e3o as mais encantadoras que j\u00e1 visitamos durante nossa viagem pelo mundo! A lista n\u00e3o segue nenhuma ordem. Mencionamos aquelas que mais nos encantaram, seja pela beleza, pela hist\u00f3ria ou pela cultura do lugar. 1. Coron, Filipinas V\u00e1rias vezes escutamos que a\u2026","rel":"","context":"Em &quot;Col\u00f4mbia&quot;","block_context":{"text":"Col\u00f4mbia","link":"https:\/\/mundosemfim.com\/?cat=313"},"img":{"alt_text":"Praia CYC, Coron, Palawan, Filipinas","src":"https:\/\/i0.wp.com\/mundosemfim.com\/wp-content\/uploads\/2017\/12\/DSC_0089.jpg?fit=800%2C533&ssl=1&resize=350%2C200","width":350,"height":200,"srcset":"https:\/\/i0.wp.com\/mundosemfim.com\/wp-content\/uploads\/2017\/12\/DSC_0089.jpg?fit=800%2C533&ssl=1&resize=350%2C200 1x, https:\/\/i0.wp.com\/mundosemfim.com\/wp-content\/uploads\/2017\/12\/DSC_0089.jpg?fit=800%2C533&ssl=1&resize=525%2C300 1.5x, https:\/\/i0.wp.com\/mundosemfim.com\/wp-content\/uploads\/2017\/12\/DSC_0089.jpg?fit=800%2C533&ssl=1&resize=700%2C400 2x"},"classes":[]},{"id":5516,"url":"https:\/\/mundosemfim.com\/?p=5516","url_meta":{"origin":5494,"position":5},"title":"Mochil\u00e3o pela Col\u00f4mbia \u2013 roteiro, gastos, dicas, fotos, etc","author":"Renan","date":"mar\u00e7o 21, 2017","format":false,"excerpt":"Considerado um dos pa\u00edses mais felizes do mundo, as portas da Col\u00f4mbia foram abertas ao turismo\u00a0h\u00e1 relativamente pouco tempo. Venha conhecer e se surpreender com as incont\u00e1veis belezas deste pa\u00eds! C\u00e2mbio oficial (mar\u00e7o\/2017) 1 real = 945 pesos colombianos 1 d\u00f3lar = 2900 pesos colombianos Col\u00f4mbia De todos os pa\u00edses\u2026","rel":"","context":"Em &quot;Am\u00e9rica do Sul&quot;","block_context":{"text":"Am\u00e9rica do Sul","link":"https:\/\/mundosemfim.com\/?cat=6"},"img":{"alt_text":"Mucuvinha na Torre do Rel\u00f3gio em Cartagena","src":"https:\/\/i0.wp.com\/mundosemfim.com\/wp-content\/uploads\/2017\/02\/DSC_0172.jpg?fit=1000%2C667&ssl=1&resize=350%2C200","width":350,"height":200,"srcset":"https:\/\/i0.wp.com\/mundosemfim.com\/wp-content\/uploads\/2017\/02\/DSC_0172.jpg?fit=1000%2C667&ssl=1&resize=350%2C200 1x, https:\/\/i0.wp.com\/mundosemfim.com\/wp-content\/uploads\/2017\/02\/DSC_0172.jpg?fit=1000%2C667&ssl=1&resize=525%2C300 1.5x, https:\/\/i0.wp.com\/mundosemfim.com\/wp-content\/uploads\/2017\/02\/DSC_0172.jpg?fit=1000%2C667&ssl=1&resize=700%2C400 2x"},"classes":[]}],"_links":{"self":[{"href":"https:\/\/mundosemfim.com\/index.php?rest_route=\/wp\/v2\/posts\/5494","targetHints":{"allow":["GET"]}}],"collection":[{"href":"https:\/\/mundosemfim.com\/index.php?rest_route=\/wp\/v2\/posts"}],"about":[{"href":"https:\/\/mundosemfim.com\/index.php?rest_route=\/wp\/v2\/types\/post"}],"author":[{"embeddable":true,"href":"https:\/\/mundosemfim.com\/index.php?rest_route=\/wp\/v2\/users\/1"}],"replies":[{"embeddable":true,"href":"https:\/\/mundosemfim.com\/index.php?rest_route=%2Fwp%2Fv2%2Fcomments&post=5494"}],"version-history":[{"count":1,"href":"https:\/\/mundosemfim.com\/index.php?rest_route=\/wp\/v2\/posts\/5494\/revisions"}],"predecessor-version":[{"id":5504,"href":"https:\/\/mundosemfim.com\/index.php?rest_route=\/wp\/v2\/posts\/5494\/revisions\/5504"}],"wp:featuredmedia":[{"embeddable":true,"href":"https:\/\/mundosemfim.com\/index.php?rest_route=\/wp\/v2\/media\/5495"}],"wp:attachment":[{"href":"https:\/\/mundosemfim.com\/index.php?rest_route=%2Fwp%2Fv2%2Fmedia&parent=5494"}],"wp:term":[{"taxonomy":"category","embeddable":true,"href":"https:\/\/mundosemfim.com\/index.php?rest_route=%2Fwp%2Fv2%2Fcategories&post=5494"},{"taxonomy":"post_tag","embeddable":true,"href":"https:\/\/mundosemfim.com\/index.php?rest_route=%2Fwp%2Fv2%2Ftags&post=5494"}],"curies":[{"name":"wp","href":"https:\/\/api.w.org\/{rel}","templated":true}]}}