{"id":5486,"date":"2017-03-20T11:25:55","date_gmt":"2017-03-20T14:25:55","guid":{"rendered":"https:\/\/mundosemfim.com\/?p=5486"},"modified":"2018-07-31T06:29:40","modified_gmt":"2018-07-31T09:29:40","slug":"como-chegar-capurgana-um-paraiso-secreto-no-caribe-colombiano","status":"publish","type":"post","link":"https:\/\/mundosemfim.com\/?p=5486","title":{"rendered":"Como chegar a Capurgan\u00e1 \u2013 um para\u00edso secreto no caribe colombiano"},"content":{"rendered":"<p>Capurgan\u00e1 \u2013 uma praia paradis\u00edaca no caribe colombiano e porta de sa\u00edda para quem quer cruzar ao Panam\u00e1 sem pegar avi\u00e3o ou veleiros. Sem acesso por estradas, chegar at\u00e9 aqui \u00e9 uma aventura!<\/p>\n<p><!--more--><\/p>\n<p><b>C\u00e2mbio oficial (mar\u00e7o\/2017)<br \/>\n<\/b>1 real = 945 pesos colombianos<br \/>\n1 d\u00f3lar = 2900 pesos colombianos<\/p>\n<figure id=\"attachment_5487\" aria-describedby=\"caption-attachment-5487\" style=\"width: 1000px\" class=\"wp-caption aligncenter\"><img data-recalc-dims=\"1\" loading=\"lazy\" decoding=\"async\" data-attachment-id=\"5487\" data-permalink=\"https:\/\/mundosemfim.com\/?attachment_id=5487\" data-orig-file=\"https:\/\/i0.wp.com\/mundosemfim.com\/wp-content\/uploads\/2017\/03\/DSC_0044.jpg?fit=1000%2C667&amp;ssl=1\" data-orig-size=\"1000,667\" data-comments-opened=\"1\" data-image-meta=\"{&quot;aperture&quot;:&quot;0&quot;,&quot;credit&quot;:&quot;&quot;,&quot;camera&quot;:&quot;&quot;,&quot;caption&quot;:&quot;&quot;,&quot;created_timestamp&quot;:&quot;1489999972&quot;,&quot;copyright&quot;:&quot;&quot;,&quot;focal_length&quot;:&quot;0&quot;,&quot;iso&quot;:&quot;0&quot;,&quot;shutter_speed&quot;:&quot;0&quot;,&quot;title&quot;:&quot;&quot;,&quot;orientation&quot;:&quot;1&quot;}\" data-image-title=\"Capurgan\u00e1\" data-image-description=\"\" data-image-caption=\"&lt;p&gt;Mucuvinha em Capurgan\u00e1&lt;\/p&gt;\n\" data-large-file=\"https:\/\/i0.wp.com\/mundosemfim.com\/wp-content\/uploads\/2017\/03\/DSC_0044.jpg?fit=764%2C510&amp;ssl=1\" class=\"size-full wp-image-5487\" src=\"https:\/\/i0.wp.com\/mundosemfim.com\/wp-content\/uploads\/2017\/03\/DSC_0044.jpg?resize=764%2C510&#038;ssl=1\" alt=\"\" width=\"764\" height=\"510\" srcset=\"https:\/\/i0.wp.com\/mundosemfim.com\/wp-content\/uploads\/2017\/03\/DSC_0044.jpg?w=1000&amp;ssl=1 1000w, https:\/\/i0.wp.com\/mundosemfim.com\/wp-content\/uploads\/2017\/03\/DSC_0044.jpg?resize=300%2C200&amp;ssl=1 300w, https:\/\/i0.wp.com\/mundosemfim.com\/wp-content\/uploads\/2017\/03\/DSC_0044.jpg?resize=768%2C512&amp;ssl=1 768w\" sizes=\"auto, (max-width: 764px) 100vw, 764px\" \/><figcaption id=\"caption-attachment-5487\" class=\"wp-caption-text\">Mucuvinha em Capurgan\u00e1<\/figcaption><\/figure>\n<p>Localizado na prov\u00edncia de Choc\u00f3, esta pequena praia, quase na fronteira com o Panam\u00e1, \u00e9 uma das mais bonitas do pa\u00eds, e seu dif\u00edcil acesso a torna exclusiva aos poucos viajantes que se atrevem a visit\u00e1-la. N\u00e3o importa se voc\u00ea quer cruzar ao Panam\u00e1 pelas paradis\u00edacas ilhas de San Blas ou simplesmente fazer um bate-volta: a viagem vai valer a pena.<\/p>\n<p>Aqui ensinamos como chegar at\u00e9 l\u00e1 da forma mais econ\u00f4mica, j\u00e1 que n\u00e3o h\u00e1 estradas ligando Capurgan\u00e1 ao resto do pa\u00eds.<\/p>\n<h2><b>Como chegar a <a href=\"https:\/\/mundosemfim.com\/conheca-capurgana-uma-das-praias-mais-paradisiacas-da-colombia\/\">Capurgan\u00e1<\/a><\/b><\/h2>\n<p>Para chegar a Capurgan\u00e1, \u00e9 necess\u00e1rio pegar um barco desde a cidade de Necocl\u00ed ou desde Turbo. Segundo alguns relatos que lemos, Turbo \u00e9 uma cidade razoavelmente perigosa, por isso demos prefer\u00eancia a ir por Necocl\u00ed. Foi tudo muito tranquilo, e podemos recomendar esta cidade sem medo.<\/p>\n<figure id=\"attachment_5488\" aria-describedby=\"caption-attachment-5488\" style=\"width: 1110px\" class=\"wp-caption aligncenter\"><img data-recalc-dims=\"1\" loading=\"lazy\" decoding=\"async\" data-attachment-id=\"5488\" data-permalink=\"https:\/\/mundosemfim.com\/?attachment_id=5488\" data-orig-file=\"https:\/\/i0.wp.com\/mundosemfim.com\/wp-content\/uploads\/2017\/03\/mapa-capurgan%C3%A1.jpg?fit=1110%2C487&amp;ssl=1\" data-orig-size=\"1110,487\" data-comments-opened=\"1\" data-image-meta=\"{&quot;aperture&quot;:&quot;0&quot;,&quot;credit&quot;:&quot;&quot;,&quot;camera&quot;:&quot;&quot;,&quot;caption&quot;:&quot;&quot;,&quot;created_timestamp&quot;:&quot;0&quot;,&quot;copyright&quot;:&quot;&quot;,&quot;focal_length&quot;:&quot;0&quot;,&quot;iso&quot;:&quot;0&quot;,&quot;shutter_speed&quot;:&quot;0&quot;,&quot;title&quot;:&quot;&quot;,&quot;orientation&quot;:&quot;0&quot;}\" data-image-title=\"mapa capurgan\u00e1\" data-image-description=\"\" data-image-caption=\"&lt;p&gt;Capurgan\u00e1 &amp;#8211; pertinho da fronteira com o Panam\u00e1&lt;\/p&gt;\n\" data-large-file=\"https:\/\/i0.wp.com\/mundosemfim.com\/wp-content\/uploads\/2017\/03\/mapa-capurgan%C3%A1.jpg?fit=764%2C335&amp;ssl=1\" class=\"size-full wp-image-5488\" src=\"https:\/\/i0.wp.com\/mundosemfim.com\/wp-content\/uploads\/2017\/03\/mapa-capurgan%C3%A1.jpg?resize=764%2C335&#038;ssl=1\" alt=\"\" width=\"764\" height=\"335\" srcset=\"https:\/\/i0.wp.com\/mundosemfim.com\/wp-content\/uploads\/2017\/03\/mapa-capurgan%C3%A1.jpg?w=1110&amp;ssl=1 1110w, https:\/\/i0.wp.com\/mundosemfim.com\/wp-content\/uploads\/2017\/03\/mapa-capurgan%C3%A1.jpg?resize=300%2C132&amp;ssl=1 300w, https:\/\/i0.wp.com\/mundosemfim.com\/wp-content\/uploads\/2017\/03\/mapa-capurgan%C3%A1.jpg?resize=768%2C337&amp;ssl=1 768w, https:\/\/i0.wp.com\/mundosemfim.com\/wp-content\/uploads\/2017\/03\/mapa-capurgan%C3%A1.jpg?resize=1024%2C449&amp;ssl=1 1024w\" sizes=\"auto, (max-width: 764px) 100vw, 764px\" \/><figcaption id=\"caption-attachment-5488\" class=\"wp-caption-text\">Capurgan\u00e1 &#8211; pertinho da fronteira com o Panam\u00e1<\/figcaption><\/figure>\n<p>H\u00e1 \u00f4nibus diretos desde <a href=\"https:\/\/mundosemfim.com\/tudo-sobre-medellin-a-cidade-mais-inovadora-do-mundo\/\">Medell\u00edn<\/a> ou <a href=\"https:\/\/mundosemfim.com\/guia-completo-sobre-cartagena-o-que-fazer-onde-se-hospedar-como-economizar-etc\/\">Cartagena<\/a> at\u00e9 Turbo. Todos estes passam por Necocl\u00ed. Outra op\u00e7\u00e3o \u00e9 ir at\u00e9 Monter\u00eda, e de l\u00e1 pegar um dos in\u00fameros transportes at\u00e9 Necocl\u00ed.<\/p>\n<p>Abaixo contamos todos os nossos passos desde <a href=\"https:\/\/mundosemfim.com\/guia-completo-sobre-cartagena-o-que-fazer-onde-se-hospedar-como-economizar-etc\/\">Cartagena<\/a> at\u00e9 Capurgan\u00e1:<\/p>\n<h3><b><a href=\"https:\/\/mundosemfim.com\/guia-completo-sobre-cartagena-o-que-fazer-onde-se-hospedar-como-economizar-etc\/\">Cartagena<\/a> \u2013 Monter\u00eda<\/b><\/h3>\n<p>Devido a maior oferta de transporte, decidimos fazer o caminho picado.<\/p>\n<p>De Cartagena a Monter\u00eda h\u00e1 \u00f4nibus saindo a praticamente qualquer hora, e o trajeto costuma durar entre 4 e 5 horas, e custa 40 mil pesos. Se n\u00e3o tiver pressa, uma dica \u00e9 pegar no posto de gasolina do lado de fora do terminal: por ali, depois de chorar um pouco, conseguimos as passagens por 30 mil. O ruim \u00e9 que o \u00f4nibus \u00e9 bem pinga-pinga, e nosso trajeto durou pouco mais de 6 horas.<\/p>\n<p>Acabamos passando a noite em Monter\u00eda. A cidade n\u00e3o possui grandes atrativos, e os hot\u00e9is est\u00e3o no centro (um t\u00e1xi da rodovi\u00e1ria at\u00e9 l\u00e1 custa 6 mil). O hotel mais barato que encontramos custava 40 mil para um casal (h\u00e1 outros mais em conta, mas n\u00e3o tem licen\u00e7a para receber estrangeiros).<\/p>\n<p>De Monter\u00eda h\u00e1 diversos transportes direto para Necocl\u00ed, na faixa dos 30 mil. Se estiver no centro, n\u00e3o precisa ir at\u00e9 o terminal: basta esperar que os \u00f4nibus passem pela avenida principal (a que tem a ponte).<\/p>\n<p>Uma dica, se n\u00e3o tiver com pressa, \u00e9 dar um pulo na pequena cidade de <a href=\"https:\/\/mundosemfim.com\/conheca-arboletes-e-mergulhe-num-vulcao-de-lama-colombia\/\">Arboletes<\/a>, que fica no caminho para Necocl\u00ed.<\/p>\n<h3><b>Monter\u00eda \u2013 <a href=\"https:\/\/mundosemfim.com\/conheca-arboletes-e-mergulhe-num-vulcao-de-lama-colombia\/\">Arboletes<\/a><\/b><\/h3>\n<p>Os \u00f4nibus de Monter\u00eda para Arboletes custam 10 mil. H\u00e1 t\u00e1xis coletivos que saem do centro por 15 mil por pessoa. Como o motorista aceitou fazer por 12 mil para n\u00f3s, acabamos indo de t\u00e1xi mesmo para aproveitar melhor o dia. O trajeto demorou cerca de 50 minutos.<\/p>\n<p>Arboletes \u00e9 uma cidade interessante, com uma praia e ares de cidade do interior. A grande atra\u00e7\u00e3o do local \u00e9 seu enorme vulc\u00e3o de lama, onde podemos nos banhar na cratera. Vale a pena passar uma noite aqui (leia nosso post sobre Arboletes <a href=\"https:\/\/mundosemfim.com\/conheca-arboletes-e-mergulhe-num-vulcao-de-lama-colombia\/\"><b>aqui<\/b><\/a>).<\/p>\n<figure id=\"attachment_5481\" aria-describedby=\"caption-attachment-5481\" style=\"width: 1000px\" class=\"wp-caption aligncenter\"><img data-recalc-dims=\"1\" loading=\"lazy\" decoding=\"async\" data-attachment-id=\"5481\" data-permalink=\"https:\/\/mundosemfim.com\/?attachment_id=5481\" data-orig-file=\"https:\/\/i0.wp.com\/mundosemfim.com\/wp-content\/uploads\/2017\/03\/P3060048.jpg?fit=1000%2C667&amp;ssl=1\" data-orig-size=\"1000,667\" data-comments-opened=\"1\" data-image-meta=\"{&quot;aperture&quot;:&quot;0&quot;,&quot;credit&quot;:&quot;&quot;,&quot;camera&quot;:&quot;&quot;,&quot;caption&quot;:&quot;&quot;,&quot;created_timestamp&quot;:&quot;0&quot;,&quot;copyright&quot;:&quot;&quot;,&quot;focal_length&quot;:&quot;0&quot;,&quot;iso&quot;:&quot;0&quot;,&quot;shutter_speed&quot;:&quot;0&quot;,&quot;title&quot;:&quot;&quot;,&quot;orientation&quot;:&quot;0&quot;}\" data-image-title=\"Arboletes\" data-image-description=\"&lt;p&gt;Mergulhando na lama do vulc\u00e3o de lodo de Arboletes&lt;\/p&gt;\n\" data-image-caption=\"&lt;p&gt;Mergulhando na lama do vulc\u00e3o de lodo&lt;\/p&gt;\n\" data-large-file=\"https:\/\/i0.wp.com\/mundosemfim.com\/wp-content\/uploads\/2017\/03\/P3060048.jpg?fit=764%2C510&amp;ssl=1\" class=\"size-full wp-image-5481\" src=\"https:\/\/i0.wp.com\/mundosemfim.com\/wp-content\/uploads\/2017\/03\/P3060048.jpg?resize=764%2C510&#038;ssl=1\" alt=\"Mergulhando na lama do vulc\u00e3o de lodo de Arboletes\" width=\"764\" height=\"510\" srcset=\"https:\/\/i0.wp.com\/mundosemfim.com\/wp-content\/uploads\/2017\/03\/P3060048.jpg?w=1000&amp;ssl=1 1000w, https:\/\/i0.wp.com\/mundosemfim.com\/wp-content\/uploads\/2017\/03\/P3060048.jpg?resize=300%2C200&amp;ssl=1 300w, https:\/\/i0.wp.com\/mundosemfim.com\/wp-content\/uploads\/2017\/03\/P3060048.jpg?resize=768%2C512&amp;ssl=1 768w\" sizes=\"auto, (max-width: 764px) 100vw, 764px\" \/><figcaption id=\"caption-attachment-5481\" class=\"wp-caption-text\">Mergulhando na lama do vulc\u00e3o de lodo<\/figcaption><\/figure>\n<p>Para seguir de Arboletes a Necocl\u00ed, basta esperar na pra\u00e7a central da cidade. Praticamente todos os \u00f4nibus que dobram ali v\u00e3o para Turbo, e passam por Necocl\u00ed.<\/p>\n<h3><b><a href=\"https:\/\/mundosemfim.com\/conheca-arboletes-e-mergulhe-num-vulcao-de-lama-colombia\/\">Arboletes<\/a> \u2013 Necocl\u00ed<\/b><\/h3>\n<p>Esperamos cerca de 15 minutos na pra\u00e7a de Arboletes, at\u00e9 passar o primeiro \u00f4nibus que se dirigia para Turbo. Queriam nos cobrar 20 mil para nos levar at\u00e9 Necocl\u00ed, mas demos uma chorada e nos fizeram por 15. O trajeto durou cerca de 1h30min.<\/p>\n<p>Necocl\u00ed possui um caixa autom\u00e1tico do Bancolombia, uma grande variedade de hot\u00e9is econ\u00f4micos (a partir de 30 mil para um casal) e v\u00e1rios supermercados. Conv\u00e9m sacar dinheiro e fazer compras aqui, j\u00e1 que em Capurgan\u00e1 n\u00e3o h\u00e1 caixas eletr\u00f4nicos, e os mercados de l\u00e1, al\u00e9m de pequenos, s\u00e3o um pouco mais caros.<\/p>\n<figure id=\"attachment_5489\" aria-describedby=\"caption-attachment-5489\" style=\"width: 1000px\" class=\"wp-caption aligncenter\"><img data-recalc-dims=\"1\" loading=\"lazy\" decoding=\"async\" data-attachment-id=\"5489\" data-permalink=\"https:\/\/mundosemfim.com\/?attachment_id=5489\" data-orig-file=\"https:\/\/i0.wp.com\/mundosemfim.com\/wp-content\/uploads\/2017\/03\/P3070045.jpg?fit=1000%2C667&amp;ssl=1\" data-orig-size=\"1000,667\" data-comments-opened=\"1\" data-image-meta=\"{&quot;aperture&quot;:&quot;0&quot;,&quot;credit&quot;:&quot;&quot;,&quot;camera&quot;:&quot;&quot;,&quot;caption&quot;:&quot;&quot;,&quot;created_timestamp&quot;:&quot;1490000294&quot;,&quot;copyright&quot;:&quot;&quot;,&quot;focal_length&quot;:&quot;0&quot;,&quot;iso&quot;:&quot;0&quot;,&quot;shutter_speed&quot;:&quot;0&quot;,&quot;title&quot;:&quot;&quot;,&quot;orientation&quot;:&quot;1&quot;}\" data-image-title=\"Necocl\u00ed\" data-image-description=\"\" data-image-caption=\"&lt;p&gt;Ruas da pequena Necocl\u00ed&lt;\/p&gt;\n\" data-large-file=\"https:\/\/i0.wp.com\/mundosemfim.com\/wp-content\/uploads\/2017\/03\/P3070045.jpg?fit=764%2C510&amp;ssl=1\" class=\"size-full wp-image-5489\" src=\"https:\/\/i0.wp.com\/mundosemfim.com\/wp-content\/uploads\/2017\/03\/P3070045.jpg?resize=764%2C510&#038;ssl=1\" alt=\"\" width=\"764\" height=\"510\" srcset=\"https:\/\/i0.wp.com\/mundosemfim.com\/wp-content\/uploads\/2017\/03\/P3070045.jpg?w=1000&amp;ssl=1 1000w, https:\/\/i0.wp.com\/mundosemfim.com\/wp-content\/uploads\/2017\/03\/P3070045.jpg?resize=300%2C200&amp;ssl=1 300w, https:\/\/i0.wp.com\/mundosemfim.com\/wp-content\/uploads\/2017\/03\/P3070045.jpg?resize=768%2C512&amp;ssl=1 768w\" sizes=\"auto, (max-width: 764px) 100vw, 764px\" \/><figcaption id=\"caption-attachment-5489\" class=\"wp-caption-text\">Ruas da pequena Necocl\u00ed<\/figcaption><\/figure>\n<h3><b>Necocl\u00ed \u2013 Capurgan\u00e1<\/b><\/h3>\n<p>Essa \u00e9 a parte mais cara do trajeto: de Necocl\u00ed h\u00e1 que pegar um barco at\u00e9 Capurgan\u00e1. Estes barcos s\u00f3 saem pela manh\u00e3, \u00e0s 8h e \u00e0s 11h (se n\u00e3o quiser passar a noite em Necocl\u00ed, procure viajar cedo: as vans de Monter\u00eda come\u00e7am a sair \u00e0s 4h da manh\u00e3).<\/p>\n<p>O barco custa 70 mil pesos (n\u00e3o adianta chorar que n\u00e3o fazem desconto), por um trajeto de 2 horas. Al\u00e9m deste valor, \u00e9 preciso pagar 2300 para uso do cais e mil pesos por quilo no excesso de bagagem (cada pessoa tem o direito de levar at\u00e9 10 quilos gratuitamente).<\/p>\n<p><i>Dica: somente as malas e mochilas grandes s\u00e3o pesadas. Bolsas e mochilas de m\u00e3o est\u00e3o livres; portanto, se tiver itens pesados, leve-os na m\u00e3o.<\/i><\/p>\n<figure id=\"attachment_5490\" aria-describedby=\"caption-attachment-5490\" style=\"width: 1000px\" class=\"wp-caption aligncenter\"><img data-recalc-dims=\"1\" loading=\"lazy\" decoding=\"async\" data-attachment-id=\"5490\" data-permalink=\"https:\/\/mundosemfim.com\/?attachment_id=5490\" data-orig-file=\"https:\/\/i0.wp.com\/mundosemfim.com\/wp-content\/uploads\/2017\/03\/P3080043.jpg?fit=1000%2C667&amp;ssl=1\" data-orig-size=\"1000,667\" data-comments-opened=\"1\" data-image-meta=\"{&quot;aperture&quot;:&quot;0&quot;,&quot;credit&quot;:&quot;&quot;,&quot;camera&quot;:&quot;&quot;,&quot;caption&quot;:&quot;&quot;,&quot;created_timestamp&quot;:&quot;1490000294&quot;,&quot;copyright&quot;:&quot;&quot;,&quot;focal_length&quot;:&quot;0&quot;,&quot;iso&quot;:&quot;0&quot;,&quot;shutter_speed&quot;:&quot;0&quot;,&quot;title&quot;:&quot;&quot;,&quot;orientation&quot;:&quot;1&quot;}\" data-image-title=\"Necocl\u00ed\" data-image-description=\"\" data-image-caption=\"&lt;p&gt;Barco no cais de Necocl\u00ed&lt;\/p&gt;\n\" data-large-file=\"https:\/\/i0.wp.com\/mundosemfim.com\/wp-content\/uploads\/2017\/03\/P3080043.jpg?fit=764%2C510&amp;ssl=1\" class=\"size-full wp-image-5490\" src=\"https:\/\/i0.wp.com\/mundosemfim.com\/wp-content\/uploads\/2017\/03\/P3080043.jpg?resize=764%2C510&#038;ssl=1\" alt=\"\" width=\"764\" height=\"510\" srcset=\"https:\/\/i0.wp.com\/mundosemfim.com\/wp-content\/uploads\/2017\/03\/P3080043.jpg?w=1000&amp;ssl=1 1000w, https:\/\/i0.wp.com\/mundosemfim.com\/wp-content\/uploads\/2017\/03\/P3080043.jpg?resize=300%2C200&amp;ssl=1 300w, https:\/\/i0.wp.com\/mundosemfim.com\/wp-content\/uploads\/2017\/03\/P3080043.jpg?resize=768%2C512&amp;ssl=1 768w\" sizes=\"auto, (max-width: 764px) 100vw, 764px\" \/><figcaption id=\"caption-attachment-5490\" class=\"wp-caption-text\">Barco no cais de Necocl\u00ed<\/figcaption><\/figure>\n<p>Se estiver viajando na alta temporada, conv\u00e9m comprar as passagens de barco o quanto antes, pois podem acabar. Na baixa temporada d\u00e1 pra comprar na hora mesmo. O escrit\u00f3rio da empresa que faz os transportes est\u00e1 ao lado do hostel que fica na frente do cais.<\/p>\n<p>Neste trajeto, prepare-se para se molhar, pois o mar \u00e0s vezes \u00e9 bem agitado. Coloque todos os seus pertences em sacos de lixo (mesmo as mochilas &#8220;despachadas&#8221;). No barco, a regra \u00e9 a seguinte: quanto mais para a frente, menos vai molhar, mas mais vai chacoalhar. O ideal \u00e9 procurar um lugar pelo meio.<\/p>\n<p>Se sofrer de enjoo, conv\u00e9m viajar em jejum ou tomar algum rem\u00e9dio contra enjoos.<\/p>\n<p>Outra dica importante: n\u00e3o \u00e9 incomum o barco atrasar (ou at\u00e9 mesmo n\u00e3o sair) por conta das condi\u00e7\u00f5es clim\u00e1ticas, principalmente dos meses de janeiro a abril, quando as \u00e1guas est\u00e3o mais agitadas.\u00a0Procure sempre comprar a passagem para o hor\u00e1rio mais cedo (no nosso caso, compramos para as 8h e sa\u00edmos \u00e0s 9h).<\/p>\n<figure id=\"attachment_5491\" aria-describedby=\"caption-attachment-5491\" style=\"width: 1000px\" class=\"wp-caption aligncenter\"><img data-recalc-dims=\"1\" loading=\"lazy\" decoding=\"async\" data-attachment-id=\"5491\" data-permalink=\"https:\/\/mundosemfim.com\/?attachment_id=5491\" data-orig-file=\"https:\/\/i0.wp.com\/mundosemfim.com\/wp-content\/uploads\/2017\/03\/P3080044.jpg?fit=1000%2C667&amp;ssl=1\" data-orig-size=\"1000,667\" data-comments-opened=\"1\" data-image-meta=\"{&quot;aperture&quot;:&quot;0&quot;,&quot;credit&quot;:&quot;&quot;,&quot;camera&quot;:&quot;&quot;,&quot;caption&quot;:&quot;&quot;,&quot;created_timestamp&quot;:&quot;1490000240&quot;,&quot;copyright&quot;:&quot;&quot;,&quot;focal_length&quot;:&quot;0&quot;,&quot;iso&quot;:&quot;0&quot;,&quot;shutter_speed&quot;:&quot;0&quot;,&quot;title&quot;:&quot;&quot;,&quot;orientation&quot;:&quot;1&quot;}\" data-image-title=\"Capurgan\u00e1\" data-image-description=\"\" data-image-caption=\"&lt;p&gt;Viajando de Necocl\u00ed at\u00e9 Capurgan\u00e1&lt;\/p&gt;\n\" data-large-file=\"https:\/\/i0.wp.com\/mundosemfim.com\/wp-content\/uploads\/2017\/03\/P3080044.jpg?fit=764%2C510&amp;ssl=1\" class=\"size-full wp-image-5491\" src=\"https:\/\/i0.wp.com\/mundosemfim.com\/wp-content\/uploads\/2017\/03\/P3080044.jpg?resize=764%2C510&#038;ssl=1\" alt=\"\" width=\"764\" height=\"510\" srcset=\"https:\/\/i0.wp.com\/mundosemfim.com\/wp-content\/uploads\/2017\/03\/P3080044.jpg?w=1000&amp;ssl=1 1000w, https:\/\/i0.wp.com\/mundosemfim.com\/wp-content\/uploads\/2017\/03\/P3080044.jpg?resize=300%2C200&amp;ssl=1 300w, https:\/\/i0.wp.com\/mundosemfim.com\/wp-content\/uploads\/2017\/03\/P3080044.jpg?resize=768%2C512&amp;ssl=1 768w\" sizes=\"auto, (max-width: 764px) 100vw, 764px\" \/><figcaption id=\"caption-attachment-5491\" class=\"wp-caption-text\">Viajando de Necocl\u00ed at\u00e9 Capurgan\u00e1<\/figcaption><\/figure>\n<p>No mais, simplesmente aproveite este lugar paradis\u00edaco chamado <a href=\"https:\/\/mundosemfim.com\/conheca-capurgana-uma-das-praias-mais-paradisiacas-da-colombia\/\">Capurgan\u00e1<\/a>, exclusivo aos poucos viajantes que se atrevem a conhec\u00ea-lo!<\/p>\n<p>Querem saber mais de l\u00e1? Leiam nosso post completo <a href=\"https:\/\/mundosemfim.com\/conheca-capurgana-uma-das-praias-mais-paradisiacas-da-colombia\/\"><strong>aqui<\/strong><\/a>.<\/p>\n<p>Para mais dicas bacanas e acompanhar nossa viagem pelo mundo, curta nossas redes sociais:<\/p>\n<ul>\n<li><a href=\"https:\/\/www.youtube.com\/c\/MundoSemFim\/?sub_confirmation=1\"><strong>YouTube<\/strong><\/a><\/li>\n<li><a href=\"http:\/\/www.facebook.com\/mundosemfimoficial\"><strong>Facebook<\/strong><\/a><\/li>\n<li><strong>insta: @mundosf<\/strong><\/li>\n<\/ul>\n","protected":false},"excerpt":{"rendered":"<p>Capurgan\u00e1 \u2013 uma praia paradis\u00edaca no caribe colombiano e porta de sa\u00edda para quem quer cruzar ao Panam\u00e1 sem pegar avi\u00e3o ou veleiros. Sem acesso por estradas, chegar at\u00e9 aqui \u00e9 uma aventura!<\/p>\n","protected":false},"author":1,"featured_media":5491,"comment_status":"open","ping_status":"open","sticky":false,"template":"","format":"standard","meta":{"jetpack_post_was_ever_published":false,"_jetpack_newsletter_access":"","_jetpack_dont_email_post_to_subs":true,"_jetpack_newsletter_tier_id":0,"_jetpack_memberships_contains_paywalled_content":false,"_jetpack_memberships_contains_paid_content":false,"footnotes":"","jetpack_publicize_message":"","jetpack_publicize_feature_enabled":true,"jetpack_social_post_already_shared":true,"jetpack_social_options":{"image_generator_settings":{"template":"highway","default_image_id":0,"font":"","enabled":false},"version":2}},"categories":[7,381,313],"tags":[],"class_list":["post-5486","post","type-post","status-publish","format-standard","has-post-thumbnail","hentry","category-america-latina","category-capurgana","category-colombia"],"yoast_head":"<!-- This site is optimized with the Yoast SEO plugin v27.5 - https:\/\/yoast.com\/product\/yoast-seo-wordpress\/ -->\n<title>Como chegar a Capurgan\u00e1 \u2013 um para\u00edso secreto no caribe colombiano - Mundo Sem Fim<\/title>\n<meta name=\"robots\" content=\"index, follow, max-snippet:-1, max-image-preview:large, max-video-preview:-1\" \/>\n<link rel=\"canonical\" href=\"https:\/\/mundosemfim.com\/?p=5486\" \/>\n<meta property=\"og:locale\" content=\"pt_BR\" \/>\n<meta property=\"og:type\" content=\"article\" \/>\n<meta property=\"og:title\" content=\"Como chegar a Capurgan\u00e1 \u2013 um para\u00edso secreto no caribe colombiano - Mundo Sem Fim\" \/>\n<meta property=\"og:description\" content=\"Capurgan\u00e1 \u2013 uma praia paradis\u00edaca no caribe colombiano e porta de sa\u00edda para quem quer cruzar ao Panam\u00e1 sem pegar avi\u00e3o ou veleiros. Sem acesso por estradas, chegar at\u00e9 aqui \u00e9 uma aventura!\" \/>\n<meta property=\"og:url\" content=\"https:\/\/mundosemfim.com\/?p=5486\" \/>\n<meta property=\"og:site_name\" content=\"Mundo Sem Fim\" \/>\n<meta property=\"article:publisher\" content=\"http:\/\/www.facebook.com\/mundosemfimoficial\" \/>\n<meta property=\"article:published_time\" content=\"2017-03-20T14:25:55+00:00\" \/>\n<meta property=\"article:modified_time\" content=\"2018-07-31T09:29:40+00:00\" \/>\n<meta property=\"og:image\" content=\"https:\/\/i0.wp.com\/mundosemfim.com\/wp-content\/uploads\/2017\/03\/P3080044.jpg?fit=1000%2C667&ssl=1\" \/>\n\t<meta property=\"og:image:width\" content=\"1000\" \/>\n\t<meta property=\"og:image:height\" content=\"667\" \/>\n\t<meta property=\"og:image:type\" content=\"image\/jpeg\" \/>\n<meta name=\"author\" content=\"Renan\" \/>\n<meta name=\"twitter:card\" content=\"summary_large_image\" \/>\n<meta name=\"twitter:label1\" content=\"Escrito por\" \/>\n\t<meta name=\"twitter:data1\" content=\"Renan\" \/>\n\t<meta name=\"twitter:label2\" content=\"Est. tempo de leitura\" \/>\n\t<meta name=\"twitter:data2\" content=\"5 minutos\" \/>\n<script type=\"application\/ld+json\" class=\"yoast-schema-graph\">{\"@context\":\"https:\\\/\\\/schema.org\",\"@graph\":[{\"@type\":\"Article\",\"@id\":\"https:\\\/\\\/mundosemfim.com\\\/?p=5486#article\",\"isPartOf\":{\"@id\":\"https:\\\/\\\/mundosemfim.com\\\/?p=5486\"},\"author\":{\"name\":\"Renan\",\"@id\":\"https:\\\/\\\/mundosemfim.com\\\/#\\\/schema\\\/person\\\/b021d50f3a19bae432e9b69ffbfa9257\"},\"headline\":\"Como chegar a Capurgan\u00e1 \u2013 um para\u00edso secreto no caribe colombiano\",\"datePublished\":\"2017-03-20T14:25:55+00:00\",\"dateModified\":\"2018-07-31T09:29:40+00:00\",\"mainEntityOfPage\":{\"@id\":\"https:\\\/\\\/mundosemfim.com\\\/?p=5486\"},\"wordCount\":1097,\"commentCount\":6,\"image\":{\"@id\":\"https:\\\/\\\/mundosemfim.com\\\/?p=5486#primaryimage\"},\"thumbnailUrl\":\"https:\\\/\\\/i0.wp.com\\\/mundosemfim.com\\\/wp-content\\\/uploads\\\/2017\\\/03\\\/P3080044.jpg?fit=1000%2C667&ssl=1\",\"articleSection\":[\"am\u00e9rica latina\",\"Capurgan\u00e1\",\"Col\u00f4mbia\"],\"inLanguage\":\"pt-BR\",\"potentialAction\":[{\"@type\":\"CommentAction\",\"name\":\"Comment\",\"target\":[\"https:\\\/\\\/mundosemfim.com\\\/?p=5486#respond\"]}]},{\"@type\":\"WebPage\",\"@id\":\"https:\\\/\\\/mundosemfim.com\\\/?p=5486\",\"url\":\"https:\\\/\\\/mundosemfim.com\\\/?p=5486\",\"name\":\"Como chegar a Capurgan\u00e1 \u2013 um para\u00edso secreto no caribe colombiano - Mundo Sem Fim\",\"isPartOf\":{\"@id\":\"https:\\\/\\\/mundosemfim.com\\\/#website\"},\"primaryImageOfPage\":{\"@id\":\"https:\\\/\\\/mundosemfim.com\\\/?p=5486#primaryimage\"},\"image\":{\"@id\":\"https:\\\/\\\/mundosemfim.com\\\/?p=5486#primaryimage\"},\"thumbnailUrl\":\"https:\\\/\\\/i0.wp.com\\\/mundosemfim.com\\\/wp-content\\\/uploads\\\/2017\\\/03\\\/P3080044.jpg?fit=1000%2C667&ssl=1\",\"datePublished\":\"2017-03-20T14:25:55+00:00\",\"dateModified\":\"2018-07-31T09:29:40+00:00\",\"author\":{\"@id\":\"https:\\\/\\\/mundosemfim.com\\\/#\\\/schema\\\/person\\\/b021d50f3a19bae432e9b69ffbfa9257\"},\"breadcrumb\":{\"@id\":\"https:\\\/\\\/mundosemfim.com\\\/?p=5486#breadcrumb\"},\"inLanguage\":\"pt-BR\",\"potentialAction\":[{\"@type\":\"ReadAction\",\"target\":[\"https:\\\/\\\/mundosemfim.com\\\/?p=5486\"]}]},{\"@type\":\"ImageObject\",\"inLanguage\":\"pt-BR\",\"@id\":\"https:\\\/\\\/mundosemfim.com\\\/?p=5486#primaryimage\",\"url\":\"https:\\\/\\\/i0.wp.com\\\/mundosemfim.com\\\/wp-content\\\/uploads\\\/2017\\\/03\\\/P3080044.jpg?fit=1000%2C667&ssl=1\",\"contentUrl\":\"https:\\\/\\\/i0.wp.com\\\/mundosemfim.com\\\/wp-content\\\/uploads\\\/2017\\\/03\\\/P3080044.jpg?fit=1000%2C667&ssl=1\",\"width\":1000,\"height\":667,\"caption\":\"Viajando de Necocl\u00ed at\u00e9 Capurgan\u00e1\"},{\"@type\":\"BreadcrumbList\",\"@id\":\"https:\\\/\\\/mundosemfim.com\\\/?p=5486#breadcrumb\",\"itemListElement\":[{\"@type\":\"ListItem\",\"position\":1,\"name\":\"In\u00edcio\",\"item\":\"https:\\\/\\\/mundosemfim.com\\\/\"},{\"@type\":\"ListItem\",\"position\":2,\"name\":\"Como chegar a Capurgan\u00e1 \u2013 um para\u00edso secreto no caribe colombiano\"}]},{\"@type\":\"WebSite\",\"@id\":\"https:\\\/\\\/mundosemfim.com\\\/#website\",\"url\":\"https:\\\/\\\/mundosemfim.com\\\/\",\"name\":\"Mundo Sem Fim\",\"description\":\"uma viagem de volta ao mundo pelos 5 continentes!\",\"potentialAction\":[{\"@type\":\"SearchAction\",\"target\":{\"@type\":\"EntryPoint\",\"urlTemplate\":\"https:\\\/\\\/mundosemfim.com\\\/?s={search_term_string}\"},\"query-input\":{\"@type\":\"PropertyValueSpecification\",\"valueRequired\":true,\"valueName\":\"search_term_string\"}}],\"inLanguage\":\"pt-BR\"},{\"@type\":\"Person\",\"@id\":\"https:\\\/\\\/mundosemfim.com\\\/#\\\/schema\\\/person\\\/b021d50f3a19bae432e9b69ffbfa9257\",\"name\":\"Renan\",\"image\":{\"@type\":\"ImageObject\",\"inLanguage\":\"pt-BR\",\"@id\":\"https:\\\/\\\/secure.gravatar.com\\\/avatar\\\/faafca769a603ac75196d21826f3bda645d7e2d6306bb6e236d8cdb38eb44e38?s=96&d=mm&r=g\",\"url\":\"https:\\\/\\\/secure.gravatar.com\\\/avatar\\\/faafca769a603ac75196d21826f3bda645d7e2d6306bb6e236d8cdb38eb44e38?s=96&d=mm&r=g\",\"contentUrl\":\"https:\\\/\\\/secure.gravatar.com\\\/avatar\\\/faafca769a603ac75196d21826f3bda645d7e2d6306bb6e236d8cdb38eb44e38?s=96&d=mm&r=g\",\"caption\":\"Renan\"}}]}<\/script>\n<!-- \/ Yoast SEO plugin. -->","yoast_head_json":{"title":"Como chegar a Capurgan\u00e1 \u2013 um para\u00edso secreto no caribe colombiano - Mundo Sem Fim","robots":{"index":"index","follow":"follow","max-snippet":"max-snippet:-1","max-image-preview":"max-image-preview:large","max-video-preview":"max-video-preview:-1"},"canonical":"https:\/\/mundosemfim.com\/?p=5486","og_locale":"pt_BR","og_type":"article","og_title":"Como chegar a Capurgan\u00e1 \u2013 um para\u00edso secreto no caribe colombiano - Mundo Sem Fim","og_description":"Capurgan\u00e1 \u2013 uma praia paradis\u00edaca no caribe colombiano e porta de sa\u00edda para quem quer cruzar ao Panam\u00e1 sem pegar avi\u00e3o ou veleiros. Sem acesso por estradas, chegar at\u00e9 aqui \u00e9 uma aventura!","og_url":"https:\/\/mundosemfim.com\/?p=5486","og_site_name":"Mundo Sem Fim","article_publisher":"http:\/\/www.facebook.com\/mundosemfimoficial","article_published_time":"2017-03-20T14:25:55+00:00","article_modified_time":"2018-07-31T09:29:40+00:00","og_image":[{"width":1000,"height":667,"url":"https:\/\/i0.wp.com\/mundosemfim.com\/wp-content\/uploads\/2017\/03\/P3080044.jpg?fit=1000%2C667&ssl=1","type":"image\/jpeg"}],"author":"Renan","twitter_card":"summary_large_image","twitter_misc":{"Escrito por":"Renan","Est. tempo de leitura":"5 minutos"},"schema":{"@context":"https:\/\/schema.org","@graph":[{"@type":"Article","@id":"https:\/\/mundosemfim.com\/?p=5486#article","isPartOf":{"@id":"https:\/\/mundosemfim.com\/?p=5486"},"author":{"name":"Renan","@id":"https:\/\/mundosemfim.com\/#\/schema\/person\/b021d50f3a19bae432e9b69ffbfa9257"},"headline":"Como chegar a Capurgan\u00e1 \u2013 um para\u00edso secreto no caribe colombiano","datePublished":"2017-03-20T14:25:55+00:00","dateModified":"2018-07-31T09:29:40+00:00","mainEntityOfPage":{"@id":"https:\/\/mundosemfim.com\/?p=5486"},"wordCount":1097,"commentCount":6,"image":{"@id":"https:\/\/mundosemfim.com\/?p=5486#primaryimage"},"thumbnailUrl":"https:\/\/i0.wp.com\/mundosemfim.com\/wp-content\/uploads\/2017\/03\/P3080044.jpg?fit=1000%2C667&ssl=1","articleSection":["am\u00e9rica latina","Capurgan\u00e1","Col\u00f4mbia"],"inLanguage":"pt-BR","potentialAction":[{"@type":"CommentAction","name":"Comment","target":["https:\/\/mundosemfim.com\/?p=5486#respond"]}]},{"@type":"WebPage","@id":"https:\/\/mundosemfim.com\/?p=5486","url":"https:\/\/mundosemfim.com\/?p=5486","name":"Como chegar a Capurgan\u00e1 \u2013 um para\u00edso secreto no caribe colombiano - Mundo Sem Fim","isPartOf":{"@id":"https:\/\/mundosemfim.com\/#website"},"primaryImageOfPage":{"@id":"https:\/\/mundosemfim.com\/?p=5486#primaryimage"},"image":{"@id":"https:\/\/mundosemfim.com\/?p=5486#primaryimage"},"thumbnailUrl":"https:\/\/i0.wp.com\/mundosemfim.com\/wp-content\/uploads\/2017\/03\/P3080044.jpg?fit=1000%2C667&ssl=1","datePublished":"2017-03-20T14:25:55+00:00","dateModified":"2018-07-31T09:29:40+00:00","author":{"@id":"https:\/\/mundosemfim.com\/#\/schema\/person\/b021d50f3a19bae432e9b69ffbfa9257"},"breadcrumb":{"@id":"https:\/\/mundosemfim.com\/?p=5486#breadcrumb"},"inLanguage":"pt-BR","potentialAction":[{"@type":"ReadAction","target":["https:\/\/mundosemfim.com\/?p=5486"]}]},{"@type":"ImageObject","inLanguage":"pt-BR","@id":"https:\/\/mundosemfim.com\/?p=5486#primaryimage","url":"https:\/\/i0.wp.com\/mundosemfim.com\/wp-content\/uploads\/2017\/03\/P3080044.jpg?fit=1000%2C667&ssl=1","contentUrl":"https:\/\/i0.wp.com\/mundosemfim.com\/wp-content\/uploads\/2017\/03\/P3080044.jpg?fit=1000%2C667&ssl=1","width":1000,"height":667,"caption":"Viajando de Necocl\u00ed at\u00e9 Capurgan\u00e1"},{"@type":"BreadcrumbList","@id":"https:\/\/mundosemfim.com\/?p=5486#breadcrumb","itemListElement":[{"@type":"ListItem","position":1,"name":"In\u00edcio","item":"https:\/\/mundosemfim.com\/"},{"@type":"ListItem","position":2,"name":"Como chegar a Capurgan\u00e1 \u2013 um para\u00edso secreto no caribe colombiano"}]},{"@type":"WebSite","@id":"https:\/\/mundosemfim.com\/#website","url":"https:\/\/mundosemfim.com\/","name":"Mundo Sem Fim","description":"uma viagem de volta ao mundo pelos 5 continentes!","potentialAction":[{"@type":"SearchAction","target":{"@type":"EntryPoint","urlTemplate":"https:\/\/mundosemfim.com\/?s={search_term_string}"},"query-input":{"@type":"PropertyValueSpecification","valueRequired":true,"valueName":"search_term_string"}}],"inLanguage":"pt-BR"},{"@type":"Person","@id":"https:\/\/mundosemfim.com\/#\/schema\/person\/b021d50f3a19bae432e9b69ffbfa9257","name":"Renan","image":{"@type":"ImageObject","inLanguage":"pt-BR","@id":"https:\/\/secure.gravatar.com\/avatar\/faafca769a603ac75196d21826f3bda645d7e2d6306bb6e236d8cdb38eb44e38?s=96&d=mm&r=g","url":"https:\/\/secure.gravatar.com\/avatar\/faafca769a603ac75196d21826f3bda645d7e2d6306bb6e236d8cdb38eb44e38?s=96&d=mm&r=g","contentUrl":"https:\/\/secure.gravatar.com\/avatar\/faafca769a603ac75196d21826f3bda645d7e2d6306bb6e236d8cdb38eb44e38?s=96&d=mm&r=g","caption":"Renan"}}]}},"jetpack_publicize_connections":[],"jetpack_featured_media_url":"https:\/\/i0.wp.com\/mundosemfim.com\/wp-content\/uploads\/2017\/03\/P3080044.jpg?fit=1000%2C667&ssl=1","jetpack_sharing_enabled":true,"jetpack_shortlink":"https:\/\/wp.me\/p7CQyF-1qu","jetpack-related-posts":[{"id":5494,"url":"https:\/\/mundosemfim.com\/?p=5494","url_meta":{"origin":5486,"position":0},"title":"Conhe\u00e7a Capurgan\u00e1 \u2013 uma das praias mais paradis\u00edacas da Col\u00f4mbia","author":"Renan","date":"mar\u00e7o 20, 2017","format":false,"excerpt":"Localizada pertinho do Panam\u00e1, Capurgan\u00e1 \u00e9 um daqueles lugares paradis\u00edacos que poucos turistas conhecem. Por sorte nos atrevemos a ir at\u00e9 l\u00e1, e aqui damos todas as dicas para que voc\u00ea poder usufruir ao m\u00e1ximo deste lugar encantador! C\u00e2mbio oficial (mar\u00e7o\/2017) 1 real = 940 pesos colombianos 1 d\u00f3lar =\u2026","rel":"","context":"Em &quot;Am\u00e9rica do Sul&quot;","block_context":{"text":"Am\u00e9rica do Sul","link":"https:\/\/mundosemfim.com\/?cat=6"},"img":{"alt_text":"Paradis\u00edaca praia de Capurgan\u00e1Paradis\u00edaca praia de Capurgan\u00e1","src":"https:\/\/i0.wp.com\/mundosemfim.com\/wp-content\/uploads\/2017\/03\/DSC_0039.jpg?fit=1000%2C667&ssl=1&resize=350%2C200","width":350,"height":200,"srcset":"https:\/\/i0.wp.com\/mundosemfim.com\/wp-content\/uploads\/2017\/03\/DSC_0039.jpg?fit=1000%2C667&ssl=1&resize=350%2C200 1x, https:\/\/i0.wp.com\/mundosemfim.com\/wp-content\/uploads\/2017\/03\/DSC_0039.jpg?fit=1000%2C667&ssl=1&resize=525%2C300 1.5x, https:\/\/i0.wp.com\/mundosemfim.com\/wp-content\/uploads\/2017\/03\/DSC_0039.jpg?fit=1000%2C667&ssl=1&resize=700%2C400 2x"},"classes":[]},{"id":5505,"url":"https:\/\/mundosemfim.com\/?p=5505","url_meta":{"origin":5486,"position":1},"title":"Cruzando a fronteira Col\u00f4mbia \u2013 Panam\u00e1 por Puerto Obald\u00eda","author":"Renan","date":"mar\u00e7o 20, 2017","format":false,"excerpt":"Depois de muito pensar em como cruzar da Am\u00e9rica do Sul \u00e0 Am\u00e9rica Central, chegamos \u00e0 conclus\u00e3o que o melhor era fazer por terra e barco. E esta foi uma das melhores experi\u00eancias da nossa viagem! Aqui contamos como foi cruzar esta fronteira pouco conhecida. Refer\u00eancia (mar\u00e7o\/2017) 1 real =\u2026","rel":"","context":"Em &quot;Am\u00e9rica Central&quot;","block_context":{"text":"Am\u00e9rica Central","link":"https:\/\/mundosemfim.com\/?cat=382"},"img":{"alt_text":"Puerto Obald\u00eda","src":"https:\/\/i0.wp.com\/mundosemfim.com\/wp-content\/uploads\/2017\/03\/P3130133.jpg?fit=1000%2C667&ssl=1&resize=350%2C200","width":350,"height":200,"srcset":"https:\/\/i0.wp.com\/mundosemfim.com\/wp-content\/uploads\/2017\/03\/P3130133.jpg?fit=1000%2C667&ssl=1&resize=350%2C200 1x, https:\/\/i0.wp.com\/mundosemfim.com\/wp-content\/uploads\/2017\/03\/P3130133.jpg?fit=1000%2C667&ssl=1&resize=525%2C300 1.5x, https:\/\/i0.wp.com\/mundosemfim.com\/wp-content\/uploads\/2017\/03\/P3130133.jpg?fit=1000%2C667&ssl=1&resize=700%2C400 2x"},"classes":[]},{"id":5533,"url":"https:\/\/mundosemfim.com\/?p=5533","url_meta":{"origin":5486,"position":2},"title":"Da Col\u00f4mbia ao Panam\u00e1 em barco, passando por San Blas","author":"Renan","date":"mar\u00e7o 24, 2017","format":false,"excerpt":"Decidir como cruzar da Col\u00f4mbia ao Panam\u00e1 \u00e9 um grande dilema para muitos viajantes. N\u00f3s fomos em barco, por conta pr\u00f3pria, e temos certeza que foi a melhor op\u00e7\u00e3o! Aqui descrevemos como foi nossa experi\u00eancia. C\u00e2mbio oficial (mar\u00e7o\/2017) 1 real = 940 pesos colombianos 1 d\u00f3lar = 3,10 reais A\u2026","rel":"","context":"Em &quot;Am\u00e9rica Central&quot;","block_context":{"text":"Am\u00e9rica Central","link":"https:\/\/mundosemfim.com\/?cat=382"},"img":{"alt_text":"Crian\u00e7as brincando em uma canoa em San Blas","src":"https:\/\/i0.wp.com\/mundosemfim.com\/wp-content\/uploads\/2017\/03\/DSC_0168.jpg?fit=1000%2C667&ssl=1&resize=350%2C200","width":350,"height":200,"srcset":"https:\/\/i0.wp.com\/mundosemfim.com\/wp-content\/uploads\/2017\/03\/DSC_0168.jpg?fit=1000%2C667&ssl=1&resize=350%2C200 1x, https:\/\/i0.wp.com\/mundosemfim.com\/wp-content\/uploads\/2017\/03\/DSC_0168.jpg?fit=1000%2C667&ssl=1&resize=525%2C300 1.5x, https:\/\/i0.wp.com\/mundosemfim.com\/wp-content\/uploads\/2017\/03\/DSC_0168.jpg?fit=1000%2C667&ssl=1&resize=700%2C400 2x"},"classes":[]},{"id":7264,"url":"https:\/\/mundosemfim.com\/?p=7264","url_meta":{"origin":5486,"position":3},"title":"As 13 melhores praias da Am\u00e9rica Latina que j\u00e1 visitamos","author":"Renan","date":"dezembro 20, 2017","format":false,"excerpt":"Aqui est\u00e1 outra lista da Am\u00e9rica Latina: as 13 praias mais bonitas e mais interessantes que j\u00e1 visitamos! Estas s\u00e3o as 13 praias mais bonitas que j\u00e1 visitamos em nossos dois anos de estrada, e tamb\u00e9m as que tivemos oportunidade de ir em f\u00e9rias anteriores. Quer\u00edamos resumir a lista a\u2026","rel":"","context":"Em &quot;Am\u00e9rica Central&quot;","block_context":{"text":"Am\u00e9rica Central","link":"https:\/\/mundosemfim.com\/?cat=382"},"img":{"alt_text":"Caminho entre West End e West Bay, Roat\u00e1n","src":"https:\/\/i0.wp.com\/mundosemfim.com\/wp-content\/uploads\/2017\/05\/DSC_0014-1.jpg?fit=1000%2C667&ssl=1&resize=350%2C200","width":350,"height":200,"srcset":"https:\/\/i0.wp.com\/mundosemfim.com\/wp-content\/uploads\/2017\/05\/DSC_0014-1.jpg?fit=1000%2C667&ssl=1&resize=350%2C200 1x, https:\/\/i0.wp.com\/mundosemfim.com\/wp-content\/uploads\/2017\/05\/DSC_0014-1.jpg?fit=1000%2C667&ssl=1&resize=525%2C300 1.5x, https:\/\/i0.wp.com\/mundosemfim.com\/wp-content\/uploads\/2017\/05\/DSC_0014-1.jpg?fit=1000%2C667&ssl=1&resize=700%2C400 2x"},"classes":[]},{"id":9439,"url":"https:\/\/mundosemfim.com\/?p=9439","url_meta":{"origin":5486,"position":4},"title":"As 15 praias mais incr\u00edveis que j\u00e1 visitamos","author":"Renan","date":"maio 21, 2019","format":false,"excerpt":"Quer curtir uma praia nas pr\u00f3ximas f\u00e9rias? Aqui est\u00e3o as mais encantadoras que j\u00e1 visitamos durante nossa viagem pelo mundo! A lista n\u00e3o segue nenhuma ordem. Mencionamos aquelas que mais nos encantaram, seja pela beleza, pela hist\u00f3ria ou pela cultura do lugar. 1. Coron, Filipinas V\u00e1rias vezes escutamos que a\u2026","rel":"","context":"Em &quot;Col\u00f4mbia&quot;","block_context":{"text":"Col\u00f4mbia","link":"https:\/\/mundosemfim.com\/?cat=313"},"img":{"alt_text":"Praia CYC, Coron, Palawan, Filipinas","src":"https:\/\/i0.wp.com\/mundosemfim.com\/wp-content\/uploads\/2017\/12\/DSC_0089.jpg?fit=800%2C533&ssl=1&resize=350%2C200","width":350,"height":200,"srcset":"https:\/\/i0.wp.com\/mundosemfim.com\/wp-content\/uploads\/2017\/12\/DSC_0089.jpg?fit=800%2C533&ssl=1&resize=350%2C200 1x, https:\/\/i0.wp.com\/mundosemfim.com\/wp-content\/uploads\/2017\/12\/DSC_0089.jpg?fit=800%2C533&ssl=1&resize=525%2C300 1.5x, https:\/\/i0.wp.com\/mundosemfim.com\/wp-content\/uploads\/2017\/12\/DSC_0089.jpg?fit=800%2C533&ssl=1&resize=700%2C400 2x"},"classes":[]},{"id":4949,"url":"https:\/\/mundosemfim.com\/?p=4949","url_meta":{"origin":5486,"position":5},"title":"Tour de Cartagena \u00e0 Playa Blanca \u2013 uma das mais belas praias do caribe colombiano!","author":"Renan","date":"janeiro 29, 2017","format":false,"excerpt":"Quem vai ao caribe busca praias com areia branca e mar azul \u2013 e \u00e9 justamente isso que a Playa Blanca oferece. N\u00e3o perca um dos passeios mais populares de Cartagena! C\u00e2mbio oficial (janeiro\/2017) 1 real = 920 pesos colombianos 1 d\u00f3lar = 3,16 reais Visitar Cartagena \u00e9 uma experi\u00eancia\u2026","rel":"","context":"Em &quot;am\u00e9rica latina&quot;","block_context":{"text":"am\u00e9rica latina","link":"https:\/\/mundosemfim.com\/?cat=7"},"img":{"alt_text":"","src":"https:\/\/i0.wp.com\/mundosemfim.com\/wp-content\/uploads\/2017\/01\/DSC_0093.jpg?fit=1200%2C800&ssl=1&resize=350%2C200","width":350,"height":200,"srcset":"https:\/\/i0.wp.com\/mundosemfim.com\/wp-content\/uploads\/2017\/01\/DSC_0093.jpg?fit=1200%2C800&ssl=1&resize=350%2C200 1x, https:\/\/i0.wp.com\/mundosemfim.com\/wp-content\/uploads\/2017\/01\/DSC_0093.jpg?fit=1200%2C800&ssl=1&resize=525%2C300 1.5x, https:\/\/i0.wp.com\/mundosemfim.com\/wp-content\/uploads\/2017\/01\/DSC_0093.jpg?fit=1200%2C800&ssl=1&resize=700%2C400 2x, https:\/\/i0.wp.com\/mundosemfim.com\/wp-content\/uploads\/2017\/01\/DSC_0093.jpg?fit=1200%2C800&ssl=1&resize=1050%2C600 3x"},"classes":[]}],"_links":{"self":[{"href":"https:\/\/mundosemfim.com\/index.php?rest_route=\/wp\/v2\/posts\/5486","targetHints":{"allow":["GET"]}}],"collection":[{"href":"https:\/\/mundosemfim.com\/index.php?rest_route=\/wp\/v2\/posts"}],"about":[{"href":"https:\/\/mundosemfim.com\/index.php?rest_route=\/wp\/v2\/types\/post"}],"author":[{"embeddable":true,"href":"https:\/\/mundosemfim.com\/index.php?rest_route=\/wp\/v2\/users\/1"}],"replies":[{"embeddable":true,"href":"https:\/\/mundosemfim.com\/index.php?rest_route=%2Fwp%2Fv2%2Fcomments&post=5486"}],"version-history":[{"count":5,"href":"https:\/\/mundosemfim.com\/index.php?rest_route=\/wp\/v2\/posts\/5486\/revisions"}],"predecessor-version":[{"id":8277,"href":"https:\/\/mundosemfim.com\/index.php?rest_route=\/wp\/v2\/posts\/5486\/revisions\/8277"}],"wp:featuredmedia":[{"embeddable":true,"href":"https:\/\/mundosemfim.com\/index.php?rest_route=\/wp\/v2\/media\/5491"}],"wp:attachment":[{"href":"https:\/\/mundosemfim.com\/index.php?rest_route=%2Fwp%2Fv2%2Fmedia&parent=5486"}],"wp:term":[{"taxonomy":"category","embeddable":true,"href":"https:\/\/mundosemfim.com\/index.php?rest_route=%2Fwp%2Fv2%2Fcategories&post=5486"},{"taxonomy":"post_tag","embeddable":true,"href":"https:\/\/mundosemfim.com\/index.php?rest_route=%2Fwp%2Fv2%2Ftags&post=5486"}],"curies":[{"name":"wp","href":"https:\/\/api.w.org\/{rel}","templated":true}]}}