{"id":5477,"date":"2017-03-07T00:31:51","date_gmt":"2017-03-07T03:31:51","guid":{"rendered":"https:\/\/mundosemfim.com\/?p=5477"},"modified":"2017-03-07T00:31:51","modified_gmt":"2017-03-07T03:31:51","slug":"conheca-arboletes-e-mergulhe-num-vulcao-de-lama-colombia","status":"publish","type":"post","link":"https:\/\/mundosemfim.com\/?p=5477","title":{"rendered":"Conhe\u00e7a Arboletes e mergulhe num vulc\u00e3o de lama! &#8211; Col\u00f4mbia"},"content":{"rendered":"<p>A pequena cidade de Arboletes, fora do roteiro tur\u00edstico tradicional e pouco conhecida por viajantes, oferece uma experi\u00eancia \u00fanica: mergulhar na cratera de um vulc\u00e3o cheio de lodo! Venha conhecer como foi nossa experi\u00eancia por l\u00e1.<\/p>\n<p><!--more--><b><\/b><\/p>\n<p><b>C\u00e2mbio oficial (mar\u00e7o\/2017)<br \/>\n<\/b>1 real = 945 pesos colombianos<br \/>\n1 d\u00f3lar = 2975 pesos colombianos<\/p>\n<figure id=\"attachment_5478\" aria-describedby=\"caption-attachment-5478\" style=\"width: 1000px\" class=\"wp-caption aligncenter\"><img data-recalc-dims=\"1\" loading=\"lazy\" decoding=\"async\" data-attachment-id=\"5478\" data-permalink=\"https:\/\/mundosemfim.com\/?attachment_id=5478\" data-orig-file=\"https:\/\/i0.wp.com\/mundosemfim.com\/wp-content\/uploads\/2017\/03\/DSC_0022.jpg?fit=1000%2C667&amp;ssl=1\" data-orig-size=\"1000,667\" data-comments-opened=\"1\" data-image-meta=\"{&quot;aperture&quot;:&quot;0&quot;,&quot;credit&quot;:&quot;&quot;,&quot;camera&quot;:&quot;&quot;,&quot;caption&quot;:&quot;&quot;,&quot;created_timestamp&quot;:&quot;0&quot;,&quot;copyright&quot;:&quot;&quot;,&quot;focal_length&quot;:&quot;0&quot;,&quot;iso&quot;:&quot;0&quot;,&quot;shutter_speed&quot;:&quot;0&quot;,&quot;title&quot;:&quot;&quot;,&quot;orientation&quot;:&quot;0&quot;}\" data-image-title=\"Arboletes\" data-image-description=\"&lt;p&gt;Vulc\u00e3o de lodo de Arboletes&lt;\/p&gt;\n\" data-image-caption=\"&lt;p&gt;Crian\u00e7as observando o vulc\u00e3o de lodo de Arboletes&lt;\/p&gt;\n\" data-large-file=\"https:\/\/i0.wp.com\/mundosemfim.com\/wp-content\/uploads\/2017\/03\/DSC_0022.jpg?fit=764%2C510&amp;ssl=1\" class=\"size-full wp-image-5478\" src=\"https:\/\/i0.wp.com\/mundosemfim.com\/wp-content\/uploads\/2017\/03\/DSC_0022.jpg?resize=764%2C510&#038;ssl=1\" alt=\"Vulc\u00e3o de lodo de Arboletes\" width=\"764\" height=\"510\" srcset=\"https:\/\/i0.wp.com\/mundosemfim.com\/wp-content\/uploads\/2017\/03\/DSC_0022.jpg?w=1000&amp;ssl=1 1000w, https:\/\/i0.wp.com\/mundosemfim.com\/wp-content\/uploads\/2017\/03\/DSC_0022.jpg?resize=300%2C200&amp;ssl=1 300w, https:\/\/i0.wp.com\/mundosemfim.com\/wp-content\/uploads\/2017\/03\/DSC_0022.jpg?resize=768%2C512&amp;ssl=1 768w\" sizes=\"auto, (max-width: 764px) 100vw, 764px\" \/><figcaption id=\"caption-attachment-5478\" class=\"wp-caption-text\">Crian\u00e7as observando o vulc\u00e3o de lodo de Arboletes<\/figcaption><\/figure>\n<p>Arboletes: com pouco mais de 30 mil habitantes, esta pequena cidade no caribe colombiano nem parece uma cidade costeira: com uma cultura fortemente ligada \u00e0 ganaderia, ela mais parece uma cidade do interior. Ainda que sua pra\u00e7a central esteja a apenas 500 metros da praia, \u00e9 mais prov\u00e1vel encontrar por ali pessoas com roupas de ga\u00fachos do que com trajes de banho.<\/p>\n<p>Al\u00e9m deste contraste interessante, a cidade tamb\u00e9m guarda uma joia pouco conhecida na Col\u00f4mbia: seu vulc\u00e3o de lodo, onde \u00e9 poss\u00edvel literalmente flutuar na lama. Ainda que a profundidade seja enorme, \u00e9 imposs\u00edvel afundar aqui.<\/p>\n<p>A cidade est\u00e1 fora da rota tur\u00edstica tradicional. Mas, se quiser inovar um pouco, pode dar um pulo por aqui!<\/p>\n<h3><b>Como chegar<\/b><\/h3>\n<p>Para chegar at\u00e9 Arboletes, \u00e9 preciso ir primeiramente a Monter\u00eda, que est\u00e1 no caminho entre <a href=\"https:\/\/mundosemfim.com\/tudo-sobre-medellin-a-cidade-mais-inovadora-do-mundo\/\">Medell\u00edn<\/a> e <a href=\"https:\/\/mundosemfim.com\/guia-completo-sobre-cartagena-o-que-fazer-onde-se-hospedar-como-economizar-etc\/\">Cartagena<\/a>.<\/p>\n<p>De Monter\u00eda h\u00e1 \u00f4nibus e vans que partem do terminal (10 mil pesos) ou t\u00e1xis coletivos que partem do centro (15 mil por pessoa; chorando conseguimos por 12).<\/p>\n<p>A dist\u00e2ncia \u00e9 de 60km, e a viagem costuma levar pouco mais de 1h.<\/p>\n<p>Arboletes est\u00e1 na rota para quem pretende ir ao Panam\u00e1 por terra\/barco. Se for fazer este caminho, n\u00e3o deixe de dar um pulo aqui!<\/p>\n<figure id=\"attachment_5479\" aria-describedby=\"caption-attachment-5479\" style=\"width: 1000px\" class=\"wp-caption aligncenter\"><img data-recalc-dims=\"1\" loading=\"lazy\" decoding=\"async\" data-attachment-id=\"5479\" data-permalink=\"https:\/\/mundosemfim.com\/?attachment_id=5479\" data-orig-file=\"https:\/\/i0.wp.com\/mundosemfim.com\/wp-content\/uploads\/2017\/03\/DSC_0027.jpg?fit=1000%2C667&amp;ssl=1\" data-orig-size=\"1000,667\" data-comments-opened=\"1\" data-image-meta=\"{&quot;aperture&quot;:&quot;0&quot;,&quot;credit&quot;:&quot;&quot;,&quot;camera&quot;:&quot;&quot;,&quot;caption&quot;:&quot;&quot;,&quot;created_timestamp&quot;:&quot;0&quot;,&quot;copyright&quot;:&quot;&quot;,&quot;focal_length&quot;:&quot;0&quot;,&quot;iso&quot;:&quot;0&quot;,&quot;shutter_speed&quot;:&quot;0&quot;,&quot;title&quot;:&quot;&quot;,&quot;orientation&quot;:&quot;0&quot;}\" data-image-title=\"Arboletes\" data-image-description=\"&lt;p&gt;Pra\u00e7a central de Arboletes&lt;\/p&gt;\n\" data-image-caption=\"&lt;p&gt;Pra\u00e7a central de Arboletes&lt;\/p&gt;\n\" data-large-file=\"https:\/\/i0.wp.com\/mundosemfim.com\/wp-content\/uploads\/2017\/03\/DSC_0027.jpg?fit=764%2C510&amp;ssl=1\" class=\"size-full wp-image-5479\" src=\"https:\/\/i0.wp.com\/mundosemfim.com\/wp-content\/uploads\/2017\/03\/DSC_0027.jpg?resize=764%2C510&#038;ssl=1\" alt=\"Pra\u00e7a central de Arboletes\" width=\"764\" height=\"510\" srcset=\"https:\/\/i0.wp.com\/mundosemfim.com\/wp-content\/uploads\/2017\/03\/DSC_0027.jpg?w=1000&amp;ssl=1 1000w, https:\/\/i0.wp.com\/mundosemfim.com\/wp-content\/uploads\/2017\/03\/DSC_0027.jpg?resize=300%2C200&amp;ssl=1 300w, https:\/\/i0.wp.com\/mundosemfim.com\/wp-content\/uploads\/2017\/03\/DSC_0027.jpg?resize=768%2C512&amp;ssl=1 768w\" sizes=\"auto, (max-width: 764px) 100vw, 764px\" \/><figcaption id=\"caption-attachment-5479\" class=\"wp-caption-text\">Pra\u00e7a central de Arboletes<\/figcaption><\/figure>\n<h3><b>Hospedagem<\/b><\/h3>\n<p>Arboletes \u00e9 uma cidade pequena, mas conta com uma grande oferta de hot\u00e9is. Infelizmente a maioria deles n\u00e3o est\u00e1 habilitado para receber estrangeiros (provavelmente devido ao fato de a cidade ser t\u00e3o pouco conhecida internacionalmente).<\/p>\n<p>O hotel mais barato que nos aceitou foi o Aristi, a 1 quadra da pra\u00e7a principal sentido \u00e0 praia. L\u00e1, um quarto de casal com ventilador sai por 50 mil.<\/p>\n<h3><b>Comida<\/b><\/h3>\n<p>Nos arredores da pra\u00e7a central h\u00e1 v\u00e1rios restaurantes. Os menus mais econ\u00f4micos custam a partir de 9 mil, e os mais sofisticados ficam na faixa dos 15 mil. Os pratos mais tradicionais s\u00e3o os peixes e as carnes de boi.<\/p>\n<figure id=\"attachment_5481\" aria-describedby=\"caption-attachment-5481\" style=\"width: 1000px\" class=\"wp-caption aligncenter\"><img data-recalc-dims=\"1\" loading=\"lazy\" decoding=\"async\" data-attachment-id=\"5481\" data-permalink=\"https:\/\/mundosemfim.com\/?attachment_id=5481\" data-orig-file=\"https:\/\/i0.wp.com\/mundosemfim.com\/wp-content\/uploads\/2017\/03\/P3060048.jpg?fit=1000%2C667&amp;ssl=1\" data-orig-size=\"1000,667\" data-comments-opened=\"1\" data-image-meta=\"{&quot;aperture&quot;:&quot;0&quot;,&quot;credit&quot;:&quot;&quot;,&quot;camera&quot;:&quot;&quot;,&quot;caption&quot;:&quot;&quot;,&quot;created_timestamp&quot;:&quot;0&quot;,&quot;copyright&quot;:&quot;&quot;,&quot;focal_length&quot;:&quot;0&quot;,&quot;iso&quot;:&quot;0&quot;,&quot;shutter_speed&quot;:&quot;0&quot;,&quot;title&quot;:&quot;&quot;,&quot;orientation&quot;:&quot;0&quot;}\" data-image-title=\"Arboletes\" data-image-description=\"&lt;p&gt;Mergulhando na lama do vulc\u00e3o de lodo de Arboletes&lt;\/p&gt;\n\" data-image-caption=\"&lt;p&gt;Mergulhando na lama do vulc\u00e3o de lodo&lt;\/p&gt;\n\" data-large-file=\"https:\/\/i0.wp.com\/mundosemfim.com\/wp-content\/uploads\/2017\/03\/P3060048.jpg?fit=764%2C510&amp;ssl=1\" class=\"size-full wp-image-5481\" src=\"https:\/\/i0.wp.com\/mundosemfim.com\/wp-content\/uploads\/2017\/03\/P3060048.jpg?resize=764%2C510&#038;ssl=1\" alt=\"Mergulhando na lama do vulc\u00e3o de lodo de Arboletes\" width=\"764\" height=\"510\" srcset=\"https:\/\/i0.wp.com\/mundosemfim.com\/wp-content\/uploads\/2017\/03\/P3060048.jpg?w=1000&amp;ssl=1 1000w, https:\/\/i0.wp.com\/mundosemfim.com\/wp-content\/uploads\/2017\/03\/P3060048.jpg?resize=300%2C200&amp;ssl=1 300w, https:\/\/i0.wp.com\/mundosemfim.com\/wp-content\/uploads\/2017\/03\/P3060048.jpg?resize=768%2C512&amp;ssl=1 768w\" sizes=\"auto, (max-width: 764px) 100vw, 764px\" \/><figcaption id=\"caption-attachment-5481\" class=\"wp-caption-text\">Mergulhando na lama do vulc\u00e3o de lodo<\/figcaption><\/figure>\n<h3><b>O vulc\u00e3o de lodo<\/b><\/h3>\n<p>Sem d\u00favidas a maior atra\u00e7\u00e3o da cidade \u00e9 o vulc\u00e3o de lodo, onde \u00e9 poss\u00edvel merulhar em sua imensa cratera. \u00c9 semelhante ao <a href=\"https:\/\/mundosemfim.com\/banho-de-lama-no-vulcao-el-totumo-um-passeio-diferente-em-cartagena\/\"><b>El Totumo<\/b><\/a>, de <a href=\"https:\/\/mundosemfim.com\/guia-completo-sobre-cartagena-o-que-fazer-onde-se-hospedar-como-economizar-etc\/\">Cartagena<\/a>, mas muito maior e com bem menos gente.<\/p>\n<p>A sensa\u00e7\u00e3o \u00e9 dif\u00edcil de descrever: voc\u00ea fica literalmente flutuando em toda a lama. Seus p\u00e9s n\u00e3o tocam o ch\u00e3o, mas mesmo assim \u00e9 imposs\u00edvel afundar o corpo todo. Al\u00e9m da brincadeira, a lama, por conter uma grande quantidade de minerais, supostamente possui propriedades medicinais.<\/p>\n<p>Para chegar at\u00e9 o vulc\u00e3o, \u00e9 poss\u00edvel pegar um moto-t\u00e1xi no centro ou ir caminhando por cerca de 2km pela estrada que vai para Monter\u00eda. Outra op\u00e7\u00e3o, mais perto mas um pouco mais complicada, \u00e9 ir pela praia. Alguns locais \u00e9 dif\u00edcil de caminhar, e em alguns pontos ter\u00e1 que atravessar propriedades particulares (mas est\u00e1 tudo bem, o pessoal j\u00e1 est\u00e1 acostumado).<\/p>\n<p>A entrada para o vulc\u00e3o custa 3 mil pesos, e inclui um banho de \u00e1gua limpa para tirar a lama. Pode ficar l\u00e1 o tempo que quiser.<\/p>\n<figure id=\"attachment_5482\" aria-describedby=\"caption-attachment-5482\" style=\"width: 1000px\" class=\"wp-caption aligncenter\"><img data-recalc-dims=\"1\" loading=\"lazy\" decoding=\"async\" data-attachment-id=\"5482\" data-permalink=\"https:\/\/mundosemfim.com\/?attachment_id=5482\" data-orig-file=\"https:\/\/i0.wp.com\/mundosemfim.com\/wp-content\/uploads\/2017\/03\/P3060045.jpg?fit=1000%2C667&amp;ssl=1\" data-orig-size=\"1000,667\" data-comments-opened=\"1\" data-image-meta=\"{&quot;aperture&quot;:&quot;0&quot;,&quot;credit&quot;:&quot;&quot;,&quot;camera&quot;:&quot;&quot;,&quot;caption&quot;:&quot;&quot;,&quot;created_timestamp&quot;:&quot;0&quot;,&quot;copyright&quot;:&quot;&quot;,&quot;focal_length&quot;:&quot;0&quot;,&quot;iso&quot;:&quot;0&quot;,&quot;shutter_speed&quot;:&quot;0&quot;,&quot;title&quot;:&quot;&quot;,&quot;orientation&quot;:&quot;0&quot;}\" data-image-title=\"Arboletes\" data-image-description=\"&lt;p&gt;Vulc\u00e3o de lodo em Arboletes&lt;\/p&gt;\n\" data-image-caption=\"&lt;p&gt;Imposs\u00edvel afundar na lama!&lt;\/p&gt;\n\" data-large-file=\"https:\/\/i0.wp.com\/mundosemfim.com\/wp-content\/uploads\/2017\/03\/P3060045.jpg?fit=764%2C510&amp;ssl=1\" class=\"size-full wp-image-5482\" src=\"https:\/\/i0.wp.com\/mundosemfim.com\/wp-content\/uploads\/2017\/03\/P3060045.jpg?resize=764%2C510&#038;ssl=1\" alt=\"Vulc\u00e3o de lodo em Arboletes\" width=\"764\" height=\"510\" srcset=\"https:\/\/i0.wp.com\/mundosemfim.com\/wp-content\/uploads\/2017\/03\/P3060045.jpg?w=1000&amp;ssl=1 1000w, https:\/\/i0.wp.com\/mundosemfim.com\/wp-content\/uploads\/2017\/03\/P3060045.jpg?resize=300%2C200&amp;ssl=1 300w, https:\/\/i0.wp.com\/mundosemfim.com\/wp-content\/uploads\/2017\/03\/P3060045.jpg?resize=768%2C512&amp;ssl=1 768w\" sizes=\"auto, (max-width: 764px) 100vw, 764px\" \/><figcaption id=\"caption-attachment-5482\" class=\"wp-caption-text\">Imposs\u00edvel afundar na lama!<\/figcaption><\/figure>\n<h3><b>A praia<\/b><\/h3>\n<p>Arboletes possui praia, mas n\u00e3o \u00e9 muito bonita. Pode ser interessante para passar o restante do dia, depois que conhecer o vulc\u00e3o.<\/p>\n<p>Tome cuidado com os troncos na areia (n\u00e3o sabemos de onde eles vieram, mas a quantidade \u00e9 enorme).<\/p>\n<figure id=\"attachment_5483\" aria-describedby=\"caption-attachment-5483\" style=\"width: 1000px\" class=\"wp-caption aligncenter\"><img data-recalc-dims=\"1\" loading=\"lazy\" decoding=\"async\" data-attachment-id=\"5483\" data-permalink=\"https:\/\/mundosemfim.com\/?attachment_id=5483\" data-orig-file=\"https:\/\/i0.wp.com\/mundosemfim.com\/wp-content\/uploads\/2017\/03\/DSC_0014.jpg?fit=1000%2C667&amp;ssl=1\" data-orig-size=\"1000,667\" data-comments-opened=\"1\" data-image-meta=\"{&quot;aperture&quot;:&quot;0&quot;,&quot;credit&quot;:&quot;&quot;,&quot;camera&quot;:&quot;&quot;,&quot;caption&quot;:&quot;&quot;,&quot;created_timestamp&quot;:&quot;0&quot;,&quot;copyright&quot;:&quot;&quot;,&quot;focal_length&quot;:&quot;0&quot;,&quot;iso&quot;:&quot;0&quot;,&quot;shutter_speed&quot;:&quot;0&quot;,&quot;title&quot;:&quot;&quot;,&quot;orientation&quot;:&quot;0&quot;}\" data-image-title=\"Arboletes\" data-image-description=\"&lt;p&gt;Mucuvinha na praia de Arboletes&lt;\/p&gt;\n\" data-image-caption=\"&lt;p&gt;Mucuvinha na praia de Arboletes&lt;\/p&gt;\n\" data-large-file=\"https:\/\/i0.wp.com\/mundosemfim.com\/wp-content\/uploads\/2017\/03\/DSC_0014.jpg?fit=764%2C510&amp;ssl=1\" class=\"size-full wp-image-5483\" src=\"https:\/\/i0.wp.com\/mundosemfim.com\/wp-content\/uploads\/2017\/03\/DSC_0014.jpg?resize=764%2C510&#038;ssl=1\" alt=\"Mucuvinha na praia de Arboletes\" width=\"764\" height=\"510\" srcset=\"https:\/\/i0.wp.com\/mundosemfim.com\/wp-content\/uploads\/2017\/03\/DSC_0014.jpg?w=1000&amp;ssl=1 1000w, https:\/\/i0.wp.com\/mundosemfim.com\/wp-content\/uploads\/2017\/03\/DSC_0014.jpg?resize=300%2C200&amp;ssl=1 300w, https:\/\/i0.wp.com\/mundosemfim.com\/wp-content\/uploads\/2017\/03\/DSC_0014.jpg?resize=768%2C512&amp;ssl=1 768w\" sizes=\"auto, (max-width: 764px) 100vw, 764px\" \/><figcaption id=\"caption-attachment-5483\" class=\"wp-caption-text\">Mucuvinha na praia de Arboletes<\/figcaption><\/figure>\n<p>\u00c9 isso pessoal! Esperamos que tenham curtido a dica.<\/p>\n<p>Para acompanhar nossa viagem de volta ao mundo, curtam nossa p\u00e1gina no face:<br \/>\n<a href=\"http:\/\/www.facebook.com\/mundosemfimoficial\">www.facebook.com\/mundosemfimoficial<\/a><\/p>\n","protected":false},"excerpt":{"rendered":"<p>A pequena cidade de Arboletes, fora do roteiro tur\u00edstico tradicional e pouco conhecida por viajantes, oferece uma experi\u00eancia \u00fanica: mergulhar na cratera de um vulc\u00e3o cheio de lodo! Venha conhecer como foi nossa experi\u00eancia por l\u00e1.<\/p>\n","protected":false},"author":1,"featured_media":5478,"comment_status":"open","ping_status":"open","sticky":false,"template":"","format":"standard","meta":{"jetpack_post_was_ever_published":false,"_jetpack_newsletter_access":"","_jetpack_dont_email_post_to_subs":false,"_jetpack_newsletter_tier_id":0,"_jetpack_memberships_contains_paywalled_content":false,"_jetpack_memberships_contains_paid_content":false,"footnotes":"","jetpack_publicize_message":"","jetpack_publicize_feature_enabled":true,"jetpack_social_post_already_shared":true,"jetpack_social_options":{"image_generator_settings":{"template":"highway","default_image_id":0,"font":"","enabled":false},"version":2}},"categories":[6,7,380,16,313,21,43,361],"tags":[],"class_list":["post-5477","post","type-post","status-publish","format-standard","has-post-thumbnail","hentry","category-america-do-sul","category-america-latina","category-arboletes","category-cidade","category-colombia","category-dicas","category-natureza","category-vulcao-natureza"],"yoast_head":"<!-- This site is optimized with the Yoast SEO plugin v27.5 - https:\/\/yoast.com\/product\/yoast-seo-wordpress\/ -->\n<title>Conhe\u00e7a Arboletes e mergulhe num vulc\u00e3o de lama! - Col\u00f4mbia - Mundo Sem Fim<\/title>\n<meta name=\"robots\" content=\"index, follow, max-snippet:-1, max-image-preview:large, max-video-preview:-1\" \/>\n<link rel=\"canonical\" href=\"https:\/\/mundosemfim.com\/?p=5477\" \/>\n<meta property=\"og:locale\" content=\"pt_BR\" \/>\n<meta property=\"og:type\" content=\"article\" \/>\n<meta property=\"og:title\" content=\"Conhe\u00e7a Arboletes e mergulhe num vulc\u00e3o de lama! - Col\u00f4mbia - Mundo Sem Fim\" \/>\n<meta property=\"og:description\" content=\"A pequena cidade de Arboletes, fora do roteiro tur\u00edstico tradicional e pouco conhecida por viajantes, oferece uma experi\u00eancia \u00fanica: mergulhar na cratera de um vulc\u00e3o cheio de lodo! Venha conhecer como foi nossa experi\u00eancia por l\u00e1.\" \/>\n<meta property=\"og:url\" content=\"https:\/\/mundosemfim.com\/?p=5477\" \/>\n<meta property=\"og:site_name\" content=\"Mundo Sem Fim\" \/>\n<meta property=\"article:publisher\" content=\"http:\/\/www.facebook.com\/mundosemfimoficial\" \/>\n<meta property=\"article:published_time\" content=\"2017-03-07T03:31:51+00:00\" \/>\n<meta property=\"og:image\" content=\"https:\/\/i0.wp.com\/mundosemfim.com\/wp-content\/uploads\/2017\/03\/DSC_0022.jpg?fit=1000%2C667&ssl=1\" \/>\n\t<meta property=\"og:image:width\" content=\"1000\" \/>\n\t<meta property=\"og:image:height\" content=\"667\" \/>\n\t<meta property=\"og:image:type\" content=\"image\/jpeg\" \/>\n<meta name=\"author\" content=\"Renan\" \/>\n<meta name=\"twitter:card\" content=\"summary_large_image\" \/>\n<meta name=\"twitter:label1\" content=\"Escrito por\" \/>\n\t<meta name=\"twitter:data1\" content=\"Renan\" \/>\n\t<meta name=\"twitter:label2\" content=\"Est. tempo de leitura\" \/>\n\t<meta name=\"twitter:data2\" content=\"3 minutos\" \/>\n<script type=\"application\/ld+json\" class=\"yoast-schema-graph\">{\"@context\":\"https:\\\/\\\/schema.org\",\"@graph\":[{\"@type\":\"Article\",\"@id\":\"https:\\\/\\\/mundosemfim.com\\\/?p=5477#article\",\"isPartOf\":{\"@id\":\"https:\\\/\\\/mundosemfim.com\\\/?p=5477\"},\"author\":{\"name\":\"Renan\",\"@id\":\"https:\\\/\\\/mundosemfim.com\\\/#\\\/schema\\\/person\\\/b021d50f3a19bae432e9b69ffbfa9257\"},\"headline\":\"Conhe\u00e7a Arboletes e mergulhe num vulc\u00e3o de lama! &#8211; Col\u00f4mbia\",\"datePublished\":\"2017-03-07T03:31:51+00:00\",\"mainEntityOfPage\":{\"@id\":\"https:\\\/\\\/mundosemfim.com\\\/?p=5477\"},\"wordCount\":703,\"commentCount\":2,\"image\":{\"@id\":\"https:\\\/\\\/mundosemfim.com\\\/?p=5477#primaryimage\"},\"thumbnailUrl\":\"https:\\\/\\\/i0.wp.com\\\/mundosemfim.com\\\/wp-content\\\/uploads\\\/2017\\\/03\\\/DSC_0022.jpg?fit=1000%2C667&ssl=1\",\"articleSection\":[\"Am\u00e9rica do Sul\",\"am\u00e9rica latina\",\"Arboletes\",\"cidade\",\"Col\u00f4mbia\",\"dicas\",\"natureza\",\"vulc\u00e3o\"],\"inLanguage\":\"pt-BR\",\"potentialAction\":[{\"@type\":\"CommentAction\",\"name\":\"Comment\",\"target\":[\"https:\\\/\\\/mundosemfim.com\\\/?p=5477#respond\"]}]},{\"@type\":\"WebPage\",\"@id\":\"https:\\\/\\\/mundosemfim.com\\\/?p=5477\",\"url\":\"https:\\\/\\\/mundosemfim.com\\\/?p=5477\",\"name\":\"Conhe\u00e7a Arboletes e mergulhe num vulc\u00e3o de lama! - Col\u00f4mbia - Mundo Sem Fim\",\"isPartOf\":{\"@id\":\"https:\\\/\\\/mundosemfim.com\\\/#website\"},\"primaryImageOfPage\":{\"@id\":\"https:\\\/\\\/mundosemfim.com\\\/?p=5477#primaryimage\"},\"image\":{\"@id\":\"https:\\\/\\\/mundosemfim.com\\\/?p=5477#primaryimage\"},\"thumbnailUrl\":\"https:\\\/\\\/i0.wp.com\\\/mundosemfim.com\\\/wp-content\\\/uploads\\\/2017\\\/03\\\/DSC_0022.jpg?fit=1000%2C667&ssl=1\",\"datePublished\":\"2017-03-07T03:31:51+00:00\",\"author\":{\"@id\":\"https:\\\/\\\/mundosemfim.com\\\/#\\\/schema\\\/person\\\/b021d50f3a19bae432e9b69ffbfa9257\"},\"breadcrumb\":{\"@id\":\"https:\\\/\\\/mundosemfim.com\\\/?p=5477#breadcrumb\"},\"inLanguage\":\"pt-BR\",\"potentialAction\":[{\"@type\":\"ReadAction\",\"target\":[\"https:\\\/\\\/mundosemfim.com\\\/?p=5477\"]}]},{\"@type\":\"ImageObject\",\"inLanguage\":\"pt-BR\",\"@id\":\"https:\\\/\\\/mundosemfim.com\\\/?p=5477#primaryimage\",\"url\":\"https:\\\/\\\/i0.wp.com\\\/mundosemfim.com\\\/wp-content\\\/uploads\\\/2017\\\/03\\\/DSC_0022.jpg?fit=1000%2C667&ssl=1\",\"contentUrl\":\"https:\\\/\\\/i0.wp.com\\\/mundosemfim.com\\\/wp-content\\\/uploads\\\/2017\\\/03\\\/DSC_0022.jpg?fit=1000%2C667&ssl=1\",\"width\":1000,\"height\":667,\"caption\":\"Crian\u00e7as observando o vulc\u00e3o de lodo de Arboletes\"},{\"@type\":\"BreadcrumbList\",\"@id\":\"https:\\\/\\\/mundosemfim.com\\\/?p=5477#breadcrumb\",\"itemListElement\":[{\"@type\":\"ListItem\",\"position\":1,\"name\":\"In\u00edcio\",\"item\":\"https:\\\/\\\/mundosemfim.com\\\/\"},{\"@type\":\"ListItem\",\"position\":2,\"name\":\"Conhe\u00e7a Arboletes e mergulhe num vulc\u00e3o de lama! &#8211; Col\u00f4mbia\"}]},{\"@type\":\"WebSite\",\"@id\":\"https:\\\/\\\/mundosemfim.com\\\/#website\",\"url\":\"https:\\\/\\\/mundosemfim.com\\\/\",\"name\":\"Mundo Sem Fim\",\"description\":\"uma viagem de volta ao mundo pelos 5 continentes!\",\"potentialAction\":[{\"@type\":\"SearchAction\",\"target\":{\"@type\":\"EntryPoint\",\"urlTemplate\":\"https:\\\/\\\/mundosemfim.com\\\/?s={search_term_string}\"},\"query-input\":{\"@type\":\"PropertyValueSpecification\",\"valueRequired\":true,\"valueName\":\"search_term_string\"}}],\"inLanguage\":\"pt-BR\"},{\"@type\":\"Person\",\"@id\":\"https:\\\/\\\/mundosemfim.com\\\/#\\\/schema\\\/person\\\/b021d50f3a19bae432e9b69ffbfa9257\",\"name\":\"Renan\",\"image\":{\"@type\":\"ImageObject\",\"inLanguage\":\"pt-BR\",\"@id\":\"https:\\\/\\\/secure.gravatar.com\\\/avatar\\\/faafca769a603ac75196d21826f3bda645d7e2d6306bb6e236d8cdb38eb44e38?s=96&d=mm&r=g\",\"url\":\"https:\\\/\\\/secure.gravatar.com\\\/avatar\\\/faafca769a603ac75196d21826f3bda645d7e2d6306bb6e236d8cdb38eb44e38?s=96&d=mm&r=g\",\"contentUrl\":\"https:\\\/\\\/secure.gravatar.com\\\/avatar\\\/faafca769a603ac75196d21826f3bda645d7e2d6306bb6e236d8cdb38eb44e38?s=96&d=mm&r=g\",\"caption\":\"Renan\"}}]}<\/script>\n<!-- \/ Yoast SEO plugin. -->","yoast_head_json":{"title":"Conhe\u00e7a Arboletes e mergulhe num vulc\u00e3o de lama! - Col\u00f4mbia - Mundo Sem Fim","robots":{"index":"index","follow":"follow","max-snippet":"max-snippet:-1","max-image-preview":"max-image-preview:large","max-video-preview":"max-video-preview:-1"},"canonical":"https:\/\/mundosemfim.com\/?p=5477","og_locale":"pt_BR","og_type":"article","og_title":"Conhe\u00e7a Arboletes e mergulhe num vulc\u00e3o de lama! - Col\u00f4mbia - Mundo Sem Fim","og_description":"A pequena cidade de Arboletes, fora do roteiro tur\u00edstico tradicional e pouco conhecida por viajantes, oferece uma experi\u00eancia \u00fanica: mergulhar na cratera de um vulc\u00e3o cheio de lodo! Venha conhecer como foi nossa experi\u00eancia por l\u00e1.","og_url":"https:\/\/mundosemfim.com\/?p=5477","og_site_name":"Mundo Sem Fim","article_publisher":"http:\/\/www.facebook.com\/mundosemfimoficial","article_published_time":"2017-03-07T03:31:51+00:00","og_image":[{"width":1000,"height":667,"url":"https:\/\/i0.wp.com\/mundosemfim.com\/wp-content\/uploads\/2017\/03\/DSC_0022.jpg?fit=1000%2C667&ssl=1","type":"image\/jpeg"}],"author":"Renan","twitter_card":"summary_large_image","twitter_misc":{"Escrito por":"Renan","Est. tempo de leitura":"3 minutos"},"schema":{"@context":"https:\/\/schema.org","@graph":[{"@type":"Article","@id":"https:\/\/mundosemfim.com\/?p=5477#article","isPartOf":{"@id":"https:\/\/mundosemfim.com\/?p=5477"},"author":{"name":"Renan","@id":"https:\/\/mundosemfim.com\/#\/schema\/person\/b021d50f3a19bae432e9b69ffbfa9257"},"headline":"Conhe\u00e7a Arboletes e mergulhe num vulc\u00e3o de lama! &#8211; Col\u00f4mbia","datePublished":"2017-03-07T03:31:51+00:00","mainEntityOfPage":{"@id":"https:\/\/mundosemfim.com\/?p=5477"},"wordCount":703,"commentCount":2,"image":{"@id":"https:\/\/mundosemfim.com\/?p=5477#primaryimage"},"thumbnailUrl":"https:\/\/i0.wp.com\/mundosemfim.com\/wp-content\/uploads\/2017\/03\/DSC_0022.jpg?fit=1000%2C667&ssl=1","articleSection":["Am\u00e9rica do Sul","am\u00e9rica latina","Arboletes","cidade","Col\u00f4mbia","dicas","natureza","vulc\u00e3o"],"inLanguage":"pt-BR","potentialAction":[{"@type":"CommentAction","name":"Comment","target":["https:\/\/mundosemfim.com\/?p=5477#respond"]}]},{"@type":"WebPage","@id":"https:\/\/mundosemfim.com\/?p=5477","url":"https:\/\/mundosemfim.com\/?p=5477","name":"Conhe\u00e7a Arboletes e mergulhe num vulc\u00e3o de lama! - Col\u00f4mbia - Mundo Sem Fim","isPartOf":{"@id":"https:\/\/mundosemfim.com\/#website"},"primaryImageOfPage":{"@id":"https:\/\/mundosemfim.com\/?p=5477#primaryimage"},"image":{"@id":"https:\/\/mundosemfim.com\/?p=5477#primaryimage"},"thumbnailUrl":"https:\/\/i0.wp.com\/mundosemfim.com\/wp-content\/uploads\/2017\/03\/DSC_0022.jpg?fit=1000%2C667&ssl=1","datePublished":"2017-03-07T03:31:51+00:00","author":{"@id":"https:\/\/mundosemfim.com\/#\/schema\/person\/b021d50f3a19bae432e9b69ffbfa9257"},"breadcrumb":{"@id":"https:\/\/mundosemfim.com\/?p=5477#breadcrumb"},"inLanguage":"pt-BR","potentialAction":[{"@type":"ReadAction","target":["https:\/\/mundosemfim.com\/?p=5477"]}]},{"@type":"ImageObject","inLanguage":"pt-BR","@id":"https:\/\/mundosemfim.com\/?p=5477#primaryimage","url":"https:\/\/i0.wp.com\/mundosemfim.com\/wp-content\/uploads\/2017\/03\/DSC_0022.jpg?fit=1000%2C667&ssl=1","contentUrl":"https:\/\/i0.wp.com\/mundosemfim.com\/wp-content\/uploads\/2017\/03\/DSC_0022.jpg?fit=1000%2C667&ssl=1","width":1000,"height":667,"caption":"Crian\u00e7as observando o vulc\u00e3o de lodo de Arboletes"},{"@type":"BreadcrumbList","@id":"https:\/\/mundosemfim.com\/?p=5477#breadcrumb","itemListElement":[{"@type":"ListItem","position":1,"name":"In\u00edcio","item":"https:\/\/mundosemfim.com\/"},{"@type":"ListItem","position":2,"name":"Conhe\u00e7a Arboletes e mergulhe num vulc\u00e3o de lama! &#8211; Col\u00f4mbia"}]},{"@type":"WebSite","@id":"https:\/\/mundosemfim.com\/#website","url":"https:\/\/mundosemfim.com\/","name":"Mundo Sem Fim","description":"uma viagem de volta ao mundo pelos 5 continentes!","potentialAction":[{"@type":"SearchAction","target":{"@type":"EntryPoint","urlTemplate":"https:\/\/mundosemfim.com\/?s={search_term_string}"},"query-input":{"@type":"PropertyValueSpecification","valueRequired":true,"valueName":"search_term_string"}}],"inLanguage":"pt-BR"},{"@type":"Person","@id":"https:\/\/mundosemfim.com\/#\/schema\/person\/b021d50f3a19bae432e9b69ffbfa9257","name":"Renan","image":{"@type":"ImageObject","inLanguage":"pt-BR","@id":"https:\/\/secure.gravatar.com\/avatar\/faafca769a603ac75196d21826f3bda645d7e2d6306bb6e236d8cdb38eb44e38?s=96&d=mm&r=g","url":"https:\/\/secure.gravatar.com\/avatar\/faafca769a603ac75196d21826f3bda645d7e2d6306bb6e236d8cdb38eb44e38?s=96&d=mm&r=g","contentUrl":"https:\/\/secure.gravatar.com\/avatar\/faafca769a603ac75196d21826f3bda645d7e2d6306bb6e236d8cdb38eb44e38?s=96&d=mm&r=g","caption":"Renan"}}]}},"jetpack_publicize_connections":[],"jetpack_featured_media_url":"https:\/\/i0.wp.com\/mundosemfim.com\/wp-content\/uploads\/2017\/03\/DSC_0022.jpg?fit=1000%2C667&ssl=1","jetpack_sharing_enabled":true,"jetpack_shortlink":"https:\/\/wp.me\/p7CQyF-1ql","jetpack-related-posts":[{"id":5486,"url":"https:\/\/mundosemfim.com\/?p=5486","url_meta":{"origin":5477,"position":0},"title":"Como chegar a Capurgan\u00e1 \u2013 um para\u00edso secreto no caribe colombiano","author":"Renan","date":"mar\u00e7o 20, 2017","format":false,"excerpt":"Capurgan\u00e1 \u2013 uma praia paradis\u00edaca no caribe colombiano e porta de sa\u00edda para quem quer cruzar ao Panam\u00e1 sem pegar avi\u00e3o ou veleiros. Sem acesso por estradas, chegar at\u00e9 aqui \u00e9 uma aventura! C\u00e2mbio oficial (mar\u00e7o\/2017) 1 real = 945 pesos colombianos 1 d\u00f3lar = 2900 pesos colombianos Localizado na\u2026","rel":"","context":"Em &quot;am\u00e9rica latina&quot;","block_context":{"text":"am\u00e9rica latina","link":"https:\/\/mundosemfim.com\/?cat=7"},"img":{"alt_text":"","src":"https:\/\/i0.wp.com\/mundosemfim.com\/wp-content\/uploads\/2017\/03\/P3080044.jpg?fit=1000%2C667&ssl=1&resize=350%2C200","width":350,"height":200,"srcset":"https:\/\/i0.wp.com\/mundosemfim.com\/wp-content\/uploads\/2017\/03\/P3080044.jpg?fit=1000%2C667&ssl=1&resize=350%2C200 1x, https:\/\/i0.wp.com\/mundosemfim.com\/wp-content\/uploads\/2017\/03\/P3080044.jpg?fit=1000%2C667&ssl=1&resize=525%2C300 1.5x, https:\/\/i0.wp.com\/mundosemfim.com\/wp-content\/uploads\/2017\/03\/P3080044.jpg?fit=1000%2C667&ssl=1&resize=700%2C400 2x"},"classes":[]},{"id":6911,"url":"https:\/\/mundosemfim.com\/?p=6911","url_meta":{"origin":5477,"position":1},"title":"Conhecendo Cuexcomate, o menor vulc\u00e3o do mundo (Puebla, M\u00e9xico)","author":"Renan","date":"outubro 25, 2017","format":false,"excerpt":"Com uma altura de apenas 13 metros, o Cuexcomate \u00e9 um vulc\u00e3o que quase passa despercebido em uma pracinha da cidade de Puebla. Aqui contamos como \u00e9 visit\u00e1-lo! C\u00e2mbio oficial (outubro\/2017) 1 real = 5,90 pesos mexicanos 1 d\u00f3lar = 19,20 pesos mexicanos Quem passa distra\u00eddo ao lado deste vulc\u00e3o\u2026","rel":"","context":"Em &quot;Am\u00e9rica do Norte&quot;","block_context":{"text":"Am\u00e9rica do Norte","link":"https:\/\/mundosemfim.com\/?cat=431"},"img":{"alt_text":"Cuexcomate, o menor vulc\u00e3o do mundo","src":"https:\/\/i0.wp.com\/mundosemfim.com\/wp-content\/uploads\/2017\/10\/DSC_0002-1.jpg?fit=900%2C600&ssl=1&resize=350%2C200","width":350,"height":200,"srcset":"https:\/\/i0.wp.com\/mundosemfim.com\/wp-content\/uploads\/2017\/10\/DSC_0002-1.jpg?fit=900%2C600&ssl=1&resize=350%2C200 1x, https:\/\/i0.wp.com\/mundosemfim.com\/wp-content\/uploads\/2017\/10\/DSC_0002-1.jpg?fit=900%2C600&ssl=1&resize=525%2C300 1.5x, https:\/\/i0.wp.com\/mundosemfim.com\/wp-content\/uploads\/2017\/10\/DSC_0002-1.jpg?fit=900%2C600&ssl=1&resize=700%2C400 2x"},"classes":[]},{"id":4924,"url":"https:\/\/mundosemfim.com\/?p=4924","url_meta":{"origin":5477,"position":2},"title":"Banho de lama no vulc\u00e3o El Totumo \u2013 um passeio diferente em Cartagena!","author":"Renan","date":"janeiro 27, 2017","format":false,"excerpt":"Sabemos que todos v\u00e3o ao caribe em busca de praias, mas que tal fugir um pouco da rotina e dedicar um dia a um banho de lama na cratera de um vulc\u00e3o? Se estiver em Cartagena, n\u00e3o deixe de fazer este passeio! Refer\u00eancia (janeiro\/2017) 1 d\u00f3lar = 3,20 reais 1\u2026","rel":"","context":"Em &quot;Am\u00e9rica do Sul&quot;","block_context":{"text":"Am\u00e9rica do Sul","link":"https:\/\/mundosemfim.com\/?cat=6"},"img":{"alt_text":"","src":"https:\/\/i0.wp.com\/mundosemfim.com\/wp-content\/uploads\/2017\/01\/P1240022.jpg?fit=1000%2C667&ssl=1&resize=350%2C200","width":350,"height":200,"srcset":"https:\/\/i0.wp.com\/mundosemfim.com\/wp-content\/uploads\/2017\/01\/P1240022.jpg?fit=1000%2C667&ssl=1&resize=350%2C200 1x, https:\/\/i0.wp.com\/mundosemfim.com\/wp-content\/uploads\/2017\/01\/P1240022.jpg?fit=1000%2C667&ssl=1&resize=525%2C300 1.5x, https:\/\/i0.wp.com\/mundosemfim.com\/wp-content\/uploads\/2017\/01\/P1240022.jpg?fit=1000%2C667&ssl=1&resize=700%2C400 2x"},"classes":[]},{"id":1028,"url":"https:\/\/mundosemfim.com\/?p=1028","url_meta":{"origin":5477,"position":3},"title":"Chait\u00e9n &#8211; Conhe\u00e7a a cidade quase fantasma no sul do Chile","author":"Renan","date":"mar\u00e7o 14, 2016","format":false,"excerpt":"Localizada ao longo da Carretera Austral chilena, a pequena cidade de Chait\u00e9n foi duramente castigada pela erup\u00e7\u00e3o de seu vulc\u00e3o de mesmo nome em 2008. Hoje, a cidade aos poucos volta a vida, mas o cen\u00e1rio de solid\u00e3o \u00e9 impressionante. \u00a0Em maio de 2008, o vulc\u00e3o Chait\u00e9n provocou a evacua\u00e7\u00e3o\u2026","rel":"","context":"Em &quot;Am\u00e9rica do Sul&quot;","block_context":{"text":"Am\u00e9rica do Sul","link":"https:\/\/mundosemfim.com\/?cat=6"},"img":{"alt_text":"","src":"https:\/\/i0.wp.com\/mundosemfim.com\/wp-content\/uploads\/2016\/03\/p3060047.jpg?fit=1200%2C900&ssl=1&resize=350%2C200","width":350,"height":200,"srcset":"https:\/\/i0.wp.com\/mundosemfim.com\/wp-content\/uploads\/2016\/03\/p3060047.jpg?fit=1200%2C900&ssl=1&resize=350%2C200 1x, https:\/\/i0.wp.com\/mundosemfim.com\/wp-content\/uploads\/2016\/03\/p3060047.jpg?fit=1200%2C900&ssl=1&resize=525%2C300 1.5x, https:\/\/i0.wp.com\/mundosemfim.com\/wp-content\/uploads\/2016\/03\/p3060047.jpg?fit=1200%2C900&ssl=1&resize=700%2C400 2x, https:\/\/i0.wp.com\/mundosemfim.com\/wp-content\/uploads\/2016\/03\/p3060047.jpg?fit=1200%2C900&ssl=1&resize=1050%2C600 3x"},"classes":[]},{"id":3652,"url":"https:\/\/mundosemfim.com\/?p=3652","url_meta":{"origin":5477,"position":4},"title":"10 lugares imperd\u00edveis no Chile","author":"Renan","date":"junho 24, 2016","format":false,"excerpt":"Depois de fazer a lista dos 10 lugares mais legais que conhecemos na Argentina, chegou a hora do Top 10 Chile! Foram quase 3 meses percorrendo o Chile de ponta a ponta, vendo paisagens que variavam de picos nevados e lagoas cor esmeralda at\u00e9 desertos que n\u00e3o veem uma gota\u2026","rel":"","context":"Em &quot;Am\u00e9rica do Sul&quot;","block_context":{"text":"Am\u00e9rica do Sul","link":"https:\/\/mundosemfim.com\/?cat=6"},"img":{"alt_text":"","src":"https:\/\/i0.wp.com\/mundosemfim.com\/wp-content\/uploads\/2016\/06\/PC190276.jpg?fit=1088%2C816&ssl=1&resize=350%2C200","width":350,"height":200,"srcset":"https:\/\/i0.wp.com\/mundosemfim.com\/wp-content\/uploads\/2016\/06\/PC190276.jpg?fit=1088%2C816&ssl=1&resize=350%2C200 1x, https:\/\/i0.wp.com\/mundosemfim.com\/wp-content\/uploads\/2016\/06\/PC190276.jpg?fit=1088%2C816&ssl=1&resize=525%2C300 1.5x, https:\/\/i0.wp.com\/mundosemfim.com\/wp-content\/uploads\/2016\/06\/PC190276.jpg?fit=1088%2C816&ssl=1&resize=700%2C400 2x, https:\/\/i0.wp.com\/mundosemfim.com\/wp-content\/uploads\/2016\/06\/PC190276.jpg?fit=1088%2C816&ssl=1&resize=1050%2C600 3x"},"classes":[]},{"id":4150,"url":"https:\/\/mundosemfim.com\/?p=4150","url_meta":{"origin":5477,"position":5},"title":"Tour pelo Cotopaxi \u2013 um dos vulc\u00f5es mais altos do mundo","author":"Renan","date":"setembro 13, 2016","format":false,"excerpt":"Se voc\u00ea pretende visitar o Equador, este \u00e9 um dos passeios imperd\u00edveis por l\u00e1. Localizado a poucos quil\u00f4metros de Quito, o Cotopaxi \u00e9 um vulc\u00e3o ativo, de forma perfeita e de uma beleza inigual\u00e1vel. Veja aqui como foi nosso passeio por ele! Depois de assustar os moradores da regi\u00e3o com\u2026","rel":"","context":"Em &quot;Am\u00e9rica do Sul&quot;","block_context":{"text":"Am\u00e9rica do Sul","link":"https:\/\/mundosemfim.com\/?cat=6"},"img":{"alt_text":"","src":"https:\/\/i0.wp.com\/mundosemfim.com\/wp-content\/uploads\/2016\/09\/DSC_0100.jpg?fit=900%2C600&ssl=1&resize=350%2C200","width":350,"height":200,"srcset":"https:\/\/i0.wp.com\/mundosemfim.com\/wp-content\/uploads\/2016\/09\/DSC_0100.jpg?fit=900%2C600&ssl=1&resize=350%2C200 1x, https:\/\/i0.wp.com\/mundosemfim.com\/wp-content\/uploads\/2016\/09\/DSC_0100.jpg?fit=900%2C600&ssl=1&resize=525%2C300 1.5x, https:\/\/i0.wp.com\/mundosemfim.com\/wp-content\/uploads\/2016\/09\/DSC_0100.jpg?fit=900%2C600&ssl=1&resize=700%2C400 2x"},"classes":[]}],"_links":{"self":[{"href":"https:\/\/mundosemfim.com\/index.php?rest_route=\/wp\/v2\/posts\/5477","targetHints":{"allow":["GET"]}}],"collection":[{"href":"https:\/\/mundosemfim.com\/index.php?rest_route=\/wp\/v2\/posts"}],"about":[{"href":"https:\/\/mundosemfim.com\/index.php?rest_route=\/wp\/v2\/types\/post"}],"author":[{"embeddable":true,"href":"https:\/\/mundosemfim.com\/index.php?rest_route=\/wp\/v2\/users\/1"}],"replies":[{"embeddable":true,"href":"https:\/\/mundosemfim.com\/index.php?rest_route=%2Fwp%2Fv2%2Fcomments&post=5477"}],"version-history":[{"count":1,"href":"https:\/\/mundosemfim.com\/index.php?rest_route=\/wp\/v2\/posts\/5477\/revisions"}],"predecessor-version":[{"id":5484,"href":"https:\/\/mundosemfim.com\/index.php?rest_route=\/wp\/v2\/posts\/5477\/revisions\/5484"}],"wp:featuredmedia":[{"embeddable":true,"href":"https:\/\/mundosemfim.com\/index.php?rest_route=\/wp\/v2\/media\/5478"}],"wp:attachment":[{"href":"https:\/\/mundosemfim.com\/index.php?rest_route=%2Fwp%2Fv2%2Fmedia&parent=5477"}],"wp:term":[{"taxonomy":"category","embeddable":true,"href":"https:\/\/mundosemfim.com\/index.php?rest_route=%2Fwp%2Fv2%2Fcategories&post=5477"},{"taxonomy":"post_tag","embeddable":true,"href":"https:\/\/mundosemfim.com\/index.php?rest_route=%2Fwp%2Fv2%2Ftags&post=5477"}],"curies":[{"name":"wp","href":"https:\/\/api.w.org\/{rel}","templated":true}]}}