{"id":5473,"date":"2017-03-03T19:07:45","date_gmt":"2017-03-03T22:07:45","guid":{"rendered":"https:\/\/mundosemfim.com\/?p=5473"},"modified":"2017-03-21T16:05:30","modified_gmt":"2017-03-21T19:05:30","slug":"16-destinos-espetaculares-e-pouco-conhecidos-na-america-do-sul","status":"publish","type":"post","link":"https:\/\/mundosemfim.com\/?p=5473","title":{"rendered":"16 destinos espetaculares e pouco conhecidos na Am\u00e9rica do Sul"},"content":{"rendered":"<p>J\u00e1 que vamos deixando nosso continente para tr\u00e1s, compartilhamos aqui alguns lugares que nem imagin\u00e1vamos que existiam, e que nos deixaram de queixo ca\u00eddo. Nas suas pr\u00f3ximas f\u00e9rias, n\u00e3o deixe de inclu\u00ed-los em seu roteiro!<\/p>\n<p><!--more--><\/p>\n<h2>1. <a href=\"https:\/\/mundosemfim.com\/el-chalten-e-o-fitz-roy-o-paraiso-de-quem-gosta-de-trilhas\/\">Fitz Roy<\/a> (<a href=\"https:\/\/mundosemfim.com\/nosso-mochilao-na-argentina-dicas-fotos-resumo-dos-gastos-etc\/\">Argentina<\/a>)<\/h2>\n<p>Ok, o cerro Fitz Roy, perto da cidade de El Chalt\u00e9n (Argentina) n\u00e3o \u00e9 exatamente um destino inusitado. Milhares de turistas de diversas partes do mundo visitam este lugar encantador o ano todo.<\/p>\n<p>O que nos fez coloc\u00e1-lo na lista foi o fato de este lugar espetacular n\u00e3o ser t\u00e3o divulgado quanto seus vizinhos <a href=\"https:\/\/mundosemfim.com\/torres-del-paine-nossa-passagem-por-um-dos-parques-mais-famosos-da-america-do-sul\/\">Torres del Paine<\/a> e <a href=\"https:\/\/mundosemfim.com\/glacial-perito-moreno\/\">Perito Moreno<\/a>. N\u00f3s mesmos n\u00e3o t\u00ednhamos planos de ir at\u00e9 l\u00e1. Na \u00e9poca, ainda segu\u00edamos fielmente o Lonely Planet. E, se o Lonely Planet n\u00e3o recomenda, por qu\u00ea perder tempo?<\/p>\n<figure id=\"attachment_5027\" aria-describedby=\"caption-attachment-5027\" style=\"width: 1000px\" class=\"wp-caption aligncenter\"><img data-recalc-dims=\"1\" loading=\"lazy\" decoding=\"async\" data-attachment-id=\"5027\" data-permalink=\"https:\/\/mundosemfim.com\/?attachment_id=5027\" data-orig-file=\"https:\/\/i0.wp.com\/mundosemfim.com\/wp-content\/uploads\/2017\/02\/DSC_0654.jpg?fit=1000%2C667&amp;ssl=1\" data-orig-size=\"1000,667\" data-comments-opened=\"1\" data-image-meta=\"{&quot;aperture&quot;:&quot;0&quot;,&quot;credit&quot;:&quot;&quot;,&quot;camera&quot;:&quot;&quot;,&quot;caption&quot;:&quot;&quot;,&quot;created_timestamp&quot;:&quot;0&quot;,&quot;copyright&quot;:&quot;&quot;,&quot;focal_length&quot;:&quot;0&quot;,&quot;iso&quot;:&quot;0&quot;,&quot;shutter_speed&quot;:&quot;0&quot;,&quot;title&quot;:&quot;&quot;,&quot;orientation&quot;:&quot;0&quot;}\" data-image-title=\"Fitz Roy\" data-image-description=\"\" data-image-caption=\"&lt;p&gt;Apreciando a beleza do Fitz Roy&lt;\/p&gt;\n\" data-large-file=\"https:\/\/i0.wp.com\/mundosemfim.com\/wp-content\/uploads\/2017\/02\/DSC_0654.jpg?fit=764%2C510&amp;ssl=1\" class=\"size-full wp-image-5027\" src=\"https:\/\/i0.wp.com\/mundosemfim.com\/wp-content\/uploads\/2017\/02\/DSC_0654.jpg?resize=764%2C510&#038;ssl=1\" alt=\"Apreciando a beleza do Fitz Roy\" width=\"764\" height=\"510\" srcset=\"https:\/\/i0.wp.com\/mundosemfim.com\/wp-content\/uploads\/2017\/02\/DSC_0654.jpg?w=1000&amp;ssl=1 1000w, https:\/\/i0.wp.com\/mundosemfim.com\/wp-content\/uploads\/2017\/02\/DSC_0654.jpg?resize=300%2C200&amp;ssl=1 300w, https:\/\/i0.wp.com\/mundosemfim.com\/wp-content\/uploads\/2017\/02\/DSC_0654.jpg?resize=768%2C512&amp;ssl=1 768w\" sizes=\"auto, (max-width: 764px) 100vw, 764px\" \/><figcaption id=\"caption-attachment-5027\" class=\"wp-caption-text\">Apreciando a beleza do Fitz Roy<\/figcaption><\/figure>\n<p>Por sorte, pegamos carona com uns canadenses que nos convenceram a ir at\u00e9 El Chalt\u00e9n. E que sorte a nossa! At\u00e9 hoje, este lugar tem as paisagens de montanhas mais espetaculares que j\u00e1 vimos. As belas vistas e a paz que sentimos nessas trilhas fez a experi\u00eancia ser ainda melhor que a do famoso parque <a href=\"https:\/\/mundosemfim.com\/torres-del-paine-nossa-passagem-por-um-dos-parques-mais-famosos-da-america-do-sul\/\">Torres del Paine<\/a>. E o melhor: \u00e9 tudo gr\u00e1tis! Tanto a entrada para o parque quanto os campings l\u00e1 dentro s\u00e3o gratuitos.<\/p>\n<p>Se curte trilhas, \u00e9 um destino imperd\u00edvel.<\/p>\n<p>Leia tudo sobre nossa experi\u00eancia por l\u00e1 <a href=\"https:\/\/mundosemfim.com\/el-chalten-e-o-fitz-roy-o-paraiso-de-quem-gosta-de-trilhas\/\"><b>aqui<\/b><\/a>.<\/p>\n<h2>2. <a href=\"https:\/\/mundosemfim.com\/conhecendo-iquitos-o-coracao-da-selva-amazonica-peruana\/\">Iquitos<\/a> (<a href=\"https:\/\/mundosemfim.com\/mochilao-pelo-peru-roteiro-gastos-dicas-fotos-etc\/\">Peru<\/a>)<\/h2>\n<p>Por que visitar a selva amaz\u00f4nica peruana, se j\u00e1 temos Amaz\u00f4nia no Brasil?<\/p>\n<p>Essa era a pergunta que nos faz\u00edamos, e que quase nos fez desistir de ir para Iquitos. Por sorte, s\u00f3 voltaremos para o Brasil daqui a alguns anos, e est\u00e1vamos ansiosos para conhecer esta selva exuberante.<\/p>\n<p>A emo\u00e7\u00e3o da viagem j\u00e1 come\u00e7a no caminho: Iquitos \u00e9 completamente inacess\u00edvel por estradas. Chegar at\u00e9 l\u00e1, s\u00f3 por barco ou avi\u00e3o. Obviamente escolhemos o barco, e vivenciamos a experi\u00eancia inesquec\u00edvel de navegar pelo imenso rio Amazonas.<\/p>\n<figure id=\"attachment_3817\" aria-describedby=\"caption-attachment-3817\" style=\"width: 1020px\" class=\"wp-caption aligncenter\"><img data-recalc-dims=\"1\" loading=\"lazy\" decoding=\"async\" data-attachment-id=\"3817\" data-permalink=\"https:\/\/mundosemfim.com\/?attachment_id=3817\" data-orig-file=\"https:\/\/i0.wp.com\/mundosemfim.com\/wp-content\/uploads\/2016\/07\/DSC_0009-1.jpg?fit=1020%2C680&amp;ssl=1\" data-orig-size=\"1020,680\" data-comments-opened=\"1\" data-image-meta=\"{&quot;aperture&quot;:&quot;18&quot;,&quot;credit&quot;:&quot;&quot;,&quot;camera&quot;:&quot;NIKON D5200&quot;,&quot;caption&quot;:&quot;&quot;,&quot;created_timestamp&quot;:&quot;1468145429&quot;,&quot;copyright&quot;:&quot;&quot;,&quot;focal_length&quot;:&quot;18&quot;,&quot;iso&quot;:&quot;125&quot;,&quot;shutter_speed&quot;:&quot;0.00625&quot;,&quot;title&quot;:&quot;&quot;,&quot;orientation&quot;:&quot;1&quot;}\" data-image-title=\"Amazonas\" data-image-description=\"\" data-image-caption=\"&lt;p&gt;Viajando pelo rio Maranh\u00e3o, rumo a Iquitos&lt;\/p&gt;\n\" data-large-file=\"https:\/\/i0.wp.com\/mundosemfim.com\/wp-content\/uploads\/2016\/07\/DSC_0009-1.jpg?fit=764%2C509&amp;ssl=1\" class=\"size-full wp-image-3817\" src=\"https:\/\/i0.wp.com\/mundosemfim.com\/wp-content\/uploads\/2016\/07\/DSC_0009-1.jpg?resize=764%2C509&#038;ssl=1\" alt=\"\" width=\"764\" height=\"509\" srcset=\"https:\/\/i0.wp.com\/mundosemfim.com\/wp-content\/uploads\/2016\/07\/DSC_0009-1.jpg?w=1020&amp;ssl=1 1020w, https:\/\/i0.wp.com\/mundosemfim.com\/wp-content\/uploads\/2016\/07\/DSC_0009-1.jpg?resize=300%2C200&amp;ssl=1 300w, https:\/\/i0.wp.com\/mundosemfim.com\/wp-content\/uploads\/2016\/07\/DSC_0009-1.jpg?resize=768%2C512&amp;ssl=1 768w\" sizes=\"auto, (max-width: 764px) 100vw, 764px\" \/><figcaption id=\"caption-attachment-3817\" class=\"wp-caption-text\">Viajando pelo rio Amazonas, rumo a Iquitos<\/figcaption><\/figure>\n<p>Em Iquitos, as op\u00e7\u00f5es s\u00e3o v\u00e1rias. A cultura amaz\u00f4nica por l\u00e1 \u00e9 bem parecida com a brasileira, mas os pre\u00e7os s\u00e3o bem mais baixos. Foi l\u00e1 tamb\u00e9m que tive minha primeira experi\u00eancia com a <a href=\"https:\/\/mundosemfim.com\/ayahuasca-minha-experiencia-tomando-o-santo-daime\/\">ayahuasca<\/a>, ou Santo Daime. Que tal pensar nesta op\u00e7\u00e3o quando estiver pelo Peru?<\/p>\n<p>Leia tudo sobre Iquitos <a href=\"https:\/\/mundosemfim.com\/conhecendo-iquitos-o-coracao-da-selva-amazonica-peruana\/\"><b>aqui<\/b><\/a>.<\/p>\n<h2>3. <a href=\"https:\/\/mundosemfim.com\/chichiriviche-e-o-parque-nacional-morrocoy-o-paradisiaco-caribe-venezuelano\/\">Parque Nacional Morrocoy<\/a> (<a href=\"https:\/\/mundosemfim.com\/mochilao-pela-venezuela-roteiro-gastos-dicas-fotos-etc\/\">Venezuela<\/a>)<\/h2>\n<p>Quem poderia imaginar que \u00e9 poss\u00edvel curtir as praias azuis e as areias brancas do Caribe de forma econ\u00f4mica?<\/p>\n<p>Com cerveja a 1 real, lagostas a partir de 15 e hospedagens por menos de 10 reais para um casal, o Parque Nacional Morrocoy nos deixou de queixo ca\u00eddo. E o melhor \u2013 como a Venezuela perdeu muitos turistas com a crise, v\u00e1rias das praias deste parque praticamente n\u00e3o s\u00e3o visitadas, permitindo que voc\u00ea possa desfrutar da experi\u00eancia com bastante sossego.<\/p>\n<figure id=\"attachment_4812\" aria-describedby=\"caption-attachment-4812\" style=\"width: 1000px\" class=\"wp-caption aligncenter\"><img data-recalc-dims=\"1\" loading=\"lazy\" decoding=\"async\" data-attachment-id=\"4812\" data-permalink=\"https:\/\/mundosemfim.com\/?attachment_id=4812\" data-orig-file=\"https:\/\/i0.wp.com\/mundosemfim.com\/wp-content\/uploads\/2017\/01\/caiosal.jpg?fit=1000%2C667&amp;ssl=1\" data-orig-size=\"1000,667\" data-comments-opened=\"1\" data-image-meta=\"{&quot;aperture&quot;:&quot;0&quot;,&quot;credit&quot;:&quot;&quot;,&quot;camera&quot;:&quot;&quot;,&quot;caption&quot;:&quot;&quot;,&quot;created_timestamp&quot;:&quot;0&quot;,&quot;copyright&quot;:&quot;&quot;,&quot;focal_length&quot;:&quot;0&quot;,&quot;iso&quot;:&quot;0&quot;,&quot;shutter_speed&quot;:&quot;0&quot;,&quot;title&quot;:&quot;&quot;,&quot;orientation&quot;:&quot;0&quot;}\" data-image-title=\"Chichiriviche\" data-image-description=\"\" data-image-caption=\"&lt;p&gt;Mucuvinha curtindo uma praia no Cayo Sal&lt;\/p&gt;\n\" data-large-file=\"https:\/\/i0.wp.com\/mundosemfim.com\/wp-content\/uploads\/2017\/01\/caiosal.jpg?fit=764%2C510&amp;ssl=1\" class=\"size-full wp-image-4812\" src=\"https:\/\/i0.wp.com\/mundosemfim.com\/wp-content\/uploads\/2017\/01\/caiosal.jpg?resize=764%2C510&#038;ssl=1\" alt=\"\" width=\"764\" height=\"510\" srcset=\"https:\/\/i0.wp.com\/mundosemfim.com\/wp-content\/uploads\/2017\/01\/caiosal.jpg?w=1000&amp;ssl=1 1000w, https:\/\/i0.wp.com\/mundosemfim.com\/wp-content\/uploads\/2017\/01\/caiosal.jpg?resize=300%2C200&amp;ssl=1 300w, https:\/\/i0.wp.com\/mundosemfim.com\/wp-content\/uploads\/2017\/01\/caiosal.jpg?resize=768%2C512&amp;ssl=1 768w\" sizes=\"auto, (max-width: 764px) 100vw, 764px\" \/><figcaption id=\"caption-attachment-4812\" class=\"wp-caption-text\">Mucuvinha curtindo uma praia em Chichiriviche, no Parque Nacional Morrocoy<\/figcaption><\/figure>\n<p>Leia tudo sobre o Morrocoy <a href=\"https:\/\/mundosemfim.com\/chichiriviche-e-o-parque-nacional-morrocoy-o-paradisiaco-caribe-venezuelano\/\"><b>aqui<\/b><\/a>.<\/p>\n<h2>4. <a href=\"https:\/\/mundosemfim.com\/o-que-fazer-em-caracas-a-bela-capital-venezuelana\/\">Caracas<\/a> (<a href=\"https:\/\/mundosemfim.com\/mochilao-pela-venezuela-roteiro-gastos-dicas-fotos-etc\/\">Venezuela<\/a>)<\/h2>\n<p>Considerada a cidade mais violenta do mundo, Caracas definitivamente n\u00e3o estava no nosso roteiro. Por sorte acabamos mudando de ideia: apesar dos sinais vis\u00edveis da crise, a cidade natal de Sim\u00f3n Bol\u00edvar foi uma das nossas capitais favoritas da Am\u00e9rica do Sul.<\/p>\n<p>Com um centro colonial bem cuidado, edifica\u00e7\u00f5es imensas e araras voando livremente pelos parques, Caracas definitivamente merece uma visita.<\/p>\n<figure id=\"attachment_4790\" aria-describedby=\"caption-attachment-4790\" style=\"width: 1024px\" class=\"wp-caption aligncenter\"><img data-recalc-dims=\"1\" loading=\"lazy\" decoding=\"async\" data-attachment-id=\"4790\" data-permalink=\"https:\/\/mundosemfim.com\/?attachment_id=4790\" data-orig-file=\"https:\/\/i0.wp.com\/mundosemfim.com\/wp-content\/uploads\/2017\/01\/PC230081.jpg?fit=1024%2C683&amp;ssl=1\" data-orig-size=\"1024,683\" data-comments-opened=\"1\" data-image-meta=\"{&quot;aperture&quot;:&quot;0&quot;,&quot;credit&quot;:&quot;&quot;,&quot;camera&quot;:&quot;&quot;,&quot;caption&quot;:&quot;&quot;,&quot;created_timestamp&quot;:&quot;0&quot;,&quot;copyright&quot;:&quot;&quot;,&quot;focal_length&quot;:&quot;0&quot;,&quot;iso&quot;:&quot;0&quot;,&quot;shutter_speed&quot;:&quot;0&quot;,&quot;title&quot;:&quot;&quot;,&quot;orientation&quot;:&quot;0&quot;}\" data-image-title=\"Caracas\" data-image-description=\"\" data-image-caption=\"&lt;p&gt;O Capit\u00f3lio, um dos belos edif\u00edcio do centro hist\u00f3rico de Caracas&lt;\/p&gt;\n\" data-large-file=\"https:\/\/i0.wp.com\/mundosemfim.com\/wp-content\/uploads\/2017\/01\/PC230081.jpg?fit=764%2C510&amp;ssl=1\" class=\"size-full wp-image-4790\" src=\"https:\/\/i0.wp.com\/mundosemfim.com\/wp-content\/uploads\/2017\/01\/PC230081.jpg?resize=764%2C510&#038;ssl=1\" alt=\"\" width=\"764\" height=\"510\" srcset=\"https:\/\/i0.wp.com\/mundosemfim.com\/wp-content\/uploads\/2017\/01\/PC230081.jpg?w=1024&amp;ssl=1 1024w, https:\/\/i0.wp.com\/mundosemfim.com\/wp-content\/uploads\/2017\/01\/PC230081.jpg?resize=300%2C200&amp;ssl=1 300w, https:\/\/i0.wp.com\/mundosemfim.com\/wp-content\/uploads\/2017\/01\/PC230081.jpg?resize=768%2C512&amp;ssl=1 768w\" sizes=\"auto, (max-width: 764px) 100vw, 764px\" \/><figcaption id=\"caption-attachment-4790\" class=\"wp-caption-text\">O Capit\u00f3lio, um dos belos edif\u00edcios do centro hist\u00f3rico de Caracas<\/figcaption><\/figure>\n<p>Sobre a seguran\u00e7a? Tomando os cuidados b\u00e1sicos de qualquer cidade grande, n\u00e3o h\u00e1 o que temer.<\/p>\n<p>Ficou interessada em conhec\u00ea-la? Leia todas as dicas <a href=\"https:\/\/mundosemfim.com\/o-que-fazer-em-caracas-a-bela-capital-venezuelana\/\"><b>aqui<\/b><\/a>.<\/p>\n<h2>5. <a href=\"https:\/\/mundosemfim.com\/conheca-as-ruinas-de-caral-a-civilizacao-mais-antiga-da-america\/\">Caral<\/a> (<a href=\"https:\/\/mundosemfim.com\/mochilao-pelo-peru-roteiro-gastos-dicas-fotos-etc\/\">Peru<\/a>)<\/h2>\n<p>Sem d\u00favidas o Peru \u00e9 o pa\u00eds das ru\u00ednas antigas (que o diga <a href=\"https:\/\/mundosemfim.com\/conhecendo-machu-picchu-tudo-para-voce-aproveitar-ao-maximo-sua-visita-a-cidade-perdida\/\">Machu Picchu<\/a>). As ru\u00ednas da antiga civiliza\u00e7\u00e3o de Caral poderiam ser encaradas simplesmente como apenas mais uma cidade perdida \u2013 n\u00e3o fosse a hist\u00f3ria incr\u00edvel deste lugar.<\/p>\n<p>Caral \u00e9 a civiliza\u00e7\u00e3o conhecida mais antiga da Am\u00e9rica, e a segunda mais antiga do mundo. Gra\u00e7as a eles, o solo peruano conheceu pir\u00e2mides muito antes do solo eg\u00edpcio.<\/p>\n<figure id=\"attachment_3631\" aria-describedby=\"caption-attachment-3631\" style=\"width: 1020px\" class=\"wp-caption aligncenter\"><img data-recalc-dims=\"1\" loading=\"lazy\" decoding=\"async\" data-attachment-id=\"3631\" data-permalink=\"https:\/\/mundosemfim.com\/?attachment_id=3631\" data-orig-file=\"https:\/\/i0.wp.com\/mundosemfim.com\/wp-content\/uploads\/2016\/06\/DSC_0100.jpg?fit=1020%2C680&amp;ssl=1\" data-orig-size=\"1020,680\" data-comments-opened=\"1\" data-image-meta=\"{&quot;aperture&quot;:&quot;18&quot;,&quot;credit&quot;:&quot;&quot;,&quot;camera&quot;:&quot;NIKON D5200&quot;,&quot;caption&quot;:&quot;&quot;,&quot;created_timestamp&quot;:&quot;1466524603&quot;,&quot;copyright&quot;:&quot;&quot;,&quot;focal_length&quot;:&quot;35&quot;,&quot;iso&quot;:&quot;100&quot;,&quot;shutter_speed&quot;:&quot;0.016666666666667&quot;,&quot;title&quot;:&quot;&quot;,&quot;orientation&quot;:&quot;1&quot;}\" data-image-title=\"Caral\" data-image-description=\"\" data-image-caption=\"&lt;p&gt;Algumas pir\u00e2mides de Caral&lt;\/p&gt;\n\" data-large-file=\"https:\/\/i0.wp.com\/mundosemfim.com\/wp-content\/uploads\/2016\/06\/DSC_0100.jpg?fit=764%2C509&amp;ssl=1\" class=\"size-full wp-image-3631\" src=\"https:\/\/i0.wp.com\/mundosemfim.com\/wp-content\/uploads\/2016\/06\/DSC_0100.jpg?resize=764%2C509&#038;ssl=1\" alt=\"\" width=\"764\" height=\"509\" srcset=\"https:\/\/i0.wp.com\/mundosemfim.com\/wp-content\/uploads\/2016\/06\/DSC_0100.jpg?w=1020&amp;ssl=1 1020w, https:\/\/i0.wp.com\/mundosemfim.com\/wp-content\/uploads\/2016\/06\/DSC_0100.jpg?resize=300%2C200&amp;ssl=1 300w, https:\/\/i0.wp.com\/mundosemfim.com\/wp-content\/uploads\/2016\/06\/DSC_0100.jpg?resize=768%2C512&amp;ssl=1 768w\" sizes=\"auto, (max-width: 764px) 100vw, 764px\" \/><figcaption id=\"caption-attachment-3631\" class=\"wp-caption-text\">Algumas pir\u00e2mides de Caral<\/figcaption><\/figure>\n<p>As escava\u00e7\u00f5es na regi\u00e3o ainda s\u00e3o recentes, e com isso voc\u00ea poder\u00e1 conhecer, ao vivo, o trabalho dos arque\u00f3logos.<\/p>\n<p>Quer visitar Caral? Leia os detalhes\u00a0<a href=\"https:\/\/mundosemfim.com\/conheca-as-ruinas-de-caral-a-civilizacao-mais-antiga-da-america\/\"><strong>aqui<\/strong><\/a>.<\/p>\n<h2>6. <a href=\"https:\/\/mundosemfim.com\/festival-de-tinku-bolivia-a-verdade-sobre-um-dos-festivais-mais-brutais-do-mundo\/\">Tinku<\/a> (<a href=\"https:\/\/mundosemfim.com\/mochilao-pela-bolivia-roteiro-gastos-dicas-fotos-etc\/\">Bol\u00edvia<\/a>)<\/h2>\n<p>Tinku \u2013 viol\u00eancia descontrolada, bebedeira e rios de sangue correndo pelas ruas da pacata cidade de Macha. Pelo menos, \u00e9 assim que a m\u00eddia gosta de descrever este bel\u00edssimo festival.<\/p>\n<p>Com origens pr\u00e9-colombianas, o Tinku \u00e9 celebrado uma vez por ano no m\u00eas de maio em in\u00fameros povoados bolivianos, sendo o maior deles na cidade de Macha. Neste festival, al\u00e9m de sacrif\u00edcios animais, ocorrem lutas entre aldeias rivais \u2013 muitas vezes at\u00e9 a morte. A pol\u00edcia s\u00f3 interfere se a situa\u00e7\u00e3o sair completamente do controle.<\/p>\n<figure id=\"attachment_2422\" aria-describedby=\"caption-attachment-2422\" style=\"width: 1094px\" class=\"wp-caption aligncenter\"><img data-recalc-dims=\"1\" loading=\"lazy\" decoding=\"async\" data-attachment-id=\"2422\" data-permalink=\"https:\/\/mundosemfim.com\/?attachment_id=2422\" data-orig-file=\"https:\/\/i0.wp.com\/mundosemfim.com\/wp-content\/uploads\/2016\/05\/p50401932.jpg?fit=1094%2C729&amp;ssl=1\" data-orig-size=\"1094,729\" data-comments-opened=\"1\" data-image-meta=\"{&quot;aperture&quot;:&quot;16&quot;,&quot;credit&quot;:&quot;&quot;,&quot;camera&quot;:&quot;TG-630&quot;,&quot;caption&quot;:&quot;OLYMPUS DIGITAL CAMERA&quot;,&quot;created_timestamp&quot;:&quot;1462356918&quot;,&quot;copyright&quot;:&quot;&quot;,&quot;focal_length&quot;:&quot;14&quot;,&quot;iso&quot;:&quot;125&quot;,&quot;shutter_speed&quot;:&quot;0.00625&quot;,&quot;title&quot;:&quot;OLYMPUS DIGITAL CAMERA&quot;,&quot;orientation&quot;:&quot;1&quot;}\" data-image-title=\"Tinku\" data-image-description=\"\" data-image-caption=\"&lt;p&gt;A influ\u00eancia europeia sobre o ritual andino \u00e9 evidente.&lt;\/p&gt;\n\" data-large-file=\"https:\/\/i0.wp.com\/mundosemfim.com\/wp-content\/uploads\/2016\/05\/p50401932.jpg?fit=764%2C509&amp;ssl=1\" class=\"size-full wp-image-2422\" src=\"https:\/\/i0.wp.com\/mundosemfim.com\/wp-content\/uploads\/2016\/05\/p50401932.jpg?resize=764%2C509&#038;ssl=1\" alt=\"Homem carrega uma cruz durante o Tinku em Macha, Bol\u00edvia\" width=\"764\" height=\"509\" srcset=\"https:\/\/i0.wp.com\/mundosemfim.com\/wp-content\/uploads\/2016\/05\/p50401932.jpg?w=1094&amp;ssl=1 1094w, https:\/\/i0.wp.com\/mundosemfim.com\/wp-content\/uploads\/2016\/05\/p50401932.jpg?resize=300%2C200&amp;ssl=1 300w, https:\/\/i0.wp.com\/mundosemfim.com\/wp-content\/uploads\/2016\/05\/p50401932.jpg?resize=768%2C512&amp;ssl=1 768w, https:\/\/i0.wp.com\/mundosemfim.com\/wp-content\/uploads\/2016\/05\/p50401932.jpg?resize=1024%2C682&amp;ssl=1 1024w\" sizes=\"auto, (max-width: 764px) 100vw, 764px\" \/><figcaption id=\"caption-attachment-2422\" class=\"wp-caption-text\">Homem carregando a cruz durante o Tinku.<\/figcaption><\/figure>\n<p>Apesar de parecer violento, a ess\u00eancia do Tinku n\u00e3o \u00e9 a morte, mas a vida: todo o sangue derramado serve tanto como uma oferenda para a Pachamama quanto como uma forma de criar pessoas mais fortes.<\/p>\n<p>Esque\u00e7a os ideais da cultura europeia que aprendemos na escola e venha vivenciar o melhor que a Am\u00e9rica tem para nos oferecer. Sem d\u00favidas, ser\u00e1 uma das experi\u00eancias mais impressionantes da sua vida.<\/p>\n<p>Leia tudo sobre este festival <a href=\"https:\/\/mundosemfim.com\/festival-de-tinku-bolivia-a-verdade-sobre-um-dos-festivais-mais-brutais-do-mundo\/\"><b>aqui<\/b><\/a>.<\/p>\n<h2>7. <a href=\"https:\/\/mundosemfim.com\/tudo-sobre-banos-a-capital-equatoriana-dos-esportes-radicais\/\">Ba\u00f1os<\/a> (<a href=\"https:\/\/mundosemfim.com\/mochilao-pelo-equador-tudo-o-que-voce-precisa-saber-para-visitar-este-pais\/\">Equador<\/a>)<\/h2>\n<p>Esta pequena cidade, no interior do Equador, possui tantas cachoeiras que suas paisagens nos lembram muito o interior de Minas. O diferencial \u00e9 que aqui abundam os esportes radicais: tirolesas de tudo que \u00e9 tamanho, saltos de ponte, rafting, balan\u00e7os gigantes e tudo mais que um aventureiro possa querer. Visita obrigat\u00f3ria para quem vai ao Equador.<\/p>\n<figure id=\"attachment_4079\" aria-describedby=\"caption-attachment-4079\" style=\"width: 600px\" class=\"wp-caption aligncenter\"><img data-recalc-dims=\"1\" loading=\"lazy\" decoding=\"async\" data-attachment-id=\"4079\" data-permalink=\"https:\/\/mundosemfim.com\/?attachment_id=4079\" data-orig-file=\"https:\/\/i0.wp.com\/mundosemfim.com\/wp-content\/uploads\/2016\/08\/DSC_0035-1.jpg?fit=600%2C900&amp;ssl=1\" data-orig-size=\"600,900\" data-comments-opened=\"1\" data-image-meta=\"{&quot;aperture&quot;:&quot;14&quot;,&quot;credit&quot;:&quot;&quot;,&quot;camera&quot;:&quot;NIKON D5200&quot;,&quot;caption&quot;:&quot;&quot;,&quot;created_timestamp&quot;:&quot;1472472565&quot;,&quot;copyright&quot;:&quot;&quot;,&quot;focal_length&quot;:&quot;18&quot;,&quot;iso&quot;:&quot;160&quot;,&quot;shutter_speed&quot;:&quot;0.01&quot;,&quot;title&quot;:&quot;&quot;,&quot;orientation&quot;:&quot;1&quot;}\" data-image-title=\"Balan\u00e7o\" data-image-description=\"\" data-image-caption=\"&lt;p&gt;Michele se balan\u00e7ando no &amp;#8220;balan\u00e7o do fim do mundo&amp;#8221;&lt;\/p&gt;\n\" data-large-file=\"https:\/\/i0.wp.com\/mundosemfim.com\/wp-content\/uploads\/2016\/08\/DSC_0035-1.jpg?fit=600%2C900&amp;ssl=1\" class=\"size-full wp-image-4079\" src=\"https:\/\/i0.wp.com\/mundosemfim.com\/wp-content\/uploads\/2016\/08\/DSC_0035-1.jpg?resize=600%2C900&#038;ssl=1\" alt=\"\" width=\"600\" height=\"900\" srcset=\"https:\/\/i0.wp.com\/mundosemfim.com\/wp-content\/uploads\/2016\/08\/DSC_0035-1.jpg?w=600&amp;ssl=1 600w, https:\/\/i0.wp.com\/mundosemfim.com\/wp-content\/uploads\/2016\/08\/DSC_0035-1.jpg?resize=200%2C300&amp;ssl=1 200w\" sizes=\"auto, (max-width: 600px) 100vw, 600px\" \/><figcaption id=\"caption-attachment-4079\" class=\"wp-caption-text\">Michele se balan\u00e7ando no &#8220;balan\u00e7o do fim do mundo&#8221;, em Ba\u00f1os<\/figcaption><\/figure>\n<p>Leia tudo sobre Ba\u00f1os <a href=\"https:\/\/mundosemfim.com\/tudo-sobre-banos-a-capital-equatoriana-dos-esportes-radicais\/\"><b>aqui<\/b><\/a>.<\/p>\n<h2>8. Carretera Austral (<a href=\"https:\/\/mundosemfim.com\/mochilao-pelo-chile-de-ponta-a-ponta-roteiro-gastos-dicas-fotos-etc\/\">Chile<\/a>)<\/h2>\n<p>Possivelmente a estrada mais remota da Am\u00e9rica do Sul, percorrer a Carretera Austral \u00e9 uma experi\u00eancia inesquec\u00edvel. Localizada em uma parte isolada no sul do Chile, esta <i>carretera<\/i> est\u00e1 livre dos problemas urbanos das grandes metr\u00f3poles \u2013 por aqui, o que reina \u00e9 a tranquilidade e as belas paisagens. A \u00fanica preocupa\u00e7\u00e3o que o viajante precisa ter \u00e9 de n\u00e3o ficar preso em alguma forte nevasca no inverno.<\/p>\n<figure id=\"attachment_836\" aria-describedby=\"caption-attachment-836\" style=\"width: 1124px\" class=\"wp-caption aligncenter\"><img data-recalc-dims=\"1\" loading=\"lazy\" decoding=\"async\" data-attachment-id=\"836\" data-permalink=\"https:\/\/mundosemfim.com\/?attachment_id=836\" data-orig-file=\"https:\/\/i0.wp.com\/mundosemfim.com\/wp-content\/uploads\/2016\/02\/dentro-mucuvinha.jpg?fit=1124%2C750&amp;ssl=1\" data-orig-size=\"1124,750\" data-comments-opened=\"1\" data-image-meta=\"{&quot;aperture&quot;:&quot;11&quot;,&quot;credit&quot;:&quot;&quot;,&quot;camera&quot;:&quot;NIKON D5200&quot;,&quot;caption&quot;:&quot;&quot;,&quot;created_timestamp&quot;:&quot;1451816432&quot;,&quot;copyright&quot;:&quot;&quot;,&quot;focal_length&quot;:&quot;18&quot;,&quot;iso&quot;:&quot;1000&quot;,&quot;shutter_speed&quot;:&quot;0.0125&quot;,&quot;title&quot;:&quot;&quot;,&quot;orientation&quot;:&quot;1&quot;}\" data-image-title=\"dentro mucuvinha\" data-image-description=\"\" data-image-caption=\"&lt;p&gt;Mucuvinha navegando por dentro dos t\u00faneis da Catedral de M\u00e1rmol&lt;\/p&gt;\n\" data-large-file=\"https:\/\/i0.wp.com\/mundosemfim.com\/wp-content\/uploads\/2016\/02\/dentro-mucuvinha.jpg?fit=764%2C510&amp;ssl=1\" class=\"size-full wp-image-836\" src=\"https:\/\/i0.wp.com\/mundosemfim.com\/wp-content\/uploads\/2016\/02\/dentro-mucuvinha.jpg?resize=764%2C510&#038;ssl=1\" alt=\"\" width=\"764\" height=\"510\" srcset=\"https:\/\/i0.wp.com\/mundosemfim.com\/wp-content\/uploads\/2016\/02\/dentro-mucuvinha.jpg?w=1124&amp;ssl=1 1124w, https:\/\/i0.wp.com\/mundosemfim.com\/wp-content\/uploads\/2016\/02\/dentro-mucuvinha.jpg?resize=300%2C200&amp;ssl=1 300w, https:\/\/i0.wp.com\/mundosemfim.com\/wp-content\/uploads\/2016\/02\/dentro-mucuvinha.jpg?resize=768%2C512&amp;ssl=1 768w, https:\/\/i0.wp.com\/mundosemfim.com\/wp-content\/uploads\/2016\/02\/dentro-mucuvinha.jpg?resize=1024%2C683&amp;ssl=1 1024w\" sizes=\"auto, (max-width: 764px) 100vw, 764px\" \/><figcaption id=\"caption-attachment-836\" class=\"wp-caption-text\"><a href=\"https:\/\/mundosemfim.com\/navegando-pelas-capillas-de-marmol-chile\/\">Capillas de M\u00e1rmol<\/a>, uma das atra\u00e7\u00f5es da Carretera Austral<\/figcaption><\/figure>\n<p>Bicicleta? \u00d4nibus? Van? Carona? Carro pr\u00f3prio? N\u00e3o importa o meio de transporte, a experi\u00eancia ser\u00e1 inesquec\u00edvel.<\/p>\n<h2>9. <a href=\"https:\/\/mundosemfim.com\/chiloe-um-pequeno-paraiso-ao-sul-do-chile\/\">Chilo\u00e9<\/a> (<a href=\"https:\/\/mundosemfim.com\/mochilao-pelo-chile-de-ponta-a-ponta-roteiro-gastos-dicas-fotos-etc\/\">Chile<\/a>)<\/h2>\n<p>Uma das portas de entrada da Carretera Austral, este pequeno arquip\u00e9lago no sul do Chile respira a paz durante todo o ano: aqui, as fam\u00edlias ainda criam suas ovelhas livremente, v\u00e3o \u00e0s missas em igrejas de madeira e comem os ovos das suas pr\u00f3prias granjas.<\/p>\n<figure id=\"attachment_503\" aria-describedby=\"caption-attachment-503\" style=\"width: 3200px\" class=\"wp-caption aligncenter\"><img data-recalc-dims=\"1\" loading=\"lazy\" decoding=\"async\" data-attachment-id=\"503\" data-permalink=\"https:\/\/mundosemfim.com\/?attachment_id=503\" data-orig-file=\"https:\/\/i0.wp.com\/mundosemfim.com\/wp-content\/uploads\/2015\/12\/pc240414.jpg?fit=3200%2C2400&amp;ssl=1\" data-orig-size=\"3200,2400\" data-comments-opened=\"1\" data-image-meta=\"{&quot;aperture&quot;:&quot;4.8&quot;,&quot;credit&quot;:&quot;&quot;,&quot;camera&quot;:&quot;TG-630&quot;,&quot;caption&quot;:&quot;OLYMPUS DIGITAL CAMERA&quot;,&quot;created_timestamp&quot;:&quot;1450999939&quot;,&quot;copyright&quot;:&quot;&quot;,&quot;focal_length&quot;:&quot;17.22&quot;,&quot;iso&quot;:&quot;800&quot;,&quot;shutter_speed&quot;:&quot;0.033333333333333&quot;,&quot;title&quot;:&quot;OLYMPUS DIGITAL CAMERA&quot;,&quot;orientation&quot;:&quot;1&quot;}\" data-image-title=\"Chilo\u00e9\" data-image-description=\"\" data-image-caption=\"&lt;p&gt;Missa natalina em Chilo\u00e9, no Chile&lt;\/p&gt;\n\" data-large-file=\"https:\/\/i0.wp.com\/mundosemfim.com\/wp-content\/uploads\/2015\/12\/pc240414.jpg?fit=764%2C573&amp;ssl=1\" class=\"size-full wp-image-503\" src=\"https:\/\/i0.wp.com\/mundosemfim.com\/wp-content\/uploads\/2015\/12\/pc240414.jpg?resize=764%2C573&#038;ssl=1\" alt=\"Missa natalina em Dalcahue, Chilo\u00e9, no Chile\" width=\"764\" height=\"573\" srcset=\"https:\/\/i0.wp.com\/mundosemfim.com\/wp-content\/uploads\/2015\/12\/pc240414.jpg?w=3200&amp;ssl=1 3200w, https:\/\/i0.wp.com\/mundosemfim.com\/wp-content\/uploads\/2015\/12\/pc240414.jpg?resize=300%2C225&amp;ssl=1 300w, https:\/\/i0.wp.com\/mundosemfim.com\/wp-content\/uploads\/2015\/12\/pc240414.jpg?resize=768%2C576&amp;ssl=1 768w, https:\/\/i0.wp.com\/mundosemfim.com\/wp-content\/uploads\/2015\/12\/pc240414.jpg?resize=1024%2C768&amp;ssl=1 1024w, https:\/\/i0.wp.com\/mundosemfim.com\/wp-content\/uploads\/2015\/12\/pc240414.jpg?resize=660%2C495&amp;ssl=1 660w, https:\/\/i0.wp.com\/mundosemfim.com\/wp-content\/uploads\/2015\/12\/pc240414.jpg?w=1528&amp;ssl=1 1528w, https:\/\/i0.wp.com\/mundosemfim.com\/wp-content\/uploads\/2015\/12\/pc240414.jpg?w=2292&amp;ssl=1 2292w\" sizes=\"auto, (max-width: 764px) 100vw, 764px\" \/><figcaption id=\"caption-attachment-503\" class=\"wp-caption-text\">Missa natalina em Chilo\u00e9, no Chile<\/figcaption><\/figure>\n<p>Viajar por Chilo\u00e9 \u00e9 como voltar no tempo. Venha e aproveite, antes que o futuro a destrua tamb\u00e9m!<\/p>\n<p>Leia tudo sobre Chilo\u00e9 <a href=\"https:\/\/mundosemfim.com\/chiloe-um-pequeno-paraiso-ao-sul-do-chile\/\"><b>aqui<\/b><\/a>.<\/p>\n<h2>10. <a href=\"https:\/\/mundosemfim.com\/tudo-sobre-medellin-a-cidade-mais-inovadora-do-mundo\/\">Medell\u00edn<\/a> (<a href=\"https:\/\/mundosemfim.com\/mochilao-pela-colombia-roteiro-gastos-dicas-fotos-etc\/\">Col\u00f4mbia<\/a>)<\/h2>\n<p>Uma das cidades modernas mais bonitas da Col\u00f4mbia, e premiada com o t\u00edtulo de &#8220;Cidade Mais Inovadora do Mundo&#8221;, \u00e9 dif\u00edcil acreditar que ela j\u00e1 foi proibida para turistas devido aos altos \u00edndices de viol\u00eancia.<\/p>\n<p>&nbsp;<\/p>\n<figure id=\"attachment_4538\" aria-describedby=\"caption-attachment-4538\" style=\"width: 1024px\" class=\"wp-caption aligncenter\"><img data-recalc-dims=\"1\" loading=\"lazy\" decoding=\"async\" data-attachment-id=\"4538\" data-permalink=\"https:\/\/mundosemfim.com\/?attachment_id=4538\" data-orig-file=\"https:\/\/i0.wp.com\/mundosemfim.com\/wp-content\/uploads\/2016\/10\/DSC_0009-2-Copy.jpg?fit=1024%2C683&amp;ssl=1\" data-orig-size=\"1024,683\" data-comments-opened=\"1\" data-image-meta=\"{&quot;aperture&quot;:&quot;9&quot;,&quot;credit&quot;:&quot;&quot;,&quot;camera&quot;:&quot;NIKON D5200&quot;,&quot;caption&quot;:&quot;&quot;,&quot;created_timestamp&quot;:&quot;1476798271&quot;,&quot;copyright&quot;:&quot;&quot;,&quot;focal_length&quot;:&quot;22&quot;,&quot;iso&quot;:&quot;100&quot;,&quot;shutter_speed&quot;:&quot;0.016666666666667&quot;,&quot;title&quot;:&quot;&quot;,&quot;orientation&quot;:&quot;1&quot;}\" data-image-title=\"Medell\u00edn\" data-image-description=\"\" data-image-caption=\"&lt;p&gt;Obra do c\u00e9lebre artista paisa Fernando Botero&lt;\/p&gt;\n\" data-large-file=\"https:\/\/i0.wp.com\/mundosemfim.com\/wp-content\/uploads\/2016\/10\/DSC_0009-2-Copy.jpg?fit=764%2C510&amp;ssl=1\" class=\"size-full wp-image-4538\" src=\"https:\/\/i0.wp.com\/mundosemfim.com\/wp-content\/uploads\/2016\/10\/DSC_0009-2-Copy.jpg?resize=764%2C510&#038;ssl=1\" alt=\"\" width=\"764\" height=\"510\" srcset=\"https:\/\/i0.wp.com\/mundosemfim.com\/wp-content\/uploads\/2016\/10\/DSC_0009-2-Copy.jpg?w=1024&amp;ssl=1 1024w, https:\/\/i0.wp.com\/mundosemfim.com\/wp-content\/uploads\/2016\/10\/DSC_0009-2-Copy.jpg?resize=300%2C200&amp;ssl=1 300w, https:\/\/i0.wp.com\/mundosemfim.com\/wp-content\/uploads\/2016\/10\/DSC_0009-2-Copy.jpg?resize=768%2C512&amp;ssl=1 768w\" sizes=\"auto, (max-width: 764px) 100vw, 764px\" \/><figcaption id=\"caption-attachment-4538\" class=\"wp-caption-text\">Centro de Medell\u00edn<\/figcaption><\/figure>\n<p>Ainda ligados ao triste passado pelo nome de <a href=\"https:\/\/mundosemfim.com\/passeando-em-medellin-seguindo-os-passos-de-pablo-escobar\/\">Pablo Escobar<\/a>, seus simp\u00e1ticos cidad\u00e3os provaram que \u00e9 poss\u00edvel, sim, dar a volta por cima. Hoje Medell\u00edn apresenta uma das melhores qualidades de vida da Col\u00f4mbia, e sem d\u00favidas sua transforma\u00e7\u00e3o impressiona a todos.<\/p>\n<p>Leia sobre nossa passagem por Medell\u00edn <a href=\"https:\/\/mundosemfim.com\/tudo-sobre-medellin-a-cidade-mais-inovadora-do-mundo\/\"><b>aqui<\/b><\/a>.<\/p>\n<h2>11. <a href=\"https:\/\/mundosemfim.com\/conhecendo-ica-e-o-oasis-de-huacachina-no-deserto-peruano\/\">Huacachina<\/a> (<a href=\"https:\/\/mundosemfim.com\/mochilao-pelo-peru-roteiro-gastos-dicas-fotos-etc\/\">Peru<\/a>)<\/h2>\n<p>N\u00e3o \u00e9 preciso ir at\u00e9 o Saara para ver um o\u00e1sis: Huacachina, a poucas horas ao sul de <a href=\"https:\/\/mundosemfim.com\/conhecendo-lima-a-belissima-capital-peruana\/\">Lima<\/a>, \u00e9 um pequeno lago em meio \u00e0s dunas do deserto. Antigo resort de milion\u00e1rios, hoje esta pequena vila \u00e9 o para\u00edso dos mochileiros que percorrem o Peru.<\/p>\n<figure id=\"attachment_3537\" aria-describedby=\"caption-attachment-3537\" style=\"width: 1062px\" class=\"wp-caption aligncenter\"><img data-recalc-dims=\"1\" loading=\"lazy\" decoding=\"async\" data-attachment-id=\"3537\" data-permalink=\"https:\/\/mundosemfim.com\/?attachment_id=3537\" data-orig-file=\"https:\/\/i0.wp.com\/mundosemfim.com\/wp-content\/uploads\/2016\/06\/P6130050.jpg?fit=1062%2C708&amp;ssl=1\" data-orig-size=\"1062,708\" data-comments-opened=\"1\" data-image-meta=\"{&quot;aperture&quot;:&quot;11&quot;,&quot;credit&quot;:&quot;&quot;,&quot;camera&quot;:&quot;TG-630&quot;,&quot;caption&quot;:&quot;OLYMPUS DIGITAL CAMERA&quot;,&quot;created_timestamp&quot;:&quot;1465834432&quot;,&quot;copyright&quot;:&quot;&quot;,&quot;focal_length&quot;:&quot;5&quot;,&quot;iso&quot;:&quot;100&quot;,&quot;shutter_speed&quot;:&quot;0.008&quot;,&quot;title&quot;:&quot;OLYMPUS DIGITAL CAMERA&quot;,&quot;orientation&quot;:&quot;1&quot;}\" data-image-title=\"Huacachina\" data-image-description=\"\" data-image-caption=\"&lt;p&gt;O\u00e1sis de Huacachina&lt;\/p&gt;\n\" data-large-file=\"https:\/\/i0.wp.com\/mundosemfim.com\/wp-content\/uploads\/2016\/06\/P6130050.jpg?fit=764%2C510&amp;ssl=1\" class=\"size-full wp-image-3537\" src=\"https:\/\/i0.wp.com\/mundosemfim.com\/wp-content\/uploads\/2016\/06\/P6130050.jpg?resize=764%2C509&#038;ssl=1\" alt=\"\" width=\"764\" height=\"509\" srcset=\"https:\/\/i0.wp.com\/mundosemfim.com\/wp-content\/uploads\/2016\/06\/P6130050.jpg?w=1062&amp;ssl=1 1062w, https:\/\/i0.wp.com\/mundosemfim.com\/wp-content\/uploads\/2016\/06\/P6130050.jpg?resize=300%2C200&amp;ssl=1 300w, https:\/\/i0.wp.com\/mundosemfim.com\/wp-content\/uploads\/2016\/06\/P6130050.jpg?resize=768%2C512&amp;ssl=1 768w, https:\/\/i0.wp.com\/mundosemfim.com\/wp-content\/uploads\/2016\/06\/P6130050.jpg?resize=1024%2C683&amp;ssl=1 1024w\" sizes=\"auto, (max-width: 764px) 100vw, 764px\" \/><figcaption id=\"caption-attachment-3537\" class=\"wp-caption-text\">O\u00e1sis de Huacachina<\/figcaption><\/figure>\n<p>Leia tudo sobre Huacachina <a href=\"https:\/\/mundosemfim.com\/conhecendo-ica-e-o-oasis-de-huacachina-no-deserto-peruano\/\"><b>aqui<\/b><\/a>.<\/p>\n<h2>12. <a href=\"https:\/\/mundosemfim.com\/conheca-kuelap-um-lugar-tao-impressionante-quanto-machu-picchu-no-norte-do-peru\/\">Ku\u00e9lap<\/a> (<a href=\"https:\/\/mundosemfim.com\/mochilao-pelo-peru-roteiro-gastos-dicas-fotos-etc\/\">Peru<\/a>)<\/h2>\n<p>Muitos dizem que este lugar s\u00f3 n\u00e3o recebe a mesma import\u00e2ncia que <a href=\"https:\/\/mundosemfim.com\/conhecendo-machu-picchu-tudo-para-voce-aproveitar-ao-maximo-sua-visita-a-cidade-perdida\/\">Machu Picchu<\/a> pelo fato de o acesso at\u00e9 l\u00e1 ser bem complicado.<\/p>\n<p>De fato, \u00e9 dif\u00edcil comparar as duas cidades perdidas, mas Ku\u00e9lap sem d\u00favidas nos impressionou muito. Muitas de suas ru\u00ednas est\u00e3o impec\u00e1veis, e as muralhas que a protegem s\u00e3o um marco da engenharia pr\u00e9-colombiana.<\/p>\n<p>Devido a sua dist\u00e2ncia de <a href=\"https:\/\/mundosemfim.com\/conhecendo-lima-a-belissima-capital-peruana\/\">Lima<\/a>, chegar at\u00e9 l\u00e1 realmente n\u00e3o \u00e9 t\u00e3o simples, mas tampouco \u00e9 algo de outro mundo. Se tiver tempo, vale a pena!<\/p>\n<figure id=\"attachment_3798\" aria-describedby=\"caption-attachment-3798\" style=\"width: 1020px\" class=\"wp-caption aligncenter\"><img data-recalc-dims=\"1\" loading=\"lazy\" decoding=\"async\" data-attachment-id=\"3798\" data-permalink=\"https:\/\/mundosemfim.com\/?attachment_id=3798\" data-orig-file=\"https:\/\/i0.wp.com\/mundosemfim.com\/wp-content\/uploads\/2016\/07\/DSC_0035-1.jpg?fit=1020%2C680&amp;ssl=1\" data-orig-size=\"1020,680\" data-comments-opened=\"1\" data-image-meta=\"{&quot;aperture&quot;:&quot;18&quot;,&quot;credit&quot;:&quot;&quot;,&quot;camera&quot;:&quot;NIKON D5200&quot;,&quot;caption&quot;:&quot;&quot;,&quot;created_timestamp&quot;:&quot;1467801863&quot;,&quot;copyright&quot;:&quot;&quot;,&quot;focal_length&quot;:&quot;18&quot;,&quot;iso&quot;:&quot;200&quot;,&quot;shutter_speed&quot;:&quot;0.0125&quot;,&quot;title&quot;:&quot;&quot;,&quot;orientation&quot;:&quot;1&quot;}\" data-image-title=\"Kuelap\" data-image-description=\"&lt;p&gt;Ruinas de Kuelap, Chachapoyas, Peru&lt;\/p&gt;\n\" data-image-caption=\"&lt;p&gt;Edifica\u00e7\u00f5es redondas em Kuelap&lt;\/p&gt;\n\" data-large-file=\"https:\/\/i0.wp.com\/mundosemfim.com\/wp-content\/uploads\/2016\/07\/DSC_0035-1.jpg?fit=764%2C509&amp;ssl=1\" class=\"size-full wp-image-3798\" src=\"https:\/\/i0.wp.com\/mundosemfim.com\/wp-content\/uploads\/2016\/07\/DSC_0035-1.jpg?resize=764%2C509&#038;ssl=1\" alt=\"\" width=\"764\" height=\"509\" srcset=\"https:\/\/i0.wp.com\/mundosemfim.com\/wp-content\/uploads\/2016\/07\/DSC_0035-1.jpg?w=1020&amp;ssl=1 1020w, https:\/\/i0.wp.com\/mundosemfim.com\/wp-content\/uploads\/2016\/07\/DSC_0035-1.jpg?resize=300%2C200&amp;ssl=1 300w, https:\/\/i0.wp.com\/mundosemfim.com\/wp-content\/uploads\/2016\/07\/DSC_0035-1.jpg?resize=768%2C512&amp;ssl=1 768w\" sizes=\"auto, (max-width: 764px) 100vw, 764px\" \/><figcaption id=\"caption-attachment-3798\" class=\"wp-caption-text\">Edifica\u00e7\u00f5es redondas em Kuelap<\/figcaption><\/figure>\n<p>Leia mais da hist\u00f3ria e dos meios de acesso a Ku\u00e9lap <a href=\"https:\/\/mundosemfim.com\/conheca-kuelap-um-lugar-tao-impressionante-quanto-machu-picchu-no-norte-do-peru\/\"><b>aqui<\/b><\/a>.<\/p>\n<h2>13. <a href=\"https:\/\/mundosemfim.com\/carnaval-de-barranquilla-conheca-maior-festa-da-colombia\/\">Carnaval de Barranquilla<\/a> (<a href=\"https:\/\/mundosemfim.com\/mochilao-pela-colombia-roteiro-gastos-dicas-fotos-etc\/\">Col\u00f4mbia<\/a>)<\/h2>\n<p>Quando come\u00e7amos nossa viagem, pensamos: &#8220;s\u00f3 voltaremos a celebrar um carnaval de verdade daqui a alguns anos, quando retornarmos ao Brasil&#8221;.<\/p>\n<p>E n\u00e3o \u00e9 que est\u00e1vamos enganados? Considerado o segundo maior carnaval do mundo, a festa de Barranquilla nos surpreendeu positivamente em todos os sentidos. Ainda que as diferen\u00e7as culturais sejam evidentes, nos sentimos em casa enquanto curt\u00edamos os desfiles de abertura deste carnaval.<\/p>\n<figure id=\"attachment_5469\" aria-describedby=\"caption-attachment-5469\" style=\"width: 1000px\" class=\"wp-caption aligncenter\"><img data-recalc-dims=\"1\" loading=\"lazy\" decoding=\"async\" data-attachment-id=\"5469\" data-permalink=\"https:\/\/mundosemfim.com\/?attachment_id=5469\" data-orig-file=\"https:\/\/i0.wp.com\/mundosemfim.com\/wp-content\/uploads\/2017\/02\/DSC_0042.jpg?fit=1000%2C667&amp;ssl=1\" data-orig-size=\"1000,667\" data-comments-opened=\"1\" data-image-meta=\"{&quot;aperture&quot;:&quot;0&quot;,&quot;credit&quot;:&quot;&quot;,&quot;camera&quot;:&quot;&quot;,&quot;caption&quot;:&quot;&quot;,&quot;created_timestamp&quot;:&quot;0&quot;,&quot;copyright&quot;:&quot;&quot;,&quot;focal_length&quot;:&quot;0&quot;,&quot;iso&quot;:&quot;0&quot;,&quot;shutter_speed&quot;:&quot;0&quot;,&quot;title&quot;:&quot;&quot;,&quot;orientation&quot;:&quot;0&quot;}\" data-image-title=\"Carnaval em Barranquilla\" data-image-description=\"&lt;p&gt;Carnaval em Barranquilla&lt;\/p&gt;\n\" data-image-caption=\"&lt;p&gt;Passista fazendo pose para a foto&lt;\/p&gt;\n\" data-large-file=\"https:\/\/i0.wp.com\/mundosemfim.com\/wp-content\/uploads\/2017\/02\/DSC_0042.jpg?fit=764%2C510&amp;ssl=1\" class=\"size-full wp-image-5469\" src=\"https:\/\/i0.wp.com\/mundosemfim.com\/wp-content\/uploads\/2017\/02\/DSC_0042.jpg?resize=764%2C510&#038;ssl=1\" alt=\"Carnaval em Barranquilla\" width=\"764\" height=\"510\" srcset=\"https:\/\/i0.wp.com\/mundosemfim.com\/wp-content\/uploads\/2017\/02\/DSC_0042.jpg?w=1000&amp;ssl=1 1000w, https:\/\/i0.wp.com\/mundosemfim.com\/wp-content\/uploads\/2017\/02\/DSC_0042.jpg?resize=300%2C200&amp;ssl=1 300w, https:\/\/i0.wp.com\/mundosemfim.com\/wp-content\/uploads\/2017\/02\/DSC_0042.jpg?resize=768%2C512&amp;ssl=1 768w\" sizes=\"auto, (max-width: 764px) 100vw, 764px\" \/><figcaption id=\"caption-attachment-5469\" class=\"wp-caption-text\">Passista fazendo pose para a foto em Barranquilla<\/figcaption><\/figure>\n<p>Quer saber mais? Leia <a href=\"https:\/\/mundosemfim.com\/carnaval-de-barranquilla-conheca-maior-festa-da-colombia\/\"><b>aqui<\/b><\/a> como foi nossa experi\u00eancia.<\/p>\n<h2>14. <a href=\"https:\/\/mundosemfim.com\/conheca-o-santuario-de-las-lajas-uma-das-mais-belas-igrejas-do-continente\/\">Igreja de Las Lajas<\/a> (<a href=\"https:\/\/mundosemfim.com\/mochilao-pela-colombia-roteiro-gastos-dicas-fotos-etc\/\">Col\u00f4mbia<\/a>)<\/h2>\n<p>Igreja? Mas tem tanta igreja colonial bonita por a\u00ed!<\/p>\n<p>Realmente tem, mas nenhuma como esta, em Ipiales. Constru\u00edda em um vale, esta igreja com arquitetura neo-g\u00f3tica parece sa\u00edda de um conto de fadas.<\/p>\n<figure id=\"attachment_4260\" aria-describedby=\"caption-attachment-4260\" style=\"width: 1020px\" class=\"wp-caption aligncenter\"><img data-recalc-dims=\"1\" loading=\"lazy\" decoding=\"async\" data-attachment-id=\"4260\" data-permalink=\"https:\/\/mundosemfim.com\/?attachment_id=4260\" data-orig-file=\"https:\/\/i0.wp.com\/mundosemfim.com\/wp-content\/uploads\/2016\/09\/DSC_0023-1.jpg?fit=1020%2C517&amp;ssl=1\" data-orig-size=\"1020,517\" data-comments-opened=\"1\" data-image-meta=\"{&quot;aperture&quot;:&quot;8&quot;,&quot;credit&quot;:&quot;&quot;,&quot;camera&quot;:&quot;NIKON D5200&quot;,&quot;caption&quot;:&quot;&quot;,&quot;created_timestamp&quot;:&quot;1474304865&quot;,&quot;copyright&quot;:&quot;&quot;,&quot;focal_length&quot;:&quot;18&quot;,&quot;iso&quot;:&quot;160&quot;,&quot;shutter_speed&quot;:&quot;0.02&quot;,&quot;title&quot;:&quot;&quot;,&quot;orientation&quot;:&quot;1&quot;}\" data-image-title=\"Las Lajas\" data-image-description=\"\" data-image-caption=\"&lt;p&gt;Santu\u00e1rio de Las Lajas&lt;\/p&gt;\n\" data-large-file=\"https:\/\/i0.wp.com\/mundosemfim.com\/wp-content\/uploads\/2016\/09\/DSC_0023-1.jpg?fit=764%2C387&amp;ssl=1\" class=\"size-full wp-image-4260\" src=\"https:\/\/i0.wp.com\/mundosemfim.com\/wp-content\/uploads\/2016\/09\/DSC_0023-1.jpg?resize=764%2C387&#038;ssl=1\" alt=\"\" width=\"764\" height=\"387\" srcset=\"https:\/\/i0.wp.com\/mundosemfim.com\/wp-content\/uploads\/2016\/09\/DSC_0023-1.jpg?w=1020&amp;ssl=1 1020w, https:\/\/i0.wp.com\/mundosemfim.com\/wp-content\/uploads\/2016\/09\/DSC_0023-1.jpg?resize=300%2C152&amp;ssl=1 300w, https:\/\/i0.wp.com\/mundosemfim.com\/wp-content\/uploads\/2016\/09\/DSC_0023-1.jpg?resize=768%2C389&amp;ssl=1 768w\" sizes=\"auto, (max-width: 764px) 100vw, 764px\" \/><figcaption id=\"caption-attachment-4260\" class=\"wp-caption-text\">Santu\u00e1rio de Las Lajas<\/figcaption><\/figure>\n<p>Se estiver fazendo a rota entre Equador e Col\u00f4mbia, dar uma parada aqui \u00e9 obrigat\u00f3rio!<\/p>\n<p>Leia mais sobre Las Lajas <a href=\"https:\/\/mundosemfim.com\/conheca-o-santuario-de-las-lajas-uma-das-mais-belas-igrejas-do-continente\/\"><b>aqui<\/b><\/a>.<\/p>\n<h2>15. <a href=\"https:\/\/mundosemfim.com\/deserto-de-tatacoa-colombia-como-chegar-o-que-fazer-precos-e-muito-mais\/\">Deserto de Tatacoa<\/a> (<a href=\"https:\/\/mundosemfim.com\/mochilao-pela-colombia-roteiro-gastos-dicas-fotos-etc\/\">Col\u00f4mbia<\/a>)<\/h2>\n<p>Lugar ainda pouco visitado na Col\u00f4mbia, o Deserto de Tatacoa \u00e9 uma vers\u00e3o menor e muito mais barata do <a href=\"https:\/\/mundosemfim.com\/san-pedro-de-atacama-tudo-o-que-voce-precisa-saber-para-aproveitar-ao-maximo-este-lugar-incrivel\/\">Atacama<\/a>.<\/p>\n<p>Al\u00e9m das paisagens impressionantes, visitar o Tatacoa \u00e9 vivenciar um pouco mais da cultura colombiana, onde as crian\u00e7as crescem tomando leite de cabra e correndo descal\u00e7as pelas ruas de terra.<\/p>\n<figure id=\"attachment_4316\" aria-describedby=\"caption-attachment-4316\" style=\"width: 1080px\" class=\"wp-caption aligncenter\"><img data-recalc-dims=\"1\" loading=\"lazy\" decoding=\"async\" data-attachment-id=\"4316\" data-permalink=\"https:\/\/mundosemfim.com\/?attachment_id=4316\" data-orig-file=\"https:\/\/i0.wp.com\/mundosemfim.com\/wp-content\/uploads\/2016\/10\/DSC_0206.jpg?fit=1080%2C720&amp;ssl=1\" data-orig-size=\"1080,720\" data-comments-opened=\"1\" data-image-meta=\"{&quot;aperture&quot;:&quot;10&quot;,&quot;credit&quot;:&quot;&quot;,&quot;camera&quot;:&quot;NIKON D5200&quot;,&quot;caption&quot;:&quot;&quot;,&quot;created_timestamp&quot;:&quot;1475078217&quot;,&quot;copyright&quot;:&quot;&quot;,&quot;focal_length&quot;:&quot;18&quot;,&quot;iso&quot;:&quot;200&quot;,&quot;shutter_speed&quot;:&quot;0.01&quot;,&quot;title&quot;:&quot;&quot;,&quot;orientation&quot;:&quot;1&quot;}\" data-image-title=\"Tatacoa\" data-image-description=\"\" data-image-caption=\"&lt;p&gt;No Labirinto del Desierto&lt;\/p&gt;\n\" data-large-file=\"https:\/\/i0.wp.com\/mundosemfim.com\/wp-content\/uploads\/2016\/10\/DSC_0206.jpg?fit=764%2C510&amp;ssl=1\" class=\"size-full wp-image-4316\" src=\"https:\/\/i0.wp.com\/mundosemfim.com\/wp-content\/uploads\/2016\/10\/DSC_0206.jpg?resize=764%2C509&#038;ssl=1\" alt=\"\" width=\"764\" height=\"509\" srcset=\"https:\/\/i0.wp.com\/mundosemfim.com\/wp-content\/uploads\/2016\/10\/DSC_0206.jpg?w=1080&amp;ssl=1 1080w, https:\/\/i0.wp.com\/mundosemfim.com\/wp-content\/uploads\/2016\/10\/DSC_0206.jpg?resize=300%2C200&amp;ssl=1 300w, https:\/\/i0.wp.com\/mundosemfim.com\/wp-content\/uploads\/2016\/10\/DSC_0206.jpg?resize=768%2C512&amp;ssl=1 768w, https:\/\/i0.wp.com\/mundosemfim.com\/wp-content\/uploads\/2016\/10\/DSC_0206.jpg?resize=1024%2C683&amp;ssl=1 1024w\" sizes=\"auto, (max-width: 764px) 100vw, 764px\" \/><figcaption id=\"caption-attachment-4316\" class=\"wp-caption-text\">No Labirinto del Desierto de Tatacoa<\/figcaption><\/figure>\n<p>Quer mais? Pois ent\u00e3o passe uma noite no observat\u00f3rio e conhe\u00e7a um pouco sobre as constela\u00e7\u00f5es e entenda melhor como \u00e9 o c\u00e9u no hemisf\u00e9rio norte.<\/p>\n<p>Leia todas as informa\u00e7\u00f5es sobre o Tatacoa <a href=\"https:\/\/mundosemfim.com\/deserto-de-tatacoa-colombia-como-chegar-o-que-fazer-precos-e-muito-mais\/\"><b>aqui<\/b><\/a>.<\/p>\n<h2>16. <a href=\"https:\/\/mundosemfim.com\/visitando-cabo-de-la-vela-a-bela-e-remota-praia-de-la-guajira-na-colombia\/\">Cabo de la Vela<\/a> (<a href=\"https:\/\/mundosemfim.com\/mochilao-pela-colombia-roteiro-gastos-dicas-fotos-etc\/\">Col\u00f4mbia<\/a>)<\/h2>\n<p>Localizada no caribe colombiano, pr\u00f3ximo \u00e0 fronteira com a Venezuela, a prov\u00edncia de La Guajira \u2013 uma das mais pobres do pa\u00eds \u2013 guarda uma riqueza cultural impressionante. Aqui, os \u00edndios das tribos Way\u00fau, apesar de j\u00e1 terem motos, ainda vivem um estilo de vida muito parecido com o que viviam antes de Colombo aparecer por estes lados.<\/p>\n<p>Al\u00e9m da riqueza cultural, as belas paisagens tamb\u00e9m s\u00e3o de tirar o f\u00f4lego.<\/p>\n<figure id=\"attachment_4833\" aria-describedby=\"caption-attachment-4833\" style=\"width: 1000px\" class=\"wp-caption aligncenter\"><img data-recalc-dims=\"1\" loading=\"lazy\" decoding=\"async\" data-attachment-id=\"4833\" data-permalink=\"https:\/\/mundosemfim.com\/?attachment_id=4833\" data-orig-file=\"https:\/\/i0.wp.com\/mundosemfim.com\/wp-content\/uploads\/2017\/01\/DSC_0019-1.jpg?fit=1000%2C667&amp;ssl=1\" data-orig-size=\"1000,667\" data-comments-opened=\"1\" data-image-meta=\"{&quot;aperture&quot;:&quot;0&quot;,&quot;credit&quot;:&quot;&quot;,&quot;camera&quot;:&quot;&quot;,&quot;caption&quot;:&quot;&quot;,&quot;created_timestamp&quot;:&quot;1484324666&quot;,&quot;copyright&quot;:&quot;&quot;,&quot;focal_length&quot;:&quot;0&quot;,&quot;iso&quot;:&quot;0&quot;,&quot;shutter_speed&quot;:&quot;0&quot;,&quot;title&quot;:&quot;&quot;,&quot;orientation&quot;:&quot;1&quot;}\" data-image-title=\"Cabo de la Vela\" data-image-description=\"\" data-image-caption=\"&lt;p&gt;Casas humildes de uma fam\u00edlia Way\u00fau&lt;\/p&gt;\n\" data-large-file=\"https:\/\/i0.wp.com\/mundosemfim.com\/wp-content\/uploads\/2017\/01\/DSC_0019-1.jpg?fit=764%2C510&amp;ssl=1\" class=\"size-full wp-image-4833\" src=\"https:\/\/i0.wp.com\/mundosemfim.com\/wp-content\/uploads\/2017\/01\/DSC_0019-1.jpg?resize=764%2C510&#038;ssl=1\" alt=\"\" width=\"764\" height=\"510\" srcset=\"https:\/\/i0.wp.com\/mundosemfim.com\/wp-content\/uploads\/2017\/01\/DSC_0019-1.jpg?w=1000&amp;ssl=1 1000w, https:\/\/i0.wp.com\/mundosemfim.com\/wp-content\/uploads\/2017\/01\/DSC_0019-1.jpg?resize=300%2C200&amp;ssl=1 300w, https:\/\/i0.wp.com\/mundosemfim.com\/wp-content\/uploads\/2017\/01\/DSC_0019-1.jpg?resize=768%2C512&amp;ssl=1 768w\" sizes=\"auto, (max-width: 764px) 100vw, 764px\" \/><figcaption id=\"caption-attachment-4833\" class=\"wp-caption-text\">Casas humildes de uma fam\u00edlia Way\u00fau<\/figcaption><\/figure>\n<p>Ficou interessado? Leia mais sobre este lugar <a href=\"https:\/\/mundosemfim.com\/visitando-cabo-de-la-vela-a-bela-e-remota-praia-de-la-guajira-na-colombia\/\"><b>aqui<\/b><\/a>.<\/p>\n<p>&nbsp;<\/p>\n<p>\u00c9 isso pessoal! Curtiram as dicas? Algum outro para\u00edso desconhecido que esquecemos de mencionar? Comentem a\u00ed! \ud83d\ude42<\/p>\n<p>E, para mais dicas de viagem e acompanhar a nossa volta ao mundo, curtam nossa p\u00e1gina no face:<br \/>\n<a href=\"http:\/\/www.facebook.com\/mundosemfimoficial\">www.facebook.com\/mundosemfimoficial<\/a><\/p>\n","protected":false},"excerpt":{"rendered":"<p>J\u00e1 que vamos deixando nosso continente para tr\u00e1s, compartilhamos aqui alguns lugares que nem imagin\u00e1vamos que existiam, e que nos deixaram de queixo ca\u00eddo. Nas suas pr\u00f3ximas f\u00e9rias, n\u00e3o deixe de inclu\u00ed-los em seu roteiro!<\/p>\n","protected":false},"author":1,"featured_media":3802,"comment_status":"open","ping_status":"open","sticky":false,"template":"","format":"standard","meta":{"jetpack_post_was_ever_published":false,"_jetpack_newsletter_access":"","_jetpack_dont_email_post_to_subs":true,"_jetpack_newsletter_tier_id":0,"_jetpack_memberships_contains_paywalled_content":false,"_jetpack_memberships_contains_paid_content":false,"footnotes":"","jetpack_publicize_message":"","jetpack_publicize_feature_enabled":true,"jetpack_social_post_already_shared":true,"jetpack_social_options":{"image_generator_settings":{"template":"highway","default_image_id":0,"font":"","enabled":false},"version":2}},"categories":[6,21,28,254],"tags":[],"class_list":["post-5473","post","type-post","status-publish","format-standard","has-post-thumbnail","hentry","category-america-do-sul","category-dicas","category-featured","category-top-10"],"yoast_head":"<!-- This site is optimized with the Yoast SEO plugin v27.5 - https:\/\/yoast.com\/product\/yoast-seo-wordpress\/ -->\n<title>16 destinos espetaculares e pouco conhecidos na Am\u00e9rica do Sul - Mundo Sem Fim<\/title>\n<meta name=\"robots\" content=\"index, follow, max-snippet:-1, max-image-preview:large, max-video-preview:-1\" \/>\n<link rel=\"canonical\" href=\"https:\/\/mundosemfim.com\/?p=5473\" \/>\n<meta property=\"og:locale\" content=\"pt_BR\" \/>\n<meta property=\"og:type\" content=\"article\" \/>\n<meta property=\"og:title\" content=\"16 destinos espetaculares e pouco conhecidos na Am\u00e9rica do Sul - Mundo Sem Fim\" \/>\n<meta property=\"og:description\" content=\"J\u00e1 que vamos deixando nosso continente para tr\u00e1s, compartilhamos aqui alguns lugares que nem imagin\u00e1vamos que existiam, e que nos deixaram de queixo ca\u00eddo. Nas suas pr\u00f3ximas f\u00e9rias, n\u00e3o deixe de inclu\u00ed-los em seu roteiro!\" \/>\n<meta property=\"og:url\" content=\"https:\/\/mundosemfim.com\/?p=5473\" \/>\n<meta property=\"og:site_name\" content=\"Mundo Sem Fim\" \/>\n<meta property=\"article:publisher\" content=\"http:\/\/www.facebook.com\/mundosemfimoficial\" \/>\n<meta property=\"article:published_time\" content=\"2017-03-03T22:07:45+00:00\" \/>\n<meta property=\"article:modified_time\" content=\"2017-03-21T19:05:30+00:00\" \/>\n<meta property=\"og:image\" content=\"https:\/\/i0.wp.com\/mundosemfim.com\/wp-content\/uploads\/2016\/07\/DSC_0041.jpg?fit=1020%2C680&ssl=1\" \/>\n\t<meta property=\"og:image:width\" content=\"1020\" \/>\n\t<meta property=\"og:image:height\" content=\"680\" \/>\n\t<meta property=\"og:image:type\" content=\"image\/jpeg\" \/>\n<meta name=\"author\" content=\"Renan\" \/>\n<meta name=\"twitter:card\" content=\"summary_large_image\" \/>\n<meta name=\"twitter:label1\" content=\"Escrito por\" \/>\n\t<meta name=\"twitter:data1\" content=\"Renan\" \/>\n\t<meta name=\"twitter:label2\" content=\"Est. tempo de leitura\" \/>\n\t<meta name=\"twitter:data2\" content=\"10 minutos\" \/>\n<script type=\"application\/ld+json\" class=\"yoast-schema-graph\">{\"@context\":\"https:\\\/\\\/schema.org\",\"@graph\":[{\"@type\":\"Article\",\"@id\":\"https:\\\/\\\/mundosemfim.com\\\/?p=5473#article\",\"isPartOf\":{\"@id\":\"https:\\\/\\\/mundosemfim.com\\\/?p=5473\"},\"author\":{\"name\":\"Renan\",\"@id\":\"https:\\\/\\\/mundosemfim.com\\\/#\\\/schema\\\/person\\\/b021d50f3a19bae432e9b69ffbfa9257\"},\"headline\":\"16 destinos espetaculares e pouco conhecidos na Am\u00e9rica do Sul\",\"datePublished\":\"2017-03-03T22:07:45+00:00\",\"dateModified\":\"2017-03-21T19:05:30+00:00\",\"mainEntityOfPage\":{\"@id\":\"https:\\\/\\\/mundosemfim.com\\\/?p=5473\"},\"wordCount\":1984,\"commentCount\":6,\"image\":{\"@id\":\"https:\\\/\\\/mundosemfim.com\\\/?p=5473#primaryimage\"},\"thumbnailUrl\":\"https:\\\/\\\/i0.wp.com\\\/mundosemfim.com\\\/wp-content\\\/uploads\\\/2016\\\/07\\\/DSC_0041.jpg?fit=1020%2C680&ssl=1\",\"articleSection\":[\"Am\u00e9rica do Sul\",\"dicas\",\"featured\",\"top 10\"],\"inLanguage\":\"pt-BR\",\"potentialAction\":[{\"@type\":\"CommentAction\",\"name\":\"Comment\",\"target\":[\"https:\\\/\\\/mundosemfim.com\\\/?p=5473#respond\"]}]},{\"@type\":\"WebPage\",\"@id\":\"https:\\\/\\\/mundosemfim.com\\\/?p=5473\",\"url\":\"https:\\\/\\\/mundosemfim.com\\\/?p=5473\",\"name\":\"16 destinos espetaculares e pouco conhecidos na Am\u00e9rica do Sul - Mundo Sem Fim\",\"isPartOf\":{\"@id\":\"https:\\\/\\\/mundosemfim.com\\\/#website\"},\"primaryImageOfPage\":{\"@id\":\"https:\\\/\\\/mundosemfim.com\\\/?p=5473#primaryimage\"},\"image\":{\"@id\":\"https:\\\/\\\/mundosemfim.com\\\/?p=5473#primaryimage\"},\"thumbnailUrl\":\"https:\\\/\\\/i0.wp.com\\\/mundosemfim.com\\\/wp-content\\\/uploads\\\/2016\\\/07\\\/DSC_0041.jpg?fit=1020%2C680&ssl=1\",\"datePublished\":\"2017-03-03T22:07:45+00:00\",\"dateModified\":\"2017-03-21T19:05:30+00:00\",\"author\":{\"@id\":\"https:\\\/\\\/mundosemfim.com\\\/#\\\/schema\\\/person\\\/b021d50f3a19bae432e9b69ffbfa9257\"},\"breadcrumb\":{\"@id\":\"https:\\\/\\\/mundosemfim.com\\\/?p=5473#breadcrumb\"},\"inLanguage\":\"pt-BR\",\"potentialAction\":[{\"@type\":\"ReadAction\",\"target\":[\"https:\\\/\\\/mundosemfim.com\\\/?p=5473\"]}]},{\"@type\":\"ImageObject\",\"inLanguage\":\"pt-BR\",\"@id\":\"https:\\\/\\\/mundosemfim.com\\\/?p=5473#primaryimage\",\"url\":\"https:\\\/\\\/i0.wp.com\\\/mundosemfim.com\\\/wp-content\\\/uploads\\\/2016\\\/07\\\/DSC_0041.jpg?fit=1020%2C680&ssl=1\",\"contentUrl\":\"https:\\\/\\\/i0.wp.com\\\/mundosemfim.com\\\/wp-content\\\/uploads\\\/2016\\\/07\\\/DSC_0041.jpg?fit=1020%2C680&ssl=1\",\"width\":1020,\"height\":680,\"caption\":\"Mucuvinha em Kuelap\"},{\"@type\":\"BreadcrumbList\",\"@id\":\"https:\\\/\\\/mundosemfim.com\\\/?p=5473#breadcrumb\",\"itemListElement\":[{\"@type\":\"ListItem\",\"position\":1,\"name\":\"In\u00edcio\",\"item\":\"https:\\\/\\\/mundosemfim.com\\\/\"},{\"@type\":\"ListItem\",\"position\":2,\"name\":\"16 destinos espetaculares e pouco conhecidos na Am\u00e9rica do Sul\"}]},{\"@type\":\"WebSite\",\"@id\":\"https:\\\/\\\/mundosemfim.com\\\/#website\",\"url\":\"https:\\\/\\\/mundosemfim.com\\\/\",\"name\":\"Mundo Sem Fim\",\"description\":\"uma viagem de volta ao mundo pelos 5 continentes!\",\"potentialAction\":[{\"@type\":\"SearchAction\",\"target\":{\"@type\":\"EntryPoint\",\"urlTemplate\":\"https:\\\/\\\/mundosemfim.com\\\/?s={search_term_string}\"},\"query-input\":{\"@type\":\"PropertyValueSpecification\",\"valueRequired\":true,\"valueName\":\"search_term_string\"}}],\"inLanguage\":\"pt-BR\"},{\"@type\":\"Person\",\"@id\":\"https:\\\/\\\/mundosemfim.com\\\/#\\\/schema\\\/person\\\/b021d50f3a19bae432e9b69ffbfa9257\",\"name\":\"Renan\",\"image\":{\"@type\":\"ImageObject\",\"inLanguage\":\"pt-BR\",\"@id\":\"https:\\\/\\\/secure.gravatar.com\\\/avatar\\\/faafca769a603ac75196d21826f3bda645d7e2d6306bb6e236d8cdb38eb44e38?s=96&d=mm&r=g\",\"url\":\"https:\\\/\\\/secure.gravatar.com\\\/avatar\\\/faafca769a603ac75196d21826f3bda645d7e2d6306bb6e236d8cdb38eb44e38?s=96&d=mm&r=g\",\"contentUrl\":\"https:\\\/\\\/secure.gravatar.com\\\/avatar\\\/faafca769a603ac75196d21826f3bda645d7e2d6306bb6e236d8cdb38eb44e38?s=96&d=mm&r=g\",\"caption\":\"Renan\"}}]}<\/script>\n<!-- \/ Yoast SEO plugin. -->","yoast_head_json":{"title":"16 destinos espetaculares e pouco conhecidos na Am\u00e9rica do Sul - Mundo Sem Fim","robots":{"index":"index","follow":"follow","max-snippet":"max-snippet:-1","max-image-preview":"max-image-preview:large","max-video-preview":"max-video-preview:-1"},"canonical":"https:\/\/mundosemfim.com\/?p=5473","og_locale":"pt_BR","og_type":"article","og_title":"16 destinos espetaculares e pouco conhecidos na Am\u00e9rica do Sul - Mundo Sem Fim","og_description":"J\u00e1 que vamos deixando nosso continente para tr\u00e1s, compartilhamos aqui alguns lugares que nem imagin\u00e1vamos que existiam, e que nos deixaram de queixo ca\u00eddo. Nas suas pr\u00f3ximas f\u00e9rias, n\u00e3o deixe de inclu\u00ed-los em seu roteiro!","og_url":"https:\/\/mundosemfim.com\/?p=5473","og_site_name":"Mundo Sem Fim","article_publisher":"http:\/\/www.facebook.com\/mundosemfimoficial","article_published_time":"2017-03-03T22:07:45+00:00","article_modified_time":"2017-03-21T19:05:30+00:00","og_image":[{"width":1020,"height":680,"url":"https:\/\/i0.wp.com\/mundosemfim.com\/wp-content\/uploads\/2016\/07\/DSC_0041.jpg?fit=1020%2C680&ssl=1","type":"image\/jpeg"}],"author":"Renan","twitter_card":"summary_large_image","twitter_misc":{"Escrito por":"Renan","Est. tempo de leitura":"10 minutos"},"schema":{"@context":"https:\/\/schema.org","@graph":[{"@type":"Article","@id":"https:\/\/mundosemfim.com\/?p=5473#article","isPartOf":{"@id":"https:\/\/mundosemfim.com\/?p=5473"},"author":{"name":"Renan","@id":"https:\/\/mundosemfim.com\/#\/schema\/person\/b021d50f3a19bae432e9b69ffbfa9257"},"headline":"16 destinos espetaculares e pouco conhecidos na Am\u00e9rica do Sul","datePublished":"2017-03-03T22:07:45+00:00","dateModified":"2017-03-21T19:05:30+00:00","mainEntityOfPage":{"@id":"https:\/\/mundosemfim.com\/?p=5473"},"wordCount":1984,"commentCount":6,"image":{"@id":"https:\/\/mundosemfim.com\/?p=5473#primaryimage"},"thumbnailUrl":"https:\/\/i0.wp.com\/mundosemfim.com\/wp-content\/uploads\/2016\/07\/DSC_0041.jpg?fit=1020%2C680&ssl=1","articleSection":["Am\u00e9rica do Sul","dicas","featured","top 10"],"inLanguage":"pt-BR","potentialAction":[{"@type":"CommentAction","name":"Comment","target":["https:\/\/mundosemfim.com\/?p=5473#respond"]}]},{"@type":"WebPage","@id":"https:\/\/mundosemfim.com\/?p=5473","url":"https:\/\/mundosemfim.com\/?p=5473","name":"16 destinos espetaculares e pouco conhecidos na Am\u00e9rica do Sul - Mundo Sem Fim","isPartOf":{"@id":"https:\/\/mundosemfim.com\/#website"},"primaryImageOfPage":{"@id":"https:\/\/mundosemfim.com\/?p=5473#primaryimage"},"image":{"@id":"https:\/\/mundosemfim.com\/?p=5473#primaryimage"},"thumbnailUrl":"https:\/\/i0.wp.com\/mundosemfim.com\/wp-content\/uploads\/2016\/07\/DSC_0041.jpg?fit=1020%2C680&ssl=1","datePublished":"2017-03-03T22:07:45+00:00","dateModified":"2017-03-21T19:05:30+00:00","author":{"@id":"https:\/\/mundosemfim.com\/#\/schema\/person\/b021d50f3a19bae432e9b69ffbfa9257"},"breadcrumb":{"@id":"https:\/\/mundosemfim.com\/?p=5473#breadcrumb"},"inLanguage":"pt-BR","potentialAction":[{"@type":"ReadAction","target":["https:\/\/mundosemfim.com\/?p=5473"]}]},{"@type":"ImageObject","inLanguage":"pt-BR","@id":"https:\/\/mundosemfim.com\/?p=5473#primaryimage","url":"https:\/\/i0.wp.com\/mundosemfim.com\/wp-content\/uploads\/2016\/07\/DSC_0041.jpg?fit=1020%2C680&ssl=1","contentUrl":"https:\/\/i0.wp.com\/mundosemfim.com\/wp-content\/uploads\/2016\/07\/DSC_0041.jpg?fit=1020%2C680&ssl=1","width":1020,"height":680,"caption":"Mucuvinha em Kuelap"},{"@type":"BreadcrumbList","@id":"https:\/\/mundosemfim.com\/?p=5473#breadcrumb","itemListElement":[{"@type":"ListItem","position":1,"name":"In\u00edcio","item":"https:\/\/mundosemfim.com\/"},{"@type":"ListItem","position":2,"name":"16 destinos espetaculares e pouco conhecidos na Am\u00e9rica do Sul"}]},{"@type":"WebSite","@id":"https:\/\/mundosemfim.com\/#website","url":"https:\/\/mundosemfim.com\/","name":"Mundo Sem Fim","description":"uma viagem de volta ao mundo pelos 5 continentes!","potentialAction":[{"@type":"SearchAction","target":{"@type":"EntryPoint","urlTemplate":"https:\/\/mundosemfim.com\/?s={search_term_string}"},"query-input":{"@type":"PropertyValueSpecification","valueRequired":true,"valueName":"search_term_string"}}],"inLanguage":"pt-BR"},{"@type":"Person","@id":"https:\/\/mundosemfim.com\/#\/schema\/person\/b021d50f3a19bae432e9b69ffbfa9257","name":"Renan","image":{"@type":"ImageObject","inLanguage":"pt-BR","@id":"https:\/\/secure.gravatar.com\/avatar\/faafca769a603ac75196d21826f3bda645d7e2d6306bb6e236d8cdb38eb44e38?s=96&d=mm&r=g","url":"https:\/\/secure.gravatar.com\/avatar\/faafca769a603ac75196d21826f3bda645d7e2d6306bb6e236d8cdb38eb44e38?s=96&d=mm&r=g","contentUrl":"https:\/\/secure.gravatar.com\/avatar\/faafca769a603ac75196d21826f3bda645d7e2d6306bb6e236d8cdb38eb44e38?s=96&d=mm&r=g","caption":"Renan"}}]}},"jetpack_publicize_connections":[],"jetpack_featured_media_url":"https:\/\/i0.wp.com\/mundosemfim.com\/wp-content\/uploads\/2016\/07\/DSC_0041.jpg?fit=1020%2C680&ssl=1","jetpack_sharing_enabled":true,"jetpack_shortlink":"https:\/\/wp.me\/p7CQyF-1qh","jetpack-related-posts":[{"id":3567,"url":"https:\/\/mundosemfim.com\/?p=3567","url_meta":{"origin":5473,"position":0},"title":"10 lugares imperd\u00edveis na Argentina","author":"Renan","date":"junho 16, 2016","format":false,"excerpt":"Depois de percorrer a Argentina de ponta-a-ponta, nada mais justo que compartilhar com voc\u00eas o melhor dos nossos vizinhos! Aqui est\u00e1 o top 10 Argentina, na nossa opini\u00e3o! Foi dif\u00edcil escolher apenas 10 lugares incr\u00edveis na Argentina, mas, depois de tanto pensar, chegamos a este resultado (n\u00e3o est\u00e1 em ordem\u2026","rel":"","context":"Em &quot;Aconc\u00e1gua&quot;","block_context":{"text":"Aconc\u00e1gua","link":"https:\/\/mundosemfim.com\/?cat=5"},"img":{"alt_text":"","src":"https:\/\/i0.wp.com\/mundosemfim.com\/wp-content\/uploads\/2016\/06\/fitz-roy.jpg?fit=1080%2C720&ssl=1&resize=350%2C200","width":350,"height":200,"srcset":"https:\/\/i0.wp.com\/mundosemfim.com\/wp-content\/uploads\/2016\/06\/fitz-roy.jpg?fit=1080%2C720&ssl=1&resize=350%2C200 1x, https:\/\/i0.wp.com\/mundosemfim.com\/wp-content\/uploads\/2016\/06\/fitz-roy.jpg?fit=1080%2C720&ssl=1&resize=525%2C300 1.5x, https:\/\/i0.wp.com\/mundosemfim.com\/wp-content\/uploads\/2016\/06\/fitz-roy.jpg?fit=1080%2C720&ssl=1&resize=700%2C400 2x, https:\/\/i0.wp.com\/mundosemfim.com\/wp-content\/uploads\/2016\/06\/fitz-roy.jpg?fit=1080%2C720&ssl=1&resize=1050%2C600 3x"},"classes":[]},{"id":595,"url":"https:\/\/mundosemfim.com\/?p=595","url_meta":{"origin":5473,"position":1},"title":"El Chalt\u00e9n e o Fitz Roy &#8211; O para\u00edso de quem gosta de trilhas!","author":"Renan","date":"janeiro 19, 2016","format":false,"excerpt":"Destino cada vez mais explorado por brasileiros e a Meca dos trilheiros, a pequena cidade de El Chalt\u00e9n \u00e9 uma das portas de entrada ao Parque Nacional Los Glaciares, e oferece vistas incr\u00edveis a glaciais, lagoas de \u00e1gua cor de esmeralda e montes rochosos cobertos de neve. E o melhor:\u2026","rel":"","context":"Em &quot;Am\u00e9rica do Sul&quot;","block_context":{"text":"Am\u00e9rica do Sul","link":"https:\/\/mundosemfim.com\/?cat=6"},"img":{"alt_text":"","src":"https:\/\/i0.wp.com\/mundosemfim.com\/wp-content\/uploads\/2016\/01\/dsc_0661.jpg?fit=1200%2C801&ssl=1&resize=350%2C200","width":350,"height":200,"srcset":"https:\/\/i0.wp.com\/mundosemfim.com\/wp-content\/uploads\/2016\/01\/dsc_0661.jpg?fit=1200%2C801&ssl=1&resize=350%2C200 1x, https:\/\/i0.wp.com\/mundosemfim.com\/wp-content\/uploads\/2016\/01\/dsc_0661.jpg?fit=1200%2C801&ssl=1&resize=525%2C300 1.5x, https:\/\/i0.wp.com\/mundosemfim.com\/wp-content\/uploads\/2016\/01\/dsc_0661.jpg?fit=1200%2C801&ssl=1&resize=700%2C400 2x, https:\/\/i0.wp.com\/mundosemfim.com\/wp-content\/uploads\/2016\/01\/dsc_0661.jpg?fit=1200%2C801&ssl=1&resize=1050%2C600 3x"},"classes":[]},{"id":8019,"url":"https:\/\/mundosemfim.com\/?p=8019","url_meta":{"origin":5473,"position":2},"title":"10 Curiosidades sobre a Argentina","author":"Renan","date":"maio 29, 2018","format":false,"excerpt":"Quer conhecer mais sobre os nossos\u00a0hermanos? Aqui est\u00e3o 10 curiosidades sobre a Argentina! 1. O pico mais alto da Am\u00e9rica \u00e9 o Aconc\u00e1gua, e fica na Argentina. Tem quase 7 mil metros de altitude. 2. Che Guevara era argentino. A casa onde ele viveu sua inf\u00e2ncia fica na cidade de\u2026","rel":"","context":"Em &quot;Am\u00e9rica do Sul&quot;","block_context":{"text":"Am\u00e9rica do Sul","link":"https:\/\/mundosemfim.com\/?cat=6"},"img":{"alt_text":"","src":"https:\/\/i0.wp.com\/mundosemfim.com\/wp-content\/uploads\/2016\/03\/pc070178.jpg?fit=1184%2C694&ssl=1&resize=350%2C200","width":350,"height":200,"srcset":"https:\/\/i0.wp.com\/mundosemfim.com\/wp-content\/uploads\/2016\/03\/pc070178.jpg?fit=1184%2C694&ssl=1&resize=350%2C200 1x, https:\/\/i0.wp.com\/mundosemfim.com\/wp-content\/uploads\/2016\/03\/pc070178.jpg?fit=1184%2C694&ssl=1&resize=525%2C300 1.5x, https:\/\/i0.wp.com\/mundosemfim.com\/wp-content\/uploads\/2016\/03\/pc070178.jpg?fit=1184%2C694&ssl=1&resize=700%2C400 2x, https:\/\/i0.wp.com\/mundosemfim.com\/wp-content\/uploads\/2016\/03\/pc070178.jpg?fit=1184%2C694&ssl=1&resize=1050%2C600 3x"},"classes":[]},{"id":5016,"url":"https:\/\/mundosemfim.com\/?p=5016","url_meta":{"origin":5473,"position":3},"title":"Top 15 Am\u00e9rica do Sul &#8211; Destinos imperd\u00edveis no nosso continente!","author":"Renan","date":"fevereiro 4, 2017","format":false,"excerpt":"Lugares imperd\u00edveis da Am\u00e9rica do Sul? Aqui est\u00e1 a lista dos 15 que mais gostamos! A ideia era criar um TOP 10, mas nosso continente tem tantas belezas que foi imposs\u00edvel escolher t\u00e3o poucos destinos. Por fim chegamos a lista dos 15 mais (e mesmo assim foi bem dif\u00edcil deixar\u2026","rel":"","context":"Em &quot;Am\u00e9rica do Sul&quot;","block_context":{"text":"Am\u00e9rica do Sul","link":"https:\/\/mundosemfim.com\/?cat=6"},"img":{"alt_text":"Mucuvinha em Machu Picchu","src":"https:\/\/i0.wp.com\/mundosemfim.com\/wp-content\/uploads\/2017\/02\/DSC_0011.jpg?fit=1000%2C667&ssl=1&resize=350%2C200","width":350,"height":200,"srcset":"https:\/\/i0.wp.com\/mundosemfim.com\/wp-content\/uploads\/2017\/02\/DSC_0011.jpg?fit=1000%2C667&ssl=1&resize=350%2C200 1x, https:\/\/i0.wp.com\/mundosemfim.com\/wp-content\/uploads\/2017\/02\/DSC_0011.jpg?fit=1000%2C667&ssl=1&resize=525%2C300 1.5x, https:\/\/i0.wp.com\/mundosemfim.com\/wp-content\/uploads\/2017\/02\/DSC_0011.jpg?fit=1000%2C667&ssl=1&resize=700%2C400 2x"},"classes":[]},{"id":4388,"url":"https:\/\/mundosemfim.com\/?p=4388","url_meta":{"origin":5473,"position":4},"title":"1 ano mochilando pela Am\u00e9rica do Sul! &#8211; Planilha de gastos, fotos, dicas e muito mais!","author":"Renan","date":"outubro 11, 2016","format":false,"excerpt":"1 ano viajando pela Am\u00e9rica do Sul \u2013 descemos at\u00e9 o Ushuaia e depois subimos at\u00e9 a Col\u00f4mbia, sem pegar nenhum voo. Aqui compartilhamos tudo com voc\u00eas, inclusive nossa planilha de gastos! 12 meses mochilando pelo nosso continente. Foram 7 pa\u00edses: Uruguai, Argentina, Chile, Bolivia, Peru, Equador e Col\u00f4mbia, e\u2026","rel":"","context":"Em &quot;Am\u00e9rica do Sul&quot;","block_context":{"text":"Am\u00e9rica do Sul","link":"https:\/\/mundosemfim.com\/?cat=6"},"img":{"alt_text":"","src":"https:\/\/i0.wp.com\/mundosemfim.com\/wp-content\/uploads\/2016\/10\/mapa-1.png?fit=582%2C559&ssl=1&resize=350%2C200","width":350,"height":200,"srcset":"https:\/\/i0.wp.com\/mundosemfim.com\/wp-content\/uploads\/2016\/10\/mapa-1.png?fit=582%2C559&ssl=1&resize=350%2C200 1x, https:\/\/i0.wp.com\/mundosemfim.com\/wp-content\/uploads\/2016\/10\/mapa-1.png?fit=582%2C559&ssl=1&resize=525%2C300 1.5x"},"classes":[]},{"id":4057,"url":"https:\/\/mundosemfim.com\/?p=4057","url_meta":{"origin":5473,"position":5},"title":"Roteiros pela Patag\u00f4nia \u2013 dicas para aproveitar ao m\u00e1ximo esta regi\u00e3o maravilhosa!","author":"Renan","date":"agosto 29, 2016","format":false,"excerpt":"Muitas pessoas nos procuram perguntando sobre roteiro e pedindo sugest\u00f5es para conhecer a Patag\u00f4nia. Por isso, resolvemos postar aqui alguns roteiros e dicas para aproveitar ao m\u00e1ximo este lugar! Com picos nevados, glaciares, lagoas azuis e parques nacionais para tudo que \u00e9 lado, a Patag\u00f4nia, regi\u00e3o compartilhada pelo sul da\u2026","rel":"","context":"Em &quot;Am\u00e9rica do Sul&quot;","block_context":{"text":"Am\u00e9rica do Sul","link":"https:\/\/mundosemfim.com\/?cat=6"},"img":{"alt_text":"","src":"https:\/\/i0.wp.com\/mundosemfim.com\/wp-content\/uploads\/2016\/08\/DSC_0624-1.jpg?fit=717%2C421&ssl=1&resize=350%2C200","width":350,"height":200,"srcset":"https:\/\/i0.wp.com\/mundosemfim.com\/wp-content\/uploads\/2016\/08\/DSC_0624-1.jpg?fit=717%2C421&ssl=1&resize=350%2C200 1x, https:\/\/i0.wp.com\/mundosemfim.com\/wp-content\/uploads\/2016\/08\/DSC_0624-1.jpg?fit=717%2C421&ssl=1&resize=525%2C300 1.5x, https:\/\/i0.wp.com\/mundosemfim.com\/wp-content\/uploads\/2016\/08\/DSC_0624-1.jpg?fit=717%2C421&ssl=1&resize=700%2C400 2x"},"classes":[]}],"_links":{"self":[{"href":"https:\/\/mundosemfim.com\/index.php?rest_route=\/wp\/v2\/posts\/5473","targetHints":{"allow":["GET"]}}],"collection":[{"href":"https:\/\/mundosemfim.com\/index.php?rest_route=\/wp\/v2\/posts"}],"about":[{"href":"https:\/\/mundosemfim.com\/index.php?rest_route=\/wp\/v2\/types\/post"}],"author":[{"embeddable":true,"href":"https:\/\/mundosemfim.com\/index.php?rest_route=\/wp\/v2\/users\/1"}],"replies":[{"embeddable":true,"href":"https:\/\/mundosemfim.com\/index.php?rest_route=%2Fwp%2Fv2%2Fcomments&post=5473"}],"version-history":[{"count":4,"href":"https:\/\/mundosemfim.com\/index.php?rest_route=\/wp\/v2\/posts\/5473\/revisions"}],"predecessor-version":[{"id":5531,"href":"https:\/\/mundosemfim.com\/index.php?rest_route=\/wp\/v2\/posts\/5473\/revisions\/5531"}],"wp:featuredmedia":[{"embeddable":true,"href":"https:\/\/mundosemfim.com\/index.php?rest_route=\/wp\/v2\/media\/3802"}],"wp:attachment":[{"href":"https:\/\/mundosemfim.com\/index.php?rest_route=%2Fwp%2Fv2%2Fmedia&parent=5473"}],"wp:term":[{"taxonomy":"category","embeddable":true,"href":"https:\/\/mundosemfim.com\/index.php?rest_route=%2Fwp%2Fv2%2Fcategories&post=5473"},{"taxonomy":"post_tag","embeddable":true,"href":"https:\/\/mundosemfim.com\/index.php?rest_route=%2Fwp%2Fv2%2Ftags&post=5473"}],"curies":[{"name":"wp","href":"https:\/\/api.w.org\/{rel}","templated":true}]}}