{"id":5458,"date":"2017-02-27T18:24:22","date_gmt":"2017-02-27T21:24:22","guid":{"rendered":"https:\/\/mundosemfim.com\/?p=5458"},"modified":"2017-02-27T18:24:22","modified_gmt":"2017-02-27T21:24:22","slug":"carnaval-de-barranquilla-conheca-maior-festa-da-colombia","status":"publish","type":"post","link":"https:\/\/mundosemfim.com\/?p=5458","title":{"rendered":"Carnaval de Barranquilla \u2013 conhe\u00e7a a maior festa da Col\u00f4mbia!"},"content":{"rendered":"<p><a href=\"https:\/\/mundosemfim.com\/patrimonios-da-unesco\/\">Patrim\u00f4nio imaterial da UNESCO<\/a>, maior festa do pa\u00eds e segundo maior carnaval do mundo \u2013 com essa festa, nossos vizinhos provam que tamb\u00e9m s\u00e3o excelentes carnavaleiros. Venha conhecer como \u00e9!<\/p>\n<p><!--more--><b>C\u00e2mbio oficial (fev\/2017)<br \/>\n<\/b>1 real = 930 pesos colombianos<br \/>\n1 d\u00f3lar = 2900 pesos colombianos<\/p>\n<figure id=\"attachment_5460\" aria-describedby=\"caption-attachment-5460\" style=\"width: 1000px\" class=\"wp-caption aligncenter\"><img data-recalc-dims=\"1\" loading=\"lazy\" decoding=\"async\" data-attachment-id=\"5460\" data-permalink=\"https:\/\/mundosemfim.com\/?attachment_id=5460\" data-orig-file=\"https:\/\/i0.wp.com\/mundosemfim.com\/wp-content\/uploads\/2017\/02\/DSC_0015-2.jpg?fit=1000%2C667&amp;ssl=1\" data-orig-size=\"1000,667\" data-comments-opened=\"1\" data-image-meta=\"{&quot;aperture&quot;:&quot;0&quot;,&quot;credit&quot;:&quot;&quot;,&quot;camera&quot;:&quot;&quot;,&quot;caption&quot;:&quot;&quot;,&quot;created_timestamp&quot;:&quot;0&quot;,&quot;copyright&quot;:&quot;&quot;,&quot;focal_length&quot;:&quot;0&quot;,&quot;iso&quot;:&quot;0&quot;,&quot;shutter_speed&quot;:&quot;0&quot;,&quot;title&quot;:&quot;&quot;,&quot;orientation&quot;:&quot;0&quot;}\" data-image-title=\"Carnaval de Barranquilla\" data-image-description=\"&lt;p&gt;Carnaval de Barranquilla&lt;\/p&gt;\n\" data-image-caption=\"&lt;p&gt;Crian\u00e7as colombianas curtindo o carnaval de Barranquilla&lt;\/p&gt;\n\" data-large-file=\"https:\/\/i0.wp.com\/mundosemfim.com\/wp-content\/uploads\/2017\/02\/DSC_0015-2.jpg?fit=764%2C510&amp;ssl=1\" class=\"size-full wp-image-5460\" src=\"https:\/\/i0.wp.com\/mundosemfim.com\/wp-content\/uploads\/2017\/02\/DSC_0015-2.jpg?resize=764%2C510&#038;ssl=1\" alt=\"Carnaval de Barranquilla\" width=\"764\" height=\"510\" srcset=\"https:\/\/i0.wp.com\/mundosemfim.com\/wp-content\/uploads\/2017\/02\/DSC_0015-2.jpg?w=1000&amp;ssl=1 1000w, https:\/\/i0.wp.com\/mundosemfim.com\/wp-content\/uploads\/2017\/02\/DSC_0015-2.jpg?resize=300%2C200&amp;ssl=1 300w, https:\/\/i0.wp.com\/mundosemfim.com\/wp-content\/uploads\/2017\/02\/DSC_0015-2.jpg?resize=768%2C512&amp;ssl=1 768w\" sizes=\"auto, (max-width: 764px) 100vw, 764px\" \/><figcaption id=\"caption-attachment-5460\" class=\"wp-caption-text\">Crian\u00e7as colombianas curtindo o carnaval de Barranquilla<\/figcaption><\/figure>\n<h3><b>Hist\u00f3ria<\/b><\/h3>\n<p>Com mais de 1 s\u00e9culo de hist\u00f3ria, o carnaval de Barranquilla come\u00e7ou quando a cidade ainda muito pequena. Hoje Barranquilla j\u00e1 tem mais de 2 milh\u00f5es de habitantes, e seu carnaval cresceu proporcionalmente, sendo atualmente considerado o segundo maior do mundo (depois do brasileiro, que\u00a0\u00e9 considerado como uma grande festa s\u00f3).<\/p>\n<p>Com origens europeias e um forte tempero africano, misturados a um povo extremamente alegre e simp\u00e1tico, a festa colombiana \u00e9 muito parecida com a do Brasil, com fantasias coloridas, carros aleg\u00f3ricos e muita cerveja.<\/p>\n<figure id=\"attachment_5461\" aria-describedby=\"caption-attachment-5461\" style=\"width: 1000px\" class=\"wp-caption aligncenter\"><img data-recalc-dims=\"1\" loading=\"lazy\" decoding=\"async\" data-attachment-id=\"5461\" data-permalink=\"https:\/\/mundosemfim.com\/?attachment_id=5461\" data-orig-file=\"https:\/\/i0.wp.com\/mundosemfim.com\/wp-content\/uploads\/2017\/02\/DSC_0175.jpg?fit=1000%2C667&amp;ssl=1\" data-orig-size=\"1000,667\" data-comments-opened=\"1\" data-image-meta=\"{&quot;aperture&quot;:&quot;0&quot;,&quot;credit&quot;:&quot;&quot;,&quot;camera&quot;:&quot;&quot;,&quot;caption&quot;:&quot;&quot;,&quot;created_timestamp&quot;:&quot;0&quot;,&quot;copyright&quot;:&quot;&quot;,&quot;focal_length&quot;:&quot;0&quot;,&quot;iso&quot;:&quot;0&quot;,&quot;shutter_speed&quot;:&quot;0&quot;,&quot;title&quot;:&quot;&quot;,&quot;orientation&quot;:&quot;0&quot;}\" data-image-title=\"Carnaval de Barranquilla\" data-image-description=\"&lt;p&gt;Carnaval de Barranquilla&lt;\/p&gt;\n\" data-image-caption=\"&lt;p&gt;Apesar das pequenas diferen\u00e7as culturais, o carnaval colombiano tem muitas semelhan\u00e7as com o brasileiro.&lt;\/p&gt;\n\" data-large-file=\"https:\/\/i0.wp.com\/mundosemfim.com\/wp-content\/uploads\/2017\/02\/DSC_0175.jpg?fit=764%2C510&amp;ssl=1\" class=\"size-full wp-image-5461\" src=\"https:\/\/i0.wp.com\/mundosemfim.com\/wp-content\/uploads\/2017\/02\/DSC_0175.jpg?resize=764%2C510&#038;ssl=1\" alt=\"Carnaval de Barranquilla\" width=\"764\" height=\"510\" srcset=\"https:\/\/i0.wp.com\/mundosemfim.com\/wp-content\/uploads\/2017\/02\/DSC_0175.jpg?w=1000&amp;ssl=1 1000w, https:\/\/i0.wp.com\/mundosemfim.com\/wp-content\/uploads\/2017\/02\/DSC_0175.jpg?resize=300%2C200&amp;ssl=1 300w, https:\/\/i0.wp.com\/mundosemfim.com\/wp-content\/uploads\/2017\/02\/DSC_0175.jpg?resize=768%2C512&amp;ssl=1 768w\" sizes=\"auto, (max-width: 764px) 100vw, 764px\" \/><figcaption id=\"caption-attachment-5461\" class=\"wp-caption-text\">Apesar das pequenas diferen\u00e7as culturais, o carnaval colombiano tem muitas semelhan\u00e7as com o brasileiro.<\/figcaption><\/figure>\n<p>Um fato interessante que lemos \u00e9 que, originalmente, este carnaval seria celebrado em <a href=\"https:\/\/mundosemfim.com\/guia-completo-sobre-cartagena-o-que-fazer-onde-se-hospedar-como-economizar-etc\/\">Cartagena<\/a>, mas na \u00e9poca os moradores da cidade foram contra. Imagine como devem se arrepender&#8230;<\/p>\n<p>Em 2003, o Carnaval de Barranquilla ganhou o t\u00edtulo de <a href=\"https:\/\/mundosemfim.com\/patrimonios-da-unesco\/\">Patrim\u00f4nio Cultural Imaterial pela UNESCO<\/a>. Se estiver pela Col\u00f4mbia nesta \u00e9poca, seria um crime perd\u00ea-lo!<\/p>\n<h3><b>Quando acontece?<\/b><\/h3>\n<p>O carnaval de Barranquilla acontece na mesma data que o carnaval brasileiro, iniciando em um s\u00e1bado e terminando na ter\u00e7a-feira.<\/p>\n<p>Para ver a data certa e a programa\u00e7\u00e3o completa de cada ano, confira este site:<br \/>\n<a href=\"http:\/\/www.carnavaldebarranquilla.org\/\">www.carnavaldebarranquilla.org<\/a><\/p>\n<figure id=\"attachment_5462\" aria-describedby=\"caption-attachment-5462\" style=\"width: 1000px\" class=\"wp-caption aligncenter\"><img data-recalc-dims=\"1\" loading=\"lazy\" decoding=\"async\" data-attachment-id=\"5462\" data-permalink=\"https:\/\/mundosemfim.com\/?attachment_id=5462\" data-orig-file=\"https:\/\/i0.wp.com\/mundosemfim.com\/wp-content\/uploads\/2017\/02\/DSC_0218.jpg?fit=1000%2C667&amp;ssl=1\" data-orig-size=\"1000,667\" data-comments-opened=\"1\" data-image-meta=\"{&quot;aperture&quot;:&quot;0&quot;,&quot;credit&quot;:&quot;&quot;,&quot;camera&quot;:&quot;&quot;,&quot;caption&quot;:&quot;&quot;,&quot;created_timestamp&quot;:&quot;0&quot;,&quot;copyright&quot;:&quot;&quot;,&quot;focal_length&quot;:&quot;0&quot;,&quot;iso&quot;:&quot;0&quot;,&quot;shutter_speed&quot;:&quot;0&quot;,&quot;title&quot;:&quot;&quot;,&quot;orientation&quot;:&quot;0&quot;}\" data-image-title=\"Carnaval de Barranquilla\" data-image-description=\"&lt;p&gt;Carnaval de Barranquilla&lt;\/p&gt;\n\" data-image-caption=\"&lt;p&gt;At\u00e9 o Mucuvinha pode sambar em um carro aleg\u00f3rico!&lt;\/p&gt;\n\" data-large-file=\"https:\/\/i0.wp.com\/mundosemfim.com\/wp-content\/uploads\/2017\/02\/DSC_0218.jpg?fit=764%2C510&amp;ssl=1\" class=\"size-full wp-image-5462\" src=\"https:\/\/i0.wp.com\/mundosemfim.com\/wp-content\/uploads\/2017\/02\/DSC_0218.jpg?resize=764%2C510&#038;ssl=1\" alt=\"Carnaval de Barranquilla\" width=\"764\" height=\"510\" srcset=\"https:\/\/i0.wp.com\/mundosemfim.com\/wp-content\/uploads\/2017\/02\/DSC_0218.jpg?w=1000&amp;ssl=1 1000w, https:\/\/i0.wp.com\/mundosemfim.com\/wp-content\/uploads\/2017\/02\/DSC_0218.jpg?resize=300%2C200&amp;ssl=1 300w, https:\/\/i0.wp.com\/mundosemfim.com\/wp-content\/uploads\/2017\/02\/DSC_0218.jpg?resize=768%2C512&amp;ssl=1 768w\" sizes=\"auto, (max-width: 764px) 100vw, 764px\" \/><figcaption id=\"caption-attachment-5462\" class=\"wp-caption-text\">At\u00e9 o Mucuvinha pode sambar em um carro aleg\u00f3rico!<\/figcaption><\/figure>\n<h3><b>Quanto custa?<\/b><\/h3>\n<p>Assim como no Brasil, o carnaval de Barranquilla possui muita festa gratuita na rua. Se quiser um lugar na arquibancada para ver o desfile e entradas a todos os eventos, \u00e9 poss\u00edvel comprar um passe para os\u00a03 dias por valores a partir de 200 mil pesos.<\/p>\n<p>O bom \u00e9 que beber e comer na rua \u00e9 barato. Mesmo no meio do fervo, \u00e9 poss\u00edvel comprar uma lata de cerveja por 2500 pesos. Este tamb\u00e9m \u00e9 o valor de um x-salada por l\u00e1.<\/p>\n<figure id=\"attachment_5463\" aria-describedby=\"caption-attachment-5463\" style=\"width: 1000px\" class=\"wp-caption aligncenter\"><img data-recalc-dims=\"1\" loading=\"lazy\" decoding=\"async\" data-attachment-id=\"5463\" data-permalink=\"https:\/\/mundosemfim.com\/?attachment_id=5463\" data-orig-file=\"https:\/\/i0.wp.com\/mundosemfim.com\/wp-content\/uploads\/2017\/02\/DSC_0105-1.jpg?fit=1000%2C667&amp;ssl=1\" data-orig-size=\"1000,667\" data-comments-opened=\"1\" data-image-meta=\"{&quot;aperture&quot;:&quot;0&quot;,&quot;credit&quot;:&quot;&quot;,&quot;camera&quot;:&quot;&quot;,&quot;caption&quot;:&quot;&quot;,&quot;created_timestamp&quot;:&quot;0&quot;,&quot;copyright&quot;:&quot;&quot;,&quot;focal_length&quot;:&quot;0&quot;,&quot;iso&quot;:&quot;0&quot;,&quot;shutter_speed&quot;:&quot;0&quot;,&quot;title&quot;:&quot;&quot;,&quot;orientation&quot;:&quot;0&quot;}\" data-image-title=\"Carnaval de Barranquilla\" data-image-description=\"&lt;p&gt;Carnaval de Barranquilla&lt;\/p&gt;\n\" data-image-caption=\"&lt;p&gt;As festas tomam v\u00e1rias ruas de Barranquilla!&lt;\/p&gt;\n\" data-large-file=\"https:\/\/i0.wp.com\/mundosemfim.com\/wp-content\/uploads\/2017\/02\/DSC_0105-1.jpg?fit=764%2C510&amp;ssl=1\" class=\"size-full wp-image-5463\" src=\"https:\/\/i0.wp.com\/mundosemfim.com\/wp-content\/uploads\/2017\/02\/DSC_0105-1.jpg?resize=764%2C510&#038;ssl=1\" alt=\"Carnaval de Barranquilla\" width=\"764\" height=\"510\" srcset=\"https:\/\/i0.wp.com\/mundosemfim.com\/wp-content\/uploads\/2017\/02\/DSC_0105-1.jpg?w=1000&amp;ssl=1 1000w, https:\/\/i0.wp.com\/mundosemfim.com\/wp-content\/uploads\/2017\/02\/DSC_0105-1.jpg?resize=300%2C200&amp;ssl=1 300w, https:\/\/i0.wp.com\/mundosemfim.com\/wp-content\/uploads\/2017\/02\/DSC_0105-1.jpg?resize=768%2C512&amp;ssl=1 768w\" sizes=\"auto, (max-width: 764px) 100vw, 764px\" \/><figcaption id=\"caption-attachment-5463\" class=\"wp-caption-text\">As festas tomam v\u00e1rias ruas de Barranquilla!<\/figcaption><\/figure>\n<h3><b>Hospedagem<\/b><\/h3>\n<p>Conseguir hospedagem em Barranquilla para os dias do carnaval n\u00e3o \u00e9 uma miss\u00e3o f\u00e1cil. O ideal \u00e9 reservar com bastante anteced\u00eancia para poder aproveitar a festa.<\/p>\n<p>Outra op\u00e7\u00e3o \u00e9 se hospedar em <a href=\"https:\/\/mundosemfim.com\/guia-completo-sobre-cartagena-o-que-fazer-onde-se-hospedar-como-economizar-etc\/\">Cartagena<\/a> ou <a href=\"https:\/\/mundosemfim.com\/conhecendo-santa-marta-na-colombia-uma-alternativa-a-cartagena\/\">Santa Marta<\/a> e fazer um bate-volta (foi o que n\u00f3s fizemos).<\/p>\n<p>Chegando na hora, conseguimos encontrar alguns mot\u00e9is bem fuleiros para passar a noite &#8211; 30 mil, das 23 \u00e0s 8h, ou 60 mil pela di\u00e1ria completa. Ficam localizados ao lado do Est\u00e1dio Roberto Mel\u00e9ndez (precisaria pegar um \u00f4nibus ou um t\u00e1xi para ir e voltar da festa).<\/p>\n<p>Nos arredores da festa tamb\u00e9m h\u00e1 mot\u00e9is, embora conseguir por l\u00e1 seja bem mais dif\u00edcil.<\/p>\n<figure id=\"attachment_5465\" aria-describedby=\"caption-attachment-5465\" style=\"width: 1000px\" class=\"wp-caption aligncenter\"><img data-recalc-dims=\"1\" loading=\"lazy\" decoding=\"async\" data-attachment-id=\"5465\" data-permalink=\"https:\/\/mundosemfim.com\/?attachment_id=5465\" data-orig-file=\"https:\/\/i0.wp.com\/mundosemfim.com\/wp-content\/uploads\/2017\/02\/DSC_0148.jpg?fit=1000%2C667&amp;ssl=1\" data-orig-size=\"1000,667\" data-comments-opened=\"1\" data-image-meta=\"{&quot;aperture&quot;:&quot;0&quot;,&quot;credit&quot;:&quot;&quot;,&quot;camera&quot;:&quot;&quot;,&quot;caption&quot;:&quot;&quot;,&quot;created_timestamp&quot;:&quot;0&quot;,&quot;copyright&quot;:&quot;&quot;,&quot;focal_length&quot;:&quot;0&quot;,&quot;iso&quot;:&quot;0&quot;,&quot;shutter_speed&quot;:&quot;0&quot;,&quot;title&quot;:&quot;&quot;,&quot;orientation&quot;:&quot;0&quot;}\" data-image-title=\"Carnaval de Barranquilla\" data-image-description=\"&lt;p&gt;Carnaval de Barranquilla&lt;\/p&gt;\n\" data-image-caption=\"&lt;p&gt;No meio da festa, crian\u00e7as brincam com espumas.&lt;\/p&gt;\n\" data-large-file=\"https:\/\/i0.wp.com\/mundosemfim.com\/wp-content\/uploads\/2017\/02\/DSC_0148.jpg?fit=764%2C510&amp;ssl=1\" class=\"size-full wp-image-5465\" src=\"https:\/\/i0.wp.com\/mundosemfim.com\/wp-content\/uploads\/2017\/02\/DSC_0148.jpg?resize=764%2C510&#038;ssl=1\" alt=\"Carnaval de Barranquilla\" width=\"764\" height=\"510\" srcset=\"https:\/\/i0.wp.com\/mundosemfim.com\/wp-content\/uploads\/2017\/02\/DSC_0148.jpg?w=1000&amp;ssl=1 1000w, https:\/\/i0.wp.com\/mundosemfim.com\/wp-content\/uploads\/2017\/02\/DSC_0148.jpg?resize=300%2C200&amp;ssl=1 300w, https:\/\/i0.wp.com\/mundosemfim.com\/wp-content\/uploads\/2017\/02\/DSC_0148.jpg?resize=768%2C512&amp;ssl=1 768w\" sizes=\"auto, (max-width: 764px) 100vw, 764px\" \/><figcaption id=\"caption-attachment-5465\" class=\"wp-caption-text\">No meio da festa, crian\u00e7as brincam com espumas.<\/figcaption><\/figure>\n<h3><b>Chegando e saindo<\/b><\/h3>\n<p>De Barranquilla h\u00e1 \u00f4nibus todo o tempo de\/para <a href=\"https:\/\/mundosemfim.com\/guia-completo-sobre-cartagena-o-que-fazer-onde-se-hospedar-como-economizar-etc\/\">Cartagena<\/a> e <a href=\"https:\/\/mundosemfim.com\/conhecendo-santa-marta-na-colombia-uma-alternativa-a-cartagena\/\">Santa Marta<\/a>. As passagens ficam na faixa de 15 mil saindo do terminal.<\/p>\n<p>Uma dica \u00e9 pegar o \u00f4nibus na estrada, no cruzamento da Rodovia 90 com a Calle 45. Ali \u00e9 poss\u00edvel conseguir as passagens por 10 mil.<\/p>\n<p>Para quem vem de <a href=\"https:\/\/mundosemfim.com\/guia-completo-sobre-cartagena-o-que-fazer-onde-se-hospedar-como-economizar-etc\/\">Cartagena<\/a>, a dica para economizar \u00e9 pegar os \u00f4nibus que saem do posto de gasolina que est\u00e1 em frente ao terminal.<\/p>\n<p>A viagem entre <a href=\"https:\/\/mundosemfim.com\/guia-completo-sobre-cartagena-o-que-fazer-onde-se-hospedar-como-economizar-etc\/\">Cartagena<\/a> e Barranquilla demora 2h; entre Barranquilla e <a href=\"https:\/\/mundosemfim.com\/conhecendo-santa-marta-na-colombia-uma-alternativa-a-cartagena\/\">Santa Marta<\/a>, pouco mais de 1h.<\/p>\n<h3><b>Onde acontece?<\/b><\/h3>\n<p>Ainda que aconte\u00e7am festas espalhadas por v\u00e1rios bairros de Barranquilla, o fervo mesmo se concentra no <i>Barrio Abajo<\/i>, nos arredores do cruzamento da <i>Calle 45<\/i> com a <i>Carrera 46<\/i>.<\/p>\n<p>Os desfiles costumam vir pela Via 40 e terminar na <i>Calle 45<\/i>.<\/p>\n<figure id=\"attachment_5464\" aria-describedby=\"caption-attachment-5464\" style=\"width: 722px\" class=\"wp-caption aligncenter\"><img data-recalc-dims=\"1\" loading=\"lazy\" decoding=\"async\" data-attachment-id=\"5464\" data-permalink=\"https:\/\/mundosemfim.com\/?attachment_id=5464\" data-orig-file=\"https:\/\/i0.wp.com\/mundosemfim.com\/wp-content\/uploads\/2017\/02\/carnaval.png?fit=722%2C476&amp;ssl=1\" data-orig-size=\"722,476\" data-comments-opened=\"1\" data-image-meta=\"{&quot;aperture&quot;:&quot;0&quot;,&quot;credit&quot;:&quot;&quot;,&quot;camera&quot;:&quot;&quot;,&quot;caption&quot;:&quot;&quot;,&quot;created_timestamp&quot;:&quot;0&quot;,&quot;copyright&quot;:&quot;&quot;,&quot;focal_length&quot;:&quot;0&quot;,&quot;iso&quot;:&quot;0&quot;,&quot;shutter_speed&quot;:&quot;0&quot;,&quot;title&quot;:&quot;&quot;,&quot;orientation&quot;:&quot;0&quot;}\" data-image-title=\"Carnaval de Barranquilla\" data-image-description=\"&lt;p&gt;Carnaval de Barranquilla&lt;\/p&gt;\n\" data-image-caption=\"&lt;p&gt;Melhor local para curtir a festa.&lt;\/p&gt;\n\" data-large-file=\"https:\/\/i0.wp.com\/mundosemfim.com\/wp-content\/uploads\/2017\/02\/carnaval.png?fit=722%2C476&amp;ssl=1\" class=\"size-full wp-image-5464\" src=\"https:\/\/i0.wp.com\/mundosemfim.com\/wp-content\/uploads\/2017\/02\/carnaval.png?resize=722%2C476&#038;ssl=1\" alt=\"Carnaval de Barranquilla\" width=\"722\" height=\"476\" srcset=\"https:\/\/i0.wp.com\/mundosemfim.com\/wp-content\/uploads\/2017\/02\/carnaval.png?w=722&amp;ssl=1 722w, https:\/\/i0.wp.com\/mundosemfim.com\/wp-content\/uploads\/2017\/02\/carnaval.png?resize=300%2C198&amp;ssl=1 300w\" sizes=\"auto, (max-width: 722px) 100vw, 722px\" \/><figcaption id=\"caption-attachment-5464\" class=\"wp-caption-text\">Melhor local para curtir a festa.<\/figcaption><\/figure>\n<h3><b>Nosso passeio pelo carnaval<\/b><\/h3>\n<p>Como est\u00e1vamos em Cartagena, decidimos fazer um bate-volta at\u00e9 Barranquilla no s\u00e1bado, dia que nos disseram ser o desfile mais bonito da festa.<\/p>\n<p>Sa\u00edmos de Cartagena pouco antes das 11h, em um \u00f4nibus que partia do lado de fora do terminal (mais econ\u00f4mico). A passagem era 12 mil. Paguei com uma nota de 50 mil e o cobrador me devolveu 20 de troco. Reclamamos e ele inventou uma desculpa para ter cobrado 15. Reclamamos mais ainda, e os outros passageiros do \u00f4nibus se puseram do nosso lado. Meio sem gra\u00e7a, ele acabou devolvendo o troco certo. Fique esperto, pois o pessoal aqui gosta de explorar os estrangeiros.<\/p>\n<p>Em Barranquilla, pe\u00e7a para descer no cruzamento com a <i>Calle 45<\/i> (quase todo mundo desce a\u00ed). Atravesse a estrada para o outro lado e logo ver\u00e1 \u00f4nibus descendo a 45 com placas escritas &#8220;Batalla de las Flores&#8221;.\u00a0S\u00e3o estes que voc\u00ea deve pegar. A\u00ed perto, no <i>Parque del Est\u00e1dio Metropolitano<\/i>, est\u00e1 a est\u00e1tua da Shakira. Pode dar um pulo l\u00e1 para tirar uma foto.<\/p>\n<figure id=\"attachment_5466\" aria-describedby=\"caption-attachment-5466\" style=\"width: 1000px\" class=\"wp-caption aligncenter\"><img data-recalc-dims=\"1\" loading=\"lazy\" decoding=\"async\" data-attachment-id=\"5466\" data-permalink=\"https:\/\/mundosemfim.com\/?attachment_id=5466\" data-orig-file=\"https:\/\/i0.wp.com\/mundosemfim.com\/wp-content\/uploads\/2017\/02\/P2250059.jpg?fit=1000%2C667&amp;ssl=1\" data-orig-size=\"1000,667\" data-comments-opened=\"1\" data-image-meta=\"{&quot;aperture&quot;:&quot;0&quot;,&quot;credit&quot;:&quot;&quot;,&quot;camera&quot;:&quot;&quot;,&quot;caption&quot;:&quot;&quot;,&quot;created_timestamp&quot;:&quot;0&quot;,&quot;copyright&quot;:&quot;&quot;,&quot;focal_length&quot;:&quot;0&quot;,&quot;iso&quot;:&quot;0&quot;,&quot;shutter_speed&quot;:&quot;0&quot;,&quot;title&quot;:&quot;&quot;,&quot;orientation&quot;:&quot;0&quot;}\" data-image-title=\"Barranquilla\" data-image-description=\"&lt;p&gt;Est\u00e1tua de Shakira em Barranquilla&lt;\/p&gt;\n\" data-image-caption=\"&lt;p&gt;Est\u00e1tua em homenagem \u00e0 Shakira&lt;\/p&gt;\n\" data-large-file=\"https:\/\/i0.wp.com\/mundosemfim.com\/wp-content\/uploads\/2017\/02\/P2250059.jpg?fit=764%2C510&amp;ssl=1\" class=\"size-full wp-image-5466\" src=\"https:\/\/i0.wp.com\/mundosemfim.com\/wp-content\/uploads\/2017\/02\/P2250059.jpg?resize=764%2C510&#038;ssl=1\" alt=\"Est\u00e1tua da Shakira em Barranquilla\" width=\"764\" height=\"510\" srcset=\"https:\/\/i0.wp.com\/mundosemfim.com\/wp-content\/uploads\/2017\/02\/P2250059.jpg?w=1000&amp;ssl=1 1000w, https:\/\/i0.wp.com\/mundosemfim.com\/wp-content\/uploads\/2017\/02\/P2250059.jpg?resize=300%2C200&amp;ssl=1 300w, https:\/\/i0.wp.com\/mundosemfim.com\/wp-content\/uploads\/2017\/02\/P2250059.jpg?resize=768%2C512&amp;ssl=1 768w\" sizes=\"auto, (max-width: 764px) 100vw, 764px\" \/><figcaption id=\"caption-attachment-5466\" class=\"wp-caption-text\">Est\u00e1tua em homenagem \u00e0 Shakira<\/figcaption><\/figure>\n<p>O \u00f4nibus para a festa custava 2 mil por pessoa. Um colombiano que conhecemos nos disse para pedir para fazerem a 3 mil para os dois. Fizemos o teste e deu certo.<\/p>\n<p>N\u00e3o \u00e9 dif\u00edcil saber onde descer: logo o \u00f4nibus se meteu em uma rua cheia de pessoas fantasiadas, e foi ali mesmo que ficamos. Caminhamos mais um pouco e chegamos ao fim da avenida dos desfiles. Conseguimos tirar boas fotos do pessoal fantasiado.<\/p>\n<p>Fomos um pouco mais para a frente e conseguimos ver um pouco dos desfiles com os carros aleg\u00f3ricos de gra\u00e7a, ainda que fic\u00e1ssemos um pouco longe. Se quiser v\u00ea-los bem, o ideal \u00e9 chegar bem cedo para conseguir lugar ou pagar pela arquibancada.<\/p>\n<figure id=\"attachment_5467\" aria-describedby=\"caption-attachment-5467\" style=\"width: 1000px\" class=\"wp-caption aligncenter\"><img data-recalc-dims=\"1\" loading=\"lazy\" decoding=\"async\" data-attachment-id=\"5467\" data-permalink=\"https:\/\/mundosemfim.com\/?attachment_id=5467\" data-orig-file=\"https:\/\/i0.wp.com\/mundosemfim.com\/wp-content\/uploads\/2017\/02\/DSC_0125.jpg?fit=1000%2C667&amp;ssl=1\" data-orig-size=\"1000,667\" data-comments-opened=\"1\" data-image-meta=\"{&quot;aperture&quot;:&quot;0&quot;,&quot;credit&quot;:&quot;&quot;,&quot;camera&quot;:&quot;&quot;,&quot;caption&quot;:&quot;&quot;,&quot;created_timestamp&quot;:&quot;0&quot;,&quot;copyright&quot;:&quot;&quot;,&quot;focal_length&quot;:&quot;0&quot;,&quot;iso&quot;:&quot;0&quot;,&quot;shutter_speed&quot;:&quot;0&quot;,&quot;title&quot;:&quot;&quot;,&quot;orientation&quot;:&quot;0&quot;}\" data-image-title=\"Carnaval em Barranquilla\" data-image-description=\"&lt;p&gt;Carnaval em Barranquilla&lt;\/p&gt;\n\" data-image-caption=\"&lt;p&gt;No fim da avenida t\u00ednhamos uma vista privilegiada do desfile&lt;\/p&gt;\n\" data-large-file=\"https:\/\/i0.wp.com\/mundosemfim.com\/wp-content\/uploads\/2017\/02\/DSC_0125.jpg?fit=764%2C510&amp;ssl=1\" class=\"size-full wp-image-5467\" src=\"https:\/\/i0.wp.com\/mundosemfim.com\/wp-content\/uploads\/2017\/02\/DSC_0125.jpg?resize=764%2C510&#038;ssl=1\" alt=\"Carnaval em Barranquilla\" width=\"764\" height=\"510\" srcset=\"https:\/\/i0.wp.com\/mundosemfim.com\/wp-content\/uploads\/2017\/02\/DSC_0125.jpg?w=1000&amp;ssl=1 1000w, https:\/\/i0.wp.com\/mundosemfim.com\/wp-content\/uploads\/2017\/02\/DSC_0125.jpg?resize=300%2C200&amp;ssl=1 300w, https:\/\/i0.wp.com\/mundosemfim.com\/wp-content\/uploads\/2017\/02\/DSC_0125.jpg?resize=768%2C512&amp;ssl=1 768w\" sizes=\"auto, (max-width: 764px) 100vw, 764px\" \/><figcaption id=\"caption-attachment-5467\" class=\"wp-caption-text\">No fim da avenida t\u00ednhamos uma vista privilegiada do desfile<\/figcaption><\/figure>\n<p>Nas ruas, muita gente fantasiada festejando e bebendo. Em compara\u00e7\u00e3o com as cidades grandes do Brasil, o carnaval de Barranquilla \u00e9 pequeno, mas n\u00e3o deixa de ser muito divertido. \u00c0 medida que os desfiles iam acabando, mais pessoas iam se amontoando nas ruas, e a festa ia ficando cada vez maior.<\/p>\n<p>\u00c0s 17h come\u00e7ou o famoso &#8220;Baila la Calle&#8221;, uma grande festa nas ruas que vai at\u00e9 de noite. Possu\u00eda algumas barraquinhas de comida e bebidas, o que nos fez lembrar um pouco as festas juninas.<\/p>\n<p>Assim que come\u00e7ou a escurecer, sa\u00edmos caminhando em busca de um hotel (j\u00e1 n\u00e3o temos mais pique para virar a noite), mas n\u00e3o encontramos nada. Acabamos pegando um \u00f4nibus at\u00e9 a estrada, e de l\u00e1 outro para Cartagena (este nos cobrou 10 mil por pessoa).<\/p>\n<p>Apesar de ser uma passada r\u00e1pida, valeu a pena!<\/p>\n<figure id=\"attachment_5468\" aria-describedby=\"caption-attachment-5468\" style=\"width: 1000px\" class=\"wp-caption aligncenter\"><img data-recalc-dims=\"1\" loading=\"lazy\" decoding=\"async\" data-attachment-id=\"5468\" data-permalink=\"https:\/\/mundosemfim.com\/?attachment_id=5468\" data-orig-file=\"https:\/\/i0.wp.com\/mundosemfim.com\/wp-content\/uploads\/2017\/02\/P2250049.jpg?fit=1000%2C667&amp;ssl=1\" data-orig-size=\"1000,667\" data-comments-opened=\"1\" data-image-meta=\"{&quot;aperture&quot;:&quot;0&quot;,&quot;credit&quot;:&quot;&quot;,&quot;camera&quot;:&quot;&quot;,&quot;caption&quot;:&quot;&quot;,&quot;created_timestamp&quot;:&quot;0&quot;,&quot;copyright&quot;:&quot;&quot;,&quot;focal_length&quot;:&quot;0&quot;,&quot;iso&quot;:&quot;0&quot;,&quot;shutter_speed&quot;:&quot;0&quot;,&quot;title&quot;:&quot;&quot;,&quot;orientation&quot;:&quot;0&quot;}\" data-image-title=\"Carnaval em Barranquilla\" data-image-description=\"&lt;p&gt;Carnaval em Barranquilla&lt;\/p&gt;\n\" data-image-caption=\"&lt;p&gt;Nas ruas, muita festa!&lt;\/p&gt;\n\" data-large-file=\"https:\/\/i0.wp.com\/mundosemfim.com\/wp-content\/uploads\/2017\/02\/P2250049.jpg?fit=764%2C510&amp;ssl=1\" class=\"size-full wp-image-5468\" src=\"https:\/\/i0.wp.com\/mundosemfim.com\/wp-content\/uploads\/2017\/02\/P2250049.jpg?resize=764%2C510&#038;ssl=1\" alt=\"\" width=\"764\" height=\"510\" srcset=\"https:\/\/i0.wp.com\/mundosemfim.com\/wp-content\/uploads\/2017\/02\/P2250049.jpg?w=1000&amp;ssl=1 1000w, https:\/\/i0.wp.com\/mundosemfim.com\/wp-content\/uploads\/2017\/02\/P2250049.jpg?resize=300%2C200&amp;ssl=1 300w, https:\/\/i0.wp.com\/mundosemfim.com\/wp-content\/uploads\/2017\/02\/P2250049.jpg?resize=768%2C512&amp;ssl=1 768w\" sizes=\"auto, (max-width: 764px) 100vw, 764px\" \/><figcaption id=\"caption-attachment-5468\" class=\"wp-caption-text\">Nas ruas, muita festa!<\/figcaption><\/figure>\n<figure id=\"attachment_5469\" aria-describedby=\"caption-attachment-5469\" style=\"width: 1000px\" class=\"wp-caption aligncenter\"><img data-recalc-dims=\"1\" loading=\"lazy\" decoding=\"async\" data-attachment-id=\"5469\" data-permalink=\"https:\/\/mundosemfim.com\/?attachment_id=5469\" data-orig-file=\"https:\/\/i0.wp.com\/mundosemfim.com\/wp-content\/uploads\/2017\/02\/DSC_0042.jpg?fit=1000%2C667&amp;ssl=1\" data-orig-size=\"1000,667\" data-comments-opened=\"1\" data-image-meta=\"{&quot;aperture&quot;:&quot;0&quot;,&quot;credit&quot;:&quot;&quot;,&quot;camera&quot;:&quot;&quot;,&quot;caption&quot;:&quot;&quot;,&quot;created_timestamp&quot;:&quot;0&quot;,&quot;copyright&quot;:&quot;&quot;,&quot;focal_length&quot;:&quot;0&quot;,&quot;iso&quot;:&quot;0&quot;,&quot;shutter_speed&quot;:&quot;0&quot;,&quot;title&quot;:&quot;&quot;,&quot;orientation&quot;:&quot;0&quot;}\" data-image-title=\"Carnaval em Barranquilla\" data-image-description=\"&lt;p&gt;Carnaval em Barranquilla&lt;\/p&gt;\n\" data-image-caption=\"&lt;p&gt;Passista fazendo pose para a foto&lt;\/p&gt;\n\" data-large-file=\"https:\/\/i0.wp.com\/mundosemfim.com\/wp-content\/uploads\/2017\/02\/DSC_0042.jpg?fit=764%2C510&amp;ssl=1\" class=\"size-full wp-image-5469\" src=\"https:\/\/i0.wp.com\/mundosemfim.com\/wp-content\/uploads\/2017\/02\/DSC_0042.jpg?resize=764%2C510&#038;ssl=1\" alt=\"Carnaval em Barranquilla\" width=\"764\" height=\"510\" srcset=\"https:\/\/i0.wp.com\/mundosemfim.com\/wp-content\/uploads\/2017\/02\/DSC_0042.jpg?w=1000&amp;ssl=1 1000w, https:\/\/i0.wp.com\/mundosemfim.com\/wp-content\/uploads\/2017\/02\/DSC_0042.jpg?resize=300%2C200&amp;ssl=1 300w, https:\/\/i0.wp.com\/mundosemfim.com\/wp-content\/uploads\/2017\/02\/DSC_0042.jpg?resize=768%2C512&amp;ssl=1 768w\" sizes=\"auto, (max-width: 764px) 100vw, 764px\" \/><figcaption id=\"caption-attachment-5469\" class=\"wp-caption-text\">Passista fazendo pose para a foto<\/figcaption><\/figure>\n<figure id=\"attachment_5470\" aria-describedby=\"caption-attachment-5470\" style=\"width: 1000px\" class=\"wp-caption aligncenter\"><img data-recalc-dims=\"1\" loading=\"lazy\" decoding=\"async\" data-attachment-id=\"5470\" data-permalink=\"https:\/\/mundosemfim.com\/?attachment_id=5470\" data-orig-file=\"https:\/\/i0.wp.com\/mundosemfim.com\/wp-content\/uploads\/2017\/02\/DSC_0115.jpg?fit=1000%2C667&amp;ssl=1\" data-orig-size=\"1000,667\" data-comments-opened=\"1\" data-image-meta=\"{&quot;aperture&quot;:&quot;0&quot;,&quot;credit&quot;:&quot;&quot;,&quot;camera&quot;:&quot;&quot;,&quot;caption&quot;:&quot;&quot;,&quot;created_timestamp&quot;:&quot;0&quot;,&quot;copyright&quot;:&quot;&quot;,&quot;focal_length&quot;:&quot;0&quot;,&quot;iso&quot;:&quot;0&quot;,&quot;shutter_speed&quot;:&quot;0&quot;,&quot;title&quot;:&quot;&quot;,&quot;orientation&quot;:&quot;0&quot;}\" data-image-title=\"Carnaval em Barranquilla\" data-image-description=\"&lt;p&gt;Carnaval em Barranquilla&lt;\/p&gt;\n\" data-image-caption=\"&lt;p&gt;As colombianas tamb\u00e9m tem corpo para desfilar!&lt;\/p&gt;\n\" data-large-file=\"https:\/\/i0.wp.com\/mundosemfim.com\/wp-content\/uploads\/2017\/02\/DSC_0115.jpg?fit=764%2C510&amp;ssl=1\" class=\"wp-image-5470 size-full\" src=\"https:\/\/i0.wp.com\/mundosemfim.com\/wp-content\/uploads\/2017\/02\/DSC_0115.jpg?resize=764%2C510&#038;ssl=1\" alt=\"Carnaval em Barranquilla\" width=\"764\" height=\"510\" srcset=\"https:\/\/i0.wp.com\/mundosemfim.com\/wp-content\/uploads\/2017\/02\/DSC_0115.jpg?w=1000&amp;ssl=1 1000w, https:\/\/i0.wp.com\/mundosemfim.com\/wp-content\/uploads\/2017\/02\/DSC_0115.jpg?resize=300%2C200&amp;ssl=1 300w, https:\/\/i0.wp.com\/mundosemfim.com\/wp-content\/uploads\/2017\/02\/DSC_0115.jpg?resize=768%2C512&amp;ssl=1 768w\" sizes=\"auto, (max-width: 764px) 100vw, 764px\" \/><figcaption id=\"caption-attachment-5470\" class=\"wp-caption-text\">Assim como as brasileiras, as colombianas tamb\u00e9m tem corp\u00e3o!<\/figcaption><\/figure>\n<p>\u00c9 isso pessoal! Curtiram a dica? J\u00e1 tiveram a oportunidade de vivenciar esta festa?<\/p>\n<p>Para mais dicas sobre viagens e acompanhar a nossa volta ao mundo, curtam nossa p\u00e1gina no face:<br \/>\n<a href=\"http:\/\/www.facebook.com\/mundosemfimoficial\">www.facebook.com\/mundosemfimoficial<\/a><\/p>\n","protected":false},"excerpt":{"rendered":"<p>Patrim\u00f4nio imaterial da UNESCO, maior festa do pa\u00eds e segundo maior carnaval do mundo \u2013 com essa festa, nossos vizinhos provam que tamb\u00e9m s\u00e3o excelentes carnavaleiros. Venha conhecer como \u00e9!<\/p>\n","protected":false},"author":1,"featured_media":5471,"comment_status":"open","ping_status":"open","sticky":false,"template":"","format":"standard","meta":{"jetpack_post_was_ever_published":false,"_jetpack_newsletter_access":"","_jetpack_dont_email_post_to_subs":false,"_jetpack_newsletter_tier_id":0,"_jetpack_memberships_contains_paywalled_content":false,"_jetpack_memberships_contains_paid_content":false,"footnotes":"","jetpack_publicize_message":"","jetpack_publicize_feature_enabled":true,"jetpack_social_post_already_shared":true,"jetpack_social_options":{"image_generator_settings":{"template":"highway","default_image_id":0,"font":"","enabled":false},"version":2}},"categories":[6,7,378,313,371,237,61],"tags":[379],"class_list":["post-5458","post","type-post","status-publish","format-standard","has-post-thumbnail","hentry","category-america-do-sul","category-america-latina","category-barranquilla","category-colombia","category-festival","category-patrimonios-e-maravilhas","category-unesco","tag-carnaval"],"yoast_head":"<!-- This site is optimized with the Yoast SEO plugin v27.5 - https:\/\/yoast.com\/product\/yoast-seo-wordpress\/ -->\n<title>Carnaval de Barranquilla \u2013 conhe\u00e7a a maior festa da Col\u00f4mbia! - Mundo Sem Fim<\/title>\n<meta name=\"robots\" content=\"index, follow, max-snippet:-1, max-image-preview:large, max-video-preview:-1\" \/>\n<link rel=\"canonical\" href=\"https:\/\/mundosemfim.com\/?p=5458\" \/>\n<meta property=\"og:locale\" content=\"pt_BR\" \/>\n<meta property=\"og:type\" content=\"article\" \/>\n<meta property=\"og:title\" content=\"Carnaval de Barranquilla \u2013 conhe\u00e7a a maior festa da Col\u00f4mbia! - Mundo Sem Fim\" \/>\n<meta property=\"og:description\" content=\"Patrim\u00f4nio imaterial da UNESCO, maior festa do pa\u00eds e segundo maior carnaval do mundo \u2013 com essa festa, nossos vizinhos provam que tamb\u00e9m s\u00e3o excelentes carnavaleiros. Venha conhecer como \u00e9!\" \/>\n<meta property=\"og:url\" content=\"https:\/\/mundosemfim.com\/?p=5458\" \/>\n<meta property=\"og:site_name\" content=\"Mundo Sem Fim\" \/>\n<meta property=\"article:publisher\" content=\"http:\/\/www.facebook.com\/mundosemfimoficial\" \/>\n<meta property=\"article:published_time\" content=\"2017-02-27T21:24:22+00:00\" \/>\n<meta property=\"og:image\" content=\"https:\/\/i0.wp.com\/mundosemfim.com\/wp-content\/uploads\/2017\/02\/DSC_0042-1.jpg?fit=1000%2C567&ssl=1\" \/>\n\t<meta property=\"og:image:width\" content=\"1000\" \/>\n\t<meta property=\"og:image:height\" content=\"567\" \/>\n\t<meta property=\"og:image:type\" content=\"image\/jpeg\" \/>\n<meta name=\"author\" content=\"Renan\" \/>\n<meta name=\"twitter:card\" content=\"summary_large_image\" \/>\n<meta name=\"twitter:label1\" content=\"Escrito por\" \/>\n\t<meta name=\"twitter:data1\" content=\"Renan\" \/>\n\t<meta name=\"twitter:label2\" content=\"Est. tempo de leitura\" \/>\n\t<meta name=\"twitter:data2\" content=\"6 minutos\" \/>\n<script type=\"application\/ld+json\" class=\"yoast-schema-graph\">{\"@context\":\"https:\\\/\\\/schema.org\",\"@graph\":[{\"@type\":\"Article\",\"@id\":\"https:\\\/\\\/mundosemfim.com\\\/?p=5458#article\",\"isPartOf\":{\"@id\":\"https:\\\/\\\/mundosemfim.com\\\/?p=5458\"},\"author\":{\"name\":\"Renan\",\"@id\":\"https:\\\/\\\/mundosemfim.com\\\/#\\\/schema\\\/person\\\/b021d50f3a19bae432e9b69ffbfa9257\"},\"headline\":\"Carnaval de Barranquilla \u2013 conhe\u00e7a a maior festa da Col\u00f4mbia!\",\"datePublished\":\"2017-02-27T21:24:22+00:00\",\"mainEntityOfPage\":{\"@id\":\"https:\\\/\\\/mundosemfim.com\\\/?p=5458\"},\"wordCount\":1218,\"commentCount\":7,\"image\":{\"@id\":\"https:\\\/\\\/mundosemfim.com\\\/?p=5458#primaryimage\"},\"thumbnailUrl\":\"https:\\\/\\\/i0.wp.com\\\/mundosemfim.com\\\/wp-content\\\/uploads\\\/2017\\\/02\\\/DSC_0042-1.jpg?fit=1000%2C567&ssl=1\",\"keywords\":[\"carnaval\"],\"articleSection\":[\"Am\u00e9rica do Sul\",\"am\u00e9rica latina\",\"Barranquilla\",\"Col\u00f4mbia\",\"festival\",\"Patrim\u00f4nios e Maravilhas\",\"unesco\"],\"inLanguage\":\"pt-BR\",\"potentialAction\":[{\"@type\":\"CommentAction\",\"name\":\"Comment\",\"target\":[\"https:\\\/\\\/mundosemfim.com\\\/?p=5458#respond\"]}]},{\"@type\":\"WebPage\",\"@id\":\"https:\\\/\\\/mundosemfim.com\\\/?p=5458\",\"url\":\"https:\\\/\\\/mundosemfim.com\\\/?p=5458\",\"name\":\"Carnaval de Barranquilla \u2013 conhe\u00e7a a maior festa da Col\u00f4mbia! - Mundo Sem Fim\",\"isPartOf\":{\"@id\":\"https:\\\/\\\/mundosemfim.com\\\/#website\"},\"primaryImageOfPage\":{\"@id\":\"https:\\\/\\\/mundosemfim.com\\\/?p=5458#primaryimage\"},\"image\":{\"@id\":\"https:\\\/\\\/mundosemfim.com\\\/?p=5458#primaryimage\"},\"thumbnailUrl\":\"https:\\\/\\\/i0.wp.com\\\/mundosemfim.com\\\/wp-content\\\/uploads\\\/2017\\\/02\\\/DSC_0042-1.jpg?fit=1000%2C567&ssl=1\",\"datePublished\":\"2017-02-27T21:24:22+00:00\",\"author\":{\"@id\":\"https:\\\/\\\/mundosemfim.com\\\/#\\\/schema\\\/person\\\/b021d50f3a19bae432e9b69ffbfa9257\"},\"breadcrumb\":{\"@id\":\"https:\\\/\\\/mundosemfim.com\\\/?p=5458#breadcrumb\"},\"inLanguage\":\"pt-BR\",\"potentialAction\":[{\"@type\":\"ReadAction\",\"target\":[\"https:\\\/\\\/mundosemfim.com\\\/?p=5458\"]}]},{\"@type\":\"ImageObject\",\"inLanguage\":\"pt-BR\",\"@id\":\"https:\\\/\\\/mundosemfim.com\\\/?p=5458#primaryimage\",\"url\":\"https:\\\/\\\/i0.wp.com\\\/mundosemfim.com\\\/wp-content\\\/uploads\\\/2017\\\/02\\\/DSC_0042-1.jpg?fit=1000%2C567&ssl=1\",\"contentUrl\":\"https:\\\/\\\/i0.wp.com\\\/mundosemfim.com\\\/wp-content\\\/uploads\\\/2017\\\/02\\\/DSC_0042-1.jpg?fit=1000%2C567&ssl=1\",\"width\":1000,\"height\":567},{\"@type\":\"BreadcrumbList\",\"@id\":\"https:\\\/\\\/mundosemfim.com\\\/?p=5458#breadcrumb\",\"itemListElement\":[{\"@type\":\"ListItem\",\"position\":1,\"name\":\"In\u00edcio\",\"item\":\"https:\\\/\\\/mundosemfim.com\\\/\"},{\"@type\":\"ListItem\",\"position\":2,\"name\":\"Carnaval de Barranquilla \u2013 conhe\u00e7a a maior festa da Col\u00f4mbia!\"}]},{\"@type\":\"WebSite\",\"@id\":\"https:\\\/\\\/mundosemfim.com\\\/#website\",\"url\":\"https:\\\/\\\/mundosemfim.com\\\/\",\"name\":\"Mundo Sem Fim\",\"description\":\"uma viagem de volta ao mundo pelos 5 continentes!\",\"potentialAction\":[{\"@type\":\"SearchAction\",\"target\":{\"@type\":\"EntryPoint\",\"urlTemplate\":\"https:\\\/\\\/mundosemfim.com\\\/?s={search_term_string}\"},\"query-input\":{\"@type\":\"PropertyValueSpecification\",\"valueRequired\":true,\"valueName\":\"search_term_string\"}}],\"inLanguage\":\"pt-BR\"},{\"@type\":\"Person\",\"@id\":\"https:\\\/\\\/mundosemfim.com\\\/#\\\/schema\\\/person\\\/b021d50f3a19bae432e9b69ffbfa9257\",\"name\":\"Renan\",\"image\":{\"@type\":\"ImageObject\",\"inLanguage\":\"pt-BR\",\"@id\":\"https:\\\/\\\/secure.gravatar.com\\\/avatar\\\/faafca769a603ac75196d21826f3bda645d7e2d6306bb6e236d8cdb38eb44e38?s=96&d=mm&r=g\",\"url\":\"https:\\\/\\\/secure.gravatar.com\\\/avatar\\\/faafca769a603ac75196d21826f3bda645d7e2d6306bb6e236d8cdb38eb44e38?s=96&d=mm&r=g\",\"contentUrl\":\"https:\\\/\\\/secure.gravatar.com\\\/avatar\\\/faafca769a603ac75196d21826f3bda645d7e2d6306bb6e236d8cdb38eb44e38?s=96&d=mm&r=g\",\"caption\":\"Renan\"}}]}<\/script>\n<!-- \/ Yoast SEO plugin. -->","yoast_head_json":{"title":"Carnaval de Barranquilla \u2013 conhe\u00e7a a maior festa da Col\u00f4mbia! - Mundo Sem Fim","robots":{"index":"index","follow":"follow","max-snippet":"max-snippet:-1","max-image-preview":"max-image-preview:large","max-video-preview":"max-video-preview:-1"},"canonical":"https:\/\/mundosemfim.com\/?p=5458","og_locale":"pt_BR","og_type":"article","og_title":"Carnaval de Barranquilla \u2013 conhe\u00e7a a maior festa da Col\u00f4mbia! - Mundo Sem Fim","og_description":"Patrim\u00f4nio imaterial da UNESCO, maior festa do pa\u00eds e segundo maior carnaval do mundo \u2013 com essa festa, nossos vizinhos provam que tamb\u00e9m s\u00e3o excelentes carnavaleiros. Venha conhecer como \u00e9!","og_url":"https:\/\/mundosemfim.com\/?p=5458","og_site_name":"Mundo Sem Fim","article_publisher":"http:\/\/www.facebook.com\/mundosemfimoficial","article_published_time":"2017-02-27T21:24:22+00:00","og_image":[{"width":1000,"height":567,"url":"https:\/\/i0.wp.com\/mundosemfim.com\/wp-content\/uploads\/2017\/02\/DSC_0042-1.jpg?fit=1000%2C567&ssl=1","type":"image\/jpeg"}],"author":"Renan","twitter_card":"summary_large_image","twitter_misc":{"Escrito por":"Renan","Est. tempo de leitura":"6 minutos"},"schema":{"@context":"https:\/\/schema.org","@graph":[{"@type":"Article","@id":"https:\/\/mundosemfim.com\/?p=5458#article","isPartOf":{"@id":"https:\/\/mundosemfim.com\/?p=5458"},"author":{"name":"Renan","@id":"https:\/\/mundosemfim.com\/#\/schema\/person\/b021d50f3a19bae432e9b69ffbfa9257"},"headline":"Carnaval de Barranquilla \u2013 conhe\u00e7a a maior festa da Col\u00f4mbia!","datePublished":"2017-02-27T21:24:22+00:00","mainEntityOfPage":{"@id":"https:\/\/mundosemfim.com\/?p=5458"},"wordCount":1218,"commentCount":7,"image":{"@id":"https:\/\/mundosemfim.com\/?p=5458#primaryimage"},"thumbnailUrl":"https:\/\/i0.wp.com\/mundosemfim.com\/wp-content\/uploads\/2017\/02\/DSC_0042-1.jpg?fit=1000%2C567&ssl=1","keywords":["carnaval"],"articleSection":["Am\u00e9rica do Sul","am\u00e9rica latina","Barranquilla","Col\u00f4mbia","festival","Patrim\u00f4nios e Maravilhas","unesco"],"inLanguage":"pt-BR","potentialAction":[{"@type":"CommentAction","name":"Comment","target":["https:\/\/mundosemfim.com\/?p=5458#respond"]}]},{"@type":"WebPage","@id":"https:\/\/mundosemfim.com\/?p=5458","url":"https:\/\/mundosemfim.com\/?p=5458","name":"Carnaval de Barranquilla \u2013 conhe\u00e7a a maior festa da Col\u00f4mbia! - Mundo Sem Fim","isPartOf":{"@id":"https:\/\/mundosemfim.com\/#website"},"primaryImageOfPage":{"@id":"https:\/\/mundosemfim.com\/?p=5458#primaryimage"},"image":{"@id":"https:\/\/mundosemfim.com\/?p=5458#primaryimage"},"thumbnailUrl":"https:\/\/i0.wp.com\/mundosemfim.com\/wp-content\/uploads\/2017\/02\/DSC_0042-1.jpg?fit=1000%2C567&ssl=1","datePublished":"2017-02-27T21:24:22+00:00","author":{"@id":"https:\/\/mundosemfim.com\/#\/schema\/person\/b021d50f3a19bae432e9b69ffbfa9257"},"breadcrumb":{"@id":"https:\/\/mundosemfim.com\/?p=5458#breadcrumb"},"inLanguage":"pt-BR","potentialAction":[{"@type":"ReadAction","target":["https:\/\/mundosemfim.com\/?p=5458"]}]},{"@type":"ImageObject","inLanguage":"pt-BR","@id":"https:\/\/mundosemfim.com\/?p=5458#primaryimage","url":"https:\/\/i0.wp.com\/mundosemfim.com\/wp-content\/uploads\/2017\/02\/DSC_0042-1.jpg?fit=1000%2C567&ssl=1","contentUrl":"https:\/\/i0.wp.com\/mundosemfim.com\/wp-content\/uploads\/2017\/02\/DSC_0042-1.jpg?fit=1000%2C567&ssl=1","width":1000,"height":567},{"@type":"BreadcrumbList","@id":"https:\/\/mundosemfim.com\/?p=5458#breadcrumb","itemListElement":[{"@type":"ListItem","position":1,"name":"In\u00edcio","item":"https:\/\/mundosemfim.com\/"},{"@type":"ListItem","position":2,"name":"Carnaval de Barranquilla \u2013 conhe\u00e7a a maior festa da Col\u00f4mbia!"}]},{"@type":"WebSite","@id":"https:\/\/mundosemfim.com\/#website","url":"https:\/\/mundosemfim.com\/","name":"Mundo Sem Fim","description":"uma viagem de volta ao mundo pelos 5 continentes!","potentialAction":[{"@type":"SearchAction","target":{"@type":"EntryPoint","urlTemplate":"https:\/\/mundosemfim.com\/?s={search_term_string}"},"query-input":{"@type":"PropertyValueSpecification","valueRequired":true,"valueName":"search_term_string"}}],"inLanguage":"pt-BR"},{"@type":"Person","@id":"https:\/\/mundosemfim.com\/#\/schema\/person\/b021d50f3a19bae432e9b69ffbfa9257","name":"Renan","image":{"@type":"ImageObject","inLanguage":"pt-BR","@id":"https:\/\/secure.gravatar.com\/avatar\/faafca769a603ac75196d21826f3bda645d7e2d6306bb6e236d8cdb38eb44e38?s=96&d=mm&r=g","url":"https:\/\/secure.gravatar.com\/avatar\/faafca769a603ac75196d21826f3bda645d7e2d6306bb6e236d8cdb38eb44e38?s=96&d=mm&r=g","contentUrl":"https:\/\/secure.gravatar.com\/avatar\/faafca769a603ac75196d21826f3bda645d7e2d6306bb6e236d8cdb38eb44e38?s=96&d=mm&r=g","caption":"Renan"}}]}},"jetpack_publicize_connections":[],"jetpack_featured_media_url":"https:\/\/i0.wp.com\/mundosemfim.com\/wp-content\/uploads\/2017\/02\/DSC_0042-1.jpg?fit=1000%2C567&ssl=1","jetpack_sharing_enabled":true,"jetpack_shortlink":"https:\/\/wp.me\/p7CQyF-1q2","jetpack-related-posts":[{"id":5473,"url":"https:\/\/mundosemfim.com\/?p=5473","url_meta":{"origin":5458,"position":0},"title":"16 destinos espetaculares e pouco conhecidos na Am\u00e9rica do Sul","author":"Renan","date":"mar\u00e7o 3, 2017","format":false,"excerpt":"J\u00e1 que vamos deixando nosso continente para tr\u00e1s, compartilhamos aqui alguns lugares que nem imagin\u00e1vamos que existiam, e que nos deixaram de queixo ca\u00eddo. Nas suas pr\u00f3ximas f\u00e9rias, n\u00e3o deixe de inclu\u00ed-los em seu roteiro! 1. Fitz Roy (Argentina) Ok, o cerro Fitz Roy, perto da cidade de El Chalt\u00e9n\u2026","rel":"","context":"Em &quot;Am\u00e9rica do Sul&quot;","block_context":{"text":"Am\u00e9rica do Sul","link":"https:\/\/mundosemfim.com\/?cat=6"},"img":{"alt_text":"","src":"https:\/\/i0.wp.com\/mundosemfim.com\/wp-content\/uploads\/2016\/07\/DSC_0041.jpg?fit=1020%2C680&ssl=1&resize=350%2C200","width":350,"height":200,"srcset":"https:\/\/i0.wp.com\/mundosemfim.com\/wp-content\/uploads\/2016\/07\/DSC_0041.jpg?fit=1020%2C680&ssl=1&resize=350%2C200 1x, https:\/\/i0.wp.com\/mundosemfim.com\/wp-content\/uploads\/2016\/07\/DSC_0041.jpg?fit=1020%2C680&ssl=1&resize=525%2C300 1.5x, https:\/\/i0.wp.com\/mundosemfim.com\/wp-content\/uploads\/2016\/07\/DSC_0041.jpg?fit=1020%2C680&ssl=1&resize=700%2C400 2x"},"classes":[]},{"id":5516,"url":"https:\/\/mundosemfim.com\/?p=5516","url_meta":{"origin":5458,"position":1},"title":"Mochil\u00e3o pela Col\u00f4mbia \u2013 roteiro, gastos, dicas, fotos, etc","author":"Renan","date":"mar\u00e7o 21, 2017","format":false,"excerpt":"Considerado um dos pa\u00edses mais felizes do mundo, as portas da Col\u00f4mbia foram abertas ao turismo\u00a0h\u00e1 relativamente pouco tempo. Venha conhecer e se surpreender com as incont\u00e1veis belezas deste pa\u00eds! C\u00e2mbio oficial (mar\u00e7o\/2017) 1 real = 945 pesos colombianos 1 d\u00f3lar = 2900 pesos colombianos Col\u00f4mbia De todos os pa\u00edses\u2026","rel":"","context":"Em &quot;Am\u00e9rica do Sul&quot;","block_context":{"text":"Am\u00e9rica do Sul","link":"https:\/\/mundosemfim.com\/?cat=6"},"img":{"alt_text":"Mucuvinha na Torre do Rel\u00f3gio em Cartagena","src":"https:\/\/i0.wp.com\/mundosemfim.com\/wp-content\/uploads\/2017\/02\/DSC_0172.jpg?fit=1000%2C667&ssl=1&resize=350%2C200","width":350,"height":200,"srcset":"https:\/\/i0.wp.com\/mundosemfim.com\/wp-content\/uploads\/2017\/02\/DSC_0172.jpg?fit=1000%2C667&ssl=1&resize=350%2C200 1x, https:\/\/i0.wp.com\/mundosemfim.com\/wp-content\/uploads\/2017\/02\/DSC_0172.jpg?fit=1000%2C667&ssl=1&resize=525%2C300 1.5x, https:\/\/i0.wp.com\/mundosemfim.com\/wp-content\/uploads\/2017\/02\/DSC_0172.jpg?fit=1000%2C667&ssl=1&resize=700%2C400 2x"},"classes":[]},{"id":6831,"url":"https:\/\/mundosemfim.com\/?p=6831","url_meta":{"origin":5458,"position":2},"title":"2 anos na estrada \u2013 resumo dos nossos gastos e experi\u00eancias!","author":"Renan","date":"outubro 2, 2017","format":false,"excerpt":"No final de setembro de 2017 completamos nosso segundo anivers\u00e1rio na estrada. Aqui compartilhamos com voc\u00eas um resumo de tudo o que passamos! 733 dias \u2013 este \u00e9 o total de tempo que estamos na estrada, at\u00e9 a escrita deste post. Oficialmente, come\u00e7amos a contar nossa viagem no dia 29\u2026","rel":"","context":"Em &quot;am\u00e9rica latina&quot;","block_context":{"text":"am\u00e9rica latina","link":"https:\/\/mundosemfim.com\/?cat=7"},"img":{"alt_text":"Roteiro 2 anos de viagem","src":"https:\/\/i0.wp.com\/mundosemfim.com\/wp-content\/uploads\/2017\/10\/Sin-t%C3%ADtulo.png?fit=787%2C472&ssl=1&resize=350%2C200","width":350,"height":200,"srcset":"https:\/\/i0.wp.com\/mundosemfim.com\/wp-content\/uploads\/2017\/10\/Sin-t%C3%ADtulo.png?fit=787%2C472&ssl=1&resize=350%2C200 1x, https:\/\/i0.wp.com\/mundosemfim.com\/wp-content\/uploads\/2017\/10\/Sin-t%C3%ADtulo.png?fit=787%2C472&ssl=1&resize=525%2C300 1.5x, https:\/\/i0.wp.com\/mundosemfim.com\/wp-content\/uploads\/2017\/10\/Sin-t%C3%ADtulo.png?fit=787%2C472&ssl=1&resize=700%2C400 2x"},"classes":[]},{"id":4331,"url":"https:\/\/mundosemfim.com\/?p=4331","url_meta":{"origin":5458,"position":3},"title":"Popay\u00e1n \u2013 conhe\u00e7a esta bela cidade colonial na Col\u00f4mbia","author":"Renan","date":"outubro 3, 2016","format":false,"excerpt":"Com um centro hist\u00f3rico muito bonito, praticamente todo pintado de branco, Popay\u00e1n \u00e9 uma bela cidade colonial que d\u00e1 boas-vindas aos viajantes que chegam ao pa\u00eds desde o Equador. N\u00e3o deixe de conhec\u00ea-la! C\u00e2mbio oficial (out\/2016) 1 real = 910 pesos colombianos 1 d\u00f3lar = 2930 pesos colombianos A beleza\u2026","rel":"","context":"Em &quot;Am\u00e9rica do Sul&quot;","block_context":{"text":"Am\u00e9rica do Sul","link":"https:\/\/mundosemfim.com\/?cat=6"},"img":{"alt_text":"","src":"https:\/\/i0.wp.com\/mundosemfim.com\/wp-content\/uploads\/2016\/10\/DSC_0001-1.jpg?fit=960%2C640&ssl=1&resize=350%2C200","width":350,"height":200,"srcset":"https:\/\/i0.wp.com\/mundosemfim.com\/wp-content\/uploads\/2016\/10\/DSC_0001-1.jpg?fit=960%2C640&ssl=1&resize=350%2C200 1x, https:\/\/i0.wp.com\/mundosemfim.com\/wp-content\/uploads\/2016\/10\/DSC_0001-1.jpg?fit=960%2C640&ssl=1&resize=525%2C300 1.5x, https:\/\/i0.wp.com\/mundosemfim.com\/wp-content\/uploads\/2016\/10\/DSC_0001-1.jpg?fit=960%2C640&ssl=1&resize=700%2C400 2x"},"classes":[]},{"id":4283,"url":"https:\/\/mundosemfim.com\/?p=4283","url_meta":{"origin":5458,"position":4},"title":"Visitando Tierradentro, na Col\u00f4mbia \u2013 um patrim\u00f4nio da UNESCO pouco conhecido","author":"Renan","date":"setembro 28, 2016","format":false,"excerpt":"Com m\u00e1 fama no passado por ter sido zona de guerrilhas, Tierradentro guarda rel\u00edquias de civiliza\u00e7\u00f5es antigas ainda pouco exploradas por turistas. Venha conhec\u00ea-las conosco! C\u00e2mbio oficial (set\/2016) 1 real = 890 pesos colombianos 1 d\u00f3lar = 2880 pesos colombianos Tierradentro \u00e9 uma regi\u00e3o montanhosa ao sul da Col\u00f4mbia, marcada\u2026","rel":"","context":"Em &quot;Am\u00e9rica do Sul&quot;","block_context":{"text":"Am\u00e9rica do Sul","link":"https:\/\/mundosemfim.com\/?cat=6"},"img":{"alt_text":"","src":"https:\/\/i0.wp.com\/mundosemfim.com\/wp-content\/uploads\/2016\/09\/DSC_0062-2.jpg?fit=960%2C640&ssl=1&resize=350%2C200","width":350,"height":200,"srcset":"https:\/\/i0.wp.com\/mundosemfim.com\/wp-content\/uploads\/2016\/09\/DSC_0062-2.jpg?fit=960%2C640&ssl=1&resize=350%2C200 1x, https:\/\/i0.wp.com\/mundosemfim.com\/wp-content\/uploads\/2016\/09\/DSC_0062-2.jpg?fit=960%2C640&ssl=1&resize=525%2C300 1.5x, https:\/\/i0.wp.com\/mundosemfim.com\/wp-content\/uploads\/2016\/09\/DSC_0062-2.jpg?fit=960%2C640&ssl=1&resize=700%2C400 2x"},"classes":[]},{"id":7037,"url":"https:\/\/mundosemfim.com\/?p=7037","url_meta":{"origin":5458,"position":5},"title":"Vivendo o Dia dos Mortos em Oaxaca (M\u00e9xico)","author":"Renan","date":"novembro 11, 2017","format":false,"excerpt":"Quer viver uma das melhores experi\u00eancias que o M\u00e9xico tem para oferecer? Ent\u00e3o passe o dia dos mortos em Oaxaca. Aqui contamos como \u00e9! C\u00e2mbio oficial (nov\/2017) 1 real = 5,87 pesos mexicanos 1 d\u00f3lar = 19,10 pesos mexicanos Declarada como Patrim\u00f4nio Cultural Imaterial pela UNESCO, o Dia dos Mortos\u2026","rel":"","context":"Em &quot;Am\u00e9rica do Norte&quot;","block_context":{"text":"Am\u00e9rica do Norte","link":"https:\/\/mundosemfim.com\/?cat=431"},"img":{"alt_text":"Dia dos Mortos, Oaxaca","src":"https:\/\/i0.wp.com\/mundosemfim.com\/wp-content\/uploads\/2017\/11\/DSC_0003-6.jpg?fit=800%2C533&ssl=1&resize=350%2C200","width":350,"height":200,"srcset":"https:\/\/i0.wp.com\/mundosemfim.com\/wp-content\/uploads\/2017\/11\/DSC_0003-6.jpg?fit=800%2C533&ssl=1&resize=350%2C200 1x, https:\/\/i0.wp.com\/mundosemfim.com\/wp-content\/uploads\/2017\/11\/DSC_0003-6.jpg?fit=800%2C533&ssl=1&resize=525%2C300 1.5x, https:\/\/i0.wp.com\/mundosemfim.com\/wp-content\/uploads\/2017\/11\/DSC_0003-6.jpg?fit=800%2C533&ssl=1&resize=700%2C400 2x"},"classes":[]}],"_links":{"self":[{"href":"https:\/\/mundosemfim.com\/index.php?rest_route=\/wp\/v2\/posts\/5458","targetHints":{"allow":["GET"]}}],"collection":[{"href":"https:\/\/mundosemfim.com\/index.php?rest_route=\/wp\/v2\/posts"}],"about":[{"href":"https:\/\/mundosemfim.com\/index.php?rest_route=\/wp\/v2\/types\/post"}],"author":[{"embeddable":true,"href":"https:\/\/mundosemfim.com\/index.php?rest_route=\/wp\/v2\/users\/1"}],"replies":[{"embeddable":true,"href":"https:\/\/mundosemfim.com\/index.php?rest_route=%2Fwp%2Fv2%2Fcomments&post=5458"}],"version-history":[{"count":2,"href":"https:\/\/mundosemfim.com\/index.php?rest_route=\/wp\/v2\/posts\/5458\/revisions"}],"predecessor-version":[{"id":5472,"href":"https:\/\/mundosemfim.com\/index.php?rest_route=\/wp\/v2\/posts\/5458\/revisions\/5472"}],"wp:featuredmedia":[{"embeddable":true,"href":"https:\/\/mundosemfim.com\/index.php?rest_route=\/wp\/v2\/media\/5471"}],"wp:attachment":[{"href":"https:\/\/mundosemfim.com\/index.php?rest_route=%2Fwp%2Fv2%2Fmedia&parent=5458"}],"wp:term":[{"taxonomy":"category","embeddable":true,"href":"https:\/\/mundosemfim.com\/index.php?rest_route=%2Fwp%2Fv2%2Fcategories&post=5458"},{"taxonomy":"post_tag","embeddable":true,"href":"https:\/\/mundosemfim.com\/index.php?rest_route=%2Fwp%2Fv2%2Ftags&post=5458"}],"curies":[{"name":"wp","href":"https:\/\/api.w.org\/{rel}","templated":true}]}}