{"id":5016,"date":"2017-02-04T20:28:45","date_gmt":"2017-02-04T22:28:45","guid":{"rendered":"https:\/\/mundosemfim.com\/?p=5016"},"modified":"2018-09-10T07:16:19","modified_gmt":"2018-09-10T10:16:19","slug":"top-15-america-do-sul-destinos-imperdiveis-no-nosso-continente","status":"publish","type":"post","link":"https:\/\/mundosemfim.com\/?p=5016","title":{"rendered":"Top 15 Am\u00e9rica do Sul &#8211; Destinos imperd\u00edveis no nosso continente!"},"content":{"rendered":"<p>Lugares imperd\u00edveis da Am\u00e9rica do Sul? Aqui est\u00e1 a lista dos 15 que mais gostamos!<\/p>\n<p><!--more--><\/p>\n<p>A ideia era criar um <a href=\"https:\/\/mundosemfim.com\/category\/top-10\/\">TOP 10<\/a>, mas nosso continente tem tantas belezas que foi imposs\u00edvel escolher t\u00e3o poucos destinos. Por fim chegamos a lista dos 15 mais (e mesmo assim foi bem dif\u00edcil deixar alguns de fora!).<\/p>\n<p>Todos estes lugares n\u00f3s visitamos (seja nesta viagem ou em outras anteriores). A ordem da lista \u00e9 aleat\u00f3ria. At\u00e9 tentamos fazer um ranking, mas n\u00e3o conseguimos&#8230;<\/p>\n<p>(Deixamos o Brasil de fora por enquanto porque queremos percorrer nosso pa\u00eds de ponta a ponta quando estivermos terminando a viagem).<\/p>\n<h2><strong>1 &#8211; <a href=\"https:\/\/mundosemfim.com\/conhecendo-machu-picchu-tudo-para-voce-aproveitar-ao-maximo-sua-visita-a-cidade-perdida\/\">Machu Picchu<\/a><\/strong><\/h2>\n<p>A antiga cidade dos incas n\u00e3o \u00e9 uma das 7 Maravilhas do Mundo por acaso \u2013 seu estado de conserva\u00e7\u00e3o \u00e9 de dar inveja a muitos edif\u00edcios modernos, e a natureza que a rodeia \u00e9 de tirar o f\u00f4lego.<\/p>\n<p>Trem? Van? Trilha? N\u00e3o importa o caminho que voc\u00ea escolher, o importante \u00e9 chegar a Machu Picchu!<\/p>\n<figure id=\"attachment_5019\" aria-describedby=\"caption-attachment-5019\" style=\"width: 1000px\" class=\"wp-caption aligncenter\"><img data-recalc-dims=\"1\" loading=\"lazy\" decoding=\"async\" data-attachment-id=\"5019\" data-permalink=\"https:\/\/mundosemfim.com\/?attachment_id=5019\" data-orig-file=\"https:\/\/i0.wp.com\/mundosemfim.com\/wp-content\/uploads\/2017\/02\/DSC_0011.jpg?fit=1000%2C667&amp;ssl=1\" data-orig-size=\"1000,667\" data-comments-opened=\"1\" data-image-meta=\"{&quot;aperture&quot;:&quot;0&quot;,&quot;credit&quot;:&quot;&quot;,&quot;camera&quot;:&quot;&quot;,&quot;caption&quot;:&quot;&quot;,&quot;created_timestamp&quot;:&quot;0&quot;,&quot;copyright&quot;:&quot;&quot;,&quot;focal_length&quot;:&quot;0&quot;,&quot;iso&quot;:&quot;0&quot;,&quot;shutter_speed&quot;:&quot;0&quot;,&quot;title&quot;:&quot;&quot;,&quot;orientation&quot;:&quot;0&quot;}\" data-image-title=\"Top 15 Am\u00e9rica do Sul\" data-image-description=\"\" data-image-caption=\"&lt;p&gt;Mucuvinha em Machu Picchu&lt;\/p&gt;\n\" data-large-file=\"https:\/\/i0.wp.com\/mundosemfim.com\/wp-content\/uploads\/2017\/02\/DSC_0011.jpg?fit=764%2C510&amp;ssl=1\" class=\"wp-image-5019 size-full\" src=\"https:\/\/i0.wp.com\/mundosemfim.com\/wp-content\/uploads\/2017\/02\/DSC_0011.jpg?resize=764%2C510&#038;ssl=1\" alt=\"Mucuvinha em Machu Picchu, Peru\" width=\"764\" height=\"510\" srcset=\"https:\/\/i0.wp.com\/mundosemfim.com\/wp-content\/uploads\/2017\/02\/DSC_0011.jpg?w=1000&amp;ssl=1 1000w, https:\/\/i0.wp.com\/mundosemfim.com\/wp-content\/uploads\/2017\/02\/DSC_0011.jpg?resize=300%2C200&amp;ssl=1 300w, https:\/\/i0.wp.com\/mundosemfim.com\/wp-content\/uploads\/2017\/02\/DSC_0011.jpg?resize=768%2C512&amp;ssl=1 768w\" sizes=\"auto, (max-width: 764px) 100vw, 764px\" \/><figcaption id=\"caption-attachment-5019\" class=\"wp-caption-text\">Mucuvinha em Machu Picchu<\/figcaption><\/figure>\n<p>Leia nosso post completo, com todas as dicas e pre\u00e7os, <a href=\"https:\/\/mundosemfim.com\/conhecendo-machu-picchu-tudo-para-voce-aproveitar-ao-maximo-sua-visita-a-cidade-perdida\/\"><b>aqui<\/b><\/a>.<\/p>\n<h2><strong>2 &#8211;\u00a0Salto Angel<\/strong><\/h2>\n<p>Com quase 1 quil\u00f4metro de altura (isso mesmo!), Salto Angel \u00e9 a cachoeira mais alta do mundo. Para tornar tudo mais incr\u00edvel, esta queda d&#8217;\u00e1gua est\u00e1 t\u00e3o isolada que a natureza da regi\u00e3o est\u00e1 quase intocada. Dormir por l\u00e1 \u00e9 na rede mesmo.<\/p>\n<p>Salto Angel serviu de inspira\u00e7\u00e3o para o filme <i>Up! Altas Aventuras<\/i>.<\/p>\n<p>Para chegar at\u00e9 l\u00e1, \u00e9 preciso pegar uma combina\u00e7\u00e3o de avi\u00e3o e barco, em um tour de pelo menos 3 dias. As excurs\u00f5es partem da Ciudad Bol\u00edvar (<a href=\"https:\/\/mundosemfim.com\/mochilao-pela-venezuela-roteiro-gastos-dicas-fotos-etc\/\">Venezuela<\/a>) e custam na faixa de 200 d\u00f3lares.<\/p>\n<figure id=\"attachment_5020\" aria-describedby=\"caption-attachment-5020\" style=\"width: 1000px\" class=\"wp-caption aligncenter\"><img data-recalc-dims=\"1\" loading=\"lazy\" decoding=\"async\" data-attachment-id=\"5020\" data-permalink=\"https:\/\/mundosemfim.com\/?attachment_id=5020\" data-orig-file=\"https:\/\/i0.wp.com\/mundosemfim.com\/wp-content\/uploads\/2017\/02\/DSCF0274.jpg?fit=1000%2C750&amp;ssl=1\" data-orig-size=\"1000,750\" data-comments-opened=\"1\" data-image-meta=\"{&quot;aperture&quot;:&quot;0&quot;,&quot;credit&quot;:&quot;&quot;,&quot;camera&quot;:&quot;&quot;,&quot;caption&quot;:&quot;&quot;,&quot;created_timestamp&quot;:&quot;1486224150&quot;,&quot;copyright&quot;:&quot;&quot;,&quot;focal_length&quot;:&quot;0&quot;,&quot;iso&quot;:&quot;0&quot;,&quot;shutter_speed&quot;:&quot;0&quot;,&quot;title&quot;:&quot;&quot;,&quot;orientation&quot;:&quot;1&quot;}\" data-image-title=\"Top 15 Am\u00e9rica do Sul\" data-image-description=\"\" data-image-caption=\"&lt;p&gt;Seguindo em canoa para o Salto Angel&lt;\/p&gt;\n\" data-large-file=\"https:\/\/i0.wp.com\/mundosemfim.com\/wp-content\/uploads\/2017\/02\/DSCF0274.jpg?fit=764%2C573&amp;ssl=1\" class=\"wp-image-5020 size-full\" src=\"https:\/\/i0.wp.com\/mundosemfim.com\/wp-content\/uploads\/2017\/02\/DSCF0274.jpg?resize=764%2C573&#038;ssl=1\" alt=\"Salto Angel, Venezuela\" width=\"764\" height=\"573\" srcset=\"https:\/\/i0.wp.com\/mundosemfim.com\/wp-content\/uploads\/2017\/02\/DSCF0274.jpg?w=1000&amp;ssl=1 1000w, https:\/\/i0.wp.com\/mundosemfim.com\/wp-content\/uploads\/2017\/02\/DSCF0274.jpg?resize=300%2C225&amp;ssl=1 300w, https:\/\/i0.wp.com\/mundosemfim.com\/wp-content\/uploads\/2017\/02\/DSCF0274.jpg?resize=768%2C576&amp;ssl=1 768w, https:\/\/i0.wp.com\/mundosemfim.com\/wp-content\/uploads\/2017\/02\/DSCF0274.jpg?resize=800%2C600&amp;ssl=1 800w\" sizes=\"auto, (max-width: 764px) 100vw, 764px\" \/><figcaption id=\"caption-attachment-5020\" class=\"wp-caption-text\">Seguindo em canoa para o Salto Angel<\/figcaption><\/figure>\n<p>Estivemos neste lugar magn\u00edfico em 2012. Gostar\u00edamos de ter voltado agora, mas infelizmente a grana n\u00e3o deu.<\/p>\n<h2><strong>3 &#8211;\u00a0Cataratas do Igua\u00e7u<\/strong><\/h2>\n<p>Este dispensa coment\u00e1rios: localizado entre o Brasil e a <a href=\"https:\/\/mundosemfim.com\/nosso-mochilao-na-argentina-dicas-fotos-resumo-dos-gastos-etc\/\">Argentina<\/a>, este conjunto com mais de 270 quedas d&#8217;\u00e1gua \u00e9 um dos principais destinos tur\u00edsticos na Am\u00e9rica do Sul. Sua impon\u00eancia \u00e9 tanta que a ex-primeira dama dos EUA, Eleanor Roosevelt, ao ver as cataratas teria exclamado: &#8220;Pobre Ni\u00e1gara!&#8221;.<\/p>\n<p>Brasil ou Argentina? Esque\u00e7a as diferen\u00e7as, visite os dois lados!<\/p>\n<figure id=\"attachment_5021\" aria-describedby=\"caption-attachment-5021\" style=\"width: 1001px\" class=\"wp-caption aligncenter\"><img data-recalc-dims=\"1\" loading=\"lazy\" decoding=\"async\" data-attachment-id=\"5021\" data-permalink=\"https:\/\/mundosemfim.com\/?attachment_id=5021\" data-orig-file=\"https:\/\/i0.wp.com\/mundosemfim.com\/wp-content\/uploads\/2017\/02\/P1000958.jpg?fit=1001%2C699&amp;ssl=1\" data-orig-size=\"1001,699\" data-comments-opened=\"1\" data-image-meta=\"{&quot;aperture&quot;:&quot;0&quot;,&quot;credit&quot;:&quot;&quot;,&quot;camera&quot;:&quot;&quot;,&quot;caption&quot;:&quot;&quot;,&quot;created_timestamp&quot;:&quot;1486224540&quot;,&quot;copyright&quot;:&quot;&quot;,&quot;focal_length&quot;:&quot;0&quot;,&quot;iso&quot;:&quot;0&quot;,&quot;shutter_speed&quot;:&quot;0&quot;,&quot;title&quot;:&quot;&quot;,&quot;orientation&quot;:&quot;1&quot;}\" data-image-title=\"Cataratas do Igua\u00e7u\" data-image-description=\"\" data-image-caption=\"&lt;p&gt;Mucuvinha curtindo o lado argentino das Cataratas do Igua\u00e7u&lt;\/p&gt;\n\" data-large-file=\"https:\/\/i0.wp.com\/mundosemfim.com\/wp-content\/uploads\/2017\/02\/P1000958.jpg?fit=764%2C534&amp;ssl=1\" class=\"wp-image-5021 size-full\" src=\"https:\/\/i0.wp.com\/mundosemfim.com\/wp-content\/uploads\/2017\/02\/P1000958.jpg?resize=764%2C534&#038;ssl=1\" alt=\"Mucuvinha nas Cataratas do Iguazu, Argentina\" width=\"764\" height=\"534\" srcset=\"https:\/\/i0.wp.com\/mundosemfim.com\/wp-content\/uploads\/2017\/02\/P1000958.jpg?w=1001&amp;ssl=1 1001w, https:\/\/i0.wp.com\/mundosemfim.com\/wp-content\/uploads\/2017\/02\/P1000958.jpg?resize=300%2C209&amp;ssl=1 300w, https:\/\/i0.wp.com\/mundosemfim.com\/wp-content\/uploads\/2017\/02\/P1000958.jpg?resize=768%2C536&amp;ssl=1 768w\" sizes=\"auto, (max-width: 764px) 100vw, 764px\" \/><figcaption id=\"caption-attachment-5021\" class=\"wp-caption-text\">Mucuvinha curtindo o lado argentino das Cataratas do Igua\u00e7u<\/figcaption><\/figure>\n<h2><strong>4 &#8211;\u00a0<a href=\"https:\/\/mundosemfim.com\/san-pedro-de-atacama-tudo-o-que-voce-precisa-saber-para-aproveitar-ao-maximo-este-lugar-incrivel\/\">Deserto do Atacama<\/a><\/strong><\/h2>\n<p>Localizado no norte do <a href=\"https:\/\/mundosemfim.com\/mochilao-pelo-chile-de-ponta-a-ponta-roteiro-gastos-dicas-fotos-etc\/\">Chile<\/a>, o deserto mais \u00e1rido do mundo \u00e9 tamb\u00e9m um dos mais belos. Sua colora\u00e7\u00e3o e suas forma\u00e7\u00f5es rochosas v\u00e3o fazer com que voc\u00ea se sinta nos filmes de Marte.<\/p>\n<p>E se engana quem pensa que no deserto a paisagem \u00e9 tudo igual: l\u00e1 h\u00e1 g\u00eaiseres, lagoas, vulc\u00f5es e at\u00e9 piscinas termais para relaxar depois de uma longa caminhada!<\/p>\n<figure id=\"attachment_5022\" aria-describedby=\"caption-attachment-5022\" style=\"width: 1000px\" class=\"wp-caption aligncenter\"><img data-recalc-dims=\"1\" loading=\"lazy\" decoding=\"async\" data-attachment-id=\"5022\" data-permalink=\"https:\/\/mundosemfim.com\/?attachment_id=5022\" data-orig-file=\"https:\/\/i0.wp.com\/mundosemfim.com\/wp-content\/uploads\/2017\/02\/DSC_0061.jpg?fit=1000%2C667&amp;ssl=1\" data-orig-size=\"1000,667\" data-comments-opened=\"1\" data-image-meta=\"{&quot;aperture&quot;:&quot;0&quot;,&quot;credit&quot;:&quot;&quot;,&quot;camera&quot;:&quot;&quot;,&quot;caption&quot;:&quot;&quot;,&quot;created_timestamp&quot;:&quot;1486225116&quot;,&quot;copyright&quot;:&quot;&quot;,&quot;focal_length&quot;:&quot;0&quot;,&quot;iso&quot;:&quot;0&quot;,&quot;shutter_speed&quot;:&quot;0&quot;,&quot;title&quot;:&quot;&quot;,&quot;orientation&quot;:&quot;1&quot;}\" data-image-title=\"San Pedro de Atacama\" data-image-description=\"\" data-image-caption=\"&lt;p&gt;Na Pedra do Coiote, Deserto do Atacama&lt;\/p&gt;\n\" data-large-file=\"https:\/\/i0.wp.com\/mundosemfim.com\/wp-content\/uploads\/2017\/02\/DSC_0061.jpg?fit=764%2C510&amp;ssl=1\" class=\"wp-image-5022 size-full\" src=\"https:\/\/i0.wp.com\/mundosemfim.com\/wp-content\/uploads\/2017\/02\/DSC_0061.jpg?resize=764%2C510&#038;ssl=1\" alt=\"Deserto do Atacama, Chile\" width=\"764\" height=\"510\" srcset=\"https:\/\/i0.wp.com\/mundosemfim.com\/wp-content\/uploads\/2017\/02\/DSC_0061.jpg?w=1000&amp;ssl=1 1000w, https:\/\/i0.wp.com\/mundosemfim.com\/wp-content\/uploads\/2017\/02\/DSC_0061.jpg?resize=300%2C200&amp;ssl=1 300w, https:\/\/i0.wp.com\/mundosemfim.com\/wp-content\/uploads\/2017\/02\/DSC_0061.jpg?resize=768%2C512&amp;ssl=1 768w\" sizes=\"auto, (max-width: 764px) 100vw, 764px\" \/><figcaption id=\"caption-attachment-5022\" class=\"wp-caption-text\">Na Pedra do Coiote, Deserto do Atacama<\/figcaption><\/figure>\n<p>Leia tudo sobre este destino espetacular <a href=\"https:\/\/mundosemfim.com\/san-pedro-de-atacama-tudo-o-que-voce-precisa-saber-para-aproveitar-ao-maximo-este-lugar-incrivel\/\"><b>aqui<\/b><\/a>.<\/p>\n<h2><strong>5 &#8211;\u00a0<a href=\"https:\/\/mundosemfim.com\/salar-do-uyuni-tudo-o-que-voce-precisa-saber-para-fazer-um-dos-tours-mais-impressionantes-da-america-do-sul\/\">Salar do Uyuni<\/a><\/strong><\/h2>\n<p>A beleza cultural da <a href=\"https:\/\/mundosemfim.com\/mochilao-pela-bolivia-roteiro-gastos-dicas-fotos-etc\/\">Bol\u00edvia<\/a> \u00e9 incompar\u00e1vel, mas o pa\u00eds tamb\u00e9m possui belezas naturais de tirar o f\u00f4lego (literalmente), e o Salar do Uyuni \u00e9 o melhor exemplo.<\/p>\n<p>Localizado a cerca de 3800 metros de altitude, este imenso deserto de sal vai brincar com o seu c\u00e9rebro de uma maneira inesquec\u00edvel. E o mais legal \u00e9 que este destino de dif\u00edcil acesso ainda n\u00e3o foi invadido por redes hoteleiras ou coisas do tipo: percorr\u00ea-lo \u00e9 vivenciar um pouco da cultura milenar andina.<\/p>\n<figure id=\"attachment_5023\" aria-describedby=\"caption-attachment-5023\" style=\"width: 1000px\" class=\"wp-caption aligncenter\"><img data-recalc-dims=\"1\" loading=\"lazy\" decoding=\"async\" data-attachment-id=\"5023\" data-permalink=\"https:\/\/mundosemfim.com\/?attachment_id=5023\" data-orig-file=\"https:\/\/i0.wp.com\/mundosemfim.com\/wp-content\/uploads\/2017\/02\/DSC_0543.jpg?fit=1000%2C667&amp;ssl=1\" data-orig-size=\"1000,667\" data-comments-opened=\"1\" data-image-meta=\"{&quot;aperture&quot;:&quot;0&quot;,&quot;credit&quot;:&quot;&quot;,&quot;camera&quot;:&quot;&quot;,&quot;caption&quot;:&quot;&quot;,&quot;created_timestamp&quot;:&quot;0&quot;,&quot;copyright&quot;:&quot;&quot;,&quot;focal_length&quot;:&quot;0&quot;,&quot;iso&quot;:&quot;0&quot;,&quot;shutter_speed&quot;:&quot;0&quot;,&quot;title&quot;:&quot;&quot;,&quot;orientation&quot;:&quot;0&quot;}\" data-image-title=\"Salar do Uyuni\" data-image-description=\"\" data-image-caption=\"&lt;p&gt;Brincando com a perspectiva no Salar do Uyuni&lt;\/p&gt;\n\" data-large-file=\"https:\/\/i0.wp.com\/mundosemfim.com\/wp-content\/uploads\/2017\/02\/DSC_0543.jpg?fit=764%2C510&amp;ssl=1\" class=\"wp-image-5023 size-full\" src=\"https:\/\/i0.wp.com\/mundosemfim.com\/wp-content\/uploads\/2017\/02\/DSC_0543.jpg?resize=764%2C510&#038;ssl=1\" alt=\"Salar do Uyuni, Bol\u00edvia\" width=\"764\" height=\"510\" srcset=\"https:\/\/i0.wp.com\/mundosemfim.com\/wp-content\/uploads\/2017\/02\/DSC_0543.jpg?w=1000&amp;ssl=1 1000w, https:\/\/i0.wp.com\/mundosemfim.com\/wp-content\/uploads\/2017\/02\/DSC_0543.jpg?resize=300%2C200&amp;ssl=1 300w, https:\/\/i0.wp.com\/mundosemfim.com\/wp-content\/uploads\/2017\/02\/DSC_0543.jpg?resize=768%2C512&amp;ssl=1 768w\" sizes=\"auto, (max-width: 764px) 100vw, 764px\" \/><figcaption id=\"caption-attachment-5023\" class=\"wp-caption-text\">Brincando com a perspectiva no Salar do Uyuni<\/figcaption><\/figure>\n<p>Ficou com vontade de ir para l\u00e1? Leia tudo o que voc\u00ea precisa saber <a href=\"https:\/\/mundosemfim.com\/salar-do-uyuni-tudo-o-que-voce-precisa-saber-para-fazer-um-dos-tours-mais-impressionantes-da-america-do-sul\/\"><b>aqui<\/b><\/a>.<\/p>\n<h2><strong>6 &#8211;\u00a0<a href=\"https:\/\/mundosemfim.com\/guia-completo-sobre-cartagena-o-que-fazer-onde-se-hospedar-como-economizar-etc\/\">Cartagena<\/a><\/strong><\/h2>\n<p>Salsa, caribe e muita hist\u00f3ria: s\u00e3o estes tr\u00eas elementos que tornam Cartagena um dos destinos mais especiais na Col\u00f4mbia.<\/p>\n<p>Esta antiga cidade foi o principal porto da coroa espanhola na Am\u00e9rica do Sul, e era por onde sa\u00eda todo o ouro e a plata explorados por aqui. Por conta disso, era alvo de constantes ataques de piratas, o que obrigou a Espanha a transform\u00e1-la em uma grande fortaleza.<\/p>\n<p>Hoje, os fortes e os muros de prote\u00e7\u00e3o se mant\u00e9m bem conservados, assim como as casas coloniais, tornando Cartagena uma das cidades mais bonitas do continente. E, somado a tudo isso, est\u00e1 a <a href=\"https:\/\/mundosemfim.com\/tour-de-cartagena-a-playa-blanca-uma-das-mais-belas-praias-do-caribe-colombiano\/\">Playa Blanca<\/a>, com sua areia branca e \u00e1gua azul turquesa.<\/p>\n<figure id=\"attachment_4995\" aria-describedby=\"caption-attachment-4995\" style=\"width: 1000px\" class=\"wp-caption aligncenter\"><img data-recalc-dims=\"1\" loading=\"lazy\" decoding=\"async\" data-attachment-id=\"4995\" data-permalink=\"https:\/\/mundosemfim.com\/?attachment_id=4995\" data-orig-file=\"https:\/\/i0.wp.com\/mundosemfim.com\/wp-content\/uploads\/2017\/02\/DSC_0046.jpg?fit=1000%2C667&amp;ssl=1\" data-orig-size=\"1000,667\" data-comments-opened=\"1\" data-image-meta=\"{&quot;aperture&quot;:&quot;0&quot;,&quot;credit&quot;:&quot;&quot;,&quot;camera&quot;:&quot;&quot;,&quot;caption&quot;:&quot;&quot;,&quot;created_timestamp&quot;:&quot;0&quot;,&quot;copyright&quot;:&quot;&quot;,&quot;focal_length&quot;:&quot;0&quot;,&quot;iso&quot;:&quot;0&quot;,&quot;shutter_speed&quot;:&quot;0&quot;,&quot;title&quot;:&quot;&quot;,&quot;orientation&quot;:&quot;0&quot;}\" data-image-title=\"Cartagena\" data-image-description=\"\" data-image-caption=\"&lt;p&gt;A colorida Cartagena&lt;\/p&gt;\n\" data-large-file=\"https:\/\/i0.wp.com\/mundosemfim.com\/wp-content\/uploads\/2017\/02\/DSC_0046.jpg?fit=764%2C510&amp;ssl=1\" class=\"wp-image-4995 size-full\" src=\"https:\/\/i0.wp.com\/mundosemfim.com\/wp-content\/uploads\/2017\/02\/DSC_0046.jpg?resize=764%2C510&#038;ssl=1\" alt=\"Cartagena das \u00cdndias, Col\u00f4mbia\" width=\"764\" height=\"510\" srcset=\"https:\/\/i0.wp.com\/mundosemfim.com\/wp-content\/uploads\/2017\/02\/DSC_0046.jpg?w=1000&amp;ssl=1 1000w, https:\/\/i0.wp.com\/mundosemfim.com\/wp-content\/uploads\/2017\/02\/DSC_0046.jpg?resize=300%2C200&amp;ssl=1 300w, https:\/\/i0.wp.com\/mundosemfim.com\/wp-content\/uploads\/2017\/02\/DSC_0046.jpg?resize=768%2C512&amp;ssl=1 768w\" sizes=\"auto, (max-width: 764px) 100vw, 764px\" \/><figcaption id=\"caption-attachment-4995\" class=\"wp-caption-text\">A colorida Cartagena<\/figcaption><\/figure>\n<p>Ficou interessado? Leia todas as dicas sobre este destino <a href=\"https:\/\/mundosemfim.com\/guia-completo-sobre-cartagena-o-que-fazer-onde-se-hospedar-como-economizar-etc\/\"><b>aqui<\/b><\/a>.<\/p>\n<h2><strong>7 &#8211;\u00a0<a href=\"https:\/\/mundosemfim.com\/glacial-perito-moreno\/\">Perito Moreno<\/a><\/strong><\/h2>\n<p>Localizado em plena patag\u00f4nia argentina, este monstro branco faz cair o queixo at\u00e9 mesmo dos visitantes n\u00f3rdicos, que j\u00e1 est\u00e3o acostumados a ver gelo por todos os lados.<\/p>\n<p>O acesso f\u00e1cil, com uma boa rede de plataformas e miradores, tornam este destino ideal inclusive para cadeirantes ou quem viaja com crian\u00e7as.<\/p>\n<figure id=\"attachment_5024\" aria-describedby=\"caption-attachment-5024\" style=\"width: 1000px\" class=\"wp-caption aligncenter\"><img data-recalc-dims=\"1\" loading=\"lazy\" decoding=\"async\" data-attachment-id=\"5024\" data-permalink=\"https:\/\/mundosemfim.com\/?attachment_id=5024\" data-orig-file=\"https:\/\/i0.wp.com\/mundosemfim.com\/wp-content\/uploads\/2017\/02\/DSC_0531.jpg?fit=1000%2C667&amp;ssl=1\" data-orig-size=\"1000,667\" data-comments-opened=\"1\" data-image-meta=\"{&quot;aperture&quot;:&quot;0&quot;,&quot;credit&quot;:&quot;&quot;,&quot;camera&quot;:&quot;&quot;,&quot;caption&quot;:&quot;&quot;,&quot;created_timestamp&quot;:&quot;0&quot;,&quot;copyright&quot;:&quot;&quot;,&quot;focal_length&quot;:&quot;0&quot;,&quot;iso&quot;:&quot;0&quot;,&quot;shutter_speed&quot;:&quot;0&quot;,&quot;title&quot;:&quot;&quot;,&quot;orientation&quot;:&quot;0&quot;}\" data-image-title=\"Glacial Perito Moreno\" data-image-description=\"\" data-image-caption=\"&lt;p&gt;O pared\u00e3o de gelo do glacial Perito Moreno&lt;\/p&gt;\n\" data-large-file=\"https:\/\/i0.wp.com\/mundosemfim.com\/wp-content\/uploads\/2017\/02\/DSC_0531.jpg?fit=764%2C510&amp;ssl=1\" class=\"wp-image-5024 size-full\" src=\"https:\/\/i0.wp.com\/mundosemfim.com\/wp-content\/uploads\/2017\/02\/DSC_0531.jpg?resize=764%2C510&#038;ssl=1\" alt=\"Glacial Perito Moreno\" width=\"764\" height=\"510\" srcset=\"https:\/\/i0.wp.com\/mundosemfim.com\/wp-content\/uploads\/2017\/02\/DSC_0531.jpg?w=1000&amp;ssl=1 1000w, https:\/\/i0.wp.com\/mundosemfim.com\/wp-content\/uploads\/2017\/02\/DSC_0531.jpg?resize=300%2C200&amp;ssl=1 300w, https:\/\/i0.wp.com\/mundosemfim.com\/wp-content\/uploads\/2017\/02\/DSC_0531.jpg?resize=768%2C512&amp;ssl=1 768w\" sizes=\"auto, (max-width: 764px) 100vw, 764px\" \/><figcaption id=\"caption-attachment-5024\" class=\"wp-caption-text\">O pared\u00e3o de gelo do glacial Perito Moreno<\/figcaption><\/figure>\n<p>Leia todas as dicas para conhecer este espet\u00e1culo <a href=\"https:\/\/mundosemfim.com\/glacial-perito-moreno\/\"><b>aqui<\/b><\/a>.<\/p>\n<h2><strong>8 &#8211;\u00a0<a href=\"https:\/\/mundosemfim.com\/torres-del-paine-nossa-passagem-por-um-dos-parques-mais-famosos-da-america-do-sul\/\">Torres del Paine<\/a><\/strong><\/h2>\n<p>Localizado no extremo sul do <a href=\"https:\/\/mundosemfim.com\/mochilao-pelo-chile-de-ponta-a-ponta-roteiro-gastos-dicas-fotos-etc\/\">Chile<\/a>, este \u00e9 provavelmente o Parque Nacional mais visitado da Am\u00e9rica do Sul. Com circuitos que exigem at\u00e9 uma semana para serem percorridos, Torres del Paine \u00e9 a Meca daqueles que curtem trilhas.<\/p>\n<p>Ainda que a super lota\u00e7\u00e3o tenha for\u00e7ado a cria\u00e7\u00e3o de algumas regras chatas, e que hot\u00e9is luxuosos tenham quebrado um pouco o clima do local, a exuberante natureza compensa tudo.<\/p>\n<figure id=\"attachment_5025\" aria-describedby=\"caption-attachment-5025\" style=\"width: 1000px\" class=\"wp-caption aligncenter\"><img data-recalc-dims=\"1\" loading=\"lazy\" decoding=\"async\" data-attachment-id=\"5025\" data-permalink=\"https:\/\/mundosemfim.com\/?attachment_id=5025\" data-orig-file=\"https:\/\/i0.wp.com\/mundosemfim.com\/wp-content\/uploads\/2017\/02\/DSC_0614.jpg?fit=1000%2C667&amp;ssl=1\" data-orig-size=\"1000,667\" data-comments-opened=\"1\" data-image-meta=\"{&quot;aperture&quot;:&quot;0&quot;,&quot;credit&quot;:&quot;&quot;,&quot;camera&quot;:&quot;&quot;,&quot;caption&quot;:&quot;&quot;,&quot;created_timestamp&quot;:&quot;0&quot;,&quot;copyright&quot;:&quot;&quot;,&quot;focal_length&quot;:&quot;0&quot;,&quot;iso&quot;:&quot;0&quot;,&quot;shutter_speed&quot;:&quot;0&quot;,&quot;title&quot;:&quot;&quot;,&quot;orientation&quot;:&quot;0&quot;}\" data-image-title=\"Torres del Paine\" data-image-description=\"\" data-image-caption=\"&lt;p&gt;N\u00f3s nas famosas Torres del Paine&lt;\/p&gt;\n\" data-large-file=\"https:\/\/i0.wp.com\/mundosemfim.com\/wp-content\/uploads\/2017\/02\/DSC_0614.jpg?fit=764%2C510&amp;ssl=1\" class=\"wp-image-5025 size-full\" src=\"https:\/\/i0.wp.com\/mundosemfim.com\/wp-content\/uploads\/2017\/02\/DSC_0614.jpg?resize=764%2C510&#038;ssl=1\" alt=\"Parque Nacional Torres del Paine, Chile\" width=\"764\" height=\"510\" srcset=\"https:\/\/i0.wp.com\/mundosemfim.com\/wp-content\/uploads\/2017\/02\/DSC_0614.jpg?w=1000&amp;ssl=1 1000w, https:\/\/i0.wp.com\/mundosemfim.com\/wp-content\/uploads\/2017\/02\/DSC_0614.jpg?resize=300%2C200&amp;ssl=1 300w, https:\/\/i0.wp.com\/mundosemfim.com\/wp-content\/uploads\/2017\/02\/DSC_0614.jpg?resize=768%2C512&amp;ssl=1 768w\" sizes=\"auto, (max-width: 764px) 100vw, 764px\" \/><figcaption id=\"caption-attachment-5025\" class=\"wp-caption-text\">N\u00f3s nas famosas Torres del Paine<\/figcaption><\/figure>\n<p>Leia todos os detalhes deste Parque Nacional <a href=\"https:\/\/mundosemfim.com\/torres-del-paine-nossa-passagem-por-um-dos-parques-mais-famosos-da-america-do-sul\/\"><b>aqui<\/b><\/a>.<\/p>\n<h2><strong>9 &#8211;\u00a0<a href=\"https:\/\/mundosemfim.com\/galapagos-barato\/\">Gal\u00e1pagos<\/a><\/strong><\/h2>\n<p>Este conjunto de ilhas equatorianas, localizado em pleno Oceano Pac\u00edfico, foi a pe\u00e7a chave para que Darwin pudesse desenvolver a sua Teoria da Evolu\u00e7\u00e3o. Tamb\u00e9m pudera: a riqueza da fauna e da flora deste arquip\u00e9lago impressiona e inspira viajantes at\u00e9 os dias de hoje.<\/p>\n<figure id=\"attachment_5026\" aria-describedby=\"caption-attachment-5026\" style=\"width: 764px\" class=\"wp-caption aligncenter\"><img data-recalc-dims=\"1\" loading=\"lazy\" decoding=\"async\" data-attachment-id=\"5026\" data-permalink=\"https:\/\/mundosemfim.com\/?attachment_id=5026\" data-orig-file=\"https:\/\/i0.wp.com\/mundosemfim.com\/wp-content\/uploads\/2017\/02\/galapagos.jpg?fit=764%2C573&amp;ssl=1\" data-orig-size=\"764,573\" data-comments-opened=\"1\" data-image-meta=\"{&quot;aperture&quot;:&quot;2.8&quot;,&quot;credit&quot;:&quot;&quot;,&quot;camera&quot;:&quot;Hero3-Black Edition&quot;,&quot;caption&quot;:&quot;DCIM119GOPRO&quot;,&quot;created_timestamp&quot;:&quot;1413199823&quot;,&quot;copyright&quot;:&quot;&quot;,&quot;focal_length&quot;:&quot;2.77&quot;,&quot;iso&quot;:&quot;100&quot;,&quot;shutter_speed&quot;:&quot;0.0019113149847095&quot;,&quot;title&quot;:&quot;DCIM119GOPRO&quot;,&quot;orientation&quot;:&quot;1&quot;}\" data-image-title=\"Gal\u00e1pagos\" data-image-description=\"\" data-image-caption=\"&lt;p&gt;Mergulhando com tartarugas em Gal\u00e1pagos&lt;\/p&gt;\n\" data-large-file=\"https:\/\/i0.wp.com\/mundosemfim.com\/wp-content\/uploads\/2017\/02\/galapagos.jpg?fit=764%2C573&amp;ssl=1\" class=\"wp-image-5026 size-full\" src=\"https:\/\/i0.wp.com\/mundosemfim.com\/wp-content\/uploads\/2017\/02\/galapagos.jpg?resize=764%2C573&#038;ssl=1\" alt=\"Ilhas Gal\u00e1pagos, Equador\" width=\"764\" height=\"573\" srcset=\"https:\/\/i0.wp.com\/mundosemfim.com\/wp-content\/uploads\/2017\/02\/galapagos.jpg?w=764&amp;ssl=1 764w, https:\/\/i0.wp.com\/mundosemfim.com\/wp-content\/uploads\/2017\/02\/galapagos.jpg?resize=300%2C225&amp;ssl=1 300w\" sizes=\"auto, (max-width: 764px) 100vw, 764px\" \/><figcaption id=\"caption-attachment-5026\" class=\"wp-caption-text\">Mergulhando com tartarugas em Gal\u00e1pagos<\/figcaption><\/figure>\n<p>E, apesar dos cruzeiros para l\u00e1 serem car\u00edssimos, \u00e9 poss\u00edvel visitar Gal\u00e1pagos de uma maneira razoavelmente econ\u00f4mica. Leia todas as dicas <a href=\"https:\/\/mundosemfim.com\/galapagos-barato\/\"><b>aqui<\/b><\/a>.<\/p>\n<h2><strong>10 &#8211;\u00a0Lago Titicaca<\/strong><\/h2>\n<p>Localizado em plena Cordilheira dos Andes, na divisa entre o <a href=\"https:\/\/mundosemfim.com\/mochilao-pelo-peru-roteiro-gastos-dicas-fotos-etc\/\">Peru<\/a> e a <a href=\"https:\/\/mundosemfim.com\/mochilao-pela-bolivia-roteiro-gastos-dicas-fotos-etc\/\">Bol\u00edvia<\/a>, este \u00e9 o lago naveg\u00e1vel mais alto do mundo, e abriga uma cultura riqu\u00edssima.<\/p>\n<p>Ainda que muitos digam que tudo j\u00e1 est\u00e1 muito tur\u00edstico, a beleza do Titicaca nos encantou em todos os sentidos.<\/p>\n<p>Vale a pena visitar tanto o lado peruano quanto o lado boliviano.<\/p>\n<figure id=\"attachment_2782\" aria-describedby=\"caption-attachment-2782\" style=\"width: 1080px\" class=\"wp-caption aligncenter\"><img data-recalc-dims=\"1\" loading=\"lazy\" decoding=\"async\" data-attachment-id=\"2782\" data-permalink=\"https:\/\/mundosemfim.com\/?attachment_id=2782\" data-orig-file=\"https:\/\/i0.wp.com\/mundosemfim.com\/wp-content\/uploads\/2016\/05\/dsc_00472.jpg?fit=1080%2C720&amp;ssl=1\" data-orig-size=\"1080,720\" data-comments-opened=\"1\" data-image-meta=\"{&quot;aperture&quot;:&quot;16&quot;,&quot;credit&quot;:&quot;&quot;,&quot;camera&quot;:&quot;NIKON D5200&quot;,&quot;caption&quot;:&quot;&quot;,&quot;created_timestamp&quot;:&quot;1463913664&quot;,&quot;copyright&quot;:&quot;&quot;,&quot;focal_length&quot;:&quot;18&quot;,&quot;iso&quot;:&quot;125&quot;,&quot;shutter_speed&quot;:&quot;0.025&quot;,&quot;title&quot;:&quot;&quot;,&quot;orientation&quot;:&quot;1&quot;}\" data-image-title=\"Puno\" data-image-description=\"\" data-image-caption=\"&lt;p&gt;Barco de totora, para navegar pelas ilhas de Uros&lt;\/p&gt;\n\" data-large-file=\"https:\/\/i0.wp.com\/mundosemfim.com\/wp-content\/uploads\/2016\/05\/dsc_00472.jpg?fit=764%2C510&amp;ssl=1\" class=\"wp-image-2782 size-full\" src=\"https:\/\/i0.wp.com\/mundosemfim.com\/wp-content\/uploads\/2016\/05\/dsc_00472.jpg?resize=764%2C509&#038;ssl=1\" alt=\"Ilha de Uros, no Lago Titicaca\" width=\"764\" height=\"509\" srcset=\"https:\/\/i0.wp.com\/mundosemfim.com\/wp-content\/uploads\/2016\/05\/dsc_00472.jpg?w=1080&amp;ssl=1 1080w, https:\/\/i0.wp.com\/mundosemfim.com\/wp-content\/uploads\/2016\/05\/dsc_00472.jpg?resize=300%2C200&amp;ssl=1 300w, https:\/\/i0.wp.com\/mundosemfim.com\/wp-content\/uploads\/2016\/05\/dsc_00472.jpg?resize=768%2C512&amp;ssl=1 768w, https:\/\/i0.wp.com\/mundosemfim.com\/wp-content\/uploads\/2016\/05\/dsc_00472.jpg?resize=1024%2C683&amp;ssl=1 1024w\" sizes=\"auto, (max-width: 764px) 100vw, 764px\" \/><figcaption id=\"caption-attachment-2782\" class=\"wp-caption-text\">Barco de totora, para navegar pelo lado peruano do Titicaca<\/figcaption><\/figure>\n<p>Para detalhes do tour pelo Peru, leia nosso post <a href=\"https:\/\/mundosemfim.com\/puno-visitando-as-ilhas-peruanas-do-titicaca\/\"><b>aqui<\/b><\/a>.<\/p>\n<p>Para detalhes do lado boliviano, leia <a href=\"https:\/\/mundosemfim.com\/conhecendo-a-isla-del-sol-passeio-belissimo-pelo-titicaca\/\"><b>aqui<\/b><\/a>.<\/p>\n<h2><strong>11 &#8211;\u00a0Amaz\u00f4nia<\/strong><\/h2>\n<p>Ainda que a maior parte desta floresta esteja no Brasil, poucos brasileiros tiveram a oportunidade de conhec\u00ea-la. N\u00f3s mesmos n\u00e3o est\u00e1vamos com planos de passar pela Amaz\u00f4nia neste momento, mas uma mudan\u00e7a de \u00faltima hora no roteiro nos fez seguir at\u00e9 <a href=\"https:\/\/mundosemfim.com\/conhecendo-iquitos-o-coracao-da-selva-amazonica-peruana\/\">Iquitos<\/a>, o cora\u00e7\u00e3o da selva peruana. E a experi\u00eancia n\u00e3o poderia ter sido melhor: al\u00e9m da riqueza cultural, vimos animais ex\u00f3ticos, pescamos piranhas e nadamos com golfinhos em pleno Rio Amazonas.<\/p>\n<figure id=\"attachment_3897\" aria-describedby=\"caption-attachment-3897\" style=\"width: 901px\" class=\"wp-caption aligncenter\"><img data-recalc-dims=\"1\" loading=\"lazy\" decoding=\"async\" data-attachment-id=\"3897\" data-permalink=\"https:\/\/mundosemfim.com\/?attachment_id=3897\" data-orig-file=\"https:\/\/i0.wp.com\/mundosemfim.com\/wp-content\/uploads\/2016\/07\/P7190232.jpg?fit=901%2C601&amp;ssl=1\" data-orig-size=\"901,601\" data-comments-opened=\"1\" data-image-meta=\"{&quot;aperture&quot;:&quot;3.9&quot;,&quot;credit&quot;:&quot;&quot;,&quot;camera&quot;:&quot;TG-630&quot;,&quot;caption&quot;:&quot;OLYMPUS DIGITAL CAMERA&quot;,&quot;created_timestamp&quot;:&quot;1468930995&quot;,&quot;copyright&quot;:&quot;&quot;,&quot;focal_length&quot;:&quot;5&quot;,&quot;iso&quot;:&quot;800&quot;,&quot;shutter_speed&quot;:&quot;0.008&quot;,&quot;title&quot;:&quot;OLYMPUS DIGITAL CAMERA&quot;,&quot;orientation&quot;:&quot;1&quot;}\" data-image-title=\"Amaz\u00f4nia\" data-image-description=\"\" data-image-caption=\"&lt;p&gt;\u00c1rvore gigante, de cerca de 700 anos, na selva amaz\u00f4nica&lt;\/p&gt;\n\" data-large-file=\"https:\/\/i0.wp.com\/mundosemfim.com\/wp-content\/uploads\/2016\/07\/P7190232.jpg?fit=764%2C510&amp;ssl=1\" class=\"wp-image-3897 size-full\" src=\"https:\/\/i0.wp.com\/mundosemfim.com\/wp-content\/uploads\/2016\/07\/P7190232.jpg?resize=764%2C510&#038;ssl=1\" alt=\"Amaz\u00f4nia peruana\" width=\"764\" height=\"510\" srcset=\"https:\/\/i0.wp.com\/mundosemfim.com\/wp-content\/uploads\/2016\/07\/P7190232.jpg?w=901&amp;ssl=1 901w, https:\/\/i0.wp.com\/mundosemfim.com\/wp-content\/uploads\/2016\/07\/P7190232.jpg?resize=300%2C200&amp;ssl=1 300w, https:\/\/i0.wp.com\/mundosemfim.com\/wp-content\/uploads\/2016\/07\/P7190232.jpg?resize=768%2C512&amp;ssl=1 768w\" sizes=\"auto, (max-width: 764px) 100vw, 764px\" \/><figcaption id=\"caption-attachment-3897\" class=\"wp-caption-text\">\u00c1rvore gigante, de cerca de 700 anos, na selva amaz\u00f4nica<\/figcaption><\/figure>\n<p>Ficou interessado em conhecer esta maravilha? Leia tudo sobre nossa viagem <a href=\"https:\/\/mundosemfim.com\/conhecendo-iquitos-o-coracao-da-selva-amazonica-peruana\/\"><b>aqui<\/b><\/a>.<\/p>\n<h2><strong>12 &#8211;\u00a0<a href=\"https:\/\/mundosemfim.com\/el-chalten-e-o-fitz-roy-o-paraiso-de-quem-gosta-de-trilhas\/\">Fitz Roy<\/a><\/strong><\/h2>\n<p>Os argentinos s\u00e3o mochileiros por natureza, e isso n\u00e3o \u00e9 por acaso: seu pa\u00eds possui uns parques nacionais espetaculares, e muitos deles te permitem entrar e acampar gratuitamente.<\/p>\n<p>A regi\u00e3o onde est\u00e1 o pico Fitz Roy \u00e9 um exemplo disso: suas longas trilhas oferecem umas vistas t\u00e3o bonitas e uma sensa\u00e7\u00e3o de liberdade t\u00e3o grande que voc\u00ea at\u00e9 esquece o peso da mochila nas costas.<\/p>\n<p>Este destino n\u00e3o estava em nosso roteiro inicial, mas nossa melhor decis\u00e3o foi inclu\u00ed-lo. Sem d\u00favidas a maior barbada que encontramos em nossa viagem at\u00e9 agora!<\/p>\n<figure id=\"attachment_5027\" aria-describedby=\"caption-attachment-5027\" style=\"width: 1000px\" class=\"wp-caption aligncenter\"><img data-recalc-dims=\"1\" loading=\"lazy\" decoding=\"async\" data-attachment-id=\"5027\" data-permalink=\"https:\/\/mundosemfim.com\/?attachment_id=5027\" data-orig-file=\"https:\/\/i0.wp.com\/mundosemfim.com\/wp-content\/uploads\/2017\/02\/DSC_0654.jpg?fit=1000%2C667&amp;ssl=1\" data-orig-size=\"1000,667\" data-comments-opened=\"1\" data-image-meta=\"{&quot;aperture&quot;:&quot;0&quot;,&quot;credit&quot;:&quot;&quot;,&quot;camera&quot;:&quot;&quot;,&quot;caption&quot;:&quot;&quot;,&quot;created_timestamp&quot;:&quot;0&quot;,&quot;copyright&quot;:&quot;&quot;,&quot;focal_length&quot;:&quot;0&quot;,&quot;iso&quot;:&quot;0&quot;,&quot;shutter_speed&quot;:&quot;0&quot;,&quot;title&quot;:&quot;&quot;,&quot;orientation&quot;:&quot;0&quot;}\" data-image-title=\"Fitz Roy\" data-image-description=\"\" data-image-caption=\"&lt;p&gt;Apreciando a beleza do Fitz Roy&lt;\/p&gt;\n\" data-large-file=\"https:\/\/i0.wp.com\/mundosemfim.com\/wp-content\/uploads\/2017\/02\/DSC_0654.jpg?fit=764%2C510&amp;ssl=1\" class=\"wp-image-5027 size-full\" src=\"https:\/\/i0.wp.com\/mundosemfim.com\/wp-content\/uploads\/2017\/02\/DSC_0654.jpg?resize=764%2C510&#038;ssl=1\" alt=\"Fitz Roy - Argentina\" width=\"764\" height=\"510\" srcset=\"https:\/\/i0.wp.com\/mundosemfim.com\/wp-content\/uploads\/2017\/02\/DSC_0654.jpg?w=1000&amp;ssl=1 1000w, https:\/\/i0.wp.com\/mundosemfim.com\/wp-content\/uploads\/2017\/02\/DSC_0654.jpg?resize=300%2C200&amp;ssl=1 300w, https:\/\/i0.wp.com\/mundosemfim.com\/wp-content\/uploads\/2017\/02\/DSC_0654.jpg?resize=768%2C512&amp;ssl=1 768w\" sizes=\"auto, (max-width: 764px) 100vw, 764px\" \/><figcaption id=\"caption-attachment-5027\" class=\"wp-caption-text\">Apreciando a beleza do Fitz Roy<\/figcaption><\/figure>\n<p>Para ler tudo sobre este passeio, leia nosso post <a href=\"https:\/\/mundosemfim.com\/el-chalten-e-o-fitz-roy-o-paraiso-de-quem-gosta-de-trilhas\/\"><b>aqui<\/b><\/a>.<\/p>\n<h2><strong>13 &#8211;\u00a0<a href=\"https:\/\/mundosemfim.com\/chichiriviche-e-o-parque-nacional-morrocoy-o-paradisiaco-caribe-venezuelano\/\">Parque Nacional Morrocoy<\/a><\/strong><\/h2>\n<p>Incluir a <a href=\"https:\/\/mundosemfim.com\/mochilao-pela-venezuela-roteiro-gastos-dicas-fotos-etc\/\">Venezuela<\/a> no nosso roteiro foi uma decis\u00e3o dif\u00edcil: de cada 10 pessoas que conhecemos, 9 nos aconselharam a n\u00e3o ir para l\u00e1 devido \u00e0 instabilidade econ\u00f4mica e pol\u00edtica.<\/p>\n<p>Por sorte fomos cabe\u00e7as-duras: o pa\u00eds oferece paisagens fant\u00e1sticas e praias impressionantes, tudo isso a pre\u00e7os muito baixos. Um exemplo disso \u00e9 o Parque Nacional Morrocoy, com seu conjunto de ilhas paradis\u00edacas em pleno mar do caribe.<\/p>\n<figure id=\"attachment_4815\" aria-describedby=\"caption-attachment-4815\" style=\"width: 1000px\" class=\"wp-caption aligncenter\"><img data-recalc-dims=\"1\" loading=\"lazy\" decoding=\"async\" data-attachment-id=\"4815\" data-permalink=\"https:\/\/mundosemfim.com\/?attachment_id=4815\" data-orig-file=\"https:\/\/i0.wp.com\/mundosemfim.com\/wp-content\/uploads\/2017\/01\/borracho1.jpg?fit=1000%2C667&amp;ssl=1\" data-orig-size=\"1000,667\" data-comments-opened=\"1\" data-image-meta=\"{&quot;aperture&quot;:&quot;0&quot;,&quot;credit&quot;:&quot;&quot;,&quot;camera&quot;:&quot;&quot;,&quot;caption&quot;:&quot;&quot;,&quot;created_timestamp&quot;:&quot;0&quot;,&quot;copyright&quot;:&quot;&quot;,&quot;focal_length&quot;:&quot;0&quot;,&quot;iso&quot;:&quot;0&quot;,&quot;shutter_speed&quot;:&quot;0&quot;,&quot;title&quot;:&quot;&quot;,&quot;orientation&quot;:&quot;0&quot;}\" data-image-title=\"Chichiriviche\" data-image-description=\"\" data-image-caption=\"&lt;p&gt;Michele no Cayo Borracho, no paradis\u00edaco Parque Nacional Morrocoy, Venezuela&lt;\/p&gt;\n\" data-large-file=\"https:\/\/i0.wp.com\/mundosemfim.com\/wp-content\/uploads\/2017\/01\/borracho1.jpg?fit=764%2C510&amp;ssl=1\" class=\"wp-image-4815 size-full\" src=\"https:\/\/i0.wp.com\/mundosemfim.com\/wp-content\/uploads\/2017\/01\/borracho1.jpg?resize=764%2C510&#038;ssl=1\" alt=\"Chichiriviche - caribe venezulano\" width=\"764\" height=\"510\" srcset=\"https:\/\/i0.wp.com\/mundosemfim.com\/wp-content\/uploads\/2017\/01\/borracho1.jpg?w=1000&amp;ssl=1 1000w, https:\/\/i0.wp.com\/mundosemfim.com\/wp-content\/uploads\/2017\/01\/borracho1.jpg?resize=300%2C200&amp;ssl=1 300w, https:\/\/i0.wp.com\/mundosemfim.com\/wp-content\/uploads\/2017\/01\/borracho1.jpg?resize=768%2C512&amp;ssl=1 768w\" sizes=\"auto, (max-width: 764px) 100vw, 764px\" \/><figcaption id=\"caption-attachment-4815\" class=\"wp-caption-text\">Toda a beleza do Caribe a pre\u00e7os muito econ\u00f4micos!<\/figcaption><\/figure>\n<p>Quer se banhar nas praias mais belas sem gastar muito dinheiro? Leia nosso post completo <a href=\"https:\/\/mundosemfim.com\/chichiriviche-e-o-parque-nacional-morrocoy-o-paradisiaco-caribe-venezuelano\/\"><b>aqui<\/b><\/a>.<\/p>\n<h2><strong>14 &#8211;\u00a0<a href=\"https:\/\/mundosemfim.com\/aconcagua-o-topo-das-americas\/\">Aconc\u00e1gua<\/a><\/strong><\/h2>\n<p>A impon\u00eancia do pico mais alto das Am\u00e9ricas (na verdade, o pico mais alto do mundo fora da \u00c1sia) assusta at\u00e9 mesmo os alpinistas mais corajosos.<\/p>\n<p>Localizado na <a href=\"https:\/\/mundosemfim.com\/nosso-mochilao-na-argentina-dicas-fotos-resumo-dos-gastos-etc\/\">Argentina<\/a>, no caminho entre <a href=\"https:\/\/mundosemfim.com\/mendoza-muito-alem-dos-vinhos\/\">Mendoza<\/a> e <a href=\"https:\/\/mundosemfim.com\/conhecendo-santiago-chile\/\">Santiago<\/a> (<a href=\"https:\/\/mundosemfim.com\/mochilao-pelo-chile-de-ponta-a-ponta-roteiro-gastos-dicas-fotos-etc\/\">Chile<\/a>), o Aconc\u00e1gua exige muita experi\u00eancia para ser escalado, por\u00e9m pode ser admirado atrav\u00e9s de um mirador por qualquer pessoa. Foi l\u00e1 que vimos neve pela primeira vez na nossa viagem!<\/p>\n<figure id=\"attachment_5028\" aria-describedby=\"caption-attachment-5028\" style=\"width: 1000px\" class=\"wp-caption aligncenter\"><img data-recalc-dims=\"1\" loading=\"lazy\" decoding=\"async\" data-attachment-id=\"5028\" data-permalink=\"https:\/\/mundosemfim.com\/?attachment_id=5028\" data-orig-file=\"https:\/\/i0.wp.com\/mundosemfim.com\/wp-content\/uploads\/2017\/02\/DSC_0306.jpg?fit=1000%2C667&amp;ssl=1\" data-orig-size=\"1000,667\" data-comments-opened=\"1\" data-image-meta=\"{&quot;aperture&quot;:&quot;0&quot;,&quot;credit&quot;:&quot;&quot;,&quot;camera&quot;:&quot;&quot;,&quot;caption&quot;:&quot;&quot;,&quot;created_timestamp&quot;:&quot;0&quot;,&quot;copyright&quot;:&quot;&quot;,&quot;focal_length&quot;:&quot;0&quot;,&quot;iso&quot;:&quot;0&quot;,&quot;shutter_speed&quot;:&quot;0&quot;,&quot;title&quot;:&quot;&quot;,&quot;orientation&quot;:&quot;0&quot;}\" data-image-title=\"Aconc\u00e1gua\" data-image-description=\"\" data-image-caption=\"&lt;p&gt;No mirador do cerro Aconc\u00e1gua&lt;\/p&gt;\n\" data-large-file=\"https:\/\/i0.wp.com\/mundosemfim.com\/wp-content\/uploads\/2017\/02\/DSC_0306.jpg?fit=764%2C510&amp;ssl=1\" class=\"wp-image-5028 size-full\" src=\"https:\/\/i0.wp.com\/mundosemfim.com\/wp-content\/uploads\/2017\/02\/DSC_0306.jpg?resize=764%2C510&#038;ssl=1\" alt=\"Cerro Aconc\u00e1gua\" width=\"764\" height=\"510\" srcset=\"https:\/\/i0.wp.com\/mundosemfim.com\/wp-content\/uploads\/2017\/02\/DSC_0306.jpg?w=1000&amp;ssl=1 1000w, https:\/\/i0.wp.com\/mundosemfim.com\/wp-content\/uploads\/2017\/02\/DSC_0306.jpg?resize=300%2C200&amp;ssl=1 300w, https:\/\/i0.wp.com\/mundosemfim.com\/wp-content\/uploads\/2017\/02\/DSC_0306.jpg?resize=768%2C512&amp;ssl=1 768w\" sizes=\"auto, (max-width: 764px) 100vw, 764px\" \/><figcaption id=\"caption-attachment-5028\" class=\"wp-caption-text\">No mirador do cerro Aconc\u00e1gua<\/figcaption><\/figure>\n<p>Para detalhes de como visit\u00e1-lo, leia nosso post <a href=\"https:\/\/mundosemfim.com\/aconcagua-o-topo-das-americas\/\"><b>aqui<\/b><\/a>.<\/p>\n<h2><strong>15 &#8211;\u00a0<a href=\"https:\/\/mundosemfim.com\/o-que-fazer-em-huaraz-a-porta-de-entrada-para-o-parque-nacional-huascaran\/\">Huascar\u00e1n<\/a><\/strong><\/h2>\n<p>Para quem acha que o <a href=\"https:\/\/mundosemfim.com\/mochilao-pelo-peru-roteiro-gastos-dicas-fotos-etc\/\">Peru<\/a> \u00e9 apenas Machu Picchu, o Parque Nacional Huascar\u00e1n \u00e9 a maior prova do contr\u00e1rio: com suas imensas cordilheiras, lagoas azuis e picos nevados, este pa\u00eds mostra que n\u00e3o fica devendo em nada quando se trata de montanhas.<\/p>\n<p>Este destino \u00e9 relativamente novo, mas j\u00e1 est\u00e1 conquistando cada vez mais mochileiros do mundo todo.<\/p>\n<figure id=\"attachment_3701\" aria-describedby=\"caption-attachment-3701\" style=\"width: 720px\" class=\"wp-caption aligncenter\"><img data-recalc-dims=\"1\" loading=\"lazy\" decoding=\"async\" data-attachment-id=\"3701\" data-permalink=\"https:\/\/mundosemfim.com\/?attachment_id=3701\" data-orig-file=\"https:\/\/i0.wp.com\/mundosemfim.com\/wp-content\/uploads\/2016\/06\/DSC_0058-1.jpg?fit=720%2C1080&amp;ssl=1\" data-orig-size=\"720,1080\" data-comments-opened=\"1\" data-image-meta=\"{&quot;aperture&quot;:&quot;18&quot;,&quot;credit&quot;:&quot;&quot;,&quot;camera&quot;:&quot;NIKON D5200&quot;,&quot;caption&quot;:&quot;&quot;,&quot;created_timestamp&quot;:&quot;1466946583&quot;,&quot;copyright&quot;:&quot;&quot;,&quot;focal_length&quot;:&quot;18&quot;,&quot;iso&quot;:&quot;125&quot;,&quot;shutter_speed&quot;:&quot;0.01&quot;,&quot;title&quot;:&quot;&quot;,&quot;orientation&quot;:&quot;1&quot;}\" data-image-title=\"Laguna 69\" data-image-description=\"\" data-image-caption=\"&lt;p&gt;N\u00e3o \u00e9 a toa que a Laguna 69 \u00e9 considerada uma das mais bonitas da Am\u00e9rica do Sul&lt;\/p&gt;\n\" data-large-file=\"https:\/\/i0.wp.com\/mundosemfim.com\/wp-content\/uploads\/2016\/06\/DSC_0058-1.jpg?fit=683%2C1024&amp;ssl=1\" class=\"wp-image-3701 size-full\" src=\"https:\/\/i0.wp.com\/mundosemfim.com\/wp-content\/uploads\/2016\/06\/DSC_0058-1.jpg?resize=720%2C1080&#038;ssl=1\" alt=\"Laguna 69\" width=\"720\" height=\"1080\" srcset=\"https:\/\/i0.wp.com\/mundosemfim.com\/wp-content\/uploads\/2016\/06\/DSC_0058-1.jpg?w=720&amp;ssl=1 720w, https:\/\/i0.wp.com\/mundosemfim.com\/wp-content\/uploads\/2016\/06\/DSC_0058-1.jpg?resize=200%2C300&amp;ssl=1 200w, https:\/\/i0.wp.com\/mundosemfim.com\/wp-content\/uploads\/2016\/06\/DSC_0058-1.jpg?resize=683%2C1024&amp;ssl=1 683w\" sizes=\"auto, (max-width: 720px) 100vw, 720px\" \/><figcaption id=\"caption-attachment-3701\" class=\"wp-caption-text\">Laguna 69, no Parque Nacional Huascar\u00e1n<\/figcaption><\/figure>\n<p>Leia tudo sobre este Parque Nacional <a href=\"https:\/\/mundosemfim.com\/o-que-fazer-em-huaraz-a-porta-de-entrada-para-o-parque-nacional-huascaran\/\"><b>aqui<\/b><\/a>.<\/p>\n<p>&nbsp;<\/p>\n<p>\u00c9 isso pessoal! Curtiram os lugares? Algum outro lugar imperd\u00edvel que esquecemos de colocar na lista? Comentem a\u00ed! \ud83d\ude42<\/p>\n<p>Se quiser saber mais, fizemos este v\u00eddeo falando sobre alguns destes destinos:<\/p>\n<div class=\"jetpack-video-wrapper\"><span class=\"embed-youtube\" style=\"text-align:center; display: block;\"><iframe loading=\"lazy\" class=\"youtube-player\" width=\"764\" height=\"430\" src=\"https:\/\/www.youtube.com\/embed\/XCdssloINEY?version=3&#038;rel=1&#038;showsearch=0&#038;showinfo=1&#038;iv_load_policy=1&#038;fs=1&#038;hl=pt-BR&#038;autohide=2&#038;wmode=transparent\" allowfullscreen=\"true\" style=\"border:0;\" sandbox=\"allow-scripts allow-same-origin allow-popups allow-presentation allow-popups-to-escape-sandbox\"><\/iframe><\/span><\/div>\n<p>Para mais dicas legais e acompanhar a nossa viagem de volta ao mundo, siga-nos em nossas redes sociais:<\/p>\n<ul>\n<li><a href=\"https:\/\/www.youtube.com\/c\/MundoSemFim\"><strong>YouTube<\/strong><\/a><\/li>\n<li><a href=\"https:\/\/www.facebook.com\/mundosemfimoficial\"><strong>Facebook<\/strong><\/a><\/li>\n<li><strong>insta: @mundosf<\/strong><\/li>\n<\/ul>\n","protected":false},"excerpt":{"rendered":"<p>Lugares imperd\u00edveis da Am\u00e9rica do Sul? Aqui est\u00e1 a lista dos 15 que mais gostamos!<\/p>\n","protected":false},"author":1,"featured_media":5019,"comment_status":"open","ping_status":"open","sticky":false,"template":"","format":"standard","meta":{"jetpack_post_was_ever_published":false,"_jetpack_newsletter_access":"","_jetpack_dont_email_post_to_subs":true,"_jetpack_newsletter_tier_id":0,"_jetpack_memberships_contains_paywalled_content":false,"_jetpack_memberships_contains_paid_content":false,"footnotes":"","jetpack_publicize_message":"","jetpack_publicize_feature_enabled":true,"jetpack_social_post_already_shared":true,"jetpack_social_options":{"image_generator_settings":{"template":"highway","default_image_id":0,"font":"","enabled":false},"version":2}},"categories":[6,7,28,43,254],"tags":[],"class_list":["post-5016","post","type-post","status-publish","format-standard","has-post-thumbnail","hentry","category-america-do-sul","category-america-latina","category-featured","category-natureza","category-top-10"],"yoast_head":"<!-- This site is optimized with the Yoast SEO plugin v27.5 - https:\/\/yoast.com\/product\/yoast-seo-wordpress\/ -->\n<title>Top 15 Am\u00e9rica do Sul - Destinos imperd\u00edveis no nosso continente! - Mundo Sem Fim<\/title>\n<meta name=\"description\" content=\"Lugares imperd\u00edveis na Am\u00e9rica do Sul? Quando for programar suas viagens pelo nosso continente, n\u00e3o deixe de incluir estes 15 destinos!\" \/>\n<meta name=\"robots\" content=\"index, follow, max-snippet:-1, max-image-preview:large, max-video-preview:-1\" \/>\n<link rel=\"canonical\" href=\"https:\/\/mundosemfim.com\/?p=5016\" \/>\n<meta property=\"og:locale\" content=\"pt_BR\" \/>\n<meta property=\"og:type\" content=\"article\" \/>\n<meta property=\"og:title\" content=\"Top 15 Am\u00e9rica do Sul - Destinos imperd\u00edveis no nosso continente! - Mundo Sem Fim\" \/>\n<meta property=\"og:description\" content=\"Lugares imperd\u00edveis na Am\u00e9rica do Sul? Quando for programar suas viagens pelo nosso continente, n\u00e3o deixe de incluir estes 15 destinos!\" \/>\n<meta property=\"og:url\" content=\"https:\/\/mundosemfim.com\/?p=5016\" \/>\n<meta property=\"og:site_name\" content=\"Mundo Sem Fim\" \/>\n<meta property=\"article:publisher\" content=\"http:\/\/www.facebook.com\/mundosemfimoficial\" \/>\n<meta property=\"article:published_time\" content=\"2017-02-04T22:28:45+00:00\" \/>\n<meta property=\"article:modified_time\" content=\"2018-09-10T10:16:19+00:00\" \/>\n<meta property=\"og:image\" content=\"https:\/\/i0.wp.com\/mundosemfim.com\/wp-content\/uploads\/2017\/02\/DSC_0011.jpg?fit=1000%2C667&ssl=1\" \/>\n\t<meta property=\"og:image:width\" content=\"1000\" \/>\n\t<meta property=\"og:image:height\" content=\"667\" \/>\n\t<meta property=\"og:image:type\" content=\"image\/jpeg\" \/>\n<meta name=\"author\" content=\"Renan\" \/>\n<meta name=\"twitter:card\" content=\"summary_large_image\" \/>\n<meta name=\"twitter:label1\" content=\"Escrito por\" \/>\n\t<meta name=\"twitter:data1\" content=\"Renan\" \/>\n\t<meta name=\"twitter:label2\" content=\"Est. tempo de leitura\" \/>\n\t<meta name=\"twitter:data2\" content=\"9 minutos\" \/>\n<script type=\"application\/ld+json\" class=\"yoast-schema-graph\">{\"@context\":\"https:\\\/\\\/schema.org\",\"@graph\":[{\"@type\":\"Article\",\"@id\":\"https:\\\/\\\/mundosemfim.com\\\/?p=5016#article\",\"isPartOf\":{\"@id\":\"https:\\\/\\\/mundosemfim.com\\\/?p=5016\"},\"author\":{\"name\":\"Renan\",\"@id\":\"https:\\\/\\\/mundosemfim.com\\\/#\\\/schema\\\/person\\\/b021d50f3a19bae432e9b69ffbfa9257\"},\"headline\":\"Top 15 Am\u00e9rica do Sul &#8211; Destinos imperd\u00edveis no nosso continente!\",\"datePublished\":\"2017-02-04T22:28:45+00:00\",\"dateModified\":\"2018-09-10T10:16:19+00:00\",\"mainEntityOfPage\":{\"@id\":\"https:\\\/\\\/mundosemfim.com\\\/?p=5016\"},\"wordCount\":1734,\"commentCount\":6,\"image\":{\"@id\":\"https:\\\/\\\/mundosemfim.com\\\/?p=5016#primaryimage\"},\"thumbnailUrl\":\"https:\\\/\\\/i0.wp.com\\\/mundosemfim.com\\\/wp-content\\\/uploads\\\/2017\\\/02\\\/DSC_0011.jpg?fit=1000%2C667&ssl=1\",\"articleSection\":[\"Am\u00e9rica do Sul\",\"am\u00e9rica latina\",\"featured\",\"natureza\",\"top 10\"],\"inLanguage\":\"pt-BR\",\"potentialAction\":[{\"@type\":\"CommentAction\",\"name\":\"Comment\",\"target\":[\"https:\\\/\\\/mundosemfim.com\\\/?p=5016#respond\"]}]},{\"@type\":\"WebPage\",\"@id\":\"https:\\\/\\\/mundosemfim.com\\\/?p=5016\",\"url\":\"https:\\\/\\\/mundosemfim.com\\\/?p=5016\",\"name\":\"Top 15 Am\u00e9rica do Sul - Destinos imperd\u00edveis no nosso continente! - Mundo Sem Fim\",\"isPartOf\":{\"@id\":\"https:\\\/\\\/mundosemfim.com\\\/#website\"},\"primaryImageOfPage\":{\"@id\":\"https:\\\/\\\/mundosemfim.com\\\/?p=5016#primaryimage\"},\"image\":{\"@id\":\"https:\\\/\\\/mundosemfim.com\\\/?p=5016#primaryimage\"},\"thumbnailUrl\":\"https:\\\/\\\/i0.wp.com\\\/mundosemfim.com\\\/wp-content\\\/uploads\\\/2017\\\/02\\\/DSC_0011.jpg?fit=1000%2C667&ssl=1\",\"datePublished\":\"2017-02-04T22:28:45+00:00\",\"dateModified\":\"2018-09-10T10:16:19+00:00\",\"author\":{\"@id\":\"https:\\\/\\\/mundosemfim.com\\\/#\\\/schema\\\/person\\\/b021d50f3a19bae432e9b69ffbfa9257\"},\"description\":\"Lugares imperd\u00edveis na Am\u00e9rica do Sul? Quando for programar suas viagens pelo nosso continente, n\u00e3o deixe de incluir estes 15 destinos!\",\"breadcrumb\":{\"@id\":\"https:\\\/\\\/mundosemfim.com\\\/?p=5016#breadcrumb\"},\"inLanguage\":\"pt-BR\",\"potentialAction\":[{\"@type\":\"ReadAction\",\"target\":[\"https:\\\/\\\/mundosemfim.com\\\/?p=5016\"]}]},{\"@type\":\"ImageObject\",\"inLanguage\":\"pt-BR\",\"@id\":\"https:\\\/\\\/mundosemfim.com\\\/?p=5016#primaryimage\",\"url\":\"https:\\\/\\\/i0.wp.com\\\/mundosemfim.com\\\/wp-content\\\/uploads\\\/2017\\\/02\\\/DSC_0011.jpg?fit=1000%2C667&ssl=1\",\"contentUrl\":\"https:\\\/\\\/i0.wp.com\\\/mundosemfim.com\\\/wp-content\\\/uploads\\\/2017\\\/02\\\/DSC_0011.jpg?fit=1000%2C667&ssl=1\",\"width\":1000,\"height\":667,\"caption\":\"Mucuvinha em Machu Picchu\"},{\"@type\":\"BreadcrumbList\",\"@id\":\"https:\\\/\\\/mundosemfim.com\\\/?p=5016#breadcrumb\",\"itemListElement\":[{\"@type\":\"ListItem\",\"position\":1,\"name\":\"In\u00edcio\",\"item\":\"https:\\\/\\\/mundosemfim.com\\\/\"},{\"@type\":\"ListItem\",\"position\":2,\"name\":\"Top 15 Am\u00e9rica do Sul &#8211; Destinos imperd\u00edveis no nosso continente!\"}]},{\"@type\":\"WebSite\",\"@id\":\"https:\\\/\\\/mundosemfim.com\\\/#website\",\"url\":\"https:\\\/\\\/mundosemfim.com\\\/\",\"name\":\"Mundo Sem Fim\",\"description\":\"uma viagem de volta ao mundo pelos 5 continentes!\",\"potentialAction\":[{\"@type\":\"SearchAction\",\"target\":{\"@type\":\"EntryPoint\",\"urlTemplate\":\"https:\\\/\\\/mundosemfim.com\\\/?s={search_term_string}\"},\"query-input\":{\"@type\":\"PropertyValueSpecification\",\"valueRequired\":true,\"valueName\":\"search_term_string\"}}],\"inLanguage\":\"pt-BR\"},{\"@type\":\"Person\",\"@id\":\"https:\\\/\\\/mundosemfim.com\\\/#\\\/schema\\\/person\\\/b021d50f3a19bae432e9b69ffbfa9257\",\"name\":\"Renan\",\"image\":{\"@type\":\"ImageObject\",\"inLanguage\":\"pt-BR\",\"@id\":\"https:\\\/\\\/secure.gravatar.com\\\/avatar\\\/faafca769a603ac75196d21826f3bda645d7e2d6306bb6e236d8cdb38eb44e38?s=96&d=mm&r=g\",\"url\":\"https:\\\/\\\/secure.gravatar.com\\\/avatar\\\/faafca769a603ac75196d21826f3bda645d7e2d6306bb6e236d8cdb38eb44e38?s=96&d=mm&r=g\",\"contentUrl\":\"https:\\\/\\\/secure.gravatar.com\\\/avatar\\\/faafca769a603ac75196d21826f3bda645d7e2d6306bb6e236d8cdb38eb44e38?s=96&d=mm&r=g\",\"caption\":\"Renan\"}}]}<\/script>\n<!-- \/ Yoast SEO plugin. -->","yoast_head_json":{"title":"Top 15 Am\u00e9rica do Sul - Destinos imperd\u00edveis no nosso continente! - Mundo Sem Fim","description":"Lugares imperd\u00edveis na Am\u00e9rica do Sul? Quando for programar suas viagens pelo nosso continente, n\u00e3o deixe de incluir estes 15 destinos!","robots":{"index":"index","follow":"follow","max-snippet":"max-snippet:-1","max-image-preview":"max-image-preview:large","max-video-preview":"max-video-preview:-1"},"canonical":"https:\/\/mundosemfim.com\/?p=5016","og_locale":"pt_BR","og_type":"article","og_title":"Top 15 Am\u00e9rica do Sul - Destinos imperd\u00edveis no nosso continente! - Mundo Sem Fim","og_description":"Lugares imperd\u00edveis na Am\u00e9rica do Sul? Quando for programar suas viagens pelo nosso continente, n\u00e3o deixe de incluir estes 15 destinos!","og_url":"https:\/\/mundosemfim.com\/?p=5016","og_site_name":"Mundo Sem Fim","article_publisher":"http:\/\/www.facebook.com\/mundosemfimoficial","article_published_time":"2017-02-04T22:28:45+00:00","article_modified_time":"2018-09-10T10:16:19+00:00","og_image":[{"width":1000,"height":667,"url":"https:\/\/i0.wp.com\/mundosemfim.com\/wp-content\/uploads\/2017\/02\/DSC_0011.jpg?fit=1000%2C667&ssl=1","type":"image\/jpeg"}],"author":"Renan","twitter_card":"summary_large_image","twitter_misc":{"Escrito por":"Renan","Est. tempo de leitura":"9 minutos"},"schema":{"@context":"https:\/\/schema.org","@graph":[{"@type":"Article","@id":"https:\/\/mundosemfim.com\/?p=5016#article","isPartOf":{"@id":"https:\/\/mundosemfim.com\/?p=5016"},"author":{"name":"Renan","@id":"https:\/\/mundosemfim.com\/#\/schema\/person\/b021d50f3a19bae432e9b69ffbfa9257"},"headline":"Top 15 Am\u00e9rica do Sul &#8211; Destinos imperd\u00edveis no nosso continente!","datePublished":"2017-02-04T22:28:45+00:00","dateModified":"2018-09-10T10:16:19+00:00","mainEntityOfPage":{"@id":"https:\/\/mundosemfim.com\/?p=5016"},"wordCount":1734,"commentCount":6,"image":{"@id":"https:\/\/mundosemfim.com\/?p=5016#primaryimage"},"thumbnailUrl":"https:\/\/i0.wp.com\/mundosemfim.com\/wp-content\/uploads\/2017\/02\/DSC_0011.jpg?fit=1000%2C667&ssl=1","articleSection":["Am\u00e9rica do Sul","am\u00e9rica latina","featured","natureza","top 10"],"inLanguage":"pt-BR","potentialAction":[{"@type":"CommentAction","name":"Comment","target":["https:\/\/mundosemfim.com\/?p=5016#respond"]}]},{"@type":"WebPage","@id":"https:\/\/mundosemfim.com\/?p=5016","url":"https:\/\/mundosemfim.com\/?p=5016","name":"Top 15 Am\u00e9rica do Sul - Destinos imperd\u00edveis no nosso continente! - Mundo Sem Fim","isPartOf":{"@id":"https:\/\/mundosemfim.com\/#website"},"primaryImageOfPage":{"@id":"https:\/\/mundosemfim.com\/?p=5016#primaryimage"},"image":{"@id":"https:\/\/mundosemfim.com\/?p=5016#primaryimage"},"thumbnailUrl":"https:\/\/i0.wp.com\/mundosemfim.com\/wp-content\/uploads\/2017\/02\/DSC_0011.jpg?fit=1000%2C667&ssl=1","datePublished":"2017-02-04T22:28:45+00:00","dateModified":"2018-09-10T10:16:19+00:00","author":{"@id":"https:\/\/mundosemfim.com\/#\/schema\/person\/b021d50f3a19bae432e9b69ffbfa9257"},"description":"Lugares imperd\u00edveis na Am\u00e9rica do Sul? Quando for programar suas viagens pelo nosso continente, n\u00e3o deixe de incluir estes 15 destinos!","breadcrumb":{"@id":"https:\/\/mundosemfim.com\/?p=5016#breadcrumb"},"inLanguage":"pt-BR","potentialAction":[{"@type":"ReadAction","target":["https:\/\/mundosemfim.com\/?p=5016"]}]},{"@type":"ImageObject","inLanguage":"pt-BR","@id":"https:\/\/mundosemfim.com\/?p=5016#primaryimage","url":"https:\/\/i0.wp.com\/mundosemfim.com\/wp-content\/uploads\/2017\/02\/DSC_0011.jpg?fit=1000%2C667&ssl=1","contentUrl":"https:\/\/i0.wp.com\/mundosemfim.com\/wp-content\/uploads\/2017\/02\/DSC_0011.jpg?fit=1000%2C667&ssl=1","width":1000,"height":667,"caption":"Mucuvinha em Machu Picchu"},{"@type":"BreadcrumbList","@id":"https:\/\/mundosemfim.com\/?p=5016#breadcrumb","itemListElement":[{"@type":"ListItem","position":1,"name":"In\u00edcio","item":"https:\/\/mundosemfim.com\/"},{"@type":"ListItem","position":2,"name":"Top 15 Am\u00e9rica do Sul &#8211; Destinos imperd\u00edveis no nosso continente!"}]},{"@type":"WebSite","@id":"https:\/\/mundosemfim.com\/#website","url":"https:\/\/mundosemfim.com\/","name":"Mundo Sem Fim","description":"uma viagem de volta ao mundo pelos 5 continentes!","potentialAction":[{"@type":"SearchAction","target":{"@type":"EntryPoint","urlTemplate":"https:\/\/mundosemfim.com\/?s={search_term_string}"},"query-input":{"@type":"PropertyValueSpecification","valueRequired":true,"valueName":"search_term_string"}}],"inLanguage":"pt-BR"},{"@type":"Person","@id":"https:\/\/mundosemfim.com\/#\/schema\/person\/b021d50f3a19bae432e9b69ffbfa9257","name":"Renan","image":{"@type":"ImageObject","inLanguage":"pt-BR","@id":"https:\/\/secure.gravatar.com\/avatar\/faafca769a603ac75196d21826f3bda645d7e2d6306bb6e236d8cdb38eb44e38?s=96&d=mm&r=g","url":"https:\/\/secure.gravatar.com\/avatar\/faafca769a603ac75196d21826f3bda645d7e2d6306bb6e236d8cdb38eb44e38?s=96&d=mm&r=g","contentUrl":"https:\/\/secure.gravatar.com\/avatar\/faafca769a603ac75196d21826f3bda645d7e2d6306bb6e236d8cdb38eb44e38?s=96&d=mm&r=g","caption":"Renan"}}]}},"jetpack_publicize_connections":[],"jetpack_featured_media_url":"https:\/\/i0.wp.com\/mundosemfim.com\/wp-content\/uploads\/2017\/02\/DSC_0011.jpg?fit=1000%2C667&ssl=1","jetpack_sharing_enabled":true,"jetpack_shortlink":"https:\/\/wp.me\/p7CQyF-1iU","jetpack-related-posts":[{"id":3652,"url":"https:\/\/mundosemfim.com\/?p=3652","url_meta":{"origin":5016,"position":0},"title":"10 lugares imperd\u00edveis no Chile","author":"Renan","date":"junho 24, 2016","format":false,"excerpt":"Depois de fazer a lista dos 10 lugares mais legais que conhecemos na Argentina, chegou a hora do Top 10 Chile! Foram quase 3 meses percorrendo o Chile de ponta a ponta, vendo paisagens que variavam de picos nevados e lagoas cor esmeralda at\u00e9 desertos que n\u00e3o veem uma gota\u2026","rel":"","context":"Em &quot;Am\u00e9rica do Sul&quot;","block_context":{"text":"Am\u00e9rica do Sul","link":"https:\/\/mundosemfim.com\/?cat=6"},"img":{"alt_text":"","src":"https:\/\/i0.wp.com\/mundosemfim.com\/wp-content\/uploads\/2016\/06\/PC190276.jpg?fit=1088%2C816&ssl=1&resize=350%2C200","width":350,"height":200,"srcset":"https:\/\/i0.wp.com\/mundosemfim.com\/wp-content\/uploads\/2016\/06\/PC190276.jpg?fit=1088%2C816&ssl=1&resize=350%2C200 1x, https:\/\/i0.wp.com\/mundosemfim.com\/wp-content\/uploads\/2016\/06\/PC190276.jpg?fit=1088%2C816&ssl=1&resize=525%2C300 1.5x, https:\/\/i0.wp.com\/mundosemfim.com\/wp-content\/uploads\/2016\/06\/PC190276.jpg?fit=1088%2C816&ssl=1&resize=700%2C400 2x, https:\/\/i0.wp.com\/mundosemfim.com\/wp-content\/uploads\/2016\/06\/PC190276.jpg?fit=1088%2C816&ssl=1&resize=1050%2C600 3x"},"classes":[]},{"id":3957,"url":"https:\/\/mundosemfim.com\/?p=3957","url_meta":{"origin":5016,"position":1},"title":"12 lugares imperd\u00edveis no Peru!","author":"Renan","date":"agosto 3, 2016","format":false,"excerpt":"Muitas pessoas cometem o erro de pensar que Peru \u00e9 s\u00f3 Machu Picchu (eu mesmo cometi este erro h\u00e1 alguns anos). Depois de percorr\u00ea-lo de ponta a ponta, vimos que o pa\u00eds tem muito mais a oferecer. Aqui est\u00e1 a lista do que achamos mais legal no Peru! Sempre que\u2026","rel":"","context":"Em &quot;Am\u00e9rica do Sul&quot;","block_context":{"text":"Am\u00e9rica do Sul","link":"https:\/\/mundosemfim.com\/?cat=6"},"img":{"alt_text":"","src":"https:\/\/i0.wp.com\/mundosemfim.com\/wp-content\/uploads\/2016\/05\/dsc_0199.jpg?fit=1080%2C720&ssl=1&resize=350%2C200","width":350,"height":200,"srcset":"https:\/\/i0.wp.com\/mundosemfim.com\/wp-content\/uploads\/2016\/05\/dsc_0199.jpg?fit=1080%2C720&ssl=1&resize=350%2C200 1x, https:\/\/i0.wp.com\/mundosemfim.com\/wp-content\/uploads\/2016\/05\/dsc_0199.jpg?fit=1080%2C720&ssl=1&resize=525%2C300 1.5x, https:\/\/i0.wp.com\/mundosemfim.com\/wp-content\/uploads\/2016\/05\/dsc_0199.jpg?fit=1080%2C720&ssl=1&resize=700%2C400 2x, https:\/\/i0.wp.com\/mundosemfim.com\/wp-content\/uploads\/2016\/05\/dsc_0199.jpg?fit=1080%2C720&ssl=1&resize=1050%2C600 3x"},"classes":[]},{"id":3567,"url":"https:\/\/mundosemfim.com\/?p=3567","url_meta":{"origin":5016,"position":2},"title":"10 lugares imperd\u00edveis na Argentina","author":"Renan","date":"junho 16, 2016","format":false,"excerpt":"Depois de percorrer a Argentina de ponta-a-ponta, nada mais justo que compartilhar com voc\u00eas o melhor dos nossos vizinhos! Aqui est\u00e1 o top 10 Argentina, na nossa opini\u00e3o! Foi dif\u00edcil escolher apenas 10 lugares incr\u00edveis na Argentina, mas, depois de tanto pensar, chegamos a este resultado (n\u00e3o est\u00e1 em ordem\u2026","rel":"","context":"Em &quot;Aconc\u00e1gua&quot;","block_context":{"text":"Aconc\u00e1gua","link":"https:\/\/mundosemfim.com\/?cat=5"},"img":{"alt_text":"","src":"https:\/\/i0.wp.com\/mundosemfim.com\/wp-content\/uploads\/2016\/06\/fitz-roy.jpg?fit=1080%2C720&ssl=1&resize=350%2C200","width":350,"height":200,"srcset":"https:\/\/i0.wp.com\/mundosemfim.com\/wp-content\/uploads\/2016\/06\/fitz-roy.jpg?fit=1080%2C720&ssl=1&resize=350%2C200 1x, https:\/\/i0.wp.com\/mundosemfim.com\/wp-content\/uploads\/2016\/06\/fitz-roy.jpg?fit=1080%2C720&ssl=1&resize=525%2C300 1.5x, https:\/\/i0.wp.com\/mundosemfim.com\/wp-content\/uploads\/2016\/06\/fitz-roy.jpg?fit=1080%2C720&ssl=1&resize=700%2C400 2x, https:\/\/i0.wp.com\/mundosemfim.com\/wp-content\/uploads\/2016\/06\/fitz-roy.jpg?fit=1080%2C720&ssl=1&resize=1050%2C600 3x"},"classes":[]},{"id":6262,"url":"https:\/\/mundosemfim.com\/?p=6262","url_meta":{"origin":5016,"position":3},"title":"12 destinos imperd\u00edveis na Am\u00e9rica Central","author":"Renan","date":"julho 18, 2017","format":false,"excerpt":"Fechando nossa viagem pela Am\u00e9rica Central, aqui listamos 12 dos nossos lugares preferidos neste pequeno continente. Se for mochilar por l\u00e1, n\u00e3o deixe de visit\u00e1-los! A ideia era fazer um Top 10, mas foi imposs\u00edvel tirar dois desta lista! 1. San Blas (Panam\u00e1) Al\u00e9m de possuir algumas das praias mais\u2026","rel":"","context":"Em &quot;Am\u00e9rica Central&quot;","block_context":{"text":"Am\u00e9rica Central","link":"https:\/\/mundosemfim.com\/?cat=382"},"img":{"alt_text":"Mucuvinha em West Bay","src":"https:\/\/i0.wp.com\/mundosemfim.com\/wp-content\/uploads\/2017\/05\/DSC_0021.jpg?fit=1000%2C667&ssl=1&resize=350%2C200","width":350,"height":200,"srcset":"https:\/\/i0.wp.com\/mundosemfim.com\/wp-content\/uploads\/2017\/05\/DSC_0021.jpg?fit=1000%2C667&ssl=1&resize=350%2C200 1x, https:\/\/i0.wp.com\/mundosemfim.com\/wp-content\/uploads\/2017\/05\/DSC_0021.jpg?fit=1000%2C667&ssl=1&resize=525%2C300 1.5x, https:\/\/i0.wp.com\/mundosemfim.com\/wp-content\/uploads\/2017\/05\/DSC_0021.jpg?fit=1000%2C667&ssl=1&resize=700%2C400 2x"},"classes":[]},{"id":7264,"url":"https:\/\/mundosemfim.com\/?p=7264","url_meta":{"origin":5016,"position":4},"title":"As 13 melhores praias da Am\u00e9rica Latina que j\u00e1 visitamos","author":"Renan","date":"dezembro 20, 2017","format":false,"excerpt":"Aqui est\u00e1 outra lista da Am\u00e9rica Latina: as 13 praias mais bonitas e mais interessantes que j\u00e1 visitamos! Estas s\u00e3o as 13 praias mais bonitas que j\u00e1 visitamos em nossos dois anos de estrada, e tamb\u00e9m as que tivemos oportunidade de ir em f\u00e9rias anteriores. Quer\u00edamos resumir a lista a\u2026","rel":"","context":"Em &quot;Am\u00e9rica Central&quot;","block_context":{"text":"Am\u00e9rica Central","link":"https:\/\/mundosemfim.com\/?cat=382"},"img":{"alt_text":"Caminho entre West End e West Bay, Roat\u00e1n","src":"https:\/\/i0.wp.com\/mundosemfim.com\/wp-content\/uploads\/2017\/05\/DSC_0014-1.jpg?fit=1000%2C667&ssl=1&resize=350%2C200","width":350,"height":200,"srcset":"https:\/\/i0.wp.com\/mundosemfim.com\/wp-content\/uploads\/2017\/05\/DSC_0014-1.jpg?fit=1000%2C667&ssl=1&resize=350%2C200 1x, https:\/\/i0.wp.com\/mundosemfim.com\/wp-content\/uploads\/2017\/05\/DSC_0014-1.jpg?fit=1000%2C667&ssl=1&resize=525%2C300 1.5x, https:\/\/i0.wp.com\/mundosemfim.com\/wp-content\/uploads\/2017\/05\/DSC_0014-1.jpg?fit=1000%2C667&ssl=1&resize=700%2C400 2x"},"classes":[]},{"id":4766,"url":"https:\/\/mundosemfim.com\/?p=4766","url_meta":{"origin":5016,"position":5},"title":"Conhe\u00e7a as 50 cidades mais violentas do mundo","author":"Renan","date":"dezembro 21, 2016","format":false,"excerpt":"Pesquisando sobre os destinos que pretendemos viajar, acabamos nos deparando com esta triste lista: das 50 cidades mais violentas do mundo. E, infelizmente, constatamos que 21 delas est\u00e3o no Brasil! Enquanto pesquis\u00e1vamos sobre a seguran\u00e7a do nosso pr\u00f3ximo destino (Caracas, Venezuela), acabamos nos deparando com esta lista, criada por uma\u2026","rel":"","context":"Em &quot;dicas&quot;","block_context":{"text":"dicas","link":"https:\/\/mundosemfim.com\/?cat=21"},"img":{"alt_text":"Caracas, a capital da Venezuela","src":"https:\/\/i0.wp.com\/mundosemfim.com\/wp-content\/uploads\/2017\/01\/PC270146.jpg?resize=350%2C200&ssl=1","width":350,"height":200,"srcset":"https:\/\/i0.wp.com\/mundosemfim.com\/wp-content\/uploads\/2017\/01\/PC270146.jpg?resize=350%2C200&ssl=1 1x, https:\/\/i0.wp.com\/mundosemfim.com\/wp-content\/uploads\/2017\/01\/PC270146.jpg?resize=525%2C300&ssl=1 1.5x, https:\/\/i0.wp.com\/mundosemfim.com\/wp-content\/uploads\/2017\/01\/PC270146.jpg?resize=700%2C400&ssl=1 2x"},"classes":[]}],"_links":{"self":[{"href":"https:\/\/mundosemfim.com\/index.php?rest_route=\/wp\/v2\/posts\/5016","targetHints":{"allow":["GET"]}}],"collection":[{"href":"https:\/\/mundosemfim.com\/index.php?rest_route=\/wp\/v2\/posts"}],"about":[{"href":"https:\/\/mundosemfim.com\/index.php?rest_route=\/wp\/v2\/types\/post"}],"author":[{"embeddable":true,"href":"https:\/\/mundosemfim.com\/index.php?rest_route=\/wp\/v2\/users\/1"}],"replies":[{"embeddable":true,"href":"https:\/\/mundosemfim.com\/index.php?rest_route=%2Fwp%2Fv2%2Fcomments&post=5016"}],"version-history":[{"count":9,"href":"https:\/\/mundosemfim.com\/index.php?rest_route=\/wp\/v2\/posts\/5016\/revisions"}],"predecessor-version":[{"id":8444,"href":"https:\/\/mundosemfim.com\/index.php?rest_route=\/wp\/v2\/posts\/5016\/revisions\/8444"}],"wp:featuredmedia":[{"embeddable":true,"href":"https:\/\/mundosemfim.com\/index.php?rest_route=\/wp\/v2\/media\/5019"}],"wp:attachment":[{"href":"https:\/\/mundosemfim.com\/index.php?rest_route=%2Fwp%2Fv2%2Fmedia&parent=5016"}],"wp:term":[{"taxonomy":"category","embeddable":true,"href":"https:\/\/mundosemfim.com\/index.php?rest_route=%2Fwp%2Fv2%2Fcategories&post=5016"},{"taxonomy":"post_tag","embeddable":true,"href":"https:\/\/mundosemfim.com\/index.php?rest_route=%2Fwp%2Fv2%2Ftags&post=5016"}],"curies":[{"name":"wp","href":"https:\/\/api.w.org\/{rel}","templated":true}]}}