{"id":4987,"date":"2017-02-03T02:48:35","date_gmt":"2017-02-03T04:48:35","guid":{"rendered":"https:\/\/mundosemfim.com\/?p=4987"},"modified":"2019-05-21T23:55:28","modified_gmt":"2019-05-22T02:55:28","slug":"guia-completo-sobre-cartagena-o-que-fazer-onde-se-hospedar-como-economizar-etc","status":"publish","type":"post","link":"https:\/\/mundosemfim.com\/?p=4987","title":{"rendered":"Cartagena das \u00cdndias \u2013 pre\u00e7os, dicas, o que fazer, como economizar, etc"},"content":{"rendered":"<p>Cartagena das \u00cdndias \u00e9 um dos destinos tur\u00edsticos mais populares da <a href=\"https:\/\/mundosemfim.com\/mochilao-pela-colombia-roteiro-gastos-dicas-fotos-etc\/\">Col\u00f4mbia<\/a>, e isso n\u00e3o \u00e9 por acaso: sua bela cidade colonial, suas imensas fortifica\u00e7\u00f5es e a bel\u00edssima <a href=\"https:\/\/mundosemfim.com\/visitando-e-acampando-na-playa-blanca-ilha-baru-da-forma-mais-economica-possivel\/\">Playa Blanca<\/a> a tornam um destino perfeito para qualquer tipo de viajante!<\/p>\n<p><!--more--><\/p>\n<p><b>C\u00e2mbio oficial (fev\/2017)<br \/>\n<\/b>1 real = 918 pesos colombianos<br \/>\n1 d\u00f3lar = 3,12 reais<\/p>\n<figure id=\"attachment_4989\" aria-describedby=\"caption-attachment-4989\" style=\"width: 1000px\" class=\"wp-caption aligncenter\"><img data-recalc-dims=\"1\" loading=\"lazy\" decoding=\"async\" data-attachment-id=\"4989\" data-permalink=\"https:\/\/mundosemfim.com\/?attachment_id=4989\" data-orig-file=\"https:\/\/i0.wp.com\/mundosemfim.com\/wp-content\/uploads\/2017\/02\/DSC_0151.jpg?fit=1000%2C667&amp;ssl=1\" data-orig-size=\"1000,667\" data-comments-opened=\"1\" data-image-meta=\"{&quot;aperture&quot;:&quot;0&quot;,&quot;credit&quot;:&quot;&quot;,&quot;camera&quot;:&quot;&quot;,&quot;caption&quot;:&quot;&quot;,&quot;created_timestamp&quot;:&quot;1486071476&quot;,&quot;copyright&quot;:&quot;&quot;,&quot;focal_length&quot;:&quot;0&quot;,&quot;iso&quot;:&quot;0&quot;,&quot;shutter_speed&quot;:&quot;0&quot;,&quot;title&quot;:&quot;&quot;,&quot;orientation&quot;:&quot;1&quot;}\" data-image-title=\"Cartagena\" data-image-description=\"\" data-image-caption=\"&lt;p&gt;Bel\u00edssimas ruas de Cartagena&lt;\/p&gt;\n\" data-large-file=\"https:\/\/i0.wp.com\/mundosemfim.com\/wp-content\/uploads\/2017\/02\/DSC_0151.jpg?fit=764%2C510&amp;ssl=1\" class=\"wp-image-4989 size-full\" src=\"https:\/\/i0.wp.com\/mundosemfim.com\/wp-content\/uploads\/2017\/02\/DSC_0151.jpg?resize=764%2C510&#038;ssl=1\" alt=\"Ruas de Cartagena, Col\u00f4mbia\" width=\"764\" height=\"510\" srcset=\"https:\/\/i0.wp.com\/mundosemfim.com\/wp-content\/uploads\/2017\/02\/DSC_0151.jpg?w=1000&amp;ssl=1 1000w, https:\/\/i0.wp.com\/mundosemfim.com\/wp-content\/uploads\/2017\/02\/DSC_0151.jpg?resize=300%2C200&amp;ssl=1 300w, https:\/\/i0.wp.com\/mundosemfim.com\/wp-content\/uploads\/2017\/02\/DSC_0151.jpg?resize=768%2C512&amp;ssl=1 768w\" sizes=\"auto, (max-width: 764px) 100vw, 764px\" \/><figcaption id=\"caption-attachment-4989\" class=\"wp-caption-text\">Bel\u00edssimas ruas de Cartagena<\/figcaption><\/figure>\n<h2><b>Um pouco sobre Cartagena<\/b><\/h2>\n<p>Cartagena das \u00cdndias, mais conhecida somente por &#8220;Cartagena&#8221;, \u00e9 uma cidade grande, pelo menos para os padr\u00f5es colombianos: com quase 1 milh\u00e3o de habitantes, \u00e9 a quinta maior do pa\u00eds.<\/p>\n<p>Foi fundada por Pedro de Heredia em 1533, embora tribos ind\u00edgenas j\u00e1 habitavam a regi\u00e3o desde 4000 a.C. Nos tempos coloniais, foi uma das cidades mais importantes da coroa espanhola na Am\u00e9rica: era por aqui que sa\u00eda praticamente todo o ouro e outras riquezas que eram exploradas pelos espanh\u00f3is. Tamb\u00e9m era o \u00fanico local na Am\u00e9rica do Sul autorizado pela Espanha para o com\u00e9rcio de escravos (este triste passado \u00e9 referenciado em v\u00e1rias m\u00fasicas de salsa colombianas).<\/p>\n<p>Devido \u00e0 sua import\u00e2ncia e \u00e0 grande quantidade de riquezas que abrigava, Cartagena era v\u00edtima de constantes ataques de piratas ingleses, holandeses e franceses. Para se proteger, enormes muralhas e um grande complexo militar foi erguido na cidade. Hoje, grande parte destas constru\u00e7\u00f5es ainda se encontra de p\u00e9, e por isso Cartagena recebeu o t\u00edtulo de <a href=\"https:\/\/mundosemfim.com\/patrimonios-da-unesco\/\">Patrim\u00f4nio Mundial pela UNESCO<\/a>.<\/p>\n<p>Nos tempos atuais, Cartagena \u00e9, sem d\u00favidas, uma das cidades coloniais mais belas da Am\u00e9rica do Sul, e um dos destinos mais encantadores da Col\u00f4mbia.<\/p>\n<figure id=\"attachment_4990\" aria-describedby=\"caption-attachment-4990\" style=\"width: 1000px\" class=\"wp-caption aligncenter\"><img data-recalc-dims=\"1\" loading=\"lazy\" decoding=\"async\" data-attachment-id=\"4990\" data-permalink=\"https:\/\/mundosemfim.com\/?attachment_id=4990\" data-orig-file=\"https:\/\/i0.wp.com\/mundosemfim.com\/wp-content\/uploads\/2017\/02\/DSC_0179.jpg?fit=1000%2C667&amp;ssl=1\" data-orig-size=\"1000,667\" data-comments-opened=\"1\" data-image-meta=\"{&quot;aperture&quot;:&quot;0&quot;,&quot;credit&quot;:&quot;&quot;,&quot;camera&quot;:&quot;&quot;,&quot;caption&quot;:&quot;&quot;,&quot;created_timestamp&quot;:&quot;0&quot;,&quot;copyright&quot;:&quot;&quot;,&quot;focal_length&quot;:&quot;0&quot;,&quot;iso&quot;:&quot;0&quot;,&quot;shutter_speed&quot;:&quot;0&quot;,&quot;title&quot;:&quot;&quot;,&quot;orientation&quot;:&quot;0&quot;}\" data-image-title=\"DSC_0179\" data-image-description=\"\" data-image-caption=\"&lt;p&gt;Muralhas que protegiam a cidade de Cartagena&lt;\/p&gt;\n\" data-large-file=\"https:\/\/i0.wp.com\/mundosemfim.com\/wp-content\/uploads\/2017\/02\/DSC_0179.jpg?fit=764%2C510&amp;ssl=1\" class=\"wp-image-4990 size-full\" src=\"https:\/\/i0.wp.com\/mundosemfim.com\/wp-content\/uploads\/2017\/02\/DSC_0179.jpg?resize=764%2C510&#038;ssl=1\" alt=\"Muralhas de Cartagena\" width=\"764\" height=\"510\" srcset=\"https:\/\/i0.wp.com\/mundosemfim.com\/wp-content\/uploads\/2017\/02\/DSC_0179.jpg?w=1000&amp;ssl=1 1000w, https:\/\/i0.wp.com\/mundosemfim.com\/wp-content\/uploads\/2017\/02\/DSC_0179.jpg?resize=300%2C200&amp;ssl=1 300w, https:\/\/i0.wp.com\/mundosemfim.com\/wp-content\/uploads\/2017\/02\/DSC_0179.jpg?resize=768%2C512&amp;ssl=1 768w\" sizes=\"auto, (max-width: 764px) 100vw, 764px\" \/><figcaption id=\"caption-attachment-4990\" class=\"wp-caption-text\">Muralhas que protegiam a cidade de Cartagena<\/figcaption><\/figure>\n<h2><b>Chegando e saindo<\/b><\/h2>\n<p>A maioria das pessoas que visitam Cartagena chegam de avi\u00e3o. O aeroporto est\u00e1 a pouco mais de 5km do centro da cidade, e uma corrida de t\u00e1xi deve ficar na faixa dos 13 mil pesos. Para que os turistas n\u00e3o sejam enganados, o governo colocou no aeroporto um guich\u00ea que calcula o valor da corrida de antem\u00e3o.<\/p>\n<p>O terminal rodovi\u00e1rio est\u00e1 um pouco mais distante, e tamb\u00e9m possui uma placa indicando os valores dos t\u00e1xis (para o centro fica 16 mil). Tamb\u00e9m \u00e9 poss\u00edvel ir em \u00f4nibus por apenas 2 mil pesos (mesmo com mochilas d\u00e1 pra dar um jeito).<\/p>\n<h2><b>Onde se hospedar em Cartagena<\/b><\/h2>\n<p>O melhor lugar para se hospedar em Cartagena \u00e9 no centro hist\u00f3rico, dentro da cidade murada. Nesta zona est\u00e3o os principais bares, restaurantes e as casas coloniais mais belas de Cartagena. Tamb\u00e9m \u00e9 uma zona muito segura a qualquer hora do dia ou da noite<\/p>\n<p>N\u00f3s ficamos em um hostel excelente e muito bem localizado, chamado <b><a href=\"http:\/\/republicahostels.com\/\">Rep\u00fablica Hostel Cartagena<\/a>\u00a0<\/b>(<span class=\"mceItemHidden\"><a href=\"http:\/\/republicahostels.com\">http:\/\/republicahostels.com<\/a>)<\/span>, com piscina, bar e at\u00e9 luz e tomada individuais nos quartos compartilhados. O mais legal \u00e9 que as camas n\u00e3o eram beliches, mas sim cub\u00edculos feitos de concreto. Assim voc\u00ea pode ficar lendo ou usando o celular at\u00e9 tarde sem atrapalhar ningu\u00e9m!<\/p>\n<p>O hostel \u00e9 bem novo, e por isso tem um \u00f3timo custo x benef\u00edcio. A cama no quarto compartilhado fica na faixa de 55 mil pesos. Nos domingos tem festa na piscina (aberta para n\u00e3o h\u00f3spedes tamb\u00e9m).<\/p>\n<div data-carousel-extra='{&quot;blog_id&quot;:1,&quot;permalink&quot;:&quot;https:\/\/mundosemfim.com\/?p=4987&quot;}' id='gallery-1' class='gallery galleryid-4987 gallery-columns-2 gallery-size-medium'><figure class='gallery-item'>\n\t\t\t<div class='gallery-icon landscape'>\n\t\t\t\t<a href='https:\/\/mundosemfim.com\/?attachment_id=4992'><img loading=\"lazy\" decoding=\"async\" width=\"300\" height=\"200\" src=\"https:\/\/i0.wp.com\/mundosemfim.com\/wp-content\/uploads\/2017\/02\/DSC_0019.jpg?fit=300%2C200&amp;ssl=1\" class=\"attachment-medium size-medium\" alt=\"\" aria-describedby=\"gallery-1-4992\" srcset=\"https:\/\/i0.wp.com\/mundosemfim.com\/wp-content\/uploads\/2017\/02\/DSC_0019.jpg?w=1000&amp;ssl=1 1000w, https:\/\/i0.wp.com\/mundosemfim.com\/wp-content\/uploads\/2017\/02\/DSC_0019.jpg?resize=300%2C200&amp;ssl=1 300w, https:\/\/i0.wp.com\/mundosemfim.com\/wp-content\/uploads\/2017\/02\/DSC_0019.jpg?resize=768%2C512&amp;ssl=1 768w\" sizes=\"auto, (max-width: 300px) 100vw, 300px\" data-attachment-id=\"4992\" data-permalink=\"https:\/\/mundosemfim.com\/?attachment_id=4992\" data-orig-file=\"https:\/\/i0.wp.com\/mundosemfim.com\/wp-content\/uploads\/2017\/02\/DSC_0019.jpg?fit=1000%2C667&amp;ssl=1\" data-orig-size=\"1000,667\" data-comments-opened=\"1\" data-image-meta=\"{&quot;aperture&quot;:&quot;0&quot;,&quot;credit&quot;:&quot;&quot;,&quot;camera&quot;:&quot;&quot;,&quot;caption&quot;:&quot;&quot;,&quot;created_timestamp&quot;:&quot;0&quot;,&quot;copyright&quot;:&quot;&quot;,&quot;focal_length&quot;:&quot;0&quot;,&quot;iso&quot;:&quot;0&quot;,&quot;shutter_speed&quot;:&quot;0&quot;,&quot;title&quot;:&quot;&quot;,&quot;orientation&quot;:&quot;0&quot;}\" data-image-title=\"Cartagena\" data-image-description=\"\" data-image-caption=\"&lt;p&gt;Piscina do Rep\u00fablica Hostel &amp;#8211; melhor coisa para passar o calor de Cartagena!&lt;\/p&gt;\n\" data-large-file=\"https:\/\/i0.wp.com\/mundosemfim.com\/wp-content\/uploads\/2017\/02\/DSC_0019.jpg?fit=764%2C510&amp;ssl=1\" \/><\/a>\n\t\t\t<\/div>\n\t\t\t\t<figcaption class='wp-caption-text gallery-caption' id='gallery-1-4992'>\n\t\t\t\tPiscina do Rep\u00fablica Hostel &#8211; melhor coisa para passar o calor de Cartagena!\n\t\t\t\t<\/figcaption><\/figure><figure class='gallery-item'>\n\t\t\t<div class='gallery-icon landscape'>\n\t\t\t\t<a href='https:\/\/mundosemfim.com\/?attachment_id=4993'><img loading=\"lazy\" decoding=\"async\" width=\"300\" height=\"200\" src=\"https:\/\/i0.wp.com\/mundosemfim.com\/wp-content\/uploads\/2017\/02\/DSC_0050.jpg?fit=300%2C200&amp;ssl=1\" class=\"attachment-medium size-medium\" alt=\"\" aria-describedby=\"gallery-1-4993\" srcset=\"https:\/\/i0.wp.com\/mundosemfim.com\/wp-content\/uploads\/2017\/02\/DSC_0050.jpg?w=1000&amp;ssl=1 1000w, https:\/\/i0.wp.com\/mundosemfim.com\/wp-content\/uploads\/2017\/02\/DSC_0050.jpg?resize=300%2C200&amp;ssl=1 300w, https:\/\/i0.wp.com\/mundosemfim.com\/wp-content\/uploads\/2017\/02\/DSC_0050.jpg?resize=768%2C512&amp;ssl=1 768w\" sizes=\"auto, (max-width: 300px) 100vw, 300px\" data-attachment-id=\"4993\" data-permalink=\"https:\/\/mundosemfim.com\/?attachment_id=4993\" data-orig-file=\"https:\/\/i0.wp.com\/mundosemfim.com\/wp-content\/uploads\/2017\/02\/DSC_0050.jpg?fit=1000%2C667&amp;ssl=1\" data-orig-size=\"1000,667\" data-comments-opened=\"1\" data-image-meta=\"{&quot;aperture&quot;:&quot;0&quot;,&quot;credit&quot;:&quot;&quot;,&quot;camera&quot;:&quot;&quot;,&quot;caption&quot;:&quot;&quot;,&quot;created_timestamp&quot;:&quot;0&quot;,&quot;copyright&quot;:&quot;&quot;,&quot;focal_length&quot;:&quot;0&quot;,&quot;iso&quot;:&quot;0&quot;,&quot;shutter_speed&quot;:&quot;0&quot;,&quot;title&quot;:&quot;&quot;,&quot;orientation&quot;:&quot;0&quot;}\" data-image-title=\"Cartagena\" data-image-description=\"\" data-image-caption=\"&lt;p&gt;Esquema das camas, com luz e tomada individual.&lt;\/p&gt;\n\" data-large-file=\"https:\/\/i0.wp.com\/mundosemfim.com\/wp-content\/uploads\/2017\/02\/DSC_0050.jpg?fit=764%2C510&amp;ssl=1\" \/><\/a>\n\t\t\t<\/div>\n\t\t\t\t<figcaption class='wp-caption-text gallery-caption' id='gallery-1-4993'>\n\t\t\t\tEsquema das camas, com luz e tomada individual.\n\t\t\t\t<\/figcaption><\/figure>\n\t\t<\/div>\n\n<p>Se quiser reserv\u00e1-lo, pode fazer por\u00a0<a href=\"http:\/\/www.booking.com\/hotel\/co\/republica-cartagena-hostel.html?aid=1152681&amp;no_rooms=1&amp;group_adults=1\"><strong>aqui<\/strong><\/a>.<\/p>\n<p>Se busca op\u00e7\u00f5es mais econ\u00f4micas, uma alternativa \u00e9 ficar no bairro vizinho, o Getseman\u00ed. Ali n\u00e3o \u00e9 t\u00e3o seguro pela noite (embora tenha bastante movimento de estrangeiros) e as op\u00e7\u00f5es de hospedagem costumam ser mais simples. Tamb\u00e9m \u00e9 poss\u00edvel encontrar restaurantes e mercados mais econ\u00f4micos. Em menos de 10 minutos de caminhada se vai\u00a0 do Getseman\u00ed ao centro hist\u00f3rico.<\/p>\n<figure id=\"attachment_4994\" aria-describedby=\"caption-attachment-4994\" style=\"width: 1000px\" class=\"wp-caption aligncenter\"><img data-recalc-dims=\"1\" loading=\"lazy\" decoding=\"async\" data-attachment-id=\"4994\" data-permalink=\"https:\/\/mundosemfim.com\/?attachment_id=4994\" data-orig-file=\"https:\/\/i0.wp.com\/mundosemfim.com\/wp-content\/uploads\/2017\/02\/DSC_0084.jpg?fit=1000%2C667&amp;ssl=1\" data-orig-size=\"1000,667\" data-comments-opened=\"1\" data-image-meta=\"{&quot;aperture&quot;:&quot;0&quot;,&quot;credit&quot;:&quot;&quot;,&quot;camera&quot;:&quot;&quot;,&quot;caption&quot;:&quot;&quot;,&quot;created_timestamp&quot;:&quot;0&quot;,&quot;copyright&quot;:&quot;&quot;,&quot;focal_length&quot;:&quot;0&quot;,&quot;iso&quot;:&quot;0&quot;,&quot;shutter_speed&quot;:&quot;0&quot;,&quot;title&quot;:&quot;&quot;,&quot;orientation&quot;:&quot;0&quot;}\" data-image-title=\"Cartagena\" data-image-description=\"\" data-image-caption=\"&lt;p&gt;Rua de Getseman\u00ed&lt;\/p&gt;\n\" data-large-file=\"https:\/\/i0.wp.com\/mundosemfim.com\/wp-content\/uploads\/2017\/02\/DSC_0084.jpg?fit=764%2C510&amp;ssl=1\" class=\"wp-image-4994 size-full\" src=\"https:\/\/i0.wp.com\/mundosemfim.com\/wp-content\/uploads\/2017\/02\/DSC_0084.jpg?resize=764%2C510&#038;ssl=1\" alt=\"Bairro de Getseman\u00ed, Cartagena\" width=\"764\" height=\"510\" srcset=\"https:\/\/i0.wp.com\/mundosemfim.com\/wp-content\/uploads\/2017\/02\/DSC_0084.jpg?w=1000&amp;ssl=1 1000w, https:\/\/i0.wp.com\/mundosemfim.com\/wp-content\/uploads\/2017\/02\/DSC_0084.jpg?resize=300%2C200&amp;ssl=1 300w, https:\/\/i0.wp.com\/mundosemfim.com\/wp-content\/uploads\/2017\/02\/DSC_0084.jpg?resize=768%2C512&amp;ssl=1 768w\" sizes=\"auto, (max-width: 764px) 100vw, 764px\" \/><figcaption id=\"caption-attachment-4994\" class=\"wp-caption-text\">Rua de Getseman\u00ed<\/figcaption><\/figure>\n<p>Se est\u00e1 viajando em economia de guerra e busca algo extremamente econ\u00f4mico, \u00e9 poss\u00edvel encontrar hospedagens clandestinas de at\u00e9 15 mil por pessoa neste bairro. Procure pelas carreras 10c, 10 e 9. Geralmente possuem um peda\u00e7o de papel escrito &#8220;hostal&#8221; na frente, ou algu\u00e9m te abordar\u00e1 e te indicar\u00e1. Estes lugares n\u00e3o costumam oferecer cofre para os h\u00f3spedes, por isso s\u00f3 s\u00e3o recomendados em caso de economia extrema mesmo. Se estiver de f\u00e9rias, pague um pouco mais para ficar tranquilo.<\/p>\n<p>Outra op\u00e7\u00e3o \u00e9 se hospedar na praia de Bocagrande. Esta parte \u00e9 moderna, luxuosa, mas a praia em si deixa muito a desejar. Indicado para quem quer visitar cassinos e restaurantes chiques. Se busca algo mais aut\u00eantico, fique na regi\u00e3o do centro mesmo.<\/p>\n<p>O mapa a seguir mostra onde ficam estes locais:<\/p>\n<figure id=\"attachment_4988\" aria-describedby=\"caption-attachment-4988\" style=\"width: 515px\" class=\"wp-caption aligncenter\"><img data-recalc-dims=\"1\" loading=\"lazy\" decoding=\"async\" data-attachment-id=\"4988\" data-permalink=\"https:\/\/mundosemfim.com\/?attachment_id=4988\" data-orig-file=\"https:\/\/i0.wp.com\/mundosemfim.com\/wp-content\/uploads\/2017\/02\/mapa-locais.png?fit=515%2C527&amp;ssl=1\" data-orig-size=\"515,527\" data-comments-opened=\"1\" data-image-meta=\"{&quot;aperture&quot;:&quot;0&quot;,&quot;credit&quot;:&quot;&quot;,&quot;camera&quot;:&quot;&quot;,&quot;caption&quot;:&quot;&quot;,&quot;created_timestamp&quot;:&quot;0&quot;,&quot;copyright&quot;:&quot;&quot;,&quot;focal_length&quot;:&quot;0&quot;,&quot;iso&quot;:&quot;0&quot;,&quot;shutter_speed&quot;:&quot;0&quot;,&quot;title&quot;:&quot;&quot;,&quot;orientation&quot;:&quot;0&quot;}\" data-image-title=\"Cartagena\" data-image-description=\"\" data-image-caption=\"&lt;p&gt;Locais para se hospedar em Cartagena&lt;\/p&gt;\n\" data-large-file=\"https:\/\/i0.wp.com\/mundosemfim.com\/wp-content\/uploads\/2017\/02\/mapa-locais.png?fit=515%2C527&amp;ssl=1\" class=\"wp-image-4988 size-full\" src=\"https:\/\/i0.wp.com\/mundosemfim.com\/wp-content\/uploads\/2017\/02\/mapa-locais.png?resize=515%2C527&#038;ssl=1\" alt=\"Mapa de hospedagens em Cartagena\" width=\"515\" height=\"527\" srcset=\"https:\/\/i0.wp.com\/mundosemfim.com\/wp-content\/uploads\/2017\/02\/mapa-locais.png?w=515&amp;ssl=1 515w, https:\/\/i0.wp.com\/mundosemfim.com\/wp-content\/uploads\/2017\/02\/mapa-locais.png?resize=293%2C300&amp;ssl=1 293w, https:\/\/i0.wp.com\/mundosemfim.com\/wp-content\/uploads\/2017\/02\/mapa-locais.png?resize=50%2C50&amp;ssl=1 50w\" sizes=\"auto, (max-width: 515px) 100vw, 515px\" \/><figcaption id=\"caption-attachment-4988\" class=\"wp-caption-text\">Locais para se hospedar em Cartagena<\/figcaption><\/figure>\n<p>Consulte os pre\u00e7os e as v\u00e1rias op\u00e7\u00f5es de hot\u00e9is em Cartagena no<strong><a href=\"https:\/\/www.booking.com\/searchresults.en.html?city=-579943&amp;aid=1152681&amp;no_rooms=1&amp;group_adults=1\"> Booking.com<\/a>.<\/strong><\/p>\n<h2><b>Dinheiro<\/b><\/h2>\n<p>H\u00e1 diversas casas de c\u00e2mbio pelo centro da cidade. Elas aceitam reais, mas pagam uma merreca (quando estivemos por aqui estavam pagando 650 por real, quando a cota\u00e7\u00e3o oficial \u00e9 918). Conv\u00e9m muito mais trazer d\u00f3lares (estavam trocando por 2900).<\/p>\n<p>Sempre troque nas casas de c\u00e2mbio. Na rua h\u00e1 pessoas oferecendo para trocar por taxas muito melhores. Ainda que pare\u00e7a tentador, ignore-os. S\u00e3o golpistas tentando te enganar (explicamos melhor no t\u00f3pico &#8220;golpes&#8221;).<\/p>\n<figure id=\"attachment_4995\" aria-describedby=\"caption-attachment-4995\" style=\"width: 1000px\" class=\"wp-caption aligncenter\"><img data-recalc-dims=\"1\" loading=\"lazy\" decoding=\"async\" data-attachment-id=\"4995\" data-permalink=\"https:\/\/mundosemfim.com\/?attachment_id=4995\" data-orig-file=\"https:\/\/i0.wp.com\/mundosemfim.com\/wp-content\/uploads\/2017\/02\/DSC_0046.jpg?fit=1000%2C667&amp;ssl=1\" data-orig-size=\"1000,667\" data-comments-opened=\"1\" data-image-meta=\"{&quot;aperture&quot;:&quot;0&quot;,&quot;credit&quot;:&quot;&quot;,&quot;camera&quot;:&quot;&quot;,&quot;caption&quot;:&quot;&quot;,&quot;created_timestamp&quot;:&quot;0&quot;,&quot;copyright&quot;:&quot;&quot;,&quot;focal_length&quot;:&quot;0&quot;,&quot;iso&quot;:&quot;0&quot;,&quot;shutter_speed&quot;:&quot;0&quot;,&quot;title&quot;:&quot;&quot;,&quot;orientation&quot;:&quot;0&quot;}\" data-image-title=\"Cartagena\" data-image-description=\"\" data-image-caption=\"&lt;p&gt;A colorida Cartagena&lt;\/p&gt;\n\" data-large-file=\"https:\/\/i0.wp.com\/mundosemfim.com\/wp-content\/uploads\/2017\/02\/DSC_0046.jpg?fit=764%2C510&amp;ssl=1\" class=\"wp-image-4995 size-full\" src=\"https:\/\/i0.wp.com\/mundosemfim.com\/wp-content\/uploads\/2017\/02\/DSC_0046.jpg?resize=764%2C510&#038;ssl=1\" alt=\"Centro hist\u00f3rico de Cartagena\" width=\"764\" height=\"510\" srcset=\"https:\/\/i0.wp.com\/mundosemfim.com\/wp-content\/uploads\/2017\/02\/DSC_0046.jpg?w=1000&amp;ssl=1 1000w, https:\/\/i0.wp.com\/mundosemfim.com\/wp-content\/uploads\/2017\/02\/DSC_0046.jpg?resize=300%2C200&amp;ssl=1 300w, https:\/\/i0.wp.com\/mundosemfim.com\/wp-content\/uploads\/2017\/02\/DSC_0046.jpg?resize=768%2C512&amp;ssl=1 768w\" sizes=\"auto, (max-width: 764px) 100vw, 764px\" \/><figcaption id=\"caption-attachment-4995\" class=\"wp-caption-text\">A colorida Cartagena<\/figcaption><\/figure>\n<h2><b>Seguran\u00e7a<\/b><\/h2>\n<p>O centro hist\u00f3rico de Cartagena \u00e9 extremamente seguro, com grande policiamento as 24h por dia. A regi\u00e3o de Getseman\u00ed tamb\u00e9m \u00e9 bastante segura, embora exija um pouco mais de cuidado pela noite. As outras zonas requerem os cuidados b\u00e1sicos de qualquer cidade grande.<\/p>\n<p><b>Golpes<\/b><\/p>\n<p>Cartagena \u00e9 bastante segura e seu povo \u00e9 bastante hospitaleiro, mas infelizmente h\u00e1 v\u00e1rios golpistas tentando se aproveitar dos turistas.<\/p>\n<p>Alguns golpes comuns s\u00e3o:<\/p>\n<ul>\n<li>Cambistas de rua: oferecem uma cota\u00e7\u00e3o muito melhor do que as das casas de c\u00e2mbio para trocar dinheiro, mas acabam dando um jeito de enganar. Ou te devolvem dinheiro falso, ou possuem uma calculadora que calcula errado, ou acabam aproveitando de uma distra\u00e7\u00e3o sua para te dar dinheiro a menos. Jamais troque com eles.<\/li>\n<li>Massagens: relaxar nas praias de Cartagena \u00e9 uma atividade praticamente imposs\u00edvel. Voc\u00ea fica sentado na areia e em menos de 5 minutos j\u00e1 encosta uma mulher passando creme e fazendo massagem em voc\u00ea. Se isso acontecer, levante, recuse, seja at\u00e9 mal-educado se for preciso. Se deixar que te fa\u00e7am massagem, pode esperar que v\u00e3o cobrar um valor absurdo pelo servi\u00e7o (escutamos de casos que cobraram 100 d\u00f3lares por uma massagem de 5 minutos). Se quiser fazer a massagem (pode ser at\u00e9 agrad\u00e1vel) combine o pre\u00e7o antes para n\u00e3o ter surpresas.<\/li>\n<li>Comida gr\u00e1tis: Tentaram nos pegar com um destes. Enquanto caminh\u00e1vamos pela praia, um tioz\u00e3o chegou, come\u00e7ou com o papo de que ama o Brasil, que Pel\u00e9 \u00e9 melhor que Maradona e essa coisa toda. A\u00ed me ofereceu uma pata de\u00a0caranguejo para provar. &#8220;Gr\u00e1tis&#8221;, ele disse. Mal terminei de comer e ele j\u00e1 enfiava outra na minha boca. E assim foi mais duas vezes, at\u00e9 que disse que n\u00e3o queria mais. A\u00ed ele quis cobrar: disse que a primeira era gr\u00e1tis, e que eu precisava pagar somente pelas outras tr\u00eas. O valor? 5 mil por pata (era uma pata min\u00fascula que n\u00e3o tinha nada de carne). Simplesmente sa\u00ed andando sem pagar. Ele n\u00e3o veio atr\u00e1s.<\/li>\n<li>Mulheres com trajes t\u00edpicos: n\u00e3o consideramos isso um golpe, mas \u00e9 bom informar &#8211; voc\u00ea ver\u00e1 v\u00e1rias mulheres com roupas parecidas com\u00a0aquelas\u00a0t\u00edpicas\u00a0das baianas vendendo comida e bebidas na rua. Elas cobram para sair nas fotos. Se quiser tirar uma foto delas, prepare-se para deixar uma gorjeta.<\/li>\n<\/ul>\n<figure id=\"attachment_4996\" aria-describedby=\"caption-attachment-4996\" style=\"width: 1000px\" class=\"wp-caption aligncenter\"><img data-recalc-dims=\"1\" loading=\"lazy\" decoding=\"async\" data-attachment-id=\"4996\" data-permalink=\"https:\/\/mundosemfim.com\/?attachment_id=4996\" data-orig-file=\"https:\/\/i0.wp.com\/mundosemfim.com\/wp-content\/uploads\/2017\/02\/DSC_0080.jpg?fit=1000%2C667&amp;ssl=1\" data-orig-size=\"1000,667\" data-comments-opened=\"1\" data-image-meta=\"{&quot;aperture&quot;:&quot;0&quot;,&quot;credit&quot;:&quot;&quot;,&quot;camera&quot;:&quot;&quot;,&quot;caption&quot;:&quot;&quot;,&quot;created_timestamp&quot;:&quot;0&quot;,&quot;copyright&quot;:&quot;&quot;,&quot;focal_length&quot;:&quot;0&quot;,&quot;iso&quot;:&quot;0&quot;,&quot;shutter_speed&quot;:&quot;0&quot;,&quot;title&quot;:&quot;&quot;,&quot;orientation&quot;:&quot;0&quot;}\" data-image-title=\"Cartagena\" data-image-description=\"\" data-image-caption=\"&lt;p&gt;Turistas ganhando massagem na Playa Blanca. Tomara que tenham combinado o pre\u00e7o antes!&lt;\/p&gt;\n\" data-large-file=\"https:\/\/i0.wp.com\/mundosemfim.com\/wp-content\/uploads\/2017\/02\/DSC_0080.jpg?fit=764%2C510&amp;ssl=1\" class=\"wp-image-4996 size-full\" src=\"https:\/\/i0.wp.com\/mundosemfim.com\/wp-content\/uploads\/2017\/02\/DSC_0080.jpg?resize=764%2C510&#038;ssl=1\" alt=\"Playa Blanca, perto de Cartagena\" width=\"764\" height=\"510\" srcset=\"https:\/\/i0.wp.com\/mundosemfim.com\/wp-content\/uploads\/2017\/02\/DSC_0080.jpg?w=1000&amp;ssl=1 1000w, https:\/\/i0.wp.com\/mundosemfim.com\/wp-content\/uploads\/2017\/02\/DSC_0080.jpg?resize=300%2C200&amp;ssl=1 300w, https:\/\/i0.wp.com\/mundosemfim.com\/wp-content\/uploads\/2017\/02\/DSC_0080.jpg?resize=768%2C512&amp;ssl=1 768w\" sizes=\"auto, (max-width: 764px) 100vw, 764px\" \/><figcaption id=\"caption-attachment-4996\" class=\"wp-caption-text\">Turistas ganhando massagem na Playa Blanca. Tomara que tenham combinado o pre\u00e7o antes!<\/figcaption><\/figure>\n<p>Outros golpes s\u00e3o varia\u00e7\u00f5es destes acima. Se por acaso se sentir extorquido, procure a pol\u00edcia. Ela est\u00e1 ali para te ajudar. Os mesmos cuidados devem ser tomados em <a href=\"https:\/\/mundosemfim.com\/visitando-e-acampando-na-playa-blanca-ilha-baru-da-forma-mais-economica-possivel\/\">Playa Blanca<\/a> ou outras ilhas da regi\u00e3o.<\/p>\n<h2><b>Onde comer e beber em Cartagena<\/b><\/h2>\n<p>Em compara\u00e7\u00e3o com o restante da Col\u00f4mbia, Cartagena \u00e9 uma cidade cara. Ainda assim, \u00e9 poss\u00edvel comer e beber sem gastar muita grana.<\/p>\n<p>Dentro da cidade murada se encontram restaurantes que servem menus a partir de 8 mil. Outro lugar onde \u00e9 poss\u00edvel comer bem e de maneira econ\u00f4mica \u00e9 em Getseman\u00ed: pela Carrera 10, entre as Calles 30 e 32, h\u00e1 diversos restaurantes com menus entre 8 e 10 mil que s\u00e3o muito saborosos. Nesta mesma rua h\u00e1 mercados que vendem cerveja de 750ml por 3 mil.<\/p>\n<p>Nos restaurantes mais tur\u00edsticos e sofisticados espere pagar entre 15 e 50 mil em um prato. Uma cerveja longneck nos bares tur\u00edsticos fica na faixa de 3 a 5 mil.<\/p>\n<figure id=\"attachment_4967\" aria-describedby=\"caption-attachment-4967\" style=\"width: 1000px\" class=\"wp-caption aligncenter\"><img data-recalc-dims=\"1\" loading=\"lazy\" decoding=\"async\" data-attachment-id=\"4967\" data-permalink=\"https:\/\/mundosemfim.com\/?attachment_id=4967\" data-orig-file=\"https:\/\/i0.wp.com\/mundosemfim.com\/wp-content\/uploads\/2017\/01\/DSC_0056.jpg?fit=1000%2C667&amp;ssl=1\" data-orig-size=\"1000,667\" data-comments-opened=\"1\" data-image-meta=\"{&quot;aperture&quot;:&quot;0&quot;,&quot;credit&quot;:&quot;&quot;,&quot;camera&quot;:&quot;&quot;,&quot;caption&quot;:&quot;&quot;,&quot;created_timestamp&quot;:&quot;0&quot;,&quot;copyright&quot;:&quot;&quot;,&quot;focal_length&quot;:&quot;0&quot;,&quot;iso&quot;:&quot;0&quot;,&quot;shutter_speed&quot;:&quot;0&quot;,&quot;title&quot;:&quot;&quot;,&quot;orientation&quot;:&quot;0&quot;}\" data-image-title=\"Tierra Bomba\" data-image-description=\"\" data-image-caption=\"&lt;p&gt;Que tal comer um peixe fresquinho com esta vista?&lt;\/p&gt;\n\" data-large-file=\"https:\/\/i0.wp.com\/mundosemfim.com\/wp-content\/uploads\/2017\/01\/DSC_0056.jpg?fit=764%2C510&amp;ssl=1\" class=\"wp-image-4967 size-full\" src=\"https:\/\/i0.wp.com\/mundosemfim.com\/wp-content\/uploads\/2017\/01\/DSC_0056.jpg?resize=764%2C510&#038;ssl=1\" alt=\"Almo\u00e7o t\u00edpico de Cartagena\" width=\"764\" height=\"510\" srcset=\"https:\/\/i0.wp.com\/mundosemfim.com\/wp-content\/uploads\/2017\/01\/DSC_0056.jpg?w=1000&amp;ssl=1 1000w, https:\/\/i0.wp.com\/mundosemfim.com\/wp-content\/uploads\/2017\/01\/DSC_0056.jpg?resize=300%2C200&amp;ssl=1 300w, https:\/\/i0.wp.com\/mundosemfim.com\/wp-content\/uploads\/2017\/01\/DSC_0056.jpg?resize=768%2C512&amp;ssl=1 768w\" sizes=\"auto, (max-width: 764px) 100vw, 764px\" \/><figcaption id=\"caption-attachment-4967\" class=\"wp-caption-text\">Um peixe frito como este, \u00e0 beira da praia, fica na faixa de uns 25 mil.<\/figcaption><\/figure>\n<h2><b>Clima<\/b><\/h2>\n<p>Cartagena \u00e9 calor o ano todo, e a m\u00e9dia da temperatura \u00e9 de 27 graus.<\/p>\n<p>De dezembro a abril \u00e9 considerado temporada de seca, onde as chuvas s\u00e3o bem raras. De maio a novembro as nuvens j\u00e1 aparecem, sendo outubro o m\u00eas com mais chuvas.<\/p>\n<p>Ainda assim, o turismo \u00e9 forte o ano todo, e mesmo na chuva se pode curtir a cidade.<\/p>\n<h2><strong>M\u00fasica<\/strong><\/h2>\n<p>Cartagena \u00e9 famosa por seus cantores de salsa. De fato,\u00a0se <a href=\"https:\/\/mundosemfim.com\/o-que-fazer-em-cali-a-capital-mundial-da-salsa\/\">Cali<\/a>\u00a0\u00e9 a capital mundial da\u00a0salsa, Cartagena \u00e9 a Meca.<\/p>\n<p>Dentre os bares que voc\u00ea pode curtir uma boa m\u00fasica, destacam-se o <strong><a href=\"https:\/\/www.facebook.com\/DONDE-FIDEL-376013460826\/?rf=354395227962598\">Donde Fidel<\/a><\/strong> (pr\u00f3ximo \u00e0 torre do rel\u00f3gio), o <a href=\"http:\/\/www.quiebracanto.com\/\"><strong>Salsa Quiebracanto<\/strong><\/a> (Getseman\u00ed; embaixo dele h\u00e1 um mais barato e mais aut\u00eantico) e o <strong>Caf\u00e9 Havana<\/strong>\u00a0(Getseman\u00ed).<\/p>\n<p>Um importante cantor da cidade foi Joe Arroyo, e uma das suas m\u00fasicas mais famosas \u00e9 esta:<\/p>\n<div class=\"jetpack-video-wrapper\"><span class=\"embed-youtube\" style=\"text-align:center; display: block;\"><iframe loading=\"lazy\" class=\"youtube-player\" width=\"764\" height=\"430\" src=\"https:\/\/www.youtube.com\/embed\/oWBf9hfW_4Y?version=3&#038;rel=1&#038;showsearch=0&#038;showinfo=1&#038;iv_load_policy=1&#038;fs=1&#038;hl=pt-BR&#038;autohide=2&#038;wmode=transparent\" allowfullscreen=\"true\" style=\"border:0;\" sandbox=\"allow-scripts allow-same-origin allow-popups allow-presentation allow-popups-to-escape-sandbox\"><\/iframe><\/span><\/div>\n<h2><b>Vale a pena alugar um carro?<\/b><\/h2>\n<p>Muita gente nos perguntou isso, e a resposta \u00e9: n\u00e3o!<\/p>\n<p>As ruas do centro hist\u00f3rico s\u00e3o muito estreitas, e v\u00e1rias delas nem passa carro. Fora do centro, o tr\u00e2nsito \u00e9 uma loucura. Encontrar uma vaga para estacionar tamb\u00e9m \u00e9 algo muito complicado por aqui.<\/p>\n<p>Quer se locomover com comodidade? Pegue um t\u00e1xi. S\u00e3o baratos e muito mais c\u00f4modos.<\/p>\n<figure id=\"attachment_4998\" aria-describedby=\"caption-attachment-4998\" style=\"width: 1000px\" class=\"wp-caption aligncenter\"><img data-recalc-dims=\"1\" loading=\"lazy\" decoding=\"async\" data-attachment-id=\"4998\" data-permalink=\"https:\/\/mundosemfim.com\/?attachment_id=4998\" data-orig-file=\"https:\/\/i0.wp.com\/mundosemfim.com\/wp-content\/uploads\/2017\/02\/DSC_0036.jpg?fit=1000%2C667&amp;ssl=1\" data-orig-size=\"1000,667\" data-comments-opened=\"1\" data-image-meta=\"{&quot;aperture&quot;:&quot;0&quot;,&quot;credit&quot;:&quot;&quot;,&quot;camera&quot;:&quot;&quot;,&quot;caption&quot;:&quot;&quot;,&quot;created_timestamp&quot;:&quot;0&quot;,&quot;copyright&quot;:&quot;&quot;,&quot;focal_length&quot;:&quot;0&quot;,&quot;iso&quot;:&quot;0&quot;,&quot;shutter_speed&quot;:&quot;0&quot;,&quot;title&quot;:&quot;&quot;,&quot;orientation&quot;:&quot;0&quot;}\" data-image-title=\"Cartagena\" data-image-description=\"\" data-image-caption=\"&lt;p&gt;Dif\u00edcil estacionar por a\u00ed!&lt;\/p&gt;\n\" data-large-file=\"https:\/\/i0.wp.com\/mundosemfim.com\/wp-content\/uploads\/2017\/02\/DSC_0036.jpg?fit=764%2C510&amp;ssl=1\" class=\"wp-image-4998 size-full\" src=\"https:\/\/i0.wp.com\/mundosemfim.com\/wp-content\/uploads\/2017\/02\/DSC_0036.jpg?resize=764%2C510&#038;ssl=1\" alt=\"Belas ruas de Cartagena\" width=\"764\" height=\"510\" srcset=\"https:\/\/i0.wp.com\/mundosemfim.com\/wp-content\/uploads\/2017\/02\/DSC_0036.jpg?w=1000&amp;ssl=1 1000w, https:\/\/i0.wp.com\/mundosemfim.com\/wp-content\/uploads\/2017\/02\/DSC_0036.jpg?resize=300%2C200&amp;ssl=1 300w, https:\/\/i0.wp.com\/mundosemfim.com\/wp-content\/uploads\/2017\/02\/DSC_0036.jpg?resize=768%2C512&amp;ssl=1 768w\" sizes=\"auto, (max-width: 764px) 100vw, 764px\" \/><figcaption id=\"caption-attachment-4998\" class=\"wp-caption-text\">Ruas estreitas e dif\u00edceis de estacionar!<\/figcaption><\/figure>\n<h2><b>O que fazer em Cartagena?<\/b><\/h2>\n<p>Cartagena \u00e9 uma cidade f\u00e1cil de ser percorrida a p\u00e9, j\u00e1 que seus principais atrativos est\u00e3o no centro. Aqui est\u00e3o algumas dicas de lugares para conhecer:<\/p>\n<ul>\n<li>\n<h4><b>Centro hist\u00f3rico e muralhas<\/b><\/h4>\n<\/li>\n<\/ul>\n<p>Caminhar pelas ruas coloniais de Cartagena \u00e9 uma experi\u00eancia \u00fanica. Quase todas as casas est\u00e3o em um estado impec\u00e1vel, bem pintadas e cheias de flores. A muralha que circula a cidade est\u00e1 praticamente intacta, e \u00e9 poss\u00edvel caminhar por quase toda a sua extens\u00e3o. Em alguns lugares ver\u00e1 os antigos canh\u00f5es que protegiam a cidade.<\/p>\n<p>Em Cartagena o sol se p\u00f5e no mar do caribe, e observar o bel\u00edssimo p\u00f4r-do-sol de cima da muralha \u00e9 algo imperd\u00edvel.<\/p>\n<p>Se quiser passear de uma maneira diferente, pegue uma charrete. Levam at\u00e9 4 pessoas e custam em torno de 65 mil para um recorrido de meia hora.<\/p>\n<figure id=\"attachment_4999\" aria-describedby=\"caption-attachment-4999\" style=\"width: 1000px\" class=\"wp-caption aligncenter\"><img data-recalc-dims=\"1\" loading=\"lazy\" decoding=\"async\" data-attachment-id=\"4999\" data-permalink=\"https:\/\/mundosemfim.com\/?attachment_id=4999\" data-orig-file=\"https:\/\/i0.wp.com\/mundosemfim.com\/wp-content\/uploads\/2017\/02\/DSC_0164.jpg?fit=1000%2C667&amp;ssl=1\" data-orig-size=\"1000,667\" data-comments-opened=\"1\" data-image-meta=\"{&quot;aperture&quot;:&quot;0&quot;,&quot;credit&quot;:&quot;&quot;,&quot;camera&quot;:&quot;&quot;,&quot;caption&quot;:&quot;&quot;,&quot;created_timestamp&quot;:&quot;0&quot;,&quot;copyright&quot;:&quot;&quot;,&quot;focal_length&quot;:&quot;0&quot;,&quot;iso&quot;:&quot;0&quot;,&quot;shutter_speed&quot;:&quot;0&quot;,&quot;title&quot;:&quot;&quot;,&quot;orientation&quot;:&quot;0&quot;}\" data-image-title=\"Cartagena\" data-image-description=\"\" data-image-caption=\"&lt;p&gt;Mulheres com seus trajes t\u00edpicos: se quiser fotograf\u00e1-las, ou fa\u00e7a escondido ou d\u00ea uma gorjeta.&lt;\/p&gt;\n\" data-large-file=\"https:\/\/i0.wp.com\/mundosemfim.com\/wp-content\/uploads\/2017\/02\/DSC_0164.jpg?fit=764%2C510&amp;ssl=1\" class=\"wp-image-4999 size-full\" src=\"https:\/\/i0.wp.com\/mundosemfim.com\/wp-content\/uploads\/2017\/02\/DSC_0164.jpg?resize=764%2C510&#038;ssl=1\" alt=\"&quot;Negritas&quot; de Cartagena\" width=\"764\" height=\"510\" srcset=\"https:\/\/i0.wp.com\/mundosemfim.com\/wp-content\/uploads\/2017\/02\/DSC_0164.jpg?w=1000&amp;ssl=1 1000w, https:\/\/i0.wp.com\/mundosemfim.com\/wp-content\/uploads\/2017\/02\/DSC_0164.jpg?resize=300%2C200&amp;ssl=1 300w, https:\/\/i0.wp.com\/mundosemfim.com\/wp-content\/uploads\/2017\/02\/DSC_0164.jpg?resize=768%2C512&amp;ssl=1 768w\" sizes=\"auto, (max-width: 764px) 100vw, 764px\" \/><figcaption id=\"caption-attachment-4999\" class=\"wp-caption-text\">Mulheres com seus trajes t\u00edpicos: se quiser fotograf\u00e1-las, ou fa\u00e7a escondido ou d\u00ea uma gorjeta.<\/figcaption><\/figure>\n<ul>\n<li>\n<h4><b>Castelo de San Felipe de Barajas<\/b><\/h4>\n<\/li>\n<\/ul>\n<p>Apesar do nome, n\u00e3o se trata de um castelo, mas sim de uma fortifica\u00e7\u00e3o. Esta imponente edifica\u00e7\u00e3o come\u00e7ou a ser erguida em 1536, e s\u00f3 foi completamente finalizada em 1657. \u00c9 a maior obra militar espanhola na Am\u00e9rica.<\/p>\n<p>A entrada para o castelo custa 27 mil pesos. Se n\u00e3o quiser pagar, pode admir\u00e1-lo de fora mesmo que vale a pena.<\/p>\n<p>O passeio \u00e9 praticamente todo pela \u00e1rea externa, por isso procure ir em um hor\u00e1rio em que o sol n\u00e3o esteja t\u00e3o forte. Leve chap\u00e9u e protetor solar.<\/p>\n<figure id=\"attachment_5000\" aria-describedby=\"caption-attachment-5000\" style=\"width: 1000px\" class=\"wp-caption aligncenter\"><img data-recalc-dims=\"1\" loading=\"lazy\" decoding=\"async\" data-attachment-id=\"5000\" data-permalink=\"https:\/\/mundosemfim.com\/?attachment_id=5000\" data-orig-file=\"https:\/\/i0.wp.com\/mundosemfim.com\/wp-content\/uploads\/2017\/02\/DSC_0105.jpg?fit=1000%2C667&amp;ssl=1\" data-orig-size=\"1000,667\" data-comments-opened=\"1\" data-image-meta=\"{&quot;aperture&quot;:&quot;0&quot;,&quot;credit&quot;:&quot;&quot;,&quot;camera&quot;:&quot;&quot;,&quot;caption&quot;:&quot;&quot;,&quot;created_timestamp&quot;:&quot;0&quot;,&quot;copyright&quot;:&quot;&quot;,&quot;focal_length&quot;:&quot;0&quot;,&quot;iso&quot;:&quot;0&quot;,&quot;shutter_speed&quot;:&quot;0&quot;,&quot;title&quot;:&quot;&quot;,&quot;orientation&quot;:&quot;0&quot;}\" data-image-title=\"Cartagena\" data-image-description=\"\" data-image-caption=\"&lt;p&gt;O imponente Castelo de San Felipe&lt;\/p&gt;\n\" data-large-file=\"https:\/\/i0.wp.com\/mundosemfim.com\/wp-content\/uploads\/2017\/02\/DSC_0105.jpg?fit=764%2C510&amp;ssl=1\" class=\"wp-image-5000 size-full\" src=\"https:\/\/i0.wp.com\/mundosemfim.com\/wp-content\/uploads\/2017\/02\/DSC_0105.jpg?resize=764%2C510&#038;ssl=1\" alt=\"Castelo de San Felipe\" width=\"764\" height=\"510\" srcset=\"https:\/\/i0.wp.com\/mundosemfim.com\/wp-content\/uploads\/2017\/02\/DSC_0105.jpg?w=1000&amp;ssl=1 1000w, https:\/\/i0.wp.com\/mundosemfim.com\/wp-content\/uploads\/2017\/02\/DSC_0105.jpg?resize=300%2C200&amp;ssl=1 300w, https:\/\/i0.wp.com\/mundosemfim.com\/wp-content\/uploads\/2017\/02\/DSC_0105.jpg?resize=768%2C512&amp;ssl=1 768w\" sizes=\"auto, (max-width: 764px) 100vw, 764px\" \/><figcaption id=\"caption-attachment-5000\" class=\"wp-caption-text\">O imponente Castelo de San Felipe<\/figcaption><\/figure>\n<ul>\n<li>\n<h4><b>Monumento a los Zapatos Viejos<\/b><\/h4>\n<\/li>\n<\/ul>\n<p>Localizado na parte de tr\u00e1s do Castelo de San Felipe, esta obra de Tito Lombana \u00e9 uma homenagem ao poeta de Cartagena Luis Carlos L\u00f3pez.<\/p>\n<p>O mais legal n\u00e3o \u00e9 a escultura em si, mas sim o conjunto formado por ela e pelo castelo como plano de fundo.<\/p>\n<figure id=\"attachment_5001\" aria-describedby=\"caption-attachment-5001\" style=\"width: 1000px\" class=\"wp-caption aligncenter\"><img data-recalc-dims=\"1\" loading=\"lazy\" decoding=\"async\" data-attachment-id=\"5001\" data-permalink=\"https:\/\/mundosemfim.com\/?attachment_id=5001\" data-orig-file=\"https:\/\/i0.wp.com\/mundosemfim.com\/wp-content\/uploads\/2017\/02\/DSC_0120.jpg?fit=1000%2C667&amp;ssl=1\" data-orig-size=\"1000,667\" data-comments-opened=\"1\" data-image-meta=\"{&quot;aperture&quot;:&quot;0&quot;,&quot;credit&quot;:&quot;&quot;,&quot;camera&quot;:&quot;&quot;,&quot;caption&quot;:&quot;&quot;,&quot;created_timestamp&quot;:&quot;0&quot;,&quot;copyright&quot;:&quot;&quot;,&quot;focal_length&quot;:&quot;0&quot;,&quot;iso&quot;:&quot;0&quot;,&quot;shutter_speed&quot;:&quot;0&quot;,&quot;title&quot;:&quot;&quot;,&quot;orientation&quot;:&quot;0&quot;}\" data-image-title=\"Cartagena\" data-image-description=\"\" data-image-caption=\"&lt;p&gt;Monumento a los Zapatos Viejos&lt;\/p&gt;\n\" data-large-file=\"https:\/\/i0.wp.com\/mundosemfim.com\/wp-content\/uploads\/2017\/02\/DSC_0120.jpg?fit=764%2C510&amp;ssl=1\" class=\"wp-image-5001 size-full\" src=\"https:\/\/i0.wp.com\/mundosemfim.com\/wp-content\/uploads\/2017\/02\/DSC_0120.jpg?resize=764%2C510&#038;ssl=1\" alt=\"Monumento aos &quot;sapatos velhos&quot; em Cartagena\" width=\"764\" height=\"510\" srcset=\"https:\/\/i0.wp.com\/mundosemfim.com\/wp-content\/uploads\/2017\/02\/DSC_0120.jpg?w=1000&amp;ssl=1 1000w, https:\/\/i0.wp.com\/mundosemfim.com\/wp-content\/uploads\/2017\/02\/DSC_0120.jpg?resize=300%2C200&amp;ssl=1 300w, https:\/\/i0.wp.com\/mundosemfim.com\/wp-content\/uploads\/2017\/02\/DSC_0120.jpg?resize=768%2C512&amp;ssl=1 768w\" sizes=\"auto, (max-width: 764px) 100vw, 764px\" \/><figcaption id=\"caption-attachment-5001\" class=\"wp-caption-text\">Monumento a los Zapatos Viejos<\/figcaption><\/figure>\n<ul>\n<li>\n<h4><b>Est\u00e1tua da \u00cdndia Catalina<\/b><\/h4>\n<\/li>\n<\/ul>\n<p>Esta \u00e9 uma homenagem \u00e0 \u00edndia Catalina, que teve um papel importante no processo de coloniza\u00e7\u00e3o da regi\u00e3o.<\/p>\n<p>Catalina foi raptada em 1509, quando tinha apenas 14 anos, pelo conquistador espanhol Diego de Nicuesa, no povoado conhecido como Zamba. Voltaria \u00e0s suas terras somente em 1533, depois de j\u00e1 ter aprendido o idioma espanhol, no papel de int\u00e9rprete. Com isso, teve um importante papel na pacifica\u00e7\u00e3o de numerosas tribos ind\u00edgenas.<\/p>\n<figure id=\"attachment_5002\" aria-describedby=\"caption-attachment-5002\" style=\"width: 1000px\" class=\"wp-caption aligncenter\"><img data-recalc-dims=\"1\" loading=\"lazy\" decoding=\"async\" data-attachment-id=\"5002\" data-permalink=\"https:\/\/mundosemfim.com\/?attachment_id=5002\" data-orig-file=\"https:\/\/i0.wp.com\/mundosemfim.com\/wp-content\/uploads\/2017\/02\/DSC_0134.jpg?fit=1000%2C667&amp;ssl=1\" data-orig-size=\"1000,667\" data-comments-opened=\"1\" data-image-meta=\"{&quot;aperture&quot;:&quot;0&quot;,&quot;credit&quot;:&quot;&quot;,&quot;camera&quot;:&quot;&quot;,&quot;caption&quot;:&quot;&quot;,&quot;created_timestamp&quot;:&quot;0&quot;,&quot;copyright&quot;:&quot;&quot;,&quot;focal_length&quot;:&quot;0&quot;,&quot;iso&quot;:&quot;0&quot;,&quot;shutter_speed&quot;:&quot;0&quot;,&quot;title&quot;:&quot;&quot;,&quot;orientation&quot;:&quot;0&quot;}\" data-image-title=\"Cartagena\" data-image-description=\"\" data-image-caption=\"&lt;p&gt;Homenagem \u00e0 \u00cdndia Catalina&lt;\/p&gt;\n\" data-large-file=\"https:\/\/i0.wp.com\/mundosemfim.com\/wp-content\/uploads\/2017\/02\/DSC_0134.jpg?fit=764%2C510&amp;ssl=1\" class=\"wp-image-5002 size-full\" src=\"https:\/\/i0.wp.com\/mundosemfim.com\/wp-content\/uploads\/2017\/02\/DSC_0134.jpg?resize=764%2C510&#038;ssl=1\" alt=\"Est\u00e1tua da \u00cdndia Catalina em Cartagena\" width=\"764\" height=\"510\" srcset=\"https:\/\/i0.wp.com\/mundosemfim.com\/wp-content\/uploads\/2017\/02\/DSC_0134.jpg?w=1000&amp;ssl=1 1000w, https:\/\/i0.wp.com\/mundosemfim.com\/wp-content\/uploads\/2017\/02\/DSC_0134.jpg?resize=300%2C200&amp;ssl=1 300w, https:\/\/i0.wp.com\/mundosemfim.com\/wp-content\/uploads\/2017\/02\/DSC_0134.jpg?resize=768%2C512&amp;ssl=1 768w\" sizes=\"auto, (max-width: 764px) 100vw, 764px\" \/><figcaption id=\"caption-attachment-5002\" class=\"wp-caption-text\">Homenagem \u00e0 \u00cdndia Catalina<\/figcaption><\/figure>\n<ul>\n<li>\n<h4 align=\"LEFT\"><b>Las B\u00f3vedas<\/b><\/h4>\n<\/li>\n<\/ul>\n<p align=\"LEFT\">Localizadas quase no fim das muralhas, esta bela edifica\u00e7\u00e3o colonial hoje vende v\u00e1rias roupas e artesanatos de Cartagena. Vale a pena fazer uma visita \u2013 tanto para compras quanto para algumas fotos.<\/p>\n<div data-carousel-extra='{&quot;blog_id&quot;:1,&quot;permalink&quot;:&quot;https:\/\/mundosemfim.com\/?p=4987&quot;}' id='gallery-2' class='gallery galleryid-4987 gallery-columns-2 gallery-size-medium'><figure class='gallery-item'>\n\t\t\t<div class='gallery-icon landscape'>\n\t\t\t\t<a href='https:\/\/mundosemfim.com\/?attachment_id=5003'><img loading=\"lazy\" decoding=\"async\" width=\"300\" height=\"200\" src=\"https:\/\/i0.wp.com\/mundosemfim.com\/wp-content\/uploads\/2017\/02\/DSC_0036-2.jpg?fit=300%2C200&amp;ssl=1\" class=\"attachment-medium size-medium\" alt=\"\" aria-describedby=\"gallery-2-5003\" srcset=\"https:\/\/i0.wp.com\/mundosemfim.com\/wp-content\/uploads\/2017\/02\/DSC_0036-2.jpg?w=1000&amp;ssl=1 1000w, https:\/\/i0.wp.com\/mundosemfim.com\/wp-content\/uploads\/2017\/02\/DSC_0036-2.jpg?resize=300%2C200&amp;ssl=1 300w, https:\/\/i0.wp.com\/mundosemfim.com\/wp-content\/uploads\/2017\/02\/DSC_0036-2.jpg?resize=768%2C512&amp;ssl=1 768w\" sizes=\"auto, (max-width: 300px) 100vw, 300px\" data-attachment-id=\"5003\" data-permalink=\"https:\/\/mundosemfim.com\/?attachment_id=5003\" data-orig-file=\"https:\/\/i0.wp.com\/mundosemfim.com\/wp-content\/uploads\/2017\/02\/DSC_0036-2.jpg?fit=1000%2C667&amp;ssl=1\" data-orig-size=\"1000,667\" data-comments-opened=\"1\" data-image-meta=\"{&quot;aperture&quot;:&quot;0&quot;,&quot;credit&quot;:&quot;&quot;,&quot;camera&quot;:&quot;&quot;,&quot;caption&quot;:&quot;&quot;,&quot;created_timestamp&quot;:&quot;0&quot;,&quot;copyright&quot;:&quot;&quot;,&quot;focal_length&quot;:&quot;0&quot;,&quot;iso&quot;:&quot;0&quot;,&quot;shutter_speed&quot;:&quot;0&quot;,&quot;title&quot;:&quot;&quot;,&quot;orientation&quot;:&quot;0&quot;}\" data-image-title=\"Cartagena\" data-image-description=\"\" data-image-caption=\"&lt;p&gt;Fachada em arcos das B\u00f3lvedas&lt;\/p&gt;\n\" data-large-file=\"https:\/\/i0.wp.com\/mundosemfim.com\/wp-content\/uploads\/2017\/02\/DSC_0036-2.jpg?fit=764%2C510&amp;ssl=1\" \/><\/a>\n\t\t\t<\/div>\n\t\t\t\t<figcaption class='wp-caption-text gallery-caption' id='gallery-2-5003'>\n\t\t\t\tFachada em arcos das B\u00f3lvedas\n\t\t\t\t<\/figcaption><\/figure><figure class='gallery-item'>\n\t\t\t<div class='gallery-icon landscape'>\n\t\t\t\t<a href='https:\/\/mundosemfim.com\/?attachment_id=5004'><img loading=\"lazy\" decoding=\"async\" width=\"300\" height=\"200\" src=\"https:\/\/i0.wp.com\/mundosemfim.com\/wp-content\/uploads\/2017\/02\/DSC_0045-2.jpg?fit=300%2C200&amp;ssl=1\" class=\"attachment-medium size-medium\" alt=\"\" aria-describedby=\"gallery-2-5004\" srcset=\"https:\/\/i0.wp.com\/mundosemfim.com\/wp-content\/uploads\/2017\/02\/DSC_0045-2.jpg?w=1000&amp;ssl=1 1000w, https:\/\/i0.wp.com\/mundosemfim.com\/wp-content\/uploads\/2017\/02\/DSC_0045-2.jpg?resize=300%2C200&amp;ssl=1 300w, https:\/\/i0.wp.com\/mundosemfim.com\/wp-content\/uploads\/2017\/02\/DSC_0045-2.jpg?resize=768%2C512&amp;ssl=1 768w\" sizes=\"auto, (max-width: 300px) 100vw, 300px\" data-attachment-id=\"5004\" data-permalink=\"https:\/\/mundosemfim.com\/?attachment_id=5004\" data-orig-file=\"https:\/\/i0.wp.com\/mundosemfim.com\/wp-content\/uploads\/2017\/02\/DSC_0045-2.jpg?fit=1000%2C667&amp;ssl=1\" data-orig-size=\"1000,667\" data-comments-opened=\"1\" data-image-meta=\"{&quot;aperture&quot;:&quot;0&quot;,&quot;credit&quot;:&quot;&quot;,&quot;camera&quot;:&quot;&quot;,&quot;caption&quot;:&quot;&quot;,&quot;created_timestamp&quot;:&quot;0&quot;,&quot;copyright&quot;:&quot;&quot;,&quot;focal_length&quot;:&quot;0&quot;,&quot;iso&quot;:&quot;0&quot;,&quot;shutter_speed&quot;:&quot;0&quot;,&quot;title&quot;:&quot;&quot;,&quot;orientation&quot;:&quot;0&quot;}\" data-image-title=\"Cartagena\" data-image-description=\"\" data-image-caption=\"&lt;p&gt;Las B\u00f3vedas, \u00f3timo lugar para comprar artesanatos.&lt;\/p&gt;\n\" data-large-file=\"https:\/\/i0.wp.com\/mundosemfim.com\/wp-content\/uploads\/2017\/02\/DSC_0045-2.jpg?fit=764%2C510&amp;ssl=1\" \/><\/a>\n\t\t\t<\/div>\n\t\t\t\t<figcaption class='wp-caption-text gallery-caption' id='gallery-2-5004'>\n\t\t\t\tLas B\u00f3vedas, \u00f3timo lugar para comprar artesanatos.\n\t\t\t\t<\/figcaption><\/figure>\n\t\t<\/div>\n\n<ul>\n<li><strong>Chiva Rumbera<\/strong><\/li>\n<\/ul>\n<p>Para quem quer festa, este pode ser um passeio bem bacana: as chivas rumberas s\u00e3o \u00f4nibus antigos, coloridos, com aquela cara t\u00edpica caribenha. Durante o dia oferecem city tours normais, mas pela noite saem fazendo festa e terminam em uma balada. O pre\u00e7o do passeio fica em torno de 60 mil, e inclui umas 4 ou 5 bebidas no caminho (n\u00e3o vimos nenhuma que fosse open bar). O pre\u00e7o tamb\u00e9m inclui a entrada na balada. Para ir embora \u00e9 preciso pegar um t\u00e1xi.<\/p>\n<figure id=\"attachment_5005\" aria-describedby=\"caption-attachment-5005\" style=\"width: 1000px\" class=\"wp-caption aligncenter\"><img data-recalc-dims=\"1\" loading=\"lazy\" decoding=\"async\" data-attachment-id=\"5005\" data-permalink=\"https:\/\/mundosemfim.com\/?attachment_id=5005\" data-orig-file=\"https:\/\/i0.wp.com\/mundosemfim.com\/wp-content\/uploads\/2017\/02\/P1220040.jpg?fit=1000%2C667&amp;ssl=1\" data-orig-size=\"1000,667\" data-comments-opened=\"1\" data-image-meta=\"{&quot;aperture&quot;:&quot;0&quot;,&quot;credit&quot;:&quot;&quot;,&quot;camera&quot;:&quot;&quot;,&quot;caption&quot;:&quot;&quot;,&quot;created_timestamp&quot;:&quot;0&quot;,&quot;copyright&quot;:&quot;&quot;,&quot;focal_length&quot;:&quot;0&quot;,&quot;iso&quot;:&quot;0&quot;,&quot;shutter_speed&quot;:&quot;0&quot;,&quot;title&quot;:&quot;&quot;,&quot;orientation&quot;:&quot;0&quot;}\" data-image-title=\"Cartagena\" data-image-description=\"\" data-image-caption=\"&lt;p&gt;A chiva rumbera&lt;\/p&gt;\n\" data-large-file=\"https:\/\/i0.wp.com\/mundosemfim.com\/wp-content\/uploads\/2017\/02\/P1220040.jpg?fit=764%2C510&amp;ssl=1\" class=\"wp-image-5005 size-full\" src=\"https:\/\/i0.wp.com\/mundosemfim.com\/wp-content\/uploads\/2017\/02\/P1220040.jpg?resize=764%2C510&#038;ssl=1\" alt=\"Chiva rumbera na noite de Cartagena\" width=\"764\" height=\"510\" srcset=\"https:\/\/i0.wp.com\/mundosemfim.com\/wp-content\/uploads\/2017\/02\/P1220040.jpg?w=1000&amp;ssl=1 1000w, https:\/\/i0.wp.com\/mundosemfim.com\/wp-content\/uploads\/2017\/02\/P1220040.jpg?resize=300%2C200&amp;ssl=1 300w, https:\/\/i0.wp.com\/mundosemfim.com\/wp-content\/uploads\/2017\/02\/P1220040.jpg?resize=768%2C512&amp;ssl=1 768w\" sizes=\"auto, (max-width: 764px) 100vw, 764px\" \/><figcaption id=\"caption-attachment-5005\" class=\"wp-caption-text\">A chiva rumbera<\/figcaption><\/figure>\n<ul>\n<li>\n<h4 align=\"LEFT\"><b>Praia de Bocagrande e Castillo Grande<\/b><\/h4>\n<\/li>\n<\/ul>\n<p align=\"LEFT\">As principais praias de Cartagena, onde est\u00e3o os maiores cassinos, restaurantes e hot\u00e9is de luxo. Apesar de todo o glamour, estas praias em si s\u00e3o bem decepcionantes: o mar \u00e9 feio, tudo \u00e9 caro e o ass\u00e9dio dos vendedores ambulantes e das massagistas chega a ser irritante.<\/p>\n<p align=\"LEFT\">D\u00e1 pra chegar l\u00e1 a partir do centro com um \u00f4nibus de linha, com t\u00e1xi ou com uma caminhada de uns 30 minutos.<\/p>\n<figure id=\"attachment_4965\" aria-describedby=\"caption-attachment-4965\" style=\"width: 1000px\" class=\"wp-caption aligncenter\"><img data-recalc-dims=\"1\" loading=\"lazy\" decoding=\"async\" data-attachment-id=\"4965\" data-permalink=\"https:\/\/mundosemfim.com\/?attachment_id=4965\" data-orig-file=\"https:\/\/i0.wp.com\/mundosemfim.com\/wp-content\/uploads\/2017\/01\/P1270004.jpg?fit=1000%2C667&amp;ssl=1\" data-orig-size=\"1000,667\" data-comments-opened=\"1\" data-image-meta=\"{&quot;aperture&quot;:&quot;0&quot;,&quot;credit&quot;:&quot;&quot;,&quot;camera&quot;:&quot;&quot;,&quot;caption&quot;:&quot;&quot;,&quot;created_timestamp&quot;:&quot;0&quot;,&quot;copyright&quot;:&quot;&quot;,&quot;focal_length&quot;:&quot;0&quot;,&quot;iso&quot;:&quot;0&quot;,&quot;shutter_speed&quot;:&quot;0&quot;,&quot;title&quot;:&quot;&quot;,&quot;orientation&quot;:&quot;0&quot;}\" data-image-title=\"Tierra Bomba\" data-image-description=\"\" data-image-caption=\"&lt;p&gt;Bela vista que se tem de Cartagena a partir de Tierra Bomba&lt;\/p&gt;\n\" data-large-file=\"https:\/\/i0.wp.com\/mundosemfim.com\/wp-content\/uploads\/2017\/01\/P1270004.jpg?fit=764%2C510&amp;ssl=1\" class=\"wp-image-4965 size-full\" src=\"https:\/\/i0.wp.com\/mundosemfim.com\/wp-content\/uploads\/2017\/01\/P1270004.jpg?resize=764%2C510&#038;ssl=1\" alt=\"Castillo Grande, Cartagena\" width=\"764\" height=\"510\" srcset=\"https:\/\/i0.wp.com\/mundosemfim.com\/wp-content\/uploads\/2017\/01\/P1270004.jpg?w=1000&amp;ssl=1 1000w, https:\/\/i0.wp.com\/mundosemfim.com\/wp-content\/uploads\/2017\/01\/P1270004.jpg?resize=300%2C200&amp;ssl=1 300w, https:\/\/i0.wp.com\/mundosemfim.com\/wp-content\/uploads\/2017\/01\/P1270004.jpg?resize=768%2C512&amp;ssl=1 768w\" sizes=\"auto, (max-width: 764px) 100vw, 764px\" \/><figcaption id=\"caption-attachment-4965\" class=\"wp-caption-text\">Praia de Castillo Grande &#8211; mais parece Miami que Cartagena<\/figcaption><\/figure>\n<ul>\n<li>\n<h4 align=\"LEFT\"><a href=\"https:\/\/mundosemfim.com\/visitando-a-ilha-de-tierra-bomba-uma-escapada-de-cartagena\/\"><b>Isla Tierra Bomba<\/b><\/a><\/h4>\n<\/li>\n<\/ul>\n<p align=\"LEFT\">Ainda n\u00e3o \u00e9 o que se espera do caribe, mas sem d\u00favidas \u00e9 uma op\u00e7\u00e3o muito melhor que Bocagrande. Se quiser curtir uma tarde na praia, pode pensar em dar um pulo por aqui. Os barcos saem de tr\u00e1s do Hospital Bocagrande, e a travessia custa 5 mil pesos.<\/p>\n<p align=\"LEFT\">Outra op\u00e7\u00e3o \u00e9 contratar um tour full-day com algum hotel de l\u00e1.<\/p>\n<figure id=\"attachment_4961\" aria-describedby=\"caption-attachment-4961\" style=\"width: 1000px\" class=\"wp-caption aligncenter\"><img data-recalc-dims=\"1\" loading=\"lazy\" decoding=\"async\" data-attachment-id=\"4961\" data-permalink=\"https:\/\/mundosemfim.com\/?attachment_id=4961\" data-orig-file=\"https:\/\/i0.wp.com\/mundosemfim.com\/wp-content\/uploads\/2017\/01\/DSC_0020-3.jpg?fit=1000%2C667&amp;ssl=1\" data-orig-size=\"1000,667\" data-comments-opened=\"1\" data-image-meta=\"{&quot;aperture&quot;:&quot;0&quot;,&quot;credit&quot;:&quot;&quot;,&quot;camera&quot;:&quot;&quot;,&quot;caption&quot;:&quot;&quot;,&quot;created_timestamp&quot;:&quot;0&quot;,&quot;copyright&quot;:&quot;&quot;,&quot;focal_length&quot;:&quot;0&quot;,&quot;iso&quot;:&quot;0&quot;,&quot;shutter_speed&quot;:&quot;0&quot;,&quot;title&quot;:&quot;&quot;,&quot;orientation&quot;:&quot;0&quot;}\" data-image-title=\"Tierra Bomba\" data-image-description=\"\" data-image-caption=\"&lt;p&gt;Curtindo a praia de Tierra Bomba&lt;\/p&gt;\n\" data-large-file=\"https:\/\/i0.wp.com\/mundosemfim.com\/wp-content\/uploads\/2017\/01\/DSC_0020-3.jpg?fit=764%2C510&amp;ssl=1\" class=\"wp-image-4961 size-full\" src=\"https:\/\/i0.wp.com\/mundosemfim.com\/wp-content\/uploads\/2017\/01\/DSC_0020-3.jpg?resize=764%2C510&#038;ssl=1\" alt=\"Ilha Tierra Bomba, pertinho de Cartagena\" width=\"764\" height=\"510\" srcset=\"https:\/\/i0.wp.com\/mundosemfim.com\/wp-content\/uploads\/2017\/01\/DSC_0020-3.jpg?w=1000&amp;ssl=1 1000w, https:\/\/i0.wp.com\/mundosemfim.com\/wp-content\/uploads\/2017\/01\/DSC_0020-3.jpg?resize=300%2C200&amp;ssl=1 300w, https:\/\/i0.wp.com\/mundosemfim.com\/wp-content\/uploads\/2017\/01\/DSC_0020-3.jpg?resize=768%2C512&amp;ssl=1 768w\" sizes=\"auto, (max-width: 764px) 100vw, 764px\" \/><figcaption id=\"caption-attachment-4961\" class=\"wp-caption-text\">Curtindo a praia de Tierra Bomba<\/figcaption><\/figure>\n<p align=\"LEFT\">Contamos com detalhes como foi nossa experi\u00eancia nesta ilha <a href=\"https:\/\/mundosemfim.com\/visitando-a-ilha-de-tierra-bomba-uma-escapada-de-cartagena\/\"><b>aqui<\/b><\/a>.<\/p>\n<ul>\n<li>\n<h4 align=\"LEFT\"><a href=\"https:\/\/mundosemfim.com\/visitando-e-acampando-na-playa-blanca-ilha-baru-da-forma-mais-economica-possivel\/\"><b>Playa Blanca<\/b><\/a><\/h4>\n<\/li>\n<\/ul>\n<p align=\"LEFT\">Sem d\u00favidas a praia mais bonita da regi\u00e3o, e possivelmente a mais bonita da Col\u00f4mbia depois das de San Andr\u00e9s. Playa Blanca oferece tudo o que voc\u00ea espera do Caribe de verdade: \u00e1gua azul turquesa e areia branca. Sem d\u00favidas \u00e9 um passeio imperd\u00edvel para quem est\u00e1 em Cartagena.<\/p>\n<p align=\"LEFT\">Apesar de ser um destino paradis\u00edaco, mesmo os mochileiros em economia de guerra podem visit\u00e1-la sem problemas.<\/p>\n<figure id=\"attachment_4955\" aria-describedby=\"caption-attachment-4955\" style=\"width: 1000px\" class=\"wp-caption aligncenter\"><img data-recalc-dims=\"1\" loading=\"lazy\" decoding=\"async\" data-attachment-id=\"4955\" data-permalink=\"https:\/\/mundosemfim.com\/?attachment_id=4955\" data-orig-file=\"https:\/\/i0.wp.com\/mundosemfim.com\/wp-content\/uploads\/2017\/01\/DSC_0065.jpg?fit=1000%2C667&amp;ssl=1\" data-orig-size=\"1000,667\" data-comments-opened=\"1\" data-image-meta=\"{&quot;aperture&quot;:&quot;0&quot;,&quot;credit&quot;:&quot;&quot;,&quot;camera&quot;:&quot;&quot;,&quot;caption&quot;:&quot;&quot;,&quot;created_timestamp&quot;:&quot;0&quot;,&quot;copyright&quot;:&quot;&quot;,&quot;focal_length&quot;:&quot;0&quot;,&quot;iso&quot;:&quot;0&quot;,&quot;shutter_speed&quot;:&quot;0&quot;,&quot;title&quot;:&quot;&quot;,&quot;orientation&quot;:&quot;0&quot;}\" data-image-title=\"Playa Blanca\" data-image-description=\"\" data-image-caption=\"&lt;p&gt;Todas as hospedagens na Playa Blanca s\u00e3o literalmente de frente para o mar!&lt;\/p&gt;\n\" data-large-file=\"https:\/\/i0.wp.com\/mundosemfim.com\/wp-content\/uploads\/2017\/01\/DSC_0065.jpg?fit=764%2C510&amp;ssl=1\" class=\"wp-image-4955 size-full\" src=\"https:\/\/i0.wp.com\/mundosemfim.com\/wp-content\/uploads\/2017\/01\/DSC_0065.jpg?resize=764%2C510&#038;ssl=1\" alt=\"Playa Blanca\" width=\"764\" height=\"510\" srcset=\"https:\/\/i0.wp.com\/mundosemfim.com\/wp-content\/uploads\/2017\/01\/DSC_0065.jpg?w=1000&amp;ssl=1 1000w, https:\/\/i0.wp.com\/mundosemfim.com\/wp-content\/uploads\/2017\/01\/DSC_0065.jpg?resize=300%2C200&amp;ssl=1 300w, https:\/\/i0.wp.com\/mundosemfim.com\/wp-content\/uploads\/2017\/01\/DSC_0065.jpg?resize=768%2C512&amp;ssl=1 768w\" sizes=\"auto, (max-width: 764px) 100vw, 764px\" \/><figcaption id=\"caption-attachment-4955\" class=\"wp-caption-text\">Bel\u00edssima praia de Playa Blanca<\/figcaption><\/figure>\n<p align=\"LEFT\">Se quiser ir com a comodidade de um tour, leia nosso resumo <a href=\"https:\/\/mundosemfim.com\/tour-de-cartagena-a-playa-blanca-uma-das-mais-belas-praias-do-caribe-colombiano\/\"><b>aqui<\/b><\/a>.<\/p>\n<p align=\"LEFT\">Se quiser ir da forma mais econ\u00f4mica (e at\u00e9 acampar gratuitamente por l\u00e1), leia nossas dicas <a href=\"https:\/\/mundosemfim.com\/visitando-e-acampando-na-playa-blanca-ilha-baru-da-forma-mais-economica-possivel\/\"><b>aqui<\/b><\/a>.<\/p>\n<ul>\n<li>\n<h4 align=\"LEFT\"><a href=\"https:\/\/mundosemfim.com\/banho-de-lama-no-vulcao-el-totumo-um-passeio-diferente-em-cartagena\/\"><b>Vulc\u00e3o El Totumo<\/b><\/a><\/h4>\n<\/li>\n<\/ul>\n<p align=\"LEFT\">J\u00e1 imaginou subir at\u00e9 a cratera de um vulc\u00e3o e saltar em seu interior? Pois no El Totumo isso \u00e9 poss\u00edvel!<\/p>\n<p align=\"LEFT\">Este destino ainda \u00e9 pouco conhecido pelos turistas, mas todos os que v\u00e3o se encantam. O interior do vulc\u00e3o \u00e9 composto por lama (com poderes medicinais, segundo dizem), com uma profundidade que supera os mil metros. Ainda assim, a lama \u00e9 t\u00e3o densa que voc\u00ea n\u00e3o consegue afundar.<\/p>\n<figure id=\"attachment_4930\" aria-describedby=\"caption-attachment-4930\" style=\"width: 1000px\" class=\"wp-caption aligncenter\"><img data-recalc-dims=\"1\" loading=\"lazy\" decoding=\"async\" data-attachment-id=\"4930\" data-permalink=\"https:\/\/mundosemfim.com\/?attachment_id=4930\" data-orig-file=\"https:\/\/i0.wp.com\/mundosemfim.com\/wp-content\/uploads\/2017\/01\/P1240020.jpg?fit=1000%2C667&amp;ssl=1\" data-orig-size=\"1000,667\" data-comments-opened=\"1\" data-image-meta=\"{&quot;aperture&quot;:&quot;0&quot;,&quot;credit&quot;:&quot;&quot;,&quot;camera&quot;:&quot;&quot;,&quot;caption&quot;:&quot;&quot;,&quot;created_timestamp&quot;:&quot;1485540912&quot;,&quot;copyright&quot;:&quot;&quot;,&quot;focal_length&quot;:&quot;0&quot;,&quot;iso&quot;:&quot;0&quot;,&quot;shutter_speed&quot;:&quot;0&quot;,&quot;title&quot;:&quot;&quot;,&quot;orientation&quot;:&quot;1&quot;}\" data-image-title=\"El Totumo\" data-image-description=\"\" data-image-caption=\"&lt;p&gt;Flutuando na lama!&lt;\/p&gt;\n\" data-large-file=\"https:\/\/i0.wp.com\/mundosemfim.com\/wp-content\/uploads\/2017\/01\/P1240020.jpg?fit=764%2C510&amp;ssl=1\" class=\"wp-image-4930 size-full\" src=\"https:\/\/i0.wp.com\/mundosemfim.com\/wp-content\/uploads\/2017\/01\/P1240020.jpg?resize=764%2C510&#038;ssl=1\" alt=\"Banho de lama no vulc\u00e3o El Totumo\" width=\"764\" height=\"510\" srcset=\"https:\/\/i0.wp.com\/mundosemfim.com\/wp-content\/uploads\/2017\/01\/P1240020.jpg?w=1000&amp;ssl=1 1000w, https:\/\/i0.wp.com\/mundosemfim.com\/wp-content\/uploads\/2017\/01\/P1240020.jpg?resize=300%2C200&amp;ssl=1 300w, https:\/\/i0.wp.com\/mundosemfim.com\/wp-content\/uploads\/2017\/01\/P1240020.jpg?resize=768%2C512&amp;ssl=1 768w\" sizes=\"auto, (max-width: 764px) 100vw, 764px\" \/><figcaption id=\"caption-attachment-4930\" class=\"wp-caption-text\">Flutuando na lama do vulc\u00e3o El Totumo<\/figcaption><\/figure>\n<p align=\"LEFT\">Leia tudo sobre este tour divertid\u00edssimo <a href=\"https:\/\/mundosemfim.com\/banho-de-lama-no-vulcao-el-totumo-um-passeio-diferente-em-cartagena\/\"><b>aqui<\/b><\/a>.<\/p>\n<p align=\"LEFT\">Se estiver viajando pela costa colombiana, outros lugares que merecem a visita s\u00e3o a cidade de <a href=\"https:\/\/mundosemfim.com\/conhecendo-santa-marta-na-colombia-uma-alternativa-a-cartagena\/\">Santa Marta<\/a>, com sua importante hist\u00f3ria e suas belas praias, e a praia hippie de <a href=\"https:\/\/mundosemfim.com\/visitando-palomino-a-bela-praia-hippie-no-caribe-colombiano\/\">Palomino<\/a>, onde voc\u00ea poder\u00e1 acampar e curtir as coisas simples da vida.<\/p>\n<div data-carousel-extra='{&quot;blog_id&quot;:1,&quot;permalink&quot;:&quot;https:\/\/mundosemfim.com\/?p=4987&quot;}' id='gallery-3' class='gallery galleryid-4987 gallery-columns-2 gallery-size-medium'><figure class='gallery-item'>\n\t\t\t<div class='gallery-icon landscape'>\n\t\t\t\t<a href='https:\/\/mundosemfim.com\/?attachment_id=4877'><img loading=\"lazy\" decoding=\"async\" width=\"300\" height=\"200\" src=\"https:\/\/i0.wp.com\/mundosemfim.com\/wp-content\/uploads\/2017\/01\/DSC_0020-1.jpg?fit=300%2C200&amp;ssl=1\" class=\"attachment-medium size-medium\" alt=\"\" aria-describedby=\"gallery-3-4877\" srcset=\"https:\/\/i0.wp.com\/mundosemfim.com\/wp-content\/uploads\/2017\/01\/DSC_0020-1.jpg?w=1000&amp;ssl=1 1000w, https:\/\/i0.wp.com\/mundosemfim.com\/wp-content\/uploads\/2017\/01\/DSC_0020-1.jpg?resize=300%2C200&amp;ssl=1 300w, https:\/\/i0.wp.com\/mundosemfim.com\/wp-content\/uploads\/2017\/01\/DSC_0020-1.jpg?resize=768%2C512&amp;ssl=1 768w\" sizes=\"auto, (max-width: 300px) 100vw, 300px\" data-attachment-id=\"4877\" data-permalink=\"https:\/\/mundosemfim.com\/?attachment_id=4877\" data-orig-file=\"https:\/\/i0.wp.com\/mundosemfim.com\/wp-content\/uploads\/2017\/01\/DSC_0020-1.jpg?fit=1000%2C667&amp;ssl=1\" data-orig-size=\"1000,667\" data-comments-opened=\"1\" data-image-meta=\"{&quot;aperture&quot;:&quot;0&quot;,&quot;credit&quot;:&quot;&quot;,&quot;camera&quot;:&quot;&quot;,&quot;caption&quot;:&quot;&quot;,&quot;created_timestamp&quot;:&quot;0&quot;,&quot;copyright&quot;:&quot;&quot;,&quot;focal_length&quot;:&quot;0&quot;,&quot;iso&quot;:&quot;0&quot;,&quot;shutter_speed&quot;:&quot;0&quot;,&quot;title&quot;:&quot;&quot;,&quot;orientation&quot;:&quot;0&quot;}\" data-image-title=\"Taganga\" data-image-description=\"\" data-image-caption=\"&lt;p&gt;Uma das praias de Santa Marta&lt;\/p&gt;\n\" data-large-file=\"https:\/\/i0.wp.com\/mundosemfim.com\/wp-content\/uploads\/2017\/01\/DSC_0020-1.jpg?fit=764%2C510&amp;ssl=1\" \/><\/a>\n\t\t\t<\/div>\n\t\t\t\t<figcaption class='wp-caption-text gallery-caption' id='gallery-3-4877'>\n\t\t\t\tUma das praias de Santa Marta\n\t\t\t\t<\/figcaption><\/figure><figure class='gallery-item'>\n\t\t\t<div class='gallery-icon landscape'>\n\t\t\t\t<a href='https:\/\/mundosemfim.com\/?attachment_id=4850'><img loading=\"lazy\" decoding=\"async\" width=\"300\" height=\"200\" src=\"https:\/\/i0.wp.com\/mundosemfim.com\/wp-content\/uploads\/2017\/01\/DSC_0004.jpg?fit=300%2C200&amp;ssl=1\" class=\"attachment-medium size-medium\" alt=\"\" aria-describedby=\"gallery-3-4850\" srcset=\"https:\/\/i0.wp.com\/mundosemfim.com\/wp-content\/uploads\/2017\/01\/DSC_0004.jpg?w=1000&amp;ssl=1 1000w, https:\/\/i0.wp.com\/mundosemfim.com\/wp-content\/uploads\/2017\/01\/DSC_0004.jpg?resize=300%2C200&amp;ssl=1 300w, https:\/\/i0.wp.com\/mundosemfim.com\/wp-content\/uploads\/2017\/01\/DSC_0004.jpg?resize=768%2C512&amp;ssl=1 768w\" sizes=\"auto, (max-width: 300px) 100vw, 300px\" data-attachment-id=\"4850\" data-permalink=\"https:\/\/mundosemfim.com\/?attachment_id=4850\" data-orig-file=\"https:\/\/i0.wp.com\/mundosemfim.com\/wp-content\/uploads\/2017\/01\/DSC_0004.jpg?fit=1000%2C667&amp;ssl=1\" data-orig-size=\"1000,667\" data-comments-opened=\"1\" data-image-meta=\"{&quot;aperture&quot;:&quot;0&quot;,&quot;credit&quot;:&quot;&quot;,&quot;camera&quot;:&quot;&quot;,&quot;caption&quot;:&quot;&quot;,&quot;created_timestamp&quot;:&quot;1484580164&quot;,&quot;copyright&quot;:&quot;&quot;,&quot;focal_length&quot;:&quot;0&quot;,&quot;iso&quot;:&quot;0&quot;,&quot;shutter_speed&quot;:&quot;0&quot;,&quot;title&quot;:&quot;&quot;,&quot;orientation&quot;:&quot;1&quot;}\" data-image-title=\"Palomino\" data-image-description=\"\" data-image-caption=\"&lt;p&gt;Menino correndo pela praia de Palomino&lt;\/p&gt;\n\" data-large-file=\"https:\/\/i0.wp.com\/mundosemfim.com\/wp-content\/uploads\/2017\/01\/DSC_0004.jpg?fit=764%2C510&amp;ssl=1\" \/><\/a>\n\t\t\t<\/div>\n\t\t\t\t<figcaption class='wp-caption-text gallery-caption' id='gallery-3-4850'>\n\t\t\t\tMenino correndo pela praia de Palomino\n\t\t\t\t<\/figcaption><\/figure>\n\t\t<\/div>\n\n<p align=\"LEFT\">Leia nossos posts sobre estes lugares aqui:<\/p>\n<ul>\n<li><a href=\"https:\/\/mundosemfim.com\/conhecendo-santa-marta-na-colombia-uma-alternativa-a-cartagena\/\">Conhecendo Santa Marta<\/a><\/li>\n<li><a href=\"https:\/\/mundosemfim.com\/visitando-palomino-a-bela-praia-hippie-no-caribe-colombiano\/\">Visitando Palomino &#8211; a bela praia hippie no caribe colombiano<\/a><\/li>\n<\/ul>\n<figure id=\"attachment_5007\" aria-describedby=\"caption-attachment-5007\" style=\"width: 1000px\" class=\"wp-caption aligncenter\"><img data-recalc-dims=\"1\" loading=\"lazy\" decoding=\"async\" data-attachment-id=\"5007\" data-permalink=\"https:\/\/mundosemfim.com\/?attachment_id=5007\" data-orig-file=\"https:\/\/i0.wp.com\/mundosemfim.com\/wp-content\/uploads\/2017\/02\/DSC_0172.jpg?fit=1000%2C667&amp;ssl=1\" data-orig-size=\"1000,667\" data-comments-opened=\"1\" data-image-meta=\"{&quot;aperture&quot;:&quot;0&quot;,&quot;credit&quot;:&quot;&quot;,&quot;camera&quot;:&quot;&quot;,&quot;caption&quot;:&quot;&quot;,&quot;created_timestamp&quot;:&quot;0&quot;,&quot;copyright&quot;:&quot;&quot;,&quot;focal_length&quot;:&quot;0&quot;,&quot;iso&quot;:&quot;0&quot;,&quot;shutter_speed&quot;:&quot;0&quot;,&quot;title&quot;:&quot;&quot;,&quot;orientation&quot;:&quot;0&quot;}\" data-image-title=\"Cartagena\" data-image-description=\"\" data-image-caption=\"&lt;p&gt;Mucuvinha na Torre do Rel\u00f3gio em Cartagena&lt;\/p&gt;\n\" data-large-file=\"https:\/\/i0.wp.com\/mundosemfim.com\/wp-content\/uploads\/2017\/02\/DSC_0172.jpg?fit=764%2C510&amp;ssl=1\" class=\"wp-image-5007 size-full\" src=\"https:\/\/i0.wp.com\/mundosemfim.com\/wp-content\/uploads\/2017\/02\/DSC_0172.jpg?resize=764%2C510&#038;ssl=1\" alt=\"Mucuvinha em Cartagena\" width=\"764\" height=\"510\" srcset=\"https:\/\/i0.wp.com\/mundosemfim.com\/wp-content\/uploads\/2017\/02\/DSC_0172.jpg?w=1000&amp;ssl=1 1000w, https:\/\/i0.wp.com\/mundosemfim.com\/wp-content\/uploads\/2017\/02\/DSC_0172.jpg?resize=300%2C200&amp;ssl=1 300w, https:\/\/i0.wp.com\/mundosemfim.com\/wp-content\/uploads\/2017\/02\/DSC_0172.jpg?resize=768%2C512&amp;ssl=1 768w\" sizes=\"auto, (max-width: 764px) 100vw, 764px\" \/><figcaption id=\"caption-attachment-5007\" class=\"wp-caption-text\">Mucuvinha na Torre do Rel\u00f3gio em Cartagena<\/figcaption><\/figure>\n<p align=\"LEFT\">\u00c9 isso pessoal! Espero que com essas dicas possam aproveitar ao m\u00e1ximo este destino incr\u00edvel!<\/p>\n<p>Para mais dicas bacanas e acompanhar nossa viagem pelo mundo, curta nossas redes sociais:<\/p>\n<ul>\n<li><a href=\"https:\/\/www.youtube.com\/c\/MundoSemFim\/?sub_confirmation=1\"><strong>YouTube<\/strong><\/a><\/li>\n<li><a href=\"http:\/\/www.facebook.com\/mundosemfimoficial\"><strong>Facebook<\/strong><\/a><\/li>\n<li><strong>insta: @mundosf<\/strong><\/li>\n<\/ul>\n","protected":false},"excerpt":{"rendered":"<p>Cartagena das \u00cdndias \u00e9 um dos destinos tur\u00edsticos mais populares da Col\u00f4mbia, e isso n\u00e3o \u00e9 por acaso: sua bela cidade colonial, suas imensas fortifica\u00e7\u00f5es e a bel\u00edssima Playa Blanca a tornam um destino perfeito para qualquer tipo de viajante!<\/p>\n","protected":false},"author":1,"featured_media":4995,"comment_status":"open","ping_status":"open","sticky":false,"template":"","format":"standard","meta":{"jetpack_post_was_ever_published":false,"_jetpack_newsletter_access":"","_jetpack_dont_email_post_to_subs":true,"_jetpack_newsletter_tier_id":0,"_jetpack_memberships_contains_paywalled_content":false,"_jetpack_memberships_contains_paid_content":false,"footnotes":"","jetpack_publicize_message":"","jetpack_publicize_feature_enabled":true,"jetpack_social_post_already_shared":true,"jetpack_social_options":{"image_generator_settings":{"template":"highway","default_image_id":0,"font":"","enabled":false},"version":2}},"categories":[6,7,362,16,313,320,237,61],"tags":[],"class_list":["post-4987","post","type-post","status-publish","format-standard","has-post-thumbnail","hentry","category-america-do-sul","category-america-latina","category-cartagena","category-cidade","category-colombia","category-colonial","category-patrimonios-e-maravilhas","category-unesco"],"yoast_head":"<!-- This site is optimized with the Yoast SEO plugin v27.5 - https:\/\/yoast.com\/product\/yoast-seo-wordpress\/ -->\n<title>Cartagena das \u00cdndias \u2013 pre\u00e7os, dicas, o que fazer, como economizar, etc - Mundo Sem Fim<\/title>\n<meta name=\"robots\" content=\"index, follow, max-snippet:-1, max-image-preview:large, max-video-preview:-1\" \/>\n<link rel=\"canonical\" href=\"https:\/\/mundosemfim.com\/?p=4987\" \/>\n<meta property=\"og:locale\" content=\"pt_BR\" \/>\n<meta property=\"og:type\" content=\"article\" \/>\n<meta property=\"og:title\" content=\"Cartagena das \u00cdndias \u2013 pre\u00e7os, dicas, o que fazer, como economizar, etc - Mundo Sem Fim\" \/>\n<meta property=\"og:description\" content=\"Cartagena das \u00cdndias \u00e9 um dos destinos tur\u00edsticos mais populares da Col\u00f4mbia, e isso n\u00e3o \u00e9 por acaso: sua bela cidade colonial, suas imensas fortifica\u00e7\u00f5es e a bel\u00edssima Playa Blanca a tornam um destino perfeito para qualquer tipo de viajante!\" \/>\n<meta property=\"og:url\" content=\"https:\/\/mundosemfim.com\/?p=4987\" \/>\n<meta property=\"og:site_name\" content=\"Mundo Sem Fim\" \/>\n<meta property=\"article:publisher\" content=\"http:\/\/www.facebook.com\/mundosemfimoficial\" \/>\n<meta property=\"article:published_time\" content=\"2017-02-03T04:48:35+00:00\" \/>\n<meta property=\"article:modified_time\" content=\"2019-05-22T02:55:28+00:00\" \/>\n<meta property=\"og:image\" content=\"https:\/\/i0.wp.com\/mundosemfim.com\/wp-content\/uploads\/2017\/02\/DSC_0046.jpg?fit=1000%2C667&ssl=1\" \/>\n\t<meta property=\"og:image:width\" content=\"1000\" \/>\n\t<meta property=\"og:image:height\" content=\"667\" \/>\n\t<meta property=\"og:image:type\" content=\"image\/jpeg\" \/>\n<meta name=\"author\" content=\"Renan\" \/>\n<meta name=\"twitter:card\" content=\"summary_large_image\" \/>\n<meta name=\"twitter:label1\" content=\"Escrito por\" \/>\n\t<meta name=\"twitter:data1\" content=\"Renan\" \/>\n\t<meta name=\"twitter:label2\" content=\"Est. tempo de leitura\" \/>\n\t<meta name=\"twitter:data2\" content=\"14 minutos\" \/>\n<script type=\"application\/ld+json\" class=\"yoast-schema-graph\">{\"@context\":\"https:\\\/\\\/schema.org\",\"@graph\":[{\"@type\":\"Article\",\"@id\":\"https:\\\/\\\/mundosemfim.com\\\/?p=4987#article\",\"isPartOf\":{\"@id\":\"https:\\\/\\\/mundosemfim.com\\\/?p=4987\"},\"author\":{\"name\":\"Renan\",\"@id\":\"https:\\\/\\\/mundosemfim.com\\\/#\\\/schema\\\/person\\\/b021d50f3a19bae432e9b69ffbfa9257\"},\"headline\":\"Cartagena das \u00cdndias \u2013 pre\u00e7os, dicas, o que fazer, como economizar, etc\",\"datePublished\":\"2017-02-03T04:48:35+00:00\",\"dateModified\":\"2019-05-22T02:55:28+00:00\",\"mainEntityOfPage\":{\"@id\":\"https:\\\/\\\/mundosemfim.com\\\/?p=4987\"},\"wordCount\":2829,\"commentCount\":30,\"image\":{\"@id\":\"https:\\\/\\\/mundosemfim.com\\\/?p=4987#primaryimage\"},\"thumbnailUrl\":\"https:\\\/\\\/i0.wp.com\\\/mundosemfim.com\\\/wp-content\\\/uploads\\\/2017\\\/02\\\/DSC_0046.jpg?fit=1000%2C667&ssl=1\",\"articleSection\":[\"Am\u00e9rica do Sul\",\"am\u00e9rica latina\",\"Cartagena\",\"cidade\",\"Col\u00f4mbia\",\"colonial\",\"Patrim\u00f4nios e Maravilhas\",\"unesco\"],\"inLanguage\":\"pt-BR\",\"potentialAction\":[{\"@type\":\"CommentAction\",\"name\":\"Comment\",\"target\":[\"https:\\\/\\\/mundosemfim.com\\\/?p=4987#respond\"]}]},{\"@type\":\"WebPage\",\"@id\":\"https:\\\/\\\/mundosemfim.com\\\/?p=4987\",\"url\":\"https:\\\/\\\/mundosemfim.com\\\/?p=4987\",\"name\":\"Cartagena das \u00cdndias \u2013 pre\u00e7os, dicas, o que fazer, como economizar, etc - Mundo Sem Fim\",\"isPartOf\":{\"@id\":\"https:\\\/\\\/mundosemfim.com\\\/#website\"},\"primaryImageOfPage\":{\"@id\":\"https:\\\/\\\/mundosemfim.com\\\/?p=4987#primaryimage\"},\"image\":{\"@id\":\"https:\\\/\\\/mundosemfim.com\\\/?p=4987#primaryimage\"},\"thumbnailUrl\":\"https:\\\/\\\/i0.wp.com\\\/mundosemfim.com\\\/wp-content\\\/uploads\\\/2017\\\/02\\\/DSC_0046.jpg?fit=1000%2C667&ssl=1\",\"datePublished\":\"2017-02-03T04:48:35+00:00\",\"dateModified\":\"2019-05-22T02:55:28+00:00\",\"author\":{\"@id\":\"https:\\\/\\\/mundosemfim.com\\\/#\\\/schema\\\/person\\\/b021d50f3a19bae432e9b69ffbfa9257\"},\"breadcrumb\":{\"@id\":\"https:\\\/\\\/mundosemfim.com\\\/?p=4987#breadcrumb\"},\"inLanguage\":\"pt-BR\",\"potentialAction\":[{\"@type\":\"ReadAction\",\"target\":[\"https:\\\/\\\/mundosemfim.com\\\/?p=4987\"]}]},{\"@type\":\"ImageObject\",\"inLanguage\":\"pt-BR\",\"@id\":\"https:\\\/\\\/mundosemfim.com\\\/?p=4987#primaryimage\",\"url\":\"https:\\\/\\\/i0.wp.com\\\/mundosemfim.com\\\/wp-content\\\/uploads\\\/2017\\\/02\\\/DSC_0046.jpg?fit=1000%2C667&ssl=1\",\"contentUrl\":\"https:\\\/\\\/i0.wp.com\\\/mundosemfim.com\\\/wp-content\\\/uploads\\\/2017\\\/02\\\/DSC_0046.jpg?fit=1000%2C667&ssl=1\",\"width\":1000,\"height\":667,\"caption\":\"A colorida Cartagena\"},{\"@type\":\"BreadcrumbList\",\"@id\":\"https:\\\/\\\/mundosemfim.com\\\/?p=4987#breadcrumb\",\"itemListElement\":[{\"@type\":\"ListItem\",\"position\":1,\"name\":\"In\u00edcio\",\"item\":\"https:\\\/\\\/mundosemfim.com\\\/\"},{\"@type\":\"ListItem\",\"position\":2,\"name\":\"Cartagena das \u00cdndias \u2013 pre\u00e7os, dicas, o que fazer, como economizar, etc\"}]},{\"@type\":\"WebSite\",\"@id\":\"https:\\\/\\\/mundosemfim.com\\\/#website\",\"url\":\"https:\\\/\\\/mundosemfim.com\\\/\",\"name\":\"Mundo Sem Fim\",\"description\":\"uma viagem de volta ao mundo pelos 5 continentes!\",\"potentialAction\":[{\"@type\":\"SearchAction\",\"target\":{\"@type\":\"EntryPoint\",\"urlTemplate\":\"https:\\\/\\\/mundosemfim.com\\\/?s={search_term_string}\"},\"query-input\":{\"@type\":\"PropertyValueSpecification\",\"valueRequired\":true,\"valueName\":\"search_term_string\"}}],\"inLanguage\":\"pt-BR\"},{\"@type\":\"Person\",\"@id\":\"https:\\\/\\\/mundosemfim.com\\\/#\\\/schema\\\/person\\\/b021d50f3a19bae432e9b69ffbfa9257\",\"name\":\"Renan\",\"image\":{\"@type\":\"ImageObject\",\"inLanguage\":\"pt-BR\",\"@id\":\"https:\\\/\\\/secure.gravatar.com\\\/avatar\\\/faafca769a603ac75196d21826f3bda645d7e2d6306bb6e236d8cdb38eb44e38?s=96&d=mm&r=g\",\"url\":\"https:\\\/\\\/secure.gravatar.com\\\/avatar\\\/faafca769a603ac75196d21826f3bda645d7e2d6306bb6e236d8cdb38eb44e38?s=96&d=mm&r=g\",\"contentUrl\":\"https:\\\/\\\/secure.gravatar.com\\\/avatar\\\/faafca769a603ac75196d21826f3bda645d7e2d6306bb6e236d8cdb38eb44e38?s=96&d=mm&r=g\",\"caption\":\"Renan\"}}]}<\/script>\n<!-- \/ Yoast SEO plugin. -->","yoast_head_json":{"title":"Cartagena das \u00cdndias \u2013 pre\u00e7os, dicas, o que fazer, como economizar, etc - Mundo Sem Fim","robots":{"index":"index","follow":"follow","max-snippet":"max-snippet:-1","max-image-preview":"max-image-preview:large","max-video-preview":"max-video-preview:-1"},"canonical":"https:\/\/mundosemfim.com\/?p=4987","og_locale":"pt_BR","og_type":"article","og_title":"Cartagena das \u00cdndias \u2013 pre\u00e7os, dicas, o que fazer, como economizar, etc - Mundo Sem Fim","og_description":"Cartagena das \u00cdndias \u00e9 um dos destinos tur\u00edsticos mais populares da Col\u00f4mbia, e isso n\u00e3o \u00e9 por acaso: sua bela cidade colonial, suas imensas fortifica\u00e7\u00f5es e a bel\u00edssima Playa Blanca a tornam um destino perfeito para qualquer tipo de viajante!","og_url":"https:\/\/mundosemfim.com\/?p=4987","og_site_name":"Mundo Sem Fim","article_publisher":"http:\/\/www.facebook.com\/mundosemfimoficial","article_published_time":"2017-02-03T04:48:35+00:00","article_modified_time":"2019-05-22T02:55:28+00:00","og_image":[{"width":1000,"height":667,"url":"https:\/\/i0.wp.com\/mundosemfim.com\/wp-content\/uploads\/2017\/02\/DSC_0046.jpg?fit=1000%2C667&ssl=1","type":"image\/jpeg"}],"author":"Renan","twitter_card":"summary_large_image","twitter_misc":{"Escrito por":"Renan","Est. tempo de leitura":"14 minutos"},"schema":{"@context":"https:\/\/schema.org","@graph":[{"@type":"Article","@id":"https:\/\/mundosemfim.com\/?p=4987#article","isPartOf":{"@id":"https:\/\/mundosemfim.com\/?p=4987"},"author":{"name":"Renan","@id":"https:\/\/mundosemfim.com\/#\/schema\/person\/b021d50f3a19bae432e9b69ffbfa9257"},"headline":"Cartagena das \u00cdndias \u2013 pre\u00e7os, dicas, o que fazer, como economizar, etc","datePublished":"2017-02-03T04:48:35+00:00","dateModified":"2019-05-22T02:55:28+00:00","mainEntityOfPage":{"@id":"https:\/\/mundosemfim.com\/?p=4987"},"wordCount":2829,"commentCount":30,"image":{"@id":"https:\/\/mundosemfim.com\/?p=4987#primaryimage"},"thumbnailUrl":"https:\/\/i0.wp.com\/mundosemfim.com\/wp-content\/uploads\/2017\/02\/DSC_0046.jpg?fit=1000%2C667&ssl=1","articleSection":["Am\u00e9rica do Sul","am\u00e9rica latina","Cartagena","cidade","Col\u00f4mbia","colonial","Patrim\u00f4nios e Maravilhas","unesco"],"inLanguage":"pt-BR","potentialAction":[{"@type":"CommentAction","name":"Comment","target":["https:\/\/mundosemfim.com\/?p=4987#respond"]}]},{"@type":"WebPage","@id":"https:\/\/mundosemfim.com\/?p=4987","url":"https:\/\/mundosemfim.com\/?p=4987","name":"Cartagena das \u00cdndias \u2013 pre\u00e7os, dicas, o que fazer, como economizar, etc - Mundo Sem Fim","isPartOf":{"@id":"https:\/\/mundosemfim.com\/#website"},"primaryImageOfPage":{"@id":"https:\/\/mundosemfim.com\/?p=4987#primaryimage"},"image":{"@id":"https:\/\/mundosemfim.com\/?p=4987#primaryimage"},"thumbnailUrl":"https:\/\/i0.wp.com\/mundosemfim.com\/wp-content\/uploads\/2017\/02\/DSC_0046.jpg?fit=1000%2C667&ssl=1","datePublished":"2017-02-03T04:48:35+00:00","dateModified":"2019-05-22T02:55:28+00:00","author":{"@id":"https:\/\/mundosemfim.com\/#\/schema\/person\/b021d50f3a19bae432e9b69ffbfa9257"},"breadcrumb":{"@id":"https:\/\/mundosemfim.com\/?p=4987#breadcrumb"},"inLanguage":"pt-BR","potentialAction":[{"@type":"ReadAction","target":["https:\/\/mundosemfim.com\/?p=4987"]}]},{"@type":"ImageObject","inLanguage":"pt-BR","@id":"https:\/\/mundosemfim.com\/?p=4987#primaryimage","url":"https:\/\/i0.wp.com\/mundosemfim.com\/wp-content\/uploads\/2017\/02\/DSC_0046.jpg?fit=1000%2C667&ssl=1","contentUrl":"https:\/\/i0.wp.com\/mundosemfim.com\/wp-content\/uploads\/2017\/02\/DSC_0046.jpg?fit=1000%2C667&ssl=1","width":1000,"height":667,"caption":"A colorida Cartagena"},{"@type":"BreadcrumbList","@id":"https:\/\/mundosemfim.com\/?p=4987#breadcrumb","itemListElement":[{"@type":"ListItem","position":1,"name":"In\u00edcio","item":"https:\/\/mundosemfim.com\/"},{"@type":"ListItem","position":2,"name":"Cartagena das \u00cdndias \u2013 pre\u00e7os, dicas, o que fazer, como economizar, etc"}]},{"@type":"WebSite","@id":"https:\/\/mundosemfim.com\/#website","url":"https:\/\/mundosemfim.com\/","name":"Mundo Sem Fim","description":"uma viagem de volta ao mundo pelos 5 continentes!","potentialAction":[{"@type":"SearchAction","target":{"@type":"EntryPoint","urlTemplate":"https:\/\/mundosemfim.com\/?s={search_term_string}"},"query-input":{"@type":"PropertyValueSpecification","valueRequired":true,"valueName":"search_term_string"}}],"inLanguage":"pt-BR"},{"@type":"Person","@id":"https:\/\/mundosemfim.com\/#\/schema\/person\/b021d50f3a19bae432e9b69ffbfa9257","name":"Renan","image":{"@type":"ImageObject","inLanguage":"pt-BR","@id":"https:\/\/secure.gravatar.com\/avatar\/faafca769a603ac75196d21826f3bda645d7e2d6306bb6e236d8cdb38eb44e38?s=96&d=mm&r=g","url":"https:\/\/secure.gravatar.com\/avatar\/faafca769a603ac75196d21826f3bda645d7e2d6306bb6e236d8cdb38eb44e38?s=96&d=mm&r=g","contentUrl":"https:\/\/secure.gravatar.com\/avatar\/faafca769a603ac75196d21826f3bda645d7e2d6306bb6e236d8cdb38eb44e38?s=96&d=mm&r=g","caption":"Renan"}}]}},"jetpack_publicize_connections":[],"jetpack_featured_media_url":"https:\/\/i0.wp.com\/mundosemfim.com\/wp-content\/uploads\/2017\/02\/DSC_0046.jpg?fit=1000%2C667&ssl=1","jetpack_sharing_enabled":true,"jetpack_shortlink":"https:\/\/wp.me\/p7CQyF-1ir","jetpack-related-posts":[{"id":4960,"url":"https:\/\/mundosemfim.com\/?p=4960","url_meta":{"origin":4987,"position":0},"title":"Visitando a Ilha de Tierra Bomba \u2013 uma escapada de Cartagena!","author":"Renan","date":"janeiro 30, 2017","format":false,"excerpt":"J\u00e1 conheceu toda a cidade colonial de Cartagena, j\u00e1 visitou a Playa Blanca e agora quer simplesmente curtir uma praia tranquilo? Tierra Bomba est\u00e1 a apenas 10 minutos em barco, e pode ser uma boa escapada! C\u00e2mbio oficial (janeiro\/2017) 1 real = 915 pesos colombianos 1 d\u00f3lar = 3,15 reais\u2026","rel":"","context":"Em &quot;Am\u00e9rica do Sul&quot;","block_context":{"text":"Am\u00e9rica do Sul","link":"https:\/\/mundosemfim.com\/?cat=6"},"img":{"alt_text":"","src":"https:\/\/i0.wp.com\/mundosemfim.com\/wp-content\/uploads\/2017\/01\/DSC_0019-3.jpg?fit=1024%2C683&ssl=1&resize=350%2C200","width":350,"height":200,"srcset":"https:\/\/i0.wp.com\/mundosemfim.com\/wp-content\/uploads\/2017\/01\/DSC_0019-3.jpg?fit=1024%2C683&ssl=1&resize=350%2C200 1x, https:\/\/i0.wp.com\/mundosemfim.com\/wp-content\/uploads\/2017\/01\/DSC_0019-3.jpg?fit=1024%2C683&ssl=1&resize=525%2C300 1.5x, https:\/\/i0.wp.com\/mundosemfim.com\/wp-content\/uploads\/2017\/01\/DSC_0019-3.jpg?fit=1024%2C683&ssl=1&resize=700%2C400 2x"},"classes":[]},{"id":4936,"url":"https:\/\/mundosemfim.com\/?p=4936","url_meta":{"origin":4987,"position":1},"title":"Santa Marta, Col\u00f4mbia \u2013 conhe\u00e7a esta alternativa a Cartagena!","author":"Renan","date":"janeiro 28, 2017","format":false,"excerpt":"Veio para a Col\u00f4mbia visitar Cartagena, mas achou tur\u00edstica demais? N\u00e3o gostou das praias? Ou simplesmente quer conhecer um pouco mais do caribe colombiano? Santa Marta pode ser uma \u00f3tima escapada! C\u00e2mbio oficial (janeiro\/2017) 1 real = 923 pesos colombianos 1 d\u00f3lar = 3,19 reais Menor, menos tur\u00edstica e mais\u2026","rel":"","context":"Em &quot;Am\u00e9rica do Sul&quot;","block_context":{"text":"Am\u00e9rica do Sul","link":"https:\/\/mundosemfim.com\/?cat=6"},"img":{"alt_text":"","src":"https:\/\/i0.wp.com\/mundosemfim.com\/wp-content\/uploads\/2017\/01\/P1200012-1.jpg?fit=1000%2C631&ssl=1&resize=350%2C200","width":350,"height":200,"srcset":"https:\/\/i0.wp.com\/mundosemfim.com\/wp-content\/uploads\/2017\/01\/P1200012-1.jpg?fit=1000%2C631&ssl=1&resize=350%2C200 1x, https:\/\/i0.wp.com\/mundosemfim.com\/wp-content\/uploads\/2017\/01\/P1200012-1.jpg?fit=1000%2C631&ssl=1&resize=525%2C300 1.5x, https:\/\/i0.wp.com\/mundosemfim.com\/wp-content\/uploads\/2017\/01\/P1200012-1.jpg?fit=1000%2C631&ssl=1&resize=700%2C400 2x"},"classes":[]},{"id":4949,"url":"https:\/\/mundosemfim.com\/?p=4949","url_meta":{"origin":4987,"position":2},"title":"Tour de Cartagena \u00e0 Playa Blanca \u2013 uma das mais belas praias do caribe colombiano!","author":"Renan","date":"janeiro 29, 2017","format":false,"excerpt":"Quem vai ao caribe busca praias com areia branca e mar azul \u2013 e \u00e9 justamente isso que a Playa Blanca oferece. N\u00e3o perca um dos passeios mais populares de Cartagena! C\u00e2mbio oficial (janeiro\/2017) 1 real = 920 pesos colombianos 1 d\u00f3lar = 3,16 reais Visitar Cartagena \u00e9 uma experi\u00eancia\u2026","rel":"","context":"Em &quot;am\u00e9rica latina&quot;","block_context":{"text":"am\u00e9rica latina","link":"https:\/\/mundosemfim.com\/?cat=7"},"img":{"alt_text":"","src":"https:\/\/i0.wp.com\/mundosemfim.com\/wp-content\/uploads\/2017\/01\/DSC_0093.jpg?fit=1200%2C800&ssl=1&resize=350%2C200","width":350,"height":200,"srcset":"https:\/\/i0.wp.com\/mundosemfim.com\/wp-content\/uploads\/2017\/01\/DSC_0093.jpg?fit=1200%2C800&ssl=1&resize=350%2C200 1x, https:\/\/i0.wp.com\/mundosemfim.com\/wp-content\/uploads\/2017\/01\/DSC_0093.jpg?fit=1200%2C800&ssl=1&resize=525%2C300 1.5x, https:\/\/i0.wp.com\/mundosemfim.com\/wp-content\/uploads\/2017\/01\/DSC_0093.jpg?fit=1200%2C800&ssl=1&resize=700%2C400 2x, https:\/\/i0.wp.com\/mundosemfim.com\/wp-content\/uploads\/2017\/01\/DSC_0093.jpg?fit=1200%2C800&ssl=1&resize=1050%2C600 3x"},"classes":[]},{"id":4331,"url":"https:\/\/mundosemfim.com\/?p=4331","url_meta":{"origin":4987,"position":3},"title":"Popay\u00e1n \u2013 conhe\u00e7a esta bela cidade colonial na Col\u00f4mbia","author":"Renan","date":"outubro 3, 2016","format":false,"excerpt":"Com um centro hist\u00f3rico muito bonito, praticamente todo pintado de branco, Popay\u00e1n \u00e9 uma bela cidade colonial que d\u00e1 boas-vindas aos viajantes que chegam ao pa\u00eds desde o Equador. N\u00e3o deixe de conhec\u00ea-la! C\u00e2mbio oficial (out\/2016) 1 real = 910 pesos colombianos 1 d\u00f3lar = 2930 pesos colombianos A beleza\u2026","rel":"","context":"Em &quot;Am\u00e9rica do Sul&quot;","block_context":{"text":"Am\u00e9rica do Sul","link":"https:\/\/mundosemfim.com\/?cat=6"},"img":{"alt_text":"","src":"https:\/\/i0.wp.com\/mundosemfim.com\/wp-content\/uploads\/2016\/10\/DSC_0001-1.jpg?fit=960%2C640&ssl=1&resize=350%2C200","width":350,"height":200,"srcset":"https:\/\/i0.wp.com\/mundosemfim.com\/wp-content\/uploads\/2016\/10\/DSC_0001-1.jpg?fit=960%2C640&ssl=1&resize=350%2C200 1x, https:\/\/i0.wp.com\/mundosemfim.com\/wp-content\/uploads\/2016\/10\/DSC_0001-1.jpg?fit=960%2C640&ssl=1&resize=525%2C300 1.5x, https:\/\/i0.wp.com\/mundosemfim.com\/wp-content\/uploads\/2016\/10\/DSC_0001-1.jpg?fit=960%2C640&ssl=1&resize=700%2C400 2x"},"classes":[]},{"id":5458,"url":"https:\/\/mundosemfim.com\/?p=5458","url_meta":{"origin":4987,"position":4},"title":"Carnaval de Barranquilla \u2013 conhe\u00e7a a maior festa da Col\u00f4mbia!","author":"Renan","date":"fevereiro 27, 2017","format":false,"excerpt":"Patrim\u00f4nio imaterial da UNESCO, maior festa do pa\u00eds e segundo maior carnaval do mundo \u2013 com essa festa, nossos vizinhos provam que tamb\u00e9m s\u00e3o excelentes carnavaleiros. Venha conhecer como \u00e9! C\u00e2mbio oficial (fev\/2017) 1 real = 930 pesos colombianos 1 d\u00f3lar = 2900 pesos colombianos Hist\u00f3ria Com mais de 1\u2026","rel":"","context":"Em &quot;Am\u00e9rica do Sul&quot;","block_context":{"text":"Am\u00e9rica do Sul","link":"https:\/\/mundosemfim.com\/?cat=6"},"img":{"alt_text":"","src":"https:\/\/i0.wp.com\/mundosemfim.com\/wp-content\/uploads\/2017\/02\/DSC_0042-1.jpg?fit=1000%2C567&ssl=1&resize=350%2C200","width":350,"height":200,"srcset":"https:\/\/i0.wp.com\/mundosemfim.com\/wp-content\/uploads\/2017\/02\/DSC_0042-1.jpg?fit=1000%2C567&ssl=1&resize=350%2C200 1x, https:\/\/i0.wp.com\/mundosemfim.com\/wp-content\/uploads\/2017\/02\/DSC_0042-1.jpg?fit=1000%2C567&ssl=1&resize=525%2C300 1.5x, https:\/\/i0.wp.com\/mundosemfim.com\/wp-content\/uploads\/2017\/02\/DSC_0042-1.jpg?fit=1000%2C567&ssl=1&resize=700%2C400 2x"},"classes":[]},{"id":4924,"url":"https:\/\/mundosemfim.com\/?p=4924","url_meta":{"origin":4987,"position":5},"title":"Banho de lama no vulc\u00e3o El Totumo \u2013 um passeio diferente em Cartagena!","author":"Renan","date":"janeiro 27, 2017","format":false,"excerpt":"Sabemos que todos v\u00e3o ao caribe em busca de praias, mas que tal fugir um pouco da rotina e dedicar um dia a um banho de lama na cratera de um vulc\u00e3o? Se estiver em Cartagena, n\u00e3o deixe de fazer este passeio! Refer\u00eancia (janeiro\/2017) 1 d\u00f3lar = 3,20 reais 1\u2026","rel":"","context":"Em &quot;Am\u00e9rica do Sul&quot;","block_context":{"text":"Am\u00e9rica do Sul","link":"https:\/\/mundosemfim.com\/?cat=6"},"img":{"alt_text":"","src":"https:\/\/i0.wp.com\/mundosemfim.com\/wp-content\/uploads\/2017\/01\/P1240022.jpg?fit=1000%2C667&ssl=1&resize=350%2C200","width":350,"height":200,"srcset":"https:\/\/i0.wp.com\/mundosemfim.com\/wp-content\/uploads\/2017\/01\/P1240022.jpg?fit=1000%2C667&ssl=1&resize=350%2C200 1x, https:\/\/i0.wp.com\/mundosemfim.com\/wp-content\/uploads\/2017\/01\/P1240022.jpg?fit=1000%2C667&ssl=1&resize=525%2C300 1.5x, https:\/\/i0.wp.com\/mundosemfim.com\/wp-content\/uploads\/2017\/01\/P1240022.jpg?fit=1000%2C667&ssl=1&resize=700%2C400 2x"},"classes":[]}],"_links":{"self":[{"href":"https:\/\/mundosemfim.com\/index.php?rest_route=\/wp\/v2\/posts\/4987","targetHints":{"allow":["GET"]}}],"collection":[{"href":"https:\/\/mundosemfim.com\/index.php?rest_route=\/wp\/v2\/posts"}],"about":[{"href":"https:\/\/mundosemfim.com\/index.php?rest_route=\/wp\/v2\/types\/post"}],"author":[{"embeddable":true,"href":"https:\/\/mundosemfim.com\/index.php?rest_route=\/wp\/v2\/users\/1"}],"replies":[{"embeddable":true,"href":"https:\/\/mundosemfim.com\/index.php?rest_route=%2Fwp%2Fv2%2Fcomments&post=4987"}],"version-history":[{"count":13,"href":"https:\/\/mundosemfim.com\/index.php?rest_route=\/wp\/v2\/posts\/4987\/revisions"}],"predecessor-version":[{"id":9445,"href":"https:\/\/mundosemfim.com\/index.php?rest_route=\/wp\/v2\/posts\/4987\/revisions\/9445"}],"wp:featuredmedia":[{"embeddable":true,"href":"https:\/\/mundosemfim.com\/index.php?rest_route=\/wp\/v2\/media\/4995"}],"wp:attachment":[{"href":"https:\/\/mundosemfim.com\/index.php?rest_route=%2Fwp%2Fv2%2Fmedia&parent=4987"}],"wp:term":[{"taxonomy":"category","embeddable":true,"href":"https:\/\/mundosemfim.com\/index.php?rest_route=%2Fwp%2Fv2%2Fcategories&post=4987"},{"taxonomy":"post_tag","embeddable":true,"href":"https:\/\/mundosemfim.com\/index.php?rest_route=%2Fwp%2Fv2%2Ftags&post=4987"}],"curies":[{"name":"wp","href":"https:\/\/api.w.org\/{rel}","templated":true}]}}