{"id":4892,"date":"2017-01-23T03:16:53","date_gmt":"2017-01-23T05:16:53","guid":{"rendered":"https:\/\/mundosemfim.com\/?p=4892"},"modified":"2017-08-18T20:34:18","modified_gmt":"2017-08-18T23:34:18","slug":"viajar-de-carona-pela-america-do-sul-como-foi-nossa-experiencia","status":"publish","type":"post","link":"https:\/\/mundosemfim.com\/?p=4892","title":{"rendered":"Viajar de carona pela Am\u00e9rica do Sul \u2013 como foi nossa experi\u00eancia!"},"content":{"rendered":"<p>Atendemos a alguns pedidos, aqui contamos como foi nossa experi\u00eancia viajando de carona por quase toda a Am\u00e9rica do Sul, com as peculiaridades e cada pa\u00eds!<\/p>\n<p><!--more-->Se voc\u00ea ainda n\u00e3o tem experi\u00eancia em viajar desta forma, ou se quer ver umas dicas de como fazemos para conseguir caronas, d\u00ea uma lida neste post primeiro:<\/p>\n<ul>\n<li><a href=\"https:\/\/mundosemfim.com\/quer-viajar-de-carona-e-tem-receios-tudo-o-que-voce-precisa-saber-sobre-este-estilo-unico-de-viajar\/\"><b>Dicas para viajar de carona<\/b><\/a><\/li>\n<\/ul>\n<p>As opini\u00f5es sobre viajar de carona pela Am\u00e9rica do Sul variam muito: enquanto que quase 100% dos mochileiros concordam que pa\u00edses como Argentina e Chile s\u00e3o muito f\u00e1ceis de se viajar desta forma, lugares como Equador e Col\u00f4mbia levantam opini\u00f5es bem variadas, que v\u00e3o desde &#8220;muito f\u00e1cil&#8221; at\u00e9 &#8220;imposs\u00edvel&#8221;.<\/p>\n<figure id=\"attachment_4912\" aria-describedby=\"caption-attachment-4912\" style=\"width: 1000px\" class=\"wp-caption aligncenter\"><img data-recalc-dims=\"1\" loading=\"lazy\" decoding=\"async\" data-attachment-id=\"4912\" data-permalink=\"https:\/\/mundosemfim.com\/?attachment_id=4912\" data-orig-file=\"https:\/\/i0.wp.com\/mundosemfim.com\/wp-content\/uploads\/2017\/01\/P2050035.jpg?fit=1000%2C750&amp;ssl=1\" data-orig-size=\"1000,750\" data-comments-opened=\"1\" data-image-meta=\"{&quot;aperture&quot;:&quot;0&quot;,&quot;credit&quot;:&quot;&quot;,&quot;camera&quot;:&quot;&quot;,&quot;caption&quot;:&quot;&quot;,&quot;created_timestamp&quot;:&quot;0&quot;,&quot;copyright&quot;:&quot;&quot;,&quot;focal_length&quot;:&quot;0&quot;,&quot;iso&quot;:&quot;0&quot;,&quot;shutter_speed&quot;:&quot;0&quot;,&quot;title&quot;:&quot;&quot;,&quot;orientation&quot;:&quot;0&quot;}\" data-image-title=\"Carona\" data-image-description=\"\" data-image-caption=\"&lt;p&gt;Em um dos in\u00fameros caminh\u00f5es que viajamos.&lt;\/p&gt;\n\" data-large-file=\"https:\/\/i0.wp.com\/mundosemfim.com\/wp-content\/uploads\/2017\/01\/P2050035.jpg?fit=764%2C573&amp;ssl=1\" class=\"wp-image-4912 size-full\" src=\"https:\/\/i0.wp.com\/mundosemfim.com\/wp-content\/uploads\/2017\/01\/P2050035.jpg?resize=764%2C573&#038;ssl=1\" alt=\"Viajando de carona em um caminh\u00e3o\" width=\"764\" height=\"573\" srcset=\"https:\/\/i0.wp.com\/mundosemfim.com\/wp-content\/uploads\/2017\/01\/P2050035.jpg?w=1000&amp;ssl=1 1000w, https:\/\/i0.wp.com\/mundosemfim.com\/wp-content\/uploads\/2017\/01\/P2050035.jpg?resize=300%2C225&amp;ssl=1 300w, https:\/\/i0.wp.com\/mundosemfim.com\/wp-content\/uploads\/2017\/01\/P2050035.jpg?resize=768%2C576&amp;ssl=1 768w, https:\/\/i0.wp.com\/mundosemfim.com\/wp-content\/uploads\/2017\/01\/P2050035.jpg?resize=800%2C600&amp;ssl=1 800w\" sizes=\"auto, (max-width: 764px) 100vw, 764px\" \/><figcaption id=\"caption-attachment-4912\" class=\"wp-caption-text\">Em um dos in\u00fameros caminh\u00f5es que viajamos.<\/figcaption><\/figure>\n<p>Em nossa viagem, j\u00e1 estamos a ponto de deixar a Am\u00e9rica do Sul para tr\u00e1s e partir para a Am\u00e9rica Central. Os pa\u00edses que passamos at\u00e9 agora\u00a0foram:<\/p>\n<ul>\n<li><a href=\"https:\/\/mundosemfim.com\/nossa-passagem-pelo-uruguai\/\">Uruguai<\/a><\/li>\n<li><a href=\"https:\/\/mundosemfim.com\/nosso-mochilao-na-argentina-dicas-fotos-resumo-dos-gastos-etc\/\">Argentina<\/a><\/li>\n<li><a href=\"https:\/\/mundosemfim.com\/mochilao-pelo-chile-de-ponta-a-ponta-roteiro-gastos-dicas-fotos-etc\/\">Chile<\/a><\/li>\n<li><a href=\"https:\/\/mundosemfim.com\/mochilao-pela-bolivia-roteiro-gastos-dicas-fotos-etc\/\">Bol\u00edvia<\/a><\/li>\n<li><a href=\"https:\/\/mundosemfim.com\/mochilao-pelo-peru-roteiro-gastos-dicas-fotos-etc\/\">Peru<\/a><\/li>\n<li><a href=\"https:\/\/mundosemfim.com\/mochilao-pelo-equador-tudo-o-que-voce-precisa-saber-para-visitar-este-pais\/\">Equador<\/a><\/li>\n<li><a href=\"https:\/\/mundosemfim.com\/mochilao-pela-venezuela-roteiro-gastos-dicas-fotos-etc\/\">Venezuela<\/a><\/li>\n<li><a href=\"https:\/\/mundosemfim.com\/mochilao-pela-colombia-roteiro-gastos-dicas-fotos-etc\/\">Col\u00f4mbia<\/a><\/li>\n<\/ul>\n<p>O roteiro que fizemos foi o seguinte:<\/p>\n<figure id=\"attachment_4893\" aria-describedby=\"caption-attachment-4893\" style=\"width: 332px\" class=\"wp-caption aligncenter\"><img data-recalc-dims=\"1\" loading=\"lazy\" decoding=\"async\" data-attachment-id=\"4893\" data-permalink=\"https:\/\/mundosemfim.com\/?attachment_id=4893\" data-orig-file=\"https:\/\/i0.wp.com\/mundosemfim.com\/wp-content\/uploads\/2017\/01\/recorrido.jpg?fit=332%2C503&amp;ssl=1\" data-orig-size=\"332,503\" data-comments-opened=\"1\" data-image-meta=\"{&quot;aperture&quot;:&quot;0&quot;,&quot;credit&quot;:&quot;&quot;,&quot;camera&quot;:&quot;&quot;,&quot;caption&quot;:&quot;&quot;,&quot;created_timestamp&quot;:&quot;0&quot;,&quot;copyright&quot;:&quot;&quot;,&quot;focal_length&quot;:&quot;0&quot;,&quot;iso&quot;:&quot;0&quot;,&quot;shutter_speed&quot;:&quot;0&quot;,&quot;title&quot;:&quot;&quot;,&quot;orientation&quot;:&quot;0&quot;}\" data-image-title=\"recorrido\" data-image-description=\"\" data-image-caption=\"&lt;p&gt;Nosso recorrido pela Am\u00e9rica do Sul&lt;\/p&gt;\n\" data-large-file=\"https:\/\/i0.wp.com\/mundosemfim.com\/wp-content\/uploads\/2017\/01\/recorrido.jpg?fit=332%2C503&amp;ssl=1\" class=\"wp-image-4893 size-full\" src=\"https:\/\/i0.wp.com\/mundosemfim.com\/wp-content\/uploads\/2017\/01\/recorrido.jpg?resize=332%2C503&#038;ssl=1\" alt=\"Lugares por onde passamos at\u00e9 agora\" width=\"332\" height=\"503\" srcset=\"https:\/\/i0.wp.com\/mundosemfim.com\/wp-content\/uploads\/2017\/01\/recorrido.jpg?w=332&amp;ssl=1 332w, https:\/\/i0.wp.com\/mundosemfim.com\/wp-content\/uploads\/2017\/01\/recorrido.jpg?resize=198%2C300&amp;ssl=1 198w\" sizes=\"auto, (max-width: 332px) 100vw, 332px\" \/><figcaption id=\"caption-attachment-4893\" class=\"wp-caption-text\">Nosso recorrido pela Am\u00e9rica do Sul<\/figcaption><\/figure>\n<p>Aqui compartilhamos\u00a0tanto a\u00a0nossa experi\u00eancia com caronas por estes lugares quanto a opini\u00e3o de outros mochileiros que conhecemos pelo caminho. No total conseguimos carona em 117 ve\u00edculos diferentes, incluindo caminh\u00f5es, carros da pol\u00edcia, caminhonetes, kombis, carros do correio e at\u00e9 um trator!<\/p>\n<p>O seguinte mapa mostra como foi nossa experi\u00eancia:<\/p>\n<figure id=\"attachment_4894\" aria-describedby=\"caption-attachment-4894\" style=\"width: 625px\" class=\"wp-caption aligncenter\"><img data-recalc-dims=\"1\" loading=\"lazy\" decoding=\"async\" data-attachment-id=\"4894\" data-permalink=\"https:\/\/mundosemfim.com\/?attachment_id=4894\" data-orig-file=\"https:\/\/i0.wp.com\/mundosemfim.com\/wp-content\/uploads\/2017\/01\/caronas-n%C3%B3s.jpg?fit=625%2C407&amp;ssl=1\" data-orig-size=\"625,407\" data-comments-opened=\"1\" data-image-meta=\"{&quot;aperture&quot;:&quot;0&quot;,&quot;credit&quot;:&quot;&quot;,&quot;camera&quot;:&quot;&quot;,&quot;caption&quot;:&quot;&quot;,&quot;created_timestamp&quot;:&quot;0&quot;,&quot;copyright&quot;:&quot;&quot;,&quot;focal_length&quot;:&quot;0&quot;,&quot;iso&quot;:&quot;0&quot;,&quot;shutter_speed&quot;:&quot;0&quot;,&quot;title&quot;:&quot;&quot;,&quot;orientation&quot;:&quot;0&quot;}\" data-image-title=\"Caronas\" data-image-description=\"\" data-image-caption=\"&lt;p&gt;Nossas impress\u00f5es sobre viajar de carona pela Am\u00e9rica do Sul&lt;\/p&gt;\n\" data-large-file=\"https:\/\/i0.wp.com\/mundosemfim.com\/wp-content\/uploads\/2017\/01\/caronas-n%C3%B3s.jpg?fit=625%2C407&amp;ssl=1\" class=\"wp-image-4894 size-full\" src=\"https:\/\/i0.wp.com\/mundosemfim.com\/wp-content\/uploads\/2017\/01\/caronas-n%C3%B3s.jpg?resize=625%2C407&#038;ssl=1\" alt=\"Dificuldade de viajar de carona pela Am\u00e9rica do Sul - nossas impress\u00f5es\" width=\"625\" height=\"407\" srcset=\"https:\/\/i0.wp.com\/mundosemfim.com\/wp-content\/uploads\/2017\/01\/caronas-n%C3%B3s.jpg?w=625&amp;ssl=1 625w, https:\/\/i0.wp.com\/mundosemfim.com\/wp-content\/uploads\/2017\/01\/caronas-n%C3%B3s.jpg?resize=300%2C195&amp;ssl=1 300w\" sizes=\"auto, (max-width: 625px) 100vw, 625px\" \/><figcaption id=\"caption-attachment-4894\" class=\"wp-caption-text\">Nossas impress\u00f5es sobre viajar de carona pela Am\u00e9rica do Sul<\/figcaption><\/figure>\n<p>E abaixo colocamos um mapa que montamos conforme a opini\u00e3o de v\u00e1rios mochileiros que conhecemos na estrada:<\/p>\n<figure id=\"attachment_4895\" aria-describedby=\"caption-attachment-4895\" style=\"width: 616px\" class=\"wp-caption aligncenter\"><img data-recalc-dims=\"1\" loading=\"lazy\" decoding=\"async\" data-attachment-id=\"4895\" data-permalink=\"https:\/\/mundosemfim.com\/?attachment_id=4895\" data-orig-file=\"https:\/\/i0.wp.com\/mundosemfim.com\/wp-content\/uploads\/2017\/01\/caronas-opini%C3%A3o.png?fit=616%2C386&amp;ssl=1\" data-orig-size=\"616,386\" data-comments-opened=\"1\" data-image-meta=\"{&quot;aperture&quot;:&quot;0&quot;,&quot;credit&quot;:&quot;&quot;,&quot;camera&quot;:&quot;&quot;,&quot;caption&quot;:&quot;&quot;,&quot;created_timestamp&quot;:&quot;0&quot;,&quot;copyright&quot;:&quot;&quot;,&quot;focal_length&quot;:&quot;0&quot;,&quot;iso&quot;:&quot;0&quot;,&quot;shutter_speed&quot;:&quot;0&quot;,&quot;title&quot;:&quot;&quot;,&quot;orientation&quot;:&quot;0&quot;}\" data-image-title=\"Caronas\" data-image-description=\"\" data-image-caption=\"&lt;p&gt;Dificuldade de caronas na Am\u00e9rica do Sul, segundo outros mochileiros.&lt;\/p&gt;\n\" data-large-file=\"https:\/\/i0.wp.com\/mundosemfim.com\/wp-content\/uploads\/2017\/01\/caronas-opini%C3%A3o.png?fit=616%2C386&amp;ssl=1\" class=\"wp-image-4895 size-full\" src=\"https:\/\/i0.wp.com\/mundosemfim.com\/wp-content\/uploads\/2017\/01\/caronas-opini%C3%A3o.png?resize=616%2C386&#038;ssl=1\" alt=\"Dificuldade de viajar de carona pela Am\u00e9rica do Sul - opini\u00e3o de outros viajantes\" width=\"616\" height=\"386\" srcset=\"https:\/\/i0.wp.com\/mundosemfim.com\/wp-content\/uploads\/2017\/01\/caronas-opini%C3%A3o.png?w=616&amp;ssl=1 616w, https:\/\/i0.wp.com\/mundosemfim.com\/wp-content\/uploads\/2017\/01\/caronas-opini%C3%A3o.png?resize=300%2C188&amp;ssl=1 300w\" sizes=\"auto, (max-width: 616px) 100vw, 616px\" \/><figcaption id=\"caption-attachment-4895\" class=\"wp-caption-text\">Dificuldade de caronas na Am\u00e9rica do Sul, segundo outros mochileiros.<\/figcaption><\/figure>\n<p>Agora compartilhamos um pouco sobre a cultura da carona em cada um destes pa\u00edses, baseadas tanto na nossa experi\u00eancia quanto na de outros viajantes:<\/p>\n<h3><a href=\"https:\/\/mundosemfim.com\/nosso-mochilao-na-argentina-dicas-fotos-resumo-dos-gastos-etc\/\"><b>Argentina<\/b><\/a><\/h3>\n<p>Viajar de carona pela Argentina j\u00e1 deixou de ser uma economia e se tornou um estilo de vida. Mesmo que os \u00f4nibus fossem gr\u00e1tis, acho que seguir\u00edamos pegando carona por l\u00e1 pelas excelentes experi\u00eancias que tivemos.<\/p>\n<p>Viajar de carona \u00e9 bem f\u00e1cil por praticamente toda a Argentina, especialmente na regi\u00e3o da Patag\u00f4nia. Voc\u00ea pode ter alguma dificuldade nas cidades grandes pelo fato de ser dif\u00edcil chegar at\u00e9 a estrada \u2013 e de estes lugares serem relativamente perigosos. Nestes casos, \u00e9 melhor pegar um \u00f4nibus para alguma cidade pequena pr\u00f3xima, ou buscar algum ped\u00e1gio ou parada da pol\u00edcia rodovi\u00e1ria.<\/p>\n<p>Pela Argentina \u00e9 poss\u00edvel pegar carona com qualquer ve\u00edculo (incluindo oficiais), e voc\u00ea nunca ser\u00e1 cobrado. Em algumas situa\u00e7\u00f5es \u00e9 comum que a pessoa que te leve ainda te ofere\u00e7a um lanche ou te convide para ficar na casa dela.<\/p>\n<figure id=\"attachment_4897\" aria-describedby=\"caption-attachment-4897\" style=\"width: 1000px\" class=\"wp-caption aligncenter\"><img data-recalc-dims=\"1\" loading=\"lazy\" decoding=\"async\" data-attachment-id=\"4897\" data-permalink=\"https:\/\/mundosemfim.com\/?attachment_id=4897\" data-orig-file=\"https:\/\/i0.wp.com\/mundosemfim.com\/wp-content\/uploads\/2017\/01\/P3030066.jpg?fit=1000%2C750&amp;ssl=1\" data-orig-size=\"1000,750\" data-comments-opened=\"1\" data-image-meta=\"{&quot;aperture&quot;:&quot;0&quot;,&quot;credit&quot;:&quot;&quot;,&quot;camera&quot;:&quot;&quot;,&quot;caption&quot;:&quot;&quot;,&quot;created_timestamp&quot;:&quot;0&quot;,&quot;copyright&quot;:&quot;&quot;,&quot;focal_length&quot;:&quot;0&quot;,&quot;iso&quot;:&quot;0&quot;,&quot;shutter_speed&quot;:&quot;0&quot;,&quot;title&quot;:&quot;&quot;,&quot;orientation&quot;:&quot;0&quot;}\" data-image-title=\"Caronas\" data-image-description=\"\" data-image-caption=\"&lt;p&gt;Pegando carona em um trator &amp;#8211; patag\u00f4nia, Argentina&lt;\/p&gt;\n\" data-large-file=\"https:\/\/i0.wp.com\/mundosemfim.com\/wp-content\/uploads\/2017\/01\/P3030066.jpg?fit=764%2C573&amp;ssl=1\" class=\"wp-image-4897 size-full\" src=\"https:\/\/i0.wp.com\/mundosemfim.com\/wp-content\/uploads\/2017\/01\/P3030066.jpg?resize=764%2C573&#038;ssl=1\" alt=\"Carona com trator na Patag\u00f4nia Argentina\" width=\"764\" height=\"573\" srcset=\"https:\/\/i0.wp.com\/mundosemfim.com\/wp-content\/uploads\/2017\/01\/P3030066.jpg?w=1000&amp;ssl=1 1000w, https:\/\/i0.wp.com\/mundosemfim.com\/wp-content\/uploads\/2017\/01\/P3030066.jpg?resize=300%2C225&amp;ssl=1 300w, https:\/\/i0.wp.com\/mundosemfim.com\/wp-content\/uploads\/2017\/01\/P3030066.jpg?resize=768%2C576&amp;ssl=1 768w, https:\/\/i0.wp.com\/mundosemfim.com\/wp-content\/uploads\/2017\/01\/P3030066.jpg?resize=800%2C600&amp;ssl=1 800w\" sizes=\"auto, (max-width: 764px) 100vw, 764px\" \/><figcaption id=\"caption-attachment-4897\" class=\"wp-caption-text\">Pegando carona em um trator &#8211; patag\u00f4nia, Argentina<\/figcaption><\/figure>\n<p>Raras vezes demoramos mais que meia-hora para conseguir uma carona, mas j\u00e1 teve vezes que esperamos por v\u00e1rias horas. Em alguns lugares da Ruta 40, por exemplo, o movimento \u00e9 m\u00ednimo, e os poucos carros que passam passam lotados. No trecho entre Malargue e Zapata esperamos um dia inteiro e n\u00e3o passou um ve\u00edculo. Acabamos tendo que voltar para <a href=\"https:\/\/mundosemfim.com\/mendoza-muito-alem-dos-vinhos\/\">Mendoza<\/a> e descer por outra estrada.<\/p>\n<p>Outra vantagem de viajar pela Argentina \u00e9 que o pa\u00eds costuma ser seguro e possuir boas fontes de \u00e1gua pot\u00e1vel natural. Se ficar tarde e precisar acampar na beira da estrada, n\u00e3o h\u00e1 problemas. Os postos de gasolina, bombeiros e pol\u00edcia tamb\u00e9m costumam deixar voc\u00ea acampar de gra\u00e7a e usar o banheiro.<\/p>\n<p>A pol\u00edcia n\u00e3o tem problemas com quem viaja\u00a0desta forma\u00a0\u2013 pelo contr\u00e1rio, ajudam sempre que podem. \u00c9 comum pedirem seus documentos e fazerem um registro para a sua seguran\u00e7a.<\/p>\n<p>Em lugares extremamente tur\u00edsticos, como <a href=\"https:\/\/mundosemfim.com\/el-chalten-e-o-fitz-roy-o-paraiso-de-quem-gosta-de-trilhas\/\">El Chalt\u00e9n<\/a>, <a href=\"https:\/\/mundosemfim.com\/conheca-o-incrivel-glacial-perito-moreno-mais-um-patrimonio-da-humanidade-na-argentina\/\">El Calafate<\/a> e a imigra\u00e7\u00e3o Chile\/Argentina na Terra do Fogo costumam estar cheias de pessoas pedindo carona, o que torna a atividade um pouco mais dif\u00edcil. Nestes lugares, \u00e9 melhor acordar cedo\u00a0para\u00a0ir para a estrada.<\/p>\n<figure id=\"attachment_4898\" aria-describedby=\"caption-attachment-4898\" style=\"width: 1000px\" class=\"wp-caption aligncenter\"><img data-recalc-dims=\"1\" loading=\"lazy\" decoding=\"async\" data-attachment-id=\"4898\" data-permalink=\"https:\/\/mundosemfim.com\/?attachment_id=4898\" data-orig-file=\"https:\/\/i0.wp.com\/mundosemfim.com\/wp-content\/uploads\/2017\/01\/P1170676.jpg?fit=1000%2C750&amp;ssl=1\" data-orig-size=\"1000,750\" data-comments-opened=\"1\" data-image-meta=\"{&quot;aperture&quot;:&quot;0&quot;,&quot;credit&quot;:&quot;&quot;,&quot;camera&quot;:&quot;&quot;,&quot;caption&quot;:&quot;&quot;,&quot;created_timestamp&quot;:&quot;0&quot;,&quot;copyright&quot;:&quot;&quot;,&quot;focal_length&quot;:&quot;0&quot;,&quot;iso&quot;:&quot;0&quot;,&quot;shutter_speed&quot;:&quot;0&quot;,&quot;title&quot;:&quot;&quot;,&quot;orientation&quot;:&quot;0&quot;}\" data-image-title=\"Carona\" data-image-description=\"\" data-image-caption=\"&lt;p&gt;Fila de pessoas pedindo carona para sair de El Chalt\u00e9n&lt;\/p&gt;\n\" data-large-file=\"https:\/\/i0.wp.com\/mundosemfim.com\/wp-content\/uploads\/2017\/01\/P1170676.jpg?fit=764%2C573&amp;ssl=1\" class=\"wp-image-4898 size-full\" src=\"https:\/\/i0.wp.com\/mundosemfim.com\/wp-content\/uploads\/2017\/01\/P1170676.jpg?resize=764%2C573&#038;ssl=1\" alt=\"Fila para sair de El Chalt\u00e9n de carona\" width=\"764\" height=\"573\" srcset=\"https:\/\/i0.wp.com\/mundosemfim.com\/wp-content\/uploads\/2017\/01\/P1170676.jpg?w=1000&amp;ssl=1 1000w, https:\/\/i0.wp.com\/mundosemfim.com\/wp-content\/uploads\/2017\/01\/P1170676.jpg?resize=300%2C225&amp;ssl=1 300w, https:\/\/i0.wp.com\/mundosemfim.com\/wp-content\/uploads\/2017\/01\/P1170676.jpg?resize=768%2C576&amp;ssl=1 768w, https:\/\/i0.wp.com\/mundosemfim.com\/wp-content\/uploads\/2017\/01\/P1170676.jpg?resize=800%2C600&amp;ssl=1 800w\" sizes=\"auto, (max-width: 764px) 100vw, 764px\" \/><figcaption id=\"caption-attachment-4898\" class=\"wp-caption-text\">Fila de pessoas pedindo carona para sair de El Chalt\u00e9n<\/figcaption><\/figure>\n<p>Mulheres sozinhas podem viajar de carona pela Argentina tranquilamente, j\u00e1 que l\u00e1 \u00e9 um dos pa\u00edses menos machistas da Am\u00e9rica do Sul. Se ficar insegura, basta se juntar com uma das in\u00fameras outras caroneiras e seguir em dupla.<\/p>\n<p><em>Vai para a Patag\u00f4nia? Leia dicas de como economizar com hospedagens por l\u00e1:<\/em><\/p>\n<ul>\n<li><a href=\"https:\/\/mundosemfim.com\/economizando-pela-patagonia-dicas-sobre-hospedagens-e-carona-por-uma-das-regioes-mais-caras-do-continente\/\">Economizando pela Patag\u00f4nia<\/a><\/li>\n<\/ul>\n<h3><a href=\"https:\/\/mundosemfim.com\/mochilao-pelo-chile-de-ponta-a-ponta-roteiro-gastos-dicas-fotos-etc\/\"><b>Chile<\/b><\/a><\/h3>\n<p>A experi\u00eancia de viajar de carona pelo Chile \u00e9 muito parecida com a de viajar pela Argentina: praticamente qualquer ve\u00edculo te leva, nunca v\u00e3o te cobrar por isso e ainda costumam te oferecer comida e refrigerantes.<\/p>\n<p>O sul do Chile (regi\u00e3o da Carretera Austral, Magallanes e Tierra del Fuego) possui pouco movimento. \u00c9 poss\u00edvel que voc\u00ea fique esperando um longo tempo at\u00e9 o primeiro carro passar, mas este provavelmente vai te levar.<\/p>\n<figure id=\"attachment_4900\" aria-describedby=\"caption-attachment-4900\" style=\"width: 1000px\" class=\"wp-caption aligncenter\"><img data-recalc-dims=\"1\" loading=\"lazy\" decoding=\"async\" data-attachment-id=\"4900\" data-permalink=\"https:\/\/mundosemfim.com\/?attachment_id=4900\" data-orig-file=\"https:\/\/i0.wp.com\/mundosemfim.com\/wp-content\/uploads\/2017\/01\/DSC_0488.jpg?fit=1000%2C667&amp;ssl=1\" data-orig-size=\"1000,667\" data-comments-opened=\"1\" data-image-meta=\"{&quot;aperture&quot;:&quot;0&quot;,&quot;credit&quot;:&quot;&quot;,&quot;camera&quot;:&quot;&quot;,&quot;caption&quot;:&quot;&quot;,&quot;created_timestamp&quot;:&quot;0&quot;,&quot;copyright&quot;:&quot;&quot;,&quot;focal_length&quot;:&quot;0&quot;,&quot;iso&quot;:&quot;0&quot;,&quot;shutter_speed&quot;:&quot;0&quot;,&quot;title&quot;:&quot;&quot;,&quot;orientation&quot;:&quot;0&quot;}\" data-image-title=\"Carona\" data-image-description=\"\" data-image-caption=\"&lt;p&gt;Viajando de carona pela Carretera Austral chilena&lt;\/p&gt;\n\" data-large-file=\"https:\/\/i0.wp.com\/mundosemfim.com\/wp-content\/uploads\/2017\/01\/DSC_0488.jpg?fit=764%2C510&amp;ssl=1\" class=\"wp-image-4900 size-full\" src=\"https:\/\/i0.wp.com\/mundosemfim.com\/wp-content\/uploads\/2017\/01\/DSC_0488.jpg?resize=764%2C510&#038;ssl=1\" alt=\"Carona pela Carretera Austral\" width=\"764\" height=\"510\" srcset=\"https:\/\/i0.wp.com\/mundosemfim.com\/wp-content\/uploads\/2017\/01\/DSC_0488.jpg?w=1000&amp;ssl=1 1000w, https:\/\/i0.wp.com\/mundosemfim.com\/wp-content\/uploads\/2017\/01\/DSC_0488.jpg?resize=300%2C200&amp;ssl=1 300w, https:\/\/i0.wp.com\/mundosemfim.com\/wp-content\/uploads\/2017\/01\/DSC_0488.jpg?resize=768%2C512&amp;ssl=1 768w\" sizes=\"auto, (max-width: 764px) 100vw, 764px\" \/><figcaption id=\"caption-attachment-4900\" class=\"wp-caption-text\">Viajando de carona pela Carretera Austral chilena<\/figcaption><\/figure>\n<p>A pr\u00f3pria geografia do Chile ajuda na carona: sendo o pa\u00eds estreito e comprido, h\u00e1 uma \u00fanica estrada que liga o extremo norte ao extremo sul. Esta estrada \u00e9 boa em praticamente toda a sua estens\u00e3o e possui um bom movimento. Espere nos cruzamentos, na sa\u00edda das cidades ou nos postos de ped\u00e1gio que provavelmente conseguir\u00e1 carona em menos de 20 minutos.<\/p>\n<p>A desvantagem de pegar carona no Chile \u00e9 o fato das estradas serem r\u00e1pidas: geralmente o limite de velocidade \u00e9 de 120km\/h, e os cruzamentos se d\u00e3o por viadutos. Se te deixarem em um lugar onde os carros passam \u00e0 toda velocidade, \u00e9 bem prov\u00e1vel que espere um bom tempo at\u00e9 que algu\u00e9m te leve. Nestes casos, pode compensar pegar um \u00f4bibus at\u00e9 o pr\u00f3ximo ped\u00e1gio (que n\u00e3o s\u00e3o poucos pelo pa\u00eds).<\/p>\n<p>Os \u00f4nibus costumam parar para quem est\u00e1 pedindo carona e oferecer a passagem mais barata.<\/p>\n<p>Acampar \u00e0 beira da estrada no Chile n\u00e3o nos pareceu muito seguro, exceto na regi\u00e3o da Patag\u00f4nia e em algumas estradas mais remotas.<\/p>\n<figure id=\"attachment_4901\" aria-describedby=\"caption-attachment-4901\" style=\"width: 1000px\" class=\"wp-caption aligncenter\"><img data-recalc-dims=\"1\" loading=\"lazy\" decoding=\"async\" data-attachment-id=\"4901\" data-permalink=\"https:\/\/mundosemfim.com\/?attachment_id=4901\" data-orig-file=\"https:\/\/i0.wp.com\/mundosemfim.com\/wp-content\/uploads\/2017\/01\/P2050036.jpg?fit=1000%2C750&amp;ssl=1\" data-orig-size=\"1000,750\" data-comments-opened=\"1\" data-image-meta=\"{&quot;aperture&quot;:&quot;0&quot;,&quot;credit&quot;:&quot;&quot;,&quot;camera&quot;:&quot;&quot;,&quot;caption&quot;:&quot;&quot;,&quot;created_timestamp&quot;:&quot;0&quot;,&quot;copyright&quot;:&quot;&quot;,&quot;focal_length&quot;:&quot;0&quot;,&quot;iso&quot;:&quot;0&quot;,&quot;shutter_speed&quot;:&quot;0&quot;,&quot;title&quot;:&quot;&quot;,&quot;orientation&quot;:&quot;0&quot;}\" data-image-title=\"Carona\" data-image-description=\"\" data-image-caption=\"&lt;p&gt;Acampando \u00e0 beira da estrada na Tierra del Fuego&lt;\/p&gt;\n\" data-large-file=\"https:\/\/i0.wp.com\/mundosemfim.com\/wp-content\/uploads\/2017\/01\/P2050036.jpg?fit=764%2C573&amp;ssl=1\" class=\"wp-image-4901 size-full\" src=\"https:\/\/i0.wp.com\/mundosemfim.com\/wp-content\/uploads\/2017\/01\/P2050036.jpg?resize=764%2C573&#038;ssl=1\" alt=\"Camping selvagem na Tierra del Fuego\" width=\"764\" height=\"573\" srcset=\"https:\/\/i0.wp.com\/mundosemfim.com\/wp-content\/uploads\/2017\/01\/P2050036.jpg?w=1000&amp;ssl=1 1000w, https:\/\/i0.wp.com\/mundosemfim.com\/wp-content\/uploads\/2017\/01\/P2050036.jpg?resize=300%2C225&amp;ssl=1 300w, https:\/\/i0.wp.com\/mundosemfim.com\/wp-content\/uploads\/2017\/01\/P2050036.jpg?resize=768%2C576&amp;ssl=1 768w, https:\/\/i0.wp.com\/mundosemfim.com\/wp-content\/uploads\/2017\/01\/P2050036.jpg?resize=800%2C600&amp;ssl=1 800w\" sizes=\"auto, (max-width: 764px) 100vw, 764px\" \/><figcaption id=\"caption-attachment-4901\" class=\"wp-caption-text\">Acampando \u00e0 beira da estrada na Tierra del Fuego<\/figcaption><\/figure>\n<p>Mulheres podem viajar sozinhas de carona por grande parte do pa\u00eds. Na regi\u00e3o norte (entre La Serena e Calama) o machismo nos pareceu maior, principalmente entre os caminhoneiros. Nesta parte recomendamos maior cautela. Se n\u00e3o se sentirem seguras, n\u00e3o subam no ve\u00edculo. Se poss\u00edvel, juntem-se com algum amigo ou amiga para n\u00e3o seguir sozinha.<\/p>\n<h3><a href=\"https:\/\/mundosemfim.com\/mochilao-pela-bolivia-roteiro-gastos-dicas-fotos-etc\/\"><b>Bol\u00edvia<\/b><\/a><\/h3>\n<p>Para n\u00e3o dizer que n\u00e3o conseguimos nada na Bol\u00edvia, conseguimos uma carona de curta dist\u00e2ncia com um chileno que viajava por l\u00e1.<\/p>\n<p>Viajar de carona n\u00e3o \u00e9 cultural no pa\u00eds. Al\u00e9m disso, h\u00e1 diversas vans e t\u00e1xis clandestinos que cobram pelo translado. Os caminh\u00f5es tamb\u00e9m tem o costume de levar e cobrar uma pequena taxa.<\/p>\n<p>Se quiser viajar de gra\u00e7a, mantenha o polegar levantado, e confirme se n\u00e3o v\u00e3o te cobrar antes de subir. Se estiver disposto a pagar (geralmente cobram menos da metade do valor do \u00f4nibus) abane a m\u00e3o num gesto pedindo para eles pararem, ou v\u00e1 nos postos de gasolina e tente negociar.<\/p>\n<figure id=\"attachment_4902\" aria-describedby=\"caption-attachment-4902\" style=\"width: 1000px\" class=\"wp-caption aligncenter\"><img data-recalc-dims=\"1\" loading=\"lazy\" decoding=\"async\" data-attachment-id=\"4902\" data-permalink=\"https:\/\/mundosemfim.com\/?attachment_id=4902\" data-orig-file=\"https:\/\/i0.wp.com\/mundosemfim.com\/wp-content\/uploads\/2017\/01\/P2050052.jpg?fit=1000%2C750&amp;ssl=1\" data-orig-size=\"1000,750\" data-comments-opened=\"1\" data-image-meta=\"{&quot;aperture&quot;:&quot;0&quot;,&quot;credit&quot;:&quot;&quot;,&quot;camera&quot;:&quot;&quot;,&quot;caption&quot;:&quot;&quot;,&quot;created_timestamp&quot;:&quot;0&quot;,&quot;copyright&quot;:&quot;&quot;,&quot;focal_length&quot;:&quot;0&quot;,&quot;iso&quot;:&quot;0&quot;,&quot;shutter_speed&quot;:&quot;0&quot;,&quot;title&quot;:&quot;&quot;,&quot;orientation&quot;:&quot;0&quot;}\" data-image-title=\"Carona\" data-image-description=\"\" data-image-caption=\"&lt;p&gt;Quanto acampamos \u00e0 beira da estrada, \u00e0s vezes recebemos algumas visitas inusitadas, como esta t\u00edmida raposa.&lt;\/p&gt;\n\" data-large-file=\"https:\/\/i0.wp.com\/mundosemfim.com\/wp-content\/uploads\/2017\/01\/P2050052.jpg?fit=764%2C573&amp;ssl=1\" class=\"wp-image-4902 size-full\" src=\"https:\/\/i0.wp.com\/mundosemfim.com\/wp-content\/uploads\/2017\/01\/P2050052.jpg?resize=764%2C573&#038;ssl=1\" alt=\"Acampando \u00e0 beira da estrada\" width=\"764\" height=\"573\" srcset=\"https:\/\/i0.wp.com\/mundosemfim.com\/wp-content\/uploads\/2017\/01\/P2050052.jpg?w=1000&amp;ssl=1 1000w, https:\/\/i0.wp.com\/mundosemfim.com\/wp-content\/uploads\/2017\/01\/P2050052.jpg?resize=300%2C225&amp;ssl=1 300w, https:\/\/i0.wp.com\/mundosemfim.com\/wp-content\/uploads\/2017\/01\/P2050052.jpg?resize=768%2C576&amp;ssl=1 768w, https:\/\/i0.wp.com\/mundosemfim.com\/wp-content\/uploads\/2017\/01\/P2050052.jpg?resize=800%2C600&amp;ssl=1 800w\" sizes=\"auto, (max-width: 764px) 100vw, 764px\" \/><figcaption id=\"caption-attachment-4902\" class=\"wp-caption-text\">Quanto acampamos \u00e0 beira da estrada, \u00e0s vezes recebemos algumas visitas inusitadas, como esta t\u00edmida raposa.<\/figcaption><\/figure>\n<p>As estradas na Bol\u00edvia costumam ser ruins e cheias de curva. Em muitos casos, uma viagem de 200km leva at\u00e9 10 horas, o que faz da carona uma op\u00e7\u00e3o n\u00e3o muito interessante. Nestes lugares costuma ser vantagem pegar um \u00f4nibus noturno e economizar com a hospedagem.<\/p>\n<p>Acampar \u00e0 beira da estrada na Bol\u00edvia costuma ser seguro somente nas cidades pequenas. Voc\u00ea pode at\u00e9 pedir para algum campon\u00eas deixar voc\u00ea acampar em seu terreno \u2013 provavelmente v\u00e3o aceitar com muito orgulho. As fontes de \u00e1gua naturais, por\u00e9m, costumam ser contaminadas. Por l\u00e1 \u00e9 melhor comprar \u00e1gua mineral.<\/p>\n<h3><a href=\"https:\/\/mundosemfim.com\/mochilao-pelo-peru-roteiro-gastos-dicas-fotos-etc\/\"><b>Peru<\/b><\/a><\/h3>\n<p>O Peru \u00e9 um pa\u00eds controverso: as poucas caronas que conseguimos foram extremamente f\u00e1ceis de se conseguir \u2013 na maioria das vezes o primeiro carro j\u00e1 parou. Em outras situa\u00e7\u00f5es, por\u00e9m, esperamos quase um dia inteiro e nada.<\/p>\n<p>Pelo que percebemos (e pudemos confirmar com outros viajantes) \u00e9 que as caronas pela Panamericana s\u00e3o muito f\u00e1ceis, especialmente no trecho entre Arequipa e <a href=\"https:\/\/mundosemfim.com\/conhecendo-lima-a-belissima-capital-peruana\/\">Lima<\/a> (na regi\u00e3o de <a href=\"https:\/\/mundosemfim.com\/o-que-fazer-em-nazca-peru\/\">Nazca<\/a>, conseguir carona era t\u00e3o f\u00e1cil que nos pergunt\u00e1vamos porque algu\u00e9m paga passagem por l\u00e1).<\/p>\n<figure id=\"attachment_4903\" aria-describedby=\"caption-attachment-4903\" style=\"width: 1000px\" class=\"wp-caption aligncenter\"><img data-recalc-dims=\"1\" loading=\"lazy\" decoding=\"async\" data-attachment-id=\"4903\" data-permalink=\"https:\/\/mundosemfim.com\/?attachment_id=4903\" data-orig-file=\"https:\/\/i0.wp.com\/mundosemfim.com\/wp-content\/uploads\/2017\/01\/P6120005.jpg?fit=1000%2C667&amp;ssl=1\" data-orig-size=\"1000,667\" data-comments-opened=\"1\" data-image-meta=\"{&quot;aperture&quot;:&quot;0&quot;,&quot;credit&quot;:&quot;&quot;,&quot;camera&quot;:&quot;&quot;,&quot;caption&quot;:&quot;&quot;,&quot;created_timestamp&quot;:&quot;0&quot;,&quot;copyright&quot;:&quot;&quot;,&quot;focal_length&quot;:&quot;0&quot;,&quot;iso&quot;:&quot;0&quot;,&quot;shutter_speed&quot;:&quot;0&quot;,&quot;title&quot;:&quot;&quot;,&quot;orientation&quot;:&quot;0&quot;}\" data-image-title=\"Carona\" data-image-description=\"\" data-image-caption=\"&lt;p&gt;Viajando de carona pelo Peru &amp;#8211; uma das vantagens \u00e9 que a janela do caminh\u00e3o te d\u00e1 uma vista muito mais ampla que a dos \u00f4nibus.&lt;\/p&gt;\n\" data-large-file=\"https:\/\/i0.wp.com\/mundosemfim.com\/wp-content\/uploads\/2017\/01\/P6120005.jpg?fit=764%2C510&amp;ssl=1\" class=\"wp-image-4903 size-full\" src=\"https:\/\/i0.wp.com\/mundosemfim.com\/wp-content\/uploads\/2017\/01\/P6120005.jpg?resize=764%2C510&#038;ssl=1\" alt=\"Carona pelo Peru\" width=\"764\" height=\"510\" srcset=\"https:\/\/i0.wp.com\/mundosemfim.com\/wp-content\/uploads\/2017\/01\/P6120005.jpg?w=1000&amp;ssl=1 1000w, https:\/\/i0.wp.com\/mundosemfim.com\/wp-content\/uploads\/2017\/01\/P6120005.jpg?resize=300%2C200&amp;ssl=1 300w, https:\/\/i0.wp.com\/mundosemfim.com\/wp-content\/uploads\/2017\/01\/P6120005.jpg?resize=768%2C512&amp;ssl=1 768w\" sizes=\"auto, (max-width: 764px) 100vw, 764px\" \/><figcaption id=\"caption-attachment-4903\" class=\"wp-caption-text\">Viajando de carona pelo Peru &#8211; uma das vantagens \u00e9 que a janela do caminh\u00e3o te d\u00e1 uma vista muito mais ampla que a dos \u00f4nibus.<\/figcaption><\/figure>\n<p>Nas outras estradas, conseguir carona \u00e9 bem mais complicado, e provavelmente v\u00e3o querer te cobrar. Se estiver disposto a pagar, basta conversar com as pessoas nos postos de gasolina. Oferecendo metade do valor de uma passagem de \u00f4nibus j\u00e1 \u00e9 bem prov\u00e1vel que te levem. As vans de excurs\u00e3o, se tiverem lugares, tamb\u00e9m costumam levar em troca de uma pequena colabora\u00e7\u00e3o.<\/p>\n<p>No Peru tamb\u00e9m \u00e9 poss\u00edvel acampar nas cidades pequenas. Recomendamos conversar com a pol\u00edcia do lugar e perguntar onde \u00e9 seguro acampar: \u00e9 bem poss\u00edvel que te permitam armar a barraca pr\u00f3ximo \u00e0 delegacia ou em algum lugar onde haja vigil\u00e2ncia.<\/p>\n<figure id=\"attachment_4913\" aria-describedby=\"caption-attachment-4913\" style=\"width: 1000px\" class=\"wp-caption aligncenter\"><img data-recalc-dims=\"1\" loading=\"lazy\" decoding=\"async\" data-attachment-id=\"4913\" data-permalink=\"https:\/\/mundosemfim.com\/?attachment_id=4913\" data-orig-file=\"https:\/\/i0.wp.com\/mundosemfim.com\/wp-content\/uploads\/2017\/01\/P5300025.jpg?fit=1000%2C667&amp;ssl=1\" data-orig-size=\"1000,667\" data-comments-opened=\"1\" data-image-meta=\"{&quot;aperture&quot;:&quot;0&quot;,&quot;credit&quot;:&quot;&quot;,&quot;camera&quot;:&quot;&quot;,&quot;caption&quot;:&quot;&quot;,&quot;created_timestamp&quot;:&quot;0&quot;,&quot;copyright&quot;:&quot;&quot;,&quot;focal_length&quot;:&quot;0&quot;,&quot;iso&quot;:&quot;0&quot;,&quot;shutter_speed&quot;:&quot;0&quot;,&quot;title&quot;:&quot;&quot;,&quot;orientation&quot;:&quot;0&quot;}\" data-image-title=\"Caronas\" data-image-description=\"\" data-image-caption=\"&lt;p&gt;Acampando no estacionamento de uma rodovi\u00e1ria no Peru&lt;\/p&gt;\n\" data-large-file=\"https:\/\/i0.wp.com\/mundosemfim.com\/wp-content\/uploads\/2017\/01\/P5300025.jpg?fit=764%2C510&amp;ssl=1\" class=\"size-full wp-image-4913\" src=\"https:\/\/i0.wp.com\/mundosemfim.com\/wp-content\/uploads\/2017\/01\/P5300025.jpg?resize=764%2C510&#038;ssl=1\" alt=\"\" width=\"764\" height=\"510\" srcset=\"https:\/\/i0.wp.com\/mundosemfim.com\/wp-content\/uploads\/2017\/01\/P5300025.jpg?w=1000&amp;ssl=1 1000w, https:\/\/i0.wp.com\/mundosemfim.com\/wp-content\/uploads\/2017\/01\/P5300025.jpg?resize=300%2C200&amp;ssl=1 300w, https:\/\/i0.wp.com\/mundosemfim.com\/wp-content\/uploads\/2017\/01\/P5300025.jpg?resize=768%2C512&amp;ssl=1 768w\" sizes=\"auto, (max-width: 764px) 100vw, 764px\" \/><figcaption id=\"caption-attachment-4913\" class=\"wp-caption-text\">Acampando no estacionamento de uma rodovi\u00e1ria no Peru<\/figcaption><\/figure>\n<p>As fontes de \u00e1gua no Peru n\u00e3o costumam ser boas para o consumo. Melhor comprar \u00e1gua mineral.<\/p>\n<p><a href=\"https:\/\/mundosemfim.com\/mochilao-pelo-equador-tudo-o-que-voce-precisa-saber-para-visitar-este-pais\/\"><b>Equador<\/b><\/a><\/p>\n<p>Viajar de carona pelo Equador \u00e9 pouco comum, mas ainda assim \u00e9 surpreendentemente f\u00e1cil. Mesmo em lugares pouco prov\u00e1veis, como a sa\u00edda de cidades grandes, conseguimos carona sem grandes problemas. Muitas vezes as pessoas nos ofereceram carona mesmo quando n\u00e3o est\u00e1vamos pedindo. Pela costa, onde ach\u00e1vamos que seria mais f\u00e1cil, tivemos maior dificuldade.<\/p>\n<figure id=\"attachment_4904\" aria-describedby=\"caption-attachment-4904\" style=\"width: 750px\" class=\"wp-caption aligncenter\"><img data-recalc-dims=\"1\" loading=\"lazy\" decoding=\"async\" data-attachment-id=\"4904\" data-permalink=\"https:\/\/mundosemfim.com\/?attachment_id=4904\" data-orig-file=\"https:\/\/i0.wp.com\/mundosemfim.com\/wp-content\/uploads\/2017\/01\/P1090492-e1485142950888.jpg?fit=750%2C1000&amp;ssl=1\" data-orig-size=\"750,1000\" data-comments-opened=\"1\" data-image-meta=\"{&quot;aperture&quot;:&quot;0&quot;,&quot;credit&quot;:&quot;&quot;,&quot;camera&quot;:&quot;&quot;,&quot;caption&quot;:&quot;&quot;,&quot;created_timestamp&quot;:&quot;0&quot;,&quot;copyright&quot;:&quot;&quot;,&quot;focal_length&quot;:&quot;0&quot;,&quot;iso&quot;:&quot;0&quot;,&quot;shutter_speed&quot;:&quot;0&quot;,&quot;title&quot;:&quot;&quot;,&quot;orientation&quot;:&quot;6&quot;}\" data-image-title=\"Caronas\" data-image-description=\"\" data-image-caption=\"&lt;p&gt;Algumas caronas s\u00e3o em lugares inusitados, como naquela parte entre a cabine e a ca\u00e7amba do caminh\u00e3o.&lt;\/p&gt;\n\" data-large-file=\"https:\/\/i0.wp.com\/mundosemfim.com\/wp-content\/uploads\/2017\/01\/P1090492-e1485142950888.jpg?fit=750%2C1000&amp;ssl=1\" class=\"wp-image-4904 size-full\" src=\"https:\/\/i0.wp.com\/mundosemfim.com\/wp-content\/uploads\/2017\/01\/P1090492-e1485142950888.jpg?resize=750%2C1000&#038;ssl=1\" alt=\"Carona pela Argentina\" width=\"750\" height=\"1000\" srcset=\"https:\/\/i0.wp.com\/mundosemfim.com\/wp-content\/uploads\/2017\/01\/P1090492-e1485142950888.jpg?w=750&amp;ssl=1 750w, https:\/\/i0.wp.com\/mundosemfim.com\/wp-content\/uploads\/2017\/01\/P1090492-e1485142950888.jpg?resize=225%2C300&amp;ssl=1 225w\" sizes=\"auto, (max-width: 750px) 100vw, 750px\" \/><figcaption id=\"caption-attachment-4904\" class=\"wp-caption-text\">Algumas caronas s\u00e3o em lugares inusitados, como naquela parte entre a cabine e a ca\u00e7amba do caminh\u00e3o.<\/figcaption><\/figure>\n<p>De um modo geral, achamos o Equador o para\u00edso para mochilar. Al\u00e9m da carona f\u00e1cil, muitos dos parques nacionais s\u00e3o gratuitos e permitem acampar. A pol\u00edcia tamb\u00e9m n\u00e3o costuma causar problemas com quem est\u00e1 pedindo carona.<\/p>\n<p>Outra vantagem de viajar por carona pelo Equador \u00e9 que os \u00f4nibus de viagem param em qualquer lugar da estrada. Assim, caso esteja no meio do nada e comece a escurecer, basta acenar para qualquer \u00f4nibus. O valor cobrado da passagem vai ser proporcional \u00e0 dist\u00e2ncia percorrida.<\/p>\n<h3><b>Col\u00f4mbia<\/b><\/h3>\n<p>Outro pa\u00eds controverso: ainda que seja razoavelmente comum a pr\u00e1tica de carona e de muitas pessoas conseguirem viajar desta forma, n\u00f3s n\u00e3o tivemos sorte. Somente para sair de <a href=\"https:\/\/mundosemfim.com\/conhecendo-villa-de-leyva-uma-das-mais-belas-cidades-coloniais-da-colombia\/\">Villa de Leyva<\/a> que os carros pararam para n\u00f3s, mas nenhum deles ia para o mesmo destino que quer\u00edamos ir.<\/p>\n<p>Na costa, um carro parou e queria cobrar para nos levar (j\u00e1 deixaram isso claro antes de subirmos). Dissemos que n\u00e3o t\u00ednhamos dinheiro e ele partiu.<\/p>\n<p>A recomenda\u00e7\u00e3o que nos deram \u00e9 ir aos postos de gasolina e pedir carona para quem estiver abastecendo. Dizem que isso \u00e9 quase certeiro. N\u00e3o chegamos a fazer o teste, mas fica a dica.<\/p>\n<p>Os \u00f4nibus na Col\u00f4mbia s\u00e3o caros (pre\u00e7os parecidos com os do Brasil, e em alguns casos at\u00e9 mais elevados), mas \u00e9 poss\u00edvel pedir desconto. Mesmo comprando na rodovi\u00e1ria, onde o pre\u00e7o \u00e9 tabelado, \u00e9 poss\u00edvel baixar o valor em uns 10% dando uma chorada.<\/p>\n<p>A Col\u00f4mbia possui uma boa oferta de campings, principalmente na costa. Em algumas praias \u00e9 poss\u00edvel acampar gratuitamente sem problemas. A cultura mochileira \u00e9 forte no pa\u00eds, ainda que a carona n\u00e3o seja t\u00e3o f\u00e1cil.<\/p>\n<figure id=\"attachment_4905\" aria-describedby=\"caption-attachment-4905\" style=\"width: 1000px\" class=\"wp-caption aligncenter\"><img data-recalc-dims=\"1\" loading=\"lazy\" decoding=\"async\" data-attachment-id=\"4905\" data-permalink=\"https:\/\/mundosemfim.com\/?attachment_id=4905\" data-orig-file=\"https:\/\/i0.wp.com\/mundosemfim.com\/wp-content\/uploads\/2017\/01\/Perito-Moreno-Bajo-Caracoles-2.jpg?fit=1000%2C667&amp;ssl=1\" data-orig-size=\"1000,667\" data-comments-opened=\"1\" data-image-meta=\"{&quot;aperture&quot;:&quot;0&quot;,&quot;credit&quot;:&quot;&quot;,&quot;camera&quot;:&quot;&quot;,&quot;caption&quot;:&quot;&quot;,&quot;created_timestamp&quot;:&quot;0&quot;,&quot;copyright&quot;:&quot;&quot;,&quot;focal_length&quot;:&quot;0&quot;,&quot;iso&quot;:&quot;0&quot;,&quot;shutter_speed&quot;:&quot;0&quot;,&quot;title&quot;:&quot;&quot;,&quot;orientation&quot;:&quot;0&quot;}\" data-image-title=\"Carona\" data-image-description=\"\" data-image-caption=\"&lt;p&gt;De carona com alguns viajantes que vinham de van do Canad\u00e1&lt;\/p&gt;\n\" data-large-file=\"https:\/\/i0.wp.com\/mundosemfim.com\/wp-content\/uploads\/2017\/01\/Perito-Moreno-Bajo-Caracoles-2.jpg?fit=764%2C510&amp;ssl=1\" class=\"size-full wp-image-4905\" src=\"https:\/\/i0.wp.com\/mundosemfim.com\/wp-content\/uploads\/2017\/01\/Perito-Moreno-Bajo-Caracoles-2.jpg?resize=764%2C510&#038;ssl=1\" alt=\"\" width=\"764\" height=\"510\" srcset=\"https:\/\/i0.wp.com\/mundosemfim.com\/wp-content\/uploads\/2017\/01\/Perito-Moreno-Bajo-Caracoles-2.jpg?w=1000&amp;ssl=1 1000w, https:\/\/i0.wp.com\/mundosemfim.com\/wp-content\/uploads\/2017\/01\/Perito-Moreno-Bajo-Caracoles-2.jpg?resize=300%2C200&amp;ssl=1 300w, https:\/\/i0.wp.com\/mundosemfim.com\/wp-content\/uploads\/2017\/01\/Perito-Moreno-Bajo-Caracoles-2.jpg?resize=768%2C512&amp;ssl=1 768w\" sizes=\"auto, (max-width: 764px) 100vw, 764px\" \/><figcaption id=\"caption-attachment-4905\" class=\"wp-caption-text\">De carona com alguns viajantes que vinham de van do Canad\u00e1<\/figcaption><\/figure>\n<h3><a href=\"https:\/\/mundosemfim.com\/mochilao-pela-venezuela-roteiro-gastos-dicas-fotos-etc\/\"><b>Venezuela<\/b><\/a><\/h3>\n<p>O litro da gasolina na Venezuela custa menos de 1 centavo o litro \u2013 o que faz com que o transporte p\u00fablico seja absurdamente barato.\u00a0Por issa\u00a0a carona no pa\u00eds n\u00e3o \u00e9 t\u00e3o comum, mas ainda assim \u00e9 poss\u00edvel.<\/p>\n<p>O venezuelano \u00e9 muito hospitaleiro, e tamb\u00e9m bastante curioso de conhecer a hist\u00f3ria dos estrangeiros que est\u00e3o no pa\u00eds (a crise afastou o turismo de uma forma monstruosa). Geralmente as caronas surgem antes mesmo de voc\u00ea chegar \u00e0 estrada \u2013 em uma conversa no restaurante ou com outros h\u00f3spedes do hotel \u00e9 poss\u00edvel que apare\u00e7am ofertas para te levar.<\/p>\n<figure id=\"attachment_4906\" aria-describedby=\"caption-attachment-4906\" style=\"width: 1000px\" class=\"wp-caption aligncenter\"><img data-recalc-dims=\"1\" loading=\"lazy\" decoding=\"async\" data-attachment-id=\"4906\" data-permalink=\"https:\/\/mundosemfim.com\/?attachment_id=4906\" data-orig-file=\"https:\/\/i0.wp.com\/mundosemfim.com\/wp-content\/uploads\/2017\/01\/PC100030.jpg?fit=1000%2C667&amp;ssl=1\" data-orig-size=\"1000,667\" data-comments-opened=\"1\" data-image-meta=\"{&quot;aperture&quot;:&quot;0&quot;,&quot;credit&quot;:&quot;&quot;,&quot;camera&quot;:&quot;&quot;,&quot;caption&quot;:&quot;&quot;,&quot;created_timestamp&quot;:&quot;0&quot;,&quot;copyright&quot;:&quot;&quot;,&quot;focal_length&quot;:&quot;0&quot;,&quot;iso&quot;:&quot;0&quot;,&quot;shutter_speed&quot;:&quot;0&quot;,&quot;title&quot;:&quot;&quot;,&quot;orientation&quot;:&quot;0&quot;}\" data-image-title=\"Carona\" data-image-description=\"\" data-image-caption=\"&lt;p&gt;Viajando em uma chiva venezuelana por menos de 30 centavos. &lt;\/p&gt;\n\" data-large-file=\"https:\/\/i0.wp.com\/mundosemfim.com\/wp-content\/uploads\/2017\/01\/PC100030.jpg?fit=764%2C510&amp;ssl=1\" class=\"size-full wp-image-4906\" src=\"https:\/\/i0.wp.com\/mundosemfim.com\/wp-content\/uploads\/2017\/01\/PC100030.jpg?resize=764%2C510&#038;ssl=1\" alt=\"\" width=\"764\" height=\"510\" srcset=\"https:\/\/i0.wp.com\/mundosemfim.com\/wp-content\/uploads\/2017\/01\/PC100030.jpg?w=1000&amp;ssl=1 1000w, https:\/\/i0.wp.com\/mundosemfim.com\/wp-content\/uploads\/2017\/01\/PC100030.jpg?resize=300%2C200&amp;ssl=1 300w, https:\/\/i0.wp.com\/mundosemfim.com\/wp-content\/uploads\/2017\/01\/PC100030.jpg?resize=768%2C512&amp;ssl=1 768w\" sizes=\"auto, (max-width: 764px) 100vw, 764px\" \/><figcaption id=\"caption-attachment-4906\" class=\"wp-caption-text\">Viajando em uma chiva venezuelana por menos de 30 centavos.<\/figcaption><\/figure>\n<p>Em todo o caso, viajar de carona por l\u00e1, salvo em curtas dist\u00e2ncias, n\u00e3o \u00e9 muito recomend\u00e1vel. O problema \u00e9 que a pol\u00edcia na estrada costuma parar praticamente todos os carros e revistar toda a bagagem. Viajando de \u00f4nibus este inc\u00f4modo \u00e9 um pouco menor (os \u00f4nibus tamb\u00e9m s\u00e3o parados, mas com bem menos frequ\u00eancia. Al\u00e9m disso, a passagem para uma viagem de 10 horas dificilmente custa mais que 8 reais.<\/p>\n<p>Se voc\u00ea gosta de pegar carona para conhecer as pessoas, n\u00e3o se preocupe: provavelmente no \u00f4nibus mesmo algu\u00e9m vai puxar assunto com voc\u00ea.<\/p>\n<p>Na Venezuela abundam os parques nacionais, e na maioria deles \u00e9 poss\u00edvel acampar gratuitamente.<\/p>\n<figure id=\"attachment_4907\" aria-describedby=\"caption-attachment-4907\" style=\"width: 1000px\" class=\"wp-caption aligncenter\"><img data-recalc-dims=\"1\" loading=\"lazy\" decoding=\"async\" data-attachment-id=\"4907\" data-permalink=\"https:\/\/mundosemfim.com\/?attachment_id=4907\" data-orig-file=\"https:\/\/i0.wp.com\/mundosemfim.com\/wp-content\/uploads\/2017\/01\/P3050006.jpg?fit=1000%2C750&amp;ssl=1\" data-orig-size=\"1000,750\" data-comments-opened=\"1\" data-image-meta=\"{&quot;aperture&quot;:&quot;0&quot;,&quot;credit&quot;:&quot;&quot;,&quot;camera&quot;:&quot;&quot;,&quot;caption&quot;:&quot;&quot;,&quot;created_timestamp&quot;:&quot;0&quot;,&quot;copyright&quot;:&quot;&quot;,&quot;focal_length&quot;:&quot;0&quot;,&quot;iso&quot;:&quot;0&quot;,&quot;shutter_speed&quot;:&quot;0&quot;,&quot;title&quot;:&quot;&quot;,&quot;orientation&quot;:&quot;0&quot;}\" data-image-title=\"Carona\" data-image-description=\"\" data-image-caption=\"&lt;p&gt;\u00c0s vezes nos enchemos de p\u00f3, mas a vista compensa!&lt;\/p&gt;\n\" data-large-file=\"https:\/\/i0.wp.com\/mundosemfim.com\/wp-content\/uploads\/2017\/01\/P3050006.jpg?fit=764%2C573&amp;ssl=1\" class=\"wp-image-4907 size-full\" src=\"https:\/\/i0.wp.com\/mundosemfim.com\/wp-content\/uploads\/2017\/01\/P3050006.jpg?resize=764%2C573&#038;ssl=1\" alt=\"Carona na ca\u00e7amba de uma caminhonete\" width=\"764\" height=\"573\" srcset=\"https:\/\/i0.wp.com\/mundosemfim.com\/wp-content\/uploads\/2017\/01\/P3050006.jpg?w=1000&amp;ssl=1 1000w, https:\/\/i0.wp.com\/mundosemfim.com\/wp-content\/uploads\/2017\/01\/P3050006.jpg?resize=300%2C225&amp;ssl=1 300w, https:\/\/i0.wp.com\/mundosemfim.com\/wp-content\/uploads\/2017\/01\/P3050006.jpg?resize=768%2C576&amp;ssl=1 768w, https:\/\/i0.wp.com\/mundosemfim.com\/wp-content\/uploads\/2017\/01\/P3050006.jpg?resize=800%2C600&amp;ssl=1 800w\" sizes=\"auto, (max-width: 764px) 100vw, 764px\" \/><figcaption id=\"caption-attachment-4907\" class=\"wp-caption-text\">\u00c0s vezes nos enchemos de p\u00f3, mas a vista compensa!<\/figcaption><\/figure>\n<h3><a href=\"https:\/\/mundosemfim.com\/nossa-passagem-pelo-uruguai\/\"><b>Uruguai<\/b><\/a><\/h3>\n<p>Quando passamos pelo Uruguai, est\u00e1vamos no comecinho da nossa viagem. Ainda \u00e9ramos muito inexperientes na arte de mochilar, e por isso passamos o pa\u00eds sem tentar uma carona sequer. De fato, os pre\u00e7os do Uruguai nos assustaram tanto que acabamos saindo correndo de l\u00e1.<\/p>\n<p>Depois, segundo o relato de outros mochileiros que conhecemos, descobrimos que a carona funciona t\u00e3o bem quanto na Argentina. Para ajudar, os principais pontos de interesse do pa\u00eds s\u00e3o as praias, assim que a rota tur\u00edstica se concentra principalmente em torno da estrada que contorna toda a costa do pa\u00eds.<\/p>\n<p>Campings tamb\u00e9m s\u00e3o abundantes. Inclusive em destinos considerados de luxo, como Punta del Este, \u00e9 poss\u00edvel conseguir um camping por um valor razo\u00e1vel.<\/p>\n<p>At\u00e9 hoje o Uruguai foi o pa\u00eds onde mais gastamos dinheiro (na m\u00e9dia di\u00e1ria). Temos vontade de voltar l\u00e1 com outros olhos e mochilar sem gastar quase nada!<\/p>\n<figure id=\"attachment_4908\" aria-describedby=\"caption-attachment-4908\" style=\"width: 1000px\" class=\"wp-caption aligncenter\"><img data-recalc-dims=\"1\" loading=\"lazy\" decoding=\"async\" data-attachment-id=\"4908\" data-permalink=\"https:\/\/mundosemfim.com\/?attachment_id=4908\" data-orig-file=\"https:\/\/i0.wp.com\/mundosemfim.com\/wp-content\/uploads\/2017\/01\/P4060061.jpg?fit=1000%2C750&amp;ssl=1\" data-orig-size=\"1000,750\" data-comments-opened=\"1\" data-image-meta=\"{&quot;aperture&quot;:&quot;0&quot;,&quot;credit&quot;:&quot;&quot;,&quot;camera&quot;:&quot;&quot;,&quot;caption&quot;:&quot;&quot;,&quot;created_timestamp&quot;:&quot;0&quot;,&quot;copyright&quot;:&quot;&quot;,&quot;focal_length&quot;:&quot;0&quot;,&quot;iso&quot;:&quot;0&quot;,&quot;shutter_speed&quot;:&quot;0&quot;,&quot;title&quot;:&quot;&quot;,&quot;orientation&quot;:&quot;0&quot;}\" data-image-title=\"Carona\" data-image-description=\"\" data-image-caption=\"&lt;p&gt;Postos de gasolina &amp;#8211; \u00f3timos lugares para conseguir carona.&lt;\/p&gt;\n\" data-large-file=\"https:\/\/i0.wp.com\/mundosemfim.com\/wp-content\/uploads\/2017\/01\/P4060061.jpg?fit=764%2C573&amp;ssl=1\" class=\"wp-image-4908 size-full\" src=\"https:\/\/i0.wp.com\/mundosemfim.com\/wp-content\/uploads\/2017\/01\/P4060061.jpg?resize=764%2C573&#038;ssl=1\" alt=\"Procurando carona no posto de gasolina\" width=\"764\" height=\"573\" srcset=\"https:\/\/i0.wp.com\/mundosemfim.com\/wp-content\/uploads\/2017\/01\/P4060061.jpg?w=1000&amp;ssl=1 1000w, https:\/\/i0.wp.com\/mundosemfim.com\/wp-content\/uploads\/2017\/01\/P4060061.jpg?resize=300%2C225&amp;ssl=1 300w, https:\/\/i0.wp.com\/mundosemfim.com\/wp-content\/uploads\/2017\/01\/P4060061.jpg?resize=768%2C576&amp;ssl=1 768w, https:\/\/i0.wp.com\/mundosemfim.com\/wp-content\/uploads\/2017\/01\/P4060061.jpg?resize=800%2C600&amp;ssl=1 800w\" sizes=\"auto, (max-width: 764px) 100vw, 764px\" \/><figcaption id=\"caption-attachment-4908\" class=\"wp-caption-text\">Postos de gasolina &#8211; \u00f3timos lugares para conseguir carona.<\/figcaption><\/figure>\n<h3><b>Paraguai<\/b><\/h3>\n<p>Dos pa\u00edses da Am\u00e9rica do Sul que falam espanhol, o Paraguai foi o \u00fanico que n\u00e3o visitamos. Isso foi em partes porque ficava fora de m\u00e3o, em partes porque hav\u00edamos ido para l\u00e1 uns poucos meses antes. De qualquer forma, acho que se fiz\u00e9ssemos a viagem de novo, ter\u00edamos dado um jeito de pisar nas terras guaranis.<\/p>\n<p>Assim como n\u00f3s, pouqu\u00edssimas pessoas que conhecemos inclu\u00edram o Paraguai no roteiro. Os poucos que conhecemos nos disseram que pegar carona por l\u00e1 depende muito da sorte: em alguns dias \u00e9 f\u00e1cil, em outros \u00e9 praticamente imposs\u00edvel. Nas zonas rurais \u00e9 mais prov\u00e1vel que te levem, mas voc\u00ea deve estar disposto a esperar v\u00e1rias horas at\u00e9 o primeiro carro passar. Nas estradas principais, pedir nos postos de gasolina que algu\u00e9m te leve \u00e9 bem mais eficiente do que ficar com o polegar levantado.<\/p>\n<p>Ningu\u00e9m relatou que tenha sido cobrado enquanto estava por l\u00e1.<\/p>\n<figure id=\"attachment_4909\" aria-describedby=\"caption-attachment-4909\" style=\"width: 1000px\" class=\"wp-caption aligncenter\"><img data-recalc-dims=\"1\" loading=\"lazy\" decoding=\"async\" data-attachment-id=\"4909\" data-permalink=\"https:\/\/mundosemfim.com\/?attachment_id=4909\" data-orig-file=\"https:\/\/i0.wp.com\/mundosemfim.com\/wp-content\/uploads\/2017\/01\/PC300476.jpg?fit=1000%2C750&amp;ssl=1\" data-orig-size=\"1000,750\" data-comments-opened=\"1\" data-image-meta=\"{&quot;aperture&quot;:&quot;0&quot;,&quot;credit&quot;:&quot;&quot;,&quot;camera&quot;:&quot;&quot;,&quot;caption&quot;:&quot;&quot;,&quot;created_timestamp&quot;:&quot;0&quot;,&quot;copyright&quot;:&quot;&quot;,&quot;focal_length&quot;:&quot;0&quot;,&quot;iso&quot;:&quot;0&quot;,&quot;shutter_speed&quot;:&quot;0&quot;,&quot;title&quot;:&quot;&quot;,&quot;orientation&quot;:&quot;0&quot;}\" data-image-title=\"PC300476\" data-image-description=\"\" data-image-caption=\"&lt;p&gt;Outra vantagem de viajar de carona \u00e9 que as pessoas que te levam costumam parar para que voc\u00ea tire belas fotos da estrada.&lt;\/p&gt;\n\" data-large-file=\"https:\/\/i0.wp.com\/mundosemfim.com\/wp-content\/uploads\/2017\/01\/PC300476.jpg?fit=764%2C573&amp;ssl=1\" class=\"wp-image-4909 size-full\" src=\"https:\/\/i0.wp.com\/mundosemfim.com\/wp-content\/uploads\/2017\/01\/PC300476.jpg?resize=764%2C573&#038;ssl=1\" alt=\"Carretera Austral, Chile\" width=\"764\" height=\"573\" srcset=\"https:\/\/i0.wp.com\/mundosemfim.com\/wp-content\/uploads\/2017\/01\/PC300476.jpg?w=1000&amp;ssl=1 1000w, https:\/\/i0.wp.com\/mundosemfim.com\/wp-content\/uploads\/2017\/01\/PC300476.jpg?resize=300%2C225&amp;ssl=1 300w, https:\/\/i0.wp.com\/mundosemfim.com\/wp-content\/uploads\/2017\/01\/PC300476.jpg?resize=768%2C576&amp;ssl=1 768w, https:\/\/i0.wp.com\/mundosemfim.com\/wp-content\/uploads\/2017\/01\/PC300476.jpg?resize=800%2C600&amp;ssl=1 800w\" sizes=\"auto, (max-width: 764px) 100vw, 764px\" \/><figcaption id=\"caption-attachment-4909\" class=\"wp-caption-text\">Outra vantagem de viajar de carona \u00e9 que as pessoas que te levam costumam parar para que voc\u00ea tire belas fotos da estrada. Carretera Austral, Chile.<\/figcaption><\/figure>\n<h3><b>Brasil<\/b><\/h3>\n<p>Lamentavelmente, praticamente todas as pessoas que conhecemos que viajaram de carona pelo Brasil reclamaram do mesmo problema: a falta de seguran\u00e7a. Inclusive, o \u00fanico relato que ouvimos de que algu\u00e9m foi roubado enquanto pedia carona foi no Brasil.<\/p>\n<p>Em contrapartida, quase todos concordam em um ponto: nosso pa\u00eds \u00e9 maravilhoso, e o brasileiro \u00e9 muito hospitaleiro. Mesmo quem foi roubado diz sentir um grande carinho pelo Brasil, e que espera visit\u00e1-lo novamente logo.<\/p>\n<p>Talvez um fator que dificulte um pouco a carona no Brasil seja a barreira do idioma: a maioria dos caroneiros que conhecemos eram argentinos ou chilenos, e provavelmente tiveram dificuldades de se comunicar. Outra dificuldade que relataram foi o fato de o Brasil ter muitas cidades grandes, e a sa\u00edda destas cidades para a estrada serem regi\u00f5es bastante perigosas ou de dif\u00edcil acesso.<\/p>\n<figure id=\"attachment_4910\" aria-describedby=\"caption-attachment-4910\" style=\"width: 1000px\" class=\"wp-caption aligncenter\"><img data-recalc-dims=\"1\" loading=\"lazy\" decoding=\"async\" data-attachment-id=\"4910\" data-permalink=\"https:\/\/mundosemfim.com\/?attachment_id=4910\" data-orig-file=\"https:\/\/i0.wp.com\/mundosemfim.com\/wp-content\/uploads\/2017\/01\/DSC_0640.jpg?fit=1000%2C667&amp;ssl=1\" data-orig-size=\"1000,667\" data-comments-opened=\"1\" data-image-meta=\"{&quot;aperture&quot;:&quot;0&quot;,&quot;credit&quot;:&quot;&quot;,&quot;camera&quot;:&quot;&quot;,&quot;caption&quot;:&quot;&quot;,&quot;created_timestamp&quot;:&quot;0&quot;,&quot;copyright&quot;:&quot;&quot;,&quot;focal_length&quot;:&quot;0&quot;,&quot;iso&quot;:&quot;0&quot;,&quot;shutter_speed&quot;:&quot;0&quot;,&quot;title&quot;:&quot;&quot;,&quot;orientation&quot;:&quot;0&quot;}\" data-image-title=\"Carona\" data-image-description=\"\" data-image-caption=\"&lt;p&gt;Algumas vistas espetaculares da ca\u00e7amba de uma caminhonete.&lt;\/p&gt;\n\" data-large-file=\"https:\/\/i0.wp.com\/mundosemfim.com\/wp-content\/uploads\/2017\/01\/DSC_0640.jpg?fit=764%2C510&amp;ssl=1\" class=\"wp-image-4910 size-full\" src=\"https:\/\/i0.wp.com\/mundosemfim.com\/wp-content\/uploads\/2017\/01\/DSC_0640.jpg?resize=764%2C510&#038;ssl=1\" alt=\"Carretera Austral, Chile\" width=\"764\" height=\"510\" srcset=\"https:\/\/i0.wp.com\/mundosemfim.com\/wp-content\/uploads\/2017\/01\/DSC_0640.jpg?w=1000&amp;ssl=1 1000w, https:\/\/i0.wp.com\/mundosemfim.com\/wp-content\/uploads\/2017\/01\/DSC_0640.jpg?resize=300%2C200&amp;ssl=1 300w, https:\/\/i0.wp.com\/mundosemfim.com\/wp-content\/uploads\/2017\/01\/DSC_0640.jpg?resize=768%2C512&amp;ssl=1 768w\" sizes=\"auto, (max-width: 764px) 100vw, 764px\" \/><figcaption id=\"caption-attachment-4910\" class=\"wp-caption-text\">Algumas vistas espetaculares da ca\u00e7amba de uma caminhonete.<\/figcaption><\/figure>\n<p>Segundo os relatos, os estados mais f\u00e1ceis de conseguir carona usando o polegar s\u00e3o: Santa Catarina, Rio, Minas Gerais e Bahia (talvez simplesmente pelo fato de serem os mais visitados). Nos outros, a recomenda\u00e7\u00e3o \u00e9 procurar um posto de gasolina e conversar com os caminhoneiros (e mesmo assim dizem que n\u00e3o \u00e9 t\u00e3o f\u00e1cil).<\/p>\n<p>A vantagem \u00e9 que aplica\u00e7\u00f5es de carona (como o <a href=\"https:\/\/www.blablacar.com.br\/\">BlaBlaCar<\/a>) costumam funcionar razoavelmente bem, assim como grupos de mochileiros do Facebook.<\/p>\n<p>N\u00f3s infelizmente n\u00e3o tivemos nenhuma experi\u00eancia de carona pelo nosso pa\u00eds, mas tentaremos experimentar quando estivermos voltando para a casa!<\/p>\n<h3><strong>Cruzando fronteiras de carona<\/strong><\/h3>\n<p>Uma lenda que h\u00e1 nas caronas \u00e9 que \u00e9 imposs\u00edvel seguir desta forma de um pa\u00eds a outro. Isso porque os tr\u00e2mites de fronteira podem ser complicados, e ningu\u00e9m quer se responsabilizar por pessoas que n\u00e3o conhece.<\/p>\n<p>No fim das contas, isso tudo nos pareceu uma grande bobagem: atravessamos v\u00e1rias vezes as fronteiras entre Chile e Argentina de carona numa boa. O segredo \u00e9 dizer que vai at\u00e9 a fronteira. No meio do caminho, voc\u00ea vai fazendo amizade e\u00a0a pessoa\u00a0acaba te oferecendo carona at\u00e9 o seu destino final. Em alguns casos voc\u00ea ter\u00e1 que descer com todas as tuas coisas e esperar do outro lado (principalmente em pa\u00edses que s\u00e3o chatos com as bagagens, como o Chile). Em outros, basta descer com a pessoa para fazerem a imigra\u00e7\u00e3o juntos.<\/p>\n<figure id=\"attachment_4911\" aria-describedby=\"caption-attachment-4911\" style=\"width: 1000px\" class=\"wp-caption aligncenter\"><img data-recalc-dims=\"1\" loading=\"lazy\" decoding=\"async\" data-attachment-id=\"4911\" data-permalink=\"https:\/\/mundosemfim.com\/?attachment_id=4911\" data-orig-file=\"https:\/\/i0.wp.com\/mundosemfim.com\/wp-content\/uploads\/2017\/01\/P2060066.jpg?fit=1000%2C750&amp;ssl=1\" data-orig-size=\"1000,750\" data-comments-opened=\"1\" data-image-meta=\"{&quot;aperture&quot;:&quot;0&quot;,&quot;credit&quot;:&quot;&quot;,&quot;camera&quot;:&quot;&quot;,&quot;caption&quot;:&quot;&quot;,&quot;created_timestamp&quot;:&quot;0&quot;,&quot;copyright&quot;:&quot;&quot;,&quot;focal_length&quot;:&quot;0&quot;,&quot;iso&quot;:&quot;0&quot;,&quot;shutter_speed&quot;:&quot;0&quot;,&quot;title&quot;:&quot;&quot;,&quot;orientation&quot;:&quot;0&quot;}\" data-image-title=\"Caronas\" data-image-description=\"\" data-image-caption=\"&lt;p&gt;Como n\u00e3o estava previsto na ficha de imigra\u00e7\u00e3o a modalidade &amp;#8220;carona&amp;#8221;, a oficial da fronteira da Terra do Fogo teve que improvisar.&lt;\/p&gt;\n\" data-large-file=\"https:\/\/i0.wp.com\/mundosemfim.com\/wp-content\/uploads\/2017\/01\/P2060066.jpg?fit=764%2C573&amp;ssl=1\" class=\"size-full wp-image-4911\" src=\"https:\/\/i0.wp.com\/mundosemfim.com\/wp-content\/uploads\/2017\/01\/P2060066.jpg?resize=764%2C573&#038;ssl=1\" alt=\"\" width=\"764\" height=\"573\" srcset=\"https:\/\/i0.wp.com\/mundosemfim.com\/wp-content\/uploads\/2017\/01\/P2060066.jpg?w=1000&amp;ssl=1 1000w, https:\/\/i0.wp.com\/mundosemfim.com\/wp-content\/uploads\/2017\/01\/P2060066.jpg?resize=300%2C225&amp;ssl=1 300w, https:\/\/i0.wp.com\/mundosemfim.com\/wp-content\/uploads\/2017\/01\/P2060066.jpg?resize=768%2C576&amp;ssl=1 768w, https:\/\/i0.wp.com\/mundosemfim.com\/wp-content\/uploads\/2017\/01\/P2060066.jpg?resize=800%2C600&amp;ssl=1 800w\" sizes=\"auto, (max-width: 764px) 100vw, 764px\" \/><figcaption id=\"caption-attachment-4911\" class=\"wp-caption-text\">Como n\u00e3o estava previsto na ficha de imigra\u00e7\u00e3o a modalidade &#8220;carona&#8221;, a oficial da fronteira da Terra do Fogo teve que improvisar.<\/figcaption><\/figure>\n<p>\u00c9 isso pessoal! Concordam com as informa\u00e7\u00f5es? Comentem a\u00ed suas experi\u00eancias!<\/p>\n<p>E, para acompanhar nossa viagem de volta ao mundo, curtam nossa p\u00e1gina no face:<br \/>\n<a href=\"http:\/\/www.facebook.com\/mundosemfimoficial\">www.facebook.com\/mundosemfimoficial<\/a><\/p>\n","protected":false},"excerpt":{"rendered":"<p>Atendemos a alguns pedidos, aqui contamos como foi nossa experi\u00eancia viajando de carona por quase toda a Am\u00e9rica do Sul, com as peculiaridades e cada pa\u00eds!<\/p>\n","protected":false},"author":1,"featured_media":4914,"comment_status":"open","ping_status":"open","sticky":false,"template":"","format":"standard","meta":{"jetpack_post_was_ever_published":false,"_jetpack_newsletter_access":"","_jetpack_dont_email_post_to_subs":true,"_jetpack_newsletter_tier_id":0,"_jetpack_memberships_contains_paywalled_content":false,"_jetpack_memberships_contains_paid_content":false,"footnotes":"","jetpack_publicize_message":"","jetpack_publicize_feature_enabled":true,"jetpack_social_post_already_shared":true,"jetpack_social_options":{"image_generator_settings":{"template":"highway","default_image_id":0,"font":"","enabled":false},"version":2}},"categories":[7,360,21],"tags":[],"class_list":["post-4892","post","type-post","status-publish","format-standard","has-post-thumbnail","hentry","category-america-latina","category-carona","category-dicas"],"yoast_head":"<!-- This site is optimized with the Yoast SEO plugin v27.5 - https:\/\/yoast.com\/product\/yoast-seo-wordpress\/ -->\n<title>Viajar de carona pela Am\u00e9rica do Sul \u2013 como foi nossa experi\u00eancia! - Mundo Sem Fim<\/title>\n<meta name=\"robots\" content=\"index, follow, max-snippet:-1, max-image-preview:large, max-video-preview:-1\" \/>\n<link rel=\"canonical\" href=\"https:\/\/mundosemfim.com\/?p=4892\" \/>\n<meta property=\"og:locale\" content=\"pt_BR\" \/>\n<meta property=\"og:type\" content=\"article\" \/>\n<meta property=\"og:title\" content=\"Viajar de carona pela Am\u00e9rica do Sul \u2013 como foi nossa experi\u00eancia! - Mundo Sem Fim\" \/>\n<meta property=\"og:description\" content=\"Atendemos a alguns pedidos, aqui contamos como foi nossa experi\u00eancia viajando de carona por quase toda a Am\u00e9rica do Sul, com as peculiaridades e cada pa\u00eds!\" \/>\n<meta property=\"og:url\" content=\"https:\/\/mundosemfim.com\/?p=4892\" \/>\n<meta property=\"og:site_name\" content=\"Mundo Sem Fim\" \/>\n<meta property=\"article:publisher\" content=\"http:\/\/www.facebook.com\/mundosemfimoficial\" \/>\n<meta property=\"article:published_time\" content=\"2017-01-23T05:16:53+00:00\" \/>\n<meta property=\"article:modified_time\" content=\"2017-08-18T23:34:18+00:00\" \/>\n<meta property=\"og:image\" content=\"https:\/\/i0.wp.com\/mundosemfim.com\/wp-content\/uploads\/2017\/01\/P2280087.jpg?fit=1000%2C750&ssl=1\" \/>\n\t<meta property=\"og:image:width\" content=\"1000\" \/>\n\t<meta property=\"og:image:height\" content=\"750\" \/>\n\t<meta property=\"og:image:type\" content=\"image\/jpeg\" \/>\n<meta name=\"author\" content=\"Renan\" \/>\n<meta name=\"twitter:card\" content=\"summary_large_image\" \/>\n<meta name=\"twitter:label1\" content=\"Escrito por\" \/>\n\t<meta name=\"twitter:data1\" content=\"Renan\" \/>\n\t<meta name=\"twitter:label2\" content=\"Est. tempo de leitura\" \/>\n\t<meta name=\"twitter:data2\" content=\"16 minutos\" \/>\n<script type=\"application\/ld+json\" class=\"yoast-schema-graph\">{\"@context\":\"https:\\\/\\\/schema.org\",\"@graph\":[{\"@type\":\"Article\",\"@id\":\"https:\\\/\\\/mundosemfim.com\\\/?p=4892#article\",\"isPartOf\":{\"@id\":\"https:\\\/\\\/mundosemfim.com\\\/?p=4892\"},\"author\":{\"name\":\"Renan\",\"@id\":\"https:\\\/\\\/mundosemfim.com\\\/#\\\/schema\\\/person\\\/b021d50f3a19bae432e9b69ffbfa9257\"},\"headline\":\"Viajar de carona pela Am\u00e9rica do Sul \u2013 como foi nossa experi\u00eancia!\",\"datePublished\":\"2017-01-23T05:16:53+00:00\",\"dateModified\":\"2017-08-18T23:34:18+00:00\",\"mainEntityOfPage\":{\"@id\":\"https:\\\/\\\/mundosemfim.com\\\/?p=4892\"},\"wordCount\":3136,\"commentCount\":20,\"image\":{\"@id\":\"https:\\\/\\\/mundosemfim.com\\\/?p=4892#primaryimage\"},\"thumbnailUrl\":\"https:\\\/\\\/i0.wp.com\\\/mundosemfim.com\\\/wp-content\\\/uploads\\\/2017\\\/01\\\/P2280087.jpg?fit=1000%2C750&ssl=1\",\"articleSection\":[\"am\u00e9rica latina\",\"carona\",\"dicas\"],\"inLanguage\":\"pt-BR\",\"potentialAction\":[{\"@type\":\"CommentAction\",\"name\":\"Comment\",\"target\":[\"https:\\\/\\\/mundosemfim.com\\\/?p=4892#respond\"]}]},{\"@type\":\"WebPage\",\"@id\":\"https:\\\/\\\/mundosemfim.com\\\/?p=4892\",\"url\":\"https:\\\/\\\/mundosemfim.com\\\/?p=4892\",\"name\":\"Viajar de carona pela Am\u00e9rica do Sul \u2013 como foi nossa experi\u00eancia! - Mundo Sem Fim\",\"isPartOf\":{\"@id\":\"https:\\\/\\\/mundosemfim.com\\\/#website\"},\"primaryImageOfPage\":{\"@id\":\"https:\\\/\\\/mundosemfim.com\\\/?p=4892#primaryimage\"},\"image\":{\"@id\":\"https:\\\/\\\/mundosemfim.com\\\/?p=4892#primaryimage\"},\"thumbnailUrl\":\"https:\\\/\\\/i0.wp.com\\\/mundosemfim.com\\\/wp-content\\\/uploads\\\/2017\\\/01\\\/P2280087.jpg?fit=1000%2C750&ssl=1\",\"datePublished\":\"2017-01-23T05:16:53+00:00\",\"dateModified\":\"2017-08-18T23:34:18+00:00\",\"author\":{\"@id\":\"https:\\\/\\\/mundosemfim.com\\\/#\\\/schema\\\/person\\\/b021d50f3a19bae432e9b69ffbfa9257\"},\"breadcrumb\":{\"@id\":\"https:\\\/\\\/mundosemfim.com\\\/?p=4892#breadcrumb\"},\"inLanguage\":\"pt-BR\",\"potentialAction\":[{\"@type\":\"ReadAction\",\"target\":[\"https:\\\/\\\/mundosemfim.com\\\/?p=4892\"]}]},{\"@type\":\"ImageObject\",\"inLanguage\":\"pt-BR\",\"@id\":\"https:\\\/\\\/mundosemfim.com\\\/?p=4892#primaryimage\",\"url\":\"https:\\\/\\\/i0.wp.com\\\/mundosemfim.com\\\/wp-content\\\/uploads\\\/2017\\\/01\\\/P2280087.jpg?fit=1000%2C750&ssl=1\",\"contentUrl\":\"https:\\\/\\\/i0.wp.com\\\/mundosemfim.com\\\/wp-content\\\/uploads\\\/2017\\\/01\\\/P2280087.jpg?fit=1000%2C750&ssl=1\",\"width\":1000,\"height\":750,\"caption\":\"Pedindo carona\"},{\"@type\":\"BreadcrumbList\",\"@id\":\"https:\\\/\\\/mundosemfim.com\\\/?p=4892#breadcrumb\",\"itemListElement\":[{\"@type\":\"ListItem\",\"position\":1,\"name\":\"In\u00edcio\",\"item\":\"https:\\\/\\\/mundosemfim.com\\\/\"},{\"@type\":\"ListItem\",\"position\":2,\"name\":\"Viajar de carona pela Am\u00e9rica do Sul \u2013 como foi nossa experi\u00eancia!\"}]},{\"@type\":\"WebSite\",\"@id\":\"https:\\\/\\\/mundosemfim.com\\\/#website\",\"url\":\"https:\\\/\\\/mundosemfim.com\\\/\",\"name\":\"Mundo Sem Fim\",\"description\":\"uma viagem de volta ao mundo pelos 5 continentes!\",\"potentialAction\":[{\"@type\":\"SearchAction\",\"target\":{\"@type\":\"EntryPoint\",\"urlTemplate\":\"https:\\\/\\\/mundosemfim.com\\\/?s={search_term_string}\"},\"query-input\":{\"@type\":\"PropertyValueSpecification\",\"valueRequired\":true,\"valueName\":\"search_term_string\"}}],\"inLanguage\":\"pt-BR\"},{\"@type\":\"Person\",\"@id\":\"https:\\\/\\\/mundosemfim.com\\\/#\\\/schema\\\/person\\\/b021d50f3a19bae432e9b69ffbfa9257\",\"name\":\"Renan\",\"image\":{\"@type\":\"ImageObject\",\"inLanguage\":\"pt-BR\",\"@id\":\"https:\\\/\\\/secure.gravatar.com\\\/avatar\\\/faafca769a603ac75196d21826f3bda645d7e2d6306bb6e236d8cdb38eb44e38?s=96&d=mm&r=g\",\"url\":\"https:\\\/\\\/secure.gravatar.com\\\/avatar\\\/faafca769a603ac75196d21826f3bda645d7e2d6306bb6e236d8cdb38eb44e38?s=96&d=mm&r=g\",\"contentUrl\":\"https:\\\/\\\/secure.gravatar.com\\\/avatar\\\/faafca769a603ac75196d21826f3bda645d7e2d6306bb6e236d8cdb38eb44e38?s=96&d=mm&r=g\",\"caption\":\"Renan\"}}]}<\/script>\n<!-- \/ Yoast SEO plugin. -->","yoast_head_json":{"title":"Viajar de carona pela Am\u00e9rica do Sul \u2013 como foi nossa experi\u00eancia! - Mundo Sem Fim","robots":{"index":"index","follow":"follow","max-snippet":"max-snippet:-1","max-image-preview":"max-image-preview:large","max-video-preview":"max-video-preview:-1"},"canonical":"https:\/\/mundosemfim.com\/?p=4892","og_locale":"pt_BR","og_type":"article","og_title":"Viajar de carona pela Am\u00e9rica do Sul \u2013 como foi nossa experi\u00eancia! - Mundo Sem Fim","og_description":"Atendemos a alguns pedidos, aqui contamos como foi nossa experi\u00eancia viajando de carona por quase toda a Am\u00e9rica do Sul, com as peculiaridades e cada pa\u00eds!","og_url":"https:\/\/mundosemfim.com\/?p=4892","og_site_name":"Mundo Sem Fim","article_publisher":"http:\/\/www.facebook.com\/mundosemfimoficial","article_published_time":"2017-01-23T05:16:53+00:00","article_modified_time":"2017-08-18T23:34:18+00:00","og_image":[{"width":1000,"height":750,"url":"https:\/\/i0.wp.com\/mundosemfim.com\/wp-content\/uploads\/2017\/01\/P2280087.jpg?fit=1000%2C750&ssl=1","type":"image\/jpeg"}],"author":"Renan","twitter_card":"summary_large_image","twitter_misc":{"Escrito por":"Renan","Est. tempo de leitura":"16 minutos"},"schema":{"@context":"https:\/\/schema.org","@graph":[{"@type":"Article","@id":"https:\/\/mundosemfim.com\/?p=4892#article","isPartOf":{"@id":"https:\/\/mundosemfim.com\/?p=4892"},"author":{"name":"Renan","@id":"https:\/\/mundosemfim.com\/#\/schema\/person\/b021d50f3a19bae432e9b69ffbfa9257"},"headline":"Viajar de carona pela Am\u00e9rica do Sul \u2013 como foi nossa experi\u00eancia!","datePublished":"2017-01-23T05:16:53+00:00","dateModified":"2017-08-18T23:34:18+00:00","mainEntityOfPage":{"@id":"https:\/\/mundosemfim.com\/?p=4892"},"wordCount":3136,"commentCount":20,"image":{"@id":"https:\/\/mundosemfim.com\/?p=4892#primaryimage"},"thumbnailUrl":"https:\/\/i0.wp.com\/mundosemfim.com\/wp-content\/uploads\/2017\/01\/P2280087.jpg?fit=1000%2C750&ssl=1","articleSection":["am\u00e9rica latina","carona","dicas"],"inLanguage":"pt-BR","potentialAction":[{"@type":"CommentAction","name":"Comment","target":["https:\/\/mundosemfim.com\/?p=4892#respond"]}]},{"@type":"WebPage","@id":"https:\/\/mundosemfim.com\/?p=4892","url":"https:\/\/mundosemfim.com\/?p=4892","name":"Viajar de carona pela Am\u00e9rica do Sul \u2013 como foi nossa experi\u00eancia! - Mundo Sem Fim","isPartOf":{"@id":"https:\/\/mundosemfim.com\/#website"},"primaryImageOfPage":{"@id":"https:\/\/mundosemfim.com\/?p=4892#primaryimage"},"image":{"@id":"https:\/\/mundosemfim.com\/?p=4892#primaryimage"},"thumbnailUrl":"https:\/\/i0.wp.com\/mundosemfim.com\/wp-content\/uploads\/2017\/01\/P2280087.jpg?fit=1000%2C750&ssl=1","datePublished":"2017-01-23T05:16:53+00:00","dateModified":"2017-08-18T23:34:18+00:00","author":{"@id":"https:\/\/mundosemfim.com\/#\/schema\/person\/b021d50f3a19bae432e9b69ffbfa9257"},"breadcrumb":{"@id":"https:\/\/mundosemfim.com\/?p=4892#breadcrumb"},"inLanguage":"pt-BR","potentialAction":[{"@type":"ReadAction","target":["https:\/\/mundosemfim.com\/?p=4892"]}]},{"@type":"ImageObject","inLanguage":"pt-BR","@id":"https:\/\/mundosemfim.com\/?p=4892#primaryimage","url":"https:\/\/i0.wp.com\/mundosemfim.com\/wp-content\/uploads\/2017\/01\/P2280087.jpg?fit=1000%2C750&ssl=1","contentUrl":"https:\/\/i0.wp.com\/mundosemfim.com\/wp-content\/uploads\/2017\/01\/P2280087.jpg?fit=1000%2C750&ssl=1","width":1000,"height":750,"caption":"Pedindo carona"},{"@type":"BreadcrumbList","@id":"https:\/\/mundosemfim.com\/?p=4892#breadcrumb","itemListElement":[{"@type":"ListItem","position":1,"name":"In\u00edcio","item":"https:\/\/mundosemfim.com\/"},{"@type":"ListItem","position":2,"name":"Viajar de carona pela Am\u00e9rica do Sul \u2013 como foi nossa experi\u00eancia!"}]},{"@type":"WebSite","@id":"https:\/\/mundosemfim.com\/#website","url":"https:\/\/mundosemfim.com\/","name":"Mundo Sem Fim","description":"uma viagem de volta ao mundo pelos 5 continentes!","potentialAction":[{"@type":"SearchAction","target":{"@type":"EntryPoint","urlTemplate":"https:\/\/mundosemfim.com\/?s={search_term_string}"},"query-input":{"@type":"PropertyValueSpecification","valueRequired":true,"valueName":"search_term_string"}}],"inLanguage":"pt-BR"},{"@type":"Person","@id":"https:\/\/mundosemfim.com\/#\/schema\/person\/b021d50f3a19bae432e9b69ffbfa9257","name":"Renan","image":{"@type":"ImageObject","inLanguage":"pt-BR","@id":"https:\/\/secure.gravatar.com\/avatar\/faafca769a603ac75196d21826f3bda645d7e2d6306bb6e236d8cdb38eb44e38?s=96&d=mm&r=g","url":"https:\/\/secure.gravatar.com\/avatar\/faafca769a603ac75196d21826f3bda645d7e2d6306bb6e236d8cdb38eb44e38?s=96&d=mm&r=g","contentUrl":"https:\/\/secure.gravatar.com\/avatar\/faafca769a603ac75196d21826f3bda645d7e2d6306bb6e236d8cdb38eb44e38?s=96&d=mm&r=g","caption":"Renan"}}]}},"jetpack_publicize_connections":[],"jetpack_featured_media_url":"https:\/\/i0.wp.com\/mundosemfim.com\/wp-content\/uploads\/2017\/01\/P2280087.jpg?fit=1000%2C750&ssl=1","jetpack_sharing_enabled":true,"jetpack_shortlink":"https:\/\/wp.me\/p7CQyF-1gU","jetpack-related-posts":[{"id":974,"url":"https:\/\/mundosemfim.com\/?p=974","url_meta":{"origin":4892,"position":0},"title":"Quer viajar de carona e tem receios? Tudo o que voc\u00ea precisa saber sobre este estilo \u00fanico de viajar!","author":"Renan","date":"mar\u00e7o 2, 2016","format":false,"excerpt":"Muita gente tem nos perguntado sobre como \u00e9 viajar de carona em um pa\u00eds desconhecido. N\u00f3s conhecemos este estilo de viagem agora, e vamos compartilhar com voc\u00eas tudo o que aprendemos por essas estradas! Gostar\u00edamos de escrever este post mais para a frente, assim ter\u00edamos uma vis\u00e3o mais ampla sobre\u2026","rel":"","context":"Em &quot;carona&quot;","block_context":{"text":"carona","link":"https:\/\/mundosemfim.com\/?cat=360"},"img":{"alt_text":"","src":"https:\/\/i0.wp.com\/mundosemfim.com\/wp-content\/uploads\/2016\/03\/p1170678.jpg?fit=1089%2C776&ssl=1&resize=350%2C200","width":350,"height":200,"srcset":"https:\/\/i0.wp.com\/mundosemfim.com\/wp-content\/uploads\/2016\/03\/p1170678.jpg?fit=1089%2C776&ssl=1&resize=350%2C200 1x, https:\/\/i0.wp.com\/mundosemfim.com\/wp-content\/uploads\/2016\/03\/p1170678.jpg?fit=1089%2C776&ssl=1&resize=525%2C300 1.5x, https:\/\/i0.wp.com\/mundosemfim.com\/wp-content\/uploads\/2016\/03\/p1170678.jpg?fit=1089%2C776&ssl=1&resize=700%2C400 2x, https:\/\/i0.wp.com\/mundosemfim.com\/wp-content\/uploads\/2016\/03\/p1170678.jpg?fit=1089%2C776&ssl=1&resize=1050%2C600 3x"},"classes":[]},{"id":5453,"url":"https:\/\/mundosemfim.com\/?p=5453","url_meta":{"origin":4892,"position":1},"title":"Quer viajar o mundo de carona em veleiros? Conhe\u00e7a o Find a Crew","author":"Renan","date":"fevereiro 23, 2017","format":false,"excerpt":"Sabe estes sites onde se troca trabalho por comida e hospedagem nos hostels? O Find a Crew \u00e9 parecido, mas sua hospedagem ser\u00e1 em um barco que viaja pelo mundo! Estes filmes de marinheiros e piratas, onde as pessoas conhecem o mundo inteiro limpando o conv\u00e9s dos navios, j\u00e1 inspiraram\u2026","rel":"","context":"Em &quot;dicas&quot;","block_context":{"text":"dicas","link":"https:\/\/mundosemfim.com\/?cat=21"},"img":{"alt_text":"","src":"https:\/\/i0.wp.com\/mundosemfim.com\/wp-content\/uploads\/2017\/02\/sailboat-435448_960_720.jpg?fit=960%2C720&ssl=1&resize=350%2C200","width":350,"height":200,"srcset":"https:\/\/i0.wp.com\/mundosemfim.com\/wp-content\/uploads\/2017\/02\/sailboat-435448_960_720.jpg?fit=960%2C720&ssl=1&resize=350%2C200 1x, https:\/\/i0.wp.com\/mundosemfim.com\/wp-content\/uploads\/2017\/02\/sailboat-435448_960_720.jpg?fit=960%2C720&ssl=1&resize=525%2C300 1.5x, https:\/\/i0.wp.com\/mundosemfim.com\/wp-content\/uploads\/2017\/02\/sailboat-435448_960_720.jpg?fit=960%2C720&ssl=1&resize=700%2C400 2x"},"classes":[]},{"id":6092,"url":"https:\/\/mundosemfim.com\/?p=6092","url_meta":{"origin":4892,"position":2},"title":"10 sites que todo mochileiro precisa conhecer","author":"Renan","date":"junho 26, 2017","format":false,"excerpt":"Gosta de viajar? Confira esta lista de 10 sites que voc\u00ea precisa conhecer! 1. Atlas Obscura Nosso site favorito para encontrar aqueles lugares espetaculares que quase ningu\u00e9m conhece. Ele possui um mapa indicando algumas joias que cada pa\u00eds possui e que s\u00e3o pouco visitadas por turistas. Pode ser uma boa\u2026","rel":"","context":"Em &quot;dicas&quot;","block_context":{"text":"dicas","link":"https:\/\/mundosemfim.com\/?cat=21"},"img":{"alt_text":"Mucuvinha","src":"https:\/\/i0.wp.com\/mundosemfim.com\/wp-content\/uploads\/2017\/06\/dsc_0073-1.jpg?fit=900%2C600&ssl=1&resize=350%2C200","width":350,"height":200,"srcset":"https:\/\/i0.wp.com\/mundosemfim.com\/wp-content\/uploads\/2017\/06\/dsc_0073-1.jpg?fit=900%2C600&ssl=1&resize=350%2C200 1x, https:\/\/i0.wp.com\/mundosemfim.com\/wp-content\/uploads\/2017\/06\/dsc_0073-1.jpg?fit=900%2C600&ssl=1&resize=525%2C300 1.5x, https:\/\/i0.wp.com\/mundosemfim.com\/wp-content\/uploads\/2017\/06\/dsc_0073-1.jpg?fit=900%2C600&ssl=1&resize=700%2C400 2x"},"classes":[]},{"id":4057,"url":"https:\/\/mundosemfim.com\/?p=4057","url_meta":{"origin":4892,"position":3},"title":"Roteiros pela Patag\u00f4nia \u2013 dicas para aproveitar ao m\u00e1ximo esta regi\u00e3o maravilhosa!","author":"Renan","date":"agosto 29, 2016","format":false,"excerpt":"Muitas pessoas nos procuram perguntando sobre roteiro e pedindo sugest\u00f5es para conhecer a Patag\u00f4nia. Por isso, resolvemos postar aqui alguns roteiros e dicas para aproveitar ao m\u00e1ximo este lugar! Com picos nevados, glaciares, lagoas azuis e parques nacionais para tudo que \u00e9 lado, a Patag\u00f4nia, regi\u00e3o compartilhada pelo sul da\u2026","rel":"","context":"Em &quot;Am\u00e9rica do Sul&quot;","block_context":{"text":"Am\u00e9rica do Sul","link":"https:\/\/mundosemfim.com\/?cat=6"},"img":{"alt_text":"","src":"https:\/\/i0.wp.com\/mundosemfim.com\/wp-content\/uploads\/2016\/08\/DSC_0624-1.jpg?fit=717%2C421&ssl=1&resize=350%2C200","width":350,"height":200,"srcset":"https:\/\/i0.wp.com\/mundosemfim.com\/wp-content\/uploads\/2016\/08\/DSC_0624-1.jpg?fit=717%2C421&ssl=1&resize=350%2C200 1x, https:\/\/i0.wp.com\/mundosemfim.com\/wp-content\/uploads\/2016\/08\/DSC_0624-1.jpg?fit=717%2C421&ssl=1&resize=525%2C300 1.5x, https:\/\/i0.wp.com\/mundosemfim.com\/wp-content\/uploads\/2016\/08\/DSC_0624-1.jpg?fit=717%2C421&ssl=1&resize=700%2C400 2x"},"classes":[]},{"id":1060,"url":"https:\/\/mundosemfim.com\/?p=1060","url_meta":{"origin":4892,"position":4},"title":"Economizando pela Patag\u00f4nia \u2013 dicas sobre hospedagens e carona por uma das regi\u00f5es mais caras do continente","author":"Renan","date":"mar\u00e7o 22, 2016","format":false,"excerpt":"Acabamos de sair da regi\u00e3o da patag\u00f4nia, um dos lugares mais bonitos o nosso continente. Apesar de car\u00edssimo, conseguimos viajar por aqui gastando bem pouco (menos do que gastamos em regi\u00f5es mais baratas), e queremos compartilhar com voc\u00eas algumas dicas para quem quer viajar sem gastar muito! Refer\u00eancia para mar\/2016:\u2026","rel":"","context":"Em &quot;Am\u00e9rica do Sul&quot;","block_context":{"text":"Am\u00e9rica do Sul","link":"https:\/\/mundosemfim.com\/?cat=6"},"img":{"alt_text":"","src":"https:\/\/i0.wp.com\/mundosemfim.com\/wp-content\/uploads\/2016\/03\/p2280087.jpg?fit=1200%2C900&ssl=1&resize=350%2C200","width":350,"height":200,"srcset":"https:\/\/i0.wp.com\/mundosemfim.com\/wp-content\/uploads\/2016\/03\/p2280087.jpg?fit=1200%2C900&ssl=1&resize=350%2C200 1x, https:\/\/i0.wp.com\/mundosemfim.com\/wp-content\/uploads\/2016\/03\/p2280087.jpg?fit=1200%2C900&ssl=1&resize=525%2C300 1.5x, https:\/\/i0.wp.com\/mundosemfim.com\/wp-content\/uploads\/2016\/03\/p2280087.jpg?fit=1200%2C900&ssl=1&resize=700%2C400 2x, https:\/\/i0.wp.com\/mundosemfim.com\/wp-content\/uploads\/2016\/03\/p2280087.jpg?fit=1200%2C900&ssl=1&resize=1050%2C600 3x"},"classes":[]},{"id":9233,"url":"https:\/\/mundosemfim.com\/?p=9233","url_meta":{"origin":4892,"position":5},"title":"Mochilando pelo Tibete chin\u00eas \u2013 sem guia e de carona","author":"Renan","date":"abril 4, 2019","format":false,"excerpt":"Aqui contamos um pouco como foi uma das melhores experi\u00eancias que j\u00e1 tivemos na \u00c1sia: viajar pela regi\u00e3o do Tibete, enfrentando frio e pegando carona sem falar nada do idioma local. O Tibete Quase que o Tibete n\u00e3o entra no nosso roteiro. Isso porque, pelo que hav\u00edamos lido at\u00e9 ent\u00e3o,\u2026","rel":"","context":"Em &quot;carona&quot;","block_context":{"text":"carona","link":"https:\/\/mundosemfim.com\/?cat=360"},"img":{"alt_text":"Viajando pelo Tibete chin\u00eas","src":"https:\/\/i0.wp.com\/mundosemfim.com\/wp-content\/uploads\/2019\/04\/GOPR1680.jpg?fit=800%2C600&ssl=1&resize=350%2C200","width":350,"height":200,"srcset":"https:\/\/i0.wp.com\/mundosemfim.com\/wp-content\/uploads\/2019\/04\/GOPR1680.jpg?fit=800%2C600&ssl=1&resize=350%2C200 1x, https:\/\/i0.wp.com\/mundosemfim.com\/wp-content\/uploads\/2019\/04\/GOPR1680.jpg?fit=800%2C600&ssl=1&resize=525%2C300 1.5x, https:\/\/i0.wp.com\/mundosemfim.com\/wp-content\/uploads\/2019\/04\/GOPR1680.jpg?fit=800%2C600&ssl=1&resize=700%2C400 2x"},"classes":[]}],"_links":{"self":[{"href":"https:\/\/mundosemfim.com\/index.php?rest_route=\/wp\/v2\/posts\/4892","targetHints":{"allow":["GET"]}}],"collection":[{"href":"https:\/\/mundosemfim.com\/index.php?rest_route=\/wp\/v2\/posts"}],"about":[{"href":"https:\/\/mundosemfim.com\/index.php?rest_route=\/wp\/v2\/types\/post"}],"author":[{"embeddable":true,"href":"https:\/\/mundosemfim.com\/index.php?rest_route=\/wp\/v2\/users\/1"}],"replies":[{"embeddable":true,"href":"https:\/\/mundosemfim.com\/index.php?rest_route=%2Fwp%2Fv2%2Fcomments&post=4892"}],"version-history":[{"count":5,"href":"https:\/\/mundosemfim.com\/index.php?rest_route=\/wp\/v2\/posts\/4892\/revisions"}],"predecessor-version":[{"id":6422,"href":"https:\/\/mundosemfim.com\/index.php?rest_route=\/wp\/v2\/posts\/4892\/revisions\/6422"}],"wp:featuredmedia":[{"embeddable":true,"href":"https:\/\/mundosemfim.com\/index.php?rest_route=\/wp\/v2\/media\/4914"}],"wp:attachment":[{"href":"https:\/\/mundosemfim.com\/index.php?rest_route=%2Fwp%2Fv2%2Fmedia&parent=4892"}],"wp:term":[{"taxonomy":"category","embeddable":true,"href":"https:\/\/mundosemfim.com\/index.php?rest_route=%2Fwp%2Fv2%2Fcategories&post=4892"},{"taxonomy":"post_tag","embeddable":true,"href":"https:\/\/mundosemfim.com\/index.php?rest_route=%2Fwp%2Fv2%2Ftags&post=4892"}],"curies":[{"name":"wp","href":"https:\/\/api.w.org\/{rel}","templated":true}]}}