{"id":4822,"date":"2017-01-13T00:39:39","date_gmt":"2017-01-13T02:39:39","guid":{"rendered":"https:\/\/mundosemfim.com\/?p=4822"},"modified":"2017-02-09T02:05:41","modified_gmt":"2017-02-09T04:05:41","slug":"conhecendo-a-colonia-tovar-um-pedaco-da-alemanha-na-venezuela","status":"publish","type":"post","link":"https:\/\/mundosemfim.com\/?p=4822","title":{"rendered":"Conhecendo a Col\u00f4nia Tovar \u2013 Um peda\u00e7o da Alemanha na Venezuela"},"content":{"rendered":"<p>A menos de 50km da fervilhante <a href=\"https:\/\/mundosemfim.com\/o-que-fazer-em-caracas-a-bela-capital-venezuelana\/\">Caracas<\/a> est\u00e1 esta bela e pac\u00edfica cidade, rodeada por uma natureza espetacular e com uma arquitetura e cultura t\u00edpicas da Alemanha. Um \u00f3timo lugar para relaxar e esquecer um pouco da crise venezuelana!<\/p>\n<p><!--more--><b>Refer\u00eancia (janeiro\/2017)<br \/>\n<\/b>1 d\u00f3lar = 3500 bol\u00edvares fuertes*<br \/>\n1 d\u00f3lar = 3,20 reais<\/p>\n<p>*no c\u00e2mbio negro. O aumento do d\u00f3lar e a infla\u00e7\u00e3o s\u00e3o quase di\u00e1rios na Venezuela.<\/p>\n<figure id=\"attachment_4823\" aria-describedby=\"caption-attachment-4823\" style=\"width: 1000px\" class=\"wp-caption aligncenter\"><img data-recalc-dims=\"1\" loading=\"lazy\" decoding=\"async\" data-attachment-id=\"4823\" data-permalink=\"https:\/\/mundosemfim.com\/?attachment_id=4823\" data-orig-file=\"https:\/\/i0.wp.com\/mundosemfim.com\/wp-content\/uploads\/2017\/01\/DSC_0006.jpg?fit=1000%2C667&amp;ssl=1\" data-orig-size=\"1000,667\" data-comments-opened=\"1\" data-image-meta=\"{&quot;aperture&quot;:&quot;0&quot;,&quot;credit&quot;:&quot;&quot;,&quot;camera&quot;:&quot;&quot;,&quot;caption&quot;:&quot;&quot;,&quot;created_timestamp&quot;:&quot;0&quot;,&quot;copyright&quot;:&quot;&quot;,&quot;focal_length&quot;:&quot;0&quot;,&quot;iso&quot;:&quot;0&quot;,&quot;shutter_speed&quot;:&quot;0&quot;,&quot;title&quot;:&quot;&quot;,&quot;orientation&quot;:&quot;0&quot;}\" data-image-title=\"Col\u00f4nia Tovar\" data-image-description=\"\" data-image-caption=\"&lt;p&gt;Col\u00f4nia Tovar &amp;#8211; a Alemanha do Caribe&lt;\/p&gt;\n\" data-large-file=\"https:\/\/i0.wp.com\/mundosemfim.com\/wp-content\/uploads\/2017\/01\/DSC_0006.jpg?fit=764%2C510&amp;ssl=1\" class=\"wp-image-4823 size-full\" src=\"https:\/\/i0.wp.com\/mundosemfim.com\/wp-content\/uploads\/2017\/01\/DSC_0006.jpg?resize=764%2C510&#038;ssl=1\" alt=\"Col\u00f4nia Tovar, Venezuela\" width=\"764\" height=\"510\" srcset=\"https:\/\/i0.wp.com\/mundosemfim.com\/wp-content\/uploads\/2017\/01\/DSC_0006.jpg?w=1000&amp;ssl=1 1000w, https:\/\/i0.wp.com\/mundosemfim.com\/wp-content\/uploads\/2017\/01\/DSC_0006.jpg?resize=300%2C200&amp;ssl=1 300w, https:\/\/i0.wp.com\/mundosemfim.com\/wp-content\/uploads\/2017\/01\/DSC_0006.jpg?resize=768%2C512&amp;ssl=1 768w\" sizes=\"auto, (max-width: 764px) 100vw, 764px\" \/><figcaption id=\"caption-attachment-4823\" class=\"wp-caption-text\">Col\u00f4nia Tovar &#8211; a Alemanha do Caribe<\/figcaption><\/figure>\n<h3><b>Conhecendo a cidade<\/b><\/h3>\n<p>Col\u00f4nia Tovar, tamb\u00e9m conhecida como &#8220;a Alemanha do Caribe&#8221;, foi fundada em 1843 por um grupo de imigrantes vindos do ent\u00e3o estado independente de Grande Ducado de Baden, que posteriormente foi anexado \u00e0 Alemanha.<\/p>\n<p>Hoje a cidade, que tem pouco mais de 21 mil habitantes, vive praticamente do turismo, e costuma encher nos fins de semana e nas f\u00e9rias, tanto por turistas estrangeiros quanto por caraquenhos que buscam escapar um pouco do caos da cidade grande.<\/p>\n<p>Quem vem de fora e come\u00e7a o recorrido pela Col\u00f4nia Tovar custa a acreditar que o pa\u00eds est\u00e1 em crise: os hot\u00e9is lotados, os carros luxuosos, os restaurantes cheios e as ruas seguras mostram que o turismo por aqui continua forte.<\/p>\n<p>Al\u00e9m do turismo, o cultivo de p\u00eassegos, morangos e a fabrica\u00e7\u00e3o de cervejas artesanais representam uma boa fatia da economia local.<\/p>\n<figure id=\"attachment_4824\" aria-describedby=\"caption-attachment-4824\" style=\"width: 1000px\" class=\"wp-caption aligncenter\"><img data-recalc-dims=\"1\" loading=\"lazy\" decoding=\"async\" data-attachment-id=\"4824\" data-permalink=\"https:\/\/mundosemfim.com\/?attachment_id=4824\" data-orig-file=\"https:\/\/i0.wp.com\/mundosemfim.com\/wp-content\/uploads\/2017\/01\/DSC_0001.jpg?fit=1000%2C667&amp;ssl=1\" data-orig-size=\"1000,667\" data-comments-opened=\"1\" data-image-meta=\"{&quot;aperture&quot;:&quot;0&quot;,&quot;credit&quot;:&quot;&quot;,&quot;camera&quot;:&quot;&quot;,&quot;caption&quot;:&quot;&quot;,&quot;created_timestamp&quot;:&quot;0&quot;,&quot;copyright&quot;:&quot;&quot;,&quot;focal_length&quot;:&quot;0&quot;,&quot;iso&quot;:&quot;0&quot;,&quot;shutter_speed&quot;:&quot;0&quot;,&quot;title&quot;:&quot;&quot;,&quot;orientation&quot;:&quot;0&quot;}\" data-image-title=\"Col\u00f4nia Tovar\" data-image-description=\"\" data-image-caption=\"&lt;p&gt;Feira de rua na Col\u00f4nia Tovar&lt;\/p&gt;\n\" data-large-file=\"https:\/\/i0.wp.com\/mundosemfim.com\/wp-content\/uploads\/2017\/01\/DSC_0001.jpg?fit=764%2C510&amp;ssl=1\" class=\"wp-image-4824 size-full\" src=\"https:\/\/i0.wp.com\/mundosemfim.com\/wp-content\/uploads\/2017\/01\/DSC_0001.jpg?resize=764%2C510&#038;ssl=1\" alt=\"Feira de rua da Col\u00f4nia Tovar\" width=\"764\" height=\"510\" srcset=\"https:\/\/i0.wp.com\/mundosemfim.com\/wp-content\/uploads\/2017\/01\/DSC_0001.jpg?w=1000&amp;ssl=1 1000w, https:\/\/i0.wp.com\/mundosemfim.com\/wp-content\/uploads\/2017\/01\/DSC_0001.jpg?resize=300%2C200&amp;ssl=1 300w, https:\/\/i0.wp.com\/mundosemfim.com\/wp-content\/uploads\/2017\/01\/DSC_0001.jpg?resize=768%2C512&amp;ssl=1 768w\" sizes=\"auto, (max-width: 764px) 100vw, 764px\" \/><figcaption id=\"caption-attachment-4824\" class=\"wp-caption-text\">Feira de rua na Col\u00f4nia Tovar<\/figcaption><\/figure>\n<h3><b>Como chegar \u00e0 Col\u00f4nia Tovar?<\/b><\/h3>\n<p>Para chegar \u00e0 Col\u00f4nia desde <a href=\"https:\/\/mundosemfim.com\/o-que-fazer-em-caracas-a-bela-capital-venezuelana\/\">Caracas<\/a>, pegue o metr\u00f4 at\u00e9 a esta\u00e7\u00e3o La Hoyada, e l\u00e1 procure os \u00f4nibus que v\u00e3o para El Junquito (350 bol\u00edvares). Certifique-se que o \u00f4nibus vai at\u00e9 o &#8220;pueblo&#8221;, pois h\u00e1 outros que levam apenas at\u00e9 o km 12.<\/p>\n<p>Logo que estiver chegando a El Junquito pe\u00e7a para descer onde saem os \u00f4nibus para a Col\u00f4nia Tovar. Estes saem de hora em hora ou quando enchem, e custam 450 bol\u00edvares. O recorrido inteiro dura cerca de 2 horas.<\/p>\n<p>Se n\u00e3o quiser passar por <a href=\"https:\/\/mundosemfim.com\/o-que-fazer-em-caracas-a-bela-capital-venezuelana\/\">Caracas<\/a>, v\u00e1 at\u00e9 La Victoria (est\u00e1 na rota entre Caracas e Valencia), e de l\u00e1 pegue um \u00f4nibus direto para a Col\u00f4nia (600 bol\u00edvares, 1h30min).<\/p>\n<figure id=\"attachment_4825\" aria-describedby=\"caption-attachment-4825\" style=\"width: 1000px\" class=\"wp-caption aligncenter\"><img data-recalc-dims=\"1\" loading=\"lazy\" decoding=\"async\" data-attachment-id=\"4825\" data-permalink=\"https:\/\/mundosemfim.com\/?attachment_id=4825\" data-orig-file=\"https:\/\/i0.wp.com\/mundosemfim.com\/wp-content\/uploads\/2017\/01\/DSC_0033.jpg?fit=1000%2C667&amp;ssl=1\" data-orig-size=\"1000,667\" data-comments-opened=\"1\" data-image-meta=\"{&quot;aperture&quot;:&quot;0&quot;,&quot;credit&quot;:&quot;&quot;,&quot;camera&quot;:&quot;&quot;,&quot;caption&quot;:&quot;&quot;,&quot;created_timestamp&quot;:&quot;0&quot;,&quot;copyright&quot;:&quot;&quot;,&quot;focal_length&quot;:&quot;0&quot;,&quot;iso&quot;:&quot;0&quot;,&quot;shutter_speed&quot;:&quot;0&quot;,&quot;title&quot;:&quot;&quot;,&quot;orientation&quot;:&quot;0&quot;}\" data-image-title=\"Col\u00f4nia Tovar\" data-image-description=\"\" data-image-caption=\"&lt;p&gt;Col\u00f4nia Tovar pela noite, com enfeites de natal&lt;\/p&gt;\n\" data-large-file=\"https:\/\/i0.wp.com\/mundosemfim.com\/wp-content\/uploads\/2017\/01\/DSC_0033.jpg?fit=764%2C510&amp;ssl=1\" class=\"wp-image-4825 size-full\" src=\"https:\/\/i0.wp.com\/mundosemfim.com\/wp-content\/uploads\/2017\/01\/DSC_0033.jpg?resize=764%2C510&#038;ssl=1\" alt=\"Col\u00f4nia Tovar enfeitada para a noite de natal\" width=\"764\" height=\"510\" srcset=\"https:\/\/i0.wp.com\/mundosemfim.com\/wp-content\/uploads\/2017\/01\/DSC_0033.jpg?w=1000&amp;ssl=1 1000w, https:\/\/i0.wp.com\/mundosemfim.com\/wp-content\/uploads\/2017\/01\/DSC_0033.jpg?resize=300%2C200&amp;ssl=1 300w, https:\/\/i0.wp.com\/mundosemfim.com\/wp-content\/uploads\/2017\/01\/DSC_0033.jpg?resize=768%2C512&amp;ssl=1 768w\" sizes=\"auto, (max-width: 764px) 100vw, 764px\" \/><figcaption id=\"caption-attachment-4825\" class=\"wp-caption-text\">Col\u00f4nia Tovar pela noite, com enfeites de natal<\/figcaption><\/figure>\n<h3><b>Hospedagem<\/b><\/h3>\n<p>As hospedagens na Col\u00f4nia Tovar s\u00e3o caras (pelo menos para os padr\u00f5es da Venezuela). H\u00e1 chal\u00e9s para duas pessoas no centro a partir de 14 mil bol\u00edvares. N\u00f3s acabamos ficando em um que custava 25 mil porque os outros estavam lotados. N\u00e3o lembramos o nome (era um desses complicados nomes alem\u00e3es), mas fica praticamente do lado da igreja.<\/p>\n<p>Col\u00f4nia Tovar, apesar de ter poucos habitantes, \u00e9 uma cidade grande, e algumas hospedagens est\u00e3o a v\u00e1rios quil\u00f4metros do centro. Se n\u00e3o estiver de carro \u00e9 melhor evit\u00e1-las, pois o transporte p\u00fablico por l\u00e1 \u00e9 escasso. O ideal \u00e9 ficar pr\u00f3ximo da igreja mesmo (atr\u00e1s dela h\u00e1 v\u00e1rias hospedagens).<\/p>\n<figure id=\"attachment_4826\" aria-describedby=\"caption-attachment-4826\" style=\"width: 1000px\" class=\"wp-caption aligncenter\"><img data-recalc-dims=\"1\" loading=\"lazy\" decoding=\"async\" data-attachment-id=\"4826\" data-permalink=\"https:\/\/mundosemfim.com\/?attachment_id=4826\" data-orig-file=\"https:\/\/i0.wp.com\/mundosemfim.com\/wp-content\/uploads\/2017\/01\/P1040080.jpg?fit=1000%2C667&amp;ssl=1\" data-orig-size=\"1000,667\" data-comments-opened=\"1\" data-image-meta=\"{&quot;aperture&quot;:&quot;0&quot;,&quot;credit&quot;:&quot;&quot;,&quot;camera&quot;:&quot;&quot;,&quot;caption&quot;:&quot;&quot;,&quot;created_timestamp&quot;:&quot;0&quot;,&quot;copyright&quot;:&quot;&quot;,&quot;focal_length&quot;:&quot;0&quot;,&quot;iso&quot;:&quot;0&quot;,&quot;shutter_speed&quot;:&quot;0&quot;,&quot;title&quot;:&quot;&quot;,&quot;orientation&quot;:&quot;0&quot;}\" data-image-title=\"Col\u00f4nia Tovar\" data-image-description=\"\" data-image-caption=\"&lt;p&gt;Nosso chal\u00e9, por 25 mil&lt;\/p&gt;\n\" data-large-file=\"https:\/\/i0.wp.com\/mundosemfim.com\/wp-content\/uploads\/2017\/01\/P1040080.jpg?fit=764%2C510&amp;ssl=1\" class=\"size-full wp-image-4826\" src=\"https:\/\/i0.wp.com\/mundosemfim.com\/wp-content\/uploads\/2017\/01\/P1040080.jpg?resize=764%2C510&#038;ssl=1\" alt=\"\" width=\"764\" height=\"510\" srcset=\"https:\/\/i0.wp.com\/mundosemfim.com\/wp-content\/uploads\/2017\/01\/P1040080.jpg?w=1000&amp;ssl=1 1000w, https:\/\/i0.wp.com\/mundosemfim.com\/wp-content\/uploads\/2017\/01\/P1040080.jpg?resize=300%2C200&amp;ssl=1 300w, https:\/\/i0.wp.com\/mundosemfim.com\/wp-content\/uploads\/2017\/01\/P1040080.jpg?resize=768%2C512&amp;ssl=1 768w\" sizes=\"auto, (max-width: 764px) 100vw, 764px\" \/><figcaption id=\"caption-attachment-4826\" class=\"wp-caption-text\">Nosso chal\u00e9, por 25 mil<\/figcaption><\/figure>\n<h3><b>Alimenta\u00e7\u00e3o<\/b><\/h3>\n<p>Os restaurantes na Col\u00f4nia Tovar s\u00e3o todos ao estilo alem\u00e3o, e a principal comida servida \u00e9 lingui\u00e7a com salada e batatas (na faixa de 7 mil). Se for para l\u00e1, n\u00e3o deixe de provar um delicioso joelho de porco (rodilla de cochino) &#8211; servido por praticamente qualquer restaurante. O pre\u00e7o est\u00e1 na faixa de 11 mil.<\/p>\n<p>Se quiser comer uma comida mais &#8220;normal&#8221;, h\u00e1 pizzas para duas pessoas a partir de 10 mil e x-saladas a partir de 4 mil.<\/p>\n<p>Tamb\u00e9m n\u00e3o deixe de provar as excelentes cervejas artesanais (a partir de 2 mil uma longneck), os chocolates caseiros, os p\u00eassegos (a partir de 1000 o quilo) e os morangos com creme (na faixa de 2 mil o copo).<\/p>\n<figure id=\"attachment_4827\" aria-describedby=\"caption-attachment-4827\" style=\"width: 1000px\" class=\"wp-caption aligncenter\"><img data-recalc-dims=\"1\" loading=\"lazy\" decoding=\"async\" data-attachment-id=\"4827\" data-permalink=\"https:\/\/mundosemfim.com\/?attachment_id=4827\" data-orig-file=\"https:\/\/i0.wp.com\/mundosemfim.com\/wp-content\/uploads\/2017\/01\/DSC_0018.jpg?fit=1000%2C667&amp;ssl=1\" data-orig-size=\"1000,667\" data-comments-opened=\"1\" data-image-meta=\"{&quot;aperture&quot;:&quot;0&quot;,&quot;credit&quot;:&quot;&quot;,&quot;camera&quot;:&quot;&quot;,&quot;caption&quot;:&quot;&quot;,&quot;created_timestamp&quot;:&quot;0&quot;,&quot;copyright&quot;:&quot;&quot;,&quot;focal_length&quot;:&quot;0&quot;,&quot;iso&quot;:&quot;0&quot;,&quot;shutter_speed&quot;:&quot;0&quot;,&quot;title&quot;:&quot;&quot;,&quot;orientation&quot;:&quot;0&quot;}\" data-image-title=\"Col\u00f4nia Tovar\" data-image-description=\"\" data-image-caption=\"&lt;p&gt;Tomando uma deliciosa cerveja artesanal&lt;\/p&gt;\n\" data-large-file=\"https:\/\/i0.wp.com\/mundosemfim.com\/wp-content\/uploads\/2017\/01\/DSC_0018.jpg?fit=764%2C510&amp;ssl=1\" class=\"wp-image-4827 size-full\" src=\"https:\/\/i0.wp.com\/mundosemfim.com\/wp-content\/uploads\/2017\/01\/DSC_0018.jpg?resize=764%2C510&#038;ssl=1\" alt=\"Cerveja artesanal na Col\u00f4nia Tovar\" width=\"764\" height=\"510\" srcset=\"https:\/\/i0.wp.com\/mundosemfim.com\/wp-content\/uploads\/2017\/01\/DSC_0018.jpg?w=1000&amp;ssl=1 1000w, https:\/\/i0.wp.com\/mundosemfim.com\/wp-content\/uploads\/2017\/01\/DSC_0018.jpg?resize=300%2C200&amp;ssl=1 300w, https:\/\/i0.wp.com\/mundosemfim.com\/wp-content\/uploads\/2017\/01\/DSC_0018.jpg?resize=768%2C512&amp;ssl=1 768w\" sizes=\"auto, (max-width: 764px) 100vw, 764px\" \/><figcaption id=\"caption-attachment-4827\" class=\"wp-caption-text\">Tomando uma deliciosa cerveja artesanal<\/figcaption><\/figure>\n<h3><b>O que fazer?<\/b><\/h3>\n<p>N\u00e3o h\u00e1 muitas atividades na Col\u00f4nia, al\u00e9m de aproveitar sua excelente gastronomia, tomar cerveja, relaxar nos chal\u00e9s e fazer compras na sua feira.<\/p>\n<p>O centro \u00e9 composto pela igreja (que foi baseada na igreja alem\u00e3 de Endingen) e por duas ruas em subida, repletas de bares, restaurantes e barraquinhas de frutas e artesanatos.<\/p>\n<p>Se quiser fazer um tour, h\u00e1 um passeio de carro pelas montanhas da regi\u00e3o que dura cerca de 2h e custa apenas 3 mil por pessoa. Infelizmente n\u00e3o conseguimos fazer porque fomos na alta temporada, e j\u00e1 estava tudo lotado para o dia que est\u00e1vamos l\u00e1. Mas tudo bem, fica para a pr\u00f3xima!<\/p>\n<figure id=\"attachment_4828\" aria-describedby=\"caption-attachment-4828\" style=\"width: 1000px\" class=\"wp-caption aligncenter\"><img data-recalc-dims=\"1\" loading=\"lazy\" decoding=\"async\" data-attachment-id=\"4828\" data-permalink=\"https:\/\/mundosemfim.com\/?attachment_id=4828\" data-orig-file=\"https:\/\/i0.wp.com\/mundosemfim.com\/wp-content\/uploads\/2017\/01\/DSC_0019.jpg?fit=1000%2C667&amp;ssl=1\" data-orig-size=\"1000,667\" data-comments-opened=\"1\" data-image-meta=\"{&quot;aperture&quot;:&quot;0&quot;,&quot;credit&quot;:&quot;&quot;,&quot;camera&quot;:&quot;&quot;,&quot;caption&quot;:&quot;&quot;,&quot;created_timestamp&quot;:&quot;0&quot;,&quot;copyright&quot;:&quot;&quot;,&quot;focal_length&quot;:&quot;0&quot;,&quot;iso&quot;:&quot;0&quot;,&quot;shutter_speed&quot;:&quot;0&quot;,&quot;title&quot;:&quot;&quot;,&quot;orientation&quot;:&quot;0&quot;}\" data-image-title=\"Col\u00f4nia Tovar\" data-image-description=\"\" data-image-caption=\"&lt;p&gt;Igreja da Col\u00f4nia Tovar&lt;\/p&gt;\n\" data-large-file=\"https:\/\/i0.wp.com\/mundosemfim.com\/wp-content\/uploads\/2017\/01\/DSC_0019.jpg?fit=764%2C510&amp;ssl=1\" class=\"wp-image-4828 size-full\" src=\"https:\/\/i0.wp.com\/mundosemfim.com\/wp-content\/uploads\/2017\/01\/DSC_0019.jpg?resize=764%2C510&#038;ssl=1\" alt=\"Igreja da Col\u00f4nia Tovar\" width=\"764\" height=\"510\" srcset=\"https:\/\/i0.wp.com\/mundosemfim.com\/wp-content\/uploads\/2017\/01\/DSC_0019.jpg?w=1000&amp;ssl=1 1000w, https:\/\/i0.wp.com\/mundosemfim.com\/wp-content\/uploads\/2017\/01\/DSC_0019.jpg?resize=300%2C200&amp;ssl=1 300w, https:\/\/i0.wp.com\/mundosemfim.com\/wp-content\/uploads\/2017\/01\/DSC_0019.jpg?resize=768%2C512&amp;ssl=1 768w\" sizes=\"auto, (max-width: 764px) 100vw, 764px\" \/><figcaption id=\"caption-attachment-4828\" class=\"wp-caption-text\">Igreja da Col\u00f4nia Tovar<\/figcaption><\/figure>\n<p>\u00c9 isso a\u00ed pessoal! Curtiram a dica?<\/p>\n<p>Para mais dicas de lugares bacanas e acompanhar nossa viagem de volta ao mundo, curtam nossa p\u00e1gina no face:<br \/>\n<a href=\"http:\/\/www.facebook.com\/mundosemfimoficial\">www.facebook.com\/mundosemfimoficial<\/a><\/p>\n","protected":false},"excerpt":{"rendered":"<p>A menos de 50km da fervilhante Caracas est\u00e1 esta bela e pac\u00edfica cidade, rodeada por uma natureza espetacular e com uma arquitetura e cultura t\u00edpicas da Alemanha. Um \u00f3timo lugar para relaxar e esquecer um pouco da crise venezuelana!<\/p>\n","protected":false},"author":1,"featured_media":4829,"comment_status":"open","ping_status":"open","sticky":false,"template":"","format":"standard","meta":{"jetpack_post_was_ever_published":false,"_jetpack_newsletter_access":"","_jetpack_dont_email_post_to_subs":true,"_jetpack_newsletter_tier_id":0,"_jetpack_memberships_contains_paywalled_content":false,"_jetpack_memberships_contains_paid_content":false,"footnotes":"","jetpack_publicize_message":"","jetpack_publicize_feature_enabled":true,"jetpack_social_post_already_shared":true,"jetpack_social_options":{"image_generator_settings":{"template":"highway","default_image_id":0,"font":"","enabled":false},"version":2}},"categories":[6,7,16,354,320,344],"tags":[],"class_list":["post-4822","post","type-post","status-publish","format-standard","has-post-thumbnail","hentry","category-america-do-sul","category-america-latina","category-cidade","category-colonia-tovar","category-colonial","category-venezuela"],"yoast_head":"<!-- This site is optimized with the Yoast SEO plugin v27.5 - https:\/\/yoast.com\/product\/yoast-seo-wordpress\/ -->\n<title>Conhecendo a Col\u00f4nia Tovar \u2013 Um peda\u00e7o da Alemanha na Venezuela - Mundo Sem Fim<\/title>\n<meta name=\"robots\" content=\"index, follow, max-snippet:-1, max-image-preview:large, max-video-preview:-1\" \/>\n<link rel=\"canonical\" href=\"https:\/\/mundosemfim.com\/?p=4822\" \/>\n<meta property=\"og:locale\" content=\"pt_BR\" \/>\n<meta property=\"og:type\" content=\"article\" \/>\n<meta property=\"og:title\" content=\"Conhecendo a Col\u00f4nia Tovar \u2013 Um peda\u00e7o da Alemanha na Venezuela - Mundo Sem Fim\" \/>\n<meta property=\"og:description\" content=\"A menos de 50km da fervilhante Caracas est\u00e1 esta bela e pac\u00edfica cidade, rodeada por uma natureza espetacular e com uma arquitetura e cultura t\u00edpicas da Alemanha. Um \u00f3timo lugar para relaxar e esquecer um pouco da crise venezuelana!\" \/>\n<meta property=\"og:url\" content=\"https:\/\/mundosemfim.com\/?p=4822\" \/>\n<meta property=\"og:site_name\" content=\"Mundo Sem Fim\" \/>\n<meta property=\"article:publisher\" content=\"http:\/\/www.facebook.com\/mundosemfimoficial\" \/>\n<meta property=\"article:published_time\" content=\"2017-01-13T02:39:39+00:00\" \/>\n<meta property=\"article:modified_time\" content=\"2017-02-09T04:05:41+00:00\" \/>\n<meta property=\"og:image\" content=\"https:\/\/i0.wp.com\/mundosemfim.com\/wp-content\/uploads\/2017\/01\/DSC_0021.jpg?fit=1000%2C667&ssl=1\" \/>\n\t<meta property=\"og:image:width\" content=\"1000\" \/>\n\t<meta property=\"og:image:height\" content=\"667\" \/>\n\t<meta property=\"og:image:type\" content=\"image\/jpeg\" \/>\n<meta name=\"author\" content=\"Renan\" \/>\n<meta name=\"twitter:card\" content=\"summary_large_image\" \/>\n<meta name=\"twitter:label1\" content=\"Escrito por\" \/>\n\t<meta name=\"twitter:data1\" content=\"Renan\" \/>\n\t<meta name=\"twitter:label2\" content=\"Est. tempo de leitura\" \/>\n\t<meta name=\"twitter:data2\" content=\"4 minutos\" \/>\n<script type=\"application\/ld+json\" class=\"yoast-schema-graph\">{\"@context\":\"https:\\\/\\\/schema.org\",\"@graph\":[{\"@type\":\"Article\",\"@id\":\"https:\\\/\\\/mundosemfim.com\\\/?p=4822#article\",\"isPartOf\":{\"@id\":\"https:\\\/\\\/mundosemfim.com\\\/?p=4822\"},\"author\":{\"name\":\"Renan\",\"@id\":\"https:\\\/\\\/mundosemfim.com\\\/#\\\/schema\\\/person\\\/b021d50f3a19bae432e9b69ffbfa9257\"},\"headline\":\"Conhecendo a Col\u00f4nia Tovar \u2013 Um peda\u00e7o da Alemanha na Venezuela\",\"datePublished\":\"2017-01-13T02:39:39+00:00\",\"dateModified\":\"2017-02-09T04:05:41+00:00\",\"mainEntityOfPage\":{\"@id\":\"https:\\\/\\\/mundosemfim.com\\\/?p=4822\"},\"wordCount\":823,\"commentCount\":3,\"image\":{\"@id\":\"https:\\\/\\\/mundosemfim.com\\\/?p=4822#primaryimage\"},\"thumbnailUrl\":\"https:\\\/\\\/i0.wp.com\\\/mundosemfim.com\\\/wp-content\\\/uploads\\\/2017\\\/01\\\/DSC_0021.jpg?fit=1000%2C667&ssl=1\",\"articleSection\":[\"Am\u00e9rica do Sul\",\"am\u00e9rica latina\",\"cidade\",\"Col\u00f4nia Tovar\",\"colonial\",\"Venezuela\"],\"inLanguage\":\"pt-BR\",\"potentialAction\":[{\"@type\":\"CommentAction\",\"name\":\"Comment\",\"target\":[\"https:\\\/\\\/mundosemfim.com\\\/?p=4822#respond\"]}]},{\"@type\":\"WebPage\",\"@id\":\"https:\\\/\\\/mundosemfim.com\\\/?p=4822\",\"url\":\"https:\\\/\\\/mundosemfim.com\\\/?p=4822\",\"name\":\"Conhecendo a Col\u00f4nia Tovar \u2013 Um peda\u00e7o da Alemanha na Venezuela - Mundo Sem Fim\",\"isPartOf\":{\"@id\":\"https:\\\/\\\/mundosemfim.com\\\/#website\"},\"primaryImageOfPage\":{\"@id\":\"https:\\\/\\\/mundosemfim.com\\\/?p=4822#primaryimage\"},\"image\":{\"@id\":\"https:\\\/\\\/mundosemfim.com\\\/?p=4822#primaryimage\"},\"thumbnailUrl\":\"https:\\\/\\\/i0.wp.com\\\/mundosemfim.com\\\/wp-content\\\/uploads\\\/2017\\\/01\\\/DSC_0021.jpg?fit=1000%2C667&ssl=1\",\"datePublished\":\"2017-01-13T02:39:39+00:00\",\"dateModified\":\"2017-02-09T04:05:41+00:00\",\"author\":{\"@id\":\"https:\\\/\\\/mundosemfim.com\\\/#\\\/schema\\\/person\\\/b021d50f3a19bae432e9b69ffbfa9257\"},\"breadcrumb\":{\"@id\":\"https:\\\/\\\/mundosemfim.com\\\/?p=4822#breadcrumb\"},\"inLanguage\":\"pt-BR\",\"potentialAction\":[{\"@type\":\"ReadAction\",\"target\":[\"https:\\\/\\\/mundosemfim.com\\\/?p=4822\"]}]},{\"@type\":\"ImageObject\",\"inLanguage\":\"pt-BR\",\"@id\":\"https:\\\/\\\/mundosemfim.com\\\/?p=4822#primaryimage\",\"url\":\"https:\\\/\\\/i0.wp.com\\\/mundosemfim.com\\\/wp-content\\\/uploads\\\/2017\\\/01\\\/DSC_0021.jpg?fit=1000%2C667&ssl=1\",\"contentUrl\":\"https:\\\/\\\/i0.wp.com\\\/mundosemfim.com\\\/wp-content\\\/uploads\\\/2017\\\/01\\\/DSC_0021.jpg?fit=1000%2C667&ssl=1\",\"width\":1000,\"height\":667,\"caption\":\"Mucuvinha na Col\u00f4nia Tovar, Venezuela\"},{\"@type\":\"BreadcrumbList\",\"@id\":\"https:\\\/\\\/mundosemfim.com\\\/?p=4822#breadcrumb\",\"itemListElement\":[{\"@type\":\"ListItem\",\"position\":1,\"name\":\"In\u00edcio\",\"item\":\"https:\\\/\\\/mundosemfim.com\\\/\"},{\"@type\":\"ListItem\",\"position\":2,\"name\":\"Conhecendo a Col\u00f4nia Tovar \u2013 Um peda\u00e7o da Alemanha na Venezuela\"}]},{\"@type\":\"WebSite\",\"@id\":\"https:\\\/\\\/mundosemfim.com\\\/#website\",\"url\":\"https:\\\/\\\/mundosemfim.com\\\/\",\"name\":\"Mundo Sem Fim\",\"description\":\"uma viagem de volta ao mundo pelos 5 continentes!\",\"potentialAction\":[{\"@type\":\"SearchAction\",\"target\":{\"@type\":\"EntryPoint\",\"urlTemplate\":\"https:\\\/\\\/mundosemfim.com\\\/?s={search_term_string}\"},\"query-input\":{\"@type\":\"PropertyValueSpecification\",\"valueRequired\":true,\"valueName\":\"search_term_string\"}}],\"inLanguage\":\"pt-BR\"},{\"@type\":\"Person\",\"@id\":\"https:\\\/\\\/mundosemfim.com\\\/#\\\/schema\\\/person\\\/b021d50f3a19bae432e9b69ffbfa9257\",\"name\":\"Renan\",\"image\":{\"@type\":\"ImageObject\",\"inLanguage\":\"pt-BR\",\"@id\":\"https:\\\/\\\/secure.gravatar.com\\\/avatar\\\/faafca769a603ac75196d21826f3bda645d7e2d6306bb6e236d8cdb38eb44e38?s=96&d=mm&r=g\",\"url\":\"https:\\\/\\\/secure.gravatar.com\\\/avatar\\\/faafca769a603ac75196d21826f3bda645d7e2d6306bb6e236d8cdb38eb44e38?s=96&d=mm&r=g\",\"contentUrl\":\"https:\\\/\\\/secure.gravatar.com\\\/avatar\\\/faafca769a603ac75196d21826f3bda645d7e2d6306bb6e236d8cdb38eb44e38?s=96&d=mm&r=g\",\"caption\":\"Renan\"}}]}<\/script>\n<!-- \/ Yoast SEO plugin. -->","yoast_head_json":{"title":"Conhecendo a Col\u00f4nia Tovar \u2013 Um peda\u00e7o da Alemanha na Venezuela - Mundo Sem Fim","robots":{"index":"index","follow":"follow","max-snippet":"max-snippet:-1","max-image-preview":"max-image-preview:large","max-video-preview":"max-video-preview:-1"},"canonical":"https:\/\/mundosemfim.com\/?p=4822","og_locale":"pt_BR","og_type":"article","og_title":"Conhecendo a Col\u00f4nia Tovar \u2013 Um peda\u00e7o da Alemanha na Venezuela - Mundo Sem Fim","og_description":"A menos de 50km da fervilhante Caracas est\u00e1 esta bela e pac\u00edfica cidade, rodeada por uma natureza espetacular e com uma arquitetura e cultura t\u00edpicas da Alemanha. Um \u00f3timo lugar para relaxar e esquecer um pouco da crise venezuelana!","og_url":"https:\/\/mundosemfim.com\/?p=4822","og_site_name":"Mundo Sem Fim","article_publisher":"http:\/\/www.facebook.com\/mundosemfimoficial","article_published_time":"2017-01-13T02:39:39+00:00","article_modified_time":"2017-02-09T04:05:41+00:00","og_image":[{"width":1000,"height":667,"url":"https:\/\/i0.wp.com\/mundosemfim.com\/wp-content\/uploads\/2017\/01\/DSC_0021.jpg?fit=1000%2C667&ssl=1","type":"image\/jpeg"}],"author":"Renan","twitter_card":"summary_large_image","twitter_misc":{"Escrito por":"Renan","Est. tempo de leitura":"4 minutos"},"schema":{"@context":"https:\/\/schema.org","@graph":[{"@type":"Article","@id":"https:\/\/mundosemfim.com\/?p=4822#article","isPartOf":{"@id":"https:\/\/mundosemfim.com\/?p=4822"},"author":{"name":"Renan","@id":"https:\/\/mundosemfim.com\/#\/schema\/person\/b021d50f3a19bae432e9b69ffbfa9257"},"headline":"Conhecendo a Col\u00f4nia Tovar \u2013 Um peda\u00e7o da Alemanha na Venezuela","datePublished":"2017-01-13T02:39:39+00:00","dateModified":"2017-02-09T04:05:41+00:00","mainEntityOfPage":{"@id":"https:\/\/mundosemfim.com\/?p=4822"},"wordCount":823,"commentCount":3,"image":{"@id":"https:\/\/mundosemfim.com\/?p=4822#primaryimage"},"thumbnailUrl":"https:\/\/i0.wp.com\/mundosemfim.com\/wp-content\/uploads\/2017\/01\/DSC_0021.jpg?fit=1000%2C667&ssl=1","articleSection":["Am\u00e9rica do Sul","am\u00e9rica latina","cidade","Col\u00f4nia Tovar","colonial","Venezuela"],"inLanguage":"pt-BR","potentialAction":[{"@type":"CommentAction","name":"Comment","target":["https:\/\/mundosemfim.com\/?p=4822#respond"]}]},{"@type":"WebPage","@id":"https:\/\/mundosemfim.com\/?p=4822","url":"https:\/\/mundosemfim.com\/?p=4822","name":"Conhecendo a Col\u00f4nia Tovar \u2013 Um peda\u00e7o da Alemanha na Venezuela - Mundo Sem Fim","isPartOf":{"@id":"https:\/\/mundosemfim.com\/#website"},"primaryImageOfPage":{"@id":"https:\/\/mundosemfim.com\/?p=4822#primaryimage"},"image":{"@id":"https:\/\/mundosemfim.com\/?p=4822#primaryimage"},"thumbnailUrl":"https:\/\/i0.wp.com\/mundosemfim.com\/wp-content\/uploads\/2017\/01\/DSC_0021.jpg?fit=1000%2C667&ssl=1","datePublished":"2017-01-13T02:39:39+00:00","dateModified":"2017-02-09T04:05:41+00:00","author":{"@id":"https:\/\/mundosemfim.com\/#\/schema\/person\/b021d50f3a19bae432e9b69ffbfa9257"},"breadcrumb":{"@id":"https:\/\/mundosemfim.com\/?p=4822#breadcrumb"},"inLanguage":"pt-BR","potentialAction":[{"@type":"ReadAction","target":["https:\/\/mundosemfim.com\/?p=4822"]}]},{"@type":"ImageObject","inLanguage":"pt-BR","@id":"https:\/\/mundosemfim.com\/?p=4822#primaryimage","url":"https:\/\/i0.wp.com\/mundosemfim.com\/wp-content\/uploads\/2017\/01\/DSC_0021.jpg?fit=1000%2C667&ssl=1","contentUrl":"https:\/\/i0.wp.com\/mundosemfim.com\/wp-content\/uploads\/2017\/01\/DSC_0021.jpg?fit=1000%2C667&ssl=1","width":1000,"height":667,"caption":"Mucuvinha na Col\u00f4nia Tovar, Venezuela"},{"@type":"BreadcrumbList","@id":"https:\/\/mundosemfim.com\/?p=4822#breadcrumb","itemListElement":[{"@type":"ListItem","position":1,"name":"In\u00edcio","item":"https:\/\/mundosemfim.com\/"},{"@type":"ListItem","position":2,"name":"Conhecendo a Col\u00f4nia Tovar \u2013 Um peda\u00e7o da Alemanha na Venezuela"}]},{"@type":"WebSite","@id":"https:\/\/mundosemfim.com\/#website","url":"https:\/\/mundosemfim.com\/","name":"Mundo Sem Fim","description":"uma viagem de volta ao mundo pelos 5 continentes!","potentialAction":[{"@type":"SearchAction","target":{"@type":"EntryPoint","urlTemplate":"https:\/\/mundosemfim.com\/?s={search_term_string}"},"query-input":{"@type":"PropertyValueSpecification","valueRequired":true,"valueName":"search_term_string"}}],"inLanguage":"pt-BR"},{"@type":"Person","@id":"https:\/\/mundosemfim.com\/#\/schema\/person\/b021d50f3a19bae432e9b69ffbfa9257","name":"Renan","image":{"@type":"ImageObject","inLanguage":"pt-BR","@id":"https:\/\/secure.gravatar.com\/avatar\/faafca769a603ac75196d21826f3bda645d7e2d6306bb6e236d8cdb38eb44e38?s=96&d=mm&r=g","url":"https:\/\/secure.gravatar.com\/avatar\/faafca769a603ac75196d21826f3bda645d7e2d6306bb6e236d8cdb38eb44e38?s=96&d=mm&r=g","contentUrl":"https:\/\/secure.gravatar.com\/avatar\/faafca769a603ac75196d21826f3bda645d7e2d6306bb6e236d8cdb38eb44e38?s=96&d=mm&r=g","caption":"Renan"}}]}},"jetpack_publicize_connections":[],"jetpack_featured_media_url":"https:\/\/i0.wp.com\/mundosemfim.com\/wp-content\/uploads\/2017\/01\/DSC_0021.jpg?fit=1000%2C667&ssl=1","jetpack_sharing_enabled":true,"jetpack_shortlink":"https:\/\/wp.me\/p7CQyF-1fM","jetpack-related-posts":[{"id":4755,"url":"https:\/\/mundosemfim.com\/?p=4755","url_meta":{"origin":4822,"position":0},"title":"Conhecendo Coro e os M\u00e9danos \u2013 uma cidade Patrim\u00f4nio da UNESCO na Venezuela","author":"Renan","date":"dezembro 20, 2016","format":false,"excerpt":"Com uma das mais aut\u00eanticas cidades coloniais que j\u00e1 conhecemos e um deserto encantador, Coro \u00e9 um lugar que precisa estar no seu roteiro pela Venezuela! Refer\u00eancia (dez\/2016) 1 d\u00f3lar = 3,35 reais 1 d\u00f3lar = 2700 bol\u00edvares fuertes* *No c\u00e2mbio negro. A infla\u00e7\u00e3o e o aumento do d\u00f3lar s\u00e3o\u2026","rel":"","context":"Em &quot;am\u00e9rica latina&quot;","block_context":{"text":"am\u00e9rica latina","link":"https:\/\/mundosemfim.com\/?cat=7"},"img":{"alt_text":"","src":"https:\/\/i0.wp.com\/mundosemfim.com\/wp-content\/uploads\/2016\/12\/PC070064.jpg?fit=1024%2C683&ssl=1&resize=350%2C200","width":350,"height":200,"srcset":"https:\/\/i0.wp.com\/mundosemfim.com\/wp-content\/uploads\/2016\/12\/PC070064.jpg?fit=1024%2C683&ssl=1&resize=350%2C200 1x, https:\/\/i0.wp.com\/mundosemfim.com\/wp-content\/uploads\/2016\/12\/PC070064.jpg?fit=1024%2C683&ssl=1&resize=525%2C300 1.5x, https:\/\/i0.wp.com\/mundosemfim.com\/wp-content\/uploads\/2016\/12\/PC070064.jpg?fit=1024%2C683&ssl=1&resize=700%2C400 2x"},"classes":[]},{"id":4861,"url":"https:\/\/mundosemfim.com\/?p=4861","url_meta":{"origin":4822,"position":1},"title":"Mochil\u00e3o pela Venezuela \u2013 roteiro, gastos, dicas, fotos, etc","author":"Renan","date":"janeiro 18, 2017","format":false,"excerpt":"Terra de lindas paisagens, praias de \u00e1guas cristalinas e lugar onde nasceu Sim\u00f3n Bol\u00edvar \u2013 esta \u00e9 a Venezuela, um pa\u00eds em crise, com uma pol\u00edtica turbulenta e um povo extremamente hospitaleiro! Refer\u00eancia (janeiro\/2017) 1 d\u00f3lar = 3500 bol\u00edvares fuertes 1 d\u00f3lar = 3,25 reais Venezuela Chegamos \u00e0 Venezuela sem\u2026","rel":"","context":"Em &quot;Am\u00e9rica do Sul&quot;","block_context":{"text":"Am\u00e9rica do Sul","link":"https:\/\/mundosemfim.com\/?cat=6"},"img":{"alt_text":"","src":"https:\/\/i0.wp.com\/mundosemfim.com\/wp-content\/uploads\/2017\/01\/mapa.png?fit=617%2C416&ssl=1&resize=350%2C200","width":350,"height":200,"srcset":"https:\/\/i0.wp.com\/mundosemfim.com\/wp-content\/uploads\/2017\/01\/mapa.png?fit=617%2C416&ssl=1&resize=350%2C200 1x, https:\/\/i0.wp.com\/mundosemfim.com\/wp-content\/uploads\/2017\/01\/mapa.png?fit=617%2C416&ssl=1&resize=525%2C300 1.5x"},"classes":[]},{"id":4781,"url":"https:\/\/mundosemfim.com\/?p=4781","url_meta":{"origin":4822,"position":2},"title":"O que fazer em Caracas &#8211; a bela capital venezuelana","author":"Renan","date":"janeiro 6, 2017","format":false,"excerpt":"A fama de ser perigosa afasta muitos turistas, o que faz de Caracas uma das capitais menos conhecidas da Am\u00e9rica do Sul. Os poucos viajantes que ousarem visit\u00e1-la, por\u00e9m, ser\u00e3o surpreendidos positivamente em v\u00e1rios sentidos! Refer\u00eancia (janeiro\/2017)* 1 d\u00f3lar = 3000 bol\u00edvares fuertes (no c\u00e2mbio negro) 1 d\u00f3lar = 670\u2026","rel":"","context":"Em &quot;Am\u00e9rica do Sul&quot;","block_context":{"text":"Am\u00e9rica do Sul","link":"https:\/\/mundosemfim.com\/?cat=6"},"img":{"alt_text":"","src":"https:\/\/i0.wp.com\/mundosemfim.com\/wp-content\/uploads\/2017\/01\/PC230083.jpg?fit=1024%2C683&ssl=1&resize=350%2C200","width":350,"height":200,"srcset":"https:\/\/i0.wp.com\/mundosemfim.com\/wp-content\/uploads\/2017\/01\/PC230083.jpg?fit=1024%2C683&ssl=1&resize=350%2C200 1x, https:\/\/i0.wp.com\/mundosemfim.com\/wp-content\/uploads\/2017\/01\/PC230083.jpg?fit=1024%2C683&ssl=1&resize=525%2C300 1.5x, https:\/\/i0.wp.com\/mundosemfim.com\/wp-content\/uploads\/2017\/01\/PC230083.jpg?fit=1024%2C683&ssl=1&resize=700%2C400 2x"},"classes":[]},{"id":265,"url":"https:\/\/mundosemfim.com\/?p=265","url_meta":{"origin":4822,"position":3},"title":"Uruguai &#8211; como foi nosso curto mochil\u00e3o pelo pa\u00eds","author":"Renan","date":"outubro 26, 2015","format":false,"excerpt":"Nossa passagem pelo Uruguai n\u00e3o foi das melhores. Ficamos apenas 3 dias no pa\u00eds e gastamos por l\u00e1 o equivalente a quase 1200 reais (quase a mesma quantidade que gastamos em 15 dias na Argentina), isso porque economizamos ao m\u00e1ximo (chegando ao ponto de cozinhar na rodovi\u00e1ria para economizar dinheiro).\u2026","rel":"","context":"Em &quot;Am\u00e9rica do Sul&quot;","block_context":{"text":"Am\u00e9rica do Sul","link":"https:\/\/mundosemfim.com\/?cat=6"},"img":{"alt_text":"","src":"https:\/\/i0.wp.com\/mundosemfim.com\/wp-content\/uploads\/2015\/10\/bandeira-do-uruguai-2000px.png?fit=1200%2C800&ssl=1&resize=350%2C200","width":350,"height":200,"srcset":"https:\/\/i0.wp.com\/mundosemfim.com\/wp-content\/uploads\/2015\/10\/bandeira-do-uruguai-2000px.png?fit=1200%2C800&ssl=1&resize=350%2C200 1x, https:\/\/i0.wp.com\/mundosemfim.com\/wp-content\/uploads\/2015\/10\/bandeira-do-uruguai-2000px.png?fit=1200%2C800&ssl=1&resize=525%2C300 1.5x, https:\/\/i0.wp.com\/mundosemfim.com\/wp-content\/uploads\/2015\/10\/bandeira-do-uruguai-2000px.png?fit=1200%2C800&ssl=1&resize=700%2C400 2x, https:\/\/i0.wp.com\/mundosemfim.com\/wp-content\/uploads\/2015\/10\/bandeira-do-uruguai-2000px.png?fit=1200%2C800&ssl=1&resize=1050%2C600 3x"},"classes":[]},{"id":7421,"url":"https:\/\/mundosemfim.com\/?p=7421","url_meta":{"origin":4822,"position":4},"title":"Visitando Vigan \u2013 uma joia colonial nas Filipinas","author":"Renan","date":"janeiro 21, 2018","format":false,"excerpt":"Sendo uma das poucas cidades coloniais na \u00c1sia, Vigan \u00e9 um Patrim\u00f4nio da UNESCO e uma das 7 cidades maravilhas do mundo. Se for viajar pelas Filipinas, \u00e9 interessante dar um pulo por aqui! C\u00e2mbio oficial (jan\/2018) 1 real = 15,85 pesos filipinos 1 d\u00f3lar = 50,68 pesos filipinos 1\u2026","rel":"","context":"Em &quot;\u00c1sia&quot;","block_context":{"text":"\u00c1sia","link":"https:\/\/mundosemfim.com\/?cat=489"},"img":{"alt_text":"Rua Crislogo, Vigan, Filipinas","src":"https:\/\/i0.wp.com\/mundosemfim.com\/wp-content\/uploads\/2018\/01\/DSC_0033.jpg?fit=800%2C533&ssl=1&resize=350%2C200","width":350,"height":200,"srcset":"https:\/\/i0.wp.com\/mundosemfim.com\/wp-content\/uploads\/2018\/01\/DSC_0033.jpg?fit=800%2C533&ssl=1&resize=350%2C200 1x, https:\/\/i0.wp.com\/mundosemfim.com\/wp-content\/uploads\/2018\/01\/DSC_0033.jpg?fit=800%2C533&ssl=1&resize=525%2C300 1.5x, https:\/\/i0.wp.com\/mundosemfim.com\/wp-content\/uploads\/2018\/01\/DSC_0033.jpg?fit=800%2C533&ssl=1&resize=700%2C400 2x"},"classes":[]},{"id":5719,"url":"https:\/\/mundosemfim.com\/?p=5719","url_meta":{"origin":4822,"position":5},"title":"Conhecendo Granada \u2013 a bela cidade colonial da Nicar\u00e1gua","author":"Renan","date":"maio 1, 2017","format":false,"excerpt":"Com belas constru\u00e7\u00f5es coloniais e uma fervilhante cultura latina, Granada \u00e9 a Nicar\u00e1gua em seu estado puro. Quer conhecer este pa\u00eds? N\u00e3o deixe de visit\u00e1-la. Est\u00e1 pertinho da capital! C\u00e2mbio oficial (abril\/2017) 1 real = 9,40 c\u00f3rdobas 1 d\u00f3lar = 29,80 c\u00f3rdobas Fundada em 1524, Granada ostenta o t\u00edtulo de\u2026","rel":"","context":"Em &quot;am\u00e9rica latina&quot;","block_context":{"text":"am\u00e9rica latina","link":"https:\/\/mundosemfim.com\/?cat=7"},"img":{"alt_text":"Granada, Nicar\u00e1gua","src":"https:\/\/i0.wp.com\/mundosemfim.com\/wp-content\/uploads\/2017\/05\/DSC_0026-2.jpg?fit=1000%2C667&ssl=1&resize=350%2C200","width":350,"height":200,"srcset":"https:\/\/i0.wp.com\/mundosemfim.com\/wp-content\/uploads\/2017\/05\/DSC_0026-2.jpg?fit=1000%2C667&ssl=1&resize=350%2C200 1x, https:\/\/i0.wp.com\/mundosemfim.com\/wp-content\/uploads\/2017\/05\/DSC_0026-2.jpg?fit=1000%2C667&ssl=1&resize=525%2C300 1.5x, https:\/\/i0.wp.com\/mundosemfim.com\/wp-content\/uploads\/2017\/05\/DSC_0026-2.jpg?fit=1000%2C667&ssl=1&resize=700%2C400 2x"},"classes":[]}],"_links":{"self":[{"href":"https:\/\/mundosemfim.com\/index.php?rest_route=\/wp\/v2\/posts\/4822","targetHints":{"allow":["GET"]}}],"collection":[{"href":"https:\/\/mundosemfim.com\/index.php?rest_route=\/wp\/v2\/posts"}],"about":[{"href":"https:\/\/mundosemfim.com\/index.php?rest_route=\/wp\/v2\/types\/post"}],"author":[{"embeddable":true,"href":"https:\/\/mundosemfim.com\/index.php?rest_route=\/wp\/v2\/users\/1"}],"replies":[{"embeddable":true,"href":"https:\/\/mundosemfim.com\/index.php?rest_route=%2Fwp%2Fv2%2Fcomments&post=4822"}],"version-history":[{"count":3,"href":"https:\/\/mundosemfim.com\/index.php?rest_route=\/wp\/v2\/posts\/4822\/revisions"}],"predecessor-version":[{"id":5063,"href":"https:\/\/mundosemfim.com\/index.php?rest_route=\/wp\/v2\/posts\/4822\/revisions\/5063"}],"wp:featuredmedia":[{"embeddable":true,"href":"https:\/\/mundosemfim.com\/index.php?rest_route=\/wp\/v2\/media\/4829"}],"wp:attachment":[{"href":"https:\/\/mundosemfim.com\/index.php?rest_route=%2Fwp%2Fv2%2Fmedia&parent=4822"}],"wp:term":[{"taxonomy":"category","embeddable":true,"href":"https:\/\/mundosemfim.com\/index.php?rest_route=%2Fwp%2Fv2%2Fcategories&post=4822"},{"taxonomy":"post_tag","embeddable":true,"href":"https:\/\/mundosemfim.com\/index.php?rest_route=%2Fwp%2Fv2%2Ftags&post=4822"}],"curies":[{"name":"wp","href":"https:\/\/api.w.org\/{rel}","templated":true}]}}