{"id":4797,"date":"2017-01-10T20:35:29","date_gmt":"2017-01-10T22:35:29","guid":{"rendered":"https:\/\/mundosemfim.com\/?p=4797"},"modified":"2017-02-09T14:12:06","modified_gmt":"2017-02-09T16:12:06","slug":"de-maracaibo-a-maicao-cruzando-a-fronteira-venezuela-colombia-por-paraguachon","status":"publish","type":"post","link":"https:\/\/mundosemfim.com\/?p=4797","title":{"rendered":"De Maracaibo a Maicao \u2013 Cruzando a fronteira Venezuela \u2013 Col\u00f4mbia por Paraguach\u00f3n"},"content":{"rendered":"<p>Considerada uma das piores fronteiras da Am\u00e9rica do Sul, o passo de Paraguach\u00f3n, que liga o litoral venezuelano com o colombiano \u00e9 evitado por muitos viajantes. N\u00f3s, como bons cabe\u00e7as-duras, passamos por l\u00e1, e aqui contamos como foi!<\/p>\n<p><!--more--><\/p>\n<p><b>Refer\u00eancia (janeiro\/2017)<br \/>\n<\/b>1 d\u00f3lar = 3300 bol\u00edvar fuerte*<br \/>\n1 d\u00f3lar = 2900 pesos colombianos<br \/>\n1 d\u00f3lar = 3,20 reais<\/p>\n<p>*No c\u00e2mbio negro. Lembrando que a desvaloriza\u00e7\u00e3o do bol\u00edvar e a infla\u00e7\u00e3o venezuelana s\u00e3o quase di\u00e1rios.<\/p>\n<figure id=\"attachment_4798\" aria-describedby=\"caption-attachment-4798\" style=\"width: 1000px\" class=\"wp-caption aligncenter\"><img data-recalc-dims=\"1\" loading=\"lazy\" decoding=\"async\" data-attachment-id=\"4798\" data-permalink=\"https:\/\/mundosemfim.com\/?attachment_id=4798\" data-orig-file=\"https:\/\/i0.wp.com\/mundosemfim.com\/wp-content\/uploads\/2017\/01\/P1080084.jpg?fit=1000%2C667&amp;ssl=1\" data-orig-size=\"1000,667\" data-comments-opened=\"1\" data-image-meta=\"{&quot;aperture&quot;:&quot;0&quot;,&quot;credit&quot;:&quot;&quot;,&quot;camera&quot;:&quot;&quot;,&quot;caption&quot;:&quot;&quot;,&quot;created_timestamp&quot;:&quot;0&quot;,&quot;copyright&quot;:&quot;&quot;,&quot;focal_length&quot;:&quot;0&quot;,&quot;iso&quot;:&quot;0&quot;,&quot;shutter_speed&quot;:&quot;0&quot;,&quot;title&quot;:&quot;&quot;,&quot;orientation&quot;:&quot;0&quot;}\" data-image-title=\"Paraguach\u00f3n\" data-image-description=\"\" data-image-caption=\"&lt;p&gt;Cruzando a fronteira entre Venezuela e Col\u00f4mbia por Paraguach\u00f3n&lt;\/p&gt;\n\" data-large-file=\"https:\/\/i0.wp.com\/mundosemfim.com\/wp-content\/uploads\/2017\/01\/P1080084.jpg?fit=764%2C510&amp;ssl=1\" class=\"wp-image-4798 size-full\" src=\"https:\/\/i0.wp.com\/mundosemfim.com\/wp-content\/uploads\/2017\/01\/P1080084.jpg?resize=764%2C510&#038;ssl=1\" alt=\"Fronteira de Paraguach\u00f3n, entre Venezuela e Col\u00f4mbia\" width=\"764\" height=\"510\" srcset=\"https:\/\/i0.wp.com\/mundosemfim.com\/wp-content\/uploads\/2017\/01\/P1080084.jpg?w=1000&amp;ssl=1 1000w, https:\/\/i0.wp.com\/mundosemfim.com\/wp-content\/uploads\/2017\/01\/P1080084.jpg?resize=300%2C200&amp;ssl=1 300w, https:\/\/i0.wp.com\/mundosemfim.com\/wp-content\/uploads\/2017\/01\/P1080084.jpg?resize=768%2C512&amp;ssl=1 768w\" sizes=\"auto, (max-width: 764px) 100vw, 764px\" \/><figcaption id=\"caption-attachment-4798\" class=\"wp-caption-text\">Cruzando a fronteira entre Venezuela e Col\u00f4mbia por Paraguach\u00f3n<\/figcaption><\/figure>\n<p>Uma fronteira que liga dois pa\u00edses cujas rela\u00e7\u00f5es n\u00e3o est\u00e3o das melhores, em uma zona onde supostamente guerrilhas e o tr\u00e1fico de drogas comandam, al\u00e9m de ter v\u00e1rios postos de controle de uma pol\u00edcia que n\u00e3o tem fama de ser das mais honestas. Sobre os depoimentos que lemos na internet, quase todos dizem que foram extorquidos, roubados e que n\u00e3o querem passar por a\u00ed nunca mais.<\/p>\n<p>Quando est\u00e1vamos em <a href=\"https:\/\/mundosemfim.com\/o-que-fazer-em-merida-o-topo-da-venezuela\/\">M\u00e9rida<\/a>, conversamos com um espanhol que entrou na <a href=\"https:\/\/mundosemfim.com\/mochilao-pela-venezuela-roteiro-gastos-dicas-fotos-etc\/\">Venezuela<\/a> por Paraguach\u00f3n. Ele voltaria para a Col\u00f4mbia para pegar um voo em <a href=\"https:\/\/mundosemfim.com\/guia-completo-sobre-cartagena-o-que-fazer-onde-se-hospedar-como-economizar-etc\/\">Cartagena<\/a>, mas disse que cruzaria por <a href=\"https:\/\/mundosemfim.com\/cruzando-a-fronteira-colombia-venezuela-por-cucuta-nossa-trajetoria-ate-merida\/\">C\u00facuta<\/a>, porque n\u00e3o queria ter que enfrentar tudo aquilo novamente. N\u00e3o deu muitos detalhes, mas nos recomendou a n\u00e3o voltar para a Col\u00f4mbia por Paraguach\u00f3n de jeito nenhum.<\/p>\n<p>Para completar o cen\u00e1rio, t\u00ednhamos d\u00favidas se a fronteira estava aberta ou n\u00e3o, pois em 11\/12\/2016 o presidente Nicol\u00e1s Maduro anunciou que fecharia todas as fronteiras com a Col\u00f4mbia, e depois n\u00e3o lemos mais not\u00edcias se haviam reaberto ou n\u00e3o.<\/p>\n<p>Pois bem, quase desistimos de passar por a\u00ed. Por\u00e9m, como somos cabe\u00e7a-dura e m\u00e3o-de-vaca, resolvemos tentar. Afinal, quer\u00edamos seguir para a costa colombiana, e os \u00f4nibus na Col\u00f4mbia s\u00e3o car\u00edssimos. O que de t\u00e3o ruim poderia acontecer?<\/p>\n<h3><b>Pre\u00e7o para cruzar a fronteira<\/b><\/h3>\n<p>\u00d4nibus de Maracaibo at\u00e9 a fronteira: 15 mil bol\u00edvares fuertes (saem por volta das 7h da manh\u00e3).<\/p>\n<p>Carro da fronteira at\u00e9 Maicao: 2 mil pesos colombianos na carroceria de um caminh\u00e3o, ou 5 mil em moto.<\/p>\n<p>T\u00e1xi compartilhado de Maracaibo at\u00e9 Maicao: 20 mil bol\u00edvares fuertes.<\/p>\n<figure id=\"attachment_4799\" aria-describedby=\"caption-attachment-4799\" style=\"width: 1000px\" class=\"wp-caption aligncenter\"><img data-recalc-dims=\"1\" loading=\"lazy\" decoding=\"async\" data-attachment-id=\"4799\" data-permalink=\"https:\/\/mundosemfim.com\/?attachment_id=4799\" data-orig-file=\"https:\/\/i0.wp.com\/mundosemfim.com\/wp-content\/uploads\/2017\/01\/P1080075.jpg?fit=1000%2C667&amp;ssl=1\" data-orig-size=\"1000,667\" data-comments-opened=\"1\" data-image-meta=\"{&quot;aperture&quot;:&quot;0&quot;,&quot;credit&quot;:&quot;&quot;,&quot;camera&quot;:&quot;&quot;,&quot;caption&quot;:&quot;&quot;,&quot;created_timestamp&quot;:&quot;0&quot;,&quot;copyright&quot;:&quot;&quot;,&quot;focal_length&quot;:&quot;0&quot;,&quot;iso&quot;:&quot;0&quot;,&quot;shutter_speed&quot;:&quot;0&quot;,&quot;title&quot;:&quot;&quot;,&quot;orientation&quot;:&quot;0&quot;}\" data-image-title=\"Paraguach\u00f3n\" data-image-description=\"\" data-image-caption=\"&lt;p&gt;Pagamento das nossas passagens entre Maracaibo e Maicao&lt;\/p&gt;\n\" data-large-file=\"https:\/\/i0.wp.com\/mundosemfim.com\/wp-content\/uploads\/2017\/01\/P1080075.jpg?fit=764%2C510&amp;ssl=1\" class=\"wp-image-4799 size-full\" src=\"https:\/\/i0.wp.com\/mundosemfim.com\/wp-content\/uploads\/2017\/01\/P1080075.jpg?resize=764%2C510&#038;ssl=1\" alt=\"Valor da passagem para cruzar a fronteira de Paraguach\u00f3n\" width=\"764\" height=\"510\" srcset=\"https:\/\/i0.wp.com\/mundosemfim.com\/wp-content\/uploads\/2017\/01\/P1080075.jpg?w=1000&amp;ssl=1 1000w, https:\/\/i0.wp.com\/mundosemfim.com\/wp-content\/uploads\/2017\/01\/P1080075.jpg?resize=300%2C200&amp;ssl=1 300w, https:\/\/i0.wp.com\/mundosemfim.com\/wp-content\/uploads\/2017\/01\/P1080075.jpg?resize=768%2C512&amp;ssl=1 768w\" sizes=\"auto, (max-width: 764px) 100vw, 764px\" \/><figcaption id=\"caption-attachment-4799\" class=\"wp-caption-text\">Pagamento das nossas passagens entre Maracaibo e Maicao<\/figcaption><\/figure>\n<h3><b>A travessia<\/b><\/h3>\n<p>Chegamos a Maracaibo no fim da tarde, e j\u00e1 escutamos o pessoal no terminal gritando: &#8220;Maicao, Maicao!&#8221;. S\u00f3 ir\u00edamos no dia seguinte, mas perguntamos os pre\u00e7os para ter uma ideia. O primeiro nos passou 25 mil, mas depois de caminhar um pouco descobrimos que o pre\u00e7o correto era 20 mil.<\/p>\n<p>Dormimos em um hotel na frente da rodovi\u00e1ria mesmo (10 mil bol\u00edvares um quarto de casal). Ir\u00edamos passar mais um dia ali para conhecer Maracaibo, mas a pr\u00f3pria dona do hotel nos recomendou ir no dia seguinte, pois seria domingo e estaria tudo mais tranquilo.<\/p>\n<p>Aceitamos o conselho e, \u00e0s 10h da manh\u00e3 do dia seguinte, j\u00e1 est\u00e1vamos na rodovi\u00e1ria procurando um t\u00e1xi. Encontramos um oficial, demos nosso nome e esperamos chegarem mais 3 pessoas para seguirmos (s\u00e3o esses carros americanos antigos, que conseguem levar dois passageiros no banco da frente).<\/p>\n<p>Esperamos cerca de uns 30 minutos e logo apareceram 3 rapazes indo para l\u00e1 tamb\u00e9m. Tentamos colocar as malas e mochilas no porta-malas, mas n\u00e3o coube tudo. Acabaram nos transferindo para um t\u00e1xi clandestino, que tinha um porta-malas maior. Na sa\u00edda do terminal, o fiscal reclamou com o motorista que n\u00e3o tinha o registro do carro dele. Ele respondeu que era o primeiro dia dele e arrancou com o carro. Ok, assim ir\u00edamos com mais emo\u00e7\u00e3o.<\/p>\n<figure id=\"attachment_4800\" aria-describedby=\"caption-attachment-4800\" style=\"width: 1000px\" class=\"wp-caption aligncenter\"><img data-recalc-dims=\"1\" loading=\"lazy\" decoding=\"async\" data-attachment-id=\"4800\" data-permalink=\"https:\/\/mundosemfim.com\/?attachment_id=4800\" data-orig-file=\"https:\/\/i0.wp.com\/mundosemfim.com\/wp-content\/uploads\/2017\/01\/P1080076.jpg?fit=1000%2C667&amp;ssl=1\" data-orig-size=\"1000,667\" data-comments-opened=\"1\" data-image-meta=\"{&quot;aperture&quot;:&quot;0&quot;,&quot;credit&quot;:&quot;&quot;,&quot;camera&quot;:&quot;&quot;,&quot;caption&quot;:&quot;&quot;,&quot;created_timestamp&quot;:&quot;0&quot;,&quot;copyright&quot;:&quot;&quot;,&quot;focal_length&quot;:&quot;0&quot;,&quot;iso&quot;:&quot;0&quot;,&quot;shutter_speed&quot;:&quot;0&quot;,&quot;title&quot;:&quot;&quot;,&quot;orientation&quot;:&quot;0&quot;}\" data-image-title=\"Paraguach\u00f3n\" data-image-description=\"\" data-image-caption=\"&lt;p&gt;O carro que nos levou at\u00e9 a Col\u00f4mbia&lt;\/p&gt;\n\" data-large-file=\"https:\/\/i0.wp.com\/mundosemfim.com\/wp-content\/uploads\/2017\/01\/P1080076.jpg?fit=764%2C510&amp;ssl=1\" class=\"wp-image-4800 size-full\" src=\"https:\/\/i0.wp.com\/mundosemfim.com\/wp-content\/uploads\/2017\/01\/P1080076.jpg?resize=764%2C510&#038;ssl=1\" alt=\"T\u00e1xi que cruza a fronteira de Paraguach\u00f3n\" width=\"764\" height=\"510\" srcset=\"https:\/\/i0.wp.com\/mundosemfim.com\/wp-content\/uploads\/2017\/01\/P1080076.jpg?w=1000&amp;ssl=1 1000w, https:\/\/i0.wp.com\/mundosemfim.com\/wp-content\/uploads\/2017\/01\/P1080076.jpg?resize=300%2C200&amp;ssl=1 300w, https:\/\/i0.wp.com\/mundosemfim.com\/wp-content\/uploads\/2017\/01\/P1080076.jpg?resize=768%2C512&amp;ssl=1 768w\" sizes=\"auto, (max-width: 764px) 100vw, 764px\" \/><figcaption id=\"caption-attachment-4800\" class=\"wp-caption-text\">O carro que nos levou at\u00e9 a Col\u00f4mbia<\/figcaption><\/figure>\n<p>Pegamos a estrada \u00e0s 11h. No caminho o motorista nos contou que tinha nacionalidade colombiana e venezuelana. Isso porque ele era um Way\u00fau, uma tribo ind\u00edgena cujas terras se estendiam al\u00e9m da fronteira dos dois pa\u00edses. Desta forma, mesmo com a fronteira estando fechada para carros, ele poderia cruzar por caminhos clandestinos de um lado para o outro. Os outros tr\u00eas rapazes eram venezuelanos.<\/p>\n<p>Durante o percurso atravessamos uma das regi\u00f5es mais pobres do continente, e passamos por incont\u00e1veis postos de controle da pol\u00edcia (o percurso tem cerca de 200km, e mais de 20 postos). Cada vez que cheg\u00e1vamos a um deles dava aquele frio na espinha \u2013 lembr\u00e1vamos dos depoimentos de gente que foi extorquida ou roubada pela pol\u00edcia, e n\u00e3o quer\u00edamos ter que dar um depoimento destes tamb\u00e9m.<\/p>\n<figure id=\"attachment_4801\" aria-describedby=\"caption-attachment-4801\" style=\"width: 1000px\" class=\"wp-caption aligncenter\"><img data-recalc-dims=\"1\" loading=\"lazy\" decoding=\"async\" data-attachment-id=\"4801\" data-permalink=\"https:\/\/mundosemfim.com\/?attachment_id=4801\" data-orig-file=\"https:\/\/i0.wp.com\/mundosemfim.com\/wp-content\/uploads\/2017\/01\/P1080081.jpg?fit=1000%2C667&amp;ssl=1\" data-orig-size=\"1000,667\" data-comments-opened=\"1\" data-image-meta=\"{&quot;aperture&quot;:&quot;0&quot;,&quot;credit&quot;:&quot;&quot;,&quot;camera&quot;:&quot;&quot;,&quot;caption&quot;:&quot;&quot;,&quot;created_timestamp&quot;:&quot;0&quot;,&quot;copyright&quot;:&quot;&quot;,&quot;focal_length&quot;:&quot;0&quot;,&quot;iso&quot;:&quot;0&quot;,&quot;shutter_speed&quot;:&quot;0&quot;,&quot;title&quot;:&quot;&quot;,&quot;orientation&quot;:&quot;0&quot;}\" data-image-title=\"Paraguach\u00f3n\" data-image-description=\"\" data-image-caption=\"&lt;p&gt;O caminho at\u00e9 a Col\u00f4mbia&lt;\/p&gt;\n\" data-large-file=\"https:\/\/i0.wp.com\/mundosemfim.com\/wp-content\/uploads\/2017\/01\/P1080081.jpg?fit=764%2C510&amp;ssl=1\" class=\"wp-image-4801 size-full\" src=\"https:\/\/i0.wp.com\/mundosemfim.com\/wp-content\/uploads\/2017\/01\/P1080081.jpg?resize=764%2C510&#038;ssl=1\" alt=\"Estrada de Maracaibo a Paraguach\u00f3n\" width=\"764\" height=\"510\" srcset=\"https:\/\/i0.wp.com\/mundosemfim.com\/wp-content\/uploads\/2017\/01\/P1080081.jpg?w=1000&amp;ssl=1 1000w, https:\/\/i0.wp.com\/mundosemfim.com\/wp-content\/uploads\/2017\/01\/P1080081.jpg?resize=300%2C200&amp;ssl=1 300w, https:\/\/i0.wp.com\/mundosemfim.com\/wp-content\/uploads\/2017\/01\/P1080081.jpg?resize=768%2C512&amp;ssl=1 768w\" sizes=\"auto, (max-width: 764px) 100vw, 764px\" \/><figcaption id=\"caption-attachment-4801\" class=\"wp-caption-text\">O caminho at\u00e9 a Col\u00f4mbia<\/figcaption><\/figure>\n<p>No final das contas, fomos parados &#8220;apenas&#8221; 7 vezes. Em algumas delas nos pediram os documentos, em outras pediram para abrir o porta-malas. Em nenhuma delas nos revistaram, nem pediram para abrir as mochilas ou fizeram qualquer insinua\u00e7\u00e3o a pedir propina. Tudo muito tranquilo. Acho que o fato de viajarmos pela Venezuela com a identidade em vez do passaporte ajudou: os policiais olhavam nossos documentos, n\u00e3o entendiam bem do que se tratava e devolviam. Um deles nos perguntou se aquilo valia e dissemos que sim. Outro foi perguntar para um vendedor ambulante se o nosso documento era v\u00e1lido. O restante apenas deu uma olhada e n\u00e3o falou nada.<\/p>\n<p>A estrada foi tranquila, com um movimento razo\u00e1vel e toda asfaltada. Havia apenas uma parada do ex\u00e9rcito, onde todos os carros eram parados, e ali havia uma fila enorme. Nosso motorista meteu o carro na contram\u00e3o e cortou a fila inteira. Disse que assim economizamos mais de 1 hora. Os soldados viram e n\u00e3o deram a m\u00ednima.<\/p>\n<figure id=\"attachment_4802\" aria-describedby=\"caption-attachment-4802\" style=\"width: 1000px\" class=\"wp-caption aligncenter\"><img data-recalc-dims=\"1\" loading=\"lazy\" decoding=\"async\" data-attachment-id=\"4802\" data-permalink=\"https:\/\/mundosemfim.com\/?attachment_id=4802\" data-orig-file=\"https:\/\/i0.wp.com\/mundosemfim.com\/wp-content\/uploads\/2017\/01\/P1080082.jpg?fit=1000%2C667&amp;ssl=1\" data-orig-size=\"1000,667\" data-comments-opened=\"1\" data-image-meta=\"{&quot;aperture&quot;:&quot;0&quot;,&quot;credit&quot;:&quot;&quot;,&quot;camera&quot;:&quot;&quot;,&quot;caption&quot;:&quot;&quot;,&quot;created_timestamp&quot;:&quot;0&quot;,&quot;copyright&quot;:&quot;&quot;,&quot;focal_length&quot;:&quot;0&quot;,&quot;iso&quot;:&quot;0&quot;,&quot;shutter_speed&quot;:&quot;0&quot;,&quot;title&quot;:&quot;&quot;,&quot;orientation&quot;:&quot;0&quot;}\" data-image-title=\"Paraguach\u00f3n\" data-image-description=\"\" data-image-caption=\"&lt;p&gt;Cortando a fila pela contram\u00e3o&lt;\/p&gt;\n\" data-large-file=\"https:\/\/i0.wp.com\/mundosemfim.com\/wp-content\/uploads\/2017\/01\/P1080082.jpg?fit=764%2C510&amp;ssl=1\" class=\"wp-image-4802 size-full\" src=\"https:\/\/i0.wp.com\/mundosemfim.com\/wp-content\/uploads\/2017\/01\/P1080082.jpg?resize=764%2C510&#038;ssl=1\" alt=\"Fila para cruzar a fronteira\" width=\"764\" height=\"510\" srcset=\"https:\/\/i0.wp.com\/mundosemfim.com\/wp-content\/uploads\/2017\/01\/P1080082.jpg?w=1000&amp;ssl=1 1000w, https:\/\/i0.wp.com\/mundosemfim.com\/wp-content\/uploads\/2017\/01\/P1080082.jpg?resize=300%2C200&amp;ssl=1 300w, https:\/\/i0.wp.com\/mundosemfim.com\/wp-content\/uploads\/2017\/01\/P1080082.jpg?resize=768%2C512&amp;ssl=1 768w\" sizes=\"auto, (max-width: 764px) 100vw, 764px\" \/><figcaption id=\"caption-attachment-4802\" class=\"wp-caption-text\">Cortando a fila pela contram\u00e3o<\/figcaption><\/figure>\n<p>Chegamos \u00e0 fronteira por volta das 14h. Ali o motorista disse que poder\u00edamos descer e atravessar caminhando, para fazermos os tr\u00e2mites de imigra\u00e7\u00e3o. Ele cruzaria por um caminho clandestino e nos esperaria do outro lado. Tamb\u00e9m sugeriu deixarmos as mochilas no porta-malas do carro, assim evitar\u00edamos transtornos na fronteira. Como a pol\u00edcia de imigra\u00e7\u00e3o venezuelana tem m\u00e1 fama, acabamos aceitando o conselho, mesmo com o risco de ele desaparecer com as nossas mochilas. Descemos somente com nossos itens de maior valor mesmo. Os venezuelanos seguiram no carro pelo caminho clandestino.<\/p>\n<p>A imigra\u00e7\u00e3o n\u00e3o poderia ter sido mais tranquila: carimbamos a sa\u00edda da Venezuela, caminhamos alguns metros at\u00e9 o lado colombiano e registramos a entrada. Sem revistas, sem extors\u00e3o, sem perguntas, sem enche\u00e7\u00e3o de saco.<\/p>\n<p>Chegamos ao outro lado e o t\u00e1xi n\u00e3o estava l\u00e1. Esperamos, esperamos&#8230; e esperamos. J\u00e1 est\u00e1vamos ficando preocupados, quando finalmente, por volta das 15h, o carro apareceu. O motorista se desculpou pela demora. Disse que o carro quebrou quando ele passou em um buraco (o t\u00e1xi era realmente velho), e por isso se atrasou.<\/p>\n<figure id=\"attachment_4803\" aria-describedby=\"caption-attachment-4803\" style=\"width: 1000px\" class=\"wp-caption aligncenter\"><img data-recalc-dims=\"1\" loading=\"lazy\" decoding=\"async\" data-attachment-id=\"4803\" data-permalink=\"https:\/\/mundosemfim.com\/?attachment_id=4803\" data-orig-file=\"https:\/\/i0.wp.com\/mundosemfim.com\/wp-content\/uploads\/2017\/01\/P1080085.jpg?fit=1000%2C667&amp;ssl=1\" data-orig-size=\"1000,667\" data-comments-opened=\"1\" data-image-meta=\"{&quot;aperture&quot;:&quot;0&quot;,&quot;credit&quot;:&quot;&quot;,&quot;camera&quot;:&quot;&quot;,&quot;caption&quot;:&quot;&quot;,&quot;created_timestamp&quot;:&quot;0&quot;,&quot;copyright&quot;:&quot;&quot;,&quot;focal_length&quot;:&quot;0&quot;,&quot;iso&quot;:&quot;0&quot;,&quot;shutter_speed&quot;:&quot;0&quot;,&quot;title&quot;:&quot;&quot;,&quot;orientation&quot;:&quot;0&quot;}\" data-image-title=\"Paraguach\u00f3n\" data-image-description=\"\" data-image-caption=\"&lt;p&gt;Alguns meios de transporte alternativos para cruzar a fronteira&lt;\/p&gt;\n\" data-large-file=\"https:\/\/i0.wp.com\/mundosemfim.com\/wp-content\/uploads\/2017\/01\/P1080085.jpg?fit=764%2C510&amp;ssl=1\" class=\"wp-image-4803 size-full\" src=\"https:\/\/i0.wp.com\/mundosemfim.com\/wp-content\/uploads\/2017\/01\/P1080085.jpg?resize=764%2C510&#038;ssl=1\" alt=\"Alternativa para cruzar a fronteira Venezuela - Col\u00f4mbia\" width=\"764\" height=\"510\" srcset=\"https:\/\/i0.wp.com\/mundosemfim.com\/wp-content\/uploads\/2017\/01\/P1080085.jpg?w=1000&amp;ssl=1 1000w, https:\/\/i0.wp.com\/mundosemfim.com\/wp-content\/uploads\/2017\/01\/P1080085.jpg?resize=300%2C200&amp;ssl=1 300w, https:\/\/i0.wp.com\/mundosemfim.com\/wp-content\/uploads\/2017\/01\/P1080085.jpg?resize=768%2C512&amp;ssl=1 768w\" sizes=\"auto, (max-width: 764px) 100vw, 764px\" \/><figcaption id=\"caption-attachment-4803\" class=\"wp-caption-text\">Alguns meios de transporte alternativos para cruzar a fronteira<\/figcaption><\/figure>\n<p>Tudo em ordem, seguimos os \u00faltimos 10km at\u00e9 chegar a Maicao, a primeira cidade colombiana. Ali os venezuelanos que estavam conosco ainda nos ajudaram a encontrar uma hospedagem barata. Era a casa de um conhecido deles que alugava quartos. Nos hospedamos por apenas 10 mil pesos (5 mil cada um). Os hot\u00e9is mais simples cobravam na faixa de 35 mil, ent\u00e3o estava \u00f3timo!<\/p>\n<p>Em Maicao trocamos os poucos bol\u00edvares que ainda t\u00ednhamos por uma cota\u00e7\u00e3o de 1 bol\u00edvar = 0,80 pesos.<\/p>\n<h3><b>Conclus\u00e3o<\/b><\/h3>\n<p>N\u00e3o sei se andamos com sorte, se as outras pessoas \u00e9 que tem azar ou se foi pelo fato de viajarmos no domingo, mas essa fronteira nos foi incrivelmente tranquila. Realmente h\u00e1 muito controle policial, mas isso nos trouxe mais seguran\u00e7a do que medo no fim das contas.<\/p>\n<p>E assim deixamos mais um pa\u00eds para tr\u00e1s. Agora, rumo ao Panam\u00e1!<\/p>\n<p>Para mais dicas de viagem e acompanhar nossa volta ao mundo, curtam nossa p\u00e1gina no face:<br \/>\n<a href=\"http:\/\/www.facebook.com\/mundosemfimoficial\">www.facebook.com\/mundosemfimoficial<\/a><\/p>\n","protected":false},"excerpt":{"rendered":"<p>Considerada uma das piores fronteiras da Am\u00e9rica do Sul, o passo de Paraguach\u00f3n, que liga o litoral venezuelano com o colombiano \u00e9 evitado por muitos viajantes. N\u00f3s, como bons cabe\u00e7as-duras, passamos por l\u00e1, e aqui contamos como foi!<\/p>\n","protected":false},"author":1,"featured_media":4798,"comment_status":"open","ping_status":"open","sticky":false,"template":"","format":"standard","meta":{"jetpack_post_was_ever_published":false,"_jetpack_newsletter_access":"","_jetpack_dont_email_post_to_subs":true,"_jetpack_newsletter_tier_id":0,"_jetpack_memberships_contains_paywalled_content":false,"_jetpack_memberships_contains_paid_content":false,"footnotes":"","jetpack_publicize_message":"","jetpack_publicize_feature_enabled":true,"jetpack_social_post_already_shared":true,"jetpack_social_options":{"image_generator_settings":{"template":"highway","default_image_id":0,"font":"","enabled":false},"version":2}},"categories":[6,313,316,344],"tags":[350],"class_list":["post-4797","post","type-post","status-publish","format-standard","has-post-thumbnail","hentry","category-america-do-sul","category-colombia","category-fronteira","category-venezuela","tag-paraguachon"],"yoast_head":"<!-- This site is optimized with the Yoast SEO plugin v27.5 - https:\/\/yoast.com\/product\/yoast-seo-wordpress\/ -->\n<title>De Maracaibo a Maicao \u2013 Cruzando a fronteira Venezuela \u2013 Col\u00f4mbia por Paraguach\u00f3n - Mundo Sem Fim<\/title>\n<meta name=\"robots\" content=\"index, follow, max-snippet:-1, max-image-preview:large, max-video-preview:-1\" \/>\n<link rel=\"canonical\" href=\"https:\/\/mundosemfim.com\/?p=4797\" \/>\n<meta property=\"og:locale\" content=\"pt_BR\" \/>\n<meta property=\"og:type\" content=\"article\" \/>\n<meta property=\"og:title\" content=\"De Maracaibo a Maicao \u2013 Cruzando a fronteira Venezuela \u2013 Col\u00f4mbia por Paraguach\u00f3n - Mundo Sem Fim\" \/>\n<meta property=\"og:description\" content=\"Considerada uma das piores fronteiras da Am\u00e9rica do Sul, o passo de Paraguach\u00f3n, que liga o litoral venezuelano com o colombiano \u00e9 evitado por muitos viajantes. N\u00f3s, como bons cabe\u00e7as-duras, passamos por l\u00e1, e aqui contamos como foi!\" \/>\n<meta property=\"og:url\" content=\"https:\/\/mundosemfim.com\/?p=4797\" \/>\n<meta property=\"og:site_name\" content=\"Mundo Sem Fim\" \/>\n<meta property=\"article:publisher\" content=\"http:\/\/www.facebook.com\/mundosemfimoficial\" \/>\n<meta property=\"article:published_time\" content=\"2017-01-10T22:35:29+00:00\" \/>\n<meta property=\"article:modified_time\" content=\"2017-02-09T16:12:06+00:00\" \/>\n<meta property=\"og:image\" content=\"https:\/\/i0.wp.com\/mundosemfim.com\/wp-content\/uploads\/2017\/01\/P1080084.jpg?fit=1000%2C667&ssl=1\" \/>\n\t<meta property=\"og:image:width\" content=\"1000\" \/>\n\t<meta property=\"og:image:height\" content=\"667\" \/>\n\t<meta property=\"og:image:type\" content=\"image\/jpeg\" \/>\n<meta name=\"author\" content=\"Renan\" \/>\n<meta name=\"twitter:card\" content=\"summary_large_image\" \/>\n<meta name=\"twitter:label1\" content=\"Escrito por\" \/>\n\t<meta name=\"twitter:data1\" content=\"Renan\" \/>\n\t<meta name=\"twitter:label2\" content=\"Est. tempo de leitura\" \/>\n\t<meta name=\"twitter:data2\" content=\"7 minutos\" \/>\n<script type=\"application\/ld+json\" class=\"yoast-schema-graph\">{\"@context\":\"https:\\\/\\\/schema.org\",\"@graph\":[{\"@type\":\"Article\",\"@id\":\"https:\\\/\\\/mundosemfim.com\\\/?p=4797#article\",\"isPartOf\":{\"@id\":\"https:\\\/\\\/mundosemfim.com\\\/?p=4797\"},\"author\":{\"name\":\"Renan\",\"@id\":\"https:\\\/\\\/mundosemfim.com\\\/#\\\/schema\\\/person\\\/b021d50f3a19bae432e9b69ffbfa9257\"},\"headline\":\"De Maracaibo a Maicao \u2013 Cruzando a fronteira Venezuela \u2013 Col\u00f4mbia por Paraguach\u00f3n\",\"datePublished\":\"2017-01-10T22:35:29+00:00\",\"dateModified\":\"2017-02-09T16:12:06+00:00\",\"mainEntityOfPage\":{\"@id\":\"https:\\\/\\\/mundosemfim.com\\\/?p=4797\"},\"wordCount\":1376,\"commentCount\":9,\"image\":{\"@id\":\"https:\\\/\\\/mundosemfim.com\\\/?p=4797#primaryimage\"},\"thumbnailUrl\":\"https:\\\/\\\/i0.wp.com\\\/mundosemfim.com\\\/wp-content\\\/uploads\\\/2017\\\/01\\\/P1080084.jpg?fit=1000%2C667&ssl=1\",\"keywords\":[\"paraguach\u00f3n\"],\"articleSection\":[\"Am\u00e9rica do Sul\",\"Col\u00f4mbia\",\"fronteira\",\"Venezuela\"],\"inLanguage\":\"pt-BR\",\"potentialAction\":[{\"@type\":\"CommentAction\",\"name\":\"Comment\",\"target\":[\"https:\\\/\\\/mundosemfim.com\\\/?p=4797#respond\"]}]},{\"@type\":\"WebPage\",\"@id\":\"https:\\\/\\\/mundosemfim.com\\\/?p=4797\",\"url\":\"https:\\\/\\\/mundosemfim.com\\\/?p=4797\",\"name\":\"De Maracaibo a Maicao \u2013 Cruzando a fronteira Venezuela \u2013 Col\u00f4mbia por Paraguach\u00f3n - Mundo Sem Fim\",\"isPartOf\":{\"@id\":\"https:\\\/\\\/mundosemfim.com\\\/#website\"},\"primaryImageOfPage\":{\"@id\":\"https:\\\/\\\/mundosemfim.com\\\/?p=4797#primaryimage\"},\"image\":{\"@id\":\"https:\\\/\\\/mundosemfim.com\\\/?p=4797#primaryimage\"},\"thumbnailUrl\":\"https:\\\/\\\/i0.wp.com\\\/mundosemfim.com\\\/wp-content\\\/uploads\\\/2017\\\/01\\\/P1080084.jpg?fit=1000%2C667&ssl=1\",\"datePublished\":\"2017-01-10T22:35:29+00:00\",\"dateModified\":\"2017-02-09T16:12:06+00:00\",\"author\":{\"@id\":\"https:\\\/\\\/mundosemfim.com\\\/#\\\/schema\\\/person\\\/b021d50f3a19bae432e9b69ffbfa9257\"},\"breadcrumb\":{\"@id\":\"https:\\\/\\\/mundosemfim.com\\\/?p=4797#breadcrumb\"},\"inLanguage\":\"pt-BR\",\"potentialAction\":[{\"@type\":\"ReadAction\",\"target\":[\"https:\\\/\\\/mundosemfim.com\\\/?p=4797\"]}]},{\"@type\":\"ImageObject\",\"inLanguage\":\"pt-BR\",\"@id\":\"https:\\\/\\\/mundosemfim.com\\\/?p=4797#primaryimage\",\"url\":\"https:\\\/\\\/i0.wp.com\\\/mundosemfim.com\\\/wp-content\\\/uploads\\\/2017\\\/01\\\/P1080084.jpg?fit=1000%2C667&ssl=1\",\"contentUrl\":\"https:\\\/\\\/i0.wp.com\\\/mundosemfim.com\\\/wp-content\\\/uploads\\\/2017\\\/01\\\/P1080084.jpg?fit=1000%2C667&ssl=1\",\"width\":1000,\"height\":667,\"caption\":\"Cruzando a fronteira entre Venezuela e Col\u00f4mbia por Paraguach\u00f3n\"},{\"@type\":\"BreadcrumbList\",\"@id\":\"https:\\\/\\\/mundosemfim.com\\\/?p=4797#breadcrumb\",\"itemListElement\":[{\"@type\":\"ListItem\",\"position\":1,\"name\":\"In\u00edcio\",\"item\":\"https:\\\/\\\/mundosemfim.com\\\/\"},{\"@type\":\"ListItem\",\"position\":2,\"name\":\"De Maracaibo a Maicao \u2013 Cruzando a fronteira Venezuela \u2013 Col\u00f4mbia por Paraguach\u00f3n\"}]},{\"@type\":\"WebSite\",\"@id\":\"https:\\\/\\\/mundosemfim.com\\\/#website\",\"url\":\"https:\\\/\\\/mundosemfim.com\\\/\",\"name\":\"Mundo Sem Fim\",\"description\":\"uma viagem de volta ao mundo pelos 5 continentes!\",\"potentialAction\":[{\"@type\":\"SearchAction\",\"target\":{\"@type\":\"EntryPoint\",\"urlTemplate\":\"https:\\\/\\\/mundosemfim.com\\\/?s={search_term_string}\"},\"query-input\":{\"@type\":\"PropertyValueSpecification\",\"valueRequired\":true,\"valueName\":\"search_term_string\"}}],\"inLanguage\":\"pt-BR\"},{\"@type\":\"Person\",\"@id\":\"https:\\\/\\\/mundosemfim.com\\\/#\\\/schema\\\/person\\\/b021d50f3a19bae432e9b69ffbfa9257\",\"name\":\"Renan\",\"image\":{\"@type\":\"ImageObject\",\"inLanguage\":\"pt-BR\",\"@id\":\"https:\\\/\\\/secure.gravatar.com\\\/avatar\\\/faafca769a603ac75196d21826f3bda645d7e2d6306bb6e236d8cdb38eb44e38?s=96&d=mm&r=g\",\"url\":\"https:\\\/\\\/secure.gravatar.com\\\/avatar\\\/faafca769a603ac75196d21826f3bda645d7e2d6306bb6e236d8cdb38eb44e38?s=96&d=mm&r=g\",\"contentUrl\":\"https:\\\/\\\/secure.gravatar.com\\\/avatar\\\/faafca769a603ac75196d21826f3bda645d7e2d6306bb6e236d8cdb38eb44e38?s=96&d=mm&r=g\",\"caption\":\"Renan\"}}]}<\/script>\n<!-- \/ Yoast SEO plugin. -->","yoast_head_json":{"title":"De Maracaibo a Maicao \u2013 Cruzando a fronteira Venezuela \u2013 Col\u00f4mbia por Paraguach\u00f3n - Mundo Sem Fim","robots":{"index":"index","follow":"follow","max-snippet":"max-snippet:-1","max-image-preview":"max-image-preview:large","max-video-preview":"max-video-preview:-1"},"canonical":"https:\/\/mundosemfim.com\/?p=4797","og_locale":"pt_BR","og_type":"article","og_title":"De Maracaibo a Maicao \u2013 Cruzando a fronteira Venezuela \u2013 Col\u00f4mbia por Paraguach\u00f3n - Mundo Sem Fim","og_description":"Considerada uma das piores fronteiras da Am\u00e9rica do Sul, o passo de Paraguach\u00f3n, que liga o litoral venezuelano com o colombiano \u00e9 evitado por muitos viajantes. N\u00f3s, como bons cabe\u00e7as-duras, passamos por l\u00e1, e aqui contamos como foi!","og_url":"https:\/\/mundosemfim.com\/?p=4797","og_site_name":"Mundo Sem Fim","article_publisher":"http:\/\/www.facebook.com\/mundosemfimoficial","article_published_time":"2017-01-10T22:35:29+00:00","article_modified_time":"2017-02-09T16:12:06+00:00","og_image":[{"width":1000,"height":667,"url":"https:\/\/i0.wp.com\/mundosemfim.com\/wp-content\/uploads\/2017\/01\/P1080084.jpg?fit=1000%2C667&ssl=1","type":"image\/jpeg"}],"author":"Renan","twitter_card":"summary_large_image","twitter_misc":{"Escrito por":"Renan","Est. tempo de leitura":"7 minutos"},"schema":{"@context":"https:\/\/schema.org","@graph":[{"@type":"Article","@id":"https:\/\/mundosemfim.com\/?p=4797#article","isPartOf":{"@id":"https:\/\/mundosemfim.com\/?p=4797"},"author":{"name":"Renan","@id":"https:\/\/mundosemfim.com\/#\/schema\/person\/b021d50f3a19bae432e9b69ffbfa9257"},"headline":"De Maracaibo a Maicao \u2013 Cruzando a fronteira Venezuela \u2013 Col\u00f4mbia por Paraguach\u00f3n","datePublished":"2017-01-10T22:35:29+00:00","dateModified":"2017-02-09T16:12:06+00:00","mainEntityOfPage":{"@id":"https:\/\/mundosemfim.com\/?p=4797"},"wordCount":1376,"commentCount":9,"image":{"@id":"https:\/\/mundosemfim.com\/?p=4797#primaryimage"},"thumbnailUrl":"https:\/\/i0.wp.com\/mundosemfim.com\/wp-content\/uploads\/2017\/01\/P1080084.jpg?fit=1000%2C667&ssl=1","keywords":["paraguach\u00f3n"],"articleSection":["Am\u00e9rica do Sul","Col\u00f4mbia","fronteira","Venezuela"],"inLanguage":"pt-BR","potentialAction":[{"@type":"CommentAction","name":"Comment","target":["https:\/\/mundosemfim.com\/?p=4797#respond"]}]},{"@type":"WebPage","@id":"https:\/\/mundosemfim.com\/?p=4797","url":"https:\/\/mundosemfim.com\/?p=4797","name":"De Maracaibo a Maicao \u2013 Cruzando a fronteira Venezuela \u2013 Col\u00f4mbia por Paraguach\u00f3n - Mundo Sem Fim","isPartOf":{"@id":"https:\/\/mundosemfim.com\/#website"},"primaryImageOfPage":{"@id":"https:\/\/mundosemfim.com\/?p=4797#primaryimage"},"image":{"@id":"https:\/\/mundosemfim.com\/?p=4797#primaryimage"},"thumbnailUrl":"https:\/\/i0.wp.com\/mundosemfim.com\/wp-content\/uploads\/2017\/01\/P1080084.jpg?fit=1000%2C667&ssl=1","datePublished":"2017-01-10T22:35:29+00:00","dateModified":"2017-02-09T16:12:06+00:00","author":{"@id":"https:\/\/mundosemfim.com\/#\/schema\/person\/b021d50f3a19bae432e9b69ffbfa9257"},"breadcrumb":{"@id":"https:\/\/mundosemfim.com\/?p=4797#breadcrumb"},"inLanguage":"pt-BR","potentialAction":[{"@type":"ReadAction","target":["https:\/\/mundosemfim.com\/?p=4797"]}]},{"@type":"ImageObject","inLanguage":"pt-BR","@id":"https:\/\/mundosemfim.com\/?p=4797#primaryimage","url":"https:\/\/i0.wp.com\/mundosemfim.com\/wp-content\/uploads\/2017\/01\/P1080084.jpg?fit=1000%2C667&ssl=1","contentUrl":"https:\/\/i0.wp.com\/mundosemfim.com\/wp-content\/uploads\/2017\/01\/P1080084.jpg?fit=1000%2C667&ssl=1","width":1000,"height":667,"caption":"Cruzando a fronteira entre Venezuela e Col\u00f4mbia por Paraguach\u00f3n"},{"@type":"BreadcrumbList","@id":"https:\/\/mundosemfim.com\/?p=4797#breadcrumb","itemListElement":[{"@type":"ListItem","position":1,"name":"In\u00edcio","item":"https:\/\/mundosemfim.com\/"},{"@type":"ListItem","position":2,"name":"De Maracaibo a Maicao \u2013 Cruzando a fronteira Venezuela \u2013 Col\u00f4mbia por Paraguach\u00f3n"}]},{"@type":"WebSite","@id":"https:\/\/mundosemfim.com\/#website","url":"https:\/\/mundosemfim.com\/","name":"Mundo Sem Fim","description":"uma viagem de volta ao mundo pelos 5 continentes!","potentialAction":[{"@type":"SearchAction","target":{"@type":"EntryPoint","urlTemplate":"https:\/\/mundosemfim.com\/?s={search_term_string}"},"query-input":{"@type":"PropertyValueSpecification","valueRequired":true,"valueName":"search_term_string"}}],"inLanguage":"pt-BR"},{"@type":"Person","@id":"https:\/\/mundosemfim.com\/#\/schema\/person\/b021d50f3a19bae432e9b69ffbfa9257","name":"Renan","image":{"@type":"ImageObject","inLanguage":"pt-BR","@id":"https:\/\/secure.gravatar.com\/avatar\/faafca769a603ac75196d21826f3bda645d7e2d6306bb6e236d8cdb38eb44e38?s=96&d=mm&r=g","url":"https:\/\/secure.gravatar.com\/avatar\/faafca769a603ac75196d21826f3bda645d7e2d6306bb6e236d8cdb38eb44e38?s=96&d=mm&r=g","contentUrl":"https:\/\/secure.gravatar.com\/avatar\/faafca769a603ac75196d21826f3bda645d7e2d6306bb6e236d8cdb38eb44e38?s=96&d=mm&r=g","caption":"Renan"}}]}},"jetpack_publicize_connections":[],"jetpack_featured_media_url":"https:\/\/i0.wp.com\/mundosemfim.com\/wp-content\/uploads\/2017\/01\/P1080084.jpg?fit=1000%2C667&ssl=1","jetpack_sharing_enabled":true,"jetpack_shortlink":"https:\/\/wp.me\/p7CQyF-1fn","jetpack-related-posts":[{"id":4279,"url":"https:\/\/mundosemfim.com\/?p=4279","url_meta":{"origin":4797,"position":0},"title":"Cruzando a fronteira Equador \u2013 Col\u00f4mbia por Rumichaca","author":"Renan","date":"setembro 27, 2016","format":false,"excerpt":"Provavelmente a fronteira mais utilizada por mochileiros que viajam entre estes dois pa\u00edses, o passo de Rumichaca \u00e9 o mais recomendado e bastante seguro. Aqui contamos como foi nossa travessia! C\u00e2mbio oficial (set\/2016) 1 d\u00f3lar = 3,30 reais 1 real = 893 pesos colombianos 1 d\u00f3lar = 2890 pesos colombianos\u2026","rel":"","context":"Em &quot;Am\u00e9rica do Sul&quot;","block_context":{"text":"Am\u00e9rica do Sul","link":"https:\/\/mundosemfim.com\/?cat=6"},"img":{"alt_text":"","src":"https:\/\/i0.wp.com\/mundosemfim.com\/wp-content\/uploads\/2016\/09\/P9180025.jpg?fit=901%2C601&ssl=1&resize=350%2C200","width":350,"height":200,"srcset":"https:\/\/i0.wp.com\/mundosemfim.com\/wp-content\/uploads\/2016\/09\/P9180025.jpg?fit=901%2C601&ssl=1&resize=350%2C200 1x, https:\/\/i0.wp.com\/mundosemfim.com\/wp-content\/uploads\/2016\/09\/P9180025.jpg?fit=901%2C601&ssl=1&resize=525%2C300 1.5x, https:\/\/i0.wp.com\/mundosemfim.com\/wp-content\/uploads\/2016\/09\/P9180025.jpg?fit=901%2C601&ssl=1&resize=700%2C400 2x"},"classes":[]},{"id":4690,"url":"https:\/\/mundosemfim.com\/?p=4690","url_meta":{"origin":4797,"position":1},"title":"Cruzando a fronteira Col\u00f4mbia \u2013 Venezuela por C\u00facuta \u2013 nossa trajet\u00f3ria at\u00e9 M\u00e9rida!","author":"Renan","date":"novembro 27, 2016","format":false,"excerpt":"Por mais que a sua documenta\u00e7\u00e3o esteja toda correta, cruzar uma fronteira sempre d\u00e1 um frio na barriga. Em se tratando da Venezuela, ent\u00e3o, esse receio triplica: escutamos falar t\u00e3o mal do pa\u00eds que quase o tiramos do nosso roteiro. Aqui contamos como foi a nossa travessia! C\u00e2mbio oficial \u2013\u2026","rel":"","context":"Em &quot;Am\u00e9rica do Sul&quot;","block_context":{"text":"Am\u00e9rica do Sul","link":"https:\/\/mundosemfim.com\/?cat=6"},"img":{"alt_text":"","src":"https:\/\/i0.wp.com\/mundosemfim.com\/wp-content\/uploads\/2016\/11\/PB240017-Copy-1.jpg?fit=1024%2C525&ssl=1&resize=350%2C200","width":350,"height":200,"srcset":"https:\/\/i0.wp.com\/mundosemfim.com\/wp-content\/uploads\/2016\/11\/PB240017-Copy-1.jpg?fit=1024%2C525&ssl=1&resize=350%2C200 1x, https:\/\/i0.wp.com\/mundosemfim.com\/wp-content\/uploads\/2016\/11\/PB240017-Copy-1.jpg?fit=1024%2C525&ssl=1&resize=525%2C300 1.5x, https:\/\/i0.wp.com\/mundosemfim.com\/wp-content\/uploads\/2016\/11\/PB240017-Copy-1.jpg?fit=1024%2C525&ssl=1&resize=700%2C400 2x"},"classes":[]},{"id":5809,"url":"https:\/\/mundosemfim.com\/?p=5809","url_meta":{"origin":4797,"position":2},"title":"Cruzando a fronteira Nicar\u00e1gua \u2013 Honduras por Las Manos","author":"Renan","date":"maio 14, 2017","format":false,"excerpt":"Mais uma vez aquele friozinho na barriga por cruzar uma fronteira. Desta vez seria para entrar em Honduras, um pa\u00eds onde muitos reclamam de terem sido extorquidos pelos oficiais de imigra\u00e7\u00e3o. Mas a viagem tem que continuar, e a\u00ed fomos n\u00f3s! Refer\u00eancia (maio\/2017) 1 d\u00f3lar = 3,13 reais 1 c\u00f3rdoba\u2026","rel":"","context":"Em &quot;Am\u00e9rica Central&quot;","block_context":{"text":"Am\u00e9rica Central","link":"https:\/\/mundosemfim.com\/?cat=382"},"img":{"alt_text":"Cruzando a fronteira Nicar\u00e1gua - Honduras","src":"https:\/\/i0.wp.com\/mundosemfim.com\/wp-content\/uploads\/2017\/05\/P5120006.jpg?fit=1000%2C667&ssl=1&resize=350%2C200","width":350,"height":200,"srcset":"https:\/\/i0.wp.com\/mundosemfim.com\/wp-content\/uploads\/2017\/05\/P5120006.jpg?fit=1000%2C667&ssl=1&resize=350%2C200 1x, https:\/\/i0.wp.com\/mundosemfim.com\/wp-content\/uploads\/2017\/05\/P5120006.jpg?fit=1000%2C667&ssl=1&resize=525%2C300 1.5x, https:\/\/i0.wp.com\/mundosemfim.com\/wp-content\/uploads\/2017\/05\/P5120006.jpg?fit=1000%2C667&ssl=1&resize=700%2C400 2x"},"classes":[]},{"id":5653,"url":"https:\/\/mundosemfim.com\/?p=5653","url_meta":{"origin":4797,"position":3},"title":"Cruzando a fronteira Costa Rica \u2013 Nicar\u00e1gua por Pe\u00f1as Blancas","author":"Renan","date":"abril 20, 2017","format":false,"excerpt":"Seguindo nosso recorrido pela Am\u00e9rica Central, aqui contamos como foi cruzar a fronteira da Costa Rica com a Nicar\u00e1gua por terra! C\u00e2mbio oficial (abril\/2017) 1 real = 178 colones (dinheiro da Costa Rica) 1 real = 9,45 c\u00f3rdobas (dinheiro da Nicar\u00e1gua) 1 d\u00f3lar = 3,16 reais Seguindo nossa viagem pela\u2026","rel":"","context":"Em &quot;Am\u00e9rica Central&quot;","block_context":{"text":"Am\u00e9rica Central","link":"https:\/\/mundosemfim.com\/?cat=382"},"img":{"alt_text":"Cruzando a fronteira Costa Rica - Nicar\u00e1gua por Pe\u00f1as Blancas.","src":"https:\/\/i0.wp.com\/mundosemfim.com\/wp-content\/uploads\/2017\/04\/P4200022.jpg?fit=1000%2C667&ssl=1&resize=350%2C200","width":350,"height":200,"srcset":"https:\/\/i0.wp.com\/mundosemfim.com\/wp-content\/uploads\/2017\/04\/P4200022.jpg?fit=1000%2C667&ssl=1&resize=350%2C200 1x, https:\/\/i0.wp.com\/mundosemfim.com\/wp-content\/uploads\/2017\/04\/P4200022.jpg?fit=1000%2C667&ssl=1&resize=525%2C300 1.5x, https:\/\/i0.wp.com\/mundosemfim.com\/wp-content\/uploads\/2017\/04\/P4200022.jpg?fit=1000%2C667&ssl=1&resize=700%2C400 2x"},"classes":[]},{"id":6054,"url":"https:\/\/mundosemfim.com\/?p=6054","url_meta":{"origin":4797,"position":4},"title":"Cruzando a fronteira El Salvador \u2013 Guatemala por Las Chinamas","author":"Renan","date":"junho 21, 2017","format":false,"excerpt":"Muito comum entre quem viaja pela Am\u00e9rica Central, esta fronteira \u00e9 rota das principais companhias de \u00f4nibus e shuttles que cruzam estes dois pa\u00edses. Aqui contamos como foi atravessar por l\u00e1! C\u00e2mbio oficial (junho\/2017) 1 d\u00f3lar = 3,30 reais 1 d\u00f3lar = 7,34 quetzales 1 quetzal = 0,45 reais A\u2026","rel":"","context":"Em &quot;Am\u00e9rica Central&quot;","block_context":{"text":"Am\u00e9rica Central","link":"https:\/\/mundosemfim.com\/?cat=382"},"img":{"alt_text":"Fronteira entre El Salvador e Guatemala","src":"https:\/\/i0.wp.com\/mundosemfim.com\/wp-content\/uploads\/2017\/06\/P6200013.jpg?fit=900%2C675&ssl=1&resize=350%2C200","width":350,"height":200,"srcset":"https:\/\/i0.wp.com\/mundosemfim.com\/wp-content\/uploads\/2017\/06\/P6200013.jpg?fit=900%2C675&ssl=1&resize=350%2C200 1x, https:\/\/i0.wp.com\/mundosemfim.com\/wp-content\/uploads\/2017\/06\/P6200013.jpg?fit=900%2C675&ssl=1&resize=525%2C300 1.5x, https:\/\/i0.wp.com\/mundosemfim.com\/wp-content\/uploads\/2017\/06\/P6200013.jpg?fit=900%2C675&ssl=1&resize=700%2C400 2x"},"classes":[]},{"id":5505,"url":"https:\/\/mundosemfim.com\/?p=5505","url_meta":{"origin":4797,"position":5},"title":"Cruzando a fronteira Col\u00f4mbia \u2013 Panam\u00e1 por Puerto Obald\u00eda","author":"Renan","date":"mar\u00e7o 20, 2017","format":false,"excerpt":"Depois de muito pensar em como cruzar da Am\u00e9rica do Sul \u00e0 Am\u00e9rica Central, chegamos \u00e0 conclus\u00e3o que o melhor era fazer por terra e barco. E esta foi uma das melhores experi\u00eancias da nossa viagem! Aqui contamos como foi cruzar esta fronteira pouco conhecida. Refer\u00eancia (mar\u00e7o\/2017) 1 real =\u2026","rel":"","context":"Em &quot;Am\u00e9rica Central&quot;","block_context":{"text":"Am\u00e9rica Central","link":"https:\/\/mundosemfim.com\/?cat=382"},"img":{"alt_text":"Puerto Obald\u00eda","src":"https:\/\/i0.wp.com\/mundosemfim.com\/wp-content\/uploads\/2017\/03\/P3130133.jpg?fit=1000%2C667&ssl=1&resize=350%2C200","width":350,"height":200,"srcset":"https:\/\/i0.wp.com\/mundosemfim.com\/wp-content\/uploads\/2017\/03\/P3130133.jpg?fit=1000%2C667&ssl=1&resize=350%2C200 1x, https:\/\/i0.wp.com\/mundosemfim.com\/wp-content\/uploads\/2017\/03\/P3130133.jpg?fit=1000%2C667&ssl=1&resize=525%2C300 1.5x, https:\/\/i0.wp.com\/mundosemfim.com\/wp-content\/uploads\/2017\/03\/P3130133.jpg?fit=1000%2C667&ssl=1&resize=700%2C400 2x"},"classes":[]}],"_links":{"self":[{"href":"https:\/\/mundosemfim.com\/index.php?rest_route=\/wp\/v2\/posts\/4797","targetHints":{"allow":["GET"]}}],"collection":[{"href":"https:\/\/mundosemfim.com\/index.php?rest_route=\/wp\/v2\/posts"}],"about":[{"href":"https:\/\/mundosemfim.com\/index.php?rest_route=\/wp\/v2\/types\/post"}],"author":[{"embeddable":true,"href":"https:\/\/mundosemfim.com\/index.php?rest_route=\/wp\/v2\/users\/1"}],"replies":[{"embeddable":true,"href":"https:\/\/mundosemfim.com\/index.php?rest_route=%2Fwp%2Fv2%2Fcomments&post=4797"}],"version-history":[{"count":3,"href":"https:\/\/mundosemfim.com\/index.php?rest_route=\/wp\/v2\/posts\/4797\/revisions"}],"predecessor-version":[{"id":5075,"href":"https:\/\/mundosemfim.com\/index.php?rest_route=\/wp\/v2\/posts\/4797\/revisions\/5075"}],"wp:featuredmedia":[{"embeddable":true,"href":"https:\/\/mundosemfim.com\/index.php?rest_route=\/wp\/v2\/media\/4798"}],"wp:attachment":[{"href":"https:\/\/mundosemfim.com\/index.php?rest_route=%2Fwp%2Fv2%2Fmedia&parent=4797"}],"wp:term":[{"taxonomy":"category","embeddable":true,"href":"https:\/\/mundosemfim.com\/index.php?rest_route=%2Fwp%2Fv2%2Fcategories&post=4797"},{"taxonomy":"post_tag","embeddable":true,"href":"https:\/\/mundosemfim.com\/index.php?rest_route=%2Fwp%2Fv2%2Ftags&post=4797"}],"curies":[{"name":"wp","href":"https:\/\/api.w.org\/{rel}","templated":true}]}}