{"id":4755,"date":"2016-12-20T14:12:40","date_gmt":"2016-12-20T16:12:40","guid":{"rendered":"https:\/\/mundosemfim.com\/?p=4755"},"modified":"2017-02-09T15:37:33","modified_gmt":"2017-02-09T17:37:33","slug":"conhecendo-coro-e-os-medanos-uma-cidade-patrimonio-da-unesco-na-venezuela","status":"publish","type":"post","link":"https:\/\/mundosemfim.com\/?p=4755","title":{"rendered":"Conhecendo Coro e os M\u00e9danos \u2013 uma cidade Patrim\u00f4nio da UNESCO na Venezuela"},"content":{"rendered":"<p>Com uma das mais aut\u00eanticas cidades coloniais que j\u00e1 conhecemos e um deserto encantador, Coro \u00e9 um lugar que precisa estar no seu roteiro pela <a href=\"https:\/\/mundosemfim.com\/mochilao-pela-venezuela-roteiro-gastos-dicas-fotos-etc\/\">Venezuela<\/a>!<\/p>\n<p><!--more--><\/p>\n<p><b>Refer\u00eancia (dez\/2016)<br \/>\n<\/b>1 d\u00f3lar = 3,35 reais<br \/>\n1 d\u00f3lar = 2700 bol\u00edvares fuertes*<\/p>\n<p>*No c\u00e2mbio negro. A infla\u00e7\u00e3o e o aumento do d\u00f3lar s\u00e3o praticamente di\u00e1rios na <a href=\"https:\/\/mundosemfim.com\/mochilao-pela-venezuela-roteiro-gastos-dicas-fotos-etc\/\">Venezuela<\/a>.<\/p>\n<figure id=\"attachment_4757\" aria-describedby=\"caption-attachment-4757\" style=\"width: 1024px\" class=\"wp-caption aligncenter\"><img data-recalc-dims=\"1\" loading=\"lazy\" decoding=\"async\" data-attachment-id=\"4757\" data-permalink=\"https:\/\/mundosemfim.com\/?attachment_id=4757\" data-orig-file=\"https:\/\/i0.wp.com\/mundosemfim.com\/wp-content\/uploads\/2016\/12\/PC070067.jpg?fit=1024%2C683&amp;ssl=1\" data-orig-size=\"1024,683\" data-comments-opened=\"1\" data-image-meta=\"{&quot;aperture&quot;:&quot;0&quot;,&quot;credit&quot;:&quot;&quot;,&quot;camera&quot;:&quot;&quot;,&quot;caption&quot;:&quot;&quot;,&quot;created_timestamp&quot;:&quot;0&quot;,&quot;copyright&quot;:&quot;&quot;,&quot;focal_length&quot;:&quot;0&quot;,&quot;iso&quot;:&quot;0&quot;,&quot;shutter_speed&quot;:&quot;0&quot;,&quot;title&quot;:&quot;&quot;,&quot;orientation&quot;:&quot;0&quot;}\" data-image-title=\"Coro\" data-image-description=\"\" data-image-caption=\"&lt;p&gt;Letreiro de Coro&lt;\/p&gt;\n\" data-large-file=\"https:\/\/i0.wp.com\/mundosemfim.com\/wp-content\/uploads\/2016\/12\/PC070067.jpg?fit=764%2C510&amp;ssl=1\" class=\"wp-image-4757 size-full\" src=\"https:\/\/i0.wp.com\/mundosemfim.com\/wp-content\/uploads\/2016\/12\/PC070067.jpg?resize=764%2C510&#038;ssl=1\" alt=\"Cidade de Coro - Patrim\u00f4nio da UNESCO na Venezuela\" width=\"764\" height=\"510\" srcset=\"https:\/\/i0.wp.com\/mundosemfim.com\/wp-content\/uploads\/2016\/12\/PC070067.jpg?w=1024&amp;ssl=1 1024w, https:\/\/i0.wp.com\/mundosemfim.com\/wp-content\/uploads\/2016\/12\/PC070067.jpg?resize=300%2C200&amp;ssl=1 300w, https:\/\/i0.wp.com\/mundosemfim.com\/wp-content\/uploads\/2016\/12\/PC070067.jpg?resize=768%2C512&amp;ssl=1 768w\" sizes=\"auto, (max-width: 764px) 100vw, 764px\" \/><figcaption id=\"caption-attachment-4757\" class=\"wp-caption-text\">Letreiro de Coro<\/figcaption><\/figure>\n<p>Fundada em 1527, Coro \u00e9 uma das primeiras cidades coloniais instaladas na Am\u00e9rica. \u00c9 um dos poucos exemplos vivos da rica fus\u00e3o entre as arquiteturas espanholas\u00a0e alem\u00e3s, e por esse crit\u00e9rio ganhou o t\u00edtulo de <a href=\"https:\/\/mundosemfim.com\/patrimonios-da-unesco\/\">Patrim\u00f4nio Mundial da UNESCO<\/a> em 1993, sendo o primeiro lugar a receber esta denomina\u00e7\u00e3o na <a href=\"https:\/\/mundosemfim.com\/mochilao-pela-venezuela-roteiro-gastos-dicas-fotos-etc\/\">Venezuela<\/a>.<\/p>\n<p>Coro chegou a ser a capital administrativa da col\u00f4nia, mas devido \u00e0s incont\u00e1veis invas\u00f5es de piratas, a capital acabou sendo deslocada para <a href=\"https:\/\/mundosemfim.com\/o-que-fazer-em-caracas-a-bela-capital-venezuelana\/\">Caracas<\/a>.<\/p>\n<p>Hoje Coro \u00e9 uma importante cidade venezuelana, porta de entrada para a Pen\u00ednsula de Paraguan\u00e1 e parada obrigat\u00f3ria para quem quer visitar o Parque Nacional M\u00e9danos de Coro. Seu centro hist\u00f3rico \u00e9 muito bonito e conservado, e conta com cerca de 600 edif\u00edcios hist\u00f3ricos.<\/p>\n<figure id=\"attachment_4758\" aria-describedby=\"caption-attachment-4758\" style=\"width: 1024px\" class=\"wp-caption aligncenter\"><img data-recalc-dims=\"1\" loading=\"lazy\" decoding=\"async\" data-attachment-id=\"4758\" data-permalink=\"https:\/\/mundosemfim.com\/?attachment_id=4758\" data-orig-file=\"https:\/\/i0.wp.com\/mundosemfim.com\/wp-content\/uploads\/2016\/12\/PC070064.jpg?fit=1024%2C683&amp;ssl=1\" data-orig-size=\"1024,683\" data-comments-opened=\"1\" data-image-meta=\"{&quot;aperture&quot;:&quot;0&quot;,&quot;credit&quot;:&quot;&quot;,&quot;camera&quot;:&quot;&quot;,&quot;caption&quot;:&quot;&quot;,&quot;created_timestamp&quot;:&quot;0&quot;,&quot;copyright&quot;:&quot;&quot;,&quot;focal_length&quot;:&quot;0&quot;,&quot;iso&quot;:&quot;0&quot;,&quot;shutter_speed&quot;:&quot;0&quot;,&quot;title&quot;:&quot;&quot;,&quot;orientation&quot;:&quot;0&quot;}\" data-image-title=\"Coro\" data-image-description=\"\" data-image-caption=\"&lt;p&gt;Centro colonial de Coro&lt;\/p&gt;\n\" data-large-file=\"https:\/\/i0.wp.com\/mundosemfim.com\/wp-content\/uploads\/2016\/12\/PC070064.jpg?fit=764%2C510&amp;ssl=1\" class=\"wp-image-4758 size-full\" src=\"https:\/\/i0.wp.com\/mundosemfim.com\/wp-content\/uploads\/2016\/12\/PC070064.jpg?resize=764%2C510&#038;ssl=1\" alt=\"Centro hist\u00f3rico de Coro\" width=\"764\" height=\"510\" srcset=\"https:\/\/i0.wp.com\/mundosemfim.com\/wp-content\/uploads\/2016\/12\/PC070064.jpg?w=1024&amp;ssl=1 1024w, https:\/\/i0.wp.com\/mundosemfim.com\/wp-content\/uploads\/2016\/12\/PC070064.jpg?resize=300%2C200&amp;ssl=1 300w, https:\/\/i0.wp.com\/mundosemfim.com\/wp-content\/uploads\/2016\/12\/PC070064.jpg?resize=768%2C512&amp;ssl=1 768w\" sizes=\"auto, (max-width: 764px) 100vw, 764px\" \/><figcaption id=\"caption-attachment-4758\" class=\"wp-caption-text\">Centro colonial de Coro<\/figcaption><\/figure>\n<h3><b>Chegando e saindo<\/b><\/h3>\n<p>De Coro h\u00e1 \u00f4nibus contantes para Val\u00eancia, <a href=\"https:\/\/mundosemfim.com\/o-que-fazer-em-merida-o-topo-da-venezuela\/\">M\u00e9rida<\/a>, Punto Fijo, <a href=\"https:\/\/mundosemfim.com\/o-que-fazer-em-caracas-a-bela-capital-venezuelana\/\">Caracas<\/a> e Maracaibo. \u00c9 preciso pagar a taxa do terminal (60 bol\u00edvares) para poder embarcar.<\/p>\n<p>Um \u00f4nibus para Val\u00eancia sai na faixa de 2 mil (4 horas), e um para <a href=\"https:\/\/mundosemfim.com\/o-que-fazer-em-merida-o-topo-da-venezuela\/\">M\u00e9rida<\/a> na faixa de 5 mil (14 horas).<\/p>\n<figure id=\"attachment_4759\" aria-describedby=\"caption-attachment-4759\" style=\"width: 1024px\" class=\"wp-caption aligncenter\"><img data-recalc-dims=\"1\" loading=\"lazy\" decoding=\"async\" data-attachment-id=\"4759\" data-permalink=\"https:\/\/mundosemfim.com\/?attachment_id=4759\" data-orig-file=\"https:\/\/i0.wp.com\/mundosemfim.com\/wp-content\/uploads\/2016\/12\/PC070070.jpg?fit=1024%2C683&amp;ssl=1\" data-orig-size=\"1024,683\" data-comments-opened=\"1\" data-image-meta=\"{&quot;aperture&quot;:&quot;0&quot;,&quot;credit&quot;:&quot;&quot;,&quot;camera&quot;:&quot;&quot;,&quot;caption&quot;:&quot;&quot;,&quot;created_timestamp&quot;:&quot;0&quot;,&quot;copyright&quot;:&quot;&quot;,&quot;focal_length&quot;:&quot;0&quot;,&quot;iso&quot;:&quot;0&quot;,&quot;shutter_speed&quot;:&quot;0&quot;,&quot;title&quot;:&quot;&quot;,&quot;orientation&quot;:&quot;0&quot;}\" data-image-title=\"Coro\" data-image-description=\"\" data-image-caption=\"&lt;p&gt;Tranquilas ruas de Coro&lt;\/p&gt;\n\" data-large-file=\"https:\/\/i0.wp.com\/mundosemfim.com\/wp-content\/uploads\/2016\/12\/PC070070.jpg?fit=764%2C510&amp;ssl=1\" class=\"wp-image-4759 size-full\" src=\"https:\/\/i0.wp.com\/mundosemfim.com\/wp-content\/uploads\/2016\/12\/PC070070.jpg?resize=764%2C510&#038;ssl=1\" alt=\"Ruas coloniais de Coro\" width=\"764\" height=\"510\" srcset=\"https:\/\/i0.wp.com\/mundosemfim.com\/wp-content\/uploads\/2016\/12\/PC070070.jpg?w=1024&amp;ssl=1 1024w, https:\/\/i0.wp.com\/mundosemfim.com\/wp-content\/uploads\/2016\/12\/PC070070.jpg?resize=300%2C200&amp;ssl=1 300w, https:\/\/i0.wp.com\/mundosemfim.com\/wp-content\/uploads\/2016\/12\/PC070070.jpg?resize=768%2C512&amp;ssl=1 768w\" sizes=\"auto, (max-width: 764px) 100vw, 764px\" \/><figcaption id=\"caption-attachment-4759\" class=\"wp-caption-text\">Tranquilas ruas de Coro<\/figcaption><\/figure>\n<h3><b>Hospedagem<\/b><\/h3>\n<p>Chegamos em Coro e v\u00e1rios hot\u00e9is estavam lotados. N\u00e3o sab\u00edamos bem a raz\u00e3o, mas acabamos tendo que ficar num dos mais chiques de l\u00e1 \u2013 o Hotel Caribe. Apesar de ser um 3 estrelas e ter at\u00e9 piscina, a di\u00e1ria para um casal estava em 15 mil (algo como de 20 reais!). Acho que foi o hotel mais chique que j\u00e1 nos hospedamos at\u00e9 hoje, al\u00e9m de ser muito bem localizado.<\/p>\n<p>Op\u00e7\u00f5es mais econ\u00f4micas ficam na faixa dos\u00a05 mil por pessoa. Procure hot\u00e9is pr\u00f3ximos ao centro hist\u00f3rico, pois \u00e9 a regi\u00e3o mais bonita e segura da cidade.<\/p>\n<figure id=\"attachment_4760\" aria-describedby=\"caption-attachment-4760\" style=\"width: 1024px\" class=\"wp-caption aligncenter\"><img data-recalc-dims=\"1\" loading=\"lazy\" decoding=\"async\" data-attachment-id=\"4760\" data-permalink=\"https:\/\/mundosemfim.com\/?attachment_id=4760\" data-orig-file=\"https:\/\/i0.wp.com\/mundosemfim.com\/wp-content\/uploads\/2016\/12\/PC070068.jpg?fit=1024%2C683&amp;ssl=1\" data-orig-size=\"1024,683\" data-comments-opened=\"1\" data-image-meta=\"{&quot;aperture&quot;:&quot;0&quot;,&quot;credit&quot;:&quot;&quot;,&quot;camera&quot;:&quot;&quot;,&quot;caption&quot;:&quot;&quot;,&quot;created_timestamp&quot;:&quot;0&quot;,&quot;copyright&quot;:&quot;&quot;,&quot;focal_length&quot;:&quot;0&quot;,&quot;iso&quot;:&quot;0&quot;,&quot;shutter_speed&quot;:&quot;0&quot;,&quot;title&quot;:&quot;&quot;,&quot;orientation&quot;:&quot;0&quot;}\" data-image-title=\"Coro\" data-image-description=\"\" data-image-caption=\"&lt;p&gt;Igreja colonial de Coro&lt;\/p&gt;\n\" data-large-file=\"https:\/\/i0.wp.com\/mundosemfim.com\/wp-content\/uploads\/2016\/12\/PC070068.jpg?fit=764%2C510&amp;ssl=1\" class=\"wp-image-4760 size-full\" src=\"https:\/\/i0.wp.com\/mundosemfim.com\/wp-content\/uploads\/2016\/12\/PC070068.jpg?resize=764%2C510&#038;ssl=1\" alt=\"Igreja colonial de Coro\" width=\"764\" height=\"510\" srcset=\"https:\/\/i0.wp.com\/mundosemfim.com\/wp-content\/uploads\/2016\/12\/PC070068.jpg?w=1024&amp;ssl=1 1024w, https:\/\/i0.wp.com\/mundosemfim.com\/wp-content\/uploads\/2016\/12\/PC070068.jpg?resize=300%2C200&amp;ssl=1 300w, https:\/\/i0.wp.com\/mundosemfim.com\/wp-content\/uploads\/2016\/12\/PC070068.jpg?resize=768%2C512&amp;ssl=1 768w\" sizes=\"auto, (max-width: 764px) 100vw, 764px\" \/><figcaption id=\"caption-attachment-4760\" class=\"wp-caption-text\">Igreja colonial de Coro<\/figcaption><\/figure>\n<h3><b>Comida e bebida<\/b><\/h3>\n<p>Restaurantes mais econ\u00f4micos estavam na faixa dos 2800 (algo como 1 d\u00f3lar), e os mais chiques sa\u00edam na faixa dos 6 mil.<\/p>\n<h3><b>Trocar dinheiro<\/b><\/h3>\n<p>Se quiser trocar d\u00f3lares por aqui, procure na rua o pessoal que oferece compra e venda de ouro. As lojas de roupas da av. Manaure tamb\u00e9m costumam comprar d\u00f3lares.<\/p>\n<h3><b>Seguran\u00e7a<\/b><\/h3>\n<p>Durante o dia, Coro nos pareceu uma cidade bastante tranquila, inclusive para tirar fotos. Depois das 19h, por\u00e9m, as ruas j\u00e1 ficam escuras e desertas. Pela noite \u00e9 melhor andar de t\u00e1xi (que s\u00e3o muito baratos).<\/p>\n<figure id=\"attachment_4761\" aria-describedby=\"caption-attachment-4761\" style=\"width: 1024px\" class=\"wp-caption aligncenter\"><img data-recalc-dims=\"1\" loading=\"lazy\" decoding=\"async\" data-attachment-id=\"4761\" data-permalink=\"https:\/\/mundosemfim.com\/?attachment_id=4761\" data-orig-file=\"https:\/\/i0.wp.com\/mundosemfim.com\/wp-content\/uploads\/2016\/12\/PC070062.jpg?fit=1024%2C683&amp;ssl=1\" data-orig-size=\"1024,683\" data-comments-opened=\"1\" data-image-meta=\"{&quot;aperture&quot;:&quot;0&quot;,&quot;credit&quot;:&quot;&quot;,&quot;camera&quot;:&quot;&quot;,&quot;caption&quot;:&quot;&quot;,&quot;created_timestamp&quot;:&quot;0&quot;,&quot;copyright&quot;:&quot;&quot;,&quot;focal_length&quot;:&quot;0&quot;,&quot;iso&quot;:&quot;0&quot;,&quot;shutter_speed&quot;:&quot;0&quot;,&quot;title&quot;:&quot;&quot;,&quot;orientation&quot;:&quot;0&quot;}\" data-image-title=\"Coro\" data-image-description=\"\" data-image-caption=\"&lt;p&gt;Centro Hist\u00f3rico de Coro&lt;\/p&gt;\n\" data-large-file=\"https:\/\/i0.wp.com\/mundosemfim.com\/wp-content\/uploads\/2016\/12\/PC070062.jpg?fit=764%2C510&amp;ssl=1\" class=\"wp-image-4761 size-full\" src=\"https:\/\/i0.wp.com\/mundosemfim.com\/wp-content\/uploads\/2016\/12\/PC070062.jpg?resize=764%2C510&#038;ssl=1\" alt=\"Casas coloniais do centro de Coro\" width=\"764\" height=\"510\" srcset=\"https:\/\/i0.wp.com\/mundosemfim.com\/wp-content\/uploads\/2016\/12\/PC070062.jpg?w=1024&amp;ssl=1 1024w, https:\/\/i0.wp.com\/mundosemfim.com\/wp-content\/uploads\/2016\/12\/PC070062.jpg?resize=300%2C200&amp;ssl=1 300w, https:\/\/i0.wp.com\/mundosemfim.com\/wp-content\/uploads\/2016\/12\/PC070062.jpg?resize=768%2C512&amp;ssl=1 768w\" sizes=\"auto, (max-width: 764px) 100vw, 764px\" \/><figcaption id=\"caption-attachment-4761\" class=\"wp-caption-text\">Centro Hist\u00f3rico de Coro<\/figcaption><\/figure>\n<h3><b>O que fazer em Coro?<\/b><\/h3>\n<ul>\n<li>\n<h4><b>Centro hist\u00f3rico<\/b><\/h4>\n<\/li>\n<\/ul>\n<p>Com casas antigas e bem pintadas e ruas de pedra, o centro hist\u00f3rico de Coro nos pareceu um dos mais bonitos e aut\u00eanticos que vimos at\u00e9 agora. Diferente da maioria das cidades coloniais por onde passamos, Coro n\u00e3o vive de turismo, o que a torna ainda mais especial. Sem d\u00favidas \u00e9 digna do t\u00edtulo de Patrim\u00f4nio da Humanidade que recebeu da <a href=\"https:\/\/mundosemfim.com\/patrimonios-da-unesco\/\">UNESCO<\/a>!<\/p>\n<p>Seu centro todo pode ser percorrido a p\u00e9 durante uma tarde.<\/p>\n<ul>\n<li>\n<h4><b>Parque Nacional M\u00e9danos de Coro<\/b><\/h4>\n<\/li>\n<\/ul>\n<p>Este Parque Nacional protege as dunas de areia de Coro, um dos lugares tur\u00edsticos mais famosos da regi\u00e3o. Para chegar at\u00e9 l\u00e1, basta pegar um t\u00e1xi, que vai cobrar na faixa de 1000 bol\u00edvares (combine para que o taxista venha te buscar depois).<\/p>\n<p>Este deserto costumava oferecer passeios de <i>buggie<\/i> e a cavalo, mas agora est\u00e3o proibidos por quest\u00f5es de preserva\u00e7\u00e3o. \u00c9 poss\u00edvel caminhar por ele por conta pr\u00f3pria, mas \u00e9 recomend\u00e1vel pedir para algum dos guardas te guiar, j\u00e1 que \u00e9 f\u00e1cil se perder.<\/p>\n<p>Tanto a entrada no parque quanto o servi\u00e7o de guia s\u00e3o gratuitos.<\/p>\n<figure id=\"attachment_4762\" aria-describedby=\"caption-attachment-4762\" style=\"width: 1024px\" class=\"wp-caption aligncenter\"><img data-recalc-dims=\"1\" loading=\"lazy\" decoding=\"async\" data-attachment-id=\"4762\" data-permalink=\"https:\/\/mundosemfim.com\/?attachment_id=4762\" data-orig-file=\"https:\/\/i0.wp.com\/mundosemfim.com\/wp-content\/uploads\/2016\/12\/DSC_0009.jpg?fit=1024%2C683&amp;ssl=1\" data-orig-size=\"1024,683\" data-comments-opened=\"1\" data-image-meta=\"{&quot;aperture&quot;:&quot;0&quot;,&quot;credit&quot;:&quot;&quot;,&quot;camera&quot;:&quot;&quot;,&quot;caption&quot;:&quot;&quot;,&quot;created_timestamp&quot;:&quot;0&quot;,&quot;copyright&quot;:&quot;&quot;,&quot;focal_length&quot;:&quot;0&quot;,&quot;iso&quot;:&quot;0&quot;,&quot;shutter_speed&quot;:&quot;0&quot;,&quot;title&quot;:&quot;&quot;,&quot;orientation&quot;:&quot;0&quot;}\" data-image-title=\"Coro\" data-image-description=\"\" data-image-caption=\"&lt;p&gt;Parque Nacional M\u00e9danos de Coro&lt;\/p&gt;\n\" data-large-file=\"https:\/\/i0.wp.com\/mundosemfim.com\/wp-content\/uploads\/2016\/12\/DSC_0009.jpg?fit=764%2C510&amp;ssl=1\" class=\"wp-image-4762 size-full\" src=\"https:\/\/i0.wp.com\/mundosemfim.com\/wp-content\/uploads\/2016\/12\/DSC_0009.jpg?resize=764%2C510&#038;ssl=1\" alt=\"As dunas do Parque Nacional M\u00e9danos de Coro\" width=\"764\" height=\"510\" srcset=\"https:\/\/i0.wp.com\/mundosemfim.com\/wp-content\/uploads\/2016\/12\/DSC_0009.jpg?w=1024&amp;ssl=1 1024w, https:\/\/i0.wp.com\/mundosemfim.com\/wp-content\/uploads\/2016\/12\/DSC_0009.jpg?resize=300%2C200&amp;ssl=1 300w, https:\/\/i0.wp.com\/mundosemfim.com\/wp-content\/uploads\/2016\/12\/DSC_0009.jpg?resize=768%2C512&amp;ssl=1 768w\" sizes=\"auto, (max-width: 764px) 100vw, 764px\" \/><figcaption id=\"caption-attachment-4762\" class=\"wp-caption-text\">Parque Nacional M\u00e9danos de Coro<\/figcaption><\/figure>\n<figure id=\"attachment_4763\" aria-describedby=\"caption-attachment-4763\" style=\"width: 1024px\" class=\"wp-caption aligncenter\"><img data-recalc-dims=\"1\" loading=\"lazy\" decoding=\"async\" data-attachment-id=\"4763\" data-permalink=\"https:\/\/mundosemfim.com\/?attachment_id=4763\" data-orig-file=\"https:\/\/i0.wp.com\/mundosemfim.com\/wp-content\/uploads\/2016\/12\/DSC_0018.jpg?fit=1024%2C683&amp;ssl=1\" data-orig-size=\"1024,683\" data-comments-opened=\"1\" data-image-meta=\"{&quot;aperture&quot;:&quot;0&quot;,&quot;credit&quot;:&quot;&quot;,&quot;camera&quot;:&quot;&quot;,&quot;caption&quot;:&quot;&quot;,&quot;created_timestamp&quot;:&quot;0&quot;,&quot;copyright&quot;:&quot;&quot;,&quot;focal_length&quot;:&quot;0&quot;,&quot;iso&quot;:&quot;0&quot;,&quot;shutter_speed&quot;:&quot;0&quot;,&quot;title&quot;:&quot;&quot;,&quot;orientation&quot;:&quot;0&quot;}\" data-image-title=\"Coro\" data-image-description=\"\" data-image-caption=\"&lt;p&gt;M\u00e9danos de Coro&lt;\/p&gt;\n\" data-large-file=\"https:\/\/i0.wp.com\/mundosemfim.com\/wp-content\/uploads\/2016\/12\/DSC_0018.jpg?fit=764%2C510&amp;ssl=1\" class=\"wp-image-4763 size-full\" src=\"https:\/\/i0.wp.com\/mundosemfim.com\/wp-content\/uploads\/2016\/12\/DSC_0018.jpg?resize=764%2C510&#038;ssl=1\" alt=\"Parque Nacional M\u00e9danos de Coro\" width=\"764\" height=\"510\" srcset=\"https:\/\/i0.wp.com\/mundosemfim.com\/wp-content\/uploads\/2016\/12\/DSC_0018.jpg?w=1024&amp;ssl=1 1024w, https:\/\/i0.wp.com\/mundosemfim.com\/wp-content\/uploads\/2016\/12\/DSC_0018.jpg?resize=300%2C200&amp;ssl=1 300w, https:\/\/i0.wp.com\/mundosemfim.com\/wp-content\/uploads\/2016\/12\/DSC_0018.jpg?resize=768%2C512&amp;ssl=1 768w\" sizes=\"auto, (max-width: 764px) 100vw, 764px\" \/><figcaption id=\"caption-attachment-4763\" class=\"wp-caption-text\">M\u00e9danos de Coro<\/figcaption><\/figure>\n<p>\u00c9 isso pessoal! Espero que tenham curtido esta dica!<\/p>\n<p>Para acompanhar nossa viagem de volta ao mundo, curtam nossa p\u00e1gina no face:<br \/>\n<a href=\"http:\/\/www.facebook.com\/mundosemfimoficial\">www.facebook.com\/mundosemfimoficial<\/a><\/p>\n","protected":false},"excerpt":{"rendered":"<p>Com uma das mais aut\u00eanticas cidades coloniais que j\u00e1 conhecemos e um deserto encantador, Coro \u00e9 um lugar que precisa estar no seu roteiro pela Venezuela!<\/p>\n","protected":false},"author":1,"featured_media":4758,"comment_status":"open","ping_status":"open","sticky":false,"template":"","format":"standard","meta":{"jetpack_post_was_ever_published":false,"_jetpack_newsletter_access":"","_jetpack_dont_email_post_to_subs":true,"_jetpack_newsletter_tier_id":0,"_jetpack_memberships_contains_paywalled_content":false,"_jetpack_memberships_contains_paid_content":false,"footnotes":"","jetpack_publicize_message":"","jetpack_publicize_feature_enabled":true,"jetpack_social_post_already_shared":true,"jetpack_social_options":{"image_generator_settings":{"template":"highway","default_image_id":0,"font":"","enabled":false},"version":2}},"categories":[7,16,320,348,318,43,344],"tags":[],"class_list":["post-4755","post","type-post","status-publish","format-standard","has-post-thumbnail","hentry","category-america-latina","category-cidade","category-colonial","category-coro","category-deserto","category-natureza","category-venezuela"],"yoast_head":"<!-- This site is optimized with the Yoast SEO plugin v27.5 - https:\/\/yoast.com\/product\/yoast-seo-wordpress\/ -->\n<title>Conhecendo Coro e os M\u00e9danos \u2013 uma cidade Patrim\u00f4nio da UNESCO na Venezuela - Mundo Sem Fim<\/title>\n<meta name=\"description\" content=\"Coro - Antiga capital da Venezuela, com um centro hist\u00f3rico impec\u00e1vel e com os m\u00e9danos ao lado: saiba tudo sobre este destino imperd\u00edvel no pa\u00eds!\" \/>\n<meta name=\"robots\" content=\"index, follow, max-snippet:-1, max-image-preview:large, max-video-preview:-1\" \/>\n<link rel=\"canonical\" href=\"https:\/\/mundosemfim.com\/?p=4755\" \/>\n<meta property=\"og:locale\" content=\"pt_BR\" \/>\n<meta property=\"og:type\" content=\"article\" \/>\n<meta property=\"og:title\" content=\"Conhecendo Coro e os M\u00e9danos \u2013 uma cidade Patrim\u00f4nio da UNESCO na Venezuela - Mundo Sem Fim\" \/>\n<meta property=\"og:description\" content=\"Coro - Antiga capital da Venezuela, com um centro hist\u00f3rico impec\u00e1vel e com os m\u00e9danos ao lado: saiba tudo sobre este destino imperd\u00edvel no pa\u00eds!\" \/>\n<meta property=\"og:url\" content=\"https:\/\/mundosemfim.com\/?p=4755\" \/>\n<meta property=\"og:site_name\" content=\"Mundo Sem Fim\" \/>\n<meta property=\"article:publisher\" content=\"http:\/\/www.facebook.com\/mundosemfimoficial\" \/>\n<meta property=\"article:published_time\" content=\"2016-12-20T16:12:40+00:00\" \/>\n<meta property=\"article:modified_time\" content=\"2017-02-09T17:37:33+00:00\" \/>\n<meta property=\"og:image\" content=\"https:\/\/i0.wp.com\/mundosemfim.com\/wp-content\/uploads\/2016\/12\/PC070064.jpg?fit=1024%2C683&ssl=1\" \/>\n\t<meta property=\"og:image:width\" content=\"1024\" \/>\n\t<meta property=\"og:image:height\" content=\"683\" \/>\n\t<meta property=\"og:image:type\" content=\"image\/jpeg\" \/>\n<meta name=\"author\" content=\"Renan\" \/>\n<meta name=\"twitter:card\" content=\"summary_large_image\" \/>\n<meta name=\"twitter:label1\" content=\"Escrito por\" \/>\n\t<meta name=\"twitter:data1\" content=\"Renan\" \/>\n\t<meta name=\"twitter:label2\" content=\"Est. tempo de leitura\" \/>\n\t<meta name=\"twitter:data2\" content=\"4 minutos\" \/>\n<script type=\"application\/ld+json\" class=\"yoast-schema-graph\">{\"@context\":\"https:\\\/\\\/schema.org\",\"@graph\":[{\"@type\":\"Article\",\"@id\":\"https:\\\/\\\/mundosemfim.com\\\/?p=4755#article\",\"isPartOf\":{\"@id\":\"https:\\\/\\\/mundosemfim.com\\\/?p=4755\"},\"author\":{\"name\":\"Renan\",\"@id\":\"https:\\\/\\\/mundosemfim.com\\\/#\\\/schema\\\/person\\\/b021d50f3a19bae432e9b69ffbfa9257\"},\"headline\":\"Conhecendo Coro e os M\u00e9danos \u2013 uma cidade Patrim\u00f4nio da UNESCO na Venezuela\",\"datePublished\":\"2016-12-20T16:12:40+00:00\",\"dateModified\":\"2017-02-09T17:37:33+00:00\",\"mainEntityOfPage\":{\"@id\":\"https:\\\/\\\/mundosemfim.com\\\/?p=4755\"},\"wordCount\":757,\"commentCount\":3,\"image\":{\"@id\":\"https:\\\/\\\/mundosemfim.com\\\/?p=4755#primaryimage\"},\"thumbnailUrl\":\"https:\\\/\\\/i0.wp.com\\\/mundosemfim.com\\\/wp-content\\\/uploads\\\/2016\\\/12\\\/PC070064.jpg?fit=1024%2C683&ssl=1\",\"articleSection\":[\"am\u00e9rica latina\",\"cidade\",\"colonial\",\"Coro\",\"deserto\",\"natureza\",\"Venezuela\"],\"inLanguage\":\"pt-BR\",\"potentialAction\":[{\"@type\":\"CommentAction\",\"name\":\"Comment\",\"target\":[\"https:\\\/\\\/mundosemfim.com\\\/?p=4755#respond\"]}]},{\"@type\":\"WebPage\",\"@id\":\"https:\\\/\\\/mundosemfim.com\\\/?p=4755\",\"url\":\"https:\\\/\\\/mundosemfim.com\\\/?p=4755\",\"name\":\"Conhecendo Coro e os M\u00e9danos \u2013 uma cidade Patrim\u00f4nio da UNESCO na Venezuela - Mundo Sem Fim\",\"isPartOf\":{\"@id\":\"https:\\\/\\\/mundosemfim.com\\\/#website\"},\"primaryImageOfPage\":{\"@id\":\"https:\\\/\\\/mundosemfim.com\\\/?p=4755#primaryimage\"},\"image\":{\"@id\":\"https:\\\/\\\/mundosemfim.com\\\/?p=4755#primaryimage\"},\"thumbnailUrl\":\"https:\\\/\\\/i0.wp.com\\\/mundosemfim.com\\\/wp-content\\\/uploads\\\/2016\\\/12\\\/PC070064.jpg?fit=1024%2C683&ssl=1\",\"datePublished\":\"2016-12-20T16:12:40+00:00\",\"dateModified\":\"2017-02-09T17:37:33+00:00\",\"author\":{\"@id\":\"https:\\\/\\\/mundosemfim.com\\\/#\\\/schema\\\/person\\\/b021d50f3a19bae432e9b69ffbfa9257\"},\"description\":\"Coro - Antiga capital da Venezuela, com um centro hist\u00f3rico impec\u00e1vel e com os m\u00e9danos ao lado: saiba tudo sobre este destino imperd\u00edvel no pa\u00eds!\",\"breadcrumb\":{\"@id\":\"https:\\\/\\\/mundosemfim.com\\\/?p=4755#breadcrumb\"},\"inLanguage\":\"pt-BR\",\"potentialAction\":[{\"@type\":\"ReadAction\",\"target\":[\"https:\\\/\\\/mundosemfim.com\\\/?p=4755\"]}]},{\"@type\":\"ImageObject\",\"inLanguage\":\"pt-BR\",\"@id\":\"https:\\\/\\\/mundosemfim.com\\\/?p=4755#primaryimage\",\"url\":\"https:\\\/\\\/i0.wp.com\\\/mundosemfim.com\\\/wp-content\\\/uploads\\\/2016\\\/12\\\/PC070064.jpg?fit=1024%2C683&ssl=1\",\"contentUrl\":\"https:\\\/\\\/i0.wp.com\\\/mundosemfim.com\\\/wp-content\\\/uploads\\\/2016\\\/12\\\/PC070064.jpg?fit=1024%2C683&ssl=1\",\"width\":1024,\"height\":683,\"caption\":\"Centro colonial de Coro\"},{\"@type\":\"BreadcrumbList\",\"@id\":\"https:\\\/\\\/mundosemfim.com\\\/?p=4755#breadcrumb\",\"itemListElement\":[{\"@type\":\"ListItem\",\"position\":1,\"name\":\"In\u00edcio\",\"item\":\"https:\\\/\\\/mundosemfim.com\\\/\"},{\"@type\":\"ListItem\",\"position\":2,\"name\":\"Conhecendo Coro e os M\u00e9danos \u2013 uma cidade Patrim\u00f4nio da UNESCO na Venezuela\"}]},{\"@type\":\"WebSite\",\"@id\":\"https:\\\/\\\/mundosemfim.com\\\/#website\",\"url\":\"https:\\\/\\\/mundosemfim.com\\\/\",\"name\":\"Mundo Sem Fim\",\"description\":\"uma viagem de volta ao mundo pelos 5 continentes!\",\"potentialAction\":[{\"@type\":\"SearchAction\",\"target\":{\"@type\":\"EntryPoint\",\"urlTemplate\":\"https:\\\/\\\/mundosemfim.com\\\/?s={search_term_string}\"},\"query-input\":{\"@type\":\"PropertyValueSpecification\",\"valueRequired\":true,\"valueName\":\"search_term_string\"}}],\"inLanguage\":\"pt-BR\"},{\"@type\":\"Person\",\"@id\":\"https:\\\/\\\/mundosemfim.com\\\/#\\\/schema\\\/person\\\/b021d50f3a19bae432e9b69ffbfa9257\",\"name\":\"Renan\",\"image\":{\"@type\":\"ImageObject\",\"inLanguage\":\"pt-BR\",\"@id\":\"https:\\\/\\\/secure.gravatar.com\\\/avatar\\\/faafca769a603ac75196d21826f3bda645d7e2d6306bb6e236d8cdb38eb44e38?s=96&d=mm&r=g\",\"url\":\"https:\\\/\\\/secure.gravatar.com\\\/avatar\\\/faafca769a603ac75196d21826f3bda645d7e2d6306bb6e236d8cdb38eb44e38?s=96&d=mm&r=g\",\"contentUrl\":\"https:\\\/\\\/secure.gravatar.com\\\/avatar\\\/faafca769a603ac75196d21826f3bda645d7e2d6306bb6e236d8cdb38eb44e38?s=96&d=mm&r=g\",\"caption\":\"Renan\"}}]}<\/script>\n<!-- \/ Yoast SEO plugin. -->","yoast_head_json":{"title":"Conhecendo Coro e os M\u00e9danos \u2013 uma cidade Patrim\u00f4nio da UNESCO na Venezuela - Mundo Sem Fim","description":"Coro - Antiga capital da Venezuela, com um centro hist\u00f3rico impec\u00e1vel e com os m\u00e9danos ao lado: saiba tudo sobre este destino imperd\u00edvel no pa\u00eds!","robots":{"index":"index","follow":"follow","max-snippet":"max-snippet:-1","max-image-preview":"max-image-preview:large","max-video-preview":"max-video-preview:-1"},"canonical":"https:\/\/mundosemfim.com\/?p=4755","og_locale":"pt_BR","og_type":"article","og_title":"Conhecendo Coro e os M\u00e9danos \u2013 uma cidade Patrim\u00f4nio da UNESCO na Venezuela - Mundo Sem Fim","og_description":"Coro - Antiga capital da Venezuela, com um centro hist\u00f3rico impec\u00e1vel e com os m\u00e9danos ao lado: saiba tudo sobre este destino imperd\u00edvel no pa\u00eds!","og_url":"https:\/\/mundosemfim.com\/?p=4755","og_site_name":"Mundo Sem Fim","article_publisher":"http:\/\/www.facebook.com\/mundosemfimoficial","article_published_time":"2016-12-20T16:12:40+00:00","article_modified_time":"2017-02-09T17:37:33+00:00","og_image":[{"width":1024,"height":683,"url":"https:\/\/i0.wp.com\/mundosemfim.com\/wp-content\/uploads\/2016\/12\/PC070064.jpg?fit=1024%2C683&ssl=1","type":"image\/jpeg"}],"author":"Renan","twitter_card":"summary_large_image","twitter_misc":{"Escrito por":"Renan","Est. tempo de leitura":"4 minutos"},"schema":{"@context":"https:\/\/schema.org","@graph":[{"@type":"Article","@id":"https:\/\/mundosemfim.com\/?p=4755#article","isPartOf":{"@id":"https:\/\/mundosemfim.com\/?p=4755"},"author":{"name":"Renan","@id":"https:\/\/mundosemfim.com\/#\/schema\/person\/b021d50f3a19bae432e9b69ffbfa9257"},"headline":"Conhecendo Coro e os M\u00e9danos \u2013 uma cidade Patrim\u00f4nio da UNESCO na Venezuela","datePublished":"2016-12-20T16:12:40+00:00","dateModified":"2017-02-09T17:37:33+00:00","mainEntityOfPage":{"@id":"https:\/\/mundosemfim.com\/?p=4755"},"wordCount":757,"commentCount":3,"image":{"@id":"https:\/\/mundosemfim.com\/?p=4755#primaryimage"},"thumbnailUrl":"https:\/\/i0.wp.com\/mundosemfim.com\/wp-content\/uploads\/2016\/12\/PC070064.jpg?fit=1024%2C683&ssl=1","articleSection":["am\u00e9rica latina","cidade","colonial","Coro","deserto","natureza","Venezuela"],"inLanguage":"pt-BR","potentialAction":[{"@type":"CommentAction","name":"Comment","target":["https:\/\/mundosemfim.com\/?p=4755#respond"]}]},{"@type":"WebPage","@id":"https:\/\/mundosemfim.com\/?p=4755","url":"https:\/\/mundosemfim.com\/?p=4755","name":"Conhecendo Coro e os M\u00e9danos \u2013 uma cidade Patrim\u00f4nio da UNESCO na Venezuela - Mundo Sem Fim","isPartOf":{"@id":"https:\/\/mundosemfim.com\/#website"},"primaryImageOfPage":{"@id":"https:\/\/mundosemfim.com\/?p=4755#primaryimage"},"image":{"@id":"https:\/\/mundosemfim.com\/?p=4755#primaryimage"},"thumbnailUrl":"https:\/\/i0.wp.com\/mundosemfim.com\/wp-content\/uploads\/2016\/12\/PC070064.jpg?fit=1024%2C683&ssl=1","datePublished":"2016-12-20T16:12:40+00:00","dateModified":"2017-02-09T17:37:33+00:00","author":{"@id":"https:\/\/mundosemfim.com\/#\/schema\/person\/b021d50f3a19bae432e9b69ffbfa9257"},"description":"Coro - Antiga capital da Venezuela, com um centro hist\u00f3rico impec\u00e1vel e com os m\u00e9danos ao lado: saiba tudo sobre este destino imperd\u00edvel no pa\u00eds!","breadcrumb":{"@id":"https:\/\/mundosemfim.com\/?p=4755#breadcrumb"},"inLanguage":"pt-BR","potentialAction":[{"@type":"ReadAction","target":["https:\/\/mundosemfim.com\/?p=4755"]}]},{"@type":"ImageObject","inLanguage":"pt-BR","@id":"https:\/\/mundosemfim.com\/?p=4755#primaryimage","url":"https:\/\/i0.wp.com\/mundosemfim.com\/wp-content\/uploads\/2016\/12\/PC070064.jpg?fit=1024%2C683&ssl=1","contentUrl":"https:\/\/i0.wp.com\/mundosemfim.com\/wp-content\/uploads\/2016\/12\/PC070064.jpg?fit=1024%2C683&ssl=1","width":1024,"height":683,"caption":"Centro colonial de Coro"},{"@type":"BreadcrumbList","@id":"https:\/\/mundosemfim.com\/?p=4755#breadcrumb","itemListElement":[{"@type":"ListItem","position":1,"name":"In\u00edcio","item":"https:\/\/mundosemfim.com\/"},{"@type":"ListItem","position":2,"name":"Conhecendo Coro e os M\u00e9danos \u2013 uma cidade Patrim\u00f4nio da UNESCO na Venezuela"}]},{"@type":"WebSite","@id":"https:\/\/mundosemfim.com\/#website","url":"https:\/\/mundosemfim.com\/","name":"Mundo Sem Fim","description":"uma viagem de volta ao mundo pelos 5 continentes!","potentialAction":[{"@type":"SearchAction","target":{"@type":"EntryPoint","urlTemplate":"https:\/\/mundosemfim.com\/?s={search_term_string}"},"query-input":{"@type":"PropertyValueSpecification","valueRequired":true,"valueName":"search_term_string"}}],"inLanguage":"pt-BR"},{"@type":"Person","@id":"https:\/\/mundosemfim.com\/#\/schema\/person\/b021d50f3a19bae432e9b69ffbfa9257","name":"Renan","image":{"@type":"ImageObject","inLanguage":"pt-BR","@id":"https:\/\/secure.gravatar.com\/avatar\/faafca769a603ac75196d21826f3bda645d7e2d6306bb6e236d8cdb38eb44e38?s=96&d=mm&r=g","url":"https:\/\/secure.gravatar.com\/avatar\/faafca769a603ac75196d21826f3bda645d7e2d6306bb6e236d8cdb38eb44e38?s=96&d=mm&r=g","contentUrl":"https:\/\/secure.gravatar.com\/avatar\/faafca769a603ac75196d21826f3bda645d7e2d6306bb6e236d8cdb38eb44e38?s=96&d=mm&r=g","caption":"Renan"}}]}},"jetpack_publicize_connections":[],"jetpack_featured_media_url":"https:\/\/i0.wp.com\/mundosemfim.com\/wp-content\/uploads\/2016\/12\/PC070064.jpg?fit=1024%2C683&ssl=1","jetpack_sharing_enabled":true,"jetpack_shortlink":"https:\/\/wp.me\/p7CQyF-1eH","jetpack-related-posts":[{"id":4805,"url":"https:\/\/mundosemfim.com\/?p=4805","url_meta":{"origin":4755,"position":0},"title":"Chichiriviche e o Parque Nacional Morrocoy \u2013 o paradis\u00edaco caribe venezuelano","author":"Renan","date":"janeiro 11, 2017","format":false,"excerpt":"Caribe sempre foi visto como sin\u00f4nimo de f\u00e9rias milion\u00e1rias. A Venezuela, por\u00e9m, foge a esta regra, e no Parque Nacional Morrocoy \u00e9 poss\u00edvel desfrutar de praias com areia branca e \u00e1gua transparente com pouco dinheiro! Refer\u00eancia (jan\/2017) 1 d\u00f3lar = 3100 bol\u00edvares fuertes* 1 d\u00f3lar = 3,30 reais *No c\u00e2mbio\u2026","rel":"","context":"Em &quot;Am\u00e9rica do Sul&quot;","block_context":{"text":"Am\u00e9rica do Sul","link":"https:\/\/mundosemfim.com\/?cat=6"},"img":{"alt_text":"","src":"https:\/\/i0.wp.com\/mundosemfim.com\/wp-content\/uploads\/2017\/01\/borracho1.jpg?fit=1000%2C667&ssl=1&resize=350%2C200","width":350,"height":200,"srcset":"https:\/\/i0.wp.com\/mundosemfim.com\/wp-content\/uploads\/2017\/01\/borracho1.jpg?fit=1000%2C667&ssl=1&resize=350%2C200 1x, https:\/\/i0.wp.com\/mundosemfim.com\/wp-content\/uploads\/2017\/01\/borracho1.jpg?fit=1000%2C667&ssl=1&resize=525%2C300 1.5x, https:\/\/i0.wp.com\/mundosemfim.com\/wp-content\/uploads\/2017\/01\/borracho1.jpg?fit=1000%2C667&ssl=1&resize=700%2C400 2x"},"classes":[]},{"id":4861,"url":"https:\/\/mundosemfim.com\/?p=4861","url_meta":{"origin":4755,"position":1},"title":"Mochil\u00e3o pela Venezuela \u2013 roteiro, gastos, dicas, fotos, etc","author":"Renan","date":"janeiro 18, 2017","format":false,"excerpt":"Terra de lindas paisagens, praias de \u00e1guas cristalinas e lugar onde nasceu Sim\u00f3n Bol\u00edvar \u2013 esta \u00e9 a Venezuela, um pa\u00eds em crise, com uma pol\u00edtica turbulenta e um povo extremamente hospitaleiro! Refer\u00eancia (janeiro\/2017) 1 d\u00f3lar = 3500 bol\u00edvares fuertes 1 d\u00f3lar = 3,25 reais Venezuela Chegamos \u00e0 Venezuela sem\u2026","rel":"","context":"Em &quot;Am\u00e9rica do Sul&quot;","block_context":{"text":"Am\u00e9rica do Sul","link":"https:\/\/mundosemfim.com\/?cat=6"},"img":{"alt_text":"","src":"https:\/\/i0.wp.com\/mundosemfim.com\/wp-content\/uploads\/2017\/01\/mapa.png?fit=617%2C416&ssl=1&resize=350%2C200","width":350,"height":200,"srcset":"https:\/\/i0.wp.com\/mundosemfim.com\/wp-content\/uploads\/2017\/01\/mapa.png?fit=617%2C416&ssl=1&resize=350%2C200 1x, https:\/\/i0.wp.com\/mundosemfim.com\/wp-content\/uploads\/2017\/01\/mapa.png?fit=617%2C416&ssl=1&resize=525%2C300 1.5x"},"classes":[]},{"id":4720,"url":"https:\/\/mundosemfim.com\/?p=4720","url_meta":{"origin":4755,"position":2},"title":"Dicas e informa\u00e7\u00f5es para viajar \u00e0 Venezuela tranquilamente","author":"Renan","date":"dezembro 8, 2016","format":false,"excerpt":"A Venezuela \u00e9 um pa\u00eds espetacular \u2013 e sua beleza se v\u00ea tanto em suas paisagens naturais quanto em seu povo simp\u00e1tico e acolhedor. Viajar para l\u00e1, por\u00e9m, requer alguns cuidados, e aqui damos todas as dicas para que sua viagem seja excelente! De cada 10 pessoas com quem conversamos,\u2026","rel":"","context":"Em &quot;Am\u00e9rica do Sul&quot;","block_context":{"text":"Am\u00e9rica do Sul","link":"https:\/\/mundosemfim.com\/?cat=6"},"img":{"alt_text":"","src":"https:\/\/i0.wp.com\/mundosemfim.com\/wp-content\/uploads\/2016\/12\/Flag_of_Venezuela.svg_.png?fit=1200%2C800&ssl=1&resize=350%2C200","width":350,"height":200,"srcset":"https:\/\/i0.wp.com\/mundosemfim.com\/wp-content\/uploads\/2016\/12\/Flag_of_Venezuela.svg_.png?fit=1200%2C800&ssl=1&resize=350%2C200 1x, https:\/\/i0.wp.com\/mundosemfim.com\/wp-content\/uploads\/2016\/12\/Flag_of_Venezuela.svg_.png?fit=1200%2C800&ssl=1&resize=525%2C300 1.5x, https:\/\/i0.wp.com\/mundosemfim.com\/wp-content\/uploads\/2016\/12\/Flag_of_Venezuela.svg_.png?fit=1200%2C800&ssl=1&resize=700%2C400 2x, https:\/\/i0.wp.com\/mundosemfim.com\/wp-content\/uploads\/2016\/12\/Flag_of_Venezuela.svg_.png?fit=1200%2C800&ssl=1&resize=1050%2C600 3x"},"classes":[]},{"id":3957,"url":"https:\/\/mundosemfim.com\/?p=3957","url_meta":{"origin":4755,"position":3},"title":"12 lugares imperd\u00edveis no Peru!","author":"Renan","date":"agosto 3, 2016","format":false,"excerpt":"Muitas pessoas cometem o erro de pensar que Peru \u00e9 s\u00f3 Machu Picchu (eu mesmo cometi este erro h\u00e1 alguns anos). Depois de percorr\u00ea-lo de ponta a ponta, vimos que o pa\u00eds tem muito mais a oferecer. Aqui est\u00e1 a lista do que achamos mais legal no Peru! Sempre que\u2026","rel":"","context":"Em &quot;Am\u00e9rica do Sul&quot;","block_context":{"text":"Am\u00e9rica do Sul","link":"https:\/\/mundosemfim.com\/?cat=6"},"img":{"alt_text":"","src":"https:\/\/i0.wp.com\/mundosemfim.com\/wp-content\/uploads\/2016\/05\/dsc_0199.jpg?fit=1080%2C720&ssl=1&resize=350%2C200","width":350,"height":200,"srcset":"https:\/\/i0.wp.com\/mundosemfim.com\/wp-content\/uploads\/2016\/05\/dsc_0199.jpg?fit=1080%2C720&ssl=1&resize=350%2C200 1x, https:\/\/i0.wp.com\/mundosemfim.com\/wp-content\/uploads\/2016\/05\/dsc_0199.jpg?fit=1080%2C720&ssl=1&resize=525%2C300 1.5x, https:\/\/i0.wp.com\/mundosemfim.com\/wp-content\/uploads\/2016\/05\/dsc_0199.jpg?fit=1080%2C720&ssl=1&resize=700%2C400 2x, https:\/\/i0.wp.com\/mundosemfim.com\/wp-content\/uploads\/2016\/05\/dsc_0199.jpg?fit=1080%2C720&ssl=1&resize=1050%2C600 3x"},"classes":[]},{"id":4746,"url":"https:\/\/mundosemfim.com\/?p=4746","url_meta":{"origin":4755,"position":4},"title":"O que fazer em M\u00e9rida \u2013 o topo da Venezuela","author":"Renan","date":"dezembro 15, 2016","format":false,"excerpt":"Localizada nos Andes venezuelanos, M\u00e9rida \u00e9 famosa por seu enorme telef\u00e9rico. Mas esta bela cidade, com paisagens espetaculares, tem muito mais para oferecer! Aqui contamos como foi nossa passagem por l\u00e1. Refer\u00eancia (dez\/2016) 1 d\u00f3lar = 3,35 reais 1 d\u00f3lar = 3200 bol\u00edvares fuertes* *No c\u00e2mbio negro. A infla\u00e7\u00e3o e\u2026","rel":"","context":"Em &quot;Am\u00e9rica do Sul&quot;","block_context":{"text":"Am\u00e9rica do Sul","link":"https:\/\/mundosemfim.com\/?cat=6"},"img":{"alt_text":"","src":"https:\/\/i0.wp.com\/mundosemfim.com\/wp-content\/uploads\/2016\/12\/PB270019.jpg?fit=1024%2C683&ssl=1&resize=350%2C200","width":350,"height":200,"srcset":"https:\/\/i0.wp.com\/mundosemfim.com\/wp-content\/uploads\/2016\/12\/PB270019.jpg?fit=1024%2C683&ssl=1&resize=350%2C200 1x, https:\/\/i0.wp.com\/mundosemfim.com\/wp-content\/uploads\/2016\/12\/PB270019.jpg?fit=1024%2C683&ssl=1&resize=525%2C300 1.5x, https:\/\/i0.wp.com\/mundosemfim.com\/wp-content\/uploads\/2016\/12\/PB270019.jpg?fit=1024%2C683&ssl=1&resize=700%2C400 2x"},"classes":[]},{"id":4626,"url":"https:\/\/mundosemfim.com\/?p=4626","url_meta":{"origin":4755,"position":5},"title":"Conhecendo Villa de Leyva \u2013 uma das mais belas cidades coloniais da Col\u00f4mbia","author":"Renan","date":"novembro 17, 2016","format":false,"excerpt":"A Col\u00f4mbia est\u00e1 repleta de lindas cidades coloniais, e Villa de Leyva \u00e9 uma das mais encantadoras. A cerca de\u00a03 horas ao norte de Bogot\u00e1, sem d\u00favidas merece uma visita! C\u00e2mbio oficial (novembro\/2016) 1 real = 920 pesos colombianos 1 d\u00f3lar = 2915 pesos colombianos A pouco mais de 3h\u2026","rel":"","context":"Em &quot;Am\u00e9rica do Sul&quot;","block_context":{"text":"Am\u00e9rica do Sul","link":"https:\/\/mundosemfim.com\/?cat=6"},"img":{"alt_text":"","src":"https:\/\/i0.wp.com\/mundosemfim.com\/wp-content\/uploads\/2016\/11\/DSC_0030-Copy.jpg?fit=1024%2C683&ssl=1&resize=350%2C200","width":350,"height":200,"srcset":"https:\/\/i0.wp.com\/mundosemfim.com\/wp-content\/uploads\/2016\/11\/DSC_0030-Copy.jpg?fit=1024%2C683&ssl=1&resize=350%2C200 1x, https:\/\/i0.wp.com\/mundosemfim.com\/wp-content\/uploads\/2016\/11\/DSC_0030-Copy.jpg?fit=1024%2C683&ssl=1&resize=525%2C300 1.5x, https:\/\/i0.wp.com\/mundosemfim.com\/wp-content\/uploads\/2016\/11\/DSC_0030-Copy.jpg?fit=1024%2C683&ssl=1&resize=700%2C400 2x"},"classes":[]}],"_links":{"self":[{"href":"https:\/\/mundosemfim.com\/index.php?rest_route=\/wp\/v2\/posts\/4755","targetHints":{"allow":["GET"]}}],"collection":[{"href":"https:\/\/mundosemfim.com\/index.php?rest_route=\/wp\/v2\/posts"}],"about":[{"href":"https:\/\/mundosemfim.com\/index.php?rest_route=\/wp\/v2\/types\/post"}],"author":[{"embeddable":true,"href":"https:\/\/mundosemfim.com\/index.php?rest_route=\/wp\/v2\/users\/1"}],"replies":[{"embeddable":true,"href":"https:\/\/mundosemfim.com\/index.php?rest_route=%2Fwp%2Fv2%2Fcomments&post=4755"}],"version-history":[{"count":3,"href":"https:\/\/mundosemfim.com\/index.php?rest_route=\/wp\/v2\/posts\/4755\/revisions"}],"predecessor-version":[{"id":5079,"href":"https:\/\/mundosemfim.com\/index.php?rest_route=\/wp\/v2\/posts\/4755\/revisions\/5079"}],"wp:featuredmedia":[{"embeddable":true,"href":"https:\/\/mundosemfim.com\/index.php?rest_route=\/wp\/v2\/media\/4758"}],"wp:attachment":[{"href":"https:\/\/mundosemfim.com\/index.php?rest_route=%2Fwp%2Fv2%2Fmedia&parent=4755"}],"wp:term":[{"taxonomy":"category","embeddable":true,"href":"https:\/\/mundosemfim.com\/index.php?rest_route=%2Fwp%2Fv2%2Fcategories&post=4755"},{"taxonomy":"post_tag","embeddable":true,"href":"https:\/\/mundosemfim.com\/index.php?rest_route=%2Fwp%2Fv2%2Ftags&post=4755"}],"curies":[{"name":"wp","href":"https:\/\/api.w.org\/{rel}","templated":true}]}}