{"id":3935,"date":"2016-07-30T20:38:48","date_gmt":"2016-07-30T23:38:48","guid":{"rendered":"https:\/\/mundosemfim.com\/?p=3935"},"modified":"2017-02-15T21:45:53","modified_gmt":"2017-02-15T23:45:53","slug":"cruzando-a-fronteira-peru-equador-por-la-balsa-uma-rota-tranquila-pouco-conhecida-e-belissima","status":"publish","type":"post","link":"https:\/\/mundosemfim.com\/?p=3935","title":{"rendered":"Cruzando a fronteira Peru \u2013 Equador por La Balsa: uma rota tranquila, pouco conhecida e bel\u00edssima!"},"content":{"rendered":"<p>Recentemente deixamos o <a href=\"https:\/\/mundosemfim.com\/mochilao-pelo-peru-roteiro-gastos-dicas-fotos-etc\/\">Peru<\/a> para tr\u00e1s e chegamos ao <a href=\"https:\/\/mundosemfim.com\/mochilao-pelo-equador-tudo-o-que-voce-precisa-saber-para-visitar-este-pais\/\">Equador<\/a>. Escolhemos um caminho pouco convencional \u2013 cruzar a fronteira por La Balsa, um caminho pela selva. Aqui contamos como foi!<\/p>\n<p><!--more--><\/p>\n<p><b>Refer\u00eancia (julho\/2016)<br \/>\n<\/b>1 real = 1 sol peruano<br \/>\n1 d\u00f3lar = 3,30 reais<\/p>\n<p>Enquanto ainda est\u00e1vamos no <a href=\"https:\/\/mundosemfim.com\/mochilao-pelo-peru-roteiro-gastos-dicas-fotos-etc\/\">Peru<\/a>, recebemos v\u00e1rios alertas para tomar cuidado na fronteira com o <a href=\"https:\/\/mundosemfim.com\/mochilao-pelo-equador-tudo-o-que-voce-precisa-saber-para-visitar-este-pais\/\">Equador<\/a>. A rela\u00e7\u00e3o entre os dois pa\u00edses \u00e9 meio conturbada, e n\u00e3o faz muito tempo que tiveram sua \u00faltima guerra por territ\u00f3rio.<\/p>\n<p>H\u00e1 tr\u00eas passos fronteiri\u00e7os entre os dois pa\u00edses: um por \u00c1guas Verdes (que chegou a ganhar o t\u00edtulo de &#8220;pior passo fronteiri\u00e7o da Am\u00e9rica do Sul&#8221;), um por La Tina e outro, bem menos conhecido, por La Balsa. Escolhemos este \u00faltimo. N\u00e3o sabemos dizer a real situa\u00e7\u00e3o dos outros dois, mas La Balsa podemos recomendar a todos os viajantes \u2013 esta foi uma das imigra\u00e7\u00f5es mais tranquilas da nossa viagem at\u00e9 agora!<\/p>\n<figure id=\"attachment_3940\" aria-describedby=\"caption-attachment-3940\" style=\"width: 764px\" class=\"wp-caption aligncenter\"><img data-recalc-dims=\"1\" loading=\"lazy\" decoding=\"async\" data-attachment-id=\"3940\" data-permalink=\"https:\/\/mundosemfim.com\/?attachment_id=3940\" data-orig-file=\"https:\/\/i0.wp.com\/mundosemfim.com\/wp-content\/uploads\/2016\/07\/P7270042.jpg?fit=965%2C644&amp;ssl=1\" data-orig-size=\"965,644\" data-comments-opened=\"1\" data-image-meta=\"{&quot;aperture&quot;:&quot;3.9&quot;,&quot;credit&quot;:&quot;&quot;,&quot;camera&quot;:&quot;TG-630&quot;,&quot;caption&quot;:&quot;OLYMPUS DIGITAL CAMERA&quot;,&quot;created_timestamp&quot;:&quot;1469621821&quot;,&quot;copyright&quot;:&quot;&quot;,&quot;focal_length&quot;:&quot;5&quot;,&quot;iso&quot;:&quot;100&quot;,&quot;shutter_speed&quot;:&quot;0.005&quot;,&quot;title&quot;:&quot;OLYMPUS DIGITAL CAMERA&quot;,&quot;orientation&quot;:&quot;1&quot;}\" data-image-title=\"La Balsa\" data-image-description=\"\" data-image-caption=\"&lt;p&gt;Cruzando do Peru para o Equador por La Balsa&lt;\/p&gt;\n\" data-large-file=\"https:\/\/i0.wp.com\/mundosemfim.com\/wp-content\/uploads\/2016\/07\/P7270042.jpg?fit=764%2C510&amp;ssl=1\" class=\"size-medium_large wp-image-3940\" src=\"https:\/\/i0.wp.com\/mundosemfim.com\/wp-content\/uploads\/2016\/07\/P7270042.jpg?resize=764%2C510&#038;ssl=1\" alt=\"Cruzando do Peru para o Equador por La Balsa\" width=\"764\" height=\"510\" srcset=\"https:\/\/i0.wp.com\/mundosemfim.com\/wp-content\/uploads\/2016\/07\/P7270042.jpg?resize=768%2C513&amp;ssl=1 768w, https:\/\/i0.wp.com\/mundosemfim.com\/wp-content\/uploads\/2016\/07\/P7270042.jpg?resize=300%2C200&amp;ssl=1 300w, https:\/\/i0.wp.com\/mundosemfim.com\/wp-content\/uploads\/2016\/07\/P7270042.jpg?w=965&amp;ssl=1 965w\" sizes=\"auto, (max-width: 764px) 100vw, 764px\" \/><figcaption id=\"caption-attachment-3940\" class=\"wp-caption-text\">Cruzando do Peru para o Equador por La Balsa<\/figcaption><\/figure>\n<h3><b>Como cruzar por La Balsa<\/b><\/h3>\n<p>Atravessar a fronteira por La Balsa \u00e9 uma pequena aventura. Por\u00e9m, nesta voc\u00ea n\u00e3o precisa se preocupar com roubos, assaltos ou coisa do tipo: sua \u00fanica preocupa\u00e7\u00e3o aqui \u00e9 apreciar as belas paisagens de selva que o acompanhar\u00e3o por todo o trajeto!<\/p>\n<p>Vamos descrever como foi nossa travessia desde Tarapoto (Peru) at\u00e9 Vilcabamba (Equador).<\/p>\n<p>Nossos recorridos foram estes:<\/p>\n<ul>\n<li>Tarapoto \u2013 Ja\u00e9n: 11 horas, 40 soles em \u00f4nibus<\/li>\n<li>Ja\u00e9n \u2013 San Ign\u00e1cio: 2h30min, 12 soles em van<\/li>\n<li>San Ign\u00e1cio \u2013 La Balza: 2h em t\u00e1xi coletivo, 15 soles por pessoa<\/li>\n<li>La Balza (Peru) \u2013 La Balza (Equador): atravessa a p\u00e9<\/li>\n<li>La Balza \u2013 Zumba: 1h30min em caminh\u00e3o, 2,25 d\u00f3lares por pessoa<\/li>\n<li>Zumba \u2013 Vilcabamba: 4h, 6 d\u00f3lares em \u00f4nibus<\/li>\n<\/ul>\n<figure id=\"attachment_3936\" aria-describedby=\"caption-attachment-3936\" style=\"width: 764px\" class=\"wp-caption aligncenter\"><img data-recalc-dims=\"1\" loading=\"lazy\" decoding=\"async\" data-attachment-id=\"3936\" data-permalink=\"https:\/\/mundosemfim.com\/?attachment_id=3936\" data-orig-file=\"https:\/\/i0.wp.com\/mundosemfim.com\/wp-content\/uploads\/2016\/07\/P7270033.jpg?fit=965%2C644&amp;ssl=1\" data-orig-size=\"965,644\" data-comments-opened=\"1\" data-image-meta=\"{&quot;aperture&quot;:&quot;11&quot;,&quot;credit&quot;:&quot;&quot;,&quot;camera&quot;:&quot;TG-630&quot;,&quot;caption&quot;:&quot;OLYMPUS DIGITAL CAMERA&quot;,&quot;created_timestamp&quot;:&quot;1469614319&quot;,&quot;copyright&quot;:&quot;&quot;,&quot;focal_length&quot;:&quot;5&quot;,&quot;iso&quot;:&quot;100&quot;,&quot;shutter_speed&quot;:&quot;0.008&quot;,&quot;title&quot;:&quot;OLYMPUS DIGITAL CAMERA&quot;,&quot;orientation&quot;:&quot;1&quot;}\" data-image-title=\"Fronteira La Balsa\" data-image-description=\"\" data-image-caption=\"&lt;p&gt;Passo fronteiri\u00e7o Peru-Equador por La Balsa&lt;\/p&gt;\n\" data-large-file=\"https:\/\/i0.wp.com\/mundosemfim.com\/wp-content\/uploads\/2016\/07\/P7270033.jpg?fit=764%2C510&amp;ssl=1\" class=\"size-medium_large wp-image-3936\" src=\"https:\/\/i0.wp.com\/mundosemfim.com\/wp-content\/uploads\/2016\/07\/P7270033.jpg?resize=764%2C510&#038;ssl=1\" alt=\"Passo fronteiri\u00e7o Peru-Equador por La Balsa\" width=\"764\" height=\"510\" srcset=\"https:\/\/i0.wp.com\/mundosemfim.com\/wp-content\/uploads\/2016\/07\/P7270033.jpg?resize=768%2C513&amp;ssl=1 768w, https:\/\/i0.wp.com\/mundosemfim.com\/wp-content\/uploads\/2016\/07\/P7270033.jpg?resize=300%2C200&amp;ssl=1 300w, https:\/\/i0.wp.com\/mundosemfim.com\/wp-content\/uploads\/2016\/07\/P7270033.jpg?w=965&amp;ssl=1 965w\" sizes=\"auto, (max-width: 764px) 100vw, 764px\" \/><figcaption id=\"caption-attachment-3936\" class=\"wp-caption-text\">Passo fronteiri\u00e7o Peru-Equador por La Balsa<\/figcaption><\/figure>\n<p>Ja\u00e9n \u00e9 uma cidade f\u00e1cil de chegar. Seguimos num \u00f4nibus noturno a partir de Tarapoto e chegamos l\u00e1 \u00e0s 3h da madrugada. Tamb\u00e9m h\u00e1 \u00f4nibus di\u00e1rios para l\u00e1 desde Chiclayo.<\/p>\n<p>De Ja\u00e9n o ideal \u00e9 sair cedo, l\u00e1 pelas 6h da manh\u00e3, para conseguir pegar o caminh\u00e3o para Zumba meio-dia.<\/p>\n<p>Em Ja\u00e9n pegue um moto-t\u00e1xi at\u00e9 o terminal de onde saem os carros para San Ign\u00e1cio (uma moto do centro n\u00e3o deve custar mais que 3 soles). Neste terminal h\u00e1 a op\u00e7\u00e3o de pegar uma van (12 soles, sai quando enche) ou um t\u00e1xi (20 soles por pessoa, sai quando enche). N\u00f3s esperamos cerca de 40 minutos e fomos de van mesmo. A van partiu \u00e0s 6h40min.<\/p>\n<figure id=\"attachment_3937\" aria-describedby=\"caption-attachment-3937\" style=\"width: 764px\" class=\"wp-caption aligncenter\"><img data-recalc-dims=\"1\" loading=\"lazy\" decoding=\"async\" data-attachment-id=\"3937\" data-permalink=\"https:\/\/mundosemfim.com\/?attachment_id=3937\" data-orig-file=\"https:\/\/i0.wp.com\/mundosemfim.com\/wp-content\/uploads\/2016\/07\/P7270028.jpg?fit=1062%2C708&amp;ssl=1\" data-orig-size=\"1062,708\" data-comments-opened=\"1\" data-image-meta=\"{&quot;aperture&quot;:&quot;3.9&quot;,&quot;credit&quot;:&quot;&quot;,&quot;camera&quot;:&quot;TG-630&quot;,&quot;caption&quot;:&quot;OLYMPUS DIGITAL CAMERA&quot;,&quot;created_timestamp&quot;:&quot;1469600397&quot;,&quot;copyright&quot;:&quot;&quot;,&quot;focal_length&quot;:&quot;5&quot;,&quot;iso&quot;:&quot;800&quot;,&quot;shutter_speed&quot;:&quot;0.066666666666667&quot;,&quot;title&quot;:&quot;OLYMPUS DIGITAL CAMERA&quot;,&quot;orientation&quot;:&quot;1&quot;}\" data-image-title=\"La Balsa\" data-image-description=\"\" data-image-caption=\"&lt;p&gt;Terminal de vans para San Ign\u00e1cio em Ja\u00e9n&lt;\/p&gt;\n\" data-large-file=\"https:\/\/i0.wp.com\/mundosemfim.com\/wp-content\/uploads\/2016\/07\/P7270028.jpg?fit=764%2C510&amp;ssl=1\" class=\"size-medium_large wp-image-3937\" src=\"https:\/\/i0.wp.com\/mundosemfim.com\/wp-content\/uploads\/2016\/07\/P7270028.jpg?resize=764%2C509&#038;ssl=1\" alt=\"Terminal de vans para San Ign\u00e1cio em Ja\u00e9n\" width=\"764\" height=\"509\" srcset=\"https:\/\/i0.wp.com\/mundosemfim.com\/wp-content\/uploads\/2016\/07\/P7270028.jpg?resize=768%2C512&amp;ssl=1 768w, https:\/\/i0.wp.com\/mundosemfim.com\/wp-content\/uploads\/2016\/07\/P7270028.jpg?resize=300%2C200&amp;ssl=1 300w, https:\/\/i0.wp.com\/mundosemfim.com\/wp-content\/uploads\/2016\/07\/P7270028.jpg?resize=1024%2C683&amp;ssl=1 1024w, https:\/\/i0.wp.com\/mundosemfim.com\/wp-content\/uploads\/2016\/07\/P7270028.jpg?w=1062&amp;ssl=1 1062w\" sizes=\"auto, (max-width: 764px) 100vw, 764px\" \/><figcaption id=\"caption-attachment-3937\" class=\"wp-caption-text\">Terminal de vans para San Ign\u00e1cio em Ja\u00e9n<\/figcaption><\/figure>\n<p>Chegando em San Ign\u00e1cio, pegue uma moto (3 soles) at\u00e9 o terminal de onde saem os carros para La Balsa. Se estiver tarde, voc\u00ea pode passar uma noite em San Ign\u00e1cio.<\/p>\n<p>De San Ign\u00e1cio para La Balsa o trajeto \u00e9 feito somente com t\u00e1xis coletivos, naquele mesmo esquema: sai quando enche. Esperamos uns 30 min at\u00e9 encher.<\/p>\n<p>Chegamos a La Balsa pouco depois das 10h da manh\u00e3. O t\u00e1xi nos deixou na frente da imigra\u00e7\u00e3o. Ali h\u00e1 alguns restaurantes e mercadinhos, onde gastamos nossos \u00faltimos soles.<\/p>\n<p>A imigra\u00e7\u00e3o peruana \u00e9 uma casinha pequena, com somente um funcion\u00e1rio atendendo (n\u00e3o precisa de mais, j\u00e1 que quase ningu\u00e9m passa por ali). Fizemos a sa\u00edda do Peru e cruzamos caminhando uma pequena ponte para o Equador. Ali \u00e9 preciso procurar a imigra\u00e7\u00e3o equatoriana (fica do lado direito) e fazer a entrada no pa\u00eds. Este tr\u00e2mite tamb\u00e9m foi bem tranquilo.<\/p>\n<p>A partir daqui a estrada deixa de ser asfaltada e vira estrada de terra. Ao lado da ponte voc\u00ea j\u00e1 deve ver o caminh\u00e3o (com assentos na carroceria, estilo safari) que segue para Zumba. Pegamos um lugar no fundo (se puder, sente na frente que chacoalha menos!) e o caminh\u00e3o saiu pontualmente ao meio-dia. Seguimos por uma estrada bel\u00edssima pela selva.<\/p>\n<p>&nbsp;<\/p>\n<p>No caminho fomos parados pela pol\u00edcia, que revisou nossos documentos e revistou algumas bagagens, mas tudo tranquilo.<\/p>\n<p>Chegamos em Zumba e j\u00e1 havia um \u00f4nibus saindo para Loja e que passaria em Vilcabamba (cidade onde quer\u00edamos descer). Quiseram nos cobrar 8 d\u00f3lares, mas batemos o p\u00e9 (sab\u00edamos que o valor correto era 6,50) e acabaram nos levando por 6 (se chorar mais consegue por 5).<\/p>\n<p>A partir da\u00ed o trajeto voltou a ser asfaltado, e a estrada seguia com vistas impressionantes.<\/p>\n<p>&nbsp;<\/p>\n<figure id=\"attachment_3938\" aria-describedby=\"caption-attachment-3938\" style=\"width: 764px\" class=\"wp-caption aligncenter\"><img data-recalc-dims=\"1\" loading=\"lazy\" decoding=\"async\" data-attachment-id=\"3938\" data-permalink=\"https:\/\/mundosemfim.com\/?attachment_id=3938\" data-orig-file=\"https:\/\/i0.wp.com\/mundosemfim.com\/wp-content\/uploads\/2016\/07\/P7270035.jpg?fit=965%2C644&amp;ssl=1\" data-orig-size=\"965,644\" data-comments-opened=\"1\" data-image-meta=\"{&quot;aperture&quot;:&quot;3.9&quot;,&quot;credit&quot;:&quot;&quot;,&quot;camera&quot;:&quot;TG-630&quot;,&quot;caption&quot;:&quot;OLYMPUS DIGITAL CAMERA&quot;,&quot;created_timestamp&quot;:&quot;1469619122&quot;,&quot;copyright&quot;:&quot;&quot;,&quot;focal_length&quot;:&quot;5&quot;,&quot;iso&quot;:&quot;100&quot;,&quot;shutter_speed&quot;:&quot;0.0025&quot;,&quot;title&quot;:&quot;OLYMPUS DIGITAL CAMERA&quot;,&quot;orientation&quot;:&quot;1&quot;}\" data-image-title=\"La Balsa\" data-image-description=\"\" data-image-caption=\"&lt;p&gt;Caminh\u00e3o equatoriano que leva desde a fronteira La Balsa at\u00e9 Zumba&lt;\/p&gt;\n\" data-large-file=\"https:\/\/i0.wp.com\/mundosemfim.com\/wp-content\/uploads\/2016\/07\/P7270035.jpg?fit=764%2C510&amp;ssl=1\" class=\"size-medium_large wp-image-3938\" src=\"https:\/\/i0.wp.com\/mundosemfim.com\/wp-content\/uploads\/2016\/07\/P7270035.jpg?resize=764%2C510&#038;ssl=1\" alt=\"Caminh\u00e3o equatoriano que leva desde a fronteira La Balsa at\u00e9 Zumba\" width=\"764\" height=\"510\" srcset=\"https:\/\/i0.wp.com\/mundosemfim.com\/wp-content\/uploads\/2016\/07\/P7270035.jpg?resize=768%2C513&amp;ssl=1 768w, https:\/\/i0.wp.com\/mundosemfim.com\/wp-content\/uploads\/2016\/07\/P7270035.jpg?resize=300%2C200&amp;ssl=1 300w, https:\/\/i0.wp.com\/mundosemfim.com\/wp-content\/uploads\/2016\/07\/P7270035.jpg?w=965&amp;ssl=1 965w\" sizes=\"auto, (max-width: 764px) 100vw, 764px\" \/><figcaption id=\"caption-attachment-3938\" class=\"wp-caption-text\">Caminh\u00e3o equatoriano que leva desde a fronteira La Balsa at\u00e9 Zumba<\/figcaption><\/figure>\n<p>Chegamos\u00a0a Vilcabamba \u00e0s 17h30min, enquanto ainda era dia. A partir dali era f\u00e1cil seguir para qualquer lugar do Equador!<\/p>\n<p>J\u00e1 falamos dos pre\u00e7os, agora vamos contar os hor\u00e1rios:<\/p>\n<ul>\n<li>Ja\u00e9n \u2013 San Ign\u00e1cio: as vans e t\u00e1xis come\u00e7am a sair a partir das 5h da manh\u00e3, e saem quando enchem. Esperamos cerca de 40 minutos para encher.<\/li>\n<li>San Ign\u00e1cio \u2013 La Balsa: t\u00e1xis saem quando enchem. Esperamos meia-hora.<\/li>\n<li>La Balsa \u2013 Zumba: o caminh\u00e3o sai \u00e0s 12h e \u00e0s 17h. Recomendamos pegar o das 12h para chegar ao destino de dia.<\/li>\n<li>Zumba \u2013 Loja (ou Vilcabamba): saem \u00f4nibus a todo momento.<\/li>\n<\/ul>\n<figure id=\"attachment_3939\" aria-describedby=\"caption-attachment-3939\" style=\"width: 764px\" class=\"wp-caption aligncenter\"><img data-recalc-dims=\"1\" loading=\"lazy\" decoding=\"async\" data-attachment-id=\"3939\" data-permalink=\"https:\/\/mundosemfim.com\/?attachment_id=3939\" data-orig-file=\"https:\/\/i0.wp.com\/mundosemfim.com\/wp-content\/uploads\/2016\/07\/P7270044.jpg?fit=965%2C644&amp;ssl=1\" data-orig-size=\"965,644\" data-comments-opened=\"1\" data-image-meta=\"{&quot;aperture&quot;:&quot;3.9&quot;,&quot;credit&quot;:&quot;&quot;,&quot;camera&quot;:&quot;TG-630&quot;,&quot;caption&quot;:&quot;OLYMPUS DIGITAL CAMERA&quot;,&quot;created_timestamp&quot;:&quot;1469632407&quot;,&quot;copyright&quot;:&quot;&quot;,&quot;focal_length&quot;:&quot;5&quot;,&quot;iso&quot;:&quot;100&quot;,&quot;shutter_speed&quot;:&quot;0.003125&quot;,&quot;title&quot;:&quot;OLYMPUS DIGITAL CAMERA&quot;,&quot;orientation&quot;:&quot;1&quot;}\" data-image-title=\"La Balsa\" data-image-description=\"\" data-image-caption=\"&lt;p&gt;Estrada de La Balsa a Zumba&lt;\/p&gt;\n\" data-large-file=\"https:\/\/i0.wp.com\/mundosemfim.com\/wp-content\/uploads\/2016\/07\/P7270044.jpg?fit=764%2C510&amp;ssl=1\" class=\"size-medium_large wp-image-3939\" src=\"https:\/\/i0.wp.com\/mundosemfim.com\/wp-content\/uploads\/2016\/07\/P7270044.jpg?resize=764%2C510&#038;ssl=1\" alt=\"Estrada de La Balsa a Zumba\" width=\"764\" height=\"510\" srcset=\"https:\/\/i0.wp.com\/mundosemfim.com\/wp-content\/uploads\/2016\/07\/P7270044.jpg?resize=768%2C513&amp;ssl=1 768w, https:\/\/i0.wp.com\/mundosemfim.com\/wp-content\/uploads\/2016\/07\/P7270044.jpg?resize=300%2C200&amp;ssl=1 300w, https:\/\/i0.wp.com\/mundosemfim.com\/wp-content\/uploads\/2016\/07\/P7270044.jpg?w=965&amp;ssl=1 965w\" sizes=\"auto, (max-width: 764px) 100vw, 764px\" \/><figcaption id=\"caption-attachment-3939\" class=\"wp-caption-text\">Estrada de La Balsa a Zumba<\/figcaption><\/figure>\n<p>\u00c9 isso pessoal! Esperamos que este post aclare as d\u00favidas de quem quer cruzar a fronteira entre estes pa\u00edses. Se tiverem d\u00favidas, s\u00f3 perguntar! \ud83d\ude42<\/p>\n<p>Para mais dicas de viagens e acompanhar nossa volta ao mundo, curtam nossa p\u00e1gina no face:<br \/>\n<a href=\"http:\/\/www.facebook.com\/mundosemfimoficial\">www.facebook.com\/mundosemfimoficial<\/a><\/p>\n","protected":false},"excerpt":{"rendered":"<p>Recentemente deixamos o Peru para tr\u00e1s e chegamos ao Equador. Escolhemos um caminho pouco convencional \u2013 cruzar a fronteira por La Balsa, um caminho pela selva. Aqui contamos como foi!<\/p>\n","protected":false},"author":1,"featured_media":3938,"comment_status":"open","ping_status":"open","sticky":false,"template":"","format":"standard","meta":{"jetpack_post_was_ever_published":false,"_jetpack_newsletter_access":"","_jetpack_dont_email_post_to_subs":true,"_jetpack_newsletter_tier_id":0,"_jetpack_memberships_contains_paywalled_content":false,"_jetpack_memberships_contains_paid_content":false,"footnotes":"","jetpack_publicize_message":"","jetpack_publicize_feature_enabled":true,"jetpack_social_post_already_shared":true,"jetpack_social_options":{"image_generator_settings":{"template":"highway","default_image_id":0,"font":"","enabled":false},"version":2}},"categories":[6,7,26,316,45],"tags":[285],"class_list":["post-3935","post","type-post","status-publish","format-standard","has-post-thumbnail","hentry","category-america-do-sul","category-america-latina","category-ecuador","category-fronteira","category-peru","tag-fronteira"],"yoast_head":"<!-- This site is optimized with the Yoast SEO plugin v27.5 - https:\/\/yoast.com\/product\/yoast-seo-wordpress\/ -->\n<title>Cruzando a fronteira Peru \u2013 Equador por La Balsa: uma rota tranquila, pouco conhecida e bel\u00edssima! - Mundo Sem Fim<\/title>\n<meta name=\"robots\" content=\"index, follow, max-snippet:-1, max-image-preview:large, max-video-preview:-1\" \/>\n<link rel=\"canonical\" href=\"https:\/\/mundosemfim.com\/?p=3935\" \/>\n<meta property=\"og:locale\" content=\"pt_BR\" \/>\n<meta property=\"og:type\" content=\"article\" \/>\n<meta property=\"og:title\" content=\"Cruzando a fronteira Peru \u2013 Equador por La Balsa: uma rota tranquila, pouco conhecida e bel\u00edssima! - Mundo Sem Fim\" \/>\n<meta property=\"og:description\" content=\"Recentemente deixamos o Peru para tr\u00e1s e chegamos ao Equador. Escolhemos um caminho pouco convencional \u2013 cruzar a fronteira por La Balsa, um caminho pela selva. Aqui contamos como foi!\" \/>\n<meta property=\"og:url\" content=\"https:\/\/mundosemfim.com\/?p=3935\" \/>\n<meta property=\"og:site_name\" content=\"Mundo Sem Fim\" \/>\n<meta property=\"article:publisher\" content=\"http:\/\/www.facebook.com\/mundosemfimoficial\" \/>\n<meta property=\"article:published_time\" content=\"2016-07-30T23:38:48+00:00\" \/>\n<meta property=\"article:modified_time\" content=\"2017-02-15T23:45:53+00:00\" \/>\n<meta property=\"og:image\" content=\"https:\/\/i0.wp.com\/mundosemfim.com\/wp-content\/uploads\/2016\/07\/P7270035.jpg?fit=965%2C644&ssl=1\" \/>\n\t<meta property=\"og:image:width\" content=\"965\" \/>\n\t<meta property=\"og:image:height\" content=\"644\" \/>\n\t<meta property=\"og:image:type\" content=\"image\/jpeg\" \/>\n<meta name=\"author\" content=\"Renan\" \/>\n<meta name=\"twitter:card\" content=\"summary_large_image\" \/>\n<meta name=\"twitter:label1\" content=\"Escrito por\" \/>\n\t<meta name=\"twitter:data1\" content=\"Renan\" \/>\n\t<meta name=\"twitter:label2\" content=\"Est. tempo de leitura\" \/>\n\t<meta name=\"twitter:data2\" content=\"5 minutos\" \/>\n<script type=\"application\/ld+json\" class=\"yoast-schema-graph\">{\"@context\":\"https:\\\/\\\/schema.org\",\"@graph\":[{\"@type\":\"Article\",\"@id\":\"https:\\\/\\\/mundosemfim.com\\\/?p=3935#article\",\"isPartOf\":{\"@id\":\"https:\\\/\\\/mundosemfim.com\\\/?p=3935\"},\"author\":{\"name\":\"Renan\",\"@id\":\"https:\\\/\\\/mundosemfim.com\\\/#\\\/schema\\\/person\\\/b021d50f3a19bae432e9b69ffbfa9257\"},\"headline\":\"Cruzando a fronteira Peru \u2013 Equador por La Balsa: uma rota tranquila, pouco conhecida e bel\u00edssima!\",\"datePublished\":\"2016-07-30T23:38:48+00:00\",\"dateModified\":\"2017-02-15T23:45:53+00:00\",\"mainEntityOfPage\":{\"@id\":\"https:\\\/\\\/mundosemfim.com\\\/?p=3935\"},\"wordCount\":961,\"commentCount\":2,\"image\":{\"@id\":\"https:\\\/\\\/mundosemfim.com\\\/?p=3935#primaryimage\"},\"thumbnailUrl\":\"https:\\\/\\\/i0.wp.com\\\/mundosemfim.com\\\/wp-content\\\/uploads\\\/2016\\\/07\\\/P7270035.jpg?fit=965%2C644&ssl=1\",\"keywords\":[\"fronteira\"],\"articleSection\":[\"Am\u00e9rica do Sul\",\"am\u00e9rica latina\",\"Equador\",\"fronteira\",\"Peru\"],\"inLanguage\":\"pt-BR\",\"potentialAction\":[{\"@type\":\"CommentAction\",\"name\":\"Comment\",\"target\":[\"https:\\\/\\\/mundosemfim.com\\\/?p=3935#respond\"]}]},{\"@type\":\"WebPage\",\"@id\":\"https:\\\/\\\/mundosemfim.com\\\/?p=3935\",\"url\":\"https:\\\/\\\/mundosemfim.com\\\/?p=3935\",\"name\":\"Cruzando a fronteira Peru \u2013 Equador por La Balsa: uma rota tranquila, pouco conhecida e bel\u00edssima! - Mundo Sem Fim\",\"isPartOf\":{\"@id\":\"https:\\\/\\\/mundosemfim.com\\\/#website\"},\"primaryImageOfPage\":{\"@id\":\"https:\\\/\\\/mundosemfim.com\\\/?p=3935#primaryimage\"},\"image\":{\"@id\":\"https:\\\/\\\/mundosemfim.com\\\/?p=3935#primaryimage\"},\"thumbnailUrl\":\"https:\\\/\\\/i0.wp.com\\\/mundosemfim.com\\\/wp-content\\\/uploads\\\/2016\\\/07\\\/P7270035.jpg?fit=965%2C644&ssl=1\",\"datePublished\":\"2016-07-30T23:38:48+00:00\",\"dateModified\":\"2017-02-15T23:45:53+00:00\",\"author\":{\"@id\":\"https:\\\/\\\/mundosemfim.com\\\/#\\\/schema\\\/person\\\/b021d50f3a19bae432e9b69ffbfa9257\"},\"breadcrumb\":{\"@id\":\"https:\\\/\\\/mundosemfim.com\\\/?p=3935#breadcrumb\"},\"inLanguage\":\"pt-BR\",\"potentialAction\":[{\"@type\":\"ReadAction\",\"target\":[\"https:\\\/\\\/mundosemfim.com\\\/?p=3935\"]}]},{\"@type\":\"ImageObject\",\"inLanguage\":\"pt-BR\",\"@id\":\"https:\\\/\\\/mundosemfim.com\\\/?p=3935#primaryimage\",\"url\":\"https:\\\/\\\/i0.wp.com\\\/mundosemfim.com\\\/wp-content\\\/uploads\\\/2016\\\/07\\\/P7270035.jpg?fit=965%2C644&ssl=1\",\"contentUrl\":\"https:\\\/\\\/i0.wp.com\\\/mundosemfim.com\\\/wp-content\\\/uploads\\\/2016\\\/07\\\/P7270035.jpg?fit=965%2C644&ssl=1\",\"width\":965,\"height\":644,\"caption\":\"Caminh\u00e3o equatoriano que leva desde a fronteira La Balsa at\u00e9 Zumba\"},{\"@type\":\"BreadcrumbList\",\"@id\":\"https:\\\/\\\/mundosemfim.com\\\/?p=3935#breadcrumb\",\"itemListElement\":[{\"@type\":\"ListItem\",\"position\":1,\"name\":\"In\u00edcio\",\"item\":\"https:\\\/\\\/mundosemfim.com\\\/\"},{\"@type\":\"ListItem\",\"position\":2,\"name\":\"Cruzando a fronteira Peru \u2013 Equador por La Balsa: uma rota tranquila, pouco conhecida e bel\u00edssima!\"}]},{\"@type\":\"WebSite\",\"@id\":\"https:\\\/\\\/mundosemfim.com\\\/#website\",\"url\":\"https:\\\/\\\/mundosemfim.com\\\/\",\"name\":\"Mundo Sem Fim\",\"description\":\"uma viagem de volta ao mundo pelos 5 continentes!\",\"potentialAction\":[{\"@type\":\"SearchAction\",\"target\":{\"@type\":\"EntryPoint\",\"urlTemplate\":\"https:\\\/\\\/mundosemfim.com\\\/?s={search_term_string}\"},\"query-input\":{\"@type\":\"PropertyValueSpecification\",\"valueRequired\":true,\"valueName\":\"search_term_string\"}}],\"inLanguage\":\"pt-BR\"},{\"@type\":\"Person\",\"@id\":\"https:\\\/\\\/mundosemfim.com\\\/#\\\/schema\\\/person\\\/b021d50f3a19bae432e9b69ffbfa9257\",\"name\":\"Renan\",\"image\":{\"@type\":\"ImageObject\",\"inLanguage\":\"pt-BR\",\"@id\":\"https:\\\/\\\/secure.gravatar.com\\\/avatar\\\/faafca769a603ac75196d21826f3bda645d7e2d6306bb6e236d8cdb38eb44e38?s=96&d=mm&r=g\",\"url\":\"https:\\\/\\\/secure.gravatar.com\\\/avatar\\\/faafca769a603ac75196d21826f3bda645d7e2d6306bb6e236d8cdb38eb44e38?s=96&d=mm&r=g\",\"contentUrl\":\"https:\\\/\\\/secure.gravatar.com\\\/avatar\\\/faafca769a603ac75196d21826f3bda645d7e2d6306bb6e236d8cdb38eb44e38?s=96&d=mm&r=g\",\"caption\":\"Renan\"}}]}<\/script>\n<!-- \/ Yoast SEO plugin. -->","yoast_head_json":{"title":"Cruzando a fronteira Peru \u2013 Equador por La Balsa: uma rota tranquila, pouco conhecida e bel\u00edssima! - Mundo Sem Fim","robots":{"index":"index","follow":"follow","max-snippet":"max-snippet:-1","max-image-preview":"max-image-preview:large","max-video-preview":"max-video-preview:-1"},"canonical":"https:\/\/mundosemfim.com\/?p=3935","og_locale":"pt_BR","og_type":"article","og_title":"Cruzando a fronteira Peru \u2013 Equador por La Balsa: uma rota tranquila, pouco conhecida e bel\u00edssima! - Mundo Sem Fim","og_description":"Recentemente deixamos o Peru para tr\u00e1s e chegamos ao Equador. Escolhemos um caminho pouco convencional \u2013 cruzar a fronteira por La Balsa, um caminho pela selva. Aqui contamos como foi!","og_url":"https:\/\/mundosemfim.com\/?p=3935","og_site_name":"Mundo Sem Fim","article_publisher":"http:\/\/www.facebook.com\/mundosemfimoficial","article_published_time":"2016-07-30T23:38:48+00:00","article_modified_time":"2017-02-15T23:45:53+00:00","og_image":[{"width":965,"height":644,"url":"https:\/\/i0.wp.com\/mundosemfim.com\/wp-content\/uploads\/2016\/07\/P7270035.jpg?fit=965%2C644&ssl=1","type":"image\/jpeg"}],"author":"Renan","twitter_card":"summary_large_image","twitter_misc":{"Escrito por":"Renan","Est. tempo de leitura":"5 minutos"},"schema":{"@context":"https:\/\/schema.org","@graph":[{"@type":"Article","@id":"https:\/\/mundosemfim.com\/?p=3935#article","isPartOf":{"@id":"https:\/\/mundosemfim.com\/?p=3935"},"author":{"name":"Renan","@id":"https:\/\/mundosemfim.com\/#\/schema\/person\/b021d50f3a19bae432e9b69ffbfa9257"},"headline":"Cruzando a fronteira Peru \u2013 Equador por La Balsa: uma rota tranquila, pouco conhecida e bel\u00edssima!","datePublished":"2016-07-30T23:38:48+00:00","dateModified":"2017-02-15T23:45:53+00:00","mainEntityOfPage":{"@id":"https:\/\/mundosemfim.com\/?p=3935"},"wordCount":961,"commentCount":2,"image":{"@id":"https:\/\/mundosemfim.com\/?p=3935#primaryimage"},"thumbnailUrl":"https:\/\/i0.wp.com\/mundosemfim.com\/wp-content\/uploads\/2016\/07\/P7270035.jpg?fit=965%2C644&ssl=1","keywords":["fronteira"],"articleSection":["Am\u00e9rica do Sul","am\u00e9rica latina","Equador","fronteira","Peru"],"inLanguage":"pt-BR","potentialAction":[{"@type":"CommentAction","name":"Comment","target":["https:\/\/mundosemfim.com\/?p=3935#respond"]}]},{"@type":"WebPage","@id":"https:\/\/mundosemfim.com\/?p=3935","url":"https:\/\/mundosemfim.com\/?p=3935","name":"Cruzando a fronteira Peru \u2013 Equador por La Balsa: uma rota tranquila, pouco conhecida e bel\u00edssima! - Mundo Sem Fim","isPartOf":{"@id":"https:\/\/mundosemfim.com\/#website"},"primaryImageOfPage":{"@id":"https:\/\/mundosemfim.com\/?p=3935#primaryimage"},"image":{"@id":"https:\/\/mundosemfim.com\/?p=3935#primaryimage"},"thumbnailUrl":"https:\/\/i0.wp.com\/mundosemfim.com\/wp-content\/uploads\/2016\/07\/P7270035.jpg?fit=965%2C644&ssl=1","datePublished":"2016-07-30T23:38:48+00:00","dateModified":"2017-02-15T23:45:53+00:00","author":{"@id":"https:\/\/mundosemfim.com\/#\/schema\/person\/b021d50f3a19bae432e9b69ffbfa9257"},"breadcrumb":{"@id":"https:\/\/mundosemfim.com\/?p=3935#breadcrumb"},"inLanguage":"pt-BR","potentialAction":[{"@type":"ReadAction","target":["https:\/\/mundosemfim.com\/?p=3935"]}]},{"@type":"ImageObject","inLanguage":"pt-BR","@id":"https:\/\/mundosemfim.com\/?p=3935#primaryimage","url":"https:\/\/i0.wp.com\/mundosemfim.com\/wp-content\/uploads\/2016\/07\/P7270035.jpg?fit=965%2C644&ssl=1","contentUrl":"https:\/\/i0.wp.com\/mundosemfim.com\/wp-content\/uploads\/2016\/07\/P7270035.jpg?fit=965%2C644&ssl=1","width":965,"height":644,"caption":"Caminh\u00e3o equatoriano que leva desde a fronteira La Balsa at\u00e9 Zumba"},{"@type":"BreadcrumbList","@id":"https:\/\/mundosemfim.com\/?p=3935#breadcrumb","itemListElement":[{"@type":"ListItem","position":1,"name":"In\u00edcio","item":"https:\/\/mundosemfim.com\/"},{"@type":"ListItem","position":2,"name":"Cruzando a fronteira Peru \u2013 Equador por La Balsa: uma rota tranquila, pouco conhecida e bel\u00edssima!"}]},{"@type":"WebSite","@id":"https:\/\/mundosemfim.com\/#website","url":"https:\/\/mundosemfim.com\/","name":"Mundo Sem Fim","description":"uma viagem de volta ao mundo pelos 5 continentes!","potentialAction":[{"@type":"SearchAction","target":{"@type":"EntryPoint","urlTemplate":"https:\/\/mundosemfim.com\/?s={search_term_string}"},"query-input":{"@type":"PropertyValueSpecification","valueRequired":true,"valueName":"search_term_string"}}],"inLanguage":"pt-BR"},{"@type":"Person","@id":"https:\/\/mundosemfim.com\/#\/schema\/person\/b021d50f3a19bae432e9b69ffbfa9257","name":"Renan","image":{"@type":"ImageObject","inLanguage":"pt-BR","@id":"https:\/\/secure.gravatar.com\/avatar\/faafca769a603ac75196d21826f3bda645d7e2d6306bb6e236d8cdb38eb44e38?s=96&d=mm&r=g","url":"https:\/\/secure.gravatar.com\/avatar\/faafca769a603ac75196d21826f3bda645d7e2d6306bb6e236d8cdb38eb44e38?s=96&d=mm&r=g","contentUrl":"https:\/\/secure.gravatar.com\/avatar\/faafca769a603ac75196d21826f3bda645d7e2d6306bb6e236d8cdb38eb44e38?s=96&d=mm&r=g","caption":"Renan"}}]}},"jetpack_publicize_connections":[],"jetpack_featured_media_url":"https:\/\/i0.wp.com\/mundosemfim.com\/wp-content\/uploads\/2016\/07\/P7270035.jpg?fit=965%2C644&ssl=1","jetpack_sharing_enabled":true,"jetpack_shortlink":"https:\/\/wp.me\/p7CQyF-11t","jetpack-related-posts":[{"id":4279,"url":"https:\/\/mundosemfim.com\/?p=4279","url_meta":{"origin":3935,"position":0},"title":"Cruzando a fronteira Equador \u2013 Col\u00f4mbia por Rumichaca","author":"Renan","date":"setembro 27, 2016","format":false,"excerpt":"Provavelmente a fronteira mais utilizada por mochileiros que viajam entre estes dois pa\u00edses, o passo de Rumichaca \u00e9 o mais recomendado e bastante seguro. Aqui contamos como foi nossa travessia! C\u00e2mbio oficial (set\/2016) 1 d\u00f3lar = 3,30 reais 1 real = 893 pesos colombianos 1 d\u00f3lar = 2890 pesos colombianos\u2026","rel":"","context":"Em &quot;Am\u00e9rica do Sul&quot;","block_context":{"text":"Am\u00e9rica do Sul","link":"https:\/\/mundosemfim.com\/?cat=6"},"img":{"alt_text":"","src":"https:\/\/i0.wp.com\/mundosemfim.com\/wp-content\/uploads\/2016\/09\/P9180025.jpg?fit=901%2C601&ssl=1&resize=350%2C200","width":350,"height":200,"srcset":"https:\/\/i0.wp.com\/mundosemfim.com\/wp-content\/uploads\/2016\/09\/P9180025.jpg?fit=901%2C601&ssl=1&resize=350%2C200 1x, https:\/\/i0.wp.com\/mundosemfim.com\/wp-content\/uploads\/2016\/09\/P9180025.jpg?fit=901%2C601&ssl=1&resize=525%2C300 1.5x, https:\/\/i0.wp.com\/mundosemfim.com\/wp-content\/uploads\/2016\/09\/P9180025.jpg?fit=901%2C601&ssl=1&resize=700%2C400 2x"},"classes":[]},{"id":4267,"url":"https:\/\/mundosemfim.com\/?p=4267","url_meta":{"origin":3935,"position":1},"title":"Mochil\u00e3o pelo Equador \u2013 tudo o que voc\u00ea precisa saber para visitar este pa\u00eds!","author":"Renan","date":"setembro 27, 2016","format":false,"excerpt":"O Equador \u00e9 um dos menores pa\u00edses da Am\u00e9rica do Sul, um dos menos visitados por brasileiros e tamb\u00e9m um dos mais completos: desde \u00f3timas praias para surfar at\u00e9 picos nevados para escalar, acompanhados por bel\u00edssimas cidades coloniais, ru\u00ednas incas, selva e uma fauna exuberante \u2013 n\u00e3o tem como n\u00e3o\u2026","rel":"","context":"Em &quot;Am\u00e9rica do Sul&quot;","block_context":{"text":"Am\u00e9rica do Sul","link":"https:\/\/mundosemfim.com\/?cat=6"},"img":{"alt_text":"","src":"https:\/\/i0.wp.com\/mundosemfim.com\/wp-content\/uploads\/2016\/09\/mapa-1.png?fit=596%2C618&ssl=1&resize=350%2C200","width":350,"height":200,"srcset":"https:\/\/i0.wp.com\/mundosemfim.com\/wp-content\/uploads\/2016\/09\/mapa-1.png?fit=596%2C618&ssl=1&resize=350%2C200 1x, https:\/\/i0.wp.com\/mundosemfim.com\/wp-content\/uploads\/2016\/09\/mapa-1.png?fit=596%2C618&ssl=1&resize=525%2C300 1.5x"},"classes":[]},{"id":5473,"url":"https:\/\/mundosemfim.com\/?p=5473","url_meta":{"origin":3935,"position":2},"title":"16 destinos espetaculares e pouco conhecidos na Am\u00e9rica do Sul","author":"Renan","date":"mar\u00e7o 3, 2017","format":false,"excerpt":"J\u00e1 que vamos deixando nosso continente para tr\u00e1s, compartilhamos aqui alguns lugares que nem imagin\u00e1vamos que existiam, e que nos deixaram de queixo ca\u00eddo. Nas suas pr\u00f3ximas f\u00e9rias, n\u00e3o deixe de inclu\u00ed-los em seu roteiro! 1. Fitz Roy (Argentina) Ok, o cerro Fitz Roy, perto da cidade de El Chalt\u00e9n\u2026","rel":"","context":"Em &quot;Am\u00e9rica do Sul&quot;","block_context":{"text":"Am\u00e9rica do Sul","link":"https:\/\/mundosemfim.com\/?cat=6"},"img":{"alt_text":"","src":"https:\/\/i0.wp.com\/mundosemfim.com\/wp-content\/uploads\/2016\/07\/DSC_0041.jpg?fit=1020%2C680&ssl=1&resize=350%2C200","width":350,"height":200,"srcset":"https:\/\/i0.wp.com\/mundosemfim.com\/wp-content\/uploads\/2016\/07\/DSC_0041.jpg?fit=1020%2C680&ssl=1&resize=350%2C200 1x, https:\/\/i0.wp.com\/mundosemfim.com\/wp-content\/uploads\/2016\/07\/DSC_0041.jpg?fit=1020%2C680&ssl=1&resize=525%2C300 1.5x, https:\/\/i0.wp.com\/mundosemfim.com\/wp-content\/uploads\/2016\/07\/DSC_0041.jpg?fit=1020%2C680&ssl=1&resize=700%2C400 2x"},"classes":[]},{"id":4892,"url":"https:\/\/mundosemfim.com\/?p=4892","url_meta":{"origin":3935,"position":3},"title":"Viajar de carona pela Am\u00e9rica do Sul \u2013 como foi nossa experi\u00eancia!","author":"Renan","date":"janeiro 23, 2017","format":false,"excerpt":"Atendemos a alguns pedidos, aqui contamos como foi nossa experi\u00eancia viajando de carona por quase toda a Am\u00e9rica do Sul, com as peculiaridades e cada pa\u00eds! Se voc\u00ea ainda n\u00e3o tem experi\u00eancia em viajar desta forma, ou se quer ver umas dicas de como fazemos para conseguir caronas, d\u00ea uma\u2026","rel":"","context":"Em &quot;am\u00e9rica latina&quot;","block_context":{"text":"am\u00e9rica latina","link":"https:\/\/mundosemfim.com\/?cat=7"},"img":{"alt_text":"","src":"https:\/\/i0.wp.com\/mundosemfim.com\/wp-content\/uploads\/2017\/01\/P2280087.jpg?fit=1000%2C750&ssl=1&resize=350%2C200","width":350,"height":200,"srcset":"https:\/\/i0.wp.com\/mundosemfim.com\/wp-content\/uploads\/2017\/01\/P2280087.jpg?fit=1000%2C750&ssl=1&resize=350%2C200 1x, https:\/\/i0.wp.com\/mundosemfim.com\/wp-content\/uploads\/2017\/01\/P2280087.jpg?fit=1000%2C750&ssl=1&resize=525%2C300 1.5x, https:\/\/i0.wp.com\/mundosemfim.com\/wp-content\/uploads\/2017\/01\/P2280087.jpg?fit=1000%2C750&ssl=1&resize=700%2C400 2x"},"classes":[]},{"id":4388,"url":"https:\/\/mundosemfim.com\/?p=4388","url_meta":{"origin":3935,"position":4},"title":"1 ano mochilando pela Am\u00e9rica do Sul! &#8211; Planilha de gastos, fotos, dicas e muito mais!","author":"Renan","date":"outubro 11, 2016","format":false,"excerpt":"1 ano viajando pela Am\u00e9rica do Sul \u2013 descemos at\u00e9 o Ushuaia e depois subimos at\u00e9 a Col\u00f4mbia, sem pegar nenhum voo. Aqui compartilhamos tudo com voc\u00eas, inclusive nossa planilha de gastos! 12 meses mochilando pelo nosso continente. Foram 7 pa\u00edses: Uruguai, Argentina, Chile, Bolivia, Peru, Equador e Col\u00f4mbia, e\u2026","rel":"","context":"Em &quot;Am\u00e9rica do Sul&quot;","block_context":{"text":"Am\u00e9rica do Sul","link":"https:\/\/mundosemfim.com\/?cat=6"},"img":{"alt_text":"","src":"https:\/\/i0.wp.com\/mundosemfim.com\/wp-content\/uploads\/2016\/10\/mapa-1.png?fit=582%2C559&ssl=1&resize=350%2C200","width":350,"height":200,"srcset":"https:\/\/i0.wp.com\/mundosemfim.com\/wp-content\/uploads\/2016\/10\/mapa-1.png?fit=582%2C559&ssl=1&resize=350%2C200 1x, https:\/\/i0.wp.com\/mundosemfim.com\/wp-content\/uploads\/2016\/10\/mapa-1.png?fit=582%2C559&ssl=1&resize=525%2C300 1.5x"},"classes":[]},{"id":4494,"url":"https:\/\/mundosemfim.com\/?p=4494","url_meta":{"origin":3935,"position":5},"title":"Viagem de volta ao mundo \u2013 O que levamos na mochila?","author":"Renan","date":"outubro 24, 2016","format":false,"excerpt":"Uma coisa que muitas pessoas nos perguntam \u00e9: o que levamos nas nossas mochilas? Qual a marca da nossa barraca, para quantos graus \u00e9 nosso saco de dormir, quanto pesa, etc, etc, etc. Aqui abrimos nossas mochilas para voc\u00eas, e detalhamos tudo o que nos acompanha por a\u00ed! Pouco antes\u2026","rel":"","context":"Em &quot;camping&quot;","block_context":{"text":"camping","link":"https:\/\/mundosemfim.com\/?cat=14"},"img":{"alt_text":"","src":"https:\/\/i0.wp.com\/mundosemfim.com\/wp-content\/uploads\/2016\/10\/P9150164-Copy.jpg?fit=1024%2C683&ssl=1&resize=350%2C200","width":350,"height":200,"srcset":"https:\/\/i0.wp.com\/mundosemfim.com\/wp-content\/uploads\/2016\/10\/P9150164-Copy.jpg?fit=1024%2C683&ssl=1&resize=350%2C200 1x, https:\/\/i0.wp.com\/mundosemfim.com\/wp-content\/uploads\/2016\/10\/P9150164-Copy.jpg?fit=1024%2C683&ssl=1&resize=525%2C300 1.5x, https:\/\/i0.wp.com\/mundosemfim.com\/wp-content\/uploads\/2016\/10\/P9150164-Copy.jpg?fit=1024%2C683&ssl=1&resize=700%2C400 2x"},"classes":[]}],"_links":{"self":[{"href":"https:\/\/mundosemfim.com\/index.php?rest_route=\/wp\/v2\/posts\/3935","targetHints":{"allow":["GET"]}}],"collection":[{"href":"https:\/\/mundosemfim.com\/index.php?rest_route=\/wp\/v2\/posts"}],"about":[{"href":"https:\/\/mundosemfim.com\/index.php?rest_route=\/wp\/v2\/types\/post"}],"author":[{"embeddable":true,"href":"https:\/\/mundosemfim.com\/index.php?rest_route=\/wp\/v2\/users\/1"}],"replies":[{"embeddable":true,"href":"https:\/\/mundosemfim.com\/index.php?rest_route=%2Fwp%2Fv2%2Fcomments&post=3935"}],"version-history":[{"count":3,"href":"https:\/\/mundosemfim.com\/index.php?rest_route=\/wp\/v2\/posts\/3935\/revisions"}],"predecessor-version":[{"id":5368,"href":"https:\/\/mundosemfim.com\/index.php?rest_route=\/wp\/v2\/posts\/3935\/revisions\/5368"}],"wp:featuredmedia":[{"embeddable":true,"href":"https:\/\/mundosemfim.com\/index.php?rest_route=\/wp\/v2\/media\/3938"}],"wp:attachment":[{"href":"https:\/\/mundosemfim.com\/index.php?rest_route=%2Fwp%2Fv2%2Fmedia&parent=3935"}],"wp:term":[{"taxonomy":"category","embeddable":true,"href":"https:\/\/mundosemfim.com\/index.php?rest_route=%2Fwp%2Fv2%2Fcategories&post=3935"},{"taxonomy":"post_tag","embeddable":true,"href":"https:\/\/mundosemfim.com\/index.php?rest_route=%2Fwp%2Fv2%2Ftags&post=3935"}],"curies":[{"name":"wp","href":"https:\/\/api.w.org\/{rel}","templated":true}]}}