{"id":3908,"date":"2016-07-26T14:03:36","date_gmt":"2016-07-26T17:03:36","guid":{"rendered":"https:\/\/mundosemfim.com\/?p=3908"},"modified":"2019-05-22T00:00:06","modified_gmt":"2019-05-22T03:00:06","slug":"conhecendo-iquitos-o-coracao-da-selva-amazonica-peruana","status":"publish","type":"post","link":"https:\/\/mundosemfim.com\/?p=3908","title":{"rendered":"Conhecendo Iquitos, o cora\u00e7\u00e3o da Selva Amaz\u00f4nica peruana!"},"content":{"rendered":"<p>Isolada do resto do pa\u00eds, Iquitos \u00e9 a maior cidade do mundo sem acesso por estradas. Ela \u00e9, tamb\u00e9m, o destino ideal para quem quer conhecer a selva amaz\u00f4nica sem gastar muito dinheiro. Aqui contamos com detalhes como foi nossa experi\u00eancia por l\u00e1!<\/p>\n<p><!--more--><\/p>\n<p><b>Refer\u00eancia (julho\/2016)<br \/>\n<\/b>1 real = 1 sol peruano<br \/>\n1 d\u00f3lar = 3,30 soles<\/p>\n<figure id=\"attachment_3909\" aria-describedby=\"caption-attachment-3909\" style=\"width: 1020px\" class=\"wp-caption aligncenter\"><img data-recalc-dims=\"1\" loading=\"lazy\" decoding=\"async\" data-attachment-id=\"3909\" data-permalink=\"https:\/\/mundosemfim.com\/?attachment_id=3909\" data-orig-file=\"https:\/\/i0.wp.com\/mundosemfim.com\/wp-content\/uploads\/2016\/07\/DSC_0149.jpg?fit=1020%2C680&amp;ssl=1\" data-orig-size=\"1020,680\" data-comments-opened=\"1\" data-image-meta=\"{&quot;aperture&quot;:&quot;7.1&quot;,&quot;credit&quot;:&quot;&quot;,&quot;camera&quot;:&quot;NIKON D5200&quot;,&quot;caption&quot;:&quot;&quot;,&quot;created_timestamp&quot;:&quot;1468432354&quot;,&quot;copyright&quot;:&quot;&quot;,&quot;focal_length&quot;:&quot;22&quot;,&quot;iso&quot;:&quot;320&quot;,&quot;shutter_speed&quot;:&quot;0.016666666666667&quot;,&quot;title&quot;:&quot;&quot;,&quot;orientation&quot;:&quot;1&quot;}\" data-image-title=\"Iquitos\" data-image-description=\"\" data-image-caption=\"&lt;p&gt;Casa de ferro projetada por Eiffel, ao lado da Plaza de Armas de Iquitos&lt;\/p&gt;\n\" data-large-file=\"https:\/\/i0.wp.com\/mundosemfim.com\/wp-content\/uploads\/2016\/07\/DSC_0149.jpg?fit=764%2C509&amp;ssl=1\" class=\"size-full wp-image-3909\" src=\"https:\/\/i0.wp.com\/mundosemfim.com\/wp-content\/uploads\/2016\/07\/DSC_0149.jpg?resize=764%2C509&#038;ssl=1\" alt=\"Casa de ferro projetada por Eiffel, ao lado da Plaza de Armas de Iquitos\" width=\"764\" height=\"509\" srcset=\"https:\/\/i0.wp.com\/mundosemfim.com\/wp-content\/uploads\/2016\/07\/DSC_0149.jpg?w=1020&amp;ssl=1 1020w, https:\/\/i0.wp.com\/mundosemfim.com\/wp-content\/uploads\/2016\/07\/DSC_0149.jpg?resize=300%2C200&amp;ssl=1 300w, https:\/\/i0.wp.com\/mundosemfim.com\/wp-content\/uploads\/2016\/07\/DSC_0149.jpg?resize=768%2C512&amp;ssl=1 768w\" sizes=\"auto, (max-width: 764px) 100vw, 764px\" \/><figcaption id=\"caption-attachment-3909\" class=\"wp-caption-text\">Casa de ferro projetada por Eiffel, ao lado da Plaza de Armas de Iquitos<\/figcaption><\/figure>\n<p>Com pouco mais de 400 mil habitantes, Iquitos \u00e9 uma cidade grande, mas muito peculiar: por estar completamente isolada do resto do <a href=\"https:\/\/mundosemfim.com\/mochilao-pelo-peru-roteiro-gastos-dicas-fotos-etc\/\">Peru<\/a> (para chegar at\u00e9 aqui, s\u00f3 de avi\u00e3o ou barco), quase n\u00e3o se veem carros por suas ruas, mas sim uma infinidade de motos e moto-t\u00e1xis. Seu clima, sempre calor e que varia do sol forte \u00e0 tempestade em quest\u00e3o de segundos, n\u00e3o te deixam esquecer que voc\u00ea est\u00e1 pertinho do norte brasileiro.<\/p>\n<p>Iquitos est\u00e1 banhada pelo rio Amazonas, e \u00e9 um excelente destino para quem quer viver uma experi\u00eancia verdadeira na selva mais importante do mundo. Esta cidade ainda \u00e9 pouco conhecida pelos brasileiros, e queremos mudar isso \u2013 que tal dar um pulinho aqui em sua viagem para <a href=\"https:\/\/mundosemfim.com\/conhecendo-machu-picchu-tudo-para-voce-aproveitar-ao-maximo-sua-visita-a-cidade-perdida\/\">Machu Picchu<\/a>?<\/p>\n<figure id=\"attachment_3910\" aria-describedby=\"caption-attachment-3910\" style=\"width: 764px\" class=\"wp-caption aligncenter\"><img data-recalc-dims=\"1\" loading=\"lazy\" decoding=\"async\" data-attachment-id=\"3910\" data-permalink=\"https:\/\/mundosemfim.com\/?attachment_id=3910\" data-orig-file=\"https:\/\/i0.wp.com\/mundosemfim.com\/wp-content\/uploads\/2016\/07\/P7120108.jpg?fit=1126%2C751&amp;ssl=1\" data-orig-size=\"1126,751\" data-comments-opened=\"1\" data-image-meta=\"{&quot;aperture&quot;:&quot;3.9&quot;,&quot;credit&quot;:&quot;&quot;,&quot;camera&quot;:&quot;TG-630&quot;,&quot;caption&quot;:&quot;OLYMPUS DIGITAL CAMERA&quot;,&quot;created_timestamp&quot;:&quot;1468343243&quot;,&quot;copyright&quot;:&quot;&quot;,&quot;focal_length&quot;:&quot;5&quot;,&quot;iso&quot;:&quot;100&quot;,&quot;shutter_speed&quot;:&quot;0.004&quot;,&quot;title&quot;:&quot;OLYMPUS DIGITAL CAMERA&quot;,&quot;orientation&quot;:&quot;1&quot;}\" data-image-title=\"Iquitos\" data-image-description=\"\" data-image-caption=\"&lt;p&gt;Mucuvinha na Plaza de Armas de Iquitos&lt;\/p&gt;\n\" data-large-file=\"https:\/\/i0.wp.com\/mundosemfim.com\/wp-content\/uploads\/2016\/07\/P7120108.jpg?fit=764%2C510&amp;ssl=1\" class=\"size-large wp-image-3910\" src=\"https:\/\/i0.wp.com\/mundosemfim.com\/wp-content\/uploads\/2016\/07\/P7120108.jpg?resize=764%2C510&#038;ssl=1\" alt=\"Mucuvinha na Plaza de Armas de Iquitos\" width=\"764\" height=\"510\" srcset=\"https:\/\/i0.wp.com\/mundosemfim.com\/wp-content\/uploads\/2016\/07\/P7120108.jpg?resize=1024%2C683&amp;ssl=1 1024w, https:\/\/i0.wp.com\/mundosemfim.com\/wp-content\/uploads\/2016\/07\/P7120108.jpg?resize=300%2C200&amp;ssl=1 300w, https:\/\/i0.wp.com\/mundosemfim.com\/wp-content\/uploads\/2016\/07\/P7120108.jpg?resize=768%2C512&amp;ssl=1 768w, https:\/\/i0.wp.com\/mundosemfim.com\/wp-content\/uploads\/2016\/07\/P7120108.jpg?w=1126&amp;ssl=1 1126w\" sizes=\"auto, (max-width: 764px) 100vw, 764px\" \/><figcaption id=\"caption-attachment-3910\" class=\"wp-caption-text\">Mucuvinha na Plaza de Armas de Iquitos<\/figcaption><\/figure>\n<h3><b>Como chegar a Iquitos?<\/b><\/h3>\n<p>Para chegar a Iquitos, somente com barco ou avi\u00e3o.<\/p>\n<p>H\u00e1 voos di\u00e1rios de\/para <a href=\"https:\/\/mundosemfim.com\/conhecendo-lima-a-belissima-capital-peruana\/\">Lima<\/a>, e o pre\u00e7o m\u00e9dio \u00e9 de 120 d\u00f3lares (ida e volta), embora seja poss\u00edvel encontrar promo\u00e7\u00f5es por at\u00e9 130 soles o trecho.<\/p>\n<p>Uma alternativa para quem tem mais tempo, ou simplesmente quer viver uma experi\u00eancia inesquec\u00edvel, \u00e9 fazer pelo menos um dos trechos de barco pelos rios Amazonas e Maranh\u00e3o: a aventura at\u00e9 Yurim\u00e1guas (onde h\u00e1 estradas para todo o <a href=\"https:\/\/mundosemfim.com\/mochilao-pelo-peru-roteiro-gastos-dicas-fotos-etc\/\">Peru<\/a>) dura pouco mais de 2 dias, dormindo na rede, e custa 100 soles, com todas as refei\u00e7\u00f5es inclu\u00eddas. Leia mais detalhes sobre esta travessia aqui:<\/p>\n<p><a href=\"https:\/\/mundosemfim.com\/de-yurimaguas-a-iquitos-em-barco-uma-odisseia-pelos-rios-da-amazonia\/\">Yurimaguas a Iquitos de barco &#8211; Uma odisseia pelos rios da Amaz\u00f4nia<\/a><\/p>\n<figure id=\"attachment_3823\" aria-describedby=\"caption-attachment-3823\" style=\"width: 1020px\" class=\"wp-caption aligncenter\"><img data-recalc-dims=\"1\" loading=\"lazy\" decoding=\"async\" data-attachment-id=\"3823\" data-permalink=\"https:\/\/mundosemfim.com\/?attachment_id=3823\" data-orig-file=\"https:\/\/i0.wp.com\/mundosemfim.com\/wp-content\/uploads\/2016\/07\/DSC_0015.jpg?fit=1020%2C680&amp;ssl=1\" data-orig-size=\"1020,680\" data-comments-opened=\"1\" data-image-meta=\"{&quot;aperture&quot;:&quot;11&quot;,&quot;credit&quot;:&quot;&quot;,&quot;camera&quot;:&quot;NIKON D5200&quot;,&quot;caption&quot;:&quot;&quot;,&quot;created_timestamp&quot;:&quot;1468145635&quot;,&quot;copyright&quot;:&quot;&quot;,&quot;focal_length&quot;:&quot;31&quot;,&quot;iso&quot;:&quot;320&quot;,&quot;shutter_speed&quot;:&quot;0.02&quot;,&quot;title&quot;:&quot;&quot;,&quot;orientation&quot;:&quot;1&quot;}\" data-image-title=\"Amazonas\" data-image-description=\"&lt;p&gt;Viagem de Yurimaguas a Iquitos&lt;\/p&gt;\n\" data-image-caption=\"&lt;p&gt;Turistas ou viajantes frequentes, n\u00e3o importa: todos v\u00e3o na rede!&lt;\/p&gt;\n\" data-large-file=\"https:\/\/i0.wp.com\/mundosemfim.com\/wp-content\/uploads\/2016\/07\/DSC_0015.jpg?fit=764%2C509&amp;ssl=1\" class=\"wp-image-3823 size-full\" src=\"https:\/\/i0.wp.com\/mundosemfim.com\/wp-content\/uploads\/2016\/07\/DSC_0015.jpg?resize=764%2C509&#038;ssl=1\" alt=\"Viajando pelo rio Amazonas at\u00e9 Iquitos\" width=\"764\" height=\"509\" srcset=\"https:\/\/i0.wp.com\/mundosemfim.com\/wp-content\/uploads\/2016\/07\/DSC_0015.jpg?w=1020&amp;ssl=1 1020w, https:\/\/i0.wp.com\/mundosemfim.com\/wp-content\/uploads\/2016\/07\/DSC_0015.jpg?resize=300%2C200&amp;ssl=1 300w, https:\/\/i0.wp.com\/mundosemfim.com\/wp-content\/uploads\/2016\/07\/DSC_0015.jpg?resize=768%2C512&amp;ssl=1 768w\" sizes=\"auto, (max-width: 764px) 100vw, 764px\" \/><figcaption id=\"caption-attachment-3823\" class=\"wp-caption-text\">Viajando de barco para Iquitos<\/figcaption><\/figure>\n<h3><b>Pre\u00e7os<\/b><\/h3>\n<p>Ao chegar em Iquitos, a impress\u00e3o \u00e9 de que a cidade \u00e9 cara \u2013 no centro n\u00e3o h\u00e1 restaurantes econ\u00f4micos, as hospedagens s\u00e3o um pouco acima da m\u00e9dia peruana e at\u00e9 as frutas no supermercado s\u00e3o caras.<\/p>\n<p>Aos poucos, por\u00e9m, voc\u00ea ir\u00e1 aprendendo a economizar: afastando-se um pouco do centro e indo para a regi\u00e3o pr\u00f3xima do Mercado de Bel\u00e9n j\u00e1 ser\u00e1 poss\u00edvel encontrar menus de at\u00e9 5 soles. Neste mesmo mercado as frutas s\u00e3o bem baratas.<\/p>\n<p>Afastando-se um pouco da Plaza de Armas j\u00e1 \u00e9 poss\u00edvel encontrar hospedagens bem mais baratas e de melhor qualidade.<\/p>\n<figure id=\"attachment_3911\" aria-describedby=\"caption-attachment-3911\" style=\"width: 764px\" class=\"wp-caption aligncenter\"><img data-recalc-dims=\"1\" loading=\"lazy\" decoding=\"async\" data-attachment-id=\"3911\" data-permalink=\"https:\/\/mundosemfim.com\/?attachment_id=3911\" data-orig-file=\"https:\/\/i0.wp.com\/mundosemfim.com\/wp-content\/uploads\/2016\/07\/P7130129.jpg?fit=1062%2C708&amp;ssl=1\" data-orig-size=\"1062,708\" data-comments-opened=\"1\" data-image-meta=\"{&quot;aperture&quot;:&quot;11&quot;,&quot;credit&quot;:&quot;&quot;,&quot;camera&quot;:&quot;TG-630&quot;,&quot;caption&quot;:&quot;OLYMPUS DIGITAL CAMERA&quot;,&quot;created_timestamp&quot;:&quot;1468414325&quot;,&quot;copyright&quot;:&quot;&quot;,&quot;focal_length&quot;:&quot;5&quot;,&quot;iso&quot;:&quot;100&quot;,&quot;shutter_speed&quot;:&quot;0.00625&quot;,&quot;title&quot;:&quot;OLYMPUS DIGITAL CAMERA&quot;,&quot;orientation&quot;:&quot;1&quot;}\" data-image-title=\"Iquitos\" data-image-description=\"\" data-image-caption=\"&lt;p&gt;O gigantesco Rio Amazonas, visto de Iquitos&lt;\/p&gt;\n\" data-large-file=\"https:\/\/i0.wp.com\/mundosemfim.com\/wp-content\/uploads\/2016\/07\/P7130129.jpg?fit=764%2C510&amp;ssl=1\" class=\"size-large wp-image-3911\" src=\"https:\/\/i0.wp.com\/mundosemfim.com\/wp-content\/uploads\/2016\/07\/P7130129.jpg?resize=764%2C510&#038;ssl=1\" alt=\"O gigantesco Rio Amazonas, visto de Iquitos\" width=\"764\" height=\"510\" srcset=\"https:\/\/i0.wp.com\/mundosemfim.com\/wp-content\/uploads\/2016\/07\/P7130129.jpg?resize=1024%2C683&amp;ssl=1 1024w, https:\/\/i0.wp.com\/mundosemfim.com\/wp-content\/uploads\/2016\/07\/P7130129.jpg?resize=300%2C200&amp;ssl=1 300w, https:\/\/i0.wp.com\/mundosemfim.com\/wp-content\/uploads\/2016\/07\/P7130129.jpg?resize=768%2C512&amp;ssl=1 768w, https:\/\/i0.wp.com\/mundosemfim.com\/wp-content\/uploads\/2016\/07\/P7130129.jpg?w=1062&amp;ssl=1 1062w\" sizes=\"auto, (max-width: 764px) 100vw, 764px\" \/><figcaption id=\"caption-attachment-3911\" class=\"wp-caption-text\">O gigantesco Rio Amazonas, visto de Iquitos<\/figcaption><\/figure>\n<h3><b>Hospedagem<\/b><\/h3>\n<p>Afastando-se um pouco da Plaza de Armas se consegue op\u00e7\u00f5es melhores por pre\u00e7os mais em conta.<\/p>\n<p>N\u00f3s ficamos no excelente hotel <a href=\"https:\/\/www.booking.com\/hotel\/pe\/hospedaje-aziyade.en.html?aid=1152681&amp;no_rooms=1&amp;group_adults=1\"><strong>Aziyad\u00e9<\/strong><\/a> (<a href=\"https:\/\/www.booking.com\/hotel\/pe\/hospedaje-aziyade.en.html?aid=1152681&amp;no_rooms=1&amp;group_adults=1\">http:\/\/www.h-aziyade.com\/<\/a>), a uns 20 minutos caminhando a partir da Plaza de Armas (5 min em moto), que oferecia um \u00f3timo servi\u00e7o e custo-benef\u00edcio (os quartos matrimoniais custam 70 soles com TV e ventilador, e 90 com ar condicionado).<\/p>\n<figure id=\"attachment_3912\" aria-describedby=\"caption-attachment-3912\" style=\"width: 768px\" class=\"wp-caption aligncenter\"><img data-recalc-dims=\"1\" loading=\"lazy\" decoding=\"async\" data-attachment-id=\"3912\" data-permalink=\"https:\/\/mundosemfim.com\/?attachment_id=3912\" data-orig-file=\"https:\/\/i0.wp.com\/mundosemfim.com\/wp-content\/uploads\/2016\/07\/36998269.jpg.1024x0.jpg?fit=768%2C680&amp;ssl=1\" data-orig-size=\"768,680\" data-comments-opened=\"1\" data-image-meta=\"{&quot;aperture&quot;:&quot;0&quot;,&quot;credit&quot;:&quot;&quot;,&quot;camera&quot;:&quot;&quot;,&quot;caption&quot;:&quot;&quot;,&quot;created_timestamp&quot;:&quot;0&quot;,&quot;copyright&quot;:&quot;&quot;,&quot;focal_length&quot;:&quot;0&quot;,&quot;iso&quot;:&quot;0&quot;,&quot;shutter_speed&quot;:&quot;0&quot;,&quot;title&quot;:&quot;&quot;,&quot;orientation&quot;:&quot;1&quot;}\" data-image-title=\"Iquitos\" data-image-description=\"\" data-image-caption=\"&lt;p&gt;Nosso hotel em Iquitos&lt;\/p&gt;\n\" data-large-file=\"https:\/\/i0.wp.com\/mundosemfim.com\/wp-content\/uploads\/2016\/07\/36998269.jpg.1024x0.jpg?fit=764%2C676&amp;ssl=1\" class=\"size-full wp-image-3912\" src=\"https:\/\/i0.wp.com\/mundosemfim.com\/wp-content\/uploads\/2016\/07\/36998269.jpg.1024x0.jpg?resize=764%2C676&#038;ssl=1\" alt=\"Nosso hotel em Iquitos\" width=\"764\" height=\"676\" srcset=\"https:\/\/i0.wp.com\/mundosemfim.com\/wp-content\/uploads\/2016\/07\/36998269.jpg.1024x0.jpg?w=768&amp;ssl=1 768w, https:\/\/i0.wp.com\/mundosemfim.com\/wp-content\/uploads\/2016\/07\/36998269.jpg.1024x0.jpg?resize=300%2C266&amp;ssl=1 300w\" sizes=\"auto, (max-width: 764px) 100vw, 764px\" \/><figcaption id=\"caption-attachment-3912\" class=\"wp-caption-text\">Nosso hotel em Iquitos<\/figcaption><\/figure>\n<p>Se tiver a oportunidade, pegue um com ar, pois o calor \u00e9 forte. Ducha com \u00e1gua quente n\u00e3o faz falta.<\/p>\n<p>Para quem busca hostels, no centro h\u00e1 op\u00e7\u00f5es a partir de 18 soles a cama, sem ar condicionado.<\/p>\n<p><em>Reserve seu hotel em Iquitos conosco e ajude nosso site a crescer! \ud83d\ude42<\/em><br \/>\n<ins class=\"bookingaff\" data-target_aid=\"1152681\" data-prod=\"nsb\" data-width=\"400\" data-height=\"300\" data-aid=\"1161710\"><br \/>\n<!-- Anything inside will go away once widget is loaded. --><br \/>\n<a href=\"\/\/www.booking.com?aid=1152681\">Booking.com<\/a><br \/>\n<\/ins><br \/>\n<script type=\"text\/javascript\">\/\/ <![CDATA[ (function(d, sc, u) { var s = d.createElement(sc), p = d.getElementsByTagName(sc)[0]; s.type = 'text\/javascript'; s.async = true; s.src = u + '?v=' + (+new Date()); p.parentNode.insertBefore(s,p); })(document, 'script', '\/\/aff.bstatic.com\/static\/affiliate_base\/js\/flexiproduct.js'); \/\/ ]]><\/script><\/p>\n<h3><b>Comida<\/b><\/h3>\n<p>Iquitos \u00e9 o para\u00edso para quem quer experimentar comidas diferentes. Um prato t\u00edpico \u00e9 o <i>juanes<\/i> (arroz com frango cozido na folha de alguma \u00e1rvore), que \u00e9 vendido nas ruas a partir de 2 soles.<\/p>\n<p>No Mercado de Bel\u00e9n \u00e9 poss\u00edvel encontrar todo o tipo de fruta ex\u00f3tica, espetinhos de larvas, etc. Tamb\u00e9m se encontra carne de tartaruga e de jacar\u00e9 para vender, mas recomendamos n\u00e3o compr\u00e1-las, pois s\u00e3o vendidas ilegalmente e sem nenhuma responsabilidade ambiental.<\/p>\n<p>Se quiser provar comidas mais econ\u00f4micas, afaste-se do centro. Procure nas ruas pr\u00f3ximas ao Mercado Bel\u00e9n que h\u00e1 diversos restaurantes a partir de 5 soles.<\/p>\n<figure id=\"attachment_3914\" aria-describedby=\"caption-attachment-3914\" style=\"width: 933px\" class=\"wp-caption aligncenter\"><img data-recalc-dims=\"1\" loading=\"lazy\" decoding=\"async\" data-attachment-id=\"3914\" data-permalink=\"https:\/\/mundosemfim.com\/?attachment_id=3914\" data-orig-file=\"https:\/\/i0.wp.com\/mundosemfim.com\/wp-content\/uploads\/2016\/07\/P7130123.jpg?fit=933%2C622&amp;ssl=1\" data-orig-size=\"933,622\" data-comments-opened=\"1\" data-image-meta=\"{&quot;aperture&quot;:&quot;3.9&quot;,&quot;credit&quot;:&quot;&quot;,&quot;camera&quot;:&quot;TG-630&quot;,&quot;caption&quot;:&quot;OLYMPUS DIGITAL CAMERA&quot;,&quot;created_timestamp&quot;:&quot;1468413137&quot;,&quot;copyright&quot;:&quot;&quot;,&quot;focal_length&quot;:&quot;5&quot;,&quot;iso&quot;:&quot;100&quot;,&quot;shutter_speed&quot;:&quot;0.0125&quot;,&quot;title&quot;:&quot;OLYMPUS DIGITAL CAMERA&quot;,&quot;orientation&quot;:&quot;1&quot;}\" data-image-title=\"Iquitos\" data-image-description=\"\" data-image-caption=\"&lt;p&gt;Comendo um &amp;#8220;gusano&amp;#8221;, prato t\u00edpico da regi\u00e3o!&lt;\/p&gt;\n\" data-large-file=\"https:\/\/i0.wp.com\/mundosemfim.com\/wp-content\/uploads\/2016\/07\/P7130123.jpg?fit=764%2C509&amp;ssl=1\" class=\"wp-image-3914 size-full\" src=\"https:\/\/i0.wp.com\/mundosemfim.com\/wp-content\/uploads\/2016\/07\/P7130123.jpg?resize=764%2C509&#038;ssl=1\" alt=\"Comendo um &quot;gusano&quot; em Iquitos!\" width=\"764\" height=\"509\" srcset=\"https:\/\/i0.wp.com\/mundosemfim.com\/wp-content\/uploads\/2016\/07\/P7130123.jpg?w=933&amp;ssl=1 933w, https:\/\/i0.wp.com\/mundosemfim.com\/wp-content\/uploads\/2016\/07\/P7130123.jpg?resize=300%2C200&amp;ssl=1 300w, https:\/\/i0.wp.com\/mundosemfim.com\/wp-content\/uploads\/2016\/07\/P7130123.jpg?resize=768%2C512&amp;ssl=1 768w\" sizes=\"auto, (max-width: 764px) 100vw, 764px\" \/><figcaption id=\"caption-attachment-3914\" class=\"wp-caption-text\">Comendo um &#8220;gusano&#8221;, prato t\u00edpico da regi\u00e3o!<\/figcaption><\/figure>\n<h3><b>Seguran\u00e7a<\/b><\/h3>\n<p>Iquitos n\u00e3o nos pareceu uma cidade perigosa, nem mesmo \u00e0 noite. As recomenda\u00e7\u00f5es \u00e9 que se tome cuidado nas regi\u00f5es pr\u00f3ximas ao bairro Bel\u00e9n (onde est\u00e1 o mercado) e evitar andar por a\u00ed depois das 16h.<\/p>\n<p>Tamb\u00e9m escutamos muitos casos de turistas que foram furtados por motoqueiros, que puxam sua bolsa e saem correndo. Procure segurar seus pertences firmemente, inclusive quando estiver em um moto-t\u00e1xi.<\/p>\n<p>Se estiver indo ou voltando em barco, fique atento aos seus pertences enquanto estiver parado no porto.<\/p>\n<figure id=\"attachment_3915\" aria-describedby=\"caption-attachment-3915\" style=\"width: 764px\" class=\"wp-caption aligncenter\"><img data-recalc-dims=\"1\" loading=\"lazy\" decoding=\"async\" data-attachment-id=\"3915\" data-permalink=\"https:\/\/mundosemfim.com\/?attachment_id=3915\" data-orig-file=\"https:\/\/i0.wp.com\/mundosemfim.com\/wp-content\/uploads\/2016\/07\/P7130128.jpg?fit=1062%2C708&amp;ssl=1\" data-orig-size=\"1062,708\" data-comments-opened=\"1\" data-image-meta=\"{&quot;aperture&quot;:&quot;3.9&quot;,&quot;credit&quot;:&quot;&quot;,&quot;camera&quot;:&quot;TG-630&quot;,&quot;caption&quot;:&quot;OLYMPUS DIGITAL CAMERA&quot;,&quot;created_timestamp&quot;:&quot;1468414221&quot;,&quot;copyright&quot;:&quot;&quot;,&quot;focal_length&quot;:&quot;5&quot;,&quot;iso&quot;:&quot;100&quot;,&quot;shutter_speed&quot;:&quot;0.0015625&quot;,&quot;title&quot;:&quot;OLYMPUS DIGITAL CAMERA&quot;,&quot;orientation&quot;:&quot;1&quot;}\" data-image-title=\"Iquitos\" data-image-description=\"\" data-image-caption=\"&lt;p&gt;Avenida beira-rio em Iquitos&lt;\/p&gt;\n\" data-large-file=\"https:\/\/i0.wp.com\/mundosemfim.com\/wp-content\/uploads\/2016\/07\/P7130128.jpg?fit=764%2C510&amp;ssl=1\" class=\"size-large wp-image-3915\" src=\"https:\/\/i0.wp.com\/mundosemfim.com\/wp-content\/uploads\/2016\/07\/P7130128.jpg?resize=764%2C510&#038;ssl=1\" alt=\"Avenida beira-rio em Iquitos\" width=\"764\" height=\"510\" srcset=\"https:\/\/i0.wp.com\/mundosemfim.com\/wp-content\/uploads\/2016\/07\/P7130128.jpg?resize=1024%2C683&amp;ssl=1 1024w, https:\/\/i0.wp.com\/mundosemfim.com\/wp-content\/uploads\/2016\/07\/P7130128.jpg?resize=300%2C200&amp;ssl=1 300w, https:\/\/i0.wp.com\/mundosemfim.com\/wp-content\/uploads\/2016\/07\/P7130128.jpg?resize=768%2C512&amp;ssl=1 768w, https:\/\/i0.wp.com\/mundosemfim.com\/wp-content\/uploads\/2016\/07\/P7130128.jpg?w=1062&amp;ssl=1 1062w\" sizes=\"auto, (max-width: 764px) 100vw, 764px\" \/><figcaption id=\"caption-attachment-3915\" class=\"wp-caption-text\">Avenida beira-rio em Iquitos<\/figcaption><\/figure>\n<h3><b>Dinheiro<\/b><\/h3>\n<p>H\u00e1 v\u00e1rias casas de c\u00e2mbio e cambistas de rua nas proximidades da Plaza de Armas. Na cidade tamb\u00e9m h\u00e1 caixas eletr\u00f4nicos. A melhor moeda para trocar aqui \u00e9 o d\u00f3lar.<\/p>\n<h3><b>O que fazer?<\/b><\/h3>\n<p>H\u00e1 tanta coisa para se ver em Iquitos que pode programar uma semana inteira para a regi\u00e3o sem medo.<\/p>\n<p>Aqui est\u00e1 algumas coisas interessantes que recomendamos:<\/p>\n<h4><i><b>Mercado de Bel\u00e9n<\/b><\/i><\/h4>\n<p>Provavelmente um dos mercados mais loucos que vimos. N\u00e3o s\u00f3 pelo fato das motos andarem pelo meio dele, mas tamb\u00e9m pela infinidade de coisas que s\u00e3o vendidas. Como j\u00e1 mencionamos, \u00e9 poss\u00edvel encontrar tartarugas, jacar\u00e9s e frutas ex\u00f3ticas facilmente. Dizem que, cedinho pela manh\u00e3, \u00e9 poss\u00edvel encontrar at\u00e9 mesmo macacos \u00e0 venda.<\/p>\n<figure id=\"attachment_3916\" aria-describedby=\"caption-attachment-3916\" style=\"width: 764px\" class=\"wp-caption aligncenter\"><img data-recalc-dims=\"1\" loading=\"lazy\" decoding=\"async\" data-attachment-id=\"3916\" data-permalink=\"https:\/\/mundosemfim.com\/?attachment_id=3916\" data-orig-file=\"https:\/\/i0.wp.com\/mundosemfim.com\/wp-content\/uploads\/2016\/07\/P7130119.jpg?fit=3216%2C2144&amp;ssl=1\" data-orig-size=\"3216,2144\" data-comments-opened=\"1\" data-image-meta=\"{&quot;aperture&quot;:&quot;5.9&quot;,&quot;credit&quot;:&quot;&quot;,&quot;camera&quot;:&quot;TG-630&quot;,&quot;caption&quot;:&quot;OLYMPUS DIGITAL CAMERA&quot;,&quot;created_timestamp&quot;:&quot;1468412781&quot;,&quot;copyright&quot;:&quot;&quot;,&quot;focal_length&quot;:&quot;25&quot;,&quot;iso&quot;:&quot;400&quot;,&quot;shutter_speed&quot;:&quot;0.01&quot;,&quot;title&quot;:&quot;OLYMPUS DIGITAL CAMERA&quot;,&quot;orientation&quot;:&quot;1&quot;}\" data-image-title=\"Iquitos\" data-image-description=\"\" data-image-caption=\"&lt;p&gt;Carne de tartaruga a venda no Mercado de Bel\u00e9n&lt;\/p&gt;\n\" data-large-file=\"https:\/\/i0.wp.com\/mundosemfim.com\/wp-content\/uploads\/2016\/07\/P7130119.jpg?fit=764%2C510&amp;ssl=1\" class=\"wp-image-3916 size-large\" src=\"https:\/\/i0.wp.com\/mundosemfim.com\/wp-content\/uploads\/2016\/07\/P7130119.jpg?resize=764%2C510&#038;ssl=1\" alt=\"Carne de tartaruga a venda no Mercado de Bel\u00e9n, em Iquitos\" width=\"764\" height=\"510\" srcset=\"https:\/\/i0.wp.com\/mundosemfim.com\/wp-content\/uploads\/2016\/07\/P7130119.jpg?resize=1024%2C683&amp;ssl=1 1024w, https:\/\/i0.wp.com\/mundosemfim.com\/wp-content\/uploads\/2016\/07\/P7130119.jpg?resize=300%2C200&amp;ssl=1 300w, https:\/\/i0.wp.com\/mundosemfim.com\/wp-content\/uploads\/2016\/07\/P7130119.jpg?resize=768%2C512&amp;ssl=1 768w, https:\/\/i0.wp.com\/mundosemfim.com\/wp-content\/uploads\/2016\/07\/P7130119.jpg?w=1528&amp;ssl=1 1528w, https:\/\/i0.wp.com\/mundosemfim.com\/wp-content\/uploads\/2016\/07\/P7130119.jpg?w=2292&amp;ssl=1 2292w\" sizes=\"auto, (max-width: 764px) 100vw, 764px\" \/><figcaption id=\"caption-attachment-3916\" class=\"wp-caption-text\">Carne de tartaruga a venda no Mercado de Bel\u00e9n<\/figcaption><\/figure>\n<p>Quando estiver no mercado n\u00e3o deixe de visitar a Pasaje Paquito (pergunte a qualquer feirante ou policial como chegar l\u00e1): neste lugar vende-se tudo da medicina amaz\u00f4nica, desde bebidas afrodis\u00edacas at\u00e9 o cip\u00f3 para fazer o Santo Daime.<\/p>\n<p>Procure visitar o mercado antes das 16h, pois a zona \u00e9 um pouco insegura pela noite.<\/p>\n<h4><a href=\"https:\/\/mundosemfim.com\/conhecendo-o-zoologico-de-quistococha-em-iquitos\/\"><i><b>Zool\u00f3gico de Quistococha<\/b><\/i><\/a><\/h4>\n<p>H\u00e1 uma certa pol\u00eamica se o zool\u00f3gico trata bem ou n\u00e3o dos animais. Enquanto alguns moradores dizem que os animais n\u00e3o s\u00e3o bem cuidados, outros culpam o governo pela falta de incentivo.<\/p>\n<p>Neste zool\u00f3gico h\u00e1 uma pequena praia de lagoa, v\u00e1rios animais da selva e at\u00e9 um golfinho que faz shows no fim de semana.<\/p>\n<p>Leia mais sobre este zool\u00f3gico <a href=\"https:\/\/mundosemfim.com\/conhecendo-o-zoologico-de-quistococha-em-iquitos\/\"><b>aqui<\/b><\/a>.<\/p>\n<figure id=\"attachment_3846\" aria-describedby=\"caption-attachment-3846\" style=\"width: 1020px\" class=\"wp-caption aligncenter\"><img data-recalc-dims=\"1\" loading=\"lazy\" decoding=\"async\" data-attachment-id=\"3846\" data-permalink=\"https:\/\/mundosemfim.com\/?attachment_id=3846\" data-orig-file=\"https:\/\/i0.wp.com\/mundosemfim.com\/wp-content\/uploads\/2016\/07\/DSC_0143.jpg?fit=1020%2C680&amp;ssl=1\" data-orig-size=\"1020,680\" data-comments-opened=\"1\" data-image-meta=\"{&quot;aperture&quot;:&quot;5.6&quot;,&quot;credit&quot;:&quot;&quot;,&quot;camera&quot;:&quot;NIKON D5200&quot;,&quot;caption&quot;:&quot;&quot;,&quot;created_timestamp&quot;:&quot;1468427284&quot;,&quot;copyright&quot;:&quot;&quot;,&quot;focal_length&quot;:&quot;55&quot;,&quot;iso&quot;:&quot;320&quot;,&quot;shutter_speed&quot;:&quot;0.00625&quot;,&quot;title&quot;:&quot;&quot;,&quot;orientation&quot;:&quot;1&quot;}\" data-image-title=\"Quistococha\" data-image-description=\"\" data-image-caption=\"&lt;p&gt;Golfinho brincando com a sua bola&lt;\/p&gt;\n\" data-large-file=\"https:\/\/i0.wp.com\/mundosemfim.com\/wp-content\/uploads\/2016\/07\/DSC_0143.jpg?fit=764%2C509&amp;ssl=1\" class=\"wp-image-3846 size-full\" src=\"https:\/\/i0.wp.com\/mundosemfim.com\/wp-content\/uploads\/2016\/07\/DSC_0143.jpg?resize=764%2C509&#038;ssl=1\" alt=\"Golfinho no zool\u00f3gico Quistococha, em Iquitos\" width=\"764\" height=\"509\" srcset=\"https:\/\/i0.wp.com\/mundosemfim.com\/wp-content\/uploads\/2016\/07\/DSC_0143.jpg?w=1020&amp;ssl=1 1020w, https:\/\/i0.wp.com\/mundosemfim.com\/wp-content\/uploads\/2016\/07\/DSC_0143.jpg?resize=300%2C200&amp;ssl=1 300w, https:\/\/i0.wp.com\/mundosemfim.com\/wp-content\/uploads\/2016\/07\/DSC_0143.jpg?resize=768%2C512&amp;ssl=1 768w\" sizes=\"auto, (max-width: 764px) 100vw, 764px\" \/><figcaption id=\"caption-attachment-3846\" class=\"wp-caption-text\">Golfinho brincando com a sua bola em Quistococha<\/figcaption><\/figure>\n<h4><a href=\"https:\/\/mundosemfim.com\/viajando-por-iquitos-conheca-a-isla-de-los-monos-ilha-dos-macacos\/\"><i><b>Isla de los Monos<\/b><\/i><\/a><\/h4>\n<p>Descendo alguns quil\u00f4metros pelo Rio Amazonas, sentido Brasil, passar\u00e1 por esta bela ilha, onde se empenha um projeto de prote\u00e7\u00e3o aos animais, em especial aos macacos.<\/p>\n<p>Conhe\u00e7a mais sobre a Isla de los Monos <a href=\"https:\/\/mundosemfim.com\/viajando-por-iquitos-conheca-a-isla-de-los-monos-ilha-dos-macacos\/\"><b>aqui<\/b><\/a>.<\/p>\n<figure id=\"attachment_3863\" aria-describedby=\"caption-attachment-3863\" style=\"width: 965px\" class=\"wp-caption aligncenter\"><img data-recalc-dims=\"1\" loading=\"lazy\" decoding=\"async\" data-attachment-id=\"3863\" data-permalink=\"https:\/\/mundosemfim.com\/?attachment_id=3863\" data-orig-file=\"https:\/\/i0.wp.com\/mundosemfim.com\/wp-content\/uploads\/2016\/07\/P7190252.jpg?fit=965%2C644&amp;ssl=1\" data-orig-size=\"965,644\" data-comments-opened=\"1\" data-image-meta=\"{&quot;aperture&quot;:&quot;3.9&quot;,&quot;credit&quot;:&quot;&quot;,&quot;camera&quot;:&quot;TG-630&quot;,&quot;caption&quot;:&quot;OLYMPUS DIGITAL CAMERA&quot;,&quot;created_timestamp&quot;:&quot;1468944613&quot;,&quot;copyright&quot;:&quot;&quot;,&quot;focal_length&quot;:&quot;5&quot;,&quot;iso&quot;:&quot;250&quot;,&quot;shutter_speed&quot;:&quot;0.033333333333333&quot;,&quot;title&quot;:&quot;OLYMPUS DIGITAL CAMERA&quot;,&quot;orientation&quot;:&quot;1&quot;}\" data-image-title=\"Isla de los Monos\" data-image-description=\"\" data-image-caption=\"&lt;p&gt;Mucuvinha conhecendo seus parentes distantes&lt;\/p&gt;\n\" data-large-file=\"https:\/\/i0.wp.com\/mundosemfim.com\/wp-content\/uploads\/2016\/07\/P7190252.jpg?fit=764%2C510&amp;ssl=1\" class=\"wp-image-3863 size-full\" src=\"https:\/\/i0.wp.com\/mundosemfim.com\/wp-content\/uploads\/2016\/07\/P7190252.jpg?resize=764%2C510&#038;ssl=1\" alt=\"Mucuvinha conhecendo seus parentes distantes em Iquitos\" width=\"764\" height=\"510\" srcset=\"https:\/\/i0.wp.com\/mundosemfim.com\/wp-content\/uploads\/2016\/07\/P7190252.jpg?w=965&amp;ssl=1 965w, https:\/\/i0.wp.com\/mundosemfim.com\/wp-content\/uploads\/2016\/07\/P7190252.jpg?resize=300%2C200&amp;ssl=1 300w, https:\/\/i0.wp.com\/mundosemfim.com\/wp-content\/uploads\/2016\/07\/P7190252.jpg?resize=768%2C513&amp;ssl=1 768w\" sizes=\"auto, (max-width: 764px) 100vw, 764px\" \/><figcaption id=\"caption-attachment-3863\" class=\"wp-caption-text\">Mucuvinha conhecendo seus parentes distantes na Isla de los Monos<\/figcaption><\/figure>\n<h4><a href=\"https:\/\/mundosemfim.com\/ayahuasca-minha-experiencia-tomando-o-santo-daime\/\"><i><b>Tomar Ayahuasca (o Santo Daime)<\/b><\/i><\/a><\/h4>\n<p>Muitos turistas v\u00eam a Iquitos com o objetivo de experimentar esta pol\u00eamica bebida. A discuss\u00e3o sobre se isso \u00e9 um rem\u00e9dio para a alma ou apenas uma droga alucin\u00f3gena \u00e9 grande.<\/p>\n<p>A Michele n\u00e3o encarou, mas eu acabei experimentando para conhecer melhor. Leia mais sobre como foi minha experi\u00eancia <b><a href=\"https:\/\/mundosemfim.com\/ayahuasca-minha-experiencia-tomando-o-santo-daime\/\">aqui<\/a><i>.<\/i><\/b><\/p>\n<figure id=\"attachment_3851\" aria-describedby=\"caption-attachment-3851\" style=\"width: 764px\" class=\"wp-caption aligncenter\"><img data-recalc-dims=\"1\" loading=\"lazy\" decoding=\"async\" data-attachment-id=\"3851\" data-permalink=\"https:\/\/mundosemfim.com\/?attachment_id=3851\" data-orig-file=\"https:\/\/i0.wp.com\/mundosemfim.com\/wp-content\/uploads\/2016\/07\/DSC_0384.jpg?fit=960%2C640&amp;ssl=1\" data-orig-size=\"960,640\" data-comments-opened=\"1\" data-image-meta=\"{&quot;aperture&quot;:&quot;3.8&quot;,&quot;credit&quot;:&quot;&quot;,&quot;camera&quot;:&quot;NIKON D5200&quot;,&quot;caption&quot;:&quot;&quot;,&quot;created_timestamp&quot;:&quot;1468876425&quot;,&quot;copyright&quot;:&quot;&quot;,&quot;focal_length&quot;:&quot;21&quot;,&quot;iso&quot;:&quot;800&quot;,&quot;shutter_speed&quot;:&quot;0.025&quot;,&quot;title&quot;:&quot;&quot;,&quot;orientation&quot;:&quot;1&quot;}\" data-image-title=\"Ayahuasca\" data-image-description=\"\" data-image-caption=\"&lt;p&gt;Itens usados pelo xam\u00e3 para o ritual da Ayahuasca&lt;\/p&gt;\n\" data-large-file=\"https:\/\/i0.wp.com\/mundosemfim.com\/wp-content\/uploads\/2016\/07\/DSC_0384.jpg?fit=764%2C509&amp;ssl=1\" class=\"wp-image-3851 size-medium_large\" src=\"https:\/\/i0.wp.com\/mundosemfim.com\/wp-content\/uploads\/2016\/07\/DSC_0384.jpg?resize=764%2C509&#038;ssl=1\" alt=\"A Ayahuasca, ou Sando Daime\" width=\"764\" height=\"509\" srcset=\"https:\/\/i0.wp.com\/mundosemfim.com\/wp-content\/uploads\/2016\/07\/DSC_0384.jpg?resize=768%2C512&amp;ssl=1 768w, https:\/\/i0.wp.com\/mundosemfim.com\/wp-content\/uploads\/2016\/07\/DSC_0384.jpg?resize=300%2C200&amp;ssl=1 300w, https:\/\/i0.wp.com\/mundosemfim.com\/wp-content\/uploads\/2016\/07\/DSC_0384.jpg?w=960&amp;ssl=1 960w\" sizes=\"auto, (max-width: 764px) 100vw, 764px\" \/><figcaption id=\"caption-attachment-3851\" class=\"wp-caption-text\">Itens usados pelo xam\u00e3 para o ritual da Ayahuasca<\/figcaption><\/figure>\n<h4><i><b>Aventurar-se na selva<\/b><\/i><\/h4>\n<p>O que provavelmente todos os turistas buscam em Iquitos \u00e9 fazer uma aventura pela selva amaz\u00f4nica.<\/p>\n<p>No come\u00e7o nos assustamos com os pre\u00e7os (todos os guias de viagens falam em 200 euros por dia), mas logo descobrimos que \u00e9 poss\u00edvel fazer um tour e ficar em um lodge na natureza sem gastar tanto assim.<\/p>\n<p>O que \u00e9 de suma import\u00e2ncia \u00e9 ter um guia que conhe\u00e7a bem a floresta \u2013 e, por incr\u00edvel que pare\u00e7a, percebemos que as melhores ag\u00eancias oferecem os piores guias. O caso \u00e9 que, para atender os turistas mais &#8220;refinados&#8221;, as ag\u00eancias contratam guias que falam 10 idiomas e tem curso de etiqueta na Fran\u00e7a, mas que nunca viveram na selva. Isso \u00e0s vezes leva a acidentes \u2013 alguns fatais.<\/p>\n<p>N\u00f3s visitamos dois lodges, com pre\u00e7os econ\u00f4micos e guias excelentes, e podemos recomendar os dois.<\/p>\n<p>Um deles, o Yarapa, \u00e9 excelente para casais em lua de mel ou para quem est\u00e1 viajando em fam\u00edlia. O pre\u00e7o \u00e9 de 100 d\u00f3lares por noite (por pessoa), com tudo inclu\u00eddo. A ag\u00eancia que leva l\u00e1 \u00e9\u00a0a <a href=\"https:\/\/reduakarijungletours.com\/\"><strong>Red Uakari<\/strong><\/a>. Leia nossa experi\u00eancia com eles aqui:<\/p>\n<ul>\n<li><a href=\"https:\/\/mundosemfim.com\/nauta-um-tour-pela-selva-onde-nasce-o-rio-amazonas\/\"><em><strong>Aventura na selva por Nauta<\/strong><\/em><\/a><\/li>\n<\/ul>\n<figure id=\"attachment_3871\" aria-describedby=\"caption-attachment-3871\" style=\"width: 764px\" class=\"wp-caption aligncenter\"><img data-recalc-dims=\"1\" loading=\"lazy\" decoding=\"async\" data-attachment-id=\"3871\" data-permalink=\"https:\/\/mundosemfim.com\/?attachment_id=3871\" data-orig-file=\"https:\/\/i0.wp.com\/mundosemfim.com\/wp-content\/uploads\/2016\/07\/DSC_0045-1.jpg?fit=960%2C640&amp;ssl=1\" data-orig-size=\"960,640\" data-comments-opened=\"1\" data-image-meta=\"{&quot;aperture&quot;:&quot;16&quot;,&quot;credit&quot;:&quot;&quot;,&quot;camera&quot;:&quot;NIKON D5200&quot;,&quot;caption&quot;:&quot;&quot;,&quot;created_timestamp&quot;:&quot;1468586661&quot;,&quot;copyright&quot;:&quot;&quot;,&quot;focal_length&quot;:&quot;18&quot;,&quot;iso&quot;:&quot;125&quot;,&quot;shutter_speed&quot;:&quot;0.016666666666667&quot;,&quot;title&quot;:&quot;&quot;,&quot;orientation&quot;:&quot;1&quot;}\" data-image-title=\"Amaz\u00f4nia\" data-image-description=\"\" data-image-caption=\"&lt;p&gt;Wild Yarapa Amazon Jungle Lodge &amp;#8211; onde passamos uma excelente noite na selva!&lt;\/p&gt;\n\" data-large-file=\"https:\/\/i0.wp.com\/mundosemfim.com\/wp-content\/uploads\/2016\/07\/DSC_0045-1.jpg?fit=764%2C509&amp;ssl=1\" class=\"wp-image-3871 size-medium_large\" src=\"https:\/\/i0.wp.com\/mundosemfim.com\/wp-content\/uploads\/2016\/07\/DSC_0045-1.jpg?resize=764%2C509&#038;ssl=1\" alt=\"Wild Yarapa Amazon Jungle Lodge - na selva de Iquitos\" width=\"764\" height=\"509\" srcset=\"https:\/\/i0.wp.com\/mundosemfim.com\/wp-content\/uploads\/2016\/07\/DSC_0045-1.jpg?resize=768%2C512&amp;ssl=1 768w, https:\/\/i0.wp.com\/mundosemfim.com\/wp-content\/uploads\/2016\/07\/DSC_0045-1.jpg?resize=300%2C200&amp;ssl=1 300w, https:\/\/i0.wp.com\/mundosemfim.com\/wp-content\/uploads\/2016\/07\/DSC_0045-1.jpg?w=960&amp;ssl=1 960w\" sizes=\"auto, (max-width: 764px) 100vw, 764px\" \/><figcaption id=\"caption-attachment-3871\" class=\"wp-caption-text\">Wild Yarapa Amazon Jungle Lodge &#8211; onde passamos uma excelente noite na selva!<\/figcaption><\/figure>\n<p>O outro \u00e9 o <a href=\"https:\/\/www.facebook.com\/selvaventura.jungletrips\/\"><b>Selva Aventura<\/b><\/a>, possivelmente a \u00fanica ag\u00eancia voltada para mochileiros. O pre\u00e7o \u00e9\u00a0a partir de 65 d\u00f3lares\u00a0por noite (estudantes t\u00eam desconto), com tudo inclu\u00eddo, dormindo em quartos compartilhados.<\/p>\n<p>Leia tudo sobre nosso passeio com eles aqui:<\/p>\n<ul>\n<li><a href=\"https:\/\/mundosemfim.com\/iquitos-uma-aventura-economica-pela-selva-amazonica\/\"><em><strong>Explorando a Amaz\u00f4nia com a Selva Aventura<\/strong><\/em><\/a><\/li>\n<\/ul>\n<figure id=\"attachment_3897\" aria-describedby=\"caption-attachment-3897\" style=\"width: 764px\" class=\"wp-caption aligncenter\"><img data-recalc-dims=\"1\" loading=\"lazy\" decoding=\"async\" data-attachment-id=\"3897\" data-permalink=\"https:\/\/mundosemfim.com\/?attachment_id=3897\" data-orig-file=\"https:\/\/i0.wp.com\/mundosemfim.com\/wp-content\/uploads\/2016\/07\/P7190232.jpg?fit=901%2C601&amp;ssl=1\" data-orig-size=\"901,601\" data-comments-opened=\"1\" data-image-meta=\"{&quot;aperture&quot;:&quot;3.9&quot;,&quot;credit&quot;:&quot;&quot;,&quot;camera&quot;:&quot;TG-630&quot;,&quot;caption&quot;:&quot;OLYMPUS DIGITAL CAMERA&quot;,&quot;created_timestamp&quot;:&quot;1468930995&quot;,&quot;copyright&quot;:&quot;&quot;,&quot;focal_length&quot;:&quot;5&quot;,&quot;iso&quot;:&quot;800&quot;,&quot;shutter_speed&quot;:&quot;0.008&quot;,&quot;title&quot;:&quot;OLYMPUS DIGITAL CAMERA&quot;,&quot;orientation&quot;:&quot;1&quot;}\" data-image-title=\"Amaz\u00f4nia\" data-image-description=\"\" data-image-caption=\"&lt;p&gt;\u00c1rvore gigante, de cerca de 700 anos, na selva amaz\u00f4nica&lt;\/p&gt;\n\" data-large-file=\"https:\/\/i0.wp.com\/mundosemfim.com\/wp-content\/uploads\/2016\/07\/P7190232.jpg?fit=764%2C510&amp;ssl=1\" class=\"size-medium_large wp-image-3897\" src=\"https:\/\/i0.wp.com\/mundosemfim.com\/wp-content\/uploads\/2016\/07\/P7190232.jpg?resize=764%2C509&#038;ssl=1\" alt=\"\u00c1rvore gigante, de cerca de 700 anos, na selva amaz\u00f4nica\" width=\"764\" height=\"509\" srcset=\"https:\/\/i0.wp.com\/mundosemfim.com\/wp-content\/uploads\/2016\/07\/P7190232.jpg?resize=768%2C512&amp;ssl=1 768w, https:\/\/i0.wp.com\/mundosemfim.com\/wp-content\/uploads\/2016\/07\/P7190232.jpg?resize=300%2C200&amp;ssl=1 300w, https:\/\/i0.wp.com\/mundosemfim.com\/wp-content\/uploads\/2016\/07\/P7190232.jpg?w=901&amp;ssl=1 901w\" sizes=\"auto, (max-width: 764px) 100vw, 764px\" \/><figcaption id=\"caption-attachment-3897\" class=\"wp-caption-text\">Explorando a Amaz\u00f4nia com a Selva Aventura<\/figcaption><\/figure>\n<p>\u00c9 isso pessoal! Esperamos que tenha gostado deste destino, e que possa aproveitar as pr\u00f3ximas f\u00e9rias por l\u00e1!<\/p>\n<p>Para mais dicas de lugares legais e acompanhar nossa viagem de volta ao mundo, curtam nossa p\u00e1gina no face:<\/p>\n<p><a href=\"http:\/\/www.facebook.com\/mundosemfimoficial\">www.facebook.com\/mundosemfimoficial<\/a><\/p>\n","protected":false},"excerpt":{"rendered":"<p>Isolada do resto do pa\u00eds, Iquitos \u00e9 a maior cidade do mundo sem acesso por estradas. Ela \u00e9, tamb\u00e9m, o destino ideal para quem quer conhecer a selva amaz\u00f4nica sem gastar muito dinheiro. Aqui contamos com detalhes como foi nossa experi\u00eancia por l\u00e1!<\/p>\n","protected":false},"author":1,"featured_media":3917,"comment_status":"open","ping_status":"open","sticky":false,"template":"","format":"standard","meta":{"jetpack_post_was_ever_published":false,"_jetpack_newsletter_access":"","_jetpack_dont_email_post_to_subs":true,"_jetpack_newsletter_tier_id":0,"_jetpack_memberships_contains_paywalled_content":false,"_jetpack_memberships_contains_paid_content":false,"footnotes":"","jetpack_publicize_message":"","jetpack_publicize_feature_enabled":true,"jetpack_social_post_already_shared":true,"jetpack_social_options":{"image_generator_settings":{"template":"highway","default_image_id":0,"font":"","enabled":false},"version":2}},"categories":[278,6,7,277,43,45],"tags":[],"class_list":["post-3908","post","type-post","status-publish","format-standard","has-post-thumbnail","hentry","category-amazonia","category-america-do-sul","category-america-latina","category-iquitos","category-natureza","category-peru"],"yoast_head":"<!-- This site is optimized with the Yoast SEO plugin v27.5 - https:\/\/yoast.com\/product\/yoast-seo-wordpress\/ -->\n<title>Conhecendo Iquitos, o cora\u00e7\u00e3o da Selva Amaz\u00f4nica peruana! - Mundo Sem Fim<\/title>\n<meta name=\"robots\" content=\"index, follow, max-snippet:-1, max-image-preview:large, max-video-preview:-1\" \/>\n<link rel=\"canonical\" href=\"https:\/\/mundosemfim.com\/?p=3908\" \/>\n<meta property=\"og:locale\" content=\"pt_BR\" \/>\n<meta property=\"og:type\" content=\"article\" \/>\n<meta property=\"og:title\" content=\"Conhecendo Iquitos, o cora\u00e7\u00e3o da Selva Amaz\u00f4nica peruana! - Mundo Sem Fim\" \/>\n<meta property=\"og:description\" content=\"Isolada do resto do pa\u00eds, Iquitos \u00e9 a maior cidade do mundo sem acesso por estradas. Ela \u00e9, tamb\u00e9m, o destino ideal para quem quer conhecer a selva amaz\u00f4nica sem gastar muito dinheiro. Aqui contamos com detalhes como foi nossa experi\u00eancia por l\u00e1!\" \/>\n<meta property=\"og:url\" content=\"https:\/\/mundosemfim.com\/?p=3908\" \/>\n<meta property=\"og:site_name\" content=\"Mundo Sem Fim\" \/>\n<meta property=\"article:publisher\" content=\"http:\/\/www.facebook.com\/mundosemfimoficial\" \/>\n<meta property=\"article:published_time\" content=\"2016-07-26T17:03:36+00:00\" \/>\n<meta property=\"article:modified_time\" content=\"2019-05-22T03:00:06+00:00\" \/>\n<meta property=\"og:image\" content=\"https:\/\/i0.wp.com\/mundosemfim.com\/wp-content\/uploads\/2016\/07\/P7190232-1.jpg?fit=955%2C448&ssl=1\" \/>\n\t<meta property=\"og:image:width\" content=\"955\" \/>\n\t<meta property=\"og:image:height\" content=\"448\" \/>\n\t<meta property=\"og:image:type\" content=\"image\/jpeg\" \/>\n<meta name=\"author\" content=\"Renan\" \/>\n<meta name=\"twitter:card\" content=\"summary_large_image\" \/>\n<meta name=\"twitter:label1\" content=\"Escrito por\" \/>\n\t<meta name=\"twitter:data1\" content=\"Renan\" \/>\n\t<meta name=\"twitter:label2\" content=\"Est. tempo de leitura\" \/>\n\t<meta name=\"twitter:data2\" content=\"8 minutos\" \/>\n<script type=\"application\/ld+json\" class=\"yoast-schema-graph\">{\"@context\":\"https:\\\/\\\/schema.org\",\"@graph\":[{\"@type\":\"Article\",\"@id\":\"https:\\\/\\\/mundosemfim.com\\\/?p=3908#article\",\"isPartOf\":{\"@id\":\"https:\\\/\\\/mundosemfim.com\\\/?p=3908\"},\"author\":{\"name\":\"Renan\",\"@id\":\"https:\\\/\\\/mundosemfim.com\\\/#\\\/schema\\\/person\\\/b021d50f3a19bae432e9b69ffbfa9257\"},\"headline\":\"Conhecendo Iquitos, o cora\u00e7\u00e3o da Selva Amaz\u00f4nica peruana!\",\"datePublished\":\"2016-07-26T17:03:36+00:00\",\"dateModified\":\"2019-05-22T03:00:06+00:00\",\"mainEntityOfPage\":{\"@id\":\"https:\\\/\\\/mundosemfim.com\\\/?p=3908\"},\"wordCount\":1583,\"commentCount\":9,\"image\":{\"@id\":\"https:\\\/\\\/mundosemfim.com\\\/?p=3908#primaryimage\"},\"thumbnailUrl\":\"https:\\\/\\\/i0.wp.com\\\/mundosemfim.com\\\/wp-content\\\/uploads\\\/2016\\\/07\\\/P7190232-1.jpg?fit=955%2C448&ssl=1\",\"articleSection\":[\"Amaz\u00f4nia\",\"Am\u00e9rica do Sul\",\"am\u00e9rica latina\",\"Iquitos\",\"natureza\",\"Peru\"],\"inLanguage\":\"pt-BR\",\"potentialAction\":[{\"@type\":\"CommentAction\",\"name\":\"Comment\",\"target\":[\"https:\\\/\\\/mundosemfim.com\\\/?p=3908#respond\"]}]},{\"@type\":\"WebPage\",\"@id\":\"https:\\\/\\\/mundosemfim.com\\\/?p=3908\",\"url\":\"https:\\\/\\\/mundosemfim.com\\\/?p=3908\",\"name\":\"Conhecendo Iquitos, o cora\u00e7\u00e3o da Selva Amaz\u00f4nica peruana! - Mundo Sem Fim\",\"isPartOf\":{\"@id\":\"https:\\\/\\\/mundosemfim.com\\\/#website\"},\"primaryImageOfPage\":{\"@id\":\"https:\\\/\\\/mundosemfim.com\\\/?p=3908#primaryimage\"},\"image\":{\"@id\":\"https:\\\/\\\/mundosemfim.com\\\/?p=3908#primaryimage\"},\"thumbnailUrl\":\"https:\\\/\\\/i0.wp.com\\\/mundosemfim.com\\\/wp-content\\\/uploads\\\/2016\\\/07\\\/P7190232-1.jpg?fit=955%2C448&ssl=1\",\"datePublished\":\"2016-07-26T17:03:36+00:00\",\"dateModified\":\"2019-05-22T03:00:06+00:00\",\"author\":{\"@id\":\"https:\\\/\\\/mundosemfim.com\\\/#\\\/schema\\\/person\\\/b021d50f3a19bae432e9b69ffbfa9257\"},\"breadcrumb\":{\"@id\":\"https:\\\/\\\/mundosemfim.com\\\/?p=3908#breadcrumb\"},\"inLanguage\":\"pt-BR\",\"potentialAction\":[{\"@type\":\"ReadAction\",\"target\":[\"https:\\\/\\\/mundosemfim.com\\\/?p=3908\"]}]},{\"@type\":\"ImageObject\",\"inLanguage\":\"pt-BR\",\"@id\":\"https:\\\/\\\/mundosemfim.com\\\/?p=3908#primaryimage\",\"url\":\"https:\\\/\\\/i0.wp.com\\\/mundosemfim.com\\\/wp-content\\\/uploads\\\/2016\\\/07\\\/P7190232-1.jpg?fit=955%2C448&ssl=1\",\"contentUrl\":\"https:\\\/\\\/i0.wp.com\\\/mundosemfim.com\\\/wp-content\\\/uploads\\\/2016\\\/07\\\/P7190232-1.jpg?fit=955%2C448&ssl=1\",\"width\":955,\"height\":448,\"caption\":\"\u00c1rvore gigante na Amaz\u00f4nia\"},{\"@type\":\"BreadcrumbList\",\"@id\":\"https:\\\/\\\/mundosemfim.com\\\/?p=3908#breadcrumb\",\"itemListElement\":[{\"@type\":\"ListItem\",\"position\":1,\"name\":\"In\u00edcio\",\"item\":\"https:\\\/\\\/mundosemfim.com\\\/\"},{\"@type\":\"ListItem\",\"position\":2,\"name\":\"Conhecendo Iquitos, o cora\u00e7\u00e3o da Selva Amaz\u00f4nica peruana!\"}]},{\"@type\":\"WebSite\",\"@id\":\"https:\\\/\\\/mundosemfim.com\\\/#website\",\"url\":\"https:\\\/\\\/mundosemfim.com\\\/\",\"name\":\"Mundo Sem Fim\",\"description\":\"uma viagem de volta ao mundo pelos 5 continentes!\",\"potentialAction\":[{\"@type\":\"SearchAction\",\"target\":{\"@type\":\"EntryPoint\",\"urlTemplate\":\"https:\\\/\\\/mundosemfim.com\\\/?s={search_term_string}\"},\"query-input\":{\"@type\":\"PropertyValueSpecification\",\"valueRequired\":true,\"valueName\":\"search_term_string\"}}],\"inLanguage\":\"pt-BR\"},{\"@type\":\"Person\",\"@id\":\"https:\\\/\\\/mundosemfim.com\\\/#\\\/schema\\\/person\\\/b021d50f3a19bae432e9b69ffbfa9257\",\"name\":\"Renan\",\"image\":{\"@type\":\"ImageObject\",\"inLanguage\":\"pt-BR\",\"@id\":\"https:\\\/\\\/secure.gravatar.com\\\/avatar\\\/faafca769a603ac75196d21826f3bda645d7e2d6306bb6e236d8cdb38eb44e38?s=96&d=mm&r=g\",\"url\":\"https:\\\/\\\/secure.gravatar.com\\\/avatar\\\/faafca769a603ac75196d21826f3bda645d7e2d6306bb6e236d8cdb38eb44e38?s=96&d=mm&r=g\",\"contentUrl\":\"https:\\\/\\\/secure.gravatar.com\\\/avatar\\\/faafca769a603ac75196d21826f3bda645d7e2d6306bb6e236d8cdb38eb44e38?s=96&d=mm&r=g\",\"caption\":\"Renan\"}}]}<\/script>\n<!-- \/ Yoast SEO plugin. -->","yoast_head_json":{"title":"Conhecendo Iquitos, o cora\u00e7\u00e3o da Selva Amaz\u00f4nica peruana! - Mundo Sem Fim","robots":{"index":"index","follow":"follow","max-snippet":"max-snippet:-1","max-image-preview":"max-image-preview:large","max-video-preview":"max-video-preview:-1"},"canonical":"https:\/\/mundosemfim.com\/?p=3908","og_locale":"pt_BR","og_type":"article","og_title":"Conhecendo Iquitos, o cora\u00e7\u00e3o da Selva Amaz\u00f4nica peruana! - Mundo Sem Fim","og_description":"Isolada do resto do pa\u00eds, Iquitos \u00e9 a maior cidade do mundo sem acesso por estradas. Ela \u00e9, tamb\u00e9m, o destino ideal para quem quer conhecer a selva amaz\u00f4nica sem gastar muito dinheiro. Aqui contamos com detalhes como foi nossa experi\u00eancia por l\u00e1!","og_url":"https:\/\/mundosemfim.com\/?p=3908","og_site_name":"Mundo Sem Fim","article_publisher":"http:\/\/www.facebook.com\/mundosemfimoficial","article_published_time":"2016-07-26T17:03:36+00:00","article_modified_time":"2019-05-22T03:00:06+00:00","og_image":[{"width":955,"height":448,"url":"https:\/\/i0.wp.com\/mundosemfim.com\/wp-content\/uploads\/2016\/07\/P7190232-1.jpg?fit=955%2C448&ssl=1","type":"image\/jpeg"}],"author":"Renan","twitter_card":"summary_large_image","twitter_misc":{"Escrito por":"Renan","Est. tempo de leitura":"8 minutos"},"schema":{"@context":"https:\/\/schema.org","@graph":[{"@type":"Article","@id":"https:\/\/mundosemfim.com\/?p=3908#article","isPartOf":{"@id":"https:\/\/mundosemfim.com\/?p=3908"},"author":{"name":"Renan","@id":"https:\/\/mundosemfim.com\/#\/schema\/person\/b021d50f3a19bae432e9b69ffbfa9257"},"headline":"Conhecendo Iquitos, o cora\u00e7\u00e3o da Selva Amaz\u00f4nica peruana!","datePublished":"2016-07-26T17:03:36+00:00","dateModified":"2019-05-22T03:00:06+00:00","mainEntityOfPage":{"@id":"https:\/\/mundosemfim.com\/?p=3908"},"wordCount":1583,"commentCount":9,"image":{"@id":"https:\/\/mundosemfim.com\/?p=3908#primaryimage"},"thumbnailUrl":"https:\/\/i0.wp.com\/mundosemfim.com\/wp-content\/uploads\/2016\/07\/P7190232-1.jpg?fit=955%2C448&ssl=1","articleSection":["Amaz\u00f4nia","Am\u00e9rica do Sul","am\u00e9rica latina","Iquitos","natureza","Peru"],"inLanguage":"pt-BR","potentialAction":[{"@type":"CommentAction","name":"Comment","target":["https:\/\/mundosemfim.com\/?p=3908#respond"]}]},{"@type":"WebPage","@id":"https:\/\/mundosemfim.com\/?p=3908","url":"https:\/\/mundosemfim.com\/?p=3908","name":"Conhecendo Iquitos, o cora\u00e7\u00e3o da Selva Amaz\u00f4nica peruana! - Mundo Sem Fim","isPartOf":{"@id":"https:\/\/mundosemfim.com\/#website"},"primaryImageOfPage":{"@id":"https:\/\/mundosemfim.com\/?p=3908#primaryimage"},"image":{"@id":"https:\/\/mundosemfim.com\/?p=3908#primaryimage"},"thumbnailUrl":"https:\/\/i0.wp.com\/mundosemfim.com\/wp-content\/uploads\/2016\/07\/P7190232-1.jpg?fit=955%2C448&ssl=1","datePublished":"2016-07-26T17:03:36+00:00","dateModified":"2019-05-22T03:00:06+00:00","author":{"@id":"https:\/\/mundosemfim.com\/#\/schema\/person\/b021d50f3a19bae432e9b69ffbfa9257"},"breadcrumb":{"@id":"https:\/\/mundosemfim.com\/?p=3908#breadcrumb"},"inLanguage":"pt-BR","potentialAction":[{"@type":"ReadAction","target":["https:\/\/mundosemfim.com\/?p=3908"]}]},{"@type":"ImageObject","inLanguage":"pt-BR","@id":"https:\/\/mundosemfim.com\/?p=3908#primaryimage","url":"https:\/\/i0.wp.com\/mundosemfim.com\/wp-content\/uploads\/2016\/07\/P7190232-1.jpg?fit=955%2C448&ssl=1","contentUrl":"https:\/\/i0.wp.com\/mundosemfim.com\/wp-content\/uploads\/2016\/07\/P7190232-1.jpg?fit=955%2C448&ssl=1","width":955,"height":448,"caption":"\u00c1rvore gigante na Amaz\u00f4nia"},{"@type":"BreadcrumbList","@id":"https:\/\/mundosemfim.com\/?p=3908#breadcrumb","itemListElement":[{"@type":"ListItem","position":1,"name":"In\u00edcio","item":"https:\/\/mundosemfim.com\/"},{"@type":"ListItem","position":2,"name":"Conhecendo Iquitos, o cora\u00e7\u00e3o da Selva Amaz\u00f4nica peruana!"}]},{"@type":"WebSite","@id":"https:\/\/mundosemfim.com\/#website","url":"https:\/\/mundosemfim.com\/","name":"Mundo Sem Fim","description":"uma viagem de volta ao mundo pelos 5 continentes!","potentialAction":[{"@type":"SearchAction","target":{"@type":"EntryPoint","urlTemplate":"https:\/\/mundosemfim.com\/?s={search_term_string}"},"query-input":{"@type":"PropertyValueSpecification","valueRequired":true,"valueName":"search_term_string"}}],"inLanguage":"pt-BR"},{"@type":"Person","@id":"https:\/\/mundosemfim.com\/#\/schema\/person\/b021d50f3a19bae432e9b69ffbfa9257","name":"Renan","image":{"@type":"ImageObject","inLanguage":"pt-BR","@id":"https:\/\/secure.gravatar.com\/avatar\/faafca769a603ac75196d21826f3bda645d7e2d6306bb6e236d8cdb38eb44e38?s=96&d=mm&r=g","url":"https:\/\/secure.gravatar.com\/avatar\/faafca769a603ac75196d21826f3bda645d7e2d6306bb6e236d8cdb38eb44e38?s=96&d=mm&r=g","contentUrl":"https:\/\/secure.gravatar.com\/avatar\/faafca769a603ac75196d21826f3bda645d7e2d6306bb6e236d8cdb38eb44e38?s=96&d=mm&r=g","caption":"Renan"}}]}},"jetpack_publicize_connections":[],"jetpack_featured_media_url":"https:\/\/i0.wp.com\/mundosemfim.com\/wp-content\/uploads\/2016\/07\/P7190232-1.jpg?fit=955%2C448&ssl=1","jetpack_sharing_enabled":true,"jetpack_shortlink":"https:\/\/wp.me\/p7CQyF-112","jetpack-related-posts":[{"id":3885,"url":"https:\/\/mundosemfim.com\/?p=3885","url_meta":{"origin":3908,"position":0},"title":"Iquitos \u2013 uma aventura econ\u00f4mica pela selva amaz\u00f4nica","author":"Renan","date":"julho 26, 2016","format":false,"excerpt":"J\u00e1 hav\u00edamos nos aventurado pela selva na regi\u00e3o de Nauta. Agora, \u00e9 hora de descrever como foi nossa aventura na regi\u00e3o de Iquitos! Refer\u00eancia (julho\/2016) 1 real = 1 sol peruano 1 d\u00f3lar = 3,30 soles Descendo o rio Amazonas a partir de Iquitos h\u00e1 uma infinidade de coisas interessantes\u2026","rel":"","context":"Em &quot;Amaz\u00f4nia&quot;","block_context":{"text":"Amaz\u00f4nia","link":"https:\/\/mundosemfim.com\/?cat=278"},"img":{"alt_text":"","src":"https:\/\/i0.wp.com\/mundosemfim.com\/wp-content\/uploads\/2016\/07\/DSC_0571.jpg?fit=960%2C640&ssl=1&resize=350%2C200","width":350,"height":200,"srcset":"https:\/\/i0.wp.com\/mundosemfim.com\/wp-content\/uploads\/2016\/07\/DSC_0571.jpg?fit=960%2C640&ssl=1&resize=350%2C200 1x, https:\/\/i0.wp.com\/mundosemfim.com\/wp-content\/uploads\/2016\/07\/DSC_0571.jpg?fit=960%2C640&ssl=1&resize=525%2C300 1.5x, https:\/\/i0.wp.com\/mundosemfim.com\/wp-content\/uploads\/2016\/07\/DSC_0571.jpg?fit=960%2C640&ssl=1&resize=700%2C400 2x"},"classes":[]},{"id":3868,"url":"https:\/\/mundosemfim.com\/?p=3868","url_meta":{"origin":3908,"position":1},"title":"Iquitos \u2013 Um tour pela selva onde nasce o rio Amazonas","author":"Renan","date":"julho 25, 2016","format":false,"excerpt":"Nauta \u00e9 um pequeno povoado peruano a poucos quil\u00f4metros de Iquitos, e se destaca por estar pertinho de onde nasce o imenso Rio Amazonas. Fizemos um sensacional tour pela selva nesta regi\u00e3o, e aqui contamos como foi! Refer\u00eancia (julho\/2016) 1 real = 1 sol peruano 1 d\u00f3lar = 3,30 soles\u2026","rel":"","context":"Em &quot;Amaz\u00f4nia&quot;","block_context":{"text":"Amaz\u00f4nia","link":"https:\/\/mundosemfim.com\/?cat=278"},"img":{"alt_text":"","src":"https:\/\/i0.wp.com\/mundosemfim.com\/wp-content\/uploads\/2016\/07\/DSC_0230.jpg?fit=960%2C640&ssl=1&resize=350%2C200","width":350,"height":200,"srcset":"https:\/\/i0.wp.com\/mundosemfim.com\/wp-content\/uploads\/2016\/07\/DSC_0230.jpg?fit=960%2C640&ssl=1&resize=350%2C200 1x, https:\/\/i0.wp.com\/mundosemfim.com\/wp-content\/uploads\/2016\/07\/DSC_0230.jpg?fit=960%2C640&ssl=1&resize=525%2C300 1.5x, https:\/\/i0.wp.com\/mundosemfim.com\/wp-content\/uploads\/2016\/07\/DSC_0230.jpg?fit=960%2C640&ssl=1&resize=700%2C400 2x"},"classes":[]},{"id":3859,"url":"https:\/\/mundosemfim.com\/?p=3859","url_meta":{"origin":3908,"position":2},"title":"Viajando por Iquitos \u2013 Conhe\u00e7a a Isla de los Monos (Ilha dos Macacos)","author":"Renan","date":"julho 25, 2016","format":false,"excerpt":"Localizada a poucas horas de barco de Iquitos, a Isla de los Monos \u00e9 uma pequena ilha na selva onde \u00e9 poss\u00edvel ver e brincar com macacos que andam livremente por ali. Venha conhec\u00ea-la! Refer\u00eancia (julho\/2016) 1 real = 1 sol peruano 1 d\u00f3lar = 3,30 soles A Isla de\u2026","rel":"","context":"Em &quot;Amaz\u00f4nia&quot;","block_context":{"text":"Amaz\u00f4nia","link":"https:\/\/mundosemfim.com\/?cat=278"},"img":{"alt_text":"","src":"https:\/\/i0.wp.com\/mundosemfim.com\/wp-content\/uploads\/2016\/07\/P7190252.jpg?fit=965%2C644&ssl=1&resize=350%2C200","width":350,"height":200,"srcset":"https:\/\/i0.wp.com\/mundosemfim.com\/wp-content\/uploads\/2016\/07\/P7190252.jpg?fit=965%2C644&ssl=1&resize=350%2C200 1x, https:\/\/i0.wp.com\/mundosemfim.com\/wp-content\/uploads\/2016\/07\/P7190252.jpg?fit=965%2C644&ssl=1&resize=525%2C300 1.5x, https:\/\/i0.wp.com\/mundosemfim.com\/wp-content\/uploads\/2016\/07\/P7190252.jpg?fit=965%2C644&ssl=1&resize=700%2C400 2x"},"classes":[]},{"id":3815,"url":"https:\/\/mundosemfim.com\/?p=3815","url_meta":{"origin":3908,"position":3},"title":"De Yurimaguas a Iquitos em barco \u2013 uma odiss\u00e9ia pelos rios da Amaz\u00f4nia","author":"Renan","date":"julho 17, 2016","format":false,"excerpt":"Sempre sonhou em penetrar na Amaz\u00f4nia selvagem, mas n\u00e3o tem dinheiro para pagar os car\u00edssimos tours pela regi\u00e3o? Esta travessia de dois dias de barco \u00e9 uma forma bem econ\u00f4mica para conhecer o cora\u00e7\u00e3o da floresta e seus povos, enquanto se delicia com a bel\u00edssima paisagem pelo caminho. Venha conhec\u00ea-la\u2026","rel":"","context":"Em &quot;Amaz\u00f4nia&quot;","block_context":{"text":"Amaz\u00f4nia","link":"https:\/\/mundosemfim.com\/?cat=278"},"img":{"alt_text":"","src":"https:\/\/i0.wp.com\/mundosemfim.com\/wp-content\/uploads\/2016\/07\/DSC_0119.jpg?fit=1020%2C680&ssl=1&resize=350%2C200","width":350,"height":200,"srcset":"https:\/\/i0.wp.com\/mundosemfim.com\/wp-content\/uploads\/2016\/07\/DSC_0119.jpg?fit=1020%2C680&ssl=1&resize=350%2C200 1x, https:\/\/i0.wp.com\/mundosemfim.com\/wp-content\/uploads\/2016\/07\/DSC_0119.jpg?fit=1020%2C680&ssl=1&resize=525%2C300 1.5x, https:\/\/i0.wp.com\/mundosemfim.com\/wp-content\/uploads\/2016\/07\/DSC_0119.jpg?fit=1020%2C680&ssl=1&resize=700%2C400 2x"},"classes":[]},{"id":5217,"url":"https:\/\/mundosemfim.com\/?p=5217","url_meta":{"origin":3908,"position":4},"title":"Roteiros pelo Peru e Bol\u00edvia \u2013 sugest\u00f5es para curtir ao m\u00e1ximo a terra dos Incas!","author":"Renan","date":"fevereiro 13, 2017","format":false,"excerpt":"Quer ver as ru\u00ednas mais impressionantes, conhecer muita hist\u00f3ria e de quebra passar por paisagens fant\u00e1sticas? Preparamos alguns roteiros bacanas para voc\u00eas! Muita gente tem vontade de conhecer o Peru e a Bol\u00edvia, mas tem dificuldades em montar um roteiro incluindo os destinos mais legais sem gastar muito dinheiro com\u2026","rel":"","context":"Em &quot;am\u00e9rica latina&quot;","block_context":{"text":"am\u00e9rica latina","link":"https:\/\/mundosemfim.com\/?cat=7"},"img":{"alt_text":"Roteiro Peru - Bol\u00edvia","src":"https:\/\/i0.wp.com\/mundosemfim.com\/wp-content\/uploads\/2017\/02\/roteiro-2.png?fit=729%2C425&ssl=1&resize=350%2C200","width":350,"height":200,"srcset":"https:\/\/i0.wp.com\/mundosemfim.com\/wp-content\/uploads\/2017\/02\/roteiro-2.png?fit=729%2C425&ssl=1&resize=350%2C200 1x, https:\/\/i0.wp.com\/mundosemfim.com\/wp-content\/uploads\/2017\/02\/roteiro-2.png?fit=729%2C425&ssl=1&resize=525%2C300 1.5x, https:\/\/i0.wp.com\/mundosemfim.com\/wp-content\/uploads\/2017\/02\/roteiro-2.png?fit=729%2C425&ssl=1&resize=700%2C400 2x"},"classes":[]},{"id":5473,"url":"https:\/\/mundosemfim.com\/?p=5473","url_meta":{"origin":3908,"position":5},"title":"16 destinos espetaculares e pouco conhecidos na Am\u00e9rica do Sul","author":"Renan","date":"mar\u00e7o 3, 2017","format":false,"excerpt":"J\u00e1 que vamos deixando nosso continente para tr\u00e1s, compartilhamos aqui alguns lugares que nem imagin\u00e1vamos que existiam, e que nos deixaram de queixo ca\u00eddo. Nas suas pr\u00f3ximas f\u00e9rias, n\u00e3o deixe de inclu\u00ed-los em seu roteiro! 1. Fitz Roy (Argentina) Ok, o cerro Fitz Roy, perto da cidade de El Chalt\u00e9n\u2026","rel":"","context":"Em &quot;Am\u00e9rica do Sul&quot;","block_context":{"text":"Am\u00e9rica do Sul","link":"https:\/\/mundosemfim.com\/?cat=6"},"img":{"alt_text":"","src":"https:\/\/i0.wp.com\/mundosemfim.com\/wp-content\/uploads\/2016\/07\/DSC_0041.jpg?fit=1020%2C680&ssl=1&resize=350%2C200","width":350,"height":200,"srcset":"https:\/\/i0.wp.com\/mundosemfim.com\/wp-content\/uploads\/2016\/07\/DSC_0041.jpg?fit=1020%2C680&ssl=1&resize=350%2C200 1x, https:\/\/i0.wp.com\/mundosemfim.com\/wp-content\/uploads\/2016\/07\/DSC_0041.jpg?fit=1020%2C680&ssl=1&resize=525%2C300 1.5x, https:\/\/i0.wp.com\/mundosemfim.com\/wp-content\/uploads\/2016\/07\/DSC_0041.jpg?fit=1020%2C680&ssl=1&resize=700%2C400 2x"},"classes":[]}],"_links":{"self":[{"href":"https:\/\/mundosemfim.com\/index.php?rest_route=\/wp\/v2\/posts\/3908","targetHints":{"allow":["GET"]}}],"collection":[{"href":"https:\/\/mundosemfim.com\/index.php?rest_route=\/wp\/v2\/posts"}],"about":[{"href":"https:\/\/mundosemfim.com\/index.php?rest_route=\/wp\/v2\/types\/post"}],"author":[{"embeddable":true,"href":"https:\/\/mundosemfim.com\/index.php?rest_route=\/wp\/v2\/users\/1"}],"replies":[{"embeddable":true,"href":"https:\/\/mundosemfim.com\/index.php?rest_route=%2Fwp%2Fv2%2Fcomments&post=3908"}],"version-history":[{"count":8,"href":"https:\/\/mundosemfim.com\/index.php?rest_route=\/wp\/v2\/posts\/3908\/revisions"}],"predecessor-version":[{"id":9446,"href":"https:\/\/mundosemfim.com\/index.php?rest_route=\/wp\/v2\/posts\/3908\/revisions\/9446"}],"wp:featuredmedia":[{"embeddable":true,"href":"https:\/\/mundosemfim.com\/index.php?rest_route=\/wp\/v2\/media\/3917"}],"wp:attachment":[{"href":"https:\/\/mundosemfim.com\/index.php?rest_route=%2Fwp%2Fv2%2Fmedia&parent=3908"}],"wp:term":[{"taxonomy":"category","embeddable":true,"href":"https:\/\/mundosemfim.com\/index.php?rest_route=%2Fwp%2Fv2%2Fcategories&post=3908"},{"taxonomy":"post_tag","embeddable":true,"href":"https:\/\/mundosemfim.com\/index.php?rest_route=%2Fwp%2Fv2%2Ftags&post=3908"}],"curies":[{"name":"wp","href":"https:\/\/api.w.org\/{rel}","templated":true}]}}