{"id":3885,"date":"2016-07-26T11:17:03","date_gmt":"2016-07-26T14:17:03","guid":{"rendered":"https:\/\/mundosemfim.com\/?p=3885"},"modified":"2017-09-23T02:36:39","modified_gmt":"2017-09-23T05:36:39","slug":"iquitos-uma-aventura-economica-pela-selva-amazonica","status":"publish","type":"post","link":"https:\/\/mundosemfim.com\/?p=3885","title":{"rendered":"Iquitos \u2013 uma aventura econ\u00f4mica pela selva amaz\u00f4nica"},"content":{"rendered":"<p>J\u00e1 hav\u00edamos nos aventurado pela selva na regi\u00e3o de <a href=\"https:\/\/mundosemfim.com\/nauta-um-tour-pela-selva-onde-nasce-o-rio-amazonas\/\">Nauta<\/a>. Agora, \u00e9 hora de descrever como foi nossa aventura na regi\u00e3o de Iquitos!<\/p>\n<p><!--more--><\/p>\n<p><b>Refer\u00eancia (julho\/2016)<br \/>\n<\/b>1 real = 1 sol peruano<br \/>\n1 d\u00f3lar = 3,30 soles<\/p>\n<figure id=\"attachment_3890\" aria-describedby=\"caption-attachment-3890\" style=\"width: 960px\" class=\"wp-caption aligncenter\"><img data-recalc-dims=\"1\" loading=\"lazy\" decoding=\"async\" data-attachment-id=\"3890\" data-permalink=\"https:\/\/mundosemfim.com\/?attachment_id=3890\" data-orig-file=\"https:\/\/i0.wp.com\/mundosemfim.com\/wp-content\/uploads\/2016\/07\/DSC_0571.jpg?fit=960%2C640&amp;ssl=1\" data-orig-size=\"960,640\" data-comments-opened=\"1\" data-image-meta=\"{&quot;aperture&quot;:&quot;5&quot;,&quot;credit&quot;:&quot;&quot;,&quot;camera&quot;:&quot;NIKON D5200&quot;,&quot;caption&quot;:&quot;&quot;,&quot;created_timestamp&quot;:&quot;1469015085&quot;,&quot;copyright&quot;:&quot;&quot;,&quot;focal_length&quot;:&quot;18&quot;,&quot;iso&quot;:&quot;125&quot;,&quot;shutter_speed&quot;:&quot;0.0125&quot;,&quot;title&quot;:&quot;&quot;,&quot;orientation&quot;:&quot;1&quot;}\" data-image-title=\"Amaz\u00f4nia\" data-image-description=\"\" data-image-caption=\"&lt;p&gt;Bicho-pregui\u00e7a da selva amaz\u00f4nica&lt;\/p&gt;\n\" data-large-file=\"https:\/\/i0.wp.com\/mundosemfim.com\/wp-content\/uploads\/2016\/07\/DSC_0571.jpg?fit=764%2C509&amp;ssl=1\" class=\"size-full wp-image-3890\" src=\"https:\/\/i0.wp.com\/mundosemfim.com\/wp-content\/uploads\/2016\/07\/DSC_0571.jpg?resize=764%2C509&#038;ssl=1\" alt=\"Bicho-pregui\u00e7a da selva amaz\u00f4nica\" width=\"764\" height=\"509\" srcset=\"https:\/\/i0.wp.com\/mundosemfim.com\/wp-content\/uploads\/2016\/07\/DSC_0571.jpg?w=960&amp;ssl=1 960w, https:\/\/i0.wp.com\/mundosemfim.com\/wp-content\/uploads\/2016\/07\/DSC_0571.jpg?resize=300%2C200&amp;ssl=1 300w, https:\/\/i0.wp.com\/mundosemfim.com\/wp-content\/uploads\/2016\/07\/DSC_0571.jpg?resize=768%2C512&amp;ssl=1 768w\" sizes=\"auto, (max-width: 764px) 100vw, 764px\" \/><figcaption id=\"caption-attachment-3890\" class=\"wp-caption-text\">Bicho-pregui\u00e7a da selva amaz\u00f4nica<\/figcaption><\/figure>\n<p>Descendo o rio Amazonas a partir de <a href=\"https:\/\/mundosemfim.com\/conhecendo-iquitos-o-coracao-da-selva-amazonica-peruana\/\">Iquitos<\/a> h\u00e1 uma infinidade de coisas interessantes para se ver: golfinhos, comunidades nativas, projetos para cuidar de animais e, sobretudo, muita selva! Fizemos um passeio de tr\u00eas dias por esta regi\u00e3o, e foi uma experi\u00eancia \u00fanica. Por sorte, encontramos uma das poucas (se n\u00e3o a \u00fanica) ag\u00eancia de <a href=\"https:\/\/mundosemfim.com\/conhecendo-iquitos-o-coracao-da-selva-amazonica-peruana\/\">Iquitos <\/a>voltada para mochileiros, o que nos permitiu viver tudo isso. Enfim, eis que \u00e9 poss\u00edvel conhecer a Amaz\u00f4nia sem gastar muito dinheiro!<\/p>\n<figure id=\"attachment_3905\" aria-describedby=\"caption-attachment-3905\" style=\"width: 960px\" class=\"wp-caption aligncenter\"><img data-recalc-dims=\"1\" loading=\"lazy\" decoding=\"async\" data-attachment-id=\"3905\" data-permalink=\"https:\/\/mundosemfim.com\/?attachment_id=3905\" data-orig-file=\"https:\/\/i0.wp.com\/mundosemfim.com\/wp-content\/uploads\/2016\/07\/DSC_0568.jpg?fit=960%2C640&amp;ssl=1\" data-orig-size=\"960,640\" data-comments-opened=\"1\" data-image-meta=\"{&quot;aperture&quot;:&quot;7.1&quot;,&quot;credit&quot;:&quot;&quot;,&quot;camera&quot;:&quot;NIKON D5200&quot;,&quot;caption&quot;:&quot;&quot;,&quot;created_timestamp&quot;:&quot;1469014934&quot;,&quot;copyright&quot;:&quot;&quot;,&quot;focal_length&quot;:&quot;48&quot;,&quot;iso&quot;:&quot;200&quot;,&quot;shutter_speed&quot;:&quot;0.0125&quot;,&quot;title&quot;:&quot;&quot;,&quot;orientation&quot;:&quot;1&quot;}\" data-image-title=\"Amaz\u00f4nia\" data-image-description=\"\" data-image-caption=\"&lt;p&gt;Um dos d\u00f3ceis aninais que se encontra na selva&lt;\/p&gt;\n\" data-large-file=\"https:\/\/i0.wp.com\/mundosemfim.com\/wp-content\/uploads\/2016\/07\/DSC_0568.jpg?fit=764%2C509&amp;ssl=1\" class=\"size-full wp-image-3905\" src=\"https:\/\/i0.wp.com\/mundosemfim.com\/wp-content\/uploads\/2016\/07\/DSC_0568.jpg?resize=764%2C509&#038;ssl=1\" alt=\"Um dos d\u00f3ceis aninais que se encontra na selva\" width=\"764\" height=\"509\" srcset=\"https:\/\/i0.wp.com\/mundosemfim.com\/wp-content\/uploads\/2016\/07\/DSC_0568.jpg?w=960&amp;ssl=1 960w, https:\/\/i0.wp.com\/mundosemfim.com\/wp-content\/uploads\/2016\/07\/DSC_0568.jpg?resize=300%2C200&amp;ssl=1 300w, https:\/\/i0.wp.com\/mundosemfim.com\/wp-content\/uploads\/2016\/07\/DSC_0568.jpg?resize=768%2C512&amp;ssl=1 768w\" sizes=\"auto, (max-width: 764px) 100vw, 764px\" \/><figcaption id=\"caption-attachment-3905\" class=\"wp-caption-text\">Um dos d\u00f3ceis aninais que se encontra na selva<\/figcaption><\/figure>\n<h3><b>Quem leva?<\/b><\/h3>\n<p>Praticamente todas as ag\u00eancias de viagem de Iquitos levam a um lodge na selva, e os pre\u00e7os giram em torno de 200 euros por noite.<\/p>\n<p>A ag\u00eancia mais barata que encontramos (e possivelmente a \u00fanica voltada para mochileiros) foi a <a href=\"https:\/\/www.facebook.com\/selvaventura.jungletrips\/\"><strong>Selva Aventura<\/strong><\/a> (<a href=\"https:\/\/www.facebook.com\/selvaventura.jungletrips\">https:\/\/www.facebook.com\/selvaventura.jungletrips<\/a>), cobrando 65 d\u00f3lares por noite para um pacote de 4 dias (estudantes t\u00eam desconto), com tudo inclu\u00eddo (menos a <a href=\"https:\/\/mundosemfim.com\/ayahuasca-minha-experiencia-tomando-o-santo-daime\/\">ayahuasca<\/a>, caso queira experimentar). Seu dono \u00e9 uma excelente pessoa que, ironicamente, se chama Hitler. Se quiser entrar em contato com ele, seu telefone (e whatsapp) \u00e9: +51 993 613112<\/p>\n<p>Mais detalhes de valores e do passeio no site da ag\u00eancia.<\/p>\n<figure id=\"attachment_3891\" aria-describedby=\"caption-attachment-3891\" style=\"width: 960px\" class=\"wp-caption aligncenter\"><img data-recalc-dims=\"1\" loading=\"lazy\" decoding=\"async\" data-attachment-id=\"3891\" data-permalink=\"https:\/\/mundosemfim.com\/?attachment_id=3891\" data-orig-file=\"https:\/\/i0.wp.com\/mundosemfim.com\/wp-content\/uploads\/2016\/07\/DSC_0386.jpg?fit=960%2C640&amp;ssl=1\" data-orig-size=\"960,640\" data-comments-opened=\"1\" data-image-meta=\"{&quot;aperture&quot;:&quot;13&quot;,&quot;credit&quot;:&quot;&quot;,&quot;camera&quot;:&quot;NIKON D5200&quot;,&quot;caption&quot;:&quot;&quot;,&quot;created_timestamp&quot;:&quot;1468924499&quot;,&quot;copyright&quot;:&quot;&quot;,&quot;focal_length&quot;:&quot;55&quot;,&quot;iso&quot;:&quot;125&quot;,&quot;shutter_speed&quot;:&quot;0.0125&quot;,&quot;title&quot;:&quot;&quot;,&quot;orientation&quot;:&quot;1&quot;}\" data-image-title=\"Amaz\u00f4nia\" data-image-description=\"\" data-image-caption=\"&lt;p&gt;Seguindo de barco pelos rios da Selva Amaz\u00f4nica&lt;\/p&gt;\n\" data-large-file=\"https:\/\/i0.wp.com\/mundosemfim.com\/wp-content\/uploads\/2016\/07\/DSC_0386.jpg?fit=764%2C509&amp;ssl=1\" class=\"size-full wp-image-3891\" src=\"https:\/\/i0.wp.com\/mundosemfim.com\/wp-content\/uploads\/2016\/07\/DSC_0386.jpg?resize=764%2C509&#038;ssl=1\" alt=\"Seguindo de barco pelos rios da Selva Amaz\u00f4nica\" width=\"764\" height=\"509\" srcset=\"https:\/\/i0.wp.com\/mundosemfim.com\/wp-content\/uploads\/2016\/07\/DSC_0386.jpg?w=960&amp;ssl=1 960w, https:\/\/i0.wp.com\/mundosemfim.com\/wp-content\/uploads\/2016\/07\/DSC_0386.jpg?resize=300%2C200&amp;ssl=1 300w, https:\/\/i0.wp.com\/mundosemfim.com\/wp-content\/uploads\/2016\/07\/DSC_0386.jpg?resize=768%2C512&amp;ssl=1 768w\" sizes=\"auto, (max-width: 764px) 100vw, 764px\" \/><figcaption id=\"caption-attachment-3891\" class=\"wp-caption-text\">Seguindo de barco pelos rios da Selva Amaz\u00f4nica<\/figcaption><\/figure>\n<h3><b>O tour<\/b><\/h3>\n<p>N\u00f3s fomos com a <a href=\"https:\/\/www.facebook.com\/selvaventura.jungletrips\/\">Selva Aventura<\/a>, que possui um lodge na selva, a cerca de 1h de <a href=\"https:\/\/mundosemfim.com\/conhecendo-iquitos-o-coracao-da-selva-amazonica-peruana\/\">Iquitos<\/a> de barco em lancha r\u00e1pida. Nosso guia foi o Glen, um rapaz da regi\u00e3o com muito conhecimento de selva.<\/p>\n<h4><i>1\u00b0 dia<\/i><\/h4>\n<p>Partimos da ag\u00eancia da Selva Aventura de moto-t\u00e1xi \u00e0s 9h at\u00e9 o porto tur\u00edstico de <a href=\"https:\/\/mundosemfim.com\/conhecendo-iquitos-o-coracao-da-selva-amazonica-peruana\/\">Iquitos<\/a>. De l\u00e1, pegamos uma lancha r\u00e1pida seguindo o rio Amazonas at\u00e9 um pequeno povoado, a 45 minutos de Iquitos, onde descemos e pegamos um barco da ag\u00eancia. Dali at\u00e9 o lodge foram cerca de 20 minutos por um dos afluentes do Amazonas.<\/p>\n<figure id=\"attachment_3892\" aria-describedby=\"caption-attachment-3892\" style=\"width: 960px\" class=\"wp-caption aligncenter\"><img data-recalc-dims=\"1\" loading=\"lazy\" decoding=\"async\" data-attachment-id=\"3892\" data-permalink=\"https:\/\/mundosemfim.com\/?attachment_id=3892\" data-orig-file=\"https:\/\/i0.wp.com\/mundosemfim.com\/wp-content\/uploads\/2016\/07\/DSC_0289.jpg?fit=960%2C640&amp;ssl=1\" data-orig-size=\"960,640\" data-comments-opened=\"1\" data-image-meta=\"{&quot;aperture&quot;:&quot;16&quot;,&quot;credit&quot;:&quot;&quot;,&quot;camera&quot;:&quot;NIKON D5200&quot;,&quot;caption&quot;:&quot;&quot;,&quot;created_timestamp&quot;:&quot;1468843392&quot;,&quot;copyright&quot;:&quot;&quot;,&quot;focal_length&quot;:&quot;18&quot;,&quot;iso&quot;:&quot;125&quot;,&quot;shutter_speed&quot;:&quot;0.02&quot;,&quot;title&quot;:&quot;&quot;,&quot;orientation&quot;:&quot;1&quot;}\" data-image-title=\"Amaz\u00f4nia\" data-image-description=\"\" data-image-caption=\"&lt;p&gt;Relaxando no lodge da Selva Aventura&lt;\/p&gt;\n\" data-large-file=\"https:\/\/i0.wp.com\/mundosemfim.com\/wp-content\/uploads\/2016\/07\/DSC_0289.jpg?fit=764%2C509&amp;ssl=1\" class=\"size-full wp-image-3892\" src=\"https:\/\/i0.wp.com\/mundosemfim.com\/wp-content\/uploads\/2016\/07\/DSC_0289.jpg?resize=764%2C509&#038;ssl=1\" alt=\"Relaxando no lodge da Selva Aventura\" width=\"764\" height=\"509\" srcset=\"https:\/\/i0.wp.com\/mundosemfim.com\/wp-content\/uploads\/2016\/07\/DSC_0289.jpg?w=960&amp;ssl=1 960w, https:\/\/i0.wp.com\/mundosemfim.com\/wp-content\/uploads\/2016\/07\/DSC_0289.jpg?resize=300%2C200&amp;ssl=1 300w, https:\/\/i0.wp.com\/mundosemfim.com\/wp-content\/uploads\/2016\/07\/DSC_0289.jpg?resize=768%2C512&amp;ssl=1 768w\" sizes=\"auto, (max-width: 764px) 100vw, 764px\" \/><figcaption id=\"caption-attachment-3892\" class=\"wp-caption-text\">Relaxando no lodge da Selva Aventura<\/figcaption><\/figure>\n<figure id=\"attachment_3906\" aria-describedby=\"caption-attachment-3906\" style=\"width: 960px\" class=\"wp-caption aligncenter\"><img data-recalc-dims=\"1\" loading=\"lazy\" decoding=\"async\" data-attachment-id=\"3906\" data-permalink=\"https:\/\/mundosemfim.com\/?attachment_id=3906\" data-orig-file=\"https:\/\/i0.wp.com\/mundosemfim.com\/wp-content\/uploads\/2016\/07\/DSC_0626.jpg?fit=960%2C640&amp;ssl=1\" data-orig-size=\"960,640\" data-comments-opened=\"1\" data-image-meta=\"{&quot;aperture&quot;:&quot;7.1&quot;,&quot;credit&quot;:&quot;&quot;,&quot;camera&quot;:&quot;NIKON D5200&quot;,&quot;caption&quot;:&quot;&quot;,&quot;created_timestamp&quot;:&quot;1469021960&quot;,&quot;copyright&quot;:&quot;&quot;,&quot;focal_length&quot;:&quot;18&quot;,&quot;iso&quot;:&quot;800&quot;,&quot;shutter_speed&quot;:&quot;0.033333333333333&quot;,&quot;title&quot;:&quot;&quot;,&quot;orientation&quot;:&quot;1&quot;}\" data-image-title=\"Amaz\u00f4nia\" data-image-description=\"\" data-image-caption=\"&lt;p&gt;Que tal um hostel na selva?&lt;\/p&gt;\n\" data-large-file=\"https:\/\/i0.wp.com\/mundosemfim.com\/wp-content\/uploads\/2016\/07\/DSC_0626.jpg?fit=764%2C509&amp;ssl=1\" class=\"size-full wp-image-3906\" src=\"https:\/\/i0.wp.com\/mundosemfim.com\/wp-content\/uploads\/2016\/07\/DSC_0626.jpg?resize=764%2C509&#038;ssl=1\" alt=\"Que tal um hostel na selva?\" width=\"764\" height=\"509\" srcset=\"https:\/\/i0.wp.com\/mundosemfim.com\/wp-content\/uploads\/2016\/07\/DSC_0626.jpg?w=960&amp;ssl=1 960w, https:\/\/i0.wp.com\/mundosemfim.com\/wp-content\/uploads\/2016\/07\/DSC_0626.jpg?resize=300%2C200&amp;ssl=1 300w, https:\/\/i0.wp.com\/mundosemfim.com\/wp-content\/uploads\/2016\/07\/DSC_0626.jpg?resize=768%2C512&amp;ssl=1 768w\" sizes=\"auto, (max-width: 764px) 100vw, 764px\" \/><figcaption id=\"caption-attachment-3906\" class=\"wp-caption-text\">Que tal um hostel na selva?<\/figcaption><\/figure>\n<p>O lodge era bem r\u00fastico, com dois quartos compartilhados (estilo hostel, mas com mosquiteira em cada cama). Ficamos em um quarto com um argentino e duas su\u00ed\u00e7as.<\/p>\n<p>Relaxamos na rede at\u00e9 o almo\u00e7o ser servido \u2013 peixe, arroz e salada.<\/p>\n<p>Pela tarde, seguimos de lancha at\u00e9 o Amazonas, onde mergulhamos com golfinhos (na verdade s\u00f3 eu me animei de mergulhar; o resto do pessoal ficou olhando do barco mesmo). Estava chovendo bastante, mas o calor era forte, e pular na \u00e1gua foi \u00f3timo!<\/p>\n<figure id=\"attachment_3893\" aria-describedby=\"caption-attachment-3893\" style=\"width: 901px\" class=\"wp-caption aligncenter\"><img data-recalc-dims=\"1\" loading=\"lazy\" decoding=\"async\" data-attachment-id=\"3893\" data-permalink=\"https:\/\/mundosemfim.com\/?attachment_id=3893\" data-orig-file=\"https:\/\/i0.wp.com\/mundosemfim.com\/wp-content\/uploads\/2016\/07\/P7180153.jpg?fit=901%2C601&amp;ssl=1\" data-orig-size=\"901,601\" data-comments-opened=\"1\" data-image-meta=\"{&quot;aperture&quot;:&quot;11&quot;,&quot;credit&quot;:&quot;&quot;,&quot;camera&quot;:&quot;TG-630&quot;,&quot;caption&quot;:&quot;OLYMPUS DIGITAL CAMERA&quot;,&quot;created_timestamp&quot;:&quot;1468857827&quot;,&quot;copyright&quot;:&quot;&quot;,&quot;focal_length&quot;:&quot;5&quot;,&quot;iso&quot;:&quot;100&quot;,&quot;shutter_speed&quot;:&quot;0.00625&quot;,&quot;title&quot;:&quot;OLYMPUS DIGITAL CAMERA&quot;,&quot;orientation&quot;:&quot;1&quot;}\" data-image-title=\"Amaz\u00f4nia\" data-image-description=\"\" data-image-caption=\"&lt;p&gt;Mergulhando com golfinhos no rio Amazonas. Infelizmente eles n\u00e3o se aproximaram, mas j\u00e1 valeu pelo visual!&lt;\/p&gt;\n\" data-large-file=\"https:\/\/i0.wp.com\/mundosemfim.com\/wp-content\/uploads\/2016\/07\/P7180153.jpg?fit=764%2C510&amp;ssl=1\" class=\"size-full wp-image-3893\" src=\"https:\/\/i0.wp.com\/mundosemfim.com\/wp-content\/uploads\/2016\/07\/P7180153.jpg?resize=764%2C510&#038;ssl=1\" alt=\"Mergulhando com golfinhos no rio Amazonas. Infelizmente eles n\u00e3o se aproximaram, mas j\u00e1 valeu pelo visual!\" width=\"764\" height=\"510\" srcset=\"https:\/\/i0.wp.com\/mundosemfim.com\/wp-content\/uploads\/2016\/07\/P7180153.jpg?w=901&amp;ssl=1 901w, https:\/\/i0.wp.com\/mundosemfim.com\/wp-content\/uploads\/2016\/07\/P7180153.jpg?resize=300%2C200&amp;ssl=1 300w, https:\/\/i0.wp.com\/mundosemfim.com\/wp-content\/uploads\/2016\/07\/P7180153.jpg?resize=768%2C512&amp;ssl=1 768w\" sizes=\"auto, (max-width: 764px) 100vw, 764px\" \/><figcaption id=\"caption-attachment-3893\" class=\"wp-caption-text\">Mergulhando com golfinhos no rio Amazonas. Infelizmente eles n\u00e3o se aproximaram, mas j\u00e1 valeu pelo visual!<\/figcaption><\/figure>\n<p>Voltamos para o lodge no fim da tarde para jantar. Ir\u00edamos fazer uma caminhada noturna, mas por conta da chuva acabamos adiando para o dia seguinte. Glen (nosso guia) comentou que, pela noite, o xam\u00e3 do povoado faria o ritual da Ayahuasca (o Santo Daime), e perguntou se gostar\u00edamos de participar. Custava 100 soles, e acabei topando. Aqui descrevo como foi minha experi\u00eancia:<\/p>\n<p><a href=\"https:\/\/mundosemfim.com\/ayahuasca-minha-experiencia-tomando-o-santo-daime\/\">Minha experi\u00eancia com o Santo Daime<\/a><\/p>\n<h4><i>2\u00b0 dia \u2013 manh\u00e3 (selva)<\/i><\/h4>\n<p>Acordamos \u00e0s 7h, tomamos um banho gelado (isso foi suficiente para me recuperar da Ayahuasca) e fomos para o caf\u00e9-da-manh\u00e3.<\/p>\n<p>\u00c0s 9h seguimos de lancha rio adentro por quase 2h para fazer uma caminhada pela selva. \u00c9ramos n\u00f3s dois, o argentino e as duas su\u00ed\u00e7as, e dois guias (Glen e Juan) nos acompanhavam.<\/p>\n<figure id=\"attachment_3895\" aria-describedby=\"caption-attachment-3895\" style=\"width: 960px\" class=\"wp-caption aligncenter\"><img data-recalc-dims=\"1\" loading=\"lazy\" decoding=\"async\" data-attachment-id=\"3895\" data-permalink=\"https:\/\/mundosemfim.com\/?attachment_id=3895\" data-orig-file=\"https:\/\/i0.wp.com\/mundosemfim.com\/wp-content\/uploads\/2016\/07\/DSC_0414.jpg?fit=960%2C640&amp;ssl=1\" data-orig-size=\"960,640\" data-comments-opened=\"1\" data-image-meta=\"{&quot;aperture&quot;:&quot;7.1&quot;,&quot;credit&quot;:&quot;&quot;,&quot;camera&quot;:&quot;NIKON D5200&quot;,&quot;caption&quot;:&quot;&quot;,&quot;created_timestamp&quot;:&quot;1468928984&quot;,&quot;copyright&quot;:&quot;&quot;,&quot;focal_length&quot;:&quot;18&quot;,&quot;iso&quot;:&quot;640&quot;,&quot;shutter_speed&quot;:&quot;0.01&quot;,&quot;title&quot;:&quot;&quot;,&quot;orientation&quot;:&quot;1&quot;}\" data-image-title=\"Amaz\u00f4nia\" data-image-description=\"\" data-image-caption=\"&lt;p&gt;Caminhada pela selva&lt;\/p&gt;\n\" data-large-file=\"https:\/\/i0.wp.com\/mundosemfim.com\/wp-content\/uploads\/2016\/07\/DSC_0414.jpg?fit=764%2C509&amp;ssl=1\" class=\"size-full wp-image-3895\" src=\"https:\/\/i0.wp.com\/mundosemfim.com\/wp-content\/uploads\/2016\/07\/DSC_0414.jpg?resize=764%2C509&#038;ssl=1\" alt=\"Caminhada pela selva\" width=\"764\" height=\"509\" srcset=\"https:\/\/i0.wp.com\/mundosemfim.com\/wp-content\/uploads\/2016\/07\/DSC_0414.jpg?w=960&amp;ssl=1 960w, https:\/\/i0.wp.com\/mundosemfim.com\/wp-content\/uploads\/2016\/07\/DSC_0414.jpg?resize=300%2C200&amp;ssl=1 300w, https:\/\/i0.wp.com\/mundosemfim.com\/wp-content\/uploads\/2016\/07\/DSC_0414.jpg?resize=768%2C512&amp;ssl=1 768w\" sizes=\"auto, (max-width: 764px) 100vw, 764px\" \/><figcaption id=\"caption-attachment-3895\" class=\"wp-caption-text\">Caminhada pela selva<\/figcaption><\/figure>\n<p>Chegando ao destino, paramos o barco, colocamos nossas galochas e seguimos. A caminhada pela selva \u00e9 impressionante, e um bom guia \u00e9 fundamental. Depois de dar uns 20 passos j\u00e1 n\u00e3o t\u00ednhamos ideia de como voltar para o rio.<\/p>\n<p>Neste passeio aprendemos muito. Est\u00e1vamos sem repelente (quando chegamos l\u00e1 descobrimos que o nosso estava vencido, e j\u00e1 n\u00e3o fazia efeito nenhum), e Glen nos ensinou a usar um natural: dever\u00edamos meter a m\u00e3o em um cupinzeiro e esfregar os cupins na pele. N\u00e3o sei dizer se d\u00e1 certo com qualquer cupim ou se \u00e9 s\u00f3 com aquele espec\u00edfico, mas o fato \u00e9 que resolveu nosso problema.<\/p>\n<figure id=\"attachment_3896\" aria-describedby=\"caption-attachment-3896\" style=\"width: 960px\" class=\"wp-caption aligncenter\"><img data-recalc-dims=\"1\" loading=\"lazy\" decoding=\"async\" data-attachment-id=\"3896\" data-permalink=\"https:\/\/mundosemfim.com\/?attachment_id=3896\" data-orig-file=\"https:\/\/i0.wp.com\/mundosemfim.com\/wp-content\/uploads\/2016\/07\/DSC_0403.jpg?fit=960%2C640&amp;ssl=1\" data-orig-size=\"960,640\" data-comments-opened=\"1\" data-image-meta=\"{&quot;aperture&quot;:&quot;7.1&quot;,&quot;credit&quot;:&quot;&quot;,&quot;camera&quot;:&quot;NIKON D5200&quot;,&quot;caption&quot;:&quot;&quot;,&quot;created_timestamp&quot;:&quot;1468928610&quot;,&quot;copyright&quot;:&quot;&quot;,&quot;focal_length&quot;:&quot;18&quot;,&quot;iso&quot;:&quot;640&quot;,&quot;shutter_speed&quot;:&quot;0.025&quot;,&quot;title&quot;:&quot;&quot;,&quot;orientation&quot;:&quot;1&quot;}\" data-image-title=\"Amaz\u00f4nia\" data-image-description=\"\" data-image-caption=\"&lt;p&gt;Cupim &amp;#8211; um repelente de insetos natural&lt;\/p&gt;\n\" data-large-file=\"https:\/\/i0.wp.com\/mundosemfim.com\/wp-content\/uploads\/2016\/07\/DSC_0403.jpg?fit=764%2C509&amp;ssl=1\" class=\"size-full wp-image-3896\" src=\"https:\/\/i0.wp.com\/mundosemfim.com\/wp-content\/uploads\/2016\/07\/DSC_0403.jpg?resize=764%2C509&#038;ssl=1\" alt=\"Cupim - um repelente de insetos natural\" width=\"764\" height=\"509\" srcset=\"https:\/\/i0.wp.com\/mundosemfim.com\/wp-content\/uploads\/2016\/07\/DSC_0403.jpg?w=960&amp;ssl=1 960w, https:\/\/i0.wp.com\/mundosemfim.com\/wp-content\/uploads\/2016\/07\/DSC_0403.jpg?resize=300%2C200&amp;ssl=1 300w, https:\/\/i0.wp.com\/mundosemfim.com\/wp-content\/uploads\/2016\/07\/DSC_0403.jpg?resize=768%2C512&amp;ssl=1 768w\" sizes=\"auto, (max-width: 764px) 100vw, 764px\" \/><figcaption id=\"caption-attachment-3896\" class=\"wp-caption-text\">Cupim &#8211; um repelente de insetos natural<\/figcaption><\/figure>\n<p>Depois ainda nos ensinou a usar iodo natural (fica dentro da casca de uma \u00e1rvore espec\u00edfica) para curar as picadas que j\u00e1 t\u00ednhamos. Ainda tomamos \u00e1gua dos cip\u00f3s e vimos uma \u00e1rvore tremenda, de cerca de 700 anos.<\/p>\n<p>A caminhada durou cerca de 1h. Sentimos vontade de voltar e fazer algum tour de sobreviv\u00eancia de v\u00e1rios dias. Quem sabe no futuro&#8230;<\/p>\n<p>Voltamos para o lodge e almo\u00e7amos.<\/p>\n<figure id=\"attachment_3897\" aria-describedby=\"caption-attachment-3897\" style=\"width: 901px\" class=\"wp-caption aligncenter\"><img data-recalc-dims=\"1\" loading=\"lazy\" decoding=\"async\" data-attachment-id=\"3897\" data-permalink=\"https:\/\/mundosemfim.com\/?attachment_id=3897\" data-orig-file=\"https:\/\/i0.wp.com\/mundosemfim.com\/wp-content\/uploads\/2016\/07\/P7190232.jpg?fit=901%2C601&amp;ssl=1\" data-orig-size=\"901,601\" data-comments-opened=\"1\" data-image-meta=\"{&quot;aperture&quot;:&quot;3.9&quot;,&quot;credit&quot;:&quot;&quot;,&quot;camera&quot;:&quot;TG-630&quot;,&quot;caption&quot;:&quot;OLYMPUS DIGITAL CAMERA&quot;,&quot;created_timestamp&quot;:&quot;1468930995&quot;,&quot;copyright&quot;:&quot;&quot;,&quot;focal_length&quot;:&quot;5&quot;,&quot;iso&quot;:&quot;800&quot;,&quot;shutter_speed&quot;:&quot;0.008&quot;,&quot;title&quot;:&quot;OLYMPUS DIGITAL CAMERA&quot;,&quot;orientation&quot;:&quot;1&quot;}\" data-image-title=\"Amaz\u00f4nia\" data-image-description=\"\" data-image-caption=\"&lt;p&gt;\u00c1rvore gigante, de cerca de 700 anos, na selva amaz\u00f4nica&lt;\/p&gt;\n\" data-large-file=\"https:\/\/i0.wp.com\/mundosemfim.com\/wp-content\/uploads\/2016\/07\/P7190232.jpg?fit=764%2C510&amp;ssl=1\" class=\"size-full wp-image-3897\" src=\"https:\/\/i0.wp.com\/mundosemfim.com\/wp-content\/uploads\/2016\/07\/P7190232.jpg?resize=764%2C510&#038;ssl=1\" alt=\"\u00c1rvore gigante, de cerca de 700 anos, na selva amaz\u00f4nica\" width=\"764\" height=\"510\" srcset=\"https:\/\/i0.wp.com\/mundosemfim.com\/wp-content\/uploads\/2016\/07\/P7190232.jpg?w=901&amp;ssl=1 901w, https:\/\/i0.wp.com\/mundosemfim.com\/wp-content\/uploads\/2016\/07\/P7190232.jpg?resize=300%2C200&amp;ssl=1 300w, https:\/\/i0.wp.com\/mundosemfim.com\/wp-content\/uploads\/2016\/07\/P7190232.jpg?resize=768%2C512&amp;ssl=1 768w\" sizes=\"auto, (max-width: 764px) 100vw, 764px\" \/><figcaption id=\"caption-attachment-3897\" class=\"wp-caption-text\">\u00c1rvore gigante, de cerca de 700 anos, na selva amaz\u00f4nica<\/figcaption><\/figure>\n<h4><i>2\u00b0 dia \u2013 tarde (<a href=\"https:\/\/mundosemfim.com\/viajando-por-iquitos-conheca-a-isla-de-los-monos-ilha-dos-macacos\/\">Isla de los Monos<\/a>)<\/i><\/h4>\n<p>Depois do almo\u00e7o seguimos de lancha at\u00e9 a <a href=\"https:\/\/mundosemfim.com\/viajando-por-iquitos-conheca-a-isla-de-los-monos-ilha-dos-macacos\/\">Isla de los Monos <\/a>(Ilha dos Macacos), um projeto que busca ajudar na preserva\u00e7\u00e3o de v\u00e1rias esp\u00e9cies de macacos da regi\u00e3o. Na ilha \u00e9 poss\u00edvel ver v\u00e1rios deles andando soltos, assim como um ou outro animal, como o bicho-pregui\u00e7a.<\/p>\n<p>A entrada para a ilha j\u00e1 estava inclu\u00edda no passeio.<\/p>\n<p>Leia mais sobre a Isla de los Monos aqui:<\/p>\n<p><a href=\"https:\/\/mundosemfim.com\/viajando-por-iquitos-conheca-a-isla-de-los-monos-ilha-dos-macacos\/\">Conhecendo Isla de los Monos<\/a><\/p>\n<p>Passamos cerca de 3 horas a\u00ed, que passaram voando. No fim da tarde, pegamos a lancha de volta ao lodge para jantar.<\/p>\n<figure id=\"attachment_3898\" aria-describedby=\"caption-attachment-3898\" style=\"width: 901px\" class=\"wp-caption aligncenter\"><img data-recalc-dims=\"1\" loading=\"lazy\" decoding=\"async\" data-attachment-id=\"3898\" data-permalink=\"https:\/\/mundosemfim.com\/?attachment_id=3898\" data-orig-file=\"https:\/\/i0.wp.com\/mundosemfim.com\/wp-content\/uploads\/2016\/07\/P7190256.jpg?fit=901%2C601&amp;ssl=1\" data-orig-size=\"901,601\" data-comments-opened=\"1\" data-image-meta=\"{&quot;aperture&quot;:&quot;4.7&quot;,&quot;credit&quot;:&quot;&quot;,&quot;camera&quot;:&quot;TG-630&quot;,&quot;caption&quot;:&quot;OLYMPUS DIGITAL CAMERA&quot;,&quot;created_timestamp&quot;:&quot;1468946067&quot;,&quot;copyright&quot;:&quot;&quot;,&quot;focal_length&quot;:&quot;7.28&quot;,&quot;iso&quot;:&quot;320&quot;,&quot;shutter_speed&quot;:&quot;0.025&quot;,&quot;title&quot;:&quot;OLYMPUS DIGITAL CAMERA&quot;,&quot;orientation&quot;:&quot;1&quot;}\" data-image-title=\"Amaz\u00f4nia\" data-image-description=\"\" data-image-caption=\"&lt;p&gt;Com um macaquinho na Isla de los Monos&lt;\/p&gt;\n\" data-large-file=\"https:\/\/i0.wp.com\/mundosemfim.com\/wp-content\/uploads\/2016\/07\/P7190256.jpg?fit=764%2C510&amp;ssl=1\" class=\"size-full wp-image-3898\" src=\"https:\/\/i0.wp.com\/mundosemfim.com\/wp-content\/uploads\/2016\/07\/P7190256.jpg?resize=764%2C510&#038;ssl=1\" alt=\"Com um macaquinho na Isla de los Monos\" width=\"764\" height=\"510\" srcset=\"https:\/\/i0.wp.com\/mundosemfim.com\/wp-content\/uploads\/2016\/07\/P7190256.jpg?w=901&amp;ssl=1 901w, https:\/\/i0.wp.com\/mundosemfim.com\/wp-content\/uploads\/2016\/07\/P7190256.jpg?resize=300%2C200&amp;ssl=1 300w, https:\/\/i0.wp.com\/mundosemfim.com\/wp-content\/uploads\/2016\/07\/P7190256.jpg?resize=768%2C512&amp;ssl=1 768w\" sizes=\"auto, (max-width: 764px) 100vw, 764px\" \/><figcaption id=\"caption-attachment-3898\" class=\"wp-caption-text\">Com um macaquinho na Isla de los Monos<\/figcaption><\/figure>\n<h4><i>2\u00b0 dia \u2013 noite (caminhada pela selva)<\/i><\/h4>\n<p>Por volta das 21h Glen perguntou se quer\u00edamos ir fazer uma pequena caminhada noturna pela selva. N\u00f3s obviamente dissemos que sim, mas ningu\u00e9m mais se animou. Assim, l\u00e1 fomos n\u00f3s, em mais um passeio privado.<\/p>\n<p>Pegamos a lancha e seguimos at\u00e9 um pequeno povoado, de onde partia uma trilha f\u00e1cil.<\/p>\n<p>Ouvir os sons da selva pela noite foi bastante interessante. Glen nos ensinou como diferenciar o ru\u00eddo de p\u00e1ssaros, sapos, r\u00e3s, macacos e jacar\u00e9s. Vimos borboletas, v\u00e1rios sapos (inclusive um min\u00fasculo que nunca hav\u00edamos visto) e uma tar\u00e2ntula gigante. Glen garantiu que ela era inofensiva, assim tirei uma foto com ela.<\/p>\n<p>Este passeio foi curto, mas bem interessante. Voltamos para o lodge depois de uns 40 minutos, onde tomamos um banho e fomos dormir.<\/p>\n<figure id=\"attachment_3899\" aria-describedby=\"caption-attachment-3899\" style=\"width: 960px\" class=\"wp-caption aligncenter\"><img data-recalc-dims=\"1\" loading=\"lazy\" decoding=\"async\" data-attachment-id=\"3899\" data-permalink=\"https:\/\/mundosemfim.com\/?attachment_id=3899\" data-orig-file=\"https:\/\/i0.wp.com\/mundosemfim.com\/wp-content\/uploads\/2016\/07\/DSC_0536.jpg?fit=960%2C640&amp;ssl=1\" data-orig-size=\"960,640\" data-comments-opened=\"1\" data-image-meta=\"{&quot;aperture&quot;:&quot;10&quot;,&quot;credit&quot;:&quot;&quot;,&quot;camera&quot;:&quot;NIKON D5200&quot;,&quot;caption&quot;:&quot;&quot;,&quot;created_timestamp&quot;:&quot;1468959148&quot;,&quot;copyright&quot;:&quot;&quot;,&quot;focal_length&quot;:&quot;48&quot;,&quot;iso&quot;:&quot;100&quot;,&quot;shutter_speed&quot;:&quot;0.005&quot;,&quot;title&quot;:&quot;&quot;,&quot;orientation&quot;:&quot;1&quot;}\" data-image-title=\"Amaz\u00f4nia\" data-image-description=\"\" data-image-caption=\"&lt;p&gt;Com uma tar\u00e2ntula no bra\u00e7o&lt;\/p&gt;\n\" data-large-file=\"https:\/\/i0.wp.com\/mundosemfim.com\/wp-content\/uploads\/2016\/07\/DSC_0536.jpg?fit=764%2C509&amp;ssl=1\" class=\"size-full wp-image-3899\" src=\"https:\/\/i0.wp.com\/mundosemfim.com\/wp-content\/uploads\/2016\/07\/DSC_0536.jpg?resize=764%2C509&#038;ssl=1\" alt=\"Com uma tar\u00e2ntula no bra\u00e7o\" width=\"764\" height=\"509\" srcset=\"https:\/\/i0.wp.com\/mundosemfim.com\/wp-content\/uploads\/2016\/07\/DSC_0536.jpg?w=960&amp;ssl=1 960w, https:\/\/i0.wp.com\/mundosemfim.com\/wp-content\/uploads\/2016\/07\/DSC_0536.jpg?resize=300%2C200&amp;ssl=1 300w, https:\/\/i0.wp.com\/mundosemfim.com\/wp-content\/uploads\/2016\/07\/DSC_0536.jpg?resize=768%2C512&amp;ssl=1 768w\" sizes=\"auto, (max-width: 764px) 100vw, 764px\" \/><figcaption id=\"caption-attachment-3899\" class=\"wp-caption-text\">Com uma tar\u00e2ntula no bra\u00e7o<\/figcaption><\/figure>\n<figure id=\"attachment_3900\" aria-describedby=\"caption-attachment-3900\" style=\"width: 960px\" class=\"wp-caption aligncenter\"><img data-recalc-dims=\"1\" loading=\"lazy\" decoding=\"async\" data-attachment-id=\"3900\" data-permalink=\"https:\/\/mundosemfim.com\/?attachment_id=3900\" data-orig-file=\"https:\/\/i0.wp.com\/mundosemfim.com\/wp-content\/uploads\/2016\/07\/env-DSC_0531.jpg?fit=960%2C640&amp;ssl=1\" data-orig-size=\"960,640\" data-comments-opened=\"1\" data-image-meta=\"{&quot;aperture&quot;:&quot;10&quot;,&quot;credit&quot;:&quot;&quot;,&quot;camera&quot;:&quot;NIKON D5200&quot;,&quot;caption&quot;:&quot;&quot;,&quot;created_timestamp&quot;:&quot;1468957654&quot;,&quot;copyright&quot;:&quot;&quot;,&quot;focal_length&quot;:&quot;55&quot;,&quot;iso&quot;:&quot;100&quot;,&quot;shutter_speed&quot;:&quot;0.005&quot;,&quot;title&quot;:&quot;&quot;,&quot;orientation&quot;:&quot;1&quot;}\" data-image-title=\"Amaz\u00f4nia\" data-image-description=\"\" data-image-caption=\"&lt;p&gt;Sapinho min\u00fasculo entre as folhas &amp;#8211; sorte que o guia tem a vista boa&lt;\/p&gt;\n\" data-large-file=\"https:\/\/i0.wp.com\/mundosemfim.com\/wp-content\/uploads\/2016\/07\/env-DSC_0531.jpg?fit=764%2C509&amp;ssl=1\" class=\"size-full wp-image-3900\" src=\"https:\/\/i0.wp.com\/mundosemfim.com\/wp-content\/uploads\/2016\/07\/env-DSC_0531.jpg?resize=764%2C509&#038;ssl=1\" alt=\"Sapinho min\u00fasculo entre as folhas - sorte que o guia tem a vista boa\" width=\"764\" height=\"509\" srcset=\"https:\/\/i0.wp.com\/mundosemfim.com\/wp-content\/uploads\/2016\/07\/env-DSC_0531.jpg?w=960&amp;ssl=1 960w, https:\/\/i0.wp.com\/mundosemfim.com\/wp-content\/uploads\/2016\/07\/env-DSC_0531.jpg?resize=300%2C200&amp;ssl=1 300w, https:\/\/i0.wp.com\/mundosemfim.com\/wp-content\/uploads\/2016\/07\/env-DSC_0531.jpg?resize=768%2C512&amp;ssl=1 768w\" sizes=\"auto, (max-width: 764px) 100vw, 764px\" \/><figcaption id=\"caption-attachment-3900\" class=\"wp-caption-text\">Sapinho min\u00fasculo entre as folhas &#8211; sorte que o guia tem a vista boa<\/figcaption><\/figure>\n<h4><i>3\u00b0 dia<\/i><\/h4>\n<p>Acordamos cedo para nossos \u00faltimos passeios. Tomamos caf\u00e9-da-manh\u00e3 e sa\u00edmos para pescar piranhas. As su\u00ed\u00e7as foram em um outro tour, e o argentino n\u00e3o se animou de sair, ent\u00e3o fomos novamente em um tour particular.<\/p>\n<p>Seguimos de barco at\u00e9 um outro rio e come\u00e7amos a pesca. No come\u00e7o foi sofrido, mas com o tempo pegamos o jeito, e conseguimos voltar com v\u00e1rios peixes, entre eles piranhas e sardinhas.<\/p>\n<figure id=\"attachment_3901\" aria-describedby=\"caption-attachment-3901\" style=\"width: 960px\" class=\"wp-caption aligncenter\"><img data-recalc-dims=\"1\" loading=\"lazy\" decoding=\"async\" data-attachment-id=\"3901\" data-permalink=\"https:\/\/mundosemfim.com\/?attachment_id=3901\" data-orig-file=\"https:\/\/i0.wp.com\/mundosemfim.com\/wp-content\/uploads\/2016\/07\/DSC_0552.jpg?fit=960%2C640&amp;ssl=1\" data-orig-size=\"960,640\" data-comments-opened=\"1\" data-image-meta=\"{&quot;aperture&quot;:&quot;13&quot;,&quot;credit&quot;:&quot;&quot;,&quot;camera&quot;:&quot;NIKON D5200&quot;,&quot;caption&quot;:&quot;&quot;,&quot;created_timestamp&quot;:&quot;1469013648&quot;,&quot;copyright&quot;:&quot;&quot;,&quot;focal_length&quot;:&quot;18&quot;,&quot;iso&quot;:&quot;100&quot;,&quot;shutter_speed&quot;:&quot;0.016666666666667&quot;,&quot;title&quot;:&quot;&quot;,&quot;orientation&quot;:&quot;1&quot;}\" data-image-title=\"Amaz\u00f4nia\" data-image-description=\"\" data-image-caption=\"&lt;p&gt;A Michele pescando uma mini-piranha&lt;\/p&gt;\n\" data-large-file=\"https:\/\/i0.wp.com\/mundosemfim.com\/wp-content\/uploads\/2016\/07\/DSC_0552.jpg?fit=764%2C509&amp;ssl=1\" class=\"size-full wp-image-3901\" src=\"https:\/\/i0.wp.com\/mundosemfim.com\/wp-content\/uploads\/2016\/07\/DSC_0552.jpg?resize=764%2C509&#038;ssl=1\" alt=\"A Michele pescando uma mini-piranha\" width=\"764\" height=\"509\" srcset=\"https:\/\/i0.wp.com\/mundosemfim.com\/wp-content\/uploads\/2016\/07\/DSC_0552.jpg?w=960&amp;ssl=1 960w, https:\/\/i0.wp.com\/mundosemfim.com\/wp-content\/uploads\/2016\/07\/DSC_0552.jpg?resize=300%2C200&amp;ssl=1 300w, https:\/\/i0.wp.com\/mundosemfim.com\/wp-content\/uploads\/2016\/07\/DSC_0552.jpg?resize=768%2C512&amp;ssl=1 768w\" sizes=\"auto, (max-width: 764px) 100vw, 764px\" \/><figcaption id=\"caption-attachment-3901\" class=\"wp-caption-text\">A Michele pescando uma mini-piranha<\/figcaption><\/figure>\n<p>Depois de cerca de 1h de pescaria, seguimos at\u00e9 um projeto de resgate de animais, que visava cuidar e ajudar na reprodu\u00e7\u00e3o de esp\u00e9cies em extin\u00e7\u00e3o.<\/p>\n<p>Ali fomos guiado por um dos respons\u00e1veis do projeto, que nos mostrou alguns sapos, tar\u00e2ntulas, bichos-pregui\u00e7a, tartarugas e at\u00e9 uma anaconda (que estava em fase de mudan\u00e7a de pele). Contou que estavam come\u00e7ando, mas que j\u00e1 haviam salvado v\u00e1rios animais e que faziam o trabalho de conscientizar a popula\u00e7\u00e3o nativa a cuidar da fauna e da flora da Amaz\u00f4nia.<\/p>\n<figure id=\"attachment_3902\" aria-describedby=\"caption-attachment-3902\" style=\"width: 960px\" class=\"wp-caption aligncenter\"><img data-recalc-dims=\"1\" loading=\"lazy\" decoding=\"async\" data-attachment-id=\"3902\" data-permalink=\"https:\/\/mundosemfim.com\/?attachment_id=3902\" data-orig-file=\"https:\/\/i0.wp.com\/mundosemfim.com\/wp-content\/uploads\/2016\/07\/DSC_0617.jpg?fit=960%2C640&amp;ssl=1\" data-orig-size=\"960,640\" data-comments-opened=\"1\" data-image-meta=\"{&quot;aperture&quot;:&quot;7.1&quot;,&quot;credit&quot;:&quot;&quot;,&quot;camera&quot;:&quot;NIKON D5200&quot;,&quot;caption&quot;:&quot;&quot;,&quot;created_timestamp&quot;:&quot;1469016914&quot;,&quot;copyright&quot;:&quot;&quot;,&quot;focal_length&quot;:&quot;55&quot;,&quot;iso&quot;:&quot;100&quot;,&quot;shutter_speed&quot;:&quot;0.01&quot;,&quot;title&quot;:&quot;&quot;,&quot;orientation&quot;:&quot;1&quot;}\" data-image-title=\"Amaz\u00f4nia\" data-image-description=\"\" data-image-caption=\"&lt;p&gt;Uma anaconda. Por sorte, essa ainda \u00e9 bem jovem!&lt;\/p&gt;\n\" data-large-file=\"https:\/\/i0.wp.com\/mundosemfim.com\/wp-content\/uploads\/2016\/07\/DSC_0617.jpg?fit=764%2C509&amp;ssl=1\" class=\"size-full wp-image-3902\" src=\"https:\/\/i0.wp.com\/mundosemfim.com\/wp-content\/uploads\/2016\/07\/DSC_0617.jpg?resize=764%2C509&#038;ssl=1\" alt=\"Uma anaconda. Por sorte, essa ainda \u00e9 bem jovem!\" width=\"764\" height=\"509\" srcset=\"https:\/\/i0.wp.com\/mundosemfim.com\/wp-content\/uploads\/2016\/07\/DSC_0617.jpg?w=960&amp;ssl=1 960w, https:\/\/i0.wp.com\/mundosemfim.com\/wp-content\/uploads\/2016\/07\/DSC_0617.jpg?resize=300%2C200&amp;ssl=1 300w, https:\/\/i0.wp.com\/mundosemfim.com\/wp-content\/uploads\/2016\/07\/DSC_0617.jpg?resize=768%2C512&amp;ssl=1 768w\" sizes=\"auto, (max-width: 764px) 100vw, 764px\" \/><figcaption id=\"caption-attachment-3902\" class=\"wp-caption-text\">Uma anaconda. Por sorte, essa ainda \u00e9 bem jovem!<\/figcaption><\/figure>\n<p>Achamos a ideia do projeto bem legal, e conseguimos tirar fotos destes animais bem de perto.<\/p>\n<p>Dali voltamos para o lodge, onde almo\u00e7amos (comemos at\u00e9 os peixes que pescamos!), arrumamos as malas e voltamos para <a href=\"https:\/\/mundosemfim.com\/conhecendo-iquitos-o-coracao-da-selva-amazonica-peruana\/\">Iquitos<\/a>. Chegamos \u00e0 cidade por volta das 16h, com a certeza de que voltaremos \u00e0 selva em f\u00e9rias futuras!<\/p>\n<figure id=\"attachment_3903\" aria-describedby=\"caption-attachment-3903\" style=\"width: 960px\" class=\"wp-caption aligncenter\"><img data-recalc-dims=\"1\" loading=\"lazy\" decoding=\"async\" data-attachment-id=\"3903\" data-permalink=\"https:\/\/mundosemfim.com\/?attachment_id=3903\" data-orig-file=\"https:\/\/i0.wp.com\/mundosemfim.com\/wp-content\/uploads\/2016\/07\/DSC_0624.jpg?fit=960%2C640&amp;ssl=1\" data-orig-size=\"960,640\" data-comments-opened=\"1\" data-image-meta=\"{&quot;aperture&quot;:&quot;5.6&quot;,&quot;credit&quot;:&quot;&quot;,&quot;camera&quot;:&quot;NIKON D5200&quot;,&quot;caption&quot;:&quot;&quot;,&quot;created_timestamp&quot;:&quot;1469020374&quot;,&quot;copyright&quot;:&quot;&quot;,&quot;focal_length&quot;:&quot;18&quot;,&quot;iso&quot;:&quot;500&quot;,&quot;shutter_speed&quot;:&quot;0.025&quot;,&quot;title&quot;:&quot;&quot;,&quot;orientation&quot;:&quot;1&quot;}\" data-image-title=\"Amaz\u00f4nia\" data-image-description=\"\" data-image-caption=\"&lt;p&gt;Almo\u00e7ando nossas piranhas rec\u00e9m pescadas&lt;\/p&gt;\n\" data-large-file=\"https:\/\/i0.wp.com\/mundosemfim.com\/wp-content\/uploads\/2016\/07\/DSC_0624.jpg?fit=764%2C509&amp;ssl=1\" class=\"size-full wp-image-3903\" src=\"https:\/\/i0.wp.com\/mundosemfim.com\/wp-content\/uploads\/2016\/07\/DSC_0624.jpg?resize=764%2C509&#038;ssl=1\" alt=\"Almo\u00e7ando nossas piranhas rec\u00e9m pescadas\" width=\"764\" height=\"509\" srcset=\"https:\/\/i0.wp.com\/mundosemfim.com\/wp-content\/uploads\/2016\/07\/DSC_0624.jpg?w=960&amp;ssl=1 960w, https:\/\/i0.wp.com\/mundosemfim.com\/wp-content\/uploads\/2016\/07\/DSC_0624.jpg?resize=300%2C200&amp;ssl=1 300w, https:\/\/i0.wp.com\/mundosemfim.com\/wp-content\/uploads\/2016\/07\/DSC_0624.jpg?resize=768%2C512&amp;ssl=1 768w\" sizes=\"auto, (max-width: 764px) 100vw, 764px\" \/><figcaption id=\"caption-attachment-3903\" class=\"wp-caption-text\">Almo\u00e7ando nossas piranhas rec\u00e9m pescadas<\/figcaption><\/figure>\n<h3><b>O que levar?<\/b><\/h3>\n<ul>\n<li>Muito repelente e protetor solar.<\/li>\n<li>\u00d3culos de sol, se tiver.<\/li>\n<li>Roupa de banho para nadar com os golfinhos (eles fornecem salva-vidas para quem n\u00e3o sabe nadar).<\/li>\n<li>Uma garrafa de \u00e1gua para os passeios. No lodge tem \u00e1gua mineral para voc\u00ea recarreg\u00e1-la.<\/li>\n<li>Capa de chuva \u2013 o clima na selva muda completamente em quest\u00e3o de segundos.<\/li>\n<li>Muito espa\u00e7o na mem\u00f3ria da c\u00e2mera!<\/li>\n<\/ul>\n<figure id=\"attachment_3904\" aria-describedby=\"caption-attachment-3904\" style=\"width: 960px\" class=\"wp-caption aligncenter\"><img data-recalc-dims=\"1\" loading=\"lazy\" decoding=\"async\" data-attachment-id=\"3904\" data-permalink=\"https:\/\/mundosemfim.com\/?attachment_id=3904\" data-orig-file=\"https:\/\/i0.wp.com\/mundosemfim.com\/wp-content\/uploads\/2016\/07\/DSC_0362.jpg?fit=960%2C640&amp;ssl=1\" data-orig-size=\"960,640\" data-comments-opened=\"1\" data-image-meta=\"{&quot;aperture&quot;:&quot;9&quot;,&quot;credit&quot;:&quot;&quot;,&quot;camera&quot;:&quot;NIKON D5200&quot;,&quot;caption&quot;:&quot;&quot;,&quot;created_timestamp&quot;:&quot;1468863946&quot;,&quot;copyright&quot;:&quot;&quot;,&quot;focal_length&quot;:&quot;32&quot;,&quot;iso&quot;:&quot;400&quot;,&quot;shutter_speed&quot;:&quot;0.016666666666667&quot;,&quot;title&quot;:&quot;&quot;,&quot;orientation&quot;:&quot;1&quot;}\" data-image-title=\"Amaz\u00f4nia\" data-image-description=\"\" data-image-caption=\"&lt;p&gt;Crian\u00e7as jogando bola em uma pequena comunidade da selva&lt;\/p&gt;\n\" data-large-file=\"https:\/\/i0.wp.com\/mundosemfim.com\/wp-content\/uploads\/2016\/07\/DSC_0362.jpg?fit=764%2C509&amp;ssl=1\" class=\"size-full wp-image-3904\" src=\"https:\/\/i0.wp.com\/mundosemfim.com\/wp-content\/uploads\/2016\/07\/DSC_0362.jpg?resize=764%2C509&#038;ssl=1\" alt=\"Crian\u00e7as jogando bola em uma pequena comunidade da selva\" width=\"764\" height=\"509\" srcset=\"https:\/\/i0.wp.com\/mundosemfim.com\/wp-content\/uploads\/2016\/07\/DSC_0362.jpg?w=960&amp;ssl=1 960w, https:\/\/i0.wp.com\/mundosemfim.com\/wp-content\/uploads\/2016\/07\/DSC_0362.jpg?resize=300%2C200&amp;ssl=1 300w, https:\/\/i0.wp.com\/mundosemfim.com\/wp-content\/uploads\/2016\/07\/DSC_0362.jpg?resize=768%2C512&amp;ssl=1 768w\" sizes=\"auto, (max-width: 764px) 100vw, 764px\" \/><figcaption id=\"caption-attachment-3904\" class=\"wp-caption-text\">Crian\u00e7as jogando bola em uma pequena comunidade da selva<\/figcaption><\/figure>\n<p>Para mais dicas de lugares surpreendentes, curtam nossa p\u00e1gina no face!<\/p>\n<p><a href=\"http:\/\/www.facebook.com\/mundosemfimoficial\">www.facebook.com\/mundosemfimoficial<\/a><\/p>\n","protected":false},"excerpt":{"rendered":"<p>J\u00e1 hav\u00edamos nos aventurado pela selva na regi\u00e3o de Nauta. Agora, \u00e9 hora de descrever como foi nossa aventura na regi\u00e3o de Iquitos!<\/p>\n","protected":false},"author":1,"featured_media":3890,"comment_status":"open","ping_status":"open","sticky":false,"template":"","format":"standard","meta":{"jetpack_post_was_ever_published":false,"_jetpack_newsletter_access":"","_jetpack_dont_email_post_to_subs":true,"_jetpack_newsletter_tier_id":0,"_jetpack_memberships_contains_paywalled_content":false,"_jetpack_memberships_contains_paid_content":false,"footnotes":"","jetpack_publicize_message":"","jetpack_publicize_feature_enabled":true,"jetpack_social_post_already_shared":true,"jetpack_social_options":{"image_generator_settings":{"template":"highway","default_image_id":0,"font":"","enabled":false},"version":2}},"categories":[278,6,7,277,43,45],"tags":[],"class_list":["post-3885","post","type-post","status-publish","format-standard","has-post-thumbnail","hentry","category-amazonia","category-america-do-sul","category-america-latina","category-iquitos","category-natureza","category-peru"],"yoast_head":"<!-- This site is optimized with the Yoast SEO plugin v27.5 - https:\/\/yoast.com\/product\/yoast-seo-wordpress\/ -->\n<title>Iquitos \u2013 uma aventura econ\u00f4mica pela selva amaz\u00f4nica - Mundo Sem Fim<\/title>\n<meta name=\"robots\" content=\"index, follow, max-snippet:-1, max-image-preview:large, max-video-preview:-1\" \/>\n<link rel=\"canonical\" href=\"https:\/\/mundosemfim.com\/?p=3885\" \/>\n<meta property=\"og:locale\" content=\"pt_BR\" \/>\n<meta property=\"og:type\" content=\"article\" \/>\n<meta property=\"og:title\" content=\"Iquitos \u2013 uma aventura econ\u00f4mica pela selva amaz\u00f4nica - Mundo Sem Fim\" \/>\n<meta property=\"og:description\" content=\"J\u00e1 hav\u00edamos nos aventurado pela selva na regi\u00e3o de Nauta. Agora, \u00e9 hora de descrever como foi nossa aventura na regi\u00e3o de Iquitos!\" \/>\n<meta property=\"og:url\" content=\"https:\/\/mundosemfim.com\/?p=3885\" \/>\n<meta property=\"og:site_name\" content=\"Mundo Sem Fim\" \/>\n<meta property=\"article:publisher\" content=\"http:\/\/www.facebook.com\/mundosemfimoficial\" \/>\n<meta property=\"article:published_time\" content=\"2016-07-26T14:17:03+00:00\" \/>\n<meta property=\"article:modified_time\" content=\"2017-09-23T05:36:39+00:00\" \/>\n<meta property=\"og:image\" content=\"https:\/\/i0.wp.com\/mundosemfim.com\/wp-content\/uploads\/2016\/07\/DSC_0571.jpg?fit=960%2C640&ssl=1\" \/>\n\t<meta property=\"og:image:width\" content=\"960\" \/>\n\t<meta property=\"og:image:height\" content=\"640\" \/>\n\t<meta property=\"og:image:type\" content=\"image\/jpeg\" \/>\n<meta name=\"author\" content=\"Renan\" \/>\n<meta name=\"twitter:card\" content=\"summary_large_image\" \/>\n<meta name=\"twitter:label1\" content=\"Escrito por\" \/>\n\t<meta name=\"twitter:data1\" content=\"Renan\" \/>\n\t<meta name=\"twitter:label2\" content=\"Est. tempo de leitura\" \/>\n\t<meta name=\"twitter:data2\" content=\"8 minutos\" \/>\n<script type=\"application\/ld+json\" class=\"yoast-schema-graph\">{\"@context\":\"https:\\\/\\\/schema.org\",\"@graph\":[{\"@type\":\"Article\",\"@id\":\"https:\\\/\\\/mundosemfim.com\\\/?p=3885#article\",\"isPartOf\":{\"@id\":\"https:\\\/\\\/mundosemfim.com\\\/?p=3885\"},\"author\":{\"name\":\"Renan\",\"@id\":\"https:\\\/\\\/mundosemfim.com\\\/#\\\/schema\\\/person\\\/b021d50f3a19bae432e9b69ffbfa9257\"},\"headline\":\"Iquitos \u2013 uma aventura econ\u00f4mica pela selva amaz\u00f4nica\",\"datePublished\":\"2016-07-26T14:17:03+00:00\",\"dateModified\":\"2017-09-23T05:36:39+00:00\",\"mainEntityOfPage\":{\"@id\":\"https:\\\/\\\/mundosemfim.com\\\/?p=3885\"},\"wordCount\":1542,\"commentCount\":4,\"image\":{\"@id\":\"https:\\\/\\\/mundosemfim.com\\\/?p=3885#primaryimage\"},\"thumbnailUrl\":\"https:\\\/\\\/i0.wp.com\\\/mundosemfim.com\\\/wp-content\\\/uploads\\\/2016\\\/07\\\/DSC_0571.jpg?fit=960%2C640&ssl=1\",\"articleSection\":[\"Amaz\u00f4nia\",\"Am\u00e9rica do Sul\",\"am\u00e9rica latina\",\"Iquitos\",\"natureza\",\"Peru\"],\"inLanguage\":\"pt-BR\",\"potentialAction\":[{\"@type\":\"CommentAction\",\"name\":\"Comment\",\"target\":[\"https:\\\/\\\/mundosemfim.com\\\/?p=3885#respond\"]}]},{\"@type\":\"WebPage\",\"@id\":\"https:\\\/\\\/mundosemfim.com\\\/?p=3885\",\"url\":\"https:\\\/\\\/mundosemfim.com\\\/?p=3885\",\"name\":\"Iquitos \u2013 uma aventura econ\u00f4mica pela selva amaz\u00f4nica - Mundo Sem Fim\",\"isPartOf\":{\"@id\":\"https:\\\/\\\/mundosemfim.com\\\/#website\"},\"primaryImageOfPage\":{\"@id\":\"https:\\\/\\\/mundosemfim.com\\\/?p=3885#primaryimage\"},\"image\":{\"@id\":\"https:\\\/\\\/mundosemfim.com\\\/?p=3885#primaryimage\"},\"thumbnailUrl\":\"https:\\\/\\\/i0.wp.com\\\/mundosemfim.com\\\/wp-content\\\/uploads\\\/2016\\\/07\\\/DSC_0571.jpg?fit=960%2C640&ssl=1\",\"datePublished\":\"2016-07-26T14:17:03+00:00\",\"dateModified\":\"2017-09-23T05:36:39+00:00\",\"author\":{\"@id\":\"https:\\\/\\\/mundosemfim.com\\\/#\\\/schema\\\/person\\\/b021d50f3a19bae432e9b69ffbfa9257\"},\"breadcrumb\":{\"@id\":\"https:\\\/\\\/mundosemfim.com\\\/?p=3885#breadcrumb\"},\"inLanguage\":\"pt-BR\",\"potentialAction\":[{\"@type\":\"ReadAction\",\"target\":[\"https:\\\/\\\/mundosemfim.com\\\/?p=3885\"]}]},{\"@type\":\"ImageObject\",\"inLanguage\":\"pt-BR\",\"@id\":\"https:\\\/\\\/mundosemfim.com\\\/?p=3885#primaryimage\",\"url\":\"https:\\\/\\\/i0.wp.com\\\/mundosemfim.com\\\/wp-content\\\/uploads\\\/2016\\\/07\\\/DSC_0571.jpg?fit=960%2C640&ssl=1\",\"contentUrl\":\"https:\\\/\\\/i0.wp.com\\\/mundosemfim.com\\\/wp-content\\\/uploads\\\/2016\\\/07\\\/DSC_0571.jpg?fit=960%2C640&ssl=1\",\"width\":960,\"height\":640,\"caption\":\"Bicho-pregui\u00e7a da selva amaz\u00f4nica\"},{\"@type\":\"BreadcrumbList\",\"@id\":\"https:\\\/\\\/mundosemfim.com\\\/?p=3885#breadcrumb\",\"itemListElement\":[{\"@type\":\"ListItem\",\"position\":1,\"name\":\"In\u00edcio\",\"item\":\"https:\\\/\\\/mundosemfim.com\\\/\"},{\"@type\":\"ListItem\",\"position\":2,\"name\":\"Iquitos \u2013 uma aventura econ\u00f4mica pela selva amaz\u00f4nica\"}]},{\"@type\":\"WebSite\",\"@id\":\"https:\\\/\\\/mundosemfim.com\\\/#website\",\"url\":\"https:\\\/\\\/mundosemfim.com\\\/\",\"name\":\"Mundo Sem Fim\",\"description\":\"uma viagem de volta ao mundo pelos 5 continentes!\",\"potentialAction\":[{\"@type\":\"SearchAction\",\"target\":{\"@type\":\"EntryPoint\",\"urlTemplate\":\"https:\\\/\\\/mundosemfim.com\\\/?s={search_term_string}\"},\"query-input\":{\"@type\":\"PropertyValueSpecification\",\"valueRequired\":true,\"valueName\":\"search_term_string\"}}],\"inLanguage\":\"pt-BR\"},{\"@type\":\"Person\",\"@id\":\"https:\\\/\\\/mundosemfim.com\\\/#\\\/schema\\\/person\\\/b021d50f3a19bae432e9b69ffbfa9257\",\"name\":\"Renan\",\"image\":{\"@type\":\"ImageObject\",\"inLanguage\":\"pt-BR\",\"@id\":\"https:\\\/\\\/secure.gravatar.com\\\/avatar\\\/faafca769a603ac75196d21826f3bda645d7e2d6306bb6e236d8cdb38eb44e38?s=96&d=mm&r=g\",\"url\":\"https:\\\/\\\/secure.gravatar.com\\\/avatar\\\/faafca769a603ac75196d21826f3bda645d7e2d6306bb6e236d8cdb38eb44e38?s=96&d=mm&r=g\",\"contentUrl\":\"https:\\\/\\\/secure.gravatar.com\\\/avatar\\\/faafca769a603ac75196d21826f3bda645d7e2d6306bb6e236d8cdb38eb44e38?s=96&d=mm&r=g\",\"caption\":\"Renan\"}}]}<\/script>\n<!-- \/ Yoast SEO plugin. -->","yoast_head_json":{"title":"Iquitos \u2013 uma aventura econ\u00f4mica pela selva amaz\u00f4nica - Mundo Sem Fim","robots":{"index":"index","follow":"follow","max-snippet":"max-snippet:-1","max-image-preview":"max-image-preview:large","max-video-preview":"max-video-preview:-1"},"canonical":"https:\/\/mundosemfim.com\/?p=3885","og_locale":"pt_BR","og_type":"article","og_title":"Iquitos \u2013 uma aventura econ\u00f4mica pela selva amaz\u00f4nica - Mundo Sem Fim","og_description":"J\u00e1 hav\u00edamos nos aventurado pela selva na regi\u00e3o de Nauta. Agora, \u00e9 hora de descrever como foi nossa aventura na regi\u00e3o de Iquitos!","og_url":"https:\/\/mundosemfim.com\/?p=3885","og_site_name":"Mundo Sem Fim","article_publisher":"http:\/\/www.facebook.com\/mundosemfimoficial","article_published_time":"2016-07-26T14:17:03+00:00","article_modified_time":"2017-09-23T05:36:39+00:00","og_image":[{"width":960,"height":640,"url":"https:\/\/i0.wp.com\/mundosemfim.com\/wp-content\/uploads\/2016\/07\/DSC_0571.jpg?fit=960%2C640&ssl=1","type":"image\/jpeg"}],"author":"Renan","twitter_card":"summary_large_image","twitter_misc":{"Escrito por":"Renan","Est. tempo de leitura":"8 minutos"},"schema":{"@context":"https:\/\/schema.org","@graph":[{"@type":"Article","@id":"https:\/\/mundosemfim.com\/?p=3885#article","isPartOf":{"@id":"https:\/\/mundosemfim.com\/?p=3885"},"author":{"name":"Renan","@id":"https:\/\/mundosemfim.com\/#\/schema\/person\/b021d50f3a19bae432e9b69ffbfa9257"},"headline":"Iquitos \u2013 uma aventura econ\u00f4mica pela selva amaz\u00f4nica","datePublished":"2016-07-26T14:17:03+00:00","dateModified":"2017-09-23T05:36:39+00:00","mainEntityOfPage":{"@id":"https:\/\/mundosemfim.com\/?p=3885"},"wordCount":1542,"commentCount":4,"image":{"@id":"https:\/\/mundosemfim.com\/?p=3885#primaryimage"},"thumbnailUrl":"https:\/\/i0.wp.com\/mundosemfim.com\/wp-content\/uploads\/2016\/07\/DSC_0571.jpg?fit=960%2C640&ssl=1","articleSection":["Amaz\u00f4nia","Am\u00e9rica do Sul","am\u00e9rica latina","Iquitos","natureza","Peru"],"inLanguage":"pt-BR","potentialAction":[{"@type":"CommentAction","name":"Comment","target":["https:\/\/mundosemfim.com\/?p=3885#respond"]}]},{"@type":"WebPage","@id":"https:\/\/mundosemfim.com\/?p=3885","url":"https:\/\/mundosemfim.com\/?p=3885","name":"Iquitos \u2013 uma aventura econ\u00f4mica pela selva amaz\u00f4nica - Mundo Sem Fim","isPartOf":{"@id":"https:\/\/mundosemfim.com\/#website"},"primaryImageOfPage":{"@id":"https:\/\/mundosemfim.com\/?p=3885#primaryimage"},"image":{"@id":"https:\/\/mundosemfim.com\/?p=3885#primaryimage"},"thumbnailUrl":"https:\/\/i0.wp.com\/mundosemfim.com\/wp-content\/uploads\/2016\/07\/DSC_0571.jpg?fit=960%2C640&ssl=1","datePublished":"2016-07-26T14:17:03+00:00","dateModified":"2017-09-23T05:36:39+00:00","author":{"@id":"https:\/\/mundosemfim.com\/#\/schema\/person\/b021d50f3a19bae432e9b69ffbfa9257"},"breadcrumb":{"@id":"https:\/\/mundosemfim.com\/?p=3885#breadcrumb"},"inLanguage":"pt-BR","potentialAction":[{"@type":"ReadAction","target":["https:\/\/mundosemfim.com\/?p=3885"]}]},{"@type":"ImageObject","inLanguage":"pt-BR","@id":"https:\/\/mundosemfim.com\/?p=3885#primaryimage","url":"https:\/\/i0.wp.com\/mundosemfim.com\/wp-content\/uploads\/2016\/07\/DSC_0571.jpg?fit=960%2C640&ssl=1","contentUrl":"https:\/\/i0.wp.com\/mundosemfim.com\/wp-content\/uploads\/2016\/07\/DSC_0571.jpg?fit=960%2C640&ssl=1","width":960,"height":640,"caption":"Bicho-pregui\u00e7a da selva amaz\u00f4nica"},{"@type":"BreadcrumbList","@id":"https:\/\/mundosemfim.com\/?p=3885#breadcrumb","itemListElement":[{"@type":"ListItem","position":1,"name":"In\u00edcio","item":"https:\/\/mundosemfim.com\/"},{"@type":"ListItem","position":2,"name":"Iquitos \u2013 uma aventura econ\u00f4mica pela selva amaz\u00f4nica"}]},{"@type":"WebSite","@id":"https:\/\/mundosemfim.com\/#website","url":"https:\/\/mundosemfim.com\/","name":"Mundo Sem Fim","description":"uma viagem de volta ao mundo pelos 5 continentes!","potentialAction":[{"@type":"SearchAction","target":{"@type":"EntryPoint","urlTemplate":"https:\/\/mundosemfim.com\/?s={search_term_string}"},"query-input":{"@type":"PropertyValueSpecification","valueRequired":true,"valueName":"search_term_string"}}],"inLanguage":"pt-BR"},{"@type":"Person","@id":"https:\/\/mundosemfim.com\/#\/schema\/person\/b021d50f3a19bae432e9b69ffbfa9257","name":"Renan","image":{"@type":"ImageObject","inLanguage":"pt-BR","@id":"https:\/\/secure.gravatar.com\/avatar\/faafca769a603ac75196d21826f3bda645d7e2d6306bb6e236d8cdb38eb44e38?s=96&d=mm&r=g","url":"https:\/\/secure.gravatar.com\/avatar\/faafca769a603ac75196d21826f3bda645d7e2d6306bb6e236d8cdb38eb44e38?s=96&d=mm&r=g","contentUrl":"https:\/\/secure.gravatar.com\/avatar\/faafca769a603ac75196d21826f3bda645d7e2d6306bb6e236d8cdb38eb44e38?s=96&d=mm&r=g","caption":"Renan"}}]}},"jetpack_publicize_connections":[],"jetpack_featured_media_url":"https:\/\/i0.wp.com\/mundosemfim.com\/wp-content\/uploads\/2016\/07\/DSC_0571.jpg?fit=960%2C640&ssl=1","jetpack_sharing_enabled":true,"jetpack_shortlink":"https:\/\/wp.me\/p7CQyF-10F","jetpack-related-posts":[{"id":3908,"url":"https:\/\/mundosemfim.com\/?p=3908","url_meta":{"origin":3885,"position":0},"title":"Conhecendo Iquitos, o cora\u00e7\u00e3o da Selva Amaz\u00f4nica peruana!","author":"Renan","date":"julho 26, 2016","format":false,"excerpt":"Isolada do resto do pa\u00eds, Iquitos \u00e9 a maior cidade do mundo sem acesso por estradas. Ela \u00e9, tamb\u00e9m, o destino ideal para quem quer conhecer a selva amaz\u00f4nica sem gastar muito dinheiro. Aqui contamos com detalhes como foi nossa experi\u00eancia por l\u00e1! Refer\u00eancia (julho\/2016) 1 real = 1 sol\u2026","rel":"","context":"Em &quot;Amaz\u00f4nia&quot;","block_context":{"text":"Amaz\u00f4nia","link":"https:\/\/mundosemfim.com\/?cat=278"},"img":{"alt_text":"","src":"https:\/\/i0.wp.com\/mundosemfim.com\/wp-content\/uploads\/2016\/07\/P7190232-1.jpg?fit=955%2C448&ssl=1&resize=350%2C200","width":350,"height":200,"srcset":"https:\/\/i0.wp.com\/mundosemfim.com\/wp-content\/uploads\/2016\/07\/P7190232-1.jpg?fit=955%2C448&ssl=1&resize=350%2C200 1x, https:\/\/i0.wp.com\/mundosemfim.com\/wp-content\/uploads\/2016\/07\/P7190232-1.jpg?fit=955%2C448&ssl=1&resize=525%2C300 1.5x, https:\/\/i0.wp.com\/mundosemfim.com\/wp-content\/uploads\/2016\/07\/P7190232-1.jpg?fit=955%2C448&ssl=1&resize=700%2C400 2x"},"classes":[]},{"id":3868,"url":"https:\/\/mundosemfim.com\/?p=3868","url_meta":{"origin":3885,"position":1},"title":"Iquitos \u2013 Um tour pela selva onde nasce o rio Amazonas","author":"Renan","date":"julho 25, 2016","format":false,"excerpt":"Nauta \u00e9 um pequeno povoado peruano a poucos quil\u00f4metros de Iquitos, e se destaca por estar pertinho de onde nasce o imenso Rio Amazonas. Fizemos um sensacional tour pela selva nesta regi\u00e3o, e aqui contamos como foi! Refer\u00eancia (julho\/2016) 1 real = 1 sol peruano 1 d\u00f3lar = 3,30 soles\u2026","rel":"","context":"Em &quot;Amaz\u00f4nia&quot;","block_context":{"text":"Amaz\u00f4nia","link":"https:\/\/mundosemfim.com\/?cat=278"},"img":{"alt_text":"","src":"https:\/\/i0.wp.com\/mundosemfim.com\/wp-content\/uploads\/2016\/07\/DSC_0230.jpg?fit=960%2C640&ssl=1&resize=350%2C200","width":350,"height":200,"srcset":"https:\/\/i0.wp.com\/mundosemfim.com\/wp-content\/uploads\/2016\/07\/DSC_0230.jpg?fit=960%2C640&ssl=1&resize=350%2C200 1x, https:\/\/i0.wp.com\/mundosemfim.com\/wp-content\/uploads\/2016\/07\/DSC_0230.jpg?fit=960%2C640&ssl=1&resize=525%2C300 1.5x, https:\/\/i0.wp.com\/mundosemfim.com\/wp-content\/uploads\/2016\/07\/DSC_0230.jpg?fit=960%2C640&ssl=1&resize=700%2C400 2x"},"classes":[]},{"id":3859,"url":"https:\/\/mundosemfim.com\/?p=3859","url_meta":{"origin":3885,"position":2},"title":"Viajando por Iquitos \u2013 Conhe\u00e7a a Isla de los Monos (Ilha dos Macacos)","author":"Renan","date":"julho 25, 2016","format":false,"excerpt":"Localizada a poucas horas de barco de Iquitos, a Isla de los Monos \u00e9 uma pequena ilha na selva onde \u00e9 poss\u00edvel ver e brincar com macacos que andam livremente por ali. Venha conhec\u00ea-la! Refer\u00eancia (julho\/2016) 1 real = 1 sol peruano 1 d\u00f3lar = 3,30 soles A Isla de\u2026","rel":"","context":"Em &quot;Amaz\u00f4nia&quot;","block_context":{"text":"Amaz\u00f4nia","link":"https:\/\/mundosemfim.com\/?cat=278"},"img":{"alt_text":"","src":"https:\/\/i0.wp.com\/mundosemfim.com\/wp-content\/uploads\/2016\/07\/P7190252.jpg?fit=965%2C644&ssl=1&resize=350%2C200","width":350,"height":200,"srcset":"https:\/\/i0.wp.com\/mundosemfim.com\/wp-content\/uploads\/2016\/07\/P7190252.jpg?fit=965%2C644&ssl=1&resize=350%2C200 1x, https:\/\/i0.wp.com\/mundosemfim.com\/wp-content\/uploads\/2016\/07\/P7190252.jpg?fit=965%2C644&ssl=1&resize=525%2C300 1.5x, https:\/\/i0.wp.com\/mundosemfim.com\/wp-content\/uploads\/2016\/07\/P7190252.jpg?fit=965%2C644&ssl=1&resize=700%2C400 2x"},"classes":[]},{"id":3815,"url":"https:\/\/mundosemfim.com\/?p=3815","url_meta":{"origin":3885,"position":3},"title":"De Yurimaguas a Iquitos em barco \u2013 uma odiss\u00e9ia pelos rios da Amaz\u00f4nia","author":"Renan","date":"julho 17, 2016","format":false,"excerpt":"Sempre sonhou em penetrar na Amaz\u00f4nia selvagem, mas n\u00e3o tem dinheiro para pagar os car\u00edssimos tours pela regi\u00e3o? Esta travessia de dois dias de barco \u00e9 uma forma bem econ\u00f4mica para conhecer o cora\u00e7\u00e3o da floresta e seus povos, enquanto se delicia com a bel\u00edssima paisagem pelo caminho. Venha conhec\u00ea-la\u2026","rel":"","context":"Em &quot;Amaz\u00f4nia&quot;","block_context":{"text":"Amaz\u00f4nia","link":"https:\/\/mundosemfim.com\/?cat=278"},"img":{"alt_text":"","src":"https:\/\/i0.wp.com\/mundosemfim.com\/wp-content\/uploads\/2016\/07\/DSC_0119.jpg?fit=1020%2C680&ssl=1&resize=350%2C200","width":350,"height":200,"srcset":"https:\/\/i0.wp.com\/mundosemfim.com\/wp-content\/uploads\/2016\/07\/DSC_0119.jpg?fit=1020%2C680&ssl=1&resize=350%2C200 1x, https:\/\/i0.wp.com\/mundosemfim.com\/wp-content\/uploads\/2016\/07\/DSC_0119.jpg?fit=1020%2C680&ssl=1&resize=525%2C300 1.5x, https:\/\/i0.wp.com\/mundosemfim.com\/wp-content\/uploads\/2016\/07\/DSC_0119.jpg?fit=1020%2C680&ssl=1&resize=700%2C400 2x"},"classes":[]},{"id":5217,"url":"https:\/\/mundosemfim.com\/?p=5217","url_meta":{"origin":3885,"position":4},"title":"Roteiros pelo Peru e Bol\u00edvia \u2013 sugest\u00f5es para curtir ao m\u00e1ximo a terra dos Incas!","author":"Renan","date":"fevereiro 13, 2017","format":false,"excerpt":"Quer ver as ru\u00ednas mais impressionantes, conhecer muita hist\u00f3ria e de quebra passar por paisagens fant\u00e1sticas? Preparamos alguns roteiros bacanas para voc\u00eas! Muita gente tem vontade de conhecer o Peru e a Bol\u00edvia, mas tem dificuldades em montar um roteiro incluindo os destinos mais legais sem gastar muito dinheiro com\u2026","rel":"","context":"Em &quot;am\u00e9rica latina&quot;","block_context":{"text":"am\u00e9rica latina","link":"https:\/\/mundosemfim.com\/?cat=7"},"img":{"alt_text":"Roteiro Peru - Bol\u00edvia","src":"https:\/\/i0.wp.com\/mundosemfim.com\/wp-content\/uploads\/2017\/02\/roteiro-2.png?fit=729%2C425&ssl=1&resize=350%2C200","width":350,"height":200,"srcset":"https:\/\/i0.wp.com\/mundosemfim.com\/wp-content\/uploads\/2017\/02\/roteiro-2.png?fit=729%2C425&ssl=1&resize=350%2C200 1x, https:\/\/i0.wp.com\/mundosemfim.com\/wp-content\/uploads\/2017\/02\/roteiro-2.png?fit=729%2C425&ssl=1&resize=525%2C300 1.5x, https:\/\/i0.wp.com\/mundosemfim.com\/wp-content\/uploads\/2017\/02\/roteiro-2.png?fit=729%2C425&ssl=1&resize=700%2C400 2x"},"classes":[]},{"id":3850,"url":"https:\/\/mundosemfim.com\/?p=3850","url_meta":{"origin":3885,"position":5},"title":"Ayahuasca \u2013 minha experi\u00eancia tomando o Santo Daime","author":"Renan","date":"julho 24, 2016","format":false,"excerpt":"Droga alucin\u00f3gena ou bebida medicinal para curar a alma? Falar sobre este tema gera muita pol\u00eamica e divide opini\u00f5es. Como faz parte da cultura amaz\u00f4nica, tive que experimentar. Aqui compartilho com voc\u00eas como foi a experi\u00eancia! Refer\u00eancia (julho\/2016) 1 real = 1 sol peruano 1 d\u00f3lar = 3,30 soles A\u2026","rel":"","context":"Em &quot;Amaz\u00f4nia&quot;","block_context":{"text":"Amaz\u00f4nia","link":"https:\/\/mundosemfim.com\/?cat=278"},"img":{"alt_text":"Sando Daime","src":"https:\/\/i0.wp.com\/mundosemfim.com\/wp-content\/uploads\/2016\/07\/DSC_0384.jpg?fit=960%2C640&ssl=1&resize=350%2C200","width":350,"height":200,"srcset":"https:\/\/i0.wp.com\/mundosemfim.com\/wp-content\/uploads\/2016\/07\/DSC_0384.jpg?fit=960%2C640&ssl=1&resize=350%2C200 1x, https:\/\/i0.wp.com\/mundosemfim.com\/wp-content\/uploads\/2016\/07\/DSC_0384.jpg?fit=960%2C640&ssl=1&resize=525%2C300 1.5x, https:\/\/i0.wp.com\/mundosemfim.com\/wp-content\/uploads\/2016\/07\/DSC_0384.jpg?fit=960%2C640&ssl=1&resize=700%2C400 2x"},"classes":[]}],"_links":{"self":[{"href":"https:\/\/mundosemfim.com\/index.php?rest_route=\/wp\/v2\/posts\/3885","targetHints":{"allow":["GET"]}}],"collection":[{"href":"https:\/\/mundosemfim.com\/index.php?rest_route=\/wp\/v2\/posts"}],"about":[{"href":"https:\/\/mundosemfim.com\/index.php?rest_route=\/wp\/v2\/types\/post"}],"author":[{"embeddable":true,"href":"https:\/\/mundosemfim.com\/index.php?rest_route=\/wp\/v2\/users\/1"}],"replies":[{"embeddable":true,"href":"https:\/\/mundosemfim.com\/index.php?rest_route=%2Fwp%2Fv2%2Fcomments&post=3885"}],"version-history":[{"count":7,"href":"https:\/\/mundosemfim.com\/index.php?rest_route=\/wp\/v2\/posts\/3885\/revisions"}],"predecessor-version":[{"id":6757,"href":"https:\/\/mundosemfim.com\/index.php?rest_route=\/wp\/v2\/posts\/3885\/revisions\/6757"}],"wp:featuredmedia":[{"embeddable":true,"href":"https:\/\/mundosemfim.com\/index.php?rest_route=\/wp\/v2\/media\/3890"}],"wp:attachment":[{"href":"https:\/\/mundosemfim.com\/index.php?rest_route=%2Fwp%2Fv2%2Fmedia&parent=3885"}],"wp:term":[{"taxonomy":"category","embeddable":true,"href":"https:\/\/mundosemfim.com\/index.php?rest_route=%2Fwp%2Fv2%2Fcategories&post=3885"},{"taxonomy":"post_tag","embeddable":true,"href":"https:\/\/mundosemfim.com\/index.php?rest_route=%2Fwp%2Fv2%2Ftags&post=3885"}],"curies":[{"name":"wp","href":"https:\/\/api.w.org\/{rel}","templated":true}]}}