{"id":3868,"date":"2016-07-25T14:35:53","date_gmt":"2016-07-25T17:35:53","guid":{"rendered":"https:\/\/mundosemfim.com\/?p=3868"},"modified":"2018-10-17T06:45:16","modified_gmt":"2018-10-17T09:45:16","slug":"nauta-um-tour-pela-selva-onde-nasce-o-rio-amazonas","status":"publish","type":"post","link":"https:\/\/mundosemfim.com\/?p=3868","title":{"rendered":"Iquitos \u2013 Um tour pela selva onde nasce o rio Amazonas"},"content":{"rendered":"<p>Nauta \u00e9 um pequeno povoado peruano a poucos quil\u00f4metros de <a href=\"https:\/\/mundosemfim.com\/conhecendo-iquitos-o-coracao-da-selva-amazonica-peruana\/\">Iquitos<\/a>, e se destaca por estar pertinho de onde nasce o imenso Rio Amazonas. Fizemos um sensacional tour pela selva nesta regi\u00e3o, e aqui contamos como foi!<\/p>\n<p><!--more--><\/p>\n<p><b>Refer\u00eancia (julho\/2016)<br \/>\n<\/b>1 real = 1 sol peruano<br \/>\n1 d\u00f3lar = 3,30 soles<\/p>\n<figure id=\"attachment_3869\" aria-describedby=\"caption-attachment-3869\" style=\"width: 960px\" class=\"wp-caption aligncenter\"><img data-recalc-dims=\"1\" loading=\"lazy\" decoding=\"async\" data-attachment-id=\"3869\" data-permalink=\"https:\/\/mundosemfim.com\/?attachment_id=3869\" data-orig-file=\"https:\/\/i0.wp.com\/mundosemfim.com\/wp-content\/uploads\/2016\/07\/DSC_0230.jpg?fit=960%2C640&amp;ssl=1\" data-orig-size=\"960,640\" data-comments-opened=\"1\" data-image-meta=\"{&quot;aperture&quot;:&quot;14&quot;,&quot;credit&quot;:&quot;&quot;,&quot;camera&quot;:&quot;NIKON D5200&quot;,&quot;caption&quot;:&quot;&quot;,&quot;created_timestamp&quot;:&quot;1468659310&quot;,&quot;copyright&quot;:&quot;&quot;,&quot;focal_length&quot;:&quot;18&quot;,&quot;iso&quot;:&quot;250&quot;,&quot;shutter_speed&quot;:&quot;0.005&quot;,&quot;title&quot;:&quot;&quot;,&quot;orientation&quot;:&quot;1&quot;}\" data-image-title=\"Amaz\u00f4nia\" data-image-description=\"\" data-image-caption=\"&lt;p&gt;Passeando de barco pelos rios da Amaz\u00f4nia&lt;\/p&gt;\n\" data-large-file=\"https:\/\/i0.wp.com\/mundosemfim.com\/wp-content\/uploads\/2016\/07\/DSC_0230.jpg?fit=764%2C509&amp;ssl=1\" class=\"size-full wp-image-3869\" src=\"https:\/\/i0.wp.com\/mundosemfim.com\/wp-content\/uploads\/2016\/07\/DSC_0230.jpg?resize=764%2C509&#038;ssl=1\" alt=\"Passeando de barco pelos rios da Amaz\u00f4nia\" width=\"764\" height=\"509\" srcset=\"https:\/\/i0.wp.com\/mundosemfim.com\/wp-content\/uploads\/2016\/07\/DSC_0230.jpg?w=960&amp;ssl=1 960w, https:\/\/i0.wp.com\/mundosemfim.com\/wp-content\/uploads\/2016\/07\/DSC_0230.jpg?resize=300%2C200&amp;ssl=1 300w, https:\/\/i0.wp.com\/mundosemfim.com\/wp-content\/uploads\/2016\/07\/DSC_0230.jpg?resize=768%2C512&amp;ssl=1 768w\" sizes=\"auto, (max-width: 764px) 100vw, 764px\" \/><figcaption id=\"caption-attachment-3869\" class=\"wp-caption-text\">Passeando de barco pelos rios da Amaz\u00f4nia<\/figcaption><\/figure>\n<p>Com cerca de 15 mil habitantes, Nauta \u00e9 uma pequena cidade no cora\u00e7\u00e3o da selva amaz\u00f4nica peruana. A \u00fanica estrada existente na regi\u00e3o liga Nauta a <a href=\"https:\/\/mundosemfim.com\/conhecendo-iquitos-o-coracao-da-selva-amazonica-peruana\/\">Iquitos<\/a>; para chegar a qualquer outro lugar \u00e9 preciso seguir de barco ou avi\u00e3o.<\/p>\n<p>Seu isolamento geogr\u00e1fico torna este lugar um excelente ponto de partida para quem quer conhecer a selva amaz\u00f4nica. Por aqui n\u00e3o h\u00e1 ind\u00fastrias, e at\u00e9 os autom\u00f3veis s\u00e3o raros. Grande parte da popula\u00e7\u00e3o vive em pequenas comunidades na selva, bem naquele estilo que vemos no Globo Rep\u00f3rter mesmo.<\/p>\n<p>Al\u00e9m de tudo isso, \u00e9 aqui que est\u00e1 a conflu\u00eancia dos rios <i>Mara\u00f1\u00f3n<\/i> e <i>Ucayali<\/i>, dando origem ao imenso Amazonas, que segue at\u00e9 o nosso pa\u00eds.<\/p>\n<p>N\u00f3s tivemos a oportunidade de fazer um tour de dois dias por esta regi\u00e3o, e aqui contamos como foi!<\/p>\n<figure id=\"attachment_3870\" aria-describedby=\"caption-attachment-3870\" style=\"width: 960px\" class=\"wp-caption aligncenter\"><img data-recalc-dims=\"1\" loading=\"lazy\" decoding=\"async\" data-attachment-id=\"3870\" data-permalink=\"https:\/\/mundosemfim.com\/?attachment_id=3870\" data-orig-file=\"https:\/\/i0.wp.com\/mundosemfim.com\/wp-content\/uploads\/2016\/07\/DSC_0024.jpg?fit=960%2C640&amp;ssl=1\" data-orig-size=\"960,640\" data-comments-opened=\"1\" data-image-meta=\"{&quot;aperture&quot;:&quot;18&quot;,&quot;credit&quot;:&quot;&quot;,&quot;camera&quot;:&quot;NIKON D5200&quot;,&quot;caption&quot;:&quot;&quot;,&quot;created_timestamp&quot;:&quot;1468584134&quot;,&quot;copyright&quot;:&quot;&quot;,&quot;focal_length&quot;:&quot;18&quot;,&quot;iso&quot;:&quot;160&quot;,&quot;shutter_speed&quot;:&quot;0.005&quot;,&quot;title&quot;:&quot;&quot;,&quot;orientation&quot;:&quot;1&quot;}\" data-image-title=\"Amaz\u00f4nia\" data-image-description=\"\" data-image-caption=\"&lt;p&gt;Aqui \u00e9 onde se juntam dois enormes rios para formar o monstruoso Amazonas&lt;\/p&gt;\n\" data-large-file=\"https:\/\/i0.wp.com\/mundosemfim.com\/wp-content\/uploads\/2016\/07\/DSC_0024.jpg?fit=764%2C509&amp;ssl=1\" class=\"size-full wp-image-3870\" src=\"https:\/\/i0.wp.com\/mundosemfim.com\/wp-content\/uploads\/2016\/07\/DSC_0024.jpg?resize=764%2C509&#038;ssl=1\" alt=\"Aqui \u00e9 onde se juntam dois enormes rios para formar o monstruoso Amazonas\" width=\"764\" height=\"509\" srcset=\"https:\/\/i0.wp.com\/mundosemfim.com\/wp-content\/uploads\/2016\/07\/DSC_0024.jpg?w=960&amp;ssl=1 960w, https:\/\/i0.wp.com\/mundosemfim.com\/wp-content\/uploads\/2016\/07\/DSC_0024.jpg?resize=300%2C200&amp;ssl=1 300w, https:\/\/i0.wp.com\/mundosemfim.com\/wp-content\/uploads\/2016\/07\/DSC_0024.jpg?resize=768%2C512&amp;ssl=1 768w\" sizes=\"auto, (max-width: 764px) 100vw, 764px\" \/><figcaption id=\"caption-attachment-3870\" class=\"wp-caption-text\">Aqui \u00e9 onde se juntam dois enormes rios para formar o monstruoso Amazonas<\/figcaption><\/figure>\n<h3><b>Pre\u00e7o<\/b><\/h3>\n<p>Uma passagem de <a href=\"https:\/\/mundosemfim.com\/conhecendo-iquitos-o-coracao-da-selva-amazonica-peruana\/\">Iquitos<\/a> para Nauta custa 10 soles.<\/p>\n<p>O pre\u00e7o m\u00e9dio para um tour na regi\u00e3o, passando a noite em algum lodge na selva, \u00e9 de 200 euros por noite por pessoa. Quase desistimos.<\/p>\n<p>Felizmente descobrimos o <i>Wild Yarapa Amazon Jungle Lodge<\/i>, excelente lodge que cobra apenas 100 d\u00f3lares por noite (com tudo inclu\u00eddo, inclusive o transporte para Nauta). Ainda que 100 d\u00f3lares seja grana, \u00e9 relativamente barato para conhecer a Amaz\u00f4nia.<\/p>\n<p>Verifique poss\u00edveis descontos para grupos grandes, estudantes ou longas estadias.<\/p>\n<figure id=\"attachment_3883\" aria-describedby=\"caption-attachment-3883\" style=\"width: 805px\" class=\"wp-caption aligncenter\"><img data-recalc-dims=\"1\" loading=\"lazy\" decoding=\"async\" data-attachment-id=\"3883\" data-permalink=\"https:\/\/mundosemfim.com\/?attachment_id=3883\" data-orig-file=\"https:\/\/i0.wp.com\/mundosemfim.com\/wp-content\/uploads\/2016\/07\/DSC_0189.jpg?fit=805%2C716&amp;ssl=1\" data-orig-size=\"805,716\" data-comments-opened=\"1\" data-image-meta=\"{&quot;aperture&quot;:&quot;13&quot;,&quot;credit&quot;:&quot;&quot;,&quot;camera&quot;:&quot;NIKON D5200&quot;,&quot;caption&quot;:&quot;&quot;,&quot;created_timestamp&quot;:&quot;1468652766&quot;,&quot;copyright&quot;:&quot;&quot;,&quot;focal_length&quot;:&quot;55&quot;,&quot;iso&quot;:&quot;125&quot;,&quot;shutter_speed&quot;:&quot;0.005&quot;,&quot;title&quot;:&quot;&quot;,&quot;orientation&quot;:&quot;1&quot;}\" data-image-title=\"Amaz\u00f4nia\" data-image-description=\"\" data-image-caption=\"&lt;p&gt;Observa\u00e7\u00e3o de p\u00e1ssaros pode ser um \u00f3timo passatempo na selva&lt;\/p&gt;\n\" data-large-file=\"https:\/\/i0.wp.com\/mundosemfim.com\/wp-content\/uploads\/2016\/07\/DSC_0189.jpg?fit=764%2C680&amp;ssl=1\" class=\"size-full wp-image-3883\" src=\"https:\/\/i0.wp.com\/mundosemfim.com\/wp-content\/uploads\/2016\/07\/DSC_0189.jpg?resize=764%2C680&#038;ssl=1\" alt=\"Observa\u00e7\u00e3o de p\u00e1ssaros pode ser um \u00f3timo passatempo na selva\" width=\"764\" height=\"680\" srcset=\"https:\/\/i0.wp.com\/mundosemfim.com\/wp-content\/uploads\/2016\/07\/DSC_0189.jpg?w=805&amp;ssl=1 805w, https:\/\/i0.wp.com\/mundosemfim.com\/wp-content\/uploads\/2016\/07\/DSC_0189.jpg?resize=300%2C267&amp;ssl=1 300w, https:\/\/i0.wp.com\/mundosemfim.com\/wp-content\/uploads\/2016\/07\/DSC_0189.jpg?resize=768%2C683&amp;ssl=1 768w\" sizes=\"auto, (max-width: 764px) 100vw, 764px\" \/><figcaption id=\"caption-attachment-3883\" class=\"wp-caption-text\">Observa\u00e7\u00e3o de p\u00e1ssaros pode ser um \u00f3timo passatempo na selva<\/figcaption><\/figure>\n<figure id=\"attachment_3871\" aria-describedby=\"caption-attachment-3871\" style=\"width: 960px\" class=\"wp-caption aligncenter\"><img data-recalc-dims=\"1\" loading=\"lazy\" decoding=\"async\" data-attachment-id=\"3871\" data-permalink=\"https:\/\/mundosemfim.com\/?attachment_id=3871\" data-orig-file=\"https:\/\/i0.wp.com\/mundosemfim.com\/wp-content\/uploads\/2016\/07\/DSC_0045-1.jpg?fit=960%2C640&amp;ssl=1\" data-orig-size=\"960,640\" data-comments-opened=\"1\" data-image-meta=\"{&quot;aperture&quot;:&quot;16&quot;,&quot;credit&quot;:&quot;&quot;,&quot;camera&quot;:&quot;NIKON D5200&quot;,&quot;caption&quot;:&quot;&quot;,&quot;created_timestamp&quot;:&quot;1468586661&quot;,&quot;copyright&quot;:&quot;&quot;,&quot;focal_length&quot;:&quot;18&quot;,&quot;iso&quot;:&quot;125&quot;,&quot;shutter_speed&quot;:&quot;0.016666666666667&quot;,&quot;title&quot;:&quot;&quot;,&quot;orientation&quot;:&quot;1&quot;}\" data-image-title=\"Amaz\u00f4nia\" data-image-description=\"\" data-image-caption=\"&lt;p&gt;Wild Yarapa Amazon Jungle Lodge &amp;#8211; onde passamos uma excelente noite na selva!&lt;\/p&gt;\n\" data-large-file=\"https:\/\/i0.wp.com\/mundosemfim.com\/wp-content\/uploads\/2016\/07\/DSC_0045-1.jpg?fit=764%2C509&amp;ssl=1\" class=\"size-full wp-image-3871\" src=\"https:\/\/i0.wp.com\/mundosemfim.com\/wp-content\/uploads\/2016\/07\/DSC_0045-1.jpg?resize=764%2C509&#038;ssl=1\" alt=\"Wild Yarapa Amazon Jungle Lodge - onde passamos uma excelente noite na selva!\" width=\"764\" height=\"509\" srcset=\"https:\/\/i0.wp.com\/mundosemfim.com\/wp-content\/uploads\/2016\/07\/DSC_0045-1.jpg?w=960&amp;ssl=1 960w, https:\/\/i0.wp.com\/mundosemfim.com\/wp-content\/uploads\/2016\/07\/DSC_0045-1.jpg?resize=300%2C200&amp;ssl=1 300w, https:\/\/i0.wp.com\/mundosemfim.com\/wp-content\/uploads\/2016\/07\/DSC_0045-1.jpg?resize=768%2C512&amp;ssl=1 768w\" sizes=\"auto, (max-width: 764px) 100vw, 764px\" \/><figcaption id=\"caption-attachment-3871\" class=\"wp-caption-text\">Wild Yarapa Amazon Jungle Lodge &#8211; onde passamos uma excelente noite na selva!<\/figcaption><\/figure>\n<h3><b>Quem leva?<\/b><\/h3>\n<p>A empresa que leva a este lodge \u00e9 a\u00a0<a href=\"https:\/\/reduakarijungletours.com\/\"><strong>Red Uakari<\/strong> <\/a><strong><a href=\"https:\/\/reduakarijungletours.com\/\">Jungle Tours<\/a>.<\/strong><\/p>\n<p>O guia que nos levou foi o Orlando Pinedo, e seu servi\u00e7o foi excelente. Se quiser entrar em contato diretamente com ele, seu telefone (e <strong>whatsapp<\/strong>) \u00e9: <strong>(+51) <span class=\"_5yl5\">968 623 449<\/span><\/strong>.<\/p>\n<figure id=\"attachment_3872\" aria-describedby=\"caption-attachment-3872\" style=\"width: 960px\" class=\"wp-caption aligncenter\"><img data-recalc-dims=\"1\" loading=\"lazy\" decoding=\"async\" data-attachment-id=\"3872\" data-permalink=\"https:\/\/mundosemfim.com\/?attachment_id=3872\" data-orig-file=\"https:\/\/i0.wp.com\/mundosemfim.com\/wp-content\/uploads\/2016\/07\/DSC_0176.jpg?fit=960%2C640&amp;ssl=1\" data-orig-size=\"960,640\" data-comments-opened=\"1\" data-image-meta=\"{&quot;aperture&quot;:&quot;14&quot;,&quot;credit&quot;:&quot;&quot;,&quot;camera&quot;:&quot;NIKON D5200&quot;,&quot;caption&quot;:&quot;&quot;,&quot;created_timestamp&quot;:&quot;1468609751&quot;,&quot;copyright&quot;:&quot;&quot;,&quot;focal_length&quot;:&quot;18&quot;,&quot;iso&quot;:&quot;125&quot;,&quot;shutter_speed&quot;:&quot;15&quot;,&quot;title&quot;:&quot;&quot;,&quot;orientation&quot;:&quot;1&quot;}\" data-image-title=\"Amaz\u00f4nia\" data-image-description=\"\" data-image-caption=\"&lt;p&gt;Jantando em grande estilo&lt;\/p&gt;\n\" data-large-file=\"https:\/\/i0.wp.com\/mundosemfim.com\/wp-content\/uploads\/2016\/07\/DSC_0176.jpg?fit=764%2C509&amp;ssl=1\" class=\"size-full wp-image-3872\" src=\"https:\/\/i0.wp.com\/mundosemfim.com\/wp-content\/uploads\/2016\/07\/DSC_0176.jpg?resize=764%2C509&#038;ssl=1\" alt=\"Jantando em grande estilo\" width=\"764\" height=\"509\" srcset=\"https:\/\/i0.wp.com\/mundosemfim.com\/wp-content\/uploads\/2016\/07\/DSC_0176.jpg?w=960&amp;ssl=1 960w, https:\/\/i0.wp.com\/mundosemfim.com\/wp-content\/uploads\/2016\/07\/DSC_0176.jpg?resize=300%2C200&amp;ssl=1 300w, https:\/\/i0.wp.com\/mundosemfim.com\/wp-content\/uploads\/2016\/07\/DSC_0176.jpg?resize=768%2C512&amp;ssl=1 768w\" sizes=\"auto, (max-width: 764px) 100vw, 764px\" \/><figcaption id=\"caption-attachment-3872\" class=\"wp-caption-text\">Jantando em grande estilo<\/figcaption><\/figure>\n<h3><b>O tour<\/b><\/h3>\n<p>O legal \u00e9 que este passeio \u00e9 bem din\u00e2mico \u2013 voc\u00ea e o seu grupo podem decidir diretamente com o guia ou a ag\u00eancia o que querem fazer. \u00c9 poss\u00edvel incluir um acampamento na selva, pesca ou uma viagem de v\u00e1rios dias de barco, se quiser.<\/p>\n<p>O tempo ideal para ficar na selva e poder conhecer bem a regi\u00e3o \u00e9 de 4 dias (3 noites). Se quiser acampar uma noite na selva, acrescente uma noite a mais.<\/p>\n<p>No nosso caso passamos apenas uma noite. No futuro, de f\u00e9rias e com mais dinheiro, voltaremos para ficar mais, mas esta 1 noite que passamos j\u00e1 foi muito gratificante. Aqui contamos como foi:<\/p>\n<figure id=\"attachment_3873\" aria-describedby=\"caption-attachment-3873\" style=\"width: 960px\" class=\"wp-caption aligncenter\"><img data-recalc-dims=\"1\" loading=\"lazy\" decoding=\"async\" data-attachment-id=\"3873\" data-permalink=\"https:\/\/mundosemfim.com\/?attachment_id=3873\" data-orig-file=\"https:\/\/i0.wp.com\/mundosemfim.com\/wp-content\/uploads\/2016\/07\/DSC_0001-1.jpg?fit=960%2C640&amp;ssl=1\" data-orig-size=\"960,640\" data-comments-opened=\"1\" data-image-meta=\"{&quot;aperture&quot;:&quot;16&quot;,&quot;credit&quot;:&quot;&quot;,&quot;camera&quot;:&quot;NIKON D5200&quot;,&quot;caption&quot;:&quot;&quot;,&quot;created_timestamp&quot;:&quot;1468580768&quot;,&quot;copyright&quot;:&quot;&quot;,&quot;focal_length&quot;:&quot;18&quot;,&quot;iso&quot;:&quot;100&quot;,&quot;shutter_speed&quot;:&quot;0.0125&quot;,&quot;title&quot;:&quot;&quot;,&quot;orientation&quot;:&quot;1&quot;}\" data-image-title=\"Amaz\u00f5nia\" data-image-description=\"\" data-image-caption=\"&lt;p&gt;O porto de Nauta&lt;\/p&gt;\n\" data-large-file=\"https:\/\/i0.wp.com\/mundosemfim.com\/wp-content\/uploads\/2016\/07\/DSC_0001-1.jpg?fit=764%2C509&amp;ssl=1\" class=\"size-full wp-image-3873\" src=\"https:\/\/i0.wp.com\/mundosemfim.com\/wp-content\/uploads\/2016\/07\/DSC_0001-1.jpg?resize=764%2C509&#038;ssl=1\" alt=\"O porto de Nauta\" width=\"764\" height=\"509\" srcset=\"https:\/\/i0.wp.com\/mundosemfim.com\/wp-content\/uploads\/2016\/07\/DSC_0001-1.jpg?w=960&amp;ssl=1 960w, https:\/\/i0.wp.com\/mundosemfim.com\/wp-content\/uploads\/2016\/07\/DSC_0001-1.jpg?resize=300%2C200&amp;ssl=1 300w, https:\/\/i0.wp.com\/mundosemfim.com\/wp-content\/uploads\/2016\/07\/DSC_0001-1.jpg?resize=768%2C512&amp;ssl=1 768w\" sizes=\"auto, (max-width: 764px) 100vw, 764px\" \/><figcaption id=\"caption-attachment-3873\" class=\"wp-caption-text\">O porto de Nauta<\/figcaption><\/figure>\n<h4><i>1\u00b0 dia<\/i><\/h4>\n<p>Orlando veio nos buscar de carro em nosso hotel em <a href=\"https:\/\/mundosemfim.com\/conhecendo-iquitos-o-coracao-da-selva-amazonica-peruana\/\">Iquitos<\/a> \u00e0s 9h da manh\u00e3. Est\u00e1vamos somente n\u00f3s \u2013 ou seja, um tour particular!<\/p>\n<p>Dali seguimos por pouco mais de 1h at\u00e9 a pequena cidade de Nauta. No caminho ele fez uma pequena parada e comprou chicha morada (um suco de milho roxo, t\u00edpico do <a href=\"https:\/\/mundosemfim.com\/mochilao-pelo-peru-roteiro-gastos-dicas-fotos-etc\/\">Peru<\/a>) e umas sementes\u00a0para experimentarmos. Estava excelente e gelado, \u00f3timo para amenizar um pouco o calor!<\/p>\n<figure id=\"attachment_3874\" aria-describedby=\"caption-attachment-3874\" style=\"width: 965px\" class=\"wp-caption aligncenter\"><img data-recalc-dims=\"1\" loading=\"lazy\" decoding=\"async\" data-attachment-id=\"3874\" data-permalink=\"https:\/\/mundosemfim.com\/?attachment_id=3874\" data-orig-file=\"https:\/\/i0.wp.com\/mundosemfim.com\/wp-content\/uploads\/2016\/07\/P7150016.jpg?fit=965%2C644&amp;ssl=1\" data-orig-size=\"965,644\" data-comments-opened=\"1\" data-image-meta=\"{&quot;aperture&quot;:&quot;3.9&quot;,&quot;credit&quot;:&quot;&quot;,&quot;camera&quot;:&quot;TG-630&quot;,&quot;caption&quot;:&quot;OLYMPUS DIGITAL CAMERA&quot;,&quot;created_timestamp&quot;:&quot;1468577198&quot;,&quot;copyright&quot;:&quot;&quot;,&quot;focal_length&quot;:&quot;5&quot;,&quot;iso&quot;:&quot;200&quot;,&quot;shutter_speed&quot;:&quot;0.016666666666667&quot;,&quot;title&quot;:&quot;OLYMPUS DIGITAL CAMERA&quot;,&quot;orientation&quot;:&quot;1&quot;}\" data-image-title=\"Amaz\u00f4nia\" data-image-description=\"\" data-image-caption=\"&lt;p&gt;Chicha morada &amp;#8211; para quem vem ao Peru, \u00e9 obrigat\u00f3rio experiment\u00e1-la!&lt;\/p&gt;\n\" data-large-file=\"https:\/\/i0.wp.com\/mundosemfim.com\/wp-content\/uploads\/2016\/07\/P7150016.jpg?fit=764%2C510&amp;ssl=1\" class=\"size-full wp-image-3874\" src=\"https:\/\/i0.wp.com\/mundosemfim.com\/wp-content\/uploads\/2016\/07\/P7150016.jpg?resize=764%2C510&#038;ssl=1\" alt=\"Chicha morada - para quem vem ao Peru, \u00e9 obrigat\u00f3rio experiment\u00e1-la!\" width=\"764\" height=\"510\" srcset=\"https:\/\/i0.wp.com\/mundosemfim.com\/wp-content\/uploads\/2016\/07\/P7150016.jpg?w=965&amp;ssl=1 965w, https:\/\/i0.wp.com\/mundosemfim.com\/wp-content\/uploads\/2016\/07\/P7150016.jpg?resize=300%2C200&amp;ssl=1 300w, https:\/\/i0.wp.com\/mundosemfim.com\/wp-content\/uploads\/2016\/07\/P7150016.jpg?resize=768%2C513&amp;ssl=1 768w\" sizes=\"auto, (max-width: 764px) 100vw, 764px\" \/><figcaption id=\"caption-attachment-3874\" class=\"wp-caption-text\">Chicha morada &#8211; para quem vem ao Peru, \u00e9 obrigat\u00f3rio experiment\u00e1-la! A semente \u00e9 &#8220;macambo&#8221;, o biscoito da selva<\/figcaption><\/figure>\n<p>Chegando em Nauta, pegamos um barco e seguimos por 1h at\u00e9 o lodge, passando por onde nasce o rio Amazonas e acompanhados por v\u00e1rios golfinhos, tanto cinzas quanto rosados.<\/p>\n<p>O lodge parecia de filme, todo feito de madeira em meio \u00e0 selva. Nosso quarto era privado, com cama matrimonial e uma mosquiteira (imagin\u00e1vamos que s\u00f3 dormir\u00edamos assim na \u00c1frica, mas acabou acontecendo muito antes!).<\/p>\n<figure id=\"attachment_3875\" aria-describedby=\"caption-attachment-3875\" style=\"width: 965px\" class=\"wp-caption aligncenter\"><img data-recalc-dims=\"1\" loading=\"lazy\" decoding=\"async\" data-attachment-id=\"3875\" data-permalink=\"https:\/\/mundosemfim.com\/?attachment_id=3875\" data-orig-file=\"https:\/\/i0.wp.com\/mundosemfim.com\/wp-content\/uploads\/2016\/07\/P7150078.jpg?fit=965%2C644&amp;ssl=1\" data-orig-size=\"965,644\" data-comments-opened=\"1\" data-image-meta=\"{&quot;aperture&quot;:&quot;3.9&quot;,&quot;credit&quot;:&quot;&quot;,&quot;camera&quot;:&quot;TG-630&quot;,&quot;caption&quot;:&quot;OLYMPUS DIGITAL CAMERA&quot;,&quot;created_timestamp&quot;:&quot;1468613175&quot;,&quot;copyright&quot;:&quot;&quot;,&quot;focal_length&quot;:&quot;5&quot;,&quot;iso&quot;:&quot;1000&quot;,&quot;shutter_speed&quot;:&quot;0.125&quot;,&quot;title&quot;:&quot;OLYMPUS DIGITAL CAMERA&quot;,&quot;orientation&quot;:&quot;1&quot;}\" data-image-title=\"Amaz\u00f4nia\" data-image-description=\"\" data-image-caption=\"&lt;p&gt;Dormindo em uma mosquiteira na selva!&lt;\/p&gt;\n\" data-large-file=\"https:\/\/i0.wp.com\/mundosemfim.com\/wp-content\/uploads\/2016\/07\/P7150078.jpg?fit=764%2C510&amp;ssl=1\" class=\"size-full wp-image-3875\" src=\"https:\/\/i0.wp.com\/mundosemfim.com\/wp-content\/uploads\/2016\/07\/P7150078.jpg?resize=764%2C510&#038;ssl=1\" alt=\"Dormindo em uma mosquiteira na selva!\" width=\"764\" height=\"510\" srcset=\"https:\/\/i0.wp.com\/mundosemfim.com\/wp-content\/uploads\/2016\/07\/P7150078.jpg?w=965&amp;ssl=1 965w, https:\/\/i0.wp.com\/mundosemfim.com\/wp-content\/uploads\/2016\/07\/P7150078.jpg?resize=300%2C200&amp;ssl=1 300w, https:\/\/i0.wp.com\/mundosemfim.com\/wp-content\/uploads\/2016\/07\/P7150078.jpg?resize=768%2C513&amp;ssl=1 768w\" sizes=\"auto, (max-width: 764px) 100vw, 764px\" \/><figcaption id=\"caption-attachment-3875\" class=\"wp-caption-text\">Dormindo em uma mosquiteira na selva!<\/figcaption><\/figure>\n<p>Almo\u00e7amos um excelente bife (fazia tempo que n\u00e3o com\u00edamos carne) com arroz e salada, descansamos um pouco e, quando o sol aliviou um pouco, fomos fazer um tour.<\/p>\n<p>Primeiramente paramos em uma reserva onde a comunidade nativa cuidava de um lago com vit\u00f3rias-r\u00e9gias. Orlando nos ensinou um pouco sobre as plantas da regi\u00e3o. Tiramos algumas fotos e voltamos para o barco.<\/p>\n<p>Seguimos at\u00e9 o rio Ucayali, onde nadamos com golfinhos at\u00e9 o por-do-sol e observamos algumas aves.<\/p>\n<p>Voltamos para o lodge, jantamos, tomamos um banho e fomos dormir. No dia seguinte, nossa aventura come\u00e7aria \u00e0s 7h.<\/p>\n<figure id=\"attachment_3881\" aria-describedby=\"caption-attachment-3881\" style=\"width: 960px\" class=\"wp-caption aligncenter\"><img data-recalc-dims=\"1\" loading=\"lazy\" decoding=\"async\" data-attachment-id=\"3881\" data-permalink=\"https:\/\/mundosemfim.com\/?attachment_id=3881\" data-orig-file=\"https:\/\/i0.wp.com\/mundosemfim.com\/wp-content\/uploads\/2016\/07\/DSC_0108.jpg?fit=960%2C640&amp;ssl=1\" data-orig-size=\"960,640\" data-comments-opened=\"1\" data-image-meta=\"{&quot;aperture&quot;:&quot;16&quot;,&quot;credit&quot;:&quot;&quot;,&quot;camera&quot;:&quot;NIKON D5200&quot;,&quot;caption&quot;:&quot;&quot;,&quot;created_timestamp&quot;:&quot;1468601108&quot;,&quot;copyright&quot;:&quot;&quot;,&quot;focal_length&quot;:&quot;18&quot;,&quot;iso&quot;:&quot;125&quot;,&quot;shutter_speed&quot;:&quot;0.016666666666667&quot;,&quot;title&quot;:&quot;&quot;,&quot;orientation&quot;:&quot;1&quot;}\" data-image-title=\"Amaz\u00f2nia\" data-image-description=\"\" data-image-caption=\"&lt;p&gt;Reserva de vit\u00f3rias-r\u00e9gia na Amaz\u00f4nia&lt;\/p&gt;\n\" data-large-file=\"https:\/\/i0.wp.com\/mundosemfim.com\/wp-content\/uploads\/2016\/07\/DSC_0108.jpg?fit=764%2C509&amp;ssl=1\" class=\"size-full wp-image-3881\" src=\"https:\/\/i0.wp.com\/mundosemfim.com\/wp-content\/uploads\/2016\/07\/DSC_0108.jpg?resize=764%2C509&#038;ssl=1\" alt=\"Reserva de vit\u00f3rias-r\u00e9gia na Amaz\u00f4nia\" width=\"764\" height=\"509\" srcset=\"https:\/\/i0.wp.com\/mundosemfim.com\/wp-content\/uploads\/2016\/07\/DSC_0108.jpg?w=960&amp;ssl=1 960w, https:\/\/i0.wp.com\/mundosemfim.com\/wp-content\/uploads\/2016\/07\/DSC_0108.jpg?resize=300%2C200&amp;ssl=1 300w, https:\/\/i0.wp.com\/mundosemfim.com\/wp-content\/uploads\/2016\/07\/DSC_0108.jpg?resize=768%2C512&amp;ssl=1 768w\" sizes=\"auto, (max-width: 764px) 100vw, 764px\" \/><figcaption id=\"caption-attachment-3881\" class=\"wp-caption-text\">Reserva de vit\u00f3rias-r\u00e9gia na Amaz\u00f4nia<\/figcaption><\/figure>\n<figure id=\"attachment_3876\" aria-describedby=\"caption-attachment-3876\" style=\"width: 965px\" class=\"wp-caption aligncenter\"><img data-recalc-dims=\"1\" loading=\"lazy\" decoding=\"async\" data-attachment-id=\"3876\" data-permalink=\"https:\/\/mundosemfim.com\/?attachment_id=3876\" data-orig-file=\"https:\/\/i0.wp.com\/mundosemfim.com\/wp-content\/uploads\/2016\/07\/P7150075.jpg?fit=965%2C644&amp;ssl=1\" data-orig-size=\"965,644\" data-comments-opened=\"1\" data-image-meta=\"{&quot;aperture&quot;:&quot;3.9&quot;,&quot;credit&quot;:&quot;&quot;,&quot;camera&quot;:&quot;TG-630&quot;,&quot;caption&quot;:&quot;OLYMPUS DIGITAL CAMERA&quot;,&quot;created_timestamp&quot;:&quot;1468605451&quot;,&quot;copyright&quot;:&quot;&quot;,&quot;focal_length&quot;:&quot;5&quot;,&quot;iso&quot;:&quot;100&quot;,&quot;shutter_speed&quot;:&quot;0.0125&quot;,&quot;title&quot;:&quot;OLYMPUS DIGITAL CAMERA&quot;,&quot;orientation&quot;:&quot;1&quot;}\" data-image-title=\"Amaz\u00f4nia\" data-image-description=\"\" data-image-caption=\"&lt;p&gt;Bel\u00edssimo por-do-sol na selva Amaz\u00f4nica&lt;\/p&gt;\n\" data-large-file=\"https:\/\/i0.wp.com\/mundosemfim.com\/wp-content\/uploads\/2016\/07\/P7150075.jpg?fit=764%2C510&amp;ssl=1\" class=\"size-full wp-image-3876\" src=\"https:\/\/i0.wp.com\/mundosemfim.com\/wp-content\/uploads\/2016\/07\/P7150075.jpg?resize=764%2C510&#038;ssl=1\" alt=\"Bel\u00edssimo por-do-sol na selva Amaz\u00f4nica\" width=\"764\" height=\"510\" srcset=\"https:\/\/i0.wp.com\/mundosemfim.com\/wp-content\/uploads\/2016\/07\/P7150075.jpg?w=965&amp;ssl=1 965w, https:\/\/i0.wp.com\/mundosemfim.com\/wp-content\/uploads\/2016\/07\/P7150075.jpg?resize=300%2C200&amp;ssl=1 300w, https:\/\/i0.wp.com\/mundosemfim.com\/wp-content\/uploads\/2016\/07\/P7150075.jpg?resize=768%2C513&amp;ssl=1 768w\" sizes=\"auto, (max-width: 764px) 100vw, 764px\" \/><figcaption id=\"caption-attachment-3876\" class=\"wp-caption-text\">Bel\u00edssimo por-do-sol na selva Amaz\u00f4nica<\/figcaption><\/figure>\n<h4><i>2\u00b0 dia<\/i><\/h4>\n<p>Acordamos cedo para tomar caf\u00e9-da-manh\u00e3 (cozinharam um prato t\u00edpico da regi\u00e3o, chamado tacacho) e logo encontramos com Orlando vindo do rio com dois peixes frescos (um deles ainda vivo) que seriam nosso almo\u00e7o.<\/p>\n<p>Depois de comer, subimos no barco e seguimos em mais um tour. Pegamos um dos afluentes do Ucayali (um rio negro; vimos um pequeno encontro das \u00e1guas, onde a \u00e1gua negra e a marrom n\u00e3o se misturam) e seguimos selva adentro.<\/p>\n<p>Por a\u00ed vimos v\u00e1rios p\u00e1ssaros, macacos, roedores e at\u00e9 um bicho pregui\u00e7a. Era impressionante a capacidade do Orlando em encontrar esses animais no meio da floresta. Ele tamb\u00e9m conseguia imitar seus sons para faz\u00ea-los se aproximar.<\/p>\n<p>E assim seguimos por mais de 3 horas que passaram voando. Infelizmente era hora de voltar.<\/p>\n<figure id=\"attachment_3877\" aria-describedby=\"caption-attachment-3877\" style=\"width: 804px\" class=\"wp-caption aligncenter\"><img data-recalc-dims=\"1\" loading=\"lazy\" decoding=\"async\" data-attachment-id=\"3877\" data-permalink=\"https:\/\/mundosemfim.com\/?attachment_id=3877\" data-orig-file=\"https:\/\/i0.wp.com\/mundosemfim.com\/wp-content\/uploads\/2016\/07\/DSC_0206.jpg?fit=804%2C534&amp;ssl=1\" data-orig-size=\"804,534\" data-comments-opened=\"1\" data-image-meta=\"{&quot;aperture&quot;:&quot;8&quot;,&quot;credit&quot;:&quot;&quot;,&quot;camera&quot;:&quot;NIKON D5200&quot;,&quot;caption&quot;:&quot;&quot;,&quot;created_timestamp&quot;:&quot;1468655683&quot;,&quot;copyright&quot;:&quot;&quot;,&quot;focal_length&quot;:&quot;55&quot;,&quot;iso&quot;:&quot;125&quot;,&quot;shutter_speed&quot;:&quot;0.0125&quot;,&quot;title&quot;:&quot;&quot;,&quot;orientation&quot;:&quot;1&quot;}\" data-image-title=\"Amaz\u00f4nia\" data-image-description=\"\" data-image-caption=\"&lt;p&gt;Macaquinhos em seu habitat natural. Preciso de uma lente com um zoom maior! :D&lt;\/p&gt;\n\" data-large-file=\"https:\/\/i0.wp.com\/mundosemfim.com\/wp-content\/uploads\/2016\/07\/DSC_0206.jpg?fit=764%2C507&amp;ssl=1\" class=\"size-full wp-image-3877\" src=\"https:\/\/i0.wp.com\/mundosemfim.com\/wp-content\/uploads\/2016\/07\/DSC_0206.jpg?resize=764%2C507&#038;ssl=1\" alt=\"Macaquinhos em seu habitat natural. Preciso de uma lente com um zoom maior! :D\" width=\"764\" height=\"507\" srcset=\"https:\/\/i0.wp.com\/mundosemfim.com\/wp-content\/uploads\/2016\/07\/DSC_0206.jpg?w=804&amp;ssl=1 804w, https:\/\/i0.wp.com\/mundosemfim.com\/wp-content\/uploads\/2016\/07\/DSC_0206.jpg?resize=300%2C199&amp;ssl=1 300w, https:\/\/i0.wp.com\/mundosemfim.com\/wp-content\/uploads\/2016\/07\/DSC_0206.jpg?resize=768%2C510&amp;ssl=1 768w\" sizes=\"auto, (max-width: 764px) 100vw, 764px\" \/><figcaption id=\"caption-attachment-3877\" class=\"wp-caption-text\">Macaquinhos em seu habitat natural. Preciso de uma lente com um zoom maior! \ud83d\ude00<\/figcaption><\/figure>\n<figure id=\"attachment_3880\" aria-describedby=\"caption-attachment-3880\" style=\"width: 960px\" class=\"wp-caption aligncenter\"><img data-recalc-dims=\"1\" loading=\"lazy\" decoding=\"async\" data-attachment-id=\"3880\" data-permalink=\"https:\/\/mundosemfim.com\/?attachment_id=3880\" data-orig-file=\"https:\/\/i0.wp.com\/mundosemfim.com\/wp-content\/uploads\/2016\/07\/DSC_0244.jpg?fit=960%2C640&amp;ssl=1\" data-orig-size=\"960,640\" data-comments-opened=\"1\" data-image-meta=\"{&quot;aperture&quot;:&quot;16&quot;,&quot;credit&quot;:&quot;&quot;,&quot;camera&quot;:&quot;NIKON D5200&quot;,&quot;caption&quot;:&quot;&quot;,&quot;created_timestamp&quot;:&quot;1468663106&quot;,&quot;copyright&quot;:&quot;&quot;,&quot;focal_length&quot;:&quot;18&quot;,&quot;iso&quot;:&quot;160&quot;,&quot;shutter_speed&quot;:&quot;0.0125&quot;,&quot;title&quot;:&quot;&quot;,&quot;orientation&quot;:&quot;1&quot;}\" data-image-title=\"Amaz\u00f4nia\" data-image-description=\"\" data-image-caption=\"&lt;p&gt;Que tal almo\u00e7ar um peixe rec\u00e9m pescado?&lt;\/p&gt;\n\" data-large-file=\"https:\/\/i0.wp.com\/mundosemfim.com\/wp-content\/uploads\/2016\/07\/DSC_0244.jpg?fit=764%2C509&amp;ssl=1\" class=\"size-full wp-image-3880\" src=\"https:\/\/i0.wp.com\/mundosemfim.com\/wp-content\/uploads\/2016\/07\/DSC_0244.jpg?resize=764%2C509&#038;ssl=1\" alt=\"Que tal almo\u00e7ar um peixe rec\u00e9m pescado?\" width=\"764\" height=\"509\" srcset=\"https:\/\/i0.wp.com\/mundosemfim.com\/wp-content\/uploads\/2016\/07\/DSC_0244.jpg?w=960&amp;ssl=1 960w, https:\/\/i0.wp.com\/mundosemfim.com\/wp-content\/uploads\/2016\/07\/DSC_0244.jpg?resize=300%2C200&amp;ssl=1 300w, https:\/\/i0.wp.com\/mundosemfim.com\/wp-content\/uploads\/2016\/07\/DSC_0244.jpg?resize=768%2C512&amp;ssl=1 768w\" sizes=\"auto, (max-width: 764px) 100vw, 764px\" \/><figcaption id=\"caption-attachment-3880\" class=\"wp-caption-text\">Que tal almo\u00e7ar um peixe rec\u00e9m pescado?<\/figcaption><\/figure>\n<p>Passamos no lodge, almo\u00e7amos aquele peixe fresco e, pela tarde, voltamos para Nauta.<\/p>\n<p>De brinde ainda visitamos uma pequena reserva em Nauta, onde havia v\u00e1rias tartarugas de todos os tamanhos.<\/p>\n<p>Chegamos em <a href=\"https:\/\/mundosemfim.com\/conhecendo-iquitos-o-coracao-da-selva-amazonica-peruana\/\">Iquitos<\/a> por volta das 16 horas, com uma vontade imensa de visitar a selva de novo!<\/p>\n<figure id=\"attachment_3878\" aria-describedby=\"caption-attachment-3878\" style=\"width: 960px\" class=\"wp-caption aligncenter\"><img data-recalc-dims=\"1\" loading=\"lazy\" decoding=\"async\" data-attachment-id=\"3878\" data-permalink=\"https:\/\/mundosemfim.com\/?attachment_id=3878\" data-orig-file=\"https:\/\/i0.wp.com\/mundosemfim.com\/wp-content\/uploads\/2016\/07\/DSC_0268.jpg?fit=960%2C640&amp;ssl=1\" data-orig-size=\"960,640\" data-comments-opened=\"1\" data-image-meta=\"{&quot;aperture&quot;:&quot;10&quot;,&quot;credit&quot;:&quot;&quot;,&quot;camera&quot;:&quot;NIKON D5200&quot;,&quot;caption&quot;:&quot;&quot;,&quot;created_timestamp&quot;:&quot;1468676731&quot;,&quot;copyright&quot;:&quot;&quot;,&quot;focal_length&quot;:&quot;55&quot;,&quot;iso&quot;:&quot;125&quot;,&quot;shutter_speed&quot;:&quot;0.008&quot;,&quot;title&quot;:&quot;&quot;,&quot;orientation&quot;:&quot;1&quot;}\" data-image-title=\"Amaz\u00f4nia\" data-image-description=\"\" data-image-caption=\"&lt;p&gt;Pequena reserva com tartarugas em Nauta&lt;\/p&gt;\n\" data-large-file=\"https:\/\/i0.wp.com\/mundosemfim.com\/wp-content\/uploads\/2016\/07\/DSC_0268.jpg?fit=764%2C509&amp;ssl=1\" class=\"size-full wp-image-3878\" src=\"https:\/\/i0.wp.com\/mundosemfim.com\/wp-content\/uploads\/2016\/07\/DSC_0268.jpg?resize=764%2C509&#038;ssl=1\" alt=\"Pequena reserva com tartarugas em Nauta\" width=\"764\" height=\"509\" srcset=\"https:\/\/i0.wp.com\/mundosemfim.com\/wp-content\/uploads\/2016\/07\/DSC_0268.jpg?w=960&amp;ssl=1 960w, https:\/\/i0.wp.com\/mundosemfim.com\/wp-content\/uploads\/2016\/07\/DSC_0268.jpg?resize=300%2C200&amp;ssl=1 300w, https:\/\/i0.wp.com\/mundosemfim.com\/wp-content\/uploads\/2016\/07\/DSC_0268.jpg?resize=768%2C512&amp;ssl=1 768w\" sizes=\"auto, (max-width: 764px) 100vw, 764px\" \/><figcaption id=\"caption-attachment-3878\" class=\"wp-caption-text\">Pequena reserva com tartarugas em Nauta<\/figcaption><\/figure>\n<h3><b>O que levar?<\/b><\/h3>\n<ul>\n<li>Muito repelente e protetor solar.<\/li>\n<li>\u00d3culos de sol, se tiver.<\/li>\n<li>Roupa de banho para nadar com os golfinhos (eles fornecem salva-vidas para quem n\u00e3o sabe nadar).<\/li>\n<li>Uma garrafa de \u00e1gua para os passeios. No lodge tem \u00e1gua mineral para voc\u00ea recarreg\u00e1-la.<\/li>\n<li>Capa de chuva \u2013 o clima na selva muda completamente em quest\u00e3o de segundos.<\/li>\n<li>Muito espa\u00e7o na mem\u00f3ria da c\u00e2mera!\n<p><figure id=\"attachment_3879\" aria-describedby=\"caption-attachment-3879\" style=\"width: 960px\" class=\"wp-caption aligncenter\"><img data-recalc-dims=\"1\" loading=\"lazy\" decoding=\"async\" data-attachment-id=\"3879\" data-permalink=\"https:\/\/mundosemfim.com\/?attachment_id=3879\" data-orig-file=\"https:\/\/i0.wp.com\/mundosemfim.com\/wp-content\/uploads\/2016\/07\/DSC_0023-1.jpg?fit=960%2C640&amp;ssl=1\" data-orig-size=\"960,640\" data-comments-opened=\"1\" data-image-meta=\"{&quot;aperture&quot;:&quot;18&quot;,&quot;credit&quot;:&quot;&quot;,&quot;camera&quot;:&quot;NIKON D5200&quot;,&quot;caption&quot;:&quot;&quot;,&quot;created_timestamp&quot;:&quot;1468584093&quot;,&quot;copyright&quot;:&quot;&quot;,&quot;focal_length&quot;:&quot;18&quot;,&quot;iso&quot;:&quot;160&quot;,&quot;shutter_speed&quot;:&quot;0.005&quot;,&quot;title&quot;:&quot;&quot;,&quot;orientation&quot;:&quot;1&quot;}\" data-image-title=\"Amaz\u00f4nia\" data-image-description=\"\" data-image-caption=\"&lt;p&gt;Terminando nossa aventura!&lt;\/p&gt;\n\" data-large-file=\"https:\/\/i0.wp.com\/mundosemfim.com\/wp-content\/uploads\/2016\/07\/DSC_0023-1.jpg?fit=764%2C509&amp;ssl=1\" class=\"size-full wp-image-3879\" src=\"https:\/\/i0.wp.com\/mundosemfim.com\/wp-content\/uploads\/2016\/07\/DSC_0023-1.jpg?resize=764%2C509&#038;ssl=1\" alt=\"Terminando nossa aventura!\" width=\"764\" height=\"509\" srcset=\"https:\/\/i0.wp.com\/mundosemfim.com\/wp-content\/uploads\/2016\/07\/DSC_0023-1.jpg?w=960&amp;ssl=1 960w, https:\/\/i0.wp.com\/mundosemfim.com\/wp-content\/uploads\/2016\/07\/DSC_0023-1.jpg?resize=300%2C200&amp;ssl=1 300w, https:\/\/i0.wp.com\/mundosemfim.com\/wp-content\/uploads\/2016\/07\/DSC_0023-1.jpg?resize=768%2C512&amp;ssl=1 768w\" sizes=\"auto, (max-width: 764px) 100vw, 764px\" \/><figcaption id=\"caption-attachment-3879\" class=\"wp-caption-text\">Terminando nossa aventura!<\/figcaption><\/figure><\/li>\n<\/ul>\n<p>Para mais dicas de lugares surpreendentes, curtam nossa p\u00e1gina no face!<\/p>\n<p><a href=\"http:\/\/www.facebook.com\/mundosemfimoficial\">www.facebook.com\/mundosemfimoficial<\/a><\/p>\n","protected":false},"excerpt":{"rendered":"<p>Nauta \u00e9 um pequeno povoado peruano a poucos quil\u00f4metros de Iquitos, e se destaca por estar pertinho de onde nasce o imenso Rio Amazonas. Fizemos um sensacional tour pela selva nesta regi\u00e3o, e aqui contamos como foi!<\/p>\n","protected":false},"author":1,"featured_media":3869,"comment_status":"open","ping_status":"open","sticky":false,"template":"","format":"standard","meta":{"jetpack_post_was_ever_published":false,"_jetpack_newsletter_access":"","_jetpack_dont_email_post_to_subs":true,"_jetpack_newsletter_tier_id":0,"_jetpack_memberships_contains_paywalled_content":false,"_jetpack_memberships_contains_paid_content":false,"footnotes":"","jetpack_publicize_message":"","jetpack_publicize_feature_enabled":true,"jetpack_social_post_already_shared":true,"jetpack_social_options":{"image_generator_settings":{"template":"highway","default_image_id":0,"font":"","enabled":false},"version":2}},"categories":[278,6,7,277,43,45],"tags":[],"class_list":["post-3868","post","type-post","status-publish","format-standard","has-post-thumbnail","hentry","category-amazonia","category-america-do-sul","category-america-latina","category-iquitos","category-natureza","category-peru"],"yoast_head":"<!-- This site is optimized with the Yoast SEO plugin v27.5 - https:\/\/yoast.com\/product\/yoast-seo-wordpress\/ -->\n<title>Iquitos \u2013 Um tour pela selva onde nasce o rio Amazonas - Mundo Sem Fim<\/title>\n<meta name=\"robots\" content=\"index, follow, max-snippet:-1, max-image-preview:large, max-video-preview:-1\" \/>\n<link rel=\"canonical\" href=\"https:\/\/mundosemfim.com\/?p=3868\" \/>\n<meta property=\"og:locale\" content=\"pt_BR\" \/>\n<meta property=\"og:type\" content=\"article\" \/>\n<meta property=\"og:title\" content=\"Iquitos \u2013 Um tour pela selva onde nasce o rio Amazonas - Mundo Sem Fim\" \/>\n<meta property=\"og:description\" content=\"Nauta \u00e9 um pequeno povoado peruano a poucos quil\u00f4metros de Iquitos, e se destaca por estar pertinho de onde nasce o imenso Rio Amazonas. Fizemos um sensacional tour pela selva nesta regi\u00e3o, e aqui contamos como foi!\" \/>\n<meta property=\"og:url\" content=\"https:\/\/mundosemfim.com\/?p=3868\" \/>\n<meta property=\"og:site_name\" content=\"Mundo Sem Fim\" \/>\n<meta property=\"article:publisher\" content=\"http:\/\/www.facebook.com\/mundosemfimoficial\" \/>\n<meta property=\"article:published_time\" content=\"2016-07-25T17:35:53+00:00\" \/>\n<meta property=\"article:modified_time\" content=\"2018-10-17T09:45:16+00:00\" \/>\n<meta property=\"og:image\" content=\"https:\/\/i0.wp.com\/mundosemfim.com\/wp-content\/uploads\/2016\/07\/DSC_0230.jpg?fit=960%2C640&ssl=1\" \/>\n\t<meta property=\"og:image:width\" content=\"960\" \/>\n\t<meta property=\"og:image:height\" content=\"640\" \/>\n\t<meta property=\"og:image:type\" content=\"image\/jpeg\" \/>\n<meta name=\"author\" content=\"Renan\" \/>\n<meta name=\"twitter:card\" content=\"summary_large_image\" \/>\n<meta name=\"twitter:label1\" content=\"Escrito por\" \/>\n\t<meta name=\"twitter:data1\" content=\"Renan\" \/>\n\t<meta name=\"twitter:label2\" content=\"Est. tempo de leitura\" \/>\n\t<meta name=\"twitter:data2\" content=\"6 minutos\" \/>\n<script type=\"application\/ld+json\" class=\"yoast-schema-graph\">{\"@context\":\"https:\\\/\\\/schema.org\",\"@graph\":[{\"@type\":\"Article\",\"@id\":\"https:\\\/\\\/mundosemfim.com\\\/?p=3868#article\",\"isPartOf\":{\"@id\":\"https:\\\/\\\/mundosemfim.com\\\/?p=3868\"},\"author\":{\"name\":\"Renan\",\"@id\":\"https:\\\/\\\/mundosemfim.com\\\/#\\\/schema\\\/person\\\/b021d50f3a19bae432e9b69ffbfa9257\"},\"headline\":\"Iquitos \u2013 Um tour pela selva onde nasce o rio Amazonas\",\"datePublished\":\"2016-07-25T17:35:53+00:00\",\"dateModified\":\"2018-10-17T09:45:16+00:00\",\"mainEntityOfPage\":{\"@id\":\"https:\\\/\\\/mundosemfim.com\\\/?p=3868\"},\"wordCount\":1179,\"commentCount\":2,\"image\":{\"@id\":\"https:\\\/\\\/mundosemfim.com\\\/?p=3868#primaryimage\"},\"thumbnailUrl\":\"https:\\\/\\\/i0.wp.com\\\/mundosemfim.com\\\/wp-content\\\/uploads\\\/2016\\\/07\\\/DSC_0230.jpg?fit=960%2C640&ssl=1\",\"articleSection\":[\"Amaz\u00f4nia\",\"Am\u00e9rica do Sul\",\"am\u00e9rica latina\",\"Iquitos\",\"natureza\",\"Peru\"],\"inLanguage\":\"pt-BR\",\"potentialAction\":[{\"@type\":\"CommentAction\",\"name\":\"Comment\",\"target\":[\"https:\\\/\\\/mundosemfim.com\\\/?p=3868#respond\"]}]},{\"@type\":\"WebPage\",\"@id\":\"https:\\\/\\\/mundosemfim.com\\\/?p=3868\",\"url\":\"https:\\\/\\\/mundosemfim.com\\\/?p=3868\",\"name\":\"Iquitos \u2013 Um tour pela selva onde nasce o rio Amazonas - Mundo Sem Fim\",\"isPartOf\":{\"@id\":\"https:\\\/\\\/mundosemfim.com\\\/#website\"},\"primaryImageOfPage\":{\"@id\":\"https:\\\/\\\/mundosemfim.com\\\/?p=3868#primaryimage\"},\"image\":{\"@id\":\"https:\\\/\\\/mundosemfim.com\\\/?p=3868#primaryimage\"},\"thumbnailUrl\":\"https:\\\/\\\/i0.wp.com\\\/mundosemfim.com\\\/wp-content\\\/uploads\\\/2016\\\/07\\\/DSC_0230.jpg?fit=960%2C640&ssl=1\",\"datePublished\":\"2016-07-25T17:35:53+00:00\",\"dateModified\":\"2018-10-17T09:45:16+00:00\",\"author\":{\"@id\":\"https:\\\/\\\/mundosemfim.com\\\/#\\\/schema\\\/person\\\/b021d50f3a19bae432e9b69ffbfa9257\"},\"breadcrumb\":{\"@id\":\"https:\\\/\\\/mundosemfim.com\\\/?p=3868#breadcrumb\"},\"inLanguage\":\"pt-BR\",\"potentialAction\":[{\"@type\":\"ReadAction\",\"target\":[\"https:\\\/\\\/mundosemfim.com\\\/?p=3868\"]}]},{\"@type\":\"ImageObject\",\"inLanguage\":\"pt-BR\",\"@id\":\"https:\\\/\\\/mundosemfim.com\\\/?p=3868#primaryimage\",\"url\":\"https:\\\/\\\/i0.wp.com\\\/mundosemfim.com\\\/wp-content\\\/uploads\\\/2016\\\/07\\\/DSC_0230.jpg?fit=960%2C640&ssl=1\",\"contentUrl\":\"https:\\\/\\\/i0.wp.com\\\/mundosemfim.com\\\/wp-content\\\/uploads\\\/2016\\\/07\\\/DSC_0230.jpg?fit=960%2C640&ssl=1\",\"width\":960,\"height\":640,\"caption\":\"Passeando de barco pelos rios da Amaz\u00f4nia\"},{\"@type\":\"BreadcrumbList\",\"@id\":\"https:\\\/\\\/mundosemfim.com\\\/?p=3868#breadcrumb\",\"itemListElement\":[{\"@type\":\"ListItem\",\"position\":1,\"name\":\"In\u00edcio\",\"item\":\"https:\\\/\\\/mundosemfim.com\\\/\"},{\"@type\":\"ListItem\",\"position\":2,\"name\":\"Iquitos \u2013 Um tour pela selva onde nasce o rio Amazonas\"}]},{\"@type\":\"WebSite\",\"@id\":\"https:\\\/\\\/mundosemfim.com\\\/#website\",\"url\":\"https:\\\/\\\/mundosemfim.com\\\/\",\"name\":\"Mundo Sem Fim\",\"description\":\"uma viagem de volta ao mundo pelos 5 continentes!\",\"potentialAction\":[{\"@type\":\"SearchAction\",\"target\":{\"@type\":\"EntryPoint\",\"urlTemplate\":\"https:\\\/\\\/mundosemfim.com\\\/?s={search_term_string}\"},\"query-input\":{\"@type\":\"PropertyValueSpecification\",\"valueRequired\":true,\"valueName\":\"search_term_string\"}}],\"inLanguage\":\"pt-BR\"},{\"@type\":\"Person\",\"@id\":\"https:\\\/\\\/mundosemfim.com\\\/#\\\/schema\\\/person\\\/b021d50f3a19bae432e9b69ffbfa9257\",\"name\":\"Renan\",\"image\":{\"@type\":\"ImageObject\",\"inLanguage\":\"pt-BR\",\"@id\":\"https:\\\/\\\/secure.gravatar.com\\\/avatar\\\/faafca769a603ac75196d21826f3bda645d7e2d6306bb6e236d8cdb38eb44e38?s=96&d=mm&r=g\",\"url\":\"https:\\\/\\\/secure.gravatar.com\\\/avatar\\\/faafca769a603ac75196d21826f3bda645d7e2d6306bb6e236d8cdb38eb44e38?s=96&d=mm&r=g\",\"contentUrl\":\"https:\\\/\\\/secure.gravatar.com\\\/avatar\\\/faafca769a603ac75196d21826f3bda645d7e2d6306bb6e236d8cdb38eb44e38?s=96&d=mm&r=g\",\"caption\":\"Renan\"}}]}<\/script>\n<!-- \/ Yoast SEO plugin. -->","yoast_head_json":{"title":"Iquitos \u2013 Um tour pela selva onde nasce o rio Amazonas - Mundo Sem Fim","robots":{"index":"index","follow":"follow","max-snippet":"max-snippet:-1","max-image-preview":"max-image-preview:large","max-video-preview":"max-video-preview:-1"},"canonical":"https:\/\/mundosemfim.com\/?p=3868","og_locale":"pt_BR","og_type":"article","og_title":"Iquitos \u2013 Um tour pela selva onde nasce o rio Amazonas - Mundo Sem Fim","og_description":"Nauta \u00e9 um pequeno povoado peruano a poucos quil\u00f4metros de Iquitos, e se destaca por estar pertinho de onde nasce o imenso Rio Amazonas. Fizemos um sensacional tour pela selva nesta regi\u00e3o, e aqui contamos como foi!","og_url":"https:\/\/mundosemfim.com\/?p=3868","og_site_name":"Mundo Sem Fim","article_publisher":"http:\/\/www.facebook.com\/mundosemfimoficial","article_published_time":"2016-07-25T17:35:53+00:00","article_modified_time":"2018-10-17T09:45:16+00:00","og_image":[{"width":960,"height":640,"url":"https:\/\/i0.wp.com\/mundosemfim.com\/wp-content\/uploads\/2016\/07\/DSC_0230.jpg?fit=960%2C640&ssl=1","type":"image\/jpeg"}],"author":"Renan","twitter_card":"summary_large_image","twitter_misc":{"Escrito por":"Renan","Est. tempo de leitura":"6 minutos"},"schema":{"@context":"https:\/\/schema.org","@graph":[{"@type":"Article","@id":"https:\/\/mundosemfim.com\/?p=3868#article","isPartOf":{"@id":"https:\/\/mundosemfim.com\/?p=3868"},"author":{"name":"Renan","@id":"https:\/\/mundosemfim.com\/#\/schema\/person\/b021d50f3a19bae432e9b69ffbfa9257"},"headline":"Iquitos \u2013 Um tour pela selva onde nasce o rio Amazonas","datePublished":"2016-07-25T17:35:53+00:00","dateModified":"2018-10-17T09:45:16+00:00","mainEntityOfPage":{"@id":"https:\/\/mundosemfim.com\/?p=3868"},"wordCount":1179,"commentCount":2,"image":{"@id":"https:\/\/mundosemfim.com\/?p=3868#primaryimage"},"thumbnailUrl":"https:\/\/i0.wp.com\/mundosemfim.com\/wp-content\/uploads\/2016\/07\/DSC_0230.jpg?fit=960%2C640&ssl=1","articleSection":["Amaz\u00f4nia","Am\u00e9rica do Sul","am\u00e9rica latina","Iquitos","natureza","Peru"],"inLanguage":"pt-BR","potentialAction":[{"@type":"CommentAction","name":"Comment","target":["https:\/\/mundosemfim.com\/?p=3868#respond"]}]},{"@type":"WebPage","@id":"https:\/\/mundosemfim.com\/?p=3868","url":"https:\/\/mundosemfim.com\/?p=3868","name":"Iquitos \u2013 Um tour pela selva onde nasce o rio Amazonas - Mundo Sem Fim","isPartOf":{"@id":"https:\/\/mundosemfim.com\/#website"},"primaryImageOfPage":{"@id":"https:\/\/mundosemfim.com\/?p=3868#primaryimage"},"image":{"@id":"https:\/\/mundosemfim.com\/?p=3868#primaryimage"},"thumbnailUrl":"https:\/\/i0.wp.com\/mundosemfim.com\/wp-content\/uploads\/2016\/07\/DSC_0230.jpg?fit=960%2C640&ssl=1","datePublished":"2016-07-25T17:35:53+00:00","dateModified":"2018-10-17T09:45:16+00:00","author":{"@id":"https:\/\/mundosemfim.com\/#\/schema\/person\/b021d50f3a19bae432e9b69ffbfa9257"},"breadcrumb":{"@id":"https:\/\/mundosemfim.com\/?p=3868#breadcrumb"},"inLanguage":"pt-BR","potentialAction":[{"@type":"ReadAction","target":["https:\/\/mundosemfim.com\/?p=3868"]}]},{"@type":"ImageObject","inLanguage":"pt-BR","@id":"https:\/\/mundosemfim.com\/?p=3868#primaryimage","url":"https:\/\/i0.wp.com\/mundosemfim.com\/wp-content\/uploads\/2016\/07\/DSC_0230.jpg?fit=960%2C640&ssl=1","contentUrl":"https:\/\/i0.wp.com\/mundosemfim.com\/wp-content\/uploads\/2016\/07\/DSC_0230.jpg?fit=960%2C640&ssl=1","width":960,"height":640,"caption":"Passeando de barco pelos rios da Amaz\u00f4nia"},{"@type":"BreadcrumbList","@id":"https:\/\/mundosemfim.com\/?p=3868#breadcrumb","itemListElement":[{"@type":"ListItem","position":1,"name":"In\u00edcio","item":"https:\/\/mundosemfim.com\/"},{"@type":"ListItem","position":2,"name":"Iquitos \u2013 Um tour pela selva onde nasce o rio Amazonas"}]},{"@type":"WebSite","@id":"https:\/\/mundosemfim.com\/#website","url":"https:\/\/mundosemfim.com\/","name":"Mundo Sem Fim","description":"uma viagem de volta ao mundo pelos 5 continentes!","potentialAction":[{"@type":"SearchAction","target":{"@type":"EntryPoint","urlTemplate":"https:\/\/mundosemfim.com\/?s={search_term_string}"},"query-input":{"@type":"PropertyValueSpecification","valueRequired":true,"valueName":"search_term_string"}}],"inLanguage":"pt-BR"},{"@type":"Person","@id":"https:\/\/mundosemfim.com\/#\/schema\/person\/b021d50f3a19bae432e9b69ffbfa9257","name":"Renan","image":{"@type":"ImageObject","inLanguage":"pt-BR","@id":"https:\/\/secure.gravatar.com\/avatar\/faafca769a603ac75196d21826f3bda645d7e2d6306bb6e236d8cdb38eb44e38?s=96&d=mm&r=g","url":"https:\/\/secure.gravatar.com\/avatar\/faafca769a603ac75196d21826f3bda645d7e2d6306bb6e236d8cdb38eb44e38?s=96&d=mm&r=g","contentUrl":"https:\/\/secure.gravatar.com\/avatar\/faafca769a603ac75196d21826f3bda645d7e2d6306bb6e236d8cdb38eb44e38?s=96&d=mm&r=g","caption":"Renan"}}]}},"jetpack_publicize_connections":[],"jetpack_featured_media_url":"https:\/\/i0.wp.com\/mundosemfim.com\/wp-content\/uploads\/2016\/07\/DSC_0230.jpg?fit=960%2C640&ssl=1","jetpack_sharing_enabled":true,"jetpack_shortlink":"https:\/\/wp.me\/p7CQyF-10o","jetpack-related-posts":[{"id":3908,"url":"https:\/\/mundosemfim.com\/?p=3908","url_meta":{"origin":3868,"position":0},"title":"Conhecendo Iquitos, o cora\u00e7\u00e3o da Selva Amaz\u00f4nica peruana!","author":"Renan","date":"julho 26, 2016","format":false,"excerpt":"Isolada do resto do pa\u00eds, Iquitos \u00e9 a maior cidade do mundo sem acesso por estradas. Ela \u00e9, tamb\u00e9m, o destino ideal para quem quer conhecer a selva amaz\u00f4nica sem gastar muito dinheiro. Aqui contamos com detalhes como foi nossa experi\u00eancia por l\u00e1! Refer\u00eancia (julho\/2016) 1 real = 1 sol\u2026","rel":"","context":"Em &quot;Amaz\u00f4nia&quot;","block_context":{"text":"Amaz\u00f4nia","link":"https:\/\/mundosemfim.com\/?cat=278"},"img":{"alt_text":"","src":"https:\/\/i0.wp.com\/mundosemfim.com\/wp-content\/uploads\/2016\/07\/P7190232-1.jpg?fit=955%2C448&ssl=1&resize=350%2C200","width":350,"height":200,"srcset":"https:\/\/i0.wp.com\/mundosemfim.com\/wp-content\/uploads\/2016\/07\/P7190232-1.jpg?fit=955%2C448&ssl=1&resize=350%2C200 1x, https:\/\/i0.wp.com\/mundosemfim.com\/wp-content\/uploads\/2016\/07\/P7190232-1.jpg?fit=955%2C448&ssl=1&resize=525%2C300 1.5x, https:\/\/i0.wp.com\/mundosemfim.com\/wp-content\/uploads\/2016\/07\/P7190232-1.jpg?fit=955%2C448&ssl=1&resize=700%2C400 2x"},"classes":[]},{"id":3885,"url":"https:\/\/mundosemfim.com\/?p=3885","url_meta":{"origin":3868,"position":1},"title":"Iquitos \u2013 uma aventura econ\u00f4mica pela selva amaz\u00f4nica","author":"Renan","date":"julho 26, 2016","format":false,"excerpt":"J\u00e1 hav\u00edamos nos aventurado pela selva na regi\u00e3o de Nauta. Agora, \u00e9 hora de descrever como foi nossa aventura na regi\u00e3o de Iquitos! Refer\u00eancia (julho\/2016) 1 real = 1 sol peruano 1 d\u00f3lar = 3,30 soles Descendo o rio Amazonas a partir de Iquitos h\u00e1 uma infinidade de coisas interessantes\u2026","rel":"","context":"Em &quot;Amaz\u00f4nia&quot;","block_context":{"text":"Amaz\u00f4nia","link":"https:\/\/mundosemfim.com\/?cat=278"},"img":{"alt_text":"","src":"https:\/\/i0.wp.com\/mundosemfim.com\/wp-content\/uploads\/2016\/07\/DSC_0571.jpg?fit=960%2C640&ssl=1&resize=350%2C200","width":350,"height":200,"srcset":"https:\/\/i0.wp.com\/mundosemfim.com\/wp-content\/uploads\/2016\/07\/DSC_0571.jpg?fit=960%2C640&ssl=1&resize=350%2C200 1x, https:\/\/i0.wp.com\/mundosemfim.com\/wp-content\/uploads\/2016\/07\/DSC_0571.jpg?fit=960%2C640&ssl=1&resize=525%2C300 1.5x, https:\/\/i0.wp.com\/mundosemfim.com\/wp-content\/uploads\/2016\/07\/DSC_0571.jpg?fit=960%2C640&ssl=1&resize=700%2C400 2x"},"classes":[]},{"id":3815,"url":"https:\/\/mundosemfim.com\/?p=3815","url_meta":{"origin":3868,"position":2},"title":"De Yurimaguas a Iquitos em barco \u2013 uma odiss\u00e9ia pelos rios da Amaz\u00f4nia","author":"Renan","date":"julho 17, 2016","format":false,"excerpt":"Sempre sonhou em penetrar na Amaz\u00f4nia selvagem, mas n\u00e3o tem dinheiro para pagar os car\u00edssimos tours pela regi\u00e3o? Esta travessia de dois dias de barco \u00e9 uma forma bem econ\u00f4mica para conhecer o cora\u00e7\u00e3o da floresta e seus povos, enquanto se delicia com a bel\u00edssima paisagem pelo caminho. Venha conhec\u00ea-la\u2026","rel":"","context":"Em &quot;Amaz\u00f4nia&quot;","block_context":{"text":"Amaz\u00f4nia","link":"https:\/\/mundosemfim.com\/?cat=278"},"img":{"alt_text":"","src":"https:\/\/i0.wp.com\/mundosemfim.com\/wp-content\/uploads\/2016\/07\/DSC_0119.jpg?fit=1020%2C680&ssl=1&resize=350%2C200","width":350,"height":200,"srcset":"https:\/\/i0.wp.com\/mundosemfim.com\/wp-content\/uploads\/2016\/07\/DSC_0119.jpg?fit=1020%2C680&ssl=1&resize=350%2C200 1x, https:\/\/i0.wp.com\/mundosemfim.com\/wp-content\/uploads\/2016\/07\/DSC_0119.jpg?fit=1020%2C680&ssl=1&resize=525%2C300 1.5x, https:\/\/i0.wp.com\/mundosemfim.com\/wp-content\/uploads\/2016\/07\/DSC_0119.jpg?fit=1020%2C680&ssl=1&resize=700%2C400 2x"},"classes":[]},{"id":3859,"url":"https:\/\/mundosemfim.com\/?p=3859","url_meta":{"origin":3868,"position":3},"title":"Viajando por Iquitos \u2013 Conhe\u00e7a a Isla de los Monos (Ilha dos Macacos)","author":"Renan","date":"julho 25, 2016","format":false,"excerpt":"Localizada a poucas horas de barco de Iquitos, a Isla de los Monos \u00e9 uma pequena ilha na selva onde \u00e9 poss\u00edvel ver e brincar com macacos que andam livremente por ali. Venha conhec\u00ea-la! Refer\u00eancia (julho\/2016) 1 real = 1 sol peruano 1 d\u00f3lar = 3,30 soles A Isla de\u2026","rel":"","context":"Em &quot;Amaz\u00f4nia&quot;","block_context":{"text":"Amaz\u00f4nia","link":"https:\/\/mundosemfim.com\/?cat=278"},"img":{"alt_text":"","src":"https:\/\/i0.wp.com\/mundosemfim.com\/wp-content\/uploads\/2016\/07\/P7190252.jpg?fit=965%2C644&ssl=1&resize=350%2C200","width":350,"height":200,"srcset":"https:\/\/i0.wp.com\/mundosemfim.com\/wp-content\/uploads\/2016\/07\/P7190252.jpg?fit=965%2C644&ssl=1&resize=350%2C200 1x, https:\/\/i0.wp.com\/mundosemfim.com\/wp-content\/uploads\/2016\/07\/P7190252.jpg?fit=965%2C644&ssl=1&resize=525%2C300 1.5x, https:\/\/i0.wp.com\/mundosemfim.com\/wp-content\/uploads\/2016\/07\/P7190252.jpg?fit=965%2C644&ssl=1&resize=700%2C400 2x"},"classes":[]},{"id":5217,"url":"https:\/\/mundosemfim.com\/?p=5217","url_meta":{"origin":3868,"position":4},"title":"Roteiros pelo Peru e Bol\u00edvia \u2013 sugest\u00f5es para curtir ao m\u00e1ximo a terra dos Incas!","author":"Renan","date":"fevereiro 13, 2017","format":false,"excerpt":"Quer ver as ru\u00ednas mais impressionantes, conhecer muita hist\u00f3ria e de quebra passar por paisagens fant\u00e1sticas? Preparamos alguns roteiros bacanas para voc\u00eas! Muita gente tem vontade de conhecer o Peru e a Bol\u00edvia, mas tem dificuldades em montar um roteiro incluindo os destinos mais legais sem gastar muito dinheiro com\u2026","rel":"","context":"Em &quot;am\u00e9rica latina&quot;","block_context":{"text":"am\u00e9rica latina","link":"https:\/\/mundosemfim.com\/?cat=7"},"img":{"alt_text":"Roteiro Peru - Bol\u00edvia","src":"https:\/\/i0.wp.com\/mundosemfim.com\/wp-content\/uploads\/2017\/02\/roteiro-2.png?fit=729%2C425&ssl=1&resize=350%2C200","width":350,"height":200,"srcset":"https:\/\/i0.wp.com\/mundosemfim.com\/wp-content\/uploads\/2017\/02\/roteiro-2.png?fit=729%2C425&ssl=1&resize=350%2C200 1x, https:\/\/i0.wp.com\/mundosemfim.com\/wp-content\/uploads\/2017\/02\/roteiro-2.png?fit=729%2C425&ssl=1&resize=525%2C300 1.5x, https:\/\/i0.wp.com\/mundosemfim.com\/wp-content\/uploads\/2017\/02\/roteiro-2.png?fit=729%2C425&ssl=1&resize=700%2C400 2x"},"classes":[]},{"id":3835,"url":"https:\/\/mundosemfim.com\/?p=3835","url_meta":{"origin":3868,"position":5},"title":"Conhecendo o zool\u00f3gico de Quistococha, em Iquitos","author":"Renan","date":"julho 17, 2016","format":false,"excerpt":"O Zool\u00f3gico de Quistococha \u00e9 um dos passeios recomendados para se fazer em Iquitos, principalmente quando n\u00e3o se tem muito tempo ou muito dinheiro. Fomos at\u00e9 l\u00e1, e compartilhamos com voc\u00eas\u00a0como \u00e9! Refer\u00eancia (julho\/2016) 1 real = 1 sol peruano 1 d\u00f3lar = 3,30 soles Opini\u00f5es sobre o zool\u00f3gico Visitar\u2026","rel":"","context":"Em &quot;Amaz\u00f4nia&quot;","block_context":{"text":"Amaz\u00f4nia","link":"https:\/\/mundosemfim.com\/?cat=278"},"img":{"alt_text":"","src":"https:\/\/i0.wp.com\/mundosemfim.com\/wp-content\/uploads\/2016\/07\/DSC_0036.jpg?fit=1020%2C680&ssl=1&resize=350%2C200","width":350,"height":200,"srcset":"https:\/\/i0.wp.com\/mundosemfim.com\/wp-content\/uploads\/2016\/07\/DSC_0036.jpg?fit=1020%2C680&ssl=1&resize=350%2C200 1x, https:\/\/i0.wp.com\/mundosemfim.com\/wp-content\/uploads\/2016\/07\/DSC_0036.jpg?fit=1020%2C680&ssl=1&resize=525%2C300 1.5x, https:\/\/i0.wp.com\/mundosemfim.com\/wp-content\/uploads\/2016\/07\/DSC_0036.jpg?fit=1020%2C680&ssl=1&resize=700%2C400 2x"},"classes":[]}],"_links":{"self":[{"href":"https:\/\/mundosemfim.com\/index.php?rest_route=\/wp\/v2\/posts\/3868","targetHints":{"allow":["GET"]}}],"collection":[{"href":"https:\/\/mundosemfim.com\/index.php?rest_route=\/wp\/v2\/posts"}],"about":[{"href":"https:\/\/mundosemfim.com\/index.php?rest_route=\/wp\/v2\/types\/post"}],"author":[{"embeddable":true,"href":"https:\/\/mundosemfim.com\/index.php?rest_route=\/wp\/v2\/users\/1"}],"replies":[{"embeddable":true,"href":"https:\/\/mundosemfim.com\/index.php?rest_route=%2Fwp%2Fv2%2Fcomments&post=3868"}],"version-history":[{"count":10,"href":"https:\/\/mundosemfim.com\/index.php?rest_route=\/wp\/v2\/posts\/3868\/revisions"}],"predecessor-version":[{"id":8687,"href":"https:\/\/mundosemfim.com\/index.php?rest_route=\/wp\/v2\/posts\/3868\/revisions\/8687"}],"wp:featuredmedia":[{"embeddable":true,"href":"https:\/\/mundosemfim.com\/index.php?rest_route=\/wp\/v2\/media\/3869"}],"wp:attachment":[{"href":"https:\/\/mundosemfim.com\/index.php?rest_route=%2Fwp%2Fv2%2Fmedia&parent=3868"}],"wp:term":[{"taxonomy":"category","embeddable":true,"href":"https:\/\/mundosemfim.com\/index.php?rest_route=%2Fwp%2Fv2%2Fcategories&post=3868"},{"taxonomy":"post_tag","embeddable":true,"href":"https:\/\/mundosemfim.com\/index.php?rest_route=%2Fwp%2Fv2%2Ftags&post=3868"}],"curies":[{"name":"wp","href":"https:\/\/api.w.org\/{rel}","templated":true}]}}