{"id":3652,"date":"2016-06-24T00:25:24","date_gmt":"2016-06-24T03:25:24","guid":{"rendered":"https:\/\/mundosemfim.com\/?p=3652"},"modified":"2017-02-15T21:11:34","modified_gmt":"2017-02-15T23:11:34","slug":"10-lugares-imperdiveis-no-chile","status":"publish","type":"post","link":"https:\/\/mundosemfim.com\/?p=3652","title":{"rendered":"10 lugares imperd\u00edveis no Chile"},"content":{"rendered":"<p>Depois de fazer a lista dos <a href=\"https:\/\/mundosemfim.com\/10-lugares-imperdiveis-na-argentina\/\">10 lugares mais legais que conhecemos na Argentina<\/a>, chegou a hora do Top 10 Chile!<\/p>\n<p><!--more--><\/p>\n<p>Foram quase 3 meses percorrendo o <a href=\"https:\/\/mundosemfim.com\/mochilao-pelo-chile-de-ponta-a-ponta-roteiro-gastos-dicas-fotos-etc\/\">Chile<\/a> de ponta a ponta, vendo paisagens que variavam de picos nevados e lagoas cor esmeralda at\u00e9 desertos que n\u00e3o veem uma gota de chuva h\u00e1 d\u00e9cadas. Foi dif\u00edcil escolher apenas 10 lugares imperd\u00edveis neste pa\u00eds (e isso que n\u00e3o tivemos condi\u00e7\u00f5es de ir \u00e0 Ilha de P\u00e1scoa ou \u00e0 regi\u00e3o de Arica), mas aqui vai os que achamos mais impressionantes:<\/p>\n<ol>\n<li>\n<h3><strong><a href=\"https:\/\/mundosemfim.com\/san-pedro-de-atacama-tudo-o-que-voce-precisa-saber-para-aproveitar-ao-maximo-este-lugar-incrivel\/\">Atacama<\/a><\/strong><\/h3>\n<\/li>\n<\/ol>\n<p>Tudo no deserto mais \u00e1rido do mundo \u00e9 impressionante: desde o pequeno e pitoresco povoado de San Pedro de Atacama at\u00e9 os g\u00eaiseres, vulc\u00f5es, lagoas e forma\u00e7\u00f5es rochosas que o rodeiam fazem a viagem ser inesquec\u00edvel. Apesar de ser um dos destinos mais caros do Chile, \u00e9 quase imposs\u00edvel que algu\u00e9m volte de l\u00e1 arrependido \u2013 o investimento realmente vale a pena. Reserve pelo menos uns 5 dias para o deserto, e tente conhecer tudo por l\u00e1. Cada lugar \u00e9 distindo e merece ser visitado.<\/p>\n<figure id=\"attachment_1684\" aria-describedby=\"caption-attachment-1684\" style=\"width: 764px\" class=\"wp-caption aligncenter\"><img data-recalc-dims=\"1\" loading=\"lazy\" decoding=\"async\" data-attachment-id=\"1684\" data-permalink=\"https:\/\/mundosemfim.com\/?attachment_id=1684\" data-orig-file=\"https:\/\/i0.wp.com\/mundosemfim.com\/wp-content\/uploads\/2016\/04\/dsc_0184.jpg?fit=1800%2C1200&amp;ssl=1\" data-orig-size=\"1800,1200\" data-comments-opened=\"1\" data-image-meta=\"{&quot;aperture&quot;:&quot;16&quot;,&quot;credit&quot;:&quot;&quot;,&quot;camera&quot;:&quot;NIKON D5200&quot;,&quot;caption&quot;:&quot;&quot;,&quot;created_timestamp&quot;:&quot;1460375396&quot;,&quot;copyright&quot;:&quot;&quot;,&quot;focal_length&quot;:&quot;18&quot;,&quot;iso&quot;:&quot;160&quot;,&quot;shutter_speed&quot;:&quot;0.005&quot;,&quot;title&quot;:&quot;&quot;,&quot;orientation&quot;:&quot;1&quot;}\" data-image-title=\"DSC_0184\" data-image-description=\"\" data-image-caption=\"&lt;p&gt;Michele observando o Salar de Tara e toda a beleza que o acompanha&lt;\/p&gt;\n\" data-large-file=\"https:\/\/i0.wp.com\/mundosemfim.com\/wp-content\/uploads\/2016\/04\/dsc_0184.jpg?fit=764%2C510&amp;ssl=1\" class=\"wp-image-1684 size-medium_large\" src=\"https:\/\/i0.wp.com\/mundosemfim.com\/wp-content\/uploads\/2016\/04\/dsc_0184.jpg?resize=764%2C509&#038;ssl=1\" alt=\"Michele observando o Salar de Tara, no Deserto do Atacama\" width=\"764\" height=\"509\" srcset=\"https:\/\/i0.wp.com\/mundosemfim.com\/wp-content\/uploads\/2016\/04\/dsc_0184.jpg?resize=768%2C512&amp;ssl=1 768w, https:\/\/i0.wp.com\/mundosemfim.com\/wp-content\/uploads\/2016\/04\/dsc_0184.jpg?resize=300%2C200&amp;ssl=1 300w, https:\/\/i0.wp.com\/mundosemfim.com\/wp-content\/uploads\/2016\/04\/dsc_0184.jpg?resize=1024%2C683&amp;ssl=1 1024w, https:\/\/i0.wp.com\/mundosemfim.com\/wp-content\/uploads\/2016\/04\/dsc_0184.jpg?w=1800&amp;ssl=1 1800w, https:\/\/i0.wp.com\/mundosemfim.com\/wp-content\/uploads\/2016\/04\/dsc_0184.jpg?w=1528&amp;ssl=1 1528w\" sizes=\"auto, (max-width: 764px) 100vw, 764px\" \/><figcaption id=\"caption-attachment-1684\" class=\"wp-caption-text\">Salar de Tara, no Deserto do Atacama<\/figcaption><\/figure>\n<p>Leia tudo sobre San Pedro de Atacama e arredores <a href=\"https:\/\/mundosemfim.com\/san-pedro-de-atacama-tudo-o-que-voce-precisa-saber-para-aproveitar-ao-maximo-este-lugar-incrivel\/\"><b>aqui<\/b><\/a>.<\/p>\n<ol start=\"2\">\n<li>\n<h3><a href=\"https:\/\/mundosemfim.com\/torres-del-paine-nossa-passagem-por-um-dos-parques-mais-famosos-da-america-do-sul\/\"><strong>Torres del Paine<\/strong><\/a><\/h3>\n<\/li>\n<\/ol>\n<p>Considerado por v\u00e1rios livros de viagem como o melhor parque da Am\u00e9rica do Sul, as Torres del Paine n\u00e3o ganharam esta fama em v\u00e3o: apesar de ter sido queimado duas vezes por turistas irrespons\u00e1veis, este parque continua sendo a Meca dos mochileiros no Chile. Reserve pelo menos uns 3 dias para percorrer este parque (n\u00f3s levamos 8) e aproveite o contato com a natureza e admire suas bel\u00edssimas paisagens.<\/p>\n<figure id=\"attachment_687\" aria-describedby=\"caption-attachment-687\" style=\"width: 764px\" class=\"wp-caption aligncenter\"><img data-recalc-dims=\"1\" loading=\"lazy\" decoding=\"async\" data-attachment-id=\"687\" data-permalink=\"https:\/\/mundosemfim.com\/?attachment_id=687\" data-orig-file=\"https:\/\/i0.wp.com\/mundosemfim.com\/wp-content\/uploads\/2016\/02\/dsc_0613.jpg?fit=1574%2C1050&amp;ssl=1\" data-orig-size=\"1574,1050\" data-comments-opened=\"1\" data-image-meta=\"{&quot;aperture&quot;:&quot;13&quot;,&quot;credit&quot;:&quot;&quot;,&quot;camera&quot;:&quot;NIKON D5200&quot;,&quot;caption&quot;:&quot;&quot;,&quot;created_timestamp&quot;:&quot;1453810215&quot;,&quot;copyright&quot;:&quot;&quot;,&quot;focal_length&quot;:&quot;18&quot;,&quot;iso&quot;:&quot;200&quot;,&quot;shutter_speed&quot;:&quot;0.003125&quot;,&quot;title&quot;:&quot;&quot;,&quot;orientation&quot;:&quot;1&quot;}\" data-image-title=\"Torres del Paine\" data-image-description=\"\" data-image-caption=\"&lt;p&gt;Torres del Paine&lt;\/p&gt;\n\" data-large-file=\"https:\/\/i0.wp.com\/mundosemfim.com\/wp-content\/uploads\/2016\/02\/dsc_0613.jpg?fit=764%2C510&amp;ssl=1\" class=\"size-medium_large wp-image-687\" src=\"https:\/\/i0.wp.com\/mundosemfim.com\/wp-content\/uploads\/2016\/02\/dsc_0613.jpg?resize=764%2C509&#038;ssl=1\" alt=\"Torres del Paine\" width=\"764\" height=\"509\" srcset=\"https:\/\/i0.wp.com\/mundosemfim.com\/wp-content\/uploads\/2016\/02\/dsc_0613.jpg?resize=768%2C512&amp;ssl=1 768w, https:\/\/i0.wp.com\/mundosemfim.com\/wp-content\/uploads\/2016\/02\/dsc_0613.jpg?resize=300%2C200&amp;ssl=1 300w, https:\/\/i0.wp.com\/mundosemfim.com\/wp-content\/uploads\/2016\/02\/dsc_0613.jpg?resize=1024%2C683&amp;ssl=1 1024w, https:\/\/i0.wp.com\/mundosemfim.com\/wp-content\/uploads\/2016\/02\/dsc_0613.jpg?resize=200%2C133&amp;ssl=1 200w, https:\/\/i0.wp.com\/mundosemfim.com\/wp-content\/uploads\/2016\/02\/dsc_0613.jpg?resize=660%2C440&amp;ssl=1 660w, https:\/\/i0.wp.com\/mundosemfim.com\/wp-content\/uploads\/2016\/02\/dsc_0613.jpg?w=1574&amp;ssl=1 1574w\" sizes=\"auto, (max-width: 764px) 100vw, 764px\" \/><figcaption id=\"caption-attachment-687\" class=\"wp-caption-text\">Torres del Paine<\/figcaption><\/figure>\n<p>Leia tudo sobre Torres del Paine <a href=\"https:\/\/mundosemfim.com\/torres-del-paine-nossa-passagem-por-um-dos-parques-mais-famosos-da-america-do-sul\/\"><b>aqui<\/b><\/a>.<\/p>\n<ol start=\"3\">\n<li>\n<h3><a href=\"https:\/\/mundosemfim.com\/chiloe-um-pequeno-paraiso-ao-sul-do-chile\/\"><strong>Chilo\u00e9<\/strong><\/a><\/h3>\n<\/li>\n<\/ol>\n<p>Este pequeno arquip\u00e9lago no sul chileno marca o fim (ou o come\u00e7o?) na Panamericana, a estrada que cruza a Am\u00e9rica de ponta a ponta. Aqui, al\u00e9m de uma cultura fascinante, um povo muito receptivo e uma culin\u00e1ria de causar inveja \u00e0 parisiense, o visitante vai poder avistar pinguins, belas paisagens e um conjunto de igrejas de madeira t\u00e3o bonitas que ganharam o t\u00edtulo de <a href=\"https:\/\/mundosemfim.com\/patrimonios-da-unesco\/\">Patrim\u00f4nios da UNESCO<\/a>.<\/p>\n<p>Venha e esque\u00e7a do stress das grandes cidades: a paz e a tranquilidade reinam em Chilo\u00e9!<\/p>\n<figure id=\"attachment_3653\" aria-describedby=\"caption-attachment-3653\" style=\"width: 764px\" class=\"wp-caption aligncenter\"><img data-recalc-dims=\"1\" loading=\"lazy\" decoding=\"async\" data-attachment-id=\"3653\" data-permalink=\"https:\/\/mundosemfim.com\/?attachment_id=3653\" data-orig-file=\"https:\/\/i0.wp.com\/mundosemfim.com\/wp-content\/uploads\/2016\/06\/DSC_0539.jpg?fit=1020%2C680&amp;ssl=1\" data-orig-size=\"1020,680\" data-comments-opened=\"1\" data-image-meta=\"{&quot;aperture&quot;:&quot;8&quot;,&quot;credit&quot;:&quot;&quot;,&quot;camera&quot;:&quot;NIKON D5200&quot;,&quot;caption&quot;:&quot;&quot;,&quot;created_timestamp&quot;:&quot;1450717374&quot;,&quot;copyright&quot;:&quot;&quot;,&quot;focal_length&quot;:&quot;18&quot;,&quot;iso&quot;:&quot;320&quot;,&quot;shutter_speed&quot;:&quot;0.033333333333333&quot;,&quot;title&quot;:&quot;&quot;,&quot;orientation&quot;:&quot;1&quot;}\" data-image-title=\"Chilo\u00e9\" data-image-description=\"\" data-image-caption=\"&lt;p&gt;Interior da Igreja de madeira de Castro, em Chilo\u00e9&lt;\/p&gt;\n\" data-large-file=\"https:\/\/i0.wp.com\/mundosemfim.com\/wp-content\/uploads\/2016\/06\/DSC_0539.jpg?fit=764%2C509&amp;ssl=1\" class=\"size-medium_large wp-image-3653\" src=\"https:\/\/i0.wp.com\/mundosemfim.com\/wp-content\/uploads\/2016\/06\/DSC_0539.jpg?resize=764%2C509&#038;ssl=1\" alt=\"Interior da Igreja de madeira de Castro, em Chilo\u00e9\" width=\"764\" height=\"509\" srcset=\"https:\/\/i0.wp.com\/mundosemfim.com\/wp-content\/uploads\/2016\/06\/DSC_0539.jpg?resize=768%2C512&amp;ssl=1 768w, https:\/\/i0.wp.com\/mundosemfim.com\/wp-content\/uploads\/2016\/06\/DSC_0539.jpg?resize=300%2C200&amp;ssl=1 300w, https:\/\/i0.wp.com\/mundosemfim.com\/wp-content\/uploads\/2016\/06\/DSC_0539.jpg?w=1020&amp;ssl=1 1020w\" sizes=\"auto, (max-width: 764px) 100vw, 764px\" \/><figcaption id=\"caption-attachment-3653\" class=\"wp-caption-text\">Interior da Igreja de madeira de Castro, em Chilo\u00e9<\/figcaption><\/figure>\n<p>Leia mais sobre este lugar <a href=\"https:\/\/mundosemfim.com\/chiloe-um-pequeno-paraiso-ao-sul-do-chile\/\"><b>aqui<\/b><\/a>.<\/p>\n<ol start=\"4\">\n<li>\n<h3><a href=\"https:\/\/mundosemfim.com\/conhecendo-valparaiso-a-cidade-patrimonio-cultural-do-chile\/\"><strong>Valpara\u00edso<\/strong><\/a><\/h3>\n<\/li>\n<\/ol>\n<p>Amada por uns e odiada por outros, Valpara\u00edso \u00e9 uma cidade com personalidade: suas ruas ca\u00f3ticas, seus mercados ao ar livre e os grafites nas paredes podem encantar ou assustar os turistas que passam por aqui. No nosso caso, nos encantou \u2013 depois de passarmos meses na Patag\u00f4nia, Valpara\u00edso nos lembrou que est\u00e1vamos na Am\u00e9rica Latina.<\/p>\n<p>N\u00e3o deixe de pegar um funicular e subir os in\u00fameros cerros que rodeiam a cidade e oferecem vistas maravilhosas. Entre em cada viela e observe cada parede: a arte de rua est\u00e1 em cada canto de Valpara\u00edso \u2013 o que deu a ela o t\u00edtulo de <a href=\"https:\/\/mundosemfim.com\/patrimonios-da-unesco\/\">Patrim\u00f4nio Cultural da UNESCO<\/a>.<\/p>\n<figure id=\"attachment_1222\" aria-describedby=\"caption-attachment-1222\" style=\"width: 764px\" class=\"wp-caption aligncenter\"><img data-recalc-dims=\"1\" loading=\"lazy\" decoding=\"async\" data-attachment-id=\"1222\" data-permalink=\"https:\/\/mundosemfim.com\/?attachment_id=1222\" data-orig-file=\"https:\/\/i0.wp.com\/mundosemfim.com\/wp-content\/uploads\/2016\/03\/vista.jpg?fit=1260%2C840&amp;ssl=1\" data-orig-size=\"1260,840\" data-comments-opened=\"1\" data-image-meta=\"{&quot;aperture&quot;:&quot;14&quot;,&quot;credit&quot;:&quot;&quot;,&quot;camera&quot;:&quot;NIKON D5200&quot;,&quot;caption&quot;:&quot;&quot;,&quot;created_timestamp&quot;:&quot;1458917594&quot;,&quot;copyright&quot;:&quot;&quot;,&quot;focal_length&quot;:&quot;31&quot;,&quot;iso&quot;:&quot;200&quot;,&quot;shutter_speed&quot;:&quot;0.003125&quot;,&quot;title&quot;:&quot;&quot;,&quot;orientation&quot;:&quot;1&quot;}\" data-image-title=\"vista\" data-image-description=\"\" data-image-caption=\"&lt;p&gt;Bela vista do Cerro Santo Domingo&lt;\/p&gt;\n\" data-large-file=\"https:\/\/i0.wp.com\/mundosemfim.com\/wp-content\/uploads\/2016\/03\/vista.jpg?fit=764%2C510&amp;ssl=1\" class=\"wp-image-1222 size-medium_large\" src=\"https:\/\/i0.wp.com\/mundosemfim.com\/wp-content\/uploads\/2016\/03\/vista.jpg?resize=764%2C509&#038;ssl=1\" alt=\"Bela vista do Cerro Santo Domingo, Valpara\u00edso\" width=\"764\" height=\"509\" srcset=\"https:\/\/i0.wp.com\/mundosemfim.com\/wp-content\/uploads\/2016\/03\/vista.jpg?resize=768%2C512&amp;ssl=1 768w, https:\/\/i0.wp.com\/mundosemfim.com\/wp-content\/uploads\/2016\/03\/vista.jpg?resize=300%2C200&amp;ssl=1 300w, https:\/\/i0.wp.com\/mundosemfim.com\/wp-content\/uploads\/2016\/03\/vista.jpg?resize=1024%2C683&amp;ssl=1 1024w, https:\/\/i0.wp.com\/mundosemfim.com\/wp-content\/uploads\/2016\/03\/vista.jpg?w=1260&amp;ssl=1 1260w\" sizes=\"auto, (max-width: 764px) 100vw, 764px\" \/><figcaption id=\"caption-attachment-1222\" class=\"wp-caption-text\">Bela vista do Cerro Santo Domingo, Valpara\u00edso<\/figcaption><\/figure>\n<p>Conhe\u00e7a mais sobre esta cidade <a href=\"https:\/\/mundosemfim.com\/conhecendo-valparaiso-a-cidade-patrimonio-cultural-do-chile\/\"><b>aqui<\/b><\/a>.<\/p>\n<ol start=\"5\">\n<li>\n<h3><a href=\"https:\/\/mundosemfim.com\/navegando-pelas-capillas-de-marmol-chile\/\"><strong>Capilla e Catedral\u00a0de M\u00e1rmol<\/strong><\/a><\/h3>\n<\/li>\n<\/ol>\n<p>Descer a remota Carretera Austral por si s\u00f3 j\u00e1 \u00e9 uma experi\u00eancia maravilhosa, mas damos \u00eanfase a este lugar, pertinho da cidade de Puerto Tranquilo. Se somente as \u00e1guas azuis do lago General Carrera, rodeado por montanhas nevadas j\u00e1 s\u00e3o de tirar o f\u00f4lego, as incr\u00edveis forma\u00e7\u00f5es geol\u00f3gicas em pedras s\u00e3o a cereja do bolo. A capela, a catedral e outras forma\u00e7\u00f5es em m\u00e1rmore est\u00e3o a poucos minutos de barco de Puerto Tranquilo, e s\u00e3o visita obrigat\u00f3ria para quem percorre a Carretera Austral.<\/p>\n<figure id=\"attachment_836\" aria-describedby=\"caption-attachment-836\" style=\"width: 764px\" class=\"wp-caption aligncenter\"><img data-recalc-dims=\"1\" loading=\"lazy\" decoding=\"async\" data-attachment-id=\"836\" data-permalink=\"https:\/\/mundosemfim.com\/?attachment_id=836\" data-orig-file=\"https:\/\/i0.wp.com\/mundosemfim.com\/wp-content\/uploads\/2016\/02\/dentro-mucuvinha.jpg?fit=1124%2C750&amp;ssl=1\" data-orig-size=\"1124,750\" data-comments-opened=\"1\" data-image-meta=\"{&quot;aperture&quot;:&quot;11&quot;,&quot;credit&quot;:&quot;&quot;,&quot;camera&quot;:&quot;NIKON D5200&quot;,&quot;caption&quot;:&quot;&quot;,&quot;created_timestamp&quot;:&quot;1451816432&quot;,&quot;copyright&quot;:&quot;&quot;,&quot;focal_length&quot;:&quot;18&quot;,&quot;iso&quot;:&quot;1000&quot;,&quot;shutter_speed&quot;:&quot;0.0125&quot;,&quot;title&quot;:&quot;&quot;,&quot;orientation&quot;:&quot;1&quot;}\" data-image-title=\"dentro mucuvinha\" data-image-description=\"\" data-image-caption=\"&lt;p&gt;Mucuvinha navegando por dentro dos t\u00faneis da Catedral de M\u00e1rmol&lt;\/p&gt;\n\" data-large-file=\"https:\/\/i0.wp.com\/mundosemfim.com\/wp-content\/uploads\/2016\/02\/dentro-mucuvinha.jpg?fit=764%2C510&amp;ssl=1\" class=\"size-medium_large wp-image-836\" src=\"https:\/\/i0.wp.com\/mundosemfim.com\/wp-content\/uploads\/2016\/02\/dentro-mucuvinha.jpg?resize=764%2C509&#038;ssl=1\" alt=\"Mucuvinha navegando por dentro dos t\u00faneis da Catedral de M\u00e1rmol\" width=\"764\" height=\"509\" srcset=\"https:\/\/i0.wp.com\/mundosemfim.com\/wp-content\/uploads\/2016\/02\/dentro-mucuvinha.jpg?resize=768%2C512&amp;ssl=1 768w, https:\/\/i0.wp.com\/mundosemfim.com\/wp-content\/uploads\/2016\/02\/dentro-mucuvinha.jpg?resize=300%2C200&amp;ssl=1 300w, https:\/\/i0.wp.com\/mundosemfim.com\/wp-content\/uploads\/2016\/02\/dentro-mucuvinha.jpg?resize=1024%2C683&amp;ssl=1 1024w, https:\/\/i0.wp.com\/mundosemfim.com\/wp-content\/uploads\/2016\/02\/dentro-mucuvinha.jpg?w=1124&amp;ssl=1 1124w\" sizes=\"auto, (max-width: 764px) 100vw, 764px\" \/><figcaption id=\"caption-attachment-836\" class=\"wp-caption-text\">Mucuvinha navegando por dentro dos t\u00faneis da Catedral de M\u00e1rmol<\/figcaption><\/figure>\n<p>Leia mais sobre este passeio <a href=\"https:\/\/mundosemfim.com\/navegando-pelas-capillas-de-marmol-chile\/\"><b>aqui<\/b><\/a>.<\/p>\n<ol start=\"6\">\n<li>\n<h3><strong>Puerto Varas<\/strong><\/h3>\n<\/li>\n<\/ol>\n<p>Esta pequena e car\u00edssima cidade, com ares de Europa e cheia de gringos pelas ruas, oferece um dos melhores pontos para se observar o imponente vulc\u00e3o Osorno, um dos vulc\u00f5es mais bonitos do Chile. A poucos quil\u00f4metros dali tamb\u00e9m est\u00e1 o Parque Nacional Vicente P\u00e9rez Rosales, que oferece paisagens ainda mais impressionantes.<\/p>\n<p>N\u00e3o tem muito dinheiro? Tudo bem, fique hospedado em Puerto Montt e tire um dia para conhecer Puerto Varas. Isso j\u00e1 \u00e9 suficiente para ficar deslumbrado com o lugar!<\/p>\n<figure id=\"attachment_3654\" aria-describedby=\"caption-attachment-3654\" style=\"width: 764px\" class=\"wp-caption aligncenter\"><img data-recalc-dims=\"1\" loading=\"lazy\" decoding=\"async\" data-attachment-id=\"3654\" data-permalink=\"https:\/\/mundosemfim.com\/?attachment_id=3654\" data-orig-file=\"https:\/\/i0.wp.com\/mundosemfim.com\/wp-content\/uploads\/2016\/06\/PC190276.jpg?fit=1088%2C816&amp;ssl=1\" data-orig-size=\"1088,816\" data-comments-opened=\"1\" data-image-meta=\"{&quot;aperture&quot;:&quot;16&quot;,&quot;credit&quot;:&quot;&quot;,&quot;camera&quot;:&quot;TG-630&quot;,&quot;caption&quot;:&quot;OLYMPUS DIGITAL CAMERA&quot;,&quot;created_timestamp&quot;:&quot;1450540909&quot;,&quot;copyright&quot;:&quot;&quot;,&quot;focal_length&quot;:&quot;21.22&quot;,&quot;iso&quot;:&quot;200&quot;,&quot;shutter_speed&quot;:&quot;0.005&quot;,&quot;title&quot;:&quot;OLYMPUS DIGITAL CAMERA&quot;,&quot;orientation&quot;:&quot;1&quot;}\" data-image-title=\"Puerto Varas\" data-image-description=\"\" data-image-caption=\"&lt;p&gt;Vulc\u00e3o Osorno visto de Puerto Varas&lt;\/p&gt;\n\" data-large-file=\"https:\/\/i0.wp.com\/mundosemfim.com\/wp-content\/uploads\/2016\/06\/PC190276.jpg?fit=764%2C573&amp;ssl=1\" class=\"size-medium_large wp-image-3654\" src=\"https:\/\/i0.wp.com\/mundosemfim.com\/wp-content\/uploads\/2016\/06\/PC190276.jpg?resize=764%2C573&#038;ssl=1\" alt=\"Vulc\u00e3o Osorno visto de Puerto Varas\" width=\"764\" height=\"573\" srcset=\"https:\/\/i0.wp.com\/mundosemfim.com\/wp-content\/uploads\/2016\/06\/PC190276.jpg?resize=768%2C576&amp;ssl=1 768w, https:\/\/i0.wp.com\/mundosemfim.com\/wp-content\/uploads\/2016\/06\/PC190276.jpg?resize=300%2C225&amp;ssl=1 300w, https:\/\/i0.wp.com\/mundosemfim.com\/wp-content\/uploads\/2016\/06\/PC190276.jpg?resize=1024%2C768&amp;ssl=1 1024w, https:\/\/i0.wp.com\/mundosemfim.com\/wp-content\/uploads\/2016\/06\/PC190276.jpg?resize=800%2C600&amp;ssl=1 800w, https:\/\/i0.wp.com\/mundosemfim.com\/wp-content\/uploads\/2016\/06\/PC190276.jpg?w=1088&amp;ssl=1 1088w\" sizes=\"auto, (max-width: 764px) 100vw, 764px\" \/><figcaption id=\"caption-attachment-3654\" class=\"wp-caption-text\">Vulc\u00e3o Osorno visto de Puerto Varas<\/figcaption><\/figure>\n<ol start=\"7\">\n<li>\n<h3><a href=\"https:\/\/mundosemfim.com\/visitando-a-cidade-fantasma-de-sewell-chile\/\"><strong>Sewell<\/strong><\/a><\/h3>\n<\/li>\n<\/ol>\n<p>Nunca hav\u00edamos visitado uma cidade fantasma antes, mas depois de conhecer Sewell j\u00e1 fomos perquisar outras mais para colocar no roteiro.<\/p>\n<p>Sewell \u00e9 uma mineradora localizada perto de Ranc\u00e1gua, a umas 2 horas ao sul de Santiago. Esta mineradora, no passado, j\u00e1 chegou a ser uma das mais importantes do mundo, e consturiu uma cidade inteira dedicada ao pessoal que trabalhava ali. Com o desenvolvimento das estradas chilenas e dos meios de transporte, chegar a Sewell a partir de outras cidades se tornou muito mais f\u00e1cil, de tal forma manter uma cidade pr\u00f3pria deixou de ser um neg\u00f3cio interessante. Aos poucos, a Cidade de Sewell passou a ser desabitada, e hoje as \u00fanicas pessoas que caminham por suas ruas s\u00e3o os turistas que v\u00eam conhecer sua hist\u00f3ria.<\/p>\n<figure id=\"attachment_3655\" aria-describedby=\"caption-attachment-3655\" style=\"width: 764px\" class=\"wp-caption aligncenter\"><img data-recalc-dims=\"1\" loading=\"lazy\" decoding=\"async\" data-attachment-id=\"3655\" data-permalink=\"https:\/\/mundosemfim.com\/?attachment_id=3655\" data-orig-file=\"https:\/\/i0.wp.com\/mundosemfim.com\/wp-content\/uploads\/2016\/06\/DSC_0638.jpg?fit=1020%2C680&amp;ssl=1\" data-orig-size=\"1020,680\" data-comments-opened=\"1\" data-image-meta=\"{&quot;aperture&quot;:&quot;13&quot;,&quot;credit&quot;:&quot;&quot;,&quot;camera&quot;:&quot;NIKON D5200&quot;,&quot;caption&quot;:&quot;&quot;,&quot;created_timestamp&quot;:&quot;1458997493&quot;,&quot;copyright&quot;:&quot;&quot;,&quot;focal_length&quot;:&quot;18&quot;,&quot;iso&quot;:&quot;160&quot;,&quot;shutter_speed&quot;:&quot;0.008&quot;,&quot;title&quot;:&quot;&quot;,&quot;orientation&quot;:&quot;1&quot;}\" data-image-title=\"Sewell\" data-image-description=\"\" data-image-caption=\"&lt;p&gt;Mucuvinha na cidade fantasma de Sewell&lt;\/p&gt;\n\" data-large-file=\"https:\/\/i0.wp.com\/mundosemfim.com\/wp-content\/uploads\/2016\/06\/DSC_0638.jpg?fit=764%2C509&amp;ssl=1\" class=\"size-medium_large wp-image-3655\" src=\"https:\/\/i0.wp.com\/mundosemfim.com\/wp-content\/uploads\/2016\/06\/DSC_0638.jpg?resize=764%2C509&#038;ssl=1\" alt=\"Mucuvinha na cidade fantasma de Sewell\" width=\"764\" height=\"509\" srcset=\"https:\/\/i0.wp.com\/mundosemfim.com\/wp-content\/uploads\/2016\/06\/DSC_0638.jpg?resize=768%2C512&amp;ssl=1 768w, https:\/\/i0.wp.com\/mundosemfim.com\/wp-content\/uploads\/2016\/06\/DSC_0638.jpg?resize=300%2C200&amp;ssl=1 300w, https:\/\/i0.wp.com\/mundosemfim.com\/wp-content\/uploads\/2016\/06\/DSC_0638.jpg?w=1020&amp;ssl=1 1020w\" sizes=\"auto, (max-width: 764px) 100vw, 764px\" \/><figcaption id=\"caption-attachment-3655\" class=\"wp-caption-text\">Mucuvinha na cidade fantasma de Sewell<\/figcaption><\/figure>\n<p>Leia tudo sobre este passeio imperd\u00edvel <a href=\"https:\/\/mundosemfim.com\/visitando-a-cidade-fantasma-de-sewell-chile\/\"><b>aqui<\/b><\/a>.<\/p>\n<ol start=\"8\">\n<li>\n<h3><strong>Puc\u00f3n e Villarrica<\/strong><\/h3>\n<\/li>\n<\/ol>\n<p>T\u00e3o impressionante quanto Osorno, Villarrica \u00e9 outro vulc\u00e3o bel\u00edssimo que, h\u00e1 poucos anos atr\u00e1s, assustou aos chilenos e cobriu algumas cidades argentinas de cinzas.<\/p>\n<p>Al\u00e9m da paisagem maravilhosa, se tiver uma graninha extra, \u00e9 poss\u00edvel subir \u00e0 cratera deste vulc\u00e3o e observar a lava se removendo l\u00e1 dentro. Al\u00e9m do vulc\u00e3o, a regi\u00e3o possui lagos e rios de cores e transpar\u00eancias impressionantes.<\/p>\n<p>Puc\u00f3n \u00e9 a cidade base para conhecer o vulc\u00e3o e, assim como Puerto Varas, \u00e9 car\u00edssima e cheia de gringos. Se quiser algo mais econ\u00f4mico, procure nas outras cidades nos arredores \u2013 todas s\u00e3o encantadoras.<\/p>\n<figure id=\"attachment_3656\" aria-describedby=\"caption-attachment-3656\" style=\"width: 764px\" class=\"wp-caption aligncenter\"><img data-recalc-dims=\"1\" loading=\"lazy\" decoding=\"async\" data-attachment-id=\"3656\" data-permalink=\"https:\/\/mundosemfim.com\/?attachment_id=3656\" data-orig-file=\"https:\/\/i0.wp.com\/mundosemfim.com\/wp-content\/uploads\/2016\/06\/DSC_0531.jpg?fit=1124%2C750&amp;ssl=1\" data-orig-size=\"1124,750\" data-comments-opened=\"1\" data-image-meta=\"{&quot;aperture&quot;:&quot;14&quot;,&quot;credit&quot;:&quot;&quot;,&quot;camera&quot;:&quot;NIKON D5200&quot;,&quot;caption&quot;:&quot;&quot;,&quot;created_timestamp&quot;:&quot;1457810571&quot;,&quot;copyright&quot;:&quot;&quot;,&quot;focal_length&quot;:&quot;38&quot;,&quot;iso&quot;:&quot;200&quot;,&quot;shutter_speed&quot;:&quot;0.0125&quot;,&quot;title&quot;:&quot;&quot;,&quot;orientation&quot;:&quot;1&quot;}\" data-image-title=\"Puc\u00f3n\" data-image-description=\"\" data-image-caption=\"&lt;p&gt;Parque em Puc\u00f3n, com o vulc\u00e3o Villarrica ao fundo&lt;\/p&gt;\n\" data-large-file=\"https:\/\/i0.wp.com\/mundosemfim.com\/wp-content\/uploads\/2016\/06\/DSC_0531.jpg?fit=764%2C510&amp;ssl=1\" class=\"size-medium_large wp-image-3656\" src=\"https:\/\/i0.wp.com\/mundosemfim.com\/wp-content\/uploads\/2016\/06\/DSC_0531.jpg?resize=764%2C509&#038;ssl=1\" alt=\"Parque em Puc\u00f3n, com o vulc\u00e3o Villarrica ao fundo\" width=\"764\" height=\"509\" srcset=\"https:\/\/i0.wp.com\/mundosemfim.com\/wp-content\/uploads\/2016\/06\/DSC_0531.jpg?resize=768%2C512&amp;ssl=1 768w, https:\/\/i0.wp.com\/mundosemfim.com\/wp-content\/uploads\/2016\/06\/DSC_0531.jpg?resize=300%2C200&amp;ssl=1 300w, https:\/\/i0.wp.com\/mundosemfim.com\/wp-content\/uploads\/2016\/06\/DSC_0531.jpg?resize=1024%2C683&amp;ssl=1 1024w, https:\/\/i0.wp.com\/mundosemfim.com\/wp-content\/uploads\/2016\/06\/DSC_0531.jpg?w=1124&amp;ssl=1 1124w\" sizes=\"auto, (max-width: 764px) 100vw, 764px\" \/><figcaption id=\"caption-attachment-3656\" class=\"wp-caption-text\">Parque em Puc\u00f3n, com o vulc\u00e3o Villarrica ao fundo<\/figcaption><\/figure>\n<ol start=\"9\">\n<li>\n<h3><a href=\"https:\/\/mundosemfim.com\/conhecendo-santiago-chile-roteiros-e-dicas-para-todos-os-bolsos\/\"><strong>Santiago<\/strong><\/a><\/h3>\n<\/li>\n<\/ol>\n<p>N\u00e3o importa o qu\u00e3o ca\u00f3tico seja o tr\u00e2nsito ou os cuidados que se tenha que tomar ao sair \u00e0 noite \u2013 conhecer a capital de um pa\u00eds \u00e9 sempre uma experi\u00eancia enriquecedora. Quer subir ao topo do maior pr\u00e9dio da Am\u00e9rica do Sul? Visitar igrejas coloniais recheadas de ouro? Ou brincar um pouco na neve? Santiago tem de tudo.<\/p>\n<figure id=\"attachment_1383\" aria-describedby=\"caption-attachment-1383\" style=\"width: 764px\" class=\"wp-caption aligncenter\"><img data-recalc-dims=\"1\" loading=\"lazy\" decoding=\"async\" data-attachment-id=\"1383\" data-permalink=\"https:\/\/mundosemfim.com\/?attachment_id=1383\" data-orig-file=\"https:\/\/i0.wp.com\/mundosemfim.com\/wp-content\/uploads\/2016\/03\/dsc_0526.jpg?fit=1259%2C840&amp;ssl=1\" data-orig-size=\"1259,840\" data-comments-opened=\"1\" data-image-meta=\"{&quot;aperture&quot;:&quot;10&quot;,&quot;credit&quot;:&quot;&quot;,&quot;camera&quot;:&quot;NIKON D5200&quot;,&quot;caption&quot;:&quot;&quot;,&quot;created_timestamp&quot;:&quot;1458835422&quot;,&quot;copyright&quot;:&quot;&quot;,&quot;focal_length&quot;:&quot;24&quot;,&quot;iso&quot;:&quot;125&quot;,&quot;shutter_speed&quot;:&quot;0.00625&quot;,&quot;title&quot;:&quot;&quot;,&quot;orientation&quot;:&quot;1&quot;}\" data-image-title=\"Santiago\" data-image-description=\"\" data-image-caption=\"&lt;p&gt;Vista de cima do Cerro Santa Luc\u00eda&lt;\/p&gt;\n\" data-large-file=\"https:\/\/i0.wp.com\/mundosemfim.com\/wp-content\/uploads\/2016\/03\/dsc_0526.jpg?fit=764%2C510&amp;ssl=1\" class=\"wp-image-1383 size-medium_large\" src=\"https:\/\/i0.wp.com\/mundosemfim.com\/wp-content\/uploads\/2016\/03\/dsc_0526.jpg?resize=764%2C509&#038;ssl=1\" alt=\"Vista de cima do Cerro Santa Luc\u00eda, Santiago\" width=\"764\" height=\"509\" srcset=\"https:\/\/i0.wp.com\/mundosemfim.com\/wp-content\/uploads\/2016\/03\/dsc_0526.jpg?resize=768%2C512&amp;ssl=1 768w, https:\/\/i0.wp.com\/mundosemfim.com\/wp-content\/uploads\/2016\/03\/dsc_0526.jpg?resize=300%2C200&amp;ssl=1 300w, https:\/\/i0.wp.com\/mundosemfim.com\/wp-content\/uploads\/2016\/03\/dsc_0526.jpg?resize=1024%2C683&amp;ssl=1 1024w, https:\/\/i0.wp.com\/mundosemfim.com\/wp-content\/uploads\/2016\/03\/dsc_0526.jpg?w=1259&amp;ssl=1 1259w\" sizes=\"auto, (max-width: 764px) 100vw, 764px\" \/><figcaption id=\"caption-attachment-1383\" class=\"wp-caption-text\">Santiago vista de cima do Cerro Santa Luc\u00eda<\/figcaption><\/figure>\n<p>Leia tudo sobre esta bel\u00edssima capital <a href=\"https:\/\/mundosemfim.com\/conhecendo-santiago-chile-roteiros-e-dicas-para-todos-os-bolsos\/\"><b>aqui<\/b><\/a>.<\/p>\n<ol start=\"10\">\n<li>\n<h3><strong>Valle del Elqui<\/strong><\/h3>\n<\/li>\n<\/ol>\n<p>Localizado em uma regi\u00e3o onde n\u00e3o chove quase nunca, rodeado por belas montanhas e sem nehuma cidade grande, o Vale do Elqui \u00e9 considerado por muitos como o lugar mais bonito do Chile para ver as estrelas. Ainda que tivemos o azar de visit\u00e1-lo justamente quando o c\u00e9u estava encoberto, observar sua bela natureza e suas vin\u00edcolas j\u00e1 valeu o passeio. Al\u00e9m disso, para os f\u00e3s de poesia, foi aqui que a poeta Gabriela Mistral, ganhadora do pr\u00eamio Nobel, nasceu e viveu. Hoje \u00e9 poss\u00edvel visitar sua casa (que foi convertida em museu) na pequena cidade de Monte Grande.<\/p>\n<figure id=\"attachment_3657\" aria-describedby=\"caption-attachment-3657\" style=\"width: 764px\" class=\"wp-caption aligncenter\"><img data-recalc-dims=\"1\" loading=\"lazy\" decoding=\"async\" data-attachment-id=\"3657\" data-permalink=\"https:\/\/mundosemfim.com\/?attachment_id=3657\" data-orig-file=\"https:\/\/i0.wp.com\/mundosemfim.com\/wp-content\/uploads\/2016\/06\/DSC_0022.jpg?fit=1020%2C680&amp;ssl=1\" data-orig-size=\"1020,680\" data-comments-opened=\"1\" data-image-meta=\"{&quot;aperture&quot;:&quot;16&quot;,&quot;credit&quot;:&quot;&quot;,&quot;camera&quot;:&quot;NIKON D5200&quot;,&quot;caption&quot;:&quot;&quot;,&quot;created_timestamp&quot;:&quot;1459787180&quot;,&quot;copyright&quot;:&quot;&quot;,&quot;focal_length&quot;:&quot;18&quot;,&quot;iso&quot;:&quot;160&quot;,&quot;shutter_speed&quot;:&quot;0.0125&quot;,&quot;title&quot;:&quot;&quot;,&quot;orientation&quot;:&quot;1&quot;}\" data-image-title=\"Valle del Elqui\" data-image-description=\"\" data-image-caption=\"&lt;p&gt;Planta\u00e7\u00f5es de uvas no Valle del Elqui&lt;\/p&gt;\n\" data-large-file=\"https:\/\/i0.wp.com\/mundosemfim.com\/wp-content\/uploads\/2016\/06\/DSC_0022.jpg?fit=764%2C509&amp;ssl=1\" class=\"size-medium_large wp-image-3657\" src=\"https:\/\/i0.wp.com\/mundosemfim.com\/wp-content\/uploads\/2016\/06\/DSC_0022.jpg?resize=764%2C509&#038;ssl=1\" alt=\"Planta\u00e7\u00f5es de uvas no Valle del Elqui\" width=\"764\" height=\"509\" srcset=\"https:\/\/i0.wp.com\/mundosemfim.com\/wp-content\/uploads\/2016\/06\/DSC_0022.jpg?resize=768%2C512&amp;ssl=1 768w, https:\/\/i0.wp.com\/mundosemfim.com\/wp-content\/uploads\/2016\/06\/DSC_0022.jpg?resize=300%2C200&amp;ssl=1 300w, https:\/\/i0.wp.com\/mundosemfim.com\/wp-content\/uploads\/2016\/06\/DSC_0022.jpg?w=1020&amp;ssl=1 1020w\" sizes=\"auto, (max-width: 764px) 100vw, 764px\" \/><figcaption id=\"caption-attachment-3657\" class=\"wp-caption-text\">Planta\u00e7\u00f5es de uvas no Valle del Elqui<\/figcaption><\/figure>\n<p>\u00c9 isso pessoal! Esquecemos alguma coisa?<\/p>\n<p>Para ver mais dicas do Chile, cliquem <a href=\"https:\/\/mundosemfim.com\/mochilao-pelo-chile-de-ponta-a-ponta-roteiro-gastos-dicas-fotos-etc\/\"><b>aqui<\/b><\/a>.<\/p>\n<p>Se tiverem sugest\u00f5es de outros lugares, comentem a\u00ed para que possamos visit\u00e1-los em uma futura oportunidade! \ud83d\ude42<\/p>\n<p>E n\u00e3o deixem de acompanhar nossa viagem de volta ao mundo curtindo nossa p\u00e1gina no face:<br \/>\n<a href=\"http:\/\/www.facebook.com\/mundosemfimoficial\">www.facebook.com\/mundosemfimoficial<\/a><\/p>\n","protected":false},"excerpt":{"rendered":"<p>Depois de fazer a lista dos 10 lugares mais legais que conhecemos na Argentina, chegou a hora do Top 10 Chile!<\/p>\n","protected":false},"author":1,"featured_media":3654,"comment_status":"open","ping_status":"open","sticky":false,"template":"","format":"standard","meta":{"jetpack_post_was_ever_published":false,"_jetpack_newsletter_access":"","_jetpack_dont_email_post_to_subs":true,"_jetpack_newsletter_tier_id":0,"_jetpack_memberships_contains_paywalled_content":false,"_jetpack_memberships_contains_paid_content":false,"footnotes":"","jetpack_publicize_message":"","jetpack_publicize_feature_enabled":true,"jetpack_social_post_already_shared":true,"jetpack_social_options":{"image_generator_settings":{"template":"highway","default_image_id":0,"font":"","enabled":false},"version":2}},"categories":[6,7,15,21,28,254],"tags":[],"class_list":["post-3652","post","type-post","status-publish","format-standard","has-post-thumbnail","hentry","category-america-do-sul","category-america-latina","category-chile","category-dicas","category-featured","category-top-10"],"yoast_head":"<!-- This site is optimized with the Yoast SEO plugin v27.5 - https:\/\/yoast.com\/product\/yoast-seo-wordpress\/ -->\n<title>10 lugares imperd\u00edveis no Chile - Mundo Sem Fim<\/title>\n<meta name=\"robots\" content=\"index, follow, max-snippet:-1, max-image-preview:large, max-video-preview:-1\" \/>\n<link rel=\"canonical\" href=\"https:\/\/mundosemfim.com\/?p=3652\" \/>\n<meta property=\"og:locale\" content=\"pt_BR\" \/>\n<meta property=\"og:type\" content=\"article\" \/>\n<meta property=\"og:title\" content=\"10 lugares imperd\u00edveis no Chile - Mundo Sem Fim\" \/>\n<meta property=\"og:description\" content=\"Depois de fazer a lista dos 10 lugares mais legais que conhecemos na Argentina, chegou a hora do Top 10 Chile!\" \/>\n<meta property=\"og:url\" content=\"https:\/\/mundosemfim.com\/?p=3652\" \/>\n<meta property=\"og:site_name\" content=\"Mundo Sem Fim\" \/>\n<meta property=\"article:publisher\" content=\"http:\/\/www.facebook.com\/mundosemfimoficial\" \/>\n<meta property=\"article:published_time\" content=\"2016-06-24T03:25:24+00:00\" \/>\n<meta property=\"article:modified_time\" content=\"2017-02-15T23:11:34+00:00\" \/>\n<meta property=\"og:image\" content=\"https:\/\/i0.wp.com\/mundosemfim.com\/wp-content\/uploads\/2016\/06\/PC190276.jpg?fit=1088%2C816&ssl=1\" \/>\n\t<meta property=\"og:image:width\" content=\"1088\" \/>\n\t<meta property=\"og:image:height\" content=\"816\" \/>\n\t<meta property=\"og:image:type\" content=\"image\/jpeg\" \/>\n<meta name=\"author\" content=\"Renan\" \/>\n<meta name=\"twitter:card\" content=\"summary_large_image\" \/>\n<meta name=\"twitter:label1\" content=\"Escrito por\" \/>\n\t<meta name=\"twitter:data1\" content=\"Renan\" \/>\n\t<meta name=\"twitter:label2\" content=\"Est. tempo de leitura\" \/>\n\t<meta name=\"twitter:data2\" content=\"7 minutos\" \/>\n<script type=\"application\/ld+json\" class=\"yoast-schema-graph\">{\"@context\":\"https:\\\/\\\/schema.org\",\"@graph\":[{\"@type\":\"Article\",\"@id\":\"https:\\\/\\\/mundosemfim.com\\\/?p=3652#article\",\"isPartOf\":{\"@id\":\"https:\\\/\\\/mundosemfim.com\\\/?p=3652\"},\"author\":{\"name\":\"Renan\",\"@id\":\"https:\\\/\\\/mundosemfim.com\\\/#\\\/schema\\\/person\\\/b021d50f3a19bae432e9b69ffbfa9257\"},\"headline\":\"10 lugares imperd\u00edveis no Chile\",\"datePublished\":\"2016-06-24T03:25:24+00:00\",\"dateModified\":\"2017-02-15T23:11:34+00:00\",\"mainEntityOfPage\":{\"@id\":\"https:\\\/\\\/mundosemfim.com\\\/?p=3652\"},\"wordCount\":1331,\"commentCount\":0,\"image\":{\"@id\":\"https:\\\/\\\/mundosemfim.com\\\/?p=3652#primaryimage\"},\"thumbnailUrl\":\"https:\\\/\\\/i0.wp.com\\\/mundosemfim.com\\\/wp-content\\\/uploads\\\/2016\\\/06\\\/PC190276.jpg?fit=1088%2C816&ssl=1\",\"articleSection\":[\"Am\u00e9rica do Sul\",\"am\u00e9rica latina\",\"Chile\",\"dicas\",\"featured\",\"top 10\"],\"inLanguage\":\"pt-BR\",\"potentialAction\":[{\"@type\":\"CommentAction\",\"name\":\"Comment\",\"target\":[\"https:\\\/\\\/mundosemfim.com\\\/?p=3652#respond\"]}]},{\"@type\":\"WebPage\",\"@id\":\"https:\\\/\\\/mundosemfim.com\\\/?p=3652\",\"url\":\"https:\\\/\\\/mundosemfim.com\\\/?p=3652\",\"name\":\"10 lugares imperd\u00edveis no Chile - Mundo Sem Fim\",\"isPartOf\":{\"@id\":\"https:\\\/\\\/mundosemfim.com\\\/#website\"},\"primaryImageOfPage\":{\"@id\":\"https:\\\/\\\/mundosemfim.com\\\/?p=3652#primaryimage\"},\"image\":{\"@id\":\"https:\\\/\\\/mundosemfim.com\\\/?p=3652#primaryimage\"},\"thumbnailUrl\":\"https:\\\/\\\/i0.wp.com\\\/mundosemfim.com\\\/wp-content\\\/uploads\\\/2016\\\/06\\\/PC190276.jpg?fit=1088%2C816&ssl=1\",\"datePublished\":\"2016-06-24T03:25:24+00:00\",\"dateModified\":\"2017-02-15T23:11:34+00:00\",\"author\":{\"@id\":\"https:\\\/\\\/mundosemfim.com\\\/#\\\/schema\\\/person\\\/b021d50f3a19bae432e9b69ffbfa9257\"},\"breadcrumb\":{\"@id\":\"https:\\\/\\\/mundosemfim.com\\\/?p=3652#breadcrumb\"},\"inLanguage\":\"pt-BR\",\"potentialAction\":[{\"@type\":\"ReadAction\",\"target\":[\"https:\\\/\\\/mundosemfim.com\\\/?p=3652\"]}]},{\"@type\":\"ImageObject\",\"inLanguage\":\"pt-BR\",\"@id\":\"https:\\\/\\\/mundosemfim.com\\\/?p=3652#primaryimage\",\"url\":\"https:\\\/\\\/i0.wp.com\\\/mundosemfim.com\\\/wp-content\\\/uploads\\\/2016\\\/06\\\/PC190276.jpg?fit=1088%2C816&ssl=1\",\"contentUrl\":\"https:\\\/\\\/i0.wp.com\\\/mundosemfim.com\\\/wp-content\\\/uploads\\\/2016\\\/06\\\/PC190276.jpg?fit=1088%2C816&ssl=1\",\"width\":1088,\"height\":816,\"caption\":\"Vulc\u00e3o Osorno visto de Puerto Varas\"},{\"@type\":\"BreadcrumbList\",\"@id\":\"https:\\\/\\\/mundosemfim.com\\\/?p=3652#breadcrumb\",\"itemListElement\":[{\"@type\":\"ListItem\",\"position\":1,\"name\":\"In\u00edcio\",\"item\":\"https:\\\/\\\/mundosemfim.com\\\/\"},{\"@type\":\"ListItem\",\"position\":2,\"name\":\"10 lugares imperd\u00edveis no Chile\"}]},{\"@type\":\"WebSite\",\"@id\":\"https:\\\/\\\/mundosemfim.com\\\/#website\",\"url\":\"https:\\\/\\\/mundosemfim.com\\\/\",\"name\":\"Mundo Sem Fim\",\"description\":\"uma viagem de volta ao mundo pelos 5 continentes!\",\"potentialAction\":[{\"@type\":\"SearchAction\",\"target\":{\"@type\":\"EntryPoint\",\"urlTemplate\":\"https:\\\/\\\/mundosemfim.com\\\/?s={search_term_string}\"},\"query-input\":{\"@type\":\"PropertyValueSpecification\",\"valueRequired\":true,\"valueName\":\"search_term_string\"}}],\"inLanguage\":\"pt-BR\"},{\"@type\":\"Person\",\"@id\":\"https:\\\/\\\/mundosemfim.com\\\/#\\\/schema\\\/person\\\/b021d50f3a19bae432e9b69ffbfa9257\",\"name\":\"Renan\",\"image\":{\"@type\":\"ImageObject\",\"inLanguage\":\"pt-BR\",\"@id\":\"https:\\\/\\\/secure.gravatar.com\\\/avatar\\\/faafca769a603ac75196d21826f3bda645d7e2d6306bb6e236d8cdb38eb44e38?s=96&d=mm&r=g\",\"url\":\"https:\\\/\\\/secure.gravatar.com\\\/avatar\\\/faafca769a603ac75196d21826f3bda645d7e2d6306bb6e236d8cdb38eb44e38?s=96&d=mm&r=g\",\"contentUrl\":\"https:\\\/\\\/secure.gravatar.com\\\/avatar\\\/faafca769a603ac75196d21826f3bda645d7e2d6306bb6e236d8cdb38eb44e38?s=96&d=mm&r=g\",\"caption\":\"Renan\"}}]}<\/script>\n<!-- \/ Yoast SEO plugin. -->","yoast_head_json":{"title":"10 lugares imperd\u00edveis no Chile - Mundo Sem Fim","robots":{"index":"index","follow":"follow","max-snippet":"max-snippet:-1","max-image-preview":"max-image-preview:large","max-video-preview":"max-video-preview:-1"},"canonical":"https:\/\/mundosemfim.com\/?p=3652","og_locale":"pt_BR","og_type":"article","og_title":"10 lugares imperd\u00edveis no Chile - Mundo Sem Fim","og_description":"Depois de fazer a lista dos 10 lugares mais legais que conhecemos na Argentina, chegou a hora do Top 10 Chile!","og_url":"https:\/\/mundosemfim.com\/?p=3652","og_site_name":"Mundo Sem Fim","article_publisher":"http:\/\/www.facebook.com\/mundosemfimoficial","article_published_time":"2016-06-24T03:25:24+00:00","article_modified_time":"2017-02-15T23:11:34+00:00","og_image":[{"width":1088,"height":816,"url":"https:\/\/i0.wp.com\/mundosemfim.com\/wp-content\/uploads\/2016\/06\/PC190276.jpg?fit=1088%2C816&ssl=1","type":"image\/jpeg"}],"author":"Renan","twitter_card":"summary_large_image","twitter_misc":{"Escrito por":"Renan","Est. tempo de leitura":"7 minutos"},"schema":{"@context":"https:\/\/schema.org","@graph":[{"@type":"Article","@id":"https:\/\/mundosemfim.com\/?p=3652#article","isPartOf":{"@id":"https:\/\/mundosemfim.com\/?p=3652"},"author":{"name":"Renan","@id":"https:\/\/mundosemfim.com\/#\/schema\/person\/b021d50f3a19bae432e9b69ffbfa9257"},"headline":"10 lugares imperd\u00edveis no Chile","datePublished":"2016-06-24T03:25:24+00:00","dateModified":"2017-02-15T23:11:34+00:00","mainEntityOfPage":{"@id":"https:\/\/mundosemfim.com\/?p=3652"},"wordCount":1331,"commentCount":0,"image":{"@id":"https:\/\/mundosemfim.com\/?p=3652#primaryimage"},"thumbnailUrl":"https:\/\/i0.wp.com\/mundosemfim.com\/wp-content\/uploads\/2016\/06\/PC190276.jpg?fit=1088%2C816&ssl=1","articleSection":["Am\u00e9rica do Sul","am\u00e9rica latina","Chile","dicas","featured","top 10"],"inLanguage":"pt-BR","potentialAction":[{"@type":"CommentAction","name":"Comment","target":["https:\/\/mundosemfim.com\/?p=3652#respond"]}]},{"@type":"WebPage","@id":"https:\/\/mundosemfim.com\/?p=3652","url":"https:\/\/mundosemfim.com\/?p=3652","name":"10 lugares imperd\u00edveis no Chile - Mundo Sem Fim","isPartOf":{"@id":"https:\/\/mundosemfim.com\/#website"},"primaryImageOfPage":{"@id":"https:\/\/mundosemfim.com\/?p=3652#primaryimage"},"image":{"@id":"https:\/\/mundosemfim.com\/?p=3652#primaryimage"},"thumbnailUrl":"https:\/\/i0.wp.com\/mundosemfim.com\/wp-content\/uploads\/2016\/06\/PC190276.jpg?fit=1088%2C816&ssl=1","datePublished":"2016-06-24T03:25:24+00:00","dateModified":"2017-02-15T23:11:34+00:00","author":{"@id":"https:\/\/mundosemfim.com\/#\/schema\/person\/b021d50f3a19bae432e9b69ffbfa9257"},"breadcrumb":{"@id":"https:\/\/mundosemfim.com\/?p=3652#breadcrumb"},"inLanguage":"pt-BR","potentialAction":[{"@type":"ReadAction","target":["https:\/\/mundosemfim.com\/?p=3652"]}]},{"@type":"ImageObject","inLanguage":"pt-BR","@id":"https:\/\/mundosemfim.com\/?p=3652#primaryimage","url":"https:\/\/i0.wp.com\/mundosemfim.com\/wp-content\/uploads\/2016\/06\/PC190276.jpg?fit=1088%2C816&ssl=1","contentUrl":"https:\/\/i0.wp.com\/mundosemfim.com\/wp-content\/uploads\/2016\/06\/PC190276.jpg?fit=1088%2C816&ssl=1","width":1088,"height":816,"caption":"Vulc\u00e3o Osorno visto de Puerto Varas"},{"@type":"BreadcrumbList","@id":"https:\/\/mundosemfim.com\/?p=3652#breadcrumb","itemListElement":[{"@type":"ListItem","position":1,"name":"In\u00edcio","item":"https:\/\/mundosemfim.com\/"},{"@type":"ListItem","position":2,"name":"10 lugares imperd\u00edveis no Chile"}]},{"@type":"WebSite","@id":"https:\/\/mundosemfim.com\/#website","url":"https:\/\/mundosemfim.com\/","name":"Mundo Sem Fim","description":"uma viagem de volta ao mundo pelos 5 continentes!","potentialAction":[{"@type":"SearchAction","target":{"@type":"EntryPoint","urlTemplate":"https:\/\/mundosemfim.com\/?s={search_term_string}"},"query-input":{"@type":"PropertyValueSpecification","valueRequired":true,"valueName":"search_term_string"}}],"inLanguage":"pt-BR"},{"@type":"Person","@id":"https:\/\/mundosemfim.com\/#\/schema\/person\/b021d50f3a19bae432e9b69ffbfa9257","name":"Renan","image":{"@type":"ImageObject","inLanguage":"pt-BR","@id":"https:\/\/secure.gravatar.com\/avatar\/faafca769a603ac75196d21826f3bda645d7e2d6306bb6e236d8cdb38eb44e38?s=96&d=mm&r=g","url":"https:\/\/secure.gravatar.com\/avatar\/faafca769a603ac75196d21826f3bda645d7e2d6306bb6e236d8cdb38eb44e38?s=96&d=mm&r=g","contentUrl":"https:\/\/secure.gravatar.com\/avatar\/faafca769a603ac75196d21826f3bda645d7e2d6306bb6e236d8cdb38eb44e38?s=96&d=mm&r=g","caption":"Renan"}}]}},"jetpack_publicize_connections":[],"jetpack_featured_media_url":"https:\/\/i0.wp.com\/mundosemfim.com\/wp-content\/uploads\/2016\/06\/PC190276.jpg?fit=1088%2C816&ssl=1","jetpack_sharing_enabled":true,"jetpack_shortlink":"https:\/\/wp.me\/p7CQyF-WU","jetpack-related-posts":[{"id":5016,"url":"https:\/\/mundosemfim.com\/?p=5016","url_meta":{"origin":3652,"position":0},"title":"Top 15 Am\u00e9rica do Sul &#8211; Destinos imperd\u00edveis no nosso continente!","author":"Renan","date":"fevereiro 4, 2017","format":false,"excerpt":"Lugares imperd\u00edveis da Am\u00e9rica do Sul? Aqui est\u00e1 a lista dos 15 que mais gostamos! A ideia era criar um TOP 10, mas nosso continente tem tantas belezas que foi imposs\u00edvel escolher t\u00e3o poucos destinos. Por fim chegamos a lista dos 15 mais (e mesmo assim foi bem dif\u00edcil deixar\u2026","rel":"","context":"Em &quot;Am\u00e9rica do Sul&quot;","block_context":{"text":"Am\u00e9rica do Sul","link":"https:\/\/mundosemfim.com\/?cat=6"},"img":{"alt_text":"Mucuvinha em Machu Picchu","src":"https:\/\/i0.wp.com\/mundosemfim.com\/wp-content\/uploads\/2017\/02\/DSC_0011.jpg?fit=1000%2C667&ssl=1&resize=350%2C200","width":350,"height":200,"srcset":"https:\/\/i0.wp.com\/mundosemfim.com\/wp-content\/uploads\/2017\/02\/DSC_0011.jpg?fit=1000%2C667&ssl=1&resize=350%2C200 1x, https:\/\/i0.wp.com\/mundosemfim.com\/wp-content\/uploads\/2017\/02\/DSC_0011.jpg?fit=1000%2C667&ssl=1&resize=525%2C300 1.5x, https:\/\/i0.wp.com\/mundosemfim.com\/wp-content\/uploads\/2017\/02\/DSC_0011.jpg?fit=1000%2C667&ssl=1&resize=700%2C400 2x"},"classes":[]},{"id":1726,"url":"https:\/\/mundosemfim.com\/?p=1726","url_meta":{"origin":3652,"position":1},"title":"Piedras Rojas e Lagunas Altipl\u00e2nicas \u2013 um dos tours mais impressionantes do Atacama!","author":"Renan","date":"abril 16, 2016","format":false,"excerpt":"Seguindo nosso roteiro pelo Atacama, tivemos desta vez o privil\u00e9gio de conhecer as Piedras Rojas e as Lagunas Altipl\u00e2nicas, e vamos compartilhar com voc\u00eas todas as informa\u00e7\u00f5es deste passeio imperd\u00edvel! Refer\u00eancia 1 real \u2013 185 pesos chilenos (abril\/2016) \u00a0 Localizada a\u00a0cerca de 150km de San Pedro de Atacama, pr\u00f3ximo \u00e0\u2026","rel":"","context":"Em &quot;Am\u00e9rica do Sul&quot;","block_context":{"text":"Am\u00e9rica do Sul","link":"https:\/\/mundosemfim.com\/?cat=6"},"img":{"alt_text":"","src":"https:\/\/i0.wp.com\/mundosemfim.com\/wp-content\/uploads\/2016\/04\/dsc_0167.jpg?fit=1140%2C760&ssl=1&resize=350%2C200","width":350,"height":200,"srcset":"https:\/\/i0.wp.com\/mundosemfim.com\/wp-content\/uploads\/2016\/04\/dsc_0167.jpg?fit=1140%2C760&ssl=1&resize=350%2C200 1x, https:\/\/i0.wp.com\/mundosemfim.com\/wp-content\/uploads\/2016\/04\/dsc_0167.jpg?fit=1140%2C760&ssl=1&resize=525%2C300 1.5x, https:\/\/i0.wp.com\/mundosemfim.com\/wp-content\/uploads\/2016\/04\/dsc_0167.jpg?fit=1140%2C760&ssl=1&resize=700%2C400 2x, https:\/\/i0.wp.com\/mundosemfim.com\/wp-content\/uploads\/2016\/04\/dsc_0167.jpg?fit=1140%2C760&ssl=1&resize=1050%2C600 3x"},"classes":[]},{"id":8021,"url":"https:\/\/mundosemfim.com\/?p=8021","url_meta":{"origin":3652,"position":2},"title":"10 Curiosidades sobre o Chile","author":"Renan","date":"maio 30, 2018","format":false,"excerpt":"Quer conhecer mais sobre o Chile? Aqui est\u00e3o 10 curiosidades sobre o pa\u00eds! 1. O porto de Puerto Williams, no extremo sul do Chile, \u00e9 o lugar povoado mais ao sul do planeta. 2. As m\u00famias mais antigas do mundo j\u00e1 descobertas s\u00e3o chilenas. S\u00e3o as m\u00famias dos Chinchorros, um\u2026","rel":"","context":"Em &quot;Am\u00e9rica do Sul&quot;","block_context":{"text":"Am\u00e9rica do Sul","link":"https:\/\/mundosemfim.com\/?cat=6"},"img":{"alt_text":"Mucuvinha com a bandeira do Chile","src":"https:\/\/i0.wp.com\/mundosemfim.com\/wp-content\/uploads\/2018\/05\/DSC_0096.jpg?fit=800%2C533&ssl=1&resize=350%2C200","width":350,"height":200,"srcset":"https:\/\/i0.wp.com\/mundosemfim.com\/wp-content\/uploads\/2018\/05\/DSC_0096.jpg?fit=800%2C533&ssl=1&resize=350%2C200 1x, https:\/\/i0.wp.com\/mundosemfim.com\/wp-content\/uploads\/2018\/05\/DSC_0096.jpg?fit=800%2C533&ssl=1&resize=525%2C300 1.5x, https:\/\/i0.wp.com\/mundosemfim.com\/wp-content\/uploads\/2018\/05\/DSC_0096.jpg?fit=800%2C533&ssl=1&resize=700%2C400 2x"},"classes":[]},{"id":2436,"url":"https:\/\/mundosemfim.com\/?p=2436","url_meta":{"origin":3652,"position":3},"title":"Mochil\u00e3o pelo Chile de ponta a ponta \u2013 roteiro, gastos, dicas, fotos, etc","author":"Renan","date":"maio 9, 2016","format":false,"excerpt":"Depois de 84 dias viajando entre as cordilheiras e o Oceano Pac\u00edfico, finalmente deixamos o Chile para tr\u00e1s. Confira aqui tudo o que voc\u00ea precisa saber para visitar este lindo pa\u00eds! Refer\u00eancia (maio\/2016): 1 real = 185 pesos chilenos \u00a0 O Chile Bel\u00edssimas praias, centenas de vulc\u00f5es, lagos cristalinos, desertos\u2026","rel":"","context":"Em &quot;Am\u00e9rica do Sul&quot;","block_context":{"text":"Am\u00e9rica do Sul","link":"https:\/\/mundosemfim.com\/?cat=6"},"img":{"alt_text":"","src":"https:\/\/i0.wp.com\/mundosemfim.com\/wp-content\/uploads\/2016\/05\/dsc_0096.jpg?fit=1200%2C800&ssl=1&resize=350%2C200","width":350,"height":200,"srcset":"https:\/\/i0.wp.com\/mundosemfim.com\/wp-content\/uploads\/2016\/05\/dsc_0096.jpg?fit=1200%2C800&ssl=1&resize=350%2C200 1x, https:\/\/i0.wp.com\/mundosemfim.com\/wp-content\/uploads\/2016\/05\/dsc_0096.jpg?fit=1200%2C800&ssl=1&resize=525%2C300 1.5x, https:\/\/i0.wp.com\/mundosemfim.com\/wp-content\/uploads\/2016\/05\/dsc_0096.jpg?fit=1200%2C800&ssl=1&resize=700%2C400 2x, https:\/\/i0.wp.com\/mundosemfim.com\/wp-content\/uploads\/2016\/05\/dsc_0096.jpg?fit=1200%2C800&ssl=1&resize=1050%2C600 3x"},"classes":[]},{"id":1815,"url":"https:\/\/mundosemfim.com\/?p=1815","url_meta":{"origin":3652,"position":4},"title":"Laguna Cejar &#8211; venha flutuar nesta lagoa salgada do Atacama!","author":"Renan","date":"abril 18, 2016","format":false,"excerpt":"Aqui estamos n\u00f3s, descrevendo mais um tour imperd\u00edvel de San Pedro de Atacama. Desta vez fomos flutuar nas \u00e1guas salgadas da Laguna Piedras, ao lado da famosa Laguna Cejar. Refer\u00eancia (abril\/2016): 1 real = 185 pesos chilenos Antes de continuar, vamos esclarecer uma d\u00favida que muitos t\u00eam sobre este passeio.\u2026","rel":"","context":"Em &quot;Am\u00e9rica do Sul&quot;","block_context":{"text":"Am\u00e9rica do Sul","link":"https:\/\/mundosemfim.com\/?cat=6"},"img":{"alt_text":"","src":"https:\/\/i0.wp.com\/mundosemfim.com\/wp-content\/uploads\/2016\/04\/p4150164.jpg?fit=1200%2C900&ssl=1&resize=350%2C200","width":350,"height":200,"srcset":"https:\/\/i0.wp.com\/mundosemfim.com\/wp-content\/uploads\/2016\/04\/p4150164.jpg?fit=1200%2C900&ssl=1&resize=350%2C200 1x, https:\/\/i0.wp.com\/mundosemfim.com\/wp-content\/uploads\/2016\/04\/p4150164.jpg?fit=1200%2C900&ssl=1&resize=525%2C300 1.5x, https:\/\/i0.wp.com\/mundosemfim.com\/wp-content\/uploads\/2016\/04\/p4150164.jpg?fit=1200%2C900&ssl=1&resize=700%2C400 2x, https:\/\/i0.wp.com\/mundosemfim.com\/wp-content\/uploads\/2016\/04\/p4150164.jpg?fit=1200%2C900&ssl=1&resize=1050%2C600 3x"},"classes":[]},{"id":1569,"url":"https:\/\/mundosemfim.com\/?p=1569","url_meta":{"origin":3652,"position":5},"title":"Conhecendo o Valle de la Luna e Valle de la Muerte no Atacama","author":"Renan","date":"abril 9, 2016","format":false,"excerpt":"Ol\u00e1 pessoal! Finalmente fizemos nosso primeiro passeio neste lugar incr\u00edvel chamado Atacama. O Valle de la Luna e Valle de la Muerte s\u00e3o dois lugares imperd\u00edveis para quem vier para c\u00e1, e aqui detalhamos como foi nosso passeio! Refer\u00eancia (abril\/2016) 1 real = 190 pesos chilenos Conhecendo um pouco do\u2026","rel":"","context":"Em &quot;Am\u00e9rica do Sul&quot;","block_context":{"text":"Am\u00e9rica do Sul","link":"https:\/\/mundosemfim.com\/?cat=6"},"img":{"alt_text":"","src":"https:\/\/i0.wp.com\/mundosemfim.com\/wp-content\/uploads\/2016\/04\/dsc_0051.jpg?fit=1200%2C540&ssl=1&resize=350%2C200","width":350,"height":200,"srcset":"https:\/\/i0.wp.com\/mundosemfim.com\/wp-content\/uploads\/2016\/04\/dsc_0051.jpg?fit=1200%2C540&ssl=1&resize=350%2C200 1x, https:\/\/i0.wp.com\/mundosemfim.com\/wp-content\/uploads\/2016\/04\/dsc_0051.jpg?fit=1200%2C540&ssl=1&resize=525%2C300 1.5x, https:\/\/i0.wp.com\/mundosemfim.com\/wp-content\/uploads\/2016\/04\/dsc_0051.jpg?fit=1200%2C540&ssl=1&resize=700%2C400 2x, https:\/\/i0.wp.com\/mundosemfim.com\/wp-content\/uploads\/2016\/04\/dsc_0051.jpg?fit=1200%2C540&ssl=1&resize=1050%2C600 3x"},"classes":[]}],"_links":{"self":[{"href":"https:\/\/mundosemfim.com\/index.php?rest_route=\/wp\/v2\/posts\/3652","targetHints":{"allow":["GET"]}}],"collection":[{"href":"https:\/\/mundosemfim.com\/index.php?rest_route=\/wp\/v2\/posts"}],"about":[{"href":"https:\/\/mundosemfim.com\/index.php?rest_route=\/wp\/v2\/types\/post"}],"author":[{"embeddable":true,"href":"https:\/\/mundosemfim.com\/index.php?rest_route=\/wp\/v2\/users\/1"}],"replies":[{"embeddable":true,"href":"https:\/\/mundosemfim.com\/index.php?rest_route=%2Fwp%2Fv2%2Fcomments&post=3652"}],"version-history":[{"count":4,"href":"https:\/\/mundosemfim.com\/index.php?rest_route=\/wp\/v2\/posts\/3652\/revisions"}],"predecessor-version":[{"id":5355,"href":"https:\/\/mundosemfim.com\/index.php?rest_route=\/wp\/v2\/posts\/3652\/revisions\/5355"}],"wp:featuredmedia":[{"embeddable":true,"href":"https:\/\/mundosemfim.com\/index.php?rest_route=\/wp\/v2\/media\/3654"}],"wp:attachment":[{"href":"https:\/\/mundosemfim.com\/index.php?rest_route=%2Fwp%2Fv2%2Fmedia&parent=3652"}],"wp:term":[{"taxonomy":"category","embeddable":true,"href":"https:\/\/mundosemfim.com\/index.php?rest_route=%2Fwp%2Fv2%2Fcategories&post=3652"},{"taxonomy":"post_tag","embeddable":true,"href":"https:\/\/mundosemfim.com\/index.php?rest_route=%2Fwp%2Fv2%2Ftags&post=3652"}],"curies":[{"name":"wp","href":"https:\/\/api.w.org\/{rel}","templated":true}]}}