{"id":2436,"date":"2016-05-09T19:07:01","date_gmt":"2016-05-10T02:07:01","guid":{"rendered":"https:\/\/mundosemfim.com\/?p=2436"},"modified":"2025-07-06T13:40:42","modified_gmt":"2025-07-06T16:40:42","slug":"mochilao-pelo-chile-de-ponta-a-ponta-roteiro-gastos-dicas-fotos-etc","status":"publish","type":"post","link":"https:\/\/mundosemfim.com\/?p=2436","title":{"rendered":"Mochil\u00e3o pelo Chile de ponta a ponta \u2013 roteiro, gastos, dicas, fotos, etc"},"content":{"rendered":"<p>Depois de 84 dias viajando entre as cordilheiras e o Oceano Pac\u00edfico, finalmente deixamos o Chile para tr\u00e1s. Confira aqui tudo o que voc\u00ea precisa saber para visitar este lindo pa\u00eds!<\/p>\n<p><!--more--><\/p>\n<p><b>Refer\u00eancia (maio\/2016):<\/b><\/p>\n<p>1 real = 185 pesos chilenos<\/p>\n<p>&nbsp;<\/p>\n<h3><b>O Chile<\/b><\/h3>\n<p>Bel\u00edssimas praias, centenas de vulc\u00f5es, lagos cristalinos, desertos a perder de vista e incr\u00edveis parques nacionais, tudo isso com aquele tempero latino: isso \u00e9 o Chile!<\/p>\n<p>Em 84 dias de viagem, conhecemos o pa\u00eds de ponta a ponta, e aqui descrevemos como foi nossa experi\u00eancia e o que aprendemos por l\u00e1.<\/p>\n<h3><b>Lugares e experi\u00eancias que passamos<\/b><\/h3>\n<ul>\n<li>Enfrentamos ventos cortantes da Terra do Fogo<\/li>\n<li>Molhamos os p\u00e9s no lend\u00e1rio Estreito de Magalh\u00e3es, onde piratas e aventureiros j\u00e1 perderam suas vidas<\/li>\n<li>Caminhamos pelo <a href=\"https:\/\/mundosemfim.com\/torres-del-paine-dicas-para-economizar-e-curtir-ao-maximo\/\"><strong>Torres del Paine<\/strong><\/a>, um dos parques nacionais mais bonitos do mundo\n<p><figure id=\"attachment_687\" aria-describedby=\"caption-attachment-687\" style=\"width: 1574px\" class=\"wp-caption alignnone\"><img data-recalc-dims=\"1\" loading=\"lazy\" decoding=\"async\" data-attachment-id=\"687\" data-permalink=\"https:\/\/mundosemfim.com\/?attachment_id=687\" data-orig-file=\"https:\/\/i0.wp.com\/mundosemfim.com\/wp-content\/uploads\/2016\/02\/dsc_0613.jpg?fit=1574%2C1050&amp;ssl=1\" data-orig-size=\"1574,1050\" data-comments-opened=\"1\" data-image-meta=\"{&quot;aperture&quot;:&quot;13&quot;,&quot;credit&quot;:&quot;&quot;,&quot;camera&quot;:&quot;NIKON D5200&quot;,&quot;caption&quot;:&quot;&quot;,&quot;created_timestamp&quot;:&quot;1453810215&quot;,&quot;copyright&quot;:&quot;&quot;,&quot;focal_length&quot;:&quot;18&quot;,&quot;iso&quot;:&quot;200&quot;,&quot;shutter_speed&quot;:&quot;0.003125&quot;,&quot;title&quot;:&quot;&quot;,&quot;orientation&quot;:&quot;1&quot;}\" data-image-title=\"Torres del Paine\" data-image-description=\"\" data-image-caption=\"&lt;p&gt;Torres del Paine&lt;\/p&gt;\n\" data-large-file=\"https:\/\/i0.wp.com\/mundosemfim.com\/wp-content\/uploads\/2016\/02\/dsc_0613.jpg?fit=764%2C510&amp;ssl=1\" class=\"wp-image-687 size-full\" src=\"https:\/\/i0.wp.com\/mundosemfim.com\/wp-content\/uploads\/2016\/02\/dsc_0613.jpg?resize=764%2C510&#038;ssl=1\" alt=\"Parque Nacional Torres del Paine, no sul do Chile\" width=\"764\" height=\"510\" srcset=\"https:\/\/i0.wp.com\/mundosemfim.com\/wp-content\/uploads\/2016\/02\/dsc_0613.jpg?w=1574&amp;ssl=1 1574w, https:\/\/i0.wp.com\/mundosemfim.com\/wp-content\/uploads\/2016\/02\/dsc_0613.jpg?resize=300%2C200&amp;ssl=1 300w, https:\/\/i0.wp.com\/mundosemfim.com\/wp-content\/uploads\/2016\/02\/dsc_0613.jpg?resize=768%2C512&amp;ssl=1 768w, https:\/\/i0.wp.com\/mundosemfim.com\/wp-content\/uploads\/2016\/02\/dsc_0613.jpg?resize=1024%2C683&amp;ssl=1 1024w, https:\/\/i0.wp.com\/mundosemfim.com\/wp-content\/uploads\/2016\/02\/dsc_0613.jpg?resize=200%2C133&amp;ssl=1 200w, https:\/\/i0.wp.com\/mundosemfim.com\/wp-content\/uploads\/2016\/02\/dsc_0613.jpg?resize=660%2C440&amp;ssl=1 660w\" sizes=\"auto, (max-width: 764px) 100vw, 764px\" \/><figcaption id=\"caption-attachment-687\" class=\"wp-caption-text\">Torres del Paine<\/figcaption><\/figure><\/li>\n<li>Percorremos a remota Carretera Austral<\/li>\n<li>Assistimos \u00e0 missa de <a href=\"https:\/\/mundosemfim.com\/quer-passar-o-natal-no-chile-conheca-os-costumes\/\" target=\"_blank\" rel=\"noopener\">Natal <\/a>em uma pequena igreja de madeira em <a href=\"https:\/\/mundosemfim.com\/chiloe-um-pequeno-paraiso-ao-sul-do-chile\/\" target=\"_blank\" rel=\"noopener\">Chilo\u00e9<\/a><\/li>\n<li>Admiramos o imponente vulc\u00e3o Osorno desde Punta Arenas e Puerto Montt<\/li>\n<li>Navegamos pelo azul\u00edssimo lago General Carrera at\u00e9 as <a href=\"https:\/\/mundosemfim.com\/navegando-pelas-capillas-de-marmol-chile\/\" target=\"_blank\" rel=\"noopener\">Capillas de M\u00e1rmol<\/a><\/li>\n<li>Conhecemos as bel\u00edssimas praias de Concepi\u00f3n<\/li>\n<li>Vimos o vulc\u00e3o Villarica cospindo fuma\u00e7a desde Puc\u00f3n<\/li>\n<li>Caminhamos pelas sombrias ruas da cidade abandonada de <a href=\"https:\/\/mundosemfim.com\/visitando-a-cidade-fantasma-de-sewell-chile\/\" target=\"_blank\" rel=\"noopener\">Sewell<\/a>\n<p><figure id=\"attachment_1276\" aria-describedby=\"caption-attachment-1276\" style=\"width: 1260px\" class=\"wp-caption alignnone\"><img data-recalc-dims=\"1\" loading=\"lazy\" decoding=\"async\" data-attachment-id=\"1276\" data-permalink=\"https:\/\/mundosemfim.com\/?attachment_id=1276\" data-orig-file=\"https:\/\/i0.wp.com\/mundosemfim.com\/wp-content\/uploads\/2016\/03\/dsc_0690.jpg?fit=1260%2C840&amp;ssl=1\" data-orig-size=\"1260,840\" data-comments-opened=\"1\" data-image-meta=\"{&quot;aperture&quot;:&quot;13&quot;,&quot;credit&quot;:&quot;&quot;,&quot;camera&quot;:&quot;NIKON D5200&quot;,&quot;caption&quot;:&quot;&quot;,&quot;created_timestamp&quot;:&quot;1458999756&quot;,&quot;copyright&quot;:&quot;&quot;,&quot;focal_length&quot;:&quot;22&quot;,&quot;iso&quot;:&quot;160&quot;,&quot;shutter_speed&quot;:&quot;0.005&quot;,&quot;title&quot;:&quot;&quot;,&quot;orientation&quot;:&quot;1&quot;}\" data-image-title=\"Sewell\" data-image-description=\"\" data-image-caption=\"&lt;p&gt;Mucuvinha em Sewell&lt;\/p&gt;\n\" data-large-file=\"https:\/\/i0.wp.com\/mundosemfim.com\/wp-content\/uploads\/2016\/03\/dsc_0690.jpg?fit=764%2C510&amp;ssl=1\" class=\"wp-image-1276 size-full\" src=\"https:\/\/i0.wp.com\/mundosemfim.com\/wp-content\/uploads\/2016\/03\/dsc_0690.jpg?resize=764%2C509&#038;ssl=1\" alt=\"Mucuvinha na cidade abandonada de Sewell\" width=\"764\" height=\"509\" srcset=\"https:\/\/i0.wp.com\/mundosemfim.com\/wp-content\/uploads\/2016\/03\/dsc_0690.jpg?w=1260&amp;ssl=1 1260w, https:\/\/i0.wp.com\/mundosemfim.com\/wp-content\/uploads\/2016\/03\/dsc_0690.jpg?resize=300%2C200&amp;ssl=1 300w, https:\/\/i0.wp.com\/mundosemfim.com\/wp-content\/uploads\/2016\/03\/dsc_0690.jpg?resize=768%2C512&amp;ssl=1 768w, https:\/\/i0.wp.com\/mundosemfim.com\/wp-content\/uploads\/2016\/03\/dsc_0690.jpg?resize=1024%2C683&amp;ssl=1 1024w\" sizes=\"auto, (max-width: 764px) 100vw, 764px\" \/><figcaption id=\"caption-attachment-1276\" class=\"wp-caption-text\">Mucuvinha em Sewell<\/figcaption><\/figure><\/li>\n<li>Conhecemos a terr\u00edvel ditadura chilena pelos museus de <a href=\"https:\/\/mundosemfim.com\/conhecendo-santiago-chile-roteiros-e-dicas-para-todos-os-bolsos\/\" target=\"_blank\" rel=\"noopener\">Santiago<\/a><\/li>\n<li>Vivenciamos a bel\u00edssima cultura de <a href=\"https:\/\/mundosemfim.com\/conhecendo-valparaiso-a-cidade-patrimonio-cultural-do-chile\/\" target=\"_blank\" rel=\"noopener\">Valpara\u00edso<\/a><\/li>\n<li>Procuramos OVNIs no enigm\u00e1tico Valle del Elqui<\/li>\n<li>Vimos a mesquita e a cruz do 3\u00b0 mil\u00eanio convivendo lado a lado em Coquimbo<\/li>\n<li>Exploramos todos os cantos do <a href=\"https:\/\/mundosemfim.com\/san-pedro-de-atacama-tudo-o-que-voce-precisa-saber-para-aproveitar-ao-maximo-este-lugar-incrivel\/\">Deserto do Atacama<\/a>\n<p><figure id=\"attachment_1576\" aria-describedby=\"caption-attachment-1576\" style=\"width: 1260px\" class=\"wp-caption alignnone\"><img data-recalc-dims=\"1\" loading=\"lazy\" decoding=\"async\" data-attachment-id=\"1576\" data-permalink=\"https:\/\/mundosemfim.com\/?attachment_id=1576\" data-orig-file=\"https:\/\/i0.wp.com\/mundosemfim.com\/wp-content\/uploads\/2016\/04\/dsc_0050.jpg?fit=1260%2C840&amp;ssl=1\" data-orig-size=\"1260,840\" data-comments-opened=\"1\" data-image-meta=\"{&quot;aperture&quot;:&quot;18&quot;,&quot;credit&quot;:&quot;&quot;,&quot;camera&quot;:&quot;NIKON D5200&quot;,&quot;caption&quot;:&quot;&quot;,&quot;created_timestamp&quot;:&quot;1460134601&quot;,&quot;copyright&quot;:&quot;&quot;,&quot;focal_length&quot;:&quot;18&quot;,&quot;iso&quot;:&quot;160&quot;,&quot;shutter_speed&quot;:&quot;0.008&quot;,&quot;title&quot;:&quot;&quot;,&quot;orientation&quot;:&quot;1&quot;}\" data-image-title=\"DSC_0050\" data-image-description=\"\" data-image-caption=\"&lt;p&gt;As forma\u00e7\u00f5es do Valle de la Luna, com partes cobertas de puro sal, deixa qualquer um de queixo ca\u00eddo&lt;\/p&gt;\n\" data-large-file=\"https:\/\/i0.wp.com\/mundosemfim.com\/wp-content\/uploads\/2016\/04\/dsc_0050.jpg?fit=764%2C510&amp;ssl=1\" class=\"wp-image-1576 size-full\" src=\"https:\/\/i0.wp.com\/mundosemfim.com\/wp-content\/uploads\/2016\/04\/dsc_0050.jpg?resize=764%2C509&#038;ssl=1\" alt=\"Michele no Deserto do Atacama\" width=\"764\" height=\"509\" srcset=\"https:\/\/i0.wp.com\/mundosemfim.com\/wp-content\/uploads\/2016\/04\/dsc_0050.jpg?w=1260&amp;ssl=1 1260w, https:\/\/i0.wp.com\/mundosemfim.com\/wp-content\/uploads\/2016\/04\/dsc_0050.jpg?resize=300%2C200&amp;ssl=1 300w, https:\/\/i0.wp.com\/mundosemfim.com\/wp-content\/uploads\/2016\/04\/dsc_0050.jpg?resize=768%2C512&amp;ssl=1 768w, https:\/\/i0.wp.com\/mundosemfim.com\/wp-content\/uploads\/2016\/04\/dsc_0050.jpg?resize=1024%2C683&amp;ssl=1 1024w\" sizes=\"auto, (max-width: 764px) 100vw, 764px\" \/><figcaption id=\"caption-attachment-1576\" class=\"wp-caption-text\">As forma\u00e7\u00f5es do Valle de la Luna (Atacama), com partes cobertas de puro sal, deixa qualquer um de queixo ca\u00eddo<\/figcaption><\/figure><\/li>\n<\/ul>\n<p>Aqui est\u00e1 nosso roteiro:<\/p>\n<figure id=\"attachment_2449\" aria-describedby=\"caption-attachment-2449\" style=\"width: 459px\" class=\"wp-caption alignnone\"><img data-recalc-dims=\"1\" loading=\"lazy\" decoding=\"async\" data-attachment-id=\"2449\" data-permalink=\"https:\/\/mundosemfim.com\/?attachment_id=2449\" data-orig-file=\"https:\/\/i0.wp.com\/mundosemfim.com\/wp-content\/uploads\/2016\/05\/recorrido-chile.png?fit=459%2C1089&amp;ssl=1\" data-orig-size=\"459,1089\" data-comments-opened=\"1\" data-image-meta=\"{&quot;aperture&quot;:&quot;0&quot;,&quot;credit&quot;:&quot;&quot;,&quot;camera&quot;:&quot;&quot;,&quot;caption&quot;:&quot;&quot;,&quot;created_timestamp&quot;:&quot;0&quot;,&quot;copyright&quot;:&quot;&quot;,&quot;focal_length&quot;:&quot;0&quot;,&quot;iso&quot;:&quot;0&quot;,&quot;shutter_speed&quot;:&quot;0&quot;,&quot;title&quot;:&quot;&quot;,&quot;orientation&quot;:&quot;0&quot;}\" data-image-title=\"recorrido chile\" data-image-description=\"&lt;p&gt;Caminho percorrido no Chile durante nossa volta ao mundo&lt;\/p&gt;\n\" data-image-caption=\"&lt;p&gt;Nosso recorrido pelo Chile&lt;\/p&gt;\n\" data-large-file=\"https:\/\/i0.wp.com\/mundosemfim.com\/wp-content\/uploads\/2016\/05\/recorrido-chile.png?fit=432%2C1024&amp;ssl=1\" class=\"wp-image-2449 size-full\" src=\"https:\/\/i0.wp.com\/mundosemfim.com\/wp-content\/uploads\/2016\/05\/recorrido-chile.png?resize=459%2C1089&#038;ssl=1\" alt=\"Roteiro do nosso mochil\u00e3o pelo Chile\" width=\"459\" height=\"1089\" srcset=\"https:\/\/i0.wp.com\/mundosemfim.com\/wp-content\/uploads\/2016\/05\/recorrido-chile.png?w=459&amp;ssl=1 459w, https:\/\/i0.wp.com\/mundosemfim.com\/wp-content\/uploads\/2016\/05\/recorrido-chile.png?resize=126%2C300&amp;ssl=1 126w, https:\/\/i0.wp.com\/mundosemfim.com\/wp-content\/uploads\/2016\/05\/recorrido-chile.png?resize=432%2C1024&amp;ssl=1 432w\" sizes=\"auto, (max-width: 459px) 100vw, 459px\" \/><figcaption id=\"caption-attachment-2449\" class=\"wp-caption-text\">Nosso recorrido pelo Chile<\/figcaption><\/figure>\n<p>Aqui est\u00e3o os n\u00fameros de nossa viagem pelo Chile:<\/p>\n<ul>\n<li>4200 km rodados aprox.<\/li>\n<li>84 dias<\/li>\n<li>6126 reais gastos<\/li>\n<li>55 <a href=\"https:\/\/mundosemfim.com\/quer-viajar-de-carona-e-tem-receios-tudo-o-que-voce-precisa-saber-sobre-este-estilo-unico-de-viajar\/\">caronas<\/a> em ve\u00edculos diferentes<\/li>\n<\/ul>\n<h3><b>Sobre os gastos, ficou assim (valores para o casal):<\/b><\/h3>\n<ul>\n<li>total: R$ 6126,45<\/li>\n<li>hospedagem: R$ 2003,88<\/li>\n<li>transporte: R$ 831,34<\/li>\n<li>supermercado: R$ 1777,82<\/li>\n<li>restaurante: R$ 386,22<\/li>\n<li>passeios: R$ 988,64<\/li>\n<li>outros: R$ 138,54<\/li>\n<\/ul>\n<p>*Nossos gastos com transporte ficaram relativamente baixos porque percorremos quase tudo de carona.<\/p>\n<h3><b>A m\u00e9dia di\u00e1ria ficou:<\/b><\/h3>\n<ul>\n<li>m\u00e9dia: R$ 72,93\/dia<\/li>\n<li>hospedagem: R$ 23,86\/dia<\/li>\n<li>transporte: R$ 9,90\/dia<\/li>\n<li>mercado: R$ 21,16\/dia<\/li>\n<li>restaurante: R$ 4,60\/dia<\/li>\n<li>outros: R$ 1,65\/dia<\/li>\n<li>passeios: R$ 11,77\/dia<\/li>\n<\/ul>\n<figure id=\"attachment_2453\" aria-describedby=\"caption-attachment-2453\" style=\"width: 392px\" class=\"wp-caption alignnone\"><img data-recalc-dims=\"1\" loading=\"lazy\" decoding=\"async\" data-attachment-id=\"2453\" data-permalink=\"https:\/\/mundosemfim.com\/?attachment_id=2453\" data-orig-file=\"https:\/\/i0.wp.com\/mundosemfim.com\/wp-content\/uploads\/2016\/05\/distribuicao-gastos.png?fit=392%2C279&amp;ssl=1\" data-orig-size=\"392,279\" data-comments-opened=\"1\" data-image-meta=\"{&quot;aperture&quot;:&quot;0&quot;,&quot;credit&quot;:&quot;&quot;,&quot;camera&quot;:&quot;&quot;,&quot;caption&quot;:&quot;&quot;,&quot;created_timestamp&quot;:&quot;0&quot;,&quot;copyright&quot;:&quot;&quot;,&quot;focal_length&quot;:&quot;0&quot;,&quot;iso&quot;:&quot;0&quot;,&quot;shutter_speed&quot;:&quot;0&quot;,&quot;title&quot;:&quot;&quot;,&quot;orientation&quot;:&quot;0&quot;}\" data-image-title=\"distribuicao gastos\" data-image-description=\"&lt;p&gt;Nossos gastos no Chile durante nossa volta ao mundo&lt;\/p&gt;\n\" data-image-caption=\"&lt;p&gt;Distribui\u00e7\u00e3o dos nossos gastos no Chile&lt;\/p&gt;\n\" data-large-file=\"https:\/\/i0.wp.com\/mundosemfim.com\/wp-content\/uploads\/2016\/05\/distribuicao-gastos.png?fit=392%2C279&amp;ssl=1\" class=\"wp-image-2453 size-full\" src=\"https:\/\/i0.wp.com\/mundosemfim.com\/wp-content\/uploads\/2016\/05\/distribuicao-gastos.png?resize=392%2C279&#038;ssl=1\" alt=\"Nossos gastos pelo Chile\" width=\"392\" height=\"279\" srcset=\"https:\/\/i0.wp.com\/mundosemfim.com\/wp-content\/uploads\/2016\/05\/distribuicao-gastos.png?w=392&amp;ssl=1 392w, https:\/\/i0.wp.com\/mundosemfim.com\/wp-content\/uploads\/2016\/05\/distribuicao-gastos.png?resize=300%2C214&amp;ssl=1 300w\" sizes=\"auto, (max-width: 392px) 100vw, 392px\" \/><figcaption id=\"caption-attachment-2453\" class=\"wp-caption-text\">Distribui\u00e7\u00e3o dos nossos gastos no Chile<\/figcaption><\/figure>\n<h3><b>Sobre as hospedagens, ficamos assim:<\/b><\/h3>\n<ul>\n<li><a href=\"https:\/\/mundosemfim.com\/couchsurfing-muito-mais-que-hospedagem-gratis\/\">CouchSurfing<\/a>: 3<\/li>\n<li>camping: 20<\/li>\n<li>hotel\/hostel: 11<\/li>\n<li><a href=\"https:\/\/mundosemfim.com\/trabalhar-em-um-hostel-como-conseguir-e-como-foi-a-nossa-experiencia\/\">trabalhando<\/a>: 15<\/li>\n<li>camping selvagem: 10<\/li>\n<li>amigos : 21<\/li>\n<li>\u00f4nibus\/barco\/caminh\u00e3o: 2<\/li>\n<\/ul>\n<figure id=\"attachment_2456\" aria-describedby=\"caption-attachment-2456\" style=\"width: 433px\" class=\"wp-caption alignnone\"><img data-recalc-dims=\"1\" loading=\"lazy\" decoding=\"async\" data-attachment-id=\"2456\" data-permalink=\"https:\/\/mundosemfim.com\/?attachment_id=2456\" data-orig-file=\"https:\/\/i0.wp.com\/mundosemfim.com\/wp-content\/uploads\/2016\/05\/hospedagens.png?fit=433%2C279&amp;ssl=1\" data-orig-size=\"433,279\" data-comments-opened=\"1\" data-image-meta=\"{&quot;aperture&quot;:&quot;0&quot;,&quot;credit&quot;:&quot;&quot;,&quot;camera&quot;:&quot;&quot;,&quot;caption&quot;:&quot;&quot;,&quot;created_timestamp&quot;:&quot;0&quot;,&quot;copyright&quot;:&quot;&quot;,&quot;focal_length&quot;:&quot;0&quot;,&quot;iso&quot;:&quot;0&quot;,&quot;shutter_speed&quot;:&quot;0&quot;,&quot;title&quot;:&quot;&quot;,&quot;orientation&quot;:&quot;0&quot;}\" data-image-title=\"hospedagens\" data-image-description=\"\" data-image-caption=\"&lt;p&gt;Gr\u00e1fico de como dormimos no Chile&lt;\/p&gt;\n\" data-large-file=\"https:\/\/i0.wp.com\/mundosemfim.com\/wp-content\/uploads\/2016\/05\/hospedagens.png?fit=433%2C279&amp;ssl=1\" class=\"alignnone size-full wp-image-2456\" src=\"https:\/\/omundosemfim.files.wordpress.com\/2016\/05\/hospedagens.png?resize=433%2C279\" alt=\"hospedagens\" width=\"433\" height=\"279\" srcset=\"https:\/\/i0.wp.com\/mundosemfim.com\/wp-content\/uploads\/2016\/05\/hospedagens.png?w=433&amp;ssl=1 433w, https:\/\/i0.wp.com\/mundosemfim.com\/wp-content\/uploads\/2016\/05\/hospedagens.png?resize=300%2C193&amp;ssl=1 300w\" sizes=\"auto, (max-width: 433px) 100vw, 433px\" \/><figcaption id=\"caption-attachment-2456\" class=\"wp-caption-text\">Gr\u00e1fico de como dormimos no Chile<\/figcaption><\/figure>\n<p>Assim, ficamos com um total de:<\/p>\n<ul>\n<li>total hospedagens gratuitas: 51<\/li>\n<li>total hospedagens pagas: 31<\/li>\n<\/ul>\n<p><img data-recalc-dims=\"1\" loading=\"lazy\" decoding=\"async\" data-attachment-id=\"2459\" data-permalink=\"https:\/\/mundosemfim.com\/?attachment_id=2459\" data-orig-file=\"https:\/\/i0.wp.com\/mundosemfim.com\/wp-content\/uploads\/2016\/05\/hospedagens-gratis-x-pagas.png?fit=435%2C277&amp;ssl=1\" data-orig-size=\"435,277\" data-comments-opened=\"1\" data-image-meta=\"{&quot;aperture&quot;:&quot;0&quot;,&quot;credit&quot;:&quot;&quot;,&quot;camera&quot;:&quot;&quot;,&quot;caption&quot;:&quot;&quot;,&quot;created_timestamp&quot;:&quot;0&quot;,&quot;copyright&quot;:&quot;&quot;,&quot;focal_length&quot;:&quot;0&quot;,&quot;iso&quot;:&quot;0&quot;,&quot;shutter_speed&quot;:&quot;0&quot;,&quot;title&quot;:&quot;&quot;,&quot;orientation&quot;:&quot;0&quot;}\" data-image-title=\"hospedagens gratis x pagas\" data-image-description=\"\" data-image-caption=\"\" data-large-file=\"https:\/\/i0.wp.com\/mundosemfim.com\/wp-content\/uploads\/2016\/05\/hospedagens-gratis-x-pagas.png?fit=435%2C277&amp;ssl=1\" class=\"alignnone size-full wp-image-2459\" src=\"https:\/\/omundosemfim.files.wordpress.com\/2016\/05\/hospedagens-gratis-x-pagas.png?resize=435%2C277\" alt=\"hospedagens gratis x pagas\" width=\"435\" height=\"277\" srcset=\"https:\/\/i0.wp.com\/mundosemfim.com\/wp-content\/uploads\/2016\/05\/hospedagens-gratis-x-pagas.png?w=435&amp;ssl=1 435w, https:\/\/i0.wp.com\/mundosemfim.com\/wp-content\/uploads\/2016\/05\/hospedagens-gratis-x-pagas.png?resize=300%2C191&amp;ssl=1 300w\" sizes=\"auto, (max-width: 435px) 100vw, 435px\" \/><\/p>\n<p>*a diferen\u00e7a de 82 hospedagens para 84 noites \u00e9 pelos dias que passamos no Chile, mas dormimos em outro pa\u00eds<\/p>\n<p>&nbsp;<\/p>\n<p>Agora, tudo o que voc\u00ea precisa saber para ir ao Chile!<\/p>\n<h3><b>Pre\u00e7os<\/b><\/h3>\n<p>Os pre\u00e7os do Chile s\u00e3o, no geral, parecidos com o Brasil. Aqui v\u00e3o algumas compara\u00e7\u00f5es:<\/p>\n<ul>\n<li><i>Hospedagens: <\/i>Caras, mas de boa qualidade. Um quarto para um casal sai em torno de 25 mil pesos. Em <a href=\"https:\/\/mundosemfim.com\/chiloe-um-pequeno-paraiso-ao-sul-do-chile\/\" target=\"_blank\" rel=\"noopener\">Chilo\u00e9 <\/a>\u00e9 poss\u00edvel encontrar umas ofertas mais baratas.<br \/>\nEste \u00e9 um pa\u00eds que vale a pena viajar com uma barraca: campings custam entre 3 e 8 mil pesos por pessoa. Fique atento se viajar fora da alta temporada: os campings costumam fechar nessas \u00e9pocas.<\/li>\n<li><i>Supermercado:<\/i> Carnes, frutas e vegetais s\u00e3o, em geral, um pouco mais caros que no Brasil, principalmente em \u00e1reas mais remotas, como no norte ou no extremo sul. Itens como shampoos, desodorante ou sabonetes tamb\u00e9m s\u00e3o mais caros que no Brasil. Eletr\u00f4nicos e importados costumam ser mais baratos.<br \/>\nApesar do pa\u00eds ser um grande explorados de salm\u00e3o e frutos do mar, estas comidas tamb\u00e9m n\u00e3o s\u00e3o baratas. Se quiser algo fresco e barato, esque\u00e7a os mercados e tente negociar diretamente com os pescadores.<\/li>\n<li><i>Transporte:<\/i> os \u00f4nibus municipais tem os pre\u00e7os um pouco mais baratos que os do Brasil: custam entre 300 e 700 pesos (dependendo do tamanho da cidade).<br \/>\nOs \u00f4nibus de viagem s\u00e3o um pouco mais baratos que no Brasil, mas como o pa\u00eds \u00e9 grande, cruz\u00e1-lo desta forma vai te fazer gastar uma boa grana. Uma boa alternativa para economizar \u00e9 viajar de carona: \u00e9 bastante f\u00e1cil por l\u00e1.<br \/>\nViajar de avi\u00e3o dentro do Chile tamb\u00e9m \u00e9 relativamente barato, e para longas dist\u00e2ncias pode ser bem mais econ\u00f4mico que \u00f4nibus.<\/li>\n<li><i>Restaurantes:<\/i> Pre\u00e7os parecidos com os do Brasil. Os restaurantes mais econ\u00f4micos custam como 2500 pesos, e um mediano vai custar entre 5 e 8 mil.<\/li>\n<li><i>Passeios:<\/i> Infelizmente, quase tudo que \u00e9 tur\u00edstico no Chile \u00e9 pago, e os pre\u00e7os aos extrangeiros s\u00e3o abusivos. Para entrar em Torres del Paine, por exemplo, espere pagar 18 mil pesos, e as entradas de cada atra\u00e7\u00e3o no Atacama podem custar entre 2 e 15 mil.<\/li>\n<li><i>Bebidas: <\/i>A cerveja \u00e9 um pouco mais barata que no Brasil (1 litro custa como 1000 pesos). Os vinhos s\u00e3o muito baratos e de boa qualidade (uma garrafa de 2 litros custa como 2 mil pesos). Destilados geralmente custam um pouco mais barato que no Brasil.<\/li>\n<\/ul>\n<figure id=\"attachment_2508\" aria-describedby=\"caption-attachment-2508\" style=\"width: 1120px\" class=\"wp-caption alignnone\"><img data-recalc-dims=\"1\" loading=\"lazy\" decoding=\"async\" data-attachment-id=\"2508\" data-permalink=\"https:\/\/mundosemfim.com\/?attachment_id=2508\" data-orig-file=\"https:\/\/i0.wp.com\/mundosemfim.com\/wp-content\/uploads\/2016\/05\/pc190276.jpg?fit=1120%2C840&amp;ssl=1\" data-orig-size=\"1120,840\" data-comments-opened=\"1\" data-image-meta=\"{&quot;aperture&quot;:&quot;16&quot;,&quot;credit&quot;:&quot;&quot;,&quot;camera&quot;:&quot;TG-630&quot;,&quot;caption&quot;:&quot;OLYMPUS DIGITAL CAMERA&quot;,&quot;created_timestamp&quot;:&quot;1450540909&quot;,&quot;copyright&quot;:&quot;&quot;,&quot;focal_length&quot;:&quot;21.22&quot;,&quot;iso&quot;:&quot;200&quot;,&quot;shutter_speed&quot;:&quot;0.005&quot;,&quot;title&quot;:&quot;OLYMPUS DIGITAL CAMERA&quot;,&quot;orientation&quot;:&quot;1&quot;}\" data-image-title=\"OLYMPUS DIGITAL CAMERA\" data-image-description=\"\" data-image-caption=\"&lt;p&gt;Vulc\u00e3o Osorno visto desde Punta Arenas, Chile.&lt;\/p&gt;\n\" data-large-file=\"https:\/\/i0.wp.com\/mundosemfim.com\/wp-content\/uploads\/2016\/05\/pc190276.jpg?fit=764%2C573&amp;ssl=1\" class=\"wp-image-2508 size-full\" src=\"https:\/\/i0.wp.com\/mundosemfim.com\/wp-content\/uploads\/2016\/05\/pc190276.jpg?resize=764%2C573&#038;ssl=1\" alt=\"Vulc\u00e3o Osorno visto desde Puerto Varas\" width=\"764\" height=\"573\" srcset=\"https:\/\/i0.wp.com\/mundosemfim.com\/wp-content\/uploads\/2016\/05\/pc190276.jpg?w=1120&amp;ssl=1 1120w, https:\/\/i0.wp.com\/mundosemfim.com\/wp-content\/uploads\/2016\/05\/pc190276.jpg?resize=300%2C225&amp;ssl=1 300w, https:\/\/i0.wp.com\/mundosemfim.com\/wp-content\/uploads\/2016\/05\/pc190276.jpg?resize=768%2C576&amp;ssl=1 768w, https:\/\/i0.wp.com\/mundosemfim.com\/wp-content\/uploads\/2016\/05\/pc190276.jpg?resize=1024%2C768&amp;ssl=1 1024w, https:\/\/i0.wp.com\/mundosemfim.com\/wp-content\/uploads\/2016\/05\/pc190276.jpg?resize=800%2C600&amp;ssl=1 800w\" sizes=\"auto, (max-width: 764px) 100vw, 764px\" \/><figcaption id=\"caption-attachment-2508\" class=\"wp-caption-text\">Vulc\u00e3o Osorno visto desde Puerto Varas<\/figcaption><\/figure>\n<h3><b>C\u00e2mbio<\/b><\/h3>\n<p>Tirando <a href=\"https:\/\/mundosemfim.com\/conhecendo-santiago-chile\/\">Santiago<\/a>, o Real n\u00e3o vale nada por l\u00e1. Se for chegar no Chile por <a href=\"https:\/\/mundosemfim.com\/conhecendo-santiago-chile\/\">Santiago<\/a>, leve reais e troque tudo l\u00e1 (exceto no aeroporto, que o c\u00e2mbio \u00e9 p\u00e9ssimo). Para os outros lugares, vale a pena levar d\u00f3lares (algumas casas de c\u00e2mbio pagam um valor superior \u00e0 cota\u00e7\u00e3o oficial na moeda americana).<\/p>\n<p>\u00c9 poss\u00edvel sacar dinheiro nos caixas autom\u00e1ticos: espere pagar algo como 4 mil pesos por saque. Se tiver conta no Santander, pode usar este banco por l\u00e1 para n\u00e3o pagar o saque.<\/p>\n<h3><b>Pol\u00edcia<\/b><\/h3>\n<p>Chamados de <i>carabineiros<\/i>, s\u00e3o geralmente simp\u00e1ticos e bastante prestativos com os turistas.<\/p>\n<p>A pol\u00edcia chilena tamb\u00e9m \u00e9 considerada a mais honesta da Am\u00e9rica Latina. Jamais tente oferecer suborno, pois te levar\u00e3o preso na hora.<\/p>\n<h3><b>Bebidas <\/b><\/h3>\n<h4><i><b>Alcoolicas:<\/b><\/i><\/h4>\n<p>No Chile, \u00e9 proibido beber na rua, e n\u00e3o conv\u00e9m vacilar. Apesar disso, os chilenos costumam ser bons de copo, e as bebidas mais consumidas por l\u00e1 s\u00e3o o vinho e o pisco (geralmente tomam misturados com coca-cola).<\/p>\n<p>Sobre os vinhos, vale a pena experimentar os <i>carm\u00e9n\u00e8re<\/i>, feitos com uma uva origin\u00e1ria da Fran\u00e7a, mas que atualmente s\u00f3 existe no Chile.<\/p>\n<figure id=\"attachment_2489\" aria-describedby=\"caption-attachment-2489\" style=\"width: 720px\" class=\"wp-caption alignnone\"><img data-recalc-dims=\"1\" loading=\"lazy\" decoding=\"async\" data-attachment-id=\"2489\" data-permalink=\"https:\/\/mundosemfim.com\/?attachment_id=2489\" data-orig-file=\"https:\/\/i0.wp.com\/mundosemfim.com\/wp-content\/uploads\/2016\/05\/13140962_991882040888388_170589053_n.jpg?fit=720%2C960&amp;ssl=1\" data-orig-size=\"720,960\" data-comments-opened=\"1\" data-image-meta=\"{&quot;aperture&quot;:&quot;0&quot;,&quot;credit&quot;:&quot;&quot;,&quot;camera&quot;:&quot;&quot;,&quot;caption&quot;:&quot;&quot;,&quot;created_timestamp&quot;:&quot;0&quot;,&quot;copyright&quot;:&quot;&quot;,&quot;focal_length&quot;:&quot;0&quot;,&quot;iso&quot;:&quot;0&quot;,&quot;shutter_speed&quot;:&quot;0&quot;,&quot;title&quot;:&quot;&quot;,&quot;orientation&quot;:&quot;0&quot;}\" data-image-title=\"13140962_991882040888388_170589053_n\" data-image-description=\"\" data-image-caption=\"&lt;p&gt;Algumas bebidas t\u00edpicas do Chile&lt;\/p&gt;\n\" data-large-file=\"https:\/\/i0.wp.com\/mundosemfim.com\/wp-content\/uploads\/2016\/05\/13140962_991882040888388_170589053_n.jpg?fit=720%2C960&amp;ssl=1\" class=\"wp-image-2489 size-full\" src=\"https:\/\/i0.wp.com\/mundosemfim.com\/wp-content\/uploads\/2016\/05\/13140962_991882040888388_170589053_n.jpg?resize=720%2C960&#038;ssl=1\" alt=\"Bebidas t\u00edpicas do Chile\" width=\"720\" height=\"960\" srcset=\"https:\/\/i0.wp.com\/mundosemfim.com\/wp-content\/uploads\/2016\/05\/13140962_991882040888388_170589053_n.jpg?w=720&amp;ssl=1 720w, https:\/\/i0.wp.com\/mundosemfim.com\/wp-content\/uploads\/2016\/05\/13140962_991882040888388_170589053_n.jpg?resize=225%2C300&amp;ssl=1 225w\" sizes=\"auto, (max-width: 720px) 100vw, 720px\" \/><figcaption id=\"caption-attachment-2489\" class=\"wp-caption-text\">Algumas bebidas t\u00edpicas do Chile<\/figcaption><\/figure>\n<p>Bebidas mais elaboradas, merecem destaque o <i>pisco sour<\/i> e o <i>terremoto<\/i>: o primeiro \u00e9 uma mistura de pisco com suco de lim\u00e3o (pode levar clara de ovo tamb\u00e9m), e o segundo \u00e9 um trago feito com <i>pipe\u00f1o<\/i> (um tipo de vinho mais natural e menos processado), groselha e sorvete de abacaxi.<\/p>\n<p>Das cervejas mais populares, a mais gostosa \u00e9 a Austral; das mais caras, vale a pena experimentar a <i>Kunstmann<\/i>.<\/p>\n<h4><i><b>N\u00e3o-alcoolicas:<\/b><\/i><\/h4>\n<p>Vale a pena experimentar o m<i>ote com huesillos <\/i>&#8211; bebida bastante doce, sem \u00e1lcool, que \u00e9 vendido na rua. V\u00eam com alguns gr\u00e3os de cereal misturados.<\/p>\n<p>Se quiser pedir um refrigerante, pe\u00e7a uma <i>bebida<\/i>.<\/p>\n<h3><b>\u00c1gua<\/b><\/h3>\n<p>Beber \u00e1gua da torneira \u00e9 seguro em todo o Chile, com exce\u00e7\u00e3o da regi\u00e3o do deserto do <a href=\"https:\/\/mundosemfim.com\/san-pedro-de-atacama-tudo-o-que-voce-precisa-saber-para-aproveitar-ao-maximo-este-lugar-incrivel\/\">Atacama<\/a>, onde o excesso de minerais pode fazer mal a quem n\u00e3o estiver acostumado.<\/p>\n<p>Em <a href=\"https:\/\/mundosemfim.com\/conhecendo-santiago-chile\/\">Santiago<\/a>, apesar de n\u00e3o fazer mal, o gosto da \u00e1gua da torneira \u00e9 horr\u00edvel, e pode ser prefer\u00edvel comprar \u00e1gua mineral.<\/p>\n<figure id=\"attachment_1302\" aria-describedby=\"caption-attachment-1302\" style=\"width: 1200px\" class=\"wp-caption alignnone\"><img data-recalc-dims=\"1\" loading=\"lazy\" decoding=\"async\" data-attachment-id=\"1302\" data-permalink=\"https:\/\/mundosemfim.com\/?attachment_id=1302\" data-orig-file=\"https:\/\/i0.wp.com\/mundosemfim.com\/wp-content\/uploads\/2016\/03\/dsc_0810.jpg?fit=1200%2C800&amp;ssl=1\" data-orig-size=\"1200,800\" data-comments-opened=\"1\" data-image-meta=\"{&quot;aperture&quot;:&quot;16&quot;,&quot;credit&quot;:&quot;&quot;,&quot;camera&quot;:&quot;NIKON D5200&quot;,&quot;caption&quot;:&quot;&quot;,&quot;created_timestamp&quot;:&quot;1459169421&quot;,&quot;copyright&quot;:&quot;&quot;,&quot;focal_length&quot;:&quot;30&quot;,&quot;iso&quot;:&quot;200&quot;,&quot;shutter_speed&quot;:&quot;0.0025&quot;,&quot;title&quot;:&quot;&quot;,&quot;orientation&quot;:&quot;1&quot;}\" data-image-title=\"DSC_0810\" data-image-description=\"\" data-image-caption=\"&lt;p&gt;Embalse el Yeso&lt;\/p&gt;\n\" data-large-file=\"https:\/\/i0.wp.com\/mundosemfim.com\/wp-content\/uploads\/2016\/03\/dsc_0810.jpg?fit=764%2C510&amp;ssl=1\" class=\"wp-image-1302 size-full\" src=\"https:\/\/i0.wp.com\/mundosemfim.com\/wp-content\/uploads\/2016\/03\/dsc_0810.jpg?resize=764%2C509&#038;ssl=1\" alt=\"Embalse el Yeso, que abastece Santiago\" width=\"764\" height=\"509\" srcset=\"https:\/\/i0.wp.com\/mundosemfim.com\/wp-content\/uploads\/2016\/03\/dsc_0810.jpg?w=1200&amp;ssl=1 1200w, https:\/\/i0.wp.com\/mundosemfim.com\/wp-content\/uploads\/2016\/03\/dsc_0810.jpg?resize=300%2C200&amp;ssl=1 300w, https:\/\/i0.wp.com\/mundosemfim.com\/wp-content\/uploads\/2016\/03\/dsc_0810.jpg?resize=768%2C512&amp;ssl=1 768w, https:\/\/i0.wp.com\/mundosemfim.com\/wp-content\/uploads\/2016\/03\/dsc_0810.jpg?resize=1024%2C683&amp;ssl=1 1024w\" sizes=\"auto, (max-width: 764px) 100vw, 764px\" \/><figcaption id=\"caption-attachment-1302\" class=\"wp-caption-text\">Embalse el Yeso, que abastece Santiago<\/figcaption><\/figure>\n<h3><b>Rede el\u00e9trica<\/b><\/h3>\n<p>A rede el\u00e9trica no Chile \u00e9 de 220V\/50Hz. As tomadas de 2 pinos s\u00e3o iguais as do Brasil (dois pinos redondos).<\/p>\n<p>As de 3 pinos s\u00e3o parecidas, mas o furo do meio fica alinhado aos outros dois. Se tiver algum equipamento de 3 pinos, precisar\u00e1 de um adaptador.<\/p>\n<h3><a href=\"https:\/\/mundosemfim.com\/quer-viajar-de-carona-e-tem-receios-tudo-o-que-voce-precisa-saber-sobre-este-estilo-unico-de-viajar\/\"><b>Carona<\/b><\/a><\/h3>\n<p>\u00c9 f\u00e1cil viajar de carona em qualquer lugar do Chile (n\u00f3s percorremos praticamente o pa\u00eds inteiro desta forma), e tanto caminhoneiros quanto ve\u00edculos particulares levam. Viajar de carona \u00e9 muito comum no pa\u00eds, e voc\u00ea ver\u00e1 v\u00e1rias pessoas na estrada com o polegar levantado.<\/p>\n<figure id=\"attachment_819\" aria-describedby=\"caption-attachment-819\" style=\"width: 1259px\" class=\"wp-caption alignnone\"><img data-recalc-dims=\"1\" loading=\"lazy\" decoding=\"async\" class=\"wp-image-819 size-full\" src=\"https:\/\/omundosemfim.files.wordpress.com\/2016\/02\/carretera-austral.jpg?resize=764%2C510\" alt=\"Carretera Austral, no extremo sul do Chile\" width=\"764\" height=\"510\" \/><figcaption id=\"caption-attachment-819\" class=\"wp-caption-text\">Viajando na ca\u00e7amba pela Carretera Austral, provavelmente uma das estradas mais bonitas do mundo.<\/figcaption><\/figure>\n<p>O \u00fanico problema \u00e9 que as estradas costumam ser muito boas, e voc\u00ea poder\u00e1 ser deixado em um cruzamento onde os carros passam a 120km\/h.. Neste caso, espere passar umas 2h at\u00e9 algu\u00e9m parar.<\/p>\n<p>Os melhores lugares para pegar carona s\u00e3o em ped\u00e1gios ou logo na sa\u00edda da cidade: neste caso, provavelmente te levar\u00e3o em menos de 15 minutos.<\/p>\n<p>O melhor \u00e9 que os \u00f4nibus de viagem param para as pessoas que est\u00e3o na estrada. Assim, se passar muito tempo sem conseguir uma carona, basta acenar para um \u00f4nibus que v\u00e1 para o seu destino. A passagem ser\u00e1 cobrada proporcionalmente \u00e0 dist\u00e2ncia que falta para o destino.<\/p>\n<p>Se estiver logo na sa\u00edda da cidade, \u00e9 bem prov\u00e1vel que o motorista de fa\u00e7a um desconto de uns 1000 pesos para te levar.<\/p>\n<p>Nunca viajou de carona? Leia nossas dicas\u00a0<a href=\"https:\/\/mundosemfim.com\/quer-viajar-de-carona-e-tem-receios-tudo-o-que-voce-precisa-saber-sobre-este-estilo-unico-de-viajar\/\"><strong>aqui<\/strong>!<\/a><\/p>\n<figure id=\"attachment_503\" aria-describedby=\"caption-attachment-503\" style=\"width: 3200px\" class=\"wp-caption alignnone\"><img data-recalc-dims=\"1\" loading=\"lazy\" decoding=\"async\" data-attachment-id=\"503\" data-permalink=\"https:\/\/mundosemfim.com\/?attachment_id=503\" data-orig-file=\"https:\/\/i0.wp.com\/mundosemfim.com\/wp-content\/uploads\/2015\/12\/pc240414.jpg?fit=3200%2C2400&amp;ssl=1\" data-orig-size=\"3200,2400\" data-comments-opened=\"1\" data-image-meta=\"{&quot;aperture&quot;:&quot;4.8&quot;,&quot;credit&quot;:&quot;&quot;,&quot;camera&quot;:&quot;TG-630&quot;,&quot;caption&quot;:&quot;OLYMPUS DIGITAL CAMERA&quot;,&quot;created_timestamp&quot;:&quot;1450999939&quot;,&quot;copyright&quot;:&quot;&quot;,&quot;focal_length&quot;:&quot;17.22&quot;,&quot;iso&quot;:&quot;800&quot;,&quot;shutter_speed&quot;:&quot;0.033333333333333&quot;,&quot;title&quot;:&quot;OLYMPUS DIGITAL CAMERA&quot;,&quot;orientation&quot;:&quot;1&quot;}\" data-image-title=\"Chilo\u00e9\" data-image-description=\"\" data-image-caption=\"&lt;p&gt;Missa natalina em Chilo\u00e9, no Chile&lt;\/p&gt;\n\" data-large-file=\"https:\/\/i0.wp.com\/mundosemfim.com\/wp-content\/uploads\/2015\/12\/pc240414.jpg?fit=764%2C573&amp;ssl=1\" class=\"alignnone size-full wp-image-503\" src=\"https:\/\/omundosemfim.files.wordpress.com\/2015\/12\/pc240414.jpg?resize=764%2C573\" alt=\"Missa natalina em Dalcahue, Chilo\u00e9, no Chile\" width=\"764\" height=\"573\" srcset=\"https:\/\/i0.wp.com\/mundosemfim.com\/wp-content\/uploads\/2015\/12\/pc240414.jpg?w=3200&amp;ssl=1 3200w, https:\/\/i0.wp.com\/mundosemfim.com\/wp-content\/uploads\/2015\/12\/pc240414.jpg?resize=300%2C225&amp;ssl=1 300w, https:\/\/i0.wp.com\/mundosemfim.com\/wp-content\/uploads\/2015\/12\/pc240414.jpg?resize=768%2C576&amp;ssl=1 768w, https:\/\/i0.wp.com\/mundosemfim.com\/wp-content\/uploads\/2015\/12\/pc240414.jpg?resize=1024%2C768&amp;ssl=1 1024w, https:\/\/i0.wp.com\/mundosemfim.com\/wp-content\/uploads\/2015\/12\/pc240414.jpg?resize=660%2C495&amp;ssl=1 660w, https:\/\/i0.wp.com\/mundosemfim.com\/wp-content\/uploads\/2015\/12\/pc240414.jpg?w=1528&amp;ssl=1 1528w, https:\/\/i0.wp.com\/mundosemfim.com\/wp-content\/uploads\/2015\/12\/pc240414.jpg?w=2292&amp;ssl=1 2292w\" sizes=\"auto, (max-width: 764px) 100vw, 764px\" \/><figcaption id=\"caption-attachment-503\" class=\"wp-caption-text\">Missa natalina em Chilo\u00e9, no Chile<\/figcaption><\/figure>\n<h3><strong>Transporte<\/strong><\/h3>\n<p>Se n\u00e3o quiser se aventurar de carona, \u00e9 bem prov\u00e1vel que gaste uma boa grana com \u00f4nibus por l\u00e1. Um \u00f4nibus no Chile custa um pouco mais barato que no Brasil (algo como 3 a 5 mil pesos cada 100km), mas como o pa\u00eds \u00e9 grande, as dist\u00e2ncias costumam ser longas.<\/p>\n<p>Os \u00f4nibus municipais custam algo entre 400 e 700 pesos, dependendo do tamanho da cidade.<\/p>\n<p>Para viajar longas dist\u00e2ncias, pode ser mais barato comprar uma passagem de avi\u00e3o.<\/p>\n<figure id=\"attachment_1377\" aria-describedby=\"caption-attachment-1377\" style=\"width: 1280px\" class=\"wp-caption alignnone\"><img data-recalc-dims=\"1\" loading=\"lazy\" decoding=\"async\" data-attachment-id=\"1377\" data-permalink=\"https:\/\/mundosemfim.com\/?attachment_id=1377\" data-orig-file=\"https:\/\/i0.wp.com\/mundosemfim.com\/wp-content\/uploads\/2016\/03\/p3220012.jpg?fit=%2C&amp;ssl=1\" data-orig-size=\"\" data-comments-opened=\"1\" data-image-meta=\"[]\" data-image-title=\"OLYMPUS DIGITAL CAMERA\" data-image-description=\"\" data-image-caption=\"&lt;p&gt;Mucuvinha em frente ao Pal\u00e1cio de la Moneda&lt;\/p&gt;\n\" data-large-file=\"https:\/\/i0.wp.com\/mundosemfim.com\/wp-content\/uploads\/2016\/03\/p3220012.jpg?fit=1024%2C1024&amp;ssl=1\" class=\"wp-image-1377 size-full\" src=\"https:\/\/omundosemfim.files.wordpress.com\/2016\/03\/p3220012.jpg?resize=764%2C573\" alt=\"Mucuvinha em Santiago\" width=\"764\" height=\"573\" \/><figcaption id=\"caption-attachment-1377\" class=\"wp-caption-text\">Mucuvinha em frente ao Pal\u00e1cio de la Moneda<\/figcaption><\/figure>\n<h3><b>O povo<\/b><\/h3>\n<p>O povo chileno \u00e9 muito bacana e prestativo, e costuma se dar muito bem com os brasileiros.<\/p>\n<p>Convites a ficar em suas casas \u00e9 muito comum, e isso foi fundamental para conseguirmos economizar bastante nesta viagem.<\/p>\n<figure id=\"attachment_2512\" aria-describedby=\"caption-attachment-2512\" style=\"width: 1035px\" class=\"wp-caption alignnone\"><img data-recalc-dims=\"1\" loading=\"lazy\" decoding=\"async\" data-attachment-id=\"2512\" data-permalink=\"https:\/\/mundosemfim.com\/?attachment_id=2512\" data-orig-file=\"https:\/\/i0.wp.com\/mundosemfim.com\/wp-content\/uploads\/2016\/05\/dsc_0548.jpg?fit=1035%2C690&amp;ssl=1\" data-orig-size=\"1035,690\" data-comments-opened=\"1\" data-image-meta=\"{&quot;aperture&quot;:&quot;4.5&quot;,&quot;credit&quot;:&quot;&quot;,&quot;camera&quot;:&quot;NIKON D5200&quot;,&quot;caption&quot;:&quot;&quot;,&quot;created_timestamp&quot;:&quot;1458504336&quot;,&quot;copyright&quot;:&quot;&quot;,&quot;focal_length&quot;:&quot;18&quot;,&quot;iso&quot;:&quot;250&quot;,&quot;shutter_speed&quot;:&quot;0.0125&quot;,&quot;title&quot;:&quot;&quot;,&quot;orientation&quot;:&quot;1&quot;}\" data-image-title=\"DSC_0548\" data-image-description=\"\" data-image-caption=\"&lt;p&gt;Em uma das bel\u00edssimas praias de Concepci\u00f3n com P\u00eda e Coni, grandes amigas que fizemos no Chile.&lt;\/p&gt;\n\" data-large-file=\"https:\/\/i0.wp.com\/mundosemfim.com\/wp-content\/uploads\/2016\/05\/dsc_0548.jpg?fit=764%2C510&amp;ssl=1\" class=\"wp-image-2512 size-full\" src=\"https:\/\/i0.wp.com\/mundosemfim.com\/wp-content\/uploads\/2016\/05\/dsc_0548.jpg?resize=764%2C509&#038;ssl=1\" alt=\"Com nossos amigos em Concepci\u00f3n, Chile\" width=\"764\" height=\"509\" srcset=\"https:\/\/i0.wp.com\/mundosemfim.com\/wp-content\/uploads\/2016\/05\/dsc_0548.jpg?w=1035&amp;ssl=1 1035w, https:\/\/i0.wp.com\/mundosemfim.com\/wp-content\/uploads\/2016\/05\/dsc_0548.jpg?resize=300%2C200&amp;ssl=1 300w, https:\/\/i0.wp.com\/mundosemfim.com\/wp-content\/uploads\/2016\/05\/dsc_0548.jpg?resize=768%2C512&amp;ssl=1 768w, https:\/\/i0.wp.com\/mundosemfim.com\/wp-content\/uploads\/2016\/05\/dsc_0548.jpg?resize=1024%2C683&amp;ssl=1 1024w\" sizes=\"auto, (max-width: 764px) 100vw, 764px\" \/><figcaption id=\"caption-attachment-2512\" class=\"wp-caption-text\">Em uma das bel\u00edssimas praias de Concepci\u00f3n com P\u00eda e Coni, grandes amigas que fizemos no Chile.<\/figcaption><\/figure>\n<h3><b>Maconha<\/b><\/h3>\n<p>O consumo da erva \u00e9 ilegal no Chile, mas \u00e9 bastante comum e bem aceito pela sociedade de um modo geral. N\u00e3o vai ser incomum ver pessoas fumando ou receber convites para dar um peguinha. A\u00ed \u00e9 com voc\u00ea&#8230;<\/p>\n<h3><b>Comida<\/b><\/h3>\n<p>A comida chilena \u00e9 muito parecida com a brasileira, exceto pelo feij\u00e3o. Arroz, salada, carne (que pode ser de vaca, frango ou peixe) e batatas fritas \u00e9, talvez, o mais comum por l\u00e1. As refei\u00e7\u00f5es nos restaurantes costumam acompanhar uma sopa de entrada.<\/p>\n<p>Uma comida que faz parte da culin\u00e1ria dos chilenos \u00e9 o abacate (chamado de <i>palta<\/i> por l\u00e1): \u00e9 comum comerem abacate com p\u00e3o e tamb\u00e9m encontrar este ingrediente nos cachorros-quentes e nos sandu\u00edches.<\/p>\n<figure id=\"attachment_2492\" aria-describedby=\"caption-attachment-2492\" style=\"width: 360px\" class=\"wp-caption alignnone\"><img data-recalc-dims=\"1\" loading=\"lazy\" decoding=\"async\" data-attachment-id=\"2492\" data-permalink=\"https:\/\/mundosemfim.com\/?attachment_id=2492\" data-orig-file=\"https:\/\/i0.wp.com\/mundosemfim.com\/wp-content\/uploads\/2016\/05\/13115368_991882060888386_1256121125_n.jpg?fit=360%2C480&amp;ssl=1\" data-orig-size=\"360,480\" data-comments-opened=\"1\" data-image-meta=\"{&quot;aperture&quot;:&quot;0&quot;,&quot;credit&quot;:&quot;&quot;,&quot;camera&quot;:&quot;&quot;,&quot;caption&quot;:&quot;&quot;,&quot;created_timestamp&quot;:&quot;0&quot;,&quot;copyright&quot;:&quot;&quot;,&quot;focal_length&quot;:&quot;0&quot;,&quot;iso&quot;:&quot;0&quot;,&quot;shutter_speed&quot;:&quot;0&quot;,&quot;title&quot;:&quot;&quot;,&quot;orientation&quot;:&quot;0&quot;}\" data-image-title=\"13115368_991882060888386_1256121125_n\" data-image-description=\"\" data-image-caption=\"&lt;p&gt;Algumas comidas t\u00edpicas do Chile&lt;\/p&gt;\n\" data-large-file=\"https:\/\/i0.wp.com\/mundosemfim.com\/wp-content\/uploads\/2016\/05\/13115368_991882060888386_1256121125_n.jpg?fit=360%2C480&amp;ssl=1\" class=\"wp-image-2492 size-full\" src=\"https:\/\/i0.wp.com\/mundosemfim.com\/wp-content\/uploads\/2016\/05\/13115368_991882060888386_1256121125_n.jpg?resize=360%2C480&#038;ssl=1\" alt=\"Comidas t\u00edpicas do Chile\" width=\"360\" height=\"480\" srcset=\"https:\/\/i0.wp.com\/mundosemfim.com\/wp-content\/uploads\/2016\/05\/13115368_991882060888386_1256121125_n.jpg?w=360&amp;ssl=1 360w, https:\/\/i0.wp.com\/mundosemfim.com\/wp-content\/uploads\/2016\/05\/13115368_991882060888386_1256121125_n.jpg?resize=225%2C300&amp;ssl=1 225w\" sizes=\"auto, (max-width: 360px) 100vw, 360px\" \/><figcaption id=\"caption-attachment-2492\" class=\"wp-caption-text\">Algumas comidas t\u00edpicas do Chile<\/figcaption><\/figure>\n<p>Alguns nomes que voc\u00ea deve conhecer:<\/p>\n<p><i>Completos: <\/i>s\u00e3o os cachorros-quentes. Tamb\u00e9m podem ser chamados de <i>italianos<\/i>.<\/p>\n<p><i>Churrasco: <\/i>n\u00e3o tem nada a ver com os churrascos brasileiros. Um <i>churrasco<\/i> no Chile \u00e9 um tipo de x-salada com carne em vez de hamb\u00farguer. Se quiser um churrasco brasileiro, procure um <i>asado<\/i>.<\/p>\n<p><i>Curanto:<\/i> prato t\u00edpico de <a href=\"https:\/\/mundosemfim.com\/chiloe-um-pequeno-paraiso-ao-sul-do-chile\/\" target=\"_blank\" rel=\"noopener\">Chilo\u00e9<\/a>: \u00e9 um cozido de frutos do mar, lingui\u00e7as, frango, carne e alguns vegetais. Apesar da combina\u00e7\u00e3o parecer estranha, \u00e9 muito saboroso e vale a pena provar.<\/p>\n<p><i>Exquisito:<\/i> Se um chileno disser que a comida est\u00e1 <i>exquisita<\/i>, ele quer dizer que a comida \u00e9 gostosa.<\/p>\n<figure id=\"attachment_1231\" aria-describedby=\"caption-attachment-1231\" style=\"width: 1200px\" class=\"wp-caption alignnone\"><img data-recalc-dims=\"1\" loading=\"lazy\" decoding=\"async\" data-attachment-id=\"1231\" data-permalink=\"https:\/\/mundosemfim.com\/?attachment_id=1231\" data-orig-file=\"https:\/\/i0.wp.com\/mundosemfim.com\/wp-content\/uploads\/2016\/03\/mercado-cardonal.jpg?fit=1200%2C800&amp;ssl=1\" data-orig-size=\"1200,800\" data-comments-opened=\"1\" data-image-meta=\"{&quot;aperture&quot;:&quot;14&quot;,&quot;credit&quot;:&quot;&quot;,&quot;camera&quot;:&quot;NIKON D5200&quot;,&quot;caption&quot;:&quot;&quot;,&quot;created_timestamp&quot;:&quot;1458906344&quot;,&quot;copyright&quot;:&quot;&quot;,&quot;focal_length&quot;:&quot;18&quot;,&quot;iso&quot;:&quot;160&quot;,&quot;shutter_speed&quot;:&quot;0.0125&quot;,&quot;title&quot;:&quot;&quot;,&quot;orientation&quot;:&quot;1&quot;}\" data-image-title=\"mercado cardonal\" data-image-description=\"\" data-image-caption=\"&lt;p&gt;Frutas? Verduras? Tudo \u00e9 mais barato no Mercado Cardonal&lt;\/p&gt;\n\" data-large-file=\"https:\/\/i0.wp.com\/mundosemfim.com\/wp-content\/uploads\/2016\/03\/mercado-cardonal.jpg?fit=764%2C510&amp;ssl=1\" class=\"wp-image-1231 size-full\" src=\"https:\/\/i0.wp.com\/mundosemfim.com\/wp-content\/uploads\/2016\/03\/mercado-cardonal.jpg?resize=764%2C509&#038;ssl=1\" alt=\"Mercado de Valpara\u00edso\" width=\"764\" height=\"509\" srcset=\"https:\/\/i0.wp.com\/mundosemfim.com\/wp-content\/uploads\/2016\/03\/mercado-cardonal.jpg?w=1200&amp;ssl=1 1200w, https:\/\/i0.wp.com\/mundosemfim.com\/wp-content\/uploads\/2016\/03\/mercado-cardonal.jpg?resize=300%2C200&amp;ssl=1 300w, https:\/\/i0.wp.com\/mundosemfim.com\/wp-content\/uploads\/2016\/03\/mercado-cardonal.jpg?resize=768%2C512&amp;ssl=1 768w, https:\/\/i0.wp.com\/mundosemfim.com\/wp-content\/uploads\/2016\/03\/mercado-cardonal.jpg?resize=1024%2C683&amp;ssl=1 1024w\" sizes=\"auto, (max-width: 764px) 100vw, 764px\" \/><figcaption id=\"caption-attachment-1231\" class=\"wp-caption-text\">Frutas? Verduras? Tudo \u00e9 mais barato no Mercado (Valpara\u00edso)<\/figcaption><\/figure>\n<h3><b>Idioma<\/b><\/h3>\n<p>De todos os pa\u00edses que falam espanhol, talvez o Chile seja o mais dif\u00edcil de entender. O chileno costuma cortar algumas palavras, usar muitas g\u00edrias e falar bastante r\u00e1pido. Aqui est\u00e3o algumas coisas que voc\u00ea precisa saber:<\/p>\n<p><i>ll<\/i> e <i>y<\/i>: tem o mesmo som, que sai meio parecido com um &#8220;dj&#8221; em portugu\u00eas. Assim, a palavra &#8220;<i>calle<\/i>&#8221; (rua) soa como &#8220;cadje&#8221;, e &#8220;<i>yo<\/i>&#8221; (eu) soa como &#8220;dj\u00f4&#8221;.<\/p>\n<p><i>ch: <\/i>o som do &#8220;ch&#8221; varia com a classe social: quanto mais alto, mais &#8220;tch&#8221; sai o som. Assim, uma pessoa mais simples chamaria seu pa\u00eds de &#8220;xile&#8221;, e algu\u00e9m da alta sociedade diria &#8220;tile&#8221;.<\/p>\n<p><i>po: <\/i>Os chilenos costumam colocar &#8220;po&#8221; na frase, que \u00e9 uma abrevia\u00e7\u00e3o de &#8220;pois&#8221;. Voc\u00ea vai escutar muio &#8220;S\u00ed, po!&#8221;.<\/p>\n<p><i>Catchai!:<\/i> &#8220;catchai&#8221; \u00e9 uma g\u00edria equivalente ao nosso &#8220;t\u00e1 ligado?&#8221;. Assim, um chileno te instruindo como chegar em algum lugar vai dizer: &#8220;Hay que tomar el bus 15, catchai?, y despu\u00e9s el 18&#8230;&#8221;<\/p>\n<figure id=\"attachment_1088\" aria-describedby=\"caption-attachment-1088\" style=\"width: 1619px\" class=\"wp-caption alignnone\"><img data-recalc-dims=\"1\" loading=\"lazy\" decoding=\"async\" data-attachment-id=\"1088\" data-permalink=\"https:\/\/mundosemfim.com\/?attachment_id=1088\" data-orig-file=\"https:\/\/i0.wp.com\/mundosemfim.com\/wp-content\/uploads\/2016\/03\/dsc_0549.jpg?fit=1619%2C1080&amp;ssl=1\" data-orig-size=\"1619,1080\" data-comments-opened=\"1\" data-image-meta=\"{&quot;aperture&quot;:&quot;11&quot;,&quot;credit&quot;:&quot;&quot;,&quot;camera&quot;:&quot;NIKON D5200&quot;,&quot;caption&quot;:&quot;&quot;,&quot;created_timestamp&quot;:&quot;1451816117&quot;,&quot;copyright&quot;:&quot;&quot;,&quot;focal_length&quot;:&quot;18&quot;,&quot;iso&quot;:&quot;160&quot;,&quot;shutter_speed&quot;:&quot;0.01&quot;,&quot;title&quot;:&quot;&quot;,&quot;orientation&quot;:&quot;1&quot;}\" data-image-title=\"DSC_0549\" data-image-description=\"\" data-image-caption=\"&lt;p&gt;Capilla de M\u00e1rmol &amp;#8211; a grande atra\u00e7\u00e3o de Puerto Tranquilo&lt;\/p&gt;\n\" data-large-file=\"https:\/\/i0.wp.com\/mundosemfim.com\/wp-content\/uploads\/2016\/03\/dsc_0549.jpg?fit=764%2C510&amp;ssl=1\" class=\"wp-image-1088 size-full\" src=\"https:\/\/i0.wp.com\/mundosemfim.com\/wp-content\/uploads\/2016\/03\/dsc_0549.jpg?resize=764%2C510&#038;ssl=1\" alt=\"Mucuvinha na Capilla de M\u00e1rmol\" width=\"764\" height=\"510\" srcset=\"https:\/\/i0.wp.com\/mundosemfim.com\/wp-content\/uploads\/2016\/03\/dsc_0549.jpg?w=1619&amp;ssl=1 1619w, https:\/\/i0.wp.com\/mundosemfim.com\/wp-content\/uploads\/2016\/03\/dsc_0549.jpg?resize=300%2C200&amp;ssl=1 300w, https:\/\/i0.wp.com\/mundosemfim.com\/wp-content\/uploads\/2016\/03\/dsc_0549.jpg?resize=768%2C512&amp;ssl=1 768w, https:\/\/i0.wp.com\/mundosemfim.com\/wp-content\/uploads\/2016\/03\/dsc_0549.jpg?resize=1024%2C683&amp;ssl=1 1024w, https:\/\/i0.wp.com\/mundosemfim.com\/wp-content\/uploads\/2016\/03\/dsc_0549.jpg?w=1528&amp;ssl=1 1528w\" sizes=\"auto, (max-width: 764px) 100vw, 764px\" \/><figcaption id=\"caption-attachment-1088\" class=\"wp-caption-text\">Capilla de M\u00e1rmol &#8211; a grande atra\u00e7\u00e3o de Puerto Tranquilo<\/figcaption><\/figure>\n<p><i>Huev\u00f3n:<\/i> &#8220;huev\u00f3n&#8221; \u00e9 um xingamento leve, que equivale a &#8220;tonto&#8221;. No Chile, essa palavra \u00e9 t\u00e3o comum que voc\u00ea vai ouvir amigos se tratando desta forma. Falado por um chileno, soa como &#8220;ue\u00f3n&#8221;.<\/p>\n<p><i>Pololo(a): <\/i>\u00e9 a palavra chilena para &#8220;namorado(a)&#8221;. Se duas pessoas est\u00e3o namorando, diz-se que est\u00e3o &#8220;pololeando&#8221;.<\/p>\n<p><i>Flojera:<\/i> palavra usada para &#8220;pregui\u00e7a&#8221;. Um pregui\u00e7oso \u00e9 um &#8220;flojo&#8221;.<\/p>\n<p><i>Tuto: <\/i>uma pessoa que tem &#8220;tuto&#8221; \u00e9 uma pessoa que est\u00e1 com sono.<\/p>\n<p><i>Guagua: <\/i>Significa &#8220;beb\u00ea&#8221; ou &#8220;crian\u00e7a&#8221;. Quando um chileno fala, soa como &#8220;uaua&#8221;.<\/p>\n<p><i>Al tiro:<\/i> significa &#8220;r\u00e1pido&#8221;, &#8220;logo&#8221;. &#8220;\u00c9 f\u00e1cil pegar carona aqui?&#8221; &#8211; &#8220;<i>S\u00ed, te llevan al tiro!<\/i>&#8220;.<\/p>\n<p><i>Bac\u00e1n:<\/i> Impressionante a semelhan\u00e7a com o portugu\u00eas. Significa &#8220;bacana&#8221;.<\/p>\n<p><i>Caleta: <\/i>Significa &#8220;muito&#8221; na g\u00edria chilena. &#8220;<i>Esto se demora caleta!<\/i>&#8220;.<\/p>\n<p><i>Carrete:<\/i> \u00c9 fazer festa, bagun\u00e7a. &#8220;<i>Salir a carretear&#8221;<\/i> \u00e9 &#8220;sair para beber&#8221;.<\/p>\n<p><i>Chela:<\/i> G\u00edria para cerveja. Vai no bar? Pe\u00e7a uma &#8220;chela fria&#8221;!.<\/p>\n<p><i>Paco:<\/i> \u00c9 uma forma ofensiva de chamar a pol\u00edcia.<\/p>\n<p><em>Cuico: <\/em>Forma pejorativa de chamar algu\u00e9m da classe alta. Seria algo como &#8220;playboy&#8221;.<\/p>\n<p><em>Flaite:<\/em> Oposto de &#8220;cuico&#8221;. O equivalente em portugu\u00eas seria &#8220;maloqueiro&#8221;.<\/p>\n<p>Estes s\u00e3o os principais. Depois faremos um post com todos os modismos chilenos!<\/p>\n<figure id=\"attachment_700\" aria-describedby=\"caption-attachment-700\" style=\"width: 1799px\" class=\"wp-caption alignnone\"><img data-recalc-dims=\"1\" loading=\"lazy\" decoding=\"async\" data-attachment-id=\"700\" data-permalink=\"https:\/\/mundosemfim.com\/?attachment_id=700\" data-orig-file=\"https:\/\/i0.wp.com\/mundosemfim.com\/wp-content\/uploads\/2016\/02\/dsc_0846.jpg?fit=1799%2C1200&amp;ssl=1\" data-orig-size=\"1799,1200\" data-comments-opened=\"1\" data-image-meta=\"{&quot;aperture&quot;:&quot;10&quot;,&quot;credit&quot;:&quot;&quot;,&quot;camera&quot;:&quot;NIKON D5200&quot;,&quot;caption&quot;:&quot;&quot;,&quot;created_timestamp&quot;:&quot;1454164181&quot;,&quot;copyright&quot;:&quot;&quot;,&quot;focal_length&quot;:&quot;55&quot;,&quot;iso&quot;:&quot;200&quot;,&quot;shutter_speed&quot;:&quot;0.003125&quot;,&quot;title&quot;:&quot;&quot;,&quot;orientation&quot;:&quot;1&quot;}\" data-image-title=\"DSC_0846\" data-image-description=\"\" data-image-caption=\"&lt;p&gt;O monstruoso glacial Grey \u00e9 um dos tops do circuito W.&lt;\/p&gt;\n\" data-large-file=\"https:\/\/i0.wp.com\/mundosemfim.com\/wp-content\/uploads\/2016\/02\/dsc_0846.jpg?fit=764%2C510&amp;ssl=1\" class=\"wp-image-700 size-full\" src=\"https:\/\/i0.wp.com\/mundosemfim.com\/wp-content\/uploads\/2016\/02\/dsc_0846.jpg?resize=764%2C510&#038;ssl=1\" alt=\"Glacial Grey, no Parque Nacional Torres del Paine\" width=\"764\" height=\"510\" srcset=\"https:\/\/i0.wp.com\/mundosemfim.com\/wp-content\/uploads\/2016\/02\/dsc_0846.jpg?w=1799&amp;ssl=1 1799w, https:\/\/i0.wp.com\/mundosemfim.com\/wp-content\/uploads\/2016\/02\/dsc_0846.jpg?resize=300%2C200&amp;ssl=1 300w, https:\/\/i0.wp.com\/mundosemfim.com\/wp-content\/uploads\/2016\/02\/dsc_0846.jpg?resize=768%2C512&amp;ssl=1 768w, https:\/\/i0.wp.com\/mundosemfim.com\/wp-content\/uploads\/2016\/02\/dsc_0846.jpg?resize=1024%2C683&amp;ssl=1 1024w, https:\/\/i0.wp.com\/mundosemfim.com\/wp-content\/uploads\/2016\/02\/dsc_0846.jpg?resize=200%2C133&amp;ssl=1 200w, https:\/\/i0.wp.com\/mundosemfim.com\/wp-content\/uploads\/2016\/02\/dsc_0846.jpg?resize=660%2C440&amp;ssl=1 660w, https:\/\/i0.wp.com\/mundosemfim.com\/wp-content\/uploads\/2016\/02\/dsc_0846.jpg?w=1528&amp;ssl=1 1528w\" sizes=\"auto, (max-width: 764px) 100vw, 764px\" \/><figcaption id=\"caption-attachment-700\" class=\"wp-caption-text\">O monstruoso glacial Grey \u00e9 um dos tops do circuito W (Torres del Paine).<\/figcaption><\/figure>\n<h3><b>Filmes<\/b><\/h3>\n<p>Para conhecer melhor a hist\u00f3ria da ditadura chilena, recomendamos o excelente filme &#8220;Machuca&#8221; (2004).<\/p>\n<p>Ele conta a hist\u00f3ria de duas crian\u00e7as, uma rica e uma pobre, vivenciando o golpe militar que colocou Pinochet no poder.<\/p>\n<p><img data-recalc-dims=\"1\" loading=\"lazy\" decoding=\"async\" data-attachment-id=\"204\" data-permalink=\"https:\/\/mundosemfim.com\/?attachment_id=204\" data-orig-file=\"https:\/\/i0.wp.com\/mundosemfim.com\/wp-content\/uploads\/2015\/08\/paisesseguros.png?fit=1103%2C444&amp;ssl=1\" data-orig-size=\"1103,444\" data-comments-opened=\"1\" data-image-meta=\"{&quot;aperture&quot;:&quot;0&quot;,&quot;credit&quot;:&quot;&quot;,&quot;camera&quot;:&quot;&quot;,&quot;caption&quot;:&quot;&quot;,&quot;created_timestamp&quot;:&quot;0&quot;,&quot;copyright&quot;:&quot;&quot;,&quot;focal_length&quot;:&quot;0&quot;,&quot;iso&quot;:&quot;0&quot;,&quot;shutter_speed&quot;:&quot;0&quot;,&quot;title&quot;:&quot;&quot;,&quot;orientation&quot;:&quot;0&quot;}\" data-image-title=\"Mapa pa\u00edses seguros e perigosos para viajar\" data-image-description=\"\" data-image-caption=\"&lt;p&gt;Mapa pa\u00edses seguros e perigosos para viajar&lt;\/p&gt;\n\" data-large-file=\"https:\/\/i0.wp.com\/mundosemfim.com\/wp-content\/uploads\/2015\/08\/paisesseguros.png?fit=764%2C307&amp;ssl=1\" class=\"alignnone size-full wp-image-204\" src=\"https:\/\/omundosemfim.files.wordpress.com\/2015\/09\/machuca2.jpg?resize=427%2C567\" alt=\"Machuca\" width=\"427\" height=\"567\" \/><\/p>\n<h3><b>Poesia<\/b><\/h3>\n<p>Com dois poetas ganhadores do pr\u00eamio Nobel, o Chile merece respeito nesta arte.<\/p>\n<p>Se quiser ler algumas poesias premiadas, procure por Pablo Neruda e Gabriela Mistral.<\/p>\n<p>Se for f\u00e3 dos poetas, poder\u00e1 visitar a casa de Neruda em <a href=\"https:\/\/mundosemfim.com\/conhecendo-valparaiso-a-cidade-patrimonio-cultural-do-chile\/\" target=\"_blank\" rel=\"noopener\">Valpara\u00edso <\/a>e a da Gabriela em Monte Grande, no Valle del Elqui.<\/p>\n<figure id=\"attachment_1991\" aria-describedby=\"caption-attachment-1991\" style=\"width: 1080px\" class=\"wp-caption alignnone\"><img data-recalc-dims=\"1\" loading=\"lazy\" decoding=\"async\" data-attachment-id=\"1991\" data-permalink=\"https:\/\/mundosemfim.com\/?attachment_id=1991\" data-orig-file=\"https:\/\/i0.wp.com\/mundosemfim.com\/wp-content\/uploads\/2016\/04\/dsc_0026.jpg?fit=1080%2C720&amp;ssl=1\" data-orig-size=\"1080,720\" data-comments-opened=\"1\" data-image-meta=\"{&quot;aperture&quot;:&quot;13&quot;,&quot;credit&quot;:&quot;&quot;,&quot;camera&quot;:&quot;NIKON D5200&quot;,&quot;caption&quot;:&quot;&quot;,&quot;created_timestamp&quot;:&quot;1461054389&quot;,&quot;copyright&quot;:&quot;&quot;,&quot;focal_length&quot;:&quot;18&quot;,&quot;iso&quot;:&quot;400&quot;,&quot;shutter_speed&quot;:&quot;0.008&quot;,&quot;title&quot;:&quot;&quot;,&quot;orientation&quot;:&quot;1&quot;}\" data-image-title=\"DSC_0026\" data-image-description=\"\" data-image-caption=\"&lt;p&gt;G\u00eaisers el Tatio visto de cima&lt;\/p&gt;\n\" data-large-file=\"https:\/\/i0.wp.com\/mundosemfim.com\/wp-content\/uploads\/2016\/04\/dsc_0026.jpg?fit=764%2C510&amp;ssl=1\" class=\"wp-image-1991 size-full\" src=\"https:\/\/i0.wp.com\/mundosemfim.com\/wp-content\/uploads\/2016\/04\/dsc_0026.jpg?resize=764%2C509&#038;ssl=1\" alt=\"Geiser el Tatio, no deserto do Atacama\" width=\"764\" height=\"509\" srcset=\"https:\/\/i0.wp.com\/mundosemfim.com\/wp-content\/uploads\/2016\/04\/dsc_0026.jpg?w=1080&amp;ssl=1 1080w, https:\/\/i0.wp.com\/mundosemfim.com\/wp-content\/uploads\/2016\/04\/dsc_0026.jpg?resize=300%2C200&amp;ssl=1 300w, https:\/\/i0.wp.com\/mundosemfim.com\/wp-content\/uploads\/2016\/04\/dsc_0026.jpg?resize=768%2C512&amp;ssl=1 768w, https:\/\/i0.wp.com\/mundosemfim.com\/wp-content\/uploads\/2016\/04\/dsc_0026.jpg?resize=1024%2C683&amp;ssl=1 1024w\" sizes=\"auto, (max-width: 764px) 100vw, 764px\" \/><figcaption id=\"caption-attachment-1991\" class=\"wp-caption-text\">G\u00eaisers el Tatio visto de cima<\/figcaption><\/figure>\n<h3><b>Esporte<\/b><\/h3>\n<p>O esporte n\u00famero 1 no Chile tamb\u00e9m \u00e9 o futebol. Antes despercebido, o futebol chileno vem crescendo e melhorando bastante, enquanto o nosso vai decaindo a cada ano. Prepare-se para escutar muitas piadas a respeito do 7&#215;1.<\/p>\n<figure id=\"attachment_537\" aria-describedby=\"caption-attachment-537\" style=\"width: 6000px\" class=\"wp-caption alignnone\"><img data-recalc-dims=\"1\" loading=\"lazy\" decoding=\"async\" data-attachment-id=\"537\" data-permalink=\"https:\/\/mundosemfim.com\/?attachment_id=537\" data-orig-file=\"https:\/\/i0.wp.com\/mundosemfim.com\/wp-content\/uploads\/2015\/12\/dsc_0554.jpg?fit=6000%2C4000&amp;ssl=1\" data-orig-size=\"6000,4000\" data-comments-opened=\"1\" data-image-meta=\"{&quot;aperture&quot;:&quot;10&quot;,&quot;credit&quot;:&quot;&quot;,&quot;camera&quot;:&quot;NIKON D5200&quot;,&quot;caption&quot;:&quot;&quot;,&quot;created_timestamp&quot;:&quot;1450718811&quot;,&quot;copyright&quot;:&quot;&quot;,&quot;focal_length&quot;:&quot;55&quot;,&quot;iso&quot;:&quot;200&quot;,&quot;shutter_speed&quot;:&quot;0.004&quot;,&quot;title&quot;:&quot;&quot;,&quot;orientation&quot;:&quot;1&quot;}\" data-image-title=\"DSC_0554\" data-image-description=\"\" data-image-caption=\"&lt;p&gt;Casas de madeira e palafitas: a identidade de Chilo\u00e9.&lt;\/p&gt;\n\" data-large-file=\"https:\/\/i0.wp.com\/mundosemfim.com\/wp-content\/uploads\/2015\/12\/dsc_0554.jpg?fit=764%2C510&amp;ssl=1\" class=\"wp-image-537 size-full\" src=\"https:\/\/i0.wp.com\/mundosemfim.com\/wp-content\/uploads\/2015\/12\/dsc_0554.jpg?resize=764%2C509&#038;ssl=1\" alt=\"Casas t\u00edpicas de Chilo\u00e9\" width=\"764\" height=\"509\" srcset=\"https:\/\/i0.wp.com\/mundosemfim.com\/wp-content\/uploads\/2015\/12\/dsc_0554.jpg?w=6000&amp;ssl=1 6000w, https:\/\/i0.wp.com\/mundosemfim.com\/wp-content\/uploads\/2015\/12\/dsc_0554.jpg?resize=300%2C200&amp;ssl=1 300w, https:\/\/i0.wp.com\/mundosemfim.com\/wp-content\/uploads\/2015\/12\/dsc_0554.jpg?resize=768%2C512&amp;ssl=1 768w, https:\/\/i0.wp.com\/mundosemfim.com\/wp-content\/uploads\/2015\/12\/dsc_0554.jpg?resize=1024%2C683&amp;ssl=1 1024w, https:\/\/i0.wp.com\/mundosemfim.com\/wp-content\/uploads\/2015\/12\/dsc_0554.jpg?resize=200%2C133&amp;ssl=1 200w, https:\/\/i0.wp.com\/mundosemfim.com\/wp-content\/uploads\/2015\/12\/dsc_0554.jpg?resize=660%2C440&amp;ssl=1 660w, https:\/\/i0.wp.com\/mundosemfim.com\/wp-content\/uploads\/2015\/12\/dsc_0554.jpg?w=1528&amp;ssl=1 1528w, https:\/\/i0.wp.com\/mundosemfim.com\/wp-content\/uploads\/2015\/12\/dsc_0554.jpg?w=2292&amp;ssl=1 2292w\" sizes=\"auto, (max-width: 764px) 100vw, 764px\" \/><figcaption id=\"caption-attachment-537\" class=\"wp-caption-text\">Casas de madeira e palafitas: a identidade de Chilo\u00e9.<\/figcaption><\/figure>\n<h3><b>M\u00fasica<\/b><\/h3>\n<p>A m\u00fasica tradicional chilena \u00e9 a &#8220;cueca&#8221;, mas n\u00e3o tivemos oportunidade de ver nenhuma apresenta\u00e7\u00e3o deste estilo.<\/p>\n<p>Um dos grupos cl\u00e1ssicos da m\u00fasica chilena \u00e9 &#8220;Los Jaivas&#8221;, que combina Rock com m\u00fasicas folcl\u00f3ricas.<\/p>\n<p>Um dos nossos grupos favoritos \u00e9 o Joana Fe, que tem um estilo muito parecido ao Manu Chao:<\/p>\n<p><a href=\"https:\/\/www.youtube.com\/watch?v=1BtG0UfcjrM\"><span style=\"color: #0066cc;\">https:\/\/www.youtube.com\/watch?v=1BtG0UfcjrM<\/span><\/a><\/p>\n<p>Ah, o ax\u00e9 brasileiro tamb\u00e9m \u00e9 muito escutado por l\u00e1, e muitas bandas brasileiras se mudaram para l\u00e1!<\/p>\n<h3><b>Seguran\u00e7a<\/b><\/h3>\n<p>Consideramos o Chile um pa\u00eds muito seguro, inclusive em <a href=\"https:\/\/mundosemfim.com\/conhecendo-santiago-chile-roteiros-e-dicas-para-todos-os-bolsos\/\" target=\"_blank\" rel=\"noopener\">Santiago<\/a>.<\/p>\n<p>O sul \u00e9 extremamente seguro, e \u00e9 poss\u00edvel acampar em qualquer lugar sem correr riscos. Na regi\u00e3o central e no norte h\u00e1 que tomar as precau\u00e7\u00f5es b\u00e1sicas de seguran\u00e7a.<\/p>\n<p>Em Santiago, cuidado com furtos, e evite ficar andando \u00e0 noite por ruas mais escuras.<\/p>\n<figure id=\"attachment_1216\" aria-describedby=\"caption-attachment-1216\" style=\"width: 800px\" class=\"wp-caption alignnone\"><img data-recalc-dims=\"1\" loading=\"lazy\" decoding=\"async\" data-attachment-id=\"1216\" data-permalink=\"https:\/\/mundosemfim.com\/?attachment_id=1216\" data-orig-file=\"https:\/\/i0.wp.com\/mundosemfim.com\/wp-content\/uploads\/2016\/03\/subida-cerro-conceicc3a3o.jpg?fit=800%2C1200&amp;ssl=1\" data-orig-size=\"800,1200\" data-comments-opened=\"1\" data-image-meta=\"{&quot;aperture&quot;:&quot;14&quot;,&quot;credit&quot;:&quot;&quot;,&quot;camera&quot;:&quot;NIKON D5200&quot;,&quot;caption&quot;:&quot;&quot;,&quot;created_timestamp&quot;:&quot;1458910530&quot;,&quot;copyright&quot;:&quot;&quot;,&quot;focal_length&quot;:&quot;31&quot;,&quot;iso&quot;:&quot;200&quot;,&quot;shutter_speed&quot;:&quot;0.02&quot;,&quot;title&quot;:&quot;&quot;,&quot;orientation&quot;:&quot;1&quot;}\" data-image-title=\"subida cerro conceic\u00e3o\" data-image-description=\"\" data-image-caption=\"&lt;p&gt;Escadaria para subir ao Cerro Concepci\u00f3n&lt;\/p&gt;\n\" data-large-file=\"https:\/\/i0.wp.com\/mundosemfim.com\/wp-content\/uploads\/2016\/03\/subida-cerro-conceicc3a3o.jpg?fit=683%2C1024&amp;ssl=1\" class=\"wp-image-1216 size-full\" src=\"https:\/\/i0.wp.com\/mundosemfim.com\/wp-content\/uploads\/2016\/03\/subida-cerro-conceicc3a3o.jpg?resize=764%2C1146&#038;ssl=1\" alt=\"Grafites t\u00edpicos de Valpara\u00edso\" width=\"764\" height=\"1146\" srcset=\"https:\/\/i0.wp.com\/mundosemfim.com\/wp-content\/uploads\/2016\/03\/subida-cerro-conceicc3a3o.jpg?w=800&amp;ssl=1 800w, https:\/\/i0.wp.com\/mundosemfim.com\/wp-content\/uploads\/2016\/03\/subida-cerro-conceicc3a3o.jpg?resize=200%2C300&amp;ssl=1 200w, https:\/\/i0.wp.com\/mundosemfim.com\/wp-content\/uploads\/2016\/03\/subida-cerro-conceicc3a3o.jpg?resize=768%2C1152&amp;ssl=1 768w, https:\/\/i0.wp.com\/mundosemfim.com\/wp-content\/uploads\/2016\/03\/subida-cerro-conceicc3a3o.jpg?resize=683%2C1024&amp;ssl=1 683w\" sizes=\"auto, (max-width: 764px) 100vw, 764px\" \/><figcaption id=\"caption-attachment-1216\" class=\"wp-caption-text\">Escadaria para subir ao Cerro Concepci\u00f3n, Valpara\u00edso<\/figcaption><\/figure>\n<h3><b>Imigra\u00e7\u00e3o<\/b><\/h3>\n<p>Entrar com frutas, verduras, sementes ou carne no Chile \u00e9 uma miss\u00e3o praticamente imposs\u00edvel. A imigra\u00e7\u00e3o (seja entrando por terra ou por avi\u00e3o) costuma revistar todas as suas malas, e algumas at\u00e9 contam com c\u00e3es farejadores.<\/p>\n<p>\u00c9 justific\u00e1vel: o Chile \u00e9 um pa\u00eds naturalmente protegido de pragas: de um lado est\u00e1 o oceano, do outro as cordilheiras, e ao norte o deserto. Por isso, n\u00e3o querem correr o risco de que um tomate seu possa conter a larva de uma mosca que pode arruinar suas planta\u00e7\u00f5es.<\/p>\n<figure id=\"attachment_697\" aria-describedby=\"caption-attachment-697\" style=\"width: 1799px\" class=\"wp-caption alignnone\"><img data-recalc-dims=\"1\" loading=\"lazy\" decoding=\"async\" data-attachment-id=\"697\" data-permalink=\"https:\/\/mundosemfim.com\/?attachment_id=697\" data-orig-file=\"https:\/\/i0.wp.com\/mundosemfim.com\/wp-content\/uploads\/2016\/02\/dsc_0849.jpg?fit=1799%2C1200&amp;ssl=1\" data-orig-size=\"1799,1200\" data-comments-opened=\"1\" data-image-meta=\"{&quot;aperture&quot;:&quot;10&quot;,&quot;credit&quot;:&quot;&quot;,&quot;camera&quot;:&quot;NIKON D5200&quot;,&quot;caption&quot;:&quot;&quot;,&quot;created_timestamp&quot;:&quot;1454165057&quot;,&quot;copyright&quot;:&quot;&quot;,&quot;focal_length&quot;:&quot;18&quot;,&quot;iso&quot;:&quot;200&quot;,&quot;shutter_speed&quot;:&quot;0.003125&quot;,&quot;title&quot;:&quot;&quot;,&quot;orientation&quot;:&quot;1&quot;}\" data-image-title=\"Torres del Paine\" data-image-description=\"\" data-image-caption=\"&lt;p&gt;No caminho para o acampamento Paso, est\u00e1 esta Ponte &amp;#8220;Colgante&amp;#8221;. Quem tiver vertigem \u00e9 melhor n\u00e3o olhar para baixo!&lt;\/p&gt;\n\" data-large-file=\"https:\/\/i0.wp.com\/mundosemfim.com\/wp-content\/uploads\/2016\/02\/dsc_0849.jpg?fit=764%2C510&amp;ssl=1\" class=\"wp-image-697 size-full\" src=\"https:\/\/i0.wp.com\/mundosemfim.com\/wp-content\/uploads\/2016\/02\/dsc_0849.jpg?resize=764%2C510&#038;ssl=1\" alt=\"Cruzando uma ponte no Parque Nacional Torres del Paine\" width=\"764\" height=\"510\" srcset=\"https:\/\/i0.wp.com\/mundosemfim.com\/wp-content\/uploads\/2016\/02\/dsc_0849.jpg?w=1799&amp;ssl=1 1799w, https:\/\/i0.wp.com\/mundosemfim.com\/wp-content\/uploads\/2016\/02\/dsc_0849.jpg?resize=300%2C200&amp;ssl=1 300w, https:\/\/i0.wp.com\/mundosemfim.com\/wp-content\/uploads\/2016\/02\/dsc_0849.jpg?resize=768%2C512&amp;ssl=1 768w, https:\/\/i0.wp.com\/mundosemfim.com\/wp-content\/uploads\/2016\/02\/dsc_0849.jpg?resize=1024%2C683&amp;ssl=1 1024w, https:\/\/i0.wp.com\/mundosemfim.com\/wp-content\/uploads\/2016\/02\/dsc_0849.jpg?resize=200%2C133&amp;ssl=1 200w, https:\/\/i0.wp.com\/mundosemfim.com\/wp-content\/uploads\/2016\/02\/dsc_0849.jpg?resize=660%2C440&amp;ssl=1 660w, https:\/\/i0.wp.com\/mundosemfim.com\/wp-content\/uploads\/2016\/02\/dsc_0849.jpg?w=1528&amp;ssl=1 1528w\" sizes=\"auto, (max-width: 764px) 100vw, 764px\" \/><figcaption id=\"caption-attachment-697\" class=\"wp-caption-text\">No caminho para o acampamento Paso, est\u00e1 esta Ponte &#8220;Colgante&#8221;. Quem tiver vertigem \u00e9 melhor n\u00e3o olhar para baixo! Torres del Paine, Chile<\/figcaption><\/figure>\n<h3><b>Tremores de terra<\/b><\/h3>\n<p>Tremores de terra s\u00e3o muito comuns no Chile, e \u00e9 bem poss\u00edvel que voc\u00ea sinta algum. Os chilenos j\u00e1 est\u00e3o t\u00e3o acostumados que continuar\u00e3o suas atividades normais, enquanto voc\u00ea se desespera.<\/p>\n<p>Se o tremor se converter em um terremoto, a\u00ed sim \u00e9 motivo de preocupa\u00e7\u00e3o: mas estes eventos s\u00e3o mais raros.<\/p>\n<p>Durante nossos 84 dias pelo pa\u00eds, s\u00f3 sentimos um tremor, que durou poucos segundos.<\/p>\n<figure id=\"attachment_1681\" aria-describedby=\"caption-attachment-1681\" style=\"width: 1280px\" class=\"wp-caption alignnone\"><img data-recalc-dims=\"1\" loading=\"lazy\" decoding=\"async\" data-attachment-id=\"1681\" data-permalink=\"https:\/\/mundosemfim.com\/?attachment_id=1681\" data-orig-file=\"https:\/\/i0.wp.com\/mundosemfim.com\/wp-content\/uploads\/2016\/04\/p4110041.jpg?fit=1280%2C960&amp;ssl=1\" data-orig-size=\"1280,960\" data-comments-opened=\"1\" data-image-meta=\"{&quot;aperture&quot;:&quot;5.9&quot;,&quot;credit&quot;:&quot;&quot;,&quot;camera&quot;:&quot;TG-630&quot;,&quot;caption&quot;:&quot;OLYMPUS DIGITAL CAMERA&quot;,&quot;created_timestamp&quot;:&quot;1460373580&quot;,&quot;copyright&quot;:&quot;&quot;,&quot;focal_length&quot;:&quot;25&quot;,&quot;iso&quot;:&quot;100&quot;,&quot;shutter_speed&quot;:&quot;0.0015625&quot;,&quot;title&quot;:&quot;OLYMPUS DIGITAL CAMERA&quot;,&quot;orientation&quot;:&quot;1&quot;}\" data-image-title=\"OLYMPUS DIGITAL CAMERA\" data-image-description=\"\" data-image-caption=\"&lt;p&gt;V\u00e1rias vicu\u00f1as nos observavam enquanto adentr\u00e1vamos ao deserto&lt;\/p&gt;\n\" data-large-file=\"https:\/\/i0.wp.com\/mundosemfim.com\/wp-content\/uploads\/2016\/04\/p4110041.jpg?fit=764%2C573&amp;ssl=1\" class=\"wp-image-1681 size-full\" src=\"https:\/\/i0.wp.com\/mundosemfim.com\/wp-content\/uploads\/2016\/04\/p4110041.jpg?resize=764%2C573&#038;ssl=1\" alt=\"Vicu\u00f1as no deserto do Atacama\" width=\"764\" height=\"573\" srcset=\"https:\/\/i0.wp.com\/mundosemfim.com\/wp-content\/uploads\/2016\/04\/p4110041.jpg?w=1280&amp;ssl=1 1280w, https:\/\/i0.wp.com\/mundosemfim.com\/wp-content\/uploads\/2016\/04\/p4110041.jpg?resize=300%2C225&amp;ssl=1 300w, https:\/\/i0.wp.com\/mundosemfim.com\/wp-content\/uploads\/2016\/04\/p4110041.jpg?resize=768%2C576&amp;ssl=1 768w, https:\/\/i0.wp.com\/mundosemfim.com\/wp-content\/uploads\/2016\/04\/p4110041.jpg?resize=1024%2C768&amp;ssl=1 1024w, https:\/\/i0.wp.com\/mundosemfim.com\/wp-content\/uploads\/2016\/04\/p4110041.jpg?resize=800%2C600&amp;ssl=1 800w\" sizes=\"auto, (max-width: 764px) 100vw, 764px\" \/><figcaption id=\"caption-attachment-1681\" class=\"wp-caption-text\">V\u00e1rias vicu\u00f1as nos observavam enquanto adentr\u00e1vamos ao deserto do Atacama<\/figcaption><\/figure>\n<h3><b>O que mais voc\u00ea precisa saber<\/b><\/h3>\n<ul>\n<li>Cuidado com o pre\u00e7o nos supermercados: \u00e9 bem comum os produtos estarem sem pre\u00e7o, ou com o pre\u00e7o errado. \u00c9 muito comum uma prateleira s\u00f3 com leite condensado estar mostrando o pre\u00e7o de um creme de leite, por exemplo.<\/li>\n<li>Os supermercados mais baratos s\u00e3o da rede &#8220;Ekono&#8221;.<\/li>\n<li>No Chile h\u00e1 muitos hot\u00e9is clandestinos, principalmente nos lugares mais tur\u00edsticos. Se quiser uma boa barganha, pergunte por hospedagem nas padarias ou mercados: \u00e9 bem poss\u00edvel que algu\u00e9m diga &#8220;a prima da minha tia aluga quartos e pode te receber&#8230;&#8221;.<\/li>\n<li>\u00c9 f\u00e1cil barganhar no Chile, mesmo em servi\u00e7os improv\u00e1veis, como \u00f4nibus municipais. Em v\u00e1rias vezes, pegamos um \u00f4nibus que custava 350 pesos e pergunt\u00e1vamos: &#8220;d\u00e1 pra fazer 500 pelos dois?&#8221;. Geralmente o motorista aceitava.<\/li>\n<li>Cuidado para n\u00e3o se enganar com o dinheiro: a moeda no Chile vale bastante. A menor c\u00e9dula de dinheiro que eles tem \u00e9 a de 1000 pesos, que vale uns 6 reais. \u00c9 comum a pessoa ir gastando, pensando &#8220;custa s\u00f3 1000, d\u00e1 mais ou menos 1 real&#8221;, e quando v\u00ea j\u00e1 foi uma boa grana.<\/li>\n<\/ul>\n<p>\u00c9 isso a\u00ed pessoal! Curtiram as dicas? \ud83d\ude42<\/p>\n<p>Leiam tamb\u00e9m:<\/p>\n<ul>\n<li><strong><a href=\"https:\/\/mundosemfim.com\/10-lugares-imperdiveis-no-chile\/\">10 lugares imperd\u00edveis no Chile<\/a><\/strong><\/li>\n<li><strong><a href=\"https:\/\/mundosemfim.com\/roteiros-pela-patagonia-dicas-para-aproveitar-ao-maximo-uma-das-regioes-mais-bonitas-do-continente\/\">Roteiros pela Patag\u00f4nia<\/a><\/strong><\/li>\n<li><strong><a href=\"https:\/\/mundosemfim.com\/10-curiosidades-sobre-o-chile\/\">10 Curiosidades sobre o Chile<\/a><\/strong><\/li>\n<\/ul>\n<p>Para acompanhar nossa viagem de volta ao mundo e receber mais dicas interessantes dos pa\u00edses que passarmos, n\u00e3o deixem de curtir nossas redes sociais:<\/p>\n<ul>\n<li><a href=\"http:\/\/www.facebook.com\/mundosemfimoficial\"><strong>Facebook<\/strong><\/a><\/li>\n<li><a href=\"https:\/\/www.youtube.com\/c\/MundoSemFim\"><strong>YouTube<\/strong><\/a><\/li>\n<li><strong>Insta: @mundosf<\/strong><\/li>\n<\/ul>\n","protected":false},"excerpt":{"rendered":"<p>Depois de 84 dias viajando entre as cordilheiras e o Oceano Pac\u00edfico, finalmente deixamos o Chile para tr\u00e1s. Confira aqui tudo o que voc\u00ea precisa saber para visitar este lindo pa\u00eds!<\/p>\n","protected":false},"author":1,"featured_media":2520,"comment_status":"open","ping_status":"open","sticky":false,"template":"","format":"standard","meta":{"jetpack_post_was_ever_published":false,"_jetpack_newsletter_access":"","_jetpack_dont_email_post_to_subs":true,"_jetpack_newsletter_tier_id":0,"_jetpack_memberships_contains_paywalled_content":false,"_jetpack_memberships_contains_paid_content":false,"footnotes":"","jetpack_publicize_message":"","jetpack_publicize_feature_enabled":true,"jetpack_social_post_already_shared":false,"jetpack_social_options":{"image_generator_settings":{"template":"highway","default_image_id":0,"font":"","enabled":false},"version":2}},"categories":[6,7,15,21,28,238,52],"tags":[],"class_list":["post-2436","post","type-post","status-publish","format-standard","has-post-thumbnail","hentry","category-america-do-sul","category-america-latina","category-chile","category-dicas","category-featured","category-gastos","category-rtw"],"yoast_head":"<!-- This site is optimized with the Yoast SEO plugin v27.5 - https:\/\/yoast.com\/product\/yoast-seo-wordpress\/ -->\n<title>Mochil\u00e3o pelo Chile de ponta a ponta \u2013 roteiro, gastos, dicas, fotos, etc - Mundo Sem Fim<\/title>\n<meta name=\"robots\" content=\"index, follow, max-snippet:-1, max-image-preview:large, max-video-preview:-1\" \/>\n<link rel=\"canonical\" href=\"https:\/\/mundosemfim.com\/?p=2436\" \/>\n<meta property=\"og:locale\" content=\"pt_BR\" \/>\n<meta property=\"og:type\" content=\"article\" \/>\n<meta property=\"og:title\" content=\"Mochil\u00e3o pelo Chile de ponta a ponta \u2013 roteiro, gastos, dicas, fotos, etc - Mundo Sem Fim\" \/>\n<meta property=\"og:description\" content=\"Depois de 84 dias viajando entre as cordilheiras e o Oceano Pac\u00edfico, finalmente deixamos o Chile para tr\u00e1s. Confira aqui tudo o que voc\u00ea precisa saber para visitar este lindo pa\u00eds!\" \/>\n<meta property=\"og:url\" content=\"https:\/\/mundosemfim.com\/?p=2436\" \/>\n<meta property=\"og:site_name\" content=\"Mundo Sem Fim\" \/>\n<meta property=\"article:publisher\" content=\"http:\/\/www.facebook.com\/mundosemfimoficial\" \/>\n<meta property=\"article:published_time\" content=\"2016-05-10T02:07:01+00:00\" \/>\n<meta property=\"article:modified_time\" content=\"2025-07-06T16:40:42+00:00\" \/>\n<meta property=\"og:image\" content=\"https:\/\/i0.wp.com\/mundosemfim.com\/wp-content\/uploads\/2016\/05\/dsc_0096.jpg?fit=1229%2C819&ssl=1\" \/>\n\t<meta property=\"og:image:width\" content=\"1229\" \/>\n\t<meta property=\"og:image:height\" content=\"819\" \/>\n\t<meta property=\"og:image:type\" content=\"image\/jpeg\" \/>\n<meta name=\"author\" content=\"Renan\" \/>\n<meta name=\"twitter:card\" content=\"summary_large_image\" \/>\n<meta name=\"twitter:label1\" content=\"Escrito por\" \/>\n\t<meta name=\"twitter:data1\" content=\"Renan\" \/>\n\t<meta name=\"twitter:label2\" content=\"Est. tempo de leitura\" \/>\n\t<meta name=\"twitter:data2\" content=\"22 minutos\" \/>\n<script type=\"application\/ld+json\" class=\"yoast-schema-graph\">{\"@context\":\"https:\\\/\\\/schema.org\",\"@graph\":[{\"@type\":\"Article\",\"@id\":\"https:\\\/\\\/mundosemfim.com\\\/?p=2436#article\",\"isPartOf\":{\"@id\":\"https:\\\/\\\/mundosemfim.com\\\/?p=2436\"},\"author\":{\"name\":\"Renan\",\"@id\":\"https:\\\/\\\/mundosemfim.com\\\/#\\\/schema\\\/person\\\/b021d50f3a19bae432e9b69ffbfa9257\"},\"headline\":\"Mochil\u00e3o pelo Chile de ponta a ponta \u2013 roteiro, gastos, dicas, fotos, etc\",\"datePublished\":\"2016-05-10T02:07:01+00:00\",\"dateModified\":\"2025-07-06T16:40:42+00:00\",\"mainEntityOfPage\":{\"@id\":\"https:\\\/\\\/mundosemfim.com\\\/?p=2436\"},\"wordCount\":3157,\"commentCount\":38,\"image\":{\"@id\":\"https:\\\/\\\/mundosemfim.com\\\/?p=2436#primaryimage\"},\"thumbnailUrl\":\"https:\\\/\\\/i0.wp.com\\\/mundosemfim.com\\\/wp-content\\\/uploads\\\/2016\\\/05\\\/dsc_0096.jpg?fit=1229%2C819&ssl=1\",\"articleSection\":[\"Am\u00e9rica do Sul\",\"am\u00e9rica latina\",\"Chile\",\"dicas\",\"featured\",\"Gastos\",\"rtw\"],\"inLanguage\":\"pt-BR\",\"potentialAction\":[{\"@type\":\"CommentAction\",\"name\":\"Comment\",\"target\":[\"https:\\\/\\\/mundosemfim.com\\\/?p=2436#respond\"]}]},{\"@type\":\"WebPage\",\"@id\":\"https:\\\/\\\/mundosemfim.com\\\/?p=2436\",\"url\":\"https:\\\/\\\/mundosemfim.com\\\/?p=2436\",\"name\":\"Mochil\u00e3o pelo Chile de ponta a ponta \u2013 roteiro, gastos, dicas, fotos, etc - Mundo Sem Fim\",\"isPartOf\":{\"@id\":\"https:\\\/\\\/mundosemfim.com\\\/#website\"},\"primaryImageOfPage\":{\"@id\":\"https:\\\/\\\/mundosemfim.com\\\/?p=2436#primaryimage\"},\"image\":{\"@id\":\"https:\\\/\\\/mundosemfim.com\\\/?p=2436#primaryimage\"},\"thumbnailUrl\":\"https:\\\/\\\/i0.wp.com\\\/mundosemfim.com\\\/wp-content\\\/uploads\\\/2016\\\/05\\\/dsc_0096.jpg?fit=1229%2C819&ssl=1\",\"datePublished\":\"2016-05-10T02:07:01+00:00\",\"dateModified\":\"2025-07-06T16:40:42+00:00\",\"author\":{\"@id\":\"https:\\\/\\\/mundosemfim.com\\\/#\\\/schema\\\/person\\\/b021d50f3a19bae432e9b69ffbfa9257\"},\"breadcrumb\":{\"@id\":\"https:\\\/\\\/mundosemfim.com\\\/?p=2436#breadcrumb\"},\"inLanguage\":\"pt-BR\",\"potentialAction\":[{\"@type\":\"ReadAction\",\"target\":[\"https:\\\/\\\/mundosemfim.com\\\/?p=2436\"]}]},{\"@type\":\"ImageObject\",\"inLanguage\":\"pt-BR\",\"@id\":\"https:\\\/\\\/mundosemfim.com\\\/?p=2436#primaryimage\",\"url\":\"https:\\\/\\\/i0.wp.com\\\/mundosemfim.com\\\/wp-content\\\/uploads\\\/2016\\\/05\\\/dsc_0096.jpg?fit=1229%2C819&ssl=1\",\"contentUrl\":\"https:\\\/\\\/i0.wp.com\\\/mundosemfim.com\\\/wp-content\\\/uploads\\\/2016\\\/05\\\/dsc_0096.jpg?fit=1229%2C819&ssl=1\",\"width\":1229,\"height\":819,\"caption\":\"Mucuvinha com a bandeira do Chile\"},{\"@type\":\"BreadcrumbList\",\"@id\":\"https:\\\/\\\/mundosemfim.com\\\/?p=2436#breadcrumb\",\"itemListElement\":[{\"@type\":\"ListItem\",\"position\":1,\"name\":\"In\u00edcio\",\"item\":\"https:\\\/\\\/mundosemfim.com\\\/\"},{\"@type\":\"ListItem\",\"position\":2,\"name\":\"Mochil\u00e3o pelo Chile de ponta a ponta \u2013 roteiro, gastos, dicas, fotos, etc\"}]},{\"@type\":\"WebSite\",\"@id\":\"https:\\\/\\\/mundosemfim.com\\\/#website\",\"url\":\"https:\\\/\\\/mundosemfim.com\\\/\",\"name\":\"Mundo Sem Fim\",\"description\":\"uma viagem de volta ao mundo pelos 5 continentes!\",\"potentialAction\":[{\"@type\":\"SearchAction\",\"target\":{\"@type\":\"EntryPoint\",\"urlTemplate\":\"https:\\\/\\\/mundosemfim.com\\\/?s={search_term_string}\"},\"query-input\":{\"@type\":\"PropertyValueSpecification\",\"valueRequired\":true,\"valueName\":\"search_term_string\"}}],\"inLanguage\":\"pt-BR\"},{\"@type\":\"Person\",\"@id\":\"https:\\\/\\\/mundosemfim.com\\\/#\\\/schema\\\/person\\\/b021d50f3a19bae432e9b69ffbfa9257\",\"name\":\"Renan\",\"image\":{\"@type\":\"ImageObject\",\"inLanguage\":\"pt-BR\",\"@id\":\"https:\\\/\\\/secure.gravatar.com\\\/avatar\\\/faafca769a603ac75196d21826f3bda645d7e2d6306bb6e236d8cdb38eb44e38?s=96&d=mm&r=g\",\"url\":\"https:\\\/\\\/secure.gravatar.com\\\/avatar\\\/faafca769a603ac75196d21826f3bda645d7e2d6306bb6e236d8cdb38eb44e38?s=96&d=mm&r=g\",\"contentUrl\":\"https:\\\/\\\/secure.gravatar.com\\\/avatar\\\/faafca769a603ac75196d21826f3bda645d7e2d6306bb6e236d8cdb38eb44e38?s=96&d=mm&r=g\",\"caption\":\"Renan\"}}]}<\/script>\n<!-- \/ Yoast SEO plugin. -->","yoast_head_json":{"title":"Mochil\u00e3o pelo Chile de ponta a ponta \u2013 roteiro, gastos, dicas, fotos, etc - Mundo Sem Fim","robots":{"index":"index","follow":"follow","max-snippet":"max-snippet:-1","max-image-preview":"max-image-preview:large","max-video-preview":"max-video-preview:-1"},"canonical":"https:\/\/mundosemfim.com\/?p=2436","og_locale":"pt_BR","og_type":"article","og_title":"Mochil\u00e3o pelo Chile de ponta a ponta \u2013 roteiro, gastos, dicas, fotos, etc - Mundo Sem Fim","og_description":"Depois de 84 dias viajando entre as cordilheiras e o Oceano Pac\u00edfico, finalmente deixamos o Chile para tr\u00e1s. Confira aqui tudo o que voc\u00ea precisa saber para visitar este lindo pa\u00eds!","og_url":"https:\/\/mundosemfim.com\/?p=2436","og_site_name":"Mundo Sem Fim","article_publisher":"http:\/\/www.facebook.com\/mundosemfimoficial","article_published_time":"2016-05-10T02:07:01+00:00","article_modified_time":"2025-07-06T16:40:42+00:00","og_image":[{"width":1229,"height":819,"url":"https:\/\/i0.wp.com\/mundosemfim.com\/wp-content\/uploads\/2016\/05\/dsc_0096.jpg?fit=1229%2C819&ssl=1","type":"image\/jpeg"}],"author":"Renan","twitter_card":"summary_large_image","twitter_misc":{"Escrito por":"Renan","Est. tempo de leitura":"22 minutos"},"schema":{"@context":"https:\/\/schema.org","@graph":[{"@type":"Article","@id":"https:\/\/mundosemfim.com\/?p=2436#article","isPartOf":{"@id":"https:\/\/mundosemfim.com\/?p=2436"},"author":{"name":"Renan","@id":"https:\/\/mundosemfim.com\/#\/schema\/person\/b021d50f3a19bae432e9b69ffbfa9257"},"headline":"Mochil\u00e3o pelo Chile de ponta a ponta \u2013 roteiro, gastos, dicas, fotos, etc","datePublished":"2016-05-10T02:07:01+00:00","dateModified":"2025-07-06T16:40:42+00:00","mainEntityOfPage":{"@id":"https:\/\/mundosemfim.com\/?p=2436"},"wordCount":3157,"commentCount":38,"image":{"@id":"https:\/\/mundosemfim.com\/?p=2436#primaryimage"},"thumbnailUrl":"https:\/\/i0.wp.com\/mundosemfim.com\/wp-content\/uploads\/2016\/05\/dsc_0096.jpg?fit=1229%2C819&ssl=1","articleSection":["Am\u00e9rica do Sul","am\u00e9rica latina","Chile","dicas","featured","Gastos","rtw"],"inLanguage":"pt-BR","potentialAction":[{"@type":"CommentAction","name":"Comment","target":["https:\/\/mundosemfim.com\/?p=2436#respond"]}]},{"@type":"WebPage","@id":"https:\/\/mundosemfim.com\/?p=2436","url":"https:\/\/mundosemfim.com\/?p=2436","name":"Mochil\u00e3o pelo Chile de ponta a ponta \u2013 roteiro, gastos, dicas, fotos, etc - Mundo Sem Fim","isPartOf":{"@id":"https:\/\/mundosemfim.com\/#website"},"primaryImageOfPage":{"@id":"https:\/\/mundosemfim.com\/?p=2436#primaryimage"},"image":{"@id":"https:\/\/mundosemfim.com\/?p=2436#primaryimage"},"thumbnailUrl":"https:\/\/i0.wp.com\/mundosemfim.com\/wp-content\/uploads\/2016\/05\/dsc_0096.jpg?fit=1229%2C819&ssl=1","datePublished":"2016-05-10T02:07:01+00:00","dateModified":"2025-07-06T16:40:42+00:00","author":{"@id":"https:\/\/mundosemfim.com\/#\/schema\/person\/b021d50f3a19bae432e9b69ffbfa9257"},"breadcrumb":{"@id":"https:\/\/mundosemfim.com\/?p=2436#breadcrumb"},"inLanguage":"pt-BR","potentialAction":[{"@type":"ReadAction","target":["https:\/\/mundosemfim.com\/?p=2436"]}]},{"@type":"ImageObject","inLanguage":"pt-BR","@id":"https:\/\/mundosemfim.com\/?p=2436#primaryimage","url":"https:\/\/i0.wp.com\/mundosemfim.com\/wp-content\/uploads\/2016\/05\/dsc_0096.jpg?fit=1229%2C819&ssl=1","contentUrl":"https:\/\/i0.wp.com\/mundosemfim.com\/wp-content\/uploads\/2016\/05\/dsc_0096.jpg?fit=1229%2C819&ssl=1","width":1229,"height":819,"caption":"Mucuvinha com a bandeira do Chile"},{"@type":"BreadcrumbList","@id":"https:\/\/mundosemfim.com\/?p=2436#breadcrumb","itemListElement":[{"@type":"ListItem","position":1,"name":"In\u00edcio","item":"https:\/\/mundosemfim.com\/"},{"@type":"ListItem","position":2,"name":"Mochil\u00e3o pelo Chile de ponta a ponta \u2013 roteiro, gastos, dicas, fotos, etc"}]},{"@type":"WebSite","@id":"https:\/\/mundosemfim.com\/#website","url":"https:\/\/mundosemfim.com\/","name":"Mundo Sem Fim","description":"uma viagem de volta ao mundo pelos 5 continentes!","potentialAction":[{"@type":"SearchAction","target":{"@type":"EntryPoint","urlTemplate":"https:\/\/mundosemfim.com\/?s={search_term_string}"},"query-input":{"@type":"PropertyValueSpecification","valueRequired":true,"valueName":"search_term_string"}}],"inLanguage":"pt-BR"},{"@type":"Person","@id":"https:\/\/mundosemfim.com\/#\/schema\/person\/b021d50f3a19bae432e9b69ffbfa9257","name":"Renan","image":{"@type":"ImageObject","inLanguage":"pt-BR","@id":"https:\/\/secure.gravatar.com\/avatar\/faafca769a603ac75196d21826f3bda645d7e2d6306bb6e236d8cdb38eb44e38?s=96&d=mm&r=g","url":"https:\/\/secure.gravatar.com\/avatar\/faafca769a603ac75196d21826f3bda645d7e2d6306bb6e236d8cdb38eb44e38?s=96&d=mm&r=g","contentUrl":"https:\/\/secure.gravatar.com\/avatar\/faafca769a603ac75196d21826f3bda645d7e2d6306bb6e236d8cdb38eb44e38?s=96&d=mm&r=g","caption":"Renan"}}]}},"jetpack_publicize_connections":[],"jetpack_featured_media_url":"https:\/\/i0.wp.com\/mundosemfim.com\/wp-content\/uploads\/2016\/05\/dsc_0096.jpg?fit=1229%2C819&ssl=1","jetpack_sharing_enabled":true,"jetpack_shortlink":"https:\/\/wp.me\/p7CQyF-Di","jetpack-related-posts":[{"id":8021,"url":"https:\/\/mundosemfim.com\/?p=8021","url_meta":{"origin":2436,"position":0},"title":"10 Curiosidades sobre o Chile","author":"Renan","date":"maio 30, 2018","format":false,"excerpt":"Quer conhecer mais sobre o Chile? Aqui est\u00e3o 10 curiosidades sobre o pa\u00eds! 1. O porto de Puerto Williams, no extremo sul do Chile, \u00e9 o lugar povoado mais ao sul do planeta. 2. As m\u00famias mais antigas do mundo j\u00e1 descobertas s\u00e3o chilenas. S\u00e3o as m\u00famias dos Chinchorros, um\u2026","rel":"","context":"Em &quot;Am\u00e9rica do Sul&quot;","block_context":{"text":"Am\u00e9rica do Sul","link":"https:\/\/mundosemfim.com\/?cat=6"},"img":{"alt_text":"Mucuvinha com a bandeira do Chile","src":"https:\/\/i0.wp.com\/mundosemfim.com\/wp-content\/uploads\/2018\/05\/DSC_0096.jpg?fit=800%2C533&ssl=1&resize=350%2C200","width":350,"height":200,"srcset":"https:\/\/i0.wp.com\/mundosemfim.com\/wp-content\/uploads\/2018\/05\/DSC_0096.jpg?fit=800%2C533&ssl=1&resize=350%2C200 1x, https:\/\/i0.wp.com\/mundosemfim.com\/wp-content\/uploads\/2018\/05\/DSC_0096.jpg?fit=800%2C533&ssl=1&resize=525%2C300 1.5x, https:\/\/i0.wp.com\/mundosemfim.com\/wp-content\/uploads\/2018\/05\/DSC_0096.jpg?fit=800%2C533&ssl=1&resize=700%2C400 2x"},"classes":[]},{"id":3652,"url":"https:\/\/mundosemfim.com\/?p=3652","url_meta":{"origin":2436,"position":1},"title":"10 lugares imperd\u00edveis no Chile","author":"Renan","date":"junho 24, 2016","format":false,"excerpt":"Depois de fazer a lista dos 10 lugares mais legais que conhecemos na Argentina, chegou a hora do Top 10 Chile! Foram quase 3 meses percorrendo o Chile de ponta a ponta, vendo paisagens que variavam de picos nevados e lagoas cor esmeralda at\u00e9 desertos que n\u00e3o veem uma gota\u2026","rel":"","context":"Em &quot;Am\u00e9rica do Sul&quot;","block_context":{"text":"Am\u00e9rica do Sul","link":"https:\/\/mundosemfim.com\/?cat=6"},"img":{"alt_text":"","src":"https:\/\/i0.wp.com\/mundosemfim.com\/wp-content\/uploads\/2016\/06\/PC190276.jpg?fit=1088%2C816&ssl=1&resize=350%2C200","width":350,"height":200,"srcset":"https:\/\/i0.wp.com\/mundosemfim.com\/wp-content\/uploads\/2016\/06\/PC190276.jpg?fit=1088%2C816&ssl=1&resize=350%2C200 1x, https:\/\/i0.wp.com\/mundosemfim.com\/wp-content\/uploads\/2016\/06\/PC190276.jpg?fit=1088%2C816&ssl=1&resize=525%2C300 1.5x, https:\/\/i0.wp.com\/mundosemfim.com\/wp-content\/uploads\/2016\/06\/PC190276.jpg?fit=1088%2C816&ssl=1&resize=700%2C400 2x, https:\/\/i0.wp.com\/mundosemfim.com\/wp-content\/uploads\/2016\/06\/PC190276.jpg?fit=1088%2C816&ssl=1&resize=1050%2C600 3x"},"classes":[]},{"id":4388,"url":"https:\/\/mundosemfim.com\/?p=4388","url_meta":{"origin":2436,"position":2},"title":"1 ano mochilando pela Am\u00e9rica do Sul! &#8211; Planilha de gastos, fotos, dicas e muito mais!","author":"Renan","date":"outubro 11, 2016","format":false,"excerpt":"1 ano viajando pela Am\u00e9rica do Sul \u2013 descemos at\u00e9 o Ushuaia e depois subimos at\u00e9 a Col\u00f4mbia, sem pegar nenhum voo. Aqui compartilhamos tudo com voc\u00eas, inclusive nossa planilha de gastos! 12 meses mochilando pelo nosso continente. Foram 7 pa\u00edses: Uruguai, Argentina, Chile, Bolivia, Peru, Equador e Col\u00f4mbia, e\u2026","rel":"","context":"Em &quot;Am\u00e9rica do Sul&quot;","block_context":{"text":"Am\u00e9rica do Sul","link":"https:\/\/mundosemfim.com\/?cat=6"},"img":{"alt_text":"","src":"https:\/\/i0.wp.com\/mundosemfim.com\/wp-content\/uploads\/2016\/10\/mapa-1.png?fit=582%2C559&ssl=1&resize=350%2C200","width":350,"height":200,"srcset":"https:\/\/i0.wp.com\/mundosemfim.com\/wp-content\/uploads\/2016\/10\/mapa-1.png?fit=582%2C559&ssl=1&resize=350%2C200 1x, https:\/\/i0.wp.com\/mundosemfim.com\/wp-content\/uploads\/2016\/10\/mapa-1.png?fit=582%2C559&ssl=1&resize=525%2C300 1.5x"},"classes":[]},{"id":5016,"url":"https:\/\/mundosemfim.com\/?p=5016","url_meta":{"origin":2436,"position":3},"title":"Top 15 Am\u00e9rica do Sul &#8211; Destinos imperd\u00edveis no nosso continente!","author":"Renan","date":"fevereiro 4, 2017","format":false,"excerpt":"Lugares imperd\u00edveis da Am\u00e9rica do Sul? Aqui est\u00e1 a lista dos 15 que mais gostamos! A ideia era criar um TOP 10, mas nosso continente tem tantas belezas que foi imposs\u00edvel escolher t\u00e3o poucos destinos. Por fim chegamos a lista dos 15 mais (e mesmo assim foi bem dif\u00edcil deixar\u2026","rel":"","context":"Em &quot;Am\u00e9rica do Sul&quot;","block_context":{"text":"Am\u00e9rica do Sul","link":"https:\/\/mundosemfim.com\/?cat=6"},"img":{"alt_text":"Mucuvinha em Machu Picchu","src":"https:\/\/i0.wp.com\/mundosemfim.com\/wp-content\/uploads\/2017\/02\/DSC_0011.jpg?fit=1000%2C667&ssl=1&resize=350%2C200","width":350,"height":200,"srcset":"https:\/\/i0.wp.com\/mundosemfim.com\/wp-content\/uploads\/2017\/02\/DSC_0011.jpg?fit=1000%2C667&ssl=1&resize=350%2C200 1x, https:\/\/i0.wp.com\/mundosemfim.com\/wp-content\/uploads\/2017\/02\/DSC_0011.jpg?fit=1000%2C667&ssl=1&resize=525%2C300 1.5x, https:\/\/i0.wp.com\/mundosemfim.com\/wp-content\/uploads\/2017\/02\/DSC_0011.jpg?fit=1000%2C667&ssl=1&resize=700%2C400 2x"},"classes":[]},{"id":3549,"url":"https:\/\/mundosemfim.com\/?p=3549","url_meta":{"origin":2436,"position":4},"title":"8 meses na estrada \u2013 Resumo dos nossos gastos!","author":"Renan","date":"junho 15, 2016","format":false,"excerpt":"E l\u00e1 est\u00e1vamos, aproveitando Cusco e nos preparando para seguir a Machu Picchu, quando nos demos conta que j\u00e1 est\u00e1vamos h\u00e1 8 meses na estrada! Aqui compartilhamos com voc\u00eas nossos gastos e um pouco de nossa experi\u00eancia. E n\u00e3o poder\u00edamos estar comemorando nosso 8\u00b0 m\u00eas na estrada em um lugar\u2026","rel":"","context":"Em &quot;Am\u00e9rica do Sul&quot;","block_context":{"text":"Am\u00e9rica do Sul","link":"https:\/\/mundosemfim.com\/?cat=6"},"img":{"alt_text":"","src":"https:\/\/i0.wp.com\/mundosemfim.com\/wp-content\/uploads\/2016\/06\/mapa-maio.png?fit=928%2C455&ssl=1&resize=350%2C200","width":350,"height":200,"srcset":"https:\/\/i0.wp.com\/mundosemfim.com\/wp-content\/uploads\/2016\/06\/mapa-maio.png?fit=928%2C455&ssl=1&resize=350%2C200 1x, https:\/\/i0.wp.com\/mundosemfim.com\/wp-content\/uploads\/2016\/06\/mapa-maio.png?fit=928%2C455&ssl=1&resize=525%2C300 1.5x, https:\/\/i0.wp.com\/mundosemfim.com\/wp-content\/uploads\/2016\/06\/mapa-maio.png?fit=928%2C455&ssl=1&resize=700%2C400 2x"},"classes":[]},{"id":2524,"url":"https:\/\/mundosemfim.com\/?p=2524","url_meta":{"origin":2436,"position":5},"title":"7 meses na estrada &#8211; resumo dos nossos gastos!","author":"Renan","date":"maio 17, 2016","format":false,"excerpt":"Rec\u00e9m pisamos no 4\u00b0 pa\u00eds de nossa viagem de volta ao mundo, e eis que nos demos conta que j\u00e1 se passaram 7 meses desde que deixamos o conforto de nossas casas para viver na estrada! Aqui vai um resumo de tudo o que passamos at\u00e9 agora! E l\u00e1 est\u00e1vamos\u2026","rel":"","context":"Em &quot;Am\u00e9rica do Sul&quot;","block_context":{"text":"Am\u00e9rica do Sul","link":"https:\/\/mundosemfim.com\/?cat=6"},"img":{"alt_text":"","src":"https:\/\/i0.wp.com\/mundosemfim.com\/wp-content\/uploads\/2016\/05\/editar-recorrido-mes-sem-desenho.png?fit=836%2C469&ssl=1&resize=350%2C200","width":350,"height":200,"srcset":"https:\/\/i0.wp.com\/mundosemfim.com\/wp-content\/uploads\/2016\/05\/editar-recorrido-mes-sem-desenho.png?fit=836%2C469&ssl=1&resize=350%2C200 1x, https:\/\/i0.wp.com\/mundosemfim.com\/wp-content\/uploads\/2016\/05\/editar-recorrido-mes-sem-desenho.png?fit=836%2C469&ssl=1&resize=525%2C300 1.5x, https:\/\/i0.wp.com\/mundosemfim.com\/wp-content\/uploads\/2016\/05\/editar-recorrido-mes-sem-desenho.png?fit=836%2C469&ssl=1&resize=700%2C400 2x"},"classes":[]}],"_links":{"self":[{"href":"https:\/\/mundosemfim.com\/index.php?rest_route=\/wp\/v2\/posts\/2436","targetHints":{"allow":["GET"]}}],"collection":[{"href":"https:\/\/mundosemfim.com\/index.php?rest_route=\/wp\/v2\/posts"}],"about":[{"href":"https:\/\/mundosemfim.com\/index.php?rest_route=\/wp\/v2\/types\/post"}],"author":[{"embeddable":true,"href":"https:\/\/mundosemfim.com\/index.php?rest_route=\/wp\/v2\/users\/1"}],"replies":[{"embeddable":true,"href":"https:\/\/mundosemfim.com\/index.php?rest_route=%2Fwp%2Fv2%2Fcomments&post=2436"}],"version-history":[{"count":8,"href":"https:\/\/mundosemfim.com\/index.php?rest_route=\/wp\/v2\/posts\/2436\/revisions"}],"predecessor-version":[{"id":9975,"href":"https:\/\/mundosemfim.com\/index.php?rest_route=\/wp\/v2\/posts\/2436\/revisions\/9975"}],"wp:featuredmedia":[{"embeddable":true,"href":"https:\/\/mundosemfim.com\/index.php?rest_route=\/wp\/v2\/media\/2520"}],"wp:attachment":[{"href":"https:\/\/mundosemfim.com\/index.php?rest_route=%2Fwp%2Fv2%2Fmedia&parent=2436"}],"wp:term":[{"taxonomy":"category","embeddable":true,"href":"https:\/\/mundosemfim.com\/index.php?rest_route=%2Fwp%2Fv2%2Fcategories&post=2436"},{"taxonomy":"post_tag","embeddable":true,"href":"https:\/\/mundosemfim.com\/index.php?rest_route=%2Fwp%2Fv2%2Ftags&post=2436"}],"curies":[{"name":"wp","href":"https:\/\/api.w.org\/{rel}","templated":true}]}}