{"id":2173,"date":"2016-04-28T20:27:44","date_gmt":"2016-04-28T23:27:44","guid":{"rendered":"https:\/\/mundosemfim.com\/?p=2173"},"modified":"2025-10-02T15:17:00","modified_gmt":"2025-10-02T18:17:00","slug":"san-pedro-de-atacama-tudo-o-que-voce-precisa-saber-para-aproveitar-ao-maximo-este-lugar-incrivel","status":"publish","type":"post","link":"https:\/\/mundosemfim.com\/?p=2173","title":{"rendered":"San Pedro de Atacama \u2013 tudo o que voc\u00ea precisa saber sobre este lugar incr\u00edvel!"},"content":{"rendered":"<p>Um pequeno o\u00e1sis no meio do deserto mais \u00e1rido do mundo, rodeado por paisagens que parecem de outro planeta: assim \u00e9 San Pedro! Tivemos o privil\u00e9gio de passar 15 dias nesta linda cidade, e exploramos cada canto para compartilhar todas as dicas com voc\u00eas!<\/p>\n<p><!--more--><\/p>\n<p><b>Refer\u00eancia<br \/>\n<\/b>1 real \u2013 185 pesos chilenos (abril\/2016)<\/p>\n<p>&nbsp;<\/p>\n<h3><b>Sobre San Pedro de Atacama<\/b><\/h3>\n<p>Com menos de 6 mil habitantes, San Pedro \u00e9 um povoado min\u00fasculo, localizado em um pequeno o\u00e1sis do deserto do Atacama, o mais \u00e1rido do mundo.<\/p>\n<p>Apesar do grande movimento de turistas e de vans de excurs\u00e3o, a cidade exala tranquilidade. Suas ruas de terra e casas de barro te d\u00e3o a sensa\u00e7\u00e3o de ter voltado v\u00e1rios anos no tempo. Seu povo humilde e a forte cultura andina (que n\u00e3o vimos com tanta express\u00e3o em nenhum outro lugar do <a href=\"https:\/\/mundosemfim.com\/mochilao-pelo-chile-de-ponta-a-ponta-roteiro-gastos-dicas-fotos-etc\/\">Chile<\/a>) fazem muitas pessoas terem vontade de nunca mais ir embora (e muitas realmente n\u00e3o v\u00e3o!).<\/p>\n<figure id=\"attachment_2255\" aria-describedby=\"caption-attachment-2255\" style=\"width: 1020px\" class=\"wp-caption alignnone\"><img data-recalc-dims=\"1\" loading=\"lazy\" decoding=\"async\" data-attachment-id=\"2255\" data-permalink=\"https:\/\/mundosemfim.com\/?attachment_id=2255\" data-orig-file=\"https:\/\/i0.wp.com\/mundosemfim.com\/wp-content\/uploads\/2016\/04\/dsc_0009.jpg?fit=1020%2C680&amp;ssl=1\" data-orig-size=\"1020,680\" data-comments-opened=\"1\" data-image-meta=\"{&quot;aperture&quot;:&quot;16&quot;,&quot;credit&quot;:&quot;&quot;,&quot;camera&quot;:&quot;NIKON D5200&quot;,&quot;caption&quot;:&quot;&quot;,&quot;created_timestamp&quot;:&quot;1460072083&quot;,&quot;copyright&quot;:&quot;&quot;,&quot;focal_length&quot;:&quot;18&quot;,&quot;iso&quot;:&quot;3200&quot;,&quot;shutter_speed&quot;:&quot;25&quot;,&quot;title&quot;:&quot;&quot;,&quot;orientation&quot;:&quot;1&quot;}\" data-image-title=\"DSC_0009\" data-image-description=\"\" data-image-caption=\"&lt;p&gt;Bonita igreja de San Pedro de Atacama pela noite&lt;\/p&gt;\n\" data-large-file=\"https:\/\/i0.wp.com\/mundosemfim.com\/wp-content\/uploads\/2016\/04\/dsc_0009.jpg?fit=764%2C509&amp;ssl=1\" class=\"wp-image-2255 size-full\" src=\"https:\/\/i0.wp.com\/mundosemfim.com\/wp-content\/uploads\/2016\/04\/dsc_0009.jpg?resize=764%2C509&#038;ssl=1\" alt=\"Igreja de San Pedro de Atacama pela noite\" width=\"764\" height=\"509\" srcset=\"https:\/\/i0.wp.com\/mundosemfim.com\/wp-content\/uploads\/2016\/04\/dsc_0009.jpg?w=1020&amp;ssl=1 1020w, https:\/\/i0.wp.com\/mundosemfim.com\/wp-content\/uploads\/2016\/04\/dsc_0009.jpg?resize=300%2C200&amp;ssl=1 300w, https:\/\/i0.wp.com\/mundosemfim.com\/wp-content\/uploads\/2016\/04\/dsc_0009.jpg?resize=768%2C512&amp;ssl=1 768w\" sizes=\"auto, (max-width: 764px) 100vw, 764px\" \/><figcaption id=\"caption-attachment-2255\" class=\"wp-caption-text\">Bonita igreja de San Pedro de Atacama pela noite<\/figcaption><\/figure>\n<p>Some tudo isso a uma paisagem excepcional, e voc\u00ea entender\u00e1 porque este \u00e9 um dos destinos mais procurados do mundo!<\/p>\n<h3><b>S\u00e3o Pedro \u00e9 muito caro, n\u00e9?<\/b><\/h3>\n<p>Pois \u00e9, ouvimos isso a viagem toda, e chegamos aqui morrendo de medo. Mas, no fim das contas, n\u00e3o achamos t\u00e3o caro assim (e olha que viajamos em economia extrema). Quero dizer, o <a href=\"https:\/\/mundosemfim.com\/mochilao-pelo-chile-de-ponta-a-ponta-roteiro-gastos-dicas-fotos-etc\/\">Chile<\/a> \u00e9 um pa\u00eds caro, e San Pedro segue a tend\u00eancia. Mas encontramos os pre\u00e7os aqui muito parecidos (alguns at\u00e9 mais baratos) que o restante do <a href=\"https:\/\/mundosemfim.com\/mochilao-pelo-chile-de-ponta-a-ponta-roteiro-gastos-dicas-fotos-etc\/\">Chile<\/a>.<\/p>\n<p>Abaixo vamos detalhando alguns pre\u00e7os para voc\u00ea ter uma ideia de quanto vai gastar por aqui.<\/p>\n<h3><b>Supermercado<\/b><\/h3>\n<p>Isso, sim, \u00e9 caro. N\u00e3o h\u00e1 supermercado em San Pedro, e todas as compras s\u00e3o feitas em pequenos mercados que vendem de tudo. Espere pagar o dobro (ou at\u00e9 o triplo) do que se pagaria em <a href=\"https:\/\/mundosemfim.com\/conhecendo-santiago-chile\/\">Santiago<\/a>, por exemplo.<\/p>\n<figure id=\"attachment_2179\" aria-describedby=\"caption-attachment-2179\" style=\"width: 1088px\" class=\"wp-caption alignnone\"><img data-recalc-dims=\"1\" loading=\"lazy\" decoding=\"async\" data-attachment-id=\"2179\" data-permalink=\"https:\/\/mundosemfim.com\/?attachment_id=2179\" data-orig-file=\"https:\/\/i0.wp.com\/mundosemfim.com\/wp-content\/uploads\/2016\/04\/p4210013.jpg?fit=%2C&amp;ssl=1\" data-orig-size=\"\" data-comments-opened=\"1\" data-image-meta=\"[]\" data-image-title=\"OLYMPUS DIGITAL CAMERA\" data-image-description=\"\" data-image-caption=\"&lt;p&gt;Exemplo de mercado em San Pedro de Atacama&lt;\/p&gt;\n\" data-large-file=\"https:\/\/i0.wp.com\/mundosemfim.com\/wp-content\/uploads\/2016\/04\/p4210013.jpg?fit=1024%2C1024&amp;ssl=1\" class=\"wp-image-2179 size-full\" src=\"https:\/\/omundosemfim.files.wordpress.com\/2016\/04\/p4210013.jpg?resize=764%2C573\" alt=\"Mercado em San Pedro de Atacama\" width=\"764\" height=\"573\" \/><figcaption id=\"caption-attachment-2179\" class=\"wp-caption-text\">Exemplo de mercado em San Pedro de Atacama<\/figcaption><\/figure>\n<p>O mercado mais barato que encontramos \u00e9 o Sol, que est\u00e1 na rua Tocopilla.<\/p>\n<p>Para comprar \u00e1gua e bebidas alcoolicas, procure a Botilleria Algarrobal, na avenida que \u00e9 a continua\u00e7\u00e3o da estrada.<\/p>\n<figure id=\"attachment_2182\" aria-describedby=\"caption-attachment-2182\" style=\"width: 1088px\" class=\"wp-caption alignnone\"><img data-recalc-dims=\"1\" loading=\"lazy\" decoding=\"async\" data-attachment-id=\"2182\" data-permalink=\"https:\/\/mundosemfim.com\/?attachment_id=2182\" data-orig-file=\"https:\/\/i0.wp.com\/mundosemfim.com\/wp-content\/uploads\/2016\/04\/p4210019.jpg?fit=1088%2C816&amp;ssl=1\" data-orig-size=\"1088,816\" data-comments-opened=\"1\" data-image-meta=\"{&quot;aperture&quot;:&quot;3.9&quot;,&quot;credit&quot;:&quot;&quot;,&quot;camera&quot;:&quot;TG-630&quot;,&quot;caption&quot;:&quot;OLYMPUS DIGITAL CAMERA&quot;,&quot;created_timestamp&quot;:&quot;1461257629&quot;,&quot;copyright&quot;:&quot;&quot;,&quot;focal_length&quot;:&quot;5&quot;,&quot;iso&quot;:&quot;100&quot;,&quot;shutter_speed&quot;:&quot;0.005&quot;,&quot;title&quot;:&quot;OLYMPUS DIGITAL CAMERA&quot;,&quot;orientation&quot;:&quot;1&quot;}\" data-image-title=\"OLYMPUS DIGITAL CAMERA\" data-image-description=\"\" data-image-caption=\"&lt;p&gt;Lugar mais barato para comprar bebidas em San Pedro&lt;\/p&gt;\n\" data-large-file=\"https:\/\/i0.wp.com\/mundosemfim.com\/wp-content\/uploads\/2016\/04\/p4210019.jpg?fit=764%2C573&amp;ssl=1\" class=\"wp-image-2182 size-full\" src=\"https:\/\/i0.wp.com\/mundosemfim.com\/wp-content\/uploads\/2016\/04\/p4210019.jpg?resize=764%2C573&#038;ssl=1\" alt=\"Bodega de San Pedro de Atacama\" width=\"764\" height=\"573\" srcset=\"https:\/\/i0.wp.com\/mundosemfim.com\/wp-content\/uploads\/2016\/04\/p4210019.jpg?w=1088&amp;ssl=1 1088w, https:\/\/i0.wp.com\/mundosemfim.com\/wp-content\/uploads\/2016\/04\/p4210019.jpg?resize=300%2C225&amp;ssl=1 300w, https:\/\/i0.wp.com\/mundosemfim.com\/wp-content\/uploads\/2016\/04\/p4210019.jpg?resize=768%2C576&amp;ssl=1 768w, https:\/\/i0.wp.com\/mundosemfim.com\/wp-content\/uploads\/2016\/04\/p4210019.jpg?resize=1024%2C768&amp;ssl=1 1024w, https:\/\/i0.wp.com\/mundosemfim.com\/wp-content\/uploads\/2016\/04\/p4210019.jpg?resize=800%2C600&amp;ssl=1 800w\" sizes=\"auto, (max-width: 764px) 100vw, 764px\" \/><figcaption id=\"caption-attachment-2182\" class=\"wp-caption-text\">Lugar mais barato para comprar bebidas em San Pedro<\/figcaption><\/figure>\n<h3><b>Hospedagem<\/b><\/h3>\n<p>Passamos aqui na baixa temporada, por isso os pre\u00e7os podem ser um pouco mais altos quando voc\u00ea estiver por aqui, mas j\u00e1 d\u00e1 pra ter uma ideia.<\/p>\n<p>Uma cama em um quarto compartilhado em hostel sai na m\u00e9dia de 12 a 15 mil pesos chilenos (algo entre 65 e 80 reais).<\/p>\n<figure id=\"attachment_2258\" aria-describedby=\"caption-attachment-2258\" style=\"width: 1020px\" class=\"wp-caption alignnone\"><img data-recalc-dims=\"1\" loading=\"lazy\" decoding=\"async\" data-attachment-id=\"2258\" data-permalink=\"https:\/\/mundosemfim.com\/?attachment_id=2258\" data-orig-file=\"https:\/\/i0.wp.com\/mundosemfim.com\/wp-content\/uploads\/2016\/04\/dsc_0046.jpg?fit=1020%2C680&amp;ssl=1\" data-orig-size=\"1020,680\" data-comments-opened=\"1\" data-image-meta=\"{&quot;aperture&quot;:&quot;18&quot;,&quot;credit&quot;:&quot;&quot;,&quot;camera&quot;:&quot;NIKON D5200&quot;,&quot;caption&quot;:&quot;&quot;,&quot;created_timestamp&quot;:&quot;1460128323&quot;,&quot;copyright&quot;:&quot;&quot;,&quot;focal_length&quot;:&quot;21&quot;,&quot;iso&quot;:&quot;250&quot;,&quot;shutter_speed&quot;:&quot;0.016666666666667&quot;,&quot;title&quot;:&quot;&quot;,&quot;orientation&quot;:&quot;1&quot;}\" data-image-title=\"DSC_0046\" data-image-description=\"\" data-image-caption=\"&lt;p&gt;Rua Caracoles, onde acontece tudo em San Pedro. Tente se hospedar pr\u00f3ximo a ela!&lt;\/p&gt;\n\" data-large-file=\"https:\/\/i0.wp.com\/mundosemfim.com\/wp-content\/uploads\/2016\/04\/dsc_0046.jpg?fit=764%2C509&amp;ssl=1\" class=\"wp-image-2258 size-full\" src=\"https:\/\/i0.wp.com\/mundosemfim.com\/wp-content\/uploads\/2016\/04\/dsc_0046.jpg?resize=764%2C509&#038;ssl=1\" alt=\"Rua Caracoles, no centro de San Pedro de Atacama\" width=\"764\" height=\"509\" srcset=\"https:\/\/i0.wp.com\/mundosemfim.com\/wp-content\/uploads\/2016\/04\/dsc_0046.jpg?w=1020&amp;ssl=1 1020w, https:\/\/i0.wp.com\/mundosemfim.com\/wp-content\/uploads\/2016\/04\/dsc_0046.jpg?resize=300%2C200&amp;ssl=1 300w, https:\/\/i0.wp.com\/mundosemfim.com\/wp-content\/uploads\/2016\/04\/dsc_0046.jpg?resize=768%2C512&amp;ssl=1 768w\" sizes=\"auto, (max-width: 764px) 100vw, 764px\" \/><figcaption id=\"caption-attachment-2258\" class=\"wp-caption-text\">Rua Caracoles, onde acontece tudo em San Pedro. Tente se hospedar pr\u00f3ximo a ela!<\/figcaption><\/figure>\n<p>Para quem quiser economizar de verdade, indicamos o hostel Juriques (rua Toconao): uma cama custa apenas 8 mil pesos! (45 reais). N\u00e3o encontramos um valor t\u00e3o baixo assim em nenhuma outra parte do Chile.<\/p>\n<p>Neste mesmo hostel, um quarto de casal com banheiro compartilhado sai 24 mil pesos (mais ou menos dentro da m\u00e9dia do <a href=\"https:\/\/mundosemfim.com\/mochilao-pelo-chile-de-ponta-a-ponta-roteiro-gastos-dicas-fotos-etc\/\">Chile<\/a>).<\/p>\n<p>Se quiser luxo, os pre\u00e7os v\u00e3o subindo exponencialmente, e voc\u00ea poder\u00e1 encontrar hot\u00e9is de at\u00e9 1000 d\u00f3lares a di\u00e1ria.<\/p>\n<p>H\u00e1 campings tamb\u00e9m que custam em torno de 5 mil pesos por pessoa, mas n\u00e3o espere encontrar nada aberto fora do ver\u00e3o: no inverno, o frio pela noite \u00e9 insuport\u00e1vel.<\/p>\n<p>Em rela\u00e7\u00e3o a onde se hospedar, o povoado \u00e9 t\u00e3o pequeno que n\u00e3o chega a fazer muita diferen\u00e7a. Em geral, quanto mais perto da rua Caracoles, melhor (\u00e9 onde est\u00e1 o centro da cidade).<\/p>\n<p>Quer chegar l\u00e1 com uma reserva garantida? Pode fazer por aqui:<\/p>\n<p><ins class=\"bookingaff\" data-aid=\"1161710\" data-target_aid=\"1152681\" data-prod=\"nsb\" data-width=\"400\" data-height=\"300\"><br \/>\n<!-- Anything inside will go away once widget is loaded. --><br \/>\n<a href=\"\/\/www.booking.com?aid=1152681\">Booking.com<\/a><br \/>\n<\/ins><br \/>\n<script type=\"text\/javascript\">\n    (function(d, sc, u) {\n      var s = d.createElement(sc), p = d.getElementsByTagName(sc)[0];\n      s.type = 'text\/javascript';\n      s.async = true;\n      s.src = u + '?v=' + (+new Date());\n      p.parentNode.insertBefore(s,p);\n      })(document, 'script', '\/\/aff.bstatic.com\/static\/affiliate_base\/js\/flexiproduct.js');\n<\/script><\/p>\n<h3><b>Restaurantes<\/b><\/h3>\n<p>H\u00e1 para todos os gostos (e bolsos). N\u00f3s mesmo nos demos ao luxo de comer fora algumas vezes.<\/p>\n<p>Os mais baratos est\u00e3o pr\u00f3ximos ao campo de futebol (para chegar l\u00e1, parta da igreja, atravesse a feirinha que tem dentro de um t\u00fanel e dobre \u00e0 direita), e s\u00e3o chamados de <i>carritos<\/i> (pergunte a qualquer morador que ele vai conhecer). Os pratos a\u00ed custam entre 3 e 4 mil.<\/p>\n<p>N\u00f3s costum\u00e1vamos ir em um que custava 3500 com entrada e prato principal. Ped\u00edamos sem a entrada e o cara fazia por 2500 (algo como 13 reais). Apesar de barata, a comida aqui \u00e9 muito boa e vem bem servida!<\/p>\n<figure id=\"attachment_2290\" aria-describedby=\"caption-attachment-2290\" style=\"width: 1120px\" class=\"wp-caption alignnone\"><img data-recalc-dims=\"1\" loading=\"lazy\" decoding=\"async\" data-attachment-id=\"2290\" data-permalink=\"https:\/\/mundosemfim.com\/?attachment_id=2290\" data-orig-file=\"https:\/\/i0.wp.com\/mundosemfim.com\/wp-content\/uploads\/2016\/04\/p42100241.jpg?fit=1120%2C840&amp;ssl=1\" data-orig-size=\"1120,840\" data-comments-opened=\"1\" data-image-meta=\"{&quot;aperture&quot;:&quot;13&quot;,&quot;credit&quot;:&quot;&quot;,&quot;camera&quot;:&quot;TG-630&quot;,&quot;caption&quot;:&quot;OLYMPUS DIGITAL CAMERA&quot;,&quot;created_timestamp&quot;:&quot;1461259905&quot;,&quot;copyright&quot;:&quot;&quot;,&quot;focal_length&quot;:&quot;7.28&quot;,&quot;iso&quot;:&quot;100&quot;,&quot;shutter_speed&quot;:&quot;0.00625&quot;,&quot;title&quot;:&quot;OLYMPUS DIGITAL CAMERA&quot;,&quot;orientation&quot;:&quot;1&quot;}\" data-image-title=\"OLYMPUS DIGITAL CAMERA\" data-image-description=\"\" data-image-caption=\"&lt;p&gt;Carritos, o lugar mais barato para comer em San Pedro&lt;\/p&gt;\n\" data-large-file=\"https:\/\/i0.wp.com\/mundosemfim.com\/wp-content\/uploads\/2016\/04\/p42100241.jpg?fit=764%2C573&amp;ssl=1\" class=\"wp-image-2290 size-full\" src=\"https:\/\/i0.wp.com\/mundosemfim.com\/wp-content\/uploads\/2016\/04\/p42100241.jpg?resize=764%2C573&#038;ssl=1\" alt=\"Carritos, lugar barato para comer em San Pedro de Atacama\" width=\"764\" height=\"573\" srcset=\"https:\/\/i0.wp.com\/mundosemfim.com\/wp-content\/uploads\/2016\/04\/p42100241.jpg?w=1120&amp;ssl=1 1120w, https:\/\/i0.wp.com\/mundosemfim.com\/wp-content\/uploads\/2016\/04\/p42100241.jpg?resize=300%2C225&amp;ssl=1 300w, https:\/\/i0.wp.com\/mundosemfim.com\/wp-content\/uploads\/2016\/04\/p42100241.jpg?resize=768%2C576&amp;ssl=1 768w, https:\/\/i0.wp.com\/mundosemfim.com\/wp-content\/uploads\/2016\/04\/p42100241.jpg?resize=1024%2C768&amp;ssl=1 1024w, https:\/\/i0.wp.com\/mundosemfim.com\/wp-content\/uploads\/2016\/04\/p42100241.jpg?resize=800%2C600&amp;ssl=1 800w\" sizes=\"auto, (max-width: 764px) 100vw, 764px\" \/><figcaption id=\"caption-attachment-2290\" class=\"wp-caption-text\">Carritos, o lugar mais barato para comer em San Pedro<\/figcaption><\/figure>\n<p>Op\u00e7\u00f5es mais tur\u00edsticas e com pre\u00e7os razo\u00e1veis est\u00e3o nos entornos da Caracoles.<\/p>\n<p>Quem quiser algo mais sofisticado, recomendamos provar a deliciosa carne de lhama do restaurante Ayllu, na Toconao (pratos entre 8 e 12 mil pesos).<\/p>\n<figure id=\"attachment_2293\" aria-describedby=\"caption-attachment-2293\" style=\"width: 1088px\" class=\"wp-caption alignnone\"><img data-recalc-dims=\"1\" loading=\"lazy\" decoding=\"async\" data-attachment-id=\"2293\" data-permalink=\"https:\/\/mundosemfim.com\/?attachment_id=2293\" data-orig-file=\"https:\/\/i0.wp.com\/mundosemfim.com\/wp-content\/uploads\/2016\/04\/p40700611.jpg?fit=1088%2C816&amp;ssl=1\" data-orig-size=\"1088,816\" data-comments-opened=\"1\" data-image-meta=\"{&quot;aperture&quot;:&quot;3.9&quot;,&quot;credit&quot;:&quot;&quot;,&quot;camera&quot;:&quot;TG-630&quot;,&quot;caption&quot;:&quot;OLYMPUS DIGITAL CAMERA&quot;,&quot;created_timestamp&quot;:&quot;1460067925&quot;,&quot;copyright&quot;:&quot;&quot;,&quot;focal_length&quot;:&quot;5&quot;,&quot;iso&quot;:&quot;1600&quot;,&quot;shutter_speed&quot;:&quot;0.125&quot;,&quot;title&quot;:&quot;OLYMPUS DIGITAL CAMERA&quot;,&quot;orientation&quot;:&quot;1&quot;}\" data-image-title=\"OLYMPUS DIGITAL CAMERA\" data-image-description=\"\" data-image-caption=\"&lt;p&gt;Jantando uma deliciosa carne de lhama na Ayllu&lt;\/p&gt;\n\" data-large-file=\"https:\/\/i0.wp.com\/mundosemfim.com\/wp-content\/uploads\/2016\/04\/p40700611.jpg?fit=764%2C573&amp;ssl=1\" class=\"wp-image-2293 size-full\" src=\"https:\/\/i0.wp.com\/mundosemfim.com\/wp-content\/uploads\/2016\/04\/p40700611.jpg?resize=764%2C573&#038;ssl=1\" alt=\"Comendo carne de lhama na Ayllu, em San Pedro de Atacama\" width=\"764\" height=\"573\" srcset=\"https:\/\/i0.wp.com\/mundosemfim.com\/wp-content\/uploads\/2016\/04\/p40700611.jpg?w=1088&amp;ssl=1 1088w, https:\/\/i0.wp.com\/mundosemfim.com\/wp-content\/uploads\/2016\/04\/p40700611.jpg?resize=300%2C225&amp;ssl=1 300w, https:\/\/i0.wp.com\/mundosemfim.com\/wp-content\/uploads\/2016\/04\/p40700611.jpg?resize=768%2C576&amp;ssl=1 768w, https:\/\/i0.wp.com\/mundosemfim.com\/wp-content\/uploads\/2016\/04\/p40700611.jpg?resize=1024%2C768&amp;ssl=1 1024w, https:\/\/i0.wp.com\/mundosemfim.com\/wp-content\/uploads\/2016\/04\/p40700611.jpg?resize=800%2C600&amp;ssl=1 800w\" sizes=\"auto, (max-width: 764px) 100vw, 764px\" \/><figcaption id=\"caption-attachment-2293\" class=\"wp-caption-text\">Jantando uma deliciosa carne de lhama na Ayllu<\/figcaption><\/figure>\n<h3><b>Ag\u00eancias de Turismo<\/b><\/h3>\n<p>Voc\u00ea vai gastar uma graninha com excurs\u00f5es, porque as atra\u00e7\u00f5es costumam ser longe da cidade (para chegar a algumas, voc\u00ea vai rodar mais de 150km).<\/p>\n<p>Na avenida Caracoles e imedia\u00e7\u00f5es, voc\u00ea encontrar\u00e1 dezenas de ag\u00eancias, com os mais variados pre\u00e7os e qualidades de servi\u00e7o.<\/p>\n<p>N\u00f3s fizemos todos os passeios com a <a href=\"http:\/\/www.aylluatacama.com.br\" target=\"_blank\" rel=\"noopener\">Ayllu Atacama<\/a> (rua Toconao), ag\u00eancia mais sofisticada e voltada a atender brasileiros. Est\u00e1 super recomendada, pois os servi\u00e7os prestados s\u00e3o excelentes!<\/p>\n<p>Algumas pessoas n\u00e3o entenderam quando viram nossas fotos com tanto luxo por aqui, j\u00e1 que viajamos gastando muito pouco, e por isso vamos explicar: n\u00f3s segu\u00edamos para San Pedro morrendo de medo de estourar o or\u00e7amento por l\u00e1, e quer\u00edamos encontrar uma forma de trabalhar para pelo menos pagar os passeios. A Dani, dona da <a href=\"https:\/\/www.facebook.com\/viajabrasiltour\/\" target=\"_blank\" rel=\"noopener\">Viaja Brasil<\/a> em Santiago, nos passou o contato do Mike, dono da Ayllu, e disse que ele nos ajudaria. Chegando em San Pedro, fomos procur\u00e1-lo e ele, j\u00e1 sabendo da nossa hist\u00f3ria, nos arranjou um lugar para ficarmos e disse que iria nos encaixando nos passeios que desse, em troca de uma m\u00e3ozinha com a ag\u00eancia. Assim, trabalhamos de recepcionistas, ajudamos no bar, lavamos alguns carros e conseguimos fazer todos os passeios pagando somente as entradas dos parques. N\u00e3o temos palavras para agradecer!<\/p>\n<p>Se quiser fazer a excurs\u00e3o ao <a href=\"https:\/\/mundosemfim.com\/salar-do-uyuni-tudo-o-que-voce-precisa-saber-para-fazer-um-dos-tours-mais-impressionantes-da-america-do-sul\/\" target=\"_blank\" rel=\"noopener\">Salar do Uyuni<\/a>, recomendamos a <a href=\"http:\/\/www.travel-lithium.com\/\" target=\"_blank\" rel=\"noopener\">Travel Lithium<\/a>, na Caracoles: foi o mais barato que encontramos, e o servi\u00e7o prestado n\u00e3o deixou nada a desejar.<\/p>\n<p>Para passear pelo Atacama espere pagar algo entre 65 mil e 400 mil pesos chilenos no pacote dos principais passeios, dependendo da qualidade do servi\u00e7o e dos lugares que quiser visitar.<\/p>\n<figure id=\"attachment_2281\" aria-describedby=\"caption-attachment-2281\" style=\"width: 1020px\" class=\"wp-caption alignnone\"><img data-recalc-dims=\"1\" loading=\"lazy\" decoding=\"async\" data-attachment-id=\"2281\" data-permalink=\"https:\/\/mundosemfim.com\/?attachment_id=2281\" data-orig-file=\"https:\/\/i0.wp.com\/mundosemfim.com\/wp-content\/uploads\/2016\/04\/dsc_0020.jpg?fit=1020%2C680&amp;ssl=1\" data-orig-size=\"1020,680\" data-comments-opened=\"1\" data-image-meta=\"{&quot;aperture&quot;:&quot;16&quot;,&quot;credit&quot;:&quot;&quot;,&quot;camera&quot;:&quot;NIKON D5200&quot;,&quot;caption&quot;:&quot;&quot;,&quot;created_timestamp&quot;:&quot;1460125619&quot;,&quot;copyright&quot;:&quot;&quot;,&quot;focal_length&quot;:&quot;21&quot;,&quot;iso&quot;:&quot;160&quot;,&quot;shutter_speed&quot;:&quot;0.00625&quot;,&quot;title&quot;:&quot;&quot;,&quot;orientation&quot;:&quot;1&quot;}\" data-image-title=\"DSC_0020\" data-image-description=\"\" data-image-caption=\"&lt;p&gt;Assim predomina a arquitetura de San Pedro de Atacama&lt;\/p&gt;\n\" data-large-file=\"https:\/\/i0.wp.com\/mundosemfim.com\/wp-content\/uploads\/2016\/04\/dsc_0020.jpg?fit=764%2C509&amp;ssl=1\" class=\"wp-image-2281 size-full\" src=\"https:\/\/i0.wp.com\/mundosemfim.com\/wp-content\/uploads\/2016\/04\/dsc_0020.jpg?resize=764%2C509&#038;ssl=1\" alt=\"Casas t\u00edpicas do Atacama\" width=\"764\" height=\"509\" srcset=\"https:\/\/i0.wp.com\/mundosemfim.com\/wp-content\/uploads\/2016\/04\/dsc_0020.jpg?w=1020&amp;ssl=1 1020w, https:\/\/i0.wp.com\/mundosemfim.com\/wp-content\/uploads\/2016\/04\/dsc_0020.jpg?resize=300%2C200&amp;ssl=1 300w, https:\/\/i0.wp.com\/mundosemfim.com\/wp-content\/uploads\/2016\/04\/dsc_0020.jpg?resize=768%2C512&amp;ssl=1 768w\" sizes=\"auto, (max-width: 764px) 100vw, 764px\" \/><figcaption id=\"caption-attachment-2281\" class=\"wp-caption-text\">Assim predomina a arquitetura de San Pedro de Atacama<\/figcaption><\/figure>\n<h3><b>\u00c1gua<\/b><\/h3>\n<p>A \u00e1gua \u00e9 um tema que pode gerar bastante discuss\u00e3o em San Pedro. A \u00e1gua dos rios e das torneiras \u00e9 limpa, por\u00e9m possuem excesso de minerais. Enquanto a popula\u00e7\u00e3o local toma desta \u00e1gua desde sempre e vive mais de 100 anos, as recomenda\u00e7\u00f5es aos turistas \u00e9 que s\u00f3 tomem \u00e1gua mineral, pois a da torneira pode fazer mal.<\/p>\n<p>N\u00f3s chegamos a tomar \u00e1gua da torneira e n\u00e3o sentimos nada. Em todo caso, recomendamos que compre \u00e1gua mineral para evitar problemas. Uma garrafa de 1 litro e meio custa, em m\u00e9dia, 1000 pesos, e uma garraf\u00e3o de 6 litros custa 1900. Por\u00e9m, se estiver no meio da noite com sede e n\u00e3o tiver \u00e1gua mineral, \u00e9 melhor tomar a da torneira do que correr o risco de desidratar.<\/p>\n<figure id=\"attachment_2278\" aria-describedby=\"caption-attachment-2278\" style=\"width: 1020px\" class=\"wp-caption alignnone\"><img data-recalc-dims=\"1\" loading=\"lazy\" decoding=\"async\" data-attachment-id=\"2278\" data-permalink=\"https:\/\/mundosemfim.com\/?attachment_id=2278\" data-orig-file=\"https:\/\/i0.wp.com\/mundosemfim.com\/wp-content\/uploads\/2016\/04\/dsc_00171.jpg?fit=1020%2C680&amp;ssl=1\" data-orig-size=\"1020,680\" data-comments-opened=\"1\" data-image-meta=\"{&quot;aperture&quot;:&quot;16&quot;,&quot;credit&quot;:&quot;&quot;,&quot;camera&quot;:&quot;NIKON D5200&quot;,&quot;caption&quot;:&quot;&quot;,&quot;created_timestamp&quot;:&quot;1460125081&quot;,&quot;copyright&quot;:&quot;&quot;,&quot;focal_length&quot;:&quot;25&quot;,&quot;iso&quot;:&quot;160&quot;,&quot;shutter_speed&quot;:&quot;0.00625&quot;,&quot;title&quot;:&quot;&quot;,&quot;orientation&quot;:&quot;1&quot;}\" data-image-title=\"DSC_0017\" data-image-description=\"\" data-image-caption=\"&lt;p&gt;O sol est\u00e1 sempre forte em San Pedro&lt;\/p&gt;\n\" data-large-file=\"https:\/\/i0.wp.com\/mundosemfim.com\/wp-content\/uploads\/2016\/04\/dsc_00171.jpg?fit=764%2C509&amp;ssl=1\" class=\"wp-image-2278 size-full\" src=\"https:\/\/i0.wp.com\/mundosemfim.com\/wp-content\/uploads\/2016\/04\/dsc_00171.jpg?resize=764%2C509&#038;ssl=1\" alt=\"Casas de San Pedro de Atacama\" width=\"764\" height=\"509\" srcset=\"https:\/\/i0.wp.com\/mundosemfim.com\/wp-content\/uploads\/2016\/04\/dsc_00171.jpg?w=1020&amp;ssl=1 1020w, https:\/\/i0.wp.com\/mundosemfim.com\/wp-content\/uploads\/2016\/04\/dsc_00171.jpg?resize=300%2C200&amp;ssl=1 300w, https:\/\/i0.wp.com\/mundosemfim.com\/wp-content\/uploads\/2016\/04\/dsc_00171.jpg?resize=768%2C512&amp;ssl=1 768w\" sizes=\"auto, (max-width: 764px) 100vw, 764px\" \/><figcaption id=\"caption-attachment-2278\" class=\"wp-caption-text\">O sol est\u00e1 sempre forte em San Pedro<\/figcaption><\/figure>\n<h3><b>C\u00e2mbio<\/b><\/h3>\n<p>D\u00f3lar \u00e9 bem aceito pelas casas de c\u00e2mbio em San Pedro, e elas costumam, em geral, pagar um valor superior \u00e0 cota\u00e7\u00e3o oficial. Algumas ag\u00eancias podem oferecer uma cota\u00e7\u00e3o um pouco melhor que as casas de c\u00e2mbio como forma de atrair o cliente; vale a pena consultar antes de trocar dinheiro.<\/p>\n<p>Real vale muito pouco, apesar da enorme quantidade de brasileiros que visitam o lugar. Quando estivemos, as casas estavam pagando 150 pesos no real (enquanto o oficial estava em 185). Se for passar uns dias em Santiago, troque seus reais por l\u00e1. Se for direto a San Pedro, leve d\u00f3lares ou use cart\u00e3o.<\/p>\n<h3><b>Bancos<\/b><\/h3>\n<p>H\u00e1 dois bancos chilenos com caixas autom\u00e1ticos por l\u00e1. \u00c9 poss\u00edvel sacar dinheiro pagando uma taxa que gira em torno de 4 mil pesos (pouco mais que 20 reais), al\u00e9m das eventuais taxas que o seu banco pode cobrar.<\/p>\n<figure id=\"attachment_2261\" aria-describedby=\"caption-attachment-2261\" style=\"width: 1088px\" class=\"wp-caption alignnone\"><img data-recalc-dims=\"1\" loading=\"lazy\" decoding=\"async\" data-attachment-id=\"2261\" data-permalink=\"https:\/\/mundosemfim.com\/?attachment_id=2261\" data-orig-file=\"https:\/\/i0.wp.com\/mundosemfim.com\/wp-content\/uploads\/2016\/04\/p4210026.jpg?fit=1088%2C816&amp;ssl=1\" data-orig-size=\"1088,816\" data-comments-opened=\"1\" data-image-meta=\"{&quot;aperture&quot;:&quot;11&quot;,&quot;credit&quot;:&quot;&quot;,&quot;camera&quot;:&quot;TG-630&quot;,&quot;caption&quot;:&quot;OLYMPUS DIGITAL CAMERA&quot;,&quot;created_timestamp&quot;:&quot;1461260621&quot;,&quot;copyright&quot;:&quot;&quot;,&quot;focal_length&quot;:&quot;5&quot;,&quot;iso&quot;:&quot;100&quot;,&quot;shutter_speed&quot;:&quot;0.004&quot;,&quot;title&quot;:&quot;OLYMPUS DIGITAL CAMERA&quot;,&quot;orientation&quot;:&quot;1&quot;}\" data-image-title=\"OLYMPUS DIGITAL CAMERA\" data-image-description=\"\" data-image-caption=\"&lt;p&gt;Banco com caixas eletr\u00f4nicos em San Pedro de Atacama&lt;\/p&gt;\n\" data-large-file=\"https:\/\/i0.wp.com\/mundosemfim.com\/wp-content\/uploads\/2016\/04\/p4210026.jpg?fit=764%2C573&amp;ssl=1\" class=\"wp-image-2261 size-full\" src=\"https:\/\/i0.wp.com\/mundosemfim.com\/wp-content\/uploads\/2016\/04\/p4210026.jpg?resize=764%2C573&#038;ssl=1\" alt=\"Banco em San Pedro de Atacama\" width=\"764\" height=\"573\" srcset=\"https:\/\/i0.wp.com\/mundosemfim.com\/wp-content\/uploads\/2016\/04\/p4210026.jpg?w=1088&amp;ssl=1 1088w, https:\/\/i0.wp.com\/mundosemfim.com\/wp-content\/uploads\/2016\/04\/p4210026.jpg?resize=300%2C225&amp;ssl=1 300w, https:\/\/i0.wp.com\/mundosemfim.com\/wp-content\/uploads\/2016\/04\/p4210026.jpg?resize=768%2C576&amp;ssl=1 768w, https:\/\/i0.wp.com\/mundosemfim.com\/wp-content\/uploads\/2016\/04\/p4210026.jpg?resize=1024%2C768&amp;ssl=1 1024w, https:\/\/i0.wp.com\/mundosemfim.com\/wp-content\/uploads\/2016\/04\/p4210026.jpg?resize=800%2C600&amp;ssl=1 800w\" sizes=\"auto, (max-width: 764px) 100vw, 764px\" \/><figcaption id=\"caption-attachment-2261\" class=\"wp-caption-text\">Banco com caixas eletr\u00f4nicos em San Pedro de Atacama<\/figcaption><\/figure>\n<h3><b>Proteja-se do sol<\/b><\/h3>\n<p>O sol em San Pedro \u00e9 absurdamente forte, ainda que, por conta do clima seco, voc\u00ea n\u00e3o se sinta t\u00e3o desconfort\u00e1vel.<\/p>\n<p>Use protetor solar e labial todos os dias. Chap\u00e9u tamb\u00e9m \u00e9 uma boa ideia. Tamb\u00e9m \u00e9 bom usar camisas de mangas compridas, mesmo que fa\u00e7a calor.<\/p>\n<p>Ande sempre com \u00e1gua, e procure tom\u00e1-la mesmo que n\u00e3o esteja com sede. A \u00e1gua ajuda muito a evitar os males da altitude.<\/p>\n<p>Os l\u00e1bios costumam ressecar muito por conta do clima frio. Manteiga de cacau ajuda, mas algo mais forte, como Bepantol, \u00e9 mais recomend\u00e1vel.<\/p>\n<h3><b>Artesanatos<\/b><\/h3>\n<p>Os artesanatos s\u00e3o um pouco caros, mas n\u00e3o d\u00e1 pra ir embora de San Pedro sem levar uma lembrancinha, n\u00e9?<\/p>\n<p>O melhor lugar para comprar \u00e9 na feirinha que fica dentro de um t\u00fanel, partindo da pra\u00e7a da igreja. Ali h\u00e1 artesanatos de todos os tipos, tamanhos e pre\u00e7os.<\/p>\n<figure id=\"attachment_2264\" aria-describedby=\"caption-attachment-2264\" style=\"width: 1020px\" class=\"wp-caption alignnone\"><img data-recalc-dims=\"1\" loading=\"lazy\" decoding=\"async\" data-attachment-id=\"2264\" data-permalink=\"https:\/\/mundosemfim.com\/?attachment_id=2264\" data-orig-file=\"https:\/\/i0.wp.com\/mundosemfim.com\/wp-content\/uploads\/2016\/04\/dsc_00271.jpg?fit=1020%2C680&amp;ssl=1\" data-orig-size=\"1020,680\" data-comments-opened=\"1\" data-image-meta=\"{&quot;aperture&quot;:&quot;10&quot;,&quot;credit&quot;:&quot;&quot;,&quot;camera&quot;:&quot;NIKON D5200&quot;,&quot;caption&quot;:&quot;&quot;,&quot;created_timestamp&quot;:&quot;1460126649&quot;,&quot;copyright&quot;:&quot;&quot;,&quot;focal_length&quot;:&quot;18&quot;,&quot;iso&quot;:&quot;1000&quot;,&quot;shutter_speed&quot;:&quot;0.04&quot;,&quot;title&quot;:&quot;&quot;,&quot;orientation&quot;:&quot;1&quot;}\" data-image-title=\"DSC_0027\" data-image-description=\"\" data-image-caption=\"&lt;p&gt;Mucuvinha na feirinha de artesanatos de San Pedro&lt;\/p&gt;\n\" data-large-file=\"https:\/\/i0.wp.com\/mundosemfim.com\/wp-content\/uploads\/2016\/04\/dsc_00271.jpg?fit=764%2C509&amp;ssl=1\" class=\"wp-image-2264 size-full\" src=\"https:\/\/i0.wp.com\/mundosemfim.com\/wp-content\/uploads\/2016\/04\/dsc_00271.jpg?resize=764%2C509&#038;ssl=1\" alt=\"Mucuvinha na feirinha de artesanatos de San Pedro de Atacama\" width=\"764\" height=\"509\" srcset=\"https:\/\/i0.wp.com\/mundosemfim.com\/wp-content\/uploads\/2016\/04\/dsc_00271.jpg?w=1020&amp;ssl=1 1020w, https:\/\/i0.wp.com\/mundosemfim.com\/wp-content\/uploads\/2016\/04\/dsc_00271.jpg?resize=300%2C200&amp;ssl=1 300w, https:\/\/i0.wp.com\/mundosemfim.com\/wp-content\/uploads\/2016\/04\/dsc_00271.jpg?resize=768%2C512&amp;ssl=1 768w\" sizes=\"auto, (max-width: 764px) 100vw, 764px\" \/><figcaption id=\"caption-attachment-2264\" class=\"wp-caption-text\">Mucuvinha na feirinha de artesanatos de San Pedro<\/figcaption><\/figure>\n<h3><b>Os males da altitude<\/b><\/h3>\n<p>\u00c9 comum as pessoas se sentirem mal em San Pedro, geralmente quando chegam ou l\u00e1 pelo terceiro dia.<\/p>\n<p>Ch\u00e1s de coca ajudam a amenizar os sintomas, e ch\u00e1 de chachacoma \u00e9 uma boa para se prevenir. Se poss\u00edvel, procure tom\u00e1-los desde o primeiro dia (assim voc\u00ea n\u00e3o corre o risco de passar mal e perder um passeio). Estes ch\u00e1s podem ser comprados na feirinha de artesanatos.<\/p>\n<p>Tomar muita \u00e1gua tamb\u00e9m ajuda muito.<\/p>\n<h3><strong>Lendas<\/strong><\/h3>\n<p>Ao chegar em San Pedro, voc\u00ea rapidamente vai identificar o vulc\u00e3o Licancabur e, ao seu lado, seu irm\u00e3o descabe\u00e7ado Juriques.<\/p>\n<p>H\u00e1 uma lenda milenar a respeito destes vulc\u00f5es, e vale a pena conhec\u00ea-la.<\/p>\n<p>Leia a hist\u00f3ria aqui:<\/p>\n<p><a href=\"https:\/\/mundosemfim.com\/lendas-do-atacama-conheca-a-historia-dos-vulcoes-licancabur-e-quimal\/\" target=\"_blank\" rel=\"noopener\">Lendas do Atacama \u2013 Conhe\u00e7a a hist\u00f3ria de amor dos vulc\u00f5es Licancabur e Quimal<\/a><\/p>\n<figure id=\"attachment_2270\" aria-describedby=\"caption-attachment-2270\" style=\"width: 1120px\" class=\"wp-caption alignnone\"><img data-recalc-dims=\"1\" loading=\"lazy\" decoding=\"async\" data-attachment-id=\"2270\" data-permalink=\"https:\/\/mundosemfim.com\/?attachment_id=2270\" data-orig-file=\"https:\/\/i0.wp.com\/mundosemfim.com\/wp-content\/uploads\/2016\/04\/p4210011.jpg?fit=1120%2C840&amp;ssl=1\" data-orig-size=\"1120,840\" data-comments-opened=\"1\" data-image-meta=\"{&quot;aperture&quot;:&quot;14&quot;,&quot;credit&quot;:&quot;&quot;,&quot;camera&quot;:&quot;TG-630&quot;,&quot;caption&quot;:&quot;OLYMPUS DIGITAL CAMERA&quot;,&quot;created_timestamp&quot;:&quot;1461253594&quot;,&quot;copyright&quot;:&quot;&quot;,&quot;focal_length&quot;:&quot;9.39&quot;,&quot;iso&quot;:&quot;100&quot;,&quot;shutter_speed&quot;:&quot;0.00625&quot;,&quot;title&quot;:&quot;OLYMPUS DIGITAL CAMERA&quot;,&quot;orientation&quot;:&quot;1&quot;}\" data-image-title=\"OLYMPUS DIGITAL CAMERA\" data-image-description=\"\" data-image-caption=\"&lt;p&gt;A vista do vulc\u00e3o Licancabur vai te acompanhar em cada canto de San Pedro&lt;\/p&gt;\n\" data-large-file=\"https:\/\/i0.wp.com\/mundosemfim.com\/wp-content\/uploads\/2016\/04\/p4210011.jpg?fit=764%2C573&amp;ssl=1\" class=\"wp-image-2270 size-full\" src=\"https:\/\/i0.wp.com\/mundosemfim.com\/wp-content\/uploads\/2016\/04\/p4210011.jpg?resize=764%2C573&#038;ssl=1\" alt=\"Vulc\u00e3o Licancabur, no Atacama\" width=\"764\" height=\"573\" srcset=\"https:\/\/i0.wp.com\/mundosemfim.com\/wp-content\/uploads\/2016\/04\/p4210011.jpg?w=1120&amp;ssl=1 1120w, https:\/\/i0.wp.com\/mundosemfim.com\/wp-content\/uploads\/2016\/04\/p4210011.jpg?resize=300%2C225&amp;ssl=1 300w, https:\/\/i0.wp.com\/mundosemfim.com\/wp-content\/uploads\/2016\/04\/p4210011.jpg?resize=768%2C576&amp;ssl=1 768w, https:\/\/i0.wp.com\/mundosemfim.com\/wp-content\/uploads\/2016\/04\/p4210011.jpg?resize=1024%2C768&amp;ssl=1 1024w, https:\/\/i0.wp.com\/mundosemfim.com\/wp-content\/uploads\/2016\/04\/p4210011.jpg?resize=800%2C600&amp;ssl=1 800w\" sizes=\"auto, (max-width: 764px) 100vw, 764px\" \/><figcaption id=\"caption-attachment-2270\" class=\"wp-caption-text\">A vista do vulc\u00e3o Licancabur vai te acompanhar em cada canto de San Pedro<\/figcaption><\/figure>\n<h3><b>Temperatura<\/b><\/h3>\n<p>A temperatura no deserto varia muito, podendo chegar a 40 graus durante o dia e cair para -20 durante a madrugada. Passeios em altitudes mais elevadas, como o dos g\u00eaiseres, costumam fazer bastante frio.<\/p>\n<p>Portanto, leve roupas para calor e frio extremo.<\/p>\n<h3><b>Barganhar vale a pena?<\/b><\/h3>\n<p>Como j\u00e1 \u00e9 de lei na Am\u00e9rica Latina, \u00e9 poss\u00edvel pedir desconto em quase tudo por aqui. O pessoal j\u00e1 est\u00e1 t\u00e3o acostumado que j\u00e1 costuma oferecer o desconto antes mesmo de voc\u00ea pedir, mas sempre vale a pena dar uma choradinha se fechar todos os passeios por uma mesma ag\u00eancia, ou se comprar mais de um artesanato na mesma loja. Isso vale, principalmente, se estiver por l\u00e1 na baixa temporada!<\/p>\n<h3><b>Alugar carro vale a pena?<\/b><\/h3>\n<p>Isso pode ser uma boa ideia, principalmente se estiver viajando com mais amigos. Desta forma, voc\u00ea economiza com as excurs\u00f5es, j\u00e1 que poder\u00e1 fazer quase todos os passeios por conta pr\u00f3pria.<\/p>\n<p>H\u00e1 uma ag\u00eancia chamada WickedPackers (na avenida caracoles) que aluga vans. O legal \u00e9 que a van j\u00e1 vem com equipamento para cozinhar e uma barraca no teto, o que pode ser uma boa ideia para economizar com hospedagens tamb\u00e9m.<\/p>\n<figure id=\"attachment_2267\" aria-describedby=\"caption-attachment-2267\" style=\"width: 1120px\" class=\"wp-caption alignnone\"><img data-recalc-dims=\"1\" loading=\"lazy\" decoding=\"async\" data-attachment-id=\"2267\" data-permalink=\"https:\/\/mundosemfim.com\/?attachment_id=2267\" data-orig-file=\"https:\/\/i0.wp.com\/mundosemfim.com\/wp-content\/uploads\/2016\/04\/p4150126.jpg?fit=1120%2C840&amp;ssl=1\" data-orig-size=\"1120,840\" data-comments-opened=\"1\" data-image-meta=\"{&quot;aperture&quot;:&quot;11&quot;,&quot;credit&quot;:&quot;&quot;,&quot;camera&quot;:&quot;TG-630&quot;,&quot;caption&quot;:&quot;OLYMPUS DIGITAL CAMERA&quot;,&quot;created_timestamp&quot;:&quot;1460728618&quot;,&quot;copyright&quot;:&quot;&quot;,&quot;focal_length&quot;:&quot;5&quot;,&quot;iso&quot;:&quot;100&quot;,&quot;shutter_speed&quot;:&quot;0.008&quot;,&quot;title&quot;:&quot;OLYMPUS DIGITAL CAMERA&quot;,&quot;orientation&quot;:&quot;1&quot;}\" data-image-title=\"OLYMPUS DIGITAL CAMERA\" data-image-description=\"\" data-image-caption=\"&lt;p&gt;Alugar uma van pode ser interessante para quem viaja com v\u00e1rios amigos&lt;\/p&gt;\n\" data-large-file=\"https:\/\/i0.wp.com\/mundosemfim.com\/wp-content\/uploads\/2016\/04\/p4150126.jpg?fit=764%2C573&amp;ssl=1\" class=\"wp-image-2267 size-full\" src=\"https:\/\/i0.wp.com\/mundosemfim.com\/wp-content\/uploads\/2016\/04\/p4150126.jpg?resize=764%2C573&#038;ssl=1\" alt=\"Mucuvinha em San Pedro de Atacama\" width=\"764\" height=\"573\" srcset=\"https:\/\/i0.wp.com\/mundosemfim.com\/wp-content\/uploads\/2016\/04\/p4150126.jpg?w=1120&amp;ssl=1 1120w, https:\/\/i0.wp.com\/mundosemfim.com\/wp-content\/uploads\/2016\/04\/p4150126.jpg?resize=300%2C225&amp;ssl=1 300w, https:\/\/i0.wp.com\/mundosemfim.com\/wp-content\/uploads\/2016\/04\/p4150126.jpg?resize=768%2C576&amp;ssl=1 768w, https:\/\/i0.wp.com\/mundosemfim.com\/wp-content\/uploads\/2016\/04\/p4150126.jpg?resize=1024%2C768&amp;ssl=1 1024w, https:\/\/i0.wp.com\/mundosemfim.com\/wp-content\/uploads\/2016\/04\/p4150126.jpg?resize=800%2C600&amp;ssl=1 800w\" sizes=\"auto, (max-width: 764px) 100vw, 764px\" \/><figcaption id=\"caption-attachment-2267\" class=\"wp-caption-text\">Alugar uma van pode ser interessante para quem viaja com v\u00e1rios amigos<\/figcaption><\/figure>\n<p>Uma van para 5 pessoas, por 4 dias, custava algo como 260 mil pesos (algo como 1400 reais).<\/p>\n<p>Se for alugar por l\u00e1, negocie para que incluam sacos de dormir ou cobertores de gra\u00e7a.<\/p>\n<h3><b>\u00c9 proibido dan\u00e7ar!<\/b><\/h3>\n<p>Pode parecer piada, mas \u00e9 verdade: existe uma lei municipal em San Pedro que pro\u00edbe dan\u00e7ar na cidade! Ningu\u00e9m nos soube explicar bem por qu\u00ea (uns dizem que \u00e9 para evitar que as pessoas passem mal pela altitude, outros que \u00e9 para que a cidade mantenha o foco no turismo ecol\u00f3gico&#8230;), mas \u00e9 fato que voc\u00ea n\u00e3o vai encontrar festas e baladas por l\u00e1. Mesmo nos restaurantes com m\u00fasica ao vivo, se voc\u00ea levantar e come\u00e7ar a dan\u00e7ar, algu\u00e9m vai pedir para voc\u00ea parar.<\/p>\n<p>Se quiser participar de festas em San Pedro, pergunte pelas festas clandestinas. \u00c9 comum o pessoal se organizar para fazer uma balada no meio do deserto, por exemplo. Apesar de ilegais, elas n\u00e3o representam nenhum perigo ao turista: se a pol\u00edcia aparecer, a festa vai acabar e os organizadores v\u00e3o ser multados. Os participantes da festa simplesmente ter\u00e3o que deixar o local e voltar para seus hot\u00e9is.<\/p>\n<h3><b>Os passeios<\/b><\/h3>\n<p>Beleza pessoal, agora vamos ao que realmente interessa: os passeios da regi\u00e3o!<\/p>\n<ul>\n<li>\n<h4><b><a href=\"https:\/\/mundosemfim.com\/conheca-o-geisers-el-tatio-o-passeio-mais-procurado-no-atacama\/\" target=\"_blank\" rel=\"noopener\">G\u00eaisers el Tatio<\/a><\/b><\/h4>\n<\/li>\n<\/ul>\n<p>Este \u00e9, na nossa opini\u00e3o, o melhor passeio de San Pedro. N\u00e3o que seja o mais bonito, mas ganha por ser diferente de tudo o que voc\u00ea j\u00e1 viu.<\/p>\n<figure id=\"attachment_1991\" aria-describedby=\"caption-attachment-1991\" style=\"width: 1080px\" class=\"wp-caption alignnone\"><img data-recalc-dims=\"1\" loading=\"lazy\" decoding=\"async\" data-attachment-id=\"1991\" data-permalink=\"https:\/\/mundosemfim.com\/?attachment_id=1991\" data-orig-file=\"https:\/\/i0.wp.com\/mundosemfim.com\/wp-content\/uploads\/2016\/04\/dsc_0026.jpg?fit=1080%2C720&amp;ssl=1\" data-orig-size=\"1080,720\" data-comments-opened=\"1\" data-image-meta=\"{&quot;aperture&quot;:&quot;13&quot;,&quot;credit&quot;:&quot;&quot;,&quot;camera&quot;:&quot;NIKON D5200&quot;,&quot;caption&quot;:&quot;&quot;,&quot;created_timestamp&quot;:&quot;1461054389&quot;,&quot;copyright&quot;:&quot;&quot;,&quot;focal_length&quot;:&quot;18&quot;,&quot;iso&quot;:&quot;400&quot;,&quot;shutter_speed&quot;:&quot;0.008&quot;,&quot;title&quot;:&quot;&quot;,&quot;orientation&quot;:&quot;1&quot;}\" data-image-title=\"DSC_0026\" data-image-description=\"\" data-image-caption=\"&lt;p&gt;G\u00eaisers el Tatio visto de cima&lt;\/p&gt;\n\" data-large-file=\"https:\/\/i0.wp.com\/mundosemfim.com\/wp-content\/uploads\/2016\/04\/dsc_0026.jpg?fit=764%2C510&amp;ssl=1\" class=\"wp-image-1991 size-full\" src=\"https:\/\/i0.wp.com\/mundosemfim.com\/wp-content\/uploads\/2016\/04\/dsc_0026.jpg?resize=764%2C509&#038;ssl=1\" alt=\"G\u00eaisers el Tatio, no Atacama\" width=\"764\" height=\"509\" srcset=\"https:\/\/i0.wp.com\/mundosemfim.com\/wp-content\/uploads\/2016\/04\/dsc_0026.jpg?w=1080&amp;ssl=1 1080w, https:\/\/i0.wp.com\/mundosemfim.com\/wp-content\/uploads\/2016\/04\/dsc_0026.jpg?resize=300%2C200&amp;ssl=1 300w, https:\/\/i0.wp.com\/mundosemfim.com\/wp-content\/uploads\/2016\/04\/dsc_0026.jpg?resize=768%2C512&amp;ssl=1 768w, https:\/\/i0.wp.com\/mundosemfim.com\/wp-content\/uploads\/2016\/04\/dsc_0026.jpg?resize=1024%2C683&amp;ssl=1 1024w\" sizes=\"auto, (max-width: 764px) 100vw, 764px\" \/><figcaption id=\"caption-attachment-1991\" class=\"wp-caption-text\">G\u00eaisers el Tatio visto de cima<\/figcaption><\/figure>\n<p>Leia nosso post completo sobre este passeio aqui:<\/p>\n<p><a href=\"https:\/\/mundosemfim.com\/conheca-o-geisers-el-tatio-o-passeio-mais-procurado-no-atacama\/\" target=\"_blank\" rel=\"noopener\">Conhe\u00e7a o Geisers el Tatio \u2013 o passeio mais procurado no Atacama!<\/a><\/p>\n<ul>\n<li>\n<h4><b><a href=\"https:\/\/mundosemfim.com\/fazendo-um-tour-pelo-salar-de-tara-no-atacama\/\" target=\"_blank\" rel=\"noopener\">Salar de Tara<\/a><\/b><\/h4>\n<\/li>\n<\/ul>\n<p>Depois dos g\u00eaiseres, este foi o passeio que mais gostamos. A beleza das forma\u00e7\u00f5es de pedra no meio do deserto deixam qualquer um de queixo ca\u00eddo.<\/p>\n<figure id=\"attachment_1684\" aria-describedby=\"caption-attachment-1684\" style=\"width: 1800px\" class=\"wp-caption alignnone\"><img data-recalc-dims=\"1\" loading=\"lazy\" decoding=\"async\" data-attachment-id=\"1684\" data-permalink=\"https:\/\/mundosemfim.com\/?attachment_id=1684\" data-orig-file=\"https:\/\/i0.wp.com\/mundosemfim.com\/wp-content\/uploads\/2016\/04\/dsc_0184.jpg?fit=1800%2C1200&amp;ssl=1\" data-orig-size=\"1800,1200\" data-comments-opened=\"1\" data-image-meta=\"{&quot;aperture&quot;:&quot;16&quot;,&quot;credit&quot;:&quot;&quot;,&quot;camera&quot;:&quot;NIKON D5200&quot;,&quot;caption&quot;:&quot;&quot;,&quot;created_timestamp&quot;:&quot;1460375396&quot;,&quot;copyright&quot;:&quot;&quot;,&quot;focal_length&quot;:&quot;18&quot;,&quot;iso&quot;:&quot;160&quot;,&quot;shutter_speed&quot;:&quot;0.005&quot;,&quot;title&quot;:&quot;&quot;,&quot;orientation&quot;:&quot;1&quot;}\" data-image-title=\"DSC_0184\" data-image-description=\"\" data-image-caption=\"&lt;p&gt;Michele observando o Salar de Tara e toda a beleza que o acompanha&lt;\/p&gt;\n\" data-large-file=\"https:\/\/i0.wp.com\/mundosemfim.com\/wp-content\/uploads\/2016\/04\/dsc_0184.jpg?fit=764%2C510&amp;ssl=1\" class=\"wp-image-1684 size-full\" src=\"https:\/\/i0.wp.com\/mundosemfim.com\/wp-content\/uploads\/2016\/04\/dsc_0184.jpg?resize=764%2C509&#038;ssl=1\" alt=\"Salar de Tara, Atacama\" width=\"764\" height=\"509\" srcset=\"https:\/\/i0.wp.com\/mundosemfim.com\/wp-content\/uploads\/2016\/04\/dsc_0184.jpg?w=1800&amp;ssl=1 1800w, https:\/\/i0.wp.com\/mundosemfim.com\/wp-content\/uploads\/2016\/04\/dsc_0184.jpg?resize=300%2C200&amp;ssl=1 300w, https:\/\/i0.wp.com\/mundosemfim.com\/wp-content\/uploads\/2016\/04\/dsc_0184.jpg?resize=768%2C512&amp;ssl=1 768w, https:\/\/i0.wp.com\/mundosemfim.com\/wp-content\/uploads\/2016\/04\/dsc_0184.jpg?resize=1024%2C683&amp;ssl=1 1024w, https:\/\/i0.wp.com\/mundosemfim.com\/wp-content\/uploads\/2016\/04\/dsc_0184.jpg?w=1528&amp;ssl=1 1528w\" sizes=\"auto, (max-width: 764px) 100vw, 764px\" \/><figcaption id=\"caption-attachment-1684\" class=\"wp-caption-text\">Michele observando o Salar de Tara e toda a beleza que o acompanha<\/figcaption><\/figure>\n<p>Este e um dos passeios mais caros, e por isso poucas pessoas fazem, mas vale cada centavo gasto!<\/p>\n<p>Leia tudo sobre este passeio aqui:<\/p>\n<p><a href=\"https:\/\/mundosemfim.com\/fazendo-um-tour-pelo-salar-de-tara-no-atacama\/\" target=\"_blank\" rel=\"noopener\">Fazendo um tour pelo Salar de Tara, no Atacama<\/a><\/p>\n<ul>\n<li>\n<h4><b><a href=\"https:\/\/mundosemfim.com\/conhecendo-o-valle-de-la-luna-e-valle-de-la-muerte-no-atacama\/\" target=\"_blank\" rel=\"noopener\">Valle de la Luna<\/a><\/b><\/h4>\n<\/li>\n<\/ul>\n<p>Outro passeio obrigat\u00f3rio para quem vai a San Pedro. Al\u00e9m de ser muito bonito, \u00e9 um dos tours mais baratos para se fazer por l\u00e1. Quem quiser economizar e tiver for\u00e7a nas pernas, pode faz\u00ea-lo de bicicleta (em torno de 6 mil pesos por dia).<\/p>\n<figure id=\"attachment_1576\" aria-describedby=\"caption-attachment-1576\" style=\"width: 1260px\" class=\"wp-caption alignnone\"><img data-recalc-dims=\"1\" loading=\"lazy\" decoding=\"async\" data-attachment-id=\"1576\" data-permalink=\"https:\/\/mundosemfim.com\/?attachment_id=1576\" data-orig-file=\"https:\/\/i0.wp.com\/mundosemfim.com\/wp-content\/uploads\/2016\/04\/dsc_0050.jpg?fit=1260%2C840&amp;ssl=1\" data-orig-size=\"1260,840\" data-comments-opened=\"1\" data-image-meta=\"{&quot;aperture&quot;:&quot;18&quot;,&quot;credit&quot;:&quot;&quot;,&quot;camera&quot;:&quot;NIKON D5200&quot;,&quot;caption&quot;:&quot;&quot;,&quot;created_timestamp&quot;:&quot;1460134601&quot;,&quot;copyright&quot;:&quot;&quot;,&quot;focal_length&quot;:&quot;18&quot;,&quot;iso&quot;:&quot;160&quot;,&quot;shutter_speed&quot;:&quot;0.008&quot;,&quot;title&quot;:&quot;&quot;,&quot;orientation&quot;:&quot;1&quot;}\" data-image-title=\"DSC_0050\" data-image-description=\"\" data-image-caption=\"&lt;p&gt;As forma\u00e7\u00f5es do Valle de la Luna, com partes cobertas de puro sal, deixa qualquer um de queixo ca\u00eddo&lt;\/p&gt;\n\" data-large-file=\"https:\/\/i0.wp.com\/mundosemfim.com\/wp-content\/uploads\/2016\/04\/dsc_0050.jpg?fit=764%2C510&amp;ssl=1\" class=\"wp-image-1576 size-full\" src=\"https:\/\/i0.wp.com\/mundosemfim.com\/wp-content\/uploads\/2016\/04\/dsc_0050.jpg?resize=764%2C509&#038;ssl=1\" alt=\"Vale da Lua, Atacama\" width=\"764\" height=\"509\" srcset=\"https:\/\/i0.wp.com\/mundosemfim.com\/wp-content\/uploads\/2016\/04\/dsc_0050.jpg?w=1260&amp;ssl=1 1260w, https:\/\/i0.wp.com\/mundosemfim.com\/wp-content\/uploads\/2016\/04\/dsc_0050.jpg?resize=300%2C200&amp;ssl=1 300w, https:\/\/i0.wp.com\/mundosemfim.com\/wp-content\/uploads\/2016\/04\/dsc_0050.jpg?resize=768%2C512&amp;ssl=1 768w, https:\/\/i0.wp.com\/mundosemfim.com\/wp-content\/uploads\/2016\/04\/dsc_0050.jpg?resize=1024%2C683&amp;ssl=1 1024w\" sizes=\"auto, (max-width: 764px) 100vw, 764px\" \/><figcaption id=\"caption-attachment-1576\" class=\"wp-caption-text\">As forma\u00e7\u00f5es do Valle de la Luna, com partes cobertas de puro sal, deixa qualquer um de queixo ca\u00eddo<\/figcaption><\/figure>\n<p>Leia nosso post sobre este lugar aqui:<\/p>\n<p><a href=\"https:\/\/mundosemfim.com\/conhecendo-o-valle-de-la-luna-e-valle-de-la-muerte-no-atacama\/\">Conhecendo o Valle de la Luna e Valle de la Muerte no Atacama<\/a><\/p>\n<ul>\n<li>\n<h4><b><a href=\"https:\/\/mundosemfim.com\/conhecendo-o-valle-de-la-luna-e-valle-de-la-muerte-no-atacama\/\" target=\"_blank\" rel=\"noopener\">Valle de la Muerte<\/a><\/b><\/h4>\n<\/li>\n<\/ul>\n<p>Vizinho do Valle de la Luna, em geral as ag\u00eancias levam aos dois lugares no mesmo tour. Se este n\u00e3o estiver inclu\u00eddo, procure outra ag\u00eancia.<\/p>\n<p>&nbsp;<\/p>\n<figure id=\"attachment_1582\" aria-describedby=\"caption-attachment-1582\" style=\"width: 1200px\" class=\"wp-caption alignnone\"><img data-recalc-dims=\"1\" loading=\"lazy\" decoding=\"async\" data-attachment-id=\"1582\" data-permalink=\"https:\/\/mundosemfim.com\/?attachment_id=1582\" data-orig-file=\"https:\/\/i0.wp.com\/mundosemfim.com\/wp-content\/uploads\/2016\/04\/dsc_0145.jpg?fit=1200%2C800&amp;ssl=1\" data-orig-size=\"1200,800\" data-comments-opened=\"1\" data-image-meta=\"{&quot;aperture&quot;:&quot;13&quot;,&quot;credit&quot;:&quot;&quot;,&quot;camera&quot;:&quot;NIKON D5200&quot;,&quot;caption&quot;:&quot;&quot;,&quot;created_timestamp&quot;:&quot;1460143254&quot;,&quot;copyright&quot;:&quot;&quot;,&quot;focal_length&quot;:&quot;18&quot;,&quot;iso&quot;:&quot;250&quot;,&quot;shutter_speed&quot;:&quot;0.033333333333333&quot;,&quot;title&quot;:&quot;&quot;,&quot;orientation&quot;:&quot;1&quot;}\" data-image-title=\"DSC_0145\" data-image-description=\"\" data-image-caption=\"&lt;p&gt;Mucuvinha esperando o p\u00f4r-do-sol no Valle de la Muerte&lt;\/p&gt;\n\" data-large-file=\"https:\/\/i0.wp.com\/mundosemfim.com\/wp-content\/uploads\/2016\/04\/dsc_0145.jpg?fit=764%2C510&amp;ssl=1\" class=\"wp-image-1582 size-full\" src=\"https:\/\/i0.wp.com\/mundosemfim.com\/wp-content\/uploads\/2016\/04\/dsc_0145.jpg?resize=764%2C509&#038;ssl=1\" alt=\"Mucuvinha no Valle de la Muerte, Atacama\" width=\"764\" height=\"509\" srcset=\"https:\/\/i0.wp.com\/mundosemfim.com\/wp-content\/uploads\/2016\/04\/dsc_0145.jpg?w=1200&amp;ssl=1 1200w, https:\/\/i0.wp.com\/mundosemfim.com\/wp-content\/uploads\/2016\/04\/dsc_0145.jpg?resize=300%2C200&amp;ssl=1 300w, https:\/\/i0.wp.com\/mundosemfim.com\/wp-content\/uploads\/2016\/04\/dsc_0145.jpg?resize=768%2C512&amp;ssl=1 768w, https:\/\/i0.wp.com\/mundosemfim.com\/wp-content\/uploads\/2016\/04\/dsc_0145.jpg?resize=1024%2C683&amp;ssl=1 1024w\" sizes=\"auto, (max-width: 764px) 100vw, 764px\" \/><figcaption id=\"caption-attachment-1582\" class=\"wp-caption-text\">Mucuvinha esperando o p\u00f4r-do-sol no Valle de la Muerte<\/figcaption><\/figure>\n<p>Quem quiser, pode ir de bicicleta facilmente. Uma coisa legal para se fazer \u00e9 alugar uma prancha de sandboard e &#8220;esquiar&#8221; em duas enormes dunas de areia.<\/p>\n<ul>\n<li>\n<h4><b><a href=\"https:\/\/mundosemfim.com\/piedras-rojas-e-lagunas-altiplanicas-um-dos-tours-mais-impressionantes-do-atacama\/\" target=\"_blank\" rel=\"noopener\">Piedras Rojas e Lagunas Altipl\u00e2nicas<\/a><\/b><\/h4>\n<\/li>\n<\/ul>\n<p>Outro tour muito bonito para se fazer em San Pedro, e que algumas pessoas deixam de fazer por ser mais caro. Verifique na ag\u00eancia se os dois destinos s\u00e3o inclu\u00eddos no passeio, pois eles s\u00e3o vizinhos e \u00e9 melhor conhecer os dois no mesmo passeio.<\/p>\n<figure id=\"attachment_1743\" aria-describedby=\"caption-attachment-1743\" style=\"width: 1120px\" class=\"wp-caption alignnone\"><img data-recalc-dims=\"1\" loading=\"lazy\" decoding=\"async\" data-attachment-id=\"1743\" data-permalink=\"https:\/\/mundosemfim.com\/?attachment_id=1743\" data-orig-file=\"https:\/\/i0.wp.com\/mundosemfim.com\/wp-content\/uploads\/2016\/04\/p4120036.jpg?fit=1120%2C840&amp;ssl=1\" data-orig-size=\"1120,840\" data-comments-opened=\"1\" data-image-meta=\"{&quot;aperture&quot;:&quot;3.9&quot;,&quot;credit&quot;:&quot;&quot;,&quot;camera&quot;:&quot;TG-630&quot;,&quot;caption&quot;:&quot;OLYMPUS DIGITAL CAMERA&quot;,&quot;created_timestamp&quot;:&quot;1460451110&quot;,&quot;copyright&quot;:&quot;&quot;,&quot;focal_length&quot;:&quot;5&quot;,&quot;iso&quot;:&quot;100&quot;,&quot;shutter_speed&quot;:&quot;0.0015625&quot;,&quot;title&quot;:&quot;OLYMPUS DIGITAL CAMERA&quot;,&quot;orientation&quot;:&quot;1&quot;}\" data-image-title=\"OLYMPUS DIGITAL CAMERA\" data-image-description=\"\" data-image-caption=\"&lt;p&gt;Sobre as Piedras Rojas, observando o bel\u00edssimo lago que as acompanham.&lt;\/p&gt;\n\" data-large-file=\"https:\/\/i0.wp.com\/mundosemfim.com\/wp-content\/uploads\/2016\/04\/p4120036.jpg?fit=764%2C573&amp;ssl=1\" class=\"wp-image-1743 size-full\" src=\"https:\/\/i0.wp.com\/mundosemfim.com\/wp-content\/uploads\/2016\/04\/p4120036.jpg?resize=764%2C573&#038;ssl=1\" alt=\"Piedras Rojas, no Atacama\" width=\"764\" height=\"573\" srcset=\"https:\/\/i0.wp.com\/mundosemfim.com\/wp-content\/uploads\/2016\/04\/p4120036.jpg?w=1120&amp;ssl=1 1120w, https:\/\/i0.wp.com\/mundosemfim.com\/wp-content\/uploads\/2016\/04\/p4120036.jpg?resize=300%2C225&amp;ssl=1 300w, https:\/\/i0.wp.com\/mundosemfim.com\/wp-content\/uploads\/2016\/04\/p4120036.jpg?resize=768%2C576&amp;ssl=1 768w, https:\/\/i0.wp.com\/mundosemfim.com\/wp-content\/uploads\/2016\/04\/p4120036.jpg?resize=1024%2C768&amp;ssl=1 1024w, https:\/\/i0.wp.com\/mundosemfim.com\/wp-content\/uploads\/2016\/04\/p4120036.jpg?resize=800%2C600&amp;ssl=1 800w\" sizes=\"auto, (max-width: 764px) 100vw, 764px\" \/><figcaption id=\"caption-attachment-1743\" class=\"wp-caption-text\">Sobre as Piedras Rojas, observando o bel\u00edssimo lago que as acompanham.<\/figcaption><\/figure>\n<p>Leia mais sobre nosso tour aqui:<\/p>\n<p><a href=\"https:\/\/mundosemfim.com\/piedras-rojas-e-lagunas-altiplanicas-um-dos-tours-mais-impressionantes-do-atacama\/\" target=\"_blank\" rel=\"noopener\">Piedras Rojas e Lagunas Altipl\u00e2nicas \u2013 um dos tours mais impressionantes do Atacama!<\/a><\/p>\n<ul>\n<li>\n<h4><b><a href=\"https:\/\/mundosemfim.com\/tours-no-atacama-venha-flutuar-na-laguna-cejar\/\" target=\"_blank\" rel=\"noopener\">Laguna Cejar<\/a><\/b><\/h4>\n<\/li>\n<\/ul>\n<p>Passeio imperd\u00edvel, n\u00e3o tanto pela beleza do lugar, mas sim por ser bem diferente de tudo o que voc\u00ea j\u00e1 viu: essa lagoa possui tanto sal que voc\u00ea n\u00e3o afunda! N\u00e3o importa se n\u00e3o sabe nadar, pode entrar sem problemas.<\/p>\n<figure id=\"attachment_1858\" aria-describedby=\"caption-attachment-1858\" style=\"width: 1280px\" class=\"wp-caption alignnone\"><img data-recalc-dims=\"1\" loading=\"lazy\" decoding=\"async\" data-attachment-id=\"1858\" data-permalink=\"https:\/\/mundosemfim.com\/?attachment_id=1858\" data-orig-file=\"https:\/\/i0.wp.com\/mundosemfim.com\/wp-content\/uploads\/2016\/04\/p4150150.jpg?fit=1280%2C960&amp;ssl=1\" data-orig-size=\"1280,960\" data-comments-opened=\"1\" data-image-meta=\"{&quot;aperture&quot;:&quot;13&quot;,&quot;credit&quot;:&quot;&quot;,&quot;camera&quot;:&quot;TG-630&quot;,&quot;caption&quot;:&quot;OLYMPUS DIGITAL CAMERA&quot;,&quot;created_timestamp&quot;:&quot;1460741226&quot;,&quot;copyright&quot;:&quot;&quot;,&quot;focal_length&quot;:&quot;15.06&quot;,&quot;iso&quot;:&quot;100&quot;,&quot;shutter_speed&quot;:&quot;0.00625&quot;,&quot;title&quot;:&quot;OLYMPUS DIGITAL CAMERA&quot;,&quot;orientation&quot;:&quot;1&quot;}\" data-image-title=\"OLYMPUS DIGITAL CAMERA\" data-image-description=\"\" data-image-caption=\"&lt;p&gt;Boiando na Laguna Piedras&lt;\/p&gt;\n\" data-large-file=\"https:\/\/i0.wp.com\/mundosemfim.com\/wp-content\/uploads\/2016\/04\/p4150150.jpg?fit=764%2C573&amp;ssl=1\" class=\"wp-image-1858 size-full\" src=\"https:\/\/i0.wp.com\/mundosemfim.com\/wp-content\/uploads\/2016\/04\/p4150150.jpg?resize=764%2C573&#038;ssl=1\" alt=\"Boiando na Laguna Piedras, perto da Laguna Cejar, Atacama\" width=\"764\" height=\"573\" srcset=\"https:\/\/i0.wp.com\/mundosemfim.com\/wp-content\/uploads\/2016\/04\/p4150150.jpg?w=1280&amp;ssl=1 1280w, https:\/\/i0.wp.com\/mundosemfim.com\/wp-content\/uploads\/2016\/04\/p4150150.jpg?resize=300%2C225&amp;ssl=1 300w, https:\/\/i0.wp.com\/mundosemfim.com\/wp-content\/uploads\/2016\/04\/p4150150.jpg?resize=768%2C576&amp;ssl=1 768w, https:\/\/i0.wp.com\/mundosemfim.com\/wp-content\/uploads\/2016\/04\/p4150150.jpg?resize=1024%2C768&amp;ssl=1 1024w, https:\/\/i0.wp.com\/mundosemfim.com\/wp-content\/uploads\/2016\/04\/p4150150.jpg?resize=800%2C600&amp;ssl=1 800w\" sizes=\"auto, (max-width: 764px) 100vw, 764px\" \/><figcaption id=\"caption-attachment-1858\" class=\"wp-caption-text\">Boiando na Laguna Piedras<\/figcaption><\/figure>\n<p>Ideal fazer este passeio em dias quentes, pois a \u00e1gua da lagoa \u00e9 fria.<\/p>\n<p>Este passeio sai caro: n\u00e3o tanto pelo valor cobrado pelas ag\u00eancias, mas pela entrada na reserva que \u00e9 absurda. Ainda assim, vale a pena!<\/p>\n<p>Leia mais sobre este passeio aqui:<\/p>\n<p><a href=\"https:\/\/mundosemfim.com\/tours-no-atacama-venha-flutuar-na-laguna-cejar\/\" target=\"_blank\" rel=\"noopener\">Tours no Atacama \u2013 Venha flutuar na Laguna Cejar!<\/a><\/p>\n<ul>\n<li>\n<h4><b>Lagunas Escondidas<\/b><\/h4>\n<\/li>\n<\/ul>\n<p>Alternativa mais barata que a Laguna Cejar. Antes pouco conhecida, come\u00e7ou a cair no gosto do p\u00fablico depois que come\u00e7aram a cobrar os absurdos 15 mil pesos para entrar na Cejar.<\/p>\n<p>N\u00e3o chegamos a ir l\u00e1, mas todos os que foram nos disseram que \u00e9 t\u00e3o interessante quanto a Laguna Cejar.<\/p>\n<p>Como ainda \u00e9 relativamente nova, poucas ag\u00eancias levam \u00e0s Escondidas.<\/p>\n<ul>\n<li>\n<h4><b><a href=\"https:\/\/mundosemfim.com\/termas-del-puritama-depois-de-tanto-esforco-pelo-atacama-que-tal-relaxar-o-corpo-em-aguas-termais\/\" target=\"_blank\" rel=\"noopener\">Termas de Puritama<\/a><\/b><\/h4>\n<\/li>\n<\/ul>\n<p>Passeio interessante para relaxar, depois de v\u00e1rios dias de passeios mais pesados.<\/p>\n<figure id=\"attachment_2014\" aria-describedby=\"caption-attachment-2014\" style=\"width: 1216px\" class=\"wp-caption alignnone\"><img data-recalc-dims=\"1\" loading=\"lazy\" decoding=\"async\" data-attachment-id=\"2014\" data-permalink=\"https:\/\/mundosemfim.com\/?attachment_id=2014\" data-orig-file=\"https:\/\/i0.wp.com\/mundosemfim.com\/wp-content\/uploads\/2016\/04\/p4140019.jpg?fit=1216%2C912&amp;ssl=1\" data-orig-size=\"1216,912\" data-comments-opened=\"1\" data-image-meta=\"{&quot;aperture&quot;:&quot;11&quot;,&quot;credit&quot;:&quot;&quot;,&quot;camera&quot;:&quot;TG-630&quot;,&quot;caption&quot;:&quot;OLYMPUS DIGITAL CAMERA&quot;,&quot;created_timestamp&quot;:&quot;1460626796&quot;,&quot;copyright&quot;:&quot;&quot;,&quot;focal_length&quot;:&quot;5&quot;,&quot;iso&quot;:&quot;100&quot;,&quot;shutter_speed&quot;:&quot;0.008&quot;,&quot;title&quot;:&quot;OLYMPUS DIGITAL CAMERA&quot;,&quot;orientation&quot;:&quot;1&quot;}\" data-image-title=\"OLYMPUS DIGITAL CAMERA\" data-image-description=\"\" data-image-caption=\"&lt;p&gt;Michele relaxando nas Termas del Puritama&lt;\/p&gt;\n\" data-large-file=\"https:\/\/i0.wp.com\/mundosemfim.com\/wp-content\/uploads\/2016\/04\/p4140019.jpg?fit=764%2C573&amp;ssl=1\" class=\"wp-image-2014 size-full\" src=\"https:\/\/i0.wp.com\/mundosemfim.com\/wp-content\/uploads\/2016\/04\/p4140019.jpg?resize=764%2C573&#038;ssl=1\" alt=\"Termas de Puritama, no Atacama\" width=\"764\" height=\"573\" srcset=\"https:\/\/i0.wp.com\/mundosemfim.com\/wp-content\/uploads\/2016\/04\/p4140019.jpg?w=1216&amp;ssl=1 1216w, https:\/\/i0.wp.com\/mundosemfim.com\/wp-content\/uploads\/2016\/04\/p4140019.jpg?resize=300%2C225&amp;ssl=1 300w, https:\/\/i0.wp.com\/mundosemfim.com\/wp-content\/uploads\/2016\/04\/p4140019.jpg?resize=768%2C576&amp;ssl=1 768w, https:\/\/i0.wp.com\/mundosemfim.com\/wp-content\/uploads\/2016\/04\/p4140019.jpg?resize=1024%2C768&amp;ssl=1 1024w, https:\/\/i0.wp.com\/mundosemfim.com\/wp-content\/uploads\/2016\/04\/p4140019.jpg?resize=800%2C600&amp;ssl=1 800w\" sizes=\"auto, (max-width: 764px) 100vw, 764px\" \/><figcaption id=\"caption-attachment-2014\" class=\"wp-caption-text\">Michele relaxando nas Termas del Puritama<\/figcaption><\/figure>\n<p>As termas de Puritama s\u00e3o um conjunto de piscinas com \u00e1guas cristalinas e naturalmente quentes. N\u00e3o h\u00e1 muito o que falar daqui: simplesmente aproveite para descansar.<\/p>\n<p>Leia mais sobre este passeio aqui:<\/p>\n<p><a href=\"https:\/\/mundosemfim.com\/termas-del-puritama-depois-de-tanto-esforco-pelo-atacama-que-tal-relaxar-o-corpo-em-aguas-termais\/\" target=\"_blank\" rel=\"noopener\">Termas del Puritama \u2013 depois de tanto esfor\u00e7o pelo Atacama, que tal relaxar o corpo em \u00e1guas termais?<\/a><\/p>\n<ul>\n<li>\n<h4><strong><a href=\"https:\/\/mundosemfim.com\/valle-del-arcoiris-um-passeio-encantador-e-pouco-conhecido-no-atacama\/\">Vale do Arco-\u00edris <\/a>e <a href=\"https:\/\/mundosemfim.com\/yerbas-buenas-um-passeio-arqueologico-no-atacama\/\" target=\"_blank\" rel=\"noopener\">Yerbas Buenas<\/a><\/strong><\/h4>\n<\/li>\n<\/ul>\n<figure id=\"attachment_1945\" aria-describedby=\"caption-attachment-1945\" style=\"width: 1216px\" class=\"wp-caption alignnone\"><img data-recalc-dims=\"1\" loading=\"lazy\" decoding=\"async\" data-attachment-id=\"1945\" data-permalink=\"https:\/\/mundosemfim.com\/?attachment_id=1945\" data-orig-file=\"https:\/\/i0.wp.com\/mundosemfim.com\/wp-content\/uploads\/2016\/04\/p4140095.jpg?fit=1216%2C912&amp;ssl=1\" data-orig-size=\"1216,912\" data-comments-opened=\"1\" data-image-meta=\"{&quot;aperture&quot;:&quot;4.6&quot;,&quot;credit&quot;:&quot;&quot;,&quot;camera&quot;:&quot;TG-630&quot;,&quot;caption&quot;:&quot;OLYMPUS DIGITAL CAMERA&quot;,&quot;created_timestamp&quot;:&quot;1460654547&quot;,&quot;copyright&quot;:&quot;&quot;,&quot;focal_length&quot;:&quot;16.1&quot;,&quot;iso&quot;:&quot;160&quot;,&quot;shutter_speed&quot;:&quot;0.00625&quot;,&quot;title&quot;:&quot;OLYMPUS DIGITAL CAMERA&quot;,&quot;orientation&quot;:&quot;1&quot;}\" data-image-title=\"OLYMPUS DIGITAL CAMERA\" data-image-description=\"\" data-image-caption=\"&lt;p&gt;Os distintos minerais d\u00e3o uma colora\u00e7\u00e3o especial aos cerros da regi\u00e3o.&lt;\/p&gt;\n\" data-large-file=\"https:\/\/i0.wp.com\/mundosemfim.com\/wp-content\/uploads\/2016\/04\/p4140095.jpg?fit=764%2C573&amp;ssl=1\" class=\"wp-image-1945 size-full\" src=\"https:\/\/i0.wp.com\/mundosemfim.com\/wp-content\/uploads\/2016\/04\/p4140095.jpg?resize=764%2C573&#038;ssl=1\" alt=\"Vale do Arco-\u00edris, no Atacama\" width=\"764\" height=\"573\" srcset=\"https:\/\/i0.wp.com\/mundosemfim.com\/wp-content\/uploads\/2016\/04\/p4140095.jpg?w=1216&amp;ssl=1 1216w, https:\/\/i0.wp.com\/mundosemfim.com\/wp-content\/uploads\/2016\/04\/p4140095.jpg?resize=300%2C225&amp;ssl=1 300w, https:\/\/i0.wp.com\/mundosemfim.com\/wp-content\/uploads\/2016\/04\/p4140095.jpg?resize=768%2C576&amp;ssl=1 768w, https:\/\/i0.wp.com\/mundosemfim.com\/wp-content\/uploads\/2016\/04\/p4140095.jpg?resize=1024%2C768&amp;ssl=1 1024w, https:\/\/i0.wp.com\/mundosemfim.com\/wp-content\/uploads\/2016\/04\/p4140095.jpg?resize=800%2C600&amp;ssl=1 800w\" sizes=\"auto, (max-width: 764px) 100vw, 764px\" \/><figcaption id=\"caption-attachment-1945\" class=\"wp-caption-text\">Os distintos minerais d\u00e3o uma colora\u00e7\u00e3o especial aos cerros da regi\u00e3o do Vale do Arco-\u00edris.<\/figcaption><\/figure>\n<p>Um dos passeios menos conhecidos do Atacama, mas ainda assim muito interessante: o Vale do arco-\u00edris \u00e9 um vale que tem este nome por conta das cores de suas pedras. Vizinho ao vale est\u00e1 a reserva Yerbas Buenas, com pinturas rupestres muito interessantes dos povos que\u00a0 viveram ali.<\/p>\n<figure id=\"attachment_1901\" aria-describedby=\"caption-attachment-1901\" style=\"width: 1080px\" class=\"wp-caption alignnone\"><img data-recalc-dims=\"1\" loading=\"lazy\" decoding=\"async\" data-attachment-id=\"1901\" data-permalink=\"https:\/\/mundosemfim.com\/?attachment_id=1901\" data-orig-file=\"https:\/\/i0.wp.com\/mundosemfim.com\/wp-content\/uploads\/2016\/04\/dsc_0118.jpg?fit=1080%2C720&amp;ssl=1\" data-orig-size=\"1080,720\" data-comments-opened=\"1\" data-image-meta=\"{&quot;aperture&quot;:&quot;13&quot;,&quot;credit&quot;:&quot;&quot;,&quot;camera&quot;:&quot;NIKON D5200&quot;,&quot;caption&quot;:&quot;&quot;,&quot;created_timestamp&quot;:&quot;1460659923&quot;,&quot;copyright&quot;:&quot;&quot;,&quot;focal_length&quot;:&quot;18&quot;,&quot;iso&quot;:&quot;400&quot;,&quot;shutter_speed&quot;:&quot;0.025&quot;,&quot;title&quot;:&quot;&quot;,&quot;orientation&quot;:&quot;1&quot;}\" data-image-title=\"DSC_0118\" data-image-description=\"\" data-image-caption=\"&lt;p&gt;Mucuvinha e o desenho dos lobos&lt;\/p&gt;\n\" data-large-file=\"https:\/\/i0.wp.com\/mundosemfim.com\/wp-content\/uploads\/2016\/04\/dsc_0118.jpg?fit=764%2C510&amp;ssl=1\" class=\"wp-image-1901 size-full\" src=\"https:\/\/i0.wp.com\/mundosemfim.com\/wp-content\/uploads\/2016\/04\/dsc_0118.jpg?resize=764%2C509&#038;ssl=1\" alt=\"Mucuvinha em Yerbas Buenas, Atacama\" width=\"764\" height=\"509\" srcset=\"https:\/\/i0.wp.com\/mundosemfim.com\/wp-content\/uploads\/2016\/04\/dsc_0118.jpg?w=1080&amp;ssl=1 1080w, https:\/\/i0.wp.com\/mundosemfim.com\/wp-content\/uploads\/2016\/04\/dsc_0118.jpg?resize=300%2C200&amp;ssl=1 300w, https:\/\/i0.wp.com\/mundosemfim.com\/wp-content\/uploads\/2016\/04\/dsc_0118.jpg?resize=768%2C512&amp;ssl=1 768w, https:\/\/i0.wp.com\/mundosemfim.com\/wp-content\/uploads\/2016\/04\/dsc_0118.jpg?resize=1024%2C683&amp;ssl=1 1024w\" sizes=\"auto, (max-width: 764px) 100vw, 764px\" \/><figcaption id=\"caption-attachment-1901\" class=\"wp-caption-text\">Mucuvinha e o desenho dos lobos em Yerbas Buenas<\/figcaption><\/figure>\n<p>Leia mais sobre estes passeios aqui:<\/p>\n<p><a href=\"https:\/\/mundosemfim.com\/valle-del-arcoiris-um-passeio-encantador-e-pouco-conhecido-no-atacama\/\" target=\"_blank\" rel=\"noopener\">Valle del Arco\u00edris \u2013 um passeio encantador e pouco conhecido no Atacama<\/a><\/p>\n<p><a href=\"https:\/\/mundosemfim.com\/yerbas-buenas-um-passeio-arqueologico-no-atacama\/\" target=\"_blank\" rel=\"noopener\">Yerbas Buenas \u2013 um passeio arqueol\u00f3gico no Atacama<\/a><\/p>\n<ul>\n<li>\n<h4><b>Tours astron\u00f4micos<\/b><\/h4>\n<\/li>\n<\/ul>\n<p>O c\u00e9u de San Pedro \u00e9 lindo pela noite. De fato, o Atacama \u00e9 um dos melhores lugares para se avistar estrelas. Por isso, h\u00e1 diversos tours para ver as estrelas, seja por telesc\u00f3pio ou a olho nu em algum ponto mais afastado da luz artificial.<\/p>\n<figure id=\"attachment_2298\" aria-describedby=\"caption-attachment-2298\" style=\"width: 960px\" class=\"wp-caption alignnone\"><img data-recalc-dims=\"1\" loading=\"lazy\" decoding=\"async\" data-attachment-id=\"2298\" data-permalink=\"https:\/\/mundosemfim.com\/?attachment_id=2298\" data-orig-file=\"https:\/\/i0.wp.com\/mundosemfim.com\/wp-content\/uploads\/2016\/04\/dsc_0056.jpg?fit=960%2C640&amp;ssl=1\" data-orig-size=\"960,640\" data-comments-opened=\"1\" data-image-meta=\"{&quot;aperture&quot;:&quot;5&quot;,&quot;credit&quot;:&quot;&quot;,&quot;camera&quot;:&quot;NIKON D5200&quot;,&quot;caption&quot;:&quot;&quot;,&quot;created_timestamp&quot;:&quot;1460338014&quot;,&quot;copyright&quot;:&quot;&quot;,&quot;focal_length&quot;:&quot;18&quot;,&quot;iso&quot;:&quot;4000&quot;,&quot;shutter_speed&quot;:&quot;25&quot;,&quot;title&quot;:&quot;&quot;,&quot;orientation&quot;:&quot;1&quot;}\" data-image-title=\"Atacama\" data-image-description=\"\" data-image-caption=\"&lt;p&gt;C\u00e9u estrelado no Atacama&lt;\/p&gt;\n\" data-large-file=\"https:\/\/i0.wp.com\/mundosemfim.com\/wp-content\/uploads\/2016\/04\/dsc_0056.jpg?fit=764%2C509&amp;ssl=1\" class=\"wp-image-2298 size-full\" src=\"https:\/\/i0.wp.com\/mundosemfim.com\/wp-content\/uploads\/2016\/04\/dsc_0056.jpg?resize=764%2C509&#038;ssl=1\" alt=\"Acampando no Deserto do Atacama\" width=\"764\" height=\"509\" srcset=\"https:\/\/i0.wp.com\/mundosemfim.com\/wp-content\/uploads\/2016\/04\/dsc_0056.jpg?w=960&amp;ssl=1 960w, https:\/\/i0.wp.com\/mundosemfim.com\/wp-content\/uploads\/2016\/04\/dsc_0056.jpg?resize=300%2C200&amp;ssl=1 300w, https:\/\/i0.wp.com\/mundosemfim.com\/wp-content\/uploads\/2016\/04\/dsc_0056.jpg?resize=768%2C512&amp;ssl=1 768w\" sizes=\"auto, (max-width: 764px) 100vw, 764px\" \/><figcaption id=\"caption-attachment-2298\" class=\"wp-caption-text\">C\u00e9u estrelado no Atacama<\/figcaption><\/figure>\n<p>Se quiser ver estrelas, por\u00e9m, recomendamos que v\u00e1 quando a lua estiver, no m\u00e1ximo, com a metade do tamanho. Mais que isso, a luz da lua ser\u00e1 muito forte, e voc\u00ea n\u00e3o ver\u00e1 um c\u00e9u muito diferente do que v\u00ea de alguma cidade grande do Brasil, por exemplo.<\/p>\n<p>As ag\u00eancias mais s\u00e9rias costumam n\u00e3o oferecer o tour em \u00e9pocas de lua cheia, mas uma ou outra pode tentar te convencer que com lua cheia \u00e9 ainda mais bonito. Tome cuidado.<\/p>\n<p>O tour geralmente vem junto com uma boa aula a respeito do cosmos, das gal\u00e1xias e da origem do universo.<\/p>\n<ul>\n<li>\n<h4><strong>ALMA<\/strong><\/h4>\n<\/li>\n<\/ul>\n<p>O ALMA \u00e9 o maior observat\u00f3rio espacial do mundo, e est\u00e1 localizado a poucos quil\u00f4metros de San Pedro de Atacama. A visita a ele \u00e9 gratuita (inclusive incluem o transporte), mas \u00e9 preciso reservar com anteced\u00eancia. N\u00f3s quer\u00edamos muito visit\u00e1-lo, mas s\u00f3 ficamos sabendo disso depois que as listas de espera estavam lotadas.<\/p>\n<p>Quem quiser visit\u00e1-lo, pode reservar com anteced\u00eancia pelo site:<\/p>\n<p><a href=\"http:\/\/almaobservatory.org\/en\/about-alma\/alma-public-visit\">http:\/\/almaobservatory.org\/en\/about-alma\/alma-public-visit<\/a><\/p>\n<ul>\n<li>\n<h4><b>Garganta del Diablo<\/b><\/h4>\n<\/li>\n<\/ul>\n<p>N\u00e3o fizemos, mas quem fez nos deu \u00f3timas refer\u00eancias.<\/p>\n<p>Para chegar \u00e0 Garganta del Diablo, o ideal \u00e9 alugar uma bicicleta e pedalar pouco mais de 40 minutos. L\u00e1, um labirinto de pedras vai te surpreender.<\/p>\n<p>Alternativa bem interessante (e econ\u00f4mica!) para aqueles dias que voc\u00ea n\u00e3o tiver nada para fazer.<\/p>\n<ul>\n<li>\n<h4><b><a href=\"https:\/\/mundosemfim.com\/salar-do-uyuni-tudo-o-que-voce-precisa-saber-para-fazer-um-dos-tours-mais-impressionantes-da-america-do-sul\/\" target=\"_blank\" rel=\"noopener\">Salar do Uyuni<\/a><\/b><\/h4>\n<\/li>\n<\/ul>\n<p>Ainda que este tour seja feito na Bol\u00edvia, \u00e9 poss\u00edvel contratar excurs\u00f5es de 4 dias a partir de San Pedro. Apesar de consumir um tempo relativamente alto, vale muito: cada dia \u00e9 uma surpresa nova.<\/p>\n<figure id=\"attachment_2102\" aria-describedby=\"caption-attachment-2102\" style=\"width: 1080px\" class=\"wp-caption alignnone\"><img data-recalc-dims=\"1\" loading=\"lazy\" decoding=\"async\" data-attachment-id=\"2102\" data-permalink=\"https:\/\/mundosemfim.com\/?attachment_id=2102\" data-orig-file=\"https:\/\/i0.wp.com\/mundosemfim.com\/wp-content\/uploads\/2016\/04\/dsc_0401.jpg?fit=1080%2C720&amp;ssl=1\" data-orig-size=\"1080,720\" data-comments-opened=\"1\" data-image-meta=\"{&quot;aperture&quot;:&quot;4.5&quot;,&quot;credit&quot;:&quot;&quot;,&quot;camera&quot;:&quot;NIKON D5200&quot;,&quot;caption&quot;:&quot;&quot;,&quot;created_timestamp&quot;:&quot;1461482623&quot;,&quot;copyright&quot;:&quot;&quot;,&quot;focal_length&quot;:&quot;18&quot;,&quot;iso&quot;:&quot;320&quot;,&quot;shutter_speed&quot;:&quot;0.5&quot;,&quot;title&quot;:&quot;&quot;,&quot;orientation&quot;:&quot;1&quot;}\" data-image-title=\"DSC_0401\" data-image-description=\"\" data-image-caption=\"&lt;p&gt;A lua ainda est\u00e1 no c\u00e9u, enquanto o sol nasce no Uyuni. O Mucuvinha foi bem abrigado, pois faz muito frio!&lt;\/p&gt;\n\" data-large-file=\"https:\/\/i0.wp.com\/mundosemfim.com\/wp-content\/uploads\/2016\/04\/dsc_0401.jpg?fit=764%2C510&amp;ssl=1\" class=\"wp-image-2102 size-full\" src=\"https:\/\/i0.wp.com\/mundosemfim.com\/wp-content\/uploads\/2016\/04\/dsc_0401.jpg?resize=764%2C509&#038;ssl=1\" alt=\"Mucuvinha no Salar do Uyuni\" width=\"764\" height=\"509\" srcset=\"https:\/\/i0.wp.com\/mundosemfim.com\/wp-content\/uploads\/2016\/04\/dsc_0401.jpg?w=1080&amp;ssl=1 1080w, https:\/\/i0.wp.com\/mundosemfim.com\/wp-content\/uploads\/2016\/04\/dsc_0401.jpg?resize=300%2C200&amp;ssl=1 300w, https:\/\/i0.wp.com\/mundosemfim.com\/wp-content\/uploads\/2016\/04\/dsc_0401.jpg?resize=768%2C512&amp;ssl=1 768w, https:\/\/i0.wp.com\/mundosemfim.com\/wp-content\/uploads\/2016\/04\/dsc_0401.jpg?resize=1024%2C683&amp;ssl=1 1024w\" sizes=\"auto, (max-width: 764px) 100vw, 764px\" \/><figcaption id=\"caption-attachment-2102\" class=\"wp-caption-text\">A lua ainda est\u00e1 no c\u00e9u, enquanto o sol nasce no Uyuni. O Mucuvinha foi bem abrigado, pois faz muito frio!<\/figcaption><\/figure>\n<p>Quando for para San Pedro, reserve uns dias extras para fazer este tour.<\/p>\n<p>Leia todas as dicas do Salar do Uyuni aqui:<\/p>\n<p><a href=\"https:\/\/mundosemfim.com\/salar-do-uyuni-tudo-o-que-voce-precisa-saber-para-fazer-um-dos-tours-mais-impressionantes-da-america-do-sul\/\" target=\"_blank\" rel=\"noopener\">Salar do Uyuni \u2013 tudo o que voc\u00ea precisa saber para fazer um dos tours mais impressionantes da Am\u00e9rica do Sul<\/a><\/p>\n<h3><b>Dicas<\/b><\/h3>\n<ul>\n<li>N\u00e3o leve reais para San Pedro, pois n\u00e3o valem nada por l\u00e1. Prefira d\u00f3lares ou usar cart\u00f5es.<\/li>\n<li>Fa\u00e7a os passeios mais leves nos primeiros dias, para ir se acostumando \u00e0 altitude.<\/li>\n<li>Tome muita \u00e1gua, ch\u00e1s de coca e de chachacoma para amenizar os problemas com o mal da altitude.<\/li>\n<li>Leve muita roupa de frio. N\u00e3o importa que o calor seja insuport\u00e1vel de dia: pela madrugada faz muito frio!<\/li>\n<li>Procure se hospedar pr\u00f3ximo \u00e0 rua Caracoles para estar mais perto das ag\u00eancias e restaurantes da cidade.<\/li>\n<li>N\u00e3o fa\u00e7a tours astron\u00f4micos com a lua cheia.<\/li>\n<li>Negocie bem o pre\u00e7o dos passeios, principalmente se for fechar todos em uma mesma ag\u00eancia.<\/li>\n<\/ul>\n<p>&nbsp;<\/p>\n<p>Gostaram das dicas pessoal? \ud83d\ude42<\/p>\n<p>Para mais dicas bacanas e acompanhar nossa viagem pelo mundo, curta nossas redes sociais:<\/p>\n<ul>\n<li><a href=\"https:\/\/www.youtube.com\/c\/MundoSemFim\/?sub_confirmation=1\"><strong>YouTube<\/strong><\/a><\/li>\n<li><a href=\"http:\/\/www.facebook.com\/mundosemfimoficial\"><strong>Facebook<\/strong><\/a><\/li>\n<li><strong>insta: @mundosf<\/strong><\/li>\n<\/ul>\n","protected":false},"excerpt":{"rendered":"<p>Um pequeno o\u00e1sis no meio do deserto mais \u00e1rido do mundo, rodeado por paisagens que parecem de outro planeta: assim \u00e9 San Pedro! Tivemos o privil\u00e9gio de passar 15 dias nesta linda cidade, e exploramos cada canto para compartilhar todas as dicas com voc\u00eas!<\/p>\n","protected":false},"author":1,"featured_media":2284,"comment_status":"open","ping_status":"open","sticky":false,"template":"","format":"standard","meta":{"jetpack_post_was_ever_published":false,"_jetpack_newsletter_access":"","_jetpack_dont_email_post_to_subs":true,"_jetpack_newsletter_tier_id":0,"_jetpack_memberships_contains_paywalled_content":false,"_jetpack_memberships_contains_paid_content":false,"footnotes":"","jetpack_publicize_message":"","jetpack_publicize_feature_enabled":true,"jetpack_social_post_already_shared":false,"jetpack_social_options":{"image_generator_settings":{"template":"highway","default_image_id":0,"font":"","enabled":false},"version":2}},"categories":[6,7,369,15,16,318,43],"tags":[191],"class_list":["post-2173","post","type-post","status-publish","format-standard","has-post-thumbnail","hentry","category-america-do-sul","category-america-latina","category-atacama","category-chile","category-cidade","category-deserto","category-natureza","tag-san-pedro-de-atacama"],"yoast_head":"<!-- This site is optimized with the Yoast SEO plugin v27.5 - https:\/\/yoast.com\/product\/yoast-seo-wordpress\/ -->\n<title>San Pedro de Atacama \u2013 tudo o que voc\u00ea precisa saber sobre este lugar incr\u00edvel! - Mundo Sem Fim<\/title>\n<meta name=\"robots\" content=\"index, follow, max-snippet:-1, max-image-preview:large, max-video-preview:-1\" \/>\n<link rel=\"canonical\" href=\"https:\/\/mundosemfim.com\/?p=2173\" \/>\n<meta property=\"og:locale\" content=\"pt_BR\" \/>\n<meta property=\"og:type\" content=\"article\" \/>\n<meta property=\"og:title\" content=\"San Pedro de Atacama \u2013 tudo o que voc\u00ea precisa saber sobre este lugar incr\u00edvel! - Mundo Sem Fim\" \/>\n<meta property=\"og:description\" content=\"Um pequeno o\u00e1sis no meio do deserto mais \u00e1rido do mundo, rodeado por paisagens que parecem de outro planeta: assim \u00e9 San Pedro! Tivemos o privil\u00e9gio de passar 15 dias nesta linda cidade, e exploramos cada canto para compartilhar todas as dicas com voc\u00eas!\" \/>\n<meta property=\"og:url\" content=\"https:\/\/mundosemfim.com\/?p=2173\" \/>\n<meta property=\"og:site_name\" content=\"Mundo Sem Fim\" \/>\n<meta property=\"article:publisher\" content=\"http:\/\/www.facebook.com\/mundosemfimoficial\" \/>\n<meta property=\"article:published_time\" content=\"2016-04-28T23:27:44+00:00\" \/>\n<meta property=\"article:modified_time\" content=\"2025-10-02T18:17:00+00:00\" \/>\n<meta property=\"og:image\" content=\"https:\/\/i0.wp.com\/mundosemfim.com\/wp-content\/uploads\/2016\/04\/dsc_0031.jpg?fit=960%2C640&ssl=1\" \/>\n\t<meta property=\"og:image:width\" content=\"960\" \/>\n\t<meta property=\"og:image:height\" content=\"640\" \/>\n\t<meta property=\"og:image:type\" content=\"image\/jpeg\" \/>\n<meta name=\"author\" content=\"Renan\" \/>\n<meta name=\"twitter:card\" content=\"summary_large_image\" \/>\n<meta name=\"twitter:label1\" content=\"Escrito por\" \/>\n\t<meta name=\"twitter:data1\" content=\"Renan\" \/>\n\t<meta name=\"twitter:label2\" content=\"Est. tempo de leitura\" \/>\n\t<meta name=\"twitter:data2\" content=\"24 minutos\" \/>\n<script type=\"application\/ld+json\" class=\"yoast-schema-graph\">{\"@context\":\"https:\\\/\\\/schema.org\",\"@graph\":[{\"@type\":\"Article\",\"@id\":\"https:\\\/\\\/mundosemfim.com\\\/?p=2173#article\",\"isPartOf\":{\"@id\":\"https:\\\/\\\/mundosemfim.com\\\/?p=2173\"},\"author\":{\"name\":\"Renan\",\"@id\":\"https:\\\/\\\/mundosemfim.com\\\/#\\\/schema\\\/person\\\/b021d50f3a19bae432e9b69ffbfa9257\"},\"headline\":\"San Pedro de Atacama \u2013 tudo o que voc\u00ea precisa saber sobre este lugar incr\u00edvel!\",\"datePublished\":\"2016-04-28T23:27:44+00:00\",\"dateModified\":\"2025-10-02T18:17:00+00:00\",\"mainEntityOfPage\":{\"@id\":\"https:\\\/\\\/mundosemfim.com\\\/?p=2173\"},\"wordCount\":3552,\"commentCount\":56,\"image\":{\"@id\":\"https:\\\/\\\/mundosemfim.com\\\/?p=2173#primaryimage\"},\"thumbnailUrl\":\"https:\\\/\\\/i0.wp.com\\\/mundosemfim.com\\\/wp-content\\\/uploads\\\/2016\\\/04\\\/dsc_0031.jpg?fit=960%2C640&ssl=1\",\"keywords\":[\"san pedro de atacama\"],\"articleSection\":[\"Am\u00e9rica do Sul\",\"am\u00e9rica latina\",\"Atacama\",\"Chile\",\"cidade\",\"deserto\",\"natureza\"],\"inLanguage\":\"pt-BR\",\"potentialAction\":[{\"@type\":\"CommentAction\",\"name\":\"Comment\",\"target\":[\"https:\\\/\\\/mundosemfim.com\\\/?p=2173#respond\"]}]},{\"@type\":\"WebPage\",\"@id\":\"https:\\\/\\\/mundosemfim.com\\\/?p=2173\",\"url\":\"https:\\\/\\\/mundosemfim.com\\\/?p=2173\",\"name\":\"San Pedro de Atacama \u2013 tudo o que voc\u00ea precisa saber sobre este lugar incr\u00edvel! - Mundo Sem Fim\",\"isPartOf\":{\"@id\":\"https:\\\/\\\/mundosemfim.com\\\/#website\"},\"primaryImageOfPage\":{\"@id\":\"https:\\\/\\\/mundosemfim.com\\\/?p=2173#primaryimage\"},\"image\":{\"@id\":\"https:\\\/\\\/mundosemfim.com\\\/?p=2173#primaryimage\"},\"thumbnailUrl\":\"https:\\\/\\\/i0.wp.com\\\/mundosemfim.com\\\/wp-content\\\/uploads\\\/2016\\\/04\\\/dsc_0031.jpg?fit=960%2C640&ssl=1\",\"datePublished\":\"2016-04-28T23:27:44+00:00\",\"dateModified\":\"2025-10-02T18:17:00+00:00\",\"author\":{\"@id\":\"https:\\\/\\\/mundosemfim.com\\\/#\\\/schema\\\/person\\\/b021d50f3a19bae432e9b69ffbfa9257\"},\"breadcrumb\":{\"@id\":\"https:\\\/\\\/mundosemfim.com\\\/?p=2173#breadcrumb\"},\"inLanguage\":\"pt-BR\",\"potentialAction\":[{\"@type\":\"ReadAction\",\"target\":[\"https:\\\/\\\/mundosemfim.com\\\/?p=2173\"]}]},{\"@type\":\"ImageObject\",\"inLanguage\":\"pt-BR\",\"@id\":\"https:\\\/\\\/mundosemfim.com\\\/?p=2173#primaryimage\",\"url\":\"https:\\\/\\\/i0.wp.com\\\/mundosemfim.com\\\/wp-content\\\/uploads\\\/2016\\\/04\\\/dsc_0031.jpg?fit=960%2C640&ssl=1\",\"contentUrl\":\"https:\\\/\\\/i0.wp.com\\\/mundosemfim.com\\\/wp-content\\\/uploads\\\/2016\\\/04\\\/dsc_0031.jpg?fit=960%2C640&ssl=1\",\"width\":960,\"height\":640,\"caption\":\"Pequena igreja de San Pedro de Atacama\"},{\"@type\":\"BreadcrumbList\",\"@id\":\"https:\\\/\\\/mundosemfim.com\\\/?p=2173#breadcrumb\",\"itemListElement\":[{\"@type\":\"ListItem\",\"position\":1,\"name\":\"In\u00edcio\",\"item\":\"https:\\\/\\\/mundosemfim.com\\\/\"},{\"@type\":\"ListItem\",\"position\":2,\"name\":\"San Pedro de Atacama \u2013 tudo o que voc\u00ea precisa saber sobre este lugar incr\u00edvel!\"}]},{\"@type\":\"WebSite\",\"@id\":\"https:\\\/\\\/mundosemfim.com\\\/#website\",\"url\":\"https:\\\/\\\/mundosemfim.com\\\/\",\"name\":\"Mundo Sem Fim\",\"description\":\"uma viagem de volta ao mundo pelos 5 continentes!\",\"potentialAction\":[{\"@type\":\"SearchAction\",\"target\":{\"@type\":\"EntryPoint\",\"urlTemplate\":\"https:\\\/\\\/mundosemfim.com\\\/?s={search_term_string}\"},\"query-input\":{\"@type\":\"PropertyValueSpecification\",\"valueRequired\":true,\"valueName\":\"search_term_string\"}}],\"inLanguage\":\"pt-BR\"},{\"@type\":\"Person\",\"@id\":\"https:\\\/\\\/mundosemfim.com\\\/#\\\/schema\\\/person\\\/b021d50f3a19bae432e9b69ffbfa9257\",\"name\":\"Renan\",\"image\":{\"@type\":\"ImageObject\",\"inLanguage\":\"pt-BR\",\"@id\":\"https:\\\/\\\/secure.gravatar.com\\\/avatar\\\/faafca769a603ac75196d21826f3bda645d7e2d6306bb6e236d8cdb38eb44e38?s=96&d=mm&r=g\",\"url\":\"https:\\\/\\\/secure.gravatar.com\\\/avatar\\\/faafca769a603ac75196d21826f3bda645d7e2d6306bb6e236d8cdb38eb44e38?s=96&d=mm&r=g\",\"contentUrl\":\"https:\\\/\\\/secure.gravatar.com\\\/avatar\\\/faafca769a603ac75196d21826f3bda645d7e2d6306bb6e236d8cdb38eb44e38?s=96&d=mm&r=g\",\"caption\":\"Renan\"}}]}<\/script>\n<!-- \/ Yoast SEO plugin. -->","yoast_head_json":{"title":"San Pedro de Atacama \u2013 tudo o que voc\u00ea precisa saber sobre este lugar incr\u00edvel! - Mundo Sem Fim","robots":{"index":"index","follow":"follow","max-snippet":"max-snippet:-1","max-image-preview":"max-image-preview:large","max-video-preview":"max-video-preview:-1"},"canonical":"https:\/\/mundosemfim.com\/?p=2173","og_locale":"pt_BR","og_type":"article","og_title":"San Pedro de Atacama \u2013 tudo o que voc\u00ea precisa saber sobre este lugar incr\u00edvel! - Mundo Sem Fim","og_description":"Um pequeno o\u00e1sis no meio do deserto mais \u00e1rido do mundo, rodeado por paisagens que parecem de outro planeta: assim \u00e9 San Pedro! Tivemos o privil\u00e9gio de passar 15 dias nesta linda cidade, e exploramos cada canto para compartilhar todas as dicas com voc\u00eas!","og_url":"https:\/\/mundosemfim.com\/?p=2173","og_site_name":"Mundo Sem Fim","article_publisher":"http:\/\/www.facebook.com\/mundosemfimoficial","article_published_time":"2016-04-28T23:27:44+00:00","article_modified_time":"2025-10-02T18:17:00+00:00","og_image":[{"width":960,"height":640,"url":"https:\/\/i0.wp.com\/mundosemfim.com\/wp-content\/uploads\/2016\/04\/dsc_0031.jpg?fit=960%2C640&ssl=1","type":"image\/jpeg"}],"author":"Renan","twitter_card":"summary_large_image","twitter_misc":{"Escrito por":"Renan","Est. tempo de leitura":"24 minutos"},"schema":{"@context":"https:\/\/schema.org","@graph":[{"@type":"Article","@id":"https:\/\/mundosemfim.com\/?p=2173#article","isPartOf":{"@id":"https:\/\/mundosemfim.com\/?p=2173"},"author":{"name":"Renan","@id":"https:\/\/mundosemfim.com\/#\/schema\/person\/b021d50f3a19bae432e9b69ffbfa9257"},"headline":"San Pedro de Atacama \u2013 tudo o que voc\u00ea precisa saber sobre este lugar incr\u00edvel!","datePublished":"2016-04-28T23:27:44+00:00","dateModified":"2025-10-02T18:17:00+00:00","mainEntityOfPage":{"@id":"https:\/\/mundosemfim.com\/?p=2173"},"wordCount":3552,"commentCount":56,"image":{"@id":"https:\/\/mundosemfim.com\/?p=2173#primaryimage"},"thumbnailUrl":"https:\/\/i0.wp.com\/mundosemfim.com\/wp-content\/uploads\/2016\/04\/dsc_0031.jpg?fit=960%2C640&ssl=1","keywords":["san pedro de atacama"],"articleSection":["Am\u00e9rica do Sul","am\u00e9rica latina","Atacama","Chile","cidade","deserto","natureza"],"inLanguage":"pt-BR","potentialAction":[{"@type":"CommentAction","name":"Comment","target":["https:\/\/mundosemfim.com\/?p=2173#respond"]}]},{"@type":"WebPage","@id":"https:\/\/mundosemfim.com\/?p=2173","url":"https:\/\/mundosemfim.com\/?p=2173","name":"San Pedro de Atacama \u2013 tudo o que voc\u00ea precisa saber sobre este lugar incr\u00edvel! - Mundo Sem Fim","isPartOf":{"@id":"https:\/\/mundosemfim.com\/#website"},"primaryImageOfPage":{"@id":"https:\/\/mundosemfim.com\/?p=2173#primaryimage"},"image":{"@id":"https:\/\/mundosemfim.com\/?p=2173#primaryimage"},"thumbnailUrl":"https:\/\/i0.wp.com\/mundosemfim.com\/wp-content\/uploads\/2016\/04\/dsc_0031.jpg?fit=960%2C640&ssl=1","datePublished":"2016-04-28T23:27:44+00:00","dateModified":"2025-10-02T18:17:00+00:00","author":{"@id":"https:\/\/mundosemfim.com\/#\/schema\/person\/b021d50f3a19bae432e9b69ffbfa9257"},"breadcrumb":{"@id":"https:\/\/mundosemfim.com\/?p=2173#breadcrumb"},"inLanguage":"pt-BR","potentialAction":[{"@type":"ReadAction","target":["https:\/\/mundosemfim.com\/?p=2173"]}]},{"@type":"ImageObject","inLanguage":"pt-BR","@id":"https:\/\/mundosemfim.com\/?p=2173#primaryimage","url":"https:\/\/i0.wp.com\/mundosemfim.com\/wp-content\/uploads\/2016\/04\/dsc_0031.jpg?fit=960%2C640&ssl=1","contentUrl":"https:\/\/i0.wp.com\/mundosemfim.com\/wp-content\/uploads\/2016\/04\/dsc_0031.jpg?fit=960%2C640&ssl=1","width":960,"height":640,"caption":"Pequena igreja de San Pedro de Atacama"},{"@type":"BreadcrumbList","@id":"https:\/\/mundosemfim.com\/?p=2173#breadcrumb","itemListElement":[{"@type":"ListItem","position":1,"name":"In\u00edcio","item":"https:\/\/mundosemfim.com\/"},{"@type":"ListItem","position":2,"name":"San Pedro de Atacama \u2013 tudo o que voc\u00ea precisa saber sobre este lugar incr\u00edvel!"}]},{"@type":"WebSite","@id":"https:\/\/mundosemfim.com\/#website","url":"https:\/\/mundosemfim.com\/","name":"Mundo Sem Fim","description":"uma viagem de volta ao mundo pelos 5 continentes!","potentialAction":[{"@type":"SearchAction","target":{"@type":"EntryPoint","urlTemplate":"https:\/\/mundosemfim.com\/?s={search_term_string}"},"query-input":{"@type":"PropertyValueSpecification","valueRequired":true,"valueName":"search_term_string"}}],"inLanguage":"pt-BR"},{"@type":"Person","@id":"https:\/\/mundosemfim.com\/#\/schema\/person\/b021d50f3a19bae432e9b69ffbfa9257","name":"Renan","image":{"@type":"ImageObject","inLanguage":"pt-BR","@id":"https:\/\/secure.gravatar.com\/avatar\/faafca769a603ac75196d21826f3bda645d7e2d6306bb6e236d8cdb38eb44e38?s=96&d=mm&r=g","url":"https:\/\/secure.gravatar.com\/avatar\/faafca769a603ac75196d21826f3bda645d7e2d6306bb6e236d8cdb38eb44e38?s=96&d=mm&r=g","contentUrl":"https:\/\/secure.gravatar.com\/avatar\/faafca769a603ac75196d21826f3bda645d7e2d6306bb6e236d8cdb38eb44e38?s=96&d=mm&r=g","caption":"Renan"}}]}},"jetpack_publicize_connections":[],"jetpack_featured_media_url":"https:\/\/i0.wp.com\/mundosemfim.com\/wp-content\/uploads\/2016\/04\/dsc_0031.jpg?fit=960%2C640&ssl=1","jetpack_sharing_enabled":true,"jetpack_shortlink":"https:\/\/wp.me\/p7CQyF-z3","jetpack-related-posts":[{"id":1870,"url":"https:\/\/mundosemfim.com\/?p=1870","url_meta":{"origin":2173,"position":0},"title":"Yerbas Buenas \u2013 um passeio arqueol\u00f3gico no Atacama","author":"Renan","date":"abril 20, 2016","format":false,"excerpt":"Cada dia nos surpreendemos mais aqui em San Pedro de Atacama. Desta vez, vamos contar como foi visitar este s\u00edtio arqueol\u00f3gico, com hier\u00f3glifos grafados por popula\u00e7\u00f5es que viveram aqui h\u00e1 mais de 10 mil anos atr\u00e1s! Refer\u00eancia (abril\/2016): 1 real = 185 pesos chilenos \u00a0 \"Hier\u00f3glifo ou hieroglifo \u00e9 cada\u2026","rel":"","context":"Em &quot;Am\u00e9rica do Sul&quot;","block_context":{"text":"Am\u00e9rica do Sul","link":"https:\/\/mundosemfim.com\/?cat=6"},"img":{"alt_text":"","src":"https:\/\/i0.wp.com\/mundosemfim.com\/wp-content\/uploads\/2016\/04\/dsc_0140.jpg?fit=1080%2C720&ssl=1&resize=350%2C200","width":350,"height":200,"srcset":"https:\/\/i0.wp.com\/mundosemfim.com\/wp-content\/uploads\/2016\/04\/dsc_0140.jpg?fit=1080%2C720&ssl=1&resize=350%2C200 1x, https:\/\/i0.wp.com\/mundosemfim.com\/wp-content\/uploads\/2016\/04\/dsc_0140.jpg?fit=1080%2C720&ssl=1&resize=525%2C300 1.5x, https:\/\/i0.wp.com\/mundosemfim.com\/wp-content\/uploads\/2016\/04\/dsc_0140.jpg?fit=1080%2C720&ssl=1&resize=700%2C400 2x, https:\/\/i0.wp.com\/mundosemfim.com\/wp-content\/uploads\/2016\/04\/dsc_0140.jpg?fit=1080%2C720&ssl=1&resize=1050%2C600 3x"},"classes":[]},{"id":1726,"url":"https:\/\/mundosemfim.com\/?p=1726","url_meta":{"origin":2173,"position":1},"title":"Piedras Rojas e Lagunas Altipl\u00e2nicas \u2013 um dos tours mais impressionantes do Atacama!","author":"Renan","date":"abril 16, 2016","format":false,"excerpt":"Seguindo nosso roteiro pelo Atacama, tivemos desta vez o privil\u00e9gio de conhecer as Piedras Rojas e as Lagunas Altipl\u00e2nicas, e vamos compartilhar com voc\u00eas todas as informa\u00e7\u00f5es deste passeio imperd\u00edvel! Refer\u00eancia 1 real \u2013 185 pesos chilenos (abril\/2016) \u00a0 Localizada a\u00a0cerca de 150km de San Pedro de Atacama, pr\u00f3ximo \u00e0\u2026","rel":"","context":"Em &quot;Am\u00e9rica do Sul&quot;","block_context":{"text":"Am\u00e9rica do Sul","link":"https:\/\/mundosemfim.com\/?cat=6"},"img":{"alt_text":"","src":"https:\/\/i0.wp.com\/mundosemfim.com\/wp-content\/uploads\/2016\/04\/dsc_0167.jpg?fit=1140%2C760&ssl=1&resize=350%2C200","width":350,"height":200,"srcset":"https:\/\/i0.wp.com\/mundosemfim.com\/wp-content\/uploads\/2016\/04\/dsc_0167.jpg?fit=1140%2C760&ssl=1&resize=350%2C200 1x, https:\/\/i0.wp.com\/mundosemfim.com\/wp-content\/uploads\/2016\/04\/dsc_0167.jpg?fit=1140%2C760&ssl=1&resize=525%2C300 1.5x, https:\/\/i0.wp.com\/mundosemfim.com\/wp-content\/uploads\/2016\/04\/dsc_0167.jpg?fit=1140%2C760&ssl=1&resize=700%2C400 2x, https:\/\/i0.wp.com\/mundosemfim.com\/wp-content\/uploads\/2016\/04\/dsc_0167.jpg?fit=1140%2C760&ssl=1&resize=1050%2C600 3x"},"classes":[]},{"id":1638,"url":"https:\/\/mundosemfim.com\/?p=1638","url_meta":{"origin":2173,"position":2},"title":"Salar de Tara &#8211; um dos tours mais bonitos do Atacama","author":"Renan","date":"abril 13, 2016","format":false,"excerpt":"Este foi nosso segundo tour partindo de San Pedro de Atacama e, temos que dizer, este lugar nos surpreende a cada dia! Aqui contamos um pouco como \u00e9 este tour imperd\u00edvel! Um pouco do lugar O Salar de Tara est\u00e1 localizado a cerca de 135km de San Pedro, bem pr\u00f3ximo\u2026","rel":"","context":"Em &quot;Am\u00e9rica do Sul&quot;","block_context":{"text":"Am\u00e9rica do Sul","link":"https:\/\/mundosemfim.com\/?cat=6"},"img":{"alt_text":"","src":"https:\/\/i0.wp.com\/mundosemfim.com\/wp-content\/uploads\/2016\/04\/dsc_0184.jpg?fit=1200%2C800&ssl=1&resize=350%2C200","width":350,"height":200,"srcset":"https:\/\/i0.wp.com\/mundosemfim.com\/wp-content\/uploads\/2016\/04\/dsc_0184.jpg?fit=1200%2C800&ssl=1&resize=350%2C200 1x, https:\/\/i0.wp.com\/mundosemfim.com\/wp-content\/uploads\/2016\/04\/dsc_0184.jpg?fit=1200%2C800&ssl=1&resize=525%2C300 1.5x, https:\/\/i0.wp.com\/mundosemfim.com\/wp-content\/uploads\/2016\/04\/dsc_0184.jpg?fit=1200%2C800&ssl=1&resize=700%2C400 2x, https:\/\/i0.wp.com\/mundosemfim.com\/wp-content\/uploads\/2016\/04\/dsc_0184.jpg?fit=1200%2C800&ssl=1&resize=1050%2C600 3x"},"classes":[]},{"id":1569,"url":"https:\/\/mundosemfim.com\/?p=1569","url_meta":{"origin":2173,"position":3},"title":"Conhecendo o Valle de la Luna e Valle de la Muerte no Atacama","author":"Renan","date":"abril 9, 2016","format":false,"excerpt":"Ol\u00e1 pessoal! Finalmente fizemos nosso primeiro passeio neste lugar incr\u00edvel chamado Atacama. O Valle de la Luna e Valle de la Muerte s\u00e3o dois lugares imperd\u00edveis para quem vier para c\u00e1, e aqui detalhamos como foi nosso passeio! Refer\u00eancia (abril\/2016) 1 real = 190 pesos chilenos Conhecendo um pouco do\u2026","rel":"","context":"Em &quot;Am\u00e9rica do Sul&quot;","block_context":{"text":"Am\u00e9rica do Sul","link":"https:\/\/mundosemfim.com\/?cat=6"},"img":{"alt_text":"","src":"https:\/\/i0.wp.com\/mundosemfim.com\/wp-content\/uploads\/2016\/04\/dsc_0051.jpg?fit=1200%2C540&ssl=1&resize=350%2C200","width":350,"height":200,"srcset":"https:\/\/i0.wp.com\/mundosemfim.com\/wp-content\/uploads\/2016\/04\/dsc_0051.jpg?fit=1200%2C540&ssl=1&resize=350%2C200 1x, https:\/\/i0.wp.com\/mundosemfim.com\/wp-content\/uploads\/2016\/04\/dsc_0051.jpg?fit=1200%2C540&ssl=1&resize=525%2C300 1.5x, https:\/\/i0.wp.com\/mundosemfim.com\/wp-content\/uploads\/2016\/04\/dsc_0051.jpg?fit=1200%2C540&ssl=1&resize=700%2C400 2x, https:\/\/i0.wp.com\/mundosemfim.com\/wp-content\/uploads\/2016\/04\/dsc_0051.jpg?fit=1200%2C540&ssl=1&resize=1050%2C600 3x"},"classes":[]},{"id":1915,"url":"https:\/\/mundosemfim.com\/?p=1915","url_meta":{"origin":2173,"position":4},"title":"Vale do arco-\u00edris \u2013 um passeio encantador e pouco conhecido no Atacama","author":"Renan","date":"abril 20, 2016","format":false,"excerpt":"Ainda pouco popular entre os viajantes que passeiam por San Pedro de Atacama, o Valle del Arco\u00edris encanta pela sua beleza e pela tranquilidade que reina no local. Venha conhec\u00ea-lo com a gente! Refer\u00eancia (abril\/2016) 1 real =185 pesos chilenos Como chegar O Valle del Arco\u00edris (ou Vale do Arco-\u00edris)\u2026","rel":"","context":"Em &quot;Am\u00e9rica do Sul&quot;","block_context":{"text":"Am\u00e9rica do Sul","link":"https:\/\/mundosemfim.com\/?cat=6"},"img":{"alt_text":"","src":"https:\/\/i0.wp.com\/mundosemfim.com\/wp-content\/uploads\/2016\/04\/dsc_00231.jpg?fit=1140%2C760&ssl=1&resize=350%2C200","width":350,"height":200,"srcset":"https:\/\/i0.wp.com\/mundosemfim.com\/wp-content\/uploads\/2016\/04\/dsc_00231.jpg?fit=1140%2C760&ssl=1&resize=350%2C200 1x, https:\/\/i0.wp.com\/mundosemfim.com\/wp-content\/uploads\/2016\/04\/dsc_00231.jpg?fit=1140%2C760&ssl=1&resize=525%2C300 1.5x, https:\/\/i0.wp.com\/mundosemfim.com\/wp-content\/uploads\/2016\/04\/dsc_00231.jpg?fit=1140%2C760&ssl=1&resize=700%2C400 2x, https:\/\/i0.wp.com\/mundosemfim.com\/wp-content\/uploads\/2016\/04\/dsc_00231.jpg?fit=1140%2C760&ssl=1&resize=1050%2C600 3x"},"classes":[]},{"id":1708,"url":"https:\/\/mundosemfim.com\/?p=1708","url_meta":{"origin":2173,"position":5},"title":"Lendas do Atacama \u2013 a hist\u00f3ria de amor dos vulc\u00f5es Licancabur e Quimal","author":"Renan","date":"abril 16, 2016","format":false,"excerpt":"As lendas dizem muito da cultura de um povo, e quem visitar San Pedro de Atacama n\u00e3o pode deixar de conhecer a lenda mais famosa da regi\u00e3o: o tri\u00e2ngulo amoroso entre os vulc\u00f5es Licancabur, Quimal e Juriques! Ao chegar em San Pedro de Atacama, voc\u00ea rapidamente vai aprender a identificar\u2026","rel":"","context":"Em &quot;Am\u00e9rica do Sul&quot;","block_context":{"text":"Am\u00e9rica do Sul","link":"https:\/\/mundosemfim.com\/?cat=6"},"img":{"alt_text":"","src":"https:\/\/i0.wp.com\/mundosemfim.com\/wp-content\/uploads\/2016\/04\/p4110143.jpg?fit=1200%2C900&ssl=1&resize=350%2C200","width":350,"height":200,"srcset":"https:\/\/i0.wp.com\/mundosemfim.com\/wp-content\/uploads\/2016\/04\/p4110143.jpg?fit=1200%2C900&ssl=1&resize=350%2C200 1x, https:\/\/i0.wp.com\/mundosemfim.com\/wp-content\/uploads\/2016\/04\/p4110143.jpg?fit=1200%2C900&ssl=1&resize=525%2C300 1.5x, https:\/\/i0.wp.com\/mundosemfim.com\/wp-content\/uploads\/2016\/04\/p4110143.jpg?fit=1200%2C900&ssl=1&resize=700%2C400 2x, https:\/\/i0.wp.com\/mundosemfim.com\/wp-content\/uploads\/2016\/04\/p4110143.jpg?fit=1200%2C900&ssl=1&resize=1050%2C600 3x"},"classes":[]}],"_links":{"self":[{"href":"https:\/\/mundosemfim.com\/index.php?rest_route=\/wp\/v2\/posts\/2173","targetHints":{"allow":["GET"]}}],"collection":[{"href":"https:\/\/mundosemfim.com\/index.php?rest_route=\/wp\/v2\/posts"}],"about":[{"href":"https:\/\/mundosemfim.com\/index.php?rest_route=\/wp\/v2\/types\/post"}],"author":[{"embeddable":true,"href":"https:\/\/mundosemfim.com\/index.php?rest_route=\/wp\/v2\/users\/1"}],"replies":[{"embeddable":true,"href":"https:\/\/mundosemfim.com\/index.php?rest_route=%2Fwp%2Fv2%2Fcomments&post=2173"}],"version-history":[{"count":7,"href":"https:\/\/mundosemfim.com\/index.php?rest_route=\/wp\/v2\/posts\/2173\/revisions"}],"predecessor-version":[{"id":9997,"href":"https:\/\/mundosemfim.com\/index.php?rest_route=\/wp\/v2\/posts\/2173\/revisions\/9997"}],"wp:featuredmedia":[{"embeddable":true,"href":"https:\/\/mundosemfim.com\/index.php?rest_route=\/wp\/v2\/media\/2284"}],"wp:attachment":[{"href":"https:\/\/mundosemfim.com\/index.php?rest_route=%2Fwp%2Fv2%2Fmedia&parent=2173"}],"wp:term":[{"taxonomy":"category","embeddable":true,"href":"https:\/\/mundosemfim.com\/index.php?rest_route=%2Fwp%2Fv2%2Fcategories&post=2173"},{"taxonomy":"post_tag","embeddable":true,"href":"https:\/\/mundosemfim.com\/index.php?rest_route=%2Fwp%2Fv2%2Ftags&post=2173"}],"curies":[{"name":"wp","href":"https:\/\/api.w.org\/{rel}","templated":true}]}}