{"id":2010,"date":"2016-04-21T13:36:35","date_gmt":"2016-04-21T16:36:35","guid":{"rendered":"https:\/\/mundosemfim.com\/?p=2010"},"modified":"2017-02-17T17:50:39","modified_gmt":"2017-02-17T19:50:39","slug":"termas-del-puritama-depois-de-tanto-esforco-pelo-atacama-que-tal-relaxar-o-corpo-em-aguas-termais","status":"publish","type":"post","link":"https:\/\/mundosemfim.com\/?p=2010","title":{"rendered":"Termas de Puritama \u2013 Um merecido descanso nas \u00e1guas termais do Atacama"},"content":{"rendered":"<p>V\u00e1rias piscinas naturais com \u00e1gua transparente, quente e uma linda paisagem ao seu redor. Consegue pensar em alguma maneira melhor para fechar o <a href=\"https:\/\/mundosemfim.com\/san-pedro-de-atacama-tudo-o-que-voce-precisa-saber-para-aproveitar-ao-maximo-este-lugar-incrivel\/\">Atacama<\/a> com chave de ouro? Aqui contamos como foi nosso dia de reis neste lindo lugar!<\/p>\n<p><!--more--><\/p>\n<p><b>Refer\u00eancia (abril\/2016)<br \/>\n<\/b>1 real = 185 pesos chilenos<\/p>\n<h3><b>As Termas del Puritama<\/b><\/h3>\n<p>Localizadas a cerca de 30km de <a href=\"https:\/\/mundosemfim.com\/san-pedro-de-atacama-tudo-o-que-voce-precisa-saber-para-aproveitar-ao-maximo-este-lugar-incrivel\/\">San Pedro de Atacama<\/a>, as Termas del Puritama s\u00e3o o passeio preferido para quem quer tirar um dia para relaxar no deserto do Atacama.<\/p>\n<p>Estas termas ficam localizadas dentro de uma propriedade particular, e contam com 9 piscinas naturais e algumas pequenas cachoeiras entre elas. A temperatura na primeira piscina costuma ficar em torno de 35\u00b0 (mesmo em dias frios), e vai baixando gradativamente para as pr\u00f3ximas piscinas.<\/p>\n<figure id=\"attachment_2018\" aria-describedby=\"caption-attachment-2018\" style=\"width: 1216px\" class=\"wp-caption alignnone\"><img data-recalc-dims=\"1\" loading=\"lazy\" decoding=\"async\" data-attachment-id=\"2018\" data-permalink=\"https:\/\/mundosemfim.com\/?attachment_id=2018\" data-orig-file=\"https:\/\/i0.wp.com\/mundosemfim.com\/wp-content\/uploads\/2016\/04\/p4140018.jpg?fit=1216%2C912&amp;ssl=1\" data-orig-size=\"1216,912\" data-comments-opened=\"1\" data-image-meta=\"{&quot;aperture&quot;:&quot;11&quot;,&quot;credit&quot;:&quot;&quot;,&quot;camera&quot;:&quot;TG-630&quot;,&quot;caption&quot;:&quot;OLYMPUS DIGITAL CAMERA&quot;,&quot;created_timestamp&quot;:&quot;1460626784&quot;,&quot;copyright&quot;:&quot;&quot;,&quot;focal_length&quot;:&quot;5&quot;,&quot;iso&quot;:&quot;100&quot;,&quot;shutter_speed&quot;:&quot;0.01&quot;,&quot;title&quot;:&quot;OLYMPUS DIGITAL CAMERA&quot;,&quot;orientation&quot;:&quot;1&quot;}\" data-image-title=\"OLYMPUS DIGITAL CAMERA\" data-image-description=\"\" data-image-caption=\"&lt;p&gt;Michele relaxando nas Termas de Puritama&lt;\/p&gt;\n\" data-large-file=\"https:\/\/i0.wp.com\/mundosemfim.com\/wp-content\/uploads\/2016\/04\/p4140018.jpg?fit=764%2C573&amp;ssl=1\" class=\"wp-image-2018 size-full\" src=\"https:\/\/i0.wp.com\/mundosemfim.com\/wp-content\/uploads\/2016\/04\/p4140018.jpg?resize=764%2C573&#038;ssl=1\" alt=\"Termas de Puritama\" width=\"764\" height=\"573\" srcset=\"https:\/\/i0.wp.com\/mundosemfim.com\/wp-content\/uploads\/2016\/04\/p4140018.jpg?w=1216&amp;ssl=1 1216w, https:\/\/i0.wp.com\/mundosemfim.com\/wp-content\/uploads\/2016\/04\/p4140018.jpg?resize=300%2C225&amp;ssl=1 300w, https:\/\/i0.wp.com\/mundosemfim.com\/wp-content\/uploads\/2016\/04\/p4140018.jpg?resize=768%2C576&amp;ssl=1 768w, https:\/\/i0.wp.com\/mundosemfim.com\/wp-content\/uploads\/2016\/04\/p4140018.jpg?resize=1024%2C768&amp;ssl=1 1024w, https:\/\/i0.wp.com\/mundosemfim.com\/wp-content\/uploads\/2016\/04\/p4140018.jpg?resize=800%2C600&amp;ssl=1 800w\" sizes=\"auto, (max-width: 764px) 100vw, 764px\" \/><figcaption id=\"caption-attachment-2018\" class=\"wp-caption-text\">Michele relaxando nas Termas de Puritama<\/figcaption><\/figure>\n<p>Al\u00e9m da \u00e1gua ser incrivelmente transparente, lindos ramos que parecem trigo e as pedras que comp\u00f5em o vale do local completam a beleza do cen\u00e1rio.<\/p>\n<figure id=\"attachment_2021\" aria-describedby=\"caption-attachment-2021\" style=\"width: 1216px\" class=\"wp-caption alignnone\"><img data-recalc-dims=\"1\" loading=\"lazy\" decoding=\"async\" data-attachment-id=\"2021\" data-permalink=\"https:\/\/mundosemfim.com\/?attachment_id=2021\" data-orig-file=\"https:\/\/i0.wp.com\/mundosemfim.com\/wp-content\/uploads\/2016\/04\/p4140030.jpg?fit=1216%2C912&amp;ssl=1\" data-orig-size=\"1216,912\" data-comments-opened=\"1\" data-image-meta=\"{&quot;aperture&quot;:&quot;3.9&quot;,&quot;credit&quot;:&quot;&quot;,&quot;camera&quot;:&quot;TG-630&quot;,&quot;caption&quot;:&quot;OLYMPUS DIGITAL CAMERA&quot;,&quot;created_timestamp&quot;:&quot;1460627662&quot;,&quot;copyright&quot;:&quot;&quot;,&quot;focal_length&quot;:&quot;5&quot;,&quot;iso&quot;:&quot;200&quot;,&quot;shutter_speed&quot;:&quot;0.033333333333333&quot;,&quot;title&quot;:&quot;OLYMPUS DIGITAL CAMERA&quot;,&quot;orientation&quot;:&quot;1&quot;}\" data-image-title=\"OLYMPUS DIGITAL CAMERA\" data-image-description=\"\" data-image-caption=\"&lt;p&gt;\u00c1gua quente e transparente. Precisa algo mais?&lt;\/p&gt;\n\" data-large-file=\"https:\/\/i0.wp.com\/mundosemfim.com\/wp-content\/uploads\/2016\/04\/p4140030.jpg?fit=764%2C573&amp;ssl=1\" class=\"wp-image-2021 size-full\" src=\"https:\/\/i0.wp.com\/mundosemfim.com\/wp-content\/uploads\/2016\/04\/p4140030.jpg?resize=764%2C573&#038;ssl=1\" alt=\"Mergulho nas Termas de Puritama\" width=\"764\" height=\"573\" srcset=\"https:\/\/i0.wp.com\/mundosemfim.com\/wp-content\/uploads\/2016\/04\/p4140030.jpg?w=1216&amp;ssl=1 1216w, https:\/\/i0.wp.com\/mundosemfim.com\/wp-content\/uploads\/2016\/04\/p4140030.jpg?resize=300%2C225&amp;ssl=1 300w, https:\/\/i0.wp.com\/mundosemfim.com\/wp-content\/uploads\/2016\/04\/p4140030.jpg?resize=768%2C576&amp;ssl=1 768w, https:\/\/i0.wp.com\/mundosemfim.com\/wp-content\/uploads\/2016\/04\/p4140030.jpg?resize=1024%2C768&amp;ssl=1 1024w, https:\/\/i0.wp.com\/mundosemfim.com\/wp-content\/uploads\/2016\/04\/p4140030.jpg?resize=800%2C600&amp;ssl=1 800w\" sizes=\"auto, (max-width: 764px) 100vw, 764px\" \/><figcaption id=\"caption-attachment-2021\" class=\"wp-caption-text\">\u00c1gua quente e transparente. Precisa algo mais?<\/figcaption><\/figure>\n<h3><b>Como chegar<\/b><\/h3>\n<p>Voc\u00ea pode chegar \u00e0s termas com seu ve\u00edculo particular (n\u00e3o precisa de 4&#215;4) ou atrav\u00e9s de excurs\u00e3o contratada em <a href=\"https:\/\/mundosemfim.com\/san-pedro-de-atacama-tudo-o-que-voce-precisa-saber-para-aproveitar-ao-maximo-este-lugar-incrivel\/\">San Pedro de Atacama<\/a>.<\/p>\n<figure id=\"attachment_2024\" aria-describedby=\"caption-attachment-2024\" style=\"width: 1080px\" class=\"wp-caption alignnone\"><img data-recalc-dims=\"1\" loading=\"lazy\" decoding=\"async\" data-attachment-id=\"2024\" data-permalink=\"https:\/\/mundosemfim.com\/?attachment_id=2024\" data-orig-file=\"https:\/\/i0.wp.com\/mundosemfim.com\/wp-content\/uploads\/2016\/04\/dsc_0007.jpg?fit=1080%2C720&amp;ssl=1\" data-orig-size=\"1080,720\" data-comments-opened=\"1\" data-image-meta=\"{&quot;aperture&quot;:&quot;18&quot;,&quot;credit&quot;:&quot;&quot;,&quot;camera&quot;:&quot;NIKON D5200&quot;,&quot;caption&quot;:&quot;&quot;,&quot;created_timestamp&quot;:&quot;1460640480&quot;,&quot;copyright&quot;:&quot;&quot;,&quot;focal_length&quot;:&quot;18&quot;,&quot;iso&quot;:&quot;200&quot;,&quot;shutter_speed&quot;:&quot;0.008&quot;,&quot;title&quot;:&quot;&quot;,&quot;orientation&quot;:&quot;1&quot;}\" data-image-title=\"DSC_0007\" data-image-description=\"&lt;p&gt;Termas de Puritama&lt;\/p&gt;\n\" data-image-caption=\"&lt;p&gt;A linda  vista do vale completa o cen\u00e1rio&lt;\/p&gt;\n\" data-large-file=\"https:\/\/i0.wp.com\/mundosemfim.com\/wp-content\/uploads\/2016\/04\/dsc_0007.jpg?fit=764%2C510&amp;ssl=1\" class=\"wp-image-2024 size-full\" src=\"https:\/\/i0.wp.com\/mundosemfim.com\/wp-content\/uploads\/2016\/04\/dsc_0007.jpg?resize=764%2C509&#038;ssl=1\" alt=\"Linda vista das Termas de Puritama\" width=\"764\" height=\"509\" srcset=\"https:\/\/i0.wp.com\/mundosemfim.com\/wp-content\/uploads\/2016\/04\/dsc_0007.jpg?w=1080&amp;ssl=1 1080w, https:\/\/i0.wp.com\/mundosemfim.com\/wp-content\/uploads\/2016\/04\/dsc_0007.jpg?resize=300%2C200&amp;ssl=1 300w, https:\/\/i0.wp.com\/mundosemfim.com\/wp-content\/uploads\/2016\/04\/dsc_0007.jpg?resize=768%2C512&amp;ssl=1 768w, https:\/\/i0.wp.com\/mundosemfim.com\/wp-content\/uploads\/2016\/04\/dsc_0007.jpg?resize=1024%2C683&amp;ssl=1 1024w\" sizes=\"auto, (max-width: 764px) 100vw, 764px\" \/><figcaption id=\"caption-attachment-2024\" class=\"wp-caption-text\">A linda vista do vale completa o cen\u00e1rio<\/figcaption><\/figure>\n<p>N\u00f3s fomos em parceria com a <a href=\"http:\/\/www.aylluatacama.com.br\" target=\"_blank\">Ayllu Atacama<\/a>, empresa que ofereceu um servi\u00e7o nota 10, com direito a um coquetel com vinho e ceviche. Ainda emprestam roup\u00f5es para voc\u00ea ficar tranquil\u00e3o quando sair da piscina.<\/p>\n<figure id=\"attachment_2046\" aria-describedby=\"caption-attachment-2046\" style=\"width: 1216px\" class=\"wp-caption alignnone\"><img data-recalc-dims=\"1\" loading=\"lazy\" decoding=\"async\" data-attachment-id=\"2046\" data-permalink=\"https:\/\/mundosemfim.com\/?attachment_id=2046\" data-orig-file=\"https:\/\/i0.wp.com\/mundosemfim.com\/wp-content\/uploads\/2016\/04\/p4140038.jpg?fit=1216%2C912&amp;ssl=1\" data-orig-size=\"1216,912\" data-comments-opened=\"1\" data-image-meta=\"{&quot;aperture&quot;:&quot;13&quot;,&quot;credit&quot;:&quot;&quot;,&quot;camera&quot;:&quot;TG-630&quot;,&quot;caption&quot;:&quot;OLYMPUS DIGITAL CAMERA&quot;,&quot;created_timestamp&quot;:&quot;1460629051&quot;,&quot;copyright&quot;:&quot;&quot;,&quot;focal_length&quot;:&quot;5.72&quot;,&quot;iso&quot;:&quot;100&quot;,&quot;shutter_speed&quot;:&quot;0.00625&quot;,&quot;title&quot;:&quot;OLYMPUS DIGITAL CAMERA&quot;,&quot;orientation&quot;:&quot;1&quot;}\" data-image-title=\"OLYMPUS DIGITAL CAMERA\" data-image-description=\"&lt;p&gt;Renan e Mucuvinha nas Termas de Puritama&lt;\/p&gt;\n\" data-image-caption=\"&lt;p&gt;Com direito a roup\u00e3o de banho, nosso dia foi 5 estrelas!&lt;\/p&gt;\n\" data-large-file=\"https:\/\/i0.wp.com\/mundosemfim.com\/wp-content\/uploads\/2016\/04\/p4140038.jpg?fit=764%2C573&amp;ssl=1\" class=\"wp-image-2046 size-full\" src=\"https:\/\/i0.wp.com\/mundosemfim.com\/wp-content\/uploads\/2016\/04\/p4140038.jpg?resize=764%2C573&#038;ssl=1\" alt=\"Termas de Puritama\" width=\"764\" height=\"573\" srcset=\"https:\/\/i0.wp.com\/mundosemfim.com\/wp-content\/uploads\/2016\/04\/p4140038.jpg?w=1216&amp;ssl=1 1216w, https:\/\/i0.wp.com\/mundosemfim.com\/wp-content\/uploads\/2016\/04\/p4140038.jpg?resize=300%2C225&amp;ssl=1 300w, https:\/\/i0.wp.com\/mundosemfim.com\/wp-content\/uploads\/2016\/04\/p4140038.jpg?resize=768%2C576&amp;ssl=1 768w, https:\/\/i0.wp.com\/mundosemfim.com\/wp-content\/uploads\/2016\/04\/p4140038.jpg?resize=1024%2C768&amp;ssl=1 1024w, https:\/\/i0.wp.com\/mundosemfim.com\/wp-content\/uploads\/2016\/04\/p4140038.jpg?resize=800%2C600&amp;ssl=1 800w\" sizes=\"auto, (max-width: 764px) 100vw, 764px\" \/><figcaption id=\"caption-attachment-2046\" class=\"wp-caption-text\">Com direito a roup\u00e3o de banho, nosso dia foi 5 estrelas!<\/figcaption><\/figure>\n<h3><b>Entradas<\/b><\/h3>\n<p>As entradas s\u00e3o caras: 15 mil pesos se for de manh\u00e3, ou 9 mil se for pela tarde.<\/p>\n<p>A justificativa da diferen\u00e7a \u00e9 que a tarde costuma ser mais cheio, e tamb\u00e9m a temperatura da \u00e1gua cai um pouco.<\/p>\n<figure id=\"attachment_2027\" aria-describedby=\"caption-attachment-2027\" style=\"width: 1216px\" class=\"wp-caption alignnone\"><img data-recalc-dims=\"1\" loading=\"lazy\" decoding=\"async\" data-attachment-id=\"2027\" data-permalink=\"https:\/\/mundosemfim.com\/?attachment_id=2027\" data-orig-file=\"https:\/\/i0.wp.com\/mundosemfim.com\/wp-content\/uploads\/2016\/04\/p4140046.jpg?fit=1216%2C912&amp;ssl=1\" data-orig-size=\"1216,912\" data-comments-opened=\"1\" data-image-meta=\"{&quot;aperture&quot;:&quot;5.9&quot;,&quot;credit&quot;:&quot;&quot;,&quot;camera&quot;:&quot;TG-630&quot;,&quot;caption&quot;:&quot;OLYMPUS DIGITAL CAMERA&quot;,&quot;created_timestamp&quot;:&quot;1460629259&quot;,&quot;copyright&quot;:&quot;&quot;,&quot;focal_length&quot;:&quot;14&quot;,&quot;iso&quot;:&quot;200&quot;,&quot;shutter_speed&quot;:&quot;0.008&quot;,&quot;title&quot;:&quot;OLYMPUS DIGITAL CAMERA&quot;,&quot;orientation&quot;:&quot;1&quot;}\" data-image-title=\"OLYMPUS DIGITAL CAMERA\" data-image-description=\"&lt;p&gt;Termas de Puritama&lt;\/p&gt;\n\" data-image-caption=\"&lt;p&gt;Aproveitando para ganhar uma massagem natural.&lt;\/p&gt;\n\" data-large-file=\"https:\/\/i0.wp.com\/mundosemfim.com\/wp-content\/uploads\/2016\/04\/p4140046.jpg?fit=764%2C573&amp;ssl=1\" class=\"wp-image-2027 size-full\" src=\"https:\/\/i0.wp.com\/mundosemfim.com\/wp-content\/uploads\/2016\/04\/p4140046.jpg?resize=764%2C573&#038;ssl=1\" alt=\"Termas de Puritama\" width=\"764\" height=\"573\" srcset=\"https:\/\/i0.wp.com\/mundosemfim.com\/wp-content\/uploads\/2016\/04\/p4140046.jpg?w=1216&amp;ssl=1 1216w, https:\/\/i0.wp.com\/mundosemfim.com\/wp-content\/uploads\/2016\/04\/p4140046.jpg?resize=300%2C225&amp;ssl=1 300w, https:\/\/i0.wp.com\/mundosemfim.com\/wp-content\/uploads\/2016\/04\/p4140046.jpg?resize=768%2C576&amp;ssl=1 768w, https:\/\/i0.wp.com\/mundosemfim.com\/wp-content\/uploads\/2016\/04\/p4140046.jpg?resize=1024%2C768&amp;ssl=1 1024w, https:\/\/i0.wp.com\/mundosemfim.com\/wp-content\/uploads\/2016\/04\/p4140046.jpg?resize=800%2C600&amp;ssl=1 800w\" sizes=\"auto, (max-width: 764px) 100vw, 764px\" \/><figcaption id=\"caption-attachment-2027\" class=\"wp-caption-text\">Aproveitando para ganhar uma massagem natural.<\/figcaption><\/figure>\n<h3><b>O que levar<\/b><\/h3>\n<p>Roupa de banho, chinelo, protetor solar, \u00f3culos de sol e chap\u00e9u. Se a ag\u00eancia n\u00e3o fornecer, leve toalha tamb\u00e9m.<\/p>\n<p>A temperatura por l\u00e1 costuma ser um pouco mais baixa que em San Pedro, portanto leve um casaco extra tamb\u00e9m.<\/p>\n<p>No mais, aproveite para relaxar!<\/p>\n<figure id=\"attachment_2036\" aria-describedby=\"caption-attachment-2036\" style=\"width: 1216px\" class=\"wp-caption alignnone\"><img data-recalc-dims=\"1\" loading=\"lazy\" decoding=\"async\" data-attachment-id=\"2036\" data-permalink=\"https:\/\/mundosemfim.com\/?attachment_id=2036\" data-orig-file=\"https:\/\/i0.wp.com\/mundosemfim.com\/wp-content\/uploads\/2016\/04\/p4140033.jpg?fit=1216%2C912&amp;ssl=1\" data-orig-size=\"1216,912\" data-comments-opened=\"1\" data-image-meta=\"{&quot;aperture&quot;:&quot;11&quot;,&quot;credit&quot;:&quot;&quot;,&quot;camera&quot;:&quot;TG-630&quot;,&quot;caption&quot;:&quot;OLYMPUS DIGITAL CAMERA&quot;,&quot;created_timestamp&quot;:&quot;1460628536&quot;,&quot;copyright&quot;:&quot;&quot;,&quot;focal_length&quot;:&quot;5&quot;,&quot;iso&quot;:&quot;100&quot;,&quot;shutter_speed&quot;:&quot;0.005&quot;,&quot;title&quot;:&quot;OLYMPUS DIGITAL CAMERA&quot;,&quot;orientation&quot;:&quot;1&quot;}\" data-image-title=\"OLYMPUS DIGITAL CAMERA\" data-image-description=\"&lt;p&gt;Termas de Puritama&lt;\/p&gt;\n\" data-image-caption=\"&lt;p&gt;Esta planta t\u00edpica, que parece um trigo gigante, deixa o lugar ainda mais bonito.&lt;\/p&gt;\n\" data-large-file=\"https:\/\/i0.wp.com\/mundosemfim.com\/wp-content\/uploads\/2016\/04\/p4140033.jpg?fit=764%2C573&amp;ssl=1\" class=\"wp-image-2036 size-full\" src=\"https:\/\/i0.wp.com\/mundosemfim.com\/wp-content\/uploads\/2016\/04\/p4140033.jpg?resize=764%2C573&#038;ssl=1\" alt=\"Termas de Puritama\" width=\"764\" height=\"573\" srcset=\"https:\/\/i0.wp.com\/mundosemfim.com\/wp-content\/uploads\/2016\/04\/p4140033.jpg?w=1216&amp;ssl=1 1216w, https:\/\/i0.wp.com\/mundosemfim.com\/wp-content\/uploads\/2016\/04\/p4140033.jpg?resize=300%2C225&amp;ssl=1 300w, https:\/\/i0.wp.com\/mundosemfim.com\/wp-content\/uploads\/2016\/04\/p4140033.jpg?resize=768%2C576&amp;ssl=1 768w, https:\/\/i0.wp.com\/mundosemfim.com\/wp-content\/uploads\/2016\/04\/p4140033.jpg?resize=1024%2C768&amp;ssl=1 1024w, https:\/\/i0.wp.com\/mundosemfim.com\/wp-content\/uploads\/2016\/04\/p4140033.jpg?resize=800%2C600&amp;ssl=1 800w\" sizes=\"auto, (max-width: 764px) 100vw, 764px\" \/><figcaption id=\"caption-attachment-2036\" class=\"wp-caption-text\">Esta planta t\u00edpica, que parece um trigo gigante, deixa o lugar ainda mais bonito.<\/figcaption><\/figure>\n<h3><b>Nosso tour<\/b><\/h3>\n<p>Sa\u00edmos de San Pedro pouco antes das 9h da manh\u00e3 da sede da <a href=\"http:\/\/www.aylluatacama.com.br\" target=\"_blank\">Ayllu <\/a>e fomos buscando nos hot\u00e9is as outras pessoas que fariam parte do passeio.<\/p>\n<p>Fomos somente n\u00f3s, um outro casal e duas amigas (todos brasileiros), al\u00e9m de nosso guia Mike e Miguel, nosso cozinheiro.<\/p>\n<figure id=\"attachment_2033\" aria-describedby=\"caption-attachment-2033\" style=\"width: 1216px\" class=\"wp-caption alignnone\"><img data-recalc-dims=\"1\" loading=\"lazy\" decoding=\"async\" data-attachment-id=\"2033\" data-permalink=\"https:\/\/mundosemfim.com\/?attachment_id=2033\" data-orig-file=\"https:\/\/i0.wp.com\/mundosemfim.com\/wp-content\/uploads\/2016\/04\/p4140058.jpg?fit=1216%2C912&amp;ssl=1\" data-orig-size=\"1216,912\" data-comments-opened=\"1\" data-image-meta=\"{&quot;aperture&quot;:&quot;5.2&quot;,&quot;credit&quot;:&quot;&quot;,&quot;camera&quot;:&quot;TG-630&quot;,&quot;caption&quot;:&quot;OLYMPUS DIGITAL CAMERA&quot;,&quot;created_timestamp&quot;:&quot;1460633390&quot;,&quot;copyright&quot;:&quot;&quot;,&quot;focal_length&quot;:&quot;19.85&quot;,&quot;iso&quot;:&quot;100&quot;,&quot;shutter_speed&quot;:&quot;0.002&quot;,&quot;title&quot;:&quot;OLYMPUS DIGITAL CAMERA&quot;,&quot;orientation&quot;:&quot;1&quot;}\" data-image-title=\"OLYMPUS DIGITAL CAMERA\" data-image-description=\"&lt;p&gt;Termas de Puritama&lt;\/p&gt;\n\" data-image-caption=\"&lt;p&gt;Miguel preparando nosso coquetel neste lugar incr\u00edvel.&lt;\/p&gt;\n\" data-large-file=\"https:\/\/i0.wp.com\/mundosemfim.com\/wp-content\/uploads\/2016\/04\/p4140058.jpg?fit=764%2C573&amp;ssl=1\" class=\"wp-image-2033 size-full\" src=\"https:\/\/i0.wp.com\/mundosemfim.com\/wp-content\/uploads\/2016\/04\/p4140058.jpg?resize=764%2C573&#038;ssl=1\" alt=\"Coquetel nas Termas de Puritama\" width=\"764\" height=\"573\" srcset=\"https:\/\/i0.wp.com\/mundosemfim.com\/wp-content\/uploads\/2016\/04\/p4140058.jpg?w=1216&amp;ssl=1 1216w, https:\/\/i0.wp.com\/mundosemfim.com\/wp-content\/uploads\/2016\/04\/p4140058.jpg?resize=300%2C225&amp;ssl=1 300w, https:\/\/i0.wp.com\/mundosemfim.com\/wp-content\/uploads\/2016\/04\/p4140058.jpg?resize=768%2C576&amp;ssl=1 768w, https:\/\/i0.wp.com\/mundosemfim.com\/wp-content\/uploads\/2016\/04\/p4140058.jpg?resize=1024%2C768&amp;ssl=1 1024w, https:\/\/i0.wp.com\/mundosemfim.com\/wp-content\/uploads\/2016\/04\/p4140058.jpg?resize=800%2C600&amp;ssl=1 800w\" sizes=\"auto, (max-width: 764px) 100vw, 764px\" \/><figcaption id=\"caption-attachment-2033\" class=\"wp-caption-text\">Miguel preparando nosso coquetel neste lugar incr\u00edvel.<\/figcaption><\/figure>\n<p>Chegamos em Puritama pouco depois das 9h30min, pegamos nossos roup\u00f5es e fomos para as piscinas termais. Para nossa sorte, o lugar estava vazio e todos do nosso grupo eram bem simp\u00e1ticos, o que colaborou para que nosso passeio fosse ainda mais legal.<\/p>\n<p>No mais, aproveitamos as piscinas para relaxar.<\/p>\n<p>Por volta das 11h30min, foi servido um coquetel com direito a ceviche e vinho. Colocamos nossos roup\u00f5es, comemos e depois voltamos para a piscina.<\/p>\n<figure id=\"attachment_2030\" aria-describedby=\"caption-attachment-2030\" style=\"width: 1216px\" class=\"wp-caption alignnone\"><img data-recalc-dims=\"1\" loading=\"lazy\" decoding=\"async\" data-attachment-id=\"2030\" data-permalink=\"https:\/\/mundosemfim.com\/?attachment_id=2030\" data-orig-file=\"https:\/\/i0.wp.com\/mundosemfim.com\/wp-content\/uploads\/2016\/04\/p4140077.jpg?fit=1216%2C912&amp;ssl=1\" data-orig-size=\"1216,912\" data-comments-opened=\"1\" data-image-meta=\"{&quot;aperture&quot;:&quot;11&quot;,&quot;credit&quot;:&quot;&quot;,&quot;camera&quot;:&quot;TG-630&quot;,&quot;caption&quot;:&quot;OLYMPUS DIGITAL CAMERA&quot;,&quot;created_timestamp&quot;:&quot;1460635030&quot;,&quot;copyright&quot;:&quot;&quot;,&quot;focal_length&quot;:&quot;5&quot;,&quot;iso&quot;:&quot;100&quot;,&quot;shutter_speed&quot;:&quot;0.008&quot;,&quot;title&quot;:&quot;OLYMPUS DIGITAL CAMERA&quot;,&quot;orientation&quot;:&quot;1&quot;}\" data-image-title=\"OLYMPUS DIGITAL CAMERA\" data-image-description=\"&lt;p&gt;Termas de Puritama&lt;\/p&gt;\n\" data-image-caption=\"&lt;p&gt;Fazia tempo que n\u00e3o viv\u00edamos tanto luxo assim!&lt;\/p&gt;\n\" data-large-file=\"https:\/\/i0.wp.com\/mundosemfim.com\/wp-content\/uploads\/2016\/04\/p4140077.jpg?fit=764%2C573&amp;ssl=1\" class=\"wp-image-2030 size-full\" src=\"https:\/\/i0.wp.com\/mundosemfim.com\/wp-content\/uploads\/2016\/04\/p4140077.jpg?resize=764%2C573&#038;ssl=1\" alt=\"Termas de Puritama\" width=\"764\" height=\"573\" srcset=\"https:\/\/i0.wp.com\/mundosemfim.com\/wp-content\/uploads\/2016\/04\/p4140077.jpg?w=1216&amp;ssl=1 1216w, https:\/\/i0.wp.com\/mundosemfim.com\/wp-content\/uploads\/2016\/04\/p4140077.jpg?resize=300%2C225&amp;ssl=1 300w, https:\/\/i0.wp.com\/mundosemfim.com\/wp-content\/uploads\/2016\/04\/p4140077.jpg?resize=768%2C576&amp;ssl=1 768w, https:\/\/i0.wp.com\/mundosemfim.com\/wp-content\/uploads\/2016\/04\/p4140077.jpg?resize=1024%2C768&amp;ssl=1 1024w, https:\/\/i0.wp.com\/mundosemfim.com\/wp-content\/uploads\/2016\/04\/p4140077.jpg?resize=800%2C600&amp;ssl=1 800w\" sizes=\"auto, (max-width: 764px) 100vw, 764px\" \/><figcaption id=\"caption-attachment-2030\" class=\"wp-caption-text\">Fazia tempo que n\u00e3o viv\u00edamos tanto luxo assim!<\/figcaption><\/figure>\n<p>Fomos embora para San Pedro por volta das 13h, revigorados!<\/p>\n<figure id=\"attachment_2039\" aria-describedby=\"caption-attachment-2039\" style=\"width: 1020px\" class=\"wp-caption alignnone\"><img data-recalc-dims=\"1\" loading=\"lazy\" decoding=\"async\" data-attachment-id=\"2039\" data-permalink=\"https:\/\/mundosemfim.com\/?attachment_id=2039\" data-orig-file=\"https:\/\/i0.wp.com\/mundosemfim.com\/wp-content\/uploads\/2016\/04\/dsc_0004.jpg?fit=1020%2C680&amp;ssl=1\" data-orig-size=\"1020,680\" data-comments-opened=\"1\" data-image-meta=\"{&quot;aperture&quot;:&quot;18&quot;,&quot;credit&quot;:&quot;&quot;,&quot;camera&quot;:&quot;NIKON D5200&quot;,&quot;caption&quot;:&quot;&quot;,&quot;created_timestamp&quot;:&quot;1460640059&quot;,&quot;copyright&quot;:&quot;&quot;,&quot;focal_length&quot;:&quot;18&quot;,&quot;iso&quot;:&quot;200&quot;,&quot;shutter_speed&quot;:&quot;0.016666666666667&quot;,&quot;title&quot;:&quot;&quot;,&quot;orientation&quot;:&quot;1&quot;}\" data-image-title=\"DSC_0004\" data-image-description=\"&lt;p&gt;Mucuvinha nas Termas de Puritama&lt;\/p&gt;\n\" data-image-caption=\"&lt;p&gt;Como o Mucuvinha n\u00e3o gosta de tomar banho, ficou admirando tudo do lado de fora mesmo!&lt;\/p&gt;\n\" data-large-file=\"https:\/\/i0.wp.com\/mundosemfim.com\/wp-content\/uploads\/2016\/04\/dsc_0004.jpg?fit=764%2C509&amp;ssl=1\" class=\"wp-image-2039 size-full\" src=\"https:\/\/i0.wp.com\/mundosemfim.com\/wp-content\/uploads\/2016\/04\/dsc_0004.jpg?resize=764%2C509&#038;ssl=1\" alt=\"Mucuvinha nas Termas de Puritama\" width=\"764\" height=\"509\" srcset=\"https:\/\/i0.wp.com\/mundosemfim.com\/wp-content\/uploads\/2016\/04\/dsc_0004.jpg?w=1020&amp;ssl=1 1020w, https:\/\/i0.wp.com\/mundosemfim.com\/wp-content\/uploads\/2016\/04\/dsc_0004.jpg?resize=300%2C200&amp;ssl=1 300w, https:\/\/i0.wp.com\/mundosemfim.com\/wp-content\/uploads\/2016\/04\/dsc_0004.jpg?resize=768%2C512&amp;ssl=1 768w\" sizes=\"auto, (max-width: 764px) 100vw, 764px\" \/><figcaption id=\"caption-attachment-2039\" class=\"wp-caption-text\">Como o Mucuvinha n\u00e3o gosta de tomar banho, ficou admirando tudo do lado de fora mesmo!<\/figcaption><\/figure>\n<p>E a\u00ed, o que acham de tirar um dia para relaxar depois de tantas caminhadas pelo <a href=\"https:\/\/mundosemfim.com\/san-pedro-de-atacama-tudo-o-que-voce-precisa-saber-para-aproveitar-ao-maximo-este-lugar-incrivel\/\">Atacama<\/a>?<\/p>\n<p>&nbsp;<\/p>\n<p>Para continuar acompanhando nossa viagem de volta ao mundo, curtam nossa p\u00e1gina no face! \ud83d\ude00<br \/>\n<a href=\"http:\/\/www.facebook.com\/mundosemfimoficial\">www.facebook.com\/mundosemfimoficial<\/a><\/p>\n<p>&nbsp;<\/p>\n","protected":false},"excerpt":{"rendered":"<p>V\u00e1rias piscinas naturais com \u00e1gua transparente, quente e uma linda paisagem ao seu redor. Consegue pensar em alguma maneira melhor para fechar o Atacama com chave de ouro? Aqui contamos como foi nosso dia de reis neste lindo lugar!<\/p>\n","protected":false},"author":1,"featured_media":2014,"comment_status":"open","ping_status":"open","sticky":false,"template":"","format":"standard","meta":{"jetpack_post_was_ever_published":false,"_jetpack_newsletter_access":"","_jetpack_dont_email_post_to_subs":true,"_jetpack_newsletter_tier_id":0,"_jetpack_memberships_contains_paywalled_content":false,"_jetpack_memberships_contains_paid_content":false,"footnotes":"","jetpack_publicize_message":"","jetpack_publicize_feature_enabled":true,"jetpack_social_post_already_shared":false,"jetpack_social_options":{"image_generator_settings":{"template":"highway","default_image_id":0,"font":"","enabled":false},"version":2}},"categories":[6,7,369,15,318,43],"tags":[201],"class_list":["post-2010","post","type-post","status-publish","format-standard","has-post-thumbnail","hentry","category-america-do-sul","category-america-latina","category-atacama","category-chile","category-deserto","category-natureza","tag-termas-de-puritama"],"yoast_head":"<!-- This site is optimized with the Yoast SEO plugin v27.5 - https:\/\/yoast.com\/product\/yoast-seo-wordpress\/ -->\n<title>Termas de Puritama \u2013 Um merecido descanso nas \u00e1guas termais do Atacama - Mundo Sem Fim<\/title>\n<meta name=\"robots\" content=\"index, follow, max-snippet:-1, max-image-preview:large, max-video-preview:-1\" \/>\n<link rel=\"canonical\" href=\"https:\/\/mundosemfim.com\/?p=2010\" \/>\n<meta property=\"og:locale\" content=\"pt_BR\" \/>\n<meta property=\"og:type\" content=\"article\" \/>\n<meta property=\"og:title\" content=\"Termas de Puritama \u2013 Um merecido descanso nas \u00e1guas termais do Atacama - Mundo Sem Fim\" \/>\n<meta property=\"og:description\" content=\"V\u00e1rias piscinas naturais com \u00e1gua transparente, quente e uma linda paisagem ao seu redor. Consegue pensar em alguma maneira melhor para fechar o Atacama com chave de ouro? Aqui contamos como foi nosso dia de reis neste lindo lugar!\" \/>\n<meta property=\"og:url\" content=\"https:\/\/mundosemfim.com\/?p=2010\" \/>\n<meta property=\"og:site_name\" content=\"Mundo Sem Fim\" \/>\n<meta property=\"article:publisher\" content=\"http:\/\/www.facebook.com\/mundosemfimoficial\" \/>\n<meta property=\"article:published_time\" content=\"2016-04-21T16:36:35+00:00\" \/>\n<meta property=\"article:modified_time\" content=\"2017-02-17T19:50:39+00:00\" \/>\n<meta property=\"og:image\" content=\"https:\/\/i0.wp.com\/mundosemfim.com\/wp-content\/uploads\/2016\/04\/p4140019.jpg?fit=1216%2C912&ssl=1\" \/>\n\t<meta property=\"og:image:width\" content=\"1216\" \/>\n\t<meta property=\"og:image:height\" content=\"912\" \/>\n\t<meta property=\"og:image:type\" content=\"image\/jpeg\" \/>\n<meta name=\"author\" content=\"Renan\" \/>\n<meta name=\"twitter:card\" content=\"summary_large_image\" \/>\n<meta name=\"twitter:label1\" content=\"Escrito por\" \/>\n\t<meta name=\"twitter:data1\" content=\"Renan\" \/>\n\t<meta name=\"twitter:label2\" content=\"Est. tempo de leitura\" \/>\n\t<meta name=\"twitter:data2\" content=\"3 minutos\" \/>\n<script type=\"application\/ld+json\" class=\"yoast-schema-graph\">{\"@context\":\"https:\\\/\\\/schema.org\",\"@graph\":[{\"@type\":\"Article\",\"@id\":\"https:\\\/\\\/mundosemfim.com\\\/?p=2010#article\",\"isPartOf\":{\"@id\":\"https:\\\/\\\/mundosemfim.com\\\/?p=2010\"},\"author\":{\"name\":\"Renan\",\"@id\":\"https:\\\/\\\/mundosemfim.com\\\/#\\\/schema\\\/person\\\/b021d50f3a19bae432e9b69ffbfa9257\"},\"headline\":\"Termas de Puritama \u2013 Um merecido descanso nas \u00e1guas termais do Atacama\",\"datePublished\":\"2016-04-21T16:36:35+00:00\",\"dateModified\":\"2017-02-17T19:50:39+00:00\",\"mainEntityOfPage\":{\"@id\":\"https:\\\/\\\/mundosemfim.com\\\/?p=2010\"},\"wordCount\":654,\"commentCount\":4,\"image\":{\"@id\":\"https:\\\/\\\/mundosemfim.com\\\/?p=2010#primaryimage\"},\"thumbnailUrl\":\"https:\\\/\\\/i0.wp.com\\\/mundosemfim.com\\\/wp-content\\\/uploads\\\/2016\\\/04\\\/p4140019.jpg?fit=1216%2C912&ssl=1\",\"keywords\":[\"termas de puritama\"],\"articleSection\":[\"Am\u00e9rica do Sul\",\"am\u00e9rica latina\",\"Atacama\",\"Chile\",\"deserto\",\"natureza\"],\"inLanguage\":\"pt-BR\",\"potentialAction\":[{\"@type\":\"CommentAction\",\"name\":\"Comment\",\"target\":[\"https:\\\/\\\/mundosemfim.com\\\/?p=2010#respond\"]}]},{\"@type\":\"WebPage\",\"@id\":\"https:\\\/\\\/mundosemfim.com\\\/?p=2010\",\"url\":\"https:\\\/\\\/mundosemfim.com\\\/?p=2010\",\"name\":\"Termas de Puritama \u2013 Um merecido descanso nas \u00e1guas termais do Atacama - Mundo Sem Fim\",\"isPartOf\":{\"@id\":\"https:\\\/\\\/mundosemfim.com\\\/#website\"},\"primaryImageOfPage\":{\"@id\":\"https:\\\/\\\/mundosemfim.com\\\/?p=2010#primaryimage\"},\"image\":{\"@id\":\"https:\\\/\\\/mundosemfim.com\\\/?p=2010#primaryimage\"},\"thumbnailUrl\":\"https:\\\/\\\/i0.wp.com\\\/mundosemfim.com\\\/wp-content\\\/uploads\\\/2016\\\/04\\\/p4140019.jpg?fit=1216%2C912&ssl=1\",\"datePublished\":\"2016-04-21T16:36:35+00:00\",\"dateModified\":\"2017-02-17T19:50:39+00:00\",\"author\":{\"@id\":\"https:\\\/\\\/mundosemfim.com\\\/#\\\/schema\\\/person\\\/b021d50f3a19bae432e9b69ffbfa9257\"},\"breadcrumb\":{\"@id\":\"https:\\\/\\\/mundosemfim.com\\\/?p=2010#breadcrumb\"},\"inLanguage\":\"pt-BR\",\"potentialAction\":[{\"@type\":\"ReadAction\",\"target\":[\"https:\\\/\\\/mundosemfim.com\\\/?p=2010\"]}]},{\"@type\":\"ImageObject\",\"inLanguage\":\"pt-BR\",\"@id\":\"https:\\\/\\\/mundosemfim.com\\\/?p=2010#primaryimage\",\"url\":\"https:\\\/\\\/i0.wp.com\\\/mundosemfim.com\\\/wp-content\\\/uploads\\\/2016\\\/04\\\/p4140019.jpg?fit=1216%2C912&ssl=1\",\"contentUrl\":\"https:\\\/\\\/i0.wp.com\\\/mundosemfim.com\\\/wp-content\\\/uploads\\\/2016\\\/04\\\/p4140019.jpg?fit=1216%2C912&ssl=1\",\"width\":1216,\"height\":912,\"caption\":\"Michele relaxando nas Termas del Puritama\"},{\"@type\":\"BreadcrumbList\",\"@id\":\"https:\\\/\\\/mundosemfim.com\\\/?p=2010#breadcrumb\",\"itemListElement\":[{\"@type\":\"ListItem\",\"position\":1,\"name\":\"In\u00edcio\",\"item\":\"https:\\\/\\\/mundosemfim.com\\\/\"},{\"@type\":\"ListItem\",\"position\":2,\"name\":\"Termas de Puritama \u2013 Um merecido descanso nas \u00e1guas termais do Atacama\"}]},{\"@type\":\"WebSite\",\"@id\":\"https:\\\/\\\/mundosemfim.com\\\/#website\",\"url\":\"https:\\\/\\\/mundosemfim.com\\\/\",\"name\":\"Mundo Sem Fim\",\"description\":\"uma viagem de volta ao mundo pelos 5 continentes!\",\"potentialAction\":[{\"@type\":\"SearchAction\",\"target\":{\"@type\":\"EntryPoint\",\"urlTemplate\":\"https:\\\/\\\/mundosemfim.com\\\/?s={search_term_string}\"},\"query-input\":{\"@type\":\"PropertyValueSpecification\",\"valueRequired\":true,\"valueName\":\"search_term_string\"}}],\"inLanguage\":\"pt-BR\"},{\"@type\":\"Person\",\"@id\":\"https:\\\/\\\/mundosemfim.com\\\/#\\\/schema\\\/person\\\/b021d50f3a19bae432e9b69ffbfa9257\",\"name\":\"Renan\",\"image\":{\"@type\":\"ImageObject\",\"inLanguage\":\"pt-BR\",\"@id\":\"https:\\\/\\\/secure.gravatar.com\\\/avatar\\\/faafca769a603ac75196d21826f3bda645d7e2d6306bb6e236d8cdb38eb44e38?s=96&d=mm&r=g\",\"url\":\"https:\\\/\\\/secure.gravatar.com\\\/avatar\\\/faafca769a603ac75196d21826f3bda645d7e2d6306bb6e236d8cdb38eb44e38?s=96&d=mm&r=g\",\"contentUrl\":\"https:\\\/\\\/secure.gravatar.com\\\/avatar\\\/faafca769a603ac75196d21826f3bda645d7e2d6306bb6e236d8cdb38eb44e38?s=96&d=mm&r=g\",\"caption\":\"Renan\"}}]}<\/script>\n<!-- \/ Yoast SEO plugin. -->","yoast_head_json":{"title":"Termas de Puritama \u2013 Um merecido descanso nas \u00e1guas termais do Atacama - Mundo Sem Fim","robots":{"index":"index","follow":"follow","max-snippet":"max-snippet:-1","max-image-preview":"max-image-preview:large","max-video-preview":"max-video-preview:-1"},"canonical":"https:\/\/mundosemfim.com\/?p=2010","og_locale":"pt_BR","og_type":"article","og_title":"Termas de Puritama \u2013 Um merecido descanso nas \u00e1guas termais do Atacama - Mundo Sem Fim","og_description":"V\u00e1rias piscinas naturais com \u00e1gua transparente, quente e uma linda paisagem ao seu redor. Consegue pensar em alguma maneira melhor para fechar o Atacama com chave de ouro? Aqui contamos como foi nosso dia de reis neste lindo lugar!","og_url":"https:\/\/mundosemfim.com\/?p=2010","og_site_name":"Mundo Sem Fim","article_publisher":"http:\/\/www.facebook.com\/mundosemfimoficial","article_published_time":"2016-04-21T16:36:35+00:00","article_modified_time":"2017-02-17T19:50:39+00:00","og_image":[{"width":1216,"height":912,"url":"https:\/\/i0.wp.com\/mundosemfim.com\/wp-content\/uploads\/2016\/04\/p4140019.jpg?fit=1216%2C912&ssl=1","type":"image\/jpeg"}],"author":"Renan","twitter_card":"summary_large_image","twitter_misc":{"Escrito por":"Renan","Est. tempo de leitura":"3 minutos"},"schema":{"@context":"https:\/\/schema.org","@graph":[{"@type":"Article","@id":"https:\/\/mundosemfim.com\/?p=2010#article","isPartOf":{"@id":"https:\/\/mundosemfim.com\/?p=2010"},"author":{"name":"Renan","@id":"https:\/\/mundosemfim.com\/#\/schema\/person\/b021d50f3a19bae432e9b69ffbfa9257"},"headline":"Termas de Puritama \u2013 Um merecido descanso nas \u00e1guas termais do Atacama","datePublished":"2016-04-21T16:36:35+00:00","dateModified":"2017-02-17T19:50:39+00:00","mainEntityOfPage":{"@id":"https:\/\/mundosemfim.com\/?p=2010"},"wordCount":654,"commentCount":4,"image":{"@id":"https:\/\/mundosemfim.com\/?p=2010#primaryimage"},"thumbnailUrl":"https:\/\/i0.wp.com\/mundosemfim.com\/wp-content\/uploads\/2016\/04\/p4140019.jpg?fit=1216%2C912&ssl=1","keywords":["termas de puritama"],"articleSection":["Am\u00e9rica do Sul","am\u00e9rica latina","Atacama","Chile","deserto","natureza"],"inLanguage":"pt-BR","potentialAction":[{"@type":"CommentAction","name":"Comment","target":["https:\/\/mundosemfim.com\/?p=2010#respond"]}]},{"@type":"WebPage","@id":"https:\/\/mundosemfim.com\/?p=2010","url":"https:\/\/mundosemfim.com\/?p=2010","name":"Termas de Puritama \u2013 Um merecido descanso nas \u00e1guas termais do Atacama - Mundo Sem Fim","isPartOf":{"@id":"https:\/\/mundosemfim.com\/#website"},"primaryImageOfPage":{"@id":"https:\/\/mundosemfim.com\/?p=2010#primaryimage"},"image":{"@id":"https:\/\/mundosemfim.com\/?p=2010#primaryimage"},"thumbnailUrl":"https:\/\/i0.wp.com\/mundosemfim.com\/wp-content\/uploads\/2016\/04\/p4140019.jpg?fit=1216%2C912&ssl=1","datePublished":"2016-04-21T16:36:35+00:00","dateModified":"2017-02-17T19:50:39+00:00","author":{"@id":"https:\/\/mundosemfim.com\/#\/schema\/person\/b021d50f3a19bae432e9b69ffbfa9257"},"breadcrumb":{"@id":"https:\/\/mundosemfim.com\/?p=2010#breadcrumb"},"inLanguage":"pt-BR","potentialAction":[{"@type":"ReadAction","target":["https:\/\/mundosemfim.com\/?p=2010"]}]},{"@type":"ImageObject","inLanguage":"pt-BR","@id":"https:\/\/mundosemfim.com\/?p=2010#primaryimage","url":"https:\/\/i0.wp.com\/mundosemfim.com\/wp-content\/uploads\/2016\/04\/p4140019.jpg?fit=1216%2C912&ssl=1","contentUrl":"https:\/\/i0.wp.com\/mundosemfim.com\/wp-content\/uploads\/2016\/04\/p4140019.jpg?fit=1216%2C912&ssl=1","width":1216,"height":912,"caption":"Michele relaxando nas Termas del Puritama"},{"@type":"BreadcrumbList","@id":"https:\/\/mundosemfim.com\/?p=2010#breadcrumb","itemListElement":[{"@type":"ListItem","position":1,"name":"In\u00edcio","item":"https:\/\/mundosemfim.com\/"},{"@type":"ListItem","position":2,"name":"Termas de Puritama \u2013 Um merecido descanso nas \u00e1guas termais do Atacama"}]},{"@type":"WebSite","@id":"https:\/\/mundosemfim.com\/#website","url":"https:\/\/mundosemfim.com\/","name":"Mundo Sem Fim","description":"uma viagem de volta ao mundo pelos 5 continentes!","potentialAction":[{"@type":"SearchAction","target":{"@type":"EntryPoint","urlTemplate":"https:\/\/mundosemfim.com\/?s={search_term_string}"},"query-input":{"@type":"PropertyValueSpecification","valueRequired":true,"valueName":"search_term_string"}}],"inLanguage":"pt-BR"},{"@type":"Person","@id":"https:\/\/mundosemfim.com\/#\/schema\/person\/b021d50f3a19bae432e9b69ffbfa9257","name":"Renan","image":{"@type":"ImageObject","inLanguage":"pt-BR","@id":"https:\/\/secure.gravatar.com\/avatar\/faafca769a603ac75196d21826f3bda645d7e2d6306bb6e236d8cdb38eb44e38?s=96&d=mm&r=g","url":"https:\/\/secure.gravatar.com\/avatar\/faafca769a603ac75196d21826f3bda645d7e2d6306bb6e236d8cdb38eb44e38?s=96&d=mm&r=g","contentUrl":"https:\/\/secure.gravatar.com\/avatar\/faafca769a603ac75196d21826f3bda645d7e2d6306bb6e236d8cdb38eb44e38?s=96&d=mm&r=g","caption":"Renan"}}]}},"jetpack_publicize_connections":[],"jetpack_featured_media_url":"https:\/\/i0.wp.com\/mundosemfim.com\/wp-content\/uploads\/2016\/04\/p4140019.jpg?fit=1216%2C912&ssl=1","jetpack_sharing_enabled":true,"jetpack_shortlink":"https:\/\/wp.me\/p7CQyF-wq","jetpack-related-posts":[{"id":2173,"url":"https:\/\/mundosemfim.com\/?p=2173","url_meta":{"origin":2010,"position":0},"title":"San Pedro de Atacama \u2013 tudo o que voc\u00ea precisa saber sobre este lugar incr\u00edvel!","author":"Renan","date":"abril 28, 2016","format":false,"excerpt":"Um pequeno o\u00e1sis no meio do deserto mais \u00e1rido do mundo, rodeado por paisagens que parecem de outro planeta: assim \u00e9 San Pedro! Tivemos o privil\u00e9gio de passar 15 dias nesta linda cidade, e exploramos cada canto para compartilhar todas as dicas com voc\u00eas! Refer\u00eancia 1 real \u2013 185 pesos\u2026","rel":"","context":"Em &quot;Am\u00e9rica do Sul&quot;","block_context":{"text":"Am\u00e9rica do Sul","link":"https:\/\/mundosemfim.com\/?cat=6"},"img":{"alt_text":"","src":"https:\/\/i0.wp.com\/mundosemfim.com\/wp-content\/uploads\/2016\/04\/dsc_0031.jpg?fit=960%2C640&ssl=1&resize=350%2C200","width":350,"height":200,"srcset":"https:\/\/i0.wp.com\/mundosemfim.com\/wp-content\/uploads\/2016\/04\/dsc_0031.jpg?fit=960%2C640&ssl=1&resize=350%2C200 1x, https:\/\/i0.wp.com\/mundosemfim.com\/wp-content\/uploads\/2016\/04\/dsc_0031.jpg?fit=960%2C640&ssl=1&resize=525%2C300 1.5x, https:\/\/i0.wp.com\/mundosemfim.com\/wp-content\/uploads\/2016\/04\/dsc_0031.jpg?fit=960%2C640&ssl=1&resize=700%2C400 2x"},"classes":[]},{"id":1815,"url":"https:\/\/mundosemfim.com\/?p=1815","url_meta":{"origin":2010,"position":1},"title":"Laguna Cejar &#8211; venha flutuar nesta lagoa salgada do Atacama!","author":"Renan","date":"abril 18, 2016","format":false,"excerpt":"Aqui estamos n\u00f3s, descrevendo mais um tour imperd\u00edvel de San Pedro de Atacama. Desta vez fomos flutuar nas \u00e1guas salgadas da Laguna Piedras, ao lado da famosa Laguna Cejar. Refer\u00eancia (abril\/2016): 1 real = 185 pesos chilenos Antes de continuar, vamos esclarecer uma d\u00favida que muitos t\u00eam sobre este passeio.\u2026","rel":"","context":"Em &quot;Am\u00e9rica do Sul&quot;","block_context":{"text":"Am\u00e9rica do Sul","link":"https:\/\/mundosemfim.com\/?cat=6"},"img":{"alt_text":"","src":"https:\/\/i0.wp.com\/mundosemfim.com\/wp-content\/uploads\/2016\/04\/p4150164.jpg?fit=1200%2C900&ssl=1&resize=350%2C200","width":350,"height":200,"srcset":"https:\/\/i0.wp.com\/mundosemfim.com\/wp-content\/uploads\/2016\/04\/p4150164.jpg?fit=1200%2C900&ssl=1&resize=350%2C200 1x, https:\/\/i0.wp.com\/mundosemfim.com\/wp-content\/uploads\/2016\/04\/p4150164.jpg?fit=1200%2C900&ssl=1&resize=525%2C300 1.5x, https:\/\/i0.wp.com\/mundosemfim.com\/wp-content\/uploads\/2016\/04\/p4150164.jpg?fit=1200%2C900&ssl=1&resize=700%2C400 2x, https:\/\/i0.wp.com\/mundosemfim.com\/wp-content\/uploads\/2016\/04\/p4150164.jpg?fit=1200%2C900&ssl=1&resize=1050%2C600 3x"},"classes":[]},{"id":1870,"url":"https:\/\/mundosemfim.com\/?p=1870","url_meta":{"origin":2010,"position":2},"title":"Yerbas Buenas \u2013 um passeio arqueol\u00f3gico no Atacama","author":"Renan","date":"abril 20, 2016","format":false,"excerpt":"Cada dia nos surpreendemos mais aqui em San Pedro de Atacama. Desta vez, vamos contar como foi visitar este s\u00edtio arqueol\u00f3gico, com hier\u00f3glifos grafados por popula\u00e7\u00f5es que viveram aqui h\u00e1 mais de 10 mil anos atr\u00e1s! Refer\u00eancia (abril\/2016): 1 real = 185 pesos chilenos \u00a0 \"Hier\u00f3glifo ou hieroglifo \u00e9 cada\u2026","rel":"","context":"Em &quot;Am\u00e9rica do Sul&quot;","block_context":{"text":"Am\u00e9rica do Sul","link":"https:\/\/mundosemfim.com\/?cat=6"},"img":{"alt_text":"","src":"https:\/\/i0.wp.com\/mundosemfim.com\/wp-content\/uploads\/2016\/04\/dsc_0140.jpg?fit=1080%2C720&ssl=1&resize=350%2C200","width":350,"height":200,"srcset":"https:\/\/i0.wp.com\/mundosemfim.com\/wp-content\/uploads\/2016\/04\/dsc_0140.jpg?fit=1080%2C720&ssl=1&resize=350%2C200 1x, https:\/\/i0.wp.com\/mundosemfim.com\/wp-content\/uploads\/2016\/04\/dsc_0140.jpg?fit=1080%2C720&ssl=1&resize=525%2C300 1.5x, https:\/\/i0.wp.com\/mundosemfim.com\/wp-content\/uploads\/2016\/04\/dsc_0140.jpg?fit=1080%2C720&ssl=1&resize=700%2C400 2x, https:\/\/i0.wp.com\/mundosemfim.com\/wp-content\/uploads\/2016\/04\/dsc_0140.jpg?fit=1080%2C720&ssl=1&resize=1050%2C600 3x"},"classes":[]},{"id":1569,"url":"https:\/\/mundosemfim.com\/?p=1569","url_meta":{"origin":2010,"position":3},"title":"Conhecendo o Valle de la Luna e Valle de la Muerte no Atacama","author":"Renan","date":"abril 9, 2016","format":false,"excerpt":"Ol\u00e1 pessoal! Finalmente fizemos nosso primeiro passeio neste lugar incr\u00edvel chamado Atacama. O Valle de la Luna e Valle de la Muerte s\u00e3o dois lugares imperd\u00edveis para quem vier para c\u00e1, e aqui detalhamos como foi nosso passeio! Refer\u00eancia (abril\/2016) 1 real = 190 pesos chilenos Conhecendo um pouco do\u2026","rel":"","context":"Em &quot;Am\u00e9rica do Sul&quot;","block_context":{"text":"Am\u00e9rica do Sul","link":"https:\/\/mundosemfim.com\/?cat=6"},"img":{"alt_text":"","src":"https:\/\/i0.wp.com\/mundosemfim.com\/wp-content\/uploads\/2016\/04\/dsc_0051.jpg?fit=1200%2C540&ssl=1&resize=350%2C200","width":350,"height":200,"srcset":"https:\/\/i0.wp.com\/mundosemfim.com\/wp-content\/uploads\/2016\/04\/dsc_0051.jpg?fit=1200%2C540&ssl=1&resize=350%2C200 1x, https:\/\/i0.wp.com\/mundosemfim.com\/wp-content\/uploads\/2016\/04\/dsc_0051.jpg?fit=1200%2C540&ssl=1&resize=525%2C300 1.5x, https:\/\/i0.wp.com\/mundosemfim.com\/wp-content\/uploads\/2016\/04\/dsc_0051.jpg?fit=1200%2C540&ssl=1&resize=700%2C400 2x, https:\/\/i0.wp.com\/mundosemfim.com\/wp-content\/uploads\/2016\/04\/dsc_0051.jpg?fit=1200%2C540&ssl=1&resize=1050%2C600 3x"},"classes":[]},{"id":1638,"url":"https:\/\/mundosemfim.com\/?p=1638","url_meta":{"origin":2010,"position":4},"title":"Salar de Tara &#8211; um dos tours mais bonitos do Atacama","author":"Renan","date":"abril 13, 2016","format":false,"excerpt":"Este foi nosso segundo tour partindo de San Pedro de Atacama e, temos que dizer, este lugar nos surpreende a cada dia! Aqui contamos um pouco como \u00e9 este tour imperd\u00edvel! Um pouco do lugar O Salar de Tara est\u00e1 localizado a cerca de 135km de San Pedro, bem pr\u00f3ximo\u2026","rel":"","context":"Em &quot;Am\u00e9rica do Sul&quot;","block_context":{"text":"Am\u00e9rica do Sul","link":"https:\/\/mundosemfim.com\/?cat=6"},"img":{"alt_text":"","src":"https:\/\/i0.wp.com\/mundosemfim.com\/wp-content\/uploads\/2016\/04\/dsc_0184.jpg?fit=1200%2C800&ssl=1&resize=350%2C200","width":350,"height":200,"srcset":"https:\/\/i0.wp.com\/mundosemfim.com\/wp-content\/uploads\/2016\/04\/dsc_0184.jpg?fit=1200%2C800&ssl=1&resize=350%2C200 1x, https:\/\/i0.wp.com\/mundosemfim.com\/wp-content\/uploads\/2016\/04\/dsc_0184.jpg?fit=1200%2C800&ssl=1&resize=525%2C300 1.5x, https:\/\/i0.wp.com\/mundosemfim.com\/wp-content\/uploads\/2016\/04\/dsc_0184.jpg?fit=1200%2C800&ssl=1&resize=700%2C400 2x, https:\/\/i0.wp.com\/mundosemfim.com\/wp-content\/uploads\/2016\/04\/dsc_0184.jpg?fit=1200%2C800&ssl=1&resize=1050%2C600 3x"},"classes":[]},{"id":1915,"url":"https:\/\/mundosemfim.com\/?p=1915","url_meta":{"origin":2010,"position":5},"title":"Vale do arco-\u00edris \u2013 um passeio encantador e pouco conhecido no Atacama","author":"Renan","date":"abril 20, 2016","format":false,"excerpt":"Ainda pouco popular entre os viajantes que passeiam por San Pedro de Atacama, o Valle del Arco\u00edris encanta pela sua beleza e pela tranquilidade que reina no local. Venha conhec\u00ea-lo com a gente! Refer\u00eancia (abril\/2016) 1 real =185 pesos chilenos Como chegar O Valle del Arco\u00edris (ou Vale do Arco-\u00edris)\u2026","rel":"","context":"Em &quot;Am\u00e9rica do Sul&quot;","block_context":{"text":"Am\u00e9rica do Sul","link":"https:\/\/mundosemfim.com\/?cat=6"},"img":{"alt_text":"","src":"https:\/\/i0.wp.com\/mundosemfim.com\/wp-content\/uploads\/2016\/04\/dsc_00231.jpg?fit=1140%2C760&ssl=1&resize=350%2C200","width":350,"height":200,"srcset":"https:\/\/i0.wp.com\/mundosemfim.com\/wp-content\/uploads\/2016\/04\/dsc_00231.jpg?fit=1140%2C760&ssl=1&resize=350%2C200 1x, https:\/\/i0.wp.com\/mundosemfim.com\/wp-content\/uploads\/2016\/04\/dsc_00231.jpg?fit=1140%2C760&ssl=1&resize=525%2C300 1.5x, https:\/\/i0.wp.com\/mundosemfim.com\/wp-content\/uploads\/2016\/04\/dsc_00231.jpg?fit=1140%2C760&ssl=1&resize=700%2C400 2x, https:\/\/i0.wp.com\/mundosemfim.com\/wp-content\/uploads\/2016\/04\/dsc_00231.jpg?fit=1140%2C760&ssl=1&resize=1050%2C600 3x"},"classes":[]}],"_links":{"self":[{"href":"https:\/\/mundosemfim.com\/index.php?rest_route=\/wp\/v2\/posts\/2010","targetHints":{"allow":["GET"]}}],"collection":[{"href":"https:\/\/mundosemfim.com\/index.php?rest_route=\/wp\/v2\/posts"}],"about":[{"href":"https:\/\/mundosemfim.com\/index.php?rest_route=\/wp\/v2\/types\/post"}],"author":[{"embeddable":true,"href":"https:\/\/mundosemfim.com\/index.php?rest_route=\/wp\/v2\/users\/1"}],"replies":[{"embeddable":true,"href":"https:\/\/mundosemfim.com\/index.php?rest_route=%2Fwp%2Fv2%2Fcomments&post=2010"}],"version-history":[{"count":4,"href":"https:\/\/mundosemfim.com\/index.php?rest_route=\/wp\/v2\/posts\/2010\/revisions"}],"predecessor-version":[{"id":5184,"href":"https:\/\/mundosemfim.com\/index.php?rest_route=\/wp\/v2\/posts\/2010\/revisions\/5184"}],"wp:featuredmedia":[{"embeddable":true,"href":"https:\/\/mundosemfim.com\/index.php?rest_route=\/wp\/v2\/media\/2014"}],"wp:attachment":[{"href":"https:\/\/mundosemfim.com\/index.php?rest_route=%2Fwp%2Fv2%2Fmedia&parent=2010"}],"wp:term":[{"taxonomy":"category","embeddable":true,"href":"https:\/\/mundosemfim.com\/index.php?rest_route=%2Fwp%2Fv2%2Fcategories&post=2010"},{"taxonomy":"post_tag","embeddable":true,"href":"https:\/\/mundosemfim.com\/index.php?rest_route=%2Fwp%2Fv2%2Ftags&post=2010"}],"curies":[{"name":"wp","href":"https:\/\/api.w.org\/{rel}","templated":true}]}}