{"id":1958,"date":"2016-04-21T10:20:57","date_gmt":"2016-04-21T13:20:57","guid":{"rendered":"https:\/\/mundosemfim.com\/?p=1958"},"modified":"2017-02-11T21:53:49","modified_gmt":"2017-02-11T23:53:49","slug":"conheca-o-geisers-el-tatio-o-passeio-mais-procurado-no-atacama","status":"publish","type":"post","link":"https:\/\/mundosemfim.com\/?p=1958","title":{"rendered":"Geisers el Tatio \u2013 o passeio mais procurado no Atacama!"},"content":{"rendered":"<p>Se voc\u00ea estivesse no <a href=\"https:\/\/mundosemfim.com\/san-pedro-de-atacama-tudo-o-que-voce-precisa-saber-para-aproveitar-ao-maximo-este-lugar-incrivel\/\">Atacama<\/a> e pudesse fazer apenas um passeio, indicar\u00edamos os Geisers el Tatio. O encanto deste lugar n\u00e3o est\u00e1 apenas na beleza em si (\u00e9 dif\u00edcil escolher qual o destino mais bonito do deserto), mas sim no fato de ele ser diferente de tudo o que voc\u00ea j\u00e1 viu. Venha conhec\u00ea-lo com a gente!<\/p>\n<p><!--more--><\/p>\n<p><b>Refer\u00eancia (abril\/2016)<\/b><\/p>\n<p>1 real = 185 pesos chilenos<\/p>\n<h3><b>O que \u00e9 um g\u00eaiser?<\/b><\/h3>\n<p><i>&#8220;[&#8230;]\u00e9 uma nascente termal que entra em erup\u00e7\u00e3o periodicamente, lan\u00e7ando uma coluna de \u00e1gua quente e vapor para o ar.[&#8230;]&#8221;<\/i> &#8211; <a href=\"https:\/\/pt.wikipedia.org\/wiki\/G%C3%A9iser\" target=\"_blank\">Wikipedia<\/a>.<\/p>\n<figure id=\"attachment_1961\" aria-describedby=\"caption-attachment-1961\" style=\"width: 1080px\" class=\"wp-caption alignnone\"><img data-recalc-dims=\"1\" loading=\"lazy\" decoding=\"async\" data-attachment-id=\"1961\" data-permalink=\"https:\/\/mundosemfim.com\/?attachment_id=1961\" data-orig-file=\"https:\/\/i0.wp.com\/mundosemfim.com\/wp-content\/uploads\/2016\/04\/dsc_00512.jpg?fit=1080%2C720&amp;ssl=1\" data-orig-size=\"1080,720\" data-comments-opened=\"1\" data-image-meta=\"{&quot;aperture&quot;:&quot;13&quot;,&quot;credit&quot;:&quot;&quot;,&quot;camera&quot;:&quot;NIKON D5200&quot;,&quot;caption&quot;:&quot;&quot;,&quot;created_timestamp&quot;:&quot;1461055615&quot;,&quot;copyright&quot;:&quot;&quot;,&quot;focal_length&quot;:&quot;34&quot;,&quot;iso&quot;:&quot;400&quot;,&quot;shutter_speed&quot;:&quot;0.01&quot;,&quot;title&quot;:&quot;&quot;,&quot;orientation&quot;:&quot;1&quot;}\" data-image-title=\"DSC_0051\" data-image-description=\"\" data-image-caption=\"&lt;p&gt;Mucuvinha em um g\u00eaiser desativado&lt;\/p&gt;\n\" data-large-file=\"https:\/\/i0.wp.com\/mundosemfim.com\/wp-content\/uploads\/2016\/04\/dsc_00512.jpg?fit=764%2C510&amp;ssl=1\" class=\"wp-image-1961 size-full\" src=\"https:\/\/i0.wp.com\/mundosemfim.com\/wp-content\/uploads\/2016\/04\/dsc_00512.jpg?resize=764%2C509&#038;ssl=1\" alt=\"Mucuvinha no G\u00eaiser el Tatio, no Atacama\" width=\"764\" height=\"509\" srcset=\"https:\/\/i0.wp.com\/mundosemfim.com\/wp-content\/uploads\/2016\/04\/dsc_00512.jpg?w=1080&amp;ssl=1 1080w, https:\/\/i0.wp.com\/mundosemfim.com\/wp-content\/uploads\/2016\/04\/dsc_00512.jpg?resize=300%2C200&amp;ssl=1 300w, https:\/\/i0.wp.com\/mundosemfim.com\/wp-content\/uploads\/2016\/04\/dsc_00512.jpg?resize=768%2C512&amp;ssl=1 768w, https:\/\/i0.wp.com\/mundosemfim.com\/wp-content\/uploads\/2016\/04\/dsc_00512.jpg?resize=1024%2C683&amp;ssl=1 1024w\" sizes=\"auto, (max-width: 764px) 100vw, 764px\" \/><figcaption id=\"caption-attachment-1961\" class=\"wp-caption-text\">Mucuvinha em um g\u00eaiser desativado<\/figcaption><\/figure>\n<p>Explicando de forma mais simples, um g\u00eaiser \u00e9 um buraco no ch\u00e3o que cospe \u00e1gua fervendo. Este fen\u00f4meno ocorre somente em \u00e1reas com intensa atividade vulc\u00e2nica, e s\u00e3o relativamente raros (h\u00e1 cerca de mil g\u00eaiseres em todo o planeta).<\/p>\n<figure id=\"attachment_1964\" aria-describedby=\"caption-attachment-1964\" style=\"width: 1080px\" class=\"wp-caption alignnone\"><img data-recalc-dims=\"1\" loading=\"lazy\" decoding=\"async\" data-attachment-id=\"1964\" data-permalink=\"https:\/\/mundosemfim.com\/?attachment_id=1964\" data-orig-file=\"https:\/\/i0.wp.com\/mundosemfim.com\/wp-content\/uploads\/2016\/04\/dsc_0058.jpg?fit=1080%2C720&amp;ssl=1\" data-orig-size=\"1080,720\" data-comments-opened=\"1\" data-image-meta=\"{&quot;aperture&quot;:&quot;13&quot;,&quot;credit&quot;:&quot;&quot;,&quot;camera&quot;:&quot;NIKON D5200&quot;,&quot;caption&quot;:&quot;&quot;,&quot;created_timestamp&quot;:&quot;1461056055&quot;,&quot;copyright&quot;:&quot;&quot;,&quot;focal_length&quot;:&quot;18&quot;,&quot;iso&quot;:&quot;400&quot;,&quot;shutter_speed&quot;:&quot;0.00625&quot;,&quot;title&quot;:&quot;&quot;,&quot;orientation&quot;:&quot;1&quot;}\" data-image-title=\"DSC_0058\" data-image-description=\"\" data-image-caption=\"&lt;p&gt;Ao fundo, um g\u00eaiser em plena atividade. Em Geisers el Tatio, Atacama&lt;\/p&gt;\n\" data-large-file=\"https:\/\/i0.wp.com\/mundosemfim.com\/wp-content\/uploads\/2016\/04\/dsc_0058.jpg?fit=764%2C510&amp;ssl=1\" class=\"wp-image-1964 size-full\" src=\"https:\/\/i0.wp.com\/mundosemfim.com\/wp-content\/uploads\/2016\/04\/dsc_0058.jpg?resize=764%2C509&#038;ssl=1\" alt=\"G\u00eaiser el Tatio, Atacama\" width=\"764\" height=\"509\" srcset=\"https:\/\/i0.wp.com\/mundosemfim.com\/wp-content\/uploads\/2016\/04\/dsc_0058.jpg?w=1080&amp;ssl=1 1080w, https:\/\/i0.wp.com\/mundosemfim.com\/wp-content\/uploads\/2016\/04\/dsc_0058.jpg?resize=300%2C200&amp;ssl=1 300w, https:\/\/i0.wp.com\/mundosemfim.com\/wp-content\/uploads\/2016\/04\/dsc_0058.jpg?resize=768%2C512&amp;ssl=1 768w, https:\/\/i0.wp.com\/mundosemfim.com\/wp-content\/uploads\/2016\/04\/dsc_0058.jpg?resize=1024%2C683&amp;ssl=1 1024w\" sizes=\"auto, (max-width: 764px) 100vw, 764px\" \/><figcaption id=\"caption-attachment-1964\" class=\"wp-caption-text\">Ao fundo, um g\u00eaiser em plena atividade. Em Geisers el Tatio, Atacama<\/figcaption><\/figure>\n<p>O efeito ocorre da seguinte forma: no subsolo da regi\u00e3o dos g\u00eaiseres h\u00e1 uma grande concentra\u00e7\u00e3o de lava vulc\u00e2nica. Esta lava est\u00e1 a uma temperatura alt\u00edssima, e esquenta as pedras ao seu redor.<\/p>\n<figure id=\"attachment_1967\" aria-describedby=\"caption-attachment-1967\" style=\"width: 1080px\" class=\"wp-caption alignnone\"><img data-recalc-dims=\"1\" loading=\"lazy\" decoding=\"async\" data-attachment-id=\"1967\" data-permalink=\"https:\/\/mundosemfim.com\/?attachment_id=1967\" data-orig-file=\"https:\/\/i0.wp.com\/mundosemfim.com\/wp-content\/uploads\/2016\/04\/dsc_00882.jpg?fit=1080%2C720&amp;ssl=1\" data-orig-size=\"1080,720\" data-comments-opened=\"1\" data-image-meta=\"{&quot;aperture&quot;:&quot;13&quot;,&quot;credit&quot;:&quot;&quot;,&quot;camera&quot;:&quot;NIKON D5200&quot;,&quot;caption&quot;:&quot;&quot;,&quot;created_timestamp&quot;:&quot;1461056766&quot;,&quot;copyright&quot;:&quot;&quot;,&quot;focal_length&quot;:&quot;36&quot;,&quot;iso&quot;:&quot;400&quot;,&quot;shutter_speed&quot;:&quot;0.00625&quot;,&quot;title&quot;:&quot;&quot;,&quot;orientation&quot;:&quot;1&quot;}\" data-image-title=\"DSC_0088\" data-image-description=\"\" data-image-caption=\"&lt;p&gt;Mucuvinha em frente a uma boca de g\u00eaiser em atividade. As cores se devem aos minerais carregados pela \u00e1gua.&lt;\/p&gt;\n\" data-large-file=\"https:\/\/i0.wp.com\/mundosemfim.com\/wp-content\/uploads\/2016\/04\/dsc_00882.jpg?fit=764%2C510&amp;ssl=1\" class=\"wp-image-1967 size-full\" src=\"https:\/\/i0.wp.com\/mundosemfim.com\/wp-content\/uploads\/2016\/04\/dsc_00882.jpg?resize=764%2C509&#038;ssl=1\" alt=\"Mucuvinha em um g\u00eaiser\" width=\"764\" height=\"509\" srcset=\"https:\/\/i0.wp.com\/mundosemfim.com\/wp-content\/uploads\/2016\/04\/dsc_00882.jpg?w=1080&amp;ssl=1 1080w, https:\/\/i0.wp.com\/mundosemfim.com\/wp-content\/uploads\/2016\/04\/dsc_00882.jpg?resize=300%2C200&amp;ssl=1 300w, https:\/\/i0.wp.com\/mundosemfim.com\/wp-content\/uploads\/2016\/04\/dsc_00882.jpg?resize=768%2C512&amp;ssl=1 768w, https:\/\/i0.wp.com\/mundosemfim.com\/wp-content\/uploads\/2016\/04\/dsc_00882.jpg?resize=1024%2C683&amp;ssl=1 1024w\" sizes=\"auto, (max-width: 764px) 100vw, 764px\" \/><figcaption id=\"caption-attachment-1967\" class=\"wp-caption-text\">Mucuvinha em frente a uma boca de g\u00eaiser em atividade. As cores se devem aos minerais carregados pela \u00e1gua.<\/figcaption><\/figure>\n<p>Quando a \u00e1gua gelada das montanhas escorre por rios subterr\u00e2neos, ela acaba entrando em contato com estas pedras, o que faz sua temperatura elevar ao ponto de ebuli\u00e7\u00e3o em fra\u00e7\u00e3o de segundos. Isso eleva a press\u00e3o e faz com que a \u00e1gua seja cuspida para fora pela primeira fenda que encontrar na terra. Como esta \u00e1gua \u00e9 rica em minerais, o min\u00e9rio vai se acumulando na borda do buraco, dando a forma e a cor do g\u00eaiser ao longo dos anos.<\/p>\n<h3><b>Como chegar?<\/b><\/h3>\n<p>Os G\u00eaisers el Tatio est\u00e3o localizados a cerca de 90 quil\u00f4metros ao norte de <a href=\"https:\/\/mundosemfim.com\/san-pedro-de-atacama-tudo-o-que-voce-precisa-saber-para-aproveitar-ao-maximo-este-lugar-incrivel\/\">San Pedro de Atacama<\/a> e a uma altitude de 4300m, o que torna este passeio n\u00e3o recomendado para o primeiro dia. Melhor esperar uns 2 ou 3 dias para se aclimatar com a regi\u00e3o.<\/p>\n<p>\u00c9 poss\u00edvel chegar ao local com seu ve\u00edculo particular (preferencialmente 4&#215;4) ou atrav\u00e9s de excurs\u00e3o contratada em San Pedro. Se for se aventurar com seu pr\u00f3prio ve\u00edculo, certifique-se antes se n\u00e3o ocorreu nenhuma nevasca que tenha fechado a estrada.<\/p>\n<figure id=\"attachment_1970\" aria-describedby=\"caption-attachment-1970\" style=\"width: 1216px\" class=\"wp-caption alignnone\"><img data-recalc-dims=\"1\" loading=\"lazy\" decoding=\"async\" data-attachment-id=\"1970\" data-permalink=\"https:\/\/mundosemfim.com\/?attachment_id=1970\" data-orig-file=\"https:\/\/i0.wp.com\/mundosemfim.com\/wp-content\/uploads\/2016\/04\/p4190011.jpg?fit=1216%2C912&amp;ssl=1\" data-orig-size=\"1216,912\" data-comments-opened=\"1\" data-image-meta=\"{&quot;aperture&quot;:&quot;5&quot;,&quot;credit&quot;:&quot;&quot;,&quot;camera&quot;:&quot;TG-630&quot;,&quot;caption&quot;:&quot;OLYMPUS DIGITAL CAMERA&quot;,&quot;created_timestamp&quot;:&quot;1461053032&quot;,&quot;copyright&quot;:&quot;&quot;,&quot;focal_length&quot;:&quot;9.39&quot;,&quot;iso&quot;:&quot;200&quot;,&quot;shutter_speed&quot;:&quot;0.016666666666667&quot;,&quot;title&quot;:&quot;OLYMPUS DIGITAL CAMERA&quot;,&quot;orientation&quot;:&quot;1&quot;}\" data-image-title=\"OLYMPUS DIGITAL CAMERA\" data-image-description=\"\" data-image-caption=\"&lt;p&gt;Quem imaginaria que pegar\u00edamos neve no deserto mais seco do mundo?&lt;\/p&gt;\n\" data-large-file=\"https:\/\/i0.wp.com\/mundosemfim.com\/wp-content\/uploads\/2016\/04\/p4190011.jpg?fit=764%2C573&amp;ssl=1\" class=\"wp-image-1970 size-full\" src=\"https:\/\/i0.wp.com\/mundosemfim.com\/wp-content\/uploads\/2016\/04\/p4190011.jpg?resize=764%2C573&#038;ssl=1\" alt=\"Neve no Atacama\" width=\"764\" height=\"573\" srcset=\"https:\/\/i0.wp.com\/mundosemfim.com\/wp-content\/uploads\/2016\/04\/p4190011.jpg?w=1216&amp;ssl=1 1216w, https:\/\/i0.wp.com\/mundosemfim.com\/wp-content\/uploads\/2016\/04\/p4190011.jpg?resize=300%2C225&amp;ssl=1 300w, https:\/\/i0.wp.com\/mundosemfim.com\/wp-content\/uploads\/2016\/04\/p4190011.jpg?resize=768%2C576&amp;ssl=1 768w, https:\/\/i0.wp.com\/mundosemfim.com\/wp-content\/uploads\/2016\/04\/p4190011.jpg?resize=1024%2C768&amp;ssl=1 1024w, https:\/\/i0.wp.com\/mundosemfim.com\/wp-content\/uploads\/2016\/04\/p4190011.jpg?resize=800%2C600&amp;ssl=1 800w\" sizes=\"auto, (max-width: 764px) 100vw, 764px\" \/><figcaption id=\"caption-attachment-1970\" class=\"wp-caption-text\">Quem imaginaria que pegar\u00edamos neve no deserto mais seco do mundo?<\/figcaption><\/figure>\n<p>As excurs\u00f5es saem de San Pedro todos os dias e praticamente todas as ag\u00eancias oferecem este tour. N\u00f3s fomos com a <a href=\"http:\/\/www.aylluatacama.com.br\" target=\"_blank\">Ayllu Atacama<\/a>, empresa especializada em atender turistas brasileiros e com quem fizemos uma parceria para fazer todos os passeios.<\/p>\n<h3><b>O que levar?<\/b><\/h3>\n<p>A temperatura nos g\u00eaisers \u00e9 bem baixa, podendo chegar perto dos -10\u00b0C no ver\u00e3o e passar dos -20\u00b0C no inverno. Por isso, leve todas as roupas de frio que tiver: v\u00e1 com duas cal\u00e7as, 3 blusas, casaco, luvas, gorro, cachecol, etc.<\/p>\n<figure id=\"attachment_1973\" aria-describedby=\"caption-attachment-1973\" style=\"width: 1080px\" class=\"wp-caption alignnone\"><img data-recalc-dims=\"1\" loading=\"lazy\" decoding=\"async\" data-attachment-id=\"1973\" data-permalink=\"https:\/\/mundosemfim.com\/?attachment_id=1973\" data-orig-file=\"https:\/\/i0.wp.com\/mundosemfim.com\/wp-content\/uploads\/2016\/04\/dsc_0043.jpg?fit=1080%2C720&amp;ssl=1\" data-orig-size=\"1080,720\" data-comments-opened=\"1\" data-image-meta=\"{&quot;aperture&quot;:&quot;13&quot;,&quot;credit&quot;:&quot;&quot;,&quot;camera&quot;:&quot;NIKON D5200&quot;,&quot;caption&quot;:&quot;&quot;,&quot;created_timestamp&quot;:&quot;1461055299&quot;,&quot;copyright&quot;:&quot;&quot;,&quot;focal_length&quot;:&quot;18&quot;,&quot;iso&quot;:&quot;400&quot;,&quot;shutter_speed&quot;:&quot;0.00625&quot;,&quot;title&quot;:&quot;&quot;,&quot;orientation&quot;:&quot;1&quot;}\" data-image-title=\"DSC_0043\" data-image-description=\"\" data-image-caption=\"&lt;p&gt;V\u00e1 preparado para encarar muito frio!&lt;\/p&gt;\n\" data-large-file=\"https:\/\/i0.wp.com\/mundosemfim.com\/wp-content\/uploads\/2016\/04\/dsc_0043.jpg?fit=764%2C510&amp;ssl=1\" class=\"alignnone size-full wp-image-1973\" src=\"https:\/\/omundosemfim.files.wordpress.com\/2016\/04\/dsc_0043.jpg?resize=764%2C509\" alt=\"Geisers el Tatio, Atacama\" width=\"764\" height=\"509\" srcset=\"https:\/\/i0.wp.com\/mundosemfim.com\/wp-content\/uploads\/2016\/04\/dsc_0043.jpg?w=1080&amp;ssl=1 1080w, https:\/\/i0.wp.com\/mundosemfim.com\/wp-content\/uploads\/2016\/04\/dsc_0043.jpg?resize=300%2C200&amp;ssl=1 300w, https:\/\/i0.wp.com\/mundosemfim.com\/wp-content\/uploads\/2016\/04\/dsc_0043.jpg?resize=768%2C512&amp;ssl=1 768w, https:\/\/i0.wp.com\/mundosemfim.com\/wp-content\/uploads\/2016\/04\/dsc_0043.jpg?resize=1024%2C683&amp;ssl=1 1024w\" sizes=\"auto, (max-width: 764px) 100vw, 764px\" \/><figcaption id=\"caption-attachment-1973\" class=\"wp-caption-text\">V\u00e1 preparado para encarar muito frio!<\/figcaption><\/figure>\n<p>Como o passeio acontece muito cedo, levar uma lanterna pode ser interessante.<\/p>\n<p>Tamb\u00e9m pode ser que voc\u00ea sinta os efeitos da altitude por l\u00e1. Levar chocolate ajuda a superar o cansa\u00e7o, e mascar chicletes diminui os enjoos.<\/p>\n<p>Quando se faz este passeio, geralmente \u00e9 permitido se banhar em uma piscina de \u00e1guas termais que h\u00e1 ali perto. Apesar da \u00e1gua ser quente, a temperatura ambiente \u00e9 bem baixa. Se acha que vai aguentar ficar uns poucos segundos sem roupa antes de pular na piscina, leve um traje de banho tamb\u00e9m!<\/p>\n<p>Protetor solar e \u00e1gua, claro, tamb\u00e9m n\u00e3o podem faltar!<\/p>\n<figure id=\"attachment_1976\" aria-describedby=\"caption-attachment-1976\" style=\"width: 1080px\" class=\"wp-caption alignnone\"><img data-recalc-dims=\"1\" loading=\"lazy\" decoding=\"async\" data-attachment-id=\"1976\" data-permalink=\"https:\/\/mundosemfim.com\/?attachment_id=1976\" data-orig-file=\"https:\/\/i0.wp.com\/mundosemfim.com\/wp-content\/uploads\/2016\/04\/dsc_0028.jpg?fit=1080%2C720&amp;ssl=1\" data-orig-size=\"1080,720\" data-comments-opened=\"1\" data-image-meta=\"{&quot;aperture&quot;:&quot;13&quot;,&quot;credit&quot;:&quot;&quot;,&quot;camera&quot;:&quot;NIKON D5200&quot;,&quot;caption&quot;:&quot;&quot;,&quot;created_timestamp&quot;:&quot;1461054411&quot;,&quot;copyright&quot;:&quot;&quot;,&quot;focal_length&quot;:&quot;18&quot;,&quot;iso&quot;:&quot;400&quot;,&quot;shutter_speed&quot;:&quot;0.01&quot;,&quot;title&quot;:&quot;&quot;,&quot;orientation&quot;:&quot;1&quot;}\" data-image-title=\"DSC_0028\" data-image-description=\"\" data-image-caption=\"&lt;p&gt;Mucuvinha brincando na neve enquanto, ao fundo, os g\u00eaisers cospem fuma\u00e7a.&lt;\/p&gt;\n\" data-large-file=\"https:\/\/i0.wp.com\/mundosemfim.com\/wp-content\/uploads\/2016\/04\/dsc_0028.jpg?fit=764%2C510&amp;ssl=1\" class=\"wp-image-1976 size-full\" src=\"https:\/\/i0.wp.com\/mundosemfim.com\/wp-content\/uploads\/2016\/04\/dsc_0028.jpg?resize=764%2C509&#038;ssl=1\" alt=\"Mucuvinha na neve do Atacama\" width=\"764\" height=\"509\" srcset=\"https:\/\/i0.wp.com\/mundosemfim.com\/wp-content\/uploads\/2016\/04\/dsc_0028.jpg?w=1080&amp;ssl=1 1080w, https:\/\/i0.wp.com\/mundosemfim.com\/wp-content\/uploads\/2016\/04\/dsc_0028.jpg?resize=300%2C200&amp;ssl=1 300w, https:\/\/i0.wp.com\/mundosemfim.com\/wp-content\/uploads\/2016\/04\/dsc_0028.jpg?resize=768%2C512&amp;ssl=1 768w, https:\/\/i0.wp.com\/mundosemfim.com\/wp-content\/uploads\/2016\/04\/dsc_0028.jpg?resize=1024%2C683&amp;ssl=1 1024w\" sizes=\"auto, (max-width: 764px) 100vw, 764px\" \/><figcaption id=\"caption-attachment-1976\" class=\"wp-caption-text\">Mucuvinha brincando na neve enquanto, ao fundo, os g\u00eaisers cospem fuma\u00e7a.<\/figcaption><\/figure>\n<h3><b>Quando ir?<\/b><\/h3>\n<p>A atividade dos g\u00eaiseres ocorre durante todo o ano. Para ver o fen\u00f4meno, por\u00e9m, \u00e9 preciso acordar cedo: a maioria das excurs\u00f5es saem de San Pedro antes das 5h da manh\u00e3. Algumas poucas oferecem sa\u00eddas \u00e0s 6h, o que \u00e9 melhor porque haver\u00e1 menos pessoas e a temperatura estar\u00e1 um pouco mais confort\u00e1vel, embora as atividades n\u00e3o estejam mais t\u00e3o intensas assim.<\/p>\n<p>Depois das 10h da manh\u00e3 j\u00e1 n\u00e3o se v\u00ea praticamente nenhuma atividade no local.<\/p>\n<figure id=\"attachment_1999\" aria-describedby=\"caption-attachment-1999\" style=\"width: 1080px\" class=\"wp-caption alignnone\"><img data-recalc-dims=\"1\" loading=\"lazy\" decoding=\"async\" data-attachment-id=\"1999\" data-permalink=\"https:\/\/mundosemfim.com\/?attachment_id=1999\" data-orig-file=\"https:\/\/i0.wp.com\/mundosemfim.com\/wp-content\/uploads\/2016\/04\/dsc_0191.jpg?fit=1080%2C720&amp;ssl=1\" data-orig-size=\"1080,720\" data-comments-opened=\"1\" data-image-meta=\"{&quot;aperture&quot;:&quot;18&quot;,&quot;credit&quot;:&quot;&quot;,&quot;camera&quot;:&quot;NIKON D5200&quot;,&quot;caption&quot;:&quot;&quot;,&quot;created_timestamp&quot;:&quot;1461064103&quot;,&quot;copyright&quot;:&quot;&quot;,&quot;focal_length&quot;:&quot;45&quot;,&quot;iso&quot;:&quot;200&quot;,&quot;shutter_speed&quot;:&quot;0.0125&quot;,&quot;title&quot;:&quot;&quot;,&quot;orientation&quot;:&quot;1&quot;}\" data-image-title=\"DSC_0191\" data-image-description=\"\" data-image-caption=\"&lt;p&gt;No caminho, t\u00edpica casa de camponeses atacame\u00f1os.&lt;\/p&gt;\n\" data-large-file=\"https:\/\/i0.wp.com\/mundosemfim.com\/wp-content\/uploads\/2016\/04\/dsc_0191.jpg?fit=764%2C510&amp;ssl=1\" class=\"wp-image-1999 size-full\" src=\"https:\/\/i0.wp.com\/mundosemfim.com\/wp-content\/uploads\/2016\/04\/dsc_0191.jpg?resize=764%2C509&#038;ssl=1\" alt=\"Casas no deserto do Atacama\" width=\"764\" height=\"509\" srcset=\"https:\/\/i0.wp.com\/mundosemfim.com\/wp-content\/uploads\/2016\/04\/dsc_0191.jpg?w=1080&amp;ssl=1 1080w, https:\/\/i0.wp.com\/mundosemfim.com\/wp-content\/uploads\/2016\/04\/dsc_0191.jpg?resize=300%2C200&amp;ssl=1 300w, https:\/\/i0.wp.com\/mundosemfim.com\/wp-content\/uploads\/2016\/04\/dsc_0191.jpg?resize=768%2C512&amp;ssl=1 768w, https:\/\/i0.wp.com\/mundosemfim.com\/wp-content\/uploads\/2016\/04\/dsc_0191.jpg?resize=1024%2C683&amp;ssl=1 1024w\" sizes=\"auto, (max-width: 764px) 100vw, 764px\" \/><figcaption id=\"caption-attachment-1999\" class=\"wp-caption-text\">No caminho, t\u00edpica casa de camponeses atacame\u00f1os<\/figcaption><\/figure>\n<h3><b>Entradas<\/b><\/h3>\n<p>As entradas aos g\u00eaiseres custam 5 mil pesos chilenos por pessoa.<\/p>\n<h3><b>Cuidados<\/b><\/h3>\n<p>Para ser curto e grosso: se voc\u00ea cair dentro de um g\u00eaiser, voc\u00ea vai morrer queimado. Apesar de todos os esfor\u00e7os e investimentos em informa\u00e7\u00e3o e seguran\u00e7a, acidentes ainda acontecem. Em outubro de 2015, uma turista belga morreu depois que passou da \u00e1rea de seguran\u00e7a e o piso cedeu.<\/p>\n<p>Se voc\u00ea se mantiver dentro da \u00e1rea demarcada como segura, por\u00e9m, n\u00e3o h\u00e1 com que se preocupar (e as marca\u00e7\u00f5es s\u00e3o bem claras).<\/p>\n<p>Os acidentes podem acontecer por imprud\u00eancia ou porque a pessoa caminhou olhando para o celular e n\u00e3o viu a marca\u00e7\u00e3o. Tamb\u00e9m pode acontecer de o g\u00eaiser levantar muita fuma\u00e7a e a pessoa n\u00e3o ver por onde est\u00e1 andando. Se isso acontecer, fique parado e espere a fuma\u00e7a se dispersar.<\/p>\n<p>Seguindo estes conselhos b\u00e1sicos, seu passeio ser\u00e1 incr\u00edvel!<\/p>\n<figure id=\"attachment_2002\" aria-describedby=\"caption-attachment-2002\" style=\"width: 1184px\" class=\"wp-caption alignnone\"><img data-recalc-dims=\"1\" loading=\"lazy\" decoding=\"async\" data-attachment-id=\"2002\" data-permalink=\"https:\/\/mundosemfim.com\/?attachment_id=2002\" data-orig-file=\"https:\/\/i0.wp.com\/mundosemfim.com\/wp-content\/uploads\/2016\/04\/p4190024.jpg?fit=1184%2C888&amp;ssl=1\" data-orig-size=\"1184,888\" data-comments-opened=\"1\" data-image-meta=\"{&quot;aperture&quot;:&quot;4.9&quot;,&quot;credit&quot;:&quot;&quot;,&quot;camera&quot;:&quot;TG-630&quot;,&quot;caption&quot;:&quot;OLYMPUS DIGITAL CAMERA&quot;,&quot;created_timestamp&quot;:&quot;1461055138&quot;,&quot;copyright&quot;:&quot;&quot;,&quot;focal_length&quot;:&quot;8.25&quot;,&quot;iso&quot;:&quot;100&quot;,&quot;shutter_speed&quot;:&quot;0.003125&quot;,&quot;title&quot;:&quot;OLYMPUS DIGITAL CAMERA&quot;,&quot;orientation&quot;:&quot;1&quot;}\" data-image-title=\"OLYMPUS DIGITAL CAMERA\" data-image-description=\"\" data-image-caption=\"&lt;p&gt;O caminho seguro \u00e9 bem demarcado. Jamais ultrapasse o limite!&lt;\/p&gt;\n\" data-large-file=\"https:\/\/i0.wp.com\/mundosemfim.com\/wp-content\/uploads\/2016\/04\/p4190024.jpg?fit=764%2C573&amp;ssl=1\" class=\"alignnone size-full wp-image-2002\" src=\"https:\/\/omundosemfim.files.wordpress.com\/2016\/04\/p4190024.jpg?resize=764%2C573\" alt=\"G\u00eaisers el Tatio - Atacama\" width=\"764\" height=\"573\" srcset=\"https:\/\/i0.wp.com\/mundosemfim.com\/wp-content\/uploads\/2016\/04\/p4190024.jpg?w=1184&amp;ssl=1 1184w, https:\/\/i0.wp.com\/mundosemfim.com\/wp-content\/uploads\/2016\/04\/p4190024.jpg?resize=300%2C225&amp;ssl=1 300w, https:\/\/i0.wp.com\/mundosemfim.com\/wp-content\/uploads\/2016\/04\/p4190024.jpg?resize=768%2C576&amp;ssl=1 768w, https:\/\/i0.wp.com\/mundosemfim.com\/wp-content\/uploads\/2016\/04\/p4190024.jpg?resize=1024%2C768&amp;ssl=1 1024w, https:\/\/i0.wp.com\/mundosemfim.com\/wp-content\/uploads\/2016\/04\/p4190024.jpg?resize=800%2C600&amp;ssl=1 800w\" sizes=\"auto, (max-width: 764px) 100vw, 764px\" \/><figcaption id=\"caption-attachment-2002\" class=\"wp-caption-text\">O caminho seguro \u00e9 bem demarcado. Jamais ultrapasse o limite!<\/figcaption><\/figure>\n<h3><b>O tour<\/b><\/h3>\n<p>Sa\u00edmos da <a href=\"http:\/\/www.aylluatacama.com.br\" target=\"_blank\">Ayllu <\/a>pouco antes das 6h da manh\u00e3, e fomos buscar os outros passageiros em seus hot\u00e9is. Fomos somente n\u00f3s e um outro casal de brasileiros.<\/p>\n<p>Tivemos uma sorte muito grande: havia chovido no dia anterior (o que \u00e9 raro por aqui), e isso fez a temperatura nas montanhas cair bastante. Quando segu\u00edamos pela estrada rumo aos g\u00eaisers, nos deparamos com muita neve pelo caminho! Isso deixou a todos (inclusive ao Mike, nosso guia) de queixo ca\u00eddo: a beleza do local era indescrit\u00edvel!<\/p>\n<figure id=\"attachment_1986\" aria-describedby=\"caption-attachment-1986\" style=\"width: 1080px\" class=\"wp-caption alignnone\"><img data-recalc-dims=\"1\" loading=\"lazy\" decoding=\"async\" data-attachment-id=\"1986\" data-permalink=\"https:\/\/mundosemfim.com\/?attachment_id=1986\" data-orig-file=\"https:\/\/i0.wp.com\/mundosemfim.com\/wp-content\/uploads\/2016\/04\/dsc_0022.jpg?fit=1080%2C720&amp;ssl=1\" data-orig-size=\"1080,720\" data-comments-opened=\"1\" data-image-meta=\"{&quot;aperture&quot;:&quot;13&quot;,&quot;credit&quot;:&quot;&quot;,&quot;camera&quot;:&quot;NIKON D5200&quot;,&quot;caption&quot;:&quot;&quot;,&quot;created_timestamp&quot;:&quot;1461053538&quot;,&quot;copyright&quot;:&quot;&quot;,&quot;focal_length&quot;:&quot;24&quot;,&quot;iso&quot;:&quot;640&quot;,&quot;shutter_speed&quot;:&quot;0.00625&quot;,&quot;title&quot;:&quot;&quot;,&quot;orientation&quot;:&quot;1&quot;}\" data-image-title=\"DSC_0022\" data-image-description=\"\" data-image-caption=\"&lt;p&gt;Somente a beleza da estrada j\u00e1 valeu todo o passeio!&lt;\/p&gt;\n\" data-large-file=\"https:\/\/i0.wp.com\/mundosemfim.com\/wp-content\/uploads\/2016\/04\/dsc_0022.jpg?fit=764%2C510&amp;ssl=1\" class=\"wp-image-1986 size-full\" src=\"https:\/\/i0.wp.com\/mundosemfim.com\/wp-content\/uploads\/2016\/04\/dsc_0022.jpg?resize=764%2C509&#038;ssl=1\" alt=\"Deserto do Atacama com neve\" width=\"764\" height=\"509\" srcset=\"https:\/\/i0.wp.com\/mundosemfim.com\/wp-content\/uploads\/2016\/04\/dsc_0022.jpg?w=1080&amp;ssl=1 1080w, https:\/\/i0.wp.com\/mundosemfim.com\/wp-content\/uploads\/2016\/04\/dsc_0022.jpg?resize=300%2C200&amp;ssl=1 300w, https:\/\/i0.wp.com\/mundosemfim.com\/wp-content\/uploads\/2016\/04\/dsc_0022.jpg?resize=768%2C512&amp;ssl=1 768w, https:\/\/i0.wp.com\/mundosemfim.com\/wp-content\/uploads\/2016\/04\/dsc_0022.jpg?resize=1024%2C683&amp;ssl=1 1024w\" sizes=\"auto, (max-width: 764px) 100vw, 764px\" \/><figcaption id=\"caption-attachment-1986\" class=\"wp-caption-text\">Somente a beleza da estrada j\u00e1 valeu todo o passeio!<\/figcaption><\/figure>\n<p>Paramos v\u00e1rias vezes para tirar fotos, pois na volta provavelmente a neve j\u00e1 teria derretido. Com isso, acabamos nos atrasando um pouco, mas n\u00e3o importava: se o passeio terminasse aqui, j\u00e1 teria valido a pena.<\/p>\n<p>Seguimos pela estrada de lama e, aos poucos, fomos vendo a fuma\u00e7a l\u00e1 longe. A medida que nos aproxim\u00e1vamos, o cen\u00e1rio se tornava cada vez mais apocal\u00edptico. Chegamos aos g\u00eaiseres por volta das 8h da manh\u00e3, e a atividade ainda estava bastante forte.<\/p>\n<div data-carousel-extra='{&quot;blog_id&quot;:1,&quot;permalink&quot;:&quot;https:\/\/mundosemfim.com\/?p=1958&quot;}' id='gallery-1' class='gallery galleryid-1958 gallery-columns-3 gallery-size-thumbnail'><figure class='gallery-item'>\n\t\t\t<div class='gallery-icon landscape'>\n\t\t\t\t<a href='https:\/\/mundosemfim.com\/?attachment_id=1985'><img loading=\"lazy\" decoding=\"async\" width=\"150\" height=\"150\" src=\"https:\/\/i0.wp.com\/mundosemfim.com\/wp-content\/uploads\/2016\/04\/dsc_0027.jpg?resize=150%2C150&amp;ssl=1\" class=\"attachment-thumbnail size-thumbnail\" alt=\"Geisers el Tatio - Atacama\" aria-describedby=\"gallery-1-1985\" srcset=\"https:\/\/i0.wp.com\/mundosemfim.com\/wp-content\/uploads\/2016\/04\/dsc_0027.jpg?resize=150%2C150&amp;ssl=1 150w, https:\/\/i0.wp.com\/mundosemfim.com\/wp-content\/uploads\/2016\/04\/dsc_0027.jpg?zoom=2&amp;resize=150%2C150&amp;ssl=1 300w, https:\/\/i0.wp.com\/mundosemfim.com\/wp-content\/uploads\/2016\/04\/dsc_0027.jpg?zoom=3&amp;resize=150%2C150&amp;ssl=1 450w\" sizes=\"auto, (max-width: 150px) 100vw, 150px\" data-attachment-id=\"1985\" data-permalink=\"https:\/\/mundosemfim.com\/?attachment_id=1985\" data-orig-file=\"https:\/\/i0.wp.com\/mundosemfim.com\/wp-content\/uploads\/2016\/04\/dsc_0027.jpg?fit=1080%2C720&amp;ssl=1\" data-orig-size=\"1080,720\" data-comments-opened=\"1\" data-image-meta=\"{&quot;aperture&quot;:&quot;13&quot;,&quot;credit&quot;:&quot;&quot;,&quot;camera&quot;:&quot;NIKON D5200&quot;,&quot;caption&quot;:&quot;&quot;,&quot;created_timestamp&quot;:&quot;1461054400&quot;,&quot;copyright&quot;:&quot;&quot;,&quot;focal_length&quot;:&quot;18&quot;,&quot;iso&quot;:&quot;400&quot;,&quot;shutter_speed&quot;:&quot;0.01&quot;,&quot;title&quot;:&quot;&quot;,&quot;orientation&quot;:&quot;1&quot;}\" data-image-title=\"DSC_0027\" data-image-description=\"\" data-image-caption=\"&lt;p&gt;Ao se aproximar, a impress\u00e3o que se tem \u00e9 de um cen\u00e1rio de guerra.&lt;\/p&gt;\n\" data-large-file=\"https:\/\/i0.wp.com\/mundosemfim.com\/wp-content\/uploads\/2016\/04\/dsc_0027.jpg?fit=764%2C510&amp;ssl=1\" \/><\/a>\n\t\t\t<\/div>\n\t\t\t\t<figcaption class='wp-caption-text gallery-caption' id='gallery-1-1985'>\n\t\t\t\tAo se aproximar, a impress\u00e3o que se tem \u00e9 de um cen\u00e1rio de guerra.\n\t\t\t\t<\/figcaption><\/figure><figure class='gallery-item'>\n\t\t\t<div class='gallery-icon landscape'>\n\t\t\t\t<a href='https:\/\/mundosemfim.com\/?attachment_id=1991'><img loading=\"lazy\" decoding=\"async\" width=\"150\" height=\"150\" src=\"https:\/\/i0.wp.com\/mundosemfim.com\/wp-content\/uploads\/2016\/04\/dsc_0026.jpg?resize=150%2C150&amp;ssl=1\" class=\"attachment-thumbnail size-thumbnail\" alt=\"\" aria-describedby=\"gallery-1-1991\" srcset=\"https:\/\/i0.wp.com\/mundosemfim.com\/wp-content\/uploads\/2016\/04\/dsc_0026.jpg?resize=150%2C150&amp;ssl=1 150w, https:\/\/i0.wp.com\/mundosemfim.com\/wp-content\/uploads\/2016\/04\/dsc_0026.jpg?zoom=2&amp;resize=150%2C150&amp;ssl=1 300w, https:\/\/i0.wp.com\/mundosemfim.com\/wp-content\/uploads\/2016\/04\/dsc_0026.jpg?zoom=3&amp;resize=150%2C150&amp;ssl=1 450w\" sizes=\"auto, (max-width: 150px) 100vw, 150px\" data-attachment-id=\"1991\" data-permalink=\"https:\/\/mundosemfim.com\/?attachment_id=1991\" data-orig-file=\"https:\/\/i0.wp.com\/mundosemfim.com\/wp-content\/uploads\/2016\/04\/dsc_0026.jpg?fit=1080%2C720&amp;ssl=1\" data-orig-size=\"1080,720\" data-comments-opened=\"1\" data-image-meta=\"{&quot;aperture&quot;:&quot;13&quot;,&quot;credit&quot;:&quot;&quot;,&quot;camera&quot;:&quot;NIKON D5200&quot;,&quot;caption&quot;:&quot;&quot;,&quot;created_timestamp&quot;:&quot;1461054389&quot;,&quot;copyright&quot;:&quot;&quot;,&quot;focal_length&quot;:&quot;18&quot;,&quot;iso&quot;:&quot;400&quot;,&quot;shutter_speed&quot;:&quot;0.008&quot;,&quot;title&quot;:&quot;&quot;,&quot;orientation&quot;:&quot;1&quot;}\" data-image-title=\"DSC_0026\" data-image-description=\"\" data-image-caption=\"&lt;p&gt;G\u00eaisers el Tatio visto de cima&lt;\/p&gt;\n\" data-large-file=\"https:\/\/i0.wp.com\/mundosemfim.com\/wp-content\/uploads\/2016\/04\/dsc_0026.jpg?fit=764%2C510&amp;ssl=1\" \/><\/a>\n\t\t\t<\/div>\n\t\t\t\t<figcaption class='wp-caption-text gallery-caption' id='gallery-1-1991'>\n\t\t\t\tG\u00eaisers el Tatio visto de cima\n\t\t\t\t<\/figcaption><\/figure><figure class='gallery-item'>\n\t\t\t<div class='gallery-icon landscape'>\n\t\t\t\t<a href='https:\/\/mundosemfim.com\/?attachment_id=1992'><img loading=\"lazy\" decoding=\"async\" width=\"150\" height=\"150\" src=\"https:\/\/i0.wp.com\/mundosemfim.com\/wp-content\/uploads\/2016\/04\/dsc_0014.jpg?resize=150%2C150&amp;ssl=1\" class=\"attachment-thumbnail size-thumbnail\" alt=\"\" aria-describedby=\"gallery-1-1992\" srcset=\"https:\/\/i0.wp.com\/mundosemfim.com\/wp-content\/uploads\/2016\/04\/dsc_0014.jpg?resize=150%2C150&amp;ssl=1 150w, https:\/\/i0.wp.com\/mundosemfim.com\/wp-content\/uploads\/2016\/04\/dsc_0014.jpg?zoom=2&amp;resize=150%2C150&amp;ssl=1 300w, https:\/\/i0.wp.com\/mundosemfim.com\/wp-content\/uploads\/2016\/04\/dsc_0014.jpg?zoom=3&amp;resize=150%2C150&amp;ssl=1 450w\" sizes=\"auto, (max-width: 150px) 100vw, 150px\" data-attachment-id=\"1992\" data-permalink=\"https:\/\/mundosemfim.com\/?attachment_id=1992\" data-orig-file=\"https:\/\/i0.wp.com\/mundosemfim.com\/wp-content\/uploads\/2016\/04\/dsc_0014.jpg?fit=1080%2C720&amp;ssl=1\" data-orig-size=\"1080,720\" data-comments-opened=\"1\" data-image-meta=\"{&quot;aperture&quot;:&quot;11&quot;,&quot;credit&quot;:&quot;&quot;,&quot;camera&quot;:&quot;NIKON D5200&quot;,&quot;caption&quot;:&quot;&quot;,&quot;created_timestamp&quot;:&quot;1461053358&quot;,&quot;copyright&quot;:&quot;&quot;,&quot;focal_length&quot;:&quot;18&quot;,&quot;iso&quot;:&quot;640&quot;,&quot;shutter_speed&quot;:&quot;0.005&quot;,&quot;title&quot;:&quot;&quot;,&quot;orientation&quot;:&quot;1&quot;}\" data-image-title=\"DSC_0014\" data-image-description=\"\" data-image-caption=\"&lt;p&gt;Chegando aos Geisers el Tatio&lt;\/p&gt;\n\" data-large-file=\"https:\/\/i0.wp.com\/mundosemfim.com\/wp-content\/uploads\/2016\/04\/dsc_0014.jpg?fit=764%2C510&amp;ssl=1\" \/><\/a>\n\t\t\t<\/div>\n\t\t\t\t<figcaption class='wp-caption-text gallery-caption' id='gallery-1-1992'>\n\t\t\t\tChegando aos Geisers el Tatio\n\t\t\t\t<\/figcaption><\/figure>\n\t\t<\/div>\n\n<p>Descemos da van e seguimos caminhando junto com nosso pequeno grupo, enquanto Mike ia explicando sobre a geografia do local.<\/p>\n<figure id=\"attachment_1982\" aria-describedby=\"caption-attachment-1982\" style=\"width: 1080px\" class=\"wp-caption alignnone\"><img data-recalc-dims=\"1\" loading=\"lazy\" decoding=\"async\" data-attachment-id=\"1982\" data-permalink=\"https:\/\/mundosemfim.com\/?attachment_id=1982\" data-orig-file=\"https:\/\/i0.wp.com\/mundosemfim.com\/wp-content\/uploads\/2016\/04\/dsc_01031.jpg?fit=1080%2C720&amp;ssl=1\" data-orig-size=\"1080,720\" data-comments-opened=\"1\" data-image-meta=\"{&quot;aperture&quot;:&quot;13&quot;,&quot;credit&quot;:&quot;&quot;,&quot;camera&quot;:&quot;NIKON D5200&quot;,&quot;caption&quot;:&quot;&quot;,&quot;created_timestamp&quot;:&quot;1461057112&quot;,&quot;copyright&quot;:&quot;&quot;,&quot;focal_length&quot;:&quot;18&quot;,&quot;iso&quot;:&quot;400&quot;,&quot;shutter_speed&quot;:&quot;0.004&quot;,&quot;title&quot;:&quot;&quot;,&quot;orientation&quot;:&quot;1&quot;}\" data-image-title=\"DSC_0103\" data-image-description=\"\" data-image-caption=\"&lt;p&gt;Com Mike, dono da Ayllu e nosso guia por hoje!&lt;\/p&gt;\n\" data-large-file=\"https:\/\/i0.wp.com\/mundosemfim.com\/wp-content\/uploads\/2016\/04\/dsc_01031.jpg?fit=764%2C510&amp;ssl=1\" class=\"wp-image-1982 size-full\" src=\"https:\/\/i0.wp.com\/mundosemfim.com\/wp-content\/uploads\/2016\/04\/dsc_01031.jpg?resize=764%2C509&#038;ssl=1\" alt=\"G\u00eaiser el Tatio, Atacama\" width=\"764\" height=\"509\" srcset=\"https:\/\/i0.wp.com\/mundosemfim.com\/wp-content\/uploads\/2016\/04\/dsc_01031.jpg?w=1080&amp;ssl=1 1080w, https:\/\/i0.wp.com\/mundosemfim.com\/wp-content\/uploads\/2016\/04\/dsc_01031.jpg?resize=300%2C200&amp;ssl=1 300w, https:\/\/i0.wp.com\/mundosemfim.com\/wp-content\/uploads\/2016\/04\/dsc_01031.jpg?resize=768%2C512&amp;ssl=1 768w, https:\/\/i0.wp.com\/mundosemfim.com\/wp-content\/uploads\/2016\/04\/dsc_01031.jpg?resize=1024%2C683&amp;ssl=1 1024w\" sizes=\"auto, (max-width: 764px) 100vw, 764px\" \/><figcaption id=\"caption-attachment-1982\" class=\"wp-caption-text\">Com Mike, dono da Ayllu e nosso guia por hoje!<\/figcaption><\/figure>\n<p>Fazia bastante frio, mas isso n\u00e3o tirava o encanto do lugar.<\/p>\n<p>Depois de ver todos os g\u00eaisers e de tirar in\u00fameras fotos, voltamos para a van e seguimos para um campo aberto, onde tomamos nosso caf\u00e9-da-manh\u00e3 em um dos cen\u00e1rios mais lindos que presenciamos no Atacama.<\/p>\n<figure id=\"attachment_1979\" aria-describedby=\"caption-attachment-1979\" style=\"width: 1080px\" class=\"wp-caption alignnone\"><img data-recalc-dims=\"1\" loading=\"lazy\" decoding=\"async\" data-attachment-id=\"1979\" data-permalink=\"https:\/\/mundosemfim.com\/?attachment_id=1979\" data-orig-file=\"https:\/\/i0.wp.com\/mundosemfim.com\/wp-content\/uploads\/2016\/04\/dsc_0134.jpg?fit=%2C&amp;ssl=1\" data-orig-size=\"\" data-comments-opened=\"1\" data-image-meta=\"[]\" data-image-title=\"DSC_0134\" data-image-description=\"\" data-image-caption=\"&lt;p&gt;Que tal tomar um caf\u00e9-da-manh\u00e3 em um lugar assim?&lt;\/p&gt;\n\" data-large-file=\"https:\/\/i0.wp.com\/mundosemfim.com\/wp-content\/uploads\/2016\/04\/dsc_0134.jpg?fit=1024%2C1024&amp;ssl=1\" class=\"alignnone size-full wp-image-1979\" src=\"https:\/\/omundosemfim.files.wordpress.com\/2016\/04\/dsc_0134.jpg?resize=764%2C509\" alt=\"G\u00eaisers el Tatio\" width=\"764\" height=\"509\" \/><figcaption id=\"caption-attachment-1979\" class=\"wp-caption-text\">Que tal tomar um caf\u00e9-da-manh\u00e3 em um lugar assim?<\/figcaption><\/figure>\n<p>Voltamos tranquilos, parando para tirar v\u00e1rias fotos na estrada, e chegamos em San Pedro por volta do meio-dia.<\/p>\n<figure id=\"attachment_1995\" aria-describedby=\"caption-attachment-1995\" style=\"width: 1076px\" class=\"wp-caption alignnone\"><img data-recalc-dims=\"1\" loading=\"lazy\" decoding=\"async\" data-attachment-id=\"1995\" data-permalink=\"https:\/\/mundosemfim.com\/?attachment_id=1995\" data-orig-file=\"https:\/\/i0.wp.com\/mundosemfim.com\/wp-content\/uploads\/2016\/04\/p4190062.jpg?fit=1076%2C807&amp;ssl=1\" data-orig-size=\"1076,807\" data-comments-opened=\"1\" data-image-meta=\"{&quot;aperture&quot;:&quot;5.9&quot;,&quot;credit&quot;:&quot;&quot;,&quot;camera&quot;:&quot;TG-630&quot;,&quot;caption&quot;:&quot;OLYMPUS DIGITAL CAMERA&quot;,&quot;created_timestamp&quot;:&quot;1461061630&quot;,&quot;copyright&quot;:&quot;&quot;,&quot;focal_length&quot;:&quot;25&quot;,&quot;iso&quot;:&quot;200&quot;,&quot;shutter_speed&quot;:&quot;0.005&quot;,&quot;title&quot;:&quot;OLYMPUS DIGITAL CAMERA&quot;,&quot;orientation&quot;:&quot;1&quot;}\" data-image-title=\"OLYMPUS DIGITAL CAMERA\" data-image-description=\"\" data-image-caption=\"&lt;p&gt;No caminho de volta, uma vicu\u00f1a&lt;\/p&gt;\n\" data-large-file=\"https:\/\/i0.wp.com\/mundosemfim.com\/wp-content\/uploads\/2016\/04\/p4190062.jpg?fit=764%2C573&amp;ssl=1\" class=\"wp-image-1995 size-full\" src=\"https:\/\/i0.wp.com\/mundosemfim.com\/wp-content\/uploads\/2016\/04\/p4190062.jpg?resize=764%2C573&#038;ssl=1\" alt=\"Vicunha no deserto do Atacama\" width=\"764\" height=\"573\" srcset=\"https:\/\/i0.wp.com\/mundosemfim.com\/wp-content\/uploads\/2016\/04\/p4190062.jpg?w=1076&amp;ssl=1 1076w, https:\/\/i0.wp.com\/mundosemfim.com\/wp-content\/uploads\/2016\/04\/p4190062.jpg?resize=300%2C225&amp;ssl=1 300w, https:\/\/i0.wp.com\/mundosemfim.com\/wp-content\/uploads\/2016\/04\/p4190062.jpg?resize=768%2C576&amp;ssl=1 768w, https:\/\/i0.wp.com\/mundosemfim.com\/wp-content\/uploads\/2016\/04\/p4190062.jpg?resize=1024%2C768&amp;ssl=1 1024w, https:\/\/i0.wp.com\/mundosemfim.com\/wp-content\/uploads\/2016\/04\/p4190062.jpg?resize=800%2C600&amp;ssl=1 800w\" sizes=\"auto, (max-width: 764px) 100vw, 764px\" \/><figcaption id=\"caption-attachment-1995\" class=\"wp-caption-text\">No caminho de volta, uma vicu\u00f1a<\/figcaption><\/figure>\n<p>&nbsp;<\/p>\n<p>E a\u00ed, curtiram esta dica? \ud83d\ude42<br \/>\nConhe\u00e7am tudo sobre o Atacama <a href=\"https:\/\/mundosemfim.com\/san-pedro-de-atacama-tudo-o-que-voce-precisa-saber-para-aproveitar-ao-maximo-este-lugar-incrivel\/\"><strong>aqui<\/strong><\/a>!<\/p>\n<p>Para continuar acompanhando nossa viagem pelo mundo, curtam nossa p\u00e1gina no face!<\/p>\n<p><a href=\"http:\/\/www.facebook.com\/mundosemfimoficial\">www.facebook.com\/mundosemfimoficial<\/a><\/p>\n","protected":false},"excerpt":{"rendered":"<p>Se voc\u00ea estivesse no Atacama e pudesse fazer apenas um passeio, indicar\u00edamos os Geisers el Tatio. O encanto deste lugar n\u00e3o est\u00e1 apenas na beleza em si (\u00e9 dif\u00edcil escolher qual o destino mais bonito do deserto), mas sim no fato de ele ser diferente de tudo o que voc\u00ea j\u00e1 viu. Venha conhec\u00ea-lo com [&hellip;]<\/p>\n","protected":false},"author":1,"featured_media":1964,"comment_status":"open","ping_status":"open","sticky":false,"template":"","format":"standard","meta":{"jetpack_post_was_ever_published":false,"_jetpack_newsletter_access":"","_jetpack_dont_email_post_to_subs":true,"_jetpack_newsletter_tier_id":0,"_jetpack_memberships_contains_paywalled_content":false,"_jetpack_memberships_contains_paid_content":false,"footnotes":"","jetpack_publicize_message":"","jetpack_publicize_feature_enabled":true,"jetpack_social_post_already_shared":false,"jetpack_social_options":{"image_generator_settings":{"template":"highway","default_image_id":0,"font":"","enabled":false},"version":2}},"categories":[6,7,369,15,318,43],"tags":[128,129],"class_list":["post-1958","post","type-post","status-publish","format-standard","has-post-thumbnail","hentry","category-america-do-sul","category-america-latina","category-atacama","category-chile","category-deserto","category-natureza","tag-geiser","tag-geisers-el-tatio"],"yoast_head":"<!-- This site is optimized with the Yoast SEO plugin v27.5 - https:\/\/yoast.com\/product\/yoast-seo-wordpress\/ -->\n<title>Geisers el Tatio \u2013 o passeio mais procurado no Atacama! - Mundo Sem Fim<\/title>\n<meta name=\"robots\" content=\"index, follow, max-snippet:-1, max-image-preview:large, max-video-preview:-1\" \/>\n<link rel=\"canonical\" href=\"https:\/\/mundosemfim.com\/?p=1958\" \/>\n<meta property=\"og:locale\" content=\"pt_BR\" \/>\n<meta property=\"og:type\" content=\"article\" \/>\n<meta property=\"og:title\" content=\"Geisers el Tatio \u2013 o passeio mais procurado no Atacama! - Mundo Sem Fim\" \/>\n<meta property=\"og:description\" content=\"Se voc\u00ea estivesse no Atacama e pudesse fazer apenas um passeio, indicar\u00edamos os Geisers el Tatio. O encanto deste lugar n\u00e3o est\u00e1 apenas na beleza em si (\u00e9 dif\u00edcil escolher qual o destino mais bonito do deserto), mas sim no fato de ele ser diferente de tudo o que voc\u00ea j\u00e1 viu. Venha conhec\u00ea-lo com [&hellip;]\" \/>\n<meta property=\"og:url\" content=\"https:\/\/mundosemfim.com\/?p=1958\" \/>\n<meta property=\"og:site_name\" content=\"Mundo Sem Fim\" \/>\n<meta property=\"article:publisher\" content=\"http:\/\/www.facebook.com\/mundosemfimoficial\" \/>\n<meta property=\"article:published_time\" content=\"2016-04-21T13:20:57+00:00\" \/>\n<meta property=\"article:modified_time\" content=\"2017-02-11T23:53:49+00:00\" \/>\n<meta property=\"og:image\" content=\"https:\/\/i0.wp.com\/mundosemfim.com\/wp-content\/uploads\/2016\/04\/dsc_0058.jpg?fit=1080%2C720&ssl=1\" \/>\n\t<meta property=\"og:image:width\" content=\"1080\" \/>\n\t<meta property=\"og:image:height\" content=\"720\" \/>\n\t<meta property=\"og:image:type\" content=\"image\/jpeg\" \/>\n<meta name=\"author\" content=\"Renan\" \/>\n<meta name=\"twitter:card\" content=\"summary_large_image\" \/>\n<meta name=\"twitter:label1\" content=\"Escrito por\" \/>\n\t<meta name=\"twitter:data1\" content=\"Renan\" \/>\n\t<meta name=\"twitter:label2\" content=\"Est. tempo de leitura\" \/>\n\t<meta name=\"twitter:data2\" content=\"7 minutos\" \/>\n<script type=\"application\/ld+json\" class=\"yoast-schema-graph\">{\"@context\":\"https:\\\/\\\/schema.org\",\"@graph\":[{\"@type\":\"Article\",\"@id\":\"https:\\\/\\\/mundosemfim.com\\\/?p=1958#article\",\"isPartOf\":{\"@id\":\"https:\\\/\\\/mundosemfim.com\\\/?p=1958\"},\"author\":{\"name\":\"Renan\",\"@id\":\"https:\\\/\\\/mundosemfim.com\\\/#\\\/schema\\\/person\\\/b021d50f3a19bae432e9b69ffbfa9257\"},\"headline\":\"Geisers el Tatio \u2013 o passeio mais procurado no Atacama!\",\"datePublished\":\"2016-04-21T13:20:57+00:00\",\"dateModified\":\"2017-02-11T23:53:49+00:00\",\"mainEntityOfPage\":{\"@id\":\"https:\\\/\\\/mundosemfim.com\\\/?p=1958\"},\"wordCount\":1315,\"commentCount\":10,\"image\":{\"@id\":\"https:\\\/\\\/mundosemfim.com\\\/?p=1958#primaryimage\"},\"thumbnailUrl\":\"https:\\\/\\\/i0.wp.com\\\/mundosemfim.com\\\/wp-content\\\/uploads\\\/2016\\\/04\\\/dsc_0058.jpg?fit=1080%2C720&ssl=1\",\"keywords\":[\"geiser\",\"geisers el tatio\"],\"articleSection\":[\"Am\u00e9rica do Sul\",\"am\u00e9rica latina\",\"Atacama\",\"Chile\",\"deserto\",\"natureza\"],\"inLanguage\":\"pt-BR\",\"potentialAction\":[{\"@type\":\"CommentAction\",\"name\":\"Comment\",\"target\":[\"https:\\\/\\\/mundosemfim.com\\\/?p=1958#respond\"]}]},{\"@type\":\"WebPage\",\"@id\":\"https:\\\/\\\/mundosemfim.com\\\/?p=1958\",\"url\":\"https:\\\/\\\/mundosemfim.com\\\/?p=1958\",\"name\":\"Geisers el Tatio \u2013 o passeio mais procurado no Atacama! - Mundo Sem Fim\",\"isPartOf\":{\"@id\":\"https:\\\/\\\/mundosemfim.com\\\/#website\"},\"primaryImageOfPage\":{\"@id\":\"https:\\\/\\\/mundosemfim.com\\\/?p=1958#primaryimage\"},\"image\":{\"@id\":\"https:\\\/\\\/mundosemfim.com\\\/?p=1958#primaryimage\"},\"thumbnailUrl\":\"https:\\\/\\\/i0.wp.com\\\/mundosemfim.com\\\/wp-content\\\/uploads\\\/2016\\\/04\\\/dsc_0058.jpg?fit=1080%2C720&ssl=1\",\"datePublished\":\"2016-04-21T13:20:57+00:00\",\"dateModified\":\"2017-02-11T23:53:49+00:00\",\"author\":{\"@id\":\"https:\\\/\\\/mundosemfim.com\\\/#\\\/schema\\\/person\\\/b021d50f3a19bae432e9b69ffbfa9257\"},\"breadcrumb\":{\"@id\":\"https:\\\/\\\/mundosemfim.com\\\/?p=1958#breadcrumb\"},\"inLanguage\":\"pt-BR\",\"potentialAction\":[{\"@type\":\"ReadAction\",\"target\":[\"https:\\\/\\\/mundosemfim.com\\\/?p=1958\"]}]},{\"@type\":\"ImageObject\",\"inLanguage\":\"pt-BR\",\"@id\":\"https:\\\/\\\/mundosemfim.com\\\/?p=1958#primaryimage\",\"url\":\"https:\\\/\\\/i0.wp.com\\\/mundosemfim.com\\\/wp-content\\\/uploads\\\/2016\\\/04\\\/dsc_0058.jpg?fit=1080%2C720&ssl=1\",\"contentUrl\":\"https:\\\/\\\/i0.wp.com\\\/mundosemfim.com\\\/wp-content\\\/uploads\\\/2016\\\/04\\\/dsc_0058.jpg?fit=1080%2C720&ssl=1\",\"width\":1080,\"height\":720,\"caption\":\"Ao fundo, um g\u00eaiser em plena atividade. Em Geisers el Tatio, Atacama\"},{\"@type\":\"BreadcrumbList\",\"@id\":\"https:\\\/\\\/mundosemfim.com\\\/?p=1958#breadcrumb\",\"itemListElement\":[{\"@type\":\"ListItem\",\"position\":1,\"name\":\"In\u00edcio\",\"item\":\"https:\\\/\\\/mundosemfim.com\\\/\"},{\"@type\":\"ListItem\",\"position\":2,\"name\":\"Geisers el Tatio \u2013 o passeio mais procurado no Atacama!\"}]},{\"@type\":\"WebSite\",\"@id\":\"https:\\\/\\\/mundosemfim.com\\\/#website\",\"url\":\"https:\\\/\\\/mundosemfim.com\\\/\",\"name\":\"Mundo Sem Fim\",\"description\":\"uma viagem de volta ao mundo pelos 5 continentes!\",\"potentialAction\":[{\"@type\":\"SearchAction\",\"target\":{\"@type\":\"EntryPoint\",\"urlTemplate\":\"https:\\\/\\\/mundosemfim.com\\\/?s={search_term_string}\"},\"query-input\":{\"@type\":\"PropertyValueSpecification\",\"valueRequired\":true,\"valueName\":\"search_term_string\"}}],\"inLanguage\":\"pt-BR\"},{\"@type\":\"Person\",\"@id\":\"https:\\\/\\\/mundosemfim.com\\\/#\\\/schema\\\/person\\\/b021d50f3a19bae432e9b69ffbfa9257\",\"name\":\"Renan\",\"image\":{\"@type\":\"ImageObject\",\"inLanguage\":\"pt-BR\",\"@id\":\"https:\\\/\\\/secure.gravatar.com\\\/avatar\\\/faafca769a603ac75196d21826f3bda645d7e2d6306bb6e236d8cdb38eb44e38?s=96&d=mm&r=g\",\"url\":\"https:\\\/\\\/secure.gravatar.com\\\/avatar\\\/faafca769a603ac75196d21826f3bda645d7e2d6306bb6e236d8cdb38eb44e38?s=96&d=mm&r=g\",\"contentUrl\":\"https:\\\/\\\/secure.gravatar.com\\\/avatar\\\/faafca769a603ac75196d21826f3bda645d7e2d6306bb6e236d8cdb38eb44e38?s=96&d=mm&r=g\",\"caption\":\"Renan\"}}]}<\/script>\n<!-- \/ Yoast SEO plugin. -->","yoast_head_json":{"title":"Geisers el Tatio \u2013 o passeio mais procurado no Atacama! - Mundo Sem Fim","robots":{"index":"index","follow":"follow","max-snippet":"max-snippet:-1","max-image-preview":"max-image-preview:large","max-video-preview":"max-video-preview:-1"},"canonical":"https:\/\/mundosemfim.com\/?p=1958","og_locale":"pt_BR","og_type":"article","og_title":"Geisers el Tatio \u2013 o passeio mais procurado no Atacama! - Mundo Sem Fim","og_description":"Se voc\u00ea estivesse no Atacama e pudesse fazer apenas um passeio, indicar\u00edamos os Geisers el Tatio. O encanto deste lugar n\u00e3o est\u00e1 apenas na beleza em si (\u00e9 dif\u00edcil escolher qual o destino mais bonito do deserto), mas sim no fato de ele ser diferente de tudo o que voc\u00ea j\u00e1 viu. Venha conhec\u00ea-lo com [&hellip;]","og_url":"https:\/\/mundosemfim.com\/?p=1958","og_site_name":"Mundo Sem Fim","article_publisher":"http:\/\/www.facebook.com\/mundosemfimoficial","article_published_time":"2016-04-21T13:20:57+00:00","article_modified_time":"2017-02-11T23:53:49+00:00","og_image":[{"width":1080,"height":720,"url":"https:\/\/i0.wp.com\/mundosemfim.com\/wp-content\/uploads\/2016\/04\/dsc_0058.jpg?fit=1080%2C720&ssl=1","type":"image\/jpeg"}],"author":"Renan","twitter_card":"summary_large_image","twitter_misc":{"Escrito por":"Renan","Est. tempo de leitura":"7 minutos"},"schema":{"@context":"https:\/\/schema.org","@graph":[{"@type":"Article","@id":"https:\/\/mundosemfim.com\/?p=1958#article","isPartOf":{"@id":"https:\/\/mundosemfim.com\/?p=1958"},"author":{"name":"Renan","@id":"https:\/\/mundosemfim.com\/#\/schema\/person\/b021d50f3a19bae432e9b69ffbfa9257"},"headline":"Geisers el Tatio \u2013 o passeio mais procurado no Atacama!","datePublished":"2016-04-21T13:20:57+00:00","dateModified":"2017-02-11T23:53:49+00:00","mainEntityOfPage":{"@id":"https:\/\/mundosemfim.com\/?p=1958"},"wordCount":1315,"commentCount":10,"image":{"@id":"https:\/\/mundosemfim.com\/?p=1958#primaryimage"},"thumbnailUrl":"https:\/\/i0.wp.com\/mundosemfim.com\/wp-content\/uploads\/2016\/04\/dsc_0058.jpg?fit=1080%2C720&ssl=1","keywords":["geiser","geisers el tatio"],"articleSection":["Am\u00e9rica do Sul","am\u00e9rica latina","Atacama","Chile","deserto","natureza"],"inLanguage":"pt-BR","potentialAction":[{"@type":"CommentAction","name":"Comment","target":["https:\/\/mundosemfim.com\/?p=1958#respond"]}]},{"@type":"WebPage","@id":"https:\/\/mundosemfim.com\/?p=1958","url":"https:\/\/mundosemfim.com\/?p=1958","name":"Geisers el Tatio \u2013 o passeio mais procurado no Atacama! - Mundo Sem Fim","isPartOf":{"@id":"https:\/\/mundosemfim.com\/#website"},"primaryImageOfPage":{"@id":"https:\/\/mundosemfim.com\/?p=1958#primaryimage"},"image":{"@id":"https:\/\/mundosemfim.com\/?p=1958#primaryimage"},"thumbnailUrl":"https:\/\/i0.wp.com\/mundosemfim.com\/wp-content\/uploads\/2016\/04\/dsc_0058.jpg?fit=1080%2C720&ssl=1","datePublished":"2016-04-21T13:20:57+00:00","dateModified":"2017-02-11T23:53:49+00:00","author":{"@id":"https:\/\/mundosemfim.com\/#\/schema\/person\/b021d50f3a19bae432e9b69ffbfa9257"},"breadcrumb":{"@id":"https:\/\/mundosemfim.com\/?p=1958#breadcrumb"},"inLanguage":"pt-BR","potentialAction":[{"@type":"ReadAction","target":["https:\/\/mundosemfim.com\/?p=1958"]}]},{"@type":"ImageObject","inLanguage":"pt-BR","@id":"https:\/\/mundosemfim.com\/?p=1958#primaryimage","url":"https:\/\/i0.wp.com\/mundosemfim.com\/wp-content\/uploads\/2016\/04\/dsc_0058.jpg?fit=1080%2C720&ssl=1","contentUrl":"https:\/\/i0.wp.com\/mundosemfim.com\/wp-content\/uploads\/2016\/04\/dsc_0058.jpg?fit=1080%2C720&ssl=1","width":1080,"height":720,"caption":"Ao fundo, um g\u00eaiser em plena atividade. Em Geisers el Tatio, Atacama"},{"@type":"BreadcrumbList","@id":"https:\/\/mundosemfim.com\/?p=1958#breadcrumb","itemListElement":[{"@type":"ListItem","position":1,"name":"In\u00edcio","item":"https:\/\/mundosemfim.com\/"},{"@type":"ListItem","position":2,"name":"Geisers el Tatio \u2013 o passeio mais procurado no Atacama!"}]},{"@type":"WebSite","@id":"https:\/\/mundosemfim.com\/#website","url":"https:\/\/mundosemfim.com\/","name":"Mundo Sem Fim","description":"uma viagem de volta ao mundo pelos 5 continentes!","potentialAction":[{"@type":"SearchAction","target":{"@type":"EntryPoint","urlTemplate":"https:\/\/mundosemfim.com\/?s={search_term_string}"},"query-input":{"@type":"PropertyValueSpecification","valueRequired":true,"valueName":"search_term_string"}}],"inLanguage":"pt-BR"},{"@type":"Person","@id":"https:\/\/mundosemfim.com\/#\/schema\/person\/b021d50f3a19bae432e9b69ffbfa9257","name":"Renan","image":{"@type":"ImageObject","inLanguage":"pt-BR","@id":"https:\/\/secure.gravatar.com\/avatar\/faafca769a603ac75196d21826f3bda645d7e2d6306bb6e236d8cdb38eb44e38?s=96&d=mm&r=g","url":"https:\/\/secure.gravatar.com\/avatar\/faafca769a603ac75196d21826f3bda645d7e2d6306bb6e236d8cdb38eb44e38?s=96&d=mm&r=g","contentUrl":"https:\/\/secure.gravatar.com\/avatar\/faafca769a603ac75196d21826f3bda645d7e2d6306bb6e236d8cdb38eb44e38?s=96&d=mm&r=g","caption":"Renan"}}]}},"jetpack_publicize_connections":[],"jetpack_featured_media_url":"https:\/\/i0.wp.com\/mundosemfim.com\/wp-content\/uploads\/2016\/04\/dsc_0058.jpg?fit=1080%2C720&ssl=1","jetpack_sharing_enabled":true,"jetpack_shortlink":"https:\/\/wp.me\/p7CQyF-vA","jetpack-related-posts":[{"id":2173,"url":"https:\/\/mundosemfim.com\/?p=2173","url_meta":{"origin":1958,"position":0},"title":"San Pedro de Atacama \u2013 tudo o que voc\u00ea precisa saber sobre este lugar incr\u00edvel!","author":"Renan","date":"abril 28, 2016","format":false,"excerpt":"Um pequeno o\u00e1sis no meio do deserto mais \u00e1rido do mundo, rodeado por paisagens que parecem de outro planeta: assim \u00e9 San Pedro! Tivemos o privil\u00e9gio de passar 15 dias nesta linda cidade, e exploramos cada canto para compartilhar todas as dicas com voc\u00eas! Refer\u00eancia 1 real \u2013 185 pesos\u2026","rel":"","context":"Em &quot;Am\u00e9rica do Sul&quot;","block_context":{"text":"Am\u00e9rica do Sul","link":"https:\/\/mundosemfim.com\/?cat=6"},"img":{"alt_text":"","src":"https:\/\/i0.wp.com\/mundosemfim.com\/wp-content\/uploads\/2016\/04\/dsc_0031.jpg?fit=960%2C640&ssl=1&resize=350%2C200","width":350,"height":200,"srcset":"https:\/\/i0.wp.com\/mundosemfim.com\/wp-content\/uploads\/2016\/04\/dsc_0031.jpg?fit=960%2C640&ssl=1&resize=350%2C200 1x, https:\/\/i0.wp.com\/mundosemfim.com\/wp-content\/uploads\/2016\/04\/dsc_0031.jpg?fit=960%2C640&ssl=1&resize=525%2C300 1.5x, https:\/\/i0.wp.com\/mundosemfim.com\/wp-content\/uploads\/2016\/04\/dsc_0031.jpg?fit=960%2C640&ssl=1&resize=700%2C400 2x"},"classes":[]},{"id":2049,"url":"https:\/\/mundosemfim.com\/?p=2049","url_meta":{"origin":1958,"position":1},"title":"Salar do Uyuni \u2013 tudo o que voc\u00ea precisa saber!","author":"Renan","date":"abril 27, 2016","format":false,"excerpt":"Localizado em territ\u00f3rio boliviano, ao sul da pequena cidade de Uyuni (Bol\u00edvia) e ao norte de San Pedro de Atacama (Chile) est\u00e1 o maior deserto de sal do mundo. Aqui contamos tudo como foi nosso passeio por esta beleza da natureza! Refer\u00eancia (abril\/2016): 1 real = 185 pesos chilenos 1\u2026","rel":"","context":"Em &quot;Am\u00e9rica do Sul&quot;","block_context":{"text":"Am\u00e9rica do Sul","link":"https:\/\/mundosemfim.com\/?cat=6"},"img":{"alt_text":"","src":"https:\/\/i0.wp.com\/mundosemfim.com\/wp-content\/uploads\/2016\/04\/dsc_0626.jpg?fit=1080%2C720&ssl=1&resize=350%2C200","width":350,"height":200,"srcset":"https:\/\/i0.wp.com\/mundosemfim.com\/wp-content\/uploads\/2016\/04\/dsc_0626.jpg?fit=1080%2C720&ssl=1&resize=350%2C200 1x, https:\/\/i0.wp.com\/mundosemfim.com\/wp-content\/uploads\/2016\/04\/dsc_0626.jpg?fit=1080%2C720&ssl=1&resize=525%2C300 1.5x, https:\/\/i0.wp.com\/mundosemfim.com\/wp-content\/uploads\/2016\/04\/dsc_0626.jpg?fit=1080%2C720&ssl=1&resize=700%2C400 2x, https:\/\/i0.wp.com\/mundosemfim.com\/wp-content\/uploads\/2016\/04\/dsc_0626.jpg?fit=1080%2C720&ssl=1&resize=1050%2C600 3x"},"classes":[]},{"id":1870,"url":"https:\/\/mundosemfim.com\/?p=1870","url_meta":{"origin":1958,"position":2},"title":"Yerbas Buenas \u2013 um passeio arqueol\u00f3gico no Atacama","author":"Renan","date":"abril 20, 2016","format":false,"excerpt":"Cada dia nos surpreendemos mais aqui em San Pedro de Atacama. Desta vez, vamos contar como foi visitar este s\u00edtio arqueol\u00f3gico, com hier\u00f3glifos grafados por popula\u00e7\u00f5es que viveram aqui h\u00e1 mais de 10 mil anos atr\u00e1s! Refer\u00eancia (abril\/2016): 1 real = 185 pesos chilenos \u00a0 \"Hier\u00f3glifo ou hieroglifo \u00e9 cada\u2026","rel":"","context":"Em &quot;Am\u00e9rica do Sul&quot;","block_context":{"text":"Am\u00e9rica do Sul","link":"https:\/\/mundosemfim.com\/?cat=6"},"img":{"alt_text":"","src":"https:\/\/i0.wp.com\/mundosemfim.com\/wp-content\/uploads\/2016\/04\/dsc_0140.jpg?fit=1080%2C720&ssl=1&resize=350%2C200","width":350,"height":200,"srcset":"https:\/\/i0.wp.com\/mundosemfim.com\/wp-content\/uploads\/2016\/04\/dsc_0140.jpg?fit=1080%2C720&ssl=1&resize=350%2C200 1x, https:\/\/i0.wp.com\/mundosemfim.com\/wp-content\/uploads\/2016\/04\/dsc_0140.jpg?fit=1080%2C720&ssl=1&resize=525%2C300 1.5x, https:\/\/i0.wp.com\/mundosemfim.com\/wp-content\/uploads\/2016\/04\/dsc_0140.jpg?fit=1080%2C720&ssl=1&resize=700%2C400 2x, https:\/\/i0.wp.com\/mundosemfim.com\/wp-content\/uploads\/2016\/04\/dsc_0140.jpg?fit=1080%2C720&ssl=1&resize=1050%2C600 3x"},"classes":[]},{"id":1638,"url":"https:\/\/mundosemfim.com\/?p=1638","url_meta":{"origin":1958,"position":3},"title":"Salar de Tara &#8211; um dos tours mais bonitos do Atacama","author":"Renan","date":"abril 13, 2016","format":false,"excerpt":"Este foi nosso segundo tour partindo de San Pedro de Atacama e, temos que dizer, este lugar nos surpreende a cada dia! Aqui contamos um pouco como \u00e9 este tour imperd\u00edvel! Um pouco do lugar O Salar de Tara est\u00e1 localizado a cerca de 135km de San Pedro, bem pr\u00f3ximo\u2026","rel":"","context":"Em &quot;Am\u00e9rica do Sul&quot;","block_context":{"text":"Am\u00e9rica do Sul","link":"https:\/\/mundosemfim.com\/?cat=6"},"img":{"alt_text":"","src":"https:\/\/i0.wp.com\/mundosemfim.com\/wp-content\/uploads\/2016\/04\/dsc_0184.jpg?fit=1200%2C800&ssl=1&resize=350%2C200","width":350,"height":200,"srcset":"https:\/\/i0.wp.com\/mundosemfim.com\/wp-content\/uploads\/2016\/04\/dsc_0184.jpg?fit=1200%2C800&ssl=1&resize=350%2C200 1x, https:\/\/i0.wp.com\/mundosemfim.com\/wp-content\/uploads\/2016\/04\/dsc_0184.jpg?fit=1200%2C800&ssl=1&resize=525%2C300 1.5x, https:\/\/i0.wp.com\/mundosemfim.com\/wp-content\/uploads\/2016\/04\/dsc_0184.jpg?fit=1200%2C800&ssl=1&resize=700%2C400 2x, https:\/\/i0.wp.com\/mundosemfim.com\/wp-content\/uploads\/2016\/04\/dsc_0184.jpg?fit=1200%2C800&ssl=1&resize=1050%2C600 3x"},"classes":[]},{"id":1726,"url":"https:\/\/mundosemfim.com\/?p=1726","url_meta":{"origin":1958,"position":4},"title":"Piedras Rojas e Lagunas Altipl\u00e2nicas \u2013 um dos tours mais impressionantes do Atacama!","author":"Renan","date":"abril 16, 2016","format":false,"excerpt":"Seguindo nosso roteiro pelo Atacama, tivemos desta vez o privil\u00e9gio de conhecer as Piedras Rojas e as Lagunas Altipl\u00e2nicas, e vamos compartilhar com voc\u00eas todas as informa\u00e7\u00f5es deste passeio imperd\u00edvel! Refer\u00eancia 1 real \u2013 185 pesos chilenos (abril\/2016) \u00a0 Localizada a\u00a0cerca de 150km de San Pedro de Atacama, pr\u00f3ximo \u00e0\u2026","rel":"","context":"Em &quot;Am\u00e9rica do Sul&quot;","block_context":{"text":"Am\u00e9rica do Sul","link":"https:\/\/mundosemfim.com\/?cat=6"},"img":{"alt_text":"","src":"https:\/\/i0.wp.com\/mundosemfim.com\/wp-content\/uploads\/2016\/04\/dsc_0167.jpg?fit=1140%2C760&ssl=1&resize=350%2C200","width":350,"height":200,"srcset":"https:\/\/i0.wp.com\/mundosemfim.com\/wp-content\/uploads\/2016\/04\/dsc_0167.jpg?fit=1140%2C760&ssl=1&resize=350%2C200 1x, https:\/\/i0.wp.com\/mundosemfim.com\/wp-content\/uploads\/2016\/04\/dsc_0167.jpg?fit=1140%2C760&ssl=1&resize=525%2C300 1.5x, https:\/\/i0.wp.com\/mundosemfim.com\/wp-content\/uploads\/2016\/04\/dsc_0167.jpg?fit=1140%2C760&ssl=1&resize=700%2C400 2x, https:\/\/i0.wp.com\/mundosemfim.com\/wp-content\/uploads\/2016\/04\/dsc_0167.jpg?fit=1140%2C760&ssl=1&resize=1050%2C600 3x"},"classes":[]},{"id":1915,"url":"https:\/\/mundosemfim.com\/?p=1915","url_meta":{"origin":1958,"position":5},"title":"Vale do arco-\u00edris \u2013 um passeio encantador e pouco conhecido no Atacama","author":"Renan","date":"abril 20, 2016","format":false,"excerpt":"Ainda pouco popular entre os viajantes que passeiam por San Pedro de Atacama, o Valle del Arco\u00edris encanta pela sua beleza e pela tranquilidade que reina no local. Venha conhec\u00ea-lo com a gente! Refer\u00eancia (abril\/2016) 1 real =185 pesos chilenos Como chegar O Valle del Arco\u00edris (ou Vale do Arco-\u00edris)\u2026","rel":"","context":"Em &quot;Am\u00e9rica do Sul&quot;","block_context":{"text":"Am\u00e9rica do Sul","link":"https:\/\/mundosemfim.com\/?cat=6"},"img":{"alt_text":"","src":"https:\/\/i0.wp.com\/mundosemfim.com\/wp-content\/uploads\/2016\/04\/dsc_00231.jpg?fit=1140%2C760&ssl=1&resize=350%2C200","width":350,"height":200,"srcset":"https:\/\/i0.wp.com\/mundosemfim.com\/wp-content\/uploads\/2016\/04\/dsc_00231.jpg?fit=1140%2C760&ssl=1&resize=350%2C200 1x, https:\/\/i0.wp.com\/mundosemfim.com\/wp-content\/uploads\/2016\/04\/dsc_00231.jpg?fit=1140%2C760&ssl=1&resize=525%2C300 1.5x, https:\/\/i0.wp.com\/mundosemfim.com\/wp-content\/uploads\/2016\/04\/dsc_00231.jpg?fit=1140%2C760&ssl=1&resize=700%2C400 2x, https:\/\/i0.wp.com\/mundosemfim.com\/wp-content\/uploads\/2016\/04\/dsc_00231.jpg?fit=1140%2C760&ssl=1&resize=1050%2C600 3x"},"classes":[]}],"_links":{"self":[{"href":"https:\/\/mundosemfim.com\/index.php?rest_route=\/wp\/v2\/posts\/1958","targetHints":{"allow":["GET"]}}],"collection":[{"href":"https:\/\/mundosemfim.com\/index.php?rest_route=\/wp\/v2\/posts"}],"about":[{"href":"https:\/\/mundosemfim.com\/index.php?rest_route=\/wp\/v2\/types\/post"}],"author":[{"embeddable":true,"href":"https:\/\/mundosemfim.com\/index.php?rest_route=\/wp\/v2\/users\/1"}],"replies":[{"embeddable":true,"href":"https:\/\/mundosemfim.com\/index.php?rest_route=%2Fwp%2Fv2%2Fcomments&post=1958"}],"version-history":[{"count":4,"href":"https:\/\/mundosemfim.com\/index.php?rest_route=\/wp\/v2\/posts\/1958\/revisions"}],"predecessor-version":[{"id":5183,"href":"https:\/\/mundosemfim.com\/index.php?rest_route=\/wp\/v2\/posts\/1958\/revisions\/5183"}],"wp:featuredmedia":[{"embeddable":true,"href":"https:\/\/mundosemfim.com\/index.php?rest_route=\/wp\/v2\/media\/1964"}],"wp:attachment":[{"href":"https:\/\/mundosemfim.com\/index.php?rest_route=%2Fwp%2Fv2%2Fmedia&parent=1958"}],"wp:term":[{"taxonomy":"category","embeddable":true,"href":"https:\/\/mundosemfim.com\/index.php?rest_route=%2Fwp%2Fv2%2Fcategories&post=1958"},{"taxonomy":"post_tag","embeddable":true,"href":"https:\/\/mundosemfim.com\/index.php?rest_route=%2Fwp%2Fv2%2Ftags&post=1958"}],"curies":[{"name":"wp","href":"https:\/\/api.w.org\/{rel}","templated":true}]}}