{"id":1915,"date":"2016-04-20T18:48:56","date_gmt":"2016-04-20T21:48:56","guid":{"rendered":"https:\/\/mundosemfim.com\/?p=1915"},"modified":"2017-02-16T13:18:25","modified_gmt":"2017-02-16T15:18:25","slug":"valle-del-arcoiris-um-passeio-encantador-e-pouco-conhecido-no-atacama","status":"publish","type":"post","link":"https:\/\/mundosemfim.com\/?p=1915","title":{"rendered":"Vale do arco-\u00edris \u2013 um passeio encantador e pouco conhecido no Atacama"},"content":{"rendered":"<p>Ainda pouco popular entre os viajantes que passeiam por <a href=\"https:\/\/mundosemfim.com\/san-pedro-de-atacama-tudo-o-que-voce-precisa-saber-para-aproveitar-ao-maximo-este-lugar-incrivel\/\">San Pedro de Atacama<\/a>, o Valle del Arco\u00edris encanta pela sua beleza e pela tranquilidade que reina no local. Venha conhec\u00ea-lo com a gente!<\/p>\n<p><!--more--><\/p>\n<p><b>Refer\u00eancia (abril\/2016)<br \/>\n<\/b>1 real =185 pesos chilenos<\/p>\n<hr \/>\n<h3><b>Como chegar<\/b><\/h3>\n<p>O Valle del Arco\u00edris (ou Vale do Arco-\u00edris) est\u00e1 localizado a pouco menos de 1h de carro de <a href=\"https:\/\/mundosemfim.com\/san-pedro-de-atacama-tudo-o-que-voce-precisa-saber-para-aproveitar-ao-maximo-este-lugar-incrivel\/\">San Pedro de Atacama<\/a>. Para chegar l\u00e1, \u00e9 preciso pegar a estrada sentido Calama e depois a entrada para Rio Grande. A estrada que leva \u00e9 parte asfaltada e parte de terra. Ainda que um 4&#215;4 n\u00e3o seja obrigat\u00f3rio, quem vai com ve\u00edculos baixos pode sofrer um pouco no caminho.<\/p>\n<figure id=\"attachment_1919\" aria-describedby=\"caption-attachment-1919\" style=\"width: 1080px\" class=\"wp-caption alignnone\"><img data-recalc-dims=\"1\" loading=\"lazy\" decoding=\"async\" data-attachment-id=\"1919\" data-permalink=\"https:\/\/mundosemfim.com\/?attachment_id=1919\" data-orig-file=\"https:\/\/i0.wp.com\/mundosemfim.com\/wp-content\/uploads\/2016\/04\/dsc_0019.jpg?fit=1080%2C720&amp;ssl=1\" data-orig-size=\"1080,720\" data-comments-opened=\"1\" data-image-meta=\"{&quot;aperture&quot;:&quot;18&quot;,&quot;credit&quot;:&quot;&quot;,&quot;camera&quot;:&quot;NIKON D5200&quot;,&quot;caption&quot;:&quot;&quot;,&quot;created_timestamp&quot;:&quot;1460654597&quot;,&quot;copyright&quot;:&quot;&quot;,&quot;focal_length&quot;:&quot;18&quot;,&quot;iso&quot;:&quot;200&quot;,&quot;shutter_speed&quot;:&quot;0.004&quot;,&quot;title&quot;:&quot;&quot;,&quot;orientation&quot;:&quot;1&quot;}\" data-image-title=\"DSC_0019\" data-image-description=\"\" data-image-caption=\"&lt;p&gt;O caminho at\u00e9 chegar ao Valle del Arco\u00edris&lt;\/p&gt;\n\" data-large-file=\"https:\/\/i0.wp.com\/mundosemfim.com\/wp-content\/uploads\/2016\/04\/dsc_0019.jpg?fit=764%2C510&amp;ssl=1\" class=\"wp-image-1919 size-full\" src=\"https:\/\/i0.wp.com\/mundosemfim.com\/wp-content\/uploads\/2016\/04\/dsc_0019.jpg?resize=764%2C509&#038;ssl=1\" alt=\"Valle del Arco\u00edris, Atacama\" width=\"764\" height=\"509\" srcset=\"https:\/\/i0.wp.com\/mundosemfim.com\/wp-content\/uploads\/2016\/04\/dsc_0019.jpg?w=1080&amp;ssl=1 1080w, https:\/\/i0.wp.com\/mundosemfim.com\/wp-content\/uploads\/2016\/04\/dsc_0019.jpg?resize=300%2C200&amp;ssl=1 300w, https:\/\/i0.wp.com\/mundosemfim.com\/wp-content\/uploads\/2016\/04\/dsc_0019.jpg?resize=768%2C512&amp;ssl=1 768w, https:\/\/i0.wp.com\/mundosemfim.com\/wp-content\/uploads\/2016\/04\/dsc_0019.jpg?resize=1024%2C683&amp;ssl=1 1024w\" sizes=\"auto, (max-width: 764px) 100vw, 764px\" \/><figcaption id=\"caption-attachment-1919\" class=\"wp-caption-text\">O caminho at\u00e9 chegar ao Valle del Arco\u00edris<\/figcaption><\/figure>\n<p>Voc\u00ea pode chegar ao vale com seu ve\u00edculo pr\u00f3prio ou atrav\u00e9s de uma excurs\u00e3o contratada em <a href=\"https:\/\/mundosemfim.com\/san-pedro-de-atacama-tudo-o-que-voce-precisa-saber-para-aproveitar-ao-maximo-este-lugar-incrivel\/\">San Pedro de Atacama<\/a>. O ideal \u00e9 combinar o passeio do Vale do Arco-\u00edris com o<a href=\"https:\/\/mundosemfim.com\/yerbas-buenas-um-passeio-arqueologico-no-atacama\/\" target=\"_blank\"> Yerbas Buenas<\/a>, que s\u00e3o vizinhos. Antes de contratar o passeio, certifique-se que a ag\u00eancia leva aos dois lugares.<\/p>\n<p>N\u00f3s fomos com a <a href=\"http:\/\/www.aylluatacama.com.br\" target=\"_blank\">Ayllu Atacama<\/a>, empresa especializada em receber brasileiros, e o passeio foi excelente.<\/p>\n<figure id=\"attachment_1924\" aria-describedby=\"caption-attachment-1924\" style=\"width: 1140px\" class=\"wp-caption alignnone\"><img data-recalc-dims=\"1\" loading=\"lazy\" decoding=\"async\" data-attachment-id=\"1924\" data-permalink=\"https:\/\/mundosemfim.com\/?attachment_id=1924\" data-orig-file=\"https:\/\/i0.wp.com\/mundosemfim.com\/wp-content\/uploads\/2016\/04\/dsc_0024.jpg?fit=1140%2C760&amp;ssl=1\" data-orig-size=\"1140,760\" data-comments-opened=\"1\" data-image-meta=\"{&quot;aperture&quot;:&quot;18&quot;,&quot;credit&quot;:&quot;&quot;,&quot;camera&quot;:&quot;NIKON D5200&quot;,&quot;caption&quot;:&quot;&quot;,&quot;created_timestamp&quot;:&quot;1460654736&quot;,&quot;copyright&quot;:&quot;&quot;,&quot;focal_length&quot;:&quot;18&quot;,&quot;iso&quot;:&quot;320&quot;,&quot;shutter_speed&quot;:&quot;0.00625&quot;,&quot;title&quot;:&quot;&quot;,&quot;orientation&quot;:&quot;1&quot;}\" data-image-title=\"DSC_0024\" data-image-description=\"\" data-image-caption=\"&lt;p&gt;Detalhe de um rio seco no vale do arco-\u00edris&lt;\/p&gt;\n\" data-large-file=\"https:\/\/i0.wp.com\/mundosemfim.com\/wp-content\/uploads\/2016\/04\/dsc_0024.jpg?fit=764%2C510&amp;ssl=1\" class=\"wp-image-1924 size-full\" src=\"https:\/\/i0.wp.com\/mundosemfim.com\/wp-content\/uploads\/2016\/04\/dsc_0024.jpg?resize=764%2C509&#038;ssl=1\" alt=\"Entrada para o Vale do arco-\u00edris\" width=\"764\" height=\"509\" srcset=\"https:\/\/i0.wp.com\/mundosemfim.com\/wp-content\/uploads\/2016\/04\/dsc_0024.jpg?w=1140&amp;ssl=1 1140w, https:\/\/i0.wp.com\/mundosemfim.com\/wp-content\/uploads\/2016\/04\/dsc_0024.jpg?resize=300%2C200&amp;ssl=1 300w, https:\/\/i0.wp.com\/mundosemfim.com\/wp-content\/uploads\/2016\/04\/dsc_0024.jpg?resize=768%2C512&amp;ssl=1 768w, https:\/\/i0.wp.com\/mundosemfim.com\/wp-content\/uploads\/2016\/04\/dsc_0024.jpg?resize=1024%2C683&amp;ssl=1 1024w\" sizes=\"auto, (max-width: 764px) 100vw, 764px\" \/><figcaption id=\"caption-attachment-1924\" class=\"wp-caption-text\">Detalhe de um rio seco no vale do arco-\u00edris<\/figcaption><\/figure>\n<h3><b>Entrada<\/b><\/h3>\n<p>Milagrosamente, ainda n\u00e3o est\u00e3o cobrando a entrada para o Valle do Arco-\u00edris.<\/p>\n<figure id=\"attachment_1955\" aria-describedby=\"caption-attachment-1955\" style=\"width: 1140px\" class=\"wp-caption alignnone\"><img data-recalc-dims=\"1\" loading=\"lazy\" decoding=\"async\" data-attachment-id=\"1955\" data-permalink=\"https:\/\/mundosemfim.com\/?attachment_id=1955\" data-orig-file=\"https:\/\/i0.wp.com\/mundosemfim.com\/wp-content\/uploads\/2016\/04\/dsc_0029.jpg?fit=1140%2C760&amp;ssl=1\" data-orig-size=\"1140,760\" data-comments-opened=\"1\" data-image-meta=\"{&quot;aperture&quot;:&quot;18&quot;,&quot;credit&quot;:&quot;&quot;,&quot;camera&quot;:&quot;NIKON D5200&quot;,&quot;caption&quot;:&quot;&quot;,&quot;created_timestamp&quot;:&quot;1460654939&quot;,&quot;copyright&quot;:&quot;&quot;,&quot;focal_length&quot;:&quot;18&quot;,&quot;iso&quot;:&quot;320&quot;,&quot;shutter_speed&quot;:&quot;0.004&quot;,&quot;title&quot;:&quot;&quot;,&quot;orientation&quot;:&quot;1&quot;}\" data-image-title=\"DSC_0029\" data-image-description=\"\" data-image-caption=\"&lt;p&gt;Mucuvinha apreciando o Vale do Arco-\u00edris&lt;\/p&gt;\n\" data-large-file=\"https:\/\/i0.wp.com\/mundosemfim.com\/wp-content\/uploads\/2016\/04\/dsc_0029.jpg?fit=764%2C510&amp;ssl=1\" class=\"wp-image-1955 size-full\" src=\"https:\/\/i0.wp.com\/mundosemfim.com\/wp-content\/uploads\/2016\/04\/dsc_0029.jpg?resize=764%2C509&#038;ssl=1\" alt=\"Mucuvinha no Vale do Arco-\u00edris, no Atacama\" width=\"764\" height=\"509\" srcset=\"https:\/\/i0.wp.com\/mundosemfim.com\/wp-content\/uploads\/2016\/04\/dsc_0029.jpg?w=1140&amp;ssl=1 1140w, https:\/\/i0.wp.com\/mundosemfim.com\/wp-content\/uploads\/2016\/04\/dsc_0029.jpg?resize=300%2C200&amp;ssl=1 300w, https:\/\/i0.wp.com\/mundosemfim.com\/wp-content\/uploads\/2016\/04\/dsc_0029.jpg?resize=768%2C512&amp;ssl=1 768w, https:\/\/i0.wp.com\/mundosemfim.com\/wp-content\/uploads\/2016\/04\/dsc_0029.jpg?resize=1024%2C683&amp;ssl=1 1024w\" sizes=\"auto, (max-width: 764px) 100vw, 764px\" \/><figcaption id=\"caption-attachment-1955\" class=\"wp-caption-text\">Mucuvinha apreciando o Vale do Arco-\u00edris<\/figcaption><\/figure>\n<h3><b>Um pouco sobre o lugar<\/b><\/h3>\n<p>O Valle do Arco-\u00edris tem este nome devido \u00e0s m\u00faltiplas cores de seus cerros, causada pela grande quantidade de minerais do local. O cen\u00e1rio da regi\u00e3o nos faz lembrar de filmes sobre Marte (at\u00e9 nos perguntamos se alguns deles n\u00e3o foram filmados aqui).<\/p>\n<figure id=\"attachment_1927\" aria-describedby=\"caption-attachment-1927\" style=\"width: 1080px\" class=\"wp-caption alignnone\"><img data-recalc-dims=\"1\" loading=\"lazy\" decoding=\"async\" data-attachment-id=\"1927\" data-permalink=\"https:\/\/mundosemfim.com\/?attachment_id=1927\" data-orig-file=\"https:\/\/i0.wp.com\/mundosemfim.com\/wp-content\/uploads\/2016\/04\/dsc_0066.jpg?fit=1080%2C720&amp;ssl=1\" data-orig-size=\"1080,720\" data-comments-opened=\"1\" data-image-meta=\"{&quot;aperture&quot;:&quot;18&quot;,&quot;credit&quot;:&quot;&quot;,&quot;camera&quot;:&quot;NIKON D5200&quot;,&quot;caption&quot;:&quot;&quot;,&quot;created_timestamp&quot;:&quot;1460656493&quot;,&quot;copyright&quot;:&quot;&quot;,&quot;focal_length&quot;:&quot;26&quot;,&quot;iso&quot;:&quot;640&quot;,&quot;shutter_speed&quot;:&quot;0.005&quot;,&quot;title&quot;:&quot;&quot;,&quot;orientation&quot;:&quot;1&quot;}\" data-image-title=\"DSC_0066\" data-image-description=\"\" data-image-caption=\"&lt;p&gt;Os cen\u00e1rios do Atacama n\u00e3o lembram Marte?&lt;\/p&gt;\n\" data-large-file=\"https:\/\/i0.wp.com\/mundosemfim.com\/wp-content\/uploads\/2016\/04\/dsc_0066.jpg?fit=764%2C510&amp;ssl=1\" class=\"wp-image-1927 size-full\" src=\"https:\/\/i0.wp.com\/mundosemfim.com\/wp-content\/uploads\/2016\/04\/dsc_0066.jpg?resize=764%2C509&#038;ssl=1\" alt=\"O Valle del Arco\u00edris, no Atacama, parece Marte\" width=\"764\" height=\"509\" srcset=\"https:\/\/i0.wp.com\/mundosemfim.com\/wp-content\/uploads\/2016\/04\/dsc_0066.jpg?w=1080&amp;ssl=1 1080w, https:\/\/i0.wp.com\/mundosemfim.com\/wp-content\/uploads\/2016\/04\/dsc_0066.jpg?resize=300%2C200&amp;ssl=1 300w, https:\/\/i0.wp.com\/mundosemfim.com\/wp-content\/uploads\/2016\/04\/dsc_0066.jpg?resize=768%2C512&amp;ssl=1 768w, https:\/\/i0.wp.com\/mundosemfim.com\/wp-content\/uploads\/2016\/04\/dsc_0066.jpg?resize=1024%2C683&amp;ssl=1 1024w\" sizes=\"auto, (max-width: 764px) 100vw, 764px\" \/><figcaption id=\"caption-attachment-1927\" class=\"wp-caption-text\">Os cen\u00e1rios do Atacama n\u00e3o lembram Marte?<\/figcaption><\/figure>\n<p>Por estar em uma altitude n\u00e3o muito elevada (3600 metros) comparada com outros passeios, este pode ser uma boa alternativa para os primeiros dias, quando voc\u00ea ainda est\u00e1 se aclimatando com a regi\u00e3o.<\/p>\n<figure id=\"attachment_1945\" aria-describedby=\"caption-attachment-1945\" style=\"width: 1216px\" class=\"wp-caption alignnone\"><img data-recalc-dims=\"1\" loading=\"lazy\" decoding=\"async\" data-attachment-id=\"1945\" data-permalink=\"https:\/\/mundosemfim.com\/?attachment_id=1945\" data-orig-file=\"https:\/\/i0.wp.com\/mundosemfim.com\/wp-content\/uploads\/2016\/04\/p4140095.jpg?fit=1216%2C912&amp;ssl=1\" data-orig-size=\"1216,912\" data-comments-opened=\"1\" data-image-meta=\"{&quot;aperture&quot;:&quot;4.6&quot;,&quot;credit&quot;:&quot;&quot;,&quot;camera&quot;:&quot;TG-630&quot;,&quot;caption&quot;:&quot;OLYMPUS DIGITAL CAMERA&quot;,&quot;created_timestamp&quot;:&quot;1460654547&quot;,&quot;copyright&quot;:&quot;&quot;,&quot;focal_length&quot;:&quot;16.1&quot;,&quot;iso&quot;:&quot;160&quot;,&quot;shutter_speed&quot;:&quot;0.00625&quot;,&quot;title&quot;:&quot;OLYMPUS DIGITAL CAMERA&quot;,&quot;orientation&quot;:&quot;1&quot;}\" data-image-title=\"OLYMPUS DIGITAL CAMERA\" data-image-description=\"\" data-image-caption=\"&lt;p&gt;Os distintos minerais d\u00e3o uma colora\u00e7\u00e3o especial aos cerros da regi\u00e3o.&lt;\/p&gt;\n\" data-large-file=\"https:\/\/i0.wp.com\/mundosemfim.com\/wp-content\/uploads\/2016\/04\/p4140095.jpg?fit=764%2C573&amp;ssl=1\" class=\"wp-image-1945 size-full\" src=\"https:\/\/i0.wp.com\/mundosemfim.com\/wp-content\/uploads\/2016\/04\/p4140095.jpg?resize=764%2C573&#038;ssl=1\" alt=\"Os minerais s\u00e3o respons\u00e1veis pelas cores do Vale do Arco-\u00cdris\" width=\"764\" height=\"573\" srcset=\"https:\/\/i0.wp.com\/mundosemfim.com\/wp-content\/uploads\/2016\/04\/p4140095.jpg?w=1216&amp;ssl=1 1216w, https:\/\/i0.wp.com\/mundosemfim.com\/wp-content\/uploads\/2016\/04\/p4140095.jpg?resize=300%2C225&amp;ssl=1 300w, https:\/\/i0.wp.com\/mundosemfim.com\/wp-content\/uploads\/2016\/04\/p4140095.jpg?resize=768%2C576&amp;ssl=1 768w, https:\/\/i0.wp.com\/mundosemfim.com\/wp-content\/uploads\/2016\/04\/p4140095.jpg?resize=1024%2C768&amp;ssl=1 1024w, https:\/\/i0.wp.com\/mundosemfim.com\/wp-content\/uploads\/2016\/04\/p4140095.jpg?resize=800%2C600&amp;ssl=1 800w\" sizes=\"auto, (max-width: 764px) 100vw, 764px\" \/><figcaption id=\"caption-attachment-1945\" class=\"wp-caption-text\">Os distintos minerais d\u00e3o uma colora\u00e7\u00e3o especial aos cerros da regi\u00e3o.<\/figcaption><\/figure>\n<p>A temperatura no vale \u00e9 um pouco mais fria que a de San Pedro, portanto conv\u00e9m levar um casaco (principalmente se for ficar por l\u00e1 depois do sol se por).<\/p>\n<figure id=\"attachment_1948\" aria-describedby=\"caption-attachment-1948\" style=\"width: 1080px\" class=\"wp-caption alignnone\"><img data-recalc-dims=\"1\" loading=\"lazy\" decoding=\"async\" data-attachment-id=\"1948\" data-permalink=\"https:\/\/mundosemfim.com\/?attachment_id=1948\" data-orig-file=\"https:\/\/i0.wp.com\/mundosemfim.com\/wp-content\/uploads\/2016\/04\/dsc_00511.jpg?fit=1080%2C720&amp;ssl=1\" data-orig-size=\"1080,720\" data-comments-opened=\"1\" data-image-meta=\"{&quot;aperture&quot;:&quot;18&quot;,&quot;credit&quot;:&quot;&quot;,&quot;camera&quot;:&quot;NIKON D5200&quot;,&quot;caption&quot;:&quot;&quot;,&quot;created_timestamp&quot;:&quot;1460655895&quot;,&quot;copyright&quot;:&quot;&quot;,&quot;focal_length&quot;:&quot;55&quot;,&quot;iso&quot;:&quot;320&quot;,&quot;shutter_speed&quot;:&quot;0.016666666666667&quot;,&quot;title&quot;:&quot;&quot;,&quot;orientation&quot;:&quot;1&quot;}\" data-image-title=\"DSC_0051\" data-image-description=\"\" data-image-caption=\"&lt;p&gt;A lua enquadrada pelas pedras do Vale do Arco-\u00edris.&lt;\/p&gt;\n\" data-large-file=\"https:\/\/i0.wp.com\/mundosemfim.com\/wp-content\/uploads\/2016\/04\/dsc_00511.jpg?fit=764%2C510&amp;ssl=1\" class=\"wp-image-1948 size-full\" src=\"https:\/\/i0.wp.com\/mundosemfim.com\/wp-content\/uploads\/2016\/04\/dsc_00511.jpg?resize=764%2C509&#038;ssl=1\" alt=\"Vale do arco-\u00edris\" width=\"764\" height=\"509\" srcset=\"https:\/\/i0.wp.com\/mundosemfim.com\/wp-content\/uploads\/2016\/04\/dsc_00511.jpg?w=1080&amp;ssl=1 1080w, https:\/\/i0.wp.com\/mundosemfim.com\/wp-content\/uploads\/2016\/04\/dsc_00511.jpg?resize=300%2C200&amp;ssl=1 300w, https:\/\/i0.wp.com\/mundosemfim.com\/wp-content\/uploads\/2016\/04\/dsc_00511.jpg?resize=768%2C512&amp;ssl=1 768w, https:\/\/i0.wp.com\/mundosemfim.com\/wp-content\/uploads\/2016\/04\/dsc_00511.jpg?resize=1024%2C683&amp;ssl=1 1024w\" sizes=\"auto, (max-width: 764px) 100vw, 764px\" \/><figcaption id=\"caption-attachment-1948\" class=\"wp-caption-text\">A lua enquadrada pelas pedras do Vale do Arco-\u00edris.<\/figcaption><\/figure>\n<h3><b>O tour<\/b><\/h3>\n<p>Sa\u00edmos da sede da <a href=\"http:\/\/www.aylluatacama.com.br\" target=\"_blank\">Ayllu <\/a>\u00e0s 16h em uma van com mais 3 pessoas (todos brasileiros). Nosso guia, Dani, era chileno mas falava bem portugu\u00eas e entendia muito da regi\u00e3o, o que foi fundamental para conhecermos um pouco melhor da hist\u00f3ria do Atacama.<\/p>\n<p>No caminho, paramos em um mirador para ver parte do <a href=\"https:\/\/mundosemfim.com\/conhecendo-o-valle-de-la-luna-e-valle-de-la-muerte-no-atacama\/\">Valle de la Luna <\/a>e as cordilheiras dos Andes e do Sal.<\/p>\n<figure id=\"attachment_1941\" aria-describedby=\"caption-attachment-1941\" style=\"width: 1216px\" class=\"wp-caption alignnone\"><img data-recalc-dims=\"1\" loading=\"lazy\" decoding=\"async\" data-attachment-id=\"1941\" data-permalink=\"https:\/\/mundosemfim.com\/?attachment_id=1941\" data-orig-file=\"https:\/\/i0.wp.com\/mundosemfim.com\/wp-content\/uploads\/2016\/04\/p4140082.jpg?fit=1216%2C912&amp;ssl=1\" data-orig-size=\"1216,912\" data-comments-opened=\"1\" data-image-meta=\"{&quot;aperture&quot;:&quot;18&quot;,&quot;credit&quot;:&quot;&quot;,&quot;camera&quot;:&quot;TG-630&quot;,&quot;caption&quot;:&quot;OLYMPUS DIGITAL CAMERA&quot;,&quot;created_timestamp&quot;:&quot;1460651608&quot;,&quot;copyright&quot;:&quot;&quot;,&quot;focal_length&quot;:&quot;25&quot;,&quot;iso&quot;:&quot;200&quot;,&quot;shutter_speed&quot;:&quot;0.005&quot;,&quot;title&quot;:&quot;OLYMPUS DIGITAL CAMERA&quot;,&quot;orientation&quot;:&quot;1&quot;}\" data-image-title=\"OLYMPUS DIGITAL CAMERA\" data-image-description=\"\" data-image-caption=\"&lt;p&gt;Um guanaco solit\u00e1rio caminha pela imensid\u00e3o do deserto, tendo como plano de fundo as cordilheiras de Sal e dos Andes.&lt;\/p&gt;\n\" data-large-file=\"https:\/\/i0.wp.com\/mundosemfim.com\/wp-content\/uploads\/2016\/04\/p4140082.jpg?fit=764%2C573&amp;ssl=1\" class=\"wp-image-1941 size-full\" src=\"https:\/\/i0.wp.com\/mundosemfim.com\/wp-content\/uploads\/2016\/04\/p4140082.jpg?resize=764%2C573&#038;ssl=1\" alt=\"Cordilheiras de Sal e dos Andes no Atacama\" width=\"764\" height=\"573\" srcset=\"https:\/\/i0.wp.com\/mundosemfim.com\/wp-content\/uploads\/2016\/04\/p4140082.jpg?w=1216&amp;ssl=1 1216w, https:\/\/i0.wp.com\/mundosemfim.com\/wp-content\/uploads\/2016\/04\/p4140082.jpg?resize=300%2C225&amp;ssl=1 300w, https:\/\/i0.wp.com\/mundosemfim.com\/wp-content\/uploads\/2016\/04\/p4140082.jpg?resize=768%2C576&amp;ssl=1 768w, https:\/\/i0.wp.com\/mundosemfim.com\/wp-content\/uploads\/2016\/04\/p4140082.jpg?resize=1024%2C768&amp;ssl=1 1024w, https:\/\/i0.wp.com\/mundosemfim.com\/wp-content\/uploads\/2016\/04\/p4140082.jpg?resize=800%2C600&amp;ssl=1 800w\" sizes=\"auto, (max-width: 764px) 100vw, 764px\" \/><figcaption id=\"caption-attachment-1941\" class=\"wp-caption-text\">Um guanaco solit\u00e1rio caminha pela imensid\u00e3o do deserto, tendo como plano de fundo as cordilheiras de Sal e dos Andes.<\/figcaption><\/figure>\n<p>Chegamos no Valle del Arco\u00edris por volta das 17h e aprendemos um pouco sobre a geografia do local. Depois, descemos da van e seguimos caminhando por dentro do vale, por tr\u00e1s de uma montanha que parece um dinossauro.<\/p>\n<figure id=\"attachment_1938\" aria-describedby=\"caption-attachment-1938\" style=\"width: 1184px\" class=\"wp-caption alignnone\"><img data-recalc-dims=\"1\" loading=\"lazy\" decoding=\"async\" data-attachment-id=\"1938\" data-permalink=\"https:\/\/mundosemfim.com\/?attachment_id=1938\" data-orig-file=\"https:\/\/i0.wp.com\/mundosemfim.com\/wp-content\/uploads\/2016\/04\/p4140097.jpg?fit=1184%2C888&amp;ssl=1\" data-orig-size=\"1184,888\" data-comments-opened=\"1\" data-image-meta=\"{&quot;aperture&quot;:&quot;3.9&quot;,&quot;credit&quot;:&quot;&quot;,&quot;camera&quot;:&quot;TG-630&quot;,&quot;caption&quot;:&quot;OLYMPUS DIGITAL CAMERA&quot;,&quot;created_timestamp&quot;:&quot;1460654673&quot;,&quot;copyright&quot;:&quot;&quot;,&quot;focal_length&quot;:&quot;5&quot;,&quot;iso&quot;:&quot;100&quot;,&quot;shutter_speed&quot;:&quot;0.0015625&quot;,&quot;title&quot;:&quot;OLYMPUS DIGITAL CAMERA&quot;,&quot;orientation&quot;:&quot;1&quot;}\" data-image-title=\"OLYMPUS DIGITAL CAMERA\" data-image-description=\"\" data-image-caption=\"&lt;p&gt;Para n\u00f3s, estas forma\u00e7\u00f5es parecem um dinossauro deitado. E para voc\u00ea?&lt;\/p&gt;\n\" data-large-file=\"https:\/\/i0.wp.com\/mundosemfim.com\/wp-content\/uploads\/2016\/04\/p4140097.jpg?fit=764%2C573&amp;ssl=1\" class=\"wp-image-1938 size-full\" src=\"https:\/\/i0.wp.com\/mundosemfim.com\/wp-content\/uploads\/2016\/04\/p4140097.jpg?resize=764%2C573&#038;ssl=1\" alt=\"Vale do arco-\u00edris, Atacama\" width=\"764\" height=\"573\" srcset=\"https:\/\/i0.wp.com\/mundosemfim.com\/wp-content\/uploads\/2016\/04\/p4140097.jpg?w=1184&amp;ssl=1 1184w, https:\/\/i0.wp.com\/mundosemfim.com\/wp-content\/uploads\/2016\/04\/p4140097.jpg?resize=300%2C225&amp;ssl=1 300w, https:\/\/i0.wp.com\/mundosemfim.com\/wp-content\/uploads\/2016\/04\/p4140097.jpg?resize=768%2C576&amp;ssl=1 768w, https:\/\/i0.wp.com\/mundosemfim.com\/wp-content\/uploads\/2016\/04\/p4140097.jpg?resize=1024%2C768&amp;ssl=1 1024w, https:\/\/i0.wp.com\/mundosemfim.com\/wp-content\/uploads\/2016\/04\/p4140097.jpg?resize=800%2C600&amp;ssl=1 800w\" sizes=\"auto, (max-width: 764px) 100vw, 764px\" \/><figcaption id=\"caption-attachment-1938\" class=\"wp-caption-text\">Para n\u00f3s, estas forma\u00e7\u00f5es parecem um dinossauro deitado. E para voc\u00ea?<\/figcaption><\/figure>\n<p>Caminhamos tranquilamente por meia-hora, tirando fotos e apreciando a beleza do local.<\/p>\n<figure id=\"attachment_1935\" aria-describedby=\"caption-attachment-1935\" style=\"width: 1080px\" class=\"wp-caption alignnone\"><img data-recalc-dims=\"1\" loading=\"lazy\" decoding=\"async\" data-attachment-id=\"1935\" data-permalink=\"https:\/\/mundosemfim.com\/?attachment_id=1935\" data-orig-file=\"https:\/\/i0.wp.com\/mundosemfim.com\/wp-content\/uploads\/2016\/04\/dsc_0036.jpg?fit=1080%2C720&amp;ssl=1\" data-orig-size=\"1080,720\" data-comments-opened=\"1\" data-image-meta=\"{&quot;aperture&quot;:&quot;18&quot;,&quot;credit&quot;:&quot;&quot;,&quot;camera&quot;:&quot;NIKON D5200&quot;,&quot;caption&quot;:&quot;&quot;,&quot;created_timestamp&quot;:&quot;1460655145&quot;,&quot;copyright&quot;:&quot;&quot;,&quot;focal_length&quot;:&quot;18&quot;,&quot;iso&quot;:&quot;320&quot;,&quot;shutter_speed&quot;:&quot;0.01&quot;,&quot;title&quot;:&quot;&quot;,&quot;orientation&quot;:&quot;1&quot;}\" data-image-title=\"DSC_0036\" data-image-description=\"\" data-image-caption=\"&lt;p&gt;Nossa pequena caminhada pelo Vale do Arco-\u00edris&lt;\/p&gt;\n\" data-large-file=\"https:\/\/i0.wp.com\/mundosemfim.com\/wp-content\/uploads\/2016\/04\/dsc_0036.jpg?fit=764%2C510&amp;ssl=1\" class=\"wp-image-1935 size-full\" src=\"https:\/\/i0.wp.com\/mundosemfim.com\/wp-content\/uploads\/2016\/04\/dsc_0036.jpg?resize=764%2C509&#038;ssl=1\" alt=\"Vale do arco-\u00edris\" width=\"764\" height=\"509\" srcset=\"https:\/\/i0.wp.com\/mundosemfim.com\/wp-content\/uploads\/2016\/04\/dsc_0036.jpg?w=1080&amp;ssl=1 1080w, https:\/\/i0.wp.com\/mundosemfim.com\/wp-content\/uploads\/2016\/04\/dsc_0036.jpg?resize=300%2C200&amp;ssl=1 300w, https:\/\/i0.wp.com\/mundosemfim.com\/wp-content\/uploads\/2016\/04\/dsc_0036.jpg?resize=768%2C512&amp;ssl=1 768w, https:\/\/i0.wp.com\/mundosemfim.com\/wp-content\/uploads\/2016\/04\/dsc_0036.jpg?resize=1024%2C683&amp;ssl=1 1024w\" sizes=\"auto, (max-width: 764px) 100vw, 764px\" \/><figcaption id=\"caption-attachment-1935\" class=\"wp-caption-text\">Nossa pequena caminhada pelo Vale do Arco-\u00edris<\/figcaption><\/figure>\n<p>Depois da pequena trilha, encontramos novamente Dani com a van e seguimos para o <a href=\"https:\/\/mundosemfim.com\/yerbas-buenas-um-passeio-arqueologico-no-atacama\/\" target=\"_blank\">Yerbas Buenas<\/a>, onde aprendemos muito sobre a hist\u00f3ria do povo que vivia ali, antes de seguirmos em busca dos famosos hier\u00f3glifos da regi\u00e3o.<\/p>\n<p>Para conhecer melhor esta parte do passeio, leia nosso post sobre o Yerbas Buenas:<\/p>\n<p><a href=\"https:\/\/mundosemfim.com\/yerbas-buenas-um-passeio-arqueologico-no-atacama\/\"><span style=\"color: #0066cc;\">https:\/\/mundosemfim.com\/yerbas-buenas-um-passeio-arqueologico-no-atacama\/<\/span><\/a><\/p>\n<p>Depois da divertida busca por hier\u00f3glifos e de tentar identific\u00e1-los, comemos um lanche de despedida, e voltamos para San Pedro pouco antes das 21h.<\/p>\n<figure id=\"attachment_1931\" aria-describedby=\"caption-attachment-1931\" style=\"width: 1080px\" class=\"wp-caption alignnone\"><img data-recalc-dims=\"1\" loading=\"lazy\" decoding=\"async\" data-attachment-id=\"1931\" data-permalink=\"https:\/\/mundosemfim.com\/?attachment_id=1931\" data-orig-file=\"https:\/\/i0.wp.com\/mundosemfim.com\/wp-content\/uploads\/2016\/04\/dsc_0156.jpg?fit=1080%2C720&amp;ssl=1\" data-orig-size=\"1080,720\" data-comments-opened=\"1\" data-image-meta=\"{&quot;aperture&quot;:&quot;4.5&quot;,&quot;credit&quot;:&quot;&quot;,&quot;camera&quot;:&quot;NIKON D5200&quot;,&quot;caption&quot;:&quot;&quot;,&quot;created_timestamp&quot;:&quot;1460661381&quot;,&quot;copyright&quot;:&quot;&quot;,&quot;focal_length&quot;:&quot;34&quot;,&quot;iso&quot;:&quot;400&quot;,&quot;shutter_speed&quot;:&quot;0.04&quot;,&quot;title&quot;:&quot;&quot;,&quot;orientation&quot;:&quot;1&quot;}\" data-image-title=\"DSC_0156\" data-image-description=\"\" data-image-caption=\"&lt;p&gt;Um pequeno lanche de despedida deste lugar incr\u00edvel!&lt;\/p&gt;\n\" data-large-file=\"https:\/\/i0.wp.com\/mundosemfim.com\/wp-content\/uploads\/2016\/04\/dsc_0156.jpg?fit=764%2C510&amp;ssl=1\" class=\"wp-image-1931 size-full\" src=\"https:\/\/i0.wp.com\/mundosemfim.com\/wp-content\/uploads\/2016\/04\/dsc_0156.jpg?resize=764%2C509&#038;ssl=1\" alt=\"Lanche no vale do arco-\u00edris\" width=\"764\" height=\"509\" srcset=\"https:\/\/i0.wp.com\/mundosemfim.com\/wp-content\/uploads\/2016\/04\/dsc_0156.jpg?w=1080&amp;ssl=1 1080w, https:\/\/i0.wp.com\/mundosemfim.com\/wp-content\/uploads\/2016\/04\/dsc_0156.jpg?resize=300%2C200&amp;ssl=1 300w, https:\/\/i0.wp.com\/mundosemfim.com\/wp-content\/uploads\/2016\/04\/dsc_0156.jpg?resize=768%2C512&amp;ssl=1 768w, https:\/\/i0.wp.com\/mundosemfim.com\/wp-content\/uploads\/2016\/04\/dsc_0156.jpg?resize=1024%2C683&amp;ssl=1 1024w\" sizes=\"auto, (max-width: 764px) 100vw, 764px\" \/><figcaption id=\"caption-attachment-1931\" class=\"wp-caption-text\">Um pequeno lanche de despedida deste lugar incr\u00edvel!<\/figcaption><\/figure>\n<p>E a\u00ed, curtiram o vale? N\u00e3o deixem de visitar este lindo lugar, e aproveitem enquanto ainda n\u00e3o \u00e9 t\u00e3o explorado pelo turismo! \ud83d\ude42<br \/>\nN\u00e3o deixem de conferir tudo sobre San Pedro <a href=\"https:\/\/mundosemfim.com\/san-pedro-de-atacama-tudo-o-que-voce-precisa-saber-para-aproveitar-ao-maximo-este-lugar-incrivel\/\"><strong>aqui<\/strong><\/a>!<\/p>\n<p>Para mais dicas sobre lugares legais para visitar e para acompanhar nossa viagem de volta ao mundo, curta nossa p\u00e1gina no face! \ud83d\ude42<\/p>\n<p><a href=\"http:\/\/www.facebook.com\/mundosemfimoficial\">www.facebook.com\/mundosemfimoficial<\/a><\/p>\n","protected":false},"excerpt":{"rendered":"<p>Ainda pouco popular entre os viajantes que passeiam por San Pedro de Atacama, o Valle del Arco\u00edris encanta pela sua beleza e pela tranquilidade que reina no local. Venha conhec\u00ea-lo com a gente!<\/p>\n","protected":false},"author":1,"featured_media":1953,"comment_status":"open","ping_status":"open","sticky":false,"template":"","format":"standard","meta":{"jetpack_post_was_ever_published":false,"_jetpack_newsletter_access":"","_jetpack_dont_email_post_to_subs":true,"_jetpack_newsletter_tier_id":0,"_jetpack_memberships_contains_paywalled_content":false,"_jetpack_memberships_contains_paid_content":false,"footnotes":"","jetpack_publicize_message":"","jetpack_publicize_feature_enabled":true,"jetpack_social_post_already_shared":false,"jetpack_social_options":{"image_generator_settings":{"template":"highway","default_image_id":0,"font":"","enabled":false},"version":2}},"categories":[6,7,369,15,318,43],"tags":[219,223],"class_list":["post-1915","post","type-post","status-publish","format-standard","has-post-thumbnail","hentry","category-america-do-sul","category-america-latina","category-atacama","category-chile","category-deserto","category-natureza","tag-vale-do-arco-iris","tag-valle-del-arcoiris"],"yoast_head":"<!-- This site is optimized with the Yoast SEO plugin v27.5 - https:\/\/yoast.com\/product\/yoast-seo-wordpress\/ -->\n<title>Vale do arco-\u00edris \u2013 um passeio encantador e pouco conhecido no Atacama - Mundo Sem Fim<\/title>\n<meta name=\"robots\" content=\"index, follow, max-snippet:-1, max-image-preview:large, max-video-preview:-1\" \/>\n<link rel=\"canonical\" href=\"https:\/\/mundosemfim.com\/?p=1915\" \/>\n<meta property=\"og:locale\" content=\"pt_BR\" \/>\n<meta property=\"og:type\" content=\"article\" \/>\n<meta property=\"og:title\" content=\"Vale do arco-\u00edris \u2013 um passeio encantador e pouco conhecido no Atacama - Mundo Sem Fim\" \/>\n<meta property=\"og:description\" content=\"Ainda pouco popular entre os viajantes que passeiam por San Pedro de Atacama, o Valle del Arco\u00edris encanta pela sua beleza e pela tranquilidade que reina no local. Venha conhec\u00ea-lo com a gente!\" \/>\n<meta property=\"og:url\" content=\"https:\/\/mundosemfim.com\/?p=1915\" \/>\n<meta property=\"og:site_name\" content=\"Mundo Sem Fim\" \/>\n<meta property=\"article:publisher\" content=\"http:\/\/www.facebook.com\/mundosemfimoficial\" \/>\n<meta property=\"article:published_time\" content=\"2016-04-20T21:48:56+00:00\" \/>\n<meta property=\"article:modified_time\" content=\"2017-02-16T15:18:25+00:00\" \/>\n<meta property=\"og:image\" content=\"https:\/\/i0.wp.com\/mundosemfim.com\/wp-content\/uploads\/2016\/04\/dsc_00231.jpg?fit=1140%2C760&ssl=1\" \/>\n\t<meta property=\"og:image:width\" content=\"1140\" \/>\n\t<meta property=\"og:image:height\" content=\"760\" \/>\n\t<meta property=\"og:image:type\" content=\"image\/jpeg\" \/>\n<meta name=\"author\" content=\"Renan\" \/>\n<meta name=\"twitter:card\" content=\"summary_large_image\" \/>\n<meta name=\"twitter:label1\" content=\"Escrito por\" \/>\n\t<meta name=\"twitter:data1\" content=\"Renan\" \/>\n\t<meta name=\"twitter:label2\" content=\"Est. tempo de leitura\" \/>\n\t<meta name=\"twitter:data2\" content=\"4 minutos\" \/>\n<script type=\"application\/ld+json\" class=\"yoast-schema-graph\">{\"@context\":\"https:\\\/\\\/schema.org\",\"@graph\":[{\"@type\":\"Article\",\"@id\":\"https:\\\/\\\/mundosemfim.com\\\/?p=1915#article\",\"isPartOf\":{\"@id\":\"https:\\\/\\\/mundosemfim.com\\\/?p=1915\"},\"author\":{\"name\":\"Renan\",\"@id\":\"https:\\\/\\\/mundosemfim.com\\\/#\\\/schema\\\/person\\\/b021d50f3a19bae432e9b69ffbfa9257\"},\"headline\":\"Vale do arco-\u00edris \u2013 um passeio encantador e pouco conhecido no Atacama\",\"datePublished\":\"2016-04-20T21:48:56+00:00\",\"dateModified\":\"2017-02-16T15:18:25+00:00\",\"mainEntityOfPage\":{\"@id\":\"https:\\\/\\\/mundosemfim.com\\\/?p=1915\"},\"wordCount\":780,\"commentCount\":2,\"image\":{\"@id\":\"https:\\\/\\\/mundosemfim.com\\\/?p=1915#primaryimage\"},\"thumbnailUrl\":\"https:\\\/\\\/i0.wp.com\\\/mundosemfim.com\\\/wp-content\\\/uploads\\\/2016\\\/04\\\/dsc_00231.jpg?fit=1140%2C760&ssl=1\",\"keywords\":[\"vale do arco-\u00edris\",\"valle del arco\u00edris\"],\"articleSection\":[\"Am\u00e9rica do Sul\",\"am\u00e9rica latina\",\"Atacama\",\"Chile\",\"deserto\",\"natureza\"],\"inLanguage\":\"pt-BR\",\"potentialAction\":[{\"@type\":\"CommentAction\",\"name\":\"Comment\",\"target\":[\"https:\\\/\\\/mundosemfim.com\\\/?p=1915#respond\"]}]},{\"@type\":\"WebPage\",\"@id\":\"https:\\\/\\\/mundosemfim.com\\\/?p=1915\",\"url\":\"https:\\\/\\\/mundosemfim.com\\\/?p=1915\",\"name\":\"Vale do arco-\u00edris \u2013 um passeio encantador e pouco conhecido no Atacama - Mundo Sem Fim\",\"isPartOf\":{\"@id\":\"https:\\\/\\\/mundosemfim.com\\\/#website\"},\"primaryImageOfPage\":{\"@id\":\"https:\\\/\\\/mundosemfim.com\\\/?p=1915#primaryimage\"},\"image\":{\"@id\":\"https:\\\/\\\/mundosemfim.com\\\/?p=1915#primaryimage\"},\"thumbnailUrl\":\"https:\\\/\\\/i0.wp.com\\\/mundosemfim.com\\\/wp-content\\\/uploads\\\/2016\\\/04\\\/dsc_00231.jpg?fit=1140%2C760&ssl=1\",\"datePublished\":\"2016-04-20T21:48:56+00:00\",\"dateModified\":\"2017-02-16T15:18:25+00:00\",\"author\":{\"@id\":\"https:\\\/\\\/mundosemfim.com\\\/#\\\/schema\\\/person\\\/b021d50f3a19bae432e9b69ffbfa9257\"},\"breadcrumb\":{\"@id\":\"https:\\\/\\\/mundosemfim.com\\\/?p=1915#breadcrumb\"},\"inLanguage\":\"pt-BR\",\"potentialAction\":[{\"@type\":\"ReadAction\",\"target\":[\"https:\\\/\\\/mundosemfim.com\\\/?p=1915\"]}]},{\"@type\":\"ImageObject\",\"inLanguage\":\"pt-BR\",\"@id\":\"https:\\\/\\\/mundosemfim.com\\\/?p=1915#primaryimage\",\"url\":\"https:\\\/\\\/i0.wp.com\\\/mundosemfim.com\\\/wp-content\\\/uploads\\\/2016\\\/04\\\/dsc_00231.jpg?fit=1140%2C760&ssl=1\",\"contentUrl\":\"https:\\\/\\\/i0.wp.com\\\/mundosemfim.com\\\/wp-content\\\/uploads\\\/2016\\\/04\\\/dsc_00231.jpg?fit=1140%2C760&ssl=1\",\"width\":1140,\"height\":760,\"caption\":\"Mucuvinha no bel\u00edssimo Valle del Arco\u00edris\"},{\"@type\":\"BreadcrumbList\",\"@id\":\"https:\\\/\\\/mundosemfim.com\\\/?p=1915#breadcrumb\",\"itemListElement\":[{\"@type\":\"ListItem\",\"position\":1,\"name\":\"In\u00edcio\",\"item\":\"https:\\\/\\\/mundosemfim.com\\\/\"},{\"@type\":\"ListItem\",\"position\":2,\"name\":\"Vale do arco-\u00edris \u2013 um passeio encantador e pouco conhecido no Atacama\"}]},{\"@type\":\"WebSite\",\"@id\":\"https:\\\/\\\/mundosemfim.com\\\/#website\",\"url\":\"https:\\\/\\\/mundosemfim.com\\\/\",\"name\":\"Mundo Sem Fim\",\"description\":\"uma viagem de volta ao mundo pelos 5 continentes!\",\"potentialAction\":[{\"@type\":\"SearchAction\",\"target\":{\"@type\":\"EntryPoint\",\"urlTemplate\":\"https:\\\/\\\/mundosemfim.com\\\/?s={search_term_string}\"},\"query-input\":{\"@type\":\"PropertyValueSpecification\",\"valueRequired\":true,\"valueName\":\"search_term_string\"}}],\"inLanguage\":\"pt-BR\"},{\"@type\":\"Person\",\"@id\":\"https:\\\/\\\/mundosemfim.com\\\/#\\\/schema\\\/person\\\/b021d50f3a19bae432e9b69ffbfa9257\",\"name\":\"Renan\",\"image\":{\"@type\":\"ImageObject\",\"inLanguage\":\"pt-BR\",\"@id\":\"https:\\\/\\\/secure.gravatar.com\\\/avatar\\\/faafca769a603ac75196d21826f3bda645d7e2d6306bb6e236d8cdb38eb44e38?s=96&d=mm&r=g\",\"url\":\"https:\\\/\\\/secure.gravatar.com\\\/avatar\\\/faafca769a603ac75196d21826f3bda645d7e2d6306bb6e236d8cdb38eb44e38?s=96&d=mm&r=g\",\"contentUrl\":\"https:\\\/\\\/secure.gravatar.com\\\/avatar\\\/faafca769a603ac75196d21826f3bda645d7e2d6306bb6e236d8cdb38eb44e38?s=96&d=mm&r=g\",\"caption\":\"Renan\"}}]}<\/script>\n<!-- \/ Yoast SEO plugin. -->","yoast_head_json":{"title":"Vale do arco-\u00edris \u2013 um passeio encantador e pouco conhecido no Atacama - Mundo Sem Fim","robots":{"index":"index","follow":"follow","max-snippet":"max-snippet:-1","max-image-preview":"max-image-preview:large","max-video-preview":"max-video-preview:-1"},"canonical":"https:\/\/mundosemfim.com\/?p=1915","og_locale":"pt_BR","og_type":"article","og_title":"Vale do arco-\u00edris \u2013 um passeio encantador e pouco conhecido no Atacama - Mundo Sem Fim","og_description":"Ainda pouco popular entre os viajantes que passeiam por San Pedro de Atacama, o Valle del Arco\u00edris encanta pela sua beleza e pela tranquilidade que reina no local. Venha conhec\u00ea-lo com a gente!","og_url":"https:\/\/mundosemfim.com\/?p=1915","og_site_name":"Mundo Sem Fim","article_publisher":"http:\/\/www.facebook.com\/mundosemfimoficial","article_published_time":"2016-04-20T21:48:56+00:00","article_modified_time":"2017-02-16T15:18:25+00:00","og_image":[{"width":1140,"height":760,"url":"https:\/\/i0.wp.com\/mundosemfim.com\/wp-content\/uploads\/2016\/04\/dsc_00231.jpg?fit=1140%2C760&ssl=1","type":"image\/jpeg"}],"author":"Renan","twitter_card":"summary_large_image","twitter_misc":{"Escrito por":"Renan","Est. tempo de leitura":"4 minutos"},"schema":{"@context":"https:\/\/schema.org","@graph":[{"@type":"Article","@id":"https:\/\/mundosemfim.com\/?p=1915#article","isPartOf":{"@id":"https:\/\/mundosemfim.com\/?p=1915"},"author":{"name":"Renan","@id":"https:\/\/mundosemfim.com\/#\/schema\/person\/b021d50f3a19bae432e9b69ffbfa9257"},"headline":"Vale do arco-\u00edris \u2013 um passeio encantador e pouco conhecido no Atacama","datePublished":"2016-04-20T21:48:56+00:00","dateModified":"2017-02-16T15:18:25+00:00","mainEntityOfPage":{"@id":"https:\/\/mundosemfim.com\/?p=1915"},"wordCount":780,"commentCount":2,"image":{"@id":"https:\/\/mundosemfim.com\/?p=1915#primaryimage"},"thumbnailUrl":"https:\/\/i0.wp.com\/mundosemfim.com\/wp-content\/uploads\/2016\/04\/dsc_00231.jpg?fit=1140%2C760&ssl=1","keywords":["vale do arco-\u00edris","valle del arco\u00edris"],"articleSection":["Am\u00e9rica do Sul","am\u00e9rica latina","Atacama","Chile","deserto","natureza"],"inLanguage":"pt-BR","potentialAction":[{"@type":"CommentAction","name":"Comment","target":["https:\/\/mundosemfim.com\/?p=1915#respond"]}]},{"@type":"WebPage","@id":"https:\/\/mundosemfim.com\/?p=1915","url":"https:\/\/mundosemfim.com\/?p=1915","name":"Vale do arco-\u00edris \u2013 um passeio encantador e pouco conhecido no Atacama - Mundo Sem Fim","isPartOf":{"@id":"https:\/\/mundosemfim.com\/#website"},"primaryImageOfPage":{"@id":"https:\/\/mundosemfim.com\/?p=1915#primaryimage"},"image":{"@id":"https:\/\/mundosemfim.com\/?p=1915#primaryimage"},"thumbnailUrl":"https:\/\/i0.wp.com\/mundosemfim.com\/wp-content\/uploads\/2016\/04\/dsc_00231.jpg?fit=1140%2C760&ssl=1","datePublished":"2016-04-20T21:48:56+00:00","dateModified":"2017-02-16T15:18:25+00:00","author":{"@id":"https:\/\/mundosemfim.com\/#\/schema\/person\/b021d50f3a19bae432e9b69ffbfa9257"},"breadcrumb":{"@id":"https:\/\/mundosemfim.com\/?p=1915#breadcrumb"},"inLanguage":"pt-BR","potentialAction":[{"@type":"ReadAction","target":["https:\/\/mundosemfim.com\/?p=1915"]}]},{"@type":"ImageObject","inLanguage":"pt-BR","@id":"https:\/\/mundosemfim.com\/?p=1915#primaryimage","url":"https:\/\/i0.wp.com\/mundosemfim.com\/wp-content\/uploads\/2016\/04\/dsc_00231.jpg?fit=1140%2C760&ssl=1","contentUrl":"https:\/\/i0.wp.com\/mundosemfim.com\/wp-content\/uploads\/2016\/04\/dsc_00231.jpg?fit=1140%2C760&ssl=1","width":1140,"height":760,"caption":"Mucuvinha no bel\u00edssimo Valle del Arco\u00edris"},{"@type":"BreadcrumbList","@id":"https:\/\/mundosemfim.com\/?p=1915#breadcrumb","itemListElement":[{"@type":"ListItem","position":1,"name":"In\u00edcio","item":"https:\/\/mundosemfim.com\/"},{"@type":"ListItem","position":2,"name":"Vale do arco-\u00edris \u2013 um passeio encantador e pouco conhecido no Atacama"}]},{"@type":"WebSite","@id":"https:\/\/mundosemfim.com\/#website","url":"https:\/\/mundosemfim.com\/","name":"Mundo Sem Fim","description":"uma viagem de volta ao mundo pelos 5 continentes!","potentialAction":[{"@type":"SearchAction","target":{"@type":"EntryPoint","urlTemplate":"https:\/\/mundosemfim.com\/?s={search_term_string}"},"query-input":{"@type":"PropertyValueSpecification","valueRequired":true,"valueName":"search_term_string"}}],"inLanguage":"pt-BR"},{"@type":"Person","@id":"https:\/\/mundosemfim.com\/#\/schema\/person\/b021d50f3a19bae432e9b69ffbfa9257","name":"Renan","image":{"@type":"ImageObject","inLanguage":"pt-BR","@id":"https:\/\/secure.gravatar.com\/avatar\/faafca769a603ac75196d21826f3bda645d7e2d6306bb6e236d8cdb38eb44e38?s=96&d=mm&r=g","url":"https:\/\/secure.gravatar.com\/avatar\/faafca769a603ac75196d21826f3bda645d7e2d6306bb6e236d8cdb38eb44e38?s=96&d=mm&r=g","contentUrl":"https:\/\/secure.gravatar.com\/avatar\/faafca769a603ac75196d21826f3bda645d7e2d6306bb6e236d8cdb38eb44e38?s=96&d=mm&r=g","caption":"Renan"}}]}},"jetpack_publicize_connections":[],"jetpack_featured_media_url":"https:\/\/i0.wp.com\/mundosemfim.com\/wp-content\/uploads\/2016\/04\/dsc_00231.jpg?fit=1140%2C760&ssl=1","jetpack_sharing_enabled":true,"jetpack_shortlink":"https:\/\/wp.me\/p7CQyF-uT","jetpack-related-posts":[{"id":2173,"url":"https:\/\/mundosemfim.com\/?p=2173","url_meta":{"origin":1915,"position":0},"title":"San Pedro de Atacama \u2013 tudo o que voc\u00ea precisa saber sobre este lugar incr\u00edvel!","author":"Renan","date":"abril 28, 2016","format":false,"excerpt":"Um pequeno o\u00e1sis no meio do deserto mais \u00e1rido do mundo, rodeado por paisagens que parecem de outro planeta: assim \u00e9 San Pedro! Tivemos o privil\u00e9gio de passar 15 dias nesta linda cidade, e exploramos cada canto para compartilhar todas as dicas com voc\u00eas! Refer\u00eancia 1 real \u2013 185 pesos\u2026","rel":"","context":"Em &quot;Am\u00e9rica do Sul&quot;","block_context":{"text":"Am\u00e9rica do Sul","link":"https:\/\/mundosemfim.com\/?cat=6"},"img":{"alt_text":"","src":"https:\/\/i0.wp.com\/mundosemfim.com\/wp-content\/uploads\/2016\/04\/dsc_0031.jpg?fit=960%2C640&ssl=1&resize=350%2C200","width":350,"height":200,"srcset":"https:\/\/i0.wp.com\/mundosemfim.com\/wp-content\/uploads\/2016\/04\/dsc_0031.jpg?fit=960%2C640&ssl=1&resize=350%2C200 1x, https:\/\/i0.wp.com\/mundosemfim.com\/wp-content\/uploads\/2016\/04\/dsc_0031.jpg?fit=960%2C640&ssl=1&resize=525%2C300 1.5x, https:\/\/i0.wp.com\/mundosemfim.com\/wp-content\/uploads\/2016\/04\/dsc_0031.jpg?fit=960%2C640&ssl=1&resize=700%2C400 2x"},"classes":[]},{"id":1569,"url":"https:\/\/mundosemfim.com\/?p=1569","url_meta":{"origin":1915,"position":1},"title":"Conhecendo o Valle de la Luna e Valle de la Muerte no Atacama","author":"Renan","date":"abril 9, 2016","format":false,"excerpt":"Ol\u00e1 pessoal! Finalmente fizemos nosso primeiro passeio neste lugar incr\u00edvel chamado Atacama. O Valle de la Luna e Valle de la Muerte s\u00e3o dois lugares imperd\u00edveis para quem vier para c\u00e1, e aqui detalhamos como foi nosso passeio! Refer\u00eancia (abril\/2016) 1 real = 190 pesos chilenos Conhecendo um pouco do\u2026","rel":"","context":"Em &quot;Am\u00e9rica do Sul&quot;","block_context":{"text":"Am\u00e9rica do Sul","link":"https:\/\/mundosemfim.com\/?cat=6"},"img":{"alt_text":"","src":"https:\/\/i0.wp.com\/mundosemfim.com\/wp-content\/uploads\/2016\/04\/dsc_0051.jpg?fit=1200%2C540&ssl=1&resize=350%2C200","width":350,"height":200,"srcset":"https:\/\/i0.wp.com\/mundosemfim.com\/wp-content\/uploads\/2016\/04\/dsc_0051.jpg?fit=1200%2C540&ssl=1&resize=350%2C200 1x, https:\/\/i0.wp.com\/mundosemfim.com\/wp-content\/uploads\/2016\/04\/dsc_0051.jpg?fit=1200%2C540&ssl=1&resize=525%2C300 1.5x, https:\/\/i0.wp.com\/mundosemfim.com\/wp-content\/uploads\/2016\/04\/dsc_0051.jpg?fit=1200%2C540&ssl=1&resize=700%2C400 2x, https:\/\/i0.wp.com\/mundosemfim.com\/wp-content\/uploads\/2016\/04\/dsc_0051.jpg?fit=1200%2C540&ssl=1&resize=1050%2C600 3x"},"classes":[]},{"id":1870,"url":"https:\/\/mundosemfim.com\/?p=1870","url_meta":{"origin":1915,"position":2},"title":"Yerbas Buenas \u2013 um passeio arqueol\u00f3gico no Atacama","author":"Renan","date":"abril 20, 2016","format":false,"excerpt":"Cada dia nos surpreendemos mais aqui em San Pedro de Atacama. Desta vez, vamos contar como foi visitar este s\u00edtio arqueol\u00f3gico, com hier\u00f3glifos grafados por popula\u00e7\u00f5es que viveram aqui h\u00e1 mais de 10 mil anos atr\u00e1s! Refer\u00eancia (abril\/2016): 1 real = 185 pesos chilenos \u00a0 \"Hier\u00f3glifo ou hieroglifo \u00e9 cada\u2026","rel":"","context":"Em &quot;Am\u00e9rica do Sul&quot;","block_context":{"text":"Am\u00e9rica do Sul","link":"https:\/\/mundosemfim.com\/?cat=6"},"img":{"alt_text":"","src":"https:\/\/i0.wp.com\/mundosemfim.com\/wp-content\/uploads\/2016\/04\/dsc_0140.jpg?fit=1080%2C720&ssl=1&resize=350%2C200","width":350,"height":200,"srcset":"https:\/\/i0.wp.com\/mundosemfim.com\/wp-content\/uploads\/2016\/04\/dsc_0140.jpg?fit=1080%2C720&ssl=1&resize=350%2C200 1x, https:\/\/i0.wp.com\/mundosemfim.com\/wp-content\/uploads\/2016\/04\/dsc_0140.jpg?fit=1080%2C720&ssl=1&resize=525%2C300 1.5x, https:\/\/i0.wp.com\/mundosemfim.com\/wp-content\/uploads\/2016\/04\/dsc_0140.jpg?fit=1080%2C720&ssl=1&resize=700%2C400 2x, https:\/\/i0.wp.com\/mundosemfim.com\/wp-content\/uploads\/2016\/04\/dsc_0140.jpg?fit=1080%2C720&ssl=1&resize=1050%2C600 3x"},"classes":[]},{"id":1726,"url":"https:\/\/mundosemfim.com\/?p=1726","url_meta":{"origin":1915,"position":3},"title":"Piedras Rojas e Lagunas Altipl\u00e2nicas \u2013 um dos tours mais impressionantes do Atacama!","author":"Renan","date":"abril 16, 2016","format":false,"excerpt":"Seguindo nosso roteiro pelo Atacama, tivemos desta vez o privil\u00e9gio de conhecer as Piedras Rojas e as Lagunas Altipl\u00e2nicas, e vamos compartilhar com voc\u00eas todas as informa\u00e7\u00f5es deste passeio imperd\u00edvel! Refer\u00eancia 1 real \u2013 185 pesos chilenos (abril\/2016) \u00a0 Localizada a\u00a0cerca de 150km de San Pedro de Atacama, pr\u00f3ximo \u00e0\u2026","rel":"","context":"Em &quot;Am\u00e9rica do Sul&quot;","block_context":{"text":"Am\u00e9rica do Sul","link":"https:\/\/mundosemfim.com\/?cat=6"},"img":{"alt_text":"","src":"https:\/\/i0.wp.com\/mundosemfim.com\/wp-content\/uploads\/2016\/04\/dsc_0167.jpg?fit=1140%2C760&ssl=1&resize=350%2C200","width":350,"height":200,"srcset":"https:\/\/i0.wp.com\/mundosemfim.com\/wp-content\/uploads\/2016\/04\/dsc_0167.jpg?fit=1140%2C760&ssl=1&resize=350%2C200 1x, https:\/\/i0.wp.com\/mundosemfim.com\/wp-content\/uploads\/2016\/04\/dsc_0167.jpg?fit=1140%2C760&ssl=1&resize=525%2C300 1.5x, https:\/\/i0.wp.com\/mundosemfim.com\/wp-content\/uploads\/2016\/04\/dsc_0167.jpg?fit=1140%2C760&ssl=1&resize=700%2C400 2x, https:\/\/i0.wp.com\/mundosemfim.com\/wp-content\/uploads\/2016\/04\/dsc_0167.jpg?fit=1140%2C760&ssl=1&resize=1050%2C600 3x"},"classes":[]},{"id":1638,"url":"https:\/\/mundosemfim.com\/?p=1638","url_meta":{"origin":1915,"position":4},"title":"Salar de Tara &#8211; um dos tours mais bonitos do Atacama","author":"Renan","date":"abril 13, 2016","format":false,"excerpt":"Este foi nosso segundo tour partindo de San Pedro de Atacama e, temos que dizer, este lugar nos surpreende a cada dia! Aqui contamos um pouco como \u00e9 este tour imperd\u00edvel! Um pouco do lugar O Salar de Tara est\u00e1 localizado a cerca de 135km de San Pedro, bem pr\u00f3ximo\u2026","rel":"","context":"Em &quot;Am\u00e9rica do Sul&quot;","block_context":{"text":"Am\u00e9rica do Sul","link":"https:\/\/mundosemfim.com\/?cat=6"},"img":{"alt_text":"","src":"https:\/\/i0.wp.com\/mundosemfim.com\/wp-content\/uploads\/2016\/04\/dsc_0184.jpg?fit=1200%2C800&ssl=1&resize=350%2C200","width":350,"height":200,"srcset":"https:\/\/i0.wp.com\/mundosemfim.com\/wp-content\/uploads\/2016\/04\/dsc_0184.jpg?fit=1200%2C800&ssl=1&resize=350%2C200 1x, https:\/\/i0.wp.com\/mundosemfim.com\/wp-content\/uploads\/2016\/04\/dsc_0184.jpg?fit=1200%2C800&ssl=1&resize=525%2C300 1.5x, https:\/\/i0.wp.com\/mundosemfim.com\/wp-content\/uploads\/2016\/04\/dsc_0184.jpg?fit=1200%2C800&ssl=1&resize=700%2C400 2x, https:\/\/i0.wp.com\/mundosemfim.com\/wp-content\/uploads\/2016\/04\/dsc_0184.jpg?fit=1200%2C800&ssl=1&resize=1050%2C600 3x"},"classes":[]},{"id":2010,"url":"https:\/\/mundosemfim.com\/?p=2010","url_meta":{"origin":1915,"position":5},"title":"Termas de Puritama \u2013 Um merecido descanso nas \u00e1guas termais do Atacama","author":"Renan","date":"abril 21, 2016","format":false,"excerpt":"V\u00e1rias piscinas naturais com \u00e1gua transparente, quente e uma linda paisagem ao seu redor. Consegue pensar em alguma maneira melhor para fechar o Atacama com chave de ouro? Aqui contamos como foi nosso dia de reis neste lindo lugar! Refer\u00eancia (abril\/2016) 1 real = 185 pesos chilenos As Termas del\u2026","rel":"","context":"Em &quot;Am\u00e9rica do Sul&quot;","block_context":{"text":"Am\u00e9rica do Sul","link":"https:\/\/mundosemfim.com\/?cat=6"},"img":{"alt_text":"","src":"https:\/\/i0.wp.com\/mundosemfim.com\/wp-content\/uploads\/2016\/04\/p4140019.jpg?fit=1200%2C900&ssl=1&resize=350%2C200","width":350,"height":200,"srcset":"https:\/\/i0.wp.com\/mundosemfim.com\/wp-content\/uploads\/2016\/04\/p4140019.jpg?fit=1200%2C900&ssl=1&resize=350%2C200 1x, https:\/\/i0.wp.com\/mundosemfim.com\/wp-content\/uploads\/2016\/04\/p4140019.jpg?fit=1200%2C900&ssl=1&resize=525%2C300 1.5x, https:\/\/i0.wp.com\/mundosemfim.com\/wp-content\/uploads\/2016\/04\/p4140019.jpg?fit=1200%2C900&ssl=1&resize=700%2C400 2x, https:\/\/i0.wp.com\/mundosemfim.com\/wp-content\/uploads\/2016\/04\/p4140019.jpg?fit=1200%2C900&ssl=1&resize=1050%2C600 3x"},"classes":[]}],"_links":{"self":[{"href":"https:\/\/mundosemfim.com\/index.php?rest_route=\/wp\/v2\/posts\/1915","targetHints":{"allow":["GET"]}}],"collection":[{"href":"https:\/\/mundosemfim.com\/index.php?rest_route=\/wp\/v2\/posts"}],"about":[{"href":"https:\/\/mundosemfim.com\/index.php?rest_route=\/wp\/v2\/types\/post"}],"author":[{"embeddable":true,"href":"https:\/\/mundosemfim.com\/index.php?rest_route=\/wp\/v2\/users\/1"}],"replies":[{"embeddable":true,"href":"https:\/\/mundosemfim.com\/index.php?rest_route=%2Fwp%2Fv2%2Fcomments&post=1915"}],"version-history":[{"count":6,"href":"https:\/\/mundosemfim.com\/index.php?rest_route=\/wp\/v2\/posts\/1915\/revisions"}],"predecessor-version":[{"id":5423,"href":"https:\/\/mundosemfim.com\/index.php?rest_route=\/wp\/v2\/posts\/1915\/revisions\/5423"}],"wp:featuredmedia":[{"embeddable":true,"href":"https:\/\/mundosemfim.com\/index.php?rest_route=\/wp\/v2\/media\/1953"}],"wp:attachment":[{"href":"https:\/\/mundosemfim.com\/index.php?rest_route=%2Fwp%2Fv2%2Fmedia&parent=1915"}],"wp:term":[{"taxonomy":"category","embeddable":true,"href":"https:\/\/mundosemfim.com\/index.php?rest_route=%2Fwp%2Fv2%2Fcategories&post=1915"},{"taxonomy":"post_tag","embeddable":true,"href":"https:\/\/mundosemfim.com\/index.php?rest_route=%2Fwp%2Fv2%2Ftags&post=1915"}],"curies":[{"name":"wp","href":"https:\/\/api.w.org\/{rel}","templated":true}]}}