{"id":1870,"date":"2016-04-20T13:52:25","date_gmt":"2016-04-20T16:52:25","guid":{"rendered":"https:\/\/mundosemfim.com\/?p=1870"},"modified":"2017-02-11T18:27:13","modified_gmt":"2017-02-11T20:27:13","slug":"yerbas-buenas-um-passeio-arqueologico-no-atacama","status":"publish","type":"post","link":"https:\/\/mundosemfim.com\/?p=1870","title":{"rendered":"Yerbas Buenas \u2013 um passeio arqueol\u00f3gico no Atacama"},"content":{"rendered":"<p>Cada dia nos surpreendemos mais aqui em <a href=\"https:\/\/mundosemfim.com\/san-pedro-de-atacama-tudo-o-que-voce-precisa-saber-para-aproveitar-ao-maximo-este-lugar-incrivel\/\">San Pedro de Atacama<\/a>. Desta vez, vamos contar como foi visitar este s\u00edtio arqueol\u00f3gico, com hier\u00f3glifos grafados por popula\u00e7\u00f5es que viveram aqui h\u00e1 mais de 10 mil anos atr\u00e1s!<\/p>\n<p><!--more--><\/p>\n<p><b>Refer\u00eancia (abril\/2016):<br \/>\n<\/b>1 real = 185 pesos chilenos<\/p>\n<hr \/>\n<p>&nbsp;<\/p>\n<p><i>&#8220;Hier\u00f3glifo ou hieroglifo \u00e9 cada um dos sinais da escrita de antigas civiliza\u00e7\u00f5es, tais como os eg\u00edpcios, os hititas, e os maias.&#8221;<\/i> &#8211; <a href=\"https:\/\/pt.wikipedia.org\/wiki\/Hier%C3%B3glifo\" target=\"_blank\">Wikipedia<\/a><\/p>\n<figure id=\"attachment_1892\" aria-describedby=\"caption-attachment-1892\" style=\"width: 1080px\" class=\"wp-caption alignnone\"><img data-recalc-dims=\"1\" loading=\"lazy\" decoding=\"async\" data-attachment-id=\"1892\" data-permalink=\"https:\/\/mundosemfim.com\/?attachment_id=1892\" data-orig-file=\"https:\/\/i0.wp.com\/mundosemfim.com\/wp-content\/uploads\/2016\/04\/dsc_0140.jpg?fit=1080%2C720&amp;ssl=1\" data-orig-size=\"1080,720\" data-comments-opened=\"1\" data-image-meta=\"{&quot;aperture&quot;:&quot;13&quot;,&quot;credit&quot;:&quot;&quot;,&quot;camera&quot;:&quot;NIKON D5200&quot;,&quot;caption&quot;:&quot;&quot;,&quot;created_timestamp&quot;:&quot;1460660688&quot;,&quot;copyright&quot;:&quot;&quot;,&quot;focal_length&quot;:&quot;40&quot;,&quot;iso&quot;:&quot;400&quot;,&quot;shutter_speed&quot;:&quot;0.033333333333333&quot;,&quot;title&quot;:&quot;&quot;,&quot;orientation&quot;:&quot;1&quot;}\" data-image-title=\"DSC_0140\" data-image-description=\"\" data-image-caption=\"&lt;p&gt;Que animal representa este hier\u00f3glifo de duas cabe\u00e7as??&lt;\/p&gt;\n\" data-large-file=\"https:\/\/i0.wp.com\/mundosemfim.com\/wp-content\/uploads\/2016\/04\/dsc_0140.jpg?fit=764%2C510&amp;ssl=1\" class=\"wp-image-1892 size-full\" src=\"https:\/\/i0.wp.com\/mundosemfim.com\/wp-content\/uploads\/2016\/04\/dsc_0140.jpg?resize=764%2C509&#038;ssl=1\" alt=\"Hier\u00f3glifo em San Pedro de Atacama\" width=\"764\" height=\"509\" srcset=\"https:\/\/i0.wp.com\/mundosemfim.com\/wp-content\/uploads\/2016\/04\/dsc_0140.jpg?w=1080&amp;ssl=1 1080w, https:\/\/i0.wp.com\/mundosemfim.com\/wp-content\/uploads\/2016\/04\/dsc_0140.jpg?resize=300%2C200&amp;ssl=1 300w, https:\/\/i0.wp.com\/mundosemfim.com\/wp-content\/uploads\/2016\/04\/dsc_0140.jpg?resize=768%2C512&amp;ssl=1 768w, https:\/\/i0.wp.com\/mundosemfim.com\/wp-content\/uploads\/2016\/04\/dsc_0140.jpg?resize=1024%2C683&amp;ssl=1 1024w\" sizes=\"auto, (max-width: 764px) 100vw, 764px\" \/><figcaption id=\"caption-attachment-1892\" class=\"wp-caption-text\">Que animal representa este hier\u00f3glifo de duas cabe\u00e7as??<\/figcaption><\/figure>\n<h3><b>Sobre o lugar<\/b><\/h3>\n<p>Localizado a uns 45 minutos de carro de<a href=\"https:\/\/mundosemfim.com\/san-pedro-de-atacama-tudo-o-que-voce-precisa-saber-para-aproveitar-ao-maximo-este-lugar-incrivel\/\"> San Pedro de Atacama<\/a>, est\u00e1 a reserva Yerbas Buenas, uma interessante visita para quem quer conhecer melhor a hist\u00f3ria da regi\u00e3o.<\/p>\n<figure id=\"attachment_1895\" aria-describedby=\"caption-attachment-1895\" style=\"width: 1080px\" class=\"wp-caption alignnone\"><img data-recalc-dims=\"1\" loading=\"lazy\" decoding=\"async\" data-attachment-id=\"1895\" data-permalink=\"https:\/\/mundosemfim.com\/?attachment_id=1895\" data-orig-file=\"https:\/\/i0.wp.com\/mundosemfim.com\/wp-content\/uploads\/2016\/04\/dsc_00881.jpg?fit=1080%2C720&amp;ssl=1\" data-orig-size=\"1080,720\" data-comments-opened=\"1\" data-image-meta=\"{&quot;aperture&quot;:&quot;13&quot;,&quot;credit&quot;:&quot;&quot;,&quot;camera&quot;:&quot;NIKON D5200&quot;,&quot;caption&quot;:&quot;&quot;,&quot;created_timestamp&quot;:&quot;1460658759&quot;,&quot;copyright&quot;:&quot;&quot;,&quot;focal_length&quot;:&quot;26&quot;,&quot;iso&quot;:&quot;400&quot;,&quot;shutter_speed&quot;:&quot;0.004&quot;,&quot;title&quot;:&quot;&quot;,&quot;orientation&quot;:&quot;1&quot;}\" data-image-title=\"DSC_0088\" data-image-description=\"\" data-image-caption=\"&lt;p&gt;Andar em meio a estas pedras faz a gente se sentir no desenho dos Flintstones.&lt;\/p&gt;\n\" data-large-file=\"https:\/\/i0.wp.com\/mundosemfim.com\/wp-content\/uploads\/2016\/04\/dsc_00881.jpg?fit=764%2C510&amp;ssl=1\" class=\"wp-image-1895 size-full\" src=\"https:\/\/i0.wp.com\/mundosemfim.com\/wp-content\/uploads\/2016\/04\/dsc_00881.jpg?resize=764%2C509&#038;ssl=1\" alt=\"Pedras Yerbas Buenas, Atacama\" width=\"764\" height=\"509\" srcset=\"https:\/\/i0.wp.com\/mundosemfim.com\/wp-content\/uploads\/2016\/04\/dsc_00881.jpg?w=1080&amp;ssl=1 1080w, https:\/\/i0.wp.com\/mundosemfim.com\/wp-content\/uploads\/2016\/04\/dsc_00881.jpg?resize=300%2C200&amp;ssl=1 300w, https:\/\/i0.wp.com\/mundosemfim.com\/wp-content\/uploads\/2016\/04\/dsc_00881.jpg?resize=768%2C512&amp;ssl=1 768w, https:\/\/i0.wp.com\/mundosemfim.com\/wp-content\/uploads\/2016\/04\/dsc_00881.jpg?resize=1024%2C683&amp;ssl=1 1024w\" sizes=\"auto, (max-width: 764px) 100vw, 764px\" \/><figcaption id=\"caption-attachment-1895\" class=\"wp-caption-text\">Andar em meio a estas pedras faz a gente se sentir no desenho dos Flintstones.<\/figcaption><\/figure>\n<p>Neste lugar, \u00e9 poss\u00edvel caminhar por pequenas trilhas e ir procurando hier\u00f3glifos nas paredes, feitos por civiliza\u00e7\u00f5es pr\u00e9-colombianas que viveram ha regi\u00e3o h\u00e1 mais de 10 mil anos. A estes povos antigos se dava o nome de &#8220;atacamenhos&#8221;, por isso hoje batizamos o deserto mais \u00e1rido do mundo de &#8220;Atacama&#8221;.<\/p>\n<figure id=\"attachment_1904\" aria-describedby=\"caption-attachment-1904\" style=\"width: 1080px\" class=\"wp-caption alignnone\"><img data-recalc-dims=\"1\" loading=\"lazy\" decoding=\"async\" data-attachment-id=\"1904\" data-permalink=\"https:\/\/mundosemfim.com\/?attachment_id=1904\" data-orig-file=\"https:\/\/i0.wp.com\/mundosemfim.com\/wp-content\/uploads\/2016\/04\/dsc_0138.jpg?fit=1080%2C720&amp;ssl=1\" data-orig-size=\"1080,720\" data-comments-opened=\"1\" data-image-meta=\"{&quot;aperture&quot;:&quot;13&quot;,&quot;credit&quot;:&quot;&quot;,&quot;camera&quot;:&quot;NIKON D5200&quot;,&quot;caption&quot;:&quot;&quot;,&quot;created_timestamp&quot;:&quot;1460660655&quot;,&quot;copyright&quot;:&quot;&quot;,&quot;focal_length&quot;:&quot;18&quot;,&quot;iso&quot;:&quot;400&quot;,&quot;shutter_speed&quot;:&quot;0.033333333333333&quot;,&quot;title&quot;:&quot;&quot;,&quot;orientation&quot;:&quot;1&quot;}\" data-image-title=\"DSC_0138\" data-image-description=\"\" data-image-caption=\"&lt;p&gt;Voc\u00ea pode escalar algumas pedras para encontrar desenhos escondidos&lt;\/p&gt;\n\" data-large-file=\"https:\/\/i0.wp.com\/mundosemfim.com\/wp-content\/uploads\/2016\/04\/dsc_0138.jpg?fit=764%2C510&amp;ssl=1\" class=\"wp-image-1904 size-full\" src=\"https:\/\/i0.wp.com\/mundosemfim.com\/wp-content\/uploads\/2016\/04\/dsc_0138.jpg?resize=764%2C509&#038;ssl=1\" alt=\"Pedras Yerbas Buenas, Atacama\" width=\"764\" height=\"509\" srcset=\"https:\/\/i0.wp.com\/mundosemfim.com\/wp-content\/uploads\/2016\/04\/dsc_0138.jpg?w=1080&amp;ssl=1 1080w, https:\/\/i0.wp.com\/mundosemfim.com\/wp-content\/uploads\/2016\/04\/dsc_0138.jpg?resize=300%2C200&amp;ssl=1 300w, https:\/\/i0.wp.com\/mundosemfim.com\/wp-content\/uploads\/2016\/04\/dsc_0138.jpg?resize=768%2C512&amp;ssl=1 768w, https:\/\/i0.wp.com\/mundosemfim.com\/wp-content\/uploads\/2016\/04\/dsc_0138.jpg?resize=1024%2C683&amp;ssl=1 1024w\" sizes=\"auto, (max-width: 764px) 100vw, 764px\" \/><figcaption id=\"caption-attachment-1904\" class=\"wp-caption-text\">Voc\u00ea pode escalar algumas pedras para encontrar desenhos escondidos<\/figcaption><\/figure>\n<figure id=\"attachment_1901\" aria-describedby=\"caption-attachment-1901\" style=\"width: 1080px\" class=\"wp-caption alignnone\"><img data-recalc-dims=\"1\" loading=\"lazy\" decoding=\"async\" data-attachment-id=\"1901\" data-permalink=\"https:\/\/mundosemfim.com\/?attachment_id=1901\" data-orig-file=\"https:\/\/i0.wp.com\/mundosemfim.com\/wp-content\/uploads\/2016\/04\/dsc_0118.jpg?fit=1080%2C720&amp;ssl=1\" data-orig-size=\"1080,720\" data-comments-opened=\"1\" data-image-meta=\"{&quot;aperture&quot;:&quot;13&quot;,&quot;credit&quot;:&quot;&quot;,&quot;camera&quot;:&quot;NIKON D5200&quot;,&quot;caption&quot;:&quot;&quot;,&quot;created_timestamp&quot;:&quot;1460659923&quot;,&quot;copyright&quot;:&quot;&quot;,&quot;focal_length&quot;:&quot;18&quot;,&quot;iso&quot;:&quot;400&quot;,&quot;shutter_speed&quot;:&quot;0.025&quot;,&quot;title&quot;:&quot;&quot;,&quot;orientation&quot;:&quot;1&quot;}\" data-image-title=\"DSC_0118\" data-image-description=\"\" data-image-caption=\"&lt;p&gt;Mucuvinha e o desenho dos lobos&lt;\/p&gt;\n\" data-large-file=\"https:\/\/i0.wp.com\/mundosemfim.com\/wp-content\/uploads\/2016\/04\/dsc_0118.jpg?fit=764%2C510&amp;ssl=1\" class=\"wp-image-1901 size-full\" src=\"https:\/\/i0.wp.com\/mundosemfim.com\/wp-content\/uploads\/2016\/04\/dsc_0118.jpg?resize=764%2C509&#038;ssl=1\" alt=\"Mucuvinha com um hier\u00f3glifo de lobo, Atacama\" width=\"764\" height=\"509\" srcset=\"https:\/\/i0.wp.com\/mundosemfim.com\/wp-content\/uploads\/2016\/04\/dsc_0118.jpg?w=1080&amp;ssl=1 1080w, https:\/\/i0.wp.com\/mundosemfim.com\/wp-content\/uploads\/2016\/04\/dsc_0118.jpg?resize=300%2C200&amp;ssl=1 300w, https:\/\/i0.wp.com\/mundosemfim.com\/wp-content\/uploads\/2016\/04\/dsc_0118.jpg?resize=768%2C512&amp;ssl=1 768w, https:\/\/i0.wp.com\/mundosemfim.com\/wp-content\/uploads\/2016\/04\/dsc_0118.jpg?resize=1024%2C683&amp;ssl=1 1024w\" sizes=\"auto, (max-width: 764px) 100vw, 764px\" \/><figcaption id=\"caption-attachment-1901\" class=\"wp-caption-text\">Mucuvinha e o desenho dos lobos<\/figcaption><\/figure>\n<figure id=\"attachment_1898\" aria-describedby=\"caption-attachment-1898\" style=\"width: 1080px\" class=\"wp-caption alignnone\"><img data-recalc-dims=\"1\" loading=\"lazy\" decoding=\"async\" data-attachment-id=\"1898\" data-permalink=\"https:\/\/mundosemfim.com\/?attachment_id=1898\" data-orig-file=\"https:\/\/i0.wp.com\/mundosemfim.com\/wp-content\/uploads\/2016\/04\/dsc_0114.jpg?fit=1080%2C720&amp;ssl=1\" data-orig-size=\"1080,720\" data-comments-opened=\"1\" data-image-meta=\"{&quot;aperture&quot;:&quot;11&quot;,&quot;credit&quot;:&quot;&quot;,&quot;camera&quot;:&quot;NIKON D5200&quot;,&quot;caption&quot;:&quot;&quot;,&quot;created_timestamp&quot;:&quot;1460659809&quot;,&quot;copyright&quot;:&quot;&quot;,&quot;focal_length&quot;:&quot;18&quot;,&quot;iso&quot;:&quot;250&quot;,&quot;shutter_speed&quot;:&quot;0.033333333333333&quot;,&quot;title&quot;:&quot;&quot;,&quot;orientation&quot;:&quot;1&quot;}\" data-image-title=\"DSC_0114\" data-image-description=\"\" data-image-caption=\"&lt;p&gt;Parte da divers\u00e3o \u00e9 ficar procurando e tentando entender o que os hier\u00f3glifos representam&lt;\/p&gt;\n\" data-large-file=\"https:\/\/i0.wp.com\/mundosemfim.com\/wp-content\/uploads\/2016\/04\/dsc_0114.jpg?fit=764%2C510&amp;ssl=1\" class=\"wp-image-1898 size-full\" src=\"https:\/\/i0.wp.com\/mundosemfim.com\/wp-content\/uploads\/2016\/04\/dsc_0114.jpg?resize=764%2C509&#038;ssl=1\" alt=\"Hier\u00f3glifos, Yerbas Buenas no Atacama\" width=\"764\" height=\"509\" srcset=\"https:\/\/i0.wp.com\/mundosemfim.com\/wp-content\/uploads\/2016\/04\/dsc_0114.jpg?w=1080&amp;ssl=1 1080w, https:\/\/i0.wp.com\/mundosemfim.com\/wp-content\/uploads\/2016\/04\/dsc_0114.jpg?resize=300%2C200&amp;ssl=1 300w, https:\/\/i0.wp.com\/mundosemfim.com\/wp-content\/uploads\/2016\/04\/dsc_0114.jpg?resize=768%2C512&amp;ssl=1 768w, https:\/\/i0.wp.com\/mundosemfim.com\/wp-content\/uploads\/2016\/04\/dsc_0114.jpg?resize=1024%2C683&amp;ssl=1 1024w\" sizes=\"auto, (max-width: 764px) 100vw, 764px\" \/><figcaption id=\"caption-attachment-1898\" class=\"wp-caption-text\">Parte da divers\u00e3o \u00e9 ficar procurando e tentando entender o que os hier\u00f3glifos representam<\/figcaption><\/figure>\n<p>As inscri\u00e7\u00f5es rupestres foram talhadas nas pedras e representam um pouco da vida cotidiana dos atacamenhos, com desenhos de animais locais, pessoas e xam\u00e3s, al\u00e9m de alguns simbolos que parecem devo\u00e7\u00e3o a entidades superiores.<\/p>\n<figure id=\"attachment_1890\" aria-describedby=\"caption-attachment-1890\" style=\"width: 1080px\" class=\"wp-caption alignnone\"><img data-recalc-dims=\"1\" loading=\"lazy\" decoding=\"async\" data-attachment-id=\"1890\" data-permalink=\"https:\/\/mundosemfim.com\/?attachment_id=1890\" data-orig-file=\"https:\/\/i0.wp.com\/mundosemfim.com\/wp-content\/uploads\/2016\/04\/dsc_01281.jpg?fit=1080%2C720&amp;ssl=1\" data-orig-size=\"1080,720\" data-comments-opened=\"1\" data-image-meta=\"{&quot;aperture&quot;:&quot;16&quot;,&quot;credit&quot;:&quot;&quot;,&quot;camera&quot;:&quot;NIKON D5200&quot;,&quot;caption&quot;:&quot;&quot;,&quot;created_timestamp&quot;:&quot;1460660391&quot;,&quot;copyright&quot;:&quot;&quot;,&quot;focal_length&quot;:&quot;28&quot;,&quot;iso&quot;:&quot;400&quot;,&quot;shutter_speed&quot;:&quot;0.025&quot;,&quot;title&quot;:&quot;&quot;,&quot;orientation&quot;:&quot;1&quot;}\" data-image-title=\"DSC_0128\" data-image-description=\"\" data-image-caption=\"&lt;p&gt;O que ser\u00e1 que era para ser isso? Um homem cabe\u00e7udo?&lt;\/p&gt;\n\" data-large-file=\"https:\/\/i0.wp.com\/mundosemfim.com\/wp-content\/uploads\/2016\/04\/dsc_01281.jpg?fit=764%2C510&amp;ssl=1\" class=\"wp-image-1890 size-full\" src=\"https:\/\/i0.wp.com\/mundosemfim.com\/wp-content\/uploads\/2016\/04\/dsc_01281.jpg?resize=764%2C509&#038;ssl=1\" alt=\"Hier\u00f3glifo em Yerbas Buenas, San Pedro de Atacama\" width=\"764\" height=\"509\" srcset=\"https:\/\/i0.wp.com\/mundosemfim.com\/wp-content\/uploads\/2016\/04\/dsc_01281.jpg?w=1080&amp;ssl=1 1080w, https:\/\/i0.wp.com\/mundosemfim.com\/wp-content\/uploads\/2016\/04\/dsc_01281.jpg?resize=300%2C200&amp;ssl=1 300w, https:\/\/i0.wp.com\/mundosemfim.com\/wp-content\/uploads\/2016\/04\/dsc_01281.jpg?resize=768%2C512&amp;ssl=1 768w, https:\/\/i0.wp.com\/mundosemfim.com\/wp-content\/uploads\/2016\/04\/dsc_01281.jpg?resize=1024%2C683&amp;ssl=1 1024w\" sizes=\"auto, (max-width: 764px) 100vw, 764px\" \/><figcaption id=\"caption-attachment-1890\" class=\"wp-caption-text\">O que ser\u00e1 que era para ser isso? Um homem cabe\u00e7udo?<\/figcaption><\/figure>\n<p>Um dos desenhos que mais chamam a aten\u00e7\u00e3o \u00e9 o de um macaco. Este animal, proveniente de florestas densas, n\u00e3o teria condi\u00e7\u00f5es de sobreviver ao deserto, e fica a d\u00favida de como os atacame\u00f1os os conheciam. Alguns sugerem que os atacamenhos caminhavam milhares de quil\u00f4metros at\u00e9 a regi\u00e3o da Amaz\u00f4nia, e outros sugerem que os povos de l\u00e1 traziam os macacos para o deserto a fim de negoci\u00e1-los com os atacamenhos.<\/p>\n<figure id=\"attachment_1887\" aria-describedby=\"caption-attachment-1887\" style=\"width: 1080px\" class=\"wp-caption alignnone\"><img data-recalc-dims=\"1\" loading=\"lazy\" decoding=\"async\" data-attachment-id=\"1887\" data-permalink=\"https:\/\/mundosemfim.com\/?attachment_id=1887\" data-orig-file=\"https:\/\/i0.wp.com\/mundosemfim.com\/wp-content\/uploads\/2016\/04\/dsc_0143.jpg?fit=1080%2C720&amp;ssl=1\" data-orig-size=\"1080,720\" data-comments-opened=\"1\" data-image-meta=\"{&quot;aperture&quot;:&quot;13&quot;,&quot;credit&quot;:&quot;&quot;,&quot;camera&quot;:&quot;NIKON D5200&quot;,&quot;caption&quot;:&quot;&quot;,&quot;created_timestamp&quot;:&quot;1460660770&quot;,&quot;copyright&quot;:&quot;&quot;,&quot;focal_length&quot;:&quot;27&quot;,&quot;iso&quot;:&quot;400&quot;,&quot;shutter_speed&quot;:&quot;0.033333333333333&quot;,&quot;title&quot;:&quot;&quot;,&quot;orientation&quot;:&quot;1&quot;}\" data-image-title=\"DSC_0143\" data-image-description=\"\" data-image-caption=\"&lt;p&gt;Mucuvinha ao lado da grafia de seu ancestral, um macaco de 10 mil anos atr\u00e1s!&lt;\/p&gt;\n\" data-large-file=\"https:\/\/i0.wp.com\/mundosemfim.com\/wp-content\/uploads\/2016\/04\/dsc_0143.jpg?fit=764%2C510&amp;ssl=1\" class=\"wp-image-1887 size-full\" src=\"https:\/\/i0.wp.com\/mundosemfim.com\/wp-content\/uploads\/2016\/04\/dsc_0143.jpg?resize=764%2C509&#038;ssl=1\" alt=\"Mucuvinha com um hier\u00f3glifo de um macaco. Yerbas Buenas, Atacama\" width=\"764\" height=\"509\" srcset=\"https:\/\/i0.wp.com\/mundosemfim.com\/wp-content\/uploads\/2016\/04\/dsc_0143.jpg?w=1080&amp;ssl=1 1080w, https:\/\/i0.wp.com\/mundosemfim.com\/wp-content\/uploads\/2016\/04\/dsc_0143.jpg?resize=300%2C200&amp;ssl=1 300w, https:\/\/i0.wp.com\/mundosemfim.com\/wp-content\/uploads\/2016\/04\/dsc_0143.jpg?resize=768%2C512&amp;ssl=1 768w, https:\/\/i0.wp.com\/mundosemfim.com\/wp-content\/uploads\/2016\/04\/dsc_0143.jpg?resize=1024%2C683&amp;ssl=1 1024w\" sizes=\"auto, (max-width: 764px) 100vw, 764px\" \/><figcaption id=\"caption-attachment-1887\" class=\"wp-caption-text\">Mucuvinha ao lado da grafia de seu ancestral, um macaco de 10 mil anos atr\u00e1s!<\/figcaption><\/figure>\n<h3><b>Como chegar<\/b><\/h3>\n<p>Yerbas Buenas est\u00e1 localizada pr\u00f3ximo \u00e0 pequena cidade de Rio Grande, a pouco mais de 45 minutos de carro desde <a href=\"https:\/\/mundosemfim.com\/san-pedro-de-atacama-tudo-o-que-voce-precisa-saber-para-aproveitar-ao-maximo-este-lugar-incrivel\/\">San Pedro de Atacama<\/a>. \u00c9 poss\u00edvel chegar l\u00e1 com seu ve\u00edculo particular ou atrav\u00e9s de excurs\u00f5es contratadas em San Pedro. A estrada que leva at\u00e9 l\u00e1 \u00e9 parte de asfalto e parte de terra, e \u00e9 recomend\u00e1vel ir com um ve\u00edculo 4&#215;4.<\/p>\n<figure id=\"attachment_1882\" aria-describedby=\"caption-attachment-1882\" style=\"width: 1080px\" class=\"wp-caption alignnone\"><img data-recalc-dims=\"1\" loading=\"lazy\" decoding=\"async\" data-attachment-id=\"1882\" data-permalink=\"https:\/\/mundosemfim.com\/?attachment_id=1882\" data-orig-file=\"https:\/\/i0.wp.com\/mundosemfim.com\/wp-content\/uploads\/2016\/04\/dsc_00831.jpg?fit=1080%2C720&amp;ssl=1\" data-orig-size=\"1080,720\" data-comments-opened=\"1\" data-image-meta=\"{&quot;aperture&quot;:&quot;18&quot;,&quot;credit&quot;:&quot;&quot;,&quot;camera&quot;:&quot;NIKON D5200&quot;,&quot;caption&quot;:&quot;&quot;,&quot;created_timestamp&quot;:&quot;1460658581&quot;,&quot;copyright&quot;:&quot;&quot;,&quot;focal_length&quot;:&quot;55&quot;,&quot;iso&quot;:&quot;200&quot;,&quot;shutter_speed&quot;:&quot;0.01&quot;,&quot;title&quot;:&quot;&quot;,&quot;orientation&quot;:&quot;1&quot;}\" data-image-title=\"DSC_0083\" data-image-description=\"\" data-image-caption=\"&lt;p&gt;Chegando a Yerbas Buenas, no Atacama&lt;\/p&gt;\n\" data-large-file=\"https:\/\/i0.wp.com\/mundosemfim.com\/wp-content\/uploads\/2016\/04\/dsc_00831.jpg?fit=764%2C510&amp;ssl=1\" class=\"wp-image-1882 size-full\" src=\"https:\/\/i0.wp.com\/mundosemfim.com\/wp-content\/uploads\/2016\/04\/dsc_00831.jpg?resize=764%2C509&#038;ssl=1\" alt=\"Chegando a Yerbas Buenas, no Atacama\" width=\"764\" height=\"509\" srcset=\"https:\/\/i0.wp.com\/mundosemfim.com\/wp-content\/uploads\/2016\/04\/dsc_00831.jpg?w=1080&amp;ssl=1 1080w, https:\/\/i0.wp.com\/mundosemfim.com\/wp-content\/uploads\/2016\/04\/dsc_00831.jpg?resize=300%2C200&amp;ssl=1 300w, https:\/\/i0.wp.com\/mundosemfim.com\/wp-content\/uploads\/2016\/04\/dsc_00831.jpg?resize=768%2C512&amp;ssl=1 768w, https:\/\/i0.wp.com\/mundosemfim.com\/wp-content\/uploads\/2016\/04\/dsc_00831.jpg?resize=1024%2C683&amp;ssl=1 1024w\" sizes=\"auto, (max-width: 764px) 100vw, 764px\" \/><figcaption id=\"caption-attachment-1882\" class=\"wp-caption-text\">Chegando a Yerbas Buenas, no Atacama<\/figcaption><\/figure>\n<p>Pr\u00f3ximo ao Yerbas Buenas est\u00e1 tamb\u00e9m o <a href=\"https:\/\/mundosemfim.com\/valle-del-arcoiris-um-passeio-encantador-e-pouco-conhecido-no-atacama\/\">Valle del Arco\u00edris<\/a>, outro interessante lugar que falaremos em um pr\u00f3ximo post. Independente se voc\u00ea for de excurs\u00e3o ou por conta pr\u00f3pria, \u00e9 legal combinar estes dois lugares no mesmo passeio.<\/p>\n<p>N\u00e3o \u00e9 necess\u00e1ria a contrata\u00e7\u00e3o de um guia, embora isso torne o passeio muito\u00a0mais interessante.<\/p>\n<figure id=\"attachment_1907\" aria-describedby=\"caption-attachment-1907\" style=\"width: 1080px\" class=\"wp-caption alignnone\"><img data-recalc-dims=\"1\" loading=\"lazy\" decoding=\"async\" data-attachment-id=\"1907\" data-permalink=\"https:\/\/mundosemfim.com\/?attachment_id=1907\" data-orig-file=\"https:\/\/i0.wp.com\/mundosemfim.com\/wp-content\/uploads\/2016\/04\/dsc_0087.jpg?fit=1080%2C720&amp;ssl=1\" data-orig-size=\"1080,720\" data-comments-opened=\"1\" data-image-meta=\"{&quot;aperture&quot;:&quot;18&quot;,&quot;credit&quot;:&quot;&quot;,&quot;camera&quot;:&quot;NIKON D5200&quot;,&quot;caption&quot;:&quot;&quot;,&quot;created_timestamp&quot;:&quot;1460658722&quot;,&quot;copyright&quot;:&quot;&quot;,&quot;focal_length&quot;:&quot;55&quot;,&quot;iso&quot;:&quot;320&quot;,&quot;shutter_speed&quot;:&quot;0.02&quot;,&quot;title&quot;:&quot;&quot;,&quot;orientation&quot;:&quot;1&quot;}\" data-image-title=\"DSC_0087\" data-image-description=\"\" data-image-caption=\"&lt;p&gt;V\u00e1rios desenhos nas paredes, desde lhamas a pessoas&lt;\/p&gt;\n\" data-large-file=\"https:\/\/i0.wp.com\/mundosemfim.com\/wp-content\/uploads\/2016\/04\/dsc_0087.jpg?fit=764%2C510&amp;ssl=1\" class=\"wp-image-1907 size-full\" src=\"https:\/\/i0.wp.com\/mundosemfim.com\/wp-content\/uploads\/2016\/04\/dsc_0087.jpg?resize=764%2C509&#038;ssl=1\" alt=\"V\u00e1rios desenhos nas paredes, desde lhamas a pessoas\" width=\"764\" height=\"509\" srcset=\"https:\/\/i0.wp.com\/mundosemfim.com\/wp-content\/uploads\/2016\/04\/dsc_0087.jpg?w=1080&amp;ssl=1 1080w, https:\/\/i0.wp.com\/mundosemfim.com\/wp-content\/uploads\/2016\/04\/dsc_0087.jpg?resize=300%2C200&amp;ssl=1 300w, https:\/\/i0.wp.com\/mundosemfim.com\/wp-content\/uploads\/2016\/04\/dsc_0087.jpg?resize=768%2C512&amp;ssl=1 768w, https:\/\/i0.wp.com\/mundosemfim.com\/wp-content\/uploads\/2016\/04\/dsc_0087.jpg?resize=1024%2C683&amp;ssl=1 1024w\" sizes=\"auto, (max-width: 764px) 100vw, 764px\" \/><figcaption id=\"caption-attachment-1907\" class=\"wp-caption-text\">V\u00e1rios desenhos nas paredes, desde lhamas a pessoas<\/figcaption><\/figure>\n<p>N\u00f3s fomos com a<a href=\"http:\/\/www.aylluatacama.com.br\" target=\"_blank\"> Ayllu Atacama<\/a>, empresa com quem fizemos todos os passeios em San Pedro e que \u00e9 focada no atendimento a brasileiros.<\/p>\n<p>Nosso guia, Dani, falava bem portugu\u00eas e foi fundamental para que entend\u00eassemos bem a hist\u00f3ria da regi\u00e3o!<\/p>\n<figure id=\"attachment_1879\" aria-describedby=\"caption-attachment-1879\" style=\"width: 1080px\" class=\"wp-caption alignnone\"><img data-recalc-dims=\"1\" loading=\"lazy\" decoding=\"async\" data-attachment-id=\"1879\" data-permalink=\"https:\/\/mundosemfim.com\/?attachment_id=1879\" data-orig-file=\"https:\/\/i0.wp.com\/mundosemfim.com\/wp-content\/uploads\/2016\/04\/dsc_0153.jpg?fit=1080%2C720&amp;ssl=1\" data-orig-size=\"1080,720\" data-comments-opened=\"1\" data-image-meta=\"{&quot;aperture&quot;:&quot;4&quot;,&quot;credit&quot;:&quot;&quot;,&quot;camera&quot;:&quot;NIKON D5200&quot;,&quot;caption&quot;:&quot;&quot;,&quot;created_timestamp&quot;:&quot;1460661328&quot;,&quot;copyright&quot;:&quot;&quot;,&quot;focal_length&quot;:&quot;18&quot;,&quot;iso&quot;:&quot;400&quot;,&quot;shutter_speed&quot;:&quot;0.04&quot;,&quot;title&quot;:&quot;&quot;,&quot;orientation&quot;:&quot;1&quot;}\" data-image-title=\"DSC_0153\" data-image-description=\"\" data-image-caption=\"&lt;p&gt;Mucuvinha com Dani, nosso guia!&lt;\/p&gt;\n\" data-large-file=\"https:\/\/i0.wp.com\/mundosemfim.com\/wp-content\/uploads\/2016\/04\/dsc_0153.jpg?fit=764%2C510&amp;ssl=1\" class=\"wp-image-1879 size-full\" src=\"https:\/\/omundosemfim.files.wordpress.com\/2016\/04\/dsc_0153.jpg?resize=764%2C509\" alt=\"Mucuvinha tirando onda com o \u00f3culos do Dani, nosso guia.\" width=\"764\" height=\"509\" srcset=\"https:\/\/i0.wp.com\/mundosemfim.com\/wp-content\/uploads\/2016\/04\/dsc_0153.jpg?w=1080&amp;ssl=1 1080w, https:\/\/i0.wp.com\/mundosemfim.com\/wp-content\/uploads\/2016\/04\/dsc_0153.jpg?resize=300%2C200&amp;ssl=1 300w, https:\/\/i0.wp.com\/mundosemfim.com\/wp-content\/uploads\/2016\/04\/dsc_0153.jpg?resize=768%2C512&amp;ssl=1 768w, https:\/\/i0.wp.com\/mundosemfim.com\/wp-content\/uploads\/2016\/04\/dsc_0153.jpg?resize=1024%2C683&amp;ssl=1 1024w\" sizes=\"auto, (max-width: 764px) 100vw, 764px\" \/><figcaption id=\"caption-attachment-1879\" class=\"wp-caption-text\">Mucuvinha tirando onda com o \u00f3culos do Dani, nosso guia.<\/figcaption><\/figure>\n<h3><b>Entrada<\/b><\/h3>\n<p>A entrada ao parque custa\u00a02 mil pesos. Estudantes (mesmo que brasileiros) ou pessoas com mais de 60 podem tentar pedir um desconto. Dependendo do humor de quem atende, o pre\u00e7o pode cair para mil.<\/p>\n<figure id=\"attachment_1910\" aria-describedby=\"caption-attachment-1910\" style=\"width: 1080px\" class=\"wp-caption alignnone\"><img data-recalc-dims=\"1\" loading=\"lazy\" decoding=\"async\" data-attachment-id=\"1910\" data-permalink=\"https:\/\/mundosemfim.com\/?attachment_id=1910\" data-orig-file=\"https:\/\/i0.wp.com\/mundosemfim.com\/wp-content\/uploads\/2016\/04\/dsc_0131.jpg?fit=1080%2C720&amp;ssl=1\" data-orig-size=\"1080,720\" data-comments-opened=\"1\" data-image-meta=\"{&quot;aperture&quot;:&quot;13&quot;,&quot;credit&quot;:&quot;&quot;,&quot;camera&quot;:&quot;NIKON D5200&quot;,&quot;caption&quot;:&quot;&quot;,&quot;created_timestamp&quot;:&quot;1460660496&quot;,&quot;copyright&quot;:&quot;&quot;,&quot;focal_length&quot;:&quot;18&quot;,&quot;iso&quot;:&quot;400&quot;,&quot;shutter_speed&quot;:&quot;0.005&quot;,&quot;title&quot;:&quot;&quot;,&quot;orientation&quot;:&quot;1&quot;}\" data-image-title=\"DSC_0131\" data-image-description=\"\" data-image-caption=\"&lt;p&gt;Muitas e muitas pedras para procurar os desenhos rupestres.&lt;\/p&gt;\n\" data-large-file=\"https:\/\/i0.wp.com\/mundosemfim.com\/wp-content\/uploads\/2016\/04\/dsc_0131.jpg?fit=764%2C510&amp;ssl=1\" class=\"wp-image-1910 size-full\" src=\"https:\/\/i0.wp.com\/mundosemfim.com\/wp-content\/uploads\/2016\/04\/dsc_0131.jpg?resize=764%2C509&#038;ssl=1\" alt=\"Muitas e muitas pedras para procurar os desenhos rupestres.\" width=\"764\" height=\"509\" srcset=\"https:\/\/i0.wp.com\/mundosemfim.com\/wp-content\/uploads\/2016\/04\/dsc_0131.jpg?w=1080&amp;ssl=1 1080w, https:\/\/i0.wp.com\/mundosemfim.com\/wp-content\/uploads\/2016\/04\/dsc_0131.jpg?resize=300%2C200&amp;ssl=1 300w, https:\/\/i0.wp.com\/mundosemfim.com\/wp-content\/uploads\/2016\/04\/dsc_0131.jpg?resize=768%2C512&amp;ssl=1 768w, https:\/\/i0.wp.com\/mundosemfim.com\/wp-content\/uploads\/2016\/04\/dsc_0131.jpg?resize=1024%2C683&amp;ssl=1 1024w\" sizes=\"auto, (max-width: 764px) 100vw, 764px\" \/><figcaption id=\"caption-attachment-1910\" class=\"wp-caption-text\">Muitas e muitas pedras para procurar os desenhos rupestres.<\/figcaption><\/figure>\n<figure id=\"attachment_1892\" aria-describedby=\"caption-attachment-1892\" style=\"width: 1080px\" class=\"wp-caption alignnone\"><img data-recalc-dims=\"1\" loading=\"lazy\" decoding=\"async\" data-attachment-id=\"1892\" data-permalink=\"https:\/\/mundosemfim.com\/?attachment_id=1892\" data-orig-file=\"https:\/\/i0.wp.com\/mundosemfim.com\/wp-content\/uploads\/2016\/04\/dsc_0140.jpg?fit=1080%2C720&amp;ssl=1\" data-orig-size=\"1080,720\" data-comments-opened=\"1\" data-image-meta=\"{&quot;aperture&quot;:&quot;13&quot;,&quot;credit&quot;:&quot;&quot;,&quot;camera&quot;:&quot;NIKON D5200&quot;,&quot;caption&quot;:&quot;&quot;,&quot;created_timestamp&quot;:&quot;1460660688&quot;,&quot;copyright&quot;:&quot;&quot;,&quot;focal_length&quot;:&quot;40&quot;,&quot;iso&quot;:&quot;400&quot;,&quot;shutter_speed&quot;:&quot;0.033333333333333&quot;,&quot;title&quot;:&quot;&quot;,&quot;orientation&quot;:&quot;1&quot;}\" data-image-title=\"DSC_0140\" data-image-description=\"\" data-image-caption=\"&lt;p&gt;Que animal representa este hier\u00f3glifo de duas cabe\u00e7as??&lt;\/p&gt;\n\" data-large-file=\"https:\/\/i0.wp.com\/mundosemfim.com\/wp-content\/uploads\/2016\/04\/dsc_0140.jpg?fit=764%2C510&amp;ssl=1\" class=\"wp-image-1892 size-full\" src=\"https:\/\/omundosemfim.files.wordpress.com\/2016\/04\/dsc_0140.jpg?resize=764%2C509\" alt=\"Hier\u00f3glifo de um animal de duas cabe\u00e7as em Yerbas Buenas, Atacama\" width=\"764\" height=\"509\" srcset=\"https:\/\/i0.wp.com\/mundosemfim.com\/wp-content\/uploads\/2016\/04\/dsc_0140.jpg?w=1080&amp;ssl=1 1080w, https:\/\/i0.wp.com\/mundosemfim.com\/wp-content\/uploads\/2016\/04\/dsc_0140.jpg?resize=300%2C200&amp;ssl=1 300w, https:\/\/i0.wp.com\/mundosemfim.com\/wp-content\/uploads\/2016\/04\/dsc_0140.jpg?resize=768%2C512&amp;ssl=1 768w, https:\/\/i0.wp.com\/mundosemfim.com\/wp-content\/uploads\/2016\/04\/dsc_0140.jpg?resize=1024%2C683&amp;ssl=1 1024w\" sizes=\"auto, (max-width: 764px) 100vw, 764px\" \/><figcaption id=\"caption-attachment-1892\" class=\"wp-caption-text\">Que animal representa este hier\u00f3glifo de duas cabe\u00e7as??<\/figcaption><\/figure>\n<p>&nbsp;<\/p>\n<p>Gostaram das dicas? \ud83d\ude42<br \/>\nConfiram tudo sobre\u00a0o Atacama <a href=\"https:\/\/mundosemfim.com\/san-pedro-de-atacama-tudo-o-que-voce-precisa-saber-para-aproveitar-ao-maximo-este-lugar-incrivel\/\"><strong>aqui<\/strong><\/a>!<\/p>\n<p>Para conhecer mais lugares e acompanhar nossa viagem de volta ao mundo, curtam nossa p\u00e1gina no face!<br \/>\n<a href=\"http:\/\/www.facebook.com\/mundosemfimoficial\">www.facebook.com\/mundosemfimoficial<\/a><\/p>\n","protected":false},"excerpt":{"rendered":"<p>Cada dia nos surpreendemos mais aqui em San Pedro de Atacama. Desta vez, vamos contar como foi visitar este s\u00edtio arqueol\u00f3gico, com hier\u00f3glifos grafados por popula\u00e7\u00f5es que viveram aqui h\u00e1 mais de 10 mil anos atr\u00e1s!<\/p>\n","protected":false},"author":1,"featured_media":1892,"comment_status":"open","ping_status":"open","sticky":false,"template":"","format":"standard","meta":{"jetpack_post_was_ever_published":false,"_jetpack_newsletter_access":"","_jetpack_dont_email_post_to_subs":true,"_jetpack_newsletter_tier_id":0,"_jetpack_memberships_contains_paywalled_content":false,"_jetpack_memberships_contains_paid_content":false,"footnotes":"","jetpack_publicize_message":"","jetpack_publicize_feature_enabled":true,"jetpack_social_post_already_shared":false,"jetpack_social_options":{"image_generator_settings":{"template":"highway","default_image_id":0,"font":"","enabled":false},"version":2}},"categories":[6,7,369,15,318,35,43],"tags":[74,132],"class_list":["post-1870","post","type-post","status-publish","format-standard","has-post-thumbnail","hentry","category-america-do-sul","category-america-latina","category-atacama","category-chile","category-deserto","category-historia","category-natureza","tag-atacama","tag-hieroglifos"],"yoast_head":"<!-- This site is optimized with the Yoast SEO plugin v27.5 - https:\/\/yoast.com\/product\/yoast-seo-wordpress\/ -->\n<title>Yerbas Buenas \u2013 um passeio arqueol\u00f3gico no Atacama - Mundo Sem Fim<\/title>\n<meta name=\"robots\" content=\"index, follow, max-snippet:-1, max-image-preview:large, max-video-preview:-1\" \/>\n<link rel=\"canonical\" href=\"https:\/\/mundosemfim.com\/?p=1870\" \/>\n<meta property=\"og:locale\" content=\"pt_BR\" \/>\n<meta property=\"og:type\" content=\"article\" \/>\n<meta property=\"og:title\" content=\"Yerbas Buenas \u2013 um passeio arqueol\u00f3gico no Atacama - Mundo Sem Fim\" \/>\n<meta property=\"og:description\" content=\"Cada dia nos surpreendemos mais aqui em San Pedro de Atacama. Desta vez, vamos contar como foi visitar este s\u00edtio arqueol\u00f3gico, com hier\u00f3glifos grafados por popula\u00e7\u00f5es que viveram aqui h\u00e1 mais de 10 mil anos atr\u00e1s!\" \/>\n<meta property=\"og:url\" content=\"https:\/\/mundosemfim.com\/?p=1870\" \/>\n<meta property=\"og:site_name\" content=\"Mundo Sem Fim\" \/>\n<meta property=\"article:publisher\" content=\"http:\/\/www.facebook.com\/mundosemfimoficial\" \/>\n<meta property=\"article:published_time\" content=\"2016-04-20T16:52:25+00:00\" \/>\n<meta property=\"article:modified_time\" content=\"2017-02-11T20:27:13+00:00\" \/>\n<meta property=\"og:image\" content=\"https:\/\/i0.wp.com\/mundosemfim.com\/wp-content\/uploads\/2016\/04\/dsc_0140.jpg?fit=1080%2C720&ssl=1\" \/>\n\t<meta property=\"og:image:width\" content=\"1080\" \/>\n\t<meta property=\"og:image:height\" content=\"720\" \/>\n\t<meta property=\"og:image:type\" content=\"image\/jpeg\" \/>\n<meta name=\"author\" content=\"Renan\" \/>\n<meta name=\"twitter:card\" content=\"summary_large_image\" \/>\n<meta name=\"twitter:label1\" content=\"Escrito por\" \/>\n\t<meta name=\"twitter:data1\" content=\"Renan\" \/>\n\t<meta name=\"twitter:label2\" content=\"Est. tempo de leitura\" \/>\n\t<meta name=\"twitter:data2\" content=\"4 minutos\" \/>\n<script type=\"application\/ld+json\" class=\"yoast-schema-graph\">{\"@context\":\"https:\\\/\\\/schema.org\",\"@graph\":[{\"@type\":\"Article\",\"@id\":\"https:\\\/\\\/mundosemfim.com\\\/?p=1870#article\",\"isPartOf\":{\"@id\":\"https:\\\/\\\/mundosemfim.com\\\/?p=1870\"},\"author\":{\"name\":\"Renan\",\"@id\":\"https:\\\/\\\/mundosemfim.com\\\/#\\\/schema\\\/person\\\/b021d50f3a19bae432e9b69ffbfa9257\"},\"headline\":\"Yerbas Buenas \u2013 um passeio arqueol\u00f3gico no Atacama\",\"datePublished\":\"2016-04-20T16:52:25+00:00\",\"dateModified\":\"2017-02-11T20:27:13+00:00\",\"mainEntityOfPage\":{\"@id\":\"https:\\\/\\\/mundosemfim.com\\\/?p=1870\"},\"wordCount\":733,\"commentCount\":2,\"image\":{\"@id\":\"https:\\\/\\\/mundosemfim.com\\\/?p=1870#primaryimage\"},\"thumbnailUrl\":\"https:\\\/\\\/i0.wp.com\\\/mundosemfim.com\\\/wp-content\\\/uploads\\\/2016\\\/04\\\/dsc_0140.jpg?fit=1080%2C720&ssl=1\",\"keywords\":[\"atacama\",\"hieroglifos\"],\"articleSection\":[\"Am\u00e9rica do Sul\",\"am\u00e9rica latina\",\"Atacama\",\"Chile\",\"deserto\",\"hist\u00f3ria\",\"natureza\"],\"inLanguage\":\"pt-BR\",\"potentialAction\":[{\"@type\":\"CommentAction\",\"name\":\"Comment\",\"target\":[\"https:\\\/\\\/mundosemfim.com\\\/?p=1870#respond\"]}]},{\"@type\":\"WebPage\",\"@id\":\"https:\\\/\\\/mundosemfim.com\\\/?p=1870\",\"url\":\"https:\\\/\\\/mundosemfim.com\\\/?p=1870\",\"name\":\"Yerbas Buenas \u2013 um passeio arqueol\u00f3gico no Atacama - Mundo Sem Fim\",\"isPartOf\":{\"@id\":\"https:\\\/\\\/mundosemfim.com\\\/#website\"},\"primaryImageOfPage\":{\"@id\":\"https:\\\/\\\/mundosemfim.com\\\/?p=1870#primaryimage\"},\"image\":{\"@id\":\"https:\\\/\\\/mundosemfim.com\\\/?p=1870#primaryimage\"},\"thumbnailUrl\":\"https:\\\/\\\/i0.wp.com\\\/mundosemfim.com\\\/wp-content\\\/uploads\\\/2016\\\/04\\\/dsc_0140.jpg?fit=1080%2C720&ssl=1\",\"datePublished\":\"2016-04-20T16:52:25+00:00\",\"dateModified\":\"2017-02-11T20:27:13+00:00\",\"author\":{\"@id\":\"https:\\\/\\\/mundosemfim.com\\\/#\\\/schema\\\/person\\\/b021d50f3a19bae432e9b69ffbfa9257\"},\"breadcrumb\":{\"@id\":\"https:\\\/\\\/mundosemfim.com\\\/?p=1870#breadcrumb\"},\"inLanguage\":\"pt-BR\",\"potentialAction\":[{\"@type\":\"ReadAction\",\"target\":[\"https:\\\/\\\/mundosemfim.com\\\/?p=1870\"]}]},{\"@type\":\"ImageObject\",\"inLanguage\":\"pt-BR\",\"@id\":\"https:\\\/\\\/mundosemfim.com\\\/?p=1870#primaryimage\",\"url\":\"https:\\\/\\\/i0.wp.com\\\/mundosemfim.com\\\/wp-content\\\/uploads\\\/2016\\\/04\\\/dsc_0140.jpg?fit=1080%2C720&ssl=1\",\"contentUrl\":\"https:\\\/\\\/i0.wp.com\\\/mundosemfim.com\\\/wp-content\\\/uploads\\\/2016\\\/04\\\/dsc_0140.jpg?fit=1080%2C720&ssl=1\",\"width\":1080,\"height\":720,\"caption\":\"Que animal representa este hier\u00f3glifo de duas cabe\u00e7as??\"},{\"@type\":\"BreadcrumbList\",\"@id\":\"https:\\\/\\\/mundosemfim.com\\\/?p=1870#breadcrumb\",\"itemListElement\":[{\"@type\":\"ListItem\",\"position\":1,\"name\":\"In\u00edcio\",\"item\":\"https:\\\/\\\/mundosemfim.com\\\/\"},{\"@type\":\"ListItem\",\"position\":2,\"name\":\"Yerbas Buenas \u2013 um passeio arqueol\u00f3gico no Atacama\"}]},{\"@type\":\"WebSite\",\"@id\":\"https:\\\/\\\/mundosemfim.com\\\/#website\",\"url\":\"https:\\\/\\\/mundosemfim.com\\\/\",\"name\":\"Mundo Sem Fim\",\"description\":\"uma viagem de volta ao mundo pelos 5 continentes!\",\"potentialAction\":[{\"@type\":\"SearchAction\",\"target\":{\"@type\":\"EntryPoint\",\"urlTemplate\":\"https:\\\/\\\/mundosemfim.com\\\/?s={search_term_string}\"},\"query-input\":{\"@type\":\"PropertyValueSpecification\",\"valueRequired\":true,\"valueName\":\"search_term_string\"}}],\"inLanguage\":\"pt-BR\"},{\"@type\":\"Person\",\"@id\":\"https:\\\/\\\/mundosemfim.com\\\/#\\\/schema\\\/person\\\/b021d50f3a19bae432e9b69ffbfa9257\",\"name\":\"Renan\",\"image\":{\"@type\":\"ImageObject\",\"inLanguage\":\"pt-BR\",\"@id\":\"https:\\\/\\\/secure.gravatar.com\\\/avatar\\\/faafca769a603ac75196d21826f3bda645d7e2d6306bb6e236d8cdb38eb44e38?s=96&d=mm&r=g\",\"url\":\"https:\\\/\\\/secure.gravatar.com\\\/avatar\\\/faafca769a603ac75196d21826f3bda645d7e2d6306bb6e236d8cdb38eb44e38?s=96&d=mm&r=g\",\"contentUrl\":\"https:\\\/\\\/secure.gravatar.com\\\/avatar\\\/faafca769a603ac75196d21826f3bda645d7e2d6306bb6e236d8cdb38eb44e38?s=96&d=mm&r=g\",\"caption\":\"Renan\"}}]}<\/script>\n<!-- \/ Yoast SEO plugin. -->","yoast_head_json":{"title":"Yerbas Buenas \u2013 um passeio arqueol\u00f3gico no Atacama - Mundo Sem Fim","robots":{"index":"index","follow":"follow","max-snippet":"max-snippet:-1","max-image-preview":"max-image-preview:large","max-video-preview":"max-video-preview:-1"},"canonical":"https:\/\/mundosemfim.com\/?p=1870","og_locale":"pt_BR","og_type":"article","og_title":"Yerbas Buenas \u2013 um passeio arqueol\u00f3gico no Atacama - Mundo Sem Fim","og_description":"Cada dia nos surpreendemos mais aqui em San Pedro de Atacama. Desta vez, vamos contar como foi visitar este s\u00edtio arqueol\u00f3gico, com hier\u00f3glifos grafados por popula\u00e7\u00f5es que viveram aqui h\u00e1 mais de 10 mil anos atr\u00e1s!","og_url":"https:\/\/mundosemfim.com\/?p=1870","og_site_name":"Mundo Sem Fim","article_publisher":"http:\/\/www.facebook.com\/mundosemfimoficial","article_published_time":"2016-04-20T16:52:25+00:00","article_modified_time":"2017-02-11T20:27:13+00:00","og_image":[{"width":1080,"height":720,"url":"https:\/\/i0.wp.com\/mundosemfim.com\/wp-content\/uploads\/2016\/04\/dsc_0140.jpg?fit=1080%2C720&ssl=1","type":"image\/jpeg"}],"author":"Renan","twitter_card":"summary_large_image","twitter_misc":{"Escrito por":"Renan","Est. tempo de leitura":"4 minutos"},"schema":{"@context":"https:\/\/schema.org","@graph":[{"@type":"Article","@id":"https:\/\/mundosemfim.com\/?p=1870#article","isPartOf":{"@id":"https:\/\/mundosemfim.com\/?p=1870"},"author":{"name":"Renan","@id":"https:\/\/mundosemfim.com\/#\/schema\/person\/b021d50f3a19bae432e9b69ffbfa9257"},"headline":"Yerbas Buenas \u2013 um passeio arqueol\u00f3gico no Atacama","datePublished":"2016-04-20T16:52:25+00:00","dateModified":"2017-02-11T20:27:13+00:00","mainEntityOfPage":{"@id":"https:\/\/mundosemfim.com\/?p=1870"},"wordCount":733,"commentCount":2,"image":{"@id":"https:\/\/mundosemfim.com\/?p=1870#primaryimage"},"thumbnailUrl":"https:\/\/i0.wp.com\/mundosemfim.com\/wp-content\/uploads\/2016\/04\/dsc_0140.jpg?fit=1080%2C720&ssl=1","keywords":["atacama","hieroglifos"],"articleSection":["Am\u00e9rica do Sul","am\u00e9rica latina","Atacama","Chile","deserto","hist\u00f3ria","natureza"],"inLanguage":"pt-BR","potentialAction":[{"@type":"CommentAction","name":"Comment","target":["https:\/\/mundosemfim.com\/?p=1870#respond"]}]},{"@type":"WebPage","@id":"https:\/\/mundosemfim.com\/?p=1870","url":"https:\/\/mundosemfim.com\/?p=1870","name":"Yerbas Buenas \u2013 um passeio arqueol\u00f3gico no Atacama - Mundo Sem Fim","isPartOf":{"@id":"https:\/\/mundosemfim.com\/#website"},"primaryImageOfPage":{"@id":"https:\/\/mundosemfim.com\/?p=1870#primaryimage"},"image":{"@id":"https:\/\/mundosemfim.com\/?p=1870#primaryimage"},"thumbnailUrl":"https:\/\/i0.wp.com\/mundosemfim.com\/wp-content\/uploads\/2016\/04\/dsc_0140.jpg?fit=1080%2C720&ssl=1","datePublished":"2016-04-20T16:52:25+00:00","dateModified":"2017-02-11T20:27:13+00:00","author":{"@id":"https:\/\/mundosemfim.com\/#\/schema\/person\/b021d50f3a19bae432e9b69ffbfa9257"},"breadcrumb":{"@id":"https:\/\/mundosemfim.com\/?p=1870#breadcrumb"},"inLanguage":"pt-BR","potentialAction":[{"@type":"ReadAction","target":["https:\/\/mundosemfim.com\/?p=1870"]}]},{"@type":"ImageObject","inLanguage":"pt-BR","@id":"https:\/\/mundosemfim.com\/?p=1870#primaryimage","url":"https:\/\/i0.wp.com\/mundosemfim.com\/wp-content\/uploads\/2016\/04\/dsc_0140.jpg?fit=1080%2C720&ssl=1","contentUrl":"https:\/\/i0.wp.com\/mundosemfim.com\/wp-content\/uploads\/2016\/04\/dsc_0140.jpg?fit=1080%2C720&ssl=1","width":1080,"height":720,"caption":"Que animal representa este hier\u00f3glifo de duas cabe\u00e7as??"},{"@type":"BreadcrumbList","@id":"https:\/\/mundosemfim.com\/?p=1870#breadcrumb","itemListElement":[{"@type":"ListItem","position":1,"name":"In\u00edcio","item":"https:\/\/mundosemfim.com\/"},{"@type":"ListItem","position":2,"name":"Yerbas Buenas \u2013 um passeio arqueol\u00f3gico no Atacama"}]},{"@type":"WebSite","@id":"https:\/\/mundosemfim.com\/#website","url":"https:\/\/mundosemfim.com\/","name":"Mundo Sem Fim","description":"uma viagem de volta ao mundo pelos 5 continentes!","potentialAction":[{"@type":"SearchAction","target":{"@type":"EntryPoint","urlTemplate":"https:\/\/mundosemfim.com\/?s={search_term_string}"},"query-input":{"@type":"PropertyValueSpecification","valueRequired":true,"valueName":"search_term_string"}}],"inLanguage":"pt-BR"},{"@type":"Person","@id":"https:\/\/mundosemfim.com\/#\/schema\/person\/b021d50f3a19bae432e9b69ffbfa9257","name":"Renan","image":{"@type":"ImageObject","inLanguage":"pt-BR","@id":"https:\/\/secure.gravatar.com\/avatar\/faafca769a603ac75196d21826f3bda645d7e2d6306bb6e236d8cdb38eb44e38?s=96&d=mm&r=g","url":"https:\/\/secure.gravatar.com\/avatar\/faafca769a603ac75196d21826f3bda645d7e2d6306bb6e236d8cdb38eb44e38?s=96&d=mm&r=g","contentUrl":"https:\/\/secure.gravatar.com\/avatar\/faafca769a603ac75196d21826f3bda645d7e2d6306bb6e236d8cdb38eb44e38?s=96&d=mm&r=g","caption":"Renan"}}]}},"jetpack_publicize_connections":[],"jetpack_featured_media_url":"https:\/\/i0.wp.com\/mundosemfim.com\/wp-content\/uploads\/2016\/04\/dsc_0140.jpg?fit=1080%2C720&ssl=1","jetpack_sharing_enabled":true,"jetpack_shortlink":"https:\/\/wp.me\/p7CQyF-ua","jetpack-related-posts":[{"id":1915,"url":"https:\/\/mundosemfim.com\/?p=1915","url_meta":{"origin":1870,"position":0},"title":"Vale do arco-\u00edris \u2013 um passeio encantador e pouco conhecido no Atacama","author":"Renan","date":"abril 20, 2016","format":false,"excerpt":"Ainda pouco popular entre os viajantes que passeiam por San Pedro de Atacama, o Valle del Arco\u00edris encanta pela sua beleza e pela tranquilidade que reina no local. Venha conhec\u00ea-lo com a gente! Refer\u00eancia (abril\/2016) 1 real =185 pesos chilenos Como chegar O Valle del Arco\u00edris (ou Vale do Arco-\u00edris)\u2026","rel":"","context":"Em &quot;Am\u00e9rica do Sul&quot;","block_context":{"text":"Am\u00e9rica do Sul","link":"https:\/\/mundosemfim.com\/?cat=6"},"img":{"alt_text":"","src":"https:\/\/i0.wp.com\/mundosemfim.com\/wp-content\/uploads\/2016\/04\/dsc_00231.jpg?fit=1140%2C760&ssl=1&resize=350%2C200","width":350,"height":200,"srcset":"https:\/\/i0.wp.com\/mundosemfim.com\/wp-content\/uploads\/2016\/04\/dsc_00231.jpg?fit=1140%2C760&ssl=1&resize=350%2C200 1x, https:\/\/i0.wp.com\/mundosemfim.com\/wp-content\/uploads\/2016\/04\/dsc_00231.jpg?fit=1140%2C760&ssl=1&resize=525%2C300 1.5x, https:\/\/i0.wp.com\/mundosemfim.com\/wp-content\/uploads\/2016\/04\/dsc_00231.jpg?fit=1140%2C760&ssl=1&resize=700%2C400 2x, https:\/\/i0.wp.com\/mundosemfim.com\/wp-content\/uploads\/2016\/04\/dsc_00231.jpg?fit=1140%2C760&ssl=1&resize=1050%2C600 3x"},"classes":[]},{"id":2173,"url":"https:\/\/mundosemfim.com\/?p=2173","url_meta":{"origin":1870,"position":1},"title":"San Pedro de Atacama \u2013 tudo o que voc\u00ea precisa saber sobre este lugar incr\u00edvel!","author":"Renan","date":"abril 28, 2016","format":false,"excerpt":"Um pequeno o\u00e1sis no meio do deserto mais \u00e1rido do mundo, rodeado por paisagens que parecem de outro planeta: assim \u00e9 San Pedro! Tivemos o privil\u00e9gio de passar 15 dias nesta linda cidade, e exploramos cada canto para compartilhar todas as dicas com voc\u00eas! Refer\u00eancia 1 real \u2013 185 pesos\u2026","rel":"","context":"Em &quot;Am\u00e9rica do Sul&quot;","block_context":{"text":"Am\u00e9rica do Sul","link":"https:\/\/mundosemfim.com\/?cat=6"},"img":{"alt_text":"","src":"https:\/\/i0.wp.com\/mundosemfim.com\/wp-content\/uploads\/2016\/04\/dsc_0031.jpg?fit=960%2C640&ssl=1&resize=350%2C200","width":350,"height":200,"srcset":"https:\/\/i0.wp.com\/mundosemfim.com\/wp-content\/uploads\/2016\/04\/dsc_0031.jpg?fit=960%2C640&ssl=1&resize=350%2C200 1x, https:\/\/i0.wp.com\/mundosemfim.com\/wp-content\/uploads\/2016\/04\/dsc_0031.jpg?fit=960%2C640&ssl=1&resize=525%2C300 1.5x, https:\/\/i0.wp.com\/mundosemfim.com\/wp-content\/uploads\/2016\/04\/dsc_0031.jpg?fit=960%2C640&ssl=1&resize=700%2C400 2x"},"classes":[]},{"id":1726,"url":"https:\/\/mundosemfim.com\/?p=1726","url_meta":{"origin":1870,"position":2},"title":"Piedras Rojas e Lagunas Altipl\u00e2nicas \u2013 um dos tours mais impressionantes do Atacama!","author":"Renan","date":"abril 16, 2016","format":false,"excerpt":"Seguindo nosso roteiro pelo Atacama, tivemos desta vez o privil\u00e9gio de conhecer as Piedras Rojas e as Lagunas Altipl\u00e2nicas, e vamos compartilhar com voc\u00eas todas as informa\u00e7\u00f5es deste passeio imperd\u00edvel! Refer\u00eancia 1 real \u2013 185 pesos chilenos (abril\/2016) \u00a0 Localizada a\u00a0cerca de 150km de San Pedro de Atacama, pr\u00f3ximo \u00e0\u2026","rel":"","context":"Em &quot;Am\u00e9rica do Sul&quot;","block_context":{"text":"Am\u00e9rica do Sul","link":"https:\/\/mundosemfim.com\/?cat=6"},"img":{"alt_text":"","src":"https:\/\/i0.wp.com\/mundosemfim.com\/wp-content\/uploads\/2016\/04\/dsc_0167.jpg?fit=1140%2C760&ssl=1&resize=350%2C200","width":350,"height":200,"srcset":"https:\/\/i0.wp.com\/mundosemfim.com\/wp-content\/uploads\/2016\/04\/dsc_0167.jpg?fit=1140%2C760&ssl=1&resize=350%2C200 1x, https:\/\/i0.wp.com\/mundosemfim.com\/wp-content\/uploads\/2016\/04\/dsc_0167.jpg?fit=1140%2C760&ssl=1&resize=525%2C300 1.5x, https:\/\/i0.wp.com\/mundosemfim.com\/wp-content\/uploads\/2016\/04\/dsc_0167.jpg?fit=1140%2C760&ssl=1&resize=700%2C400 2x, https:\/\/i0.wp.com\/mundosemfim.com\/wp-content\/uploads\/2016\/04\/dsc_0167.jpg?fit=1140%2C760&ssl=1&resize=1050%2C600 3x"},"classes":[]},{"id":1638,"url":"https:\/\/mundosemfim.com\/?p=1638","url_meta":{"origin":1870,"position":3},"title":"Salar de Tara &#8211; um dos tours mais bonitos do Atacama","author":"Renan","date":"abril 13, 2016","format":false,"excerpt":"Este foi nosso segundo tour partindo de San Pedro de Atacama e, temos que dizer, este lugar nos surpreende a cada dia! Aqui contamos um pouco como \u00e9 este tour imperd\u00edvel! Um pouco do lugar O Salar de Tara est\u00e1 localizado a cerca de 135km de San Pedro, bem pr\u00f3ximo\u2026","rel":"","context":"Em &quot;Am\u00e9rica do Sul&quot;","block_context":{"text":"Am\u00e9rica do Sul","link":"https:\/\/mundosemfim.com\/?cat=6"},"img":{"alt_text":"","src":"https:\/\/i0.wp.com\/mundosemfim.com\/wp-content\/uploads\/2016\/04\/dsc_0184.jpg?fit=1200%2C800&ssl=1&resize=350%2C200","width":350,"height":200,"srcset":"https:\/\/i0.wp.com\/mundosemfim.com\/wp-content\/uploads\/2016\/04\/dsc_0184.jpg?fit=1200%2C800&ssl=1&resize=350%2C200 1x, https:\/\/i0.wp.com\/mundosemfim.com\/wp-content\/uploads\/2016\/04\/dsc_0184.jpg?fit=1200%2C800&ssl=1&resize=525%2C300 1.5x, https:\/\/i0.wp.com\/mundosemfim.com\/wp-content\/uploads\/2016\/04\/dsc_0184.jpg?fit=1200%2C800&ssl=1&resize=700%2C400 2x, https:\/\/i0.wp.com\/mundosemfim.com\/wp-content\/uploads\/2016\/04\/dsc_0184.jpg?fit=1200%2C800&ssl=1&resize=1050%2C600 3x"},"classes":[]},{"id":1569,"url":"https:\/\/mundosemfim.com\/?p=1569","url_meta":{"origin":1870,"position":4},"title":"Conhecendo o Valle de la Luna e Valle de la Muerte no Atacama","author":"Renan","date":"abril 9, 2016","format":false,"excerpt":"Ol\u00e1 pessoal! Finalmente fizemos nosso primeiro passeio neste lugar incr\u00edvel chamado Atacama. O Valle de la Luna e Valle de la Muerte s\u00e3o dois lugares imperd\u00edveis para quem vier para c\u00e1, e aqui detalhamos como foi nosso passeio! Refer\u00eancia (abril\/2016) 1 real = 190 pesos chilenos Conhecendo um pouco do\u2026","rel":"","context":"Em &quot;Am\u00e9rica do Sul&quot;","block_context":{"text":"Am\u00e9rica do Sul","link":"https:\/\/mundosemfim.com\/?cat=6"},"img":{"alt_text":"","src":"https:\/\/i0.wp.com\/mundosemfim.com\/wp-content\/uploads\/2016\/04\/dsc_0051.jpg?fit=1200%2C540&ssl=1&resize=350%2C200","width":350,"height":200,"srcset":"https:\/\/i0.wp.com\/mundosemfim.com\/wp-content\/uploads\/2016\/04\/dsc_0051.jpg?fit=1200%2C540&ssl=1&resize=350%2C200 1x, https:\/\/i0.wp.com\/mundosemfim.com\/wp-content\/uploads\/2016\/04\/dsc_0051.jpg?fit=1200%2C540&ssl=1&resize=525%2C300 1.5x, https:\/\/i0.wp.com\/mundosemfim.com\/wp-content\/uploads\/2016\/04\/dsc_0051.jpg?fit=1200%2C540&ssl=1&resize=700%2C400 2x, https:\/\/i0.wp.com\/mundosemfim.com\/wp-content\/uploads\/2016\/04\/dsc_0051.jpg?fit=1200%2C540&ssl=1&resize=1050%2C600 3x"},"classes":[]},{"id":1958,"url":"https:\/\/mundosemfim.com\/?p=1958","url_meta":{"origin":1870,"position":5},"title":"Geisers el Tatio \u2013 o passeio mais procurado no Atacama!","author":"Renan","date":"abril 21, 2016","format":false,"excerpt":"Se voc\u00ea estivesse no Atacama e pudesse fazer apenas um passeio, indicar\u00edamos os Geisers el Tatio. O encanto deste lugar n\u00e3o est\u00e1 apenas na beleza em si (\u00e9 dif\u00edcil escolher qual o destino mais bonito do deserto), mas sim no fato de ele ser diferente de tudo o que voc\u00ea\u2026","rel":"","context":"Em &quot;Am\u00e9rica do Sul&quot;","block_context":{"text":"Am\u00e9rica do Sul","link":"https:\/\/mundosemfim.com\/?cat=6"},"img":{"alt_text":"","src":"https:\/\/i0.wp.com\/mundosemfim.com\/wp-content\/uploads\/2016\/04\/dsc_0058.jpg?fit=1080%2C720&ssl=1&resize=350%2C200","width":350,"height":200,"srcset":"https:\/\/i0.wp.com\/mundosemfim.com\/wp-content\/uploads\/2016\/04\/dsc_0058.jpg?fit=1080%2C720&ssl=1&resize=350%2C200 1x, https:\/\/i0.wp.com\/mundosemfim.com\/wp-content\/uploads\/2016\/04\/dsc_0058.jpg?fit=1080%2C720&ssl=1&resize=525%2C300 1.5x, https:\/\/i0.wp.com\/mundosemfim.com\/wp-content\/uploads\/2016\/04\/dsc_0058.jpg?fit=1080%2C720&ssl=1&resize=700%2C400 2x, https:\/\/i0.wp.com\/mundosemfim.com\/wp-content\/uploads\/2016\/04\/dsc_0058.jpg?fit=1080%2C720&ssl=1&resize=1050%2C600 3x"},"classes":[]}],"_links":{"self":[{"href":"https:\/\/mundosemfim.com\/index.php?rest_route=\/wp\/v2\/posts\/1870","targetHints":{"allow":["GET"]}}],"collection":[{"href":"https:\/\/mundosemfim.com\/index.php?rest_route=\/wp\/v2\/posts"}],"about":[{"href":"https:\/\/mundosemfim.com\/index.php?rest_route=\/wp\/v2\/types\/post"}],"author":[{"embeddable":true,"href":"https:\/\/mundosemfim.com\/index.php?rest_route=\/wp\/v2\/users\/1"}],"replies":[{"embeddable":true,"href":"https:\/\/mundosemfim.com\/index.php?rest_route=%2Fwp%2Fv2%2Fcomments&post=1870"}],"version-history":[{"count":4,"href":"https:\/\/mundosemfim.com\/index.php?rest_route=\/wp\/v2\/posts\/1870\/revisions"}],"predecessor-version":[{"id":5181,"href":"https:\/\/mundosemfim.com\/index.php?rest_route=\/wp\/v2\/posts\/1870\/revisions\/5181"}],"wp:featuredmedia":[{"embeddable":true,"href":"https:\/\/mundosemfim.com\/index.php?rest_route=\/wp\/v2\/media\/1892"}],"wp:attachment":[{"href":"https:\/\/mundosemfim.com\/index.php?rest_route=%2Fwp%2Fv2%2Fmedia&parent=1870"}],"wp:term":[{"taxonomy":"category","embeddable":true,"href":"https:\/\/mundosemfim.com\/index.php?rest_route=%2Fwp%2Fv2%2Fcategories&post=1870"},{"taxonomy":"post_tag","embeddable":true,"href":"https:\/\/mundosemfim.com\/index.php?rest_route=%2Fwp%2Fv2%2Ftags&post=1870"}],"curies":[{"name":"wp","href":"https:\/\/api.w.org\/{rel}","templated":true}]}}